{"administration":"pref83","administration_name":"Pr\u00e9fecture du Var","content":"VAR\nRECUEIL DES ACTES\nADMINISTRATIFS\nN\u00b083-2026-039\nPUBLI\u00c9 LE 30 JANVIER 2026\nSommaire\nAgence r\u00e9gionale de sant\u00e9 PACA /\n83-2026-01-29-00004 - arr\u00eat\u00e9 portant refus centre de sant\u00e9 Polycare\nSaint Zacharie (3 pages) Page 4\nDirection d\u00e9partementale de l'emploi, du travail et des solidarit\u00e9s du Var\n/\n83-2026-01-05-00009 - R\u00e9c\u00e9piss\u00e9 de d\u00e9claration\nd'un organisme\nde services \u00e0 la personne (2 pages) Page 8\nDirection d\u00e9partementale de l'emploi, du travail et des solidarit\u00e9s du Var\n/ Service acc\u00e8s au logement de la DDETS\n83-2026-01-30-00001 - Arr\u00eat\u00e9 pr\u00e9fectoral n\u00b0 DDETS-SAL-83-2026 du\n30 janvier 2026 portant agr\u00e9ment de l'association Olbia Var\nAppartements \nau titre de l'article L.365-4 du code de la construction\net de l'habitation (3 pages) Page 11\nDirection d\u00e9partementale des finances publiques du Var /\n83-2026-01-29-00005 - Arr\u00eat\u00e9 am\u00e9nageant les plafonds de\nd\u00e9l\u00e9gation 29 01 2026  (2 pages) Page 15\nDirection des services d\u00e9partementaux de l'\u00e9ducation nationale du Var /\nDirection de la DSDEN du Var\n83-2026-01-20-00007 - avenant sign\u00e9 n\u00b0 8  FCPE  et SNALC CDEN 83 (2\npages) Page 18\nPr\u00e9fecture du VAR / Direction de la citoyennet\u00e9 et de la l\u00e9galit\u00e9\n83-2026-01-30-00007 - ARR\u00caT\u00c9 PR\u00c9FECTORAL n\u00b0\nDCL/BERG/2026/0006 du 30 janvier 2026 portant renouvellement de\nl'habilitation de l'\u00e9tablissement\n\u00ab\u00a0POMPES FUN\u00c8BRES\nCRISTOL GHIO\u00a0\u00bb\n765 boulevard Jean Moulin - 83700\nSAINT-RAPHA\u00cbL g\u00e9r\u00e9 par la SAS \u00ab\u00a0FUNECAP SUD-EST\u00a0\u00bb (3\npages) Page 21\n83-2026-01-30-00005 - ARR\u00caT\u00c9 PR\u00c9FECTORAL n\u00b0\nDCL/BERG/2026/0007 du 30 janvier 2026 portant renouvellement\nd'habilitation de l'\u00e9tablissement \u00ab\u00a0ROC ECLERC\u00a0\u00bb 19\nboulevard Jean-Jaur\u00e8s - 83300 DRAGUIGNAN g\u00e9r\u00e9 par la SAS\n\u00ab\u00a0FUNECAP SUD-EST\u00a0\u00bb (3 pages) Page 25\n83-2026-01-30-00004 - ARR\u00caT\u00c9 PR\u00c9FECTORAL n\u00b0\nDCL/BERG/2026/0012 du 30 janvier 2026 modifiant l'arr\u00eat\u00e9\npr\u00e9fectoral n\u00b0 DCL/BERG/2025/0298 du 24 d\u00e9cembre 2025 fixant la\nliste des publications de presse et services de presse en ligne\nhabilit\u00e9s\n\u00e0 recevoir les annonces judiciaires et l\u00e9gales pour l'ann\u00e9e 2026 (2\npages) Page 29\n2\n83-2026-01-30-00006 - ARR\u00caT\u00c9 PR\u00c9FECTORAL n\u00b0\nDCL/BERG/2026/0032 du 30 janvier 2026 portant renouvellement\nd'habilitation de l'\u00e9tablissement \u00ab\u00a0STE FUNERAL\u00a0\u00bb\nsitu\u00e9\n1233 Chemin du Rouquier - 83500 LA SEYNE-SUR-MER g\u00e9r\u00e9 par la\nSAS \u00ab\u00a0STE FUNERAL\u00a0\u00bb (2 pages) Page 32\nPr\u00e9fecture du VAR / Direction des s\u00e9curit\u00e9s\n83-2026-01-30-00003 - ARR\u00caT\u00c9 PR\u00c9FECTORAL n\u00b0\n2026/BSP/PP/002\ninstaurant un p\u00e9rim\u00e8tre de protection \u00e0 Toulon\naux abords et sur le parvis du Stade F\u00e9lix Mayol (6 pages) Page 35\nSous-pr\u00e9fecture de Brignoles / Bureau de l'ing\u00e9nierie territoriale SP\nBrignoles\n83-2026-01-28-00002 - AP portant autorisation d'enfouissement de ligne\n\u00e9lectrique au sein de la r\u00e9serve naturelle nationale de la plaine des\nMaures sur la commune du Cannet-des-Maures (3 pages) Page 42\n3\nAgence r\u00e9gionale de sant\u00e9 PACA\n83-2026-01-29-00004\narr\u00eat\u00e9 portant refus centre de sant\u00e9 Polycare\nSaint Zacharie\nAgence r\u00e9gionale de sant\u00e9 PACA - 83-2026-01-29-00004 - arr\u00eat\u00e9 portant refus centre de sant\u00e9 Polycare Saint Zacharie 4\nREPUBLIQUEFRANCAISELibert\u00e9Egalit\u00e9Fraternit\u00e9\nAT@ D Agence R\u00e9gionale de Sant\u00e9Provence-AlpesC\u00f4te d'Azur\nAgence r\u00e9gionale de sant\u00e9 Provence-Alpes-C\u00f4te d'Azur-Si\u00e8ge : 132, boulevard de Paris - CS 50039 - 13331 Marseille Cedex 03 \nT\u00e9l 04.13.55.80.10 / Fax : 04.13.55.80.40   \nhttp:// www.ars.paca.sante.fr                       Page 1/3 \n \n \n \n \n \n \n \n \n \n \n \n \nArr\u00eat\u00e9 portant refus d'agr\u00e9ment provisoire  \nCentre de sant\u00e9 POLYCARE  \nSaint Zacharie (83) \n \n \nLe Directeur G\u00e9n\u00e9ral de l'Agence R\u00e9gionale de Sant\u00e9 Provence-Alpes-C\u00f4te \nd'Azur \n \n \n \nVu le code de la sant\u00e9 publique et notamment ses articles L.6323 -1 \u00e0 L.6323 -1-15 et D.6323 -1 \u00e0 \nD.6323-12 ; \n \nVu le code de la s\u00e9curit\u00e9 sociale ;  \n \nVu la loi n\u00b02023-378 du 19 mai 2023 visant \u00e0 am\u00e9liorer l'encadrement des centres de sant\u00e9  ; \n \nVu le d\u00e9cret n\u00b02010-336 du 31 mars 2010 portant cr\u00e9ation des agences r\u00e9gionales de sant\u00e9 ; \n \nVu le d\u00e9cret du 20 juin 2024 visant \u00e0 am\u00e9liorer l'encadrement des centres de sant\u00e9  ; \n \nVu le d\u00e9cret du 16 juillet 2024 portant nomination de Monsieur Yann BUBIEN en qualit\u00e9 de directeur \ng\u00e9n\u00e9ral de l'agence r\u00e9gionale de sant\u00e9 Provence-Alpes-C\u00f4te d'Azur ; \n \nVu l'arr\u00eat\u00e9 du 27 f\u00e9vrier 2018 relatif aux centres de sant\u00e9, modifi\u00e9 par l'arr\u00eat\u00e9 du 20 juin 2024 ; \n \nVu l'arr\u00eat\u00e9 du 26 octobre 2023 du Directeur g\u00e9n\u00e9ral de l'agence r\u00e9gionale de sant\u00e9 Provence-Alpes-\nC\u00f4te d'Azur, portant adoption du Projet R\u00e9gional de Sant\u00e9 Provence-Alpes-C\u00f4te d'Azur 2023-2028 ; \n \nVu le dossier adress\u00e9 le 16 juillet 2025 sur la Plateforme num\u00e9rique d\u00e9di\u00e9e \u00ab D\u00e9marches num\u00e9riques \u00bb, \npar Monsieur Thiery VIALA, repr\u00e9sentant l\u00e9gal de l'Association Polycare Sant\u00e9 (A.P.S), sise , Centre \nd'affaires VAL DURANCE , Sarl Lotissement commercial les Bertranes, route d'Aix, 84120 Pertuis,  \ngestionnaire du centre de sant\u00e9 POLYCARE, sis, 1 boulevard de la Tomette, 83640 Sain-Zacharie, aux \nfins d'obtenir un agr\u00e9ment provisoire pour exercer une activit\u00e9 dentaire au sein de ce centre ; \n \nVu les demandes de communication d'informations ou pi\u00e8ces compl\u00e9mentaires de l'agence r\u00e9gionale \nde sant\u00e9 en date des 27 octobre, 4 novembre, 2 et 24 d\u00e9cembre 2025, aupr\u00e8s du gestionnaire du centre \nde sant\u00e9 POLYCARE ; \n \nVu les r\u00e9ponses apport\u00e9es par le gestionnaire du centre de sant\u00e9 POLYCARE et notamment la derni\u00e8re \nen date du 16 janvier 2025 ;  \n \nConsid\u00e9rant qu'en application de l'article L.6323 -1-11 du code de la sant\u00e9 publique, les centres de \nsant\u00e9 ou leurs antennes ayant une activit\u00e9 dentaire, ophtalmologique ou orthoptique sont soumis, \u00e0 \nl'agr\u00e9ment du directeur g\u00e9n\u00e9ral de l'agence r\u00e9gionale de sant\u00e9  ; qu'\u00e0 cet effet, le repr\u00e9sentant l\u00e9gal de \nl'organisme gestionnaire adresse au directeur g\u00e9n\u00e9ral de l'agence r\u00e9gionale de sant\u00e9 un dossier en vue \nde l'obtention de cet agr\u00e9ment ; \nAgence r\u00e9gionale de sant\u00e9 PACA - 83-2026-01-29-00004 - arr\u00eat\u00e9 portant refus centre de sant\u00e9 Polycare Saint Zacharie 5\nAgence r\u00e9gionale de sant\u00e9 Provence-Alpes-C\u00f4te d'Azur-Si\u00e8ge : 132, boulevard de Paris - CS 50039 - 13331 Marseille Cedex 03 \nT\u00e9l 04.13.55.80.10 / Fax : 04.13.55.80.40   \nhttp:// www.ars.paca.sante.fr                       Page 2/3 \n \n \nConsid\u00e9rant qu'aux termes de l'article L.6323-1-3 du code de la sant\u00e9 publique , les centres de sant\u00e9 \nsont cr\u00e9\u00e9s et g\u00e9r\u00e9s par des organismes \u00e0 but non lucratif ; \n \nConsid\u00e9rant que l 'analyse des  pi\u00e8ces communiqu\u00e9es par le repr\u00e9sentant l\u00e9gal de l'association \ngestionnaire du centre de sant\u00e9 POLYCARE \u00e0 Saint-Zacharie fait appara\u00eetre que la gestion de ce centre \nrel\u00e8ve en r\u00e9alit\u00e9 d'une soci\u00e9t\u00e9 tierce, la SAS P\u00f4le M\u00e9dical de Provence, avec laquelle il a \ncontractualis\u00e9 ; \n \nConsid\u00e9rant que l'ARS a alert\u00e9 \u00e0 plusieurs reprises le gestionnaire du centre de sant\u00e9 sur la non -\nconformit\u00e9 manifeste de sa gestion avec les dispositions de l'article L.6323-1-3 pr\u00e9cit\u00e9 ; \n \nConsid\u00e9rant que, nonobstant les observations r\u00e9it\u00e9r\u00e9es de l'ARS Provence -Alpes-C\u00f4te d'Azur, la \nderni\u00e8re version du contrat liant l'association gestionnaire du centre de sant\u00e9 avec la soci\u00e9t\u00e9 tierce, \ncommuniqu\u00e9e le 16 janvier 2026, \u00e9tablit toujours une gestion non conforme avec un fonctionnement \nassociatif et pr\u00e9voit, de surcro\u00eet, une r\u00e9mun\u00e9ration fixe et variable, li\u00e9e \u00e0 la performance et corr\u00e9l\u00e9e au \nchiffre d'affaires du centre de sant\u00e9 ; \n \nConsid\u00e9rant en outre, qu'aux termes de l'article D.6323 -3 du code de la sant\u00e9 publique \u00ab  les locaux, \nles installations mat\u00e9rielles, l'organisation des soins, l'exp\u00e9rience et la qualification du personnel des \ncentres de sant\u00e9 permettent d'assurer la s\u00e9curit\u00e9 des patients et la qualit\u00e9 des soins  \u00bb ; qu'aux termes \nde l'article D.6323 -7 du code de la sant\u00e9 publique \u00ab  les centres de sant\u00e9 disposent de locaux et \nd'installations mat\u00e9rielles permettant d'assurer aux patients des conditions d'accessibilit\u00e9, de s\u00e9curit\u00e9 \net d'hygi\u00e8ne conformes aux normes en vigueur \u00bb; \n \nConsid\u00e9rant, en effet , que l'analyse du projet de sant\u00e9 communiqu\u00e9 r\u00e9v\u00e8le que les conditions de \nfonctionnement du centre de sant\u00e9 ne permettent pas de s'assurer que la qualit\u00e9 et la s\u00e9curit\u00e9 des soins \nprodigu\u00e9s aux patients seront garanties (absence d'assistante dentaire, impr\u00e9cisions sur les plans, sur \nle local technique, la ventilation, la salle de st\u00e9rilisation, absence de description des op\u00e9rations \nd'entretiens des salles de soins, du fauteuil dentaire, de l'Unit et aspiration, indications sur le processus \nde st\u00e9rilisation largement insuffisantes) ;  \n \nConsid\u00e9rant que ces non -conformit\u00e9s attestent d'une  absence de  respect des r\u00e8gles de bonnes \npratiques de st\u00e9rilisation des dispositifs m\u00e9dicaux , d'une absence de respect  des r\u00e8gles d'hygi\u00e8ne \n\u00e9l\u00e9mentaires lors des soins dentaires  ainsi qu'une absence de personnel qualifi\u00e9 n\u00e9cessaire au \nfonctionnement du centre de sant\u00e9 dentaire, en m\u00e9connaissance des dispositions des articles D.6323 -\n3 et D.6323-7 pr\u00e9cit\u00e9s et de l'arr\u00eat\u00e9 modifi\u00e9 du 27 f\u00e9vrier 2018 relatif aux centres de sant\u00e9 ; \n \nConsid\u00e9rant qu'au regard des \u00e9l\u00e9ments qui pr\u00e9c\u00e8dent, il appara\u00eet que la demande d'agr\u00e9ment \npr\u00e9sent\u00e9e par l'association gestionnaire du centre de sant\u00e9 POLYCARE ne remplit pas les objectifs de \nconformit\u00e9 tant en ce qui concerne sa gestion qu'en ce qui concerne ses conditions de fonctionnement \npour exercer une activit\u00e9 dentaire ; \n \nConsid\u00e9rant qu'en application de l'article L.6323-1-11 du code de la sant\u00e9 publique , en son sixi\u00e8me \nalin\u00e9a, le directeur g\u00e9n\u00e9ral de l'agence r\u00e9gionale de sant\u00e9 peut refuser de d\u00e9livrer l'agr\u00e9ment demand\u00e9 \nau regard de la qualit\u00e9 des \u00e9l\u00e9ments adress\u00e9s si le projet de sant\u00e9 du centre ne remplit pas les objectifs \nde conformit\u00e9 ou en cas d'incompatibilit\u00e9 du projet avec les objectifs et les besoins d\u00e9finis dans le cadre \ndu projet r\u00e9gional de sant\u00e9 ; \n \n \n \nARRETE \n \n \n \nArticle 1er : L'agr\u00e9ment provisoire pour exercer une activit\u00e9 dentaire est refus\u00e9 au repr\u00e9sentant l\u00e9gal \nde l'Association Polycare Sant\u00e9 (A.P.S), sise , Centre d'affaires VAL DURANCE, Sarl Lotissement \ncommercial les Bertranes, route d'Aix, 84120 Pertuis, gestionnaire du centre de sant\u00e9 POLYCARE, sis, \n1 boulevard de la Tomette, 83640 Sain-Zacharie.  \n \nAgence r\u00e9gionale de sant\u00e9 PACA - 83-2026-01-29-00004 - arr\u00eat\u00e9 portant refus centre de sant\u00e9 Polycare Saint Zacharie 6\nAgence r\u00e9gionale de sant\u00e9 Provence-Alpes-C\u00f4te d'Azur-Si\u00e8ge : 132, boulevard de Paris - CS 50039 - 13331 Marseille Cedex 03 \nT\u00e9l 04.13.55.80.10 / Fax : 04.13.55.80.40   \nhttp:// www.ars.paca.sante.fr                       Page 3/3 \n \n \nLe centre de sant\u00e9 n'est pas autoris\u00e9 \u00e0 dispenser des soins aux assur\u00e9s sociaux pour exercer une \nactivit\u00e9 dentaire. \n \nArticle 2 : \n \nLe pr\u00e9sent arr\u00eat\u00e9 prend effet \u00e0 compter de sa notification \u00e0 l'int\u00e9ress\u00e9(e). \n \nArticle 3 : \n \nLe pr\u00e9sent arr\u00eat\u00e9 peut faire l'objet d'un recours contentieux devant le Tribunal Administratif \nterritorialement comp\u00e9tent dans un d\u00e9lai de deux mois \u00e0 compter de sa notification . \n \n \n \nMarseille, le 29/01/2026 \n \nPour le Directeur g\u00e9n\u00e9ral de l'ARS PACA \nEt par d\u00e9l\u00e9gation \n \n \n \n \n \n \nAugustin Viard \n \n \n \n \n \n \n \nSign\u00e9 \n \nAgence r\u00e9gionale de sant\u00e9 PACA - 83-2026-01-29-00004 - arr\u00eat\u00e9 portant refus centre de sant\u00e9 Polycare Saint Zacharie 7\nDirection d\u00e9partementale de l'emploi, du travail\net des solidarit\u00e9s du Var\n83-2026-01-05-00009\nR\u00e9c\u00e9piss\u00e9 de d\u00e9claration\nd'un organisme de services \u00e0 la personne\nDirection d\u00e9partementale de l'emploi, du travail et des solidarit\u00e9s du Var - 83-2026-01-05-00009 - R\u00e9c\u00e9piss\u00e9 de d\u00e9claration\nd'un organisme de services \u00e0 la personne 8\nEF Fj=\"4Libert\u00e9 \u00ab \u00c9galit\u00e9 \u00bb Fraternit\u00e9R\u00c9PUBLIQUE FRAN\u00c7AISE\nR\u00e9c\u00e9piss\u00e9 de d\u00e9claration\nd'un organisme de services \u00e0 la personne\nenregistr\u00e9 sous le N\u00b0 SAP894331909\n       Vu le code du travail et notamment les articles L.7231-1 \u00e0 L.7233-2, R.7232-16 \u00e0 R.7232-22, D.7231-1 et\n        D.7233-1 \u00e0 D.7233-5 ;\nVu la demande de d\u00e9claration d\u00e9pos\u00e9e par l'organism e Freedom83, 68 chemin Vierge Noire\n83120 SAINTE-MAXIME, le 05/01/26 ;\nLe pr\u00e9fet du Var\nConstate :\nQu'une d\u00e9claration d'activit\u00e9s de services \u00e0 la per sonne a \u00e9t\u00e9 d\u00e9pos\u00e9e aupr\u00e8s du service instructeur\ndu Var , le 05/01/26 par Mme. DELATTRE Samantha en qualit\u00e9 de dirigeant(e), pour l'organisme\nFreedom83 dont l'\u00e9tablissement principal est situ\u00e9 68 chemin Vierge Noire 83120 SAINTE-MAXIME et\nenregistr\u00e9 sous le N\u00b0 SAP894331909 pour les activit\u00e9s suivantes :\n \n \u2022   Entretien de la maison et travaux m\u00e9nagers (mode d'intervention Prestataire)\n  \u2022   Livraison de repas \u00e0 domicile (mode d'intervention Prestataire)\n  \u2022   Collecte et livraison \u00e0 domicile de linge repass\u00e9 (mode d'intervention Prestataire)\n  \u2022   Livraison de courses \u00e0 domicile (mode d'intervention Prestataire)\n  \u2022   Maintenance, entretien et vigilance temporaires \u00e0 domicile (mode d'intervention Prestataire)\n  \u2022   Soins et promenade(s) d'animaux pour personnes d\u00e9pendantes (mode d'intervention Prestataire)\n  \u2022   Assistance aux personnes ayant besoin d'une aide temporaire \u00e0 leur domicile (mode \nd'intervention Prestataire)\nToute modification concernant les activit\u00e9s exerc\u00e9e s devra faire l'objet d'une d\u00e9claration\nmodificative pr\u00e9alable.\nSous r\u00e9serve d'\u00eatre exerc\u00e9es \u00e0 titre exclusif (ou s ous r\u00e9serve d'une comptabilit\u00e9 s\u00e9par\u00e9e pour les\npersonnes morales dispens\u00e9es de cette condition), c es activit\u00e9s ouvrent droit au b\u00e9n\u00e9fice des\ndispositions des articles L. 7233-2 du code du trav ail et L.241-10 du code de la s\u00e9curit\u00e9 sociale dans\nles conditions pr\u00e9vues par ces articles.\nLes effets de la d\u00e9claration courent \u00e0 compter du j our du d\u00e9p\u00f4t de la d\u00e9claration sous r\u00e9serve des\ndispositions de l'article R.7232-18 du code du trav ail. Le pr\u00e9sent r\u00e9c\u00e9piss\u00e9 n'est pas limit\u00e9 dans le\ntemps. La d\u00e9claration a une port\u00e9e nationale.\nL'enregistrement de la d\u00e9claration peut \u00eatre retir\u00e9 dans les conditions fix\u00e9es aux articles R.7232-\n20 \u00e0 R.7232-22 du code du travail.\nLe pr\u00e9sent r\u00e9c\u00e9piss\u00e9 sera publi\u00e9 au recueil des actes administratifs de la pr\u00e9fecture.\nLe pr\u00e9sent r\u00e9c\u00e9piss\u00e9 peut, \u00e0 compter de sa notifica tion, faire l'objet d'un recours gracieux aupr\u00e8s\nservice instructeur du Var ou d'un recours hi\u00e9rarch ique adress\u00e9 au ministre charg\u00e9 de l'\u00e9conomie -\nDirection g\u00e9n\u00e9rale des entreprises \u2013 sous-direction  des services marchands, 61 Boulevard Vincent\nAuriol, 75703 PARIS CEDEX 13.\nIl peut \u00e9galement faire l'objet d'un recours conten tieux dans un d\u00e9lai de deux mois \u00e0 compter de sa\nnotification aupr\u00e8s du tribunal administratif de Toulon.\nDirection d\u00e9partementale de l'emploi, du travail et des solidarit\u00e9s du Var - 83-2026-01-05-00009 - R\u00e9c\u00e9piss\u00e9 de d\u00e9claration\nd'un organisme de services \u00e0 la personne 9\nLe tribunal administratif peut aussi \u00eatre saisi par  l'application informatique \u00ab T\u00e9l\u00e9recours citoyen \u00bb\naccessible sur le site internet  http://www.telerecours.fr/\nEn cas de rejet du recours gracieux ou hi\u00e9rarchique  ou en l'absence de r\u00e9ponse \u00e0 ce recours (rejet\nimplicite), un recours contentieux devant le tribun al administratif de Toulon peut \u00e9galement \u00eatre\nform\u00e9 contre la d\u00e9cision initiale dans un d\u00e9lai de deux mois \u00e0 compter de ce rejet.\nFait \u00e0 CS 31209 - 83070 TOULON Cedex, le 05/01/2026\nPour le Pr\u00e9fet et par d\u00e9l\u00e9gation\nPour la Directrice d\u00e9partementale de l'emploi\ndu travail et des solidarit\u00e9s du Var\nLa cheffe du service accompagnement\ndes entreprises et d\u00e9veloppement des territoires\nS\u00e9verine LARDERET\nDirection d\u00e9partementale de l'emploi, du travail et des solidarit\u00e9s du Var - 83-2026-01-05-00009 - R\u00e9c\u00e9piss\u00e9 de d\u00e9claration\nd'un organisme de services \u00e0 la personne 10\nDirection d\u00e9partementale de l'emploi, du travail\net des solidarit\u00e9s du Var\n83-2026-01-30-00001\nArr\u00eat\u00e9 pr\u00e9fectoral n\u00b0 DDETS-SAL-83-2026 du 30\njanvier 2026 portant agr\u00e9ment de l'association\nOlbia Var Appartements \nau titre de l'article L.365-4 du code de la\nconstruction et de l'habitation\nDirection d\u00e9partementale de l'emploi, du travail et des solidarit\u00e9s du Var - 83-2026-01-30-00001 - Arr\u00eat\u00e9 pr\u00e9fectoral n\u00b0\nDDETS-SAL-83-2026 du 30 janvier 2026 portant agr\u00e9ment de l'association Olbia Var Appartements \nau titre de l'article L.365-4 du code de la construction et de l'habitation\n11\n=mPREFETDU VARLibert\u00e9Egalit\u00e9Fraternit\u00e9\nDirection d\u00e9partementale\n de l'emploi, du travail et des solidarit\u00e9s\nService acc\u00e8s au logement\nD\u00e9partement accompagnement vers le logement\nArr\u00eat\u00e9 pr\u00e9fectoral n\u00b0 DDETS-SAL-83-2026 du 30 janvier 2026 portant agr\u00e9ment de \nl'association Olbia Var Appartements \nau titre de l'article L.365-4 du code de la construction et de l'habitation\nLe Pr\u00e9fet du Var,\nVu la loi n\u00b0 2009-323 de mobilisation pour le logement et de lutte contre l'exclusion en date  \ndu 25 mars 2009\u00a0;\nVu le Code de la Construction et de l'Habitation, et notamment les articles L.365-4 et R.365-\n1-alin\u00e9a 3, dans sa r\u00e9daction issue du d\u00e9cret n\u00b0 2010-398 du 28 avril 2010 article 1 \u00a0(IGLS) ;\nVu le Code de la Construction et de l'Habitation, et notamment les articles L.365-3 et R.365-\n1-alin\u00e9a 2 et suivants (ISFT) ;\nVu le  d\u00e9cret  n\u00b0  2009-1684  du  30  d\u00e9cembre  2009  relatif  aux  agr\u00e9ments  des  organismes \nexer\u00e7ant des activit\u00e9s en  faveur  du  logement  et  de  l'h\u00e9bergement  des  personnes \nd\u00e9favoris\u00e9es\u00a0;\nVu la  circulaire  du  6  septembre  2010  relative  aux  agr\u00e9ments  des  organismes  agissant  en \nfaveur du logement et de l'h\u00e9bergement des personnes d\u00e9favoris\u00e9es\u00a0;\nVu  le dossier d\u00e9pos\u00e9, le 29 octobre 2025 , par le repr\u00e9sentant l\u00e9gal de l'association Olbia Var \nAppartements sise 32 Chemin du Pont de Bois \u2013 83200 Toulon\u00a0;\nVu l'arr\u00eat\u00e9 pr\u00e9fectoral n\u00b02025/23/MCI du 2 juin 2025 portant d\u00e9l\u00e9gation de signature \u00e0 Mme  \nSandrine  Polychronopoulos,  directrice  d\u00e9partementale  de  l'emploi,  du  travail  et  des \nsolidarit\u00e9s du Var\u00a0;\nConsid\u00e9rant que  le dossier transmis est d\u00e9sormais complet\u00a0;\n1/3\nDirection d\u00e9partementale de l'emploi, du travail et des solidarit\u00e9s du Var - 83-2026-01-30-00001 - Arr\u00eat\u00e9 pr\u00e9fectoral n\u00b0\nDDETS-SAL-83-2026 du 30 janvier 2026 portant agr\u00e9ment de l'association Olbia Var Appartements \nau titre de l'article L.365-4 du code de la construction et de l'habitation\n12\nArr\u00eate :\nArticle 1  er\n   :  \nL'organisme \u00e0 gestion d\u00e9sint\u00e9ress\u00e9e, l'association \u00ab Olbia Var Appartements\u00a0\u00bb association de \nloi 1901, est agr\u00e9\u00e9 pour les cinq activit\u00e9s r\u00e9f\u00e9renc\u00e9es ci-dessous au sein des cat\u00e9gories \nsuivantes\u00a0:\nIng\u00e9nierie sociale, financi\u00e8re et technique\n\uf0b7 l'accompagnement social des personnes pour favoriser leur acc\u00e8s ou leur maintien  \ndans le logement ;\n\uf0b7 la recherche de logements adapt\u00e9s.\nInterm\u00e9diation locative et gestion locative sociale\n\uf0b7 location de logements en vue de leur sous-location aupr\u00e8s d'un organisme agr\u00e9\u00e9 pour \nson activit\u00e9 de ma\u00eetrise d'ouvrage ou d'un organisme HLM,\n\uf0b7 la location de logements en vue de leur sous-location aupr\u00e8s de bailleurs autres que  \ndes organismes HLM : il s'agit notamment des bailleurs priv\u00e9s, personnes physiques  \nou morales, soci\u00e9t\u00e9s d'\u00e9conomie mixte et des collectivit\u00e9s locales,\n\uf0b7 la gestion de r\u00e9sidences sociales mentionn\u00e9e \u00e0 l'article R.353-165-1 du CCH.\nArticle 2 :\n L'agr\u00e9ment est d\u00e9livr\u00e9 pour une dur\u00e9e de cinq ans renouvelable. Le pr\u00e9sent agr\u00e9ment prend  \neffet \u00e0 compter du 04 d\u00e9cembre 2025.\nIl peut \u00eatre retir\u00e9 \u00e0 tout moment par l'autorit\u00e9 administrative comp\u00e9tente si l'organisme ne  \nsatisfait plus aux conditions de d\u00e9livrance de l'agr\u00e9ment ou s'il est constat\u00e9 un manquement  \ngrave ou r\u00e9p\u00e9t\u00e9 \u00e0 ses obligations.\n2/3\nDirection d\u00e9partementale de l'emploi, du travail et des solidarit\u00e9s du Var - 83-2026-01-30-00001 - Arr\u00eat\u00e9 pr\u00e9fectoral n\u00b0\nDDETS-SAL-83-2026 du 30 janvier 2026 portant agr\u00e9ment de l'association Olbia Var Appartements \nau titre de l'article L.365-4 du code de la construction et de l'habitation\n13\nArticle 3 :\nUn compte-rendu de l'activit\u00e9 concern\u00e9e et les comptes financiers de l'organisme seront  \nadress\u00e9s annuellement \u00e0 l'autorit\u00e9 administrative comp\u00e9tente qui a d\u00e9livr\u00e9 l'agr\u00e9ment.\nCette derni\u00e8re peut, \u00e0 tout moment, contr\u00f4ler les conditions d'exercice.\nArticle 4 :\nLe pr\u00e9sent arr\u00eat\u00e9 peut faire l'objet d'un recours devant le tribunal administratif de Toulon  \ndans un d\u00e9lai de deux mois \u00e0 compter de sa publication au recueil des actes administratifs de  \nla pr\u00e9fecture du Var.\nLe m\u00eame recours peut \u00eatre exerc\u00e9 par l'association gestionnaire dans le d\u00e9lai de deux mois \u00e0  \ncompter de la notification du pr\u00e9sent arr\u00eat\u00e9.\nArticle 5 :\nLa Directrice d\u00e9partementale de l'emploi, du travail et des solidarit\u00e9s du Var est charg\u00e9e de  \nl'ex\u00e9cution  du  pr\u00e9sent  arr\u00eat\u00e9  qui  sera  publi\u00e9  au  recueil  des  actes  administratifs  de  la \npr\u00e9fecture du Var.\nFait \u00e0 Toulon, le 30 janvier 2026\nPour le pr\u00e9fet et par d\u00e9l\u00e9gation,\nla directrice d\u00e9partementale de l'emploi,\ndu travail et des solidarit\u00e9s du Var\nSign\u00e9\nSandrine POLYCHRONOPOULOS\n3/3\nDirection d\u00e9partementale de l'emploi, du travail et des solidarit\u00e9s du Var - 83-2026-01-30-00001 - Arr\u00eat\u00e9 pr\u00e9fectoral n\u00b0\nDDETS-SAL-83-2026 du 30 janvier 2026 portant agr\u00e9ment de l'association Olbia Var Appartements \nau titre de l'article L.365-4 du code de la construction et de l'habitation\n14\nDirection d\u00e9partementale des finances\npubliques du Var\n83-2026-01-29-00005\nArr\u00eat\u00e9 am\u00e9nageant les plafonds de d\u00e9l\u00e9gation\n29 01 2026 \nDirection d\u00e9partementale des finances publiques du Var - 83-2026-01-29-00005 - Arr\u00eat\u00e9 am\u00e9nageant les plafonds de d\u00e9l\u00e9gation 29 01\n2026 15\nREPUBLIQUEFRANCAISELibert\u00e9Egalit\u00e9Fraternit\u00e9\nTFINANCES PUBLIQUES\nCS 91409\n83056 TOULON CEDEX\nArr\u00eat\u00e9 du directeur d\u00e9partemental des Finances publiques\nfixant le plafond de la d\u00e9l\u00e9gation de signature dont disposent les responsables de service et les agents\nen mati\u00e8re de contentieux et gracieux fiscal\nLe directeur d\u00e9partemental des Finances publiques de Var ;\nVu le Code g\u00e9n\u00e9ral des imp\u00f4ts, et notamment l'article 408 de son annexe II et les articles 214 et 215 de son\nannexe IV ;\nVu le livre des proc\u00e9dures fiscales ;\nVu le d\u00e9cret n\u00b0 2009-707 du 16 juin 2009 relatif aux services d\u00e9concentr\u00e9s de la direction g\u00e9n\u00e9rale des Finances\npubliques ;\nArr\u00eate : \nArticle 1er\nLe plafond de la d\u00e9l\u00e9gation automatique de signature dont disposent, en application de l'article 408 de l'annexe\nII au Code g\u00e9n\u00e9ral des imp\u00f4ts, les responsables de service en mati\u00e8re de gracieux fiscal est fix\u00e9 \u00e0 76 000 \u20ac\npour ceux titulaires du grade d'administrateur de l'\u00c9tat ou d'un grade \u00e9quivalent et \u00e0 60 000 \u20ac pour ceux\ntitulaires d'un grade autre.\nArticle 2\nLe plafond de la d\u00e9l\u00e9gation automatique de signature dont disposent, en application de l'article 408 de l'annexe\nII au Code g\u00e9n\u00e9ral des imp\u00f4ts, les responsables de service des imp\u00f4ts des entreprises et de p\u00f4le de contr\u00f4le et\nd'expertise est port\u00e9 \u00e0 100 000 euros en ce qui concerne les demandes de remboursement de cr\u00e9dit de taxe sur\nla valeur ajout\u00e9e.\nArticle 3\nLe plafond des d\u00e9l\u00e9gations de signature qui peuvent \u00eatre accord\u00e9es par les responsables de service \u00e0 leurs\ncollaborateurs est fix\u00e9 aux montants suivants :\nDIRECTION D\u00c9PARTEMENTALE\nDES FINANCES PUBLIQUES DU VAR\nDirection d\u00e9partementale\ndes Finances publiques du Var\nSR2C\nPlace de Besagne \u2013 Centre Mayol\nDirection d\u00e9partementale des finances publiques du Var - 83-2026-01-29-00005 - Arr\u00eat\u00e9 am\u00e9nageant les plafonds de d\u00e9l\u00e9gation 29 01\n2026 16\nEn mati\u00e8re de contentieux En mati\u00e8re de gracieux fiscal\nAgents ayant la qualit\u00e9 d'adjoint M\u00eame limite que le responsable de\nservice\nM\u00eame limite que le responsable de\nservice\nAgents de cat\u00e9gorie A 30 000 euros 7 500 euros\nAgents de cat\u00e9gorie B 20 000 euros 5 000 euros\nAgents de cat\u00e9gorie C 4 000 euros 1 000 euros\nArticle 4\nLe pr\u00e9sent arr\u00eat\u00e9 sera publi\u00e9 au recueil des actes administratifs du d\u00e9partement \u00e0 effet au 1er f\u00e9vrier 2026.\nFait le 29 janvier 2026\nLe directeur d\u00e9partemental des Finances publiques de Var\nSign\u00e9\nJean-Michel BLANCHARD\nDirection d\u00e9partementale des finances publiques du Var - 83-2026-01-29-00005 - Arr\u00eat\u00e9 am\u00e9nageant les plafonds de d\u00e9l\u00e9gation 29 01\n2026 17\nDirection des services d\u00e9partementaux de\nl'\u00e9ducation nationale du Var\n83-2026-01-20-00007\navenant sign\u00e9 n\u00b0 8  FCPE  et SNALC CDEN 83\nDirection des services d\u00e9partementaux de l'\u00e9ducation nationale du Var - 83-2026-01-20-00007 - avenant sign\u00e9 n\u00b0 8  FCPE  et SNALC\nCDEN 83 18\nPREFETDU VARLibert\u00e9Egalit\u00e9Fraternit\u00e9\nREGION ACADEMIQUEPROVENCE-ALPES-COTE D'AZURLibert\u00e9Egalit\u00e9Fraternit\u00e9\n 1 \n \n \n \n \n \n \n \n \n \n \n \n \nAvenant n\u00b08 modifiant l'arr\u00eat\u00e9 du 03 janvier 2023 portant renouvellement \n \ndes Membres du Conseil D\u00e9partemental \n \nde l'Education Nationale \n \n \n \nLe pr\u00e9fet du Var,  \n \nVU la loi du 30 octobre 1886 sur l'organisation de l'enseignement primaire, \n \nVU la loi N\u00b082 -213 du 2 mars 1982 relative aux droits et libert\u00e9s des communes, des \nd\u00e9partements et des r\u00e9gions, \n \nVU la loi N\u00b083-663 du 22 juillet 1983 modifi\u00e9e portant dispositions diverses relatives aux rapports \nentre l'Etat et les collectivit\u00e9s locales, \n \nVU le d\u00e9cret 2004 -703 du 13 juillet 2004 relatif aux dispositions r\u00e9glementaires des livres I et II \ndu code de l'\u00e9ducation nationale, \n \nVU la circulaire interminist\u00e9rielle du 21 ao\u00fbt 1985 relative \u00e0 la mise en place des conseils de \nl'\u00e9ducation nationale institu\u00e9s dans les d\u00e9partements et les acad\u00e9mies,  \n \nVU l'arr\u00eat\u00e9 pr\u00e9fectoral modifi\u00e9 en date du 28 janvier 1986 portant cr\u00e9ation du conseil \nd\u00e9partemental de l'\u00e9ducation nationale, \n \nVU les propositions du pr\u00e9sident du conseil r\u00e9gional, du pr\u00e9sident du conseil d\u00e9partemental, du \npr\u00e9sident de l'Association des maires du Var et des organismes concern\u00e9s,  \n \n \nSUR proposition du secr\u00e9taire g\u00e9n\u00e9ral de la pr\u00e9fecture du Var, \n \n \n \n \n \n \n \n \n \n \n \nDirection des services d\u00e9partementaux de l'\u00e9ducation nationale du Var - 83-2026-01-20-00007 - avenant sign\u00e9 n\u00b0 8  FCPE  et SNALC\nCDEN 83 19\n 2 \n \nARRETE \n \nARTICLE 1er : L'arr\u00eat\u00e9 pr\u00e9fectoral   du 3 janvier 2023 est modifi\u00e9 comme suit : \n \nARTICLE 2 : Sous la pr\u00e9sidence conjointe de Monsieur le Pr\u00e9fet (ou de son \nrepr\u00e9sentant, Monsieur l'Inspecteur d'Acad\u00e9mie) et de Monsieur le \nPr\u00e9sident du Conseil D\u00e9partemental (ou de son repr\u00e9sentant, le Conseiller \nD\u00e9partemental d\u00e9l\u00e9gu\u00e9 \u00e0 cet effet par le Pr\u00e9sident) le Conseil \nD\u00e9partemental de l'Education Nationale est compos\u00e9 ainsi qu'il suit : \n \nII - AU TITRE DES REPRESENTANTS DES PERSONNELS TITULAIRES DE L'ETAT  \n \n2.3 SNALC  \n \nTitulaire Mme MOUHOT V\u00e9ronique \nLes Oliviers B\u00e2t B \n1038, chemin de l'Estagnol \n83260 La Crau \n \nSuppl\u00e9ant M.  MARTINEZ Ange \n    2000 avenue de la R\u00e9sistance \n    83000 Toulon \n \n \nIII - AU TITRE DES REPRESENTANTS DES USAGERS  \n \n3.1 F\u00e9d\u00e9ration des Conseils de parents d'\u00e9l\u00e8ves la\u00efques des \u00e9tablissements d'enseignement \npublic (F.C.P.E.) \n \nTitulaires   Mme    HAMAMES Habida \nM.  NOIROT Emmanuel \nM.  BAILLOUX Laurent \nMme SAID HACHIM Sitti \nMme    DECOHA Davina   \n \nSuppl\u00e9ants       \nMme JURION Amel  \nMme  DOGAN Christelle  \n   M.  SCIANDRA Gilles \nMme  TINET Caroline \nMme   AMOURA Samiha  \n \nARTICLE 5 - Le Secr\u00e9taire G\u00e9n\u00e9ral de la Pr\u00e9fecture du VAR, le Pr\u00e9sident du Conseil \nD\u00e9partemental et le Directeur Acad\u00e9mique sont charg\u00e9s, chacun en ce \nqui le concerne, de l'ex\u00e9cution du pr\u00e9sent arr\u00eat\u00e9 qui sera publi\u00e9 au recueil \ndes actes administratifs du d\u00e9partement. \n \n         Toulon, le 20 janvier 2026 \n        \n          SIGN\u00c9 \n  \nLe Pr\u00e9fet du Var \n Simon BABRE \nDirection des services d\u00e9partementaux de l'\u00e9ducation nationale du Var - 83-2026-01-20-00007 - avenant sign\u00e9 n\u00b0 8  FCPE  et SNALC\nCDEN 83 20\nPr\u00e9fecture du VAR\n83-2026-01-30-00007\nARR\u00caT\u00c9 PR\u00c9FECTORAL n\u00b0 DCL/BERG/2026/0006\ndu 30 janvier 2026 portant renouvellement de\nl'habilitation de l'\u00e9tablissement\n\u00ab\u00a0POMPES FUN\u00c8BRES CRISTOL GHIO\u00a0\u00bb\n765 boulevard Jean Moulin - 83700\nSAINT-RAPHA\u00cbL g\u00e9r\u00e9 par la SAS \u00ab\u00a0FUNECAP\nSUD-EST\u00a0\u00bb\nPr\u00e9fecture du VAR - 83-2026-01-30-00007 - ARR\u00caT\u00c9 PR\u00c9FECTORAL n\u00b0 DCL/BERG/2026/0006 du 30 janvier 2026 portant renouvellement\nde l'habilitation de l'\u00e9tablissement\n\u00ab\u00a0POMPES FUN\u00c8BRES CRISTOL GHIO\u00a0\u00bb\n765 boulevard Jean Moulin - 83700 SAINT-RAPHA\u00cbL g\u00e9r\u00e9 par la SAS \u00ab\u00a0FUNECAP SUD-EST\u00a0\u00bb\n21\n=mPREFETDU VARLibert\u00e9Egalit\u00e9Fraternit\u00e9\nDirection de la citoyennet\u00e9 et de la l\u00e9galit\u00e9\nBureau des \u00e9lections et de la r\u00e9glementation g\u00e9n\u00e9rale\nARR\u00caT\u00c9 PR\u00c9FECTORAL n\u00b0 DCL/BERG/2026/0006 du 30 janvier 2026\nportant renouvellement de l'habilitation de l'\u00e9tablissement\n\u00ab POMPES FUN\u00c8BRES CRISTOL GHIO \u00bb\n765 boulevard Jean Moulin \u2013 83700 SAINT-RAPHA\u00cbL\ng\u00e9r\u00e9 par la SAS \u00ab FUNECAP SUD-EST \u00bb\nHabilitation N\u00b0 26-83-0107\nLe Pr\u00e9fet du Var,\nVu le code g\u00e9n\u00e9ral des collectivit\u00e9s territoriales  et notamment ses articles L2223-19, L2223-23 et  \nsuivants ;\nVu la loi n\u00b0 2008-1350 du 19 d\u00e9cembre 2008 relative \u00e0 la l\u00e9gislation fun\u00e9raire ;\nVu le d\u00e9cret du Pr\u00e9sident de la R\u00e9publique du 15 mai 2025, portant nomination de Monsieur  \nSimon BABRE, pr\u00e9fet du Var ;\nVu l'arr\u00eat\u00e9 pr\u00e9fectoral n\u00b0 2025/12/MCI du 2 juin 2025 portant d\u00e9l\u00e9gation de signature \u00e0 Monsieur  \nLucien GIUDICELLI, secr\u00e9taire g\u00e9n\u00e9ral de la pr\u00e9fecture du Var, sous-pr\u00e9fet de l'arrondissement de  \nToulon ;\nVu  l'arr\u00eat\u00e9  pr\u00e9fectoral  n\u00b0  2026/02/MCI  du  19  janvier  2026  portant  d\u00e9l\u00e9gation  de  signature  \u00e0 \nMonsieur Lionel GARENTE, directeur de la citoyennet\u00e9 et de la l\u00e9galit\u00e9 de la pr\u00e9fecture du Var par \nint\u00e9rim ;\nVu  l'arr\u00eat\u00e9  pr\u00e9fectoral  n\u00b0  DCL/BERG/2021/47  du  2  f\u00e9vrier  2021,  portant  renouvellement \nd'habilitation  dans  le  domaine  fun\u00e9raire  de  l'\u00e9tablissement  secondaire  \u00ab POMPES  FUN\u00c8BRES \nCRISTOL GHIO \u00bb sis 765 boulevard Jean Moulin  \u00e0 Saint-Rapha\u00ebl (83700)  jusqu'au 1 er f\u00e9vrier 2026  \ninclus ;\nVu  la  demande  du  24  novembre  2025  de  renouvellement  d'habilitation  de  l'\u00e9tablissement \n\u00ab POMPES FUN\u00c8BRES CRISTOL GHIO  \u00bb, situ\u00e9 765 boulevard Jean Moulin \u00e0 Saint-Rapha\u00ebl (83700) , \nformul\u00e9e par Monsieur  Pascal FERRERO , directeur ex\u00e9cutif adjoint \u2013 p\u00f4le PACA EST de la SAS  \n\u00ab FUNECAP SUD-EST \u00bb dont le si\u00e8ge est situ\u00e9 rue du souvenir fran\u00e7ais, quartier Saint-Roch \u00e0 Cuers  \n(83390) ;\nConsid\u00e9rant la compl\u00e9tude du dossier ;\nSur proposition du secr\u00e9taire g\u00e9n\u00e9ral de la pr\u00e9fecture ;\nARR\u00caTE\nArticle 1 : L'\u00e9tablissement \u00ab POMPES FUN\u00c8BRES CRISTOL GHIO \u00bb, situ\u00e9 765 boulevard Jean Moulin \n\u00e0 Saint-Rapha\u00ebl (83700) , g\u00e9r\u00e9 par la SAS  \u00ab FUNECAP SUD-EST  \u00bb  dont le si\u00e8ge est situ\u00e9 rue du  \nsouvenir  fran\u00e7ais,  quartier  Saint-Roch  \u00e0  Cuers  (83390),  repr\u00e9sent\u00e9  par  son  directeur  ex\u00e9cutif \nadjoint  \u2013  p\u00f4le  PACA  EST,  Monsieur  Pascal  FERRERO,  est  habilit\u00e9  pour  exercer  les  activit\u00e9s \nsuivantes :\n1 - Transport de corps avant et apr\u00e8s mise en bi\u00e8re,\n2 - Organisation des obs\u00e8ques,\n1/2\nPr\u00e9fecture du VAR - 83-2026-01-30-00007 - ARR\u00caT\u00c9 PR\u00c9FECTORAL n\u00b0 DCL/BERG/2026/0006 du 30 janvier 2026 portant renouvellement\nde l'habilitation de l'\u00e9tablissement\n\u00ab\u00a0POMPES FUN\u00c8BRES CRISTOL GHIO\u00a0\u00bb\n765 boulevard Jean Moulin - 83700 SAINT-RAPHA\u00cbL g\u00e9r\u00e9 par la SAS \u00ab\u00a0FUNECAP SUD-EST\u00a0\u00bb\n22\n3 - Soins de conservation, en sous-traitance avec l'\u00e9tablissement \u00ab INSTITUT DE THANATOPRAXIE \nETERNAL CARE \u00bb, sis 131 route du Plan de la Tour \u00e0 Sainte-Maxime (83120), habilit\u00e9 sous le num\u00e9ro \n25-83-0288,\n4 - Fourniture  des  housses,  cercueils  et  accessoires  int\u00e9rieur  et  ext\u00e9rieur  ainsi  que  des  urnes\ncin\u00e9raires,\n7 - Fourniture des corbillards et voitures de deuil, list\u00e9s en annexe du pr\u00e9sent arr\u00eat\u00e9,\n8 - Fourniture de personnel et des objets et prestations n\u00e9cessaires aux obs\u00e8ques, inhumations,  \nexhumations et cr\u00e9mations.\nArticle 2     : L'habilitation porte le num\u00e9ro 26-83-0107 .\nArticle 3     : La pr\u00e9sente habilitation est accord\u00e9e  pour une dur\u00e9e de cinq ans \u00e0 compter du 02  \nf\u00e9vrier 2026, et jusqu'au 1er f\u00e9vrier 2031 inclus.\nPour solliciter le renouvellement de la pr\u00e9sente habilitation, le b\u00e9n\u00e9ficiaire devra faire parvenir sa  \ndemande en pr\u00e9fecture au plus tard deux mois avant sa date de fin de validit\u00e9.\nArticle 4     : Conform\u00e9ment aux articles L.2223-25 et R.2223-64 du code g\u00e9n\u00e9ral des collectivit\u00e9s  \nterritoriales, et \u00e0 d\u00e9faut de la production, dans les meilleurs d\u00e9lais, des justificatifs de conformit\u00e9  \ndes \u00e9quipements, la pr\u00e9sente habilitation pourra \u00eatre suspendue pour une dur\u00e9e maximale d'un  \nan ou retir\u00e9e, apr\u00e8s mise en demeure, pour les motifs suivants :\n- non-respect des conditions de sa d\u00e9livrance telles qu'elles sont d\u00e9finies par les dispositions du  \ncode g\u00e9n\u00e9ral des collectivit\u00e9s territoriales ;\n- non exercice ou cessation d'exercice des activit\u00e9s au titre desquelles elle a \u00e9t\u00e9 d\u00e9livr\u00e9e ;\n- atteinte \u00e0 l'ordre public ou danger pour la salubrit\u00e9 publique.\nDans les cas o\u00f9 le b\u00e9n\u00e9ficiaire est un d\u00e9l\u00e9gataire, le retrait d'habilitation entra\u00eene la d\u00e9ch\u00e9ance  \ndes d\u00e9l\u00e9gations.\nArticle 5     : Le secr\u00e9taire g\u00e9n\u00e9ral de la pr\u00e9fecture du Var est charg\u00e9 de l'ex\u00e9cution du pr\u00e9sent arr\u00eat\u00e9 \nqui sera publi\u00e9 au recueil des actes administratifs de la pr\u00e9fecture du Var et dont une copie sera  \nadress\u00e9e au maire de la commune de Saint-Rapha\u00ebl pour information.\nFait \u00e0 Toulon, le 30 janvier 2026\nPour le pr\u00e9fet et par d\u00e9l\u00e9gation,\nLe directeur par int\u00e9rim,\nSigna\nLionel GARENTE\nDans un d\u00e9lai de deux mois \u00e0 compter de la date de la notification ou de la publication du pr\u00e9sent arr\u00eat\u00e9 au recueil des actes administratifs de la \npr\u00e9fecture, les recours suivants peuvent \u00eatre introduits conform\u00e9ment aux dispositions des articles R. 421-1 et suivants du code de justice \nadministrative :\n- un recours gracieux, adress\u00e9 \u00e0 :\nM. le Pr\u00e9fet du Var - Boulevard du 112\u00e8me r\u00e9giment d'infanterie - CS 31209 - 83070 TOULON CEDEX\n- un recours hi\u00e9rarchique, adress\u00e9 au(x) ministre(s) concern\u00e9(s) ;\nDans ces deux cas, le silence de l'Administration vaut rejet implicite au terme d'un d\u00e9lai de deux mois.\nApr\u00e8s un recours gracieux ou hi\u00e9rarchique, le d\u00e9lai du recours contentieux ne court qu'\u00e0 compter du rejet explicite ou implicite de l'un de ces \nrecours.\n- un recours contentieux, en saisissant le Tribunal Administratif de Toulon : 5 rue Racine -BP 40510 - 83 041 TOULON CEDEX 9\nLe tribunal administratif peut \u00eatre saisi par l'application informatique \u00ab T\u00e9l\u00e9cours \u00bb accessible par le site internet www.telecours.fr.\n2/2\nPr\u00e9fecture du VAR - 83-2026-01-30-00007 - ARR\u00caT\u00c9 PR\u00c9FECTORAL n\u00b0 DCL/BERG/2026/0006 du 30 janvier 2026 portant renouvellement\nde l'habilitation de l'\u00e9tablissement\n\u00ab\u00a0POMPES FUN\u00c8BRES CRISTOL GHIO\u00a0\u00bb\n765 boulevard Jean Moulin - 83700 SAINT-RAPHA\u00cbL g\u00e9r\u00e9 par la SAS \u00ab\u00a0FUNECAP SUD-EST\u00a0\u00bb\n23\n| =PREFETDU VARLibert\u00e9Egalit\u00e9Fraternit\u00e9\nDirection de la citoyennet\u00e9 et de la l\u00e9galit\u00e9\nBureau des \u00e9lections et de la r\u00e9glementation g\u00e9n\u00e9rale\nAnnexe \u00e0 l'arr\u00eat\u00e9 n\u00b0DCL/BERG/2025/0006 du 30 janvier 2026\nHabilitation n\u00b026-83-0107\nIdentification des v\u00e9hicules intervenant pour l'\u00e9tablissement :\nPOMPES FUN\u00c8BRES CRISTOL GHIO\ng\u00e9r\u00e9 par la SAS FUNECAP SUD-EST\nSis 765 boulevard Jean Moulin \u2013 83700 SAINT-RAPHA\u00cbL\nTransport de corps avant et apr\u00e8s mise en bi\u00e8re\nDY-032-DR\nDY-048-DQ\nDY-894-DQ\nT\u00e9l : 04 94 18 83 83\nM\u00e9l : pref-funeraires@var.gouv.fr\nBd du 112\u00e8me R\u00e9giment d'Infanterie\nCS 31 209 - 83070 TOULON CEDEX\nPr\u00e9fecture du VAR - 83-2026-01-30-00007 - ARR\u00caT\u00c9 PR\u00c9FECTORAL n\u00b0 DCL/BERG/2026/0006 du 30 janvier 2026 portant renouvellement\nde l'habilitation de l'\u00e9tablissement\n\u00ab\u00a0POMPES FUN\u00c8BRES CRISTOL GHIO\u00a0\u00bb\n765 boulevard Jean Moulin - 83700 SAINT-RAPHA\u00cbL g\u00e9r\u00e9 par la SAS \u00ab\u00a0FUNECAP SUD-EST\u00a0\u00bb\n24\nPr\u00e9fecture du VAR\n83-2026-01-30-00005\nARR\u00caT\u00c9 PR\u00c9FECTORAL n\u00b0 DCL/BERG/2026/0007\ndu 30 janvier 2026 portant renouvellement\nd'habilitation de l'\u00e9tablissement \u00ab\u00a0ROC\nECLERC\u00a0\u00bb 19 boulevard Jean-Jaur\u00e8s - 83300\nDRAGUIGNAN g\u00e9r\u00e9 par la SAS \u00ab\u00a0FUNECAP\nSUD-EST\u00a0\u00bb\nPr\u00e9fecture du VAR - 83-2026-01-30-00005 - ARR\u00caT\u00c9 PR\u00c9FECTORAL n\u00b0 DCL/BERG/2026/0007 du 30 janvier 2026 portant renouvellement\nd'habilitation de l'\u00e9tablissement \u00ab\u00a0ROC ECLERC\u00a0\u00bb 19 boulevard Jean-Jaur\u00e8s - 83300 DRAGUIGNAN g\u00e9r\u00e9 par la SAS \u00ab\u00a0FUNECAP\nSUD-EST\u00a0\u00bb\n25\n=mPREFETDU VARLibert\u00e9Egalit\u00e9Fraternit\u00e9\nDirection de la citoyennet\u00e9 et de la l\u00e9galit\u00e9\nBureau des \u00e9lections et de la r\u00e9glementation g\u00e9n\u00e9rale\nARR\u00caT\u00c9 PR\u00c9FECTORAL n\u00b0 DCL/BERG/2026/0007 du 30 janvier 2026\nportant renouvellement d'habilitation de l'\u00e9tablissement \u00ab ROC ECLERC \u00bb\n19 boulevard Jean-Jaur\u00e8s \u2013 83300 DRAGUIGNAN\ng\u00e9r\u00e9 par la SAS \u00ab FUNECAP SUD-EST \u00bb\nHabilitation N\u00b0 26-83-0204\nLe Pr\u00e9fet du Var,\nVu le code g\u00e9n\u00e9ral des collectivit\u00e9s territoriales  et notamment ses articles L2223-19, L2223-23 et  \nsuivants ;\nVu la loi n\u00b0 2008-1350 du 19 d\u00e9cembre 2008 relative \u00e0 la l\u00e9gislation fun\u00e9raire ;\nVu le d\u00e9cret du Pr\u00e9sident de la R\u00e9publique du 15 mai 2025, portant nomination de Monsieur  \nSimon BABRE, pr\u00e9fet du Var ;\nVu l'arr\u00eat\u00e9 pr\u00e9fectoral n\u00b0 2025/12/MCI du 2 juin 2025 portant d\u00e9l\u00e9gation de signature \u00e0 Monsieur  \nLucien GIUDICELLI, secr\u00e9taire g\u00e9n\u00e9ral de la pr\u00e9fecture du Var, sous-pr\u00e9fet de l'arrondissement de \nToulon ;\nVu  l'arr\u00eat\u00e9  pr\u00e9fectoral  n\u00b0  2026/02/MCI  du  19  janvier  2026  portant  d\u00e9l\u00e9gation  de  signature  \u00e0 \nMonsieur Lionel Garente, directeur de la citoyennet\u00e9 et de la l\u00e9galit\u00e9 de la pr\u00e9fecture du Var  par \nint\u00e9rim ;\nVu  l'arr\u00eat\u00e9  pr\u00e9fectoral  n\u00b0  DCL/BERG/2021/46  du  2  f\u00e9vrier  2021,  portant  renouvellement \nd'habilitation dans le domaine fun\u00e9raire de l'\u00e9tablissement secondaire \u00ab  ROC ECLERC  \u00bb sis 19  \nboulevard Jean Jaur\u00e8s \u00e0 Draguignan (83300) jusqu'au 1er f\u00e9vrier 2026 inclus ;\nVu la demande du 24 novembre 2025 de renouvellement d'habilitation de l'\u00e9tablissement \u00ab ROC \nECLERC \u00bb 19 boulevard Jean Jaur\u00e8s \u00e0 Draguignan (83300) , formul\u00e9e par Monsieur Pascal FERRERO,  \ndirecteur ex\u00e9cutif adjoint \u2013 p\u00f4le PACA EST de la SAS \u00ab FUNECAP SUD-EST \u00bb dont le si\u00e8ge est situ\u00e9 \nrue du souvenir fran\u00e7ais, quartier Saint-Roch \u00e0 Cuers (83390);\nConsid\u00e9rant la compl\u00e9tude du dossier ;\nSur proposition du secr\u00e9taire g\u00e9n\u00e9ral de la pr\u00e9fecture ;\nARR\u00caTE\nArticle 1  : L'\u00e9tablissement \u00ab ROC ECLERC \u00bb situ\u00e9 19 boulevard Jean Jaur\u00e8s \u00e0 Draguignan (83300),  \ng\u00e9r\u00e9 par la SAS  \u00ab FUNECAP SUD-EST  \u00bb dont le si\u00e8ge est situ\u00e9 rue du souvenir fran\u00e7ais, quartier  \nSaint-Roch  \u00e0  Cuers  (83390),  repr\u00e9sent\u00e9  par  son  directeur  ex\u00e9cutif  adjoint  \u2013  p\u00f4le  PACA-EST, \nMonsieur Pascal FERRERO, est habilit\u00e9 pour exercer les activit\u00e9s suivantes :\n1 - Transport de corps avant et apr\u00e8s mise en bi\u00e8re,\n2 - Organisation des obs\u00e8ques,\n3 - Soins de conservation, en sous-traitance avec l'\u00e9tablissement \u00ab AMV Thanato \u00bb, sis 380 avenue \nde Fabron \u2013 La Couronne de Fabron \u00e0 Nice (06200), habilit\u00e9 sous le num\u00e9ro 23-06-0280,\n1/2\nPr\u00e9fecture du VAR - 83-2026-01-30-00005 - ARR\u00caT\u00c9 PR\u00c9FECTORAL n\u00b0 DCL/BERG/2026/0007 du 30 janvier 2026 portant renouvellement\nd'habilitation de l'\u00e9tablissement \u00ab\u00a0ROC ECLERC\u00a0\u00bb 19 boulevard Jean-Jaur\u00e8s - 83300 DRAGUIGNAN g\u00e9r\u00e9 par la SAS \u00ab\u00a0FUNECAP\nSUD-EST\u00a0\u00bb\n26\n4 - Fourniture  des  housses,  cercueils  et  accessoires  int\u00e9rieur  et  ext\u00e9rieur  ainsi  que  des  urnes\ncin\u00e9raires,\n7 - Fourniture des corbillards et voitures de deuil, list\u00e9s en annexe du pr\u00e9sent arr\u00eat\u00e9,\n8 - Fourniture de personnel et des objets et prestations n\u00e9cessaires aux obs\u00e8ques, inhumations,  \nexhumations et cr\u00e9mations.\nArticle 2     : L'habilitation porte le num\u00e9ro 26-83-0204.\nArticle 3     :  La pr\u00e9sente habilitation est accord\u00e9e pour une dur\u00e9e de cinq ans \u00e0 compter du 02  \nf\u00e9vrier 2026, et jusqu'au 1er f\u00e9vrier 2031 inclus.\nPour solliciter le renouvellement de la pr\u00e9sente habilitation, le b\u00e9n\u00e9ficiaire devra faire parvenir sa  \ndemande en pr\u00e9fecture au plus tard deux mois avant sa date de fin de validit\u00e9.\nArticle 4     : Conform\u00e9ment aux articles L.2223-25 et R.2223-64 du code g\u00e9n\u00e9ral des collectivit\u00e9s  \nterritoriales, et \u00e0 d\u00e9faut de la production, dans les meilleurs d\u00e9lais, des justificatifs de conformit\u00e9  \ndes \u00e9quipements, la pr\u00e9sente habilitation pourra \u00eatre suspendue pour une dur\u00e9e maximale d'un  \nan ou retir\u00e9e, apr\u00e8s mise en demeure, pour les motifs suivants :\n- non-respect des conditions de sa d\u00e9livrance telles qu'elles sont d\u00e9finies par les dispositions du  \ncode g\u00e9n\u00e9ral des collectivit\u00e9s territoriales ;\n- non exercice ou cessation d'exercice des activit\u00e9s au titre desquelles elle a \u00e9t\u00e9 d\u00e9livr\u00e9e ;\n- atteinte \u00e0 l'ordre public ou danger pour la salubrit\u00e9 publique.\nDans les cas o\u00f9 le b\u00e9n\u00e9ficiaire est un d\u00e9l\u00e9gataire, le retrait d'habilitation entra\u00eene la d\u00e9ch\u00e9ance  \ndes d\u00e9l\u00e9gations.\nArticle 5     : Le secr\u00e9taire g\u00e9n\u00e9ral de la pr\u00e9fecture du Var est charg\u00e9 de l'ex\u00e9cution du pr\u00e9sent arr\u00eat\u00e9 \nqui sera publi\u00e9 au recueil des actes administratifs de la pr\u00e9fecture du Var et dont une copie sera  \nadress\u00e9e au maire de la commune de Draguignan pour information.\nFait \u00e0 Toulon, le 30 janvier 2026\nPour le pr\u00e9fet et par d\u00e9l\u00e9gation,\nLe directeur par int\u00e9rim,\nSign\u00e9\nLionel GARENTE\nDans un d\u00e9lai de deux mois \u00e0 compter de la date de la notification ou de la publication du pr\u00e9sent arr\u00eat\u00e9 au recueil des actes administratifs de la \npr\u00e9fecture, les recours suivants peuvent \u00eatre introduits conform\u00e9ment aux dispositions des articles R. 421-1 et suivants du code de justice \nadministrative :\n- un recours gracieux, adress\u00e9 \u00e0 :\nM. le Pr\u00e9fet du Var - Boulevard du 112\u00e8me r\u00e9giment d'infanterie - CS 31209 - 83070 TOULON CEDEX\n- un recours hi\u00e9rarchique, adress\u00e9 au(x) ministre(s) concern\u00e9(s) ;\nDans ces deux cas, le silence de l'Administration vaut rejet implicite au terme d'un d\u00e9lai de deux mois.\nApr\u00e8s un recours gracieux ou hi\u00e9rarchique, le d\u00e9lai du recours contentieux ne court qu'\u00e0 compter du rejet explicite ou implicite de l'un de ces \nrecours.\n- un recours contentieux, en saisissant le Tribunal Administratif de Toulon : 5 rue Racine -BP 40510 - 83 041 TOULON CEDEX 9\nLe tribunal administratif peut \u00eatre saisi par l'application informatique \u00ab T\u00e9l\u00e9cours \u00bb accessible par le site internet www.telecours.fr.\n2/2\nPr\u00e9fecture du VAR - 83-2026-01-30-00005 - ARR\u00caT\u00c9 PR\u00c9FECTORAL n\u00b0 DCL/BERG/2026/0007 du 30 janvier 2026 portant renouvellement\nd'habilitation de l'\u00e9tablissement \u00ab\u00a0ROC ECLERC\u00a0\u00bb 19 boulevard Jean-Jaur\u00e8s - 83300 DRAGUIGNAN g\u00e9r\u00e9 par la SAS \u00ab\u00a0FUNECAP\nSUD-EST\u00a0\u00bb\n27\n| =PREFETDU VARLibert\u00e9Egalit\u00e9Fraternit\u00e9\nDirection de la citoyennet\u00e9 et de la l\u00e9galit\u00e9\nBureau des \u00e9lections et de la r\u00e9glementation g\u00e9n\u00e9rale\nAnnexe \u00e0 l'arr\u00eat\u00e9 n\u00b0DCL/BERG/2026/0007 du 30 janvier 2026\nRenouvellement d'habilitation n\u00b026-83-0204\nIdentification des v\u00e9hicules intervenant pour l'\u00e9tablissement :\nROC-ECLERC\ng\u00e9r\u00e9 par la SAS FUNECAP SUD-EST\nSis 19 boulevard Jean Jaur\u00e8s \u2013 83300 Draguignan\nTransport de corps avant et apr\u00e8s mise en bi\u00e8re\nDY-032-DR\nDY-048-DQ\nDY-894-DQ\nT\u00e9l : 04 94 18 83 83\nM\u00e9l : pref-funeraires@var.gouv.fr\nBd du 112\u00e8me R\u00e9giment d'Infanterie\nCS 31 209 - 83070 TOULON CEDEX\nPr\u00e9fecture du VAR - 83-2026-01-30-00005 - ARR\u00caT\u00c9 PR\u00c9FECTORAL n\u00b0 DCL/BERG/2026/0007 du 30 janvier 2026 portant renouvellement\nd'habilitation de l'\u00e9tablissement \u00ab\u00a0ROC ECLERC\u00a0\u00bb 19 boulevard Jean-Jaur\u00e8s - 83300 DRAGUIGNAN g\u00e9r\u00e9 par la SAS \u00ab\u00a0FUNECAP\nSUD-EST\u00a0\u00bb\n28\nPr\u00e9fecture du VAR\n83-2026-01-30-00004\nARR\u00caT\u00c9 PR\u00c9FECTORAL n\u00b0 DCL/BERG/2026/0012\ndu 30 janvier 2026 modifiant l'arr\u00eat\u00e9 pr\u00e9fectoral\nn\u00b0 DCL/BERG/2025/0298 du 24 d\u00e9cembre 2025\nfixant la liste des publications de presse et\nservices de presse en ligne\nhabilit\u00e9s \u00e0 recevoir les annonces judiciaires et\nl\u00e9gales pour l'ann\u00e9e 2026\nPr\u00e9fecture du VAR - 83-2026-01-30-00004 - ARR\u00caT\u00c9 PR\u00c9FECTORAL n\u00b0 DCL/BERG/2026/0012 du 30 janvier 2026 modifiant l'arr\u00eat\u00e9\npr\u00e9fectoral n\u00b0 DCL/BERG/2025/0298 du 24 d\u00e9cembre 2025 fixant la liste des publications de presse et services de presse en ligne\nhabilit\u00e9s \u00e0 recevoir les annonces judiciaires et l\u00e9gales pour l'ann\u00e9e 2026\n29\n=mPREFETDU VARLibert\u00e9Egalit\u00e9Fraternit\u00e9\nDirection de la citoyennet\u00e9 et de la l\u00e9galit\u00e9\nBureau des \u00e9lections et de la r\u00e9glementation g\u00e9n\u00e9rale\nARR\u00caT\u00c9 PR\u00c9FECTORAL n\u00b0 DCL/BERG/2026/0012 du 30 janvier 2026\nmodifiant l'arr\u00eat\u00e9 pr\u00e9fectoral n\u00b0 DCL/BERG/2025/0298 du 24 d\u00e9cembre 2025\nfixant la liste des publications de presse et services de presse en ligne\nhabilit\u00e9s \u00e0 recevoir les annonces judiciaires et l\u00e9gales pour l'ann\u00e9e 2026\nLe Pr\u00e9fet du Var,\nVu la loi n\u00b0 55-4 du 4 janvier 1955 modifi\u00e9e concernant les annonces judiciaires et l\u00e9gales ;\nVu la loi n\u00b0 86-897 du 1 er ao\u00fbt 1986 modifi\u00e9e portant r\u00e9forme du r\u00e9gime juridique de la  \npresse ;\nVu le d\u00e9cret n\u00b0 2009-1340 du 29 octobre 2009 modifi\u00e9 pris pour application de l'article 1 er de \nla loi n\u00b0 86-897 du 1er ao\u00fbt 1986 portant r\u00e9forme du r\u00e9gime juridique de la presse ;\nVu le d\u00e9cret n\u00b0 2012-1547 du 28 d\u00e9cembre 2012 modifi\u00e9 relatif \u00e0 l'insertion des annonces  \nl\u00e9gales portant sur les soci\u00e9t\u00e9s et fonds de commerce dans une base de donn\u00e9es num\u00e9rique  \ncentrale ;\nVu le d\u00e9cret 2019-1216 du 21 novembre 2019 relatif aux annonces judiciaires et l\u00e9gales ;\nVu le d\u00e9cret n\u00b02020-1178 du 25 septembre 2020 portant modification du d\u00e9cret n\u00b02019-1216  \ndu 21 novembre 2019 relatif aux annonces judiciaires et l\u00e9gales ; \nVu le d\u00e9cret n\u00b0 2022-1393 du 31 octobre 2022 portant modification du d\u00e9cret n\u00b02019-1216 du  \n21 novembre 2019 relatif aux annonces judiciaires et l\u00e9gales ;\nVu le d\u00e9cret du Pr\u00e9sident de la R\u00e9publique du 15 mai 2025, portant nomination de Monsieur  \nSimon BABRE, pr\u00e9fet du Var ;\nVu  l'arr\u00eat\u00e9  du  19  novembre  2021  modifi\u00e9  relatif  \u00e0  la  tarification  et  aux  modalit\u00e9s  de \npublication des annonces judiciaires et l\u00e9gales ;\nVu  l'arr\u00eat\u00e9  pr\u00e9fectoral  n\u00b0  2024/56/MCI  du  2  juin  2025  portant  d\u00e9l\u00e9gation  de  signature  \u00e0 \nMonsieur  Lucien  GIUDICELLI,  secr\u00e9taire  g\u00e9n\u00e9ral  de  la  pr\u00e9fecture  du  Var,  sous-pr\u00e9fet  de \nl'arrondissement de Toulon ;\nVu  l'arr\u00eat\u00e9  pr\u00e9fectoral  n\u00b0  DCL/BERG/2025/0298  du  24  d\u00e9cembre  2025,  fixant  la  liste  des \npublications  de  presse  et  services  de  presse  en  ligne  habilit\u00e9s  \u00e0  recevoir  les  annonces \njudiciaires et l\u00e9gales pour l'ann\u00e9e 2026 ;\nVu la demande du \u00ab GROUPE NICE-MATIN \u00bb le 7 janvier 2026 ;\nVu la demande du \u00ab GROUPE LA MARSEILLAISE \u00bb le 7 janvier 2026 ;\n1/2\nPr\u00e9fecture du VAR - 83-2026-01-30-00004 - ARR\u00caT\u00c9 PR\u00c9FECTORAL n\u00b0 DCL/BERG/2026/0012 du 30 janvier 2026 modifiant l'arr\u00eat\u00e9\npr\u00e9fectoral n\u00b0 DCL/BERG/2025/0298 du 24 d\u00e9cembre 2025 fixant la liste des publications de presse et services de presse en ligne\nhabilit\u00e9s \u00e0 recevoir les annonces judiciaires et l\u00e9gales pour l'ann\u00e9e 2026\n30\nSur proposition du secr\u00e9taire g\u00e9n\u00e9ral de la pr\u00e9fecture du Var ;\nARR\u00caTE\nArticle 1  :  L'article 1 de l'arr\u00eat\u00e9 pr\u00e9fectoral n\u00b0 DCL/BERG/2025/0298 du 24 d\u00e9cembre 2025  \nsusvis\u00e9 est modifi\u00e9 comme suit :\nPour  les  services  de  presse  en  ligne     :   Le  site  internet  du  service  de  presse  en  ligne  du \n\u00ab GROUPE  NICE-MATIN \u00bb  situ\u00e9  boulevard  du  Mercantour,  06290  NICE  Cedex  3,  pour  la \npublication d'annonces judiciaires et l\u00e9gales dans le d\u00e9partement du Var est nicematin.com.\nPour  les  publications  de  presse     :   Le  service  de  publication  de  presse  \u00e9crite  de  \n\u00ab LA  MARSEILLAISE \u00bb g\u00e9r\u00e9e  par  le  \u00ab GROUPE  LA  MARSEILLAISE \u00bb  situ\u00e9  15  cours  Honor\u00e9 \nd'Estienne  d'Orves,  13001  MARSEILLE  est  habilit\u00e9e  \u00e0  recevoir  des  annonces  judiciaires  et \nl\u00e9gales dans le d\u00e9partement du Var au titre de l'ann\u00e9e 2026.\nArticle 2     : Les autres dispositions de l'arr\u00eat\u00e9 restent inchang\u00e9es.\nArticle 3     :   Le secr\u00e9taire g\u00e9n\u00e9ral de la pr\u00e9fecture du Var  est charg\u00e9 de l'ex\u00e9cution du pr\u00e9sent  \narr\u00eat\u00e9, qui sera publi\u00e9 au recueil des actes administratifs de la pr\u00e9fecture du Var et dont une  \ncopie  sera  adress\u00e9e  au  procureur  g\u00e9n\u00e9ral  pr\u00e8s  la  cour  d'appel  d'Aix-en-Provence,  aux \nprocureurs de la R\u00e9publique pr\u00e8s les tribunaux judiciaires de Toulon et de Draguignan, \u00e0 la  \ndirectrice  d\u00e9partementale  de  la  protection  des  populations  ainsi  qu'aux  directeurs  des \njournaux \u00e9num\u00e9r\u00e9s \u00e0 l'article 1.\nToulon, le 30 janvier 2026\nPour le pr\u00e9fet et par d\u00e9l\u00e9gation,\nle secr\u00e9taire g\u00e9n\u00e9ral,\nSign\u00e9\nLucien GIUDICELLI\nDans un d\u00e9lai de deux mois \u00e0 compter de la date de la notification ou de la publication du pr\u00e9sent arr\u00eat\u00e9 au recueil des actes administratifs de la pr\u00e9fecture, les recours \nsuivants peuvent \u00eatre introduits conform\u00e9ment aux dispositions des articles R. 421-1 et suivants du code de justice administrative :\n- un recours gracieux, adress\u00e9 \u00e0 :\nM. le Pr\u00e9fet du Var - Boulevard du 112\u00e8me r\u00e9giment d'infanterie - CS 31209 - 83070 TOULON CEDEX\n- un recours hi\u00e9rarchique, adress\u00e9 au(x) ministre(s) concern\u00e9(s) ;\nDans ces deux cas, le silence de l'Administration vaut rejet implicite au terme d'un d\u00e9lai de deux mois.\nApr\u00e8s un recours gracieux ou hi\u00e9rarchique, le d\u00e9lai du recours contentieux ne court qu'\u00e0 compter du rejet explicite ou implicite de l'un de ces recours.\n- un recours contentieux, en saisissant le Tribunal Administratif de Toulon : 5 rue Racine -BP 40510 - 83 041 TOULON CEDEX 9\nLe tribunal administratif peut \u00eatre saisi par l'application informatique \u00ab T\u00e9l\u00e9cours \u00bb accessible par le site internet www.telecours.fr.\n2/2\nPr\u00e9fecture du VAR - 83-2026-01-30-00004 - ARR\u00caT\u00c9 PR\u00c9FECTORAL n\u00b0 DCL/BERG/2026/0012 du 30 janvier 2026 modifiant l'arr\u00eat\u00e9\npr\u00e9fectoral n\u00b0 DCL/BERG/2025/0298 du 24 d\u00e9cembre 2025 fixant la liste des publications de presse et services de presse en ligne\nhabilit\u00e9s \u00e0 recevoir les annonces judiciaires et l\u00e9gales pour l'ann\u00e9e 2026\n31\nPr\u00e9fecture du VAR\n83-2026-01-30-00006\nARR\u00caT\u00c9 PR\u00c9FECTORAL n\u00b0 DCL/BERG/2026/0032\ndu 30 janvier 2026 portant renouvellement\nd'habilitation de l'\u00e9tablissement \u00ab\u00a0STE\nFUNERAL\u00a0\u00bb\nsitu\u00e9 1233 Chemin du Rouquier - 83500 LA\nSEYNE-SUR-MER g\u00e9r\u00e9 par la SAS \u00ab\u00a0STE\nFUNERAL\u00a0\u00bb\nPr\u00e9fecture du VAR - 83-2026-01-30-00006 - ARR\u00caT\u00c9 PR\u00c9FECTORAL n\u00b0 DCL/BERG/2026/0032 du 30 janvier 2026 portant renouvellement\nd'habilitation de l'\u00e9tablissement \u00ab\u00a0STE FUNERAL\u00a0\u00bb\nsitu\u00e9 1233 Chemin du Rouquier - 83500 LA SEYNE-SUR-MER g\u00e9r\u00e9 par la SAS \u00ab\u00a0STE FUNERAL\u00a0\u00bb\n32\n=mPREFETDU VARLibert\u00e9Egalit\u00e9Fraternit\u00e9\nDirection de la citoyennet\u00e9 et de la l\u00e9galit\u00e9\nBureau des \u00e9lections et de la r\u00e9glementation g\u00e9n\u00e9rale\nARR\u00caT\u00c9 PR\u00c9FECTORAL n\u00b0 DCL/BERG/2026/0032 du 30 janvier 2026\nportant renouvellement d'habilitation de l'\u00e9tablissement \u00ab STE FUNERAL \u00bb\nsitu\u00e9 1233 Chemin du Rouquier \u2013 83500 LA SEYNE-SUR-MER\ng\u00e9r\u00e9 par la SAS \u00ab STE FUNERAL \u00bb\nHabilitation N\u00b0 26-83-0171\nLe Pr\u00e9fet du Var,\nVu le code g\u00e9n\u00e9ral des collectivit\u00e9s territoriales  et notamment ses articles L2223-19, L2223-23 \net suivants ;\nVu la loi n\u00b0 2008-1350 du 19 d\u00e9cembre 2008 relative \u00e0 la l\u00e9gislation fun\u00e9raire ;\nVu le d\u00e9cret du Pr\u00e9sident de la R\u00e9publique du 15 mai 2025, portant nomination de Monsieur  \nSimon BABRE, pr\u00e9fet du Var ;\nVu  l'arr\u00eat\u00e9  pr\u00e9fectoral  n\u00b0  2025/12/MCI  du  2  juin  2025  portant  d\u00e9l\u00e9gation  de  signature  \u00e0 \nMonsieur  Lucien  GIUDICELLI,  secr\u00e9taire  g\u00e9n\u00e9ral  de  la  pr\u00e9fecture  du  Var,  sous-pr\u00e9fet  de \nl'arrondissement de Toulon ;\nVu l'arr\u00eat\u00e9 pr\u00e9fectoral n\u00b0 2026/02/MCI du 19 janvier 2026 portant d\u00e9l\u00e9gation de signature \u00e0  \nMonsieur Lionel GARENTE, directeur de la citoyennet\u00e9 et de la l\u00e9galit\u00e9 de la pr\u00e9fecture du Var \npar int\u00e9rim ;\nVu l'arr\u00eat\u00e9 pr\u00e9fectoral n\u00b0DCL/BERG/2021/45 du 2 f\u00e9vrier 2021, portant renouvellement de  \nl'habilitation dans le domaine fun\u00e9raire de l'\u00e9tablissement principal \u00ab  FUNERAL \u00bb situ\u00e9 au  \n1233 chemin du Rouquier \u00e0 La Seyne-sur-Mer (83500) jusqu'au 1er f\u00e9vrier inclus ;\nVu la demande du 12 janvier 2026 de renouvellement d'habilitation de l'\u00e9tablissement \u00ab STE \nFUNERAL \u00bb situ\u00e9  1233  Chemin  du  Rouquier  \u00e0  La  Seyne-sur-Mer  (83500), formul\u00e9e  par \nMonsieur Melvin YVARS, pr\u00e9sident, de la SAS \u00ab STE FUNERAL \u00bb ; \nConsid\u00e9rant la compl\u00e9tude du dossier ;\nSur proposition du secr\u00e9taire g\u00e9n\u00e9ral de la pr\u00e9fecture ;\nARR\u00caTE\nArticle 1  : L'\u00e9tablissement \u00ab STE FUNERAL  \u00bb situ\u00e9 1233 Chemin du Rouquier \u00e0 La Seyne-sur-\nMer (83500) ; g\u00e9r\u00e9 par la SAS \u00ab STE FUNERAL \u00bb repr\u00e9sent\u00e9 par son pr\u00e9sident, Monsieur Melvin \nYVARS, est habilit\u00e9 pour exercer les activit\u00e9s suivantes :\n1/2\nPr\u00e9fecture du VAR - 83-2026-01-30-00006 - ARR\u00caT\u00c9 PR\u00c9FECTORAL n\u00b0 DCL/BERG/2026/0032 du 30 janvier 2026 portant renouvellement\nd'habilitation de l'\u00e9tablissement \u00ab\u00a0STE FUNERAL\u00a0\u00bb\nsitu\u00e9 1233 Chemin du Rouquier - 83500 LA SEYNE-SUR-MER g\u00e9r\u00e9 par la SAS \u00ab\u00a0STE FUNERAL\u00a0\u00bb\n33\n4 - Fourniture des housses, cercueils et accessoires int\u00e9rieur et ext\u00e9rieur ainsi que des urnes\ncin\u00e9raires,\n8 - Fourniture  de  personnel  et  des  objets  et  prestations  n\u00e9cessaires  aux  obs\u00e8ques, \ninhumations, exhumations et cr\u00e9mations.\nArticle 2     : L'habilitation porte le num\u00e9ro 26-83-0171.\nArticle  3     :  La  pr\u00e9sente  habilitation  est  accord\u00e9e pour  une  dur\u00e9e  de  cinq  ans  \u00e0  compter \ndu 02 f\u00e9vrier 2026, et jusqu'au 01/02/2031 inclus.\nPour  solliciter  le  renouvellement  de  la  pr\u00e9sente  habilitation,  le  b\u00e9n\u00e9ficiaire  devra  faire \nparvenir sa demande en pr\u00e9fecture au plus tard deux mois avant sa date de fin de validit\u00e9.\nArticle  4     :  Conform\u00e9ment  aux  articles  L.2223-25  et  R.2223-64  du  code  g\u00e9n\u00e9ral  des \ncollectivit\u00e9s  territoriales,  et  \u00e0  d\u00e9faut  de  la  production,  dans  les  meilleurs  d\u00e9lais,  des \njustificatifs de conformit\u00e9 des \u00e9quipements, la pr\u00e9sente habilitation pourra \u00eatre suspendue  \npour une dur\u00e9e maximale d'un an ou retir\u00e9e, apr\u00e8s mise en demeure, pour les motifs suivants :\n- non-respect des conditions de sa d\u00e9livrance telles qu'elles sont d\u00e9finies par les dispositions  \ndu code g\u00e9n\u00e9ral des collectivit\u00e9s territoriales ;\n- non exercice ou cessation d'exercice des activit\u00e9s au titre desquelles elle a \u00e9t\u00e9 d\u00e9livr\u00e9e ;\n- atteinte \u00e0 l'ordre public ou danger pour la salubrit\u00e9 publique.\nDans  les  cas  o\u00f9  le  b\u00e9n\u00e9ficiaire  est  un  d\u00e9l\u00e9gataire,  le  retrait  d'habilitation  entra\u00eene  la \nd\u00e9ch\u00e9ance des d\u00e9l\u00e9gations.\nArticle 5     : Le secr\u00e9taire g\u00e9n\u00e9ral de la pr\u00e9fecture du Var est charg\u00e9 de l'ex\u00e9cution du pr\u00e9sent  \narr\u00eat\u00e9 qui sera publi\u00e9 au recueil des actes administratifs de la pr\u00e9fecture du Var et dont une  \ncopie sera adress\u00e9e au maire de la commune de La Seyne-sur-Mer pour information.\nFait \u00e0 Toulon, le 30 janvier 2026\nPour le pr\u00e9fet et par d\u00e9l\u00e9gation,\nLe directeur par int\u00e9rim,\nSign\u00e9\nLionel GARENTE\nDans un d\u00e9lai de deux mois \u00e0 compter de la date de la notification ou de la publication du pr\u00e9sent arr\u00eat\u00e9 au recueil des actes administratifs de la \npr\u00e9fecture, les recours suivants peuvent \u00eatre introduits conform\u00e9ment aux dispositions des articles R. 421-1 et suivants du code de justice \nadministrative :\n- un recours gracieux, adress\u00e9 \u00e0 :\nM. le Pr\u00e9fet du Var - Boulevard du 112\u00e8me r\u00e9giment d'infanterie - CS 31209 - 83070 TOULON CEDEX\n- un recours hi\u00e9rarchique, adress\u00e9 au(x) ministre(s) concern\u00e9(s) ;\nDans ces deux cas, le silence de l'Administration vaut rejet implicite au terme d'un d\u00e9lai de deux mois.\nApr\u00e8s un recours gracieux ou hi\u00e9rarchique, le d\u00e9lai du recours contentieux ne court qu'\u00e0 compter du rejet explicite ou implicite de l'un de ces \nrecours.\n- un recours contentieux, en saisissant le Tribunal Administratif de Toulon : 5 rue Racine -BP 40510 - 83 041 TOULON CEDEX 9\nLe tribunal administratif peut \u00eatre saisi par l'application informatique \u00ab T\u00e9l\u00e9cours \u00bb accessible par le site internet www.telecours.fr.\n2/2\nPr\u00e9fecture du VAR - 83-2026-01-30-00006 - ARR\u00caT\u00c9 PR\u00c9FECTORAL n\u00b0 DCL/BERG/2026/0032 du 30 janvier 2026 portant renouvellement\nd'habilitation de l'\u00e9tablissement \u00ab\u00a0STE FUNERAL\u00a0\u00bb\nsitu\u00e9 1233 Chemin du Rouquier - 83500 LA SEYNE-SUR-MER g\u00e9r\u00e9 par la SAS \u00ab\u00a0STE FUNERAL\u00a0\u00bb\n34\nPr\u00e9fecture du VAR\n83-2026-01-30-00003\nARR\u00caT\u00c9 PR\u00c9FECTORAL n\u00b0 2026/BSP/PP/002\ninstaurant un p\u00e9rim\u00e8tre de protection \u00e0 Toulon\naux abords et sur le parvis du Stade F\u00e9lix Mayol\nPr\u00e9fecture du VAR - 83-2026-01-30-00003 - ARR\u00caT\u00c9 PR\u00c9FECTORAL n\u00b0 2026/BSP/PP/002\ninstaurant un p\u00e9rim\u00e8tre de protection \u00e0 Toulon aux abords et sur le parvis du Stade F\u00e9lix Mayol 35\n=mPREFETDU VARLibert\u00e9Egalit\u00e9Fraternit\u00e9\nCabinet du Pr\u00e9fet\nDirection des s\u00e9curit\u00e9s\nBureau de la s\u00e9curit\u00e9 publique\nARR\u00caT\u00c9 PR\u00c9FECTORAL n\u00b0 2026/BSP/PP/002\ninstaurant un p\u00e9rim\u00e8tre de protection \u00e0 Toulon aux abords\net sur le parvis du Stade F\u00e9lix Mayol\nLe Pr\u00e9fet du Var,\nVu le code de la s\u00e9curit\u00e9 int\u00e9rieure, notamment ses articles L.226-1, L.511-1 et L.611 ;\nVu le code de proc\u00e9dure p\u00e9nale, notamment ses articles 16, 20 et 21 ;\nVu le  d\u00e9cret  n\u00b0  2004-374  du  29  avril  2004  modifi\u00e9,  relatif  aux  pouvoirs  des  pr\u00e9fets,  \u00e0  \nl'organisation et \u00e0 l'action des services de l'\u00c9tat dans les r\u00e9gions et d\u00e9partements ;\nVu le d\u00e9cret du 15 mai 2025 portant nomination de Monsieur Simon BABRE, pr\u00e9fet du Var ;\nVu l'arr\u00eat\u00e9 n\u00b0 2025/75/MCI du 17 d\u00e9cembre 2025 portant d\u00e9l\u00e9gation de signature \u00e0 Madame  \nJos\u00e9phine GUIGLIANO-BOUTONNET, directrice de cabinet du pr\u00e9fet du Var ;\nVu la rencontre sportive de rugby organis\u00e9e au Stade F\u00e9lix Mayol de Toulon, par le Rugby Club \nToulonnais (RCT) le 14 f\u00e9vrier 2026 ;\nConsid\u00e9rant qu'en application de l'article L.226-1 du code de la s\u00e9curit\u00e9 int\u00e9rieure, \u00ab  afin \nd'assurer la s\u00e9curit\u00e9 d'un lieu ou d'un \u00e9v\u00e9nement expos\u00e9 \u00e0 un risque d'actes de terrorisme \u00e0  \nraison de la nature et de l'ampleur de sa fr\u00e9quentation, le repr\u00e9sentant de l'\u00c9tat dans le  \nd\u00e9partement est autoris\u00e9 \u00e0 instituer un p\u00e9rim\u00e8tre de protection au sein duquel l'acc\u00e8s et la  \ncirculation des personnes sont r\u00e9glement\u00e9s \u00bb ;\nConsid\u00e9rant la pr\u00e9gnance de la menace terroriste sur le territoire national et la n\u00e9cessit\u00e9 de  \nmettre en \u0153uvre les postures Vigipirate d\u00e9cid\u00e9es par le gouvernement ;\nConsid\u00e9rant que le Var est un d\u00e9partement touristique \u00e0 forte fr\u00e9quentation et conna\u00eet un  \nafflux important de population tout au long de l'ann\u00e9e ;\nConsid\u00e9rant l'implantation particuli\u00e8re du stade F\u00e9lix Mayol, situ\u00e9 au c\u0153ur du centre-ville de  \nToulon, jouxtant plusieurs \u00e9tablissements recevant du public, limitrophe du premier port  \nmilitaire fran\u00e7ais ;\nConsid\u00e9rant que les abords et le parvis du stade sont compos\u00e9s en grande partie de trottoirs  \npublics et de voies de circulation routi\u00e8re ;\n1/4\nPr\u00e9fecture du VAR - 83-2026-01-30-00003 - ARR\u00caT\u00c9 PR\u00c9FECTORAL n\u00b0 2026/BSP/PP/002\ninstaurant un p\u00e9rim\u00e8tre de protection \u00e0 Toulon aux abords et sur le parvis du Stade F\u00e9lix Mayol 36\nConsid\u00e9rant que les rencontres sportives peuvent g\u00e9n\u00e9rer des circonstances particuli\u00e8res de  \nnature \u00e0 faire peser des menaces graves pour la s\u00e9curit\u00e9 publique et exposer les populations \u00e0 \nun risque d'acte de terrorisme que ce soit \u00e0 l'int\u00e9rieur ou \u00e0 l'ext\u00e9rieur du stade et  qu'il \nconvient, de fait, de prendre des mesures renforc\u00e9es de surveillance et de s\u00e9curit\u00e9 ;\nConsid\u00e9rant que lors des matchs, il y a lieu d'instaurer un p\u00e9rim\u00e8tre de protection aux abords  \ndu stade F\u00e9lix Mayol aux fins de pr\u00e9vention d'un acte de terrorisme  ; que compte tenu de la  \ntopographie des lieux, ce p\u00e9rim\u00e8tre doit englober la zone mat\u00e9rialis\u00e9e dans le plan pr\u00e9sent en \nannexe  1 ;  que  ce  p\u00e9rim\u00e8tre  doit  \u00eatre  instaur\u00e9  pour  les  jours  de  match  en  raison  des  \nimportants flux et rassemblements de personnes aux abords du stade ;\nSur proposition de la sous-pr\u00e9f\u00e8te, directrice de cabinet du pr\u00e9fet du Var :\nARR\u00caTE     :\nArticle 1  er     :   En vue du match pr\u00e9vu le 14 f\u00e9vrier 2026, il est instaur\u00e9 aux abords du stade Mayol \nun p\u00e9rim\u00e8tre de protection du 14 f\u00e9vrier 2026 \u00e0 18h00 au 15 f\u00e9vrier 2026 \u00e0 01h00.\nArticle 2     :   Ce p\u00e9rim\u00e8tre est d\u00e9limit\u00e9 selon le plan joint en annexe 1. Il sera mat\u00e9rialis\u00e9 sur site  \npar des barri\u00e8res physiques et sera rendu impossible \u00e0 la circulation des v\u00e9hicules \u00e0 l'aide de  \ndispositifs pare-b\u00e9liers.\nArticle 3     :   Le p\u00e9rim\u00e8tre de protection sera arm\u00e9 et d\u00e9sarm\u00e9 sur ordre de l'officier de police  \njudiciaire, responsable du dispositif police nationale, en accord avec l'autorit\u00e9 municipale et  \nle poste de commandement op\u00e9rationnel du stade Mayol. Pendant les p\u00e9riodes d'armement,  \nl'acc\u00e8s et la circulation des personnes et des v\u00e9hicules y sont r\u00e9glement\u00e9s.\nArticle 4     :   Quatre points d'acc\u00e8s \u00e0 ce p\u00e9rim\u00e8tre de protection sont pr\u00e9vus et mat\u00e9rialis\u00e9s sur  \nle plan joint en annexe 1.\nArticle 5     :   Les op\u00e9rations de v\u00e9rification sur les personnes et les v\u00e9hicules, d\u00e9taill\u00e9es ci-apr\u00e8s,  \nsont  plac\u00e9es  sous  la  responsabilit\u00e9  d'un  officier  de  policier  judiciaire,  territorialement  \ncomp\u00e9tent, tel que ceux mentionn\u00e9s aux 2\u00b0 \u00e0 4\u00b0 de l'article 16 du code de proc\u00e9dure p\u00e9nale.\nArticle 6     :   Les op\u00e9rations de v\u00e9rification effectu\u00e9es sur les personnes et d\u00e9taill\u00e9es ci-apr\u00e8s,  \npeuvent \u00eatre r\u00e9alis\u00e9es par des officiers de police judiciaire mentionn\u00e9s aux 2\u00b0 \u00e0 4\u00b0 de l'article  \n16 du code de proc\u00e9dure p\u00e9nale, et, sous la responsabilit\u00e9 de ceux-ci, par des agents de  \npolice judiciaire mentionn\u00e9s \u00e0 l'article 20 du m\u00eame code, par des agents de police judiciaire  \nadjoints mentionn\u00e9s aux 1\u00b0, 1\u00b0 bis, 1\u00b0 ter de l'article 21 du m\u00eame code, par des agents de  \npolice municipale mentionn\u00e9s \u00e0 l'article L.511-1 du code de la s\u00e9curit\u00e9 int\u00e9rieure, ou par des  \nagents de s\u00e9curit\u00e9 priv\u00e9e exer\u00e7ant l'activit\u00e9 mentionn\u00e9e au 1\u00b0 de l'article L.611 du m\u00eame code.\nArticle 7     :   Les op\u00e9rations de v\u00e9rification  effectu\u00e9es sur les v\u00e9hicules et d\u00e9taill\u00e9es ci-apr\u00e8s, ne  \npeuvent \u00eatre accomplies que par des officiers de police judiciaire mentionn\u00e9s aux 2\u00b0 \u00e0 4\u00b0 de  \nl'article 16 du code de proc\u00e9dure p\u00e9nale, et, sous la responsabilit\u00e9 de ceux-ci, par des agents  \nde  police  judiciaire  mentionn\u00e9s  \u00e0  l'article  20  du  m\u00eame  code,  par  des  agents  de  police  \njudiciaire adjoints mentionn\u00e9s aux 1\u00b0, 1\u00b0 bis, 1\u00b0 ter de l'article 21 du m\u00eame code.\n2/4\nPr\u00e9fecture du VAR - 83-2026-01-30-00003 - ARR\u00caT\u00c9 PR\u00c9FECTORAL n\u00b0 2026/BSP/PP/002\ninstaurant un p\u00e9rim\u00e8tre de protection \u00e0 Toulon aux abords et sur le parvis du Stade F\u00e9lix Mayol 37\nArticle  8     :   Pr\u00e9alablement  \u00e0  l'armement  du  p\u00e9rim\u00e8tre  de  protection  indiqu\u00e9  \u00e0  l'article  3,  \nl'int\u00e9rieur de l'enceinte cr\u00e9\u00e9e sera v\u00e9rifi\u00e9 selon les modalit\u00e9s d\u00e9taill\u00e9es ci-apr\u00e8s.\nArticle 9     :   Pour toute personne, l'acc\u00e8s au p\u00e9rim\u00e8tre de protection et la pr\u00e9sence \u00e0 l'int\u00e9rieur  \nde celui-ci sont conditionn\u00e9s aux mesures de contr\u00f4le pr\u00e9alables suivantes  : palpations de  \ns\u00e9curit\u00e9, inspections visuelles, fouilles de sacs et de bagages.\nLa palpation de s\u00e9curit\u00e9 est effectu\u00e9e par une personne de m\u00eame sexe que celle qui en fait  \nl'objet.\nArticle 10     :   A l'int\u00e9rieur du p\u00e9rim\u00e8tre de protection,  la circulation et le stationnement de  \nv\u00e9hicules sont interdits \u00e0 l'exception des v\u00e9hicules des forces de l'ordre et de secours dans le  \ncadre des interventions urgentes. Les v\u00e9hicules de restauration (Food trucks) sont autoris\u00e9s \u00e0  \nstationner, conform\u00e9ment au plan joint en annexe 1, d\u00e8s lors que les cl\u00e9s des v\u00e9hicules sont  \nremises  au  responsable  s\u00e9curit\u00e9,  afin  d'emp\u00eacher  tout  d\u00e9marrage,  et  qu'un  dispositif  \nphysique d'immobilisation est plac\u00e9 sur les v\u00e9hicules, conform\u00e9ment aux exigences de la  \nDirection  Interd\u00e9partementale  de  la  Police  Nationale  du  Var.  Apr\u00e8s  identification,  ces  \nv\u00e9hicules sont autoris\u00e9s \u00e0 acc\u00e9der, \u00e0 circuler et \u00e0 stationner dans le p\u00e9rim\u00e8tre sur ordre de  \nl'officier  de  police  nationale  responsable  du  dispositif,  en  concertation  avec  le  poste  de \ncommandement op\u00e9rationnel du stade Mayol.\nArticle 11     :   T outes les mesures de v\u00e9rification, d\u00e9taill\u00e9es ci-dessus, sont subordonn\u00e9es au  \nconsentement  des  personnes.  En  cas  de  refus  de  s'y  soumettre,  les  personnes  et/ou  les \nv\u00e9hicules ne sont pas admis \u00e0 y p\u00e9n\u00e9trer. Le cas \u00e9ch\u00e9ant, ils sont reconduits \u00e0 l'ext\u00e9rieur du  \np\u00e9rim\u00e8tre.\nCes op\u00e9rations sont effectu\u00e9es uniquement par un officier de police judiciaire mentionn\u00e9 aux \n2\u00b0 \u00e0 4\u00b0 de l'article 16 du code de proc\u00e9dure p\u00e9nale, ou sous la responsabilit\u00e9 de celui-ci, par un \nagent de police judiciaire mentionn\u00e9 \u00e0 l'article 20 ou par un agent de police judiciaire adjoint  \nmentionn\u00e9 aux 1\u00b0, 1\u00b0 bis, 1\u00b0 ter de l'article 21 du m\u00eame code.\nArticle 12     :   Lors de toutes les op\u00e9rations d\u00e9crites ci-dessus, il sera v\u00e9rifi\u00e9 l'absence d'objets  \ninterdits, conform\u00e9ment \u00e0 la liste jointe en annexe 2.\nLa pr\u00e9sente disposition ne s'applique pas aux secours ni aux forces de l'ordre employ\u00e9s sur le  \np\u00e9rim\u00e8tre pour leurs missions respectives.\nLes fonctionnaires de la police nationale et les militaires de la gendarmerie nationale qui  \nsouhaitent acc\u00e9der au p\u00e9rim\u00e8tre de protection, en dehors de leurs heures de service et avec  \nleurs armes de service conform\u00e9ment aux r\u00e8gles en vigueur, devront \u00eatre contr\u00f4l\u00e9s par un  \nofficier de police judiciaire mentionn\u00e9 aux 2\u00b0 \u00e0 4\u00b0 de l'article 16 du code de proc\u00e9dure p\u00e9nale, \nou  sous  la  responsabilit\u00e9  de  celui-ci,  par  un  agent  de  police  judiciaire  mentionn\u00e9  \u00e0  \nl'article 20 ou par un agent de police judiciaire adjoint mentionn\u00e9 aux 1\u00b0, 1\u00b0 bis, 1\u00b0 ter de  \nl'article 21 du m\u00eame code. L'acc\u00e8s \u00e0 l'enceinte sera possible uniquement apr\u00e8s identification  \nconforme et \u00e0 la condition que le port de l'arme ne soit pas apparent.\nArticle 13     :   Des commerces et d\u00e9bits de boissons peuvent avoir une activit\u00e9 \u00e0 l'int\u00e9rieur du  \np\u00e9rim\u00e8tre  de  protection  institu\u00e9,  sous  r\u00e9serve  qu'ils  d\u00e9tiennent  les  autorisations  \nadministratives n\u00e9cessaires et qu'ils respectent les r\u00e8gles relatives aux objets interdits vis\u00e9es \u00e0  \nl'article 12.\n3/4\nPr\u00e9fecture du VAR - 83-2026-01-30-00003 - ARR\u00caT\u00c9 PR\u00c9FECTORAL n\u00b0 2026/BSP/PP/002\ninstaurant un p\u00e9rim\u00e8tre de protection \u00e0 Toulon aux abords et sur le parvis du Stade F\u00e9lix Mayol 38\nArticle 14     :   La directrice de cabinet et le directeur interd\u00e9partemental de la police nationale  \ndu Var sont charg\u00e9s, chacun en ce qui le concerne, de l'ex\u00e9cution du pr\u00e9sent arr\u00eat\u00e9 qui sera  \npubli\u00e9 au recueil des actes administratifs de la pr\u00e9fecture du Var.\nUn exemplaire sera transmis, au procureur de la R\u00e9publique pr\u00e8s le tribunal de justice de  \nToulon,  \u00e0  la  maire  de  la  ville  de  Toulon  et  au  directeur  interd\u00e9partemental  de  la  police \nnationale  du  Var.  Il sera,  par  ailleurs,  notifi\u00e9  au  Rugby  Club  Toulonnais,  organisateur  de  \nl'\u00e9v\u00e8nement.\nFait \u00e0 Toulon le 30 janvier 2026\nPour le Pr\u00e9fet et par d\u00e9l\u00e9gation,\nLa Directrice de Cabinet\nSign\u00e9 \nJos\u00e9phine GUIGLIANO-BOUTONNET\nDans un d\u00e9lai de deux mois \u00e0 compter de la date de la notification ou de la publication du pr\u00e9sent arr\u00eat\u00e9 au recueil des actes administratifs de la pr\u00e9fecture, \nles recours suivants peuvent \u00eatre introduits conform\u00e9ment aux dispositions des articles R. 421-1 et suivants du code de justice administrative :\n- un recours gracieux, adress\u00e9 \u00e0 :\n M. le Pr\u00e9fet du Var \u2013 Boulevard du 112\u00e8me r\u00e9giment d'infanterie - CS 31209 - 83070 TOULON CEDEX\n- un recours hi\u00e9rarchique, adress\u00e9 au(x) ministre(s) concern\u00e9(s) ;\nDans ces deux cas, le silence de l'Administration vaut rejet implicite au terme d'un d\u00e9lai de deux mois.\nApr\u00e8s un recours gracieux ou hi\u00e9rarchique, le d\u00e9lai du recours contentieux ne court qu'\u00e0 compter du rejet explicite ou implicite de l'un de ces recours.\n- un recours contentieux, en saisissant le Tribunal Administratif de Toulon  : 5 rue Racine -BP 40510 - 83  041 TOULON CEDEX 9. Le tribunal  \nadministratif peut \u00e9galement \u00eatre saisi par l'application informatique \"T\u00e9l\u00e9recours citoyens\", accessible par le site internet www.telerecours.fr.\n4/4\nPr\u00e9fecture du VAR - 83-2026-01-30-00003 - ARR\u00caT\u00c9 PR\u00c9FECTORAL n\u00b0 2026/BSP/PP/002\ninstaurant un p\u00e9rim\u00e8tre de protection \u00e0 Toulon aux abords et sur le parvis du Stade F\u00e9lix Mayol 39\nL\u00e9gendeFan Zone                       Barnum boutique RCTEntr\u00e9es Fan ZoneSorties Fan ZoneGroupe \u00e9lectrog\u00e8neMaquillageFood trucksAnimation musicalBuvettes\nFan Zone \u2013 Stade Mayol\n68.00\nPr\u00e9fecture du VAR - 83-2026-01-30-00003 - ARR\u00caT\u00c9 PR\u00c9FECTORAL n\u00b0 2026/BSP/PP/002\ninstaurant un p\u00e9rim\u00e8tre de protection \u00e0 Toulon aux abords et sur le parvis du Stade F\u00e9lix Mayol 40\nREGLEMENTObjets interditsProhibited items\nAE p\u00e9bard M\u00e9gaphone Drone Perche dselFies Bouteille, canette Vuvuzelo, laser Animalet autres articles et tout autre (sauf chienpurotechniques QUE L plus quide)eb0C\nObjets soumis \u00e0 autorisationItems subject to prior authorisation\nmieth ealHampe de Banderole, Tambour Parapluie Bouteille et Appareil photo Valises, bagage Casque ebdrapeauxeC drapeou, voile et autre contenant eC SOc sup\u00e9rieurs encombrantele \" maillot g\u00e9ant de moins de 50 cl \u00f9 45x36x20 cmanderole\n\u00a2 Tout objet pouvant servir d'arme par destination(couteau, outils...) : ces objets ne peuvent pas donnerlieu \u00e0 un d\u00e9p\u00f4t en consigne.\u00a2 L'acc\u00e8s au stade est interdit \u00e0 toute personne en\u00e9tat d'\u00e9bri\u00e9t\u00e9 ou sous l'emprise de stup\u00e9fiant.\n\u00a2 Les banderoles, drapeaux ou panneaux contenant unmessage \u00e0 caract\u00e8re raciste, x\u00e9nophobe, politique,philosophique sont interdits (contr\u00f4le visuel obligatoire).\u00a2 Si un propri\u00e9taire d'objet non autoris\u00e9 refuse de s'ens\u00e9parer, l'acc\u00e8s au stade lui sera interdit.\nANNEXE 2\nPr\u00e9fecture du VAR - 83-2026-01-30-00003 - ARR\u00caT\u00c9 PR\u00c9FECTORAL n\u00b0 2026/BSP/PP/002\ninstaurant un p\u00e9rim\u00e8tre de protection \u00e0 Toulon aux abords et sur le parvis du Stade F\u00e9lix Mayol 41\nSous-pr\u00e9fecture de Brignoles\n83-2026-01-28-00002\nAP portant autorisation d'enfouissement de ligne\n\u00e9lectrique au sein de la r\u00e9serve naturelle\nnationale de la plaine des Maures sur la\ncommune du Cannet-des-Maures\nSous-pr\u00e9fecture de Brignoles - 83-2026-01-28-00002 - AP portant autorisation d'enfouissement de ligne \u00e9lectrique au sein de la r\u00e9serve\nnaturelle nationale de la plaine des Maures sur la commune du Cannet-des-Maures 42\n=mPREFETDU VARLibert\u00e9Egalit\u00e9Fraternit\u00e9\nDirection R\u00e9gionale de l'Environnement,\nde l'Am\u00e9nagement et du Logement\nService Biodiversit\u00e9, Eau et Paysages\nARR\u00caT\u00c9 PR\u00c9FECTORAL \u2013 n\u00b0 03 du 28 janvier 2026\nportant autorisation d'enfouissement de ligne \u00e9lectrique au sein de la r\u00e9serve naturelle \nnationale de la plaine des Maures sur la commune du Cannet-des-Maures\nLe Pr\u00e9fet du Var,\nVu le code de l'environnement, notamment les articles L.332-9 et R.332-23 \u00e0 25 ;\nVu le d\u00e9cret n\u00b02009-754 du 23 juin 2009 portant cr\u00e9ation de la r\u00e9serve naturelle nationale  \n(RNN) de la plaine des Maures (83), notamment son article 10 ;\nVu le d\u00e9cret du pr\u00e9sident de la R\u00e9publique du 15 mai 2025 nommant M. Simon BABRE, pr\u00e9fet  \ndu Var ;\nVu l'arr\u00eat\u00e9 du ministre de la transition \u00e9cologique et de la coh\u00e9sion des territoires du 26 ao\u00fbt  \n2022  portant  nommant  M.  S\u00e9bastien  FOREST  directeur  r\u00e9gional  de  l'environnement,  de \nl'am\u00e9nagement et du logement de la r\u00e9gion Provence-Alpes-C\u00f4te d'Azur \u00e0 compter du 1 er \noctobre 2022 ;\nVu la demande d'autorisation d\u00e9pos\u00e9e par M. Kevin RAVILLY, charg\u00e9 de projet pour la soci\u00e9t\u00e9 \nEnedis DR C\u00f4te d'Azur, le 21 octobre 2024 ;\nVu l'avis du 20 janvier 2025 du gestionnaire de la RNN de la plaine des Maures ;\nVu l'avis du Conseil scientifique de la RNN de la plaine des Maures r\u00e9f\u00e9renc\u00e9 CS-2025-09 du 15 \njuin 2025 ;\nVu la consultation de la commune du Cannet-des-Maures, en date du 24 septembre 2025 et  \nl'absence d'avis dans un d\u00e9lai de 3 mois \u00e0 compter de la saisine, conform\u00e9ment \u00e0 l'article  \nR332-24 du Code de l'environnement ;\nVu la consultation du public r\u00e9alis\u00e9e sur le site internet de la DREAL PACA du 13 au 30  \nnovembre 2025 ;\nVu l'avis de la Commission D\u00e9partementale de la Nature, des Paysages et des Sites formation  \nNature du 20 octobre 2025 ;\nVu l'avis du Conseil Scientifique R\u00e9gional du Patrimoine Naturel du 27 novembre 2025 ;\nConsid\u00e9rant que les emprises du projet faisant l'objet de la pr\u00e9sente demande d'autorisation  \nportent majoritairement sur des espaces agricoles, et que le projet permettra de d\u00e9poser la  \nligne a\u00e9rienne existante ;\nSous-pr\u00e9fecture de Brignoles - 83-2026-01-28-00002 - AP portant autorisation d'enfouissement de ligne \u00e9lectrique au sein de la r\u00e9serve\nnaturelle nationale de la plaine des Maures sur la commune du Cannet-des-Maures 43\nConsid\u00e9rant  les  mesures  d'\u00e9vitement  et  de  r\u00e9duction  des  impacts  des  travaux  \nd'enfouissement de ligne \u00e9lectrique propos\u00e9es par Enedis, par le gestionnaire et par le conseil \nscientifique de la RNN de la plaine des Maures ;\nSur proposition du directeur r\u00e9gional de l'environnement, de l'am\u00e9nagement et du logement,\nARR\u00caTE :\nArticle 1     : Identit\u00e9 du b\u00e9n\u00e9ficiaire de l'autorisation  \nLe b\u00e9n\u00e9ficiaire de l'autorisation est la soci\u00e9t\u00e9 ENEDIS DR C\u00f4te d'Azur, sise au n\u00b0836, route  \nd\u00e9partementale 97 , 83130 La Garde, ci-apr\u00e8s respectivement d\u00e9nomm\u00e9e le ma\u00eetre d'ouvrage \nprincipal, ainsi que ses mandataires.\nArticle 2     : Nature de l'autorisation  \nL'autorisation  porte  sur  le  raccordement  du  poste  priv\u00e9  au  r\u00e9seau,  n\u00e9cessitant  la  \nrestructuration du r\u00e9seau et la mise en souterrain d'un c\u00e2ble HTA. Ce c\u00e2ble sera install\u00e9 sous  \nla piste existante traversant un vignoble et franchira le Riau Tort en forage dirig\u00e9 sur une  \nlongueur de 87  ml et de 160  mm de section passant \u00e0 4.20  m de profondeur. Ce forage sera  \neffectu\u00e9 depuis le Domaine de la Scie pour ressortir au lieu-dit \" Font salade \", hors RNN.\nEn dehors de la zone du Riau Tort, de sa ripisylve et des zones \u00e0 enjeux \u00e9cologiques mises en  \nd\u00e9fens,  une  tranch\u00e9e  d'une  largeur  moyenne  de  20  \u00e0  40 cm  selon  le  mat\u00e9riel  utilis\u00e9 \n(trancheuse ou pelle traditionnelle) sera r\u00e9alis\u00e9e sur une profondeur d'1 m.\nLa p\u00e9riode pr\u00e9visionnelle de travaux est de 2 mois.\nArticle 3     : Mesures d'\u00e9vitement et de r\u00e9duction  \nLe ma\u00eetre d'ouvrage s'engage \u00e0 r\u00e9aliser les travaux conform\u00e9ment aux mesures pr\u00e9vues dans le \ndossier de demande d'autorisation, mentionn\u00e9es dans les avis des instances consult\u00e9es et  \nreprises dans le pr\u00e9sent article, qu'il prend int\u00e9gralement en charge :\n\u2022 l'adoption d'un calendrier d'intervention en dehors des p\u00e9riodes de forte sensibilit\u00e9  \n\u00e9cologique, soit la r\u00e9alisation des travaux entre novembre et  la mi-mars ;\n\u2022 le choix d'une implantation majoritairement sur les pistes agricoles et en forage dirig\u00e9  \nsous le Riau Tort et sa ripisylve pour \u00e9viter les impacts sur des zones \u00e0 fortes sensibilit\u00e9s \n\u00e9cologiques ;\n\u2022 la mat\u00e9rialisation de la zone d'emprise des travaux et de stockage des mat\u00e9riaux en  \nconcertation avec les agents de la RNN ;\n\u2022 la mise en d\u00e9fens des milieux naturels, de la ripisylve et des berges du Riau Tort ;\n\u2022 le contr\u00f4le pr\u00e9alable des zones d'emprise de projet par un \u00e9cologue exp\u00e9riment\u00e9, avec \nmise en protection par \u00e9loignement des individus de Tortue d'Hermann et/ ou autres  \nesp\u00e8ces prot\u00e9g\u00e9es (Cistude) pr\u00e9sents sur la zone de chantier ;\n\u2022 le contr\u00f4le du bon \u00e9tat des engins de chantier ;\n\u2022 le stockage de mat\u00e9riaux (sables, graviers\u2026) r\u00e9alis\u00e9 sur des b\u00e2ches en g\u00e9otextile et  \nretrait des surplus en fin du chantier ;\n\u2022 l'absence d'abattage ou d'\u00e9lagage d'arbre ;\n\u2022 l'absence de stationnement ou de circulation d'engin en milieu naturel ;\nSous-pr\u00e9fecture de Brignoles - 83-2026-01-28-00002 - AP portant autorisation d'enfouissement de ligne \u00e9lectrique au sein de la r\u00e9serve\nnaturelle nationale de la plaine des Maures sur la commune du Cannet-des-Maures 44\n\u2022 le lavage des engins de chantier pr\u00e9alablement \u00e0 l'entr\u00e9e dans la RNN  ;\n\u2022 le rebouchage des tranch\u00e9es avec du sol originel de la zone d'implantation ;\n\u2022 le suivi environnemental du chantier par un \u00e9cologue exp\u00e9riment\u00e9 pour assurer la  \nbonne mise en \u0153uvre des mesures environnementales ;\n\u2022 la pr\u00e9sence d'un agent de la RNN durant les travaux.\nArticle 4     : P\u00e9riode de validit\u00e9  \nLa pr\u00e9sente autorisation est d\u00e9livr\u00e9e, pour la mise en \u0153uvre des travaux pr\u00e9vus \u00e0 l'article 2, \u00e0  \ncompter de la date de signature du pr\u00e9sent arr\u00eat\u00e9 jusqu'au 1er mars 2027 .\nArticle 5     : Mesures de contr\u00f4le  \nLe ma\u00eetre d'ouvrage principal informera au pr\u00e9alable le gestionnaire de la RNN et la DREAL de \nla  date  de  d\u00e9but  du  chantier.  Il  transmettra  \u00e9galement  un  rapport  de  synth\u00e8se  rendant \ncompte  des  conditions  d'ex\u00e9cution  de  la  pr\u00e9sente  autorisation  avant  le  30  avril  suivant \nl'ex\u00e9cution des travaux.\nLe contr\u00f4le du respect de ces prescriptions sera assur\u00e9 par l'\u00e9quipe de la r\u00e9serve naturelle  \nnationale.\nArticle 6     : Sanctions  \nLe non-respect du pr\u00e9sent arr\u00eat\u00e9 est passible des sanctions d\u00e9finies aux articles R 332-69 et  \nsuivants  du  code  de  l'environnement  ainsi  que,  le  cas  \u00e9ch\u00e9ant,  des  sanctions  pr\u00e9vues  \u00e0 \nl'article L.415-3 du m\u00eame code.\nA  rticle 7     : D\u00e9lais et voies de recours  \nLa pr\u00e9sente d\u00e9cision peut \u00eatre d\u00e9f\u00e9r\u00e9e aupr\u00e8s du tribunal administratif de Toulon dans un  \nd\u00e9lai de deux mois \u00e0 compter de la date de sa notification ou de sa publication. Elle peut faire \nl'objet d'un recours gracieux ou hi\u00e9rarchique dans ce m\u00eame d\u00e9lai, qui prolonge de deux mois  \nle d\u00e9lai susmentionn\u00e9.\nLe  tribunal  administratif  de  Toulon  peut  \u00eatre  saisi,  non  seulement  par  courrier,  mais \n\u00e9galement  par  l'application  informatique  \u00ab T\u00e9l\u00e9recours  citoyens \u00bb,  accessible  par  le  lien \nwww.telerecours.fr.\nArticle 8 : Ex\u00e9cution \nLe secr\u00e9taire g\u00e9n\u00e9ral de la pr\u00e9fecture du Var, la sous-pr\u00e9f\u00e8te de Brignoles, le directeur r\u00e9gional \nde  l'environnement,  de  l'am\u00e9nagement  et  du  logement  Provence-Alpes-C\u00f4te  d'Azur,  le \ndirecteur d\u00e9partemental des territoires et de la mer du Var, le directeur r\u00e9gional de l'Office  \nFran\u00e7ais de la Biodiversit\u00e9, le directeur territorial Midi-M\u00e9diterran\u00e9e de l'Office National des  \nFor\u00eats, le commandant du groupement d\u00e9partemental de la Gendarmerie nationale du Var,  \nles agents asserment\u00e9s de la r\u00e9serve naturelle nationale de la plaine des Maures sont charg\u00e9s,  \nchacun en ce qui le concerne, de l'ex\u00e9cution du pr\u00e9sent arr\u00eat\u00e9 qui sera publi\u00e9 au recueil des  \nactes administratifs de la pr\u00e9fecture du Var et mis en ligne sur le site internet de la DREAL  \nProvence-Alpes-C\u00f4te d'Azur.\nFait \u00e0 Toulon, le 28/01/2026\nLe Pr\u00e9fet,\nsign\u00e9\nSimon BABRE\nSous-pr\u00e9fecture de Brignoles - 83-2026-01-28-00002 - AP portant autorisation d'enfouissement de ligne \u00e9lectrique au sein de la r\u00e9serve\nnaturelle nationale de la plaine des Maures sur la commune du Cannet-des-Maures 45","date":"2026-01-30","first_seen_on":"2026-01-30T16:18:43+00:00","id":"d72be21af12fa80596be86ec730fd0c61a877053a18622071e381bfbda11f11a","name":"RAA N\u00b039 du 30 janvier 2026","pdf_creation_date":"2026-01-30T15:23:41+00:00","pdf_modification_date":null,"timezone":"Europe/Paris","url":"https://www.var.gouv.fr/contenu/telechargement/44729/291996/file/RAA%20N%C2%B039%20du%2030%20janvier%202026%20(Non%20nominatif).pdf"}
