{"administration":"pref50","administration_name":"Pr\u00e9fecture de la Manche","content":"MANCHE\nRECUEIL DES ACTES\nADMINISTRATIFS SP\u00c9CIAL\nN\u00b050-2025-006\nPUBLI\u00c9 LE  9 MAI 2025\nSommaire\nDirection interr\u00e9gionale de la mer Manche Est-Mer du Nord /\n50-2025-05-07-00001 - AR 057-2025 - sign\u00e9 2025 05 07 - portant\nsubd\u00e9l\u00e9gation de signature du directeur interr\u00e9gional de la mer\nManche Est - mer du Nord aux personnes plac\u00e9es sous sa\nresponsabilit\u00e9 pour les actes et les d\u00e9cisions en mati\u00e8re de police\nsanitaire pour les zones de p\u00eache des pectinid\u00e9s en Manche Est - mer\ndu Nord (3 pages) Page 3\nPr\u00e9fecture de la Manche /\n50-2025-05-08-00001 - AP Portant interdiction temporaire de circulation de\ntout v\u00e9hicule transportant du mat\u00e9riel\nde diffusion de musique\namplifi\u00e9e \u00e0 destination d'un rassemblement festif \u00e0\ncaract\u00e8re\nmusical non autoris\u00e9 dans le d\u00e9partement de la Manche\n(4 pages) Page 7\n50-2025-05-09-00001 - AP portant interdiction temporaire des\nrassemblements festifs \u00e0 caract\u00e8re musical\nn'ayant pas fait\nl'objet d'une autorisation dans le d\u00e9partement de la Manche (3\npages) Page 12\n50-2025-05-07-00002 - ARR\u00caT\u00c9 PORTANT ABROGATION DES\nARR\u00caT\u00c9S R\u00c9GLEMENTANT LA CIRCULATION ET LE STATIONNEMENT\nDES V\u00c9HICULES TERRESTRES A MOTEUR UTILISES PAR LES PRATIQUANTS\nDE P\u00caCHE A PIED DE LOISIR ET PORTANT MESURES TRANSITOIRES SUR\nL'ARRONDISSEMENT DE COUTANCES (2 pages) Page 16\nSous-pr\u00e9fecture de Coutances /\n50-2025-04-11-00003 - Arr\u00eat\u00e9  portant modification des statuts du\nsyndicat du SAGE C\u00f4tiers Ouest Cotentin (3 pages) Page 19\n50-2025-04-11-00004 - Arr\u00eat\u00e9 portant modification\ndes statuts de la\ncommunaut\u00e9 de communes\nC\u00f4te Ouest Centre Manche (2 pages) Page 23\n2\nDirection interr\u00e9gionale de la mer Manche\nEst-Mer du Nord\n50-2025-05-07-00001\nAR 057-2025 - sign\u00e9 2025 05 07 - portant\nsubd\u00e9l\u00e9gation de signature du directeur\ninterr\u00e9gional de la mer Manche Est - mer du\nNord aux personnes plac\u00e9es sous sa\nresponsabilit\u00e9 pour les actes et les d\u00e9cisions en\nmati\u00e8re de police sanitaire pour les zones de\np\u00eache des pectinid\u00e9s en Manche Est - mer du\nNord\nDirection interr\u00e9gionale de la mer Manche Est-Mer du Nord - 50-2025-05-07-00001 - AR 057-2025 - sign\u00e9 2025 05 07 - portant\nsubd\u00e9l\u00e9gation de signature du directeur interr\u00e9gional de la mer Manche Est - mer du Nord aux personnes plac\u00e9es sous sa\nresponsabilit\u00e9 pour les actes et les d\u00e9cisions en mati\u00e8re de police sanitaire pour les zones de p\u00eache des pectinid\u00e9s en Manche Est -\nmer du Nord\n3\n| 3PREFETDE LA REGIONNORMANDIELibert\u00e9Egalit\u00e9Fraternit\u00e9\nDirection interr\u00e9gionale de la Mer\nManche Est \u2013 Mer du Nord\nLe Havre, le 07/05/2025\nARR\u00caT\u00c9 N\u00b0  057/2025\nportant subd\u00e9l\u00e9gation de signature du directeur interr\u00e9gional de la mer Manche Est \u2014\nmer du Nord aux personnes plac\u00e9es sous sa responsabilit\u00e9 pour les actes et les d\u00e9cisions\nen mati\u00e8re de police sanitaire pour les zones de p\u00eache des pectinid\u00e9s en Manche Est \u2014\nmer du Nord\nLe directeur interr\u00e9gional de la mer\nManche Est\u2014 Mer du Nord\nVu le r\u00e8glement CE/178/2002 du Parlement europ\u00e9en et du Conseil du 28 janvier 2002 modifi\u00e9\n\u00e9tablissant les principes g\u00e9n\u00e9raux et les prescriptions g\u00e9n\u00e9rales de la l\u00e9gislation alimentaire,\ninstituant l'Autorit\u00e9 europ\u00e9enne de s\u00e9curit\u00e9 des aliments et fixant les proc\u00e9dures relatives \u00e0\nla s\u00e9curit\u00e9 des denr\u00e9es alimentaires\u00a0;\nVu le r\u00e8glement CE/853/2004 du Parlement europ\u00e9en et du Conseil du 29 avril 2004 modifi\u00e9\nfixant  les  r\u00e8gles  sp\u00e9cifiques  d'hygi\u00e8ne  applicables  aux  denr\u00e9es  alimentaires  d'origine\nanimale\u00a0;\nVu le r\u00e8glement CE/854/2004 du Parlement europ\u00e9en et du Conseil du 29 avril 2004 modifi\u00e9\nfixant les r\u00e8gles sp\u00e9cifiques d'organisation des contr\u00f4les officiels concernant les produits\nd'origine animale destin\u00e9s \u00e0 la consommation humaine\u00a0;\nVu le r\u00e8glement (UE) 2017/625 du Parlement europ\u00e9en et du Conseil du 15 mars 2017 concernant\nles contr\u00f4les officiels et  les autres activit\u00e9s officielles servant  \u00e0 assurer le respect  de la\nl\u00e9gislation alimentaire et de la l\u00e9gislation relative aux aliments pour animaux ainsi que des\nr\u00e8gles relatives \u00e0 la sant\u00e9 et au bien-\u00eatre des animaux, \u00e0 la sant\u00e9 des v\u00e9g\u00e9taux et aux produits\nphytopharmaceutiques, modifiant les r\u00e8glements du Parlement europ\u00e9en et du Conseil (CE)\nn\u00b0 999/2001, (CE) n\u00b0 396/2005, (CE) n\u00b0 1069/2009, (CE) n\u00b0 1107/2009, (UE) n\u00b0 1151/2012, (UE) n\u00b0\n652/2014, (UE) 2016/429 et (UE) 2016/2031, les r\u00e8glements du Conseil (CE) n\u00b0 1/2005 et (CE) n\u00b0\n1099/2009 ainsi que les directives du Conseil 98/58/CE, 1999/74/CE, 2007/43/CE, 2008/119/CE\net 2008/120/CE, et abrogeant les r\u00e8glements du Parlement europ\u00e9en et du Conseil (CE) n\u00b0\n854/2004 et (CE) n\u00b0 882/2004, les directives du Conseil 89/608/CEE, 89/662/CEE, 90/425/CEE,\n91/496/CEE, 96/23/CE, 96/93/CE et 97/78/CE ainsi que la d\u00e9cision 92/438/CEE du Conseil\n(r\u00e8glement sur les contr\u00f4les officiels)Texte pr\u00e9sentant de l'int\u00e9r\u00eat pour l'EEE\u00a0;\nVu le code des relations entre le public et l'administration, notamment son article L.221-2\u00a0;\nVu le code rural et de la p\u00eache maritime, et notamment ses articles R.231-35 et suivants\u00a0;\nVu la loi n\u00b0 82-213 du 2 mars 1982 modifi\u00e9e relative aux droits et libert\u00e9s des communes, des\nd\u00e9partements et des r\u00e9gions\u00a0;\nVu la loi d'orientation n\u00b092-125 du 6 f\u00e9vrier 1992 modifi\u00e9e relative \u00e0 l'administration territoriale\nHorairesd'ouverture\u00a0: 09h00-12h00 / 14h00-16h00 AR 132-2024 AR 057-2025 - 1/3\nT\u00e9l.\u00a0: 33 (0) 35 19 29 99 -\n4 rue du Colonel Fabien \u2013 BP 34 \u2013 76083 LE HAVR Cedex\nDirection interr\u00e9gionale de la mer Manche Est-Mer du Nord - 50-2025-05-07-00001 - AR 057-2025 - sign\u00e9 2025 05 07 - portant\nsubd\u00e9l\u00e9gation de signature du directeur interr\u00e9gional de la mer Manche Est - mer du Nord aux personnes plac\u00e9es sous sa\nresponsabilit\u00e9 pour les actes et les d\u00e9cisions en mati\u00e8re de police sanitaire pour les zones de p\u00eache des pectinid\u00e9s en Manche Est -\nmer du Nord\n4\nde la R\u00e9publique\u00a0;\nVu le d\u00e9cret n\u00b02004-374 du 29 avril 2004 modifi\u00e9 relatif aux pouvoirs des pr\u00e9fets, \u00e0 l'organisation\net \u00e0 l'action des services de l'\u00c9tat dans les r\u00e9gions et d\u00e9partements, et notamment son\narticle 29\u00a0;\nVu le d\u00e9cret n\u00b0 2010-130 du 11 f\u00e9vrier 2010 relatif \u00e0 l'organisation et aux missions des directions\ninterr\u00e9gionales de la mer\u00a0;\nVu le d\u00e9cret n\u00b02010-429 du 29 avril 2010 relatif \u00e0 l'organisation et aux missions des directions\nr\u00e9gionales de l'alimentation, de l'agriculture et de la for\u00eat\u00a0;\nVu le d\u00e9cret n\u00b02015-510 du 7 mai 2015 portant charte de la d\u00e9concentration\u00a0;\nVu le  d\u00e9cret  du  11  janvier  2023  nommant  M.  Jean-Beno\u00eet  ALBERTINI  pr\u00e9fet  de  la  r\u00e9gion\nNormandie, pr\u00e9fet de la Seine-Maritime\u00a0;\nVu l'arr\u00eat\u00e9  du  ministre  de  la  Transition  \u00e9cologique  en  date  du  08  ao\u00fbt  2024  renouvelant\nMonsieur Herv\u00e9 THOMAS, administrateur g\u00e9n\u00e9ral de 2\u00e8me classe des affaires maritimes,\ndans les fonctions de directeur interr\u00e9gional de la mer Manche Est-mer du Nord\u00a0;\nVu l'arr\u00eat\u00e9 pr\u00e9fectoral du 2 mai 2018 portant cr\u00e9ation de la d\u00e9l\u00e9gation interservices charg\u00e9e\nd'assurer la police sanitaire de la p\u00eache des pectinid\u00e9s pour les zones de p\u00eache non class\u00e9es\ndans  les  eaux  au  large  de  la  fa\u00e7ade  maritime  Manche-Est  \u2013 mer  du  Nord  (DIS  Manche\n\u00ab\u00a0pectinid\u00e9s\u00a0\u00bb Manche-Est \u2013 mer du Nord)\u00a0;\nVu la convention de coop\u00e9ration interservices du 11 d\u00e9cembre 2017 des pr\u00e9fets de la Manche,\ndu Calvados, de la Somme, du Pas-de-Calais, de la pr\u00e9f\u00e8te de la r\u00e9gion Normandie, pr\u00e9f\u00e8te\nde  la  Seine-Maritime  et  du  pr\u00e9fet  de  la  r\u00e9gion  Hauts-de-France,  pour  la  cr\u00e9ation  d'une\nd\u00e9l\u00e9gation interservices charg\u00e9e d'assurer la police sanitaire de la p\u00eache des pectinid\u00e9s pour\nles zones de p\u00eache non class\u00e9es dans les eaux au large de la fa\u00e7ade maritime Manche-Est \u2013\nmer du Nord, assur\u00e9e par le directeur interr\u00e9gional de la mer Manche Est \u2013 mer du Nord\n(DIRM MEMN)\u00a0;\nVu les circulaires du Premier ministre n\u00b05316/SG du 7 juillet 2008 et n\u00b05359/SG du 31 d\u00e9cembre \n2008, relatives \u00e0 l'organisation de l'administration d\u00e9partementale de l'\u00c9tat\u00a0;\nVu la circulaire du Premier ministre n\u00b05506/SG du 13 d\u00e9cembre 2010 relative \u00e0 l'application du \nd\u00e9cret n\u00b02010-146 du 16 f\u00e9vrier 2010 modifiant le d\u00e9cret n\u00b02004-374 du 29 avril 2004 relatif \naux pouvoirs des pr\u00e9fets, \u00e0 l'organisation et \u00e0 l'action des services de l'\u00c9tat dans les r\u00e9gions et\nd\u00e9partements\u00a0;\nVu l'arr\u00eat\u00e9 du pr\u00e9fet du Pas-de-Calais du 06 mai 2025 portant d\u00e9l\u00e9gation de signature \u00e0 M.\nHerv\u00e9 THOMAS, directeur interr\u00e9gional de la mer Manche-Est - mer du Nord, \u00e0 l'effet de\nsigner les actes en rapport avec les attributions de la DIS \u00ab pectinid\u00e9s \u00bb Manche-Est \u2014 mer\ndu Nord du Pas-de-Calais\u00a0;\nVu l'arr\u00eat\u00e9 du pr\u00e9fet de la Somme du 24 juillet 2023 portant d\u00e9l\u00e9gation de signature \u00e0 M. Herv\u00e9\nTHOMAS, directeur interr\u00e9gional de la mer Manche-Est - mer du Nord, \u00e0 l'effet de signer les\nactes en rapport avec les attributions de la DIS \u00ab pectinid\u00e9s \u00bb Manche-Est \u2014 mer du Nord de\nla Somme\u00a0;\nVu l'arr\u00eat\u00e9 no  23-016 du pr\u00e9fet de la Seine-Maritime du 30 janvier 2023 portant d\u00e9l\u00e9gation de\nsignature \u00e0 M. Herv\u00e9 THOMAS, directeur interr\u00e9gional de la mer Manche-Est - mer du Nord,\n\u00e0 l'effet de signer les actes en rapport avec les attributions de la DIS \u00ab pectinid\u00e9s \u00bb Manche-\nEst \u2014 mer du Nord de la Seine-Maritime\u00a0;\nVu l'arr\u00eat\u00e9 n \u00b0 2023-60-VN  du pr\u00e9fet  de la Manche du  21  ao\u00fbt  2023  portant  d\u00e9l\u00e9gation de\nHorairesd'ouverture\u00a0: 09h00-12h00 / 14h00-16h00 AR 132-2024 AR 057-2025 - 2/3\nT\u00e9l.\u00a0: 33 (0) 35 19 29 99 -\n4 rue du Colonel Fabien \u2013 BP 34 \u2013 76083 LE HAVR Cedex\nDirection interr\u00e9gionale de la mer Manche Est-Mer du Nord - 50-2025-05-07-00001 - AR 057-2025 - sign\u00e9 2025 05 07 - portant\nsubd\u00e9l\u00e9gation de signature du directeur interr\u00e9gional de la mer Manche Est - mer du Nord aux personnes plac\u00e9es sous sa\nresponsabilit\u00e9 pour les actes et les d\u00e9cisions en mati\u00e8re de police sanitaire pour les zones de p\u00eache des pectinid\u00e9s en Manche Est -\nmer du Nord\n5\nsignature \u00e0 M. Herv\u00e9 THOMAS, directeur interr\u00e9gional de la mer Manche-Est - mer du Nord,\n\u00e0 l'effet de signer les actes en rapport avec les attributions de la d\u00e9l\u00e9gation interservices \u00ab\npectinid\u00e9s \u00bb Manche-Est \u2014 mer du Nord du d\u00e9partement de la Manche\u00a0;\nVu l'arr\u00eat\u00e9 du Pr\u00e9fet du Calvados du 21 ao\u00fbt 2023 portant d\u00e9l\u00e9gation de signature \u00e0 M. Herv\u00e9\nTHOMAS, Directeur Interr\u00e9gional de la mer Manche-Est - mer du Nord, \u00e0 l'effet de signer les\nactes en rapport avec les attributions de la DIS \u00ab pectinid\u00e9s \u00bb Manche-Est - mer du Nord du\nCalvados\u00a0;\nARR\u00caTE :\nArticle 1  :  Les d\u00e9l\u00e9gations de signature au directeur interr\u00e9gional de la mer Manche-Est - mer du\nNord pour les actes et les d\u00e9cisions en mati\u00e8re de police sanitaire pour les zones de p\u00eache des\npectinid\u00e9s en Manche Est \u2014 mer du Nord conf\u00e9r\u00e9es par les arr\u00eat\u00e9s pr\u00e9fectoraux susvis\u00e9s des\npr\u00e9fets des d\u00e9partements du Pas-de-Calais, de la Somme, de la Seine-Maritime, du Calvados et de\nla Manche sont subd\u00e9l\u00e9gu\u00e9es aux chefs de service suivants de la direction interr\u00e9gionale de la mer\u00a0:\nThierry CANTERI Directeur Interr\u00e9gional Adjoint de la Mer\nLouis COLLIN Adjoint  \u00e0  la  cheffe du  service  r\u00e9glementation et  contr\u00f4le  des\nactivit\u00e9s maritimes,\nSylvain DOUCHET Adjoint  \u00e0  la  cheffe du  service  r\u00e9glementation et  contr\u00f4le  des\nactivit\u00e9s maritimes, en charge de l'op\u00e9rationnel \nElsa PAFFONI Cheffe  du  service  r\u00e9glementation  et  contr\u00f4le  des  activit\u00e9s\nmaritimes,\nMuriel ROUYER, Cheffe du Service Formation et Emploi Maritimes\nSophie SANQUER Directrice Interr\u00e9gionale adjointe de la Mer\nArticle 2 : L'arr\u00eat\u00e9 132/2024 du 29/08/2024 est abrog\u00e9.\nArticle 3 : Le directeur interr\u00e9gional de la mer Manche Est - Mer du Nord est charg\u00e9 de l'ex\u00e9cution\ndu pr\u00e9sent arr\u00eat\u00e9 qui  sera publi\u00e9 au recueil des actes administratifs de l'\u00c9tat dans la r\u00e9gion  \nNormandie ainsi que dans celui de la pr\u00e9fecture de la r\u00e9gion Hauts-de-France et dans ceux des\npr\u00e9fectures des d\u00e9partements du Pas-de-Calais, de la Somme, de la Seine-Maritime, du Calvados et\nde la Manche.\nLe Directeur Interr\u00e9gional de la Mer Manche Est\n\u2013 Mer du Nord\nHerv\u00e9 THOMAS\nCollection des d\u00e9cisions\nAmpliations\u00a0:\nPr\u00e9fet de Normandie (SGAR)\u00a0; Pr\u00e9fet (SG) 62,80,76,14,50\nDAAM - DASM \u2013 Resp SFEM \u2013 Resp SRCAM + Adjoints\nTs les services DIRMer LH \nHorairesd'ouverture\u00a0: 09h00-12h00 / 14h00-16h00 AR 132-2024 AR 057-2025 - 3/3\nT\u00e9l.\u00a0: 33 (0) 35 19 29 99 -\n4 rue du Colonel Fabien \u2013 BP 34 \u2013 76083 LE HAVR Cedex\nDirection interr\u00e9gionale de la mer Manche Est-Mer du Nord - 50-2025-05-07-00001 - AR 057-2025 - sign\u00e9 2025 05 07 - portant\nsubd\u00e9l\u00e9gation de signature du directeur interr\u00e9gional de la mer Manche Est - mer du Nord aux personnes plac\u00e9es sous sa\nresponsabilit\u00e9 pour les actes et les d\u00e9cisions en mati\u00e8re de police sanitaire pour les zones de p\u00eache des pectinid\u00e9s en Manche Est -\nmer du Nord\n6\nPr\u00e9fecture de la Manche\n50-2025-05-08-00001\nAP Portant interdiction temporaire de circulation\nde tout v\u00e9hicule transportant du mat\u00e9riel\nde diffusion de musique amplifi\u00e9e \u00e0 destination\nd'un rassemblement festif \u00e0 caract\u00e8re\nmusical non autoris\u00e9 dans le d\u00e9partement de la\nManche\nPr\u00e9fecture de la Manche - 50-2025-05-08-00001 - AP Portant interdiction temporaire de circulation de tout v\u00e9hicule transportant du\nmat\u00e9riel\nde diffusion de musique amplifi\u00e9e \u00e0 destination d'un rassemblement festif \u00e0 caract\u00e8re\nmusical non autoris\u00e9 dans le d\u00e9partement de la Manche\n7\nExPREFETDE LA MANCHELibert\u00e9Egalit\u00e9Fraternit\u00e9\nCABINET DU PR\u00c9FET\nService Interminist\u00e9riel de \nD\u00e9fense et de Protection Civiles\nARR\u00caT\u00c9 \nPortant interdiction temporaire de circulation de tout v\u00e9hicule transportant du mat\u00e9riel\nde diffusion de musique amplifi\u00e9e \u00e0 destination d'un rassemblement festif \u00e0 caract\u00e8re\nmusical non autoris\u00e9 dans le d\u00e9partement de la Manche\nLe Pr\u00e9fet de la Manche,\nChevalier de la L\u00e9gion d'honneur,\nChevalier de l'ordre national du M\u00e9rite,\nVU  le Code g\u00e9n\u00e9ral des collectivit\u00e9s territoriales, notamment ses articles L 2212-2, L  \n2215-1 et L 2214-4\u00a0; \nVU  le Code de la s\u00e9curit\u00e9 int\u00e9rieure notamment ses articles L 211-5 \u00e0 L 211-8, L 211-\n15, R 211-2 \u00e0 R 211-9 et R 211-27 \u00e0 211-30; \nVU  l e d\u00e9cret n\u00b0 2002-887 du 3 mai 2020 modifi\u00e9 relatif \u00e0 certains rassemblements  \nfestifs \u00e0 caract\u00e8re musical\u00a0;\nVU  le d\u00e9cret n\u00b0 204-374 du 29 avril 2004 modifi\u00e9 relatif aux pouvoirs des pr\u00e9fets, \u00e0  \nl'organisation et \u00e0 l'action des services de l'\u00e9tat dans les r\u00e9gions et d\u00e9partements\u00a0;\nVU le d\u00e9cret du 13 juillet 2023 portant nomination de M. Xavier BRUNETIERE  Pr\u00e9fet  \nde la Manche\u00a0;\nVU le d\u00e9cret du 22 ao\u00fbt 2023 portant nomination de M. Jean RAMPON sous-pr\u00e9fet  \nde Cherbourg\u00a0;\nVU l'arr\u00eat\u00e9  pr\u00e9fectoral  2023-85-VN  du  30  ao\u00fbt  2023  donnant  d\u00e9l\u00e9gation  de \nsignature \u00e0 M. Jean RAMPON sous-pr\u00e9fet de Cherbourg\u00a0; \nConsid\u00e9rant que, des rassemblements festifs \u00e0 caract\u00e8res musicaux de type \u00ab \u00a0rave-\nparty\u00a0\u00bb seraient susceptibles d'\u00eatre organis\u00e9s dans le d\u00e9partement de la Manche  \npendant le p\u00e9riode du 8 au 11 mai 2025\u00a0\u00a0; \nConsid\u00e9rant les rassemblements festifs \u00e0 caract\u00e8re musical de type \u00ab \u00a0rave-party\u00a0\u00bb \nnon  autoris\u00e9s  survenus  dans  le  d\u00e9partement  de  la  Manche  en  2023,  \u00e0  Saint-\nChristophe-du-Foc, \u00e0 Milli\u00e8res, \u00e0 Urville-Nacqueville, \u00e0 Ger, en 2022 \u00e0 Milli\u00e8res, \u00e0  \nPr\u00e9fecture de la Manche - 50-2025-05-08-00001 - AP Portant interdiction temporaire de circulation de tout v\u00e9hicule transportant du\nmat\u00e9riel\nde diffusion de musique amplifi\u00e9e \u00e0 destination d'un rassemblement festif \u00e0 caract\u00e8re\nmusical non autoris\u00e9 dans le d\u00e9partement de la Manche\n8\nJullouville, \u00e0 Ger, \u00e0 Hambye, \u00e0 Tocqueville, \u00e0 Torigny-les-Villes, \u00e0 Saint-Ovin; \nConsid\u00e9rant qu'en application de l'article L 211-5 du Code de la s\u00e9curit\u00e9 int\u00e9rieure,  \nles  rassemblements  festifs  \u00e0  caract\u00e8re  musical  sont  soumis  \u00e0  l'obligation  de \nd\u00e9claration pr\u00e9alable aupr\u00e8s du pr\u00e9fet de d\u00e9partemental\u00a0;\nConsid\u00e9rant qu'aucune d\u00e9claration pr\u00e9alable n'a \u00e9t\u00e9 d\u00e9pos\u00e9e aupr\u00e8s du pr\u00e9fet de la  \nManche,  pr\u00e9cisant  le  nombre  pr\u00e9visible  de  participants  ainsi  que  les  mesures \nenvisag\u00e9e par les organisateurs des \u00e9v\u00e8nements \u00e9voqu\u00e9s au premier consid\u00e9rant  \npour  garantir  la  s\u00e9curit\u00e9,  la  salubrit\u00e9,  l'hygi\u00e8ne  et  la  tranquillit\u00e9  publiques,  alors \nm\u00eame que les organisateurs en ont l'obligation au plus tard un mois avant la date  \npr\u00e9vue de la manifestation\u00a0;\nConsid\u00e9rant la n\u00e9cessit\u00e9 de pr\u00e9venir le risque \u00e9lev\u00e9 de troubles \u00e0 l'ordre public \u00a0; que \nle nombre de personnes attendues dans ce type de rassemblement est \u00e9lev\u00e9 \u00a0; que \nles moyens appropri\u00e9s en mati\u00e8re de secours aux personnes, ainsi qu'en mati\u00e8re de  \ns\u00e9curit\u00e9 routi\u00e8re ne peuvent \u00eatre r\u00e9unis\u00a0;\nConsid\u00e9rant l'urgence \u00e0 pr\u00e9venir les risques d'atteinte \u00e0 l'ordre et \u00e0 la tranquillit\u00e9  \npublics et les pouvoirs de police administrative g\u00e9n\u00e9rale que le pr\u00e9fet tient des  \ndispositions de l'article L 2215-1 du Code g\u00e9n\u00e9ral des collectivit\u00e9s territoriales\u00a0;\nConsid\u00e9rant que le plan Vigipirate est au niveau \u00ab \u00a0Urgence attentat\u00a0\u00bb sur l'ensemble  \ndu  territoire  national,  attestant  d'un  niveau  de  menace  \u00e9lev\u00e9  et  qu'un  \nrassemblement de ce type pourrait constituer une opportunit\u00e9 de trouble \u00e0 l'ordre  \npublic majeur\u00a0;\nConsid\u00e9rant qu'il appartient \u00e0 l'autorit\u00e9 investie du pouvoir de police administrative  \nde concilier les libert\u00e9s publiques avec les imp\u00e9ratifs d'ordre public \u00a0; que dans ce  \ncadre elle se doit de prendre les mesures n\u00e9cessaires, adapt\u00e9es et proportionn\u00e9es de \nnature \u00e0 pr\u00e9venir tant la commission d'infractions p\u00e9nales que les troubles \u00e0 l'ordre  \npublic\u00a0;\nSUR proposition du sous-pr\u00e9fet de Cherbourg,\nARR\u00caT\u00c9\nArticle 1  er\n  \nLa circulation de tout v\u00e9hicule transportant du mat\u00e9riel de diffusion de musique  \namplifi\u00e9e \u00e0 destination d'un rassemblement festif \u00e0 caract\u00e8re musical non autoris\u00e9  \nest interdite sur l'ensemble des r\u00e9seaux routiers du d\u00e9partement de la Manche  \npendant la p\u00e9riode suivante\u00a0:\ndu jeudi 8 mai 2025 \u00e0 12h00 au lundi 12 mai 2025 \u00e0 7h00\nPr\u00e9fecture de la Manche - 50-2025-05-08-00001 - AP Portant interdiction temporaire de circulation de tout v\u00e9hicule transportant du\nmat\u00e9riel\nde diffusion de musique amplifi\u00e9e \u00e0 destination d'un rassemblement festif \u00e0 caract\u00e8re\nmusical non autoris\u00e9 dans le d\u00e9partement de la Manche\n9\nArticle 2\nToute infraction au pr\u00e9sent arr\u00eat\u00e9 sera constat\u00e9e par proc\u00e8s-verbal dress\u00e9 par les  \nforces de l'ordre.\nArticle 3\nLa  directrice  de  cabinet,  les  sous-pr\u00e9fets  d'arrondissement,  le  commandant  du \ngroupement de gendarmerie d\u00e9partementale, le directeur interd\u00e9partemental de la  \npolice nationale, l'ensemble des maires du d\u00e9partement de la Manche sont charg\u00e9s,  \nchacun en ce qui le concerne, de l'ex\u00e9cution du pr\u00e9sent arr\u00eat\u00e9 qui sera publi\u00e9 au  \nrecueil des actes administratifs de la pr\u00e9fecture, et dont une copie sera transmise  \nau procureur de la R\u00e9publique territorialement comp\u00e9tent.\n                                                                                                  A Saint-L\u00f4, le 08 mai 2025\nPour le Pr\u00e9fet et par d\u00e9l\u00e9gation,\nLe sous-pr\u00e9fet de Cherbourg,\nSign\u00e9\u00a0: Jean RAMPON\nVoies et d\u00e9lais de recours\u00a0:\nSi vous entendez contester le pr\u00e9sent arr\u00eat\u00e9, vous pouvez utiliser le voies de recours suivantes\u00a0:\n- Vous avez la possibilit\u00e9 de former un recours administratif dans le d\u00e9lai de deux mois \nsuivant la notification\u00a0:\n1     Soit un recours gracieux aupr\u00e8s du pr\u00e9fet de la Manche, place de la Pr\u00e9fecture, BP  \n70522, 50002 Saint-L\u00f4 Cedex\n2    Soit un recours hi\u00e9rarchique aupr\u00e8s du minist\u00e8re de l'int\u00e9rieur, direction de \nl'immigration, place Beauvau 75008 Paris\nPr\u00e9fecture de la Manche - 50-2025-05-08-00001 - AP Portant interdiction temporaire de circulation de tout v\u00e9hicule transportant du\nmat\u00e9riel\nde diffusion de musique amplifi\u00e9e \u00e0 destination d'un rassemblement festif \u00e0 caract\u00e8re\nmusical non autoris\u00e9 dans le d\u00e9partement de la Manche\n10\nLe recours administratif est d\u00e9pourvu de caract\u00e8re suspensif.\nEn l'absence de r\u00e9ponse de l'administration dans un d\u00e9lai de deux mois \u00e0 compter de la date \nde r\u00e9ception de votre recours, celui-ci doit \u00eatre consid\u00e9r\u00e9 comme implicitement rejet\u00e9.\n- Vous avez \u00e9galement la possibilit\u00e9 de former un recours contentieux devant le juge \nadministratif. Ce recours doit \u00eatre enregistr\u00e9 au greffe du tribunal administratif de Caen, 3 \nrue Arthur Leduc, BP 25086, 14050 Caen Cedex 4.\nLe tribunal administratif peut \u00eatre saisi par l'application informatique \u00ab\u00a0t\u00e9l\u00e9recours\u00a0\u00bb \ncitoyens\u00a0\u00bb accessible par le site internet  www.telerecours.fr.\nCe recours juridictionnel doit \u00eatre d\u00e9pos\u00e9 au plus tard avant l'expiration d'une dur\u00e9e de \ndeux mois suivant la date de notification de la d\u00e9cision contest\u00e9e ou la date du rejet de \nvotre recours gracieux ou hi\u00e9rarchique.\nPr\u00e9fecture de la Manche - 50-2025-05-08-00001 - AP Portant interdiction temporaire de circulation de tout v\u00e9hicule transportant du\nmat\u00e9riel\nde diffusion de musique amplifi\u00e9e \u00e0 destination d'un rassemblement festif \u00e0 caract\u00e8re\nmusical non autoris\u00e9 dans le d\u00e9partement de la Manche\n11\nPr\u00e9fecture de la Manche\n50-2025-05-09-00001\nAP portant interdiction temporaire des\nrassemblements festifs \u00e0 caract\u00e8re musical\nn'ayant pas fait l'objet d'une autorisation dans le\nd\u00e9partement de la Manche\nPr\u00e9fecture de la Manche - 50-2025-05-09-00001 - AP portant interdiction temporaire des rassemblements festifs \u00e0 caract\u00e8re musical\nn'ayant pas fait l'objet d'une autorisation dans le d\u00e9partement de la Manche 12\nExPREFETDE LA MANCHELibert\u00e9Egalit\u00e9Fraternit\u00e9\nCabinet\nDirection des s\u00e9curit\u00e9s\nBureau de la s\u00e9curit\u00e9 et de la r\u00e9glementation\nA R R E T E  \u00a0  \nportant interdiction temporaire des rassemblements festifs \u00e0 caract\u00e8re musical\nn'ayant pas fait l'objet d'une autorisation dans le d\u00e9partement de la Manche\nLE PR\u00c9FET DE LA MANCHE\nChevalier de la L\u00e9gion d'honneur\nChevalier de l'ordre national du M\u00e9rite\nVu le Code g\u00e9n\u00e9ral des collectivit\u00e9s territoriales, notamment ses articles L 2212-2, L. 2215-1 et L. \n2214-4\u00a0;\nVu le Code de la s\u00e9curit\u00e9 int\u00e9rieure notamment ses articles L 211-5 \u00e0 L 211-8, L 211-15, R 211-2 \u00e0 R \n211-9 et R 211-27 \u00e0 R 211-30\u00a0;\nVu  le d\u00e9cret n\u00b0 2002-887 du 3 mai 2002 modifi\u00e9 relatif \u00e0 certains rassemblements festifs \u00e0  \ncaract\u00e8re musical\u00a0;\nVu le  d\u00e9cret  n\u00b0  2004-374  du  29  avril  2004  modifi\u00e9  relatif  aux  pouvoirs  des  pr\u00e9fets,  \u00e0 \nl'organisation et \u00e0 l'action des services de l'\u00c9tat dans les r\u00e9gions et d\u00e9partements\u00a0;\nVu le d\u00e9cret du 19 avril 2023 portant nomination de Madame Perrine SERRE, aux fonctions  \nde sous-pr\u00e9f\u00e8te, secr\u00e9taire g\u00e9n\u00e9rale de la pr\u00e9fecture de la Manche\u00a0;\nVu le d\u00e9cret du 13 juillet 2023 portant nomination de M. Xavier BRUNETIERE, pr\u00e9fet de la  \nManche\u00a0;\nVu l'arr\u00eat\u00e9 n\u00b02023-87-VN du 1 er\n septembre 2023 portant d\u00e9l\u00e9gation de signature \u00e0 Mme  \nPerrine SERRE, secr\u00e9taire g\u00e9n\u00e9rale de la pr\u00e9fecture\u00a0;\nVu l'urgence\u00a0; \nConsid\u00e9rant que,  selon  les  informations  dont  disposent  les  services  de  police  et  de \ngendarmerie,  un  rassemblement  festif  \u00e0  caract\u00e8re  musical  de  type  \u00ab\u00a0rave-party\u00a0\u00bb  est \nsusceptible d'\u00eatre organis\u00e9 dans le d\u00e9partement de la Manche pendant la p\u00e9riode du 09 au 11  \nmai 2025;\nPr\u00e9fecture de la Manche \u2013 BP 70522 \u2013 50002 SAINT-L\u00d4 \u2013 T\u00e9l.\u00a0: 02.33.75.49.50 \u2013 M\u00e9l.\u00a0: prefecture@manche.gouv.fr\nAccueil du public les lundi, mardi, jeudi et vendredi\u00a0: \n- Bureau des migrations et de l'int\u00e9gration\u00a0: uniquement sur rendez-vous\n- point accueil num\u00e9rique de 8h30 \u00e0 12h30 uniquement sur rendez-vous\nAccueil g\u00e9n\u00e9ral ouvert du lundi au vendredi de 8h30 \u00e0 12h30 et de 14h00 \u00e0 17h00\nPr\u00e9fecture de la Manche - 50-2025-05-09-00001 - AP portant interdiction temporaire des rassemblements festifs \u00e0 caract\u00e8re musical\nn'ayant pas fait l'objet d'une autorisation dans le d\u00e9partement de la Manche 13\nConsid\u00e9rant  les rassemblements festifs \u00e0 caract\u00e8re musical de type \u00ab \u00a0rave-party\u00a0\u00bb non autoris\u00e9s  \nsurvenus dans le d\u00e9partement de la Manche en 2023, \u00e0 Saint-Christophe- du-Foc, \u00e0 Milli\u00e8res, \u00e0  \nUrville-Nacqueville, \u00e0 Ger,  en 2022 \u00e0 Milli\u00e8res, \u00e0 Jullouville, \u00e0 Ger, \u00e0 Hambye, \u00e0 Tocqueville, \u00e0  \nTorigny-les-Villes, \u00e0 Saint-Ovin ;\nConsid\u00e9rant  qu'en  application  de  l'article  L.  211-5  du  Code  de  la  s\u00e9curit\u00e9  int\u00e9rieure,  les \nrassemblements festifs \u00e0 caract\u00e8re musical sont soumis \u00e0 l'obligation de d\u00e9claration pr\u00e9alable  \naupr\u00e8s du pr\u00e9fet de d\u00e9partement\u00a0;\nConsid\u00e9rant  qu'aucune d\u00e9claration pr\u00e9alable n'a \u00e9t\u00e9 d\u00e9pos\u00e9e aupr\u00e8s du pr\u00e9fet de la Manche,  \npr\u00e9cisant  le  nombre  pr\u00e9visible  de  participants  ainsi  que  les  mesures  envisag\u00e9es  par  les \norganisateurs  des  \u00e9v\u00e9nements  \u00e9voqu\u00e9s  au  premier  consid\u00e9rant  pour  garantir  la  s\u00e9curit\u00e9,  la \nsalubrit\u00e9, l'hygi\u00e8ne et la tranquillit\u00e9 publiques, alors m\u00eame que les organisateurs en ont l'obligation \nau plus tard un mois avant la date pr\u00e9vue de la manifestation\u00a0;\nConsid\u00e9rant la n\u00e9cessit\u00e9 de pr\u00e9venir le risque \u00e9lev\u00e9 de troubles \u00e0 l'ordre public\u00a0; que le nombre de \npersonnes attendues dans ce type de rassemblement est \u00e9lev\u00e9 \u00a0; que les moyens appropri\u00e9s en  \nmati\u00e8re de secours aux personnes, ainsi qu'en mati\u00e8re de s\u00e9curit\u00e9 routi\u00e8re ne peuvent \u00eatre r\u00e9unis\u00a0;\nConsid\u00e9rant  l'urgence \u00e0 pr\u00e9venir les risques d'atteinte \u00e0 l'ordre et \u00e0 la tranquillit\u00e9 publics et les  \npouvoirs de police administrative g\u00e9n\u00e9rale que le pr\u00e9fet tient des dispositions de l'article L. 2215-1 \ndu Code g\u00e9n\u00e9ral des collectivit\u00e9s territoriales\u00a0;\nConsid\u00e9rant que le plan Vigipirate est au niveau \u00ab \u00a0Urgence attentat\u00a0\u00bb sur l'ensemble du territoire  \nnational, attestant d'un niveau de menace \u00e9lev\u00e9 et qu'un rassemblement de ce type pourrait  \nconstituer une opportunit\u00e9 de trouble \u00e0 l'ordre public majeur\u00a0;\nConsid\u00e9rant qu'il appartient \u00e0 l'autorit\u00e9 investie du pouvoir de police administrative de concilier  \nles libert\u00e9s publiques avec les imp\u00e9ratifs d'ordre public\u00a0; que dans ce cadre elle se doit de prendre \nles mesures n\u00e9cessaires, adapt\u00e9es et proportionn\u00e9es de nature \u00e0 pr\u00e9venir tant la commission  \nd'infractions p\u00e9nales que les troubles \u00e0 l'ordre public\u00a0;\nARR\u00caTE\nArticle 1  er\n  \u00a0: \nLa tenue des rassemblements festifs \u00e0 caract\u00e8re musical (de type \u00ab \u00a0rave-party\u00a0\u00bb, \u00ab \u00a0teknival\u00a0\u00bb ou  \n\u00ab\u00a0free-party\u00a0\u00bb) r\u00e9pondant aux caract\u00e9ristiques \u00e9nonc\u00e9es \u00e0 l'article R. 211-2 du Code de la s\u00e9curit\u00e9  \nint\u00e9rieure,  autres  que  ceux  l\u00e9galement  d\u00e9clar\u00e9s  ou  autoris\u00e9s,  est  interdite  sur  l'ensemble  du \nterritoire du d\u00e9partement de la Manche pendant la p\u00e9riode suivante\u00a0:\ndu vendredi 09 mai 2025 \u00e0 14h00 au lundi 12 mai 2025 \u00e0 07h00\n2\nPr\u00e9fecture de la Manche - 50-2025-05-09-00001 - AP portant interdiction temporaire des rassemblements festifs \u00e0 caract\u00e8re musical\nn'ayant pas fait l'objet d'une autorisation dans le d\u00e9partement de la Manche 14\nArticle 2\u00a0: \nToute infraction au pr\u00e9sent arr\u00eat\u00e9 est passible des sanctions pr\u00e9vues par l'article R.211-27 du Code \nde la s\u00e9curit\u00e9 int\u00e9rieure et peut donner lieu \u00e0 la saisie du mat\u00e9riel en vue de sa confiscation par le  \ntribunal.\nArticle 3 :\nLa directrice de cabinet, les sous-pr\u00e9fets d'arrondissements, le commandant  du groupement de  \ngendarmerie d\u00e9partementale, le directeur interd\u00e9partemental de la police nationale et l'ensemble \ndes maires  du  d\u00e9partement  de  la  Manche,  sont  charg\u00e9s,  chacun  en  ce  qui  le  concerne,  de \nl'ex\u00e9cution du pr\u00e9sent arr\u00eat\u00e9 qui sera publi\u00e9 au recueil des actes administratifs de la pr\u00e9fecture, et \ndont une copie sera transmise au procureur de la R\u00e9publique territorialement comp\u00e9tent.\nSaint-L\u00f4, le 09 mai 2025\nPour le pr\u00e9fet et par d\u00e9l\u00e9gation\nLa secr\u00e9taire g\u00e9n\u00e9rale\nSign\u00e9\u00a0: Perrine SERRE\nConform\u00e9ment aux dispositions des articles R.421-1 \u00e0 R.421-5 du code de justice administrative, le pr\u00e9sent arr\u00eat\u00e9 peut faire l'objet d'un recours  \ncontentieux devant le tribunal administratif de Caen \u2013 3 Rue Arthur le Duc, 14000 Caen dans un d\u00e9lai de deux mois \u00e0 compter de la date de sa  \nnotification ou de sa publication. Dans ce m\u00eame d\u00e9lai, un recours gracieux peut \u00eatre pr\u00e9sent\u00e9 \u00e0 l'auteur de la d\u00e9cision (ou bien un recours  \nhi\u00e9rarchique devant le minist\u00e8re de l'Int\u00e9rieur). Dans ce cas, le recours contentieux sera introduit dans les deux mois suivant la r\u00e9ponse.\nLe tribunal administratif peut \u00eatre saisi par l'application informatique \u00ab\u00a0T\u00e9l\u00e9recours citoyens\u00a0\u00bb accessible par le site internet www.telerecours.fr.\n3\nPr\u00e9fecture de la Manche - 50-2025-05-09-00001 - AP portant interdiction temporaire des rassemblements festifs \u00e0 caract\u00e8re musical\nn'ayant pas fait l'objet d'une autorisation dans le d\u00e9partement de la Manche 15\nPr\u00e9fecture de la Manche\n50-2025-05-07-00002\nARR\u00caT\u00c9 PORTANT ABROGATION DES ARR\u00caT\u00c9S\nR\u00c9GLEMENTANT LA CIRCULATION ET LE\nSTATIONNEMENT DES V\u00c9HICULES TERRESTRES\nA MOTEUR UTILISES PAR LES PRATIQUANTS DE\nP\u00caCHE A PIED DE LOISIR ET PORTANT MESURES\nTRANSITOIRES SUR L'ARRONDISSEMENT DE\nCOUTANCES\nPr\u00e9fecture de la Manche - 50-2025-05-07-00002 - ARR\u00caT\u00c9 PORTANT ABROGATION DES ARR\u00caT\u00c9S R\u00c9GLEMENTANT LA CIRCULATION\nET LE STATIONNEMENT DES V\u00c9HICULES TERRESTRES A MOTEUR UTILISES PAR LES PRATIQUANTS DE P\u00caCHE A PIED DE LOISIR ET\nPORTANT MESURES TRANSITOIRES SUR L'ARRONDISSEMENT DE COUTANCES\n16\nEuPREFETDE LA MANCHELibert\u00e9Egalit\u00e9Fraternit\u00e9\nARR\u00caT\u00c9 PORTANT ABROGATION DES ARR\u00caT\u00c9S R\u00c9GLEMENTANT LA CIRCULATION ET\nLE STATIONNEMENT DES V\u00c9HICULES TERRESTRES A MOTEUR UTILISES PAR LES\nPRATIQUANTS DE P\u00caCHE A PIED DE LOISIR ET PORTANT MESURES TRANSITOIRES SUR\nL'ARRONDISSEMENT DE COUTANCES\nLE PR\u00c9FET DE LA MANCHE\nChevalier de la L\u00e9gion d'Honneur\nChevalier de l'Ordre National du M\u00e9rite\nVu le code de l'environnement et notamment ses articles L 321-9, L. 362-1 \u00e0 L. 362-7 ;\nVu le code g\u00e9n\u00e9ral des collectivit\u00e9s territoriales, et notamment son article L2215-1 ;\nVu le code des relations entre le public et l'administration et notamment ses articles\nL. 221-4 \u00e0 L. 221-6, et L. 243-1 ;\nVu l'arr\u00eat\u00e9 n\u00b0 2020-32 du 26 mai 2020 portant r\u00e9glementation de la circulation et du\nstationnement des v\u00e9hicules terrestres \u00e0 moteur sur le domaine public maritime ;\nCONSIDERANT la n\u00e9cessit\u00e9 de s\u00e9curiser davantage les plages, le domaine public maritime\ndu d\u00e9partement et leurs usagers ;\nCONSIDERANT d'assurer la protection des habitats naturels et des esp\u00e8ces prot\u00e9g\u00e9es ;\nCONSIDERANT la n\u00e9cessit\u00e9 de prot\u00e9ger le rivage de la mer, les dunes et plages ;\nCONSIDERANT que les actes r\u00e9glementaires peuvent \u00eatre abrog\u00e9s \u00e0 tout moment et pour\ntout motif ;\nCONSIDERANT la n\u00e9cessit\u00e9 de maintenir les autorisations en vigueur \u00e0 la publication du\npr\u00e9sent arr\u00eat\u00e9 jusqu'\u00e0 leur date d'\u00e9ch\u00e9ance ;\nCONSIDERANT  qu'il  est  de  bonne  administration  que  le  r\u00e9gime  sp\u00e9cifique  de  la\ncirculation  et  le  stationnement  des  v\u00e9hicules  terrestres  \u00e0  moteur  utilis\u00e9s  par  les\npratiquants de p\u00eache \u00e0 pied de loisir soit int\u00e9gr\u00e9 dans la r\u00e9glementation g\u00e9n\u00e9rale de la\ncirculation et du stationnement des v\u00e9hicules terrestres \u00e0 moteur sur le domaine public\nmaritime pour une meilleure intelligibilit\u00e9 de la r\u00e8gle de droit, \u00e0 savoir l'arr\u00eat\u00e9  n\u00b0 2020-32\ndu  26  mai  2020  portant  r\u00e9glementation  de  la  circulation  et  du  stationnement  des\nv\u00e9hicules terrestres \u00e0 moteur sur le domaine public maritime ;\nSUR PROPOSITION du sous-pr\u00e9fet de Coutances,\nPr\u00e9fecture de la Manche \u2013 BP 70522 \u2013 50002 SAINT-L\u00d4 \u2013 T\u00e9l. : 02.33.75.49.50 \u2013 M\u00e9l. : prefecture@manche.gouv.fr\nAccueil du public les lundi, mardi, jeudi et vendredi  : \n- Bureau des migrations et de l'int\u00e9gration : uniquement sur rendez-vous\n- point accueil num\u00e9rique de 8h30 \u00e0 12h30 uniquement sur rendez-vous\nAccueil g\u00e9n\u00e9ral ouvert du lundi au vendredi de 8h30 \u00e0 12h30 et de 14h00 \u00e0 17h00\nPr\u00e9fecture de la Manche - 50-2025-05-07-00002 - ARR\u00caT\u00c9 PORTANT ABROGATION DES ARR\u00caT\u00c9S R\u00c9GLEMENTANT LA CIRCULATION\nET LE STATIONNEMENT DES V\u00c9HICULES TERRESTRES A MOTEUR UTILISES PAR LES PRATIQUANTS DE P\u00caCHE A PIED DE LOISIR ET\nPORTANT MESURES TRANSITOIRES SUR L'ARRONDISSEMENT DE COUTANCES\n17\nARRETE\nArticle 1er  : Les arr\u00eat\u00e9s n\u00b004-244 \u2013 JPL/JC du 28 juin 2004, n\u00b0 CM/004/2012 du 05 mars 2012\net n\u00b0 001/2016 du 19 janvier 2016 sont abrog\u00e9s.\nArticle  2 :  Les  autorisations  d\u00e9livr\u00e9es  avant  la  publication  du  pr\u00e9sent  arr\u00eat\u00e9  sur  le\nfondement  des  dispositions  de  l'arr\u00eat\u00e9  n\u00b0  04-244  \u2013 JPL/JC  du  28  juin  2004  telles  que\nmodifi\u00e9es par les arr\u00eat\u00e9s n\u00b0 CM/004/2012 du 05 mars 2012 et n\u00b0 001/2016 du 19 janvier\n2016 demeurent valables jusqu'\u00e0 leur \u00e9ch\u00e9ance. Les autorisations d\u00e9livr\u00e9es \u00e0 compter de\nla publication du pr\u00e9sent arr\u00eat\u00e9, sur le fondement de l'arr\u00eat\u00e9 du 26 mai 2020, seront\nvalables pour une dur\u00e9e d'une ann\u00e9e \u00e0 compter de la date de d\u00e9livrance.\nArticle    3   :  La  demande  de  d\u00e9rogation  fera  l'objet  de  l'envoi  aux  services  de  la  sous-\npr\u00e9fecture de Coutances du formulaire en annexe 1  ; le demandeur sera tenu de suivre les\nobligations y aff\u00e9rant, sous peine de retrait de l'autorisation sollicit\u00e9e\nArticle 4 : Le sous-pr\u00e9fet de Coutances, le directeur d\u00e9partemental des territoires et de la\nmer, Mmes et MM. Les maires de Tourneville sur Mer, Hauteville sur Mer, Montmartin sur\nMer, Regn\u00e9ville sur Mer, Tourville sur Sienne, Agon Coutainville, Blainville sur Mer, Gouville\nsur Mer, Geffosses, Pirou, Cr\u00e9ances, Lessay, Saint Germain sur Ay, Breteville sur Ay et La\nHaye  du  Puits,  le  chef  d'escadron  commandant  la  compagnie  de  gendarmerie  de\nCoutances, sont charg\u00e9s, chacun en ce qui le concerne, de l'ex\u00e9cution du pr\u00e9sent arr\u00eat\u00e9\nqui sera publi\u00e9 au recueil des actes administratifs de la pr\u00e9fecture de la Manche et affich\u00e9\ndans les mairies pr\u00e9cit\u00e9es.\nArticle 5  : Cet arr\u00eat\u00e9 peut \u00eatre contest\u00e9 dans un d\u00e9lai de deux mois \u00e0 compter de sa\npublication aupr\u00e8s du tribunal administratif de Caen (3 rue Arthur Leduc \u2013 BP 25086-\n14050 Caen Cedex), ou par le site internet  www.telerecours.fr. Ce recours contentieux\npeut \u00eatre pr\u00e9c\u00e9d\u00e9 d'un recours  gracieux aupr\u00e8s  du  pr\u00e9fet de la Manche (place de la\npr\u00e9fecture - 50002 Saint-L\u00f4 Cedex), ou d'un recours hi\u00e9rarchique aupr\u00e8s du ministre de\nl'int\u00e9rieur (direction g\u00e9n\u00e9rale des collectivit\u00e9s territoriales \u2013 place Beauvau \u2013 75800 Paris\ncedex 08). \nSaint-L\u00f4, le 7 mai 2025\nSign\u00e9\n                                                 Xavier BRUNETIERE\n       \nPr\u00e9fecture de la Manche - 50-2025-05-07-00002 - ARR\u00caT\u00c9 PORTANT ABROGATION DES ARR\u00caT\u00c9S R\u00c9GLEMENTANT LA CIRCULATION\nET LE STATIONNEMENT DES V\u00c9HICULES TERRESTRES A MOTEUR UTILISES PAR LES PRATIQUANTS DE P\u00caCHE A PIED DE LOISIR ET\nPORTANT MESURES TRANSITOIRES SUR L'ARRONDISSEMENT DE COUTANCES\n18\nSous-pr\u00e9fecture de Coutances\n50-2025-04-11-00003\nArr\u00eat\u00e9  portant modification des statuts du\nsyndicat du SAGE C\u00f4tiers Ouest Cotentin\nSous-pr\u00e9fecture de Coutances - 50-2025-04-11-00003 - Arr\u00eat\u00e9  portant modification des statuts du syndicat du SAGE C\u00f4tiers Ouest\nCotentin 19\nExPREFETDE LA MANCHELibert\u00e9Egalit\u00e9Fraternit\u00e9\nSous-Pr\u00e9fecture de Coutances\nA R R \u00ca T \u00c9\nportant modification des statuts du syndicat du SAGE C\u00f4tiers Ouest Cotentin\nLE PREFET DE LA MANCHE\nChevalier de la L\u00e9gion d'honneur,\nChevalier de l' Ordre National du M\u00e9rite,\nVU Le code g\u00e9n\u00e9ral des collectivit\u00e9s territoriales, notamment les articles L.5711-1 et  \nsuivants, les articles L. 5211-18 \u00e0 20 ;\nVU Le code de l'urbanisme ;\nVU Le code de l'environnement ;\nVU Le d\u00e9cret du Pr\u00e9sident de la R\u00e9publique en Conseil des ministres du 13 juillet 2023  \nportant nomination de M. Xavier BRUNETIERE, en qualit\u00e9 de Pr\u00e9fet de la Manche ;\nVU Le d\u00e9cret du 23 mars 2023 portant nomination de M. Julien MINICONI, Sous-pr\u00e9fet  \nde Coutances\nVU L'arr\u00eat\u00e9 pr\u00e9fectoral n\u00b02024-19-VN en date du 5 juillet 2024, donnant d\u00e9l\u00e9gation de  \nsignature \u00e0 M . Julien MINICONI, Sous-pr\u00e9fet de Coutances ;\nVU L'arr\u00eat\u00e9  inter-pr\u00e9fectoral  du  24  avril  2013  portant  d\u00e9limitation  du  p\u00e9rim\u00e8tre  du \nSch\u00e9ma d'Am\u00e9nagement et de Gestion des Eaux des bassins versants de la Sienne,  \nde la Soulles et des bassins versants c\u00f4tiers de la c\u00f4te Ouest du Cotentin ;\nVU L'arr\u00eat\u00e9  pr\u00e9fectoral  ASJ/03-2015  du  4  mars  2015  modifi\u00e9  portant  cr\u00e9ation  du \nsyndicat mixte du Sch\u00e9ma d'Am\u00e9nagement et de Gestion des Eaux des bassins  \nversants de la Sienne, de la Soulles et des bassins versants c\u00f4tiers de la c\u00f4te Ouest  \ndu Cotentin, d\u00e9nomm\u00e9 syndicat mixte du SAGE C\u00f4tiers Ouest Cotentin par arr\u00eat\u00e9  \ndu 5 juillet 2017 ;\nSous-Pr\u00e9fecture de Coutances \u2013 BP 729 \u2013 50207 COUTANCES \u2013 T\u00e9l. : 02.33.75.49.50 \nSous-pr\u00e9fecture de Coutances - 50-2025-04-11-00003 - Arr\u00eat\u00e9  portant modification des statuts du syndicat du SAGE C\u00f4tiers Ouest\nCotentin 20\nVU Le sch\u00e9ma directeur d'am\u00e9nagement et de gestion des eaux (SDAGE) du bassin Seine  \nNormandie 2010-2015 ;\nVU La d\u00e9lib\u00e9ration du comit\u00e9 syndical du Syndicat Intercommunal d'Am\u00e9nagement et  \nd'Entretien de la Sienne du 30 mai 2024 demandant son retrait en tant que membre  \ndu syndicat du SAGE C\u00f4tiers Ouest Cotentin ;\nVU La d\u00e9lib\u00e9ration du conseil communautaire de la communaut\u00e9 d'agglom\u00e9ration Mont  \nSaint-Michel  Normandie  du  28  novembre  2024  d\u00e9cidant  d'adh\u00e9rer  au  syndicat  du \nSAGE C\u00f4tiers Ouest Cotentin ;\nVU La d\u00e9lib\u00e9ration du conseil communautaire de la communaut\u00e9 de communes Intercom  \nde la Vire au Noireau du 28 novembre 2024 validant son adh\u00e9sion au syndicat du SAGE \nC\u00f4tiers Ouest Cotentin ;\nVU La d\u00e9lib\u00e9ration n\u00b0 2024-016 du comit\u00e9 syndical du syndicat du SAGE C\u00f4tiers Ouest  \nCotentin du  16  d\u00e9cembre  2024  validant  les  adh\u00e9sions  de  la  communaut\u00e9  \nd'agglom\u00e9ration Mont Saint-Michel Normandie et de la communaut\u00e9 de communes  \nIntercom de la Vire au Noireau ;\n VU La d\u00e9lib\u00e9ration n\u00b0 2024-017 du comit\u00e9 syndical du syndicat du SAGE C\u00f4tiers Ouest  \nCotentin du  16  d\u00e9cembre  2024  actant  le  retrait  du  Syndicat  Intercommunal \nd'Am\u00e9nagement et d'Entretien de la Sienne et validant les modifications statutaires du \nsyndicat ;\nVU Les  d\u00e9lib\u00e9rations  favorables  des  conseils  communautaires  de  la  communaut\u00e9  de \ncommunes Granville Terre et Mer (6 f\u00e9vrier 2025), de la communaut\u00e9 de communes de \nC\u00f4te Ouest Centre Manche (6 f\u00e9vrier 2025), de la communaut\u00e9 de communes de  \nVilledieu Intercom (27 f\u00e9vrier 2025), de la communaut\u00e9 d'agglom\u00e9ration le Cotentin  \n(27 mars 2025) ;\nVU L'avis  r\u00e9put\u00e9  favorable  de  la  communaut\u00e9  d'agglom\u00e9ration  Saint-L\u00f4  Agglo,  de  la \ncommunaut\u00e9 de communes Coutances mer et bocage ;\nCONSIDERANT  que les conditions de majorit\u00e9 requises sont r\u00e9unies ;\n- ARRETE \u2013\nArticle 1 : sont autoris\u00e9s le retrait du Syndicat Intercommunal d'Am\u00e9nagement et d'Entretien  \nde la Sienne du syndicat du SAGE C\u00f4tiers Ouest Cotentin et les adh\u00e9sions de la communaut\u00e9  \nd'agglom\u00e9ration Mont Saint-Michel Normandie et de la communaut\u00e9 de communes Intercom \nde la Vire au Noireau au syndicat du SAGE C\u00f4tiers Ouest Cotentin.\n2\nSous-pr\u00e9fecture de Coutances - 50-2025-04-11-00003 - Arr\u00eat\u00e9  portant modification des statuts du syndicat du SAGE C\u00f4tiers Ouest\nCotentin 21\nArticle 2  : sont autoris\u00e9es les modifications des statuts de du SAGE C\u00f4tiers Ouest Cotentin.  \nLes statuts modifi\u00e9s sont annex\u00e9s au pr\u00e9sent arr\u00eat\u00e9.\nArticle 3  : Le pr\u00e9sent arr\u00eat\u00e9 peut \u00eatre contest\u00e9 devant la juridiction administrative (tribunal  \nadministratif  de  Caen)  dans  le  d\u00e9lai  de  deux  mois  suivant  sa  publication.  Le  tribunal \nadministratif peut \u00eatre saisi par l'application T\u00e9l\u00e9recours citoyens, \naccessible par le site www.telerecours.fr \nArticle  17 :  Le  sous-pr\u00e9fet  de  Coutances,  les  pr\u00e9sidents  des  \u00e9tablissements  publics  de \ncoop\u00e9ration  intercommunale  concern\u00e9s  sont  charg\u00e9s,  chacun  en  ce  qui  le  concerne,  de \nl'ex\u00e9cution du pr\u00e9sent arr\u00eat\u00e9 qui leur sera notifi\u00e9 et dont un extrait sera publi\u00e9 au recueil des  \nactes administratifs de la pr\u00e9fecture de la Manche.\nFait \u00e0 Coutances, \n            Le       11/04/2025                                 \nPour le Pr\u00e9fet,\nLe Sous-Pr\u00e9fet  de Coutances,\nSIGNE :\nJulien MINICONI\n3\nSous-pr\u00e9fecture de Coutances - 50-2025-04-11-00003 - Arr\u00eat\u00e9  portant modification des statuts du syndicat du SAGE C\u00f4tiers Ouest\nCotentin 22\nSous-pr\u00e9fecture de Coutances\n50-2025-04-11-00004\nArr\u00eat\u00e9 portant modification\ndes statuts de la communaut\u00e9 de communes\nC\u00f4te Ouest Centre Manche\nSous-pr\u00e9fecture de Coutances - 50-2025-04-11-00004 - Arr\u00eat\u00e9 portant modification\ndes statuts de la communaut\u00e9 de communes\nC\u00f4te Ouest Centre Manche\n23\nExPREFETDE LA MANCHELibert\u00e9Egalit\u00e9Fraternit\u00e9\nSOUS-PREFECTURE DE COUTANCES\nArr\u00eat\u00e9 portant modification\ndes statuts de la communaut\u00e9 de communes \nC\u00f4te Ouest Centre Manche\nLE PREFET DE LA MANCHE\nChevalier de la L\u00e9gion d'honneur\nChevalier de l'ordre national du M\u00e9rite\nVU le code g\u00e9n\u00e9ral des collectivit\u00e9s territoriales (CGCT)  et notamment les articles L. 5211-5,  \nL.5211-17-1 et L. 5211-20 ;\nVU le d\u00e9cret du Pr\u00e9sident de la R\u00e9publique en Conseil des ministres du 13 juillet 2023 portant \nnomination de M. Xavier BRUNETIERE, en qualit\u00e9 de Pr\u00e9fet de la Manche ;\nVU le d\u00e9cret du 23 mars 2023 portant nomination de M. Julien MINICONI, Sous-pr\u00e9fet de  \nCoutances\nVU  l'arr\u00eat\u00e9  pr\u00e9fectoral  n\u00b02024-19-VN  en  date  du  5  juillet  2024,  donnant  d\u00e9l\u00e9gation  de \nsignature \u00e0 M . Julien MINICONI, Sous-pr\u00e9fet de COUTANCES ;\nVU l'arr\u00eat\u00e9 pr\u00e9fectoral du 3 octobre 2016 modifi\u00e9 cr\u00e9ant la communaut\u00e9 de communes C\u00f4te \nOuest Centre Manche ;\nVU la  d\u00e9lib\u00e9ration  DEL20241031-124  du  conseil  communautaire  de  la  communaut\u00e9  de \ncommunes C\u00f4te Ouest Centre Manche du 31 octobre 2024 approuvant la modification de \nla  comp\u00e9tence  de  la  communaut\u00e9  de  communes  en  mati\u00e8re  d'am\u00e9nagement  et \nd'entretien  des  chemins  de  randonn\u00e9es  ainsi  que  la  suppression  de  la  comp\u00e9tence \noptionnelle  \u00ab  groupe  2  politique  du  logement  et  du  cadre  de  vie :  am\u00e9nagement  et \ncommercialisation du lotissement communautaire les Amazones situ\u00e9 \u00e0 la Haye  \u00bb et de la \ncomp\u00e9tence facultative \u00ab  groupe 4 manifestations culturelles et sportives  : adh\u00e9sion au  \nPays d'Art et d'Histoire du Coutan\u00e7ais \u00bb ;\nVU les d\u00e9lib\u00e9rations des communes membres de la communaut\u00e9 de communes de C\u00f4te  \nOuest Centre Manche relatives \u00e0 ces modifications statutaires ;\nCONSIDERANT que les modifications respectent la proc\u00e9dure pr\u00e9vue aux articles L. 5211-17  \net L. 5211-17-1 du CGCT et que les conditions de majorit\u00e9s requises par les dispositions du  \nII de l'article L. 5211-5 du m\u00eame code sont remplies;\nPr\u00e9fecture de la Manche \u2013 BP 70522 \u2013 50002 SAINT-L\u00d4 \u2013 T\u00e9l. : 02.33.75.49.50 \u2013 M\u00e9l. : prefecture@manche.gouv.fr\nAccueil du public les lundi, mardi, jeudi et vendredi : \n- Bureau des migrations et de l'int\u00e9gration : uniquement sur rendez-vous\n- point accueil num\u00e9rique de 8h30 \u00e0 12h30 : uniquement sur rendez-vous\nAccueil g\u00e9n\u00e9ral ouvert du lundi au vendredi de 8h30 \u00e0 12h30 et de 14h00 \u00e0 17h00\nSous-pr\u00e9fecture de Coutances - 50-2025-04-11-00004 - Arr\u00eat\u00e9 portant modification\ndes statuts de la communaut\u00e9 de communes\nC\u00f4te Ouest Centre Manche\n24\n- A R R E T E -\nArticle 1  er     : Sont autoris\u00e9es les modifications des statuts de la communaut\u00e9 de communes de  \nC\u00f4te Ouest Centre Manche.\nArticle 2     : Les statuts modifi\u00e9s sont annex\u00e9s au pr\u00e9sent arr\u00eat\u00e9.\nArticle 3 : Le pr\u00e9sent arr\u00eat\u00e9 peut faire l'objet d'un recours aupr\u00e8s du tribunal administratif de  \nCaen, dans le d\u00e9lai de deux mois suivant sa publication au recueil des actes administratifs de  \nla Pr\u00e9fecture de la Manche.\nArticle 4 : Le Sous-pr\u00e9fet de Coutances et le Pr\u00e9sident de la communaut\u00e9 de communes C\u00f4te \nOuest Centre Manche sont charg\u00e9s, chacun en ce qui le concerne, de l'ex\u00e9cution du pr\u00e9sent  \narr\u00eat\u00e9 dont un extrait sera publi\u00e9 au recueil des actes administratifs de la pr\u00e9fecture et dont  \nune copie sera adress\u00e9e aux int\u00e9ress\u00e9s.\nFait \u00e0 Coutances, \nLe 11/04/2025\nPour le Pr\u00e9fet,\nLe Sous-pr\u00e9fet de Coutances \nSIGNE :\nJulien MINICONI\nSous-pr\u00e9fecture de Coutances - 50-2025-04-11-00004 - Arr\u00eat\u00e9 portant modification\ndes statuts de la communaut\u00e9 de communes\nC\u00f4te Ouest Centre Manche\n25","date":"2025-05-09","first_seen_on":"2025-05-09T14:13:20+00:00","id":"d7476444a4f7b08896aa57f54d8aa300db328ceb30b7fe77c8360291784ad8b0","name":"Recueil des actes administratifs sp\u00e9cial num\u00e9ro 50-2025-006","pdf_creation_date":"2025-05-09T12:19:53+00:00","pdf_modification_date":null,"timezone":"Europe/Paris","url":"https://www.manche.gouv.fr/contenu/telechargement/65082/499259/file/recueil-50-2025-006-recueil-des-actes-administratifs-special.pdf"}
