{"administration":"prefidf","administration_name":"Pr\u00e9fecture de la r\u00e9gion \u00cele-de-France","content":"PREFECTURE\nREGION ILE DE\nFRANCE\nRECUEIL DES ACTES\nADMINISTRATIFS SP\u00c9CIAL\n(NOMINATIFS)\nN\u00b0IDF-039-2025-09\nPUBLI\u00c9 LE 15 SEPTEMBRE 2025\nSommaire\nRectorat de la r\u00e9gion acad\u00e9mique d'Ile-de-France, rectorat de\nl'acad\u00e9mie de Paris /\nIDF-2025-09-15-00002 - Arr\u00eat\u00e9 de composition du Conseil acad\u00e9mique\ndes associations \u00e9ducatives compl\u00e9mentaires de l'enseignement\npublic (2 pages) Page 3\n2\nRectorat de la r\u00e9gion acad\u00e9mique\nd'Ile-de-France, rectorat de l'acad\u00e9mie de Paris\nIDF-2025-09-15-00002\nArr\u00eat\u00e9 de composition du Conseil acad\u00e9mique\ndes associations \u00e9ducatives compl\u00e9mentaires de\nl'enseignement public\nRectorat de la r\u00e9gion acad\u00e9mique d'Ile-de-France, rectorat de l'acad\u00e9mie de Paris - IDF-2025-09-15-00002 - Arr\u00eat\u00e9 de composition du\nConseil acad\u00e9mique des associations \u00e9ducatives compl\u00e9mentaires de l'enseignement public 3\nEsACADEMIEDE PARISLibert\u00e9Egalit\u00e9Fraternit\u00e9\n  \n \nDirection de l'acad\u00e9mie de Paris \n \n \n \n \n \nArr\u00eat\u00e9 rectoral portant nomination des membres du Conseil acad\u00e9mique des associations \u00e9ducatives \ncompl\u00e9mentaires de l'enseignement public (CAAECEP) \n \n \nLa Rectrice de l'acad\u00e9mie de Paris \nrectrice de la r\u00e9gion acad\u00e9mique d'\u00cele-de-France, \nchanceli\u00e8re des universit\u00e9s de Paris et d'\u00cele-de-France, \n \n \nVu le Code de l'Education et notamment ses  articles D.551-1 et suivants relatifs \u00e0 l'agr\u00e9ment des associations \n\u00e9ducatives compl\u00e9mentaires de l'enseignement public ; \n \nA R R E T E \n \nArticle 1. \u2013  Le Conseil acad\u00e9mique des associations \u00e9ducatives compl\u00e9mentaire s de l'enseignement public de \nl'acad\u00e9mie de  Paris (CAAECEP), pr\u00e9sid\u00e9 par la  Rectrice de l'acad\u00e9mie de Paris ou s a repr\u00e9sentante,                      \nMadame Marjorie KOUBI, secr\u00e9taire g\u00e9n\u00e9rale adjointe en charge du p\u00f4le \u00e9l\u00e8ves, partenariats et appui aux \npolitiques \u00e9ducatives, est compos\u00e9 comme suit : \n \nA \u2013 Cinq repr\u00e9sentants des associations agr\u00e9\u00e9es  \n \n \n\u25ba Un repr\u00e9sentant et son suppl\u00e9ant de l'Association R\u00e9gionale des \u0152uvres Educatives et des Vacances \nde l'Education Nationale (AROEVEN) : \n Titulaire :  Madame MALAHIEUDE Marie-Christine  \n Suppl\u00e9ant :  Madame MALAHIEUDE Fanny \n \n\u25ba Un repr\u00e9sentant et son suppl\u00e9ant de l'Office Central de Coop\u00e9ration \u00e0 l'\u00e9cole (OCCE)  : \n Titulaire :  Monsieur FEDELICH Nicolas  \n Suppl\u00e9ante : Madame LOUBI\u00c8RE Nicole  \n \n\u25ba  Un repr\u00e9sentant et son suppl\u00e9ant de la f\u00e9d\u00e9ration de la Ligue de l'enseignement : \nTitulaire : Monsieur GARBARG CHENON Julien \nSuppl\u00e9ant :  Monsieur NEYRAT Lucas  \n \n\u25ba Un repr\u00e9sentant de l'Association de la Fondation \u00c9tudiante pour la Ville (AFEV)  :  \n Titulaire : Madame BADUEL Juliette \n Suppl\u00e9ant : Madame DEVILLERS Alix \n \n\u25ba Un repr\u00e9sentant et son suppl\u00e9ant de l'association SOS Racisme \u2013 Touche pas \u00e0 mon pote : \n Titulaire :  Monsieur KALOMBO D\u00e9sir\u00e9 \n Suppl\u00e9ant :  Madame BELLANGER Camille \n \n \nB \u2013 Trois repr\u00e9sentants des organisations repr\u00e9sentatives des personnels de direction d'\u00e9ducation et \nd'enseignement  \n \n\u25ba Deux repr\u00e9sentants et leurs suppl\u00e9ants d\u00e9sign\u00e9s par la section de Paris du SNUIIP/SNES - FSU : \n Titulaire (SNUIIP) :  Monsieur ALEXANDRE Nicolas  \nRectorat de la r\u00e9gion acad\u00e9mique d'Ile-de-France, rectorat de l'acad\u00e9mie de Paris - IDF-2025-09-15-00002 - Arr\u00eat\u00e9 de composition du\nConseil acad\u00e9mique des associations \u00e9ducatives compl\u00e9mentaires de l'enseignement public 4\n \n 2 \n Titulaire (SNES/FSU) :  Madame BOUVIER Sylvie \nSuppl\u00e9ant : Madame DOUZIL Laurence  \n \n\u25ba Un repr\u00e9sentant et son suppl\u00e9ant d\u00e9sign\u00e9s par la section de Paris SNUDI-FO : \n Titulaire :  Madame PALMONT Coralie \n Suppl\u00e9ant : Madame BERGER Laurence \n \nC \u2013 Trois repr\u00e9sentants des organisations repr\u00e9sentatives de parents d'\u00e9l\u00e8ves   \n \n\u25ba Deux repr\u00e9sentants d\u00e9sign\u00e9s par le conseil d\u00e9partemental des parents d'\u00e9l\u00e8ves de l'enseignement public \nde Paris (FCPE) : \n Titulaire :  Madame BAEHREL Sylvaine \n Titulaire : Monsieur STEVANT Cyrille \n \n\u25ba Un repr\u00e9sentant et son suppl\u00e9ant d\u00e9sign\u00e9s par l'Union R\u00e9gionale de la f\u00e9d\u00e9ration des parents d'\u00e9l\u00e8ves \nde l'enseignement public (PEEP) : \n Titulaire : Monsieur GAROT Emmanuel \n Suppl\u00e9ant :  Madame REN\u00c9-BAULLARD C\u00e9cile \n \nD \u2013 Deux repr\u00e9sentants du minist\u00e8re charg\u00e9 de l'\u00e9ducation nationale  \n \n\u25ba Un Directeur acad\u00e9mique des services de l'\u00e9ducation nationale et son suppl\u00e9ant : \n Titulaire :  Madame GAUTHEROT Christelle \n Suppl\u00e9ant :  Monsieur VILLATTE F\u00e9lix \n \n\u25ba Un Conseiller technique du recteur et son suppl\u00e9ant : \n Titulaire :  Monsieur LENTULUS Dimitri \n Suppl\u00e9ant :  Madame FISCHER Priscille \n \nE \u2013 Un repr\u00e9sentant du minist\u00e8re charg\u00e9 de la jeunesse et des sports  \n \n\u25ba  Un repr\u00e9sentant d\u00e9sign\u00e9 par la D\u00e9l\u00e9gation R\u00e9gionale Acad\u00e9mique \u00e0 la Jeunesse, \u00e0 l'Engagement et aux \nSport (DRAJES) et son suppl\u00e9ant : \n Titulaire : Monsieur SERAI Louis \n Suppl\u00e9ant : Madame NOEL Alexandra \n \n \nArticle 2. \u2013  Les membres du conseil acad\u00e9mique des associations \u00e9ducatives compl\u00e9mentaires de \nl'enseignement public sont nomm\u00e9s pour une dur\u00e9e de trois ans \u00e0 compter du 15 septembre 2025. \n \nArticle 3. \u2013 La Secr\u00e9taire g\u00e9n\u00e9rale de l'acad\u00e9mie de Paris est charg\u00e9e de l'ex\u00e9cution du pr\u00e9sent arr\u00eat\u00e9. \n \n \nFait \u00e0 Paris, le 15 septembre 2025 \n \n \nPour la Rectrice et par d\u00e9l\u00e9gation, \nLa Secr\u00e9taire g\u00e9n\u00e9rale d'acad\u00e9mie charg\u00e9e de l'enseignement scolaire \n \nSign\u00e9 \nDelphine VIOT-LEGOUDA \n  \nRectorat de la r\u00e9gion acad\u00e9mique d'Ile-de-France, rectorat de l'acad\u00e9mie de Paris - IDF-2025-09-15-00002 - Arr\u00eat\u00e9 de composition du\nConseil acad\u00e9mique des associations \u00e9ducatives compl\u00e9mentaires de l'enseignement public 5","date":"2025-09-15","first_seen_on":"2025-09-15T16:56:35+00:00","id":"d811e97c9c64cf5df28c597ac91e65a8caa74ef8cf311516ec2676e3d038faef","name":"recueil-idf-039-2025-09-RAA-nominatifs du 15.09.2025","pdf_creation_date":"2025-09-15T16:20:22+00:00","pdf_modification_date":null,"timezone":"Europe/Paris","url":"https://www.prefectures-regions.gouv.fr/ile-de-france/irecontenu/telechargement/131029/962945/file/recueil-idf-039-2025-09-RAA-nominatifs%20du%2015.09.2025.pdf"}
