{"administration":"prefidf","administration_name":"Pr\u00e9fecture de la r\u00e9gion \u00cele-de-France","content":"PREFECTURE\nREGION ILE DE\nFRANCE\nRECUEIL DES ACTES\nADMINISTRATIFS SP\u00c9CIAL\n(NOMINATIFS)\nN\u00b0IDF-041-2025-07\nPUBLI\u00c9 LE 23 JUILLET 2025\nSommaire\nAgence R\u00e9gionale de Sant\u00e9 / Agence r\u00e9gionale de sant\u00e9\nd'Ile-de-France-P\u00f4le RH en sant\u00e9\nIDF-2025-07-23-00001 - Arr\u00eat\u00e9 n\u00b0 DOS - 2025/ 3566 portant\nd\u00e9signation de Monsieur J\u00e9r\u00f4me SONTAG, Directeur du Centre\nHospitalier de Rambouillet, en qualit\u00e9 de Directeur par int\u00e9rim de\nl'Ehpad d'Ablis\n (2 pages) Page 3\nAgence R\u00e9gionale de Sant\u00e9 / Direction Veille et S\u00e9curit\u00e9 Sanitaires\nIDF-2025-06-02-00027 - D\u00e9cision DVSS - QSPHARMBIO - 2025/043\nportant renouvellement de l'autorisation de la pharmacie \u00e0 usage\nint\u00e9rieur multisite de l'Etablissement Public de Sant\u00e9 Barth\u00e9l\u00e9my\nDurand (4 pages) Page 6\nCENTQUATRE-PARIS.  /\nIDF-2025-06-27-00006 - D\u00e9lib\u00e9ration n\u00b02025-15 relative \u00e0\nl'approbation du PV du CA du 2 avril 2025 (10 pages) Page 11\nIDF-2025-06-27-00007 - D\u00e9lib\u00e9ration n\u00b02025-16 relative \u00e0 la\nnomination des membres de la CAO (1 page) Page 22\nIDF-2025-06-27-00010 - D\u00e9lib\u00e9ration n\u00b02025-19 relative \u00e0 la\nnomination du comptable principal (1 page) Page 24\nDirection r\u00e9gionale et interd\u00e9partementale de l'\u00e9conomie, de l'emploi,\ndu travail et des solidarit\u00e9s d'\u00cele-de-France / P\u00f4le politique du\ntravail-Service sant\u00e9 et s\u00e9curit\u00e9 au travail\nIDF-2025-07-22-00004 - Arr\u00eat\u00e9 du 22 juillet 2025 portant agr\u00e9ment\nd'organismes pour la formation des membres de la d\u00e9l\u00e9gation du\npersonnel au comit\u00e9 social et \u00e9conomique, en mati\u00e8re de sant\u00e9,\ns\u00e9curit\u00e9 et conditions de travail (16 pages) Page 26\nDirection r\u00e9gionale et interd\u00e9partementale de l'h\u00e9bergement et du\nlogement / Service Acc\u00e8s au Logement et Pr\u00e9ventions des Expulsions\nIDF-2025-07-22-00005 - Arr\u00eat\u00e9 portant agr\u00e9ment de l'association\nEmpreintes au titre de l'ILGLS (4 pages) Page 43\n2\nAgence R\u00e9gionale de Sant\u00e9\nIDF-2025-07-23-00001\nArr\u00eat\u00e9 n\u00b0 DOS - 2025/ 3566 portant d\u00e9signation\nde Monsieur J\u00e9r\u00f4me SONTAG, Directeur du\nCentre Hospitalier de Rambouillet, en qualit\u00e9 de\nDirecteur par int\u00e9rim de l'Ehpad d'Ablis\nAgence R\u00e9gionale de Sant\u00e9 - IDF-2025-07-23-00001 - Arr\u00eat\u00e9 n\u00b0 DOS - 2025/ 3566 portant d\u00e9signation de Monsieur J\u00e9r\u00f4me SONTAG,\nDirecteur du Centre Hospitalier de Rambouillet, en qualit\u00e9 de Directeur par int\u00e9rim de l'Ehpad d'Ablis 3\nREPUBLIQUEFRAN\u00c7AISELibert\u00e9Egalit\u00e9Fraternit\u00e9\ne \u00bb Agence R\u00e9gionale de Sant\u00e9Ile-de-France\n \n13 rue du Landy \n93200 Saint-Denis \nT\u00e9l : 01 44 02 09 00 \nwww.iledefrance.ars.sante.fr \n \n \n \n \n \n \n \nAGENCE R\u00c9GIONALE DE SANT\u00c9 \u00ceLE-DE-FRANCE \nArr\u00eat\u00e9 n\u00b0 DOS - 2025/ 3566 \n    \n \nPortant d\u00e9signation de Monsieur J\u00e9r\u00f4me SONTAG, Directeur du Centre Hospitalier de Rambouillet, \nen qualit\u00e9 de Directeur par int\u00e9rim de l'Ehpad d'Ablis \n  \nLE DIRECTEUR G\u00c9N\u00c9RAL DE L'AGENCE R\u00c9GIONALE \n DE SANT\u00c9 \u00ceLE-DE-FRANCE \n \nVu le code de la sant\u00e9 publique ; \n \nVu le d\u00e9cret n\u00b0 2005-920 du 2 ao\u00fbt 2005 portant dispositions relatives \u00e0 la direction des \u00e9tablissements \nmentionn\u00e9s \u00e0 l'article 2 de la loi n\u00b086-33 du 9 janvier 1986 portant dispositions statutaires relatives \u00e0 la \nfonction publique hospitali\u00e8re ; \n \nVu le d\u00e9cret du 1er avril 2010 portant nomination des Directeurs g\u00e9n\u00e9raux des Agences r\u00e9gionales de \nSant\u00e9 ; \n \nVu le d\u00e9cret n\u00b0 2012 -749 du 9 mai 2012 relatif \u00e0 la prime de fonctions et de r\u00e9sultat des corps ou \nemplois fonctionnels des personnels de direction et des directeurs des soins de la fonction publique \nhospitali\u00e8re ; \n \nVu le d\u00e9cret n\u00b0 2018- 255 du 9 avril 2018 relatif aux modalit\u00e9s d'indemnisation des p\u00e9riodes d'int\u00e9rim \net \u00e0 l'indemnit\u00e9 de direction commune pour certains personnels de la fonction publique hospitali\u00e8re ;  \n \nVu l'arr\u00eat\u00e9 du 9 avril 2018 fixant les montants de l'indemnisation des p\u00e9riodes d'int\u00e9rim et de l'indemnit\u00e9 \nde direction commune pour certains personnels de la fonction publique hospitali\u00e8re ;  \n \nVu le d\u00e9cret du 10 avril 2024 portant nomination de Monsieur Denis ROBIN, Directeur g\u00e9n\u00e9ral de \nl'Agence r\u00e9gionale de sant\u00e9 \u00cele-de-France, \u00e0 compter du 29 avril 2024 ; \n \nVu le transfert des autorisations de l'Ehpad d'Ablis \u00e0 compter du 30 mai 2024  : \n \nConsid\u00e9rant la n\u00e9cessit\u00e9 pour l'ordonnateur de r\u00e9aliser les derni\u00e8res actions relatives \u00e0 cette cession \n(r\u00e9gler les derni\u00e8res factures, percevoir les recettes, produire le dernier compte financier et cl\u00f4turer les \ncomptes) ; \n \nConsid\u00e9rant la n\u00e9cessit\u00e9 de faire assurer l'int\u00e9rim de direction de l'Ehpad d'Ablis ; \n \n \nARRETE  \n \nARTICLE 1 : Monsieur J\u00e9r\u00f4me SONTAG est nomm\u00e9 en qualit\u00e9 de Directeur par int\u00e9rim de l'Ehpad \nd'Ablis; \n \nAgence R\u00e9gionale de Sant\u00e9 - IDF-2025-07-23-00001 - Arr\u00eat\u00e9 n\u00b0 DOS - 2025/ 3566 portant d\u00e9signation de Monsieur J\u00e9r\u00f4me SONTAG,\nDirecteur du Centre Hospitalier de Rambouillet, en qualit\u00e9 de Directeur par int\u00e9rim de l'Ehpad d'Ablis 4\n \n \n \nARTICLE 2 : En application des dispositions de l'arr\u00eat\u00e9 du 9 avril 2018, Monsieur J\u00e9r\u00f4me SONTAG \npercevra pendant toute la dur\u00e9e de l'int\u00e9rim, une indemnisation correspondant \u00e0 un prorata du \ncoefficient multiplicateur appliqu\u00e9 \u00e0 sa part fonctions ;  \n  \nARTICLE 3  : Le Directeur  g\u00e9n\u00e9ral de l'Agence r\u00e9gionale de sant\u00e9 \u00cele -de-France est charg\u00e9 de \nl'ex\u00e9cution du pr\u00e9sent arr\u00eat\u00e9 qui sera publi\u00e9 au recueil des actes administ ratifs de la pr\u00e9fecture de la \nr\u00e9gion Ile-de-France. Il peut faire l'objet, dans un d\u00e9lai de deux mois,  d'un recours gracieux aupr\u00e8s du \nDirecteur g\u00e9n\u00e9ral de l'Agence r\u00e9gionale de sant\u00e9 \u00cele -de-France et d'un recours contentieux aupr\u00e8s du  \nTribunal administratif comp\u00e9tent. \n \n \n \n \n \nFait \u00e0 Saint-Denis, le 23 juillet 2025 \n  \nP/Le Directeur g\u00e9n\u00e9ral \nde l'Agence r\u00e9gionale de sant\u00e9 \n\u00cele-de-France \nLe directeur de l'Offre de soins \n \n \n \n \n \n \nArnaud CORVAISIER  \n \n \nSign\u00e9 \nAgence R\u00e9gionale de Sant\u00e9 - IDF-2025-07-23-00001 - Arr\u00eat\u00e9 n\u00b0 DOS - 2025/ 3566 portant d\u00e9signation de Monsieur J\u00e9r\u00f4me SONTAG,\nDirecteur du Centre Hospitalier de Rambouillet, en qualit\u00e9 de Directeur par int\u00e9rim de l'Ehpad d'Ablis 5\nAgence R\u00e9gionale de Sant\u00e9\nIDF-2025-06-02-00027\nD\u00e9cision DVSS - QSPHARMBIO - 2025/043\nportant renouvellement de l'autorisation de la\npharmacie \u00e0 usage int\u00e9rieur multisite de\nl'Etablissement Public de Sant\u00e9 Barth\u00e9l\u00e9my\nDurand\nAgence R\u00e9gionale de Sant\u00e9 - IDF-2025-06-02-00027 - D\u00e9cision DVSS - QSPHARMBIO - 2025/043 portant renouvellement de\nl'autorisation de la pharmacie \u00e0 usage int\u00e9rieur multisite de l'Etablissement Public de Sant\u00e9 Barth\u00e9l\u00e9my Durand 6\nEEREPUBLIQUEFRAN\u00c7AISELibert\u00e9Egalit\u00e9Fraternit\u00e9 @ D Agence R\u00e9gionale de Sant\u00e9\u00cele-de-France\n \n \n \n \n \nAGENCE R\u00c9GIONALE DE SANTE \u00ceLE-DE-FRANCE \nD\u00c9CISION N\u00b0 DVSS - QSPHARMBIO - 2025 / 043 \nportant renouvellement de l'autorisation de la pharmacie \u00e0 usage int\u00e9rieur multisite \nde l'\u00c9tablissement Public de Sant\u00e9 Barth\u00e9l\u00e9my Durand \nLE DIRECTEUR G\u00c9N\u00c9RAL DE L'AGENCE R\u00c9GIONALE DE SANT\u00c9 \u00ceLE-DE-FRANCE \n \nVU le code de la sant\u00e9 publique  et notamment les articles L.5126 -1 \u00e0 L.5126 -11 ainsi que les \narticles R.5126-1 \u00e0 R.5126-62 ;  \n \nVU l'ordonnance n\u00b0 2016-1729 en date du 15 d\u00e9cembre 2016 relative aux pharmacies \u00e0 usage \nint\u00e9rieur prise en application de l'article 204 de la loi n\u00b0 2016-41 en date du 26 janvier 2016 de \nmodernisation de notre syst\u00e8me de sant\u00e9 en sa version modifi\u00e9e par l'ordonnance \nn\u00b0 2020- 1407 en date du 18 novembre 2020 relative aux missions des agences r\u00e9gionales de \nsant\u00e9 ; \n \nVU le d\u00e9cret n\u00b0 2019-489 en date du 21 mai 2019 modifi\u00e9 relatif aux pharmacies \u00e0 usage int\u00e9rieur \npris en application de l'ordonnance n\u00b0 2016-1729, notamment son article 4 ;   \n \nVU  l'arr\u00eat\u00e9 en date du 22 juin 2001 relatif aux bonnes pratiques de pharmacie hospitali\u00e8re ; \n \nVU  la d\u00e9cision en date du 21 juillet 2023, prise en application des articles L.5121-1 et L.5121-5 du \ncode de la sant\u00e9 publique, relative aux bonnes pratiques de pr\u00e9paration ;  \n \nVU  le d\u00e9cret en date du 10 avril 2024 portant nomination de Monsieur Denis ROBIN, Directeur \ng\u00e9n\u00e9ral de l'Agence r\u00e9gionale de sant\u00e9 \u00cele-de-France \u00e0 compter du 29 avril 2024 ;  \n \nVU  l'arr\u00eat\u00e9 pr\u00e9fectoral en date du 22 juillet 1963 ayant autoris\u00e9 la cr\u00e9ation d'une pharmacie \u00e0 usage \nint\u00e9rieur sous le n\u00b0 H 89 au sein de l'\u00c9tablissement Public de Sant\u00e9 Barth\u00e9l\u00e9my Durand situ\u00e9 \navenue du 8 mai 1945 \u2013 BP 69 \u00e0 \u00c9tampes (91150) ;  \n \nVU  la demande d\u00e9pos\u00e9e le 25 septembre 2024 par le directeur de l'\u00e9tablissement : \u00c9tablissement \nPublic de Sant\u00e9 Barth\u00e9l\u00e9my Durand, en vue du renouvellement, au titre de  l'article 4 du  \nd\u00e9cret   n\u00b02019-489 en date du 21 mai 2019 modifi\u00e9 relatif aux pharmacies \u00e0 usage int\u00e9rieur, \nde l'autorisation de la pharmacie \u00e0 usage int\u00e9rieur multisite concernant les missions g\u00e9n\u00e9rales \nainsi que les actions de pharmacie clinique, telles que d\u00e9finies \u00e0 l'article L.5126 -1 du code de \nla sant\u00e9 publique, afin de r\u00e9pondre aux besoi ns pharmaceutiques des personnes prises en \ncharge ;  \n \nVU  la demande d\u00e9pos\u00e9e le 25 septembre 2024 par le directeur de l'\u00e9tablissement : \u00c9tablissement \nPublic de Sant\u00e9 Barth\u00e9l\u00e9my Durand, en vue du renouvellement, au titre de l'article 4 du d\u00e9cret \nn\u00b0 2019-489 en date du 21 mai 2019 modifi\u00e9 relatif aux pharmacies \u00e0 usage int\u00e9rieur, de \nl'autorisation de la pharmacie \u00e0 usage int\u00e9rieur multisite concernant l'activit\u00e9 suivante assur\u00e9e \npar la pharmacie \u00e0 usage int\u00e9rieur pour son propre compte :  \n \n- la pr\u00e9paration de doses \u00e0 administrer de m\u00e9dicaments mentionn\u00e9s \u00e0 \nl'article L. 4211-1 du code de la sant\u00e9 publique ;  \n \nAgence R\u00e9gionale de Sant\u00e9 - IDF-2025-06-02-00027 - D\u00e9cision DVSS - QSPHARMBIO - 2025/043 portant renouvellement de\nl'autorisation de la pharmacie \u00e0 usage int\u00e9rieur multisite de l'Etablissement Public de Sant\u00e9 Barth\u00e9l\u00e9my Durand 7\nles activit\u00e9s suivantes assur\u00e9es par une autre pharmacie \u00e0 usage int\u00e9rieur pour le compte de \nla pharmacie \u00e0 usage int\u00e9rieur :  \n- activit\u00e9 de pr\u00e9paration des dispositifs m\u00e9dicaux st\u00e9riles par le proc\u00e9d\u00e9 \u00e0 la vapeur \nd'eau ; \n- activit\u00e9 de pr\u00e9paration magistrale et hospitali\u00e8re ; \n \nVU  le rapport d'instruction en date du 24 mars 2025  et la conclusion d\u00e9finitive en date du \n2 mai 2025 \u00e9tablis par le pharmacien inspecteur de sant\u00e9 publique ;  \n \nVU  l'avis favorable du Conseil central de la section H de l'Ordre des pharmaciens, en date du \n13 janvier 2025 ;   \n \nCONSID\u00c9RANT  \n \n \nles r\u00e9ponses apport\u00e9es et les demandes d'actions correctives \u00e0 mettre en \u0153uvre par \nl'\u00e9tablissement suite au rapport d' instruction du pharmacien inspecteur de sant\u00e9 \npublique, notamment :  \n \n- la mise \u00e0 jour de l'organigramme de la pharmacie \u00e0 usage int\u00e9rieur en y \nfaisant appara\u00eetre une l\u00e9gende des liens hi\u00e9rarchiques et fonctionnels ; \n- la d\u00e9signation \u00e9crite d'un deuxi\u00e8me pharmacien rempla\u00e7ant pour assurer la \ng\u00e9rance de la pharmacie \u00e0 usage int\u00e9rieur, la pharmacienne adjointe \nd\u00e9sign\u00e9e n'exer\u00e7ant pas \u00e0 temps complet ;  \n- la d\u00e9signation d'un pharmacien responsable de l'ensemble de l'activit\u00e9 de \npr\u00e9paration de doses \u00e0 administrer. Une d\u00e9l\u00e9gation de responsabilit\u00e9 \nformalis\u00e9e par \u00e9crit sera \u00e9tablie s'il s'agit d'un pharmacien adjoint ; \n \nCONSID\u00c9RANT que l'\u00c9tablissement Public de Sant\u00e9 Barth\u00e9l\u00e9my Durand  dispose de locaux, de \nmoyens en personnel, de moyens en \u00e9quipement et d'un syst\u00e8me d'information, \nconform\u00e9ment aux articles R.5126 -8 et R.5126-14 du code de la sant\u00e9 publique , lui \npermettant d'assurer l'ensemble des missions et l'activit\u00e9 sollicit\u00e9e ; \n  \nD\u00c9CIDE  \n \nARTICLE 1 La pharmacie \u00e0 usage int\u00e9rieur  multisite de l' \u00c9tablissement Public de Sant\u00e9 \nBarth\u00e9l\u00e9my Durand, d\u00e9ploy\u00e9e sur deux sites g\u00e9ographiques : \n- n\u00b0 FINESS EJ  : 910140029 et n\u00b0 FINESS ET  : 910000330 sis, avenue du 8 \nmai 1945 \u00e0 \u00c9tampes (91150) ; \n- n\u00b0 FINESS EJ  : 910140029 et n\u00b0 FINESS ET  : 910018910 sis, 2 route de \nLongpont \u00e0 Sainte Genevi\u00e8ve des Bois (91700) ; \nest autoris\u00e9e \u00e0 exercer les missions et activit\u00e9 cit\u00e9es aux articles suivants.  \nARTICLE 2  La pharmacie \u00e0 usage int\u00e9rieur  multisite dessert les  \u00e9tablissements et structures \nsuivants, relevant de la m\u00eame entit\u00e9 juridique (n\u00b0 FINESS EJ : 910140029) : \n \n- les deux sites g\u00e9ographiques de l'\u00c9tablissement Public de Sant\u00e9 Barth\u00e9l\u00e9my \nDurand : \no sis, 2 route de Longpont \u00e0 Sainte Genevi\u00e8ve des Bois (91700)  : n\u00b0 \nFINESS ET 910018910 ; \no sis, avenue du 8 mai 1945 \u00e0 \u00c9tampes (91150)  : n\u00b0 FINESS ET \n910000330 ; \n- les structures extrahospitali\u00e8res suivantes : centres m\u00e9dico-psychologiques et \ncentre de soins et d'accompagnement et de pr\u00e9vention en addictologie.  \nAgence R\u00e9gionale de Sant\u00e9 - IDF-2025-06-02-00027 - D\u00e9cision DVSS - QSPHARMBIO - 2025/043 portant renouvellement de\nl'autorisation de la pharmacie \u00e0 usage int\u00e9rieur multisite de l'Etablissement Public de Sant\u00e9 Barth\u00e9l\u00e9my Durand 8\nARTICLE 3 La pharmacie \u00e0 usage int\u00e9rieur assurera pour son propre compte, dans la limite du \nrespect des conditions r\u00e8glementaires fix\u00e9es pour son exercice au regard du statut de \nl'\u00e9tablissement au sein duquel elle est \u00e9tablie, les missions g\u00e9n\u00e9rales ainsi que les \nactions de pharmacie clinique, telles que d\u00e9finies \u00e0 l'article L.5126 -1 du code de la \nsant\u00e9 publique, afin de r\u00e9pondre aux besoins pharmaceutiques des personnes prises \nen charge. \n \nARTICLE 4  La pharmacie \u00e0 usage int\u00e9rieur assurera, pour son propre compte sur ses deux sites \ng\u00e9ographiques, l'activit\u00e9 de pr\u00e9paration des doses \u00e0 administrer de m\u00e9dicaments \nmentionn\u00e9s \u00e0 l'article L. 4211-1 du m\u00eame code : \n- proc\u00e9d\u00e9 : manuel ; \n- type de doses pr\u00e9par\u00e9es : pilulier individuel nominatif, doses unitaires ; \n- op\u00e9rations r\u00e9alis\u00e9es : d\u00e9conditionnement, reconditionnement, sur\u00e9tiquetage \ndes blisters de m\u00e9dicaments non pr\u00e9sent\u00e9s en conditionnement unitaire. \n \nARTICLE 5 La pharmacie \u00e0 usage int\u00e9rieur, faisant l'objet de la pr\u00e9sente d\u00e9cision, est autoris\u00e9e \u00e0 \nfaire r\u00e9aliser pour son propre compte, les activit\u00e9s suivantes :  \n- la pr\u00e9paration des dispositifs m\u00e9dicaux st\u00e9riles, par proc\u00e9d\u00e9 \u00e0 la vapeur d'eau, \npar la pharmacie \u00e0 usage int\u00e9rieur du Centre Hospitalier Sud Essonne sis, 26 \navenue Charles de Gaulle \u00e0 \u00c9tampes (91150) N\u00b0 FINESS EJ  : 910019447- \nN\u00b0FINESS ET : 910022706 ; \n- les pr\u00e9parations magistrales et hospitali\u00e8res par la pharmacie \u00e0 usage int\u00e9rieur \nde AP-HP \u2013 H\u00f4pital Robert Debr\u00e9 sis 48, boulevard S\u00e9rurier \u00e0 Paris (75019) \nN\u00b0 FINESS EJ 750712184 \u2013 N\u00b0 FINESS ET : 750803454. \nARTICLE 6  La pharmacie \u00e0 usage int\u00e9rieur est install\u00e9e dans les locaux d'une superficie totale de \n407,50 m\u00b2, comprenant : \n- sur le site d'\u00c9tampes au rez-de-chauss\u00e9e du b\u00e2timent R3 sis, avenue du 8 mai \n1945 \u00e0 \u00c9tampes (91150) : 312,60 m\u00b2 : \no bureau g\u00e9rant : 17,67 m\u00b2 ; \no bureau pharmacien et cadre : 14,30 m\u00b2 ; \no sas r\u00e9ception guichet : 14,12 m\u00b2 ; \no bureau pr\u00e9parateur : 14,26 m\u00b2 ; \no zone de r\u00e9ception : 26,74 m\u00b2 ; \no zone de mise en quarantaine : 3,63 m\u00b2 ; \no sanitaires : 6,33 m\u00b2 ; \no salle de repos : 10,92 m\u00b2 ; \no r\u00e9serve di\u00e9t\u00e9tique : 12,23 m\u00b2 ; \no bureau comptabilit\u00e9 et secr\u00e9tariat : 14,76 m\u00b2 ; \no stockage pharmacie : 69,94 m\u00b2 ; \no stockage dispositifs m\u00e9dicaux et armoire produits inflammables  : \n22,67 m\u00b2 ; \no dispensation hebdomadaire individuelle nominative : 24,73 m\u00b2 ; \no pi\u00e8ce dite \u00ab pr\u00e9paratoire \u00bb : 5,05 m\u00b2 ; \no circulation : 15,47 m\u00b2 ; \no reconditionnement des sp\u00e9cialit\u00e9s : 15,36 m\u00b2 ; \no salle stup\u00e9fiants / m\u00e9thadone :12,36 m\u00b2 ; \no d\u00e9gagement : 3,59 m\u00b2 ; \no stockage des gaz : 8,48 m\u00b2 ; \n \n- sur le site Sainte-Genevi\u00e8ve-des-Bois au rez-de-chauss\u00e9e du b\u00e2timent Tilleul \nsis, 2 rue de Longpont \u00e0 Sainte-Genevi\u00e8ve-des-Bois (91700) : 94,90 m\u00b2 : \no sas r\u00e9ception guichet : 1,30 m\u00b2 ; \nAgence R\u00e9gionale de Sant\u00e9 - IDF-2025-06-02-00027 - D\u00e9cision DVSS - QSPHARMBIO - 2025/043 portant renouvellement de\nl'autorisation de la pharmacie \u00e0 usage int\u00e9rieur multisite de l'Etablissement Public de Sant\u00e9 Barth\u00e9l\u00e9my Durand 9\no bureau pharmacien et cadre : 10,50 m\u00b2 ; \no salle de dispensation journali\u00e8re individuelle nominative , cueillette  : \n14,30 m\u00b2 ; \no distribution pharmacie : 39,30 m\u00b2 ; \no paillasse : 8,30 m\u00b2 ; \no circulation : 6,40 m\u00b2 ; \no stockage : 5,20 m\u00b2 ; \no r\u00e9ception : 4,40 m\u00b2 ; \no halle pharmacie r\u00e9ception : 4,40 m\u00b2. \n \nARTICLE 7 La dur\u00e9e de l'autorisation relative aux activit\u00e9s comportant des risques particuliers \nassur\u00e9e par la pharmacie \u00e0 usage int\u00e9rieur du Centre Hospitalier Sud Essonne et AP-\nHP H\u00f4pital Robert Debr\u00e9  pour le compte de la pharmacie \u00e0 usage int\u00e9rieur faisant \nl'objet de la pr\u00e9sente d\u00e9cision est subordonn\u00e9e \u00e0 l'autorisation octroy\u00e9e \u00e0 la pharmacie \n\u00e0 usage int\u00e9rieur assurant la sous-traitance. \n \nARTICLE 8  Le temps de pr\u00e9sence du pharmacien charg\u00e9 de la g\u00e9rance de dix demi-journ\u00e9es par \nsemaine est en conformit\u00e9 avec les dispositions de l'article R.5126 -39 du code de la \nsant\u00e9 publique. \nARTICLE 9  Un recours contentieux contre la pr\u00e9sente d\u00e9cision peut \u00eatre form\u00e9 aupr\u00e8s du Tribunal \nadministratif comp\u00e9tent. Le d\u00e9lai de recours est de deux mois \u00e0 compter de la \nnotification de la d\u00e9cision pour les int\u00e9ress\u00e9s ou de sa publication pour les tiers. Cette \njuridiction peut notamment \u00eatre saisie via une requ\u00eate remise ou envoy\u00e9e au greffe du \nTribunal administratif ou aussi par l'application \u00ab  T\u00e9l\u00e9recours \u00bb accessible \u00e0 partir du \nsite www.telerecours.fr.  \nARTICLE 11  Les Directeurs de l'Agence r\u00e9gionale de sant\u00e9 \u00cele-de-France sont charg\u00e9s, chacun en \nce qui les concerne, de l'ex\u00e9cution de la pr\u00e9sente d\u00e9cision, qui sera publi\u00e9e au recueil \ndes actes administratifs de la Pr\u00e9fecture de r\u00e9gion \u00cele-de-France. \n \n \nFait \u00e0 Saint-Denis le 2 juin 2025 \n \nLe Directeur g\u00e9n\u00e9ral \nde l'Agence r\u00e9gionale de sant\u00e9  \n\u00cele-de-France \n \nSIGNE \n \nDenis ROBIN \n \nAgence R\u00e9gionale de Sant\u00e9 - IDF-2025-06-02-00027 - D\u00e9cision DVSS - QSPHARMBIO - 2025/043 portant renouvellement de\nl'autorisation de la pharmacie \u00e0 usage int\u00e9rieur multisite de l'Etablissement Public de Sant\u00e9 Barth\u00e9l\u00e9my Durand 10\nCENTQUATRE-PARIS. \nIDF-2025-06-27-00006\nD\u00e9lib\u00e9ration n\u00b02025-15 relative \u00e0 l'approbation\ndu PV du CA du 2 avril 2025\nCENTQUATRE-PARIS.  - IDF-2025-06-27-00006 - D\u00e9lib\u00e9ration n\u00b02025-15 relative \u00e0 l'approbation du PV du CA du 2 avril 2025 11\n#104PARIS\n \nD\u00e9lib\u00e9ration n\u00b02025-15 du 27 juin 2025 CENTQUATRE-PARIS \nApprobation du proc\u00e8s-verbal du CA du 2 avril 2025  \n \n \n \nD\u00c9LIB\u00c9RATION N\u00b02025-15 EPCC CENTQUATRE-PARIS \nObjet : Approbation du proc\u00e8s-verbal du 2 avril 2025  \nLe Conseil d'administration, \n  \nVu le Code g\u00e9n\u00e9ral des collectivit\u00e9s territoriales ;  \nVu l 'arr\u00eat\u00e9 n\u00b02008 -267-2 du 23 septembre 2008 portant cr\u00e9ation de l '\u00e9tablissement public de \ncoop\u00e9ration culturelle \u00e0 caract\u00e8re industriel et commercial Le CENTQUATRE et les arr\u00eat\u00e9s \npr\u00e9fectoraux n\u00b075 -2019-12-26-005 du 26 d\u00e9cembre 2019 et n\u00b075 -2022-06-24-00010 du 24 juin \n2022 portant modification des statuts de l'\u00e9tablissement ; \nVu les statuts de l'\u00e9tablissement ; \nVu la d\u00e9lib\u00e9ration n\u00b02020 -18 du 13 novembre 2020 portant approbation du r\u00e8glement int\u00e9rieur du \nConseil d'Administration du CENTQUATRE-PARIS ;  \nVu la s\u00e9ance du Conseil d'administration qui s'est tenue le 2 avril 2025 au CENTQUATRE-PARIS ;  \n \nD\u00c9LIB\u00c8RE \n \nArticle unique : APPROUVE le proc\u00e8s-verbal du 2 avril 2025 joint en annexe. \n \n \n \n_15_Administrateurs pr\u00e9sents ou repr\u00e9sent\u00e9s \n__15_ Voix pour   __ Contre  __ Abstentions \n \nLa d\u00e9lib\u00e9ration est adopt\u00e9e \n \n             La Pr\u00e9sidente du Conseil d'administration \n                      Carine ROLLAND \n \nSIGNE \nCENTQUATRE-PARIS.  - IDF-2025-06-27-00006 - D\u00e9lib\u00e9ration n\u00b02025-15 relative \u00e0 l'approbation du PV du CA du 2 avril 2025 12\nPage 1 sur 9 \n \nPROCES-VERBAL DU CONSEIL D'ADMINISTRATION \nDU MERCREDI 2 AVRIL 2025 \n \nLe Conseil d'administration de l'\u00c9tablissement public de coop\u00e9ration culturelle le CENTQUATRE-PARIS \na \u00e9t\u00e9 convoqu\u00e9 par sa Pr\u00e9sidente Carine Rolland le mercredi 2 avril 2025 \u00e0 14h30. \n \nLes administratrices et administrateurs pr\u00e9sents ou repr\u00e9sent\u00e9s sont : \n\uf0b7 Carine Rolland, Adjointe \u00e0 la Maire de Paris en charge de la Culture et de la ville du quart d'heure \net Pr\u00e9sidente du Conseil d'administration \n\uf0b7 Charline Nicolas, \u00e9lue \n\uf0b7 Camille Naget, \u00e9lue,  \n\uf0b7 Franck Margain, \u00e9lu \n\uf0b7 Patrick Bloche, \u00e9lu \n\uf0b7 Fran\u00e7ois Dagnaud, Maire du 19e arrondissement et vice-pr\u00e9sident du CA \n\uf0b7 Sandro Martin, personnalit\u00e9 qualifi\u00e9e \n\uf0b7 Rai Souza de Oliveira, personnalit\u00e9 qualifi\u00e9e \n\uf0b7 L\u00e9a Filoche, repr\u00e9sentante de la ville de Paris \n\uf0b7 Kareen Guiock-Thuram, personnalit\u00e9 qualifi\u00e9e \n\uf0b7 Mustapha Bouhayati, personnalit\u00e9 qualifi\u00e9e \n\uf0b7 Marie-France Lucchini, personnalit\u00e9 qualifi\u00e9e \n\uf0b7 Ya\u00ebl Frydman, repr\u00e9sentante du personnel (coll\u00e8ge EO-TAM) \n\uf0b7 Manuel Tomiche, repr\u00e9sentant du personnel (coll\u00e8ge cadre)  \n \nSont \u00e9galement pr\u00e9sent\u2219es : \n\uf0b7 Margot Pennino, Cheffe Adjointe du Bureau du Spectacle - Direction des Affaires Culturelles \nde la ville de Paris \n\uf0b7 Robert Lacombe, Sous-Directeur de la cr\u00e9ation artistique - Direction des Affaires Culturelles de \nla ville de Paris \n\uf0b7 Victorien Born\u00e9at, Conseiller spectacle vivant et musique - Cabinet de Carine Rolland \n\uf0b7 Cl\u00e9mentine Aubry, Secr\u00e9taire g\u00e9n\u00e9rale et adjointe du Directeur  du CENTQUATRE -Paris, \nB\u00e9n\u00e9dicte Manceau, Directrice des Ressources, Khadidja Besseghir, Collaboratrice de Direction \n \n \n \nCENTQUATRE-PARIS.  - IDF-2025-06-27-00006 - D\u00e9lib\u00e9ration n\u00b02025-15 relative \u00e0 l'approbation du PV du CA du 2 avril 2025 13\nPage 2 sur 9 \n \n \n \n\uf0b7 Introduction de Carine Rolland  \nLa Pr\u00e9sidente remercie les membres pour leur pr\u00e9sence. \nElle ouvre la s\u00e9ance par un point d'information concernant les candidatures re\u00e7ues pour le poste de \ndirection du CENTQUATRE-PARIS. \nCarine Rolland indique que sur les 27 dossiers re\u00e7us, 21 corespondaient aux attendus list\u00e9s dans \nl'annonce de recrutement . Elle ajoute que les candidatures ont \u00e9t\u00e9 s\u00e9lectionn\u00e9es sur la base de la \nlecture et de l'analyse des lettres d'intention et que quatre candidatures ont \u00e9t\u00e9 retenues.  \nCarine Rolland annonce que  les quatre candidats retenus sont : Feriel Bakouri , directrice de Point \nCommuns-Sc\u00e8ne nationale de Cergy , Romaric Daurier , Directeur du Phenix -Sc\u00e8ne nationale de \nValenciennes, Mohamed El Khatib , auteur -metteur en sc\u00e8ne et r\u00e9alisateur, et Val\u00e9rie Senghor , \nDirectrice g\u00e9n\u00e9rale adjointe du Centre des  monuments nationaux . Ils doivent d\u00e9poser un dossier \ncomplet d'ici le 2 mai avant d'\u00eatre auditionn\u00e9s par un jury de s\u00e9lection.  Le processus se terminera en \njuillet. \nLa pr\u00e9sidente souligne le respect et l'estime exprim\u00e9s par l'ensemble des candidats pour le travail \naccompli au CENTQUATRE. \nFranck Margain demande comment l'offre a \u00e9t\u00e9 diffus\u00e9e.  \nMargot Pennino lui r\u00e9pond qu'en lien avec l'\u00e9quipe du CENTQUATRE l'annonce a \u00e9t\u00e9 publi\u00e9e sur le site \ninternet du CENTQUATRE et est parue sur plusieurs sites dont Place de l'emploi public , Telerama, et \najoute que l'appel \u00e0 candidature \u00e9tait ouverte \u00e0 tous et toutes. \n \n\uf0b7 Approbation du proc\u00e8s-verbal du Conseil d'administration du 10 janvier 2025 (D\u00e9lib\u00e9ration \nn\u00b02025-08)  \nLa Pr\u00e9sidente le soumet au vote. \nIl est approuv\u00e9 \u00e0 l'unanimit\u00e9. \n \n\uf0b7 Approbation du compte de gestion et du compte administratif 2024 (d\u00e9lib\u00e9ration n\u00b02025-\n09) \nB\u00e9n\u00e9dicte Manceau pr\u00e9sente le r\u00e9sultat de la section fonctionnement de l'ann\u00e9e 2024 soit \u2013 82 437 \u20ac. \nElle rappelle que lors de la pr\u00e9sentation du budget modifi\u00e9 en d\u00e9cembre le pr\u00e9visionnel pr\u00e9voyait un \nr\u00e9sultat l\u00e9g\u00e8rement cr\u00e9diteur de 60 000 \u20ac et explique que certains objectifs  n'ont pas \u00e9t\u00e9 atteints en \ntermes de recettes propres qui atteignent un niveau malgr\u00e9 tout tr\u00e8s satisfaisant. Elle souligne que le \nvolume des d\u00e9penses a augment\u00e9 par rapport \u00e0 2023. \nElle indique que le r\u00e9sultat de la section d'investissement s'\u00e9tablit \u00e0 - 443 343 \u20ac. \nCENTQUATRE-PARIS.  - IDF-2025-06-27-00006 - D\u00e9lib\u00e9ration n\u00b02025-15 relative \u00e0 l'approbation du PV du CA du 2 avril 2025 14\nPage 3 sur 9 \n \npour un budget total de 18 017 142 \u20ac en d\u00e9penses et de 17 934 705 \u20ac en recettes.  \nCl\u00e9mentine Aubry souligne que c'est la premi\u00e8re fois que l'\u00e9tablissement atteint un budget global de \n18 milllions d'euros. Elle rappelle qu'en 2022 il se situait entre 16 et 17 millions d'euros. \nJos\u00e9 Manuel Gon\u00e7alv\u00e8s ajoute qu'en 2010 il \u00e9tait \u00e0 10,5 millions d'euros. \nB\u00e9n\u00e9dicte Manceau explique que le volume des d\u00e9penses a augment\u00e9 notamment en raison de la \nr\u00e9int\u00e9gration des frais d'\u00e9lectricit\u00e9 dans les comptes . Elle rappelle qu'en  2023 l'\u00e9tablissement avait \nb\u00e9n\u00e9fici\u00e9 d'une aide de la ville compte tenu de la forte inflation  des tarifs, et qu'aujourd'hui ils sont \nr\u00e9int\u00e9gr\u00e9s, \u00e0 hauteur de 350 000\u20ac.  \nL'augmentation des charges est  aussi li\u00e9e \u00e0 la maintenance du b\u00e2timent  occasionn\u00e9e par le \nrenouvellement des march\u00e9s (s\u00e9curit\u00e9, accueil et multi technique). \nLes d\u00e9penses d'activit\u00e9 sl\u00e9g\u00e8rement inf\u00e9rieures de -211 000 \u20acpar rapport \u00e0 l'an dernier, cela tient \u00e0 la \ncomposition de la programmation et des projets de commercialisation et d'ing\u00e9nierie. \nLes recettes de structure sont en hausse et les recettes d'activit\u00e9 augmentent de 2,4 % gr\u00e2ce \u00e0 un haut \nniveau de commercialisation, des tourn\u00e9es qui fonctionnent bien et des objectifs d'ing\u00e9nierie presque \natteints. \nSont ensuite d\u00e9taill\u00e9es  les d\u00e9penses et les  recettes de structures qui concerne nt les charges de \nb\u00e2timent, les frais g\u00e9n\u00e9raux, le personnel permanent et la communication. E lles sont en constante \naugmentation depuis 2022 . Le diff\u00e9rentiel entre recettes et d\u00e9penses se creuse car les co\u00fbts de \nmaintenance du b\u00e2timent augmentent ainsi que la masse salariale en raison des taux de charges  \nsociales qui \u00e9voluent \u00e0 la hausse.  \nLes d\u00e9penses et les recettes li\u00e9es \u00e0 l'activit\u00e9 montrent un accroissement important et positif en raison \nde solides r\u00e9sultats des activit\u00e9s m\u00eame si l'objectif \u00e0 la DM1 n'est pas compl\u00e8tement atteint. Les \n\u00e9v\u00e8nements de l'automne dernier en commercialisation et en ing\u00e9nierie repr\u00e9sentent 50% des \nrecettes d'activit\u00e9s en 2024 contre 41 % en 2023.  \nConcernant le r\u00e9sultat cumul\u00e9 de 2024 , pour la partie \u00ab  fonctionnement \u00bb les exc\u00e9dents ant\u00e9rieurs \nreport\u00e9s de 2023 s'\u00e9l\u00e8vent \u00e0 506 257  \u20ac et le r\u00e9sultat  de l'exercice en 2024 est de - 82 437 \u20ac  ainsi \nl'affectation du r\u00e9sultat de l'exercice portera le r\u00e9sultat cumul\u00e9 \u00e0 + 423 821 \u20ac. \nB\u00e9n\u00e9dicte Ma nceau rappelle que depuis 2010 l'\u00e9tablissement prend en charge les d\u00e9penses  \nd'investissement, notamment renouvellement d'\u00e9quipement et mobilier, qui repr\u00e9sentent entre 150 \n000 \u00e0 25 0 000\u20ac par an sur un montant total d'investissement annuel situ\u00e9 entre 450 et 600.00\u20ac . La \nsubvention de la Ville est en moyenne de 200 000 \u20ac par an. Ces d\u00e9penses non pr\u00e9vues dans la \nconvention d'origine entre la Ville et l'\u00e9tablissement p\u00e8sent au fil des ann\u00e9es sur le budget de \nfonctionnement du CENTQUATRE en termes d'amortissement pour atteindre 3,2 millions d'euros au \ntotal \u00e0 ce jour. A cela s'ajoute un manque \u00e0 gagner de 3 millions d'euros cons\u00e9cutif \u00e0 la crise sanitaire, \nmanque qui n'a \u00e9t\u00e9 compens\u00e9 par les aides qu'\u00e0 hauteur de 2 millions d'euros, soit : 1 million d'euros \nde diff\u00e9rentiel qui a eu un impact n\u00e9gatif sur l'\u00e9quilibre financier de l'\u00e9tablissement. \nJos\u00e9 Manuel Gon\u00e7alv\u00e8s explique que sans ces d\u00e9penses d'investissement durant ces 15 ann\u00e9es le \nr\u00e9sultat d'exercice de l'\u00e9tablissement serait proche de 7 millions d'euros. \nCENTQUATRE-PARIS.  - IDF-2025-06-27-00006 - D\u00e9lib\u00e9ration n\u00b02025-15 relative \u00e0 l'approbation du PV du CA du 2 avril 2025 15\nPage 4 sur 9 \n \nPour la partie \u00ab investissement \u00bb B\u00e9n\u00e9dicte Manceau indique qu'en 2023 le r\u00e9sultat cumul\u00e9 \u00e9tait de 1 \n595 859 \u20ac et que le r\u00e9sultat d'exercice 2024 est de - 443 343 \u20ac, soit 1 152 516 \u20ac de report du r\u00e9sultat \nd'investissement sur 2025, dont une partie sera mise \u00e0 contribution  pour la mise en \u0153uvre du p lan \npluri-annuel d'investissement. \nFranck Margain demande comment va \u00e9voluer ce probl\u00e8me structurel de prise en charge de la ville en \nce qui concerne le b\u00e2timent ?  \nCarine Rolland r\u00e9pond que ce choix de fonctionnement effectu\u00e9 en 2010 \u00e9tait conjoncturel. \nL'\u00e9tablissement a d\u00fb tr\u00e8s rapidement lancer des travaux indispensables au moment du d\u00e9marrage du \nprojet et aujourd'hui la Ville va se diriger vers un mode de fonctionnement sensiblement diff\u00e9rent en \nce qui concerne cette prise en charge pour rem\u00e9dier au vieillissement du b\u00e2timent.  \nRobert Lacombe ajoute que cette ann\u00e9e les enveloppes d'investissement sont r\u00e9duites et repr\u00e9sentent \nun peu moins de deux millions pour l'ensemble des \u00e9tablissements parisiens et la Direction des Affaires \nCulturelles (DAC) essaie de satisfaire au mieux chaque \u00e9tablissement. En plus des subventions il y a des \nprises en charge directes par le Service des b\u00e2timents de la DAC, mais que cumul\u00e9es cela ne correspond \nen effet pas \u00e0 ce que le CENTQUATRE a pu d\u00e9penser depuis des ann\u00e9es. \nFranck Margain demande si une pr\u00e9sentation diff\u00e9rente des comptes ne pourrait pas mieux traduire \ncette situation et ces sommes tr\u00e8s importantes, pour une meilleure clart\u00e9 des comptes qui refl\u00e9terait \nla bonne gestion de l'\u00e9tablissement qui est b\u00e9n\u00e9ficiaire.  \nCarine Rolland pr\u00e9cise que la situation financi\u00e8re actuelle rel\u00e8ve des accords pass\u00e9s en 2010 , la Ville \nn'a pas refus\u00e9 la prise en charge mais a suivi les accords existants.  \nCl\u00e9mentine Aubry pointe que l'importance aujourd'hui est de poser des bases  de financement pour \nles travaux \u00e0 venir c\u00f4t\u00e9 propri\u00e9taire et locataire  dans le cadre du PPI. Cela est en cours de discussion \navec la DAC. \nElle explique que le  r\u00e9sultat positif d'investissement tient au fait que le CENTQUATRE a beaucoup \ninvestit toutes ces ann\u00e9es mais , bien que ce r\u00e9sultat soit positif et cr\u00e9diteur cet  argent n'est \nmobilisable que dans la limite de la tr\u00e9sorerie de l'\u00e9tablissement. \nLa direction va effectuer la premi\u00e8re mise \u00e0 niveau du plan pluriannuel qui s'\u00e9tale sur les 4 voire 5 ou \n10 prochaines ann\u00e9es. En 2025 l'\u00e9tablissement va faire une mise de fonds en r\u00e9investissant le r\u00e9sultat \ncumul\u00e9 mais la Secr\u00e9taire g\u00e9n\u00e9rale insiste sur le fait que c'est sans doute la derni\u00e8re ann\u00e9e que cela \npourra \u00eatre fait  puisqu'ensuite l'\u00e9tablissement n'aura peut -\u00eatre pas l a tr\u00e9sorerie pour le refaire en \n2026. D'o\u00f9 l'importance de travailler sur ce plan de financement avec la Collectivit\u00e9. \nLa Pr\u00e9sidente soumet au vote l'approbation du compte de gestion et du compte administratif 2024. \nAdopt\u00e9 avec et 13 voix pour et 1 abstention. \n \n\uf0b7 Approbation de l'affectation du r\u00e9sultat 2024 (d\u00e9lib\u00e9ration n\u00b02025-10) \nLa Pr\u00e9sidente soumet au vote l'affectation du r\u00e9sultat 2024. \nAdopt\u00e9 avec 13 voix pour et 1 abstention. \n \nCENTQUATRE-PARIS.  - IDF-2025-06-27-00006 - D\u00e9lib\u00e9ration n\u00b02025-15 relative \u00e0 l'approbation du PV du CA du 2 avril 2025 16\nPage 5 sur 9 \n \n\uf0b7 Approbation du budget suppl\u00e9mentaire 2025 (d\u00e9lib\u00e9ration n\u00b02025-11) \nB\u00e9n\u00e9dicte Manceau pr\u00e9sente le Budget Suppl\u00e9mentaire 2025 qui doit permettre d'une part d'ajuster \nles d\u00e9penses et les recettes li\u00e9es \u00e0 la mise en \u0153uvre de  la programmation 2024 -25 et du d\u00e9but de \nsaison 2025-26 et, d'autre part d'ajuster le programme d'investissement. \nElle d\u00e9taille les variations des d\u00e9penses sur les principaux postes.  \nPour ce qui est de la programmation et de la production la pr\u00e9vision de la masse salariale du personnel \nintermittent est r\u00e9duite de -102 000\u20ac. \nCl\u00e9mentine Aubry pr\u00e9cise que la r\u00e9 duction du personnel est proportionn\u00e9e selon les  \u00e9v\u00e9nements \npr\u00e9vus \u00e0 l'automne et aux temps festivaliers connus \u00e0 ce jour. \nPour l'ing\u00e9nierie il y a une augmentation des d\u00e9penses en raison de la production d'\u00e9v\u00e8nements et de \nnouveaux appels \u00e0 projets remport\u00e9s, soit +111 000\u20ac. \nEn mati\u00e8re de f onctionnement il y a une augmentation de 258 000\u20ac , pour le poste de maintenance \nsuite au renouvell ement du march\u00e9 et  \u00e0 l' augmentation des besoins, nota mment s ur la partie \nforfaitaire et la serrurerie. De plus la masse salariale a \u00e9t\u00e9 ajust\u00e9e compte tenu de l'arriv\u00e9e d'un poste \nde charg\u00e9 de maintenance rest\u00e9 vacant en 2024 et le renfort pour des remplacements de cong\u00e9s  \nmaternit\u00e9 sur la programmation. \nLa variation des d\u00e9penses totalise la somme de + 272 600 \u20ac. \nEn ce qui concerne l'ajustement des recettes, tous services confondus, il s'\u00e9l\u00e8ve \u00e0 +66 000\u20ac. \nPour la programmation et la production il est pr\u00e9vu  + 253 K\u20ac qui englobe les recettes de billetterie, la \nsubvention Nemo et les recettes de tourn\u00e9es. \nPour la Direction des Publics l'ajustement des projets est estim\u00e9 \u00e0 + 22K\u20ac. \nPour la commerciali sation B\u00e9n\u00e9dicte Manceau pr\u00e9cise que le niveau de 2024 ne sera pas atteint en \n2025, car ce fut une ann\u00e9e exce ptionnelle avec des gros projets. N\u00e9anmoins en optimisant tous les \nprojets l'ajustement est de + 208 5000 \u20ac. \n\u00c0 l'innovation le chiffre est de \u2013 90 000 \u20ac car il y a moins d'entreprises incub\u00e9es  par manque  de \nfinancements et la fin de certaines subventions. \nC\u00f4t\u00e9 ing\u00e9nierie en raison d'un r\u00e9ajustement de facturation les recettes baissent de \u2013 85 000 \u20ac. \nCl\u00e9mentine Aubry pr\u00e9cise que des aides structurelles de la R\u00e9gion Ile-de-France et du Minist\u00e8re de la \nCulture se sont achev\u00e9es cette ann\u00e9e pour l'innovation. Ces dispositifs d'aide sont en cours de r\u00e9vision \net il n'est pas s\u00fbr que l'\u00e9tablissement puisse \u00e0 nouveau y pr\u00e9tendre. Il en va de m\u00eame pour les aides \u00e0 \nl'incubation qui ont du mal \u00e0 se faire financer. Par cons\u00e9quent les d\u00e9lais sont plus longs et les espaces \nde l'incubateur restent vacants plus longtemps. \nJos\u00e9 Manuel Gon\u00e7alv\u00e8s explique qu'il avait voulu rassembler l'innovation et l'ing\u00e9nierie dans un m\u00eame \nservice bien que leur mod\u00e8le \u00e9 conomique soient diff\u00e9rents afin que la dynamique de l'un profite \u00e0 \nl'autre. \nL'innovation fonctionne gr\u00e2ce des subventions vers\u00e9es aux entreprises qui paient la location d'un \nespace et de services au CENTQUATRE. L'ing\u00e9nierie fonctionne gr\u00e2ce au chiffre d'affaires que g\u00e9n\u00e8re \nses activit\u00e9s, et ses recettes sont plus ma\u00eetris\u00e9es.  \nCENTQUATRE-PARIS.  - IDF-2025-06-27-00006 - D\u00e9lib\u00e9ration n\u00b02025-15 relative \u00e0 l'approbation du PV du CA du 2 avril 2025 17\nPage 6 sur 9 \n \nAujourd'hui la dynamique n'a pas r\u00e9ellement eu lieu en raison du contexte politico-\u00e9conomique. \nB\u00e9n\u00e9dicte Manceau annonce que sur les recettes  la variation du budget de fonctionnement est de \u2013 \n240 000 euros li\u00e9 au recalcul des subventions et des recettes administratives du compte de 2024. Elle \nindique que la ligne de \"Subvention compl\u00e9mentaire\" de la ville est maintenue \u00e0 hauteur de 500 000 \neuros. \nFranck Margain demande des pr\u00e9cisions sur la baisse des subventions qui affecte le budget de \nfonctionnement. \nCl\u00e9mentine Aubry explique que les subventions li\u00e9es aux projets sont directement affect\u00e9e s dans les \nparties analytiques du budget li\u00e9 \u00e0 l'activit\u00e9. Le chiffre de -240 000\u20ac est d\u00fb au r\u00e9sultat d\u00e9ficitaire de \nl'exercice 2024 pour lequel une provision a \u00e9t\u00e9 mise pour \u00e9quilibrer le BP, et aujourd'hui au stade du \nBS il faut retranscrire la r\u00e9alit\u00e9 des recettes qui sont moindres qu'escompt\u00e9es.  \nElle pr\u00e9cise que les \u00e9quipes sollicitent beaucoup les dispositifs  de subventions de la Ville de Paris, de \nl'Ile-de-France, de la DRAC et d'autres dispositifs d'aide \u00e0 la cr\u00e9ation  et \u00e0 la diffusion pour tous les \nprojets que l'\u00e9tablissement porte.  \nRobert Lacombe demande si les visites de d\u00e9l\u00e9gations  \u00e9trang\u00e8res aboutissent \u00e0 des  prestations en \ning\u00e9nierie. \nJos\u00e9 Manuel Gon\u00e7alv\u00e8s explique qu'il y a des visites inspirantes payantes et propos\u00e9es aux d\u00e9l\u00e9gations \ncar les visites repr\u00e9sentent une charge pour les \u00e9quipes qui travaillent \u00e0 l'ing\u00e9nierie. Et certaines de \nces visites aboutissent \u00e0 des projets de collaborations et g\u00e9n\u00e8rent de s recettes. Les projets peuvent \ndurer jusqu'\u00e0 3 ans et vont de l'\u00e9tude, de l'assistance \u00e0 la maitrise d'ouvrage, \u00e0 la ma\u00eetrise d'\u0153uvre. \nSandro Martin l'interroge sur  les concurrents en ing\u00e9nierie culturelle .Jos\u00e9 Manuel Gon\u00e7alv\u00e8s lui \nr\u00e9pond qu'un seul concurrent montre un mod\u00e8le visible, mais pas de m\u00eame ampleur. D'autres essaient \nde se positionner. Suite \u00e0 l'article paru dans Lib\u00e9ration les \u00e9quipes de l'ing\u00e9nierie au CENTQUATRE ont \n\u00e9t\u00e9 tr\u00e8s sollicit\u00e9es par les \u00e9tablissements nationaux qui veulent faire comme au CENTQUATRE. Ce que \nnous vendons ce n'est pas le CENTQUATRE mais des m\u00e9thodes de travail et des approches singuli\u00e8res \nbas\u00e9es sur le principe syst\u00e9mique et complexe . Nous nous fondons sur des comp\u00e9tences que nous \navons en interne ou celles de personnes que nous connaissons en externe. Nous sommes capables de \nfaire des asso ciations, \u00e9tablir des relations  r\u00e9elles pour des projets d'int\u00e9r\u00eat g\u00e9n\u00e9ral , uniquement. \nC'est notre choix. \nRobert Lacombe demande si les \u00e9quipes r\u00e9pondent \u00e0 des appels d'offre ou \u00e0 candidatures \u00e0 l'\u00e9tranger. \nJos\u00e9 Manuel Gon\u00e7alv\u00e8s lui r\u00e9pond que oui. Il explique que la particularit\u00e9 du CENTQUATRE est de \ntoujours trouver un ancrage local via son r\u00e9seau. \nB\u00e9n\u00e9dicte Manceau annonce que r\u00e9sultat pr\u00e9visionnel au stade du BS serait de \u2013 240 435\u20ac. Avec le \nr\u00e9sultat cumul\u00e9 2024 le r\u00e9sultat cumul\u00e9 pr\u00e9visionnel reste positif bien que le solde s'amenuise. \n \nLa Pr\u00e9sidente soumet au vote le budget suppl\u00e9mentaire 2025. \nAdopt\u00e9 \u00e0 l'unanimit\u00e9. \n \nCENTQUATRE-PARIS.  - IDF-2025-06-27-00006 - D\u00e9lib\u00e9ration n\u00b02025-15 relative \u00e0 l'approbation du PV du CA du 2 avril 2025 18\nPage 7 sur 9 \n \n\uf0b7 Approbation des plafonds de remboursements des frais de d\u00e9placement (d\u00e9lib\u00e9ration \nn\u00b02025-12)\u202f   \n \nIl s'agit de mettre \u00e0 jour une d\u00e9lib\u00e9ration de 2019 compte tenu d'une \u00e9volution de ces frais dont une \npartie est index\u00e9e dans la convention Syndeac . Elle renvoie vers la d\u00e9lib\u00e9ration en annexe qui propose \nune \u00e9volution en France pour les salari\u00e9s  et artistes et pour les d\u00e9placements \u00e0 l'\u00e9tranger nous nous \nbasons sur les sur taux de la Chancellerie.  \n \nLa Pr\u00e9sidente soumet au vote la d\u00e9lib\u00e9ration. \nAdopt\u00e9 \u00e0 l'unanimit\u00e9. \n \n \n\uf0b7 Pr\u00e9sentation du rapport d'activit\u00e9 2024   \n \nCl\u00e9mentine Aubry pr\u00e9sente les chiffres cl\u00e9s de l'activit\u00e9 de programmation entre spect acles, \nexpositions, tourn\u00e9es, partenariats et commercialisation. \nLe lieu a attir\u00e9 presque 500 000 visiteurs que ce soit pour les spectacles, les expositions, les pratiques \nspontan\u00e9es et les commerces. \nSandro Martin demande si ce chiffre est celui des visiteurs payants. \nCl\u00e9mentine Aubry explique que ce chiffre est un agr\u00e9gat de fr\u00e9quentation gratuite ou payante et de \ntous ceux qui franchisse le seuil de l'\u00e9tablissement pour participer \u00e0 une activit\u00e9 ou non. \nLe lieu attire aussi sur les r\u00e9seaux sociaux cela se traduit par une visibilit\u00e9 croissante notamment sur \nInstagram qui porte le CENTQUATRE au 1er rang des \u00e9tablissements et mus\u00e9es parisiens et au 5e rang \ndes \u00e9tablissements fran\u00e7ais pr\u00e9sents sur instagram. \nSur l'ann\u00e9e \u00e9coul\u00e9e le budget de l'\u00e9tablissement \u00e9tait de 17,9 millions d'euros dont 51% de ressources \npropres. \nCl\u00e9mentine Aubry pr\u00e9sente les grandes expositions.  Notamment la Grande exposition Tara qui a fait \nvenir 35 0000 visiteurs. Cela a \u00e9t\u00e9 une surprise pour une exposition Art et Sciences. Le bouche \u00e0 oreille \na tr\u00e8s bien fonctionn\u00e9 et les retomb\u00e9es presse aussi. Les \u00e9quipes CENTQUATRE et Fondation Tara ont  \ncollabor\u00e9 d'une tr\u00e8s belle mani\u00e8re pour une exposition qui n'a pas \u00e9t\u00e9 simple \u00e0 concevoir. \nLes temps festivaliers r\u00e9currents que sont Les Singuliers.es, S\u00e9quen ce Danse et Impatience ont \n\u00e9galement rencontr\u00e9 un beau succ\u00e8s de fr\u00e9quentation. \nCl\u00e9mentine Aubry revient sur l'Olympiade culturelle qui s'est d\u00e9roul\u00e9 le 6 juillet et qui a r\u00e9uni de \nnombreux artistes pour cr\u00e9er un d\u00e9cathlon artistique qui a fait venir un public tr\u00e8s familial dans un \nCENTQUATRE aux couleurs des jeux olympiques. \nEn termes de recettes de billetterie la musique est bien repr\u00e9sent\u00e9e. Elle est  aussi tr\u00e8s diverse car le \nlieu accueille des musiciens de diff\u00e9rents styles et aussi bien fran\u00e7ais qu'\u00e9trangers. Le rock a \u00e9t\u00e9 \u00e0 \nl'honneur avec le Festival des Inrocks accueilli pour la premi\u00e8re fois au CENTQUATRE. Le succ\u00e8s a \u00e9t\u00e9 \ntel que la prochaine \u00e9dition sera aussi ici. \nCENTQUATRE-PARIS.  - IDF-2025-06-27-00006 - D\u00e9lib\u00e9ration n\u00b02025-15 relative \u00e0 l'approbation du PV du CA du 2 avril 2025 19\nPage 8 sur 9 \n \nMais aussi d'autres formats qui donne une place au slam, au hip -hop avec Cyp'her. Ou des concerts \nplus intimistes comme celui de Piers Faccini et Ballak\u00e9 Cissoko. Les artistes associ\u00e9s sont aussi \nrepr\u00e9sent\u00e9s dans la programmation musicale ce fut le cas avec Lucie Antunes. \nLe CENT QUATRE est bien identifi\u00e9  pour les \u00e9v\u00e9nements grand public . En 2024 nous avons eu des \n\u00e9v\u00e8nements \u00e0 forte valeur d'engagement social comme le festival des AOP, le village de la \nfrancophonie, le festival de la R\u00e9cup. Cl\u00e9mentine Aubry dit que ces \u00e9v\u00e8nements ont lieu ici parce que \nles organisateurs l'ont vraiment souhait\u00e9 et que les \u00e9quipes du CENTQUATRE ont \u00e2prement n\u00e9goci\u00e9 \navec certains partenaires et les arbitrages sont toujours complexes. \n \nCe rapport met en avant la responsabilit\u00e9 environnementale de l'\u00e9tablissement. Cl\u00e9mentine Aubry \nindique que le bilan carbone 2024 sur les donn\u00e9es 2023 du CENTQUATRE est de 4 000 tonnes \nd'\u00e9quivalent CO2. Elle explique que les principaux postes d'\u00e9mission sont les achats et les d\u00e9placements \ndu public avec un impact significatif des \u00e9v\u00e9nements ext\u00e9rieurs et des d\u00e9placements en avion. \nElle explique que la politique d'achat responsable et les efforts de sensibilisation des publics sont des \naxes prioritaires pour  r\u00e9duire les \u00e9missions de carbone de l'\u00e9tablissement.  Cela fait partie du plan \nd'action \u00e9labor\u00e9 pour prioriser les actions de r\u00e9duction des \u00e9missions, en tenant compte de la \nfaisabilit\u00e9 et des ressources disponibles. \n \n\uf0b7 Pr\u00e9sentation du plan de d\u00e9veloppement des comp\u00e9tences (bilan 2024 et plan 2025).  \nPar manque de temps les documents ne sont pas pr\u00e9sent\u00e9s mais figurent dans le dossier du conseil \nd'administration. \n \n \n\uf0b7 Approbation de la passation du march\u00e9 de Supports signal\u00e9tiques (2025-13)  \nIl s'agit d'un renouvellement de deux lots.  Un lot de l'installation de support signal\u00e9tique dans les \nmurs et un hors les murs. Cela repr\u00e9sente 66 000\u20ac hors taxe par an sur 4 ans. \nLa Pr\u00e9sidente soumet au vote la d\u00e9lib\u00e9ration. \nAdopt\u00e9 \u00e0 l'unanimit\u00e9. \n \n\uf0b7 Approbation de la passation du march\u00e9 de d'insertion publicitaires sur supports Urbains \n(2025-14)  \nMarch\u00e9 relatif aux prestation s d'affichage publicitaire. Ce march\u00e9 n'existai t pas bien que des achats \n\u00e9taient fait pour des prestations d'affichage. Montant du march\u00e9 65 000 \u20ac par an sur 4 ans. Il n'y a pas \nde lot ce sera donc un appel d'offres. \nLa Pr\u00e9sidente soumet au vote la d\u00e9lib\u00e9ration. \nAdopt\u00e9 \u00e0 l'unanimit\u00e9. \n\uf0b7 Vie de l'\u00e9tablissement \nCENTQUATRE-PARIS.  - IDF-2025-06-27-00006 - D\u00e9lib\u00e9ration n\u00b02025-15 relative \u00e0 l'approbation du PV du CA du 2 avril 2025 20\nPage 9 sur 9 \n \nJos\u00e9 Manuel Gon\u00e7alv\u00e8s pr\u00e9sente la programmation de la saison 2025-2026. Il indique qu'il a finalis\u00e9 la \nprogrammation de la saison prochaine tout en veillant \u00e0 l'importance de laisser des fen\u00eatre s pour le \nfutur directeur afin qu'il puisse ajouter des projets et personnaliser la saison. \nIl \u00e9voque des collaborations avec le festival d'automne,a biennale d'art num\u00e9rique Nemo qui revient \nen octobre.  La plus grande biennale fran\u00e7aise d'art num\u00e9rique, continuera d'\u00eatre un \u00e9v\u00e9nement \nmajeur de la programmation, avec des expositions et des \u00e9v\u00e9nements dans 40 villes en \u00cele-de-France. \nIl \u00e9voque un n ouveau festival command\u00e9 pa r L'Or\u00e9al intitul\u00e9 \"Beau x Gestes\". Il sera lanc\u00e9 en \nd\u00e9cembre, avec des propositions pluridisciplinaires incluant cin\u00e9ma, vid\u00e9o, arts circassiens, th\u00e9\u00e2tre, \ndanse et litt\u00e9rature. \nIl y aura le Festival des Singuliers, un \u00e9v\u00e9nement cr\u00e9\u00e9 pour pr\u00e9senter des formes artistiques vari\u00e9es et \ndes artistes \u00e9mergents. Il mentionne la participation de Jacques Gamblin qui pr\u00e9sentera un portrait du \nfacteur Cheval et d'autres artistes connus. \n \n \nLa Pr\u00e9sidente remercie les membres et l\u00e8ve la s\u00e9ance. \n \n \nCENTQUATRE-PARIS.  - IDF-2025-06-27-00006 - D\u00e9lib\u00e9ration n\u00b02025-15 relative \u00e0 l'approbation du PV du CA du 2 avril 2025 21\nCENTQUATRE-PARIS. \nIDF-2025-06-27-00007\nD\u00e9lib\u00e9ration n\u00b02025-16 relative \u00e0 la nomination\ndes membres de la CAO\nCENTQUATRE-PARIS.  - IDF-2025-06-27-00007 - D\u00e9lib\u00e9ration n\u00b02025-16 relative \u00e0 la nomination des membres de la CAO 22\nCENTQUATRE#104PARIS\n \nD\u00e9lib\u00e9ration n\u00b02025-16 du 27 juin 2025 CENTQUATRE-PARIS \nNomination des membres de la CAO  \n \nD\u00c9LIB\u00c9RATION N\u00b02025-16 EPCC CENTQUATRE-PARIS \nObjet : Nomination des membres de la Commission d'appel d'offres  \nLe Conseil d'administration, \nVu le Code G\u00e9n\u00e9ral des Collectivit\u00e9s Territoriales notamment les articles L1414-2 et L1411-5 ;  \nVu l 'arr\u00eat\u00e9 n\u00b02008 -267-2 du 23 septembre 2008 portant cr\u00e9ation de l '\u00e9tablissement public de \ncoop\u00e9ration culturelle \u00e0 caract\u00e8re industriel et commercial Le CENTQUATRE et les arr\u00eat\u00e9s \npr\u00e9fectoraux n\u00b07 5-2019-12-26-005 du 26 d\u00e9cembre 2019 et n\u00b075 -2022-06-24-00010 du 24 juin \n2022 portant modification des statuts de l'\u00e9tablissement ;  \nVu les statuts du CENTQUATRE-PARIS ; \nVu la d\u00e9lib\u00e9ration 20200626_42 du 26 juin 2020 portant nomination de la repr\u00e9sentante de la \nCommune de Pantin ;  \nVu la d\u00e9lib\u00e9ration du Conseil de Paris du 6 au 8 octobre 2020 portant nomination des membres du \nConseil d'administration du CENTQUATRE-PARIS ; \nVu la d\u00e9lib\u00e9ration n\u00b02022 -13 du 18 octobre 2022  portant nomination des membres de la \nCommission d'appel d'offres du CENTQUATRE-PARIS ;  \nVu la d\u00e9lib\u00e9ration n\u00b02024 -11 du 7 novembre 2024  portant nomination des membres de la \nCommission d'appel d'offres du CENTQUATRE-PARIS ; \nVu les r\u00e9sultats de l'\u00e9lection des repr\u00e9sentants du personnel au Conseil d'administration du 25 juin \n2025 ; \n \nApr\u00e8s vote des membres du Conseil d'administration :  \nSont \u00e9lu-e-s en qualit\u00e9 de membres titulaires ayant voix d\u00e9lib\u00e9ratives :  \n- L\u00e9a Filoche (\u00e9lue de la Ville de Paris)  \n- Marie-France Lucchini (personnalit\u00e9 qualifi\u00e9e) \n- Jacques Galvani (\u00e9lu de la Ville de Paris)  \n- Manuel Tomiche (repr\u00e9sentant du personnel - titulaire)  \n- Ya\u00ebl Frydman (repr\u00e9sentant du personnel - titulaire)  \n \nMembres suppl\u00e9ants :  \n- Colombe Brossel (\u00e9lue de Ville de Paris)  \n- Alice Timsit (\u00e9lue de la Ville de Paris)  \n- Franck Margain (\u00e9lue de la Ville de Paris)   \n- Pascale Dalix (personnalit\u00e9 qualifi\u00e9e) \n- L\u00e9o Duvignon (repr\u00e9sentant du personnel \u2013 suppl\u00e9ant)  \n \n \n_______15_____Administrateurs pr\u00e9sents ou repr\u00e9sent\u00e9s \n__15_ Voix pour   __ Contre  __ Abstentions \nLa d\u00e9lib\u00e9ration est adopt\u00e9e \n \n             La Pr\u00e9sidente du Conseil d'administration \n                      Carine ROLLAND \nSIGNE \nCENTQUATRE-PARIS.  - IDF-2025-06-27-00007 - D\u00e9lib\u00e9ration n\u00b02025-16 relative \u00e0 la nomination des membres de la CAO 23\nCENTQUATRE-PARIS. \nIDF-2025-06-27-00010\nD\u00e9lib\u00e9ration n\u00b02025-19 relative \u00e0 la nomination\ndu comptable principal\nCENTQUATRE-PARIS.  - IDF-2025-06-27-00010 - D\u00e9lib\u00e9ration n\u00b02025-19 relative \u00e0 la nomination du comptable principal 24\nJ:CENTUATRE#104PARIS\n \nD\u00e9lib\u00e9ration n\u00b02025-19 du 27 juin 2025 CENTQUATRE-PARIS \n                                                                                                       Nomination du comptable principal  \n \n \nD\u00c9LIB\u00c9RATION N\u00b02025-19  EPCC CENTQUATRE-PARIS \nObjet : Nomination du comptable principal  \n \nLe Conseil d'administration \n \nVu le Code G\u00e9n\u00e9ral des Collectivit\u00e9s Territoriales notamment les articles L1414-2 et L1411-5 ;  \nVu l 'arr\u00eat\u00e9 n\u00b02008 -267-2 du 23 septembre 2008 portant cr\u00e9ation de l '\u00e9tablissement public de \ncoop\u00e9ration culturelle \u00e0 caract\u00e8re industriel et commercial Le CENTQ UATRE et les arr\u00eat\u00e9s \npr\u00e9fectoraux n\u00b075 -2019-12-26-005 du 26 d\u00e9cembre 2019 et n\u00b075 -2022-06-24-00010 du 24 juin \n2022 portant modification des statuts de l'\u00e9tablissement ;  \nVu les statuts du CENTQUATRE-PARIS ; \n \nVu les  dispositions des articles L. 1431 -1 et R. 1431 -17 du Code g\u00e9n\u00e9ral des collectivit\u00e9s \nterritoriales indiquant que la nomination du comptable principal d 'un EPCC doit \u00eatre effectu\u00e9e par \nd\u00e9lib\u00e9ration du conseil d'administration de l'\u00e9tablissement. Cette nomination implique la \nd\u00e9signation d'un agent habilit\u00e9 du Tr\u00e9sor public, qui assumera les responsabilit\u00e9s li\u00e9es \u00e0 la gestion \nfinanci\u00e8re et \u00e0 la comptabilit\u00e9 publique de l'EPCC. \n \nSur avis conforme de la Direction R\u00e9gionale des Finances Publiques  en date du 20 mars 2025, il \nest propos\u00e9 au conseil d'administration de proc\u00e9der \u00e0 la nomination de Monsieur Marc JOINOVICI \nen qualit\u00e9 de comptable principal de l'EPCC CENTQUATRE PARIS \u00e0 compter du 1er janvier 2025. \n \n \nD\u00c9LIB\u00c8RE \n \nArticle unique : \n \nAPPROUVE la nomination de Monsieur Marc JOINOVICI en qualit\u00e9 de comptable principal de \nl'EPCC CENTQUATRE PARIS \u00e0 compter du 1er janvier 2025, selon l 'avis conforme figurant en \nannexe de la pr\u00e9sente d\u00e9lib\u00e9ration. \n \n15 Administrateurs pr\u00e9sents ou repr\u00e9sent\u00e9s \n15 Voix pour   __ Contre  __ Abstentions \n \nLa d\u00e9lib\u00e9ration est adopt\u00e9e \n \n             La Pr\u00e9sidente du Conseil d'administration \n                      Carine ROLLAND \nSIGNE \nCENTQUATRE-PARIS.  - IDF-2025-06-27-00010 - D\u00e9lib\u00e9ration n\u00b02025-19 relative \u00e0 la nomination du comptable principal 25\nDirection r\u00e9gionale et interd\u00e9partementale de\nl'\u00e9conomie, de l'emploi, du travail et des\nsolidarit\u00e9s d'\u00cele-de-France\nIDF-2025-07-22-00004\nArr\u00eat\u00e9 du 22 juillet 2025 portant agr\u00e9ment\nd'organismes pour la formation des membres de\nla d\u00e9l\u00e9gation du personnel au comit\u00e9 social et\n\u00e9conomique, en mati\u00e8re de sant\u00e9, s\u00e9curit\u00e9 et\nconditions de travail\nDirection r\u00e9gionale et interd\u00e9partementale de l'\u00e9conomie, de l'emploi, du travail et des solidarit\u00e9s d'\u00cele-de-France -\nIDF-2025-07-22-00004 - Arr\u00eat\u00e9 du 22 juillet 2025 portant agr\u00e9ment d'organismes pour la formation des membres de la d\u00e9l\u00e9gation du\npersonnel au comit\u00e9 social et \u00e9conomique, en mati\u00e8re de sant\u00e9, s\u00e9curit\u00e9 et conditions de travail\n26\nEiPREFET _DE LA REGIOND'\u00ceLE-DE-FRANCELibert\u00e9Egalit\u00e9Fraternit\u00e9\n \n \nDRIEETS D'ILE-DE-FRANCE \nP\u00f4le politiques du travail \nService sant\u00e9 s\u00e9curit\u00e9 au travail \n \n \n \n \n \nARR\u00caT\u00c9 \n \nPORTANT AGR\u00c9MENT D'ORGANISMES POUR LA FORMATION DES MEMBRES  \nDE LA D\u00c9L\u00c9GATION DU PERSONNEL AU COMIT\u00c9 SOCIAL ET \u00c9CONOMIQUE, \nEN MATI\u00c8RE DE SANT\u00c9, S\u00c9CURIT\u00c9 ET CONDITIONS DE TRAVAIL \n \nLE PR\u00c9FET DE LA R\u00c9GION D'\u00ceLE-DE-FRANCE, \nPR\u00c9FET DE PARIS, \n \nVU le code du travail et n otamment les articles L. 2315 -17, L.2315-18, R. 2315 -8 \u00e0 R. 2315 -16 relatifs \u00e0 la \nformation des membres de la d\u00e9l\u00e9gation du personnel du comit\u00e9 social et \u00e9conomique (CSE)  ; \nVU les articles L. 6351-1 et suivants du code du travail ; \nVU les circulaires minist\u00e9rielles du 14 mai 1985, du 19 octobre 1987 relatives \u00e0 la formation des repr\u00e9sentants \ndu personnel aux comit\u00e9s d'hygi\u00e8ne, de s\u00e9curit\u00e9 et des conditions de travail, modifi\u00e9es par la note \nd'actualisation du 17 mai 1993 ; \nVU le d\u00e9cret n\u00b0 2004-374 du 29 avril 2004 modifi\u00e9 relatif aux pouvoirs des pr\u00e9fets, \u00e0 l'organisation et \u00e0 l'action \ndes services de l'\u00e9tat dans les r\u00e9gions et les d\u00e9partements ; \nVU l'arr\u00eat\u00e9 IDF-2025-04-04-00007 du 4 avril 2025, de Monsieur Marc GUILLAUME, pr\u00e9fet de la r\u00e9gion d'\u00cele de \nFrance, pr\u00e9fet de Paris, portant d\u00e9l\u00e9gation de signature \u00e0 Monsieur Marc ROHFRITSCH, charg\u00e9 de l'int\u00e9rim \nde l'emploi de directeur r\u00e9gional et interd\u00e9partemental de l'\u00e9conomie, de l'emploi, du travail et des \nsolidarit\u00e9s d'\u00cele-de-France (DRIEETS), en mati\u00e8re administrative ; \nVU la d\u00e9cision n\u00b0 2025-056 du 9 avril 2025 portant subd\u00e9l\u00e9gation de signature de Monsieur Marc ROHFRITSCH \naux agents de l'unit\u00e9 r\u00e9gionale ; \n \nCONSIDERANT que la soci\u00e9t\u00e9 HAPPYOU, disposant de l'agr\u00e9ment d\u00e9livr\u00e9 par le pr\u00e9fet de la r\u00e9gion Auvergne-\nRh\u00f4ne-Alpes en date du 22 juillet 2020, est d\u00e9sormais \u00e9tablie en \u00cele-de-France ; \n \nARR\u00caTE \n \nArticle 1  : La liste des organismes agr\u00e9\u00e9s pour dispenser la formation des membres de la d\u00e9l\u00e9gation du \npersonnel au CSE en mati\u00e8re de sant\u00e9, s\u00e9curit\u00e9 et conditions de travail est modifi\u00e9e par l'ajout et le retrait \ndes organismes vis\u00e9s ci-dessus, et est annex\u00e9e au pr\u00e9sent arr\u00eat\u00e9.  \n \nArticle 2  : Les organismes agr\u00e9\u00e9s remettront chaque ann\u00e9e avant le 30 mars, au directeur r\u00e9gional et \ninterd\u00e9partemental de l'\u00e9conomie, de l'emploi, du travail et des solidarit\u00e9s d'\u00cele-de-France, un compte rendu \nde leurs activit\u00e9s au cours de l'ann\u00e9e \u00e9coul\u00e9e. Ce compte rendu indique le nombre des stages organis\u00e9s en \nvertu de l'agr\u00e9ment. L'absence de communication de ce compte rendu pourrait justifier le retrait d'agr\u00e9ment.  \n \nArticle 3 : Si un organisme cesse de r\u00e9pondre aux conditions ayant justifi\u00e9 son agr\u00e9ment, celui-ci peut lui \u00eatre \nretir\u00e9 par d\u00e9cision motiv\u00e9e du pr\u00e9fet de r\u00e9gion. \n \nArticle 4 : Le pr\u00e9fet, secr\u00e9taire g\u00e9n\u00e9ral aux politiques publiques de la pr\u00e9fecture de la r\u00e9gion d'\u00cele -de-France, \npr\u00e9fecture de Paris et le directeur r\u00e9gional et interd\u00e9partemental de l'\u00e9conomie, de l'emploi, du travail et des \nsolidarit\u00e9s d'\u00cele-de-France sont charg\u00e9s,  chacun en ce qui le concerne, de l'ex\u00e9cution du pr\u00e9sent arr\u00eat\u00e9, qui \nDirection r\u00e9gionale et interd\u00e9partementale de l'\u00e9conomie, de l'emploi, du travail et des solidarit\u00e9s d'\u00cele-de-France -\nIDF-2025-07-22-00004 - Arr\u00eat\u00e9 du 22 juillet 2025 portant agr\u00e9ment d'organismes pour la formation des membres de la d\u00e9l\u00e9gation du\npersonnel au comit\u00e9 social et \u00e9conomique, en mati\u00e8re de sant\u00e9, s\u00e9curit\u00e9 et conditions de travail\n27\nsera publi\u00e9 au recueil des actes administratifs de la pr\u00e9fecture de la r\u00e9gion d'\u00cele -de-France, pr\u00e9fecture de \nParis. \n \n \nFait \u00e0 Aubervilliers, le 22 juillet 2025 \n \nPour le pr\u00e9fet, par d\u00e9l\u00e9gation, \nle directeur r\u00e9gional, et par subd\u00e9l\u00e9gation, \nle responsable du p\u00f4le politiques du travail, \n \n \nSIGNE \n \n \nJean-Fran\u00e7ois Dalvai  \nDirection r\u00e9gionale et interd\u00e9partementale de l'\u00e9conomie, de l'emploi, du travail et des solidarit\u00e9s d'\u00cele-de-France -\nIDF-2025-07-22-00004 - Arr\u00eat\u00e9 du 22 juillet 2025 portant agr\u00e9ment d'organismes pour la formation des membres de la d\u00e9l\u00e9gation du\npersonnel au comit\u00e9 social et \u00e9conomique, en mati\u00e8re de sant\u00e9, s\u00e9curit\u00e9 et conditions de travail\n28\n|PREFET Direction r\u00e9gionale et interd\u00e9partementaleDELA REGION de l'\u00e9conomie, de l'emploi,\u00ceLE-DE-FRANCE du travail et des solidarit\u00e9s\n \n \nListe des organismes de formation agr\u00e9\u00e9s par le pr\u00e9fet de la R\u00e9gion Ile de France pour dispenser la formation \nen mati\u00e8re de sant\u00e9 et de s\u00e9curit\u00e9 au travail des membres du CHSCT et du CSE  \n \nD\u00c9NOMINATION ADRESSE SECTEUR D'INTERVENTION \n(\u00e0 titre indicatif) DATE D'AGR\u00c9MENT \n2 E-CSE 8 rue des Fr\u00e8res Caudron \n78140 VELIZY VILLACOUBLAY \n 20/12/2022 \nACTE 1 FORMATION 335 rue de la Justice  \n77000 VAUX LE PENIL \n 01/04/2023 \nACTION SANTE \nGroupe DOXEA \n2 all\u00e9e Hector Berlioz \nBP 90017 \n95130 FRANCONVILLE \nSecteur sanitaire, m\u00e9dico-social et tertiaire 06/03/2019 \nADCA GFP 21 rue de F\u00e9camp \n75012 Paris \nNettoyage industriel, environnement, espaces verts, \nh\u00f4tellerie, informatique, t\u00e9l\u00e9com, services \n03/11/2006 \nADCM \u2013 Association pour le \nd\u00e9veloppement des connaissances \ndes militants \n38, rue d'Eragny \n95310 Saint-Ouen-l'Aum\u00f4ne \nTous secteurs d'activit\u00e9 03/02/2025 \nADDEO CONSEIL 16 rue Moncey \n75009 Paris \n 13/01/2021 \nADECCO FORMATION 5 place du Colonel Fabien \n75010 Paris \nTertiaire, Industrie 16/01/2013 \nADEQUATION 16 rue Amp\u00e8re  \nImmeuble SOMAG \n95307 Cergy Pontoise \nTertiaire, industrie, grande distribution 02/05/2013 \nADIAJ FORMATION 3 rue Henri Poincar\u00e9 \n75020 Paris \nFonction publique territoriale, hospitali\u00e8re et d'Etat 08/06/2012 \nADN CSE 8 rue Lemercier \n75017 Paris \n 27/10/2020 \nDirection r\u00e9gionale et interd\u00e9partementale de l'\u00e9conomie, de l'emploi, du travail et des solidarit\u00e9s d'\u00cele-de-France -\nIDF-2025-07-22-00004 - Arr\u00eat\u00e9 du 22 juillet 2025 portant agr\u00e9ment d'organismes pour la formation des membres de la d\u00e9l\u00e9gation du\npersonnel au comit\u00e9 social et \u00e9conomique, en mati\u00e8re de sant\u00e9, s\u00e9curit\u00e9 et conditions de travail\n29\nD\u00c9NOMINATION ADRESSE SECTEUR D'INTERVENTION \n(\u00e0 titre indicatif) DATE D'AGR\u00c9MENT \nAEGIDE INTERNATIONAL  Immeuble Tribequa \n4 rue du Tri Postal \n33800 Bordeaux \nTous secteurs d'activit\u00e9 21/06/1999 \nAEPACT 8 bis, rue Abel  \n75012 PARIS \nIndustrie pharmaceutique, protection sociale, sant\u00e9 28/09/2012 \nAFORMABA 9 rue Saint Lambert \n75015 Paris \n 7/6/2022 \nAFPI ETUDES ET PREVENTION 56 avenue de Wagram \n75854 Paris cedex 17 \nSid\u00e9rurgie, m\u00e9tallurgie, BTP, automobile, \ninformatique \n16/07/2001 \nAFPIC FORMATION 18 rue Hoche \n92980 Paris la D\u00e9fense Cedex  \nIndustries chimique pharmaceutique, cosm\u00e9tique, et \nm\u00e9tallurgique \n25/05/1987 \nAFTRAL 46 avenue de Villiers \n75847 Paris cedex 17 \nIndustrie, tertiaire, BTP 14/03/1985 \nAGATE EXPERTISE 27 avenue de l'Op\u00e9ra \n75001 Paris \n 24/11/2021 \nAGB SOLUTIONS 27 rue Panhard et Levassor \n78570 Chanteloup les Vignes \n 4/6/2021 \nAGCNAM 9 cour des Petites Ecuries \n75010 Paris \n 28/09/2012 \nAGECIF 22 rue de Picardie \n75003 Paris \n 27/10/2020 \nAIR C MANAGEMENT 101, rue Marcadet \n75018 Paris \nIndustrie, BTP, logistiques, transports, services  29/11/2024 \nALPHA FORMATION 8 rue Riocrieux  \n92310 S\u00e8vres \n 20/12/2022 \nALIAVOX 24 villa des Cailloux \n95600 Eaubonne \nM\u00e9tallurgie, \u00e9nergie, t\u00e9l\u00e9communications, sant\u00e9, \nservices \n28/09/2012 \nALINEA 33 rue de la Fontaine-\u00e0-Mulard \n75013 Paris \nServices 16/01/2013 \nALTEO 50-52 rue du Faubourg Saint-Denis \n75010 Paris \n 13/07/2016 \nALTER EGO-PRP 22-24 rue du Pr\u00e9 des Aulnes \n77340 Pontault-Combault \n 03/11/2017 \nDirection r\u00e9gionale et interd\u00e9partementale de l'\u00e9conomie, de l'emploi, du travail et des solidarit\u00e9s d'\u00cele-de-France -\nIDF-2025-07-22-00004 - Arr\u00eat\u00e9 du 22 juillet 2025 portant agr\u00e9ment d'organismes pour la formation des membres de la d\u00e9l\u00e9gation du\npersonnel au comit\u00e9 social et \u00e9conomique, en mati\u00e8re de sant\u00e9, s\u00e9curit\u00e9 et conditions de travail\n30\nD\u00c9NOMINATION ADRESSE SECTEUR D'INTERVENTION \n(\u00e0 titre indicatif) DATE D'AGR\u00c9MENT \nALTERYYS EXPERTISE 46, rue Beaubourg \n75003 Paris \nTous secteurs d'activit\u00e9 29/11/2024 \nAMBITION PREVENTION 27 Avenue Paul Ar\u00e8ne \n13600 La Ciotat \n 7/6/2022 \nANAFORECE 21-23, rue du d\u00e9part \n75014 Paris \nBanque, assurance et informatique 11/06/2025 \nANGELE CONCEPT \u2013 SAVPRO \nFORMATION \n61 rue de Douai \n75009 Paris \nIndustrie, tertiaire, sant\u00e9 05/02/2004 \nAPAVE EXPLOITATION FRANCE  6 Rue du G\u00e9n\u00e9ral Audran \n92400 Courbevoie \nIndustrie, tertiaire, chimie, sant\u00e9, services, fonction \npublique, transports \n14/03/1985 \nAPEX ISAST FORMATION 61-69 rue de Bercy \n75012 Paris \nTous secteurs d'activit\u00e9 28/09/2012 \nARETE 99, rue de la verrerie \n75004 Paris \n 17/05/2018 \nARSYA CONSEIL - L'ECOLE DES CE 21 rue de l'Abreuvoir \n92100 Boulogne Billancourt \n 03/11/2017 \nASMFP 77 3 rue Paul Tavernier \n77210 Fontainebleau \nM\u00e9tallurgie, imprimerie, plasturgie, commerce, \np\u00e9trole, chimie, mat\u00e9riaux de construction \n17/10/2000 \nATLANTES 13, rue Martin Bernard \n75013 PARIS  \n 06/03/2019 \nAPSAC (Association pour la \nPromotion Sociale et l'Am\u00e9lioration \ndes Connaissances) \n9 rue Baudoin \n75013 Paris \n 3/11/2017 \nARTHUR HUNT LEADERSHIP \nTALENT & TRANSFORMATION \n62 avenue des Champs Elys\u00e9es \n75008 Paris \nTous secteurs d'activit\u00e9 03/09/2024 \nASSOCIATION DU CENTRE DE \nFORMATION UNSA-FERROVIAIRE  \n56 rue du Faubourg Montmartre \n75009 Paris \nFerroviaire 11/07/2023 \nASTU PREVENT 1 rue de Stockholm \n75008 Paris \n 7/6/2022 \nAUCEO 6 rue des Pr\u00e8s du Levant \n77470 Poincy \n 7/6/2022 \nAUDUBON FRANCE FORMATION 40, rue Alexandre-Dumas \n75011 Paris \nTous secteurs d'activit\u00e9 23/02/2024 \nDirection r\u00e9gionale et interd\u00e9partementale de l'\u00e9conomie, de l'emploi, du travail et des solidarit\u00e9s d'\u00cele-de-France -\nIDF-2025-07-22-00004 - Arr\u00eat\u00e9 du 22 juillet 2025 portant agr\u00e9ment d'organismes pour la formation des membres de la d\u00e9l\u00e9gation du\npersonnel au comit\u00e9 social et \u00e9conomique, en mati\u00e8re de sant\u00e9, s\u00e9curit\u00e9 et conditions de travail\n31\nD\u00c9NOMINATION ADRESSE SECTEUR D'INTERVENTION \n(\u00e0 titre indicatif) DATE D'AGR\u00c9MENT \nAXIA CONSULTANTS 1 rue du Petit Robinson \n78350 Jouy-en-Josas \n 22/12/2016 \nBEST CF 83 rue de Rouen \n95300 Pontoise \n 31/01/2020 \nBUREAU VERITAS EXPLOITATION 4 place des saisons \n92400 Courbevoie \nIndustrie, BTP, tertiaire 14/03/1985 \nC3 47-49 avenue Simon Bolivar \n75019 Paris \nPoste, finance, distribution, medias, industrie \ngraphique, conseil publicit\u00e9, culture, animation, sport \n25/06/2013 \nCABINET 41 60 rue de Richelieu \n75002 Paris \n 11/07/2023 \nCABINET JEAN-JACQUES TATOUX 8 rue Lemercier \n75017 Paris \nA\u00e9rien, a\u00e9roportuaire, transport,  agroalimentaire, \nindustrie, secteur public \n29/12/2008 \nCALLENTIS FORMATION 21 square Saint-Charles \n75012 Paris \nAssurances, banques, informatique, associatif 23/06/2020 \nCB FOR 47-49 avenue Simon Bolivar \n75950 Paris (cedex 19) \nBTP, industries du bois, ameublement, logement \nsocial, ETGC, mat\u00e9riaux, mat\u00e9riaux de construction, \nn\u00e9goce de bois et mat\u00e9riaux, maitrise d'\u0153uvre  \n27/10/2020 \nCCI DE VERSAILLES VAL D'OISE / \nYVELINES \nFPC Info Centre \n21 avenue de Paris  \n78021 Versailles cedex \n  07/05/1985 \nCDC CONTACTS 7 chemin des Meuniers \n77700 Chessy \n 11/07/2023 \nCDG 77 10, Points de Vue \nCS 40056 \n77564 Lieusaint cedex \nCollectivit\u00e9s locales 20/07/2005 \nCECYS 102-110, avenue Marceau \n92400 Courbevoie \nTous secteurs d'activit\u00e9 29/11/2024 \nCEDAET 23 rue Yves Toudic \n75010 Paris \n 13/07/2016 \nCEFA 47-49 avenue Simon Bolivar \n75950 Paris Cedex 19 \nAgroalimentaire 16/07/2001 \nCEFI SOLIDAIRES 31 rue de Grange-aux-Belles \n75010 Paris \nTous secteurs d'activit\u00e9 02/05/2013 \nDirection r\u00e9gionale et interd\u00e9partementale de l'\u00e9conomie, de l'emploi, du travail et des solidarit\u00e9s d'\u00cele-de-France -\nIDF-2025-07-22-00004 - Arr\u00eat\u00e9 du 22 juillet 2025 portant agr\u00e9ment d'organismes pour la formation des membres de la d\u00e9l\u00e9gation du\npersonnel au comit\u00e9 social et \u00e9conomique, en mati\u00e8re de sant\u00e9, s\u00e9curit\u00e9 et conditions de travail\n32\nD\u00c9NOMINATION ADRESSE SECTEUR D'INTERVENTION \n(\u00e0 titre indicatif) DATE D'AGR\u00c9MENT \nCEFPIC 33 avenue de la R\u00e9publique \n75011 Paris \nChimie, pharmacie, verre, caoutchouc, plasturgie 05/02/2004 \nCEGAPE 4-10 avenue Andr\u00e9 Malraux \n92300 Levallois Perret \nFonction publique 11/07/2023 \nCEGOS 19 rue Ren\u00e9 Jacques \n92798 Issy les Moulineaux  \nTous secteurs d'activit\u00e9 16/07/2001 \nCENTRE DE FORMATION \nPREVENTION SECOURS INCENDIE \nEXPERT \n3, chemin de Chelles \n77410 Claye-Souilly \nTous secteurs d'activit\u00e9 11/06/2025 \nCER 92 4 avenue Laurent C\u00e9ly \nTour d'Asni\u00e8res \n92600 Asni\u00e8res-sur-Seine \n 27/10/2020 \nCERES 128, rue La Bo\u00e9tie \n75008 Paris \nTous secteurs d'activit\u00e9 23/02/2024 \nCFER-UFCAC CFDT (Centre de \nformation, d'\u00e9tude et de recherche) \n20 rue Lucien Sampaix \n75010 Paris \nBranche ferroviaire 4/6/2021 \nCHAMBRE DE COMMERCE ET \nD'INDUSTRIE DE L'ESSONNE \n2, cours Monseigneur Romero \n91033 Evry \nTous secteurs d'activit\u00e9 18/09/2023 \nCHRONODESK 21 boulevard Robert-Thiboust \n77700 Serris \n 7/6/2022 \nCHUBB FRANCE 10 avenue de l'Entreprise \nParc Saint Christophe \nB\u00e2timent Magellan 1 \n95862 Cergy Pontoise cedex \nGrande distribution, services aux entreprises, \ntransports \n29/03/1999 \nCIG (Centre Interd\u00e9partemental de \nGestion de la grande couronne de la \nr\u00e9gion Ile de France) \n15 rue Boileau \nBP 855 \n78008 Versailles  cedex \nFonction publique territoriale 05/10/2004 \nCNFCE  38, rue Viala \n75015 Paris \nTous secteurs d'activit\u00e9 08/01/2024 \nCOMUNDI Immeuble Pleyad \n39 boulevard Ornano \n93200 Saint Denis \nTous secteurs d'activit\u00e9 23/11/2013 \nCOMP\u00c9TENCES PR\u00c9VENTION 127 rue Amelot \n75011 Paris \n 22/12/2016 \nDirection r\u00e9gionale et interd\u00e9partementale de l'\u00e9conomie, de l'emploi, du travail et des solidarit\u00e9s d'\u00cele-de-France -\nIDF-2025-07-22-00004 - Arr\u00eat\u00e9 du 22 juillet 2025 portant agr\u00e9ment d'organismes pour la formation des membres de la d\u00e9l\u00e9gation du\npersonnel au comit\u00e9 social et \u00e9conomique, en mati\u00e8re de sant\u00e9, s\u00e9curit\u00e9 et conditions de travail\n33\nD\u00c9NOMINATION ADRESSE SECTEUR D'INTERVENTION \n(\u00e0 titre indicatif) DATE D'AGR\u00c9MENT \nCONSEIL CE 31 bis rue des Longs Pr\u00e9s \n92100 Boulogne Billancourt \n 14/03/2018 \nCOPRAS 37 avenue des Bois \n77220 Gretz-Armainvilliers \nPlasturgie, tertiaire, lunetterie, chimie 02/05/2013 \nCOVENCE AVOCATS 10 Rue V\u00e9ron\u00e8se  \n75013 PARIS \n 01/04/2023 \nCPR FORMATION 119, rue de Colombes \n92600 Asni\u00e8res-sur-Seine \nTous secteurs d'activit\u00e9 29/11/2024 \nCREOIF 131 rue Damr\u00e9mont \n75018 Paris \n  25/05/1987 \nCULTURE ET LIBERTE 5 rue Saint Vincent de Paul \n75010 Paris \nSant\u00e9, industrie, transport, \u00e9ducation, services, \ncommerce \n25/05/1987 \nDANCAF 63 rue Charles Nodier \n93500 Pantin \n 4/6/2021 \nDEGEST 13 rue des Envierges \n75020 Paris \nTous secteurs d'activit\u00e9 20/07/2005 \nDELLIEN Associ\u00e9s 48 rue de Vivienne \n75002 Paris \nTous secteurs d'activit\u00e9 26/06/2018 \nDEMOS FORMATION 20 rue de l'Arcade \n75008 Paris \nTous secteurs d'activit\u00e9 04/12/2001 \nDESMATHS FORMATION 63 bis rue de la Tombe Issoire \n75014 Paris \n 13/01/2021 \nDICTAM CONSEIL 52 Rue Rouget de Lisle \n54510 Tomblaine \nTous secteurs d'activit\u00e9 03/04/2024 \nDOH CONSULTANTS 21 rue de F\u00e9camp \n75012 Paris \n 22/12/2016 \nDOXA FORMATION 6 rue d'Uz\u00e8s \n75002 Paris \n 4/6/2021 \nDTR CONSEIL 40 rue Alexandre Dumas \n75011 Paris \n 4/6/2021 \n \nEC PARTENAIRE IRP 84 rue de Crim\u00e9e \n75019 Paris \nServices, assurances, banque, finance, commerce, \nm\u00e9tiers administratifs \n24/07/2008 \nDirection r\u00e9gionale et interd\u00e9partementale de l'\u00e9conomie, de l'emploi, du travail et des solidarit\u00e9s d'\u00cele-de-France -\nIDF-2025-07-22-00004 - Arr\u00eat\u00e9 du 22 juillet 2025 portant agr\u00e9ment d'organismes pour la formation des membres de la d\u00e9l\u00e9gation du\npersonnel au comit\u00e9 social et \u00e9conomique, en mati\u00e8re de sant\u00e9, s\u00e9curit\u00e9 et conditions de travail\n34\nD\u00c9NOMINATION ADRESSE SECTEUR D'INTERVENTION \n(\u00e0 titre indicatif) DATE D'AGR\u00c9MENT \nECOCOM FORMATION 6 rue Christophe Colomb \n75008 Paris \n 26/06/2018 \nEFE FORMATION 18-24, rue Tiphaine \n75015 Paris \nTous secteurs d'activit\u00e9 28/03/2025 \nELABORE 84 cours de Vincennes \n75012 Paris \nTous secteurs d'activit\u00e9 18/09/2023 \nELEAS 19 boulevard de Magenta \n75010 Paris \n 22/12/2016 \nEMERGENCES Immeuble Le M\u00e9li\u00e8s \n261 rue de Paris \n93556 Montreuil \nTous secteurs d'activit\u00e9 25/05/1987 \nENTREPRISE SANT\u00c9 FORMATION \n(ESF)-PREVAT \n2 avenue Pasteur \n92130 Issy les Moulineaux  \nSecteur tertiaire 16/01/2013 \nERGONALLIANCE 1 place Uranie \n94340 Joinville-le-Pont \nSecteurs industries et grande distribution  31/01/2020 \nERGOS CONCEPT 103 rue de S\u00e8vres \n75006 Paris \n 19/01/2016 \nESTIM FORMATION 11 passage Marivaux \n77185 Lognes \n 4/6/2021 \nEVRYWARE 38 cours Blaise Pascal \n91000 Evry \nTous secteurs d'activit\u00e9 02/05/2013 \nEXOFORMATIONS 30 rue Georges Thoretton \n92230 Gennevilliers  \nAgroalimentaire, transports, BTP, collectivit\u00e9s locales, \ntertiaire \n08/06/2012 \nE2MB FORMATIONS 68 rue Pasteur \n77450 Cond\u00e9 Sainte-Libiaire \n 24/11/2021 \nFACULTE DES METIERS DE \nL'ESSONNE \n3 chemin de la Grange Feu Louis  \n91035 Evry \nIndustrie m\u00e9canique, chimique, s\u00e9curit\u00e9 priv\u00e9e, grande \ndistribution, \u00e9tablissement sanitaire, transport \nlogistique \n08/06/2012 \nFCS FORMATION CONSEIL \nSTRATEGIE \n105 boulevard Paul Vaillant-Couturier \n95190 Goussainville \nTous secteurs d'activit\u00e9 23/09/2014 \nFLOBEL FORMATION 2-4 rue des C\u00e9vennes \nCP 20552 \n94648 Rungis cedex \nIndustrie, grande distribution, nettoyage, transport, \nfonction publique, sant\u00e9 \n08/06/2012 \nDirection r\u00e9gionale et interd\u00e9partementale de l'\u00e9conomie, de l'emploi, du travail et des solidarit\u00e9s d'\u00cele-de-France -\nIDF-2025-07-22-00004 - Arr\u00eat\u00e9 du 22 juillet 2025 portant agr\u00e9ment d'organismes pour la formation des membres de la d\u00e9l\u00e9gation du\npersonnel au comit\u00e9 social et \u00e9conomique, en mati\u00e8re de sant\u00e9, s\u00e9curit\u00e9 et conditions de travail\n35\nD\u00c9NOMINATION ADRESSE SECTEUR D'INTERVENTION \n(\u00e0 titre indicatif) DATE D'AGR\u00c9MENT \nFORMA PREV'PLUS 21 rue du Gravier \n77340 Pontault-Combault \n 4/6/2021 \nFORMAESTRO 20, rue des Malicornes \n91490 Moigny-sur-Ecole \nTous secteurs d'activit\u00e9 03/02/2025 \nFORMAVAL 26 chemin des Rois \n91170 Viry Chatillon \n 26/06/2018 \nFORMECOSS 170 avenue Parmentier - CS20006 \n75479 Paris cedex 10 \nB\u00e2timent, travaux publics, autres secteurs 15/12/2000 \nFPSG 9 avenue Georges Pompidou \nAppt 413  \n92150 Suresnes \nCommerce, distribution, assurance, banque, transport, \ns\u00e9curit\u00e9 incendie/s\u00fbret\u00e9, h\u00f4tellerie/restauration, \nautomobile, chimie, logistique (entrep\u00f4ts) \n17/11/2005 \nFPSG 2000 9 avenue Georges Pompidou  \n92150 Suresnes \n 17/11/2005 \nFRANCE PREVENTION \nSECOURISME \nZA des Forboeufs \u2013 9 rue Denis Papin \n95280 Jouy le Moutier \nSecteur tertiaire principalement 08/06/2012 \nGALOIS FORMATION 40, avenue Lucien-Fran\u00e7ais \n9400 Vitry-sur-Seine \nTous secteurs d'activit\u00e9 29/11/2024 \nGRETA SEINE-ET-MARNE 41 grande All\u00e9e du 12 f\u00e9vrier 1934 \n77186 Noisiel \nTertiaire, transport, administration, associations 02/05/2013 \nGROUPE ACN Droite Bailly Park \n25 boulevard des artisans \nB\u00e2timent 6 \n77700 Bailly-Romainvilliers \n 22/12/2016 \nGROUPE LEGRAND 20, rue Brunel  \n75017 PARIS \n 01/04/2023 \nGROUPE REVUE FIDUCIAIRE 100 rue Lafayette \n75010 PARIS \nTous secteurs d'activit\u00e9 16/07/2019 \nGROUP SUCCESS 6 rue de Musset \n75016 Paris \n 4/6/2021 \nHANNIBAAL ADVISOR 14 bis, rue des Murgets \n77870 Vulaines-sur-Seine \nTous secteurs d'activit\u00e9 29/11/2024 \nHAPPYOU 31 B, rue des Longs Pr\u00e9s \n92100 Boulogne-Billancourt \n  22/07/2020 \nDirection r\u00e9gionale et interd\u00e9partementale de l'\u00e9conomie, de l'emploi, du travail et des solidarit\u00e9s d'\u00cele-de-France -\nIDF-2025-07-22-00004 - Arr\u00eat\u00e9 du 22 juillet 2025 portant agr\u00e9ment d'organismes pour la formation des membres de la d\u00e9l\u00e9gation du\npersonnel au comit\u00e9 social et \u00e9conomique, en mati\u00e8re de sant\u00e9, s\u00e9curit\u00e9 et conditions de travail\n36\nD\u00c9NOMINATION ADRESSE SECTEUR D'INTERVENTION \n(\u00e0 titre indicatif) DATE D'AGR\u00c9MENT \nHIDY 3 rue Bellanger \n92300 Levallois-Perret \nTous secteurs d'activit\u00e9 03/09/2024 \nHR CONSULTANCY PARTNERS 39 rue Saint Lazare \n75009 Paris \nTous secteurs d'activit\u00e9 02/06/2015 \nHUJE AVOCATS 18 rue \u00e9guier  \n75006 Paris \n 01/04/2023 \nHYSES HYGIENE SECURITE ET \nPROTECTION DE LA SANTE \n2 B, rue Alfred-Nobel \n77420 Champs-sur-Marne \nTous secteurs d'activit\u00e9 29/11/2024 \nIDEFORCE 47-49 avenue Simon Bolivar \n75950 Paris cedex 19 \nChimie \u00e9nergie 15/12/2000 \nIFDSP 16 bis rue Br\u00e9guet \n75011 Paris  \n 06/03/2019 \nIFEAS  7-9 rue Euryale Dehaynin \n79019 Paris \nM\u00e9tallurgie, a\u00e9ronautique, automobile, construction, \nbijouterie joaillerie, jouet, informatique \n07/05/1985 \nIFIS 15 rue Rieux \n92517 Boulogne-Billancourt cedex \nIndustrie pharmaceutique et industries connexes  24/07/2008 \nIFOREP D\u00e9partement formation \n8 rue de Rosny - BP 149  \n93104 Montreuil Cedex \n  22/02/1988 \nINES LADJALI \nMANAGEMENT AND CO \n40 rue Marat \n94200 Ivry-sur-Seine \nTous secteurs d'activit\u00e9 03/04/2024 \nINGENIUM CONSULTANT \n\u00ab OSEZ VOS DROITS \u00bb \n3, Vieille route de Meulan \n78250 Tessancourt sur Aubette \n 14/03/2018 \nINSTITUT ARTIS 3 rue du pont des halles \n94150 Rungis \nTransports 28/10/2003 \nINTEGRAL FORMATION 1 bis boulevard Cotte \n95880 Enghien-les-Bains \nTous secteurs d'activit\u00e9 03/04/2024 \nIPSO FACTO EXPERTISE 4, rue de la pierre lev\u00e9e \n75011 Paris \nSecteur bancaire et financier et branches \nprofessionnelles associ\u00e9es \nInformatique et soci\u00e9t\u00e9s de service \n23/02/2024 \nIREFE (Institut R\u00e9gional d'Etudes \nFormation Expert) \n78, rue de Crim\u00e9e \n75019 Paris \nTous secteurs d'activit\u00e9 14/03/1985 \nIRFSS ILE DE FRANCE (CROIX \nROUGE FRAN\u00c7AISE) \n120 avenue Gaston Roussel \n93230 Romainville \nTous secteurs d'activit\u00e9 23/09/2014 \nDirection r\u00e9gionale et interd\u00e9partementale de l'\u00e9conomie, de l'emploi, du travail et des solidarit\u00e9s d'\u00cele-de-France -\nIDF-2025-07-22-00004 - Arr\u00eat\u00e9 du 22 juillet 2025 portant agr\u00e9ment d'organismes pour la formation des membres de la d\u00e9l\u00e9gation du\npersonnel au comit\u00e9 social et \u00e9conomique, en mati\u00e8re de sant\u00e9, s\u00e9curit\u00e9 et conditions de travail\n37\nD\u00c9NOMINATION ADRESSE SECTEUR D'INTERVENTION \n(\u00e0 titre indicatif) DATE D'AGR\u00c9MENT \nITHAQUE DEVELOPPEMENT 33 rue de la Butte aux Bergers \n95470 Saint Witz \nRestauration, propret\u00e9 industrielle, industrie du luxe, \nt\u00e9l\u00e9phonie, fournitures bureaux/logistique \n21/07/2009 \nJDS AVOCATS 17, rue de l'ind\u00e9pendance \n93000 Bobigny \nTous secteurs d'activit\u00e9 03/02/2025 \nJECF JURI-EXPERT CONSEILS & \nFORMATIONS \n14 rue Beaunier \n75014 Paris \nB\u00e2timent et travaux publics, industrie, tertiaire, \ntransports, administration publique, m\u00e9dia \u00e9ditions, \n\u00e9tudes et conseils, ing\u00e9nierie, num\u00e9rique, hospitalier, \naction sociale, t\u00e9l\u00e9communication, distribution, \nh\u00f4tellerie, poste et t\u00e9l\u00e9communication\u2026 \n24/11/2021 \nJPC CONSEIL 20 rue des Lyanes \n75020 Paris \n 27/10/2020 \nKEYS TO ADVANCE (K2A) 40 rue de Montmorency \n75003 Paris \nTous secteurs d'activit\u00e9 18/03/2015 \nLA BOUSSOLE 41 rue du G\u00e9n\u00e9ral de Gaulle \n78120 Rambouillet \n\u00c9conomie sociale et solidaire, travail social, formation \ncontinue, \u00e9ducation, jeunesse, culture, associatif \n24/11/2021 \nLAERA  13, Cours du Danube \n77700 Serris \nTous secteurs d'activit\u00e9 08/01/2024 \nLA FAABRICK CHERDET 11 rue Jules Vall\u00e8s  \n78280 Guyancourt \nServices, portage salarial 27/10/2020 \nLAMY LIAISONS 7, rue Emmy Noether \n93400 Saint-Ouen \nTous secteurs d'activit\u00e9 22/01/2015 \nL'ATELIER DE FORMATION 4 rue Th\u00e9ophraste Renaudot \n75015 Paris \n 13/07/2016 \nLEFEBVRE DALLOZ \nCOMPETENCES \n56 bis rue de Ch\u00e2teaudun \n75009 Paris \n 28/10/2003 \nLE FRENE 28 rue de Tr\u00e9vise \n75009 Paris \nTertiaire, transport, m\u00e9dico-social, humanitaire 25/05/1987 \nLHP FORMATION 52, rue d'Aguessau \nCS 30199 \n92774 Boulogne-Billancourt Cedex \nTous secteurs d'activit\u00e9 23/02/2024 \nLIRIA 413 boulevard des Provinces Fran\u00e7aises \n92000 Nanterre \n 27/10/2020 \nLISE MATTIO 17 rue de la Procession \n75015 Paris \n 23/09/2014 \nDirection r\u00e9gionale et interd\u00e9partementale de l'\u00e9conomie, de l'emploi, du travail et des solidarit\u00e9s d'\u00cele-de-France -\nIDF-2025-07-22-00004 - Arr\u00eat\u00e9 du 22 juillet 2025 portant agr\u00e9ment d'organismes pour la formation des membres de la d\u00e9l\u00e9gation du\npersonnel au comit\u00e9 social et \u00e9conomique, en mati\u00e8re de sant\u00e9, s\u00e9curit\u00e9 et conditions de travail\n38\nD\u00c9NOMINATION ADRESSE SECTEUR D'INTERVENTION \n(\u00e0 titre indicatif) DATE D'AGR\u00c9MENT \nM & A FORMATIONS - CABINET \nMEZIANI & ASSOCIES \n9 boulevard Morland \n75004 Paris \n 24/11/2021 \nM. ALAIN CHENAUX - \nNEGOSOCIAL \n16 rue de l'Inspecteur Alles \n 75019 Paris \n 7/6/2022 \nM. MOHAMMED AXEL KEBIR \nAVOCAT \n35 rue de Berne \n75008 Paris \n 07/06/2022 \nM. FREDDY VALLERANT FV Formation \n21, rue Br\u00e9guet \n75011 Paris \n 23/06/2020 \nM2I SCRIBTEL 146-148 rue de Picpus \n75012 Paris \n 03/11/2017 \nMF MASTER FORMATIONS \nCENTRE EUROPEEN DE \nFORMATIONS \n1 rue de Stockholm \n75008 Paris \nTous secteurs d'activit\u00e9 02/05/2013 \nMICHELLE ROUSSEAU \nERGO COACHING \n16, chemin des Beaumonts \n94440 Villecresnes \nTous secteurs d'activit\u00e9 23/02/2024 \nMILOPRA FORMATION 1, rue de Stockholm \n75008 Paris \nTous secteurs d'activit\u00e9 03/02/2025 \nMON CARR\u00c9 VERT 39 rue de la Fontaine du Gu\u00e9 \n95170 Deuil-la-Barre \n 13/07/2016 \nMUTUAL FORMATION 12 rue des Dunes \n75019 Paris \nJouets et articles de pu\u00e9riculture, joaillerie / bijouterie, \nservices de l'automobile, m\u00e9tallurgie \n02/05/2013 \nNANSHE EXPERTISE 16 boulevard Saint Germain \nCS 70514  \n75237 Paris Cedex 05 \n 03/11/2017 \nNEOPRO 3, rue Sacrot \n94160 Saint-Mand\u00e9 \nTous secteurs d'activit\u00e9 03/02/2025 \nNG SANTE & SECURITE \nMME NOEMIE GHERBI \n52 rue Cornillon \n77100 Meaux \n 20/12/2022 \nNOUVELLE HEURE 13 bis rue Philippe de Girard \n75010 Paris \n 4/6/2021 \nOPERATIONS PREVENTION 23, All\u00e9e du Muguet \n93470 Coubron \nTous secteurs d'activit\u00e9 08/01/2024 \nDirection r\u00e9gionale et interd\u00e9partementale de l'\u00e9conomie, de l'emploi, du travail et des solidarit\u00e9s d'\u00cele-de-France -\nIDF-2025-07-22-00004 - Arr\u00eat\u00e9 du 22 juillet 2025 portant agr\u00e9ment d'organismes pour la formation des membres de la d\u00e9l\u00e9gation du\npersonnel au comit\u00e9 social et \u00e9conomique, en mati\u00e8re de sant\u00e9, s\u00e9curit\u00e9 et conditions de travail\n39\nD\u00c9NOMINATION ADRESSE SECTEUR D'INTERVENTION \n(\u00e0 titre indicatif) DATE D'AGR\u00c9MENT \nOPPBTP 25 avenue du G\u00e9n\u00e9ral Leclerc  \n92660 Boulogne-Billancourt  \nBTP 21/06/1999 \nORSYS GROUPE La Grande Arche \u2013 paroi Nord \n92044 Paris La D\u00e9fense \n 27/10/2020 \nPACTES CONSEILS 7 rue Commines \n75003 Paris \n 27/10/2020 \nPGPS 34, rue Stephenson \n75018 Paris \nTous secteurs d'activit\u00e9 08/01/2024 \nPLEIN SENS 5 rue Jules Vall\u00e8s \n75011 Paris \n 22/12/2016 \nPRERISK FORMATION 17 bis vieux chemin Gournay \n93160 Noisy-le-Grand \n 24/11/2021 \nPR\u00c9V'IT FORMATION \nMME MARIE BERA \n1 impasse des carpeaux \n94520 P\u00e9rigny \n 27/10/2020 \nPREVALSIA 26, avenue de la providence \n92160 Antony \nTous secteurs d'activit\u00e9 29/11/2024 \nPR\u00c9VENTECH FORMATION 4 cit\u00e9 Paradis \n75010 Paris \n 19/01/2016 \nPRO-ETUDES 4, rue Louis-Bl\u00e9riot \n78130 Les Mureaux \nTous secteurs d'activit\u00e9 18/09/2023 \nPROGEXA 70 rue d'Hautpoul \n75019 Paris  \nIndustrie agro-alimentaire, \u00e9nergie, commerce, \ntransports \n23/06/2020 \nPROMETEA 21 bis rue du Champ de l'alouette \n75013 Paris \n 11/07/2023 \nPROXIMA CD  73 boulevard de Lorraine \n95240 Cormeilles en Parisis \nSecteur industriel 03/11/2006 \nQUALICONSULT 1 bis rue du petit Clamart \nZone V\u00e9lizy Plus, b\u00e2t. E \n78140 V\u00e9lizy Villacoublay \nTous secteurs d'activit\u00e9 23/09/2014 \nREOR 50 rue Alphonse Melun \n94230 Cachan \nSecteur public, tertiaire, industriel 17/10/2000 \nRES-EUROCONSEIL 5 villa Marthe \n92000 Nanterre \n 22/12/2016 \nDirection r\u00e9gionale et interd\u00e9partementale de l'\u00e9conomie, de l'emploi, du travail et des solidarit\u00e9s d'\u00cele-de-France -\nIDF-2025-07-22-00004 - Arr\u00eat\u00e9 du 22 juillet 2025 portant agr\u00e9ment d'organismes pour la formation des membres de la d\u00e9l\u00e9gation du\npersonnel au comit\u00e9 social et \u00e9conomique, en mati\u00e8re de sant\u00e9, s\u00e9curit\u00e9 et conditions de travail\n40\nD\u00c9NOMINATION ADRESSE SECTEUR D'INTERVENTION \n(\u00e0 titre indicatif) DATE D'AGR\u00c9MENT \nSA FORMATION SOUMIA AZIRIA 69, rue de la Glaci\u00e8re \n75013 Paris \nTous secteurs d'activit\u00e9 01/2024 \nSECAFI  20 rue Martin Bernard \n75647 Paris cedex 13 \nIndustrie, chimie, transports, presse, collectivit\u00e9s \nterritoriales, sant\u00e9, banque \n28/09/2012 \nS\u00c9CURIT\u00c9 PREMIUM FORMATION 2 rue du Pr\u00e9 des Aulnes \n77340 Pontault-Combault \n 24/11/2021 \nSECURYGREEN 1 rue de Rome \n77144 Montevrain \n 03/04/2024 \nSEDAFOR 15 rue des Mongazons \n78200 Magnanville \nTous secteurs sauf secteur public 20/07/2005 \nSEXTANT EXPERTISE 8 rue Bernard Buffet \n75017 Paris \n 23/06/2020 \nSGS INTERNATIONAL \nCERTIFICATION SERVICES (SGS \nICS) \n29 avenue Aristide Briand \n94111 Arcueil  \n 03/11/2017 \nSHARE FORMATION 1 rue du Brochet \n78711 Mantes-la-Ville \n 4/6/2021 \nSI2P ACMO PARC \n10 avenue R\u00e9aumur \n92140 Clamart \nIndustrie, tertiaire, transport, institutionnel 29/12/2008 \nSICOGE  5 rue de Provence \n75009 Paris \nIndustrie, tertiaire (grande distribution) 14/03/1985 \nSMC \u2013 SOCIAL MANAGEMENT ET \nCONSULTING \n32-36 rue de Bellevue \n92100 Boulogne-Billancourt \n 20/12/2022 \nSOCIALCONSEIL SCOP 7 place Ovale \nBP 6 \n94231 Cachan cedex \n  16/07/2001 \nSOCIAL ENTREPRISES \nINSTITUT SUPERIEUR DU TRAVAIL \n12, rue Edmond-Valentin \n75007 Paris \nTous secteurs d'activit\u00e9 29/11/2024 \nSOCOTEC Les Quadrants \n3 avenue du Centre \n78182 Saint Quentin en Yvelines \nB\u00e2timent, industrie, tertiaire 07/05/1985 \nSYNDEX 22 rue Pajol \n75018 Paris \n  23/11/2013 \nDirection r\u00e9gionale et interd\u00e9partementale de l'\u00e9conomie, de l'emploi, du travail et des solidarit\u00e9s d'\u00cele-de-France -\nIDF-2025-07-22-00004 - Arr\u00eat\u00e9 du 22 juillet 2025 portant agr\u00e9ment d'organismes pour la formation des membres de la d\u00e9l\u00e9gation du\npersonnel au comit\u00e9 social et \u00e9conomique, en mati\u00e8re de sant\u00e9, s\u00e9curit\u00e9 et conditions de travail\n41\nD\u00c9NOMINATION ADRESSE SECTEUR D'INTERVENTION \n(\u00e0 titre indicatif) DATE D'AGR\u00c9MENT \nTACK TMI \n(ex AXXI FORMATION) \nTour Emblem \n7 All\u00e9e de l'Arche \n92 400 Courbevoie \nTous secteurs d'activit\u00e9 29/11/2024 \nTANDEM CONSEIL ET FORMATION 38 rue Br\u00e9guet \n75011 Paris \n 23/06/2020 \nTECHNOLOGIA 29, rue du Louvre \n75002 Paris \nTous secteurs d'activit\u00e9 15/12/2000 \nTREOS CONSULTING \nMME CHRISTEL MONAR \n11 B rue de Noailles \n78100 Saint Germain en Laye \nSecteur tertiaire et industriel 02/05/2013 \nVIVALIANS 5 rue des Cerisiers \n91090 Lisses \n 20/12/2022 \nWILLIS TOWERS WATSON \nFRANCE \nImmeuble Quai 33 \n33 quai de Dion-Bouton \n92814 Puteaux Cedex \nFonction publique territoriale 11/07/2023 \n \n \nConform\u00e9ment \u00e0 la loi n\u00b0 78/17 du 6 janvier 1978 relative \u00e0 l'informatique, aux fichiers et aux libert\u00e9s, vous disposez d'un droit d'acc\u00e8s, de modification \net de suppression des donn\u00e9es, que vous pouvez exercer aupr\u00e8s de la DRIEETS IDF (coordonn\u00e9es ci-dessous) \nDirection r\u00e9gionale et interd\u00e9partementale de l'\u00e9conomie, de l'emploi, du travail et des solidarit\u00e9s d'\u00cele-de-France -\nIDF-2025-07-22-00004 - Arr\u00eat\u00e9 du 22 juillet 2025 portant agr\u00e9ment d'organismes pour la formation des membres de la d\u00e9l\u00e9gation du\npersonnel au comit\u00e9 social et \u00e9conomique, en mati\u00e8re de sant\u00e9, s\u00e9curit\u00e9 et conditions de travail\n42\nDirection r\u00e9gionale et interd\u00e9partementale de\nl'h\u00e9bergement et du logement\nIDF-2025-07-22-00005\nArr\u00eat\u00e9 portant agr\u00e9ment de l'association\nEmpreintes au titre de l'ILGLS\nDirection r\u00e9gionale et interd\u00e9partementale de l'h\u00e9bergement et du logement - IDF-2025-07-22-00005 - Arr\u00eat\u00e9 portant agr\u00e9ment de\nl'association Empreintes au titre de l'ILGLS 43\nEiPREFETDE LA REGIOND'\u00ceLE-DE-FRANCELibert\u00e9Egalit\u00e9Fraternit\u00e9\nArr\u00eat\u00e9 n\u00b0\nportant agr\u00e9ment\nde l'association EMPREINTES\nau titre de l'interm\u00e9diation locative et gestion locative sociale\nLe Pr\u00e9fet de la R\u00e9gion \u00cele-de-France, pr\u00e9fet de Paris\nGrand Officier de la L\u00e9gion d'Honneur,\nOfficier de l'ordre national du m\u00e9rite\nVU la loi n\u00b0 2009-323 du 25 mars 2009 de mobilisation pour le logement et la lutte\ncontre l'exclusion\nVU  le  d\u00e9cret  n\u00b0  2009-1684  du  30  d\u00e9cembre  2009  relatif  aux  agr\u00e9ments  des\norganismes exer\u00e7ant des activit\u00e9s en faveur du logement et de l'h\u00e9bergement des\npersonnes d\u00e9favoris\u00e9es\nVU  la circulaire du 18 janvier 2010 relative aux relations entre les pouvoirs publics\net les associations\u00a0: conventions d'objectifs et simplification des d\u00e9marches relatives\naux proc\u00e9dures d'agr\u00e9ment\nVU  la  circulaire  du  6  septembre  2010  relative  aux  agr\u00e9ments  des  organismes\nagissant en faveur du logement et de l'h\u00e9bergement des personnes d\u00e9favoris\u00e9es\nVU  l'arr\u00eat\u00e9  n\u00b0  IDF-2023-10-02-00010  en  date  du  02  octobre  2023  portant\nd\u00e9l\u00e9gation  de  signature  \u00e0  Monsieur  Laurent  BRESSON,  Directeur  r\u00e9gional  et\ninterd\u00e9partemental  de  l'h\u00e9bergement  et  du  logement  \u00cele-de-France,  en  mati\u00e8re\nadministrative\nVU  la demande d'agr\u00e9ment d\u00e9pos\u00e9e par l'association EMPREINTES le 20/01/2025,\naupr\u00e8s du Pr\u00e9fet de r\u00e9gion, en vue d'exercer les activit\u00e9s suivantes, vis\u00e9es \u00e0 l'article R\n365-1-3 a) et c) du code la construction et de l'habitation\u00a0:\nT\u00e9l : 01 82 52 48 96\nLe Ponant, 5 rue Leblanc, 75015 Paris\nwww.drihl.ile-de-france.developpement-durable.gouv.fr 1\nDirection r\u00e9gionale et interd\u00e9partementale de l'h\u00e9bergement et du logement - IDF-2025-07-22-00005 - Arr\u00eat\u00e9 portant agr\u00e9ment de\nl'association Empreintes au titre de l'ILGLS 44\n\uf02d Location de logements aupr\u00e8s d'organismes agr\u00e9\u00e9s au titre de l'article L\n365-2 ou d'organismes d'habitation \u00e0 loyer mod\u00e9r\u00e9 en vue de leur sous-location \u00e0 des\npersonnes d\u00e9favoris\u00e9es dans les conditions pr\u00e9vues par l'article L 442-8-1\n\uf02d Location  de  logements  \u00e0  des  bailleurs  autres  que  les  organismes\nd'habitations \u00e0 loyer mod\u00e9r\u00e9 en vue de les sous-louer \u00e0 des personnes d\u00e9favoris\u00e9es\ndans les conditions pr\u00e9vues aux articles L.321-10, L.323-10-1 et L.353-20.\n\uf02d Location de logements en vue de l'h\u00e9bergement de personnes d\u00e9favoris\u00e9es\ndans les conditions de l'article L.851-1 du code de la s\u00e9curit\u00e9 sociale.\n\uf02d Location aupr\u00e8s d'un organisme d'habitations \u00e0 loyer mod\u00e9r\u00e9 d'un h\u00f4tel\ndestin\u00e9 \u00e0 l'h\u00e9bergement mentionn\u00e9 au 8\u00b0 de l'article L.421-1, au 11\u00e8me\n ali\u00e9na de l'article\nL.422-2, au 6\u00b0 de l'article L.422-3.\n\uf02d Location aupr\u00e8s d'un organisme agr\u00e9\u00e9 au titre de l'article L.365-2 destin\u00e9 \u00e0\nl'h\u00e9bergement.\n\uf02d La gestion de r\u00e9sidences sociales mentionn\u00e9es \u00e0 l'article R.353-165-1\nCONSID\u00c9RANT  la capacit\u00e9 de  l'association EMPREINTES   \u00e0 exercer les activit\u00e9s\nobjet  du  pr\u00e9sent  agr\u00e9ment,  compte  tenu  de  ses  statuts,  ses  comp\u00e9tences,  des\nmoyens dont elle dispose dans les d\u00e9partements de la Seine-et-Marne, de la Seine-\nSaint-Denis et de l'Essonne ainsi que du soutien de la F\u00e9d\u00e9ration SANT\u00c9 HABITAT \u00e0\nlaquelle elle adh\u00e8re,\nARRETE\nArticle  1er\nL'agr\u00e9ment  au  titre  de  l'interm\u00e9diation  locative  et  gestion  locative  sociale  est\naccord\u00e9 \u00e0 l'association EMPREINTES pour les activit\u00e9s suivantes, vis\u00e9es \u00e0 l'article R\n365-1-3  a) et c) du code la construction et de l'habitation\u00a0:\n\uf02d Location de logements aupr\u00e8s d'organismes agr\u00e9\u00e9s au titre de l'article L\n365-2 ou d'organismes d'habitation \u00e0 loyer mod\u00e9r\u00e9 en vue de leur sous-location \u00e0 des\npersonnes d\u00e9favoris\u00e9es dans les conditions pr\u00e9vues par l'article L 442-8-1\n\uf02d Location  de  logements  \u00e0  des  bailleurs  autres  que  les  organismes\nd'habitations \u00e0 loyer mod\u00e9r\u00e9 en vue de les sous-louer \u00e0 des personnes d\u00e9favoris\u00e9es\ndans les conditions pr\u00e9vues aux articles L.321-10, L.323-10-1 et L.353-20.\n\uf02d Location de logements en vue de l'h\u00e9bergement de personnes d\u00e9favoris\u00e9es\ndans les conditions de l'article L.851-1 du code de la s\u00e9curit\u00e9 sociale.\nT\u00e9l : 01 82 52 48 96\nLe Ponant, 5 rue Leblanc, 75015 Paris\nwww.drihl.ile-de-france.developpement-durable.gouv.fr 2\nDirection r\u00e9gionale et interd\u00e9partementale de l'h\u00e9bergement et du logement - IDF-2025-07-22-00005 - Arr\u00eat\u00e9 portant agr\u00e9ment de\nl'association Empreintes au titre de l'ILGLS 45\n\uf02d Location aupr\u00e8s d'un organisme d'habitations \u00e0 loyer mod\u00e9r\u00e9 d'un h\u00f4tel\ndestin\u00e9 \u00e0 l'h\u00e9bergement mentionn\u00e9 au 8\u00b0 de l'article L.421-1, au 11\u00e8me\n ali\u00e9na de l'article\nL.422-2, au 6\u00b0 de l'article L.422-3.\n\uf02d Location aupr\u00e8s d'un organisme agr\u00e9\u00e9 au titre de l'article L.365-2 destin\u00e9 \u00e0\nl'h\u00e9bergement.\n\uf02d La gestion de r\u00e9sidences sociales mentionn\u00e9es \u00e0 l'article R.353-165-1\nArticle  2\nL'association EMPREINTES est agr\u00e9\u00e9e pour l'exercice des activit\u00e9s mentionn\u00e9es \u00e0\nl'article 1 dans le territoire des d\u00e9partements de la Seine-et-Marne, de la Seine-Saint-\nDenis et de l'Essonne.\nArticle 3\nCet agr\u00e9ment est d\u00e9livr\u00e9 pour une dur\u00e9e de cinq ans renouvelable. Il prend effet \u00e0\npartir de la date de signature du pr\u00e9sent arr\u00eat\u00e9.\nArticle 4\nL'association EMPREINTES est tenue d'adresser annuellement au Pr\u00e9fet de R\u00e9gion un\ncompte-rendu  de  l'activit\u00e9,  objet  du  pr\u00e9sent  agr\u00e9ment,  ainsi  que  ses  comptes\nfinanciers, conform\u00e9ment \u00e0 l'article R 365-7 du CCH. Elle doit \u00e9galement lui notifier\ntoute modification statutaire.\nLe  Pr\u00e9fet  de R\u00e9gion peut  \u00e0  tout  moment  contr\u00f4ler les  conditions d'exercice  de\nl'activit\u00e9 de l'organisme.\nArticle 5\nLe pr\u00e9sent agr\u00e9ment peut \u00eatre retir\u00e9 \u00e0 tout moment par le Pr\u00e9fet de r\u00e9gion, si les\nconditions de d\u00e9livrance de l'agr\u00e9ment ne sont plus satisfaites ou s'il est constat\u00e9 un\nmanquement grave et r\u00e9p\u00e9t\u00e9 aux obligations de l'organisme. Ce retrait ne pourra\n\u00eatre  prononc\u00e9  qu'apr\u00e8s  avoir  mis  les  dirigeants  de  l'organisme  en  mesure  de\npr\u00e9senter leurs observations.\nArticle 6\nLe pr\u00e9sent arr\u00eat\u00e9 peut faire l'objet d'un recours gracieux devant le Pr\u00e9fet de r\u00e9gion.\nT\u00e9l : 01 82 52 48 96\nLe Ponant, 5 rue Leblanc, 75015 Paris\nwww.drihl.ile-de-france.developpement-durable.gouv.fr 3\nDirection r\u00e9gionale et interd\u00e9partementale de l'h\u00e9bergement et du logement - IDF-2025-07-22-00005 - Arr\u00eat\u00e9 portant agr\u00e9ment de\nl'association Empreintes au titre de l'ILGLS 46\nIl peut \u00e9galement faire l'objet d'un recours hi\u00e9rarchique devant l'autorit\u00e9 sup\u00e9rieure\nde l'auteur du pr\u00e9sent arr\u00eat\u00e9, la Ministre aupr\u00e8s du Ministre de l'Am\u00e9nagement du\nterritoire et de la D\u00e9centralisation, charg\u00e9e du Logement.\nIl peut aussi faire l'objet d'un recours contentieux devant le tribunal administratif de\nParis, 7 , rue de Jouy, 75004 Paris, dans un d\u00e9lai de deux mois \u00e0 compter de la date de\npublication au recueil des actes administratifs. Dans ce cas, le pr\u00e9sent arr\u00eat\u00e9 doit\n\u00eatre joint au recours contentieux.\nArticle 7\nLe  Directeur r\u00e9gional et interd\u00e9partemental de l'h\u00e9bergement et du logement \u00cele-\nde-France est charg\u00e9 de l'ex\u00e9cution du pr\u00e9sent arr\u00eat\u00e9.\nLe pr\u00e9sent arr\u00eat\u00e9 sera publi\u00e9 au recueil des actes administratifs.\nUne copie du pr\u00e9sent arr\u00eat\u00e9 sera adress\u00e9e aux pr\u00e9fets  de la Seine-et-Marne, de la\nSeine-Saint-Denis et de l'Essonne.\n \nParis, le 22/07/2025\nPour le Pr\u00e9fet de la R\u00e9gion d'\u00cele-de-France,\n      Pr\u00e9fet de Paris et par d\u00e9l\u00e9gation, \n               \nLe Directeur R\u00e9gional Interd\u00e9partemental\n        de l'H\u00e9bergement et du Logement\n                                              \n                                                       \nSign\u00e9\n                                                                 \nLaurent BRESSON\nT\u00e9l : 01 82 52 48 96\nLe Ponant, 5 rue Leblanc, 75015 Paris\nwww.drihl.ile-de-france.developpement-durable.gouv.fr 4\nDirection r\u00e9gionale et interd\u00e9partementale de l'h\u00e9bergement et du logement - IDF-2025-07-22-00005 - Arr\u00eat\u00e9 portant agr\u00e9ment de\nl'association Empreintes au titre de l'ILGLS 47","date":"2025-07-23","first_seen_on":"2025-07-23T16:47:41+00:00","id":"d86ae3e38168b25e06b50ba34e4f117d6fea3a4bb97d3cf70290bf3d2c02bd66","name":"recueil-idf-041-2025-07-RAA-nominatifs du 23.07.2025","pdf_creation_date":"2025-07-23T15:17:17+00:00","pdf_modification_date":null,"timezone":"Europe/Paris","url":"https://www.prefectures-regions.gouv.fr/ile-de-france/irecontenu/telechargement/129741/955042/file/recueil-idf-041-2025-07-RAA-nominatifs%20du%2023.07.2025.pdf"}
