{"administration":"pref80","administration_name":"Pr\u00e9fecture de la Somme","content":"PR\u00c9FET\nDE LA SOMME\nRECUEIL DES ACTES\nADMINISTRATIFS SP\u00c9CIAL\nN\u00b02026-005\nPUBLI\u00c9 LE  6 JANVIER 2026\nSommaire\nDirection des Douanes /\n80-2026-01-02-00001 - Arr\u00eat\u00e9 portant fermeture d\u00e9finitive d'un\nd\u00e9bit de tabac ordinaire permanent - Toutencourt (1 page) Page 3\nPr\u00e9fecture de la zone de d\u00e9fense et de s\u00e9curit\u00e9 du Nord /\n80-2026-01-06-00001 - Arr\u00eat\u00e9 zonal n\u00b02-06/01/2026 portant\nr\u00e9glementation de la circulation routi\u00e8re (2 pages) Page 5\n2\nDirection des Douanes\n80-2026-01-02-00001\nArr\u00eat\u00e9 portant fermeture d\u00e9finitive d'un d\u00e9bit\nde tabac ordinaire permanent - Toutencourt\nDirection des Douanes - 80-2026-01-02-00001 - Arr\u00eat\u00e9 portant fermeture d\u00e9finitive d'un d\u00e9bit de tabac ordinaire permanent -\nToutencourt 3\n||REPUBLIQUEFRANCAISELibert\u00e9Egalit\u00e9Fraternit\u00e9\nDIRECTION REGIONALE DES DOUANES D'AMIENSArr\u00eat\u00e9 portant fermeture d\u00e9finitive d'un d\u00e9bit de tabac ordinaire permanentVu l'article 8 du d\u00e9cret n\u00b02010-720 du 28 juin 2010 modifi\u00e9 relatif \u00e0 l'exercice du monopole de lavente au d\u00e9tail des tabacs manufactur\u00e9s,Vu l'article 568 du code g\u00e9n\u00e9ral des imp\u00f4ts et 289\u00a741 de l'annexe II du m\u00eame code,ARR\u00caTEArticle 1\u00b0 : Il est d\u00e9cid\u00e9 la fermeture d\u00e9finitive du d\u00e9bit de tabac ordinaire permanent n\u00b0800776Nsitu\u00e9 1, rue de la Chauss\u00e9e 80560 TOUTENCOURT, \u00e0 compter du 19/12/2025. :Une information sera effectu\u00e9e aupr\u00e8s de la F\u00e9d\u00e9ration d\u00e9partementale des d\u00e9bitants de tabac de laSomme.Article 2 : Le pr\u00e9sent arr\u00e9t\u00e9 sera publi\u00e9 au recueil des actes administratifs de la pr\u00e9fecture de laSomme.N\u00b0VJ/2026/001Fait \u00e0 Amiens, le 2 janvier 2026\nLe directeur interr\u00e9gional desdouanes et des droits indirects desHauts de France\npar d\u00e9l\u00e9gation\nDirection des Douanes - 80-2026-01-02-00001 - Arr\u00eat\u00e9 portant fermeture d\u00e9finitive d'un d\u00e9bit de tabac ordinaire permanent -\nToutencourt 4\nPr\u00e9fecture de la zone de d\u00e9fense et de s\u00e9curit\u00e9\ndu Nord\n80-2026-01-06-00001\nArr\u00eat\u00e9 zonal n\u00b02-06/01/2026 portant\nr\u00e9glementation de la circulation routi\u00e8re\nPr\u00e9fecture de la zone de d\u00e9fense et de s\u00e9curit\u00e9 du Nord - 80-2026-01-06-00001 - Arr\u00eat\u00e9 zonal n\u00b02-06/01/2026 portant r\u00e9glementation\nde la circulation routi\u00e8re 5\n|\u00c0Libert\u00e9 + Egalit\u00e9 + Fraternit\u00e9R\u00c9PUBLIQUE FRAN\u00c7AISE\nPR\u00c9FET DE ZONE DE DEFENSEET DE SECURITE NORDArr\u00eat\u00e9 zonal n\u00b0 2-06/01/2026 portant r\u00e9glementation de la circulation routi\u00e8re\nLe Pr\u00e9fet de zone de d\u00e9fense et de s\u00e9curit\u00e9 NordLe Pr\u00e9fet de la r\u00e9gion Hauts-de-FrancePr\u00e9fet du Nordchevalier de la L\u00e9gion d'honneurofficier de l'Ordre national du M\u00e9rite\nVu le code de la route ;Vu le code de la voirie routi\u00e8re ;Vu le code g\u00e9n\u00e9ral des collectivit\u00e9s territoriales ;Vu le code de la d\u00e9fense ;Vu le code p\u00e9nal ;Vu le code de la s\u00e9curit\u00e9 int\u00e9rieure ;Vu l'arr\u00eat\u00e9 interminist\u00e9riel du 24 novembre 1967 modifi\u00e9 relatif \u00e0 la signalisation des routes et des autoroutes ;Vu le d\u00e9cret du pr\u00e9sident de la r\u00e9publique du 17 janvier 2024 portant nomination de monsieur BertrandGAUME en qualit\u00e9 de pr\u00e9fet de la r\u00e9gion Hauts-de-France, pr\u00e9fet de la zone de d\u00e9fense et de s\u00e9curit\u00e9 Nord,pr\u00e9fet du Nord ;Vu le d\u00e9cret du 6 novembre 2024 portant nomination de monsieur Vincent LAGOGUEY en qualit\u00e9 de pr\u00e9fetd\u00e9l\u00e9gu\u00e9 pour la d\u00e9fense et la s\u00e9curit\u00e9 aupr\u00e8s du pr\u00e9fet de la r\u00e9gion des Hauts de France, pr\u00e9fet de la zone ded\u00e9fense et de s\u00e9curit\u00e9 Nord, pr\u00e9fet du Nord ;Vu l'arr\u00eat\u00e9 pr\u00e9fectoral du 12 juin 2025 relatif \u00e0 la gestion des \u00e9v\u00e9nements zonaux de circulation routi\u00e8re enzone de d\u00e9fense et de s\u00e9curit\u00e9 Nord ;Vu le bulletin de vigilance neige-verglas concernant les zones de d\u00e9fense Nord et Ouest \u00e9mis par M\u00e9t\u00e9oFrance en date du 6 janvier 2026 \u00e0 6h00 ;Consid\u00e9rant l'am\u00e9lioration des conditions de circulation sur les axes routiers et autoroutiers desd\u00e9partements de la zone de d\u00e9fense d'\u00cele-de-France ;Sur proposition de M. le directeur r\u00e9gional de l'environnement, de l'am\u00e9nagement et du logement des Hauts-de-France ;\nPr\u00e9fecture de la zone de d\u00e9fense et de s\u00e9curit\u00e9 du Nord - 80-2026-01-06-00001 - Arr\u00eat\u00e9 zonal n\u00b02-06/01/2026 portant r\u00e9glementation\nde la circulation routi\u00e8re 6\nARRETE\nArticle 1\u00b0Les dispositions de l'article 1\u00b0 de l'arr\u00eat\u00e9 zonal n\u00b0 3-05/01/2026 interdisant la circulation des v\u00e9hicules etensembles de v\u00e9hicules dont le poids total autoris\u00e9 en charge (PTAC) est sup\u00e9rieur \u00e0 3,5 tonnes dans lesd\u00e9partements de l'Aisne, de |'Oise et de la Somme sur :+ l'autoroute A16, dans le sens Nord-Sud, depuis la jonction A16/A29 ;+ l'autoroute A1, dans le sens Nord-Sud, depuis la jonction A1/A29 :* la route nationale N2, dans le sens Nord-Sud, depuis la jonction N2/A26.sont abrog\u00e9es d\u00e8s la signature du pr\u00e9sent arr\u00eat\u00e9.Article 2Les pr\u00e9fets des d\u00e9partements du Nord, du Pas-de-Calais, de l'Aisne, de l'Oise et de la Somme, lescommandants des groupements de gendarmerie d\u00e9partementaux de l'Aisne, du Nord, de l'Oise, du Pas-de-Calais et de la Somme, le directeur zonal des CRS, les directeurs de la DIR Nord, de la DIR Nord-Ouest etde SANEF sont charg\u00e9s, chacun en ce qui le concerne, de l'ex\u00e9cution du pr\u00e9sent arr\u00eat\u00e9.Article 3Le pr\u00e9sent arr\u00eat\u00e9 sera publi\u00e9 au recueil des actes administratifs de chacun des d\u00e9partements concern\u00e9s etcopie en sera adress\u00e9e aux services mentionn\u00e9s \u00e0 l'article 2.\nFait \u00e0 Lille, le 6 janvier 2026 \u00e0 15h30\nPour le pr\u00e9fet de zone et par d\u00e9l\u00e9gation,Le pr\u00e9fet d\u00e9l\u00e9gu\u00e9 pour la d\u00e9fense et la s\u00e9curit\u00e9TT?VinceyAGOG Y\nConform\u00e9ment aux dispositions des articles R 421.-1 et R 421-5 du code de justice administrative, la pr\u00e9sente d\u00e9cision peut faire l'objet d'un recourscontentieux devant le tribunal administratif dans le d\u00e9lai de 2 mois \u00e0 compter de sa publication. Le tribun\u00e9 administratif peut \u00eatre saisi par l'applicationT\u00e9l\u00e9recours citoyen accessible sur le site www.telerecours.fr\nPr\u00e9fecture de la zone de d\u00e9fense et de s\u00e9curit\u00e9 du Nord - 80-2026-01-06-00001 - Arr\u00eat\u00e9 zonal n\u00b02-06/01/2026 portant r\u00e9glementation\nde la circulation routi\u00e8re 7","date":"2026-01-06","first_seen_on":"2026-01-06T15:54:48+00:00","id":"d8ac248257b508a7914a569f1c3f19c4158fff90a839a56b70f120606d0b5b5f","name":"RAA n\u00b05 sp\u00e9cial du 6 janvier 2026","pdf_creation_date":"2026-01-06T15:41:57+00:00","pdf_modification_date":null,"timezone":"Europe/Paris","url":"https://www.somme.gouv.fr/contenu/telechargement/54645/359386/file/recueil-2026-005-recueil-des-actes-administratifs-special.pdf"}
