{"administration":"pref83","administration_name":"Pr\u00e9fecture du Var","content":"VAR\nRECUEIL DES ACTES\nADMINISTRATIFS\nN\u00b083-2024-107\nPUBLI\u00c9 LE 16 MAI 2024\nSommaire\nPr\u00e9fecture du VAR / Direction de la citoyennet\u00e9 et de la l\u00e9galit\u00e9\n83-2024-05-14-00004 - Arr\u00eat\u00e9 n\u00b0DCL/BERG/2024/107 du 14 mai 2024\nreconnaissant d\u25a1int\u00e9r\u00eat g\u00e9n\u00e9ral les travaux de mise sous pli de la\npropagande \u00e9lectorale pour les \u00e9lections europ\u00e9ennes du 9 juin 2024 (1\npage) Page 3\n83-2024-05-14-00003 - ARR\u00caT\u00c9 PR\u00c9FECTORAL n\u00b0DCL/BERG/2024/157 du 14\nmai 2024 portant institution de la commission d\u00e9partementale de\nrecensement des votes pour l\u25a1\u00e9lection des repr\u00e9sentants au Parlement\neurop\u00e9en du 9 juin 2024 (2 pages) Page 5\nPr\u00e9fecture du VAR / Direction de la coordination des politiques publiques et\nde l'appui territorial\n83-2024-05-16-00003 - ARR\u00caT\u00c9 PR\u00c9FECTORAL n\u00b0 2024/23/MCI du 16 mai\n2024 portant d\u00e9l\u00e9gation de signature \u00e0                     M. Jean-Paul\nCATANESE,Administrateur de l\u25a1Etat,\nDirecteur d\u00e9partemental des\nFinances publiques des Alpes-Maritimes, (3 pages) Page 8\nPr\u00e9fecture du VAR / Direction des s\u00e9curit\u00e9s\n83-2024-05-16-00001 - Arr\u00eat\u00e9 Pr\u00e9fectoral P\u00e9rim\u00e8tre de Protection - RCT - 02\njuin 2024 (6 pages) Page 12\n2\nPr\u00e9fecture du VAR\n83-2024-05-14-00004\nArr\u00eat\u00e9 n\u00b0DCL/BERG/2024/107 du 14 mai 2024\nreconnaissant d\u25a1int\u00e9r\u00eat g\u00e9n\u00e9ral les travaux de\nmise sous pli de la propagande \u00e9lectorale pour\nles \u00e9lections europ\u00e9ennes du 9 juin 2024\nPr\u00e9fecture du VAR - 83-2024-05-14-00004 - Arr\u00eat\u00e9 n\u00b0DCL/BERG/2024/107 du 14 mai 2024 reconnaissant d\u25a1int\u00e9r\u00eat g\u00e9n\u00e9ral les travaux\nde mise sous pli de la propagande \u00e9lectorale pour les \u00e9lections europ\u00e9ennes du 9 juin 2024 3\n=m\nPREFET\nDU  VAR\nLibert\u00e9\nEgalit\u00e9\nFraternit\u00e9\nDirection de la citoyennet\u00e9 et de la l\u00e9galit\u00e9\nBureau des \u00e9lections et de la r\u00e9glementation g\u00e9n\u00e9rale\nARR\u00caT\u00c9 n\u00b0DCL/BERG/2024/10 7 du 14 mai 2024  \nreconnaissant d'int\u00e9r\u00eat g\u00e9n\u00e9ral\nles travaux de mise sous pli de la propagande \u00e9lectorale\npour les \u00e9lections europ\u00e9ennes du 9 juin 2024\nLe Pr\u00e9fet du Var,\nVu le d\u00e9cret n\u00b0 2024-226 du 12 mars 202 4 portant convocation des \u00e9lecteurs pour l'\u00e9lection\ndes d\u00e9put\u00e9s europ\u00e9ens  ;\nVU le code du travail et notamment ses articles L. 5425-9 et R. 5425-19 ;\nVU le code \u00e9lectoral ; \nVU l'arr\u00eat\u00e9  pr\u00e9fectoral  n\u00b0DCL/BERG/2024/96  du  30  avril  2 024  portant  institution  d'une\ncommission locale de propagande pour l'\u00e9lection des d\u00e9put\u00e9s au parlement europ\u00e9en, le 9 juin\n2024 ;\nSUR proposition du secr\u00e9taire g\u00e9n\u00e9ral de la Pr\u00e9fecture du Var ;\nA R R E T E :\nARTICLE 1 : Sont reconnus d'int\u00e9r\u00eat g\u00e9n\u00e9ral au sens de l'article L. 5425-9 du code du travail, les\ntravaux de mise sous pli de la propagande \u00e9lectorale pour l'\u00e9lection des d\u00e9put\u00e9s europ\u00e9ens le\n9 juin 2024.\nCes travaux seront ex\u00e9cut\u00e9s, sous l'autorit\u00e9 de la commission locale de propagande institu\u00e9e\npar l'arr\u00eat\u00e9 pr\u00e9fectoral susvis\u00e9, et se d\u00e9rouleront selon les modalit\u00e9s pratiques de temps et de\nlieu d\u00e9finies par elle. \nARTICLE  2     :   Le  secr\u00e9taire  g\u00e9n\u00e9ral  de  la  pr\u00e9fecture  et  la  pr\u00e9sidente  de  la  commission  de\npropagande sont charg\u00e9s, chacun en ce qui le concerne, de l'ex\u00e9cution du pr\u00e9sent arr\u00eat\u00e9.\nFait \u00e0 Toulon, le 14 mai 2024\nPour le pr\u00e9fet et par d\u00e9l\u00e9gation,\nle secr\u00e9taire g\u00e9n\u00e9ral\nSign\u00e9 \nLucien GIUDICELLI\nDans un d\u00e9lai de deux mois \u00e0 compter de la date de la notification ou de la publication du pr\u00e9sent arr\u00eat\u00e9 au recueil des actes administratifs de la pr\u00e9fecture, les recours suivants peuvent \u00eatre introduits conform\u00e9ment aux dispositions des articles R. 421-1 et suivants du code de justice administrative :-un recours gracieux, adress\u00e9 \u00e0 :M. le Pr\u00e9fet du Var - Boulevard du 112 \u00e8me r\u00e9giment d'infanterie - CS 31209 - 83070 TOULON CEDEX-un recours hi\u00e9rarchique, adress\u00e9  au(x) ministre(s) concern\u00e9(s) ;Dans ces deux cas, le silence de l'Administration vaut rejet implicite au terme d'un d\u00e9lai de deux mois.Apr\u00e8s un recours gracieux ou hi\u00e9rarchique, le d\u00e9lai du recours contentieux ne court qu'\u00e0 compter du rejet explicite ou implicite de l'un de ces recours.-un recours contentieux, en saisissant le Tribunal Administratif de Toulon : 5 rue Racine -BP 40510 - 83  041 TOULON CEDEX 9Le tribunal administratif peut \u00eatre saisi par l'application informatique \u00ab  T\u00e9l\u00e9cours \u00bb accessible par le site internet www.telecours.fr.\nPr\u00e9fecture du VAR - 83-2024-05-14-00004 - Arr\u00eat\u00e9 n\u00b0DCL/BERG/2024/107 du 14 mai 2024 reconnaissant d\u25a1int\u00e9r\u00eat g\u00e9n\u00e9ral les travaux\nde mise sous pli de la propagande \u00e9lectorale pour les \u00e9lections europ\u00e9ennes du 9 juin 2024 4\nPr\u00e9fecture du VAR\n83-2024-05-14-00003\nARR\u00caT\u00c9 PR\u00c9FECTORAL n\u00b0DCL/BERG/2024/157 du\n14 mai 2024 portant institution de la commission\nd\u00e9partementale de recensement des votes pour\nl\u25a1\u00e9lection des repr\u00e9sentants au Parlement\neurop\u00e9en du 9 juin 2024\nPr\u00e9fecture du VAR - 83-2024-05-14-00003 - ARR\u00caT\u00c9 PR\u00c9FECTORAL n\u00b0DCL/BERG/2024/157 du 14 mai 2024 portant institution de la\ncommission d\u00e9partementale de recensement des votes pour l\u25a1\u00e9lection des repr\u00e9sentants au Parlement europ\u00e9en du 9 juin 2024 5\n=m\nPREFET\nDU  VAR\nLibert\u00e9\nEgalit\u00e9\nFraternit\u00e9\nDirection de la citoyennet\u00e9 et de la l\u00e9galit\u00e9\nBureau des \u00e9lections et de la r\u00e9glementation g\u00e9n\u00e9rale\n \nARR\u00caT\u00c9 PR\u00c9FECTORAL n\u00b0 DCL/BERG/2024/ 157 du 14 mai 2024\nportant institution de la commission d\u00e9partementale de recensement des votes \npour l'\u00e9lection des repr\u00e9sentants au Parlement europ\u00e9en du 9 juin 2024\nLe pr\u00e9fet du Var,\nVu le code \u00e9lectoral et notamment ses articles L. 175 et R. 107  ;  \nVu  la loi n\u00b0  77-729 du  7 juillet  1977 relative \u00e0 l'\u00e9lection des repr\u00e9sentants au  Parlement\neurop\u00e9en modifi\u00e9e par la loi n\u00b0 2018-509 du 25 juin 2018  ;\n \nVu le d\u00e9cret n\u00b0 79-160 du 28 f\u00e9vrier 1979 portant application de la loi n\u00b0 77-729 du 7 juillet\n1977 susvis\u00e9e, modifi\u00e9 par le d\u00e9cret n\u00b0 2018-918 du 26 octobre 2018  ;\nVu le d\u00e9cret n\u00b0 2024-226 du 12 mars 2024  portant convocation des \u00e9lecteurs pour l'\u00e9lection\ndes repr\u00e9sentants au Parlement europ\u00e9en  ;\nVu l'ordonnance du 2 avril 2024 d u premier pr\u00e9sident de la cour d'appel d'Aix-en-Provence\nportant d\u00e9signation de la pr\u00e9sidente et de sa suppl\u00e9ante, de la commission de recensement\ndes votes lors des \u00e9lections des repr\u00e9sentants au Parlement europ\u00e9en du 9 juin 2024 ;\nVu les d\u00e9signations du pr\u00e9sident du conseil d\u00e9partemental du Var  ;\nVu les d\u00e9signations du pr\u00e9fet du Var  ;\nSur proposition du secr\u00e9taire g\u00e9n\u00e9ral de la pr\u00e9fecture du Var,\nA R R \u00ca T E\nARTICLE 1 :\nPour  l'\u00e9lection  des  repr\u00e9sentants  au  Parlement  europ\u00e9en,  une  commission  locale  de\nrecensement des votes, charg\u00e9e de proc\u00e9der aux travaux de v\u00e9rification des op\u00e9rations de\nd\u00e9pouillement de l'ensemble des r\u00e9sultats des communes du d\u00e9partement, est institu\u00e9e \u00e0 la\npr\u00e9fecture du Var \u00e0 Toulon.\nARTICLE 2 : \nLa commision est compos\u00e9e comme suit :  \nPr\u00e9sidente     :  \n\u2022Madame Sylvie MOTTES, pr\u00e9sidente du  tribunal judiciaire de Toulon, titulaire ;\n\u2022Madame   Val\u00e9ryane  LORENZINI,  Vice-pr\u00e9sidente  au  tribunal  judiciaire  de  Toulon,\nsuppl\u00e9ante.\nPr\u00e9fecture du VAR - 83-2024-05-14-00003 - ARR\u00caT\u00c9 PR\u00c9FECTORAL n\u00b0DCL/BERG/2024/157 du 14 mai 2024 portant institution de la\ncommission d\u00e9partementale de recensement des votes pour l\u25a1\u00e9lection des repr\u00e9sentants au Parlement europ\u00e9en du 9 juin 2024 6\nMembres d\u00e9sign\u00e9s par le conseil d\u00e9partemental     :\n\u2022Madame La\u00ebtitia QUILICI, vice-pr\u00e9sidente du conseil d\u00e9partemental du Var, titulaire  ;\n\u2022Monsieur  Francis  ROUX,  Vice  pr\u00e9sident  du  conseiller  d\u00e9partemental  du  Var,\nsuppl\u00e9ant ;\nMembres d\u00e9sign\u00e9s par le pr\u00e9fet     :\n\u2022Monsieur Thibaut DARGON, Directeur de la citoyennet\u00e9 et de la l\u00e9galit\u00e9, pr\u00e9fecture du\nVar, titulaire ;\n\u2022Monsieur  Thibaud  RIVIECCIO,  Chef  du  bureau  des  \u00e9lections  et  le  la  r\u00e9glementation\ng\u00e9n\u00e9rale, pr\u00e9fecture du Var, suppl\u00e9ant  ;\nARTICLE 3 :\nLa commission se r\u00e9unira \u00e0 la Pr\u00e9fecture du Var, salle Georges Clemenceau, le 9 juin 2024 \u00e0\ncompter de 22h heures et jusqu'\u00e0 l'ach\u00e8vement des travaux.\nLes  travaux  de  la  commission  ne  sont  pas  publics  mais  un  repr\u00e9sentant  de  chacun  des\ncandidats,  r\u00e9guli\u00e8rement  mandat\u00e9  pourra  assister  aux  op\u00e9rations  de  la  commission  et\ndemander, \u00e9ventuellement, l'inscription au proc\u00e8s-verbal de ses r\u00e9clamations.\nARTICLE 4 :\nLe secr\u00e9taire g\u00e9n\u00e9ral de la pr\u00e9fecture du Var et la pr\u00e9sidente de la commission locale de\nrecensement sont charg\u00e9s, chacun en ce qui le concerne, de l'ex\u00e9cution du pr\u00e9sent arr\u00eat\u00e9 qui\nsera notifi\u00e9 \u00e0 chaque membre de la commission et publi\u00e9 au recueil des actes administratifs\ndu d\u00e9partement.\nFait \u00e0 Toulon, le 14 mai 2024\nPour le pr\u00e9fet et par d\u00e9l\u00e9gation,\nle secr\u00e9taire g\u00e9n\u00e9ral\nSign\u00e9 \nLucien GIUDICELLI\nDans un d\u00e9lai de deux mois \u00e0 compter de la date de la notification ou de la publication du pr\u00e9sent arr\u00eat\u00e9 au recueil des actes administratifs de la pr\u00e9fecture, les recours suivants peuvent \u00eatre introduits conform\u00e9ment aux dispositions des articles R. 421-1 et suivants du code de justice administrative  :- un recours gracieux, adress\u00e9 \u00e0 :Monsieur le Pr\u00e9fet du Var \u2013 Bd du 112\u00e8me r\u00e9giment d'infanterie- 83070 TOULON CEDEX- un recours hi\u00e9rarchique, adress\u00e9  au(x) ministre(s) concern\u00e9(s) ;Dans ces deux cas, le silence de l'Administration vaut rejet implicite au terme d'un d\u00e9lai de deux mois.Apr\u00e8s un recours gracieux ou hi\u00e9rarchique, le d\u00e9lai du recours contentieux ne court qu'\u00e0 compter du rejet explicite ou implicite de l'un de ces recours.- un recours contentieux, en saisissant le Tribunal Administratif de Toulon  : 5 rue Racine -BP 40510 - 83 041 TOULON CEDEXPr\u00e9fecture du VAR - 83-2024-05-14-00003 - ARR\u00caT\u00c9 PR\u00c9FECTORAL n\u00b0DCL/BERG/2024/157 du 14 mai 2024 portant institution de la\ncommission d\u00e9partementale de recensement des votes pour l\u25a1\u00e9lection des repr\u00e9sentants au Parlement europ\u00e9en du 9 juin 2024 7\nPr\u00e9fecture du VAR\n83-2024-05-16-00003\nARR\u00caT\u00c9 PR\u00c9FECTORAL n\u00b0 2024/23/MCI du 16 mai\n2024 portant d\u00e9l\u00e9gation de signature \u00e0                  \n  M. Jean-Paul CATANESE,Administrateur de\nl\u25a1Etat,\nDirecteur d\u00e9partemental des Finances publiques\ndes Alpes-Maritimes,\nPr\u00e9fecture du VAR - 83-2024-05-16-00003 - ARR\u00caT\u00c9 PR\u00c9FECTORAL n\u00b0 2024/23/MCI du 16 mai 2024 portant d\u00e9l\u00e9gation de signature \u00e0     \n               M. Jean-Paul CATANESE,Administrateur de l\u25a1Etat,\nDirecteur d\u00e9partemental des Finances publiques des Alpes-Maritimes,8\n=m\nPREFET\nDU  VAR\nLibert\u00e9\nEgalit\u00e9\nFraternit\u00e9\nDirection de la coordination\n des politiques publiques\net de l'appui territorial\nMission de coordination interminist\u00e9rielle\nARR\u00caT\u00c9 PR\u00c9FECTORAL n\u00b0 2024/23/MCI du 16 mai 2024\nportant d\u00e9l\u00e9gation de signature \u00e0 M. Jean-Paul CATANESE,\nAdministrateur de l'Etat,\nDirecteur d\u00e9partemental des Finances publiques des Alpes-Maritimes,\nLe Pr\u00e9fet du Var,\nOfficier de la L\u00e9gion d'Honneur,\nVu le code civil, notamment ses articles 809 \u00e0 814  ;\nVu le code g\u00e9n\u00e9ral de la propri\u00e9t\u00e9 des personnes publiques, notamment ses articles\nR. 2331-1, R. 2331-5 et R. 2331-6 ;\nVu  la  loi  n  \u00b082-213  du  2  mars  1982  modifi\u00e9e,  relative  aux  droits  et  libert\u00e9s  des\ncommunes, des d\u00e9partements et des r\u00e9gions  ;\nVu la loi n\u00b083-8 du 7 janvier 1983 modifi\u00e9e, relative \u00e0 la r\u00e9partition des comp\u00e9tences\nentre les communes, les d\u00e9partements, les r\u00e9gions et l'\u00c9tat  ;\nVu la loi n\u00b0 92-125 du 6 f\u00e9vrier 1992 modifi\u00e9e, relative \u00e0 l'administration territoriale de\nla R\u00e9publique, notamment son article 4  ;\nVu la loi n\u00b02004-809 du 13 ao\u00fbt 2004 modifi\u00e9e, relative aux libert\u00e9s et responsabilit\u00e9s\nlocales ;\nVu la loi n\u00b0 2006-728 du 23 juin 2006 portant r\u00e9forme des successions et lib\u00e9ralit\u00e9s ;\nVu le d\u00e9cret n\u00b0 2004-374 du 29 avril 2004 modifi\u00e9 relatif aux pouvoirs des pr\u00e9fets, \u00e0\nl'organisation et \u00e0 l'action des services de l'\u00c9tat dans les r\u00e9gions et d\u00e9partements ;\nVu le d\u00e9cret n\u00b0 2006-1792 du 23 d\u00e9cembre 2006 relatif aux attributions de la direction\ng\u00e9n\u00e9rale de la comptabilit\u00e9 publique en mati\u00e8re domaniale, notamment son article\n8 ;\nVu le d\u00e9cret n\u00b0 2009-707 du 16 juin 2009 relatif aux services d\u00e9concentr\u00e9s de la\ndirection g\u00e9n\u00e9rale des finances publiques, notamment son article 4  ;\n1/3\nPr\u00e9fecture du VAR - 83-2024-05-16-00003 - ARR\u00caT\u00c9 PR\u00c9FECTORAL n\u00b0 2024/23/MCI du 16 mai 2024 portant d\u00e9l\u00e9gation de signature \u00e0     \n               M. Jean-Paul CATANESE,Administrateur de l\u25a1Etat,\nDirecteur d\u00e9partemental des Finances publiques des Alpes-Maritimes,9\nVu le d\u00e9cret n\u00b02015-510 du 7 mai 2015 portant charte de d\u00e9concentration  ;\nVu le d\u00e9cret du Pr\u00e9sident de la R\u00e9publique du 15 avril 2022 portant nomination de\nM.  Lucien  GIUDICELLI,  secr\u00e9taire  g\u00e9n\u00e9ral  de  la  pr\u00e9fecture  du  Var,  sous-pr\u00e9fet  de\nl'arrondissement de Toulon; \nVu le d\u00e9cret du Pr\u00e9sident de la R\u00e9publique du 12 ao\u00fbt 2022, portant nomination de\nM.  Jean-Paul  CATANESE,  administrateur  g\u00e9n\u00e9ral  des  finances  publiques,  comme\ndirecteur d\u00e9partemental des finances publiques des Alpes-Maritimes  ;\nVu le d\u00e9cret du Pr\u00e9sident de la R\u00e9publique du 13 juillet 2023 portant nomination de\nM. Philippe MAHE, pr\u00e9fet du Var  ;\nVu l'arr\u00eat\u00e9 interminist\u00e9riel du 23 d\u00e9cembre 2006 relatif \u00e0 l'organisation de la gestion\nde patrimoines priv\u00e9s et de biens priv\u00e9s  ; \nVu l'arr\u00eat\u00e9  minist\u00e9riel  du  26  octobre  2009  portant  cr\u00e9ation  de  la  direction\nd\u00e9partementale des finances publiques des Alpes-Maritimes  ;\nVu le d\u00e9cret de la Premi\u00e8re Ministre n\u00b0 2022-1453 du 23 novembre 2022 relatif aux\nconditions de classement, d'avancement et de r\u00e9mun\u00e9ration applicables \u00e0 certains\nemplois sup\u00e9rieurs de la fonction publique de l'\u00c9tat  ;\nVu l'arr\u00eat\u00e9 minist\u00e9riel du 27 octobre 2023 portant d\u00e9tachement et classement dans le\nstatut d'emploi de direction de la direction g\u00e9n\u00e9rale des finances publiques  ; \nVu  l'arr\u00eat\u00e9  pr\u00e9fectoral  n\u00b0  2023/62/MCI  du  21  ao\u00fbt  2023  portant  d\u00e9l\u00e9gation  de\nsignature \u00e0 M. Jean-Paul CATANESE, administrateur g\u00e9n\u00e9ral des finances publiques ,\ndirecteur d\u00e9partemental des finances publiques des Alpes-Maritimes  ;\nSur proposition du secr\u00e9taire g\u00e9n\u00e9ral de la Pr\u00e9fecture  du Var;\nARRETE :\nARTICLE  1er  : D\u00e9l\u00e9gation  de  signature  est  donn\u00e9e  \u00e0  M.  Jean-Paul  CATANESE,\nadministrateur de l'\u00c9tat, directeur d\u00e9partemental des Finances publiques des Alpes-\nMaritimes, \u00e0 l'effet de signer, dans la limite de ses attributions et comp\u00e9tences, tous\nles actes se rapportant \u00e0 l'administration provisoire des successions non r\u00e9clam\u00e9es, \u00e0\nla curatelle des successions vacantes, \u00e0 la gestion et \u00e0 la liquidation des successions en\nd\u00e9sh\u00e9rence dans le d\u00e9partement du Var.\n                                                                                                                                                                                                                               2/3Pr\u00e9fecture du VAR - 83-2024-05-16-00003 - ARR\u00caT\u00c9 PR\u00c9FECTORAL n\u00b0 2024/23/MCI du 16 mai 2024 portant d\u00e9l\u00e9gation de signature \u00e0     \n               M. Jean-Paul CATANESE,Administrateur de l\u25a1Etat,\nDirecteur d\u00e9partemental des Finances publiques des Alpes-Maritimes,10\nARTICLE  2 :  M.  Jean-Paul  CATANESE,  administrateur  de  l'\u00c9tat,  directeur\nd\u00e9partemental  des  Finances  publiques  des  Alpes-Maritimes,  peut  donner  sa\nd\u00e9l\u00e9gation  aux  agents plac\u00e9s sous  son  autorit\u00e9, pour  signer  les  actes relatifs  aux\naffaires pour lesquelles il a lui-m\u00eame re\u00e7u d\u00e9l\u00e9gation. Cette d\u00e9l\u00e9gation de signature\nsera prise, au nom du Pr\u00e9fet du Var, par arr\u00eat\u00e9 de d\u00e9l\u00e9gation qui devra \u00eatre transmis\nau Pr\u00e9fet du Var aux fins de publication au recueil des actes administratifs de la\npr\u00e9fecture.\nARTICLE 3 : L'arr\u00eat\u00e9 pr\u00e9fectoral n\u00b0 2023/62/MCI du 21 ao\u00fbt 2023 portant d\u00e9l\u00e9gation\nde signature \u00e0 M. Jean-Paul CATANESE, a dministrateur g\u00e9n\u00e9ral des finances publiques,\nDirecteur d\u00e9partemental des Finances publiques des Alpes-Maritimes  est abrog\u00e9.\nARTICLE  4  : Le  secr\u00e9taire  g\u00e9n\u00e9ral  de  la  pr\u00e9fecture  du  Var  et  le  directeur\nd\u00e9partemental des Finances publiques des Alpes-Maritimes sont charg\u00e9s, chacun en\nce qui le concerne, de l'ex\u00e9cution du pr\u00e9sent arr\u00eat\u00e9 qui entrera en vigueur le jour de\nsa publication au recueil des actes administratifs de la pr\u00e9fecture du Var.\nFait \u00e0 Toulon, le 16 mai 2024\nLe pr\u00e9fet du Var,\nSign\u00e9\nPhilippe MAHE\n3/3Pr\u00e9fecture du VAR - 83-2024-05-16-00003 - ARR\u00caT\u00c9 PR\u00c9FECTORAL n\u00b0 2024/23/MCI du 16 mai 2024 portant d\u00e9l\u00e9gation de signature \u00e0     \n               M. Jean-Paul CATANESE,Administrateur de l\u25a1Etat,\nDirecteur d\u00e9partemental des Finances publiques des Alpes-Maritimes,11\nPr\u00e9fecture du VAR\n83-2024-05-16-00001\nArr\u00eat\u00e9 Pr\u00e9fectoral P\u00e9rim\u00e8tre de Protection - RCT\n- 02 juin 2024\nPr\u00e9fecture du VAR - 83-2024-05-16-00001 - Arr\u00eat\u00e9 Pr\u00e9fectoral P\u00e9rim\u00e8tre de Protection - RCT - 02 juin 2024 12\n=m\nPREFET\nDU  VAR\nLibert\u00e9\nEgalit\u00e9\nFraternit\u00e9\nCabinet du Pr\u00e9fet\nDirection des s\u00e9curit\u00e9s\nBureau de la s\u00e9curit\u00e9 publique\nARR\u00caT\u00c9 PR\u00c9FECTORAL n\u00b0 2024/BSP/PP/006\ninstaurant un p\u00e9rim\u00e8tre de protection \u00e0 Toulon aux abords\net sur le parvis du Stade F\u00e9lix Mayol\nLe Pr\u00e9fet du Var,\nVu le code de la s\u00e9curit\u00e9 int\u00e9rieure, notamment ses articles L.226-1, L.511-1 et L.611  ;\nVu le code de proc\u00e9dure p\u00e9nale, notamment ses articles 16, 20 et 21  ;\nVu le  d\u00e9cret  n\u00b0  2004-374  du  29  avril  2004  modifi\u00e9,  relatif  aux  pouvoirs  des  pr\u00e9fets,  \u00e0\nl'organisation et \u00e0 l'action des services de l'\u00c9tat dans les r\u00e9gions et d\u00e9partements  ;\nVu le d\u00e9cret du 13 juillet 2023 portant nomination de Monsieur Philippe MAHE, pr\u00e9fet du Var  ;\nVu  l'arr\u00eat\u00e9  n\u00b0  2024/13/MCI  du  12  avril  2024  portant  d\u00e9l\u00e9gation  de  signature  \u00e0  Madame\nJos\u00e9phine GUIGLIANO-BOUTONNET, directrice de cabinet du pr\u00e9fet du Var  ;\nVu la rencontre sportive de rugby organis\u00e9e au Stade F\u00e9lix Mayol de Toulon, par le Rugby Club\nToulonnais (RCT) le 02 juin 2024  ;\nConsid\u00e9rant qu'en application de l'article L.226-1 du code de la s\u00e9curit\u00e9 int\u00e9rieure, \u00ab  afin\nd'assurer la s\u00e9curit\u00e9 d'un lieu ou d'un \u00e9v\u00e9nement expos\u00e9 \u00e0 un risque d'actes de terrorisme \u00e0\nraison de la nature et de l'ampleur de sa fr\u00e9quentation, le repr\u00e9sentant de l'\u00c9tat dans le\nd\u00e9partement est autoris\u00e9 \u00e0 instituer un p\u00e9rim\u00e8tre de protection au sein duquel l'acc\u00e8s et la\ncirculation des personnes sont r\u00e9glement\u00e9s  \u00bb ;\nConsid\u00e9rant la pr\u00e9gnance de la menace terroriste sur le territoire national et la n\u00e9cessit\u00e9 de\nmettre en \u0153uvre les postures Vigipirate d\u00e9cid\u00e9es par le gouvernement  ;\nConsid\u00e9rant que le Var est un d\u00e9partement touristique \u00e0 forte fr\u00e9quentation et conna\u00eet un\nafflux important de population tout au long de l'ann\u00e9e  ;\nConsid\u00e9rant l'implantation particuli\u00e8re du stade F\u00e9lix Mayol, situ\u00e9 au c\u0153ur du centre-ville de\nToulon, jouxtant plusieurs \u00e9tablissements recevant du public, limitrophe du premier port\nmilitaire fran\u00e7ais ;\nConsid\u00e9rant que les abords et le parvis du stade sont compos\u00e9s en grande partie de trottoirs\npublics et de voies de circulation routi\u00e8re  ;\n1/4\nPr\u00e9fecture du VAR - 83-2024-05-16-00001 - Arr\u00eat\u00e9 Pr\u00e9fectoral P\u00e9rim\u00e8tre de Protection - RCT - 02 juin 2024 13\nConsid\u00e9rant que les rencontres sportives peuvent g\u00e9n\u00e9rer des circonstances particuli\u00e8res de\nnature \u00e0 faire peser des menaces graves pour la s\u00e9curit\u00e9 publique et exposer les populations \u00e0\nun risque d'acte de terrorisme que ce soit \u00e0 l'int\u00e9rieur ou \u00e0 l'ext\u00e9rieur du stade et  qu'il\nconvient, de fait, de prendre des mesures renforc\u00e9es de surveillance et de s\u00e9curit\u00e9  ;\nConsid\u00e9rant que lors des matchs, il y a lieu d'instaurer un p\u00e9rim\u00e8tre de protection aux abords\ndu stade F\u00e9lix Mayol aux fins de pr\u00e9vention d'un acte de terrorisme  ; que compte tenu de la\ntopographie des lieux, ce p\u00e9rim\u00e8tre doit englober la zone mat\u00e9rialis\u00e9e dans le plan pr\u00e9sent en\nannexe  1 ;  que  ce  p\u00e9rim\u00e8tre  doit  \u00eatre  instaur\u00e9  pour  les  jours  de  match  en  raison  des\nimportants flux et rassemblements de personnes aux abords du stade  ;\nSur proposition de la sous-pr\u00e9f\u00e8te, directrice de cabinet du pr\u00e9fet du Var  :\nARR\u00caTE     :\nArticle 1  er     :   En vue du match pr\u00e9vu le 02 juin 2024 , il est instaur\u00e9 aux abords du stade Mayol un\np\u00e9rim\u00e8tre de protection le 02 juin 2024 de 15h00 \u00e0 22h00.\nArticle 2     :   ce p\u00e9rim\u00e8tre est d\u00e9limit\u00e9 selon le plan joint en annexe 1. Il sera mat\u00e9rialis\u00e9 sur site\npar des barri\u00e8res physiques et sera rendu impossible \u00e0 la circulation des v\u00e9hicules \u00e0 l'aide de\ndispositifs pare-b\u00e9liers.\nArticle 3     :   le p\u00e9rim\u00e8tre de protection sera arm\u00e9 et d\u00e9sarm\u00e9 sur ordre de l'officier de police\njudiciaire, responsable du dispositif police nationale, en accord avec l'autorit\u00e9 municipale et\nle poste de commandement op\u00e9rationnel du stade Mayol. Pendant les p\u00e9riodes d'armement,\nl'acc\u00e8s et la circulation des personnes et des v\u00e9hicules y sont r\u00e9glement\u00e9s.\nArticle 4     :   trois points d'acc\u00e8s \u00e0 ce p\u00e9rim\u00e8tre de protection sont pr\u00e9vus et mat\u00e9rialis\u00e9s sur le\nplan joint en annexe 1.\nArticle 5     :   les op\u00e9rations de v\u00e9rification sur les personnes et les v\u00e9hicules, d\u00e9taill\u00e9es ci-apr\u00e8s,\nsont  plac\u00e9es  sous  la  responsabilit\u00e9  d'un  officier  de  policier  judiciaire,  territorialement\ncomp\u00e9tent, tel que ceux mentionn\u00e9s aux 2\u00b0 \u00e0 4\u00b0 de l'article 16 du code de proc\u00e9dure p\u00e9nale.\nArticle 6     :   celles effectu\u00e9es sur les personnes et d\u00e9taill\u00e9es ci-apr\u00e8s, peuvent \u00eatre r\u00e9alis\u00e9es par\ndes officiers de police judiciaire mentionn\u00e9s aux 2\u00b0 \u00e0 4\u00b0 de l'article 16 du code de proc\u00e9dure\np\u00e9nale, et, sous la responsabilit\u00e9 de ceux-ci, par des agents de police judiciaire mentionn\u00e9s \u00e0\nl'article 20 du m\u00eame code, par des agents de police judiciaire adjoints mentionn\u00e9s aux 1\u00b0, 1\u00b0\nbis, 1\u00b0 ter de l'article 21 du m\u00eame code, par des agents de police municipale mentionn\u00e9s \u00e0\nl'article L.511-1 du code de la s\u00e9curit\u00e9 int\u00e9rieure, ou par des agents de s\u00e9curit\u00e9 priv\u00e9e exer\u00e7ant\nl'activit\u00e9 mentionn\u00e9e au 1\u00b0 de l'article L.611 du m\u00eame code.\nArticle 7     :   celles effectu\u00e9es sur les v\u00e9hicules et d\u00e9taill\u00e9es ci-apr\u00e8s, ne peuvent \u00eatre accomplies\nque par des officiers de police judiciaire mentionn\u00e9s aux 2\u00b0 \u00e0 4\u00b0 de l'article 16 du code de\nproc\u00e9dure p\u00e9nale, et, sous la responsabilit\u00e9 de ceux-ci, par des agents de police judiciaire\nmentionn\u00e9s  \u00e0  l'article  20  du  m\u00eame  code,  par  des  agents  de  police  judiciaire  adjoints\nmentionn\u00e9s aux 1\u00b0, 1\u00b0 bis, 1\u00b0 ter de l'article 21 du m\u00eame code.\n2/4Pr\u00e9fecture du VAR - 83-2024-05-16-00001 - Arr\u00eat\u00e9 Pr\u00e9fectoral P\u00e9rim\u00e8tre de Protection - RCT - 02 juin 2024 14\nArticle  8     :   pr\u00e9alablement  \u00e0  l'armement  du  p\u00e9rim\u00e8tre  de  protection  indiqu\u00e9  \u00e0  l'article  3,\nl'int\u00e9rieur de l'enceinte cr\u00e9\u00e9e sera v\u00e9rifi\u00e9 selon les modalit\u00e9s d\u00e9taill\u00e9es ci-apr\u00e8s.\nArticle 9     :   pour toute personne, l'acc\u00e8s au p\u00e9rim\u00e8tre de protection et la pr\u00e9sence \u00e0 l'int\u00e9rieur\nde celui-ci sont conditionn\u00e9s aux mesures de contr\u00f4le pr\u00e9alable suivantes  : palpations de\ns\u00e9curit\u00e9, inspections visuelles, fouilles de sacs et de bagages.\nLa palpation de s\u00e9curit\u00e9 est effectu\u00e9e par une personne de m\u00eame sexe que celle qui en fait\nl'objet.\nArticle 10     :   \u00e0 l'int\u00e9rieur du p\u00e9rim\u00e8tre de protection,  la circulation et le stationnement de\nv\u00e9hicules sont interdits \u00e0 l'exception des v\u00e9hicules des forces de l'ordre et de secours dans le\ncadre des interventions urgentes. Apr\u00e8s identification, ces v\u00e9hicules sont autoris\u00e9s \u00e0 acc\u00e9der,\n\u00e0  circuler  et  \u00e0  stationner  dans  le  p\u00e9rim\u00e8tre  sur  ordre  de  l'officier  de  police  nationale\nresponsable du dispositif, en concertation avec le poste de commandement op\u00e9rationnel du\nstade Mayol.\nArticle 11     :   toutes les mesures de v\u00e9rification, d\u00e9taill\u00e9es ci-dessus, sont subordonn\u00e9es au\nconsentement  des  personnes.  En  cas  de  refus  de  s'y  soumettre,  les  personnes  et/ou  les\nv\u00e9hicules ne sont pas admis \u00e0 y p\u00e9n\u00e9trer. Le cas \u00e9ch\u00e9ant, ils sont reconduits \u00e0 l'ext\u00e9rieur du\np\u00e9rim\u00e8tre.\nCes op\u00e9rations sont effectu\u00e9es uniquement par un officier de police judiciaire mentionn\u00e9 aux\n2\u00b0 \u00e0 4\u00b0 de l'article 16 du code de proc\u00e9dure p\u00e9nale, ou sous la responsabilit\u00e9 de celui-ci, par un\nagent de police judiciaire mentionn\u00e9 \u00e0 l'article 20 ou par un agent de police judiciaire adjoint\nmentionn\u00e9 aux 1\u00b0, 1\u00b0 bis, 1\u00b0 ter de l'article 21 du m\u00eame code.\nArticle 12     :   lors de toutes les op\u00e9rations d\u00e9crites ci-dessus, il sera v\u00e9rifi\u00e9 l'absence d'objets\ninterdits, conform\u00e9ment \u00e0 la liste jointe en annexe  2.\nLa pr\u00e9sente disposition ne s'applique pas aux secours et aux forces de l'ordre employ\u00e9s sur le\np\u00e9rim\u00e8tre pour leurs missions respectives.\nLes fonctionnaires de la police nationale et les militaires de la gendarmerie nationale qui\nsouhaitent acc\u00e9der au p\u00e9rim\u00e8tre de protection, en dehors de leurs heures de service et avec\nleurs armes de service conform\u00e9ment aux r\u00e8gles en vigueur, devront \u00eatre contr\u00f4l\u00e9s par un\nofficier de police judiciaire mentionn\u00e9 aux 2\u00b0 \u00e0 4\u00b0 de l'article 16 du code de proc\u00e9dure p\u00e9nale,\nou  sous  la  responsabilit\u00e9  de  celui-ci,  par  un  agent  de  police  judiciaire  mentionn\u00e9  \u00e0\nl'article 20 ou par un agent de police judiciaire adjoint mentionn\u00e9 aux 1\u00b0, 1\u00b0 bis, 1\u00b0 ter de\nl'article 21 du m\u00eame code. L'acc\u00e8s \u00e0 l'enceinte sera possible uniquement apr\u00e8s identification\nconforme et \u00e0 la condition que le port de l'arme ne soit pas apparent.\nArticle 13     :   des commerces et d\u00e9bits de boissons peuvent avoir une activit\u00e9 \u00e0 l'int\u00e9rieur du\np\u00e9rim\u00e8tre  de  protection  institu\u00e9,  sous  r\u00e9serve  qu'ils  d\u00e9tiennent  les  autorisations\nadministratives n\u00e9cessaires et qu'ils respectent les r\u00e8gles relatives aux objets interdits vis\u00e9es \u00e0\nl'article 12.\n3/4Pr\u00e9fecture du VAR - 83-2024-05-16-00001 - Arr\u00eat\u00e9 Pr\u00e9fectoral P\u00e9rim\u00e8tre de Protection - RCT - 02 juin 2024 15\nArticle 14     :   la directrice de cabinet  et le directeur interd\u00e9partemental de la police nationale\ndu Var sont charg\u00e9s, chacun en ce qui le concerne, de l'ex\u00e9cution du pr\u00e9sent arr\u00eat\u00e9 qui sera\npubli\u00e9 au recueil des actes administratifs de la pr\u00e9fecture du Var.\nUn exemplaire sera transmis, au procureur de la R\u00e9publique pr\u00e8s le tribunal de justice de\nToulon, \u00e0 la maire de la ville de Toulon et au directeur interd\u00e9partemental de la police\nnationale  du  Var.  Il  sera,  par  ailleurs,  notifi\u00e9  au  Rugby  Club  Toulonnais,  organisateur  de\nl'\u00e9v\u00e8nement.\nFait \u00e0 Toulon, le 16 mai 2024\nSign\u00e9\nPour le Pr\u00e9fet et par d\u00e9l\u00e9gation, \nla Directrice de Cabinet\nJos\u00e9phine GUIGLIANO-BOUTONNET\nDans un d\u00e9lai de deux mois \u00e0 compter de la date de la notification ou de la publication du pr\u00e9sent arr\u00eat\u00e9 au recueil des actes administratifs de la pr\u00e9fecture, les recours suivants peuvent \u00eatre introduits conform\u00e9ment aux dispositions des articles R. 421-1 et suivants du code de justice administrative :- un recours gracieux, adress\u00e9 \u00e0 : M. le Pr\u00e9fet du Var \u2013 Boulevard du 112 \u00e8me r\u00e9giment d'infanterie - CS 31209 - 83070 TOULON CEDEX- un recours hi\u00e9rarchique, adress\u00e9  au(x) ministre(s) concern\u00e9(s)  ;Dans ces deux cas, le silence de l'Administration vaut rejet implicite au terme d'un d\u00e9lai de deux mois.Apr\u00e8s un recours gracieux ou hi\u00e9rarchique, le d\u00e9lai du recours contentieux ne court qu'\u00e0 compter du rejet explicite ou implicite de l'un de ces recours.- un recours contentieux, en saisissant le Tribunal Administratif de Toulon  : 5 rue Racine -BP 40510 - 83  041 TOULON CEDEX 9. Le tribunaladministratif peut \u00e9galement \u00eatre saisi par l'application informatique \"T\u00e9l\u00e9recours citoyens\", accessible par le site internet www.telerecours.fr.\n4/4Pr\u00e9fecture du VAR - 83-2024-05-16-00001 - Arr\u00eat\u00e9 Pr\u00e9fectoral P\u00e9rim\u00e8tre de Protection - RCT - 02 juin 2024 16\nFAN  ZONE\nMBS  Dispositif  S\u00e9curit\u00e9 / S\u00fbret\u00e9  Ke\nr FAN  ZONE  i> |\nEntr\u00e9e  Fan  Zone\nLafontan\nStade  Mayol\n2\nx ..\u00a3  \u00bbns .\n.Entr\u00e9e  Fan  Zone\n% Virage\nxf \u00e0\nFan  Zone\nEntr\u00e9e  Fan  Zone\nLEGENDE  BonnusBameres  wen\n9  COP  Fan  zone\noe Bouclier\n& Plot\n[4]Fan  zone  \"Palpation\"\na\nANNEXE 1\nMatch RCT 2023 - 2024Pr\u00e9fecture du VAR - 83-2024-05-16-00001 - Arr\u00eat\u00e9 Pr\u00e9fectoral P\u00e9rim\u00e8tre de Protection - RCT - 02 juin 2024 17\nObjets  interdits\nProhibited  items\nAE  p\u00e9bard  M\u00e9gaphone  Drone Perche  dselFies  Bouteille,  canette  Vuvuzelo,  laser Animal\net autres  articles  et tout autre (sauf chien\npurotechniques  QUE  L plus quide)\neb0C\nObjets  soumis  \u00e0 autorisation\nItems  subject  to prior  authorisation\nmie  th eal\nHampe  de Banderole,  Tambour  Parapluie  Bouteille  et Appareil  photo Valises,  bagage  Casque  eb\ndrapeauxeC  drapeou,  voile et autre  contenant  eC SOc sup\u00e9rieurs  encombrant\nele  \" maillot  g\u00e9ant  de moins  de 50 cl \u00f9 45x36x20  cm\nanderole\n\u00a2 Tout  objet  pouvant  servir  d'arme  par destination\n(couteau,  outils...)  : ces objets  ne peuvent  pas donner\nlieu \u00e0 un d\u00e9p\u00f4t  en consigne.\u00a2 L'acc\u00e8s  au stade  est interdit  \u00e0 toute  personne  en\n\u00e9tat  d'\u00e9bri\u00e9t\u00e9  ou sous  l'emprise  de stup\u00e9fiant.\n\u00a2 Les banderoles,  drapeaux  ou panneaux  contenant  un\nmessage  \u00e0 caract\u00e8re  raciste,  x\u00e9nophobe,  politique,\nphilosophique  sont  interdits  (contr\u00f4le  visuel  obligatoire).\u00a2 Si un propri\u00e9taire  d'objet  non  autoris\u00e9  refuse  de s'en\ns\u00e9parer,  l'acc\u00e8s  au stade  lui sera  interdit.\nANNEXE 2Pr\u00e9fecture du VAR - 83-2024-05-16-00001 - Arr\u00eat\u00e9 Pr\u00e9fectoral P\u00e9rim\u00e8tre de Protection - RCT - 02 juin 2024 18","date":"2024-05-16","first_seen_on":"2024-05-16T15:14:55+00:00","id":"d8e70c5b1b17a4a8985fcf70824d7fab975d5ee034800b0b9634dc1354633334","name":"RAA N\u00b0107 du 16 mai 2024","pdf_creation_date":"2024-05-16T14:11:51+00:00","pdf_modification_date":null,"timezone":"Europe/Paris","url":"https://www.var.gouv.fr/contenu/telechargement/34605/230053/file/RAA%20N%C2%B0107%20du%2016%20mai%202024%20Non%20nominatif.pdf"}
