{"administration":"prefidf","administration_name":"Pr\u00e9fecture de la r\u00e9gion \u00cele-de-France","content":"PREFECTURE\nREGION ILE DE\nFRANCE\nRECUEIL DES ACTES\nADMINISTRATIFS SP\u00c9CIAL\nN\u00b0IDF-011-2025-05\nPUBLI\u00c9 LE  7 MAI 2025\nSommaire\nAgence R\u00e9gionale de Sant\u00e9 /\nIDF-2025-04-25-00005 - Arr\u00eat\u00e9 n\u00b0 2025-135 portant autorisation de\nr\u00e9duction de 64 \u00e0 50 places du Service de soins                           infirmiers\n\u00e0 domicile (SSIAD) sis \u00e0 Ivry-sur-Seine   \ng\u00e9r\u00e9 par le Centre\ncommunal d'action sociale d'Ivry-sur-Seine\n (2 pages) Page 4\nIDF-2025-04-25-00006 - Arr\u00eat\u00e9 n\u00b0 2025-136 portant autorisation de\ncr\u00e9ation d'un centre de ressources territorial                                      \nport\u00e9 par l'\u00e9tablissement d'h\u00e9bergement pour personnes\n\u00e2g\u00e9es d\u00e9pendantes (EHPAD) Constance MAZIER situ\u00e9 4 rue HEMET\n\u00e0 Aubervilliers g\u00e9r\u00e9 par l'entit\u00e9 d\u00e9nomm\u00e9e MAISON DE\nRETRAITE COMMUNALE (930000773)\n (3 pages) Page 7\nIDF-2025-04-25-00007 - Arr\u00eat\u00e9 n\u00b0 2025-137 portant autorisation de\ncr\u00e9ation d'un centre de ressources territorial                                      \nport\u00e9 par l'\u00e9tablissement d'h\u00e9bergement pour personnes\n\u00e2g\u00e9es d\u00e9pendantes (EHPAD) Saint-Joseph sis 23, rue Roger Salengro\n\u00e0 Noisy-le-Grand g\u00e9r\u00e9 par l'entit\u00e9 d\u00e9nomm\u00e9e Association\nHabitat et Humanisme Soin (690003728)\n (3 pages) Page 11\nIDF-2025-05-02-00014 - Arr\u00eat\u00e9 n\u00b0 2025-138 portant autorisation de\ncr\u00e9ation d'un centre de ressources territorial                                      \nport\u00e9 par l'\u00e9tablissement d'h\u00e9bergement pour personnes\n\u00e2g\u00e9es d\u00e9pendantes (EHPAD) public autonome Madeleine Verdier sis 5\nall\u00e9e de la Valli\u00e8re \u00e0 Montrouge (92120)\n (3 pages) Page 15\nIDF-2025-05-02-00015 - Arr\u00eat\u00e9 n\u00b0 2025-139 portant autorisation de\ncr\u00e9ation d'un centre de ressources territorial port\u00e9 par\nl'\u00e9tablissement d'h\u00e9bergement pour personnes \u00e2g\u00e9es\nd\u00e9pendantes (EHPAD) Les Vignes sis 75-81 rue des Vignes \u00e0 Nanterre\n(92000) g\u00e9r\u00e9 par la Fondation Partage et Vie\n (3 pages) Page 19\nIDF-2025-05-02-00016 - Arr\u00eat\u00e9 n\u00b0 2025-140 portant autorisation de\ncr\u00e9ation d'un centre de ressources territorial port\u00e9 par\nl'\u00e9tablissement d'h\u00e9bergement pour personnes \u00e2g\u00e9es\nd\u00e9pendantes (EHPAD) \u00ab Ferrari \u00bb sis 1, place Ferrari \u00e0 Clamart (92 140)\ng\u00e9r\u00e9 par l'association \u00ab Les OEuvres hospitali\u00e8res fran\u00e7aises de\nl'Ordre de Malte \u00bb\n (3 pages) Page 23\nIDF-2025-05-02-00017 - Arr\u00eat\u00e9 n\u00b0 2025-141 portant autorisation de\ncr\u00e9ation d'un centre de ressources territorial port\u00e9 par\nl'\u00e9tablissement d'h\u00e9bergement pour personnes \u00e2g\u00e9es\nd\u00e9pendantes (EHPAD) public autonome Lasserre sis 4 rue S\u00e9verine \u00e0\nIssy-les-Moulineaux (92130)\n (3 pages) Page 27\n2\nIDF-2025-04-30-00010 - Arr\u00eat\u00e9 portant fermeture d\u00e9finitive du service\nde soins infirmiers \u00e0 domicile (SSIAD) \ndu Centre d'H\u00e9bergement et\nde R\u00e9insertion Sociale (CHRS) de longue dur\u00e9e g\u00e9r\u00e9 par le Centre\nd'Accueil et de Soins Hospitaliers (CASH) de Nanterre \n (2 pages) Page 31\nAgence R\u00e9gionale de Sant\u00e9 / Direction de l'Offre de Soins  - P\u00f4le RH\nen Sant\u00e9\nIDF-2025-05-07-00005 - D\u00e9cision n\u00b0 DOS - 2025 / 2005 portant sur\nl'autorisation de d\u00e9plafonnement des heures suppl\u00e9mentaires\n (2\npages) Page 34\nDirection r\u00e9gionale et interd\u00e9partementale de l'environnement, de\nl'am\u00e9nagement et des transports d'\u00cele-de-France /\nIDF-2025-05-07-00001 - D\u00e9cision DRIEAT- IDF 2025-0299 de\nrenouvellement d'agr\u00e9ment  (Centre de formation BLANCHARD) (3\npages) Page 37\nDirection r\u00e9gionale et interd\u00e9partementale de l'environnement, de\nl'am\u00e9nagement et des transports d'\u00cele-de-France / S\u00e9curit\u00e9 des\ntransports et des v\u00e9hicules\nIDF-2025-05-07-00002 - D\u00e9cision  DRIEAT- IDF 2025-0362MA \nd'agr\u00e9ment ((Centre de formation FORMATION TRANSPORT) (3 pages) Page 41\nPr\u00e9fecture de la r\u00e9gion d'Ile-de-France, pr\u00e9fecture de\nParis-Secr\u00e9tariat g\u00e9n\u00e9ral aux politiques publiques / Bureau de la\ncoordination et de l'investissement territorial\nIDF-2025-03-21-00005 - Arr\u00eat\u00e9  n\u00b0 2025-02 modifiant l'arr\u00eat\u00e9 n\u00b0\n2023-298 du 31 mai 2023 portant attribution de subvention au titre de la\ndotation de soutien \u00e0 l'investissement local \u00e0 la commune de\nLivry-Gargan pour les travaux de restauration du plan d'eau du Parc\nLef\u00e8vre (lots 1,2,3 et 4).\n (2 pages) Page 45\n3\nAgence R\u00e9gionale de Sant\u00e9\nIDF-2025-04-25-00005\nArr\u00eat\u00e9 n\u00b0 2025-135 portant autorisation de\nr\u00e9duction de 64 \u00e0 50 places du Service de soins   \n                       infirmiers \u00e0 domicile (SSIAD) sis \u00e0\nIvry-sur-Seine   \ng\u00e9r\u00e9 par le Centre communal d'action sociale\nd'Ivry-sur-Seine\nAgence R\u00e9gionale de Sant\u00e9 - IDF-2025-04-25-00005 - Arr\u00eat\u00e9 n\u00b0 2025-135 portant autorisation de r\u00e9duction de 64 \u00e0 50 places du\nService de soins                           infirmiers \u00e0 domicile (SSIAD) sis \u00e0 Ivry-sur-Seine   \ng\u00e9r\u00e9 par le Centre communal d'action sociale d'Ivry-sur-Seine\n4\nREPUBLIQUEFRANCAISELibert\u00e9Egalit\u00e9Fraternit\u00e9 @ D Agence R\u00e9gionale de Sant\u00e9\u00cele-de-France\n \n                                                               \n \n \n \n \nAGENCE R\u00c9GIONALE DE SANT\u00c9 \u00ceLE-DE-FRANCE \nARR\u00caT\u00c9 N\u00b0 2025 - 135 \nportant autorisation de r\u00e9duction de 64 \u00e0 50 places du Service de soins                           \ninfirmiers \u00e0 domicile (SSIAD) sis \u00e0 Ivry-sur-Seine    \ng\u00e9r\u00e9 par le Centre communal d'action sociale d'Ivry-sur-Seine \n    \n \nLE DIRECTEUR G\u00c9N\u00c9RAL DE L'AGENCE R\u00c9GIONALE DE SANT\u00c9 \u00ceLE-DE-FRANCE  \n \n \nVU le code de l' action sociale et des familles et notamment les articles L312 -1, L313 -1, L314 -3 et \nsuivants ; \n \nVU  \n \n \nVU \nle d\u00e9cret du 10 avril 2024 portant nomination de Monsieur Denis ROBIN, Directeur g\u00e9n\u00e9ral de \nl'Agence r\u00e9gionale de sant\u00e9 \u00cele-de-France \u00e0 compter du 29 avril 2024 ; \n \nl'arr\u00eat\u00e9 DS N\u00b0115/2024 du 25 septembre 2024 portant d\u00e9l\u00e9gation de signature \u00e0 Madame \nSt\u00e9phanie TALBOT, Directrice de l'autonomie ; \n \nVU l'arr\u00eat\u00e9 n\u00b0 DIRNOV-2023/08 du 26 octobre 2023 de la Directrice g\u00e9n\u00e9rale de l'Agence r\u00e9gionale de \nsant\u00e9 \u00cele-de-France portant modification du cadre d'orientation strat\u00e9gique 2018 -2028 du projet \nr\u00e9gional de sant\u00e9 \u00cele-de-France ; \n \nVU l'arr\u00eat\u00e9 n\u00b0 DIRNOV-2023/09 du 26 octobre 2023 de la Directrice g\u00e9n\u00e9rale de l'Agence r\u00e9gionale de \nsant\u00e9 \u00cele-de-France portant adoption du sch\u00e9ma r\u00e9gional de sant\u00e9 2023 -2028 du projet r\u00e9gional de \nsant\u00e9 \u00cele-de-France ; \n \nVU l'arr\u00eat\u00e9 n\u00b0 2023-162 de la Directrice g\u00e9n\u00e9rale de l'Agence r\u00e9gionale de sant\u00e9 \u00cele-de-France en date \ndu 19 juin 2023 \u00e9tablissant le programme interd\u00e9partemental d'accompagnement des handicaps et \nde la perte d'autonomie (PRIAC) 2022-2026 pour la r\u00e9gion \u00cele-de-France ; \n \nVU l'arr\u00eat\u00e9 n\u00b0 2025-25 en date du 17 janvier 2025, portant autorisation d'extension de 50 \u00e0 64 places \ndu Service de soins infirmier s \u00e0 domicile (SSIAD) sis \u00e0 Ivry -sur-Seine g\u00e9r\u00e9 par le Centre communal \nd'action sociale d'Ivry-sur-Seine ; \n \nVU la demande du gestionnaire actuel d u SSIAD renon\u00e7ant \u00e0 la mise en  \u0153uvre de l'extension de 14 \nplaces autoris\u00e9es  ; \n \n \nCONSID\u00c9RANT qu'il convient d'acter la r\u00e9duction de 14 places du SSIAD g\u00e9r\u00e9 par le Centre communal \nd'action sociale d'Ivry-sur-Seine, portant la capacit\u00e9 totale du SSIAD d'Ivry-sur-Seine \u00e0 \n50 places pour personnes \u00e2g\u00e9es ; \n  \nCONSID\u00c9RANT que le projet satisfait aux r\u00e8gles d'organisation et de fonctionnement pr\u00e9vues par le \ncode de l'action sociale et des familles ; \n  \n \n       ARR\u00caTE  \n \n \nARTICLE 1er : L'autorisation visant \u00e0 l a r\u00e9duction de 14 places du SSIAD, sis Annexe Jules Coutant, \nEsplanade Georges Marrane \u00e0 Ivry-Sur Seine, est accord\u00e9e au Centre communal d'action \nsociale d'Ivry-sur-Seine. \n  \nAgence R\u00e9gionale de Sant\u00e9 - IDF-2025-04-25-00005 - Arr\u00eat\u00e9 n\u00b0 2025-135 portant autorisation de r\u00e9duction de 64 \u00e0 50 places du\nService de soins                           infirmiers \u00e0 domicile (SSIAD) sis \u00e0 Ivry-sur-Seine   \ng\u00e9r\u00e9 par le Centre communal d'action sociale d'Ivry-sur-Seine\n5\nGI\nARTICLE 2e : La capacit\u00e9 totale du SSIAD est fix\u00e9e \u00e0 50 places pour personnes \u00e2g\u00e9es. \nLa zone d'intervention du SSIAD s'\u00e9tend sur la commune d'Ivry-sur-Seine. \n  \nARTICLE 3e : Cette structure est r\u00e9pertori\u00e9e dans le Fichier National des Etablissements Sanitaires et \nSociaux (FINESS) de la fa\u00e7on suivante : \n \nN\u00b0 FINESS \u00e9tablissement : 94 081 086 4 \n \nCode cat\u00e9gorie : 354 \nCode discipline : 358 \nCode fonctionnement (type d'activit\u00e9) : 16  \nCode client\u00e8le : 700 \n \nN\u00b0 FINESS du gestionnaire : 94 002 397 1 \n \nCode statut : 17 \n  \nARTICLE 4e : Le pr\u00e9sent arr\u00eat\u00e9 est sans effet concernant la dur\u00e9e d'autorisation accord\u00e9e \u00e0 \nl'\u00e9tablissement pour 15 ans \u00e0 compter de sa date de cr\u00e9ation ou de renouvellement \nd'autorisation conform\u00e9ment aux conditions pr\u00e9vues aux articles L.312 -8 et L.313 -5 du \ncode de l'action sociale et des familles. \n  \nARTICLE 5e : Tout changement important dans l'activit\u00e9, l'installation, l'organisation, la direction ou le \nfonctionnement de l'\u00e9tablissement ou du service doit \u00eatre port\u00e9 \u00e0 la connaissance des \nautorit\u00e9s comp\u00e9tentes. \n  \nARTICLE 6e : Un recours contre le pr\u00e9sent arr\u00eat\u00e9 peut \u00eatre form\u00e9 devant le tribunal administratif \ncomp\u00e9tent dans un d\u00e9lai de deux mois \u00e0 compter de sa notification.   \n  \nARTICLE 7e : Le Directeur de la D\u00e9l\u00e9gation  d\u00e9partementale du Val-de-Marne de l'Agence r\u00e9gionale de \nsant\u00e9 \u00cele-de-France est charg\u00e9  de l'ex\u00e9cution du pr\u00e9sent arr\u00eat\u00e9 qui sera notifi\u00e9 au \ndemandeur, publi\u00e9 aux recueils des actes administratifs de la R\u00e9gion \u00cele-de-France et du \nD\u00e9partement du Val-de-Marne. \n \n \n          Fait \u00e0 Saint-Denis, le 25 avril 2025 \n \n  Pour le Directeur g\u00e9n\u00e9ral \nde l'Agence r\u00e9gionale de sant\u00e9 \n\u00cele-de-France et par d\u00e9l\u00e9gation\n \nSt\u00e9phanie TALBOT \nDirectrice de l'autonomie                            \n \n \nAgence R\u00e9gionale de Sant\u00e9 - IDF-2025-04-25-00005 - Arr\u00eat\u00e9 n\u00b0 2025-135 portant autorisation de r\u00e9duction de 64 \u00e0 50 places du\nService de soins                           infirmiers \u00e0 domicile (SSIAD) sis \u00e0 Ivry-sur-Seine   \ng\u00e9r\u00e9 par le Centre communal d'action sociale d'Ivry-sur-Seine\n6\nAgence R\u00e9gionale de Sant\u00e9\nIDF-2025-04-25-00006\nArr\u00eat\u00e9 n\u00b0 2025-136 portant autorisation de\ncr\u00e9ation d'un centre de ressources territorial        \n                              port\u00e9 par l'\u00e9tablissement\nd'h\u00e9bergement pour personnes \u00e2g\u00e9es\nd\u00e9pendantes (EHPAD) Constance MAZIER situ\u00e9 4\nrue HEMET \u00e0 Aubervilliers g\u00e9r\u00e9 par l'entit\u00e9\nd\u00e9nomm\u00e9e MAISON DE RETRAITE COMMUNALE\n(930000773)\nAgence R\u00e9gionale de Sant\u00e9 - IDF-2025-04-25-00006 - Arr\u00eat\u00e9 n\u00b0 2025-136 portant autorisation de cr\u00e9ation d'un centre de ressources\nterritorial                                       port\u00e9 par l'\u00e9tablissement d'h\u00e9bergement pour personnes \u00e2g\u00e9es d\u00e9pendantes (EHPAD) Constance\nMAZIER situ\u00e9 4 rue HEMET \u00e0 Aubervilliers g\u00e9r\u00e9 par l'entit\u00e9 d\u00e9nomm\u00e9e MAISON DE RETRAITE COMMUNALE (930000773)\n7\nE =R\u00c9PUBLIQUE A 4 Seine Sait DensFRANCAISE \u00a9 ) Agence R\u00e9gionale de Sant\u00e9Libert\u00e9 \u00cele-de-France\u00c9galit\u00e9Fraternit\u00e9\n \n                         \n       \n \n \n \n \nARR\u00caT\u00c9 N\u00b0 2025 \u2013 136 \n \nPortant autorisation de cr\u00e9ation d'un centre de ressources territorial                                       \nport\u00e9 par l'\u00e9tablissement d'h\u00e9bergement pour personnes \u00e2g\u00e9es d\u00e9pendantes                \n(EHPAD) Constance MAZIER situ\u00e9 4 rue HEMET \u00e0 Aubervilliers \ng\u00e9r\u00e9 par l'entit\u00e9 d\u00e9nomm\u00e9e MAISON DE RETRAITE COMMUNALE (930000773) \n     \n \nLE DIRECTEUR G\u00c9N\u00c9RAL DE L'AGENCE R\u00c9GIONALE DE SANT\u00c9 \u00ceLE-DE-FRANCE \n \nLE PR\u00c9SIDENT DU CONSEIL D\u00c9PARTEMENTAL DE SEINE-SAINT-DENIS \n \n \nVU le Code de l'action sociale et des familles et notamment les articles L. 312 -1, L. 313-1, L. 314-3 et \nsuivants ;  \n \nVU le Code de la sant\u00e9 publique ; \n \nVU le Code de la s\u00e9curit\u00e9 sociale ; \n \nVU  le Code g\u00e9n\u00e9ral des collectivit\u00e9s territoriales ; \n \nVU le Code de justice administrative ; \n \nVU le d\u00e9cret du 10 avril 2024 portant nomination de Monsieur Denis ROBIN, Directeur g\u00e9n\u00e9ral de \nl'Agence r\u00e9gionale de sant\u00e9 Ile-de-France \u00e0 compter du 29 avril 2024 ; \n \nVU l'\u00e9lection le 1 er juillet 20 21 de Monsieur St\u00e9phane TROUSSEL \u00e0 la pr\u00e9sidence du Conseil \nd\u00e9partemental de la Seine-Saint-Denis ; \n \nVU l'arr\u00eat\u00e9 du Pr\u00e9sident du Conseil d\u00e9partemental n\u00b0202 4-446 du 29 novembre 2024 donnant \nd\u00e9l\u00e9gation de signature \u00e0 Monsieur Olivier Veber, directeur g\u00e9n\u00e9ral des services du D\u00e9partement ;   \n \nVU l'arr\u00eat\u00e9 n\u00b0 DIRNOV-2023/08 du 26 octobre 2023 de la Directrice g\u00e9n\u00e9rale de l'Agence r\u00e9gionale de \nsant\u00e9 Ile-de-France portant modification du cadre d'orientation strat\u00e9gique 2018 -2028 du projet \nr\u00e9gional de sant\u00e9 d'Ile-de-France ; \n \nVU l'arr\u00eat\u00e9 n\u00b0 DIRNOV-2023/09 du 26 octobre 2023 de la Directrice g\u00e9n\u00e9rale de l'Agence r\u00e9gionale de \nsant\u00e9 Ile-de-France portant adoption du sch\u00e9ma r\u00e9gional de sant\u00e9 2023 -2028 du projet r\u00e9gional \nde sant\u00e9 d'Ile-de-France ; \n \nVU l'arr\u00eat\u00e9 n\u00b0 2023-162 de la Directrice g\u00e9n\u00e9rale de l'Agence r\u00e9gionale de sant\u00e9 Ile -de-France du 19 \njuin 2023 \u00e9tablissant le programme interd\u00e9partemental d'accompagnement des handicaps et de la \nperte d'autonomie (PRIAC) 2022-2026 pour la r\u00e9gion Ile-de-France ; \n \nVU l'arr\u00eat\u00e9 n\u00b007-3568 du 25 septembre 2007 de la Pr\u00e9fecture de la Seine-Saint-Denis transformant la \nMaison de Retraite \u00ab Constance Mazier \u00bb en Etablissement d'H\u00e9bergement pour Personnes \u00c2g\u00e9es \nD\u00e9pendantes \u00e0 compter du 1er janvier 2007 avec une capacit\u00e9 de 105 lits \u00e0 compter du 13 janvier \n2007 ; \n \nVU l'avis d'appel \u00e0 candidatures pour le d\u00e9ploiement de la mission de centre de ressources territoriaux \n\u00e0 destination des personnes \u00e2g\u00e9es en R\u00e9gion Ile-de- France ; \n \n \nAgence R\u00e9gionale de Sant\u00e9 - IDF-2025-04-25-00006 - Arr\u00eat\u00e9 n\u00b0 2025-136 portant autorisation de cr\u00e9ation d'un centre de ressources\nterritorial                                       port\u00e9 par l'\u00e9tablissement d'h\u00e9bergement pour personnes \u00e2g\u00e9es d\u00e9pendantes (EHPAD) Constance\nMAZIER situ\u00e9 4 rue HEMET \u00e0 Aubervilliers g\u00e9r\u00e9 par l'entit\u00e9 d\u00e9nomm\u00e9e MAISON DE RETRAITE COMMUNALE (930000773)\n8\n2 \n \n  \nVU l'avis de s\u00e9lection de l 'appel \u00e0 candidatures pour le d\u00e9ploiement de la mission de centre de \nressources territoriaux \u00e0 destination des personnes \u00e2g\u00e9es en R\u00e9gion Ile-de-France en date du 1er \nd\u00e9cembre 2023 ; \n \n \nCONSID\u00c9RANT que le centre de ressources territorial comporte deux modalit\u00e9s d'intervention devant \n\u00eatre men\u00e9es conjointement :  \n- Volet 1 : une mission d'appui aux professionnels du territoire ; \n- Volet 2 : une mission d'accompagnement renforc\u00e9 pour des personnes \u00e2g\u00e9es en  \nperte d'autonomie n\u00e9cessitant un accompagnement \u00e0 domicile plus intensif, en \nalternative \u00e0 l'EHPAD ; \n  \nCONSID\u00c9RANT que le projet d\u00e9pos\u00e9 par la Maison de Retraite communale (930000773) a \u00e9t\u00e9 retenu \npar la commission de s\u00e9lection ;  \n \nCONSID\u00c9RANT que le gestionnaire Maison de Retraite communale (930000773) est actuellement \nautoris\u00e9 \u00e0 exploiter au sein de l'EHPAD Constance MAZIER \u00e0 Aubervilliers : \n \n- 105 places d'h\u00e9bergement permanent ; \n- 14 places de PASA ; \n \nCONSID\u00c9RANT que les modalit\u00e9s pratiques de mise en \u0153uvre et de financements seront d\u00e9clin\u00e9es \nsous la forme d'une convention conclue entre le gestionnaire et l'Agence r\u00e9gionale \nde sant\u00e9 Ile-de-France ; \n \nCONSID\u00c9RANT que le projet r\u00e9pond \u00e0 un besoin identifi\u00e9 sur le d\u00e9partement ; \n \nCONSID\u00c9RANT que le projet est compatible avec les objectifs et r\u00e9pond aux besoins m\u00e9dico-sociaux \nfix\u00e9s par le sch\u00e9ma r\u00e9gional de sant\u00e9 ;  \n  \nCONSID\u00c9RANT qu'il satisfait aux r\u00e8gles d'organisation et de fonctionnement pr\u00e9vues par le Code de \nl'action sociale et des familles ; \n \n \nARR\u00caTENT \n \n \n \nARTICLE 1er : L'autorisation de cr\u00e9ation d'un centre de ressources territorial port\u00e9 par l'EHPAD \nConstance MAZIER situ\u00e9 4 rue HEMET \u00e0 Aubervilliers , est accord\u00e9e au profit d u \ngestionnaire Maison de Retraite communale (930000773). \n \nARTICLE 2e : La capacit\u00e9 totale de l'EHPAD est fix\u00e9e \u00e0 105 places r\u00e9parties de la mani\u00e8re suivante : \n \n- 105 places d'h\u00e9bergement permanent ; \n- 14 places de PASA ; \n \nL'EHPAD est porteur d'un centre de ressources territorial sur le d\u00e9partement de la Seine-\nSaint-Denis.  \n \n \nARTICLE 3e : Cet \u00e9tablissement est r\u00e9pertori\u00e9 dans le Fichier National des Etablissements Sanitaires \net Sociaux (FINESS) de la fa\u00e7on suivante : \n \nNum\u00e9ro FINESS Etablissement : 93 046 008 4 \nCode cat\u00e9gorie : [500] EHPAD \n \nCode discipline : [924] Accueil pour Personnes Ag\u00e9es \nCode fonctionnement : [11] H\u00e9bergement Complet Internat \nCode client\u00e8le : [711] Personnes Ag\u00e9es d\u00e9pendantes \n \nAgence R\u00e9gionale de Sant\u00e9 - IDF-2025-04-25-00006 - Arr\u00eat\u00e9 n\u00b0 2025-136 portant autorisation de cr\u00e9ation d'un centre de ressources\nterritorial                                       port\u00e9 par l'\u00e9tablissement d'h\u00e9bergement pour personnes \u00e2g\u00e9es d\u00e9pendantes (EHPAD) Constance\nMAZIER situ\u00e9 4 rue HEMET \u00e0 Aubervilliers g\u00e9r\u00e9 par l'entit\u00e9 d\u00e9nomm\u00e9e MAISON DE RETRAITE COMMUNALE (930000773)\n9\nsigsig\n3 \n \n \n \n \nCode discipline (CRT) : [412] Centre de ressources territorial pour les personnes \u00e2g\u00e9es   \nCode fonctionnement (CRT) : [48] Tous modes d'accueil et d'accompagnement  \nCode client\u00e8le (CRT) : [040] Aidants/aid\u00e9s Personnes \u00e2g\u00e9es \n \nNum\u00e9ro FINESS Gestionnaire : 93 000 077 3 \nCode statut : [21] Etablissement Social et M\u00e9dico-Social Communal \n \nARTICLE 4e : La cr\u00e9ation du centre de ressource territorial n'impacte pas le budget du d\u00e9partement de \nSeine-Saint-Denis et ne sera pas financ\u00e9e par le d\u00e9partement.   \n \nARTICLE 5e : Tout changement important dans l'activit\u00e9, l'installation, l'organisation, la direction ou le \nfonctionnement d'un \u00e9tablissement ou d'un service par rapport aux caract\u00e9ristiques \nprises en consid\u00e9ration pour son autorisation devra \u00eatre port\u00e9 \u00e0 la connaissanc e des \nautorit\u00e9s comp\u00e9tentes selon l'article L.313-1 du Code de l'action sociale et des familles.  \n  L'autorisation ne peut \u00eatre c\u00e9d\u00e9e sans l'accord des autorit\u00e9s comp\u00e9tentes concern\u00e9es.  \n \nARTICLE 6e : Le pr\u00e9sent arr\u00eat\u00e9 est sans effet concernant la dur\u00e9e d'autorisation accord\u00e9e \u00e0 \nl'\u00e9tablissement pour 15 ans \u00e0 compter de sa date de cr\u00e9ation ou de renouvellement \nd'autorisation conform\u00e9ment aux conditions pr\u00e9vues aux articles L.312 -8 et L.313 -5 du \nCode de l'action sociale et des familles. \n \nARTICLE 7e :  Un recours contre le pr\u00e9sent arr\u00eat\u00e9 peut \u00eatre form\u00e9 devant le tribunal administratif \ncomp\u00e9tent dans un d\u00e9lai de deux mois \u00e0 compter de sa notification.   \n \nARTICLE 8e :   Le Direc trice de la D\u00e9l\u00e9gation d\u00e9partementale de  Seine-Saint-Denis de l'Agence \nr\u00e9gionale de sant\u00e9 Ile -de-France et le Pr\u00e9sident du Conseil d\u00e9partemental de                        \nSeine-Saint-Denis sont charg\u00e9s, chacun en ce qui le concerne, de l'ex\u00e9cution du pr\u00e9sent \narr\u00eat\u00e9 qui sera notifi\u00e9 aux int\u00e9ress\u00e9s et publi\u00e9 aux recueils des actes administratifs de la \nR\u00e9gion Ile-de-France et du D\u00e9partement de Seine-Saint-Denis. \n \n \n \n      Fait \u00e0 Saint-Denis, le 25 avril 2025 \n \n \n \n \n \nPour le Directeur g\u00e9n\u00e9ral  \nde l'Agence r\u00e9gionale de sant\u00e9  \n\u00cele-de-France et par d\u00e9l\u00e9gation \n \n \nSt\u00e9phanie TALBOT \nDirectrice de l'autonomie \n \n \n \nPour le Pr\u00e9sident du Conseil d\u00e9partemental  \nde la Seine-Saint-Denis, \net par d\u00e9l\u00e9gation \n \n \n Olivier VEBER  \n \n  \n \nAgence R\u00e9gionale de Sant\u00e9 - IDF-2025-04-25-00006 - Arr\u00eat\u00e9 n\u00b0 2025-136 portant autorisation de cr\u00e9ation d'un centre de ressources\nterritorial                                       port\u00e9 par l'\u00e9tablissement d'h\u00e9bergement pour personnes \u00e2g\u00e9es d\u00e9pendantes (EHPAD) Constance\nMAZIER situ\u00e9 4 rue HEMET \u00e0 Aubervilliers g\u00e9r\u00e9 par l'entit\u00e9 d\u00e9nomm\u00e9e MAISON DE RETRAITE COMMUNALE (930000773)\n10\nAgence R\u00e9gionale de Sant\u00e9\nIDF-2025-04-25-00007\nArr\u00eat\u00e9 n\u00b0 2025-137 portant autorisation de\ncr\u00e9ation d'un centre de ressources territorial        \n                              port\u00e9 par l'\u00e9tablissement\nd'h\u00e9bergement pour personnes \u00e2g\u00e9es\nd\u00e9pendantes (EHPAD) Saint-Joseph sis 23, rue\nRoger Salengro \u00e0 Noisy-le-Grand g\u00e9r\u00e9 par l'entit\u00e9\nd\u00e9nomm\u00e9e Association Habitat et Humanisme\nSoin (690003728)\nAgence R\u00e9gionale de Sant\u00e9 - IDF-2025-04-25-00007 - Arr\u00eat\u00e9 n\u00b0 2025-137 portant autorisation de cr\u00e9ation d'un centre de ressources\nterritorial                                       port\u00e9 par l'\u00e9tablissement d'h\u00e9bergement pour personnes \u00e2g\u00e9es d\u00e9pendantes (EHPAD) Saint-Joseph sis\n23, rue Roger Salengro \u00e0 Noisy-le-Grand g\u00e9r\u00e9 par l'entit\u00e9 d\u00e9nomm\u00e9e Association Habitat et Humanisme Soin (690003728)\n11\nE =R\u00c9PUBLIQUE A 4 Seine Sait DensFRANCAISE \u00a9 ) Agence R\u00e9gionale de Sant\u00e9Libert\u00e9 \u00cele-de-France\u00c9galit\u00e9Fraternit\u00e9\n \n                         \n       \n \n \n \n \nARR\u00caT\u00c9 N\u00b0 2025 \u2013 137 \n \nPortant autorisation de cr\u00e9ation d'un centre de ressources territorial                                       \nport\u00e9 par l'\u00e9tablissement d'h\u00e9bergement pour personnes \u00e2g\u00e9es d\u00e9pendantes               \n(EHPAD) Saint-Joseph sis 23, rue Roger Salengro \u00e0 Noisy-le-Grand \ng\u00e9r\u00e9 par l'entit\u00e9 d\u00e9nomm\u00e9e Association Habitat et Humanisme Soin (690003728) \n     \n \nLE DIRECTEUR G\u00c9N\u00c9RAL DE L'AGENCE R\u00c9GIONALE DE SANT\u00c9 \u00ceLE-DE-FRANCE \n \nLE PR\u00c9SIDENT DU CONSEIL D\u00c9PARTEMENTAL DE SEINE-SAINT-DENIS \n \n \nVU le Code de l'action sociale et des familles et notamment les articles L. 312 -1, L. 313-1, L. 314-3 et \nsuivants ;  \n \nVU le Code de la sant\u00e9 publique ; \n \nVU le Code de la s\u00e9curit\u00e9 sociale ; \n \nVU  le Code g\u00e9n\u00e9ral des collectivit\u00e9s territoriales ; \n \nVU le Code de justice administrative ; \n \nVU le d\u00e9cret du 10 avril 2024 portant nomination de Monsieur Denis ROBIN, Directeur g\u00e9n\u00e9ral de \nl'Agence r\u00e9gionale de sant\u00e9 Ile-de-France \u00e0 compter du 29 avril 2024 ; \n \nVU l'\u00e9lection le 1 er juillet 20 21 de Monsieur St\u00e9phane TROUSSEL \u00e0 la pr\u00e9sidence du Conseil \nd\u00e9partemental de la Seine-Saint-Denis ; \n \nVU l'arr\u00eat\u00e9 du Pr\u00e9sident du Conseil d\u00e9partemental n\u00b0202 4-446 du 29 novembre  2024 donnant \nd\u00e9l\u00e9gation de signature \u00e0 Monsieur Olivier Veber, directeur g\u00e9n\u00e9ral des services du D\u00e9partement ;  \n \nVU l'arr\u00eat\u00e9 n\u00b0 DIRNOV-2023/08 du 26 octobre 2023 de la Directrice g\u00e9n\u00e9rale de l'Agence r\u00e9gionale de \nsant\u00e9 Ile-de-France portant modification du cadre d'orientation strat\u00e9gique 2018 -2028 du projet \nr\u00e9gional de sant\u00e9 d'Ile-de-France ; \n \nVU l'arr\u00eat\u00e9 n\u00b0 DIRNOV-2023/09 du 26 octobre 2023 de la Directrice g\u00e9n\u00e9rale de l'Agence r\u00e9gionale de \nsant\u00e9 Ile-de-France portant adoption du sch\u00e9ma r\u00e9gional de sant\u00e9 2023 -2028 du projet r\u00e9gional \nde sant\u00e9 d'Ile-de-France ; \n \nVU l'arr\u00eat\u00e9 n\u00b0 2023-162 de la Directrice g\u00e9n\u00e9rale de l'Agence r\u00e9gionale de sant\u00e9 Ile -de-France du 19 \njuin 2023 \u00e9tablissant le programme interd\u00e9partemental d'accompagnement des handicaps et de la \nperte d'autonomie (PRIAC) 2022-2026 pour la r\u00e9gion Ile-de-France ; \n \nVU l'arr\u00eat\u00e9 conjoint n\u00b02014-171 du 4 juin 2014 du Directeur g\u00e9n\u00e9ral de l'ARS et du Pr\u00e9sident du Conseil \nd\u00e9partemental de la Seine -Saint-Denis portant extension de la capacit\u00e9 de 15 lits et la cr\u00e9ation \nd'un accueil de jour de 6 places portant la capacit\u00e9 autoris\u00e9e \u00e0 73 places ; \n \nVU l'avis d'appel \u00e0 candidatures pour le d\u00e9ploiement de la mission de centre de ressources territoriaux \n\u00e0 destination des personnes \u00e2g\u00e9es en R\u00e9gion Ile-de- France ; \n \n \n \nAgence R\u00e9gionale de Sant\u00e9 - IDF-2025-04-25-00007 - Arr\u00eat\u00e9 n\u00b0 2025-137 portant autorisation de cr\u00e9ation d'un centre de ressources\nterritorial                                       port\u00e9 par l'\u00e9tablissement d'h\u00e9bergement pour personnes \u00e2g\u00e9es d\u00e9pendantes (EHPAD) Saint-Joseph sis\n23, rue Roger Salengro \u00e0 Noisy-le-Grand g\u00e9r\u00e9 par l'entit\u00e9 d\u00e9nomm\u00e9e Association Habitat et Humanisme Soin (690003728)\n12\n2 \n \n  \nVU l'avis de s\u00e9lection de l 'appel \u00e0 candidatures pour le d\u00e9ploiement de la mission de centre de \nressources territoriaux \u00e0 destination des personnes \u00e2g\u00e9es en R\u00e9gion Ile-de-France en date du 1er \nd\u00e9cembre 2023 ; \n \n \nCONSID\u00c9RANT que le centre de ressources territorial comporte deux modalit\u00e9s d'intervention devant \n\u00eatre men\u00e9es conjointement :  \n- Volet 1 : une mission d'appui aux professionnels du territoire ; \n- Volet 2 : une mission d'accompagnement renforc\u00e9 pour des personnes \u00e2g\u00e9es en  \nperte d'autonomie n\u00e9cessitant un accompagnement \u00e0 domicile plus intensif, en \nalternative \u00e0 l'EHPAD ; \n  \nCONSID\u00c9RANT que le projet d\u00e9pos\u00e9 par l'Association Habitat et Humanisme Soin (690003728) a \u00e9t\u00e9 \nretenu par la commission de s\u00e9lection ;  \n \nCONSID\u00c9RANT que l e gestionnaire  Association Habitat et Humanisme Soin (690003728) est \nactuellement autoris\u00e9 \u00e0 exploiter au sein de l'EHPAD Saint-Joseph \u00e0                                 \nNoisy-le-Grand : \n \n- 69 places d'h\u00e9bergement permanent ; \n- 4 places d'h\u00e9bergement temporaire ; \n- 6 places d'accueil de jour ; \n- 14 places de PASA ; \n \nCONSID\u00c9RANT que les modalit\u00e9s pratiques de mise en \u0153uvre et de financements seront d\u00e9clin\u00e9es \nsous la forme d'une convention conclue entre le gestionnaire et l'Agence r\u00e9gionale \nde sant\u00e9 Ile-de-France ; \n \nCONSID\u00c9RANT que le projet r\u00e9pond \u00e0 un besoin identifi\u00e9 sur le d\u00e9partement ; \n \nCONSID\u00c9RANT que le projet est compatible avec les objectifs et r\u00e9pond aux besoins m\u00e9dico-sociaux \nfix\u00e9s par le sch\u00e9ma r\u00e9gional de sant\u00e9 ;  \n  \nCONSID\u00c9RANT qu'il satisfait aux r\u00e8gles d'organisation et de fonctionnement pr\u00e9vues par le Code de \nl'action sociale et des familles ; \n \n \nARR\u00caTENT \n \n \n \nARTICLE 1er : L'autorisation de cr\u00e9ation d'un centre de ressources territorial port\u00e9 par l'EHPAD                    \nSaint-Joseph, sis 23 rue Roger Salengro \u00e0 Noisy -le-Grand est accord\u00e9e au profit du \ngestionnaire Association Habitat et Humanisme Soin (690003728). \n \nARTICLE 2e : La capacit\u00e9 totale de l'EHPAD est fix\u00e9e \u00e0 73 places r\u00e9parties de la mani\u00e8re suivante : \n \n- 69 places d'h\u00e9bergement permanent ; \n- 4 places d'h\u00e9bergement temporaire ; \n- 6 places d'accueil de jour ; \n- 14 places de PASA ; \n \nL'EHPAD est porteur d'u n centre de ressource s territorial sur le d\u00e9partement de  la                             \nSeine-Saint-Denis.  \n \n \nARTICLE 3e : Cet \u00e9tablissement est r\u00e9pertori\u00e9 dans le Fichier National des Etablissements Sanitaires \net Sociaux (FINESS) de la fa\u00e7on suivante : \n \n \n \nAgence R\u00e9gionale de Sant\u00e9 - IDF-2025-04-25-00007 - Arr\u00eat\u00e9 n\u00b0 2025-137 portant autorisation de cr\u00e9ation d'un centre de ressources\nterritorial                                       port\u00e9 par l'\u00e9tablissement d'h\u00e9bergement pour personnes \u00e2g\u00e9es d\u00e9pendantes (EHPAD) Saint-Joseph sis\n23, rue Roger Salengro \u00e0 Noisy-le-Grand g\u00e9r\u00e9 par l'entit\u00e9 d\u00e9nomm\u00e9e Association Habitat et Humanisme Soin (690003728)\n13\nGIgn?GI\n3 \n \n \nNum\u00e9ro FINESS Etablissement : 93 046 009 2 \nCode cat\u00e9gorie : [500] EHPAD \n \nCode discipline : [924] Accueil pour Personnes Ag\u00e9es \nCode fonctionnement : [11] H\u00e9bergement Complet Internat \nCode client\u00e8le : [711] Personnes Ag\u00e9es d\u00e9pendantes \n \n \nCode discipline (CRT) : [412] Centre de ressources territorial pour les personnes \u00e2g\u00e9es   \nCode fonctionnement (CRT) : [48] Tous modes d'accueil et d'accompagnement  \nCode client\u00e8le (CRT) : [040] Aidants/aid\u00e9s Personnes \u00e2g\u00e9es \n \nNum\u00e9ro FINESS Gestionnaire : 69 000 372 8 \nCode statut : [21] Etablissement Social et M\u00e9dico-Social Communal \n \nARTICLE 4e : La cr\u00e9ation du centre de ressource territorial n'impacte pas le budget du d\u00e9partement de \nSeine-Saint-Denis et ne sera pas financ\u00e9e par le d\u00e9partement.   \n \nARTICLE 5e : Tout changement important dans l'activit\u00e9, l'installation, l'organisation, la direction ou le \nfonctionnement d'un \u00e9tablissement ou d'un service par rapport aux caract\u00e9ristiques \nprises en consid\u00e9ration pour son autorisation devra \u00eatre port\u00e9 \u00e0 la connaissanc e des \nautorit\u00e9s comp\u00e9tentes selon l'article L.313-1 du Code de l'action sociale et des familles.  \n  L'autorisation ne peut \u00eatre c\u00e9d\u00e9e sans l'accord des autorit\u00e9s comp\u00e9tentes concern\u00e9es.  \n \nARTICLE 6e : Le pr\u00e9sent arr\u00eat\u00e9 est sans effet concernant la dur\u00e9e d'autorisation accord\u00e9e \u00e0 \nl'\u00e9tablissement pour 15 ans \u00e0 compter de sa date de cr\u00e9ation ou de renouvellement \nd'autorisation conform\u00e9ment aux conditions pr\u00e9vues aux articles L.312 -8 et L.313 -5 du \nCode de l'action sociale et des familles. \n \nARTICLE 7e :  Un recours contre le pr\u00e9sent arr\u00eat\u00e9 peut \u00eatre form\u00e9 devant le tribunal administratif \ncomp\u00e9tent dans un d\u00e9lai de deux mois \u00e0 compter de sa notification.   \n \nARTICLE 8e :   Le Direc trice de la D\u00e9l\u00e9gation d\u00e9partementale de  Seine-Saint-Denis de l'Agence \nr\u00e9gionale de sant\u00e9 Ile -de-France et le Pr\u00e9sident du Conseil d\u00e9partemental de Seine -\nSaint-Denis sont charg\u00e9s, chacun en ce qui le concerne, de l'ex\u00e9cution du pr\u00e9sent arr\u00eat\u00e9 \nqui sera notifi\u00e9 aux int\u00e9ress\u00e9s et publi\u00e9 aux recueils des actes administratifs de la R\u00e9gion \nIle-de-France et du D\u00e9partement de Seine-Saint-Denis. \n \n \n \n      Fait \u00e0 Saint-Denis, le 25 avril 2025 \n \n \n \n \n \nPour le Directeur g\u00e9n\u00e9ral  \nde l'Agence r\u00e9gionale de sant\u00e9  \n\u00cele-de-France et par d\u00e9l\u00e9gation \n \n \nSt\u00e9phanie TALBOT \nDirectrice de l'autonomie \n \n \n \nPour le Pr\u00e9sident du Conseil d\u00e9partemental  \nde la Seine-Saint-Denis, \net par d\u00e9l\u00e9gation \n  \nOlivier VEBER  \n \n  \n \nAgence R\u00e9gionale de Sant\u00e9 - IDF-2025-04-25-00007 - Arr\u00eat\u00e9 n\u00b0 2025-137 portant autorisation de cr\u00e9ation d'un centre de ressources\nterritorial                                       port\u00e9 par l'\u00e9tablissement d'h\u00e9bergement pour personnes \u00e2g\u00e9es d\u00e9pendantes (EHPAD) Saint-Joseph sis\n23, rue Roger Salengro \u00e0 Noisy-le-Grand g\u00e9r\u00e9 par l'entit\u00e9 d\u00e9nomm\u00e9e Association Habitat et Humanisme Soin (690003728)\n14\nAgence R\u00e9gionale de Sant\u00e9\nIDF-2025-05-02-00014\nArr\u00eat\u00e9 n\u00b0 2025-138 portant autorisation de\ncr\u00e9ation d'un centre de ressources territorial        \n                              port\u00e9 par l'\u00e9tablissement\nd'h\u00e9bergement pour personnes \u00e2g\u00e9es\nd\u00e9pendantes (EHPAD) public autonome\nMadeleine Verdier sis 5 all\u00e9e de la Valli\u00e8re \u00e0\nMontrouge (92120)\nAgence R\u00e9gionale de Sant\u00e9 - IDF-2025-05-02-00014 - Arr\u00eat\u00e9 n\u00b0 2025-138 portant autorisation de cr\u00e9ation d'un centre de ressources\nterritorial                                       port\u00e9 par l'\u00e9tablissement d'h\u00e9bergement pour personnes \u00e2g\u00e9es d\u00e9pendantes (EHPAD) public\nautonome Madeleine Verdier sis 5 all\u00e9e de la Valli\u00e8re \u00e0 Montrouge (92120)\n15\nE =R\u00c9PUBLIQUE hauts-de-seineFRAN\u00c7AISE \u00a9 > Agence R\u00e9gionale de Sant\u00e9Libert\u00e9 \u00cele-de-FranceEgalit\u00e9Fraternit\u00e9\n                         \n        \n \n \n \n \n \n \n \nARR\u00caT\u00c9 N\u00b0 2025 \u2013 138 \n \nportant autorisation de cr\u00e9ation d'un centre de ressources territorial                                       \nport\u00e9 par l'\u00e9tablissement d'h\u00e9bergement pour personnes \u00e2g\u00e9es d\u00e9pendantes                      \n(EHPAD) public autonome Madeleine Verdier  \nsis 5 all\u00e9e de la Valli\u00e8re \u00e0 Montrouge (92120) \n \n     \n \nLE DIRECTEUR G\u00c9N\u00c9RAL DE L'AGENCE R\u00c9GIONALE DE SANT\u00c9 \u00ceLE-DE-FRANCE \n \nLE PR\u00c9SIDENT DU CONSEIL D\u00c9PARTEMENTAL DES HAUTS-DE-SEINE \n \n \nVU le code de l'action sociale et des familles et notamment les articles L. 312 -1, L. 313-1, L. 314-3 et \nsuivants ;  \n \nVU  le code g\u00e9n\u00e9ral des collectivit\u00e9s territoriales ; \n \nVU le d\u00e9cret du 10 avril 2024 portant nomination de Monsieur Denis ROBIN, Directeur g\u00e9n\u00e9ral de \nl'Agence r\u00e9gionale de sant\u00e9 \u00cele-de-France, \u00e0 compter du 29 avril 2024 ; \n \nVU l'arr\u00eat\u00e9 DS N\u00b0115/2024 du 25 septembre 2024 portant d\u00e9l\u00e9gation de signature \u00e0 Madame \nSt\u00e9phanie TALBOT, Directrice de l'autonomie ; \n \nVU l'arr\u00eat\u00e9 n\u00b0 2023 -DAJA-43 du 21 juillet 2023 accordant d\u00e9l\u00e9gation de signature \u00e0 Monsieur Jean -\nMichel R APINAT, Directeur g\u00e9n\u00e9ral adjoint Responsable du p\u00f4le Solidarit\u00e9s et \u00e0 Madame \nLaurence HAUCK, adjointe au Directeur g\u00e9n\u00e9ral adjoint ; \n \nVU l'arr\u00eat\u00e9 n\u00b0 DIRNOV-2023/08 du 26 octobre 2023 de la Directrice g\u00e9n\u00e9rale de l'Agence r\u00e9gionale de \nsant\u00e9 \u00cele-de-France portant modification du cadre d'orientation strat\u00e9gique 2018 -2028 du projet \nr\u00e9gional de sant\u00e9 \u00cele-de-France ; \n \nVU l'arr\u00eat\u00e9 n\u00b0 DIRNOV-2023/09 du 26 octobre 2023 de la Directrice g\u00e9n\u00e9rale de l'Agence r\u00e9gionale de \nsant\u00e9 \u00cele-de-France portant adoption du sch\u00e9ma r\u00e9gional de sant\u00e9 2023 -2028 du projet r\u00e9gional \nde sant\u00e9 \u00cele-de-France ; \n \nVU l'arr\u00eat\u00e9 n\u00b0 2023-162 de la Directrice g\u00e9n\u00e9rale de l'Agence r\u00e9gionale de sant\u00e9 Ile -de-France du 19 \njuin 2023 \u00e9tablissant le programme interd\u00e9partemental d'accompagnement des handicaps et de la \nperte d'autonomie (PRIAC) 2022-2026 pour la r\u00e9gion \u00cele-de-France ; \n \nVU l'arr\u00eat\u00e9 n\u00b0 DDASS/EMSI/2005-083 du 24 mai 2005 portant transformation de la Maison de Retraite \nMadeleine Verdier en \u00e9tablissement d'H\u00e9bergement pour Personnes Ag\u00e9es D\u00e9pendantes \n(EHPAD) ; \n \nVU l'avis d'appel \u00e0  candidatures du 2 avril 2024 pour le d\u00e9ploiement de la mission de centres de \nressources territoriaux \u00e0 destination des personnes \u00e2g\u00e9es en R\u00e9gion \u00cele-de-France ; \n \nVU l'avis de s\u00e9lection de l 'appel \u00e0 candidatures pour le d\u00e9ploiement de la mission de centre s de \nressources territoriaux \u00e0 destination des personnes \u00e2g\u00e9es en R\u00e9gion \u00cele-de-France en date du 1 5 \nnovembre 2024 ; \n \n \n \n \nAgence R\u00e9gionale de Sant\u00e9 - IDF-2025-05-02-00014 - Arr\u00eat\u00e9 n\u00b0 2025-138 portant autorisation de cr\u00e9ation d'un centre de ressources\nterritorial                                       port\u00e9 par l'\u00e9tablissement d'h\u00e9bergement pour personnes \u00e2g\u00e9es d\u00e9pendantes (EHPAD) public\nautonome Madeleine Verdier sis 5 all\u00e9e de la Valli\u00e8re \u00e0 Montrouge (92120)\n16\n2 \n \n \nCONSID\u00c9RANT que le centre de ressources territorial comporte deux modalit\u00e9s d'intervention devant \n\u00eatre men\u00e9es conjointement :  \n- Volet 1 : une mission d'appui aux professionnels du territoire ; \n- Volet 2 : une mission d'accompagnement renforc\u00e9 pour des personnes \u00e2g\u00e9es en  \nperte d'autonomie n\u00e9cessitant un accompagnement \u00e0 domicile plus intensif, en \nalternative \u00e0 l'EHPAD ; \n \nAu titre du volet 2, le centre de ressources territorial dispose d'une file active de 30 \nb\u00e9n\u00e9ficiaires minimum ; \n  \nCONSID\u00c9RANT que le projet d\u00e9pos\u00e9 par l'EHPAD public autonome Madeleine Verdier a \u00e9t\u00e9 retenu \npar la commission de s\u00e9lection ;  \n \nCONSID\u00c9RANT que le projet r\u00e9pond \u00e0 un besoin identifi\u00e9 sur le d\u00e9partement ; \n \nCONSID\u00c9RANT que le projet est compatible avec les objectifs et r\u00e9pond aux besoins m\u00e9dico-sociaux \nfix\u00e9s par le sch\u00e9ma r\u00e9gional de sant\u00e9 ;  \n  \nCONSID\u00c9RANT qu'il satisfait aux r\u00e8gles d'organisation et de fonctionnement pr\u00e9vues par le code de \nl'action sociale et des familles ; \n \n \n            ARR\u00caTENT \n \n \nARTICLE 1er : L'autorisation de cr\u00e9ation d'un centre de ressources territorial port\u00e9 l'EHPAD public \nautonome Madeleine Verdier sis 5 all\u00e9e de la Valli\u00e8re \u00e0 Montrouge (92120) est accord\u00e9e.   \n  \nARTICLE 2e : La capacit\u00e9 totale de l'EHPAD est fix\u00e9e \u00e0 168 places d'h\u00e9bergement permanent. \n \nL'EHPAD est porteur d'un centre de ressources territorial sur le d\u00e9partement des Hauts-\nde-Seine, sur le territoire du dispositif d'appui \u00e0 la coordination (DAC) 92 Sud. \n \n \nARTICLE 3e : Cet \u00e9tablissement est r\u00e9pertori\u00e9 dans le Fichier National des Etablissements Sanitaires \net Sociaux (FINESS) de la fa\u00e7on suivante : \n \nN\u00b0 FINESS Etablissement : 92 071 084 5 \nCode cat\u00e9gorie : [500] EHPAD \nCode MFT : [41] ARS/PCD, Tarif global, habilit\u00e9 aide sociale, sans PUI \n \nCode discipline : [924] Accueil pour Personnes Ag\u00e9es \nCode fonctionnement : [11] H\u00e9bergement Complet Internat \nCode client\u00e8le : [711] Personnes Ag\u00e9es d\u00e9pendantes \n \nCode discipline : [412] Centre de ressources territorial pour les personnes \u00e2g\u00e9es   \nCode fonctionnement : [48] Tous modes d'accueil et d'accompagnement  \nCode client\u00e8le : [040] Aidants/aid\u00e9s Personnes \u00e2g\u00e9es \n \nN\u00b0 FINESS Gestionnaire : 92 000 142 7 \nCode statut : [21] Etablissement social et m\u00e9dico-social communal \n \nARTICLE 4e : La cr\u00e9ation du centre de ressource s territorial n'impacte pas le budget du d\u00e9partement \ndes Hauts-de-Seine et ne sera pas financ\u00e9e par le d\u00e9partement.   \n \nARTICLE 5e : Tout changement important dans l'activit\u00e9, l'installation, l'organisation, la direction ou le \nfonctionnement d'un \u00e9tablissement ou d'un service par rapport aux caract\u00e9ristiques \nprises en consid\u00e9ration pour son autorisation devra \u00eatre port\u00e9 \u00e0 la connaissanc e des \nautorit\u00e9s comp\u00e9tentes selon l'article L.313-1 du code de l'action sociale et des familles.  \n  L'autorisation ne peut \u00eatre c\u00e9d\u00e9e sans l'accord des autorit\u00e9s comp\u00e9tentes concern\u00e9es.  \n \n \nAgence R\u00e9gionale de Sant\u00e9 - IDF-2025-05-02-00014 - Arr\u00eat\u00e9 n\u00b0 2025-138 portant autorisation de cr\u00e9ation d'un centre de ressources\nterritorial                                       port\u00e9 par l'\u00e9tablissement d'h\u00e9bergement pour personnes \u00e2g\u00e9es d\u00e9pendantes (EHPAD) public\nautonome Madeleine Verdier sis 5 all\u00e9e de la Valli\u00e8re \u00e0 Montrouge (92120)\n17\nsigsig\n3 \n \n \nARTICLE 6e : Le pr\u00e9sent arr\u00eat\u00e9 est sans effet concernant la dur\u00e9e d'autorisation accord\u00e9e \u00e0 \nl'\u00e9tablissement pour 15 ans \u00e0 compter de sa date de cr\u00e9ation ou de renouvellement \nd'autorisation conform\u00e9ment aux conditions pr\u00e9vues aux articles L.312 -8 et L.313 -5 du \ncode de l'action sociale et des familles. \n \nARTICLE 7e :  Un recours contre le pr\u00e9sent arr\u00eat\u00e9 peut \u00eatre form\u00e9 devant le tribunal administratif \ncomp\u00e9tent dans un d\u00e9lai de deux mois \u00e0 compter de sa notification.   \n \nARTICLE 8e :   Monsieur le Directeur de la D\u00e9l\u00e9gation d\u00e9partementale de s Hauts-de-Seine de l'Agence \nr\u00e9gionale de sant\u00e9 \u00cele-de-France, Monsieur le Pr\u00e9sident du Conseil d\u00e9partemental des \nHauts-de-Seine et Monsieur le Directeur g\u00e9n\u00e9ral des services du Conseil d\u00e9partemental \ndes Hauts -de-Seine sont charg\u00e9s, chacun en ce qui le concerne, de l'ex\u00e9cution du \npr\u00e9sent arr\u00eat\u00e9 qui sera notifi\u00e9 aux int\u00e9ress\u00e9s et publi\u00e9 aux recueils des actes \nadministratifs de la R\u00e9gion \u00cele-de-France et du D\u00e9partement des Hauts-de-Seine. \n \n \n       Fait \u00e0 Nanterre, le 02/05/2025 \n \n \nPour le Directeur g\u00e9n\u00e9ral \nde l'Agence r\u00e9gionale de sant\u00e9 \n\u00cele-de-France et par d\u00e9l\u00e9gation \n \n \nSt\u00e9phanie TALBOT \nDirectrice de l'autonomie \nPour Le Pr\u00e9sident du Conseil d\u00e9partemental                \ndes Hauts-de-Seine et par d\u00e9l\u00e9gation \nLe Directeur g\u00e9n\u00e9ral adjoint \nResponsable du P\u00f4le Solidarit\u00e9s  \n \nJean-Michel RAPINAT \n \n \nAgence R\u00e9gionale de Sant\u00e9 - IDF-2025-05-02-00014 - Arr\u00eat\u00e9 n\u00b0 2025-138 portant autorisation de cr\u00e9ation d'un centre de ressources\nterritorial                                       port\u00e9 par l'\u00e9tablissement d'h\u00e9bergement pour personnes \u00e2g\u00e9es d\u00e9pendantes (EHPAD) public\nautonome Madeleine Verdier sis 5 all\u00e9e de la Valli\u00e8re \u00e0 Montrouge (92120)\n18\nAgence R\u00e9gionale de Sant\u00e9\nIDF-2025-05-02-00015\nArr\u00eat\u00e9 n\u00b0 2025-139 portant autorisation de\ncr\u00e9ation d'un centre de ressources territorial\nport\u00e9 par l'\u00e9tablissement d'h\u00e9bergement pour\npersonnes \u00e2g\u00e9es d\u00e9pendantes (EHPAD) Les\nVignes sis 75-81 rue des Vignes \u00e0 Nanterre\n(92000) g\u00e9r\u00e9 par la Fondation Partage et Vie\nAgence R\u00e9gionale de Sant\u00e9 - IDF-2025-05-02-00015 - Arr\u00eat\u00e9 n\u00b0 2025-139 portant autorisation de cr\u00e9ation d'un centre de ressources\nterritorial port\u00e9 par l'\u00e9tablissement d'h\u00e9bergement pour personnes \u00e2g\u00e9es d\u00e9pendantes (EHPAD) Les Vignes sis 75-81 rue des Vignes \u00e0\nNanterre (92000) g\u00e9r\u00e9 par la Fondation Partage et Vie\n19\nEnREPUBLIQUE hauts-de-seineFRAN\u00c7AISE LE OCPARTEMENLibert\u00e9 0) Agence R\u00e9gionale de Sant\u00e9\u00c9galit\u00e9 \u00cele-de-FranceFraternit\u00e9\n     \n   \n \n \n \n \n \n \n \n \nARR\u00caT\u00c9 N\u00b0 2025 \u2013 139 \n \nportant autorisation de cr\u00e9ation d'un centre de ressources territorial \nport\u00e9 par l'\u00e9tablissement d'h\u00e9bergement pour personnes \u00e2g\u00e9es d\u00e9pendantes \n(EHPAD) Les Vignes sis 75-81 rue des Vignes \u00e0 Nanterre (92000) \ng\u00e9r\u00e9 par la Fondation Partage et Vie \n \n \n \nLE DIRECTEUR G\u00c9N\u00c9RAL DE L'AGENCE R\u00c9GIONALE DE SANT\u00c9 \u00ceLE-DE-FRANCE \n \nLE PR\u00c9SIDENT DU CONSEIL D\u00c9PARTEMENTAL DES HAUTS-DE-SEINE \n \n \nVU le code de l'action sociale et des familles et notamment les articles L. 312 -1, L. 313-1, L. 314-3 et \nsuivants ;  \n \nVU  le code g\u00e9n\u00e9ral des collectivit\u00e9s territoriales ; \n \nVU le d\u00e9cret du 10 avril 2024 portant nomination de Monsieur Denis ROBIN, Directeur g\u00e9n\u00e9ral de \nl'Agence r\u00e9gionale de sant\u00e9 \u00cele-de-France, \u00e0 compter du 29 avril 2024 ; \n \nVU l'arr\u00eat\u00e9 DS N\u00b0115/2024 du 25 septembre 2024 portant d\u00e9l\u00e9gation de signature \u00e0 Madame \nSt\u00e9phanie TALBOT, Directrice de l'autonomie ; \n \nVU l'arr\u00eat\u00e9 n\u00b0 2023 -DAJA-43 du 21 juillet 2023 accordant d\u00e9l\u00e9gation de signature \u00e0 Monsieur Jean -\nMichel R APINAT, Directeur g\u00e9n\u00e9ral adjoint Responsable du p\u00f4le Solidarit\u00e9s et \u00e0 Madame \nLaurence HAUCK, adjointe au Directeur g\u00e9n\u00e9ral adjoint ; \n \nVU l'arr\u00eat\u00e9 n\u00b0 DIRNOV-2023/08 du 26 octobre 2023 de la Directrice g\u00e9n\u00e9rale de l'Agence r\u00e9gionale de \nsant\u00e9 \u00cele-de-France portant modification du cadre d'orientation strat\u00e9gique 2018 -2028 du projet \nr\u00e9gional de sant\u00e9 \u00cele-de-France ; \n \nVU l'arr\u00eat\u00e9 n\u00b0 DIRNOV-2023/09 du 26 octobre 2023 de la Directrice g\u00e9n\u00e9rale de l'Agence r\u00e9gionale de \nsant\u00e9 \u00cele-de-France portant adoption du sch\u00e9ma r\u00e9gional de sant\u00e9 2023 -2028 du projet r\u00e9gional \nde sant\u00e9 \u00cele-de-France ; \n \nVU l'arr\u00eat\u00e9 n\u00b0 2023-162 de la Directrice g\u00e9n\u00e9rale de l'Agence r\u00e9gionale de sant\u00e9 Ile -de-France du 19 \njuin 2023 \u00e9tablissant le programme interd\u00e9partemental d'accompagnement des handicaps et de la \nperte d'autonomie (PRIAC) 2022-2026 pour la r\u00e9gion \u00cele-de-France ; \n \nVU l'arr\u00eat\u00e9 conjoint n\u00b0 2014-265 du 19 d\u00e9cembre 2014 portant autorisation d'extension de capacit\u00e9 de \n3 places d'accueil de jour de l'EHPAD Les Vignes, portant sa capacit\u00e9 totale \u00e0 79 places (71 places \nd'h\u00e9bergement permanent et 8 places d'accueil de jour) ; \n \nVU l'avis d'appel \u00e0  candidatures du 2 avril 2024 pour le d\u00e9ploiement de la mission de centre s de \nressources territoriaux \u00e0 destination des personnes \u00e2g\u00e9es en R\u00e9gion \u00cele-de-France ; \n \nVU l'avis de s\u00e9lection de l 'appel \u00e0 candidatures pour le d\u00e9ploiement de la mission de centre s de \nressources territoriaux \u00e0 destination des personnes \u00e2g\u00e9es en R\u00e9gion \u00cele-de-France en date du 15 \nnovembre 2024 ; \n \n  \nAgence R\u00e9gionale de Sant\u00e9 - IDF-2025-05-02-00015 - Arr\u00eat\u00e9 n\u00b0 2025-139 portant autorisation de cr\u00e9ation d'un centre de ressources\nterritorial port\u00e9 par l'\u00e9tablissement d'h\u00e9bergement pour personnes \u00e2g\u00e9es d\u00e9pendantes (EHPAD) Les Vignes sis 75-81 rue des Vignes \u00e0\nNanterre (92000) g\u00e9r\u00e9 par la Fondation Partage et Vie\n20\n2 \n \n \n \nCONSID\u00c9RANT que le centre de ressources territorial comporte deux modalit\u00e9s d'intervention devant \n\u00eatre men\u00e9es conjointement :  \n- Volet 1 : une mission d'appui aux professionnels du territoire ; \n- Volet 2 : une mission d'accompagnement renforc\u00e9 pour des personnes \u00e2g\u00e9es en  \nperte d'autonomie n\u00e9cessitant un accompagnement \u00e0 domicile plus intensif, en \nalternative \u00e0 l'EHPAD ; \n \nAu titre du volet 2, le centre de ressources territorial dispose d'une file active de 30 \nb\u00e9n\u00e9ficiaires minimum ; \n  \nCONSID\u00c9RANT que le projet d\u00e9pos\u00e9 par l'EHPAD Les Vignes, g\u00e9r\u00e9 par la Fondation Partage et Vie, \na \u00e9t\u00e9 retenu par la commission de s\u00e9lection ;  \n \nCONSID\u00c9RANT que le projet r\u00e9pond \u00e0 un besoin identifi\u00e9 sur le d\u00e9partement ; \n \nCONSID\u00c9RANT que le projet est compatible avec les objectifs et r\u00e9pond aux besoins m\u00e9dico-sociaux \nfix\u00e9s par le sch\u00e9ma r\u00e9gional de sant\u00e9 ;  \n  \nCONSID\u00c9RANT qu'il satisfait aux r\u00e8gles d'organisation et de fonctionnement pr\u00e9vues par le code de \nl'action sociale et des familles ; \n \n \nARR\u00caTENT \n \n \n \nARTICLE 1er : L'autorisation de cr\u00e9ation d'un centre de ressources territorial port\u00e9  par l'EHPAD Les \nVignes sis 75-81, rue des Vignes  \u00e0 Nanterre (92000), est accord\u00e9e au profit de la \nFondation Partage et Vie. \n \nARTICLE 2e : La capacit\u00e9 totale de l'EHPAD est fix\u00e9e \u00e0 79 places r\u00e9parties de la mani\u00e8re suivante : \n \n  - 71 places d'h\u00e9bergement permanent \n  - 8 places d'accueil de jour \n \nL'EHPAD est porteur d'un centre de ressources territorial sur le d\u00e9partement des Hauts-\nde-Seine, sur le territoire du dispositif d'appui \u00e0 la coordination (DAC) 92 Nord. \n \n \nARTICLE 3e : Cet \u00e9tablissement est r\u00e9pertori\u00e9 dans le Fichier National des Etablissements Sanitaires \net Sociaux (FINESS) de la fa\u00e7on suivante : \n \nN\u00b0 FINESS Etablissement : 92 001 560 9 \nCode cat\u00e9gorie : [500] EHPAD \nCode MFT : [41] ARS/PCD, Tarif global, habilit\u00e9 aide sociale, sans PUI \n \nCode discipline : [924] Accueil pour Personnes Ag\u00e9es \nCode fonctionnement : [11] H\u00e9bergement Complet Internat \nCode client\u00e8le : [711] Personnes Ag\u00e9es d\u00e9pendantes \n \nCode discipline : [924] Accueil pour Personnes Ag\u00e9es \nCode fonctionnement : [21] Accueil de Jour \nCode client\u00e8le : [711] Personnes Ag\u00e9es d\u00e9pendantes \n  \nCode discipline : [412] Centre de ressources territorial pour les personnes \u00e2g\u00e9es   \nCode fonctionnement : [48] Tous modes d'accueil et d'accompagnement  \nCode client\u00e8le : [040] Aidants/aid\u00e9s Personnes \u00e2g\u00e9es \n \nN\u00b0 FINESS Gestionnaire : 92 002 856 0 \nCode statut : [63] Fondation \n  \nAgence R\u00e9gionale de Sant\u00e9 - IDF-2025-05-02-00015 - Arr\u00eat\u00e9 n\u00b0 2025-139 portant autorisation de cr\u00e9ation d'un centre de ressources\nterritorial port\u00e9 par l'\u00e9tablissement d'h\u00e9bergement pour personnes \u00e2g\u00e9es d\u00e9pendantes (EHPAD) Les Vignes sis 75-81 rue des Vignes \u00e0\nNanterre (92000) g\u00e9r\u00e9 par la Fondation Partage et Vie\n21\nsigsign?\n3 \n \n \n \n \nARTICLE 4e : La cr\u00e9ation du centre de ressource s territorial n'impacte pas le budget du d\u00e9partement \ndes Hauts-de-Seine et ne sera pas financ\u00e9e par le d\u00e9partement.   \n \nARTICLE 5e : Tout changement important dans l'activit\u00e9, l'installation, l'organisation, la direction ou le \nfonctionnement d'un \u00e9tablissement ou d'un service par rapport aux caract\u00e9ristiques \nprises en consid\u00e9ration pour son autorisation devra \u00eatre port\u00e9 \u00e0 la connaissanc e des \nautorit\u00e9s comp\u00e9tentes selon l'article L.313-1 du code de l'action sociale et des familles.  \n  L'autorisation ne peut \u00eatre c\u00e9d\u00e9e sans l'accord des autorit\u00e9s comp\u00e9tentes concern\u00e9es.  \n \nARTICLE 6e : Le pr\u00e9sent arr\u00eat\u00e9 est sans effet concernant la dur\u00e9e d'autorisation accord\u00e9e \u00e0 \nl'\u00e9tablissement pour 15 ans \u00e0 compter de sa date de cr\u00e9ation ou de renouvellement \nd'autorisation conform\u00e9ment aux conditions pr\u00e9vues aux articles L.312 -8 et L.313 -5 du \ncode de l'action sociale et des familles. \n \nARTICLE 7e :  Un recours contre le pr\u00e9sent arr\u00eat\u00e9 peut \u00eatre form\u00e9 devant le tribunal administratif \ncomp\u00e9tent dans un d\u00e9lai de deux mois \u00e0 compter de sa notification.   \n \nARTICLE 8e :   Monsieur le Directeur de la D\u00e9l\u00e9gation d\u00e9partementale de s Hauts-de-Seine de l'Agence \nr\u00e9gionale de sant\u00e9 \u00cele-de-France, Monsieur le Pr\u00e9sident du Conseil d\u00e9partemental des \nHauts-de-Seine et Monsieur le Directeur g\u00e9n\u00e9ral des services du Conseil d\u00e9partemental \ndes Hauts -de-Seine sont charg\u00e9s, chacun en ce qui le concerne, de l'ex\u00e9cution du \npr\u00e9sent arr\u00eat\u00e9 qui sera notifi\u00e9 aux int\u00e9ress\u00e9s et publi\u00e9 aux recueils des actes \nadministratifs de la R\u00e9gion \u00cele-de-France et du D\u00e9partement des Hauts-de-Seine. \n \n \n \n Fait \u00e0 Nanterre, le 02/05/2025 \n \n \nPour le Directeur g\u00e9n\u00e9ral \nde l'Agence r\u00e9gionale de sant\u00e9 \n\u00cele-de-France et par d\u00e9l\u00e9gation \n \n \n \n \nSt\u00e9phanie TALBOT \nDirectrice de l'autonomie \nPour Le Pr\u00e9sident du Conseil d\u00e9partemental                      \ndes Hauts-de-Seine et par d\u00e9l\u00e9gation \nLe Directeur g\u00e9n\u00e9ral adjoint \nResponsable du P\u00f4le Solidarit\u00e9s  \n \n \n \nJean-Michel RAPINAT \n \nAgence R\u00e9gionale de Sant\u00e9 - IDF-2025-05-02-00015 - Arr\u00eat\u00e9 n\u00b0 2025-139 portant autorisation de cr\u00e9ation d'un centre de ressources\nterritorial port\u00e9 par l'\u00e9tablissement d'h\u00e9bergement pour personnes \u00e2g\u00e9es d\u00e9pendantes (EHPAD) Les Vignes sis 75-81 rue des Vignes \u00e0\nNanterre (92000) g\u00e9r\u00e9 par la Fondation Partage et Vie\n22\nAgence R\u00e9gionale de Sant\u00e9\nIDF-2025-05-02-00016\nArr\u00eat\u00e9 n\u00b0 2025-140 portant autorisation de\ncr\u00e9ation d'un centre de ressources territorial\nport\u00e9 par l'\u00e9tablissement d'h\u00e9bergement pour\npersonnes \u00e2g\u00e9es d\u00e9pendantes (EHPAD) \u00ab Ferrari\n\u00bb sis 1, place Ferrari \u00e0 Clamart (92 140) g\u00e9r\u00e9 par\nl'association \u00ab Les OEuvres hospitali\u00e8res\nfran\u00e7aises de l'Ordre de Malte \u00bb\nAgence R\u00e9gionale de Sant\u00e9 - IDF-2025-05-02-00016 - Arr\u00eat\u00e9 n\u00b0 2025-140 portant autorisation de cr\u00e9ation d'un centre de ressources\nterritorial port\u00e9 par l'\u00e9tablissement d'h\u00e9bergement pour personnes \u00e2g\u00e9es d\u00e9pendantes (EHPAD) \u00ab Ferrari \u00bb sis 1, place Ferrari \u00e0\nClamart (92 140) g\u00e9r\u00e9 par l'association \u00ab Les OEuvres hospitali\u00e8res fran\u00e7aises de l'Ordre de Malte \u00bb\n23\nEREPUBLIQUE hauts-de-seineFRAN\u00c7AISE LE D\u00c9PARTEMENLibert\u00e9 0) Agence R\u00e9gionale de Sant\u00e9\u00c9galit\u00e9 \u00cele-de-FranceFraternit\u00e9\n        \n \n \n \n \n \n \n \n \n \nARR\u00caT\u00c9 N\u00b0 2025 \u2013 140 \n \nportant autorisation de cr\u00e9ation d'un centre de ressources territorial \nport\u00e9 par l'\u00e9tablissement d'h\u00e9bergement pour personnes \u00e2g\u00e9es d\u00e9pendantes \n(EHPAD) \u00ab Ferrari \u00bb sis 1, place Ferrari \u00e0 Clamart (92 140)                                                                    \ng\u00e9r\u00e9 par l'association \u00ab Les \u0152uvres hospitali\u00e8res fran\u00e7aises de l'Ordre de Malte \u00bb \n \n \n \nLE DIRECTEUR G\u00c9N\u00c9RAL DE L'AGENCE R\u00c9GIONALE DE SANT\u00c9 \u00ceLE-DE-FRANCE \n \nLE PR\u00c9SIDENT DU CONSEIL D\u00c9PARTEMENTAL DES HAUTS-DE-SEINE \n \n \nVU le code de l'action sociale et des familles et notamment les articles L. 312 -1, L. 313-1, L. 314-3 et \nsuivants ;  \n \nVU  le code g\u00e9n\u00e9ral des collectivit\u00e9s territoriales ; \n \nVU le d\u00e9cret du 10 avril 2024 portant nomination de Monsieur Denis ROBIN, Directeur g\u00e9n\u00e9ral de \nl'Agence r\u00e9gionale de sant\u00e9 \u00cele-de-France, \u00e0 compter du 29 avril 2024 ; \n \nVU l'arr\u00eat\u00e9 DS N\u00b0115/2024 du 25 septembre 2024 portant d\u00e9l\u00e9gation de signature \u00e0 Madame \nSt\u00e9phanie TALBOT, Directrice de l'autonomie ; \n \nVU l'arr\u00eat\u00e9 n\u00b0 2023 -DAJA-43 du 21 juillet 2023 accordant d\u00e9l\u00e9gation de signature \u00e0 Monsieur Jean -\nMichel R APINAT, Directeur g\u00e9n\u00e9ral adjoint Responsable du p\u00f4le Solidarit\u00e9s et \u00e0 Madame \nLaurence HAUCK, adjointe au Directeur g\u00e9n\u00e9ral adjoint ; \n \nVU l'arr\u00eat\u00e9 n\u00b0 DIRNOV-2023/08 du 26 octobre 2023 de la Directrice g\u00e9n\u00e9rale de l'Agence r\u00e9gionale de \nsant\u00e9 \u00cele-de-France portant modification du cadre d'orientation strat\u00e9gique 2018 -2028 du projet \nr\u00e9gional de sant\u00e9 \u00cele-de-France ; \n \nVU l'arr\u00eat\u00e9 n\u00b0 DIRNOV-2023/09 du 26 octobre 2023 de la Directrice g\u00e9n\u00e9rale de l'Agence r\u00e9gionale de \nsant\u00e9 \u00cele-de-France portant adoption du sch\u00e9ma r\u00e9gional de sant\u00e9 2023 -2028 du projet r\u00e9gional \nde sant\u00e9 \u00cele-de-France ; \n \nVU l'arr\u00eat\u00e9 n\u00b0 2023-162 de la Directrice g\u00e9n\u00e9rale de l'Agence r\u00e9gionale de sant\u00e9 \u00cele-de-France du 19 \njuin 2023 \u00e9tablissant le programme interd\u00e9partemental d'accompagnement des handicaps et de la \nperte d'autonomie (PRIAC) 2022-2026 pour la r\u00e9gion \u00cele-de-France ; \n \nVU l'arr\u00eat\u00e9 conjoint n\u00b0 2023-51 du 28 avril 2023  portant autorisation d' extension de 1 0 places \nd'h\u00e9bergement temporaire  au b\u00e9n\u00e9fice de l'EHPAD \u00ab  Ferrari \u00bb, g\u00e9r\u00e9 par l'association \u00ab  Les \n\u0152uvres hospitali\u00e8res fran\u00e7aises de l'Ordre de Malte \u00bb, portant la capacit\u00e9 totale de l'EHPAD \u00e0 168 \nplaces (153 places d'h\u00e9bergement permanent et 15 places d'h\u00e9bergement temporaire) ; \n \nVU l'avis d'appel \u00e0  candidatures du 2 avril 2024 pour le d\u00e9ploiement de la mission de centre s de \nressources territoriaux \u00e0 destination des personnes \u00e2g\u00e9es en R\u00e9gion \u00cele-de-France ; \n \nVU l'avis de s\u00e9lection de l 'appel \u00e0 candidatures pour le d\u00e9ploiement de la mission de centre s de \nressources territoriaux \u00e0 destination des personnes \u00e2g\u00e9es en R\u00e9gion \u00cele-de-France en date du 1 5 \nnovembre 2024 ; \n \n  \nAgence R\u00e9gionale de Sant\u00e9 - IDF-2025-05-02-00016 - Arr\u00eat\u00e9 n\u00b0 2025-140 portant autorisation de cr\u00e9ation d'un centre de ressources\nterritorial port\u00e9 par l'\u00e9tablissement d'h\u00e9bergement pour personnes \u00e2g\u00e9es d\u00e9pendantes (EHPAD) \u00ab Ferrari \u00bb sis 1, place Ferrari \u00e0\nClamart (92 140) g\u00e9r\u00e9 par l'association \u00ab Les OEuvres hospitali\u00e8res fran\u00e7aises de l'Ordre de Malte \u00bb\n24\n2 \n \n \nCONSID\u00c9RANT que le centre de ressources territorial comporte deux modalit\u00e9s d'intervention devant \n\u00eatre men\u00e9es conjointement :  \n- Volet 1 : une mission d'appui aux professionnels du territoire ; \n- Volet 2 : une mission d'accompagnement renforc\u00e9 pour des personnes \u00e2g\u00e9es en  \nperte d'autonomie n\u00e9cessitant un accompagnement \u00e0 domicile plus intensif, en \nalternative \u00e0 l'EHPAD ; \n \nAu titre du volet 2, le centre de ressources territorial dispose d'une file active de 30 \nb\u00e9n\u00e9ficiaires minimum ; \n  \nCONSID\u00c9RANT que le projet d\u00e9pos\u00e9 par l'EHPAD \u00ab Ferrari \u00bb, g\u00e9r\u00e9 par  l'association \u00ab Les \u0152uvres \nhospitali\u00e8res fran\u00e7aises de l'Ordre de Malte  \u00bb, a \u00e9t\u00e9 retenu par la commission de \ns\u00e9lection ;  \n \nCONSID\u00c9RANT que le projet r\u00e9pond \u00e0 un besoin identifi\u00e9 sur le d\u00e9partement ; \n \nCONSID\u00c9RANT que le projet est compatible avec les objectifs et r\u00e9pond aux besoins m\u00e9dico-sociaux \nfix\u00e9s par le sch\u00e9ma r\u00e9gional de sant\u00e9 ;  \n  \nCONSID\u00c9RANT qu'il satisfait aux r\u00e8gles d'organisation et de fonctionnement pr\u00e9vues par le code de \nl'action sociale et des familles ; \n \n \nARR\u00caTENT \n \n \n \nARTICLE 1er : L'autorisation de cr\u00e9ation d'un centre de ressources territorial port\u00e9  par l'EHPAD \n\u00ab Ferrari \u00bb sis 1 place Ferrari \u00e0 Clamart (92 140) est accord\u00e9e au profit de l'association \n\u00ab Les \u0152uvres hospitali\u00e8res fran\u00e7aises de l'Ordre de Malte \u00bb. \n \nARTICLE 2e : La capacit\u00e9 totale de l'EHPAD est fix\u00e9e \u00e0 168 places r\u00e9parties de la mani\u00e8re suivante  :  \n \n         -      153 places d'h\u00e9bergement permanent  \n-  15 places d'h\u00e9bergement temporaire. \n \nL'EHPAD est porteur d'un centre de ressources territorial sur le d\u00e9partement des Hauts-\nde-Seine, sur le territoire du dispositif d'appui \u00e0 la coordination (DAC) 92 Sud. \n \n \nARTICLE 3e : Cet \u00e9tablissement est r\u00e9pertori\u00e9 dans le Fichier National des Etablissements Sanitaires \net Sociaux (FINESS) de la fa\u00e7on suivante : \n \nN\u00b0 FINESS Etablissement : 92 071 037 3 \nCode cat\u00e9gorie : [500] EHPAD \nCode MFT : [45] ARS/PCD, Tarif partiel, habilit\u00e9 aide sociale, sans PUI \n \nCode discipline : [924] Accueil pour Personnes Ag\u00e9es \nCode fonctionnement : [11] H\u00e9bergement Complet Internat \nCode client\u00e8le : [711] Personnes Ag\u00e9es d\u00e9pendantes \n \nCode discipline : [657] Accueil temporaire pour Personnes \u00c2g\u00e9es  \nCode fonctionnement : [11] H\u00e9bergement Complet Internat \nCode client\u00e8le : [711] Personnes Ag\u00e9es d\u00e9pendantes \n  \nCode discipline : [412] Centre de ressources territorial pour les personnes \u00e2g\u00e9es    \nCode fonctionnement : [48] Tous modes d'accueil et d'accompagnement  \nCode client\u00e8le : [040] Aidants/aid\u00e9s Personnes \u00e2g\u00e9es \n \nN\u00b0 FINESS Gestionnaire : 75 081 059 0 \nCode statut : [61] Association Loi 1901 R.U.P.  \nAgence R\u00e9gionale de Sant\u00e9 - IDF-2025-05-02-00016 - Arr\u00eat\u00e9 n\u00b0 2025-140 portant autorisation de cr\u00e9ation d'un centre de ressources\nterritorial port\u00e9 par l'\u00e9tablissement d'h\u00e9bergement pour personnes \u00e2g\u00e9es d\u00e9pendantes (EHPAD) \u00ab Ferrari \u00bb sis 1, place Ferrari \u00e0\nClamart (92 140) g\u00e9r\u00e9 par l'association \u00ab Les OEuvres hospitali\u00e8res fran\u00e7aises de l'Ordre de Malte \u00bb\n25\nGI sig\n3 \n \n \nARTICLE 4e : La cr\u00e9ation du centre de ressource s territorial n'impacte pas le budget du d\u00e9partement \ndes Hauts-de-Seine et ne sera pas financ\u00e9e par le d\u00e9partement.   \n \nARTICLE 5e : Tout changement important dans l'activit\u00e9, l'installation, l'organisation, la direction ou le \nfonctionnement d'un \u00e9tablissement ou d'un service par rapport aux caract\u00e9ristiques \nprises en consid\u00e9ration pour son autorisation devra \u00eatre port\u00e9 \u00e0 la connaissanc e des \nautorit\u00e9s comp\u00e9tentes selon l'article L.313-1 du code de l'action sociale et des familles.  \n  L'autorisation ne peut \u00eatre c\u00e9d\u00e9e sans l'accord des autorit\u00e9s comp\u00e9tentes concern\u00e9es.  \n \nARTICLE 6e : Le pr\u00e9sent arr\u00eat\u00e9 est sans effet concernant la dur\u00e9e d'autorisation accord\u00e9e \u00e0 \nl'\u00e9tablissement pour 15 ans \u00e0 compter de sa date de cr\u00e9ation ou de renouvellement \nd'autorisation conform\u00e9ment aux conditions pr\u00e9vues aux articles L.312 -8 et L.313 -5 du \ncode de l'action sociale et des familles. \n \nARTICLE 7e :  Un recours contre le pr\u00e9sent arr\u00eat\u00e9 peut \u00eatre form\u00e9 devant le tribunal administratif \ncomp\u00e9tent dans un d\u00e9lai de deux mois \u00e0 compter de sa notification.   \n \nARTICLE 8e :   Monsieur le Directeur de la D\u00e9l\u00e9gation d\u00e9partementale de s Hauts-de-Seine de l'Agence \nr\u00e9gionale de sant\u00e9 \u00cele-de-France, Monsieur le Pr\u00e9sident du Conseil d\u00e9partemental des \nHauts-de-Seine et Monsieur le Directeur g\u00e9n\u00e9ral des services du Conseil d\u00e9partemental \ndes Hauts -de-Seine sont charg\u00e9s, chacun en ce qui le concerne, de l'ex\u00e9cution du \npr\u00e9sent arr\u00eat\u00e9 qui sera notifi\u00e9 aux int\u00e9ress\u00e9s et publi\u00e9 aux recueils des actes \nadministratifs de la R\u00e9gion \u00cele-de-France et du D\u00e9partement des Hauts-de-Seine. \n \n \n \n Fait \u00e0 Nanterre, le 02/05/2025 \n \n \nPour le Directeur g\u00e9n\u00e9ral \nde l'Agence r\u00e9gionale de sant\u00e9 \n\u00cele-de-France et par d\u00e9l\u00e9gation \n \n \nSt\u00e9phanie TALBOT \nDirectrice de l'autonomie \nPour Le Pr\u00e9sident du Conseil d\u00e9partemental                \ndes Hauts-de-Seine et par d\u00e9l\u00e9gation \nLe Directeur g\u00e9n\u00e9ral adjoint \nResponsable du P\u00f4le Solidarit\u00e9s  \n \nJean-Michel RAPINAT \n \nAgence R\u00e9gionale de Sant\u00e9 - IDF-2025-05-02-00016 - Arr\u00eat\u00e9 n\u00b0 2025-140 portant autorisation de cr\u00e9ation d'un centre de ressources\nterritorial port\u00e9 par l'\u00e9tablissement d'h\u00e9bergement pour personnes \u00e2g\u00e9es d\u00e9pendantes (EHPAD) \u00ab Ferrari \u00bb sis 1, place Ferrari \u00e0\nClamart (92 140) g\u00e9r\u00e9 par l'association \u00ab Les OEuvres hospitali\u00e8res fran\u00e7aises de l'Ordre de Malte \u00bb\n26\nAgence R\u00e9gionale de Sant\u00e9\nIDF-2025-05-02-00017\nArr\u00eat\u00e9 n\u00b0 2025-141 portant autorisation de\ncr\u00e9ation d'un centre de ressources territorial\nport\u00e9 par l'\u00e9tablissement d'h\u00e9bergement pour\npersonnes \u00e2g\u00e9es d\u00e9pendantes (EHPAD) public\nautonome Lasserre sis 4 rue S\u00e9verine \u00e0\nIssy-les-Moulineaux (92130)\nAgence R\u00e9gionale de Sant\u00e9 - IDF-2025-05-02-00017 - Arr\u00eat\u00e9 n\u00b0 2025-141 portant autorisation de cr\u00e9ation d'un centre de ressources\nterritorial port\u00e9 par l'\u00e9tablissement d'h\u00e9bergement pour personnes \u00e2g\u00e9es d\u00e9pendantes (EHPAD) public autonome Lasserre sis 4 rue\nS\u00e9verine \u00e0 Issy-les-Moulineaux (92130)\n27\nExREPUBLIQUE hauts-de-seineFRAN\u00c7AISE LE OCPARTEMENLibert\u00e9 \u00a9 } Agence R\u00e9gionale de Sant\u00e9\u00c9galit\u00e9 \u00cele-de-FranceFraternit\u00e9\n        \n \n \n \n \n \n \n \n \n \nARR\u00caT\u00c9 N\u00b0 2025 \u2013 141 \n \nportant autorisation de cr\u00e9ation d'un centre de ressources territorial \nport\u00e9 par l'\u00e9tablissement d'h\u00e9bergement pour personnes \u00e2g\u00e9es d\u00e9pendantes \n(EHPAD) public autonome Lasserre sis 4 rue S\u00e9verine \u00e0 Issy-les-Moulineaux (92130) \n  \n \n \nLE DIRECTEUR G\u00c9N\u00c9RAL DE L'AGENCE R\u00c9GIONALE DE SANT\u00c9 \u00ceLE-DE-FRANCE \n \nLE PR\u00c9SIDENT DU CONSEIL D\u00c9PARTEMENTAL DES HAUTS-DE-SEINE \n \n \nVU le code de l'action sociale et des familles et notamment les articles L. 312 -1, L. 313-1, L. 314-3 et \nsuivants ;  \n \nVU  le code g\u00e9n\u00e9ral des collectivit\u00e9s territoriales ; \n \nVU le d\u00e9cret du 10 avril 2024 portant nomination de Monsieur Denis ROBIN, Directeur g\u00e9n\u00e9ral de \nl'Agence r\u00e9gionale de sant\u00e9 \u00cele-de-France, \u00e0 compter du 29 avril 2024 ; \n \nVU l'arr\u00eat\u00e9 DS N\u00b0115/2024 du 25 septembre 2024 portant d\u00e9l\u00e9gation de signature \u00e0 Madame \nSt\u00e9phanie TALBOT, Directrice de l'autonomie ; \n \nVU l'arr\u00eat\u00e9 n\u00b0 2023 -DAJA-43 du 21 juillet 2023 accordant d\u00e9l\u00e9gation de signature \u00e0 Monsieur Jean -\nMichel R APINAT, Directeur g\u00e9n\u00e9ral adjoint Responsable du p\u00f4le Solidarit\u00e9s et \u00e0 Madame \nLaurence HAUCK, adjointe au Directeur g\u00e9n\u00e9ral adjoint ; \n \nVU l'arr\u00eat\u00e9 n\u00b0 DIRNOV-2023/08 du 26 octobre 2023 de la Directrice g\u00e9n\u00e9rale de l'Agence r\u00e9gionale de \nsant\u00e9 \u00cele-de-France portant modification du cadre d'orientation strat\u00e9gique 2018 -2028 du projet \nr\u00e9gional de sant\u00e9 \u00cele-de-France ; \n \nVU l'arr\u00eat\u00e9 n\u00b0 DIRNOV-2023/09 du 26 octobre 2023 de la Directrice g\u00e9n\u00e9rale de l'Agence r\u00e9gionale de \nsant\u00e9 \u00cele-de-France portant adoption du sch\u00e9ma r\u00e9gional de sant\u00e9 2023 -2028 du projet r\u00e9gional \nde sant\u00e9 \u00cele-de-France ; \n \nVU l'arr\u00eat\u00e9 n\u00b0 2023-162 de la Directrice g\u00e9n\u00e9rale de l'Agence r\u00e9gionale de sant\u00e9 Ile -de-France du 19 \njuin 2023 \u00e9tablissant le programme interd\u00e9partemental d'accompagnement des handicaps et de la \nperte d'autonomie (PRIAC) 2022-2026 pour la r\u00e9gion \u00cele-de-France ; \n \nVU l'arr\u00eat\u00e9 conjoint n\u00b0 2016-247 du 30 juin 2016 portant autorisation de cr\u00e9ation d'un P\u00f4le d'Activit\u00e9s \net de Soins Adapt\u00e9s (PASA) de 14 places  au sein de l'EHPAD Lasserre sis 4 rue S\u00e9verine \u00e0                   \nIssy-les-Moulineaux (92130) ; \n \nVU l'avis d'appel \u00e0  candidatures du 2 avril 2024 pour le d\u00e9ploiement de la mission de centre s de \nressources territoriaux \u00e0 destination des personnes \u00e2g\u00e9es en R\u00e9gion \u00cele-de-France ; \n \nVU l'avis de s\u00e9lection de l 'appel \u00e0 candidatures pour le d\u00e9ploiement de la mission de centre s de \nressources territoriaux \u00e0 destination des personnes \u00e2g\u00e9es en R\u00e9gion \u00cele-de-France en date du 1 5 \nnovembre 2024 ; \n \n  \nAgence R\u00e9gionale de Sant\u00e9 - IDF-2025-05-02-00017 - Arr\u00eat\u00e9 n\u00b0 2025-141 portant autorisation de cr\u00e9ation d'un centre de ressources\nterritorial port\u00e9 par l'\u00e9tablissement d'h\u00e9bergement pour personnes \u00e2g\u00e9es d\u00e9pendantes (EHPAD) public autonome Lasserre sis 4 rue\nS\u00e9verine \u00e0 Issy-les-Moulineaux (92130)\n28\n2 \n \n \n \nCONSID\u00c9RANT que le centre de ressources territorial comporte deux modalit\u00e9s d'intervention devant \n\u00eatre men\u00e9es conjointement :  \n- Volet 1 : une mission d'appui aux professionnels du territoire ; \n- Volet 2 : une mission d'accompagnement renforc\u00e9 pour des personnes \u00e2g\u00e9es en  \nperte d'autonomie n\u00e9cessitant un accompagnement \u00e0 domicile plus intensif, en \nalternative \u00e0 l'EHPAD ; \n \nAu titre du volet 2, le centre de ressources territorial dispose d'une file active de 30 \nb\u00e9n\u00e9ficiaires minimum ; \n  \nCONSID\u00c9RANT que le projet d\u00e9pos\u00e9 par l'EHPAD Lasserre a \u00e9t\u00e9 retenu par la commission de \ns\u00e9lection ;  \n \nCONSID\u00c9RANT que le projet r\u00e9pond \u00e0 un besoin identifi\u00e9 sur le d\u00e9partement ; \n \nCONSID\u00c9RANT que le projet est compatible avec les objectifs et r\u00e9pond aux besoins m\u00e9dico-sociaux \nfix\u00e9s par le sch\u00e9ma r\u00e9gional de sant\u00e9 ;  \n  \nCONSID\u00c9RANT qu'il satisfait aux r\u00e8gles d'organisation et de fonctionnement pr\u00e9vues par le code de \nl'action sociale et des familles ; \n \n \n              ARR\u00caTENT \n \n \n \nARTICLE 1er : L'autorisation de cr\u00e9ation d'un centre de ressources territorial port\u00e9  par l'EHPAD public \nautonome Lasserre sis 4, rue S\u00e9verine \u00e0 Issy-les-Moulineaux (92130), est accord\u00e9e. \n \nARTICLE 2e : La capacit\u00e9 totale de l'EHPAD est fix\u00e9e \u00e0 131 places d'h\u00e9bergement permanent. \n                             \n                            L'\u00e9tablissement comprend un PASA de 14 places pour personnes atteintes de la maladie \nd'Alzheimer ou maladies apparent\u00e9es. \n \nL'EHPAD est porteur d'un centre de ressources territorial sur le d\u00e9partement des Hauts-\nde-Seine, sur le territoire du dispositif d'appui \u00e0 la coordination (DAC) 92 Sud. \n \n \nARTICLE 3e : Cet \u00e9tablissement est r\u00e9pertori\u00e9 dans le Fichier National des Etablissements Sanitaires \net Sociaux (FINESS) de la fa\u00e7on suivante : \n \nN\u00b0 FINESS Etablissement : 92 071 068 8 \nCode cat\u00e9gorie : [500] EHPAD \nCode MFT : [41] ARS/PCD, Tarif global, habilit\u00e9 aide sociale, sans PUI \n \nCode discipline : [924] Accueil pour Personnes Ag\u00e9es \nCode fonctionnement : [11] H\u00e9bergement Complet Internat \nCode client\u00e8le : [711] Personnes Ag\u00e9es d\u00e9pendantes \n \nCode discipline : [961] P\u00f4le d'activit\u00e9s et de soins adapt\u00e9s \nCode fonctionnement : [21] Accueil de Jour \nCode client\u00e8le : [436] Personnes Alzheimer ou maladies apparent\u00e9es \n  \nCode discipline : [412] Centre de ressources territorial pour les personnes \u00e2g\u00e9es   \nCode fonctionnement : [48] Tous modes d'accueil et d'accompagnement  \nCode client\u00e8le : [040] Aidants/aid\u00e9s Personnes \u00e2g\u00e9es \n \nN\u00b0 FINESS Gestionnaire : 92 000 138 5 \nCode statut : [21] Etablissement social et m\u00e9dico-social communal \n  \nAgence R\u00e9gionale de Sant\u00e9 - IDF-2025-05-02-00017 - Arr\u00eat\u00e9 n\u00b0 2025-141 portant autorisation de cr\u00e9ation d'un centre de ressources\nterritorial port\u00e9 par l'\u00e9tablissement d'h\u00e9bergement pour personnes \u00e2g\u00e9es d\u00e9pendantes (EHPAD) public autonome Lasserre sis 4 rue\nS\u00e9verine \u00e0 Issy-les-Moulineaux (92130)\n29\nsigsign?\n3 \n \n \n \n \nARTICLE 4e : La cr\u00e9ation du centre de ressource s territorial n'impacte pas le budget du d\u00e9partement \ndes Hauts-de-Seine et ne sera pas financ\u00e9e par le d\u00e9partement.   \n \nARTICLE 5e : Tout changement important dans l'activit\u00e9, l'installation, l'organisation, la direction ou le \nfonctionnement d'un \u00e9tablissement ou d'un service par rapport aux caract\u00e9ristiques \nprises en consid\u00e9ration pour son autorisation devra \u00eatre port\u00e9 \u00e0 la connaissanc e des \nautorit\u00e9s comp\u00e9tentes selon l'article L.313-1 du code de l'action sociale et des familles.  \n  L'autorisation ne peut \u00eatre c\u00e9d\u00e9e sans l'accord des autorit\u00e9s comp\u00e9tentes concern\u00e9es.  \n \nARTICLE 6e : Le pr\u00e9sent arr\u00eat\u00e9 est sans effet concernant la dur\u00e9e d'autorisation accord\u00e9e \u00e0 \nl'\u00e9tablissement pour 15 ans \u00e0 compter de sa date de cr\u00e9ation ou de renouvellement \nd'autorisation conform\u00e9ment aux conditions pr\u00e9vues aux articles L.312 -8 et L.313 -5 du \ncode de l'action sociale et des familles. \n \nARTICLE 7e :  Un recours contre le pr\u00e9sent arr\u00eat\u00e9 peut \u00eatre form\u00e9 devant le tribunal administratif \ncomp\u00e9tent dans un d\u00e9lai de deux mois \u00e0 compter de sa notification.   \n \nARTICLE 8e :   Monsieur le Directeur de la D\u00e9l\u00e9gation d\u00e9partementale de s Hauts-de-Seine de l'Agence \nr\u00e9gionale de sant\u00e9 \u00cele-de-France, Monsieur le Pr\u00e9sident du Conseil d\u00e9partemental des \nHauts-de-Seine et Monsieur le Directeur g\u00e9n\u00e9ral des services du Conseil d\u00e9partemental \ndes Hauts -de-Seine sont charg\u00e9s, chacun en ce qui le concerne, de l'ex\u00e9cution du \npr\u00e9sent arr\u00eat\u00e9 qui sera notifi\u00e9 aux int\u00e9ress\u00e9s et publi\u00e9 aux recueils des actes \nadministratifs de la R\u00e9gion \u00cele-de-France et du D\u00e9partement des Hauts-de-Seine. \n \n \n \n Fait \u00e0 Nanterre, le 02/05/2025 \n \n \nPour le Directeur g\u00e9n\u00e9ral \nde l'Agence r\u00e9gionale de sant\u00e9 \n\u00cele-de-France et par d\u00e9l\u00e9gation \n \n \n \n \nSt\u00e9phanie TALBOT \nDirectrice de l'autonomie \nPour Le Pr\u00e9sident du Conseil d\u00e9partemental                                  \ndes Hauts-de-Seine et par d\u00e9l\u00e9gation \nLe Directeur g\u00e9n\u00e9ral adjoint \nResponsable du P\u00f4le Solidarit\u00e9s  \n \n \n \nJean-Michel RAPINAT \n \nAgence R\u00e9gionale de Sant\u00e9 - IDF-2025-05-02-00017 - Arr\u00eat\u00e9 n\u00b0 2025-141 portant autorisation de cr\u00e9ation d'un centre de ressources\nterritorial port\u00e9 par l'\u00e9tablissement d'h\u00e9bergement pour personnes \u00e2g\u00e9es d\u00e9pendantes (EHPAD) public autonome Lasserre sis 4 rue\nS\u00e9verine \u00e0 Issy-les-Moulineaux (92130)\n30\nAgence R\u00e9gionale de Sant\u00e9\nIDF-2025-04-30-00010\nArr\u00eat\u00e9 portant fermeture d\u00e9finitive du service de\nsoins infirmiers \u00e0 domicile (SSIAD) \ndu Centre d'H\u00e9bergement et de R\u00e9insertion\nSociale (CHRS) de longue dur\u00e9e g\u00e9r\u00e9 par le\nCentre d'Accueil et de Soins Hospitaliers (CASH)\nde Nanterre \nAgence R\u00e9gionale de Sant\u00e9 - IDF-2025-04-30-00010 - Arr\u00eat\u00e9 portant fermeture d\u00e9finitive du service de soins infirmiers \u00e0 domicile\n(SSIAD) \ndu Centre d'H\u00e9bergement et de R\u00e9insertion Sociale (CHRS) de longue dur\u00e9e g\u00e9r\u00e9 par le Centre d'Accueil et de Soins Hospitaliers\n(CASH) de Nanterre \n31\nREPUBLIQUEFRANCAISELibert\u00e9Egalit\u00e9Fraternit\u00e9 \u00a9 \u00bb Agence R\u00e9gionale de Sant\u00e9Ile-de-France\n \n \n \n \n \n \n \nAGENCE R\u00c9GIONALE DE SANT\u00c9 \u00ceLE-DE-FRANCE \nARR\u00caT\u00c9 N\u00b0 2025 - 89 \nportant fermeture d\u00e9finitive du service de soins infirmiers \u00e0 domicile (SSIAD)  \ndu Centre d'H\u00e9bergement et de R\u00e9insertion Sociale (CHRS) de longue dur\u00e9e  \ng\u00e9r\u00e9 par le Centre d'Accueil et de Soins Hospitaliers (CASH) de Nanterre  \n \n \nLE DIRECTEUR G\u00c9N\u00c9RAL DE L'AGENCE R\u00c9GIONALE DE SANT\u00c9 \u00ceLE-DE-FRANCE \n \nVU le code de l' action sociale et des familles et notamment les articles L3 12-1, L313 -1, L314 -3,                      \nL313-18 et suivants ; \n \nle d\u00e9cret du 10 avril 2024 portant nomination de Monsieur Denis ROBIN, Directeur g\u00e9n\u00e9ral de \nl'Agence r\u00e9gionale de sant\u00e9 \u00cele-de-France \u00e0 compter du 29 avril 2024 ; \n \nl'arr\u00eat\u00e9 n\u00b0 DIRNOV-2023/08 de la Directrice g\u00e9n\u00e9rale de l'Agence r\u00e9gionale de sant\u00e9 \u00cele-de-France \nen date du 26 octobre 2023 portant adoption du cadre d'orientation strat\u00e9gique 2018-2028 du projet \nr\u00e9gional de sant\u00e9 \u00cele-de-France ; \n \nl'arr\u00eat\u00e9 n\u00b0 DIRNOV-2023/09 de la Directrice g\u00e9n\u00e9rale de l'Agence r\u00e9gionale de sant\u00e9 \u00cele-de-France \nen date du 26 octobre 2023 portant adoption du sch\u00e9ma r\u00e9gional de sant\u00e9 2023 -2028 du projet \nr\u00e9gional de sant\u00e9 \u00cele-de-France ;  \n \nl'arr\u00eat\u00e9 n\u00b0 2023 -162 de la Directrice g\u00e9n\u00e9rale de l'Agence r\u00e9gionale de sant\u00e9 \u00cele-de-France du 19 \njuin 2023 \u00e9tablissant le programme interd\u00e9partemental d'accompagnement des handicaps et de la \nperte d'autonomie (PRIAC) 2022-2026 pour la r\u00e9gion \u00cele-de-France ; \n \nl'arr\u00eat\u00e9 pr\u00e9fectoral du 15 d\u00e9cembre 2004 autorisant la cr\u00e9ation d'un Service de Soins Infirmiers \u00e0 \nDomicile de 75 places au sein du CHRS de longue dur\u00e9e du CASH ; \n \nle compte rendu du Conseil d'administration du CASH de Nanterre du 27 juin 2024 actant la \ncessation d'activit\u00e9 du SSIAD du CHRS de longue dur\u00e9e ; \n \n \nVU \n \n \nVU \n \n \n \nVU \n \n \n \nVU \n \n \n \nVU \n \n \nVU \n \n \n   \n \nCONSID\u00c9RANT \n \n \nCONSID\u00c9RANT   \n \n \n \nCONSID\u00c9RANT \n \n \n \nCONSID\u00c9RANT \n                        \n \nque le CHRS de longue dur\u00e9e du CASH, auquel \u00e9tait rattach\u00e9 le SSIAD a \u00e9t\u00e9 ferm\u00e9 en \n2022 ; \n \nque le SSIAD ne prend plus en charge d'usagers, et qu'il convient d'acter la fermeture du \nservice de 75 places (47 places pour personnes \u00e2g\u00e9es et 28 places pour personnes \nhandicap\u00e9es) ; \n \nque, conform\u00e9ment \u00e0 l'article L313 -18 du code de l'action sociale et des familles , la \ncessation d\u00e9finitive d'activit\u00e9 du SSIAD du CASH de Nanterre donne lieu \u00e0 l'abrogation \nconcomitante de l'acte d'autorisation ; \n \nque le versement de la dotation soin au b\u00e9n\u00e9fice du SSIAD du CHRS longue dur\u00e9e g\u00e9r\u00e9 \npar le CASH de Nanterre pour la prise en charge de 75 places ( 47 places pour personnes \n\u00e2g\u00e9e et 28 places pour personnes handicap\u00e9es) est arr\u00eat\u00e9 au 30 octobre 2022 ; \nAgence R\u00e9gionale de Sant\u00e9 - IDF-2025-04-30-00010 - Arr\u00eat\u00e9 portant fermeture d\u00e9finitive du service de soins infirmiers \u00e0 domicile\n(SSIAD) \ndu Centre d'H\u00e9bergement et de R\u00e9insertion Sociale (CHRS) de longue dur\u00e9e g\u00e9r\u00e9 par le Centre d'Accueil et de Soins Hospitaliers\n(CASH) de Nanterre \n32\nGI\n \n      ARR\u00caTE \n \n \n \nARTICLE 1er : Il est act\u00e9 la fermeture du SSIAD du CHRS de longue dur\u00e9e , situ\u00e9 au 403 avenue de la \nR\u00e9publique \u00e0 Nanterre (92 014), g\u00e9r\u00e9 par le CASH de Nanterre. \nARTICLE 2e : Le SSIAD de Nanterre situ\u00e9 au 403 avenue de la R\u00e9publique \u00e0 Nanterre (92 014) g\u00e9r\u00e9 par \nle CASH de Nanterre n'est plus autoris\u00e9 \u00e0 exercer ses activit\u00e9s et \u00e0 prendre en charge des \npersonnes \u00e2g\u00e9es et en situation de handicap. \nARTICLE 3e : Le SSIAD n'est plus r\u00e9pertori\u00e9 dans le Fichier National des Etablissements Sanitaires et \nSociaux (FINESS). \n \nARTICLE 4e : Un recours contre le pr\u00e9sent arr\u00eat\u00e9 peut \u00eatre form\u00e9 devant le tribunal administratif \ncomp\u00e9tent dans un d\u00e9lai de deux mois  \u00e0 compter de sa notification, ou pour les tiers \u00e0 \ncompter de sa publication. \n \nARTICLE 5e : Le Directeur de la D\u00e9l\u00e9gation  d\u00e9partementale des Hauts-de-Seine de l'Agence r\u00e9gionale \nde sant\u00e9 \u00cele-de-France est charg\u00e9 de l'ex\u00e9cution du pr\u00e9sent arr\u00eat\u00e9 qui sera notifi\u00e9 au \ndemandeur, et publi\u00e9 aux recueils des actes administratifs de la R\u00e9gion \u00cele-de-France et \nde la Pr\u00e9fecture des Hauts-de-Seine. \n \n \n \n                                                                                                     Fait \u00e0 Saint-Denis, le 30/04/2025 \n \n    \n \n \n \n  \nPour le Directeur g\u00e9n\u00e9ral \nde l'Agence r\u00e9gionale de sant\u00e9 \n\u00cele-de-France,   \nLa Directrice g\u00e9n\u00e9rale adjointe \n  \nSophie MARTINON \n \n  \n \n  \n \n \n \n \n \n \nAgence R\u00e9gionale de Sant\u00e9 - IDF-2025-04-30-00010 - Arr\u00eat\u00e9 portant fermeture d\u00e9finitive du service de soins infirmiers \u00e0 domicile\n(SSIAD) \ndu Centre d'H\u00e9bergement et de R\u00e9insertion Sociale (CHRS) de longue dur\u00e9e g\u00e9r\u00e9 par le Centre d'Accueil et de Soins Hospitaliers\n(CASH) de Nanterre \n33\nAgence R\u00e9gionale de Sant\u00e9\nIDF-2025-05-07-00005\nD\u00e9cision n\u00b0 DOS - 2025 / 2005 portant sur\nl'autorisation de d\u00e9plafonnement des heures\nsuppl\u00e9mentaires\nAgence R\u00e9gionale de Sant\u00e9 - IDF-2025-05-07-00005 - D\u00e9cision n\u00b0 DOS - 2025 / 2005 portant sur l'autorisation de d\u00e9plafonnement des\nheures suppl\u00e9mentaires 34\nEREPUBLIQUEFRAN\u00c7AISE @ D Agence R\u00e9gionale de Sant\u00e9Libert\u00e9 lle-de-FranceEgalit\u00e9Fraternit\u00e9\n4 4 4 4==  mn  me =  mn mm  = = \u2014  MR  mm  Re  =  =  = = =.  \u2014\nation du travail3 du 9 janvier 1986 portantre iires et a leur33 duitali\u00e8re\n(1/2\n \n \n1 / 2 \n \n \n         \n \n \nDECISION n\u00b0 DOS \u2013 2025 / 2005 \n \n \nportant sur l'autorisation de d\u00e9plafonnement des heures suppl\u00e9mentaires \n \n \nLE DIRECTEUR G\u00c9N\u00c9RAL DE L'AGENCE R\u00c9GIONALE DE SANT\u00c9 \u00ceLE-DE-FRANCE \n \n \nVU   la loi n\u00b0 86 -33 du 9 janvier 1986 modifi\u00e9e portant dispositions statutaires relatives \u00e0 la \nfonction publique hospitali\u00e8re ; \n \nVU  le d\u00e9cret n\u00b0 2002-9 du 4 janvier 2002 relatif au temps de travail et \u00e0 l'organisation du travail \ndans les \u00e9tablissements mentionn\u00e9s \u00e0 l'article 2 de la loi n\u00b0 86-33 du 9 janvier 1986 portant \ndispositions statutaires relatives \u00e0 la fonction publique hospitali\u00e8re ; \n \nVU   le d\u00e9cret n\u00b0 2020-297 du 24 mars 2020 relatif aux heures suppl\u00e9mentaires et \u00e0 leur \nd\u00e9passement dans les \u00e9tablissements mentionn\u00e9s \u00e0 l'article 2 de la loi n\u00b0 86-33 du 9 janvier \n1986 portant dispositions statutaires relatives \u00e0 la fonction publique hospitali\u00e8re  et plus \npr\u00e9cis\u00e9ment l'article 15 modifi\u00e9 du d\u00e9cret 2002-9 du 4 janvier 2002 ; \n \nVU la d\u00e9cision du ministre de la sant\u00e9 du 5 mars 2020 (publi\u00e9e le 10 mars) portant application \nde l'article 15, alin\u00e9a 3, du d\u00e9cret n\u00b0 2022-9 du 4 janvier 2022 relatif au temps de travail et \u00e0 \nl'organisation du travail dans les \u00e9tablissements mentionn\u00e9s \u00e0 l'article 2 de la loi n\u00b0 86-33 du \n9 janvier 1986 portant dispositions statutaires relatives \u00e0 la fonction publique hospitali\u00e8re ; \n \n \nConsid\u00e9rant  que les \u00e9tablissements mentionn\u00e9s \u00e0 l'article 2 de la loi du 9 janvier 1986  susvis\u00e9e \npeuvent \u00eatre autoris\u00e9s, par d\u00e9cision du directeur g\u00e9n\u00e9ral de l'agence r\u00e9gionale de sant\u00e9 pour les \n\u00e9tablissements mentionn\u00e9s aux 1\u00b0, 2\u00b0, 3\u00b0 et 5\u00b0 de l'article 2 de cette loi, ou du pr\u00e9fet du d\u00e9partement \npour les \u00e9tablissements mentionn\u00e9s aux 4\u00b0 et 6\u00b0 du m\u00eame article, \u00e0 titre exceptionnel, notamment \nau regard des imp\u00e9ratifs de continuit\u00e9 du service public ou de la situation sanitaire, \u00e0 d\u00e9passer les \nbornes horaires fix\u00e9es par le cycle de travail, pour une dur\u00e9e limit\u00e9e et pour les personnels \nn\u00e9cessaires \u00e0 la prise en charge des usagers ; \n \nConsid\u00e9rant  le courrier du Directeur g\u00e9n\u00e9ral de l'AP/HP en date du 15 avril 2025 sollicitant une \nd\u00e9cision de l'ARS-IDF autorisant \u00e0 d\u00e9passer le quota annuel d'heures suppl\u00e9mentaires pouvant \u00eatre \nr\u00e9alis\u00e9es par les professionnels des cat\u00e9gories  : Infirmiers sp\u00e9cialis\u00e9s, manipulateurs en \n\u00e9lectroradiologie et aux soignants exer\u00e7ant dans certains secteurs et sites identifi\u00e9s comme en forte \ntension aux seins des sites de l'AP/HP pour la p\u00e9riode du 1er avril au 31 d\u00e9cembre 2025. \n  \n \n \n \n \n \nAgence R\u00e9gionale de Sant\u00e9 - IDF-2025-05-07-00005 - D\u00e9cision n\u00b0 DOS - 2025 / 2005 portant sur l'autorisation de d\u00e9plafonnement des\nheures suppl\u00e9mentaires 35\n\"12\n \n2 / 2 \n \nDECIDE \n \n \n \nArticle 1:  Le Directeur g\u00e9n\u00e9ral de l'AP/HP est autoris\u00e9 \u00e0 d\u00e9plafonner les heures \nsuppl\u00e9mentaires pour ces \u00e9tablissements. \n \n \nArticle 2:  Le Directeur g\u00e9n\u00e9ral de l'AP/HP est charg\u00e9e de l'ex\u00e9cution de la pr\u00e9sente d\u00e9cision. \n \n \nArticle 3:    Un recours contre la pr\u00e9sente d\u00e9cision  peut \u00eatre form\u00e9 devant le Tribunal \nAdministratif comp\u00e9tent dans un d\u00e9lai de deux mois \u00e0 compter de sa publication.  \n \n \nArticle 4:  La pr\u00e9sente d\u00e9cision sera publi\u00e9e au recueil des actes administratifs de la Pr\u00e9fecture \nde la r\u00e9gion Ile-de-France.  \n \n \n \n \n \nFait \u00e0 Saint-Denis, le 07 mai 2025  \n \n \nP/Le Directeur g\u00e9n\u00e9ral  \nde l'Agence r\u00e9gionale de sant\u00e9 \n\u00cele-de-France, \nLa Directrice du P\u00f4le RH en sant\u00e9 \n \nSign\u00e9 \n \nLaure WALLON \nAgence R\u00e9gionale de Sant\u00e9 - IDF-2025-05-07-00005 - D\u00e9cision n\u00b0 DOS - 2025 / 2005 portant sur l'autorisation de d\u00e9plafonnement des\nheures suppl\u00e9mentaires 36\nDirection r\u00e9gionale et interd\u00e9partementale de\nl'environnement, de l'am\u00e9nagement et des\ntransports d'\u00cele-de-France\nIDF-2025-05-07-00001\nD\u00e9cision DRIEAT- IDF 2025-0299 de\nrenouvellement d'agr\u00e9ment  (Centre de\nformation BLANCHARD)\nDirection r\u00e9gionale et interd\u00e9partementale de l'environnement, de l'am\u00e9nagement et des transports d'\u00cele-de-France -\nIDF-2025-05-07-00001 - D\u00e9cision DRIEAT- IDF 2025-0299 de renouvellement d'agr\u00e9ment  (Centre de formation BLANCHARD) 37\nDirection r\u00e9gionale et interd\u00e9partementale\nde l'environnement, de l'am\u00e9nagement\net des transports d'\u00cele-de-France\nD\u00c9CISION DE RENOUVELLEMENT D'AGR\u00c9MENT  \u2013 DRIEAT \u2013 IDF N\u00b0 2025 - 0299\nLE PR\u00c9FET DE LA R\u00c9GION D'\u00ceLE-DE-FRANCE, PR\u00c9FET DE P ARIS,\nOFFICIER DE LA L\u00c9GION D'HONNEUR, OFFICIER DE L'ORDRE NATIONAL DU M\u00c9RITE\nVU l'arr\u00eat\u00e9  du  2  ao\u00fbt  2024  relatif  aux  modalit\u00e9s  de  l'obtention  des  attestations  de  capacit\u00e9\nprofessionnelles en transport  routier l\u00e9ger\u00a0;\nVU l'arr\u00eat\u00e9 n\u00b0IDF-2022-07-19-00005 du 19 juillet 2022  du pr\u00e9fet de la r\u00e9gion \u00cele-de-France, pr\u00e9fet de\nParis,  portant  d\u00e9l\u00e9gation  de  signature  \u00e0  Madame  Emm anuelle  GAY,  directrice  r\u00e9gionale  et\ninterd\u00e9partementale  de  l'environnement,  de  l'am\u00e9nag ement  et  des  transports  d'\u00cele-de-France\n(DRIEAT), en mati\u00e8re administrative\u00a0;\nVU la d\u00e9cision DRIEAT-IdF n\u00b02025-0393 du 2 mai 2025 p ortant subd\u00e9l\u00e9gation de signature en mati\u00e8re\nadministrative ;\nVU la  d\u00e9cision  d'agr\u00e9ment  DRIEA  IDF  n\u00b02020-0081  du  28 janvier  2020  permettant  au  centre  de\nformation  BLANCHARD  d'organiser  des  formations  et  examens  pour  obtenir  la  d\u00e9livrance  de\nl'attestation de capacit\u00e9 professionnelle en transport routier l\u00e9ger de marchandises ;\nVU le dossier envoy\u00e9 \u00e0 la DRIEAT par le centre de formation BLANCHARD le 23 d\u00e9cembre 2024\u00a0;\nVU le compl\u00e9ment de dossier envoy\u00e9 \u00e0 la DRIEAT par le centre de formation BLANCHARD le 27 mars\n2025\u00a0;\nVU le compl\u00e9ment de dossier envoy\u00e9 \u00e0 la DRIEAT par le centre de formation BLANCHARD le 02 avril\n2025\u00a0;\nSur  proposition  de  la  directrice  r\u00e9gionale  et  interd\u00e9partementale  de  l'environnement,  de\nl'am\u00e9nagement et des transports d'\u00cele-de-France\u00a0;\nt\nD\u00c9CIDE :\nDe renouveler l'agr\u00e9ment susvis\u00e9 comme suit :\nT\u00e9l\u00a0: 01 40 61 80 80\nDRIEAT, Site du Ponant,\n27 rue Leblanc - CS 57246 - 75732 PARIS CEDEX 15  \nwww.drieat.ile-de-france.developpement-durable.gouv.fr 1/3\nDirection r\u00e9gionale et interd\u00e9partementale de l'environnement, de l'am\u00e9nagement et des transports d'\u00cele-de-France -\nIDF-2025-05-07-00001 - D\u00e9cision DRIEAT- IDF 2025-0299 de renouvellement d'agr\u00e9ment  (Centre de formation BLANCHARD) 38\nArticle 1\u00a0: \nLe centre de formation  BLANCHARD, dont le si\u00e8ge social est situ\u00e9 ZA de la Rabette 1 0 rue Jean-\nLouis Chanoine 28100 Dreux   et le num\u00e9ro Siret est 485 256 549 000 18 , est agr\u00e9\u00e9 pour une dur\u00e9e\nde cinq ans, en tant qu'organisateur de formations et d'examens permettant d'obtenir la d\u00e9livrance\nde l'attestation de capacit\u00e9 professionnelle en transport routier l\u00e9ger de marchandises.\nCes formations seront organis\u00e9es en  pr\u00e9sentiel \u00e0 l'adresse suivante :\nSalle le Tr\u00e8fle 31 bis rue des longs Pr\u00e9s 92100 Boulogne Billancourt\nArticle 2\u00a0: \nLe  centre\n de  formation  BLANCHARD  veillera  \u00e0  informer  la  direc tion  r\u00e9gionale  et\ninterd\u00e9partementale de l'environnement, de l'am\u00e9nag ement et des transports d'\u00cele-de-France de\ntoute modification de calendrier des formations et des examens au minimum deux semaines avant\nle  d\u00e9but  de  la session  d\u00e9plac\u00e9e  en  envoyant un  calendrier  actualis\u00e9  \u00e0  l'adresse  fonctionnelle\u00a0:\nH\u00a0ue.dg.drtr.sstv.drieat-if@developpement-durable.gouv.fr\u00a0J\u00a0;\nArticle 3 : \nLa liste des candidats inscrits \u00e0 chaque session de formation et d'examen devra \u00eatre envoy\u00e9e trois\njours  avant  l'examen  \u00e0  l'adresse  suivante\u00a0:  H\u00a0\nue.dg.drtr.sstv.drieat-if@developpement-\ndurable.gouv.frJ\nArticle 4 : \nL'examen final se d\u00e9roule obligatoirement en pr\u00e9sentiel.\nArticle 5 : \nLe centre  de formation  BLANCHARD \nest habilit\u00e9 \u00e0 organiser les formations et examens se lon les\nmodalit\u00e9s du dossier d'agr\u00e9ment, et dans le respect  des dispositions du cahier des charges en\nvigueur.\nToute modification li\u00e9e aux conditions et modalit\u00e9s de mise en \u0153uvre des formations et examens\n(modification des moyens humains ou mat\u00e9riels) doit \u00eatre syst\u00e9matiquement signal\u00e9e \u00e0 la DRIEAT\u00a0;\nArticle 6 : \nLes sujets utilis\u00e9s pour l'examen en fin de session de formation devront \u00eatre diff\u00e9rents sur toute la\ndur\u00e9e du pr\u00e9sent agr\u00e9ment\u00a0;\nArticle 7 : \nLes supports de cours devront \u00eatre mis \u00e0 jour r\u00e9guli\u00e8rement et au moins une fois par an\u00a0;\nArticle 8 : \nL'agr\u00e9ment n'est pas transmissible et ne demeure valable que d\u00e8s lors que subsistent les conditions\nayant pr\u00e9sid\u00e9 \u00e0 sa d\u00e9livrance. A ce titre, il est interdit de sous-traiter l'organisation de formations ou\nd'examens \u00e0 un tiers, y compris aux centres de form ation agr\u00e9\u00e9s,  sans l'accord pr\u00e9alable de la\nDRIEAT. \n2/3\nDirection r\u00e9gionale et interd\u00e9partementale de l'environnement, de l'am\u00e9nagement et des transports d'\u00cele-de-France -\nIDF-2025-05-07-00001 - D\u00e9cision DRIEAT- IDF 2025-0299 de renouvellement d'agr\u00e9ment  (Centre de formation BLANCHARD) 39\nArticle 9 : \nLe  centre  de  formation  BLANCHARD autorise  les  agents  habilit\u00e9s  de  la  direction  r\u00e9gionale  et\ninterd\u00e9partementale de l'environnement, de l'am\u00e9nag ement et des transports d'\u00cele-de-France , \u00e0\neffectuer, et ce sans pr\u00e9avis, des contr\u00f4les inh\u00e9rents \u00e0 ces formations et examens;\nArticle 10\u00a0: \nLe  centre de  formation  BLANCHARD transmettra  tous  les  ans  \u00e0  la  direction  r\u00e9gionale  et\ninterd\u00e9partementale de l'environnement, de l'am\u00e9nag ement et des transports d'\u00cele-de-France le\nbilan annuel des formations et examens r\u00e9alis\u00e9s et,  deux mois avant la fin de chaque ann\u00e9e, un\ndossier d'actualisation comprenant le calendrier de  ses formations pour l'ann\u00e9e suivante ainsi que\nle bar\u00e8me  actualis\u00e9 de ses  prestations.  En cas de dossier d'actualisation non re\u00e7u  ou dont les\n\u00e9l\u00e9ments  indiqueraient  que  les  conditions  initiales de  l'agr\u00e9ment  ne  sont  plus  satisfaites,  une\nsuspension ou un retrait d'agr\u00e9ment pourront \u00eatre prononc\u00e9.\nArticle 11\u00a0: \nLa direction  r\u00e9gionale  et  interd\u00e9partementale  de  l'environnement,  de  l'am\u00e9nagement  et  des\ntransports d'\u00cele-de-France est charg\u00e9e de l'application de la pr\u00e9sente d\u00e9cision. \nCette d\u00e9cision sera notifi\u00e9e au centre de formation et publi\u00e9e au recueil des actes administratifs de\nla pr\u00e9fecture de la r\u00e9gion \u00cele-de-France.\nA Paris, le 7 mai 2025\nPour le Pr\u00e9fet de la r\u00e9gion d'\u00cele-de-France,\npar d\u00e9l\u00e9gation,\nL'Adjoint au Chef du d\u00e9partement \nr\u00e9gulation des transports routiers\nSign\u00e9 Ronan  MEAR\n3/3\nDirection r\u00e9gionale et interd\u00e9partementale de l'environnement, de l'am\u00e9nagement et des transports d'\u00cele-de-France -\nIDF-2025-05-07-00001 - D\u00e9cision DRIEAT- IDF 2025-0299 de renouvellement d'agr\u00e9ment  (Centre de formation BLANCHARD) 40\nDirection r\u00e9gionale et interd\u00e9partementale de\nl'environnement, de l'am\u00e9nagement et des\ntransports d'\u00cele-de-France\nIDF-2025-05-07-00002\nD\u00e9cision  DRIEAT- IDF 2025-0362MA  d'agr\u00e9ment\n((Centre de formation FORMATION TRANSPORT)\nDirection r\u00e9gionale et interd\u00e9partementale de l'environnement, de l'am\u00e9nagement et des transports d'\u00cele-de-France -\nIDF-2025-05-07-00002 - D\u00e9cision  DRIEAT- IDF 2025-0362MA  d'agr\u00e9ment ((Centre de formation FORMATION TRANSPORT) 41\nDirection r\u00e9gionale et interd\u00e9partementale\nde l'environnement, de l'am\u00e9nagement\net des transports d'\u00cele-de-France\nD\u00c9CISION D'AGR\u00c9MENT  \u2013 DRIEAT \u2013 IDF N\u00b0 2025 - 0362\nLE PR\u00c9FET DE LA R\u00c9GION D'\u00ceLE-DE-FRANCE, PR\u00c9FET DE P ARIS,\nOFFICIER DE LA L\u00c9GION D'HONNEUR, OFFICIER DE L'ORDRE NATIONAL DU M\u00c9RITE\nVU l'arr\u00eat\u00e9  du  2  ao\u00fbt  2024  relatif  aux  modalit\u00e9s  de  l'obtention  des  attestations  de  capacit\u00e9\nprofessionnelles en transport  routier l\u00e9ger\u00a0;\nVU l'arr\u00eat\u00e9 n\u00b0IDF-2022-07-19-00005 du 19 juillet 2022  du pr\u00e9fet de la r\u00e9gion \u00cele-de-France, pr\u00e9fet de\nParis,  portant  d\u00e9l\u00e9gation  de  signature  \u00e0  Madame  Emm anuelle  GAY,  directrice  r\u00e9gionale  et\ninterd\u00e9partementale  de  l'environnement,  de  l'am\u00e9nag ement  et  des  transports  d'\u00cele-de-France\n(DRIEAT), en mati\u00e8re administrative\u00a0;\nVU la d\u00e9cision DRIEAT-IdF n\u00b02025-0393 du 2 mai 2025 p ortant subd\u00e9l\u00e9gation de signature en mati\u00e8re\nadministrative ;\nVU le dossier envoy\u00e9 \u00e0 la DRIEAT par le centre de for mation  MA FORMATION  TRANSPORT le 25\nnovembre 2024\u00a0;\nVU le  compl\u00e9ment  de  dossier  envoy\u00e9  \u00e0  la  DRIEAT  par  le centre  de  formation  MA  FORMATION\nTRANSPORT le 17 avril 2025\u00a0;\nSur  proposition  de  la  directrice  r\u00e9gionale  et  interd\u00e9partementale  de  l'environnement,  de\nl'am\u00e9nagement et des transports d'\u00cele-de-France\u00a0;\nD\u00c9CIDE :\nArticle 1\u00a0: \nLe centre de formation MA FORMATION TRANSPORT dont le si\u00e8ge social est situ\u00e9 39 rue des sablons\nbouillants 77100 Meaux et le num\u00e9ro Siret est  908 851 280 00028,  est agr\u00e9\u00e9 pendant 1 an  en tant\nqu'organisateur de formation et de l'examen permett ant d'obtenir la d\u00e9livrance de l'attestation de\ncapacit\u00e9 professionnelle en transport routier l\u00e9ger de marchandises.\nCes  formations  seront  organis\u00e9es  par  le  centre  de  formation  MA  FORMATION  TRANSPORT en\npr\u00e9sentiel \u00e0 l'adresse suivante\u00a0: 39 rue des sablons bouillants 77100 Meaux.\nT\u00e9l\u00a0: 01 40 61 80 80\nDRIEAT, Site du Ponant,\n27 rue Leblanc - CS 57246 - 75732 PARIS CEDEX 15  \nwww.drieat.ile-de-france.developpement-durable.gouv.fr 1/3\nDirection r\u00e9gionale et interd\u00e9partementale de l'environnement, de l'am\u00e9nagement et des transports d'\u00cele-de-France -\nIDF-2025-05-07-00002 - D\u00e9cision  DRIEAT- IDF 2025-0362MA  d'agr\u00e9ment ((Centre de formation FORMATION TRANSPORT) 42\nArticle 2\u00a0: \nLe centre\n de formation MA FORMATION TRANSPORT veillera \u00e0 info rmer la direction r\u00e9gionale et\ninterd\u00e9partementale de l'environnement, de l'am\u00e9nag ement et des transports d'\u00cele-de-France de\ntoute modification de calendrier des formations et des examens au minimum deux semaines avant\nle d\u00e9but  de  la session d\u00e9plac\u00e9e en  envoyant un  cale ndrier  actualis\u00e9  \u00e0 l'adresse  fonctionnelle\u00a0:\nE\u00a0ue.dg.drtr.sstv.drieat-if@developpement-durable.gouv.fr\u00a0G\u00a0.\nArticle 3 : \nLa liste des candidats inscrits \u00e0 chaque session de formation et d'examen devra \u00eatre envoy\u00e9e trois\njours avant l'examen \u00e0 l'adresse suivante\u00a0: \nE\u00a0\nue.dg.drtr.sstv.drieat-if@developpement-durable.gouv.frG\nArticle 4 : \nL'examen final se d\u00e9roule obligatoirement en pr\u00e9sentiel.\nArticle 5 : \nLe centre  de formation  MA FORMATION TRANSPORT \nest habilit\u00e9 \u00e0 organiser les formations et\nexamens selon les modalit\u00e9s du dossier d'agr\u00e9ment, et dans le respect des dispositions du cahier\ndes charges en vigueur.\nToute modification li\u00e9e aux conditions et modalit\u00e9s de mise en \u0153uvre des formations et examens\n(modification des moyens humains ou mat\u00e9riels) doit \u00eatre syst\u00e9matiquement signal\u00e9e \u00e0 la DRIEAT.\nArticle 6 : \nLes sujets utilis\u00e9s pour l'examen en fin de session de formation devront \u00eatre diff\u00e9rents sur toute la\ndur\u00e9e du pr\u00e9sent agr\u00e9ment.\nArticle 7 : \nLes supports de cours devront \u00eatre mis \u00e0 jour r\u00e9guli\u00e8rement et au moins une fois par an.\nArticle 8 : \nL'agr\u00e9ment n'est pas transmissible et ne demeure valable que d\u00e8s lors que subsistent les conditions\nayant pr\u00e9sid\u00e9 \u00e0 sa d\u00e9livrance. A ce titre, il est interdit de sous-traiter l'organisation de formations ou\nd'examens \u00e0 un tiers, y compris aux centres de form ation agr\u00e9\u00e9s,  sans l'accord pr\u00e9alable de la\nDRIEAT. \nArticle 9 : \nLe centre de formation MA FORMATION TRANSPORT autorise les agents habilit\u00e9s de la  direction\nr\u00e9gionale et interd\u00e9partementale de l'environnement, de l'am\u00e9nagement et des transports d'\u00cele-de-\nFrance, \u00e0 effectuer, et ce sans pr\u00e9avis, des contr\u00f4les inh\u00e9rents \u00e0 ces formations et examens.\nArticle 10\u00a0: \nLe  centre de  formation  MA  FORMATION  TRANSPORT transmettra  tous  les  ans  \u00e0  la  direction\nr\u00e9gionale et interd\u00e9partementale de l'environnement, de l'am\u00e9nagement et des transports d'\u00cele-de-\nFrance le bilan annuel des formations et examens r\u00e9 alis\u00e9s et,  deux mois avant la fin de chaque\nann\u00e9e, un dossier d'actualisation comprenant le cal endrier de ses formations pour l'ann\u00e9e suivante\nainsi que le bar\u00e8me actualis\u00e9 de ses prestations.  En cas de dossier d'actualisation non re\u00e7u ou dont\nles \u00e9l\u00e9ments indiqueraient que les conditions initi ales de l'agr\u00e9ment ne sont plus satisfaites, une\nsuspension ou un retrait d'agr\u00e9ment pourront \u00eatre prononc\u00e9s.\n2/3\nDirection r\u00e9gionale et interd\u00e9partementale de l'environnement, de l'am\u00e9nagement et des transports d'\u00cele-de-France -\nIDF-2025-05-07-00002 - D\u00e9cision  DRIEAT- IDF 2025-0362MA  d'agr\u00e9ment ((Centre de formation FORMATION TRANSPORT) 43\nArticle 11\u00a0: \nLa direction  r\u00e9gionale  et  interd\u00e9partementale  de  l'environnement,  de  l'am\u00e9nagement  et  des\ntransports d'\u00cele-de-France est charg\u00e9e de l'applica tion de la pr\u00e9sente d\u00e9cision. Cette d\u00e9cision sera\nnotifi\u00e9e au centre de formation et publi\u00e9e au recue il des actes administratifs de la pr\u00e9fecture de la\nr\u00e9gion \u00cele-de-France.\nA Paris, le 07 mai 2025\nPour le Pr\u00e9fet de la r\u00e9gion d'\u00cele-de-France,\npar d\u00e9l\u00e9gation,\nL'Adjoint au  Chef du d\u00e9partement r\u00e9gulation des transports\nroutiers\n  \n                                       Sign\u00e9        Ronan MEAR\n3/3\nDirection r\u00e9gionale et interd\u00e9partementale de l'environnement, de l'am\u00e9nagement et des transports d'\u00cele-de-France -\nIDF-2025-05-07-00002 - D\u00e9cision  DRIEAT- IDF 2025-0362MA  d'agr\u00e9ment ((Centre de formation FORMATION TRANSPORT) 44\nPr\u00e9fecture de la r\u00e9gion d'Ile-de-France,\npr\u00e9fecture de Paris-Secr\u00e9tariat g\u00e9n\u00e9ral aux\npolitiques publiques\nIDF-2025-03-21-00005\nArr\u00eat\u00e9  n\u00b0 2025-02 modifiant l'arr\u00eat\u00e9 n\u00b0 2023-298\ndu 31 mai 2023 portant attribution de\nsubvention au titre de la dotation de soutien \u00e0\nl'investissement local \u00e0 la commune de\nLivry-Gargan pour les travaux de restauration du\nplan d'eau du Parc Lef\u00e8vre (lots 1,2,3 et 4).\nPr\u00e9fecture de la r\u00e9gion d'Ile-de-France, pr\u00e9fecture de Paris-Secr\u00e9tariat g\u00e9n\u00e9ral aux politiques publiques - IDF-2025-03-21-00005 -\nArr\u00eat\u00e9  n\u00b0 2025-02 modifiant l'arr\u00eat\u00e9 n\u00b0 2023-298 du 31 mai 2023 portant attribution de subvention au titre de la dotation de soutien\n\u00e0 l'investissement local \u00e0 la commune de Livry-Gargan pour les travaux de restauration du plan d'eau du Parc Lef\u00e8vre (lots 1,2,3 et 4).\n45\nPREFET |DE LA REGIOND'ILE-DE-FRANCE\nFraternit\u00e9\n  \nPr\u00e9fecture de la r\u00e9gion d'Ile-de-France, pr\u00e9fecture de Paris \nSecr\u00e9tariat g\u00e9n\u00e9ral aux politiques publiques \nBureau de la coordination et de l'investissement territorial \n \nSection de l'investissement territorial \n5 rue Leblanc 75911 Paris cedex 15 \nT\u00e9l : 01.82.52.40.00 \nwww.ile-de-france.gouv.fr \n \nARR\u00caT\u00c9  N\u00b0 2025-02 \nmodifiant l'arr\u00eat\u00e9 n\u00b0 2023-298 du 31 mai 2023 portant attribution de subvention \nau titre de la dotation de soutien \u00e0 l'investissement local \n \nLE PR\u00c9FET DE LA R\u00c9GION D'\u00ceLE-DE-FRANCE \nPR\u00c9FET DE PARIS \nCOMMANDEUR DE LA L\u00c9GION D'HONNEUR \nOFFICIER DE L'ORDRE NATIONAL DU M\u00c9RITE \n \n \n \nVU le code g\u00e9n\u00e9ral des collectivit\u00e9s territoriales et notamment ses articles L.2334-42 et R.2334-39 ; \n \nVU le d\u00e9cret n\u00b0  2004-374 du 29 avril 2004 relatif aux pouvoirs des pr\u00e9fets, \u00e0 l'organisation et \u00e0 l'action des \nservices de l'Etat dans les r\u00e9gions et d\u00e9partements ; \n \nVU le d\u00e9cret n\u00b0 2018-428 du 1er juin 2018 relatif aux dotations de l'Etat aux collectivit\u00e9s territoriales ; \n \nVU le d\u00e9cret n\u00b0 2020-412 du 8 avril 2020 relatif au droit de d\u00e9rogation reconnu au pr\u00e9fet ; \n \nVU le d\u00e9cret n\u00b0 2020 -1129 du 14 septembre 2020 pris pour l'application de l'article L.1111 -11 du code g\u00e9n\u00e9ral \ndes collectivit\u00e9s territoriales ; \nVU l'arr\u00eat\u00e9 n\u00b0 2023-298 du 31 mai 2023 portant attribution \u00e0 la commune de Livry-Gargan d'une subvention d'un \nmontant maximum pr\u00e9visionnel de 147 086 \u20ac au titre de la dotation de soutien \u00e0 l'investissement local pour les \ntravaux de restauration du plan d'eau du Parc Lef\u00e8vre (lots 1,2,3 et 4) ; \n \nVU le courrier du 10 octobre 2024 du maire de la commune de Livry-Gargan sollicitant une prorogation du d\u00e9lai \nmaximum de d\u00e9marrage des travaux de l'op\u00e9ration mentionn\u00e9e dans l'arr\u00eat\u00e9 susvis\u00e9 qui a \u00e9t\u00e9 notifi\u00e9 le 19 juin \n2023 ; \n \nCONSIDERANT qu'il est n\u00e9cessaire de d\u00e9roger \u00e0 l'article R .2334-28 du code g\u00e9n\u00e9ral des collectivit\u00e9s \nterritoriales afin de proroger le d\u00e9lai pour le commencement d'ex\u00e9cution de l'op\u00e9ration susvis\u00e9e  ; \n \nCONSIDERANT que cette d\u00e9rogation est justifi\u00e9e par la recherche de financements suppl\u00e9mentaires \nn\u00e9cessaires \u00e0 la r\u00e9alisation du projet ; \n \nCONSIDERANT que cette d\u00e9rogation a pour effet de favoriser l'acc\u00e8s aux aides publiques ; \n \nCONSIDERANT que cette d\u00e9rogation ne porte pas atteinte aux int\u00e9r\u00eats de la d\u00e9fense ou \u00e0 la s\u00e9curit\u00e9 des \npersonnes et des biens, ni une atteinte disproportionn\u00e9e aux objectifs poursuivis par les dispositions auxquelles \nil est d\u00e9rog\u00e9 et qu'elle est compatible avec les engagements europ\u00e9ens et internationaux de la France ; \n \n \n \nPr\u00e9fecture de la r\u00e9gion d'Ile-de-France, pr\u00e9fecture de Paris-Secr\u00e9tariat g\u00e9n\u00e9ral aux politiques publiques - IDF-2025-03-21-00005 -\nArr\u00eat\u00e9  n\u00b0 2025-02 modifiant l'arr\u00eat\u00e9 n\u00b0 2023-298 du 31 mai 2023 portant attribution de subvention au titre de la dotation de soutien\n\u00e0 l'investissement local \u00e0 la commune de Livry-Gargan pour les travaux de restauration du plan d'eau du Parc Lef\u00e8vre (lots 1,2,3 et 4).\n46\n \nT\u00e9l : 01 82 52 42 55 \nM\u00e9l : alix.puet@paris-idf.gouv.fr \n5 rue Leblanc 75911 Paris cedex 15 \n \n2 \n \nARR\u00caTE \n \n \nARTICLE 1er \n \nEn application du d\u00e9cret n\u00b0 2020 -412 du 8 avril 2020, par d\u00e9rogation aux dispositions de l'article R.2334 -28 du \ncode g\u00e9n\u00e9ral des collectivit\u00e9s territoriales, le d\u00e9lai pour d\u00e9clarer le commencement d'ex\u00e9cution de l'op\u00e9ration \u00e0 \ncompter de la date de notification de l'arr\u00eat\u00e9 attributif de sub vention, pr\u00e9vu au 3\u00e8me alin\u00e9a de l'article 3 de \nl'arr\u00eat\u00e9 pr\u00e9fectoral n\u00b0 2023-298 du 31 mai 2023 , est prorog\u00e9 jusqu'au 30 octobre 2026. Le commencement des \ntravaux devra intervenir avant le 30 octobre 2026. \n \n \nARTICLE 2 \n \nLes autres dispositions de l'arr\u00eat\u00e9 pr\u00e9fectoral susvis\u00e9 demeurent inchang\u00e9es. \n \n \nARTICLE 3 \n  \nLa pr\u00e9f\u00e8te, secr\u00e9taire g\u00e9n\u00e9rale aux politiques publiques de la pr\u00e9fecture de la r\u00e9gion d'\u00cele -de-France, pr\u00e9fecture \nde Paris, le pr\u00e9fet du d\u00e9partement de Seine-Saint-Denis et le directeur r\u00e9gional des finances publiques d'\u00cele-de-\nFrance et de Paris sont charg\u00e9s, chacun en ce qui le concerne, de l'ex\u00e9cution du pr\u00e9sent arr\u00eat\u00e9.  \n \n \n \nFait \u00e0 Paris, le 21 mars 2025 \n \n \n \n \nSign\u00e9 par le pr\u00e9fet de la r\u00e9gion d'\u00cele-de-France, pr\u00e9fet de Paris. \nPr\u00e9fecture de la r\u00e9gion d'Ile-de-France, pr\u00e9fecture de Paris-Secr\u00e9tariat g\u00e9n\u00e9ral aux politiques publiques - IDF-2025-03-21-00005 -\nArr\u00eat\u00e9  n\u00b0 2025-02 modifiant l'arr\u00eat\u00e9 n\u00b0 2023-298 du 31 mai 2023 portant attribution de subvention au titre de la dotation de soutien\n\u00e0 l'investissement local \u00e0 la commune de Livry-Gargan pour les travaux de restauration du plan d'eau du Parc Lef\u00e8vre (lots 1,2,3 et 4).\n47","date":"2025-05-07","first_seen_on":"2025-05-07T16:19:26+00:00","id":"d8ea2b11a41c6a5de57d6243116d7893f7c48fd1fba72abd3438d8ce58fcd48d","name":"recueil-idf-011-2025-05-recueil-des-actes-administratifs-special du 07.05.2025","pdf_creation_date":"2025-05-07T14:56:15+00:00","pdf_modification_date":null,"timezone":"Europe/Paris","url":"https://www.prefectures-regions.gouv.fr/ile-de-france/irecontenu/telechargement/127549/941177/file/recueil-idf-011-2025-05-recueil-des-actes-administratifs-special%20du%2007.05.2025.pdf"}
