{"administration":"prefidf","administration_name":"Pr\u00e9fecture de la r\u00e9gion \u00cele-de-France","content":"PREFECTURE\nREGION ILE DE\nFRANCE\nRECUEIL DES ACTES\nADMINISTRATIFS SP\u00c9CIAL\nN\u00b0IDF-059-2025-10\nPUBLI\u00c9 LE 27 OCTOBRE 2025\nSommaire\nChambre de commerce et d'industrie de r\u00e9gion Paris - \u00cele-de-France /\nIDF-2025-10-15-00003 -  D\u00e9cision du 15 octobre 2025 de d\u00e9l\u00e9gation\nde  signature (2 pages) Page 3\nIDF-2025-10-20-00019 - D\u00e9cision du 20 octobre 2025 de d\u00e9l\u00e9gation\nde  signature (1 page) Page 6\nDirection r\u00e9gionale et interd\u00e9partementale de l'environnement, de\nl'am\u00e9nagement et des transports d'\u00cele-de-France / D\u00e9partement\ndes affaires juridiques, des archives et de la documentation\nIDF-2025-10-24-00013 - D\u00e9cision du 24 octobre 2025 portant\nsubd\u00e9l\u00e9gation de signature du pr\u00e9fet de Paris (7 pages) Page 8\nDirection r\u00e9gionale et interd\u00e9partementale de l'environnement, de\nl'am\u00e9nagement et des transports d'\u00cele-de-France / Service\naccompagnement et pilotage\nIDF-2025-10-24-00012 - D\u00e9cision du 24 octobre 2025 portant\nsubd\u00e9l\u00e9gation de signature en mati\u00e8re d'ordonnancement secondaire\net de commande publique pour le compte du pr\u00e9fet de la r\u00e9gion\nd'\u00cele-de-France (41 pages) Page 16\n2\nChambre de commerce et d'industrie de r\u00e9gion\nParis - \u00cele-de-France\nIDF-2025-10-15-00003\n D\u00e9cision du 15 octobre 2025 de d\u00e9l\u00e9gation de \nsignature\nChambre de commerce et d'industrie de r\u00e9gion Paris - \u00cele-de-France - IDF-2025-10-15-00003 -  D\u00e9cision du 15 octobre 2025 de\nd\u00e9l\u00e9gation de  signature 3\nCG CCI PARIS ILE-DE-FRANCE\nIrs suivants, dans la limite de leurs attributions,\n~ tion, la modification et lalace par l'Etat;\n \nLe Pr\u00e9sident \n \n \n \nDECISION \n \nLe Pr\u00e9sident de la Chambre de commerce et d'industrie de r\u00e9gion Paris Ile- de-France, \n\u00b7 Vu le code de commerce et notamment l'article R.711-68 ; \n\u00b7 Vu le r\u00e8glement int\u00e9rieur ; \nD\u00e9cide : \nSur proposition du Directeur G\u00e9n\u00e9ral  \nde donner d\u00e9l\u00e9gation de signature aux collaborateurs suivants, dans la limite de leurs attributions, \n\u00e0 effet de signer :  \n1. les conventions de mandat pour la r\u00e9alisation de formalit\u00e9s dont la cr\u00e9ation, la modification et la \ncessation d'activit\u00e9 d'entreprises sur les diff\u00e9rentes plateformes mises en place par l'Etat ;  \n2. les engagements de d\u00e9penses n\u00e9cessaires \u00e0 l'ex\u00e9cution de leur mandat et uniquement sur  les \ndiff\u00e9rentes plateformes mises en place par l'Etat pour la r\u00e9alisation des formalit\u00e9s des entreprises \ndans la limite des tarifications fix\u00e9es par l'Etat et qui ne pourront exc\u00e9der en toute hypoth\u00e8se 2 000\u20ac \nde frais greffe par dossier de formalit\u00e9s par conseiller ci-apr\u00e8s d\u00e9sign\u00e9.  \nDans les conditions ci-apr\u00e8s d\u00e9finies :  \nChambre de commerce et d'industrie de r\u00e9gion Paris - \u00cele-de-France - IDF-2025-10-15-00003 -  D\u00e9cision du 15 octobre 2025 de\nd\u00e9l\u00e9gation de  signature 4\nce\ndu 15\n \nLa pr\u00e9sente d\u00e9l\u00e9gation est consentie du 15 octobre 2025 jusqu'au 31 d\u00e9cembre 2026.  \nLa pr\u00e9sente d\u00e9cision sera publi\u00e9e au recueil des actes administratifs de la R\u00e9gion Ile-de-France ainsi \nque sur le site internet de la Chambre de commerce de r\u00e9gion Paris \u2013 \u00cele-de-France.   \n \nFait \u00e0 Paris, le 15 octobre 2025 \nSIGNE \nDominique RESTINO \nNOM PRENOMPRENOM FONCTION Centre \nfinancier \nD\u00e9penses et \nrecettes \nJUSTE Fran\u00e7oise Conseiller Formaliste 2N72 D\u00e9penses \nDERRARDJA Omar Conseiller Formaliste 2N72 D\u00e9penses \nLAIGLE Auriane Conseiller Formaliste 2N72 D\u00e9penses \nBEN SAID Asma Conseiller Formaliste 2N72 D\u00e9penses \nPIETRI V\u00e9ronique Conseiller Formaliste 2N72 D\u00e9penses \nSIMON Sophie Conseiller Formaliste 6S32 D\u00e9penses \nHOUNDOLO Manuella Conseiller Formaliste  6S32 D\u00e9penses \nNOEL Agn\u00e8s Conseiller Formaliste 6S32 D\u00e9penses \nGABOURG-FLECHE Katia Assistante Formaliste 6S32 D\u00e9penses \nGUERRIER Val\u00e9rie Conseiller Formaliste 6R32 D\u00e9penses \nGUILLAUMEAU Arnaud Conseiller Formaliste 6R32 D\u00e9penses \nDUBOS Laetitia Assistante formalit\u00e9s 6R32 D\u00e9penses \nAHAJAJ Anass Conseiller Formaliste 6R32 D\u00e9penses \nDONA Francette Conseiller Formaliste 2M50 D\u00e9penses \nRENAUD H\u00e9l\u00e8ne Conseiller Formaliste 2M50 D\u00e9penses \nCRAPOULET Ang\u00e9lique Conseiller Formaliste 2M50 D\u00e9penses \nBELLAHMER Salah Conseiller Formaliste 2M50 D\u00e9penses \nTRAORE Kamissa Conseiller Formaliste 2M50 D\u00e9penses \nLISSOUBA Christophe Conseiller Formaliste 2K23 D\u00e9penses \nHESLOT Patrick Conseiller Formaliste 2K23 D\u00e9penses \nKHATRA Amanda Conseiller Formaliste  2K23 D\u00e9penses \nAUBERT Catherine Conseiller Formaliste  2K23 D\u00e9penses \nCYMBOR Magali Conseiller Formaliste 2L5C D\u00e9penses \nKAMINSKI S\u00e9verine Conseiller Formaliste 2L5C D\u00e9penses \nMIRANDE-NEY V\u00e9ronique Conseiller Formaliste 2L5C D\u00e9penses \nRASSOOL Faeeza Conseiller Formaliste 2L5C D\u00e9penses \nKHELLAF Nadia Conseiller Formaliste 2L5C D\u00e9penses \nDJENDOUBI Le\u00efla Conseiller Formaliste 2L5C D\u00e9penses \nSOLIGNAC Corinne Conseiller Formaliste 2J30 D\u00e9penses \nLEYSSALLE Barbara Conseiller Formaliste 2J30 D\u00e9penses \nVERBRUGGE Val\u00e9rie Conseiller Formaliste 2J30 D\u00e9penses \nKASSPARIAN Marie Jos\u00e9 Conseiller Formaliste 2J30 D\u00e9penses \nNEGOUAI Olivier Fran\u00e7ois Conseiller Formaliste 2J30 D\u00e9penses \nDESCAMPS Eric Conseiller Formaliste 2J30 D\u00e9penses \nChambre de commerce et d'industrie de r\u00e9gion Paris - \u00cele-de-France - IDF-2025-10-15-00003 -  D\u00e9cision du 15 octobre 2025 de\nd\u00e9l\u00e9gation de  signature 5\nChambre de commerce et d'industrie de r\u00e9gion\nParis - \u00cele-de-France\nIDF-2025-10-20-00019\nD\u00e9cision du 20 octobre 2025 de d\u00e9l\u00e9gation de \nsignature\nChambre de commerce et d'industrie de r\u00e9gion Paris - \u00cele-de-France - IDF-2025-10-20-00019 - D\u00e9cision du 20 octobre 2025 de\nd\u00e9l\u00e9gation de  signature 6\nG CCI PARIS ILE-DE-FRANCE\nChambrede commerce etd' _ ae\nos ~ 16 octobre\n5\nY\n20 octobre\n \n \nLe Pr\u00e9sident \n \nChambre de commerce et d'industrie de r\u00e9gion Paris Ile-de-France \n27 avenue de Friedland | 75382 Paris cedex 08 | T. 01 55 65 71 00 (appel direct) \nT. 01 55 65 44 44 (prix d'un appel local) | www.cci-paris-idf.fr \n \n \nDECISION \n \n \n \nLe pr\u00e9sident de la Chambre de commerce et d'industrie de r\u00e9gion Paris Ile-de-France,  \n \n\uf0d8 Vu l'article R.711-68 du code de commerce,  \n\uf0d8 Vu l'article 115 du r\u00e8glement int\u00e9rieur de la Chambre de commerce et d'industrie de \nr\u00e9gion Paris Ile-de-France, \n\uf0d8 Vu la d\u00e9lib\u00e9ration adopt\u00e9e par l'assembl\u00e9e g\u00e9n\u00e9rale de la Chambre de commerce et \nd'industrie de r\u00e9gion Paris Ile-de-France le 16 octobre 2025 (n\u00b028-2025), \n \n \nD\u00e9cide :  \n \nSur proposition du directeur g\u00e9n\u00e9ral,  \n \n\uf0d8 De donner d\u00e9l\u00e9gation \u00e0 Beno\u00eet ICARD, Directeur de la strat\u00e9gie immobili\u00e8re, pour \nsigner tous les actes n\u00e9cessaires \u00e0 la cession par la CCI de r\u00e9gion paris-Ile-De France \ndes titres SCI Cam\u00e9linat -Yvelines, d\u00e9tentrice d'un ensemble immobilier au 6 rue \nCam\u00e9linat \u00e0 Mantes-La-Jolie (78). \n \n\uf0d8 En cas d'absence ou d'emp\u00eachement de Beno\u00eet ICARD, il est donn\u00e9 d\u00e9l\u00e9gation de \nsignature, dans les m\u00eames conditions \u00e0 Jacques GARAU, Directeur g\u00e9n\u00e9ral d\u00e9l\u00e9gu\u00e9.  \n \n \n \n \n \n \n Fait \u00e0 Paris, le 20 octobre 2025 \n \n SIGNE \n \nDominique RESTINO \n \n \n \n \n \n \n \nDiffusion : \nSur le site www.cci-paris-idf.fr \nRecueil des actes administratifs de la pr\u00e9fecture de r\u00e9gion Ile-de-France \n  \nChambre de commerce et d'industrie de r\u00e9gion Paris - \u00cele-de-France - IDF-2025-10-20-00019 - D\u00e9cision du 20 octobre 2025 de\nd\u00e9l\u00e9gation de  signature 7\nDirection r\u00e9gionale et interd\u00e9partementale de\nl'environnement, de l'am\u00e9nagement et des\ntransports d'\u00cele-de-France\nIDF-2025-10-24-00013\nD\u00e9cision du 24 octobre 2025 portant\nsubd\u00e9l\u00e9gation de signature du pr\u00e9fet de Paris\nDirection r\u00e9gionale et interd\u00e9partementale de l'environnement, de l'am\u00e9nagement et des transports d'\u00cele-de-France -\nIDF-2025-10-24-00013 - D\u00e9cision du 24 octobre 2025 portant subd\u00e9l\u00e9gation de signature du pr\u00e9fet de Paris 8\nPREFETDE PARISLibert\u00e9Egalit\u00e9Fraternit\u00e9\n \nDRIEAT \n21-23 rue Miollis \u2013 75 732 Paris CEDEX 15 \nT\u00e9l : +33 (0)1 40 61 80 80 \nwww.drieat.ile-de-france.developpement-durable.gouv.fr 1 \n \nDirection r\u00e9gionale et interd\u00e9partementale  \nde l'environnement, de l'am\u00e9nagement  \net des transports d'\u00cele-de-France \n \n \nD\u00e9cision portant subd\u00e9l\u00e9gation de signature du pr\u00e9fet de Paris \n \nLa directrice r\u00e9gionale et interd\u00e9partementale de l'environnement, de l'am\u00e9nagement et des transports \nd'\u00cele-de-France, \n \nVu la loi n\u00b0  82-213 du 2  mars 1982 modifi\u00e9e, relative aux droits et libert\u00e9s des communes, des \nd\u00e9partements et des r\u00e9gions ; \n \nVu la loi n\u00b0 92-125 du 6 f\u00e9vrier 1992 modifi\u00e9e relative \u00e0 l'administration territoriale de la R\u00e9publique ; \n \nVu le d\u00e9cret n\u00b0 2004-374 du 29 avril 2004 modifi\u00e9, relatif aux pouvoirs des pr\u00e9fets, \u00e0 l'organisation et \u00e0 \nl'action des services de l'\u00c9tat dans les r\u00e9gions et les d\u00e9partements, notamment ses articles 43 et 44 ; \n \nVu le d\u00e9cret n\u00b0 2005-636 du 30 mai 2005 relatif \u00e0 l'organisation de l'administration dans le domaine de \nl'eau et aux missions du pr\u00e9fet coordonnateur de bassin ; \n \nVu le d\u00e9cret n\u00b0 2010-687 du 24 juin 2010 modifi\u00e9 relatif \u00e0 l'organisation et aux missions des services de \nl'\u00c9tat dans la r\u00e9gion et les d\u00e9partements d'\u00cele-de-France ; \n \nVu le d\u00e9cret n\u00b0 2015-510 du 7 mai 2015 modifi\u00e9 portant charte de la d\u00e9concentration ; \n \nVu le d\u00e9cret du 22 juillet 2020 portant nomination du pr\u00e9fet de la r\u00e9gion d'\u00cele-de-France, pr\u00e9fet de Paris \n(hors-classe) \u2013 M. GUILLAUME (Marc) ; \n \nVu l'arr\u00eat\u00e9 interminist\u00e9riel du 8  juillet 2022 portant nomination d'une directrice r\u00e9gionale et \ninterd\u00e9partementale de l'environnement, de l'am\u00e9nagement et des transports de la r\u00e9gion \u00cele-de-France ; \n \nVu l'arr\u00eat\u00e9 pr\u00e9fectoral n\u00b0  IDF-2025-02-07-00001 du 7  f\u00e9vrier 2025 portant organisation de la direction \nr\u00e9gionale et interd\u00e9partementale de l'environnement, de l'am\u00e9nagement et des transports d'\u00cele -de-\nFrance ; \n \nVu la d\u00e9cision n\u00b0  IDF-2025-02-25-00007 du 25 f\u00e9vrier 2025 portant organisation des services de la \ndirection r\u00e9gionale et interd\u00e9partementale de l'environnement, de l'am\u00e9nagement et des transports \nd'\u00cele-de-France ; \n \nDirection r\u00e9gionale et interd\u00e9partementale de l'environnement, de l'am\u00e9nagement et des transports d'\u00cele-de-France -\nIDF-2025-10-24-00013 - D\u00e9cision du 24 octobre 2025 portant subd\u00e9l\u00e9gation de signature du pr\u00e9fet de Paris 9\n \n 2 \nVu l'arr\u00eat\u00e9 n\u00b0 75-2023-07-26-00005 du 26 juillet 2023 du pr\u00e9fet de la r\u00e9gion d'\u00cele-de-France, pr\u00e9fet de Paris \nportant d\u00e9l\u00e9gation de signature \u00e0 Mme Emmanuelle GAY, directrice r\u00e9gionale et interd\u00e9partementale de \nl'environnement, de l'am\u00e9nagement et des transports d'\u00cele-de-France, notamment son article 9 ; \n \nSur proposition de l'adjoint \u00e0 la directrice r\u00e9gionale et interd\u00e9partementale de l'environnement, de \nl'am\u00e9nagement et des transports d'\u00cele-de-France, charg\u00e9 du pilotage, \n \nD\u00e9cide : \n \nArticle 1er  \n \nSubd\u00e9l\u00e9gation est donn\u00e9e \u00e0 l'effet de signer tous actes, arr\u00eat\u00e9s et d\u00e9cisions relevant des art icles 1, 2, 3, \n4, 5 et 7 de l'arr\u00eat\u00e9 du pr\u00e9fet de Paris portant d\u00e9l\u00e9gation de signature susvis\u00e9, dans la limite de leurs \nattributions respectives, et sous r\u00e9serve des exceptions pr\u00e9vues aux articles 8 et 10 de l'arr\u00eat\u00e9 pr\u00e9cit\u00e9, \u00e0 : \n \n\u2022 M. Laurent PAILLARD, directeur r\u00e9gional et interd\u00e9partemental adjoint, charg\u00e9 des ressources \nhumaines et de la gestion des moyens ; \n\u2022 Mme Val\u00e9rie BELROSE, directrice r\u00e9gionale et interd\u00e9partementale adjointe charg\u00e9e de l'eau et du \nd\u00e9veloppement durable ; \n\u2022 M. Jean-Marc PICARD, directeur r\u00e9gional et interd\u00e9partemental adjoint charg\u00e9 de l'\u00e9nergie des risques \net de la nature ; \n\u2022 M. Herv\u00e9 SCHMITT, directeur r\u00e9gional et interd\u00e9partemental a djoint, charg\u00e9 de l'am\u00e9nagement \ndurable et des transports ; \n\u2022 M. Paul WEICK, directeur r\u00e9gional et interd\u00e9partemental adjoint charg\u00e9 de la s\u00e9curit\u00e9 des transports \net des missions de d\u00e9fense et de s\u00e9curit\u00e9, chef du service s\u00e9curit\u00e9 des transports et des v\u00e9hicules ; \n\u2022 M. Jean -Pascal BIARD, directeur r\u00e9gional et interd\u00e9partemental adjoint, directeur de l'unit\u00e9 \nd\u00e9partementale de Paris ; \n\u2022 M. Pascal H\u00c9RITIER, adjoint de la directrice r\u00e9gionale et interd\u00e9partementale, charg\u00e9 du pilotage ; \n\u2022 M. Alain TUFFERY, directeur r \u00e9gional et interd \u00e9partemental adjoint de l'environnement, de \nl'am\u00e9nagement et des transports de la r\u00e9gion d'\u00cele-de-France, directeur de l'unit\u00e9 d\u00e9partementale des \nHauts-de-Seine ; \n\u2022 M. Fabrice MORONVAL, directeur adjoint de l'unit\u00e9 d\u00e9partementale des Hauts-de-Seine ; \n\u2022 Mme Sybille MULLER, directrice adjointe de l'unit\u00e9 d\u00e9partementale des Hauts-de-Seine. \n \nArticle 2  \n \nSubd\u00e9l\u00e9gation est donn\u00e9e \u00e0 l'effet de signer tous actes, arr\u00eat\u00e9s et d\u00e9cisions relevant de l'article 6 de \nl'arr\u00eat\u00e9 du pr\u00e9fet de Paris portant d\u00e9l\u00e9gation de signature susvis\u00e9, dans la limite de leurs attributions \nrespectives, et sous r\u00e9serve des exceptions pr\u00e9vues aux articles 8 et 10 de l'arr\u00eat\u00e9 pr\u00e9cit\u00e9, \u00e0 : \n\u2022 Mme Val\u00e9rie BELROSE , directrice r\u00e9gionale et interd\u00e9partementale adjointe charg\u00e9e de l'e au et du \nd\u00e9veloppement durable ; \n\u2022 M. Jean-Marc PICARD, directeur r\u00e9gional et interd\u00e9partemental adjoint charg\u00e9 de l'\u00e9nergie des risques \net de la nature ; \n\u2022 M. Pascal H\u00c9RITIER, adjoint \u00e0 la directrice r\u00e9gionale et interd\u00e9partementale, charg\u00e9 du pilotage ; \nDirection r\u00e9gionale et interd\u00e9partementale de l'environnement, de l'am\u00e9nagement et des transports d'\u00cele-de-France -\nIDF-2025-10-24-00013 - D\u00e9cision du 24 octobre 2025 portant subd\u00e9l\u00e9gation de signature du pr\u00e9fet de Paris 10\n \n 3 \n\u2022 M. J ean-Pascal BIARD, directeur r\u00e9gional et interd\u00e9partemental adjoint, directeur de l'unit\u00e9 \nd\u00e9partementale de Paris ; \n\u2022 M. Alain TUFFERY, directeur r\u00e9gional et interd\u00e9partemental adjoint de l'environnement, de \nl'am\u00e9nagement et des transports de la r\u00e9gion Ile-de-France, directeur de l'unit\u00e9 d\u00e9partementale des \nHauts-de-Seine ; \n\u2022 M. Fabrice MORONVAL, directeur adjoint de l'unit\u00e9 d\u00e9partementale des Hauts-de-Seine ; \n\u2022 Mme Sybille MULLER, directrice adjointe de l'unit\u00e9 d\u00e9partementale des Hauts-de-Seine. \n \nArticle 3 \n \nSubd\u00e9l\u00e9gation est donn\u00e9 \u00e0 l'effet de signer tous actes, arr\u00eat\u00e9s et d\u00e9cisions relevant des articles 1 et 2 de \nl'arr\u00eat\u00e9 du pr\u00e9fet de Paris portant d\u00e9l\u00e9gation de signature susvis\u00e9, dans la limite de leurs attributions \nrespectives et sous r\u00e9serve des exceptions pr\u00e9vues aux articles 8 et 10 de l'arr\u00eat\u00e9 pr\u00e9cit\u00e9, \u00e0 : \n \n\u2022 Mme Odile SEGUIN, adjointe au chef du service s\u00e9curit\u00e9 des transports et des v\u00e9hicules ; \n\u2022 Mme Marion ESCARGUEIL-RAYNAUD, cheffe du d\u00e9partement s\u00e9curit\u00e9 des transports fluviaux ; \n\u2022 Mme Justine GODARD, adjointe \u00e0 la cheffe du d\u00e9partement s\u00e9curit\u00e9 des transports fluviaux ; \n\u2022 M. Cyril CIRETTE, chef de l'unit\u00e9 s\u00e9curit\u00e9 des bateaux ; \n\u2022 M. Adrien BLASQUEZ, chef de l'unit\u00e9 documents de bord et police de la navigation et son adjointe, \nMme Evangelia DELCHANDIS ; \n\u2022 M. Dominique GOURGUES, chef de l'unit\u00e9 des permis plaisan ce et son adjointe, Mme Gw\u00e9na\u00eblle \nCOSMAO. \n \nArticle 4  \n \nEn cas d'absence ou d'emp\u00eachement de M. Jean-Pascal BIARD, directeur r\u00e9gional et interd\u00e9partemental \nadjoint, directeur de l'unit\u00e9 d\u00e9partementale de Paris, la subd\u00e9l\u00e9gation de signature accord\u00e9e aux articles \n3, 4 et 7 de l'arr\u00eat\u00e9 du pr\u00e9fet de Paris portant d\u00e9l\u00e9gation de signature susvis\u00e9 est exerc\u00e9e, dans la limite \nde leurs attributions, et sous r\u00e9serve des exceptions pr\u00e9vues aux articles 8 et 10 de l'arr\u00eat\u00e9 pr\u00e9cit\u00e9, par : \n \n\u2022 M. Fran\u00e7ois BELBEZET, chef du service am\u00e9nagement durable et connaissance des territoires de l'unit\u00e9 \nd\u00e9partementale de Paris ; \n\u2022 Mme Laurence CACHEUX, cheffe du service patrimoine, paysage et droit des sols de l'unit\u00e9 \nd\u00e9partementale de Paris ; \n\u2022 Mme Christelle ALOT, adjointe \u00e0 la cheffe du service patrimoine, paysage et droit des sols ; \n\u2022 M. \u00c9ric CHEMOUNY, chef du p\u00f4le droit des sols de l'unit\u00e9 d\u00e9partementale de Paris ; \n\u2022 Mme Natacha CARRIER -SCHRUMPF, cheffe du service utilit\u00e9 publique et \u00e9quilibres territoriaux de \nl'unit\u00e9 d\u00e9partementale de Paris ; \n\u2022 M. Franck FUERTES, adjoint \u00e0 la cheffe du service utilit\u00e9 publique et \u00e9quilibres territoriaux ; \n\u2022 Mme Karine DUCREUX, cheffe de la mission d'appui locale de l'unit\u00e9 d\u00e9partementale de Paris. \n \n  \nDirection r\u00e9gionale et interd\u00e9partementale de l'environnement, de l'am\u00e9nagement et des transports d'\u00cele-de-France -\nIDF-2025-10-24-00013 - D\u00e9cision du 24 octobre 2025 portant subd\u00e9l\u00e9gation de signature du pr\u00e9fet de Paris 11\n \n 4 \nArticle 5 \n \nSubd\u00e9l\u00e9gation est donn\u00e9e \u00e0 l'effet de signer tous actes, arr\u00eat\u00e9s et d\u00e9cisions relatifs aux canalisations et \nrelevant du I de l'article 5 de l'a rr\u00eat\u00e9 du pr\u00e9fet de Paris portant d\u00e9l\u00e9gation de signature susvis\u00e9, et sous \nr\u00e9serve des exceptions pr\u00e9vues aux articles 8 et 10 de l'arr\u00eat\u00e9 pr\u00e9cit\u00e9, \u00e0 : \n\u2022 Mme Guillemette DE KERDREL, cheffe du service pr\u00e9vention des risques ; \n\u2022 M. Baptiste POTERSZMAN, adjoint \u00e0 la cheffe du service pr\u00e9vention des risques, chef du d\u00e9partement \ndes risques chroniques ; \n\u2022 Mme \u00c9lisabeth BLATON, cheffe du d\u00e9partement risques accidentels ;  \n\u2022 Mme Claire ROSEVEGUE, chef du service risques et installations class\u00e9es de l'unit\u00e9 d\u00e9partementale \ndes Hauts-de-Seine ;  \n\u2022 M. Olivier PAS, adjoint \u00e0 la cheffe du service risques et installations class\u00e9es de l'unit\u00e9 d\u00e9partementale \ndes Hauts-de-Seine. \n \nArticle 6 \n \nSubd\u00e9l\u00e9gation est donn\u00e9e \u00e0 l'effet de signer tous actes, arr\u00eat\u00e9s et d\u00e9cisions relatifs \u00e0 l'\u00e9nergie et relevant \ndu II de l'article 5 de l'arr\u00eat\u00e9  du pr\u00e9fet de Paris portant d\u00e9l\u00e9gation de signature susvis\u00e9, et sous r\u00e9serve \ndes exceptions pr\u00e9vues aux articles 8 et 10 de l'arr\u00eat\u00e9 pr\u00e9cit\u00e9, \u00e0 : \n \n\u2022 Mme Aurore FARGETTE, cheffe du service \u00e9nergie et b\u00e2timent ; \n\u2022 Mme Alice METAYER-MATHIEU, adjointe \u00e0 la cheffe du service \u00e9nergie et b\u00e2timent ; \n\u2022 M. Thibaut BADOUAL, chef du d\u00e9partement climat, air, \u00e9nergie ; \n\u2022 Mme Julie LODEWYCKX, adjointe au chef du d\u00e9partement climat, air, \u00e9nergie : \n\u2022 Mme \u00c9lise CHAPPAZ, cheffe de l'unit\u00e9 \u00e9lectricit\u00e9. \n \nArticle 7 \n \nSubd\u00e9l\u00e9gation est donn\u00e9e \u00e0 l'effet de signer tous actes, arr\u00eat\u00e9s et d\u00e9cisions relatifs aux d\u00e9chets et \nrelevant du III de l'article 5 de l'arr\u00eat\u00e9 du pr\u00e9fet de Paris portant d\u00e9l\u00e9gation de signature susvis\u00e9, et sous \nr\u00e9serve des exceptions pr\u00e9vues aux articles 8 et 10 de l'arr\u00eat\u00e9 pr\u00e9cit\u00e9, \u00e0 : \n \n\u2022 Mme Claire ROSEVEGUE, cheffe du service risques et installations class\u00e9es de l'unit\u00e9 d\u00e9partementale \ndes Hauts-de-Seine ;  \n\u2022 M. Olivier PAS, adjoint \u00e0 la cheffe du service risques et installations class\u00e9es de l'unit\u00e9 d\u00e9partementale \ndes Hauts-de-Seine ; \n\u2022 Mme Guillemette DE KERDREL, cheffe du service pr\u00e9vention des risques ; \n\u2022 M. Baptiste POTERSZMAN, adjoint \u00e0 la cheffe du service pr\u00e9vention des risques, chef du d\u00e9partement \ndes risques chroniques ; \n\u2022 Mme Ir\u00e8ne ALFONSI, adjointe au chef du d\u00e9partement risques chroniques ; \n\u2022 Mme \u00c9lisabeth BLATON, cheffe du d\u00e9partement risques accidentels. \n \n  \nDirection r\u00e9gionale et interd\u00e9partementale de l'environnement, de l'am\u00e9nagement et des transports d'\u00cele-de-France -\nIDF-2025-10-24-00013 - D\u00e9cision du 24 octobre 2025 portant subd\u00e9l\u00e9gation de signature du pr\u00e9fet de Paris 12\n \n 5 \nArticle 8 \n \nSubd\u00e9l\u00e9gation est donn\u00e9e \u00e0 l'effet de signer tous actes, arr\u00eat\u00e9s et d\u00e9cisions relatifs \u00e0 la police de l'eau, \ndes milieux aquatiques et de la p\u00eache et relevant du IV de l'article 5 de l'arr\u00eat\u00e9 du pr\u00e9fet de Paris portant \nd\u00e9l\u00e9gation de signature susvis\u00e9, et s ous r\u00e9serve des exceptions pr\u00e9vues aux articles 8 et 10 de l 'arr\u00eat\u00e9 \npr\u00e9cit\u00e9, \u00e0 : \n\u2022 M. Thomas BOUYER, chef du service politiques et police de l'eau ; \n\u2022 Mme Caroline LAVALLART, adjointe au chef du service politiques et police de l'eau ; \n\u2022 Mme \u00c9milie BONNET-DERIVIERE, adjointe au chef du service politiques et police de l'eau ; \n\u2022 Mme Evelyne GODEHEU, cheffe du d\u00e9partement instruction loi sur l'eau et son adjointe, Mme \nGabri\u00e8le BENDAYAN ;  \n\u2022 M. T\u00e9o MORNAS, chef de l'unit\u00e9 Oise Seine Aval ; \n\u2022 M. Maxime HAVIER, chef de l'unit\u00e9 Marne Seine Amont ; \n\u2022 Mme Michelle BROSSEAU, cheffe du d\u00e9partement assainissement ;  \n\u2022 Mme Florence CHEREAU, adjointe \u00e0 la cheffe du d\u00e9partement assainissement ; \n\u2022 Mme \u00c9lise DELGOULET, cheffe du d\u00e9partement ressource et milieux aquatiques ;  \n\u2022 M. Paul DEROUBAIX, adjoint \u00e0 la cheffe du d\u00e9partement ressource et milieux aquatiques. \n \nArticle 9 \n \nSubd\u00e9l\u00e9gation est donn\u00e9e \u00e0 l'effet de signer tous actes, arr\u00eat\u00e9s et d\u00e9cisions relatifs \u00e0 la protection des \nesp\u00e8ces de faune et de flore sauvages menac\u00e9es et du patrimoine naturel et relevant du V de l'article 5 \nde l'arr\u00eat\u00e9 du pr\u00e9fet de Paris portant d\u00e9l\u00e9gation de signature susvis\u00e9, et sous r\u00e9serve des exceptions \npr\u00e9vues aux articles 8 et 10 de l'arr\u00eat\u00e9 pr\u00e9cit\u00e9, \u00e0 : \n\u2022 Mme Lucile RAMBAUD, cheffe du service nature et paysage ;  \n\u2022 M. St\u00e9phane LUCET, adjoint \u00e0 la cheffe du service nature et paysage ; \n\u2022 M. Bastien MOREIRA-PELLET, chef du d\u00e9partement faune et flore sauvages ; \n\u2022 M. Jean-Fran\u00e7ois VOISIN, adjoint au chef du d\u00e9partement faune et flore sauvage ; \n\u2022 M. Antoine LOMBARD, chef du d\u00e9partement espaces naturels ; \n\u2022 M. Dilipp SANDOU, coordonnateur-r\u00e9f\u00e9rent CITES ; \n\u2022 Mme Fatma AOUICI -GLOUBI, adjointe au coordonnateur -r\u00e9f\u00e9rent CITES, charg\u00e9e d'\u00e9tude CITES et \nd\u00e9rogations esp\u00e8ces prot\u00e9g\u00e9es \u00e0 but scientifique et p\u00e9dagogique. \n \nArticle 10 \n \nSubd\u00e9l\u00e9gation est donn\u00e9e \u00e0 l'effet de signer tous actes, arr\u00eat\u00e9s et d\u00e9cisions relatifs aux risques naturels \net relevant du VII de l'article 5 de l'arr\u00eat\u00e9 du pr\u00e9fet de Paris porta nt d\u00e9l\u00e9gation de signature susvis\u00e9, et \nsous r\u00e9serve des exceptions pr\u00e9vues aux articles 8 et 10 de l'arr\u00eat\u00e9 pr\u00e9cit\u00e9, \u00e0 : \n \n\u2022 Mme Guillemette DE KERDREL, cheffe du service pr\u00e9vention des risques ; \n\u2022 M. Baptiste POTERSZMAN, adjoint \u00e0 la cheffe du service pr\u00e9vention des risques, chef du d\u00e9partement \ndes risques chroniques ; \n\u2022 M. Baptiste LORENZI, chef du d\u00e9partement risques naturels ;  \n\u2022 Mme Laurence BALMES, adjointe au chef du d\u00e9partement risques naturels ; \nMme Sophie SAUVAGNAT, adjointe au chef du d\u00e9partement risques naturels. \nDirection r\u00e9gionale et interd\u00e9partementale de l'environnement, de l'am\u00e9nagement et des transports d'\u00cele-de-France -\nIDF-2025-10-24-00013 - D\u00e9cision du 24 octobre 2025 portant subd\u00e9l\u00e9gation de signature du pr\u00e9fet de Paris 13\n \n 6 \n \nArticle 11 \n \nSubd\u00e9l\u00e9gation est donn\u00e9e \u00e0 l'effet de signer tous actes, arr\u00eat\u00e9s et d\u00e9cisions relatifs \u00e0 la g\u00e9othermie et \nrelevant du VIII de l'article 5 de l'arr\u00eat\u00e9 du pr\u00e9fet de Paris portant d\u00e9l\u00e9gation de signature susvis\u00e9, et sous \nr\u00e9serve des exceptions pr\u00e9vues aux articles 8 et 10 de l'arr\u00eat\u00e9 pr\u00e9cit\u00e9, \u00e0 : \n \n\u2022 Mme Aurore FARGETTE, cheffe du service \u00e9nergie et b\u00e2timent ; \n\u2022 Mme Alice METAYER-MATHIEU, adjointe \u00e0 la cheffe du service \u00e9nergie et b\u00e2timent ; \n\u2022 M. Thibaut BADOUAL, chef du d\u00e9partement climat, air, \u00e9nergie ; \n\u2022 Mme Julie LODEWYCKX, adjointe au chef du d\u00e9partement climat, air, \u00e9nergie ; \n\u2022 Mme \u00c9lise CHAPPAZ, cheffe de l'unit\u00e9 \u00e9lectricit\u00e9. \n  \nArticle 12 \n \nSubd\u00e9l\u00e9gation est donn\u00e9e \u00e0 l'effet de signer tous actes, arr\u00eat\u00e9 s et d\u00e9cisions relatifs aux autorisations \nenvironnementales et relevant du IX de l'article 5 de l'arr\u00eat\u00e9 du pr\u00e9fet de Paris portant d\u00e9l\u00e9gation de \nsignature susvis\u00e9, et sous r\u00e9serve des exceptions pr\u00e9vues aux articles 8 et 10 de l'arr\u00eat\u00e9 pr\u00e9cit\u00e9, \u00e0 : \n \n\u2022 M. Thomas BOUYER, chef du service politiques et police de l'eau ; \n\u2022 Mme Caroline LAVALLART, adjointe au chef du service politiques et police de l'eau ; \n\u2022 Mme \u00c9milie BONNET-DERIVIERE, adjointe au chef du service politiques et police de l'eau ; \n\u2022 Mme Evelyne GODEHEU, cheffe du d\u00e9partement instruction loi sur l'eau ; \n \nArticle 13 \n \nSubd\u00e9l\u00e9gation est donn\u00e9e \u00e0 l'effet de signer  tous actes, arr\u00eat\u00e9s et d\u00e9cisions relatifs  aux syst\u00e8mes \nd'information des sols et relevant du X de l'article 5 de l'arr\u00eat\u00e9 du pr\u00e9fet de Paris portant d\u00e9l\u00e9gation de \nsignature susvis\u00e9, et sous r\u00e9serve des exceptions pr\u00e9vues aux articles 8 et 10 de l'arr\u00eat\u00e9 pr\u00e9cit\u00e9, \u00e0 : \n \n\u2022 Mme Claire ROSEVEGUE, cheffe du service risques et installations class\u00e9es de l'unit\u00e9 d\u00e9partementale \ndes Hauts-de-Seine ;  \n\u2022 M. Olivier PAS, adjoint \u00e0 la cheffe du service risques et installations class\u00e9es de l'unit\u00e9 d\u00e9partementale \ndes Hauts-de-Seine ; \n\u2022 Mme Guillemette DE KERDREL, cheffe du service pr\u00e9vention des risques ; \n\u2022 M. Baptiste POTERSZMAN, adjoint \u00e0 la cheffe du service pr\u00e9vention des risques, chef du d\u00e9partement \ndes risques chroniques ; \n\u2022 Mme Ir\u00e8ne ALFONSI, adjointe au chef du d\u00e9partement risques chroniques. \n \nArticle 14 \n \nSubd\u00e9l\u00e9gation est donn\u00e9e \u00e0 l'effet de signer tous actes, arr\u00eat\u00e9s et d\u00e9cisions relatifs aux contr\u00f4les de la \ns\u00e9curit\u00e9 des ouvrages hydrauliques et relevant du XI de l'article 5 de l'arr\u00eat\u00e9 du pr\u00e9fet de Paris portant \nd\u00e9l\u00e9gation de signature susvis\u00e9, \u00e0 : \n \nDirection r\u00e9gionale et interd\u00e9partementale de l'environnement, de l'am\u00e9nagement et des transports d'\u00cele-de-France -\nIDF-2025-10-24-00013 - D\u00e9cision du 24 octobre 2025 portant subd\u00e9l\u00e9gation de signature du pr\u00e9fet de Paris 14\n \n 7 \n\u2022 Mme Guillemette DE KERDREL, cheffe du service pr\u00e9vention des risques ; \n\u2022 M. Baptiste POTERSZMAN, adjoint \u00e0 la cheffe du service pr\u00e9vention des risques, chef du d\u00e9partement \ndes risques chroniques ; \n\u2022 M. Baptiste LORENZI, chef du d\u00e9partement risques naturels ;  \n\u2022 Mme Laurence BALMES, adjointe au chef du d\u00e9partement risques naturels ;  \n\u2022 Mme Sophie SAUVAGNAT, adjointe au chef du d\u00e9partement risques naturels. \n \nArticle 15 \n \nSubd\u00e9l\u00e9gation est donn\u00e9e \u00e0 l'effet de signer tous les actes figurant \u00e0 l'article 6 de l'arr\u00eat\u00e9 du pr\u00e9fet de \nParis portant d\u00e9l\u00e9gation de signature susvis\u00e9 \u00e0 : \n \n\u2022 Mme Lucile RAMBAUD, cheffe du service nature et paysage ;  \n\u2022 M. St\u00e9phane LUCET, adjoint \u00e0 la cheffe du service nature et paysage ; \n\u2022 M. Bastien MOREIRA-PELLET, chef du d\u00e9partement faune et flore sauvage ;  \n\u2022 M. Jean-Fran\u00e7ois VOISIN, adjoint au chef du d\u00e9partement faune et flore sauvage ; \n\u2022 M. Antoine LOMBARD, chef du d\u00e9partement espaces naturels ; \n\u2022 Mme Florence MOTTES, cheffe du d\u00e9partement sites et paysage ; \n\u2022 Mme Paola VITA, adjointe \u00e0 la cheffe du d\u00e9partement sites et paysage ; \n\u2022 M. Thomas BOUYER, chef du service politiques et police de l'eau ; \n\u2022 Mme Caroline LAVALLART, adjointe au chef du service politiques et police de l'eau ; \n\u2022 Mme \u00c9milie BONNET-DERIVIERE, adjointe au chef du service politiques et police de l'eau ; \n\u2022 Mme Evelyne GODEHEU, cheffe du d\u00e9partement instruction loi sur l'eau ; \n \nArticle 16 \n \nLa d\u00e9cision du 11 septembre 2025 portant subd\u00e9l\u00e9gation de signature pour les mati\u00e8res exerc\u00e9es pour le \ncompte du pr\u00e9fet de Paris est abrog\u00e9e. \n \nArticle 17 \n \nL'adjoint \u00e0 la directrice r\u00e9gionale et interd\u00e9partementale de l'environnement, de l'am\u00e9nagement et des \ntransports d'\u00cele-de-France, charg\u00e9 du pilotage, est charg\u00e9 de l'ex\u00e9cution de la pr\u00e9sente d\u00e9cision qui sera \npubli\u00e9e au recueil des actes administratifs de  la pr\u00e9fecture de la r\u00e9gion d'\u00cele -de-France, pr\u00e9fecture de \nParis, accessible sur le site Internet de la pr\u00e9fecture de la r\u00e9gion d'\u00cele -de-France, pr\u00e9fecture de Paris \u00e0 \nl'adresse suivante : www.prefectures-regions.gouv.fr/ile-de-france/. \n \n Paris, le 24 octobre 2025 \nLa directrice r\u00e9gionale et interd\u00e9partementale  \nde l'environnement, de l'am\u00e9nagement  \net des transports d'\u00cele-de-France \n \n \nSign\u00e9 \n \n \nEmmanuelle GAY \nDirection r\u00e9gionale et interd\u00e9partementale de l'environnement, de l'am\u00e9nagement et des transports d'\u00cele-de-France -\nIDF-2025-10-24-00013 - D\u00e9cision du 24 octobre 2025 portant subd\u00e9l\u00e9gation de signature du pr\u00e9fet de Paris 15\nDirection r\u00e9gionale et interd\u00e9partementale de\nl'environnement, de l'am\u00e9nagement et des\ntransports d'\u00cele-de-France\nIDF-2025-10-24-00012\nD\u00e9cision du 24 octobre 2025 portant\nsubd\u00e9l\u00e9gation de signature en mati\u00e8re\nd'ordonnancement secondaire et de commande\npublique pour le compte du pr\u00e9fet de la r\u00e9gion\nd'\u00cele-de-France\nDirection r\u00e9gionale et interd\u00e9partementale de l'environnement, de l'am\u00e9nagement et des transports d'\u00cele-de-France -\nIDF-2025-10-24-00012 - D\u00e9cision du 24 octobre 2025 portant subd\u00e9l\u00e9gation de signature en mati\u00e8re d'ordonnancement secondaire et\nde commande publique pour le compte du pr\u00e9fet de la r\u00e9gion d'\u00cele-de-France\n16\nPREFET |DE LA REGIOND'\u00ceLE-DE-FRANCELibert\u00e9Egalit\u00e9Fraternit\u00e9\n \nDRIEAT \n21-23 rue Miollis \u2013 75 732 Paris CEDEX 15 \nT\u00e9l : +33 (0)1 40 61 80 80 \nwww.drieat.ile-de-france.developpement-durable.gouv.fr  1 \n \nDirection r\u00e9gionale et interd\u00e9partementale \nde l'environnement, de l'am\u00e9nagement \net des transports d'\u00cele-de-France \n \n \n \n \nD\u00e9cision portant subd\u00e9l\u00e9gation de signature en mati\u00e8re d'ordonnancement secondaire  \net de commande publique pour le compte du pr\u00e9fet de la r\u00e9gion d'\u00cele-de-France \n \n \nLa directrice r\u00e9gionale et interd\u00e9partementale de l'environnement, de l'am\u00e9nagement et des transports \nd'\u00cele-de-France, \n \nVu la loi organique n\u00b0 2001-692 du 1er ao\u00fbt 2001 relative aux lois de finances ; \n \nVu le code de la commande publique ; \n \nVu la loi n\u00b0 82-213 du 2 mars 1982 relative aux droits et libert\u00e9s des communes, des d\u00e9partements et des \nr\u00e9gions \n \nVu la loi d'orientation n\u00b0 92-125 du 6 f\u00e9vrier 1992 relative \u00e0 l'administration territoriale de la R\u00e9publique ; \n \nVu le d\u00e9cret n\u00b0 2004-374 du 29 avril 2004 relatif aux pouvoirs des pr\u00e9fets, \u00e0 l'organisation et \u00e0 l'action des \nservices de l'\u00c9tat dans les r\u00e9gions et d\u00e9partements ; \n \nVu le d\u00e9cret n\u00b0 2004-1085 du 14 octobre 2004 relatif \u00e0 la d\u00e9l\u00e9gation de gestion dans les services de l'\u00c9tat ; \n \nVu le d\u00e9cret n\u00b0 2005-636 du 30 mai 2005 relatif \u00e0 l'organisation de l'administration dans le domaine de \nl'eau et aux missions du pr\u00e9fet coordonnateur de bassin ; \n \nVu le d\u00e9cret n\u00b0  2006-304 du 16  mars 2006 portant cr\u00e9ation et organisation des directions \ninterd\u00e9partementales des routes ; \n \nVu le d\u00e9cret n\u00b0 2010-687 du 24 juin 2010 modifi\u00e9 relatif \u00e0 l'organisation  et aux missions des services de \nl'\u00c9tat dans la r\u00e9gion et les d\u00e9partements d'\u00cele-de-France ; \n \nVu le d\u00e9cret n\u00b0 2012-1246 du 7 novembre 2012 relatif \u00e0 la gestion budg\u00e9taire et comptable publique ; \n \nVu le d\u00e9cret n\u00b0 2015-510 du 7 mai 2015 portant charte de la d\u00e9concentration ; \n \nVu le d\u00e9cret du 22 juillet 2020 portant nomination du pr\u00e9fet de la r\u00e9gion d'\u00cele-de-France, pr\u00e9fet de Paris \n(hors classe) - M. GUILLAUME (Marc) ; \n \nVu l'arr\u00eat\u00e9 interminist\u00e9riel du 26 mai 2006 portant constitution des directions interd\u00e9partementales des \nroutes ; \n \nDirection r\u00e9gionale et interd\u00e9partementale de l'environnement, de l'am\u00e9nagement et des transports d'\u00cele-de-France -\nIDF-2025-10-24-00012 - D\u00e9cision du 24 octobre 2025 portant subd\u00e9l\u00e9gation de signature en mati\u00e8re d'ordonnancement secondaire et\nde commande publique pour le compte du pr\u00e9fet de la r\u00e9gion d'\u00cele-de-France\n17\n \n  2 \nVu l'arr\u00eat\u00e9 du 3  septembre 2010 portant r\u00e8glement de comptabilit\u00e9 du minist\u00e8re de l'\u00e9cologie, de \nl'\u00e9nergie, du d\u00e9veloppement durable et de la mer, en charge des technologies vertes et des n\u00e9gociations \nsur le climat, pour la d\u00e9signation d'un ordonnateur secondaire d\u00e9l\u00e9gu\u00e9 ; \n \nVu l'arr\u00eat\u00e9 du pr\u00e9fet de la r\u00e9gion d'\u00cele -de-France, pr\u00e9fet de Paris n\u00b0  IDF-2023-02-07-00001 du \n7 f\u00e9vrier 2025 portant organisation de la direction r\u00e9gionale et interd\u00e9partementale de l'environnement, \nde l'am\u00e9nagement et des transports d'\u00cele-de-France ; \n \nVu la d\u00e9cision n\u00b0 IDF-2025-02-25-00007 du 25  f\u00e9vrier 2025 portant organisation des services de la \ndirection r\u00e9gionale et interd\u00e9partementale l'environnement, de l'am\u00e9nagement et des transports d'\u00cele-\nde-France ; \n \nVu l'arr\u00eat\u00e9 interminist\u00e9riel du 8  juillet 2022 portant nomination d'une directrice r\u00e9gionale et \ninterd\u00e9partementale de l'environnement, de l'am\u00e9nagement et des transports de la r\u00e9gion \u00cele-de-France ; \n \nVu l'arr\u00eat\u00e9 du Pr\u00e9fet de la r\u00e9gion \u00ce le-de-France, pr\u00e9fet de Paris n\u00b0IDF-2023-04-19-00003 du 19 avril 2023, \nportant d\u00e9l\u00e9gation de signature \u00e0 Mme Emmanuelle GAY, directrice r\u00e9gionale et interd\u00e9partementale de \nl'environnement, de l'am\u00e9nagement et des transports d'\u00cele -de-France, en mati\u00e8re d'or donnancement \nsecondaire et de commande publique, notamment son article 7 ; \n \nSur proposition de l'adjoint \u00e0 la directrice r\u00e9gionale et interd\u00e9partementale de l'environnement, de \nl'am\u00e9nagement et des transports d'\u00cele-de-France, charg\u00e9 du pilotage, \n \n D\u00e9cide : \n \nARTICLE 1 \u2013 DIRECTION \n \n1. Subd\u00e9l\u00e9gation de signature est donn\u00e9e \u00e0 : \n \n\u2022 M. Laurent PAILLARD, directeur r\u00e9gional et interd\u00e9partemental adjoint, charg\u00e9 des ressources \nhumaines et de la gestion des moyens, et dans les limites de leurs attributions  : \n\u2022 Mme Val\u00e9rie BELROSE, directrice r\u00e9gionale et interd\u00e9partementale adjointe charg\u00e9e de l'eau et du \nd\u00e9veloppement durable ; \n\u2022 M. Paul WEICK, directeur r\u00e9gional et interd\u00e9partemental adjoint, charg\u00e9 de la s\u00e9curit\u00e9 des transports \net des missions de d\u00e9fense et de s\u00e9curit\u00e9 ; \n\u2022 M. Herv\u00e9 SCHMITT, directeur r\u00e9gional et interd\u00e9partemental adjoint charg\u00e9 de l'am\u00e9nagement \ndurable et des transports ; \n\u2022 M. Jean -Marc PICARD, directeur r\u00e9gional et interd\u00e9partemental adjoint charg\u00e9 de l'\u00e9nergie, des \nrisques et de la nature ; \n\u2022 M. Ja cques SALHI, directeur r\u00e9gional et interd\u00e9partemental adjoint, directeur des routes d'\u00cele -de-\nFrance ; \n\u2022 M. Pascal H\u00c9RITIER, adjoint de la directrice, charg\u00e9 du pilotage ; \n \npour : \n \na. \u2013 Recevoir les cr\u00e9dits des programmes suivants : \n \n\u27a2 \u00ab Paysage, eau et biodiversit\u00e9 \u00bb (n\u00b0 113) ; \n\u27a2 \u00ab Urbanisme, territoires et am\u00e9lioration de l'habitat \u00bb (n\u00b0 135) ; \n\u27a2 \u00ab Pr\u00e9vention des risques \u00bb (n\u00b0 181) ; \n\u27a2 \u00ab Infrastructures et services de transport \u00bb (n\u00b0 203) ; \nDirection r\u00e9gionale et interd\u00e9partementale de l'environnement, de l'am\u00e9nagement et des transports d'\u00cele-de-France -\nIDF-2025-10-24-00012 - D\u00e9cision du 24 octobre 2025 portant subd\u00e9l\u00e9gation de signature en mati\u00e8re d'ordonnancement secondaire et\nde commande publique pour le compte du pr\u00e9fet de la r\u00e9gion d'\u00cele-de-France\n18\n \n  3 \n\u27a2 \u00ab S\u00e9curit\u00e9 et \u00e9ducation routi\u00e8res \u00bb (n\u00b0 207) ; \n\u27a2 \u00ab Fonds d'acc\u00e9l\u00e9ration de la transition \u00e9cologique dans les territoires \u00bb (n\u00b0 380). \nb. \u2013 R\u00e9partir ces cr\u00e9dits entre les services responsables d'unit\u00e9s op\u00e9rationnelles, charg\u00e9s de leur \nex\u00e9cution. \n \nc. \u2013 Proc\u00e9der \u00e0 des r\u00e9-allocations en cours d'exercice budg\u00e9taire entre les services responsables d'unit\u00e9s \nop\u00e9rationnelles. Les r\u00e9-allocations d'un montant sup\u00e9rieur \u00e0 20 % de leur budget seront soumises au visa \npr\u00e9alable du pr\u00e9fet de r\u00e9gion d'\u00cele-de-France. \n \n2. Subd\u00e9l\u00e9gation de signature est donn\u00e9e, en mati\u00e8re d'ordonnancement secondaire, \u00e0 : \n \n\u2022 M. Laurent PAILLARD, directeur adjoint, charg\u00e9 des ressources humaines et de la gestion des moyens ; \n\u2022 Mme Val\u00e9rie BELROSE, directrice adjointe, charg\u00e9e de l'eau et du d\u00e9veloppement durable ; \n\u2022 M. Paul WEICK, directeur adjoint  charg\u00e9 de la s\u00e9curit\u00e9 des transports et des missions de d\u00e9fense et \nde s\u00e9curit\u00e9, chef du service s\u00e9curit\u00e9 des transports et des v\u00e9hicules ; \n\u2022 M. Herv\u00e9 SCHMITT, directeur adjoint charg\u00e9 de l'am\u00e9nagement durable et des transports ; \n\u2022 M. Jean-Marc PICARD directeur adjoint, charg\u00e9 de l'\u00e9nergie, des risques et de la nature ; \n\u2022 M. Jacques SALHI, directeur adjoint, directeur des routes d'\u00cele-de-France ; \n\u2022 M. Pascal H\u00c9RITIER, adjoint de la directrice, charg\u00e9 du pilotage, \n \n\u00e0 l'effet de signer, dans les conditions fix\u00e9es dans les arr\u00eat\u00e9s susvis\u00e9s, toute pi\u00e8ce relative \u00e0 l'exercice de \nla comp\u00e9tence d'ordonnateur secondaire d\u00e9l\u00e9gu\u00e9, tant pour les d\u00e9penses que pour les recettes, pour les \nprogrammes sus-vis\u00e9s du minist\u00e8re de la transition \u00e9cologique et de la coh\u00e9sion des territoi res et du \nminist\u00e8re de la transition \u00e9nerg\u00e9tique, et pour les programmes suivants : \n \n\u27a2 \u00ab Paysages, eau et biodiversit\u00e9 \u00bb (n\u00b0 113) ; \n\u27a2 \u00ab Urbanisme, territoire et am\u00e9lioration de l'habitat \u00bb (n\u00b0 135) ; \n\u27a2 \u00ab Fonction publique \u00bb (n\u00b0 148) ; \n\u27a2 \u00ab Expertise, information g\u00e9ographique et m\u00e9t\u00e9orologie \u00bb (n\u00b0 159) ; \n\u27a2 \u00ab Energie, climat et apr\u00e8s-mines \u00bb (n\u00b0 174) ; \n\u27a2 \u00ab Pr\u00e9vention des risques \u00bb (n\u00b0 181) ; \n\u27a2 \u00ab Infrastructures et services de transport \u00bb (n\u00b0 203) ; \n\u27a2 \u00ab S\u00e9curit\u00e9 et \u00e9ducation routi\u00e8res \u00bb (n\u00b0 207) ; \n\u27a2 \u00ab Conduite et pilotage des politiques de l'int\u00e9rieur  \u00bb (n\u00b0 216) (UO \u00ab  convergence de l'action sociale \nr\u00e9gionale \u00bb) ; \n\u27a2 \u00ab Conduite et pilotage des politiques de l'\u00e9cologie, du d\u00e9veloppement et de la mobilit\u00e9 durables  \u00bb \n(n\u00b0 217) ; \n\u27a2 \u00ab Sports \u00bb (n\u00b0 219) ; \n\u27a2 \u00ab Performance et r\u00e9silience des b\u00e2timents de l'\u00c9tat et de ses op\u00e9rateurs \u00bb (n\u00b0 348) \n\u27a2 \u00ab Administration territoriale de l'\u00c9tat \u00bb (n\u00b0 354) ; \n\u27a2 \u00ab \u00c9cologie \u00bb (n\u00b0 362)  ; \n\u27a2 \u00ab Comp\u00e9titivit\u00e9 \u00bb (n\u00b0 363) \n\u27a2 \u00ab Coh\u00e9sion \u00bb (n\u00b0 364) ; \n\u27a2 \u00ab Fonds d'acc\u00e9l\u00e9ration de la transition \u00e9cologique dans les territoires (n\u00b0 380) ; \n\u27a2 \u00ab Op\u00e9rations immobili\u00e8res et entretien des b\u00e2timents de l'\u00c9tat \u00bb (n\u00b0 723). \n \nPour les programmes n\u00b0  354, n\u00b0  362 (volet immobilier public) n\u00b0  363, n\u00b0  723, n\u00b0 348 et n\u00b0  216, toute \nd\u00e9pense sup\u00e9rieure \u00e0 400  000 \u20ac HT devra faire l'objet d'un visa pr\u00e9alable du pr\u00e9fet de la r\u00e9gion \u00cele -de-\nFrance, en application de l'article 3 de l'arr\u00eat\u00e9 de d\u00e9l\u00e9gation de signature en mati\u00e8re d'ordonnancement \nsecondaire susvis\u00e9. \n \nDirection r\u00e9gionale et interd\u00e9partementale de l'environnement, de l'am\u00e9nagement et des transports d'\u00cele-de-France -\nIDF-2025-10-24-00012 - D\u00e9cision du 24 octobre 2025 portant subd\u00e9l\u00e9gation de signature en mati\u00e8re d'ordonnancement secondaire et\nde commande publique pour le compte du pr\u00e9fet de la r\u00e9gion d'\u00cele-de-France\n19\n \n  4 \n3. Subd\u00e9l\u00e9gation de signature est \u00e9galement donn\u00e9e  \u00e0 M. Laurent PAILLARD, Mme Val\u00e9rie BELROSE, M. \nPaul WEICK, M. Herv\u00e9 SCHMITT, M. Jean-Marc PICARD et M. Jacques SALHI, directeurs adjoints, ainsi qu'\u00e0 \nM. Pascal H\u00c9RITIER adjoint \u00e0 la directrice, pour signer toute pi\u00e8ce relative \u00e0 la passation et \u00e0 l'ex\u00e9cution \ndes march\u00e9s publics et des accords -cadres, en mati\u00e8re de travaux, fournitures, \u00e9tudes et services, y \ncompris les arr\u00eat\u00e9s relatifs \u00e0 la composition et au mode de fonctionnement des jurys de concours. \n \n4. Pour les subventions d'un montant de 23 000 euros et plus, la subd\u00e9l\u00e9gation de signature consentie au \nparagraphe 1 du pr\u00e9sent article porte sur les cr\u00e9dits du titre VI des programmes n\u00b0  113, n\u00b0 159, n\u00b0 174, \nn\u00b0 181, n\u00b0 217 , n\u00b0 135, n\u00b0 354 et n\u00b0 380 sous r\u00e9serve d'informer au pr\u00e9alable le pr\u00e9fet de la r\u00e9gion d'\u00cele-de-\nFrance des pr\u00e9visions d'attribution desdites subventions. \n \n\u00c0 cet effet, un tableau pr\u00e9visionnel d'attribution des subventions, pr\u00e9cisant les organismes b\u00e9n\u00e9ficiaires \net les montants propos\u00e9s pour chacun d'entre eux, sera transmis par la direction r\u00e9g ionale et \ninterd\u00e9partementale de l'environnement, de l'am\u00e9nagement et des transports, autant de fois que \nn\u00e9cessaire et avant la signature des conventions par les b\u00e9n\u00e9ficiaires. \n \nARTICLE 2 \u2013 SIGNATURE \u00c9LECTRONIQUE \n \nLes personnes disposant de la subd\u00e9l\u00e9gation de signature, en vertu de la pr\u00e9sente d\u00e9cision, sont aussi \nhabilit\u00e9es \u00e0 recourir \u00e0 la signature \u00e9lectronique. Pour les agents figurant dans le tableau du paragraphe 2 \nde chaque sous-article concernant la DiRIF ou  de chaque article pour les autres services, le recours \u00e0 la \nsignature \u00e9lectronique est accord\u00e9 sans limitation de montant pour valider la demande d'avis sur projet \nde march\u00e9 destin\u00e9e au Responsable minist\u00e9riel des achats (RMA). \n \nARTICLE 3 \u2013 CABINET ET COMMUNICATION \n \n1. La subd\u00e9l\u00e9gation de signature du pr\u00e9sent article porte sur les programmes : \n\u27a2 \u00ab Infrastructures et services de transport \u00bb (n\u00b0 203) (cr\u00e9dits communication) ; \n\u27a2 \u00ab Administration territoriale de l'\u00c9tat \u00bb (n\u00b0 354). \n \n2. Subd\u00e9l\u00e9gation est donn\u00e9e \u00e0 l'effet de signer, dans les conditions fix\u00e9es dans les arr\u00eat\u00e9s susvis\u00e9s et dans \nles limites de leurs attributions et comp\u00e9tences, toute pi\u00e8ce relative \u00e0 l'exercice de la comp\u00e9tence \nd'ordonnateur secondaire d\u00e9l\u00e9gu\u00e9 pour les d\u00e9penses, \u00e0 :  \n \n\u2022 Mme Agathe BALTZER, directrice de cabinet ; \n\u2022 Mme St\u00e9phanie CARVALHEIRO, directrice de la communication ; \n\u2022 Mme Magali MAUGER, directrice adjointe de la communication ;  \n\u2022 Mme H\u00e9l\u00e8ne LAMBERT, directrice de la communication d\u00e9l\u00e9gu\u00e9e, cheffe de la mission \ncommunication. \n \n3. Subd\u00e9l\u00e9gation est donn\u00e9e aux personnes d\u00e9sign\u00e9es dans le pr\u00e9sent article, \u00e0 l'effet de signer les \ncommandes, quel que soit leur montant, prises dans le cadre de march\u00e9s \u00e0 bons de commandes relevant \nde leurs attributions. \n \nARTICLE 4 \u2013 DIRECTION DES ROUTES D'\u00ceLE-DE-FRANCE \n \n1. La subd\u00e9l\u00e9gation de signature du pr\u00e9sent article porte sur : \n \na. \u2013 Les programmes du minist\u00e8re de la transition \u00e9cologique et de la coh\u00e9sion des territoires et du \nminist\u00e8re de la transition \u00e9nerg\u00e9tique : \n\u27a2 \u00ab Infrastructures et services de transport \u00bb (n\u00b0 203) ; \nDirection r\u00e9gionale et interd\u00e9partementale de l'environnement, de l'am\u00e9nagement et des transports d'\u00cele-de-France -\nIDF-2025-10-24-00012 - D\u00e9cision du 24 octobre 2025 portant subd\u00e9l\u00e9gation de signature en mati\u00e8re d'ordonnancement secondaire et\nde commande publique pour le compte du pr\u00e9fet de la r\u00e9gion d'\u00cele-de-France\n20\n \n  5 \n\u27a2 \u00ab Conduite et pilotage des politiques de l '\u00e9cologie, du d \u00e9veloppement et de la mobilit \u00e9 durables \u00bb \n(n\u00b0 217) ; \n\u27a2 \u00ab \u00c9cologie \u00bb (n\u00b0 362) ; \n\u27a2 \u00ab Coh\u00e9sion \u00bb (n\u00b0 364) ; \n \nb. \u2013 Le programme du minist\u00e8re de l'int\u00e9rieur : \u00ab S\u00e9curit\u00e9 et \u00e9ducation routi\u00e8res \u00bb (n\u00b0 207). \n \nc. \u2013 Le programme du minist\u00e8re de l'\u00e9conomie, des finances et de la souverainet\u00e9 industrielle et \nnum\u00e9rique : \u00ab Performance et r\u00e9silience des b\u00e2timents de l'\u00c9tat et de ses op\u00e9rateurs \u00bb (n\u00b0 348). \n \n2. Subd\u00e9l\u00e9gation est donn\u00e9e \u00e0  M. Jacques SALHI, directeur r\u00e9gional et interd\u00e9partemental adjoint, \ndirecteur des routes d'\u00cele -de-France, \u00e0 M. J\u00e9r\u00f4me ROQUES, directeur adjoint des routes d'\u00cele -de-France \net \u00e0 Mme Sophie DUPAS, directrice adjointe exploitation et entretien \u00e0 l'effet de signer : \n\u27a2 dans les conditions fix\u00e9es dans les arr\u00eat\u00e9s susvis\u00e9s, toute pi\u00e8ce relative \u00e0 l'exercice de la comp\u00e9tence \nd'ordonnateur secondaire d\u00e9l\u00e9gu\u00e9, tant pour les d\u00e9penses que pour les recettes, dans le cadre de ses \nattributions et comp\u00e9tences ; \n\u27a2 toutes les pi\u00e8ces relatives \u00e0 la passation et \u00e0 l'ex\u00e9cution des march\u00e9s publics et accords-cadres. \n \nARTICLE 4-1 \u2013 MISSION DE LA POLITIQUE ET DES MOYENS DE L'EXPLOITATION \n \nParagraphe 1 \u2013 Ordonnancement secondaire \n \n1. La subd\u00e9l\u00e9 gation de signature du pr\u00e9sent paragraphe porte sur le programme du minist\u00e8re de la \ntransition \u00e9cologique et de la coh\u00e9sion des territoires et du minist\u00e8re de la transition \u00e9nerg\u00e9tique  : \n\u00ab Infrastructures et services de transport \u00bb (n\u00b0 203) ; \n \n2. Subd\u00e9l\u00e9gation est donn\u00e9e \u00e0 M. Jean -Fran\u00e7ois TARISTAS, chef de la mission de la politique et des \nmoyens de l'exploitation, \u00e0 l'effet de signer, dans le cadre de ses attributions et comp\u00e9tences et dans les \nconditions fix\u00e9es dans les arr\u00eat\u00e9s susvis\u00e9s, toute p i\u00e8ce relative \u00e0 l'exercice de la comp\u00e9tence \nd'ordonnateur secondaire, tant pour les d\u00e9penses que pour les recettes. \n \n3. Subd\u00e9l\u00e9gation est donn\u00e9e \u00e0 M. Jean -Fran\u00e7ois BERNAUER-BUSSIER, adjoint au chef de la mission de la \npolitique et des moyens d'exploitation , \u00e0 l'effet de signer, dans le cadre de ses attributions et \ncomp\u00e9tences, les propositions d'engagement, les pi\u00e8ces relatives \u00e0 la constatation de la d\u00e9pense et les \nordres de payer relatifs aux d\u00e9penses. \n \n4. Subd\u00e9l\u00e9gation est donn\u00e9e \u00e0 Mme Sarah CASIMIR, responsable m\u00e9thode, qualit\u00e9 et politique \nd'exploitation, \u00e0 l'effet de signer, dans le cadre de ses attributions et comp\u00e9tences, les propositions \nd'engagement, les pi\u00e8ces relatives \u00e0 la constatation de la d\u00e9pens e et les ordres de payer relatifs aux \nd\u00e9penses. \n \nParagraphe 2 \u2013 Passation et ex\u00e9cution des march\u00e9s publics et accords-cadres \n \n1. Subd\u00e9l\u00e9gation de signature est consentie \u00e0 la personne d\u00e9sign\u00e9e ci -apr\u00e8s, dans la limite de ses \nattributions et des montants indiqu\u00e9s ci-dessous, pour signer toutes les pi\u00e8ces relatives \u00e0 la passation et \nl'ex\u00e9cution des march\u00e9s publics et des accords-cadres : \n \n \nNOM ET FONCTION \nSuppl\u00e9ant en cas \nd'absence ou \nd'emp\u00eachement \nPassation et ex\u00e9cution \ndes march\u00e9s et accords-cadres \nen montant HT maximum \nJean-Fran\u00e7ois TARISTAS, Jean-Fran\u00e7ois Travaux 1 000 000 \u20ac \nDirection r\u00e9gionale et interd\u00e9partementale de l'environnement, de l'am\u00e9nagement et des transports d'\u00cele-de-France -\nIDF-2025-10-24-00012 - D\u00e9cision du 24 octobre 2025 portant subd\u00e9l\u00e9gation de signature en mati\u00e8re d'ordonnancement secondaire et\nde commande publique pour le compte du pr\u00e9fet de la r\u00e9gion d'\u00cele-de-France\n21\n \n  6 \n \nNOM ET FONCTION \nSuppl\u00e9ant en cas \nd'absence ou \nd'emp\u00eachement \nPassation et ex\u00e9cution \ndes march\u00e9s et accords-cadres \nen montant HT maximum \nchef de la mission de la \npolitique et des moyens de \nl'exploitation \nBERNAUER-BUSSIER, \nadjoint au chef de la \nmission \nFournitures, \u00e9tudes et \nservices \n250 000 \u20ac \n \n2. Subd\u00e9l\u00e9gation de signature est donn\u00e9e \u00e0 M. Jean-Fran\u00e7ois TARISTAS et \u00e0 son adjoint, M. Jean-Fran\u00e7ois \nBERNAUER-BUSSIER, \u00e0 l'effet de signer dans la limite de ses attributions, pour les march\u00e9s publics et \naccords-cadres dont le montant d\u00e9passe les seuils me ntionn\u00e9s au point 1 du pr\u00e9sent paragraphe, toute \npi\u00e8ce relative \u00e0 leur ex\u00e9cution, \u00e0 l'exclusion des pi\u00e8ces mentionn\u00e9es ci-apr\u00e8s : \n\u27a2 rapport de pr\u00e9sentation ; \n\u27a2 d\u00e9cision d'attribution d'un march\u00e9 et lettre de rejet d'une offre ; \n\u27a2 acte d'engagement ; \n\u27a2 avenant ou acte modificatif ; \n\u27a2 d\u00e9cision d'affermissement de tranche conditionnelle ou optionnelle ; \n\u27a2 d\u00e9cision de reconduction ou non reconduction ; \n\u27a2 d\u00e9cision de r\u00e9siliation ; \n\u27a2 d\u00e9cision d'ajournement. \n \nDans l'hypoth\u00e8se o\u00f9 le montant initial du march\u00e9 est augmen t\u00e9 (avenant \u00e0 incidences financi\u00e8res), le \nseuil est appr\u00e9ci\u00e9 sur le montant total du march\u00e9 public ou accord-cadre, apr\u00e8s augmentation. \n \n3. Subd\u00e9l\u00e9gation est donn\u00e9e \u00e0 Mme Sarah CASIMIR, \u00e0 l'effet de signer, dans le cadre de ses attributions \net comp\u00e9tences, pour les op\u00e9rations routi\u00e8res, toute pi\u00e8ce relative \u00e0 la passation et l'ex\u00e9cution des \nmarch\u00e9s de montant inf\u00e9rieur ou \u00e9gal \u00e0 25  000 \u20ac HT (seuil \u00e0 appr\u00e9cier sur le montant total du march\u00e9, \nen int\u00e9grant le montant des avenants \u00e0 incidence financi\u00e8re quand ils existent) et les bons de commande \nd'un montant inf\u00e9rieur ou \u00e9gal \u00e0 25 000 \u20ac HT pour chaque commande dans le cadre des march\u00e9s \u00e0 bons \nde commande. \n \nARTICLE 4-2 \u2013 LE SERVICE DE MODERNISATION DU R\u00c9SEAU \n \nParagraphe 1 \u2013 Ordonnancement secondaire \n \n1. La subd\u00e9l\u00e9gation de signature du pr\u00e9sent paragraphe porte sur les programmes du minist\u00e8re de la \ntransition \u00e9cologique et de la coh\u00e9sion des territoires et du minist\u00e8re de la transition \u00e9nerg\u00e9tique  : \n\u00ab Infrastructures et services de transport \u00bb (n\u00b0 203). \n \n2. Subd\u00e9l\u00e9gation est donn\u00e9e \u00e0 M. R\u00e9my MENSIRE, chef du service de modernisation du r\u00e9seau et \u00e0 son \nadjointe, Mme Emmanuelle PAGES, \u00e0 l'effet de signer, dans le cadre de leurs attributions et comp\u00e9tences \net dans les conditions fix\u00e9es dans les arr\u00eat\u00e9s susvis\u00e9s, toute pi\u00e8ce relative \u00e0 l'exercice de la comp\u00e9tence \nd'ordonnateur secondaire, tant pour les d\u00e9penses que pour les recettes. \n \n3. Subd\u00e9l\u00e9gation est donn\u00e9e, aux personnes d\u00e9sign\u00e9es ci -apr\u00e8s, \u00e0 l'effet de signer dans les conditions \nfix\u00e9es dans les arr\u00eat\u00e9s sus vis\u00e9s, dans le cadre de leurs attributions et comp\u00e9tences, les propositions \nd'engagement, les pi\u00e8ces relatives \u00e0 la constatation de la d\u00e9pense et les ordres de payer relatifs aux \nd\u00e9penses : \n \n\u2022 M. Guillaume BENNET, chef du d\u00e9partement de modernisation du r\u00e9seau Sud-Ouest ;  \n\u2022 M. R\u00e9gis BOST, adjoint au chef du d\u00e9partement de modernisation du r\u00e9seau Sud -Ouest ; \n\u2022 M. \u00c9ric VILBE, chef du d\u00e9partement de modernisation du r\u00e9seau Est ;  \nDirection r\u00e9gionale et interd\u00e9partementale de l'environnement, de l'am\u00e9nagement et des transports d'\u00cele-de-France -\nIDF-2025-10-24-00012 - D\u00e9cision du 24 octobre 2025 portant subd\u00e9l\u00e9gation de signature en mati\u00e8re d'ordonnancement secondaire et\nde commande publique pour le compte du pr\u00e9fet de la r\u00e9gion d'\u00cele-de-France\n22\n \n  7 \n\u2022 Mme Florence DERUMIGNY, adjointe au chef du d\u00e9partement de modernisation du r\u00e9seau Est  ; \n\u2022 M. Antoine CHEVALIER, chef du d\u00e9partement de la modernisation du r\u00e9seau Nord  ; \n\u2022 M. Ludovic MARIA, adjoint au chef du d\u00e9partement de la modernisation du r\u00e9seau Nord  ; \n\u2022 M. Christophe DESNOUAILLES, chef du d\u00e9partement des \u00e9tudes g\u00e9n\u00e9rales et des voies r\u00e9serv \u00e9es.  \n \nL'ordonnancement des d\u00e9penses n\u00e9cessaires aux acquisitions fonci\u00e8res est exclu de la subd\u00e9l\u00e9gation de \nsignature accord\u00e9e aux agents cit\u00e9s dans le pr\u00e9sent point 3 du paragraphe 1. \n \n4. Subd\u00e9l\u00e9gation de signature est donn\u00e9e, aux personnes d\u00e9sign\u00e9es ci -apr\u00e8s, \u00e0 l'effet de signer dans les \nconditions fix\u00e9es dans les arr\u00eat\u00e9s susvis\u00e9s, dans le cadre de leurs attributions et comp\u00e9tences, les \npropositions d'engagement, les pi\u00e8ces relatives \u00e0 la constatation de la d\u00e9pense et les ordres de payer \nrelatifs aux d\u00e9penses : \n \n\u2022 Mme Marie BUISSON, cheffe du bureau programmation, gestion et ordonnancement  ; \n\u2022 Mme La\u00ebtitia PINCHAULT, cheffe du p\u00f4le paiement ; \n\u2022 Mme Cindy TALBOT, cheffe du p\u00f4le engagement. \n \nParagraphe 2 \u2013 Passation et ex\u00e9cution des march\u00e9s publics et accords-cadres \n \n1. Subd\u00e9l\u00e9gation est donn\u00e9e aux personnes d\u00e9sign\u00e9es ci-apr\u00e8s, dans la limite de leurs attributions et des \nmontants indiqu\u00e9s ci-dessous, \u00e0 l'effet de signer toutes les pi\u00e8ces relatives \u00e0 la passation et l'ex\u00e9cution \ndes march\u00e9s publics et des accords-cadres : \n \n \nNOM ET FONCTION \nSuppl\u00e9ant en cas \nd'absence ou \nd'emp\u00eachement \nPassation et ex\u00e9cution \ndes march\u00e9s et accords-cadres \nen montant HT maximum \nR\u00e9my MENSIRE, chef du SMR Emmanuelle PAGES, \nadjointe au chef du SMR \nTravaux 3 000 000 \u20ac \nFournitures, \u00e9tudes et services 750 000 \u20ac \nGuillaume BENNET, chef du \nDMRSO \nR\u00e9gis BOST, adjoint au \nchef du DMRSO \nTravaux 250 000 \u20ac \nFournitures, \u00e9tudes et services 143 000 \u20ac \n\u00c9ric VILBE, chef du DMRE Florence DERUMIGNY, \nadjointe au chef du \nDMRE \nTravaux 250 000 \u20ac \nFournitures, \u00e9tudes et services 143 000 \u20ac \nAntoine CHEVALIER, chef du \nDMRNo \nLudovic MARIA, adjoint \nau chef du DMRNo \nTravaux 250 000 \u20ac \nFournitures, \u00e9tudes et services 143 000 \u20ac \nChristophe DESNOUAILLES, \nchef du DEGVR \n Travaux 250 000 \u20ac \nFournitures, \u00e9tudes et services 143 000 \u20ac \n \nDans l'hypoth\u00e8se o\u00f9 le montant initial du march\u00e9 est augment\u00e9 (avenant \u00e0 incidences financi\u00e8res), le \nseuil est appr\u00e9ci\u00e9 sur le montant total du march\u00e9 public ou accord-cadre, apr\u00e8s augmentation. \n \nLes seuils susmentionn\u00e9s concernent \u00e9galement la passation et l'ex\u00e9cution des march\u00e9s subs\u00e9quents \n(march\u00e9s initiaux et avenants) aux accords-cadres correspondants. \n \n2. Subd\u00e9l\u00e9gation est donn\u00e9e \u00e0 M. R\u00e9my MENSIRE et \u00e0 Mme Emmanuelle PAGES, \u00e0 l 'effet de signer dans \nla limite de leurs attributions, pour les march\u00e9s publics et accords -cadres dont le montant d\u00e9passe les \nseuils mentionn\u00e9s au point 1 du pr\u00e9sent paragraphe, toute pi\u00e8ce relative \u00e0 leur ex\u00e9cution, \u00e0 l'exclusion \ndes pi\u00e8ces mentionn\u00e9es ci-apr\u00e8s : \nDirection r\u00e9gionale et interd\u00e9partementale de l'environnement, de l'am\u00e9nagement et des transports d'\u00cele-de-France -\nIDF-2025-10-24-00012 - D\u00e9cision du 24 octobre 2025 portant subd\u00e9l\u00e9gation de signature en mati\u00e8re d'ordonnancement secondaire et\nde commande publique pour le compte du pr\u00e9fet de la r\u00e9gion d'\u00cele-de-France\n23\n \n  8 \n\u2013 rapport de pr\u00e9sentation ; \n\u2013 d\u00e9cision d'attribution d'un march\u00e9 et lettre de rejet d'une offre ; \n\u2013 acte d'engagement ; \n\u2013 avenant ou acte modificatif ; \n\u2013 d\u00e9cision d'affermissement de tranche conditionnelle ou optionnelle ; \n\u2013 d\u00e9cision de reconduction ou non reconduction ; \n\u2013 d\u00e9cision de r\u00e9siliation ; \n\u2013 d\u00e9cision d'ajournement. \n \nDans l'hypoth\u00e8se o\u00f9 le montant initial du march\u00e9 est augment\u00e9 (avenant \u00e0 incidences financi\u00e8res), le \nseuil est appr\u00e9ci\u00e9 sur le montant total du march\u00e9 public ou accord-cadre, apr\u00e8s augmentation. \n \n3. Subd\u00e9l\u00e9gation de signature est donn\u00e9e aux agents cit\u00e9s au point 1 du pr\u00e9sent paragraphe \u00e0 l'effet de \nsigner, dans le cadre de leurs attributions et comp\u00e9tences, les d\u00e9cisions d'agr\u00e9ments de sous -traitants, \nles d\u00e9cisions de r\u00e9ception avec ou sans r\u00e9serves, les d\u00e9comptes g\u00e9n\u00e9raux ainsi que les pi\u00e8ces li\u00e9es, des \nmarch\u00e9s publics de montants sup\u00e9rieurs aux seuils mentionn\u00e9s au point 1 du pr\u00e9sent paragraphe. \n \n4. Subd\u00e9l\u00e9gation de signature est donn\u00e9e aux agents cit\u00e9s au point 1 du pr\u00e9sent paragraphe \u00e0 l'effet de \nsigner, dans le cadre de leurs attributions et comp\u00e9tences, les bons de commande d'un montant inf\u00e9rieur \nou \u00e9gal \u00e0 500 000 \u20ac HT pour chaque commande prise pour une op\u00e9ration d'investissement routier dans \nle cadre de march\u00e9s \u00e0 bons de commandes. Dans le cas o\u00f9 il est sup\u00e9rieur \u00e0 500  000 \u20ac HT, c'est le \nmontant sp\u00e9cifi\u00e9 dans le tableau du point 1 du pr\u00e9sent paragraphe qui s'applique \u00e0 la subd\u00e9l\u00e9gation du \npr\u00e9sent point 3. \n \n5. Subd\u00e9l\u00e9gation de signature est donn\u00e9e aux personnes figurant ci-apr\u00e8s \u00e0 l'effet de signer, dans le cadre \nde leurs attributions et comp\u00e9tences, pour les op\u00e9rations routi\u00e8res, toute pi\u00e8ce relative \u00e0 la passation et \nl'ex\u00e9cution des march\u00e9s de montant inf\u00e9rie ur ou \u00e9gal \u00e0 25  000 \u20ac HT (seuil \u00e0 appr\u00e9cier sur le montant \ntotal du march\u00e9, en int\u00e9grant le montant des avenants \u00e0 incidence financi\u00e8re quand ils existent) et les \nbons de commande d'un montant inf\u00e9rieur ou \u00e9gal \u00e0 25 000 \u20ac HT pour chaque commande dans le cadre \ndes march\u00e9s \u00e0 bons de commande : \n \n\u25aa pour le d\u00e9partement de la modernisation du r\u00e9seau (DMR) Sud-Ouest : \n \n\u2022 M. Jean-Marc CITADELLE, responsable d'op\u00e9rations ; \n\u2022 M. Jean-Fran\u00e7ois GUILLAUMIN, responsable d'op\u00e9rations ; \n\u2022 M. Yannis CHAPUY, responsable d'op\u00e9rations ; \n\u2022 Mme Nolwenn SOURIMANT, responsable d'op\u00e9rations ; \n\u2022 M. Laurent PROVOST, responsable d'op\u00e9rations : \n\u2022 M. Jasser AMRI, responsable d'op\u00e9rations. \n \n\u25aa pour le d\u00e9partement de modernisation du r\u00e9seau (DMR) Est : \n \n\u2022 Mme Carole VIALA, responsable d'op\u00e9rations ; \n\u2022 Mme Pauline DJAN, responsable d'op\u00e9rations ; \n\u2022 M. Alain CARRER, responsable d'op\u00e9rations ; \n\u2022 M. Julien FAYARD, responsable d'op\u00e9rations. \n \n\u25aa pour le d\u00e9partement de la modernisation du r\u00e9seau (DMR) Nord : \n \n\u2022 M. Rolin MARQUES, responsable d'op\u00e9rations ; \n\u2022 Mme Tessa HEITZMANN, responsable d'op\u00e9rations ; \n\u2022 M. Alexandre POULTIER, responsable d'op\u00e9rations ; \nDirection r\u00e9gionale et interd\u00e9partementale de l'environnement, de l'am\u00e9nagement et des transports d'\u00cele-de-France -\nIDF-2025-10-24-00012 - D\u00e9cision du 24 octobre 2025 portant subd\u00e9l\u00e9gation de signature en mati\u00e8re d'ordonnancement secondaire et\nde commande publique pour le compte du pr\u00e9fet de la r\u00e9gion d'\u00cele-de-France\n24\n \n  9 \n\u2022 M. Ga\u00ebl RADIGOIS, responsable d'op\u00e9rations ; \n\u2022 Mme Cordy BEMBELLY, responsable d'op\u00e9rations ; \n\u2022 Mme Laure VATIN, responsable d'op\u00e9rations. \n \n\u25aa pour le d\u00e9partement des \u00e9tudes g\u00e9n\u00e9rales et des voies r\u00e9serv\u00e9es : \n \n\u2022 M. Yahya NAIT SRIR, responsable d'op\u00e9rations ; \n\u2022 M. Hugo FOURNEL, responsables d'op\u00e9rations ; \n\u2022 M. Loris AGUENI, responsable d'op\u00e9rations ; \n\u2022 M. Thomas SERS, responsable d'op\u00e9rations. \n \n\u25aa pour le bureau des affaires fonci\u00e8res : \n \n\u2022 Mme Micheline LEHOUX, cheffe du bureau des affaires fonci\u00e8res ; \n\u2022 M. Salman BENKHEIRA, adjoint \u00e0 la cheffe du bureau des affaires fonci\u00e8re s \n \nARTICLE 4-3 \u2013 LE SERVICE DU TRAFIC ET DES TUNNELS \n \nParagraphe 1 \u2013 Ordonnancement secondaire \n \n1. La subd\u00e9l\u00e9gation de signature du pr\u00e9sent paragraphe porte sur le programme du minist\u00e8re de la \ntransition \u00e9cologique et de la coh\u00e9sion des territoires et du minist\u00e8re de la transition \u00e9nerg\u00e9tique  : \n\u00ab Infrastructures et services de transport \u00bb (n\u00b0 203). \n \n2. Subd\u00e9l\u00e9gation de signature est donn\u00e9e  \u00e0 l'effet de signer  toute pi\u00e8ce relative \u00e0 l'exercice de la \ncomp\u00e9tence d'ordonnateur secondaire, tant pour les d\u00e9penses que pour les recettes \u00e0 : \n \n\u2022 M. Pierre-Baptiste DELPUECH, chef du service du trafic et des tunnels ; \n\u2022 M. Jonathan COL\u00c9, adjoint au chef du service du trafic et des tunnels . \n \n3. Subd\u00e9l\u00e9gation de signature est donn\u00e9e \u00e0 l'effet de signer les propositions d'engagement, les pi\u00e8ces \nrelatives \u00e0 la constatation de la d\u00e9pense et les ordres de payer relatifs aux d\u00e9pense s \u00e0 : \n \n\u2022 M. Cl\u00e9ment MORIN, chef du d\u00e9partement de l'ing\u00e9nierie et de la m odernisation des \u00e9quipements et \ndes tunnels (DIMET) ; \n\u2022 M. Wahbi YAKOUBI, adjoint au chef du d\u00e9partement de l'ing\u00e9nierie et de la modernisation des \n\u00e9quipements et des tunnels ; \n\u2022 Mme S\u00e9verine CARPENTIER, cheffe du d\u00e9partement de l'exploitation du trafic et des tunnels (DETT), \n\u00e0 partir du 1er f\u00e9vrier 2025 ; \n\u2022 M. Olivier NALIN, adjoint au chef du d\u00e9partement de l'exploitation du trafic et des tunnels (DETT)  ; \n\u2022 M. Quentin LABRUE, adjoint au chef du d\u00e9partement de l'exploitation du trafic et des tunnels (DETT). \n \n4. Subd\u00e9l\u00e9gation de signature est donn\u00e9e, aux personnes d\u00e9sign\u00e9es ci -apr\u00e8s, \u00e0 l'effet de signer, dans le \ncadre de leurs attributions et comp\u00e9tences, les propositions d'engagement, les pi\u00e8ces relatives \u00e0 la \nconstatation de la d\u00e9pense et les ordres de payer relatifs aux d\u00e9penses : \n \n\u25fc pour le d\u00e9partement de l'ing\u00e9nierie et de la modernisation des \u00e9quipements et des tunnels  : \n \n\u2022 M. Alain BARNABAS, chef de projet ; \n\u2022 M. Marc-Michel MERRIN, chef de projet ; \n\u2022 M. Serge ANGELERGUES, chef de projet, \n\u2022 M. Ghislain Tshiamuanda KANIKI, responsable d'op\u00e9rations, \nDirection r\u00e9gionale et interd\u00e9partementale de l'environnement, de l'am\u00e9nagement et des transports d'\u00cele-de-France -\nIDF-2025-10-24-00012 - D\u00e9cision du 24 octobre 2025 portant subd\u00e9l\u00e9gation de signature en mati\u00e8re d'ordonnancement secondaire et\nde commande publique pour le compte du pr\u00e9fet de la r\u00e9gion d'\u00cele-de-France\n25\n \n  10 \n\u2022 M. Martin HAMME, responsable d'op\u00e9rations ; \n\u2022 M. Alexandre BARAGNON, responsable d'op\u00e9rations ;  \n\u2022 M. Iyed TRABELSI, responsable d'op\u00e9rations ; \n\u2022 M. Enzo GOZOLLI, responsable d'op\u00e9rations ;  \n\u2022 Mme Marjorie HELION, charg\u00e9e de mission tunnel. \n \n\u25fc pour le d\u00e9partement de l'exploitation du trafic et des tunnels : \n \n\u2022 M. Alexandre ROSSI, responsable de l'unit\u00e9 observatoire et ing\u00e9nierie du trafic, et son adjoint M. Marc \nRIVIERE ; \n\u2022 M. Nicolas BERNARD, chef du l'unit\u00e9 coordination du trafic et information routi\u00e8re, et ses adjoints, \nM. Marc KOENIG, et M. David THOMACHOT ; \n\u2022 M. Arnaud IFFLY, chef de l'unit\u00e9 politique de maintenance et de modernisation et son adjointe, Mme \nJeanne BATA ; \n\u2022 M. Jo\u00ebl CELINAIN, responsable administratif et de gestion ; \n\u2022 M. Antoine PERRAIS, chef de l'unit\u00e9 informatique et r\u00e9seaux centraux.  \n\u2022 M. David QUINTANS, adjoint au chef de l'unit\u00e9 informatique et r\u00e9seaux centraux  ; \n\u2022 M. Hassan BELKACEM, chef du poste de contr\u00f4le trafic et tunnels (PCTT) Nord et son adjoint M. \nPhilippe THULLIER, en charge de l'exploitation ; \n\u2022 Mme Aude COVIN, cheffe du poste de contr\u00f4le trafic et tunnels (PCTT) Ouest  ;  \n\u2022 M. Jean-Bernard GAUQUELIN, adjoint \u00e0 la cheffe du poste de contr\u00f4le trafic et tunnels, en charge de \nl'exploitation ; \n\u2022 M. C\u00e9dric LALLEMANT, adjoint \u00e0 la cheffe du poste de contr\u00f4le trafic et tunnels, en charge de la \nmaintenance ; \n\u2022 M. Fr\u00e9d\u00e9ric MILICEVIC, charg\u00e9 de p\u00f4le de maintenance de Nanterre ; \n\u2022 Mme Samantha MIOTTI, charg\u00e9 de p\u00f4le de maintenance de Boulogne ; \n\u2022 Mme Morgane ALATORRE, cheffe du poste de contr\u00f4le de trafic et tunnels (PCTT) Sud, et ses adjoints, \nM. Robert TOUATI, en charge de l'exploitation, et M. Julien PROUST, en charge de la maintenance  ; \n\u2022 M. J\u00e9r\u00f4me RODRIGUEZ, responsable du poste de contr\u00f4le trafic et tunnels (PCTT) Est, et ses adjoints, \nM. Laurent MOUSSEUX, en charge de l 'exploitation, et M.  Jean-Pierre SULLY, en charge de la \nmaintenance. \n \nParagraphe 2 \u2013 Passation et ex\u00e9cution des march\u00e9s publics et accords-cadres \n \n1. Subd\u00e9l\u00e9gation de signature est consentie aux personnes d\u00e9sign\u00e9es ci -apr\u00e8s, dans la limite de leurs \nattributions et des montants indiqu\u00e9s ci- dessous, pour signer toutes les pi\u00e8ces relatives \u00e0 la passation et \nl'ex\u00e9cution des march\u00e9s publics et des accords-cadres : \n \n \nNOM ET FONCTION \nSuppl\u00e9ant en cas \nd'absence ou \nd'emp\u00eachement \nPassation et ex\u00e9cution des march\u00e9s et accords-\ncadres en montant HT maximum \nPierre-Baptiste \nDELPUECH, chef du \nSTT \nJonathan COL\u00c9, adjoint \nau chef du STT \nTravaux 3 000 000 \u20ac \nFournitures, \u00e9tudes et \nservices \n250 000 \u20ac \nCl\u00e9ment MORIN, chef \ndu DIMET \nWahbi YAKOUBI, \nadjoint au chef du \nDIMET \nTravaux 250 000 \u20ac \nFournitures, \u00e9tudes et \nservices \n143 000 \u20ac \n \nS\u00e9verine CARPENTIER, \ncheffe du DETT \nOlivier NALIN, adjoint \nau chef du DETT \nTravaux 250 000 \u20ac \nFournitures, \u00e9tudes et \nservices \n143 000 \u20ac \n \nDirection r\u00e9gionale et interd\u00e9partementale de l'environnement, de l'am\u00e9nagement et des transports d'\u00cele-de-France -\nIDF-2025-10-24-00012 - D\u00e9cision du 24 octobre 2025 portant subd\u00e9l\u00e9gation de signature en mati\u00e8re d'ordonnancement secondaire et\nde commande publique pour le compte du pr\u00e9fet de la r\u00e9gion d'\u00cele-de-France\n26\n \n  11 \nQuentin LABRUE, \nadjoint au chef du \nDETT \n \nDans l'hypoth\u00e8se o\u00f9 le montant initial du march\u00e9 est augment\u00e9 (avenant \u00e0 incidences financi\u00e8res), le \nseuil est appr\u00e9ci\u00e9 sur le montant total du march\u00e9 public ou accord-cadre, apr\u00e8s augmentation. \n \n2. Subd\u00e9l\u00e9gation de signature est donn\u00e9e \u00e0 M. Pierre-Baptiste DELPUECH et M. Jonathan COLE, \u00e0 l'effet \nde signer, dans la limite de ses attributions, pour les march\u00e9s publics et accords-cadres dont le montant \nd\u00e9passe les seuils mentionn\u00e9s au point 1 du pr\u00e9sent paragraphe, toute pi\u00e8ce relative \u00e0 leur ex\u00e9cution, \u00e0 \nl'exclusion des pi\u00e8ces mentionn\u00e9es ci-apr\u00e8s : \n\u2013 rapport de pr\u00e9sentation ; \n\u2013 d\u00e9cision d'attribution d'un march\u00e9 et lettre de rejet d'une offre ; \n\u2013 acte d'engagement ; \n\u2013 avenant ou acte modificatif ; \n\u2013 d\u00e9cision d'affermissement de tranche conditionnelle ou optionnelle ; \n\u2013 d\u00e9cision de reconduction ou non reconduction ; \n\u2013 d\u00e9cision de r\u00e9siliation ; \n\u2013 d\u00e9cision d'ajournement. \n \nDans l'hypoth\u00e8se o\u00f9 le montant initial du march\u00e9 est augment\u00e9 (avenant \u00e0 incidences financi\u00e8res), le \nseuil est appr\u00e9ci\u00e9 sur le montant total du march\u00e9 public ou accord-cadre, apr\u00e8s augmentation. \n \n3. Subd\u00e9l\u00e9gation de signature est donn\u00e9e aux agents cit\u00e9s au point 1 du pr\u00e9sent paragraphe \u00e0 l'effet de \nsigner, dans le cadre de leurs attributions et comp\u00e9tences, les ordres de services sans incidence \nfinanci\u00e8re, les d\u00e9cisions d'agr\u00e9ments de sous-traitants, les d\u00e9cisions de r\u00e9ception avec ou sans r\u00e9serves, \nles d\u00e9comptes g\u00e9n\u00e9raux ainsi que les pi\u00e8ces li\u00e9es, des march\u00e9s publics et accords -cadres de montants \nsup\u00e9rieurs aux seuils mentionn\u00e9s ci-dessus. \n \n4. Subd\u00e9l\u00e9gation de signature est donn\u00e9e aux agents cit\u00e9s au point 1 du pr\u00e9sent paragraphe \u00e0 l'effet de \nsigner, dans le cadre de leurs attributions et comp\u00e9tences, les commandes, dans la limite d'un montant \npour chaque commande de : \n\u27a2 1 000 000 \u20ac HT pour une commande prise dans le cadre de march \u00e9s \u00e0 bon de commande pour des \ntravaux ; \n\u27a2 250 000 \u20ac HT pour une commande prise dans le cadre de march \u00e9s \u00e0 bon de commande pour des \nfournitures, des \u00e9tudes ou des services. \n \n5. Subd\u00e9l\u00e9gation de signature est donn\u00e9e aux personnes figurant ci-apr\u00e8s \u00e0 l'effet de signer, dans le cadre \nde leurs attributions et comp\u00e9tences, pour les op\u00e9rations routi\u00e8res, toute pi\u00e8ce relative \u00e0 la passation et \nl'ex\u00e9cution des march\u00e9s de montant inf\u00e9rieur ou \u00e9gal \u00e0 25  000 \u20ac HT (seuil \u00e0 appr\u00e9cier sur le montant \ntotal du march\u00e9, en int\u00e9grant le montant des avenants \u00e0 incidence financi\u00e8re quand ils existent) et les \nbons de commande d'un montant inf\u00e9rieur ou \u00e9gal \u00e0 25 000 \u20ac HT pour chaque commande dans le cadre \ndes march\u00e9s \u00e0 bons de commande : \n \n\u25aa pour le d\u00e9partement de l'ing\u00e9nierie de la modernisation des \u00e9quipements et des tunnels  : \n \n\u2022 M. Ghislain Tshiamuanda KANIKI, responsable d'op\u00e9rations ; \n\u2022 M. Serge ANGELERGUES, chef de projet ; \n\u2022 M. Alain BARNABAS, chef de projet ; \n\u2022 M. Marc-Michel MERRIN, chef de projet ; \n\u2022 M. Martin HAMME, responsable d'op\u00e9rations ; \nDirection r\u00e9gionale et interd\u00e9partementale de l'environnement, de l'am\u00e9nagement et des transports d'\u00cele-de-France -\nIDF-2025-10-24-00012 - D\u00e9cision du 24 octobre 2025 portant subd\u00e9l\u00e9gation de signature en mati\u00e8re d'ordonnancement secondaire et\nde commande publique pour le compte du pr\u00e9fet de la r\u00e9gion d'\u00cele-de-France\n27\n \n  12 \n\u2022 M. Alexandre BARAGNON, responsable d'op\u00e9rations ;  \n\u2022 M. Iyed TRABELSI, responsable d'op\u00e9rations ; \n\u2022 M. ENZO GOZZOLI, responsable d'op\u00e9rations ; \n\u2022 Mme Marjorie HELION, charg\u00e9e de mission tunnel. \n \n6. Subd\u00e9l\u00e9gation de signature est donn\u00e9e aux agents d\u00e9sign\u00e9s ci -apr\u00e8s \u00e0 l'effet de signer, dans le cadre \nde leurs attributions et comp\u00e9tences, toute pi\u00e8ce relative \u00e0 la passation et \u00e0 l'ex\u00e9cution des march\u00e9s \nd'un montant inf\u00e9rieur ou \u00e9gal \u00e0 25  000 \u20ac HT (seuil \u00e0 appr\u00e9cier sur le montant total du march\u00e9, en \nint\u00e9grant le montant des avenants \u00e0 incidence financi\u00e8re quand ils existent), les bons de commande d'un \nmontant inf\u00e9rieur ou \u00e9gal \u00e0 50  000 \u20ac HT pour chaque comm ande dans le cadre des march \u00e9s de \nfournitures, d'\u00e9tudes ou de services \u00e0 bons de commandes, et les bons de commande d'un montant \ninf\u00e9rieur ou \u00e9gal \u00e0 100  000 \u20ac HT pour chaque commande dans le cadre des march \u00e9s de travaux \u00e0 bons \nde commandes : \n \n\u25aa pour le d\u00e9partement de l'exploitation du trafic et des tunnels : \n \n\u2022 M. Alexandre ROSSI, responsable de l'unit\u00e9 observatoire et ing\u00e9nierie du trafic, et son adjoint M. Marc \nRIVIERE ; \n\u2022 M. Nicolas BERNARD, chef de l'unit\u00e9 coordination du trafic et information routi\u00e8re, et ses adjoints, \nM. Marc KOENIG, et M. David THOMACHOT ; \n\u2022 M. Arnaud IFFLY, chef de l'unit\u00e9 politique de maintenance et modernisation et son adjointe Mme \nJeanne BATA ; \n\u2022 M. Antoine PERRAIS, chef de l'unit\u00e9 information et r\u00e9seaux centraux ; \n\u2022 M. David QUINTANS, adjoint \u00e0 la cheffe de l'unit\u00e9 informatique et r\u00e9seaux centraux  ; \n\u2022 M. Hassan BELKACEM, chef du poste de contr\u00f4le trafic et tunnels (PCTT) Nord  ;  \n\u2022 M. Philippe THULLIER, adjoint au chef du poste de contr\u00f4le trafi c et tunnels, en charge de \nl'exploitation ; \n\u2022 Mme Aude COVIN, cheffe du poste de contr\u00f4le trafic et tunnels (PCTT) Ouest  ; \n\u2022 M. Jean-Bernard GAUQUELIN, adjoint \u00e0 la cheffe du poste de contr\u00f4le trafic et tunnels, en charge de \nl'exploitation ;  \n\u2022 M. C\u00e9dric LALLEMA NT, adjoint \u00e0 la cheffe du poste de contr\u00f4le trafic et tunnels, en charge de la \nmaintenance ; \n\u2022 Mme Morgane ALATORRE, chef du poste de contr\u00f4le de trafic et tunnels (PCTT) Sud, et ses adjoints, \nM. Robert TOUATI, en charge de l'exploitation, et M. Julien PROUST, en charge de la maintenance ; \n\u2022 M. J\u00e9r\u00f4me RODRIGUEZ, chef du poste de contr\u00f4le trafic et tunnels (PCTT) Est, et ses adjoints, \nM. Laurent MOUSSEUX, en charge de l'exploitation, et M.  Jean-Pierre SULLY, en charge de la \nmaintenance. \n \nARTICLE 4-4 \u2013 LE SERVICE DE LA GESTION PATRIMONIALE DU R\u00c9SEAU \n \nParagraphe 1 \u2013 Ordonnancement secondaire \n \n1. La subd\u00e9l\u00e9gation de signature du pr\u00e9sent paragraphe porte sur les programmes du minist\u00e8re de la \ntransition \u00e9cologique et de la coh\u00e9sion des territoires et du mi nist\u00e8re de la transition \u00e9nerg\u00e9tique  : \n\u00ab Infrastructures et services de transport \u00bb (n\u00b0 203). \n \n2. Subd\u00e9l\u00e9gation de signature est donn\u00e9e \u00e0 l'effet de signer, dans le cadre de leurs attributions et \ncomp\u00e9tences et dans les conditions fix\u00e9es dans les arr\u00eat\u00e9s susvis\u00e9s, toute pi\u00e8ce relative \u00e0 l'exercice de la \ncomp\u00e9tence d'ordonnateur secondaire, tant pour les d\u00e9penses que pour les recettes \u00e0 :  \n \n\u2022 M. David JUIN, chef du service de la gestion patrimoniale du r\u00e9seau ;  \nDirection r\u00e9gionale et interd\u00e9partementale de l'environnement, de l'am\u00e9nagement et des transports d'\u00cele-de-France -\nIDF-2025-10-24-00012 - D\u00e9cision du 24 octobre 2025 portant subd\u00e9l\u00e9gation de signature en mati\u00e8re d'ordonnancement secondaire et\nde commande publique pour le compte du pr\u00e9fet de la r\u00e9gion d'\u00cele-de-France\n28\n \n  13 \n\u2022 M. Claude STREITH, adjoint au chef du service de la gestion patrimoniale du r\u00e9seau.  \n \n3. Subd\u00e9l\u00e9gation de signature est donn\u00e9e, aux personnes d\u00e9si gn\u00e9es ci-apr\u00e8s, \u00e0 l'effet de signer dans les \nconditions fix\u00e9es dans les arr\u00eat\u00e9s susvis\u00e9s, dans le cadre de leurs attributions et comp\u00e9tences, les \npropositions d'engagement, les pi\u00e8ces relatives \u00e0 la constatation de la d\u00e9pense et les ordres de payer \nrelatifs aux d\u00e9penses : \n\u2022 M. Sylvain G\u00c9RARD, chef du d\u00e9partement des techniques de la route  ;  \n\u2022 Mme Dalia AIT ALI, adjointe au chef du d\u00e9partement des techniques de la route  ; \n\u2022 Mme Mich\u00e8le MARLIERE, cheffe du d\u00e9partement politique et programmation routi\u00e8res, et son \nadjointe Mme Laura SAPATEIRO ; \n\u2022 M. Guillaume DAMIEN, chef du d\u00e9partement ouvrages d'art ;  \n\u2022 M. Victor MARTINET, adjoint au chef du d\u00e9partement ouvrages d'art. \n \n4. Subd\u00e9l\u00e9gation de signature est donn\u00e9e aux personnes d\u00e9sign\u00e9es ci -apr\u00e8s, \u00e0 l'effet de signer dans les \nconditions fix\u00e9es dans les arr\u00eat\u00e9s susvis\u00e9s, dans le cadre de leurs attributions et comp\u00e9tences, les \npropositions d'engagement, les pi\u00e8ces relatives \u00e0 la constatation de la d\u00e9pense et les ordres de payer \nrelatifs aux d\u00e9penses : \n \n\u25aa pour le d\u00e9partement des techniques de la route : \n \n\u2022 M. Dominique LE DUFF, chef de l'unit\u00e9 Equipements ; \n\u2022 M. Alex LAM, chef de l'unit\u00e9 Eau Environnement ; \n\u2022 M. Patrick VINCENT, adjoint au chef de l'unit\u00e9 Eau Environnement ; \n\u2022 M. Youva SAADI, chef de l'unit\u00e9 chauss\u00e9e terrassement ; \n\u2022 M. Jean-No\u00ebl IVRY, adjoint au chef de l'unit\u00e9 Chauss\u00e9e Terrassement ; \n\u2022 M. Lucas MICHARD, chef de l'unit\u00e9 Am\u00e9nagements routiers ; \n\u2022 Mme \u00c9lise CHAMPAIGNOLLE, cheffe de la mission D\u00e9veloppement Durable et D\u00e9pendances Vertes ; \n \n\u25aa pour le d\u00e9partement de la politique et programmation routi\u00e8res : \n \n\u2022 M. Valentin PRATESI, chef de l'unit\u00e9 g\u00e9omatique du patrimoine routier ; \n\u2022 Mme Vanessa FERREZ, cheffe de l'unit\u00e9 gestion budg\u00e9taire et administrative  ; \n\u2022 M. Xavier POTIER, chef de l'unit\u00e9 programmation, politiques technique et qualit\u00e9  ; \n\u2022 Mme Sophie MOZIER, adjointe au chef de l'unit\u00e9 programmation, politiques technique et qualit\u00e9  ; \n\u2022 M. Abdellah BENADJEMIA, chef de l'unit\u00e9 connaissance du patrimoine routier ; \n\u2022 Mme Laura SAPATEIRO, cheffe de l'unit\u00e9 s\u00e9curit\u00e9 de l'infrastructure et son adjoint, M. Patrice \nLEVEQUE. \n \n\u25aa pour le d\u00e9partement ouvrages d'art : \n \n\u2022 M. Fernando DIAS, chef de l'unit\u00e9 technique des ouvrages d'art ;  \n\u2022 M. St\u00e9phane BIANCOTTO, adjoint au chef de l'unit\u00e9 gestion centralis\u00e9e d'ouvrages d'art  ; \n\u2022 M. Lionel BARASCUD, chef du p\u00f4le Sud-Ouest de l'unit\u00e9 gestion centralis\u00e9e ouvrages d'art ; \n\u2022 Mme Lilly BOUSSEAU, cheffe du p\u00f4le Nord-Est de l'unit\u00e9 de gestion centralis\u00e9e ouvrages d'art. \n \nParagraphe 2 \u2013 Passation et ex\u00e9cution des march\u00e9s publics et accords-cadres \n \nSubd\u00e9l\u00e9gation de signature est consentie aux personnes d\u00e9sign\u00e9es ci -apr\u00e8s, dans la limite de leurs \nattributions et des montants indiqu\u00e9s ci-dessous, pour signer toutes les pi\u00e8ces relatives \u00e0 la passation et \n\u00e0 l'ex\u00e9cution des march\u00e9s publics et accords-cadres : \nDirection r\u00e9gionale et interd\u00e9partementale de l'environnement, de l'am\u00e9nagement et des transports d'\u00cele-de-France -\nIDF-2025-10-24-00012 - D\u00e9cision du 24 octobre 2025 portant subd\u00e9l\u00e9gation de signature en mati\u00e8re d'ordonnancement secondaire et\nde commande publique pour le compte du pr\u00e9fet de la r\u00e9gion d'\u00cele-de-France\n29\n \n  14 \nNOM ET FONCTION Suppl\u00e9ant en cas d'absence \nou d'emp\u00eachement \nPassation et ex\u00e9cution des march\u00e9s et \naccords-cadres en montant HT maximum \nM. David JUIN, chef du \nSGPR  \nClaude STREITH adjoint au \nchef du SGPR \nTravaux 3 000 000 \u20ac \nFournitures, \u00e9tudes et services 250 000 \u20ac \nSylvain G\u00c9RARD, chef \ndu DTR \nDalia AIT ALI, adjointe au \nchef du DTR \nTravaux 250 000 \u20ac \nFournitures, \u00e9tudes et services 143 000 \u20ac \nMich\u00e8le MARLIERE, \ncheffe du DPPR \nLaura SAPATEIRO, adjointe \n\u00e0 la cheffe du DPPR \nTravaux 250 000 \u20ac \nFournitures, \u00e9tudes et services 143 000 \u20ac \nGuillaume DAMIEN, \nchef du DOA \nVictor MARTINET, adjoint \nau chef du DOA \nTravaux 250 000 \u20ac \nFournitures, \u00e9tudes et services 143 000 \u20ac \n \nDans l'hypoth\u00e8se o\u00f9 le montant initial du march\u00e9 est augment\u00e9 (avenant \u00e0 incidences financi\u00e8res), le \nseuil est appr\u00e9ci\u00e9 sur le montant total du march\u00e9 public ou accord-cadre, apr\u00e8s augmentation. \n \n2. Subd\u00e9l\u00e9gation de signature est donn\u00e9e \u00e0 M. David JUIN et \u00e0 M. Claude STREITH \u00e0 l'effet de signer, \ndans la limite de leurs attributions, pour les march\u00e9s publics et accords-cadres dont le montant d\u00e9passe \nles seuils mentionn\u00e9s au point 1 du pr\u00e9sent paragraphe, toute pi\u00e8ce relative \u00e0 leur ex\u00e9cution, \u00e0 l'exclusion \ndes pi\u00e8ces mentionn\u00e9es ci-apr\u00e8s : \n\u27a2 rapport de pr\u00e9sentation ; \n\u27a2 d\u00e9cision d'attribution d'un march\u00e9 et lettre de rejet d'une offre ; \n\u27a2 acte d'engagement ; \n\u27a2 avenant ou acte modificatif ; \n\u27a2 d\u00e9cision d'affermissement de tranche conditionnelle ou optionnelle ; \n\u27a2 d\u00e9cision de reconduction ou non reconduction ; \n\u27a2 d\u00e9cision de r\u00e9siliation ; \n\u27a2 d\u00e9cision d'ajournement. \n \nDans l'hypoth\u00e8se o\u00f9 le montant initial du march\u00e9 est augment\u00e9 (avenant ou acte modificatif \u00e0 incidences \nfinanci\u00e8res), le seuil est appr\u00e9ci\u00e9 sur le montant total du march\u00e9 public ou accord -cadre, apr\u00e8s \naugmentation. \n \n3. Subd\u00e9l\u00e9gation de signature est donn\u00e9e aux agents cit\u00e9s au point 1 du pr\u00e9sent paragraphe \u00e0 l'effet de \nsigner, dans le cadre de leurs attributions et  comp\u00e9tences, les d\u00e9cisions d'agr\u00e9ments de sous -traitants, \nles d\u00e9cisions de r\u00e9ception avec ou sans r\u00e9serves, les d\u00e9comptes g\u00e9n\u00e9raux ainsi que les pi\u00e8ces li\u00e9es, des \nmarch\u00e9s publics de montants sup\u00e9rieurs aux seuils mentionn\u00e9s au point 1 du pr\u00e9sent paragraphe. \n \n4. Subd\u00e9l\u00e9gation de signature est donn\u00e9e aux agents cit\u00e9s au point 1 du pr\u00e9sent paragraphe, \u00e0 l'effet de \nsigner, dans le cadre de leurs attributions et comp\u00e9tences, les commandes, dans la limite d'un montant \npour chaque commande de : \n\u27a2 1 000 000 \u20ac HT pour une commande prise dans le cadre de march\u00e9s \u00e0 bons de commandes pour des \ntravaux ; \n\u27a2 250 000 \u20ac HT, pour une commande prise dans le cadre de march \u00e9s \u00e0 bons de commandes pour des \nfournitures, des \u00e9tudes ou des services. \n \nDirection r\u00e9gionale et interd\u00e9partementale de l'environnement, de l'am\u00e9nagement et des transports d'\u00cele-de-France -\nIDF-2025-10-24-00012 - D\u00e9cision du 24 octobre 2025 portant subd\u00e9l\u00e9gation de signature en mati\u00e8re d'ordonnancement secondaire et\nde commande publique pour le compte du pr\u00e9fet de la r\u00e9gion d'\u00cele-de-France\n30\n \n  15 \n5. Subd\u00e9l\u00e9gation de signature est donn\u00e9e aux agents d\u00e9sign\u00e9s ci -apr\u00e8s \u00e0 l'effet de signer, dans le cadre \nde leurs attributions et comp\u00e9tences, toute pi\u00e8ce relative \u00e0 la passation et \u00e0 l'ex\u00e9cution des march\u00e9s \nd'un montant inf\u00e9rieur ou \u00e9gal \u00e0 25  000 \u20ac HT (seui l \u00e0 appr\u00e9cier sur le montant total du march\u00e9, en \nint\u00e9grant le montant des avenants \u00e0 incidence financi\u00e8re quand ils existent), les bons de commande d'un \nmontant inf\u00e9rieur ou \u00e9gal \u00e0 50  000 \u20ac HT pour chaque commande dans le cadre des march\u00e9s de \nfournitures, d'\u00e9tudes ou de services \u00e0 bons de commandes, et les bons de commande d'un montant \ninf\u00e9rieur ou \u00e9gal \u00e0 100  000 \u20ac HT pour chaque commande dans le cadre des march\u00e9s de travaux \u00e0 bons \nde commandes : \n \n\u25aa pour le d\u00e9partement des techniques de la route : \n \n\u2022 M. Dominique LE DUFF, chef de l'unit\u00e9 \u00e9quipements ; \n\u2022 M. Alex LAM, chef de l'unit\u00e9 eau et environnement  \n\u2022 M. Patrick VINCENT, adjoint au chef de l'unit\u00e9 Eau Environnement ; \n\u2022 M. Youva SAADI, chef de l'unit\u00e9 Chauss\u00e9e Terrassement ; \n\u2022 M. Jean-No\u00ebl IVRY, adjoint au chef de l'unit\u00e9 Chauss\u00e9e Terrassement ; \n\u2022 M. Lucas MICHARD, chef de l'unit\u00e9 Am\u00e9nagements routiers ;  \n\u2022 Mme \u00c9lise CAMPAIGNOLLE, cheffe de la mission D\u00e9veloppement Durable et D\u00e9pendances Vertes. \n \n\u25aa pour le d\u00e9partement politique et programmation routi\u00e8res : \n \n\u2022 M. Valentin PRATESI, chef de l'unit\u00e9 g\u00e9omatique du patrimoine routier ; \n\u2022 Mme Vanessa FERREZ, cheffe de l'unit\u00e9 gestion budg\u00e9taire et administrative  ; \n\u2022 M. Xavier POTIER, chef de l'unit\u00e9 programmation, politiques technique et qualit\u00e9  ; \n\u2022 Mme Sophie MOZER, adjointe au chef de l'unit\u00e9 programmation, politiques technique et qualit\u00e9  ; \n\u2022 M. Abdellah BENDJEMIA, chef de l'unit\u00e9 Connaissance du patrimoine routier  ; \n\u2022 Mme Laura SAPATEIRO, cheffe de l'unit\u00e9 S\u00e9curit\u00e9 de  l'infrastructure et son adjoint, M. Patrice \nLEVEQUE. \n \n\u25aa pour le d\u00e9partement ouvrages d'art : \n \n\u2022 M. Fernando DIAS, chef de l'unit\u00e9 technique des ouvrages d'art ; \n\u2022 M. St\u00e9phane BIANCOTTO, adjoint au chef de l'unit\u00e9 gestion centralis\u00e9e ouvrages d'art ;  \n\u2022 M. Lionel BARASCUD, chef du p\u00f4le Sud-Ouest de l'unit\u00e9 gestion centralis\u00e9e ouvrages d'art ; \n\u2022 Mme Lilly BOUSSEAU, cheffe du P\u00f4le Nord-Est de l'unit\u00e9 gestion centralis\u00e9e ouvrages d'art. \n \nARTICLE 4-5 \u2013 LES ARRONDISSEMENTS DE GESTION ET D'EXPLOITATION DE LA ROUTE \n \nParagraphe 1 \u2013 Ordonnancement secondaire \n \n1. La subd\u00e9l\u00e9gation de signature du pr\u00e9sent paragraphe porte sur : \n \na. Le programme du minist\u00e8re de la transition \u00e9cologique et de la coh\u00e9sion des territoires et du minist\u00e8re \nde la transition \u00e9nerg\u00e9tique : \u00ab Infrastructures et services de transport \u00bb (n\u00b0 203) ; \n \nb. Le programme du minist\u00e8re de l'int\u00e9rieur \u00ab S\u00e9curit\u00e9 et \u00e9ducation routi\u00e8res \u00bb (n\u00b0 207). \n \n2. Subd\u00e9l\u00e9gation de signature est donn\u00e9e aux personnes d\u00e9sign\u00e9es ci -apr\u00e8s, \u00e0 l'effet de signer dans les \nconditions fix\u00e9es dans les arr\u00eat\u00e9s susvis\u00e9s, dans le cadre de leurs attributions et comp\u00e9tences, toute \npi\u00e8ce relative \u00e0 l'exercice de la comp\u00e9tence d'ordonnateur secondaire, tant pour les d\u00e9penses que pour \nles recettes : \n \nDirection r\u00e9gionale et interd\u00e9partementale de l'environnement, de l'am\u00e9nagement et des transports d'\u00cele-de-France -\nIDF-2025-10-24-00012 - D\u00e9cision du 24 octobre 2025 portant subd\u00e9l\u00e9gation de signature en mati\u00e8re d'ordonnancement secondaire et\nde commande publique pour le compte du pr\u00e9fet de la r\u00e9gion d'\u00cele-de-France\n31\n \n  16 \n\u2022 M. Fr\u00e9d\u00e9ric ESNAULT, chef de l'arrondissement de gestion et d'exploitation de la route (AGER) Est et \nson adjoint M. Anthony MITRANO ; \n\u2022 M. Bastien SALESSE, chef de l'arrondissement de gestion et d'exploitation de la route (AGER) Sud  ; \n\u2022 M. Moustapha SAVANE, adjoint au chef de l'arrondissement de gestion et d'exploitation de la route \n(AGER) Sud ; \n\u2022 M. Michel PERREL, chef de l'arrondissement de gestion et d'exploitation de la route (AGER) Ouest ;  \n\u2022 M. Damien BRADELLE, adjoint au chef de l'arrondissement de gestion et d'exploitation de la route \n(AGER) Ouest ; \n\u2022 M. Olivier ROUQUETTE, chef de l'arrondissement de gestion et d'exploitation de la route (AGER) \nNord ;  \n\u2022 Mme Elsa ALEXANDRE, adjointe au chef de l'arrondissement de gestion et d'exploitation de la route \n(AGER) Nord ; \n\u2022 M. Louis ESCUDERO, adjoint au che f de l'arrondissement de gestion et d'exploitation de la route \n(AGER) Nord ; \n \n3. Subd\u00e9l\u00e9gation de signature est donn\u00e9e aux personnes d\u00e9sign\u00e9es ci -apr\u00e8s, \u00e0 l'effet de signer dans les \nconditions fix\u00e9es dans les arr\u00eat\u00e9s susvis\u00e9s, dans le cadre de leurs attrib utions et comp\u00e9tences, les \npropositions d'engagement, les pi\u00e8ces relatives \u00e0 la constatation de la d\u00e9pense et les ordres de payer \nrelatifs aux d\u00e9penses : \n \n\u25aa pour l'arrondissement de gestion et d'exploitation de la route Est : \n \n\u2022 M. Claude GRUMELART, responsable du bureau de gestion administrative et de la route (BGAR) ; \n\u2022 M. \u00c9ric SIMON, responsable de la gestion budg\u00e9taire et de la comptabilit\u00e9  ; \n\u2022 Mme Val\u00e9rie DITTE, responsable de l'unit\u00e9 d'exploitation de la route de Brie -Comte-Robert, et son \nadjoint, M. Patrice DEGLA ; \n\u2022 M. Ludovic CADET, chef de l'unit\u00e9 d'exploitation de la route de Champigny  ; \n\u2022 M. Florent GRANDJEAN, adjoint au chef de l'unit\u00e9 d'exploitation de la route de Champigny  ; \n\u2022 M. Pascal BEAUFILS, responsable de la cellule gestion des mat\u00e9riels et engins ; \n \n\u25aa pour l'arrondissement de gestion et d'exploitation de la route Sud : \n \n\u2022 Mme Patricia MENAGER, responsable du p\u00f4le finances-programmation-gestion-moyens g\u00e9n\u00e9raux ; \n\u2022 M. Fr\u00e9d\u00e9ric BERTRAND, responsable de l'UER d'Orsay-Villab\u00e9 et son adjoint, M. Denis PRUDHOMME ; \n\u2022 Mme Lucienne LIBER, adjointe au chef de l'UER de Chevilly-Larue ; \n\u2022 M. Martial GIRARD, chef de l'unit\u00e9 gestion de flotte ; \n \n\u25aa pour l'arrondissement de gestion et d'exploitation de la route Ouest : \n \n\u2022 Mme Audrey MERCHEZ, chef du bureau de gestion administrative et de la route (BGAR)  ; \n\u2022 M. Kouessan FOLLY-GBOGBOE, responsable du p\u00f4le comptabilit\u00e9 et march\u00e9s BGAR Ouest  ; \n\u2022 Mme M\u00e9lanie LIMIER, cheffe de l'UER de Nanterre-Boulogne ;  \n\u2022 Mme Catherine CHAUVET, adjointe \u00e0 la cheffe de l'UER de Nanterre-Boulogne ; \n\u2022 M. Jonathan PROD'HOMME, adjoint au chef de l'UER de Jouy-en-Josas ; \n\u2022 M. Philippe VERRIER, chef du bureau de gestion de la flotte (BGF) Ouest  ; \n \n\u25aa pour l'arrondissement de gestion et d'exploitation de la route Nord : \n \n\u2022 M. Juan-Manuel MARTIN, responsable du bureau de gestion administrative et de la route (BGAR)  ; \n\u2022 Mme Nadine AZOULAY, responsable contentieux et administratif ; \n\u2022 Mme Akila MEBAREK, cheffe de la gestion budg\u00e9taire et de la comptabilit\u00e9  ; \nDirection r\u00e9gionale et interd\u00e9partementale de l'environnement, de l'am\u00e9nagement et des transports d'\u00cele-de-France -\nIDF-2025-10-24-00012 - D\u00e9cision du 24 octobre 2025 portant subd\u00e9l\u00e9gation de signature en mati\u00e8re d'ordonnancement secondaire et\nde commande publique pour le compte du pr\u00e9fet de la r\u00e9gion d'\u00cele-de-France\n32\n \n  17 \n\u2022 M. Mathieu ROYER, chef de l'UER d'Eragny-sur-Oise ; \n\u2022 Mme Nathalie POTAILLON, adjointe au chef de l'UER d'Eragny-sur-Oise ; \n\u2022 M. Jean-Willem LALLEMAND, responsable de l'UER de Saint-Denis, et son adjoint M. Maurice LABYLLE ; \n\u2022 Mme Ordiana AKO YEBE, cheffe de la cellule de gestion des mat\u00e9riels et engins (CGME) Nord.  \n \nParagraphe 2 \u2013 Passation et ex\u00e9cution des march\u00e9s publics et accords-cadres \n \n1. Subd\u00e9l\u00e9gation de signature est consentie aux personnes d\u00e9sign\u00e9es ci -apr\u00e8s, dans la limite de leurs \nattributions et des montants indiqu\u00e9s ci-dessous, pour signer toutes les pi\u00e8ces relatives \u00e0 la passation et \n\u00e0 l'ex\u00e9cution des march\u00e9s publics et accords-cadres : \n \nNOM ET FONCTION Suppl\u00e9ant en cas d'absence \nou d'emp\u00eachement \nPassation et ex\u00e9cution des march\u00e9s et \naccords-cadres en montant HT maximum \nFr\u00e9d\u00e9ric ESNAULT, chef de \nl'AGER Est \nAnthony MITRANO, adjoint \nau chef de l'AGER Est \nTravaux 250 000 \u20ac \nFournitures, \u00e9tudes et services 143 000 \u20ac \nBastien SALESSE, chef de \nl'AGER Sud \nMoustapha SAVANE, adjoint \nau chef de l'AGER Sud \nTravaux 250 000 \u20ac \nFournitures, \u00e9tudes et services 143 000 \u20ac \nMichel PERREL, chef de \nAGER Ouest \nDamien BRADELLE, adjoint \nau chef de l'AGER Ouest \nTravaux 250 000 \u20ac \nFournitures, \u00e9tudes et services 143 000 \u20ac \nOlivier ROUQUETTE, chef \nde l'AGER Nord \nElsa ALEXANDRE, adjointe au \nchef de l'AGER Nord \nLouis ESCUDERO, adjoint au \nchef de l'AGER Nord \nTravaux 250 000 \u20ac \nFournitures, \u00e9tudes et services 143 000 \u20ac \n \nDans l'hypoth\u00e8se o\u00f9 le montant initial du march\u00e9 est augment\u00e9 (avenant \u00e0 incidences financi\u00e8res), le \nseuil est appr\u00e9ci\u00e9 sur le montant total du march\u00e9 public ou accord-cadre, apr\u00e8s augmentation. \n \n2. Subd\u00e9l\u00e9gation de signature est donn\u00e9e aux agents cit\u00e9s au point 1 du pr\u00e9sent paragraphe, \u00e0 l'effet de \nsigner, dans la limite de leurs attributions, pour les march\u00e9s publics et accords -cadres dont le mo ntant \nd\u00e9passe les seuils mentionn\u00e9s au point 1 du pr\u00e9sent paragraphe, toute pi\u00e8ce relative \u00e0 leur ex\u00e9cution, \u00e0 \nl'exclusion des pi\u00e8ces mentionn\u00e9es ci-apr\u00e8s : \n\u27a2 rapport de pr\u00e9sentation ; \n\u27a2 d\u00e9cision d'attribution d'un march\u00e9 et lettre de rejet d'une offre ; \n\u27a2 acte d'engagement ; \n\u27a2 avenant ou acte modificatif ; \n\u27a2 d\u00e9cision d'affermissement de tranche conditionnelle ou optionnelle ; \n\u27a2 d\u00e9cision de reconduction ou non reconduction ; \n\u27a2 d\u00e9cision de r\u00e9siliation ; \n\u27a2 d\u00e9cision d'ajournement. \n \nDans l'hypoth\u00e8se o\u00f9 le montant initial du march\u00e9 est augment\u00e9 (avenant ou acte modificatif \u00e0 incidences \nfinanci\u00e8res), le seuil est appr\u00e9ci\u00e9 sur le montant total du march\u00e9 public ou accord -cadre, apr\u00e8s \naugmentation. \n \n3. Subd\u00e9l\u00e9gation de signature est donn\u00e9e aux agents cit\u00e9s au point 1 du  pr\u00e9sent paragraphe \u00e0 l'effet de \nsigner, dans le cadre de leurs attributions et comp\u00e9tences, les d\u00e9cisions d'agr\u00e9ments de sous -traitants, \nles d\u00e9cisions de r\u00e9ception avec ou sans r\u00e9serves, les d\u00e9comptes g\u00e9n\u00e9raux ainsi que les pi\u00e8ces li\u00e9es, des \nmarch\u00e9s publics de montants sup\u00e9rieurs aux seuils mentionn\u00e9s au point 1 du pr\u00e9sent paragraphe. \nDirection r\u00e9gionale et interd\u00e9partementale de l'environnement, de l'am\u00e9nagement et des transports d'\u00cele-de-France -\nIDF-2025-10-24-00012 - D\u00e9cision du 24 octobre 2025 portant subd\u00e9l\u00e9gation de signature en mati\u00e8re d'ordonnancement secondaire et\nde commande publique pour le compte du pr\u00e9fet de la r\u00e9gion d'\u00cele-de-France\n33\n \n  18 \n \n4. Subd\u00e9l\u00e9gation de signature est donn\u00e9e aux agents cit\u00e9s au point 1 du pr\u00e9sent paragraphe, \u00e0 l'effet de \nsigner, dans le cadre de leurs attributions et comp\u00e9tences, les commandes, dans la limite d'un montant \npour chaque commande de : \n\u2022 1 000 000 \u20ac HT pour une commande prise dans le cadre de march\u00e9s \u00e0 bons de commandes pour des \ntravaux ; \n\u2022 250 000 \u20ac HT, pour une commande prise dans le cadre de march \u00e9s \u00e0 bons de commandes pour des \nfournitures, des \u00e9tudes ou des services. \n \n5. Subd\u00e9l\u00e9gation de signature est donn\u00e9e au x agents d\u00e9sign\u00e9s ci -apr\u00e8s \u00e0 l'effet de signer, dans le cadre \nde leurs attributions et comp\u00e9tences, toute pi\u00e8ce relative \u00e0 la passation et \u00e0 l'ex\u00e9cution des march\u00e9s \nd'un montant inf\u00e9rieur ou \u00e9gal \u00e0 25  000 \u20ac HT (seuil \u00e0 appr\u00e9cier sur le montant total du mar ch\u00e9, en \nint\u00e9grant le montant des avenants \u00e0 incidence financi\u00e8re quand ils existent), les bons de commande d'un \nmontant inf\u00e9rieur ou \u00e9gal \u00e0 50  000 \u20ac HT pour chaque commande dans le cadre des march\u00e9s de \nfournitures, d'\u00e9tudes ou de services \u00e0 bons de command es, et les bons de commande d'un montant \ninf\u00e9rieur ou \u00e9gal \u00e0 100  000 \u20ac HT pour chaque commande dans le cadre des march\u00e9s de travaux \u00e0 bons \nde commandes : \n \n\u25aa pour l'arrondissement de gestion et d'exploitation de la route Est : \n \n\u2022 M. Claude GRUMELART, responsable du bureau de gestion administrative et de la route (BGAR)  ; \n\u2022 M. \u00c9ric SIMON, responsable de la gestion budg\u00e9taire et de la comptabilit\u00e9  ; \n\u2022 Mme Val\u00e9rie DITTE, responsable de l'unit\u00e9 d'exploitation de la route de Brie -Comte-Robert et son \nadjoint, M. Patrice DEGLA, adjoint au responsable de l'unit\u00e9 exploitation de la route (UER) de Brie -\nComte-Robert ; \n\u2022 M. Ludovic CADET, chef de l'unit\u00e9 d'exploitation de la route de Champigny  ; \n\u2022 M. Florent GRANDJEAN, adjoint au chef de l'unit\u00e9 d'exploitation de la route de Champigny ; \n\u2022 M. Pascal BEAUFILS, responsable de la cellule gestion des mat\u00e9riels et engins  ; \n \n\u25aa pour l'arrondissement de gestion et d'exploitation de la route Sud : \n \n\u2022 Mme Patricia MENAGER, responsable du p\u00f4le finances-programmation-gestion-moyens g\u00e9n\u00e9raux ; \n\u2022 M. Fr\u00e9d\u00e9ric BERTRAND, responsable de l'UER d'Orsay-Villab\u00e9 et son adjoint, M. Denis PRUDHOMME ; \n\u2022 Mme Lucienne LIBER, adjointe au chef de l'UER de Chevilly-Larue ; \n\u2022 M. Martial GIRARD, responsable de l'unit\u00e9 de gestion de flotte ; \n \n\u25aa pour l'arrondissement de gestion et d'exploitation de la route Ouest : \n \n\u2022 Mme Audrey MERCHEZ, responsable du BGAR Ouest ; \n\u2022 M. Kouessan FOLLY-GBOGBOE, responsable du p\u00f4le comptabilit\u00e9 du BGAR Ouest ; \n\u2022 Mme M\u00e9lanie LIMIER, cheffe de l'UER de Nanterre-Boulogne ;  \n\u2022 Mme Catherine CHAUVET, adjointe \u00e0 la cheffe de l'UER de Nanterre-Boulogne ; \n\u2022 M. Jonathan PROD'HOMME, adjoint au chef de l'UER de Jouy-en-Josas ; \n\u2022 M. Philippe VERRIER, chef du bureau de gestion de la flotte (BGF) Ouest ; \n \n\u25aa pour l'arrondissement de gestion et d'exploitation de la route Nord : \n \n\u2022 M. Juan-Manuel MARTIN, responsable du bureau de gestion administrative et de la route (BGAR)  ; \n\u2022 Mme Nadine AZOULAY, responsable contentieux et administratif ; \n\u2022 M. Mathieu ROYER, chef de l'UER d'Eragny ; \n\u2022 Mme Nathalie POTAILLON, adjointe au chef de l'UER d'\u00c9ragny ; \nDirection r\u00e9gionale et interd\u00e9partementale de l'environnement, de l'am\u00e9nagement et des transports d'\u00cele-de-France -\nIDF-2025-10-24-00012 - D\u00e9cision du 24 octobre 2025 portant subd\u00e9l\u00e9gation de signature en mati\u00e8re d'ordonnancement secondaire et\nde commande publique pour le compte du pr\u00e9fet de la r\u00e9gion d'\u00cele-de-France\n34\n \n  19 \n\u2022 M. Jean-Willem LALLEMAND, responsable de l'UER de Saint-Denis, et son adjoint M. Maurice LABYLLE ; \n\u2022 Mme YEBE AKO, chef de la cellule de gestion de flotte Nord. \n \nARTICLE 5 \u2013 SERVICE CONNAISSANCE ET D\u00c9VELOPPEMENT DURABLE \n \nParagraphe 1 \u2013 Ordonnancement secondaire \n \n1. La subd\u00e9l\u00e9gation de signature du pr\u00e9sent paragraphe porte sur les programmes du minist\u00e8re de la \ntransition \u00e9cologique et de la coh\u00e9sion des territoires et du minist\u00e8re de la transition \u00e9nerg\u00e9tique : \n \n\u27a2 \u00ab Urbanisme, territoires et am\u00e9lioration de l'habitat \u00bb (n\u00b0 135) ; \n\u27a2 \u00ab Expertise, information g\u00e9ographique et m\u00e9t\u00e9orologie \u00bb (n\u00b0 159) ; \n\u27a2 \u00ab Infrastructures et services de transport \u00bb (n\u00b0 203) ; \n \n2. Subd\u00e9l\u00e9gation de signature est donn\u00e9e \u00e0 l'effet de signer dans les conditions fix\u00e9es dans les arr\u00eat\u00e9s \nsusvis\u00e9s, dans le cadre de leurs attributions et comp\u00e9tences, toute pi\u00e8ce relative \u00e0 l'exercice de la \ncomp\u00e9tence d'ordonnateur secondaire d\u00e9l\u00e9gu\u00e9, tant pour les d\u00e9penses que pour les recettes, aux agents \nci-apr\u00e8s d\u00e9sign\u00e9s : \n \n\u2022 Mme Dominique BERTHON, cheffe du service connaissance et d\u00e9veloppement durable, et ses \nadjoints M. J\u00e9r\u00f4me AYACHE, M. Guillaume CRIEF et M. Luc CHARANSONNEY. \n \nParagraphe 2 \u2013 Passation et ex\u00e9cution des march\u00e9s publics et accords-cadres \n \n1. Subd\u00e9l\u00e9gation de signature est consentie, dans la limite de leurs attributions et des montants indiqu\u00e9s \nci-dessous, aux personnes suivantes pour signer toutes pi \u00e8ces relatives \u00e0 la passation et l'ex\u00e9cution des \nmarch\u00e9s publics et des accords-cadres : \n \nNOM ET FONCTION Suppl\u00e9ant en cas d'absence \nou d'emp\u00eachement \nPassation et ex\u00e9cution de march\u00e9s et \naccords-cadres en montant HT maximum \nDominique BERTHON, \ncheffe du service \nJ\u00e9r\u00f4me AYACHE et Guillaume \nCRIEF, Luc CHARANSONNEY, \nadjoints \n\u00c9tudes et services \n \n143 000 \u20ac \n \n2. Subd\u00e9l\u00e9gation de signature est donn\u00e9e \u00e0 Mme Dominique BERTHON, \u00e0 M. J\u00e9r\u00f4me AYACHE, \u00e0 M. \nGuillaume CRIEF et \u00e0 M. Luc CHARANSONNEY, dans la limite de leurs attributions, pour signer toute \npi\u00e8ce relative \u00e0 l'ex\u00e9cution des march\u00e9s publics et des accords -cadres sup\u00e9rieurs aux seuils ci -dessus, \u00e0 \nl'exclusion des pi\u00e8ces mentionn\u00e9es ci-apr\u00e8s : \n\u2013 rapport de pr\u00e9sentation ; \n\u2013 d\u00e9cision d'attribution d'un march\u00e9 et lettre de rejet d'une offre ; \n\u2013 acte d'engagement ; \n\u2013 avenant ou acte modificatif ; \n\u2013 d\u00e9cision d'affermissement de tranche conditionnelle ou optionnelle ; \n\u2013 d\u00e9cision de reconduction ou non reconduction ; \n\u2013 d\u00e9cision de r\u00e9siliation ; \n\u2013 d\u00e9cision d'ajournement. \n \nDans l'hypoth\u00e8se o\u00f9 le montant initial du march\u00e9 est augment\u00e9 (avenant \u00e0 incidences financi\u00e8re s), le \nseuil est appr\u00e9ci\u00e9 sur le montant total du march\u00e9 public ou accord-cadre, apr\u00e8s augmentation. \n \n  \nDirection r\u00e9gionale et interd\u00e9partementale de l'environnement, de l'am\u00e9nagement et des transports d'\u00cele-de-France -\nIDF-2025-10-24-00012 - D\u00e9cision du 24 octobre 2025 portant subd\u00e9l\u00e9gation de signature en mati\u00e8re d'ordonnancement secondaire et\nde commande publique pour le compte du pr\u00e9fet de la r\u00e9gion d'\u00cele-de-France\n35\n \n  20 \nARTICLE 6 \u2013 SERVICE AM\u00c9NAGEMENT DURABLE \n \nParagraphe 1 \u2013 Ordonnancement secondaire \n \n1. La subd\u00e9l\u00e9gation de signature du pr\u00e9sent paragraphe porte sur : \n \na. Les programmes du minist\u00e8re de la transition \u00e9cologique et de la coh\u00e9sion des territoires et du \nminist\u00e8re de la transition \u00e9nerg\u00e9tique : \n \n\u27a2 \u00ab Paysages, eau et biodiversit\u00e9 \u00bb (n\u00b0 113) ; \n\u27a2 \u00ab Urbanisme, territoires et am\u00e9lioration de l'habitat \u00bb (n\u00b0 135) ; \n\u27a2 \u00ab Pr\u00e9vention des risques \u00bb (n\u00b0 181) ; \n\u27a2 \u00ab Fonds d'acc\u00e9l\u00e9ration pour la transition \u00e9cologique dans les territoires \u00bb (n\u00b0 380). \n \nb. Les programmes du minist\u00e8re charg\u00e9 de l'\u00e9conomie et des finances : \n \n\u27a2 \u00ab \u00c9cologie \u00bb (n\u00b0 362) ; \n\u27a2 \u00ab Op\u00e9rations immobili\u00e8res et entretien des b\u00e2timents de l'\u00c9tat \u00bb (n\u00b0 723). \n \nPour les programmes n\u00b0 362 (volet immobilier public) et n\u00b0 723, toute d\u00e9pense sup\u00e9rieure \u00e0 400 000 \u20ac HT \ndevra faire l'objet d'un visa pr\u00e9alable du pr\u00e9fet de la r\u00e9gion d'\u00cele-de-France, en application de l'article 3 \nde l'arr\u00eat\u00e9 de d\u00e9l\u00e9gation de signature en mati\u00e8re d'ordonnancement secondaire susvis\u00e9. \n \n2. Subd\u00e9l\u00e9gation de signature est donn\u00e9e \u00e0 l'effet de signer dans les conditions fix\u00e9es dans les arr\u00eat\u00e9s \nsusvis\u00e9s, dans le cadre de ses attributions et comp\u00e9tences, toute pi\u00e8ce relative \u00e0 l'exercice de la \ncomp\u00e9tence d'ordonnateur secondaire d\u00e9l\u00e9gu\u00e9, tant pour les d\u00e9penses que pour les recettes \u00e0 : \n\u2022 Mme Muriel BENSAID, cheffe du service am\u00e9nagement durable ; \n\u2022 Mme Christelle LANGLET, adjointe \u00e0 la cheffe du service am\u00e9nagement durable  \u00e0 compter du 15 \nnovembre 2025 ; \n\u2022 Mme Nina A\u00cfSSANI, cheffe de l'unit\u00e9 budg\u00e9taire et financi\u00e8re. \n \nParagraphe 2 \u2013 Passation et ex\u00e9cution des march\u00e9s publics et accords-cadres \n \n1. Subd\u00e9l\u00e9gation de signature est consentie, dans la limite de ses attributions et des montants indiqu\u00e9s \nci-dessous, pour signer toutes pi\u00e8ces relatives \u00e0 la passation et l'ex\u00e9cution des march\u00e9s publics et des \naccords-cadres, \u00e0 : \n \n \nNOM ET FONCTION \nSuppl\u00e9ant en cas d'absence \nou d'emp\u00eachement \nPassation et ex\u00e9cution de march\u00e9s et accords-\ncadres en euros montant HT maximum \nMuriel BENSAID, \ncheffe du service \nam\u00e9nagement \ndurable \nChristelle LANGLET, \nadjointe \u00e0 la cheffe du \nservice am\u00e9nagement \ndurable \n \nMme Nina A\u00cfSSANI, cheffe \nde l'unit\u00e9 budg\u00e9taire et \nfinanci\u00e8re \n\u00c9tudes et services 143 000 \u20ac \n \n2. Subd\u00e9l\u00e9gation de signature est donn\u00e9e \u00e0 Mme Muriel BENSAID et, \u00e0 compter du 15 novembre 2025, \u00e0 \nson adjointe, Mme Christelle LANGLET, pour signer toute pi\u00e8ce relative \u00e0 l'ex\u00e9cution des march\u00e9s publics \nDirection r\u00e9gionale et interd\u00e9partementale de l'environnement, de l'am\u00e9nagement et des transports d'\u00cele-de-France -\nIDF-2025-10-24-00012 - D\u00e9cision du 24 octobre 2025 portant subd\u00e9l\u00e9gation de signature en mati\u00e8re d'ordonnancement secondaire et\nde commande publique pour le compte du pr\u00e9fet de la r\u00e9gion d'\u00cele-de-France\n36\n \n  21 \net des accords-cadres sup\u00e9rieurs aux seuils mentionn\u00e9s ci -dessus, \u00e0 l'exclusion des pi\u00e8ces mentionn\u00e9es \nci-apr\u00e8s : \n\u2013 rapport de pr\u00e9sentation ; \n\u2013 d\u00e9cision d'attribution d'un march\u00e9 et lettre de rejet d'une offre ; \n\u2013 acte d'engagement ; \n\u2013 avenant ou acte modificatif ; \n\u2013 d\u00e9cision d'affermissement de tranche conditionnelle ou optionnelle ; \n\u2013 d\u00e9cision de reconduction ou non reconduction ; \n\u2013 d\u00e9cision de r\u00e9siliation ; \n\u2013 d\u00e9cision d'ajournement. \n \nDans l'hypoth\u00e8se o\u00f9 le montant initial du march\u00e9 est augment\u00e9 (avenant \u00e0 incidences financi\u00e8res), le \nseuil est appr\u00e9ci\u00e9 sur le montant total du march\u00e9 public ou accord-cadre, apr\u00e8s augmentation. \n \nARTICLE 7 \u2013 SERVICE DE LA POLITIQUE DES TRANSPORTS  \n \nParagraphe 1 \u2013 Ordonnancement secondaire \n \n1. La subd\u00e9l\u00e9gation de signature du pr\u00e9sent paragraphe porte sur les programmes du minist\u00e8re de la \ntransition \u00e9cologique et de la coh\u00e9sion des territoires et du minist\u00e8re de la transition \u00e9nerg\u00e9tique : \n\u27a2 \u00ab Infrastructures et services de transport \u00bb (n\u00b0 203) ; \n\u27a2 \u00ab Fonds d'acc\u00e9l\u00e9ration de la transition \u00e9cologique dans les territoires \u00bb (n\u00b0 380). \n \n2. Subd\u00e9l\u00e9gation de signature est donn\u00e9e \u00e0 l'effet de signer dans les conditions fix\u00e9es dans les arr\u00eat\u00e9s \nsusvis\u00e9s, dans le cadre de leurs attributions et comp\u00e9tences, tout e pi\u00e8ce relative \u00e0 l'exercice de la \ncomp\u00e9tence d'ordonnateur secondaire d\u00e9l\u00e9gu\u00e9 pour les d\u00e9penses aux agents ci-apr\u00e8s d\u00e9sign\u00e9s : \n\u2022 M. Christophe DENIAU, chef du service politique des transports ; \n\u2022 M. Denis LAISNEY, responsable du d\u00e9partement des transports urbains. \n\u2022 M. Eliott VARON, chef du d\u00e9partement des mobilit\u00e9s et de la logistique ; \n\u2022 M. Mathurin KRANQUI, chef de l'unit\u00e9 budget et synth\u00e8se financi\u00e8re ; \n\u2022 M. \u00c9ric LAVOINE, secr\u00e9taire d'administration et de contr\u00f4le de classe normale du d\u00e9veloppement  \ndurable, contr\u00f4leur de gestion transports, responsable de la cellule budget et synth\u00e8se financi\u00e8re.  \n \nParagraphe 2 \u2013 Passation et ex\u00e9cution des march\u00e9s publics et accords-cadres \n \n1. Subd\u00e9l\u00e9gation de signature est consentie, dans la limite de leurs attributions et des montants indiqu\u00e9s \nci-dessous, aux personnes suivantes pour signer toutes pi\u00e8ces relatives \u00e0 la passation et l'ex\u00e9cution des \nmarch\u00e9s publics et des accords-cadres : \n \nNOM ET FONCTION Suppl\u00e9ant en cas d'absence \nou d'emp\u00eachement \nPassation et ex\u00e9cution de \nmarch\u00e9s et accords-cadres en \nmontant HT maximum \nChristophe DENIAU, chef du service \npolitique des transports ; \n \nDenis LAISNEY, chef du \nd\u00e9partement des transports urbains \n \nEliott VARON, chef du d\u00e9partement \ndes mobilit\u00e9s et de la logistique \nM. Mathurin KRANQUI, chef \nde l'unit\u00e9 budget et synth\u00e8se \nfinanci\u00e8re \n \nM. \u00c9ric LAVOINE, responsable \nde la cellule budget et \nsynth\u00e8se financi\u00e8re \n\u00c9tudes et \nservices \n143 000 \u20ac \nDirection r\u00e9gionale et interd\u00e9partementale de l'environnement, de l'am\u00e9nagement et des transports d'\u00cele-de-France -\nIDF-2025-10-24-00012 - D\u00e9cision du 24 octobre 2025 portant subd\u00e9l\u00e9gation de signature en mati\u00e8re d'ordonnancement secondaire et\nde commande publique pour le compte du pr\u00e9fet de la r\u00e9gion d'\u00cele-de-France\n37\n \n  22 \n \n2. Subd\u00e9l\u00e9gation de signature est donn\u00e9e \u00e0 M. Christophe DENIAU, M. Denis LAISNEY et M. Eliott VARON, \npour signer, dans la limite de leurs attributions, toutes pi\u00e8ces relatives \u00e0 l'ex\u00e9cution des march\u00e9s publics \net des accords-cadres sup\u00e9rieurs aux seuils men tionn\u00e9s ci-dessus, \u00e0 l'exclusion des pi\u00e8ces mentionn\u00e9es \nci-apr\u00e8s : \n\u2013 rapport de pr\u00e9sentation ; \n\u2013 d\u00e9cision d'attribution d'un march\u00e9 et lettre de rejet d'une offre ; \n\u2013 acte d'engagement ; \n\u2013 avenant ou acte modificatif ; \n\u2013 d\u00e9cision d'affermissement de tranche conditionnelle ou optionnelle ; \n\u2013 d\u00e9cision de reconduction ou non reconduction ; \n\u2013 d\u00e9cision de r\u00e9siliation ; \n\u2013 d\u00e9cision d'ajournement. \n \nDans l'hypoth\u00e8se o\u00f9 le montant initial du march\u00e9 est augment\u00e9 (avenant \u00e0 incidences financi\u00e8re s), le \nseuil est appr\u00e9ci\u00e9 sur le montant total du march\u00e9 public ou accord-cadre, apr\u00e8s augmentation. \n \nARTICLE 8 \u2013 SERVICE \u00c9NERGIE ET B\u00c2TIMENT \n \nParagraphe 1 \u2013 Ordonnancement secondaire \n \n1. La subd\u00e9l\u00e9gation de signature du pr\u00e9sent paragraphe porte sur : \n \na. Les programmes du minist\u00e8re de la transition \u00e9cologique et de la coh\u00e9sion des territoires et du \nminist\u00e8re de la transition \u00e9nerg\u00e9tique : \n\u27a2 \u00ab Urbanisme, territoires et am\u00e9lioration de l'habitat \u00bb (n\u00b0 135) ; \n\u27a2 \u00ab Expertise, information g\u00e9ographique et m\u00e9t\u00e9orologie \u00bb (n\u00b0 159) ; \n\u27a2 \u00ab \u00c9nergie, climat et apr\u00e8s-mines \u00bb (n\u00b0 174) ; \n\u27a2 \u00ab \u00c9cologie \u00bb (n\u00b0 362) ; \n\u27a2 \u00ab Infrastructures et services de transport \u00bb (n\u00b0 203) ; \n\u27a2 \u00ab Fonds d'acc\u00e9l\u00e9ration de la transition \u00e9cologique dans les territoires \u00bb (n\u00b0 380). \n \nb. Les programmes du minist\u00e8re de l'int\u00e9rieur  : \u00ab S\u00e9curit\u00e9 et \u00e9ducation routi \u00e8res \u00bb (n\u00b0 207) et \n\u00ab Administration territoriale de l'\u00c9tat \u00bb (n\u00b0 354) ;  \n \nc. Le programme du minist\u00e8re charg\u00e9 des sports : \u00ab Sports \u00bb (n\u00b0 219) ; \n \nd. Les programmes du minist\u00e8re de l'\u00c9conomie et des Finances : \n\u27a2 \u00ab Fonction Publique \u00bb (n\u00b0 148) ; \n\u27a2 \u00ab Op\u00e9rations immobili\u00e8res et entretiens des b\u00e2timents de l'\u00c9tat \u00bb (n\u00b0 723) \n\u27a2 \u00ab Performance et r\u00e9silience des b\u00e2timents de l'\u00c9tat et de ses op\u00e9rateurs \u00bb (n\u00b0 348). \n \nPour les programmes n\u00b0 348, n\u00b0 354, n\u00b0 362 (volet immobilier public) et n\u00b0 723, toute d\u00e9pense sup\u00e9rieure \n\u00e0 400 000 \u20ac HT devra faire l'objet d'un visa pr\u00e9alable du pr\u00e9fet de la r\u00e9gion \u00cele-de-France, en application \nde l'article 3 de l'arr\u00eat\u00e9 de d\u00e9l\u00e9gation de signature en mati\u00e8re d'ordonnancement secondaire susvis\u00e9. \n \n2. Subd\u00e9l\u00e9gation de signature du pr\u00e9sent paragraphe est donn\u00e9e aux personnes d\u00e9sign\u00e9es ci -apr\u00e8s, \u00e0 \nl'effet de signer dans les conditions fix\u00e9es aux arr\u00eat\u00e9s susvis\u00e9s et dans la limite de leurs attributions et \ncomp\u00e9tences, les propositions d'engagement et toute pi\u00e8ce relative \u00e0 l'exercice de la comp\u00e9tence \nd'ordonnateur secondaire d\u00e9l\u00e9gu\u00e9, tant pour les d\u00e9penses que pour les recettes : \n \nDirection r\u00e9gionale et interd\u00e9partementale de l'environnement, de l'am\u00e9nagement et des transports d'\u00cele-de-France -\nIDF-2025-10-24-00012 - D\u00e9cision du 24 octobre 2025 portant subd\u00e9l\u00e9gation de signature en mati\u00e8re d'ordonnancement secondaire et\nde commande publique pour le compte du pr\u00e9fet de la r\u00e9gion d'\u00cele-de-France\n38\n \n  23 \n\u2022 Mme Aurore FARGETTE, cheffe du service \u00e9nergie et b\u00e2timent ; \n\u2022 Mme Alice METAYER-MATHIEU, adjointe \u00e0 la cheffe du service \u00e9nergie et b\u00e2timent ; \n\u2022 Mme Nathalie BOUSQUET, cheffe du d\u00e9partement b\u00e2timent (DB) ; \n\u2022 M. Thibaut BADOUAL, chef du d\u00e9partement climat, air, \u00e9nergie ; \n\u2022 Mme Julie LODEWYCKX, adjointe au chef du d\u00e9partement climat, air, \u00e9nergie ; \n\u2022 Mme H\u00e9l\u00e8ne BONNET, cheffe du d\u00e9partement patrimoine immobilier ; \n\u2022 M. Louis ORTA, adjoint \u00e0 la cheffe du d\u00e9partement patrimoine immobilier ; \n\u2022 M. Radouane LAHMER, chef de l'unit\u00e9 suivi financier et march\u00e9s ; \n\u2022 Mme Evelyne GUERTON, adjointe au chef de l'unit\u00e9 suivi financier et march\u00e9s ; \n\u2022 M. Mounir BOUALAOUI, chef de l'unit\u00e9 \u00e9tudes et projets b\u00e2timent 1 ; \n\u2022 M. Dorian STEINMETZ, chef de l'unit\u00e9 \u00e9tudes et projets b\u00e2timent 2 ; \n \nParagraphe 2 \u2013 Passation et ex\u00e9cution des march\u00e9s publics et accords-cadres \n \n1. Subd\u00e9l\u00e9gation de signature est consentie, dans la limite de leurs attributions et des montants indiqu\u00e9s \nci-dessous, aux personnes suivantes pour signer toutes pi\u00e8ces relatives \u00e0 la passation et \u00e0 l'ex\u00e9cution des \nmarch\u00e9s publics et des accords-cadres : \n \n \nNOM ET FONCTION \nSuppl\u00e9ant en cas d'absence ou \nd'emp\u00eachement \nPassation et ex\u00e9cution de \nmarch\u00e9s et accords-cadres en \nmontant HT maximum \nAurore FARGETTE, \ncheffe du service \nAlice METAYER-MATHIEU, adjointe \u00e0 la \ncheffe du service \nTravaux 1 000 000 \u20ac \n\u00c9tudes et services 250 000 \u20ac \nH\u00e9l\u00e8ne BONNET, cheffe du d\u00e9partement \npatrimoine immobilier \n \nLouis ORTA, adjoint \u00e0 la cheffe du \nd\u00e9partement patrimoine immobilier \n \nRadouane LAHMER, chef de l'unit\u00e9 suivi \nfinancier et march\u00e9s \n \nEvelyne GUERTON, adjointe au chef de \nl'unit\u00e9 suivi financier et march\u00e9s \n \nNathalie BOUSQUET, cheffe du \nd\u00e9partement b\u00e2timent \n \nThibaut BADOUAL, chef du d\u00e9partement \nclimat, air, \u00e9nergie \n \nJulie LODEWYCKX, adjointe au chef du \nd\u00e9partement climat, air, \u00e9nergie \nTravaux \n \n\u00c9tudes et services \n250 000 \u20ac \n \n143 000 \u20ac \n \n2. Subd\u00e9l\u00e9gation de signature est donn\u00e9e \u00e0 Mme Aurore FARGETTE- et \u00e0 Mme Alice METAYER-MATHIEU \npour signer, dans la limite de leurs attributions, toutes pi\u00e8ces relatives \u00e0 l'ex\u00e9cution des march\u00e9s publics \net des accords-cadres sup\u00e9rieurs aux seuils mentionn\u00e9s au paragraphe 2.1, \u00e0 l'exclusion \u00e0 l'exclusion des \npi\u00e8ces mentionn\u00e9es ci-apr\u00e8s : \n \nDirection r\u00e9gionale et interd\u00e9partementale de l'environnement, de l'am\u00e9nagement et des transports d'\u00cele-de-France -\nIDF-2025-10-24-00012 - D\u00e9cision du 24 octobre 2025 portant subd\u00e9l\u00e9gation de signature en mati\u00e8re d'ordonnancement secondaire et\nde commande publique pour le compte du pr\u00e9fet de la r\u00e9gion d'\u00cele-de-France\n39\n \n  24 \n\u2013 rapport de pr\u00e9sentation ; \n\u2013 d\u00e9cision d'attribution d'un march\u00e9 et lettre de rejet d'une offre ; \n\u2013 acte d'engagement ; \n\u2013 avenant ou acte modificatif ; \n\u2013 d\u00e9cision d'affermissement de tranche conditionnelle ou optionnelle ; \n\u2013 d\u00e9cision de reconduction ou non reconduction ; \n\u2013 d\u00e9cision de r\u00e9siliation ; \n\u2013 d\u00e9cision d'ajournement. \n \nDans l'hypoth\u00e8se o\u00f9 le montant initial du march\u00e9 est augment\u00e9 (avenant \u00e0 incidences financi\u00e8res), le \nseuil est appr\u00e9ci\u00e9 sur le montant total du march\u00e9 public ou accord-cadre, apr\u00e8s augmentation. \n \n3. Subd\u00e9l\u00e9gation de signature est donn\u00e9e aux autres agents mentionn\u00e9s au paragraphe 2.1 pour signer, \ndans la limite de leurs attributions, et po ur les march\u00e9s dont le montant, en tenant compte des \n\u00e9ventuelles augmentations, ne d\u00e9passe pas les seuils autoris\u00e9s pour le responsable du SEB au paragraphe \n2.1 : \n\u2013 toutes pi\u00e8ces relatives \u00e0 l'ex\u00e9cution des march\u00e9s publics et des accords-cadres ; \n\u2013 les commandes prises dans le cadre de march\u00e9s \u00e0 bons de commandes. \n \n4. Subd\u00e9l\u00e9gation de signature est \u00e9galement donn\u00e9e \u00e0 M. Mounir BOUALAOUI et \u00e0 M. Dorian STEINMETZ, \nrespectivement chefs des unit\u00e9s \u00e9tudes et projets 1 et 2, pour signer, dans la limite de leurs attributions, \net pour les march\u00e9s dont le montant, en tenant compte des \u00e9ventuelles augmentations, ne d\u00e9passe pas \nles seuils autoris\u00e9s pour le d\u00e9partement au paragraphe 2.1 : \n\u2013 les actes relatifs \u00e0 l'ex\u00e9cution des march\u00e9s relevant du repr\u00e9sentant du pouvoir adjudicateur (RPA) sans \nincidence financi\u00e8re  (sont exclus  : les actes d 'engagement, avenants ou actes modificatifs, d \u00e9cisions \nd'affermissement de tranches conditionnelles ou optionnelles, d\u00e9cisions de r\u00e9siliation, ordres de service \navec incidence financi\u00e8re). \n \nARTICLE 9 \u2013 SERVICE DE LA PR\u00c9VENTION DES RISQUES \n \nParagraphe 1 \u2013 Ordonnancement secondaire \n \n1. La subd\u00e9l\u00e9gation de signature du pr\u00e9sent paragraphe porte sur le programme du minist\u00e8re de la \ntransition \u00e9cologique et de la coh\u00e9sion des territoires et du minist\u00e8re de la transition \n\u00e9nerg\u00e9tique \u00ab Pr\u00e9vention des risques \u00bb (n\u00b0 181) ; \n \n2. La subd\u00e9l\u00e9gation de signature du pr\u00e9sent paragraphe est donn\u00e9e aux personnes d\u00e9sign\u00e9es ci-apr\u00e8s, \u00e0 \nl'effet de signer dans les conditions fix\u00e9es aux arr\u00eat\u00e9s susvis\u00e9s et dans la limite de leurs attributions et \ncomp\u00e9tences, les propositions d'engagement et toute pi\u00e8ce relative  \u00e0 l'exercice de la comp\u00e9tence \nd'ordonnateur secondaire d\u00e9l\u00e9gu\u00e9, tant pour les d\u00e9penses que pour les recettes : \n \n\u2022 Mme Guillemette DE KERDREL, cheffe du service pr\u00e9vention des risques ; \n\u2022 M. Baptiste POTERSZMAN, adjoint \u00e0 la cheffe du service pr\u00e9vention des risques, chef du d\u00e9partement \nrisques chroniques ; \n\u2022 Mme Ir\u00e8ne ALFONSI, adjointe \u00e0 la cheffe du d\u00e9partement des risques chroniques  ; \n\u2022 Mme \u00c9lisabeth BLATON, cheffe du d\u00e9partement risques accidentels ;  \n\u2022 M. Baptiste LORENZI, chef du d\u00e9partement risques naturels ;  \n\u2022 Mme Laurence BALMES, adjointe au chef du d\u00e9partement risques naturels ;  \n\u2022 Mme Sophie SAUVAGNAT, adjointe au chef du d\u00e9partement risques naturels  ; \n\u2022 Mme Manon VIGNES, cheffe du d\u00e9partement hydrologie et pr\u00e9vision des crues ; \n\u2022 Mme Carine CHALEON, adjointe \u00e0 la cheffe du d\u00e9partement hydrologie et pr\u00e9vision des crues.  \nDirection r\u00e9gionale et interd\u00e9partementale de l'environnement, de l'am\u00e9nagement et des transports d'\u00cele-de-France -\nIDF-2025-10-24-00012 - D\u00e9cision du 24 octobre 2025 portant subd\u00e9l\u00e9gation de signature en mati\u00e8re d'ordonnancement secondaire et\nde commande publique pour le compte du pr\u00e9fet de la r\u00e9gion d'\u00cele-de-France\n40\n \n  25 \n\u2022 Mme Audrey BILDSTEIN, cheffe de l'unit\u00e9 hydrom\u00e9trie et r\u00e9seaux de mesure  ; \n\u2022 M. Christophe DYCKE, adjoint \u00e0 la cheffe de l'unit\u00e9 hydrom\u00e9trie et r\u00e9seaux de mesure. \n\u2022 Mme Sylvie LE DANTEC, assistante. \n \nParagraphe 2 - Passation et ex\u00e9cution des march\u00e9s publics \n \n1. Subd\u00e9l\u00e9gation de signature est consentie, dans la limite de leurs attributions et des montants indiqu\u00e9s \nci-dessous, aux personnes suivantes pour signer toutes pi\u00e8ces relatives \u00e0 la passation et \u00e0 l'ex\u00e9cution des \nmarch\u00e9s publics et des accords-cadres : \n \n \nNOM ET FONCTION \nSuppl\u00e9ant en cas d'absence ou \nd'emp\u00eachement \nPassation et ex\u00e9cution de march\u00e9s \net accords-cadres en montant HT \nmaximum \nGuillemette DE \nKERDREL, cheffe du \nservice pr\u00e9vention des \nrisques \nBaptiste POTERSZMAN, adjoint \u00e0 la \ncheffe du service pr\u00e9vention des \nrisques, chef du d\u00e9partement des \nrisques chroniques \nTravaux 1 000 000 \u20ac \n\u00c9tudes et services 250 000 \u20ac \n \n2. Subd\u00e9l\u00e9gation de signature est donn\u00e9e \u00e0 M. LEVILLAIN et Mme DE KERDREL pour signer, dans la limite \nde leurs attributions, toutes pi\u00e8ces relatives \u00e0 l'ex\u00e9cution des march\u00e9s publics et des accords -cadres \nsup\u00e9rieurs aux seuils mentionn\u00e9s ci-dessus, \u00e0 l'exclusion des pi\u00e8ces mentionn\u00e9es ci-apr\u00e8s : \n\u2013 rapport de pr\u00e9sentation ; \n\u2013 d\u00e9cision d'attribution d'un march\u00e9 et lettre de rejet d'une offre ; \n\u2013 acte d'engagement ; \n\u2013 avenant ou acte modificatif ; \n\u2013 d\u00e9cision d'affermissement de tranche conditionnelle ou optionnelle ; \n\u2013 d\u00e9cision de reconduction ou non reconduction ; \n\u2013 d\u00e9cision de r\u00e9siliation ; \n\u2013 d\u00e9cision d'ajournement. \nDans l'hypoth\u00e8se o\u00f9 le montant initial du march\u00e9 est augment\u00e9 (avenant \u00e0 incidences financi\u00e8res), le \nseuil est appr\u00e9ci\u00e9 sur le montant total du march\u00e9 public ou accord-cadre, apr\u00e8s augmentation. \n \nARTICLE 10 \u2013 SERVICE S\u00c9CURIT\u00c9 DES TRANSPORTS ET DES VEHICULES \n \nParagraphe 1 \u2013 Ordonnancement secondaire \n \n1. La subd\u00e9l\u00e9gation de signature du pr\u00e9sent paragraphe porte sur : \n \na. Le programme du minist\u00e8re de la transition \u00e9cologique et de la coh\u00e9sion des territoires et du minist\u00e8re \nde la transition \u00e9nerg\u00e9tique : \n\u27a2 \u00ab Infrastructures et services de transport \u00bb (n\u00b0 203) ; \n\u27a2 \u00ab Energie, climat et apr\u00e8s-mines \u00bb (n\u00b0 174) ; \n \nb. Le programme du minist\u00e8re de l'int\u00e9rieur : \u00ab S\u00e9curit\u00e9 et \u00e9ducation routi\u00e8res \u00bb (n\u00b0 207). \n \n2. Subd\u00e9l\u00e9gation de signature est donn\u00e9e \u00e0 l'effet de signer dans les conditions fix\u00e9es dans les arr\u00eat\u00e9s \nsusvis\u00e9s, dans le cadre de leurs attributions et comp\u00e9tences, toute pi\u00e8ce relative \u00e0 l'exercice de la \ncomp\u00e9tence d'ordonnateur secondaire d\u00e9l\u00e9gu\u00e9, tant pour les d\u00e9penses que pour les recettes, aux agents \nci-apr\u00e8s d\u00e9sign\u00e9s : \n \nDirection r\u00e9gionale et interd\u00e9partementale de l'environnement, de l'am\u00e9nagement et des transports d'\u00cele-de-France -\nIDF-2025-10-24-00012 - D\u00e9cision du 24 octobre 2025 portant subd\u00e9l\u00e9gation de signature en mati\u00e8re d'ordonnancement secondaire et\nde commande publique pour le compte du pr\u00e9fet de la r\u00e9gion d'\u00cele-de-France\n41\n \n  26 \n\u2022 M Paul WEICK, directeur adjoint charg\u00e9 de la s\u00e9curit\u00e9 des transports et des missions de d\u00e9fense et \nde s\u00e9curit\u00e9, chef du service s\u00e9curit\u00e9 des transports et des v\u00e9hicules, et son adjoint e Mme Odile \nS\u00c9GUIN ; \n\u2022 M. Ronan MEAR, chef du d\u00e9partement r\u00e9gulation des transports routiers ; \n\u2022 Mme Isabelle MONMOUSSEAU, adjointe au chef du d\u00e9partement r\u00e9gulation des transports routiers \u00e0 \ncompter du 1er novembre 2025 ; \n\u2022 M. Ren\u00e9 ALBERTI, chef du d\u00e9partement s\u00e9curit\u00e9, \u00e9ducation et circulation routi\u00e8res ; \n\u2022 Mme St\u00e9phanie COMBARET, adjointe au chef du d\u00e9partement s\u00e9curit\u00e9, \u00e9ducation et circulation \nrouti\u00e8res ; \n\u2022 Mme Marion ESCARGUEIL-RAYNAUD, cheffe du d\u00e9partement s\u00e9curit\u00e9 des transports fluviaux et son \nadjointe, Mme Justine GODARD ; \n\u2022 M. Yves SCHOEFFNER, responsable du d\u00e9partement homologation et surveillance des v\u00e9hicules.  \n \nParagraphe 2 \u2013 Passation et ex\u00e9cution des march\u00e9s publics et accords-cadres \n \n1. Subd\u00e9l\u00e9gation de signature est consentie, dans la limite de leurs attributions et des montants indiqu\u00e9s \nci-dessous, aux personnes suivantes  pour signer toutes pi \u00e8ces relatives \u00e0 la passation et l 'ex\u00e9cution des \nmarch\u00e9s publics et des accords-cadres : \n \n \nNOM ET FONCTION \nSuppl\u00e9ant en cas d'absence \nou d'emp\u00eachement \nPassation et ex\u00e9cution de \nmarch\u00e9s et accords-cadres, en \nmontant HT maximum \nPaul WEICK, \nchef du service  \nOdile S\u00c9GUIN, \nadjointe au chef de service \nTravaux, fournitures, \n\u00e9tudes et services \n250 000 \u20ac \n143 000 \u20ac \nMarion ESCARGUEIL-RAYNAUD, \ncheffe du d\u00e9partement s\u00e9curit\u00e9 \ndes transports fluviaux \n \nRonan MEAR, chef du d\u00e9partement \nr\u00e9gulation des transports routiers \n \nRen\u00e9 ALBERTI, chef du \nd\u00e9partement s\u00e9curit\u00e9 et \u00e9ducation \nrouti\u00e8res \n \nYves SCHOEFFNER, chef du \nd\u00e9partement homologation et \nsurveillance des v\u00e9hicules \n Fournitures, \u00e9tudes \net services \n40 000 \u20ac  \n \n \n2. Subd\u00e9l\u00e9gation de signature est donn\u00e9e, dans la limite de ses attributions, \u00e0 Mme Odile S\u00c9GUIN, \nadjointe au responsable du service s\u00e9curit\u00e9 des transports et des v\u00e9hicules, pour signer toute pi\u00e8ce \nrelative \u00e0 l'ex\u00e9cution des march\u00e9s publics et des accords -cadres sup\u00e9rieurs aux seuils mentionn\u00e9s ci -\ndessus, \u00e0 l'exclusion des pi\u00e8ces mentionn\u00e9es ci-apr\u00e8s : \n\u2013 rapport de pr\u00e9sentation ; \n\u2013 d\u00e9cision d'attribution d'un march\u00e9 et lettre de rejet d'une offre ; \n\u2013 acte d'engagement ; \n\u2013 avenant ou acte modificatif ; \n\u2013 d\u00e9cision d'affermissement de tranche conditionnelle ou optionnelle ; \n\u2013 d\u00e9cision de reconduction ou non reconduction ; \n\u2013 d\u00e9cision de r\u00e9siliation ; \nDirection r\u00e9gionale et interd\u00e9partementale de l'environnement, de l'am\u00e9nagement et des transports d'\u00cele-de-France -\nIDF-2025-10-24-00012 - D\u00e9cision du 24 octobre 2025 portant subd\u00e9l\u00e9gation de signature en mati\u00e8re d'ordonnancement secondaire et\nde commande publique pour le compte du pr\u00e9fet de la r\u00e9gion d'\u00cele-de-France\n42\n \n  27 \n\u2013 d\u00e9cision d'ajournement. \nDans l'hypoth\u00e8se o\u00f9 le montant initial du march\u00e9 est augment\u00e9 (avenant \u00e0 incidences financi\u00e8res), le \nseuil est appr\u00e9ci\u00e9 sur le montant total du march\u00e9 public ou accord-cadre, apr\u00e8s augmentation. \n \n3. Subd\u00e9l\u00e9gation de signature est donn\u00e9e \u00e0 l'effet de signer les commandes, quel que soit leur montant, \nprises dans le cadre de march \u00e9s sur devis ou \u00e0 bons de commandes relevant de leurs attributions et \ncomp\u00e9tences, aux personnes suivantes : \n \n\u2022 M. Ronan MEAR, chef du d\u00e9partement r\u00e9gulation des transports routiers ; \n\u2022 Mme Isabelle MONMOUSSEAU, adjointe au chef du d\u00e9partement r\u00e9gulation des transports routiers ; \n\u2022 M. Ren\u00e9 ALBERTI, chef du d\u00e9partement s\u00e9curit\u00e9, \u00e9ducation et circulation routi\u00e8res  ; \n\u2022 Mme St\u00e9phanie COMBARET, adjointe au chef du d\u00e9partement s\u00e9curit\u00e9, \u00e9ducation et circulation \nrouti\u00e8res ; \n\u2022 Mme Marion ESCARGUEIL-RAYNAUD, cheffe du d\u00e9partement s\u00e9curit\u00e9 des transports fluviaux et son \nadjointe, Mme Justine GODARD ; \n\u2022 M. Yves SCHOEFFNER, responsable du d\u00e9partement homologation et surveillance des v\u00e9hicules.  \n\u2022 Mme Sadia KHELIFI, cheffe de la division gestion du d\u00e9partement r\u00e9gulation des transports routiers ; \n\u2022 M. Hugues NOLLET, responsable de la division contr\u00f4le du d\u00e9partement r\u00e9gulation des transports \nroutiers ; \n\u2022 M. Jean-Fran\u00e7ois FRATINI, responsable du bureau s\u00e9curit\u00e9 et \u00e9ducation routi\u00e8res  ; \n\u2022 Mme Gw\u00e9na\u00eblle COSMAO, adjointe au chef de l'unit\u00e9 des permis plaisance. \n \n4. Subd\u00e9l\u00e9gation de signature est \u00e9galement donn\u00e9e \u00e0 l'effet de signer, dans le cadre de leurs attributions \net comp\u00e9tences respectives, toute pi\u00e8ce relative \u00e0 la passation et \u00e0 l'ex\u00e9cution des march\u00e9s inf\u00e9rieurs \u00e0 \n20 000 \u20ac HT \u00e0 M. Jean-Fran\u00e7ois FRATINI, chef de l'unit\u00e9 s\u00e9curit\u00e9 et \u00e9ducation routi\u00e8res et \u00e0 Mme  \nGw\u00e9na\u00eblle COSMAO , adjointe au chef de l'unit\u00e9 des permis plaisance. \n \nARTICLE 11 \u2013 SERVICE POLITIQUES ET POLICE DE L'EAU \n \nParagraphe 1 \u2013 Ordonnancement secondaire \n \n1. La subd\u00e9l\u00e9gation de signature du pr\u00e9sent paragraphe porte sur les programmes du minist\u00e8re de la \ntransition \u00e9cologique et de la coh\u00e9sion des territoires et du minist\u00e8re de la transition \u00e9nerg\u00e9tique : \n \n\u27a2 \u00ab Paysages, eau et biodiversit\u00e9 \u00bb (n\u00b0 113) ; \n\u27a2 \u00ab Pr\u00e9vention des risques \u00bb (n\u00b0 181) ; \n \n2. Subd\u00e9l\u00e9gation de signature est donn\u00e9e \u00e0 l'effet de signer dans les conditions fix\u00e9es dans les arr\u00eat\u00e9s \nsusvis\u00e9s, dans la limite de leurs attributions et comp\u00e9tences, toute pi\u00e8ce relative \u00e0 l'exercice de la \ncomp\u00e9tence d'ordonnateur secondaire d\u00e9l\u00e9gu\u00e9, tant pour les d\u00e9penses que pour les recettes \u00e0 : \n\u2022 M. Thomas BOUYER, chef du service politiques et police de l'eau ; \n\u2022 Mme Caroline LAVALLART, adjointe du chef du service politiques et police de l'eau, responsable de \nla mission strat\u00e9gie eau et planification ; \n\u2022 Mme \u00c9milie BONNET-DERIVIERE, adjointe au chef du service politiques et police de l'eau  ; \n \nParagraphe 2 \u2013 Passation et ex\u00e9cution des march\u00e9s publics et accords-cadres \n \n1. Subd\u00e9l\u00e9gation de signature est consentie, dans la limite de ses attributions et des montants indiqu\u00e9s \nci-dessous, pour signer toutes pi\u00e8ces relatives \u00e0 la passation et l'ex\u00e9cution des march\u00e9s publics et des \naccords-cadres, \u00e0 : \n \nDirection r\u00e9gionale et interd\u00e9partementale de l'environnement, de l'am\u00e9nagement et des transports d'\u00cele-de-France -\nIDF-2025-10-24-00012 - D\u00e9cision du 24 octobre 2025 portant subd\u00e9l\u00e9gation de signature en mati\u00e8re d'ordonnancement secondaire et\nde commande publique pour le compte du pr\u00e9fet de la r\u00e9gion d'\u00cele-de-France\n43\n \n  28 \nNOM ET FONCTION Suppl\u00e9ant en cas d'absence ou \nd'emp\u00eachement \nPassation et ex\u00e9cution de \nmarch\u00e9s et accords-cadres en \nmontant HT maximum \nThomas BOUYER, chef \nde service \nCaroline LAVALLART, \nadjointe au chef de service  \n\u00c9milie BONNET-DERIVIERE, adjointe au chef \ndu service \n\u00c9tudes et \nservices \n143 000 \u20ac \n \n2. Subd\u00e9l\u00e9gation de signature est donn\u00e9e \u00e0 M. Thomas BOUYER, \u00e0 Mme Caroline LAVALLART et \u00e0 Mme \n\u00c9milie BONNET -DERIVIERE, dans la limite de leurs attributions, pour signer toute pi\u00e8ce relative \u00e0 \nl'ex\u00e9cution des march\u00e9s publics et des accords -cadres sup\u00e9rieurs aux seuils mentionn\u00e9s ci -dessus, \u00e0 \nl'exclusion des pi\u00e8ces mentionn\u00e9es ci-apr\u00e8s : \n\u2013 rapport de pr\u00e9sentation ; \n\u2013 d\u00e9cision d'attribution d'un march\u00e9 et lettre de rejet d'une offre ; \n\u2013 acte d'engagement ; \n\u2013 avenant ou acte modificatif ; \n\u2013 d\u00e9cision d'affermissement de tranche conditionnelle ou optionnelle ; \n\u2013 d\u00e9cision de reconduction ou non reconduction ; \n\u2013 d\u00e9cision de r\u00e9siliation ; \n\u2013 d\u00e9cision d'ajournement. \n \nDans l'hypoth\u00e8se o\u00f9 le montant initial du march\u00e9 est augment\u00e9 (avenant \u00e0 incidences financi\u00e8re s), le \nseuil est appr\u00e9ci\u00e9 sur le montant total du march\u00e9 public ou accord-cadre, apr\u00e8s augmentation. \n \nARTICLE 12 \u2013 SERVICE NATURE ET PAYSAGE \n \nParagraphe 1 \u2013 Ordonnancement secondaire \n \n1. La subd\u00e9l\u00e9gation de signature du pr\u00e9sent paragraphe porte sur les programmes du minist\u00e8re de la \ntransition \u00e9cologique et de la coh\u00e9sion des territoires et du minist\u00e8re de la transition \n\u00e9nerg\u00e9tique \u00ab Paysages, eau et biodiversit\u00e9 \u00bb (n\u00b0 113) et \u00ab \u00c9cologie \u00bb (n\u00b0 362) ; \n \n2. Subd\u00e9l\u00e9gation de signature est donn\u00e9e \u00e0 l'effet de signer dans les conditions fix\u00e9es dans les arr\u00eat\u00e9s \nsusvis\u00e9s, dans la limite de leurs attributions et comp\u00e9tences, toute pi\u00e8ce relative \u00e0 l'exercice de la \ncomp\u00e9tence d'ordonnateur secondaire d\u00e9l\u00e9gu\u00e9, tant pour les d\u00e9penses que pour les recettes \u00e0 : \n \n\u2022 Mme Lucile RAMBAUD, cheffe du service nature et paysage ; \n\u2022 M. St\u00e9phane LUCET, adjoint \u00e0 la cheffe du service nature et paysage ; \n\u2022 Mme Florence MOTTES, cheffe du d\u00e9partement sites et paysage ; \n\u2022 Mme Paola VITA, adjointe \u00e0 la cheffe du d\u00e9partement sites et paysage ; \n\u2022 M. Antoine LOMBARD, chef du d\u00e9partement espaces et patrimoine naturels  ; \n\u2022 M. Bastien MOREIRA-PELLET, chef du d\u00e9partement faune et flore sauvages, \n\u2022 M. Jean-Fran\u00e7ois VOISIN, adjoint au chef du d\u00e9partement faune et flore sauvages. \n \nParagraphe 2 \u2013 Passation et ex\u00e9cution des march\u00e9s publics et accords-cadres \n \n1. Subd\u00e9l\u00e9gation de signature est consentie, dans la limite de ses attributions et des montants indiqu\u00e9s \nci-dessous, pour signer toutes pi\u00e8ces relatives \u00e0 la passation et l'ex\u00e9cution des march\u00e9s publics et des \naccords-cadres, \u00e0 : \n \nDirection r\u00e9gionale et interd\u00e9partementale de l'environnement, de l'am\u00e9nagement et des transports d'\u00cele-de-France -\nIDF-2025-10-24-00012 - D\u00e9cision du 24 octobre 2025 portant subd\u00e9l\u00e9gation de signature en mati\u00e8re d'ordonnancement secondaire et\nde commande publique pour le compte du pr\u00e9fet de la r\u00e9gion d'\u00cele-de-France\n44\n \n  29 \nNOM ET FONCTION Suppl\u00e9ant en cas d'absence \nou d'emp\u00eachement \nPassation et ex\u00e9cution de march\u00e9s et \naccords-cadres en montant HT maximum \nLucile RAMBAUD, cheffe \ndu service \nSt\u00e9phane LUCET, adjoint \u00e0 \nla cheffe du service \n\u00c9tudes et services 143 000 \u20ac \n \n2. Subd\u00e9l\u00e9gation de signature est donn\u00e9e \u00e0 Mme Lucile RAMBAUD et \u00e0 M. St\u00e9phane LUCET dans la limite \nde leurs attributions, pour signer toute pi\u00e8ce relative \u00e0 l'ex\u00e9cution des march\u00e9s publics et des accords -\ncadres sup\u00e9rieurs aux seuils mentionn\u00e9s ci-dessus, \u00e0 l'exclusion des pi\u00e8ces mentionn\u00e9es ci-apr\u00e8s : \n\u2013 rapport de pr\u00e9sentation ; \n\u2013 d\u00e9cision d'attribution d'un march\u00e9 et lettre de rejet d'une offre ; \n\u2013 acte d'engagement ; \n\u2013 avenant ou acte modificatif ; \n\u2013 d\u00e9cision d'affermissement de tranche conditionnelle ou optionnelle ; \n\u2013 d\u00e9cision de reconduction ou non reconduction ; \n\u2013 d\u00e9cision de r\u00e9siliation ; \n\u2013 d\u00e9cision d'ajournement. \n \nDans l'hypoth\u00e8se o\u00f9 le montant initial du march\u00e9 est augment\u00e9 (avenant \u00e0 incidences financi\u00e8res), le \nseuil est appr\u00e9ci\u00e9 sur le montant total du march\u00e9 public ou accord-cadre, apr\u00e8s augmentation. \n \nARTICLE 13 \u2013 SERVICE ACCOMPAGNEMENT ET PILOTAGE \n \nParagraphe 1 \u2013 Ordonnancement secondaire \n \n1. La subd\u00e9l\u00e9gation de signature du pr\u00e9sent paragraphe porte sur les programmes suivants du minist\u00e8re \nde la transition \u00e9cologique et de la coh\u00e9sion des territoires et du minist\u00e8re de la transition \u00e9nerg\u00e9tique, \nd'une part, et du minist\u00e8re de l'int\u00e9rieur d'autre part : \n\u27a2  \u00ab Conduite et pilotage des politiques de l '\u00e9cologie, du d \u00e9veloppement et de la mobilit \u00e9 durables \u00bb \n(n\u00b0 217) ; \n\u27a2 \u00ab Administration territoriale de l'\u00c9tat \u00bb (n\u00b0 354)  \n \n2. Subd\u00e9l\u00e9gation de signature est donn\u00e9e \u00e0 l'effet de signer dans les conditions fix\u00e9es dans les arr\u00eat\u00e9s \nsusvis\u00e9s, dans le cadre de leurs attributions et comp\u00e9tences, toute pi\u00e8ce relative \u00e0 l'exercice de la \ncomp\u00e9tence d'ordonnateur secondaire d\u00e9l\u00e9gu\u00e9, tant pour les d\u00e9penses que pour les recettes \u00e0 : \n\u2022 M. Jean-Yves D\u00c9MARETZ, chef du service accompagnement et pilotage et son adjoint, M. Philippe \nLOUVET ; \n\u2022 Mme Sandie CHAMBARET, responsable du d\u00e9partement qualit\u00e9 et innovation  ; \n\u2022 Mme Julie MANINI, responsable du d\u00e9partement pilotage du budget et des effectifs ; \n\u2022 Mme Patricia AKPWA-MEDOU, charg\u00e9 d'\u00e9tudes budg\u00e9taires et financi\u00e8res ; \n\u2022 M. Jean-Baptiste PUIGGALI, responsable du d\u00e9partement des affaires juridiques, de l'archivage et de \nla documentation ; \n\u2022 Mme \u00c9milie AUFAUVRE, responsable de l'unit\u00e9 documentation et archivage ; \n\u2022 M. Jonas COSTAGLIOLA, responsable de l'unit\u00e9 des affaires juridiques.  \n \n \n \n \n \n \n \n \nDirection r\u00e9gionale et interd\u00e9partementale de l'environnement, de l'am\u00e9nagement et des transports d'\u00cele-de-France -\nIDF-2025-10-24-00012 - D\u00e9cision du 24 octobre 2025 portant subd\u00e9l\u00e9gation de signature en mati\u00e8re d'ordonnancement secondaire et\nde commande publique pour le compte du pr\u00e9fet de la r\u00e9gion d'\u00cele-de-France\n45\n \n  30 \nParagraphe 2 \u2013 Passation et ex\u00e9cution des march\u00e9s publics et accords-cadres \n \n 1. Subd\u00e9l\u00e9gation de signature est consentie, dans la limite de ses attributions et des montants indiqu\u00e9s \nci-dessous, pour signer toutes pi\u00e8ces relatives \u00e0 la passation et l'ex\u00e9cution des march\u00e9s publics et des \naccords-cadres, \u00e0 : \n \n2. Subd\u00e9l\u00e9gation de signature est donn\u00e9e \u00e0 M. Jean-Yves D\u00c9MARETZ et M. Philippe LOUVET, dans la limite \nde leurs attributions, pour signer toute pi\u00e8ce relative \u00e0 l'ex\u00e9cution des march\u00e9s publics et des accords -\ncadres sup\u00e9rieurs aux seuils mentionn\u00e9s ci-dessus, \u00e0 l'exclusion des pi\u00e8ces mentionn\u00e9es ci-apr\u00e8s : \n\u2013 rapport de pr\u00e9sentation ; \n\u2013 d\u00e9cision d'attribution d'un march\u00e9 et lettre de rejet d'une offre ; \n\u2013 acte d'engagement ; \n\u2013 avenant ou acte modificatif ; \n\u2013 d\u00e9cision d'affermissement de tranche conditionnelle ou optionnelle ; \n\u2013 d\u00e9cision de reconduction ou non reconduction ; \n\u2013 d\u00e9cision de r\u00e9siliation ; \n\u2013 d\u00e9cision d'ajournement. \nDans l'hypoth\u00e8se o\u00f9 le montant initial du march\u00e9 est augment\u00e9 (avenant \u00e0 incidences financi\u00e8res), le \nseuil est appr\u00e9ci\u00e9 sur le montant total du march\u00e9 public ou accord-cadre, apr\u00e8s augmentation. \n \nARTICLE 14 \u2013 SECR\u00c9TARIAT G\u00c9N\u00c9RAL \n \nParagraphe 1 \u2013 Ordonnancement secondaire \n \n1. La subd\u00e9l\u00e9gation de signature du pr\u00e9sent paragraphe porte sur : \n \na. Les programmes du minist\u00e8re de la transition \u00e9cologique et de la coh\u00e9sion des territoires et du \nminist\u00e8re de la transition \u00e9nerg\u00e9tique : \n\u27a2 \u00ab Paysages, eau et biodiversit\u00e9 \u00bb (n\u00b0 113) ; \n\u27a2 \u00ab Urbanisme, territoire et am\u00e9lioration de l'habitat \u00bb (n\u00b0 135) ; \n\u27a2 \u00ab Expertise, information g\u00e9ographique et m\u00e9t\u00e9orologie \u00bb (n\u00b0 159) ; \n\u27a2 \u00ab Energie, climat et apr\u00e8s-mines \u00bb (n\u00b0 174) ; \n\u27a2 \u00ab Pr\u00e9vention des risques \u00bb (n\u00b0 181) ; \n\u27a2 \u00ab Infrastructures et services de transport \u00bb (n\u00b0 203) ; \n\u27a2 \u00ab Conduite et pilotage des politiques de l '\u00e9cologie, du d \u00e9veloppement et de la mobilit \u00e9 durables \u00bb \n(n\u00b0 217) ; \n\u27a2 \u00ab \u00c9cologie \u00bb (n\u00b0 362) ; \n\u27a2 \u00ab Comp\u00e9titivit\u00e9 \u00bb (n\u00b0363) ; \n\u27a2 \u00ab Coh\u00e9sion \u00bb (n\u00b0 364) ; \n\u27a2 \u00ab Fonds d'acc\u00e9l\u00e9ration de la transition \u00e9cologique dans les territoires \u00bb (n\u00b0 380). \n \nb. Les programmes du minist\u00e8re de l'int\u00e9rieur  : \u00ab S\u00e9curit\u00e9 et \u00e9ducation routi \u00e8res \u00bb (n\u00b0 207), \n\u00ab Administration territoriale de l'\u00c9tat  \u00bb (n\u00b0 354) et \u00ab Conduite et pilotage des politiques d e l'int\u00e9rieur \u00bb \n(UO \u00ab convergence de l'action sociale r\u00e9gionale \u00bb) (n\u00b0 216). \nNOM ET FONCTION \nSuppl\u00e9ant en cas \nd'absence ou \nd'emp\u00eachement \nPassation et ex\u00e9cution de march\u00e9s et \naccords-cadres en montant HT \nmaximum \nJean-Yves D\u00c9MARETZ, chef du \nservice accompagnement et \npilotage \nPhilippe LOUVET, adjoint \u00c9tudes et services 143 000 \u20ac \nDirection r\u00e9gionale et interd\u00e9partementale de l'environnement, de l'am\u00e9nagement et des transports d'\u00cele-de-France -\nIDF-2025-10-24-00012 - D\u00e9cision du 24 octobre 2025 portant subd\u00e9l\u00e9gation de signature en mati\u00e8re d'ordonnancement secondaire et\nde commande publique pour le compte du pr\u00e9fet de la r\u00e9gion d'\u00cele-de-France\n46\n \n  31 \n \nc. Les programmes du minist\u00e8re de l'\u00e9conomie, des finances et de la souverainet\u00e9 industrielle et \nnum\u00e9rique : \u00ab Fonctions publiques \u00bb (n\u00b0 148), \u00ab Op\u00e9rations immobili\u00e8res et entretiens des b\u00e2timents de \nl'\u00c9tat \u00bb (n\u00b0 723) et \u00ab Performance et r\u00e9silience des b\u00e2timents de l'\u00c9tat et de ses op\u00e9rateurs \u00bb (n\u00b0 348). \n \nPour les programmes n\u00b0  354, n\u00b0  362 (volet immobilier public), n\u00b0  363, n\u00b0 723, n\u00b0 348 et n \u00b0 216, toute \nd\u00e9pense sup\u00e9rieure \u00e0 400 000 \u20ac HT devra faire l'objet d'un visa pr\u00e9alable du pr\u00e9fet de la r\u00e9gion \u00cele -de-\nFrance, en application de l'article 3 de l'arr\u00eat\u00e9 de d\u00e9l\u00e9gation de signature en mati\u00e8re d'ordonnancement \nsecondaire susvis\u00e9. \n \n2. Subd\u00e9l\u00e9gation de signature est donn \u00e9e \u00e0 l'effet de signer dans les conditions fix\u00e9es dans les arr\u00eat\u00e9s \nsusvis\u00e9s, dans le cadre de leurs attributions et comp\u00e9tences, toute pi\u00e8ce relative \u00e0 l'exercice de la \ncomp\u00e9tence d'ordonnateur secondaire d\u00e9l\u00e9gu\u00e9, tant pour les d\u00e9penses que pour les recettes, \u00e0 : \n\u2022 M. Ivan ROCHARD, secr\u00e9taire g\u00e9n\u00e9ral et son adjointe, Mme Justine SONG ; \n\u2022 M. Jean-Baptiste MOTTE, secr\u00e9taire g\u00e9n\u00e9ral d\u00e9l\u00e9gu\u00e9 \u00e0 la DiRIF et son adjoint, M. Pascal ERRECART.  \n \n3. Subd\u00e9l\u00e9gation de signature est donn\u00e9e \u00e0 l'effet de signer, dans les condit ions fix\u00e9es dans les arr\u00eat\u00e9s \nsusvis\u00e9s et dans le cadre de leurs attributions et comp\u00e9tences, toute pi\u00e8ce relative \u00e0 l'exercice de la \ncomp\u00e9tence d'ordonnateur secondaire d\u00e9l\u00e9gu\u00e9, tant pour les d\u00e9penses que pour les recettes, aux agents \nci-apr\u00e8s d\u00e9sign\u00e9s : \n \nPour le secr\u00e9tariat g\u00e9n\u00e9ral de la DRIEAT : \n \n\u2022 M. Valentin RAULT, chef du d\u00e9partement des affaires financi\u00e8res ; \n\u2022 M. R\u00e9gis SLAGMULDER, adjoint au chef du d\u00e9partement des affaires financi\u00e8res ; \n\u2022 Mme Assma YOUCHAA, cheffe de l'unit\u00e9 programmation et op\u00e9rations transverses ; \n\u2022 Mme Annie LACROIX, cheffe du d\u00e9partement des ressources humaines et des comp\u00e9tences, \u00e0 l'effet \nde signer tous les actes et pi\u00e8ces relevant des attributions du d\u00e9partement, ainsi que pour pr\u00e9senter \ndes observations devant les comit\u00e9s m\u00e9dicaux et les commissions de r\u00e9forme ; \n\u2022 M. Jean -Antoine DELMAS, adjoint \u00e0 la cheffe du d\u00e9partement des ressources humaines et des \ncomp\u00e9tences, chef de l'unit\u00e9 carri\u00e8res et r\u00e9mun\u00e9ration ; \n\u2022 Mme Nathalie RICHARD, responsable de l'unit\u00e9 formation, handicap, accompagneme nt et \ncomp\u00e9tences, et M me Pauline SAENZ, responsable de l'unit\u00e9 temps, effectifs, recrutement et \nmobilit\u00e9, \u00e0 l'effet de signer tous les actes et pi\u00e8ces relevant du d\u00e9partement des ressources humaines \net des comp\u00e9tences en cas d'emp\u00eachement de leur responsable et de son adjointe ; \n\u2022 M. Vincent ROUVEYROL, chef du d\u00e9partement de la commande publique et de la politique d'achat  ; \n\u2022 M. Jean AUTERNAUD, chef du d\u00e9partement de la logistique et de la gestion immobili\u00e8re  ; \n\u2022 M. Yanis KHERBOUCHE, adjoint au chef du d\u00e9partement de la logistique et de la gestion immobili\u00e8re ; \n\u2022 M. Joseph WALHA, chef de l'unit\u00e9 territoriale des Hauts-de-Seine et de la Seine-Saint-Denis ; \n\u2022 Mme Nadjette BENAOUDA-GARCIA, cheffe de l'unit\u00e9 territoriale du Val-de-Marne ;  \n\u2022 M. Fran\u00e7ois MALARE, adjoint \u00e0 la cheffe de l'unit\u00e9 territoriale du Val-de-Marne. \n \nPour le secr\u00e9tariat g\u00e9n\u00e9ral d\u00e9l\u00e9gu\u00e9 \u00e0 la DiRIF : \n \n\u2022 Mme Chantal NAVARRO, cheffe du d\u00e9partement financier de la DiRIF \u00e0 compter du 1 er novembre \n2025 ; \n\u2022 M. Sten FANGUINOVENY, responsable du bureau des finances au secr\u00e9tariat g\u00e9n\u00e9ral d\u00e9l\u00e9gu\u00e9 \u00e0 la \nDiRIF, et son adjoint M. Reynald JOVELIN ; \n\u2022 Mme Linda MANETTE, responsable du p\u00f4le fonctionnement courant ; \n\u2022 Mme Annabelle DANOUMBE, cheffe du bureau des ressources humaines du secr\u00e9tariat g\u00e9n\u00e9ral \nd\u00e9l\u00e9gu\u00e9 aupr\u00e8s de la DiRIF ; \n\u2022 Mme Sandrine FLORENTINY, adjointe \u00e0 la cheffe du bureau des ressources humaines ; \nDirection r\u00e9gionale et interd\u00e9partementale de l'environnement, de l'am\u00e9nagement et des transports d'\u00cele-de-France -\nIDF-2025-10-24-00012 - D\u00e9cision du 24 octobre 2025 portant subd\u00e9l\u00e9gation de signature en mati\u00e8re d'ordonnancement secondaire et\nde commande publique pour le compte du pr\u00e9fet de la r\u00e9gion d'\u00cele-de-France\n47\n \n  32 \n\u2022 M. Patrick VALERE, chef du bureau de la logistique, de l'informatique et de l'immobilier  ; \n\u2022 M. Christophe LOUISET, adjoint au chef du bureau de la logistique, de l'informatique et de \nl'immobilier. \n \n4. Subd\u00e9l\u00e9gation de signature est donn\u00e9e \u00e0 l'effet de signer dans les conditions fix\u00e9es dans les arr\u00eat\u00e9s \nsusvis\u00e9s, dans le cadre de leurs attributions et comp\u00e9tences, et pour les programmes n\u00b0 113, n\u00b0 135, n\u00b0 148, \nn\u00b0 159, n\u00b0  174, n\u00b0  181, n\u00b0  217 , n\u00b0 354 et n\u00b0  723, toute pi\u00e8ce relative \u00e0 l'exercice de la comp\u00e9tence \nd'ordonnateur secondaire d\u00e9l\u00e9gu\u00e9, tant pour les d\u00e9penses que pour les recettes, \u00e0 : \n \n\u2022 Mme Alessia LO SARDO, cheffe de l'unit\u00e9 budg\u00e9taire de Paris \n\u2022 M. Samir MANSEUR, chef de l'unit\u00e9 budg\u00e9taire et comptable de Miollis. \n \n5. Subd\u00e9l\u00e9gation de signature est donn\u00e9e \u00e0 l'effet de signer, en application du d\u00e9cret n\u00b0  2012-1246 du 7 \nnovembre 2012 relatif \u00e0 la gestion budg\u00e9taire et comptable publique, les titres de perception et les titres \nex\u00e9cutoires constatant une cr\u00e9ance liquide et exigible \u00e0 : \n \nPour le secr\u00e9tariat g\u00e9n\u00e9ral de la DRIEAT : \n \n\u2022 M. Valentin RAULT, chef du d\u00e9partement des affaires financi\u00e8res ; \n\u2022 M. R\u00e9gis SLAGMULDER, adjoint au chef du d\u00e9partement des affaires financi\u00e8res . \n \nPour le secr\u00e9tariat g\u00e9n\u00e9ral d\u00e9l\u00e9gu\u00e9 \u00e0 la DiRIF : \n \n\u2022 Mme Chantal NAVARRO, cheffe du d\u00e9partement financier de la DiRIF  ; \n\u2022 M. Sten FANGUINOVENY, responsable du bureau des finances au secr\u00e9tariat g\u00e9n\u00e9ral d\u00e9l\u00e9gu\u00e9 \u00e0 la \nDiRIF, et son adjoint M. Reynald JOVELIN. \n \n6. Subd\u00e9l\u00e9gation de signature est donn\u00e9e \u00e0 l'effet de signer, dans les conditions fix\u00e9es dans les arr\u00eat\u00e9s \nsusvis\u00e9s et dans le cadre de leurs attributions et comp\u00e9tences, les pi\u00e8ces relatives \u00e0 la constatation de la \nd\u00e9pense et aux ordres de payer relatifs aux d\u00e9penses, aux agents ci-apr\u00e8s d\u00e9sign\u00e9s : \n \nPour le secr\u00e9tariat g\u00e9n\u00e9ral de la DRIEAT : \n \n\u2022 M. Yanis KHERBOUCHE, adjoint au chef du d\u00e9partement de la logistique et de la gestion immobili\u00e8re ; \n\u2022 Mme Catherine KHELAF, cheffe de l'unit\u00e9 immobili\u00e8re ; \n\u2022 Mme Armande LIMERY-RIQUIER, cheffe de l'unit\u00e9 logistique ; \n\u2022 Mme Florence FROMAGER, gestionnaire logistique immobilier ; \n\u2022 M. Rachid SAHALI, et M. L\u00e9onard MAMIE, gestionnaires service logistique  ; \n\u2022 M. Jacques-Paul POUPART, gestionnaire du parc automobile ; \n\u2022 M. Pascal DOBEL, gestionnaire restauration collective, nettoyage, accueil et espaces verts  ;  \n\u2022 M. Joseph WALHA, chef de l'unit\u00e9 territoriale des Hauts-de-Seine et de la Seine-Saint-Denis ; \n\u2022 Mme Nadjette BENAOUDA-GARCIA, cheffe de l'unit\u00e9 territoriale du Val-de-Marne ;  \n\u2022 M. Fran\u00e7ois MALARE, adjoint \u00e0 la cheffe de l'unit\u00e9 territoriale du Val-de-Marne. \n \nPour le secr\u00e9tariat g\u00e9n\u00e9ral d\u00e9l\u00e9gu\u00e9 \u00e0 la DiRIF : \n \n\u2022 Mme Annabelle DANOUMBE, cheffe du bureau des ressources humaines (BRH)  ; \n\u2022 Mme Sandrine FLORENTINY, adjointe \u00e0 la cheffe du bureau des ressources humaines ; \n\u2022 Mme Anita DUBERVILLE, cheffe du p\u00f4le Strat\u00e9gie RH ; \n\u2022 Mme Warda BOURICHE, cheffe du bureau de la formation, des concours et des recrutements (BFCR). \n \nParagraphe 2 \u2013 Passation et ex\u00e9cution des march\u00e9s publics et accords-cadres \nDirection r\u00e9gionale et interd\u00e9partementale de l'environnement, de l'am\u00e9nagement et des transports d'\u00cele-de-France -\nIDF-2025-10-24-00012 - D\u00e9cision du 24 octobre 2025 portant subd\u00e9l\u00e9gation de signature en mati\u00e8re d'ordonnancement secondaire et\nde commande publique pour le compte du pr\u00e9fet de la r\u00e9gion d'\u00cele-de-France\n48\n \n  33 \n \n1. Subd\u00e9l\u00e9gation de signature est consentie, dans la limite de leurs attributions et des montants indiqu\u00e9s \nci-dessous, aux personnes suivantes  pour signer toutes pi \u00e8ces relatives \u00e0 la passation et l 'ex\u00e9cution des \nmarch\u00e9s publics et des accords-cadres : \n \nNOM ET FONCTION Suppl\u00e9ant en cas d'absence \nou d'emp\u00eachement \nPassation et ex\u00e9cution de march\u00e9s et \naccords-cadres en montant HT maximum \nIvan ROCHARD, SG Justine SONG, SG adjointe Travaux 300 000 \u20ac \nFournitures, \u00e9tudes et services 143 000 \u20ac \nJean-Baptiste MOTTE, \nSG d\u00e9l\u00e9gu\u00e9 \nPascal ERRECART, SGD \nadjoint \nTravaux 300 000 \u20ac \nFournitures, \u00e9tudes et services 143 000 \u20ac \n \n2. Subd\u00e9l\u00e9gation de signature est donn\u00e9e \u00e0 M. Ivan ROCHARD, secr\u00e9taire g\u00e9n\u00e9ral, \u00e0 Mme Justine SONG, \n\u00e0 M. Jean-Baptiste MOTTE et \u00e0 M. Pascal ERRECART, dans la limite de leurs attributions respectives, pour \nsigner toute pi\u00e8ce relative \u00e0 l'ex\u00e9cution des march\u00e9s publics et des accords-cadres sup\u00e9rieurs aux seuils \nmentionn\u00e9s ci-dessus, \u00e0 l'exclusion des pi\u00e8ces mentionn\u00e9es ci-apr\u00e8s : \n\u2013 rapport de pr\u00e9sentation ; \n\u2013 d\u00e9cision d'attribution d'un march\u00e9 et lettre de rejet d'une offre ; \n\u2013 acte d'engagement ; \n\u2013 avenant ou acte modificatif ; \n\u2013 d\u00e9cision d'affermissement de tranche conditionnelle ou optionnelle ; \n\u2013 d\u00e9cision de reconduction ou non reconduction ; \n\u2013 d\u00e9cision de r\u00e9siliation ; \n\u2013 d\u00e9cision d'ajournement. \n \nDans l'hypoth\u00e8se o\u00f9 le montant initial du march\u00e9 est augment\u00e9 (avenant \u00e0 incidences financi\u00e8res), le \nseuil est appr\u00e9ci\u00e9 sur le montant total du march\u00e9 public ou accord-cadre, apr\u00e8s augmentation. \n \n3. Subd\u00e9l\u00e9gation de signature est donn\u00e9e \u00e0 l'effet de signer, dans le cadre de leurs attributions et \ncomp\u00e9tences, toute pi\u00e8ce relative \u00e0 la passation et \u00e0 l'ex\u00e9cution des march\u00e9s inf\u00e9rieurs \u00e0 25  000 \u20ac HT, \nainsi que les commandes jusqu'\u00e0 25  000 \u20ac HT prises dans le cadre de march \u00e9s \u00e0 bons de commandes \nrelevant de leurs attributions \u00e0  M. Patrick VALERE, chef du bureau de la logistique, de l'informatique et \nde l'immobilier et son adjoint M. Christophe LOUISET. \n \n4. Subd\u00e9l\u00e9gation de signature est donn\u00e9e aux personnes d\u00e9sign\u00e9es ci -apr\u00e8s \u00e0 l'effet de signer, dans le \ncadre de leurs attributions et comp\u00e9tences, toute  pi\u00e8ce relative \u00e0 la passation et \u00e0 l'ex\u00e9cution des \nmarch\u00e9s inf\u00e9rieurs \u00e0 25  000 \u20ac HT, ainsi que les commandes jusqu'\u00e0 4  000 \u20ac HT prises dans le cadre de \nmarch\u00e9s \u00e0 bons de commandes relevant de leurs attributions :  \n \n\u2022 pour le secr\u00e9tariat g\u00e9n\u00e9ral de la DRIEAT : \n \n\u2022 M. Jean AUTERNAUD, chef du d\u00e9partement de la logistique et de la gestion immobili\u00e8re ;  \n\u2022 M. Yanis KHERBOUCHE, adjoint au chef du d\u00e9partement de la logistique et de la gestion immobili\u00e8re ; \n\u2022 Mme Catherine KHELAF, cheffe de l'unit\u00e9 immobili\u00e8re ; \n\u2022 Mme Armande LIMERY-RIQUIER, cheffe de l'unit\u00e9 logistique ; \n\u2022 M. Florence FROMAGER, gestionnaire logistique ; \n\u2022 M. Rachid SAHALI, et M. L\u00e9onard MAMIE, gestionnaires service logistique ;  \n\u2022 M. Pascal DOBEL, gestionnaire restauration collective, nettoyage, accueil et espaces verts.  \nDirection r\u00e9gionale et interd\u00e9partementale de l'environnement, de l'am\u00e9nagement et des transports d'\u00cele-de-France -\nIDF-2025-10-24-00012 - D\u00e9cision du 24 octobre 2025 portant subd\u00e9l\u00e9gation de signature en mati\u00e8re d'ordonnancement secondaire et\nde commande publique pour le compte du pr\u00e9fet de la r\u00e9gion d'\u00cele-de-France\n49\n \n  34 \n \n\u2022 pour le secr\u00e9tariat g\u00e9n\u00e9ral de la DRIEAT \u2013 d\u00e9l\u00e9gu\u00e9 \u00e0 la DiRIF : \n \n\u2022 Mme Annabelle DANOUMBE, cheffe du bureau des ressources humaines (BRH) ; \n\u2022 Mme Sandrine FLORENTINY, adjointe \u00e0 la cheffe du bureau des ressources humaines ;  \n\u2022 Mme Warda BOURICHE, cheffe du bureau de la formation, des concours et des recrutements ; \n\u2022 M. David LECOMTE, chef du bureau des affaires juridiques ; \n\u2022 Mme Catherine PERNOIS, adjointe au chef du bureau des affaires juridiques.  \n \n5. Subd\u00e9l\u00e9gation de signature est donn\u00e9e aux personnes d\u00e9sign\u00e9es ci -apr\u00e8s \u00e0 l'effet de signer, dans le \ncadre de leurs attributions et comp\u00e9tences, tous les courriers relatifs aux notifications des pi\u00e8ces li\u00e9es \u00e0 \nla passation et \u00e0 l'ex\u00e9cution des march\u00e9s publics et accords-cadres : \n \n\u2022 M. Vincent ROUVEYROL, chef du d\u00e9partement de la commande publique et de la politique d'achat  ; \n\u2022 Mme Magguy DESP LAN, responsable de l'unit\u00e9 proc\u00e9dures et instruction des march\u00e9s publics de \nCr\u00e9teil au d\u00e9partement de la commande publique et de la politique d'achat ;   \n\u2022 Mme Chantal NAVARRO, cheffe du d\u00e9partement financier de la DiRIF \u00e0 compter du 1 er novembre \n2025 ; \n\u2022 M. Sten FANGUINOVENY, responsable du bureau des finances au secr\u00e9tariat g\u00e9n\u00e9ral d\u00e9l\u00e9gu\u00e9 \u00e0 la \nDiRIF, et son adjoint M. Reynald JOVELIN. \n \nARTICLE 15 \u2013 UNIT\u00c9S D\u00c9PARTEMENTALES \n \nARTICLE 15-1 \u2013 UNIT\u00c9 D\u00c9PARTEMENTALE DE PARIS \n \nParagraphe 1 \u2013 Ordonnancement secondaire \n \n1. La subd\u00e9l\u00e9gation de signature du pr\u00e9sent paragraphe porte sur : \na. Les programmes du minist\u00e8re de la transition \u00e9cologique et de la coh\u00e9sion des territoires et du \nminist\u00e8re de la transition \u00e9nerg\u00e9tique : \n\u27a2 \u00ab Urbanisme, territoires et am\u00e9lioration de l'habitat \u00bb (n\u00b0 135) ; \n\u27a2 \u00ab Conduite et pilotage des politiques de l '\u00e9cologie, du d \u00e9veloppement et de la mobilit \u00e9 durables \u00bb \n(n\u00b0 217).  \nb. Le programme du minist\u00e8re de l'int\u00e9rieur : \u00ab Administration territoriale de l'\u00c9tat \u00bb (n\u00b0 354). \n \nc. Le programme du minist\u00e8re de l'\u00e9conomie, des finances et de la souverainet\u00e9 industrielle et \nnum\u00e9rique : \u00ab Op\u00e9rations immobili\u00e8res et entretiens des b\u00e2timents de l'\u00c9tat \u00bb (n\u00b0 723). \n \nPour les programmes n\u00b0 354 et n\u00b0 723, toute d\u00e9pense sup\u00e9rieure \u00e0 400 000 \u20ac HT devra faire l'objet d'un \nvisa pr\u00e9alable du pr\u00e9fet de la r\u00e9gion \u00cele-de-France, en application de l'article 3 de l'arr\u00eat\u00e9 de d\u00e9l\u00e9gation \nde signature en mati\u00e8re d'ordonnancement secondaire susvis\u00e9. \n \n2. Subd\u00e9l\u00e9gation de signature est donn\u00e9e \u00e0 l'effet de signer, dans les conditions fix\u00e9es dans les arr\u00eat\u00e9s \nsusvis\u00e9s et dans le cadre de leurs attributions et comp\u00e9tences, toute pi\u00e8ce relative \u00e0 l'exercice de la \ncomp\u00e9tence d'ordonnateur secondaire d\u00e9l\u00e9gu\u00e9, tant pour les d\u00e9penses que pour les recettes, aux agents \nci-apr\u00e8s d\u00e9sign\u00e9s : \n\u2022 M. Jean -Pascal BIARD, directeur r\u00e9gional et interd\u00e9partemental adjoint de l'environnement, de \nl'am\u00e9nagement et des transports d'\u00cele-de-France, directeur de l'unit\u00e9 d\u00e9partementale de Paris ; \n\u2022 M. Fran\u00e7ois BELBEZET, chef du service am\u00e9nagement durable et connaissance des territoires  ; \n\u2022 Mme Laurence CACHEUX, cheffe du service patrimoine, paysage et droit des sols ; \n\u2022 Mme Christelle ALOT, adjointe \u00e0 la cheffe du service patrimoine, paysage et droit des sols  ; \n\u2022 Mme Natacha CARRIER-SCHRUMPF, cheffe du service utilit\u00e9 publique et \u00e9quilibres territoriaux ; \nDirection r\u00e9gionale et interd\u00e9partementale de l'environnement, de l'am\u00e9nagement et des transports d'\u00cele-de-France -\nIDF-2025-10-24-00012 - D\u00e9cision du 24 octobre 2025 portant subd\u00e9l\u00e9gation de signature en mati\u00e8re d'ordonnancement secondaire et\nde commande publique pour le compte du pr\u00e9fet de la r\u00e9gion d'\u00cele-de-France\n50\n \n  35 \n\u2022 M. Franck FUERTES, adjoint \u00e0 la cheffe du service utilit\u00e9 publique et \u00e9quilibres territoriaux. \n \n3. Subd\u00e9l\u00e9gation de signature est donn\u00e9e \u00e0 l'effet de signer, dans les conditions fix\u00e9es dans les arr\u00eat\u00e9s \nsusvis\u00e9s et dans le cadre de ses attributions, toute pi\u00e8ce relative \u00e0 l'exercice de la comp\u00e9tence \nd'ordonnateur secondaire d\u00e9l\u00e9gu\u00e9, tant pour les d\u00e9pens es que pour les recettes, \u00e0  Mme Karine \nDUCREUX, cheffe de la mission d'appui au pilotage local. \n \nParagraphe 2 \u2013 Passation et ex\u00e9cution des march\u00e9s publics et accords-cadres \n \nSubd\u00e9l\u00e9gation de signature est consentie, dans la limite de leurs attributions et des montants indiqu\u00e9s \nci-dessous, aux personnes suivantes  pour signer toute pi \u00e8ce relative \u00e0 la passation et l 'ex\u00e9cution des \nmarch\u00e9s publics et des accords-cadres : \n \n \n \nNOM ET FONCTION \nSuppl\u00e9ant en cas \nd'absence ou \nd'emp\u00eachement \nPassation et ex\u00e9cution de march\u00e9s et \naccords-cadres en montant HT \nmaximum \nJean-Pascal BIARD, directeur \nde l'unit\u00e9 d\u00e9partementale \nde Paris \nKarine DUCREUX, cheffe \nde la mission d'appui au \npilotage local \nTravaux, fournitures, \n\u00e9tudes et services \n \n143 000 \u20ac \n \nARTICLE 15-2 \u2013 UNIT\u00c9 D\u00c9PARTEMENTALE DES HAUTS-DE-SEINE \n \nParagraphe 1 \u2013 Ordonnancement secondaire \n \n1. La subd\u00e9l\u00e9gation de signature du pr\u00e9sent paragraphe porte sur : \na. Les programmes du minist\u00e8re de la transition \u00e9cologique et de la coh\u00e9sion des territoires et du \nminist\u00e8re de la transition \u00e9nerg\u00e9tique : \n\u27a2 \u00ab Urbanisme, territoires et am\u00e9lioration de l'habitat \u00bb (n\u00b0 135) ; \n\u27a2 \u00ab Conduite et pilotage des politiques de l '\u00e9cologie, du d \u00e9veloppement et de la mobilit \u00e9 durables \u00bb \n(n\u00b0 217) ; \n\u27a2 \u00ab \u00c9cologie \u00bb (n\u00b0 362).  \n \nb. Les programmes du minist\u00e8re de l'int\u00e9rieur \u00ab S\u00e9curit\u00e9 et \u00e9ducation routi \u00e8res \u00bb (n\u00b0 207) et \n\u00ab Administration territoriale de l'\u00c9tat \u00bb (n\u00b0 354) ; \n \nc. Le programme du minist\u00e8re de l'\u00e9conomie, des finances et de la souverainet\u00e9 industrielle et \nnum\u00e9rique : \u00ab Op\u00e9rations immobili\u00e8res et entretiens des b\u00e2timents de l'\u00c9tat \u00bb (n\u00b0 723). \n \nPour les programmes n\u00b0  354, n\u00b0 362 (volet immobilier public) et n\u00b0  723, toute d\u00e9pense sup\u00e9rieure \u00e0 \n400 000 \u20ac HT devra faire l'objet d'un visa pr\u00e9alable du pr\u00e9fet de la r\u00e9gion \u00cele -de-France, en application \nde l'article 3 de l'arr\u00eat\u00e9 de d\u00e9l\u00e9gation de signature en mati\u00e8re d'ordonnancement secondaire susvis\u00e9. \n \n2. Subd\u00e9l\u00e9gation de signature est donn\u00e9e \u00e0 l'effet de signer, dans les conditions fix\u00e9es dans les arr\u00eat\u00e9s \nsusvis\u00e9s et dans le cadre de leurs attributions et comp\u00e9tences, toute pi\u00e8ce relative \u00e0 l'exercice de la \ncomp\u00e9tence d'ordonnateur secondaire d\u00e9l\u00e9gu\u00e9, tant pour les d\u00e9penses que pour les recettes, aux agents \nci-apr\u00e8s d\u00e9sign\u00e9s : \n \n\u2022 M. Alain TUFFERY, directeur r\u00e9gional et interd\u00e9partemental adjoint de l'environnement, de \nl'am\u00e9nagement et des transports de la r\u00e9 gion \u00cele-de-France, directeur de l'unit\u00e9 d\u00e9partementale des \nHauts-de-Seine ; \nDirection r\u00e9gionale et interd\u00e9partementale de l'environnement, de l'am\u00e9nagement et des transports d'\u00cele-de-France -\nIDF-2025-10-24-00012 - D\u00e9cision du 24 octobre 2025 portant subd\u00e9l\u00e9gation de signature en mati\u00e8re d'ordonnancement secondaire et\nde commande publique pour le compte du pr\u00e9fet de la r\u00e9gion d'\u00cele-de-France\n51\n \n  36 \n\u2022 M. Fabrice MORONVAL, directeur-adjoint de l'unit\u00e9 d\u00e9partementale des Hauts-de-Seine ; \n\u2022 Mme Sybille MULLER, directrice-adjointe de l'unit\u00e9 d\u00e9partementale des Hauts-de-Seine ; \n\u2022 Mme Karine BOSTON, cheffe du p\u00f4le d'appui au pilotage local ; \n\u2022 M. Rodolphe VAN VLAENDEREN, chef du service urbanisme et construction durables et son adjointe, \nMme Sophie TCHENG ; \n\u2022 Mme Louise DEVRIES, cheffe du service planification et am\u00e9nagement des territoires  ; \n\u2022 Mme Lola MAGAZ, adjointe \u00e0 la cheffe du service planification et am\u00e9nagement des territoires.  \n\u2022 Mme Claire ROSEV\u00c8GUE, cheffe du service risques et installations class\u00e9es et son adjoint, M. Olivier \nPAS ; \n\u2022 Mme Smiljana SEKULIC-GELEBART, cheffe du service \u00e9ducation et s\u00e9curit\u00e9 routi\u00e8re. \n \nParagraphe 2 \u2013 Passation et ex\u00e9cution des march\u00e9s publics et accords-cadres \n \nSubd\u00e9l\u00e9gation de signature est consentie, dans la limite de leurs attri butions et des montants indiqu\u00e9s \nci-dessous, aux personnes suivantes pour signer toute pi\u00e8ce relative \u00e0 la passation et l'ex\u00e9cution des \nmarch\u00e9s publics et des accords-cadres : \n \nNOM ET FONCTION Suppl\u00e9ant en cas \nd'absence ou \nd'emp\u00eachement \nPassation et ex\u00e9cution de \nmarch\u00e9s et accords-cadres en \nmontant HT maximum \nAlain TUFFERY, directeur de l'unit\u00e9 \nd\u00e9partementale des Hauts-de-Seine \n \nFabrice MORONVAL, directeur-adjoint de \nl'unit\u00e9 d\u00e9partementale des Hauts-de-\nSeine ; \n \nSybille MULLER, directrice-adjointe de \nl'unit\u00e9 d\u00e9partementale des Hauts-de-Seine \nKarine BOSTON, cheffe \ndu p\u00f4le d'appui au \npilotage local \nTravaux \nfournitures, \n\u00e9tudes et services \n \n143 000 \u20ac \n \nARTICLE 15-3 \u2013 UNIT\u00c9 D\u00c9PARTEMENTALE DE LA SEINE-SAINT-DENIS \n \nParagraphe 1 \u2013 Ordonnancement secondaire \n \n1. La subd\u00e9l\u00e9gation de signature du pr\u00e9sent paragraphe porte sur : \na. \u2013 Les programmes du minist\u00e8re de la transition \u00e9cologique et de la coh\u00e9sion des territoires et du \nminist\u00e8re de la transition \u00e9nerg\u00e9tique : \n\u27a2 \u00ab Urbanisme, territoires et am\u00e9lioration de l'habitat \u00bb (n\u00b0 135) ; \n\u27a2 \u00ab Conduite et pilotage des politiques de l'\u00e9cologie, du d\u00e9veloppement et de la mobilit\u00e9 durables  \u00bb \n(n\u00b0 217) ; \n\u27a2 \u00ab \u00c9cologie \u00bb (n\u00b0 362). \n  \nb. \u2013 Les programmes du minist\u00e8re de l'int\u00e9rieur  : \u00ab S\u00e9curit\u00e9 et \u00e9ducation routi \u00e8res \u00bb (n\u00b0 207) et \n\u00ab Administration territoriale de l'\u00c9tat \u00bb (n\u00b0 354) ; \n \nc. \u2013 Le programme du minist\u00e8re de l'\u00e9conomie, des finances et de la souverainet\u00e9 industrielle et \nnum\u00e9rique : \u00ab Op\u00e9rations immobili\u00e8res et entretiens des b\u00e2timents de l'\u00c9tat \u00bb (n\u00b0 723). \n \nPour les programmes n\u00b0  354, n\u00b0 362 (volet immobilier public) et n\u00b0  723, toute d\u00e9pense sup\u00e9rieure \u00e0 \n400 000 \u20ac HT devra faire l'objet d'un visa pr\u00e9alable du pr\u00e9fet de la r\u00e9gion \u00cele -de-France, en application \nde l'article 3 de l'arr\u00eat\u00e9 de d\u00e9l\u00e9gation de signature en mati\u00e8re d'ordonnancement secondaire susvis\u00e9. \nDirection r\u00e9gionale et interd\u00e9partementale de l'environnement, de l'am\u00e9nagement et des transports d'\u00cele-de-France -\nIDF-2025-10-24-00012 - D\u00e9cision du 24 octobre 2025 portant subd\u00e9l\u00e9gation de signature en mati\u00e8re d'ordonnancement secondaire et\nde commande publique pour le compte du pr\u00e9fet de la r\u00e9gion d'\u00cele-de-France\n52\n \n  37 \n \n2. Subd\u00e9l\u00e9gation de signature est donn\u00e9e \u00e0 l'effet de si gner dans les conditions fix\u00e9es dans les arr\u00eat\u00e9s \nsusvis\u00e9s, dans le cadre de leurs attributions et comp\u00e9tences, toute pi\u00e8ce relative \u00e0 l'exercice de la \ncomp\u00e9tence d'ordonnateur secondaire d\u00e9l\u00e9gu\u00e9, tant pour les d\u00e9penses que pour les recettes, aux agents \nci-apr\u00e8s d\u00e9sign\u00e9s : \n \n\u2022 M. Laurent CONDOMINES, directeur r\u00e9gional et interd\u00e9partemental adjoint de l'environnement, de \nl'am\u00e9nagement et des transports d'\u00cele -de-France, directeur de l'unit\u00e9 d\u00e9partementale de la Seine -\nSaint-Denis ; \n\u2022 Mme Ghislaine BORDES , directrice adjointe de l'unit\u00e9 d\u00e9partementale de la Seine-Saint-Denis \u00e0 \ncompter du 8 septembre 2025 ; \n\u2022 Mme Sylvie CHATY, directrice adjointe de l'unit\u00e9 d\u00e9partementale de la Seine -Saint-Denis ; \n\u2022 Mme Florence MONFORT, responsable du service urbanisme r\u00e9glementaire et b\u00e2timent, et son \nadjointe Mme C\u00e9line BARON ; \n\u2022 Mme Mathilde HONORAT, responsable du service planification et am\u00e9nagement des territoires, et \nson adjointe Mme Marie JUILLE, ; \n\u2022 M. Didier BEAURAIN, chef du service \u00e9ducation et s\u00e9curit\u00e9 routi\u00e8res ; \n\u2022 M. St\u00e9phane MUNCH, adjoint au chef du service \u00e9ducation et s\u00e9curit\u00e9 routi\u00e8res  ; \n \nParagraphe 2 \u2013 Passation et ex\u00e9cution des march\u00e9s publics et accords-cadres \n \nSubd\u00e9l\u00e9gation de signature est consentie, dans la limite de leurs attributions et des montants indiqu\u00e9s \nci-dessous, aux personnes suivantes  pour signer toute pi \u00e8ce relative \u00e0 la passation et l'ex \u00e9cution des \nmarch\u00e9s publics et des accords-cadres : \n \n NOM ET FONCTION Suppl\u00e9ant en cas d'absence ou \nd'emp\u00eachement \nPassation et ex\u00e9cution de march\u00e9s et \naccords-cadres, en montant HT maximum \nLaurent \nCONDOMINES, \ndirecteur de l'unit\u00e9 \nd\u00e9partementale 93 \nGhislaine BORDES, directrice \nadjointe ; \nSylvie CHATY, directrice \nadjointe ; \n \nDidier BEAURAIN, chef du \nservice \u00e9ducation et s\u00e9curit\u00e9 \nrouti\u00e8res  \nTravaux, fournitures, \u00e9tudes et \nservices \n143 000 \u20ac \n \nARTICLE 15-4 \u2013 UNIT\u00c9 D\u00c9PARTEMENTALE DU VAL-DE-MARNE \n \nParagraphe 1 \u2013 Ordonnancement secondaire \n \n1. La subd\u00e9l\u00e9gation de signature du pr\u00e9sent paragraphe porte sur : \n \na. Les programmes du minist\u00e8re de la transition \u00e9cologique et de la coh\u00e9sion des territoires et du \nminist\u00e8re de la transition \u00e9nerg\u00e9tique : \n\u27a2 \u00ab Paysages, eau et biodiversit\u00e9 \u00bb (n\u00b0 113) ; \n\u27a2 \u00ab Urbanisme, territoires et am\u00e9lioration de l'habitat \u00bb (n\u00b0 135) ; \n\u27a2 \u00ab Conduite et pilotage des politiques de l '\u00e9cologie, du d \u00e9veloppement et de la mobilit \u00e9 durables \u00bb \n(n\u00b0 217) ; \n\u27a2 \u00ab \u00c9cologie \u00bb (n\u00b0 362). \n \nDirection r\u00e9gionale et interd\u00e9partementale de l'environnement, de l'am\u00e9nagement et des transports d'\u00cele-de-France -\nIDF-2025-10-24-00012 - D\u00e9cision du 24 octobre 2025 portant subd\u00e9l\u00e9gation de signature en mati\u00e8re d'ordonnancement secondaire et\nde commande publique pour le compte du pr\u00e9fet de la r\u00e9gion d'\u00cele-de-France\n53\n \n  38 \nb. Les programmes du minist\u00e8re de l'int\u00e9rieur  : \u00ab S\u00e9curit\u00e9 et \u00e9ducation routi \u00e8res \u00bb (n\u00b0 207) et \n\u00ab Administration territoriale de l'\u00c9tat \u00bb (n\u00b0 354) ; \n \nc. Le programme du minist\u00e8re de l'\u00e9conomie, des finances et de la souverainet\u00e9 industrielle et \nnum\u00e9rique : \u00ab Op\u00e9rations immobili\u00e8res et entretiens des b\u00e2timents de l'\u00c9tat \u00bb (n\u00b0 723). \n \nPour les programmes n\u00b0  354, n\u00b0 362 (volet immobilier public) et n\u00b0  723, toute d\u00e9pense sup\u00e9rieure \u00e0 \n400 000 \u20ac HT devra faire l'objet d'un visa pr\u00e9alable du pr\u00e9fet de la r\u00e9gion \u00cele-de-France, en application \nde l'article 3 de l'arr\u00eat\u00e9 de d\u00e9l\u00e9gation de signature en mati\u00e8re d'ordonnancement secondaire susvis\u00e9. \n \n2. Subd\u00e9l\u00e9gation de signature est donn\u00e9e \u00e0 l'effet de signer, dans les conditions fix\u00e9es dans les arr\u00eat\u00e9s \nsusvis\u00e9s et dans l e cadre de leurs attributions et comp\u00e9tences, toute pi\u00e8ce relative \u00e0 l'exercice de la \ncomp\u00e9tence d'ordonnateur secondaire d\u00e9l\u00e9gu\u00e9, tant pour les d\u00e9penses que pour les recettes, aux agents \nci-apr\u00e8s d\u00e9sign\u00e9s : \n \n\u2022 Mme Julie TISSOT, directrice r\u00e9gionale et inter d\u00e9partementale adjointe de l'environnement, de \nl'am\u00e9nagement et des transports d'\u00cele -de-France, directrice de l'unit\u00e9 d\u00e9partementale du Val -de-\nMarne ; \n\u2022 Mme Sarah BERNHARD, directrice-adjointe de l'unit\u00e9 d\u00e9partementale du Val-de-Marne ; \n\u2022 Mme Fiona TCHANAKIAN, directrice-adjointe de l'unit\u00e9 d\u00e9partementale du Val-de-Marne ; \n\u2022 Mme G\u00e9raldine SANAUR, cheffe du service planification et am\u00e9nagement des territoires  ; \n\u2022 M. Olivier COMPAGNET, adjoint \u00e0 la cheffe du service planification et am\u00e9nagement des territoires ; \n\u2022 Mme Flora DELHOMME, adjointe \u00e0 la cheffe du service planification et am\u00e9nagement du territoire  ; \n\u2022 M. Didier CATTENOZ, chef du service urbanisme et construction durables ;  \n\u2022 Mme Marie PRESANI, adjointe au chef du service urbanisme et construction durable ;  \n\u2022 M. Fran\u00e7ois BOLLENGIER, chef du service \u00e9ducation et s\u00e9curit\u00e9 routi\u00e8re ; \n\u2022 Mme Sa\u00efba KUMAR, adjointe au chef du service \u00e9ducation et s\u00e9curit\u00e9 routi\u00e8re  ; \n \nParagraphe 2 \u2013 Passation et ex\u00e9cution des march\u00e9s publics et accords-cadres \n \nSubd\u00e9l\u00e9gation de signature est consentie, dans la limite de leurs attributions et des montants indiqu\u00e9s \nci-dessous, aux personnes suivantes  pour signer toute pi \u00e8ce relative \u00e0 la passation et l 'ex\u00e9cution des \nmarch\u00e9s publics et des accords-cadres : \n \nNOM ET FONCTION Suppl\u00e9ant en cas d'absence ou \nd'emp\u00eachement \nPassation et ex\u00e9cution de march\u00e9s et \naccords-cadres en montant HT maximum \nJulie TISSOT, \ndirectrice de l'unit\u00e9 \nd\u00e9partementale du \nVal-de-Marne \nSarah BERNHARD, directrice-\nadjointe de l'unit\u00e9 \nd\u00e9partementale du Val-de-\nMarne \n \nFiona TCHANAKIAN, \ndirectrice-adjointe de l'unit\u00e9 \nd\u00e9partementale du Val-de-\nMarne \n \nTravaux, fournitures, \n\u00e9tudes et services \n \n143 000 \u20ac \nFran\u00e7ois BOLLENGIER, \nresponsable du \nservice \u00e9ducation et \ns\u00e9curit\u00e9 routi\u00e8res \n Travaux, fournitures, \n\u00e9tudes et services \n143 000 \u20ac \n \nDirection r\u00e9gionale et interd\u00e9partementale de l'environnement, de l'am\u00e9nagement et des transports d'\u00cele-de-France -\nIDF-2025-10-24-00012 - D\u00e9cision du 24 octobre 2025 portant subd\u00e9l\u00e9gation de signature en mati\u00e8re d'ordonnancement secondaire et\nde commande publique pour le compte du pr\u00e9fet de la r\u00e9gion d'\u00cele-de-France\n54\n \n  39 \nARTICLE 15-5 \u2013 UNIT\u00c9S D\u00c9PARTEMENTALES DE SEINE-ET-MARNE,  \nDES YVELINES, DE L'ESSONNE ET DU VAL-D'OISE \n \nParagraphe \u2013 Ordonnancement secondaire \n \n1. La subd\u00e9l\u00e9gation de signature du pr\u00e9sent paragraphe porte sur  le programme du minist\u00e8re de \nl'int\u00e9rieur \u00ab Administration territoriale de l'\u00c9tat \u00bb (n\u00b0 354) ; \n \nPour ce programme n\u00b0  354, toute d\u00e9pense sup\u00e9rieure \u00e0 400  000 \u20ac HT devra faire l'objet d'un visa \npr\u00e9alable du pr\u00e9fet de la r\u00e9gion \u00cele -de-France, en application de l'article 3 de l'arr\u00eat\u00e9 de d\u00e9l\u00e9gation de \nsignature en mati\u00e8re d'ordonnancement secondaire susvis\u00e9. \n \n2. Subd\u00e9l\u00e9gation de signature est donn\u00e9e \u00e0 l'effet de si gner, dans les conditions fix\u00e9es dans les arr\u00eat\u00e9s \nsusvis\u00e9s et dans le cadre de leurs attributions et comp\u00e9tences, toute pi\u00e8ce relative \u00e0 l'exercice de la \ncomp\u00e9tence d'ordonnateur secondaire d\u00e9l\u00e9gu\u00e9, tant pour les d\u00e9penses que pour les recettes, aux agents \nci-apr\u00e8s d\u00e9sign\u00e9s : \n \n\u2022 Mme Agn\u00e8s COURET, cheffe de l'unit\u00e9 d\u00e9partementale de Seine et Marne, et ses adjoints, Mme \nCl\u00e9mence JAHANGIR et M. David LEROUGE ; \n\u2022 Mme Delphine DUBOIS, cheffe de l'unit\u00e9 d\u00e9partementale des Yvelines, et son adjointe Mme Marielle \nMUGUERRA ; \n\u2022 M. Patrick POIRET, chef de l'unit\u00e9 d\u00e9partementale de l'Essonne, et son adjointe Mme Sophie PIERRET ; \n\u2022 M. Mathieu FERNANDEZ, r\u00e9f\u00e9rent d\u00e9partemental risques technologiques  ; \n\u2022 M. Alexis RAFA, chef de l'unit\u00e9 d\u00e9partementale du Val-d'Oise, et son adjoint M. Thomas BLATON. \n \nARTICLE 16 \u2013 SERVICE DU NUM\u00c9RIQUE \n \nParagraphe 1 \u2013 Ordonnancement secondaire \n \n1. La subd\u00e9l\u00e9gation de signature du pr\u00e9sent paragraphe porte sur : \na. Le programme du minist\u00e8re de la transition \u00e9cologique et de la coh\u00e9sion des territoires et du minist\u00e8re \nde la transition \u00e9nerg\u00e9tique  : \u00ab Conduite et pilotage des politiques de l '\u00e9cologie, du d\u00e9veloppement et \nde la mobilit\u00e9 durables \u00bb (n\u00b0 217). \n \nb. Le programme du minist\u00e8re de l'int\u00e9rieur : \u00ab Administration territoriale de l'\u00c9tat \u00bb (n\u00b0 354). \n \n2. Subd\u00e9l\u00e9gation de signature est donn\u00e9e, dans le cadre de leurs attributions et comp\u00e9tences \u00e0 l'effet \nde signer dans les conditions fix\u00e9es dans les arr\u00eat\u00e9s susvis\u00e9s, toute pi\u00e8ce rela tive \u00e0 l'exercice de la \ncomp\u00e9tence d'ordonnateur secondaire d\u00e9l\u00e9gu\u00e9, tant pour les d\u00e9penses que pour les recettes \u00e0 : \n\u2022 Mme Nathalie TINGRY, cheffe du service du num\u00e9rique ; \n\u2022 M. Ga\u00ebl BINTEIN, adjoint \u00e0 la cheffe du service du num\u00e9rique ; \n\u2022 Mme Emmanuelle AIRAUD, cheffe du d\u00e9partement environnement num\u00e9rique de travail  ; \n\u2022 M. Jean-Marc VADO, chef du d\u00e9partement infrastructures, syst\u00e8mes d'information et s\u00e9curit\u00e9.  \n \nParagraphe 2 \u2013 Passation et ex\u00e9cution des march\u00e9s publics et accords-cadres \n \nSubd\u00e9l\u00e9gation de signature est consentie, dans la limite de leurs attributions et des montants indiqu\u00e9s \nci-dessous, aux personnes suivantes pour signer toutes pi\u00e8ces relatives \u00e0 la passation et l'ex\u00e9cution des \nmarch\u00e9s publics et des accords-cadres : \n \nDirection r\u00e9gionale et interd\u00e9partementale de l'environnement, de l'am\u00e9nagement et des transports d'\u00cele-de-France -\nIDF-2025-10-24-00012 - D\u00e9cision du 24 octobre 2025 portant subd\u00e9l\u00e9gation de signature en mati\u00e8re d'ordonnancement secondaire et\nde commande publique pour le compte du pr\u00e9fet de la r\u00e9gion d'\u00cele-de-France\n55\n \n  40 \nNOM ET FONCTION Suppl\u00e9ant en cas d'absence ou \nd'emp\u00eachement \nPassation et ex\u00e9cution de march\u00e9s et \naccords-cadres en montant HT \nNathalie TINGRY, cheffe \ndu service du num\u00e9rique  \n \nGa\u00ebl BINTEIN, adjoint \u00e0 \nla cheffe de service \n \nEmmanuelle AIRAUD, cheffe du \nd\u00e9partement environnement \nnum\u00e9rique de travail ; \nJean-Marc VADO, chef du \nd\u00e9partement infrastructures, \nsyst\u00e8mes d'information et s\u00e9curit\u00e9 ; \nFr\u00e9d\u00e9ric LLABRES, chef de l'unit\u00e9 \nsyst\u00e8mes et r\u00e9seau. \n \nFournitures, \u00e9tudes \net services \n \n90 000 \u20ac \n \nARTICLE 17 - MISSION D'INSPECTION G\u00c9N\u00c9RALE TERRITORIALE DE PARIS \n \n1. Subd\u00e9l\u00e9gation de signature est donn\u00e9e, dans le cadre de leurs attributions et comp\u00e9tences, pour les \nactes et pi\u00e8ces relatifs \u00e0 la passation et l'ex\u00e9cution des march\u00e9s et accords -cadres de fournitures et de \nservices dont les montants sont inf\u00e9rieurs \u00e0 90 000 \u20ac HT, aux agents ci-apr\u00e8s d\u00e9sign\u00e9s : \n\u2022 Mme Corinne ETAIX, coordonnatrice de la MIGT de Paris ; \n\u2022 Mme Farida BABA-MABROUKI, secr\u00e9taire g\u00e9n\u00e9rale. \n \n2. Subd\u00e9l\u00e9gation de signature est en outre donn\u00e9e, dans le cadre de leurs attributions et comp\u00e9tences, \npour constater le service fait et les ordres de payer relatifs aux d\u00e9penses \u00e0  Mme Marie-Chantal JEAN-\nLOUIS. \n \n3. Pour l'utilisation de l'application de gestion de frais de d\u00e9placements, concernant les personnels de la \nMIGT, subd\u00e9l\u00e9gation est donn\u00e9e aux agents ci-apr\u00e8s : \n\u2022 Mme Farida BABA -MABROUKI, pour valider les ordres de mission, les engagements de cr\u00e9dits et les \npi\u00e8ces de mandatement correspondantes ; \n\u2022 Mme Sophie NICOLAS-NELSON, assistante de la coordonnatrice, pour valider les ordres de mission. \n \n  \nDirection r\u00e9gionale et interd\u00e9partementale de l'environnement, de l'am\u00e9nagement et des transports d'\u00cele-de-France -\nIDF-2025-10-24-00012 - D\u00e9cision du 24 octobre 2025 portant subd\u00e9l\u00e9gation de signature en mati\u00e8re d'ordonnancement secondaire et\nde commande publique pour le compte du pr\u00e9fet de la r\u00e9gion d'\u00cele-de-France\n56\n \n  41 \nARTICLE 18 \u2013 DISPOSITIONS DIVERSES ET FINALES \n \n1. Les subd\u00e9l\u00e9gataires  en mati\u00e8re d'ordonnancement secondaire peuvent autoriser, par d\u00e9cision \nformalis\u00e9e, leurs collaborateurs \u00e0 attester le service fait conforme \u00e0 la commande. \n \n2. Demeurent soumis \u00e0 la signature du pr\u00e9fet de la r\u00e9gion d'\u00cele-de-France : \n\u2013 les ordres de r\u00e9quisition du comptable public ; \n\u2013 les d\u00e9cisions de passer outre \u00e0 l'avis d\u00e9favorable du contr\u00f4leur budg\u00e9taire r\u00e9gional ; \n\u2013 les conventions financi\u00e8res avec les collectivit\u00e9s territoriales et leurs \u00e9tablissements publics ; \n\u2013 les conventions attribuant des subventions de 300.000 euros et plus ; \n\u2013 les contrats de bail. \n \n3. La d\u00e9cision du 28 ao\u00fbt 2025 portant subd\u00e9l\u00e9gation de signature en mati\u00e8re d'ordonnancement \nsecondaire et de commande publique pour le compte du pr\u00e9fet de la r\u00e9gion d'\u00cele-de-France est abrog\u00e9e. \n \n4. L'adjoint \u00e0 la directrice r\u00e9gionale et interd\u00e9partementale de l'environnement, de l'am\u00e9nagement et \ndes transports d'\u00cele-de-France, charg\u00e9 du pilotage, est charg\u00e9 de l'ex\u00e9cution de la pr\u00e9sente d\u00e9cision qui \nsera publi\u00e9e au recueil des actes administratifs de la pr\u00e9fecture. \n \n\u00c0 Paris, le 24 octobre 2025 \n \nLa directrice r\u00e9gionale et interd\u00e9partementale  \nde l'environnement, de l'am\u00e9nagement  \net des transports d'\u00cele-de-France \n \n \nsign\u00e9 \n \n \nEmmanuelle GAY \nDirection r\u00e9gionale et interd\u00e9partementale de l'environnement, de l'am\u00e9nagement et des transports d'\u00cele-de-France -\nIDF-2025-10-24-00012 - D\u00e9cision du 24 octobre 2025 portant subd\u00e9l\u00e9gation de signature en mati\u00e8re d'ordonnancement secondaire et\nde commande publique pour le compte du pr\u00e9fet de la r\u00e9gion d'\u00cele-de-France\n57","date":"2025-10-27","first_seen_on":"2025-10-27T18:00:41+00:00","id":"d90d29bd5cb3a8da62cc0044a2eb323e904f424a80a248a9ccbc1730ae52a44d","name":"recueilDS-idf-059-2025-10-recueil-des-actes-administratifs-special du 27.10.2025","pdf_creation_date":"2025-10-27T16:08:04+00:00","pdf_modification_date":null,"timezone":"Europe/Paris","url":"https://www.prefectures-regions.gouv.fr/ile-de-france/irecontenu/telechargement/132144/969982/file/recueilDS-idf-059-2025-10-recueil-des-actes-administratifs-special%20du%2027.10.2025.pdf"}
