{"administration":"pref01","administration_name":"Pr\u00e9fecture de l\u2019Ain","content":"AIN\nRECUEIL DES ACTES\nADMINISTRATIFS SP\u00c9CIAL\nN\u00b001-2025-449\nPUBLI\u00c9 LE 31 D\u00c9CEMBRE 2025\nSommaire\n01_DDETS_Direction d\u00e9partementale de l'emploi, du travail et des\nsolidarit\u00e9s de l'Ain / Direction\n01-2025-12-30-00001 - Arr\u00eat\u00e9 portant autorisation de d\u00e9roger \u00e0 la\nr\u00e8gle du repos dominical - Soci\u00e9t\u00e9 LINDAB France \u00e0 Montluel (2\npages) Page 3\n01_Pref_Pr\u00e9fecture de l'Ain /\n01-2025-12-31-00002 - SIVALORarreteInterprefectoral202512RAA (3 pages) Page 6\n2\n01_DDETS_Direction d\u00e9partementale de\nl'emploi, du travail et des solidarit\u00e9s de l'Ain\n01-2025-12-30-00001\nArr\u00eat\u00e9 portant autorisation de d\u00e9roger \u00e0 la r\u00e8gle\ndu repos dominical - Soci\u00e9t\u00e9 LINDAB France \u00e0\nMontluel\n01_DDETS_Direction d\u00e9partementale de l'emploi, du travail et des solidarit\u00e9s de l'Ain - 01-2025-12-30-00001 - Arr\u00eat\u00e9 portant\nautorisation de d\u00e9roger \u00e0 la r\u00e8gle du repos dominical - Soci\u00e9t\u00e9 LINDAB France \u00e0 Montluel 3\nDDETS \u2013 Service d'appui \u00e0 la politique du travail (SAPT) \n34, avenue des Belges \u2013 CS 70417 \u2013 01012 Bourg-en-Bresse Cedex \n \n \n \n \n \n \n \n01_DDETS_Direction d\u00e9partementale de l'emploi, du travail et des solidarit\u00e9s de l'Ain - 01-2025-12-30-00001 - Arr\u00eat\u00e9 portant\nautorisation de d\u00e9roger \u00e0 la r\u00e8gle du repos dominical - Soci\u00e9t\u00e9 LINDAB France \u00e0 Montluel 4\nDDETS \u2013 Service d'appui \u00e0 la politique du travail (SAPT) \n34, avenue des Belges \u2013 CS 70417 \u2013 01012 Bourg-en-Bresse Cedex \n \n \n \n \n \n01_DDETS_Direction d\u00e9partementale de l'emploi, du travail et des solidarit\u00e9s de l'Ain - 01-2025-12-30-00001 - Arr\u00eat\u00e9 portant\nautorisation de d\u00e9roger \u00e0 la r\u00e8gle du repos dominical - Soci\u00e9t\u00e9 LINDAB France \u00e0 Montluel 5\n01_Pref_Pr\u00e9fecture de l'Ain\n01-2025-12-31-00002\nSIVALORarreteInterprefectoral202512RAA\n01_Pref_Pr\u00e9fecture de l'Ain - 01-2025-12-31-00002 - SIVALORarreteInterprefectoral202512RAA 6\nLe pr\u00e9fet de l'Ain La pr\u00e9f\u00e8te de la Haute-Savoie\nChevalier de la l\u00e9gion d'honneur\nChevalier de l'ordre national du m\u00e9rite\nArr\u00eat\u00e9 interpr\u00e9fectoral \nportant retrait de la communaut\u00e9 de communes Rumilly Terre de Savoie\nVu le code g\u00e9n\u00e9ral des collectivit\u00e9s territoriales et notamment ses articles L 5211-19 et\nL 5211-20 ;\nVu  l'arr\u00eat\u00e9  interpr\u00e9fectoral  du  19  juillet  2022  portant  retrait  de  la  communaut\u00e9  de\ncommunes des Quatres Rivi\u00e8res et modification des statuts du SIDEFAGE, notamment le\nchangement  de  d\u00e9nomination  du  syndicat  qui  prend  la  d\u00e9nomination  de  Syndicat\nIntercommunal de Valorisation (SIVALOR) ; \nVu  la  d\u00e9lib\u00e9ration  n\u00b0  2025_DEL_143.01  du  8  septembre  2025  par  laquelle  le  conseil\ncommunautaire de la communaut\u00e9 de communes Rumilly Terre de Savoie sollicite le\nretrait de sa communaut\u00e9 du SIVALOR et acte les conditions du retrait  ;\nVu  la  d\u00e9lib\u00e9ration  n\u00b0  2025_DEL_144.01  du  8  septembre  2025  par  laquelle  le  conseil\ncommunautaire de la communaut\u00e9 de communes Rumilly Terre de Savoie prend acte des\nconditions de retrait du SIVALOR  ;\nVu la d\u00e9lib\u00e9ration n\u00b025C17 du 19 septembre 2025 par laquelle le comit\u00e9 syndical du\nSIVALOR approuve les conditions financi\u00e8res du retrait de la Communaut\u00e9 de communes\nRumilly Terre de Savoie ;\nVu la d\u00e9lib\u00e9ration n\u00b025C17 du 23 septembre 2025 par laquelle le comit\u00e9 syndical du\nSIVALOR se prononce en faveur du retrait de la communaut\u00e9 de communes Rumilly Terre\nde Savoie ;\nVu  les  d\u00e9lib\u00e9rations  des  communaut\u00e9s  d'agglom\u00e9ration  et  des  communaut\u00e9s  de\ncommunes membres ; \nConsid\u00e9rant que les conditions requises par le code g\u00e9n\u00e9ral des collectivit\u00e9s territoriales\npour proc\u00e9der aux modifications envisag\u00e9es sont r\u00e9unies  ;\nSUR proposition de Monsieur le secr\u00e9taire g\u00e9n\u00e9ral de la pr\u00e9fecture de la Haute-Savoie et\nde Mme la secr\u00e9taire g\u00e9n\u00e9rale de la pr\u00e9fecture de l'Ain ;\nARR\u00caTENT\nArticle 1  er   \u2013  A compter du 1 er janvier 2026, le syndicat Intercommunal de Valorisation\n(SIVALOR) est constitu\u00e9 des membres suivants : \n- la Communaut\u00e9 d'Agglom\u00e9ration Annemasse \u2013 Les Voirons Agglom\u00e9ration (Communes\nd'Ambilly,  Annemasse,  Bonne,  Cranves-Sales,  Etrembi\u00e8res,  Gaillard,  Juvigny,  Lucinges,\nMachilly, Saint-Cergues, V\u00e9traz-Montoux et Ville-la-Grand) ;\n45, Avenue Alsace-Lorraine - Quartier Bourg Centre CS 80400 - 01012 BOURG-EN-BRESSE CEDEX\nT\u00e9l\u00e9phone : 04.74.32.30.00 Site internet : www.ain.gouv.fr - Facebook - Twitter : @Prefet01\n01_Pref_Pr\u00e9fecture de l'Ain - 01-2025-12-31-00002 - SIVALORarreteInterprefectoral202512RAA 7\n2\n-  la  Communaut\u00e9  d'Agglom\u00e9ration  Haut  Bugey  Agglom\u00e9ration,  hors  anciennes\nCommunaut\u00e9s de Communes des Monts Berthiand et du Plateau d'Hauteville (Communes\nd'Apremont,  Arbent,  B\u00e9ard-G\u00e9ovreissiat,  Belleydoux,  Bellignat,  Br\u00e9nod,  Brion,  Charix,\nChevillard,  Condamine,  Dortan,  Echallon,  G\u00e9ovreisset,  Groissiat,  Izenave,  Le  Poizat-\nLalleyriat, Lantenay, Les Neyrolles, Maillat, Martignat, Montr\u00e9al-La-Cluse, Nantua, Outriaz,\nOyonnax, Port, Saint-Martin-du-Frene et Vieu d'Izenave) ;\n- la  Communaut\u00e9 d'Agglom\u00e9ration  Pays  de Gex  Agglom\u00e9ration  (Communes  de Cessy,\nChallex, Chevry, Ch\u00e9zery-Forens, Collonges, Crozet, Divonne-les-Bains, Echenevex, Farges,\nFerney-Voltaire, Gex, Grilly, L\u00e9az, L\u00e9lex, Mijoux, Ornex, P\u00e9ron, Pr\u00e9vessin-Moens, Pougny,\nSaint-Genis-Pouilly, Saint-Jean-de-Gonville, Sauverny, S\u00e9gny, Sergy, Thoiry, Versonnex et\nVesancy) ;\n- la Communaut\u00e9 de Communes Arve et Sal\u00e8ve (Communes d'Arbusigny, Arthaz-Pont-\nNotre-Dame, La Muraz, Monnetier-Mornex, Nangy, Pers-Jussy, Reignier et Scientrier) ;\n- la Communaut\u00e9 de Communes du Genevois (Communes d'Archamps, Beaumont, Bossey,\nChenex,  Chevrier,  Collonges-sous-Sal\u00e8ve,  Dingy-en-Vuache,  Feig\u00e8res,  Jonzier-Epagny,\nNeydens, Pr\u00e9silly, Savigny, Saint-Julien-en-Genevois, Valleiry, Vers, Viry et Vulbens) ;\n- la Communaut\u00e9 de Communes Terre Valserh\u00f4ne (Communes de Billiat, Champfromier,\nChanay,  Confort,  Giron,  Injoux-G\u00e9nissiat,  Montanges,  Plagne,  Saint-Germain-de-Joux,\nSurjoux Lh\u00f4pital, Valserh\u00f4ne et Villes) ;\n- la Communaut\u00e9 de Communes du Pays Rochois (Communes d'Amancy, Arenthon, La\nChapelle  Rambaud,  Cornier,  Etaux,  La  Roche-sur-Foron,  Saint-Laurent,  Saint-Pierre-en-\nFaucigny et Saint-Sixt) ;\n-  la  Communaut\u00e9  de  Communes  Usses  et  Rh\u00f4ne  (Communes  de  Anglefort,  Bassy,\nChallonges,  Chaumont,  Chavannaz,  Chene-en-Semine,  Chessenaz,  Chilly,  Clarafond-\nArcine, Clermont, Contamine-Sarzin, Corbonod, Desingy, Droisy, Eloise, Franclens, Frangy,\nMarlioz, Menthonnex-sous Clermont, Minzier, Musi\u00e8ges, Saint-Germain-sur-Rh\u00f4ne, Seyssel\n(01), Seyssel (74), Usinens et Vanzy) ;\n-  la  Communaut\u00e9  de  Communes  de  la  Vall\u00e9e  Verte  (Communes  de  Bo\u00ebge,  Bog\u00e8ve,\nBurdignin, Hab\u00e8re-Lullin, Hab\u00e8re-Poche, Saint-Andr\u00e9-de-Bo\u00ebge, Saxel et Villard) ;\nArticle  2  -  Conform\u00e9ment  aux  articles  R  421-1  et  suivants  du  code  de  justice\nadministrative, le pr\u00e9sent arr\u00eat\u00e9 peut faire l'objet, dans le d\u00e9lai de deux mois \u00e0 compter\nde  sa  publication  au  recueil  des  actes  administratifs  de  la  pr\u00e9fecture  de  l'Ain,  d'un\nrecours gracieux adress\u00e9 en pr\u00e9fecture de l'Ain (direction des collectivit\u00e9s et de l'appui\nterritorial - b ureau de la l\u00e9galit\u00e9, de l'intercommunalit\u00e9 et de la d\u00e9mocratie locale  - 45,\navenue  Alsace  Lorraine  \u2013  CS  80400  -  01012  Bourg-en-Bresse  cedex)  ou  d'un  recours\ncontentieux  devant  le  tribunal  administratif  de  Lyon  par  voie  d\u00e9mat\u00e9rialis\u00e9e\n(www.citoyens.telerecours.fr). \nLe recours gracieux interrompt le d\u00e9lai du recours contentieux qui ne courra \u00e0 nouveau\nqu'\u00e0 compter de la notification d'une d\u00e9cision expresse ou de la d\u00e9cision implicite de\nrejet n\u00e9e, \u00e0 l'expiration d'un d\u00e9lai de deux mois, du silence gard\u00e9 sur ce recours gracieux.\n01_Pref_Pr\u00e9fecture de l'Ain - 01-2025-12-31-00002 - SIVALORarreteInterprefectoral202512RAA 8\n3\nArticle  3 -  Les  secr\u00e9taires  g\u00e9n\u00e9raux  des  pr\u00e9fectures  de  l'Ain  et  de  Haute-Savoie,  le\npr\u00e9sident  du  SIVALOR,  les  pr\u00e9sidents  des  communaut\u00e9s  d'agglom\u00e9ration  et  des\ncommunaut\u00e9s de communes membres et le pr\u00e9sident de la communaut\u00e9 de communes\nRumilly Terre de Savoie, sont charg\u00e9s, chacun pour ce qui le concerne, de l'ex\u00e9cution du\npr\u00e9sent  arr\u00eat\u00e9,  dont  mention  sera  ins\u00e9r\u00e9e  au  recueil  des  actes  administratifs  des\npr\u00e9fectures  de  l'Ain  et  de  Haute-Savoie  et  dont  copie  sera  adress\u00e9e  aux  directeurs\nd\u00e9partementaux des finances publiques.\nFait \u00e0 Bourg-en-Bresse, le 23 d\u00e9cembre 2025\nLe pr\u00e9fet de l'Ain\nsign\u00e9 : Louis-Xavier THIRODE\nFait \u00e0 Annecy, le 31 d\u00e9cembre 2025\nLa pr\u00e9f\u00e8te de la Haute-Savoie\nsign\u00e9 : Emmanuelle DUB\u00c9E         \n01_Pref_Pr\u00e9fecture de l'Ain - 01-2025-12-31-00002 - SIVALORarreteInterprefectoral202512RAA 9","date":"2025-12-31","first_seen_on":"2025-12-31T17:05:30+00:00","id":"d90fce09443204e405f0c7b2ac4b05a600ad7e40b00c4ef65ca4081935a45a21","name":"recueil-01-2025-449-recueil-des-actes-administratifs-special-31-12-2025","pdf_creation_date":"2025-12-31T16:13:11+00:00","pdf_modification_date":"2025-12-31T16:13:34+00:00","timezone":"Europe/Paris","url":"https://www.ain.gouv.fr/contenu/telechargement/34189/238582/file/recueil-01-2025-449-recueil-des-actes-administratifs-special-31-12-2025.pdf"}
