{"administration":"pref01","administration_name":"Pr\u00e9fecture de l\u2019Ain","content":"AIN\nRECUEIL DES ACTES\nADMINISTRATIFS SP\u00c9CIAL\n(NOMINATIFS)\nN\u00b001-2026-137\nPUBLI\u00c9 LE 23 AVRIL 2026\nSommaire\n01_Pref_Pr\u00e9fecture de l'Ain /\n01-2026-04-20-00004 - AP d\u00e9signant coordinateurs d\u00e9partementaux\nintermin avril 2026 (3 pages) Page 3\n2\n01_Pref_Pr\u00e9fecture de l'Ain\n01-2026-04-20-00004\nAP d\u00e9signant coordinateurs d\u00e9partementaux\nintermin avril 2026\n01_Pref_Pr\u00e9fecture de l'Ain - 01-2026-04-20-00004 - AP d\u00e9signant coordinateurs d\u00e9partementaux intermin avril 2026 3\n| |PREFETDE VAINLibert\u00e9Egalit\u00e9Fraternit\u00e9\nARR\u00caT\u00c9 PR\u00c9FECTORAL\nd\u00e9signant les coordinateurs d\u00e9partementaux d\u00e9penses interminist\u00e9rielles\nLE PR\u00c9FET DE L'AIN,\nVU la loi organique n\u00b0 2001-692 du 1er ao\u00fbt 2001 relative aux lois de finances ;\nVU la loi n\u00b0 2020-1721 du 29 d\u00e9cembre 2020 de finances pour 2021 ;\nVU  la  loi  n\u00b0  92-125  du  06  f\u00e9vrier  1992  relative  \u00e0  l'administration  territoriale  de  la\nR\u00e9publique ;\nVU la loi n\u00b0 82-213 du 2 mars 1982 relative aux droits et libert\u00e9s des communes, des\nd\u00e9partements et des r\u00e9gions ;\nVU le d\u00e9cret n\u00b0 2012-1246 du 7 novembre 2012 relatif \u00e0 la gestion budg\u00e9taire et comptable\npublique ;\nVU le d\u00e9cret n\u00b0 2004-374 du 29  avril 2004 relatif aux pouvoirs des pr\u00e9fets, \u00e0 l'organisation\net \u00e0 l'action des services de l'\u00c9tat dans les r\u00e9gions et d\u00e9partements ;\nVU le d\u00e9cret du 2 d\u00e9cembre 2025 portant nomination de M. Louis-Xavier THIRODE, en\nqualit\u00e9 de pr\u00e9fet de l'Ain ;\nVU le d\u00e9cret du 2 ao\u00fbt 2023 portant nomination de Madame Virginie GUERIN-ROBINET,\nsecr\u00e9taire g\u00e9n\u00e9rale de la pr\u00e9fecture de l'Ain, sous-pr\u00e9f\u00e8te de l'arrondissement de Bourg-en-\nBresse ;\nVU  l'arr\u00eat\u00e9  n\u00b0  U14761870227464  du  16  f\u00e9vrier  2021 portant  d\u00e9signation  de  Madame\nNathalie PICHET, conseill\u00e8re d'administration de l'int\u00e9rieur et de l'outre-mer, directrice du\nsecr\u00e9tariat  g\u00e9n\u00e9ral  commun  \u00e0  la  pr\u00e9fecture  et  aux  directions  d\u00e9partementales\ninterminist\u00e9rielles de l'Ain ;\nVU  l'arr\u00eat\u00e9 du 8  d\u00e9cembre 1993 portant r\u00e8glement de comptabilit\u00e9 pour la d\u00e9signation\ndes ordonnateurs secondaires et de leurs d\u00e9l\u00e9gu\u00e9s ;\nVU l'arr\u00eat\u00e9  pr\u00e9fectoral  du  21  octobre  2024  portant  modification  de  l'organisation  du\nsecr\u00e9tariat g\u00e9n\u00e9ral commun d\u00e9partemental de l'Ain ;\nVU l'arr\u00eat\u00e9  pr\u00e9fectoral  du  12  avril  2023  d\u00e9signant  les  coordinateurs  d\u00e9partementaux\nd\u00e9penses  interminist\u00e9rielles  et  portant  d\u00e9l\u00e9gation  de  signature  en  mati\u00e8re\nd'ordonnancement secondaire ;\n1\n01_Pref_Pr\u00e9fecture de l'Ain - 01-2026-04-20-00004 - AP d\u00e9signant coordinateurs d\u00e9partementaux intermin avril 2026 4\nCONSID\u00c9RANT les  seuils  de  d\u00e9l\u00e9gation  de  signature  des  directions  d\u00e9partementales\ninterminist\u00e9rielles en mati\u00e8re d'ordonnancement secondaire des d\u00e9penses ;\nSUR proposition  de  la  secr\u00e9taire  g\u00e9n\u00e9rale  de  la  pr\u00e9fecture  de  l'Ain,  sous-pr\u00e9f\u00e8te  de\nl'arrondissement de Bourg-en-Bresse ;\nARR\u00caTE\n \nArticle 1 : Madame Laura BRISSON, attach\u00e9e d'administration de l'\u00c9tat, cheffe du bureau\ninterminist\u00e9riel  du  budget,  des  finances  et  de  la  politique  immobili\u00e8re  au  sein  du\nsecr\u00e9tariat  g\u00e9n\u00e9ral  commun  d\u00e9partemental  de  l'Ain ,  est  d\u00e9sign\u00e9e  coordinatrice\nd\u00e9partementale d\u00e9penses interminist\u00e9rielles (r\u00f4le valideur pr\u00e9fet sur Chorus). \nArticle 2  : Monsieur Antoine SANTSCHI,  attach\u00e9 d'administration de l'\u00c9tat, adjoint \u00e0 la\ncheffe du bureau interminist\u00e9riel du budget, des finances et de la politique immobili\u00e8re au\nsein  du  secr\u00e9tariat  g\u00e9n\u00e9ral  commun  d\u00e9partemental  de  l'Ain,  est  d\u00e9sign\u00e9  coordinateur\nd\u00e9partemental suppl\u00e9ant d\u00e9penses interminist\u00e9rielles (r\u00f4le valideur pr\u00e9fet sur Chorus).  \nArticle 3  : D\u00e9l\u00e9gation de signature est donn\u00e9e \u00e0 Madame  Laura BRISSON,  coordinatrice\nd\u00e9partementale  d\u00e9penses  interminist\u00e9rielles,  pour  valider  les  engagements  juridiques\npropres au pr\u00e9fet du d\u00e9partement de l'Ain, dans le cadre de l'ex\u00e9cution des d\u00e9penses de\nl'\u00c9tat  dont  les  montants  d\u00e9passent  le  seuil  de  d\u00e9l\u00e9gation  de  signature  accord\u00e9  aux\nresponsables des directions d\u00e9partementales interminist\u00e9rielles de l'Ain.\nArticle 4 : En cas d'absence ou d'emp\u00eachement de Madame Laura BRISSON , la d\u00e9l\u00e9gation\nde signature qui lui est consentie dans les termes figurant \u00e0 l'article 3 du pr\u00e9sent arr\u00eat\u00e9 est\nexerc\u00e9e  par  Monsieur  Antoine  SANTSCHI,  coordinateur  d\u00e9partemental  suppl\u00e9ant\nd\u00e9penses interminist\u00e9rielles.  \nArti  cle     5   : En cas d'absence ou d'emp\u00eachement simultan\u00e9 de Madame Laura BRISSON et\nde  Monsieur  Antoine  SANTSCHI ,  cette  d\u00e9l\u00e9gation  est  donn\u00e9e  \u00e0  Madame  Aur\u00e9lie\nDOYONNAX, secr\u00e9taire administrative de classe sup\u00e9rieure, charg\u00e9e du suivi budg\u00e9taire,\net \u00e0 Monsieur Micka\u00ebl DOLHEN, secr\u00e9taire administratif de classe normale, responsable de\nla politique immobili\u00e8re au sein du bureau interminist\u00e9riel du budget, des finances et de la\npolitique immobili\u00e8re du secr\u00e9tariat g\u00e9n\u00e9ral commun d\u00e9partemental.\nArticle 6 : Toutes dispositions ant\u00e9rieures au pr\u00e9sent arr\u00eat\u00e9 sont abrog\u00e9es.\nArticle 7 : Le pr\u00e9sent arr\u00eat\u00e9 peut faire l'objet d'un recours devant le tribunal administratif\nde Lyon dans un d\u00e9lai de deux mois \u00e0 compter de sa publication, conform\u00e9ment \u00e0 l'article\nR.  421-1  du  Code  de  justice  administrative,  ou  de  mani\u00e8re  d\u00e9mat\u00e9rialis\u00e9e  via le  site\ncitoyens.telerecours.fr selon l'article R. 414-6 du Code de justice administrative.\n2\n01_Pref_Pr\u00e9fecture de l'Ain - 01-2026-04-20-00004 - AP d\u00e9signant coordinateurs d\u00e9partementaux intermin avril 2026 5\nArticle     8   : La secr\u00e9taire g\u00e9n\u00e9rale de la pr\u00e9fecture de l'Ain et  la directrice du secr\u00e9tariat\ng\u00e9n\u00e9ral commun d\u00e9partemental de l'Ain sont charg\u00e9es, chacune en ce qui la concerne, de\nl'ex\u00e9cution du pr\u00e9sent arr\u00eat\u00e9 qui sera notifi\u00e9 aux int\u00e9ress\u00e9(e)s. Une copie sera transmise \u00e0\nMadame la pr\u00e9f\u00e8te de la r\u00e9gion Auvergne Rh\u00f4ne-Alpes, au directeur r\u00e9gional des finances\npubliques d'Auvergne-Rh\u00f4ne-Alpes et \u00e0 Monsieur le directeur d\u00e9partemental des finances\npubliques de l'Ain. Le pr\u00e9sent arr\u00eat\u00e9 sera publi\u00e9 au recueil des actes administratifs de la\npr\u00e9fecture de l'Ain.\nBourg-en-Bresse, le 20 avril 2026\n                            Le pr\u00e9fet,\nSign\u00e9 : Louis-Xavier THIRODE\n3\n01_Pref_Pr\u00e9fecture de l'Ain - 01-2026-04-20-00004 - AP d\u00e9signant coordinateurs d\u00e9partementaux intermin avril 2026 6","date":"2026-04-23","first_seen_on":"2026-04-23T16:07:12+00:00","id":"d953ad66f8be7548a6b592b4263703063f5f947152413da05b1e06509f7e34f0","name":"recueil-01-2026-137-recueil-des-actes-administratifs-nominatifs N\u00b02 23-04-2026","pdf_creation_date":"2026-04-23T13:07:42+00:00","pdf_modification_date":null,"timezone":"Europe/Paris","url":"https://www.ain.gouv.fr/contenu/telechargement/35586/248382/file/recueil-01-2026-137-recueil-des-actes-administratifs-nominatifs%20N%C2%B02%2023-04-2026.pdf"}
