{"administration":"pref83","administration_name":"Pr\u00e9fecture du Var","content":"VAR\nRECUEIL DES ACTES\nADMINISTRATIFS SP\u00c9CIAL\n(NOMINATIFS)\nN\u00b083-2026-012\nPUBLI\u00c9 LE  9 JANVIER 2026\nSommaire\nDirection d\u00e9partementale des territoires et de la mer du Var / Service\nplanifications et prospective de la DDTM\n83-2026-01-06-00014 - 25-012-Avis-RAA (4 pages) Page 3\nPr\u00e9fecture du VAR / Direction de la citoyennet\u00e9 et de la l\u00e9galit\u00e9\n83-2026-01-07-00004 - ARR\u00caT\u00c9 PR\u00c9FECTORAL n\u00b0\nDCL/BERG/2026/0003 du 07 janvier 2026, portant renouvellement de\nl'habilitation de l'\u00e9tablissement situ\u00e9 173 boulevard Mar\u00e9chal\nLeclerc - 83000 TOULON, g\u00e9r\u00e9 par la SARL \u00ab\u00a0POMPES FUN\u00c8BRES\nLE PAPILLON\u00a0\u00bb (3 pages) Page 8\nSecr\u00e9tariat g\u00e9n\u00e9ral commun d\u00e9partemental / Direction du SGCD\n83-2026-01-08-00004 - Arr\u00eat\u00e9 n\u00b0SGC/2026 du 8 janvier 2026 portant\nsubd\u00e9l\u00e9gation de signature et d'ordonnancement secondaire aux\ncadres du secr\u00e9tariat g\u00e9n\u00e9ral commun d\u00e9partemental du Var (12\npages) Page 12\n2\nDirection d\u00e9partementale des territoires et de la\nmer du Var\n83-2026-01-06-00014\n25-012-Avis-RAA\nDirection d\u00e9partementale des territoires et de la mer du Var - 83-2026-01-06-00014 - 25-012-Avis-RAA 3\n=nPREFETDU VARLibert\u00e9Egalit\u00e9Fraternit\u00e9\nAVIS\nDossier 25-012\nLA COMMISSION D\u00c9PARTEMENTALE D'AM\u00c9NAGEMENT COMMERCIAL\nAux termes du proc\u00e8s-verbal des d\u00e9lib\u00e9rations, lors de sa s\u00e9ance du 16 d\u00e9cembre 2025, sous \nla pr\u00e9sidence de\u00a0M. Lucien\u00a0Giudicelli, secr\u00e9taire g\u00e9n\u00e9ral de la pr\u00e9fecture du Var.\nVu le code du commerce,\nVu le code de l'urbanisme,\nVu le code g\u00e9n\u00e9ral des collectivit\u00e9s territoriales,\nVu la  loi  n\u00b0  73-1193  du  27  d\u00e9cembre  1973  d'orientation  du  commerce  et  de  l'artisanat, \nmodifi\u00e9e par la loi n\u00b0 2008-776 du 4 ao\u00fbt 2008 de modernisation de l'\u00e9conomie,\nVu la loi n\u00b0 2000-1208 du 13 d\u00e9cembre 2000 r elative \u00e0 la solidarit\u00e9 et au renouvellement  \nurbain,\nVu la loi n\u00b0 2014-366 du 24 mars 2014 pour l'acc\u00e8s au logement et \u00e0 un urbanisme r\u00e9nov\u00e9,\nVu la loi n\u00b0 2014-626 du 18 juin 2014 relative \u00e0 l'artisanat, au commerce et aux tr\u00e8s petites  \nentreprises,\nVu la  loi  n\u00b0  2018-1021  du  23  novembre  2018  portant  \u00e9volution  du  logement,  de \nl'am\u00e9nagement et du num\u00e9rique,\nVu la loi n\u00b0 2021-1104 du 24 ao\u00fbt 2021 portant lutte contre le d\u00e9r\u00e8glement climatique et  \nrenforcement de la r\u00e9silience face \u00e0 ses effets,\nAdresse postale\u00a0: Pr\u00e9fecture \u2013 DDTM \u2013 SPP/PAU CS 31 209 - 83070 TOULON CEDEX\nAccueil du public\u00a0: 244 avenue de l'infanterie de marine \u00e0 Toulon face aux pompiers\nT\u00e9l\u00e9phone 04 94 46 83 83\nCourriel\u00a0: ddtm-cdac@var.gouv.fr\nwww.var.gouv.fr\n1/4\nSecr\u00e9tariat de la CDAC\nService planifications et prospective\nCourriel : ddtm-cdac@var.gouv.fr\nDirection d\u00e9partementale\ndes territoires et de la mer du Var\nDirection d\u00e9partementale des territoires et de la mer du Var - 83-2026-01-06-00014 - 25-012-Avis-RAA 4\nVu le d\u00e9cret n\u00b0 2019-331 du 17 avril 2019 relatif \u00e0 la composition et au fonctionnement des  \ncommissions d\u00e9partementales d'am\u00e9nagement commercial et aux demandes d'autorisation  \nd'exploitation commerciale,\nVu le d\u00e9cret n\u00b0 2022-1312 du 13 octobre 2022 relatif aux modalit\u00e9s d'octroi de l'autorisation  \nd'exploitation commerciale pour les projets qui engendrent une artificialisation des sols,\nVu le d\u00e9cret du Pr\u00e9sident de la R\u00e9publique du 15 mai 2025 portant nomination de Monsieur  \nSimon BABRE, pr\u00e9fet du Var,\nVu le  d\u00e9cret  du  Pr\u00e9sident  de  la  R\u00e9publique  du  29  octobre  2024  portant  nomination  du \nsecr\u00e9taire g\u00e9n\u00e9ral de la pr\u00e9fecture du Var, sous-prefet de Toulon, M. Lucien GIUDICELLI,\nVu  l'arr\u00eat\u00e9 pr\u00e9fectoral n\u00b0 2025/12/MCI du 2 juin 2025 portant d\u00e9l\u00e9gation de signature \u00e0 M.  \nLucien GIUDICELLI, secr\u00e9taire g\u00e9n\u00e9ral de la pr\u00e9fecture du Var, sous-pr\u00e9fet de l'arrondissement \nde Toulon,\nVu l'arr\u00eat\u00e9  pr\u00e9fectoral  du  18  d\u00e9cembre  2020  portant  constitution  de  la  commission \nd\u00e9partementale d'am\u00e9nagement commercial du d\u00e9partement du Var,\nVu l'arr\u00eat\u00e9 pr\u00e9fectoral n\u00b0 DDTM-SPP-PAU-2023-12 du 18 septembre 2023 portant modification \nde  la  composition  des  membres  de  la  commission  d\u00e9partementale  d'am\u00e9nagement \ncommercial du Var,\nVu la demande enregistr\u00e9e le 6 novembre 2025,  sous le n\u00b0 25-012, relative \u00e0 la d emande de \ncr\u00e9ation d'un ensemble commercial mixte d'une surface totale de vente de 2 657 m\u00b2, sur la  \ncommune de Roquebrune-sur-Argens, ZA des Garillans. \nLa  demande est pr\u00e9sent\u00e9e par  la SNC Le Rocher, repr\u00e9sent\u00e9e par son pr\u00e9sident, Monsieur  \nBorras. Le si\u00e8ge social de la SAS est situ\u00e9 109 rue de la Tuilerie, ZA des Garillans, 83520  \nRoquebrune-sur-Argens.\nVu le rapport de la direction d\u00e9partementale des territoires et de la mer,\nApr\u00e8s d\u00e9lib\u00e9ration des membres de la commission,\nConsid\u00e9rant qu'en mati\u00e8re d'am\u00e9nagement du territoire\u00a0:\n\u27a2 Le projet est compatible avec le Sch\u00e9ma de Coh\u00e9rence Territoriale Est\u00e9rel C\u00f4te d'Azur \nAgglom\u00e9ration ;  \n\u27a2 Il est situ\u00e9 en secteur UE3 du plan local d'urbanisme, secteur qui a vocation \u00e0 accueillir  \ndes activit\u00e9s commerciales et de restauration ;\nAdresse postale\u00a0: Pr\u00e9fecture \u2013 DDTM \u2013 SPP/PAU CS 31 209 - 83070 TOULON CEDEX\nAccueil du public\u00a0: 244 avenue de l'infanterie de marine \u00e0 Toulon face aux pompiers\nT\u00e9l\u00e9phone 04 94 46 83 83\nCourriel\u00a0: ddtm-cdac@var.gouv.fr\nwww.var.gouv.fr\n2/4\nDirection d\u00e9partementale des territoires et de la mer du Var - 83-2026-01-06-00014 - 25-012-Avis-RAA 5\n\u27a2 Il est situ\u00e9 \u00e0 moins de deux kilom\u00e8tres du centre-ville, dans un secteur bien desservi par \nles transports en commun\u00a0;\n\u27a2 L'avis du Conseil d\u00e9partemental du Var est favorable avec prescriptions\u00a0: la cr\u00e9ation de \nla contre-all\u00e9e de la RDN7 s\u00e9curisant l'acc\u00e8s au site rel\u00e8ve de la comp\u00e9tence des  \nb\u00e9n\u00e9ficiaires. L'am\u00e9nagement final de celle-ci et des accessoires (enrob\u00e9, bordures,  \ntrottoirs, espaces verts ou partag\u00e9s, d\u00e9placement des arbres si n\u00e9cessaire\u2026) seront pris \nen charge par les b\u00e9n\u00e9ficiaires du pr\u00e9sent avis.\nConsid\u00e9rant qu'au titre du d\u00e9veloppement durable\u00a0:\n\u27a2 Le projet pr\u00e9voit 3 bassins de r\u00e9tention sous les b\u00e2timents D, E et F\u00a0; \n\u27a2 6 790 m\u00b2 de panneaux photovolta\u00efques seront install\u00e9s en toiture\u00a0;\n\u27a2 Les espaces verts repr\u00e9senteront 4 031 m\u00b2 sur les 18 957 m\u00b2 de surface du foncier\u00a0; \n\u27a2 L'ensemble commercial mixte b\u00e9n\u00e9ficiera de 304 places de stationnement au total.\nConsid\u00e9rant qu'au titre de la protection des consommateurs\u00a0:\n\u27a2 Le projet permettra la cr\u00e9ation de 26 emplois en \u00e9quivalent temps plein, sans compter  \nles emplois indirects li\u00e9s \u00e0 la maintenance et \u00e0 l'entretien des locaux.\nConsid\u00e9rant qu'au titre de l'artificialisation\u00a0: \n\u27a2 Le projet r\u00e9pond aux crit\u00e8res d\u00e9rogatoires \u00e0 l'interdiction d'artificialiser pr\u00e9cis\u00e9s par le  \nd\u00e9cret n\u00b0 2022-1312 du 13 octobre 2022, en ce qu'il s'ins\u00e8re en continuit\u00e9 d'espaces  \nurbanis\u00e9s et r\u00e9pond aux besoins du territoire en venant \u00e9galement combler une dent  \ncreuse de la ZA des Garillans dont il vient compl\u00e9ter l'offre commerciale.\nLa commission d\u00e9partementale d'am\u00e9nagement commercial du Var \u00e9met un avis favorable  \nau projet de cr\u00e9ation d'un ensemble commercial mixte sur la commune de Roquebrune-sur-\nArgens,  sous  r\u00e9serve  du  strict  respect  des  prescriptions  \u00e9mises  dans  l'avis  du  Conseil \nd\u00e9partemental du 28 novembre 2025 concernant la cr\u00e9ation de la contre-all\u00e9e et de ses  \naccessoires sur la RDN7 .\nFait \u00e0 Toulon le 6 janvier 2026\nPour le pr\u00e9fet et par d\u00e9l\u00e9gation\nLe secr\u00e9taire g\u00e9n\u00e9ral\nSign\u00e9\nLucien GIUDICELLI\nAdresse postale\u00a0: Pr\u00e9fecture \u2013 DDTM \u2013 SPP/PAU CS 31 209 - 83070 TOULON CEDEX\nAccueil du public\u00a0: 244 avenue de l'infanterie de marine \u00e0 Toulon face aux pompiers\nT\u00e9l\u00e9phone 04 94 46 83 83\nCourriel\u00a0: ddtm-cdac@var.gouv.fr\nwww.var.gouv.fr\n3/4\nDirection d\u00e9partementale des territoires et de la mer du Var - 83-2026-01-06-00014 - 25-012-Avis-RAA 6\nOnt \u00e9mis un avis favorable avec prescriptions  au projet\u00a0:\n\u27a2 Monsieur Jean Cayron, maire de la commune de Roquebrune-sur-Argens, commune  \nd'implantation,\n\u27a2 Monsieur Didier Lemaitre, vice-pr\u00e9sident d'Est\u00e9rel C\u00f4te d'Azur Agglom\u00e9ration, \n\u27a2 Monsieur Jean-Claude F\u00e9lix en tant que repr\u00e9sentant des Maires du Var,\n\u27a2 Monsieur Christian Verbruge, de l'association UFC Que Choisir,\n\u27a2 Monsieur Christian Luyton, architecte-urbaniste,\n\u27a2 Monsieur Pierre-Ancelle Hansen pour l'association Asvane.\nLISTE DES DESTINATAIRES\u00a0:\n\u27a2 Monsieur le maire de la commune de Roquebrune-sur-Argens en qualit\u00e9 de maire de la  \ncommune d'implantation, ou son repr\u00e9sentant,\n\u27a2 Monsieur le pr\u00e9sident d'Est\u00e9rel C\u00f4te d'Azur Agglom\u00e9ration, ou son repr\u00e9sentant,\n\u27a2 Monsieur le pr\u00e9sident en charge du sch\u00e9ma de coh\u00e9rence territoriale Est\u00e9rel C\u00f4te  \nd'Azur Agglom\u00e9ration, ou son repr\u00e9sentant,\n\u27a2 Monsieur le pr\u00e9sident du conseil d\u00e9partemental du Var, ou son repr\u00e9sentant,\n\u27a2 Monsieur  le  pr\u00e9sident  du  conseil  r\u00e9gional  de  Provence-Alpes-C\u00f4te-d'Azur,  ou  son \nrepr\u00e9sentant,\n\u27a2 un membre repr\u00e9sentant les maires du Var,\n\u27a2 un membre repr\u00e9sentant les intercommunalit\u00e9s du Var,\n\u27a2 Messieurs  Patrick  Hauti\u00e8re  ou  Jean-Paul  Champion,  association  consommation \nlogement et cadre de vie, \n\u27a2 Madame Chantal Daniel ou monsieur Christian Verbruge, UFC que choisir, \n\u27a2 Messieurs Christian Luyton, soci\u00e9t\u00e9 fran\u00e7aise des urbanistes\n\u27a2 Madame  Annie  Combes  ou  Monsieur  Ancelle-Hansen,  association  varoise  pour  la \nsauvegarde de l'agriculture, de la nature et de l'environnement (AVSANE),\n\u27a2 Monsieur Filiot de la Ligue de protection pour les oiseaux.\nAdresse postale\u00a0: Pr\u00e9fecture \u2013 DDTM \u2013 SPP/PAU CS 31 209 - 83070 TOULON CEDEX\nAccueil du public\u00a0: 244 avenue de l'infanterie de marine \u00e0 Toulon face aux pompiers\nT\u00e9l\u00e9phone 04 94 46 83 83\nCourriel\u00a0: ddtm-cdac@var.gouv.fr\nwww.var.gouv.fr\n4/4\nDirection d\u00e9partementale des territoires et de la mer du Var - 83-2026-01-06-00014 - 25-012-Avis-RAA 7\nPr\u00e9fecture du VAR\n83-2026-01-07-00004\nARR\u00caT\u00c9 PR\u00c9FECTORAL n\u00b0 DCL/BERG/2026/0003\ndu 07 janvier 2026, portant renouvellement de\nl'habilitation de l'\u00e9tablissement situ\u00e9 173\nboulevard Mar\u00e9chal Leclerc - 83000 TOULON,\ng\u00e9r\u00e9 par la SARL \u00ab\u00a0POMPES FUN\u00c8BRES LE\nPAPILLON\u00a0\u00bb\nPr\u00e9fecture du VAR - 83-2026-01-07-00004 - ARR\u00caT\u00c9 PR\u00c9FECTORAL n\u00b0 DCL/BERG/2026/0003 du 07 janvier 2026, portant\nrenouvellement de l'habilitation de l'\u00e9tablissement situ\u00e9 173 boulevard Mar\u00e9chal Leclerc - 83000 TOULON, g\u00e9r\u00e9 par la SARL\n\u00ab\u00a0POMPES FUN\u00c8BRES LE PAPILLON\u00a0\u00bb\n8\n=mPREFETDU VARLibert\u00e9Egalit\u00e9Fraternit\u00e9\nDirection de la citoyennet\u00e9 et de la l\u00e9galit\u00e9\nBureau des \u00e9lections et de la r\u00e9glementation g\u00e9n\u00e9rale\nARR\u00caT\u00c9 PR\u00c9FECTORAL n\u00b0 DCL/BERG/2026/0003 du 07 janvier 2026\nportant renouvellement de l'habilitation de l'\u00e9tablissement\nsitu\u00e9 173 boulevard Mar\u00e9chal Leclerc \u2013 83000 TOULON\ng\u00e9r\u00e9 par la SARL \u00ab POMPES FUN\u00c8BRES LE PAPILLON \u00bb\nHabilitation N\u00b0 26-83-0197\nLe Pr\u00e9fet du Var,\nVu le code g\u00e9n\u00e9ral des collectivit\u00e9s territoriales \u00a0et notamment ses articles L2223-19, L2223-23 et \nsuivants\u00a0;\nVu la loi n\u00b0 2008-1350 du 19 d\u00e9cembre 2008 relative \u00e0 la l\u00e9gislation fun\u00e9raire\u00a0;\nVu le d\u00e9cret du Pr\u00e9sident de la R\u00e9publique du 15 mai 2025, portant nomination de Monsieur  \nSimon BABRE, pr\u00e9fet du Var\u00a0;\nVu l'arr\u00eat\u00e9 pr\u00e9fectoral n\u00b0 2025/12/MCI du 2 juin 2025 portant d\u00e9l\u00e9gation de signature \u00e0 Monsieur  \nLucien GIUDICELLI, secr\u00e9taire g\u00e9n\u00e9ral de la pr\u00e9fecture du Var, sous-pr\u00e9fet de l'arrondissement de  \nToulon\u00a0;\nVu  l'arr\u00eat\u00e9  pr\u00e9fectoral  n\u00b0  2025/53/MCI  du  15  juillet  2025  portant  d\u00e9l\u00e9gation  de  signature  \u00e0 \nMonsieur Thibaut DARGON, directeur de la citoyennet\u00e9 et de la l\u00e9galit\u00e9 de la pr\u00e9fecture du Var\u00a0;\nVu  l'arr\u00eat\u00e9  pr\u00e9fectoral  du  18  d\u00e9cembre  2019,  portant  renouvellement  d'habilitation  de \nl'\u00e9tablissement secondaire  \u00ab POMPES FUN\u00c8BRES LE PAPILLON  \u00bb sis  173 boulevard Mar\u00e9chal  \nLeclerc \u00e0 Toulon (83000) jusqu'au 10 janvier 2026 inclus\u00a0;\nVu  la  demande  du  03  d\u00e9cembre  2025,  re\u00e7ue  le  29  d\u00e9cembre  2025  de  renouvellement \nd'habilitation  de  l'\u00e9tablissement situ\u00e9  173  boulevard  Mar\u00e9chal  Leclerc  \u00e0  Toulon (83000), \nformul\u00e9e par Monsieur Gilles GARCIA, g\u00e9rant de la SARL \u00ab POMPES FUN\u00c8BRES LE PAPILLON \u00bb \ndont le si\u00e8ge est situ\u00e9 620 avenue Marcel Paul \u00e0 La Seyne-sur-Mer (83500)\u00a0;\nConsid\u00e9rant la compl\u00e9tude du dossier\u00a0;\nSur proposition du secr\u00e9taire g\u00e9n\u00e9ral de la pr\u00e9fecture\u00a0;\nARR\u00caTE\nArticle 1  : L'\u00e9tablissement situ\u00e9  173 boulevard Mar\u00e9chal Leclerc \u00e0 Toulon  (83000), g\u00e9r\u00e9 par la  \nSARL \u00ab POMPES FUN\u00c8BRES LE PAPILLON \u00bb dont le si\u00e8ge est situ\u00e9 620 avenue Marcel Paul \u00e0 La \nSeyne-sur-Mer  (83500),  repr\u00e9sent\u00e9  par  son  g\u00e9rant,  Monsieur  Gilles  GARCIA,  est  habilit\u00e9  pour \nexercer les activit\u00e9s suivantes\u00a0:\n1 - Transport de corps avant et apr\u00e8s mise en bi\u00e8re,\n2 - Organisation des obs\u00e8ques,\n1/2\nPr\u00e9fecture du VAR - 83-2026-01-07-00004 - ARR\u00caT\u00c9 PR\u00c9FECTORAL n\u00b0 DCL/BERG/2026/0003 du 07 janvier 2026, portant\nrenouvellement de l'habilitation de l'\u00e9tablissement situ\u00e9 173 boulevard Mar\u00e9chal Leclerc - 83000 TOULON, g\u00e9r\u00e9 par la SARL\n\u00ab\u00a0POMPES FUN\u00c8BRES LE PAPILLON\u00a0\u00bb\n9\n3 - Soins de conservation, en sous-traitance avec l'\u00e9tablissement \u00ab\u00a0OL\u00c9A SERVICES FUNERAIRES\u00a0\u00bb, \nsis 51 avenue des anciens combattants d'Indochine \u2013 83500 La Seyne-sur-Mer, habilit\u00e9 sous le  \nnum\u00e9ro 22-83-0097 ,\n4 - Fourniture  des  housses,  cercueils  et  accessoires  int\u00e9rieur  et  ext\u00e9rieur  ainsi  que  des  urnes\ncin\u00e9raires,\n7 - Fourniture des corbillards et voitures de deuil, list\u00e9s en annexe du pr\u00e9sent arr\u00eat\u00e9,\n8 - Fourniture de personnel et des objets et prestations n\u00e9cessaires aux obs\u00e8ques, inhumations,  \nexhumations et cr\u00e9mations.\nArticle 2     : L'habilitation porte le num\u00e9ro 26-83-0197 .\nArticle 3     : La pr\u00e9sente habilitation est accord\u00e9e  pour une dur\u00e9e de cinq ans \u00e0 compter du 11  \njanvier 2026, soit jusqu'au 10 janvier 2032 inclus.\nPour solliciter le renouvellement de la pr\u00e9sente habilitation, le b\u00e9n\u00e9ficiaire devra faire parvenir sa  \ndemande en pr\u00e9fecture au plus tard deux mois avant sa date de fin de validit\u00e9.\nArticle 4     : Conform\u00e9ment aux articles L.2223-25 et R.2223-64 du code g\u00e9n\u00e9ral des collectivit\u00e9s  \nterritoriales, et \u00e0 d\u00e9faut de la production, dans les meilleurs d\u00e9lais, des justificatifs de conformit\u00e9  \ndes \u00e9quipements, la pr\u00e9sente habilitation pourra \u00eatre suspendue pour une dur\u00e9e maximale d'un  \nan ou retir\u00e9e, apr\u00e8s mise en demeure, pour les motifs suivants\u00a0:\n- non-respect des conditions de sa d\u00e9livrance telles qu'elles sont d\u00e9finies par les dispositions du  \ncode g\u00e9n\u00e9ral des collectivit\u00e9s territoriales\u00a0;\n- non exercice ou cessation d'exercice des activit\u00e9s au titre desquelles elle a \u00e9t\u00e9 d\u00e9livr\u00e9e\u00a0;\n- atteinte \u00e0 l'ordre public ou danger pour la salubrit\u00e9 publique.\nDans les cas o\u00f9 le b\u00e9n\u00e9ficiaire est un d\u00e9l\u00e9gataire, le retrait d'habilitation entra\u00eene la d\u00e9ch\u00e9ance  \ndes d\u00e9l\u00e9gations.\nArticle 5     : Le secr\u00e9taire g\u00e9n\u00e9ral de la pr\u00e9fecture du Var est charg\u00e9 de l'ex\u00e9cution du pr\u00e9sent arr\u00eat\u00e9 \nqui sera publi\u00e9 au recueil des actes administratifs de la pr\u00e9fecture du Var et dont une copie sera  \nadress\u00e9e au maire de la commune de Toulon pour information.\nFait \u00e0 Toulon, le 07 janvier 2026\nPour le pr\u00e9fet et par d\u00e9l\u00e9gation,\nLe directeur de la citoyennet\u00e9 et de la l\u00e9galit\u00e9\nSign\u00e9\nThibaut DARGON\nDans un d\u00e9lai de deux mois \u00e0 compter de la date de la notification ou de la publication du pr\u00e9sent arr\u00eat\u00e9 au recueil des actes administratifs de la \npr\u00e9fecture, les recours suivants peuvent \u00eatre introduits conform\u00e9ment aux dispositions des articles R. 421-1 et suivants du code de justice \nadministrative :\n- un recours gracieux, adress\u00e9 \u00e0 :\nM. le Pr\u00e9fet du Var - Boulevard du 112\u00e8me\n r\u00e9giment d'infanterie - CS 31209 - 83070 TOULON CEDEX\n- un recours hi\u00e9rarchique, adress\u00e9\u00a0au(x) ministre(s) concern\u00e9(s)\u00a0;\nDans ces deux cas, le silence de l'Administration vaut rejet implicite au terme d'un d\u00e9lai de deux mois.\nApr\u00e8s un recours gracieux ou hi\u00e9rarchique, le d\u00e9lai du recours contentieux ne court qu'\u00e0 compter du rejet explicite ou implicite de l'un de ces \nrecours.\n- un recours contentieux, en saisissant le Tribunal Administratif de Toulon : 5 rue Racine -BP 40510 - 83\u00a0041 TOULON CEDEX 9\nLe tribunal administratif peut \u00eatre saisi par l'application informatique \u00ab\u00a0T\u00e9l\u00e9cours\u00a0\u00bb accessible par le site internet www.telecours.fr.\n2/2\nPr\u00e9fecture du VAR - 83-2026-01-07-00004 - ARR\u00caT\u00c9 PR\u00c9FECTORAL n\u00b0 DCL/BERG/2026/0003 du 07 janvier 2026, portant\nrenouvellement de l'habilitation de l'\u00e9tablissement situ\u00e9 173 boulevard Mar\u00e9chal Leclerc - 83000 TOULON, g\u00e9r\u00e9 par la SARL\n\u00ab\u00a0POMPES FUN\u00c8BRES LE PAPILLON\u00a0\u00bb\n10\n| =PREFETDU VARLibert\u00e9Egalit\u00e9Fraternit\u00e9\nDirection de la citoyennet\u00e9 et de la l\u00e9galit\u00e9\nBureau des \u00e9lections et de la r\u00e9glementation g\u00e9n\u00e9rale\nAnnexe \u00e0 l'arr\u00eat\u00e9 n\u00b0DCL/BERG/2026/0003 du 07 janvier 2026\nHabilitation N\u00b026-83-0197\nIdentification des v\u00e9hicules intervenant pour l'\u00e9tablissement\u00a0:\nPOMPES FUN\u00c8BRES LE PAPILLON\ng\u00e9r\u00e9 par la SARL POMPES FUN\u00c8BRES LE PAPILLON\nSis 173, boulevard Mar\u00e9chal Leclerc \u2013 83000 Toulon\nTransport de corps avant et apr\u00e8s mise en bi\u00e8re\nHG-763-BP\nBS-579-KD\nBS-500-KE\nFM-229-HC\nAX-015-PP\nHG-763-BP\nHF-635-SR\nFM-148-HC\nT\u00e9l\u00a0: 04 94 18 83 83\nM\u00e9l\u00a0: pref-funeraires@var.gouv.fr\nBd du 112\u00e8me R\u00e9giment d'Infanterie\nCS 31 209 - 83070 TOULON CEDEX\nPr\u00e9fecture du VAR - 83-2026-01-07-00004 - ARR\u00caT\u00c9 PR\u00c9FECTORAL n\u00b0 DCL/BERG/2026/0003 du 07 janvier 2026, portant\nrenouvellement de l'habilitation de l'\u00e9tablissement situ\u00e9 173 boulevard Mar\u00e9chal Leclerc - 83000 TOULON, g\u00e9r\u00e9 par la SARL\n\u00ab\u00a0POMPES FUN\u00c8BRES LE PAPILLON\u00a0\u00bb\n11\nSecr\u00e9tariat g\u00e9n\u00e9ral commun d\u00e9partemental\n83-2026-01-08-00004\nArr\u00eat\u00e9 n\u00b0SGC/2026 du 8 janvier 2026 portant\nsubd\u00e9l\u00e9gation de signature et\nd'ordonnancement secondaire aux cadres du\nsecr\u00e9tariat g\u00e9n\u00e9ral commun d\u00e9partemental du\nVar\nSecr\u00e9tariat g\u00e9n\u00e9ral commun d\u00e9partemental - 83-2026-01-08-00004 - Arr\u00eat\u00e9 n\u00b0SGC/2026 du 8 janvier 2026 portant subd\u00e9l\u00e9gation de\nsignature et d'ordonnancement secondaire aux cadres du secr\u00e9tariat g\u00e9n\u00e9ral commun d\u00e9partemental du Var 12\n=mPREFETDU VARLibert\u00e9Egalit\u00e9Fraternit\u00e9\nARR\u00caT\u00c9 n\u00b0 SGC/2026 \u2013 du 8 janvier 2026\nPortant subd\u00e9l\u00e9gation de signature et d'ordonnancement secondaire aux cadres \ndu secr\u00e9tariat g\u00e9n\u00e9ral commun d\u00e9partemental du Var\nLe Pr\u00e9fet du Var,\nChevalier de la L\u00e9gion d'Honneur,\nChevalier de l'Ordre National du M\u00e9rite,\nVu la loi organique n\u00b0\u00a02001-692 du 1er ao\u00fbt 2001 modifi\u00e9e, relative aux lois de finances\u00a0;\nVu la loi d'orientation n\u00b0\u00a092-125 du 6 f\u00e9vrier 1992 modifi\u00e9e, relative \u00e0 l'administration\nterritoriale de la R\u00e9publique\u00a0;\nVu le d\u00e9cret n\u00b082-453 du 28 mai 1982 relatif \u00e0 l'hygi\u00e8ne et \u00e0 la s\u00e9curit\u00e9 du travail ainsi  \nqu'\u00e0 la pr\u00e9vention m\u00e9dicale dans la fonction publique\u00a0;\nVu le d\u00e9cret n\u00b0 \u00a02004-374 du 29 avril 2004 modifi\u00e9, relatif aux pouvoirs des pr\u00e9fets, \u00e0\nl'organisation et \u00e0 l'action des services de l'\u00c9tat dans les r\u00e9gions et d\u00e9partements\u00a0;\nVu le d\u00e9cret n\u00b0\u00a02006-1780 du 23 d\u00e9cembre 2006 modifi\u00e9, portant d\u00e9l\u00e9gation de pouvoir \nen mati\u00e8re de recrutement et de gestion de certains personnels relevant du minist\u00e8re  \nde l'Int\u00e9rieur\u00a0;\nVu  le  d\u00e9cret  n\u00b0\u00a02009-1484  du  3  d\u00e9cembre  2009  modifi\u00e9,  relatif  aux  directions \nd\u00e9partementales interminist\u00e9rielles\u00a0;\nVu le d\u00e9cret n\u00b0\u00a02012-1246 du 7 novembre 2012 modifi\u00e9, relatif \u00e0 la gestion budg\u00e9taire et \ncomptable publique\u00a0;\nVu le d\u00e9cret n\u00b0\u00a02015-510 du 7 mai 2015 modifi\u00e9, portant charte de la d\u00e9concentration\u00a0;\nVu le d\u00e9cret n\u00b0\u00a02019-1594 du 31 d\u00e9cembre 2019 modifi\u00e9, relatif aux emplois de direction \nde l'\u00c9tat, notamment les articles 34 et suivants\u00a0;\nVu le d\u00e9cret n\u00b0 \u00a02020-99 du 7 f\u00e9vrier 2020 relatif \u00e0 l'organisation et aux missions des  \nsecr\u00e9tariats g\u00e9n\u00e9raux communs d\u00e9partementaux\u00a0;\n                                                                                                                                                                        1/11\nSecr\u00e9tariat g\u00e9n\u00e9ral commun d\u00e9partemental - 83-2026-01-08-00004 - Arr\u00eat\u00e9 n\u00b0SGC/2026 du 8 janvier 2026 portant subd\u00e9l\u00e9gation de\nsignature et d'ordonnancement secondaire aux cadres du secr\u00e9tariat g\u00e9n\u00e9ral commun d\u00e9partemental du Var 13\nVu le d\u00e9cret du Pr\u00e9sident de la R\u00e9publique du 15 mai 2025 portant nomination de M.  \nSimon BABRE, pr\u00e9fet du Var\u00a0;\nVu l'arr\u00eat\u00e9 du Premier Ministre du 31 mars 2011 modifi\u00e9, portant d\u00e9concentration des  \nd\u00e9cisions relatives \u00e0 la situation individuelle des fonctionnaires et agents non titulaires  \nexer\u00e7ant leurs fonctions dans les directions d\u00e9partementales interminist\u00e9rielles\u00a0;\nVu l'arr\u00eat\u00e9 du Ministre d'\u00c9tat, ministre de l'int\u00e9rieur, du 28 d\u00e9cembre 2017 modifi\u00e9,  \nportant d\u00e9l\u00e9gation de pouvoir en mati\u00e8re de recrutement et de gestion des personnels  \nadministratifs du minist\u00e8re de l'Int\u00e9rieur\u00a0;\nVu la circulaire n\u00b0\u00a06104/SG du 2 ao\u00fbt 2019 du Premier ministre relative \u00e0 la constitution  \nde secr\u00e9tariats g\u00e9n\u00e9raux communs aux pr\u00e9fectures et aux directions d\u00e9partementales  \ninterminist\u00e9rielles\u00a0;\nVu l'arr\u00eat\u00e9 n\u00b02020/96/MCI du 29 d\u00e9cembre 2020 portant cr\u00e9ation et organisation du  \nsecr\u00e9tariat g\u00e9n\u00e9ral commun d\u00e9partemental du Var, modifi\u00e9 par l'arr\u00eat\u00e9 n\u00b02022/18/MCI  \ndu 10 juin 2022 et par l'arr\u00eat\u00e9 n\u00b02022/45/MCI du 7 novembre 2022\u00a0;\nVu l'arr\u00eat\u00e9 du Premier ministre et du ministre de l'Int\u00e9rieur du 3 octobre 2024, portant  \nnomination de M. S\u00e9bastien ODDONE, attach\u00e9 d'administration de l'Etat hors classe,  \ndirecteur du secr\u00e9tariat g\u00e9n\u00e9ral commun d\u00e9partemental du Var\u00a0; \nVu l'arr\u00eat\u00e9 pr\u00e9fectoral n\u00b02025/53/MCI du 8 juillet 2025, po rtant d\u00e9l\u00e9gation de signature \net  d'ordonnancement  secondaire  des  recettes  et  d\u00e9penses  de  l'\u00c9tat  au  titre  des \nprogrammes ex\u00e9cut\u00e9s par la SGCD du Var \u00e0 Monsieur S\u00e9bastien ODDONE,\nDirecteur du secr\u00e9tariat g\u00e9n\u00e9ral commun d\u00e9partemental du Var\u00a0;\nVu l'arr\u00eat\u00e9 n\u00b0 SGC/2025 \u2013 du 4 novembre 2025 portant subd\u00e9l\u00e9gation de signature et  \nd'ordonnancement  secondaire  aux  cadres  du  secr\u00e9tariat  g\u00e9n\u00e9ral  commun  \nd\u00e9partemental du Var\u00a0;\nSur proposition du directeur du secr\u00e9tariat g\u00e9n\u00e9ral commun d\u00e9partemental\u00a0;\nARR\u00caTE\nArticle 1 \u00a0: La d\u00e9l\u00e9gation de signature donn\u00e9e \u00e0 M. S\u00e9bastien ODDONE directeur du  \nsecr\u00e9tariat  g\u00e9n\u00e9ral  commun  d\u00e9partemental  du  Var,  par  l'arr\u00eat\u00e9  pr\u00e9fectoral  \nn\u00b02025/53/MCI du 8 juillet 2025 est subd\u00e9l\u00e9gu\u00e9e \u00e0\u00a0:\nM. Alexandre PROUD, attach\u00e9 Hors classe d'administration de l'\u00c9tat, directeur adjoint  \ndu secr\u00e9tariat g\u00e9n\u00e9ral commun d\u00e9partemental \u00e0 compter du 15 janvier 2025.\n                                                                                                                                                                        2/11\nSecr\u00e9tariat g\u00e9n\u00e9ral commun d\u00e9partemental - 83-2026-01-08-00004 - Arr\u00eat\u00e9 n\u00b0SGC/2026 du 8 janvier 2026 portant subd\u00e9l\u00e9gation de\nsignature et d'ordonnancement secondaire aux cadres du secr\u00e9tariat g\u00e9n\u00e9ral commun d\u00e9partemental du Var 14\nMme Caroline HEURGUIER, attach\u00e9e principale d'administration de l'\u00c9tat \u00e0 compter du \n1er\n novembre 2025.\nCette  subd\u00e9l\u00e9gation  porte  sur  toutes  les  mati\u00e8res  d\u00e9finies  \u00e0  l'arr\u00eat\u00e9  pr\u00e9fectoral \nn\u00b02025/53/MCI du 8 juillet 2025 susvis\u00e9, aux fins de signer tous actes, documents ou  \nd\u00e9cisions se traduisant par l'ordonnancement secondaire des recettes et des d\u00e9penses  \nde l'\u00c9tat, relevant des attributions et du fonctionnement du SGCD, imput\u00e9es sur les  \nprogrammes suivants et dans la limite de 100\u00a0000\u00a0\u20ac\u00a0:\n\u2022 124 \u00ab \u00a0Conduite et soutien des politiques sanitaires, sociales, du sport, de la  \njeunesse  et  de  la  vie  associative\u00a0\u00bb,  en  ce  qu'elles  concernent  les  d\u00e9penses \nm\u00e9dicales et d'action sociale\u00a0\u00bb\u00a0;\n\u2022 134 \u00ab\u00a0d\u00e9veloppement des entreprises\u00a0\u00bb, en ce qu'elles concernent les d\u00e9penses  \nm\u00e9dicales et d'action sociale\u00a0;\n\u2022 148 \u00ab\u00a0fonction publique\u00a0\u00bb\u00a0;\n\u2022 155 \u00ab\u00a0Conception, gestion et \u00e9valuation des politiques de l'emploi et du travail , \nen ce qu'elles concernent les d\u00e9penses m\u00e9dicales et d'action sociale\u00a0;\n\u2022 176 \u00ab\u00a0police nationale\u00a0\u00bb, en ce qu'elles concernent les commissions de secours  \net l'action sociale\u00a0; \n\u2022 206 \u00ab\u00a0s\u00e9curit\u00e9 et qualit\u00e9 sanitaires de l'alimentation\u00a0\u00bb, en ce qu'elles concernent \nles d\u00e9penses  m\u00e9dicales et d'action sociale\u00a0;\n\u2022 207 \u00ab\u00a0S\u00e9curit\u00e9 et \u00e9ducation routi\u00e8res\u00a0\u00bb\n\u2022 215  \u00ab\u00a0conduite  et  pilotage  des  politiques  de  l'agriculture\u00a0\u00bb,  en  ce  qu'elles \nconcernent les d\u00e9penses  m\u00e9dicales et d'action sociale\u00a0;\n\u2022 216  \u00ab\u00a0conduite  et  pilotage  des  politiques  de  l'Int\u00e9rieur\u00a0\u00bb,  en  ce  qu'elles \nconcernent  les  d\u00e9penses  d'action  sociale\u00a0et  l'action  6  affaires  juridiques  et \ncontentieuses\u00a0;\n\u2022 217 \u00ab\u00a0conduite et pilotage des politiques de l'\u00e9cologie, du d\u00e9veloppement et de \nla  mobilit\u00e9  durables\u00a0\u00bb,  en  ce  qu'elles  concernent  les  d\u00e9penses  m\u00e9dicales, \nd'action sociale, de d\u00e9placements et de mission ;\n\u2022 232 \u00ab\u00a0Vie politique\u00a0\u00bb en ce qu'elles concernent les d\u00e9penses des \u00e9lections\u00a0; \n\u2022 348  \u00ab\u00a0r\u00e9novation  des  cit\u00e9s  administratives  et  autres  sites  domaniaux  multi-\noccupants\u00a0\u00bb\u00a0;\n\u2022 349 \u00ab\u00a0fonds pour la transformation de l'action publique\u00a0\u00bb ;\n\u2022 354 \u00ab\u00a0administration territoriale de l'\u00c9tat\u00a0\u00bb\u00a0;\n\u2022 362 \u00ab\u00a0\u00e9cologie\u00a0\u00bb\u00a0;\n\u2022 363 \u00ab\u00a0comp\u00e9titivit\u00e9\u00a0\u00bb\u00a0;\n\u2022 723 \u00ab\u00a0op\u00e9rations immobili\u00e8res et entretien des b\u00e2timents de l'\u00c9tat\u00a0\u00bb.\nArticle  2 \u00a0:  D\u00e9l\u00e9gation  de  signature  est  donn\u00e9e,  \u00e0  l'effet  de  signer  les  actes  et \ndocuments relevant de la comp\u00e9tence de leur service interminist\u00e9riel \u00e0 \u00a0:\n\u2022 M. Franck MAINAS, attach\u00e9 principal d'administration de l'\u00c9tat, chef du service  \ninterminist\u00e9riel des ressources humaines;\n\u2022 Mme Nathalie TOURET,  attach\u00e9e d 'administration de l'\u00c9tat, cheffe du service  \ninterminist\u00e9riel du budget et des achats\u00a0;\n                                                                                                                                                                        3/11\nSecr\u00e9tariat g\u00e9n\u00e9ral commun d\u00e9partemental - 83-2026-01-08-00004 - Arr\u00eat\u00e9 n\u00b0SGC/2026 du 8 janvier 2026 portant subd\u00e9l\u00e9gation de\nsignature et d'ordonnancement secondaire aux cadres du secr\u00e9tariat g\u00e9n\u00e9ral commun d\u00e9partemental du Var 15\n\u2022 Mme Pascale GRAPPIN, Ing\u00e9nieur principal des Services Techniques, cheffe du  \nservice  interminist\u00e9riel  de  l'immobilier,  de  la  logistique,  du  courrier,  et  de \nl'accueil ;\n\u2022 M.  Herv\u00e9  MARCY,  ing\u00e9nieur  principal  des  syst\u00e8mes  d'information  et  de \ncommunication, chef du service interminist\u00e9riel d\u00e9partemental des syst\u00e8mes  \nd'information et de communication\u00a0;\nArticle 3 \u00a0: D\u00e9l\u00e9gation de signature est donn\u00e9e \u00e0 M. Franck MAINAS, chef du  service \ninterminist\u00e9riel des ressources humaines , pour signer les actes et documents relevant  \ndu service interminist\u00e9riel des ressources humaines, \u00e0 savoir la gestion des carri\u00e8res, le  \ntemps partiel, le suivi des effectifs, la formation, l'action sociale et le dialogue social, se \ntraduisant par l'ordonnancement secondaire des recettes et des d\u00e9penses de l'\u00c9tat,  \nrelevant des attributions et du fonctionnement du SGCD, imput\u00e9es sur les programmes \nsuivants et \u00e0 concurrence de 5\u00a0000\u00a0\u20ac\u00a0:\n\u25aa 124 \u00ab \u00a0conduite et soutien des politiques sanitaires, sociales, du sport, de la  \njeunesse  et  de  la  vie  associative\u00a0\u00bb,  en  ce  qu'elles  concernent  les  d\u00e9penses \nm\u00e9dicales et d'action sociale\u00a0\u00bb\u00a0;\n\u25aa 134 \u00ab\u00a0d\u00e9veloppement des entreprises\u00a0\u00bb, en ce qu'elles concernent les d\u00e9penses \nm\u00e9dicales et d'action sociale\u00a0;\n\u25aa 155 \u00ab\u00a0conception, gestion et \u00e9valuation des politiques de l'emploi et du travail , \nen ce qu'elles concernent les d\u00e9penses m\u00e9dicales et d'action sociale\u00a0;\n\u25aa 176 \u00ab\u00a0police nationale\u00a0\u00bb, en ce qu'elles concernent les commissions de secours  \net l'action sociale\u00a0; \n\u25aa 206  \u00ab\u00a0s\u00e9curit\u00e9  et  qualit\u00e9  sanitaires  de  l'alimentation\u00a0\u00bb,  en  ce  qu'elles \nconcernent les d\u00e9penses m\u00e9dicales et d'action sociale\u00a0;\n\u25aa 215  \u00ab\u00a0conduite  et  pilotage  des  politiques  de  l'agriculture\u00a0\u00bb,  en  ce  qu'elles \nconcernent les d\u00e9penses m\u00e9dicales et d'action sociale\u00a0;\n\u25aa 216  \u00ab\u00a0conduite  et  pilotage  des  politiques  de  l'Int\u00e9rieur\u00a0\u00bb,  en  ce  qu'elles \nconcernent les d\u00e9penses m\u00e9dicales et d'action sociale\u00a0;\n\u25aa 217 \u00ab\u00a0conduite et pilotage des politiques de l'\u00e9cologie, du d\u00e9veloppement et  \nde la mobilit\u00e9 durables\u00a0\u00bb, en ce qu'elles concernent les d\u00e9penses m\u00e9dicales et  \nd'action sociale\u00a0;\n\u25aa 354  \u00ab\u00a0administration  territoriale  de  l'Etat\u00a0\u00bb,  en  ce  qu'elles  concernent  les \nd\u00e9penses d'action sociale, de formation et le titre 2.\nEn cas d'absence ou d'emp\u00eachement de M. Franck MAINAS, d\u00e9l\u00e9gation est donn\u00e9e  \ndans les m\u00eames conditions et sous son contr\u00f4le \u00e0\u00a0:\n\u2022 Mme Vanessa GEBELLIN, attach\u00e9e d'administration de l'Etat, adjointe au chef du \nSIRH,  pour  les  actes  et  documents  relevant  du  service  interminist\u00e9riel  des \nressources  humaines  pr\u00e9cit\u00e9s  se  traduisant  par  l'ordonnancement  secondaire \ndes  recettes  et  des  d\u00e9penses  de  l'\u00c9tat,  relevant  des  attributions  et  du \nfonctionnement  du  SGCD,  imput\u00e9es  sur  les  programmes  pr\u00e9c\u00e9dents  et  \u00e0 \nconcurrence de 5\u00a0000\u00a0\u20ac\u00a0;\n                                                                                                                                                                        4/11\nSecr\u00e9tariat g\u00e9n\u00e9ral commun d\u00e9partemental - 83-2026-01-08-00004 - Arr\u00eat\u00e9 n\u00b0SGC/2026 du 8 janvier 2026 portant subd\u00e9l\u00e9gation de\nsignature et d'ordonnancement secondaire aux cadres du secr\u00e9tariat g\u00e9n\u00e9ral commun d\u00e9partemental du Var 16\n\u2022 Mme  Anne-Ga\u00ebl  RAGNEAU,  secr\u00e9taire  administrative  de  classe  sup\u00e9rieure, \ncheffe du p\u00f4le du minist\u00e8re de l'int\u00e9rieur, pour les actes et documents relevant  \nde la gestion courante des carri\u00e8res du personnel du minist\u00e8re de l'int\u00e9rieur\u00a0;\n\u2022 Mme Caroline MEZIERES, attach\u00e9e d'administration de l'\u00c9tat, cheffe de p\u00f4le,  \npour les actes et documents relevant de la gestio n courante des carri\u00e8res du  \npersonnel  des  minist\u00e8res  Transition  \u00e9cologique,  Am\u00e9nagement  du  territoire, \nTransports, Ville et Logement et du minist\u00e8re de l'\u00e9conomie, des finances;\n\u2022 Mme  Karine  DEON,  inspectrice  du  travail,  cheffe  de  p\u00f4le,  pour  les  actes  et \ndocuments  relevant  de  la  gestion  courante  des  carri\u00e8res  du  personnel  du \nminist\u00e8re de l'agriculture, de l'agro-alimentaire et de la souverainet\u00e9 alimentaire  \net du personnel relevant du minist\u00e8re du travail et des solidarit\u00e9s ; \n\u2022 D\u00e9l\u00e9gation  de  signature  est  \u00e9galement  donn\u00e9e  \u00e0  Mme  Catherine  BUARD, \nsecr\u00e9taire administrative de classe normale, Mme Isabelle COLPAERT, secr\u00e9taire  \nadministrative  de  classe  sup\u00e9rieure,  et  \u00e0  Mme  Astrid  DORNEL,  secr\u00e9taire \nadministrative,  gestionnaires  des  prestations  sociales,  pour  tous  les  actes  de \ngestion dans Chorus Formulaires pour les d\u00e9penses en mati\u00e8re de RH\u00a0;\n\u2022 D\u00e9l\u00e9gation  de  signature  est  \u00e9galement  donn\u00e9e  \u00e0  Mme  Sophie  NAWROCKI, \nsecr\u00e9taire administrative de classe sup\u00e9rieure pour tous les actes de gestion  \ndans Chorus Formulaires pour les d\u00e9penses et les recettes en mati\u00e8re de RH\u00a0;\nArticle   4  \u00a0: D\u00e9l\u00e9gation de signature est donn\u00e9e \u00e0 Mme Nathalie TOURET, cheffe du  \nservice  interminist\u00e9riel  du  budget  et  des  achats,  aux  fins  de  signer  tous  actes, \ndocuments ou d\u00e9cisions se traduisant par l'ordonnancement secondaire des recettes et \ndes d\u00e9penses de l'\u00c9tat, relevant des attributions et du fonctionnement du SGCD et  \nimput\u00e9es sur les programmes suivants, \u00e0 concurrence de 30\u00a0000\u00a0\u20ac\u00a0:\n\u25aa 124 \u00ab \u00a0conduite et soutien des politiques sanitaires, sociales, du sport, de la  \njeunesse  et  de  la  vie  associative\u00a0\u00bb,  en  ce  qu'elles  concernent  les  d\u00e9penses \nd'action sociale\u00a0\u00bb\u00a0;\n\u25aa 134 \u00ab\u00a0d\u00e9veloppement des entreprises\u00a0\u00bb, en ce qu'elles concernent les d\u00e9penses \nd'action sociale\u00a0;\n\u25aa 148 \u00ab\u00a0fonction publique\u00a0\u00bb\u00a0;\n\u25aa 155 \u00ab\u00a0conception, gestion et \u00e9valuation des politiques de l'emploi et du travail , \nen ce qu'elles concernent les d\u00e9penses d'action sociale\u00a0;\n\u25aa 176 \u00ab\u00a0police nationale\u00a0\u00bb, en ce qu'elles concernent l'action sociale\u00a0; \n\u25aa 206  \u00ab\u00a0s\u00e9curit\u00e9  et  qualit\u00e9  sanitaires  de  l'alimentation\u00a0\u00bb,  en  ce  qu'elles \nconcernent les d\u00e9penses d'action sociale\u00a0;\n\u25aa 207 \u00ab\u00a0S\u00e9curit\u00e9 et \u00e9ducation routi\u00e8res\u00a0\u00bb\n\u25aa 215  \u00ab\u00a0conduite  et  pilotage  des  politiques  de  l'agriculture\u00a0\u00bb,  en  ce  qu'elles \nconcernent les d\u00e9penses d'action sociale\u00a0;\n\u25aa 216  \u00ab\u00a0conduite  et  pilotage  des  politiques  de  l'Int\u00e9rieur\u00a0\u00bb,  en  ce  qu'elles \nconcernent  les  d\u00e9penses  d'action  sociale\u00a0et  l'action  6  affaires  juridiques  et \ncontentieuses\u00a0;\n                                                                                                                                                                        5/11\nSecr\u00e9tariat g\u00e9n\u00e9ral commun d\u00e9partemental - 83-2026-01-08-00004 - Arr\u00eat\u00e9 n\u00b0SGC/2026 du 8 janvier 2026 portant subd\u00e9l\u00e9gation de\nsignature et d'ordonnancement secondaire aux cadres du secr\u00e9tariat g\u00e9n\u00e9ral commun d\u00e9partemental du Var 17\n\u25aa 217 \u00ab\u00a0conduite et pilotage des politiques de l'\u00e9cologie, du d\u00e9veloppement et  \nde  la  mobilit\u00e9  durables\u00a0\u00bb,  en  ce  qu'elles  concernent  les  d\u00e9penses  d'action \nsociale, m\u00e9dicales et frais de d\u00e9placements et de mission\u00a0;\n\u25aa 232 \u00ab\u00a0Vie politique\u00a0\u00bb en ce qu'elles concernent les d\u00e9penses des \u00e9lections\u00a0; \n\u25aa 348  \u00ab\u00a0r\u00e9novation  des  cit\u00e9s  administratives  et  autres  sites  domaniaux  multi-\noccupants\u00a0\u00bb\u00a0;\n\u25aa 349 \u00ab \u00a0fonds pour la transformation de l'action publique \u00a0\u00bb pour la saisie des  \nexpressions de besoin et la certification du service fait dans Chorus formulaires \ndes actes juridiques \u00e9ligibles au fonds de transformation de l'action publique\u00a0;\n\u25aa 354 \u00ab\u00a0administration territoriale de l'\u00c9tat\u00a0\u00bb, hors titre 2\u00a0;\n\u25aa 362 \u00ab\u00a0\u00e9cologie\u00a0\u00bb\u00a0;\n\u25aa 363 \u00ab\u00a0comp\u00e9titivit\u00e9\u00a0\u00bb\u00a0;\n\u25aa 723 \u00ab\u00a0op\u00e9rations immobili\u00e8res et entretien des b\u00e2timents de l'\u00c9tat\u00a0\u00bb.\nAinsi que\u00a0:\n\u2022 la validation des demandes d'achat et la  certification d es services faits dans les  \napplications Chorus formulaires et Chorus DT\u00a0;\n\u2022 les actes et documents relevant des march\u00e9s publics;\n\u2022 toutes  les  pi\u00e8ces  relatives  \u00e0  la  programmation  et  au  pilotage  de  l'unit\u00e9 \nop\u00e9rationnelle (UO) 83 des programmes de la r\u00e9gion Provence-Alpes-C\u00f4te d'Azur \ng\u00e9r\u00e9es par le secr\u00e9tariat g\u00e9n\u00e9ral commun d\u00e9partemental\u00a0;\n\u2022 tous  documents  comptables  n\u00e9cessaires  \u00e0  la  gestion  des  cartes  achats  des \nporteurs de cartes achats au titre des programmes suivants\u00a0:\n\u25aa 149 \u00ab\u00a0for\u00eat\u00a0\u00bb\u00a0;\n\u25aa 205 \u00ab\u00a0s\u00e9curit\u00e9 et affaires maritimes, p\u00eache et aquaculture\u00a0\u00bb.\n\u25aa 206 \u00ab\u00a0s\u00e9curit\u00e9 et qualit\u00e9 sanitaires de l'alimentation\u00a0\u00bb\u00a0;\n\u25aa 207 \u00ab\u00a0frais de d\u00e9placements et de mission\u00a0\u00bb\n\u25aa 232 \u00ab\u00a0Vie politique\u00a0\u00bb en ce qu'elles concernent les d\u00e9penses des \u00e9lections\u00a0; \n\u25aa 354 \u00ab\u00a0administration territoriale de l'\u00c9tat\u00a0\u00bb\u00a0;\nEn cas d'absence ou d'emp\u00eachement de Mme Nathalie TOURET d\u00e9l\u00e9gation est donn\u00e9e, \ndans les m\u00eames conditions et sous son contr\u00f4le, \u00e0\u00a0:\nMme Anne RANCEZE, attach\u00e9e  d'administration de l'\u00c9tat , adjointe \u00e0 la cheffe  \ndu  service  interminist\u00e9riel  du  budget  et  des  achats,  aux  fins  de  signer  tous  actes, \ndocuments ou d\u00e9cisions se traduisant par l'ordonnancement secondaire des recettes et \ndes d\u00e9penses de l'\u00c9tat, relevant des attributions et du fonctionnement du SGCD et  \nimput\u00e9es sur les programmes suivants, \u00e0 concurrence de 30\u00a0000\u00a0\u20ac\u00a0;\n\u25aa 124 \u00ab \u00a0conduite et soutien des politiques sanitaires, sociales, du sport, de la  \njeunesse  et  de  la  vie  associative\u00a0\u00bb,  en  ce  qu'elles  concernent  les  d\u00e9penses \nd'action sociale\u00a0\u00bb\u00a0;\n\u25aa 134 \u00ab\u00a0d\u00e9veloppement des entreprises\u00a0\u00bb, en ce qu'elles concernent les d\u00e9penses \nd'action sociale\u00a0;\n                                                                                                                                                                        6/11\nSecr\u00e9tariat g\u00e9n\u00e9ral commun d\u00e9partemental - 83-2026-01-08-00004 - Arr\u00eat\u00e9 n\u00b0SGC/2026 du 8 janvier 2026 portant subd\u00e9l\u00e9gation de\nsignature et d'ordonnancement secondaire aux cadres du secr\u00e9tariat g\u00e9n\u00e9ral commun d\u00e9partemental du Var 18\n\u25aa 148 \u00ab\u00a0fonction publique\u00a0\u00bb\u00a0;\n\u25aa 155 \u00ab\u00a0conception, gestion et \u00e9valuation des politiques de l'emploi et du travail , \nen ce qu'elles concernent les d\u00e9penses d'action sociale\u00a0;\n\u25aa 176 \u00ab\u00a0police nationale\u00a0\u00bb, en ce qu'elles concernent l'action sociale\u00a0; \n\u25aa 206  \u00ab\u00a0s\u00e9curit\u00e9  et  qualit\u00e9  sanitaires  de  l'alimentation\u00a0\u00bb,  en  ce  qu'elles \nconcernent les d\u00e9penses d'action sociale\u00a0;\n\u25aa 207 \u00ab\u00a0S\u00e9curit\u00e9 et \u00e9ducation routi\u00e8res\u00a0\u00bb\n\u25aa 215  \u00ab\u00a0conduite  et  pilotage  des  politiques  de  l'agriculture\u00a0\u00bb,  en  ce  qu'elles \nconcernent les d\u00e9penses d'action sociale\u00a0;\n\u25aa 216  \u00ab\u00a0conduite  et  pilotage  des  politiques  de  l'Int\u00e9rieur\u00a0\u00bb,  en  ce  qu'elles \nconcernent  les  d\u00e9penses  d'action  sociale\u00a0et  l'action  6  affaires  juridiques  et \ncontentieuses\u00a0;\n\u25aa 217 \u00ab\u00a0conduite et pilotage des politiques de l'\u00e9cologie, du d\u00e9veloppement et  \nde  la  mobilit\u00e9  durables\u00a0\u00bb,  en  ce  qu'elles  concernent  les  d\u00e9penses  d'action \nsociale, m\u00e9dicales et frais de d\u00e9placements et de mission\u00a0;\n\u25aa 232 \u00ab\u00a0Vie politique\u00a0\u00bb en ce qu'elles concernent les d\u00e9penses des \u00e9lections\u00a0; \n\u25aa 348  \u00ab\u00a0r\u00e9novation  des  cit\u00e9s  administratives  et  autres  sites  domaniaux  multi-\noccupants\u00a0\u00bb\u00a0;\n\u25aa 349 \u00ab \u00a0fonds pour la transformation de l'action publique \u00a0\u00bb pour la saisie des  \nexpressions de besoin et la certification du service fait dans Chorus formulaires \ndes actes juridiques \u00e9ligibles au fonds de transformation de l'action publique\u00a0;\n\u25aa 354 \u00ab\u00a0administration territoriale de l'\u00c9tat\u00a0\u00bb, hors titre 2\u00a0;\n\u25aa 362 \u00ab\u00a0\u00e9cologie\u00a0\u00bb\u00a0;\n\u25aa 363 \u00ab\u00a0comp\u00e9titivit\u00e9\u00a0\u00bb\u00a0;\n\u25aa 723 \u00ab\u00a0op\u00e9rations immobili\u00e8res et entretien des b\u00e2timents de l'\u00c9tat\u00a0\u00bb.\nAinsi que\u00a0:\n\u2022 la validation des demandes d'achat et la certification des services faits dans les  \napplications Chorus formulaires et Chorus DT\u00a0;\n\u2022 les actes et documents relevant des march\u00e9s publics;\n\u2022 toutes  les  pi\u00e8ces  relatives  \u00e0  la  programmation  et  au  pilotage  de  l'unit\u00e9 \nop\u00e9rationnelle (UO) 83 des programmes de la r\u00e9gion Provence-Alpes-C\u00f4te d'Azur \ng\u00e9r\u00e9es par le secr\u00e9tariat g\u00e9n\u00e9ral commun d\u00e9partemental\u00a0;\n\u2022 tous  documents  comptables  n\u00e9cessaires  \u00e0  la  gestion  des  cartes  achats  des \nporteurs de cartes achats au titre des programmes suivants\u00a0:\n\u25aa 149 \u00ab\u00a0for\u00eat\u00a0\u00bb\u00a0;\n\u25aa 205 \u00ab\u00a0s\u00e9curit\u00e9 et affaires maritimes, p\u00eache et aquaculture\u00a0\u00bb.\n\u25aa 206 \u00ab\u00a0s\u00e9curit\u00e9 et qualit\u00e9 sanitaires de l'alimentation\u00a0\u00bb\u00a0;\n\u25aa 207 \u00ab\u00a0frais de d\u00e9placements et de mission\u00a0\u00bb\n\u25aa 232 \u00ab\u00a0Vie politique\u00a0\u00bb en ce qu'elles concernent les d\u00e9penses des \u00e9lections\u00a0; \n\u25aa 354 \u00ab\u00a0administration territoriale de l'\u00c9tat\u00a0\u00bb\u00a0;\n\u2022 Mme  Audrey  HORNBURG,  secr\u00e9taire  administrative  de  classe  sup\u00e9rieure, \ngestionnaire  \u00ab\u00a0march\u00e9s  et  d\u00e9penses  immobili\u00e8res\u00a0\u00bb, pour  tous  les  actes  de \n                                                                                                                                                                        7/11\nSecr\u00e9tariat g\u00e9n\u00e9ral commun d\u00e9partemental - 83-2026-01-08-00004 - Arr\u00eat\u00e9 n\u00b0SGC/2026 du 8 janvier 2026 portant subd\u00e9l\u00e9gation de\nsignature et d'ordonnancement secondaire aux cadres du secr\u00e9tariat g\u00e9n\u00e9ral commun d\u00e9partemental du Var 19\ngestion (sauf pilotage et programmation) relatifs aux d\u00e9penses immobili\u00e8res sur  \nles programmes suivants\u00a0:\n\u25aa 348  \"r\u00e9novation  des  cit\u00e9s  administratives  et  autres  sites  domaniaux  multi-\noccupants\"\n\u25aa 349 \"fonds pour la transformation de l'action publique\" \n\u25aa 354 \"administration territoriale de l'\u00c9tat\"\n\u25aa 723 \"op\u00e9rations immobili\u00e8res et entretien des b\u00e2timents de l'\u00c9tat\"\net pour les actes et documents relevant des march\u00e9s publics, \u00e0 concurrence de  \n5\u00a0000\u00a0\u20ac\u00a0;\n\u2022 M.  Franck  BOUISSOU,  attach\u00e9  d'administration  de  l'Etat,  chef du  p\u00f4le \n\u00ab\u00a0d\u00e9penses de fonctionnement et CIC \u00bb pour:\n\u25e6 tous les actes de gestion dans Chorus C\u0153ur, Chorus Formulaires et Chorus  \nDT, \u00e0 concurrence de 5\u00a0000\u00a0\u20ac\u00a0;\n\u25e6 tous  documents comptables n\u00e9cessaires \u00e0 la gestion des cartes achats des  \nporteurs de cartes achats au titre des programmes suivants\u00a0:\n\u2022 124 \u00ab\u00a0conduite et soutien des politiques sanitaires, sociales, du sport, de la  \njeunesse et de la vie associative \u00a0\u00bb, en ce qu'elles concernent les d\u00e9penses  \nd'action sociale\u00a0\u00bb\u00a0;\n\u2022 149 \u00ab\u00a0for\u00eat\u00a0\u00bb\u00a0;\n\u2022 155  \u00ab\u00a0conception,  gestion  et  \u00e9valuation  des  politiques  de  l'emploi  et  du \ntravail, en ce qu'elles concernent les d\u00e9penses d'action sociale\u00a0;\n\u2022 205 \u00ab\u00a0s\u00e9curit\u00e9 et affaires maritimes, p\u00eache et aquaculture\u00a0\u00bb\u00a0;\n\u2022 206 \u00ab\u00a0s\u00e9curit\u00e9 et qualit\u00e9 sanitaires de l'alimentation\u00a0\u00bb\u00a0;\n\u2022 207 \u00ab\u00a0frais de d\u00e9placements et de mission\u00a0\u00bb\n\u2022 215  \u00ab\u00a0conduite  et  pilotage  des  politiques  de  l'agriculture\u00a0\u00bb,  en  ce  qu'elles \nconcernent les d\u00e9penses d'action sociale\u00a0;\n\u2022 216 \u00ab\u00a0conduite et pilotage des politiques de l'int\u00e9rieur\u00a0\u00bb\n\u2022 217 \u00ab\u00a0conduite et pilotage des politiques de l'\u00e9cologie, du d\u00e9veloppement et  \nde la mobilit\u00e9 durables \u00a0\u00bb, en ce qu'elles concernent les d\u00e9penses d'action  \nsociale, m\u00e9dicales et frais de d\u00e9placements et de mission\u00a0;\n\u2022 232 \u00ab Vie politique \u00bb en ce qu'elles concernent les d\u00e9penses des \u00e9lections ;\n\u2022 348 \u00ab \u00a0r\u00e9novation des cit\u00e9s administratives et autres sites domaniaux multi-\noccupants\u00a0\u00bb\u00a0;\n\u2022 349 \u00ab\u00a0fonds pour la transformation de l'action publique \u00a0\u00bb pour la saisie des  \nexpressions  de  besoin  et  la  certification  du service  fait  dans  Chorus  \nformulaires  des  actes  juridiques  \u00e9ligibles  au  fonds  de  transformation  de \nl'action publique\u00a0;\n\u2022 354 \u00ab\u00a0administration territoriale de l'\u00c9tat\u00a0\u00bb\u00a0;\n\u2022 723 \u00ab\u00a0op\u00e9rations immobili\u00e8res et entretien des b\u00e2timents de l'\u00c9tat\u00a0\u00bb\nMme Audrey HORNBURG,  secr\u00e9taire administrative de classe sup\u00e9rieure \u00a0; Mme \nLine  PEYSSELIER,  secr\u00e9taire  administrative  de  classe  sup\u00e9rieure;  Mme  Tania \nGIANATI-KOULINSKY, secr\u00e9taire administrative de classe normale\u00a0; Mmes Muriel \nGATTI, Mich\u00e8le RAKOTOZAFY, Val\u00e9rie WEISS, et M. St\u00e9phane DENIAU, adjoints  \nadministratifs principaux; et Mmes Elodie MIETTE et Yolaine MONI adjointes  \n                                                                                                                                                                        8/11\nSecr\u00e9tariat g\u00e9n\u00e9ral commun d\u00e9partemental - 83-2026-01-08-00004 - Arr\u00eat\u00e9 n\u00b0SGC/2026 du 8 janvier 2026 portant subd\u00e9l\u00e9gation de\nsignature et d'ordonnancement secondaire aux cadres du secr\u00e9tariat g\u00e9n\u00e9ral commun d\u00e9partemental du Var 20\nadministratives,  pour  tous  les  actes  de  gestion  dans  Chorus  Coeur,  Chorus \nFormulaires et Chorus DT.\nArticle     5  \u00a0: D\u00e9l\u00e9gation de signature est donn\u00e9e \u00e0 Mme Pascale GRAPPIN, cheffe du  \nservice interminist\u00e9riel de l'\u00a0immobilier, de la logistique, du courrier, et de l'accueil, aux \nfins de signer tous actes, documents ou d\u00e9cisions portant sur la gestion immobili\u00e8re et  \nlogistique des sites de la pr\u00e9fecture et des DDI et sur la gestion du parc automobile, sur \nla  gestion  du  courrier  et  de  l'accueil,  imput\u00e9es  sur  les  programmes  suivants,  et  \u00e0 \nconcurrence de 5\u00a0000\u00a0\u20ac\u00a0 ainsi que la constatation des services faits:\n\u25aa 148 \"fonction publique\"\n\u25aa 348  \"r\u00e9novation  des  cit\u00e9s  administratives  et  autres  sites  domaniaux  multi-\noccupants\"\n\u25aa 349 \"fonds pour la transformation de l'action publique\" \n\u25aa 354 \"administration territoriale de l'\u00c9tat\"\n\u25aa 362 \u00ab\u00a0\u00e9cologie\u00a0\u00bb\u00a0;\n\u25aa 723  \"op\u00e9rations  immobili\u00e8res  et  entretien  des  b\u00e2timents  de  l'\u00c9tat\"\nEn  cas  d'absence  ou  d'emp\u00eachement  de  Mme  Pascale  GRAPPIN,  d\u00e9l\u00e9gation  est \ndonn\u00e9e, dans les m\u00eames conditions et sous son contr\u00f4le \u00e0\u00a0:\n\u2022 M. Jean-Paul CURT, ouvrier des parcs et ateliers - technicien niveau 3, chef de  \nservice adjoint, pour les actes, documents et d\u00e9penses relevant de son service, \u00e0 \nconcurrence de 5\u00a0000\u00a0\u20ac\u00a0 et pour la constatation des services faits ;\n\u2022 M.  Jean-Guy  CHRISTOPHE,  contr\u00f4leur  des  services  techniques  de  classe \nsup\u00e9rieure,  chef  du  P\u00f4le  Logistique,  pour  les  actes,  documents  et  d\u00e9penses \nrelevant de son unit\u00e9, \u00e0 concurrence de 2 \u00a0500\u00a0\u20ac et pour la constatation des  \nservices faits ;\n\u2022 M. Julien MARCELLE, contr\u00f4leur des services techniques de classe sup\u00e9rieure,  \nchef de p\u00f4le Logistique adjoint, responsable du Parc Automobile, pour les actes,  \ndocuments et d\u00e9penses relevant de son unit\u00e9, \u00e0 concurrence de 2\u00a0500\u00a0\u20ac\u00a0 et pour \nla constatation des services faits ;\n\u2022 M. Laurent GUISEPPI, contr\u00f4leur des services techniques de classe normale, chef  \ndu site de Toulon-Brignoles, pour les actes, documents et d\u00e9penses relevant de  \nson unit\u00e9, \u00e0 concurrence de 2\u00a0500\u00a0\u20ac et pour la constatation des services faits\u00a0;\n\u2022 Mme Fr\u00e9d\u00e9rique NAUDOU, adjointe administrative principale de 2 \u00e8me   classe,  \nresponsable du p\u00f4le Courrier-Accueil de tout le p\u00e9rim\u00e8tre de l'ATE dans le Var,  \npour les actes, documents et d\u00e9penses relevant de son p\u00f4le, \u00e0 concurrence de \n2\u00a0500\u00a0\u20ac\u00a0et pour la constatation des services faits\u00a0;\n\u2022 M. Fabrice VALERE, contr\u00f4leur des services techniques de classe normale, chef  \nde site Draguignan-Saint Tropez, pour les actes, documents et d\u00e9penses relevant \nde son unit\u00e9, \u00e0 concurrence de 2\u00a0500\u00a0\u20ac et pour la constatation des services faits\u00a0;\n                                                                                                                                                                        9/11\nSecr\u00e9tariat g\u00e9n\u00e9ral commun d\u00e9partemental - 83-2026-01-08-00004 - Arr\u00eat\u00e9 n\u00b0SGC/2026 du 8 janvier 2026 portant subd\u00e9l\u00e9gation de\nsignature et d'ordonnancement secondaire aux cadres du secr\u00e9tariat g\u00e9n\u00e9ral commun d\u00e9partemental du Var 21\n\u2022 Mme Sophie BERANGER, secr\u00e9taire administrative de classe sup\u00e9rieure, charg\u00e9e  \nde mission immobilier, s'agissant de la constatation des \u00ab \u00a0services faits \u00bb par les  \nentreprises prestataires ext\u00e9rieures\u00a0;\n\u2022 M.  Fabrice  ALLEGRINI,  contr\u00f4leur  des  services  techniques  de  classe  \nexceptionnelle, charg\u00e9 de mission immobilier, s'agissant de la constatation des  \n\u00ab\u00a0services faits\u00bb par les entreprises prestataires ext\u00e9rieures\u00a0;\n\u2022 M. Georges JOLO, adjoint technique principal de 2 \u00e8me classe, agent technique du  \nsite de la pr\u00e9fecture et des sous-pr\u00e9fectures, s'agissant de la constatation des  \n\u00ab\u00a0services faits\u00bb par les entreprises prestataires ext\u00e9rieures \u00a0dans son p\u00e9rim\u00e8tre  \nd'intervention ;\n\u2022 M.  Gerald  VANDENBROEK,  adjoint  technique  principal  de  2\u00e8me classe,  agent \ntechnique  du  site  de  la  pr\u00e9fecture  et  des  sous-pr\u00e9fectures,  s'agissant  de  la \nconstatation des \u00ab\u00a0services faits\u00bb par les entreprises prestataires ext\u00e9rieures\u00a0dans \nson p\u00e9rim\u00e8tre d'intervention ;\n\u2022 Mme  Coralie  FERNANDO,  adjoint  technique  principal  de  1\u00e8re classe,  agent  \ntechnique  du  site  de  la  DDTM  de  Toulon,  s'agissant  de  la  constatation  des \n\u00ab\u00a0services faits \u00bb par les entreprises prestataires ext\u00e9rieures \u00a0dans son p\u00e9rim\u00e8tre  \nd'intervention ;\n\u2022 M. Said LARABI, adjoint technique principal de 1 \u00e8re classe, agent technique du  \nsite DDI DDTM Draguignan, s'agissant de la constatation des \u00ab\u00a0services faits\u00bb par \nles entreprises prestataires ext\u00e9rieures\u00a0dans son p\u00e9rim\u00e8tre d'intervention ;\nArticle   6  \u00a0: D\u00e9l\u00e9gation est donn\u00e9e \u00e0 M. Herv\u00e9 MARCY, chef du service interminist\u00e9riel  \nd\u00e9partemental des syst\u00e8mes d'information et de communication (SIDSIC) \u00a0, aux fins de  \nsigner tous actes, contrats, documents ou d\u00e9cisions pour l'ordonnancement secondaire \ndes d\u00e9penses relevant de l'exercice des attributions de cette unit\u00e9, dans la limite de  \n30\u00a0000\u00a0\u20ac et imput\u00e9es sur les programmes suivants\u00a0:\n\u2022 216 \u00ab\u00a0conduite et pilotage des politiques de l'Int\u00e9rieur\u00a0\u00bb\u00a0;\n\u2022 348  \u00ab\u00a0r\u00e9novation  des  cit\u00e9s  administratives  et  autres  sites  domaniaux  multi-\noccupants\u00a0\u00bb\u00a0pour les d\u00e9penses propres au domaine des syst\u00e8mes d'information \net de communication, toutes entit\u00e9s confondues\u00a0;\n\u2022 349 \u00ab\u00a0fonds pour la transformation de l'action publique\u00a0\u00bb\u00a0;\n\u2022 354  \u00ab\u00a0administration  territoriale  de  l'\u00c9tat\u00a0\u00bb  pour  les  d\u00e9penses  propres  au \ndomaine  des  syst\u00e8mes  d'information  et  de  communication,  toutes  entit\u00e9s \nconfondues\u00a0;\n\u2022 363 \u00ab\u00a0comp\u00e9titivit\u00e9\u00a0\u00bb\u00a0;\n\u2022 723 \u00ab \u00a0contribution aux d\u00e9penses immobili\u00e8res \u00a0\u00bb pour les d\u00e9penses de travaux  \npropres au domaine des syst\u00e8mes d'information et de communication.\nEn cas d'absence ou d'emp\u00eachement de M. Herv\u00e9 MARCY, la d\u00e9l\u00e9gation de signature  \nqui  lui  est  accord\u00e9e  au  titre  du  pr\u00e9sent  article  est  exerc\u00e9e  par  M.  Omar  HAMEL, \n                                                                                                                                                                        10/11\nSecr\u00e9tariat g\u00e9n\u00e9ral commun d\u00e9partemental - 83-2026-01-08-00004 - Arr\u00eat\u00e9 n\u00b0SGC/2026 du 8 janvier 2026 portant subd\u00e9l\u00e9gation de\nsignature et d'ordonnancement secondaire aux cadres du secr\u00e9tariat g\u00e9n\u00e9ral commun d\u00e9partemental du Var 22\ning\u00e9nieur des syst\u00e8mes d'information et de communication, adjoint au chef de service  \ninterminist\u00e9riel dans la limite de 5\u00a0000\u00a0\u20ac.\nEn cas d'absence de MM. Herv\u00e9 MARCY et Omar HAMEL, d\u00e9l\u00e9gation est donn\u00e9e, dans  \nles m\u00eames conditions, \u00e0 Mme Alexandra POLI, ing\u00e9nieure des syst\u00e8mes d'information et \nde communication, dans la limite de 5\u00a0000\u00a0\u20ac.\nArticle 7 \u00a0: M. S\u00e9bastien ODDONE  attribue une carte d'achat nominative aux porteurs  \nde carte d'achat list\u00e9s dans le tableau en annexe 1 du pr\u00e9sent arr\u00eat\u00e9, afin de l'utiliser  \ndans le cadre de leurs attributions, comp\u00e9tences et dans la limite fix\u00e9e.\nArticle 8  \u00a0  :   Toute disposition ant\u00e9rieure contraire \u00e0 celles du pr\u00e9sent arr\u00eat\u00e9, est abrog\u00e9e \n\u00e0 compter de sa publication. \nL'arr\u00eat\u00e9  pr\u00e9fectoral  n\u00b0  SGC/2025  \u2013 du  4  novembre  2025  portant  subd\u00e9l\u00e9gation  de \nsignature et d'ordonnancement secondaire aux cadres du secr\u00e9tariat g\u00e9n\u00e9ral commun  \nd\u00e9partemental du Var est abrog\u00e9.\nArticle     9  \u00a0: Le directeur du secr\u00e9tariat g\u00e9n\u00e9ral commun d\u00e9partemental est charg\u00e9 de  \nl'ex\u00e9cution du pr\u00e9sent arr\u00eat\u00e9, qui sera publi\u00e9 au recueil des actes administratifs de la  \npr\u00e9fecture.\n  Fait \u00e0 Toulon, le 8 janvier 2026\nPour Le Pr\u00e9fet et par d\u00e9l\u00e9gation\nLe directeur du secr\u00e9tariat\ng\u00e9n\u00e9ral commun d\u00e9partemental\nsign\u00e9\n  S\u00e9bastien ODDONE\n                                                                                                                                                                        11/11\nSecr\u00e9tariat g\u00e9n\u00e9ral commun d\u00e9partemental - 83-2026-01-08-00004 - Arr\u00eat\u00e9 n\u00b0SGC/2026 du 8 janvier 2026 portant subd\u00e9l\u00e9gation de\nsignature et d'ordonnancement secondaire aux cadres du secr\u00e9tariat g\u00e9n\u00e9ral commun d\u00e9partemental du Var 23\nANNEXE 1\nListe nominative des porteurs de carte achat du secr\u00e9tariat g\u00e9n\u00e9ral commun\u00a0\nd\u00e9partemental du Var\nCHRISTOPHE\u00a0\u00a0\u00a0\u00a0\u00a0\u00a0\u00a0\u00a0\u00a0\u00a0\u00a0\u00a0\u00a0\u00a0\u00a0\u00a0\u00a0\u00a0\u00a0\u00a0 JEAN-GUY\u00a0\nCURT\u00a0\u00a0\u00a0\u00a0\u00a0\u00a0\u00a0\u00a0\u00a0\u00a0\u00a0\u00a0\u00a0\u00a0\u00a0\u00a0\u00a0\u00a0\u00a0\u00a0\u00a0\u00a0\u00a0\u00a0\u00a0\u00a0 JEAN\u00a0PAUL\u00a0\nVALERE\u00a0\u00a0\u00a0\u00a0\u00a0\u00a0\u00a0\u00a0\u00a0\u00a0\u00a0\u00a0\u00a0\u00a0\u00a0\u00a0\u00a0\u00a0\u00a0\u00a0\u00a0\u00a0\u00a0\u00a0 FABRICE\u00a0\nWEISS\u00a0\u00a0\u00a0\u00a0\u00a0\u00a0\u00a0\u00a0\u00a0\u00a0\u00a0\u00a0\u00a0\u00a0\u00a0\u00a0\u00a0\u00a0\u00a0\u00a0\u00a0\u00a0\u00a0\u00a0\u00a0 VALERIE\u00a0\nMARCY\u00a0\u00a0\u00a0\u00a0\u00a0\u00a0\u00a0\u00a0\u00a0\u00a0\u00a0\u00a0\u00a0\u00a0\u00a0\u00a0\u00a0\u00a0\u00a0\u00a0\u00a0\u00a0\u00a0 HERVE\u00a0\n                                                                                                                                                                        12/11\nSecr\u00e9tariat g\u00e9n\u00e9ral commun d\u00e9partemental - 83-2026-01-08-00004 - Arr\u00eat\u00e9 n\u00b0SGC/2026 du 8 janvier 2026 portant subd\u00e9l\u00e9gation de\nsignature et d'ordonnancement secondaire aux cadres du secr\u00e9tariat g\u00e9n\u00e9ral commun d\u00e9partemental du Var 24","date":"2026-01-09","first_seen_on":"2026-01-09T16:22:59+00:00","id":"d95813f23d391662b77f256b4317475dca4f613b4ed0edc6610803b09b896612","name":"RAA N\u00b0012 du 9 janvier 2026","pdf_creation_date":"2026-01-09T15:26:33+00:00","pdf_modification_date":null,"timezone":"Europe/Paris","url":"https://www.var.gouv.fr/contenu/telechargement/44358/289496/file/RAA%20N%C2%B0012%20du%209%20janvier%202026%20NOMINATIF.pdf"}
