{"administration":"pref13","administration_name":"Pr\u00e9fecture des Bouches-du-Rh\u00f4ne","content":"| 3PREFETDES BOUCHES-DU-RHONELibert\u00e9Egalit\u00e9Fraternit\u00e9\nPr\u00e9f\u00e8te de police d\u00e9l\u00e9gu\u00e9e\nArr\u00eat\u00e9 portant r\u00e9glementation temporaire de la circulation routi\u00e8re \ndans le d\u00e9partement des Bouches-du-Rh\u00f4ne \nLa pr\u00e9f\u00e8te de police d\u00e9l\u00e9gu\u00e9e des Bouches-du-Rh\u00f4ne,\nVu le code g\u00e9n\u00e9ral des collectivit\u00e9s territoriales, notamment les articles L 2212-2, L 2215-1 et\nL 2214-4 ;\nVu la loi n\u00b0 82.213 du 2 mars 1982 sur les droits et libert\u00e9s des communes, des d\u00e9partements\net des r\u00e9gions, modifi\u00e9e\u00a0;\nVu le Code de la route\u00a0;\nVu le Code de la voirie routi\u00e8re\u00a0;\nVu le d\u00e9cret n\u00b0 2025-723 du 30 juillet 2025 relatif aux pouvoirs des pr\u00e9fets, \u00e0 l'organisation et\n\u00e0 l'action des services de l'\u00c9tat dans les r\u00e9gions et d\u00e9partements  ;\nVu le d\u00e9cret du Pr\u00e9sident de la R\u00e9publique en date du 19 novembre 2025 portant nomination\nde Monsieur Jacques WITKOWSKI en qualit\u00e9 de pr\u00e9fet de la r\u00e9gion Provence- Alpes-C\u00f4te\nd'Azur, pr\u00e9fet de la zone de d\u00e9fense et de s\u00e9curit\u00e9 Sud, pr\u00e9fet des Bouches-du-Rh\u00f4ne ;\nVu  le d\u00e9cret du pr\u00e9sident de la R\u00e9publique du 17 juillet 2025 portant nomination de Mme\nCorinne SIMON en qualit\u00e9 de pr\u00e9f\u00e8te de police d\u00e9l\u00e9gu\u00e9e aupr\u00e8s du pr\u00e9fet des Bouches-du-\nRh\u00f4ne ;\nVu le d\u00e9cret du pr\u00e9sident de la R\u00e9publique du 31 juillet 2025 portant nomination de Mme Lola\nMENAHEM en qualit\u00e9 de sous-pr\u00e9f\u00e8te, directrice de cabinet de la pr\u00e9f\u00e8te de police d\u00e9l\u00e9gu\u00e9e\naupr\u00e8s du pr\u00e9fet des Bouches-du-Rh\u00f4ne ;\nVu le d\u00e9cret du pr\u00e9sident de la R\u00e9publique du 23 septembre 2025 portant nomination de M.\nPierre GILARDEAU en qualit\u00e9 de sous-pr\u00e9fet, directeur de cabinet adjoint de la pr\u00e9f\u00e8te de\npolice d\u00e9l\u00e9gu\u00e9e aupr\u00e8s du pr\u00e9fet des Bouches-du-Rh\u00f4ne  ;\nVu l'arr\u00eat\u00e9 pr\u00e9fectoral du 1 er d\u00e9cembre 2025 donnant d\u00e9l\u00e9gation de signature \u00e0 Mme Corinne\nSIMON, pr\u00e9f\u00e8te de police d\u00e9l\u00e9gu\u00e9e aupr\u00e8s du pr\u00e9fet des Bouches-du-Rh\u00f4ne ainsi qu'\u00e0 Mme\nLola MENAHEM, sous-pr\u00e9f\u00e8te, directrice de cabinet de la pr\u00e9f\u00e8te de police d\u00e9l\u00e9gu\u00e9e  et de M.\nPierre GILARDEAU en qualit\u00e9 de sous-pr\u00e9fet, directeur de cabinet adjoint de la pr\u00e9f\u00e8te de\npolice d\u00e9l\u00e9gu\u00e9e ;\nCONSIDERANT la  manifestation  non  d\u00e9clar\u00e9e  organis\u00e9e  le  17  d\u00e9cembre  2025  par  des\nrepr\u00e9sentants d'une organisation syndicale d'agriculteurs, qui a r\u00e9uni depuis 5 heures du matin\n100 personnes et 30 engins agricoles ;\n\nCONSIDERANT que  cette  manifestation  a  eu  pour  objectif  d'installer  un  barrage  filtrant\nnotamment au moyen d'engins agricoles sur le pont de Bonpas reliant la commune de Noves\n(13) \u00e0 celle d'Avignon (84)\u00a0;\nCONSIDERANT les manifestations du 12 et 17 d\u00e9cembre 2025 qui ont conduit \u00e0 des entraves \u00e0\nla circulation, comme \u00e0 Pradelles en Haute-Loire, \u00e0 la jonction des routes nationales 88 et 102,\n\u00e0 des blocages, comme sur l'A64 au sud de Toulouse, mais \u00e9galement \u00e0 des barrages \u00e9rig\u00e9s par\ndes manifestants, comme sur le rond-point de la Saulce dans les Alpes-Maritime avec des\nincendies de palettes et de pneus \u00a0; consid\u00e9rant \u00e9galement la tenue d'une manifestation non\nd\u00e9clar\u00e9e le 13 d\u00e9cembre dernier dans les Bouches-du-Rh\u00f4ne au niveau du rond-point de Saint-\nMartin-de-Crau, qui a donn\u00e9 lieu \u00e0 des d\u00e9p\u00f4ts de pneus et d'encombrants sur la route\u00a0;\nCONSIDERANT  que  ces  manifestations  non  d\u00e9clar\u00e9es  provoquent  des  troubles  graves  \u00e0\nl'ordre public\u00a0;\nCONSIDERANT qu'il  importe  d'assurer  la  s\u00e9curit\u00e9  des  usagers  de  la  route,  il  y  a  lieu  de\nr\u00e9glementer temporairement la circulation sur les axes routiers du secteur du pont de Bonpas\u00a0;\nARR\u00caTE :\nArticle 1     :   \nLa manifestation organis\u00e9e le 17 d\u00e9cembre par le syndicat agricole \u00ab  la Coordination Rurale  \u00bb\nn\u00e9cessite en cas de d\u00e9part ou de r\u00e9installation des manifestants un important nettoyage des\nvoies de circulation. \u00c0 ce titre sur le secteur du pont de Bonpas, une mesure d'interdiction de\nla circulation des poids-lourds est mise en place le 18 d\u00e9cembre jusqu'a 00h00: \n- Sur la commune de Plan d'Orgon, \u00e0 partir du croisement D7N et D99 sur la D7N en direction\nde Saint Andiol\n- Sur  la commune de Plan d'Orgon, \u00e0 partir  du  rond point  de Cabannes en direction de\nCabannes\n- Sur la commune de Ch\u00e2teaurenard, \u00e0 partir du giratoire de la Turbine sur la route de Noves.\nArticle 2  \u00a0  :  \nLa r\u00e9ouverture des routes concern\u00e9es sera effective \u00e0 l'issue de la manifestation non-d\u00e9clar\u00e9e,\nsi l'\u00e9tat des routes le permet et qu'aucun obstacle \u00e0 la circulation n'y est pr\u00e9sent.\nArticle 3     :  \nLes  usagers  seront  inform\u00e9s  par  tous  moyens,  messages  diffus\u00e9s  par  PMV,  signalisation\nsp\u00e9ciale, messages radio. \nArticle 4 :\nLe pr\u00e9sent arr\u00eat\u00e9 est publi\u00e9 au recueil des actes administratifs des services de l'\u00c9tat dans les\nBouches-du-Rh\u00f4ne.  Il  peut  faire  l'objet  d'un  recours  contentieux  devant  le  tribunal\nadministratif de Marseille dans un d\u00e9lai de deux mois \u00e0 compter de sa publication. Le tribunal\nadministratif de Marseille est comp\u00e9tent pour conna\u00eetre des litiges n\u00e9s de l'application du\npr\u00e9sent arr\u00eat\u00e9. La juridiction administrative comp\u00e9tente peut aussi \u00eatre saisie par l'application\nT\u00e9l\u00e9 recours citoyens accessible \u00e0 partir du site www.telerecours.fr ;\nArticle  \u00a0  5  \u00a0:\nLe  sous-pr\u00e9fet  de  l'arrondissement  d'Aix-en-Provence,  Monsieur  le  g\u00e9n\u00e9ral  commandant  le\ngroupement  de  gendarmerie  d\u00e9partementale  des  Bouches-du-Rh\u00f4ne,  le  directeur\nd\u00e9partemental des territoires et de la mer des Bouches-du-Rh\u00f4ne, la pr\u00e9sidente du Conseil\nD\u00e9partemental des Bouches-du-Rh\u00f4ne, les maires concern\u00e9s du d\u00e9partement des Bouches-du-\nRh\u00f4ne sont charg\u00e9s, chacun en ce qui le concerne, de l'ex\u00e9cution du pr\u00e9sent arr\u00eat\u00e9 dont copie\nsera adress\u00e9e \u00e0 Messieurs les procureurs de la R\u00e9publique d'Aix-en-Provence et Tarascon.\nMarseille, le 17 d\u00e9cembre 2025\nLa pr\u00e9f\u00e8te de police d\u00e9l\u00e9gu\u00e9e \nSign\u00e9\nCorinne SIMON","date":"2025-12-17","first_seen_on":"2025-12-17T19:08:21+00:00","id":"d98724a5a3f135791a018e1dee0d64d994a98214070a1e4ae963fbc8d1018c29","name":"recueil-13-2025-386-receuil-des actes-administratifs-special du 17 d\u00e9cembre 2025","pdf_creation_date":"2025-12-17T17:22:16+00:00","pdf_modification_date":null,"timezone":"Europe/Paris","url":"https://www.bouches-du-rhone.gouv.fr/contenu/telechargement/62346/438698/file/recueil-13-2025-386-receuil-des%20actes-administratifs-special%20du%2017%20d%C3%A9cembre%202025.pdf"}
