{"administration":"pref30","administration_name":"Pr\u00e9fecture du Gard","content":"PR\u00c9FET\nDU GARD\nRECUEIL DES ACTES\nADMINISTRATIFS SP\u00c9CIAL\n(NOMINATIFS)\nN\u00b030-2024-118\nPUBLI\u00c9 LE  2 AO\u00dbT 2024\nSommaire\nDirection d\u00e9partementale de l'\u00e9conomie, de l'emploi, du travail et des\nsolidarit\u00e9s  /\n30-2024-07-31-00004 - R\u00e9c\u00e9piss\u00e9 d\u00e9claration SAP PUJOL Vincent, LP\nClean (2 pages) Page 3\n2\nDirection d\u00e9partementale de l'\u00e9conomie, de\nl'emploi, du travail et des solidarit\u00e9s \n30-2024-07-31-00004\nR\u00e9c\u00e9piss\u00e9 d\u00e9claration SAP PUJOL Vincent, LP\nClean\nDirection d\u00e9partementale de l'\u00e9conomie, de l'emploi, du travail et des solidarit\u00e9s  - 30-2024-07-31-00004 - R\u00e9c\u00e9piss\u00e9 d\u00e9claration SAP\nPUJOL Vincent, LP Clean 3\n. Direction D\u00e9partementalePREFET de l'Emploi, du Travail et des Solidarit\u00e9sDU GARDLibert\u00e9\u00c9galit\u00e9Fraternit\u00e9\nR\u00e9c\u00e9piss\u00e9 de d\u00e9claration n\u00b0 30-2024-07-31 n\u00b0d'un organisme de services \u00e0 la personneenregistr\u00e9 sous le n\u00b0 SAP 948547922Le pr\u00e9fet du GardChevalier de la L\u00e9gion d'HonneurChevalier de l'Ordre National du M\u00e9riteVu le code du travail et not\u00e4mment les articles L.7231-1 \u00e0 L.7233-2, R.7232-18 \u00e0 R.7232-24,D.7231-1 et D.7233-1 \u00e0 D.7233-5 ;Vu l'arr\u00eat\u00e9 du ministre de l'int\u00e9rieur et des outre-mer du 30 janvier 2024 nommant Mme SophieBOUDOT, attach\u00e9e d'administration hors classe de I'\u00e9tat, directrice d\u00e9partementale, de I'emploi,du travail et des solidarit\u00e9s du Gard, \u00e0 compter du 19 f\u00e9vrier 2024 :Vu l'arr\u00eat\u00e9 du 19 f\u00e9vrier 2024 donnant d\u00e9l\u00e9gation de signature \u00e0 Madame Sophie BOUDOT,directrice d\u00e9partementale de l'emploi, du travail et des solidarit\u00e9s du Gard, \u00e0 compter du 19f\u00e9vrier ;Vu l'arr\u00eat\u00e9 du 21 f\u00e9vrier 2024 portant subd\u00e9l\u00e9gation aux agents de la direction d\u00e9partementale deI'emploi, du travail et des solidarit\u00e9s ;Vu la circulaire DGE du 11 avril 2019 relative aux activit\u00e9s de'services \u00e0 la personne : d\u00e9clarationet agr\u00e9ment des organismes de services \u00e0 la personne ;Constate :Qu'une d\u00e9claration d'activit\u00e9s de services \u00e0 la personne a \u00e9t\u00e9 d\u00e9pos\u00e9e aupr\u00e8s de la directiond\u00e9partementale de I'emploi, du travail et des solidarit\u00e9s, le 11 juillet 2024, par Monsieur PUJOLVincent en qualit\u00e9 de responsable, pour l'organisme \u00ab LP Clean \u00bb Siret 948547922 00013 dontl'\u00e9tablissement principal est situ\u00e9 au 469 rue du 26 aout 1944, 30250 LECQUES et enreglstreesous le n\u00b0 SAP 948547922 pour les activit\u00e9s suivantes :Activit\u00e9s relevant uniquement de la d\u00e9claration en mode prestataire :e Entretien de la maison et travaux m\u00e9nagers,\nToute modification concernant les activit\u00e9s exerc\u00e9es devra faire l'objet d'une d\u00e9clarationmodificative pr\u00e9alable.Sous r\u00e9serve d'\u00eatre exerc\u00e9es \u00e0 titre exclusif (ou sous r\u00e9serve d'une comptabilit\u00e9 s\u00e9par\u00e9e pour -les personnes morales dispens\u00e9es de cette condition), ces activit\u00e9s ouvrent droit au b\u00e9n\u00e9fice desdispositions des articles L. 7233-2 du code du travail et L. 241-10 du code de la s\u00e9curit\u00e9 socialedans les conditions pr\u00e9vues par ces articles.\nMas de I'Agriculture \u2014 1120 route de Saint Gilles \u2014 BP 39081 \u2014 30972 NIMES CEDEX 9T\u00e9l : 04 30 08 61 20 \u2014 Fax : 04 30 08 61 21 \u2014 www.gard.gouv.fr\nDirection d\u00e9partementale de l'\u00e9conomie, de l'emploi, du travail et des solidarit\u00e9s  - 30-2024-07-31-00004 - R\u00e9c\u00e9piss\u00e9 d\u00e9claration SAP\nPUJOL Vincent, LP Clean 4\nLes effets de la d\u00e9claration courent \u00e0 compter du jour du d\u00e9p\u00f4t de la d\u00e9claration sous r\u00e9serve desdispositions de l'article R:7232-18 du code du travail.Le pr\u00e9sent r\u00e9c\u00e9piss\u00e9 est \u00e0 port\u00e9e nationale et n'est pas limit\u00e9 dans le temps, \u00e0 'exception desactivit\u00e9s relevant de l'agr\u00e9ment dont les effets sont limit\u00e9s \u00e0 5 ans.L'\u00e9nregistrement de la d\u00e9claration peut \u00eatre retir\u00e9 dans les conditions fix\u00e9es aux articles R.7232-20\u00e0 R:7232-22 du code du travail.Le pr\u00e9sent r\u00e9c\u00e9piss\u00e9 sera publi\u00e9 au recueil des actes administratifs de la pr\u00e9fecture duGard.Fait \u00e0 Nimes, le 31 juillet 2024.\n. Pour la l\u00efectrlce d\u00e9partementale de l'emploi,du travail et des\\solidarit\u00e9s duGard et par d\u00e9l\u00e9gationle directeuf\\d\u00e9partemental adjointa directrice H\u00e9partementale\\ce l'emplol, d tf%h\u00e2ud MORIN\nRenaud MORINVoies de recours :La pr\u00e9sente d\u00e9cision peut, \u00e0 compter de sa publication, faire l'objet d'un recours gracieux aupr\u00e8sde la Direction D\u00e9partementale de l'Emploi, du Travail et des Solidarit\u00e9s- Mas de l'Agriculture \u20141120 route de Saint Gilles \u2014 BP. 39081 \u2014 30972 NIMES CEDEX 9 ou d'un recours hi\u00e9rarchiqueadress\u00e9 au ministre charg\u00e9 de l'\u00e9conomie - Direction g\u00e9n\u00e9rale des entreprises - sous-direction desservices marchands, 6, rue Louise Weiss, 75703 Paris cedex13.Elle peut egalement faire l'objet d'un recours contentieux dans un d\u00e9lai de deux mois \u00e0 compter desa publication aupr\u00e9s du Tribunal administratif de Nimes - 16 avenue Feuch\u00e9res - 30000 Nimes.Le tribunal administratif peut -\u00e9tre saisi par l'application informatique \u00abT\u00e9l\u00e9recours citoyen\u00bbaccessible sur le site internet www.telerecours.fr.En cas de rejet du recours gracieux ou hi\u00e9rarchique ou en l'absence de r\u00e9ponse \u00e0 ce recours (rejetimplicite), un recours contentieux devant le tribunal administratif peut \u00e9galement \u00eatre form\u00e9 contrela d\u00e9cision initiale dans un d\u00e9lai de deux mois \u00e0 compter de ce rejet.\nDirection d\u00e9partementale de l'\u00e9conomie, de l'emploi, du travail et des solidarit\u00e9s  - 30-2024-07-31-00004 - R\u00e9c\u00e9piss\u00e9 d\u00e9claration SAP\nPUJOL Vincent, LP Clean 5","date":"2024-08-02","first_seen_on":"2025-01-08T19:21:47+00:00","id":"d98ae97a64de81bc41d01ce81e9e1a075bf11768eab8da66c99d532a7a9e5ae4","name":"recueil-30-2024-118-nominatifs du 02 08 2024","pdf_creation_date":"2024-08-02T15:15:38+00:00","pdf_modification_date":null,"timezone":"CET","url":"https://www.gard.gouv.fr/contenu/telechargement/58693/439024/file/recueil-30-2024-118-nominatifs%20du%2002%2008%202024.pdf"}
