{"administration":"pref83","administration_name":"Pr\u00e9fecture du Var","content":"VAR\nRECUEIL DES ACTES\nADMINISTRATIFS SP\u00c9CIAL\n(NOMINATIFS)\nN\u00b083-2025-379\nPUBLI\u00c9 LE  7 NOVEMBRE 2025\nSommaire\nPr\u00e9fecture du VAR / Direction de la citoyennet\u00e9 et de la l\u00e9galit\u00e9\n83-2025-11-04-00007 - ARR\u00caT\u00c9 PR\u00c9FECTORAL n\u00b0\nDCL/BERG/2025/0200 du 4 novembre 2025 portant renouvellement de\nl'habilitation dans le domaine fun\u00e9raire\nde l'entreprise\nindividuelle de Monsieur Allan DOMINGUEZ-MOLEDO\nd\u00e9nomm\u00e9e\n\u00ab\u00a0PRESTATION SERVICE DOMINGUEZ\nALLAN\u00a0\u00bb\nsise 52, place Jean-Philippe Rameau - 83500 LA\nSEYNE-SUR-MER Habilitation N\u00b0 25-83-0175 (2 pages) Page 3\n83-2025-11-04-00006 - ARR\u00caT\u00c9 PR\u00c9FECTORAL n\u00b0\nDCL/BERG/2025/0210 du 4 novembre 2025 portant renouvellement de\nl'habilitation de la chambre fun\u00e9raire\n\u00ab\u00a0MAISON\nFUN\u00c9RAIRE\u00a0\u00bb situ\u00e9e 629, boulevard du Levant \u00e0\nBORMES-LES-MIMOSAS (83230) -\nHabilitation N\u00b0 25-83-0164 (2 pages) Page 6\n83-2025-11-03-00004 - ARR\u00caT\u00c9 PR\u00c9FECTORAL n\u00b0\nDCL/BERG/2025/0220 du 3 novembre 2025 portant renouvellement de\nl'habilitation dans le domaine fun\u00e9raire\nde l'\u00e9tablissement\nsecondaire \u00ab\u00a0POMPES FUN\u00c8BRES COSTA\u00a0\u00bb situ\u00e9 Lieu-dit Quartier\nSaint-Andr\u00e9 \u00e0 GASSIN (83580) -\nHabilitation N\u00b0 25-83-0189 (2 pages) Page 9\nPr\u00e9fecture du VAR / Direction de la coordination des politiques publiques\net de l'appui territorial\n83-2025-11-06-00009 - ARR\u00caT\u00c9 PR\u00c9FECTORAL  du 6 novembre\n2025\nportant l'ouverture d'enqu\u00eates parcellaires\ncompl\u00e9mentaires simplifi\u00e9es \npr\u00e9alables \u00e0 la cessibilit\u00e9, en tout\nou partie, d'immeubles ou de droits r\u00e9els immobiliers n\u00e9cessaires \u00e0\nla r\u00e9alisation  des travaux de la phase 1 de la ligne nouvelle Provence\nC\u00f4te d'Azur (LNPCA), sur les territoires des communes de La Garde et\nSaint-Cyr-sur-Mer,\nau b\u00e9n\u00e9fice du ma\u00eetre d'ouvrage SNCF\nR\u00e9seau.\n (5 pages) Page 12\n2\nPr\u00e9fecture du VAR\n83-2025-11-04-00007\nARR\u00caT\u00c9 PR\u00c9FECTORAL n\u00b0 DCL/BERG/2025/0200\ndu 4 novembre 2025 portant renouvellement de\nl'habilitation dans le domaine fun\u00e9raire\nde l'entreprise individuelle de Monsieur Allan\nDOMINGUEZ-MOLEDO d\u00e9nomm\u00e9e\n\u00ab\u00a0PRESTATION SERVICE DOMINGUEZ ALLAN\u00a0\u00bb\nsise 52, place Jean-Philippe Rameau - 83500 LA\nSEYNE-SUR-MER Habilitation N\u00b0 25-83-0175\nPr\u00e9fecture du VAR - 83-2025-11-04-00007 - ARR\u00caT\u00c9 PR\u00c9FECTORAL n\u00b0 DCL/BERG/2025/0200 du 4 novembre 2025 portant\nrenouvellement de l'habilitation dans le domaine fun\u00e9raire\nde l'entreprise individuelle de Monsieur Allan DOMINGUEZ-MOLEDO d\u00e9nomm\u00e9e\n\u00ab\u00a0PRESTATION SERVICE DOMINGUEZ ALLAN\u00a0\u00bb\nsise 52, place Jean-Philippe Rameau - 83500 LA SEYNE-SUR-MER Habilitation N\u00b0 25-83-0175\n3\n=mPREFETDU VARLibert\u00e9Egalit\u00e9Fraternit\u00e9\nDirection de la citoyennet\u00e9 et de la l\u00e9galit\u00e9\nBureau des \u00e9lections et de la r\u00e9glementation g\u00e9n\u00e9rale\nARR\u00caT\u00c9 PR\u00c9FECTORAL n\u00b0 DCL/BERG/2025/0200 du 4 novembre 2025\nportant renouvellement de l'habilitation dans le domaine fun\u00e9raire\nde l'entreprise individuelle de Monsieur Allan DOMINGUEZ-MOLEDO d\u00e9nomm\u00e9e\n\u00ab PRESTATION SERVICE DOMINGUEZ ALLAN \u00bb\nsise 52, place Jean-Philippe Rameau \u2013 83500 LA SEYNE-SUR-MER\nHabilitation N\u00b0 25-83-0175\nLe Pr\u00e9fet du Var,\nVu le code g\u00e9n\u00e9ral des collectivit\u00e9s territoriales  et notamment ses articles L2223-23 et suivants  \nainsi que ses articles R2223-56 et suivants ;\nVu la loi n\u00b0 2008-1350 du 19 d\u00e9cembre 2008 relative \u00e0 la l\u00e9gislation fun\u00e9raire ;\nVu le d\u00e9cret du Pr\u00e9sident de la R\u00e9publique du 15 mai 2025, portant nomination de Monsieur  \nSimon BABRE, pr\u00e9fet du Var ;\nVu l'arr\u00eat\u00e9 pr\u00e9fectoral n\u00b0 2025/12/MCI du 2 juin 2025 portant d\u00e9l\u00e9gation de signature \u00e0 Monsieur  \nLucien GIUDICELLI, secr\u00e9taire g\u00e9n\u00e9ral de la pr\u00e9fecture du Var, sous-pr\u00e9fet de l'arrondissement de  \nToulon ;\nVu  l'arr\u00eat\u00e9  pr\u00e9fectoral  n\u00b0  2025/53/MCI  du  15  juillet  2025  portant  d\u00e9l\u00e9gation  de  signature  \u00e0 \nMonsieur Thibaut DARGON, directeur de la citoyennet\u00e9 et de la l\u00e9galit\u00e9 de la pr\u00e9fecture du Var ;\nVu l'arr\u00eat\u00e9 pr\u00e9fectoral n\u00b0 20-83-0175 du 22 d\u00e9cembre 2020, portant renouvellement d'habilitation \ndans le domaine fun\u00e9raire de l'entreprise individuelle de Monsieur Allan DOMINGUEZ-MOLEDO \nd\u00e9nomm\u00e9e \u00ab PRESTATION SERVICE DOMINGUEZ ALLAN \u00bb ;\nVu  la  demande  de  renouvellement  d'habilitation  dans  le  domaine  fun\u00e9raire formul\u00e9e  le  04 \nseptembre 2025 par Monsieur  Allan DOMINGUEZ-MOLEDO ,  sous le nom commercial et sous  \nl'enseigne \u00ab  PRESTATION SERVICE DOMINGUEZ ALLAN  \u00bb, situ\u00e9 au 52, place Jean-Philippe  \nRameau \u00e0 La Seyne-sur-Mer (83500) ;\nConsid\u00e9rant la compl\u00e9tude du dossier ;\nSur proposition du secr\u00e9taire g\u00e9n\u00e9ral de la pr\u00e9fecture ;\n1/2\nPr\u00e9fecture du VAR - 83-2025-11-04-00007 - ARR\u00caT\u00c9 PR\u00c9FECTORAL n\u00b0 DCL/BERG/2025/0200 du 4 novembre 2025 portant\nrenouvellement de l'habilitation dans le domaine fun\u00e9raire\nde l'entreprise individuelle de Monsieur Allan DOMINGUEZ-MOLEDO d\u00e9nomm\u00e9e\n\u00ab\u00a0PRESTATION SERVICE DOMINGUEZ ALLAN\u00a0\u00bb\nsise 52, place Jean-Philippe Rameau - 83500 LA SEYNE-SUR-MER Habilitation N\u00b0 25-83-0175\n4\nARR\u00caTE\nArticle 1 : L'entreprise individuelle de Monsieur Allan DOMINGUEZ-MOLEDO, exploit\u00e9e sous le \nnom commercial et sous l'enseigne \u00ab  PRESTATION SERVICE DOMINGUEZ ALLAN  \u00bb, sise 52,  \nplace Jean-Philippe Rameau \u00e0 La Seyne-sur-Mer (83500), est habilit\u00e9e pour exercer l'activit\u00e9  \nsuivante :\n4 - Fourniture  des  housses,  cercueils  et  accessoires  int\u00e9rieur  et  ext\u00e9rieur  ainsi  que  des  urnes\ncin\u00e9raires,\n8 - Fourniture de personnels et des objets et prestations n\u00e9cessaires aux obs\u00e8ques, inhumations,  \nexhumations et cr\u00e9mations.\nArticle 2     : L'habilitation porte le num\u00e9ro 25-83-0175\nArticle 3     : La pr\u00e9sente habilitation prendra effet \u00e0 compter du 22 d\u00e9cembre 2025 pour une dur\u00e9e \nde cinq ans, soit jusqu'au 21 d\u00e9cembre 2030.\nPour solliciter le renouvellement de la pr\u00e9sente habilitation, le b\u00e9n\u00e9ficiaire devra faire parvenir sa  \ndemande en pr\u00e9fecture au plus tard deux mois avant sa date de fin de validit\u00e9.\nArticle 4     : Conform\u00e9ment aux articles L.2223-25 et R.2223-64, D.2223-87 du code g\u00e9n\u00e9ral des  \ncollectivit\u00e9s territoriales, et \u00e0 d\u00e9faut de la production, dans les meilleurs d\u00e9lais, des justificatifs de  \nconformit\u00e9 des \u00e9quipements, la pr\u00e9sente habilitation pourra \u00eatre suspendue pour une dur\u00e9e  \nmaximale d'un an ou retir\u00e9e, apr\u00e8s mise en demeure, pour les motifs suivants :\n- non-respect des conditions de sa d\u00e9livrance telles qu'elles sont d\u00e9finies par les dispositions du  \ncode g\u00e9n\u00e9ral des collectivit\u00e9s territoriales ;\n- non exercice ou cessation d'exercice des activit\u00e9s au titre desquelles elle a \u00e9t\u00e9 d\u00e9livr\u00e9e ;\n- atteinte \u00e0 l'ordre public ou danger pour la salubrit\u00e9 publique.\nDans les cas o\u00f9 le b\u00e9n\u00e9ficiaire est un d\u00e9l\u00e9gataire, le retrait d'habilitation entra\u00eene la d\u00e9ch\u00e9ance  \ndes d\u00e9l\u00e9gations.\nArticle 5     : Le secr\u00e9taire g\u00e9n\u00e9ral de la pr\u00e9fecture du Var est charg\u00e9 de l'ex\u00e9cution du pr\u00e9sent arr\u00eat\u00e9 \nqui sera publi\u00e9 au recueil des actes administratifs de la pr\u00e9fecture du Var et dont une copie sera  \nadress\u00e9e au maire de la commune de La Seyne-sur-Mer pour information.\nFait \u00e0 Toulon, le 4 novembre 2025\nPour le pr\u00e9fet et par d\u00e9l\u00e9gation,\nLe directeur de la citoyennet\u00e9\net de la l\u00e9galit\u00e9\nSign\u00e9\nThibaut DARGON\nDans un d\u00e9lai de deux mois \u00e0 compter de la date de la notification ou de la publication du pr\u00e9sent arr\u00eat\u00e9 au recueil des actes administratifs de la \npr\u00e9fecture, les recours suivants peuvent \u00eatre introduits conform\u00e9ment aux dispositions des articles R. 421-1 et suivants du code de justice \nadministrative :\n- un recours gracieux, adress\u00e9 \u00e0 :\nM. le Pr\u00e9fet du Var - Boulevard du 112\u00e8me r\u00e9giment d'infanterie - CS 31209 - 83070 TOULON CEDEX\n- un recours hi\u00e9rarchique, adress\u00e9 au(x) ministre(s) concern\u00e9(s) ;\nDans ces deux cas, le silence de l'Administration vaut rejet implicite au terme d'un d\u00e9lai de deux mois.\nApr\u00e8s un recours gracieux ou hi\u00e9rarchique, le d\u00e9lai du recours contentieux ne court qu'\u00e0 compter du rejet explicite ou implicite de l'un de ces \nrecours.\n- un recours contentieux, en saisissant le Tribunal Administratif de Toulon : 5 rue Racine -BP 40510 - 83 041 TOULON CEDEX 9\nLe tribunal administratif peut \u00eatre saisi par l'application informatique \u00ab T\u00e9l\u00e9cours \u00bb accessible par le site internet www.telecours.fr.\n2/2\nPr\u00e9fecture du VAR - 83-2025-11-04-00007 - ARR\u00caT\u00c9 PR\u00c9FECTORAL n\u00b0 DCL/BERG/2025/0200 du 4 novembre 2025 portant\nrenouvellement de l'habilitation dans le domaine fun\u00e9raire\nde l'entreprise individuelle de Monsieur Allan DOMINGUEZ-MOLEDO d\u00e9nomm\u00e9e\n\u00ab\u00a0PRESTATION SERVICE DOMINGUEZ ALLAN\u00a0\u00bb\nsise 52, place Jean-Philippe Rameau - 83500 LA SEYNE-SUR-MER Habilitation N\u00b0 25-83-0175\n5\nPr\u00e9fecture du VAR\n83-2025-11-04-00006\nARR\u00caT\u00c9 PR\u00c9FECTORAL n\u00b0 DCL/BERG/2025/0210\ndu 4 novembre 2025 portant renouvellement de\nl'habilitation de la chambre fun\u00e9raire\n\u00ab\u00a0MAISON FUN\u00c9RAIRE\u00a0\u00bb situ\u00e9e 629, boulevard\ndu Levant \u00e0 BORMES-LES-MIMOSAS (83230) -\nHabilitation N\u00b0 25-83-0164\nPr\u00e9fecture du VAR - 83-2025-11-04-00006 - ARR\u00caT\u00c9 PR\u00c9FECTORAL n\u00b0 DCL/BERG/2025/0210 du 4 novembre 2025 portant\nrenouvellement de l'habilitation de la chambre fun\u00e9raire\n\u00ab\u00a0MAISON FUN\u00c9RAIRE\u00a0\u00bb situ\u00e9e 629, boulevard du Levant \u00e0 BORMES-LES-MIMOSAS (83230) -\nHabilitation N\u00b0 25-83-0164\n6\n=mPREFETDU VARLibert\u00e9Egalit\u00e9Fraternit\u00e9\nDirection de la citoyennet\u00e9 et de la l\u00e9galit\u00e9\nBureau des \u00e9lections et de la r\u00e9glementation g\u00e9n\u00e9rale\nARR\u00caT\u00c9 PR\u00c9FECTORAL n\u00b0 DCL/BERG/2025/0210 du 4 novembre 2025\nportant renouvellement de l'habilitation de la chambre fun\u00e9raire\n\u00ab MAISON FUN\u00c9RAIRE \u00bb\n629, boulevard du Levant \u00e0 BORMES-LES-MIMOSAS (83230)\nHabilitation N\u00b0 25-83-0164\nLe Pr\u00e9fet du Var,\nVu le code g\u00e9n\u00e9ral des collectivit\u00e9s territoriales et notamment ses articles L2223-19, L.2223-23 \nainsi que ses articles R.2223-56 et suivants ;\nVu la loi n\u00b0 2008-1350 du 19 d\u00e9cembre 2008 relative \u00e0 la l\u00e9gislation fun\u00e9raire ;\nVu le d\u00e9cret du Pr\u00e9sident de la R\u00e9publique du 15 mai 2025, portant nomination de Monsieur  \nSimon BABRE, pr\u00e9fet du Var ;\nVu  l'arr\u00eat\u00e9  pr\u00e9fectoral  n\u00b0  2025/12/MCI  du  2  juin  2025  portant  d\u00e9l\u00e9gation  de  signature  \u00e0 \nMonsieur  Lucien  GIUDICELLI,  secr\u00e9taire  g\u00e9n\u00e9ral  de  la  pr\u00e9fecture  du  Var,  sous-pr\u00e9fet  de  \nl'arrondissement de Toulon ;\nVu l'arr\u00eat\u00e9 pr\u00e9fectoral n\u00b0 2025/53/MCI du 15 juillet 2025 portant d\u00e9l\u00e9gation de signature \u00e0  \nMonsieur Thibaut DARGON, directeur de la citoyennet\u00e9 et de la l\u00e9galit\u00e9 de la pr\u00e9fecture du  \nVar ;\nVu l'arr\u00eat\u00e9 pr\u00e9fectoral du 15 f\u00e9vrier 2018 portant cr\u00e9ation de la chambre fun\u00e9raire ;\nVu  l'arr\u00eat\u00e9  pr\u00e9fectoral  du  14  septembre  2018  portant  habilitation  de  la  chambre  \nfun\u00e9raire pour une dur\u00e9e d'un an soit jusqu'au 13 septembre 2019 ;\nVu  l'arr\u00eat\u00e9  pr\u00e9fectoral  du  15  juillet  2019  portant  renouvellement  de  l'habilitation  de  la  \nchambre fun\u00e9raire pour une dur\u00e9e d'un an soit jusqu'au 13 septembre 2020 ; \nVu l'arr\u00eat\u00e9 pr\u00e9fectoral du 22 d\u00e9cembre 2020 portant renouvellement de l'habilitation de la  \nchambre fun\u00e9raire pour une dur\u00e9e de cinq ans soit jusqu'au 21 d\u00e9cembre 2025 ;\nVu  la  d\u00e9lib\u00e9ration  du  28  juin  2018  du  SIVOM  Bormes,  La  Londe,  Le  Lavandou  d\u00e9cidant \nd'assurer la gestion directe de la maison fun\u00e9raire sous la forme juridique de r\u00e9gie \u00e0 seule  \nautonomie financi\u00e8re ;\nConsid\u00e9rant la compl\u00e9tude du dossier pr\u00e9sent\u00e9, le 5 septembre 2025, par Monsieur Fran\u00e7ois  \nARIZZI,  repr\u00e9sentant  l\u00e9gal  du  SIVOM  Bormes,  La  Londe,  Le  Lavandou,  en  vue  du  \nrenouvellement de l'habilitation de la chambre fun\u00e9raire \u00ab  MAISON FUN\u00c9RAIRE  \u00bb sise 629,  \nboulevard du Levant \u00e0 Bormes-les-Mimosas (83230) ;\n1/2\nPr\u00e9fecture du VAR - 83-2025-11-04-00006 - ARR\u00caT\u00c9 PR\u00c9FECTORAL n\u00b0 DCL/BERG/2025/0210 du 4 novembre 2025 portant\nrenouvellement de l'habilitation de la chambre fun\u00e9raire\n\u00ab\u00a0MAISON FUN\u00c9RAIRE\u00a0\u00bb situ\u00e9e 629, boulevard du Levant \u00e0 BORMES-LES-MIMOSAS (83230) -\nHabilitation N\u00b0 25-83-0164\n7\nConsid\u00e9rant la conformit\u00e9 du r\u00e8glement int\u00e9rieur de la chambre fun\u00e9raire aux dispositions  \ndes articles R.2223-67 et R.2223-68 du CGCT ;\nConsid\u00e9rant la  conformit\u00e9  de  la  chambre  fun\u00e9raire  suite  \u00e0  la  visite  de  contr\u00f4le  des  \ninstallations, r\u00e9alis\u00e9e le 1 er juillet 2025 par l'organisme \u00ab  Fun\u00e9raires de France  \u00bb sis Le Bois  \nRond, 1003 route de Vivans \u00e0 Noailly (42640) ;\nSur proposition du secr\u00e9taire g\u00e9n\u00e9ral de la pr\u00e9fecture ;\nARR\u00caTE\nArticle 1  : La r\u00e9gie \u00e0 seule autonomie financi\u00e8re du  SIVOM Bormes, La Londe, Le Lavandou,  \nexploit\u00e9e sous l'enseigne \u00ab  MAISON FUN\u00c9RAIRE \u00bb, situ\u00e9e 629 boulevard du Levant \u00e0 Bormes-\nles-Mimosas  (83230),  repr\u00e9sent\u00e9  par  Monsieur  Fran\u00e7ois  ARIZZI,  repr\u00e9sentant  l\u00e9gal,  est  \nhabilit\u00e9e pour exercer l'activit\u00e9 suivante :\n6 \u2013 Gestion et utilisation d'une chambre fun\u00e9raire.\nArticle 2     : L'habilitation porte le num\u00e9ro 25-83-0164.\nArticle  3     :  La  pr\u00e9sente  habilitation  est  renouvel\u00e9e pour  une  dur\u00e9e  de  cinq  ans  soit \njusqu'au 21 d\u00e9cembre 2030.\nPour  solliciter  le  renouvellement  de  la  pr\u00e9sente  habilitation,  le  b\u00e9n\u00e9ficiaire  devra  faire  \nparvenir sa demande en pr\u00e9fecture au plus tard deux mois avant sa date de fin de validit\u00e9.\nArticle 4     : Conform\u00e9ment aux articles L.2223-25 et R.2223-64, D.2223-87 du code g\u00e9n\u00e9ral des  \ncollectivit\u00e9s  territoriales,  et  \u00e0  d\u00e9faut  de  la  production,  dans  les  meilleurs  d\u00e9lais,  des  \njustificatifs de conformit\u00e9 des \u00e9quipements, la pr\u00e9sente habilitation pourra \u00eatre suspendue  \npour une dur\u00e9e maximale d'un an ou retir\u00e9e, apr\u00e8s mise en demeure, pour les motifs suivants :\n- non-respect des conditions de sa d\u00e9livrance telles qu'elles sont d\u00e9finies par les dispositions  \ndu code g\u00e9n\u00e9ral des collectivit\u00e9s territoriales ;\n- non exercice ou cessation d'exercice des activit\u00e9s au titre desquelles elle a \u00e9t\u00e9 d\u00e9livr\u00e9e ;\n- atteinte \u00e0 l'ordre public ou danger pour la salubrit\u00e9 publique.\nDans  les  cas  o\u00f9  le  b\u00e9n\u00e9ficiaire  est  un  d\u00e9l\u00e9gataire,  le  retrait  d'habilitation  entra\u00eene  la  \nd\u00e9ch\u00e9ance des d\u00e9l\u00e9gations.\nArticle 5     : Le secr\u00e9taire g\u00e9n\u00e9ral de la pr\u00e9fecture du Var est charg\u00e9 de l'ex\u00e9cution du pr\u00e9sent  \narr\u00eat\u00e9 qui sera publi\u00e9 au recueil des actes administratifs de la pr\u00e9fecture du Var et dont une  \ncopie sera adress\u00e9e au maire de la commune de Bormes-les-Mimosas pour information.\nFait \u00e0 Toulon, le 4 novembre 2025\nPour le pr\u00e9fet et par d\u00e9l\u00e9gation,\nle Directeur\nSign\u00e9\nThibaut DARGON\nDans un d\u00e9lai de deux mois \u00e0 compter de la date de la notification ou de la publication du pr\u00e9sent arr\u00eat\u00e9 au recueil des actes administratifs de la pr\u00e9fecture, les recours \nsuivants peuvent \u00eatre introduits conform\u00e9ment aux dispositions des articles R. 421-1 et suivants du code de justice administrative :\n- un recours gracieux, adress\u00e9 \u00e0 :\nM. le Pr\u00e9fet du Var - Boulevard du 112\u00e8me r\u00e9giment d'infanterie - CS 31209 - 83070 TOULON CEDEX\n- un recours hi\u00e9rarchique, adress\u00e9 au(x) ministre(s) concern\u00e9(s) ;\nDans ces deux cas, le silence de l'Administration vaut rejet implicite au terme d'un d\u00e9lai de deux mois.\nApr\u00e8s un recours gracieux ou hi\u00e9rarchique, le d\u00e9lai du recours contentieux ne court qu'\u00e0 compter du rejet explicite ou implicite de l'un de ces recours.\n- un recours contentieux, en saisissant le Tribunal Administratif de Toulon : 5 rue Racine -BP 40510 - 83 041 TOULON CEDEX 9\nLe tribunal administratif peut \u00eatre saisi par l'application informatique \u00ab T\u00e9l\u00e9cours \u00bb accessible par le site internet www.telecours.fr.\n2/2\nPr\u00e9fecture du VAR - 83-2025-11-04-00006 - ARR\u00caT\u00c9 PR\u00c9FECTORAL n\u00b0 DCL/BERG/2025/0210 du 4 novembre 2025 portant\nrenouvellement de l'habilitation de la chambre fun\u00e9raire\n\u00ab\u00a0MAISON FUN\u00c9RAIRE\u00a0\u00bb situ\u00e9e 629, boulevard du Levant \u00e0 BORMES-LES-MIMOSAS (83230) -\nHabilitation N\u00b0 25-83-0164\n8\nPr\u00e9fecture du VAR\n83-2025-11-03-00004\nARR\u00caT\u00c9 PR\u00c9FECTORAL n\u00b0 DCL/BERG/2025/0220\ndu 3 novembre 2025 portant renouvellement de\nl'habilitation dans le domaine fun\u00e9raire\nde l'\u00e9tablissement secondaire \u00ab\u00a0POMPES\nFUN\u00c8BRES COSTA\u00a0\u00bb situ\u00e9 Lieu-dit Quartier\nSaint-Andr\u00e9 \u00e0 GASSIN (83580) -\nHabilitation N\u00b0 25-83-0189\nPr\u00e9fecture du VAR - 83-2025-11-03-00004 - ARR\u00caT\u00c9 PR\u00c9FECTORAL n\u00b0 DCL/BERG/2025/0220 du 3 novembre 2025 portant\nrenouvellement de l'habilitation dans le domaine fun\u00e9raire\nde l'\u00e9tablissement secondaire \u00ab\u00a0POMPES FUN\u00c8BRES COSTA\u00a0\u00bb situ\u00e9 Lieu-dit Quartier Saint-Andr\u00e9 \u00e0 GASSIN (83580) -\nHabilitation N\u00b0 25-83-0189\n9\n=mPREFETDU VARLibert\u00e9Egalit\u00e9Fraternit\u00e9\nDirection de la citoyennet\u00e9 et de la l\u00e9galit\u00e9\nBureau des \u00e9lections et de la r\u00e9glementation g\u00e9n\u00e9rale\nARR\u00caT\u00c9 PR\u00c9FECTORAL n\u00b0 DCL/BERG/2025/0220 du 3 novembre 2025\nportant renouvellement de l'habilitation dans le domaine fun\u00e9raire\nde l'\u00e9tablissement secondaire \u00ab POMPES FUN\u00c8BRES COSTA \u00bb\nLieu-dit Quartier Saint-Andr\u00e9 \u00e0 GASSIN (83580)\nHabilitation N\u00b0 25-83-0189\nLe Pr\u00e9fet du Var,\nVu le code g\u00e9n\u00e9ral des collectivit\u00e9s territoriales et notamment ses articles L2223-23 et suivants ;\nVu la loi n\u00b0 2008-1350 du 19 d\u00e9cembre 2008 relative \u00e0 la l\u00e9gislation fun\u00e9raire ;\nVu le d\u00e9cret du Pr\u00e9sident de la R\u00e9publique du 15 mai 2025, portant nomination de Monsieur  \nSimon BABRE, pr\u00e9fet du Var ;\nVu l'arr\u00eat\u00e9 pr\u00e9fectoral n\u00b0 2025/12/MCI du 2 juin 2025 portant d\u00e9l\u00e9gation de signature \u00e0 Monsieur  \nLucien GIUDICELLI, secr\u00e9taire g\u00e9n\u00e9ral de la pr\u00e9fecture du Var, sous-pr\u00e9fet de l'arrondissement de  \nToulon ;\nVu  l'arr\u00eat\u00e9  pr\u00e9fectoral  n\u00b0  2025/53/MCI  du  15  juillet  2025  portant  d\u00e9l\u00e9gation  de  signature  \u00e0 \nMonsieur Thibaut DARGON, directeur de la citoyennet\u00e9 et de la l\u00e9galit\u00e9 de la pr\u00e9fecture du Var ;\nVu  l'arr\u00eat\u00e9  pr\u00e9fectoral  n\u00b0DCL/BERG/2020/431  du  22  d\u00e9cembre  2020,  portant  renouvellement \nd'habilitation  dans  le  domaine  fun\u00e9raire  de  l'\u00e9tablissement  secondaire  \u00ab POMPES  FUN\u00c8BRES \nCOSTA \u00bb situ\u00e9 Lieu-dit Quartier Saint-Andr\u00e9 \u00e0 Gassin (83580) jusqu'au 21 d\u00e9cembre 2025 ;\nVu  la  demande  de  renouvellement  d'habilitation  dans  le  domaine  fun\u00e9raire  formul\u00e9e  \nle  16  octobre  2025,  par  Monsieur  Rodolphe  EPINEAU,  repr\u00e9sentant  l\u00e9gal,  de  l'\u00e9tablissement \nsecondaire \u00ab POMPES FUN\u00c8BRES COSTA \u00bb, sis Lieu-dit Quartier Saint-Andr\u00e9 \u00e0 Gassin (83580) ;\nConsid\u00e9rant la compl\u00e9tude du dossier ;\nSur proposition du secr\u00e9taire g\u00e9n\u00e9ral de la pr\u00e9fecture ;\nARR\u00caTE\nArticle 1 : L'\u00e9tablissement secondaire de pompes fun\u00e8bres, relevant de la SARL \u00ab JULIMAR \u00bb situ\u00e9e \n3 Rue Nationale \u00e0 Cogolin (83310) et exploit\u00e9e sous le nom commercial  \u00ab POMPES FUN\u00c8BRES  \nCOSTA \u00bb sis Lieu-dit Quartier Saint-Andr\u00e9 \u00e0 Gassin (83580), dont le g\u00e9rant est Monsieur Rodolphe \nEPINEAU, est habilit\u00e9 pour exercer les activit\u00e9s suivantes :\n1 - Transport de corps avant et apr\u00e8s mise en bi\u00e8re,\n1/2\nPr\u00e9fecture du VAR - 83-2025-11-03-00004 - ARR\u00caT\u00c9 PR\u00c9FECTORAL n\u00b0 DCL/BERG/2025/0220 du 3 novembre 2025 portant\nrenouvellement de l'habilitation dans le domaine fun\u00e9raire\nde l'\u00e9tablissement secondaire \u00ab\u00a0POMPES FUN\u00c8BRES COSTA\u00a0\u00bb situ\u00e9 Lieu-dit Quartier Saint-Andr\u00e9 \u00e0 GASSIN (83580) -\nHabilitation N\u00b0 25-83-0189\n10\n2 - Organisation des obs\u00e8ques,\n3 - Soins  de  conservation,  en  sous-traitance  avec  la  soci\u00e9t\u00e9  \u00ab INSTITUT  DE  THANATOPRAXIE \nETERNAL CARE (ITEC) \u00bb, sise 131 Route du Plan de la Tour \u00e0 Sainte-Maxime (83120), habilit\u00e9e sous  \nle num\u00e9ro 25-83-0288,\n4 - Fourniture  des  housses,  cercueils  et  accessoires  int\u00e9rieur  et  ext\u00e9rieur  ainsi  que  des  urnes\ncin\u00e9raires,\n7 - Fourniture des corbillards et voitures de deuil,\n8 - Fourniture de personnels et des objets et prestations n\u00e9cessaires aux obs\u00e8ques, inhumations,  \nexhumations et cr\u00e9mations.\nArticle 2     : L'habilitation porte le num\u00e9ro 25-83-0189.\nArticle 3     : La pr\u00e9sente habilitation prendra effet \u00e0 compter du 22 d\u00e9cembre 2025 pour une dur\u00e9e \nde cinq ans, soit jusqu'au 22 d\u00e9cembre 2030.\nPour solliciter le renouvellement de la pr\u00e9sente habilitation, le b\u00e9n\u00e9ficiaire devra faire parvenir sa  \ndemande en pr\u00e9fecture au plus tard deux mois avant sa date de fin de validit\u00e9.\nArticle 4     : Conform\u00e9ment aux articles L.2223-25 et R.2223-64, D.2223-87 du code g\u00e9n\u00e9ral des  \ncollectivit\u00e9s territoriales, et \u00e0 d\u00e9faut de la production, dans les meilleurs d\u00e9lais, des justificatifs de  \nconformit\u00e9 des \u00e9quipements, la pr\u00e9sente habilitation pourra \u00eatre suspendue pour une dur\u00e9e  \nmaximale d'un an ou retir\u00e9e, apr\u00e8s mise en demeure, pour les motifs suivants :\n- non-respect des conditions de sa d\u00e9livrance telles qu'elles sont d\u00e9finies par les dispositions du  \ncode g\u00e9n\u00e9ral des collectivit\u00e9s territoriales ;\n- non exercice ou cessation d'exercice des activit\u00e9s au titre desquelles elle a \u00e9t\u00e9 d\u00e9livr\u00e9e ;\n- atteinte \u00e0 l'ordre public ou danger pour la salubrit\u00e9 publique.\nDans les cas o\u00f9 le b\u00e9n\u00e9ficiaire est un d\u00e9l\u00e9gataire, le retrait d'habilitation entra\u00eene la d\u00e9ch\u00e9ance  \ndes d\u00e9l\u00e9gations.\nArticle 5     : Le secr\u00e9taire g\u00e9n\u00e9ral de la pr\u00e9fecture du Var est charg\u00e9 de l'ex\u00e9cution du pr\u00e9sent arr\u00eat\u00e9 \nqui sera publi\u00e9 au recueil des actes administratifs de la pr\u00e9fecture du Var et dont une copie sera  \nadress\u00e9e au maire de la commune de Gassin pour information.\nFait \u00e0 Toulon, le 3 novembre 2025\nPour le pr\u00e9fet et par d\u00e9l\u00e9gation,\nle Directeur\nSign\u00e9\nThibaut DARGON\nDans un d\u00e9lai de deux mois \u00e0 compter de la date de la notification ou de la publication du pr\u00e9sent arr\u00eat\u00e9 au recueil des actes administratifs de la \npr\u00e9fecture, les recours suivants peuvent \u00eatre introduits conform\u00e9ment aux dispositions des articles R. 421-1 et suivants du code de justice \nadministrative :\n- un recours gracieux, adress\u00e9 \u00e0 :\nM. le Pr\u00e9fet du Var - Boulevard du 112\u00e8me r\u00e9giment d'infanterie - CS 31209 - 83070 TOULON CEDEX\n- un recours hi\u00e9rarchique, adress\u00e9 au(x) ministre(s) concern\u00e9(s) ;\nDans ces deux cas, le silence de l'Administration vaut rejet implicite au terme d'un d\u00e9lai de deux mois.\nApr\u00e8s un recours gracieux ou hi\u00e9rarchique, le d\u00e9lai du recours contentieux ne court qu'\u00e0 compter du rejet explicite ou implicite de l'un de ces \nrecours.\n- un recours contentieux, en saisissant le Tribunal Administratif de Toulon : 5 rue Racine -BP 40510 - 83 041 TOULON CEDEX 9\nLe tribunal administratif peut \u00eatre saisi par l'application informatique \u00ab T\u00e9l\u00e9cours \u00bb accessible par le site internet www.telecours.fr.\n2/2\nPr\u00e9fecture du VAR - 83-2025-11-03-00004 - ARR\u00caT\u00c9 PR\u00c9FECTORAL n\u00b0 DCL/BERG/2025/0220 du 3 novembre 2025 portant\nrenouvellement de l'habilitation dans le domaine fun\u00e9raire\nde l'\u00e9tablissement secondaire \u00ab\u00a0POMPES FUN\u00c8BRES COSTA\u00a0\u00bb situ\u00e9 Lieu-dit Quartier Saint-Andr\u00e9 \u00e0 GASSIN (83580) -\nHabilitation N\u00b0 25-83-0189\n11\nPr\u00e9fecture du VAR\n83-2025-11-06-00009\nARR\u00caT\u00c9 PR\u00c9FECTORAL  du 6 novembre 2025\nportant l'ouverture d'enqu\u00eates parcellaires\ncompl\u00e9mentaires simplifi\u00e9es \npr\u00e9alables \u00e0 la cessibilit\u00e9, en tout ou partie,\nd'immeubles ou de droits r\u00e9els immobiliers\nn\u00e9cessaires \u00e0 la r\u00e9alisation  des travaux de la\nphase 1 de la ligne nouvelle Provence C\u00f4te\nd'Azur (LNPCA), sur les territoires des communes\nde La Garde et Saint-Cyr-sur-Mer,\nau b\u00e9n\u00e9fice du ma\u00eetre d'ouvrage SNCF R\u00e9seau.\nPr\u00e9fecture du VAR - 83-2025-11-06-00009 - ARR\u00caT\u00c9 PR\u00c9FECTORAL  du 6 novembre 2025\nportant l'ouverture d'enqu\u00eates parcellaires compl\u00e9mentaires simplifi\u00e9es \npr\u00e9alables \u00e0 la cessibilit\u00e9, en tout ou partie, d'immeubles ou de droits r\u00e9els immobiliers n\u00e9cessaires \u00e0 la r\u00e9alisation  des travaux de la\nphase 1 de la ligne nouvelle Provence C\u00f4te d'Azur (LNPCA), sur les territoires des communes de La Garde et Saint-Cyr-sur-Mer,\nau b\u00e9n\u00e9fice du ma\u00eetre d'ouvrage SNCF R\u00e9seau.\n12\n=mPREFETDU VARLibert\u00e9Egalit\u00e9Fraternit\u00e9\nDirection de la coordination\ndes politiques publiques et \nde l'appui territorial\nBureau de l'environnement et du d\u00e9veloppement durable\nARR\u00caT\u00c9 PR\u00c9FECTORAL  \nportant l'ouverture d'enqu\u00eates parcellaires compl\u00e9mentaires simplifi\u00e9es \npr\u00e9alables \u00e0 la cessibilit\u00e9, en tout ou partie, d'immeubles ou de droits r\u00e9els immobiliers \nn\u00e9cessaires \u00e0 la r\u00e9alisation  des travaux de la phase 1 de la ligne nouvelle Provence C\u00f4te d'Azur \n(LNPCA), sur les territoires des communes de La Garde et Saint-Cyr-sur-Mer,\nau b\u00e9n\u00e9fice du ma\u00eetre d'ouvrage SNCF R\u00e9seau.\nLe pr\u00e9fet du Var,\nVu le code de l'expropriation pour cause d'utilit\u00e9 publique notamment les articles L1, L131-1,  \nR131-1 et suivants et R131-12 et suivants ;\nVu la d\u00e9cision minist\u00e9rielle du 7 juin 2021 portant sur les phases 1 et 2 de la ligne nouvelle  \nProvence C\u00f4te d'Azur ;\nVu  le  d\u00e9cret  du  Pr\u00e9sident  de  la  R\u00e9publique  du  15  mai  2025  portant  nomination  de \nM.  Simon BABRE pr\u00e9fet du Var ;\nVu le d\u00e9cret du Pr\u00e9sident de la R\u00e9publique du 15 avril 2022 nommant M. Lucien GIUDICELLI,  \nsecr\u00e9taire g\u00e9n\u00e9ral de la pr\u00e9fecture du Var, sous-pr\u00e9fet de l'arrondissement de Toulon ; \nVu  l'arr\u00eat\u00e9  pr\u00e9fectoral  n\u00b02025/12/MCI  du  2  juin  2025  portant  d\u00e9l\u00e9gation  de  signature  \u00e0 \nM.  Lucien  GIUDICELLI,  secr\u00e9taire  g\u00e9n\u00e9ral  de  la  pr\u00e9fecture  du  Var,  sous-pr\u00e9fet  de  \nl'arrondissement de Toulon ;\nVu l'arr\u00eat\u00e9 inter-pr\u00e9fectoral et ses annexes du 13 octobre 2022 d\u00e9clarant d'utilit\u00e9 publique le  \nprojet concernant la r\u00e9alisation des phases 1 et 2 de La Ligne Nouvelle Provence C\u00f4te d'Azur  \npar SNCF R\u00e9seau et SNCF Gares & Connexions  et emportant mise en compatibilit\u00e9 des plans  \nlocaux  d'urbanisme  des  communes  de  Marseille,  Saint-Cyr-sur-Mer,  La  Garde,  La  Crau, \nCarnoules et Cannes ;\nVu  l'arr\u00eat\u00e9  pr\u00e9fectoral  du  11  f\u00e9vrier  2025  portant  l'ouverture  d'enqu\u00eates  parcellaires \npr\u00e9alables  \u00e0  la  cessibilit\u00e9,  en  tout  ou  partie,  d'immeubles  ou  de  droits  r\u00e9els  immobiliers \nn\u00e9cessaires \u00e0 la r\u00e9alisation des travaux de la phase 1 de la ligne nouvelle Provence C\u00f4te d'Azur \n(LNPCA),  sur  les  territoires  des  communes  de  La  Crau,  La  Garde  et  Saint-Cyr-sur-Mer,  au \nb\u00e9n\u00e9fice des ma\u00eetres d'ouvrages SNCF R\u00e9seau et SNCF Gares & Connexions. \n1/5\nPr\u00e9fecture du VAR - 83-2025-11-06-00009 - ARR\u00caT\u00c9 PR\u00c9FECTORAL  du 6 novembre 2025\nportant l'ouverture d'enqu\u00eates parcellaires compl\u00e9mentaires simplifi\u00e9es \npr\u00e9alables \u00e0 la cessibilit\u00e9, en tout ou partie, d'immeubles ou de droits r\u00e9els immobiliers n\u00e9cessaires \u00e0 la r\u00e9alisation  des travaux de la\nphase 1 de la ligne nouvelle Provence C\u00f4te d'Azur (LNPCA), sur les territoires des communes de La Garde et Saint-Cyr-sur-Mer,\nau b\u00e9n\u00e9fice du ma\u00eetre d'ouvrage SNCF R\u00e9seau.\n13\nVu la d\u00e9cision du 8 juillet 2025 portant d\u00e9l\u00e9gation de pouvoirs au directeur de l'agence Ligne  \nNouvelle Provence C\u00f4te 'Azur (LNPCA) et Haute Performance Marseille Vintimille, DGGP-DP-\nE2-0040, pour le compte de SNCF R\u00e9seau ;\nVu la lettre du 6 novembre 2025 par laquelle le d\u00e9l\u00e9gataire de pouvoir pour SNCF R\u00e9seau  \nsollicite l'ouverture des enqu\u00eates parcellaires compl\u00e9mentaires simplifi\u00e9es ;\nVu les pi\u00e8ces constitutives des dossiers de La Garde et de Saint-Cyr-sur-Mer soumis \u00e0 enqu\u00eates \nparcellaires compl\u00e9mentaires simplifi\u00e9es comprenant la notice explicative, l'\u00e9tat et le plan  \nparcellaires,  constitu\u00e9s  en  application  des  dispositions  combin\u00e9es  des  articles  R131-3  et \nR131-12 du code de l'expropriation pour cause d'utilit\u00e9 publique ;\nVu la liste d\u00e9partementale d'aptitude aux fonctions de commissaire enqu\u00eateur pour l'ann\u00e9e  \n2025 ;\nConsid\u00e9rant que le projet reste inchang\u00e9 ainsi que les unit\u00e9s fonci\u00e8res concern\u00e9es ;\nConsid\u00e9rant que l'identit\u00e9 de tous les propri\u00e9taires, nu propri\u00e9taires, usufruitiers et ayants  \ndroits sont connus d'apr\u00e8s les documents cadastraux et les renseignements recueillis par  \nl'expropriant ;\nConsid\u00e9rant que les propri\u00e9taires de onze unit\u00e9s fonci\u00e8res situ\u00e9es sur les communes de La  \nGarde et de Saint-Cyr-sur-Mer ont \u00e9t\u00e9 notifi\u00e9s de l'enqu\u00eate parcellaire qui s'est d\u00e9roul\u00e9e du 3  \nau 18 mars 2025,  sans que l'arr\u00eat\u00e9 pr\u00e9fectoral d'ouverture d'enqu\u00eate parcellaire du 11 f\u00e9vrier  \n2025 ne figure dans les annexes \u00e0 leur notification individuelle ;\nConsid\u00e9rant  qu'il  convient  de  permettre  aux  propri\u00e9taires  de  ces  onze  unit\u00e9s  fonci\u00e8res, \nidentifi\u00e9es  et  connues,  de  recevoir  l'ensemble  des  informations  concernant  l'emprise  du \nprojet et de pouvoir \u00e9mettre leurs observations aupr\u00e8s du commissaire enqu\u00eateur ;\nConsid\u00e9rant que les modalit\u00e9s de l'enqu\u00eate dans sa forme simplifi\u00e9e ont \u00e9t\u00e9 arr\u00eat\u00e9es apr\u00e8s  \nconsultation du commissaire enqu\u00eateur ;\nSur proposition du secr\u00e9taire g\u00e9n\u00e9ral de la pr\u00e9fecture ;\nARR\u00caTE :\nArticle 1  er   :    Objet de l'enqu\u00eate\nSur demande du p\u00e9titionnaire SNCF R\u00e9seau,  domicili\u00e9 15-17 rue Jean-Philipe Rameau 93200  \nSaint-Denis,  il sera proc\u00e9d\u00e9 aux enqu\u00eates parcellaires compl\u00e9mentaires simplifi\u00e9es pour les  \ncommunes de La Garde et Saint-Cyr-sur-Mer , en vue d'acqu\u00e9rir tout ou partie, d'immeubles  \nou de droits r\u00e9els immobiliers n\u00e9cessaires \u00e0 la r\u00e9alisation des travaux de la phase 1 de la Ligne  \nnouvelle Provence C\u00f4te d'Azur (LNPCA).\nCette d\u00e9cision rel\u00e8ve de la comp\u00e9tence du pr\u00e9fet du Var au b\u00e9n\u00e9fice du ma\u00eetre d'ouvrage \nSNCF R\u00e9seau.\n2/5\nPr\u00e9fecture du VAR - 83-2025-11-06-00009 - ARR\u00caT\u00c9 PR\u00c9FECTORAL  du 6 novembre 2025\nportant l'ouverture d'enqu\u00eates parcellaires compl\u00e9mentaires simplifi\u00e9es \npr\u00e9alables \u00e0 la cessibilit\u00e9, en tout ou partie, d'immeubles ou de droits r\u00e9els immobiliers n\u00e9cessaires \u00e0 la r\u00e9alisation  des travaux de la\nphase 1 de la ligne nouvelle Provence C\u00f4te d'Azur (LNPCA), sur les territoires des communes de La Garde et Saint-Cyr-sur-Mer,\nau b\u00e9n\u00e9fice du ma\u00eetre d'ouvrage SNCF R\u00e9seau.\n14\nConform\u00e9ment \u00e0 l'article R131-12 du code de l'expropriation pour cause d'utilit\u00e9 publique,  \ndeux enqu\u00eates parcellaires compl\u00e9mentaires simplifi\u00e9es sont ouvertes pour les communes de  \nLa Garde et Saint-Cyr-sur-Mer, avec dispense du d\u00e9p\u00f4t de dossier en mairies et de publicit\u00e9  \ncollective, afin de d\u00e9terminer les parcelles \u00e0 d\u00e9clarer cessibles n\u00e9cessaires \u00e0 la r\u00e9alisation  des \ntravaux de la phase 1 de la ligne nouvelle Provence C\u00f4te d'Azur (LNPCA), sur les territoires des \ncommunes de La Garde et Saint-Cyr-sur-Mer.\nArticle 2 : Dur\u00e9e de l'enqu\u00eate \nLes  enqu\u00eates  parcellaires  compl\u00e9mentaires  simplifi\u00e9es  se  d\u00e9rouleront  du  mercredi  26  \nnovembre,  9h00  au  vendredi  12  d\u00e9cembre  2025,  16h00,  soit  17  jours  cons\u00e9cutifs.  Les \npersonnes  int\u00e9ress\u00e9es  sont  invit\u00e9es  \u00e0  faire  conna\u00eetre  directement  leurs  observations  au \ncommissaire enqu\u00eateur selon les modalit\u00e9s d\u00e9finies \u00e0 l'article 5.\nArticle 3 : D\u00e9signation du commissaire enqu\u00eateur\nMonsieur Denis SPALONY est d\u00e9sign\u00e9 en qualit\u00e9 de commissaire enqu\u00eateur pour conduire ces \nenqu\u00eates parcellaires compl\u00e9mentaires simplifi\u00e9es.\nLe public pourra s'adresser directement au commissaire enqu\u00eateur selon les modalit\u00e9s fix\u00e9es \u00e0 \nl'article 5 du pr\u00e9sent arr\u00eat\u00e9.\nArticle 4 : Dispense de d\u00e9p\u00f4t des dossiers en mairies et de publicit\u00e9 collective\nL'ensemble des propri\u00e9taires des parcelles concern\u00e9es par les pr\u00e9sentes enqu\u00eates \u00e9tant connu \navant leur ouverture, l'expropriant est dispens\u00e9 du d\u00e9p\u00f4t des dossiers en mairies et de la  \npublicit\u00e9 collective pr\u00e9vue \u00e0 l'article R131-5 du code de l'expropriation pour cause d'utilit\u00e9  \npublique, et ce conform\u00e9ment \u00e0 l'article R131-12 dudit code.\nArticle 5 :  Modalit\u00e9s selon lesquelles les propri\u00e9taires concern\u00e9s pourront pr\u00e9senter leurs  \nobservations \nLes propri\u00e9taires concern\u00e9s seront invit\u00e9s \u00e0 faire conna\u00eetre leurs observations au commissaire  \nenqu\u00eateur du mercredi 26 novembre 9h00 au vendredi 12 d\u00e9cembre 2025 \u00e0 16h00 au plus  \ntard :\n- par \u00e9crit, \u00e0 l'adresse suivante :\nPr\u00e9fecture du Var\nDirection de la coordination des politiques publiques et de l'appui territorial\nBureau de l'environnement et du d\u00e9veloppement durable\nEnqu\u00eate publique Ligne Nouvelle PCA\nA l 'attention de Monsieur Denis SPALONY, commissaire enqu\u00eateur \nBoulevard du 112e r\u00e9giment d'Infanterie \nCS 31209 \n83070 Toulon Cedex\nLe cachet d'arriv\u00e9e \u00e0 l'adresse pr\u00e9cit\u00e9e fera foi de la date.\n- par  courriel,  du  1er jour  de  l'enqu\u00eate  0  heure  au  dernier  jour  24  heures, \u00e0  l'adresse  de \nmessagerie suivante : ln-pca-sncf-reseau-epvar@administration.net \n3/5\nPr\u00e9fecture du VAR - 83-2025-11-06-00009 - ARR\u00caT\u00c9 PR\u00c9FECTORAL  du 6 novembre 2025\nportant l'ouverture d'enqu\u00eates parcellaires compl\u00e9mentaires simplifi\u00e9es \npr\u00e9alables \u00e0 la cessibilit\u00e9, en tout ou partie, d'immeubles ou de droits r\u00e9els immobiliers n\u00e9cessaires \u00e0 la r\u00e9alisation  des travaux de la\nphase 1 de la ligne nouvelle Provence C\u00f4te d'Azur (LNPCA), sur les territoires des communes de La Garde et Saint-Cyr-sur-Mer,\nau b\u00e9n\u00e9fice du ma\u00eetre d'ouvrage SNCF R\u00e9seau.\n15\n- par entretien t\u00e9l\u00e9phonique avec le commissaire enqu\u00eateur  : les personnes int\u00e9ress\u00e9es sont  \ninvit\u00e9es  \u00e0  \u00e9crire  un  courriel  \u00e0  l'adresse  num\u00e9rique  susmentionn\u00e9e    \nln-pca-sncf-reseau-epvar@administration.net en pr\u00e9cisant le jour et l'heure demand\u00e9s de cet  \nentretien parmi les cr\u00e9neaux pr\u00e9-d\u00e9finis ci-apr\u00e8s.\nLes cr\u00e9neaux horaires propos\u00e9s pour un entretien t\u00e9l\u00e9phonique s'entendent par demi-heure,  \naux dates suivantes : \n- le jeudi 27 novembre 2025 de 9h \u00e0 12h\n- le mardi 2 d\u00e9cembre 2025 de 14h \u00e0 16h\n- le vendredi 5 d\u00e9cembre 2025 de 9h \u00e0 12h\n- le jeudi 11 d\u00e9cembre 2025 de 14h \u00e0 16h\n- le vendredi 12 d\u00e9cembre de 9h \u00e0 12h\nUne confirmation du jour et de l'heure fix\u00e9s de l'entretien sera envoy\u00e9e par courriel.\nArticle 6 : Modalit\u00e9s de consultation des dossiers\nPendant  la  dur\u00e9e  de  l'enqu\u00eate  les  dossiers  d'enqu\u00eate  seront  consultables  sous  format \nnum\u00e9rique sur le site internet des services de l'\u00c9tat dans le Var \u00e0 l'adresse suivante :\nhttps://www.var.gouv.fr/Publications/Enquetes-publiques/Enquetes-publiques-hors-ICPE\nArticle 7 :  Notification individuelle de l'ouverture des enqu\u00eates parcellaires compl\u00e9mentaires \nsimplifi\u00e9es.\nLa  notification  individuelle  de  l'ouverture  des  enqu\u00eates  parcellaires  compl\u00e9mentaires  \nsimplifi\u00e9es est accompagn\u00e9e d'un extrait du plan parcellaire. Elle  sera faite par le ma\u00eetre  \nd'ouvrage  SNCF  R\u00e9seau,  sous  pli  recommand\u00e9  avec  demande  d'avis  de  r\u00e9ception, au  \npropri\u00e9taire figurant sur la liste jointe au dossier d'enqu\u00eate, lorsque son domicile est connu  \nd'apr\u00e8s  les  renseignements  recueillis  par  l'expropriant  ou  \u00e0  son  mandataire,  g\u00e9rant,  \nadministrateur ou syndic. \nL'ensemble de ces notifications devra \u00eatre accompli, avant la date d'ouverture des enqu\u00eates  \nparcellaires. Ces notifications seront justifi\u00e9es aupr\u00e8s du commissaire enqu\u00eateur.\nArticle 8     :   Publication au recueil des actes administratifs de la pr\u00e9fecture du Var\nCet  arr\u00eat\u00e9  pr\u00e9fectoral  d'ouverture  d'enqu\u00eate  publique  sera  ins\u00e9r\u00e9  au  recueil  des  actes \nadministratifs de la pr\u00e9fecture du Var.\nArticle 9 : Elaboration et remise de l'avis et du proc\u00e8s-verbal du commissaire enqu\u00eateur\nLe commissaire enqu\u00eateur donnera son avis sur l'emprise des ouvrages projet\u00e9s et dressera le  \nproc\u00e8s-verbal  de  l'op\u00e9ration  apr\u00e8s  avoir  entendu  toutes  les  personnes  susceptibles  de \nl'\u00e9clairer. Il transmettra ces documents au pr\u00e9fet dans le d\u00e9lai d'un mois \u00e0 compter de la date \nde cl\u00f4ture des enqu\u00eates parcellaires compl\u00e9mentaires simplifi\u00e9es.\n4/5\nPr\u00e9fecture du VAR - 83-2025-11-06-00009 - ARR\u00caT\u00c9 PR\u00c9FECTORAL  du 6 novembre 2025\nportant l'ouverture d'enqu\u00eates parcellaires compl\u00e9mentaires simplifi\u00e9es \npr\u00e9alables \u00e0 la cessibilit\u00e9, en tout ou partie, d'immeubles ou de droits r\u00e9els immobiliers n\u00e9cessaires \u00e0 la r\u00e9alisation  des travaux de la\nphase 1 de la ligne nouvelle Provence C\u00f4te d'Azur (LNPCA), sur les territoires des communes de La Garde et Saint-Cyr-sur-Mer,\nau b\u00e9n\u00e9fice du ma\u00eetre d'ouvrage SNCF R\u00e9seau.\n16\nArticle  10  : Communication  du  rapport  et  des  conclusions  motiv\u00e9es  du  commissaire  \nenqu\u00eateur\nLe  pr\u00e9fet  adresse  une  copie  du  rapport  et  des  conclusions  motiv\u00e9es  du  commissaire \nenqu\u00eateur \u00e0 l'expropriant.\nCes documents seront tenus \u00e0 la disposition du public, sans d\u00e9lai, pendant un an \u00e0 partir de la \ndate de cl\u00f4ture des enqu\u00eates :\n- au bureau de l'environnement et du d\u00e9veloppement durable de la pr\u00e9fecture ;\n- sur le site Internet des services de l'\u00c9tat dans le Var \u00e0 l'adresse suivante :\nhttps://www.var.gouv.fr/Publications/Enquetes-publiques/Toutes-les-enquetes-publiques-\ncloturees\nLes personnes int\u00e9ress\u00e9es pourront \u00e9galement obtenir communication du rapport  et  des  \nconclusions motiv\u00e9es du commissaire enqu\u00eateur en s'adressant au bureau de l'environnement \net du d\u00e9veloppement durable de la pr\u00e9fecture, dans les conditions pr\u00e9vues par l'article L.311-\n9 du code des relations entre le public et l'administration.\nArticle 11 :  Ex\u00e9cution du pr\u00e9sent arr\u00eat\u00e9\nLe pr\u00e9fet du Var, le d\u00e9l\u00e9gataire de pouvoirs de SNCF R\u00e9seau et le commissaire enqu\u00eateur sont \ncharg\u00e9s, chacun en ce qui le concerne, de l'ex\u00e9cution du pr\u00e9sent arr\u00eat\u00e9.\nFait \u00e0 Toulon, le  6 novembre 2025\nPour le pr\u00e9fet et par d\u00e9l\u00e9gation,\nle secr\u00e9taire g\u00e9n\u00e9ral\nSign\u00e9\nLucien GIUDICELLI      \n5/5\nPr\u00e9fecture du VAR - 83-2025-11-06-00009 - ARR\u00caT\u00c9 PR\u00c9FECTORAL  du 6 novembre 2025\nportant l'ouverture d'enqu\u00eates parcellaires compl\u00e9mentaires simplifi\u00e9es \npr\u00e9alables \u00e0 la cessibilit\u00e9, en tout ou partie, d'immeubles ou de droits r\u00e9els immobiliers n\u00e9cessaires \u00e0 la r\u00e9alisation  des travaux de la\nphase 1 de la ligne nouvelle Provence C\u00f4te d'Azur (LNPCA), sur les territoires des communes de La Garde et Saint-Cyr-sur-Mer,\nau b\u00e9n\u00e9fice du ma\u00eetre d'ouvrage SNCF R\u00e9seau.\n17","date":"2025-11-07","first_seen_on":"2025-11-07T16:11:50+00:00","id":"d99e3bcdc2daa213b6d8b06a63a33607595033dd1df2c94d8f601c838545e2af","name":"RAA N\u00b0 379 du 7 novembre 2025","pdf_creation_date":"2025-11-07T16:03:01+00:00","pdf_modification_date":null,"timezone":"Europe/Paris","url":"https://www.var.gouv.fr/contenu/telechargement/43517/284368/file/RAA%20N%C2%B0%20379%20du%206%20novembre%202025%20(Actes%20nominatifs).pdf"}
