{"administration":"pref03","administration_name":"Pr\u00e9fecture de l\u2019Allier","content":"ALLIER\nRECUEIL DES ACTES\nADMINISTRATIFS\nN\u00b003-2026-028\nPUBLI\u00c9 LE  2 F\u00c9VRIER 2026\nSommaire\n03_CHMY_Centre Hospitalier de Moulins-Yzeure /\n03-2026-01-08-00009 - D\u00e9l\u00e9gation de signature IME E Guillaumin -\n08012026 (4 pages) Page 4\n03_CNCS_Centre National du Costume de Sc\u00e8ne /\n03-2025-12-26-00001 - d\u00e9lib\u00e9rations CA CNCS 04122025 (38 pages) Page 9\n03_DDT_Direction D\u00e9partementale des Territoires de l'Allier /\nSecr\u00e9tariat de Direction\n03-2026-01-26-00001 - Extrait de l'arr\u00eat\u00e9 n\u00b0 126/2026 en date du\n26/01/2026 portant identification des points d'eau vis\u00e9s par\nl'arr\u00eat\u00e9 minist\u00e9riel NOR AGRG1632554A du 4 mai 2017 pour le\nd\u00e9partement de l'Allier. (1 page) Page 48\n03-2026-01-19-00001 - Extrait de l'arr\u00eat\u00e9 n\u00b0 2026/01-15 relatif \u00e0 la\nd\u00e9signation des bois et for\u00eats sur lesquels sera mis en oeuvre le\nr\u00e8glement type de gestion applicable sur le p\u00e9rim\u00e8tre du sch\u00e9ma\nr\u00e9gional d'am\u00e9nagement de la r\u00e9gion Auvergne-Rh\u00f4ne-Alpes (1\npage) Page 50\n03-2026-01-22-00001 - Extrait de l'arr\u00eat\u00e9 n\u00b0103/2026 en date du\n22\u00a0janvier\u00a02026 portant autorisation de p\u00e9n\u00e9trer sur des\npropri\u00e9t\u00e9s priv\u00e9es. (2 pages) Page 52\n03-2026-01-13-00003 - Extrait de l'arr\u00eat\u00e9 n\u00b043/2026 en date du 13\njanvier 2026 modifiant l'arr\u00eat\u00e9 n\u00b0 2868-2024 du 18 d\u00e9cembre\n2024 portant nomination d'intervenants d\u00e9partementaux de\ns\u00e9curit\u00e9 routi\u00e8re dans le cadre du programme \u00ab\u00a0agir pour la\ns\u00e9curit\u00e9 routi\u00e8re\u00a0\u00bb (2 pages) Page 55\n03-2026-01-06-00010 - Extrait de l'arr\u00eat\u00e9 n\u00b09/2026 en date du 06\njanvier 2026 portant approbation d'un Plan de Gestion du trafic de\nl'A71 dans le d\u00e9partement de l'Allier (2 pages) Page 58\n03_Pr\u00e9f_Pr\u00e9fecture de l'Allier / Direction de la R\u00e9glementation des\nLibert\u00e9s Publiques et des \u00c9trangers - BERGPIP\n03-2025-12-31-00006 - Extrait de l'arr\u00eat\u00e9 AJL 2026 (2 pages) Page 61\n03_Pr\u00e9f_Pr\u00e9fecture de l'Allier / Sous-Pr\u00e9fecture de Vichy\n03-2026-01-15-00009 - 1 RAA Arr\u00eat\u00e9 transfert biens section  (1 page) Page 64\n03_UDDIRECCTE_Unit\u00e9 d\u00e9partementale de la Direction r\u00e9gionale des\nentreprises, de la concurrence, de la consommation, du travail et de l'emploi\nde l'Allier /\n03-2025-12-23-00012 - Arr AGE TENDRE SERVICES (2 pages) Page 66\n03-2026-01-07-00008 - Arr COMO 03 (2 pages) Page 69\n2\n03-2026-01-07-00006 - Arr COMO 63 (2 pages) Page 72\n03-2025-12-23-00013 - Decl AGE TENDRE SERVICES (2 pages) Page 75\n03-2026-01-21-00001 - D\u00e9cl ALOUI Cindy (2 pages) Page 78\n03-2026-01-07-00007 - D\u00e9cl COMO 03 (2 pages) Page 81\n03-2026-01-07-00005 - D\u00e9cl COMO 63 (2 pages) Page 84\n03-2026-01-15-00008 - D\u00e9cl GRECO Laura (2 pages) Page 87\n03-2026-01-27-00003 - D\u00e9cl ROUSSEAU Patrice (2 pages) Page 90\n03-2026-01-27-00002 - D\u00e9cl SAILLANT C\u00e9dric (2 pages) Page 93\n03-2026-01-27-00005 - D\u00e9cl SANS Virginie (2 pages) Page 96\n03-2026-01-27-00004 - D\u00e9cl VADBLED Leslie (2 pages) Page 99\n84_DREAL_Direction r\u00e9gionale de l'environnement, de l'am\u00e9nagement et\ndu logement d'Auvergne-Rh\u00f4ne-Alpes / Secr\u00e9tariat G\u00e9n\u00e9ral\n03-2026-01-05-00002 - Arr\u00eat\u00e9 interpr\u00e9fectoral\nn\u00b0DREAL-AURA-EHN-2026-1 portant d\u00e9rogation aux dispositions de\nl'article L.411-1 du code de l'environnement pour\u00a0capture suivie\nd'un rel\u00e2cher imm\u00e9diat sur place d'esp\u00e8ces animales\nprot\u00e9g\u00e9es \n(amphibiens, insectes, reptiles et mollusques) (8 pages) Page 102\n03-2025-12-23-00011 - Arr\u00eat\u00e9 modifiant l'arr\u00eat\u00e9 du 04 juin 2021\nportant d\u00e9rogation \u00e0 la protection stricte des esp\u00e8ces d\u00e9livr\u00e9 \u00e0\nl'association Asters - Conservatoire d'espaces naturels (CEN) de\nHaute-Savoie (3 pages) Page 111\n84_DTPJJ_Direction territoriale de la protection judiciaire de la jeunesse de\nl'Auvergne / protection judiciaire de la jeunesse de l'Auvergne\n03-2026-01-22-00002 - AP PDJ 2026 AER ENTRAIDE UNION (2 pages) Page 115\n03-2026-01-13-00004 - ARRETE CONJ TARIF 2026 SERVICES ET ETS\nACCOMPAGNEMENT EDUC ASSOC SAGESS (4 pages) Page 118\n03-2026-01-20-00002 - ARRETE HABILITATION CER OVAL'VIE SERBANNES (4\npages) Page 123\nDirection Centre Est /\n03-2026-01-27-00001 - 2026-N145-GUE-23-04 portant r\u00e9glementation\ntemporaire de la circulation sur la RN 145 sur le territoire de la commune\nde La Souterraine dans le d\u00e9partement de la Creuse (3 pages) Page 128\n3\n03_CHMY_Centre Hospitalier de Moulins-Yzeure\n03-2026-01-08-00009\nD\u00e9l\u00e9gation de signature IME E Guillaumin -\n08012026\n03_CHMY_Centre Hospitalier de Moulins-Yzeure - 03-2026-01-08-00009 - D\u00e9l\u00e9gation de signature IME E Guillaumin - 08012026 4\nTol : 04 28 44 41 36 -secretarintione@ meseeundgeSia wate fr MOULINS YZEURE\nDECISION N\u00b0 003639 du 08/01/2026portant d\u00e9l\u00e9gation de signature\nLe Directeur du Centre Hospitalier Moulins-Yzeure, dela Maison d'Accueil Sp\u00e9cialis\u00e9e \u00ab Le Belv\u00e9d\u00e8re \u00bb d'Yzeure et de l'Institut M\u00e9dico-Educatif \u00ab EmileGuillaumin \u00bb de Coulandon\n- Vu le Code de la Sant\u00e9 Publique, son article L. 6143-7 et ses articles D.6143-33 \u00e0 D.6143-35,- Vuled\u00e9cret n\u00b0 2009-1765 du 30 D\u00e9cembre 2009 relatifau Directeur et aux membres du Directoire des\u00e9tablissements de sant\u00e9- Vu la convention de direction commune du 10 juin 2025, entre le Centre Hospitalier Moulins-Yzeure, laMaison d'Accueil Sp\u00e9cialis\u00e9e \u00abLe Belv\u00e9d\u00e8re \u00bb \u00e0 Yzeure et l'Institut M\u00e9dico-Educatif \u00ab EmileGuillaumin \u00bb \u00e0 Coulandon,- Vu l'arr\u00eat\u00e9 de Mme la Directrice G\u00e9n\u00e9rale du Centre National de Gestion en date du 12 Juin 2025nommant M. Fr\u00e9d\u00e9ric LUTZ, Directeur au Centre Hospitalier Moulins-Yzeure et \u00e0 la Maison d'AccueilSp\u00e9cialis\u00e9e Le Belv\u00e9d\u00e8re \u00e0 Yzeure, Directeur au Centre Hospitalier Moulins-Yzeure, \u00e0 la Maison d'AccueilSp\u00e9cialis\u00e9e Le Belv\u00e9d\u00e8re \u00e0 Yzeure et \u00e0 l'Institut M\u00e9dico-Educatif \u00ab Emile Guillaumin \u00bb \u00e0 Coulandon (03),- Vu l'arr\u00eat\u00e9 de Mme la Directrice G\u00e9n\u00e9rale du Centre National de Gestion en date du 12 Juin 2025nommant Mme Elodie ZACCARON, Directrice adjointe au Centre Hospitalier Moulins-Yzeure et \u00e0 laMaison d'Accueil Sp\u00e9cialis\u00e9e Le Belv\u00e9d\u00e8re \u00e0 Yzeure, Directrice adjointe au Centre Hospitalier Moulins-Yzeure, \u00e0 la Maison d'Accueil Sp\u00e9cialis\u00e9e Le Belv\u00e9d\u00e8re \u00e0 Yzeure et \u00e0 l'Institut M\u00e9dico-Educatif \u00ab EmileGuillaumin \u00bb \u00e0 Coulandon (03),- Vu la d\u00e9cision DG n\u00b02025-16 du 18 ao\u00fbt 2025 nommant Madame Elodie ZACCARON, Directrice d\u00e9l\u00e9gu\u00e9ede l'institut M\u00e9dico-Educatif Emile Guillaumin (Coulandon), en sus de ses fonctions de Directrice de lapolitique m\u00e9dico-sociale et du parcours patient, Directrice du CAMSP, Directrice r\u00e9f\u00e9rente des p\u00f4lesSant\u00e9 Publique et Pr\u00e9vention et Femme-M\u00e8re-Enfant, Directrice r\u00e9f\u00e9rente Handicap du CentreHospitalier Moulins-Yzeure.\nDECIDE\n03_CHMY_Centre Hospitalier de Moulins-Yzeure - 03-2026-01-08-00009 - D\u00e9l\u00e9gation de signature IME E Guillaumin - 08012026 5\nArticle 1 CHAMP DE LA DELEGATION GENERALE ET SUPPLEANCEUne d\u00e9l\u00e9gation de signature est conf\u00e9r\u00e9e \u00e0 Mme Elodie ZACCARON, Directrice D\u00e9l\u00e9gu\u00e9e de l'Institut M\u00e9dico-Educatif Emile Guillaumin, \u00e0 l'effet de signer tous les actes, d\u00e9cisions et documents relevant de ses attributions.En cas d'absence ou d'emp\u00e9chement de M. Fr\u00e9d\u00e9ric LUTZ, Directeur du Centre Hospitalier Moulins-Yzeure, de laMaison d'Accueil Sp\u00e9cialis\u00e9e Le Belv\u00e9d\u00e8re et de l'Institut M\u00e9dico-Educatif Emile Guillaumin et de Mme ElodieZACCARON, Directrice D\u00e9l\u00e9gu\u00e9e de l'institut M\u00e9dico-Educatif Emile Guillaumin, la d\u00e9l\u00e9gation de signature estconf\u00e9r\u00e9e a M. Fabien AMENGUAL-SERRA, Secr\u00e9taire G\u00e9n\u00e9ral du Centre Hospitalier Moulins-Yzeure, MmeMarion BOUGAREL, Directrice Adjointe en charge des Achats, de la Logistique et du D\u00e9veloppement Durable,Mme Marie CHEVREUX, Directrice Adjointe en charge des Affaires M\u00e9dicales, de la Recherche Clinique et de'appui aux p\u00f4les, M. Micha\u00ebl DE BLOCK, Directeur en charge des services num\u00e9riques et du biom\u00e9dical, MmeV\u00e9ronique DUMEZ, Coordonnatrice G\u00e9n\u00e9rale des soins, Mme Monique GOUBY, Directrice Adjointe en chargede la Qualit\u00e9 et de la Gestion des Risques, Mme Marie-Victoire GROLLEAU, Directrice Adjointe en charge desFinances, du Pilotage et des Services Num\u00e9riques, M. Emmanuel RIQUIER, Directeur Adjoint en charge desRessources Humaines, de la Formation Continue et des Concours du personnel non m\u00e9dical, et M. J\u00e9r\u00f4meVALLEE, Directeur Adjoint en charge des Services Techniques, du Patrimoine et du Biom\u00e9dical.\nArticle 2 GESTION INTERNE2-1 En cas d'absence ou d'emp\u00e9chement de Mme Elodie ZACCARON, une d\u00e9l\u00e9gation permanente est donn\u00e9e \u00e0M. Thierry CHOUGNY, cadre sup\u00e9rieur socio-\u00e9ducatif de l'Institut M\u00e9dico-Educatif Emile Guillaumin, pour tousles actes et documents relatifs au fonctionnement de l'IME \u00e0 l'exclusion des documents suivants :- Toutes d\u00e9cisions relatives au recrutement ou \u00e0 la sanction disciplinaire,- Tout document relatif au mandatement des d\u00e9penses et des recettes,- Tout document relatif aux contrats d'emprunt, de maintenance ou cr\u00e9dit-bail,\nEn cas d'absence ou d'emp\u00e9chement simultan\u00e9e de Mme Elodie ZACCARON et de M. Thierry CHOUGNY, lad\u00e9l\u00e9gation de signature est conf\u00e9r\u00e9e \u00e0 Mme Isabelle GON\u00c7ALVES, Adjoint des cadres hospitaliers, aux fins designer les documents suivants :- Signature \u00e9lectronique pour les flux informatiques de la tr\u00e9sorerie,- Les bons de commande li\u00e9s \u00e0 l'activit\u00e9 du SESSAD, pour un montant maximum de 200,00 euros, et al'activit\u00e9 de l'IME, pour un montant maximum de 300,00 euros.- Tout document relatif aux ressources humaines (\u00e0 l'exclusion des d\u00e9cisions relatives au recrutement ou\u00e0 la sanction disciplinaire)\n2-2 En cas d'absence ou d'emp\u00e9chement de Mme Elodie ZACCARON, une d\u00e9l\u00e9gation permanente est donn\u00e9e \u00e0Mme Sandrine ROQUES, Psychologue, Coordinatrice du Service d'Education Sp\u00e9cialis\u00e9e et de Soins \u00e0 Domicile,aux fins de signer les documents suivants :- Tout acte et document administratif relatif \u00e0 la gestion courante des professionnels sous son autorit\u00e9hi\u00e9rarchique et des enfants pris en charge par le SESSAD,- Les bons de commande li\u00e9s \u00e0 l'activit\u00e9 du SESSAD, pour un montant de 300,00 euros maximum.\n03_CHMY_Centre Hospitalier de Moulins-Yzeure - 03-2026-01-08-00009 - D\u00e9l\u00e9gation de signature IME E Guillaumin - 08012026 6\nArticle 3 FORMALISMELa signature doit \u00eatre pr\u00e9c\u00e9d\u00e9e de la mention \u00ab Pour la directrice d\u00e9l\u00e9gu\u00e9e et par d\u00e9l\u00e9gation \u00bb, suivie du nom,pr\u00e9nom, grade et fonctions du signataire.\nArticle 4 EFFETLa pr\u00e9sente d\u00e9cision annule et remplace toute d\u00e9cision ant\u00e9rieure de m\u00e9me nature et prend effet a compterde la date de signature.\nArticle 5 PUBLICITELa pr\u00e9sente d\u00e9cision sera publi\u00e9e au recueil des actes administratifs de la Pr\u00e9fecture de l'Allier et communiqu\u00e9eau Comptable de l'Etablissement.\nMoulins, le 8 janvier 2026\nDIFFUSION :- | Monsieur le Tr\u00e9sorier Principal- Toute personne vis\u00e9e dans la pr\u00e9sente d\u00e9cision- Direction du Centre Hospitalier Moulins-Yzeure- Secr\u00e9tariat Institut M\u00e9dico-Educatif Emile Guillaumin- Pr\u00e9fecture de l'Allier pour publication au Recueil des Actes Administratifs\n03_CHMY_Centre Hospitalier de Moulins-Yzeure - 03-2026-01-08-00009 - D\u00e9l\u00e9gation de signature IME E Guillaumin - 08012026 7\n03_CHMY_Centre Hospitalier de Moulins-Yzeure - 03-2026-01-08-00009 - D\u00e9l\u00e9gation de signature IME E Guillaumin - 08012026 8\n03_CNCS_Centre National du Costume de\nSc\u00e8ne\n03-2025-12-26-00001\nd\u00e9lib\u00e9rations CA CNCS 04122025\n03_CNCS_Centre National du Costume de Sc\u00e8ne - 03-2025-12-26-00001 - d\u00e9lib\u00e9rations CA CNCS 04122025 9\n \n1 \n \nD\u00e9lib\u00e9rations du conseil d'administration du Centre national du costume de sc\u00e8ne, s\u00e9ance du 4 \nd\u00e9cembre 2025 \n \nPR\u00c9SENTS : M. Christophe NO\u00cbL du PAYRAT, Pr\u00e9fet  de l'Allier  ; M. Jean -Luc CHOPLIN, \nPr\u00e9sident ; M. Pierre -Andr\u00e9 P\u00c9RISSOL, Maire de Moulins  ; Mme Bernadette MARTIN, Adjointe au \nmaire de Moulins  ; Mme Juliette BAZIN, Vice -pr\u00e9sidente ; M. Serge CARREIRA, personnalit\u00e9 \nqualifi\u00e9e ; Mme Manon MAUGUIN, repr\u00e9sentante du personnel. \nREPR\u00c9SENT\u00c9S : Mme la directrice g\u00e9n\u00e9rale des patrimoines, minist\u00e8re de la culture par Mme \nEsclarmonde MONTEIL (vc) ; M. le directeur  g\u00e9n\u00e9ral de la cr\u00e9ation artistique, minist\u00e8re de la culture \npar Mme Flore LUGINB\u00dcHL  (vc); Mme Aym\u00e9e ROG\u00c9, DRAC Auvergne -Rh\u00f4ne-Alpes par Mme \nSophie ONIMUS -CARRIAS, directrice du p\u00f4le Architecture et Patrimoine et Mme Catherine \nGUILLOT, conseill\u00e8re mus\u00e9es ; M. Alexander NEEF, Directeur de l'Op\u00e9ra national de Paris par Mme \nChristine NEUMEISTER (vc) ; M. Gilles PECOUT, Pr\u00e9sident de la Biblioth\u00e8que nationale de France \npar M. Jo\u00ebl HUTHWOHL ; M. Cl\u00e9ment HERVIEU-L\u00c9GER, Administrateur G\u00e9n\u00e9ral de la Com\u00e9die -\nFran\u00e7aise par M. Xavier RONZE ; M. Claude RIBOULET, Pr\u00e9sident du Conseil d\u00e9partemental de \nl'Allier par M. Pierre -Andr\u00e9 P\u00c9RISSOL ; Mme C\u00e9line BR\u00c9ANT, personnalit\u00e9 qualifi\u00e9e par M. Jean -\nLuc CHOPLIN. \nEXCUS\u00c9E : Mme Madeline FONTAINE, personnalit\u00e9 qualifi\u00e9e. \nPARTICIPANTS : Mme Delphine PINASA, directrice  ; M. Vincent FORAY , administrateur ; Mme \nAm\u00e9lie MORO, gestion comptable et r\u00e9gies. \nNOMBRE DE MEMBRES PR\u00c9SENTS ET REPR\u00c9SENT\u00c9S : 15 totalisant 23 voix \n \n \nD\u00e9lib\u00e9ration n\u00b0 15 \u2013 2025 du conseil d'administration du Centre national du costume de sc\u00e8ne, \ns\u00e9ance du 4 d\u00e9cembre 2025 \nObjet : approbation du proc\u00e8s-verbal du conseil d'administration du 29 avril 2025 \nPROCES-VERBAL DU CONSEIL D'ADMINISTRATION \nBiblioth\u00e8que nationale de France, 29 avril 2025 Date de convocation : 19 f\u00e9vrier 2025 \nPRESENTS : M. Jean-Luc CHOPLIN, Pr\u00e9sident ; M. Pierre -Andr\u00e9 PERISSOL, Maire de Moulins ; \nMme Bernadette MARTIN, Adjointe au maire de Moulins ; Mme Juliette BAZIN, Vice-pr\u00e9sidente ; \nM. Serge CARREIRA, personnalit\u00e9 qualifi\u00e9e ; Mme Manon MAUGUIN, repr\u00e9sentante du personnel. \nREPRESENTES : M. le Directeur g\u00e9n\u00e9ral des patrimoines, minist\u00e8re de la culture par Mme \nEsclarmonde MONTEIL ; M. Marc DROUET, DRAC Auvergne -Rh\u00f4ne-Alpes par M. Fran\u00e7ois \nMARIE, DRAC adjoint et M. Bruno YTHIER, conseiller mus\u00e9es ; M. Alexander NEEF, Directeur de \nl'Op\u00e9ra national de Paris par Mme Christine NEUMEISTER ; M. Gilles PECOUT, Pr\u00e9sident de la \nBiblioth\u00e8que nationale de France par M. Jo\u00ebl HUTHWOHL ; M. Eric RUF, Administrateur G\u00e9n\u00e9ral de \nla Com\u00e9die -Fran\u00e7aise par M. Michel ROSEAU ; M. Claude RIBOULET, Pr\u00e9sident du Conseil \nd\u00e9partemental de l'Allier par M. Pierre -Andr\u00e9 PERISSOL ; Mme C\u00e9line BREANT, personnalit\u00e9 \nqualifi\u00e9e par M. Jean -Luc CHOPLIN ; Mme Madeline FONTAINE, personnalit\u00e9 qualifi\u00e9e par Mme \nJuliette BAZIN. \nPARTICIPANTS : Mme Delphine PINASA, directrice ; M. Vincent FORAY , administrateur ; Mme \nLa\u00ebtitia CHELLY , agent comptable. \n03_CNCS_Centre National du Costume de Sc\u00e8ne - 03-2025-12-26-00001 - d\u00e9lib\u00e9rations CA CNCS 04122025 10\n \n2 \n \nEXCUSES : M. Christophe NOEL du PAYRAT, Pr\u00e9fet  de l'Allier ; M. le Directeur g\u00e9n\u00e9ral de la \ncr\u00e9ation artistique, minist\u00e8re de la culture. \nNOMBRE DE MEMBRES PRESENTS ET REPRESENTES : 14 totalisant 18 voix \nL'ordre du jour est le suivant : \n1. Approbation du proc\u00e8s-verbal du conseil d'administration du 22 novembre 2024 \n2. Politique culturelle et scientifique \n3. Fonctionnement de l'\u00e9tablissement et information sur les dossiers en cours \n4. Rapport annuel d'activit\u00e9 de l'ann\u00e9e 2024 \n5. Cl\u00f4ture de l'exercice de l'ann\u00e9e 2024 (Compte administratif, compte de gestion, \naffectation \ndu r\u00e9sultat) \n6. D\u00e9cision modificative n\u00b01 du budget primitif 2025 \n7. D\u00e9bat d'orientation budg\u00e9taire pour l'ann\u00e9e 2026 \n8. Questions diverses \n \nA 14 h 05, le Pr\u00e9sident du conseil d'administration M. Jean -Luc CHOPLIN d\u00e9clare ouverte la s\u00e9ance \ndu conseil d'administration de l'EPCC Centre national du costume de sc\u00e8ne et de la sc\u00e9nographie et \nremercie les participants de leur pr\u00e9sence. Il remercie tout particuli\u00e8rement le Pr\u00e9sident de la \nBiblioth\u00e8que nationale de France qui accueille cette r\u00e9union du Conseil d'administration. \nM. Jo\u00ebl HUTHWOHL, directeur du d\u00e9partement des Arts du spectacle de la BnF pr\u00e9cise que le \nPr\u00e9sident est en d\u00e9placement en Arm\u00e9nie mais qu'il transmet toutes ses salutations aux membres du \nConseil d'administration. \nM. Serge CARREIRA est d\u00e9sign\u00e9 en qualit\u00e9 de secr\u00e9taire de s\u00e9ance. \n1  \u2013 APPROBATION DU PROCES-VERBAL DU CONSEIL D'ADMINISTRATION DU 22 \nNOVEMBRE 2024 \n \nM. le Pr\u00e9sident demande aux membres du conseil d'administration si des observations sont \u00e0 apporter \nau proc\u00e8s-verbal communiqu\u00e9. Aucune autre observation n'est formul\u00e9e. \nLe conseil d'administration, apr\u00e8s en avoir d\u00e9lib\u00e9r\u00e9, \u00e0 l'unanimit\u00e9, adopte le proc\u00e8s -verbal du conseil \nd'administration du 22 novembre 2024. \n2  \u2013 POLITIQUE CULTURELLE ET SCIENTIFIQUE \n \nLe Pr\u00e9sident demande \u00e0 Madame Delphine PINASA de pr\u00e9senter les deux expositions temporaires \nprogramm\u00e9es en 2026. \nMme PINASA tient tout d'abord \u00e0 souligner la tr\u00e8s bonne fr\u00e9quentation du d\u00e9but de l'exposition \u00ab \nChristian Lacroix en sc\u00e8ne \u00bb ainsi que la bonne couverture par les m\u00e9dias nationaux comme Le \nFigaro, FR3, Les Echos, M le Monde\u2026 \nPour l'ann\u00e9e 2026, l'exposition consacr\u00e9e au Th\u00e9\u00e2tre du Soleil d'Ariane Mnouchkine est r\u00e9alis\u00e9e en \npartenariat avec la Biblioth\u00e8que nationale de France, avec une grande majorit\u00e9 des \u0153uvres en \nprovenance de la BnF, compl\u00e9t\u00e9e par un pr\u00eat du th\u00e9\u00e2tre du Soleil. Le souhait du CNCS est d'ouvrir au \nplus t\u00f4t l'exposition, le 4 avril, afin de b\u00e9n\u00e9ficier de l'impact des vacances scolaires. \nM. Jo\u00ebl HUTHWOHL indique que cette exposition \u00ab hors les murs \u00bb de la BnF est un beau partenariat \navec le CNCS. Le service des \u00e9ditions est pr\u00eat \u00e0 s'associer \u00e0 une co -\u00e9dition mais les d\u00e9lais sont tr\u00e8s \ncourts. \n03_CNCS_Centre National du Costume de Sc\u00e8ne - 03-2025-12-26-00001 - d\u00e9lib\u00e9rations CA CNCS 04122025 11\n \n3 \n \nLa seconde exposition programm\u00e9e au mois d'octobre marquera l'anniversaire des 20 ans de \nl'ouverture du CNCS. Les costumes pr\u00e9sent\u00e9s seront issus des collections du mus\u00e9e, \u00e0 partir des \nd\u00e9p\u00f4ts et des dons.     \nLe fil conducteur de l'exposition est la narration par les costumes de l'histoire du CNCS. \nLe conseil d'administration, apr\u00e8s en avoir d\u00e9lib\u00e9r\u00e9, \u00e0 l'unanimit\u00e9, prend acte de cette communication. \n3   \u2013  FONCTIONNEMENT  DE  L'ETABLISSEMENT  ET  INFORMATION  SUR  LES \nDOSSIERS EN COURS \nA la demande du Pr\u00e9sident, la Directrice de l'EPCC pr\u00e9sente les diff\u00e9rents dossiers soumis \u00e0 \nl'information du Conseil d'administration. \n\uf06a Suites donn\u00e9es au rapport d'audit et d'appui du minist\u00e8re de la culture \nLa mise en \u0153uvre des pr\u00e9conisations formul\u00e9es dans le rapport a \u00e9t\u00e9 tr\u00e8s majoritairement engag\u00e9e, \ncertaines mesures n\u00e9cessitant des d\u00e9lais plus importants et une inscription dans un calendrier pluri - \nannuel. \nAinsi, M. PERISSOL intervient sur la r\u00e9flexion \u00e0 engager en mati\u00e8re d'offre de formation car c'est un \ndes moyens d'obtenir des financements pour la r\u00e9habilitation des trois b\u00e2timents existants sur le site. \nM. Fran\u00e7ois MARIE souligne l'int\u00e9r\u00eat de poursuivre les \u00e9tudes afin de s'inscrire dans la d\u00e9marche \nFrance 2030 mais aussi dans le cadre du CPER 2027. \n\uf06b Bilan social \nLa Directrice pr\u00e9sente le bilan social r\u00e9alis\u00e9 avec les salari\u00e9s et les repr\u00e9sentants du personnel. 33 \nmesures ont \u00e9t\u00e9 pratiquement toutes mises en \u0153uvre, dans le cadre d'un travail collaboratif depuis \n2022. Cette d\u00e9marche a permis des am\u00e9liorations significatives en mati\u00e8re de communication et \nd'organisation. \n\uf083 D\u00e9cision de la Cour administrative d'appel de Lyon \nDans le cadre d'un contentieux avec la SAS TORRES GARCIA sur le dossier d'extension du CNCS, \nla Cour administrative d'appel de Lyon a fait droit \u00e0 une demande de paiement de la mission de la \ntranche PRO, pour un montant de 23 121.52 \u20ac TTC. \n\uf084 Proc\u00e9dure par suite d'un accident du travail sur le chantier de l'extension \nEn sa qualit\u00e9 de ma\u00eetre d'ouvrage des travaux d'extension, le CNCS a \u00e9t\u00e9 appel\u00e9 \u00e0 la cause concernant \nun accident du travail sur le chantier. Une audience correctionnelle est fix\u00e9e au 7 mai prochain. La \nresponsabilit\u00e9 du CNCS en sa qualit\u00e9 de personne morale n'est pas mise en cause, ni celle de la \nDirectrice et de l'Administrateur de l'\u00e9tablissement. \n\uf085 Agent comptable de l'\u00e9tablissement \nL'agent comptable de l'\u00e9tablissement poursuit ses fonctions avec une organisation de travail adapt\u00e9e \u00e0 \nl'\u00e9volution de sa situation professionnelle. \nLa Directrice indique que la mission de l'agent comptable et sa pr\u00e9sence au CNCS en lien avec les \n\u00e9quipes sont importantes pour le bon fonctionnement du CNCS. \nLe conseil d'administration, apr\u00e8s en avoir d\u00e9lib\u00e9r\u00e9, \u00e0 l'unanimit\u00e9, prend acte de ces \ncommunications. \n \n \n \n03_CNCS_Centre National du Costume de Sc\u00e8ne - 03-2025-12-26-00001 - d\u00e9lib\u00e9rations CA CNCS 04122025 12\n \n4 \n \n4  \u2013 RAPPORT ANNUEL D'ACTIVITE DE L'ANNEE 2024 \n \nMme Delphine PINASA pr\u00e9sente les grandes lignes du rapport d'activit\u00e9 et tout particuli\u00e8rement le \nchiffre de fr\u00e9quentation de 86 743 visiteurs, la quatri\u00e8me fr\u00e9quentation par ann\u00e9e depuis l'ouverture du \nmus\u00e9e en 2006. \nAvec la pr\u00e9sentation de l'exposition Plan\u00e8te(s) Decoufl\u00e9, le CNCS a particip\u00e9 \u00e0 l'actualit\u00e9 en cette \nann\u00e9e olympique. L'exposition consacr\u00e9e au Cabarets ! a rencontr\u00e9 un grand succ\u00e8s tant aupr\u00e8s des \nvisiteurs que des professionnels. Enfin, le partenariat avec le Centre des Monuments Nationaux a \npermis la pr\u00e9sentation hors les murs de l'exposition Habiller le merveilleux, costumes de sc\u00e8ne au \nch\u00e2teau d'Azay-le-Rideau. \nLa Directrice tient \u00e0 remercier les \u00e9quipes du CNCS pleinement investies dans leurs missions et leur  \npleine participation \u00e0 la r\u00e9daction du rapport d'activit\u00e9. \nLe conseil d'administration apr\u00e8s en avoir d\u00e9lib\u00e9r\u00e9, \u00e0 l'unanimit\u00e9, adopte le rapport d'activit\u00e9 de \nl'ann\u00e9e 2024. \n5  \u2013 CLOTURE DE L'EXERCICE DE L'ANNEE 2024 \n \nA la demande de M. le Pr\u00e9sident, M. Vincent FORAY , administrateur, pr\u00e9sente ce rapport qui pr\u00e9cise \nque le r\u00e9sultat de cl\u00f4ture de l'ann\u00e9e 2024 est d'un montant de + 575 905 \u20ac en section de \nfonctionnement et de \u2013 422 081 \u20ac en section d'investissement, soit un r\u00e9sultat de 153 823 \u20ac. \nCe r\u00e9sultat ne tient pas compte des restes \u00e0 r\u00e9aliser 2024, notamment en recettes d'un montant de \nsubvention de 718 836 \u20ac attendu \u00e0 la cl\u00f4ture des comptes et dont l'encaissement sera r\u00e9alis\u00e9 sur \nl'exercice 2025. Ce d\u00e9calage explique le d\u00e9ficit de la section d'investissement. \nUne pr\u00e9sentation des \u00e9l\u00e9ments budg\u00e9taires de l'ann\u00e9e 2024 est \u00e9galement effectu\u00e9e ainsi qu'une \npr\u00e9sentation du compte administratif. L'administrateur pr\u00e9cise que les d\u00e9penses sont ma\u00eetris\u00e9es au \nmaximum. \nL'agent comptable de l'\u00e9tablissement, pr\u00e9sente le compte administratif et le compte de gestion de \nl'exercice 2024. \nLe compte de r\u00e9sultat courant d\u00e9gage ainsi un r\u00e9sultat b\u00e9n\u00e9ficiaire de 539 223.86 \u20ac. \nCeci expos\u00e9, le conseil d'administration, apr\u00e8s en avoir d\u00e9lib\u00e9r\u00e9, \u00e0 l'unanimit\u00e9 : \n- approuve le compte administratif de l'exercice 2024 ; \n- approuve le compte de gestion de l'exercice 2024 ; \n- d\u00e9cide d'affecter le r\u00e9sultat de l'exercice 2024 \u00e0 la section d'exploitation. \n \n6 \u2013 DECISION MODIFICATIVE N\u00b01 DU BUDGET PRIMITIF 2024 \n7  \nM. le Pr\u00e9sident donne la parole \u00e0 M. Vincent FORAY , administrateur, afin de pr\u00e9senter la proposition \nde modification n\u00b01 du budget 2025. Celui -ci indique que la DM 1 est destin\u00e9e essentiellement \u00e0 \nint\u00e9grer le r\u00e9sultat de l'exercice 2024 et \u00e0 effectuer certains r\u00e9ajustements tant en d\u00e9penses qu'en \nrecettes, pour un montant total de 600 905 \u20ac en section de fonctionnement. \nConcernant la section d'investissement, il s'agit notamment de l'int\u00e9gration des restes \u00e0 r\u00e9aliser et le \nr\u00e9ajustement de certains programmes \u00e0 hauteur de 837 930 \u20ac. \nCeci expos\u00e9, le conseil d'administration, apr\u00e8s en avoir d\u00e9lib\u00e9r\u00e9, \u00e0 l'unanimit\u00e9 : \n \n03_CNCS_Centre National du Costume de Sc\u00e8ne - 03-2025-12-26-00001 - d\u00e9lib\u00e9rations CA CNCS 04122025 13\n \n5 \n \n- proc\u00e8de au vote, chapitre par chapitre, de la proposition de d\u00e9cision modificative n\u00b01 \ndu BP 2024 pr\u00e9sent\u00e9e ; \n- autorise la directrice de l'\u00e9tablissement, dans le cadre du programme des op\u00e9rations \nd'investissement \u00e0 engager, de proc\u00e9der au lancement des consultations et \u00e0 la \nsignature des contrats, march\u00e9s y aff\u00e9rents et, de fa\u00e7on g\u00e9n\u00e9rale, \u00e0 la signature de \ntous documents relatifs aux proc\u00e9dures des op\u00e9rations d'investissement, dans la \nlimite du budget adopt\u00e9 par le conseil d'administration. \n \n8  \u2013 DEBAT D'ORIENTATION BUDGETAIRE POUR L'ANNEE 2026 \n \nM. le Pr\u00e9sident indique que le d\u00e9bat d'orientation budg\u00e9taire est obligatoire dans le cadre du \nfonctionnement de l'\u00e9tablissement et rappelle les grandes lignes du rapport pr\u00e9sent\u00e9 : \n- les contributions financi\u00e8res des membres de l'EPCC ; \n- les effectifs de l'\u00e9tablissement ; \n- les orientations budg\u00e9taires 2026. \nConcernant les orientations budg\u00e9taires, le r\u00e9sultat de l'exercice budg\u00e9taire 2024, en l\u00e9ger exc\u00e9dent, \navec une augmentation des ressources propres li\u00e9es aux recettes de billetterie, permet d'esp\u00e9rer en \n2025, un r\u00e9sultat conforme aux orientations budg\u00e9taires et au budget primitif. \nLa programmation d'une seule exposition par an et une baisse importante des d\u00e9penses d'\u00e9lectricit\u00e9  \ndevraient conforter cette situation. \nLa programmation culturelle de l'ann\u00e9e 2026 \u2013 ann\u00e9e du vingti\u00e8me anniversaire de la cr\u00e9ation du \nCNCS \u2013 pr\u00e9voit deux expositions temporaires. La construction du budget primitif \u2013 sans augmentation \nni diminution de la participation des membres de l'EPCC \u2013 devra \u00eatre particuli\u00e8rement vigilante sur \nles ressources propres que nous savons \u00eatre li\u00e9es \u00e0 la fr\u00e9quentation des expositions. \nUne r\u00e9flexion concernant la tarification des activit\u00e9s du CNCS et notamment une augmentation du \ndroit d'entr\u00e9e applicable en 2026 n'est pas \u00e0 exclure. \nLa politique de recherche d'\u00e9conomies se poursuit afin de r\u00e9duire les charges g\u00e9n\u00e9rales, mais avec des \nmarges de man\u0153uvre de plus en plus \u00e9troites. \nM. Fran\u00e7ois MARIE, DRAC adjoint, confirme toute l'attention port\u00e9e par la DRAC au CNCS, dans le \ncadre d'un budget extr\u00eamement contraint. Cette m\u00eame attention sera r\u00e9serv\u00e9e pour 2026, tout en \nsachant que les budgets seront particuli\u00e8rement tendus. \nLe conseil d'administration prend acte du pr\u00e9sent rapport et a proc\u00e9d\u00e9 au d\u00e9bat des orientations \nbudg\u00e9taires de l'ann\u00e9e 2026. \nPar ailleurs, M. Fran\u00e7ois MARIE, DRAC adjoint intervient sur le tableau des effectifs pr\u00e9sent\u00e9 et la \nmention du statut de CDD concernant la directrice de l'\u00e9tablissement. \nUn d\u00e9bat intervient entre les membres du conseil d'administration qui souhaitent qu'un examen de la \nsituation contractuelle de Mme Delphine PINASA puisse \u00eatre engag\u00e9. Le Pr\u00e9sident du conseil \nd'administration est mandat\u00e9 pour assurer cette mission, en lien avec la DRAC. \nLe conseil d'administration, apr\u00e8s en avoir d\u00e9lib\u00e9r\u00e9, \u00e0 l'unanimit\u00e9, souhaite qu'un examen de la \nsituation contractuelle de la directrice de l'EPCC puisse \u00eatre engag\u00e9. Le Pr\u00e9sident du conseil \nd'administration est mandat\u00e9 pour assurer cette mission, en lien avec la DRAC. \nA l'occasion des questions diverses, le Maire de Moulins intervient au sujet du spectacle Murmures de \nla Cit\u00e9, qui sera pr\u00e9sent\u00e9 sur la place d'armes du CNCS, les 11, 12 et 13 juillet 2025. \n \n03_CNCS_Centre National du Costume de Sc\u00e8ne - 03-2025-12-26-00001 - d\u00e9lib\u00e9rations CA CNCS 04122025 14\n \n6 \n \nLa Ville de Moulins a apport\u00e9 son soutien financier \u00e0 la r\u00e9alisation de ce spectacle. Le CNCS, par une \nconvention sign\u00e9e le 25 f\u00e9vrier 2025, met \u00e0 disposition gracieuse, sous conditions, la place d'armes du \nQuartier Villars. \nA ce jour, d'importantes interrogations subsistent sur les conditions de r\u00e9alisation de la manifestation \ntant sur les moyens techniques pouvant \u00eatre mis \u00e0 disposition, ainsi que sur les mesures d\u00e9claratives de \ns\u00e9curit\u00e9 et sur les obligations professionnelles de qualification et de r\u00e9mun\u00e9ration des artistes et \ntechniciens relevant des obligations de l'association organisatrice. \nLe conseil d'administration, apr\u00e8s en avoir d\u00e9lib\u00e9r\u00e9, \u00e0 l'unanimit\u00e9, prend acte de la \ncommunication de M. le Maire de Moulins. \nLe CNCS va mettre en demeure l'Association Murmures de la Cit\u00e9 afin d'avoir \u00e0 justifier du \nrespect par l'association organisatrice de ses obligations, tout particuli\u00e8rement en mati\u00e8re de \ns\u00e9curit\u00e9 et de respect des obligations r\u00e9glementaires. A d\u00e9faut, le CNCS pourra \u00eatre amen\u00e9 \u00e0 \nr\u00e9silier la convention du 22 f\u00e9vrier 2025. \nPlus personne ne demandant la parole, l'ordre du jour \u00e9tant \u00e9puis\u00e9, la s\u00e9ance est lev\u00e9e \u00e0 15 h 50. \n \nLe conseil d'administration, apr\u00e8s en avoir d\u00e9lib\u00e9r\u00e9, \u00e0 l'unanimit\u00e9, adopte le proc\u00e8s -verbal de la \nr\u00e9union du conseil d'administration du 29 avril 2025. \nLa pr\u00e9sente d\u00e9lib\u00e9ration fera l'objet d'une publication au Recueil des Actes Administratifs de la \nPr\u00e9fecture de l'Allier. \nA Moulins, le 26 d\u00e9cembre 2025 \nLe Pr\u00e9sident du conseil d'administration, \nSign\u00e9 Jean-Luc CHOPLIN \n \nD\u00e9lib\u00e9ration n\u00b0 16 \u2013 2025 du conseil d'administration du Centre national du costume de sc\u00e8ne, \ns\u00e9ance du 4 d\u00e9cembre 2025 \nObjet : mandat de la directrice de l'EPCC \nLe pr\u00e9sident du conseil d'administration du Centre national du costume de sc\u00e8ne, sur proposition du \nconseil d'administration, a proc\u00e9d\u00e9 \u00e0 la nomination (d\u00e9cision du 27 juin 2023 suite au conseil \nd'administration du 26 juin 2023) de Madame Delphine PINASA, au poste de directrice du CNCS, \npour un mandat de trois ann\u00e9es sur la p\u00e9riode du 1er ao\u00fbt 2023 jusqu'au 31 juillet 2026.  \nIl r\u00e9sulte du 3\u00e8me alin\u00e9a de l'article L. 1431-5 du CGCT que le directeur d'EPCC b\u00e9n\u00e9ficie d'un contrat \n\u00e0 dur\u00e9e d\u00e9termin\u00e9e d'une dur\u00e9e \u00e9gale \u00e0 la dur\u00e9e de son mandat. Lorsque le mandat est renouvel\u00e9, apr\u00e8s \napprobation par le conseil d'administration du nouveau projet pr\u00e9sent\u00e9 par le directeur, le contrat de ce \ndernier fait l'objet d'une reconduction expresse d'une dur\u00e9e \u00e9quivalente \u00e0 celle du mandat. \nLa circulaire interminist\u00e9rielle n\u00b0 2008/006 du 29 ao\u00fbt 2008 relative \u00e0 la mise en \u0153uvre de la loi n\u00b0 \n2006-6 du 4 janvier 2002 relative \u00e0 la cr\u00e9ation d'\u00e9tablissements publics de coop\u00e9ration culturelle \npr\u00e9cise que le mandat du directeur peut \u00eatre renouvel\u00e9 par p\u00e9riode de trois ans. Il faut, pour cela, qu'au \nterme de son mandat, le directeur pr\u00e9sente un nouveau projet, qui sera examin\u00e9 par le conseil \nd'administration.  \nEn cas d'approbation de ce projet par le conseil, le mandat du directeur sera renouvel\u00e9. Dans le cas \ncontraire, le conseil lancera un appel \u00e0 candidatures en vue de recruter un nouveau directeur.  \n03_CNCS_Centre National du Costume de Sc\u00e8ne - 03-2025-12-26-00001 - d\u00e9lib\u00e9rations CA CNCS 04122025 15\n \n7 \n \nEn cas de renouvellement du mandat du directeur, le contrat dont il b\u00e9n\u00e9ficie est \u00e9tabli pour une dur\u00e9e \nde trois ans \u00e9quivalente \u00e0 celle de son nouveau mandat (1er ao\u00fbt 2026 \u2013 31 juillet 2029). \nDans ce contexte, il est propos\u00e9 au conseil d'administration d'examiner, lors de sa prochaine s\u00e9ance, la \npr\u00e9sentation par Mme Delphine PINASA, directrice de l'EPCC, d'un projet culturel et scientifique sur \nla p\u00e9riode 2026-2029. \n \nLe conseil d'administration apr\u00e8s en avoir d\u00e9lib\u00e9r\u00e9, \u00e0 l'unanimit\u00e9, demande \u00e0 Mme Delphine \nPINASA, directrice de l'EPCC, de pr\u00e9senter pour la prochaine r\u00e9union du conseil \nd'administration un projet culturel et scientifique correspondant \u00e0 la p\u00e9riode de mandat 2026 -\n2029.  \nLe conseil d'administration, apr\u00e8s en avoir d\u00e9lib\u00e9r\u00e9, prend acte de cette communication. \nLa pr\u00e9sente d\u00e9lib\u00e9ration fera l'objet d'une publication au Recueil des Actes Administratifs de la \nPr\u00e9fecture de l'Allier. \nA Moulins, le 26 d\u00e9cembre 2025 \nLe Pr\u00e9sident du conseil d'administration \nSign\u00e9 Jean-Luc CHOPLIN \n \nD\u00e9lib\u00e9ration n\u00b0 17 \u2013 2025 du conseil d'administration du Centre national du costume de sc\u00e8ne, \ns\u00e9ance du 4 d\u00e9cembre 2025 \nObjet : composition du conseil d'orientation scientifique et culturel \nL'article 12 des statuts de l'EPCC pr\u00e9voit que l' \u00e9tablissement soit dot\u00e9 d'un conseil d'orientation \nscientifique et culturel (COSC) pr\u00e9sid\u00e9 par le directeur de l'\u00e9tablissement et dont les membres sont \nd\u00e9sign\u00e9s conjointement par les collectivit\u00e9s territoriales, l'Etat et les Etablissements publics pour une \ndur\u00e9e de trois ans renouvelable, en raison de leur comp\u00e9tence dans le domaine d'activit\u00e9 de \nl'\u00e9tablissement, sur proposition du directeur. Le mandat des membres du COSC arrive \u00e0 \u00e9ch\u00e9ance le \n31 janvier 2026. \nLe COSC est compos\u00e9 de 15 membres. La directrice du CNCS propose les nominations suivantes :  \n  \nCOSC DU CNCS, sous la pr\u00e9sidence de Mme Delphine PINASA, directrice \n \n \n1 \n \nMme Esclarmonde MONTEIL \n \nConservateur en chef, Service des mus\u00e9es de France - Minist\u00e8re de \nla culture \n \n \n2 \n \nMme Annabel POINCHEVAL \n \n \n \nInspectrice au Coll\u00e8ge Th\u00e9\u00e2tre, Service de l'inspection de la cr\u00e9ation \nartistique - Direction g\u00e9n\u00e9rale de la cr\u00e9ation artistique - Minist\u00e8re de \nla culture  \n \n \n3 \n \n \nMme Catherine GUILLOT \n \nConservatrice en chef du patrimoine, conseill\u00e8re pour les mus\u00e9es, \nDRAC Auvergne \u2013 Rh\u00f4ne-Alpes - Minist\u00e8re de la culture  \n \n \n4 \n \n \nMme Christine NEUMEISTER  \n \n \nDirectrice des ateliers de costumes \u2013 Op\u00e9ra national de Paris \n \n \n5 \n \nM. Jo\u00ebl HUTHWOHL \n \nConservateur, directeur du d\u00e9partement des arts du spectacle \u2013 \n03_CNCS_Centre National du Costume de Sc\u00e8ne - 03-2025-12-26-00001 - d\u00e9lib\u00e9rations CA CNCS 04122025 16\n \n8 \n \n  Biblioth\u00e8que nationale de France \n \n \n6 \n \nM. Louis-Gilles PAIRAULT \n \n \nConservateur-archiviste, directeur de la biblioth\u00e8que-mus\u00e9e - \nCom\u00e9die-Fran\u00e7aise \n \n \n7 \n \nMme Aziza GRIL-MARIOTTE \n \n \nDirectrice du Mus\u00e9e des Tissus et des Arts D\u00e9coratifs, Lyon \n \n \n8 \n \nMme Catherine TREILHOU-BALAUDE \n \n \nProfesseur d'histoire et d'esth\u00e9tique du th\u00e9\u00e2tre \u2013 Universit\u00e9 \nSorbonne Nouvelle Paris 3 \n \n9 \n \nMme Claudine LACHAUD \n \n \nFondatrice et g\u00e9rante de l'atelier Caraco Canezou, Paris \n \n \n10 \n \nMme Jackie TADEONI \n \n \nCr\u00e9atrice de costume et artiste interpr\u00e8te  \n \n \n11 \n \nM. Pierre PROVOYEUR \n \n \nConservateur g\u00e9n\u00e9ral du patrimoine honoraire \n \n12 \n \nM. Alexandre de DARDEL \n \n \nSc\u00e9nographe \n \n13 \n \nMme Muriel JANVIER \n \n \nInspectrice d'Acad\u00e9mie - Inspecteur P\u00e9dagogique R\u00e9gional Design \n& m\u00e9tiers d'art - Minist\u00e8re de l'\u00c9ducation nationale \n \n \n14 \n \nMme Leyla-Claire RABIH \n \nDirectrice de l'Ecole Nationale Sup\u00e9rieure des Arts et Techniques du \nTh\u00e9\u00e2tre (ENSATT) \n \n \n15 \n \nMme Marie-B\u00e9n\u00e9dicte SEYNHAEVE \nKERMORGANT \n \n \nResponsable du d\u00e9partement des collections et des expositions - \nCentre national du costume et de la sc\u00e8ne \n \n \n \nLe conseil d'administration apr\u00e8s en avoir d\u00e9lib\u00e9r\u00e9, \u00e0 l'unanimit\u00e9,  approuve la proposition de \nnominations des membres du conseil d'orientation scientifique et culturel qui sera transmise \u00e0 \nM. le Pr\u00e9fet de l'Allier. \nLa pr\u00e9sente d\u00e9lib\u00e9ration fera l'objet d'une publication au Recueil des Actes Administratifs de la \nPr\u00e9fecture de l'Allier. \nA Moulins, le 26 d\u00e9cembre 2025 \nLe Pr\u00e9sident du conseil d'administration, \nSign\u00e9 Jean-Luc CHOPLIN \n \nD\u00e9lib\u00e9ration n\u00b0 18 \u2013 2025 du conseil d'administration du Centre national du costume de sc\u00e8ne, \ns\u00e9ance du 4 d\u00e9cembre 2025 \nObjet : programmation des expositions et politique culturelle \n \n \n03_CNCS_Centre National du Costume de Sc\u00e8ne - 03-2025-12-26-00001 - d\u00e9lib\u00e9rations CA CNCS 04122025 17\n \n9 \n \n EXPOSITIONS  \n\uf06a Fr\u00e9quentation 2025 \n \nAu 23 novembre 2025, la fr\u00e9quentation globale est de 81 049 visiteurs : \n2025 \n \nau 23 novembre \n2024 \n \nau 23 novembre \n \nExposition \nPlan\u00e8tes(s) Decoufl\u00e9 \n(fermeture le 5 \njanvier 2025) \n \n \n1 404 visiteurs \nExposition \nCabarets ! \n(jusqu'au 30 \navril) \n \n32 462 visiteurs \nInter-exposition \n(6 janvier au 4 avril \n2025) \n \n \n7 788 visiteurs \n \nInter-exposition \n(01/05 au 24/05) \n \n \n2 967 visiteurs \n \nExposition Christian \nLacroix en \nsc\u00e8ne (ouverture 5 \navril) \n \n \n71 857 visiteurs \n \nExposition \nPlan\u00e8te(s) \nDecoufl\u00e9 \n(ouverture 25 \nmai) \n \n \n44 528 visiteurs \nTOTAL \n \n81 049 visiteurs \n \nTOTAL \n \n79 957 visiteurs \n \n\uf06b Enqu\u00eate des publics \n \nLe CNCS a confi\u00e9 la r\u00e9alisation d'une enqu\u00eate des publics au Cabinet BR CONSEILS dont les \nr\u00e9sultats viennent d'\u00eatre communiqu\u00e9s. \nCette \u00e9tude, conduite sur plusieurs mois, a permis de recueillir les r\u00e9ponses de plus de 3300 \npersonnes visiteurs venus de toute la France et de l'\u00e9tranger, afin de mieux conna\u00eetre les profils, \nattentes et habitudes de ses visiteurs. \nL'enqu\u00eate fournit des enseignements pr\u00e9cieux sur la notori\u00e9t\u00e9 du CNCS, les modes de visite \n(individuelles, en groupe, familiales) et les motivations principales du public (culture, patrimoine, \nd\u00e9couverte, loisirs). \nPour les 20 ans du CNCS, ces informations constituent une \u00e9tape essentielle pour mieux comprendre \nles habitudes et les attentes des visiteurs. \nUne pr\u00e9sentation sera effectu\u00e9e \u00e0 la fin de la s\u00e9ance du conseil d'administration. \n \n\uf083 Ann\u00e9e 2026 \n \nL'ann\u00e9e 2026 est marqu\u00e9e par le 20i\u00e8me anniversaire de l'ouverture du Centre national du costume et \nde la sc\u00e8ne, le 1 er juillet 2006. Une programmation sp\u00e9cifique consacr\u00e9e aux 20 ans se d\u00e9roulera au \nlong de l'ann\u00e9e. \n03_CNCS_Centre National du Costume de Sc\u00e8ne - 03-2025-12-26-00001 - d\u00e9lib\u00e9rations CA CNCS 04122025 18\n \n10 \n \nEn 2026, deux expositions temporaires seront pr\u00e9sent\u00e9es ainsi que deux rotations de \nl'espace permanent Tr\u00e9sors des Collections. \n\uf084 Exposition \u00ab Th\u00e9\u00e2tre du Soleil \u00bb (titre provisoire) \n \nExposition Hors les murs de la BnF en partenariat avec le CNCS et le Th\u00e9\u00e2tre du Soleil. \ndu 4 avril au 20 septembre 2026 \nInauguration : vendredi 10 avril 2026 \nCommissariat : Corinne Gibello-Bernette, charg\u00e9e de fonds d'archives au d\u00e9partement des Arts du \nspectacle, Biblioth\u00e8que nationale  de France et V\u00e9ronique Meunier -Delissnyder, conservatrice \ng\u00e9n\u00e9rale des biblioth\u00e8ques, adjointe au directeur du d\u00e9partement des Arts du spectacle, Biblioth\u00e8que \nnationale de France. \nSc\u00e9nographie : Philippine Ordinaire \nCatalogue : Editions Gallimard \nLe Centre national du costume et de  la sc\u00e8ne organise  une exposition Hors  les murs de  la \nBiblioth\u00e8que nationale de France en partenariat avec le Th\u00e9\u00e2tre du Soleil, consacr\u00e9e \u00e0 cette troupe de \nth\u00e9\u00e2tre mythique fond\u00e9e en 1964 par Ariane Mnouchkine. \nPropos : \nDepuis plus de soixante ans, le Th\u00e9\u00e2tre du Soleil fait rayonner en France et dans le monde un th\u00e9\u00e2tre \ncollectif, engag\u00e9 et po\u00e9tique. Install\u00e9e \u00e0 la Cartoucherie de Vincennes en r\u00e9gion Parisienne, la troupe \nr\u00e9unit artistes et artisans venus de tous horizons autour d'une m\u00eame passion : celle du spectacle total, \no\u00f9 le texte, la lumi\u00e8re, la musique, les d\u00e9cors et les costumes ne font qu'un. \nL'exposition invitera le public \u00e0 d\u00e9couvrir les coulisses de cette aventure humaine et \nartistique exceptionnelle. \nD\u00e8s le salon d'honneur, une maquette monumentale de la Cartoucherie plongera le visiteur \ndans l'atmosph\u00e8re si particuli\u00e8re du th\u00e9\u00e2tre. \nLe parcours d\u00e9voilera ensuite les sources d'inspiration du Th\u00e9\u00e2tre du Soleil telles que les grandes \ntraditions asiatiques (Tibet, Inde, Japon), la commedia dell'arte ou encore les ma\u00eetres du th\u00e9\u00e2tre \nfran\u00e7ais au XXe si\u00e8cle comme Jouvet, Vilar\u2026 \nLes visiteurs seront ensuite convi\u00e9s \u00e0 entrer dans les ateliers o\u00f9 prennent vie les spectacles : cr\u00e9ation \ndes d\u00e9cors, \u00e9laboration des costumes, fabrication des masques, marionnettes et accessoires\u2026 autant \nd'espaces habituellement invisibles pour le spectateur. \nUne loge reconstitu\u00e9e met en lumi\u00e8re l'importance des maquillages et pr\u00e9sente notamment \nle somptueux costume du duc Orsino dans \u00ab La Nuit des Rois \u00bb, 1982, port\u00e9 par Georges Bigot. \nA la fin du parcours de l'exposition, le visiteur sera invit\u00e9 \u00e0 devenir spectateur et \u00e0 partager \nle spectacle,  \u00e0 travers la pr\u00e9sentation d'une trentaine de costumes, d'instruments de \nmusique et d'accessoires de d\u00e9cor, issus du cycle des Shakespeare, de celui des Atrides, de \nTambours sur la digue et d'Une chambre en Inde. \n\u00c0 travers plus d'une centaine de pi\u00e8ces issues des collections du D\u00e9partement des  Arts du spectacle \nde la BnF et du Th\u00e9\u00e2tre du Soleil, l'exposition c\u00e9l\u00e8brera une aventure artistique collective et engag\u00e9e, \ntoujours guid\u00e9e par le partage et l'humanit\u00e9. \n\uf085 Exposition : 20e Anniversaire du CNCS \ndu 17 octobre 2026 au 26 avril 2027 (fin vacances scolaires zone A) Commissariat : CNCS \n03_CNCS_Centre National du Costume de Sc\u00e8ne - 03-2025-12-26-00001 - d\u00e9lib\u00e9rations CA CNCS 04122025 19\n \n11 \n \nPOLITIQUE SCIENTIFIQUE ET CULTURELLE \nSc\u00e9nographie : Alain Batifoulier et Simon de Tovar \nCatalogue : \u00e0 l'occasion des 20 ans du CNCS un ouvrage de r\u00e9f\u00e9rence sera \u00e9dit\u00e9. \nPour c\u00e9l\u00e9brer ses 20 ans, le Centre national du costume et de la sc\u00e8ne pr\u00e9pare une grande exposition \n\u00e0 la fois festive et historique, retra\u00e7ant deux d\u00e9cennies de vie, de collections et de cr\u00e9ations de ce \nmus\u00e9e unique au monde. \nParcours : \nL'exposition reviendra sur la naissance du CNCS \u00e0 Moulins, ses acquisitions de costumes \nembl\u00e9matiques, ses missions de conservation, d'exposition et de valorisation au regard de ses \ncollections exceptionnelles. \nLe parcours mettra \u00e9galement en lumi\u00e8re les hommes et les  femmes qui font vivre  ce patrimoine \nin\u00e9dit : cr\u00e9ateurs de costumes, ateliers, artistes et interpr\u00e8tes, mais aussi visiteurs et public, \u00e0 \ntravers t\u00e9moignages et souvenirs partag\u00e9s. \nLa m\u00e9diation sera tout particuli\u00e8rement d\u00e9velopp\u00e9e \u00e0 l'aide d'outils num\u00e9riques en cours d'\u00e9tude \nqui permettront de donner vie aux costumes expos\u00e9s, par le biais d'animations visuelles et sonores. \nDes dispositifs pourraient ainsi faire \u00ab parler  \u00bb les costumes conf\u00e9rant un caract\u00e8re in\u00e9dit et \nimmersif \u00e0 cette exposition. \nLa participation du public, amis, scolaires, professionnels et grand public sera par ailleurs sollicit\u00e9e \nvia un principe de jeu concours sur les costumes et les expositions du CNCS. \nPens\u00e9e comme une v\u00e9ritable f\u00eate du costume de sc\u00e8ne, la sc\u00e9nographie sign\u00e9e Simon de Tovar et  \nAlain Batifoulier promet un univers f\u00e9\u00e9rique et immersif, o\u00f9 chaque vitrine deviendra une petite \nmise en sc\u00e8ne pleine de surprises. Le final spectaculaire pr\u00e9sentera une immense f\u00eate d'anniversaire \navec un 20 costumes-bougies embl\u00e9matiques. \n\uf086 Tr\u00e9sors des collections, deux rotations \n \nF\u00e9vrier \u2013 Septembre 2026 : \u00ab La Com\u00e9die-Fran\u00e7aise s'expose au CNCS \u00bb \nPour cette ann\u00e9e exceptionnelle, le CNCS s'associe avec la Com\u00e9die -Fran\u00e7aise pour repenser son \nespace permanent \u00ab Tr\u00e9sors des Collections \u00bb. A l'occasion de la fermeture pour travaux (janvier - \nseptembre 2026), la Com\u00e9die -Fran\u00e7aise s'expose \u00e0 Paris et en r\u00e9gion par le pr\u00eat d'\u0153uvres de son \npatrimoine. Une dizaine d'\u0153uvres, peintures et bustes embl\u00e9matiques du XVIIIe et XIXe si\u00e8cles, \nseront pr\u00e9sent\u00e9es avec une s\u00e9lection de costumes issus du d\u00e9p\u00f4t de la Com\u00e9die -Fran\u00e7aise, le tout \nexpos\u00e9 ensemble pour la premi\u00e8re fois. \nSeptembre \u2013 janvier 2027 : \u00ab Il y a 20 ans : B\u00eates de Sc\u00e8ne \u00bb \n \nEn \u00e9cho \u00e0 son 20e anniversaire, le CNCS invite \u00e0 un voyage dans le temps en revisitant B\u00eates de \nsc\u00e8ne, la toute premi\u00e8re exposition du mus\u00e9e qui avait fascin\u00e9 le public \u00e0 son ouverture. Le monde \ndu spectacle \u00e9tant le lieu privil\u00e9gi\u00e9 des enchantements et la sc\u00e8ne un endroit magique, il n'est pas  \n\u00e9tonnant que des animaux jouent sur sc\u00e8ne, chantent et m\u00eame dansent\u2026Un  flash-back \u00e0 ne pas \nmanquer ! \n \nTout au long de l'ann\u00e9e 2025, la pr\u00e9sentation d'une seule exposition a permis aux \u00e9quipes d'\u00eatre \nmobilis\u00e9es sur des sujets de fonds, dans les diff\u00e9rents secteurs d'activit\u00e9 du mus\u00e9e et tout \nparticuli\u00e8rement sur les sujets li\u00e9s aux collections. \n03_CNCS_Centre National du Costume de Sc\u00e8ne - 03-2025-12-26-00001 - d\u00e9lib\u00e9rations CA CNCS 04122025 20\n \n12 \n \n\uf06a R\u00e9colement d\u00e9cennal 2016 -2025 \n \nDepuis son obtention de l'appellation \u00ab Mus\u00e9e de France \u00bb en 2009, le CNCS est dans l'obligation \nde proc\u00e9der au r\u00e9colement d\u00e9cennal de ses collections.  Pour rappel, le CNCS avait entam\u00e9 ses \npremi\u00e8res campagnes de r\u00e9colement entre 2013 et 2015 et les r\u00e9sultats ont \u00e9t\u00e9 comptabilis\u00e9s \ndans le premier r\u00e9colement d\u00e9cennal des collections 2004-2015. \nLe deuxi\u00e8me  r\u00e9colement a d\u00e9marr\u00e9 le 1 er janvier 2016 et s'ach\u00e8vera le 31 d\u00e9cembre 2025. Les \n\u00e9quipes du D\u00e9partement des collections travaillent activement \u00e0 son avancement qui a suscit\u00e9 \nplusieurs questionnements sur les pi\u00e8ces \u00e0 int\u00e9grer dans ce r\u00e9colement selon leur statut, d\u00e9p\u00f4t ou \ncollection CNCS. \nEn parall\u00e8le, un certain nombre d'op\u00e9rations ont \u00e9t\u00e9 men\u00e9es sur certains dons effectu\u00e9s dans les \npremi\u00e8res ann\u00e9es d'ouverture du mus\u00e9e, non r\u00e9gularis\u00e9s. \nAvec une cible actualis\u00e9e, le taux de r\u00e9colement atteint 92 % au 17 novembre 2025. \nLe troisi\u00e8me r\u00e9colement d\u00e9cennal d\u00e9butera le 1 er janvier 2026 et fera l'objet de la r\u00e9daction d'un \nnouveau plan de r\u00e9colement. La propri\u00e9t\u00e9 sera donn\u00e9e aux op\u00e9rations de post-r\u00e9colement. \n\uf06b Plan de Sauvegarde des Biens Culturels (PSBC) \n \nLe PSBC du CNCS est en cours de finalisation avec pour objectif une validation par le SDIS 03 en fin \nd'ann\u00e9e 2025. \nLe projet a \u00e9t\u00e9 pr\u00e9sent\u00e9 le 22 octobre 2025 aupr\u00e8s de l'officier expert du Centre de Secours \nPrincipal de Moulins. L'Architecte des B\u00e2timents de France, administrateur du CNCS (MH) et \nRUS (R\u00e9f\u00e9rent Unique S\u00e9curit\u00e9) \u00e9tait \u00e9galement associ\u00e9 \u00e0 cette r\u00e9union par l'interm\u00e9diaire de son \nadjointe. \n \n\uf083 Projet Scientifique et Culturel (PSC) \n \nLa r\u00e9daction d'un nouveau PSC figurait en premi\u00e8re pr\u00e9conisation du rapport d'audit et d'appui du \nminist\u00e8re de la culture de mars 2023 : Concevoir et produire un nouveau Projet Scientifique et  \nCulturel dans les deux ann\u00e9es \u00e0 venir, autour de grands chapitres que sont : collections (gestion, \np\u00e9rim\u00e8tre, statut des d\u00e9p\u00f4ts), expositions, formation et publics. \nLa d\u00e9marche a \u00e9t\u00e9 engag\u00e9e  avec les d\u00e9partements des collections, du d\u00e9veloppement du public  et \nde la m\u00e9diation. Ainsi, et par exemple, un document sur les axes d'intervention de la politique de \nm\u00e9diation au CNCS a \u00e9t\u00e9 produit et partag\u00e9 avec le Rectorat (action culturelle) et la DRAC (action \nculturelle et territoriale) permettant de d\u00e9finir des \u00e9volutions et de nouveaux axes de m\u00e9diation \npour les publics. \nL'objectif est de valider ce PSC au second semestre 2026. \n\uf084 Politique de formation au CNCS \nDans la poursuite des r\u00e9flexions sur la mise en \u0153uvre d'une politique de formation et de r\u00e9sidence \nau CNCS qui pourraient prendre place dans les b\u00e2timents \u00e0 r\u00e9nover sur le site du Quartier Villars, \ndes contacts ont \u00e9t\u00e9 \u00e9tablis avec des structures mus\u00e9ales d\u00e9veloppant une offre de formation, la \nDRAC et  le Rectorat. Les premiers \u00e9changes et r\u00e9union avec ces professionnels ont mis en \n\u00e9vidence un sujet complexe, aux multiples enjeux, dans un contexte \u00e9conomique particuli\u00e8rement \ntendu. \nAfin de r\u00e9pondre \u00e0 ces questionnements, une \u00e9tude de positionnement et de faisabilit\u00e9 devra \u00eatre \nr\u00e9alis\u00e9e en 2026. Les objectifs attendus seront de pr\u00e9ciser si le sujet de la formation au CNCS \n03_CNCS_Centre National du Costume de Sc\u00e8ne - 03-2025-12-26-00001 - d\u00e9lib\u00e9rations CA CNCS 04122025 21\n \n13 \n \nr\u00e9pond \u00e0 une demande, de quel type et pour quels co\u00fbts, avec la possibilit\u00e9 d'un sc\u00e9nario alternatif \nr\u00e9pondant \u00e0 des travaux de r\u00e9habilitation des b\u00e2timents inoccup\u00e9s (logements + espaces de travail). \nPar ailleurs, Moulins Communaut\u00e9 s'est rapproch\u00e9 du CNCS concernant l'appel \u00e0 projets \u00ab  p\u00f4les \nterritoriaux d'industries culturelles et cr\u00e9atives \u00bb, dans le cadre du plan France 2030 et faisant suite \n\u00e0 l'AMI auquel le CNCS avait r\u00e9pondu avec Moulins Communaut\u00e9 en 2023. Il a \u00e9t\u00e9 d\u00e9cid\u00e9, d'un \ncommun accord, de ne pas donner suite en raison des crit\u00e8res des projets \u00e0 pr\u00e9senter. \n\uf085 Bourse du nouveau costume de sc\u00e8ne \n \nDans le cadre des politiques publiques en faveur de la danse et de  la mode, le minist\u00e8re de la \nCulture a lanc\u00e9 une bourse de cr\u00e9ation d\u00e9di\u00e9e au nouveau costume de sc\u00e8ne, \u00e0 destination de 2 duos \ncompos\u00e9s d'un jeune chor\u00e9graphe et d'un jeune cr\u00e9ateur de mode. \nCe dispositif vise \u00e0 encourager la collaboration entre ces deux disciplines artistiques, en soutenant \nla conception de costumes originaux au service d'une \u0153uvre chor\u00e9graphique in\u00e9dite (en privil\u00e9giant \nles solos ou duos). \n\u00c0 travers cette initiative, le minist\u00e8re souhaite favoriser un dialogue cr\u00e9atif entre mode et danse, en \nexplorant la mani\u00e8re dont le costume peut influer sur la narration et l'esth\u00e9tique d'un projet \nchor\u00e9graphique. Il s'agit de repenser l'usage du costume dans l'espace sc\u00e9nique contemporain, en \ntant qu'\u00e9l\u00e9ment \u00e0 part enti\u00e8re de l'\u00e9criture artistique. \nLe CNCS est associ\u00e9 \u00e0 ce projet port\u00e9 par la Direction g\u00e9n\u00e9rale de la cr\u00e9ation artistique (DGCA) \nqui s'inscrit dans la transmission des savoir -faire, la valorisation des m\u00e9tiers d'art et le \nrenouvellement des pratiques cr\u00e9atives. Ce projet propose une r\u00e9ponse concr\u00e8te en favorisant \nl'\u00e9mergence de nouveaux regards sur ces questions. \nLes projets seront pr\u00e9sent\u00e9s en avant -premi\u00e8re lors du Chaillot Exp\u00e9rience #Mode, \u00e9v\u00e9nement \nd\u00e9di\u00e9 aux croisements entre cr\u00e9ation chor\u00e9graphique et mode, qui se tiendra les 13 et 14 mars 2026 \n\u00e0 Chaillot \u2014 Th\u00e9\u00e2tre national de la danse \u00e0 Paris, qui sollicite \u00e0 cette occasion le CNCS pour une \nexposition de costumes. \n\u00c0 l'issue de cette pr\u00e9sentation, les costumes pourraient rejoindre les collections du Centre national \ndu costume de sc\u00e8ne (CNCS) \u00e0 Moulins, assurant leur valorisation dans une perspective de \nconservation et de patrimoine vivant. \n \n\uf086 Colloque chercheurs costumes de sc\u00e8ne \n \nDans le cadre du 20e anniversaire du CNCS, l'organisation d'un colloque port\u00e9 par un collectif de \nchercheurs et de professionnels, est en cours de r\u00e9flexion. Ce colloque, dont le titre provisoire est \n\u00ab Costumes, une archive contemporaine  \u00bb, ferait suite aux tables rondes organis\u00e9es au Festival \nd'Avignon en 2024 et 2025 et aux cycles de rencontres \u00e0 Artcena men\u00e9s par Marion Boudier, \ndramaturge et chercheuse. \nL'organisation de ce colloque sollicite le CNCS pour un temps de r\u00e9sidence au printemps 2026. \n \nLe conseil d'administration apr\u00e8s en avoir d\u00e9lib\u00e9r\u00e9 prend acte de la pr\u00e9sentation de la \nprogrammation des expositions et de la politique culturelle de l'\u00e9tablissement. \nConcernant la programmation de l'exposition consacr\u00e9e au Th\u00e9\u00e2tre du Soleil, \u00e0 la suite de la \npublication d'articles mettant en cause d'anciens acteurs de la troupe, le conseil d'administration \u00e0 \nce stade prend acte de la demande d'audit formul\u00e9e par le minist\u00e8re de la culture. Le conseil \nd'administration pourra \u00eatre appel\u00e9 \u00e0 se r\u00e9unir \u00e0 nouveau sur ce sujet. \n03_CNCS_Centre National du Costume de Sc\u00e8ne - 03-2025-12-26-00001 - d\u00e9lib\u00e9rations CA CNCS 04122025 22\n \n14 \n \nLa pr\u00e9sente d\u00e9lib\u00e9ration fera l'objet d'une publication au Recueil des Actes Administratifs de la \nPr\u00e9fecture de l'Allier. \nA Moulins, le 26 d\u00e9cembre 2025 \nLe Pr\u00e9sident du conseil d'administration, \nSign\u00e9 Jean-Luc CHOPLIN \n \nD\u00e9lib\u00e9ration n\u00b0 19-2025 du conseil d'administration du Centre national du costume de sc\u00e8ne, \ns\u00e9ance du 4 d\u00e9cembre 2025 \nObjet : occupation de la place d'Armes du CNCS \nLe CNCS est r\u00e9guli\u00e8rement sollicit\u00e9 notamment par des associations, administrations publiques, \n\u00e9tablissements scolaires pour une mise \u00e0 disposition des espaces ext\u00e9rieurs et notamment de la Place \nd'Armes du Quartier Villars. Les manifestations s'y d\u00e9roulant sont vari\u00e9es avec des concerts ou \n\u00e9v\u00e8nements culturels, des \u00e9v\u00e8nements sportifs d'ampleur (Vin Sc\u00e8ne en Bourbonnais), des c\u00e9r\u00e9monies \nofficielles (Sainte -Barbe, prises de commandement), des animations (lyc\u00e9e agricole, organisme \nagricole professionnel, rassemblement de v\u00e9hicules anciens \u2026) mais aussi une programmation \nsp\u00e9cifique pouvant \u00eatre organis\u00e9e par le CNCS. \nDans ce cadre, une convention de mise \u00e0 disposition pr\u00e9cisant les obligations de l'organisateur en \nmati\u00e8re technique, dispositions r\u00e9glementaires de s\u00e9curit\u00e9, conformit\u00e9 des installations, organisation \ng\u00e9n\u00e9rale, assurances\u2026est sign\u00e9e entre la structure et le CNCS. \nL'\u00e9tablissement apporte aussi tr\u00e8s souvent un soutien logistique (fourniture d'\u00e9lectricit\u00e9, personnel \npour v\u00e9rifier les questions de s\u00e9curit\u00e9 et d'acc\u00e8s\u2026). \nAu mois de juillet 2025, le CNCS a mis \u00e0 disposition, selon convention sign\u00e9e le 25 f\u00e9vrier 2025, la \nplace d'Armes \u00e0 l'association \u00ab  Murmures de la Cit\u00e9  \u00bb, pour un spectacle avec mapping et figurants \nqui s'est d\u00e9roul\u00e9 du 11 au 13 juillet 2025, r\u00e9unissant 2 100 spectateurs. Ce spectacle a notamment \nb\u00e9n\u00e9fici\u00e9 de financements des collectivit\u00e9s (Ville, Agglom\u00e9ration, D\u00e9partement R\u00e9gion et fonds \neurop\u00e9ens) ainsi que d'une mise \u00e0 disposition de moyens techniques et sc\u00e9niques de la Ville et de \nl'Agglom\u00e9ration.   \nL'association \u00ab Murmures de la Cit\u00e9  \u00bb renouvelle en 2026 une demande de mise \u00e0 disposition de la \nplace d'Armes aupr\u00e8s du CNCS et sollicite des financements publics aupr\u00e8s des collectivit\u00e9s.   \nC'est dans ce contexte, que le conseil d'administration est amen\u00e9 \u00e0 examiner cette demande. D'autant \nplus que l'ann\u00e9e 2026 est celle du 20\u00e8me anniversaire de la cr\u00e9ation de l'\u00e9tablissement. \n \nConsid\u00e9rant que l'ann\u00e9e 2026 est une ann\u00e9e particuli\u00e8rement importante pour l'\u00e9tablissement qui \nf\u00eatera les 20 ann\u00e9es de sa cr\u00e9ation (2006 -2026). Qu'\u00e0 ce titre, une programmation sp\u00e9cifique \nd'\u00e9v\u00e8nements est en cours d'\u00e9laboration par le CNCS avec notamment le projet de cr\u00e9ation d'un \nmapping sp\u00e9cifique qui sera diffus\u00e9 tous les soirs de l'\u00e9t\u00e9 et l'organisation de manifestations sur la \nplace d'Armes, \nConsid\u00e9rant la pr\u00e9sentation d'expositions temporaires en 2026, mettant en valeur les collaborations \navec les \u00e9tablissements nationaux membres de l'\u00e9tablissement public, \u00e0 savoir la Com\u00e9die -Fran\u00e7aise, \nla Biblioth\u00e8que nationale de France, l'Op\u00e9ra national de Paris ainsi qu'une exposition exceptionnelle \nconsacr\u00e9e aux 20 ans du CNCS,  \nConsid\u00e9rant que l'\u00e9tablissement, ses financeurs et ses membres souhaitent privil\u00e9gier une \ncommunication importante autour du 20 \u00e8me anniversaire et qu'un effort particulier mobilisant des \n03_CNCS_Centre National du Costume de Sc\u00e8ne - 03-2025-12-26-00001 - d\u00e9lib\u00e9rations CA CNCS 04122025 23\n \n15 \n \nmoyens significatifs accompagnera cette communication tout au long de l'ann\u00e9e, mettant ainsi en \nvaleur l'image du mus\u00e9e,  \nConsid\u00e9rant que le CNCS reste libre de ses choix pour l'accueil d'\u00e9v\u00e8nements se d\u00e9roulant sur la \nplace d'Armes, \nConsid\u00e9rant qu'un courrier en date du 19 septembre 2025 adress\u00e9 par l'association Murmures de la \nCit\u00e9 sollicite le CNCS pour le renouvellement en 2026 du partenariat entre le CNCS et Murmures de \nla Cit\u00e9 pour la mise \u00e0 disposition gracieuse de la place d'Armes pour l'organisation d'un spectacle, \nConsid\u00e9rant qu'aucun engagement pluriannuel n'a \u00e9t\u00e9 \u00e9tabli entre l'association Murmures de la Cit\u00e9 \net le CNCS,  \nConsid\u00e9rant la n\u00e9cessit\u00e9 de r\u00e9server au CNCS la pleine et enti\u00e8re disposition du site pendant l'ann\u00e9e \n2026, \nApr\u00e8s en avoir d\u00e9lib\u00e9r\u00e9, le conseil d'administration, \u00e0 l'unanimit\u00e9, \nD\u00e9cide de ne pas r\u00e9pondre favorablement \u00e0 la demande de renouvellement d'un partenariat entre le \nCNCS et l'association Murmures de la Cit\u00e9 afin d'accueillir en 2026 un spectacle sur la place \nd'Armes, \nD\u00e9cide qu'un courrier informant de cette d\u00e9cision, selon les termes de la d\u00e9lib\u00e9ration du conseil \nd'administration, soit adress\u00e9 dans les meilleurs d\u00e9lais par la directrice de l'\u00e9tablissement au pr\u00e9sident \nde l'association Murmures de la Cit\u00e9, \nLa pr\u00e9sente d\u00e9lib\u00e9ration fera l'objet d'une publication au Recueil des Actes Administratifs de la \nPr\u00e9fecture de l'Allier. \nA Moulins, le 26 d\u00e9cembre 2025 \nLe Pr\u00e9sident du conseil d'administration, \nSign\u00e9 Jean-Luc CHOPLIN \n \nD\u00e9lib\u00e9ration n\u00b0 20-2025 du conseil d'administration du Centre national du costume de sc\u00e8ne, \ns\u00e9ance du 4 d\u00e9cembre 2025 \nObjet : fonds de dotation \nUn \u00ab  fonds de dotation du mus\u00e9e du costume de sc\u00e8ne  \u00bb a \u00e9t\u00e9 cr\u00e9\u00e9 le 12 janvier 2015, avec les \nmembres fondateurs suivants : M. Thierry LE ROY , Mme Delphine PINASA, M. Vincent FORAY .  \nM. LE ROY en a d\u00e9missionn\u00e9 le 25 janvier 20219. \nConstitu\u00e9 sans dotation initiale, aucune activit\u00e9 n'a \u00e9t\u00e9 exerc\u00e9e depuis sa cr\u00e9ation par le fonds de \ndotation. \nL'\u00e9volution de la r\u00e9glementation renforce les obligations de transparence pour l'ensemble des \norganismes sans but lucratif. Ainsi des d\u00e9clarations sont \u00e0 r\u00e9aliser aupr\u00e8s des services de l'Etat. \nLe conseil d'administration du fonds de dotation est compos\u00e9 de trois membres. \n \nApr\u00e8s en avoir d\u00e9lib\u00e9r\u00e9, le conseil d'administration, \u00e0 l'unanimit\u00e9, se prononce pour la \ndissolution du fonds de dotation. \nLes membres fondateurs proc\u00e8deront aux d\u00e9marches n\u00e9cessaires.  \n03_CNCS_Centre National du Costume de Sc\u00e8ne - 03-2025-12-26-00001 - d\u00e9lib\u00e9rations CA CNCS 04122025 24\n \n16 \n \nLa pr\u00e9sente d\u00e9lib\u00e9ration fera l'objet d'une publication au Recueil des Actes Administratifs de la \nPr\u00e9fecture de l'Allier. \nA Moulins, le 26 d\u00e9cembre 2025 \nLe Pr\u00e9sident du conseil d'administration \nSign\u00e9 Jean-Luc CHOPLIN \n \nD\u00e9lib\u00e9ration n\u00b0 21-2025 du conseil d'administration du Centre national du costume de sc\u00e8ne, \ns\u00e9ance du 4 d\u00e9cembre 2025 \nObjet : s\u00e9curit\u00e9 dans les mus\u00e9es \nA la suite de plusieurs vols d'\u0153uvre incluant des m\u00e9taux pr\u00e9cieux ou des objets d'arts dans des mus\u00e9es \nfran\u00e7ais et de la note de la Direction g\u00e9n\u00e9rale des patrimoines et de l'architecture  du 23 octobre \ndernier, le CNCS a proc\u00e9d\u00e9 \u00e0 une analyse de ses dispositifs de s\u00e9curit\u00e9. A noter qu'en 2024, \nl'\u00e9tablissement a proc\u00e9d\u00e9 au changement du syst\u00e8me de vid\u00e9o -surveillance en int\u00e9rieur comme \u00e0 \nl'ext\u00e9rieur, avec des \u00e9quipements r\u00e9cents et une augmentation du nombre de cam\u00e9ras. Par ailleurs, un \ndispositif \u00e9lectronique de protection des \u0153uvres non expos\u00e9es sous vitrine a \u00e9t\u00e9 acquis. \nDes travaux n\u00e9cessaires et compl\u00e9mentaires sont \u00e0 pr\u00e9voir dans le b\u00e2timent MH. \nPar ailleurs, l'\u00e9tablissement a adress\u00e9 \u00e0 la DRAC au mois d'ao\u00fbt 2025 une demande de financement \nexceptionnel sur trois ans de ses installations climatiques (conservation des \u0153uvres) et de son syst\u00e8me \nde s\u00e9curit\u00e9 incendie (SSI de 1 \u00e8re cat\u00e9gorie) qui n\u00e9cessite 20 ans apr\u00e8s sa mise en service un \nchangement et une mise \u00e0 niveau de certains organes d\u00e9ficients.  \n \nLe conseil d'administration, apr\u00e8s en avoir d\u00e9lib\u00e9r\u00e9, prend acte de cette communication. \nLa pr\u00e9sente d\u00e9lib\u00e9ration fera l'objet d'une publication au Recueil des Actes Administratifs de la \nPr\u00e9fecture de l'Allier. \nA Moulins, le 26 d\u00e9cembre 2025 \nLe Pr\u00e9sident du conseil d'administration \nSign\u00e9 Jean-Luc CHOPLIN \n \nD\u00e9lib\u00e9ration n\u00b0 22-2025 du conseil d'administration du Centre national du costume de sc\u00e8ne, \ns\u00e9ance du 4 d\u00e9cembre 2025 \nObjet : information proc\u00e9dures travaux \nConform\u00e9ment aux dispositions de l'article 9 des statuts, il est rendu compte de diff\u00e9rentes \nproc\u00e9dures : \n- Proc\u00e9dure \u00e0 la suite d'un accident du travail sur le chantier de l'extension \nDans le cadre de l'accident du travail sur le chantier d'extension du CNCS dont l'EPCC assurait la \nma\u00eetrise d'ouvrage, l'affaire a \u00e9t\u00e9 examin\u00e9e lors de l'audience du Tribunal correctionnel de Moulins, le \n29 septembre 2025. \n03_CNCS_Centre National du Costume de Sc\u00e8ne - 03-2025-12-26-00001 - d\u00e9lib\u00e9rations CA CNCS 04122025 25\n \n17 \n \nLa responsabilit\u00e9 du CNCS, en sa qualit\u00e9 de personne morale, de Mme Delphine Pinasa, repr\u00e9sentante \nl\u00e9gale et de M. Vincent Foray, administrateur agissant par d\u00e9l\u00e9gation de la directrice, n'est pas mise en \ncause.  \nLe jugement est intervenu le 5 novembre 2025. \n- Protocole transactionnel avec la soci\u00e9t\u00e9 IDEX \nLe CNCS a, par un march\u00e9 public n\u00b02022 -05 du 8 d\u00e9cembre 2022 ayant pour objet des Travaux pour \nle remplacement de l'installation GTC du Centre national du costume de sc\u00e8ne, confi\u00e9 \u00e0 IDEX \nl'ex\u00e9cution des travaux vis\u00e9s au march\u00e9.  \nDans le cadre de l'ex\u00e9cution de ces travaux d'importants retards ont \u00e9t\u00e9 constat\u00e9s.  \nLe CNCS a mis en avant sa volont\u00e9 d'appliquer les p\u00e9nalit\u00e9s de retard. Un protocole transactionnel, \nsign\u00e9 le 10 juin 2025, a permis de fixer, de mani\u00e8re d\u00e9finitive, le solde du march\u00e9 imputant des \np\u00e9nalit\u00e9s de retard et des provisions pour r\u00e9serves \u00e0 lever selon les conditions du CCAP. \nConform\u00e9ment aux dispositions de l'article 9 des statuts, le conseil d'administration est appel\u00e9 \u00e0 \nd\u00e9lib\u00e9rer sur le rapport d'activit\u00e9 pr\u00e9sent\u00e9 par la Directrice de l'\u00e9tablissement. \n \nLe conseil d'administration, apr\u00e8s en avoir d\u00e9lib\u00e9r\u00e9, \u00e0 l'unanimit\u00e9, prend acte de cette \ncommunication. \nLa pr\u00e9sente d\u00e9lib\u00e9ration fera l'objet d'une publication au Recueil des Actes Administratifs de la \nPr\u00e9fecture de l'Allier. \nA Moulins, le 26 d\u00e9cembre 2025 \nLe Pr\u00e9sident du conseil d'administration \nSign\u00e9 Jean-Luc CHOPLIN \n \nD\u00e9lib\u00e9ration n\u00b0 23-2025 du conseil d'administration du Centre national du costume de sc\u00e8ne, \ns\u00e9ance du 4 d\u00e9cembre 2025 \nObjet : contentieux droit du travail \u2013 Mme CORTEGGIANI Camille \nMadame Camille CORTEGGIANI a \u00e9t\u00e9 recrut\u00e9e en CDI le 12 juin 2018 en qualit\u00e9 de responsable du \nd\u00e9veloppement et des publics. \nL'int\u00e9ress\u00e9e a transmis \u00e0 la CPAM du Puy-de-D\u00f4me (d\u00e9partement dans lequel elle est domicili\u00e9e) une \nd\u00e9claration de maladie professionnelle en f\u00e9vrier 202 par un m\u00e9decin de Moulins.  \nCette reconnaissance a fait l'objet d'un recours devant la CPAM et la Commission r\u00e9gionale de \nrecours amiable, suite \u00e0 sa saisine par le CNCS. En effet, le CNCS conteste un lien direct entre la \npathologie et l'exercice professionnel.  \nEn 2023, la salari\u00e9e a \u00e9t\u00e9 pr\u00e9sente au CNCS 12 jours (absences pour grossesse, cong\u00e9 maternit\u00e9, arr\u00eats \nde travail, absences pour enfant malade, cong\u00e9 de mariage, cong\u00e9s pay\u00e9s).  \nMadame CORTEGGIANI est revenue au CNCS en novembre 2023 pour quelques jours. Sentant que \nsa situation personnelle avec deux jeunes enfants en bas \u00e2ge \u00e9tait difficilement compatible avec sa vie \nprofessionnelle, elle a initi\u00e9 une discussion avec la direction sur les conditions de son d\u00e9part. En effet, \nelle est domicili\u00e9e \u00e0 RIOM (63) depuis 2023, \u00e0 pr\u00e8s de 3 heures de route AR par jour de Moulins. \nDeux possibilit\u00e9s ont \u00e9t\u00e9 exprim\u00e9es par l'int\u00e9ress\u00e9e : d\u00e9mission pour suivi de conjoint, soit une rupture \nconventionnelle. Le principe d'une rupture conventionnelle avait \u00e9t\u00e9 act\u00e9 avec l'int\u00e9ress\u00e9e.  \n03_CNCS_Centre National du Costume de Sc\u00e8ne - 03-2025-12-26-00001 - d\u00e9lib\u00e9rations CA CNCS 04122025 26\n \n18 \n \nMme CORTEGGIANI a finalement engag\u00e9 sa d\u00e9marche sur le terrain de la maladie professionnelle, \nconduisant \u00e0 une d\u00e9claration d'inaptitude sans possibilit\u00e9 de reclassement. Le CNCS a donc \u00e9t\u00e9 \ncontraint de proc\u00e9der \u00e0 un licenciement le 29 octobre 2025.  \nPour information, la reconnaissance du caract\u00e8re professionnel de la pathologie fait actuellement \nl'objet d'une contestation devant le P\u00f4le social du Tribunal judicaire de Moulins.  \nLe co\u00fbt pour le CNCS est \u00e9valu\u00e9, \u00e0 ce stade du contentieux, entre 35 000 \u20ac et plus de 50 000 \u20ac. \n \nApr\u00e8s en avoir d\u00e9lib\u00e9r\u00e9, le conseil d'administration, \u00e0 l'unanimit\u00e9, prend acte de cette \ncommunication. \nLa pr\u00e9sente d\u00e9lib\u00e9ration fera l'objet d'une publication au Recueil des Actes Administratifs de la \nPr\u00e9fecture de l'Allier. \nA Moulins, le 26 d\u00e9cembre 2025 \nLe Pr\u00e9sident du conseil d'administration \nSign\u00e9 Jean-Luc CHOPLIN \n \nD\u00e9lib\u00e9ration n\u00b0 24-2025 du conseil d'administration du Centre national du costume de sc\u00e8ne, \ns\u00e9ance du 4 d\u00e9cembre 2025 \nObjet : fixation des tarifs pour l'ann\u00e9e 2026 \nVu l'article 9 des statuts, le conseil d'administration est amen\u00e9 \u00e0 d\u00e9lib\u00e9rer chaque ann\u00e9e sur le r\u00e9gime \ndu droit d'entr\u00e9e et les tarifs des prestations. \n1 - Orientations 2026 \nIl est propos\u00e9 au conseil d'administration de proc\u00e9der, pour l'ann\u00e9e 2026, \u00e0 : \n\u2022 l'augmentation du tarif d'entr\u00e9e du CNCS - actuellement fix\u00e9 \u00e0 9 \u20ac (plein tarif) et 6 \u20ac (tarif \nr\u00e9duit) \u2013 \u00e0 une fourchette de tarifs permettant au conseil d'administration de choisir entre 10 \u20ac \net 11 \u20ac en plein tarif. \nPour m\u00e9moire, les derni\u00e8res augmentations tarifaires ont eu lieu en 2022 avec l'ouverture de \nLa Sc\u00e8ne (+ 2 \u20ac : 9 \u20ac) et en 2017 (+ 1 \u20ac : 7 \u20ac). \nA titre indicatif, les tarifs suivants sont appliqu\u00e9s dans les structures culturelles et mus\u00e9es de \nstatuts juridiques diff\u00e9rents de Moulins, de la r\u00e9gion et en France. \n \n \nNom du mus\u00e9e \n \nPlein tarif \n \nR\u00e9duit \n \nMoulins - Allier \nMus\u00e9e Anne de Beaujeu  (Moulins) 6 \u20ac 4 \u20ac \nMaison Mantin (Moulins) 12 \u20ac 9 \u20ac \nMus\u00e9e de l'Illustration Jeunesse (Moulins) 6 \u20ac 4 \u20ac \nMus\u00e9e de la Visitation (Moulins) 5 \u20ac  \nMus\u00e9e du B\u00e2timent (Moulins) \nEntr\u00e9e payante \"en libre contribution\" \nMUPOP (Montlu\u00e7on) 7.50 \u20ac 5 \u20ac \n03_CNCS_Centre National du Costume de Sc\u00e8ne - 03-2025-12-26-00001 - d\u00e9lib\u00e9rations CA CNCS 04122025 27\n \n19 \n \nStreet Art City (Lurcis L\u00e9vis) 20 \u20ac 10 \u20ac \nPal\u00e9opolis (Gannat) 16 \u20ac 14 \u20ac \nR\u00e9gion Auvergne \u2013 Rh\u00f4ne - Alpes \nMus\u00e9e des Beaux-Arts (Lyon) 12 \u20ac 7 \u20ac \nConfluences (Lyon) 12 \u20ac 7 \u20ac \nMus\u00e9e Gadagne (Lyon) 12 \u20ac 10 \u20ac \nMus\u00e9e d'Art Roger-Quilliot (Clermont-Ferrand) 5 \u20ac 3 \u20ac \nFrance \u2013 hors Ile de France \nMUCEM (Marseille) 11 \u20ac 7,5 \u20ac \nLouvre (Lens) 10 \u20ac 9 \u20ac \nCentre Georges Pompidou (Metz) 7 \u00e0 14 \u20ac 6 \u20ac \nCit\u00e9 de la dentelle et de la mode (Calais) 7 \u20ac 5 \u20ac \nCit\u00e9 internationale de la Tapisserie (Aubusson) 9 \u20ac 6.50 \u20ac \n \nLes diff\u00e9rentes hypoth\u00e8ses d'augmentation sont les suivantes, sur la base d'un pr\u00e9visionnel de 72 000 \nvisiteurs sur 2026 : \nHypoth\u00e8ses 1 - Maintien \ntarifs \n2 \u2013 augmentation \n+ 1 \u20ac \n3 \u2013 augmentation \n+ 1.50 \u20ac \n4 \u2013 augmentation \n+ 2 \u20ac \nPlein tarif 9 \u20ac 10 \u20ac 10.50 \u20ac 11 \u20ac \nTarif r\u00e9duit 5 \u20ac 6 \u20ac 6.50 \u20ac 7 \u20ac \nTarif partenaire 6 \u20ac 7 \u20ac 7.50 \u20ac 8 \u20ac \nRecettes  442 800 \u20ac 475 200 \u20ac 504 000 \u20ac 532 800 \u20ac \nRecette en \naugmentation \n + 32 400 \u20ac \n+ 7 % \n+ 61 200 \u20ac \n+ 14 % \n+ 90 000 \u20ac \n+ 20 % \n \nL'augmentation tarifaire d'acc\u00e8s est aussi compens\u00e9e par la cr\u00e9ation de dispositifs sp\u00e9cifiques en \ndirection notamment des familles, des s\u00e9niors et des abonn\u00e9s du CNCS.  \n\u2022 cr\u00e9ation d'un tarif famille (25 ? \u20ac) pour 4 personnes.  \n\u2022 cr\u00e9ation un Pass  annuel CNCS ( 40 \u20ac) comprenant un acc\u00e8s illimit\u00e9 aux expositions et pr\u00eat \nd'un audioguide. Cette cr\u00e9ation de Pass  vise \u00e0 fid\u00e9liser des publics qui jusqu'\u00e0 aujourd'hui \n\u00e9taient adh\u00e9rents des Amis du mus\u00e9e (cat\u00e9gorie \u00ab  abonn\u00e9s \u00bb \u00e0 35 \u20ac), mais n'utilisant leur \nadh\u00e9sion que pour l'acc\u00e8s aux expositions. \n\u2022 cr\u00e9ation d'un tarif individuel visite + audioguide \u00e0 9 \u20ac pour les d\u00e9tenteurs du Pass S\u00e9nior. Ce \nnouveau Pass a \u00e9t\u00e9 cr\u00e9\u00e9 par la R\u00e9gion Auvergne -Rh\u00f4ne-Alpes en 2025 et s'adresse \u00e0 des \nutilisateurs de + de 65 ans. \n\u2022 quelques r\u00e9ajustements tarifaires sur les workshop et les ateliers p\u00e9dagogiques. \n \n1\u2013 Fixation des tarifs de visites et des activit\u00e9s pour l'ann\u00e9e 2026 \n \nIndividuels \n \nExpositions \ntemporaires \nCollection \nNoureev \nLa Sc\u00e8ne \nTr\u00e9sors des \nCollections \n \nCollection Noureev \nLa Sc\u00e8ne \nTr\u00e9sors des Collections \n(hors p\u00e9riode \nexposition temporaire) \n \n \n03_CNCS_Centre National du Costume de Sc\u00e8ne - 03-2025-12-26-00001 - d\u00e9lib\u00e9rations CA CNCS 04122025 28\n \n20 \n \nEntr\u00e9e plein tarif 10 \u20ac 7 \u20ac \nEntr\u00e9e tarif r\u00e9duit \njeunes de 12 \u00e0 25 ans et \u00e9tudiants, demandeurs d'emplois, personnes \nb\u00e9n\u00e9ficiant du minimum vieillesse, du Revenu de Solidarit\u00e9 Active, aux \nvisiteurs handicap\u00e9s et \u00e0 leurs accompagnateurs (\u00e0 l'exclusion des \ngroupes, soit \u00e0 partir de 10 personnes accompagnateurs inclus). \n \n6 \u20ac \n \n5 \u20ac \nForfait famille ( 2 adultes + 2 ados)  26 \u20ac  \nEntr\u00e9e tarif partenaire  7 \u20ac 6 \u20ac \nGratuit\u00e9 \nenfants de moins de 12 ans accompagn\u00e9s (\u00e0 l'exclusion des groupes, soit \u00e0 \npartir de 10 personnes accompagnateurs inclus), volontaires du Service \nCivique, carte culture, presse, ICOME, carte guide, carte culture du \nd\u00e9partement de l'allier. \n \nGratuit\u00e9 \nEntr\u00e9e + audioguide Pass S\u00e9nior  9 \u20ac \nVisite guid\u00e9e, \u00e9v\u00e9nement (en plus du billet d'entr\u00e9e) 5 \u20ac 5 \u20ac \nAudioguide \n \n2 \u20ac 2 \u20ac \n \n \nGroupes \n \n \nExpositions temporaires \nCollection Noureev \nLa Sc\u00e8ne \nTr\u00e9sors des Collections \n \nTarif groupe, visite libre (\u00e0 partir de 10 pax) 7 \u20ac \nVisite guid\u00e9e (5 - 9 pax) \u2013 tarif par personne 15 \u20ac \nForfait visite guid\u00e9e (\u00e0 partir de 10 jusqu'\u00e0 25 pax)  60 \u20ac + billet Tarif groupe \nForfait droit de parole 40 \u20ac + billet Tarif groupe \nForfait pr\u00e9sentation \u00e0 l'auditorium (diaporama, de 10 \u00e0 39 pax) 80 \u20ac + billet Tarif groupe \nForfait pr\u00e9sentation \u00e0 l'auditorium (diaporama, de 40 \u00e0 94 pax) 100 \u20ac + billet d'entr\u00e9e \nForfait visite en soir\u00e9e (jusqu'\u00e0 25 pax, guide et privatisation de l'exposition) 400 \u20ac  \nSuppl\u00e9ment forfait visite en soir\u00e9e (par groupe suppl\u00e9mentaire de 25 pax) 200 \u20ac \nForfait visite + Atelier adulte (\u00e0 partir de 10 pax)  - Tarif par personne 30 \u20ac  \nForfait pr\u00e9sentation en visioconf\u00e9rence (dur\u00e9e 1h) 200 \u20ac \n \n \nGroupes scolaires  \nGroupes publics emp\u00each\u00e9s \nGroupes sociaux-\u00e9ducatifs \n \nExpositions temporaires \nCollection Noureev \nLa Sc\u00e8ne \nTr\u00e9sors des Collections \nForfait visite guid\u00e9 (5-9 pax) entr\u00e9e inclus 60 \u20ac \n03_CNCS_Centre National du Costume de Sc\u00e8ne - 03-2025-12-26-00001 - d\u00e9lib\u00e9rations CA CNCS 04122025 29\n \n21 \n \nForfait visite guid\u00e9e (10-17 pax) entr\u00e9e inclus 80 \u20ac \nForfait visite guid\u00e9e (18-25 pax) entr\u00e9e inclus   100 \u20ac \nForfait visite guid\u00e9e + atelier (5-9 pax) 140 \u20ac  \nForfait visite guid\u00e9e + atelier (10- 17 pax) 160 \u20ac \nForfait visite guid\u00e9e + atelier (18-25 pax) 180 \u20ac \nEntr\u00e9e libre non accompagn\u00e9e, par personne (structures sanitaires, sociales\u2026) \nminimum de 3 pax 4 \u20ac \nForfait atelier dans la limite de 25 pax en plus d'une visite + atelier 100 \u20ac \nProjection : forfait d'occupation de salle, dans la limite de 2 heures 30 \u20ac \nWorkshop 750 \u20ac journ\u00e9e - 500 \u20ac \u00bd journ\u00e9e \nProjet ext\u00e9rieur dans la limite de 100 km maximum 500 \u20ac journ\u00e9e / 250 \u20ac \u00bd journ\u00e9e \nForfait atelier projet p\u00e9dagogique 1 h  75 \u20ac \nConf\u00e9rence pour les \u00e9tudiants et les enseignants (gratuit\u00e9 dans le cadre d'une \nconvention) 5 \u20ac/participant \nPass R\u00e9gion : tarif/\u00e9l\u00e8ve \u2013 visite guid\u00e9e 5 \u20ac \nPass R\u00e9gion : tarif/\u00e9l\u00e8ve \u2013 atelier 7 \u20ac \n \n \nAteliers de pratique artistique et culturelle (pour les individuels) \n \nTarifs \nAtelier enfants 7 \u20ac \nAteliers adultes (2h) d\u00e8s 12 -14 ans accompagner d'un adulte obligatoire, (dessin, \ncouture\u2026) 15 \u20ac \nAtelier d\u00e9couverte, 12 -14 ans accompagner d'un adulte obligatoire, (3h minimum)  30 \u20ac \nAnniversaire (6-8 pax) 90 \u20ac \nAnniversaire (9-10 pax) 150 \u20ac \nLe secret du Chapelier Fou, jeu de piste\u2026 5 \u20ac en plus du billet d'entr\u00e9e \nVisite en famille (1 adulte et 1 enfant) visite b\u00e9b\u00e9, visite-atelier 15 \u20ac /10 \u20ac personne en + \nTarif individuel Pass R\u00e9gion S\u00e9nior atelier 7 \u20ac \n \nAteliers entreprises et associations \n \nTarifs  \nAtelier 3h30 \u00e0 partir 10 pax 30 \u20ac par pax \nVisite guid\u00e9e + atelier 3h30 \u00e0 partir 10 pax 30 \u20ac par pax \n \n03_CNCS_Centre National du Costume de Sc\u00e8ne - 03-2025-12-26-00001 - d\u00e9lib\u00e9rations CA CNCS 04122025 30\n \n22 \n \n \nAuditorium : conf\u00e9rences, projections \n \nTarifs  \nProjection    inclus dans le billet d'entr\u00e9e \nConf\u00e9rence 5 \u20ac \n \nUne r\u00e9duction de 10% est appliqu\u00e9e sur les tarifs ci -dessus aux structures et \u00e9tablissements partenaires \net cas particuliers \u00e0 l'appr\u00e9ciation de la direction du CNCS. \n \n2 \u2013 Fixation des tarifs des Amis et M\u00e9c\u00e8nes du CNCS  \nCat\u00e9gorie Junior Ami Couple Donateur Bienfaiteur \n \nMontant de \nl'adh\u00e9sion \n \n \n15 \u20ac \n \n80 \u20ac \n \n150 \u20ac \n \n250 \u20ac \n \n500 \u20ac et + \n \ndont montant du don \n \n \n5 \u20ac \n \n70 \u20ac \n \n140 \u20ac \n \n240 \u20ac \n \n490 \u20ac \n \n3 \u2013 Pass CNCS \nCr\u00e9ation d'un Pass CNCS, d'une dur\u00e9e d'un an (date \u00e0 date), acc\u00e8s illimit\u00e9 aux expositions et mise \u00e0 \ndisposition d'un audioguide, dans la limite des disponibilit\u00e9s.  \nPass CNCS 40 \u20ac \n \n4 \u2013 Fixation des tarifs de locations d'espaces \nAuditorium \n Tarification HT Entreprises et collectivit\u00e9s \n \nAssociations  \nJourn\u00e9e (9 h \u2013 18 h) 1 025 \u20ac  820 \u20ac  \nDemi-journ\u00e9e (9 h \u2013 13 h ou 14 h \u2013 18 h) 725 \u20ac  580 \u20ac  \nSoir\u00e9e (18 h \u2013 22 h) 1 080 \u20ac 865 \u20ac  \nBillet d'entr\u00e9e en suppl\u00e9ment visite 6 \u20ac 6 \u20ac \n \nSalles de r\u00e9union \nTarification HT Entreprises et collectivit\u00e9s \n \nAssociations \n1 salle - journ\u00e9e (9 h \u2013 18 h) 400 \u20ac 340 \u20ac \n1 salle \u2013 demi-journ\u00e9e  300 \u20ac  240 \u20ac \n1 salle - soir\u00e9e (18 h \u2013 22 h)  600 \u20ac 530 \u20ac \nBillet d'entr\u00e9e en suppl\u00e9ment visite 6 \u20ac 6 \u20ac \n \n03_CNCS_Centre National du Costume de Sc\u00e8ne - 03-2025-12-26-00001 - d\u00e9lib\u00e9rations CA CNCS 04122025 31\n \n23 \n \nPrestations \nAgent d'accueil  50 \u20ac/heure \nTechnicien son-vid\u00e9o 50 \u20ac/heure \nAgent de s\u00e9curit\u00e9 (obligatoire en soir\u00e9e) 50 \u20ac/heure \n \n5 \u2013 Fixation des tarifs de vente de la librairie-boutique \n\u2022 Tarifs de vente \u00e0 la librairie-boutique \nLe conseil d'administration autorise la Directrice \u00e0 fixer les tarifs de vente de la librairie -boutique du \nmus\u00e9e, au mieux des int\u00e9r\u00eats de l'\u00e9tablissement, en appliquant un taux multiplicateur sur le prix de \nrevient ou le prix d'achat d'au moins 1,5 sur l'ensemble des produits, \u00e0 l'exception des livres. \n\u2022 Remise tarifaire \nLe conseil d'administration autorise la Directrice \u00e0 consentir des remises tarifaires sur les produits \nvendus par le CNCS, pour son personnel et dans le cadre de relations commerciales. Ces derni\u00e8res \nn'exc\u00e8deront pas 60 %, sur la base du tarif de vente en vigueur sans pouvoir \u00eatre inf\u00e9rieures au prix de \nrevient. \n\u2022 Ouvrages publi\u00e9s par le CNCS \nLa Directrice est autoris\u00e9e \u00e0 consentir \u00e0 des interm\u00e9diaires une remise de 35 % maximum pour les \nventes aupr\u00e8s des libraires et des particuliers sur la base du tarif de vente en vigueur sans pouvoir \u00eatre \ninf\u00e9rieure au prix de revient. \n \n6 \u2013 Fixation des tarifs d'utilisation / reproduction d'images appartenant au CNCS \nTous les montants sont indiqu\u00e9s HT \nTravaux \u00e0 caract\u00e8re acad\u00e9mique et scientifique (hors catalogues d'exposition) \u2013 accord pr\u00e9alable \nTravaux universitaires (m\u00e9moire, th\u00e8se), articles scientifiques, actes de colloque Gratuit\u00e9 \n \nREALISATION ET FOURNITURE DU FICHIER \nFourniture du fichier num\u00e9rique HD (si existant) 5 \u20ac \n \nNouvelle prise de vue \nParticipation \u00e0 la nouvelle prise de vue ou num\u00e9risation 30 \u20ac \nParticipation au mannequinage pour la prise de vue (cas 1 : costume simple) 75 \u20ac \nParticipation au mannequinage pour la prise de vue (cas 2 : costume complexe) 150 \u20ac \n \nREDEV ANCE D'UTILISATION \nCatalogue d'exposition et autres ouvrages \u00e0 caract\u00e8re scientifique  \n < 2000 exemplaires 2000 \u00e0 5000 ex > 5000 exemplaires \n< \u00bd page 30 \u20ac 50 \u20ac 70 \u20ac \n\u00bd page 40 \u20ac 60 \u20ac 80 \u20ac \nPleine page int\u00e9rieure 60 \u20ac 80 \u20ac 100 \u20ac \ncouverture 80 \u20ac 100 \u20ac 120 \u20ac \n \nPresse et \u00e9dition \n < 2000 exemplaires 2000 \u00e0 5000 ex > 5000 exemplaires \n< \u00bd page 60 \u20ac 80 \u20ac 100 \u20ac \n\u00bd page 80 \u20ac 100 \u20ac 120 \u20ac \n03_CNCS_Centre National du Costume de Sc\u00e8ne - 03-2025-12-26-00001 - d\u00e9lib\u00e9rations CA CNCS 04122025 32\n \n24 \n \nPleine page int\u00e9rieure 100 \u20ac 120 \u20ac 140 \u20ac \ncouverture 160 \u20ac 180 \u20ac 200 \u20ac \nLivraison du fichier \u00e0 signature du devis et facture sur justificatif en fonction du format \nSc\u00e9nographie d'exposition \n< A4 30 \u20ac \nentre A4 et A0 60 \u20ac \n> A0 120 \u20ac \n \nSite Internet, applications mobiles \nSite Internet et application gratuite \u00e0 but culturel et \u00e9ducatif gratuit\u00e9 \nApplication payante 50 \u20ac \nSite commercial sur devis \n \nProduits d\u00e9riv\u00e9s, d\u00e9cor, \u00e9v\u00e9nementiel : sur devis \n \nAudiovisuel (film, t\u00e9l\u00e9vision) : sur devis \n \nMINORATION \nMinoration (appliqu\u00e9e sur le total) \nDe 5 \u00e0 9 images -10 % \nDe 10 \u00e0 19 images -20 % \nPlus de 20 images -25 % \n \n7 \u2013 Fixation des tarifs de frais li\u00e9s aux pr\u00eats d'\u0153uvres / collections \n \nTarifs de mannequinage pour un costume \n \n \nMannequinage \nsimple complexe sp\u00e9cifique \n1 \u00e0 2 jours 2 \u00e0 3 jours mannequinage ou soclage \n150 \u20ac 300 \u20ac sur devis \n \n \nPrestations compl\u00e9mentaires (pour un costume) \n \nLocation Mise \u00e0 disposition de caisserie sp\u00e9cifique 50 \u20ac \u00e0 200 \u20ac selon caisserie \nEmballage (hors transport sp\u00e9cialis\u00e9)  50 \u20ac par caisse ou contre-caisse \nLocation mannequin 75 \u20ac \nAssurance mannequin \u00e0 la charge de l'emprunteur \n \n8 \u2013 Fixation des tarifs des activit\u00e9s  \nLe conseil d'administration autorise la Directrice \u00e0 fixer les tarifs des activit\u00e9s propos\u00e9es par le mus\u00e9e et \nqui ne font pas l'objet d'une tarification sp\u00e9cifique dans cette grille, au mieux des int\u00e9r\u00eats de \nl'\u00e9tablissement, et notamment les activit\u00e9s destin\u00e9es aux membres du Cercle des Amis et M\u00e9c\u00e8nes du \nCNCS. \n \nApr\u00e8s en avoir d\u00e9lib\u00e9r\u00e9, le conseil d'administration, \u00e0 l'unanimit\u00e9, adopte les tarifs de l'ann\u00e9e \n2026 figurant dans le tableau ci-dessus, en votant pour l'hypoth\u00e8se n\u00b02 d'une augmentation de + \n1 \u20ac pour l'entr\u00e9e plein tarif. \n03_CNCS_Centre National du Costume de Sc\u00e8ne - 03-2025-12-26-00001 - d\u00e9lib\u00e9rations CA CNCS 04122025 33\n \n25 \n \nLa pr\u00e9sente d\u00e9lib\u00e9ration fera l'objet d'une publication au Recueil des Actes Administratifs de la \nPr\u00e9fecture de l'Allier. \nA Moulins, le 26 d\u00e9cembre 2025 \nLe Pr\u00e9sident du conseil d'administration \nSign\u00e9 Jean-Luc CHOPLIN \nD\u00e9lib\u00e9ration n\u00b0 25-2025 du conseil d'administration du Centre national du costume de sc\u00e8ne, \ns\u00e9ance du 4 d\u00e9cembre 2025 \nObjet : d\u00e9cision modificative n\u00b02 du budget primitif 2025 \nLa D\u00e9cision modificative n\u00b02 du budget primitif 2025 propos\u00e9e \u00e0 l'examen du conseil \nd'administration, concerne la section d'investissement, est destin\u00e9e \u00e0 r\u00e9ajuster les besoins li\u00e9s aux \nop\u00e9rations d'investissement de l'\u00e9tablissement pour un montant de 150 000 \u20ac. \nIl s'agit essentiellement de l'engagement de Restes \u00e0 r\u00e9aliser de l'ann\u00e9e 2024 d\u00fb \u00e0 un d\u00e9calage \nentre le lancement de ces op\u00e9rations en 2024 et leur financement en 2025, suite \u00e0 la prolongation \nde certaines subventions. \nLe financement pour un besoin est assur\u00e9 par un virement d'exc\u00e9dent de recettes dont dispose le \nCNCS d'un montant de 803 693.38\u20ac. \n \n \n  \n03_CNCS_Centre National du Costume de Sc\u00e8ne - 03-2025-12-26-00001 - d\u00e9lib\u00e9rations CA CNCS 04122025 34\n \n26 \n \nDEPENSES D'INVESTISSEMENT BP 2025 TOTAL BP 2025 apr\u00e8s \nDM1 et RAR DM2 TOTAL BP 2025 \nAPRES DM2 \n     \n15 - Provisions pour risques et charges 0,00 0,00 0,00 0,00 \n15182 - Autres provisions pour risques 0,00 0,00  0,00 \n16 Emprunts et dettes assimil\u00e9s 0,00 0,00 0,00 0,00 \n1641 - Emprunt 0,00 0,00  0,00 \n20 - Immobilisations incorporelles 50 000,00 44 659,60 0,00 44 659,60 \n2031 - Frais \u00e9tudes 10 000,00 0,00  0,00 \n205 - Concessions et droits similaires 40 000,00 44 659,60  44 659,60 \n21 - Immobilisations corporelles 169 000,00 568 489,82 150 000,00 718 489,82 \n2145 - Construction sur sol d'autrui 10 000,00 0,00  0,00 \n2154 - Mat\u00e9riel industriel 50 000,00 160 038,01 11 083,22 171 121,23 \n216 - Acquisitions et restaurations d'\u0153uvres 30 000,00 39 195,84 5 000,00 44 195,84 \n2181- Inst.g\u00e9n\u00e9rales, Agencement et am\u00e9nagements divers 40 000,00 348 562,85 127 916,78 476 479,63 \n2183 - Mat\u00e9riel de bureau et mat\u00e9riel informatique 12 000,00 5 000,00 3 000,00 8 000,00 \n2184- Mobilier 27 000,00 15 693,12 3 000,00 18 693,12 \n23 - Immobilisations en cours 0,00 21 699,76 0,00 21 699,76 \n2314-autres immos en cours 0,00 0,00  0,00 \n2318 - Autres immos en cours Extension 0,00 21 699,76  21 699,76 \n232 - Immo incorporelles en cours 0,00 0,00  0,00 \n27 - Autres immobilisations financi\u00e8res 0,00 0,00 0,00 0,00 \n275 - D\u00e9p\u00f4ts et cautionnements vers\u00e9s 0,00 0,00  0,00 \n040 - Op\u00e9rations d'ordre de transfert 854 000,00 854 000,00 0,00 854 000,00 \n10 - Dotations, fonds divers et r\u00e9serves 0,00 0,00 0,00 0,00 \n1021 - Dotations 0,00 0,00  0,00 \n13 - Subvention d'investissement 854 000,00 854 000,00 0,00 854 000,00 \n139 - Subvention d'investissement inscrites au cpte de r\u00e9s. 854 000,00 854 000,00  854 000,00 \n15 - Autres provisions pour risque budg\u00e9taire 0,00 0,00 0,00 0,00 \n15182 - Autres provisions pour risques 0,00 0,00  0,00 \nD001 - R\u00e9sultat d'investissement report\u00e9  422 081,21  422 081,21 \nTotal d\u00e9penses d'investissement 1 073 000,00 1 910 930,39 150 000,00 2 060 930,39 \n \n \n \n \n \n \n \n03_CNCS_Centre National du Costume de Sc\u00e8ne - 03-2025-12-26-00001 - d\u00e9lib\u00e9rations CA CNCS 04122025 35\n \n27 \n \nRECETTES D'INVESTISSEMENT BP 2025 Total BP 2025 apr\u00e8s \nDM1 et RAR \nDM2 TOTAL BP 2025 \nAPRES DM2 \n     \n10 Dotations, Fonds divers et r\u00e9serves 0,00 0,00 150 000,00 150 000,00 \n106 - R\u00e9serves 0,00 0,00  0,00 \n1068 - Exc\u00e9dents de fonctionnement capitalis\u00e9s 0,00 0,00 150 000,00 150 000,00 \n13 Subventions d'investissement 120 000,00 838 836,00 0,00 838 836,00 \n1311 - Etat - DRAC - investissements courants 120 000,00 214 150,00  214 150,00 \n1311 - Etat - DRAC - s\u00e9curisation b\u00e2timents 0,00 251 930,00  251 930,00 \n1311 - Etat - DRAC - am\u00e9nagements ext\u00e9rieurs 0,00 0,00  0,00 \n1311 - Etat - DRAC - CVC 0,00 361 554,00  361 554,00 \n1311 - Etat - DRAC - opr\u00e9ations diverses 0,00 11 202,00  11 202,00 \n15 Provisions pour risques et charges 0,00 0,00 0,00 0,00 \n15182 - Autres provisions pour risques 0,00 0,00  0,00 \n16 Emprunts et dettes assimil\u00e9s 0,00 0,00 0,00 0,00 \n1641 - Emprunt 0,00 0,00  0,00 \n021- Virement de la section de fonctionnement 0,00 119 094,39 0,00 119 094,39 \n021- Virement de la section de fonctionnement 0,00 119 094,39  119 094,39 \n040 - Op\u00e9rations d'ordre de transfert 953 000,00 953 000,00 0,00 953 000,00 \n15 - Autres provisions pour risque budg\u00e9taire 0,00 0,00 0,00 0,00 \n15182 - Autres provisions pour risques 0,00 0,00  0,00 \n28 - Amortissements des immobilisations 953 000,00 953 000,00 0,00 953 000,00 \n28031 - Amort. frais \u00e9tudes 500,00 500,00  500,00 \n28005 - Amort. concessions et droits similaires 62 000,00 62 000,00  62 000,00 \n28145 - Amort.construction sur sol d'autrui 435 000,00 435 000,00  435 000,00 \n28154 - Amort.mat\u00e9riel divers 195 000,00 195 000,00  195 000,00 \n28181 - Amort. Installations g\u00e9n\u00e9rales 253 000,00 253 000,00  253 000,00 \n28182 - Amort. mat\u00e9riel de transport 0,00 0,00  0,00 \n28183 - Amort. mat\u00e9riel de bureau et informatique 4 500,00 4 500,00  4 500,00 \n28184 - Amort. mobilier 3 000,00 3 000,00  3 000,00 \n28188 - Autres 0,00 0,00  0,00 \nR001 - R\u00e9sultat d'investissement report\u00e9     \nTotal recettes d'investissement 1 073 000,00 1 910 930,39 150 000,00 2 060 930,39 \n \n \n \n \n \n \n03_CNCS_Centre National du Costume de Sc\u00e8ne - 03-2025-12-26-00001 - d\u00e9lib\u00e9rations CA CNCS 04122025 36\n \n28 \n \n \nCeci expos\u00e9, le conseil d'administration, \u00e0 l'unanimit\u00e9, \n- adopte la d\u00e9cision modificative n\u00b0 2 du BP 2025 pr\u00e9sent\u00e9e ; \n- proc\u00e8de au vote, chapitre par chapitre, de la proposition de d\u00e9cision modificative n\u00b0 2 du BP \n2025 pr\u00e9sent\u00e9e ; \n- autorise la directrice de l'\u00e9tablissement, dans le cadre du programme des op\u00e9rations \nd'investissement \u00e0 engager, de proc\u00e9der au lancement des consultations et \u00e0 la signature des \ncontrats, march\u00e9s y aff\u00e9rents et, de fa\u00e7on g\u00e9n\u00e9rale, \u00e0 la signature de tous documents relatifs aux \nproc\u00e9dures des op\u00e9rations d'investissement, dans la limite du budget adopt\u00e9 par le conseil \nd'administration. \nLa pr\u00e9sente d\u00e9lib\u00e9ration fera l'objet d'une publication au Recueil des Actes Administratifs de la \nPr\u00e9fecture de l'Allier. \nA Moulins, le 26 d\u00e9cembre 2025 \nLe Pr\u00e9sident du conseil d'administration \nSign\u00e9 Jean-Luc CHOPLIN \n \n \nD\u00e9lib\u00e9ration n\u00b0 26-2025 du conseil d'administration du Centre national du costume de sc\u00e8ne, \ns\u00e9ance du 4 d\u00e9cembre 2025 \nObjet : budget primitif de l'ann\u00e9e 2026 \nAux termes de l'article R.1431 -7 du code g\u00e9n\u00e9ral des collectivit\u00e9s territoriales, il appartient au \nconseil d'administration de proc\u00e9der \u00e0 l'adoption du budget primitif de l'\u00e9tablissement. \nLa proposition de budget pr\u00e9sent\u00e9e au conseil d'administration pour l'ann\u00e9e 2026 repose sur une \nprudence, dans un contexte budg\u00e9taire particuli\u00e8rement tendu et incertain. \nL'\u00e9laboration du budget a tenu compte des orientations en mati\u00e8re de programmation ayant fait \nl'objet du rapport n\u00b03 examin\u00e9 au pr\u00e9alable, avec la pr\u00e9sentation de deux expositions temporaires. \n \n\u2022 Section de fonctionnement : 4 313 900 \u20ac \n \nLe budget est en augmentation de + 2,9 % (hors dotation aux amortissements) par rapport au BP \n2025 (+ 93 900 \u20ac). De sensibles variations apparaissent notamment dues par la programmation de \ndeux expositions dans l'ann\u00e9e. \nL'ensemble des chapitres de d\u00e9penses sont quasi -identiques \u00e0 ceux de 2025, \u00e0 l'exception du \nchapitre 012 \u2013 charges de personnel avec une augmentation pr\u00e9visionnelle des r\u00e9mun\u00e9rations \ncorrespondant \u00e0 une augmentation du point de la convention collective ECLAT. \nLa dotation aux amortissements est en augmentation (+ 40 000 \u20ac par rapport au BP 2025) en \nraison de l'amortissement de nouveaux biens li\u00e9s aux financements des op\u00e9rations  \nd'investissement par la DRAC. Les recettes li\u00e9es aux contributions des membres de l'EPCC \nrestent identiques \u00e0 celles de 2025. \n \n03_CNCS_Centre National du Costume de Sc\u00e8ne - 03-2025-12-26-00001 - d\u00e9lib\u00e9rations CA CNCS 04122025 37\n \n29 \n \n\u2022 Section d'investissement : 1 073 000 \u20ac \n \nLe budget est stable par rapport au BP 2025 (+ 40 000 \u20ac) ; l'augmentation correspond aux \namortissements de l'ann\u00e9e. \n1 \u2013 Section de fonctionnement  \n A \u2013 les recettes \n- Contributions et subventions : 2 237 400 \u20ac \nLes contributions des membres statutaires de l'EPPC et du Conseil r\u00e9gional repr\u00e9sentent 71 % des \nrecettes ; la contribution du minist\u00e8re de la culture repr\u00e9sente 80 % du montant de l'ensemble des \ncontributions. \nEn 2026, le CNCS sollicite une subvention de 60 000 \u20ac des fonds europ\u00e9ens LEADER au titre du \ndispositif \u00ab accompagner le d\u00e9veloppement en valorisant \u00ab nos communs \u00bb, pour les actions \nsp\u00e9cifiques conduites pour les 20 ans du CNCS. \nNous notons bien qu'avec la contribution de la Ville de Moulins, des prestations significatives sont \nr\u00e9alis\u00e9es notamment par le service des espaces verts qui assure l'entretien du site, ouvert au public. \n-  Ressources propres : 912 500 \u20ac \nLes recettes de billetterie (504 000 \u20ac) ont \u00e9t\u00e9 \u00e9tablies sur la base d'une fr\u00e9quentation pr\u00e9visionnelle \nen 2026 de 72 000 visiteurs, en tenant compte d'une hypoth\u00e8se d'augmentation des droits d'entr\u00e9e \n\u00e0 10.50 \u20ac plein tarif et 6.50 \u20ac demi-tarif. \nCe pr\u00e9visionnel de fr\u00e9quentation et les autres recettes li\u00e9es aux activit\u00e9s et services sont \u00e9tablies \nselon le principe de prudence budg\u00e9taire. \nIl convient \u00e9galement de souligner que la convention d'occupation du restaurant a \u00e9t\u00e9 renouvel\u00e9e \npour trois ann\u00e9es \u00e0 partir de 2026, avec une augmentation de + 31 % (3 100 \u20ac mensuel) et une \naugmentation programm\u00e9e de + 2 % en 2027 et en 2028. \nLes recettes de m\u00e9c\u00e9nat (26 000 \u20ac) restent stables d'une ann\u00e9e sur l'autre r\u00e9parties entre le m\u00e9c\u00e9nat \nd'entreprise (16 000 \u20ac) et les dons des Amis du CNCS (10 000 \u20ac). \n-  Autres recettes : 1 164 000 \u20ac \nIl s'agit des recettes purement comptables li\u00e9es aux comptes 013 (att\u00e9nuation de charges) et 042 \n(op\u00e9rations d'ordre de transfert) avec une augmentation de + 20 000 \u20ac par rapport au BP 2025. \n \n03_CNCS_Centre National du Costume de Sc\u00e8ne - 03-2025-12-26-00001 - d\u00e9lib\u00e9rations CA CNCS 04122025 38\nR\u00e9partition des recettes de fonctionnement\n= Ressources propres \u00bb Autres ressources \u00bb Contributions et subventions\n \n30 \n \n \n \n \n \n \n \n \n \n \n \n \n \n \n \n \n \n \n \n \n  \n03_CNCS_Centre National du Costume de Sc\u00e8ne - 03-2025-12-26-00001 - d\u00e9lib\u00e9rations CA CNCS 04122025 39\n|il'MT\n \n31 \n \n \n \nDEPENSES DE FONCTIONNEMENT \n \nBP 2024 \n \nBP 2025 \nChapitre 011 - Charges \u00e0 caract\u00e8re g\u00e9n\u00e9ral 1 750 000,00 1 636 000,00 \n60 - ACHATS ET VARIATION DES STOCKS 900 500,00 770 000,00 \n6037 - Variation des stocks de marchandises 240 000,00 250 000,00 \n6061 - Fournitures non stockables 283 000,00 170 000,00 \n6063 - Fournitures d'entretien et de petit \u00e9quipement 30 000,00 25 000,00 \n6064 - Fournitures administratives 5 000,00 3 000,00 \n6066 - Carburants 2 500,00 2 000,00 \n6068 - Autres fournitures (expositions) 200 000,00 180 000,00 \n607 - Achat de marchandises 140 000,00 140 000,00 \n61 - SERVICES EXTERIEURS 333 000,00 334 000,00 \n611 - Sous-traitance g\u00e9n\u00e9rale 90 000,00 90 000,00 \n6132 - Locations immobili\u00e8res 4 000,00 0,00 \n6135 - Locations mobili\u00e8res 0,00 0,00 \n6152 - Travaux entretien b\u00e2timent 30 000,00 30 000,00 \n6155 - Travaux entretien mobilier 3 000,00 3 000,00 \n61558 - Entretien des collections 25 000,00 25 000,00 \n6156 - Maintenance (b\u00e2timent, informatique, ...) 150 000,00 150 000,00 \n6161 - Assurances multirisques 25 000,00 30 000,00 \n6162 - Assurance obligatoire dommage construction 0,00 0,00 \n6182 - Documentation g\u00e9n\u00e9rale et technique (centre de doc) 6 000,00 6 000,00 \n62 - AUTRES SERVICES EXTERIEURS 511 500,00 527 000,00 \n6222 - Commissions et courtages sur ventes 2 000,00 6 000,00 \n6225 - Indemnit\u00e9s au comptable et aux r\u00e9gisseurs 13 500,00 13 500,00 \n6226 - Honoraires 80 000,00 80 000,00 \n6227 - Frais acte et contentieux 1 000,00 1 000,00 \n62311 - Achat d'espaces (Insertion) 80 000,00 100 000,00 \n62312 - Achat d'espaces (Affichage) 75 000,00 61 000,00 \n6233 - Salons 3 000,00 5 000,00 \n6236 - Impressions de documents 20 000,00 30 000,00 \n6237 - Publications conception 20 000,00 20 000,00 \n6238 - Diffusion 12 000,00 20 000,00 \n6248 - Transport divers 60 000,00 42 500,00 \n6251 - Voyages et d\u00e9placements (hors missions salari\u00e9s cncs) 6 000,00 6 000,00 \n6256 - Missions (salari\u00e9s CNCS) 6 000,00 5 000,00 \n6257 - R\u00e9ceptions (h\u00e9bergement,repas intervenants ext\u00e9rieurs) 10 000,00 10 000,00 \n6261 - Frais d'affranchissement 7 000,00 7 000,00 \n6262 - Frais de t\u00e9l\u00e9communications 18 000,00 18 000,00 \n627 - Services bancaires et assimil\u00e9s 3 000,00 3 000,00 \n6281 - Concours divers (cotisations...) 3 000,00 6 000,00 \n6282 - Frais de gardiennage 5 000,00 5 000,00 \n6283 - Nettoyage des locaux 75 000,00 76 000,00 \n6288- Autres (Frais de formation) 12 000,00 12 000,00 \n63 - IMPOTS, TAXES ET VERSEMENTS ASSIMILES 5 000,00 5 000,00 \n637 - Autres imp\u00f4ts,taxes&vers.assimil\u00e9s (autres org.) 5 000,00 5 000,00 \nChapitre 012 - Charges de personnel et frais assimil\u00e9s 1 566 500,00 1 567 000,00 \n62 - AUTRES SERVICES EXTERIEURS 30 000,00 18 000,00 \n6211 - Personnel int\u00e9rimaire 30 000,00 18 000,00 \n63 - IMPOTS, TAXES ET VERSEMENTS ASSIMILES 24 000,00 24 000,00 \n6333 - Particip. employeurs \u00e0 la form. prof. Continue(Uniformation) 20 000,00 20 000,00 \n6334 - Particip. employeurs \u00e0 l'effort de construction (LOGEHAB) 4 000,00 4 000,00 \n64 - CHARGES DE PERSONNEL 1 512 500,00 1 525 000,00 \n6411 - R\u00e9mun\u00e9rations du personnel 1 088 000,00 1 108 000,00 \n6413 - Primes et gratifications 3 000,00 5 000,00 \n6451 - URSSAF 260 000,00 261 000,00 \n6453 - Cotisations caisse retraite 112 000,00 112 000,00 \n6458 - Autres org. Sociaux 20 000,00 15 000,00 \n6474 - Versement aux \u0153uvres sociales (Comit\u00e9 d'\u00e9tablissement) 4 000,00 4 000,00 \n6475 - M\u00e9decine du travail, pharmacie 5 000,00 3 500,00 \n6483 - Cotisations aux mutuelles 20 000,00 16 000,00 \n6484 - Contribution Agefiph 500,00 500,00 \nChapitre 65- Autres charges de gestion courante 31 000,00 16 000,00 \n6516 - Droits d'auteurs 30 000,00 15 000,00 \n6541 - Cr\u00e9ances admises en non-valeur 0,00 0,00 \n658 - Charges diverses de la gestion courante 1 000,00 1 000,00 \nChapitre 66 - Charges financi\u00e8res 9 500,00 6 500,00 \n6611 - Int\u00e9r\u00eats des emprunts et dettes 8 000,00 5 000,00 66111 - Int\u00e9r\u00eats r\u00e9gl\u00e9s \u00e0 l'\u00e9ch\u00e9ance \n66112 - ICNE (int\u00e9r\u00eats courus non \u00e9chus) 0,00 0,00 \n668 - Autres charges financi\u00e8res 1 500,00 1 500,00 \nChapitre 67 - Charges exceptionnelles 2 000,00 1 500,00 \n6712 - Dons et lib\u00e9ralit\u00e9s 0,00 0,00 \n673 - Titres annul\u00e9s sur exercices ant\u00e9rieurs 1 000,00 500,00 \n678 - Autres charges exceptionnelles 1 000,00 1 000,00 \nChapitre 68 - Dotations aux amort.et prov. 0,00 0,00 \n6815 - Dotation aux provisions pour risques et charges d'exploit. 0,00 0,00 \nChapitre 023 - Virement \u00e0 la section d'investissement 0,00 0,00 \n023 - Virement \u00e0 la section d'investissement 0,00 0,00 \nChapitre 042 - Op\u00e9rations d'ordre de transfert 632 000,00 953 000,00 \n67 - Charges exceptionnelles 0,00 0,00 \n675 - Valeurs comptables des \u00e9l\u00e9ments d'actif c\u00e9d\u00e9s 0,00 0,00 \n68 - Dotations aux amort.et prov. 632 000,00 953 000,00 \n6811 - Dotation aux amort. et prov. 632 000,00 953 000,00 \n6812 - Dotations aux amort.des charges \u00e0 r\u00e9partir   \nChapitre 69 - Imp\u00f4ts sur les b\u00e9n\u00e9fices et assimil\u00e9s 0,00 0,00 \n695 - Imp\u00f4ts sur les b\u00e9n\u00e9fices 0,00 0,00 \nTotal d\u00e9penses de fonctionnement 3 991 000,00 4 180 000,00 \n03_CNCS_Centre National du Costume de Sc\u00e8ne - 03-2025-12-26-00001 - d\u00e9lib\u00e9rations CA CNCS 04122025 40\n \n32 \n \n  \nRECETTES DE FONCTIONNEMENT BP 2024 BP 2025 \n013 Att\u00e9nuation de charges 270 000,00 290 000,00 \n6037 - Variation des stocks de marchandises 240 000,00 250 000,00 \n6419 - Remboursement sur r\u00e9mun\u00e9rations du personnel 30 000,00 40 000,00 \n70 - Produits des services, domaine et vente 900 600,00 781 000,00 \n7061 - Recettes de billetterie 520 000,00 450 000,00 \n7062 - Ateliers p\u00e9dagogiques et culturels 50 000,00 50 000,00 \n7063 - Soutien aux projets culturels 0,00 0,00 \n7064 - Recettes de billetterie \u00e9v\u00e8nementielle 10 000,00 10 000,00 \n707 - Ventes de produits 250 000,00 190 000,00 \n7081 - Produits des activit\u00e9s annexes 10 000,00 1 000,00 \n7082 - Commissions 10 000,00 10 000,00 \n7083 - Locations diverses 10 000,00 10 000,00 \n7085 - Ports et frais accessoires factur\u00e9s 600,00 0,00 \n7087 - Remboursement de frais 40 000,00 60 000,00 \n74 - Subventions d'exploitation 2 254 400,00 2 179 000,00 \n741 - Subvention Etat 1 716 400,00 1 749 000,00 \n742 - Subvention Conseil D\u00e9partemental 100 000,00 100 000,00 \n743 - Subvention Ville de Moulins 200 000,00 200 000,00 \n744 - Subvention Conseil R\u00e9gional d'Auvergne Rh\u00f4nes-Alpes 118 000,00 118 000,00 \n745 - Subventions sur projets (divers+ ) 70 000,00 12 000,00 \nSolde subvention leader 50 000,00 0,00 \n75 - Autres produits de gestion courante 37 000,00 39 000,00 \n757 - Redevance du Restaurant 25 000,00 29 000,00 \n758 - Produits divers de gestion courant (Uniformation) 12 000,00 10 000,00 \n76 - Produits financiers 0,00 0,00 \n767 - produits nets cessions VMP 0,00 0,00 \n77 - Produits exceptionnels 34 000,00 37 000,00 \n7711 - D\u00e9dits et p\u00e9nalit\u00e9s re\u00e7ues 0,00 0,00 \n7713 - Lib\u00e9ralit\u00e9s re\u00e7ues 33 000,00 36 000,00 \n778 - Autres produits exceptionnels 1 000,00 1 000,00 \n042 - Op\u00e9rations d'ordre de transfert 495 000,00 854 000,00 \n78 - Reprises sur amortissements, d\u00e9pr\u00e9ciations et provisions  0,00 \n7815 - Reprise sur provisions   \n77 - Produits exceptionnels 495 000,00 854 000,00 \n777 - Quote-part des subv.d'investissement 495 000,00 854 000,00 \n79 - Transfert de charges d'exploitation   \n791 - Transfert de charges d'exploitation   \nR002 - R\u00e9sultat Report\u00e9 ou anticip\u00e9   \nTotal recettes de fonctionnement 3 991 000,00 4 180 000,00 \n \n03_CNCS_Centre National du Costume de Sc\u00e8ne - 03-2025-12-26-00001 - d\u00e9lib\u00e9rations CA CNCS 04122025 41\n \n33 \n \nB \u2013 les d\u00e9penses \n \n- Charges \u00e0 caract\u00e8re g\u00e9n\u00e9ral : 1 644 260 \u20ac \n \nCette ligne budg\u00e9taire reste pratiquement identique \u00e0 celle du BP 2025 (1 636 000 \u20ac). Des \nvariations de d\u00e9penses apparaissent n\u00e9anmoins avec le financement de deux expositions \ntemporaires sur l'ann\u00e9e (300 000 \u20ac de d\u00e9penses de sc\u00e9nographie), qui sont compens\u00e9es par des \ncharges moins importantes en mati\u00e8re de fourniture d'\u00e9lectricit\u00e9 et de d\u00e9penses diverses \n(transports\u2026). \nLes principaux postes significatifs concernent : \n- la fourniture d'\u00e9lectricit\u00e9 - 40 000 \u20ac par rapport \u00e0 2025 (130 000 \u20ac sur l'ann\u00e9e) \u00e0 la suite \nd'un nouveau march\u00e9 n\u00e9goci\u00e9 par le SDE 03 aupr\u00e8s de TOTAL ENERGIE pour l'ann\u00e9e \n2026. Il convient de noter \u00e9galement une baisse de la consommation \u00e9lectrique de pr\u00e8s \nde 25 % (1 000 000 kWh) en 2025 due notamment au passage \u00e0 LED des \u00e9clairages et \u00e0 \nune meilleure gestion des \u00e9quipements de CVC avec la mise en \u0153uvre d'une nouvelle \nGTC. \n- les charges d'entretien du b\u00e2timent et les contrats de maintenance du b\u00e2timent, de \nl'informatique et autres services repr\u00e9sentent une part importante des d\u00e9penses (pr\u00e8s de \n20 % des d\u00e9penses) ; \n- les charges d'entretien des locaux (10 000 m\u00b2 de locaux) ; \n- la communication int\u00e9grant la promotion des expositions temporaires et la \ncommunication autour du 20\u00e8me anniversaire (250 000 \u20ac). \n \n- Charges de personnel et frais assimil\u00e9s : 1 652 000 \u20ac \nLes charges de personnel sont en augmentation de l'ordre de + 5 % correspondant aux \u00e9l\u00e9ments \nsuivants : \n- augmentation de + 10 000 \u20ac du budget du personnel int\u00e9rimaire qui est en renfort dans \nle cadre du montage/d\u00e9montage des expositions. \n- r\u00e9mun\u00e9rations du personnel de + 2 % (+ 23 000 \u20ac) \u00e0 la suite de l'augmentation du point \nde +2 % de la convention collective. \n- passage \u00e0 temps plein du poste de charg\u00e9e de r\u00e9servation afin d'assurer un \nd\u00e9veloppement de l'activit\u00e9 ainsi que celui de guide conf\u00e9rencier suite \u00e0 d\u00e9part en \nretraite. \n- financement d'un d\u00e9part en retraite en 2026. \nLes effectifs du CNCS ne varient par rapport \u00e0 2025 se d\u00e9composent ainsi en 2026 : 27 salari\u00e9s soit \n25.68 ETP pourvus sur 27 ETP budg\u00e9taires (29 ETP budg\u00e9taires en 2025). \n \n- Charges financi\u00e8res : 6 500 \u20ac \nAvec l'ouverture d'une ligne de tr\u00e9sorerie pour 2026, un pr\u00e9visionnel de 5000 \u20ac d'int\u00e9r\u00eats est \nbudg\u00e9tis\u00e9. Pour m\u00e9moire, l'\u00e9tablissement s'est acquitt\u00e9 de 1915 \u20ac d'int\u00e9r\u00eats en 2025. \n- Dotations aux amortissements : 993 000 \u20ac \n40 000 \u20ac sont budg\u00e9tis\u00e9s en 2026, soit + 40 000 \u20ac, li\u00e9s \u00e0 la poursuite de la politique \nd'investissement du CNCS. \n \n \n \n \n03_CNCS_Centre National du Costume de Sc\u00e8ne - 03-2025-12-26-00001 - d\u00e9lib\u00e9rations CA CNCS 04122025 42\nR\u00e9partition des d\u00e9penses de fonctionnement\n= Charges a caract\u00e9re g\u00e9n\u00e9ral = Charge de personnel et frais assimil\u00e9s\u00ab Autres charges de gestion courante \u00bb Dotation aux amortissements et provisions\n \n34 \n \n \n \n \n2 \u2013 Section d'investissement   \nA \u2013 les recettes \n \n- Subvention d'investissement : 120 000 \u20ac \nUne demande de subvention courant d'investissement de 120 000 \u20ac est formul\u00e9e aupr\u00e8s du \nminist\u00e8re de la culture (DRAC Auvergne -Rh\u00f4ne-Alpes) pour assurer les investissements courants \nde l'\u00e9tablissement en 2026. \n \n- Amortissements des immobilisations : 993 000 \u20ac \n \nLe montant important des immobilisations int\u00e8gre les amortissements des immobilisations \u00e0 \nr\u00e9aliser et sont en augmentation de + 40 000 \u20ac par rapport BP 2025. \nPour m\u00e9moire, d'importants travaux r\u00e9alis\u00e9s par une r\u00e9cente MOA du CNCS sont \u00e0 amortir : \nextension du CNCS, remplacement de la toiture des r\u00e9serves Wilmotte, travaux d'am\u00e9nagement des \ncombles. \n \n \nB \u2013 les d\u00e9penses \n- Immobilisations incorporelles : 60 800 \u20ac \n \nDes cr\u00e9dits sont affect\u00e9s \u00e0 des frais d'\u00e9tudes et \u00e0 des achats de logiciels. \n \n- Immobilisations corporelles : 178 200 \u20ac \n \nDes cr\u00e9dits sont \u00e9galement affect\u00e9s aux diff\u00e9rents besoins des services permettant un \nfonctionnement de l'\u00e9tablissement, pour un renouvellement des \u00e9quipements et de nouveaux \nachats. \n03_CNCS_Centre National du Costume de Sc\u00e8ne - 03-2025-12-26-00001 - d\u00e9lib\u00e9rations CA CNCS 04122025 43\n \n35 \n \n \nDEPENSES D'INVESTISSEMENT BP 2024 BP 2025 \n   \n15 - Provisions pour risques et charges 0,00 0,00 \n15182 - Autres provisions pour risques 0,00 0,00 \n16 Emprunts et dettes assimil\u00e9s 0,00 0,00 \n1641 - Emprunt 0,00 0,00 \n20 - Immobilisations incorporelles 80 000,00 50 000,00 \n2031 - Frais \u00e9tudes 40 000,00 10 000,00 \n205 - Concessions et droits similaires 40 000,00 40 000,00 \n21 - Immobilisations corporelles 981 000,00 169 000,00 \n2145 - Construction sur sol d'autrui 140 000,00 10 000,00 \n2154 - Mat\u00e9riel industriel 625 000,00 50 000,00 \n216 - Acquisitions et restaurations d'\u0153uvres 60 000,00 30 000,00 \n2181- Inst.g\u00e9n\u00e9rales, Agencement et am\u00e9nagements divers 124 000,00 40 000,00 \n2183 - Mat\u00e9riel de bureau et mat\u00e9riel informatique 12 000,00 12 000,00 \n2184- Mobilier 20 000,00 27 000,00 \n23 - Immobilisations en cours 150 000,00 0,00 \n2314-autres immos en cours 0,00 0,00 \n2318 - Autres immos en cours Extension 150 000,00 0,00 \n232 - Immo incorporelles en cours 0,00 0,00 \n27 - Autres immobilisations financi\u00e8res 0,00 0,00 \n275 - D\u00e9p\u00f4ts et cautionnements vers\u00e9s 0,00 0,00 \n040 - Op\u00e9rations d'ordre de transfert 495 000,00 854 000,00 \n10 - Dotations, fonds divers et r\u00e9serves 0,00 0,00 \n1021 - Dotations 0,00 0,00 \n13 - Subvention d'investissement 495 000,00 854 000,00 \n139 - Subvention d'investissement inscrites au cpte de r\u00e9s. 495 000,00 854 000,00 \n15 - Autres provisions pour risque budg\u00e9taire 0,00 0,00 \n15182 - Autres provisions pour risques 0,00 0,00 \nD001 - R\u00e9sultat d'investissement report\u00e9   \n03_CNCS_Centre National du Costume de Sc\u00e8ne - 03-2025-12-26-00001 - d\u00e9lib\u00e9rations CA CNCS 04122025 44\n \n36 \n \n \nRECETTES D'INVESTISSEMENT BP 2024 BP 2025 \n   \n10 Dotations, Fonds divers et r\u00e9serves 0,00 0,00 \n106 - R\u00e9serves 0,00 0,00 \n1068 - Exc\u00e9dents de fonctionnement capitalis\u00e9s 0,00 0,00 \n13 Subventions d'investissement 1 115 000,00 120 000,00 \n1311 - Etat - DRAC - investissements courants 120 000,00 120 000,00 \n1311 - Etat - DRAC - s\u00e9curisation b\u00e2timents 43 000,00 0,00 \n1311 - Etat - DRAC - am\u00e9nagements ext\u00e9rieurs 40 000,00 0,00 \n1311 - Etat - DRAC - CVC 345 000,00 0,00 \n1311 - Etat - DRAC - opr\u00e9ations diverses 567 000,00 0,00 \n15 Provisions pour risques et charges 0,00 0,00 \n15182 - Autres provisions pour risques 0,00 0,00 \n16 Emprunts et dettes assimil\u00e9s 0,00 0,00 \n1641 - Emprunt 0,00 0,00 \n021- Virement de la section de fonctionnement 0,00 0,00 \n021- Virement de la section de fonctionnement 0,00 0,00 \n040 - Op\u00e9rations d'ordre de transfert 591 000,00 953 000,00 \n15 - Autres provisions pour risque budg\u00e9taire 0,00 0,00 \n15182 - Autres provisions pour risques 0,00 0,00 \n28 - Amortissements des immobilisations 591 000,00 953 000,00 \n28031 - Amort. frais \u00e9tudes 2 000,00 500,00 \n28005 - Amort. concessions et droits similaires 35 000,00 62 000,00 \n28145 - Amort.construction  sur sol d'autrui 420 000,00 435 000,00 \n28154 - Amort.mat\u00e9riel divers 70 000,00 195 000,00 \n28181 - Amort. Installations g\u00e9n\u00e9rales 40 000,00 253 000,00 \n28182 - Amort. mat\u00e9riel de transport 0,00 0,00 \n28183 - Amort. mat\u00e9riel de bureau et informatique 15 000,00 4 500,00 \n28184 - Amort. mobilier 8 000,00 3 000,00 \n28188 - Autres 1 000,00 0,00 \nR001 - R\u00e9sultat d'investissement  report\u00e9   \nTotal recettes d'investissement 1 706 000,00 1 073 000,00 \n03_CNCS_Centre National du Costume de Sc\u00e8ne - 03-2025-12-26-00001 - d\u00e9lib\u00e9rations CA CNCS 04122025 45\n \n37 \n \n \nCeci expos\u00e9, le conseil d'administration, \u00e0 l'unanimit\u00e9, \n- adopte le budget primitif 2026 pr\u00e9sent\u00e9 ;  \n- proc\u00e8de au vote, chapitre par chapitre, de la proposition de budget primitif 2026 pr\u00e9sent\u00e9 ; \n- autorise la directrice de l'\u00e9tablissement, dans le cadre du programme des op\u00e9rations \nd'investissement \u00e0 engager, de proc\u00e9der au lancement des consultations et \u00e0 la signature des \ncontrats, march\u00e9s y aff\u00e9rents et, de fa\u00e7on g\u00e9n\u00e9rale, \u00e0 la signature de tous documents relatifs aux \nproc\u00e9dures des op\u00e9rations d'investissement, dans la limite du budget adopt\u00e9 par le conseil \nd'administration. \nLa pr\u00e9sente d\u00e9lib\u00e9ration fera l'objet d'une publication au Recueil des Actes Administratifs de la \nPr\u00e9fecture de l'Allier. \nA Moulins, le 26 d\u00e9cembre 2025 \nLe Pr\u00e9sident du conseil d'administration \nSign\u00e9 Jean-Luc CHOPLIN \n \nD\u00e9lib\u00e9ration n\u00b0 27-2025 du conseil d'administration du Centre national du costume de sc\u00e8ne, \ns\u00e9ance du 4 d\u00e9cembre 2025 \nObjet : ouverture d'une ligne de tr\u00e9sorerie \nAu regard des faibles recettes per\u00e7ues en d\u00e9but d'ann\u00e9e li\u00e9es \u00e0 la programmation des expositions et \nafin de faire face \u00e0 toute difficult\u00e9, il convient, de disposer d'une ligne de tr\u00e9sorerie  d'un montant de \n500 000 \u20ac.  \nIl ne s'agit en aucun cas d'un emprunt mais d'une ligne de tr\u00e9sorerie permettant, en cas de besoin, de \npouvoir anticiper les \u00e9ventuels d\u00e9calages dans le versement des subventions et contributions. En 2025, \nle CNCS a d\u00e9j\u00e0 mis en place ce dispositif, \u00e0 hauteur de 350 000 \u20ac, qui a \u00e9t\u00e9 utilis\u00e9 \u00e0 deux reprises. \nIl est propos\u00e9 au conseil d'administration l'ouverture d'une ligne de tr\u00e9sorerie aupr\u00e8s du Cr\u00e9dit \nagricole Centre France, selon les caract\u00e9ristiques suivantes : \n- montant : 500 000 \u20ac \n- dur\u00e9e : 12 mois \n- taux de r\u00e9f\u00e9rence : EURIBOR 3 mois \n- marge : + 0.450 %, au taux actuel de 2.471 % marge comprise \n- mode calcul des int\u00e9r\u00eats : nombre de jours exact/365 \n- commission d'engagement : 0.20 % du montant choisi \n \nCeci expos\u00e9, le conseil d'administration, \u00e0 l'unanimit\u00e9 :  \n- donne son accord \u00e0 l'ouverture d'une ligne de tr\u00e9sorerie d'un montant de 500  000 \u20ac, \naupr\u00e8s du Cr\u00e9dit Agricole Centre France, selon les modalit\u00e9s ci -dessus d\u00e9finies. \nL'utilisation de cette ligne de tr\u00e9sorerie devra se faire en tant que de besoin et qu'en cas \nde n\u00e9cessit\u00e9 absolue ;  \n- autorise la Directrice de proc\u00e9der \u00e0 la signature des contrats y aff\u00e9rent. \n \nLa pr\u00e9sente d\u00e9lib\u00e9ration fera l'objet d'une publication au Recueil des Actes Administratifs de la \nPr\u00e9fecture de l'Allier. \n03_CNCS_Centre National du Costume de Sc\u00e8ne - 03-2025-12-26-00001 - d\u00e9lib\u00e9rations CA CNCS 04122025 46\n \n38 \n \nA Moulins, le 26 d\u00e9cembre 2025 \nLe Pr\u00e9sident du conseil d'administration \nSign\u00e9 Jean-Luc CHOPLIN \n \nD\u00e9lib\u00e9ration n\u00b0 28-2025 du conseil d'administration du Centre national du costume de sc\u00e8ne, \ns\u00e9ance du 4 d\u00e9cembre 2025 \nObjet : demande de subvention LEADER \nEn 2026, le CNCS f\u00eatera les 20 ans de sa cr\u00e9ation. A cette occasion, diff\u00e9rentes actions seront \nconduites et l'\u00e9tablissement sollicite une subvention des fonds europ\u00e9ens LEADER \u00e0 hauteur de 60 \n000 \u20ac pour 75 000 \u20ac de d\u00e9penses (taux de subvention de 80 %). \n \nLe CNCS r\u00e9pond \u00e0 un appel \u00e0 projets du dispositif 501 \u00ab  Porter un projet LEADER \u00bb, du programme \nr\u00e9gional FEADER 2023 -2027 Auvergne -Rh\u00f4ne-Alpes \u2013 GAL Auvergne -Rh\u00f4ne-Alpes des Terroirs \nBourbonnais 2023-2027, au titre de la fiche-action \u00ab Accompagner le d\u00e9veloppement en valorisant nos \ncommuns \u00bb.  \n \nLes types d'op\u00e9ration soutenus correspondent \u00e0 des actions d'animation, de communication, de \nformation, de cr\u00e9ation et de diffusion visant \u00e0 : \n- faire la promotion des atouts touristiques du territoire \n- sensibiliser autour des richesses culturelles \n- soutenir les activit\u00e9s culturelles et/ou touristiques \nLe CNCS pr\u00e9sente un projet avec d\u00e9penses pr\u00e9visionnelles fl\u00e9ch\u00e9es sur les op\u00e9ration suivantes :  \n \nCommunication et promotion 35 000 \u20ac \nAnimation \u2013 information  20 000 \u20ac \nManifestations culturelles 20 000 \u20ac \nTOTAL 75 000 \u20ac \n \nCeci expos\u00e9, le conseil d'administration, \u00e0 l'unanimit\u00e9 :  \n-  autorise la Directrice \u00e0 engager la recherche des financements n\u00e9cessaires aupr\u00e8s des \nfonds europ\u00e9ens LEADER pour le 20\u00e8me anniversaire du CNCS ; \n-  autorise la Directrice \u00e0 proc\u00e9der au lancement des consultations et \u00e0 la signature des \ncontrats, march\u00e9s y aff\u00e9rents et, de fa\u00e7on g\u00e9n\u00e9rale, \u00e0 la signature de tous documents relatifs \u00e0 la \nmise en \u0153uvre de cette op\u00e9ration, dans la limite du budget adopt\u00e9 par le conseil d'administration. \n \nLa pr\u00e9sente d\u00e9lib\u00e9ration fera l'objet d'une publication au Recueil des Actes Administratifs de la \nPr\u00e9fecture de l'Allier. \nA Moulins, le 26 d\u00e9cembre 2025 \nLe Pr\u00e9sident du conseil d'administration \nSign\u00e9 Jean-Luc CHOPLIN \n03_CNCS_Centre National du Costume de Sc\u00e8ne - 03-2025-12-26-00001 - d\u00e9lib\u00e9rations CA CNCS 04122025 47\n03_DDT_Direction D\u00e9partementale des\nTerritoires de l'Allier\n03-2026-01-26-00001\nExtrait de l'arr\u00eat\u00e9 n\u00b0 126/2026 en date du\n26/01/2026 portant identification des points\nd'eau vis\u00e9s par l'arr\u00eat\u00e9 minist\u00e9riel NOR\nAGRG1632554A du 4 mai 2017 pour le\nd\u00e9partement de l'Allier.\n03_DDT_Direction D\u00e9partementale des Territoires de l'Allier - 03-2026-01-26-00001 - Extrait de l'arr\u00eat\u00e9 n\u00b0 126/2026 en date du\n26/01/2026 portant identification des points d'eau vis\u00e9s par l'arr\u00eat\u00e9 minist\u00e9riel NOR AGRG1632554A du 4 mai 2017 pour le\nd\u00e9partement de l'Allier.\n48\nDIRECTION D\u00c9PARTEMENTALE DES TERRITOIRES DE L'ALLIER \u2013 SERVICE ENVIRONNEMENT\nExtrait  de  l'arr\u00eat\u00e9  n\u00b0  126/2026  en  date  du  26/01/2026  portant  identification  des  points  d'eau  vis\u00e9s  par  l'arr\u00eat\u00e9 \nminist\u00e9riel NOR AGRG1632554A du 4 mai 2017 pour le d\u00e9partement de l'Allier.\nArticle 1 : Abrogation\nL'arr\u00eat\u00e9 pr\u00e9fectoral du 5 juillet 2017 relatif \u00e0 l'identification des points d'eau est abrog\u00e9.\nArticle 2 : identification des points d'eau\nLes points d'eau retenus pour l'application de l'arr\u00eat\u00e9 interminist\u00e9riel du 4 mai 2017 modifi\u00e9 dans le d\u00e9partement de  \nl'Allier sont :\n\u2022 l'ensemble  des  \u00e9l\u00e9ments  du  r\u00e9seau  hydrographique  (cours  d'eau,  foss\u00e9s,  mares  et  plans  d'eau,  canaux, \nsources...) permanents ou intermittents figurant en points, traits continus ou pointill\u00e9s bleus sur la carte au 1/25000e de  \nl'IGN la plus r\u00e9cente, correction faite des erreurs mat\u00e9rielles manifestes\n\u2022 les cours d'eau et tron\u00e7ons de cours d'eau r\u00e9pondant \u00e0 la d\u00e9finition de l'article L. 215-7-1 du code de  \nl'environnement\nArticle 3 : cartographies de r\u00e9f\u00e9rence\nLes r\u00e9f\u00e9rentiels de l'Institut G\u00e9ographique National sont  :\n- les cartes topographiques les plus r\u00e9cemment \u00e9dit\u00e9es, \u00e0 l'\u00e9chelle 1/25 000,\n- les cartes topographiques \u00e0 la m\u00eame \u00e9chelle telles qu'elles apparaissent sur le site www.geoportail.gouv.fr.\n - en compl\u00e9ment des cartes topographiques  IGN au 1/25 000, la couche la plus r\u00e9cente du r\u00e9seau hydrographique,  \ndisponible  sur  le  m\u00eame  site  www.geoportail.gouv.fr,  rubrique  \u00ab  donn\u00e9es  th\u00e9matiques  \u00bb,  sous-rubrique  \n\u00ab d\u00e9veloppement durable-\u00e9nergie \u00bb, sous-rubrique \u00ab eau \u00bb.\nArticle 4 : recours\nLe pr\u00e9sent arr\u00eat\u00e9 peut \u00eatre d\u00e9f\u00e9r\u00e9 au tribunal administratif de Clermont-Ferrand dans un d\u00e9lai de 2 mois apr\u00e8s sa  \npublication.\nArticle 5 : Ex\u00e9cution et publication\nLe  secr\u00e9taire  g\u00e9n\u00e9ral  de  la  pr\u00e9fecture,  le  directeur  d\u00e9partemental  des  territoires  de  l'Allier,  le  chef  du  service \nd\u00e9partemental de l'office fran\u00e7ais de la biodiversit\u00e9, le directeur r\u00e9gional de l'alimentation, de l'agriculture et de la  \nfor\u00eat, le directeur r\u00e9gional de l'environnement, de l'am\u00e9nagement et du logement sont charg\u00e9s, chacun en ce qui le  \nconcerne, de l'ex\u00e9cution du pr\u00e9sent arr\u00eat\u00e9 qui sera publi\u00e9 au recueil des actes administratifs de la pr\u00e9fecture et des  \nservices d\u00e9concentr\u00e9s de l'\u00c9tat.\n1/1\nMoulins, le 26 janvier 2026   \nPour le Pr\u00e9fet et par d\u00e9l\u00e9gation,\nLe Secr\u00e9taire G\u00e9n\u00e9ral,\nSign\u00e9\nOlivier MAUREL              \n03_DDT_Direction D\u00e9partementale des Territoires de l'Allier - 03-2026-01-26-00001 - Extrait de l'arr\u00eat\u00e9 n\u00b0 126/2026 en date du\n26/01/2026 portant identification des points d'eau vis\u00e9s par l'arr\u00eat\u00e9 minist\u00e9riel NOR AGRG1632554A du 4 mai 2017 pour le\nd\u00e9partement de l'Allier.\n49\n03_DDT_Direction D\u00e9partementale des\nTerritoires de l'Allier\n03-2026-01-19-00001\nExtrait de l'arr\u00eat\u00e9 n\u00b0 2026/01-15 relatif \u00e0 la\nd\u00e9signation des bois et for\u00eats sur lesquels sera\nmis en oeuvre le r\u00e8glement type de gestion\napplicable sur le p\u00e9rim\u00e8tre du sch\u00e9ma r\u00e9gional\nd'am\u00e9nagement de la r\u00e9gion\nAuvergne-Rh\u00f4ne-Alpes\n03_DDT_Direction D\u00e9partementale des Territoires de l'Allier - 03-2026-01-19-00001 - Extrait de l'arr\u00eat\u00e9 n\u00b0 2026/01-15 relatif \u00e0 la\nd\u00e9signation des bois et for\u00eats sur lesquels sera mis en oeuvre le r\u00e8glement type de gestion applicable sur le p\u00e9rim\u00e8tre du sch\u00e9ma\nr\u00e9gional d'am\u00e9nagement de la r\u00e9gion Auvergne-Rh\u00f4ne-Alpes\n50\nDIRECTION R\u00c9GIONALE DE L'ALIMENTATION, DE L'AGRICULTURE ET DE LA FOR\u00caT\nExtrait de l'arr\u00eat\u00e9 n\u00b0 2026/01-15 relatif  \u00e0 la d\u00e9signation des bois et f or\u00eats sur lesquels sera mis en  \n\u0153uvre le r\u00e8glement type de gestion applicable sur le p\u00e9rim\u00e8tre du sch\u00e9ma r\u00e9gional d' am\u00e9nagement de \nla r\u00e9gion Auvergne-Rh\u00f4ne-Alpes\nArticle 1 er : Les bois et for\u00eats r\u00e9pondant aux crit\u00e8res \u00e9nonc\u00e9s \u00e0 l'article R.212-8 du Code forestier et  \nrelevant du r\u00e9gime forestier appartenant aux collectivit\u00e9s figurant sur la liste annex\u00e9e ci-dessous, sont g\u00e9r\u00e9s  \nconform\u00e9ment au r\u00e8glement type de gestion applicable sur le p\u00e9rim\u00e8tre du sch\u00e9ma r\u00e9gional d'am\u00e9nagement  \nd'Auvergne-Rh\u00f4ne-Alpes.\nArticle 2\u00a0 : Le directeur r\u00e9gional de l'alimentation, de l'agriculture et de la for\u00eat, et le directeur territorial de  \nl'Office national des for\u00eats sont charg\u00e9s, chacun en ce qui le concerne, de l'ex\u00e9cution du pr\u00e9sent arr\u00eat\u00e9, qui  \nsera publi\u00e9 au recueil des actes administratifs des d\u00e9partements de l'Allier, de la Loire, de la Haute-Loire,  \ndu Puy-de-D\u00f4me, du Rh\u00f4ne \nLempdes, le 19 janvier 2026\nPour la pr\u00e9f\u00e8te et par d\u00e9l\u00e9gation,\nPour le directeur r\u00e9gional de l'alimentation, de \nl'agriculture et de la for\u00eat par int\u00e9rim,\nJulien MESTRALET,\nLe chef du service r\u00e9gional de la for\u00eat, du bois et des \n\u00e9nergies,\nAnnexe \u00e0 l'arr\u00eat\u00e9 de la Pr\u00e9f\u00e8te de la r\u00e9gion Auvergne-Rh\u00f4ne-Alpes n\u00b02026/01-15\nd\u00e9signant les bois et for\u00eats, r\u00e9pondant aux crit\u00e8res \u00e9nonc\u00e9s \u00e0 l'article R.212-8 du code forestier,\nsur lesquels est mis en \u0153uvre le r\u00e8glement type de gestion applicable sur le p\u00e9rim\u00e8tre du sch\u00e9ma  \nr\u00e9gional d'am\u00e9nagement d'Auvergne-Rh\u00f4ne-Alpes \nD\u00e9partement de \nsituation de la \nfor\u00eat\nNom de la for\u00eat Propri\u00e9taire Date de l'accord de \nl'assembl\u00e9e d\u00e9lib\u00e9rante\nDur\u00e9e \nd'application\nAllier For\u00eat communale de \nSouvigny Commune de Souvigny 29 septembre 2025 2026-2045\nIs\u00e8re For\u00eat communale de \nParmilieu Commune de Parmilieu 9 d\u00e9cembre 2025 2024-2043\nLoire For\u00eat communale de \nUsson en Forez\nCommune d'Usson en \nForez 30 juin 2025 2026-2045\nHaute-Loire For\u00eat sectionale de Fayt Commune de Bains 17 novembre 2025 2026-2045\nPuy-de-D\u00f4me For\u00eat communale \nd'Auzelles Commune d'Auzelles 19 septembre 2025 2026-2034\nRh\u00f4ne For\u00eat communale de \nSimandre Commune de Simandres 12 novembre 2025 2026-2045\nRh\u00f4ne For\u00eat du CCAS de \nSaint-Just-d'Avray\nCommune de Saint-Just-\nd'Avray 13 novembre 2025 2026-2045\n03_DDT_Direction D\u00e9partementale des Territoires de l'Allier - 03-2026-01-19-00001 - Extrait de l'arr\u00eat\u00e9 n\u00b0 2026/01-15 relatif \u00e0 la\nd\u00e9signation des bois et for\u00eats sur lesquels sera mis en oeuvre le r\u00e8glement type de gestion applicable sur le p\u00e9rim\u00e8tre du sch\u00e9ma\nr\u00e9gional d'am\u00e9nagement de la r\u00e9gion Auvergne-Rh\u00f4ne-Alpes\n51\n03_DDT_Direction D\u00e9partementale des\nTerritoires de l'Allier\n03-2026-01-22-00001\nExtrait de l'arr\u00eat\u00e9 n\u00b0103/2026 en date du\n22\u00a0janvier\u00a02026 portant autorisation de\np\u00e9n\u00e9trer sur des propri\u00e9t\u00e9s priv\u00e9es.\n03_DDT_Direction D\u00e9partementale des Territoires de l'Allier - 03-2026-01-22-00001 - Extrait de l'arr\u00eat\u00e9 n\u00b0103/2026 en date du\n22\u00a0janvier\u00a02026 portant autorisation de p\u00e9n\u00e9trer sur des propri\u00e9t\u00e9s priv\u00e9es. 52\nDIRECTION D\u00c9PARTEMENTALE DES TERRITOIRES DE L'ALLIER\nService environnement/bureau environnement et territoire.\nExtrait de l'arr\u00eat\u00e9 n\u00b0103/2026 en date du 22  janvier 2026 portant autorisation de p\u00e9n\u00e9trer sur des  \npropri\u00e9t\u00e9s priv\u00e9es.\nArticle 1 : Objet\nLes agents de la direction r\u00e9gionale de l'environnement, de l'am\u00e9nagement et du logement Auvergne-Rh\u00f4ne-\nAlpes, ainsi que toutes personnes auxquelles cette direction d\u00e9l\u00e9guera ses droits, sont autoris\u00e9s, sous r\u00e9serve \ndes droits des tiers, \u00e0 p\u00e9n\u00e9trer dans les propri\u00e9t\u00e9s priv\u00e9es, afin d'y ex\u00e9cuter pour le compte de la R\u00e9gion, les \nop\u00e9rations de leur sp\u00e9cialit\u00e9, n\u00e9cessaires aux \u00e9tudes pour le projet d'am\u00e9nagement \u00e0 deux fois deux voies de \nla RN7, sur les communes de Villeneuve-sur-Allier et Tr\u00e9vol dans le d\u00e9partement de l'Allier :\n\u2013 proc\u00e9der aux op\u00e9rations n\u00e9cessaires en vue d'\u00e9tablir des plans topographiques et des red\u00e9coupages \nparcellaires, parmi lesquelles, sans exhaustivit\u00e9 : implanter des bornes et balises, \u00e9tablir des jalons, piquets \nou rep\u00e8res, arpentage ;\n\u2013 r\u00e9aliser toute reconnaissance de sites et toutes \u00e9tudes, mesures, inventaires, investigations et suivis \nenvironnementaux.\nArticle 2 : Territoire concern\u00e9\nL'autorisation pr\u00e9vue \u00e0 l'article 1 ci-dessus est valable sur le territoire des communes de Villeneuve-sur-\nAllier et Tr\u00e9vol.\nArticle 3 : Conditions d'entr\u00e9e dans les propri\u00e9t\u00e9s\nL'introduction des agents de l'administration ou des particuliers auxquels elle aura d\u00e9l\u00e9gu\u00e9 ses droits n'est \npas autoris\u00e9e \u00e0 l'int\u00e9rieur des habitations. Dans les autres propri\u00e9t\u00e9s closes, elle ne pourra avoir lieu que cinq \njours apr\u00e8s notification au propri\u00e9taire ou en son absence, au gardien de\nla propri\u00e9t\u00e9.\n\u00c0 d\u00e9faut de gardien dans les communes, le d\u00e9lai ne court qu'\u00e0 partir de la notification au propri\u00e9taire faite en \nmairie ; ce d\u00e9lai expir\u00e9, si personne ne se pr\u00e9sente pour permettre l'acc\u00e8s, lesdits agents ou particuliers \npourront entrer avec l'assistance du Juge d'Instance ou d'un officier de police judiciaire exer\u00e7ant sur le \nterritoire de la commune.\nIl ne pourra \u00eatre abattu d'arbres fruitiers, d'ornement ou de haute futaie, avant qu'il ait \u00e9t\u00e9 \u00e9tabli un accord \nsur la valeur, ou qu'\u00e0 d\u00e9faut de cet accord, ait \u00e9t\u00e9 r\u00e9dig\u00e9 un \u00e9tat des lieux contradictoire destin\u00e9 \u00e0 fournir les \n\u00e9l\u00e9ments n\u00e9cessaires pour une \u00e9valuation ult\u00e9rieure des dommages.\nArticle 4 : Gestion des \u00e9ventuels dommages\nSi par suite des op\u00e9rations sur le terrain, les propri\u00e9taires ont \u00e0 supporter des dommages, l'indemnit\u00e9 sera \nautant que possible r\u00e9gl\u00e9e \u00e0 l'amiable et, si un accord ne peut \u00eatre obtenu, elle sera fix\u00e9e par le tribunal \nadministratif de Clermont-Ferrand, conform\u00e9ment aux dispositions de l'article R 312-14 du code de justice \nadministrative.\nArticle 5 : Obligations des propri\u00e9taires\nD\u00e9fense est faite aux propri\u00e9taires d'apporter aux agents vis\u00e9s ci-dessus, aucun trouble ni emp\u00eachement et de \nd\u00e9truire, d\u00e9t\u00e9riorer, ou d\u00e9placer les diff\u00e9rents signaux, bornes, t\u00eates de sondages et rep\u00e8res divers qui seront \n\u00e9tablis dans leur propri\u00e9t\u00e9.\nLe maire de la commune concern\u00e9e est invit\u00e9 \u00e0 pr\u00eater son concours et au besoin l'appui de son autorit\u00e9 pour \n\u00e9carter les difficult\u00e9s auxquelles pourrait donner lieu l'ex\u00e9cution des op\u00e9rations envisag\u00e9es.\nArticle 6 : Pr\u00e9sentation de l'arr\u00eat\u00e9\nLes agents de la Direction r\u00e9gionale de l'environnement, de l'am\u00e9nagement et du logement Auvergne-\nRh\u00f4ne-Alpes ainsi que les personnes auxquelles cette direction d\u00e9l\u00e9guera ses droits seront munis d'une copie \ndu pr\u00e9sent arr\u00eat\u00e9 qu'ils seront tenus de pr\u00e9senter \u00e0 toute r\u00e9quisition.\nArticle 7 : Dur\u00e9e\nLa pr\u00e9sente autorisation est accord\u00e9e pour une dur\u00e9e de cinq ans \u00e0 compter de la date de signature du pr\u00e9sent \narr\u00eat\u00e9.\nArticle 8 : Diffusion et voies de recours\nLe pr\u00e9sent arr\u00eat\u00e9 sera affich\u00e9 dans les communes de Villeneuve-sur-Allier et Tr\u00e9vol d\u00e8s r\u00e9ception et pour une \ndur\u00e9e de un mois.\nCet arr\u00eat\u00e9 sera publi\u00e9 au recueil des actes administratifs de la Pr\u00e9fecture de l'Allier. Il est susceptible d'un \nrecours aupr\u00e8s du Tribunal Administratif de Clermont-Ferrand dans un d\u00e9lai de deux mois \u00e0 compter de sa \nnotification. La juridiction administrative peut aussi \u00eatre saisie par l'application T\u00e9l\u00e9recours citoyens \naccessible \u00e0 partir du site www.telerecours.fr.\nArticle 9 : Ex\u00e9cution\nMonsieur le Secr\u00e9taire g\u00e9n\u00e9ral de la pr\u00e9fecture de l'Allier, Monsieur le Directeur r\u00e9gional de \nl'environnement, de l'am\u00e9nagement et du logement Auvergne-Rh\u00f4ne-Alpes, Monsieur le Maire de \n03_DDT_Direction D\u00e9partementale des Territoires de l'Allier - 03-2026-01-22-00001 - Extrait de l'arr\u00eat\u00e9 n\u00b0103/2026 en date du\n22\u00a0janvier\u00a02026 portant autorisation de p\u00e9n\u00e9trer sur des propri\u00e9t\u00e9s priv\u00e9es. 53\nVilleneuve-sur-Allier et Madame le Maire de Tr\u00e9vol, sont charg\u00e9s, chacun en ce qui les concerne, de \nl'ex\u00e9cution du pr\u00e9sent arr\u00eat\u00e9 dont copies seront adress\u00e9es aux maires des communes concern\u00e9es, ainsi qu'au \ncommandant de groupement de gendarmerie de l'Allier.\nMoulins, le 22 janvier 2026\nOlivier Maurel\nSign\u00e9\nSecr\u00e9taire G\u00e9n\u00e9ral\n03_DDT_Direction D\u00e9partementale des Territoires de l'Allier - 03-2026-01-22-00001 - Extrait de l'arr\u00eat\u00e9 n\u00b0103/2026 en date du\n22\u00a0janvier\u00a02026 portant autorisation de p\u00e9n\u00e9trer sur des propri\u00e9t\u00e9s priv\u00e9es. 54\n03_DDT_Direction D\u00e9partementale des\nTerritoires de l'Allier\n03-2026-01-13-00003\nExtrait de l'arr\u00eat\u00e9 n\u00b043/2026 en date du 13\njanvier 2026 modifiant l'arr\u00eat\u00e9 n\u00b0 2868-2024 du\n18 d\u00e9cembre 2024 portant nomination\nd'intervenants d\u00e9partementaux de s\u00e9curit\u00e9\nrouti\u00e8re dans le cadre du programme \u00ab\u00a0agir pour\nla s\u00e9curit\u00e9 routi\u00e8re\u00a0\u00bb\n03_DDT_Direction D\u00e9partementale des Territoires de l'Allier - 03-2026-01-13-00003 - Extrait de l'arr\u00eat\u00e9 n\u00b043/2026 en date du 13\njanvier 2026 modifiant l'arr\u00eat\u00e9 n\u00b0 2868-2024 du 18 d\u00e9cembre 2024 portant nomination d'intervenants d\u00e9partementaux de s\u00e9curit\u00e9\nrouti\u00e8re dans le cadre du programme \u00ab\u00a0agir pour la s\u00e9curit\u00e9 routi\u00e8re\u00a0\u00bb\n55\nDIRECTION D\u00c9PARTEMENTALE DES TERRITOIRES DE L'ALLIER\nService Am\u00e9nagement et urbanisme des territoires\nExtrait  de  l'arr\u00eat\u00e9  n\u00b043/2026  en  date  du  13  janvier  2026  modifiant  l'arr\u00eat\u00e9  n\u00b0  2868-2024  du  18 \nd\u00e9cembre 2024 portant nomination d'intervenants d\u00e9partementaux de s\u00e9curit\u00e9 routi\u00e8re dans le cadre  \ndu programme \u00ab agir pour la s\u00e9curit\u00e9 routi\u00e8re \u00bb\nArticle  1e : L'article  1  de  l'arr\u00eat\u00e9  pr\u00e9fectoral  n\u00b0  2868/2024  du  18  d\u00e9cembre  2024  portant \nnomination d'intervenants d\u00e9partementaux de s\u00e9curit\u00e9 routi\u00e8re,  dans le cadre du programme  \n\u00ab agir pour la s\u00e9curit\u00e9 routi\u00e8re \u00bb est compl\u00e9t\u00e9 comme suit : \nMme Sylvia MAGNE Mme \u00c9meline SERY\nArticle 2 : Les missions r\u00e9alis\u00e9es par les IDSR peuvent donner lieu au remboursement des frais  \nde mission sur pr\u00e9sentation de justificatifs d'h\u00e9bergement ou de d\u00e9placement (stationnement et  \np\u00e9age) dans la limite des taux des indemnit\u00e9s de mission applicables aux frais occasionn\u00e9s par  \nles d\u00e9placements temporaires des personnels civils de l'\u00c9tat (arr\u00eat\u00e9 du 14 mars 2022).\nArticle 3  : les autres dispositions de  l'arr\u00eat\u00e9 n\u00b0 2868/2024 du 18 d\u00e9cembre 2024 demeurent  \ninchang\u00e9es.\nArticle 4 : La directrice de cabinet et le directeur d\u00e9partemental des territoires sont charg\u00e9s, \nchacun  en ce qui les concerne, de l'ex\u00e9cution du pr\u00e9sent arr\u00eat\u00e9, qui sera publi\u00e9 au recueil  \ndes actes administratifs de la pr\u00e9fecture.\nMoulins, le 13 /01/2026\nLe Pr\u00e9fet de l'Allier\nSign\u00e9\nChristophe NO\u00cbL du PAYRAT\n03_DDT_Direction D\u00e9partementale des Territoires de l'Allier - 03-2026-01-13-00003 - Extrait de l'arr\u00eat\u00e9 n\u00b043/2026 en date du 13\njanvier 2026 modifiant l'arr\u00eat\u00e9 n\u00b0 2868-2024 du 18 d\u00e9cembre 2024 portant nomination d'intervenants d\u00e9partementaux de s\u00e9curit\u00e9\nrouti\u00e8re dans le cadre du programme \u00ab\u00a0agir pour la s\u00e9curit\u00e9 routi\u00e8re\u00a0\u00bb\n56\n03_DDT_Direction D\u00e9partementale des Territoires de l'Allier - 03-2026-01-13-00003 - Extrait de l'arr\u00eat\u00e9 n\u00b043/2026 en date du 13\njanvier 2026 modifiant l'arr\u00eat\u00e9 n\u00b0 2868-2024 du 18 d\u00e9cembre 2024 portant nomination d'intervenants d\u00e9partementaux de s\u00e9curit\u00e9\nrouti\u00e8re dans le cadre du programme \u00ab\u00a0agir pour la s\u00e9curit\u00e9 routi\u00e8re\u00a0\u00bb\n57\n03_DDT_Direction D\u00e9partementale des\nTerritoires de l'Allier\n03-2026-01-06-00010\nExtrait de l'arr\u00eat\u00e9 n\u00b09/2026 en date du 06 janvier\n2026 portant approbation d'un Plan de Gestion\ndu trafic de l'A71 dans le d\u00e9partement de l'Allier\n03_DDT_Direction D\u00e9partementale des Territoires de l'Allier - 03-2026-01-06-00010 - Extrait de l'arr\u00eat\u00e9 n\u00b09/2026 en date du 06 janvier\n2026 portant approbation d'un Plan de Gestion du trafic de l'A71 dans le d\u00e9partement de l'Allier 58\nDIRECTION D\u00c9PARTEMENTALE DES TERRITOIRES DE L'ALLIER\nService Am\u00e9nagement et urbanisme des territoires\nExtrait de l'arr\u00eat\u00e9 n\u00b09/2026 en date du 06 janvier 2026 portant approbation d'un Plan de Gestion du  \ntrafic de l'A71 dans le d\u00e9partement de l'Allier.\nArticle  1 :\nIl est institu\u00e9 un Plan de Gestion du Trafic (PGT) - version D\u00e9cembre 2025 - dont l'objectif est de pallier  \nlocalement  aux  perturbations  de  circulation  routi\u00e8re  n\u00e9cessitant  une  action  coordonn\u00e9e  des  acteurs \nparticipant \u00e0 l'exploitation de la route.\nIl s'applique sur le domaine public autoroutier conc\u00e9d\u00e9 \u00e0 la soci\u00e9t\u00e9 Autoroutes-Paris-Rhin-Rh\u00f4ne (APRR)  \ndans le d\u00e9partement de l'Allier : \n\u2022 A71 du PR 274+194 (limite Allier/Cher) au PR 352+750 (limite Allier/Puy-de-D\u00f4me),\n\u2022 A714 du PR 00+000 au PR 10+410 (fin de concession),\n\u2022 A719 du PR 00+000 au PR 22+730 (fin de concession).\nL'A79 fait l'objet d'un PGT qui lui est propre.\nLe PGT \u2013 A71 / A719 / A714 \u2013 D\u00e9partement 03 (version de d\u00e9cembre 2025) est annex\u00e9 au pr\u00e9sent arr\u00eat\u00e9.\nArticle 2 : \nLe pr\u00e9fet de d\u00e9partement de l'Allier est d\u00e9sign\u00e9 comme autorit\u00e9 coordonnatrice du plan, responsable de son \n\u00e9laboration, de son aplication et de sa mise \u00e0 jour.\nLe directeur d\u00e9partemental des territoires est d\u00e9sign\u00e9 administrateur et coordonnateur, appui et expertise \ntechnique aupr\u00e8s de l'autorit\u00e9 coordinatrice et responsable de la coordination des op\u00e9rations. A ce titre, il est \nl'interlocuteur privil\u00e9gi\u00e9 des gestionnaires routiers.\nLe directeur r\u00e9gional APRR-Rh\u00f4ne est d\u00e9sign\u00e9 appui op\u00e9rationnel, responsible de la veille et de l'alerte du \ncoordonnateur.\nArticle 3 :\nL'approbation du PGT A71 / A719 / A714 \u2013 D\u00e9partement 03 vaut :\n\u2013 autorisation  de  d\u00e9lester  ou  d\u00e9vier  le  trafic  sur  les  itin\u00e9raires  alternatifs  d\u00e9crits  dans  les  fiches \n\u00ab itin\u00e9raire \u00bb et selon les conditions pr\u00e9cis\u00e9es dans le volet organisationnel,\n\u2013 d\u00e9rogation temporaire aux arr\u00eat\u00e9s permanents de restriction de circulation des poids lourds, pour ce  \nqui concerne les communes et agglom\u00e9rations concern\u00e9es\nArticle 4 : \nEn cas de modification des r\u00e9seaux concern\u00e9s par le PGT, les gestionnaires de voirie devront en informer  \nsans d\u00e9lai l'administrateur qui proc\u00e9dera, le cas \u00e9ch\u00e9ant, \u00e0 une mise \u00e0 jour.\nArticle 5 :\nLe pr\u00e9sent arr\u00eat\u00e9 sera adress\u00e9 pour ex\u00e9cution \u00e0 :\nMonsieur le pr\u00e9fet de l'Allier,\nMonsieur le pr\u00e9fet du Cher,\nMonsieur le pr\u00e9fet du Puy-de-D\u00f4me,\nMonsieur le directeur d\u00e9partemental des territoires de l'Allier,\nMonsieur le directeur d\u00e9partemental des territoires du Cher,\nMonsieur le directeur d\u00e9partemental des territoires du Puy-de-D\u00f4me,\nMonsieur le commandant du groupement d\u00e9partemental de gendarmerie de Cher,\nMonsieur le commandant du groupement d\u00e9partemental de gendarmerie de l'Allier,\nMonsieur le commandant du groupement d\u00e9partemental de gendarmerie du Puy-de-D\u00f4me\nMonsieur le commandant de l'escadron d\u00e9partemental de s\u00e9curit\u00e9 routi\u00e8re du Cher,\nMonsieur le pr\u00e9sident du conseil d\u00e9partemental de l'Allier,\nMonsieur le pr\u00e9sident du conseil d\u00e9partemental du Cher,\nMonsieur le pr\u00e9sident du conseil d\u00e9partemental du Puy-de-D\u00f4me,\nMonsieur le directeur de la DIRCO,\nMonsieur le directeur d'ASF,\nMonsieur le directeur r\u00e9gional des APRR \u2013 r\u00e9gion Rh\u00f4ne,\nUne copie sera adress\u00e9e pour information \u00e0 :\nMonsieur le Directeur d\u00e9partemental du Service D\u00e9partemental d'Incendie et de secours de l'Allier,\nMonsieur le M\u00e9decin-Chef du Samu  03,\nDIR de zone sud est\n03_DDT_Direction D\u00e9partementale des Territoires de l'Allier - 03-2026-01-06-00010 - Extrait de l'arr\u00eat\u00e9 n\u00b09/2026 en date du 06 janvier\n2026 portant approbation d'un Plan de Gestion du trafic de l'A71 dans le d\u00e9partement de l'Allier 59\nMesdames et Messieurs les maires des communes concern\u00e9es.\nMoulins, le 06/01/2026\nLe Pr\u00e9fet de l'Allier\nSign\u00e9\nChristophe NO\u00cbL du PAYRAT\nVoies et d\u00e9lais de Recours\nDans un d\u00e9lai de deux mois \u00e0 compter, soit de la notification, soit de la publication du pr\u00e9sent \narr\u00eat\u00e9 au recueil des actes administratifs de la pr\u00e9fecture de l'Allier, les recours suivants peuvent \n\u00eatre introduits :\n- un recours gracieux, adress\u00e9 \u00e0 Monsieur le pr\u00e9fet de l'Allier ;\n- un recours hi\u00e9rarchique, adress\u00e9 au(x) ministre(s) concern\u00e9(s) ;\nDans ces deux cas et conform\u00e9ment aux dispositions de l'article R. 421-2 du code de justice ad-\nministrative, le silence de l'administration vaut rejet implicite au terme d'un d\u00e9lai de deux mois.\n- un recours contentieux, en saisissant le Tribunal Administratif \u2013 6, cours Sablon - 63033 Cler-\nmont-Ferrand Cedex. Le tribunal administratif de Clermont-Ferrand peut \u00eatre saisi par l'applica-\ntion \u00ab t\u00e9l\u00e9 recours citoyens \u00bb accessible par le site internet http://www. telerecours.fr.\nApr\u00e8s un recours gracieux ou hi\u00e9rarchique, le d\u00e9lai du recours contentieux ne court qu'\u00e0 comp-\nter du rejet explicite ou implicite de l'un de ces recours.\n03_DDT_Direction D\u00e9partementale des Territoires de l'Allier - 03-2026-01-06-00010 - Extrait de l'arr\u00eat\u00e9 n\u00b09/2026 en date du 06 janvier\n2026 portant approbation d'un Plan de Gestion du trafic de l'A71 dans le d\u00e9partement de l'Allier 60\n03_Pr\u00e9f_Pr\u00e9fecture de l'Allier\n03-2025-12-31-00006\nExtrait de l'arr\u00eat\u00e9 AJL 2026\n03_Pr\u00e9f_Pr\u00e9fecture de l'Allier - 03-2025-12-31-00006 - Extrait de l'arr\u00eat\u00e9 AJL 2026 61\nDirection de la citoyennet\u00e9 et de la l\u00e9galit\u00e9\nBureau des \u00e9lections, de la r\u00e9glementation g\u00e9n\u00e9rale\net de l'appui \u00e0 la d\u00e9livrance des titres\nExtrait de l'arr\u00eat\u00e9 N\u00b02971/2025 du 30 d\u00e9cembre 2025  portant d\u00e9signation pour l'ann\u00e9e 2026 \ndes journaux et des services de presse en ligne habilit\u00e9s \u00e0 publier les annonces judiciaires et \nl\u00e9gales dans le d\u00e9partement de l'Allier \nARR\u00caTE\nArticle 1er : \u00c0 compter du 1 er janvier 2026 et jusqu'au 31 d\u00e9cembre 2026, la liste des journaux\nautoris\u00e9s, pour l'ensemble du d\u00e9partement de l'Allier, \u00e0 publier les annonces judiciaires et\nl\u00e9gales  prescrites  par  les  lois  et  d\u00e9crets,  pour  la  publicit\u00e9  et  la  validit\u00e9  des  actes,  des\nproc\u00e9dures ou de contrats, est \u00e9tablie comme suit :\n1\u00b0) LA PRESSE QUOTIDIENNE     :  \n- LA MONTAGNE \u2013 CENTRE FRANCE QUOTIDIEN\n45, rue Clos Four \u2013 63 056 Clermont-Ferrand Cedex 2\n2\u00b0) LA PRESSE HEBDOMADAIRE     :  \n- LA MONTAGNE \u2013 CENTRE FRANCE DIMANCHE\n45, rue Clos Four \u2013 63 056 Clermont-Ferrand Cedex 2\n- L'AURORE DU BOURBONNAIS\n16, rue Refembre \u2013 03 000 Moulins\n- L'ALLIER AGRICOLE\n60, Cours Jean Jaur\u00e8s \u2013 BP 1727 \u2013 03 000 Moulins\n- LA SEMAINE DE L'ALLIER\n18, rue de la Fraternit\u00e9 \u2013 03 000 Moulins\nArticle 2 : \u00c0 compter du 1er janvier 2026 et jusqu'au 31 d\u00e9cembre 2026 la liste des services de\npresse en ligne (SPEL) autoris\u00e9s, pour l'ensemble du d\u00e9partement de l'Allier, \u00e0 publier les\nannonces judiciaires et l\u00e9gales prescrites par les lois et d\u00e9crets, pour la publicit\u00e9 et la validit\u00e9\ndes actes, des proc\u00e9dures ou de contrats, est \u00e9tablie comme suit  :\n- LA MONTAGNE \u2013 CENTRE FRANCE QUOTIDIEN\n45, rue Clos Four \u2013 63 056 Clermont-Ferrand Cedex 2\nwww.lamontagne.fr\n- 20 MINUTES FRANCE SAS\n28-32, rue Jacques Ibert \u2013 Immeuble Carr\u00e9 Champerret \u2013 92  300 LEVALLOIS \nwww.20minutes.fr\n- LA SEMAINE DE L'ALLIER\n18, rue de la Fraternit\u00e9 \u2013 03 000 Moulins\nlasemainedelallier.fr\n- REUSSIR\n1, rue L\u00e9opold Sedar Senghor \u2013 14 460 COLOMBELLES\nwww.reussir.fr\nArticle 3 : Le choix du journal appartient aux parties qui ont seules le droit de d\u00e9signer celui\ndans lequel elles entendent faire para\u00eetre leurs annonces judiciaires et l\u00e9gales. Toutefois, les\nannonces  judiciaires  et  l\u00e9gales  relatives  \u00e0  un  m\u00eame  acte,  contrat  et  proc\u00e9dure,  seront\nobligatoirement ins\u00e9r\u00e9es dans le m\u00eame journal o\u00f9 aura paru la premi\u00e8re insertion.\nPr\u00e9fecture de l'Allier\n2 rue Michel de l'Hospital\nCS 31649 - 03016 MOULINS Cedex\nT\u00e9l. 04 70 48 30 00 - prefecture@allier.gouv.fr\nwww.allier.gouv.fr \n03_Pr\u00e9f_Pr\u00e9fecture de l'Allier - 03-2025-12-31-00006 - Extrait de l'arr\u00eat\u00e9 AJL 2026 62\nArticle 4  : La publication des annonces judiciaires et l\u00e9gales ne peut avoir lieu que dans\nl'\u00e9dition  r\u00e9guli\u00e8re  des  journaux  \u00e0  l'exclusion  de  toutes  \u00e9ditions,  tirages  ou  suppl\u00e9ments\nsp\u00e9ciaux.\nArticle 5  : Les annonces judiciaires et l\u00e9gales seront, autant que possible, regroup\u00e9es dans\nune rubrique sp\u00e9ciale.\nArticle 6 : La direction des journaux figurant dans la liste fix\u00e9e aux articles 1 er et 2 du pr\u00e9sent\narr\u00eat\u00e9 s'engage sur l'honneur :\n\u2013 au respect des tarifs et des r\u00e8gles de pr\u00e9sentation tel que pr\u00e9vus par l'arr\u00eat\u00e9 du 19\nnovembre 2021 modifi\u00e9 susvis\u00e9,\n\u2013 \u00e0 la mise en ligne sur la base de donn\u00e9e ACTULEGALES, g\u00e9r\u00e9e par l'association de la\npresse pour la transparence \u00e9conomique (APTE).\nArticle 7  : Les infractions aux dispositions de la loi n\u00b055-4 du 4 janvier 1955 pr\u00e9cit\u00e9e et \u00e0\ncelles des arr\u00eat\u00e9s pris pour son application seront punies conform\u00e9ment aux lois et r\u00e8glements\nen vigueur.\nL'habilitation accord\u00e9e par le pr\u00e9sent arr\u00eat\u00e9 pourra \u00eatre retir\u00e9e aux journaux qui ne rempliraient\nplus les conditions pr\u00e9vues par la loi du 4 janvier 1955 pr\u00e9cit\u00e9e, ou ne se conformeraient plus\naux prescriptions du pr\u00e9sent arr\u00eat\u00e9.\nArticle 8 : Ind\u00e9pendamment des recours administratifs (gracieux ou hi\u00e9rarchique), le pr\u00e9sent\narr\u00eat\u00e9 peut faire l'objet d'un recours contentieux devant le tribunal administratif de Clermont-\nFerrand, dans un d\u00e9lai de deux mois \u00e0 compter de sa notification ou de sa publication au\nrecueil  des  actes  administratifs  de  la  pr\u00e9fecture  de  l'Allier,  soit  en  ligne  sur  le  site\nwww.telerecours.fr, soit par courrier \u00e0 l'adresse suivante  : 6 cours Sablon \u2013 CS 90  129 \u2013\n63 033 Clermont-Ferrand.\nArticle 9 : Le secr\u00e9taire g\u00e9n\u00e9ral de la pr\u00e9fecture est charg\u00e9 de l'ex\u00e9cution du pr\u00e9sent arr\u00eat\u00e9\nqui sera publi\u00e9 au recueil des actes administratifs et dont copie sera transmise aux sous-\npr\u00e9fets de Montlu\u00e7on et de Vichy, au Directeur d\u00e9partemental de l'emploi, du travail, des\nsolidarit\u00e9s et de la protection des populations et aux directeurs des journaux.\nMoulins, le 30 d\u00e9cembre 2025\nPour le Pr\u00e9fet et par d\u00e9l\u00e9gation,\nLa Directrice de la citoyennet\u00e9 et de la l\u00e9galit\u00e9\nSign\u00e9: Catherine BUISSON\n03_Pr\u00e9f_Pr\u00e9fecture de l'Allier - 03-2025-12-31-00006 - Extrait de l'arr\u00eat\u00e9 AJL 2026 63\n03_Pr\u00e9f_Pr\u00e9fecture de l'Allier\n03-2026-01-15-00009\n1 RAA Arr\u00eat\u00e9 transfert biens section \n03_Pr\u00e9f_Pr\u00e9fecture de l'Allier - 03-2026-01-15-00009 - 1 RAA Arr\u00eat\u00e9 transfert biens section 64\nSous-pr\u00e9fecture de Vichy\nP\u00f4le territoires\nExtrait de l'arr\u00eat\u00e9 N\u00b002/2026 en date du 15 janvier 2026 portant transfert de biens de section \u00e0 la \ncommune de LA CHABANNE\nARTICLE 1 : il est prononc\u00e9 le transfert dans le domaine priv\u00e9 de la commune de LA CHABANNE\nde l'int\u00e9gralit\u00e9 des parcelles cadastr\u00e9es :\n- \u00ab Poncet \u00bb B 713,\n- \u00ab Lallias \u00ab B 780, B 1181, B 853, B 854 ; B 782, B 1135 \u00bb,\n- \u00ab Aurouer \u00bb F 283, F 343, F 500 ;\n- \u00ab Brunard \u00bb F 67, F 1123, F 1197 ;\n- \u00ab P\u00e9riasse \u00bb E 150, E 685 ;\n- \u00ab Chaudagne \u00bb AC 169, AC 184, AC 191, AC 276 ;\n- \u00ab Les Presles \u00bb A 13, A 14, A 59, A 60, D 236 ;\n- \u00ab Poncet Lallias \u00bb B 33, B 34, B 37, B 1055, B 1244, B 1251, B 1257 ;\n- \u00ab Ramillard \u00bb D 290, AD 112, AD 114, AD 115, D 95A, D153A;\n- \u00ab Chambonni\u00e8re F 197 ;\n- \u00ab Chambonni\u00e8re - La Chabannes \u00bb F 143, F 161, F 171, F 174 ;\n- \u00ab Ramillard-La Jarie \u00bb D 95A, D95B;\n- \u00ab Chaudagne-Ramillard\u00bb D 153A, D 153B ;\n- \u00ab Goliard \u00bb B 562, B 591, B 604 ;\n- \u00ab Arnoux \u00bb B 246 ,\nARTICLE 2 : Le sous-pr\u00e9fet de vichy et M. le Maire de LA CHABANNE sont charg\u00e9s, chacun en\nce qui les concerne de l'ex\u00e9cution du pr\u00e9sent arr\u00eat\u00e9 qui sera affich\u00e9 en mairie et fera l'objet d'une\npublication au recueil des actes administratifs de la pr\u00e9fecture de l'Allier.\n                                                                                                       Vichy, le 15 janvier 2026\n                                                                                            Pour le sous-pr\u00e9fet et par d\u00e9l\u00e9gation,\n                                                                                                         la secr\u00e9taire g\u00e9n\u00e9rale\n                                                                                                                    Sign\u00e9 \n                                                                                                        Vanessa AUBERTIN\n03_Pr\u00e9f_Pr\u00e9fecture de l'Allier - 03-2026-01-15-00009 - 1 RAA Arr\u00eat\u00e9 transfert biens section 65\n03_UDDIRECCTE_Unit\u00e9 d\u00e9partementale de la\nDirection r\u00e9gionale des entreprises, de la\nconcurrence, de la consommation, du travail et\nde l'emploi de l'Allier\n03-2025-12-23-00012\nArr AGE TENDRE SERVICES\n03_UDDIRECCTE_Unit\u00e9 d\u00e9partementale de la Direction r\u00e9gionale des entreprises, de la concurrence, de la consommation, du travail\net de l'emploi de l'Allier - 03-2025-12-23-00012 - Arr AGE TENDRE SERVICES 66\nEE =Libert\u00e9 + \u00c9galit\u00e9 :\u00bb Fraternit\u00e9R\u00c9PUBLIQUE FRAN\u00c7AISEPR\u00c9FET DE L'ALLIERDIRECTION DEPARTEMENTALE DE L'EMPLOI,DU TRAVAIL, DES SOLIDARITES ETDE LA PROTECTION DES POPULATIONS20 Rue Aristide Briand \u2014 CS 6004203402 Yzeure Cedex\nArr\u00eat\u00e9 N\u00b0 2924/2025 portant renouvellement de l'agr\u00e9mentd'un organisme de services \u00e0 la personneN\u00b0 SAP 887735959Vu le code du travail, notamment ses articles L.7232-1, R.7232-1 \u00e0 R.7232-11 et D.7231-1Vu le cahier des charges pr\u00e9vu \u00e0 l'article R.7232-6 du code du travailVu l'agr\u00e9ment du 30 novembre 2020 \u00e0 l'organisme Age Tendre Services,Vu la demande de renouvellement d'agr\u00e9ment pr\u00e9sent\u00e9e le 04 ao\u00fbt 2025 et les compl\u00e9ments d'informationapport\u00e9s le 5 novembre 2025 par Monsieur Mike GIRARD en qualit\u00e9 de pr\u00e9sident de la SASU Age TendreServices,\nLe pr\u00e9fet de l'Allier, Chevalier de l'ordre national du M\u00e9riteArr\u00eate :Article 1\u00b0L'agr\u00e9ment de l'organisme AGE TENDRE SERVICES, dont l'\u00e9tablissement principal est situ\u00e9 25, avenueAristide Briand \u00e0 VICHY (03200) est accord\u00e9 pour une dur\u00e9e de cinq ans \u00e0 compter du 30 novembre 2025.La demande de renouvellement devra \u00eatre d\u00e9pos\u00e9e dans les conditions fix\u00e9es par l'article R.7232-8 et, au plustard, trois mois avant la fin de cet agr\u00e9ment.Article2Cet agr\u00e9ment couvre les activit\u00e9s selon le mode d'intervention indiqu\u00e9 et les d\u00e9partements suivants :e Assistance aux personnes \u00e2g\u00e9es (mandataire et/ou mise \u00e0 disposition) (mandataire - 03)e Assistance aux personnes handicap\u00e9es (mandataire et/ou mise \u00e0 disposition) (mandataire - 03)+ Conduite de v\u00e9hicule des PA/PH (mandataire et/ou mise \u00e0 disposition) (mandataire - 03)\u00b0_ Accompagnement des PA/PH dans leurs d\u00e9placements (mandataire et/ou mise \u00e0 disposition) (mandataire - 03)\nArticle 3Si l'organisme envisage de fournir des activit\u00e9s autres que celles pour lesquelles il est agr\u00e9\u00e9 ou d'exercer sesactivit\u00e9s sur un d\u00e9partement autre que celui pour lequel il est agr\u00e9\u00e9, il devra solliciter une modification pr\u00e9alablede son agr\u00e9ment.Si l'organisme propose des activit\u00e9s de garde ou d'accompagnement d'enfant de moins de 3 ans, il devra solliciterune modification pr\u00e9alable de son agr\u00e9ment en cas de changement de mode d'intervention.L'ouverture d'un nouvel \u00e9tablissement ou d'un nouveau local d'accueil dans un d\u00e9partement pour lequel il estagr\u00e9\u00e9 devra \u00e9galement faire l'objet d'une information pr\u00e9alable aupr\u00e8s de la DDETS PP de l'Allier.\n03_UDDIRECCTE_Unit\u00e9 d\u00e9partementale de la Direction r\u00e9gionale des entreprises, de la concurrence, de la consommation, du travail\net de l'emploi de l'Allier - 03-2025-12-23-00012 - Arr AGE TENDRE SERVICES 67\nArticle 4Le pr\u00e9sent agr\u00e9ment pourra \u00e9tre retir\u00e9 si l'organisme agr\u00e9\u00e9 :- cesse de remplir les conditions ou de respecter les obligations mentionn\u00e9es au aux articles R.7232-4 \u00e0 R.7232-9 du code du travail.- ne respecte pas les dispositions l\u00e9gales relatives \u00e0 la sant\u00e9 et \u00e0 la s\u00e9curit\u00e9 au travail,- exerce d'autres activit\u00e9s que celles mentionn\u00e9es dans le pr\u00e9sent arr\u00eat\u00e9,- ne transmet pas au pr\u00e9fet comp\u00e9tent les statistiques mentionn\u00e9es \u00e0 l'article R.7232-9 du code du travail.\nArticle 5Cet agr\u00e9ment n'ouvre pas droit aux avantages fiscaux et sociaux fix\u00e9s par l'article L.7233-2 du code du travail etL.241-10 du code de la s\u00e9curit\u00e9 sociale. Conform\u00e9ment \u00e0 l'article L.7232-1-1 du code du travail, pour ouvrir droit\u00e0 ces dispositions, l'organisme doit se d\u00e9clarer et n'exercer que les activit\u00e9s d\u00e9clar\u00e9es, \u00e0 l'exclusion de toute autre(ou tenir une comptabilit\u00e9 s\u00e9par\u00e9e pour les organismes dispens\u00e9s de cette condition par l'article L.7232-1-2).\nArticle 6Le pr\u00e9sent arr\u00eat\u00e9 sera publi\u00e9 au recueil des actes administratifs de la Pr\u00e9fecture de I'Allier.Il peut, dans les deux mois \u00e0 compter de sa notification, faire l'objet d'un recours gracieux aupr\u00e8s de la DDETSPP- direction d\u00e9partementale de l'emploi, du travail, des solidarit\u00e9s et de la protection des populations de l'Allierou d'un recours hi\u00e9rarchique adress\u00e9 au ministre charg\u00e9 de l'\u00e9conomie - direction g\u00e9n\u00e9rale des entreprises - sous-direction des services marchands, 6 rue Louise Weiss, 75703 Paris cedex 13.Il peut \u00e9galement faire l'objet d'un recours contentieux dans un d\u00e9lai de deux mois \u00e0 compter de sa notificationen saisissant Tribunal Administratif de Clermont Ferrand 6 Cours Sablon 63033 Clermont-Ferrand Cedex 01.Le tribunal administratif peut aussi \u00eatre saisi par l'application informatique \u00ab T\u00e9l\u00e9recours citoyen \u00bb accessible surle site internet www.telerecours.fr.En cas de rejet du recours gracieux ou hi\u00e9rarchique ou en l'absence de r\u00e9ponse \u00e0 ce recours (rejet implicite), unrecours contentieux devant le tribunal administratif peut \u00e9galement \u00eatre form\u00e9 contre la d\u00e9cision initiale dans und\u00e9lai de deux mois \u00e0 compter de ce rejet.\nFait \u00e0 Yzeure, le 23 d\u00e9cembre 2025Pour le Pr\u00e9fet et par d\u00e9l\u00e9gation,P/ Le DDETS-PP de l'Allier,Le chef de service,\nDidier FREYCENON\n03_UDDIRECCTE_Unit\u00e9 d\u00e9partementale de la Direction r\u00e9gionale des entreprises, de la concurrence, de la consommation, du travail\net de l'emploi de l'Allier - 03-2025-12-23-00012 - Arr AGE TENDRE SERVICES 68\n03_UDDIRECCTE_Unit\u00e9 d\u00e9partementale de la\nDirection r\u00e9gionale des entreprises, de la\nconcurrence, de la consommation, du travail et\nde l'emploi de l'Allier\n03-2026-01-07-00008\nArr COMO 03\n03_UDDIRECCTE_Unit\u00e9 d\u00e9partementale de la Direction r\u00e9gionale des entreprises, de la concurrence, de la consommation, du travail\net de l'emploi de l'Allier - 03-2026-01-07-00008 - Arr COMO 03 69\n| =Libert\u00e9 \u00ab \u00c9galit\u00e9 + Fraternit\u00e9REPUBLIQUE FRANCAISEPREFET DE L'ALLIER\nDIRECTION DEPARTEMENTALE DE L'EMPLOI,DU TRAVAIL, DES SOLIDARITES ETDE LA PROTECTION DES POPULATIONS20 Rue Aristide Briand \u2014 CS 6004203402 Yzeure Cedex\nArr\u00e9t\u00e9 N\u00b0 12/2026 portant renouvellement agr\u00e9mentd'un organisme de services \u00e0 la personneN\u00b0 SAP 891935066Vu le code du travail, notamment ses articles L.7232-1, R.7232-1 \u00e0 R.7232-11 et D.7231-1Vu le cahier des charges pr\u00e9vu \u00e0 l'article R.7232-6 du code du travailVu la demande de renouvellement d'agr\u00e9ment pr\u00e9sent\u00e9e le 05 novembre 2025, par Madame Aude MOUGINOTen qualit\u00e9 de co-g\u00e9rante la SARL COMO 03 (franchise : BABYCHOU SERVICES)\nLe Pr\u00e9fet de l'Allier, Chevalier de l'ordre national du M\u00e9riteArr\u00eate :Article 1*L'agr\u00e9ment de l'organisme SARL COMO 03 (franchise BABYCHOU SERVICES) , dont l'\u00e9tablissementprincipal est situ\u00e9 4, Avenue Victoria \u00e0 VICHY (03200) est accord\u00e9 pour une dur\u00e9e de cinq ans \u00e0 compter du 7janvier 2026.La demande de renouvellement devra \u00eatre d\u00e9pos\u00e9e dans les conditions fix\u00e9es par l'article R.7232-8 et, au plustard, trois mois avant la fin de cet agr\u00e9ment.Article2Cet agr\u00e9ment couvre les activit\u00e9s selon le mode d'intervention indiqu\u00e9 et le d\u00e9partement suivant :\u00a2 Garde d'enfants de moins de 3 ans ou de moins de 18 ans handicap\u00e9s \u00e0 domicile (mode prestataire etmandataire) - (03)e Accompagnement des enfants de moins de 3 ans ou de moins de 18 ans handicap\u00e9s (mode prestataire etmandataire) - (03)Article 3Si l'organisme envisage de fournir des activit\u00e9s autres que celles pour lesquelles il est agr\u00e9\u00e9 ou d'exercer sesactivit\u00e9s sur un d\u00e9partement autre que celui pour lequel il est agr\u00e9\u00e9, il devra solliciter une modification pr\u00e9alablede son agr\u00e9ment.Si l'organisme propose des activit\u00e9s de garde ou d'accompagnement d'enfants de moins de 3 ans ou d'enfantshandicap\u00e9s de moins de 18 ans , il devra solliciter une modification pr\u00e9alable de son agr\u00e9ment en cas dechangement de mode d'intervention.L'ouverture d'un nouvel \u00e9tablissement ou d'un nouveau local d'accueil dans un d\u00e9partement pour lequel il estagr\u00e9\u00e9 devra \u00e9galement faire l'objet d'une information pr\u00e9alable aupr\u00e8s de DDETS PP de I' Allier.\n03_UDDIRECCTE_Unit\u00e9 d\u00e9partementale de la Direction r\u00e9gionale des entreprises, de la concurrence, de la consommation, du travail\net de l'emploi de l'Allier - 03-2026-01-07-00008 - Arr COMO 03 70\nArticle 4Le pr\u00e9sent agr\u00e9ment pourra \u00eatre retir\u00e9 si l'organisme agr\u00e9\u00e9 :- cesse de remplir les conditions ou de respecter les obligations mentionn\u00e9es au aux articles R.7232-4 \u00e0 R.7232-9 du code du travail.- ne respecte pas les dispositions l\u00e9gales relatives \u00e0 la sant\u00e9 et \u00e0 la s\u00e9curit\u00e9 au travail,- exerce d'autres activit\u00e9s que celles mentionn\u00e9es dans le pr\u00e9sent arr\u00eat\u00e9,- ne transmet pas au pr\u00e9fet comp\u00e9tent les statistiques mentionn\u00e9es \u00e0 l'article R.7232-9 du code du travail.Article 5Cet agr\u00e9ment n'ouvre pas droit aux avantages fiscaux et sociaux fix\u00e9s par l'article L.7233-2 du code du travail etL.241-10 du code de la s\u00e9curit\u00e9 sociale. Conform\u00e9ment \u00e0 l'article L.7232-1-1 du code du travail, pour ouvrir droit\u00e0 ces dispositions, l'organisme doit se d\u00e9clarer et n'exercer que les activit\u00e9s d\u00e9clar\u00e9es, \u00e0 l'exclusion de toute autre(ou tenir une comptabilit\u00e9 s\u00e9par\u00e9e pour les organismes dispens\u00e9s de cette condition par l'article L.7232-1-2).Article 6Le pr\u00e9sent arr\u00eat\u00e9 sera publi\u00e9 au recueil des actes administratifs de la Pr\u00e9fecture de l'Allier.I] peut, dans les deux mois \u00e0 compter de sa notification, faire l'objet d'un recours gracieux aupr\u00e8s de la DDETSPP - direction d\u00e9partementale de l'emploi, du travail, des solidarit\u00e9s et de la protection des populations ou d'unrecours hi\u00e9rarchique adress\u00e9 au ministre charg\u00e9 de l'\u00e9conomie - direction g\u00e9n\u00e9rale des entreprises - sous-directiondes services marchands, 6 rue Louise Weiss, 75703 Paris cedex 13.Il peut \u00e9galement faire l'objet d'un recours contentieux dans un d\u00e9lai de deux mois \u00e0 compter de sa notificationen saisissant Tribunal Administratif de Clermont Ferrand 6 Cours Sablon 63033 Clermont-Ferrand Cedex 01.Le tribunal administratif peut aussi \u00eatre saisi par l'application informatique \u00ab T\u00e9l\u00e9recours citoyen \u00bb accessible surle site internet www.telerecours.fr.En cas de rejet du recours gracieux ou hi\u00e9rarchique ou en l'absence de r\u00e9ponse \u00e0 ce recours (rejet implicite), unrecours contentieux devant le tribunal administratif peut \u00e9galement \u00eatre form\u00e9 contre la d\u00e9cision initiale dans und\u00e9lai de deux mois \u00e0 compter de ce rejet.\nFait \u00e0 Yzeure, le 7 janvier 2026Pour le Pr\u00e9fet,P/Le DDETS-PP de I'\n03_UDDIRECCTE_Unit\u00e9 d\u00e9partementale de la Direction r\u00e9gionale des entreprises, de la concurrence, de la consommation, du travail\net de l'emploi de l'Allier - 03-2026-01-07-00008 - Arr COMO 03 71\n03_UDDIRECCTE_Unit\u00e9 d\u00e9partementale de la\nDirection r\u00e9gionale des entreprises, de la\nconcurrence, de la consommation, du travail et\nde l'emploi de l'Allier\n03-2026-01-07-00006\nArr COMO 63\n03_UDDIRECCTE_Unit\u00e9 d\u00e9partementale de la Direction r\u00e9gionale des entreprises, de la concurrence, de la consommation, du travail\net de l'emploi de l'Allier - 03-2026-01-07-00006 - Arr COMO 63 72\nEE =Libert\u00e9 + \u00c9galit\u00e9 + Fraternit\u00e9R\u00c9PUBLIQUE FRAN\u00c7AISEPR\u00c9FET DE L'ALLIER\nDIRECTION DEPARTEMENTALE DE L'EMPLOI,DU TRAVAIL, DES SOLIDARITES ETDE LA PROTECTION DES POPULATIONS20 Rue Aristide Briand \u2014 CS 6004203402 Yzeure Cedex\nArr\u00eat\u00e9 N\u00b0 13/2026 portant renouvellement agr\u00e9mentd'un organisme de services \u00e0 la personneN\u00b0 SAP 800064107Vu le code du travail, notamment ses articles L.7232-1, R.7232-1 \u00e0 R.7232-11 et D.7231-1Vu le cahier des charges pr\u00e9vu \u00e0 l'article R.7232-6 du code du travailVu la demande de renouvellement d'agr\u00e9ment pr\u00e9sent\u00e9e le 05 novembre 2025, par Monsieur COGNET Jean-Philippe en qualit\u00e9 de co-g\u00e9rant de SARL COMO 63 (franchise : BABYCHOU SERVICES)\nLe Pr\u00e9fet de l'Allier, Chevalier de l'ordre national du M\u00e9riteArr\u00eate :Article 1\u00b0L'agr\u00e9ment de l'organisme SARL COMO 63 (franchise BABYCHOU SERVICES) , dont l'\u00e9tablissementprincipal est situ\u00e9 4, Avenue Victoria \u00e0 VICHY (03200) est accord\u00e9 pour une dur\u00e9e de cinq ans \u00e0 compter du 7janvier 2026.La demande de renouvellement devra \u00eatre d\u00e9pos\u00e9e dans les conditions fix\u00e9es par l'article R.7232-8 et, au plustard, trois mois avant la fin de cet agr\u00e9ment.Article 2Cet agr\u00e9ment couvre les activit\u00e9s selon le mode d'intervention indiqu\u00e9 et les d\u00e9partements suivants :\u00b0 Garde d'enfants de moins de 3 ans ou de moins de 18 ans handicap\u00e9s \u00e0 domicile (mode prestataire etmandataire) - (03) (63)e Accompagnement des enfants de moins de 3 ans ou de moins de 18 ans handicap\u00e9s (mode prestataire etmandataire) - (03) (63)Article 3Si l'organisme envisage de fournir des activit\u00e9s autres que celles pour lesquelles il est agr\u00e9\u00e9 ou d'exercer sesactivit\u00e9s sur un d\u00e9partement autre que celui pour lequel il est agr\u00e9\u00e9, il devra solliciter une modification pr\u00e9alablede son agr\u00e9ment.Si l'organisme propose des activit\u00e9s de garde ou d'accompagnement d'enfants de moins de 3 ans ou d'enfantshandicap\u00e9s de moins de 18 ans , il devra solliciter une modification pr\u00e9alable de son agr\u00e9ment en cas dechangement de mode d'intervention.L'ouverture d'un nouvel \u00e9tablissement ou d'un nouveau local d'accueil dans un d\u00e9partement pour lequel il estagr\u00e9\u00e9 devra \u00e9galement faire l'objet d'une information pr\u00e9alable aupr\u00e8s de DDETS PP de l'Allier.\n03_UDDIRECCTE_Unit\u00e9 d\u00e9partementale de la Direction r\u00e9gionale des entreprises, de la concurrence, de la consommation, du travail\net de l'emploi de l'Allier - 03-2026-01-07-00006 - Arr COMO 63 73\nArticle 4Le pr\u00e9sent agr\u00e9ment pourra \u00e9tre retir\u00e9 si l'organisme agr\u00e9\u00e9 :- cesse de remplir les conditions ou de respecter les obligations mentionn\u00e9es au aux articles R.7232-4 a R.7232-9 du code du travail.- ne respecte pas les dispositions l\u00e9gales relatives \u00e0 la sant\u00e9 et \u00e0 la s\u00e9curit\u00e9 au travail,- exerce d'autres activit\u00e9s que celles mentionn\u00e9es dans le pr\u00e9sent arr\u00eat\u00e9,- ne transmet pas au pr\u00e9fet comp\u00e9tent les statistiques mentionn\u00e9es \u00e0 l'article R.7232-9 du code du travail.Article 5\u2014 \u2014\u2014\nCet agr\u00e9ment n'ouvre pas droit aux avantages fiscaux et sociaux fix\u00e9s par l'article L.7233-2 du code du travail etL.241-10 du code de la s\u00e9curit\u00e9 sociale. Conform\u00e9ment \u00e0 l'article L.7232-1-1 du code du travail, pour ouvrir droit\u00e0 ces dispositions, l'organisme doit se d\u00e9clarer et n'exercer que les activit\u00e9s d\u00e9clar\u00e9es, \u00e0 l'exclusion de toute autre(ou tenir une comptabilit\u00e9 s\u00e9par\u00e9e pour les organismes dispens\u00e9s de cette condition par l'article L.7232-1-2).Article 6Le pr\u00e9sent arr\u00eat\u00e9 sera publi\u00e9 au recueil des actes administratifs de la Pr\u00e9fecture de l'Allier.Il peut, dans les deux mois \u00e0 compter de sa notification, faire l'objet d'un recours gracieux aupr\u00e8s de la DDETSPP - direction d\u00e9partementale de l'emploi, du travail, des solidarit\u00e9s et de la protection des populations ou d'unrecours hi\u00e9rarchique adress\u00e9 au ministre charg\u00e9 de l'\u00e9conomie - direction g\u00e9n\u00e9rale des entreprises - sous-directiondes services marchands, 6 rue Louise Weiss, 75703 Paris cedex 13.Il peut \u00e9galement faire l'objet d'un recours contentieux dans un d\u00e9lai de deux mois \u00e0 compter de sa notificationen saisissant Tribunal Administratif de Clermont Ferrand 6 Cours Sablon 63033 Clermont-Ferrand Cedex 01.Le tribunal administratif peut aussi \u00eatre saisi par l'application informatique \u00ab T\u00e9l\u00e9recours citoyen \u00bb accessible surle site internet www.telerecours.fr.En cas de rejet du recours gracieux ou hi\u00e9rarchique ou en l'absence de r\u00e9ponse \u00e0 ce recours (rejet implicite), unrecours contentieux devant le tribunal administratif peut \u00e9galement \u00eatre form\u00e9 contre la d\u00e9cision initiale dans und\u00e9lai de deux mois \u00e0 compter de ce rejet.\nFait \u00e0 Yzeure, le 7 janvier 2026Pour le Pr\u00e9fet,P/Le DDETS-PP de |'\n03_UDDIRECCTE_Unit\u00e9 d\u00e9partementale de la Direction r\u00e9gionale des entreprises, de la concurrence, de la consommation, du travail\net de l'emploi de l'Allier - 03-2026-01-07-00006 - Arr COMO 63 74\n03_UDDIRECCTE_Unit\u00e9 d\u00e9partementale de la\nDirection r\u00e9gionale des entreprises, de la\nconcurrence, de la consommation, du travail et\nde l'emploi de l'Allier\n03-2025-12-23-00013\nDecl AGE TENDRE SERVICES\n03_UDDIRECCTE_Unit\u00e9 d\u00e9partementale de la Direction r\u00e9gionale des entreprises, de la concurrence, de la consommation, du travail\net de l'emploi de l'Allier - 03-2025-12-23-00013 - Decl AGE TENDRE SERVICES 75\n|Libert\u00e9 + Egalit\u00e9 \u00a9 Fraternit\u00e9REPUBLIQUE FRANCAISEPREFET DE L'ALLIERDIRECTION DEPARTEMENTALE DE L'EMPLOI,DU TRAVAIL, DES SOLIDARITES ETDE LA PROTECTION DES POPULATIONS20 Rue Aristide Briand \u2014 CS 6004203402 Yzeure CedexR\u00e9c\u00e9piss\u00e9 modificatif de d\u00e9clarationd'un organisme de services 4 la personneenregistr\u00e9 sous le N\u00b0 SAP 887735959Vu le code du travail et notamment les articles L.7231-1 \u00e0 L.7233-2, R.7232-16 \u00e0 R.7232-22, D.7231-1 etD.7233-1 \u00e0 D.7233-5;Vu le code de l'action sociale et des familles, notamment l'article D.312-6-2 ;Vu la demande de renouvellement d'agr\u00e9ment pr\u00e9sent\u00e9e le 04 ao\u00fbt 2025 et les compl\u00e9ments d'informationapport\u00e9s le 5 novembre 2025 par Monsieur Mike GIRARD en qualit\u00e9 de pr\u00e9sident de la SASU Age TendreServices,Le Pr\u00e9fet de l'Allier, Chevalier de l'ordre national du M\u00e9riteConstate :Qu'une d\u00e9claration d'activit\u00e9s de services \u00e0 la personne a \u00e9t\u00e9 d\u00e9pos\u00e9e aupr\u00e8s de la DDETS PP - Directiond\u00e9partementale de emploi, du travail, des solidarit\u00e9s et de la protection des populations de l'Allier, par MonsieurMike GIRARD en qualit\u00e9 de pr\u00e9sident, pour l'organisme AGE TENDRE SERVICES dont l'\u00e9tablissementprincipal est situ\u00e9 25, avenue Aristide Briand \u00e0 VICHY (03200) et enregistr\u00e9 sous le N\u00b0 SAP 887735959 pourles activit\u00e9s suivantes :Activit\u00e9s relevant uniquement de la d\u00e9claration (mode prestataire) :Entretien de la maison et travaux m\u00e9nagersLivraison de repas \u00e0 domicilePr\u00e9paration de repas \u00e0 domicile (inclus le temps pass\u00e9 aux courses)Collecte et livraison \u00e0 domicile de linge repass\u00e9* Livraison de courses \u00e0 domicile\u00a2 Soin et promenade des animaux de compagnie pour personnes d\u00e9pendantes (hors soins v\u00e9t\u00e9rinaires ettoilettage)\u00b0 Maintenance et vigilance temporaires \u00e0 domicile de la r\u00e9sidence principale et secondaire\u00b0 Assistance administrative \u00e0 domicilee T\u00e9l\u00e9-assistance et visio-assistance\u00a2 Prestation de conduite du v\u00e9hicule personnel des personnes qui ont besoin d'une aide temporaire (hors PA/PHet pathologies chroniques)\u00b0 Accompagnement des personnes qui ont besoin d'une aide temporaire (hors PA/PH et pathologieschroniques) pour promenades, aide a la mobilit\u00e9 et transport, actes de la vie courante\u00a2 Assistance des personnes qui ont besoin d'une aide temporaire (hors PA/PH et pathologies chroniques) (horsactes de soins relevant d'actes m\u00e9dicaux)Activit\u00e9s relevant uniquement de l'agr\u00e9ment de l'Etat (mode mandataire) :Assistance aux personnes \u00e2g\u00e9es (mandataire et/ou mise \u00e0 disposition) (03)Assistance aux personnes handicap\u00e9es (mandataire et/ou mise \u00e0 disposition) (03)Conduite de v\u00e9hicule des PA/PH (mandataire et/ou mise \u00e0 disposition) (03)Accompagnement des PA/PH dans leurs d\u00e9placements (mandataire et/ou mise \u00e0 disposition) (03)Toute modification concernant les activit\u00e9s exerc\u00e9es devra faire l'objet d'une d\u00e9claration modificative pr\u00e9alable.\n03_UDDIRECCTE_Unit\u00e9 d\u00e9partementale de la Direction r\u00e9gionale des entreprises, de la concurrence, de la consommation, du travail\net de l'emploi de l'Allier - 03-2025-12-23-00013 - Decl AGE TENDRE SERVICES 76\nSous r\u00e9serve d'\u00eatre exerc\u00e9es \u00e0 titre exclusif (ou sous r\u00e9serve d'une comptabilit\u00e9 s\u00e9par\u00e9e pour les personnesmorales dispens\u00e9es de cette condition), ces activit\u00e9s ouvrent droit au b\u00e9n\u00e9fice des dispositions des articlesL.7233-2 du code du travail et L.241-10 du code de la s\u00e9curit\u00e9 sociale dans les conditions pr\u00e9vues par ces articles.Les effets de la d\u00e9claration courent \u00e0 compter du jour du d\u00e9p\u00f4t de la d\u00e9claration sous r\u00e9serve des dispositions del'article R.7232-18 du code du travail.Toutefois, en application des articles L.7232-1 et R.7232-1 \u00e0 R.7232-15, les activit\u00e9s n\u00e9cessitant un agr\u00e9ment (Ide l'article D.7231-1 du code du travail) n'ouvrent droit \u00e0 ces dispositions que si la structure a pr\u00e9alablementobtenu l'agr\u00e9ment ou le renouvellement de cet agr\u00e9ment dans le ou les d\u00e9partement(s) d'exercice de ses activit\u00e9s.En application de l'article D.312-6-2 du code de l'action sociale et des familles, les activit\u00e9s n\u00e9cessitant uneautorisation n'ouvrent droit \u00e0 ces dispositions que si l'organisme a pr\u00e9alablement obtenu l'autorisation ou lerenouvellement de cette autorisation.Le pr\u00e9sent r\u00e9c\u00e9piss\u00e9 n'est pas limit\u00e9 dans le temps.L'enregistrement de la d\u00e9claration peut \u00eatre retir\u00e9 dans les conditions fix\u00e9es aux articles R.7232-20 \u00e0 R.7232-22du code du travail.Le pr\u00e9sent r\u00e9c\u00e9piss\u00e9 est publi\u00e9 au recueil des actes administratifs de la Pr\u00e9fecture de l'Allier.\nFait \u00e0 Yzeure, le 23 d\u00e9cembre 2025Pour le Pr\u00e9fet et par d\u00e9l\u00e9gation,P/ Le DDETS-PP de l'Allier,Le chef de service,ADidier FREYC\nLa pr\u00e9sente d\u00e9cision peut, \u00e0 compter de sa publication, faire l'objet d'un recours gracieux aupr\u00e8s de la DDETSPP- Direction d\u00e9partementale de l'emploi, du travail, des solidarit\u00e9s et de la protection des populations del'Allier ou d'un recours hi\u00e9rarchique adress\u00e9 au ministre charg\u00e9 de l'\u00e9conomie - Direction g\u00e9n\u00e9rale desentreprises - sous-direction des services marchands, 6, rue Louise Weiss, 75703 Paris cedex13.Elle peut \u00e9galementfaire l'objet d'un recours contentieux dans un d\u00e9lai de deux mois \u00e0 compter de sa publicationaupr\u00e8s du Tribunal Administratif de Clermont Ferrand 6 Cours Sablon 63033 Clermont-Ferrand Cedex 01.Le tribunal administratifpeut \u00eatre saisi par l'application informatique \u00ab T\u00e9l\u00e9recours citoyen \u00bb accessible sur lesite internet www.telerecours.fr.En cas de rejet du recours gracieux ou hi\u00e9rarchique ou en l'absence de r\u00e9ponse \u00e0 ce recours (rejet implicite),un recours contentieux devant le tribunal administratifpeut \u00e9galement \u00eatre form\u00e9 contre la d\u00e9cision initiale dansun d\u00e9lai de deux mois \u00e0 compter de ce rejet.\n03_UDDIRECCTE_Unit\u00e9 d\u00e9partementale de la Direction r\u00e9gionale des entreprises, de la concurrence, de la consommation, du travail\net de l'emploi de l'Allier - 03-2025-12-23-00013 - Decl AGE TENDRE SERVICES 77\n03_UDDIRECCTE_Unit\u00e9 d\u00e9partementale de la\nDirection r\u00e9gionale des entreprises, de la\nconcurrence, de la consommation, du travail et\nde l'emploi de l'Allier\n03-2026-01-21-00001\nD\u00e9cl ALOUI Cindy\n03_UDDIRECCTE_Unit\u00e9 d\u00e9partementale de la Direction r\u00e9gionale des entreprises, de la concurrence, de la consommation, du travail\net de l'emploi de l'Allier - 03-2026-01-21-00001 - D\u00e9cl ALOUI Cindy 78\nEE 5Libert\u00e9 + \u00c9galit\u00e9 \u00a9 Fraternit\u00e9REPUBLIQUE FRANCAISEPREFET DE L'ALLIERDIRECTION DEPARTEMENTALE DE L'EMPLOI,DU TRAVAIL, DES SOLIDARITES ETDE LA PROTECTION DES POPULATIONS20 rue Aristide Briand \u2014 CS 6004203402 Yzeure Cedex\nR\u00e9c\u00e9piss\u00e9 de d\u00e9clarationd'un organisme de services \u00e0 la personneenregistr\u00e9 sous le N\u00b0 SAP 999762024Vu le code du travail et notamment les articles L.7231-1 \u00e0 L.7233-2, R.7232-16 \u00e0 R.7232-22, D.7231-1 etD.7233-1 \u00e0 D.7233-5;Le pr\u00e9fet de l'Allier, Chevalier de l'ordre national du M\u00e9riteConstate :Qu'une d\u00e9claration d'activit\u00e9s de services \u00e0 la personne a \u00e9t\u00e9 d\u00e9pos\u00e9e aupr\u00e8s de la DDETS PP - Directiond\u00e9partementale de l'emploi, du travail, des solidarit\u00e9s et de la protection des populations de l'Allier, par MadameCindy ALOUI en qualit\u00e9 de responsable pour l'organisme ALOUI Cindy dont l'\u00e9tablissement principal est situ\u00e989 All\u00e9e Mesdames - HLM DE PRESLES Bt D2 \u00e0 CUSSET (03300) et enregistr\u00e9 sous le N\u00b0 SAP 999762024pour l'activit\u00e9 suivante (date d'effet le 20 janvier 2026) :Activit\u00e9 relevant uniquement de la d\u00e9claration (mode prestataire) :- Entretien de la maison et travaux m\u00e9nagersToute modification concernant les activit\u00e9s exerc\u00e9es devra faire l'objet d'une d\u00e9claration modificative pr\u00e9alable.Sous r\u00e9serve d'\u00eatre exerc\u00e9es \u00e0 titre exclusif (ou sous r\u00e9serve d'une comptabilit\u00e9 s\u00e9par\u00e9e pour les personnesmorales dispens\u00e9es de cette condition), ces activit\u00e9s ouvrent droit au b\u00e9n\u00e9fice des dispositions des articlesL.7233-2 du code du travail et L.241-10 du code de la s\u00e9curit\u00e9 sociale dans les conditions pr\u00e9vues par ces articles.Les effets de la d\u00e9claration courent \u00e0 compter du jour du d\u00e9p\u00f4t de la d\u00e9claration sous r\u00e9serve des dispositions del'article R.7232-18 du code du travail.Le pr\u00e9sent r\u00e9c\u00e9piss\u00e9 n'est pas limit\u00e9 dans le temps.L'enregistrement de la d\u00e9claration peut \u00eatre retir\u00e9 dans les conditions fix\u00e9es aux articles R.7232-20 \u00e0 R.7232-22du code du travail.Le pr\u00e9sent r\u00e9c\u00e9piss\u00e9 est publi\u00e9 au recueil des actes administratifs de la Pr\u00e9fecture de l'Allier.Fait \u00e0 Yzeure, le 21 janvier 2026 wePour le Pr\u00e9fet et par d\u00e9l\u00e9gation,P/Le DDETS-PP de lAlieLe Chef de service 7 7.SL 4\n03_UDDIRECCTE_Unit\u00e9 d\u00e9partementale de la Direction r\u00e9gionale des entreprises, de la concurrence, de la consommation, du travail\net de l'emploi de l'Allier - 03-2026-01-21-00001 - D\u00e9cl ALOUI Cindy 79\nLa pr\u00e9sente d\u00e9cision peut, \u00e0 compter de sa publication, faire l'objet d'un recours gracieux aupr\u00e8s de la DDETSPP- Direction d\u00e9partementale de l'emploi, du travail, des solidarit\u00e9s et de la protection des populations del'Allier ou d'un recours hi\u00e9rarchique adress\u00e9 au ministre charg\u00e9 de l'\u00e9conomie - Direction g\u00e9n\u00e9rale desentreprises - sous-direction des services marchands, 6, rue Louise Weiss, 75703 Paris cedex13.Elle peut \u00e9galementfaire l'objet d'un recours contentieux dans un d\u00e9lai de deux mois \u00e0 compter de sa publicationaupr\u00e8s du Tribunal Administratif de Clermont Ferrand 6 Cours Sablon 63033 Clermont-Ferrand Cedex 01.Le tribunal administratifpeut \u00eatre saisi par l'application informatique \u00ab T\u00e9l\u00e9recours citoyen \u00bb accessible sur lesite internet www.telerecours.fr.En cas de rejet du recours gracieux ou hi\u00e9rarchique ou en l'absence de r\u00e9ponse \u00e0 ce recours (rejet implicite),un recours contentieux devant le tribunal administratifpeut \u00e9galement \u00eatre form\u00e9 contre la d\u00e9cision initiale dansun d\u00e9lai de deux mois \u00e0 compter de ce rejet.\n03_UDDIRECCTE_Unit\u00e9 d\u00e9partementale de la Direction r\u00e9gionale des entreprises, de la concurrence, de la consommation, du travail\net de l'emploi de l'Allier - 03-2026-01-21-00001 - D\u00e9cl ALOUI Cindy 80\n03_UDDIRECCTE_Unit\u00e9 d\u00e9partementale de la\nDirection r\u00e9gionale des entreprises, de la\nconcurrence, de la consommation, du travail et\nde l'emploi de l'Allier\n03-2026-01-07-00007\nD\u00e9cl COMO 03\n03_UDDIRECCTE_Unit\u00e9 d\u00e9partementale de la Direction r\u00e9gionale des entreprises, de la concurrence, de la consommation, du travail\net de l'emploi de l'Allier - 03-2026-01-07-00007 - D\u00e9cl COMO 03 81\nEE =Libert\u00e9 + \u00c9galit\u00e9 \u00bb Fraternit\u00e9R\u00c9PUBLIQUE FRAN\u00c7AISEPR\u00c9FET DE L'ALLIERDIRECTION DEPARTEMENTALE DE L'EMPLOI,DU TRAVAIL, DES SOLIDARITES ETDE LA PROTECTION DES POPULATIONS20 Rue Aristide Briand \u2014 CS 6004203402 Yzeure CedexR\u00e9c\u00e9piss\u00e9 modificatif de d\u00e9clarationd'un organisme de services \u00e0 la personneenregistr\u00e9 sous le N\u00b0 SAP 891935066Vu le code du travail et notamment les articles L.7231-1 \u00e0 L.7233-2, R.7232-16 \u00e0 R.7232-22, D.7231-1 etD.7233-1 \u00e0 D.7233-5;Vu le code de l'action sociale et des familles, notamment l'article D.312-6-2 ;Vu la demande de renouvellement d'agr\u00e9ment d\u00e9pos\u00e9e par Madame Aude MOUGINOT, en qualit\u00e9 de co-g\u00e9rante de SARL COMO 03 (franchise BABYCHOU SERVICES) en date du 05 novembre 2025Le Pr\u00e9fet de l'Allier, Chevalier de l'ordre national du M\u00e9riteConstate :Qu'une d\u00e9claration d'activit\u00e9s de services \u00e0 la personne a \u00e9t\u00e9 d\u00e9pos\u00e9e aupr\u00e8s de la DDETS PP - Directiond\u00e9partementale de l'emploi, du travail, des solidarit\u00e9s et de la protection des populations de l'Allier (date d'effetle 7 janvier 2026) par Madame Aude MOUGINOT en qualit\u00e9 de co-g\u00e9rante, pour l'organisme SARL COMO03 (franchise BABYCHOU SERVICES) dont l'\u00e9tablissement principal est situ\u00e9 4, Avenue Victoria \u00e0 VICHY(03200) et enregistr\u00e9 sous le N\u00b0 SAP 891935066 pour les activit\u00e9s suivantes :Activit\u00e9 relevant uniquement de la d\u00e9claration (mode prestataire et mandataire) :e Garde d'enfants de plus de 3 ans \u00e0 domicileActivit\u00e9 relevant de la d\u00e9claration et soumise \u00e0 agr\u00e9ment de l'\u00c9tat (mode prestataire et mandataire) :\u00a2 Garde d'enfants de moins de 3 ans \u00e0 domicile (y compris enfants handicap\u00e9s de moins de 18 ans) (03)\u00a2 Accompagnement des enfants de moins de 3 ans ou de moins de 18 ans handicap\u00e9s (03)Toute modification concernant les activit\u00e9s exerc\u00e9es devra faire l'objet d'une d\u00e9claration modificativepr\u00e9alable.Sous r\u00e9serve d'\u00eatre exerc\u00e9es \u00e0 titre exclusif (ou sous r\u00e9serve d'une comptabilit\u00e9 s\u00e9par\u00e9e pour les personnesmorales dispens\u00e9es de cette condition), ces activit\u00e9s ouvrent droit au b\u00e9n\u00e9fice des dispositions des articlesL.7233-2 du code du travail et L.241-10 du code de la s\u00e9curit\u00e9 sociale dans les conditions pr\u00e9vues par cesarticles.Les effets de la d\u00e9claration courent \u00e0 compter du jour du d\u00e9p\u00f4t de la d\u00e9claration sous r\u00e9serve des dispositionsde l'article R.7232-18 du code du travail.Toutefois, en application des articles L.7232-1 et R.7232-1 \u00e0 R.7232-15, les activit\u00e9s n\u00e9cessitant un agr\u00e9ment(I de l'article D.7231-1 du code du travail) n'ouvrent droit \u00e0 ces dispositions que si la structure a pr\u00e9alablementobtenu l'agr\u00e9ment ou le renouvellement de cet agr\u00e9ment dans le ou les d\u00e9partement(s) d'exercice de sesactivit\u00e9s.Le pr\u00e9sent r\u00e9c\u00e9piss\u00e9 n'est pas limit\u00e9 dans le temps.L'enregistrement de la d\u00e9claration peut \u00eatre retir\u00e9 dans les conditions fix\u00e9es aux articles R.7222 du code du travail.Le pr\u00e9sent r\u00e9c\u00e9piss\u00e9 est publi\u00e9 au recueil des actes administratifs de la Pr\u00e9fecture deFait \u00e0 Yzeure, le 7 janvierPour le Pr\u00e9fet,P/Le DDETS-PP dLe Chef de serviceDidier FREYCENON\n03_UDDIRECCTE_Unit\u00e9 d\u00e9partementale de la Direction r\u00e9gionale des entreprises, de la concurrence, de la consommation, du travail\net de l'emploi de l'Allier - 03-2026-01-07-00007 - D\u00e9cl COMO 03 82\nLa pr\u00e9sente d\u00e9cision peut, \u00e0 compter de sa publication, faire l'objet d'un recours gracieux aupr\u00e8s de la DDETSPP- Direction d\u00e9partementale de l'emploi, du travail, des solidarit\u00e9s et de la protection des populations del'Allier ou d'un recours hi\u00e9rarchique adress\u00e9 au ministre charg\u00e9 de l'\u00e9conomie - Direction g\u00e9n\u00e9rale desentreprises - sous-direction des services marchands, 6, rue Louise Weiss, 75703 Paris cedex13.Elle peut \u00e9galement faire l'objet d'un recours contentieux dans un d\u00e9lai de deux mois \u00e0 compter de sapublication aupr\u00e8s du Tribunal Administratif de Clermont Ferrand 6 Cours Sablon 63033 Clermont-FerrandCedex 01.Le tribunal administratifpeut \u00eatre saisi par l'application informatique \u00ab T\u00e9l\u00e9recours citoyen \u00bb accessible surle site internet www.telerecours.fr.En cas de rejet du recours gracieux ou hi\u00e9rarchique ou en l'absence de r\u00e9ponse \u00e0 ce recours (rejet implicite),un recours contentieux devant le tribunal administratifpeut \u00e9galement \u00eatre form\u00e9 contre la d\u00e9cision initialedans un d\u00e9lai de deux mois \u00e0 compter de ce rejet.\n03_UDDIRECCTE_Unit\u00e9 d\u00e9partementale de la Direction r\u00e9gionale des entreprises, de la concurrence, de la consommation, du travail\net de l'emploi de l'Allier - 03-2026-01-07-00007 - D\u00e9cl COMO 03 83\n03_UDDIRECCTE_Unit\u00e9 d\u00e9partementale de la\nDirection r\u00e9gionale des entreprises, de la\nconcurrence, de la consommation, du travail et\nde l'emploi de l'Allier\n03-2026-01-07-00005\nD\u00e9cl COMO 63\n03_UDDIRECCTE_Unit\u00e9 d\u00e9partementale de la Direction r\u00e9gionale des entreprises, de la concurrence, de la consommation, du travail\net de l'emploi de l'Allier - 03-2026-01-07-00005 - D\u00e9cl COMO 63 84\nEE =Libert\u00e9 + \u00c9galit\u00e9 \u00a9 Fraternit\u00e9REPUBLIQUE FRANCAISEPREFET DE L'ALLIERDIRECTION DEPARTEMENTALE DE L'EMPLOI,DU TRAVAIL, DES SOLIDARITES ETDE LA PROTECTION DES POPULATIONS20 Rue Aristide Briand \u2014 CS 6004203402 Yzeure Cedex\nR\u00e9c\u00e9piss\u00e9 modificatif de d\u00e9clarationd'un organisme de services \u00e0 la personneenregistr\u00e9 sous le N\u00b0 SAP 800064107Vu le code du travail et notamment les articles L.7231-1 \u00e0 L.7233-2, R.7232-16 \u00e0 R.7232-22, D.7231-1 etD.7233-1 \u00e0 D.7233-5;Vu le code de l'action sociale et des familles, notamment l'article D.312-6-2 ;Vu la demande de renouvellement d'agr\u00e9ment d\u00e9pos\u00e9e par Monsieur COGNET Jean-Philippe, en qualit\u00e9 de co-g\u00e9rant de SARL COMO 63 (franchise BABYCHOU SERVICES) en date du 05 novembre 2025Le Pr\u00e9fet de l'Allier, Chevalier de l'ordre national du M\u00e9riteConstate :Qu'une d\u00e9claration d'activit\u00e9s de services \u00e0 la personne a \u00e9t\u00e9 d\u00e9pos\u00e9e aupr\u00e8s de la DDETS PP - Directiond\u00e9partementale de l'emploi, du travail, des solidarit\u00e9s et de la protection des populations de l'Allier (date d'effetle 7 janvier 2026) par Monsieur COGNET Jean-Philippe en qualit\u00e9 de co-g\u00e9rant, pour l'organisme SARL COMO63 (franchise BABYCHOU SERVICES) dont l'\u00e9tablissement principal est situ\u00e9 4, Avenue Victoria \u00e0 VICHY(03200) et enregistr\u00e9 sous le N\u00b0 SAP 800064107 pour les activit\u00e9s suivantes :Activit\u00e9 relevant uniquement de la d\u00e9claration (mode prestataire et mandataire) :\u00b0 Garde d'enfants de plus de 3 ans \u00e0 domicile\u00b0 Accompagnement des enfants de plus de 3 ans dans leurs d\u00e9placementsActivit\u00e9 relevant de la d\u00e9claration et soumise \u00e0 agr\u00e9ment de l'\u00c9tat (mode prestataire et mandataire) :\u00a2 Garde d'enfants de moins de 3 ans \u00e0 domicile (y compris enfants handicap\u00e9s de moins de 18 ans) (03) (63)* Accompagnement des enfants de moins de 3 ans ou de moins de 18 ans handicap\u00e9s (03) (63)Toute modification concernant les activit\u00e9s exerc\u00e9es devra faire l'objet d'une d\u00e9claration modificative pr\u00e9alable.Sous r\u00e9serve d'\u00eatre exerc\u00e9es \u00e0 titre exclusif (ou sous r\u00e9serve d'une comptabilit\u00e9 s\u00e9par\u00e9e pour les personnesmorales dispens\u00e9es de cette condition), ces activit\u00e9s ouvrent droit au b\u00e9n\u00e9fice des dispositions des articlesL.7233-2 du code du travail et L.241-10 du code de la s\u00e9curit\u00e9 sociale dans les conditions pr\u00e9vues par ces articles.Les effets de la d\u00e9claration courent \u00e0 compter du jour du d\u00e9p\u00f4t de la d\u00e9claration sous r\u00e9serve des dispositions del'article R.7232-18 du code du travail.Toutefois, en application des articles L.7232-1 et R.7232-1 \u00e0 R.7232-15, les activit\u00e9s n\u00e9cessitant un agr\u00e9ment (Ide l'article D.7231-1 du code du travail) n'ouvrent droit \u00e0 ces dispositions que si la structure a pr\u00e9alablementobtenu l'agr\u00e9ment ou le renouvellement de cet agr\u00e9ment dans le ou les d\u00e9partement(s) d'exercice de ses activit\u00e9s.Le pr\u00e9sent r\u00e9c\u00e9piss\u00e9 n'est pas limit\u00e9 dans le temps.L'enregistrement de la d\u00e9claration peut \u00eatre retir\u00e9 dans les conditions fix\u00e9es aux articles R,7232-20 \u00e0 R.7232-22du code du travail.Le pr\u00e9sent r\u00e9c\u00e9piss\u00e9 est publi\u00e9 au recueil des actes administratifs de la Pr\u00e9fectuFait \u00e0 Yzeure, le 7 janvi\u00e9r 2026Pour le Pr\u00e9fet,\n03_UDDIRECCTE_Unit\u00e9 d\u00e9partementale de la Direction r\u00e9gionale des entreprises, de la concurrence, de la consommation, du travail\net de l'emploi de l'Allier - 03-2026-01-07-00005 - D\u00e9cl COMO 63 85\nLa pr\u00e9sente d\u00e9cision peut, \u00e0 compter de sa publication, faire l'objet d'un recours gracieux aupr\u00e8s de la DDETSPP- Direction d\u00e9partementale de l'emploi, du travail, des solidarit\u00e9s et de la protection des populations del'Allier ou d'un recours hi\u00e9rarchique adress\u00e9 au ministre charg\u00e9 de l'\u00e9conomie - Direction g\u00e9n\u00e9rale desentreprises - sous-direction des services marchands, 6, rue Louise Weiss, 75703 Paris cedex13.Elle peut \u00e9galementfaire l'objet d'un recours contentieux dans un d\u00e9lai de deux mois \u00e0 compter de sa publicationaupr\u00e8s du Tribunal Administratif de Clermont Ferrand 6 Cours Sablon 63033 Clermont-Ferrand Cedex 01.Le tribunal administratifpeut \u00eatre saisi par l'application informatique \u00ab T\u00e9l\u00e9recours citoyen \u00bb accessible sur lesite internet www.telerecours.fr.En cas de rejet du recours gracieux ou hi\u00e9rarchique ou en l'absence de r\u00e9ponse \u00e0 ce recours (rejet implicite),un recours contentieux devant le tribunal administratifpeut \u00e9galement \u00eatre form\u00e9 contre la d\u00e9cision initiale dansun d\u00e9lai de deux mois \u00e0 compter de ce rejet.\n03_UDDIRECCTE_Unit\u00e9 d\u00e9partementale de la Direction r\u00e9gionale des entreprises, de la concurrence, de la consommation, du travail\net de l'emploi de l'Allier - 03-2026-01-07-00005 - D\u00e9cl COMO 63 86\n03_UDDIRECCTE_Unit\u00e9 d\u00e9partementale de la\nDirection r\u00e9gionale des entreprises, de la\nconcurrence, de la consommation, du travail et\nde l'emploi de l'Allier\n03-2026-01-15-00008\nD\u00e9cl GRECO Laura\n03_UDDIRECCTE_Unit\u00e9 d\u00e9partementale de la Direction r\u00e9gionale des entreprises, de la concurrence, de la consommation, du travail\net de l'emploi de l'Allier - 03-2026-01-15-00008 - D\u00e9cl GRECO Laura 87\nEE =Libert\u00e9 + \u00c9galit\u00e9 \u00ab Fraternit\u00e9R\u00c9PUBLIQUE FRAN\u00c7AISEPR\u00c9FET DE L'ALLIERDIRECTION DEPARTEMENTALE DE L'EMPLOI,DU TRAVAIL, DES SOLIDARITES ETDE LA PROTECTION DES POPULATIONS20 rue Aristide Briand \u2014 CS 6004203402 Yzeure Cedex R\u00e9c\u00e9piss\u00e9 de d\u00e9clarationd'un organisme de services \u00e0 la personneenregistr\u00e9 sous le N\u00b0 SAP 999581028Vu le code du travail et notamment les articles L.7231-1 \u00e0 L.7233-2, R.7232-16 \u00e0 R.7232-22, D.7231-1 etD.7233-1 \u00e0 D.7233-5;Le pr\u00e9fet de l'Allier, Chevalier de l'ordre national du M\u00e9riteConstate :Qu'une d\u00e9claration d'activit\u00e9s de services \u00e0 la personne a \u00e9t\u00e9 d\u00e9pos\u00e9e aupr\u00e8s de la DDETS PP - Directiond\u00e9partementale de l'emploi, du travail, des solidarit\u00e9s et de la protection des populations de l'Allier, par MadameLaura GRECO en qualit\u00e9 de responsable pour l'organisme GRECO Laura (nom commercial : Laura Services)dont l'\u00e9tablissement principal est situ\u00e9 14 Avenue des C\u00e9lestins \u00e0 VICHY (03200) et enregistr\u00e9 sous le N\u00b0 SAP999581028 pour l'activit\u00e9 suivante (date d'effet le 14 janvier 2026) :Activit\u00e9 relevant uniquement de la d\u00e9claration (mode prestataire) :- Garde d'enfants de plus de 3 ans \u00e0 domicile- Entretien de la maison et travaux m\u00e9nagers- Pr\u00e9paration de repas \u00e0 domicile, y compris le temps pass\u00e9 aux courses- Livraison de courses \u00e0 domicile- Soins d'esth\u00e9tique \u00e0 domicile pour les personnes d\u00e9pendantes- Soins et promenade(s) d'animaux de compagnie- Assistance aux personnes temporairement d\u00e9pendantesToute modification concernant les activit\u00e9s exerc\u00e9es devra faire l'objet d'une d\u00e9claration modificative pr\u00e9alable.Sous r\u00e9serve d'\u00eatre exerc\u00e9es \u00e0 titre exclusif (ou sous r\u00e9serve d'une comptabilit\u00e9 s\u00e9par\u00e9e pour les personnesmorales dispens\u00e9es de cette condition), ces activit\u00e9s ouvrent droit au b\u00e9n\u00e9fice des dispositions des articlesL.7233-2 du code du travail et L.241-10 du code de la s\u00e9curit\u00e9 sociale dans les conditions pr\u00e9vues par ces articles.Les effets de la d\u00e9claration courent \u00e0 compter du jour du d\u00e9p\u00f4t de la d\u00e9claration sous r\u00e9serve des dispositions del'article R.7232-18 du code du travail.Le pr\u00e9sent r\u00e9c\u00e9piss\u00e9 n'est pas limit\u00e9 dans le temps.L'enregistrement de la d\u00e9claration peut \u00eatre retir\u00e9 dans les conditions fix\u00e9es aux articles R.7232-20 \u00e0 R.7232-22du code du travail.Le pr\u00e9sent r\u00e9c\u00e9piss\u00e9 est publi\u00e9 au recueil des actes administratifs de la Pr\u00e9fecture de l'Allier.Fait \u00e0 Yzeure, le 15 janvier 2026Pour le Pr\u00e9fet et par d\u00e9l\u00e9gation,P/Le DDETS-PP-de l'Allier,\n03_UDDIRECCTE_Unit\u00e9 d\u00e9partementale de la Direction r\u00e9gionale des entreprises, de la concurrence, de la consommation, du travail\net de l'emploi de l'Allier - 03-2026-01-15-00008 - D\u00e9cl GRECO Laura 88\nLa pr\u00e9sente d\u00e9cision peut, \u00e0 compter de sa publication, faire l'objet d'un recours gracieux aupr\u00e8s de la DDETSPP- Direction d\u00e9partementale de l'emploi, du travail, des solidarit\u00e9s et de la protection des populations del'Allier ou d'un recours hi\u00e9rarchique adress\u00e9 au ministre charg\u00e9 de l'\u00e9conomie - Direction g\u00e9n\u00e9rale desentreprises - sous-direction des services marchands, 6, rue Louise Weiss, 75703 Paris cedex13.Elle peut \u00e9galementfaire l'objet d'un recours contentieux dans un d\u00e9lai de deux mois \u00e0 compter de sa publicationaupr\u00e8s du Tribunal Administratif de Clermont Ferrand 6 Cours Sablon 63033 Clermont-Ferrand Cedex 01.Le tribunal administratifpeut \u00eatre saisi par l'application informatique \u00ab T\u00e9l\u00e9recours citoyen \u00bb accessible sur lesite internet www.telerecours.fr.En cas de rejet du recours gracieux ou hi\u00e9rarchique ou en l'absence de r\u00e9ponse \u00e0 ce recours (rejet implicite),un recours contentieux devant le tribunal administratifpeut \u00e9galement \u00eatre form\u00e9 contre la d\u00e9cision initiale dansun d\u00e9lai de deux mois \u00e0 compter de ce rejet.\n03_UDDIRECCTE_Unit\u00e9 d\u00e9partementale de la Direction r\u00e9gionale des entreprises, de la concurrence, de la consommation, du travail\net de l'emploi de l'Allier - 03-2026-01-15-00008 - D\u00e9cl GRECO Laura 89\n03_UDDIRECCTE_Unit\u00e9 d\u00e9partementale de la\nDirection r\u00e9gionale des entreprises, de la\nconcurrence, de la consommation, du travail et\nde l'emploi de l'Allier\n03-2026-01-27-00003\nD\u00e9cl ROUSSEAU Patrice\n03_UDDIRECCTE_Unit\u00e9 d\u00e9partementale de la Direction r\u00e9gionale des entreprises, de la concurrence, de la consommation, du travail\net de l'emploi de l'Allier - 03-2026-01-27-00003 - D\u00e9cl ROUSSEAU Patrice 90\nEsLibert\u00e9 \u00bb \u00c9galit\u00e9 \u00bb Fraternit\u00e9R\u00c9PUBLIQUE FRAN\u00c7AISEPR\u00c9FET DE L'ALLIERDIRECTION DEPARTEMENTALE DE L'EMPLOI,DU TRAVAIL, DES SOLIDARITES ETDE LA PROTECTION DES POPULATIONS20 rue Aristide Briand \u2014 CS 6004203402 Yzeure Cedex\nR\u00e9c\u00e9piss\u00e9 de d\u00e9clarationd'un organisme de services \u00e0 la personneenregistr\u00e9 sous le N\u00b0 SAP 990129850Vu le code du travail et notamment les articles L.7231-1 \u00e0 L.7233-2, R.7232-16 \u00e0 R.7232-22, D.7231-1 etD.7233-1 \u00e0 D.7233-5;Le pr\u00e9fet de l'Allier, Chevalier de l'ordre national du M\u00e9riteConstate :Qu'une d\u00e9claration d'activit\u00e9s de services \u00e0 la personne a \u00e9t\u00e9 d\u00e9pos\u00e9e aupr\u00e8s de la DDETS PP - Directiond\u00e9partementale de l'emploi, du travail, des solidarit\u00e9s et de la protection des populations de l'Allier, par MonsieurROUSSEAU Patrice en qualit\u00e9 de responsable pour l'organisme ROUSSEAU Patrice (nom commercial : RPGentreprise) dont l'\u00e9tablissement principal est situ\u00e9 83 Rue de Marignon \u00e0 MONTLU\u00c7ON (03600) et enregistr\u00e9sous le N\u00b0 SAP 990129850 pour l'activit\u00e9 suivante (date d'effet le 25 janvier 2026) : |Activit\u00e9 relevant uniquement de la d\u00e9claration (mode prestataire) :- Petits travaux de jardinage- Assistance informatique \u00e0 domicileToute modification concernant les activit\u00e9s exerc\u00e9es devra faire l'objet d'une d\u00e9claration modificative pr\u00e9alable.Sous r\u00e9serve d'\u00eatre exerc\u00e9es \u00e0 titre exclusif (ou sous r\u00e9serve d'une comptabilit\u00e9 s\u00e9par\u00e9e pour les personnesmorales dispens\u00e9es de cette condition), ces activit\u00e9s ouvrent droit au b\u00e9n\u00e9fice des dispositions des articlesL.7233-2 du code du travail et L.241-10 du code de la s\u00e9curit\u00e9 sociale dans les conditions pr\u00e9vues par ces articles.Les effets de la d\u00e9claration courent \u00e0 compter du jour du d\u00e9p\u00f4t de la d\u00e9claration sous r\u00e9serve des dispositions del'article R.7232-18 du code du travail.Le pr\u00e9sent r\u00e9c\u00e9piss\u00e9 n'est pas limit\u00e9 dans le temps.L'enregistrement de la d\u00e9claration peut \u00eatre retir\u00e9 dans les conditions fix\u00e9es aux articles R.7232-20 \u00e0 R.7232-22du code du travail.Le pr\u00e9sent r\u00e9c\u00e9piss\u00e9 est publi\u00e9 au recueil des actes administratifs de la Pr\u00e9fecture de |' Allier.Fait \u00e0 Yzeure, le 27 janvier 2026Pour le Pr\u00e9fet et par d\u00e9l\u00e9gation, =P/Le DDETS-PP deT'Allier, =\"Le Chef de service LTDidier FREY CENON\n03_UDDIRECCTE_Unit\u00e9 d\u00e9partementale de la Direction r\u00e9gionale des entreprises, de la concurrence, de la consommation, du travail\net de l'emploi de l'Allier - 03-2026-01-27-00003 - D\u00e9cl ROUSSEAU Patrice 91\nLa pr\u00e9sente d\u00e9cision peut, \u00e0 compter de sa publication, faire l'objet d'un recours gracieux aupr\u00e8s de la DDETSPP- Direction d\u00e9partementale de l'emploi, du travail, des solidarit\u00e9s et de la protection des populations del'Allier ou d'un recours hi\u00e9rarchique adress\u00e9 au ministre charg\u00e9 de l'\u00e9conomie - Direction g\u00e9n\u00e9rale desentreprises - sous-direction des services marchands, 6, rue Louise Weiss, 75703 Paris cedex13.Elle peut \u00e9galementfaire l'objet d'un recours contentieux dans un d\u00e9lai de deux mois \u00e0 compter de sa publicationaupr\u00e8s du Tribunal Administratif de Clermont Ferrand 6 Cours Sablon 63033 Clermont-Ferrand Cedex 01.Le tribunal administratifpeut \u00eatre saisi par l'application informatique \u00ab T\u00e9l\u00e9recours citoyen \u00bb accessible sur lesite internet www.telerecours.fr.En cas de rejet du recours gracieux ou hi\u00e9rarchique ou en l'absence de r\u00e9ponse \u00e0 ce recours (rejet implicite),un recours contentieux devant le tribunal administratifpeut \u00e9galement \u00eatre form\u00e9 contre la d\u00e9cision initiale dansun d\u00e9lai de deux mois \u00e0 compter de ce rejet.\n03_UDDIRECCTE_Unit\u00e9 d\u00e9partementale de la Direction r\u00e9gionale des entreprises, de la concurrence, de la consommation, du travail\net de l'emploi de l'Allier - 03-2026-01-27-00003 - D\u00e9cl ROUSSEAU Patrice 92\n03_UDDIRECCTE_Unit\u00e9 d\u00e9partementale de la\nDirection r\u00e9gionale des entreprises, de la\nconcurrence, de la consommation, du travail et\nde l'emploi de l'Allier\n03-2026-01-27-00002\nD\u00e9cl SAILLANT C\u00e9dric\n03_UDDIRECCTE_Unit\u00e9 d\u00e9partementale de la Direction r\u00e9gionale des entreprises, de la concurrence, de la consommation, du travail\net de l'emploi de l'Allier - 03-2026-01-27-00002 - D\u00e9cl SAILLANT C\u00e9dric 93\nEE =Libert\u00e9+ \u00c9galit\u00e9 + Fraternit\u00e9R\u00c9PUBLIQUE FRAN\u00c7AISEPR\u00c9FET DE L'ALLIERDIRECTION DEPARTEMENTALE DE L'EMPLOI,DU TRAVAIL, DES SOLIDARITES ETDE LA PROTECTION DES POPULATIONS20 rue Aristide Briand \u2014 CS 6004203402 Yzeure Cedex\nR\u00e9c\u00e9piss\u00e9 de d\u00e9clarationd'un organisme de services \u00e0 la personneenregistr\u00e9 sous le N\u00b0 SAP 990310864Vu le code du travail et notamment les articles L.7231-1 \u00e0 L.7233-2, R.7232-16 \u00e0 R.7232-22, D.7231-1 etD.7233-1 \u00e0 D.7233-5;Le pr\u00e9fet de l'Allier, Chevalier de l'ordre national du M\u00e9riteConstate :Qu'une d\u00e9claration d'activit\u00e9s de services \u00e0 la personne a \u00e9t\u00e9 d\u00e9pos\u00e9e aupr\u00e8s de la DDETS PP - Directiond\u00e9partementale de l'emploi, du travail, des solidarit\u00e9s et de la protection des populations de l'Allier, par MonsieurSAILLANT C\u00e9dric en qualit\u00e9 de responsable pour l'organisme C\u00e9dric SAILLANT dont l'\u00e9tablissement principalest situ\u00e9 6 Chemin du Moulin Theux \u00e0 LA GUILLERMIE (03250) et enregistr\u00e9 sous le N\u00b0 SAP 9903 10864 pourl'activit\u00e9 suivante (date d'effet le 05 janvier 2026) :Activit\u00e9 relevant uniquement de la d\u00e9claration (mode prestataire) :- Entretien de la maison et travaux m\u00e9nagers- Petits travaux de jardinage- Travaux de petit bricolage- Pr\u00e9paration de repas \u00e0 domicileToute modification concernant les activit\u00e9s exerc\u00e9es devra faire l'objet d'une d\u00e9claration modificative pr\u00e9alable.Sous r\u00e9serve d'\u00eatre exerc\u00e9es \u00e0 titre exclusif (ou sous r\u00e9serve d'une comptabilit\u00e9 s\u00e9par\u00e9e pour les personnesmorales dispens\u00e9es de cette condition), ces activit\u00e9s ouvrent droit au b\u00e9n\u00e9fice des dispositions des articlesL.7233-2 du code du travail et L.241-10 du code de la s\u00e9curit\u00e9 sociale dans les conditions pr\u00e9vues par ces articles.Les effets de la d\u00e9claration courent \u00e0 compter du jour du d\u00e9p\u00f4t de la d\u00e9claration sous r\u00e9serve des dispositions del'article R.7232-18 du code du travail.Le pr\u00e9sent r\u00e9c\u00e9piss\u00e9.n'est pas limit\u00e9 dans le temps._ L'enregistrement de la d\u00e9claration peut \u00eatre retir\u00e9 dans les conditions fix\u00e9es aux articles R.7232-20 \u00e0 R.7232-22du code du travail. :Le pr\u00e9sent r\u00e9c\u00e9piss\u00e9 est publi\u00e9 au recueil des actes administratifs de la Pr\u00e9fecture de l'Allier.Fait \u00e0 Yzeure, le 27 janvier 2026 2Pour le Pr\u00e9fet et par d\u00e9l\u00e9gation, ~P/Le DDETS-PP de l'Allier,\"Le Chef de service LA\nDidier FREYCENON\u20ac\n03_UDDIRECCTE_Unit\u00e9 d\u00e9partementale de la Direction r\u00e9gionale des entreprises, de la concurrence, de la consommation, du travail\net de l'emploi de l'Allier - 03-2026-01-27-00002 - D\u00e9cl SAILLANT C\u00e9dric 94\nLa pr\u00e9sente d\u00e9cision peut, \u00e0 compter de sa publication, faire l'objet d'un recours gracieux aupr\u00e8s de la DDETSPP- Direction d\u00e9partementale de l'emploi, du travail, des solidarit\u00e9s et de la protection des populations del'Allier ou d'un recours hi\u00e9rarchique adress\u00e9 au ministre charg\u00e9 de l'\u00e9conomie - Direction g\u00e9n\u00e9rale desentreprises - sous-direction des services marchands, 6, rue Louise Weiss, 75703 Paris cedex13.Elle peut \u00e9galementfaire l'objet d'un recours contentieux dans un d\u00e9lai de deux mois \u00e0 compter de sa publicationaupr\u00e8s du Tribunal Administratif de Clermont Ferrand 6 Cours Sablon 63033 Clermont-Ferrand Cedex 01.Le tribunal administratifpeut \u00eatre saisi par l'application informatique \u00ab T\u00e9l\u00e9recours citoyen \u00bb accessible sur lesite internet Www.telerecours.fr.En cas de rejet du recours gracieux ou hi\u00e9rarchique ou en l'absence de r\u00e9ponse \u00e0 ce recours (rejet implicite),un recours contentieux devant le tribunal administratifpeut \u00e9galement \u00eatre form\u00e9 contre la d\u00e9cision initiale dansun d\u00e9lai de deux mois \u00e0 compter de ce rejet.\n03_UDDIRECCTE_Unit\u00e9 d\u00e9partementale de la Direction r\u00e9gionale des entreprises, de la concurrence, de la consommation, du travail\net de l'emploi de l'Allier - 03-2026-01-27-00002 - D\u00e9cl SAILLANT C\u00e9dric 95\n03_UDDIRECCTE_Unit\u00e9 d\u00e9partementale de la\nDirection r\u00e9gionale des entreprises, de la\nconcurrence, de la consommation, du travail et\nde l'emploi de l'Allier\n03-2026-01-27-00005\nD\u00e9cl SANS Virginie\n03_UDDIRECCTE_Unit\u00e9 d\u00e9partementale de la Direction r\u00e9gionale des entreprises, de la concurrence, de la consommation, du travail\net de l'emploi de l'Allier - 03-2026-01-27-00005 - D\u00e9cl SANS Virginie 96\nEE =Libert\u00e9 \u00bb \u00c9galit\u00e9 \u00ab Fraternit\u00e9R\u00c9PUBLIQUE FRAN\u00c7AISEPREFET DE L'ALLIERDIRECTION DEPARTEMENTALE DE L'EMPLOI,DU TRAVAIL, DES SOLIDARITES ETDE LA PROTECTION DES POPULATIONS20 rue Aristide Briand \u2014 CS 6004203402 Yzeure Cedex\nR\u00e9c\u00e9piss\u00e9 de d\u00e9clarationd'un organisme de services \u00e0 la personneenregistr\u00e9 sous le N\u00b0 SAP 424098614Vu le code du travail et notamment les articles L.7231-1 \u00e0 L.7233-2, R.7232-16 \u00e0 R.7232-22, D.7231-1 etD.7233-1 a D.7233-5;Le pr\u00e9fet de Il' Allier, Chevalier de l'ordre national du M\u00e9riteConstate :Qu'une d\u00e9claration d'activit\u00e9s de services \u00e0 la personne a \u00e9t\u00e9 d\u00e9pos\u00e9e aupr\u00e8s de la DDETS PP - Directiond\u00e9partementale de l'emploi, du travail, des solidarit\u00e9s et de la protection des populations de l'Allier, par MadameVirginie SANS en qualit\u00e9 de responsable pour l'organisme SANS Virginie (nom commercial : Papier SansSoucis) dont l'\u00e9tablissement principal est situ\u00e9 527 Route de Crozat \u00e0 SAINT-GENEST (03310) et enregistr\u00e9sous le N\u00b0 SAP 424098614 pour l'activit\u00e9 suivante (date d'effet le 23 janvier 2026) :Activit\u00e9 relevant uniquement de la d\u00e9claration (mode prestataire) :- Assistance administrative \u00e0 domicileToute modification concernant les activit\u00e9s exerc\u00e9es devra faire l'objet d'une d\u00e9claration modificative pr\u00e9alable.Sous r\u00e9serve d'\u00eatre exerc\u00e9es \u00e0 titre exclusif (ou sous r\u00e9serve d'une comptabilit\u00e9 s\u00e9par\u00e9e pour les personnesmorales dispens\u00e9es de cette condition), ces activit\u00e9s ouvrent droit au b\u00e9n\u00e9fice des dispositions des articlesL.7233-2 du code du travail et L.241-10 du code de la s\u00e9curit\u00e9 sociale dans les conditions pr\u00e9vues par ces articles.Les effets de la d\u00e9claration courent \u00e0 compter du jour du d\u00e9p\u00f4t de la d\u00e9claration sous r\u00e9serve des dispositions del'article R.7232-18 du code du travail.Le pr\u00e9sent r\u00e9c\u00e9piss\u00e9 n'est pas limit\u00e9 dans le temps.L'enregistrement de la d\u00e9claration peut \u00eatre retir\u00e9 dans les conditions fix\u00e9es aux articles R.7232-20 \u00e0 R.7232-22du code du travail. |Le pr\u00e9sent r\u00e9c\u00e9piss\u00e9 est publi\u00e9 au recueil des actes administratifs de la Pr\u00e9fecture de |' Allier.Fait \u00e0 Yzeure, le 27 janvier 2026Pour le Pr\u00e9fet et par d\u00e9l\u00e9gatioP/Le DDETS-PP de l'AllieLe Chef de service\nereaDidier FRE\n03_UDDIRECCTE_Unit\u00e9 d\u00e9partementale de la Direction r\u00e9gionale des entreprises, de la concurrence, de la consommation, du travail\net de l'emploi de l'Allier - 03-2026-01-27-00005 - D\u00e9cl SANS Virginie 97\nLa pr\u00e9sente d\u00e9cision peut, \u00e0 compter de sa publication, faire l'objet d'un recours gracieux aupr\u00e8s de la DDETSPP- Direction d\u00e9partementale de l'emploi, du travail, des solidarit\u00e9s et de la protection des populations del'Allier ou d'un recours hi\u00e9rarchique adress\u00e9 au ministre charg\u00e9 de l'\u00e9conomie - Direction g\u00e9n\u00e9rale desentreprises - sous-direction des services marchands, 6, rue Louise Weiss, 75703 Paris cedex13.Elle peut \u00e9galementfaire l'objet d'un recours contentieux dans un d\u00e9lai de deux mois \u00e0 compter de sa publicationaupr\u00e8s du Tribunal Administratif de Clermont Ferrand 6 Cours Sablon 63033 Clermont-Ferrand Cedex 01.Le tribunal administratifpeut \u00eatre saisi par l'application informatique \u00ab T\u00e9l\u00e9recours citoyen \u00bb accessible sur lesite internet www.telerecours.fr.En cas de rejet du recours gracieux ou hi\u00e9rarchique ou en l'absence de r\u00e9ponse \u00e0 ce recours (rejet implicite),un recours contentieux devant le tribunal administratifpeut \u00e9galement \u00eatre form\u00e9 contre la d\u00e9cision initiale dansun d\u00e9lai de deux mois \u00e0 compter de ce rejet.\n03_UDDIRECCTE_Unit\u00e9 d\u00e9partementale de la Direction r\u00e9gionale des entreprises, de la concurrence, de la consommation, du travail\net de l'emploi de l'Allier - 03-2026-01-27-00005 - D\u00e9cl SANS Virginie 98\n03_UDDIRECCTE_Unit\u00e9 d\u00e9partementale de la\nDirection r\u00e9gionale des entreprises, de la\nconcurrence, de la consommation, du travail et\nde l'emploi de l'Allier\n03-2026-01-27-00004\nD\u00e9cl VADBLED Leslie\n03_UDDIRECCTE_Unit\u00e9 d\u00e9partementale de la Direction r\u00e9gionale des entreprises, de la concurrence, de la consommation, du travail\net de l'emploi de l'Allier - 03-2026-01-27-00004 - D\u00e9cl VADBLED Leslie 99\nEsLibert\u00e9 + Egalit\u00e9 \u00b0 Fraternit\u00e9R\u00c9PUBLIQUE FRAN\u00c7AISEPR\u00c9FET DE L'ALLIERDIRECTION DEPARTEMENTALE DE L'EMPLOI,DU TRAVAIL, DES SOLIDARITES ETDE LA PROTECTION DES POPULATIONS20 rue Aristide Briand \u2014 CS 6004203402 Yzeure Cedex\nR\u00e9c\u00e9piss\u00e9 de d\u00e9clarationd'un organisme de services \u00e0 la personneenregistr\u00e9 sous le N\u00b0 SAP 843111824Vu le code du travail et notamment les articles L.7231-1 \u00e0 L.7233-2, R.7232-16 \u00e0 R.7232-22, D.7231-1 etD.7233-1 \u00e0 D.7233-5;Le pr\u00e9fet de I' Allier, Chevalier de l'ordre national du M\u00e9riteConstate :Qu'une d\u00e9claration d'activit\u00e9s de services \u00e0 la personne a \u00e9t\u00e9 d\u00e9pos\u00e9e aupr\u00e8s de la DDETS PP - Directiond\u00e9partementale de l'emploi, du travail, des solidarit\u00e9s et de la protection des populations de l'Allier, par MadameLeslie VADBLED en qualit\u00e9 de responsable pour l'organisme VADBLED Leslie (nom commercial : M\u00e9nage \u00e0domicile) dont l'\u00e9tablissement principal est situ\u00e9 72 Cit\u00e9 des Brules \u00e0 COMMENTRY (03600) et enregistr\u00e9 sousle N\u00b0 SAP 843111824 pour l'activit\u00e9 suivante (date d'effet le 23 janvier 2026) :Activit\u00e9 relevant uniquement de la d\u00e9claration (mode prestataire) :- Entretien de la maison et travaux m\u00e9nagersToute modification concernant les activit\u00e9s exerc\u00e9es devra faire l'objet d'une d\u00e9claration modificative pr\u00e9alable.Sous r\u00e9serve d'\u00eatre exerc\u00e9es \u00e0 titre exclusif (ou sous r\u00e9serve d'une comptabilit\u00e9 s\u00e9par\u00e9e pour les personnesmorales dispens\u00e9es de cette condition), ces activit\u00e9s ouvrent droit au b\u00e9n\u00e9fice des dispositions des articlesL.7233-2 du code du travail et L.241-10 du code de la s\u00e9curit\u00e9 sociale dans les conditions pr\u00e9vues par ces articles.Les effets de la d\u00e9claration courent \u00e0 compter du jour du d\u00e9p\u00f4t de la d\u00e9claration sous r\u00e9serve des dispositions del'article R.7232-18 du code du travail.Le pr\u00e9sent r\u00e9c\u00e9piss\u00e9 n'est pas limit\u00e9 dans le temps.L'enregistrement de la d\u00e9claration peut \u00eatre retir\u00e9 dans les conditions fix\u00e9es aux articles R.7232-204 R.7232-22du code du travail.Le pr\u00e9sent r\u00e9c\u00e9piss\u00e9 est publi\u00e9 au recueil des actes administratifs de la Pr\u00e9fecture de I' Allier.Fait \u00e0 Yzeure, le 27 janyter\n03_UDDIRECCTE_Unit\u00e9 d\u00e9partementale de la Direction r\u00e9gionale des entreprises, de la concurrence, de la consommation, du travail\net de l'emploi de l'Allier - 03-2026-01-27-00004 - D\u00e9cl VADBLED Leslie 100\nLa pr\u00e9sente d\u00e9cision peut, \u00e0 compter de sa publication, faire l'objet d'un recours gracieux aupr\u00e8s de la DDETSPP- Direction d\u00e9partementale de l'emploi, du travail, des solidarit\u00e9s et de la protection des populations del'Allier ou d'un recours hi\u00e9rarchique adress\u00e9 au ministre charg\u00e9 de l'\u00e9conomie - Direction g\u00e9n\u00e9rale desentreprises - sous-direction des services marchands, 6, rue Louise Weiss, 75703 Paris cedex13.Elle peut \u00e9galementfaire l'objet d'un recours contentieux dans un d\u00e9lai de deux mois \u00e0 compter de sa publicationaupr\u00e8s du Tribunal Administratif de Clermont Ferrand 6 Cours Sablon 63033 Clermont-Ferrand Cedex 01.Le tribunal administratifpeut \u00eatre saisi par l'application informatique \u00ab T\u00e9l\u00e9recours citoyen \u00bb accessible sur lesite internet www.telerecours.fr.En cas de rejet du recours gracieux ou hi\u00e9rarchique ou en l'absence de r\u00e9ponse \u00e0 ce recours (rejet implicite),un recours contentieux devant le tribunal administratifpeut \u00e9galement \u00eatreform\u00e9 contre la d\u00e9cision initiale dansun d\u00e9lai de deux mois \u00e0 compter de ce rejet.\n03_UDDIRECCTE_Unit\u00e9 d\u00e9partementale de la Direction r\u00e9gionale des entreprises, de la concurrence, de la consommation, du travail\net de l'emploi de l'Allier - 03-2026-01-27-00004 - D\u00e9cl VADBLED Leslie 101\n84_DREAL_Direction r\u00e9gionale de\nl'environnement, de l'am\u00e9nagement et du\nlogement d'Auvergne-Rh\u00f4ne-Alpes\n03-2026-01-05-00002\nArr\u00eat\u00e9 interpr\u00e9fectoral\nn\u00b0DREAL-AURA-EHN-2026-1 portant d\u00e9rogation\naux dispositions de l'article L.411-1 du code de\nl'environnement pour\u00a0capture suivie d'un\nrel\u00e2cher imm\u00e9diat sur place d'esp\u00e8ces animales\nprot\u00e9g\u00e9es \n(amphibiens, insectes, reptiles et mollusques)\n84_DREAL_Direction r\u00e9gionale de l'environnement, de l'am\u00e9nagement et du logement d'Auvergne-Rh\u00f4ne-Alpes -\n03-2026-01-05-00002 - Arr\u00eat\u00e9 interpr\u00e9fectoral n\u00b0DREAL-AURA-EHN-2026-1 portant d\u00e9rogation aux dispositions de l'article L.411-1 du\ncode de l'environnement pour\u00a0capture suivie d'un rel\u00e2cher imm\u00e9diat sur place d'esp\u00e8ces animales prot\u00e9g\u00e9es \n(amphibiens, insectes, reptiles et mollusques)\n102\n| |PREFETEDE LA REGIONAUVERGNE-RHONE-ALPESLibert\u00e9Egalit\u00e9Fraternit\u00e9\nLyon, le 5 janvier 2026\nArr\u00eat\u00e9 interpr\u00e9fectoral n\u00b0DREAL-AURA-EHN-2026-1\nportant d\u00e9rogation aux dispositions de l'article L.411-1 du code de l'environnement pour\u00a0: \ncapture suivie d'un rel\u00e2cher imm\u00e9diat sur place d'esp\u00e8ces animales prot\u00e9g\u00e9es \n(amphibiens, insectes, reptiles et mollusques)\nB\u00e9n\u00e9ficiaire\u00a0: R\u00e9gion Auvergne-Rh\u00f4ne-Alpes\nLE PR\u00c9FET DE L'AIN,\nLE PR\u00c9FET DE L'ALLIER\nChevalier de l'ordre national du M\u00e9rite,\nLE PR\u00c9FET DE L'ARD\u00c8CHE\nLE PR\u00c9FET DU CANTAL,\nOfficier de l'ordre national du M\u00e9rite\nLA PR\u00c9F\u00c8TE DE LA DR\u00d4ME\nChevalier de la L\u00e9gion d'honneur\nChevalier de l'ordre national du M\u00e9rite\nLA PR\u00c9F\u00c8TE DE L'IS\u00c8RE,\nChevalier de la L\u00e9gion d'honneur,\nChevalier de l'ordre national du M\u00e9rite \nLE PR\u00c9FET DE LA HAUTE-LOIRE\nChevalier de l'ordre national du M\u00e9rite\nChevalier de l'ordre du M\u00e9rite agricole \nLE PR\u00c9FET DU PUY-DE-D\u00d4ME\nChevalier de la L\u00e9gion d'honneur,\nChevalier de l'ordre national du M\u00e9rite\nLA PR\u00c9F\u00c8TE DE LA R\u00c9GION AUVERGNE-RH\u00d4NE-ALPES, \nPR\u00c9F\u00c8TE DU RH\u00d4NE\nCommandeur de la L\u00e9gion d'honneur\nCommandeur de l'ordre national du M\u00e9rite\nLA PR\u00c9F\u00c8TE DE LA SAVOIE,\nChevalier de la L\u00e9gion d'honneur\nOfficier de l'Ordre national du M\u00e9rite\nAdresse postale : 69453 LYON CEDEX 06\nStandard : 04 26 28 60 00 - www.auvergne-rhone-alpes.developpement-durable.gouv.fr page 1/8\nDirection r\u00e9gionale de l'environnement,\nde l'am\u00e9nagement et du logement\nAuvergne-Rh\u00f4ne-Alpes\n84_DREAL_Direction r\u00e9gionale de l'environnement, de l'am\u00e9nagement et du logement d'Auvergne-Rh\u00f4ne-Alpes -\n03-2026-01-05-00002 - Arr\u00eat\u00e9 interpr\u00e9fectoral n\u00b0DREAL-AURA-EHN-2026-1 portant d\u00e9rogation aux dispositions de l'article L.411-1 du\ncode de l'environnement pour\u00a0capture suivie d'un rel\u00e2cher imm\u00e9diat sur place d'esp\u00e8ces animales prot\u00e9g\u00e9es \n(amphibiens, insectes, reptiles et mollusques)\n103\nVU le code de l'environnement, et notamment ses articles L.163-5, L.411-1, L.411-1A, L.411-2 et R.411-1 \u00e0\nR.411-14\u00a0;\nVU le code des relations entre le public et l'administration, notamment les articles L.221-2, L.221-3\u00a0;\nVU l'arr\u00eat\u00e9  interminist\u00e9riel  du  19  f\u00e9vrier  2007  modifi\u00e9  fixant  les  conditions  de  demande  et\nd'instruction des d\u00e9rogations d\u00e9finies au 4\u00b0 de l'article L. 411-2 du code de l'environnement portant\nsur les esp\u00e8ces de faune et de flore sauvages prot\u00e9g\u00e9es\u00a0;\nVU l'arr\u00eat\u00e9 interminist\u00e9riel du 23 avril 2007 fixant la liste des insectes prot\u00e9g\u00e9s sur l'ensemble du\nterritoire et les modalit\u00e9s de leur protection\u00a0;\nVU l'arr\u00eat\u00e9 interminist\u00e9riel du 23 avril 2007 fixant la liste des mollusques prot\u00e9g\u00e9s sur l'ensemble du\nterritoire et les modalit\u00e9s de leur protection\u00a0;\nVU l'arr\u00eat\u00e9 interminist\u00e9riel du 18 d\u00e9cembre 2014 fixant les conditions et limites dans lesquelles des\nd\u00e9rogations \u00e0 l'interdiction de capture de sp\u00e9cimens d'esp\u00e8ces animales prot\u00e9g\u00e9es peuvent  \u00eatre\naccord\u00e9es par les pr\u00e9fets pour certaines op\u00e9rations pour lesquelles la capture est suivie d'un rel\u00e2cher\nimm\u00e9diat sur place ; \nVU l'arr\u00eat\u00e9 interminist\u00e9riel du 8 janvier 2021 fixant la liste des amphibiens et des reptiles repr\u00e9sent\u00e9s\nsur le territoire m\u00e9tropolitain prot\u00e9g\u00e9s sur l'ensemble du territoire national et les modalit\u00e9s de leur\nprotection\u00a0;\nVU l'arr\u00eat\u00e9 pr\u00e9fectoral n\u00b001-2025-12-22-00017 du 22 d\u00e9cembre 2025 portant d\u00e9l\u00e9gation de signature\n\u00e0 M. \u00a0Renaud DURAND, directeur r\u00e9gional par int\u00e9rim de l'environnement, de l'am\u00e9nagement et du\nlogement Auvergne-Rh\u00f4ne-Alpes, dans le ressort du d\u00e9partement de l'Ain\u00a0;\nVU  l'arr\u00eat\u00e9  pr\u00e9fectoral  n\u00b0DREAL-SG-2025-138  du  23  d\u00e9cembre  2025  portant  subd\u00e9l\u00e9gation  de\nsignature aux agents de la direction r\u00e9gionale de l'environnement, de l'am\u00e9nagement et du logement\n(DREAL) Auvergne-Rh\u00f4ne-Alpes pour les comp\u00e9tences g\u00e9n\u00e9rales et techniques pour le d\u00e9partement\nde l'Ain\u00a0;\nVU l'arr\u00eat\u00e9 pr\u00e9fectoral n\u00b0916/2025 du 09 mai 2025 conf\u00e9rant d\u00e9l\u00e9gation de signature \u00e0  M.\u00a0Renaud\nDURAND,  directeur  r\u00e9gional  par  int\u00e9rim de l'environnement,  de l'am\u00e9nagement  et  du  logement\nAuvergne-Rh\u00f4ne-Alpes, dans le ressort du d\u00e9partement de l'Allier\u00a0;\nVU l'arr\u00eat\u00e9  pr\u00e9fectoral  n\u00b0DREAL-SG-2025-118  du  07  novembre  2025  portant  subd\u00e9l\u00e9gation  de\nsignature  aux  agents  de  la  DREAL  Auvergne-Rh\u00f4ne-Alpes  pour  les  comp\u00e9tences  g\u00e9n\u00e9rales  et\ntechniques, pour le d\u00e9partement de l'Allier\u00a0;\nVU l'arr\u00eat\u00e9 pr\u00e9fecto ral n\u00b007-2025-08-25-00033 du 25 ao\u00fbt 2025 portant d\u00e9l\u00e9gation de signature \u00e0\nM.\u00a0Renaud DURAND, directeur r\u00e9gional par int\u00e9rim de l'environnement, de l'am\u00e9nagement et du\nlogement Auvergne-Rh\u00f4ne-Alpes, dans le ressort du d\u00e9partement de l'Ard\u00e8che\u00a0;\nVU l'arr\u00eat\u00e9 pr\u00e9fectoral n\u00b0DREAL-SG-2025-87 du 26 ao\u00fbt 2025 portant subd\u00e9l\u00e9gation de signature aux\nagents de la DREAL Auvergne-Rh\u00f4ne-Alpes pour les comp\u00e9tences g\u00e9n\u00e9rales et techniques pour le\nd\u00e9partement de l'Ard\u00e8che\u00a0;\nVU l'arr\u00eat\u00e9 pr\u00e9fectoral n\u00b02025-582 du 12  mai 2025 portant  d\u00e9l\u00e9gation de signature \u00e0  M.\u00a0Renaud\nDURAND,  directeur  r\u00e9gional  par  int\u00e9rim de l'environnement,  de l'am\u00e9nagement  et  du  logement\nAuvergne-Rh\u00f4ne-Alpes dans le ressort du d\u00e9partement du Cantal\u00a0;\nVU l'arr\u00eat\u00e9 pr\u00e9fectoral n\u00b0DREAL-SG-2025-72/15 du 20 mai 2025 portant subd\u00e9l\u00e9gation de signature\naux agents de la DREAL Auvergne-Rh\u00f4ne-Alpes pour les comp\u00e9tences g\u00e9n\u00e9rales et techniques, pour le\nd\u00e9partement du Cantal\u00a0;\nVU l'arr\u00eat\u00e9 pr\u00e9fectoral n\u00b026 2025-09-02-00016 du 02 septembre 2025 portant d\u00e9l\u00e9gation de signature\n\u00e0  M.\u00a0Renaud DURAND, directeur r\u00e9gional par int\u00e9rim  de l'environnement, de l'am\u00e9nagement et du\nlogement Auvergne-Rh\u00f4ne-Alpes pour le d\u00e9partement de la Dr\u00f4me\u00a0;\nVU l'arr\u00eat\u00e9  pr\u00e9fectoral  n\u00b0DREAL-SG-2025-95  du  03  septembre  2025  portant  subd\u00e9l\u00e9gation  de\nsignature  aux  agents  de  la  DREAL  Auvergne-Rh\u00f4ne-Alpes  pour  les  comp\u00e9tences  g\u00e9n\u00e9rales  et\nAdresse postale : 69453 LYON CEDEX 06\nStandard : 04 26 28 60 00 - www.auvergne-rhone-alpes.developpement-durable.gouv.fr page 2/8\n84_DREAL_Direction r\u00e9gionale de l'environnement, de l'am\u00e9nagement et du logement d'Auvergne-Rh\u00f4ne-Alpes -\n03-2026-01-05-00002 - Arr\u00eat\u00e9 interpr\u00e9fectoral n\u00b0DREAL-AURA-EHN-2026-1 portant d\u00e9rogation aux dispositions de l'article L.411-1 du\ncode de l'environnement pour\u00a0capture suivie d'un rel\u00e2cher imm\u00e9diat sur place d'esp\u00e8ces animales prot\u00e9g\u00e9es \n(amphibiens, insectes, reptiles et mollusques)\n104\ntechniques pour le d\u00e9partement de la Dr\u00f4me\u00a0;\nVU l'arr\u00eat\u00e9 pr\u00e9fe ctoral n\u00b038-2025-05-16-00006 du 16 mai 2025 portant  d\u00e9l\u00e9gation de signature \u00e0\nM.Renaud  DURAND,  directeur r\u00e9gional  par  int\u00e9rim  de l'environnement, de l'am\u00e9nagement et du\nlogement Auvergne-Rh\u00f4ne-Alpes pour le d\u00e9partement de l'Is\u00e8re\u00a0;\nVU l'arr\u00eat\u00e9 pr\u00e9fectoral n\u00b0DREAL-SG-2025-52/38 du 19 mai 2025 portant subd\u00e9l\u00e9gation de signature\naux agents de la DREAL Auvergne-Rh\u00f4ne-Alpes pour les comp\u00e9tences g\u00e9n\u00e9rales et techniques pour le\nd\u00e9partement de l'Is\u00e8re\u00a0;\nVU l'arr\u00eat\u00e9 pr\u00e9fectoral SG/COORDINATION 2025-24 du 26 mai 2025 portant d\u00e9l\u00e9gation de signature\nM.\u00a0Renaud DURAND, directeur r\u00e9gional par int\u00e9rim  de l'environnement, de l'am\u00e9nagement et du\nlogement Auvergne-Rh\u00f4ne-Alpes, dans le ressort du d\u00e9partement de la Haute-Loire\u00a0;\nVU l'arr\u00eat\u00e9 pr\u00e9fectoral n\u00b0DREAL-SG-2025-54 du 28 mai 2025 portant subd\u00e9l\u00e9gation de signature aux\nagents  de la DREAL  Auvergne-Rh\u00f4ne-Alpes pour les comp\u00e9tences g\u00e9n\u00e9rales et techniques pour le\nd\u00e9partement de la Haute-Loire\u00a0;\nVU l'arr\u00eat\u00e9 pr\u00e9fectoral n\u00b020250752 du 15 mai 2025 portant d\u00e9l\u00e9gation de signature \u00e0  M.\u00a0Renaud\nDURAND,  directeur  r\u00e9gional  par  int\u00e9rim  de l'environnement,  de l'am\u00e9nagement  et  du  logement\nAuvergne-Rh\u00f4ne-Alpes, dans le ressort du d\u00e9partement du Puy-de-D\u00f4me\u00a0;\nVU l'arr\u00eat\u00e9 pr\u00e9fectoral n\u00b0DREAL-SG-2025-69/63 du 20 mai 2025 portant subd\u00e9l\u00e9gation de signature\naux agents de la DREAL Auvergne-Rh\u00f4ne-Alpes pour les comp\u00e9tences g\u00e9n\u00e9rales et techniques pour le\nd\u00e9partement du Puy-de-D\u00f4me\u00a0;\nVU l'arr\u00eat\u00e9 pr\u00e9fectoral n\u00b069-2025-05-09-00003 du 09 mai 2025 portant d\u00e9l\u00e9gation de signature \u00e0\nM.\u00a0Renaud DURAND, directeur r\u00e9gional par int\u00e9rim  de l'environnement, de l'am\u00e9nagement et du\nlogement de la r\u00e9gion Auvergne-Rh\u00f4ne-Alpes dans le ressort du d\u00e9partement du Rh\u00f4ne\u00a0;\nVU l'arr\u00eat\u00e9 pr\u00e9fectoral n\u00b0DREAL-SG-2025-56/69 du 20 mai 2025 portant subd\u00e9l\u00e9gation de signature aux\nagents de la DREAL Auvergne-Rh\u00f4ne-Alpes pour les comp\u00e9tences g\u00e9n\u00e9rales et techniques pour  le\nd\u00e9partement du Rh\u00f4ne\u00a0;\nVU l'arr\u00eat\u00e9  pr\u00e9fectoral  DCL-PEJ  n\u00b046-2025  du  11  juillet  2025  portant  d\u00e9l\u00e9gation  de  signature  \u00e0\nM.Renaud  DURAND,  directeur r\u00e9gional  par  int\u00e9rim de l'environnement, de l'am\u00e9nagement  et du\nlogement Auvergne-Rh\u00f4ne-Alpes, dans le ressort du d\u00e9partement de la Savoie\u00a0;\nVU l'arr\u00eat\u00e9 pr\u00e9fectoral n\u00b0DREAL-SG-2025-81 du 15 juillet 2025 portant subd\u00e9l\u00e9gation de signature aux\nagents de la DREAL Auvergne-Rh\u00f4ne-Alpes pour les comp\u00e9tences g\u00e9n\u00e9rales et techniques pour  le\nd\u00e9partement de la Savoie\u00a0; \nVU les lignes directrices de la DREAL Auvergne-Rh\u00f4ne-Alpes du 30 octobre 2017 pr\u00e9cisant la nature\ndes d\u00e9cisions individuelles, notamment dans le cadre des d\u00e9rogations \u00e0 la protection des esp\u00e8ces,\nsoumises  ou  non  \u00e0  participation  du  public,  au  vu  de  leur  incidence  sur  la  protection  de\nl'environnement, dans l'ensemble des d\u00e9partements de la r\u00e9gion Auvergne-Rh\u00f4ne-Alpes\u00a0;\nVU le Plan national d'actions 2020-2029 en faveur de la Cistude d'Europe \nVU  la demande  de d\u00e9rogation pou r la capture suivi e d'un rel\u00e2cher imm\u00e9diat sur place d'esp\u00e8ces\nanimales prot\u00e9g\u00e9es d\u00e9pos\u00e9e le 02 juin 2025 et compl\u00e9t\u00e9e les 21 novembre, 15 et 17 d\u00e9cembre 2025\npar la r\u00e9gion Auvergne-Rh\u00f4ne-Alpes\u00a0;\nVU  le  projet  d'arr\u00eat\u00e9  transmis  le  12  d\u00e9cembre  2025  au  p\u00e9titionnaire,  et  sa  r\u00e9ponse  du\n19\u00a0d\u00e9cembre\u00a02025\u00a0;\nCONSID\u00c9RANT que la pr\u00e9sente demande est d\u00e9pos\u00e9e\u00a0:\n\u2022 dans l'int\u00e9r\u00eat de la protection de la faune et de la flore sauvages et de la conservation des\nhabitats naturels\u00a0;\n\u2022 pour permettre, dans des conditions strictement contr\u00f4l\u00e9es, d'une mani\u00e8re s\u00e9lective et dans une\nmesure limit\u00e9e, la prise ou la d\u00e9tention d'un nombre limit\u00e9 et sp\u00e9cifi\u00e9 de certains sp\u00e9cimens\u00a0;\nAdresse postale : 69453 LYON CEDEX 06\nStandard : 04 26 28 60 00 - www.auvergne-rhone-alpes.developpement-durable.gouv.fr page 3/8\n84_DREAL_Direction r\u00e9gionale de l'environnement, de l'am\u00e9nagement et du logement d'Auvergne-Rh\u00f4ne-Alpes -\n03-2026-01-05-00002 - Arr\u00eat\u00e9 interpr\u00e9fectoral n\u00b0DREAL-AURA-EHN-2026-1 portant d\u00e9rogation aux dispositions de l'article L.411-1 du\ncode de l'environnement pour\u00a0capture suivie d'un rel\u00e2cher imm\u00e9diat sur place d'esp\u00e8ces animales prot\u00e9g\u00e9es \n(amphibiens, insectes, reptiles et mollusques)\n105\nCONSID\u00c9RANT qu'il n'existe pas d'autre solution satisfaisante\u00a0;\nCONSID\u00c9RANT que la d\u00e9rogation ne nuit pas au maintien, dans un \u00e9tat de conservation favorable,\ndes populations d'esp\u00e8ces prot\u00e9g\u00e9es concern\u00e9es dans leur aire de r\u00e9partition naturelle compte tenu\ndes prescriptions mises en \u0153uvre, telles que d\u00e9taill\u00e9es \u00e0 l'article 2 ci-apr\u00e8s\u00a0;\nCONSID\u00c9RANT que les personnes habilit\u00e9es disposent de la comp\u00e9tence pour la mise en \u0153uvre des\nop\u00e9rations consid\u00e9r\u00e9es\u00a0;\nSUR proposition du directeur  r\u00e9gional  par  int\u00e9rim  de l'Environnement, de l'Am\u00e9nagement  et du\nLogement de la r\u00e9gion Auvergne-Rh\u00f4ne-Alpes\u00a0;\nARR\u00caTE\nARTICLE 1\u00a0: B\u00e9n\u00e9ficiaire de l'autorisation et objet\u00a0 \nDans  le  cadre  de ses  actions  d'inventaires  et  de  suivis  d'esp\u00e8ces  animales  prot\u00e9g\u00e9es,  la  r\u00e9gion\nAuvergne-Rh\u00f4ne-Alpes,  dont  le  si\u00e8ge  social  est  situ\u00e9  101  cours  Charlemagne  CS  20033  \u00e0\nLYON\u00a0CEDEX\u00a002 (69269), est autoris\u00e9e \u00e0 pratiquer, dans le cadre d\u00e9fini aux articles 2 et suivants du\npr\u00e9sent arr\u00eat\u00e9\u00a0:\n\u2022 la capture suivie d'un rel\u00e2cher imm\u00e9diat sur place d'esp\u00e8ces animales prot\u00e9g\u00e9es\u00a0:\n> AMPHIBIENS\nEnsemble des esp\u00e8ces potentiellement pr\u00e9sentes dans le p\u00e9rim\u00e8tre d'\u00e9tude,\n\u00e0 l'exception des esp\u00e8ces list\u00e9es \u00e0 l'arr\u00eat\u00e9 minist\u00e9riel du 9 juillet 1999 (esp\u00e8ces menac\u00e9es \nd'extinction)\n> INSECTES\nL\u00e9pidopt\u00e8res rhopaloc\u00e8res, col\u00e9opt\u00e8res, odonates (dont exuvies) et orthopt\u00e8res \npotentiellement pr\u00e9sents dans le p\u00e9rim\u00e8tre d'\u00e9tude\n> MOLLUSQUES\nEnsemble des individus de Planorbe naine (Anisus vorticulus) potentiellement pr\u00e9sents dans \nle p\u00e9rim\u00e8tre d'\u00e9tude\n> REPTILES\nEnsemble des individus de Cistude d'Europe potentiellement pr\u00e9sents dans le p\u00e9rim\u00e8tre \nd'\u00e9tude\nARTICLE 2\u00a0: Prescriptions techniques\n> Lieu d'intervention\u00a0: d\u00e9partements de l'A in, Allier, Ard\u00e8che, Cantal, Dr\u00f4me, Is\u00e8re, Haute-\nLoire, Puy-de-D\u00f4me, Rh\u00f4ne et Savoie.\n> Protocole\u00a0:\nLe b\u00e9n\u00e9ficiaire proc\u00e8de \u00e0 des inventaires de population d'esp\u00e8ces animales sauvages dans le cadre\nde\u00a0:\n\u2022 l'\u00e9valuation  pr\u00e9alable  et  du  suivi  des  impacts  sur  la  biodiversit\u00e9  de  projets  de  travaux,\nd'ouvrages et d'am\u00e9nagements. Les protocoles d'inventaires sont \u00e9tablis par des personnes\nmorales  ou  physiques  d\u00fbment  mandat\u00e9es  par  les  responsables  des  projets  de  travaux,\nd'ouvrages et d'am\u00e9nagements, pour la r\u00e9alisation de tels inventaires,\n\u2022 l'\u00e9laboration ou du suivi de plans, de sch\u00e9mas, de programmes ou d'autres documents de\nplanification  n\u00e9cessitant  l'acquisition  de  connaissances  ou  visant  \u00e0  la  pr\u00e9servation  du\nAdresse postale : 69453 LYON CEDEX 06\nStandard : 04 26 28 60 00 - www.auvergne-rhone-alpes.developpement-durable.gouv.fr page 4/8\n84_DREAL_Direction r\u00e9gionale de l'environnement, de l'am\u00e9nagement et du logement d'Auvergne-Rh\u00f4ne-Alpes -\n03-2026-01-05-00002 - Arr\u00eat\u00e9 interpr\u00e9fectoral n\u00b0DREAL-AURA-EHN-2026-1 portant d\u00e9rogation aux dispositions de l'article L.411-1 du\ncode de l'environnement pour\u00a0capture suivie d'un rel\u00e2cher imm\u00e9diat sur place d'esp\u00e8ces animales prot\u00e9g\u00e9es \n(amphibiens, insectes, reptiles et mollusques)\n106\npatrimoine naturel pr\u00e9vus par des dispositions du code de l'environnement. Les protocoles\nd'inventaires sont \u00e9tablis par des personnes morales ou physiques d\u00fbment mandat\u00e9es par\nl'autorit\u00e9  d\u00e9sign\u00e9e  par  le  code  de  l'environnement  pour  \u00e9laborer  le  plan,  le  sch\u00e9ma,  le\nprogramme ou le document de planification consid\u00e9r\u00e9.\nLes op\u00e9rations de capture sont strictement limit\u00e9es \u00e0 ce qui est n\u00e9cessaire pour atteindre l'objectif\nrecherch\u00e9.\nLe protocole d'inventaire permet de qualifier correctement le niveau des populations et l'importance\nde celles-ci au regard de l'\u00e9tat de conservation des esp\u00e8ces concern\u00e9es en tenant compte de leur\nbiologie et de leurs cycles biologiques.\n> Mo  dalit\u00e9s  \u00a0  :  \nLes modalit\u00e9s de capture sont les suivantes\u00a0:\n\u2022 les captures et manipulations sont r\u00e9alis\u00e9es uniquement en cas de n\u00e9cessit\u00e9, sur des dur\u00e9es\nles plus courtes possible\u00a0;\n\u2022 les  animaux  captur\u00e9s  sont  manipul\u00e9s  d\u00e9licatement,  prot\u00e9g\u00e9s  contre  les  temp\u00e9ratures\nextr\u00eames et rel\u00e2ch\u00e9s imm\u00e9diatement apr\u00e8s identification sur le lieu de capture\u00a0;\n\u2022 aucune manipulation d'\u0153ufs n'est effectu\u00e9e\u00a0;\n\u2022 les filets et \u00e9puisettes sont v\u00e9rifi\u00e9s, avant chaque utilisation, afin qu'ils ne comportent aucun\n\u00e9l\u00e9ment pouvant blesser les individus\u00a0;\n\u2022 les animaux ne sont pas captur\u00e9s en phase de copulation ou de ponte\u00a0;\n\u2022 les captures sont r\u00e9alis\u00e9es selon des modalit\u00e9s et \u00e0 l'aide de moyens n'occasionnant aucune\nblessure ni mutilation aux animaux captur\u00e9s\u00a0;\n\u2022 aucune op\u00e9ration de marquage n'est r\u00e9alis\u00e9e\u00a0;\n\u2022 aucune capture l\u00e9tale n'est r\u00e9alis\u00e9e.\nModalit\u00e9s sp\u00e9cifiques concernant   les amphibiens  \u00a0  :  \n\u2022 prospection \u00e0 vue ou \u00e0 l'oreille privil\u00e9gi\u00e9e, sans n\u00e9cessit\u00e9 de capture \u00a0: \u00e9coute des chants,\nutilisation de sources lumineuses (lampes) lors de prospections nocturnes pour rechercher les\namphibiens en phase aquatique\u00a0;\n\u2022 capture manuelle ou \u00e0 l'aide d'une \u00e9puisette \u00e0 mailles fines\u00a0;\n\u2022 pose de nasses (type \u00ab \u00a0Amphicapt\u00a0\u00bb ou \u00e0 mailles fines type vairon)  mises en place en soir\u00e9e et\nrelev\u00e9 le lendemain matin pour \u00e9viter tout risque de mortalit\u00e9 des individus\u00a0;\n\u2022 prises photographiques des faces ventrales des individus de Sonneur \u00e0 ventre jaune et Triton\ncr\u00eat\u00e9\u00a0;\n\u2022 manipulation d'un seul individu dans le m\u00eame temps et avec les m\u00eames gants (gants jetables\nnon poudr\u00e9s pr\u00e9f\u00e9rentiellement)\u00a0;\n\u2022 dans  la  mesure  du  possible,  les  individus  captur\u00e9s  sont  maintenus  individuellement\n(notamment sacs plastique \u00e0 fermeture zip, boites plastiques) pour \u00e9viter les contacts et les\nrisques de transmission de maladies entre les individus\u00a0;\n\u2022 afin de limiter  la diss\u00e9mination de chytridiomycose et  d'autres maladies (ranaviroses),  les\nprescriptions du protocole d'hygi\u00e8ne pour le contr\u00f4le des maladies des amphibiens dans la\nnature \u00e0 destination des op\u00e9rateurs de terrain1\n, sont scrupuleusement respect\u00e9es.\nModalit\u00e9s sp\u00e9cifiques concernant les insectes  \u00a0  :  \n\u2022 prospection \u00e0 vue privil\u00e9gi\u00e9e\u00a0;\n\u2022 capture manuelle \u00e0 l'aide d'un filet entomologique ou d'une \u00e9puisette pour identification en\n1 Miaud C., 2014 - Protocole d'hygi\u00e8ne pour le contr\u00f4le des maladies des amphibiens dans la nature \u00e0 destination des op\u00e9rateurs\nde terrain. Agence de l'eau Rh\u00f4ne-M\u00e9diterran\u00e9e-Corse, Universit\u00e9 de Savoie et \u00c9cole pratique des Hautes \u00c9tudes (eds), 7 p.\nAdresse postale : 69453 LYON CEDEX 06\nStandard : 04 26 28 60 00 - www.auvergne-rhone-alpes.developpement-durable.gouv.fr page 5/8\n84_DREAL_Direction r\u00e9gionale de l'environnement, de l'am\u00e9nagement et du logement d'Auvergne-Rh\u00f4ne-Alpes -\n03-2026-01-05-00002 - Arr\u00eat\u00e9 interpr\u00e9fectoral n\u00b0DREAL-AURA-EHN-2026-1 portant d\u00e9rogation aux dispositions de l'article L.411-1 du\ncode de l'environnement pour\u00a0capture suivie d'un rel\u00e2cher imm\u00e9diat sur place d'esp\u00e8ces animales prot\u00e9g\u00e9es \n(amphibiens, insectes, reptiles et mollusques)\n107\ncas de n\u00e9cessit\u00e9\u00a0;\n\u2022 les odonates sont maintenus par les ailes tandis que les rhopaloc\u00e8res sont observ\u00e9s \u00e0 travers le\nfilet pour ne pas endommager leurs \u00e9cailles\u00a0;\n\u2022 le cas \u00e9ch\u00e9ant, capture temporaire de certaines esp\u00e8ces \u00e0 l'aide de r\u00e9cipient adapt\u00e9 pour\nidentification, puis rel\u00e2cher imm\u00e9diat sur le lieu de capture.\nModalit\u00e9s sp\u00e9cifiques concernant les mollusques\n\u2022 recherche  \u00e0  vue  des  mollusques  pendant  10  minutes  (au  troubleau  et  en  examinant  la\nv\u00e9g\u00e9tation) sur des points d'\u00e9chantillonnage.\nModalit\u00e9s sp\u00e9cifiques concernant   les reptiles  \u00a0  :  \n\u2022 les manipulations des individus de Cistude d'Europe sont effectu\u00e9es en conformit\u00e9 avec les\nguides m\u00e9thodologiques \u00e9labor\u00e9s dans le cadre de l'animation du PNA Cistude d'Europe,\nnotamment le guide pour accompagner la prise en compte de la Cistude d'Europe pour la\nmise en \u0153uvre de la s\u00e9quence ERCA2\n.\nLa pression d'inventaire maximale annuelle est \u00e9valu\u00e9e \u00e0 40 \u00a0jours de terrain par d\u00e9partement, avec\nl'intervention possible de deux personnes proc\u00e9dant simultan\u00e9ment aux op\u00e9rations.\nARTICLE 3\u00a0: Personnes habilit\u00e9es\u00a0\nLes personnes habilit\u00e9es pour r\u00e9aliser les op\u00e9rations sont  charg\u00e9es de mission Natura 2000 au sein de\nla R\u00e9gion Auvergne-Rh\u00f4ne-Alpes tant qu'elles sont affect\u00e9es au sein de la collectivit\u00e9 b\u00e9n\u00e9ficiaire de\nla d\u00e9rogation\u00a0: \n\u2022 Coralie BARBIER, titulaire d'un Master Gestion de la Biodiversit\u00e9\u00a0;\n\u2022 Laurent BERNARD ,  titulaire  d'un brevet de technicien sup\u00e9rieur agricole (BTSA)  Gestion et\nprotection de la nature\u00a0;\n\u2022 Sophie COSTE-DURIEUX ,  titulaire  d'un Master  Gestion de la biodiversit\u00e9 et des \u00e9cosyst\u00e8mes\ncontinentaux et c\u00f4tiers\u00a0;\n\u2022 Benjamin  GUILHOT, titulaire  d'un  dipl\u00f4me  d'ing\u00e9nieur en  urbanisme,  am \u00e9nagement  et\npaysage\u00a0;\n\u2022 Claire LANOY, titulaire d'un Master Biodiversit\u00e9, \u00c9cologie, Environnement\u00a0;\n\u2022 Owen NINO, titulaire d'un Master Gestion et conservation de la biodiversit\u00e9\u00a0;\n\u2022 Fanny PIERS, titulaire d'un Master For\u00eat et d\u00e9veloppement durable\u00a0;\n\u2022 Myriam RIBERT, titulaire d'un Master Transitions \u00e9cologiques\u00a0;\n\u2022 Sylvie TABARAND ,  titulaire d'un  brevet de technicien sup\u00e9rieur agricole (BTSA)  Gestion et\nprotection de la nature.\nL'ensemble des personnes  habilit\u00e9es peut  \u00eatre  accompagn\u00e9 de stagiaires sp\u00e9cifiquement  form\u00e9s\navant le d\u00e9but des op\u00e9rations, op\u00e9rant sous leur contr\u00f4le direct et sous leur responsabilit\u00e9.\nLes personnes habilit\u00e9es et les \u00e9ventuels stagiaires sont porteurs de la pr\u00e9sente autorisation lors des\nop\u00e9rations vis\u00e9es, et sont tenus de la pr\u00e9senter \u00e0 toute demande des agents commissionn\u00e9s au titre\nde l'environnement.\nPour  tenir  compte  des  mouvements  de  personnel,  la  R\u00e9gion  Auvergne-Rh\u00f4ne-Alpes  doit\ncommuniquer  annuellement  \u00e0  la  DREAL Auvergne-Rh\u00f4ne-Alpes  (service  Eau,  Hydro\u00e9lectricit\u00e9  et\nNature  /  p\u00f4le  Pr\u00e9servation  des  milieux  et  des  esp\u00e8ces  -  pme.ehn.dreal-ara@developpement-\ndurable.gouv.fr), la liste des personnels charg\u00e9s de la mise en \u0153uvre de la pr\u00e9sente autorisation.\n2 https://lashf.org/wp-content/uploads/2022/02/Guide_ERC_Cistude_V4.pdf\nAdresse postale : 69453 LYON CEDEX 06\nStandard : 04 26 28 60 00 - www.auvergne-rhone-alpes.developpement-durable.gouv.fr page 6/8\n84_DREAL_Direction r\u00e9gionale de l'environnement, de l'am\u00e9nagement et du logement d'Auvergne-Rh\u00f4ne-Alpes -\n03-2026-01-05-00002 - Arr\u00eat\u00e9 interpr\u00e9fectoral n\u00b0DREAL-AURA-EHN-2026-1 portant d\u00e9rogation aux dispositions de l'article L.411-1 du\ncode de l'environnement pour\u00a0capture suivie d'un rel\u00e2cher imm\u00e9diat sur place d'esp\u00e8ces animales prot\u00e9g\u00e9es \n(amphibiens, insectes, reptiles et mollusques)\n108\nARTICLE 4\u00a0: Dur\u00e9e de validit\u00e9 de l'autorisation\nCette autorisation est valable jusqu'au 31 d\u00e9cembre 2030, sous r\u00e9serve stricte de la transmission des\nrapports annuels sur la mise en \u0153uvre de la d\u00e9rogation au cours de l'ann\u00e9e pr\u00e9c\u00e9dente mentionn\u00e9s \u00e0\nl'article 5 ci-apr\u00e8s. La non transmission desdits rapports dans les d\u00e9lais indiqu\u00e9s rend caduque la\npr\u00e9sente d\u00e9rogation. Toute demande de prolongation de la pr\u00e9sente d\u00e9rogation doit \u00eatre d\u00e9pos\u00e9e\navant le 30 juin 2030.\nARTICLE 5\u00a0: Mise \u00e0 disposition des donn\u00e9es\nLe b\u00e9n\u00e9ficiaire met ses donn\u00e9es d'observation d'esp\u00e8ces \u00e0 disposition de la DREAL Auvergne-Rh\u00f4ne-\nAlpes  dans  les  conditions  d\u00e9finies  par  le  syst\u00e8me  d'information  sur  la  nature  et  les  paysages,\nnotamment en ce qui concerne les r\u00e8gles de d\u00e9p\u00f4t, de format de donn\u00e9es et de fichiers applicables\naux  m\u00e9tadonn\u00e9es  et  donn\u00e9es  \u00e9l\u00e9mentaire  d'\u00e9change  relatives  aux  occurrences  d'observation\nd'esp\u00e8ces.\nLe b\u00e9n\u00e9ficiaire adresse \u00e0 la DREAL Auvergne-Rh\u00f4ne-Alpes (service Eau, Hydro\u00e9lectricit\u00e9 et Nature /\np\u00f4le Pr\u00e9servation des milieux et des esp\u00e8ces  -  pme.ehn.dreal-ara@developpement-durable.gouv.fr ) ,\nchaque ann\u00e9e avant le 31 mars , un rapport sur la mise en \u0153uvre de la d\u00e9rogation au cours de l'ann\u00e9e\npr\u00e9c\u00e9dente. \nCe rapport comprend\u00a0:\n\u2022 le nombre d'op\u00e9rations conduites sous couvert de la d\u00e9rogation ;\n\u2022 les dates et les lieux par commune des op\u00e9rations ;\n\u2022 les esp\u00e8ces ou groupes d'esp\u00e8ces dont la pr\u00e9sence a \u00e9t\u00e9 identifi\u00e9e ;\n\u2022 le  nombre  de  sp\u00e9cimens  captur\u00e9s  de  chaque  esp\u00e8ce,  le  sexe  lorsque  ce  dernier  est\nd\u00e9terminable et les lieux de capture-rel\u00e2cher\u00a0;\n\u2022 une photographie des faces ventrales et dorsales des individus de Tritons cr\u00eat\u00e9s pour les\nop\u00e9rations r\u00e9alis\u00e9es dans le d\u00e9partement de l'Ain, sur le pays de Gex, en pr\u00e9cisant le nom de\nla commune et du lieu-dit\u00a0;\n\u2022 le nombre d'animaux morts au cours des op\u00e9rations\u00a0;\n\u2022 le nombre d'animaux non vis\u00e9s dans la d\u00e9rogation et n\u00e9anmoins pris dans les mat\u00e9riels de\ncapture au cours des op\u00e9rations\u00a0;\n\u2022 le cas \u00e9ch\u00e9ant,  l'\u00e9volution de la liste  des personnels  charg\u00e9s de la mise en \u0153uvre de la\npr\u00e9sente autorisation (article 3), et la justification de leurs comp\u00e9tences.\nARTICLE 6\u00a0: Contr\u00f4les\nLa mise en \u0153uvre des prescriptions du pr\u00e9sent arr\u00eat\u00e9 peut faire l'objet de contr\u00f4les par les agents\nhabilit\u00e9s.\nARTICLE 7\u00a0: Sanctions\nLe  non-respect  des  prescriptions  du  pr\u00e9sent  arr\u00eat\u00e9  est  passible  des  sanctions  pr\u00e9vues  pour  les\ninfractions  p\u00e9nales  d\u00e9finies  et  r\u00e9prim\u00e9es  par  les  articles  L.415-3  et  R.415-1  du  code  de\nl'environnement.\nARTICLE 8\u00a0: Autres l\u00e9gislations et r\u00e9glementations\nLa pr\u00e9sente d\u00e9cision ne dispense pas de l'obtention d'autres accords ou autorisations par ailleurs\nn\u00e9cessaires pour la r\u00e9alisation de l'op\u00e9ration susmentionn\u00e9e et du respect des autres dispositions\nl\u00e9gislatives et r\u00e9glementaires susceptibles d'\u00eatre applicables sur les espaces prot\u00e9g\u00e9s du territoire\nd'\u00e9tude.\nAdresse postale : 69453 LYON CEDEX 06\nStandard : 04 26 28 60 00 - www.auvergne-rhone-alpes.developpement-durable.gouv.fr page 7/8\n84_DREAL_Direction r\u00e9gionale de l'environnement, de l'am\u00e9nagement et du logement d'Auvergne-Rh\u00f4ne-Alpes -\n03-2026-01-05-00002 - Arr\u00eat\u00e9 interpr\u00e9fectoral n\u00b0DREAL-AURA-EHN-2026-1 portant d\u00e9rogation aux dispositions de l'article L.411-1 du\ncode de l'environnement pour\u00a0capture suivie d'un rel\u00e2cher imm\u00e9diat sur place d'esp\u00e8ces animales prot\u00e9g\u00e9es \n(amphibiens, insectes, reptiles et mollusques)\n109\nARTICLE 9\u00a0: Voies et d\u00e9lais de recours \nLa pr\u00e9sente d\u00e9cision peut faire l'objet d'un recours dans les deux mois qui suivent sa  publication ou\nsa notification\u00a0:\n\u2022 par la voie d'un recours administratif. L'absence de r\u00e9ponse dans le d\u00e9lai de deux mois fait\nna\u00eetre une d\u00e9cision implicite de rejet, qui peut elle-m\u00eame faire l'objet d'un recours devant le\ntribunal administratif comp\u00e9tent,\n\u2022 par la voie d'un recours contentieux devant le tribunal administratif comp\u00e9tent,\n\u2022 par l'application T\u00e9l\u00e9recours citoyens accessible via le site internet www.telerecours.fr.\nARTICLE 10\u00a0: Ex\u00e9cution \nM. le directeur r\u00e9gional de l'environnement, de l'am\u00e9nagement et du logement Auvergne-Rh\u00f4ne-Alpes,\nMme et MM. les chefs des services d\u00e9partementaux de l'Office fran\u00e7ais de la biodiversit\u00e9 de l'Ain, de\nl'Allier, de l'Ard\u00e8che, du Cantal, de la Dr\u00f4me, de l'Is\u00e8re, de la Haute-Loire, du Puy-de-D\u00f4me, du Rh\u00f4ne\net de la Savoie,\nsont charg\u00e9s, chacun en ce qui le concerne, de l'ex\u00e9cution du pr\u00e9sent arr\u00eat\u00e9 qui sera notifi\u00e9 au\nb\u00e9n\u00e9ficiaire et  publi\u00e9 au  recueil  des actes  administratifs des  pr\u00e9fectures  de l'A in,  de l'Allier,  de\nl'Ard\u00e8che, du Cantal, de la Dr\u00f4me, de l'Is\u00e8re, de la Haute-Loire, du Puy-de-D\u00f4me, du Rh\u00f4ne et de la\nSavoie.\nPour les Pr\u00e9fets et par d\u00e9l\u00e9gation,\nLa cheffe de service d\u00e9l\u00e9gu\u00e9e\nEau, Hydro\u00e9lectricit\u00e9 et Nature\nSIGNE\nLaurence DAYET\nAdresse postale : 69453 LYON CEDEX 06\nStandard : 04 26 28 60 00 - www.auvergne-rhone-alpes.developpement-durable.gouv.fr page 8/8\n84_DREAL_Direction r\u00e9gionale de l'environnement, de l'am\u00e9nagement et du logement d'Auvergne-Rh\u00f4ne-Alpes -\n03-2026-01-05-00002 - Arr\u00eat\u00e9 interpr\u00e9fectoral n\u00b0DREAL-AURA-EHN-2026-1 portant d\u00e9rogation aux dispositions de l'article L.411-1 du\ncode de l'environnement pour\u00a0capture suivie d'un rel\u00e2cher imm\u00e9diat sur place d'esp\u00e8ces animales prot\u00e9g\u00e9es \n(amphibiens, insectes, reptiles et mollusques)\n110\n84_DREAL_Direction r\u00e9gionale de\nl'environnement, de l'am\u00e9nagement et du\nlogement d'Auvergne-Rh\u00f4ne-Alpes\n03-2025-12-23-00011\nArr\u00eat\u00e9 modifiant l'arr\u00eat\u00e9 du 04 juin 2021 portant\nd\u00e9rogation \u00e0 la protection stricte des esp\u00e8ces\nd\u00e9livr\u00e9 \u00e0 l'association Asters - Conservatoire\nd'espaces naturels (CEN) de Haute-Savoie\n84_DREAL_Direction r\u00e9gionale de l'environnement, de l'am\u00e9nagement et du logement d'Auvergne-Rh\u00f4ne-Alpes - 03-2025-12-23-00011\n- Arr\u00eat\u00e9 modifiant l'arr\u00eat\u00e9 du 04 juin 2021 portant d\u00e9rogation \u00e0 la protection stricte des esp\u00e8ces d\u00e9livr\u00e9 \u00e0 l'association Asters -\nConservatoire d'espaces naturels (CEN) de Haute-Savoie\n111\n \nR\u00c9PUBLIQUE FRAN\u00c7AISE \nMinist\u00e8re de la transition \u00e9cologique, \nde la biodiversit\u00e9 et des n\u00e9gociations \ninternationales sur le climat et la nature  \n \n \nDirection de l'eau et de la biodiversit\u00e9 \n \nArr\u00eat\u00e9 modifiant l'arr\u00eat\u00e9 du 04 juin 2021 portant d\u00e9rogation \u00e0 la protection stricte des \nesp\u00e8ces d\u00e9livr\u00e9 \u00e0 l'association Asters - Conservatoire d'espaces naturels (CEN) de \nHaute-Savoie  \n(74000 Annecy) \n \n \nLa ministre de la transition \u00e9cologique, de la biod iversit\u00e9 et des n\u00e9gociations internationales sur \nle climat et la nature,  \n \nVu le livre IV du code de l'environnement, notamment ses articles L. 411-1 et suivants, L. 415-3 \net R. 411-1 \u00e0 R. 411-14 ; \n \nVu l'arr\u00eat\u00e9 du 9 juillet 1999 modifi\u00e9 fixant la liste des esp\u00e8ces de vert\u00e9br\u00e9s prot\u00e9g\u00e9es menac\u00e9es \nd'extinction en France et dont l'aire de r\u00e9partition exc\u00e8de le territoire d'un d\u00e9partement ;\n \n \nVu l'arr\u00eat\u00e9 du 19 f\u00e9vrier 2007 modifi\u00e9 fixant les c onditions de demande et d'instruction des \nd\u00e9rogations d\u00e9finies au 4\u00b0 de l'article L. 411-2 du code de l'environnement portant sur les esp\u00e8ces \nde faune et de flore sauvages prot\u00e9g\u00e9es ; \n \nVu l'arr\u00eat\u00e9 du 29 octobre 2009 modifi\u00e9 fixant la li ste des oiseaux prot\u00e9g\u00e9s sur l'ensemble du \nterritoire et les modalit\u00e9s de leur protection ; \n \nVu les plans nationaux d'action (PNA) conduits en a pplication de l'article L. 411-3 du code de \nl'environnement pour la conservation ou le r\u00e9tablis sement des esp\u00e8ces vis\u00e9es aux \narticles L. 411-1 et L. 411-2 du code pr\u00e9cit\u00e9 ; \n \nVu le statut de l'\u00e9tat de conservation du Gypa\u00e8te b arbu ( Gypaetus barbatus ) sur le territoire \nnational ;\n \n \nVu le PNA conduit en faveur du Gypa\u00e8te barbu (2025-2034) ;\n \n \nVu les programmes de r\u00e9introduction et de conservation conduits en faveur du Gypa\u00e8te barbu ;\n \n \nVu l'arr\u00eat\u00e9 du 4 juin 2021 portant d\u00e9rogation \u00e0 la protection stricte des esp\u00e8ces d\u00e9livr\u00e9 \u00e0 Asters - \nCEN de Haute-Savoie ;\n \n \nVu la demande de prorogation de l'arr\u00eat\u00e9 du 4 juin 2021 susvis\u00e9, pr\u00e9sent\u00e9e par Asters \u2013 CEN de \nHaute-Savoie, du 10 octobre 2025 ; \n \nVu l'avis du Conseil national de la protection de la nature (CNPN) du 4 d\u00e9cembre 2025 ; \n84_DREAL_Direction r\u00e9gionale de l'environnement, de l'am\u00e9nagement et du logement d'Auvergne-Rh\u00f4ne-Alpes - 03-2025-12-23-00011\n- Arr\u00eat\u00e9 modifiant l'arr\u00eat\u00e9 du 04 juin 2021 portant d\u00e9rogation \u00e0 la protection stricte des esp\u00e8ces d\u00e9livr\u00e9 \u00e0 l'association Asters -\nConservatoire d'espaces naturels (CEN) de Haute-Savoie\n112\n \nConsid\u00e9rant que les suivis conduits par Asters cont ribuent d'une fa\u00e7on majeure \u00e0 l'am\u00e9lioration \ndes connaissances scientifiques (biologiques, \u00e9co\u00e9thologiques, etc.) relatives au Gypa\u00e8te barbu ; \n \nConsid\u00e9rant que les interventions d'Asters men\u00e9es s ur les sp\u00e9cimens de Gypa\u00e8te barbu \u00e0 des \nfins de soins ou de sauvetage apparaissent justifi\u00e9es eu \u00e9gard au statut pr\u00e9caire de conservation \nde l'esp\u00e8ce ; \n \nConsid\u00e9rant que la demande de modification de l'arr\u00eat\u00e9 du 4 juin 2021 susvis\u00e9 appara\u00eet opportune \ndans la mesure o\u00f9 les op\u00e9rations compl\u00e9mentaires pr\u00e9vues et strictement d\u00e9limit\u00e9es s'inscrivent \npleinement dans la continuit\u00e9 des activit\u00e9s mises e n \u0153uvre par l'association sous couvert de \nl'arr\u00eat\u00e9 pr\u00e9cit\u00e9 ; \n \nConsid\u00e9rant que la demande de modification de l'arr\u00eat\u00e9 du 4 juin 2021 susvis\u00e9 ne modifie pas de \nfa\u00e7on substantielle la d\u00e9rogation initiale au sens de l'article R. 411-10-1 du code de \nl'environnement et qu'elle ne soul\u00e8ve pas de question nouvelle au regard de son objet initial ; \n \nConsid\u00e9rant que les suivis et interventions mis en \u0153uvre par Asters impliquent notamment la \ncapture des sp\u00e9cimens ; que, de ce fait, il n'existe pas de solution alternative satisfaisante ; \n \nConsid\u00e9rant que les activit\u00e9s pr\u00e9vues (\u00e0 titre prin cipal, capture de sp\u00e9cimens avec rel\u00e2cher \nimm\u00e9diat sur place \u00e0 des fins scientifiques ou en vue de proc\u00e9der \u00e0 des op\u00e9rations de marquage ; \ncapture et, le cas \u00e9ch\u00e9ant, transport \u00e0 des fins de soins ou de sauvetage) ne pr\u00e9sentent que tr\u00e8s \npeu d'impacts sur les populations prot\u00e9g\u00e9es de l'esp\u00e8ce Gypaetus barbatus ; la d\u00e9rogation n'est \ndonc pas de nature \u00e0 nuire au maintien, dans un \u00e9tat de conservation favorable, des populations \nprot\u00e9g\u00e9es de Gypa\u00e8te barbu dans son aire de r\u00e9partition naturelle ; \n \nConsid\u00e9rant que, dans ces conditions, il appara\u00eet n \u00e9cessaire de d\u00e9livrer \u00e0 Asters \u2013 CEN de \nHaute-Savoie un arr\u00eat\u00e9 modificatif prorogeant l'arr\u00eat\u00e9 du 4 juin 2021 susvis\u00e9 pour une dur\u00e9e de \ndeux ann\u00e9es, dans l'attente du d\u00e9p\u00f4t d'un nouveau dossier, \n \n \n      ARR\u00caTE \n \n \n \nArticle 1 : \n \nL'arr\u00eat\u00e9 du 4 juin 2021 susvis\u00e9 est ainsi modifi\u00e9 : \n \n1\u00b0) \u00c0 l'article 3, le 9 \ni\u00e8me  alin\u00e9a est compl\u00e9t\u00e9, apr\u00e8s les mots \u00ab Sous l'autorit\u00e9 d'ASTERS \u00bb par les \ndispositions suivantes : \n \n\u00ab et en l'absence du d\u00e9clenchement d'une proc\u00e9dure judiciaire \u00bb. \n \n2\u00b0) \u00c0 l'article 3, au 10 \ni\u00e8me  alin\u00e9a, les mots \u00ab Lorsqu'un v\u00e9t\u00e9rinaire ou un lab oratoire non identifi\u00e9 \ndans le dossier de demande de d\u00e9rogation doit \u00eatre sollicit\u00e9, \u00bb sont remplac\u00e9s par les dispositions \nsuivantes : \n \n\u00ab Les laboratoires et organismes habilit\u00e9s sont cho isis pr\u00e9f\u00e9rentiellement dans la liste nationale \n\u00e9tablie dans le cadre du PNA conduit en faveur du G ypa\u00e8te barbu en vigueur. Dans le cas \ncontraire, \u00bb. \n \n3\u00b0) \u00c0 l'article 5, les mots \u00ab 31 d\u00e9cembre 2025 \u00bb so nt remplac\u00e9s par les mots \n\u00ab 31 d\u00e9cembre 2027 \u00bb. \n \n \n84_DREAL_Direction r\u00e9gionale de l'environnement, de l'am\u00e9nagement et du logement d'Auvergne-Rh\u00f4ne-Alpes - 03-2025-12-23-00011\n- Arr\u00eat\u00e9 modifiant l'arr\u00eat\u00e9 du 04 juin 2021 portant d\u00e9rogation \u00e0 la protection stricte des esp\u00e8ces d\u00e9livr\u00e9 \u00e0 l'association Asters -\nConservatoire d'espaces naturels (CEN) de Haute-Savoie\n113\nArticle 2 : \n \nLe pr\u00e9sent arr\u00eat\u00e9 ne dispense pas de l'obtention d' autres accords ou autorisations \n\u00e9ventuellement n\u00e9cessaires pour la r\u00e9alisation des op\u00e9rations susmentionn\u00e9es, au titre d'autres \nr\u00e9glementations. Il s'applique sans pr\u00e9judice de la  r\u00e8glementation relative \u00e0 l'acc\u00e8s aux \nressources g\u00e9n\u00e9tiques et au partage des avantages d\u00e9coulant de leur utilisation. \n \nArticle 3 : \n \nLes droits des tiers sont et demeurent express\u00e9ment r\u00e9serv\u00e9s. \nLe pr\u00e9sent arr\u00eat\u00e9 est notifi\u00e9 au b\u00e9n\u00e9ficiaire. \n \nLe pr\u00e9sent arr\u00eat\u00e9 peut faire l'objet d'un recours dans les deux mois qui suivent sa publication ou \nsa notification : \n    \u2022 par la voie d'un recours administratif. L'abs ence de r\u00e9ponse dans le d\u00e9lai de deux mois fait \nna\u00eetre une d\u00e9cision implicite de rejet, qui peut el le-m\u00eame faire l'objet d'un recours devant le \ntribunal administratif comp\u00e9tent, \n    \u2022 par la voie d'un recours contentieux devant l e tribunal administratif comp\u00e9tent, qui peut \ns'exercer par l'application informatique \u00ab t\u00e9l\u00e9reco urs citoyens \u00bb accessible via le site internet \nwww.telerecours.fr. \n \nArticle 4 : \n \nLa Directrice de l'eau et de la biodiversit\u00e9 est charg\u00e9e de l'application du pr\u00e9sent arr\u00eat\u00e9, qui sera \npubli\u00e9 au recueil des actes administratifs de la pr\u00e9fecture de chaque d\u00e9partement concern\u00e9. \n \n \nFait le \n \n \nLa ministre de la transition \u00e9cologique, \nde la biodiversit\u00e9 et des n\u00e9gociations internationales \nsur le climat et la nature, \n \nPour la ministre et par d\u00e9l\u00e9gation : \n \n \n84_DREAL_Direction r\u00e9gionale de l'environnement, de l'am\u00e9nagement et du logement d'Auvergne-Rh\u00f4ne-Alpes - 03-2025-12-23-00011\n- Arr\u00eat\u00e9 modifiant l'arr\u00eat\u00e9 du 04 juin 2021 portant d\u00e9rogation \u00e0 la protection stricte des esp\u00e8ces d\u00e9livr\u00e9 \u00e0 l'association Asters -\nConservatoire d'espaces naturels (CEN) de Haute-Savoie\n114\n84_DTPJJ_Direction territoriale de la protection\njudiciaire de la jeunesse de l'Auvergne\n03-2026-01-22-00002\nAP PDJ 2026 AER ENTRAIDE UNION\n84_DTPJJ_Direction territoriale de la protection judiciaire de la jeunesse de l'Auvergne - 03-2026-01-22-00002 - AP PDJ 2026 AER\nENTRAIDE UNION 115\nPREFET \\FET { \u00bb) ALLIERDE L'ALLIER NV BOURBONNAISLibert\u00e9pola \"y Le D\u00e9partementDirection Territoriale de la Protection Direction G\u00e9n\u00e9rale Adjointe des Solidarit\u00e9sJudiciaire de la Jeunesse Auvergne Direction des Territoires et de l'Offre m\u00e9dico-socialeP\u00f4le de gestion du secteur associatif habilit\u00e9 Service \u00e9quipements sociaux et m\u00e9dico-sociaux1 avenue des Cottages 1 avenue Victor Hugo - BP 166963000 CLERMONT-FERRAND 03016 MOULINS CEDEX\nARRET\u00c9 CONJOINT n\u00b0\nLe Pr\u00e9fet de l'Allier Le Pr\u00e9sident du Conseil d\u00e9partementalChevalier de l'Ordre National du M\u00e9rite de l'Allier\nVU le Code de la Sant\u00e9 Publique,VU le Code de l'Action Sociale et des Familles,VU le Code G\u00e9n\u00e9ral des Collectivit\u00e9s Territoriales,VU la loi N\u00b02007-293 du 5 mars 2007 r\u00e9formant la protection de l'enfance,VU la loi N\u00b02016-297 du 14 mars 2016 relative \u00e0 la protection de l'enfance,VU le sch\u00e9ma unique d\u00e9 solidarit\u00e9s 2023-2027,VU l'appel \u00e0 projet AAP-2024-01 publi\u00e9 le 17 juin 2024 par le Conseil d\u00e9partemental de l'Allier pour lacr\u00e9ation de 80 mesures d'Action. Educative Renforc\u00e9e r\u00e9partie en 3 lots sur les bassins des trois Territoires desSolidarit\u00e9s D\u00e9partementales, \"VU l'avis de classement propos\u00e9 par la commission d'information et de s\u00e9lection d'appel \u00e0 projet m\u00e9dico-socialpubli\u00e9 en date du 07 f\u00e9vrier 2025 au recueil des actes administratifs du d\u00e9partement de l'Allier pla\u00e7ant lacandidature de l'Association Entraide Union en rang 1 sur le bassin de Vichy pour 28 places,VU l'arr\u00eat\u00e9 de Monsieur le Pr\u00e9sident du Conseil d\u00e9partemental et de Monsieur le Pr\u00e9fet de l'Allier en date du5 mars 2025 portant autorisation de cr\u00e9ation de 28 places d'Action \u00e9ducative Renforc\u00e9e sur le bassin de Vichy,au b\u00e9n\u00e9fice de l'association ENTRAIDE UNION,\nSUR PROPOSITION de Monsieur le Secr\u00e9taire G\u00e9n\u00e9ral de la Pr\u00e9fecture de l'Allier, de Madame la DirectriceTerritoriale de la Protection Judiciaire de la Jeunesse Auvergne et de Monsieur le Directeur G\u00e9n\u00e9ral Adjoint desSolidarit\u00e9s,ARRETENT\nArticlei* : Le montant de la dotation globale de l'Entraide Union \u00e0 VICHY est fix\u00e9 \u00e0 230 912 \u20ac, autitre de l'ann\u00e9e 2026.Article2 : Cette dotation globale est vers\u00e9e par onzi\u00e8me le 20 de chaque mois.\n84_DTPJJ_Direction territoriale de la protection judiciaire de la jeunesse de l'Auvergne - 03-2026-01-22-00002 - AP PDJ 2026 AER\nENTRAIDE UNION 116\nArticle 3Article 4\nArticle 5\nArticle 6\nArticle 7Article 8\nA titre indicatif, le prix de journ\u00e9e est fix\u00e9 \u00e0 22,59 \u20ac pour l'ann\u00e9e 2026. Celui-ci seraretenu en cas de situations familiales relevant d'autres D\u00e9partements.En l'absence de nouvel arr\u00eat\u00e9, le prix de journ\u00e9e et le montant de la dotation mentionn\u00e9s \u00e0l'article 1 et 3, le cas \u00e9ch\u00e9ant, dans les conditions fix\u00e9es, sont maintenus.Le versement de la dotation globale est conditionn\u00e9 par la transmission d'\u00e9tats mensuels defacturation par l'association ENTRAIDE UNION qui permettra d'estimer la n\u00e9cessit\u00e9 d'uner\u00e9gularisation en N+1.Les recours contentieux dirig\u00e9s contre le pr\u00e9sent arr\u00eat\u00e9 doivent \u00eatre port\u00e9s devant leTribunal Administratif de Lyon, dans le d\u00e9lai d'un mois \u00e0 compter de sa publication ou, pourles personnes auxquelles il sera notifi\u00e9, \u00e0 compter de sa notification.Le pr\u00e9sent arr\u00eat\u00e9 sera publi\u00e9 au recueil des actes administratifs de la Pr\u00e9fecture de l'Allieret sur le site internet du D\u00e9partement de l'Allier.Le Secr\u00e9taire G\u00e9n\u00e9ral de la Pr\u00e9fecture, le directeur g\u00e9n\u00e9ral des services du D\u00e9partement, leDirecteur G\u00e9n\u00e9ral Adjoint des Solidarit\u00e9s D\u00e9partementales, la Directrice Territoriale de laProtection Judiciaire de la Jeunesse Auvergne, le Pr\u00e9sident de l'association ENTRAIDEUNION, sont charg\u00e9s, chacun en ce qui le concerne, de l'ex\u00e9cution du pr\u00e9sent arr\u00eat\u00e9.\nMoulins, le 1 2 JAN 28 Moulins, lef\nLe Pr\u00e9fet de l'AllierPour le Pr\u00e9fet et par d\u00e9l\u00e9guationLe Secr\u00e9taire G\u00e9n\u00e9ral a\nOlivierDAF4\nREL\n84_DTPJJ_Direction territoriale de la protection judiciaire de la jeunesse de l'Auvergne - 03-2026-01-22-00002 - AP PDJ 2026 AER\nENTRAIDE UNION 117\n84_DTPJJ_Direction territoriale de la protection\njudiciaire de la jeunesse de l'Auvergne\n03-2026-01-13-00004\nARRETE CONJ TARIF 2026 SERVICES ET ETS\nACCOMPAGNEMENT EDUC ASSOC SAGESS\n84_DTPJJ_Direction territoriale de la protection judiciaire de la jeunesse de l'Auvergne - 03-2026-01-13-00004 - ARRETE CONJ TARIF\n2026 SERVICES ET ETS ACCOMPAGNEMENT EDUC ASSOC SAGESS 118\n=\"PREFETTRU ALLIERas VA BOURBONNAISnl + te D\u00e9partementDirection Territoriale de la Protection Direction G\u00e9n\u00e9rale Adjointe des Solidarit\u00e9sJudiciaire de la Jeunesse Auvergne Direction des Territoires et de l'Offre m\u00e9dico-socialeP\u00e9le de gestion du secteur associatif habilit\u00e9 Service \u00e9quipements sociaux et m\u00e9dico-sociaux1 avenue des Cottages 1 avenue Victor Hugo - BP 166963000 CLERMONT-FERRAND 03016 MOULINS CEDEX\nARRETE CONJOINT n\u00b0Fixant la dotation annuelledes services et \u00e9tablissements d'accompagnement \u00e9ducatif de l'association SAGESS.i Conseil d\u00e9Le Pr\u00e9fet de l'Allier Le Pr\u00e9sident * < al partementalChevalier de l'Ordre National du M\u00e9riteVU le Code Civil et notamment les articles 375 \u00e0 375-8 relatifs \u00e0 l'assistance \u00e9ducative,VU le Code G\u00e9n\u00e9ral des Collectivit\u00e9s Territoriales,VU le Code de l'Action Sociale et des Familles,Vu le Code de la Justice P\u00e9nale et notamment les articles R241-3 \u00e0 9,VU le Code de la Sant\u00e9 Publique,VU l'ordonnance n\u00b0 45-1845 du 18 ao\u00fbt 1945 relative au remboursement aux institutions priv\u00e9es des fraisd'entretien et d'\u00e9ducation des mineurs d\u00e9linquants,VU la loi n\u00b0 83-8 du 7 janvier 1983 relative \u00e0 la r\u00e9partition des comp\u00e9tences entre les Communes, lesD\u00e9partements, les R\u00e9gions et l'\u00c9tat, compl\u00e9t\u00e9e par celle n\u00b0 83-663 du 22 juillet 1983,VU l'arr\u00eat\u00e9 du Ministre de la Justice en date du 19 d\u00e9cembre 2003 relatif aux modes de tarification applicablesaux prestations d'action \u00e9ducative d\u00e9livr\u00e9es par les \u00e9tablissements et services concourant \u00e0 la protectionjudiciaire de la jeunesse et sous comp\u00e9tence tarifaire conjointe du repr\u00e9sentant de l'\u00c9tat dans le d\u00e9partementet du Pr\u00e9sident du Conseil G\u00e9n\u00e9ral,VU l'arr\u00eat\u00e9 pr\u00e9fectoral en date du 25 janvier 1962 autorisant la cr\u00e9ation du service d'Action \u00c9ducative enMilieu Ouvert, sis 42 rue de la R\u00e9publique \u00e0 AVERMES (03000), et g\u00e9r\u00e9 par l'Association D\u00e9partementale pourla Sauvegarde de l'Enfance et de l'Adolescence de l'Allier,Vu les arr\u00eat\u00e9s pr\u00e9fectoraux du 1er septembre 1978 et du 26 mai 1997 portant habilitation et autorisation de laMaison d'Enfants \u00e0 Caract\u00e8re Social \u00ab Saint Exup\u00e9ry \u00bb g\u00e9r\u00e9e par l'Association D\u00e9partementale de Sauvegardede l'Enfance et de l'Adolescence de l'Allier ;Vu l'arr\u00eat\u00e9 conjoint du Pr\u00e9sident du Conseil d\u00e9partemental et de la Pr\u00e9f\u00e8te de l'Allier portant transfert del'autorisation de la Mecs St Exup\u00e9ry de l'association ADSEA 03 \u00e0 l'association SAGESS ;VU l'arr\u00eat\u00e9 pr\u00e9fectoral en date du 26 mai 1997 habilitant le service d'Action \u00c9ducative en Milieu Ouvert autitre du d\u00e9cret n\u00b088-949 du 6 octobre 1988 relatif \u00e0 I'habilitation des personnes physiques, \u00e9tablissements,services ou organismes publics ou priv\u00e9s auxquels l'autorit\u00e9 judiciaire confie habituellement des mineurs oul'ex\u00e9cution de mesures les concernant,\n84_DTPJJ_Direction territoriale de la protection judiciaire de la jeunesse de l'Auvergne - 03-2026-01-13-00004 - ARRETE CONJ TARIF\n2026 SERVICES ET ETS ACCOMPAGNEMENT EDUC ASSOC SAGESS 119\nVu l'arr\u00eat\u00e9 conjoint en date du 29 octobre 2012 portant cr\u00e9ation du service de Placement Interm\u00e9diaire etIndivdualis\u00e9 (SP21) \u00e0 Moulins de 20 places,Vu l'arr\u00eat\u00e9 conjoint en date du 21 janvier 2019 portant modification de la r\u00e9partition des places d'accueil de laMaison d'Enfants \u00e0 Caract\u00e8re Social \u00ab Saint Exup\u00e9ry \u00bb g\u00e9r\u00e9e par l'Association ADSEA de Moulins par cr\u00e9ationd'une unit\u00e9 pour cas complexes de 8 places sans extension de capacit\u00e9 ;Vu l'arr\u00eat\u00e9 conjoint du Pr\u00e9sident du Conseil d\u00e9partemental et du Pr\u00e9fet de l'Allier du 5 mars 2025 portantcr\u00e9ation de services d'Actions \u00e9ducatives Renforc\u00e9es sur les bassin s de Moulins et Montlu\u00e7on g\u00e9r\u00e9s parl'association SAGES;Vu l'arr\u00eat\u00e9 conjoint en date du 28 mai 2025 portant modification de l'autorisation de fonctionnement au 3 juin2025 du service Placement Educatif \u00e0 Domicile (PEAD) \u00ab PEAD SPII SAGESS \u00bb situ\u00e9 \u00e0 Yzeure :Changement de d\u00e9nomination du service en \u00ab Action \u00e9ducative Renforc\u00e9e avec possibilit\u00e9 d'H\u00e9bergement(AERPH) \u00bb ;Vu le contrat d'objectifs et de moyens conclu entre l'association SAGESS, la Direction interr\u00e9gionale Centre Estde la Protection judiciaire de la jeunesse et le Conseil d\u00e9partemental de l'Allier sign\u00e9 le 3 janvier 2022,SUR PROPOSITION de Monsieur le Secr\u00e9taire G\u00e9n\u00e9ral de la Pr\u00e9fecture de l'Allier, de Madame la DirectriceTerritoriale de la Protection Judiciaire de la Jeunesse Auvergne et de Monsieur le Directeur g\u00e9n\u00e9ral desServices, ARRETENTARTICLE 1 : La dotation annuelle du Service d'Action Educative en Milieu Ouvert (AEMO) g\u00e9r\u00e9 parl'association SAGESS est fix\u00e9e \u00e0 compter du 1* janvier 2026 \u00e0 : 1 759 873,08 \u20ac. Elle sera vers\u00e9e pardouzi\u00e8me.Le prix de journ\u00e9e est arr\u00eat\u00e9 au 1* janvier \u00e0 9,78 \u20ac.\nARTICLE 2 : La dotation annuelle de la MECS Saint exup\u00e9ry \u00e0 Moulins g\u00e9r\u00e9e par l'association SAGESS est fix\u00e9e\u00e0 compter du 1\u00b0' janvier 2026 \u00e0 : 2 142 636,74 \u20ac. Elle sera vers\u00e9e par douzi\u00e8me.Le prix de journ\u00e9e est arr\u00eat\u00e9 au 1\u00b0 janvier \u00e0 214,26 \u20ac.\nARTICLE 3 : La dotation annuelle de l'Unit\u00e9 Cas Complexes (UCC) \u00e0 Moulins g\u00e9r\u00e9e par l'association SAGESSest fix\u00e9 \u00e0 compter du 1\u00b0 janvier 2026 \u00e0 : 693 794,55 \u20ac. Elle sera vers\u00e9e par douzi\u00e8me.Le prix de journ\u00e9e est arr\u00eat\u00e9 au 1\u00b0' janvier \u00e0 289,08 \u20ac.ARTICLE 4 : La dotation annuelle du Servce d'Action Educative Renforc\u00e9e avec Poissibilit\u00e9 d'H\u00e9bergement(AERPH) g\u00e9r\u00e9e par l'association SAGESS est fix\u00e9 \u00e0 compter du 1\u00b0 janvier 2026 \u00e0 : 1 246 267,41 \u20ac. Elle seravers\u00e9e par douzi\u00e8me.Le prix de journ\u00e9e est arr\u00eat\u00e9 au 1\u00b0 janvier \u00e0 54,81 \u20ac.ARTICLE 5 : La dotation annuelle du Servce d'Action Educative Renforc\u00e9e (AER) g\u00e9r\u00e9e par l'association SAGESSest fix\u00e9 \u00e0 compter du 1\u00b0 janvier 2026 \u00e0 : 428 837,33 \u20ac. Elle sera vers\u00e9e par douzi\u00e8me.ARTICLE 6 : Les recours contentieux dirig\u00e9s contre le pr\u00e9sent arr\u00eat\u00e9 doivent \u00eatre port\u00e9s devant le TribunalAdministratif de Lyon, dans le d\u00e9lai d'un mois \u00e0 compter de sa publication ou, pour les personnes auxquelles ilsera notifi\u00e9, \u00e0 compter de sa notification.ARTICLE 7: En l'absence de nouvel arr\u00eat\u00e9, le montant des dotations mentionn\u00e9es aux articles1, 2, 3, 4 et 5, lecas \u00e9ch\u00e9ant, dans les conditions fix\u00e9es, est maintenu.ARTICLE 8 : Une ampliation du pr\u00e9sent arr\u00eat\u00e9 sera notifi\u00e9e \u00e0 I'\u00e9tablissement ou au service concern\u00e9.ARTICLE 9 : Le pr\u00e9sent arr\u00eat\u00e9 sera publi\u00e9 au recueil des actes administratifs de la Pr\u00e9fecture de l'Allier et sur lesite internet du D\u00e9partement de l'Allier.\n84_DTPJJ_Direction territoriale de la protection judiciaire de la jeunesse de l'Auvergne - 03-2026-01-13-00004 - ARRETE CONJ TARIF\n2026 SERVICES ET ETS ACCOMPAGNEMENT EDUC ASSOC SAGESS 120\nARTICLE 10 : Le Secr\u00e9taire G\u00e9n\u00e9ral de la Pr\u00e9fecture, le directeur g\u00e9n\u00e9ral des services du D\u00e9partement, laDirectrice G\u00e9n\u00e9rale Adjointe des Solidarit\u00e9s D\u00e9partementales, la Directrice Territoriale de la ProtectionJudiciaire de la Jeunesse Auvergne, le Pr\u00e9sident de l'association SAGESS, sont charg\u00e9s, chacun en ce qui leconcerne, de l'ex\u00e9cution du pr\u00e9sent arr\u00eat\u00e9.\nMoulins, le 16 JAN. 2026 Moulins, le 1 3 JAN, 2026\nLe Pr\u00e9fet de l'Allier Le Pr\u00e9sident du Conseil d\u00e9partemental,Pour le Pr\u00e9fet et par d\u00e9l\u00e9gation, Pour le Pr\u00e9sident du ConseilLLe Secr\u00e9taire G\u00e9n\u00e9ral, d\u00e9partementaur\nOlivier MAUREL\na\n84_DTPJJ_Direction territoriale de la protection judiciaire de la jeunesse de l'Auvergne - 03-2026-01-13-00004 - ARRETE CONJ TARIF\n2026 SERVICES ET ETS ACCOMPAGNEMENT EDUC ASSOC SAGESS 121\nat\n84_DTPJJ_Direction territoriale de la protection judiciaire de la jeunesse de l'Auvergne - 03-2026-01-13-00004 - ARRETE CONJ TARIF\n2026 SERVICES ET ETS ACCOMPAGNEMENT EDUC ASSOC SAGESS 122\n84_DTPJJ_Direction territoriale de la protection\njudiciaire de la jeunesse de l'Auvergne\n03-2026-01-20-00002\nARRETE HABILITATION CER OVAL'VIE\nSERBANNES\n84_DTPJJ_Direction territoriale de la protection judiciaire de la jeunesse de l'Auvergne - 03-2026-01-20-00002 - ARRETE HABILITATION\nCER OVAL'VIE SERBANNES 123\nz= , | Pr\u00e9fecture de l'AllierDirection territoriale de la protectionPR\u00c9FET judiciaire de la jeunesse AuvergneDE L'ALLIER J On rLibert\u00e9\u00c9galit\u00e9Fraternit\u00e9\nARR\u00caT\u00c9 PREFECTORAL n\u00b0 en date duportant habilitation du centre \u00e9ducatif renforc\u00e9\u00e0 Serbannes (03)\nLE PR\u00c9FETChevalier de l'ordre national du M\u00e9rite,\nVU le code de l'action sociale et des familles, et notamment son article L. 313-10;VU le code de la justice p\u00e9nale des mineurs, et notamment ses articles R.241-3 \u00e0 R.241-9;VU le d\u00e9cret n\u00b0 88-949 du 6 octobre 1988 modifi\u00e9 relatif \u00e0 l'habilitation des personnesphysiques, \u00e9tablissements, services ou organismes publics ou priv\u00e9s auxquels l'autorit\u00e9judiciaire confie habituellement des mineurs ou l'ex\u00e9cution de mesures les concernant ;VU l'arr\u00eat\u00e9 pr\u00e9fectoral du 21 avril 2000 portant autorisation de cr\u00e9ation d'un centre \u00e9ducatifrenforc\u00e9 g\u00e9r\u00e9 par l'association pour l'\u00e9ducation renforc\u00e9e - APLER ;VU la demande du 9 d\u00e9cembre 2024 et le dossier justificatif pr\u00e9sent\u00e9s par l'association pourl'\u00e9ducation renforc\u00e9e - APLER, sise 12 avenue Paul Doumer 03200 Vichy, en vue d'obtenirI'habilitation du centre \u00e9ducatif renforc\u00e9 \u00e0 Serbannes;VU l'avis du procureur de la R\u00e9publique pr\u00e8s le tribunal judiciaire de Moulins en date du 16d\u00e9cembre 2025;VU l'avis du magistrat coordonnateur d\u00e9sign\u00e9 en application de l'article R.251-3 du Code del'organisation judiciaire pr\u00e8s le tribunal judiciaire de Moulins en date du 21 novembre 2025;VU l'avis de l'autorit\u00e9 acad\u00e9mique de l'Allier sollicit\u00e9e le 17 novembre 2025 ;VU l'avis du Pr\u00e9sident du Conseil d\u00e9partemental de l'Allier sollicit\u00e9 le 17 novembre 2025 ;SUR proposition de Madame la Directrice interr\u00e9gionale de la protection judiciaire de la jeunesseCentre-Est ;\n84_DTPJJ_Direction territoriale de la protection judiciaire de la jeunesse de l'Auvergne - 03-2026-01-20-00002 - ARRETE HABILITATION\nCER OVAL'VIE SERBANNES 124\nARRETE\nArticle 1%: Le centre \u00e9ducatif renforc\u00e9, d\u00e9nomm\u00e9 \u00ab CER OVAL'VIE \u00bb, sis 14 route de Bellerive 03700Serbannes, g\u00e9r\u00e9 par I'association pour l'\u00e9ducation renforc\u00e9e \u2014 APLER, sise 12 avenue Paul Doumer03200 Vichy, est habilit\u00e9 \u00e0 recevoir 6 garcons, \u00e2g\u00e9s de 14 ans \u00e0 17 ans et demi, confi\u00e9s par l'autorit\u00e9judiciaire au titre -de la l\u00e9gislation relative \u00e0 l'enfance d\u00e9linquante (code de la justice p\u00e9nale desmineurs).Article 2: La pr\u00e9sente habilitation est d\u00e9livr\u00e9e pour une p\u00e9riode de 5 ans \u00e0 compter de sanotification et renouvel\u00e9e dans les conditions fix\u00e9es par le d\u00e9cret du 6 octobre 1988 susvis\u00e9.Article 3: Tout projet modifiant la capacit\u00e9, le r\u00e9gime de fonctionnement de l'\u00e9tablissementhabilit\u00e9, les lieux o\u00f9 il est implant\u00e9 et, d'une mani\u00e8re g\u00e9n\u00e9rale, tout changement pouvant avoir uneincidence sur la nature ou le champ d'application de l'habilitation accord\u00e9e, doit \u00eatre port\u00e9 \u00e0 laconnaissance du directeur interr\u00e9gional de la protection judiciaire de la jeunesse par la personnemorale gestionnaire.Article 4 : Toute modification dans la composition des organes de direction de la personne moralegestionnaire de l'\u00e9tablissement habilit\u00e9 doit \u00eatre port\u00e9e \u00e0 la connaissance du directeurinterr\u00e9gional de la protection judiciaire de la jeunesse par le repr\u00e9sentant de la personne morale.Doit \u00eatre \u00e9galement notifi\u00e9 dans les m\u00eames conditions tout recrutement de personnel affect\u00e9 dansl'\u00e9tablissement habilit\u00e9.Article 5 : Le pr\u00e9fet peut \u00e0 tout moment retirer l'habilitation lorsque sont constat\u00e9s des faits denature \u00e0 compromettre la mise en \u0153uvre des mesures judiciaires ou \u00e0 porter atteinte aux int\u00e9r\u00eatsdes mineurs confi\u00e9s.Article 6 : Le pr\u00e9sent arr\u00eat\u00e9 est notifi\u00e9 au repr\u00e9sentant de l'organisme gestionnaire del'\u00e9tablissement et publi\u00e9 au recueil des actes administratifs de la Pr\u00e9fecture.Article 7: En application des dispositions des articles R. 312-1 et R. 421-1 du code de justiceadministrative, le pr\u00e9sent arr\u00eat\u00e9 peut, dans un d\u00e9lai de deux mois \u00e0 compter de sa publication oude sa notification, faire l'objet :- d'un recours administratif gracieux devant le pr\u00e9fet du d\u00e9partement, autorit\u00e9 signataire decette d\u00e9cision ou d'un recours administratif hi\u00e9rarchique devant le Ministre de l'int\u00e9rieur;- d'un recours contentieux par voie postale aupr\u00e8s du tribunal administratif territorialementcomp\u00e9tent ou par l'application T\u00e9l\u00e9recours citoyens, accessible sur le sitewww .telerecours.fr.En cas de recours administratif, le d\u00e9lai de recours contentieux est prorog\u00e9.\n84_DTPJJ_Direction territoriale de la protection judiciaire de la jeunesse de l'Auvergne - 03-2026-01-20-00002 - ARRETE HABILITATION\nCER OVAL'VIE SERBANNES 125\nArticle 8: Monsieur le Secr\u00e9taire g\u00e9n\u00e9ral de la pr\u00e9fecture de l'Allier et Madame la Directriceinterr\u00e9gionale de la protection judiciaire de la jeunesse Centre-Est sont charg\u00e9s, chacun en ce qui leconcerne, de I'ex\u00e9cution du pr\u00e9sent arr\u00eat\u00e9.\nLe Pr\u00e9fet\nFait \u00e0 MoulinsLe 20 JAN 20%Pour le Pr\u00e9fet et par d\u00e9l\u00e9gation,Le Segr\u00e9taire G\u00e9n\u00e9ral,Olivier MAUREL\nD\n84_DTPJJ_Direction territoriale de la protection judiciaire de la jeunesse de l'Auvergne - 03-2026-01-20-00002 - ARRETE HABILITATION\nCER OVAL'VIE SERBANNES 126\ncreda ag $9 tat of aende ouefetae4 2 2\nwil 4\n84_DTPJJ_Direction territoriale de la protection judiciaire de la jeunesse de l'Auvergne - 03-2026-01-20-00002 - ARRETE HABILITATION\nCER OVAL'VIE SERBANNES 127\nDirection Centre Est\n03-2026-01-27-00001\n2026-N145-GUE-23-04 portant r\u00e9glementation\ntemporaire de la circulation sur la RN 145 sur le\nterritoire de la commune de La Souterraine dans\nle d\u00e9partement de la Creuse\nDirection Centre Est - 03-2026-01-27-00001 - 2026-N145-GUE-23-04 portant r\u00e9glementation temporaire de la circulation sur la RN 145\nsur le territoire de la commune de La Souterraine dans le d\u00e9partement de la Creuse 128\nE 3MINIST\u00c8RECHARG\u00c9DES TRANSPORTSLibert\u00e9Egalit\u00e9Fraternit\u00e9\nDirection interd\u00e9partementale\ndes routes Centre-Ouest\nPR\u00c9FECTURE DE LA CREUSE\nArr\u00eat\u00e9 n\u00b0   2026  -N145-GUE-23  -04  \nportant r\u00e9glementation temporaire de la circulation sur la RN 145\nsur le territoire de la commune de La Souterraine\ndans le d\u00e9partement de la Creuse\nVu le Code de la Route\u00a0; \nVu le Code de la voirie routi\u00e8re\u00a0;\nVu l'arr\u00eat\u00e9 du 24 novembre 1967 modifi\u00e9 relatif \u00e0 la signalisation des routes et autoroutes ;\nVu l'Instruction  Interminist\u00e9rielle  sur  la  signalisation  Routi\u00e8re  (Livre  1  \u2013  8\u00e8me  partie  \u2013  Signalisation\ntemporaire)  approuv\u00e9e par arr\u00eat\u00e9 interminist\u00e9riel du 6 d\u00e9cembre 2011 modifi\u00e9;\nVu le d\u00e9cret 2004-374 du 29 avril 2004, modifi\u00e9, relatif aux pouvoirs des Pr\u00e9fets et \u00e0 l'organisation et \u00e0\nl'action des services de l'\u00c9tat dans les r\u00e9gions et d\u00e9partements\u00a0;\nVu l'arr\u00eat\u00e9  interminist\u00e9riel  en  date  du  26  mai  2006  portant  constitution  des  directions\ninterd\u00e9partementales des routes\u00a0;\nVu le d\u00e9cret n\u00b0 2013-1181 du 17 d\u00e9cembre 2013 modifi\u00e9 portant cr\u00e9ation et organisation des directions\ninterd\u00e9partementales des routes\u00a0;\nVu la note technique du 14 avril 2016 relative \u00e0 la coordination des chantiers sur  le r\u00e9seau routier\nnational\u00a0;\nVu le d\u00e9cret du 17 d\u00e9cembre 2025 nommant M Jean-Philippe LEGUEULT, Pr\u00e9fet de la Creuse\u00a0;\nVu l'arr\u00eat\u00e9  du  20  novembre  2023  du  Ministre  de  la  Transition  \u00c9cologique et  de  la  Coh\u00e9sion  des\nTerritoires nommant M.Philippe FAUCHET, ing\u00e9nieur en chef des ponts, des eaux et des forets, en\nqualit\u00e9 de directeur interd\u00e9partemental des routes Centre-Ouest, \u00e0 compter du 1er\n d\u00e9cembre 2023 ;\nVu l'arr\u00eat\u00e9 n\u00b023-2026-01-12-00024 de M Jean-Philippe LEGUEULT, Pr\u00e9fet de la Creuse, en date du 12\njanvier  2026,  portant  d\u00e9l\u00e9gation  de  signature  \u00e0  M.  Philippe  FAUCHET\u00a0en  mati\u00e8re  de  gestion  et\nconservation du domaine routier national et exploitation des routes nationales ;\nVu l'arr\u00eat\u00e9 n\u00b0 2026-23-01 en date du 15 janvier 2026 du directeur interd\u00e9partemental des routes Centre-\nOuest donnant d\u00e9l\u00e9gation de signature aux agents plac\u00e9s sous son autorit\u00e9\u00a0;\n22, rue des P\u00e9nitents blancs\n87 032 Limoges cedex\nT\u00e9l.\u00a0: 33 (0) 5 87 50 60 00\nT\u00e9l\u00a0: 05 55 41 87 00\nwww.dirco.info\nM\u00e9l\u00a0: District-Gueret.Dirco@developpement-durable.gouv.fr 1/3\nDirection Centre Est - 03-2026-01-27-00001 - 2026-N145-GUE-23-04 portant r\u00e9glementation temporaire de la circulation sur la RN 145\nsur le territoire de la commune de La Souterraine dans le d\u00e9partement de la Creuse 129\nCONSID\u00c9RANT les d\u00e9gradations importantes des joints du pont de l'\u00e9changeur n\u00b055 sur la voie de droite\ndans le sens Montlu\u00e7on - Bellac, n\u00e9cessitant des r\u00e9parations,\n \nCONSID\u00c9RANT la n\u00e9cessit\u00e9 de poursuivre la r\u00e9alisation de chantiers \u00e0 proximit\u00e9 de la zone neutralis\u00e9e\nsur la RN 145, pour assurer la s\u00e9curit\u00e9 des usagers de la route et du personnel assurant les travaux, il y a\nlieu de r\u00e9glementer la circulation comme suit,\nSUR PROPOSITION de Monsieur le chef du CEI de La Souterraine par int\u00e9rim du district de Gu\u00e9ret de la\nDirection Interd\u00e9partementale des Routes Centre-Ouest.\nARR\u00caTE\n***\nARTICLE 1\u00a0:\nA compter du 29 janvier 2026, la voie de droite sera neutralis\u00e9e entre le PR 10+500 et le PR 8+550 dans le\nsens Montlu\u00e7on \u2013 Bellac.\nLa vitesse sera limit\u00e9e \u00e0 90km/h et le d\u00e9passement sera interdit entre le PR 10+900 et le PR 8+550.\nCes restrictions seront maintenues jusqu'\u00e0 la r\u00e9paration effective des joints du pont de l'\u00e9changeur n\u00b055.\nARTICLE 2  \u00a0  :  \nPendant la p\u00e9riode de restriction du pr\u00e9sent arr\u00eat\u00e9, il pourra \u00eatre d\u00e9rog\u00e9 aux principes g\u00e9n\u00e9raux sur\nl'inter-distance entre deux chantiers cons\u00e9cutifs,  de la note technique du 14 avril 2016  relative \u00e0 la\ncoordination des chantiers sur le r\u00e9seau routier national en respectant n\u00e9anmoins une distance de 5 km\nentre les 2 chantiers.\nARTICLE 3  \u00a0  :  \nLa  signalisation  r\u00e9glementaire,  conforme  aux  prescriptions  de  l'Instruction  Interminist\u00e9rielle  sur  la\nsignalisation temporaire est mise en place, surveill\u00e9e et entretenue par le District de Gu\u00e9ret \u2013 CEI de La\nSouterraine.\nARTICLE 4  \u00a0  :  \nToute infraction constat\u00e9e au pr\u00e9sent arr\u00eat\u00e9 est passible de sanction  conform\u00e9ment aux lois et r\u00e8gle -\nments en vigueur.\nARTICLE 5  \u00a0  :  \nLe pr\u00e9sent arr\u00eat\u00e9 peut faire l'objet d'un recours contentieux aupr\u00e8s du tribunal administratif comp\u00e9tent\nde Limoges dans un d\u00e9lai de deux mois \u00e0 compter de sa notification. Le recours doit \u00eatre adress\u00e9 soit par\n22, rue des P\u00e9nitents blancs\n87 032 Limoges cedex\nT\u00e9l.\u00a0: 33 (0) 5 87 50 60 00\nT\u00e9l\u00a0: 05 55 41 87 00 \nwww.dirco.info\nM\u00e9l\u00a0: District-Gueret.Dirco@developpement-durable.gouv.fr 2/3\nDirection Centre Est - 03-2026-01-27-00001 - 2026-N145-GUE-23-04 portant r\u00e9glementation temporaire de la circulation sur la RN 145\nsur le territoire de la commune de La Souterraine dans le d\u00e9partement de la Creuse 130\nvoie postale au tribunal administratif (1, cours Vergniaud \u2013 87 000 Limoges)  soit par voie d\u00e9mat\u00e9rialis\u00e9e\npar l'application informatique \u00ab\u00a0T\u00e9l\u00e9recours citoyens\u00a0\u00bb accessible par le lien http://www.telerecours.fr. \nLe pr\u00e9sent arr\u00eat\u00e9 peut \u00e9galement faire l'objet d'un recours gracieux aupr\u00e8s du Pr\u00e9fet de la Creuse et d'un\nrecours hi\u00e9rarchique aupr\u00e8s du Ministre de l'Int\u00e9rieur dans les m\u00eames d\u00e9lais.\nLe silence gard\u00e9 par l'autorit\u00e9 administrative durant deux mois vaut d\u00e9cision implicite de rejet.\nARTICLE 6  \u00a0  :   Copie du pr\u00e9sent arr\u00eat\u00e9 sera adress\u00e9e \u00e0\u00a0:\nM. le Directeur Interd\u00e9partemental des Routes Centre-Ouest est charg\u00e9 d'assurer l'ex\u00e9cution du pr\u00e9sent\narr\u00eat\u00e9 qui sera publi\u00e9 au Recueil des Actes Administratifs et sur le site Internet de la DIRCO, affich\u00e9 aux\nabords du chantier et disponible dans les v\u00e9hicules et dont ampliation sera adress\u00e9e\u00a0:\n\u2013 au Colonel commandant du Groupement de Gendarmerie D\u00e9partemental de la Creuse,\n\u2013 \u00e0 la Directrice de la Police Nationale de la Creuse,\n\u2013 au district de Gu\u00e9ret concern\u00e9 par les travaux,\ncharg\u00e9s, chacun en ce qui le concerne, d'en assurer l'ex\u00e9cution,\net pour information \u00e0\u00a0:\n\u2013 \u00e0 la pr\u00e9fecture de la Creuse,\n\u2013 Mme la Pr\u00e9sidente du Conseil D\u00e9partemental de la Creuse,\n\u2013 M le Maire de la commune de La Souterraine,\n\u2013 Mme la Directrice D\u00e9partementale des Territoires de la Creuse,\n\u2013 Syndicat des Transporteurs Routiers de la Nouvelle Aquitaine,\n\u2013 S.D.I.S. de la Creuse,\n\u2013 CIGT,\n\u2013 Service des Transports \u2013 R\u00e9gion Nouvelle Aquitaine,\n\u2013 S.A.M.U. 23\n\u00c0 Gu\u00e9ret,\nLE PR\u00c9FET\nP/LA PR\u00c9FET, ET PAR D\u00c9L\u00c9GATION\nLe Directeur Interd\u00e9partemental des Routes Centre Ouest,\net par subd\u00e9l\u00e9gation le chef du district de Gu\u00e9ret\nJ\u00e9r\u00f4me BOISSIER\n22, rue des P\u00e9nitents blancs\n87 032 Limoges cedex\nT\u00e9l.\u00a0: 33 (0) 5 87 50 60 00\nT\u00e9l\u00a0: 05 55 41 87 00 \nwww.dirco.info\nM\u00e9l\u00a0: District-Gueret.Dirco@developpement-durable.gouv.fr 3/3\nDirection Centre Est - 03-2026-01-27-00001 - 2026-N145-GUE-23-04 portant r\u00e9glementation temporaire de la circulation sur la RN 145\nsur le territoire de la commune de La Souterraine dans le d\u00e9partement de la Creuse 131","date":"2026-02-02","first_seen_on":"2026-02-02T09:04:54+00:00","id":"d9d31a47537d1c5d78d00a7c0aa1b5935a40dee42fab4736a18b54fe80eaeee0","name":"recueil \u00e9dit\u00e9 le 02 f\u00e9vrier 2026","pdf_creation_date":"2026-02-02T01:00:27+00:00","pdf_modification_date":null,"timezone":"Europe/Paris","url":"https://www.allier.gouv.fr/contenu/telechargement/19439/132573/file/recueil-03-2026-028-recueil-des-actes-administratifs-1.pdf"}
