{"administration":"pref03","administration_name":"Pr\u00e9fecture de l\u2019Allier","content":"ALLIER\nRECUEIL DES ACTES\nADMINISTRATIFS SP\u00c9CIAL\nN\u00b003-2025-186\nPUBLI\u00c9 LE  5 NOVEMBRE 2025\nSommaire\n03_Pr\u00e9f_Pr\u00e9fecture de l'Allier / Direction de la Coordination des\nPolitiques Publique\n03-2025-11-05-00004 - extrait arr\u00eat\u00e9 n\u00b0 2450 du 05 novembre 2025\nchargeant Madame Cyrielle FRANCHI, sous-pr\u00e9f\u00e8te, directrice de\ncabinet du pr\u00e9fet de l'Allier, de la suppl\u00e9ance du pr\u00e9fet de\nl'Allier\net lui donnant \u00e0 cet effet d\u00e9l\u00e9gation de signature (1 page) Page 3\n2\n03_Pr\u00e9f_Pr\u00e9fecture de l'Allier\n03-2025-11-05-00004\nextrait arr\u00eat\u00e9 n\u00b0 2450 du 05 novembre 2025\nchargeant Madame Cyrielle FRANCHI,\nsous-pr\u00e9f\u00e8te, directrice de cabinet du pr\u00e9fet de\nl'Allier, de la suppl\u00e9ance du pr\u00e9fet de l'Allier\net lui donnant \u00e0 cet effet d\u00e9l\u00e9gation de signature\n03_Pr\u00e9f_Pr\u00e9fecture de l'Allier - 03-2025-11-05-00004 - extrait arr\u00eat\u00e9 n\u00b0 2450 du 05 novembre 2025 chargeant Madame Cyrielle\nFRANCHI, sous-pr\u00e9f\u00e8te, directrice de cabinet du pr\u00e9fet de l'Allier, de la suppl\u00e9ance du pr\u00e9fet de l'Allier\net lui donnant \u00e0 cet effet d\u00e9l\u00e9gation de signature\n3\nPREFETDE L'ALLIERLibert\u00e9Egalit\u00e9Fraternit\u00e9\n           \n            N\u00b0\nExtrait de l'arr\u00eat\u00e9 n\u00b0 2450/2025 du 05 novembre 2025\nchargeant Madame Cyrielle FRANCHI, sous-pr\u00e9f\u00e8te,\ndirectrice de cabinet du pr\u00e9fet de l'Allier,\nde la suppl\u00e9ance du pr\u00e9fet de l'Allier\net lui donnant \u00e0 cet effet d\u00e9l\u00e9gation de signature\nArticle     1     - Est  d\u00e9sign\u00e9e  pour  assurer  la  suppl\u00e9ance  du  pr\u00e9fet  de  l'Allier  pendant  son\nabsence la  journ\u00e9e du jeudi 06 novembre 2025 , et uniquement en cas d'absence de\nM. Olivier MAUREL, secr\u00e9taire g\u00e9n\u00e9ral de la pr\u00e9fecture de l'Allier et suppl\u00e9ant de droit,\nMme Cyrielle FRANCHI, sous-pr\u00e9f\u00e8te, directrice de cabinet du pr\u00e9fet de l'Allier.\nArticle     2   - Le pr\u00e9sent arr\u00eat\u00e9 entre en vigueur le 06 novembre 2025. \nArticle     3   -  D\u00e9l\u00e9gation de signature est donn\u00e9e, \u00e0 ce titre, \u00e0  Mme Cyrielle FRANCHI , en\ntoutes mati\u00e8res relevant des attributions du repr\u00e9sentant de l'\u00c9tat dans le d\u00e9partement\nde l'Allier, \u00e0 l'effet d'exercer pleinement cette responsabilit\u00e9.\nArticle     4   - L'arr\u00eat\u00e9  pr\u00e9fectoral  n\u00b0  2439/2025  du  04  novembre  2025  chargeant\nMme Cyrielle FRANCHI, sous-pr\u00e9f\u00e8te, directrice de cabinet du pr\u00e9fet de l'Allier, de la\nsuppl\u00e9ance du pr\u00e9fet de l'Allier et lui donnant d\u00e9l\u00e9gation de signature, est abrog\u00e9.\nArticle 5 - La sous-pr\u00e9f\u00e8te, directrice de cabinet, est charg\u00e9e de l'ex\u00e9cution du pr\u00e9sent\narr\u00eat\u00e9, qui sera publi\u00e9 au recueil des actes administratifs de la pr\u00e9fecture de l'Allier.\n                                           Moulins, le 05 novembre 2025\nLe Pr\u00e9fet\nSign\u00e9\nChristophe NO\u00cbL du PAYRAT\n1/1\nDirection de la coordination des politiques publiques\n03_Pr\u00e9f_Pr\u00e9fecture de l'Allier - 03-2025-11-05-00004 - extrait arr\u00eat\u00e9 n\u00b0 2450 du 05 novembre 2025 chargeant Madame Cyrielle\nFRANCHI, sous-pr\u00e9f\u00e8te, directrice de cabinet du pr\u00e9fet de l'Allier, de la suppl\u00e9ance du pr\u00e9fet de l'Allier\net lui donnant \u00e0 cet effet d\u00e9l\u00e9gation de signature\n4","date":"2025-11-05","first_seen_on":"2025-11-05T19:06:14+00:00","id":"d9fa74384d0577a3db581ed574e3ee8d40fb441e28638b5225233a058c3e8d26","name":"recueil nr sp\u00e9cial - \u00e9dit\u00e9 le 5 novembre 2025","pdf_creation_date":"2025-11-05T17:52:13+00:00","pdf_modification_date":null,"timezone":"Europe/Paris","url":"https://www.allier.gouv.fr/contenu/telechargement/18901/128989/file/recueil-03-2025-186-recueil-des-actes-administratifs-special.pdf"}
