{"administration":"pref30","administration_name":"Pr\u00e9fecture du Gard","content":"PR\u00c9FET\nDU GARD\nRECUEIL DES ACTES\nADMINISTRATIFS SP\u00c9CIAL\n(NOMINATIFS)\nN\u00b030-2024-050\nPUBLI\u00c9 LE 14 MARS 2024\nSommaire\nDirection d\u00e9partementale de l'\u00e9conomie, de l'emploi, du travail et des\nsolidarit\u00e9s  /\n30-2024-02-26-00029 - Arr\u00eat\u00e9 \u00e9tablissant la liste d\u00e9partementale des\nmandataires judiciaires \u00e0 la protection des majeurs et des d\u00e9l\u00e9gu\u00e9s aux\nprestations familiales (6 pages) Page 3\n30-2024-03-13-00001 - HAGEN V\u00e9ronique r\u00e9c\u00e9p decl SAP 2024 (2 pages) Page 10\nPrefecture du Gard /\n30-2024-03-14-00010 - AP portant interdiction du spectacle intitul\u00e9\nDieudonn\u00e9 sous bracelet (4 pages) Page 13\n2\nDirection d\u00e9partementale de l'\u00e9conomie, de\nl'emploi, du travail et des solidarit\u00e9s \n30-2024-02-26-00029\nArr\u00eat\u00e9 \u00e9tablissant la liste d\u00e9partementale des\nmandataires judiciaires \u00e0 la protection des\nmajeurs et des d\u00e9l\u00e9gu\u00e9s aux prestations\nfamiliales\nDirection d\u00e9partementale de l'\u00e9conomie, de l'emploi, du travail et des solidarit\u00e9s  - 30-2024-02-26-00029 - Arr\u00eat\u00e9 \u00e9tablissant la liste\nd\u00e9partementale des mandataires judiciaires \u00e0 la protection des majeurs et des d\u00e9l\u00e9gu\u00e9s aux prestations familiales 3\nPREFETDU GARD Direction d\u00e9partementale\u00cbi&elr;\u00ee de l'emploi du travail et des solidarit\u00e9s'galttFraternit\u00e9\nArr\u00eat\u00e9 N\u00b0 30-2024-02-26-00029Etablissant la liste d\u00e9partementale des mandataires judiciaires \u00e0 la protection des majeurs etdes d\u00e9l\u00e9gu\u00e9s aux prestations familiales\nLe Pr\u00e9fet du Gard\" Chevalier de la L\u00e9gion d'HonneurChevalier de I'Ordre National du M\u00e9rite\nVU le code de l'action sociale et des familles, notamment les articles L. 471-2 et L. 474-1 ;VU la loi n\u00b0 2007-308 du 5 mars 2007 portant r\u00e9forme de la protection juridique des majeurs ;VU l'arr\u00e9t\u00e9 du 9 novembre 2023 du pr\u00e9fet de la r\u00e9gion Occitanie arr\u00eatant le sch\u00e9ma r\u00e9gionaldes mandataires judiciaires \u00e0 la protection des majeurs et des d\u00e9l\u00e9gu\u00e9s aux prestationsfamiliales pour la p\u00e9riode 2023-2027 ;VU l'arr\u00e9t\u00e9 du 19 f\u00e9vrier 2024 portant d\u00e9l\u00e9gation de signature du pr\u00e9fet du Gard \u00e0 Mme SophieBOUDOT, directrice d\u00e9partementale de l'emploi du travail et des solidarit\u00e9s ;CONSIDERANT les changements intervenus en cours d'ann\u00e9e dans la liste des mandatairesindividuels et des services ;SUR PROPOSITION de la directrice d\u00e9partementale de l'emploi du travail et des solidarit\u00e9s duGard.\nMas de I'agriculture1120, route de st Gilles BP 3908130972 NIMES Cedex 9T\u00e9l : 04 30 08 61 21Fax : 04 30 08 61 21 - www.gard.gouv.fr\nDirection d\u00e9partementale de l'\u00e9conomie, de l'emploi, du travail et des solidarit\u00e9s  - 30-2024-02-26-00029 - Arr\u00eat\u00e9 \u00e9tablissant la liste\nd\u00e9partementale des mandataires judiciaires \u00e0 la protection des majeurs et des d\u00e9l\u00e9gu\u00e9s aux prestations familiales 4\nARRETE\nARTICLE 1\u00b0\" :La liste des personnes et services habilit\u00e9s \u00e0 \u00eatre d\u00e9sign\u00e9s au titre de l'article L.471-2 du Codede l'Action Sociale et des Familles en qualit\u00e9 de mandataire judiciaire \u00e0 la protection desmajeurs par les juges des contentieux de la protection pour exercer des mesures de protectiondes majeurs au titre de la tutelle, de la curatelle ou du mandat sp\u00e9cial auquel il peut \u00eatre recourudans le cadre de la sauvegarde de justice est ainsi fix\u00e9e pour le d\u00e9partement du Gard :1. en qualit\u00e9 de services mentionn\u00e9s \u00e0 l'article L.312-1 du code de l'action sociale et desfamilles :Tribunaux judiciaires de N\u00eemes et Al\u00e8s, tribunal de proximit\u00e9 d'Uz\u00e8s- Association Tut\u00e9laire de Gestion (ATG)13 avenue Feuch\u00e8res \u2014 30020 NIMES- Association D\u00e9partementale de Protection des Majeurs du Gard (ADPMG 30)1950 avenue du Mar\u00e9chal Juin \u2014 Bat. A Le Polygone \u2014 30900 NIMES- Union D\u00e9partementale des Associations Familiales (UDAF)152 rue Gustave Eiffel - ZI de Gr\u00e9zan - 30034 NIMES CEDEX 1- Association VIVADOM1028 route de Rouquairol - 30900 NIMES\n2. en qualit\u00e9 de personnes physiques exercant \u00e0 titre individuel agr\u00e9\u00e9es au titre de l'articleL.472-4 du code de l'action sociale et des familles :Tribunaux judiciaires de Nimes et Al\u00e8s, tribunal de proximit\u00e9 d'Uz\u00e8sMme ADAM Corinne - 30250 AubaisMme ALEGRE Nad\u00e8ge - 30320 MarguerittesMme AMIEL Nathalie - 30320 MarguerittesM. BALESI Guy - 30000 N\u00eemes |Mme BATAILLE Marion - 30640 BeauvoisinMme BLAISON Nicole - 30150 Saint Geni\u00e8s de ComolasMme CABRIE Caroline - 30260 Cannes et ClairanMme CASTELLIS Aur\u00e9lie - 34000 MontpellierMme CAUVY St\u00e9phanie - 34000 MontpellierM. CHARDONNEAU Dominique : - 30230 RodilhanMme DALIN Sophie - 30114 Nages et SolorguesMme DANA Nac\u00e9ra - 34080 MontpellierMme DE BRUYNE Juliette - 13160 ChateaurenardMme DESCHAMPS Patricia - 30250 AubaisM. DEWEZ Xavier - 30140 Massillargues AttuechMme DIAZ Randa : - 30870 ClarensacMme DUBOIS Pascale - 30101 Al\u00e8sM. EMMANUEL Francis - 30700 Saint-Maximin\n2/5\nDirection d\u00e9partementale de l'\u00e9conomie, de l'emploi, du travail et des solidarit\u00e9s  - 30-2024-02-26-00029 - Arr\u00eat\u00e9 \u00e9tablissant la liste\nd\u00e9partementale des mandataires judiciaires \u00e0 la protection des majeurs et des d\u00e9l\u00e9gu\u00e9s aux prestations familiales 5\nMme FELIX Charlotte - 30350 L\u00e9dignanMme FOUGASSE Mireille - 30300 BeaucaireMme GERARDIN Agathe - 30132 CaissarguesMme GIBERT Chantal - 13153 TarasconMme GIMENO Suzanne - 34990 JuvignacM. GLARDON Gaston - 30480 Saint Paul la CosteM. HEROIN Pierre - 30100 Al\u00e8sM. ITIER Fr\u00e9d\u00e9ric - 34171 Castelnau le LezMme KHALLOU Samira - 30127 BellegardeMme JEAN Sonia - 30007 N\u00eemesMme JULLIAN Emma - 30190 Saint-ChaptesMme LABOUREL LAURENT Claudine - 30131 PujautMme LEAUTE Nathalie - 34160 CastriesM. LECOUTEULX Jean-Charles - 30430 BarjacMme LOUGNON Lyzianne - 30016 N\u00eemesMme MARRET Delphine - 34000 MontpellierM. MARTIN Eric - 30260 QuissacM. MECIBAH Salem - 30730 Fons outre GardonMme MOREL Danielle - 34132 MauguioM. PELISSOU Pascal - 30190 La CalmetteM. PESENTI Jean Louis - 30460 LasalleMme PLANTIER Christine - 34000 MontpellierMme RAYNAUD M\u00e9lanie \u2014 30900 N\u00eemesMme SABY Audrey \u2014 30610 Sauve .Mme SARRET Nadia - 30300 Fourques,Mme SARVARY-BENE Marie - 30730 Saint-BauzelyM. SCHWOB G\u00e9rard - 30320 MarguerittesMme SORLIN Fran\u00e7oise - 30129 ManduelM. SOUCHON Fr\u00e9d\u00e9ric - 30000 N\u00eemesM. TEULON Georges - 30120 Av\u00e8zeMme VAILLANT Fabienne - 30911 N\u00eemes\n3. en qualit\u00e9 de pr\u00e9pos\u00e9 d'\u00e9tablissement :Tribunal-judiciaire de N\u00eemes- M. JOULLIA Christophe : pr\u00e9pos\u00e9 du Centre Hospitalier Universitaire (CHU) de Nimes - placedu professeur Robert Debr\u00e9 - 30029 N\u00eemes cedex 9 |- Mme AFFRE Myriam : pr\u00e9pos\u00e9e \u00e0 la Maison de sant\u00e9 protestante de N\u00eemes - 5 rue FranklinRoosevelt - 30000 N\u00eemesTribunal de proximit\u00e9 d'Uz\u00e8s- Mme MIRAGLIO Catherine : pr\u00e9pos\u00e9e du Centre Hospitalier \u00ab Le Mas Careiron \u00bb - B.P. 5630701 Uz\u00e8s- Mme LOUVART DE PONTLEVOYE Sophie : pr\u00e9pos\u00e9e du Centre Hospitalier de Pont SaintEsprit - Rue Philippe le Bel - BP 31054 - 30134 Pont Saint Esprit- Mme LAURAC Christ Line : pr\u00e9pos\u00e9e de la r\u00e9sidence du Docteur Paul Gache - 10, rue deMassepezoul - 30133 Les Angles\n3/5\nDirection d\u00e9partementale de l'\u00e9conomie, de l'emploi, du travail et des solidarit\u00e9s  - 30-2024-02-26-00029 - Arr\u00eat\u00e9 \u00e9tablissant la liste\nd\u00e9partementale des mandataires judiciaires \u00e0 la protection des majeurs et des d\u00e9l\u00e9gu\u00e9s aux prestations familiales 6\nARTICLE 2:La liste des personnes et services habilit\u00e9s \u00e0 \u00eatre d\u00e9sign\u00e9s au titre de l'article L.471-2 du Codede l'Action Sociale et des Familles en qualit\u00e9 de mandataire judiciaire \u00e0 la protection desmajeurs par les juges des contentieux de la protection pour exercer des mesures deprotection des majeurs au titre de la mesure d'accompagnement judiciaire est ainsi \u00e9tabliepour le d\u00e9partement du Gard :Tribunaux judiciaires de N\u00eemes et Al\u00e8s, tribunal de proximit\u00e9 d'Uz\u00e8s- Association Tut\u00e9laire de Gestion (ATG)13 avenue Feuch\u00e8res \u2014- 30020 NIMES- Union D\u00e9partementale des Associations Familiales (UDAF)152 rue Gustave Eiffel \u2014- ZI de Gr\u00e9zan - 30034 NIMES CEDEX 1\nARTICLE 3:La liste des personnes et services habilit\u00e9s \u00e0 \u00eatre d\u00e9sign\u00e9s au titre de l'article L.474-1 du Codede l'Action Sociale et des Familles en qualit\u00e9 de d\u00e9l\u00e9gu\u00e9 aux prestations familiales par les jugesdes enfants est ainsi \u00e9tablie pour le d\u00e9partement du Gard :- en qualit\u00e9 de services :Tribunaux judiciaires de N\u00eemes et Al\u00e8s- Association Tut\u00e9laire de Gestion (ATG)13 avenue Feuch\u00e8res \u2014- 30020 NIMES-- Union D\u00e9partementale des Associations Familiales (UDAF)152 rue Gustave Eiffel \u2014 ZI de Gr\u00e9zan \u2014 30034 NIMES CEDEX 1\nARTICLE 4 :L'arr\u00eat\u00e9 pr\u00e9fectoral n\u00b0 30-2021-01-17-00005 du 17 janvier 2023 \u00e9tablissant la listed\u00e9partementale des mandataires judiciaires \u00e0 la protection des majeurs et des d\u00e9l\u00e9gu\u00e9s auxprestations familiales est abrog\u00e9.\nARTICLE S :Une ampliation du pr\u00e9sent arr\u00eat\u00e9 sera notifi\u00e9e :- aux int\u00e9ress\u00e9s ;- aux procureurs de la R\u00e9publique pr\u00e8s les tribunaux judiciaires de N\u00eemes et Al\u00e8s ;- aux juges des contentieux de la protection des tribunaux judiciaires de N\u00eemes et Al\u00e8s, dutribunal de proximit\u00e9 d'Uz\u00e8s ;- aux juges des enfants des tribunaux judiciaires de N\u00eemes et Al\u00e8s.\n4/5\nDirection d\u00e9partementale de l'\u00e9conomie, de l'emploi, du travail et des solidarit\u00e9s  - 30-2024-02-26-00029 - Arr\u00eat\u00e9 \u00e9tablissant la liste\nd\u00e9partementale des mandataires judiciaires \u00e0 la protection des majeurs et des d\u00e9l\u00e9gu\u00e9s aux prestations familiales 7\nARTICLE 6 :Le pr\u00e9sent arr\u00eat\u00e9 peut faire I objet d'un recours administratif, soit gracieux aupr\u00e9s du pr\u00e9fet duGard, soit hi\u00e9rarchique aupr\u00e9s du ministre des solidarit\u00e9s et de la sant\u00e9, dans les deux moissuivant sa date de notification \u00e0 l'int\u00e9ress\u00e9 et de sa publication pour les tiers.Un recours contentieux peut \u00eatre d\u00e9pos\u00e9 aupr\u00e8s du tribunal administratif de N\u00eem\u00e9s \u2014 16 avenueFeuch\u00e8re \u2014 30941 NIMES CEDEX 09, \u00e9galement dans le d\u00e9lai de deux mois \u00e0 partlr de la r\u00e9ponsede l'administration si un recours administratif a \u00e9t\u00e9 d\u00e9pos\u00e9, l'absence de r\u00e9ponse au terme dece d\u00e9lai valant rejet implicite. |Le tribunal administratif peut \u00eatre saisi par l'application informatique \u00ab T\u00e9l\u00e9recours citoyens \u00bbaccessible par le site internet www.telerecours.fr.\nARTICLE 7 :Monsieur le secr\u00e9taire g\u00e9n\u00e9ral de la pr\u00e9fecture du Gard et Madame la directrice d\u00e9partementalede I'emploi du travail et des solidarit\u00e9s sont charg\u00e9s, chacun en ce qui le concerne, del'ex\u00e9cution du pr\u00e9sent arr\u00e9t\u00e9 qui sera publi\u00e9 au recueil des actes administratifs de la pr\u00e9fecturedu Gard.\n5/5\nDirection d\u00e9partementale de l'\u00e9conomie, de l'emploi, du travail et des solidarit\u00e9s  - 30-2024-02-26-00029 - Arr\u00eat\u00e9 \u00e9tablissant la liste\nd\u00e9partementale des mandataires judiciaires \u00e0 la protection des majeurs et des d\u00e9l\u00e9gu\u00e9s aux prestations familiales 8\nDirection d\u00e9partementale de l'\u00e9conomie, de l'emploi, du travail et des solidarit\u00e9s  - 30-2024-02-26-00029 - Arr\u00eat\u00e9 \u00e9tablissant la liste\nd\u00e9partementale des mandataires judiciaires \u00e0 la protection des majeurs et des d\u00e9l\u00e9gu\u00e9s aux prestations familiales 9\nDirection d\u00e9partementale de l'\u00e9conomie, de\nl'emploi, du travail et des solidarit\u00e9s \n30-2024-03-13-00001\nHAGEN V\u00e9ronique r\u00e9c\u00e9p decl SAP 2024\nDirection d\u00e9partementale de l'\u00e9conomie, de l'emploi, du travail et des solidarit\u00e9s  - 30-2024-03-13-00001 - HAGEN V\u00e9ronique r\u00e9c\u00e9p\ndecl SAP 2024 10\nE :. Direction D\u00e9partementalePRE FET de l'Emploi, du Travail et des Solidarit\u00e9sDU GARDLibert\u00e9Egalit\u00e9Fraternit\u00e9\nR\u00e9c\u00e9piss\u00e9 de d\u00e9claration n\u00b0 30-2024-03-06-n\u00b0\" d'un organisme de services \u00e0 la personneenregistr\u00e9 sous le n\u00b0 SAP 983801812Le pr\u00e9fet du Gard.Chevalier de la L\u00e9gion d'HonneurChevalier de l'Ordre National du M\u00e9riteVu le code du travail et notamment les articles L.7231-1 \u00e0 L.7233-2, R.7232-18 \u00e0 R.7232-24,D.7231-1 et D.7233-1 \u00e0 D.7233-5 :Vu le d\u00e9cret du 13 juillet 2023 nommant Monsieur J\u00e9r\u00f4me BONET, pr\u00e9fet du Gard :Vu l'arr\u00eat\u00e9 du ministre de l'int\u00e9rieur et des outre-mer du 30 janvier 2024 nommant Mme SophieBOUDOT, attach\u00e9e d'administration hors classe de l'\u00e9tat, directrice d\u00e9partementale, de 'emploi,du travail et des solidarit\u00e9s du Gard, \u00e0 compter du 19 f\u00e9vrier 2024 ;Vu l'arr\u00e9t\u00e9 du 19 f\u00e9vrier 2024 donnant d\u00e9l\u00e9gation de signature \u00e0 Madame Sophie BOUDOT;directrice d\u00e9partementale de l'emploi, du travail et des solidarit\u00e9s du Gard, \u00e0 compter du 19f\u00e9vrier ;Vu l'arr\u00e9t\u00e9 du 21 f\u00e9vrier 2024 portant subd\u00e9l\u00e9gation aux agents de la direction d\u00e9partementale del'emploi, du travail et des solidarit\u00e9s ;Vu la circulaire DGE du 11 avril 2019 relative aux activit\u00e9s de services \u00e0 la personne : d\u00e9clarationet agr\u00e9ment des organismes de services \u00e0 la personne :Constate :Qu'une d\u00e9claration d'activit\u00e9s de services \u00e0 la personne a \u00e9t\u00e9 d\u00e9pos\u00e9e aupr\u00e8s de la directiond\u00e9partementale de l'emploi, du travail et des solidarit\u00e9s, le 22 f\u00e9vrier 2024, par Madame HAGENV\u00e9ronique en qualit\u00e9 de responsable, pour l'organisme \u00ab Vero Net Services \u00bb, Siret 98380181200014 dont l'\u00e9tablissement principal est situ\u00e9 au 1 route de nimes, 30350 LEZAN, et enregistr\u00e9esous le n\u00b0 SAP 983801812 pour les activit\u00e9s suivantes :Activit\u00e9s relevant uniquement de la d\u00e9claration en mode prestataire :Assistance administrative \u00e0 domicile,Collecte et livraison \u00e0 domicile de linge repass\u00e9,Entretien de la maison et travaux m\u00e9nagers,Maintenance et vigilance temporaires \u00e0 domicile de la r\u00e9sidence principale et secondaire,Petits travaux de jardinage,Soins et promenades d'animaux de compagnie pour personnes d\u00e9pendantes,\nMas de l'Agriculture \u2014 1120 route de Saint Gilles \u2014 BP 39081 \u2014 30972 NIMES CEDEX 9T\u00e9l : 04 30 08 61 20 \u2014 Fax : 04 30 08 61 21 \u2014 www.gard.gouv.fr\nDirection d\u00e9partementale de l'\u00e9conomie, de l'emploi, du travail et des solidarit\u00e9s  - 30-2024-03-13-00001 - HAGEN V\u00e9ronique r\u00e9c\u00e9p\ndecl SAP 2024 11\nToute modification concernant les activit\u00e9s exerc\u00e9es devra faire l'objet d'une d\u00e9clarationmodificative pr\u00e9alable.Sous r\u00e9serve d'\u00e9tre exerc\u00e9es a titre exclusif (ou sous r\u00e9serve d'une comptabilit\u00e9 s\u00e9par\u00e9e pourles personnes morales dispens\u00e9es de cette condition), ces activit\u00e9s ouvrent droit au b\u00e9n\u00e9fice desdispositions des articles L. 7233-2 du code du travail et L. 241-10 du code de la s\u00e9curit\u00e9 socialedans les conditions pr\u00e9vues par ces articles.Les effets de la d\u00e9claration courent \u00e0 compter du jour du d\u00e9p\u00f4t de la d\u00e9claration sous r\u00e9serve desdispositions de l'article R.7232-18 du code du travail.Le pr\u00e9sent r\u00e9c\u00e9piss\u00e9 est \u00e0 port\u00e9e nationale et n'est pas limit\u00e9 dans le temps, \u00e0 l'exception desactivit\u00e9s relevant de l'agr\u00e9ment dont les effets sont limit\u00e9s \u00e0 5 ans.L'enregistrement de la d\u00e9claration peut \u00eatre retir\u00e9 dans les conditions fix\u00e9es aux articles R.7232-20\u00e0 R.7232-22 du code du travail.Le pr\u00e9sent r\u00e9c\u00e9piss\u00e9 sera publi\u00e9 au recueil des actes administratifs de la pr\u00e9fecture duGard.Fait \u00e0 N\u00eemes, le 06 mars 2024. Podu travail etidedirectrice d\u00e9partementale de l'emploi,s solidarit\u00e9s du Gard et par d\u00e9l\u00e9gation\"le directeur d\u00e9partemental adjoint\nenaud RIN\nVoies de recours :La pr\u00e9sente d\u00e9cision peut, \u00e0 compter de sa publication, faire l'objet d'un recours gracieux aupr\u00e8sde la Direction D\u00e9partementale de 'Emploi, du Travail et des Solidarit\u00e9s- Mas de l'Agriculture \u20141120 route de Saint Gilles \u2014 BP 39081 \u2014 30972 NIMES CEDEX 9 ou d'un recours hi\u00e9rarchiqueadress\u00e9 au ministre charg\u00e9 de l'\u00e9conomie - Direction g\u00e9n\u00e9rale des entreprises - sous-direction desservices marchands, 6, rue Louise Weiss, 75703 Paris cedex13.Elle peut \u00e9galement faire l'objet d'un recours contentieux dans un d\u00e9lai de deux mois \u00e0 compter desa publication aupr\u00e8s du Tribunal administratif de N\u00eemes - 16 avenue Feuch\u00e8res - 30000 N\u00eemes.Le tribunal administratif peut \u00eatre saisi. par l'application informatique \u00abT\u00e9l\u00e9recours citoyen\u00bbaccessible sur le site internet www.telerecours.fr.En cas de rejet du recours gracieux ou hi\u00e9rarchique ou en l'absence de r\u00e9ponse \u00e0 ce recours (rejetimplicite), un recours contentieux devant le tribunal administratif peut \u00e9galement \u00eatre form\u00e9 contrela d\u00e9cision initiale dans un d\u00e9lai de deux mois \u00e0 compter de ce rejet.\nDirection d\u00e9partementale de l'\u00e9conomie, de l'emploi, du travail et des solidarit\u00e9s  - 30-2024-03-13-00001 - HAGEN V\u00e9ronique r\u00e9c\u00e9p\ndecl SAP 2024 12\nPrefecture du Gard\n30-2024-03-14-00010\nAP portant interdiction du spectacle intitul\u00e9\nDieudonn\u00e9 sous bracelet\nPrefecture du Gard - 30-2024-03-14-00010 - AP portant interdiction du spectacle intitul\u00e9 Dieudonn\u00e9 sous bracelet 13\ng\u00e9'rn CabinetDU GARD Direction des s\u00e9curit\u00e9s\u00c9pals\u00e9 Service d'animation desFraternit\u00e9 politiques de s\u00e9curit\u00e9 int\u00e9rieure\nArr\u00eat\u00e9 n\u00b0 30-2024- portant interdiction du spectacle intitul\u00e9\u00ab Dieudonn\u00e9 sous bracelet \u00bb dans le d\u00e9partement du Gard\nLe pr\u00e9fet du GardChevalier de la L\u00e9gion d'Honneur,Chevalier de l'Ordre National du M\u00e9riteVu la Constitution, notamment son Pr\u00e9ambule :Vu la Convention europ\u00e9enne de sauvegarde des droits de l'homme et des libert\u00e9sfondamentales du 4 novembre 1950 ; .Vu le code p\u00e9nal ;Vu le code g\u00e9n\u00e9ral des collectivit\u00e9s territoriales et notamment son article L.22151 ;Vu la loi du 30 juin 1881 sur la libert\u00e9 de r\u00e9union ;Vu la loi du 29 juillet 1881 sur la libert\u00e9 de la presse, et notamment ses articles 23, 24et 24 bis ;Vu la d\u00e9cision de la Cour europ\u00e9enne des droits de l''homme du 10 novembre 2015,M'BALA M'BALA contre France ;Vu le d\u00e9cret n\u00b0 2004-374 du 29 avril 2004 relatif aux pouvoirs des pr\u00e9fets, \u00e0 l'organisationet \u00e0 l'action des services de |'Etat dans les r\u00e9gions et d\u00e9partements ;Vu le d\u00e9cret du 13 juillet 2023 nommant Monsieur J\u00e9r\u00f4me BONET, pr\u00e9fet du Gard ;Vu l'arr\u00eat\u00e9 pr\u00e9fectoral n\u00b030-2023-08-21-00006.du 21 ao\u00fbt 2023 donnant d\u00e9l\u00e9gation designature \u00e0 M. Gr\u00e9goire PIERRE-DESSAUX, sous-pr\u00e9fet, directeur de cabinet du pr\u00e9fet duGard ;Vu l'urgence ;Consid\u00e9rant l'annonce d'un spectacle intitul\u00e9 \u00ab Dieudonn\u00e9 sous bracelet \u00bb pr\u00e9vu levendredi 15 mars 2024 \u00e0 20h30 \u00e0 N\u00eemes sur le site internet \u00ab dieudosphere.com \u00bbappartenant \u00e0 M. Dieudonn\u00e9 M'Bala M'Bala ;Consid\u00e9rant que, la libert\u00e9 d'expression et de communication, garantie par laConstitution et par les articles 10 et 11 de la Convention europ\u00e9enne de sauvegarde desdroits de l'homme et des libert\u00e9s fondamentales et dont d\u00e9coule le droit d'expressioncollective des id\u00e9es et des opinions, constitue une libert\u00e9 fondamentale au sens deI'article L. 521-2 du code de justice administrative. Son exercice, notamment par lalibert\u00e9 de manifester ou de se r\u00e9unir, est une condition de la d\u00e9mocratie et l'une desgaranties du respect d'autres droits et libert\u00e9s constituant \u00e9galement des libert\u00e9sfondamentales au sens de cet article. Il doit cependant \u00eatre concili\u00e9 avec les exigencesqui s'attachent \u00e0 l'objectif \u00e0 valeur constitutionnelle de sauvegarde de l'ordre public.H\u00f4tel de ia Pr\u00e9fecture ;10 avenue Feuch\u00e8res \u2014 30045 NIMES CEDEX 9T\u00e9l : 04.66.36.43.90- Fax : 04.66.36.00.87www.gard.gouv.fr\nPrefecture du Gard - 30-2024-03-14-00010 - AP portant interdiction du spectacle intitul\u00e9 Dieudonn\u00e9 sous bracelet 14\nConsid\u00e9rant que, comme I'a rappel\u00e9 r\u00e9cemment le Conseil d'\u00c9tat (CE, Juge des r\u00e9f\u00e9r\u00e9s,16 f\u00e9vrier 2024, 491848, In\u00e9dit au recueil Lebon), I'exercice de la libert\u00e9 d'expression estune condition de la d\u00e9mocratie et l'une des garanties du respect des autres droits etlibert\u00e9s. Il appartient aux autorit\u00e9s charg\u00e9es de la police administrative de prendre lesmesures n\u00e9cessaires \u00e0 l'exercice de la libert\u00e9 de r\u00e9union.Consid\u00e9rant que, m\u00eame en l'absence de circonstances locales particuli\u00e8res, il appartient\u00e0 l'autorit\u00e9 investie du pouvoir de police de prendre les mesures n\u00e9cessaires, adapt\u00e9es etproportionn\u00e9es pour pr\u00e9venir une atteinte \u00e0 l'ordre public, dont le respect de la dignit\u00e9de la personne humaine constitue l'une des composantes ; qu'il appartient en outre \u00e0 lam\u00eame autorit\u00e9 de prendre les mesures n\u00e9cessaires, adapt\u00e9es et proportionn\u00e9es pourpr\u00e9venir la commission des infractions p\u00e9nales susceptibles de constituer un trouble \u00e0l'ordre public sans porter d'atteinte excessive \u00e0 l'exercice par les citoyens de leurs libert\u00e9sfondamentales ; 'Consid\u00e9rant que, l'insuffisance des forces de police n\u00e9cessaires pour assurer lapr\u00e9servation de l'ordre public peut \u00eatre prise en compte (CE, 5 mars 1948, Jeunesseind\u00e9pendante chr\u00e9tienne Rec. ; CAA Bordeaux, 19 juill. 1999, Assoc. r\u00e9taise des amisd'Henri B\u00e9raud, n\u00b0 97BX01724 ; CAA Nantes, 31 juillet 2001, St\u00e9 L'Othala Production,n\u00b097NT00844), de m\u00eame que leur tr\u00e8s forte sollicitation et la circonstance qu'elles s'entrouvent \u00e9prouv\u00e9es (CE 20 avril 2023 n\u00b0 473418, point 15).Consid\u00e9rant que, par ailleurs, une manifestation peut \u00eatre interdite lorsque l'objet m\u00eamede cette manifestation est susceptible d'affecter le respect de la dignit\u00e9 de la personnehumaine, qui est une composante de l'ordre public (CE, 27 octobre 1995, Commune deMorsang sur Orge, n\u00b0 136727).Consid\u00e9rant que, en effet, afin de pr\u00e9venir une atteinte \u00e0 l'ordre public, l'autorit\u00e9investie du pouvoir de police doit, m\u00eame en l'absence de circonstances localesparticuli\u00e8res, interdire une manifestation qui porte atteinte au respect de la dignit\u00e9 de lapersonne humaine (CE, ord. 10 janv. 2014, SARL Les productions de la Plume et a., n\u00b0374528 ; CE 21 juin 2018, SARL Les productions de la plume et a., n\u00b0 416353 ; CE 9 nov.2015, AGRIF et a., n\u00b0 376107).Consid\u00e9rant que, les services de police sont fortement mobilis\u00e9s contre les trafics destup\u00e9fiants dans les quartiers de Pissevin, Valdegour, Chemin Bas d'Avignon et Closd'Orville. Le manque de renforts d'unit\u00e9 de forces mobiles (UFM) ne permet pas depr\u00e9venir un risque grave de trouble \u00e0 'ordre public si ce spectacle clandestin venait \u00e0 setenir, la plupart des forces de s\u00e9curit\u00e9 \u00e9tant mobilis\u00e9es dans le maintien de l'ordre publicdans les quartiers pr\u00e9cit\u00e9s.Consid\u00e9rant que, de m\u00eame, il appartient \u00e0 l'autorit\u00e9 investie du pouvoir de policeadministrative de prendre les mesures n\u00e9cessaires, adapt\u00e9es et proportionn\u00e9es pourpr\u00e9venir la commission des infractions p\u00e9nales susceptibles de constituer un trouble \u00e0l'ordre public sans porter d'atteinte excessive \u00e0 l'exercice par les citoyens de leurslibert\u00e9s fondamentales (CE 9 novembre 2015, AGRIF, pr\u00e9c.).Consid\u00e9rant que, le Conseil d'Etat a jug\u00e9, par sa d\u00e9cision pr\u00e9cit\u00e9e du 21 juin 2018, quedans l'hypoth\u00e8se o\u00f9 l'autorit\u00e9 investie du pouvoir de police administrative cherche \u00e0pr\u00e9venir la commission d'infractions p\u00e9nales susceptibles de constituer un trouble \u00e0l'ordre public, la n\u00e9cessit\u00e9 de prendre des mesures de police administrative et la teneurde ces mesures s'appr\u00e9cient en tenant compte du caract\u00e8re suffisamment certain et del'imminence de la commission de ces infractions, ainsi que de la nature et de la gravit\u00e9des troubles \u00e0 l'ordre public qui pourraient en r\u00e9sulter. Le Conseil d'Etat pr\u00e9cisant,\nPrefecture du Gard - 30-2024-03-14-00010 - AP portant interdiction du spectacle intitul\u00e9 Dieudonn\u00e9 sous bracelet 15\ns'agissant de l'interdiction d'un spectacle que \u00ab pour appr\u00e9cier la n\u00e9cessit\u00e9 d'interdire larepr\u00e9sentation d'un spectacle, cette autorit\u00e9 peut tenir compte d'\u00e9l\u00e9ments tels quel'existence de condamnations p\u00e9nales ant\u00e9rieures sanctionnant des propos identiques \u00e0ceux susceptibles d'\u00eatre tenus \u00e0 l'occasion de nouvelles repr\u00e9sentations de ce spectacle,l'importance donn\u00e9e aux propos incrimin\u00e9s dans la structure m\u00e9me du spectacle, lapublicit\u00e9 \u00e0 laquelle ils donnent lieu, leur caract\u00e8re r\u00e9p\u00e9titif et d\u00e9lib\u00e9r\u00e9, ainsi que lesatteintes \u00e0 la dignit\u00e9 de la personne humaine qui' pourraient en r\u00e9sulter \u00bb. A cetteoccasion, le juge des r\u00e9f\u00e9r\u00e9s a rappel\u00e9 qu'il appartient \u00e0 l'autorit\u00e9 pr\u00e9fectoraled'appr\u00e9cier, \u00e0 la date \u00e0 laquelle elle se prononce, la r\u00e9alit\u00e9 et l'ampleur des risques detroubles \u00e0 l'ordre public susceptibles de r\u00e9sulter de chaque manifestation d\u00e9clar\u00e9e oupr\u00e9vue, en fonction de son objet, d\u00e9ciar\u00e9 ou r\u00e9el, de ses caract\u00e9ristiques propres et desmoyens dont elle dispose pour s\u00e9curiser l'\u00e9v\u00e8nement.Consid\u00e9rant que, en l'esp\u00e8ce, le spectacle de M. Dieudonn\u00e9 M'BALA , M'BALA,notoirement connu pour ses prises de position antis\u00e9mites et condamn\u00e9 par la justicep\u00e9nale pour ses propos discriminatoires et portant atteinte \u00e0 la dignit\u00e9 de la personnehumaine, prend place dans un contexte de tensions vives au Moyen-Orient en raison desattaques terroristes perp\u00e9tr\u00e9es par le Hamas \u00e0 l'encontre de citoyens isra\u00e9liens le samedi7 octobre 2023. Ces attaques, particuli\u00e8rement barbares, se sont traduites par desassassinats, des ex\u00e9cutions sommaires, des actes de torture et des prises d'otages, que cesoit \u00e0 l'\u00e9gard de militaires ou de civils, y compris vuln\u00e9rables comme des femmes, desenfants ou des personnes \u00e2g\u00e9es. Tel a \u00e9t\u00e9 notamment \u00e0 l'occasion du festival de musique\u00e9lectronique Tribe of Nova au cours duquel 260 festivaliers ont \u00e9t\u00e9 tu\u00e9s. Ces atrocit\u00e9sont suscit\u00e9 un vif \u00e9moi \u00e0 l'\u00e9chelle nationale et internationale, en particulier au sein de lacommunaut\u00e9 juive. Depuis, le Hamas a menac\u00e9 d'ex\u00e9cuter ses otages pour toute actionde repr\u00e9sailles men\u00e9e par Isra\u00ebl.Consid\u00e9rant que M. Dieudonn\u00e9 M'Bala M'Bala a fait l'objet de plusieurs condamnationsp\u00e9nales, dont certaines d\u00e9finitives, pour des propos \u00e0 caract\u00e8re antis\u00e9mite, qui incitent \u00e0la haine raciale, et m\u00e9connaissent la dignit\u00e9 de la personne humaine ;Consid\u00e9rant que le Conseil d'Etat a admis la l\u00e9galit\u00e9 de Vinterdiction, par l'autorit\u00e9 depolice administrative, d'un pr\u00e9c\u00e9dent spectacle de M. Dieudonn\u00e9 M'Bala M'Bala enraison notamment des propos et gestes \u00e0 caract\u00e8re antis\u00e9mite, incitant \u00e0 la haine racialeet faisant l'apologie des discriminations, pers\u00e9cutions et exterminations perp\u00e9tr\u00e9es aucours de la seconde Guerre Mondiale, qui y \u00e9taient tenus par l'int\u00e9ress\u00e9 et \u00e9taient denature \u00e0 porter atteinte \u00e0 la dignit\u00e9 de la personne humaine ;Consid\u00e9rant qu'en d\u00e9pit de la symbolique clairement antis\u00e9mite du geste de la quenelle,telle que condamn\u00e9e par les juridictions judiciaires, Dieudonn\u00e9 persiste \u00e0 organiser desconcours sur son site \"Dieudosph\u00e8re\", provoquant ainsi \u00e0 la r\u00e9alisation de ce geste et quedes images quenelles, gravement attentatoires \u00e0 la dignit\u00e9 humaine ont \u00e9t\u00e9 publi\u00e9esencore r\u00e9cemment ; signe que l'int\u00e9ress\u00e9 n'a pas entendu renoncer \u00e0 son id\u00e9ologie ; dem\u00eame, sont en vente sur le site \u00ab Dieudosph\u00e8re \u00bb des t-shirts \u00e0 l'effigie de quenelles oumentionnant le terme \"Cho ananas\", en r\u00e9f\u00e9rence \u00e0 la chanson \"Shoah nana\" \u00e9galementcondamn\u00e9e par la juridiction judiciaire comme antis\u00e9mite, l'int\u00e9ress\u00e9 s'\u00e9tant du resteengag\u00e9 \u00e0 ne plus l'utiliser ;Consid\u00e9rant, en cons\u00e9quence, qu'il existe un risque \u00e9lev\u00e9 que soient \u00e0 nouveau tenus,lors du spectacle pr\u00e9vu le vendredi 15 mars 2024 \u00e0 20h30; des propos constituant uneincitation \u00e0 la haine ou \u00e0 la violence, relativisant ou faisant l'apologie de la Shoah, qui\nPrefecture du Gard - 30-2024-03-14-00010 - AP portant interdiction du spectacle intitul\u00e9 Dieudonn\u00e9 sous bracelet 16\nsont de nature \u00e0 porter atteinte \u00e0 la dignit\u00e9 de la personne humaine et, d\u00e8s lors, detroubler gravement l'ordre public ; qu'en cons\u00e9quence, linterdiction du spectacleconstitue une mesure adapt\u00e9e, n\u00e9cessaire et proportionn\u00e9e pour pr\u00e9venir tant lasurvenance de ces troubles que la commission d''infractions p\u00e9nales ;Consid\u00e9rant par ailleurs qu\u00e9 l'organisation quasi clandestine de ce spectacle aveccommunication du lieu quelques heures avant le spectacle ne permet pas de s'assurerdes conditions de preventlon des troubles \u00e0 l'ordre public pouvant \u00eatre attendus pourcette repr\u00e9sentation ;Consid\u00e9rant que, en raison de son obstination \u00e0 ne pas r\u00e9v\u00e9ler le lieu du spectacle, las\u00e9curisation de cette manifestation est compromise, et ce dans le contexte des\u00e9curisation renforc\u00e9e que traverse notre pays en raison du risque d'attentats, mais\u00e9galement eu \u00e9gard au contexte local pr\u00e9-cit\u00e9.Consid\u00e9rant que, dans ces circonstances, il y a lieu d'interdire la repr\u00e9sentation duspectacle de M. Dieudonn\u00e9 M'Bala M'Bala sur l'ensemble du territoire du d\u00e9partementdu Gard.Sur proposition de Monsieur le directeur de Cabinet du pr\u00e9fet du Gard,\nARRETEArticle 1% : Le spectacle \u00ab Sous bracelet : un spectacle hors du commun \u00bb donn\u00e9 par M.Dieudonn\u00e9 M'Bala M'Bala et produit par la SARL Les Productions 'de la Plume, pr\u00e9vuvendredi 15 mars 2024 \u00e0 20h30 est interdit sur le territoire du d\u00e9partement du Gard ycompris avec l'aide d'un bus.Article 2 : Le pr\u00e9sent arr\u00eat\u00e9 sera notifi\u00e9 \u00e0 M. M'Bala M'Bala et \u00e0 la soci\u00e9t\u00e9 SARL LesProductions de la Plume et transmis pour information aux maires du d\u00e9partement duGard.Article 3 : le directeur de cabinet du pr\u00e9fet, le directeur interd\u00e9partemental de la policenationale du Gard, le G\u00e9n\u00e9ral commandant le groupement de Gendarmerie du Gard, sontcharg\u00e9s, chacun en ce qui le concerne, de l'ex\u00e9cution du pr\u00e9sent arr\u00e9t\u00e9 qui sera publi\u00e9 aurecueil des actes administratifs de la pr\u00e9fecture, et dont une copie sera transmise \u00e0Madame la Procureure de la R\u00e9publique pr\u00e8s le Tribunal judiciaire de N\u00eemes et deMonsieur le Procureur de la R\u00e9publique pr\u00e8s le Tribunal judiciaire d'Al\u00e9s.Article 4 : Conform\u00e9ment aux dispositions de I'article R 4211 et suivants du code de lajustice administrative, le pr\u00e9sent arr\u00eat\u00e9 peut faire l'objet d'un recours contentieuxdevant le tribunal administratif de N\u00eemes dans un d\u00e9lai de deux mois \u00e0 compter de sadate de notification. Le tribunal administratif peut aussi \u00eatre saisi par l'applicationinformatique \u00ab T\u00e9l\u00e9recours citoyens\u00bb \u2014 accessible par le site internetwww.telerecours.fr.N\u00eemes, le 1 4 MARS 2024\ne Pr\u00e9fet,\nPrefecture du Gard - 30-2024-03-14-00010 - AP portant interdiction du spectacle intitul\u00e9 Dieudonn\u00e9 sous bracelet 17","date":"2024-03-14","first_seen_on":"2025-01-08T21:33:18+00:00","id":"da328f37033c9cd81a88adc07e1faff5cbc234adbdbc91d77002bab7ef09e222","name":"recueil-30-2024-050-nominatifs du 14 03 2024","pdf_creation_date":"2024-03-14T15:45:37+00:00","pdf_modification_date":null,"timezone":"CET","url":"https://www.gard.gouv.fr/contenu/telechargement/57086/427756/file/recueil-30-2024-050-nominatifs%20du%2014%2003%202024.pdf"}
