{"administration":"pref50","administration_name":"Pr\u00e9fecture de la Manche","content":"RECUEIL DES ACTES\nADMINISTRATIFS\nDE LA MANCHE\nDOCUMENTATION\nET\nINFORMATIONS\nJUIN 2023\nNUMERO SPECIAL N\u00b0 52\nLe contenu int\u00e9gral des textes et/ou les documents et plans annex\u00e9s\npeut \u00eatre consult\u00e9 aupr\u00e8s du service sous le timbre duquel la publication\nest r\u00e9alis\u00e9e et sur le site Internet de la pr\u00e9fecture :\nhttp://www.manche.gouv.fr\nRubrique : Publications - Annonces et avis - Recueil des actes administratifs\n\nS O M M A I R E\nCABINET DU PREFET...............................................................................................................................................................................................3\nArr\u00eat\u00e9 pr\u00e9fectoral du 20 juin 2023 modifiant l'arr\u00eat\u00e9 du 30 mai 2023 instaurant un p\u00e9rim\u00e8tre de protection aux abords de la commune\ndu Mont-Saint-Michel...................................................................................................................................................................................................3\nSOUS-PREFECTURE DE COUTANCES...................................................................................................................................................................4\nArr\u00eat\u00e9 du 12 juin 2023 portant nomination des membres de la commission de contr\u00f4le charg\u00e9e de la r\u00e9gularit\u00e9 des listes \u00e9lectorales\ndans la commune de APPEVILLE (communes de moins de 1 000 habitants et assimil\u00e9es).....................................................................................4\nArr\u00eat\u00e9 du 12 juin 2023 portant nomination des membres de la commission de contr\u00f4le charg\u00e9e de la r\u00e9gularit\u00e9 des listes \u00e9lectorales\ndans la commune de AUXAIS (communes de moins de 1 000 habitants et assimil\u00e9es)...........................................................................................4\nArr\u00eat\u00e9 du 12 juin 2023 portant nomination des membres de la commission de contr\u00f4le charg\u00e9e de la r\u00e9gularit\u00e9 des listes \u00e9lectorales\ndans la commune de BAUPTE (communes de moins de 1 000 habitants et assimil\u00e9es)..........................................................................................4\nArr\u00eat\u00e9 du 12 juin 2023 portant nomination des membres de la commission de contr\u00f4le charg\u00e9e de la r\u00e9gularit\u00e9 des listes \u00e9lectorales\ndans la commune de BELVAL (communes de moins de 1 000 habitants et assimil\u00e9es)...........................................................................................5\nArr\u00eat\u00e9 du 12 juin 2023 portant nomination des membres de la commission de contr\u00f4le charg\u00e9e de la r\u00e9gularit\u00e9 des listes \u00e9lectorales\ndans la commune de BRETTEVILLE-SUR-AY(communes de moins de 1 000 habitants et assimil\u00e9es)..................................................................5\nArr\u00eat\u00e9 du 12 juin 2023 portant nomination des membres de la commission de contr\u00f4le charg\u00e9e de la r\u00e9gularit\u00e9 des listes \u00e9lectorales\ndans la commune de BRICQUEVILLE-LA-BLOUETTE (communes de moins de 1 000 habitants et assimil\u00e9es)....................................................5\nArr\u00eat\u00e9 du 12 juin 2023 portant nomination des membres de la commission de contr\u00f4le charg\u00e9e de la r\u00e9gularit\u00e9 des listes \u00e9lectorales\ndans la commune de CAMBERNON (communes de moins de 1 000 habitants et assimil\u00e9es).................................................................................5\nArr\u00eat\u00e9 du 12 juin 2023 portant nomination des membres de la commission de contr\u00f4le charg\u00e9e de la r\u00e9gularit\u00e9 des listes \u00e9lectorales\ndans la commune de CAMETOURS (communes de moins de 1 000 habitants et assimil\u00e9es).................................................................................6\nArr\u00eat\u00e9 du 12 juin 2023 portant nomination des membres de la commission de contr\u00f4le charg\u00e9e de la r\u00e9gularit\u00e9 des listes \u00e9lectorales\ndans la commune de CAMPROND (communes de moins de 1 000 habitants et assimil\u00e9es)...................................................................................6\nArr\u00eat\u00e9 du 12 juin 2023 portant nomination des membres de la commission de contr\u00f4le charg\u00e9e de la r\u00e9gularit\u00e9 des listes \u00e9lectorales\ndans la commune de COURCY (communes de moins de 1 000 habitants et assimil\u00e9es).........................................................................................6\nArr\u00eat\u00e9 du 12 juin 2023 portant nomination des membres de la commission de contr\u00f4le charg\u00e9e de la r\u00e9gularit\u00e9 des listes \u00e9lectorales\ndans la commune de CREANCES (communes de moins de 1 000 habitants et assimil\u00e9es)....................................................................................6\nArr\u00eat\u00e9 du 12 juin 2023 portant nomination des membres de la commission de contr\u00f4le charg\u00e9e de la r\u00e9gularit\u00e9 des listes \u00e9lectorales\ndans la commune de DOVILLE (communes de moins de 1 000 habitants et assimil\u00e9es).........................................................................................7\nArr\u00eat\u00e9 du 12 juin 2023 portant nomination des membres de la commission de contr\u00f4le charg\u00e9e de la r\u00e9gularit\u00e9 des listes \u00e9lectorales\ndans la commune de FEUGERES (communes de moins de 1 000 habitants et assimil\u00e9es)....................................................................................7\nArr\u00eat\u00e9 du 12 juin 2023 portant nomination des membres de la commission de contr\u00f4le charg\u00e9e de la r\u00e9gularit\u00e9 des listes \u00e9lectorales\ndans la commune de GEFFOSSES (communes de moins de 1 000 habitants et assimil\u00e9es)..................................................................................7\nArr\u00eat\u00e9 du 12 juin 2023 portant nomination des membres de la commission de contr\u00f4le charg\u00e9e de la r\u00e9gularit\u00e9 des listes \u00e9lectorales\ndans la commune de GORGES (communes de moins de 1 000 habitants et assimil\u00e9es)........................................................................................7\nArr\u00eat\u00e9 du 12 juin 2023 portant nomination des membres de la commission de contr\u00f4le charg\u00e9e de la r\u00e9gularit\u00e9 des listes \u00e9lectorales\ndans la commune de GOUVILLE-SUR-MER (communes de moins de 1 000 habitants et assimil\u00e9es)....................................................................8\nArr\u00eat\u00e9 du 12 juin 2023 portant nomination des membres de la commission de contr\u00f4le charg\u00e9e de la r\u00e9gularit\u00e9 des listes \u00e9lectorales\ndans la commune de GRATOT (communes de moins de 1 000 habitants et assimil\u00e9es).........................................................................................8\nArr\u00eat\u00e9 du 12 juin 2023 portant nomination des membres de la commission de contr\u00f4le charg\u00e9e de la r\u00e9gularit\u00e9 des listes \u00e9lectorales\ndans la commune de GRIMESNIL (communes de moins de 1 000 habitants et assimil\u00e9es)....................................................................................8\nArr\u00eat\u00e9 du 12 juin 2023 portant nomination des membres de la commission de contr\u00f4le charg\u00e9e de la r\u00e9gularit\u00e9 des listes \u00e9lectorales\ndans la commune de HAUTEVILLE-LA-GUICHARD (communes de moins de 1 000 habitants et assimil\u00e9es)........................................................8\nArr\u00eat\u00e9 du 12 juin 2023 portant nomination des membres de la commission de contr\u00f4le charg\u00e9e de la r\u00e9gularit\u00e9 des listes \u00e9lectorales\ndans la commune de HAUTEVILLE-SUR-MER (communes de moins de 1 000 habitants et assimil\u00e9es)................................................................9\nArr\u00eat\u00e9 du 12 juin 2023 portant nomination des membres de la commission de contr\u00f4le charg\u00e9e de la r\u00e9gularit\u00e9 des listes \u00e9lectorales\ndans la commune de HEUGUEVILLE-SUR-SIENNE (communes de moins de 1 000 habitants et assimil\u00e9es).......................................................9\nArr\u00eat\u00e9 du 12 juin 2023 portant nomination des membres de la commission de contr\u00f4le charg\u00e9e de la r\u00e9gularit\u00e9 des listes \u00e9lectorales\ndans la commune de LA HAYE (communes de moins de 1 000 habitants et assimil\u00e9es).........................................................................................9\nArr\u00eat\u00e9 du 12 juin 2023 portant nomination des membres de la commission de contr\u00f4le charg\u00e9e de la r\u00e9gularit\u00e9 des listes \u00e9lectorales\ndans la commune de LAULNE (communes de moins de 1 000 habitants et assimil\u00e9es)..........................................................................................9\nArr\u00eat\u00e9 du 12 juin 2023 portant nomination des membres de la commission de contr\u00f4le charg\u00e9e de la r\u00e9gularit\u00e9 des listes \u00e9lectorales\ndans la commune de LE MESNIL-GARNIER (communes de moins de 1 000 habitants et assimil\u00e9es)..................................................................10\nArr\u00eat\u00e9 du 12 juin 2023 portant nomination des membres de la commission de contr\u00f4le charg\u00e9e de la r\u00e9gularit\u00e9 des listes \u00e9lectorales\ndans la commune de LE MESNIL-VILLEMAN (communes de moins de 1 000 habitants et assimil\u00e9es)................................................................10\nArr\u00eat\u00e9 du 12 juin 2023 portant nomination des membres de la commission de contr\u00f4le charg\u00e9e de la r\u00e9gularit\u00e9 des listes \u00e9lectorales\ndans la commune de LE PLESSIS-LASTELLE (communes de moins de 1 000 habitants et assimil\u00e9es)...............................................................10\nArr\u00eat\u00e9 du 12 juin 2023 portant nomination des membres de la commission de contr\u00f4le charg\u00e9e de la r\u00e9gularit\u00e9 des listes \u00e9lectorales\ndans la commune de LENGRONNE (communes de moins de 1 000 habitants et assimil\u00e9es)...............................................................................10\nArr\u00eat\u00e9 du 12 juin 2023 portant nomination des membres de la commission de contr\u00f4le charg\u00e9e de la r\u00e9gularit\u00e9 des listes \u00e9lectorales\ndans la commune de MARCHESIEUX (communes de moins de 1 000 habitants et assimil\u00e9es)............................................................................11\nArr\u00eat\u00e9 du 12 juin 2023 portant nomination des membres de la commission de contr\u00f4le charg\u00e9e de la r\u00e9gularit\u00e9 des listes \u00e9lectorales\ndans la commune de MILLIERES (communes de moins de 1 000 habitants et assimil\u00e9es)...................................................................................11\nArr\u00eat\u00e9 du 12 juin 2023 portant nomination des membres de la commission de contr\u00f4le charg\u00e9e de la r\u00e9gularit\u00e9 des listes \u00e9lectorales\ndans la commune de MONTAIGU-LES-BOIS (communes de moins de 1 000 habitants et assimil\u00e9es).................................................................11\nArr\u00eat\u00e9 du 12 juin 2023 portant nomination des membres de la commission de contr\u00f4le charg\u00e9e de la r\u00e9gularit\u00e9 des listes \u00e9lectorales\ndans la commune de MONTHUCHON (communes de moins de 1 000 habitants et assimil\u00e9es)............................................................................11\nArr\u00eat\u00e9 du 12 juin 2023 portant nomination des membres de la commission de contr\u00f4le charg\u00e9e de la r\u00e9gularit\u00e9 des listes \u00e9lectorales\ndans la commune de MONTPINCHON (communes de moins de 1 000 habitants et assimil\u00e9es)...........................................................................12\nArr\u00eat\u00e9 du 12 juin 2023 portant nomination des membres de la commission de contr\u00f4le charg\u00e9e de la r\u00e9gularit\u00e9 des listes \u00e9lectorales\ndans la commune de MUNEVILLE-LE-BINGARD (communes de moins de 1 000 habitants et assimil\u00e9es)..........................................................12\nArr\u00eat\u00e9 du 12 juin 2023 portant nomination des membres de la commission de contr\u00f4le charg\u00e9e de la r\u00e9gularit\u00e9 des listes \u00e9lectorales\ndans la commune de NAY (communes de moins de 1 000 habitants et assimil\u00e9es)...............................................................................................12\nArr\u00eat\u00e9 du 12 juin 2023 portant nomination des membres de la commission de contr\u00f4le charg\u00e9e de la r\u00e9gularit\u00e9 des listes \u00e9lectorales\ndans la commune de NEUFMESNIL (communes de moins de 1 000 habitants et assimil\u00e9es)...............................................................................12\nArr\u00eat\u00e9 du 12 juin 2023 portant nomination des membres de la commission de contr\u00f4le charg\u00e9e de la r\u00e9gularit\u00e9 des listes \u00e9lectorales\ndans la commune de NICORPS (communes de moins de 1 000 habitants et assimil\u00e9es)......................................................................................13\nArr\u00eat\u00e9 du 12 juin 2023 portant nomination des membres de la commission de contr\u00f4le charg\u00e9e de la r\u00e9gularit\u00e9 des listes \u00e9lectorales\ndans la commune de NOTRE-DAME-DE-CENILLY (communes de moins de 1 000 habitants et assimil\u00e9es).......................................................13\nArr\u00eat\u00e9 du 12 juin 2023 portant nomination des membres de la commission de contr\u00f4le charg\u00e9e de la r\u00e9gularit\u00e9 des listes \u00e9lectorales\ndans la commune de ORVAL-SUR-SIENNE (communes de moins de 1 000 habitants et assimil\u00e9es)..................................................................13\nArr\u00eat\u00e9 du 12 juin 2023 portant nomination des membres de la commission de contr\u00f4le charg\u00e9e de la r\u00e9gularit\u00e9 des listes \u00e9lectorales\ndans la commune de OUVILLE (communes de moins de 1 000 habitants et assimil\u00e9es).......................................................................................13\nArr\u00eat\u00e9 du 12 juin 2023 portant nomination des membres de la commission de contr\u00f4le charg\u00e9e de la r\u00e9gularit\u00e9 des listes \u00e9lectorales\ndans la commune de PERIERS (communes de moins de 1 000 habitants et assimil\u00e9es)......................................................................................14\nArr\u00eat\u00e9 du 12 juin 2023 portant nomination des membres de la commission de contr\u00f4le charg\u00e9e de la r\u00e9gularit\u00e9 des listes \u00e9lectorales\ndans la commune de PIROU (communes de moins de 1 000 habitants et assimil\u00e9es)...........................................................................................14\nArr\u00eat\u00e9 du 12 juin 2023 portant nomination des membres de la commission de contr\u00f4le charg\u00e9e de la r\u00e9gularit\u00e9 des listes \u00e9lectorales\ndans la commune de RAIDS (communes de moins de 1 000 habitants et assimil\u00e9es)...........................................................................................14\nArr\u00eat\u00e9 du 12 juin 2023 portant nomination des membres de la commission de contr\u00f4le charg\u00e9e de la r\u00e9gularit\u00e9 des listes \u00e9lectorales\ndans la commune de REGNEVILLE-SUR-MER (communes de moins de 1 000 habitants et assimil\u00e9es).............................................................14\nArr\u00eat\u00e9 du 12 juin 2023 portant nomination des membres de la commission de contr\u00f4le charg\u00e9e de la r\u00e9gularit\u00e9 des listes \u00e9lectorales\ndans la commune de SAINT-DENIS-LE-GAST (communes de moins de 1 000 habitants et assimil\u00e9es)...............................................................15\nArr\u00eat\u00e9 du 12 juin 2023 portant nomination des membres de la commission de contr\u00f4le charg\u00e9e de la r\u00e9gularit\u00e9 des listes \u00e9lectorales\ndans la commune de SAINT-DENIS-LE-VETU (communes de moins de 1 000 habitants et assimil\u00e9es)...............................................................15\nArr\u00eat\u00e9 du 12 juin 2023 portant nomination des membres de la commission de contr\u00f4le charg\u00e9e de la r\u00e9gularit\u00e9 des listes \u00e9lectorales\ndans la commune de SAINT-GERMAIN-SUR-AY (communes de moins de 1 000 habitants et assimil\u00e9es).......................................................... 15\nArr\u00eat\u00e9 du 12 juin 2023 portant nomination des membres de la commission de contr\u00f4le charg\u00e9e de la r\u00e9gularit\u00e9 des listes \u00e9lectorales\ndans la commune de SAINT-GERMAIN-SUR-SEVES (communes de moins de 1 000 habitants et assimil\u00e9es)...................................................15\nArr\u00eat\u00e9 du 12 juin 2023 portant nomination des membres de la commission de contr\u00f4le charg\u00e9e de la r\u00e9gularit\u00e9 des listes \u00e9lectorales\ndans la commune de SAINT-MALO-DE-LA-LANDE (communes de moins de 1 000 habitants et assimil\u00e9es).......................................................16\nArr\u00eat\u00e9 du 12 juin 2023 portant nomination des membres de la commission de contr\u00f4le charg\u00e9e de la r\u00e9gularit\u00e9 des listes \u00e9lectorales\ndans la commune de SAINT-MARTIN-D'AUBIGNY (communes de moins de 1 000 habitants et assimil\u00e9es)....................................................... 16\nArr\u00eat\u00e9 du 12 juin 2023 portant nomination des membres de la commission de contr\u00f4le charg\u00e9e de la r\u00e9gularit\u00e9 des listes \u00e9lectorales\ndans la commune de SAINT-MARTIN-DE-CENILLY (communes de moins de 1 000 habitants et assimil\u00e9es)......................................................16\nArr\u00eat\u00e9 du 12 juin 2023 portant nomination des membres de la commission de contr\u00f4le charg\u00e9e de la r\u00e9gularit\u00e9 des listes \u00e9lectorales\ndans la commune de SAINT-NICOLAS-DE-PIERREPONT (communes de moins de 1 000 habitants et assimil\u00e9es)........................................... 16\nArr\u00eat\u00e9 du 12 juin 2023 portant nomination des membres de la commission de contr\u00f4le charg\u00e9e de la r\u00e9gularit\u00e9 des listes \u00e9lectorales\ndans la commune de SAINT-PATRICE-DE-CLAIDS (communes de moins de 1 000 habitants et assimil\u00e9es)......................................................17\nArr\u00eat\u00e9 du 12 juin 2023 portant nomination des membres de la commission de contr\u00f4le charg\u00e9e de la r\u00e9gularit\u00e9 des listes \u00e9lectorales\ndans la commune de SAINT-PIERRE-DE-COUTANCES (communes de moins de 1 000 habitants et assimil\u00e9es)...............................................17\nArr\u00eat\u00e9 du 12 juin 2023 portant nomination des membres de la commission de contr\u00f4le charg\u00e9e de la r\u00e9gularit\u00e9 des listes \u00e9lectorales\ndans la commune de SAINT-SAUVEUR-DE-PIERREPONT (communes de moins de 1 000 habitants et assimil\u00e9es)..........................................17\nArr\u00eat\u00e9 du 12 juin 2023 portant nomination des membres de la commission de contr\u00f4le charg\u00e9e de la r\u00e9gularit\u00e9 des listes \u00e9lectorales\ndans la commune de SAINT-SEBASTIEN-DE-RAIDS (communes de moins de 1 000 habitants et assimil\u00e9es)................................................... 17\nArr\u00eat\u00e9 du 12 juin 2023 portant nomination des membres de la commission de contr\u00f4le charg\u00e9e de la r\u00e9gularit\u00e9 des listes \u00e9lectorales\ndans la commune de SAUSSEY (communes de moins de 1 000 habitants et assimil\u00e9es).....................................................................................18\nArr\u00eat\u00e9 du 12 juin 2023 portant nomination des membres de la commission de contr\u00f4le charg\u00e9e de la r\u00e9gularit\u00e9 des listes \u00e9lectorales\ndans la commune de SAVIGNY (communes de moins de 1 000 habitants et assimil\u00e9es)......................................................................................18\nArr\u00eat\u00e9 du 12 juin 2023 portant nomination des membres de la commission de contr\u00f4le charg\u00e9e de la r\u00e9gularit\u00e9 des listes \u00e9lectorales\ndans la commune de TOURNEVILLE-SUR-MER (communes de moins de 1 000 habitants et assimil\u00e9es)...........................................................18\nArr\u00eat\u00e9 du 12 juin 2023 portant nomination des membres de la commission de contr\u00f4le charg\u00e9e de la r\u00e9gularit\u00e9 des listes \u00e9lectorales\ndans la commune de TOURVILLE-SUR-SIENNE (communes de moins de 1 000 habitants et assimil\u00e9es).......................................................... 18\nArr\u00eat\u00e9 du 12 juin 2023 portant nomination des membres de la commission de contr\u00f4le charg\u00e9e de la r\u00e9gularit\u00e9 des listes \u00e9lectorales\ndans la commune de VARENGUEBEC (communes de moins de 1 000 habitants et assimil\u00e9es)..........................................................................19\nArr\u00eat\u00e9 du 12 juin 2023 portant nomination des membres de la commission de contr\u00f4le charg\u00e9e de la r\u00e9gularit\u00e9 des listes \u00e9lectorales\ndans la commune de VER (communes de moins de 1 000 habitants et assimil\u00e9es)...............................................................................................19\nArr\u00eat\u00e9 du 13 juin 2023 portant nomination des membres de la commission de contr\u00f4le charg\u00e9e de la r\u00e9gularit\u00e9 des listes \u00e9lectorales\ndans la commune de AGON-COUTAINVILLE (communes de 1 000 habitants et plus avec 2 ou 3 listes).............................................................19\nArr\u00eat\u00e9 du 13 juin 2023 portant nomination des membres de la commission de contr\u00f4le charg\u00e9e de la r\u00e9gularit\u00e9 des listes \u00e9lectorales\ndans la commune de BLAINVILLE-SUR-MER (communes de 1 000 habitants et plus avec 2 ou 3 listes).............................................................19\nArr\u00eat\u00e9 du 13 juin 2023 portant nomination des membres de la commission de contr\u00f4le charg\u00e9e de la r\u00e9gularit\u00e9 des listes \u00e9lectorales\ndans la commune de CERISY-LA-SALLE (communes de 1 000 habitants et plus avec 2 ou 3 listes)....................................................................20\nArr\u00eat\u00e9 du 13 juin 2023 portant nomination des membres de la commission de contr\u00f4le charg\u00e9e de la r\u00e9gularit\u00e9 des listes \u00e9lectorales\ndans la commune de COUTANCES (communes de 1 000 habitants et plus avec 2 ou 3 listes)............................................................................20\nArr\u00eat\u00e9 du 13 juin 2023 portant nomination des membres de la commission de contr\u00f4le charg\u00e9e de la r\u00e9gularit\u00e9 des listes \u00e9lectorales\ndans la commune de GAVRAY-SUR-SIENNE (communes de 1 000 habitants et plus avec 2 ou 3 listes)............................................................ 20\nArr\u00eat\u00e9 du 13 juin 2023 portant nomination des membres de la commission de contr\u00f4le charg\u00e9e de la r\u00e9gularit\u00e9 des listes \u00e9lectorales\ndans la commune de HAMBYE (communes de 1 000 habitants et plus avec 2 ou 3 listes)....................................................................................21\nArr\u00eat\u00e9 du 13 juin 2023 portant nomination des membres de la commission de contr\u00f4le charg\u00e9e de la r\u00e9gularit\u00e9 des listes \u00e9lectorales\ndans la commune de LESSAY (communes de 1 000 habitants et plus avec 2 ou 3 listes).....................................................................................21\nArr\u00eat\u00e9 du 13 juin 2023 portant nomination des membres de la commission de contr\u00f4le charg\u00e9e de la r\u00e9gularit\u00e9 des listes \u00e9lectorales\ndans la commune de MONTMARTIN-SUR-MER (communes de 1 000 habitants et plus avec 2 ou 3 listes)........................................................ 21\nArr\u00eat\u00e9 du 13 juin 2023 portant nomination des membres de la commission de contr\u00f4le charg\u00e9e de la r\u00e9gularit\u00e9 des listes \u00e9lectorales\ndans la commune de MONTSENELLE (communes de 1 000 habitants et plus avec 2 ou 3 listes)........................................................................21\nArr\u00eat\u00e9 du 13 juin 2023 portant nomination des membres de la commission de contr\u00f4le charg\u00e9e de la r\u00e9gularit\u00e9 des listes \u00e9lectorales\ndans la commune de SAINT-SAUVEUR-VILLAGES (communes de 1 000 habitants et plus avec 2 ou 3 listes)...................................................22\nDIVERS......................................................................................................................................................................................................................22\nDDFIP - DIRECTION D\u00c9PARTEMENTALE DES FINANCES PUBLIQUES..............................................................................................................................22\nArr\u00eat\u00e9 du 15 juin 2023 relatif \u00e0 la fermeture exceptionnelle du service de la publicit\u00e9 fonci\u00e8re et de l'enregistrement de Coutances................22\n\uf0bf\nCABINET DU PREFET\nArr\u00eat\u00e9 pr\u00e9fectoral du 20 juin 2023 modifiant l'arr\u00eat\u00e9 du 30 mai 2023 instaurant un p\u00e9rim\u00e8tre de protection aux abords de la commune\ndu Mont-Saint-Michel\nConsid\u00e9rant qu'en application de l'article L. 226-1 du Code de la s\u00e9curit\u00e9 int\u00e9rieure, \u00ab  afin d'assurer la s\u00e9curit\u00e9 d'un lieu ou d'un \u00e9v\u00e9nement\nexpos\u00e9  \u00e0 un risque  d'actes  de terrorisme \u00e0 raison de sa nature  et  de l'ampleur  de sa fr\u00e9quentation,  le repr\u00e9sentant  de l'Etat  dans  le\nd\u00e9partement ou, \u00e0 Paris, le pr\u00e9fet de police peut instituer par arr\u00eat\u00e9 motiv\u00e9 un p\u00e9rim\u00e8tre de protection au sein duquel l'acc\u00e8s et la circulation\ndes personnes sont r\u00e9glement\u00e9s. \u00bb ;\nConsid\u00e9rant la pr\u00e9gnance de menace terroriste sur le territoire national, et notamment sur les sites tr\u00e8s fr\u00e9quent\u00e9s attirant un public touristique\n\u00e0 la fois local et international, et sur les lieux \u00e0 forte symbolique religieuse chr\u00e9tienne, dont le Mont-Saint-Michel fait partie ;\nConsid\u00e9rant que le Mont-Saint-Michel est l'un des principaux sites touristiques fran\u00e7ais et qu'il accueille chaque ann\u00e9e environ 2,5 millions de\npersonnes, notamment le week-end ;\nConsid\u00e9rant que l'importance de la symbolique religieuse du Mont-Saint-Michel et de son abbaye l'expose \u00e0 un risque d'actes de terrorisme ;\nConsid\u00e9rant que les comm\u00e9morations du d\u00e9barquement en Normandie entra\u00eenent chaque ann\u00e9e une forte hausse de fr\u00e9quentation touristique\ndans le d\u00e9partement de la Manche et une mobilisation de la population locale ;\nConsid\u00e9rant que les comm\u00e9morations du 79\u00e8me anniversaire du d\u00e9barquement se tiendront du vendredi 2 au mardi 6 juin 2023 inclus ;\nConsid\u00e9rant que le mill\u00e9naire de l'abbatiale du Mont-Saint-Michel est c\u00e9l\u00e9br\u00e9 en 2023 ;\nConsid\u00e9rant que le lancement des festivit\u00e9s du mill\u00e9naire de l'abbatiale du Mont-Saint-Michel, marqu\u00e9 par la mise en place de l'exposition \u00ab  La\ndemeure de l'archange \u00bb le samedi 20 mai 2023, et le pont de l'Ascension, intervenu du jeudi 18 au dimanche 21 mai 2023, se sont traduits par\nune affluence particuli\u00e8rement importante au Mont-Saint-Michel ;\nConsid\u00e9rant que le spectacle nocturne de lumi\u00e8res \u00ab Solstice du mill\u00e9naire \u00bb pr\u00e9vu du vendredi 23 au samedi 24 juin 2023 constituera un temps\nfort des festivit\u00e9s du mill\u00e9naire de l'abbatiale ;\nConsid\u00e9rant  que  durant  les  week-ends  de  juin  2023,  durant  les  comm\u00e9morations  du  79\u00e8me  anniversaire  du  d\u00e9barquement  qui  seront\norganis\u00e9es du 2 au 6 juin 2023 et durant le spectacle nocturne de lumi\u00e8res \u00ab  Solstice du Mill\u00e9naire \u00bb qui est programm\u00e9 les 23 et 24 juin 2023,\nil y a lieu d'instaurer un p\u00e9rim\u00e8tre de protection aux abords du Mont-Saint-Michel aux fins de pr\u00e9vention d'un acte de terrorisme  ; que compte\ntenu de la topographie des lieux, ce p\u00e9rim\u00e8tre doit englober l'ensemble du Mont-Saint-Michel intra-muros et de l'esplanade devant l'entr\u00e9e, de\nla passerelle, et une partie de la baie aux abords imm\u00e9diats du Mont et de la passerelle, ainsi que le site de \u00ab  la Caserne \u00bb, conform\u00e9ment au\nplan en annexe. Ces lieux \u00e9tant les seuls acc\u00e8s possibles au Mont-Saint-Michel.\nConsid\u00e9rant qu'il y a lieu d'autoriser les agents de la police municipale du Mont-Saint-Michel \u00e0 participer aux contr\u00f4les d'acc\u00e8s sous l'autorit\u00e9\nd'un officier de police judiciaire, afin de renforcer les effectifs d\u00e9ploy\u00e9s par les services de gendarmerie ;\nConsid\u00e9rant que ce p\u00e9rim\u00e8tre doit \u00eatre instaur\u00e9 du 2 au 6 juin 2023 inclus, les 10 et 11 juin 2023, les 17 et 18 juin 2023 et du 23 au 25 juin 2023\ninclus, tous les jours de 8h \u00e0 21h, ainsi que du 23 juin 2023 \u00e0 21h au 24 juin 2023 \u00e0 2h, principales plages horaires de fr\u00e9quentation touristique.\nArt. 1 : L'article 1er de l'arr\u00eat\u00e9 pr\u00e9fectoral du 30 mai 2023 instaurant un p\u00e9rim\u00e8tre de protection aux abords de la commune du Mont-Saint-\nMichel est modifi\u00e9 comme suit :\nIl est instaur\u00e9 un p\u00e9rim\u00e8tre de protection aux abords du Mont-Saint-Michel du 2 au 6 juin 2023 inclus, les 10 et 11 juin 2023, les 17 et 18 juin\n2023 et du 23 au 25 juin 2023 inclus, tous les jours de 8h \u00e0 21h, ainsi que du 23 juin 2023 \u00e0 21h au 24 juin 2023 \u00e0 2h.\nArt. 2 :  Le reste est sans changement.\nSign\u00e9 : Pour le Pr\u00e9fet, le Directeur de cabinet : Fran\u00e7ois FLAHAUT\n\uf0bf\nSOUS-PREFECTURE DE COUTANCES\nArr\u00eat\u00e9 du 12 juin 2023 portant nomination des membres de la commission de contr\u00f4le charg\u00e9e de la r\u00e9gularit\u00e9 des listes \u00e9lectorales\ndans la commune de  APPEVILLE (communes de moins de 1 000 habitants et assimil\u00e9es)\nConsid\u00e9rant qu'il convient de nommer, dans chaque commune, les membres de la commission de contr\u00f4le charg\u00e9e de la r\u00e9gularit\u00e9 des listes\n\u00e9lectorales pour une dur\u00e9e de trois ans et apr\u00e8s chaque renouvellement int\u00e9gral du conseil municipal,\nArt. 1 : La commission de contr\u00f4le, institu\u00e9e dans la commune de APPEVILLE , est compos\u00e9e comme suit :\nConseiller(e) municipal(e)\ntitulaire :  LEMYRE Jo\u00ebl\nsuppl\u00e9ant(e) :  n\u00e9ant\nD\u00e9l\u00e9gu\u00e9(e) de l'administration\ntitulaire :  GUEZENEC Gilles\nsuppl\u00e9ant(e) :  PICOT-TREBERT Marie-Th\u00e9r\u00e8se\nD\u00e9l\u00e9gu\u00e9(e) du tribunal\ntitulaire :  TESTA Genevi\u00e8ve\nsuppl\u00e9ant(e) :  n\u00e9ant\nArt. 2 : Les membres de la commission de contr\u00f4le charg\u00e9e de la r\u00e9gularit\u00e9 des listes \u00e9lectorales sont d\u00e9sign\u00e9s pour trois ans.\nArt. 3 : L'arr\u00eat\u00e9 en date du 17 novembre 2020, portant nomination des membres de la commission de contr\u00f4le charg\u00e9e de la r\u00e9gularit\u00e9 des\nlistes \u00e9lectorales de  APPEVILLE  est abrog\u00e9.\nSign\u00e9 : Le Sous-pr\u00e9fet : Julien MINICONI\n\uf0bf\nArr\u00eat\u00e9 du 12 juin 2023 portant nomination des membres de la commission de contr\u00f4le charg\u00e9e de la r\u00e9gularit\u00e9 des listes \u00e9lectorales\ndans la commune de AUXAIS (communes de moins de 1 000 habitants et assimil\u00e9es)\nConsid\u00e9rant qu'il convient de nommer, dans chaque commune, les membres de la commission de contr\u00f4le charg\u00e9e de la r\u00e9gularit\u00e9 des listes\n\u00e9lectorales pour une dur\u00e9e de trois ans et apr\u00e8s chaque renouvellement int\u00e9gral du conseil municipal,\nArt. 1 : La commission de contr\u00f4le, institu\u00e9e dans la commune de AUXAIS , est compos\u00e9e comme suit :\nConseiller(e) municipal(e)\ntitulaire :  SOPHIE Bertrand\nsuppl\u00e9ant(e) :  LAIGNEL Jacky\nD\u00e9l\u00e9gu\u00e9(e) de l'administration\ntitulaire :  MARION Daniel\nsuppl\u00e9ant(e) :  BILLARD David\nD\u00e9l\u00e9gu\u00e9(e) du tribunal\ntitulaire :  NOEL David\nsuppl\u00e9ant(e) :  LOQUET Mathilde\nArt. 2 : Les membres de la commission de contr\u00f4le charg\u00e9e de la r\u00e9gularit\u00e9 des listes \u00e9lectorales sont d\u00e9sign\u00e9s pour trois ans.\nArt. 3 : L'arr\u00eat\u00e9 en date du 17 novembre 2020, portant nomination des membres de la commission de contr\u00f4le charg\u00e9e de la r\u00e9gularit\u00e9 des\nlistes \u00e9lectorales de  AUXAIS  est abrog\u00e9.\nSign\u00e9 : Le Sous-pr\u00e9fet : Julien MINICONI\n\uf0bf\nArr\u00eat\u00e9 du 12 juin 2023 portant nomination des membres de la commission de contr\u00f4le charg\u00e9e de la r\u00e9gularit\u00e9 des listes \u00e9lectorales\ndans la commune de BAUPTE (communes de moins de 1 000 habitants et assimil\u00e9es)\nConsid\u00e9rant qu'il convient de nommer, dans chaque commune, les membres de la commission de contr\u00f4le charg\u00e9e de la r\u00e9gularit\u00e9 des listes\n\u00e9lectorales pour une dur\u00e9e de trois ans et apr\u00e8s chaque renouvellement int\u00e9gral du conseil municipal,\nArt. 1 : La commission de contr\u00f4le, institu\u00e9e dans la commune de BAUPTE , est compos\u00e9e comme suit :\nConseiller(e) municipal(e)\ntitulaire :  DERRIEN Yann-Mika\u00ebl\nsuppl\u00e9ant(e) :  MARIE Jean-Jacques\nD\u00e9l\u00e9gu\u00e9(e) de l'administration\ntitulaire :  VASCHE Edith\nsuppl\u00e9ant(e) :  GELLEE Corinne \nD\u00e9l\u00e9gu\u00e9(e) du tribunal\ntitulaire :  TANTEL Bernard\nsuppl\u00e9ant(e) :  PEPIN J\u00e9r\u00e9my\nArt. 2 : Les membres de la commission de contr\u00f4le charg\u00e9e de la r\u00e9gularit\u00e9 des listes \u00e9lectorales sont d\u00e9sign\u00e9s pour trois ans.\nArt. 3 : L'arr\u00eat\u00e9 en date du 17 novembre 2020, portant nomination des membres de la commission de contr\u00f4le charg\u00e9e de la r\u00e9gularit\u00e9 des\nlistes \u00e9lectorales de  BAUPTE  est abrog\u00e9.\nSign\u00e9 : Le Sous-pr\u00e9fet : Julien MINICONI\n\uf0bf\nArr\u00eat\u00e9 du 12 juin 2023 portant nomination des membres de la commission de contr\u00f4le charg\u00e9e de la r\u00e9gularit\u00e9 des listes \u00e9lectorales\ndans la commune de BELVAL (communes de moins de 1 000 habitants et assimil\u00e9es)\nConsid\u00e9rant qu'il convient de nommer, dans chaque commune, les membres de la commission de contr\u00f4le charg\u00e9e de la r\u00e9gularit\u00e9 des listes\n\u00e9lectorales pour une dur\u00e9e de trois ans et apr\u00e8s chaque renouvellement int\u00e9gral du conseil municipal,\nArt. 1 : La commission de contr\u00f4le, institu\u00e9e dans la commune de BELVAL , est compos\u00e9e comme suit :\nConseiller(e) municipal(e)\ntitulaire :  LEVIONNOIS Thomas\nsuppl\u00e9ant(e) :  FLEURET Bertrand\nD\u00e9l\u00e9gu\u00e9(e) de l'administration\ntitulaire :  BONNIER Jean-Luc\nsuppl\u00e9ant(e) :  FORESTIER Nathalie\nD\u00e9l\u00e9gu\u00e9(e) du tribunal\ntitulaire :  LECERF Alain\nsuppl\u00e9ant(e) :  DOLOUE R\u00e9gine\nArt. 2 : Les membres de la commission de contr\u00f4le charg\u00e9e de la r\u00e9gularit\u00e9 des listes \u00e9lectorales sont d\u00e9sign\u00e9s pour trois ans.\nArt. 3 : L'arr\u00eat\u00e9 en date du 17 novembre 2020, portant nomination des membres de la commission de contr\u00f4le charg\u00e9e de la r\u00e9gularit\u00e9 des\nlistes \u00e9lectorales de  BELVAL  est abrog\u00e9.\nSign\u00e9 : Le Sous-pr\u00e9fet : Julien MINICONI\n\uf0bf\nArr\u00eat\u00e9 du 12 juin 2023 portant nomination des membres de la commission de contr\u00f4le charg\u00e9e de la r\u00e9gularit\u00e9 des listes \u00e9lectorales\ndans la commune de BRETTEVILLE-SUR-AY(communes de moins de 1 000 habitants et assimil\u00e9es)\nConsid\u00e9rant qu'il convient de nommer, dans chaque commune, les membres de la commission de contr\u00f4le charg\u00e9e de la r\u00e9gularit\u00e9 des listes\n\u00e9lectorales pour une dur\u00e9e de trois ans et apr\u00e8s chaque renouvellement int\u00e9gral du conseil municipal,\nArt. 1 : La commission de contr\u00f4le, institu\u00e9e dans la commune de BRETTEVILLE-SUR-AY , est compos\u00e9e comme suit :\nConseiller(e) municipal(e)\ntitulaire :  ENAULT Maryvonne\nsuppl\u00e9ant(e) :  n\u00e9ant\nD\u00e9l\u00e9gu\u00e9(e) de l'administration\ntitulaire :  MABIRE G\u00e9rard\nsuppl\u00e9ant(e) :  n\u00e9ant\nD\u00e9l\u00e9gu\u00e9(e) du tribunal\ntitulaire :  BAZIRE Marie-Madeleine\nsuppl\u00e9ant(e) :  n\u00e9ant\nArt. 2 : Les membres de la commission de contr\u00f4le charg\u00e9e de la r\u00e9gularit\u00e9 des listes \u00e9lectorales sont d\u00e9sign\u00e9s pour trois ans.\nArt. 3 : L'arr\u00eat\u00e9 en date du 14 d\u00e9cembre 2020, portant nomination des membres de la commission de contr\u00f4le charg\u00e9e de la r\u00e9gularit\u00e9 des\nlistes \u00e9lectorales de  BRETTEVILLE-SUR-AY  est abrog\u00e9.\nSign\u00e9 : Le Sous-pr\u00e9fet : Julien MINICONI\n\uf0bf\nArr\u00eat\u00e9 du 12 juin 2023 portant nomination des membres de la commission de contr\u00f4le charg\u00e9e de la r\u00e9gularit\u00e9 des listes \u00e9lectorales\ndans la commune de BRICQUEVILLE-LA-BLOUETTE (communes de moins de 1 000 habitants et assimil\u00e9es)\nConsid\u00e9rant qu'il convient de nommer, dans chaque commune, les membres de la commission de contr\u00f4le charg\u00e9e de la r\u00e9gularit\u00e9 des listes\n\u00e9lectorales pour une dur\u00e9e de trois ans et apr\u00e8s chaque renouvellement int\u00e9gral du conseil municipal,\nArt. 1 : La commission de contr\u00f4le, institu\u00e9e dans la commune de BRICQUEVILLE-LA-BLOUETTE , est compos\u00e9e comme suit :\nConseiller(e) municipal(e)\ntitulaire :  JOUANNE Lydie\nsuppl\u00e9ant(e) :  MALERBA Lydie\nD\u00e9l\u00e9gu\u00e9(e) de l'administration\ntitulaire :  DUCRET Pierre\nsuppl\u00e9ant(e) :  PIRIOU Gilles\nD\u00e9l\u00e9gu\u00e9(e) du tribunal\ntitulaire :  LECONTE Jacques\nsuppl\u00e9ant(e) :  n\u00e9ant\nArt. 2 : Les membres de la commission de contr\u00f4le charg\u00e9e de la r\u00e9gularit\u00e9 des listes \u00e9lectorales sont d\u00e9sign\u00e9s pour trois ans.\nArt. 3 : L'arr\u00eat\u00e9 en date du 14 d\u00e9cembre 2020, portant nomination des membres de la commission de contr\u00f4le charg\u00e9e de la r\u00e9gularit\u00e9 des\nlistes \u00e9lectorales de  BRICQUEVILLE-LA-BLOUETTE  est abrog\u00e9.\nSign\u00e9 : Le Sous-pr\u00e9fet : Julien MINICONI\n\uf0bf\nArr\u00eat\u00e9 du 12 juin 2023 portant nomination des membres de la commission de contr\u00f4le charg\u00e9e de la r\u00e9gularit\u00e9 des listes \u00e9lectorales\ndans la commune de CAMBERNON (communes de moins de 1 000 habitants et assimil\u00e9es)\nConsid\u00e9rant qu'il convient de nommer, dans chaque commune, les membres de la commission de contr\u00f4le charg\u00e9e de la r\u00e9gularit\u00e9 des listes\n\u00e9lectorales pour une dur\u00e9e de trois ans et apr\u00e8s chaque renouvellement int\u00e9gral du conseil municipal,\nARRETE\nArt. 1 : La commission de contr\u00f4le, institu\u00e9e dans la commune de CAMBERNON , est compos\u00e9e comme suit :\nConseiller(e) municipal(e)\ntitulaire :  DELAMARE Prescilla\nsuppl\u00e9ant(e) :  n\u00e9ant\nD\u00e9l\u00e9gu\u00e9(e) de l'administration\ntitulaire :  LEBEURY Francis\nsuppl\u00e9ant(e) :  n\u00e9ant\nD\u00e9l\u00e9gu\u00e9(e) du tribunal\ntitulaire :  LEROY Claude\nsuppl\u00e9ant(e) :  n\u00e9ant\nArt. 2 : Les membres de la commission de contr\u00f4le charg\u00e9e de la r\u00e9gularit\u00e9 des listes \u00e9lectorales sont d\u00e9sign\u00e9s pour trois ans.\nArt. 3 : L'arr\u00eat\u00e9 en date du 14 d\u00e9cembre 2020, portant nomination des membres de la commission de contr\u00f4le charg\u00e9e de la r\u00e9gularit\u00e9 des\nlistes \u00e9lectorales de  CAMBERNON  est abrog\u00e9.\nSign\u00e9 : Le Sous-pr\u00e9fet : Julien MINICONI\n\uf0bf\nArr\u00eat\u00e9 du 12 juin 2023 portant nomination des membres de la commission de contr\u00f4le charg\u00e9e de la r\u00e9gularit\u00e9 des listes \u00e9lectorales\ndans la commune de CAMETOURS (communes de moins de 1 000 habitants et assimil\u00e9es)\nConsid\u00e9rant qu'il convient de nommer, dans chaque commune, les membres de la commission de contr\u00f4le charg\u00e9e de la r\u00e9gularit\u00e9 des listes\n\u00e9lectorales pour une dur\u00e9e de trois ans et apr\u00e8s chaque renouvellement int\u00e9gral du conseil municipal,\nArt. 1 : La commission de contr\u00f4le, institu\u00e9e dans la commune de CAMETOURS , est compos\u00e9e comme suit :\nConseiller(e) municipal(e)\ntitulaire :  DOLOUE Jacques\nsuppl\u00e9ant(e) :  LOISELIER Guy\nD\u00e9l\u00e9gu\u00e9(e) de l'administration\ntitulaire :  LEFEVRE Denise\nsuppl\u00e9ant(e) :  LEFAUDEUX Jean-Claude\nD\u00e9l\u00e9gu\u00e9(e) du tribunal\ntitulaire :  YZET Bruno\nsuppl\u00e9ant(e) :  LEBOUTEILLER Richard\nArt. 2 : Les membres de la commission de contr\u00f4le charg\u00e9e de la r\u00e9gularit\u00e9 des listes \u00e9lectorales sont d\u00e9sign\u00e9s pour trois ans.\nArt. 3 : L'arr\u00eat\u00e9 en date du 17 novembre 2020, portant nomination des membres de la commission de contr\u00f4le charg\u00e9e de la r\u00e9gularit\u00e9 des\nlistes \u00e9lectorales de  CAMETOURS  est abrog\u00e9.\nSign\u00e9 : Le Sous-pr\u00e9fet : Julien MINICONI\n\uf0bf\nArr\u00eat\u00e9 du 12 juin 2023 portant nomination des membres de la commission de contr\u00f4le charg\u00e9e de la r\u00e9gularit\u00e9 des listes \u00e9lectorales\ndans la commune de CAMPROND (communes de moins de 1 000 habitants et assimil\u00e9es)\nConsid\u00e9rant qu'il convient de nommer, dans chaque commune, les membres de la commission de contr\u00f4le charg\u00e9e de la r\u00e9gularit\u00e9 des listes\n\u00e9lectorales pour une dur\u00e9e de trois ans et apr\u00e8s chaque renouvellement int\u00e9gral du conseil municipal,\nArt. 1 : La commission de contr\u00f4le, institu\u00e9e dans la commune de CAMPROND , est compos\u00e9e comme suit :\nConseiller(e) municipal(e)\ntitulaire :  EUDES R\u00e9mi\nsuppl\u00e9ant(e) :  POUSSE Emmanuel\nD\u00e9l\u00e9gu\u00e9(e) de l'administration\ntitulaire :  LELANDAIS Louis\nsuppl\u00e9ant(e) :  LEBEL Sylvie\nD\u00e9l\u00e9gu\u00e9(e) du tribunal\ntitulaire :  FOUQUE Marcel\nsuppl\u00e9ant(e) :  n\u00e9ant\nArt. 2 : Les membres de la commission de contr\u00f4le charg\u00e9e de la r\u00e9gularit\u00e9 des listes \u00e9lectorales sont d\u00e9sign\u00e9s pour trois ans.\nArt. 3 : L'arr\u00eat\u00e9 en date du 10 mars 2022, portant nomination des membres de la commission de contr\u00f4le charg\u00e9e de la r\u00e9gularit\u00e9 des listes\n\u00e9lectorales de  CAMPROND  est abrog\u00e9.\nSign\u00e9 : Le Sous-pr\u00e9fet : Julien MINICONI\n\uf0bf\nArr\u00eat\u00e9 du 12 juin 2023 portant nomination des membres de la commission de contr\u00f4le charg\u00e9e de la r\u00e9gularit\u00e9 des listes \u00e9lectorales\ndans la commune de COURCY (communes de moins de 1 000 habitants et assimil\u00e9es)\nConsid\u00e9rant qu'il convient de nommer, dans chaque commune, les membres de la commission de contr\u00f4le charg\u00e9e de la r\u00e9gularit\u00e9 des listes\n\u00e9lectorales pour une dur\u00e9e de trois ans et apr\u00e8s chaque renouvellement int\u00e9gral du conseil municipal,\nArt. 1 : La commission de contr\u00f4le, institu\u00e9e dans la commune de COURCY , est compos\u00e9e comme suit :\nConseiller(e) municipal(e)\ntitulaire :  TURGIS Betty\nsuppl\u00e9ant(e) :  n\u00e9ant\nD\u00e9l\u00e9gu\u00e9(e) de l'administration\ntitulaire :  GIARD Michel\nsuppl\u00e9ant(e) :  JORET R\u00e9mi\nD\u00e9l\u00e9gu\u00e9(e) du tribunal\ntitulaire :  GUERIN Daniel\nsuppl\u00e9ant(e) :  DE SAINT JORES Mika\u00ebl\nArt. 2 : Les membres de la commission de contr\u00f4le charg\u00e9e de la r\u00e9gularit\u00e9 des listes \u00e9lectorales sont d\u00e9sign\u00e9s pour trois ans.\nArt. 3 : L'arr\u00eat\u00e9 en date du 17 novembre 2020, portant nomination des membres de la commission de contr\u00f4le charg\u00e9e de la r\u00e9gularit\u00e9 des\nlistes \u00e9lectorales de  COURCY  est abrog\u00e9.\nSign\u00e9 : Le Sous-pr\u00e9fet : Julien MINICONI\n\uf0bf\nArr\u00eat\u00e9 du 12 juin 2023 portant nomination des membres de la commission de contr\u00f4le charg\u00e9e de la r\u00e9gularit\u00e9 des listes \u00e9lectorales\ndans la commune de CREANCES (communes de moins de 1 000 habitants et assimil\u00e9es)\nConsid\u00e9rant qu'il convient de nommer, dans chaque commune, les membres de la commission de contr\u00f4le charg\u00e9e de la r\u00e9gularit\u00e9 des listes\n\u00e9lectorales pour une dur\u00e9e de trois ans et apr\u00e8s chaque renouvellement int\u00e9gral du conseil municipal,\nArt. 1 : La commission de contr\u00f4le, institu\u00e9e dans la commune de CREANCES , est compos\u00e9e comme suit :\nConseiller(e) municipal(e)\ntitulaire :  GRISEL Ghislaine\nsuppl\u00e9ant(e) :  LEMOIGNE Julien\nD\u00e9l\u00e9gu\u00e9(e) de l'administration\ntitulaire :  GODALE Gilles\nsuppl\u00e9ant(e) :  REGNAULT Jacques \nD\u00e9l\u00e9gu\u00e9(e) du tribunal\ntitulaire :  PERDREAU Guy\nsuppl\u00e9ant(e) :  n\u00e9ant\nArt. 2 : Les membres de la commission de contr\u00f4le charg\u00e9e de la r\u00e9gularit\u00e9 des listes \u00e9lectorales sont d\u00e9sign\u00e9s pour trois ans.\nArt. 3 : L'arr\u00eat\u00e9 en date du 17 novembre 2020, portant nomination des membres de la commission de contr\u00f4le charg\u00e9e de la r\u00e9gularit\u00e9 des\nlistes \u00e9lectorales de  CREANCES  est abrog\u00e9.\nSign\u00e9 : Le Sous-pr\u00e9fet : Julien MINICONI\n\uf0bf\nArr\u00eat\u00e9 du 12 juin 2023 portant nomination des membres de la commission de contr\u00f4le charg\u00e9e de la r\u00e9gularit\u00e9 des listes \u00e9lectorales\ndans la commune de DOVILLE (communes de moins de 1 000 habitants et assimil\u00e9es)\nConsid\u00e9rant qu'il convient de nommer, dans chaque commune, les membres de la commission de contr\u00f4le charg\u00e9e de la r\u00e9gularit\u00e9 des listes\n\u00e9lectorales pour une dur\u00e9e de trois ans et apr\u00e8s chaque renouvellement int\u00e9gral du conseil municipal,\nArt. 1 : La commission de contr\u00f4le, institu\u00e9e dans la commune de DOVILLE , est compos\u00e9e comme suit :\nConseiller(e) municipal(e)\ntitulaire :  LEJUEZ V\u00e9ronique\nsuppl\u00e9ant(e) :  SCELLES Alain\nD\u00e9l\u00e9gu\u00e9(e) de l'administration\ntitulaire :  ENAULT Daniel\nsuppl\u00e9ant(e) :  FOSSEY Jean-Louis\nD\u00e9l\u00e9gu\u00e9(e) du tribunal\ntitulaire :  LIKHOWIDOFF Fran\u00e7oise\nsuppl\u00e9ant(e) :  LOZIER Colette\nArt. 2 : Les membres de la commission de contr\u00f4le charg\u00e9e de la r\u00e9gularit\u00e9 des listes \u00e9lectorales sont d\u00e9sign\u00e9s pour trois ans.\nArt. 3 : L'arr\u00eat\u00e9 en date du 24 mai 2022, portant nomination des membres de la commission de contr\u00f4le charg\u00e9e de la r\u00e9gularit\u00e9 des listes\n\u00e9lectorales de  DOVILLE  est abrog\u00e9.\nSign\u00e9 : Le Sous-pr\u00e9fet : Julien MINICONI\n\uf0bf\nArr\u00eat\u00e9 du 12 juin 2023 portant nomination des membres de la commission de contr\u00f4le charg\u00e9e de la r\u00e9gularit\u00e9 des listes \u00e9lectorales\ndans la commune de FEUGERES (communes de moins de 1 000 habitants et assimil\u00e9es)\nConsid\u00e9rant qu'il convient de nommer, dans chaque commune, les membres de la commission de contr\u00f4le charg\u00e9e de la r\u00e9gularit\u00e9 des listes\n\u00e9lectorales pour une dur\u00e9e de trois ans et apr\u00e8s chaque renouvellement int\u00e9gral du conseil municipal,\nArt. 1 : La commission de contr\u00f4le, institu\u00e9e dans la commune de FEUGERES , est compos\u00e9e comme suit :\nConseiller(e) municipal(e)\ntitulaire :  YON Abel\nsuppl\u00e9ant(e) :  GIARD Ludovic\nD\u00e9l\u00e9gu\u00e9(e) de l'administration\ntitulaire :  LE BASTARD Jean\nsuppl\u00e9ant(e) :  n\u00e9ant\nD\u00e9l\u00e9gu\u00e9(e) du tribunal\ntitulaire :  LECARPENTIER Antoine\nsuppl\u00e9ant(e) :  n\u00e9ant\nArt. 2 : Les membres de la commission de contr\u00f4le charg\u00e9e de la r\u00e9gularit\u00e9 des listes \u00e9lectorales sont d\u00e9sign\u00e9s pour trois ans.\nArt. 3 : L'arr\u00eat\u00e9 en date du 14 d\u00e9cembre 2020, portant nomination des membres de la commission de contr\u00f4le charg\u00e9e de la r\u00e9gularit\u00e9 des\nlistes \u00e9lectorales de  FEUGERES  est abrog\u00e9.\nSign\u00e9 : Le Sous-pr\u00e9fet : Julien MINICONI\n\uf0bf\nArr\u00eat\u00e9 du 12 juin 2023 portant nomination des membres de la commission de contr\u00f4le charg\u00e9e de la r\u00e9gularit\u00e9 des listes \u00e9lectorales\ndans la commune de GEFFOSSES (communes de moins de 1 000 habitants et assimil\u00e9es)\nConsid\u00e9rant qu'il convient de nommer, dans chaque commune, les membres de la commission de contr\u00f4le charg\u00e9e de la r\u00e9gularit\u00e9 des listes\n\u00e9lectorales pour une dur\u00e9e de trois ans et apr\u00e8s chaque renouvellement int\u00e9gral du conseil municipal,\nArt. 1 : La commission de contr\u00f4le, institu\u00e9e dans la commune de GEFFOSSES , est compos\u00e9e comme suit :\nConseiller(e) municipal(e)\ntitulaire :  GIARD Laurent\nsuppl\u00e9ant(e) :  BOULANG Jean-Pierre\nD\u00e9l\u00e9gu\u00e9(e) de l'administration\ntitulaire :  LECOLLEY Jean-Fran\u00e7ois\nsuppl\u00e9ant(e) :  SAUSSAYE Dominique\nD\u00e9l\u00e9gu\u00e9(e) du tribunal\ntitulaire :  LEBREUILLY Simone \nsuppl\u00e9ant(e) :  n\u00e9ant\nArt. 2 : Les membres de la commission de contr\u00f4le charg\u00e9e de la r\u00e9gularit\u00e9 des listes \u00e9lectorales sont d\u00e9sign\u00e9s pour trois ans.\nArt. 3 : L'arr\u00eat\u00e9 en date du 14 d\u00e9cembre 2020, portant nomination des membres de la commission de contr\u00f4le charg\u00e9e de la r\u00e9gularit\u00e9 des\nlistes \u00e9lectorales de  GEFFOSSES  est abrog\u00e9.\nSign\u00e9 : Le Sous-pr\u00e9fet : Julien MINICONI\n\uf0bf\nArr\u00eat\u00e9 du 12 juin 2023 portant nomination des membres de la commission de contr\u00f4le charg\u00e9e de la r\u00e9gularit\u00e9 des listes \u00e9lectorales\ndans la commune de GORGES (communes de moins de 1 000 habitants et assimil\u00e9es)\nConsid\u00e9rant qu'il convient de nommer, dans chaque commune, les membres de la commission de contr\u00f4le charg\u00e9e de la r\u00e9gularit\u00e9 des listes\n\u00e9lectorales pour une dur\u00e9e de trois ans et apr\u00e8s chaque renouvellement int\u00e9gral du conseil municipal,\nArt. 1 : La commission de contr\u00f4le, institu\u00e9e dans la commune de GORGES , est compos\u00e9e comme suit :\nConseiller(e) municipal(e)\ntitulaire :  VILLEDIEU Edouard\nsuppl\u00e9ant(e) :  LAVAGNIEUR Maxime\nD\u00e9l\u00e9gu\u00e9(e) de l'administration\ntitulaire :  LEGAND Magali\nsuppl\u00e9ant(e) :  MAUGE St\u00e9phane\nD\u00e9l\u00e9gu\u00e9(e) du tribunal\ntitulaire :  LEPETIT Richard\nsuppl\u00e9ant(e) :  COUSIN Mireille\nArt. 2 : Les membres de la commission de contr\u00f4le charg\u00e9e de la r\u00e9gularit\u00e9 des listes \u00e9lectorales sont d\u00e9sign\u00e9s pour trois ans.\nArt. 3 : L'arr\u00eat\u00e9 en date du 17 novembre 2020, portant nomination des membres de la commission de contr\u00f4le charg\u00e9e de la r\u00e9gularit\u00e9 des\nSign\u00e9 : Le Sous-pr\u00e9fet : Julien MINICONI\n\uf0bf\nArr\u00eat\u00e9 du 12 juin 2023 portant nomination des membres de la commission de contr\u00f4le charg\u00e9e de la r\u00e9gularit\u00e9 des listes \u00e9lectorales\ndans la commune de  GOUVILLE-SUR-MER (communes de moins de 1 000 habitants et assimil\u00e9es)\nConsid\u00e9rant qu'il convient de nommer, dans chaque commune, les membres de la commission de contr\u00f4le charg\u00e9e de la r\u00e9gularit\u00e9 des listes\n\u00e9lectorales pour une dur\u00e9e de trois ans et apr\u00e8s chaque renouvellement int\u00e9gral du conseil municipal,\nArt. 1 : La commission de contr\u00f4le, institu\u00e9e dans la commune de GOUVILLE-SUR-MER , est compos\u00e9e comme suit :\nConseiller(e) municipal(e)\ntitulaire :  COENEN Ga\u00e9tan\nsuppl\u00e9ant(e) :  ELOI Jean-Jacques\nD\u00e9l\u00e9gu\u00e9(e) de l'administration\ntitulaire :  BEAUFILS Erick\nsuppl\u00e9ant(e) :  MARESCQ Arlette\nD\u00e9l\u00e9gu\u00e9(e) du tribunal\ntitulaire :  CHALVET Etienne \nsuppl\u00e9ant(e) :  TESSON Auguste\nArt. 2 : Les membres de la commission de contr\u00f4le charg\u00e9e de la r\u00e9gularit\u00e9 des listes \u00e9lectorales sont d\u00e9sign\u00e9s pour trois ans.\nArt. 3 : L'arr\u00eat\u00e9 en date du 17 novembre 2020, portant nomination des membres de la commission de contr\u00f4le charg\u00e9e de la r\u00e9gularit\u00e9 des\nlistes \u00e9lectorales de  GOUVILLE-SUR-MER  est abrog\u00e9.\nSign\u00e9 : Le Sous-pr\u00e9fet : Julien MINICONI\n\uf0bf\nArr\u00eat\u00e9 du 12 juin 2023 portant nomination des membres de la commission de contr\u00f4le charg\u00e9e de la r\u00e9gularit\u00e9 des listes \u00e9lectorales\ndans la commune de GRATOT (communes de moins de 1 000 habitants et assimil\u00e9es)\nConsid\u00e9rant qu'il convient de nommer, dans chaque commune, les membres de la commission de contr\u00f4le charg\u00e9e de la r\u00e9gularit\u00e9 des listes\n\u00e9lectorales pour une dur\u00e9e de trois ans et apr\u00e8s chaque renouvellement int\u00e9gral du conseil municipal,\nArt. 1 : La commission de contr\u00f4le, institu\u00e9e dans la commune de GRATOT , est compos\u00e9e comme suit :\nConseiller(e) municipal(e)\ntitulaire :  LEROUX Jacques\nsuppl\u00e9ant(e) :  SELEMANI Amboudi\nD\u00e9l\u00e9gu\u00e9(e) de l'administration\ntitulaire :  LECARDONNEL Louis\nsuppl\u00e9ant(e) :  LEGLINEL Monique \nD\u00e9l\u00e9gu\u00e9(e) du tribunal\ntitulaire :  CLEMENT Philippe\nsuppl\u00e9ant(e) :  n\u00e9ant\nArt. 2 : Les membres de la commission de contr\u00f4le charg\u00e9e de la r\u00e9gularit\u00e9 des listes \u00e9lectorales sont d\u00e9sign\u00e9s pour trois ans.\nArt. 3 : L'arr\u00eat\u00e9 en date du 17 novembre 2020, portant nomination des membres de la commission de contr\u00f4le charg\u00e9e de la r\u00e9gularit\u00e9 des\nlistes \u00e9lectorales de  GRATOT  est abrog\u00e9.\nSign\u00e9 : Le Sous-pr\u00e9fet : Julien MINICONI\n\uf0bf\nArr\u00eat\u00e9 du 12 juin 2023 portant nomination des membres de la commission de contr\u00f4le charg\u00e9e de la r\u00e9gularit\u00e9 des listes \u00e9lectorales\ndans la commune de GRIMESNIL (communes de moins de 1 000 habitants et assimil\u00e9es)\nConsid\u00e9rant qu'il convient de nommer, dans chaque commune, les membres de la commission de contr\u00f4le charg\u00e9e de la r\u00e9gularit\u00e9 des listes\n\u00e9lectorales pour une dur\u00e9e de trois ans et apr\u00e8s chaque renouvellement int\u00e9gral du conseil municipal,\nArt. 1 : La commission de contr\u00f4le, institu\u00e9e dans la commune de GRIMESNIL , est compos\u00e9e comme suit :\nConseiller(e) municipal(e)\ntitulaire :  GERVAISE Guillaume\nsuppl\u00e9ant(e) :  SAMSON Florence \nD\u00e9l\u00e9gu\u00e9(e) de l'administration\ntitulaire :  DE GAND Jean-Pierre\nsuppl\u00e9ant(e) :  n\u00e9ant\nD\u00e9l\u00e9gu\u00e9(e) du tribunal\ntitulaire :  BLEAS Jean-Louis\nsuppl\u00e9ant(e) :  n\u00e9ant\nArt. 2 : Les membres de la commission de contr\u00f4le charg\u00e9e de la r\u00e9gularit\u00e9 des listes \u00e9lectorales sont d\u00e9sign\u00e9s pour trois ans.\nArt. 3 : L'arr\u00eat\u00e9 en date du 14 d\u00e9cembre 2020, portant nomination des membres de la commission de contr\u00f4le charg\u00e9e de la r\u00e9gularit\u00e9 des\nlistes \u00e9lectorales de  GRIMESNIL  est abrog\u00e9.\nSign\u00e9 : Le Sous-pr\u00e9fet : Julien MINICONI\n\uf0bf\nArr\u00eat\u00e9 du 12 juin 2023 portant nomination des membres de la commission de contr\u00f4le charg\u00e9e de la r\u00e9gularit\u00e9 des listes \u00e9lectorales\ndans la commune de HAUTEVILLE-LA-GUICHARD (communes de moins de 1 000 habitants et assimil\u00e9es)\nConsid\u00e9rant qu'il convient de nommer, dans chaque commune, les membres de la commission de contr\u00f4le charg\u00e9e de la r\u00e9gularit\u00e9 des listes\n\u00e9lectorales pour une dur\u00e9e de trois ans et apr\u00e8s chaque renouvellement int\u00e9gral du conseil municipal,\nArt. 1 : La commission de contr\u00f4le, institu\u00e9e dans la commune de HAUTEVILLE-LA-GUICHARD , est compos\u00e9e comme suit :\nConseiller(e) municipal(e)\ntitulaire :  HARDY St\u00e9phanie\nsuppl\u00e9ant(e) :  LAVALLEY Bruno\nD\u00e9l\u00e9gu\u00e9(e) de l'administration\ntitulaire :  LESAULNIER Patrick\nsuppl\u00e9ant(e) :  FOSSARD Pascal\nD\u00e9l\u00e9gu\u00e9(e) du tribunal\ntitulaire :  GARDIE Isabelle\nsuppl\u00e9ant(e) :  n\u00e9ant\nArt. 2 : Les membres de la commission de contr\u00f4le charg\u00e9e de la r\u00e9gularit\u00e9 des listes \u00e9lectorales sont d\u00e9sign\u00e9s pour trois ans.\nArt. 3 : L'arr\u00eat\u00e9 en date du 2 mars 2022, portant nomination des membres de la commission de contr\u00f4le charg\u00e9e de la r\u00e9gularit\u00e9 des listes\n\u00e9lectorales de  HAUTEVILLE-LA-GUICHARD  est abrog\u00e9.\nSign\u00e9 : Le Sous-pr\u00e9fet : Julien MINICONI\n\uf0bf\nArr\u00eat\u00e9 du 12 juin 2023 portant nomination des membres de la commission de contr\u00f4le charg\u00e9e de la r\u00e9gularit\u00e9 des listes \u00e9lectorales\ndans la commune de  HAUTEVILLE-SUR-MER (communes de moins de 1 000 habitants et assimil\u00e9es)\nConsid\u00e9rant qu'il convient de nommer, dans chaque commune, les membres de la commission de contr\u00f4le charg\u00e9e de la r\u00e9gularit\u00e9 des listes\n\u00e9lectorales pour une dur\u00e9e de trois ans et apr\u00e8s chaque renouvellement int\u00e9gral du conseil municipal,\nArt. 1 : La commission de contr\u00f4le, institu\u00e9e dans la commune de HAUTEVILLE-SUR-MER , est compos\u00e9e comme suit :\nConseiller(e) municipal(e)\ntitulaire :  IMBERT Dominique\nsuppl\u00e9ant(e) :  BOUBET Philippe\nD\u00e9l\u00e9gu\u00e9(e) de l'administration\ntitulaire :  DERVEAUX Isabelle\nsuppl\u00e9ant(e) :  CARDONNEL Jacky\nD\u00e9l\u00e9gu\u00e9(e) du tribunal\ntitulaire :  HAREL Madeleine\nsuppl\u00e9ant(e) :  VENAULT Michel\nArt. 2   :   Les membres de la commission de contr\u00f4le charg\u00e9e de la r\u00e9gularit\u00e9 des listes \u00e9lectorales sont d\u00e9sign\u00e9s pour trois ans.\nArt. 3 : L'arr\u00eat\u00e9 en date du 17 novembre 2020, portant nomination des membres de la commission de contr\u00f4le charg\u00e9e de la r\u00e9gularit\u00e9 des\nlistes \u00e9lectorales de  HAUTEVILLE-SUR-MER  est abrog\u00e9.\nSign\u00e9 : Le Sous-pr\u00e9fet : Julien MINICONI\n\uf0bf\nArr\u00eat\u00e9 du 12 juin 2023 portant nomination des membres de la commission de contr\u00f4le charg\u00e9e de la r\u00e9gularit\u00e9 des listes \u00e9lectorales\ndans la commune de  HEUGUEVILLE-SUR-SIENNE (communes de moins de 1 000 habitants et assimil\u00e9es)\nConsid\u00e9rant qu'il convient de nommer, dans chaque commune, les membres de la commission de contr\u00f4le charg\u00e9e de la r\u00e9gularit\u00e9 des listes\n\u00e9lectorales pour une dur\u00e9e de trois ans et apr\u00e8s chaque renouvellement int\u00e9gral du conseil municipal,\nArt. 1 : La commission de contr\u00f4le, institu\u00e9e dans la commune de HEUGUEVILLE-SUR-SIENNE , est compos\u00e9e comme suit :\nConseiller(e) municipal(e)\ntitulaire :  BESNARD Florence\nsuppl\u00e9ant(e) :  LENGRONNE Roland \nD\u00e9l\u00e9gu\u00e9(e) de l'administration\ntitulaire :  QUESNEE Nadine\nsuppl\u00e9ant(e) :  LENOIR Christine\nD\u00e9l\u00e9gu\u00e9(e) du tribunal\ntitulaire :  CLEMENT R\u00e9gine\nsuppl\u00e9ant(e) :  n\u00e9ant\nArt. 2 : Les membres de la commission de contr\u00f4le charg\u00e9e de la r\u00e9gularit\u00e9 des listes \u00e9lectorales sont d\u00e9sign\u00e9s pour trois ans.\nArt. 3 : L'arr\u00eat\u00e9 en date du 14 ao\u00fbt 2020, portant nomination des membres de la commission de contr\u00f4le charg\u00e9e de la r\u00e9gularit\u00e9 des listes\n\u00e9lectorales de  HEUGUEVILLE-SUR-SIENNE  est abrog\u00e9.\nSign\u00e9 : Le Sous-pr\u00e9fet : Julien MINICONI\n\uf0bf\nArr\u00eat\u00e9 du 12 juin 2023 portant nomination des membres de la commission de contr\u00f4le charg\u00e9e de la r\u00e9gularit\u00e9 des listes \u00e9lectorales\ndans la commune de  LA HAYE (communes de moins de 1 000 habitants et assimil\u00e9es)\nConsid\u00e9rant qu'il convient de nommer, dans chaque commune, les membres de la commission de contr\u00f4le charg\u00e9e de la r\u00e9gularit\u00e9 des listes\n\u00e9lectorales pour une dur\u00e9e de trois ans et apr\u00e8s chaque renouvellement int\u00e9gral du conseil municipal,\nArt. 1 : La commission de contr\u00f4le, institu\u00e9e dans la commune de LA HAYE , est compos\u00e9e comme suit :\nConseiller(e) municipal(e)\ntitulaire :  GUILLOTTE B\u00e9n\u00e9dicte\nsuppl\u00e9ant(e) :  n\u00e9ant\nD\u00e9l\u00e9gu\u00e9(e) de l'administration\ntitulaire :  CHANONI Jacqueline\nsuppl\u00e9ant(e) :  FENOUILLIERE Claude\nD\u00e9l\u00e9gu\u00e9(e) du tribunal\ntitulaire :  MOUCHEL Andr\u00e9\nsuppl\u00e9ant(e) :  LEROY Bernard\nArt. 2 : Les membres de la commission de contr\u00f4le charg\u00e9e de la r\u00e9gularit\u00e9 des listes \u00e9lectorales sont d\u00e9sign\u00e9s pour trois ans.\nArt. 3 : L'arr\u00eat\u00e9 en date du 17 novembre 2020, portant nomination des membres de la commission de contr\u00f4le charg\u00e9e de la r\u00e9gularit\u00e9 des\nlistes \u00e9lectorales de  LA HAYE  est abrog\u00e9.\nSign\u00e9 : Le Sous-pr\u00e9fet : Julien MINICONI\n\uf0bf\nArr\u00eat\u00e9 du 12 juin 2023 portant nomination des membres de la commission de contr\u00f4le charg\u00e9e de la r\u00e9gularit\u00e9 des listes \u00e9lectorales\ndans la commune de LAULNE (communes de moins de 1 000 habitants et assimil\u00e9es)\nConsid\u00e9rant qu'il convient de nommer, dans chaque commune, les membres de la commission de contr\u00f4le charg\u00e9e de la r\u00e9gularit\u00e9 des listes\n\u00e9lectorales pour une dur\u00e9e de trois ans et apr\u00e8s chaque renouvellement int\u00e9gral du conseil municipal,\nArt. 1 : La commission de contr\u00f4le, institu\u00e9e dans la commune de LAULNE , est compos\u00e9e comme suit :\nConseiller(e) municipal(e)\ntitulaire :  LEVOY Marie-No\u00eblle\nsuppl\u00e9ant(e) :  GUILLOT St\u00e9phane \nD\u00e9l\u00e9gu\u00e9(e) de l'administration\ntitulaire :  GIARD Odile\nsuppl\u00e9ant(e) :  ANDRE Claudine \nD\u00e9l\u00e9gu\u00e9(e) du tribunal\ntitulaire :  PEPIN Yvette\nsuppl\u00e9ant(e) :  LORD Brigitte\nArt. 2 : Les membres de la commission de contr\u00f4le charg\u00e9e de la r\u00e9gularit\u00e9 des listes \u00e9lectorales sont d\u00e9sign\u00e9s pour trois ans.\nArt. 3 : L'arr\u00eat\u00e9 en date du 6 janvier 2021, portant nomination des membres de la commission de contr\u00f4le charg\u00e9e de la r\u00e9gularit\u00e9 des listes\n\u00e9lectorales de  LAULNE  est abrog\u00e9.\nSign\u00e9 : Le Sous-pr\u00e9fet : Julien MINICONI\n\uf0bf\nArr\u00eat\u00e9 du 12 juin 2023 portant nomination des membres de la commission de contr\u00f4le charg\u00e9e de la r\u00e9gularit\u00e9 des listes \u00e9lectorales\ndans la commune de LE MESNIL-GARNIER (communes de moins de 1 000 habitants et assimil\u00e9es)\nConsid\u00e9rant qu'il convient de nommer, dans chaque commune, les membres de la commission de contr\u00f4le charg\u00e9e de la r\u00e9gularit\u00e9 des listes\n\u00e9lectorales pour une dur\u00e9e de trois ans et apr\u00e8s chaque renouvellement int\u00e9gral du conseil municipal,\nArt. 1 : La commission de contr\u00f4le, institu\u00e9e dans la commune de LE MESNIL-GARNIER , est compos\u00e9e comme suit :\nConseiller(e) municipal(e)\ntitulaire :  CIZEAU Eric\nsuppl\u00e9ant(e) :  GRANDIN B\u00e9atrice \nD\u00e9l\u00e9gu\u00e9(e) de l'administration\ntitulaire :  CAPITAINE Fran\u00e7oise\nsuppl\u00e9ant(e) :  KADDOUR Sylvain\nD\u00e9l\u00e9gu\u00e9(e) du tribunal\ntitulaire :  TESNIERE Corinne\nsuppl\u00e9ant(e) :  AUVRAY Laure\nArt. 2 : Les membres de la commission de contr\u00f4le charg\u00e9e de la r\u00e9gularit\u00e9 des listes \u00e9lectorales sont d\u00e9sign\u00e9s pour trois ans.\nArt. 3 : L'arr\u00eat\u00e9 en date du 14 d\u00e9cembre 2020, portant nomination des membres de la commission de contr\u00f4le charg\u00e9e de la r\u00e9gularit\u00e9 des\nlistes \u00e9lectorales de  LE MESNIL-GARNIER  est abrog\u00e9.\nSign\u00e9 : Le Sous-pr\u00e9fet : Julien MINICONI\n\uf0bf\nArr\u00eat\u00e9 du 12 juin 2023 portant nomination des membres de la commission de contr\u00f4le charg\u00e9e de la r\u00e9gularit\u00e9 des listes \u00e9lectorales\ndans la commune de  LE MESNIL-VILLEMAN (communes de moins de 1 000 habitants et assimil\u00e9es)\nConsid\u00e9rant qu'il convient de nommer, dans chaque commune, les membres de la commission de contr\u00f4le charg\u00e9e de la r\u00e9gularit\u00e9 des listes\n\u00e9lectorales pour une dur\u00e9e de trois ans et apr\u00e8s chaque renouvellement int\u00e9gral du conseil municipal,\nArt. 1 : La commission de contr\u00f4le, institu\u00e9e dans la commune de LE MESNIL-VILLEMAN , est compos\u00e9e comme suit :\nConseiller(e) municipal(e)\ntitulaire :  ASSELINE Martine\nsuppl\u00e9ant(e) :  PREVEL Fran\u00e7ois\nD\u00e9l\u00e9gu\u00e9(e) de l'administration\ntitulaire :  YVON Jean-Pierre\nsuppl\u00e9ant(e) :  BEDOUIN G\u00e9rard \nD\u00e9l\u00e9gu\u00e9(e) du tribunal\ntitulaire :  MARTINET Raymond\nsuppl\u00e9ant(e) :  ANDRE Fr\u00e9d\u00e9ric\nArt. 2 : Les membres de la commission de contr\u00f4le charg\u00e9e de la r\u00e9gularit\u00e9 des listes \u00e9lectorales sont d\u00e9sign\u00e9s pour trois ans.\nArt. 3 : L'arr\u00eat\u00e9 en date du 17 novembre 2020, portant nomination des membres de la commission de contr\u00f4le charg\u00e9e de la r\u00e9gularit\u00e9 des\nlistes \u00e9lectorales de  LE MESNIL-VILLEMAN  est abrog\u00e9.\nSign\u00e9 : Le Sous-pr\u00e9fet : Julien MINICONI\n\uf0bf\nArr\u00eat\u00e9 du 12 juin 2023 portant nomination des membres de la commission de contr\u00f4le charg\u00e9e de la r\u00e9gularit\u00e9 des listes \u00e9lectorales\ndans la commune de LE PLESSIS-LASTELLE (communes de moins de 1 000 habitants et assimil\u00e9es)\nConsid\u00e9rant qu'il convient de nommer, dans chaque commune, les membres de la commission de contr\u00f4le charg\u00e9e de la r\u00e9gularit\u00e9 des listes\n\u00e9lectorales pour une dur\u00e9e de trois ans et apr\u00e8s chaque renouvellement int\u00e9gral du conseil municipal,\nArt. 1 : La commission de contr\u00f4le, institu\u00e9e dans la commune de LE PLESSIS-LASTELLE , est compos\u00e9e comme suit :\nConseiller(e) municipal(e)\ntitulaire :  LEBOURGEOIS Antoine\nsuppl\u00e9ant(e) :  BOUQUILLON Marcelle\nD\u00e9l\u00e9gu\u00e9(e) de l'administration\ntitulaire :  POTIER Gilbert\nsuppl\u00e9ant(e) :  ROSE Christophe \nD\u00e9l\u00e9gu\u00e9(e) du tribunal\ntitulaire :  GUILLOTTE Louis\nsuppl\u00e9ant(e) :  DOLBET Guy\nArt. 2 : Les membres de la commission de contr\u00f4le charg\u00e9e de la r\u00e9gularit\u00e9 des listes \u00e9lectorales sont d\u00e9sign\u00e9s pour trois ans.\nArt. 3 : L'arr\u00eat\u00e9 en date du 17 novembre 2020, portant nomination des membres de la commission de contr\u00f4le charg\u00e9e de la r\u00e9gularit\u00e9 des\nlistes \u00e9lectorales de  LE PLESSIS-LASTELLE  est abrog\u00e9.\nSign\u00e9 : Le Sous-pr\u00e9fet : Julien MINICONI\n\uf0bf\nArr\u00eat\u00e9 du 12 juin 2023 portant nomination des membres de la commission de contr\u00f4le charg\u00e9e de la r\u00e9gularit\u00e9 des listes \u00e9lectorales\ndans la commune de  LENGRONNE (communes de moins de 1 000 habitants et assimil\u00e9es)\nConsid\u00e9rant qu'il convient de nommer, dans chaque commune, les membres de la commission de contr\u00f4le charg\u00e9e de la r\u00e9gularit\u00e9 des listes\n\u00e9lectorales pour une dur\u00e9e de trois ans et apr\u00e8s chaque renouvellement int\u00e9gral du conseil municipal,\nArt. 1 : La commission de contr\u00f4le, institu\u00e9e dans la commune de LENGRONNE , est compos\u00e9e comme suit :\nConseiller(e) municipal(e)\ntitulaire :  DAILLET Catherine\nsuppl\u00e9ant(e) :  DI NAPOLI Cindy\nD\u00e9l\u00e9gu\u00e9(e) de l'administration\ntitulaire :  MARIE Claudine\nsuppl\u00e9ant(e) :  CHAPON Claude\nD\u00e9l\u00e9gu\u00e9(e) du tribunal\ntitulaire :  CORNA Guy\nsuppl\u00e9ant(e) :  LELIEVRE Michel\nArt. 2 : Les membres de la commission de contr\u00f4le charg\u00e9e de la r\u00e9gularit\u00e9 des listes \u00e9lectorales sont d\u00e9sign\u00e9s pour trois ans.\nArt. 3 : L'arr\u00eat\u00e9 en date du 9 novembre 2022, portant nomination des membres de la commission de contr\u00f4le charg\u00e9e de la r\u00e9gularit\u00e9 des listes\n\u00e9lectorales de  LENGRONNE  est abrog\u00e9.\nSign\u00e9 : Le Sous-pr\u00e9fet : Julien MINICONI\n\uf0bf\nArr\u00eat\u00e9 du 12 juin 2023 portant nomination des membres de la commission de contr\u00f4le charg\u00e9e de la r\u00e9gularit\u00e9 des listes \u00e9lectorales\ndans la commune de  MARCHESIEUX (communes de moins de 1 000 habitants et assimil\u00e9es)\nConsid\u00e9rant qu'il convient de nommer, dans chaque commune, les membres de la commission de contr\u00f4le charg\u00e9e de la r\u00e9gularit\u00e9 des listes\n\u00e9lectorales pour une dur\u00e9e de trois ans et apr\u00e8s chaque renouvellement int\u00e9gral du conseil municipal,\nArt. 1 : La commission de contr\u00f4le, institu\u00e9e dans la commune de MARCHESIEUX , est compos\u00e9e comme suit :\nConseiller(e) municipal(e)\ntitulaire :  GAILLARDON L\u00e9onard\nsuppl\u00e9ant(e) :  n\u00e9ant\nD\u00e9l\u00e9gu\u00e9(e) de l'administration\ntitulaire :  OURRY D\u00e9sir\u00e9\nsuppl\u00e9ant(e) :  n\u00e9ant\nD\u00e9l\u00e9gu\u00e9(e) du tribunal\ntitulaire :  ANGER Evelyne\nsuppl\u00e9ant(e) :  n\u00e9ant\nArt. 2 : Les membres de la commission de contr\u00f4le charg\u00e9e de la r\u00e9gularit\u00e9 des listes \u00e9lectorales sont d\u00e9sign\u00e9s pour trois ans.\nArt. 3 : L'arr\u00eat\u00e9 en date du 17 novembre 2020, portant nomination des membres de la commission de contr\u00f4le charg\u00e9e de la r\u00e9gularit\u00e9 des\nlistes \u00e9lectorales de  MARCHESIEUX  est abrog\u00e9.\nSign\u00e9 : Le Sous-pr\u00e9fet : Julien MINICONI\n\uf0bf\nArr\u00eat\u00e9 du 12 juin 2023 portant nomination des membres de la commission de contr\u00f4le charg\u00e9e de la r\u00e9gularit\u00e9 des listes \u00e9lectorales\ndans la commune de MILLIERES (communes de moins de 1 000 habitants et assimil\u00e9es)\nConsid\u00e9rant qu'il convient de nommer, dans chaque commune, les membres de la commission de contr\u00f4le charg\u00e9e de la r\u00e9gularit\u00e9 des listes\n\u00e9lectorales pour une dur\u00e9e de trois ans et apr\u00e8s chaque renouvellement int\u00e9gral du conseil municipal,\nArt. 1 : La commission de contr\u00f4le, institu\u00e9e dans la commune de MILLIERES , est compos\u00e9e comme suit :\nConseiller(e) municipal(e)\ntitulaire :  RATEL C\u00e9line\nsuppl\u00e9ant(e) :  AMELINE Jacques\nD\u00e9l\u00e9gu\u00e9(e) de l'administration\ntitulaire :  LECAMPION Elise\nsuppl\u00e9ant(e) :  LECAMPION Jo\u00ebl\nD\u00e9l\u00e9gu\u00e9(e) du tribunal\ntitulaire :  LAVARDE Pascal\nsuppl\u00e9ant(e) :  LEREBOURG Didier\nArt. 2 : Les membres de la commission de contr\u00f4le charg\u00e9e de la r\u00e9gularit\u00e9 des listes \u00e9lectorales sont d\u00e9sign\u00e9s pour trois ans.\nArt. 3 : L'arr\u00eat\u00e9 en date du 17 novembre 2020, portant nomination des membres de la commission de contr\u00f4le charg\u00e9e de la r\u00e9gularit\u00e9 des\nlistes \u00e9lectorales de  MILLIERES  est abrog\u00e9.\nSign\u00e9 : Le Sous-pr\u00e9fet : Julien MINICONI\n\uf0bf\nArr\u00eat\u00e9 du 12 juin 2023 portant nomination des membres de la commission de contr\u00f4le charg\u00e9e de la r\u00e9gularit\u00e9 des listes \u00e9lectorales\ndans la commune de MONTAIGU-LES-BOIS (communes de moins de 1 000 habitants et assimil\u00e9es)\nConsid\u00e9rant qu'il convient de nommer, dans chaque commune, les membres de la commission de contr\u00f4le charg\u00e9e de la r\u00e9gularit\u00e9 des listes\n\u00e9lectorales pour une dur\u00e9e de trois ans et apr\u00e8s chaque renouvellement int\u00e9gral du conseil municipal,\nArt. 1 : La commission de contr\u00f4le, institu\u00e9e dans la commune de MONTAIGU-LES-BOIS , est compos\u00e9e comme suit :\nConseiller(e) municipal(e)\ntitulaire :  LAOUAMEN Nordine\nsuppl\u00e9ant(e) :  DEL SANTE Brice\nD\u00e9l\u00e9gu\u00e9(e) de l'administration\ntitulaire :  TOUFFET Edwige\nsuppl\u00e9ant(e) :  LEBARBIER St\u00e9phanie\nD\u00e9l\u00e9gu\u00e9(e) du tribunal\ntitulaire :  RENOUF Philippe\nsuppl\u00e9ant(e) :  n\u00e9ant\nArt. 2 : Les membres de la commission de contr\u00f4le charg\u00e9e de la r\u00e9gularit\u00e9 des listes \u00e9lectorales sont d\u00e9sign\u00e9s pour trois ans.\nArt. 3 : L'arr\u00eat\u00e9 en date du 17 novembre 2020, portant nomination des membres de la commission de contr\u00f4le charg\u00e9e de la r\u00e9gularit\u00e9 des\nlistes \u00e9lectorales de  MONTAIGU-LES-BOIS  est abrog\u00e9.\nSign\u00e9 : Le Sous-pr\u00e9fet : Julien MINICONI\n\uf0bf\nArr\u00eat\u00e9 du 12 juin 2023 portant nomination des membres de la commission de contr\u00f4le charg\u00e9e de la r\u00e9gularit\u00e9 des listes \u00e9lectorales\ndans la commune de MONTHUCHON (communes de moins de 1 000 habitants et assimil\u00e9es)\nConsid\u00e9rant qu'il convient de nommer, dans chaque commune, les membres de la commission de contr\u00f4le charg\u00e9e de la r\u00e9gularit\u00e9 des listes\n\u00e9lectorales pour une dur\u00e9e de trois ans et apr\u00e8s chaque renouvellement int\u00e9gral du conseil municipal,\nArt. 1 : La commission de contr\u00f4le, institu\u00e9e dans la commune de MONTHUCHON , est compos\u00e9e comme suit :\nConseiller(e) municipal(e)\ntitulaire :  PAINSECQ V\u00e9ronique\nsuppl\u00e9ant(e) :  BAZIRE Yvon\nD\u00e9l\u00e9gu\u00e9(e) de l'administration\ntitulaire :  POULLAIN R\u00e9my\nsuppl\u00e9ant(e) :  PASTUREL Yves\nD\u00e9l\u00e9gu\u00e9(e) du tribunal\ntitulaire :  GUIHERY Claude\nsuppl\u00e9ant(e) :  POULAIN Georges\nArt. 2 : Les membres de la commission de contr\u00f4le charg\u00e9e de la r\u00e9gularit\u00e9 des listes \u00e9lectorales sont d\u00e9sign\u00e9s pour trois ans.\nArt. 3 : L'arr\u00eat\u00e9 en date du 17 novembre 2020, portant nomination des membres de la commission de contr\u00f4le charg\u00e9e de la r\u00e9gularit\u00e9 des\nlistes \u00e9lectorales de  MONTHUCHON  est abrog\u00e9.\nSign\u00e9 : Le Sous-pr\u00e9fet : Julien MINICONI\n\uf0bf\nArr\u00eat\u00e9 du 12 juin 2023 portant nomination des membres de la commission de contr\u00f4le charg\u00e9e de la r\u00e9gularit\u00e9 des listes \u00e9lectorales\ndans la commune de MONTPINCHON (communes de moins de 1 000 habitants et assimil\u00e9es)\nConsid\u00e9rant qu'il convient de nommer, dans chaque commune, les membres de la commission de contr\u00f4le charg\u00e9e de la r\u00e9gularit\u00e9 des listes\n\u00e9lectorales pour une dur\u00e9e de trois ans et apr\u00e8s chaque renouvellement int\u00e9gral du conseil municipal,\nArt. 1 : La commission de contr\u00f4le, institu\u00e9e dans la commune de MONTPINCHON , est compos\u00e9e comme suit :\nConseiller(e) municipal(e)\ntitulaire :  GRENTE Bryan\nsuppl\u00e9ant(e) :  AUBERT B\u00e9atrice\nD\u00e9l\u00e9gu\u00e9(e) de l'administration\ntitulaire :  LAISNEY Michel\nsuppl\u00e9ant(e) :  LEMONCHOIS Pierre\nD\u00e9l\u00e9gu\u00e9(e) du tribunal\ntitulaire :  BARBET Eliane\nsuppl\u00e9ant(e) :  BERTRAND Alfred\nArt. 2 : Les membres de la commission de contr\u00f4le charg\u00e9e de la r\u00e9gularit\u00e9 des listes \u00e9lectorales sont d\u00e9sign\u00e9s pour trois ans.\nArt. 3 : L'arr\u00eat\u00e9 en date du 17 novembre 2020, portant nomination des membres de la commission de contr\u00f4le charg\u00e9e de la r\u00e9gularit\u00e9 des\nlistes \u00e9lectorales de  MONTPINCHON  est abrog\u00e9.\nSign\u00e9 : Le Sous-pr\u00e9fet : Julien MINICONI\n\uf0bf\nArr\u00eat\u00e9 du 12 juin 2023 portant nomination des membres de la commission de contr\u00f4le charg\u00e9e de la r\u00e9gularit\u00e9 des listes \u00e9lectorales\ndans la commune de MUNEVILLE-LE-BINGARD (communes de moins de 1 000 habitants et assimil\u00e9es)\nConsid\u00e9rant qu'il convient de nommer, dans chaque commune, les membres de la commission de contr\u00f4le charg\u00e9e de la r\u00e9gularit\u00e9 des listes\n\u00e9lectorales pour une dur\u00e9e de trois ans et apr\u00e8s chaque renouvellement int\u00e9gral du conseil municipal,\nArt. 1 : La commission de contr\u00f4le, institu\u00e9e dans la commune de MUNEVILLE-LE-BINGARD , est compos\u00e9e comme suit :\nConseiller(e) municipal(e)\ntitulaire :  HERVIEU Michel\nsuppl\u00e9ant(e) :  DELISLE Michel\nD\u00e9l\u00e9gu\u00e9(e) de l'administration\ntitulaire :  TAPIN Daniel\nsuppl\u00e9ant(e) :  GUILLOUET Daniel\nD\u00e9l\u00e9gu\u00e9(e) du tribunal\ntitulaire :  LEMAZURIER Bernard\nsuppl\u00e9ant(e) :  LETANG Daniel\nArt. 2 : Les membres de la commission de contr\u00f4le charg\u00e9e de la r\u00e9gularit\u00e9 des listes \u00e9lectorales sont d\u00e9sign\u00e9s pour trois ans.\nArt. 3 : L'arr\u00eat\u00e9 en date du 14 d\u00e9cembre 2020, portant nomination des membres de la commission de contr\u00f4le charg\u00e9e de la r\u00e9gularit\u00e9 des\nlistes \u00e9lectorales de  MUNEVILLE-LE-BINGARD  est abrog\u00e9.\nSign\u00e9 : Le Sous-pr\u00e9fet : Julien MINICONI\n\uf0bf\nArr\u00eat\u00e9 du 12 juin 2023 portant nomination des membres de la commission de contr\u00f4le charg\u00e9e de la r\u00e9gularit\u00e9 des listes \u00e9lectorales\ndans la commune de NAY (communes de moins de 1 000 habitants et assimil\u00e9es)\nConsid\u00e9rant qu'il convient de nommer, dans chaque commune, les membres de la commission de contr\u00f4le charg\u00e9e de la r\u00e9gularit\u00e9 des listes\n\u00e9lectorales pour une dur\u00e9e de trois ans et apr\u00e8s chaque renouvellement int\u00e9gral du conseil municipal,\nArt. 1 : La commission de contr\u00f4le, institu\u00e9e dans la commune de NAY , est compos\u00e9e comme suit :\nConseiller(e) municipal(e)\ntitulaire :  LENORMAND Luc\nsuppl\u00e9ant(e) :  AUBERT Ruddy\nD\u00e9l\u00e9gu\u00e9(e) de l'administration\ntitulaire :  CORBIN Marie-Th\u00e9r\u00e8se\nsuppl\u00e9ant(e) :  LANNOY Mireille\nD\u00e9l\u00e9gu\u00e9(e) du tribunal\ntitulaire :  PHILIPPE Dominique \nsuppl\u00e9ant(e) :  VILQUIN Aline\nArt. 2 : Les membres de la commission de contr\u00f4le charg\u00e9e de la r\u00e9gularit\u00e9 des listes \u00e9lectorales sont d\u00e9sign\u00e9s pour trois ans.\nArt. 3 : L'arr\u00eat\u00e9 en date du 17 novembre 2020, portant nomination des membres de la commission de contr\u00f4le charg\u00e9e de la r\u00e9gularit\u00e9 des\nlistes \u00e9lectorales de  NAY  est abrog\u00e9.\nSign\u00e9 : Le Sous-pr\u00e9fet : Julien MINICONI\n\uf0bf\nArr\u00eat\u00e9 du 12 juin 2023 portant nomination des membres de la commission de contr\u00f4le charg\u00e9e de la r\u00e9gularit\u00e9 des listes \u00e9lectorales\ndans la commune de NEUFMESNIL (communes de moins de 1 000 habitants et assimil\u00e9es)\nConsid\u00e9rant qu'il convient de nommer, dans chaque commune, les membres de la commission de contr\u00f4le charg\u00e9e de la r\u00e9gularit\u00e9 des listes\n\u00e9lectorales pour une dur\u00e9e de trois ans et apr\u00e8s chaque renouvellement int\u00e9gral du conseil municipal,\nArt. 1 : La commission de contr\u00f4le, institu\u00e9e dans la commune de NEUFMESNIL , est compos\u00e9e comme suit :\nConseiller(e) municipal(e)\ntitulaire :  GIARRUSSO Catherine\nsuppl\u00e9ant(e) :  GUERET Guillaume\nD\u00e9l\u00e9gu\u00e9(e) de l'administration\ntitulaire :  MARIE Bernadette\nsuppl\u00e9ant(e) :  LEMARINEL Evelyne\nD\u00e9l\u00e9gu\u00e9(e) du tribunal\ntitulaire :  GUERET Guy\nsuppl\u00e9ant(e) :  PICOT Manuel\nArt. 2 : Les membres de la commission de contr\u00f4le charg\u00e9e de la r\u00e9gularit\u00e9 des listes \u00e9lectorales sont d\u00e9sign\u00e9s pour trois ans.\nArt. 3 : L'arr\u00eat\u00e9 en date du 17 novembre 2020, portant nomination des membres de la commission de contr\u00f4le charg\u00e9e de la r\u00e9gularit\u00e9 des\nlistes \u00e9lectorales de  NEUFMESNIL  est abrog\u00e9.\nSign\u00e9 : Le Sous-pr\u00e9fet : Julien MINICONI\n\uf0bf\nArr\u00eat\u00e9 du 12 juin 2023 portant nomination des membres de la commission de contr\u00f4le charg\u00e9e de la r\u00e9gularit\u00e9 des listes \u00e9lectorales\ndans la commune de NICORPS (communes de moins de 1 000 habitants et assimil\u00e9es)\nConsid\u00e9rant qu'il convient de nommer, dans chaque commune, les membres de la commission de contr\u00f4le charg\u00e9e de la r\u00e9gularit\u00e9 des listes\n\u00e9lectorales pour une dur\u00e9e de trois ans et apr\u00e8s chaque renouvellement int\u00e9gral du conseil municipal,\nArt. 1 : La commission de contr\u00f4le, institu\u00e9e dans la commune de NICORPS , est compos\u00e9e comme suit :\nConseiller(e) municipal(e)\ntitulaire :  LEROUGE Eric\nsuppl\u00e9ant(e) :  NOURY Chantal\nD\u00e9l\u00e9gu\u00e9(e) de l'administration\ntitulaire :  PITEL G\u00e9rard\nsuppl\u00e9ant(e) :  BEATRIX Catherine\nD\u00e9l\u00e9gu\u00e9(e) du tribunal\ntitulaire :  GALLETEAU Isabelle\nsuppl\u00e9ant(e) :  n\u00e9ant\nArt. 2 : Les membres de la commission de contr\u00f4le charg\u00e9e de la r\u00e9gularit\u00e9 des listes \u00e9lectorales sont d\u00e9sign\u00e9s pour trois ans.\nArt. 3 : L'arr\u00eat\u00e9 en date du 17 novembre 2020, portant nomination des membres de la commission de contr\u00f4le charg\u00e9e de la r\u00e9gularit\u00e9 des\nlistes \u00e9lectorales de  NICORPS  est abrog\u00e9.\nSign\u00e9 : Le Sous-pr\u00e9fet : Julien MINICONI\n\uf0bf\nArr\u00eat\u00e9 du 12 juin 2023 portant nomination des membres de la commission de contr\u00f4le charg\u00e9e de la r\u00e9gularit\u00e9 des listes \u00e9lectorales\ndans la commune de  NOTRE-DAME-DE-CENILLY (communes de moins de 1 000 habitants et assimil\u00e9es)\nConsid\u00e9rant qu'il convient de nommer, dans chaque commune, les membres de la commission de contr\u00f4le charg\u00e9e de la r\u00e9gularit\u00e9 des listes\n\u00e9lectorales pour une dur\u00e9e de trois ans et apr\u00e8s chaque renouvellement int\u00e9gral du conseil municipal,\nArt. 1 : La commission de contr\u00f4le, institu\u00e9e dans la commune de NOTRE-DAME-DE-CENILLY , est compos\u00e9e comme suit :\nConseiller(e) municipal(e)\ntitulaire :  PETTA Christine\nsuppl\u00e9ant(e) :  LEBEURIER Marion\nD\u00e9l\u00e9gu\u00e9(e) de l'administration\ntitulaire :  HENNEQUIN Nicolas\nsuppl\u00e9ant(e) :  LOUISE L\u00e9on\nD\u00e9l\u00e9gu\u00e9(e) du tribunal\ntitulaire :  LEROUX Catherine\nsuppl\u00e9ant(e) :  OSOUF Johann\nArt. 2 : Les membres de la commission de contr\u00f4le charg\u00e9e de la r\u00e9gularit\u00e9 des listes \u00e9lectorales sont d\u00e9sign\u00e9s pour trois ans.\nArt. 3 : L'arr\u00eat\u00e9 en date du 17 novembre 2020, portant nomination des membres de la commission de contr\u00f4le charg\u00e9e de la r\u00e9gularit\u00e9 des\nlistes \u00e9lectorales de  NOTRE-DAME-DE-CENILLY  est abrog\u00e9.\nSign\u00e9 : Le Sous-pr\u00e9fet : Julien MINICONI\n\uf0bf\nArr\u00eat\u00e9 du 12 juin 2023 portant nomination des membres de la commission de contr\u00f4le charg\u00e9e de la r\u00e9gularit\u00e9 des listes \u00e9lectorales\ndans la commune de ORVAL-SUR-SIENNE (communes de moins de 1 000 habitants et assimil\u00e9es)\nConsid\u00e9rant qu'il convient de nommer, dans chaque commune, les membres de la commission de contr\u00f4le charg\u00e9e de la r\u00e9gularit\u00e9 des listes\n\u00e9lectorales pour une dur\u00e9e de trois ans et apr\u00e8s chaque renouvellement int\u00e9gral du conseil municipal,\nArt. 1 : La commission de contr\u00f4le, institu\u00e9e dans la commune de ORVAL-SUR-SIENNE , est compos\u00e9e comme suit :\nConseiller(e) municipal(e)\ntitulaire :  MULOT LES PRES Denis\nsuppl\u00e9ant(e) :  GARDIN Annick\nD\u00e9l\u00e9gu\u00e9(e) de l'administration\ntitulaire :  PAISNEL G\u00e9rard\nsuppl\u00e9ant(e) :  n\u00e9ant\nD\u00e9l\u00e9gu\u00e9(e) du tribunal\ntitulaire :  VIMOND Albert\nsuppl\u00e9ant(e) :  n\u00e9ant\nArt. 2 : Les membres de la commission de contr\u00f4le charg\u00e9e de la r\u00e9gularit\u00e9 des listes \u00e9lectorales sont d\u00e9sign\u00e9s pour trois ans.\nArt. 3 : L'arr\u00eat\u00e9 en date du 17 novembre 2020, portant nomination des membres de la commission de contr\u00f4le charg\u00e9e de la r\u00e9gularit\u00e9 des\nlistes \u00e9lectorales de  ORVAL-SUR-SIENNE  est abrog\u00e9.\nSign\u00e9 : Le Sous-pr\u00e9fet : Julien MINICONI\n\uf0bf\nArr\u00eat\u00e9 du 12 juin 2023 portant nomination des membres de la commission de contr\u00f4le charg\u00e9e de la r\u00e9gularit\u00e9 des listes \u00e9lectorales\ndans la commune de OUVILLE (communes de moins de 1 000 habitants et assimil\u00e9es)\nConsid\u00e9rant qu'il convient de nommer, dans chaque commune, les membres de la commission de contr\u00f4le charg\u00e9e de la r\u00e9gularit\u00e9 des listes\n\u00e9lectorales pour une dur\u00e9e de trois ans et apr\u00e8s chaque renouvellement int\u00e9gral du conseil municipal,\nArt. 1 : La commission de contr\u00f4le, institu\u00e9e dans la commune de OUVILLE , est compos\u00e9e comme suit :\nConseiller(e) municipal(e)\ntitulaire :  GRENIER Mathilde\nsuppl\u00e9ant(e) :  MARIE Aline\nD\u00e9l\u00e9gu\u00e9(e) de l'administration\ntitulaire :  LEBRUN Joseph\nsuppl\u00e9ant(e) :  LESAULNIER Dominique \nD\u00e9l\u00e9gu\u00e9(e) du tribunal\ntitulaire :  FOUCHARD Emmanuel\nsuppl\u00e9ant(e) :  HARDOUIN Aliz\u00e9e\nArt. 2 : Les membres de la commission de contr\u00f4le charg\u00e9e de la r\u00e9gularit\u00e9 des listes \u00e9lectorales sont d\u00e9sign\u00e9s pour trois ans.\nArt. 3 : L'arr\u00eat\u00e9 en date du 17 novembre 2020, portant nomination des membres de la commission de contr\u00f4le charg\u00e9e de la r\u00e9gularit\u00e9 des\nlistes \u00e9lectorales de  OUVILLE  est abrog\u00e9.\nSign\u00e9 : Le Sous-pr\u00e9fet : Julien MINICONI\n\uf0bf\nArr\u00eat\u00e9 du 12 juin 2023 portant nomination des membres de la commission de contr\u00f4le charg\u00e9e de la r\u00e9gularit\u00e9 des listes \u00e9lectorales\ndans la commune de  PERIERS (communes de moins de 1 000 habitants et assimil\u00e9es)\nConsid\u00e9rant qu'il convient de nommer, dans chaque commune, les membres de la commission de contr\u00f4le charg\u00e9e de la r\u00e9gularit\u00e9 des listes\n\u00e9lectorales pour une dur\u00e9e de trois ans et apr\u00e8s chaque renouvellement int\u00e9gral du conseil municipal,\nArt. 1 : La commission de contr\u00f4le, institu\u00e9e dans la commune de PERIERS , est compos\u00e9e comme suit :\nConseiller(e) municipal(e)\ntitulaire :  DESHEULLES Fran\u00e7oise\nsuppl\u00e9ant(e) :  GASSELIN Fran\u00e7oise\nD\u00e9l\u00e9gu\u00e9(e) de l'administration\ntitulaire :  LEROUGE Etienne\nsuppl\u00e9ant(e) :  PASTUREL Claude\nD\u00e9l\u00e9gu\u00e9(e) du tribunal\ntitulaire :  SAUVAGE Pierre\nsuppl\u00e9ant(e) :  MAQUIN Claude\nArt. 2 : Les membres de la commission de contr\u00f4le charg\u00e9e de la r\u00e9gularit\u00e9 des listes \u00e9lectorales sont d\u00e9sign\u00e9s pour trois ans.\nArt. 3 : L'arr\u00eat\u00e9 en date du 17 novembre 2020, portant nomination des membres de la commission de contr\u00f4le charg\u00e9e de la r\u00e9gularit\u00e9 des\nlistes \u00e9lectorales de  PERIERS  est abrog\u00e9.\nSign\u00e9 : Le Sous-pr\u00e9fet : Julien MINICONI\n\uf0bf\nArr\u00eat\u00e9 du 12 juin 2023 portant nomination des membres de la commission de contr\u00f4le charg\u00e9e de la r\u00e9gularit\u00e9 des listes \u00e9lectorales\ndans la commune de PIROU (communes de moins de 1 000 habitants et assimil\u00e9es)\nConsid\u00e9rant qu'il convient de nommer, dans chaque commune, les membres de la commission de contr\u00f4le charg\u00e9e de la r\u00e9gularit\u00e9 des listes\n\u00e9lectorales pour une dur\u00e9e de trois ans et apr\u00e8s chaque renouvellement int\u00e9gral du conseil municipal,\nArt. 1 : La commission de contr\u00f4le, institu\u00e9e dans la commune de PIROU , est compos\u00e9e comme suit :\nConseiller(e) municipal(e)\ntitulaire :  LEROTY Rose-Marie\nsuppl\u00e9ant(e) :  LEVEQUE Jacques\nD\u00e9l\u00e9gu\u00e9(e) de l'administration\ntitulaire :  CHRISTY Daniel\nsuppl\u00e9ant(e) :  CANU  Alain\nD\u00e9l\u00e9gu\u00e9(e) du tribunal\ntitulaire :   LACOLLEY  Jean-Louis\nsuppl\u00e9ant(e) :   LESIGNE  Elisabeth \nArt. 2 : Les membres de la commission de contr\u00f4le charg\u00e9e de la r\u00e9gularit\u00e9 des listes \u00e9lectorales sont d\u00e9sign\u00e9s pour trois ans.\nArt. 3 : L'arr\u00eat\u00e9 en date du 17 novembre 2020, portant nomination des membres de la commission de contr\u00f4le charg\u00e9e de la r\u00e9gularit\u00e9 des\nlistes \u00e9lectorales de  PIROU  est abrog\u00e9.\nSign\u00e9 : Le Sous-pr\u00e9fet : Julien MINICONI\n\uf0bf\nArr\u00eat\u00e9 du 12 juin 2023 portant nomination des membres de la commission de contr\u00f4le charg\u00e9e de la r\u00e9gularit\u00e9 des listes \u00e9lectorales\ndans la commune de RAIDS (communes de moins de 1 000 habitants et assimil\u00e9es)\nConsid\u00e9rant qu'il convient de nommer, dans chaque commune, les membres de la commission de contr\u00f4le charg\u00e9e de la r\u00e9gularit\u00e9 des listes\n\u00e9lectorales pour une dur\u00e9e de trois ans et apr\u00e8s chaque renouvellement int\u00e9gral du conseil municipal,\nArt. 1 : La commission de contr\u00f4le, institu\u00e9e dans la commune de RAIDS , est compos\u00e9e comme suit :\nConseiller(e) municipal(e)\ntitulaire :  LEYMONIE K\u00e9vin\nsuppl\u00e9ant(e) :  GAURIAT Eric\nD\u00e9l\u00e9gu\u00e9(e) de l'administration\ntitulaire :  GAUBICHET Pascal\nsuppl\u00e9ant(e) :  LAMBARD Catherine\nD\u00e9l\u00e9gu\u00e9(e) du tribunal\ntitulaire :  VASTEL Annick\nsuppl\u00e9ant(e) :  LEDENT St\u00e9phanie\nArt. 2 : Les membres de la commission de contr\u00f4le charg\u00e9e de la r\u00e9gularit\u00e9 des listes \u00e9lectorales sont d\u00e9sign\u00e9s pour trois ans.\nArt. 3 : L'arr\u00eat\u00e9 en date du 17 novembre 2020, portant nomination des membres de la commission de contr\u00f4le charg\u00e9e de la r\u00e9gularit\u00e9 des\nlistes \u00e9lectorales de  RAIDS  est abrog\u00e9.\nSign\u00e9 : Le Sous-pr\u00e9fet : Julien MINICONI\n\uf0bf\nArr\u00eat\u00e9 du 12 juin 2023 portant nomination des membres de la commission de contr\u00f4le charg\u00e9e de la r\u00e9gularit\u00e9 des listes \u00e9lectorales\ndans la commune de REGNEVILLE-SUR-MER (communes de moins de 1 000 habitants et assimil\u00e9es)\nConsid\u00e9rant qu'il convient de nommer, dans chaque commune, les membres de la commission de contr\u00f4le charg\u00e9e de la r\u00e9gularit\u00e9 des listes\n\u00e9lectorales pour une dur\u00e9e de trois ans et apr\u00e8s chaque renouvellement int\u00e9gral du conseil municipal,\nArt. 1 : La commission de contr\u00f4le, institu\u00e9e dans la commune de REGNEVILLE-SUR-MER , est compos\u00e9e comme suit :\nConseiller(e) municipal(e)\ntitulaire :  MARGUERIE Thierry\nsuppl\u00e9ant(e) :  SMEWING Micha\u00ebl\nD\u00e9l\u00e9gu\u00e9(e) de l'administration\ntitulaire :  BERGERET-CASSAGNE Jean-Claude\nsuppl\u00e9ant(e) :  BREGER Alain\nD\u00e9l\u00e9gu\u00e9(e) du tribunal\ntitulaire :  GUIGAUD Jean\nsuppl\u00e9ant(e) :  n\u00e9ant\nArt. 2 : Les membres de la commission de contr\u00f4le charg\u00e9e de la r\u00e9gularit\u00e9 des listes \u00e9lectorales sont d\u00e9sign\u00e9s pour trois ans.\nArt. 3 : L'arr\u00eat\u00e9 en date du 17 novembre 2020, portant nomination des membres de la commission de contr\u00f4le charg\u00e9e de la r\u00e9gularit\u00e9 des\nlistes \u00e9lectorales de  REGNEVILLE-SUR-MER  est abrog\u00e9.\nSign\u00e9 : Le Sous-pr\u00e9fet : Julien MINICONI\n\uf0bf\nArr\u00eat\u00e9 du 12 juin 2023 portant nomination des membres de la commission de contr\u00f4le charg\u00e9e de la r\u00e9gularit\u00e9 des listes \u00e9lectorales\ndans la commune de SAINT-DENIS-LE-GAST (communes de moins de 1 000 habitants et assimil\u00e9es)\nConsid\u00e9rant qu'il convient de nommer, dans chaque commune, les membres de la commission de contr\u00f4le charg\u00e9e de la r\u00e9gularit\u00e9 des listes\n\u00e9lectorales pour une dur\u00e9e de trois ans et apr\u00e8s chaque renouvellement int\u00e9gral du conseil municipal,\nArt. 1 : La commission de contr\u00f4le, institu\u00e9e dans la commune de SAINT-DENIS-LE-GAST , est compos\u00e9e comme suit :\nConseiller(e) municipal(e)\ntitulaire :  LEFEVRE Jacques\nsuppl\u00e9ant(e) :  PHILIPPE Aur\u00e9lien\nD\u00e9l\u00e9gu\u00e9(e) de l'administration\ntitulaire :  ENEE Mireille\nsuppl\u00e9ant(e) :  ERNAULT Guy\nD\u00e9l\u00e9gu\u00e9(e) du tribunal\ntitulaire :  LECLER Jean-Luc\nsuppl\u00e9ant(e) :  FREMINE Lydie \nArt. 2 : Les membres de la commission de contr\u00f4le charg\u00e9e de la r\u00e9gularit\u00e9 des listes \u00e9lectorales sont d\u00e9sign\u00e9s pour trois ans.\nArt. 3 : L'arr\u00eat\u00e9 en date du 17 novembre 2020, portant nomination des membres de la commission de contr\u00f4le charg\u00e9e de la r\u00e9gularit\u00e9 des\nlistes \u00e9lectorales de  SAINT-DENIS-LE-GAST  est abrog\u00e9.\nSign\u00e9 : Le Sous-pr\u00e9fet : Julien MINICONI\n\uf0bf\nArr\u00eat\u00e9 du 12 juin 2023 portant nomination des membres de la commission de contr\u00f4le charg\u00e9e de la r\u00e9gularit\u00e9 des listes \u00e9lectorales\ndans la commune de SAINT-DENIS-LE-VETU (communes de moins de 1 000 habitants et assimil\u00e9es)\nConsid\u00e9rant qu'il convient de nommer, dans chaque commune, les membres de la commission de contr\u00f4le charg\u00e9e de la r\u00e9gularit\u00e9 des listes\n\u00e9lectorales pour une dur\u00e9e de trois ans et apr\u00e8s chaque renouvellement int\u00e9gral du conseil municipal,\nArt. 1 : La commission de contr\u00f4le, institu\u00e9e dans la commune de SAINT-DENIS-LE-VETU , est compos\u00e9e comme suit :\nConseiller(e) municipal(e)\ntitulaire :  DENOS Patrick\nsuppl\u00e9ant(e) :  GERVAISE Fran\u00e7oise\nD\u00e9l\u00e9gu\u00e9(e) de l'administration\ntitulaire :  DUCHEMIN Bernard\nsuppl\u00e9ant(e) :  n\u00e9ant\nD\u00e9l\u00e9gu\u00e9(e) du tribunal\ntitulaire :  DUTHEIL Colette\nsuppl\u00e9ant(e) :  n\u00e9ant\nArt. 2 : Les membres de la commission de contr\u00f4le charg\u00e9e de la r\u00e9gularit\u00e9 des listes \u00e9lectorales sont d\u00e9sign\u00e9s pour trois ans.\nArt. 3 : L'arr\u00eat\u00e9 en date du 17 novembre 2020, portant nomination des membres de la commission de contr\u00f4le charg\u00e9e de la r\u00e9gularit\u00e9 des\nlistes \u00e9lectorales de  SAINT-DENIS-LE-VETU  est abrog\u00e9.\nSign\u00e9 : Le Sous-pr\u00e9fet : Julien MINICONI\n\uf0bf\nArr\u00eat\u00e9 du 12 juin 2023 portant nomination des membres de la commission de contr\u00f4le charg\u00e9e de la r\u00e9gularit\u00e9 des listes \u00e9lectorales\ndans la commune de SAINT-GERMAIN-SUR-AY (communes de moins de 1 000 habitants et assimil\u00e9es)\nConsid\u00e9rant qu'il convient de nommer, dans chaque commune, les membres de la commission de contr\u00f4le charg\u00e9e de la r\u00e9gularit\u00e9 des listes\n\u00e9lectorales pour une dur\u00e9e de trois ans et apr\u00e8s chaque renouvellement int\u00e9gral du conseil municipal,\nArt. 1 : La commission de contr\u00f4le, institu\u00e9e dans la commune de SAINT-GERMAIN-SUR-AY , est compos\u00e9e comme suit :\nConseiller(e) municipal(e)\ntitulaire :  VANDEN AWEELE Guy\nsuppl\u00e9ant(e) :  LECOEUR Maurice \nD\u00e9l\u00e9gu\u00e9(e) de l'administration\ntitulaire :  LEBLOND Raymond\nsuppl\u00e9ant(e) :  GIAVARINI Nathalie\nD\u00e9l\u00e9gu\u00e9(e) du tribunal\ntitulaire :  GILLES Merille\nsuppl\u00e9ant(e) :  POZZO Jo\u00ebl\nArt. 2 : Les membres de la commission de contr\u00f4le charg\u00e9e de la r\u00e9gularit\u00e9 des listes \u00e9lectorales sont d\u00e9sign\u00e9s pour trois ans.\nArt. 3 : L'arr\u00eat\u00e9 en date du 6 janvier 2021, portant nomination des membres de la commission de contr\u00f4le charg\u00e9e de la r\u00e9gularit\u00e9 des listes\n\u00e9lectorales de  SAINT-GERMAIN-SUR-AY  est abrog\u00e9.\nSign\u00e9 : Le Sous-pr\u00e9fet : Julien MINICONI\n\uf0bf\nArr\u00eat\u00e9 du 12 juin 2023 portant nomination des membres de la commission de contr\u00f4le charg\u00e9e de la r\u00e9gularit\u00e9 des listes \u00e9lectorales\ndans la commune de SAINT-GERMAIN-SUR-SEVES (communes de moins de 1 000 habitants et assimil\u00e9es)\nConsid\u00e9rant qu'il convient de nommer, dans chaque commune, les membres de la commission de contr\u00f4le charg\u00e9e de la r\u00e9gularit\u00e9 des listes\n\u00e9lectorales pour une dur\u00e9e de trois ans et apr\u00e8s chaque renouvellement int\u00e9gral du conseil municipal,\nArt. 1 : La commission de contr\u00f4le, institu\u00e9e dans la commune de SAINT-GERMAIN-SUR-SEVES , est compos\u00e9e comme suit :\nConseiller(e) municipal(e)\ntitulaire :  LEVAVASSEUR Jean\nsuppl\u00e9ant(e) :  FIQUET Laurent \nD\u00e9l\u00e9gu\u00e9(e) de l'administration\ntitulaire :  VILLARD Nicole\nsuppl\u00e9ant(e) :  ROBILLARD Elodie \nD\u00e9l\u00e9gu\u00e9(e) du tribunal\ntitulaire :  CAMPION Yves\nsuppl\u00e9ant(e) :  DECLERCQ Bruno\nArt. 2 : Les membres de la commission de contr\u00f4le charg\u00e9e de la r\u00e9gularit\u00e9 des listes \u00e9lectorales sont d\u00e9sign\u00e9s pour trois ans.\nArt. 3 : L'arr\u00eat\u00e9 en date du 17 novembre 2020, portant nomination des membres de la commission de contr\u00f4le charg\u00e9e de la r\u00e9gularit\u00e9 des\nlistes \u00e9lectorales de  SAINT-GERMAIN-SUR-SEVES  est abrog\u00e9.\nSign\u00e9 : Le Sous-pr\u00e9fet : Julien MINICONI\n\uf0bf\nArr\u00eat\u00e9 du 12 juin 2023 portant nomination des membres de la commission de contr\u00f4le charg\u00e9e de la r\u00e9gularit\u00e9 des listes \u00e9lectorales\ndans la commune de SAINT-MALO-DE-LA-LANDE (communes de moins de 1 000 habitants et assimil\u00e9es)\nConsid\u00e9rant qu'il convient de nommer, dans chaque commune, les membres de la commission de contr\u00f4le charg\u00e9e de la r\u00e9gularit\u00e9 des listes\n\u00e9lectorales pour une dur\u00e9e de trois ans et apr\u00e8s chaque renouvellement int\u00e9gral du conseil municipal,\nArt. 1 : La commission de contr\u00f4le, institu\u00e9e dans la commune de SAINT-MALO-DE-LA-LANDE , est compos\u00e9e comme suit :\nConseiller(e) municipal(e)\ntitulaire :  LEGER G\u00e9rard\nsuppl\u00e9ant(e) :  HERON Claude\nD\u00e9l\u00e9gu\u00e9(e) de l'administration\ntitulaire :  EPIE Robert\nsuppl\u00e9ant(e) :  LEMENAGER Guy\nD\u00e9l\u00e9gu\u00e9(e) du tribunal\ntitulaire :  SIMON Edith \nsuppl\u00e9ant(e) :  n\u00e9ant\nArt. 2 : Les membres de la commission de contr\u00f4le charg\u00e9e de la r\u00e9gularit\u00e9 des listes \u00e9lectorales sont d\u00e9sign\u00e9s pour trois ans.\nArt. 3 : L'arr\u00eat\u00e9 en date du 17 novembre 2020, portant nomination des membres de la commission de contr\u00f4le charg\u00e9e de la r\u00e9gularit\u00e9 des\nlistes \u00e9lectorales de  SAINT-MALO-DE-LA-LANDE  est abrog\u00e9.\nSign\u00e9 : Le Sous-pr\u00e9fet : Julien MINICONI\n\uf0bf\nArr\u00eat\u00e9 du 12 juin 2023 portant nomination des membres de la commission de contr\u00f4le charg\u00e9e de la r\u00e9gularit\u00e9 des listes \u00e9lectorales\ndans la commune de SAINT-MARTIN-D'AUBIGNY (communes de moins de 1 000 habitants et assimil\u00e9es)\nConsid\u00e9rant qu'il convient de nommer, dans chaque commune, les membres de la commission de contr\u00f4le charg\u00e9e de la r\u00e9gularit\u00e9 des listes\n\u00e9lectorales pour une dur\u00e9e de trois ans et apr\u00e8s chaque renouvellement int\u00e9gral du conseil municipal,\nArt. 1 : La commission de contr\u00f4le, institu\u00e9e dans la commune de SAINT-MARTIN-D'AUBIGNY , est compos\u00e9e comme suit :\nConseiller(e) municipal(e)\ntitulaire :  SAUVAGE Bertrand\nsuppl\u00e9ant(e) :  RAULLINE Laurence\nD\u00e9l\u00e9gu\u00e9(e) de l'administration\ntitulaire :  LECLERE Annie\nsuppl\u00e9ant(e) :  DELAUNEY Jean-Pierre\nD\u00e9l\u00e9gu\u00e9(e) du tribunal\ntitulaire :  LEBAILLY Solange\nsuppl\u00e9ant(e) :  n\u00e9ant\nArt. 2 : Les membres de la commission de contr\u00f4le charg\u00e9e de la r\u00e9gularit\u00e9 des listes \u00e9lectorales sont d\u00e9sign\u00e9s pour trois ans.\nArt. 3 : L'arr\u00eat\u00e9 en date du 17 novembre 2020, portant nomination des membres de la commission de contr\u00f4le charg\u00e9e de la r\u00e9gularit\u00e9 des\nlistes \u00e9lectorales de  SAINT-MARTIN-D'AUBIGNY  est abrog\u00e9.\nSign\u00e9 : Le Sous-pr\u00e9fet : Julien MINICONI\n\uf0bf\nArr\u00eat\u00e9 du 12 juin 2023 portant nomination des membres de la commission de contr\u00f4le charg\u00e9e de la r\u00e9gularit\u00e9 des listes \u00e9lectorales\ndans la commune de SAINT-MARTIN-DE-CENILLY (communes de moins de 1 000 habitants et assimil\u00e9es)\nConsid\u00e9rant qu'il convient de nommer, dans chaque commune, les membres de la commission de contr\u00f4le charg\u00e9e de la r\u00e9gularit\u00e9 des listes\n\u00e9lectorales pour une dur\u00e9e de trois ans et apr\u00e8s chaque renouvellement int\u00e9gral du conseil municipal,\nArt. 1 : La commission de contr\u00f4le, institu\u00e9e dans la commune de SAINT-MARTIN-DE-CENILLY , est compos\u00e9e comme suit :\nConseiller(e) municipal(e)\ntitulaire :  DOLO Yohann\nsuppl\u00e9ant(e) :  KOPKA Jonathan\nD\u00e9l\u00e9gu\u00e9(e) de l'administration\ntitulaire :  HEBERT Maryl\u00e8ne\nsuppl\u00e9ant(e) :  DIMITRIADES Dominique \nD\u00e9l\u00e9gu\u00e9(e) du tribunal\ntitulaire :  FONTAINE L\u00e9a\nsuppl\u00e9ant(e) :  CARAYOL Jean-Claude\nArt. 2 : Les membres de la commission de contr\u00f4le charg\u00e9e de la r\u00e9gularit\u00e9 des listes \u00e9lectorales sont d\u00e9sign\u00e9s pour trois ans.\nArt. 3 : L'arr\u00eat\u00e9 en date du 17 novembre 2020, portant nomination des membres de la commission de contr\u00f4le charg\u00e9e de la r\u00e9gularit\u00e9 des\nlistes \u00e9lectorales de  SAINT-MARTIN-DE-CENILLY  est abrog\u00e9.\nSign\u00e9 : Le Sous-pr\u00e9fet : Julien MINICONI\n\uf0bf\nArr\u00eat\u00e9 du 12 juin 2023 portant nomination des membres de la commission de contr\u00f4le charg\u00e9e de la r\u00e9gularit\u00e9 des listes \u00e9lectorales\ndans la commune de SAINT-NICOLAS-DE-PIERREPONT (communes de moins de 1 000 habitants et assimil\u00e9es)\nConsid\u00e9rant qu'il convient de nommer, dans chaque commune, les membres de la commission de contr\u00f4le charg\u00e9e de la r\u00e9gularit\u00e9 des listes\n\u00e9lectorales pour une dur\u00e9e de trois ans et apr\u00e8s chaque renouvellement int\u00e9gral du conseil municipal,\nArt. 1 : La commission de contr\u00f4le, institu\u00e9e dans la commune de SAINT-NICOLAS-DE-PIERREPONT , est compos\u00e9e comme suit :\nConseiller(e) municipal(e)\ntitulaire :  BASNEVILLE Mireille\nsuppl\u00e9ant(e) :  GUEZET Morgane\nD\u00e9l\u00e9gu\u00e9(e) de l'administration\ntitulaire :  DAIREAUX Josiane \nsuppl\u00e9ant(e) :  BASNEVILLE Daniel\nD\u00e9l\u00e9gu\u00e9(e) du tribunal\ntitulaire :  BARBIER Nicole\nsuppl\u00e9ant(e) :  LEMONNIER Claire\nArt. 2 : Les membres de la commission de contr\u00f4le charg\u00e9e de la r\u00e9gularit\u00e9 des listes \u00e9lectorales sont d\u00e9sign\u00e9s pour trois ans.\nArt. 3 : L'arr\u00eat\u00e9 en date du 17 novembre 2020, portant nomination des membres de la commission de contr\u00f4le charg\u00e9e de la r\u00e9gularit\u00e9 des\nlistes \u00e9lectorales de  SAINT-NICOLAS-DE-PIERREPONT  est abrog\u00e9.\nSign\u00e9 : Le Sous-pr\u00e9fet : Julien MINICONI\n\uf0bf\nArr\u00eat\u00e9 du 12 juin 2023 portant nomination des membres de la commission de contr\u00f4le charg\u00e9e de la r\u00e9gularit\u00e9 des listes \u00e9lectorales\ndans la commune de SAINT-PATRICE-DE-CLAIDS (communes de moins de 1 000 habitants et assimil\u00e9es)\nConsid\u00e9rant qu'il convient de nommer, dans chaque commune, les membres de la commission de contr\u00f4le charg\u00e9e de la r\u00e9gularit\u00e9 des listes\n\u00e9lectorales pour une dur\u00e9e de trois ans et apr\u00e8s chaque renouvellement int\u00e9gral du conseil municipal,\nArt. 1 : La commission de contr\u00f4le, institu\u00e9e dans la commune de SAINT-PATRICE-DE-CLAIDS , est compos\u00e9e comme suit :\nConseiller(e) municipal(e)\ntitulaire :  LEHOUELLEUR Marina\nsuppl\u00e9ant(e) :  LEFEBVRE C\u00e9line\nD\u00e9l\u00e9gu\u00e9(e) de l'administration\ntitulaire :  LEVAVASSEUR Jacqueline\nsuppl\u00e9ant(e) :  LAUNEY Marie-Christine\nD\u00e9l\u00e9gu\u00e9(e) du tribunal\ntitulaire :  FLAUX Annick\nsuppl\u00e9ant(e) :  n\u00e9ant\nArt. 2 : Les membres de la commission de contr\u00f4le charg\u00e9e de la r\u00e9gularit\u00e9 des listes \u00e9lectorales sont d\u00e9sign\u00e9s pour trois ans.\nArt. 3 : L'arr\u00eat\u00e9 en date du 10 mai 2021, portant nomination des membres de la commission de contr\u00f4le charg\u00e9e de la r\u00e9gularit\u00e9 des listes\n\u00e9lectorales de  SAINT-PATRICE-DE-CLAIDS  est abrog\u00e9.\nSign\u00e9 : Le Sous-pr\u00e9fet : Julien MINICONI\n\uf0bf\nArr\u00eat\u00e9 du 12 juin 2023 portant nomination des membres de la commission de contr\u00f4le charg\u00e9e de la r\u00e9gularit\u00e9 des listes \u00e9lectorales\ndans la commune de SAINT-PIERRE-DE-COUTANCES (communes de moins de 1 000 habitants et assimil\u00e9es)\nConsid\u00e9rant qu'il convient de nommer, dans chaque commune, les membres de la commission de contr\u00f4le charg\u00e9e de la r\u00e9gularit\u00e9 des listes\n\u00e9lectorales pour une dur\u00e9e de trois ans et apr\u00e8s chaque renouvellement int\u00e9gral du conseil municipal,\nArt. 1 : La commission de contr\u00f4le, institu\u00e9e dans la commune de SAINT-PIERRE-DE-COUTANCES , est compos\u00e9e comme suit :\nConseiller(e) municipal(e)\ntitulaire :  CAGNAT Christophe\nsuppl\u00e9ant(e) :  FREMY Jessica\nD\u00e9l\u00e9gu\u00e9(e) de l'administration\ntitulaire :  DAUVERS Georgette\nsuppl\u00e9ant(e) :  MAHE Mary-No\u00eblle\nD\u00e9l\u00e9gu\u00e9(e) du tribunal\ntitulaire :  HERPIN Yves\nsuppl\u00e9ant(e) :  BOUET Dominique \nArt. 2 : Les membres de la commission de contr\u00f4le charg\u00e9e de la r\u00e9gularit\u00e9 des listes \u00e9lectorales sont d\u00e9sign\u00e9s pour trois ans.\nArt. 3 : L'arr\u00eat\u00e9 en date du 17 novembre 2020, portant nomination des membres de la commission de contr\u00f4le charg\u00e9e de la r\u00e9gularit\u00e9 des\nlistes \u00e9lectorales de  SAINT-PIERRE-DE-COUTANCES  est abrog\u00e9.\nSign\u00e9 : Le Sous-pr\u00e9fet : Julien MINICONI\n\uf0bf\nArr\u00eat\u00e9 du 12 juin 2023 portant nomination des membres de la commission de contr\u00f4le charg\u00e9e de la r\u00e9gularit\u00e9 des listes \u00e9lectorales\ndans la commune de SAINT-SAUVEUR-DE-PIERREPONT (communes de moins de 1 000 habitants et assimil\u00e9es)\nConsid\u00e9rant qu'il convient de nommer, dans chaque commune, les membres de la commission de contr\u00f4le charg\u00e9e de la r\u00e9gularit\u00e9 des listes\n\u00e9lectorales pour une dur\u00e9e de trois ans et apr\u00e8s chaque renouvellement int\u00e9gral du conseil municipal,\nArt. 1 : La commission de contr\u00f4le, institu\u00e9e dans la commune de SAINT-SAUVEUR-DE-PIERREPONT , est compos\u00e9e comme suit :\nConseiller(e) municipal(e)\ntitulaire :  TOLMER Jonathan\nsuppl\u00e9ant(e) :  LADUNE Patrick \nD\u00e9l\u00e9gu\u00e9(e) de l'administration\ntitulaire :  CHERBONNEAU Nicole\nsuppl\u00e9ant(e) :  SURET Carole\nD\u00e9l\u00e9gu\u00e9(e) du tribunal\ntitulaire :  DUBOS Josette\nsuppl\u00e9ant(e) :  VAUTIER Andr\u00e9\nArt. 2 : Les membres de la commission de contr\u00f4le charg\u00e9e de la r\u00e9gularit\u00e9 des listes \u00e9lectorales sont d\u00e9sign\u00e9s pour trois ans.\nArt. 3 : L'arr\u00eat\u00e9 en date du 17 novembre 2020, portant nomination des membres de la commission de contr\u00f4le charg\u00e9e de la r\u00e9gularit\u00e9 des\nlistes \u00e9lectorales de  SAINT-SAUVEUR-DE-PIERREPONT  est abrog\u00e9.\nSign\u00e9 : Le Sous-pr\u00e9fet : Julien MINICONI\n\uf0bf\nArr\u00eat\u00e9 du 12 juin 2023 portant nomination des membres de la commission de contr\u00f4le charg\u00e9e de la r\u00e9gularit\u00e9 des listes \u00e9lectorales\ndans la commune de SAINT-SEBASTIEN-DE-RAIDS (communes de moins de 1 000 habitants et assimil\u00e9es)\nConsid\u00e9rant qu'il convient de nommer, dans chaque commune, les membres de la commission de contr\u00f4le charg\u00e9e de la r\u00e9gularit\u00e9 des listes\n\u00e9lectorales pour une dur\u00e9e de trois ans et apr\u00e8s chaque renouvellement int\u00e9gral du conseil municipal,\nArt. 1 : La commission de contr\u00f4le, institu\u00e9e dans la commune de SAINT-SEBASTIEN-DE-RAIDS , est compos\u00e9e comme suit :\nConseiller(e) municipal(e)\ntitulaire :  DUPONT Gabriel\nsuppl\u00e9ant(e) :  LEGARDINIER Lucie \nD\u00e9l\u00e9gu\u00e9(e) de l'administration\ntitulaire :  LELEGARD Marc\nsuppl\u00e9ant(e) :  DUVAL Sylviane \nD\u00e9l\u00e9gu\u00e9(e) du tribunal\ntitulaire :  DEFLOOR Beno\u00eet\nsuppl\u00e9ant(e) :  TIPHAIGNE Patrick \nArt. 2 : Les membres de la commission de contr\u00f4le charg\u00e9e de la r\u00e9gularit\u00e9 des listes \u00e9lectorales sont d\u00e9sign\u00e9s pour trois ans.\nArt. 3 : L'arr\u00eat\u00e9 en date du 17 novembre 2020, portant nomination des membres de la commission de contr\u00f4le charg\u00e9e de la r\u00e9gularit\u00e9 des\nlistes \u00e9lectorales de  SAINT-SEBASTIEN-DE-RAIDS  est abrog\u00e9.\nSign\u00e9 : Le Sous-pr\u00e9fet : Julien MINICONI\n\uf0bf\nArr\u00eat\u00e9 du 12 juin 2023 portant nomination des membres de la commission de contr\u00f4le charg\u00e9e de la r\u00e9gularit\u00e9 des listes \u00e9lectorales\ndans la commune de SAUSSEY (communes de moins de 1 000 habitants et assimil\u00e9es)\nConsid\u00e9rant qu'il convient de nommer, dans chaque commune, les membres de la commission de contr\u00f4le charg\u00e9e de la r\u00e9gularit\u00e9 des listes\n\u00e9lectorales pour une dur\u00e9e de trois ans et apr\u00e8s chaque renouvellement int\u00e9gral du conseil municipal,\nArt. 1 : La commission de contr\u00f4le, institu\u00e9e dans la commune de SAUSSEY , est compos\u00e9e comme suit :\nConseiller(e) municipal(e)\ntitulaire :  DE SAINT JORES R\u00e9mi\nsuppl\u00e9ant(e) :  PACILLY Philippe \nD\u00e9l\u00e9gu\u00e9(e) de l'administration\ntitulaire :  LENEVEU Marianne\nsuppl\u00e9ant(e) :  VEAUX Denys \nD\u00e9l\u00e9gu\u00e9(e) du tribunal\ntitulaire :  PEREE Th\u00e9r\u00e8se\nsuppl\u00e9ant(e) :  GARDIN Genevi\u00e8ve\nArt. 2 : Les membres de la commission de contr\u00f4le charg\u00e9e de la r\u00e9gularit\u00e9 des listes \u00e9lectorales sont d\u00e9sign\u00e9s pour trois ans.\nArt. 3 : L'arr\u00eat\u00e9 en date du 17 novembre 2020, portant nomination des membres de la commission de contr\u00f4le charg\u00e9e de la r\u00e9gularit\u00e9 des\nlistes \u00e9lectorales de  SAUSSEY  est abrog\u00e9.\nSign\u00e9 : Le Sous-pr\u00e9fet : Julien MINICONI\n\uf0bf\nArr\u00eat\u00e9 du 12 juin 2023 portant nomination des membres de la commission de contr\u00f4le charg\u00e9e de la r\u00e9gularit\u00e9 des listes \u00e9lectorales\ndans la commune de SAVIGNY (communes de moins de 1 000 habitants et assimil\u00e9es)\nConsid\u00e9rant qu'il convient de nommer, dans chaque commune, les membres de la commission de contr\u00f4le charg\u00e9e de la r\u00e9gularit\u00e9 des listes\n\u00e9lectorales pour une dur\u00e9e de trois ans et apr\u00e8s chaque renouvellement int\u00e9gral du conseil municipal,\nArt. 1 : La commission de contr\u00f4le, institu\u00e9e dans la commune de SAVIGNY , est compos\u00e9e comme suit :\nConseiller(e) municipal(e)\ntitulaire :  LEVIONNOIS M\u00e9lanie\nsuppl\u00e9ant(e) :  ANGEL Elina\nD\u00e9l\u00e9gu\u00e9(e) de l'administration\ntitulaire :  GIRARD Didier \nsuppl\u00e9ant(e) :  FOUCHARD Jocelyne \nD\u00e9l\u00e9gu\u00e9(e) du tribunal\ntitulaire :  VAUTIER Fran\u00e7oise\nsuppl\u00e9ant(e) :  HOUDARD Patricia \nArt. 2 : Les membres de la commission de contr\u00f4le charg\u00e9e de la r\u00e9gularit\u00e9 des listes \u00e9lectorales sont d\u00e9sign\u00e9s pour trois ans.\nArt. 3 : L'arr\u00eat\u00e9 en date du 17 novembre 2020, portant nomination des membres de la commission de contr\u00f4le charg\u00e9e de la r\u00e9gularit\u00e9 des\nlistes \u00e9lectorales de  SAVIGNY  est abrog\u00e9.\nSign\u00e9 : Le Sous-pr\u00e9fet : Julien MINICONI\n\uf0bf\nArr\u00eat\u00e9 du 12 juin 2023 portant nomination des membres de la commission de contr\u00f4le charg\u00e9e de la r\u00e9gularit\u00e9 des listes \u00e9lectorales\ndans la commune de TOURNEVILLE-SUR-MER (communes de moins de 1 000 habitants et assimil\u00e9es)\nConsid\u00e9rant qu'il convient de nommer, dans chaque commune, les membres de la commission de contr\u00f4le charg\u00e9e de la r\u00e9gularit\u00e9 des listes\n\u00e9lectorales pour une dur\u00e9e de trois ans et apr\u00e8s chaque renouvellement int\u00e9gral du conseil municipal,\nArt. 1 : La commission de contr\u00f4le, institu\u00e9e dans la commune de TOURNEVILLE-SUR-MER , est compos\u00e9e comme suit :\nConseiller(e) municipal(e)\ntitulaire :  DE WOILLEMONT Xavier\nsuppl\u00e9ant(e) :  LEVERD Lynda\nD\u00e9l\u00e9gu\u00e9(e) de l'administration\ntitulaire :  COUENNE Alain\nsuppl\u00e9ant(e) :  TOUMIT Fran\u00e7ois\nD\u00e9l\u00e9gu\u00e9(e) du tribunal\ntitulaire :  MAHE Francine\nsuppl\u00e9ant(e) :  MARIE Daniel\nArt. 2 : Les membres de la commission de contr\u00f4le charg\u00e9e de la r\u00e9gularit\u00e9 des listes \u00e9lectorales sont d\u00e9sign\u00e9s pour trois ans.\nArt. 3 : L'arr\u00eat\u00e9 en date du 17 novembre 2020, portant nomination des membres de la commission de contr\u00f4le charg\u00e9e de la r\u00e9gularit\u00e9 des\nlistes \u00e9lectorales de  TOURNEVILLE-SUR-MER  est abrog\u00e9.\nSign\u00e9 : Le Sous-pr\u00e9fet : Julien MINICONI\n\uf0bf\nArr\u00eat\u00e9 du 12 juin 2023 portant nomination des membres de la commission de contr\u00f4le charg\u00e9e de la r\u00e9gularit\u00e9 des listes \u00e9lectorales\ndans la commune de TOURVILLE-SUR-SIENNE (communes de moins de 1 000 habitants et assimil\u00e9es)\nConsid\u00e9rant qu'il convient de nommer, dans chaque commune, les membres de la commission de contr\u00f4le charg\u00e9e de la r\u00e9gularit\u00e9 des listes\n\u00e9lectorales pour une dur\u00e9e de trois ans et apr\u00e8s chaque renouvellement int\u00e9gral du conseil municipal,\nArt. 1 : La commission de contr\u00f4le, institu\u00e9e dans la commune de TOURVILLE-SUR-SIENNE , est compos\u00e9e comme suit :\nConseiller(e) municipal(e)\ntitulaire :  FONTAINE Isabelle \nsuppl\u00e9ant(e) :  POTEY Cyril\nD\u00e9l\u00e9gu\u00e9(e) de l'administration\ntitulaire :  GIRRES Jean-Claude\nsuppl\u00e9ant(e) :  GALLOT Th\u00e9r\u00e8se\nD\u00e9l\u00e9gu\u00e9(e) du tribunal\ntitulaire :  TAMBOUR Chantal\nsuppl\u00e9ant(e) :  HYERNARD Odile\nArt. 2 : Les membres de la commission de contr\u00f4le charg\u00e9e de la r\u00e9gularit\u00e9 des listes \u00e9lectorales sont d\u00e9sign\u00e9s pour trois ans.\nArt. 3 : L'arr\u00eat\u00e9 en date du 17 novembre 2020, portant nomination des membres de la commission de contr\u00f4le charg\u00e9e de la r\u00e9gularit\u00e9 des\nlistes \u00e9lectorales de  TOURVILLE-SUR-SIENNE  est abrog\u00e9.\nSign\u00e9 : Le Sous-pr\u00e9fet : Julien MINICONI\n\uf0bf\nArr\u00eat\u00e9 du 12 juin 2023 portant nomination des membres de la commission de contr\u00f4le charg\u00e9e de la r\u00e9gularit\u00e9 des listes \u00e9lectorales\ndans la commune de VARENGUEBEC (communes de moins de 1 000 habitants et assimil\u00e9es)\nConsid\u00e9rant qu'il convient de nommer, dans chaque commune, les membres de la commission de contr\u00f4le charg\u00e9e de la r\u00e9gularit\u00e9 des listes\n\u00e9lectorales pour une dur\u00e9e de trois ans et apr\u00e8s chaque renouvellement int\u00e9gral du conseil municipal,\nArt. 1 : La commission de contr\u00f4le, institu\u00e9e dans la commune de VARENGUEBEC , est compos\u00e9e comme suit :\nConseiller(e) municipal(e)\ntitulaire :  CHESNEY Pascal\nsuppl\u00e9ant(e) :  MELAIN Nicolas\nD\u00e9l\u00e9gu\u00e9(e) de l'administration\ntitulaire :  PHILIPPE St\u00e9phane \nsuppl\u00e9ant(e) :  n\u00e9ant\nD\u00e9l\u00e9gu\u00e9(e) du tribunal\ntitulaire :  BROGNIEZ Corinne\nsuppl\u00e9ant(e) :  LECHANOINE Pascal\nArt. 2 : Les membres de la commission de contr\u00f4le charg\u00e9e de la r\u00e9gularit\u00e9 des listes \u00e9lectorales sont d\u00e9sign\u00e9s pour trois ans.\nArt. 3 : L'arr\u00eat\u00e9 en date du 17 novembre 2020, portant nomination des membres de la commission de contr\u00f4le charg\u00e9e de la r\u00e9gularit\u00e9 des\nlistes \u00e9lectorales de  VARENGUEBEC  est abrog\u00e9.\nSign\u00e9 : Le Sous-pr\u00e9fet : Julien MINICONI\n\uf0bf\nArr\u00eat\u00e9 du 12 juin 2023 portant nomination des membres de la commission de contr\u00f4le charg\u00e9e de la r\u00e9gularit\u00e9 des listes \u00e9lectorales\ndans la commune de VER (communes de moins de 1 000 habitants et assimil\u00e9es)\nConsid\u00e9rant qu'il convient de nommer, dans chaque commune, les membres de la commission de contr\u00f4le charg\u00e9e de la r\u00e9gularit\u00e9 des listes\n\u00e9lectorales pour une dur\u00e9e de trois ans et apr\u00e8s chaque renouvellement int\u00e9gral du conseil municipal,\nArt. 1 : La commission de contr\u00f4le, institu\u00e9e dans la commune de VER , est compos\u00e9e comme suit :\nConseiller(e) municipal(e)\ntitulaire :  TINTURE Christine \nsuppl\u00e9ant(e) :  BARON C\u00e9line \nD\u00e9l\u00e9gu\u00e9(e) de l'administration\ntitulaire :  FOSTIER Patricia \nsuppl\u00e9ant(e) :  LERICHE C\u00e9line \nD\u00e9l\u00e9gu\u00e9(e) du tribunal\ntitulaire :  TISON Eric\nsuppl\u00e9ant(e) :  PASCAL C\u00f4me\nArt. 2 : Les membres de la commission de contr\u00f4le charg\u00e9e de la r\u00e9gularit\u00e9 des listes \u00e9lectorales sont d\u00e9sign\u00e9s pour trois ans.\nArt. 3 : L'arr\u00eat\u00e9 en date du 17 novembre 2020, portant nomination des membres de la commission de contr\u00f4le charg\u00e9e de la r\u00e9gularit\u00e9 des\nlistes \u00e9lectorales de  VER  est abrog\u00e9.\nSign\u00e9 : Le Sous-pr\u00e9fet : Julien MINICONI\n\uf0bf\nArr\u00eat\u00e9 du 13 juin 2023 portant nomination des membres de la commission de contr\u00f4le charg\u00e9e de la r\u00e9gularit\u00e9 des listes \u00e9lectorales\ndans la commune de AGON-COUTAINVILLE (communes de 1 000 habitants et plus avec 2 ou 3 listes)\nConsid\u00e9rant qu'il convient de nommer, dans chaque commune, les membres de la commission de contr\u00f4le charg\u00e9e de la r\u00e9gularit\u00e9 des listes\n\u00e9lectorales pour une dur\u00e9e de trois ans et apr\u00e8s chaque renouvellement int\u00e9gral du conseil municipal,\nArt. 1 : La commission de contr\u00f4le, institu\u00e9e dans la commune de AGON-COUTAINVILLE, est compos\u00e9e comme suit :\nconseillers municipaux titulaires :\nGERMAIN Jean-Pierre\nFRANCOIS Marielle\nLEGRAVEREND Alain\nCAVELLEC Didier\nWLASNIAK Philippe\nconseillers municipaux suppl\u00e9ants :\nLAINE Pauline\nDANGUY Patrick\nDENGREVILLE Jean-Pierre\nBOUYER-MAUPAS Isabelle\nArt. 2 : Les membres de la commission de contr\u00f4le charg\u00e9e de la r\u00e9gularit\u00e9 des listes \u00e9lectorales sont d\u00e9sign\u00e9s pour trois ans.\nArt. 3 : L'arr\u00eat\u00e9 en date du 17 novembre 2020, portant nomination des membres de la commission de contr\u00f4le charg\u00e9e de la r\u00e9gularit\u00e9 des\nlistes \u00e9lectorales de  AGON-COUTAINVILLE  est abrog\u00e9.\nSign\u00e9 : Le Sous-pr\u00e9fet : Julien MINICONI\n\uf0bf\nArr\u00eat\u00e9 du 13 juin 2023 portant nomination des membres de la commission de contr\u00f4le charg\u00e9e de la r\u00e9gularit\u00e9 des listes \u00e9lectorales\ndans la commune de BLAINVILLE-SUR-MER (communes de 1 000 habitants et plus avec 2 ou 3 listes)\nConsid\u00e9rant qu'il convient de nommer, dans chaque commune, les membres de la commission de contr\u00f4le charg\u00e9e de la r\u00e9gularit\u00e9 des listes\n\u00e9lectorales pour une dur\u00e9e de trois ans et apr\u00e8s chaque renouvellement int\u00e9gral du conseil municipal,\nArt. 1 : La commission de contr\u00f4le, institu\u00e9e dans la commune de BLAINVILLE-SUR-MER, est compos\u00e9e comme suit :\nconseillers municipaux titulaires :\nBILLON Fran\u00e7oise\nTHOUROUDE Guillaume\nMARTIN Pauline\nGOUX Christian\nDAUVIN M\u00e9lanie\nconseillers municipaux suppl\u00e9ants :\nSCOLAN Carole\nPOSTEL Catherine\nGRANDAZZI Marie\nLEGABLIER Thierry\nArt. 2 : Les membres de la commission de contr\u00f4le charg\u00e9e de la r\u00e9gularit\u00e9 des listes \u00e9lectorales sont d\u00e9sign\u00e9s pour trois ans.\nArt. 3 : L'arr\u00eat\u00e9 en date du 17 novembre 2020, portant nomination des membres de la commission de contr\u00f4le charg\u00e9e de la r\u00e9gularit\u00e9 des\nlistes \u00e9lectorales de  BLAINVILLE-SUR-MER  est abrog\u00e9.\nSign\u00e9 : Le Sous-pr\u00e9fet : Julien MINICONI\n\uf0bf\nArr\u00eat\u00e9 du 13 juin 2023 portant nomination des membres de la commission de contr\u00f4le charg\u00e9e de la r\u00e9gularit\u00e9 des listes \u00e9lectorales\ndans la commune de CERISY-LA-SALLE (communes de 1 000 habitants et plus avec 2 ou 3 listes)\nConsid\u00e9rant qu'il convient de nommer, dans chaque commune, les membres de la commission de contr\u00f4le charg\u00e9e de la r\u00e9gularit\u00e9 des listes\n\u00e9lectorales pour une dur\u00e9e de trois ans et apr\u00e8s chaque renouvellement int\u00e9gral du conseil municipal,\nArt. 1 : La commission de contr\u00f4le, institu\u00e9e dans la commune de CERISY-LA-SALLE, est compos\u00e9e comme suit :\nconseillers municipaux titulaires :\nBOSCHE Nicole\nREGNAULT Philippe\nPASCAL B\u00e9n\u00e9dicte\nLEJOLIVET Alain\nCOMTE Lydie\nconseillers municipaux suppl\u00e9ants :\nMESNIL Christophe\nGAUCHET Dimitri\nLENOIR J\u00e9r\u00f4me\nArt. 2 : Les membres de la commission de contr\u00f4le charg\u00e9e de la r\u00e9gularit\u00e9 des listes \u00e9lectorales sont d\u00e9sign\u00e9s pour trois ans.\nArt. 3 : L'arr\u00eat\u00e9 en date du 17 novembre 2020, portant nomination des membres de la commission de contr\u00f4le charg\u00e9e de la r\u00e9gularit\u00e9 des\nlistes \u00e9lectorales de  CERISY-LA-SALLE  est abrog\u00e9.\nSign\u00e9 : Le Sous-pr\u00e9fet : Julien MINICONI\n\uf0bf\nArr\u00eat\u00e9 du 13 juin 2023 portant nomination des membres de la commission de contr\u00f4le charg\u00e9e de la r\u00e9gularit\u00e9 des listes \u00e9lectorales\ndans la commune de COUTANCES (communes de 1 000 habitants et plus avec 2 ou 3 listes)\nConsid\u00e9rant qu'il convient de nommer, dans chaque commune, les membres de la commission de contr\u00f4le charg\u00e9e de la r\u00e9gularit\u00e9 des listes\n\u00e9lectorales pour une dur\u00e9e de trois ans et apr\u00e8s chaque renouvellement int\u00e9gral du conseil municipal,\nArt. 1 : La commission de contr\u00f4le, institu\u00e9e dans la commune de COUTANCES, est compos\u00e9e comme suit :\nconseillers municipaux titulaires :\nBOURGET Denis\nGAUNELLE Mireille\nBOURY Sylvaine\nTINARD Youri\nCOUSIN Jean-Manuel\nconseillers municipaux suppl\u00e9ants :\nLEVILLAIN Jean-Luc\nBITEAU Alain\nLEFEVRE Didier\nLEROUGE Fran\u00e7oise\nHAREL Anne\nArt. 2 : Les membres de la commission de contr\u00f4le charg\u00e9e de la r\u00e9gularit\u00e9 des listes \u00e9lectorales sont d\u00e9sign\u00e9s pour trois ans.\nArt. 3 : L'arr\u00eat\u00e9 en date du 17 novembre 2020, portant nomination des membres de la commission de contr\u00f4le charg\u00e9e de la r\u00e9gularit\u00e9 des\nlistes \u00e9lectorales de  COUTANCES  est abrog\u00e9.\nSign\u00e9 : Le Sous-pr\u00e9fet : Julien MINICONI\n\uf0bf\nArr\u00eat\u00e9 du 13 juin 2023 portant nomination des membres de la commission de contr\u00f4le charg\u00e9e de la r\u00e9gularit\u00e9 des listes \u00e9lectorales\ndans la commune de GAVRAY-SUR-SIENNE (communes de 1 000 habitants et plus avec 2 ou 3 listes)\nConsid\u00e9rant qu'il convient de nommer, dans chaque commune, les membres de la commission de contr\u00f4le charg\u00e9e de la r\u00e9gularit\u00e9 des listes\n\u00e9lectorales pour une dur\u00e9e de trois ans et apr\u00e8s chaque renouvellement int\u00e9gral du conseil municipal,\nArt. 1 : La commission de contr\u00f4le, institu\u00e9e dans la commune de GAVRAY-SUR-SIENNE , est compos\u00e9e comme suit :\nconseillers municipaux titulaires :\nHEBERT Bernard\nTROCHUT Marie-Christine\nMAUSSION Olivier\nPAYSANT Agn\u00e8s\nMABIRE Caroline \nconseillers municipaux suppl\u00e9ants :  \nn\u00e9ant\nArt. 2 : Les membres de la commission de contr\u00f4le charg\u00e9e de la r\u00e9gularit\u00e9 des listes \u00e9lectorales sont d\u00e9sign\u00e9s pour trois ans.\nArt. 3 : L'arr\u00eat\u00e9 en date du 17 novembre 2020, portant nomination des membres de la commission de contr\u00f4le charg\u00e9e de la r\u00e9gularit\u00e9 des\nlistes \u00e9lectorales de  GAVRAY-SUR-SIENNE   est abrog\u00e9.\nSign\u00e9 : Le Sous-pr\u00e9fet : Julien MINICONI\n\uf0bf\nArr\u00eat\u00e9 du 13 juin 2023 portant nomination des membres de la commission de contr\u00f4le charg\u00e9e de la r\u00e9gularit\u00e9 des listes \u00e9lectorales\ndans la commune de HAMBYE (communes de 1 000 habitants et plus avec 2 ou 3 listes)\nConsid\u00e9rant qu'il convient de nommer, dans chaque commune, les membres de la commission de contr\u00f4le charg\u00e9e de la r\u00e9gularit\u00e9 des listes\n\u00e9lectorales pour une dur\u00e9e de trois ans et apr\u00e8s chaque renouvellement int\u00e9gral du conseil municipal,\nArt. 1 : La commission de contr\u00f4le, institu\u00e9e dans la commune de HAMBYE, est compos\u00e9e comme suit :\nconseillers municipaux titulaires :\nLADROUE-DENIS Nadine\nHUREL Pascal\nVERON Lydie\nBRIONNE Jacky\nJOUANNY Nathalie \nconseillers municipaux suppl\u00e9ants :\nPIGNET Victorien\nLEPETIT G\u00e9raldine \nArt. 2 : Les membres de la commission de contr\u00f4le charg\u00e9e de la r\u00e9gularit\u00e9 des listes \u00e9lectorales sont d\u00e9sign\u00e9s pour trois ans.\nArt. 3 : L'arr\u00eat\u00e9 en date du 8 janvier 2021, portant nomination des membres de la commission de contr\u00f4le charg\u00e9e de la r\u00e9gularit\u00e9 des listes\n\u00e9lectorales de  HAMBYE  est abrog\u00e9.\nSign\u00e9 : Le Sous-pr\u00e9fet : Julien MINICONI\n\uf0bf\nArr\u00eat\u00e9 du 13 juin 2023 portant nomination des membres de la commission de contr\u00f4le charg\u00e9e de la r\u00e9gularit\u00e9 des listes \u00e9lectorales\ndans la commune de  LESSAY (communes de 1 000 habitants et plus avec 2 ou 3 listes)\nConsid\u00e9rant qu'il convient de nommer, dans chaque commune, les membres de la commission de contr\u00f4le charg\u00e9e de la r\u00e9gularit\u00e9 des listes\n\u00e9lectorales pour une dur\u00e9e de trois ans et apr\u00e8s chaque renouvellement int\u00e9gral du conseil municipal,\nArt. 1 : La commission de contr\u00f4le, institu\u00e9e dans la commune de LESSAY, est compos\u00e9e comme suit :\nconseillers municipaux titulaires :\nGROSS Patrick\nSAINT Anne-Marie\nAUDRAIN Martine \nLECHEVALLIER Jeannine\nDE VANSSAY Herv\u00e9\nconseillers municipaux suppl\u00e9ants :\nn\u00e9ant\nArt. 2 : Les membres de la commission de contr\u00f4le charg\u00e9e de la r\u00e9gularit\u00e9 des listes \u00e9lectorales sont d\u00e9sign\u00e9s pour trois ans.\nArt. 3  : L'arr\u00eat\u00e9 en date du 5 mai 2021, portant nomination des membres de la commission de contr\u00f4le charg\u00e9e de la r\u00e9gularit\u00e9 des listes\n\u00e9lectorales de  LESSAY  est abrog\u00e9.\nSign\u00e9 : Le Sous-pr\u00e9fet : Julien MINICONI\n\uf0bf\nArr\u00eat\u00e9 du 13 juin 2023 portant nomination des membres de la commission de contr\u00f4le charg\u00e9e de la r\u00e9gularit\u00e9 des listes \u00e9lectorales\ndans la commune de MONTMARTIN-SUR-MER (communes de 1 000 habitants et plus avec 2 ou 3 listes)\nConsid\u00e9rant qu'il convient de nommer, dans chaque commune, les membres de la commission de contr\u00f4le charg\u00e9e de la r\u00e9gularit\u00e9 des listes\n\u00e9lectorales pour une dur\u00e9e de trois ans et apr\u00e8s chaque renouvellement int\u00e9gral du conseil municipal,\nArt. 1 : La commission de contr\u00f4le, institu\u00e9e dans la commune de MONTMARTIN-SUR-MER, est compos\u00e9e comme suit :\nconseillers municipaux titulaires :\nCUSSON Jean-Christian\nPERRON Sylvain\nLECERF Fabienne \nBOURGUET Patrice\nMARIE-LECONTE Jean\nconseillers municipaux suppl\u00e9ants :\nn\u00e9ant\nArt. 2 : Les membres de la commission de contr\u00f4le charg\u00e9e de la r\u00e9gularit\u00e9 des listes \u00e9lectorales sont d\u00e9sign\u00e9s pour trois ans.\nArt. 3 : L'arr\u00eat\u00e9 en date du 7 septembre 2022, portant nomination des membres de la commission de contr\u00f4le charg\u00e9e de la r\u00e9gularit\u00e9 des listes\n\u00e9lectorales de  MONTMARTIN-SUR-MER  est abrog\u00e9.\nSign\u00e9 : Le Sous-pr\u00e9fet : Julien MINICONI\n\uf0bf\nArr\u00eat\u00e9 du 13 juin 2023 portant nomination des membres de la commission de contr\u00f4le charg\u00e9e de la r\u00e9gularit\u00e9 des listes \u00e9lectorales\ndans la commune de MONTSENELLE (communes de 1 000 habitants et plus avec 2 ou 3 listes)\nConsid\u00e9rant qu'il convient de nommer, dans chaque commune, les membres de la commission de contr\u00f4le charg\u00e9e de la r\u00e9gularit\u00e9 des listes\n\u00e9lectorales pour une dur\u00e9e de trois ans et apr\u00e8s chaque renouvellement int\u00e9gral du conseil municipal,\nArt. 1 : La commission de contr\u00f4le, institu\u00e9e dans la commune de MONTSENELLE, est compos\u00e9e comme suit :\nconseillers municipaux titulaires :\nGOUESLARD Maria\nRENOUF Michel\nLEBARBIER No\u00ebl\nLECLERE Alain\nLAMANDE Nadine\nconseillers municipaux suppl\u00e9ants :\nn\u00e9ant\nArt. 2 : Les membres de la commission de contr\u00f4le charg\u00e9e de la r\u00e9gularit\u00e9 des listes \u00e9lectorales sont d\u00e9sign\u00e9s pour trois ans.\nArt. 3 : L'arr\u00eat\u00e9 en date du 17 novembre 2020, portant nomination des membres de la commission de contr\u00f4le charg\u00e9e de la r\u00e9gularit\u00e9 des\nlistes \u00e9lectorales de  MONTSENELLE  est abrog\u00e9.\nSign\u00e9 : Le Sous-pr\u00e9fet : Julien MINICONI\n\uf0bf\nArr\u00eat\u00e9 du 13 juin 2023 portant nomination des membres de la commission de contr\u00f4le charg\u00e9e de la r\u00e9gularit\u00e9 des listes \u00e9lectorales\ndans la commune de SAINT-SAUVEUR-VILLAGES (communes de 1 000 habitants et plus avec 2 ou 3 listes)\nConsid\u00e9rant qu'il convient de nommer, dans chaque commune, les membres de la commission de contr\u00f4le charg\u00e9e de la r\u00e9gularit\u00e9 des listes\n\u00e9lectorales pour une dur\u00e9e de trois ans et apr\u00e8s chaque renouvellement int\u00e9gral du conseil municipal,\nArt. 1 : La commission de contr\u00f4le, institu\u00e9e dans la commune de SAINT-SAUVEUR-VILLAGES, est compos\u00e9e comme suit :\nconseillers municipaux titulaires :\nHARIVEL Benoit\nHUE-LEFEBVRE Sophie\nBOUILLON Emmanuelle\nCLEROT Edwige\nTISIN Albert\nconseillers municipaux suppl\u00e9ants :\nFERICOT Dominique\nLEVIONNOIS Carole\nLEFRANCOIS Guillaume\nVILQUIN Franck\nMARIE Micheline \nArt. 2 : Les membres de la commission de contr\u00f4le charg\u00e9e de la r\u00e9gularit\u00e9 des listes \u00e9lectorales sont d\u00e9sign\u00e9s pour trois ans.\nArt. 3 : L'arr\u00eat\u00e9 en date du 17 novembre 2020, portant nomination des membres de la commission de contr\u00f4le charg\u00e9e de la r\u00e9gularit\u00e9 des\nlistes \u00e9lectorales de  SAINT-SAUVEUR-VILLAGES  est abrog\u00e9.\nSign\u00e9 : Le Sous-pr\u00e9fet : Julien MINICONI\n\uf0bf\nDIVERS\nDDFIP - Direction D\u00e9partementale des Finances Publiques\nArr\u00eat\u00e9 du 15 juin 2023 relatif \u00e0 la fermeture exceptionnelle du service de la publicit\u00e9 fonci\u00e8re et de l'enregistrement de Coutances\nArt. 1 :Le service de la publicit\u00e9 fonci\u00e8re et de l'enregistrement de Coutances sera ferm\u00e9 \u00e0 titre exceptionnel le mercredi 19 juillet 2023.\nArt. 2 : Le pr\u00e9sent arr\u00eat\u00e9 sera publi\u00e9 au recueil des actes administratifs du d\u00e9partement et affich\u00e9 dans les locaux des services vis\u00e9s \u00e0 l'article\n1er.\nSign\u00e9 : Par d\u00e9l\u00e9gation du pr\u00e9fet, le Directeur d\u00e9partemental des finances publiques de la Manche : Herv\u00e9 BRABANT\n\uf0bf\n\uf0bf\nD\u00e9partement de la Manche - Imprimerie administrative - Directeur de la publication : Mme la Secr\u00e9taire g\u00e9n\u00e9rale","date":"2023-06-21","first_seen_on":"2025-07-18T11:57:01+00:00","id":"da4acbbe965f7f3e19cac9b3ea54df4fdc36f9b1ff5d859fba785348831e3d80","name":"RAA sp\u00e9cial n\u00b052","pdf_creation_date":"2023-06-21T13:08:33+00:00","pdf_modification_date":null,"timezone":"Europe/Paris","url":"https://www.manche.gouv.fr/contenu/telechargement/56752/441353/file/SP%2052.pdf"}
