{"administration":"pref80","administration_name":"Pr\u00e9fecture de la Somme","content":"PR\u00c9FET\nDE LA SOMME\nRECUEIL DES ACTES\nADMINISTRATIFS\nN\u00b02026-018\nPUBLI\u00c9 LE  8 JANVIER 2026\nSommaire\nPr\u00e9fecture de la Somme - Cabinet /\n80-2026-01-08-00006 - Arr\u00eat\u00e9 pr\u00e9fectoral de restriction aux massifs\nforestiers 80 (2 pages) Page 3\n2\nPr\u00e9fecture de la Somme - Cabinet\n80-2026-01-08-00006\nArr\u00eat\u00e9 pr\u00e9fectoral de restriction aux massifs\nforestiers 80\nPr\u00e9fecture de la Somme - Cabinet - 80-2026-01-08-00006 - Arr\u00eat\u00e9 pr\u00e9fectoral de restriction aux massifs forestiers 80 3\nEnPR\u00c9FETDE LA SOMMELibert\u00e9\u00c9galir\u00e9Fraternit\u00e9\nArr\u00eat\u00e9 SIDPC-2025-002Le Pr\u00e9fet de la SommeChevalier de la L\u00e9gion d'honneurOfficier de l'ordre National du M\u00e9riteArr\u00eat\u00e9 portant restriction d'acc\u00e8s au public aux massifs forestiers domaniauxdu d\u00e9partement de la Somme\nVu le code de la d\u00e9fense;Vu le code de la s\u00e9curit\u00e9 int\u00e9rieure ;Vu le code forestier, notamment ses articles L 221-2, D 221-2 et R 163-6 ;Vu le code de la route, notamment son article R 411-21-1 ;Vu le d\u00e9cret n\u00b0 2004-374 du 29 avril 2004 modifi\u00e9 relatif aux pouvoirs des pr\u00e9fets, \u00e0 l'organisation et \u00e0l'action des services de l'\u00c9tat dans les r\u00e9gions et d\u00e9partements ;Vu le d\u00e9cret du 13 juillet 2023 portant nomination de M. Rollon MOUCHEL-BLAISOT, pr\u00e9fet de laSomme ;Vu le bulletin de vigilance du 8 janvier 2026 \u00e9mis par M\u00e9t\u00e9o France dans le contexte de la temp\u00eateGORRETI et le classement en vigilance orange du d\u00e9partement de la Somme, notamment pour ventsviolents et submersion marine ;Vu l'avis de l'Office National des For\u00eats du 8 janvier 2026 ;Consid\u00e9rant le risque majeur de chute d'arbres fragilis\u00e9s ;Consid\u00e9rant le risque que repr\u00e9sente la circulation des personnes et v\u00e9hicules en for\u00eat dans cecontexte;Consid\u00e9rant la n\u00e9cessit\u00e9 de proc\u00e9der \u00e0 des reconnaissances apr\u00e8s le passage de la temp\u00eate pours'assurer de l'absence de risque ;Sur proposition de la sous-pr\u00e9f\u00e8te, directrice de cabinet du pr\u00e9fet de la Somme;\nARR\u00caTEArticle 1 : \u00c0 compter de la publication du pr\u00e9sent arr\u00eat\u00e9, les for\u00eats domaniales du d\u00e9partement de laSomme sont ferm\u00e9es au public jusqu'au samedi 10 janvier 2026 \u00e0 8h00. Cette interdiction est valablepour les routes foresti\u00e8res, les sentiers de randonn\u00e9es ainsi qu'\u00e0 l'int\u00e9rieur de l'ensemble des parcellesforesti\u00e8res.Article 2 : La pr\u00e9sente d\u00e9cision ne s'applique pas :- aux v\u00e9hicules d'intervention et de secours ;- aux personnes charg\u00e9es d'une mission de service public dans l'exercice de leur mission ;- aux propri\u00e9taires forestiers et \u00e0 leur ayant-droit ou ayant-cause. L'acc\u00e8s \u00e0 ces secteurs se fera sous leurresponsabilit\u00e9 propre.\nPr\u00e9fecture de la Somme - Cabinet - 80-2026-01-08-00006 - Arr\u00eat\u00e9 pr\u00e9fectoral de restriction aux massifs forestiers 80 4\nArticle 3: La directrice du cabinet du pr\u00e9fet de la Somme, les sous-pr\u00e9fets des arrondissementsd'Abbeville, Amiens, P\u00e9ronne et Montdidier, le responsable de l'unit\u00e9 territoriale Somme-C\u00e9te d'Opalede l'Office Nationale des For\u00eats, le commandant du groupement de gendarmerie d\u00e9partementale de laSomme ont charg\u00e9s, chacun en ce qui concerne, de l'ex\u00e9cution du pr\u00e9sent arr\u00eat\u00e9 qui sera publi\u00e9 aurecueil des actes administratifs de la pr\u00e9fecture de la Somme.\nAmiens, le 8 janvier 2026\nLe pr\u00e9feta\nRolle HEL-BLAISOT\nPr\u00e9fecture de la Somme - Cabinet - 80-2026-01-08-00006 - Arr\u00eat\u00e9 pr\u00e9fectoral de restriction aux massifs forestiers 80 5","date":"2026-01-08","first_seen_on":"2026-01-08T19:37:14+00:00","id":"da692d4a17158cb474f5dc8f674c8ab65916cf82de3dd2669c8e6a4c40ea6636","name":"RAA n\u00b018 sp\u00e9cial du 8 janvier 2026","pdf_creation_date":"2026-01-08T18:59:26+00:00","pdf_modification_date":null,"timezone":"Europe/Paris","url":"https://www.somme.gouv.fr/contenu/telechargement/54683/359576/version/1/file/recueil-2026-018-recueil-des-actes-administratifs.pdf"}
