{"administration":"pref21","administration_name":"Pr\u00e9fecture de C\u00f4te-d\u2019Or","content":"PR\u00c9FET\nDE LA C\u00d4TE-D'OR\nRECUEIL DES ACTES\nADMINISTRATIFS SP\u00c9CIAL\nN\u00b021-2025-124\nPUBLI\u00c9 LE 15 SEPTEMBRE 2025\nSommaire\nDirection d\u00e9partementale de l'emploi, du travail et des solidarit\u00e9s de\nC\u00f4te-d'Or /\n21-2025-09-15-00001 - RAA R\u00e9c\u00e9piss\u00e9 Cadoux Adeline sign\u00e9\nn\u00b0SAP990357105 (2 pages) Page 3\n21-2025-09-15-00002 - RAA R\u00e9c\u00e9piss\u00e9 Gerbandier St\u00e9phanie\nsign\u00e9 n\u00b0SAP852521988 (2 pages) Page 6\nDirection d\u00e9partementale de la protection des populations de la\nC\u00f4te-d'Or / Service Sant\u00e9 et Protections animales, Protection de\nl'Environnement\n21-2025-09-11-00005 - Arr\u00eat\u00e9 pr\u00e9fectoral N\u00b01390/2025 en date du 11\nseptembre 2025 attribuant l habilitation sanitaire \u00e0 Maxime KITTEL\n (2\npages) Page 9\nDirection d\u00e9partementale des territoires de la C\u00f4te-d'Or / Service de l'eau\net des risques\n21-2025-09-12-00012 - Arr\u00eat\u00e9 pr\u00e9fectoral n\u00b01407 du 12 septembre\n2025 \nportant constat de franchissement du seuil de vigilance des usages\nde l'eau \nsur l'ensemble du territoire du d\u00e9partement de la\nC\u00f4te-d'Or (3 pages) Page 12\nPr\u00e9fecture de la C\u00f4te-d'Or / Direction des Collectivit\u00e9s locales et des\nElections\n21-2025-09-12-00011 - Arr\u00eat\u00e9 pr\u00e9fectoral 1406 portant renouvellement\ndu centre de formation taxis  I2FT (2 pages) Page 16\n21-2025-09-11-00006 - Arr\u00eat\u00e9 pr\u00e9fectoral N\u00b0 1393 portant\ncomposition de la COE du tribunal de commerce de Dijon (2 pages) Page 19\n2\nDirection d\u00e9partementale de l'emploi, du travail\net des solidarit\u00e9s de C\u00f4te-d'Or\n21-2025-09-15-00001\nRAA R\u00e9c\u00e9piss\u00e9 Cadoux Adeline sign\u00e9\nn\u00b0SAP990357105\nDirection d\u00e9partementale de l'emploi, du travail et des solidarit\u00e9s de C\u00f4te-d'Or - 21-2025-09-15-00001 - RAA R\u00e9c\u00e9piss\u00e9 Cadoux\nAdeline sign\u00e9 n\u00b0SAP990357105 3\nDirection D\u00e9partementale de l'Emploi, \ndu Travail et des Solidarit\u00e9s - DDETS \nDDETS 21, 6 Rue Chancelier de l'Hospital - 21000 DIJON  \nT\u00e9l. : 03 80 68 30 00 (Accueil) \nwww.cote-dor.gouv.fr \nAffaire suivie par Marie B\u00e9grand                          Dijon, le 15/09/2025     \nUnit\u00e9 Formation Emploi Insertion, \nT\u00e9l : 03 80 68 39 04 // 07 63 24 34 60 \nCourriel : marie.begrand@cote-dor.gouv.fr     \n  \n \n                      \n \n \n \n \n \n \n \nDirection d\u00e9partementale de l'emploi, du travail et des solidarit\u00e9s de C\u00f4te-d'Or - 21-2025-09-15-00001 - RAA R\u00e9c\u00e9piss\u00e9 Cadoux\nAdeline sign\u00e9 n\u00b0SAP990357105 4\nDDETS 21, 6 Rue Chancelier de l'Hospital - 21000 DIJON  \nT\u00e9l. : 03 80 68 30 00 (Accueil) \nwww.cote-dor.gouv.fr \n \n \n \n \n \n \n \nPour le Pr\u00e9fet de C\u00f4te d'Or \nEt par subd\u00e9l\u00e9gation de \nla Directrice D\u00e9partementale emp\u00each\u00e9e, \n   \nLa Responsable de l'Unit\u00e9, Formation, Emploi et Insertion, \nSign\u00e9  \n \nMarie BEGRAND \nDirection d\u00e9partementale de l'emploi, du travail et des solidarit\u00e9s de C\u00f4te-d'Or - 21-2025-09-15-00001 - RAA R\u00e9c\u00e9piss\u00e9 Cadoux\nAdeline sign\u00e9 n\u00b0SAP990357105 5\nDirection d\u00e9partementale de l'emploi, du travail\net des solidarit\u00e9s de C\u00f4te-d'Or\n21-2025-09-15-00002\nRAA R\u00e9c\u00e9piss\u00e9 Gerbandier St\u00e9phanie sign\u00e9\nn\u00b0SAP852521988\nDirection d\u00e9partementale de l'emploi, du travail et des solidarit\u00e9s de C\u00f4te-d'Or - 21-2025-09-15-00002 - RAA R\u00e9c\u00e9piss\u00e9 Gerbandier\nSt\u00e9phanie sign\u00e9 n\u00b0SAP852521988 6\nDirection D\u00e9partementale de l'Emploi, \ndu Travail et des Solidarit\u00e9s - DDETS \nDDETS 21, 6 Rue Chancelier de l'Hospital - 21000 DIJON  \nT\u00e9l. : 03 80 68 30 00 (Accueil) \nwww.cote-dor.gouv.fr \nAffaire suivie par Marie B\u00e9grand                          Dijon, le 15/09/2025     \nUnit\u00e9 Formation Emploi Insertion, \nT\u00e9l : 03 80 68 39 04 // 07 63 24 34 60 \nCourriel : marie.begrand@cote-dor.gouv.fr     \n  \n \n                     \n \n \n \n \n \n \nDirection d\u00e9partementale de l'emploi, du travail et des solidarit\u00e9s de C\u00f4te-d'Or - 21-2025-09-15-00002 - RAA R\u00e9c\u00e9piss\u00e9 Gerbandier\nSt\u00e9phanie sign\u00e9 n\u00b0SAP852521988 7\nDDETS 21, 6 Rue Chancelier de l'Hospital - 21000 DIJON  \nT\u00e9l. : 03 80 68 30 00 (Accueil) \nwww.cote-dor.gouv.fr \n \n \n \n \n \n \n \nPour le Pr\u00e9fet de C\u00f4te d'Or \nEt par subd\u00e9l\u00e9gation de \nla Directrice D\u00e9partementale emp\u00each\u00e9e, \n   \nLa Responsable de l'Unit\u00e9, Formation, Emploi et Insertion, \nSign\u00e9  \n \nMarie BEGRAND \nDirection d\u00e9partementale de l'emploi, du travail et des solidarit\u00e9s de C\u00f4te-d'Or - 21-2025-09-15-00002 - RAA R\u00e9c\u00e9piss\u00e9 Gerbandier\nSt\u00e9phanie sign\u00e9 n\u00b0SAP852521988 8\nDirection d\u00e9partementale de la protection des\npopulations de la C\u00f4te-d'Or\nService Sant\u00e9 et Protections animales, Protection\nde l'Environnement\n21-2025-09-11-00005\nArr\u00eat\u00e9 pr\u00e9fectoral N\u00b01390/2025 en date du 11\nseptembre 2025 attribuant l habilitation\nsanitaire \u00e0 Maxime KITTEL\nDirection d\u00e9partementale de la protection des populations de la C\u00f4te-d'Or - 21-2025-09-11-00005 - Arr\u00eat\u00e9 pr\u00e9fectoral N\u00b01390/2025 en\ndate du 11 septembre 2025 attribuant l habilitation sanitaire \u00e0 Maxime KITTEL 9\n \n \n \n \n \n \n \n \n \n \n \n \n \n \n \n \n \n \n \nDirection d\u00e9partementale de la protection des populations de la C\u00f4te-d'Or - 21-2025-09-11-00005 - Arr\u00eat\u00e9 pr\u00e9fectoral N\u00b01390/2025 en\ndate du 11 septembre 2025 attribuant l habilitation sanitaire \u00e0 Maxime KITTEL 10\n  \n \n \n \n \n \n \n \n \n \n \n \n \n \n \n \nDirection d\u00e9partementale de la protection des populations de la C\u00f4te-d'Or - 21-2025-09-11-00005 - Arr\u00eat\u00e9 pr\u00e9fectoral N\u00b01390/2025 en\ndate du 11 septembre 2025 attribuant l habilitation sanitaire \u00e0 Maxime KITTEL 11\nDirection d\u00e9partementale des territoires de la\nC\u00f4te-d'Or\nService de l'eau et des risques\n21-2025-09-12-00012\nArr\u00eat\u00e9 pr\u00e9fectoral n\u00b01407 du 12 septembre 2025 \nportant constat de franchissement du seuil de\nvigilance des usages de l'eau \nsur l'ensemble du territoire du d\u00e9partement de\nla C\u00f4te-d'Or\nDirection d\u00e9partementale des territoires de la C\u00f4te-d'Or - 21-2025-09-12-00012 - Arr\u00eat\u00e9 pr\u00e9fectoral n\u00b01407 du 12 septembre 2025 \nportant constat de franchissement du seuil de vigilance des usages de l'eau \nsur l'ensemble du territoire du d\u00e9partement de la C\u00f4te-d'Or\n12\nDirection d\u00e9partementale des territoires\nde la C\u00f4te-d'Or\nService de l'eau et des risques\nBureau police de l'eau\nT\u00e9l\u00a0:\u00a003.80.29.43.57\nm\u00e9l\u00a0:\u00a0ddt-ser-pe@cote-dor.gouv.fr\nArr\u00eat\u00e9 pr\u00e9fectoral n\u00b01407 du 12 septembre 2025 \nportant\u00a0constat\u00a0de\u00a0franchissement\u00a0du\u00a0seuil\u00a0de\u00a0vigilance\u00a0des\u00a0usages\u00a0de\u00a0l'eau\u00a0\nsur\u00a0l'ensemble\u00a0du\u00a0territoire\u00a0du\u00a0d\u00e9partement\u00a0de\u00a0la\u00a0C\u00f4te-d'Or\nPr\u00e9fet\u00a0de\u00a0la\u00a0C\u00f4te-d'Or\nVU\u00a0le\u00a0code\u00a0de\u00a0l'environnement\u00a0et\u00a0notamment\u00a0l'article\u00a0L.211-3\u00a0;\nVU\u00a0le\u00a0code\u00a0de\u00a0la\u00a0sant\u00e9\u00a0publique\u00a0et\u00a0notamment\u00a0son\u00a0titre\u00a0II\u00a0;\nVU\u00a0le\u00a0code\u00a0g\u00e9n\u00e9ral\u00a0des\u00a0collectivit\u00e9s\u00a0territoriales\u00a0et\u00a0en\u00a0particulier\u00a0l'article\u00a0L.2212-2-5\u00a0;\nVU l'arr\u00eat\u00e9\u00a0pr\u00e9fectoral\u00a0cadre\u00a0n\u00b0\u00a01180\u00a0du\u00a015\u00a0juillet\u00a02024\u00a0relatif\u00a0\u00e0\u00a0la\u00a0gestion\u00a0de\u00a0la\u00a0ressource\u00a0en\neau\u00a0en\u00a0p\u00e9riode\u00a0d'\u00e9tiage\u00a0sur\u00a0le\u00a0d\u00e9partement\u00a0de\u00a0la\u00a0C\u00f4te-d'Or\u00a0;\u00a0\nVU  l'arr\u00eat\u00e9\u00a0cadre\u00a0interd\u00e9partemental\u00a0n\u00b01179\u00a0du\u00a015\u00a0juillet\u00a02024\u00a0relatif\u00a0\u00e0\u00a0la\u00a0gestion\u00a0de\u00a0la\nressource\u00a0en\u00a0eau\u00a0en\u00a0p\u00e9riode\u00a0d'\u00e9tiage\u00a0sur\u00a0l'axe\u00a0Sa\u00f4ne\u00a0;\u00a0\nVU  l'arr\u00eat\u00e9\u00a0pr\u00e9fectoral\u00a0n\u00b0\u00a01330\u00a0du\u00a027\u00a0ao\u00fbt\u00a02025\u00a0portant\u00a0constat\u00a0de\u00a0franchissement\u00a0de\nseuils\u00a0entra\u00eenant\u00a0la\u00a0limitation\u00a0ou\u00a0la\u00a0suspension\u00a0provisoire\u00a0de\u00a0certains\u00a0usages\u00a0de\u00a0l'eau\u00a0sur\u00a0le\nterritoire\u00a0du\u00a0d\u00e9partement\u00a0de\u00a0la\u00a0C\u00f4te-d'Or\u00a0;\nVU\u00a0le\u00a0bulletin\u00a0hydrologique\u00a0r\u00e9alis\u00e9\u00a0par\u00a0la\u00a0DREAL\u00a0Bourgogne-Franche-Comt\u00e9\u00a0le\u00a08\u00a0septembre\n2025\u00a0;\nCONSID\u00c9RANT le\u00a0principe\u00a0d'une\u00a0gestion\u00a0\u00e9quilibr\u00e9e\u00a0et\u00a0durable\u00a0de\u00a0la\u00a0ressource\u00a0en\u00a0eau\u00a0;\nCONSID\u00c9RANT  que\u00a0la\u00a0gestion\u00a0\u00e9quilibr\u00e9e\u00a0de\u00a0la\u00a0ressource\u00a0doit\u00a0permettre\u00a0en\u00a0priorit\u00e9\u00a0de\nsatisfaire\u00a0les\u00a0exigences\u00a0de\u00a0la\u00a0sant\u00e9,\u00a0de\u00a0la\u00a0salubrit\u00e9\u00a0publique,\u00a0de\u00a0la\u00a0s\u00e9curit\u00e9\u00a0civile\u00a0et\u00a0de\nl'alimentation\u00a0en\u00a0eau\u00a0potable\u00a0de\u00a0la\u00a0population\u00a0;\u00a0elle\u00a0doit\u00a0\u00e9galement\u00a0permettre\u00a0de\nsatisfaire\u00a0ou\u00a0concilier,\u00a0lors\u00a0des\u00a0diff\u00e9rents\u00a0usages,\u00a0activit\u00e9s\u00a0ou\u00a0travaux,\u00a0notamment\u00a0les\nexigences\u00a0de\u00a0l'agriculture,\u00a0de\u00a0la\u00a0p\u00eache\u00a0en\u00a0eau\u00a0douce,\u00a0de\u00a0l'industrie,\u00a0de\u00a0la\u00a0production\nd'\u00e9nergie,\u00a0en\u00a0particulier\u00a0pour\u00a0assurer\u00a0la\u00a0s\u00e9curit\u00e9\u00a0du\u00a0syst\u00e8me\u00a0\u00e9lectrique,\u00a0des\u00a0transports,\u00a0du\ntourisme,\u00a0de\u00a0la\u00a0protection\u00a0des\u00a0sites,\u00a0des\u00a0loisirs\u00a0et\u00a0des\u00a0sports\u00a0nautiques\u00a0ainsi\u00a0que\u00a0de\u00a0toutes\nautres\u00a0activit\u00e9s\u00a0humaines\u00a0l\u00e9galement\u00a0exerc\u00e9es\u00a0;\nCONSID\u00c9RANT  que\u00a0le\u00a0pr\u00e9fet\u00a0peut\u00a0prendre\u00a0des\u00a0mesures\u00a0de\u00a0limitation\u00a0ou\u00a0de\u00a0suspension\nprovisoire\u00a0des\u00a0usages\u00a0de\u00a0l'eau,\u00a0pour\u00a0faire\u00a0face\u00a0\u00e0\u00a0une\u00a0menace\u00a0ou\u00a0aux\u00a0cons\u00e9quences\nd'accidents,\u00a0de\u00a0s\u00e9cheresse,\u00a0d'inondations\u00a0ou\u00a0\u00e0\u00a0un\u00a0risque\u00a0de\u00a0p\u00e9nurie\u00a0;\u00a0\n1\nDirection\u00a0d\u00e9partementale\u00a0des\u00a0territoires\u00a0de\u00a0la\u00a0C\u00f4te-d'Or\n57,\u00a0rue\u00a0de\u00a0Mulhouse\u00a0-\u00a0BP\u00a053317\u00a0-\u00a021033\u00a0Dijon\u00a0CEDEX\nT\u00e9l.\u00a0:\u00a003\u00a080\u00a029\u00a044\u00a044\nCourriel\u00a0:\u00a0ddt@cote-dor.gouv.fr\u00a0-\u00a0Site\u00a0internet\u00a0:\u00a0\nhttp://www.cote-dor.gouv.fr\nDirection d\u00e9partementale des territoires de la C\u00f4te-d'Or - 21-2025-09-12-00012 - Arr\u00eat\u00e9 pr\u00e9fectoral n\u00b01407 du 12 septembre 2025 \nportant constat de franchissement du seuil de vigilance des usages de l'eau \nsur l'ensemble du territoire du d\u00e9partement de la C\u00f4te-d'Or\n13\nCONSID\u00c9RANT  la\u00a0situation\u00a0hydrologique\u00a0actuelle\u00a0et\u00a0notamment\u00a0l'augmentation\u00a0des\nd\u00e9bits\u00a0de\u00a0certains\u00a0cours\u00a0d'eau\u00a0constat\u00e9e\u00a0par\u00a0les\u00a0relev\u00e9s\u00a0\u00e9tablis\u00a0par\u00a0la\u00a0direction\u00a0r\u00e9gionale\nde\u00a0l'environnement,\u00a0de\u00a0l'am\u00e9nagement\u00a0et\u00a0du\u00a0logement\u00a0Bourgogne\u00a0Franche-Comt\u00e9\u00a0et\u00a0par\nl'examen\u00a0des\u00a0d\u00e9bits\u00a0instantan\u00e9s\u00a0au\u00a0regard\u00a0des\u00a0pluies\u00a0significatives\u00a0intervenues\u00a0ces\nderni\u00e8res\u00a0semaines\u00a0;\nCONSID\u00c9RANT les\u00a0pr\u00e9visions\u00a0m\u00e9t\u00e9orologiques\u00a0;\nCONSID\u00c9RANT que\u00a0la\u00a0ressource\u00a0en\u00a0eau\u00a0reste\u00a0fragile\u00a0et\u00a0n\u00e9cessite\u00a0de\u00a0mettre\u00a0en\u00a0place\u00a0des\nmesures\u00a0g\u00e9n\u00e9rales\u00a0de\u00a0sensibilisation\u00a0et\u00a0de\u00a0communication\u00a0en\u00a0faveur\u00a0des\u00a0\u00e9conomies\nd'eau\u00a0;\nSUR\u00a0proposition\u00a0du\u00a0secr\u00e9taire\u00a0g\u00e9n\u00e9ral\u00a0de\u00a0la\u00a0pr\u00e9fecture\u00a0de\u00a0la\u00a0C\u00f4te-d'Or\u00a0;\nA R R \u00ca T E\nARTICLE 1  er  \u00a0:\u00a0Constat de franchissement des seuils\nLe\u00a0tableau\u00a0ci-dessous\u00a0fixe\u00a0pour\u00a0chaque\u00a0zone\u00a0d'alerte\u00a0le\u00a0niveau\u00a0de\u00a0gravit\u00e9\u00a0constat\u00e9\u00a0(seuils\nde\u00a0vigilance,\u00a0d'alerte,\u00a0d'alerte\u00a0renforc\u00e9e,\u00a0de\u00a0crise)\u00a0:\nN\u00b0 de la zone\nd'alerte Bassin versant Rh\u00f4ne-M\u00e9diterran\u00e9e Constat de franchissement \nde seuils\nRM\u00a01 Sa\u00f4ne\u00a0moyenne Vigilance\nRM\u00a02 Tille\u00a0amont\u00a0\u2013\u00a0Ignon\u00a0\u2013\u00a0Venelle Vigilance\nRM\u00a03 Vingeanne\u00a0 Vigilance\nRM\u00a04 B\u00e8ze\u00a0\u2013\u00a0Albane Vigilance\nRM\u00a05 Tille\u00a0aval\u00a0\u2013\u00a0Norges Vigilance\nRM\u00a06 Vouge\u00a0\u2013\u00a0Bi\u00e8tre\u00a0\u2013\u00a0Cent\u00a0Fonts Vigilance\nRM\u00a07 Bouzaise\u00a0\u2013\u00a0Lauve\u00a0\u2013\u00a0Rhoin\u00a0\u2013\u00a0Meuzin Vigilance\nRM\u00a08 Dheune\u00a0\u2013\u00a0Avant\u00a0Dheune Vigilance\nRM\u00a09 Ouche\u00a0amont\u00a0\u2013\u00a0Suzon\u00a0\u2013\u00a0Vandenesse Vigilance\nRM\u00a010 Ouche\u00a0aval Vigilance\nBassin versant Seine-Normandie\nSN\u00a011 Serein\u00a0amont\u00a0\u2013\u00a0Roman\u00e9e Vigilance\nSN\u00a012 Arman\u00e7on\u00a0amont\u00a0\u2013\u00a0Brenne Vigilance\nSN\u00a013 Ch\u00e2tillonnais* Vigilance\nBassin versant Loire-Bretagne\nLB\u00a014 Arroux\u00a0\u2013\u00a0Lacanche Vigilance\n* La zone d'alerte du Ch\u00e2tillonnais regroupe la Seine, l'Ource, l'Aube, la Laignes et la Petite\nLaignes\nLa\u00a0carte\u00a0d\u00e9partementale\u00a0constatant\u00a0cette\u00a0situation\u00a0figure\u00a0en\u00a0annexe\u00a01\u00a0du\u00a0pr\u00e9sent\u00a0arr\u00eat\u00e9.\n2\nDirection d\u00e9partementale des territoires de la C\u00f4te-d'Or - 21-2025-09-12-00012 - Arr\u00eat\u00e9 pr\u00e9fectoral n\u00b01407 du 12 septembre 2025 \nportant constat de franchissement du seuil de vigilance des usages de l'eau \nsur l'ensemble du territoire du d\u00e9partement de la C\u00f4te-d'Or\n14\nARTICLE 2     :   Mesures de sensibilisation et de communication sur les usages de l'eau\nDans\u00a0ces\u00a0zones\u00a0d'alerte,\u00a0les\u00a0mesures\u00a0de\u00a0sensibilisation\u00a0et\u00a0de\u00a0communication\u00a0en\u00a0faveur\u00a0des\n\u00e9conomies\u00a0d'eau\u00a0s'appliquent\u00a0selon\u00a0les\u00a0dispositions\u00a0pr\u00e9vues\u00a0par\u00a0:\u00a0\n\u2022 Pour\u00a0la\u00a0zone\u00a0d'alerte\u00a0\u00a0 \u00a0\u00a0\u00ab\u00a0\u00a0\u00a0\u00a0\u00a0RM1\u00a0Sa\u00f4ne\u00a0moyenne\u00a0 \u00a0\u00a0\u00a0\u00a0\u00bb\u00a0\u00a0\u00a0\u00a0\u00a0:\u00a0\u00a0\nl'arr\u00eat\u00e9\u00a0cadre\u00a0interd\u00e9partemental\u00a0n\u00b0\u00a01179\u00a0du\u00a015\u00a0juillet\u00a02024\u00a0relatif\u00a0\u00e0\u00a0la\u00a0gestion\u00a0de\u00a0la\nressource\u00a0en\u00a0eau\u00a0en\u00a0p\u00e9riode\u00a0d'\u00e9tiage\u00a0sur\u00a0l'axe\u00a0Sa\u00f4ne.\n\u2022 Pour\u00a0les\u00a0autres\u00a0zones\u00a0d'alerte\u00a0du\u00a0d\u00e9partement\u00a0 \u00a0\u00a0\u00a0\u00a0:\u00a0\u00a0\nl'arr\u00eat\u00e9\u00a0pr\u00e9fectoral\u00a0cadre\u00a0n\u00b0\u00a01180\u00a0du\u00a015\u00a0juillet\u00a02024\u00a0relatif\u00a0\u00e0\u00a0la\u00a0gestion\u00a0de\u00a0la\u00a0ressource\u00a0en\neau\u00a0en\u00a0p\u00e9riode\u00a0d'\u00e9tiage\u00a0sur\u00a0le\u00a0d\u00e9partement\u00a0de\u00a0la\u00a0C\u00f4te-d'Or.\u00a0\nARTICLE   3     : Publication\nLe\u00a0pr\u00e9sent\u00a0arr\u00eat\u00e9\u00a0sera\u00a0publi\u00e9\u00a0au\u00a0recueil\u00a0des\u00a0actes\u00a0administratifs\u00a0de\u00a0la\u00a0pr\u00e9fecture\u00a0de\u00a0la\nC\u00f4te-d'Or\u00a0ainsi\u00a0que\u00a0sur \u00a0le\u00a0site\u00a0internet\u00a0des\u00a0services\u00a0de \u00a0l'\u00c9tat\u00a0 en\u00a0C\u00f4te-d'Or\u00a0-\nhttp://www.cote-dor.gouv.fr\nIl\u00a0sera\u00a0disponible\u00a0sur\u00a0le\u00a0site\u00a0internet\u00a0national\u00a0VigiEau\u00a0-\u00a0https://vigieau.gouv.fr\nIl\u00a0sera\u00a0transmis\u00a0aux\u00a0maires\u00a0du\u00a0d\u00e9partement\u00a0aux\u00a0fins\u00a0d'affichage.\nARTICLE   4     : Dur\u00e9e de validit\u00e9 de l'arr\u00eat\u00e9\nCes\u00a0mesures\u00a0s'appliquent\u00a0\u00e0\u00a0compter\u00a0de\u00a0la\u00a0parution\u00a0du\u00a0pr\u00e9sent\u00a0arr\u00eat\u00e9\u00a0au\u00a0recueil\u00a0des\u00a0actes\nadministratifs\u00a0de\u00a0la\u00a0pr\u00e9fecture\u00a0jusqu'au\u00a015\u00a0novembre\u00a02025\u00a0Elles\u00a0pourront\u00a0\u00eatre\u00a0revues\u00a0et\ncompl\u00e9t\u00e9es \u00a0 en \u00a0 tant \u00a0 que \u00a0 de \u00a0 besoin, \u00a0 en \u00a0 cas \u00a0 de \u00a0 modifications \u00a0 des \u00a0 conditions\nm\u00e9t\u00e9orologiques\u00a0ou\u00a0hydrologiques,\u00a0tel\u00a0qu'il\u00a0est\u00a0pr\u00e9vu\u00a0par\u00a0l'arr\u00eat\u00e9\u00a0cadre\u00a0n\u00b0\u00a01180\u00a0du\u00a015\u00a0juillet\n2024\u00a0relatif\u00a0\u00e0\u00a0la\u00a0gestion\u00a0de\u00a0la\u00a0ressource\u00a0en\u00a0eau\u00a0en\u00a0p\u00e9riode\u00a0d'\u00e9tiage\u00a0sur\u00a0le\u00a0d\u00e9partement\u00a0de\nla\u00a0C\u00f4te-d'Or\u00a0et\u00a0par\u00a0l'arr\u00eat\u00e9\u00a0cadre\u00a0interd\u00e9partemental\u00a0n\u00b0\u00a01179\u00a0du\u00a015\u00a0juillet\u00a02024\u00a0relatif\u00a0\u00e0\u00a0la\ngestion\u00a0de\u00a0la\u00a0ressource\u00a0en\u00a0eau\u00a0en\u00a0p\u00e9riode\u00a0d'\u00e9tiage\u00a0sur\u00a0l'axe\u00a0Sa\u00f4ne.\nARTICLE   5   : Abrogation\nL'arr\u00eat\u00e9\u00a0pr\u00e9fectoral\u00a0n\u00b0\u00a01330\u00a0du\u00a027\u00a0ao\u00fbt\u00a02025\u00a0portant\u00a0constat\u00a0de\u00a0franchissement\u00a0de\u00a0seuils\nentra\u00eenant\u00a0la\u00a0limitation\u00a0ou\u00a0la\u00a0suspension\u00a0provisoire\u00a0de\u00a0certains\u00a0usages\u00a0de\u00a0l'eau\u00a0sur\u00a0le\nterritoire\u00a0du\u00a0d\u00e9partement\u00a0de\u00a0la\u00a0C\u00f4te-d'Or\u00a0est\u00a0abrog\u00e9.\nARTICLE   6     : Ex\u00e9cution\nLe\u00a0secr\u00e9taire\u00a0g\u00e9n\u00e9ral\u00a0de\u00a0la\u00a0pr\u00e9fecture\u00a0de\u00a0la\u00a0C\u00f4te-d'Or,\u00a0le\u00a0sous-pr\u00e9fet\u00a0de\u00a0Beaune,\u00a0le\u00a0sous-\npr\u00e9fet\u00a0de\u00a0Montbard,\u00a0 la\u00a0 directrice\u00a0d\u00e9partementale\u00a0 des\u00a0territoires\u00a0 de\u00a0la\u00a0C\u00f4te-d'Or, \u00a0le\ndirecteur\u00a0 r\u00e9gional\u00a0de\u00a0l'environnement,\u00a0de\u00a0l'am\u00e9nagement\u00a0et\u00a0du\u00a0logement\u00a0 Bourgogne\nFranche-Comt\u00e9,\u00a0le\u00a0directeur\u00a0g\u00e9n\u00e9ral\u00a0de\u00a0l'agence\u00a0r\u00e9gionale\u00a0de\u00a0sant\u00e9\u00a0de\u00a0Bourgogne\u00a0Franche-\nComt\u00e9, \u00a0le\u00a0 directeur\u00a0 r\u00e9gional\u00a0de\u00a0l'environnement,\u00a0de\u00a0l'am\u00e9nagement\u00a0et\u00a0du\u00a0logement\nAuvergne \u00a0Rh\u00f4ne-Alpes,\u00a0le\u00a0chef\u00a0du\u00a0service\u00a0d\u00e9partemental\u00a0de\u00a0l'office\u00a0fran\u00e7ais\u00a0de\u00a0la\nbiodiversit\u00e9,\u00a0le\u00a0commandant\u00a0du\u00a0groupement\u00a0de\u00a0gendarmerie,\u00a0le\u00a0directeur\u00a0d\u00e9partemental\nde\u00a0la\u00a0s\u00e9curit\u00e9\u00a0publique,\u00a0les\u00a0maires,\u00a0les\u00a0pr\u00e9sidents\u00a0des\u00a0\u00e9tablissements\u00a0publics\u00a0de\ncoop\u00e9ration\u00a0intercommunale\u00a0ayant\u00a0comp\u00e9tence\u00a0en\u00a0mati\u00e8re\u00a0d'alimentation\u00a0en\u00a0eau\npotable,\u00a0sont\u00a0charg\u00e9s,\u00a0chacun\u00a0en\u00a0ce\u00a0qui\u00a0le\u00a0concerne,\u00a0d'assurer\u00a0l'ex\u00e9cution\u00a0du\u00a0pr\u00e9sent\narr\u00eat\u00e9.\nFait\u00a0\u00e0\u00a0Dijon,\u00a0le\u00a012\u00a0septembre\u00a02025\nLe\u00a0Pr\u00e9fet,\nsign\u00e9\nPaul\u00a0MOURIER\n3\nDirection d\u00e9partementale des territoires de la C\u00f4te-d'Or - 21-2025-09-12-00012 - Arr\u00eat\u00e9 pr\u00e9fectoral n\u00b01407 du 12 septembre 2025 \nportant constat de franchissement du seuil de vigilance des usages de l'eau \nsur l'ensemble du territoire du d\u00e9partement de la C\u00f4te-d'Or\n15\nPr\u00e9fecture de la C\u00f4te-d'Or\nDirection des Collectivit\u00e9s locales et des\nElections \n21-2025-09-12-00011\nArr\u00eat\u00e9 pr\u00e9fectoral 1406 portant renouvellement\ndu centre de formation taxis  I2FT\nPr\u00e9fecture de la C\u00f4te-d'Or - 21-2025-09-12-00011 - Arr\u00eat\u00e9 pr\u00e9fectoral 1406 portant renouvellement du centre de formation taxis  I2FT 16\nDirection des collectivit\u00e9s locales et des \u00e9lections\nBureau des \u00c9lections et de la R\u00e9glementation Dijon, le 12 septembre 2025\nArr\u00eat\u00e9 n\u00b01406\nportant renouvellement de l'agr\u00e9ment de l'Institut Francilien de Formation du Taxi (I2FT) \nen vue d'assurer la pr\u00e9paration au certificat de capacit\u00e9 professionnelle des conducteurs de taxi,\n leur formation continue et la formation \u00e0 la mobilit\u00e9\nLe Pr\u00e9fet de la r\u00e9gion Bourgogne-Franche-Comt\u00e9\nPr\u00e9fet de la C\u00f4te-d'Or\nVU le code du Travail ;\nVU le code des Transports et notamment ses articles R 3120-7 et R 3120-9 modifi\u00e9s ;\nVU le d\u00e9cret n\u00b02017-236 du 24 f\u00e9vrier 2017 portant cr\u00e9ation de l'Observatoire National des\nTransports  Publics  Particuliers  de  Personnes,  du  Comit\u00e9  National  des  Transports  Publics\nParticuliers de Personnes et des Commissions Locales des Transports Publics Particuliers de\nPersonnes ;\nVU le d\u00e9cret n\u00b02017-483 du 6 avril 2017 relatif aux activit\u00e9s de transport public particulier de\npersonnes et actualisant diverses dispositions du code des Transports ;\nVU l'arr\u00eat\u00e9 minist\u00e9riel du 11 ao\u00fbt 2017 relatif \u00e0 l'agr\u00e9ment des centres de formation habilit\u00e9s \u00e0\ndispenser  la  formation  initiale,  la  formation  continue  et  \u00e0  la  formation  \u00e0  la  mobilit\u00e9  des\nconducteurs de taxi ;\nVU l'arr\u00eat\u00e9 pr\u00e9fectoral n\u00b01009 du 1er octobre 2020 portant renouvellement de l'agr\u00e9ment  de\nl'Institut Francilien de Formation du Taxi (I2FT)  en vue d'assurer la pr\u00e9paration au certificat de\ncapacit\u00e9 professionnelle des conducteurs de taxi, leur formation continue et la formation \u00e0 la\nmobilit\u00e9  ;\nVU l'arr\u00eat\u00e9  pr\u00e9fectoral  n\u00b0  813  /  SG  du  13  juin  2025  donnant  d\u00e9l\u00e9gation  de  signature  \u00e0\nM. Denis BRUEL, Secr\u00e9taire G\u00e9n\u00e9ral de la Pr\u00e9fecture de la C\u00f4te d'Or ;\nVU la demande et les documents fournis par M. Jean-Michel REBOURS, Pr\u00e9sident de l'Institut\nFrancilien de Formation du Taxi (I2FT) en vue d'obtenir le renouvellement de cet agr\u00e9ment ;\nSUR proposition du Secr\u00e9taire G\u00e9n\u00e9ral de la Pr\u00e9fecture de la C\u00f4te-d'Or ;\nA R R E T E\nArticle 1er :  Le centre de formation Institut Francilien de Formation du Taxi (I2FT) dont le si\u00e8ge\nsocial est situ\u00e9 219 rue de la Croix Nivert \u00e0 75015 PARIS est agr\u00e9\u00e9 sous le n\u00b02025-2 pour\nPr\u00e9fecture de la C\u00f4te-d'Or \n53 rue de la Pr\u00e9fecture - 21041 DIJON cedex\nt\u00e9l : 03 80 44 64 00  Site internet : http://www.cote-dor.gouv.fr\nPr\u00e9fecture de la C\u00f4te-d'Or - 21-2025-09-12-00011 - Arr\u00eat\u00e9 pr\u00e9fectoral 1406 portant renouvellement du centre de formation taxis  I2FT 17\nassurer la pr\u00e9paration de l'ensemble des \u00e9preuves du certificat de capacit\u00e9 professionnelle des\nconducteurs de taxi, la formation continue et la formation \u00e0 la mobilit\u00e9 dans le d\u00e9partement de la\nC\u00f4te d'Or.\nL'enseignement sera dispens\u00e9 dans les locaux de la Maison Dioc\u00e9saine et du Clerg\u00e9 situ\u00e9e\n9 B boulevard Voltaire \u00e0 21000 DIJON.\nArticle 2  : L'agr\u00e9ment  est d\u00e9livr\u00e9 pour une p\u00e9riode de cinq ans \u00e0 compter de la date de\nsignature du pr\u00e9sent arr\u00eat\u00e9. La demande de renouvellement doit \u00eatre formul\u00e9e trois mois avant\nl'\u00e9ch\u00e9ance de l'agr\u00e9ment en cours.\nArticle 3     : Le dirigeant du centre de formation est tenu :\n1 \u2013 d'afficher dans les locaux de mani\u00e8re visible le num\u00e9ro d'agr\u00e9ment, le programme de\nformation ;\n2  \u2013  de  faire  figurer  le  num\u00e9ro  d'agr\u00e9ment  sur  toute  correspondance  et  tout  document\ncommercial ;\n3 \u2013 d'informer le public sur les prix dans les conditions pr\u00e9vues par l'article L113-3 du code de la\nconsommation et de ses textes d'application.\nArticle 4 : Les v\u00e9hicules utilis\u00e9s pour les formations doivent \u00eatre conformes aux prescriptions de\nl'article 4 de l'arr\u00eat\u00e9 du 11 ao\u00fbt 2017 relatif \u00e0 l'agr\u00e9ment des centres de formation habilit\u00e9s \u00e0\ndispenser la formation initiale et continue des conducteurs de taxi et des conducteurs de voiture\nde transport avec chauffeur ;\nArticle 5 : Le dirigeant du centre de formation adresse au pr\u00e9fet un rapport annuel sur l'activit\u00e9\nde son organisme de formation en mentionnant :\n- le  nombre de personnes ayant suivi  les formations \u00e0 tout ou partie de l'examen du\ncertificat de capacit\u00e9 professionnelle de conducteur de taxi et le taux de r\u00e9ussite aux\ndiff\u00e9rentes unit\u00e9s de valeurs,\n- le nombre et l'identit\u00e9 des conducteurs de taxi ayant suivi la formation continue,\n- le nombre et l'identit\u00e9 des conducteurs de taxi ayant suivi la formation \u00e0 la mobilit\u00e9.\nArticle 6 : Tout changement dans le contenu de la demande initiale, doit imp\u00e9rativement \u00eatre\ncommuniqu\u00e9 au pr\u00e9fet dans les meilleurs d\u00e9lais.\nArticle 7 : En cas de non respect des modalit\u00e9s de fonctionnement du pr\u00e9sent arr\u00eat\u00e9 ou des\ndispositions de l'arr\u00eat\u00e9 minist\u00e9riel du 11 ao\u00fbt 2017 relatif \u00e0 l'agr\u00e9ment des centres de formation\nhabilit\u00e9s \u00e0 dispenser la formation initiale, la formation continue et \u00e0 la formation \u00e0 la mobilit\u00e9  des\nconducteurs  de  taxi le  Pr\u00e9fet peut donner un  avertissement, suspendre, retirer ou ne  pas\nrenouveler l'agr\u00e9ment de l'organisme de formation.\nArticle 8 : Le Secr\u00e9taire G\u00e9n\u00e9ral de la Pr\u00e9fecture de la C\u00f4te-d'Or est charg\u00e9 de l'ex\u00e9cution du\npr\u00e9sent arr\u00eat\u00e9 qui sera publi\u00e9 au recueil des actes administratifs de la Pr\u00e9fecture de la C\u00f4te-d'Or\net notifi\u00e9 au b\u00e9n\u00e9ficiaire.\nFait \u00e0 Dijon, 12 septembre 2025\nLe Pr\u00e9fet,\nPour le Pr\u00e9fet et par d\u00e9l\u00e9gation,\nLe Secr\u00e9taire G\u00e9n\u00e9ral,\nsign\u00e9 : Denis BRUEL\nPr\u00e9fecture de la C\u00f4te-d'Or \n53 rue de la Pr\u00e9fecture - 21041 DIJON cedex\nt\u00e9l : 03 80 44 64 00  Site internet : http://www.cote-dor.gouv.fr \nPr\u00e9fecture de la C\u00f4te-d'Or - 21-2025-09-12-00011 - Arr\u00eat\u00e9 pr\u00e9fectoral 1406 portant renouvellement du centre de formation taxis  I2FT 18\nPr\u00e9fecture de la C\u00f4te-d'Or\nDirection des Collectivit\u00e9s locales et des\nElections \n21-2025-09-11-00006\nArr\u00eat\u00e9 pr\u00e9fectoral N\u00b0 1393 portant composition\nde la COE du tribunal de commerce de Dijon\nPr\u00e9fecture de la C\u00f4te-d'Or - 21-2025-09-11-00006 - Arr\u00eat\u00e9 pr\u00e9fectoral N\u00b0 1393 portant composition de la COE du tribunal de\ncommerce de Dijon 19\nDirection des collectivit\u00e9s locales et des \u00e9lections\nAffaire suivie par Eric FINOT                                            Dijon, le 11 septembre 2025                        \nBureau des \u00e9lections et de la r\u00e9glementation\nT\u00e9l : 03 80 44 65 43\nm\u00e9l : e  ric.finot  @cote-dor.gouv.fr  \nArr\u00eat\u00e9 N\u00b0 1393\nportant composition de la commission d'organisation de l'\u00e9lection des juges au tribunal de commerce de Dijon\nLe pr\u00e9fet de la r\u00e9gion Bourgogne-Franche-Comt\u00e9\nPr\u00e9fet de la C\u00f4te-d'Or\nVU les articles L.723-13 et R.723-8 du Code de Commerce ;\nVU l'arr\u00eat\u00e9 pr\u00e9fectoral n\u00b0 1343 du 19 ao\u00fbt 2025 relatif \u00e0 l'\u00e9lection des juges au tribunal de commerce de Dijon et\nportant convocation des \u00e9lecteurs;\nVU l'arr\u00eat\u00e9 pr\u00e9fectoral n \u00b0  813  / SG du 13 juin 2025 donnant d\u00e9l\u00e9gation de signature \u00e0 M.  Denis BRUEL,\nSecr\u00e9taire G\u00e9n\u00e9ral de la Pr\u00e9fecture de la C\u00f4te d'Or ;\nVU l'ordonnance de M. le premier pr\u00e9sident de la Cour d'appel de Dijon du 8 septembre 2025 ;\nSUR proposition de M. le Secr\u00e9taire G\u00e9n\u00e9ral de la Pr\u00e9fecture de la C\u00f4te-d'Or ;\nA R R E T E\nArticle 1er : La composition de la commission d'organisation de l'\u00e9lection des juges au tribunal de commerce de\nDijon pour le premier tour de scrutin est compos\u00e9e de :\nPr\u00e9sident  e   : Madame Catherine PERTUISOT, premi\u00e8re vice-pr\u00e9sidente.\nS  uppl\u00e9ante   : Madame Odile LEGRAND, premi\u00e8re vice-pr\u00e9sidente.\nMembres : \nMadame Aude RICHARD,  vice-pr\u00e9sidente qui pourra \u00eatre suppl\u00e9\u00e9e par M adame Laetitia\nTOSELLI, vice-pr\u00e9sidente.\nMonsieur S\u00e9bastien TRES directeur des collectivit\u00e9s locale et des \u00e9lections qui pourra \u00eatre\nsuppl\u00e9\u00e9  par  Madame  Delphine  HORNY  cheffe  du  bureau  des  \u00e9lections  et  de  la\nr\u00e9glementation.\nSecr\u00e9taire:  Ma\u00eetre Anne-Laure CROZAT, greffi\u00e8re administratrice provisoire du tribunal de\ncommerce de Dijon.\nLa commission proc\u00e9dera au d\u00e9pouillement des votes au tribunal de commerce de Dijon - salle de r\u00e9union au\n2\u00e9me \u00e9tage - le jeudi 9 octobre 2025 \u00e0 14 h 30.\nPr\u00e9fecture de la C\u00f4te-d'Or - 21041 DIJON Cedex\nT\u00e9l\u00e9phone : 03.80.44.65.43 \npref-elections@cote-dor.gouv.fr\nPr\u00e9fecture de la C\u00f4te-d'Or - 21-2025-09-11-00006 - Arr\u00eat\u00e9 pr\u00e9fectoral N\u00b0 1393 portant composition de la COE du tribunal de\ncommerce de Dijon 20\nArticle 2 : Dans l'\u00e9ventualit\u00e9 d'un second tour, la commission d'organisation de l'\u00e9lection des juges au tribunal de\ncommerce de Dijon, proc\u00e9dera au d\u00e9pouillement des votes au tribunal de commerce de Dijon - salle de r\u00e9union\nau 2\u00e9me \u00e9tage - le mercredi 22 octobre 2025 \u00e0 14 h 30 dans la formation suivante:\nPr\u00e9sident  e   : Madame Catherine PERTUISOT, premi\u00e8re vice-pr\u00e9sidente.\nSuppl\u00e9ante : Madame Nathalie POUX, pr\u00e9sidente du tribunal judiciaire de Dijon.\nMembres : \nMonsieur  Nicolas  BOLLON,  vice-pr\u00e9sident  qui  pourra  \u00eatre  suppl\u00e9\u00e9  par  Madame  Chlo\u00e9\nGARNIER, vice-pr\u00e9sidente.\nMonsieur S\u00e9bastien TRES directeur des collectivit\u00e9s locale et des \u00e9lections qui pourra \u00eatre\nsuppl\u00e9\u00e9  par  Madame  Delphine  HORNY  cheffe  du  bureau  des  \u00e9lections  et  de  la\nr\u00e9glementation.\nSecr\u00e9taire:  Ma\u00eetre Anne-Laure CROZAT ,  greffi\u00e8re administratrice provisoire du  tribunal de\ncommerce de Dijon.\nArticle 3 : Le Secr\u00e9taire G\u00e9n\u00e9ral de la Pr\u00e9fecture de la C\u00f4te d'Or est charg\u00e9 de l'ex\u00e9cution du pr\u00e9sent arr\u00eat\u00e9 qui\nsera publi\u00e9 au Recueil des Actes Administratifs de la Pr\u00e9fecture de la C\u00f4te d'Or.\nLe pr\u00e9fet,\nPour le pr\u00e9fet et par d\u00e9l\u00e9gation\nLe secr\u00e9taire g\u00e9n\u00e9ral,\nSign\u00e9 : Denis BRUEL\nPr\u00e9fecture de la C\u00f4te-d'Or - 21041 DIJON Cedex\nT\u00e9l\u00e9phone : 03.80.44.65.43 \npref-elections@cote-dor.gouv.fr\nPr\u00e9fecture de la C\u00f4te-d'Or - 21-2025-09-11-00006 - Arr\u00eat\u00e9 pr\u00e9fectoral N\u00b0 1393 portant composition de la COE du tribunal de\ncommerce de Dijon 21","date":"2025-09-15","first_seen_on":"2025-09-15T16:11:45+00:00","id":"da8283e0b4c9297ef3472b7ac43a6d72945b3f06c7e3cf15c637ce2ca8072b37","name":"RAA n\u00b0 124 du 15 septembre 2025","pdf_creation_date":"2025-09-15T14:24:25+00:00","pdf_modification_date":null,"timezone":"Europe/Paris","url":"https://www.cote-dor.gouv.fr/contenu/telechargement/24224/184204/file/recueil-21-2025-124-recueil-des-actes-administratifs-special.pdf"}
