{"administration":"pref80","administration_name":"Pr\u00e9fecture de la Somme","content":"PR\u00c9FET\nDE LA SOMME\nRECUEIL DES ACTES\nADMINISTRATIFS SP\u00c9CIAL\nN\u00b02026-089\nPUBLI\u00c9 LE  9 AVRIL 2026\nSommaire\nDirection D\u00e9partementale des Territoires et de la Mer /\n80-2026-04-09-00003 - ARRETE REGLEMENTATION CIRCULATION SANEF\n260409 131640 (2 pages) Page 3\n2\nDirection D\u00e9partementale des Territoires et de\nla Mer\n80-2026-04-09-00003\nARRETE REGLEMENTATION CIRCULATION\nSANEF 260409 131640\nDirection D\u00e9partementale des Territoires et de la Mer - 80-2026-04-09-00003 - ARRETE REGLEMENTATION CIRCULATION SANEF\n260409 131640 3\n| 3PREFET Direction d\u00e9partementaleDE LA SOMME des territoires et de la merLibert\u00e9\u00c9galit\u00e9 de la SommeFraternit\u00e9\nARR\u00caT\u00c9\nPortant r\u00e9glementation temporaire de la circulation pour tous v\u00e9hicules sur \nl'A29 dans les deux sens de circulation pour cause d'accident de la circulation\nLE PR\u00c9FET DE LA SOMME\nCHEVALIER DE LA L\u00c9GION D'HONNEUR \nOFFICIER DE L'ORDRE NATIONAL DU MERITE\nVu le code de la voirie routi\u00e8re\u00a0;\nVu le code de la route\u00a0;\nVu le code g\u00e9n\u00e9ral des collectivit\u00e9s territoriales\u00a0;\nVu le code de la d\u00e9fense\u00a0;\nVu le code p\u00e9nal\u00a0;\nVu le code de la s\u00e9curit\u00e9 int\u00e9rieur\u00a0;\nVu la loi n\u00b055-435 du 18 avril 1955 modifi\u00e9e portant statut des autoroutes\u00a0;\nVu le d\u00e9cret du 29 octobre 1990 approuvant la convention pass\u00e9e entre l'\u00c9tat et la Soci\u00e9t\u00e9  \ndes autoroutes du Nord et de l'Est de la France pour la concession de la construction, de  \nl'entretien et de l'exploitation d'autoroutes\u00a0;\nVu  le  d\u00e9cret  n\u00b02004-374  du  29  avril  2004  modifi\u00e9  relatif  aux  pouvoirs  des  pr\u00e9fets,  \u00e0  \nl'organisation et \u00e0 l'action des services de l'\u00c9tat dans les r\u00e9gions et les d\u00e9partements\u00a0;\nVu le d\u00e9cret n\u00b02005-1499 du 5 d\u00e9cembre 2005 relatif \u00e0 la consistance du r\u00e9seau national\u00a0; \nVu le d\u00e9cret du 13 juillet 2023 portant nomination du pr\u00e9fet de la Somme, Monsieur Rollon  \nMOUCHEL-BLAISOT \u00e0 compter du 24 juillet 2023\u00a0; \nVu le d\u00e9cret du 20 ao\u00fbt 2025 portant nomination de Madame Estelle CHARLES, sous-pr\u00e9f\u00e8te,  \ndirectrice de cabinet du pr\u00e9fet de la Somme\u00a0; \nVu l'arr\u00eat\u00e9 interminist\u00e9riel du 24 novembre 1967 modifi\u00e9 relatif \u00e0 la signalisation des routes et \nautoroutes\u00a0;\nVu  l'arr\u00eat\u00e9  pr\u00e9fectoral  du  9  mars  2026  portant  d\u00e9l\u00e9gation  de  signature  \u00e0  Mme  Estelle  \nCHARLES, sous-pr\u00e9f\u00e8te, directrice de cabinet du pr\u00e9fet de la Somme\u00a0;\nConsid\u00e9rant l'accident de la circulation d'un poids lourd transportant 306 veaux, couch\u00e9 sur  \nle  bas-c\u00f4t\u00e9  de  l'autoroute  A29  au  niveau  du  PR  225  sur  la  commune  de  Framerville-\nRainecourt.\nDirection D\u00e9partementale des Territoires et de la Mer - 80-2026-04-09-00003 - ARRETE REGLEMENTATION CIRCULATION SANEF\n260409 131640 4\nConsid\u00e9rant la n\u00e9cessit\u00e9 de fermer l'autoroute dans les deux sens entre le p\u00e9age Jules Verne  \net l'\u00e9changeur A1-A29 le temps de l'\u00e9vacuation des bovins.\nConsid\u00e9rant la demande la soci\u00e9t\u00e9 SANEF en date du 09 avril 2026\u00a0;\nConsid\u00e9rant qu'il importe d'assurer la s\u00e9curit\u00e9 des usagers de l'autoroute et qu'il y a lieu de  \nr\u00e9glementer temporairement la circulation sur l'autoroute A29\u00a0;\nSur proposition du directeur d\u00e9partemental des territoires et de la mer de la Somme\u00a0;\nARR\u00caTE\nArticle 1er. \u2013 La circulation est interdite \u00e0 tous les v\u00e9hicules sur l'A29 dans les deux sens de  \ncirculation, de l'\u00e9changeur A1/A29 (sortie 53) \u00e0 la gare de p\u00e9age \u00ab \u00a0P\u00f4le Jules Verne \u00a0\u00bb (Sortie \n51).\nArticle 2.  \u2013  Les op\u00e9rations de fermeture des voies sont ex\u00e9cut\u00e9es par les forces de l'ordre  \nterritorialement comp\u00e9tentes, assist\u00e9es des agents des gestionnaires des r\u00e9seaux concern\u00e9s  \npar les balisages.\nL'information aux usagers sera assur\u00e9e via les panneaux \u00e0 messages variables situ\u00e9s en amont  \ndes secteurs concern\u00e9s, compl\u00e9t\u00e9e par des messages diffus\u00e9s par les m\u00e9dias.\nArticle 3.  \u2013 Cette mesure est applicable \u00e0 l'initiative des forces de l'ordre et d\u00e8s la mise en  \nplace de la signalisation et sera lev\u00e9e d\u00e8s que les conditions de circulation le permettront,  \napr\u00e8s avis des forces de l'ordre.\nArticle 4. \u2013 Le pr\u00e9sent arr\u00eat\u00e9 sera publi\u00e9 au recueil des actes administratifs de la Pr\u00e9fecture de \nla Somme.\nArticle 5.  \u2013  Le pr\u00e9sent arr\u00eat\u00e9 peut faire l'objet d'un recours contentieux devant le tribunal  \nadministratif  d'Amiens,  par  voie  postale  (14  Rue  Lemerchier,  80000  Amiens)  ou  par  voie \n\u00e9lectronique (www.telerecours.fr) dans un d\u00e9lai de deux mois \u00e0 compter de sa publication.\nDurant ce d\u00e9lai de deux mois, un recours gracieux peut \u00eatre exerc\u00e9 aupr\u00e8s de l'autorit\u00e9  \npr\u00e9fectorale. Ce recours gracieux interrompt le d\u00e9lai de recours contentieux qui ne courra \u00e0  \nnouveau qu'\u00e0 compter de la r\u00e9ponse de l'administration, \u00e9tant pr\u00e9cis\u00e9 que le silence gard\u00e9  \npendant plus de deux mois sur une r\u00e9clamation ou un recours administratif vaut d\u00e9cision de  \nrejet.\nArticle 6. \u2013 La directrice de Cabinet, le directeur d\u00e9partemental des territoires et de la mer de \nla  Somme,  le  Directeur  g\u00e9n\u00e9ral  des  infrastructures,  des  transports  et  des  mobilit\u00e9s,  le  \nCommandant du Groupement de Gendarmerie de la Somme, le Directeur d\u00e9partemental de  \nla S\u00e9curit\u00e9 Publique de la Somme, le Directeur de la Soci\u00e9t\u00e9 des autoroutes du Nord et de  \nl'Est de la France,  s ont charg\u00e9s, chacun en ce qui le concerne, de l'ex\u00e9cution du pr\u00e9sent  \narr\u00eat\u00e9.\nAmiens, le 09/04/26\nPour le pr\u00e9fet et par d\u00e9l\u00e9gation,\nLa sous-pr\u00e9f\u00e8te, directrice de cabinet\nMadame Estelle CHARLES\nDirection D\u00e9partementale des Territoires et de la Mer - 80-2026-04-09-00003 - ARRETE REGLEMENTATION CIRCULATION SANEF\n260409 131640 5","date":"2026-04-09","first_seen_on":"2026-04-09T16:56:31+00:00","id":"db039c2585f954d284fcc91f6697c89cdace4c62c1b1bda9649cd9b6ecc38bf8","name":"RAA n\u00b089 sp\u00e9cial du 9 avril 2026","pdf_creation_date":"2026-04-09T15:16:04+00:00","pdf_modification_date":null,"timezone":"Europe/Paris","url":"https://www.somme.gouv.fr/contenu/telechargement/55735/365491/file/recueil-2026-089-recueil-des-actes-administratifs-special.pdf"}
