{"administration":"pref21","administration_name":"Pr\u00e9fecture de C\u00f4te-d\u2019Or","content":"PR\u00c9FET\nDE LA C\u00d4TE-D'OR\nRECUEIL DES ACTES\nADMINISTRATIFS SP\u00c9CIAL\nN\u00b021-2024-030\nPUBLI\u00c9 LE 16 F\u00c9VRIER 2024\nSommaire\nDirection d\u00e9partementale de l'emploi, du travail et des solidarit\u00e9s de\nC\u00f4te-d'Or /\n21-2024-02-08-00003 - Arr\u00eat\u00e9 Renouvellement Agr\u00e9ment\nESUS/494549512\nAPARR (2 pages) Page 5\nDirection d\u00e9partementale de la protection des populations de la C\u00f4te-d'Or /\nService Sant\u00e9 et Protections animales, Protection de l'Environnement\n21-2024-02-12-00002 - Arr\u00eat\u00e9 pr\u00e9fectoral N\u00b0327/2024 en date du 12 f\u00e9vrier\n2024 attribuant l habilitation sanitaire \u00e0 Matthieu Colombe (2 pages) Page 8\n21-2024-01-16-00005 - Arr\u00eat\u00e9 pr\u00e9fectoral N\u00b083/2024 en date du 15 janvier\n2024 attribuant l habilitation sanitaire \u00e0 Clara FIQUET (2 pages) Page 11\nDirection d\u00e9partementale des territoires de la C\u00f4te-d'Or / Service de l'eau et\ndes risques\n21-2024-02-13-00004 - Arr\u00eat\u00e9 pr\u00e9fectoral n\u00b0 336 du 13 f\u00e9vrier 2024 fixant les\nprescriptions sp\u00e9cifiques et portant d\u00e9claration d'existence du plan d'eau \u00e0\nM\u00e9n\u00e9treux-le-Pitois sur la parcelle ZA 96. (4 pages) Page 14\nDirection d\u00e9partementale des territoires de la C\u00f4te-d'Or / Service \u00c9conomie\nAgricole et Environnement des Exploitations\n21-2024-02-15-00005 - Arr\u00eat\u00e9 pr\u00e9fectoral n\u00b0 359\nrelatif \u00e0 la composition\nde la section sp\u00e9cialis\u00e9e \u00ab\u00a0structures, \u00e9conomie et GAEC\u00a0\u00bb de la\nCommission D\u00e9partementale d\u25a1Orientation de l\u25a1Agriculture de la C\u00f4te\nd\u25a1Or (3 pages) Page 19\n21-2024-02-15-00001 - Arr\u00eat\u00e9 pr\u00e9fectoral n\u00b0347\nmodifiant l\u25a1arr\u00eat\u00e9\npr\u00e9fectoral n\u00b01320 du 07/11/2022 relatif \u00e0 la composition de la Commission\nD\u00e9partementale d\u25a1Orientation de l\u25a1Agriculture de la C\u00f4te d\u25a1Or (6 pages) Page 23\nDirection d\u00e9partementale des territoires de la C\u00f4te-d'Or / Service\nPr\u00e9servation et Am\u00e9nagement de l'Espace (SPAE)\n21-2024-02-14-00002 - Arr\u00eat\u00e9 pr\u00e9fectoral du 14 f\u00e9vrier 2024 autorisant\nMonsieur Florian BRIGAND \u00e0 effectuer des tirs de d\u00e9fense simple en vue de\nla protection de son troupeau de bovins contre la pr\u00e9dation du loup (Canis\nlupus) (7 pages) Page 30\nDirection d\u00e9partementale des territoires de la C\u00f4te-d'Or / Service S\u00e9curit\u00e9 et\n\u00c9ducation Routi\u00e8re\n21-2024-02-14-00001 - AP 348 20240214 A6 Abrogation LimitationVitesse\nRAA (3 pages) Page 38\n21-2024-02-15-00003 - AP 356 20240215 RAA A38 PosePanneaux 20f\u00e9vrier (4\npages) Page 42\n21-2024-02-15-00004 - AP 358 20240215 RAA M274\nTestReceptionNouveauxEquipement (5 pages) Page 47\n2\n21-2024-02-16-00003 - AP 367 20240216 RAA A38 TravauxEntretien (4\npages) Page 53\nDirection des services d\u00e9partementaux de l'\u00e9ducation nationale de C\u00f4te-d'Or\n/ Gestion financi\u00e8re et logistique\n21-2024-02-09-00003 - arr\u00eat\u00e9_f\u00e9vrier_2024_modification carte scolaire_1er\ndegr\u00e9_2024-2025.odt (8 pages) Page 58\nDREAL Bourgogne-Franche-Comt\u00e9 / Service Pr\u00e9vention des Risques\n21-2024-02-13-00002 - Arr\u00eat\u00e9 pr\u00e9fectoral de mise en demeure de la soci\u00e9t\u00e9\nGarage des GRANDS CRUS \u00e0 Nuits St Georges (3 pages) Page 67\nDRFiP Bourgogne Franche-Comt\u00e9 /\n21-2024-02-15-00002 - DRFIP 21 Arr\u00eat\u00e9 relatif au r\u00e9gime d'ouverture au\npublic des services de la Direction r\u00e9gionale des finances publiques de\nBourgogne-Franche-Comt\u00e9 et du d\u00e9partement de la C\u00f4te d'Or en 2024 (10\nmai et 16 ao\u00fbt 2024) (1 page) Page 71\nMaison d'arr\u00eat de Dijon /\n21-2024-02-06-00006 - MA DIJON - D\u00e9l\u00e9gations signature - Elections\n06-02-2024 (1 page) Page 73\nPr\u00e9fecture de Haute-Sa\u00f4ne /\n21-2024-01-26-00003 - ARR\u00caT\u00c9 INTER-PR\u00c9FECTORAL N\u00b070-2024-01-26-00010\nautorisant la cession partielle des droits associ\u00e9s \u00e0 la canalisation \nde\ntransport d\u25a1\u00e9thyl\u00e8ne \u00c9THYL\u00c8NE EST\nentre Viriat (Ain) et Carling (Moselle)\n(4 pages) Page 75\nPr\u00e9fecture de la C\u00f4te-d'Or /\n21-2024-02-09-00002 - Arr\u00eat\u00e9 pr\u00e9fectoral n\u00b0 332 du 9 f\u00e9vrier 2024 portant\nautorisation environnementale au titre de l'article L.181-1 du code de\nl'environnement pour la requalification du quartier Guynemer, situ\u00e9e sur la\ncommune de LONGVIC.\n (9 pages) Page 80\nPr\u00e9fecture de la C\u00f4te-d'Or / Direction de la coordination, des politiques\npubliques et de l'appui territorial\n21-2024-02-12-00001 - Arr\u00eat\u00e9 pr\u00e9fectoral n\u00b0\u00a0321 du 12 f\u00e9vrier 2024 portant\nhabilitation de la SAS MVMT CONSEIL en application de l\u25a1article R.752-6-3\ndu code du commerce pour la r\u00e9alisation de l\u25a1analyse d\u25a1impact des\nprojets d\u25a1am\u00e9nagement commercial (2 pages) Page 90\n21-2024-02-13-00003 - Arr\u00eat\u00e9 pr\u00e9fectoral n\u00b0\u00a0337 du 13 f\u00e9vrier 2024 relatif \u00e0\nla pr\u00e9sidence de la commission d\u00e9partementale d'am\u00e9nagement\ncommercial de C\u00f4te-d'Or (2 pages) Page 93\nPr\u00e9fecture de la C\u00f4te-d'Or / Direction des s\u00e9curit\u00e9s\n21-2024-02-16-00002 - Arr\u00eat\u00e9 pr\u00e9fectoral n\u00b0 339 fixant la liste des candidats\nadmis \u00e0 l\u25a1examen pour la certification \u00e0 la P\u00e9dagogie Appliqu\u00e9e \u00e0 l\u25a1Emploi\nde Formateur en Pr\u00e9vention et Secours Civiques (PAE-FPSC) organis\u00e9 par\nl\u25a1Association D\u00e9partementale de Protection Civile de la C\u00f4te d\u25a1Or le 11\nf\u00e9vrier 2024 (2 pages) Page 96\n3\n21-2024-02-16-00001 - Arr\u00eat\u00e9 pr\u00e9fectoral n\u00b0 340 fixant la liste des candidats\nadmis \u00e0 l\u25a1examen pour la certification \u00e0 la P\u00e9dagogie Appliqu\u00e9e \u00e0 l\u25a1Emploi\nde Formateur aux Premiers Secours (PAE-FPS) organis\u00e9 par l\u25a1Association\nD\u00e9partementale de la Protection Civile de la C\u00f4te-d\u25a1Or le 11 f\u00e9vrier 2024 (2\npages) Page 99\nSDIS de C\u00f4te-d'Or /\n21-2024-02-13-00001 - 2024 AP liste des Centres d'Incendie et de Secours \ndu Corps D\u00e9partemental des sapeurs-pompiers de la C\u00f4te-d'Or (3 pages) Page 102\n21-2024-01-30-00012 - 2024 Liste d'aptitude op\u00e9rationnelle Unit\u00e9 a\u00e9ronefs\nt\u00e9l\u00e9pilot\u00e9s de lutte, d'appui et de secours (2 pages) Page 106\n21-2024-01-30-00013 - 2024_Liste d'aptitude op\u00e9rationnelle Feu de For\u00eat (11\npages) Page 109\n21-2024-01-30-00014 - 2024_Liste d'aptitude op\u00e9rationnelle Risques\nChimiques (4 pages) Page 121\n21-2024-01-30-00016 - 2024_Liste d'aptitude op\u00e9rationnelle Secours en\nMilieu P\u00e9rilleux et Montagne (2 pages) Page 126\n21-2024-01-30-00015 - 2024_Liste d'aptitude op\u00e9rationnelle SECOURS\nNAUTIQUE (2 pages) Page 129\n21-2024-01-30-00018 - 2024_Liste d'aptitude op\u00e9rationnelle Systl\u00e8mes\nd'Information et de Communication (3 pages) Page 132\n21-2024-01-30-00019 - 2024_Liste d'aptitude op\u00e9rationnelle Unit\u00e9\nCynotechnique (1 page) Page 136\n21-2024-01-30-00017 - 2024_Liste d'aptitude op\u00e9rationnelle Unit\u00e9\nSauvetage D\u00e9blaiement (3 pages) Page 138\n4\nDirection d\u00e9partementale de l'emploi, du travail\net des solidarit\u00e9s de C\u00f4te-d'Or\n21-2024-02-08-00003\nArr\u00eat\u00e9 Renouvellement Agr\u00e9ment\nESUS/494549512\nAPARR\nDirection d\u00e9partementale de l'emploi, du travail et des solidarit\u00e9s de C\u00f4te-d'Or - 21-2024-02-08-00003 - Arr\u00eat\u00e9 Renouvellement\nAgr\u00e9ment ESUS/494549512\nAPARR\n5\n| 4 | Direction D\u00e9partementalePR\u00c9FET de l'Emploi, du Travail et des Solidarit\u00e9sDE LA DDETSCOTE-D'ORijert\u00e9Egalit\u00e9Fraternit\u00e9\nAffaire suivie par Robert TOFFOLI Dijon, le 8/02/2024Contr\u00f4leur du Travail \u2014 P\u00f4le Emploi Coh\u00e9sion Terr,- T\u00e9l: 03 80 45 75 07 // 06 99 59 63 57Courriel : robert.toffoli@cote-dor.gouv.frAPARRMonsieur le Pr\u00e9sident33 Place Galil\u00e9e21000 DIJON\n, DDETS de la C\u00f4te d'Or ;ARRETE PORTANT RENOUVELLEMENT DE L'AGREMENTd'Entreprise Solidaire d'Utilit\u00e9 Sociale (ESUS)Vu - La loi n\u00b02014-856 du 31 juillet 2014 relative \u00e0 l''Economie Sociale et Solidaire (ESS) ;Vu - La loi n\u00b02019-486 du 22 mai 2019 relative \u00e0 la croissance et la transformation des entreprisesmodifiant la loi ci-dessus du 31 juillet 2014 ;Vu - Le d\u00e9cret n\u00b02015-719 du 23 juin 2015 relatif \u00e0 'agr\u00e9ment \u00ab Entreprise Solidaire d'Utilit\u00e9 Sociale(ESUS) \u00bb ;Vu - Le d\u00e9cret n\u00b02015-760 du 24 juin 2015 relatif \u00e0 'agr\u00e9ment \u00ab Entreprise Solidaire d'Utilit\u00e9 Sociale(ESUS) \u00bb ; 'Vu - L'arr\u00eat\u00e9 du 3 ao\u00fbt 2015 fixant la fraction des b\u00e9n\u00e9fices affect\u00e9e au report b\u00e9n\u00e9ficiaire et auxr\u00e9serves obligatoires, art 1 loi n\u00b0 2014-856 du 31 juillet 2014 relative \u00e0 l'Economie Sociale etSolidaire (ESS) ;Vu - L'arr\u00eat\u00e9 du 5 ao\u00fbt 2015 fixant la composition du dossier de demande d'\u00e0gr\u00e9ment \u00ab EntrepriseSolidaire d'Utilit\u00e9 Sociale (ESUS) \u00bb ;Vu - L'arr\u00eat\u00e9 pr\u00e9fectoral n\u00b0 1204 du 17 octobre 2022 portant d\u00e9l\u00e9gation de signature \u00e0 Mr NicolasNIBOUREL, Directeur D\u00e9partemental de la DDETS de C\u00f4te d'Or ;Vu - L'arr\u00eat\u00e9 n\u00b01485/DDETS du 19 octobre 2023 \u2014 Pr\u00e9fecture de la C\u00f4te d'Or, portant subd\u00e9l\u00e9gationde signature ;Vu - Le code du travail, notamment ses articles L 3332-17-1 et R 3332-21-1 \u00e0 R 3332-21-5 ;Vu - La demande de renouvellement de l'agr\u00e9ment Entreprise Solidaire d'Utilit\u00e9 Sociale (ESUS)pr\u00e9sent\u00e9e par l'association \u00ab ASSOCIATION DES PROFESSIONNELS DU CIN\u00c9MA ET DE\nDirection d\u00e9partementale de l'emploi, du travail et des solidarit\u00e9s de C\u00f4te-d'Or - 21-2024-02-08-00003 - Arr\u00eat\u00e9 Renouvellement\nAgr\u00e9ment ESUS/494549512\nAPARR\n6\nL'AUDIOVISUEL \u00bb \u00e9galement connue sous l'acronyme APARR \u00bb, re\u00e7ue par courriel du 12 janvier2024 ;Vu - 'agr\u00e9ment ESUS d\u00e9j\u00e0 attribu\u00e9 \u00e0 l'association \u00ab APARR \u00bb, le 8 avril 2019 pour 5 ans ;Vu - la compl\u00e9tude du dossier le 26 janvier 2024 ;Consid\u00e9rant, que I'Economie Sociale et Solidaire (ESS) est \u00ab un mode d'entreprendre et ded\u00e9veloppement \u00e9conomique, adapt\u00e9 \u00e0 tous les domaines de l'activit\u00e9 humaine remplissant lesconditions cumulatives, de recherche d'une utilit\u00e9 sociale et non du seul profit, d'une gouvernanced\u00e9mocratique, d'une affectation des b\u00e9n\u00e9fices majoritairement consacr\u00e9s au maintien ou aud\u00e9veloppement de l'entreprise ainsi qu'\u00e0 des r\u00e9serves impartageables et non distribuables (principesde bonne gestion) \u00bb ;Consid\u00e9rant, que le statut d'association vaut pr\u00e9somption des principes de bonne gestion(affectation des b\u00e9n\u00e9fices au maintien de l'emploi ou de l'activit\u00e9, r\u00e9serves obligatoiresimpartageables et non distribuables) ainsi que d'une gouvernance d\u00e9mocratique ;Consid\u00e9rant, que l'objet de l'association \u00ab APARR \u00bb r\u00e9pond aux crit\u00e8res de l'utilit\u00e9 socialenotamment \u00e0 ceux d'\u00e9ducation \u00e0 la citoyennet\u00e9, de d\u00e9veloppement du lien social/renforcement de lacoh\u00e9sion territoriale ; 'Consid\u00e9rant que la situation au repertoire SIRENE de l'INSEE de l'association \u00ab APARR\u00bb pr\u00e9ciseI'appartenance au champ de I'ESS ;Consid\u00e9rant, l'attestation sur 'honneur d'absence de titres en capital sur les march\u00e9s financiers ;Consid\u00e9rant, le respect des principes de la politique-de r\u00e9mun\u00e9ration ;Consid\u00e9rant, les statuts de l'association \u00ab APARR \u00bb ainsi que les d\u00e9clarations sign\u00e9es du dossierB1 de demande d'agr\u00e9ment ESUS ;Consid\u00e9rant, notamment l'affectation des charges d'exploitation participant \u00e0 la recherche d'uneutilit\u00e9 sociale, repr\u00e9sentant au moins 66 % des charges d'exploitation totales ;Consid\u00e9rant, qu'au vu des \u00e9l\u00e9ments pr\u00e9sent\u00e9s ci-dessus, l'association \u00ab APARR \u00bb, remplit lesconditions requises pour b\u00e9n\u00e9ficier de l'agr\u00e9ment d'Entreprise Solidaire d'Utilit\u00e9 Sociale (ESUS).ARR\u00caTEArticle 1 : L'association \u00ab APARR \u00bb dont le si\u00e8ge social se situe, 33 Place Galil\u00e9e \u2014 21000 DIJON,r\u00e9f\u00e9renc\u00e9e par le num\u00e9ro SIRET 494 549 512 00049 se voit accorder le renouvellement del'agr\u00e9ment d'Entreprise Solidaire d'Utilit\u00e9 Sociale (ESUS) pour 5 ans, \u00e0 compter du 8 avril2024 et jusqu'au 7 avril 2029 selon les crit\u00e8res issus de l'article L3332-17-1 du code du travail envigueur \u00e0 la date de la pr\u00e9sente d\u00e9cision ; 'Article 2 : Le pr\u00e9sent arr\u00e9t\u00e9 sera publi\u00e9 au recueil des actes administratifs de la Pr\u00e9fecture de laC\u00f4te d'Or. Pour le Pr\u00e9fet de D\u00e9partement,Et par d\u00e9l\u00e9gation du Directeur D\u00e9partemental emp\u00each\u00e9,La Responsable de l'Unit\u00e9 Formation, Emploi et InsertionMarie BEGRAND - SIGNE\nDirection d\u00e9partementale de l'emploi, du travail et des solidarit\u00e9s de C\u00f4te-d'Or - 21-2024-02-08-00003 - Arr\u00eat\u00e9 Renouvellement\nAgr\u00e9ment ESUS/494549512\nAPARR\n7\nDirection d\u00e9partementale de la protection des\npopulations de la C\u00f4te-d'Or\nService Sant\u00e9 et Protections animales, Protection\nde l'Environnement\n21-2024-02-12-00002\nArr\u00eat\u00e9 pr\u00e9fectoral N\u00b0327/2024 en date du 12\nf\u00e9vrier 2024 attribuant l habilitation sanitaire \u00e0\nMatthieu Colombe\nDirection d\u00e9partementale de la protection des populations de la C\u00f4te-d'Or - 21-2024-02-12-00002 - Arr\u00eat\u00e9 pr\u00e9fectoral N\u00b0327/2024 en\ndate du 12 f\u00e9vrier 2024 attribuant l habilitation sanitaire \u00e0 Matthieu Colombe 8\nExPREFETDE LACOTE-D'ORLiberteEgalit\u00e9Fraternit\u00e9\nDirection D\u00e9partementale\nde la Protection des Populations\nService Sant\u00e9 et Protection Animales\nProtection de l'Environnement\nAffaire suivie par\u00a0: Val\u00e9rie LABUSSIERE\nT\u00e9l.\u00a0: 03 80 29 44 53\nM\u00e9l\u00a0: ddpp-spa@cote-dor.gouv.fr\nArr\u00eat\u00e9 pr\u00e9fectoral N\u00b0327/2024 en date du 12 f\u00e9vrier 2024\nAttribuant l'habilitation sanitaire \u00e0 Matthieu Colombe\nPr\u00e9fet de la C\u00f4te-d'Or\nVu  le Code Rural et de la p\u00eache maritime et notamment ses articles L.203-1 \u00e0 L.203-7,\nL.223-6, R.203-1 \u00e0 R.203-15 et R.242-33.\nVu  le d\u00e9cret n\u00b080-516 du 4 juillet 1980, modifi\u00e9 par le d\u00e9cret n\u00b090-1033 du 19 novembre\n1990 et par le d\u00e9cret 2003-768 du 1 er ao\u00fbt 2003, relatif \u00e0 l'ex\u00e9cution des mesures de\nprophylaxie collective des maladies des animaux\u00a0;\nVu  le  d\u00e9cret  n\u00b02004-374  du  29  avril  2004  modifi\u00e9,  relatif  aux  pouvoirs  des  pr\u00e9fets,  \u00e0\nl'organisation  et  \u00e0  l'action  des  services  de  l'\u00c9tat  dans  les  r\u00e9gions  et  d\u00e9partements\nnotamment son article 43\u00a0;\nVu    l e d\u00e9cret n\u00b0 du 26 septembre 2022 nommant MR ROBINE Franck, pr\u00e9fet de la Cote d \nOr ;\nVu   l'arr\u00eat\u00e9 pr\u00e9fectoral n\u00b0 1409/SG du 18/09/2023, donnant d\u00e9l\u00e9gation de signature \u00e0\nMonsieur ROOSE Didier ;\nVu l'arr\u00eat\u00e9 pr\u00e9fectoral n\u00b0 1411/DDPP du 21/09/2023, donnant subd\u00e9l\u00e9gation de signature \nConsid\u00e9rant  que  le  Docteur  V\u00e9t\u00e9rinaire  Matthieu  Colombe  remplit  les  conditions\npermettant l'attribution de l'habilitation sanitaire\u00a0;\nSur proposition de Monsieur le directeur d\u00e9partemental de la protection des populations de\nla C\u00f4te-d'Or\u00a0;\nDirection D\u00e9partementale de la Protection des Populations - 57 rue de Mulhouse  -  21 033 DIJON Cedex\nt\u00e9l : 03 80 29 43 53... - Fax : 03 80 29 43 53..... - m\u00e8l : ddpp@cote-dor.gouv.fr\nSite internet : http://www.cote-dor.gouv.fr\npage 1\nDirection d\u00e9partementale de la protection des populations de la C\u00f4te-d'Or - 21-2024-02-12-00002 - Arr\u00eat\u00e9 pr\u00e9fectoral N\u00b0327/2024 en\ndate du 12 f\u00e9vrier 2024 attribuant l habilitation sanitaire \u00e0 Matthieu Colombe 9\nA R R E T E\nArticle 1er\u00a0:\nL'habilitation sanitaire pr\u00e9vue \u00e0 l'article L.203-1 du code rural et de la p\u00eache maritime susvis\u00e9\nest attribu\u00e9e pour une dur\u00e9e de 5 ans, \u00e0 compter de la date de signature du pr\u00e9sent arr\u00eat\u00e9,\n\u00e0 Matthieu Colombe, Docteur V\u00e9t\u00e9rinaire, inscrit au Tableau de l'Ordre des V\u00e9t\u00e9rinaires de\nla r\u00e9gion Bourgogne-Franche-Comt\u00e9, sous le n\u00b0 31819,  administrativement domicili\u00e9 au  10B\nrue du vieux chemin de Dole 21130 AUXONNE\nArticle 2\u00a0:\nDans la mesure o\u00f9 les conditions requises ont \u00e9t\u00e9 respect\u00e9es, cette habilitation sanitaire est\nrenouvelable  par  p\u00e9riode  de  cinq  ann\u00e9es  tacitement  reconduites  sous  r\u00e9serve  pour  le\nv\u00e9t\u00e9rinaire sanitaire de justifier \u00e0 l'issue de chaque p\u00e9riode de cinq ans, aupr\u00e8s du pr\u00e9fet de\nC\u00f4te d'Or du respect de ses obligations de formation continue pr\u00e9vues \u00e0 l'article R.203-12.\nArticle 3\u00a0:\nMatthieu Colombe  s'engage \u00e0 respecter les prescriptions techniques, administratives et le\ncas \u00e9ch\u00e9ant financi\u00e8res de mise en \u0153uvre des mesures de pr\u00e9vention, de surveillance ou de\nlutte prescrites par l'autorit\u00e9 administrative et des op\u00e9rations de police sanitaire ex\u00e9cut\u00e9es\nen application de l'article L.203-7 du code rural et de la p\u00eache maritime.\nArticle 4\u00a0:\nMatthieu Colombe pourra \u00eatre appel\u00e9 par le pr\u00e9fet de ses d\u00e9partements d'exercice pour la\nr\u00e9alisation  d'op\u00e9rations  de  police  sanitaire  au  sein  des  lieux  de  d\u00e9tention  ou  des\n\u00e9tablissements pour lesquels il a \u00e9t\u00e9 d\u00e9sign\u00e9 v\u00e9t\u00e9rinaire sanitaire. Il sera tenu de concourir \u00e0\nces op\u00e9rations en application des dispositions de l'article L.203-7 du code rural et de la\np\u00eache maritime.\nArticle 5\u00a0:\nTout  manquement  ou  faute  commis  dans  l'exercice de  la pr\u00e9sente  habilitation  sanitaire\nentra\u00eenera l'application des dispositions pr\u00e9vues aux articles R.203-15, R.228-6 et suivants du\ncode rural et de la p\u00eache maritime.\nArticle 6\u00a0:\nLa pr\u00e9sente d\u00e9cision peut faire l'objet d'un recours devant le Tribunal Administratif de Dijon\ndans un d\u00e9lai de deux mois \u00e0 compter de la date de notification, soit par courrier, soit par\nl'application informatique T\u00e9l\u00e9recours accessible sur le site www.telerecours.fr\nArticle 7\u00a0: \nMonsieur le directeur d\u00e9partemental de la protection des populations de la C\u00f4te-d'Or est\ncharg\u00e9 de l'ex\u00e9cution du pr\u00e9sent arr\u00eat\u00e9 qui sera publi\u00e9 au recueil des actes administratifs de\nla pr\u00e9fecture de la C\u00f4te-d'Or.\nFait \u00e0 Dijon, le 12 f\u00e9vrier 2024\nL'adjointe \u00e0 la cheffe de service\nSign\u00e9\nAdeline PERRONNEAU \nDirection D\u00e9partementale de la Protection des Populations - 57 rue de Mulhouse  -  21 033 DIJON Cedex\nt\u00e9l : 03 80 29 43 53... - Fax : 03 80 29 43 53..... - m\u00e8l : ddpp@cote-dor.gouv.fr\nSite internet : http://www.cote-dor.gouv.fr\npage 2\nDirection d\u00e9partementale de la protection des populations de la C\u00f4te-d'Or - 21-2024-02-12-00002 - Arr\u00eat\u00e9 pr\u00e9fectoral N\u00b0327/2024 en\ndate du 12 f\u00e9vrier 2024 attribuant l habilitation sanitaire \u00e0 Matthieu Colombe 10\nDirection d\u00e9partementale de la protection des\npopulations de la C\u00f4te-d'Or\nService Sant\u00e9 et Protections animales, Protection\nde l'Environnement\n21-2024-01-16-00005\nArr\u00eat\u00e9 pr\u00e9fectoral N\u00b083/2024 en date du 15\njanvier 2024 attribuant l habilitation sanitaire \u00e0\nClara FIQUET\nDirection d\u00e9partementale de la protection des populations de la C\u00f4te-d'Or - 21-2024-01-16-00005 - Arr\u00eat\u00e9 pr\u00e9fectoral N\u00b083/2024 en\ndate du 15 janvier 2024 attribuant l habilitation sanitaire \u00e0 Clara FIQUET 11\nExPREFETDE LACOTE-D'ORijen'\u00e9Egalit\u00e9Fraternit\u00e9\nDirection D\u00e9partementale\nde la Protection des Populations\nAffaire suivie par Val\u00e9rie LABUSSIERE                    \nService sant\u00e9 et protection animales, \nprotection de l'environnement\nT\u00e9l : 03 80 29 44 53\nm\u00e9l : ddpp-spa@cote-dor.gouv.fr\nArr\u00eat\u00e9 pr\u00e9fectoral N\u00b083/2024 en date du 15 janvier 2024\nAttribuant l'habilitation sanitaire \u00e0 Clara FIQUET\nPr\u00e9fet de la C\u00f4te-d'Or\nVu le Code Rural et de la p\u00eache maritime et notamment ses articles L.203-1 \u00e0 L.203-7 , L.223-\n6, R.203-1 \u00e0 R.203-15 et R.242-33.\nVu le d\u00e9cret n\u00b080-516 du 4 juillet 1980, modifi\u00e9 par le d\u00e9cret n\u00b090-1033 du 19 novembre\n1990 et par le d\u00e9cret 2003-768 du 1 er ao\u00fbt 2003, relatif \u00e0 l'ex\u00e9cution des mesures de\nprophylaxie collective des maladies des animaux ;\nVu le  d\u00e9cret  n\u00b02004-374  du  29  avril  2004  modifi\u00e9,  relatif  aux  pouvoirs  des  pr\u00e9fets,  \u00e0\nl'organisation  et  \u00e0  l'action  des  services  de  l'\u00c9tat  dans  les  r\u00e9gions  et  d\u00e9partements\nnotamment son article 43 ;\nVu  le d\u00e9cret n\u00b0 du 26 septembre 2022 nommant MR ROBINE Franck, pr\u00e9fet de la Cote d'\nOr ;\nVu l'arr\u00eat\u00e9 pr\u00e9fectoral n\u00b0 1409/SG du 18/09/2023, donnant d\u00e9l\u00e9gation de signature \u00e0\nMonsieur ROOSE Didier ;\nVu l'arr\u00eat\u00e9 pr\u00e9fectoral n\u00b0 1411/DDPP du 21/09/2023, donnant subd\u00e9l\u00e9gation de signature ;\nConsid\u00e9rant que  le  Docteur  V\u00e9t\u00e9rinaire Clara  FIQUET  remplit  les  conditions  permettant\nl'attribution de l'habilitation sanitaire ;\nSur proposition de Monsieur le directeur d\u00e9partemental de la protection des populations de\nla C\u00f4te-d'Or ;\nDirection D\u00e9partementale de la Protection des Populations - 57 rue de Mulhouse  -  21 033 DIJON Cedex\nt\u00e9l : 03 80 29 43 53... - m\u00e8l : ddpp-spa@cote-dor.gouv.fr\nSite internet : http://www.cote-dor.gouv.fr\npage 1\nDirection d\u00e9partementale de la protection des populations de la C\u00f4te-d'Or - 21-2024-01-16-00005 - Arr\u00eat\u00e9 pr\u00e9fectoral N\u00b083/2024 en\ndate du 15 janvier 2024 attribuant l habilitation sanitaire \u00e0 Clara FIQUET 12\nA R R E T E\nArticle 1er :\nL'habilitation sanitaire pr\u00e9vue \u00e0 l'article L.203-1 du code rural et de la p\u00eache maritime susvis\u00e9\nest attribu\u00e9e pour une dur\u00e9e de 5 ans \u00e0 compter de la date de signature du pr\u00e9sent arr\u00eat\u00e9, \u00e0 \nClara FIQUET, Docteur V\u00e9t\u00e9rinaire inscrite au Tableau de l'Ordre des V\u00e9t\u00e9rinaires de la r\u00e9gion \nBourgogne-Franche-Comt\u00e9, sous le n\u00b035836, administrativement domicili\u00e9e \u00e0 21 rue des \nneurroyes 21200 BEAUNE\nArticle 2 :\nClara  FIQUET  s'engage \u00e0 respecter  les  prescriptions  techniques,  administratives  et le cas\n\u00e9ch\u00e9ant financi\u00e8res de mise en \u0153uvre des mesures de pr\u00e9vention, de surveillance ou de lutte\nprescrites par l'autorit\u00e9 administrative et des op\u00e9rations de police sanitaire ex\u00e9cut\u00e9es en\napplication de l'article L.203-7 du code rural et de la p\u00eache maritime.\nArticle 3 :\nClara  FIQUET  pourra  \u00eatre appel\u00e9e par  le pr\u00e9fet de  ses  d\u00e9partements  d'exercice pour  la\nr\u00e9alisation  d'op\u00e9rations  de  police  sanitaire  au  sein  des  lieux  de  d\u00e9tention  ou  des\n\u00e9tablissements  pour  lesquels  elle  a  \u00e9t\u00e9  d\u00e9sign\u00e9e v\u00e9t\u00e9rinaire  sanitaire.  Elle  sera  tenue  de\nconcourir \u00e0 ces op\u00e9rations en application des dispositions de l'article L.203-7 du code rural et\nde la p\u00eache maritime.\nArticle 4 :\nTout  manquement  ou  faute  commis  dans  l'exercice  de  la  pr\u00e9sente  habilitation  sanitaire\nentra\u00eenera l'application des dispositions pr\u00e9vues aux articles R.203-15, R.228-6 et suivants du\ncode rural et de la p\u00eache maritime.\nArticle 5 :\nLa pr\u00e9sente d\u00e9cision peut faire l'objet d'un recours devant le Tribunal Administratif de Dijon\ndans un d\u00e9lai de deux mois \u00e0 compter de la date de notification, soit par courrier, soit par\nl'application informatique T\u00e9l\u00e9recours accessible sur le site www.telerecours.fr\nArticle 6 :\nMonsieur le directeur  d\u00e9partementa l de la protection des populations de la C\u00f4te-d'Or est\ncharg\u00e9e de l'ex\u00e9cution du pr\u00e9sent arr\u00eat\u00e9 qui sera publi\u00e9 au recueil des actes administratifs de\nla pr\u00e9fecture de la C\u00f4te-d'Or.\nFait \u00e0 Dijon, le 16 janvier 2024\nL'adjointe \u00e0 la cheffe de service\nSign\u00e9\nAdeline PERRONNEAU\nDirection D\u00e9partementale de la Protection des Populations - 57 rue de Mulhouse  -  21 033 DIJON Cedex\nt\u00e9l : 03 80 29 43 53... - m\u00e8l : ddpp-spa@cote-dor.gouv.fr\nSite internet : http://www.cote-dor.gouv.fr\npage 2\nDirection d\u00e9partementale de la protection des populations de la C\u00f4te-d'Or - 21-2024-01-16-00005 - Arr\u00eat\u00e9 pr\u00e9fectoral N\u00b083/2024 en\ndate du 15 janvier 2024 attribuant l habilitation sanitaire \u00e0 Clara FIQUET 13\nDirection d\u00e9partementale des territoires de la\nC\u00f4te-d'Or\nService de l'eau et des risques\n21-2024-02-13-00004\nArr\u00eat\u00e9 pr\u00e9fectoral n\u00b0 336 du 13 f\u00e9vrier 2024\nfixant les prescriptions sp\u00e9cifiques et portant\nd\u00e9claration d'existence du plan d'eau \u00e0\nM\u00e9n\u00e9treux-le-Pitois sur la parcelle ZA 96.\nDirection d\u00e9partementale des territoires de la C\u00f4te-d'Or - 21-2024-02-13-00004 - Arr\u00eat\u00e9 pr\u00e9fectoral n\u00b0 336 du 13 f\u00e9vrier 2024 fixant les\nprescriptions sp\u00e9cifiques et portant d\u00e9claration d'existence du plan d'eau \u00e0 M\u00e9n\u00e9treux-le-Pitois sur la parcelle ZA 96. 14\nExPREFETDE LACOTE-D'ORL,z'bert\u00e9Egalit\u00e9Fraternit\u00e9\nDirection d\u00e9partementale des territoires\nde la C\u00f4te-d'Or\nAffaire suivie par : Vincent BOUGET\nService de l'eau et des risques\nBureau police de l'eau\nArr\u00eat\u00e9 pr\u00e9fectoral n\u00b0 336 du 13 f\u00e9vrier 2024 fixant les prescriptions sp\u00e9cifiques et portant\nd\u00e9claration d'existence du plan d'eau \u00e0 M\u00e9n\u00e9treux-le-Pitois sur la parcelle ZA 96\nLe pr\u00e9fet de la C\u00f4te-d'Or\nVU la Directive Cadre Europ\u00e9enne sur l'Eau n\u00b0 2000/60/CE du 23 octobre 2000 \u00e9tablissant\nun cadre pour une politique communautaire dans le domaine de l'eau ;\nVU le code de l'environnement ;\nVU le code civil ;\nVU le code rural et de la p\u00eache maritime et notamment les articles L.151-36 \u00e0 L.151-40 ;\nVU  l'arr\u00eat\u00e9  minist\u00e9riel  fixant  les  prescriptions  g\u00e9n\u00e9rales  applicables  aux  op\u00e9rations\nrelevant de la rubrique 3.2.3.0 de la nomenclature annex\u00e9e au tableau de l'article R. 214-1\ndu code de l'environnement\nVU  le  sch\u00e9ma  directeur  d'am\u00e9nagement  et  de  gestion  des  eaux  (SDAGE)  Seine  \u2013\nNormandie 2022 \u2013 2027 , approuv\u00e9 le 23 mars 2022 ;\nVU l'arr\u00eat\u00e9 pr\u00e9fectoral n\u00b0 1438/SG du 29 septembre 2023 donnant d\u00e9l\u00e9gation de signature\n\u00e0 Mme Florence LAUBIER, directrice d\u00e9partementale des territoires de la C\u00f4te-d'Or ;\nVU l'arr\u00eat\u00e9  pr\u00e9fectoral n\u00b0  43 du  10 janvier 202 4 portant  subd\u00e9l\u00e9gation de signature aux\nagents de la direction d\u00e9partementale de la C\u00f4te-d'Or ;\nVU l'article L214-6 du code de l'environnement pr\u00e9cisant notamment qu'un plan d'eau\nexistant avant l'application du d\u00e9cret n\u00b093-742 du 29 mars 1993, mais n'ayant pas d'acte\nadministratif associ\u00e9, doit \u00eatre port\u00e9 \u00e0 la connaissance du Pr\u00e9fet ;\nDirection d\u00e9partementale des territoires de la C\u00f4te-d'Or\n57 , rue de Mulhouse - BP 53317 - 21033 Dijon CEDEX\nT\u00e9l. : 03 80 29 44 44\nCourriel : ddt@cote-dor.gouv.fr - Site internet : http://www.cote-dor.gouv.fr\nDirection d\u00e9partementale des territoires de la C\u00f4te-d'Or - 21-2024-02-13-00004 - Arr\u00eat\u00e9 pr\u00e9fectoral n\u00b0 336 du 13 f\u00e9vrier 2024 fixant les\nprescriptions sp\u00e9cifiques et portant d\u00e9claration d'existence du plan d'eau \u00e0 M\u00e9n\u00e9treux-le-Pitois sur la parcelle ZA 96. 15\nVU l' article  R214-53  du  code  de  l'environnement  fixant  la  liste  des  informations  \u00e0\ntransmettre au Pr\u00e9fet pour que les activit\u00e9s notamment d'exploitation d'un plan d'eau\nexistant, apr\u00e8s avoir \u00e9t\u00e9 soumis \u00e0 autorisation ou \u00e0 d\u00e9claration par une modification de la\nl\u00e9gislation, puissent se poursuivre par une d\u00e9marche de r\u00e9gularisation simplifi\u00e9e ;\nVU le dossier de d\u00e9claration simplifi\u00e9 d'existence d\u00e9pos\u00e9 par Pascal BONNOT le 8 f\u00e9vrier\n2024, concernant la r\u00e9gularisation du plan d'eau par reconnaissance d'ant\u00e9riorit\u00e9 sur la\ncommune de M\u00e9n\u00e9treux-le-Pitois sur la parcelle ZA 96.\nVU l'absence d'observation du propri\u00e9taire sur le projet d'arr\u00eat\u00e9 pr\u00e9fectoral qui lui a \u00e9t\u00e9\nsoumis le 13 f\u00e9vrier 2024 au titre de la phase contradictoire.\nCONSID\u00c9RANT que le plan d'eau dont la surface est d'environ 1 800 m\u00b2 n'est pas aliment\u00e9\npar  un  cours  d'eau  et  existait,  sans  modification  substantielle de  ses  caract\u00e9ristiques\navant le 29 mars 1993, date d'application de la loi sur l'eau ;\nCONSID\u00c9RANT  que ces  \u00e9l\u00e9ments  permettent de r\u00e9gulariser  le plan d'eau  au  titre du\nR214-53  du  code  de  l'environnement,  sans  qu'il  soit  n\u00e9cessaire  que  le pr\u00e9fet  exige la\nproduction  des  pi\u00e8ces  mentionn\u00e9es  \u00e0  l'article  R  214-32  du  code  de  l'environnement\nrelatives \u00e0 une proc\u00e9dure de d\u00e9claration au titre de la loi sur l'eau ;\nSUR proposition de Madame la directrice des territoires de la C\u00f4te-d'Or ;\nARR\u00caTE\nArticle 1  :   B\u00e9n\u00e9ficiaire\nLe titulaire du pr\u00e9sent arr\u00eat\u00e9, ci-dessous nomm\u00e9 \u00ab  le b\u00e9n\u00e9ficiaire \u00bb est Monsieur BONNOT\nPascal domicili\u00e9 18 route de Montbard (Pr\u00e9 d'Ogny), 21 150 M\u00e9n\u00e9treux-le-Pitois.\nIl est rappel\u00e9 que l'ensemble des dispositions du pr\u00e9sent arr\u00eat\u00e9 continue de s'appliquer en\ncas de changement de propri\u00e9taire.\nArticle 2 : R\u00e9gularisation et objet de l'arr\u00eat\u00e9\nL'arr\u00eat\u00e9  porte  r\u00e9gularisation  du  plan  d'eau  dont  les  caract\u00e9ristiques  sont  d\u00e9taill\u00e9es  \u00e0\nl'article 3.\nRubrique de la nomenclature de l'article R214-1 du code de l'environnement concern\u00e9e :\nRubrique Intitul\u00e9 R\u00e9gime Arr\u00eat\u00e9 de prescriptions\n3.2.3.0\nPlan  d'eau\npermanents ou non\nDont la superficie est\nsup\u00e9rieure  \u00e0  3ha  :\nAutorisation\nDont la superficie est\nsup\u00e9rieure  \u00e0  0,  1 ha\nmais  inf\u00e9rieur  \u00e0  3 ha\nD\u00e9claration\nD\u00e9claration (au titre de\nl'ouvrage existant)\nN\u00e9ant\n*L'arr\u00eat\u00e9 du 9 juin 2021 fixant\nles prescriptions techniques\ng\u00e9n\u00e9rales applicables aux\nplans d'eau ne s'applique pas\ncar, le plan d'eau existait\navant le 30 ao\u00fbt 1999 et a\nune surface inf\u00e9rieure \u00e0 3 ha\nDirection d\u00e9partementale des territoires de la C\u00f4te-d'Or - 21-2024-02-13-00004 - Arr\u00eat\u00e9 pr\u00e9fectoral n\u00b0 336 du 13 f\u00e9vrier 2024 fixant les\nprescriptions sp\u00e9cifiques et portant d\u00e9claration d'existence du plan d'eau \u00e0 M\u00e9n\u00e9treux-le-Pitois sur la parcelle ZA 96. 16\nArticle   3     :   caract\u00e9ristiques de l'ouvrage \nLe plan  d'eau  est  localis\u00e9 sur  la commune  de M\u00e9n\u00e9treux le Pitois  (21  150)  au  lieu  dit\n\u00abLa Tuillerie \u2013 Pr\u00e9 d'Ogny \u00bb, sur la parcelle ZA 96.\nApr\u00e8s consultation des photos a\u00e9rienne, le plan d'eau a \u00e9t\u00e9 cr\u00e9\u00e9 sans \u00e9quivoque avant le\n29 mars 1993, date d'application du d\u00e9cret relatif \u00e0 la loi sur l'eau.\nSa cr\u00e9ation daterait de 1857 en tant que carri\u00e8re d'argile.\nLa superficie du plan d'eau est estim\u00e9e \u00e0 1  800 m\u00b2. Il a une forme plut\u00f4t allong\u00e9e avec une\nlongueur d'environ 90 m pour une largeur au centre d'environ 20 m.\nLe volume approximatif est estim\u00e9 \u00e0 1 800 m\u00b3 (profondeur moyenne de 1 m) \nLe plan d'eau n'est pas \u00e9quip\u00e9 d'un dispositif de vidange ni d'un trop plein (d\u00e9versoir). Il\nest  exclusivement  aliment\u00e9  par  la  nappe  d'accompagnement  ou  des  eaux  de\nruissellement.\nArticle   4   :   usage, gestion et modification de l'ouvrage\nLe plan d'eau est \u00e0 usage de loisir priv\u00e9 et d'agr\u00e9ment paysager. \nLa  p\u00eache  et  l'introduction  du  poisson  sont  autoris\u00e9s  \u00e0  l'exception  des  esp\u00e8ces\nsusceptibles de provoquer des d\u00e9s\u00e9quilibres biologiques au titre de l'article R432-5 du\ncode  de  l'environnement  tel  le  poisson  chat  et  la  perche  soleil  par  exemple.\nL'empoissonnement du plan d'eau est r\u00e9alis\u00e9 \u00e0 partir de poissons issus de piscicultures\nagr\u00e9es  en  accord  avec  les  dispositions  des  articles  L432-10  et  L432-12  du  code  de\nl'environnement.\nAucun poisson ne peut \u00eatre rel\u00e2ch\u00e9 dans des eaux libres (cours d'eau), sauf sur demande\npr\u00e9alable pour validation aupr\u00e8s du service en charge de la police de l'eau.\nAucun am\u00e9nagement ne peut \u00eatre effectu\u00e9 pour augmenter la surface du plan d'eau.\nAucun \u00e9quipement d'alimentation ou de vidange du plan d'eau ne peut \u00eatre mis en place.\nLe curage du plan d'eau est tol\u00e9r\u00e9 d\u00e8s lors que celui-ci vise \u00e0 retrouver les caract\u00e9ristiques\n(volume, profondeur, surface) initiales du plan d'eau fix\u00e9es dans le pr\u00e9sent arr\u00eat\u00e9.\nLes mati\u00e8res de curages ne doivent pas \u00eatre entrepos\u00e9es en zones inondables ou en zones\nhumides. Le p\u00e9titionnaire doit \u00e9galement respecter le r\u00e8glement sanitaire d\u00e9partemental\nde la C\u00f4te d'Or en mati\u00e8re d'\u00e9pandage des mati\u00e8res de curage.\nArticle 5     :   prescriptions g\u00e9n\u00e9rales\nLe pr\u00e9sent arr\u00eat\u00e9 ne dispense en aucun cas le p\u00e9titionnaire de faire les d\u00e9clarations ou\nd'obtenir les autorisations requises par d'autres r\u00e9glementations.\nArticle     6     :   droits des tiers\nLes droits des tiers sont et demeurent express\u00e9ment r\u00e9serv\u00e9s.\nDirection d\u00e9partementale des territoires de la C\u00f4te-d'Or - 21-2024-02-13-00004 - Arr\u00eat\u00e9 pr\u00e9fectoral n\u00b0 336 du 13 f\u00e9vrier 2024 fixant les\nprescriptions sp\u00e9cifiques et portant d\u00e9claration d'existence du plan d'eau \u00e0 M\u00e9n\u00e9treux-le-Pitois sur la parcelle ZA 96. 17\nArticle     7     :   publication et information des tiers\nLe pr\u00e9sent arr\u00eat\u00e9 sera affich\u00e9 pendant une dur\u00e9e minimale d'un mois dans la mairie de la\ncommune de M\u00e9n\u00e9treux-le-Pitois.\nLe pr\u00e9sent arr\u00eat\u00e9 sera mis \u00e0 disposition du public sur le site internet des services de l'\u00c9tat\nen C\u00f4te-d'Or (http://www.cote-dor.gouv.fr) pendant une dur\u00e9e d'au moins 6 mois.\nArticle     8     :   Ex\u00e9cution et publication\nLa directrice d\u00e9partementale des territoires de la C\u00f4te-d'Or, le maire de la commune de\nM\u00e9n\u00e9treux-le-Pitois, sont charg\u00e9s, chacun en ce qui le concerne, de l'ex\u00e9cution du pr\u00e9sent\narr\u00eat\u00e9 qui sera notifi\u00e9 au p\u00e9titionnaire et publi\u00e9 au recueil des actes administratifs de la\npr\u00e9fecture de la C\u00f4te d'Or.\nUne copie du pr\u00e9sent arr\u00eat\u00e9 sera adress\u00e9e au  chef du service d\u00e9partemental de l' office\nfran\u00e7ais de la biodiversit\u00e9.\nFait \u00e0 Dijon, le 13 f\u00e9vrier 2024\nLa directrice d\u00e9partementale des territoires\nPour la directrice et par d\u00e9l\u00e9gation\nLa responsable du bureau, par int\u00e9rim\nsign\u00e9\nH\u00e9l\u00e8ne MOUCADEAU\nVoies et d\u00e9lais de recours\nLa pr\u00e9sente d\u00e9cision est susceptible de recours contentieux devant le tribunal administratif\nde Dijon \u2013 22, rue d'Assas \u2013 BP 61616 - 21016 DIJON Cedex, par le b\u00e9n\u00e9ficiaire dans un d\u00e9lai\nde deux mois \u00e0 compter du jour o\u00f9 la pr\u00e9sente d\u00e9cision lui a \u00e9t\u00e9 notifi\u00e9e et par les tiers dans\nun d\u00e9lai de quatre mois \u00e0 compter de la publication ou de l'affichage de cette d\u00e9cision.\nDans le m\u00eame d\u00e9lai de deux mois, le b\u00e9n\u00e9ficiaire peut pr\u00e9senter un recours gracieux. Le\nsilence gard\u00e9 par l'administration pendant plus de deux mois sur la demande de recours\ngracieux emporte d\u00e9cision implicite de rejet de cette demande conform\u00e9ment \u00e0 l'article\nR421-2 du code de justice administrative. Celui-ci prolonge le d\u00e9lai de recours contentieux\nqui doit \u00eatre introduit dans les deux mois suivant la r\u00e9ponse.\nLe tribunal administratif peut \u00eatre saisi par un recours d\u00e9pos\u00e9 via l'application T\u00e9l\u00e9recours\ncitoyens accessible sur le site internet www.t\u00e9l\u00e9recours.fr.\nDirection d\u00e9partementale des territoires de la C\u00f4te-d'Or - 21-2024-02-13-00004 - Arr\u00eat\u00e9 pr\u00e9fectoral n\u00b0 336 du 13 f\u00e9vrier 2024 fixant les\nprescriptions sp\u00e9cifiques et portant d\u00e9claration d'existence du plan d'eau \u00e0 M\u00e9n\u00e9treux-le-Pitois sur la parcelle ZA 96. 18\nDirection d\u00e9partementale des territoires de la\nC\u00f4te-d'Or\nService \u00c9conomie Agricole et Environnement des\nExploitations\n21-2024-02-15-00005\nArr\u00eat\u00e9 pr\u00e9fectoral n\u00b0 359\nrelatif \u00e0 la composition de la section sp\u00e9cialis\u00e9e\n\u00ab\u00a0structures, \u00e9conomie et GAEC\u00a0\u00bb de la\nCommission D\u00e9partementale d\u25a1Orientation de\nl\u25a1Agriculture de la C\u00f4te d\u25a1Or\nDirection d\u00e9partementale des territoires de la C\u00f4te-d'Or - 21-2024-02-15-00005 - Arr\u00eat\u00e9 pr\u00e9fectoral n\u00b0 359\nrelatif \u00e0 la composition de la section sp\u00e9cialis\u00e9e \u00ab\u00a0structures, \u00e9conomie et GAEC\u00a0\u00bb de la Commission D\u00e9partementale d\u25a1Orientation\nde l\u25a1Agriculture de la C\u00f4te d\u25a1Or\n19\nDirection d\u00e9partementale des territoires de la C\u00f4te-d'Or - 21-2024-02-15-00005 - Arr\u00eat\u00e9 pr\u00e9fectoral n\u00b0 359\nrelatif \u00e0 la composition de la section sp\u00e9cialis\u00e9e \u00ab\u00a0structures, \u00e9conomie et GAEC\u00a0\u00bb de la Commission D\u00e9partementale d\u25a1Orientation\nde l\u25a1Agriculture de la C\u00f4te d\u25a1Or\n20\nARRETEARTICLE 1*: La Commission D\u00e9partementale d'Orientation de l'Agriculture (CDOA)constitue une section sp\u00e9cialis\u00e9e \u00ab structures, \u00e9conomie et GAEC \u00bb appel\u00e9e \u00e0 donner sonavis sur les dossiers suivants :- les d\u00e9cisions individuelles en mati\u00e8re de structures agricoles ;- les aides aux exploitants, aux exploitations, aux cultures et aux modes de production ;- les op\u00e9rations relevant de la loi de mesures d'urgence pour assurer la r\u00e9gulation du foncier autravers des structures soci\u00e9taires ;- les dossiers relatifs au groupement agricole d'exploitation en commun (GAEC).Elle pourra \u00eatre consult\u00e9e avant d\u00e9cision pr\u00e9fectorale autant que de besoin.La section sp\u00e9cialis\u00e9e est plac\u00e9e sous la pr\u00e9sidence du pr\u00e9fet ou de son repr\u00e9sentant, sacomposition est d\u00e9finie comme suit :Le pr\u00e9sident du Conseil D\u00e9partemental ou son repr\u00e9sentant;La directrice d\u00e9partementale des Territoires ou son repr\u00e9sentant ;un membre de la direction d\u00e9partementale des territoires au titre des proc\u00e9dures relativesaux GAEC ;Le directeur des Finances Publiques ou son repr\u00e9sentant ;deux repr\u00e9sentants de la Chambre d'Agriculturedont un au titre des soci\u00e9t\u00e9s coop\u00e9ratives agricoles ;Le pr\u00e9sident de la Caisse de Mutualit\u00e9 Sociale Agricole ou son repr\u00e9sentant ;Huit repr\u00e9sentants des organisations syndicales d'exploitants agricoles \u00e0 vocation g\u00e9n\u00e9ralehabilit\u00e9es en application de l'article R.514-37 relatif \u00e0 la repr\u00e9sentation des organisationssyndicales d'exploitants agricoles au sein de certains organismes ou commissions, dont aumoins un repr\u00e9sentant de chacune d'elles :dont trois repr\u00e9sentants de la F\u00e9d\u00e9ration D\u00e9partementale des Syndicats d'ExploitantsAgricoles ;dont deux repr\u00e9sentants des Jeunes Agriculteurs ;dont deux repr\u00e9sentants de la Coordination Ruraledont un repr\u00e9sentant de la Conf\u00e9d\u00e9ration paysanne ;Un agriculteur membre d'un groupement agricole d'exploitation en commun, repr\u00e9sentantles agriculteurs travaillant en commun dans le ressort territorial de la commission, d\u00e9sign\u00e9 surproposition de l'Association nationale des soci\u00e9t\u00e9s et groupements agricoles pour'exploitationen commun ;Un repr\u00e9sentant du financement de I'agriculture (Cr\u00e9dit Agricole) ;Un repr\u00e9sentant des fermiers-m\u00e9tayers ;Un repr\u00e9sentant des propri\u00e9taires agricoles ;\nddt@cote-dor.gouv.fr\n\u2022\n\u2022\u2022\n\u2022\n\u2022\n\u25e6\n\u2022\u2022\u25e6\n\u25e6\n\u25e6;\u25e6\u2022\u2022\u2022\u2022\nDirection d\u00e9partementale des territoires de la C\u00f4te-d'Or - 21-2024-02-15-00005 - Arr\u00eat\u00e9 pr\u00e9fectoral n\u00b0 359\nrelatif \u00e0 la composition de la section sp\u00e9cialis\u00e9e \u00ab\u00a0structures, \u00e9conomie et GAEC\u00a0\u00bb de la Commission D\u00e9partementale d\u25a1Orientation\nde l\u25a1Agriculture de la C\u00f4te d\u25a1Or\n21\nDeux personnes qualifi\u00e9es :dont un au titre de la SAFER;dont un au titre de la Conf\u00e9d\u00e9ration des Appellations et des Vignerons deBourgogne (CAVB) ;ARTICLE 2 : Sont appel\u00e9s \u00e0 participer aux travaux de la commission en qualit\u00e9 d'expert comp\u00e9tentsur les objets \u00e0 traiter, \u00e0 titre consultatif:Le directeur de la Chambre d\u00e9partementale d'agriculture de la C\u00f4te-d'Or ;Le directeur de la SAFER de la C\u00f4te-d'Or;le pr\u00e9sident de CerFrance \u2014 C\u00f4te-d'Or ou son repr\u00e9sentant ;le pr\u00e9sident d'AUCAP TERRAVEA ou son repr\u00e9sentant ;le pr\u00e9sident de la F\u00e9d\u00e9ration d\u00e9partementale des CUMA ou son repr\u00e9sentant;le pr\u00e9sident de la Chambre des Notaires ou son repr\u00e9sentant.D'autres experts pourront \u00eatre appel\u00e9s \u00e0 si\u00e9ger \u00e0 titre consultatif au besoin et en fonction desaffaires \u00e0 traiter.ARTICLE 3: Le secr\u00e9tariat de cette section sp\u00e9cialis\u00e9e de la commission d\u00e9partementaled'orientation de l'agriculture est assur\u00e9e par la direction d\u00e9partementale des territoires de la C\u00f4ted'Or.ARTICLE 4 : I'arr\u00e9t\u00e9 pr\u00e9fectoral n\u00b01320 du 07 novembre 2022 relatif \u00e0 la composition de lacommission d\u00e9partementale d'orientation de l'agriculture de la Cote-d'Or et l'arr\u00eat\u00e9pr\u00e9fectoral n\u00b01321 du 07 novembre 2022 fixant la nomination de la formation sp\u00e9cialis\u00e9e GAEC dela commission d\u00e9partementale d'orientation de l'agriculture en C\u00f4te-d'Or sont abrog\u00e9s.ARTICLE 5 : Le secr\u00e9taire g\u00e9n\u00e9ral de la pr\u00e9fecture de la C\u00f4te-d'Or et la directrice d\u00e9partementaledes territoires sont charg\u00e9s, chacun en ce qui le concerne, de l'ex\u00e9cution du pr\u00e9sent arr\u00eat\u00e9, quisera publi\u00e9 au recueil des actes administratifs de la pr\u00e9fecture de la C\u00f4te-d'Or.\nFait \u00e0 Dijon, le 15/02/2024Le pr\u00e9fet,SIGNE\nFranck ROBINE\nddt@cote-dor.gouv.fr\n\u2022\u25e6\u25e6\u2022\u2022\u2022\u2022\u2022\u2022\nDirection d\u00e9partementale des territoires de la C\u00f4te-d'Or - 21-2024-02-15-00005 - Arr\u00eat\u00e9 pr\u00e9fectoral n\u00b0 359\nrelatif \u00e0 la composition de la section sp\u00e9cialis\u00e9e \u00ab\u00a0structures, \u00e9conomie et GAEC\u00a0\u00bb de la Commission D\u00e9partementale d\u25a1Orientation\nde l\u25a1Agriculture de la C\u00f4te d\u25a1Or\n22\nDirection d\u00e9partementale des territoires de la\nC\u00f4te-d'Or\nService \u00c9conomie Agricole et Environnement des\nExploitations\n21-2024-02-15-00001\nArr\u00eat\u00e9 pr\u00e9fectoral n\u00b0347\nmodifiant l\u25a1arr\u00eat\u00e9 pr\u00e9fectoral n\u00b01320 du\n07/11/2022 relatif \u00e0 la composition de la\nCommission D\u00e9partementale d\u25a1Orientation de\nl\u25a1Agriculture de la C\u00f4te d\u25a1Or\nDirection d\u00e9partementale des territoires de la C\u00f4te-d'Or - 21-2024-02-15-00001 - Arr\u00eat\u00e9 pr\u00e9fectoral n\u00b0347\nmodifiant l\u25a1arr\u00eat\u00e9 pr\u00e9fectoral n\u00b01320 du 07/11/2022 relatif \u00e0 la composition de la Commission D\u00e9partementale d\u25a1Orientation de\nl\u25a1Agriculture de la C\u00f4te d\u25a1Or\n23\nDirection d\u00e9partementale des territoires de la C\u00f4te-d'Or - 21-2024-02-15-00001 - Arr\u00eat\u00e9 pr\u00e9fectoral n\u00b0347\nmodifiant l\u25a1arr\u00eat\u00e9 pr\u00e9fectoral n\u00b01320 du 07/11/2022 relatif \u00e0 la composition de la Commission D\u00e9partementale d\u25a1Orientation de\nl\u25a1Agriculture de la C\u00f4te d\u25a1Or\n24\nSur proposition de la Directrice d\u00e9partementale des territoires de la C\u00f4te-d'Or ;ARR\u00caTEARTICLE 1*: La composition de la Commission D\u00e9partementale d'Orientation del'Agriculture (CDOA), institu\u00e9e par l'article R.313-1 du Code Rural, est d\u00e9finie dans led\u00e9partement de la C\u00f4te-d'Or, suite aux propositions vis\u00e9es ci-dessus, pour une dur\u00e9e detrois ans \u00e0 compter du 07 novembre 2022.La CDOA est compos\u00e9e comme suit :Le Pr\u00e9fet ou son repr\u00e9sentant, pr\u00e9sident ;La pr\u00e9sidente du Conseil R\u00e9gional ou son repr\u00e9sentant;Le pr\u00e9sident du Conseil D\u00e9partemental ou son repr\u00e9sentant;La directrice d\u00e9partementale des Territoires ou son repr\u00e9sentant ;Le directeur des Finances Publiques ou son repr\u00e9sentant ;Un pr\u00e9sident d'\u00c9tablissement Public de Coop\u00e9ration Inter-communale ou sonrepr\u00e9sentant :Titulaire Suppl\u00e9antsBONNET-VALLET Marie-Claire Non d\u00e9sign\u00e9sTrois repr\u00e9sentants de la Chambre d'Agriculture :Titulaires Suppl\u00e9antsLAVIER Vincent VEILLARD Aur\u00e9lienLANGEL-ANDRIOT Isabelle GENIN FabriceLOISEAU FloraLECHENAULT Christophedont un au titre des soci\u00e9t\u00e9s coop\u00e9ratives agricoles :Titulaire Suppl\u00e9antsGUILLEMOT Jean-Pierre MORAND MarcBORNOT M\u00e9lanieLe pr\u00e9sident de la Caisse de Mutualit\u00e9 Sociale Agricole ou son repr\u00e9sentant ;Deux repr\u00e9sentants des activit\u00e9s de transformation des produits de l'agriculture,dont un repr\u00e9sentant au titre des entreprises agroalimentaires noncoop\u00e9ratives (VITAGORA) :Titulaires Suppl\u00e9antGUEZ Pierre BREUILLET Christophe\nddt@cote-dor.gouv.fr\n\u2022\n\u2022\n\u2022\n\u2022\n\u2022\n\u2022\u2022\u25e6\u2022\u2022\u25e6\nDirection d\u00e9partementale des territoires de la C\u00f4te-d'Or - 21-2024-02-15-00001 - Arr\u00eat\u00e9 pr\u00e9fectoral n\u00b0347\nmodifiant l\u25a1arr\u00eat\u00e9 pr\u00e9fectoral n\u00b01320 du 07/11/2022 relatif \u00e0 la composition de la Commission D\u00e9partementale d\u25a1Orientation de\nl\u25a1Agriculture de la C\u00f4te d\u25a1Or\n25\ndont un au titre des soci\u00e9t\u00e9s coop\u00e9ratives agricoles :Titulaire Suppl\u00e9antsNon d\u00e9sign\u00e9 Non d\u00e9sign\u00e9sHuit repr\u00e9sentants des organisations syndicales d'exploitants agricoles a vocation g\u00e9n\u00e9ralehabilit\u00e9es en application de l'article R.514-37 relatif \u00e0 la repr\u00e9sentation des organisationssyndicales d'exploitants agricoles au sein de certains organismes ou commissions, dont aumoins un repr\u00e9sentant de chacune d'elles :dont trois repr\u00e9sentants de la F\u00e9d\u00e9ration D\u00e9partementale des Syndicats d'ExploitantsAgricoles :Titulaires Suppl\u00e9antsEHRET Bernard GEVREY SimonBERTHAUT G\u00e9rard GUYON DominiqueRAILLARD Emmanuel SAUNOIS PhilippeFAIVRE FabriceGROS MartialMARECHAL Samueldont deux repr\u00e9sentants des Jeunes AgriculteursTitulaires Suppl\u00e9antsBRET Cyril AUBRY ThibautPECHINOT Cl\u00e9ment COLSON BaptisteSALOMON YannickFAIVRE Mathieudont deux repr\u00e9sentants de la Coordination RuraleTitulaires Suppl\u00e9antsBOURDOT Jean-Bernard D'HAUTEFEUILLE XavierHOFFMAN Cyril BATHELIER Jean-Fran\u00e7oisPARISOT Brunodont un repr\u00e9sentant de la Conf\u00e9d\u00e9ration paysanne :Titulaire Suppl\u00e9antsGAUJARD J\u00e9rome MAURICE Thomas\nUn repr\u00e9sentant des salari\u00e9s agricoles :Titulaire Suppl\u00e9antsNon d\u00e9sign\u00e9 Non d\u00e9sign\u00e9s\nDeux repr\u00e9sentants de la distribution des produits agroalimentaires (CCI) :Titulaire Suppl\u00e9antREGNAULT Denis PHILIPPE Beno\u00eet\nddt@cote-dor.gouv.fr\n\u25e6\u2022\u25e6\n\u25e6 :\n\u25e6 :\u25e6\u2022\u2022\nDirection d\u00e9partementale des territoires de la C\u00f4te-d'Or - 21-2024-02-15-00001 - Arr\u00eat\u00e9 pr\u00e9fectoral n\u00b0347\nmodifiant l\u25a1arr\u00eat\u00e9 pr\u00e9fectoral n\u00b01320 du 07/11/2022 relatif \u00e0 la composition de la Commission D\u00e9partementale d\u25a1Orientation de\nl\u25a1Agriculture de la C\u00f4te d\u25a1Or\n26\ndont un au titre du commerce ind\u00e9pendant de l'alimentation (CMA):Titulaire Suppl\u00e9antsLECLERC-LANCLUME Ghyslaine Non d\u00e9sign\u00e9s\nUn repr\u00e9sentant du financement de I'agriculture (Cr\u00e9dit Agricole) :Titulaire Suppl\u00e9antsBERTRAND Philippe BELOT DanielFran\u00e7ois-Xavier LEVEQUEUn repr\u00e9sentant des fermiers-m\u00e9tayers :Titulaire Suppl\u00e9antsDUTHU Dominique CARION AlainFOUCHET EricUn repr\u00e9sentant des propri\u00e9taires agricoles :Titulaire Suppl\u00e9antsDE LOISY Jacques DE MAGNITOT RaoulVOISIN Andr\u00e9Un repr\u00e9sentant de la propri\u00e9t\u00e9 foresti\u00e8re :Titulaire Suppl\u00e9antsNon d\u00e9sign\u00e9 Non d\u00e9sign\u00e9sDeux repr\u00e9sentants des associations agr\u00e9\u00e9es pour la protection de l'environnement :dont un au titre de la F\u00e9d\u00e9ration pour la P\u00eache et la Protection des MilieuxAquatiques :Titulaire Suppl\u00e9antsSONVICO Jean-Pierre SIBILLE BernardROGOSINSKI Andr\u00e9dont un au titre de la F\u00e9d\u00e9ration D\u00e9partementale des Chasseurs de la C\u00f4te-d'Or :Titulaire Suppl\u00e9antsSECULA Pascal JOBLIN Jean-LucMONNET B\u00e9atriceUn repr\u00e9sentant de l'artisanat :Titulaire Suppl\u00e9antsLECLERC-LANCLUME Ghyslaine Non d\u00e9sign\u00e9sUn repr\u00e9sentant des consommateurs (UFC Que Choisir) :Titulaire Suppl\u00e9antsCLEMENCIN G\u00e9rard Non d\u00e9sign\u00e9s\nddt@cote-dor.gouv.fr\n\u25e6\u2022\u2022\u2022\u2022\u2022\u25e6\u25e6\u2022\u2022\nDirection d\u00e9partementale des territoires de la C\u00f4te-d'Or - 21-2024-02-15-00001 - Arr\u00eat\u00e9 pr\u00e9fectoral n\u00b0347\nmodifiant l\u25a1arr\u00eat\u00e9 pr\u00e9fectoral n\u00b01320 du 07/11/2022 relatif \u00e0 la composition de la Commission D\u00e9partementale d\u25a1Orientation de\nl\u25a1Agriculture de la C\u00f4te d\u25a1Or\n27\nDeux personnes qualifi\u00e9es :dont un au titre de la SAFER :Titulaire Suppl\u00e9antLOIZON Jean-Luc RICHARD S\u00e9bastiendont un au titre de la Conf\u00e9d\u00e9ration des Appellations et des Vignerons deBourgogne :Titulaire Suppl\u00e9antsMARTENOT Bernard KOHUT GhislainGRANDGUILLAUME M\u00e9lanieun repr\u00e9sentant de l'\u00e9tablissement public du parc national situ\u00e9 pour tout ou partie dans led\u00e9partement (Parc National des For\u00eats)Titulaire Suppl\u00e9antPUYDARRIEUX Philippe VANSTEELANT Jean-Yves\nARTICLE 2 : Sont appel\u00e9s \u00e0 participer aux travaux de la commission en qualit\u00e9 d'expert comp\u00e9tentsur les objets \u00e0 traiter, \u00e0 titre consultatif:Le directeur de la Chambre d\u00e9partementale d'agriculture de la C\u00f4te-d'Or ;Le directeur de la SAFER de la C\u00f4te-d'Or;le pr\u00e9sident de CerFrance - C\u00f4te-d'Or ou son repr\u00e9sentant ;le pr\u00e9sident d'AUCAP TERRAVEA ou son repr\u00e9sentant ;le pr\u00e9sident de la F\u00e9d\u00e9ration d\u00e9partementale des CUMA ou son repr\u00e9sentant;le pr\u00e9sident du GAB 21 ou son repr\u00e9sentant;le repr\u00e9sentant de l'association nationale des soci\u00e9t\u00e9s et groupements agricoles pourI'exploitation en commun ;le pr\u00e9sident de la Chambre des Notaires ou son repr\u00e9sentant.D'autres experts pourront \u00eatre appel\u00e9s \u00e0 si\u00e9ger \u00e0 titre consultatif au besoin et en fonction desaffaires \u00e0 traiter.ARTICLE 3 : La commission d\u00e9partementale d'orientation de l'agriculture peut cr\u00e9er des \u00ab sectionssp\u00e9cialis\u00e9es \u00bb plac\u00e9es sous la pr\u00e9sidence du pr\u00e9fet ou de son repr\u00e9sentant.Une section sp\u00e9cialis\u00e9e de la commission d\u00e9partementale d'orientation de l'agriculture dite\u00ab Structures, \u00e9conomie et GAEC \u00bb est instaur\u00e9e et exerce les comp\u00e9tences d\u00e9l\u00e9gu\u00e9es par la CDOAconcernant les avis sur les d\u00e9cisions individuelles en mati\u00e8re de structures agricoles, les aides auxexploitants, aux exploitations, aux cultures et aux modes de production, les op\u00e9rations relevant dela loi de mesures d'urgence pour assurer la r\u00e9gulation du foncier au travers des structuressoci\u00e9taires et les dossiers relatifs au groupement agricole d'exploitation en commun (GAEC).La composition de cette section fait l'objet d'un arr\u00eat\u00e9 pr\u00e9fectoral sp\u00e9cifique.ARTICLE 4 : Le secr\u00e9tariat de la commission d\u00e9partementale d'orientation de l'agriculture et de lasection sp\u00e9cialis\u00e9e est assur\u00e9e par la direction d\u00e9partementale des territoires de la C\u00f4te d'Or quiactualise la liste des membres autant que de besoin.\nddt@cote-dor.gouv.fr\n\u2022\u25e6\u25e6\u2022\u2022\u2022\u2022\u2022\u2022\u2022\u2022\u2022\nDirection d\u00e9partementale des territoires de la C\u00f4te-d'Or - 21-2024-02-15-00001 - Arr\u00eat\u00e9 pr\u00e9fectoral n\u00b0347\nmodifiant l\u25a1arr\u00eat\u00e9 pr\u00e9fectoral n\u00b01320 du 07/11/2022 relatif \u00e0 la composition de la Commission D\u00e9partementale d\u25a1Orientation de\nl\u25a1Agriculture de la C\u00f4te d\u25a1Or\n28\nARTICLE 5 : I'arr\u00e9t\u00e9 pr\u00e9fectoral n\u00b01320 du 07 novembre 2022 relatif \u00e0 la composition de lacommission d\u00e9partementale d'orientation de l'agriculture de la C\u00f4te-d'Or et l'arr\u00e9t\u00e9pr\u00e9fectoral n\u00b01321 du 07 novembre 2022 fixant la nomination de la formation sp\u00e9cialis\u00e9e GAEC dela commission d\u00e9partementale d'orientation de l'agriculture en C\u00f4te-d'Or sont abrog\u00e9s.ARTICLE 6 : Le secr\u00e9taire g\u00e9n\u00e9ral de la pr\u00e9fecture de la C\u00f4te-d'Or et la directrice d\u00e9partementaledes territoires sont charg\u00e9s, chacun en ce qui le concerne, de l'ex\u00e9cution du pr\u00e9sent arr\u00eat\u00e9, quisera publi\u00e9 au recueil des actes administratifs de la pr\u00e9fecture de la C\u00f4te-d'Or.\nFait \u00e0 Dijon, le 15/02/2024Le pr\u00e9fet,SIGNE\nFranck ROBINE\nddt@cote-dor.gouv.fr\nDirection d\u00e9partementale des territoires de la C\u00f4te-d'Or - 21-2024-02-15-00001 - Arr\u00eat\u00e9 pr\u00e9fectoral n\u00b0347\nmodifiant l\u25a1arr\u00eat\u00e9 pr\u00e9fectoral n\u00b01320 du 07/11/2022 relatif \u00e0 la composition de la Commission D\u00e9partementale d\u25a1Orientation de\nl\u25a1Agriculture de la C\u00f4te d\u25a1Or\n29\nDirection d\u00e9partementale des territoires de la\nC\u00f4te-d'Or\nService Pr\u00e9servation et Am\u00e9nagement de\nl'Espace (SPAE)\n21-2024-02-14-00002\nArr\u00eat\u00e9 pr\u00e9fectoral du 14 f\u00e9vrier 2024 autorisant\nMonsieur Florian BRIGAND \u00e0 effectuer des tirs de\nd\u00e9fense simple en vue de la protection de son\ntroupeau de bovins contre la pr\u00e9dation du loup\n(Canis lupus)\nDirection d\u00e9partementale des territoires de la C\u00f4te-d'Or - 21-2024-02-14-00002 - Arr\u00eat\u00e9 pr\u00e9fectoral du 14 f\u00e9vrier 2024 autorisant\nMonsieur Florian BRIGAND \u00e0 effectuer des tirs de d\u00e9fense simple en vue de la protection de son troupeau de bovins contre la\npr\u00e9dation du loup (Canis lupus)\n30\nExPREFETDE LACOTE-D'ORL,z'bert\u00e9Egalit\u00e9Fraternit\u00e9\nDirection d\u00e9partementale des territoires\nde la C\u00f4te-d'Or\nArr\u00eat\u00e9 pr\u00e9fectoral du 14 f\u00e9vrier 2024\nautorisant Monsieur Florian BRIGAND \u00e0 effectuer des tirs de d\u00e9fense simple en vue de la\nprotection de son troupeau de bovins contre la pr\u00e9dation du loup (Canis lupus)\nLe Pr\u00e9fet de la C\u00f4te-d'Or\nVU la  d\u00e9cision  d'ex\u00e9cution  de  la  Commission  europ\u00e9enne  du  31  ao\u00fbt  2022  portant\napprobation du plan strat\u00e9gique relevant de la PAC 2023-2027 de la France en vue d'un\nsoutien  de  l'Union  financ\u00e9  par  le  Fonds  europ\u00e9en  agricole  de  garantie  et  le  Fonds\neurop\u00e9en agricole pour le d\u00e9veloppement rural ;\nVU le code rural et de la p\u00eache maritime et notamment ses articles L.111-2 et L.113-1 et\nsuivants ainsi que ses articles D.114-11 et suivants ;\nVU le code de la s\u00e9curit\u00e9 int\u00e9rieure  et notamment ses articles L. 311-2 et suivants, R.311-2\net suivants ;\nVU l'arr\u00eat\u00e9 du 23 a vril 2007 modifi\u00e9 fixant la liste des mammif\u00e8res terrestres prot\u00e9g\u00e9s sur\nl'ensemble du territoire et les modalit\u00e9s de leur protection ;\nVU l'arr\u00eat\u00e9 du 19 f\u00e9vrier 2007 modifi\u00e9 fixant les conditions de demande et d'instruction\ndes d\u00e9rogations d\u00e9finies au 4\u00b0 de l'article L. 411-2 du code de l'environnement portant sur\nles esp\u00e8ces de faune et de flore sauvages prot\u00e9g\u00e9es ;\nVU l'arr\u00eat\u00e9 minist\u00e9riel du 23 octobre 2020  fixant les conditions et limites dans lesquelles\ndes d\u00e9rogations aux interdictions de destruction peuvent \u00eatre accord\u00e9es par les pr\u00e9fets\nconcernant le loup (Canis lupus) ;\nVU l'arr\u00eat\u00e9 minist\u00e9riel du  23 octobre 2020  fixant le nombre maximum de sp\u00e9cimens de\nloups (Canis lupus) dont la destruction pourra \u00eatre autoris\u00e9e chaque ann\u00e9e ;\nVU l'arr\u00eat\u00e9 pr\u00e9fectoral du 10 mars 2021 fixant la liste des personnes habilit\u00e9es \u00e0 participer\naux op\u00e9rations de tir de d\u00e9fense renforc\u00e9e et aux op\u00e9rations de tir de pr\u00e9l\u00e8vement dans\nle  d\u00e9partement  de  la  C\u00f4te-d'Or,  en  application  de  l'arr\u00eat\u00e9  interminist\u00e9riel  du\n23 octobre 2020 fixant  les  conditions  et  limites  dans  lesquelles  des  d\u00e9rogations  aux\ninterdictions de destruction peuvent \u00eatre accord\u00e9es par les pr\u00e9fets concernant le loup\n(Canis lupus) ;\n1\nDirection d\u00e9partementale des territoires de la C\u00f4te-d'Or\n57 , rue de Mulhouse - BP 53317 - 21033 Dijon CEDEX\nT\u00e9l. : 03 80 29 44 44\nCourriel : ddt@cote-dor.gouv.fr - Site internet : \nhttp://www.cote-dor.gouv.fr\nDirection d\u00e9partementale des territoires de la C\u00f4te-d'Or - 21-2024-02-14-00002 - Arr\u00eat\u00e9 pr\u00e9fectoral du 14 f\u00e9vrier 2024 autorisant\nMonsieur Florian BRIGAND \u00e0 effectuer des tirs de d\u00e9fense simple en vue de la protection de son troupeau de bovins contre la\npr\u00e9dation du loup (Canis lupus)\n31\nVU la note technique du pr\u00e9fet coordonnateur du plan national d'action sur le loup et les\nactivit\u00e9s d'\u00e9levage en date du 28 juin 2019, \u00e9tablissant le caract\u00e8re \u00ab  non prot\u00e9geable \u00bb\ndes troupeaux bovins et \u00e9quins ;\nVU la  demande  en  date  du  20  janvier  2024 par  laquelle  Monsieur  Florian  BRIGAND\n(repr\u00e9sentant de l'EARL de la Roche Vellemont)  sollicite une autorisation d' effectuer des\ntirs  de d\u00e9fense  simple en vue de la protection de son troupeau  d e bovins  contre la\npr\u00e9dation du loup (Canis lupus), sur la commune de Jailly-les-Moulins ;\nConsid\u00e9rant que le troupeau de bovins d\u00e9tenu par  l'EARL de la Roche Vellemont  a subi\ndeux actes de pr\u00e9dation les 18 janvier et 31 janvier 2024, pour lequel la responsabilit\u00e9 du\nloup  n'a  pas  \u00e9t\u00e9  \u00e9cart\u00e9e,  et  que  la  protection  de  ce  troupeau  ne  peut  pas  \u00eatre\nsubventionn\u00e9e dans le cadre de l'op\u00e9ration de protection de l'environnement dans les\nespaces ruraux portant sur la protection des troupeaux contre la pr\u00e9dation ;\nConsid\u00e9rant  que le troupeau peut \u00eatre reconnu comme n'\u00e9tant pas prot\u00e9geable, au vu\ndes \u00e9l\u00e9ments sus-mentionn\u00e9s ;\nCONSIDERANT qu'il existe un risque important de dommages au troupeau de bovins de\nl'EARL de la Roche Vellemont ;\nCONSIDERANT qu' il convient de  pr\u00e9venir  des  dommages  importants au troupeau  de\nbovins de l'EARL de la Roche Vellemont par la mise en \u0153uvre de tirs de d\u00e9fense simple, en\nl'absence d'autre solution satisfaisante ;\nCONSIDERANT que la mise en \u0153uvre de ces tirs de d\u00e9fense ne nuira pas au maintien du\nloup dans un \u00e9tat de conservation favorable dans son aire de r\u00e9partition naturelle, dans la\nmesure o\u00f9 elle s'inscrit dans le respect du nombre maximum de sp\u00e9cimens de loups dont\nla  destruction  peut  \u00eatre  autoris\u00e9e  chaque  ann\u00e9e,  fix\u00e9  par  les  arr\u00eat\u00e9s minist\u00e9riels  du\n23 octobre 2020 sus-vis\u00e9s, qui int\u00e8grent cette pr\u00e9occupation ;\nSUR proposition de Madame la directrice d\u00e9partementale des territoires de la C\u00f4te-d'Or ;\nA R R \u00ca T E\nARTICLE 1  er  \nMonsieur  Florian BRIGAND, repr\u00e9sentant l'EARL de la Roche Vellemont,  est autoris\u00e9 \u00e0\nmettre en \u0153uvre des tirs de d\u00e9fense simple de son troupeau contre la pr\u00e9dation du loup,\nselon  les  modalit\u00e9s  pr\u00e9vues  par  le  pr\u00e9sent  arr\u00eat\u00e9  et  par  les  arr\u00eat\u00e9s minist\u00e9riel s du\n23 octobre 2020 susvis\u00e9s, ainsi que dans le respect des conditions g\u00e9n\u00e9rales de s\u00e9curit\u00e9\n\u00e9dict\u00e9es par l'Office fran\u00e7ais de la biodiversit\u00e9 qui lui sont communiqu\u00e9es avec le pr\u00e9sent\narr\u00eat\u00e9.\n2\nDirection d\u00e9partementale des territoires de la C\u00f4te-d'Or - 21-2024-02-14-00002 - Arr\u00eat\u00e9 pr\u00e9fectoral du 14 f\u00e9vrier 2024 autorisant\nMonsieur Florian BRIGAND \u00e0 effectuer des tirs de d\u00e9fense simple en vue de la protection de son troupeau de bovins contre la\npr\u00e9dation du loup (Canis lupus)\n32\nARTICLE 2\nLa  pr\u00e9sente  autorisation  est  subordonn\u00e9e  \u00e0  l'exposition  du  troupeau  de  bovins  \u00e0  la\npr\u00e9dation.\nLe tir de d\u00e9fense ne peut \u00eatre mis en \u0153uvre que pour d\u00e9fendre le troupeau de bovins\ncontre un loup en situation d'attaque.\nLe troupeau de bovins d\u00e9tenu par  l'EARL de la Roche Vellemont  \u00e9tant reconnu comme\nn'\u00e9tant pas prot\u00e9geable, cette autorisation n'est pas conditionn\u00e9e \u00e0 la mise en \u0153uvre\neffective de moyens de protection contre la pr\u00e9dation par le loup.\nToutefois, aucun tir ne peut \u00eatre r\u00e9alis\u00e9 \u00e0 proximit\u00e9 d'un b\u00e2timent dans lequel le troupeau\nserait enferm\u00e9 en s\u00e9curit\u00e9.\nARTICLE 3\nLe tir de d\u00e9fense simple peut \u00eatre mis en \u0153uvre par :\n\u2022 le  b\u00e9n\u00e9ficiaire  de  l'autorisation,  sous  r\u00e9serve  qu'il soit  titulaire  d'un  permis  de\nchasser valable pour l'ann\u00e9e en cours et d'une assurance couvrant l'activit\u00e9 de tir\ndu loup ;\n\u2022 toute  personne  mandat\u00e9e  par  \u00e9crit par  le  b\u00e9n\u00e9ficiaire  de  l'autorisation  et\nmentionn\u00e9e sur le registre de tir d\u00e9crit \u00e0 l'article 7 , sous r\u00e9serve qu'elle soit titulaire\nd'un permis de chasser valable pour l'ann\u00e9e en cours et d'une assurance couvrant\nl'activit\u00e9 de tir du loup ;\n\u2022 l'ensemble des chasseurs  habilit\u00e9s \u00e0 participer aux op\u00e9rations de tir de d\u00e9fense\nrenforc\u00e9e et aux op\u00e9rations de tir de pr\u00e9l\u00e8vement du loup dans le d\u00e9partement de\nC\u00f4te-d'Or, dont la liste est fix\u00e9e par arr\u00eat\u00e9 pr\u00e9fectoral ;\n\u2022 ainsi  que,  le  cas  \u00e9ch\u00e9ant,  si  les  conditions  le  requi\u00e8rent  et  de  mani\u00e8re  tr\u00e8s\nexceptionnelle,  par  les  lieutenants  de  louveterie  ou  par  les  agents  de  l'office\nfran\u00e7ais de la biodiversit\u00e9 , mobilis\u00e9s \u00e0 cette fin par l'autorit\u00e9 administrative.\nIl ne peut avoir qu'un seul tireur agissant en m\u00eame temps pour chacun des lots d'animaux,\nces lots \u00e9tant distants les uns des autres et constitu\u00e9s dans une logique de conduite du\ntroupeau.\nARTICLE   4  \nLa r\u00e9alisation des  tirs de d\u00e9fense  simple d oit v\u00e9rifier  l'ensemble des conditions de lieu\nsuivantes :\n\u2022 sur la commune de Jailly-les-Moulins ;\n\u2022 \u00e0 proximit\u00e9 du troupeau de bovins ou des lots constituant le troupeau de bovins\nd\u00e9tenus par le b\u00e9n\u00e9ficiaire de l'autorisation ;\n\u2022 sur  les  p\u00e2turages,  surfaces  et  parcours  mis  en  valeur  par  le  b\u00e9n\u00e9ficiaire  de\nl'autorisation, ainsi qu'\u00e0 leur proximit\u00e9 imm\u00e9diate, dont la localisation figure en\nannexe du pr\u00e9sent arr\u00eat\u00e9.\nLa pr\u00e9sente autorisation ne peut pas \u00eatre utilis\u00e9e pour d\u00e9fendre des troupeaux d'ovins ou\nde caprins.\n3\nDirection d\u00e9partementale des territoires de la C\u00f4te-d'Or - 21-2024-02-14-00002 - Arr\u00eat\u00e9 pr\u00e9fectoral du 14 f\u00e9vrier 2024 autorisant\nMonsieur Florian BRIGAND \u00e0 effectuer des tirs de d\u00e9fense simple en vue de la protection de son troupeau de bovins contre la\npr\u00e9dation du loup (Canis lupus)\n33\nARTICLE   5  \nLes tirs de d\u00e9fense simple peuvent avoir lieu de jour comme de nuit.\nLe tir de nuit ne peut \u00eatre effectu\u00e9 qu'apr\u00e8s identification formelle de la cible et de son\nenvironnement \u00e0 l'aide d'une source lumineuse.\nARTICLE   6  \nLes tirs de d\u00e9fense  simple  sont  exclusivement  r\u00e9alis\u00e9s avec toute arme de cat\u00e9gorie C\nmentionn\u00e9e \u00e0 l'article R.311-2 du code de la s\u00e9curit\u00e9 int\u00e9rieure.\nL'utilisation de dispositifs de r\u00e9duction du son \u00e9mis par le tir n'est pas autoris\u00e9e.\nSous r\u00e9serve d'une validation pr\u00e9alable par l'office fran\u00e7ais de la biodiversit\u00e9, tous les\nmoyens susceptibles d'am\u00e9liorer les tirs de d\u00e9fense simple, notamment les moyens pour\nd\u00e9tecter la pr\u00e9sence de sp\u00e9cimens de loups, ainsi que la s\u00e9curit\u00e9 des participants peuvent\n\u00eatre utilis\u00e9s.\nToutefois, ne peuvent \u00eatre mis en \u0153uvre les moyens visant intentionnellement \u00e0 :\n\u2022 provoquer des r\u00e9actions chez les loups de nature \u00e0 faciliter leur d\u00e9tection par les\ntireurs, tels que les hurlements provoqu\u00e9s ;\n\u2022 attirer  les  loups  \u00e0  proximit\u00e9  des  tireurs,  tels  que  les  app\u00e2ts  mis  en  place\nvolontairement ;\n\u2022 contraindre les loups \u00e0 se rapprocher des tireurs, tels que les battues.\nL'utilisation de dispositifs de rep\u00e9rage utilisant la technologie d'amplification de lumi\u00e8re\nou  la  d\u00e9tection  thermique  est  r\u00e9serv\u00e9e  aux  lieutenants  de  louveterie,  aux  agents  de\nl'office  fran\u00e7ais  de  la  biodiversit\u00e9 et  aux  chasseurs  habilit\u00e9s  en  vertu  des  arr\u00eat\u00e9s\npr\u00e9fectoraux susvis\u00e9s op\u00e9rant en pr\u00e9sence d'un lieutenant de louveterie ou d'un agent de\nl'office fran\u00e7ais de la biodiversit\u00e9.\nL'utilisation de lunettes de tir \u00e0 vis\u00e9e thermique est r\u00e9serv\u00e9e aux agents de l'office fran\u00e7ais\nde  la  biodiversit\u00e9,  ainsi  qu'aux  lieutenants  de  louveterie,  et  sous  r\u00e9serve  de  leur\nclassement en armes de cat\u00e9gorie C.\nARTICLE   7  \nLa pr\u00e9sente autorisation est subordonn\u00e9e \u00e0 la tenue d'un registre pr\u00e9cisant :\n\u2022 le(s) nom(s) et pr\u00e9nom(s) du d\u00e9tenteur de l'arme ainsi que le num\u00e9ro de son permis\nde chasser ;\n\u2022 la date et le lieu de l'op\u00e9ration de tir de d\u00e9fense.\net le cas \u00e9ch\u00e9ant :\n\u2022 les heures de d\u00e9but et de fin de l'op\u00e9ration ;\n\u2022 le nombre de loups observ\u00e9s ;\n4\nDirection d\u00e9partementale des territoires de la C\u00f4te-d'Or - 21-2024-02-14-00002 - Arr\u00eat\u00e9 pr\u00e9fectoral du 14 f\u00e9vrier 2024 autorisant\nMonsieur Florian BRIGAND \u00e0 effectuer des tirs de d\u00e9fense simple en vue de la protection de son troupeau de bovins contre la\npr\u00e9dation du loup (Canis lupus)\n34\n\u2022 le nombre de tirs effectu\u00e9s ;\n\u2022 l'estimation de la distance de tir ;\n\u2022 l'estimation de la distance entre le loup et le troupeau au moment du tir ;\n\u2022 la nature de l'arme et des munitions utilis\u00e9es ;\n\u2022 la nature des moyens susceptibles d'am\u00e9liorer le tir qui ont \u00e9t\u00e9 utilis\u00e9s ;\n\u2022 la description du comportement du loup s'il a pu \u00eatre observ\u00e9 (fuite, saut...).\nCe  registre  est  tenu  \u00e0  la  disposition  des  agents  charg\u00e9s  des  missions  de  police.  Les\ninformations qu'il contient sont adress\u00e9es au moins une fois par an au pr\u00e9fet, entre le 1er et\nle 31 janvier de l'ann\u00e9e N+1. Le pr\u00e9fet peut \u00e9galement exiger un retour du registre \u00e0 tout\nmoment dans l'ann\u00e9e.\nARTICLE   8  \nLe b\u00e9n\u00e9ficiaire de la pr\u00e9sente  autorisation informe le service d\u00e9partemental de l'office\nfran\u00e7ais de la biodiversit\u00e9 de tout tir en direction d'un loup dans un d\u00e9lai de 12 heures \u00e0\ncompter de sa r\u00e9alisation. \nPour  un  tir  dont  l'auteur  estime  qu'il  n'a  pas  atteint  sa  cible,  l'office  fran\u00e7ais  de  la\nbiodiversit\u00e9 \u00e9value la n\u00e9cessit\u00e9 de conduire des recherches.\nSi un loup est bless\u00e9 dans le cadre de la pr\u00e9sente autorisation,  son b\u00e9n\u00e9ficiaire informe\nsans d\u00e9lai  le service d\u00e9partemental de  l'office fran\u00e7ais de la biodiversit\u00e9  qui  est charg\u00e9\nd'informer le pr\u00e9fet et de rechercher l'animal.\nSi un loup est tu\u00e9 dans le cadre de la pr\u00e9sente autorisation, son b\u00e9n\u00e9ficiaire informe sans\nd\u00e9lai le service d\u00e9partemental de l'office fran\u00e7ais de la biodiversit\u00e9  qui informe le pr\u00e9fet\net prend en charge le cadavre. Dans l'attente de l'arriv\u00e9e des agents de l'office fran\u00e7ais de\nla biodiversit\u00e9 sur les lieux du tir, le cadavre ne doit pas \u00eatre d\u00e9plac\u00e9 ou manipul\u00e9.\nARTICLE   9  \nLa pr\u00e9sente autorisation cesse de produire son effet si le plafond d\u00e9fini  \u00e0 l'article 1 er de\nl'arr\u00eat\u00e9 minist\u00e9riel du 23 octobre 2020 fixant le nombre maximum de sp\u00e9cimens de loups\ndont la destruction pourra \u00eatre autoris\u00e9e chaque ann\u00e9e est atteint.\nElle redevient valide dans les cas suivants :\n\u2022 \u00e0 la publication de l'arr\u00eat\u00e9 pr\u00e9vu au III de l'article 1 de l'arr\u00eat\u00e9 minist\u00e9riel du  23\noctobre  2020 fixant  le  nombre  maximum  de  sp\u00e9cimens  de  loups  dont  la\ndestruction pourra \u00eatre autoris\u00e9e chaque ann\u00e9e ;\n\u2022 \u00e0  la  publication  sur  le  site  internet  de  la  DREAL  Auvergne-Rh\u00f4ne-Alpes  d'un\nnouveau  nombre  maximum  de  sp\u00e9cimens  de  loups  dont  la  destruction  est\nautoris\u00e9e en application du I de l'article 1 de l'arr\u00eat\u00e9 du 23 octobre 2020 fixant le\nnombre maximum de sp\u00e9cimens de loups dont la destruction pourra \u00eatre autoris\u00e9e\nchaque ann\u00e9e.\n5\nDirection d\u00e9partementale des territoires de la C\u00f4te-d'Or - 21-2024-02-14-00002 - Arr\u00eat\u00e9 pr\u00e9fectoral du 14 f\u00e9vrier 2024 autorisant\nMonsieur Florian BRIGAND \u00e0 effectuer des tirs de d\u00e9fense simple en vue de la protection de son troupeau de bovins contre la\npr\u00e9dation du loup (Canis lupus)\n35\nARTICLE   10  \nLa pr\u00e9sente autorisation peut \u00eatre retir\u00e9e  \u00e0 tout moment sans indemnit\u00e9 si le b\u00e9n\u00e9ficiaire\nn'en respecte pas les clauses ou les prescriptions qui lui sont li\u00e9es.\nARTICLE 1  1  \nLa pr\u00e9sente autorisation est valable jusqu'au 31 d\u00e9cembre 2024.\nARTICLE 1  2  \nLa pr\u00e9sente autorisation est d\u00e9livr\u00e9e sous r\u00e9serve des droits des tiers.\nARTICLE 1  3  \nLa pr\u00e9sente d\u00e9cision est publi\u00e9e au recueil des actes administratifs de la pr\u00e9fecture.\nARTICLE 1  4  \nLe pr\u00e9sent arr\u00eat\u00e9 peut faire l'objet d'un recours devant le tribunal administratif de Dijon\ndans un d\u00e9lai de deux mois \u00e0 compter de sa publication. \nLe tribunal administratif peut \u00eatre saisi par un recours d\u00e9pos\u00e9 via l'application T\u00e9l\u00e9recours\ncitoyens accessible par le site internet \u00ab www.telerecours.fr \u00bb.\nARTICLE 1  5  \nLe secr\u00e9taire  g\u00e9n\u00e9ral  de  la  pr\u00e9fecture  de  C\u00f4te-d'Or,  la directrice  d\u00e9partementale  des\nterritoires  de  C\u00f4te-d'Or,  le  chef  du  service  d\u00e9partemental  de  l'Office  fran\u00e7ais  de  la\nbiodiversit\u00e9 et le commandant du groupement de gendarmerie  sont charg\u00e9s, chacun en\nce qui le concerne, de l'ex\u00e9cution du pr\u00e9sent arr\u00eat\u00e9.\nFait \u00e0 Dijon, le 14 f\u00e9vrier 2024\nLe pr\u00e9fet,\nsign\u00e9 : Franck ROBINE\n6\nDirection d\u00e9partementale des territoires de la C\u00f4te-d'Or - 21-2024-02-14-00002 - Arr\u00eat\u00e9 pr\u00e9fectoral du 14 f\u00e9vrier 2024 autorisant\nMonsieur Florian BRIGAND \u00e0 effectuer des tirs de d\u00e9fense simple en vue de la protection de son troupeau de bovins contre la\npr\u00e9dation du loup (Canis lupus)\n36\nAnnexe \u00e0 l'arr\u00eat\u00e9 pr\u00e9fectoral du \nautorisant Monsieur Florian BRIGAND \u00e0 effectuer des tirs de d\u00e9fense simple \nDirection d\u00e9partementale des territoires de C\u00f4te d'Or \nFait \u00e0 Dijon, le \nLe Pr\u00e9fet \nDirection d\u00e9partementale des territoires de la C\u00f4te-d'Or - 21-2024-02-14-00002 - Arr\u00eat\u00e9 pr\u00e9fectoral du 14 f\u00e9vrier 2024 autorisant\nMonsieur Florian BRIGAND \u00e0 effectuer des tirs de d\u00e9fense simple en vue de la protection de son troupeau de bovins contre la\npr\u00e9dation du loup (Canis lupus)\n37\nDirection d\u00e9partementale des territoires de la\nC\u00f4te-d'Or\nService S\u00e9curit\u00e9 et \u00c9ducation Routi\u00e8re\n21-2024-02-14-00001\nAP 348 20240214 A6 Abrogation\nLimitationVitesse RAA\nDirection d\u00e9partementale des territoires de la C\u00f4te-d'Or - 21-2024-02-14-00001 - AP 348 20240214 A6 Abrogation LimitationVitesse RAA 38\nPREFETDE LACOTE-D'ORL,z'berte'Egalit\u00e9Fraternit\u00e9\nDirection d\u00e9partementale des territoires\nde la C\u00f4te-d'Or\nAffaire suivie par : Vanessa MARTIN\nService de la S\u00e9curit\u00e9 et de l'\u00c9ducation Routi\u00e8re\nBureau de la S\u00e9curit\u00e9 Routi\u00e8re\nT\u00e9l. : 03 80 29 44 75\nM\u00e9l : vanessa2.martin@cote-dor.gouv.fr \nDijon, le 14 f\u00e9vrier 2024\nArr\u00eat\u00e9 N\u00b0348\nportant abrogation de l'arr\u00eat\u00e9 n\u00b01613 du 20 novembre 2023 portant\nr\u00e9glementation temporaire de la circulation sur l'autoroute A6 sens 1 Paris-Lyon\nsur les communes de Thorey-sur-Ouche / Bligny sur Ouche\n \nLe pr\u00e9fet de la C\u00f4te-d'Or\nVU le Code de la Route, notamment ses articles R411-8 et R411-25 ;\nVU l'Arr\u00eat\u00e9 Interminist\u00e9riel du  24 novembre 1967  modifi\u00e9 relatif  \u00e0  la signalisation  des\nroutes et autoroutes ;\nVU l'Instruction  Interminist\u00e9rielle  sur  la  signalisation  routi\u00e8re  (Livre  1,  8\u00e8me  partie,\nsignalisation  temporaire)  approuv\u00e9e  par  l'Arr\u00eat\u00e9  Interminist\u00e9riel  du  6  novembre  1992\nmodifi\u00e9 ;\nVU l'arr\u00eat\u00e9 pr\u00e9fectoral n\u00b055 du 06 mars  2009 portant r\u00e9glementation de la police sur\nl'autoroute A6 dans le d\u00e9partement de la C\u00f4te-d'Or ;\nVU l'arr\u00eat\u00e9 pr\u00e9fectoral n\u00b0 1438/SG du 29 septembre 2023 donnant d\u00e9l\u00e9gation de signature\n\u00e0 Madame Florence LAUBIER, Directrice D\u00e9partementale des Territoires de la C\u00f4te-d'Or ;\nVU l'arr\u00eat\u00e9 pr\u00e9fectoral n\u00b0 1440 du 2 octobre 2023 portant subd\u00e9l\u00e9gation de signature aux\nagents de la Direction D\u00e9partementale des Territoires de la C\u00f4te-d'Or ;\nDirection d\u00e9partementale des territoires de la C\u00f4te-d'Or\n57 rue de Mulhouse- BP 53317 - 21033 DIJON cedex\nt\u00e9l : 03 80 29 44 44 \u2013 Courriel : ddt@cote-dor.gouv.fr\nDirection d\u00e9partementale des territoires de la C\u00f4te-d'Or - 21-2024-02-14-00001 - AP 348 20240214 A6 Abrogation LimitationVitesse RAA 39\n2\nVU  l'arr\u00eat\u00e9  n\u00b01613  du  20  novembre  2023  portant  r\u00e9glementation  temporaire  de  la\ncirculation sur l'autoroute A6 sens 1 Paris-Lyon sur les communes de Thorey-sur-Ouche et\nBligny sur Ouche ;\nVU la demande en date du 7 f\u00e9vrier 2024 de Monsieur le Directeur d'exploitation d'APRR ;\nCONSID\u00c9RANT  que des  travaux  de  reprise  de  la  chauss\u00e9e  suite  \u00e0  des  probl\u00e8mes\nd'adh\u00e9rence constat\u00e9s lors de fortes pluies sur la section d'autoroute A6 dans la zone du PR\n280+100 dans le sens 1 Paris-Lyon ont \u00e9t\u00e9 effectu\u00e9s et qu'un plan d'actions visant \u00e0 veiller \u00e0\nla s\u00e9curit\u00e9 de ce secteur de l'autoroute A6 ;\nSUR proposition de Madame la Directrice D\u00e9partementale des  Territoires  de la C\u00f4te-\nd'Or ;\nARR\u00caTE\nArticle 1  er     :  \nL'arr\u00eat\u00e9 pr\u00e9fectoral n\u00b01613 du 20 novembre 2023 portant r\u00e9glementation temporaire de la\ncirculation sur l'autoroute A6 sens 1 Paris-Lyon sur les communes de Thorey-sur-Ouche /\nBligny sur Ouche est abrog\u00e9.\nArticle 2     :  \nLe pr\u00e9sent arr\u00eat\u00e9 peut faire l'objet d'un recours gracieux aupr\u00e8s  du pr\u00e9fet et/ou d'un\nrecours contentieux devant le tribunal administratif dans un d\u00e9lai de 2 mois \u00e0 compter de\nsa notification.\nLe tribunal administratif peut \u00eatre saisi par un recours d\u00e9pos\u00e9 via l'application T\u00e9l\u00e9recours\ncitoyens accessible par le site internet www.telerecours.fr \u00bb.\nArticle 3     :  \n-  Le Directeur de Cabinet du pr\u00e9fet de la C\u00f4te-d'Or,\n- Le Commandant  de  la  R\u00e9gion  de  Gendarmerie  de  Bourgogne-Franche-Comt\u00e9  et  du\nGroupement de C\u00f4te-d'Or,\n-  Le Directeur d'exploitation d'APRR,\nsont charg\u00e9s, chacun en ce qui le concerne, de l'ex\u00e9cution du pr\u00e9sent arr\u00eat\u00e9.\nDirection d\u00e9partementale des territoires de la C\u00f4te-d'Or\n57 rue de Mulhouse- BP 53317 - 21033 DIJON cedex\nt\u00e9l : 03 80 29 44 44 \u2013 Courriel : ddt@cote-dor.gouv.fr\nDirection d\u00e9partementale des territoires de la C\u00f4te-d'Or - 21-2024-02-14-00001 - AP 348 20240214 A6 Abrogation LimitationVitesse RAA 40\n3\nLe pr\u00e9sent arr\u00eat\u00e9 sera publi\u00e9 au recueil des actes administratifs de la Pr\u00e9fecture de C\u00f4te-\nd'Or.\nUne copie du pr\u00e9sent arr\u00eat\u00e9 sera adress\u00e9e pour information :\n- au Directeur G\u00e9n\u00e9ral des Infrastructures des Transports et de la Mer du MTECT,\n- au Directeur D\u00e9partemental des Services d'Incendie et de Secours de la C\u00f4te-d'Or,\n- au SAMU de Dijon,\n- aux communes de THOREY-SUR-OUCHE et BLIGNY-SUR-OUCHE.\nFait \u00e0 Dijon, le 14 f\u00e9vrier 2024\nLe pr\u00e9fet,\nPour le pr\u00e9fet et par d\u00e9l\u00e9gation,\nLa directrice d\u00e9partementale\n des territoires,\nSIGN\u00c9\nFlorence LAUBIER\nDirection d\u00e9partementale des territoires de la C\u00f4te-d'Or\n57 rue de Mulhouse- BP 53317 - 21033 DIJON cedex\nt\u00e9l : 03 80 29 44 44 \u2013 Courriel : ddt@cote-dor.gouv.fr\nDirection d\u00e9partementale des territoires de la C\u00f4te-d'Or - 21-2024-02-14-00001 - AP 348 20240214 A6 Abrogation LimitationVitesse RAA 41\nDirection d\u00e9partementale des territoires de la\nC\u00f4te-d'Or\nService S\u00e9curit\u00e9 et \u00c9ducation Routi\u00e8re\n21-2024-02-15-00003\nAP 356 20240215 RAA A38 PosePanneaux\n20f\u00e9vrier\nDirection d\u00e9partementale des territoires de la C\u00f4te-d'Or - 21-2024-02-15-00003 - AP 356 20240215 RAA A38 PosePanneaux 20f\u00e9vrier 42\nPREFETDE LACOTE-D'ORL,z'berte'Egalit\u00e9Fraternit\u00e9\nDirection d\u00e9partementale des territoires\nde la C\u00f4te-d'Or\nService de la S\u00e9curit\u00e9 et de l'\u00c9ducation Routi\u00e8re\nBureau de la S\u00e9curit\u00e9 Routi\u00e8re\nT\u00e9l. : 03 80 29 44 75\nM\u00e9l : vanessa2.martin@cote-dor.gouv.fr \nDijon, le  15 f\u00e9vrier 2024\nArr\u00eat\u00e9 N\u00b0 356\nportant r\u00e9glementation temporaire de la circulation sur l'autoroute A 38 au\nPR 0+700 sens 1 et PR36+090 sens 2 pour la pose de panneaux d'information\n\u00ab la C\u00f4te d'Orienne \u00bb sur les communes de\n POUILLY-EN-AUXOIS et PLOMBIERES-LES-DIJON\n \nLe pr\u00e9fet de la C\u00f4te-d'Or\nVU le code de la route, notamment les articles R.411-21-1-et R.130-5,\nVU le code de la voirie routi\u00e8re,\nVU le code g\u00e9n\u00e9ral des collectivit\u00e9s territoriales,\nVU la loi n\u00b02022-217 du 21 f\u00e9vrier 2022 relative \u00e0 la diff\u00e9renciation, la d\u00e9centralisation, la\nd\u00e9concentration et portant diverses mesures de simplification de l'action publique locale,\nVU le d\u00e9cret n\u00b02022-459 du 30 mars 2022 fixant la liste des voies non conc\u00e9d\u00e9es du\ndomaine  public  routier  national  qui  peuvent  \u00eatre  transf\u00e9r\u00e9es  aux  d\u00e9partements  et\nm\u00e9tropoles ou mises \u00e0 disposition des r\u00e9gions dans les conditions pr\u00e9vues aux articles 38\net 40 de la loi n\u00b02022-217 du 21 f\u00e9vrier 2022,\nVU le d\u00e9cret du 26 septembre 2022 nommant Monsieur  Franck ROBINE,  pr\u00e9fet de la\nr\u00e9gion Bourgogne-Franche-Comt\u00e9, Pr\u00e9fet de la C\u00f4te d'Or (hors classe),\nVU  l'arr\u00eat\u00e9 interminist\u00e9riel du 24 novembre 1967 modifi\u00e9, relatif \u00e0 la signalisation des\nroutes et autoroutes,\nVU l'arr\u00eat\u00e9 du 6 novembre 1992 modifi\u00e9 approuvant les nouvelles dispositions du livre I de\nl'instruction  interminist\u00e9rielle  sur  la  signalisation  routi\u00e8re,  (8 e partie  :  signalisation\ntemporaire),\nDirection d\u00e9partementale des territoires de la C\u00f4te-d'Or\n57 rue de Mulhouse- BP 53317 - 21033 DIJON cedex\nt\u00e9l : 03 80 29 44 44 \u2013 Courriel : ddt@cote-dor.gouv.fr\nDirection d\u00e9partementale des territoires de la C\u00f4te-d'Or - 21-2024-02-15-00003 - AP 356 20240215 RAA A38 PosePanneaux 20f\u00e9vrier 43\n2\nVU la circulaire du 19 janvier 2023 relative au calendrier des jours \u00ab  hors chantier \u00bb pour la\np\u00e9riode du 1er f\u00e9vrier 2023 au 31 janvier 2024,\nVU  l'arr\u00eat\u00e9  pr\u00e9fectoral  n\u00b021-2023-05-02-00001  du  2  mai  2023  relatif  au  transfert  au\nd\u00e9partement de C\u00f4te-d'Or de sections de routes et autoroutes class\u00e9es dans le domaine\npublic routier national,\nVU  l'arr\u00eat\u00e9  pr\u00e9fectoral  n\u00b021-2023-05-02-00002  du  2  mai  2023 relatif  au  transfert  \u00e0  la\nM\u00e9tropole de Dijon de sections de routes et autoroutes class\u00e9es dans le domaine public\nroutier national,\nVU  l'arr\u00eat\u00e9 pr\u00e9fectoral n\u00b0148/SG du 18 janvier 2024 donnant d\u00e9l\u00e9gation de signature \u00e0\nMonsieur Olivier GERSTLE, sous-pr\u00e9fet, directeur de cabinet du pr\u00e9fet de la C\u00f4te-d'Or,\nVU la demande pr\u00e9sent\u00e9e par l'entreprise PROXIMARK, le 17 janvier 2024,\nVU la demande en date du 9 f\u00e9vrier 2024 du Pr\u00e9sident du Conseil D\u00e9partemental de la\nC\u00f4te-d'Or,\nCONSID\u00c9RANT que pendant les travaux de pose de panneaux d'information au droit de\nla section courante de l'A  38, il y a lieu de pr\u00e9ciser les conditions de circulation, afin de\npr\u00e9venir tout risque d'accident, de faciliter la bonne ex\u00e9cution des travaux et d'assurer un\n\u00e9coulement satisfaisant du trafic,\nCONSID\u00c9RANT que la section concern\u00e9e par les travaux est situ\u00e9e hors agglom\u00e9ration,\nSUR proposition de Madame la Directrice D\u00e9partementale des Territoires de la C\u00f4te-d'Or,\nARR\u00caTE\nArticle 1  er     :  \nPendant l'ex\u00e9cution des  travaux ci-dessus  d\u00e9sign\u00e9s, la circulation s'effectuera dans les\nconditions suivantes :\nNeutralisation de voie\nDans le sens 1 (Pouilly/Dijon), la voie lente de la section courante de l'A  38 sera interdite \u00e0\nla circulation du PR  0+400 (200m en amont  de la bretelle d'insertion \u00e9changeur  24 \u2013\nPouilly-en-Auxois) au PR 0+900.\nLes usagers circuleront sur la voie rapide uniquement.\nLa vitesse sera limit\u00e9e \u00e0 :\n\u2022 110 km/h du PR 0+000 au PR 0+200,\n\u2022 90 km/h du PR 0+200 au PR 0+900,\nDirection d\u00e9partementale des territoires de la C\u00f4te-d'Or\n57 rue de Mulhouse- BP 53317 - 21033 DIJON cedex\nt\u00e9l : 03 80 29 44 44 \u2013 Courriel : ddt@cote-dor.gouv.fr\nDirection d\u00e9partementale des territoires de la C\u00f4te-d'Or - 21-2024-02-15-00003 - AP 356 20240215 RAA A38 PosePanneaux 20f\u00e9vrier 44\n3\nFin de prescription au PR 0+900.\nFermeture du point d'arr\u00eat\nLe refuge situ\u00e9 au PR  36+090 dans le sens 2 (Dijon/Pouilly) sera ponctuellement ferm\u00e9 aux\nusagers pour la dur\u00e9e n\u00e9cessaire \u00e0 l'intervention de l'entreprise PROXIMARK.\nArticle 2     :  \nLes dispositions du pr\u00e9sent arr\u00eat\u00e9 s'appliqueront  de 8h00 \u00e0 20h00,  le mardi 20 f\u00e9vrier\n2024, le mercredi 21 f\u00e9vrier 2024 et le jeudi 22 f\u00e9vrier 2024.\nArticle 3     :  \nCertaines  phases  pr\u00e9paratoires  ou  de  mise  en  place  de  la  signalisation  du  chantier\npourront  n\u00e9cessiter  des  r\u00e9ductions  momentan\u00e9es  de  chauss\u00e9e  ou  des  interruptions\ncourtes de circulation.\nArticle 4 :\nSur le parcours des sections soumises \u00e0 ces restrictions provisoires, les conducteurs des\nv\u00e9hicules devront le cas \u00e9ch\u00e9ant, se conformer aux indications des services de police et\ndes  agents  de  la direction interd\u00e9partementale des  routes  Centre-Est,  tant  en ce  qui\nconcerne le trajet \u00e0 suivre que l'arr\u00eat s'il leur est prescrit.\nArticle 5     :  \nLa signalisation r\u00e9glementaire, conforme \u00e0 l'instruction interminist\u00e9rielle (Livre  I \u2013  8 \u00e8me\npartie) approuv\u00e9e par arr\u00eat\u00e9 interminist\u00e9riel le 6 novembre 1992 et aux manuels du chef\nde chantier, sera fournie, mise en place et maintenue par le CEI de l'A 38.\nArticle 6     :  \nLes infractions au pr\u00e9sent arr\u00eat\u00e9 seront constat\u00e9es par proc\u00e8s-verbaux dress\u00e9s par les\nforces de l'ordre.\nArticle 7     :  \nLors de l'ach\u00e8vement des travaux et avant le r\u00e9tablissement normal de la circulation, la\nchauss\u00e9e devra \u00eatre propre et satisfaire aux conditions normales de s\u00e9curit\u00e9.\nArticle 8 :\nLe pr\u00e9sent arr\u00eat\u00e9 sera affich\u00e9 aux abords imm\u00e9diats du chantier.\nDirection d\u00e9partementale des territoires de la C\u00f4te-d'Or\n57 rue de Mulhouse- BP 53317 - 21033 DIJON cedex\nt\u00e9l : 03 80 29 44 44 \u2013 Courriel : ddt@cote-dor.gouv.fr\nDirection d\u00e9partementale des territoires de la C\u00f4te-d'Or - 21-2024-02-15-00003 - AP 356 20240215 RAA A38 PosePanneaux 20f\u00e9vrier 45\n4\nArticle 9     :  \nLe pr\u00e9sent arr\u00eat\u00e9 peut faire l'objet d'un recours  gracieux aupr\u00e8s  du pr\u00e9fet et/ou d'un\nrecours contentieux devant le tribunal administratif dans un d\u00e9lai de 2 mois \u00e0 compter de\nsa notification.\nLe tribunal administratif peut \u00eatre saisi par un recours d\u00e9pos\u00e9 via l'application T\u00e9l\u00e9recours\ncitoyens accessible par le site internet www.telerecours.fr \u00bb.\nArticle 10:\n-  Le Directeur de Cabinet du pr\u00e9fet de la C\u00f4te-d'Or,\n- Le  Commandant  de  la  R\u00e9gion  de  Gendarmerie  de  Bourgogne-Franche-Comt\u00e9  et  du\nGroupement de C\u00f4te-d'Or,\n-  Le pr\u00e9sident du Conseil D\u00e9partemental de C\u00f4te d'Or,\n- Le Directeur de l'entreprise adjudicataire des travaux, sous couvert du responsable du\nservice exploitation du Conseil D\u00e9partemental de C\u00f4te d'Or,\nsont charg\u00e9s, chacun en ce qui le concerne, de l'ex\u00e9cution du pr\u00e9sent arr\u00eat\u00e9.\nLe pr\u00e9sent arr\u00eat\u00e9 sera publi\u00e9 au recueil des actes administratifs de la Pr\u00e9fecture de C\u00f4te-\nd'Or.\nUne copie du pr\u00e9sent arr\u00eat\u00e9 sera adress\u00e9e pour information :\n\u2022 \u00e0 la direction interd\u00e9partementale de la Police Nationale,\n\u2022 au service d\u00e9partemental d'incendie et de secours de C\u00f4te-d'Or,\n\u2022 \u00e0 la direction du SAMU de Dijon,\n\u2022 \u00e0 la soci\u00e9t\u00e9 APRR,\n\u2022 au service r\u00e9gional d'exploitation de Moulins de la DIR Centre-Est (Cellule Gestion de la\nRoute, PC et district de M\u00e2con),\n\u2022 au service exploitation et s\u00e9curit\u00e9/cellule exploitation et gestion du trafic de la DIR\nCentre-Est,\n\u2022 au CEI de l'A 38,\n\u2022 au service de coordination des actions territorialis\u00e9es du Conseil D\u00e9partemental de\nC\u00f4te-d'Or.\nFait \u00e0 Dijon, le 15 f\u00e9vrier 2024\nLe pr\u00e9fet,\nPour le pr\u00e9fet par d\u00e9l\u00e9gation\nLe directeur de cabinet\nSIGN\u00c9\nOlivier GERSTL\u00c9\nDirection d\u00e9partementale des territoires de la C\u00f4te-d'Or\n57 rue de Mulhouse- BP 53317 - 21033 DIJON cedex\nt\u00e9l : 03 80 29 44 44 \u2013 Courriel : ddt@cote-dor.gouv.fr\nDirection d\u00e9partementale des territoires de la C\u00f4te-d'Or - 21-2024-02-15-00003 - AP 356 20240215 RAA A38 PosePanneaux 20f\u00e9vrier 46\nDirection d\u00e9partementale des territoires de la\nC\u00f4te-d'Or\nService S\u00e9curit\u00e9 et \u00c9ducation Routi\u00e8re\n21-2024-02-15-00004\nAP 358 20240215 RAA M274\nTestReceptionNouveauxEquipement\nDirection d\u00e9partementale des territoires de la C\u00f4te-d'Or - 21-2024-02-15-00004 - AP 358 20240215 RAA M274\nTestReceptionNouveauxEquipement 47\nPREFETDE LACOTE-D'ORL,z'berte'Egalit\u00e9Fraternit\u00e9\nDirection d\u00e9partementale des territoires\nde la C\u00f4te-d'Or\nService de la S\u00e9curit\u00e9 et de l'\u00c9ducation Routi\u00e8re\nBureau de la S\u00e9curit\u00e9 Routi\u00e8re\nDijon, le 15 f\u00e9vrier 2024 \nArr\u00eat\u00e9 N\u00b0  358  \nportant r\u00e9glementation temporaire de la circulation pour les tests et la r\u00e9ception de\nnouveaux \u00e9quipements M 274 - PR 13+200 au PR 18+300 sur les communes de\n Plombi\u00e8res-l\u00e8s-Dijon, Daix, Talant et Ahuy\nLe pr\u00e9fet de la C\u00f4te-d'Or\nVU le Code de la Route ;\nVU le Code de la Voirie Routi\u00e8re ;\nVU la loi n\u00b02022-217 du 21 f\u00e9vrier 2022 relative \u00e0 la diff\u00e9renciation, la d\u00e9centralisation, la\nd\u00e9concentration  et  portant  diverses  mesures  de  simplification  de  l'action  publique\nlocale ;\nVU le  d\u00e9cret  en  Conseil  d'\u00c9tat  du  6  f\u00e9vrier  1980  d\u00e9clarant  d'utilit\u00e9  publique  la\nconstruction de la rocade Est de Dijon et lui conf\u00e9rant le statut de route express ;\nVU le d\u00e9cret 2009- 615 du 3 juin 2009 modifi\u00e9, fixant la liste des routes class\u00e9es \u00e0 grande\ncirculation ;\nVU le d\u00e9cret n\u00b02022-459 du 30 mars 2022 fixant la liste des voies non conc\u00e9d\u00e9es du\ndomaine  public  routier  national  qui  peuvent  \u00eatre  transf\u00e9r\u00e9es  aux  d\u00e9partements  et\nm\u00e9tropoles ou mises \u00e0 disposition des r\u00e9gions dans les conditions pr\u00e9vues aux articles 38\net 40 de la loi n\u00b02022-217 du 21 f\u00e9vrier 2022 ;\nDirection d\u00e9partementale des territoires de la C\u00f4te-d'Or\n57 rue de Mulhouse- BP 53317 - 21033 DIJON cedex\nt\u00e9l : 03 80 29 44 44 \u2013 Courriel : ddt@cote-dor.gouv.fr\nDirection d\u00e9partementale des territoires de la C\u00f4te-d'Or - 21-2024-02-15-00004 - AP 358 20240215 RAA M274\nTestReceptionNouveauxEquipement 48\n2\nVU le d\u00e9cret du 26 septembre 2022 nommant Monsieur  Franck ROBINE, pr\u00e9fet de la\nr\u00e9gion Bourgogne-Franche-Comt\u00e9, Pr\u00e9fet de la C\u00f4te d'Or (hors classe) ;\nVU  l'arr\u00eat\u00e9 interminist\u00e9riel du 24 novembre 1967 modifi\u00e9, relatif \u00e0 la signalisation des\nroutes et autoroutes ;\nVU  l'arr\u00eat\u00e9 interminist\u00e9riel du 6 novembre 1992 modifi\u00e9, approuvant les dispositions de\nl'instruction interminist\u00e9rielle sur la signalisation routi\u00e8re ;\nVU l'arr\u00eat\u00e9  pr\u00e9fectoral  n\u00b021-2023-05-02-00001  du  2  mai  2023  relatif  au  transfert  au\nd\u00e9partement de C\u00f4te-d'Or de sections de routes et autoroutes class\u00e9es dans le domaine\npublic routier national ;\nVU  l'arr\u00eat\u00e9  pr\u00e9fectoral  n\u00b021-2023-05-02-00002  du  2  mai  2023  relatif  au  transfert  \u00e0  la\nM\u00e9tropole de Dijon de sections de routes et autoroutes class\u00e9es dans le domaine public\nroutier national ;\nVU  l'arr\u00eat\u00e9 pr\u00e9fectoral n\u00b0148/SG du 18 janvier 2024 donnant d\u00e9l\u00e9gation de signature \u00e0\nMonsieur Olivier GERSTLE, sous-pr\u00e9fet, directeur de cabinet du pr\u00e9fet de la C\u00f4te-d'Or ;\nVU  la circulaire du 2 f\u00e9vrier 2024 relative au calendrier des jours \u00ab  hors chantier  \u00bb pour\nl'ann\u00e9e 2024 et le mois de janvier 2025 ;\nVU la demande pr\u00e9sent\u00e9e par la Direction Interd\u00e9partementale des Routes - CEI de Dijon\nle 29 janvier 2024 ;\nCONSID\u00c9RANT que pendant les travaux de tests des nouveaux \u00e9quipements de la M  274\ndu  PR 13+200 au  PR  18+300 dans  les  2 sens,  communes  de Plombi\u00e8res-l\u00e8s-Dijon,  Daix,\nTalant et Ahuy, il y a lieu de pr\u00e9ciser les conditions de circulation, afin de pr\u00e9venir tout\nrisque d'accident, de faciliter la bonne ex\u00e9cution des travaux et d'assurer un \u00e9coulement\nsatisfaisant du trafic ;\nCONSID\u00c9RANT  que  la  section  concern\u00e9e  par  les  op\u00e9rations  est  situ\u00e9e  hors\nagglom\u00e9ration ;\nSUR proposition de Madame la Directrice D\u00e9partementale des  Territoires  de la C\u00f4te-\nd'Or ;\nARR\u00caTE\nArticle 1 \nPendant l'ex\u00e9cution des op\u00e9rations ci-dessus d\u00e9sign\u00e9es, la circulation s'effectuera dans les\nconditions suivantes :\nCoupure d'axe et fermeture de bretelles\nDirection d\u00e9partementale des territoires de la C\u00f4te-d'Or\n57 rue de Mulhouse- BP 53317 - 21033 DIJON cedex\nt\u00e9l : 03 80 29 44 44 \u2013 Courriel : ddt@cote-dor.gouv.fr\nDirection d\u00e9partementale des territoires de la C\u00f4te-d'Or - 21-2024-02-15-00004 - AP 358 20240215 RAA M274\nTestReceptionNouveauxEquipement 49\n3\nLa M  274 sera ferm\u00e9e \u00e0 la circulation dans les 2 sens entre le PR  13+200 (\u00e9changeur 37\nAhuy) et le PR 18+300 (\u00e9changeur 34 Plombi\u00e8res).\nLa bretelle d'entr\u00e9e B2 de l'\u00e9changeur 37 (Ahuy \u2013 PR 13+200) sera interdite \u00e0 la circulation.\nLa bretelle d'entr\u00e9e B3 de l'\u00e9changeur  34 (Plombi\u00e8res  \u2013 PR  18+262) sera interdite \u00e0 la\ncirculation.\nUne d\u00e9viation sera mise en place \u00e0 l'attention des usagers des 2 sens :\n\u2022 \u00c9changeur 37 Ahuy (PR 13+200),\n\u2022 M 274 jusqu'\u00e0 l'\u00e9changeur 38 Pompidou (12+070) bretelle n\u00b0 3,\n\u2022 M 974 (Avenue de Langres / Avenue du Drapeau),\n\u2022 Boulevard Mar\u00e9chal-Gallieni,\n\u2022 Boulevard des Allobroges,\n\u2022 Boulevard des Aiguillottes,\n\u2022 Boulevard Fran\u00e7ois-Pompon,\n\u2022 Boulevard des Clomiers,\n\u2022 Boulevard de Ch\u00e8vre-Morte,\n\u2022 Boulevard de l'Ouest,\n\u2022 M 905 Avenue Albert-1er,\n\u2022 M 905 1er-Consul,\n\u2022 M 905 Route de Dijon,\n\u2022 \u00c9changeur 34 Plombi\u00e8res-l\u00e8s-Dijon.\nFin de d\u00e9viation.\nLa bretelle d'entr\u00e9e B2 de l'\u00e9changeur 36 (Daix \u2013 PR 15+600) sera interdite \u00e0 la circulation.\nLes usagers emprunteront la M  107 (rue d'Hauteville puis rue de Dijon) jusqu'au boulevard\ndes Allobroges pour rejoindre la d\u00e9viation principale.\nLa  bretelle  d'entr\u00e9e  B3  de  l'\u00e9changeur  35  (Talant  \u2013  PR  16+237)  sera  interdite  \u00e0  la\ncirculation.\nLes usagers  emprunteront la M  971 (boulevard de Troyes) jusqu'au boulevard Fran\u00e7ois-\nPompon pour rejoindre la d\u00e9viation principale.\nArticle 2 \nLes  dispositions  du  pr\u00e9sent  arr\u00eat\u00e9  s'appliqueront  du  lundi  19  f\u00e9vrier  2024  21h00  au\nmercredi 21 f\u00e9vrier 2024 6 h 00.\nEn cas d'al\u00e9as techniques ou m\u00e9t\u00e9orologiques av\u00e9r\u00e9s, une nuit suppl\u00e9mentaire pourra \u00eatre\nenvisag\u00e9e du mercredi 21 f\u00e9vrier 2024 au jeudi 22 f\u00e9vrier 2024 aux m\u00eames horaires.\nArticle 3 \nCertaines  phases  pr\u00e9paratoires  ou  de  mise  en  place  de  la  signalisation  du  chantier\npourront  n\u00e9cessiter  des  r\u00e9ductions  momentan\u00e9es  de  chauss\u00e9e  ou  des  interruptions\ncourtes de circulation.\nDirection d\u00e9partementale des territoires de la C\u00f4te-d'Or\n57 rue de Mulhouse- BP 53317 - 21033 DIJON cedex\nt\u00e9l : 03 80 29 44 44 \u2013 Courriel : ddt@cote-dor.gouv.fr\nDirection d\u00e9partementale des territoires de la C\u00f4te-d'Or - 21-2024-02-15-00004 - AP 358 20240215 RAA M274\nTestReceptionNouveauxEquipement 50\n4\nArticle 4 \nSur le parcours des sections soumises \u00e0 ces restrictions provisoires, les conducteurs des\nv\u00e9hicules devront le cas \u00e9ch\u00e9ant, se conformer aux indications des services de police et\ndes  agents  de la direction  interd\u00e9partementale des  routes  Centre-Est,  tant en ce qui\nconcerne le trajet \u00e0 suivre que l'arr\u00eat s'il leur est prescrit.\nArticle 5 \nLe passage des convois exceptionnels sera interdit sur l'itin\u00e9raire de d\u00e9viation.\nArticle 6 \nLa  signalisation  r\u00e9glementaire,  conforme  \u00e0  l'instruction  interminist\u00e9rielle  (Livre I  \u2013   8 e\npartie) approuv\u00e9e par arr\u00eat\u00e9 interminist\u00e9riel le 6 novembre 1992 et aux manuels du chef\nde chantier, sera fournie, mise en place et maintenue par le CEI de Dijon.\nArticle 7\nLes infractions au pr\u00e9sent arr\u00eat\u00e9 seront constat\u00e9es par proc\u00e8s-verbaux dress\u00e9s par les\nforces de l'ordre.\nArticle 8 \nLors de l'ach\u00e8vement des travaux et avant le r\u00e9tablissement normal de la circulation, la\nchauss\u00e9e devra \u00eatre propre et satisfaire aux conditions normales de s\u00e9curit\u00e9.\nArticle 9 \nLe pr\u00e9sent arr\u00eat\u00e9 sera affich\u00e9 aux abords imm\u00e9diats du chantier.\nArticle 10\nLe pr\u00e9sent arr\u00eat\u00e9 peut faire l'objet d'un recours gracieux aupr\u00e8s  du pr\u00e9fet et/ou d'un\nrecours contentieux devant le tribunal administratif dans un d\u00e9lai de 2 mois \u00e0 compter de\nsa notification.\nLe tribunal administratif peut \u00eatre saisi par un recours d\u00e9pos\u00e9 via l'application T\u00e9l\u00e9recours\ncitoyens accessible par le site internet www.telerecours.fr \u00bb.\nArticle 11\n- Le Directeur de Cabinet du pr\u00e9fet de la C\u00f4te-d'Or,\n- La Directrice Interd\u00e9partementale des Routes Centre-Est,\n- Le Directeur Interd\u00e9partemental de la Police Nationale,\n- Le  Commandant  de  la  R\u00e9gion  de  Gendarmerie  de  Bourgogne-Franche-Comt\u00e9  et  du\nGroupement de C\u00f4te-d'Or,\n- Le Pr\u00e9sident de Dijon M\u00e9tropole,\n- Le Directeur de l'entreprise adjudicataire des travaux,\nsont charg\u00e9s, chacun en ce qui le concerne, de l'ex\u00e9cution du pr\u00e9sent arr\u00eat\u00e9.\nDirection d\u00e9partementale des territoires de la C\u00f4te-d'Or\n57 rue de Mulhouse- BP 53317 - 21033 DIJON cedex\nt\u00e9l : 03 80 29 44 44 \u2013 Courriel : ddt@cote-dor.gouv.fr\nDirection d\u00e9partementale des territoires de la C\u00f4te-d'Or - 21-2024-02-15-00004 - AP 358 20240215 RAA M274\nTestReceptionNouveauxEquipement 51\n5\nLe pr\u00e9sent arr\u00eat\u00e9 sera publi\u00e9 au recueil des actes administratifs de la Pr\u00e9fecture de la\nC\u00f4te-d'Or.\nUne copie du pr\u00e9sent arr\u00eat\u00e9 sera adress\u00e9e pour information :\n- au Service D\u00e9partemental d'Incendie et de Secours de la C\u00f4te-d'Or,\n- \u00e0 la direction du SAMU de Dijon,\n- au Service R\u00e9gional d'Exploitation de Moulins de la DIR Centre-Est (Cellule Gestion de la\nRoute, PC et district de M\u00e2con),\n- au service exploitation et s\u00e9curit\u00e9/cellule exploitation et gestion du trafic de la DIR\nCentre-Est,\n- au CEI de Dijon M\u00e9tropole,\n- \u00e0 la direction de l'exploitation de Dijon M\u00e9tropole,\n- aux communes de PLOMBIERES-LES-DIJON, DAIX, TALANT et TALANT.\nFait \u00e0 Dijon, le 15 f\u00e9vrier 2024\nLe pr\u00e9fet,\nPour le pr\u00e9fet, par d\u00e9l\u00e9gation,\nSIGN\u00c9\nOlivier GERSTLE\nDirection d\u00e9partementale des territoires de la C\u00f4te-d'Or\n57 rue de Mulhouse- BP 53317 - 21033 DIJON cedex\nt\u00e9l : 03 80 29 44 44 \u2013 Courriel : ddt@cote-dor.gouv.fr\nDirection d\u00e9partementale des territoires de la C\u00f4te-d'Or - 21-2024-02-15-00004 - AP 358 20240215 RAA M274\nTestReceptionNouveauxEquipement 52\nDirection d\u00e9partementale des territoires de la\nC\u00f4te-d'Or\nService S\u00e9curit\u00e9 et \u00c9ducation Routi\u00e8re\n21-2024-02-16-00003\nAP 367 20240216 RAA A38 TravauxEntretien\nDirection d\u00e9partementale des territoires de la C\u00f4te-d'Or - 21-2024-02-16-00003 - AP 367 20240216 RAA A38 TravauxEntretien 53\nPREFETDE LACOTE-D'ORL,z'berte'Egalit\u00e9Fraternit\u00e9\nDirection d\u00e9partementale des territoires\nde la C\u00f4te-d'Or\nService de la S\u00e9curit\u00e9 et de l'\u00c9ducation Routi\u00e8re\nBureau de la S\u00e9curit\u00e9 Routi\u00e8re\nT\u00e9l. : 03 80 29 44 75\nM\u00e9l : vanessa2.martin@cote-dor.gouv.fr \nDijon, le 16 f\u00e9vrier 2024\nArr\u00eat\u00e9 N\u00b0367\n portant r\u00e9glementation temporaire de la circulation sur l'autoroute A38 \u00e0 l'occasion de\ntravaux d'entretien sur les communes de Pouilly en Auxois, Cr\u00e9ancey, Semarey, Civry-en-\nMontagne, Aubigny-les-Sombernon, Echannay, R\u00e9milly-en-Montagne, Sombernon,\nMesmont, Agey, Pr\u00e2lon, Sainte-Marie-sur-Ouche, Fleurey-sur-Ouche, \nVelars-sur-Ouche,  Plombi\u00e8re-les-Dijon.\n \nLe pr\u00e9fet de la C\u00f4te-d'Or\nVU le code de la route, notamment les articles R.411-21-1-et R.130-5,\nVU le code de la voirie routi\u00e8re,\nVU le code g\u00e9n\u00e9ral des collectivit\u00e9s territoriales,\nVU la loi n\u00b02022-217 du 21 f\u00e9vrier 2022 relative \u00e0 la diff\u00e9renciation, la d\u00e9centralisation, la\nd\u00e9concentration et portant diverses mesures de simplification de l'action publique locale,\nVU le d\u00e9cret n\u00b02022-459 du 30 mars 2022 fixant la liste des  voies non conc\u00e9d\u00e9es du\ndomaine  public  routier  national  qui  peuvent  \u00eatre  transf\u00e9r\u00e9es  aux  d\u00e9partements  et\nm\u00e9tropoles ou mises \u00e0 disposition des r\u00e9gions dans les conditions pr\u00e9vues aux articles 38\net 40 de la loi n\u00b02022-217 du 21 f\u00e9vrier 2022,\nVU  l'arr\u00eat\u00e9 interminist\u00e9riel du 24 novembre 1967 modifi\u00e9,  relatif  \u00e0 la signalisation des\nroutes et autoroutes,\nVU l'arr\u00eat\u00e9 du 6 novembre 1992 modifi\u00e9 approuvant les nouvelles dispositions du livre I de\nl'instruction  interminist\u00e9rielle  sur  la  signalisation  routi\u00e8re,  (8 e partie  :  signalisation\ntemporaire),\nDirection d\u00e9partementale des territoires de la C\u00f4te-d'Or\n57 rue de Mulhouse- BP 53317 - 21033 DIJON cedex\nt\u00e9l : 03 80 29 44 44 \u2013 Courriel : ddt@cote-dor.gouv.fr\nDirection d\u00e9partementale des territoires de la C\u00f4te-d'Or - 21-2024-02-16-00003 - AP 367 20240216 RAA A38 TravauxEntretien 54\n2\nVU  l'arr\u00eat\u00e9  pr\u00e9fectoral  n\u00b021-2023-05-02-00001  du  2  mai  2023  relatif  au  transfert  au\nd\u00e9partement de C\u00f4te-d'Or de sections de routes et autoroutes class\u00e9es dans le domaine\npublic routier national,\nVU  l'arr\u00eat\u00e9  pr\u00e9fectoral  n\u00b021-2023-05-02-00002  du  2  mai  2023 relatif  au  transfert  \u00e0  la\nM\u00e9tropole de Dijon de sections de routes et autoroutes class\u00e9es dans le domaine public\nroutier national,\nVU  la circulaire du 2 f\u00e9vrier 2024 relative au calendrier des jours \u00ab  hors chantier  \u00bb pour\nl'ann\u00e9e 2024 et le mois de janvier 2025,\nVU  la demande en date du 5 f\u00e9vrier 2024 du Pr\u00e9sident du Conseil D\u00e9partemental de la\nC\u00f4te-d'Or \u2013 Direction des Services Techniques Territorialis\u00e9s \u2013 CEI de l'autoroute A38,\nCONSID\u00c9RANT que  pendant  les  travaux  divers  d'entretien  des  d\u00e9pendances  et  de\nr\u00e9fection de la signalisation horizontale sur les sections \u00e0 2x2 voies de l'autoroute A38, il y\na lieu de pr\u00e9ciser les conditions de circulation, afin de pr\u00e9venir tout risque d'accident, de\nfaciliter la bonne ex\u00e9cution des travaux et d'assurer un \u00e9coulement satisfaisant du trafic,\nCONSID\u00c9RANT que la section concern\u00e9e par les travaux est situ\u00e9e hors agglom\u00e9ration,\nSUR proposition de Madame la Directrice D\u00e9partementale des Territoires de la C\u00f4te-d'Or,\nARR\u00caTE\nArticle 1  er     :  \nLe  pr\u00e9sent  arr\u00eat\u00e9  est  applicable  aux  travaux  ex\u00e9cut\u00e9s  ou  contr\u00f4l\u00e9s  par  le  Conseil\nD\u00e9partemental de la C\u00f4te-d'Or sur les parties \u00e0 2x2 voies ou plus de l'autoroute non\nconc\u00e9d\u00e9e A38 dans le d\u00e9partement de la C\u00f4te d'Or, hors agglom\u00e9ration.\nArticle 2     :  \nLes dispositions du pr\u00e9sent arr\u00eat\u00e9 s'appliqueront au besoin, pendant 5 jours cons\u00e9cutifs\nmaximum (hors week-end) de jour comme de nuit sur la p\u00e9riode du lundi 19 f\u00e9vrier 2024\nau vendredi 31 janvier 2025.\nArticle 3     :  \nLes restrictions pr\u00e9vues \u00e0 l'article 4 s'appliquent aux natures de chantiers suivantes :\n\u2022 Entretien des d\u00e9pendances vertes\n\u2022 Entretien des d\u00e9pendances bleues\n\u2022 Balayage de chauss\u00e9e\n\u2022 Entretien des \u00e9quipements de s\u00e9curit\u00e9\n\u2022 Entretien  courant  des  chauss\u00e9es  (purges,  pontages,  tests  de\nd\u00e9flectom\u00e8trie)\nDirection d\u00e9partementale des territoires de la C\u00f4te-d'Or\n57 rue de Mulhouse- BP 53317 - 21033 DIJON cedex\nt\u00e9l : 03 80 29 44 44 \u2013 Courriel : ddt@cote-dor.gouv.fr\nDirection d\u00e9partementale des territoires de la C\u00f4te-d'Or - 21-2024-02-16-00003 - AP 367 20240216 RAA A38 TravauxEntretien 55\n3\n\u2022 R\u00e9fection de la signalisation horizontale et verticale\n\u2022 Implantation de nouvelle signalisation verticale\nArticle 4 :\nLes restrictions suivantes \u00e0 la circulation peuvent \u00eatre impos\u00e9es au droit des chantiers\npr\u00e9vus \u00e0 l'article 3 :\n\u2022 Neutralisation d'une voie de circulation sur une longueur maximale de\n6,5 km et dans la limite de l'intervalle compris entre 2 \u00e9changeurs.\nD'autres restrictions pr\u00e9vues pourront \u00eatre appliqu\u00e9es dans la zone de chantier, en amont\net en aval de celle-ci, conform\u00e9ment l'arr\u00eat\u00e9 pr\u00e9fectoral n\u00b0 426 portant r\u00e9glementation de\nla circulation au droit des chantiers courants, en date du 8 novembre 2011.\nArticle 5     :  \nCertaines  phases  pr\u00e9paratoires  ou  de  mise  en  place  de  la  signalisation  du  chantier\npourront  n\u00e9cessiter  des  r\u00e9ductions  momentan\u00e9es  de  chauss\u00e9e  ou  des  interruptions\ncourtes de circulation.\nArticle 6     :  \nSur le parcours des sections soumises \u00e0 ces restrictions provisoires, les conducteurs des\nv\u00e9hicules devront le cas \u00e9ch\u00e9ant, se conformer aux indications des Services de Police et\ndes agents qui assurent l'exploitation de l'A38, tant en ce qui concerne le trajet \u00e0 suivre\nque l'arr\u00eat s'il leur est prescrit.\nArticle 7     :  \nPassage des convois exceptionnels: sans objet\nArticle 8     :  \nLa  signalisation  r\u00e9glementaire,  conforme  \u00e0  l'instruction  interminist\u00e9rielle  (Livre I  \u2013 8 \u00e8me\npartie) approuv\u00e9e par arr\u00eat\u00e9  interminist\u00e9riel le 6 novembre 1992 et aux manuels du chef\nde chantier, sera fournie, mise en place et maintenue par le CEI de l'A38.\nArticle 9     :  \nLes  infractions  au pr\u00e9sent arr\u00eat\u00e9 seront constat\u00e9es  par  proc\u00e8s-verbaux dress\u00e9s  par  les\nforces de l'ordre.\nArticle 10     :  \nLors de l'ach\u00e8vement des travaux et avant le r\u00e9tablissement normal de la circulation, la\nchauss\u00e9e devra \u00eatre propre et satisfaire aux conditions normales de s\u00e9curit\u00e9.\nArticle 11 :\nLe pr\u00e9sent arr\u00eat\u00e9 sera affich\u00e9 aux abords imm\u00e9diats du chantier.\nDirection d\u00e9partementale des territoires de la C\u00f4te-d'Or\n57 rue de Mulhouse- BP 53317 - 21033 DIJON cedex\nt\u00e9l : 03 80 29 44 44 \u2013 Courriel : ddt@cote-dor.gouv.fr\nDirection d\u00e9partementale des territoires de la C\u00f4te-d'Or - 21-2024-02-16-00003 - AP 367 20240216 RAA A38 TravauxEntretien 56\n4\nArticle 12     :  \nLe pr\u00e9sent  arr\u00eat\u00e9 peut  faire l'objet  d'un  recours  gracieux aupr\u00e8s  du pr\u00e9fet  et/ou  d'un\nrecours contentieux devant le tribunal administratif dans un d\u00e9lai de 2 mois \u00e0 compter de\nsa notification.\nLe tribunal administratif peut \u00eatre saisi par un recours d\u00e9pos\u00e9 via l'application T\u00e9l\u00e9recours\ncitoyens accessible par le site internet www.telerecours.fr \u00bb.\nArticle 13:\n-  Le Directeur de Cabinet du pr\u00e9fet de la C\u00f4te-d'Or,\n- Le  Commandant  de  la  R\u00e9gion  de  Gendarmerie  de  Bourgogne-Franche-Comt\u00e9  et  du\nGroupement de C\u00f4te-d'Or,\n- Le Directeur Interd\u00e9partemental de la Police Nationale,\n- Le Pr\u00e9sident du Conseil D\u00e9partemental de C\u00f4te d'Or,\nsont charg\u00e9s, chacun en ce qui le concerne, de l'ex\u00e9cution du pr\u00e9sent arr\u00eat\u00e9.\nLe pr\u00e9sent arr\u00eat\u00e9 sera publi\u00e9 au recueil des actes administratifs de la Pr\u00e9fecture de C\u00f4te-\nd'Or.\nUne copie du pr\u00e9sent arr\u00eat\u00e9 sera adress\u00e9e pour information :\n\u2022 au service d\u00e9partemental d'incendie et de secours de C\u00f4te-d'Or,\n\u2022 \u00e0 la direction du SAMU de Dijon.\nFait \u00e0 Dijon, le 16 f\u00e9vrier 2024\nLe pr\u00e9fet,\nPour le pr\u00e9fet, par d\u00e9l\u00e9gation,\nLe directeur de cabinet\nSIGN\u00c9\nOlivier GERSTL\u00c9\nDirection d\u00e9partementale des territoires de la C\u00f4te-d'Or\n57 rue de Mulhouse- BP 53317 - 21033 DIJON cedex\nt\u00e9l : 03 80 29 44 44 \u2013 Courriel : ddt@cote-dor.gouv.fr\nDirection d\u00e9partementale des territoires de la C\u00f4te-d'Or - 21-2024-02-16-00003 - AP 367 20240216 RAA A38 TravauxEntretien 57\nDirection des services d\u00e9partementaux de\nl'\u00e9ducation nationale de C\u00f4te-d'Or\nGestion financi\u00e8re et logistique \n21-2024-02-09-00003\narr\u00eat\u00e9_f\u00e9vrier_2024_modification carte\nscolaire_1er degr\u00e9_2024-2025.odt\nDirection des services d\u00e9partementaux de l'\u00e9ducation nationale de C\u00f4te-d'Or - 21-2024-02-09-00003 -\narr\u00eat\u00e9_f\u00e9vrier_2024_modification carte scolaire_1er degr\u00e9_2024-2025.odt 58\n1 / 8\nDirection des services d\u00e9partementaux de l'\u00e9ducation nationale de C\u00f4te-d'Or - 21-2024-02-09-00003 -\narr\u00eat\u00e9_f\u00e9vrier_2024_modification carte scolaire_1er degr\u00e9_2024-2025.odt 59\nARRETE:\nTITRE 1:IMPLANTATIONS D'EMPLOISARTICLE 1Enseignement \u00e9l\u00e9mentaireLes emplois suivants sont attribu\u00e9s \u00e0 compter du 1\u00b0\" septembre 2024 :\nAHUY 0211433U |E.P. |E.P.PU en \u00e9l\u00e9mentaire 8 \u00e8me classe ordinaireCHENOVE 0211990Z |E.E JEEPU GAMBETTA 8 \u00e8me classe ordinaireDAIX 0211669A |E.P. |E.P.PU en \u00e9l\u00e9mentaire 6 \u00e8me classe ordinaireDIJON 0211606G |E.E. |EE.PU COLETTE 6 eme classe ordinaireDIJON 0211639T |E.E.|[EEPU MANSART 10 \u00e8me classe ordinaireDIJON 0211884J |EE.|[EE.PU MONTS DE VIGNES 9 eme classe ordinaireFONTAINE-LES-DIJON 0211790G |E.E. [EE.PU LES PORTE-FEUILLES 5 \u00e8me classe ordinaireGENLIS 0210950U |E.E |EE.PU JULES FERRY 6 \u00e8me classe ordinaireMONTBARD 0211994D |E.E |E.E.PU PAUL LANGEVIN 10 \u00e8me classe ordinairePAGNY-LE-CHATEAU 0210730E |E.P. |[E.P.PU en \u00e9l\u00e9mentaire 6 \u00e8me classe ordinairePERRIGNY-LES-DIJON 0211338R |E.E |EE.PU 6 \u00e8me classe ordinaireSAINT-JULIEN 0210633Z |E.E JE.E.PU 7 \u00e8me classe ordinaireTALANT 0211589N |E.E. JEE.PU ELSA TRIOLET 7 \u00e8me classe ordinaire\nEnseignement pr\u00e9\u00e9l\u00e9mentaire\nCHEVIGNY-SAINT-SAUVEUR 0211484Z |E.M.|[EM.PU EZ ALLOUERES 4 \u00e8me classe ordinaireCORBERON / CORGENGOUX 0210229K |E.P. |E.E.PU R.P.I. \u00e0 Corberon en maternelle 4 \u00e8me classe ordinaireCORCELLES-LES-CITEAUX 0211926E |E.M.|JE.M.PU 2 \u00e8me classe ordinaireDIJON 0210115L |E.M.|[EM.PU LARREY 6 \u00e8me classe ordinaireDIJON 0211779V |[EM.|[EM.PU MANSART 6 eme classe ordinaireDIJON 02119698 |[E.M.|EM.PU PETIT CITEAUX 3 \u00e8me classe ordinaireDIJON 02101042 |E.M.JE.M.PU VALENDONS 4 \u00e9me classe ordinaireFONTAINE-LES-DIJON 0211039R |E.M.|[EM.PU LES SAVERNEY 3 \u00e8me classe ordinaireLONGVIC 0211789F |E.M.JEM.PU PAUL EMILE VICTOR 5 \u00e8me classe ordinaireMELOISEY / MAVILLY-MANDELOT 0210825H |E.P. |[E.E.PU R.P.l. \u00e0 Mavilly-Mandelot en maternelle 2 \u00e8me classe ordinaireNORGES-LA-VILLE / BRETIGNY 0211444F |E.M.|JEM.PU R.P.l. \u00e0 Norges-le-Ville en maternelle 4 \u00e8me classe ordinaireQUETIGNY 0211872W |E.M.|E.M.PU NELSON MANDELA 3 \u00e8me classe ordinaire\n2 / 8\nDirection des services d\u00e9partementaux de l'\u00e9ducation nationale de C\u00f4te-d'Or - 21-2024-02-09-00003 -\narr\u00eat\u00e9_f\u00e9vrier_2024_modification carte scolaire_1er degr\u00e9_2024-2025.odt 60\nEnseighement sp\u00e9cialis\u00e91 poste option D \u00e0 l'H\u00f4pital d'enfant \u00e0 Dijon,0,5 poste option C \u00e0 l'H\u00f4pital d'enfant \u00e0 Dijon,0,5 poste option D cognitif au SESSAD Dame Mosaik \u00e0 Dijon,0,5 poste option D autisme au SESSAD Autisme \u00e0 Saint-Apollinaire.Unit\u00e9s localis\u00e9es pour l'inclusion scolaire (ULIS)1 poste option D \u00e0 l'\u00e9cole \u00e9l\u00e9mentaire Jean Jaur\u00e8s \u00e0 Auxonne,1 poste option D \u00e0 l'\u00e9cole \u00e9l\u00e9mentaire Jules Ferry \u00e0 Genlis.\nConseiller p\u00e9dagogique1 poste rattach\u00e9 \u00e0 la circonscription d'Auxonne \u2014 Val de Sa\u00f4ne,1 poste rattach\u00e9 \u00e0 la circonscription de Dijon Centre.\n\u2022\n\u2022\n\u2022\n\u2022\n\u2022\n\u2022\n\u2022\n\u2022\n3 / 8\nDirection des services d\u00e9partementaux de l'\u00e9ducation nationale de C\u00f4te-d'Or - 21-2024-02-09-00003 -\narr\u00eat\u00e9_f\u00e9vrier_2024_modification carte scolaire_1er degr\u00e9_2024-2025.odt 61\nTITRE 1l : RETRAITS D'EMPLOISARTICLE 2 Les emplois suivants sont retir\u00e9s \u00e0 compter du 1* septembre 2024 :\nEnseignement \u00e9l\u00e9mentaire\nASNIERES-LES-DIJON 0210412) |EE.[EE.PU 5 \u00eame classe ordinaireBEAUNE 0212100V |EE.JEE PU CHAMPAGNE SAINT NICOLAS 8 \u00eame classe ordinaire|BRAZEY-EN-PLAINE 0211368Y |EE.|[EE.PU 7 \u00eame classe ordinaireCHATILLON-SUR-SEINE 02115509F |EE.JEEPU LOUIS CAILLETET 5 \u00eame classe ordinaireCHENOVE 0211695D |EE. [EE.PU LES VIOLETTES 10 \u00eame classe ordinaireCHEVIGNY-SAINT-SAUVEUR 0211483Y |EE. JEE PU EZ ALLOUERES 7 \u00eame classe ordinaireCHEVIGNY-SAINT-SAUVEUR 02116167 |EE.|[EE.PU BUISSON ROND 8 \u00eame classe ordinaireCORPEAU 02102102 |EP.JEP.PU LA PERRIERE en \u00e9l\u00e9mentaire 4 \u00eame classe ordinaireCOUTERNON 0210207L |EE.|[EE.PU 8 \u00eame classe ordinaireDIJON 0211569S |[EE.[EEPU ALSACE 7 \u00e9me classe ordinaireDIJON 0211877K |EE. [EE.PU CAMILLE FLAMMARION 11 \u00eame classe ordinaireDIJON 0212110E JEE JEE PU CHATEAU DE POUILLY 10 \u00e9me classe ordinaireDIJON 0211057N |EE. |JEE.PU COTEAUX DU SUZON 8 \u00eame classe ordinaireDIJON 0211865N |[E.E. JEE PU DRAPEAU 7 \u00eame classe ordinaireDIJON 0211784A |EE. JEE.PU MALADIERE 12 \u00e9me classe ordinaireDIJON 0212113H |EE |EE PU MONTMUZARD 10 \u00e9me classe ordinaireFLAMMERANS / SOISSONS-SUR-NACE |02109808 |[E.E JEEPUR.P.L. a Flammeransen slementairs 3 \u00eame classe ordinaireIS-SUR-TILLE 0211975H |EE. [EE.PU 11 \u00eame classe ordinaireLABERGEMENT-LES-SEURRE 0211378K |E.P. |E.P.PU en \u00e9l\u00e9mentaire 4 \u00eame classe ordinaireIMARSANNAY-LA-COTE 0211332J |EE.[EEPU LA PORTE D'OR 9 \u00eame classe ordinaire[MIREBEAU-SUR-BEZE 0211250V [EP. |EP PU en \u00e9l\u00e9mentaire 10 \u00eame classe ordinaireNUITS-SAINT-GEORGES 0210741S |EE.|[EEPU MARIE MAIGNOT \u00a9 \u00e9me classe ordinaireNUITS-SAINT-GEORGES 0210742T |[EE JEE.PU HENRI CHALLAND 8 \u00eame classe ordinairePRECY-SOUS-THIL 0212034X |EE.|[EEPU 8 \u00e9me classe ordinaireIQUETIGNY 0211558E |E.E.JEE-PU LES CEDRES 4 \u00e8me classe ordinaireROUVRES-EN-PLAINE 0210662F |EE.|[EE.PU 5 \u00eame classe ordinaireSAINT-APOLLINAIRE 0210851U |[EE.[EEPU PAQUIER D'AUPRE 7 \u00e9me classe ordinaireSEMUR-EN-AUXOIS 0211935P |EE. JEE.PU CHAMPLON 8 \u00eame classe ordinaireSENNECEY-LES-DIJON 0210567C |E.E.JEEPU ROLAND BELLEVILLE 7 \u00e9me classe ordinaireIVENAREY-LES-LAUMES 0212035Y |EE. JEE.PU DEBUSSY J. ROSTAND 8 \u00eame classe ordinaireVITTEAUX 0211550W|E.E. [EEPU 4 \u00e9me classe ordinaire\n4 / 8\nDirection des services d\u00e9partementaux de l'\u00e9ducation nationale de C\u00f4te-d'Or - 21-2024-02-09-00003 -\narr\u00eat\u00e9_f\u00e9vrier_2024_modification carte scolaire_1er degr\u00e9_2024-2025.odt 62\nEnseignement pr\u00e9\u00e9l\u00e9mentaire\nMONTIGNY-SUR-AUBE\nAIGNAY-LE-DUC 02117870 |E.P.|E.P.PU GISELE HALIMI en maternelle 5 \u00e8me classe ordinaireBEAUNE 0211636P |E.P.|E.P.PU BRETONNIERE en maternelle 5 \u00e8me classe ordinaireCHATILLON-SUR-SEINE 0211241K |[EM.|[EM.PU FRANCIS CARCO 3 \u00e9me classe ordinaireCHENOVE 0211035L |[E.M.|[E.M.PU LES VIOLETTES 6 \u00eame classe ordinaireCHENOVE 0211142C |[EM.|[EM.PU BOURDENIERE 7 \u00e8me classe ordinaireCHEVIGNY-SAINT-SAUVEUR 0211147H |[EM.|[EM.PU HENRI MARC 4 \u00e9me classe ordinaireDIJON 0210116M |E.M.|E.M.PU BEAUMARCHAIS 5 \u00e8me classe ordinaireDIJON 0211404M |E.M.JE.M.PU COLETTE 4 \u00e8me classe ordinaireDIJON 0211438Z |E.M.JE.M.PU JEAN BAPTISTE LALLEMAND 4 eme classe ordinaireDIJON 0211402K |[EM.|[EM.PU LAMARTINE 6 \u00e8me classe ordinaireDIJON 0210102X |[EM.|[EM.PU VICTOR HUGO 6 \u00eame classe ordinaireDIJON 0210100V |EM.|[EM.PU YORK 5 \u00e8me classe ordinaireGENLIS 0210940T |[EM.|[EM.PU JACQUES PREVERT 4 \u00e8me classe ordinaireHAUTEVILLE-LES-DIJON 0211868S |EM.JE.M.PU 2 \u00e8me classe ordinaireLOSNE 0211662T |E.M.JE.M.PU LOUIS PERGAUD 3 \u00eame classe ordinaireMONTBARD 02114868 |EM.JEM.PU JACQUES-YVES COUSTEAU 4 \u00e8me classe ordinairePLOMBIERES-LES-DIJON 0210717R |E-M.JE.M.PU PASTEUR 4 \u00e8me classe ordinairePOMMARD 0210710H |EP.|EP.PU en maternelle 3 \u00e9me classe ordinaireRENEVE 0210674U |E.P. |E.P.PU en maternelle 5 \u00e8me classe ordinaireSAINT-JEAN-DE-LOSNE 0211213E |JEM.|JE.M.PU 2 \u00e9me classe ordinaireSAINT-REMY 0211828Y |E.P. |E.P.PU en maternelle 5 \u00e8me classe ordinaireSAVIGNY-LES-BEAUNE 0211450M |E.P. |E.P.PU en maternelle 8 \u00e9me classe ordinaireTALANT 0211941W|E.M./E.M.PU JEAN MACE 2 \u00e8me classe ordinaireTALANT 0211563K |[EM.|[EM.PU ELSA TRIOLET 4 eme classe ordinaireVENAREY-LES-LAUMES 0211917V [EM.[EM.PU LA FONTAINE 2 eme classe ordinairesmm sp il 0212049N |E.M.|E.M.PU R.P.1. \u00e0 Veuxnaulies-sur-Aube 2 \u00e8me classe ordinaire\nEnseignement sp\u00e9cialis\u00e91 poste sans sp\u00e9cialit\u00e9 au SESSAD DAMS21 \u00e0 Dijon,1 poste option C \u00e0 l'IME DIADEM \u00e0 Dijon,0,5 poste option D cognitif au SESSAD UGECAM ch\u00e2teau de Villeneuve \u00e0 Essey.Poste d\u00e9charge ma\u00eetre formateur1 poste \u00e0 I'\u00e9cole application \u00e9l\u00e9mentaire Tr\u00e9mouille \u00e0 Dijon.\n\u2022\n\u2022\n\u2022\n\u2022\n5 / 8\nDirection des services d\u00e9partementaux de l'\u00e9ducation nationale de C\u00f4te-d'Or - 21-2024-02-09-00003 -\narr\u00eat\u00e9_f\u00e9vrier_2024_modification carte scolaire_1er degr\u00e9_2024-2025.odt 63\nTITRE Il1: MESURES ADMINISTRATIVESARTICLE 3 Transformation de supports :\n0211776SE.P.PU CHEVIGNY-SAINT-SAUVEUR LE BREUILTransformation d'un poste maternelle en un poste\u00e9l\u00e9mentaireTransformation d''un poste classe ordinaire maternelle0211330G | E.M.PU DIJON ALSACE en un poste grande section \u00e0 effectifs r\u00e9duits0210793Y |E.M.PU MONTBARD PASTEUR Transformation d'un poste c'lasse or_dlnellre _maternelleen un poste grande section \u00e0 effectifs r\u00e9duitsE.E.PU CHEN\u00d4VE Transforma\\\\tlon d un pf)st_e CP \u00e0 effectifs r\u00e9duits et un0211783Z poste CE1 \u00e0 effectifs r\u00e9duits en deux postes classesBOURDENIERE E 212 .ordinaires \u00e9l\u00e9mentaires0211637R E.E.PU CHENOVE EN SAINT- Transformation d'un poste classe ordinaire \u00e9l\u00e9mentaireJACQUES en un poste CE1 \u00e0 effectifs r\u00e9duits\n0211990ZE.E.PU CHEN\u00d4VE GAMBETTATransformation d'un poste CP \u00e0 effectifs r\u00e9duits en unposte CE1 \u00e0 effectifs r\u00e9duits et transformation d'unposte classe ordinaire \u00e9l\u00e9mentaire en un poste CE1 \u00e0effectifs r\u00e9duits\n0212102WE.E.PU DIJON CHAMPOLLIONTransformation d'un poste CE1 \u00e0 effectifs r\u00e9duits en unposte CP \u00e0 effectifs r\u00e9duits et transformation d'unposte CE1 \u00e0 effectifs r\u00e9duits en un poste classeordinaire \u00e9l\u00e9mentaire0211403LE.E.PU DIJON LAMARTINETransformation d'un poste CE1 \u00e0 effectifs r\u00e9duits en unposte CP \u00e0 effectifs r\u00e9duits\nARTICLE 4 Fusions d'\u00e9coles :avec d\u00e9lib\u00e9ration du mairesituation actuelle situation au 1* septembre2024tvpe n\u00b0RNE t)\u00e9ie poste | postes | postes type poste postes postesyp dir de dir | ecma ecel de dir | dedir ecma ecelSANTENAY E.E.PU | 0211353G 3 2 4 1 1 2SANTENAY E.M.PU | 0211727N 1 Fermeture de l'\u00e9cole\nsous r\u00e9serve des d\u00e9lib\u00e9rations des maires\nsituation actuelle situation au 1% septembre2024type n\u00b0RNE | type | poste | postes | postes | type poste postes postesde | dedir | ecma ecel de dir | de dir ecma ecel\n6 / 8\nDirection des services d\u00e9partementaux de l'\u00e9ducation nationale de C\u00f4te-d'Or - 21-2024-02-09-00003 -\narr\u00eat\u00e9_f\u00e9vrier_2024_modification carte scolaire_1er degr\u00e9_2024-2025.odt 64\ndirCOUCHEY E.E.PU | 0211605F 3 1 2 5 1 2 2COUCHEY E.M.PU | 0211604E 2 1 1 Fermeture de l'\u00e9cole\nsituation actuelle situation au 1* septembre2024tvpe n\u00b0RNE t)\u00e9;;e poste | postes | postes type poste postes postesyp dir de dir | ecma ecel de dir | dedir ecma ecelMOREY-ST-DENIS E.E.PU | 0211251W 2 1 1 3 1 1 1MOREY-ST-DENIS E.M.PU | 0211566N 1 1 Fermeture de l'\u00e9cole\nsituation actuelle situation au 1* septembre2024type poste | postes | postes type poste postes postesotype n\u00b0RNE g\u00ee de dir | ecma ecel de dir | dedir ecma ecelST-APOLLINAIREPAQUIER D'AUPR\u00c9 E.E.PU | 0210651U 7 1 6 9 1 3 5T-APOLLINAIRE 12\u00caAQU\u00caR D'auPR\u00c9 | E-M-PU | 02106495 3 1 2 Fermeture de l'\u00e9cole\nARTICLE 5 Directions communes:\nsituation actuelle situation au 1\u00b0\" septembre2024tvpe n\u00b0RNE t)\u00e9ze poste | postes | postes type poste postes postesyp dir de dir | ecma ecel de dir | dedir ecma ecelMAXILLY-SUR-SA\u00d4NE E.E.PU | 0211853A 4 1 3 6 1 3\nTALMAY E.M.PU | 0211825V 2 1 1 2\nsituation actuelle situation au 1* septembre2024tvpe n\u00b0RNE t)\u00e9;;e poste | postes | postes type poste postes postesyp dir de dir | ecma ecel de dir | dedir ecma ecelVERONNES E.E.PU | 0210492W | 3 1 4 1ORVILLE E.E.PU | 0210733H 1 1\nSACQUENAY E.E.PU | 0210657A 1 1E.M.PU | 0211812F 1 1 1CHAZEUIL\n7 / 8\nDirection des services d\u00e9partementaux de l'\u00e9ducation nationale de C\u00f4te-d'Or - 21-2024-02-09-00003 -\narr\u00eat\u00e9_f\u00e9vrier_2024_modification carte scolaire_1er degr\u00e9_2024-2025.odt 65\nARTICLE 6 Fermeture d'\u00e9cole :Fermeture d'\u00e9cole \u00e0 la suite de la fusion\u00c9cole maternelle de SantenayFermetures d'\u00e9coles sous r\u00e9serve des d\u00e9lib\u00e9rations des conseils municipauxEcole maternelle de CoucheyEcole maternelle de Morey-Saint-Denis\u00c9cole maternelle Paquier d'Aupr\u00e9 \u00e0 Saint-Apollinaire\nARTICLE 7 Au regard des \u00e9volutions des effectifs pr\u00e9visionnels et des inscriptions d\u00e9finitivesd'\u00e9l\u00e8ves, des ajustements (ouvertures provisoires, fermetures provisoires)pourront \u00eatre r\u00e9alis\u00e9s.ARTICLE 8 La secr\u00e9taire g\u00e9n\u00e9rale de la direction des services d\u00e9partementaux de l'\u00e9ducationnationale de la C\u00f4te-d'Or est charg\u00e9e de l'ex\u00e9cution du pr\u00e9sent arr\u00e9t\u00e9 qui serapubli\u00e9 au recueil des actes administratifs de la C\u00f4te-d'Or.\nDijon, le 9 f\u00e9vrier 2024L'inspecteur d'acad\u00e9mie,directeur acad\u00e9mique des servicesde l'\u00e9ducation nationale\nDavid Muller\n\uf0b7\n\uf0b7\n\uf0b7\n\uf0b7\n8 / 8\nDirection des services d\u00e9partementaux de l'\u00e9ducation nationale de C\u00f4te-d'Or - 21-2024-02-09-00003 -\narr\u00eat\u00e9_f\u00e9vrier_2024_modification carte scolaire_1er degr\u00e9_2024-2025.odt 66\nDREAL Bourgogne-Franche-Comt\u00e9\nService Pr\u00e9vention des Risques\n21-2024-02-13-00002\nArr\u00eat\u00e9 pr\u00e9fectoral de mise en demeure de la\nsoci\u00e9t\u00e9 Garage des GRANDS CRUS \u00e0 Nuits St\nGeorges\nDREAL Bourgogne-Franche-Comt\u00e9 - 21-2024-02-13-00002 - Arr\u00eat\u00e9 pr\u00e9fectoral de mise en demeure de la soci\u00e9t\u00e9 Garage des GRANDS\nCRUS \u00e0 Nuits St Georges 67\nE . Direction r\u00e9gionale de l'environnement,= de I'am\u00e9nagement et du logementPREFET ; ;DE LA C\u00d4TE-D'OR Bourgogne Franche-Comt\u00e9Libert\u00e9Egalit\u00e9Fraternit\u00e9\nArr\u00eat\u00e9 pr\u00e9fectoral portant mise en demeure dela soci\u00e9t\u00e9 GARAGE DES GRANDS CRUS situ\u00e9e \u00e0 NUITS-ST-GEORGES (21700)\nLE PR\u00c9FET DU D\u00c9PARTEMENT DE LA C\u00d4TE D'ORChevalier de la l\u00e9gion d'honneurChevalier de l'ordre national du m\u00e9rite\nVU le code de l'environnement et notamment ses articles L.171-1 \u00e0 L.172-17, L.557-1 \u00e0 L.557-61 et R.557-14-1 \u00e0 R.557-14-8 ;VU les articles L.557-53, L.171-7 et L.171-8 du code de l'environnement ;VU le d\u00e9cret du Pr\u00e9sident de la R\u00e9publique du 26 septembre 2022 nommant M. Franck ROBINE, pr\u00e9fet de la r\u00e9gion BourgogneFranche-Comt\u00e9, pr\u00e9fet de la C\u00f4te d'Or ;VU l'arr\u00eat\u00e9 du 20 novembre 2017 relatif au suivi en service des \u00e9quipements sous pression et des r\u00e9cipients \u00e0 pression simples ;VU l'arr\u00eat\u00e9 pr\u00e9fectoral n\u00b0 1780 du 4 d\u00e9cembre 2023 donnant d\u00e9l\u00e9gation de signature \u00e0 Monsieur le directeur r\u00e9gional adjoint del'environnement, de l'am\u00e9nagement et du logement de la r\u00e9gion Bourgogne-Franche-Comt\u00e9, concernant la comp\u00e9tenced\u00e9partementale en C\u00f4te d'Or ;VU la d\u00e9cision n\u00b0 21-2023-12-19-00005 du 19 d\u00e9cembre 2023 portant subd\u00e9l\u00e9gation de signature aux agents de la DREAL pourles missions sous autorit\u00e9 du pr\u00e9fet de la C\u00f4te d'Or, d\u00e9l\u00e9gation \u00e9galement donn\u00e9e \u00e0 Monsieur Beno\u00eet CHESNEAU en mati\u00e8red'\u00e9quipements sous pression ;VU le rapport de l'inspection de l'environnement, sp\u00e9cialit\u00e9 \u00ab Installations class\u00e9es\u00bb de la Direction R\u00e9gionale del'Environnement, de l'Am\u00e9nagement et du Logement du 8 d\u00e9cembre 2022 ;VU les courriels de relance de l'inspection de l'environnement, sp\u00e9cialit\u00e9 \u00ab Installations class\u00e9es \u00bb de la Direction R\u00e9gionale del'Environnement, de l'Am\u00e9nagement et du Logement du 18 novembre 2022, 5 et 13 janvier 2023, 12 juillet 2023, 8 et 14septembre 2023, 13 et 14 novembre 2023 ;VU les courriels de r\u00e9ponse de l'exploitant du 18 et 21 novembre 2022, 4 et 13 janvier 2023, 13 et 18 septembre 2023, et 13 et 21novembre 2023 ;VU le courrier du 8 janvier 2024 adress\u00e9 \u00e0 la soci\u00e9t\u00e9 GARAGE DES GRANDS CRUS l'informant de la mise en demeure dont elleest susceptible de faire l'objet et du d\u00e9lai dont elle dispose pour formuler ses observations, conform\u00e9ment \u00e0 l'article L.171-6 ducode de l'environnement ;VU la r\u00e9ponse de la soci\u00e9t\u00e9 GARAGE DES GRANDS CRUS au courrier susvis\u00e9 en date du 22 janvier 2024;\nPage 1 sur 3\nDREAL Bourgogne-Franche-Comt\u00e9 - 21-2024-02-13-00002 - Arr\u00eat\u00e9 pr\u00e9fectoral de mise en demeure de la soci\u00e9t\u00e9 Garage des GRANDS\nCRUS \u00e0 Nuits St Georges 68\nCONSIDERANT que les \u00e9quipements sous pression sont des \u00e9quipements pr\u00e9sentant des risques sp\u00e9cifiques en cas de rupturebrutale, soumis \u00e0 ce titre \u00e0 des dispositions r\u00e9glementaires tr\u00e8s strictes et que les contr\u00f4les de suivi en service ont notamment pourobjet de s'assurer de la possibilit\u00e9 de poursuivre leur exploitation dans des conditions de s\u00e9curit\u00e9 satisfaisantes pour les agents etles installations du site mais \u00e9galement pour le voisinage ext\u00e9rieur du site ;CONSIDERANT que l'article L.557-28 du code de l'environnement dispose :\u00ab En raison de leurs risques sp\u00e9cifiques et de leurs conditions d'utilisation, certains produits et \u00e9quipements sont soumis aurespect d'exigences compl\u00e9mentaires en ce qui concerne leur installation, leur mise en service, leur entretien et leur exploitation,afin de garantir la s\u00e9curit\u00e9 du public et du personnel et la protection des biens.\u00cels sont, en fonction de leurs caract\u00e9ristiques, soumis \u00e0 l'une ou plusieurs des op\u00e9rations de contr\u00f4le suivantes :1\u00b0 La d\u00e9claration de mise en service ;2\u00b0 Le contr\u00f4le de mise en service ;3\u00b0 L'inspection p\u00e9riodique ;4\u00b0 La requalification p\u00e9riodique ou le contr\u00f4le p\u00e9riodique ;5\u00b0 Le contr\u00f4le apr\u00e8s r\u00e9paration ou modification.Certaines de ces op\u00e9rations sont r\u00e9alis\u00e9es par des organismes mentionn\u00e9s \u00e0 l'article L.557-31. \u00bb ;CONSIDERANT que l'article L.557-29 du code de l'environnement dispose :\u00ab L'exploitant est responsable de l'entretien, de la surveillance et des r\u00e9parations n\u00e9cessaires au maintien du niveau de s\u00e9curit\u00e9du produit ou de l'\u00e9quipement. Il retire le produit ou l'\u00e9quipement du service si son niveau de s\u00e9curit\u00e9 est alt\u00e9r\u00e9 \u00bb ;CONSIDERANT que l'article 6.III de l'arr\u00eat\u00e9 minist\u00e9riel du 20 novembre 2017 susvis\u00e9 dispose :\u00ab L'exploitant tient \u00e0 jour une liste des r\u00e9cipients fixes, des g\u00e9n\u00e9rateurs de vapeur et des tuyauteries soumis aux dispositions dupr\u00e9sent arr\u00eat\u00e9, y compris les \u00e9quipements ou installations au ch\u00f4mage. Cette liste indique, pour chaque \u00e9quipement, le type, ler\u00e9gime de surveillance, les dates de r\u00e9alisation de la derni\u00e8re et de la prochaine inspection et de la derni\u00e8re et de la prochainerequalification p\u00e9riodique.L'exploitant tient cette liste \u00e0 la disposition des agents charg\u00e9s de la surveillance des appareils \u00e0 pression \u00bb ;CONSIDERANT que lors de la visite d'inspection du 16 novembre 2022, l'inspection a constat\u00e9 que la soci\u00e9t\u00e9 GARAGE DESGRANDS CRUS situ\u00e9e \u00e0 NUITS-ST-GEORGES (21700) exploite un \u00e9quipement sous pression soumis aux op\u00e9rations de contr\u00f4lepr\u00e9vues par l'article L.557-28 du code de l'environnement et aux dispositions de l'arr\u00eat\u00e9 minist\u00e9riel du 20 novembre 2017susvis\u00e9 ;CONSIDERANT que lors de la visite d'inspection du 16 novembre 2022, l'inspection a constat\u00e9 qu'un \u00e9quipement sous pressionsoumis \u00e0 la r\u00e9glementation applicable aux \u00e9quipements sous pression, est exploit\u00e9, sans avoir fait l'objet des contr\u00f4lesr\u00e9glementaires pr\u00e9vus par l'article L.557-28 du code de l'environnement, notamment l'inspection p\u00e9riodique ;CONSIDERANT que lors de la visite d'inspection du 16 novembre 2022, l'inspection a constat\u00e9 l'absence de dossierd'exploitation de l'\u00e9quipement sous pression (compresseur X.PAUCHARD n\u00b0798212 exploit\u00e9 sur le site), conforme auxdispositions de l'article 6.1 de l'arr\u00eat\u00e9 minist\u00e9riel du 20 novembre 2017 susvis\u00e9 ;CONSIDERANT que lors de la visite d'inspection du 16 novembre 2022, l'inspection a constat\u00e9 l'absence de la liste des\u00e9quipements sous pression conforme aux dispositions de l'article 6.III de l'arr\u00eat\u00e9 minist\u00e9riel du 20 novembre 2017 susvis\u00e9 ;CONSIDERANT que l'\u00e9quipement sous pression concern\u00e9 par la pr\u00e9sente mise en demeure (compresseur X.PAUCHARDn\u00b0798212) pr\u00e9sente un enjeu de s\u00e9curit\u00e9 important ;CONSIDERANT que ces constats constituent un manquement aux dispositions de l'article L.557-28 du code de l'environnementet de l'article 6.1 et 6.III de l'arr\u00eat\u00e9 minist\u00e9riel du 20 novembre 2017 et que conform\u00e9ment \u00e0 l'article L.557-53 du code del'environnement, l'autorit\u00e9 administrative comp\u00e9tente peut recourir aux dispositions des articles L.171-7 et L.171-8 du code del'environnement ;\nSur proposition du pr\u00e9fet de la C\u00f4te d'Or,\nPage 2 sur 3\nDREAL Bourgogne-Franche-Comt\u00e9 - 21-2024-02-13-00002 - Arr\u00eat\u00e9 pr\u00e9fectoral de mise en demeure de la soci\u00e9t\u00e9 Garage des GRANDS\nCRUS \u00e0 Nuits St Georges 69\nARRETEARTICLE 1\"*La soci\u00e9t\u00e9 GARAGE DES GRANDS CRUS situ\u00e9e \u00e0 NUITS-ST-GEORGES (21700), est mise en demeure de r\u00e9gulariser sa situationau regard de la r\u00e9glementation applicable aux \u00e9quipements sous pression et de respecter les dispositions de l'article 6.1 de l'arr\u00eat\u00e9minist\u00e9riel du 20 novembre 2017 susvis\u00e9.En cons\u00e9quence, la d\u00e9claration de conformit\u00e9 et la notice d'instruction de la soupape devront \u00eatre transmises dans un d\u00e9laimaximum de quinze jours \u00e0 compter de la date de notification du pr\u00e9sent arr\u00eat\u00e9.(La d\u00e9claration de conformit\u00e9 et la notice d'instruction transmises par l'exploitant ne correspondent pas \u00e0 la soupape utilis\u00e9e).La soci\u00e9t\u00e9 GARAGE DES GRANDS CRUS transmettra \u00e0 l'inspection, les pi\u00e8ces justifiant des actions de r\u00e9gularisation \u00e0 l'\u00e9ch\u00e9ancedu d\u00e9lai impos\u00e9.\nARTICLE 2La soci\u00e9t\u00e9 GARAGE DES GRANDS CRUS situ\u00e9e NUITS-ST-GEORGES (21700), est mise en demeure de r\u00e9gulariser sa situationau regard de la r\u00e9glementation applicable aux \u00e9quipements sous pression et de respecter les dispositions de l'article 6.1II del'arr\u00eat\u00e9 minist\u00e9riel du 20 novembre 2017 susvis\u00e9.En cons\u00e9quence, une liste exhaustive et \u00e0 jour, conforme aux dispositions de l'article 6.III de l'arr\u00eat\u00e9 minist\u00e9riel du 20 novembre2017 susvis\u00e9, devra \u00e9tre \u00e9tablie dans un d\u00e9lai maximum de quinze jours \u00e0 compter de la date de notification du pr\u00e9sentarr\u00eat\u00e9.La soci\u00e9t\u00e9 GARAGE DES GRANDS CRUS transmettra \u00e0 l'inspection, les pi\u00e8ces justifiant des actions de r\u00e9gularisation \u00e0 l'\u00e9ch\u00e9ancedu d\u00e9lai impos\u00e9.ATICLE 3En cas de non ex\u00e9cution de la pr\u00e9sente mise en demeure, il pourra \u00eatre fait application des sanctions administratives et p\u00e9nalespr\u00e9vues aux articles L.171-8 et L.557-60 du code de l'environnement.ARTICLE 4Conform\u00e9ment \u00e0 l'article L.171-11 du code de l'environnement, la pr\u00e9sente d\u00e9cision est soumise \u00e0 un contentieux de pleinejuridiction. Elle peut \u00eatre d\u00e9f\u00e9r\u00e9e par l'exploitant \u00e0 la juridiction comp\u00e9tente, le tribunal administratif de Dijon, dans le d\u00e9lai pr\u00e9vu\u00e0 l'article R.421-1 du code de justice administrative, soit dans les deux mois qui suivent la date de notification du pr\u00e9sent arr\u00eat\u00e9.En cas de recours, celui-ci peut \u00eatre r\u00e9alis\u00e9 de fa\u00e7on d\u00e9mat\u00e9rialis\u00e9e via l'application \u00ab T\u00e9l\u00e9recours citoyen \u00bb.ARTICLE 5Le pr\u00e9sent arr\u00eat\u00e9 sera notifi\u00e9 \u00e0 la soci\u00e9t\u00e9 GARAGE DES GRANDS CRUS et publi\u00e9 au recueil des actes administratifs dud\u00e9partement.Ampliation en sera adress\u00e9e \u00e0 :- Monsieur le pr\u00e9fet de la C\u00f4te d'Or- Monsieur le Maire de la commune de NUITS-ST-GEORGES,- Monsieur le Directeur R\u00e9gional de l'Environnement, de l'Am\u00e9nagement et du Logementcharg\u00e9s, chacun en ce qui le concerne, de l'ex\u00e9cution du pr\u00e9sent arr\u00eat\u00e9.\nFait \u00e0 Dijon, le 13 f\u00e9vrier 2024 pour le pr\u00e9fet de la C\u00f4te d'Or,et par d\u00e9l\u00e9gation, le chef du P\u00f4le Equipements Sous Pression07\nBeno\u00eet CHESNEAU\nPage 3 sur 3\nDREAL Bourgogne-Franche-Comt\u00e9 - 21-2024-02-13-00002 - Arr\u00eat\u00e9 pr\u00e9fectoral de mise en demeure de la soci\u00e9t\u00e9 Garage des GRANDS\nCRUS \u00e0 Nuits St Georges 70\nDRFiP Bourgogne Franche-Comt\u00e9\n21-2024-02-15-00002\nDRFIP 21 Arr\u00eat\u00e9 relatif au r\u00e9gime d'ouverture au\npublic des services de la Direction r\u00e9gionale des\nfinances publiques de\nBourgogne-Franche-Comt\u00e9 et du d\u00e9partement\nde la C\u00f4te d'Or en 2024 (10 mai et 16 ao\u00fbt 2024)\nDRFiP Bourgogne Franche-Comt\u00e9 - 21-2024-02-15-00002 - DRFIP 21 Arr\u00eat\u00e9 relatif au r\u00e9gime d'ouverture au public des services de la\nDirection r\u00e9gionale des finances publiques de Bourgogne-Franche-Comt\u00e9 et du d\u00e9partement de la C\u00f4te d'Or en 2024 (10 mai et 16\nao\u00fbt 2024)\n71\nREPUBLIQUEFRANCAISEL_ibert\u00e9Egalit\u00e9Fraternit\u00e9\nTFINANCES PUBLIQUES\nArr\u00eat\u00e9 relatif au r\u00e9gime d'ouverture au public \ndes services de la direction r\u00e9gionale des finances publiques de Bourgogne-Franche-Comt\u00e9 \net du d\u00e9partement de la C\u00f4te-d'Or\nLa directrice r\u00e9gionale des finances publiques de Bourgogne-Franche-Comt\u00e9 et du d\u00e9partement de\nla C\u00f4te-d'Or\nVu le d\u00e9cret n\u00b071-69 du 26 janvier 1971 relatif au r\u00e9gime d'ou verture au public des services ext\u00e9rieurs de\nl'Etat ;\nVu les articles 26 et 43 du d\u00e9cret n\u00b02004-374 du 29 avril 2004 m odifi\u00e9 relatif aux pouvoirs des pr\u00e9fets, \u00e0\nl'organisation et \u00e0 l'action des services de l'Etat, dans les r\u00e9gions et les d\u00e9partements ;\nVu le d\u00e9cret n\u00b02008-310 du 3 avril 2008 relatif \u00e0 la direction g\u00e9n\u00e9rale des finances publiques ;\nVu le d\u00e9cret n\u00b02009-208 du 20 f\u00e9vrier 2009 relatif au statut p articulier des administrateurs des finances\npubliques ;\nVu le d\u00e9cret n\u00b02009-707 du 16 juin 2009 modifi\u00e9 relatif aux se rvices d\u00e9concentr\u00e9s de la direction g\u00e9n\u00e9rale\ndes finances publiques ;\nVu l'arr\u00eat\u00e9 pr\u00e9fectoral n\u00b01496/SG du 19 d\u00e9cembre 2022 porta nt d\u00e9l\u00e9gation de signature en mati\u00e8re de\nr\u00e9gime d'ouverture au public des services d\u00e9concentr\u00e9s de l a direction r\u00e9gionale des finances publiques\nde Bourgogne-Franche-Comt\u00e9 et du d\u00e9partement de la C\u00f4te-d'Or ;\nARR\u00caTE\n :\nArticle 1er : \nLes services de la direction r\u00e9gionale des finances publiqu es de Bourgogne-Franche-Comt\u00e9 et du\nd\u00e9partement de la C\u00f4te-d'Or seront ferm\u00e9s \u00e0 titre exception nel le vendredi 10 mai 2024 et le vendredi 16\nao\u00fbt 2024.\nArticle 2 :\nLe pr\u00e9sent arr\u00eat\u00e9 sera publi\u00e9 au recueil des actes administr atifs de la Pr\u00e9fecture et affich\u00e9 dans les locaux\ndes services vis\u00e9s \u00e0 l'article 1er.\nFait \u00e0 Dijon, le 15 f\u00e9vrier 2024\nPar d\u00e9l\u00e9gation du Pr\u00e9fet,\nLa directrice r\u00e9gionale des finances publiques de Bourgogne-Franche-Comt\u00e9\net du d\u00e9partement de la C\u00f4te-d'Or,\nH\u00e9l\u00e8ne CROCQUEVIEILLE\nDRFiP Bourgogne Franche-Comt\u00e9 - 21-2024-02-15-00002 - DRFIP 21 Arr\u00eat\u00e9 relatif au r\u00e9gime d'ouverture au public des services de la\nDirection r\u00e9gionale des finances publiques de Bourgogne-Franche-Comt\u00e9 et du d\u00e9partement de la C\u00f4te d'Or en 2024 (10 mai et 16\nao\u00fbt 2024)\n72\nMaison d'arr\u00eat de Dijon\n21-2024-02-06-00006\nMA DIJON - D\u00e9l\u00e9gations signature - Elections\n06-02-2024\nMaison d'arr\u00eat de Dijon - 21-2024-02-06-00006 - MA DIJON - D\u00e9l\u00e9gations signature - Elections 06-02-2024 73\nMINISTEREDE LA JUSTICELibert\u00e9Egalit\u00e9Fraternit\u00e9\nMinist\u00e8re de la JusticeDirection interr\u00e9gionale des services p\u00e9nitentiaires de DIJONMA DIJON \u00c0 DIJON,Le O6 f\u00e9vrier 2024Arr\u00eat\u00e9 portant d\u00e9l\u00e9gation de signatureVu l'article R. 361- 3 du code p\u00e9nitentiaire;Vu l'arr\u00e9t\u00e9 du ministre de la justice en date du 18/11/2023 nommant J\u00e9r\u00f4me CHAREYRON enqualit\u00e9 de chef d'\u00e9tablissement de la Maison d'Arr\u00e9t de DIJON,Le chef de l'\u00e9tablissement de la Maison d'Arr\u00eat de DijonARR\u00caTEArticle 1\u00b0': D\u00e9l\u00e9gation de signature est donn\u00e9e \u00e0 M. Christophe MACHECOURT, en qualit\u00e9 de capitaine,chef de b\u00e2timent \u00e0 la Maison d'Arr\u00e9t de Dijon, \u00e0 l'effet de signer toutes d\u00e9cisions et documents serapportant aux attributions relatives \u00e0 l'inscription sur les listes \u00e9lectorales et au vote par correspondancedes personnes d\u00e9tenues et d\u00e9finies \u00e0 l'article R. 361-3 du code p\u00e9nitentiaire.Article 2 : M. Christophe MACHECOURT, en qualit\u00e9 de capitaine, chef de b\u00e2timent \u00e0 la Maison d'Arr\u00e9t deDijon, assiste en tant que de besoin le chef de l'\u00e9tablissement de la Maison d'Arr\u00e9t de Dijon dans lesattributions pour lesquelles il a re\u00e7u d\u00e9l\u00e9gation de signature \u00e0 l'article 1\u00b0\" de l'arr\u00eat\u00e9 du chef del'\u00e9tablissement de la Maison d'Arr\u00e9t de Dijon lui donnant d\u00e9l\u00e9gation de signature.Article 3: Le pr\u00e9sent arr\u00eat\u00e9 est publi\u00e9 au recueil des actes administratifs du d\u00e9partement dans lequell'\u00e9tablissement a son si\u00e8ge et affich\u00e9 au sein de l'\u00e9tablissement p\u00e9nitentiaire.Fait \u00e0 DIJON,Le 06 f\u00e9vrier 2024 Le chef d'\u00e9tablissement,Sign\u00e9J\u00e9r\u00f4me CHAREYRON\n \n- \n  \n- \n \n \n \nMaison d'arr\u00eat de Dijon - 21-2024-02-06-00006 - MA DIJON - D\u00e9l\u00e9gations signature - Elections 06-02-2024 74\nPr\u00e9fecture de Haute-Sa\u00f4ne\n21-2024-01-26-00003\nARR\u00caT\u00c9 INTER-PR\u00c9FECTORAL\nN\u00b070-2024-01-26-00010 autorisant la cession\npartielle des droits associ\u00e9s \u00e0 la canalisation \nde transport d\u25a1\u00e9thyl\u00e8ne \u00c9THYL\u00c8NE EST\nentre Viriat (Ain) et Carling (Moselle)\nPr\u00e9fecture de Haute-Sa\u00f4ne - 21-2024-01-26-00003 - ARR\u00caT\u00c9 INTER-PR\u00c9FECTORAL N\u00b070-2024-01-26-00010 autorisant la cession partielle\ndes droits associ\u00e9s \u00e0 la canalisation \nde transport d\u25a1\u00e9thyl\u00e8ne \u00c9THYL\u00c8NE EST\nentre Viriat (Ain) et Carling (Moselle)\n75\nPREFET PREFETE PREFET PREFET PREFETDE LA HAUTE- DE L'AIN DE SAONE-ET-LOIRE DE LA DES VOSGESSAONE Libert\u00e9 Tn COTE-D'OR LsFraternit\u00e9 Fraternit\u00e9\nPR\u00c9FET PR\u00c9FET PR\u00c9FET PR\u00c9FETDE LA MOSELLE DU JURA DE LA HAUTE-MARNE DE MEURTHE-ET-MOSELLE\u00ca\u00cf:{\u00cf Libert\u00e9 Libert\u00e9 \u00ca\u00cb\u00ce]\u00c7;\u00caFmtezrfzz't\u00e9 DE Egalit\u00e9 Fraternit\u00e9Fraternit\u00e9 Fraternit\u00e9\nARR\u00caT\u00c9 INTER-PR\u00c9FECTORAL N\u00b0 70-2024-01-26-00010\nautorisant la cession partielle des droits associ\u00e9s \u00e0 la canalisation \nde transport d'\u00e9thyl\u00e8ne \u00c9THYL\u00c8NE EST\nentre Viriat (Ain) et Carling (Moselle)\nLE PR\u00c9FET DE LA\nHAUTE-SA\u00d4NE\nLA PR\u00c9F\u00c8TE DE\nL'AIN\nChevalier de la\nL\u00e9gion d'Honneur\nOfficier de l'Ordre\nNational du M\u00e9rite\nLE PR\u00c9FET DE\nSA\u00d4NE-ET-LOIRE\nChevalier de la\nL\u00e9gion d'Honneur\nChevalier de l'Ordre\nNational du M\u00e9rite\nLE PR\u00c9FET DU\nJURA\nChevalier de l'Ordre\nNational du M\u00e9rite\nLA PR\u00c9F\u00c8TE DE LA\nHAUTE-MARNE\nChevalier de la\nL\u00e9gion d'Honneur\nOfficier de l'Ordre\nNational du M\u00e9rite\nLA PR\u00c9F\u00c8TE DES\nVOSGES\nChevalier de la L\u00e9gion\nd'Honneur\nLE PR\u00c9FET DE LA\nR\u00c9GION BOURGOGNE-\nFRANCHE-COMT\u00c9,\nPR\u00c9FET DE LA C\u00d4TE-\nD'OR\nLE PR\u00c9FET DE LA\nMOSELLE\nOfficier de la L\u00e9gion\nd'Honneur\nOfficier de l'Ordre National\ndu M\u00e9rite\nLE PR\u00c9FET DE\nMEURTHE-ET-MOSELLE\nChevalier de la L\u00e9gion\nd'Honneur\nOfficier de l'Ordre National\ndu M\u00e9rite\nVu le Code de l'environnement, partie l\u00e9gislative et r\u00e9glementaire et notamment ses articles R.555-6 et R.555-\n27 ;\nVu le d\u00e9cret du 19 mars 1999 modifi\u00e9 d\u00e9clarant d'int\u00e9r\u00eat g\u00e9n\u00e9ral des travaux relatifs \u00e0 la construction et \u00e0\nl'exploitation de canalisations de transport d'\u00e9thyl\u00e8ne ;\nVu l'arr\u00eat\u00e9 minist\u00e9riel du 5 mai 2000 modifi\u00e9 approuvant les caract\u00e9ristiques de l'ouvrage ;\nVu le d\u00e9cret du 24 janvier 2006 portant autorisation de cession de droits conf\u00e9r\u00e9s par 1\u00b0 de l'article 5 de la DIG\ndu  19  mars  1999  d\u00e9clarant  d'int\u00e9r\u00eat  g\u00e9n\u00e9ral  des  travaux  relatifs  \u00e0  la  construction  et  \u00e0  l'exploitation  de\ncanalisations de transport d'\u00e9thyl\u00e8ne ;\nVu l'arr\u00eat\u00e9 minist\u00e9riel du 5 mars 2014 d\u00e9finissant les modalit\u00e9s d'application du chapitre V du titre V du livre V du\nCode de l'environnement et portant r\u00e8glement de la s\u00e9curit\u00e9 des canalisations de transport de gaz naturel ou\nassimil\u00e9, d'hydrocarbures et de produits chimiques ;\nVu la demande d\u00e9pos\u00e9e le 15 novembre 2023 par la soci\u00e9t\u00e9 TOTAL \u00c9NERGIES PETROCHEMICALS FRANCE\npour la cession des droits de la canalisation de transport d'\u00e9thyl\u00e8ne \u00c9THYL\u00c8NE EST ;\nAdresse postale : 69453 LYON CEDEX 06\nStandard : 04 26 28 60 00 \nwww.auvergne-rhone-alpes.developpement-durable.gouv.fr 1/4\nPr\u00e9fecture de Haute-Sa\u00f4ne - 21-2024-01-26-00003 - ARR\u00caT\u00c9 INTER-PR\u00c9FECTORAL N\u00b070-2024-01-26-00010 autorisant la cession partielle\ndes droits associ\u00e9s \u00e0 la canalisation \nde transport d\u25a1\u00e9thyl\u00e8ne \u00c9THYL\u00c8NE EST\nentre Viriat (Ain) et Carling (Moselle)\n76\nVu le rapport de la Direction R\u00e9gionale de l'Environnement, de l'Am\u00e9nagement et du Logement Auvergne-\nRh\u00f4ne-Alpes, service instructeur et de contr\u00f4le, en date du 18 d\u00e9cembre 2023 ;\nConsid\u00e9rant que les formalit\u00e9s pr\u00e9vues par les lois et r\u00e8glements ont \u00e9t\u00e9 remplies ;\nSur proposition du directeur r\u00e9gional de l'environnement, de l'am\u00e9nagement et du logement de la r\u00e9gion \nAuvergne-Rh\u00f4ne-Alpes ;\nARR\u00caTE\nArticle 1er :\nEst autoris\u00e9e la cession par la soci\u00e9t\u00e9 TOTALENERGIES PETROCHEMICALS FRANCE dont le si\u00e8ge social est\nsitu\u00e9 2 place Jean Millier \u2013 La D\u00e9fense 6 \u2013 92400 Courbevoie, d\u00e9sign\u00e9 ci-apr\u00e8s par \u00ab  le c\u00e9dant \u00bb, \u00e0 la soci\u00e9t\u00e9\n\u00c9THYL\u00c8NE EST SAS, ayant son si\u00e8ge social au 2 place Jean Millier \u2013 La D\u00e9fense 6 \u2013 92400 Courbevoie,\nd\u00e9sign\u00e9e ci-apr\u00e8s par \u00ab  le cessionnaire \u00bb, des droits associ\u00e9s \u00e0 la canalisation de transport vis\u00e9e \u00e0 l'article 2 et\nde ses \u00e9quipements, initialement partag\u00e9s entre le GIE \u00c9thyl\u00e8ne Est et la soci\u00e9t\u00e9 Total Petrochemicals France\n(TPF), pour la partie incombant \u00e0 TPF. La cession est effectu\u00e9e conform\u00e9ment aux dispositions pr\u00e9vues dans le\ndossier r\u00e9f\u00e9renc\u00e9 TOTAL-DOVER-A-230591_rev0 du 15/11/2023.\nArticle 2 :\nLa demande concerne une canalisation en acier d'une longueur de 395,7 km environ, comportant :\n- un tron\u00e7on en DN 200 d'une longueur d'environ 395,7 km entre le stockage de Viriat (01) et le site industriel\nde Carling (57) ;\n- vingt-six postes de sectionnement ;\n- quatre postes de coupure ;\n- un piquage et de deux vannes de raccordement avec la liaison \u00e0 la canalisation ETEL situ\u00e9 \u00e0 Saint-Aubin\n(39) ;\n- des terminaux \u00e0 Viriat (01) et \u00e0 Carling (57) ;\n- une installation annexe situ\u00e9e \u00e0 Viriat et comprenant une station de pompage P2001 et ses \u00e9quipements, et\nd'une station de compression K1001 et ses \u00e9quipements ;\n- les ouvrages qui ne seraient plus en exploitation.\nArticle 3 :\nLa d\u00e9claration d'int\u00e9r\u00eat g\u00e9n\u00e9ral susmentionn\u00e9e vaut d\u00e9claration d'utilit\u00e9 publique pour le cessionnaire, dans les\nconditions pr\u00e9vues par l'article L.555-29 du Code de l'environnement.\nLes servitudes et droits attach\u00e9s \u00e0 la pr\u00e9sence de la canalisation sont transf\u00e9r\u00e9s au b\u00e9n\u00e9fice du cessionnaire,\nnouvel exploitant de cette canalisation.\nLe c\u00e9dant communiquera l'ensemble des dossiers administratifs et techniques de ces ouvrages au cessionnaire.\nArticle 4 :\nLe cessionnaire b\u00e9n\u00e9ficiaire de la d\u00e9claration d'int\u00e9r\u00eat g\u00e9n\u00e9ral assure le transport de l'\u00e9thyl\u00e8ne pour son propre\ncompte et pour le compte de soci\u00e9t\u00e9s utilisatrices.\nCes soci\u00e9t\u00e9s sont celles d\u00e9sign\u00e9es par la d\u00e9claration d'int\u00e9r\u00eat g\u00e9n\u00e9ral modifi\u00e9e auxquelles s'ajoutent celles\nd\u00e9crites dans le dossier d\u00e9pos\u00e9 \u00e0 l'appui de la demande et r\u00e9f\u00e9renc\u00e9 \u00e0 l'article 1.\nLe cessionnaire b\u00e9n\u00e9ficiaire de la d\u00e9claration d'int\u00e9r\u00eat g\u00e9n\u00e9ral ne peut effectuer de transport d'\u00e9thyl\u00e8ne pour le\ncompte de soci\u00e9t\u00e9s utilisatrices autres que celles pr\u00e9vues \u00e0 l'alin\u00e9a pr\u00e9c\u00e9dent, ni aucun branchement sur\nl'ouvrage, qu'apr\u00e8s en avoir inform\u00e9 le pr\u00e9fet coordinateur.\nAdresse postale : 69453 LYON CEDEX 06\nStandard : 04 26 28 60 00 \nwww.auvergne-rhone-alpes.developpement-durable.gouv.fr 2/4\nPr\u00e9fecture de Haute-Sa\u00f4ne - 21-2024-01-26-00003 - ARR\u00caT\u00c9 INTER-PR\u00c9FECTORAL N\u00b070-2024-01-26-00010 autorisant la cession partielle\ndes droits associ\u00e9s \u00e0 la canalisation \nde transport d\u25a1\u00e9thyl\u00e8ne \u00c9THYL\u00c8NE EST\nentre Viriat (Ain) et Carling (Moselle)\n77\nArticle 5 :\nAfin d'assurer la s\u00e9curit\u00e9, la sant\u00e9 des personnes et la protection de l'environnement :\n- le cessionnaire reprend \u00e0 son compte l'ensemble des obligations requises par la r\u00e9glementation et notamment\nla r\u00e9alisation ou mise \u00e0 jour des \u00e9tudes de dangers, le maintien \u00e0 niveau des plans de surveillance et de\nmaintenance (PSM), la mise \u00e0 jour du plan de s\u00e9curit\u00e9 et d'intervention (PSI), du SIG etc...\n- un dispositif permettant une transmission des comp\u00e9tences est mis en place via une convention ou tout\ndocument \u00e9quivalent, entre le c\u00e9dant et le cessionnaire, conform\u00e9ment au dossier d\u00e9pos\u00e9 en appui de la\ndemande ;\n-  les engagements pr\u00e9vus par l'\u00e9tude de dangers, le Plan de S\u00e9curit\u00e9 et d'Intervention et le Programme de\nSurveillance et de Maintenance du c\u00e9dant sont repris par le cessionnaire ;\n- les dispositifs de protection cathodique de l'ouvrage c\u00e9d\u00e9 seront maintenus en service jusqu'\u00e0 la prise de\npossession effective de la canalisation par le cessionnaire.\nArticle 6 :\nLe c\u00e9dant informera :\n- l'ensemble des destinataires de son Plan de Secours et d'Intervention (PSI) du changement de propri\u00e9t\u00e9 de\nces ouvrages ;\n- les mairies concern\u00e9es ainsi que les Directions D\u00e9partementales des Territoires concern\u00e9es en vue du\ntransfert des servitudes d'exploitation.\nArticle 7 :\nLe c\u00e9dant et le cessionnaire feront les d\u00e9marches n\u00e9cessaires \u00e0 la mise \u00e0 jour et \u00e0 l'enregistrement des\nouvrages concern\u00e9s sur le guichet unique : \u00ab r\u00e9seaux et canalisations.gouv.fr \u00bb.\nArticle 8 :\nLe pr\u00e9sent arr\u00eat\u00e9 sera publi\u00e9 au recueil des actes administratifs et sur le site internet des pr\u00e9fectures de l'Ain, de\nSa\u00f4ne-et-Loire, du Jura, de C\u00f4te-d'Or, de la Haute-Sa\u00f4ne, de la Haute-Marne, des Vosges, de Meurthe-et-\nMoselle et de Moselle.\nArticle 9 :\nLe pr\u00e9sent arr\u00eat\u00e9 peut \u00eatre d\u00e9f\u00e9r\u00e9 aupr\u00e8s des tribunaux administratifs de Lyon, Dijon et Strasbourg :\n- par les tiers int\u00e9ress\u00e9s en raison des inconv\u00e9nients ou des dangers que le fonctionnement de la canalisation\npr\u00e9sente pour les int\u00e9r\u00eats mentionn\u00e9s \u00e0 l'article L.554-5 du Code de l'environnement, dans un d\u00e9lai de quatre\nmois \u00e0 compter de la publication de la pr\u00e9sente d\u00e9cision ;\n- par le c\u00e9dant ou le cessionnaire, dans un d\u00e9lai de deux mois \u00e0 compter de la date \u00e0 laquelle la d\u00e9cision leur\naura \u00e9t\u00e9 notifi\u00e9e.\nLe pr\u00e9sent arr\u00eat\u00e9 peut faire l'objet d'un recours gracieux ou hi\u00e9rarchique dans le d\u00e9lai de deux mois. Ce recours\nadministratif prolonge de deux mois les d\u00e9lais mentionn\u00e9s ci-avant.\nAdresse postale : 69453 LYON CEDEX 06\nStandard : 04 26 28 60 00 \nwww.auvergne-rhone-alpes.developpement-durable.gouv.fr 3/4\nPr\u00e9fecture de Haute-Sa\u00f4ne - 21-2024-01-26-00003 - ARR\u00caT\u00c9 INTER-PR\u00c9FECTORAL N\u00b070-2024-01-26-00010 autorisant la cession partielle\ndes droits associ\u00e9s \u00e0 la canalisation \nde transport d\u25a1\u00e9thyl\u00e8ne \u00c9THYL\u00c8NE EST\nentre Viriat (Ain) et Carling (Moselle)\n78\nArticle 10 :\nLes secr\u00e9taires g\u00e9n\u00e9raux des pr\u00e9fectures de l'Ain, de Sa\u00f4ne-et-Loire, du Jura, de C\u00f4te-d'Or, de la Haute-Sa\u00f4ne,\nde  la  Haute-Marne,  des  Vosges,  de  Meurthe-et-Moselle  et  de  Moselle,  les  directeurs  r\u00e9gionaux  de\nl'environnement,  de  l'am\u00e9nagement  et  du  logement  Auvergne-Rh\u00f4ne-Alpes,  Bourgogne-Franche-Comt\u00e9  et\nGrand-Est sont charg\u00e9s, chacun en ce qui le concerne, de l'ex\u00e9cution du pr\u00e9sent arr\u00eat\u00e9.\nUne copie sera adress\u00e9e :\n- aux directions d\u00e9partementales des territoires de l'Ain, de Sa\u00f4ne-et-Loire, du Jura, de C\u00f4te-d'Or, de la Haute-\nSa\u00f4ne, de la Haute-Marne, des Vosges, de Meurthe-et-Moselle et de Moselle ;\n- aux directions r\u00e9gionales de l'environnement, de l'am\u00e9nagement et du logement Auvergne-Rh\u00f4ne-Alpes,\nBourgogne-Franche-Comt\u00e9 et Grand-Est ;\n- au c\u00e9dant et au cessionnaire.\nVesoul, le 26 janvier 2024\nLe pr\u00e9fet de la Haute-Sa\u00f4ne La pr\u00e9f\u00e8te de l'Ain Le pr\u00e9fet de Sa\u00f4ne-et-Loire\nPour le Pr\u00e9fet et par d\u00e9l\u00e9gation         Pour le Pr\u00e9fet et par d\u00e9l\u00e9gation               sign\u00e9\nLe secr\u00e9taire G\u00e9n\u00e9ral                         La secr\u00e9taire G\u00e9n\u00e9rale\nsign\u00e9         sign\u00e9\nMichel ROQBUIN         Virginie GUERIN-ROBINET                      Yves S\u0116GUY\nLa pr\u00e9f\u00e8te des Vosges Le pr\u00e9fet du Jura La pr\u00e9f\u00e8te de la Haute-Marne\n       Pour le pr\u00e9fet et par d\u00e9l\u00e9gation \nsign\u00e9                                                   sign\u00e9                                                        Le secr\u00e9taire G\u00e9n\u00e9ral\n                                                                                                                        sign\u00e9                                       \nVal\u00e9rie MICHEL MOREAU                 Serge CASTEL          Guillaume THIBARD\nLe pr\u00e9fet de la r\u00e9gion Bourgogne-\nFranche-Comt\u00e9, pr\u00e9fet de la \nC\u00f4te-d'Or\nPour le Pr\u00e9fet et par d\u00e9l\u00e9gation    \nLe pr\u00e9fet de la Moselle\nPour le Pr\u00e9fet et par d\u00e9l\u00e9gation\nLe secr\u00e9taire G\u00e9n\u00e9ral\nsign\u00e9\nRichard SMITH\nLe pr\u00e9fet de Meurthe-et-Moselle\nsign\u00e9\nFran\u00e7oise SOULIMAN\nLe secr\u00e9taire G\u00e9n\u00e9ral\nsign\u00e9\nFr\u00e9d\u00e9ric CARRE\nAdresse postale : 69453 LYON CEDEX 06\nStandard : 04 26 28 60 00 \nwww.auvergne-rhone-alpes.developpement-durable.gouv.fr 4/4\nPr\u00e9fecture de Haute-Sa\u00f4ne - 21-2024-01-26-00003 - ARR\u00caT\u00c9 INTER-PR\u00c9FECTORAL N\u00b070-2024-01-26-00010 autorisant la cession partielle\ndes droits associ\u00e9s \u00e0 la canalisation \nde transport d\u25a1\u00e9thyl\u00e8ne \u00c9THYL\u00c8NE EST\nentre Viriat (Ain) et Carling (Moselle)\n79\nPr\u00e9fecture de la C\u00f4te-d'Or\n21-2024-02-09-00002\nArr\u00eat\u00e9 pr\u00e9fectoral n\u00b0 332 du 9 f\u00e9vrier 2024\nportant autorisation environnementale au titre\nde l'article L.181-1 du code de l'environnement\npour la requalification du quartier Guynemer,\nsitu\u00e9e sur la commune de LONGVIC.\nPr\u00e9fecture de la C\u00f4te-d'Or - 21-2024-02-09-00002 - Arr\u00eat\u00e9 pr\u00e9fectoral n\u00b0 332 du 9 f\u00e9vrier 2024 portant autorisation environnementale\nau titre de l'article L.181-1 du code de l'environnement pour la requalification du quartier Guynemer, situ\u00e9e sur la commune de\nLONGVIC.\n80\nExPREFETDE LACOTE-D'ORL,z'bert\u00e9Egalit\u00e9Fraternit\u00e9\nDirection d\u00e9partementale des territoires\nde la C\u00f4te-d'Or\nAffaire suivie par :\nService de l'eau et des risques\nBureau police de l'eau\nT\u00e9l : 03.80.29.43.57\nm\u00e9l : ddt-ser-pe@cote-dor.gouv.fr\nArr\u00eat\u00e9 pr\u00e9fectoral n\u00b0 332 du 09 f\u00e9vrier 2024\nportant  autorisation  environnementale  au  titre  de  l'article  L.181-1  du  code  de\nl'environnement pour la requalification du quartier Guynemer , situ\u00e9e sur la commune\nde LONGVIC\nLe pr\u00e9fet de la C\u00f4te-d'Or\nVU le code de l'environnement et notamment les articles L.181-1 et suivants, L.123-1 et suivants\nL.211-1, L.211-3, L.214-1 \u00e0 L.214-6, L.411-1, L. 411-2, R.181-1 \u00e0 R.181-35, R.214-1 \u00e0 R.214-28, R.214-32 \u00e0\nR.214-103 et R.411-1 \u00e0 R.411-14 ;\nVU le R.114-1 et suivants du code rural ;\nVU  les rubrique s n\u00b0  2.1.5.0,  de  la  nomenclature  d\u00e9finie  \u00e0  l'article  R  214-1  du  code  de\nl'environnement ;\nVU le  d\u00e9cret  n\u00b0  2004-374  du  29  avril  2004  modifi\u00e9  relatif  aux  pouvoirs  des  pr\u00e9fets,  \u00e0\nl'organisation et \u00e0 l'action des services de l'\u00c9tat dans les r\u00e9gions et d\u00e9partements ;\nVU le d\u00e9cret n\u00b0 2020-828 du 30 juin 2020 modifiant la nomenclature et la proc\u00e9dure en mati\u00e8re\nde police de l'eau ;\nVU le  sch\u00e9ma  directeur  d'am\u00e9nagement  et  de  gestion  des  eaux  (SDAGE)  RH\u00d4NE\nM\u00c9DITERRAN\u00c9E approuv\u00e9 le 21 mars 2022 ;\nVU le sch\u00e9ma d'am\u00e9nagement et de gestion des eaux  (SAGE)  du bassin  versant de l'Ouche\napprouv\u00e9 par arr\u00eat\u00e9 pr\u00e9fectoral du 13 d\u00e9cembre 2013 ;\nVU l'arr\u00eat\u00e9 du pr\u00e9fet de r\u00e9gion du 20 d\u00e9cembre 2019 portant d\u00e9cision d'examen au cas par cas\nen  application  de  l'article  R.122-3  du  code  de  l'environnement  \u2013  Projet  de  cr\u00e9ation  d'un\nlotissement situ\u00e9 quartier Guynemer sur la commune de Longvic ;\nVU le dossier de  demande d'autorisation environnementale  d\u00e9pos\u00e9 le 1er mars 2023 , pr\u00e9sent\u00e9\npar  la  soci\u00e9t\u00e9  ORVITIS,  et  relatif  \u00e0  la  requalification  du  quartier  Guynemer,  situ\u00e9e  sur  la\ncommune de LONGVIC, enregistr\u00e9 sous le n\u00b00100015553 ;\n1\nDirection d\u00e9partementale des territoires de la C\u00f4te-d'Or\n57 , rue de Mulhouse - BP 53317 - 21033 Dijon CEDEX\nT\u00e9l. : 03 80 29 44 44\nCourriel : ddt@cote-dor.gouv.fr - Site internet : \nhttp://www.cote-dor.gouv.fr\nPr\u00e9fecture de la C\u00f4te-d'Or - 21-2024-02-09-00002 - Arr\u00eat\u00e9 pr\u00e9fectoral n\u00b0 332 du 9 f\u00e9vrier 2024 portant autorisation environnementale\nau titre de l'article L.181-1 du code de l'environnement pour la requalification du quartier Guynemer, situ\u00e9e sur la commune de\nLONGVIC.\n81\nVU l'avis favorable de la CLE du Bassin de l'Ouche ;\nVU l'avis favorable de l'ARS ;\nVU  l'absence  d'avis  de  la  Mission  R\u00e9gionale  d'Autorit\u00e9  environnementale  de  Bourgogne-\nFranche-Comt\u00e9 du 25 juillet 2023 ;\nVU l'arr\u00eat\u00e9  pr\u00e9fectoral  n\u00b0  1391  du  14  septembre  2023,  portant  ouverture  d'une  enqu\u00eate\npublique pr\u00e9alable \u00e0 l'autorisation environnementale au titre de l'article L.181-1 du code de\nl'environnement, pour la  requalification  du quartier de Guynemer situ\u00e9e sur la commune de\nLONGVIC ;\nVU l'avis favorable du commissaire enqu\u00eateur rendu en date du 30 novembre 2023 ;\nVU l'a bsence d'observation  du p\u00e9titionnaire sur le projet d'arr\u00eat\u00e9 pr\u00e9fectoral en date du  23\njanvier 2024 ;\nVU l'avis favorable du CODERST en date du 1er f\u00e9vrier 2024 ;\nCONSID\u00c9RANT conform\u00e9ment \u00e0 la cat\u00e9gorie 39 du tableau annex\u00e9 \u00e0 l'article R.122-2 du code\nde l'environnement, que les op\u00e9rations d'am\u00e9nagement dont le terrain d'assiette est compris\nentre 5 et 10 ha, ou dont la surface de plancher au sens de l'article R. 111-22 du code de\nl'urbanisme ou l'emprise au sol au sens de l'article R. 420-1 du m\u00eame code est sup\u00e9rieure ou\n\u00e9gale \u00e0 10 000 m2 sont soumis \u00e0 examen au cas par cas ;\nCONSID\u00c9RANT que le projet d'am\u00e9nagement du quartier Guynemer \u00e0 Longvic , rentre dans la\nnomenclature des op\u00e9rations soumises \u00e0 d\u00e9claration au titre de l'article L.214-6  du code de\nl'environnement ;\nCONSID\u00c9RANT  que l'emprise fonci\u00e8re disponible pour ce projet d'am\u00e9nagement du quartier\nGuynemer \u00e0 Longvic est de 1,77 ha ;\nCONSID\u00c9RANT que  cette  op\u00e9ration  d'am\u00e9nagement  a  \u00e9t\u00e9  soumise  \u00e0  \u00e9valuation\nenvironnementale par d\u00e9cision du pr\u00e9fet de r\u00e9gion en date du 20 d\u00e9cembre 2019 apr\u00e8s examen\nau cas par cas et qu'il est, par cons\u00e9quent, soumis \u00e0 enqu\u00eate publique  ;\nCONSID\u00c9RANT qu'en application de l'article L.122-1 du code de l'environnement,  lorsque un\nprojet  soumis  \u00e0  \u00e9valuation  environnementale  rel\u00e8ve  d'un  r\u00e9gime  d\u00e9claratif,  la  proc\u00e9dure\nd'autorisation environnementale s'applique ;\nCONSID\u00c9RANT qu'en application du L.214-1 \u00e0 L.214-11 et suivants du code de l'environnement,\nle projet est soumis \u00e0 \u00e9valuation des incidences Natura 2000 ;\nCONSID\u00c9RANT  qu'en  application  du  R.414-22  et  R.414-23  du  code  de  l'environnement\nl'\u00e9valuation  environnementale  ou  \u00e9tude  d'impact  tient  lieu  de  dossier  d' \u00e9valuation  des\nincidences Natura 2000 ;\nCONSID\u00c9RANT que  les  prescriptions  fix\u00e9es  par  le  pr\u00e9sent  arr\u00eat\u00e9  tiennent  compte  des\nobservations  formul\u00e9es  lors  de  l'enqu\u00eate  publique  ainsi  que  des  r\u00e9serves  \u00e9mises  par  le\ncommissaire enqu\u00eateur ;\nSur proposition du secr\u00e9taire g\u00e9n\u00e9ral de la pr\u00e9fecture de la C\u00f4te-d'Or ;\n2\nPr\u00e9fecture de la C\u00f4te-d'Or - 21-2024-02-09-00002 - Arr\u00eat\u00e9 pr\u00e9fectoral n\u00b0 332 du 9 f\u00e9vrier 2024 portant autorisation environnementale\nau titre de l'article L.181-1 du code de l'environnement pour la requalification du quartier Guynemer, situ\u00e9e sur la commune de\nLONGVIC.\n82\nARR\u00caTE\nCHAPITRE   I :   OBJET DE L'AUTORISATION  \nArticle 1  er   :   Objet de l'autorisation  \nLa  soci\u00e9t\u00e9  ORVITIS  dont  le  si\u00e8ge  social  est  situ\u00e9  17 ,  boulevard  Voltaire  21000  DIJON,\nrepr\u00e9sent\u00e9e par son directeur Monsieur BERION Christophe,  est  autoris\u00e9e, en application de\nl'article  L181-1  et  suivants  du  code  de  l'environnement  et  sous  r\u00e9serve  des  prescriptions\n\u00e9nonc\u00e9es  aux  articles  suivants,  \u00e0  r\u00e9aliser  la  requalification  du  quartier  Guynemer  sur  la\ncommune de LONGVIC.\nLa soci\u00e9t\u00e9 ORVITIS est nomm\u00e9e ci-apr\u00e8s le porteur de projet.\nLes  travaux  sont  ex\u00e9cut\u00e9s  conform\u00e9ment  au  dossier  de  demande  d'autorisation\nenvironnementale d\u00e9pos\u00e9e et enregistr\u00e9 sous le n\u00b00100015553 le 1er mars 2023.\nArticle 2 :   R  ubriques de la nomenclature  \nLes ouvrages constitutifs \u00e0 ces am\u00e9nagements rentrent dans la nomenclature des op\u00e9rations\nsoumises \u00e0 autorisation et \u00e0 d\u00e9claration au titre de l'article L.214-3 du code de l'environnement.\nLes rubriques concern\u00e9es de l'article R.214-1 du code de l'Environnement sont les suivantes :\nRubrique Intitul\u00e9 R\u00e9gime\nArr\u00eat\u00e9s de\nprescriptions\ng\u00e9n\u00e9rales\ncorrespondant\n2.1.5.0\nRejet d'eaux pluviales dans les eaux douces superficielles ou\nsur le sol ou dans le sous-sol, la surface totale du projet (StP),\naugment\u00e9e de la surface correspondant \u00e0 la partie du bassin\nnaturel (Sbi) dont les \u00e9coulements sont  intercept\u00e9s par le\nprojet \u00e9tant : 1\u00b0 sup\u00e9rieure ou \u00e9gale \u00e0 20ha (A); 2\u00b0 sup\u00e9rieure\n\u00e0 1ha mais inf\u00e9rieure \u00e0 20 ha (D)\nD\u00e9claration \nemprise du\nprojet 1,77 ha\nPas d'arr\u00eat\u00e9 de\nprescriptions\nLa rubrique 39b du tableau annex\u00e9 \u00e0  l'article R.122-2 du code de l'environnement  a soumis le\nprojet \u00e0 un examen au cas par cas. \nCAT\u00c9GORIES de\nprojets\nPROJETS soumis \u00e0\n\u00e9valuation\nenvironnementale\nPROJETS soumis \u00e0 examen au cas par\ncas\nD\u00e9cision\nTravaux, ouvrages, am\u00e9nagements ruraux et urbains\n39. Travaux, \nconstructions et \nop\u00e9rations \nd'am\u00e9nagement.\nb) Op\u00e9rations \nd'am\u00e9nagement dont le \nterrain d'assiette est \nsup\u00e9rieur ou \u00e9gal \u00e0 10 ha ;\nb) Op\u00e9rations d'am\u00e9nagement dont le \nterrain d'assiette est compris entre 5 \net 10 ha, ou dont la surface de \nplancher au sens de l'article R. 111-22 \ndu code de l'urbanisme ou l'emprise \nau sol au sens de l'article R. * 420-1 du \nm\u00eame code est sup\u00e9rieure ou \u00e9gale \u00e0 \n10 000 m\u00b2.\nSoumis \u00e0\n\u00e9valuation\nenvironnemen\ntale \n3\nPr\u00e9fecture de la C\u00f4te-d'Or - 21-2024-02-09-00002 - Arr\u00eat\u00e9 pr\u00e9fectoral n\u00b0 332 du 9 f\u00e9vrier 2024 portant autorisation environnementale\nau titre de l'article L.181-1 du code de l'environnement pour la requalification du quartier Guynemer, situ\u00e9e sur la commune de\nLONGVIC.\n83\nPar  d\u00e9cision  du  20  d\u00e9cembre  2019  apr\u00e8s  examen  au  cas  par  cas,  le  projet  est  soumis  \u00e0\n\u00e9valuation environnementale. L'\u00e9valuation environnementale est port\u00e9e par le dossier loi sur\nl'eau.\nDans le cas d'un projet soumis \u00e0 \u00e9valuation environnementale qui rel\u00e8ve du r\u00e9gime d\u00e9claratif et\npour lequel le pr\u00e9fet est l'autorit\u00e9 administrative comp\u00e9tente pour  d\u00e9livrer le r\u00e9c\u00e9piss\u00e9 de\nd\u00e9claration, la proc\u00e9dure d'autorisation environnementale s'applique (articles L.122-1-1-II, 2 \u00e8me\nalin\u00e9a et L181-1, 2\u00e8me alin\u00e9a du code de l'environnement).\nArticle 3 :   P\u00e9riode d'ex\u00e9cution et d  ur\u00e9e de validit\u00e9 de l'op\u00e9ration  \nA compter de la notification du pr\u00e9sent arr\u00eat\u00e9, l'autorisation environnementale a une dur\u00e9e de \nvalidit\u00e9 de 6 ans. Pass\u00e9 ce d\u00e9lai, la pr\u00e9sente autorisation deviendra caduque.\nConform\u00e9ment  \u00e0  l'article  R.181-49,  la  demande  de  prolongation  ou  de  renouvellement  de\nl'autorisation environnementale est adress\u00e9e au pr\u00e9fet par le b\u00e9n\u00e9ficiaire six mois au moins\navant la date d'expiration de cette autorisation. \nArticle 4 : prescriptions compl\u00e9mentaires\nToute  modification  apport\u00e9e  aux  ouvrages,  installations,  \u00e0  leur  mode  d'utilisation,  \u00e0  la\nr\u00e9alisation des travaux ou \u00e0 l'am\u00e9nagement en r\u00e9sultant, \u00e0 l'exercice des activit\u00e9s ou \u00e0 leur\nvoisinage et entra\u00eenant un changement notable des \u00e9l\u00e9ments du dossier doit \u00eatre port\u00e9e, avant\nr\u00e9alisation, \u00e0 la connaissance du pr\u00e9fet qui peut exiger une nouvelle proc\u00e9dure.\nLe changement de b\u00e9n\u00e9ficiaire doit \u00eatre d\u00e9clar\u00e9 au Pr\u00e9fet par le nouveau b\u00e9n\u00e9ficiaire dans un\nd\u00e9lai de trois mois, de m\u00eame, en cas de cessation d'activit\u00e9 d\u00e9finitive ou pour une p\u00e9riode\nsup\u00e9rieure \u00e0 deux ans, l'exploitant est tenu d'en faire la d\u00e9claration au Pr\u00e9fet dans un d\u00e9lai de\ntrente jours.\nLe service de police de l'eau devra \u00eatre averti de la date de d\u00e9but des travaux ainsi que de la\ndate d'ach\u00e8vement des travaux. Les ouvrages, les travaux et les conditions de r\u00e9alisation et\nd'exploitation doivent \u00eatre conformes au dossier d\u00e9pos\u00e9.\nL'inobservation des dispositions figurant dans le dossier d\u00e9pos\u00e9 pourra entra\u00eener l'application\ndes sanctions pr\u00e9vues administratives ou judiciaires pr\u00e9vues au code de l'environnement.\nLes agents mentionn\u00e9s aux articles L.171-1 (agents charg\u00e9s de la police administrative) et L.172-1\n(agents  charg\u00e9s  de la police judiciaire) du  code de l'environnement auront  libre acc\u00e8s  aux\ninstallations \u00e0 tout moment, dans le cadre d'une recherche d'infraction.\nLe  pr\u00e9sent  arr\u00eat\u00e9  ne  dispense  en  aucun  cas  le  p\u00e9titionnaire  de  faire  les  d\u00e9clarations  ou\nd'obtenir les autorisations requises par d'autres r\u00e9glementations.\nCHAPITRE   I  I   : D  ESCRIPTION     DES TRAVAUX OBJET DE LA PR\u00c9SENTE AUTORISATION  \nENVIRONNEMENTALE\nArticle   5     : Localisation  \nArticle 5.1   Localisation d  u projet  \nLe projet est localis\u00e9 dans un quartier r\u00e9sidentiel situ\u00e9 au nord-ouest de Longvic, en limite avec\nDijon et le parc de la Colombi\u00e8re.\n4\nPr\u00e9fecture de la C\u00f4te-d'Or - 21-2024-02-09-00002 - Arr\u00eat\u00e9 pr\u00e9fectoral n\u00b0 332 du 9 f\u00e9vrier 2024 portant autorisation environnementale\nau titre de l'article L.181-1 du code de l'environnement pour la requalification du quartier Guynemer, situ\u00e9e sur la commune de\nLONGVIC.\n84\nL'acc\u00e8s au site est assur\u00e9 depuis les rues Guynemer et du Muguet. Le projet est d\u00e9limit\u00e9 :\n\u27a2 Au Nord par des terrains de sport existants ;\n\u27a2 A l'Est et au sud le quartier r\u00e9sidentiel Guynemer ;\n\u27a2 A l'Ouest, par la rivi\u00e8re Ouche .\nL'assiette fonci\u00e8re de cette op\u00e9ration se situe sur les parcelles AC 295/280/296/281/85/298.\nL'emprise fonci\u00e8re disponible pour ce projet d'am\u00e9nagement est de 1.77 ha.\nArticle 6 :   description des travaux  \nLa  proposition  vise  \u00e0  cr\u00e9er  un  \u00eelot  semi-ouvert  travers\u00e9  par  deux  liaisons  pi\u00e9tonnes  (une\npublique  et  l'autre  priv\u00e9e)  permettant  d'assurer  une  continuit\u00e9  vers  les  berges  de  l'Ouche\ndepuis les rues Guynemer et du Muguet, et en liaison avec le parc de la Colombi\u00e8re, afin d'offrir\nune \"promenade urbaine agr\u00e9ment\u00e9e\".\nLe projet consiste en la requalification d'un ancien ilot de b\u00e2timents de 179 logements sociaux\nOrvitis d\u00e9moli en 2020 au sein du quartier Guynemer \u00e0 Longvic et la cr\u00e9ation de 162 logements.\nLa zone \u00e0 am\u00e9nager est compos\u00e9e (cf annexe 1) de 162 logements r\u00e9partis en  :\n 6 b\u00e2timents : \u25ba\no B\u00e2timent A : de 4 \u00e9tages et disposant de 31 logements \no B\u00e2timent B : de 4 \u00e9tages et disposant de 31 logements \no B\u00e2timent C: de 4 \u00e9tages et disposant de 31 logements \no B\u00e2timent D: de 3 \u00e9tages et disposant de 17 logements \no B\u00e2timent E: de 3 \u00e9tages et disposant de 17 logements \no B\u00e2timent F : de 3 \u00e9tages et disposant de 21 logements \n 14 maisons allant du T4 au T5. \u25ba\nLes travaux de viabilisation consistent \u00e0 la r\u00e9alisation d es travaux pr\u00e9paratoires, terrassements,\nvoirie,  assainissement,  r\u00e9seau  d'eaux  pluviales,  r\u00e9seau  d'eau  potable  et  d\u00e9fense  incendie,\n\u00e9lectricit\u00e9, r\u00e9seau de t\u00e9l\u00e9communication, \u00e9clairage publique, espaces verts, travaux divers. \nCes travaux se d\u00e9composent en 2 phases :\n1 - Phase de viabilisation primaire \nTravaux de viabilisation de l'ensemble du site et structure de voirie \n2 - Phases construction \nTrois phases de constructions sont pr\u00e9vues \n- Immeubles A, B (31 logements chacun) et F de 21 logements (sous-sol commun)  \n- Immeubles C (31 logements), D et E (17 logements chacun) (sous-sol commun) \n- 14 Maisons individuelles (du T4 au T5)\n- Phase de finitions \nTravaux de bordures et rev\u00eatements d\u00e9finitifs \nEnviron 48 mois sont n\u00e9cessaires pour r\u00e9aliser l'ensemble des travaux. Il est possible que des\nphases de travaux soient d\u00e9cal\u00e9es dans le temps. \n5\nPr\u00e9fecture de la C\u00f4te-d'Or - 21-2024-02-09-00002 - Arr\u00eat\u00e9 pr\u00e9fectoral n\u00b0 332 du 9 f\u00e9vrier 2024 portant autorisation environnementale\nau titre de l'article L.181-1 du code de l'environnement pour la requalification du quartier Guynemer, situ\u00e9e sur la commune de\nLONGVIC.\n85\nTrottoir Stationnement Chauss\u00e9e Caur logementperm\u00e9ableCaniveau CC1i\u2014\u2014 1.50 a1\u2014f 200 \u2014\u2014P\u00ab\u00ee\u2014 4.60 \u2014\u00ee\u2014 6.55 \u2014i\nE e r cs d \u00e9c llh scr A \u2014  E L e A SN e e ON en n A tn e _ew AHS L\u00c9YHYHHYSYYYV<coWWwWW-W-W\"- Sable stabilis\u00e9 \u00e9p. Scm- GNT 0/31.5 \u00e9p. 200m- Dalle \u00e9p. Scm - Enrob\u00e9s \u00e9p. Gicm- Gravillon 610 \u00e9p. 5cm - GNT 0/31.5 \u00e9p. 10cm- Terre-pierre \u00e9p. 40cm - Enrod\u00e9s \u00e9p. 6em - GNT 0/80 \u00e9p. 40cmenvelopp\u00e9 par du g\u00e9otextile - GNT 0/31.5 \u00e9p. 10cm- GNT /80 \u00e9p. 40cmR\u00e9servoirengrave 40/80 envelopp\u00e9 dansungeotextile\nSch\u00e9ma d'une bouche d'injectioni il \u2014\u2014 Grille \u00e0 ouverture adapt\u00e9e\nLe filtre et son porte-filtre|  Bouche d'\u00e9goutb\u00e9ton 60x80\nCHAPITRE III : PRESCRIPTIONS TECHNIQUES\nArticle   7   :   Principe de gestion des eaux pluviales par chauss\u00e9e r\u00e9servoir infiltrante  \nUne chauss\u00e9e r\u00e9servoir infiltrante constitu\u00e9e d'une grave 40/80 avec 30% de vide envelopp\u00e9e\ndans un g\u00e9otextile sera mise en place sous la chauss\u00e9e (\u00e9paisseur 50 cm ; surface 1 650 m\u00b2) et\nune partie du stationnement. En effet, du fait de la pr\u00e9sence de sous-sol sous les b\u00e2timents\ncollectifs, les zones d'infiltration seront r\u00e9alis\u00e9es \u00e0 plus de 3,00 m de ces sous-sols. Ce r\u00e9servoir\nsera  \u00e9quip\u00e9  de  drains  pour  favoriser  la  diffusion  dans  le  mat\u00e9riau.  Sur  les  zones  de\nstationnement sans structure r\u00e9servoir, un m\u00e9lange terre pierre (60% de grave et 40% de terre)\nsera r\u00e9alis\u00e9. \nLes eaux de pluie des immeubles seront achemin\u00e9es dans le stockage de la chauss\u00e9e r\u00e9servoir\nvia un r\u00e9seau. Les eaux de ruissellement de la chauss\u00e9e et du stationnement seront collect\u00e9es\nvia une grille \u00e9quip\u00e9e d'une d\u00e9cantation afin de limiter l'introduction de mat\u00e9riaux fins dans la\nstructure r\u00e9servoir. Un filtre sera \u00e9galement mis en place avant injection des eaux pluviales dans\nla structure drainante. \nDes regards seront \u00e9galement implant\u00e9s sur les drains afin de pouvoir venir curer ces derniers.\nCoupe type chauss\u00e9e r\u00e9servoir\n- Les eaux du ruissellement des cheminements en sabl\u00e9 seront dirig\u00e9es vers les espaces verts ;\nelles ne seront pas collect\u00e9es. \n6\nPr\u00e9fecture de la C\u00f4te-d'Or - 21-2024-02-09-00002 - Arr\u00eat\u00e9 pr\u00e9fectoral n\u00b0 332 du 9 f\u00e9vrier 2024 portant autorisation environnementale\nau titre de l'article L.181-1 du code de l'environnement pour la requalification du quartier Guynemer, situ\u00e9e sur la commune de\nLONGVIC.\n86\n- Les eaux issues des toitures des maisons individuelles seront g\u00e9r\u00e9es \u00e0 la parcelle (puits perdus\nsur chaque lot concern\u00e9). \n- Le parking (450 m\u00b2) \u00e0 l'entr\u00e9e du site sera \u00e9galement g\u00e9r\u00e9 avec un puits perdu. \nArticle 8     :   Am\u00e9nagement paysager, pr\u00e9servation des haies et espaces arbor\u00e9s existants  \nLe projet ne conduira pas  \u00e0 une modification de la nature des milieux. De plus, le parti-pris\npaysager  retenu  pr\u00e9voit  la  mise  en  place  d'espaces  verts  de  qualit\u00e9  et  en  harmonie  avec\nl'environnement naturel alentour. Ainsi les espaces arbor\u00e9s sur la berge de l'Ouche et les haies\nexistantes seront conserv\u00e9s pour permettre une meilleure int\u00e9gration paysag\u00e8re.\nCHAPITRE   I  V   :   CONDITIONS DE R\u00c9ALISATION DES TRAVAUX  \nArticle 9 : Conditions impos\u00e9es pr\u00e9alablement aux travaux \u2013 d\u00e9roulement des chantiers\nPr\u00e9alablement au d\u00e9marrage des travaux, \u00e0 l'initiative du ma\u00eetre d'ouvrage, le service charg\u00e9 de\nla police des  eaux et l' Office  fran\u00e7ais  de la biodiversit\u00e9  seront inform\u00e9s  et associ\u00e9s  \u00e0 une\npremi\u00e8re r\u00e9union. Une reconnaissance du site pourra avoir lieu.\nArticle   10   :   Conditions impos\u00e9es pendant les travaux  \nLes travaux aux abords du cours d'eau :\nLe chantier g\u00e9n\u00e8re des risques de p ollution  li\u00e9s essentiellement  \u00e0 l'i nstallation de chantier et\naux  terrassements  qui  peuvent  faire  augmenter  la  turbidit\u00e9  de  l'Ouche  par  les  eaux  de\nruissellements.\nCompte tenu de la faible pente sur le terrain du projet, les risques de ruissellements en phase\nchantier peuvent \u00eatre consid\u00e9r\u00e9s comme tr\u00e8s faibles. \nCependant,  afin  d'\u00e9viter  toute  pollution  notamment  des  milieux  r\u00e9cepteurs  \u00e0  l'aval,  les\npr\u00e9cautions classiques suivantes seront prises. \nUn suivi des mati\u00e8res en suspension sera \u00e0 pr\u00e9voir durant les interventions \u00e0 l'interface avec\nl'Ouche, de fa\u00e7on \u00e0 \u00e9viter tout colmatage des milieux. Des dispositifs devront \u00eatre mis en place\nen cas de transport de mati\u00e8res en suspension. Usuellement un suivi \u00e0 l'aval imm\u00e9diat des\ntravaux est r\u00e9alis\u00e9 avec comme valeur maximale : 50 mg/L. \nLa circulation des engins dans le lit mouill\u00e9 sera interdite.\nConcernant les travaux :\nEn cours de chantier et durant toute la dur\u00e9e des travaux d'am\u00e9nagement d u quartier , il sera\nr\u00e9alis\u00e9 des contr\u00f4les sur le bon respect  de l'emprise  des limites du chantier, du calendrier\nd'ex\u00e9cution  et  de  toutes  les  autres  mesures  indiqu\u00e9es  dans  le  do ssier  de  demande\nd'autorisation environnementale.\nLe stockage des mat\u00e9riaux de d\u00e9blais, d'apport, de terres v\u00e9g\u00e9tales et d' engins, bun-galows ne\nseront  pas  dispos\u00e9s  dans  le  p\u00e9rim\u00e8tre  du  chantier  afin  de  ne  pas  perturber  les  capacit\u00e9s\nnaturelles  d'expansion  de  la  crue.  L'objectif  est  bien  de  limiter  les  cons\u00e9quences  d'une\ninondation et de ne pas constituer un risque pour la s\u00e9curit\u00e9 publique en cas de crue. \n7\nPr\u00e9fecture de la C\u00f4te-d'Or - 21-2024-02-09-00002 - Arr\u00eat\u00e9 pr\u00e9fectoral n\u00b0 332 du 9 f\u00e9vrier 2024 portant autorisation environnementale\nau titre de l'article L.181-1 du code de l'environnement pour la requalification du quartier Guynemer, situ\u00e9e sur la commune de\nLONGVIC.\n87\nLes laitances  de b\u00e9ton, r\u00e9sidus de chantier et autres seront r\u00e9cup\u00e9r\u00e9s et \u00e9vacu\u00e9s  dans  les\nfili\u00e8res de traitement et de recyclage autoris\u00e9es.\nConcernant les engins :\nLe p\u00e9titionnaire devra prendre toutes pr\u00e9cautions utiles et se doter des moyens suffisants pour\n\u00e9viter toutes pollutions accidentelles, notamment celles li\u00e9es aux hydrocarbures, et pr\u00e9server la\nqualit\u00e9 du milieu aquatique. Le stockage des hydrocarbures sera interdit sur le chantier.\nDe l'huile hydraulique biod\u00e9gradable sera utilis\u00e9e dans les flexibles des engins travaillant aux\nabords de la nappe ou du cours d'eau.\nLe ravitaillement en carburants ne sera pas r\u00e9alis\u00e9 sur site.\nLes engins de chantier doivent \u00eatre maintenus en bon \u00e9tat notamment les flexibles des circuits\nhydrauliques. L'entretien et le nettoyage des mat\u00e9riels ne sera pas r\u00e9alis\u00e9 sur site.\nLes engins pr\u00e9sents sur le chantier disposeront d'un kit de d\u00e9pollution contenant au minimum\ndes mat\u00e9riaux absorbants et des sacs plastiques ;\nLes zones de chantier seront r\u00e9guli\u00e8rement nettoy\u00e9es.\nEn cas de pollution,  le service charg\u00e9 de la police de l'eau et l' OFB seront imm\u00e9diatement\ninform\u00e9s.\nArticle   11     : Les mesures d'accompagnement   e  n   phase d'exploitation :  \nSuivi de l'entretien r\u00e9gulier des ouvrages de gestion des eaux de pluie int\u00e9gr\u00e9s au  r\u00e8glement du\nlotissement et/ou de la copropri\u00e9t\u00e9 : \nAfin de pr\u00e9server le bon fonctionnement des ouvrages de gestions des eaux de ruissellement\nsur  l'ensemble du  quartier  Guynemer  requalifi\u00e9 dans  le dossier  de demande d'autorisation\nn\u00b00100015553, p our  l'ensemble des  lots  \u00e0 am\u00e9nager,  le porteur  de projet,  pr\u00e9voira dans  le\nr\u00e8glement  du  lotissement  et/ou  de  la  copropri\u00e9t\u00e9,  des  mesures  environnementales  et\nd'entretien  qui  s'imposeront  aux  futurs  acqu\u00e9reurs  des  lots.  Ces  mesures  s'imposeront\n\u00e9galement au porteur de projet lors de la r\u00e9alisation des diff\u00e9rents lots, objet de la pr\u00e9sente\ndemande.\nUn suivi d es ouvrages de r\u00e9cup\u00e9ration/infiltration des eaux de pluie  (chauss\u00e9e r\u00e9servoir, grilles\navaloirs, noues, puits perdus...) sera r\u00e9alis\u00e9 chaque ann\u00e9e par le propri\u00e9taire ou propri\u00e9taire\nbailleur afin de s'assurer de leur bon fonctionnement.  Un cahier d'entretien avec la date de\npassage et nom de la soci\u00e9t\u00e9 d'entretien sera mis \u00e0 disposition des services de contr\u00f4le.\nArticle 12 : devenir des r\u00e9manents et du bois\nEn cas de n\u00e9cessit\u00e9 d'abattage d'arbre ou d'arbuste sur l'emprise du projet, le bois sera \u00e9limin\u00e9\npar les circuits de valorisation (broyage, compostage, production d'\u00e9nergie). \nL'utilisation de produits chimiques et le br\u00fblage sont formellement interdits.\nArticle 1  3   :   r  emise en \u00e9tat des lieux apr\u00e8s travaux  \nUne  fois  les  travaux  termin\u00e9s,  les  acc\u00e8s  aux  diff\u00e9rents  points  du  chantier  devront  \u00eatre\nneutralis\u00e9s et les abords revitalis\u00e9es.\nLe site sera d\u00e9blay\u00e9 de tous mat\u00e9riels, mat\u00e9riaux et gravats.\n8\nPr\u00e9fecture de la C\u00f4te-d'Or - 21-2024-02-09-00002 - Arr\u00eat\u00e9 pr\u00e9fectoral n\u00b0 332 du 9 f\u00e9vrier 2024 portant autorisation environnementale\nau titre de l'article L.181-1 du code de l'environnement pour la requalification du quartier Guynemer, situ\u00e9e sur la commune de\nLONGVIC.\n88\nUne visite des lieux sera organis\u00e9e \u00e0 l'initiative du p\u00e9titionnaire, pour v\u00e9rifier la conformit\u00e9 des\ntravaux avec les pr\u00e9sentes prescriptions.\nDes am\u00e9nagements compl\u00e9mentaires pourront \u00eatre ponctuellement r\u00e9alis\u00e9s, apr\u00e8s accord du\nservice de la police de l'eau, pour optimiser l'am\u00e9nagement.\nCHAPITRE IV : INFORMATION DES TIERS ET MESURES EXECUTOIRES\nArticle   14     : Droits des tiers\nLes droits des tiers sont et demeurent express\u00e9ment r\u00e9serv\u00e9s.\nArticle   15   : Publication et information des tiers\nUne  copie  du  pr\u00e9sent  arr\u00eat\u00e9  d'autorisation  environnementale  est  d\u00e9pos\u00e9e  \u00e0  la  mairie  de\nLONGVIC et peut y \u00eatre consult\u00e9e.\nUn extrait de cet arr\u00eat\u00e9 est affich\u00e9 \u00e0 la mairie de LONGVIC pendant une dur\u00e9e minimum d'un\nmois.\nLe pr\u00e9sent arr\u00eat\u00e9 sera mis \u00e0 disposition du public pendant une dur\u00e9e minimale de quatre mois\nsur le site internet des services de l'\u00c9tat en C\u00f4te-d'Or http://www.cote-dor.gouv.fr\nArticle 16: ex\u00e9cution et publication\nLe  secr\u00e9taire  g\u00e9n\u00e9ral  de  la  pr\u00e9fecture  de  la  C\u00f4te-d'Or,  la  directrice  d\u00e9partementale  des\nterritoires  de  la  C\u00f4te-d'Or,  le chef  du  service  d\u00e9partemental  de  l'Office  fran\u00e7ais  de  la\nbiodiversit\u00e9, le maire de LONGVIC sont charg\u00e9s, chacun en ce qui le concerne, de l'ex\u00e9cution\ndu pr\u00e9sent arr\u00eat\u00e9 qui sera notifi\u00e9 au p\u00e9titionnaire et publi\u00e9 au recueil des actes administratifs\nde la pr\u00e9fecture de la C\u00f4te d'Or.\nUne copie du pr\u00e9sent arr\u00eat\u00e9 sera adress\u00e9e au pr\u00e9sident de la CLE de l'Ouche.\nFait \u00e0 DIJON, le 09/02/2024\nSign\u00e9 le secr\u00e9taire g\u00e9n\u00e9ral\nJohann MOUGENOT\nle pr\u00e9fet,\nVOIES ET D\u00c9LAIS DE RECOURS\nEn application des dispositions de l'article R.181-50 du code de l'environnement, le  pr\u00e9sent arr\u00eat\u00e9 est\nsusceptible de recours contentieux devant le tribunal administra tif de Dijon (22 rue d'Assas \u2013 BP 61616 \u2013\n21016 Dijon Cedex) par le p\u00e9titionnaire dans un d\u00e9lai de deux mois \u00e0 compter de la date \u00e0 laquelle la\nd\u00e9cision lui a \u00e9t\u00e9 notifi\u00e9e et par les tiers dans un d\u00e9lai de quatre mois \u00e0 compter du 1er jour de la\npublication ou de l'affichage de cette d\u00e9cision. Le tribunal administratif peut \u00eatre saisi par les particuliers\net les personnes morales de droit priv\u00e9 par un recours d\u00e9pos\u00e9 via l'application T\u00e9l\u00e9recours citoyens\naccessible par le site internet www.t\u00e9l\u00e9recours.fr\n \nDans le m\u00eame d\u00e9lai de deux mois, le p\u00e9titionnaire peut pr\u00e9senter un recours gracieux. Le silence gard\u00e9 par\nl'administration pendant plus deux mois sur la demande de recours gracieux emporte d\u00e9cision implicite\nde rejet de cette demande conform\u00e9ment aux articles R.421-2 du code de justice administrative.\nCelui-ci prolonge le d\u00e9lai de recours contentieux qui doit \u00eatre introduit dans les deux mois suivant la\nr\u00e9ponse.\n9\nPr\u00e9fecture de la C\u00f4te-d'Or - 21-2024-02-09-00002 - Arr\u00eat\u00e9 pr\u00e9fectoral n\u00b0 332 du 9 f\u00e9vrier 2024 portant autorisation environnementale\nau titre de l'article L.181-1 du code de l'environnement pour la requalification du quartier Guynemer, situ\u00e9e sur la commune de\nLONGVIC.\n89\nPr\u00e9fecture de la C\u00f4te-d'Or\nDirection de la coordination, des politiques\npubliques et de l'appui territorial\n21-2024-02-12-00001\nArr\u00eat\u00e9 pr\u00e9fectoral n\u00b0\u00a0321 du 12 f\u00e9vrier 2024\nportant habilitation de la SAS MVMT CONSEIL\nen application de l\u25a1article R.752-6-3 du code du\ncommerce pour la r\u00e9alisation de l\u25a1analyse\nd\u25a1impact des projets d\u25a1am\u00e9nagement\ncommercial\nPr\u00e9fecture de la C\u00f4te-d'Or - 21-2024-02-12-00001 - Arr\u00eat\u00e9 pr\u00e9fectoral n\u00b0\u00a0321 du 12 f\u00e9vrier 2024 portant habilitation de la SAS MVMT\nCONSEIL en application de l\u25a1article R.752-6-3 du code du commerce pour la r\u00e9alisation de l\u25a1analyse d\u25a1impact des projets\nd\u25a1am\u00e9nagement commercial\n90\nExPREFETDE LACOTE-D'ORLibert\u00e9Egalit\u00e9Fraternit\u00e9\nDIRECTION DE LA COORDINATION DES POLITIQUES\nPUBLIQUES ET DE L'APPUI TERRITORIAL\nP\u00f4le Environnement et Urbanisme\nArr\u00eat\u00e9 pr\u00e9fectoral n\u00b0 321 du 12 f\u00e9vrier 2024\nportant habilitation de la SAS MVMT CONSEIL en application de l'article R.752-6-3 du code\ndu commerce pour la r\u00e9alisation de l'analyse d'impact des projets d'am\u00e9nagement\ncommercial\nHabilitation n\u00b0 HAI-21-34-2024-02-12\nPr\u00e9fet de la C\u00f4te-d'Or\nVU le Code du Commerce, notamment les articles L752-6, R752-6-1 \u00e0 R752-6-3 et A752-1 ;\nVU la demande d'habilitation formul\u00e9e par la SA S MVMT CONSEIL, dont le si\u00e8ge social est\nfix\u00e9  au  16  avenue  des  Saules  \u00e0  BRUNOY  (91800),  repr\u00e9sent\u00e9e  par  M.  J\u00e9r\u00f4me  MASSA,\npr\u00e9sident,  pour  r\u00e9aliser  l'analyse  d'impact  des  dossiers  de  demande  d'autorisation\nd'exploitation commerciale pour le d\u00e9partement de la C\u00f4te d'Or ;\nVU le dossier produit \u00e0 l'appui de la demande susvis\u00e9e et les justificatifs joints ;\nCONSID\u00c9RANT que la personne mentionn\u00e9e dans la demande d'habilitation, par laquelle\nseront r\u00e9alis\u00e9es les analyses d'impact es t titulaire d'un dipl\u00f4me requis et que l'extrait de\nson casier judiciaire (bulletin n\u00b0 3) est vierge ;\nCONSID\u00c9RANT que la SA S MVMT CONSEIL  dispose des moyens et outils de collecte et\nd'analyse des informations relatives aux effets d'un projet commercial sur l'animation et le\nd\u00e9veloppement \u00e9conomique des centres-villes des communes de la zone de chalandise et\nsur l'emploi \u00e0 l'\u00e9chelle de cette m\u00eame zone ;\nSUR proposition du secr\u00e9taire g\u00e9n\u00e9ral de la Pr\u00e9fecture de la C\u00f4te-d'Or ;\nARRETE\nArticle 1er : La SAS MVMT CONSEIL, immatricul\u00e9e au R.C.S. d'Evry sous le num\u00e9ro 978 237\n014 et dont le si\u00e8ge social est fix\u00e9 au 16 avenue des Saules \u00e0 BRUNOY (91800) , est habilit\u00e9e\n\u00e0 r\u00e9aliser les analyses d'impact pr\u00e9vues au III de l'article L.752-6 du code du commerce,\npour les projets d'am\u00e9nagement commercial situ\u00e9s dans le d\u00e9partement de la C\u00f4te-d'Or. \nArticle  2 :  La  pr\u00e9sente  habilitation  est  accord\u00e9e  pour  une  dur\u00e9e  de  cinq  ans,  sans\nrenouvellement tacite.\n1/2\nPr\u00e9fecture de la C\u00f4te-d'Or - 21-2024-02-12-00001 - Arr\u00eat\u00e9 pr\u00e9fectoral n\u00b0\u00a0321 du 12 f\u00e9vrier 2024 portant habilitation de la SAS MVMT\nCONSEIL en application de l\u25a1article R.752-6-3 du code du commerce pour la r\u00e9alisation de l\u25a1analyse d\u25a1impact des projets\nd\u25a1am\u00e9nagement commercial\n91\nArticle 3  : En application du code de justice administrative et notamment des articles R.\n421-1 et R. 421-5, le pr\u00e9sent arr\u00eat\u00e9 peut, dans un d\u00e9lai de deux mois \u00e0 compter de sa\npublication, faire l'objet :\n- soit d'un recours gracieux, adress\u00e9e \u00e0 Monsieur le Pr\u00e9fet de C\u00f4te-d'Or, 53, rue de la\nPr\u00e9fecture \u2013 21041 Dijon Cedex ;\n- soit d'un recours hi\u00e9rarchique, adress\u00e9 \u00e0 Monsieur le Ministre de l'Int\u00e9rieur, Place Beauvau\n\u2013 75008 Paris Cedex 08 ;\n- soit d'un recours contentieux, en saisissant le Tribunal administratif de Dijon, 22, rue\nd'Assas \u2013 21000 Dijon ou t\u00e9l\u00e9recours citoyen.\nLes recours doivent \u00eatre adress\u00e9s par lettre recommand\u00e9e avec accus\u00e9 de r\u00e9ception.\nArticle    4   :  M.  le  secr\u00e9taire  g\u00e9n\u00e9ral  de  la  pr\u00e9fecture  de  la  C\u00f4te-d'Or  est  charg\u00e9  de\nl'ex\u00e9cution du pr\u00e9sent arr\u00eat\u00e9,  qui sera publi\u00e9 au recueil des  actes administratifs  de la\npr\u00e9fecture de la C\u00f4te d'Or et notifi\u00e9 \u00e0  M. J\u00e9r\u00f4me MASSA, pr\u00e9sident  de la  SAS MVMT\nCONSEIL.\nFait \u00e0 Dijon, le 12/02/2024\n  \nLE PREFET,\nPour le pr\u00e9fet et par d\u00e9l\u00e9gation,\nLa secr\u00e9taire g\u00e9n\u00e9rale adjointe\nOriginal sign\u00e9 : Amelle GHAYOU\n2/2\nPr\u00e9fecture de la C\u00f4te-d'Or - 21-2024-02-12-00001 - Arr\u00eat\u00e9 pr\u00e9fectoral n\u00b0\u00a0321 du 12 f\u00e9vrier 2024 portant habilitation de la SAS MVMT\nCONSEIL en application de l\u25a1article R.752-6-3 du code du commerce pour la r\u00e9alisation de l\u25a1analyse d\u25a1impact des projets\nd\u25a1am\u00e9nagement commercial\n92\nPr\u00e9fecture de la C\u00f4te-d'Or\nDirection de la coordination, des politiques\npubliques et de l'appui territorial\n21-2024-02-13-00003\nArr\u00eat\u00e9 pr\u00e9fectoral n\u00b0\u00a0337 du 13 f\u00e9vrier 2024\nrelatif \u00e0 la pr\u00e9sidence de la commission\nd\u00e9partementale d'am\u00e9nagement commercial de\nC\u00f4te-d'Or\nPr\u00e9fecture de la C\u00f4te-d'Or - 21-2024-02-13-00003 - Arr\u00eat\u00e9 pr\u00e9fectoral n\u00b0\u00a0337 du 13 f\u00e9vrier 2024 relatif \u00e0 la pr\u00e9sidence de la\ncommission d\u00e9partementale d'am\u00e9nagement commercial de C\u00f4te-d'Or 93\nExPREFETDE LACOTE-D'ORLibert\u00e9Egalit\u00e9Fraternit\u00e9\nSECR\u00c9TARIAT G\u00c9N\u00c9RAL\nDirection de la coordination des politiques publiques\net de l'appui territorial\nArr\u00eat\u00e9 pr\u00e9fectoral n\u00b0 337 du 13 f\u00e9vrier 2024\nrelatif \u00e0 la pr\u00e9sidence de la commission d\u00e9partementale d'am\u00e9nagement commercial de\nC\u00f4te-d'Or\nPr\u00e9fet de la C\u00f4te-d'Or\nVu le code du commerce, notamment son article L.751-2 ;\nVu  le  d\u00e9cret  modifi\u00e9  n\u00b0 2004-374  du  29  avril  2004  relatif  aux  pouvoirs  des  pr\u00e9fets,  \u00e0\nl'organisation et \u00e0 l'action des services de l'Etat dans les r\u00e9gions et d\u00e9partements ;\nVu le d\u00e9cret du 26 septembre 2022 nommant Monsieur Franck ROBINE, pr\u00e9fet de la r\u00e9gion\nBourgogne-Franche-Comt\u00e9, pr\u00e9fet de la C\u00f4te d'Or (hors classe) ;\nVu  le  d\u00e9cret  du  29  d\u00e9cembre  2022  portant  nomination  de  Mme  Amelle  GHAYOU,\nadministratrice  territoriale,  sous-pr\u00e9f\u00e8te charg\u00e9e  de  mission  apr\u00e8s  du  pr\u00e9fet  de  r\u00e9gion\nBourgogne-Franche-Comt\u00e9, pr\u00e9fet de la C\u00f4te-d'Or ;\nVu le d\u00e9cret du 6 juillet 2023, portant nomination de Monsieur Beno\u00eet BYRSKI, en qualit\u00e9\nde sous-pr\u00e9fet de Beaune ;\nVu le d\u00e9cret du 17 novembre 2023 portant nomination de Monsieur S\u00e9bastien LANOYE,\nsous- pr\u00e9fet de Montbard ;\nVu le d\u00e9cret du 3 janvier 2024 nommant Monsieur Johann MOUGENOT, secr\u00e9taire g\u00e9n\u00e9ral\nde la pr\u00e9fecture de la C\u00f4te-d'Or, sous-pr\u00e9fet de Dijon (groupe II) ;\nVu la d\u00e9cision du 13 septembre 2017 et vu les arr\u00eat\u00e9s minist\u00e9riels des 8 janvier 2018 et\n6 janvier 2023 nommant Monsieur Philippe GOUTORBE, directeur de la coordination des\npolitiques publiques et de l'appui territorial ;\nVu  l'arr\u00eat\u00e9  pr\u00e9fectoral  du  18  d\u00e9cembre  2020  portant  organisation  des  services  de  la\npr\u00e9fecture de la r\u00e9gion Bourgogne-Franche-Comt\u00e9, pr\u00e9fecture du d\u00e9partement de la C\u00f4te-\nd'Or ;\nVu  l'arr\u00eat\u00e9 pr\u00e9fectoral n\u00b0  501 du 24  avril 2021 instituant la commission d\u00e9partementale\nd'am\u00e9nagement commercial (CDAC) de la C\u00f4te-d'Or ;\nVu  l'arr\u00eat\u00e9 pr\u00e9fectoral n\u00b0  420 du 03 mars 2023 relatif \u00e0 la pr\u00e9sidence de la commission\nd\u00e9partementale d'am\u00e9nagement commercial de C\u00f4te-d'Or ;\nSur proposition du secr\u00e9taire g\u00e9n\u00e9ral de la pr\u00e9fecture de la C\u00f4te-d'Or,\n1/2\nPr\u00e9fecture de la C\u00f4te-d'Or - 21-2024-02-13-00003 - Arr\u00eat\u00e9 pr\u00e9fectoral n\u00b0\u00a0337 du 13 f\u00e9vrier 2024 relatif \u00e0 la pr\u00e9sidence de la\ncommission d\u00e9partementale d'am\u00e9nagement commercial de C\u00f4te-d'Or 94\nARRETE\nArticle  1er  : L'arr\u00eat\u00e9  pr\u00e9fectoral  susvis\u00e9  du  03  mars  2023  relatif  \u00e0  la  pr\u00e9sidence  de  la\ncommission d\u00e9partementale d'am\u00e9nagement commercial de C\u00f4te-d'Or est abrog\u00e9.\nArticle 2 : La commission d\u00e9partementale d'am\u00e9nagement commercial (CDAC) de C\u00f4te-d'Or\nest pr\u00e9sid\u00e9e par M. Johann MOUGENOT, secr\u00e9taire g\u00e9n\u00e9ral de la pr\u00e9fecture, repr\u00e9sentant\nM. le pr\u00e9fet.\nArticle 3  : En cas d'emp\u00eachement ou d'absence de M. Johann MOUGENOT, d\u00e9l\u00e9gation est\ndonn\u00e9e \u00e0 Mme Amelle GHAYOU, sous-pr\u00e9f\u00e8te charg\u00e9e de mission apr\u00e8s du pr\u00e9fet de la C\u00f4te-\nd'Or, pour pr\u00e9sider la CDAC.\nArticle 4  : En cas d'emp\u00eachement ou d'absence concomitante de M. Johann MOUGENOT et\nde  Mme  Amelle  GHAYOU,  d\u00e9l\u00e9gation  est  donn\u00e9e  \u00e0  M.  Beno\u00eet  BYRSKI,  sous-pr\u00e9fet  de\nl'arrondissement de Beaune, ou \u00e0 M. S\u00e9bastien LANOYE, sous-pr\u00e9fet de l'arrondissement de\nMontbard, pour pr\u00e9sider la CDAC.\nArticle 4 : En cas d'emp\u00eachement ou d'absence concomitante de M. Johann MOUGENOT, de\nMme Amelle GHAYOU, de  M. Beno\u00eet BYRSKI  et de  M. S\u00e9bastien LANOYE , d\u00e9l\u00e9gation est\ndonn\u00e9e \u00e0 M. Philippe GOUTORBE, directeur de la coordination des politiques publiques et de\nl'appui territorial, pour pr\u00e9sider la CDAC.\nArticle 5  : M.  le secr\u00e9taire g\u00e9n\u00e9ral de la Pr\u00e9fecture de la C\u00f4te-d'Or, Mme la sous-pr\u00e9f\u00e8te\ncharg\u00e9e de mission aupr\u00e8s du pr\u00e9fet, MM. les sous-pr\u00e9fets de Beaune et de Montbard et M.  le\ndirecteur de la coordination des politiques publiques et de l'appui territorial, sont charg\u00e9s de\nl'ex\u00e9cution du pr\u00e9sent arr\u00eat\u00e9.\nFait \u00e0 Dijon, le 13 f\u00e9vrier 2024\n  \nLE PREFET,\nOriginal sign\u00e9 : Franck ROBINE\n2/2\nPr\u00e9fecture de la C\u00f4te-d'Or - 21-2024-02-13-00003 - Arr\u00eat\u00e9 pr\u00e9fectoral n\u00b0\u00a0337 du 13 f\u00e9vrier 2024 relatif \u00e0 la pr\u00e9sidence de la\ncommission d\u00e9partementale d'am\u00e9nagement commercial de C\u00f4te-d'Or 95\nPr\u00e9fecture de la C\u00f4te-d'Or\nDirection des s\u00e9curit\u00e9s\n21-2024-02-16-00002\nArr\u00eat\u00e9 pr\u00e9fectoral n\u00b0 339 fixant la liste des\ncandidats admis \u00e0 l\u25a1examen pour la certification\n\u00e0 la P\u00e9dagogie Appliqu\u00e9e \u00e0 l\u25a1Emploi de\nFormateur en Pr\u00e9vention et Secours Civiques\n(PAE-FPSC) organis\u00e9 par l\u25a1Association\nD\u00e9partementale de Protection Civile de la C\u00f4te\nd\u25a1Or le 11 f\u00e9vrier 2024\nPr\u00e9fecture de la C\u00f4te-d'Or - 21-2024-02-16-00002 - Arr\u00eat\u00e9 pr\u00e9fectoral n\u00b0 339 fixant la liste des candidats admis \u00e0 l\u25a1examen pour la\ncertification \u00e0 la P\u00e9dagogie Appliqu\u00e9e \u00e0 l\u25a1Emploi de Formateur en Pr\u00e9vention et Secours Civiques (PAE-FPSC) organis\u00e9 par\nl\u25a1Association D\u00e9partementale de Protection Civile de la C\u00f4te d\u25a1Or le 11 f\u00e9vrier 2024\n96\nPREFETDE LACOTE-D'ORijerte'Egalit\u00e9Fraternit\u00e9\nDirection des s\u00e9curit\u00e9s\nBureau de la s\u00e9curit\u00e9 civile\nDijon, le 14 f\u00e9vrier 2024\nArr\u00eat\u00e9 pr\u00e9fectoral n\u00b0 339\nfixant la liste des candidats admis \u00e0 l'examen pour la certification \u00e0 la \nP\u00e9dagogie Appliqu\u00e9e \u00e0 l'Emploi de Formateur en Pr\u00e9vention et Secours Civiques \n(PAE-FPSC) organis\u00e9 par l'Association D\u00e9partementale de Protection Civile de la C\u00f4te d'Or\nle 11 f\u00e9vrier 2024\nLe pr\u00e9fet de la C\u00f4te d'Or\nVU le code de la s\u00e9curit\u00e9 int\u00e9rieure ;\nVU le  d\u00e9cret  n\u00b0  91-834  du  30  ao\u00fbt  1991  modifi\u00e9  relatif  \u00e0  la  formation  aux  premiers\nsecours ;\nVU le d\u00e9cret n\u00b0 92-514 du 12 juin 1992 modifi\u00e9 relatif \u00e0 la formation de moniteur aux\npremiers secours ;\nVU l'arr\u00eat\u00e9 interminist\u00e9riel du 8 ao\u00fbt 2012 fixant le r\u00e9f\u00e9rentiel national de comp\u00e9tences de\ns\u00e9curit\u00e9  civile  relatif  \u00e0  l'unit\u00e9  d'enseignement  \u00ab p\u00e9dagogie  initiale  et  commune  de\nformateur \u00bb ;\nVU l'arr\u00eat\u00e9 interminist\u00e9riel du 4 septembre 2012 modifi\u00e9 fixant le r\u00e9f\u00e9rentiel national de\ncomp\u00e9tences de s\u00e9curit\u00e9 civile relatif \u00e0 l'unit\u00e9 d'enseignement \u00ab p\u00e9dagogie appliqu\u00e9e \u00e0\nl'emploi de formateur en pr\u00e9vention et secours civiques \u00bb ;\nVU l'arr\u00eat\u00e9 pr\u00e9fectoral n\u00b0 39 du 9 janvier 2024 portant composition de jury d'examen pour\nla certification \u00e0 la P\u00e9dagogie Appliqu\u00e9e \u00e0 l'Emploi de Formateur en Pr\u00e9vention et Secours\nCiviques (PAE-FPSC) organis\u00e9 par l'Association D\u00e9partementale de Protection Civile de la\nC\u00f4te d'Or le 11 f\u00e9vrier 2024 ;\nVU le  proc\u00e8s-verbal  n\u00b0  24-02  du  jury  d'examen  du  11  f\u00e9vrier  2024  fixant  la  liste  des\ncandidats pr\u00e9sent\u00e9s par l'Association D\u00e9partementale de Protection Civile de la C\u00f4te d'Or\n\u00e0 l'examen pour la certification \u00e0 la P\u00e9dagogie Appliqu\u00e9e \u00e0 l'Emploi de Formateur en\nPr\u00e9vention et Secours Civiques (PAE \u2013 PFSC);\nSUR proposition du directeur de cabinet,\nPr\u00e9fecture de la C\u00f4te-d'Or - 21-2024-02-16-00002 - Arr\u00eat\u00e9 pr\u00e9fectoral n\u00b0 339 fixant la liste des candidats admis \u00e0 l\u25a1examen pour la\ncertification \u00e0 la P\u00e9dagogie Appliqu\u00e9e \u00e0 l\u25a1Emploi de Formateur en Pr\u00e9vention et Secours Civiques (PAE-FPSC) organis\u00e9 par\nl\u25a1Association D\u00e9partementale de Protection Civile de la C\u00f4te d\u25a1Or le 11 f\u00e9vrier 2024\n97\n- 2 -\nA R R E T E\nArticle 1er : Les candidats dont les noms suivent ont obtenu  la certification \u00e0 la P\u00e9dagogie\nAppliqu\u00e9e \u00e0 l'Emploi de Formateur en Pr\u00e9vention et Secours Civiques (PAE-FPSC) organis\u00e9\npar l'Association D\u00e9partementale de Protection Civile de la C\u00f4te d'Or le 11 f\u00e9vrier 2024 :\nM. BOIVIN Matthieu 2024_02_01\nMme CHAUCHE S\u00e9verine 2024_02_02\nMme DU MESNILDOT-FRADIN Marie 2024_02_03\nMme VIGOUREUX Ma\u00ebva 2024_02_04\nArticle 2  : Le sous-pr\u00e9fet, directeur de cabinet et la directrice des s\u00e9curit\u00e9s sont charg\u00e9s,\nchacun en ce qui le concerne, de l'ex\u00e9cution du pr\u00e9sent arr\u00eat\u00e9 qui sera publi\u00e9 au Recueil\ndes Actes Administratifs.\nFait \u00e0 Dijon le 14 f\u00e9vrier 2024\nLe pr\u00e9fet,\nPour le pr\u00e9fet et par d\u00e9l\u00e9gation,\nLa directrice des S\u00e9curit\u00e9s,\nORIGINAL SIGN\u00c9\n Nathalie AUBERTIN\nPr\u00e9fecture de la C\u00f4te-d'Or - 21-2024-02-16-00002 - Arr\u00eat\u00e9 pr\u00e9fectoral n\u00b0 339 fixant la liste des candidats admis \u00e0 l\u25a1examen pour la\ncertification \u00e0 la P\u00e9dagogie Appliqu\u00e9e \u00e0 l\u25a1Emploi de Formateur en Pr\u00e9vention et Secours Civiques (PAE-FPSC) organis\u00e9 par\nl\u25a1Association D\u00e9partementale de Protection Civile de la C\u00f4te d\u25a1Or le 11 f\u00e9vrier 2024\n98\nPr\u00e9fecture de la C\u00f4te-d'Or\nDirection des s\u00e9curit\u00e9s\n21-2024-02-16-00001\nArr\u00eat\u00e9 pr\u00e9fectoral n\u00b0 340 fixant la liste des\ncandidats admis \u00e0 l\u25a1examen pour la certification\n\u00e0 la P\u00e9dagogie Appliqu\u00e9e \u00e0 l\u25a1Emploi de\nFormateur aux Premiers Secours (PAE-FPS)\norganis\u00e9 par l\u25a1Association D\u00e9partementale de la\nProtection Civile de la C\u00f4te-d\u25a1Or le 11 f\u00e9vrier\n2024\nPr\u00e9fecture de la C\u00f4te-d'Or - 21-2024-02-16-00001 - Arr\u00eat\u00e9 pr\u00e9fectoral n\u00b0 340 fixant la liste des candidats admis \u00e0 l\u25a1examen pour la\ncertification \u00e0 la P\u00e9dagogie Appliqu\u00e9e \u00e0 l\u25a1Emploi de Formateur aux Premiers Secours (PAE-FPS) organis\u00e9 par l\u25a1Association\nD\u00e9partementale de la Protection Civile de la C\u00f4te-d\u25a1Or le 11 f\u00e9vrier 2024\n99\nPREFETDE LACOTE-D'ORL,z'berte'Egalit\u00e9Fraternit\u00e9\nDirection des s\u00e9curit\u00e9s\nBureau de la s\u00e9curit\u00e9 civile\n   Dijon, le 14 f\u00e9vrier 2024\nArr\u00eat\u00e9 pr\u00e9fectoral n\u00b0 340\nfixant la liste des candidats admis \u00e0 l'examen pour la certification \u00e0 la \nP\u00e9dagogie Appliqu\u00e9e \u00e0 l'Emploi de Formateur aux Premiers Secours (PAE-FPS) \norganis\u00e9 par l'Association D\u00e9partementale de la Protection Civile de la C\u00f4te-d'Or \nle 11 f\u00e9vrier 2024\nLe pr\u00e9fet de la C\u00f4te d'Or\nVU le code de la s\u00e9curit\u00e9 int\u00e9rieure ;\nVU le d\u00e9cret n\u00b0 91-834 du 30 ao\u00fbt 1991 modifi\u00e9 relatif \u00e0 la formation aux premiers secours ;\nVU le d\u00e9cret n\u00b0 92-514 du 12 juin 1992 modifi\u00e9 relatif \u00e0 la formation de moniteur aux\npremiers secours ;\nVU l'arr\u00eat\u00e9 interminist\u00e9riel du 8 ao\u00fbt 2012 fixant le r\u00e9f\u00e9rentiel national de comp\u00e9tences de\ns\u00e9curit\u00e9  civile  relatif  \u00e0  l'unit\u00e9  d'enseignement  \u00ab p\u00e9dagogie  initiale  et  commune  de\nformateur \u00bb ;\nVU l'arr\u00eat\u00e9 interminist\u00e9riel du 3 septembre 2012 modifi\u00e9 fixant le r\u00e9f\u00e9rentiel national de\ncomp\u00e9tences de s\u00e9curit\u00e9 civile relatif \u00e0 l'unit\u00e9 d'enseignement \u00ab p\u00e9dagogie appliqu\u00e9e \u00e0\nl'emploi de formateur aux premiers secours \u00bb ;\nVU l'arr\u00eat\u00e9 pr\u00e9fectoral n\u00b0 40 du 9 janvier 2024 portant composition du jury d'examen pour\nla certification \u00e0  la P\u00e9dagogie Appliqu\u00e9e \u00e0  l'Emploi de Formateur  aux Premiers  Secours\n(PAE-FPS) organis\u00e9 par l'Association D\u00e9partementale de la Protection Civile de la C\u00f4te-d'Or\n(ADPC), le 11 f\u00e9vrier 2024 ;\nVU le proc\u00e8s-verbal n\u00b0 24-01 du jury d'examen du 11 f\u00e9vrier 2024 fixant la liste des candidats\npr\u00e9sent\u00e9s par l'Association D\u00e9partementale de Protection Civile de la C\u00f4te d'Or  \u00e0 l'examen\npour la certification \u00e0 la P\u00e9dagogie Appliqu\u00e9e \u00e0 l'Emploi de Formateur aux Premiers Secours\n(PAE \u2013 FPS);\nSUR proposition du Directeur de cabinet,\nA R R E T E\nArticle 1er  : Les candidats dont les noms suivent ont obtenu  la certification \u00e0 la P\u00e9dagogie\nAppliqu\u00e9e \u00e0 l'Emploi de Formateuraux Premiers Secours  (PAE-FPS) organis\u00e9 par l'Association\nD\u00e9partementale de la Protection Civile de la C\u00f4te-d'Or le 11 f\u00e9vrier 2024 :\nPr\u00e9fecture de la C\u00f4te-d'Or - 21-2024-02-16-00001 - Arr\u00eat\u00e9 pr\u00e9fectoral n\u00b0 340 fixant la liste des candidats admis \u00e0 l\u25a1examen pour la\ncertification \u00e0 la P\u00e9dagogie Appliqu\u00e9e \u00e0 l\u25a1Emploi de Formateur aux Premiers Secours (PAE-FPS) organis\u00e9 par l\u25a1Association\nD\u00e9partementale de la Protection Civile de la C\u00f4te-d\u25a1Or le 11 f\u00e9vrier 2024\n100\n- 2 -\nM. BROUSSE Lucas 2024_01_01\nM. DUCLOS Alexis 2024_01_02\nM. ELOBBADI Mehdi 2024_01_03\nM. GLASSER Timon 2024_01_04\nMme GOYARD Marie 2024_01_05\nM. PERNET St\u00e9phane 2024_01_06\nM. SOUDES Johnny 2024_01_07\nMme VEFOND Ema 2024_01_08\nM. WARNANT Lucien 2024_01_09\nArticle  2 :  Le  sous-pr\u00e9fet,  directeur  de  cabinet  et  la  directrice  des  s\u00e9curit\u00e9s  sont\ncharg\u00e9s, chacun en ce qui le concerne, de l'ex\u00e9cution du pr\u00e9sent arr\u00eat\u00e9 qui sera publi\u00e9\nau Recueil des Actes Administratifs.\nFait \u00e0 Dijon le 14 f\u00e9vrier 2024\n    Le pr\u00e9fet,\n    Pour le pr\u00e9fet et par d\u00e9l\u00e9gation,\n    La directrice des s\u00e9curit\u00e9s,\nORIGINAL SIGN\u00c9\n     Nathalie AUBERTIN \nPr\u00e9fecture de la C\u00f4te-d'Or - 21-2024-02-16-00001 - Arr\u00eat\u00e9 pr\u00e9fectoral n\u00b0 340 fixant la liste des candidats admis \u00e0 l\u25a1examen pour la\ncertification \u00e0 la P\u00e9dagogie Appliqu\u00e9e \u00e0 l\u25a1Emploi de Formateur aux Premiers Secours (PAE-FPS) organis\u00e9 par l\u25a1Association\nD\u00e9partementale de la Protection Civile de la C\u00f4te-d\u25a1Or le 11 f\u00e9vrier 2024\n101\nSDIS de C\u00f4te-d'Or\n21-2024-02-13-00001\n2024 AP liste des Centres d'Incendie et de\nSecours  du Corps D\u00e9partemental des\nsapeurs-pompiers de la C\u00f4te-d'Or\nSDIS de C\u00f4te-d'Or - 21-2024-02-13-00001 - 2024 AP liste des Centres d'Incendie et de Secours  du Corps D\u00e9partemental des\nsapeurs-pompiers de la C\u00f4te-d'Or 102\nPREFETc\u00d4TE. <SDISC\u00d4TE-D'OR D7\u00ca_'gb;[:\u00ee; 22 D Boulevard Winston ChurchillFraternit\u00e9 CS 16209 - 21 062 DIJON Cedex\nAffaire suivie par :SDIS21 / Sous-direction Optimisation du Potentiel Op\u00e9rationnelT\u00e9l :03 80 11 26 42M\u00e9l : gmop@sdis21.org\nArr\u00eat\u00e9Ann\u00e9e 2024Portant sur le classement des centres d''incendie et de secours des services d'incendie et desecours de la C\u00f4te-d'Or\nLe pr\u00e9fet de la C\u00f4te-d'Or\nVU le Code G\u00e9n\u00e9ral des Collectivit\u00e9s Territoriales, chapitre IV du titre Il du livre IV de la premi\u00e8re partie etparticuli\u00e8rement ses articles L1424-1, R1424-33, R1424-39 relatifs aux services locaux d'Incendie et deSecours ;VU l'arr\u00eat\u00e9 conjoint du 1% novembre 1998 portant organisation du Service D\u00e9partemental d'Incendie et deSecours de la C\u00f4te-d'Or et de son corps d\u00e9partemental ;VU l'arr\u00eat\u00e9 pr\u00e9fectoral n\u00b0250 du 18 mai 2015 portant approbation du Sch\u00e9ma D\u00e9partemental d'Analyse et deCouverture des Risques de la C\u00f4te-d'Or ;VU l'arr\u00eat\u00e9 pr\u00e9fectoral du 06 octobre 2021 instituant le reglement op\u00e9rationnel des Services d'Incendie et deSecours de la C\u00f4te-d'Or ;\nSUR proposition de monsieur le directeur d\u00e9partemental des services d'incendie et de secours ;\nARR\u00caTE\nArticle 1 : La liste des Centres d'Incendie et de Secours du Corps D\u00e9partemental du SDIS 21 est constitu\u00e9ecomme suit :Le classement des CIS se fait en fonction de l'article R1424-39 avec l'effectif disponible en jour de semainecomme r\u00e9f\u00e9rence :- CIS a : disponibilit\u00e9 de 14 sapeurs-pompiers au moins* CIS b : disponibilit\u00e9 de 06 \u00e0 14 sapeurs-pompiers* CISc disponibilit\u00e9 de moins de 06 sapeurs-pompiers\n1/3\nIFE \nPR\u00c9FET \nDE LA \nC\u00d4TE-D'OR \nLibert\u00e9 \n\u00c9galit\u00e9 \nFraternit\u00e9 \n22 D Boulevard Winston Churchill \nCS 16209 - 21 062 DIJON Cedex \nSDIS de la C\u00f4te-d'Or \nAffaire suivie par : \nSDIS21 I Sous-direction Optimisation du Potentiel Op\u00e9rationnel \nT\u00e9l :03 80 11 26 42 \nM\u00e9l : gmop@sdis21.org  \nArr\u00eat\u00e9 \nAnn\u00e9e 2024 \nPortant sur le classement des centres d'incendie et de secours des services d'incendie et de \nsecours de la C\u00f4te-d'Or \nLe pr\u00e9fet de la C\u00f4te-d'Or \nVU le Code G\u00e9n\u00e9ral des Collectivit\u00e9s Territoriales, chapitre IV du titre II du livre IV de la premi\u00e8re partie et \nparticuli\u00e8rement ses articles L1424-1, R1424-33, R1424-39 relatifs aux services locaux d'Incendie et de \nSecours \nVU l'arr\u00eat\u00e9 conjoint du Zef novembre 1998 portant organisation du Service D\u00e9partemental d'Incendie et de \nSecours de la C\u00f4te-d'Or et de son corps d\u00e9partemental ; \nVU l'arr\u00eat\u00e9 pr\u00e9fectoral n\u00b0250 du 18 mai 2015 portant approbation du Sch\u00e9ma D\u00e9partemental d'Analyse et de \nCouverture des Risques de la C\u00f4te-d'Or ; \nVU l'arr\u00eat\u00e9 pr\u00e9fectoral du 06 octobre 2021 instituant le r\u00e8glement op\u00e9rationnel des Services d'Incendie et de \nSecours de la C\u00f4te-d'Or ; \nSUR proposition de monsieur le directeur d\u00e9partemental des services d'incendie et de secours ; \nARR\u00caTE \nArticle 1 : La liste des Centres d'Incendie et de Secours du Corps D\u00e9partemental du SDIS 21 est constitu\u00e9e \ncomme suit : \nLe classement des CIS se fait en fonction de l'article R1424-39 avec l'effectif disponible en jour de semaine \ncomme r\u00e9f\u00e9rence : \n\u2022 CIS a : disponibilit\u00e9 de 14 sapeurs-pompiers au moins \n\u2022 CIS b : disponibilit\u00e9 de 06 \u00e0 14 sapeurs-pompiers \n\u2022 CIS c : disponibilit\u00e9 de moins de 06 sapeurs-pompiers \n1/3 \nSDIS de C\u00f4te-d'Or - 21-2024-02-13-00001 - 2024 AP liste des Centres d'Incendie et de Secours  du Corps D\u00e9partemental des\nsapeurs-pompiers de la C\u00f4te-d'Or 103\nCentre d'Intervention et de SecoursARNAY LE DUC cat\u00e9gorie CISAntenne territoriale\n|BLIGNY SUR OUCHE CIS c\u20acLIERNAIS CIS \u20ac Auxois MorvanROUVRAY CIS bSAULIEU CIS \u20acBEAUNE CIS aDIJON EST CIS bDIJON NORD CIS a CIS MixteDIJON TRANSVAAL CIS aPOUILLY EN AUXOIS CIS b|AIGNAY LE DUC CIS cAISEY SUR SEINE CIScBAIGNEUX LES JUIFS CISc\u20acCHATILLON SUR SEINE CIS b Grand Ch\u00e2tillonnaisLAIGNES CIScMONTIGNY SUR AUBE CIScRECEY SUR OURCE / LEUGLAY / VOULAINES CISEGEVREY CHAMBERTIN CIS C|LES DEUX COTES CIS c|MEURSAULT CIS \u20ac Grands CrusNOLAY CIS bNUITS SAINT GEORGES CIS b\u00ceARC SUR TILLE/REMILLY SUR TILLE CIS \u20acGENLIS UIS ESAINT SEINE L'ABBAYE CIS cSOMBERKON SE Montagne \u00e0 la Plaine dijonnaise|VAL D'OUCHE CIS cVAL DE NORGES CIS cMONTBARD CIS bPRECY SOUS THIL CIS \u20acSEMUR EN AUXOIS CIS b=TT GT MontbardoisVENAREY LES LAUMES CIS cVITTEAUX CIS cFONTAINE FRANCAISE CIS cGRANCEY LE CHATEAU NEUVELLE CIS-\u20acIS SUR TILLE CIS c Tille \u00e0 B\u00e8zeMIREBEAU SUR BEZE CISeSELONGEY CIS cAUXONNE CIS bBRAZEY EN PLAINE CIS bPONTAILLER SUR SAONE CIS C Val et Rives de Sa\u00f4neSAINT JEAN DE LOSNE CIS bSEURRE CIS c\n2/3\n2/3 \nCentre d'Intervention et de Secours cat\u00e9gorie CIS Antenne territoriale \nARNAY LE DUC OS c \nBLIGNY SUR OUCHE CIS c \nLIERNAIS CIS c Auxois Morvan \nROUVRAY CIS b \nSAULIEU CIS c \nBEAUNE CIS a \nDIJON EST OS b \nDIJON NORD CIS a OS Mixte \nDIJON TRANSVAAL OS a \nPOUILLY EN AUXOIS CIS b \nAIGNAY LE DUC OS c \nGrand Ch\u00e2tillonnais \nAISEY SUR SEINE CIS c \nBAIGNEUX LES JUIFS CIS c \nCHATILLON SUR SEINE CIS b \nLAIGNES CIS c \nMONTIGNY SUR AUBE CIS c \nRECEY SUR OURCE / LEUGLAY / VOU LAINES CIS c \nGEVREY CHAMBERTIN OS c \nGrands Crus \nLES DEUX COTES CIS c \nMEURSAULT CIS c \nNOLAY OS b \nNUITS SAINT GEORGES CIS b \nARC SUR TILLE/REMILLY SUR TILLE CIS c \nMontagne \u00e0 la Plaine dijonnaise \nGENLIS CIS c \nSAINT SEINE L'ABBAYE CIS c \nSOMBERNON CIS b \nVAL D'OUCHE CIS c \nVAL DE NORGES CIS c \nMONTBARD CIS b \nMontbardois \nPRECY SOUS THIL CIS c \nSEMUR EN AUXOIS CIS b \nTOUTRY CIS c \nVENAREY LES LAUMES CIS c \nVITTEAUX CIS c \nFONTAINE FRANCAISE CIS c \nTille \u00e0 B\u00e8ze \nGRANCEY LE CHATEAU NEUVELLE CIS c \nIS SUR TILLE CIS c \nMIREBEAU SUR BEZE CIS c \nSELONGEY CIS c \nAUXONNE CIS b \nVal et Rives de Sa\u00f4ne \nBRAZEY EN PLAINE CIS b \nPONTAI LLER SUR SAONE CIS c \nSAINT JEAN DE LOSNE CIS b \nSEURRE CIS c \nSDIS de C\u00f4te-d'Or - 21-2024-02-13-00001 - 2024 AP liste des Centres d'Incendie et de Secours  du Corps D\u00e9partemental des\nsapeurs-pompiers de la C\u00f4te-d'Or 104\nArticle 2 : La liste des Centres de Premi\u00e8re Intervention des Services Locaux d'Incendie et de Secours de laC\u00f4te-d'Or est constitu\u00e9e comme suit :\nde ; DCA s D T  pet de DUUKS @ U D'OR \"[LACANCHE CPI CAT 2THOISY LA BERCHERE CPI CAT 2 Auxois Morvan(THURY CPI cl;AOTh\u00e2PEEl\\lGIN| CHANCEAUX CPI CAT 2 Grand Ch\u00e2tillonnaisCORBERON/CORGENGOUX CPI CAT 3|MERCEUIL CPI CAT 2|MOREY / CHAMBOLLE CPI CAT 2|QUINCEY CPI CAT4 Grands Crus -|RUFFEY LES BEAUNE CPI CAT 4SANTENAY CPI CAT 3SAULON LA CHAPELLE CPI CAT 3| BLAISY BAS CPI CAT 3 Montagne \u00e0 la Plaine dijonnaiseDARCEY CPI CAT2 ENGIN _|JAILLY / VILLY c;og; 2 Mo|SAINT SEINE SUR VINGEANNE O  e Tille \u00e0 B\u00e8zeAISEREY CPI CAT 2|ATHEE CPI CAT 4[BROIN / BONNENCONTRE CPI CAT 3LAMARCHE SUR SAONE R NON e ' :|LES MAILLYS CPI CAT 3 YRl etPAGNY LE CHATEAU CPI CAT 4PERRIGNY SUR L'OGNON eONTROUHANS CPI CAT 3\nArticle 3 : Le bilan au 1\" janvier 2024 des Centres d'Incendie et de Secours des Services d'Incendie et deSecours de la C\u00f4te-d'Or est le suivant :\nE-CIS a 3CIS b 44 12CIS c 29\\CPI CAT2 + 2CPI CAT 2 7CPI CAT 3 23 7CPI CAT 4 4\\ CPI NON CONVENTIONNE 3\n7Dijon, le 43 FEV. 2024Pour le Pl\u00e9fet &[Sir d\u00e9l\u00e9gationLe -Pr\u00e9fet,Direot* 3/3Olivier GERSTL\u00c9\nArticle 2 : La liste des Centres de Premi\u00e8re Intervention des Services Locaux d'Incendie et de Secours de la \nC\u00f4te-d'Or est constitu\u00e9e comme suit : \nCIS des SERVICES LOCAUX d'INCENDIE \net de SECOURS de la C\u00d4TE-D'OR cat\u00e9gorie CIS Antenne territoriale \nLACANCHE CPI CAT \nAuxois Morvan THOISY LA BERCHERE CPI CAT 2 \nTHURY CPI CAT 2 ENGIN \nPOMPE \nCHANCEAUX CPI CAT 2 Grand Ch\u00e2tillonnais \nCORBERON/CORGENGOUX CPI CAT 3 \nGrands Crus \nMERCEUIL CPI CAT 2 \nMOREY / CHAMBOLLE CPI CAT 2 \nQUINCEY CPI CAT4 \nRUFFEY LES BEAUNE CPI CAT4 \nSANTENAY CPI CAT 3 \nSAU LON LA CHAPELLE CPI CAT 3 \nBLAISY BAS CPI CAT 3 Montagne \u00e0 la Plaine dijonnaise \nDARCEY CPI CAT 2 ENGIN \nPOMPE \nMontbardois \nJAILLY / VI LLY CPI CAT 2 \nSAINT SEINE SUR VINGEANNE CPI NON \nCONVENTIONNE Tille \u00e0 B\u00e8ze \nAISEREY CPI CAT 2 \nVal et Rives de Sa\u00f4ne \nATHEE CPI CAT 4 \nBROIN / BONNENCONTRE CPI CAT 3 \nLAMARCHE SUR SAONE CPI NON \nCONVENTIONNE \nLES MAI LLYS CPI CAT 3 \nPAGNY LE CHATEAU CPI CAT 4 \nPERRIGNY SUR L'OGNON CPI NON \nCONVENTIONNE \nTROUHANS CPI CAT 3 \nArticle 3 : Le bilan au le' janvier 2024 des Centres d'Incendie et de Secours des Services d'Incendie et de \nSecours de la C\u00f4te-d'Or est le suivant : \nCIS Nombre \nCIS a \n44 \n3 \nCIS b 12 \nCIS c 29 \nCPI CAT 2 + \n23 \n2 \nCPI CAT 2 7 \nCPI CAT 3 7 \nCPI CAT 4 4 \nCPI NON CONVENTIONNE 3 \n67 Total CIS \nDijon, le \t 1 3 FEVI 2024 \nPour le Pile er d\u00e9l\u00e9gation.  \nLe \t -Pr\u00e9fet, \nDirect \n3/3 \nOlivier GERSTL\u00c9 \nSDIS de C\u00f4te-d'Or - 21-2024-02-13-00001 - 2024 AP liste des Centres d'Incendie et de Secours  du Corps D\u00e9partemental des\nsapeurs-pompiers de la C\u00f4te-d'Or 105\nSDIS de C\u00f4te-d'Or\n21-2024-01-30-00012\n2024 Liste d'aptitude op\u00e9rationnelle Unit\u00e9\na\u00e9ronefs t\u00e9l\u00e9pilot\u00e9s de lutte, d'appui et de\nsecours\nSDIS de C\u00f4te-d'Or - 21-2024-01-30-00012 - 2024 Liste d'aptitude op\u00e9rationnelle Unit\u00e9 a\u00e9ronefs t\u00e9l\u00e9pilot\u00e9s de lutte, d'appui et de\nsecours 106\nE.PREFETDE LA NS &COTE-D'OR e stLibert\u00e9\u00cbgalite' 22 D Boulevard Winston ChurchillFraternit\u00e9 CS 16209 - 21 062 DIJON CedexSDIS de la C\u00f4te-d'OrAffaire suivie par : sous-direction optimisation du potentiel op\u00e9rationnelSDIS 21 / service \u00e9quipes sp\u00e9cialis\u00e9esT\u00e9l :03 80 11 27 87M\u00e9l : formation@sdis21.orgArr\u00eat\u00e9Portant sur la liste d'aptitude op\u00e9rationnelleUnit\u00e9 a\u00e9ronefs t\u00e9l\u00e9pilot\u00e9s de lutte, d'appui et de secoursAnn\u00e9e 2024Le pr\u00e9fet de la C\u00f4te-d'OrVu le code g\u00e9n\u00e9ral des collectivit\u00e9s territoriales et particuli\u00e8rement l'article R 1424-54 ;Vu l'arr\u00eat\u00e9 pr\u00e9fectoral du 18 septembre 2020 fixant la liste des unit\u00e9s op\u00e9rationnelles sp\u00e9cialis\u00e9es ;Vu le r\u00e9glement op\u00e9rationnel du service d\u00e9partemental d'incendie et de secours de la C\u00f4te-d'Or en date du 6 octobre2021 ;Vu le SDACR approuv\u00e9 par arr\u00eat\u00e9 pr\u00e9fectoral n\u00b0 250 du 18 mai 2015 ;Vu l'arr\u00eat\u00e9 du 22 ao\u00fbt 2019 relatif aux formations des sapeurs-pompiers professionnels et volontaires ;Vu l'arr\u00eat\u00e9 du 15 juillet 2022 relatif \u00e0 la d\u00e9signation et aux missions des r\u00e9f\u00e9rents de sp\u00e9cialit\u00e9s mentionn\u00e9s \u00e0 l'articleR. 722-1 du code de la s\u00e9curit\u00e9 int\u00e9rieure ;Vu l'article 2 du chapitre 4 de l'annexe de l'arr\u00eat\u00e9 du 3 d\u00e9cembre 2020 relatif \u00e0 la d\u00e9finition des sc\u00e9narios standardnationaux et fixant les conditions applicables aux missions d'a\u00e9ronefs civils sans \u00e9quipage \u00e0 bord exclues du champd'application du r\u00e8glement (UE) 2018/1139 ;Vu la note de doctrine g\u00e9n\u00e9rale relative \u00e0 l'emploi d'a\u00e9ronefs t\u00e9l\u00e9pilot\u00e9s \u00e0 distance pour des missions de s\u00e9curit\u00e9 civiledu 11 juillet 2017 ;Vu le guide de doctrine op\u00e9rationnelle \u00ab appareils t\u00e9l\u00e9pilot\u00e9s de lutte, d'appui et de secours \u00bb de septembre 2022 ;Vu la participation des agents d\u00e9sign\u00e9s aux activit\u00e9s de formation et de maintien et de perfectionnement des acquis ;Vu le nombre chefs de section ATLAS (2), de chefs de sections ATLAS et t\u00e9l\u00e9pilotes professionnels de drone de s\u00e9curit\u00e9civile (2), de t\u00e9l\u00e9pilotes professionnels de drone de s\u00e9curit\u00e9 civile (7) ;Sur proposition de monsieur le directeur d\u00e9partemental des services d'incendie et de secours ;ARR\u00caTEArticle1 : La liste annuelle d\u00e9partementale d'aptitude op\u00e9rationnelle des sapeurs-pompiers de l'unit\u00e9\u00ab a\u00e9ronefs t\u00e9l\u00e9pilot\u00e9s de lutte, d'appui et de secours \u00bb du d\u00e9partement de la C\u00f4te-d'Or s'\u00e9tablit comme suit :; N\u00b0 certificat ; snGrade Nom Pr\u00e9nom d'aptitude t\u00e9l\u00e9pilote Emploi(s) op\u00e9rationnel(s)Capitaine PARDON Christophe * Sans objet Chef de section ATLASi T\u00e9l\u00e9pilote professionnel de droneCapitaine CARRE Cl\u00e9a 731645 desecont\u00e9 ouileLieutenant hors classe | VILBOUX Romain Sans objet Chef de section ATLASChef de section ATLASLieutenant de 1 classe |DECHAUME Sylvain 384923 T\u00e9l\u00e9pilote professionnel de dronede s\u00e9curit\u00e9 civileChef de section ATLASLieutenant de 2\u00b0 classe |VADOT Thierry 605406 T\u00e9l\u00e9pilote professionnel de dronede s\u00e9curit\u00e9 civile. T\u00e9l\u00e9pilote professionnel de droneLieutenant FERNANDEZ Manuel 327986 de s\u00e9curt\u00e9 civil\u00e9\nMI \nPR\u00c9FET \nDE LA \nC\u00d4TE-D'OR \nLibert\u00e9 \n\u00c9galit\u00e9 \nFraternit\u00e9 \neze \n22 D Boulevard Winston Churchill \nCS 16209 - 21 062 DIJON Cedex \n \nSDIS de la C\u00f4te-d'Or \nAffaire suivie par : sous-direction optimisation du potentiel op\u00e9rationnel \nSDIS 21 / service \u00e9quipes sp\u00e9cialis\u00e9es \nT\u00e9l :03 80 11 27 87 \nM\u00e9l : formation@sdis21.org  \nArr\u00eat\u00e9 \nPortant sur la liste d'aptitude op\u00e9rationnelle \nUnit\u00e9 a\u00e9ronefs t\u00e9l\u00e9pilot\u00e9s de lutte, d'appui et de secours \nAnn\u00e9e 2024 \nLe pr\u00e9fet de la C\u00f4te-d'Or \nVu le code g\u00e9n\u00e9ral des collectivit\u00e9s territoriales et particuli\u00e8rement l'article R 1424-54 ; \nVu l'arr\u00eat\u00e9 pr\u00e9fectoral du 18 septembre 2020 fixant la liste des unit\u00e9s op\u00e9rationnelles sp\u00e9cialis\u00e9es ; \nVu le r\u00e8glement op\u00e9rationnel du service d\u00e9partemental d'incendie et de secours de la C\u00f4te-d'Or en date du 6 octobre \n2021 ; \nVu le SDACR approuv\u00e9 par arr\u00eat\u00e9 pr\u00e9fectoral n\u00b0 250 du 18 mai 2015 ; \nVu l'arr\u00eat\u00e9 du 22 ao\u00fbt 2019 relatif aux formations des sapeurs-pompiers professionnels et volontaires ; \nVu l'arr\u00eat\u00e9 du 15 juillet 2022 relatif \u00e0 la d\u00e9signation et aux missions des r\u00e9f\u00e9rents de sp\u00e9cialit\u00e9s mentionn\u00e9s \u00e0 l'article \nR. 722-1 du code de la s\u00e9curit\u00e9 int\u00e9rieure ; \nVu l'article 2 du chapitre 4 de l'annexe de l'arr\u00eat\u00e9 du 3 d\u00e9cembre 2020 relatif \u00e0 la d\u00e9finition des sc\u00e9narios standard \nnationaux et fixant les conditions applicables aux missions d'a\u00e9ronefs civils sans \u00e9quipage \u00e0 bord exclues du champ \nd'application du r\u00e8glement (UE) 2018/1139 ; \nVu la note de doctrine g\u00e9n\u00e9rale relative \u00e0 l'emploi d'a\u00e9ronefs t\u00e9l\u00e9pilot\u00e9s \u00e0 distance pour des missions de s\u00e9curit\u00e9 civile \ndu 11 juillet 2017 ; \nVu le guide de doctrine op\u00e9rationnelle \u00ab appareils t\u00e9l\u00e9pilot\u00e9s de lutte, d'appui et de secours \u00bb de septembre 2022 ; \nVu la participation des agents d\u00e9sign\u00e9s aux activit\u00e9s de formation et de maintien et de perfectionnement des acquis ; \nVu le nombre chefs de section ATLAS (2), de chefs de sections ATLAS et t\u00e9l\u00e9pilotes professionnels de drone de s\u00e9curit\u00e9 \ncivile (2), de t\u00e9l\u00e9pilotes professionnels de drone de s\u00e9curit\u00e9 civile (7) ; \nSur proposition de monsieur le directeur d\u00e9partemental des services d'incendie et de secours ; \nARR\u00caTE \nArticle 1 : La liste annuelle d\u00e9partementale d'aptitude op\u00e9rationnelle des sapeurs-pompiers de l'unit\u00e9 \n\u00ab a\u00e9ronefs t\u00e9l\u00e9pilot\u00e9s de lutte, d'appui et de secours \u00bb du d\u00e9partement de la C\u00f4te-d'Or s'\u00e9tablit comme suit : \nGrade Nom Pr\u00e9nom N\u00b0 certificat \nd'aptitude t\u00e9l\u00e9pilote Emploi(s) op\u00e9rationnel(s) \nCapitaine PARDON Christophe * Sans objet Chef de section ATLAS \nCapitaine CARRE Cl\u00e9a 731645 T\u00e9l\u00e9pilote professionnel de drone \nde s\u00e9curit\u00e9 civile \nLieutenant hors classe VILBOUX Romain Sans objet Chef de section ATLAS \nLieutenant de Ife classe DECHAUME Sylvain 384923 \nChef de section ATLAS \nT\u00e9l\u00e9pilote professionnel de drone \nde s\u00e9curit\u00e9 civile \nLieutenant de 2e classe VADOT Thierry 605406 \nChef de section ATLAS \nT\u00e9l\u00e9pilote professionnel de drone \nde s\u00e9curit\u00e9 civile \nLieutenant FERNANDEZ Manuel 327986 T\u00e9l\u00e9pilote professionnel de drone  de s\u00e9curit\u00e9 civile \nSDIS de C\u00f4te-d'Or - 21-2024-01-30-00012 - 2024 Liste d'aptitude op\u00e9rationnelle Unit\u00e9 a\u00e9ronefs t\u00e9l\u00e9pilot\u00e9s de lutte, d'appui et de\nsecours 107\n. N\u00b0 certificat ' 4Grade Nom Pr\u00e9nom d'aptitude t\u00e9l\u00e9pilote Emploi(s) op\u00e9rationnel(s); _ ; T\u00e9l\u00e9pilote professionnel de droneAdjudant-chef GIRARDOT Fr\u00e9d\u00e9ric 531046 de s\u00e9curit\u00e9 civile' T\u00e9l\u00e9pilote professionnel de droneAdjudant-chef MANSOTTE Jean-Marc 41218895 de s\u00e9curit\u00e9 civileAdiudant PETIT Maxime 349878 T\u00e9l\u00e9pilote professionnel de drone) de s\u00e9curit\u00e9 civile\u00ab T\u00e9l\u00e9pilote professionnel de droneSergent-chef COUSIN Loic 41218887 de s\u00e9curit\u00e9 civileT\u00e9l\u00e9pilote professionnel de droneSergent-chef HENNIENE Mohamed 44085969 de s\u00e9curit\u00e9 civile* R\u00e9f\u00e9rent de sp\u00e9cialit\u00e9 \u00ab a\u00e9ronefs t\u00e9l\u00e9pilot\u00e9s de lutte, d'appuis et de secours \u00bbArticle 2 : Le sous-pr\u00e9fet, directeur de cabinet, et le directeur d\u00e9partemental des services d'incendie et desecours sont charg\u00e9s, chacun en ce qui le concerne, de l'ex\u00e9cution du pr\u00e9sent arr\u00eat\u00e9 qui sera publi\u00e9 aurecueil des actes administratifs de la pr\u00e9fecture de la C\u00f4te-d'Or.Dijon, le 3 G JAN, 2024\nLe pr\u00e9fet,Pour ie Pr\u00e9fet et par d\u00e9l\u00e9gation,Le Sous-Pr\u00e9fet,Ditecteur de Cabmet\nOlivier GERSTL\u00c9\nrr e e  C e e e p P\nGrade Nom Pr\u00e9nom N\u00b0 certificat \nd'aptitude t\u00e9l\u00e9pilote Emploi(s) op\u00e9rationnel(s) \nAdjudant-chef GIRARDOT Fr\u00e9d\u00e9ric 531046 T\u00e9l\u00e9pilote professionnel de drone \nde s\u00e9curit\u00e9 civile \nAdjudant-chef MANSOTTE Jean-Marc 41218895 T\u00e9l\u00e9pilote professionnel de drone \nde s\u00e9curit\u00e9 civile \nAdjudant PETIT Maxime 349878 T\u00e9l\u00e9pilote professionnel de drone \nde s\u00e9curit\u00e9 civile \nSergent-chef COUSIN Lo\u00efc 41218887 T\u00e9l\u00e9pilote professionnel de drone \nde s\u00e9curit\u00e9 civile \nSergent-chef HENNIENE Mohamed 44085969 T\u00e9l\u00e9pilote professionnel de drone \nde s\u00e9curit\u00e9 civile \n* R\u00e9f\u00e9rent de sp\u00e9cialit\u00e9 \u00ab a\u00e9ronefs t\u00e9l\u00e9pilot\u00e9s de lutte, d'appuis et de secours \u00bb \nArticle 2 : Le sous-pr\u00e9fet, directeur de cabinet, et le directeur d\u00e9partemental des services d'incendie et de \nsecours sont charg\u00e9s, chacun en ce qui le concerne, de l'ex\u00e9cution du pr\u00e9sent arr\u00eat\u00e9 qui sera publi\u00e9 au \nrecueil des actes administratifs de la pr\u00e9fecture de la C\u00f4te-d'Or. \nDijon, le 3 0 JAN, 2024 \nLe pr\u00e9fet, \nPour le Pr\u00e9fet et par d\u00e9l\u00e9gation, \nLe Sous-Pr\u00e9fet, \nDi ecteur de Cabinet i \nOlivier GERSTL\u00c9 \nSDIS de C\u00f4te-d'Or - 21-2024-01-30-00012 - 2024 Liste d'aptitude op\u00e9rationnelle Unit\u00e9 a\u00e9ronefs t\u00e9l\u00e9pilot\u00e9s de lutte, d'appui et de\nsecours 108\nSDIS de C\u00f4te-d'Or\n21-2024-01-30-00013\n2024_Liste d'aptitude op\u00e9rationnelle Feu de\nFor\u00eat\nSDIS de C\u00f4te-d'Or - 21-2024-01-30-00013 - 2024_Liste d'aptitude op\u00e9rationnelle Feu de For\u00eat 109\nPREFETDE LA Cn dC\u00d4TE-D'OR sOIS\u00cb\u00cf:\u00cb\u00cb 22 D Boulevard Winston ChurchillFraternit\u00e9 CS 16208 - 21 062 DIJON CedexSDIS de la C\u00f4te-d'Or\nAffaire suivie par : sous-direction optimisation du potentiel op\u00e9rationnelSDIS 21 / service \u00e9quipes sp\u00e9cialis\u00e9esT\u00e9l : 03 80 11 27 87M\u00e9l : formation@sdis21.orgArr\u00eat\u00e9Portant sur la liste d'aptitude op\u00e9rationnelleUnit\u00e9 de lutte contre les feux de for\u00eatsAnn\u00e9e 2024Le pr\u00e9fet de la C\u00f4te-d'OrVu le code g\u00e9n\u00e9ral des collectivit\u00e9s territoriales et particuli\u00e8rement l'article R 1424-54 ;Vu le code de la s\u00e9curit\u00e9 int\u00e9rieure et particuli\u00e8rement l'article L 112-2 ;Vu l'arr\u00eat\u00e9 du 6 mai 2000 modifi\u00e9 fixant les conditions d'aptitudes m\u00e9dicales des sapeurs-pompiers professionnels etvolontaires ;Vu l'arr\u00eat\u00e9 du 22 ao\u00fbt 2019 relatif aux formations des sapeurs-pompiers professionnels et volontaires ;Vu l'arr\u00eat\u00e9 du 15 juillet 2022 relatif \u00e0 la d\u00e9signation et aux missions des r\u00e9f\u00e9rents de sp\u00e9cialit\u00e9s mentionn\u00e9s \u00e0 l'articleR. 722-1 du code de la s\u00e9curit\u00e9 int\u00e9rieure ;Vu l'arr\u00e9t\u00e9 pr\u00e9fectoral du 18 septembre 2020 fixant la liste des unit\u00e9s op\u00e9rationnelles ;Vu le r\u00e8glement op\u00e9rationnel du service d\u00e9partemental d'incendie et de secours de la C\u00f4te-d'Or en date du 06 octobre2021 ;Vu le SDACR approuv\u00e9 par arr\u00eat\u00e9 pr\u00e9fectoral n\u00b0 250, du 18 mai 2015 ;Vu le guide national de r\u00e9f\u00e9rences\u00ab feux de for\u00eats \u00bb d'ao\u00fbt 1999 modifi\u00e9 ;Vu le guide de doctrine op\u00e9rationnelle et le guide de techniques op\u00e9rationnelles\u00ab feux de for\u00eats et d'espaces naturels \u00bbde f\u00e9vrier 2021 ;Vu la participation des agents d\u00e9sign\u00e9s aux activit\u00e9s de formation de maintien et de perfectionnement des acquis ;Vu le nombre de chef de site (1), chefs de colonne (8), de chefs de groupe (18), de chefs d'agr\u00e8s (159), de \u00e9quipiers(284) ;Sur proposition de monsieur le directeur d\u00e9partemental des services d'incendie et de secours ;ARR\u00caTEArticle 1 : La liste annuelle d\u00e9partementale d'aptitude op\u00e9rationnelle des sapeurs-pompiers de l'unit\u00e9 \u00ab luttecontre les feux de for\u00eats \u00bb du d\u00e9partement de la C\u00f4te-d'Or s'\u00e9tablit comme suit :\nNom Pr\u00e9nom Emploi et activit\u00e9 compl\u00e9mentaire FormationDEZA R\u00e9gis \u00eb Chef de site FDF e FDF 5BIDAU Cyril 3 Chef de colonne FDF | ps e eBOLTZ Bruno Chef de colonne FDF E FDF 4\u00ceOUF\u2014ENI_CHE Khamel Chef de colonne FDF ) ' FDF 4\" COULON R\u00e9mi \" Chefde colonne FDF | i EOFd .DOMBEK Chnstophe BN Chefde colonneFDF & cadre a\u00e9ro embarque' FDF4BAERSMARC Jean-Louis Chef de coronne FDF FDF 4PARDON Chnstophe 5 Chef de colonne FDF FDF 4THEUREL J\u00e9r\u00f4me* Chef de colonne FDF & cadre a\u00e9ro embaroue | FDF 4 & AER?_-\u2014A\u00d9\u0152E_\u00dcCCEWthppe -C\u2014hef_d\u2014t;g_ro-upe FDF | FDF 3 J\nBOUFENICHE Khamel \nCOULON R\u00e9mi \nDOMBEK Christophe \nMARC Jean-Louis \nChef de colonne FDF \nChef de colonne FDF \nChef de colonne FDF & cadre a\u00e9ro embarqu\u00e9 \t FDF 4 & AER 3 \nChef de colonne FDF \t FDF 4 \nFDF 4 \nFDF 4 \nPR\u00c9FET \nDE LA \nC\u00d4TE-D'OR \nLibert\u00e9 \n\u00c9galit\u00e9 \nFraternit\u00e9 \n22 D Boulevard Winston Churchill \nCS 16209 - 21 062 DIJON Cedex \nSD1S de la C\u00f4te-d'Or \nAffaire suivie par : sous-direction optimisation du potentiel op\u00e9rationnel \nSDIS 21 / service \u00e9quipes sp\u00e9cialis\u00e9es \nT\u00e9l : 03 80 11 27 87 \nM\u00e9l : formation@sdis21.org  \nArr\u00eat\u00e9 \nPortant sur la liste d'aptitude op\u00e9rationnelle \nUnit\u00e9 de lutte contre les feux de for\u00eats \nAnn\u00e9e 2024 \nLe pr\u00e9fet de la C\u00f4te-d'Or \nVu le code g\u00e9n\u00e9ral des collectivit\u00e9s territoriales et particuli\u00e8rement l'article R 1424-54 ; \nVu le code de la s\u00e9curit\u00e9 int\u00e9rieure et particuli\u00e8rement l'article L 112-2 ; \nVu l'arr\u00eat\u00e9 du 6 mai 2000 modifi\u00e9 fixant les conditions d'aptitudes m\u00e9dicales des sapeurs-pompiers professionnels et \nvolontaires ; \nVu l'arr\u00eat\u00e9 du 22 ao\u00fbt 2019 relatif aux formations des sapeurs-pompiers professionnels et volontaires ; \nVu l'arr\u00eat\u00e9 du 15 juillet 2022 relatif \u00e0 la d\u00e9signation et aux missions des r\u00e9f\u00e9rents de sp\u00e9cialit\u00e9s mentionn\u00e9s \u00e0 l'article \nR. 722-1 du code de la s\u00e9curit\u00e9 int\u00e9rieure ; \nVu l'arr\u00eat\u00e9 pr\u00e9fectoral du 18 septembre 2020 fixant la liste des unit\u00e9s op\u00e9rationnelles ; \nVu le r\u00e8glement op\u00e9rationnel du service d\u00e9partemental d'incendie et de secours de la C\u00f4te-d'Or en date du 06 octobre \n2021 ; \nVu le SDACR approuv\u00e9 par arr\u00eat\u00e9 pr\u00e9fectoral n\u00b0 250, du 18 mai 2015 ; \nVu le guide national de r\u00e9f\u00e9rences\u00ab feux de for\u00eats \u00bb d'ao\u00fbt 1999 modifi\u00e9 ; \nVu le guide de doctrine op\u00e9rationnelle et le guide de techniques op\u00e9rationnelles\u00ab feux de for\u00eats et d'espaces naturels \u00bb \nde f\u00e9vrier 2021 ; \nVu la participation des agents d\u00e9sign\u00e9s aux activit\u00e9s de formation de maintien et de perfectionnement des acquis ; \nVu le nombre de chef de site (1), chefs de colonne (8), de chefs de groupe (18), de chefs d'agr\u00e8s (159), de \u00e9quipiers \n(284) ; \nSur proposition de monsieur le directeur d\u00e9partemental des services d'incendie et de secours ; \nARR\u00caTE \nArticle 1 : La liste annuelle d\u00e9partementale d'aptitude op\u00e9rationnelle des sapeurs-pompiers de l'unit\u00e9 \u00ab lutte \ncontre les feux de for\u00eats \u00bb du d\u00e9partement de la C\u00f4te-d'Or s'\u00e9tablit comme suit : \nNom Pr\u00e9nom Emploi et activit\u00e9 compl\u00e9mentaire Formation \n   \nDEZA R\u00e9gis \t Chef de site FDF \t FDF 5 \nBIDAU Cyril \t Chef de colonne FDF \t FDF 4 \nBOLTZ Bruno \t Chef de colonne FDF \t FDF 4 \nPARDON Christophe \n     \nChef de colonne FDF \n   \nFDF 4 \nFDF 4 & AER 3 \n \nTHEUREL J\u00e9r\u00f4me * \n    \nChef de colonne FDF & cadre a\u00e9ro embarqu\u00e9 \n \n                    \nANDREUCCETTI Philippe \t Chef de groupe FDF \t FDF 3 \nSDIS de C\u00f4te-d'Or - 21-2024-01-30-00013 - 2024_Liste d'aptitude op\u00e9rationnelle Feu de For\u00eat 110\nNom Pr\u00e9nomEmploiet activit\u00e9 compl\u00e9mentaire |: BOUCHE Luca Chef de groupe FDF FDF 3\u00ca\u00ca_E'\u00dc'IEChristophe Chef de groupe FDF FDF 3 L; BRILLET Jason Chef de groupe FDF 0  FDF 3\" CRETE Laurent Chef de groupe FDF | FDF 3- DECHAUME Sylvain Chef de groupe FDF : FDF 3 & investigateur RCCI FDFDESCHAMPS Olivier Chef de groupe FDF | FDF 3EM Fr\u00e9d\u00e9ric Chef de groupe FDF . FDF 3\" GARMATUK Cyril Chef de groupe FDF | FDF 3| GENELOTEric . _ Chef de groupe FDF FDF 3PAGEOT Anthony Chef de groupe FDF ; FDF 3REGAZZONI Micka\u00ebl Chef de groupe FDF FDF 3; ROUCHE St\u00e9phane Chef de groupe FDF _ FDF 3! SAUSSERET Jean-Michel Chef de groupe FDF FDF 3\" SENOT Alexandre Chef de groupe FDF : FDF 3TARDIEU Yannick Chef de groupe FDF - FDF3VANDENSKRICK Julien Chef de groupe FDF o FDF 3\" XHAARD-BOLLON Nicolas Chef de groupe FDF ! FDF 3ALIBERT Brice | Chef d'agr\u00e8s FDF | FDF2ALIBERT David Chef d'agr\u00e8s FDF FDF 2- ANGEL Nicolas | Chef d'agr\u00e8s FDF _ FDF 2: ANTOINE Aymeric Chef d'agr\u00e8s FDF FDF 2| ANTOINE Luc Chef d'agr\u00e8s FDF FDF 2! AUVERT Romain Chef d'agr\u00e8s FDF | FDF 2\" BALLAISSylvain | Chef d'agr\u00e8s FDF FDF 2; BAUDEGARD Marc Chef d'agr\u00e8s FDF FDF 2| BAUDRAND Julien Chef d'agr\u00e8s FDF | FDF 2' BAUDROT Aur\u00e9lien Chef d'agr\u00e8s FDF L FDF2BAZIN Marc | Chef d'agr\u00e8s FDF FDF 2| BERNARD Philippe Chef d'agr\u00e8s FDF 0 FOF2: BERNIER Julien Chef d'agr\u00e8s FDF FDF 2\" BIARD Herv\u00e9 1  Chef d'agr\u00e8s FDF | FDF 2BISSON Olivier ' Chefd'agr\u00e8sFDF Q FDF2BLANDIN Jean-Fran\u00e7ois Chefd'agr\u00e8sFDF Q  FDF 2 -| BLANDIN Pascal | Chefd'agr\u00e9s FDF | FDF 2' BOLE Xavier - Chef d'agr\u00e8s FDF FDF 2BONNET St\u00e9phane u Chef d'agr\u00e8s FDF FDF2BORDETOlivier |  Chef d'agr\u00e8s FDF | FDF 2\" BOS Fr\u00e9d\u00e9ric - o Chef d'agr\u00e8s FDF | FDF 2BOUILLOT Olivier Chef d'agr\u00e8s FDF FDF 2BOUTIER Fabien Chef d'agr\u00e8s FDF FDF 2BOUTIER Florent Chef d'agr\u00e8s FDF \" FDF 2BROSSEAU Fabrice Chef d'agr\u00e8s FDF S  FDF2 u\" BRULEY Jean-No\u00ebl - \"Chefd'agr\u00e8sFDF FDF 2BUSI Wilfried | Chef d'agr\u00e8s FDF 1 FDF2 -CENDRIER Nicolas \" Chefd'agr\u00e8sFDF \u2014 FDF 2\" CHANUT Lilian e  Chef d'agr\u00e8s FDF FDF 2CHAPLOT Elodie Chef d'agr\u00e8s FDF FDF 2 -CHIAOUI Mehdi | Chef d'agr\u00e8s FDF 1  FDFa \u2014| CHOFFLET Amaud | 1 Chefd'agr\u00e8sFDF FDF 2\"CHRETIEN Pierre ' ' Chef d'agr\u00e8s FDF FDF2CONTET Cyrill Chef d'agr\u00e8s FDF FDF 2\nChef de groupe FDF \t FDF 3 \nChef de groupe FDF \t FDF 3 & investigateur RCCI FDF \nBRILLET Jason \nCRETE Laurent \nDECHAUME Sylvain \nChef de groupe FDF \t FDF 3 \nBREUIL Christophe Chef de groupe FDF \t FDF 3 \nDESCHAMPS Olivier Chef de groupe FDF FDF 3 \nli EM Fr\u00e9d\u00e9ric Chef de groupe FDF FDF 3 \nNom Pr\u00e9nom Emploi et activit\u00e9 compl\u00e9mentaire I \t Formation \n  \nBOUCHE Luca \t Chef de groupe FDF \t FDF 3 \nGARMATUK Cyril \nGENELOT Eric \nChef de groupe FDF FDF 3 \n \n \nChef de groupe FDF FDF 3 \n \n    \nPAGEOT Anthony Chef de groupe FDF FDF 3 \nREGAZZONI Micka\u00e9l Chef de groupe FDF FDF 3 \nROUCHE St\u00e9phane \t Chef de groupe FDF FDF 3 \nSAUSSERET Jean-Michel Chef de groupe FDF FDF 3 \nSENOT Alexandre \t Chef de groupe FDF FDF 3 \n: TARDIEU Yannick \t Chef de groupe FDF FDF 3 \nVANDENSKRICK Julien Chef de groupe FDF FDF 3 \nXHAARD-BOLLON Nicolas Chef de groupe FDF FDF 3 \nALIBERT Brice Chef d'agr\u00e8s FDF FDF 2 \nI ALIBERT David Chef d'agr\u00e8s FDF FDF 2 \nANGEL Nicolas Chef d'agr\u00e8s FDF FDF 2 \nANTOINE Aymeric Chef d'agr\u00e8s FDF FDF 2 \nANTOINE Luc Chef d'agr\u00e8s FDF FDF 2 \nAUVERT Romain Chef d'agr\u00e8s FDF FDF 2 \nBALLAIS Sylvain Chef d'agr\u00e8s FDF FDF 2 \nBAUDEGARD Marc Chef d'agr\u00e8s FDF FDF 2 \nBAUDRAND Julien Chef d'agr\u00e8s FDF FDF 2 \n' BAUDROT Aur\u00e9lien \t Chef d'agr\u00e8s FDF FDF 2 \nBAZIN Marc \t Chef d'agr\u00e8s FDF FDF 2 \n, BERNARD Philippe Chef d'agr\u00e8s FDF FDF 2 \nBERNIER Julien Chef d'agr\u00e8s FDF FDF 2 \nBIARD Herv\u00e9 Chef d'agr\u00e8s FDF FDF 2 \nBISSON Olivier \t Chef d'agr\u00e8s FDF FDF 2 \nBLANDIN Jean-Fran\u00e7ois \t Chef d'agr\u00e8s FDF FDF 2 \nBLANDIN Pascal \t Chef d'agr\u00e8s FDF FDF 2 \nBOLE Xavier \t Chef d'agr\u00e8s FDF FDF 2 \nBONNET St\u00e9phane Chef d'agr\u00e8s FDF FDF 2 \nBORDET Olivier Chef d'agr\u00e8s FDF FDF 2 \nBOS Fr\u00e9d\u00e9ric Chef d'agr\u00e8s FDF FDF 2 \nBOUILLOT Olivier Chef d'agr\u00e8s FDF FDF 2 \nBOUTIER Fabien Chef d'agr\u00e8s FDF FDF 2 \nBOUTER Florent Chef d'agr\u00e8s FDF FDF 2 \nBROSSEAU Fabrice Chef d'agr\u00e8s FDF FDF 2 \nBRULEY Jean-No& Chef d'agr\u00e8s FDF FDF 2 \nBUSI Wilfried Chef d'agr\u00e8s FDF FDF 2 \nCENDRIER Nicolas Chef d'agr\u00e8s FDF FDF 2 \nCHANUT Lilian Chef d'agr\u00e8s FDF FDF 2 \nCHAPLOT Elodie Chef d'agr\u00e8s FDF FDF 2 \nCHIAOUI Mehdi Chef d'agr\u00e8s FDF FDF 2 \nCHOFFLET Arnaud Chef d'agr\u00e8s FDF FDF 2 \nCHRETIEN Pierre Chef d'agr\u00e8s FDF FDF 2 \nCONTET Cyrill Chef d'agr\u00e8s FDF FDF 2 \nSDIS de C\u00f4te-d'Or - 21-2024-01-30-00013 - 2024_Liste d'aptitude op\u00e9rationnelle Feu de For\u00eat 111\nNom Pr\u00e9nomEmploi et acti\"vi__t'\u00e9 compl\u00e9mentaire | - Formation; CONVERT Cyril Chef d'agr\u00e8s FDF FDF 2\" COQUIO Ga\u00eblle \" Chef d'agr\u00e8s FDF FDF 2 -\" COSTER K\u00e9vin Chefd'agr\u00e8s FOF FDF 2! COUSIN Lo\u00efc Chef d'agr\u00e8s FDF FDF2\"CROCHARD Vincent Chef d'agr\u00e8s FDF FDF2. DABRAINVILLE Geoffroy | Chef d'agr\u00e8s FDF FDF2DAURELLE J0\u00eb1 T  Chef d'agr\u00e8s FDF FDF 2\" DESCLOIX Sylvain Chef d'agr\u00e8s FDF e  FDF 2; DESSENDRE Romain Chef d'agr\u00e8s FDF - FDF 2| DEVAUX Antoine | Chef d'agr\u00e8s FDF \" FDF2| DEVILLIERS J\u00e9r\u00e9my Chef d'agr\u00e8s FDF | FDF 2 |CDREZETDavid Chef d'agr\u00e8s FDF | FDF 2| DUBOIS Alexis 1 Chef d'agr\u00e8s FDF FDF2! DUC Matthieu Chef d'agr\u00e8s FDF FDF 2, DUPIN Bruno Chef d'agr\u00e8s FDF 1S | FDF 2; DUPONT Luc Chef d'agr\u00e8s FDF FDF 2; DUPREY Arnaud Chef d'agr\u00e8s FDF FDF 2\" DURAND Fr\u00e9d\u00e9ric Chef d'agres FDF - FDF 2; DURAND Nicolas Chef d'agr\u00e9s FDF o FDF 2| DUTHU J\u00e9r\u00e9my Chef d'agr\u00e8s FDF FDF 2DUTHU Patrice Chef d'agr\u00e8s FDF FDF 2\" DUTHU Thomas Chef d'agr\u00e8s FDF FDF 2FANJOUX C\u00e9dric Chef d'agr\u00e8s FDF _ ) FDF 2| FARGE David Chef d'agr\u00e8s FDF - FDF2\" FAVRE Philippe | Chef d'agr\u00e8s FDF FDF 2\" FERNANDEZ Manuel , Chef d'agr\u00e8s FDF ) FDF 2FURDERER Johann ' Chef d'agr\u00e8s FDF FOF2| FURDIN David [ Chefd'agr\u00e8s FDF FOF 2\" GENETIER Buno | o Chef d'agr\u00e8s FDF FDF 2, GENTILHOMME Damien | Chef d'agr\u00e9s FDF FDF 2; GERMAIN Amaud Chef d'agr\u00e8s FDF FDF 2\" GONET Ludovic Chef d'agr\u00e8s FDF FDF 2\" GOUX Fr\u00e9d\u00e9ric L Chef d'agr\u00e8s FDF FDF 2\" GREBILLE Jean Chef d'agr\u00e8s FDF FDF 2, GUERARD S\u00e9bastien Chef d'agr\u00e8s FDF FDF 2! GUTKNECHT Jean-Denis Chef d'agr\u00e8s FDF FDF2HENNIENE Mohamed Chef d'agr\u00e8s FDF ...EDF 2 |. ISA\u00c2C Christophe Chef d'agr\u00e8s FDF ' FDF 2 ;\" ISTRIA Anthony Chef d'agr\u00e8s FDF FDF 2 10\" JACQUES Pascal Chef d'agr\u00e8s FDF ' FDF 2 'JALLAT G\u00e9rard \" Chefd'agr\u00e8sFDF FDF 2 )\" JAUDAUX David Chef d'agr\u00e8s FDF FDF 2\u2014 JEAN Mika\u00ebl e Chef d'agr\u00e8s FDF FDF 2\u2014JAE}\\_I\u00c7INE E\u2014r\u00f1;nanuel Chef d'agr\u00e8s FDF FDF 2JEANNIN S\u00e9bastien Chef d'agres FDF FD\u00cb\u00c9JOUFFROY Herv\u00e9 Chef d'agr\u00e8s FDF FDF2JOURNEAU C\u00e9dric _ Chef d'agr\u00e9s FDF 0 FDF 2C JUPILLE Thomas \u2014 ' Chef d'agr\u00e8s FDF FDF 2KARROUM Hakim Chef d'agr\u00e8s FDF FDF2KURKLINSKI Quentin Chef d'agr\u00e8s FDF o FDF 2\nuentin  _  E  E  =  L  2\nLAGNIER Laurent\nNom Pr\u00e9nom Emploi et activit\u00e9 compl\u00e9mentaire Formation \nCONVERT Cyril Chef d'agr\u00e8s FDF FDF 2 \nCOQUIO Ga\u00ealle Chef d'agr\u00e8s FDF FDF 2 \nCOSTER K\u00e9vin Chef d'agr\u00e8s FDF FDF 2 \nCOUSIN La\u00efc Chef d'agr\u00e8s FDF FDF 2 \nCROCHARD Vincent Chef d'agr\u00e8s FDF FDF 2 \nDABRAINVILLE Geoffroy Chef d'agr\u00e8s FDF FDF 2 \nDAURELLE Jo\u00ebl Chef d'agr\u00e8s FDF FDF 2 \nDESCLOIX Sylvain Chef d'agr\u00e8s FDF FDF 2 \nDESSENDRE Romain Chef d'agr\u00e8s FDF FDF 2 \nDEVAUX Antoine Chef d'agr\u00e8s FDF FDF 2 \nDEVILLIERS J\u00e9r\u00e9my Chef d'agr\u00e8s FDF FDF 2 \nDREZET David Chef d'agr\u00e8s FDF FDF 2 \nDUBOIS Alexis Chef d'agr\u00e8s FDF FDF 2 \nDUC Matthieu Chef d'agr\u00e8s FDF FDF 2 \nDUPIN Bruno Chef d'agr\u00e8s FDF FDF 2 \nDUPONT Luc Chef d'agr\u00e8s FDF FDF 2 \nDUPREY Arnaud Chef d'agr\u00e8s FDF FDF 2 \nDURAND Fr\u00e9d\u00e9ric Chef d'agr\u00e8s FDF FDF 2 \nDURAND Nicolas Chef d'agr\u00e8s FDF FDF 2 \nDUTHU J\u00e9r\u00e9my Chef d'agr\u00e8s FDF FDF 2 \nDUTHU Patrice Chef d'agr\u00e8s FDF FDF 2 \nDUTHU Thomas Chef d'agr\u00e8s FDF FDF 2 \nFANJOUX C\u00e9dric Chef d'agr\u00e8s FDF FDF 2 \nFARCE David Chef d'agr\u00e8s FDF FDF 2 \nFAVRE Philippe Chef d'agr\u00e8s FDF FDF 2 \nFERNANDEZ Manuel Chef d'agr\u00e8s FDF FDF 2 \nFURDERER Johann Chef d'agr\u00e8s FDF FDF 2 \nFURDIN David Chef d'agr\u00e8s FDF FDF 2 \nGENETIER Bruno Chef d'agr\u00e8s FDF FDF 2 \nGENTILHOMME Damien Chef d'agr\u00e8s FDF FDF 2 \nGERMAIN Arnaud Chef d'agr\u00e8s FDF FDF 2 \nGONET Ludovic Chef d'agr\u00e8s FDF FDF 2 \nGOUX Fr\u00e9d\u00e9ric Chef d'agr\u00e8s FDF FDF 2 \nGREBILLE Jean Chef d'agr\u00e8s FDF FDF 2 \nGUERARD S\u00e9bastien Chef d'agr\u00e8s FDF FDF 2 \nGUTKNECHT Jean-Denis Chef d'agr\u00e8s FDF FDF 2 \nHENNIENE Mohamed Chef d'agr\u00e8s FDF FDF 2 \nISAAC Christophe Chef d'agr\u00e8s FDF FDF 2 \n(STRIA Anthony Chef d'agr\u00e8s FDF FDF 2 \nJACQUES Pascal Chef d'agr\u00e8s FDF FDF 2 \nJALLAT G\u00e9rard Chef d'agr\u00e8s FDF FDF 2 \nJAUDAUX David Chef d'agr\u00e8s FDF FDF 2 \nJEAN Mika\u00ebl Chef d'agr\u00e8s FDF FDF 2 \nJEANNE Emmanuel Chef d'agr\u00e8s FDF FDF 2 \nJEANNIN S\u00e9bastien Chef d'agr\u00e8s FDF FDF 2 \nJOUFFROY Herv\u00e9 Chef d'agr\u00e8s FDF FDF 2 \nJOURNEAU C\u00e9dric Chef d'agr\u00e8s FDF FDF 2 \nJUPILLE Thomas Chef d'agr\u00e8s FDF FDF 2 \nKARROUM Hakim Chef d'agr\u00e8s FDF FDF 2 \nKURKLINSKI Quentin Chef d'agr\u00e8s FDF FDF 2 \nLAGNIER Laurent Chef d'agr\u00e8s FDF FDF 2 \nSDIS de C\u00f4te-d'Or - 21-2024-01-30-00013 - 2024_Liste d'aptitude op\u00e9rationnelle Feu de For\u00eat 112\nNom Pr\u00e9nom __ Emploi et activit\u00e9 Cbm\u00eepl\u00e9mentaire | \" Formationl LAMBERT Jean-Robert Chef d'agr\u00e8s FDF : FDF 2- LAUPRETRE Mathieu L Chef d'agr\u00e8s FDF C FDra \"| LAVERDAN Jean-Paul | Chefd'agr\u00e8sFDF FDF2 s0_ LEBLOND Andy Chef d'agr\u00e8s FDF FDF 2| LECAROC\u00e9dric | Chef d'agr\u00e8s FDF q FDF 2\"LEFOL Geoffroy ' / Chef d'agr\u00e8s FDF L FDF 2 iLEFRANC Nicolas o | Chef d'agr\u00e8s FDF ' FDF 2LEGRAND S\u00e9bastien C Chefd'agr\u00e8sFDF - FDF2. LEONARD Dominique \" Chef d'agr\u00e8s FDF . FDF 2LERAT Alexandre e \u00ef Chef d'agr\u00e8s FDF | FDF 2 |* LOPES David Chef d'agr\u00e8s FDF e FDF 2 |LOUIS Thierry 0 : Chef d'agr\u00e9s FDF ) FDF 2MAIRE Johann T Chef d'agr\u00e8s FDF T EDE 2MANSOTTE Jean-Marc _ B Chef d'agr\u00e8s FDF _ FDF 2 SMARCEAU Xavier - Chef d'agr\u00e8s FDF ]  FOF2 3MARCOS Alex Chef d'agr\u00e8s FDF | FDF 2MARDAOUI Mouhssine | Chef d'agr\u00e8s FDF c FDF 2 |\" MARTY Yoann _ | \u2014 Chef d'agr\u00e8s FOF FDF 2MAUR Christophe _ ' Chef d'agr\u00e8s FDF ) FDF 2 |! MAUROY Anthony o | Chef d'agr\u00e8s FDF FDF 2\" MEHAULT Ga\u00ebtan | Chef d'agr\u00e8s FDF L FDF 2MELOT Christophe \u2014 | Chef d'agr\u00e8s FDF 1- FDF 2MENELOT Patrick _ Chef d'agr\u00e9s FDF ' FDF 2MERME Christophe | Chef d'agr\u00e8s FDF FDF 2MIGNOT Emmanuel \" Chef d'agr\u00e8s FDF FDF 2; MONTCHARMONT Thomas - Chefd'agr\u00e8s FDF | FOF2 \u2014MOREAU Franck 0 Chef d'agr\u00e8s FDF FDF 2 oMORELOT Eric L Chef d'agr\u00e8s FDF | C FDF2MORINEAU Damien S Chef d'agr\u00e8s_EDF FDF 2' MOTUS Julien L Chef d'agr\u00e9s FDF | | FDF 2| NAUDET Etienne Chef d'agr\u00e8s FDF T FOF 2 |, NESME K\u00e9vin - Chef d'agr\u00e8s FDF ; FDF 2[ NICOLAS Michel - Chef d'agr\u00e8s FDF | C FDF2 |\" NOUR Yassine N  Chef d'agr\u00e8s FDF e FDF 2 || PARANTFr\u00e9d\u00e9rie Chef d'agr\u00e8s FDF L FDF 2| PERU Christophe _ | Chef d'agr\u00e8s FDF o FDF 2| PETRIGNET Laurent Chef d'agr\u00e8s FDF C FDF 2PIGNET Christbphe L Chef d'agr\u00e8s FDF o FDF 2PIGNON S\u00e9bastien - Chefd'agr\u00e9s FDF 8 FOF2 -PIVEL Alexis 1 Chefd'agr\u00e8s FDF FDF2 \u2014- PRIN Richard 1 Chef d'agr\u00e8s FDF _ FDF2 E| PRUDHON R\u00e9gis | e Chef d'agr\u00e8s FDF | C FDF2RAIMBAULT Nicolas Chef d'agr\u00e9s FDF T FDF 2, REMBERT Thomas __ | Chef d'agr\u00e8s FDF C FDF2! REMONDGa\u00ebtan \u2014 Chef d'agr\u00e8s FDF e FDF 2RICHARD Christophe \u2014 Chef d'agr\u00e8s FDF 1 FOF2\" RICHARD Laurent _ Chefd'agr\u00e9s FDF _ | FOF 2SAADAAlexandre ' Chef d'agr\u00e8s FDF C FDF2SAGET Loic Q0 Chef d'agr\u00e8s FDF | FDF2\" SALLOT Julien - Chef d'agr\u00e8s FDF 0 FOF2SAMORI Laurent Chef d'agr\u00e8s FDF FDF 2\nNom Pr\u00e9nom Emploi et activit\u00e9 compl\u00e9mentaire Formation \nLAMBERT Jean-Robert Chef d'agr\u00e8s FDF FDF 2 \nLAUPRETRE Mathieu Chef d'agr\u00e8s FDF FDF 2 \nL LAVERDAN Jean-Paul Chef d'agr\u00e8s FDF FDF 2 \nLEBLOND Andy Chef d'agr\u00e8s FDF FDF 2 \nLE CARO C\u00e9dric Chef d'agr\u00e8s FDF FDF 2 \nLEFOL Geoffroy Chef d'agr\u00e8s FDF FDF 2 \nLEFRANC Nicolas Chef d'agr\u00e8s FDF FDF 2 \nLEGRAND S\u00e9bastien Chef d'agr\u00e8s FDF FDF 2 \ni_LEONARD Dominique Chef d'agr\u00e8s FDF FDF 2 \nLERAT Alexandre Chef d'agr\u00e8s FDF FDF 2 \nLOPES David Chef d'agr\u00e8s FDF FDF 2 \nLOUIS Thierry Chef d'agr\u00e8s FDF FDF 2 \nMAIRE Johann Chef d'agr\u00e8s FDF FDF 2 \nMANSOTTE Jean-Marc Chef d'agr\u00e8s FDF FDF 2 \nMARCEAU Xavier Chef d'agr\u00e8s FDF FDF 2 \nMARCOS Alex Chef d'agr\u00e8s FDF FDF 2 \nMARDAOUI Mouhssine Chef d'agr\u00e8s FDF FDF 2 \nMARTY Yoann Chef d'agr\u00e8s FDF FDF 2 \nL MAUR Christophe Chef d'agr\u00e8s FDF FDF 2 \nMAUROY Anthony Chef d'agr\u00e8s FDF FDF 2 \nMEHAULT Ga\u00e9tan Chef d'agr\u00e8s FDF FDF 2 \nMELOT Christophe Chef d'agr\u00e8s FDF FDF 2 \nMENELOT Patrick Chef d'agr\u00e8s FDF FDF 2 \nMERME Christophe Chef d'agr\u00e8s FDF FDF 2 \nMIGNOT Emmanuel Chef d'agr\u00e8s FDF FDF 2 \nMONTCHARMONT Thomas Chef d'agr\u00e8s FDF FDF 2 \nMOREAU Franck Chef d'agr\u00e8s FDF FDF 2 \nMORELOT Eric Chef d'agr\u00e8s FDF FDF 2 \nMORINEAU Damien Chef d'agr\u00e8s FDF FDF 2 \nMOTUS Julien Chef d'agr\u00e8s FDF FDF 2 \nNAUDET Etienne Chef d'agr\u00e8s FDF FDF 2 \nNESME K\u00e9vin Chef d'agr\u00e8s FDF FDF 2 \nNICOLAS Michel Chef d'agr\u00e8s FDF FDF 2 \nNOUR Yassine Chef d'agr\u00e8s FDF \t j FDF 2 \nPARANT Fr\u00e9d\u00e9ric Chef d'agr\u00e8s FDF FDF 2 \nPERU Christophe Chef d'agr\u00e8s FDF FDF 2 \nPETRIGNET Laurent Chef d'agr\u00e8s FDF FDF 2 \nPIGNET Christophe Chef d'agr\u00e8s FDF FDF 2 \nPIGNON S\u00e9bastien Chef d'agr\u00e8s FDF FDF 2 \nPIVEL Alexis Chef d'agr\u00e8s FDF FDF 2 \nPRIN Richard Chef d'agr\u00e8s FDF FDF 2 \nPRUDHON R\u00e9gis Chef d'agr\u00e8s FDF FDF 2 \nRAIMBAULT Nicolas Chef d'agr\u00e8s FDF FDF 2 \nREMBERT Thomas Chef d'agr\u00e8s FDF FDF 2 \nREMOND Gaetan Chef d'agr\u00e8s FDF FDF 2 \nRICHARD Christophe Chef d'agr\u00e8s FDF FDF 2 \nRICHARD Laurent Chef d'agr\u00e8s FDF FDF 2 \nSAADA Alexandre Chef d'agr\u00e8s FDF FDF 2 \nSAGET Lo\u00efc Chef d'agr\u00e8s FDF FDF 2 \nSALLOT Julien Chef d'agr\u00e8s FDF FDF 2 \nSAMORI Laurent Chef d'agr\u00e8s FDF FDF 2 \nSDIS de C\u00f4te-d'Or - 21-2024-01-30-00013 - 2024_Liste d'aptitude op\u00e9rationnelle Feu de For\u00eat 113\n; __ Nom Pr\u00e9nom J Emploi et activit\u00e9 compl\u00e9mentaire- Formation... SCHMIDT C\u00e9dric \" Chef d'agr\u00e8s FDF FDF2! SIERRA Mika\u00ebl Chef d'agr\u00e8s FDF e FDF 2SILVESTRE St\u00e9phane \" Chef d'agr\u00e8s FDF C FDF2 c\u00cb SIMON Jean-Baptiste Chef d'agr\u00e8s FDF - FDF2 -\" SIRANDRE Thomas i Chef d'agr\u00e8s_l;DF FISF_Z|SOLDATENKOFF Nicolas | Chef d'agr\u00e8s FDF | FDF 2 .| SPACZEK Rudy q Chef d'agr\u00e8s FDF | FDF 2 |SUCHETET Didier | Chef d'agr\u00e8s FDF | FOF2 .THIBEAULT Laurent . Chef d'agr\u00e8s FDF | FDF 2 - \u2014\u2014\u2014i' THOMAS Christophe ; Chef d'agr\u00e8s FDF | FDF 2 |il_THOMAS Guilhem _ Chef d'agr\u00e8s FDF | FDF 2 ;| TILLIER Herv\u00e9 | Chef d'agr\u00e8s FDF FDF 2 || TRITZ Fr\u00e9d\u00e9ric C Chefd'agr\u00e8sFDF | FDF 2| VADOT Michel | Chef d'agr\u00e8s FDF | FDF 2 |* VADOT Thierry | \" Chef d'agr\u00e8s FDF | FDF 2 ]| VAILLE Olivier __ | Chef d'agr\u00e8s FDF | \" FDF2 o| VAXILLAIRE Yann | Chef d'agr\u00e8s FDF | C FDF2 -L VERREYCyl | Chef d'agr\u00e9s FDF | FOF2 |: VIARDOT Aur\u00e9lien Z | Chef d'agr\u00e8s FDF FDF 2 ' uVILBOUX Romain Chefd'agr\u00e8s FDF FDF 2 |; VILLEGAS Herv\u00e9 Chef d'agr\u00e8s FDF FDF 2 |VIVIEN Jo\u00ebl Chefd'agr\u00e8s FDF FDF 2\" XHAARD-BOLLON Sabine | Chef d'agr\u00e9s FDF - FDF 2| ALIN Joslin ' Equipier FDF FDF1ANNEN Florian | Equipier FDF FOF1\" AUBRY Christophe ' Equipier FDF : FDF 1; AUVERT Antonin \u00c7 ' Equipier FDF : FDF 1 |BAILLIET Jason |  Equipier FDF FDF 1 |! BAILLY St\u00e9phane T  Equipier FOF L FDF1; BARATA MINHOS Lionel | Equipier FDF FDF 1| BARDET Mathieu | Equipier FDF FDF 1\" BARGEOT Cyri ' Equipier FDF | FDF 1 |\" BAUDEGARD Romain ' Equipier FDF FDF 1| BEAU Yoann Equipier FDF FDF 1 || BECOUZE Pierre Equipier FDF ' FDF 1 :BECQUET J\u00e9r\u00e9my EquipierFDF \u2014 | FDF 1\" BELDILMI Gilles Equipier FDF _ : FDF 1\" BERSCHEID Anthony Equipier FDF_ FOF1BERTHENET Meivyn Equipier FDF FDF 1 -\" BEUTHOT Christophe Equipier FDF FDF1 \u2014* BIDAULT Richard | \u2014 Equipier FDF FDF1BIEBER Corentin Equipier FDF FDF 1BILLARD Alexis 0  Equipier FDF FDF1BLANC Eric C Equipier FDF FDF 1BLARDONE Charles Equipier FDF FDF 1BOISSY Philippe 5 Equipier FDF | FDF1\" BONNARD Matthieu \" Equipier FDF FDF 1BONNARD Valentin Equipier FDF FDF 1BONNASSIEUX J\u00e9r\u00e9m'y Equipier FDF ' FDF 1\" BORDETTh\u00e9o _ Equipier FDF FDFE1 -| BOUCHEROT Fabien Equipier FDF FDF1 \u2014\nNom Pr\u00e9nom \t j Emploi et activit\u00e9 compl\u00e9mentaire\u2022 Formation \nSCHMIDT C\u00e9dric Chef d'agr\u00e8s FDF FDF 2 \nSIERRA Mika\u00ebl Chef d'agr\u00e8s FDF FDF 2 \nSILVESTRE St\u00e9phane Chef d'agr\u00e8s FDF FDF 2 \nSIMON Jean-Baptiste Chef d'agr\u00e8s FDF FDF 2 \nSIRANDRE Thomas Chef d'agr\u00e8s FDF FDF 2 \nSOLDATENKOFF Nicolas Chef d'agr\u00e8s FDF FDF 2 \nRPACZEK Rudy Chef d'agr\u00e8s FDF FDF 2 \nSUCHETET Didier Chef d'agr\u00e8s FDF FDF 2 \nTHIBEAULT Laurent Chef d'agr\u00e8s FDF FDF 2 \nTHOMAS Christophe Chef d'agr\u00e8s FDF FDF 2 \nTHOMAS Guilhem Chef d'agr\u00e8s FDF FDF 2 \nI \t TILLIER Herv\u00e9 Chef d'agr\u00e8s FDF FDF 2 \nTRITZ Fr\u00e9d\u00e9ric Chef d'agr\u00e8s FDF \t j FDF 2 \n, VADOT Michel Chef d'agr\u00e8s FDF FDF 2 \nVADOT Thierry Chef d'agr\u00e8s FDF FDF 2 \nVAILLE Olivier Chef d'agr\u00e8s FDF FDF 2 \nVAXILLAIRE Yann Chef d'agr\u00e8s FDF FDF 2 \nVERREY Cyril Chef d'agr\u00e8s FDF FDF 2 \nVIARDOT Aur\u00e9lien Chef d'agr\u00e8s FDF FDF 2 \nVILBOUX Romain Chef d'agr\u00e8s FDF FDF 2 \nVILLEGAS Herv\u00e9 Chef d'agr\u00e8s FDF FDF 2 \nVIVIEN Jo\u00ebl Chef d'agr\u00e8s FDF FDF 2 \nXHAARD-BOLLON Sabine Chef d'agr\u00e8s FDF FDF 2 \nALIN Joslin Equipier FDF FDF 1 \nANNEN Florian Equipier FDF FDF 1 \nAUBRY Christophe Equipier FDF FDF 1 \nAUVERT Antonin Equipier FDF FDF 1 \nBAILLIET Jason Equipier FDF FDF 1 \nBAILLY St\u00e9phane Equipier FDF FDF 1 \nBARATA MINHOS Lionel Equipier FDF FDF 1 \nBARDET Mathieu Equipier FDF FDF 1 \nBARGEOT Cyril Equipier FDF FDF 1 \nBAUDEGARD Romain Equipier FDF FDF 1 \nBEAU Yoann Equipier FDF FDF 1 \nBECOUZE Pierre Equipier FDF FDF 1 \nBECQUET J\u00e9r\u00e9my Equipier FDF FDF 1 \nBELDILMI Gilles Equipier FDF FDF 1 \nBERSCHEID Anthony Equipier FDF FDF 1 \nBERTHENET Meivyn Equipier FDF FDF 1 \nBEUTHOT Christophe Equipier FDF FDF 1 \nBIDAULT Richard Equipier FDF FDF 1 \nBIEBER Corentin Equipier FDF FDF 1 \nBILLARD Alexis Equipier FDF FDF 1 \nBLANC Eric Equipier FDF FDF 1 \nBLARDONE Charles Equipier FDF FDF 1 \nBOISSY Philippe Equipier FDF FDF 1 \nBONNARD Matthieu Equipier FDF FDF 1 \nBONNARD Valentin Equipier FDF FDF 1 \nBONNASSIEUX J\u00e9r\u00e9my Equipier FDF FDF 1 \nBORDET Th\u00e9o Equipier FDF FDF 1 \nBOUCHEROT Fabien Equipier FDF FDF 1 \nSDIS de C\u00f4te-d'Or - 21-2024-01-30-00013 - 2024_Liste d'aptitude op\u00e9rationnelle Feu de For\u00eat 114\nNom Pr\u00e9nom' Emploi et activit\u00e9 compl\u00e9mentaire | \u2014\" _Formation/ BOUCHEROT Ga\u00ebtan Equipier FDF FDF 1' BOUCHEROT Jessica _ Equipier FOF | FDF1\" BOUCHEROT Maxime Equipier FDF n FDF 1 C0;BOUQUET J\u00e9r\u00f4me 0 Equipier FDF | C FDF1 \u2014 !!BOURGEOIS Elodie | Equipier FDF | CFDF1 |, BOURGETEL Sylvain Equipier FDF ' FDF 1| BOUSSARD Anthony | Equipier FDF FDF 1\" BOUTIER Charles e Equipier FDF B FDF 1-BOUTIN L\u00e9o A Equipier FDF CFDF1 5| BOUVIER St\u00e9phane \u00b0 Equipier FDF FDF 1BOUVOT Jayson Equipier FDF FDF 1| BREBEL Julie Equipier FDF _ FDF 1' BREUILPawl ; Equipier FOF FDF1BRICHETEAU Florian | Equipier FDF s0 FDF 1| BRIDON Fran\u00e7ois i Equipier FDF ' FDF1\" BRIYS Ludovic 4 Equipier FDF E FDF1\" BRULEY Baptiste | Equipier FDF | FDF1! BRULEY Romain - Equipier FDF FDF 1 Q\" BRUNET Morgan q Equipier FDF FDF 1 o; BUATOIS Dylan : Equipier FDF FDF1| BUCZEK Alexis | \" Equipier FDF FDF 1CAGNE Gaetan E \" Equipier FOF FDF 1| CAMUS David 1 Equipier FDF FDF 1 || CAMUSET J\u00e9r\u00f4me - Equipier FDF | FDF1 \u2014 ECANAL Amandine S Equipier FOF | C FDF1 |- CARBILLET Th\u00e9o 1- Equipier FDF E FDF 1 !i CASEIRO Gr\u00e9gory | Equipier FDF e | FDF 1 ;\" CAZENAVE Sandra : Equipier FDF | FDF 1CHAINARD J\u00e9r\u00e9my | Equipier FDF \u2014 | FDF1' CHAKRI Tarik : Equipier FDF FDF 1\" CHAPOVALOEF Alexis Equipier FDF | FDF 1 |\" CHAUMET Emmanuel Equipier FDF ' l FDF 1 'CHEVALIER Victor Equipier FDF FDF 1\" CHEVALLIER Yannick Equipier FDF FDF1\" CHEVASSON Antoine L Equipier FDF | FDF 1CHIFFLOT Pierre \" Equipier FDF FDF 1 |\" CHIPEAUX C\u00e9dric Equipier FDF FDF1 \u2014CHOAIN Cyril - - Equipier FDF C FDF1 \u2014CLERC Damien Equipier FOF ' FDF 1 uCLERC Jean-Baptiste Equipier FDF S FDF 1\" CLETC\u00e9cile | Equipier FDF ' FDF1COISPINE Romain Equipier FDF ) FDF 1COLAS Micka\u00ebl \u00b0 Equipier FDF FDF 1\"COLOMBO Jean-Christophe Equipier FDF _ FDF1COMBES Cl\u00e9ment ' Equipier FDF FDF1COMMARET Guillaume _ - Equipier FDF \" FDF 1\" CORDON Hugo | Equipier FDF S FDF1\" CORDON Maxime Equipier FDF FDF 1COUDRET David \" Equipier FDF FDF1 -COURBEZ Thierry | Equipier FOF 1  FDF4COUTACHOT ) FDF 1COUTACHOT S\u00e9bastien Equipier FDF\nNom Pr\u00e9nom Emploi et activit\u00e9 compl\u00e9mentaire Formation \nBOUCHEROT Ga\u00e9tan Equipier FDF FDF 1 \nBOUCHEROT Jessica Equipier FDF FDF 1 \nBOUCHEROT Maxime Equipier FDF FDF 1 \nBOUQUET J\u00e9r\u00f4me Equipier FDF FDF 1 \nBOURGEOIS Elodie Equipier FDF FDF 1 \nBOURGETEL Sylvain Equipier FDF FDF 1 \nBOUSSARD Anthony Equipier FDF FDF 1 \nBOUTIER Charles Equipier FDF FDF 1 \nBOUTIN L\u00e9o Equipier FDF FDF 1 \nBOUVIER St\u00e9phane Equipier FDF FDF 1 \nBOUVOT Jayson Equipier FDF FDF 1 \nBREBEL Julie Equipier FDF FDF 1 \nBREUIL Paul Equipier FDF FDF 1 \nBRICHETEAU Florian Equipier FDF FDF 1 \nBRIDON Fran\u00e7ois Equipier FDF FDF 1 \nBRIYS Ludovic Equipier FDF FDF 1 \nBRULEY Baptiste Equipier FDF FDF 1 \nBRULEY Romain Equipier FDF FDF 1 \nBRUNET Morgan Equipier FDF FDF 1 \nBUATOIS Dylan Equipier FDF FDF 1 \nBUCZEK Alexis Equipier FDF FDF 1 \nCAGNE Ga\u00e9tan Equipier FDF FDF 1 \nCAMUS David Equipier FDF FDF 1 \nCAMUSET J\u00e9r\u00f4me Equipier FDF FDF 1 \nCANAL Amandine Equipier FDF FDF 1 \nCARBILLET Th\u00e9o Equipier FDF FDF 1 \nCASEIRO Gregory Equipier FDF FDF 1 \nCAZENAVE Sandra Equipier FDF FDF 1 \nCHAINARD J\u00e9r\u00e9my Equipier FDF FDF 1 \nCHAKRI Tarik Equipier FDF FDF 1 \nCHAPOVALOFF Alexis Equipier FDF FDF 1 \nCHAUMET Emmanuel Equipier FDF FDF 1 \nCHEVALIER Victor Equipier FDF FDF 1 \nCHEVALLIER Yannick Equipier FDF FDF 1 \nCHEVASSON Antoine Equipier FDF FDF 1 \nCHIFFLOT Pierre Equipier FDF FDF 1 \nCHIPEAUX C\u00e9dric Equipier FDF FDF 1 \nCHOAIN Cyril Equipier FDF FDF 1 \nCLERC Damien Equipier FDF FDF 1 \nCLERC Jean-Baptiste Equipier FDF FDF 1 \nCLET C\u00e9cile Equipier FDF FDF 1 \nCOISPINE Romain Equipier FDF FDF 1 \nCOLAS Micka\u00e9l Equipier FDF FDF 1 \nCOLOMBO Jean-Christophe Equipier FDF FDF 1 \nCOMBES Cl\u00e9ment Equipier FDF FDF 1 \nCOMMARET Guillaume Equipier FDF FDF 1 \nCORDON Hugo Equipier FDF FDF 1 \nCORDON Maxime Equipier FDF FDF 1 \nCOUDRET David Equipier FDF FDF 1 \nCOURBEZ Thierry Equipier FDF FDF 1 \nCOUTACHOT S\u00e9bastien Equipier FDF FDF 1 \nSDIS de C\u00f4te-d'Or - 21-2024-01-30-00013 - 2024_Liste d'aptitude op\u00e9rationnelle Feu de For\u00eat 115\nNom Pr\u00e9nomEmploi et activit\u00e9 compl\u00e9mentaire | _ 'Formation\" coz Paul Equipier FDF | FDF 1\" COZ Pierre , Equipier FDF FDF 1 |\" CROTTI Corentin R Equipier FDF FDF 1\" CURE Franck \u00c7 Equipier FDF ! FDF 1; DA ROCHA Florent | \" Equipier FDF L  FDF1 u; DA ROCHA Julie : Equipier FDF | FDF 1. DALAUDIERE Nicolas | : Equipier FDF | FDF 1! DAUD Jean-Baptiste Equipier FDF | FDF1\" DE PIZZOL Geoffroy f Equipier FDF | FDF1. DEGUIN Gaylord | \u2014 Equipier FDF | FDF 1 4! DELOLME Bruno \u2014 ; Equipier FDF | FDF 1, DELPIT Geoffrey ' Equipier FDF ) _i FDF1| DEMANDRE Micka\u00ebl EquipierFDF | | FDF1* DEMARCH Johann 1S Equipier FDF | FDF 1; DENIEL Jordan T Equipier FDF ; FDF 1[ DERY Micka\u00ebl Equipier FDF B FDF 1 |\" DESSEREY Gilles | Equipier FDF | FDF 1. DEVAUX Jean-Christophe Equipier FDF FDF1\" DILLENSEGER Cl\u00e9ment | Equipier FDF FDF 1 |DONNET Dominique Equipier FDF FDF 1| DOUSSOT Emilien Equipier FDF FDF 1\" DRU Guillaume \" Equipier FDF C FDF1. DUBOIS C\u00e9dric Equipier FDF FOF1| DUCHESNE Bertrand Equipier FDF C FDF1 0\" DUMONT Quentin Equipier FDF FDF1DURAND Fioian Q10 Equipier FDF | FDF 1; DUTHU Christophe 0 Equipier FDF FDF1' DUTHU Julien ' ) Equipier FDF \u00e2 FDF 1DUTHU Romain Q \u2014 | Equipier FDF FDF1. FABER Thomas | Equipier FDF FDF 1\" FAIVRE Lucas | Equipier FDF | FDF1\" FAUCHARD C\u00e9dric | Equipier FDF FDF1FEUGERE Ma\u00ebl \u2014 Equipier FDF E | FDF 1| FIEVET Aur\u00e9lien | Equipier FDF FDF 1| FLET Am\u00e9lie EquipierFDF \u2014 FDF1 \u2014\" FOISSEY Bastien \" Equipier FDF CFDF1 1\" FOND K\u00e9vin \" Equipier FDF FOF1FOUTELET Christian \" Equipier FDF ' FDF 1FOUTELET Jo\u00ebl EquipierFDF - FDF 1FROIDUROT Thibaut L Equipier FDF FOF 1GACECK Ludovic L  Equipier FDF FDF 1GANDROT L\u00e9o - Equipier FDF FDF 1\" GARNIER Nicolas Equipier FDF| FDF1GAUTHERON Gr\u00e9gory Equipier FDF ' FDF 1\" GAUTHEY Eric Equipier FDF FDF1 -GAUTHIER Alain Equipier FDF FDF 1GAY Ma\u00eflys L  ' Equipier FDF FDF 1GELIN Gr\u00e9gory e Equipier FDF ' FDF 1\" GELINOTTE Steeve Equipier FDF _ FOF1\"GEORGES Maxime Equipier FDF C FDF1GERMAIN Etienne _ Equipier FDF ' FDF 1\nNom Pr\u00e9nom Emploi et activit\u00e9 compl\u00e9mentaire Formation \nCOZ Paul Equipier FDF FDF 1 \nCOZ Pierre Equipier FDF FDF 1 \nCROTTI Corentin Equipier FDF FDF 1 \nCURE Franck Equipier FDF FDF 1 \nDA ROCHA Florent Equipier FDF FDF 1 \nDA ROCHA Julie Equipier FDF FDF 1 \nDALAUDIERE Nicolas Equipier FDF FDF 1 \nDAUD Jean-Baptiste Equipier FDF FDF 1 \nDE PIZZOL Geoffroy Equipier FDF FDF 1 \nDEGUIN Gaylord Equipier FDF FDF 1 \nDELOLME Bruno Equipier FDF FDF 1 \nDELPIT Geoffrey Equipier FDF FDF 1 \nDEMANDRE Micka\u00e9l Equipier FDF FDF 1 \nDEMARCH Johann Equipier FDF FDF 1 \nDENIEL Jordan Equipier FDF FDF 1 \nDERY Micka\u00e9l Equipier FDF FDF 1 \nDESSEREY Gilles Equipier FDF FDF 1 \nDEVAUX Jean-Christophe Equipier FDF FDF 1 \nDILLENSEGER Cl\u00e9ment Equipier FDF FDF 1 \nDONNET Dominique Equipier FDF FDF 1 \nDOUSSOT Emilien Equipier FDF FDF 1 \nDRU Guillaume Equipier FDF FDF 1 \nDUBOIS C\u00e9dric Equipier FDF FDF 1 \nDUCHESNE Bertrand Equipier FDF FDF 1 \nDUMONT Quentin Equipier FDF FDF 1 \nDURAND Florian Equipier FDF FDF 1 \nDUTHU Christophe Equipier FDF FDF 1 \nDUTHU Julien Equipier FDF FDF 1 \nDUTHU Romain Equipier FDF FDF 1 \nFABER Thomas Equipier FDF FDF 1 \nFAIVRE Lucas Equipier FDF FDF 1 \nFAUCHARD C\u00e9dric Equipier FDF FDF 1 \nFEUGERE Ma\u00ebl Equipier FDF FDF 1 \nFIEVET Aur\u00e9lien Equipier FDF FDF 1 \nFLETAm\u00e9lie Equipier FDF FDF 1 \nFOISSEY Bastien Equipier FDF FDF 1 \nFOND K\u00e9vin Equipier FDF FDF 1 \nFOUTELET Christian Equipier FDF FDF 1 \nFOUTELET Jo\u00ebl Equipier FDF FDF 1 \nFROIDUROT Thibaut Equipier FDF FDF 1 \nGACECK Ludovic Equipier FDF FDF 1 \nGANDROT L\u00e9o Equipier FDF FDF 1 \nGARNIER Nicolas Equipier FDF FDF 1 \nGAUTHERON Gr\u00e9gory Equipier FDF FDF 1 \nGAUTHEY Eric Equipier FDF FDF 1 \nGAUTHIER Alain Equipier FDF FDF 1 \nGAY Ma\u00eflys Equipier FDF FDF 1 \nGELIN Gr\u00e9gory Equipier FDF FDF 1 \nGELINOTTE Steeve Equipier FDF FDF 1 \nGEORGES Maxime Equipier FDF FDF 1 \nGERMAIN Etienne Equipier FDF FDF 1 \nSDIS de C\u00f4te-d'Or - 21-2024-01-30-00013 - 2024_Liste d'aptitude op\u00e9rationnelle Feu de For\u00eat 116\nNom Pr\u00e9nom Formation -\" GERVAIS Romain Equipier FDF FDF1GILLOT Adrien e Equipier FDF FDF 1/ GIRARDOT Fr\u00e9d\u00e9ric \u00b0 Equipier FDF o FDF 1 [\" GIRARDOT Jonathan | \" Equipier FDF e FDF1\" GOMES-MARTINS Baptiste _ | Equipier FDF FDF1 \u2014! GONCALVES Samuel EquipierFDF _ FDF 1 qGOUJON S\u00e9bastien u Equipier FDF FDF 1; GOUX Antonin _ | \" Equipier FDF ' FDF 1 |\" GRANDMicka\u00e6\u00ebl Equipier FDF C FDF1 5- GRILLON Lise Equipier FDF_ FOF1| GROSGOJAT Steven EquipierFDF _ FDF 1GUERIN David N Equipier FDF FDF 1| GUERIN Maxime Equipier FDF FDF1\" GUILLOU Valentin ; Equipier FDF FDF 1, GUYOT Baptiste Equipier FDF FDF1| HASELBAUER Julien \" Equipier FDF FDF1- HOBENICHE Anthony | \" Equipier FDF L FDF 1 || HOFFERT Edwin _ Equipier FDF C FDF1HOSTALIER Antoine ' Equipier FDF o FDF 1 _| INTILIA Damien o Equipier FDF FDF 1 || JARLAUD Maxime ; Equipier FDF FDF 1 ;. JOIE Romain Equipier FDF FDF 1 u ;' JOMAS Eymeric 1 ' Equipier FDF 5 FDF-1_ |LHOSTE J\u00e9r\u00f4me | Equipier FDF_ FDF1 \u2014 c0; LABEAUNE Math\u00e9o Equipier FDF C FDF1! LAGRANGE Thibaut | Equipier FDF e FDF1LALLEMAND Mathieu Equipier FDF u FDF 1| LAMBERT Cl\u00e9ment u Equipier FDF FDF1\" LAMY Sylvain q Equipier FDF FDF 1 |\" LARGEOT Adrien E Equipier FDF FDF 1 |LAURENT Fabien S Equipier FDF FDF 1 || LAURENT Micka\u00ebl L Equipier FDF FDF1LE CARO Ang\u00e9lique ; Equipier FDF FDF 1\u00ce_L;\u00cb\"\u00d4ARO Jordan Equipier FDF FDF 1. LEDUCQ Coleen Equipier FDF FDF 1LERAT-JOBARD Baptiste ? Equipier FDF FDF 1 -\" LESSARTJonathan _ Equipier FDF _ FDF1 \u2014LIORET Christophe Equipier FDF \u2014 FDF1 BLONGOBUCCO Fran\u00e7ois Equipier FDF FDF1 \u2014LOPES Valentin C Equipier FDF FDF 1\" LOUET Yann - Equipier FDF FDF 1\" LUCAS K\u00e9vin ' Equipier FDF FOF 1MACHADO Damien ' Equipier FDF FDF 1MAGGIOTI'O Laurent Equipier FDF FDF 1MANCINI Christophe B Equipier FDF FDF 1MANCINI Nicolas _ Equipier FDF FDF1_MANGEMATIN Amaury \" Equipier FDF FDF1_MARATRAY Brandon ' c Equipier FDF FDF 1MARTIN Alexis Equipier FDF FDF1MARTIN Charlie Equipier FDF FDF 1m Equipier FDF E FDF 1 oMARZAK Amir\nNom Pr\u00e9nom Emploi et activit\u00e9 compl\u00e9mentaire Formation \nGERVAIS Romain Equipier FDF FDF 1 \nGILLOT Adrien Equipier FDF FDF 1 \nGIRARDOT Fr\u00e9d\u00e9ric Equipier FDF FDF 1 \nGIRARDOT Jonathan Equipier FDF FDF 1 \nGOMES-MARTINS Baptiste Equipier FDF FDF 1 \nGONCALVES Samuel Equipier FDF FDF 1 \nGOUJON S\u00e9bastien Equipier FDF FDF 1 \nGOUX Antonin Equipier FDF FDF 1 \nGRAND Micka\u00ebl Equipier FDF FDF 1 \nGRILLON Lise Equipier FDF FDF 1 \nGROSGOJAT Steven Equipier FDF FDF 1 \nGUERIN David Equipier FDF FDF 1 \nGUERIN Maxime Equipier FDF FDF 1 \nGUILLOU Valentin Equipier FDF FDF 1 \nGUYOT Baptiste Equipier FDF FDF 1 \nHASELBAUER Julien Equipier FDF FDF 1 \nHOBENICHE Anthony Equipier FDF FDF 1 \n' HOFFERT Edwin Equipier FDF FDF 1 \nHOSTALIER Antoine Equipier FDF FDF 1 \nINTILIA Damien Equipier FDF FDF 1 \nJARLAUD Maxime Equipier FDF FDF 1 \nJOIE Romain Equipier FDF FDF 1 \nJOMAS Eymeric Equipier FDF FDF 1 \nL'HOSTE J\u00e9r\u00f4me Equipier FDF FDF 1 \nLABEAUNE Math\u00e9o Equipier FDF FDF 1 \nLAGRANGE Thibaut Equipier FDF FDF 1 \nLALLEMAND Mathieu Equipier FDF FDF 1 \nLAMBERT Cl\u00e9ment Equipier FDF FDF 1 \n' \t LAMY Sylvain Equipier FDF FDF 1 \nLARGEOT Adrien Equipier FDF FDF 1 \nLAURENT Fabien Equipier FDF FDF 1 \nLAURENT Micka\u00e9l Equipier FDF FDF 1 \nLE CARO Ang\u00e9lique Equipier FDF FDF 1 \nLE CARO Jordan Equipier FDF FDF 1 \nLEDUCQ Coleen Equipier FDF FDF 1 \nLERAT-JOBARD Baptiste Equipier FDF FDF 1 \nLESSART Jonathan Equipier FDF FDF 1 \nLIORET Christophe Equipier FDF FDF 1 \nLONGOBUCCO Fran\u00e7ois Equipier FDF FDF 1 \nLOPES Valentin Equipier FDF FDF 1 \nLOUET Yann Equipier FDF FDF 1 \nLUCAS K\u00e9vin Equipier FDF FDF 1 \nMACHADO Damien Equipier FDF FDF 1 \nMAGGIOTTO Laurent Equipier FDF FDF 1 \nMANCINI Christophe Equipier FDF FDF 1 \nMANCINI Nicolas Equipier FDF FDF 1 \nMANGEMATIN Amaury Equipier FDF FDF 1 \nMARATRAY Brandon Equipier FDF FDF 1 \nMARTIN Alexis Equipier FDF FDF 1 \nMARTIN Charlie Equipier FDF FDF 1 \nMARZAK Amir Equipier FDF FDF 1 \nSDIS de C\u00f4te-d'Or - 21-2024-01-30-00013 - 2024_Liste d'aptitude op\u00e9rationnelle Feu de For\u00eat 117\nNom Pr\u00e9nomEmploi et activit\u00e9 compl\u00e9mentaireFormation _; MASSENOT Florian | Equipier FDF FDF 1C MAZUE Eddy | \" Equipier FDF u FDF1[ MEGARD Brice _ \" Equipier FDF B FOF1* MENAGE Christophe Equipier FDF 10 FDF1 -\"MERMAZ Emmanuel ' Equipier FDF FDF1 u|MEULNET Cyri Equipier FDF FDF 1* MICHEL K\u00e9vin Equipier FDF FDF 1\" MIGNOT VERGEOT C\u00e9dric Equipier FDF ' FDF 1 1! MIRESSI Nicolas 1 Equipier FDF FDF1 -MISSET S\u00e9bastien E Equipier FDF FDF 1 L  _;_MONSENERGUE Fabrice Equipier FDF FDF 1 !\" MONVAILLIER Julien Equipier FDF FDF1. MOUCHOUX Maxime Equipier FDF FDF1* MOUREAUX Anthony C Equipier FDF FDF1; MULLER Am\u00e9lie_ \" Equipier FDF | FDF 1 |; MUTEL Joris _ Equipier FDF | FDF 1 '\" MUTEL Loic | Equipier FDF FDF1; MUTINLudovic Equipier FDF C FDF4| NAUDET S\u00e9bastien_ | Equipier FDF o FDF1NAVAS-LOPEZ Axel , Equipier FDF FDF 1\u00cb_NECTOUX Corentin 1 Equipier FDF FDF 1\" NOEL Loic - | Equipier FDF FDF1 \u2014; OPET Jonathan | Equipier FDF | FDF 1 1! PACAUD-PEREIRA Mathieu | Equipier FDF FOF1PAINBLANC Steve _ Equipier FDF FDF 1- PAPEZ Julien | \" Equipier FDF - FDF 1| PARAT C\u00e9dric ' Equipier FDF e FDF 1 |PAYEBIN Alain | Equipier FDF ; FDF 1\" PAYSAN Augustin ! Equipier FDF FDF 1 |\"PEROT Olivier c Equipier FDF FDF 1 |\" PERRIN St\u00e9phane L | Equipier FDF FDF1 |PERRIN Vincent Equipier FDF FDF 1PE\u00ceIT Jean-Bernard ' Equipier FDF FDF 1\" PETIT-PIZZOLO Anthonin ) EquipierFDF Q FDF 1\" PETITOT Marc 1 Equipier FDF FOF 1 10PIATON Manuel ) Equipier FDF FDF 1 EPICARD J\u00e9r\u00e9my Equipier FDF FDF 1 SPIQUET Stefan \u2014 Equipier FDF FDF1PIRARD Vincent_ \" Equipier FDF FDF 1PITOISET julien Equipier FDF ' FDF 1 |PLAGNIARD Hugo Z Equipier FDF FDF 1\" PLAISIER J\u00e9r\u00e9my o Equipier FDF FDF1PORCHERAY Guillaume _ Equipier FDF FDF1 -| POUESSEL Wilfried L  Equipier FDF - FDF 1POUILLY Jean _ Equipier FDF FDF1 -POUILLY Mathieu\u2014 Equipier FOF - FfODF1POULLOT Maryne Equipier FDF FDF 1P\u00d4UPAULT Gaylord ' Equipier FDF FDF 1PRADO Micha\u00ebl _ - Equipier FDF FDF 1PREIONI Christian - Equipier FDF \" FDF1 -QUELLIER Philippe \" Equipier FOF FDF1\nNom Pr\u00e9nom Emploi et activit\u00e9 compl\u00e9mentaire Formation \nMASSENOT Florian Equipier FDF FDF 1 \nMAZUE Eddy Equipier FDF FDF 1 \nMEGARD Brice Equipier FDF FDF 1 \nMENAGE Christophe Equipier FDF FDF 1 \nMERMAZ Emmanuel Equipier FDF FDF 1 \nMEULNET Cyril Equipier FDF FDF 1 \nMICHEL K\u00e9vin Equipier FDF FDF 1 \nMIGNOT VERGEOT C\u00e9dric Equipier FDF FDF 1 \nMIRESSI Nicolas Equipier FDF FDF 1 \nMISSET S\u00e9bastien Equipier FDF FDF 1 \nMONSENERGUE Fabrice Equipier FDF FDF 1 \nMONVAILLIER Julien Equipier FDF FDF 1 \nMOUCHOUX Maxime Equipier FDF FDF 1 \nMOUREAUX Anthony Equipier FDF FDF 1 \nMULLER Am\u00e9lie Equipier FDF FDF 1 \nMUTEL Joris Equipier FDF FDF 1 \nMUTEL Lo\u00efc Equipier FDF FDF 1 \nMUTIN Ludovic Equipier FDF FDF 1 \nNAUDET S\u00e9bastien Equipier FDF FDF 1 \nNAVAS-LOPEZ Axel Equipier FDF FDF 1 \nNECTOUX Corentin Equipier FDF FDF 1 \nNOEL Lo\u00efc Equipier FDF FDF 1 \nOPET Jonathan Equipier FDF FDF 1 \nPACAUD-PEREIRA Mathieu Equipier FDF FDF 1 \nPAINBLANC Steve Equipier FDF FDF 1 \nPAPEZ Julien Equipier FDF FDF 1 \nPARAT C\u00e9dric Equipier FDF FDF 1 \nPAYEBIN Alain Equipier FDF FDF 1 \nPAYSAN Augustin Equipier FDF FDF 1 \nPEROT Olivier Equipier FDF FDF 1 \nPERRIN St\u00e9phane Equipier FDF FDF 1 \nPERRIN Vincent Equipier FDF FDF 1 \nPETIT Jean-Bernard Equipier FDF FDF 1 \nPETIT-PIZZOLO Anthon in Equipier FDF FDF 1 \nPETITOT Marc Equipier FDF FDF 1 \nPIATON Manuel Equipier FDF FDF 1 \nPICARD J\u00e9remy Equipier FDF FDF 1 \nPIQUET Stefan Equipier FDF FDF 1 \nPIRARD Vincent Equipier FDF FDF 1 \nPITOISET julien Equipier FDF FDF 1 \nPLAGNIARD Hugo Equipier FDF FDF 1 \nPLAISIER J\u00e9r\u00e9my Equipier FDF FDF 1 \nPORCHERAY Guillaume Equipier FDF FDF 1 \nPOUESSEL Wilfried Equipier FDF FDF 1 \nPOUILLY Jean Equipier FDF FDF 1 \nPOUILLY Mathieu Equipier FDF FDF 1 \nPOULLOT Maryne Equipier FDF FDF 1 \nPOUPAULT Gaylord Equipier FDF FDF 1 \nPRADO Micha\u00ebl Equipier FDF FDF 1 \nPREIONI Christian Equipier FDF FDF 1 \nQUELLIER Philippe Equipier FDF FDF 1 \nSDIS de C\u00f4te-d'Or - 21-2024-01-30-00013 - 2024_Liste d'aptitude op\u00e9rationnelle Feu de For\u00eat 118\n_Nom Pr\u00e9nomEmploi et activit\u00e9 compl\u00e9mentaire | _FormationFDF 1' QUENOT S_\u00e9bastien Equipier FDF\" RABUT Laurent_ Equipier FDF FDF1{ RAGEAUD Nathg\u00f1. ' Equipier FDF FDF 1\" RAILLARD Quentin _ Equipier FDF _ FDF1| REBOUL Simon \" Equipier FDF | FDF 1 || RENAUD David - Equipier FDF CFDF1 \u2014| RENAUD Lucas ' Equipier FDF FDF1| RICHARD Ludovic Equipier FDF FDF1RGOLOTGaEl T Equipier FDF _ | FDF1| RIMBEAULT Thomas Equipier FDF FDF1\" ROMERO ARANDIA Carlos Equipier FDF | FDF1ROMERO Laura . Equipier FDF | FDF1 Q\" ROSE Audric Equipier FDF FDF1| ROTH DIT BETTONI Guillaume 0 Equipier FDF FDF t| ROUGEGREZ Thomas Equipier FDF | FDF1| ROUHETTE Fr\u00e9d\u00e9ric ) Equipier FDF FDF1\" ROUILLON Benjamin Equipier FDF | FDF 1 || ROUILLON Philippe ' Equipier FOF _ FDF 1 |ROYER Julien Equipier FDF | FDF 1 |- ROYER K\u00e9vin ' Equipier FDF FDF1 \u2014 -RUDE Maxime e Equipier FDF FDF 1\" SAPIN Philippe \" Equipier FDF | FDF 1 |SARRAZINPauline \u2014 Equipier FDF | FOF1SEURIOT Guillaume | Equipier FDF | FDF 1\" SEVESTRE J\u00e9r\u00e9my Equipier FDF | | FDF1SIMONOT Chlo\u00e9 Equipier FDF ! FOF 1\" SIMONOT Cl\u00e9ment Equipier FDF FDF1SIVET Florent Equipier FDF FDF 1 ;STALL Paul Equipier FDF FDF 1 |\"TARTERET Cindy Equipier FDF FOF1; TAUBATY Vincent e \" Equipier FDF FDF1 7| TERRIER Nicolas Equipier FDF | FDF 1.TEYSSIER Anthony Equipier FDF | FDF1| THOMAS J\u00e9rome - Equipier FDF | FDF1TILLET J\u00e9r\u00f4me \" Equipier FDF FDF1; TILLIER Arthur \" Equipier FDF FDF1| TOLLISAnthony \u2014 Equipier FDF FDF1TOURRIER Eva _ Equipier FDF FDF1; TOUSSAINT Rudy Equipier FDF FDF1\" TRAME Romain Equipier FDF | FDF 1\u00caL}CHO\u00cfF Yoan e Equipier FDE FDF 1\" TURC Rapha\u00ebl Equipier FDF FDF 1 '* VADOT Pierre Thierry _ Equipier FDF FDF1 -\" VEFOND Sylvain Equipier FDF FDF1 \u2014 '. VELTEN Tony ' - Eauipief FDF FDF1_ eVERSCHAEVE Ludwig Equipier FDF FDF 1VIDON-BUTHION John ' Equipier FDF _ FDF1. VIGNEAU Anne-Claire - Equipier FDF FDF1VILLEGAS Baptiste_ Equipier FDF FDF1 _ SVOILLEQUIN Venceslas EquipierFDF _ FDF 1VUILLERMOT Damien \u00c9quipierFDF FDF 1\nNom Pr\u00e9nom Emploi et activit\u00e9 compl\u00e9mentaire Formation \nQUENOT S\u00e9bastien Equipier FDF FDF 1 \nRABUT Laurent Equipier FDF FDF 1 \nRAGEAUD Nathan Equipier FDF FDF 1 \nRAILLARD Quentin Equipier FDF FDF 1 \nREBOUL Simon Equipier FDF FDF 1 \nRENAUD David Equipier FDF FDF 1 \nRENAUD Lucas Equipier FDF FDF 1 \nRICHARD Ludovic Equipier FDF FDF 1 \nRIGOLOT Ga& Equipier FDF FDF 1 \nRIMBEAULT Thomas Equipier FDF FDF 1 \nROMERO ARANDIA Carlos Equipier FDF FDF 1 \nROMERO Laura Equipier FDF FDF 1 \nROSE Audric Equipier FDF FDF 1 \nROTH DIT BETTONI Guillaume Equipier FDF FDF 1 \nROUGEGREZ Thomas Equipier FDF FDF 1 \nROUHETTE Fr\u00e9d\u00e9ric Equipier FDF FDF 1 \nROUILLON Benjamin Equipier FDF FDF 1 \nROUILLON Philippe Equipier FDF FDF 1 \nROYER Julien Equipier FDF FDF 1 \nROYER K\u00e9vin Equipier FDF FDF 1 \nRUDE Maxime Equipier FDF FDF 1 \nSAPIN Philippe Equipier FDF FDF 1 \nSARRAZIN Pauline Equipier FDF FDF 1 \nSEURIOT Guillaume Equipier FDF FDF 1 \nSEVESTRE J\u00e9r\u00e9my Equipier FDF FDF 1 \nSIMONOT Chlo\u00e9 Equipier FDF FDF 1 \nSIMONOT Cl\u00e9ment Equipier FDF FDF 1 \nSIVET Florent Equipier FDF FDF 1 \nSTALL Paul Equipier FDF FDF 1 \nTARTERET Cindy Equipier FDF FDF 1 \nTAUBATY Vincent Equipier FDF FDF 1 \nTERRIER Nicolas Equipier FDF FDF 1 \nTEYSSIER Anthony Equipier FDF FDF 1 \nTHOMAS J\u00e9r\u00f4me Equipier FDF FDF 1 \nTILLET J\u00e9r\u00f4me Equipier FDF FDF 1 \nTILLIER Arthur Equipier FDF FDF 1 \nTOLUS Anthony Equipier FDF FDF 1 \nTOURRIER Eva Equipier FDF FDF 1 \nTOUSSAINT Rudy Equipier FDF FDF 1 \nTRAME Romain Equipier FDF FDF 1 \nTRUCHOT Yoan Equipier FDF FDF 1 \nTURC Rapha\u00ebl Equipier FDF FDF 1 \nVADOT Pierre Thierry Equipier FDF FDF 1 \nVEFOND Sylvain Equipier FDF FDF 1 \nVELTEN Tony Equipier FDF FDF 1 \nVERSCHAEVE Ludwig Equipier FDF FDF 1 \nVIDON-BUTHION John Equipier FDF FDF 1 \nVIGNEAU Anne-Claire Equipier FDF FDF 1 \nVILLEGAS Baptiste Equipier FDF FDF 1 \nVOILLEQUIN Venceslas Equipier FDF FDF 1 \nVUILLERMOT Damien Equipier FDF FDF 1 \nSDIS de C\u00f4te-d'Or - 21-2024-01-30-00013 - 2024_Liste d'aptitude op\u00e9rationnelle Feu de For\u00eat 119\nFormgtidhNom Pr\u00e9nom Emploi et adtivit\u00e9 cvompl\u00e9mentaire _ FDF1; WIRIG J\u00e9r\u00f4me Equipier FDF* R\u00e9f\u00e9rent de sp\u00e9cialit\u00e9 \u00ab lutte contre les feux de for\u00eats \u00bbArticle2 : Seuls les sapeurs-pompiers aptes \u00e0 la constitution des colonnes mobiles de secours (CMS)inscrits sur la liste d\u00e9finie en article 1, sont susceptibles d'\u00eatre engag\u00e9s sur des interventions en colonnesmobiles de secours \u00ab feux de for\u00eats \u00bb.Article 3 : Le sous-pr\u00e9fet, directeur de cabinet, et le directeur d\u00e9partemental des services d'incendie et desecours sont charg\u00e9s, chacun en ce qui le concerne, de l'ex\u00e9cution du pr\u00e9sent arr\u00eat\u00e9 qui sera publi\u00e9 aurecueil des actes administratifs de la pr\u00e9fecture de la C\u00f4te-d'Or.\nDijon, le 3 0 JAN, 2024\nLe pr\u00e9fet,Pour te Pr\u00e9fet et par d\u00e9l\u00e9gation,Le Sous-Pr\u00e9fet,Directeur de Cabmet\nO\nNom Pr\u00e9nom Emploi et activit\u00e9 compl\u00e9mentaire Formation \nWIRIG J\u00e9r\u00f4me \t Equipier FDF \t FDF 1 \n* R\u00e9f\u00e9rent de sp\u00e9cialit\u00e9 \u00ab lutte contre les feux de for\u00eats \u00bb \nArticle 2 : Seuls les sapeurs-pompiers aptes \u00e0 la constitution des colonnes mobiles de secours (CMS) \ninscrits sur la liste d\u00e9finie en article 1, sont susceptibles d'\u00eatre engag\u00e9s sur des interventions en colonnes \nmobiles de secours \u00ab feux de for\u00eats \u00bb. \nArticle 3 : Le sous-pr\u00e9fet, directeur de cabinet, et le directeur d\u00e9partemental des services d'incendie et de \nsecours sont charg\u00e9s, chacun en ce qui le concerne, de l'ex\u00e9cution du pr\u00e9sent arr\u00eat\u00e9 qui sera publi\u00e9 au \nrecueil des actes administratifs de la pr\u00e9fecture de la C\u00f4te-d'Or. \nDijon, le 3 0 JAN, 2024 \nLe pr\u00e9fet, \nPour le Pr\u00e9fet et par d\u00e9l\u00e9gation, \nLe Sous-Pr\u00e9fet, \nDirecteur de Cabinet \nOlivier GERSTL\u00c9 \nSDIS de C\u00f4te-d'Or - 21-2024-01-30-00013 - 2024_Liste d'aptitude op\u00e9rationnelle Feu de For\u00eat 120\nSDIS de C\u00f4te-d'Or\n21-2024-01-30-00014\n2024_Liste d'aptitude op\u00e9rationnelle Risques\nChimiques\nSDIS de C\u00f4te-d'Or - 21-2024-01-30-00014 - 2024_Liste d'aptitude op\u00e9rationnelle Risques Chimiques 121\nE!PREFETDE LA e v3 f olCOTE-D'OR SISLibert\u00e9\u00c9galit\u00e9 22 D Boulevard Winston ChurchillFraternit\u00e9 CS 16209 - 21 062 DIJON Cedex\nAffaire suivie par : sous-direction optimisation du potentiel op\u00e9rationnelSDIS 21 / service \u00e9quipes sp\u00e9cialis\u00e9esT\u00e9l : 03 80 11 27 87M\u00e9l : formation@sdis21.orgArr\u00eat\u00e9Portant sur la liste d'aptitude op\u00e9rationnelleUnit\u00e9 de lutte face aux risques chimiquesAnn\u00e9e 2024Le pr\u00e9fet de la C\u00f4te-d'OrVu le code g\u00e9n\u00e9ral des collectivit\u00e9s territoriales et particuli\u00e8rement l'article R 1424-54 ;Vu l'arr\u00eat\u00e9 du 6 mai 2000 modifi\u00e9 fixant les conditions d'aptitudes m\u00e9dicales des sapeurs-pompiers professionnels etvolontaires ;Vu l'arr\u00eat\u00e9 du 22 ao\u00fbt 2019 relatif aux formations des sapeurs-pompiers professionnels et volontaires ;Vu l'arr\u00eat\u00e9 du 15 juillet 2022 relatif \u00e0 la d\u00e9signation et aux missions des r\u00e9f\u00e9rents de sp\u00e9cialit\u00e9s mentionn\u00e9s \u00e0 l'articleR. 722-1 du code de la s\u00e9curit\u00e9 int\u00e9rieure ;Vu l'arr\u00eat\u00e9 pr\u00e9fectoral du 18 septembre 2020 fixant la liste des unit\u00e9s op\u00e9rationnelles sp\u00e9cialis\u00e9es ;Vu le r\u00e8glement op\u00e9rationnel du service d\u00e9partemental d'incendie et de secours de la C\u00f4te-d'Or en date du 06 octobre2021 ;Vu le SDACR approuv\u00e9 par arr\u00eat\u00e9 pr\u00e9fectoral n\u00b0 250 du 18 mai 2015 ;Vu le guide national de r\u00e9f\u00e9rence relatif aux risques chimiques ;Vu la participation des agents d\u00e9sign\u00e9s aux activit\u00e9s de formation de maintien et de perfectionnement des acquis ;Vu le nombre de conseiller technique risques chimiques (1), de conseiller technique risques biologiques (1), de chefs deCMIC (16), de chefs d'\u00e9quipe/\u00e9quipiers intervention RCH (64), de chefs d'\u00e9quipe/\u00e9quipiers reconnaissance RCH (26) ;Sur proposition de monsieur le directeur d\u00e9partemental des services d''incendie et de secours ;ARR\u00caTEArticle 1 : La liste annuelle d\u00e9partementale d'aptitude op\u00e9rationnelle des sapeurs-pompiers de l'unit\u00e9 \u00ab lutteface aux risques chimiques\u00bb du d\u00e9partement de la C\u00f4te-d'Or s'\u00e9tablit comme suit :Nom Pr\u00e9nom Emploi op\u00e9rationnel Formation |BOLTZ Bruno* Conseilie\u00e9:]?ni?qndgt\u00e9e risques | RCH4\nCHAUSSADE Thomas CO\"Se\"'\u00cb\u00c2\u00cf\u00cbI'c'\"\u0152: risques /ANDREUCCE'ITI Phlllppe F Chef de CMIC | RCH3\" BARGEOT Cyril \" Chef de CMIC Bons/5 7BIDAU Cyril I Chef de CMIC RCH 3BRILLET Jason \u00cf - ChefdeCMIC __ \" RCH3DENYS H\u00e9l\u00e8ne [ bn 'Chef de CMIC e g eDESCHAMPS Olivier ; - Chef de CMIC i 1 REH 3DOMBEK Chnstophe Chef de CMIC RCH 3\n111 \nPR\u00c9FET \nDE LA \nC\u00d4TE-D'OR \nLibert\u00e9 \n\u00c9galit\u00e9 \nFraternit\u00e9 \nez' \n22 D Boulevard Winston Churchill \nCS 16209 - 21 062 DIJON Cedex \n \nSDIS de la C\u00f4te-d'Or \nAffaire suivie par : sous-direction optimisation du potentiel op\u00e9rationnel \nSDIS 21 / service \u00e9quipes sp\u00e9cialis\u00e9es \nT\u00e9l : 03 80 11 27 87 \nM\u00e9l : formation@sdis21.org  \nArr\u00eat\u00e9 \nPortant sur la liste d'aptitude op\u00e9rationnelle \nUnit\u00e9 de lutte face aux risques chimiques \nAnn\u00e9e 2024 \nLe pr\u00e9fet de la C\u00f4te-d'Or \nVu le code g\u00e9n\u00e9ral des collectivit\u00e9s territoriales et particuli\u00e8rement l'article R 1424-54 ; \nVu l'arr\u00eat\u00e9 du 6 mai 2000 modifi\u00e9 fixant les conditions d'aptitudes m\u00e9dicales des sapeurs-pompiers professionnels et \nvolontaires ; \nVu l'arr\u00eat\u00e9 du 22 ao\u00fbt 2019 relatif aux formations des sapeurs-pompiers professionnels et volontaires ; \nVu l'arr\u00eat\u00e9 du 15 juillet 2022 relatif \u00e0 la d\u00e9signation et aux missions des r\u00e9f\u00e9rents de sp\u00e9cialit\u00e9s mentionn\u00e9s \u00e0 l'article \nR. 722-1 du code de la s\u00e9curit\u00e9 int\u00e9rieure ; \nVu l'arr\u00eat\u00e9 pr\u00e9fectoral du 18 septembre 2020 fixant la liste des unit\u00e9s op\u00e9rationnelles sp\u00e9cialis\u00e9es ; \nVu le r\u00e8glement op\u00e9rationnel du service d\u00e9partemental d'incendie et de secours de la C\u00f4te-d'Or en date du 06 octobre \n2021 ; \nVu le SDACR approuv\u00e9 par arr\u00eat\u00e9 pr\u00e9fectoral n\u00b0 250 du 18 mai 2015 ; \nVu le guide national de r\u00e9f\u00e9rence relatif aux risques chimiques ; \nVu la participation des agents d\u00e9sign\u00e9s aux activit\u00e9s de formation de maintien et de perfectionnement des acquis ; \nVu le nombre de conseiller technique risques chimiques (1), de conseiller technique risques biologiques (1), de chefs de \nCMIC (16), de chefs d'\u00e9quipe/\u00e9quipiers intervention RCH (64), de chefs d'\u00e9quipe/\u00e9quipiers reconnaissance RCH (26) ; \nSur proposition de monsieur le directeur d\u00e9partemental des services d'incendie et de secours ; \nARR\u00caTE \nArticle 1 : La liste annuelle d\u00e9partementale d'aptitude op\u00e9rationnelle des sapeurs-pompiers de l'unit\u00e9 \u00ab lutte \nface aux risques chimiques\u00bb du d\u00e9partement de la C\u00f4te-d'Or s'\u00e9tablit comme suit : \nNom Pr\u00e9nom Emploi op\u00e9rationnel \n \nFormation \n    \nBOLTZ Bruno * \nCHAUSSADE Thomas \nANDREUCCETTI Philippe \nConseiller technique risques \nchimiques \nConseiller technique risques \nbiologiques \nRCH 4 \nChef de CMIC \t RCH 3 \nBARGEOT Cyril \n \nChef de CMIC \t RCH 3 \n       \nBIDAU Cyril \nBRILLET Jason \nDENYS H\u00e9l\u00e8ne \nChef de CMIC \nChef de CMIC \nRCH 3 \nRCH 3 \nChef de CMIC \t RCH 3 \nDESCHAMPS Olivier \n \nChef de CMIC \nChef de CMIC \n \nRCH 3 \nRCH 3 \n \nDOMBEK Christophe \n   \nSDIS de C\u00f4te-d'Or - 21-2024-01-30-00014 - 2024_Liste d'aptitude op\u00e9rationnelle Risques Chimiques 122\nNom Pr\u00e9nomEmploi op\u00e9rationnelFormationDUVERNOIS Arnaud ' Chef de CMIC RCH 3; KRAWCZYK Nicolas | Chef de CMIC RCH3' PREIONI Christian | Chefdecmic | RCH 3\u2014 RENAUD Sandrine Chef de CMIC RCH 3 || ROUCHE St\u00e9phane Chef de CMIC \u2014 RCH3 |\\ SAUSSERET Jean-Michel _ \" Chef de CMIC RCH3SENOTAlexandre \u2014  Chef de CMIC RCH3THEUREL J\u00e9r\u00f4me Chef de CMIC RCH 3\" XHAARD-BOLLON Nicolas Chef de CMIC RCH 3 uANGUENOT Lucas Chef d'\u00e9quipe intervention RCH RCH2- BALLAIS Sylvain Chef d'\u00e9quipe intervention RCH RCH2- BAUDEGARD Marc Chef d'\u00e9quipe intervention RCH RCH 2| BELDJOUDI J\u00e9r\u00f4me Chef d'\u00e9quipe intervention RCH RCH 2| BERNASCONI Reynald Chef d'\u00e9quipe intervention RCH RCH 2\u00ceBOUCHER Thomas Chef d'\u00e9quipe intervention RCH _ ; RCH 2| BRIYS Ludovic , Chef d'\u00e9quipe intervention RCH _ RCH2\" BRULEY Jean-No\u00ebl | Chef d'\u00e9quipe intervention RCH | RCH 2; CALAFATO Alexandre | Chef d'equipe intervention RCH | RCH 2CAMUS David Chef d'\u00e9quipe intervention RCH RCH 2CARRE Cl\u00e9a Chef d'\u00e9quipe intervention RCH RCH2, CHABOT Benjamin L  Chef d'\u00e9quipe intervention RCH RCH 2' CHAMPDAVEINE David Chef d'\u00e9quipe intervention RCH | RCH 2' CHANUT Lilian ) Chef d'\u00e9quipe intervention RCH | RCH 2CHRETIEN Pierre Chef d'\u00e9quipe intervention RCH ' RCH2 )- DABRAINVILLE Geoffroy , Chef d'\u00e9quipe intervention RCH | RCH2| DESSENDRE Romain { \" Chef d'\u00e9quipe intervention RCH | RCH2DUMAS C\u00e9dric Chef d'\u00e9quipe intervention RCH RCH 2 0_ DURAND Florian | Chef d'\u00e9quipe intervention RCH RCH2DURAND Fr\u00e9d\u00e9ric i Chef d'\u00e9quipe intervention RCH RCH 2 f- DURAND Maxime Chef d'\u00e9quipe intervention RCH RCH2 |FOUTELET Jo\u00ebl - - Chef d'\u00e9quipe intervention RCH RCH 2 '\" GARMATUK Cyril Chef d'\u00e9quipe intervention RCH RCH2 \u2014; GEST Sylvain Chef d'\u00e9quipe intervention RCH RCH 2_ GILLOT Adrien Chef d'\u00e9quipe interventionRCH RCH 2 'GRAND Mtckael ' Chef d'equipe intervention RCH RCH 2 'HEDIEUX Patrtck Chef d'\u00e9quipe intervention RCH RCH2 _; HENNIENE Mohamed __\u20146Hefd \u00e9quipe intervention RCH RCH2JAUDAUX David Chef d'\u00e9quipe intervention RCH _ RCH2\u2014 JEANNIN S\u00e9bastien Chef d'\u00e9quipe mterventlon RCH R(_ZH_Z\u2014JOUVELOT Olivier Chef d'\u00e9quipe |ntervent|on RCH RCH2KA'RROUM Haklm Chef d'\u00e9quipe intervention RCH RCH 2LAGNIER Laurent _ Chef d'\u00e9quipe intervention RCH RCH 2\n_ ___-  rr\nLEGROS C\u00e9lineChef d'\u00e9quipe intervention RCH\nNom Pr\u00e9nom Emploi op\u00e9rationnel Formation \nBAUDEGARD Marc Chef d'\u00e9quipe intervention RCH RCH 2 \nDUVERNOIS Arnaud Chef de CMIC \t RCH 3 \nRCH 3 \nRCH 3 Chef de CMIC PREIONI Christian \nRENAUD Sandrine Chef de CMIC \t RCH 3 \nROUCHE St\u00e9phane Chef de CMIC \t RCH 3 \nSAUSSERET Jean-Michel Chef de CMIC \t RCH 3 \nBELDJOUDI J\u00e9r\u00f4me Chef d'\u00e9quipe intervention RCH \t RCH 2 \nBERNASCONI Reynald Chef d'\u00e9quipe intervention RCH \t RCH 2 \nBOUCHER Thomas Chef d'\u00e9quipe intervention RCH \t RCH 2 \nBRIYS Ludovic Chef d'\u00e9quipe intervention RCH \t RCH 2 \nBRULEY Jean-No& Chef d'\u00e9quipe intervention RCH \t RCH 2 \nCALAFATO Alexandre Chef d'\u00e9quipe intervention RCH \t RCH 2 \nDABRAINVILLE Geoffroy Chef d'\u00e9quipe intervention RCH \t RCH 2 \nDESSENDRE Romain Chef d'\u00e9quipe intervention RCH \t RCH 2 \nDUMAS C\u00e9dric Chef d'\u00e9quipe intervention RCH \t RCH 2 \nChef d'\u00e9quipe intervention RCH \t RCH 2 DURAND Florian \nDURAND Fr\u00e9d\u00e9ric Chef d'\u00e9quipe intervention RCH \t RCH 2 \nChef d'\u00e9quipe intervention RCH \t RCH 2 \nChef d'\u00e9quipe intervention RCH \t RCH 2 FOUTELET Jo\u00ebl \nGARMATUK Cyril Chef d'\u00e9quipe intervention RCH \t RCH 2 \nChef d'\u00e9quipe intervention RCH \t RCH 2 GEST Sylvain \nGRAND Micka\u00e9l \nHENNIENE Mohamed Chef d'\u00e9quipe intervention RCH \t RCH 2 \nJAUDAUX David Chef d'\u00e9quipe intervention RCH \t RCH 2 \nJEANNIN S\u00e9bastien Chef d'\u00e9quipe intervention RCH \t RCH 2 \nLAGNIER Laurent \nLEGROS C\u00e9line \nChef d'\u00e9quipe intervention RCH \t RCH 2 \nANGUENOT Lucas \nBALLAIS Sylvain \nChef d'\u00e9quipe intervention RCH \t RCH 2 \nChef d'\u00e9quipe intervention RCH \t RCH 2 \nCAMUS David Chef d'\u00e9quipe intervention RCH \t RCH 2 \nCARRE Cl\u00e9a \nCHABOT Benjamin \nChef d'\u00e9quipe intervention RCH \nChef d'\u00e9quipe intervention RCH \nRCH 2 \nRCH 2 \nCHAMPDAVEINE David Chef d'\u00e9quipe intervention RCH \t RCH 2 \n' CHANUT Lilian Chef d'\u00e9quipe intervention RCH \t RCH 2 \nCHRETIEN Pierre Chef d'\u00e9quipe intervention RCH \t RCH 2 \nKRAWCZYK Nicolas Chef de CMIC \nDURAND Maxime \nGILLOT Adrien Chef d'\u00e9quipe intervention RCH \t RCH 2 \nChef d'\u00e9quipe intervention RCH \t RCH 2 \nHEDIEUX Patrick Chef d'\u00e9quipe intervention RCH \t RCH 2 \nJOUVELOT Olivier \nKARROUM Hakim \nChef d'\u00e9quipe intervention RCH \t RCH 2 \nChef d'\u00e9quipe intervention RCH \t RCH 2 \nChef d'\u00e9quipe intervention RCH \t RCH 2 \nSDIS de C\u00f4te-d'Or - 21-2024-01-30-00014 - 2024_Liste d'aptitude op\u00e9rationnelle Risques Chimiques 123\nNom Pr\u00e9nomEmploi op\u00e9rationnelFormation! MAGGIOTT\u00d4 La_Ll}ent Chef d'\u00e9quipe intervention RCH RCH 2MANSOTT.E Jean-Marc Chef d'\u00e9quipe intervention RCH | RCH 2 |! MARDAO\u00d9I Mouhssine _...\u2014Chef d'\u00e9quipe intervention RCH | RCH 2 eMELOT Christophe | Chef d'\u00e9quipe intervention RCH RCH 2MENAGE Christophe | Chef d'\u00e9quipe intervention RCH RCH 2- MERME Christophe ; Chef d'\u00e9quipe intervention RCH | RCH 2 |NOUR Yassine : Chef d'\u00e9quipe intervention RCH l RCH 2 \u2014:PAGEOT Anthony Chef d'\u00e9quipe intervention RCH _ RCH2 \u2014\u00caCARD J\u00e9r\u00e9my Chef d'\u00e9quipe intervention RCH | RCH 2PIGNET Olivier Chef d'\u00e9quipe intervention RCH | RCH 2POMMIER Jean-No\u00ebl Chef d'\u00e9quipe intervention RCH | RCH 2| PRADO Micha\u00ebl Chef d'\u00e9quipe intervention RCH | RCH 2. REMBERT Thomas Chef d'\u00e9quipe intervention RCH | RCH2REMOND Ga\u00ebtan \u2014 Chef d'\u00e9quipe intervention RCH RCH2, RICHARD Didier : Chef d'\u00e9quipe intervention RCH RCH 2l RICHARD Laurent | Chef d'\u00e9quipe intervention RCH RCH 2' SAAD Yassine Chef d'\u00e9quipe intervention RCH RCH 2SAGETLo\u00efc _ Chef d'\u00e9quipe intervention RCH RCH 2SAMORI Laurent Chef d'\u00e9quipe intervention RCH RCH 2 ). SEURIOT Guillaume Chef d'\u00e9quipe intervention RCH RCH 2THOMAS Christophe Chef d'\u00e9quipe intervention RCH RCH 2. THOMERE Alexandre Chef d'\u00e9quipe intervention RCH RCH 2, VADOT Thierry Chef d'\u00e9quipe intervention RCH RCH2 |i VANDENSKRICK Julien | Chef d'\u00e9quipe intervention RCH RCH 2 l\" VAXILLAIRE Yann| \" Chef d'\u00e9quipe intervention RCH RCH 2 |VERREY Cyri - Chef d'\u00e9quipe intervention RCH | RCH2 _' VIDON-BUTHION John Chef d'\u00e9quipe intervention RCH . RCH 2 !' VOILLEQUIN Venceslas Chef d'\u00e9quipe intervention RCH RCH2 N- XHAARD-BOLLON Sabine ... Chef d'\u00e9quipe intervention RCH | \" RCH2l DUI\\ECTNT Quentin Equipier intervention RCH RCH 2\" ANNEN Florian Chef d'\u00e9quipe reconnaissance RCH ) RCH 1; BARDET Mathieu _ Chef d'\u00e9quipe reconnaissance RCH RCH 1' BENIER C\u00e9dric Chef d'\u00e9quipe reconnaissance RCH RCH 1BERTHET-BONDET Anthony Chef d'\u00e9quipe reconnaissance RCH. RCH 1BOUCHE Lucas Chef d'\u00e9quipe reconnaissance RCH | 'RCH 1\" BRUNET Morgan Chef d'\u00e9quipe reconnaissance RCH _ RCH 1CAMP Jean-Baptiste Chef d'\u00e9quipe reconnaissance RCH : \u00c8CH 1. CAVARELLI Nicolas Chef d'\u00e9quip\u00e8 reconnaissance RCH\" u RCH 1CHAKRI Tarik Chef d'\u00e9quipe reconnaissance RCH RCH 1CONVERT Cyril Chei\"\"d'\u00e9quipe reconnaissance RC_H_ ' RCH 1_ -DUBIEF Mathieu Chef d'\u00e9quipe reconnaissance RCH RCH 1. DUPLUS Aur\u00e9lien Chef d'\u00e9quipe reconnaissance RCH RCH 1RCH 1NI-:AIV-RE LucasChef d'\u00e9quipe reconnaissance RCH\nFormation Nom Pr\u00e9nom Emploi op\u00e9rationnel \n  \nMAGGIOTTO Laurent  Chef d'\u00e9quipe intervention RCH \t RCH 2 \nMANSOTTE Jean-Marc Chef d'\u00e9quipe intervention RCH RCH 2 \nRCH 2 MARDAOUI Mouhssine Chef d'\u00e9quipe intervention RCH \nMELOT Christophe Chef d'\u00e9quipe intervention RCH \t RCH 2 \nMENAGE Christophe Chef d'\u00e9quipe intervention RCH \t RCH 2 \nMERME Christophe Chef d'\u00e9quipe intervention RCH \t RCH 2 \nNOUR Yassine Chef d'\u00e9quipe intervention RCH \t RCH 2 \nPAGEOT Anthony Chef d'\u00e9quipe intervention RCH \t RCH 2 \nPICARD J\u00e9r\u00e9my \nPIGNET Olivier \nChef d'\u00e9quipe intervention RCH \t RCH 2 \nChef d'\u00e9quipe intervention RCH \t RCH 2 \nPOMMIER Jean-No\u00ebl Chef d'\u00e9quipe intervention RCH \t RCH 2 \nPRADO Micha\u00ebl Chef d'\u00e9quipe intervention RCH RCH 2 \nREMBERT Thomas Chef d'\u00e9quipe intervention RCH RCH 2 \nChef d'\u00e9quipe intervention RCH \t RCH 2 REMOND Ga\u00e9tan \nRICHARD Didier Chef d'\u00e9quipe intervention RCH \t RCH 2 \nRICHARD Laurent Chef d'\u00e9quipe intervention RCH RCH 2 \nSAAD Yassine Chef d'\u00e9quipe intervention RCH RCH 2 \nSAGET Lo\u00efc Chef d'\u00e9quipe intervention RCH RCH 2 \nSAMORI Laurent Chef d'\u00e9quipe intervention RCH RCH 2 \nSEURIOT Guillaume Chef d'\u00e9quipe intervention RCH RCH 2 \nTHOMAS Christophe \t Chef d'\u00e9quipe intervention RCH \t\nRCH 2 \nTHOMERE Alexandre \t Chef d'\u00e9quipe intervention RCH \t RCH 2 \nVADOT Thierry Chef d'\u00e9quipe intervention RCH RCH 2 \nVANDENSKRICK Julien Chef d'\u00e9quipe intervention RCH \t RCH 2 \nMAXILLAIRE Yann Chef d'\u00e9quipe intervention RCH \t RCH 2 \nVERREY Cyril \t Chef d'\u00e9quipe intervention RCH \t RCH 2 \nVIDON-BUTHION John Chef d'\u00e9quipe intervention RCH \t RCH 2 \nVOILLEQUIN Venceslas Chef d'\u00e9quipe intervention RCH \t RCH 2 \nXHAARD-BOLLON Sabine Chef d'\u00e9quipe intervention RCH \t RCH 2 \nDUMONT Quentin Equipier intervention RCH \t RCH 2 \nANNEN Florian Chef d'\u00e9quipe reconnaissance RCH \t RCH 1 \nBARDET Mathieu Chef d'\u00e9quipe reconnaissance RCH \t RCH \nBENIER C\u00e9dric Chef d'\u00e9quipe reconnaissance RCH \t RCH 1 \nBERTHET-BONDET Anthony \t Chef d'\u00e9quipe reconnaissance RCH \t RCH \nBOUCHE Lucas Chef d'\u00e9quipe reconnaissance RCH \t RCH 1 \nBRUNET Morgan \t Chef d'\u00e9quipe reconnaissance RCH \t RCH 1 \nCAMP Jean-Baptiste Chef d'\u00e9quipe reconnaissance RCH \t RCH 1 \nCAVARELLI Nicolas Chef d'\u00e9quipe reconnaissance RCH \t RCH 1 \nCHAKRI Tank Chef d'\u00e9quipe reconnaissance RCH \t RCH 1 \nCONVERT Cyril Chef d'\u00e9quipe reconnaissance RCH ' \t RCH 1 \nDUBIEF Mathieu \n \nChef d'\u00e9quipe reconnaissance RCH \t RCH 1 \n   \nDUPLUS Aur\u00e9lien \t Chef d'\u00e9quipe reconnaissance RCH \t RCH 1 \nFAIVRE Lucas \t Chef d'\u00e9quipe reconnaissance RCH \t RCH 1 \nSDIS de C\u00f4te-d'Or - 21-2024-01-30-00014 - 2024_Liste d'aptitude op\u00e9rationnelle Risques Chimiques 124\nNom Pr\u00e9nom Emploi op\u00e9rationnel Formation| FOUTELET Christian \u2014 , Chef d'\u00e9quipe reconnaissance RCH RCH 1_ JUPILLE fl;omas B Chef d'\u00e9quipe reconnaissan:e;I'R-CHi RCH1LEFOL Geoffroy_ ; Chef d'\u00e9quipe reconnaissance RCH RCH 1PATOZ Camille Chef d'\u00e9quipe reconnaissance RCH, RCH 1; PIGNON S\u00e9bastien _ Chef d'\u00e9quipe reconnaissance RCH l RCH 1! PIVEL Alexis | c| Chef d'\u00e9quipe reconnaissance RCH : RCH 1 Z, CHEVALIER Victor...\" : Equipier reconnaissance RCH\"' RCH 1' COMBES Cl\u00e9ment Equipier reconnaissance RCH | RCH 1\u00caAUD Jean-Baptiste Equipier reconnaissance RCH __ RCH1; DENIEL Jordan Equipier reconnaissance RCH ' RCH 1FEUGERE Ma\u00ebl EquipierreconnaissanceRCH ; RCHH, PLAISIER J\u00e9r\u00e9my u Equipier reconnaissance RCH l | RCH 1 1' TILLIER Arthur Equipier reconnaissance RCH RCH 1* R\u00e9f\u00e9rent de sp\u00e9cialit\u00e9 \u00ab risques chimiques \u00bbArticle 2 : Le sous-pr\u00e9fet, directeur de cabinet, et le directeur d\u00e9partemental des services d'incendie et desecours sont charg\u00e9s, chacun en ce qui le concerne, de l'ex\u00e9cution du pr\u00e9sent arr\u00eat\u00e9 qui sera publi\u00e9 aurecueil des actes administratifs de la pr\u00e9fecture de la C\u00f4te-d'Or.\nDijon, le 3 0 JAN, 2024\nLe pr\u00e9fet,Four le Pr\u00e9fet et par d\u00e9l\u00e9gation,Le Sous-Pr\u00e9fet,Directeur de Cabmet\nE\nEmploi op\u00e9rationnel Nom Pr\u00e9nom Formation \nFOUTELET Christian \nJUPILLE Thomas \nLEFOL Geoffroy \nChef d'\u00e9quipe reconnaissance RCH \t RCH 1 \nChef d'\u00e9quipe reconnaissance RCH \t RCH 1 \nChef d'\u00e9quipe reconnaissance RCH \t RCH 1 \nTILLIER Arthur Equipier reconnaissance RCH \t RCH 1 \n  \nPIGNON S\u00e9bastien Chef d'\u00e9quipe reconnaissance RCH RCH 1 \nRCH 1 \n  \nPIVEL Alexis Chef d'\u00e9quipe reconnaissance RCH \n  \n    \nDAUD Jean-Baptiste \t Equipier reconnaissance RCH RCH 1 \nRCH 1 Equipier reconnaissance RCH DENIEL Jordan \nFEUGERE Ma\u00e9l Equipier reconnaissance RCH \t RCH 1 \nPATOZ Camille \t Chef d'\u00e9quipe reconnaissance RCH \t RCH 1 \nCHEVALIER Victor Equipier reconnaissance RCH \t RCH 1 \nCOMBES Cl\u00e9ment Equipier reconnaissance RCH \t RCH 1 \nPLAISIER J\u00e9r\u00e9my Equipier reconnaissance RCH \t RCH 1 \n* R\u00e9f\u00e9rent de sp\u00e9cialit\u00e9 \u00ab risques chimiques \u00bb \nArticle 2 : Le sous-pr\u00e9fet, directeur de cabinet, et le directeur d\u00e9partemental des services d'incendie et de \nsecours sont charg\u00e9s, chacun en ce qui le concerne, de l'ex\u00e9cution du pr\u00e9sent arr\u00eat\u00e9 qui sera publi\u00e9 au \nrecueil des actes administratifs de la pr\u00e9fecture de la C\u00f4te-d'Or. \nDijon, le 3 0 JAN, 2024 \nLe pr\u00e9fet, \nPour le Pr\u00e9fet et par d\u00e9l\u00e9gation, \nLe Sous-Pr\u00e9fet, \nDirecteur de Cabklet \nSDIS de C\u00f4te-d'Or - 21-2024-01-30-00014 - 2024_Liste d'aptitude op\u00e9rationnelle Risques Chimiques 125\nSDIS de C\u00f4te-d'Or\n21-2024-01-30-00016\n2024_Liste d'aptitude op\u00e9rationnelle Secours en\nMilieu P\u00e9rilleux et Montagne\nSDIS de C\u00f4te-d'Or - 21-2024-01-30-00016 - 2024_Liste d'aptitude op\u00e9rationnelle Secours en Milieu P\u00e9rilleux et Montagne 126\nPREFETDELA cDISCOTE-D'OR eLibert\u00e9\u00c9galit\u00e9 22 D Boulevard Winston ChurctillFraternit\u00e9 CS 16209 - 21 062 DIJON Cedex\nAffaire suivie par : sous-direction optimisation du potentiel op\u00e9rationnelSDIS 21 / service \u00e9quipes sp\u00e9cialis\u00e9esT\u00e9l : 03 80 11 27 87M\u00e9l : formation@sdis21.orgArr\u00eat\u00e9Portant sur la liste d'aptitude op\u00e9rationnelleUnit\u00e9 secours en milieu p\u00e9rilleux et montagneAnn\u00e9e 2024Le pr\u00e9fet de la C\u00f4te-d'OrVu le code g\u00e9n\u00e9ral des collectivit\u00e9s territoriales et particuli\u00e8rement l'article R 1424-54 ;Vu l'arr\u00eat\u00e9 du 6 mai 2000 modifi\u00e9 fixant les conditions d'aptitudes m\u00e9dicales des sapeurs-pompiers professionnels etvolontaires ;Vu l'arr\u00eat\u00e9 du 22 ao\u00fbt 2019 relatif aux formations des sapeurs-pompiers professionnels et volontaires ;Vu l'arr\u00eat\u00e9 du 15 juillet 2022 relatif \u00e0 la d\u00e9signation et aux missions des r\u00e9f\u00e9rents de sp\u00e9cialit\u00e9s mentionn\u00e9s \u00e0 l'articleR. 722-1 du code de la s\u00e9curit\u00e9 int\u00e9rieure ;Vu l'arr\u00eat\u00e9 pr\u00e9fectoral du 18 septembre 2020 fixant la liste des unit\u00e9s op\u00e9rationnelles ;Vu le r\u00e8glement op\u00e9rationnel du service d\u00e9partemental d'incendie et de secours de la C\u00f4te-d'Or en date du 06 octobre2021-;Vu le SDACR approuv\u00e9 par arr\u00eat\u00e9 pr\u00e9fectoral n\u00b0 250, du 18 mai 2015 ;Vu le guide de doctrine op\u00e9rationnelle \u00ab interventions en milieux p\u00e9rilleux et montagne \u00bb de juin 2021 ;Vu la participation des agents d\u00e9sign\u00e9s aux activit\u00e9s de formation de maintien et de perfectionnement des acquis ;Vu le nombre de chefs d'unit\u00e9 (8), de sauveteurs (23) ;Sur proposition de monsieur le directeur d\u00e9partemental des services d'incendie et de secours ;ARR\u00caTEArticle 1 : La liste annuelle d\u00e9partementale d'aptitude op\u00e9rationnelle des sapeurs-pompiers de l'unit\u00e9\u00ab secours en milieu p\u00e9rilleux et montagne \u00bb du d\u00e9partement de la C\u00f4te-d'Or s'\u00e9tablit comme suit :Nom Pr\u00e9nom Emploi op\u00e9rationnel Mention compl\u00e9mentaireJALLAT G\u00e9rard * Chef d'unit\u00e9 SMPM Intervention en site souterrainCOLLIN Julien ** . Chef d'unit\u00e9 S\u00cf\\)IPM lr\u00cet\u00e8rvention en site souterrainI_BERNARD S\u00e9bastien \u00bb 'Chef d'unif\u00e9 SMPM | lnt\u00e9r\u00ff\u00e9fie? ;ite sm}errain\u00c9\u00c8\u00cb\u00ffNfcolas | | VChef d'unit\u00e9 gMPM lnterven{io\u2014ne\u2014r\u00ef -site sofi\u2014t;rairnAFA\u00c8NI\u00c8R R\u00e9mi e awef d'unit\u00e9 SMPI\\;I I\u00cft\u0152h en sif_e:c;uterra}r;.-_ \"\u00cfGUERARD S\u00e9ba\u00e0ie\u00e4\u00ff\u00ff\u00ff e Chef d'unit\u00e9 SMPM = lnterventio\u00f1 er; site souferrainLEGRAND S\u00e9bastienfi | C;r\u00ee\u00e8f d'unit\u00e8 \u00e9MPM intewentign en site souterrain %VANDENSKRICK Damien Chef d'unit\u00e9 SMPM Intervention en site souterrain\nIRE il \nPR\u00c9FET \nDE LA \nC\u00d4TE-D'OR \nLibert\u00e9 \n\u00c9galit\u00e9 \nFraternit\u00e9 \n22 D Boulevard Winston Churchill \nCS 16209 - 21 062 DIJON Cedex \n \nSDIS de la C\u00f4te-d'Or \nAffaire suivie par : sous-direction optimisation du potentiel op\u00e9rationnel \nSDIS 21 / service \u00e9quipes sp\u00e9cialis\u00e9es \nT\u00e9l : 03 80 11 27 87 \nM\u00e9l : formation@sdis21.org  \nArr\u00eat\u00e9 \nPortant sur la liste d'aptitude op\u00e9rationnelle \nUnit\u00e9 secours en milieu p\u00e9rilleux et montagne \nAnn\u00e9e 2024 \nLe pr\u00e9fet de la C\u00f4te-d'Or \nVu le code g\u00e9n\u00e9ral des collectivit\u00e9s territoriales et particuli\u00e8rement l'article R 1424-54 ; \nVu l'arr\u00eat\u00e9 du 6 mai 2000 modifi\u00e9 fixant les conditions d'aptitudes m\u00e9dicales des sapeurs-pompiers professionnels et \nvolontaires ; \nVu l'arr\u00eat\u00e9 du 22 ao\u00fbt 2019 relatif aux formations des sapeurs-pompiers professionnels et volontaires ; \nVu l'arr\u00eat\u00e9 du 15 juillet 2022 relatif \u00e0 la d\u00e9signation et aux missions des r\u00e9f\u00e9rents de sp\u00e9cialit\u00e9s mentionn\u00e9s \u00e0 l'article \nR. 722-1 du code de la s\u00e9curit\u00e9 int\u00e9rieure ; \nVu l'arr\u00eat\u00e9 pr\u00e9fectoral du 18 septembre 2020 fixant la liste des unit\u00e9s op\u00e9rationnelles ; \nVu le r\u00e8glement op\u00e9rationnel du service d\u00e9partemental d'incendie et de secours de la C\u00f4te-d'Or en date du 06 octobre \n2021 \nVu le SDACR approuv\u00e9 par arr\u00eat\u00e9 pr\u00e9fectoral n\u00b0 250, du 18 mai 2015 ; \nVu le guide de doctrine op\u00e9rationnelle \u00ab interventions en milieux p\u00e9rilleux et montagne \u00bb de juin 2021 ; \nVu la participation des agents d\u00e9sign\u00e9s aux activit\u00e9s de formation de maintien et de perfectionnement des acquis ; \nVu le nombre de chefs d'unit\u00e9 (8), de sauveteurs (23) ; \nSur proposition de monsieur le directeur d\u00e9partemental des services d'incendie et de secours ; \nARR\u00caTE \nArticle 1 : La liste annuelle d\u00e9partementale d'aptitude op\u00e9rationnelle des sapeurs-pompiers de l'unit\u00e9 \n\u00ab secours en milieu p\u00e9rilleux et montagne \u00bb du d\u00e9partement de la C\u00f4te-d'Or s'\u00e9tablit comme suit : \nNom Pr\u00e9nom Emploi op\u00e9rationnel Mention compl\u00e9mentaire \n   \nJALLAT G\u00e9rard * \nCOLLIN Julien ** \nBERNARD S\u00e9bastien  \nChef d'unit\u00e9 SMPM \t Intervention en site souterrain \nChef d'unit\u00e9 SMPM \t Intervention en site souterrain \nChef d'unit\u00e9 SMPM \t Intervention en site souterrain \nCUFF Nicolas \nFARNIER R\u00e9mi \nGUERARD S\u00e9bastien \nLEGRAND S\u00e9bastien  \nChef d'unit\u00e9 SMPM \t Intervention en site souterrain \nChef d'unit\u00e9 SMPM \t Intervention en site souterrain \nChef d'unit\u00e9 SMPM \t Intervention en site souterrain \nChef d'unit\u00e9 SMPM \t Intervention en site souterrain \nVANDENSKRICK Damien \t Chef d'unit\u00e9 SMPM \t Intervention en site souterrain \nSDIS de C\u00f4te-d'Or - 21-2024-01-30-00016 - 2024_Liste d'aptitude op\u00e9rationnelle Secours en Milieu P\u00e9rilleux et Montagne 127\nNom Pr\u00e9nom Emploi op\u00e9fationnel Mention compl\u00e9mentaireBOUTIN L\u00e9o Sauveteur SMPM __ /| COMMARET Guillaume ; Sauveteur SMPM | Intervention en site souterrain| CORDIER Emmanuel Sauveteur SMPM | /CORTOT Tony Sauveteur SMPM ' ! Intervention en site souterrain\u00cbRAIENS Jean-Baptiste Sauveteur SMPM l Intervention en site souterrain- DEVAUX Jean-Christophe e Sauveteur SMPM Intervention en site souterrainDUCHESNE Bertrand : Sauveteur SMPM Intervention en site souterrain......DURUPT Quentin i Sauveteur SMPM ' Intervention en site souterrain| GOUJON S\u00e9bastien\u00f9 | Sauveteur SMPM | Intervention en site souterrain; GUTKNECHT Jean-Denis Sauveteur SMPM | Intervention en site souterrainHAE'I'I'ICH Jordan Sauveteur SMPM /| HERMAIZE Anthony | Sauveteur SMPM Intervention en site souterrain_ HOBENICHE Anthony ; Sauveteur SMPM intervention en site souterrainINTILIA Damien | SauveteurSMPM /| OSTROWSKI Lucas ; Sauveteur SMPM | /PALLEGOIX Julien Sauveteur SMPM intervention en site souterrain; POUESSEL Wlfned Sauveteur SMPM B Intervention en site souterrain|RAPHAAnthony Sauveteur SMPM Intervention en site souterrainRENAUD Lucas : Sauveteur SMI'M ' /| RESZKIEWICZ Bruno ; Sauveteur SMPM I Intervention en site sc;L\u00cet:e;a]n\u2014TREDEZ Victor Sauveteuvr SMPM | /VAILLE Olivier Sauveteur SMPM Intervention en site souterrain l\u2014\u2014\u2014\u2014 Sauveteur SMPM Intervention en site souterrain: WRAZEN Loic* R\u00e9f\u00e9rent de sp\u00e9cialit\u00e9 \u00ab secours en milieu p\u00e9rilleux et montagne \u00bb** R\u00e9f\u00e9rent de sp\u00e9cialit\u00e9 adjoint \u00ab secours en milieu p\u00e9rilleux et montagne \u00bbArticle 2 : Le sous-pr\u00e9fet, directeur de cabinet, et le directeur d\u00e9partemental des services d'incendie et desecours sont charg\u00e9s, chacun en ce qui le concerne, de l'ex\u00e9cution du pr\u00e9sent arr\u00eat\u00e9 qui sera publi\u00e9 aurecueil des actes administratifs de la pr\u00e9fecture de la C\u00f4te-d'Or.\nDijon,le 3 0 JAN, 2024\nLe pr\u00e9fet,Pour ie Pr\u00e9fet et par d\u00e9l\u00e9gation,s-Pr\u00e9fet,D:re r de Cabmet\nOlivier GERSTL\u00c9\nBOUTIN L\u00e9o Sauveteur SMPM \nCOMMARET Guillaume Sauveteur SMPM \t Intervention en site souterrain \nSauveteur SMPM CORDIER Emmanuel \nCORTOT Tony Sauveteur SMPM \t Intervention en site souterrain \nDAMIENS Jean-Baptiste Sauveteur SMPM \t Intervention en site souterrain \nDEVAUX Jean-Christophe Sauveteur SMPM \t Intervention en site souterrain \nDUCHESNE Bertrand Sauveteur SMPM \t Intervention en site souterrain \nDURUPT Quentin \t Sauveteur SMPM Intervention en site souterrain \nGOUJON S\u00e9bastien Sauveteur SMPM \t Intervention en site souterrain \nGUTKNECHT Jean-Denis Sauveteur SMPM \t Intervention en site souterrain \nHAETTICH Jordan Sauveteur SMPM \nHERMAIZE Anthony Sauveteur SMPM \t Intervention en site souterrain \nHOBENICHE Anthony Sauveteur SMPM \t Intervention en site souterrain \nINTILIA Damien Sauveteur SMPM \nPOUESSEL Wilfried Sauveteur SMPM \t Intervention en site souterrain \nRAPHA Anthony Sauveteur SMPM \t Intervention en site souterrain \nRENAUD Lucas Sauveteur SMPM \nRESZKIEWICZ Bruno Sauveteur SMPM \t Intervention en site souterrain \nTREDEZ Victor Sauveteur SMPM \nSauveteur SMPM OSTROWSKI Lucas \nPALLEGOIX Julien Sauveteur SMPM \t Intervention en site souterrain \nNom Pr\u00e9nom Emploi op\u00e9rationnel Mention compl\u00e9mentaire \nVAILLE Olivier \t Sauveteur SMPM \t\nIntervention en site souterrain \nWRAZEN Loft \t Sauveteur SMPM \t Intervention en site souterrain \n* R\u00e9f\u00e9rent de sp\u00e9cialit\u00e9 \u00ab secours en milieu p\u00e9rilleux et montagne \u00bb \n** R\u00e9f\u00e9rent de sp\u00e9cialit\u00e9 adjoint \u00ab secours en milieu p\u00e9rilleux et montagne \u00bb \nArticle 2 : Le sous-pr\u00e9fet, directeur de cabinet, et le directeur d\u00e9partemental des services d'incendie et de \nsecours sont charg\u00e9s, chacun en ce qui le concerne, de l'ex\u00e9cution du pr\u00e9sent arr\u00eat\u00e9 qui sera publi\u00e9 au \nrecueil des actes administratifs de la pr\u00e9fecture de la C\u00f4te-d'Or. \nDijon, le \t 3 0 JAN, 2024 \nLe pr\u00e9fet, \nPour le Pr\u00e9fet et par d\u00e9l\u00e9gation, \nS s-Pr\u00e9fet, \nDire t\u00e9ur de Cabinet \nOlivier GERSTL\u00c9 \nSDIS de C\u00f4te-d'Or - 21-2024-01-30-00016 - 2024_Liste d'aptitude op\u00e9rationnelle Secours en Milieu P\u00e9rilleux et Montagne 128\nSDIS de C\u00f4te-d'Or\n21-2024-01-30-00015\n2024_Liste d'aptitude op\u00e9rationnelle SECOURS\nNAUTIQUE\nSDIS de C\u00f4te-d'Or - 21-2024-01-30-00015 - 2024_Liste d'aptitude op\u00e9rationnelle SECOURS NAUTIQUE 129\nPREFETS\u00d4TE SISLibert\u00e9\u00c9galit\u00e9 22 D Boulevard Winston ChurchillFraternit\u00e9 CS 16209 - 21 062 DIJON Cedex\nAffaire suivie par : sous-direction optimisation du potentiel op\u00e9rationnelSDIS 21 / service \u00e9quipes sp\u00e9cialis\u00e9esT\u00e9l :03 80 11 27 87M\u00e9l : formation@sdis21.orgArr\u00eat\u00e9Portant sur la liste d'aptitude op\u00e9rationnelleUnit\u00e9 de secours nautiqueAnn\u00e9e 2024Le pr\u00e9fet de la C\u00f4te-d'OrVu le code g\u00e9n\u00e9ral des collectivit\u00e9s territoriales et particuli\u00e8rement l'article R 1424-54;Vu l'arr\u00eat\u00e9 du 6 mai 2000 modifi\u00e9 fixant les conditions d'aptitudes m\u00e9dicales des sapeurs-pompiers professionnels etvolontaires ;Vu l'arr\u00e9t\u00e9 du 22 ao\u00fbt 2019 relatif aux formations des sapeurs-pompiers professionnels et volontaires ;Vu l'arr\u00eat\u00e9 du 15 juillet 2022 relatif \u00e0 la d\u00e9signation et aux missions des r\u00e9f\u00e9rents de sp\u00e9cialit\u00e9s mentionn\u00e9s \u00e0 l'articleR. 722-1 du code de la s\u00e9curit\u00e9 int\u00e9rieure ;Vu l'arr\u00eat\u00e9 pr\u00e9fectoral du 18 septembre 2020 fixant la liste des unit\u00e9s op\u00e9rationnelles ;Vu le r\u00e8glement op\u00e9rationnel du service d\u00e9partemental d'incendie et de secours de la C\u00f4te-d'Or en date du 06 octobre2021 ;Vu le SDACR approuv\u00e9 par arr\u00eat\u00e9 pr\u00e9fectoral n\u00b0 250, du 18 mai 2015 ;Vu le r\u00e9f\u00e9rentiel emplois, activit\u00e9s, comp\u00e9tences pour \u00ab les interventions secours et s\u00e9curit\u00e9 en milieu aquatique ethyperbare \u00bb ;Vu la participation des agents d\u00e9sign\u00e9s aux activit\u00e9s de formation et de maintien et de perfectionnement des acquis ;Vu le nombre de chefs d'unit\u00e9 (4), de scaphandriers autonomes l\u00e9gers (14) ;Sur proposition de monsieur le directeur d\u00e9partemental des services d'incendie et de secours ;ARR\u00caTEArticle 1 : La liste annuelle d\u00e9partementale d'aptitude op\u00e9rationnelle des sapeurs-pompiers de l'unit\u00e9\u00ab plong\u00e9e subaquatique \u00bb du d\u00e9partement de la C\u00f4te-d'Or s'\u00e9tablit comme suit :\nNom Pr\u00e9nom | Emploi op\u00e9rationnel 2On PUe _surface com\u00e4g'r:l:r:taire ]E profondeur non libre sauveteur_a_q_qatique\\BRICHETEAU Florian * Chef d'unit\u00e9 SAL - 30 m SNL 2 SAV 1LUCAS k\u00e8vin Chef d\u00ceJ-nit\u00e9 SAI__. | - 30 m \u2014 SNL 2 US\u00ceAV 17 RMIRESSI Nicolas | Chef dunrte SAL - 30 m SNL 2_ SAV 1PIGNET Christophe _...Chef d'unit\u00e9 SAL - 30 m \u2014 SNL 2* SAV 1BUREAU Jean-\u2014Baptiste SAL | - 30m \u00e8NL 1 ; SAV 1 iCHABOT Benjamin. = SAL - - 30 m n-c-m _ SA\\\u00cf .-._CHOAIN Cyril B SAL ; - 30 m SNL 1 &l _\u00cbN\u2014 1\u20147\nPR\u00c9FET \nDE LA \nC\u00d4TE-D'OR \nLibert\u00e9 \n\u00c9galit\u00e9 \nFraternit\u00e9 \n \n \nNu_ \t \u2022 \u2022  'Nu, \n22 D Boulevard Winston Churchill \nCS 16209 - 21 062 DIJON Cedex \n \nSDIS de la C\u00f4te-d'Or \nAffaire suivie par : sous-direction optimisation du potentiel op\u00e9rationnel \nSDIS 21 / service \u00e9quipes sp\u00e9cialis\u00e9es \nT\u00e9l :03 80 11 27 87 \nM\u00e9l : formation@sdis21.org  \nArr\u00eat\u00e9 \nPortant sur la liste d'aptitude op\u00e9rationnelle \nUnit\u00e9 de secours nautique \nAnn\u00e9e 2024 \nLe pr\u00e9fet de la C\u00f4te-d'Or \nVu le code g\u00e9n\u00e9ral des collectivit\u00e9s territoriales et particuli\u00e8rement l'article R 1424-54; \nVu l'arr\u00eat\u00e9 du 6 mai 2000 modifi\u00e9 fixant les conditions d'aptitudes m\u00e9dicales des sapeurs-pompiers professionnels et \nvolontaires ; \nVu l'arr\u00eat\u00e9 du 22 ao\u00fbt 2019 relatif aux formations des sapeurs-pompiers professionnels et volontaires ; \nVu l'arr\u00eat\u00e9 du 15 juillet 2022 relatif \u00e0 la d\u00e9signation et aux missions des r\u00e9f\u00e9rents de sp\u00e9cialit\u00e9s mentionn\u00e9s \u00e0 l'article \nR. 722-1 du code de la s\u00e9curit\u00e9 int\u00e9rieure ; \nVu l'arr\u00eat\u00e9 pr\u00e9fectoral du 18 septembre 2020 fixant la liste des unit\u00e9s op\u00e9rationnelles ; \nVu le r\u00e8glement op\u00e9rationnel du service d\u00e9partemental d'incendie et de secours de la C\u00f4te-d'Or en date du 06 octobre \n2021 , \nVu le SDACR approuv\u00e9 par arr\u00eat\u00e9 pr\u00e9fectoral n\u00b0 250, du 18 mai 2015 ; \nVu le r\u00e9f\u00e9rentiel emplois, activit\u00e9s, comp\u00e9tences pour \u00ab les interventions secours et s\u00e9curit\u00e9 en milieu aquatique et \nhyperbare \u00bb ; \nVu la participation des agents d\u00e9sign\u00e9s aux activit\u00e9s de formation et de maintien et de perfectionnement des acquis ; \nVu le nombre de chefs d'unit\u00e9 (4), de scaphandriers autonomes l\u00e9gers (14) ; \nSur proposition de monsieur le directeur d\u00e9partemental des services d'incendie et de secours ; \nARR\u00caTE \nArticle 1 : La liste annuelle d\u00e9partementale d'aptitude op\u00e9rationnelle des sapeurs-pompiers de l'unit\u00e9 \n\u00ab plong\u00e9e subaquatique \u00bb du d\u00e9partement de la C\u00f4te-d'Or s'\u00e9tablit comme suit : \nNom Pr\u00e9nom Emploi op\u00e9rationnel Habilitation \nprofondeur \nAptitude surface ' I. non libre \nEm loi  p \ncompl\u00e9mentaire \nsauveteur aquatique \nBRICHETEAU Florian * Chef d'unit\u00e9 SAL - 30 m SNL 2 SAV 1 \nLUCAS K\u00e9vin Chef d'unit\u00e9 SAL - 30 m SNL 2 SAV 1 \nMIRESSI Nicolas Chef d'unit\u00e9 SAL - 30 m SNL 2 SAV 1 \nPIGNET Christophe Chef d'unit\u00e9 SAL - 30 m SNL 2 SAV 1 \nBUREAU Jean-Baptiste SAL - 30 m SNL 1 SAV 1 \nCHABOT Benjamin SAL - 30 m non SAV 1 \nCHOAIN Cyril SAL - 30 m SNL 1 SAV 1 \nSDIS de C\u00f4te-d'Or - 21-2024-01-30-00015 - 2024_Liste d'aptitude op\u00e9rationnelle SECOURS NAUTIQUE 130\nNom Pr\u00e9nom Emploi op\u00e9rationnel Habilitation | Aptitude S urface com\u00e4?r::;:taireprofondeur non libre sauveteur aquatiqueCHOLLAT-NAMY Micka\u00ebl SAL -30 m non SAV 1 |;ICHOT Romain | | SAL ' I -30 m | SNL 1 SAV 1FIEVET Aur\u00e9lien | SAL \u00c7 30 m SNL\"\u00ce... SAV 1'GANDROT L\u00e9;m SAL -30 m non SAV 1!\u00c8UIBOUX Benjamin | SAL -30 m non | SAV 1|LAVERDAN Jean-Paul _ SAL - 30 m SNL 1 ; savi; LEGER Florian SAL | - 30 m non SAV 1'NAUDET Etienne | SAL - 30 m SNL 1 SAV 1PARAT C\u00e9dric \" sAL -30 m | SNL 1 !_ SAV1RUDE Maxime SAL - 30 m l ; SNL 1 | SAV 1_'LSIVET Florent l SAL - 30 m ! non | SAV 1* R\u00e9f\u00e9rent de sp\u00e9cialit\u00e9 \u00ab secours nautique \u00bbArticle 2 : Le sous-pr\u00e9fet, directeur de cabinet, et le directeur d\u00e9partemental des services d'incendie et desecours sont charg\u00e9s, chacun en ce qui le concerne, de l'ex\u00e9cution du pr\u00e9sent arr\u00eat\u00e9 qui sera publi\u00e9 aurecueil des actes administratifs de la pr\u00e9fecture de la C\u00f4te-d'Or.\nDijon, le 3 0 JAN, 2824\nLe pr\u00e9fet,Pour le Pr\u00e9fet et par d\u00e9l\u00e9gation,Le Sous-Pr\u00e9fet,Directeur de CabMmet\nNom Pr\u00e9nom Emploi op\u00e9rationnel Habilitation \nprofondeur \nAptitude surface \nnon libre \nEmploi \ncompl\u00e9mentaire \nsauveteur aquatique \nCHOLLAT-NAMY Micka\u00e9l SAL - 30 m non SAV 1 \nFICHOT Romain SAL - 30 m SNL 1 SAV 1 \nFIEVETAur\u00e9lien SAL - 30 m SNL 1 SAV 1 \nGANDROT L\u00e9o SAL - 30 m non SAV 1 \nGUIBOUX Benjamin SAL - 30 m non SAV 1 \nLAVERDAN Jean-Paul SAL - 30 m SNL1 SAV1 \nLEGER Florian SAL - 30 m non SAV 1 \nNAUDET Etienne SAL - 30 m SNL1 SAV1 \nPARAT C\u00e9dric SAL - 30 m SNL1 SAV1 \nRUDE Maxime SAL - 30 m SNL1 SAV1 \nSIVET Florent \nL \nSAL - 30 m non SAV 1 \n* R\u00e9f\u00e9rent de sp\u00e9cialit\u00e9 \u00ab secours nautique \u00bb \nArticle 2 : Le sous-pr\u00e9fet, directeur de cabinet, et le directeur d\u00e9partemental des services d'incendie et de \nsecours sont charg\u00e9s, chacun en ce qui le concerne, de l'ex\u00e9cution du pr\u00e9sent arr\u00eat\u00e9 qui sera publi\u00e9 au \nrecueil des actes administratifs de la pr\u00e9fecture de la C\u00f4te-d'Or. \nDijon, le 3 0 JAN. 2024 \nLe pr\u00e9fet, \nPour le Pr\u00e9fet et par d\u00e9l\u00e9gation, \nLe Sous-Pr\u00e9fet, \nDirecteur de Cabinet \nOlivier GERSTL\u00c9 \nSDIS de C\u00f4te-d'Or - 21-2024-01-30-00015 - 2024_Liste d'aptitude op\u00e9rationnelle SECOURS NAUTIQUE 131\nSDIS de C\u00f4te-d'Or\n21-2024-01-30-00018\n2024_Liste d'aptitude op\u00e9rationnelle Systl\u00e8mes\nd'Information et de Communication\nSDIS de C\u00f4te-d'Or - 21-2024-01-30-00018 - 2024_Liste d'aptitude op\u00e9rationnelle Systl\u00e8mes d'Information et de Communication 132\nElPREFETCOTE. SUSLibert\u00e9\u00cbgalit\u00e9 22 D Boulevard Winston ChurchillFraternit\u00e9 CS 16209 - 21 062 DIJON Cedex\nAffaire suivie par : sous-direction optimisation du potentiel op\u00e9rationnelSDIS 21 / service \u00e9quipes sp\u00e9cialis\u00e9esT\u00e9l : 03 80 11 27 87M\u00e9l : formation@sdis21.orgArr\u00eat\u00e9Portant sur la liste d'aptitude op\u00e9rationnelleUnit\u00e9 des syst\u00e8mes d'information et de communicationAnn\u00e9e 2024Le pr\u00e9fet de la C\u00f4te-d'OrVu le code g\u00e9n\u00e9ral des collectivit\u00e9s territoriales et particulierement l'article R 1424-54 ;Vu l'arr\u00eat\u00e9 du 22 ao\u00fbt 2019 relatif aux formations des sapeurs-pompiers professionnels et volontaires ;Vu l'arr\u00eat\u00e9 du 15 juillet 2022 relatif \u00e0 la d\u00e9signation et aux missions des r\u00e9f\u00e9rents de sp\u00e9cialit\u00e9s mentionn\u00e9s \u00e0 I'articleR. 722-1 du code de la s\u00e9curit\u00e9 int\u00e9rieure ;Vu l'arr\u00eat\u00e9 pr\u00e9fectoral du 18 septembre 2020 fixant la liste des unit\u00e9s op\u00e9rationnelles ;Vu l'arr\u00eat\u00e9 pr\u00e9fectoral de d\u00e9cembre 2022 fixant l'ordre de base d\u00e9partemental des syst\u00e8mes d'information et decommunicationVu le r\u00e8glement op\u00e9rationnel du service d\u00e9partemental d'incendie et de secours de la C\u00f4te-d'Or en date du 06 octobre2021 ;Vu le SDACR approuv\u00e9 par arr\u00eat\u00e9 pr\u00e9fectoral n\u00b0 250 du 18 mai 2015 ;Vu le r\u00e9f\u00e9rentiel emploi activit\u00e9 comp\u00e9tences (REAC) du 13 d\u00e9cembre 2016 relatif aux syst\u00e8mes d'information et decommunication ;Vu le r\u00e9f\u00e9rentiel interne de formation et le r\u00e9f\u00e9rentiel interne de certification- du 8 novembre 2018 ;Vu la participation des agents d\u00e9sign\u00e9s aux activit\u00e9s de formation de maintien et de perfectionnement des acquis ;Vu le nombre de COMSIC (1), d'OFFSIC (7), de chefs de salle op\u00e9rationnelle (8), d'adjoints chefs de salle op\u00e9rationnelle(6), de chefs op\u00e9rateurs de salle op\u00e9rationnelle (17) d'op\u00e9rateurs poste de commandement tactique (3) d'op\u00e9rateuren CTA-CODIS (1) ;Sur proposition de monsieur le directeur d\u00e9partemental des services d'incendie et de secours ;ARR\u00caTEArticle 1 : La liste annuelle d\u00e9partementale d'aptitude op\u00e9rationnelle des sapeurs-pompiers de l''unit\u00e9\u00ab syst\u00e8mes d'information et de communication \u00bb du d\u00e9partement de la C\u00f4te-d'Or s'\u00e9tablit comme suit :; DE E E Mention |Nom Pr\u00e9nom Emploi op\u00e9rationnel compl\u00e9mentaire JDUPONT Luc * Commandant des syst\u00e8rr_\u00efes_d'information et de COMSIC, S  e communication ,BIDAU Cyril Officier des syst\u00e8mes_d'information et de OFFSICHR Es communication ps Bl e %COQUIO Ga\u00eblle Officier des syst\u00e8mes.d'irjformation et de OFESICg 1E  communication : | LLAMBERT Jean-Robert Officier des syst\u00e8mes d'information et de OFFSIC) ' communication _ (SRR R  DSMERME Christophe Officier des syst\u00e9mes'd'ir}formation et de OFFSICY e communicationOfficier des syst\u00e9mes d''information et de OFESICPARDON Christophe__ communicaton _\u2014\n11! \nPR\u00c9FET \nDE LA \nC\u00d4TE-D'OR \nLibert\u00e9 \n\u00c9galit\u00e9 \nFraternit\u00e9 \n \n \n22 D Boulevard Winston Churchill \nCS 16209 - 21 062 DIJON Cedex \n  \n  \nSDIS de la C\u00f4te-d'Or \n   \nAffaire suivie par : sous-direction optimisation du potentiel op\u00e9rationnel \nSDIS 21 / service \u00e9quipes sp\u00e9cialis\u00e9es \nT\u00e9l : 03 80 11 27 87 \nM\u00e9l : formation@sdis21.org  \nArr\u00eat\u00e9 \nPortant sur la liste d'aptitude op\u00e9rationnelle \nUnit\u00e9 des syst\u00e8mes d'information et de communication \nAnn\u00e9e 2024 \nLe pr\u00e9fet de la C\u00f4te-d'Or \nVu le code g\u00e9n\u00e9ral des collectivit\u00e9s territoriales et particuli\u00e8rement l'article R 1424-54 ; \nVu l'arr\u00eat\u00e9 du 22 ao\u00fbt 2019 relatif aux formations des sapeurs-pompiers professionnels et volontaires ; \nVu l'arr\u00eat\u00e9 du 15 juillet 2022 relatif \u00e0 la d\u00e9signation et aux missions des r\u00e9f\u00e9rents de sp\u00e9cialit\u00e9s mentionn\u00e9s \u00e0 l'article \nR. 722-1 du code de la s\u00e9curit\u00e9 int\u00e9rieure ; \nVu l'arr\u00eat\u00e9 pr\u00e9fectoral du 18 septembre 2020 fixant la liste des unit\u00e9s op\u00e9rationnelles ; \nVu l'arr\u00eat\u00e9 pr\u00e9fectoral de d\u00e9cembre 2022 fixant l'ordre de base d\u00e9partemental des syst\u00e8mes d'information et de \ncommunication \nVu le r\u00e8glement op\u00e9rationnel du service d\u00e9partemental d'incendie et de secours de la C\u00f4te-d'Or en date du 06 octobre \n2021 ; \nVu le SDACR approuv\u00e9 par arr\u00eat\u00e9 pr\u00e9fectoral n\u00b0 250 du 18 mai 2015 ; \nVu le r\u00e9f\u00e9rentiel emploi activit\u00e9 comp\u00e9tences (REAC) du 13 d\u00e9cembre 2016 relatif aux syst\u00e8mes d'information et de \ncommunication ; \nVu le r\u00e9f\u00e9rentiel interne de formation et le r\u00e9f\u00e9rentiel interne de certification- du 8 novembre 2018 ; \nVu la participation des agents d\u00e9sign\u00e9s aux activit\u00e9s de formation de maintien et de perfectionnement des acquis ; \nVu le nombre de COMSIC (1), d'OFFSIC (7), de chefs de salle op\u00e9rationnelle (8), d'adjoints chefs de salle op\u00e9rationnelle \n(6), de chefs op\u00e9rateurs de salle op\u00e9rationnelle (17) d'op\u00e9rateurs poste de commandement tactique (3) d'op\u00e9rateur \nen CTA-CODIS (1) ; \nSur proposition de monsieur le directeur d\u00e9partemental des services d'incendie et de secours ; \nARR\u00caTE \nArticle 1 : La liste annuelle d\u00e9partementale d'aptitude op\u00e9rationnelle des sapeurs-pompiers de l'unit\u00e9 \n\u00ab syst\u00e8mes d'information et de communication \u00bb du d\u00e9partement de la C\u00f4te-d'Or s'\u00e9tablit comme suit : \nNom Pr\u00e9nom Emploi op\u00e9rationnel Mention \ncompl\u00e9mentaire \n   \nDUPONT Luc * Commandant des syst\u00e8mes d'information et de \ncommunication COMSIC \nBIDAU Cyril Officier des syst\u00e8mes d'information et de \ncommunication OFFSIC \nCOQUIO Ga\u00e9lle \n \nOfficier des syst\u00e8mes d'information et de \ncommunication OFFSIC \nOFFSIC \nOFFSIC \n \nLAMBERT Jean-Robert Officier des syst\u00e8mes d'information et de \ncommunication \n \nMERME Christophe Officier des syst\u00e8mes d'information et de \ncommunication \n \nPARDON Christophe Officier des syst\u00e8mes d'information et de \ncommunication OFFSIC \n     \nSDIS de C\u00f4te-d'Or - 21-2024-01-30-00018 - 2024_Liste d'aptitude op\u00e9rationnelle Systl\u00e8mes d'Information et de Communication 133\nMentionEmploi op\u00e9rationnel compl\u00e9mentaireNom Pr\u00e9nomOfficier des syst\u00e8mes d'information et deI VILBOUX Romain ' communication OFFSIC. XHAARD-BOLLON Nicolas | Officier des syst\u00e8mes_d'ir_tformation et de OFFSIC! _ communication .BIARD Herv\u00e9 | Chef de salle op\u00e9rationnelle | OCO-OTAU| BECQUET J\u00e9remy | Chef de salle op\u00e9rationnelle . OCO-OTAUl ETIENNE Chn;tophe_ Chef de salle op\u00e9rationnelle { OCO-OTAU, GREBILLE Jean | Chef de salle op\u00e9rationnelle OCO-OTAU: GUALDI Fabrice Chef de salle op\u00e9rationnelle ! OCO-OTAUJEANNIN S\u00e9bastien Chef de salle op\u00e9rationnelle | OCO-OTAU| LELARGE Pierre-Yves | Chef de salle op\u00e9rationnelle OCO-OTAU- MELOT Christophe I ; Chef de salle op\u00e9rationnelle OCO-OTAUBERNIER Julien Adjoint chef de salle op\u00e9rationnelle OCO-OTAU| BRUNET Morgan Adjoint chef de salle op\u00e9rationnelle OCO-OTAUFAUCHARD C\u00e9dric : Adjoint chef de salle op\u00e9rationnelle . OCO-OTAUFLECHARD Julien Adjoint chef de salle op\u00e8rationnel\u2014l;h 00 OE:O-OTAU* PETIT Maxime ! Adjoint chef de salle op\u00e9rationnelle | OCO-OTAU\u0152I\u00c7IS\u00c7S\u00e4)g;tlen | Adjoint chef de salle op\u00e9rationnelle : OCO-OTAU! BAUDEGARD Roma_ir_llw Chef op\u00e9rateur de salle op\u00e9rationnelle : OCO-OTAUBOUCHER Herv\u00e9 i \"Chef op\u00e9rateur de salle op\u00e9rationnelle OCO-OTAUBOURGEOIS Blandine | C\"r_1ef op\u00e9rateur de salle op\u00e9rationnelle OCO-OTAU 'BR-EGAND Matthieu | Chef op\u00e9rateur de salle op\u00e9rationnelle OC\u00d4-OTAU\u00cbI\\)I\u00cb\u00cbQ\u00dc!TXEm...en | Chef op\u00e9rateur de salle op\u00e9rationnelle OCO-OTAU, DELPIT Geoffrey ; Chef op\u00e9rateur de salle op\u00e9rationnelle OCO-OTAUDUBOIS C\u00e9dric Chef op\u00e9rateur de salle op\u00e9rationnelle OCO-O'E\u00c0UDURAND Maxime \"Chef op\u00e9rateur de salle op\u00e9rationnelle OCO-OTAUFURDIN David Chef op\u00e9rateur de salle op\u00e9rationnelle OCO-OTAU '\u00caKLIN_SKIEU\u2014engn Chef op\u00e9rateur de salle op\u00e9rationnelle BE\u00d4-OTAULANNI Thomas Chef op\u00e9rateur de salle op\u00e9rationnelle OCO-OTAU| LEGROS Antoine Chef op\u00e9rateur de salle op\u00e9rationnelle OCO-OTAU... LEGROS C\u00e9line Chef op\u00e9rateur de sal\u2014l\u2014e-.v\u00f4p\u00e9rationnelle OCO-OTAU: MIGE\u00d4N- Matthieu Chef op\u00e9rateur de salle op\u00e9rationnelle OE\u00d4;.OTAU' MOUSSERON Sophie ...Chef op\u00e9rateur de salle op\u00e9rationnelle OCO-OTALJPIVEL \u00c2l-exis Chef op\u00e9rateur de salle op\u00e9rationnell-\u00e8 O\u00e9\u00d4-\u00d4TAU\nOFFSIC VILBOUX Romain Officier des syst\u00e8mes d'information et de \ncommunication \nMention \ncompl\u00e9mentaire Emploi op\u00e9rationnel \nOCO-OTAU Chef de salle op\u00e9rationnelle \nGREBILLE Jean Chef de salle op\u00e9rationnelle \t OCO-OTAU \nOCO-OTAU GUALDI Fabrice Chef de salle op\u00e9rationnelle \nBECQUET J\u00e9r\u00e9my \nETIENNE Christophe Chef de salle op\u00e9rationnelle \t OCO-OTAU \nNom Pr\u00e9nom \nChef op\u00e9rateur de salle op\u00e9rationnelle \t OCO-OTAU DE MESQUITA Emilien \nBOURGEOIS Blandine Chef op\u00e9rateur de salle op\u00e9rationnelle \t OCO-OTAU \nChef op\u00e9rateur de salle op\u00e9rationnelle \t OCO-OTAU BOUCHER Herv\u00e9 \nBRUNET Morgan Adjoint chef de salle op\u00e9rationnelle \t OCO-OTAU \nFAUCHARD C\u00e9dric Adjoint chef de salle op\u00e9rationnelle \t OCO-OTAU \nFLECHARD Julien Adjoint chef de salle op\u00e9rationnelle \t OCO-OTAU \nPETIT Maxime Adjoint chef de salle op\u00e9rationnelle \t OCO-OTAU \nPIGNON S\u00e9bastien \nBAUDEGARD Romain \nAdjoint chef de salle op\u00e9rationnelle \t OCO-OTAU \nChef op\u00e9rateur de salle op\u00e9rationnelle \t OCO-OTAU \nBERNIER Julien Adjoint chef de salle op\u00e9rationnelle OCO-OTAU \nBREGAND Matthieu Chef op\u00e9rateur de salle op\u00e9rationnelle \t OCO-OTAU \nDUBOIS C\u00e9dric \n \nChef op\u00e9rateur de salle op\u00e9rationnelle \t OCO-OTAU \n   \nLANNI Thomas Chef op\u00e9rateur de salle op\u00e9rationnelle \t OCO-OTAU \nLEGROS Antoine Chef op\u00e9rateur de salle op\u00e9rationnelle \t OCO-OTAU \nLEGROS C\u00e9line \nMIGEON Matthieu \nChef op\u00e9rateur de salle op\u00e9rationnelle \t OCO-OTAU \nChef op\u00e9rateur de salle op\u00e9rationnelle \t OCO-OTAU \nDURAND Maxime \t Chef op\u00e9rateur de salle op\u00e9rationnelle \t OCO-OTAU \nFURDIN David \nKURKLINSKI Quentin \nChef op\u00e9rateur de salle op\u00e9rationnelle \t OCO-OTAU \nChef op\u00e9rateur de salle op\u00e9rationnelle \t OCO-OTAU \nJEANNIN S\u00e9bastien \t Chef de salle op\u00e9rationnelle \t OCO-OTAU \nLELARGE Pierre-Yves \t Chef de salle op\u00e9rationnelle \t OCO-OTAU \nMELOT Christophe \t Chef de salle op\u00e9rationnelle \t OCO-OTAU \nDELPIT Geoffrey \t Chef op\u00e9rateur de salle op\u00e9rationnelle \t OCO-OTAU \nMOUSSERON Sophie \t Chef op\u00e9rateur de salle op\u00e9rationnelle \t OCO-OTAU \nPIVEL Alexis \t Chef op\u00e9rateur de salle op\u00e9rationnelle \t OCO-OTAU \nSDIS de C\u00f4te-d'Or - 21-2024-01-30-00018 - 2024_Liste d'aptitude op\u00e9rationnelle Systl\u00e8mes d'Information et de Communication 134\nNom Pr\u00e9nom Empiloi op\u00e9rationnelMention\n| BOUCHER |sabelle\ncompl\u00e9mentaireRENGEL Teddy Chef op\u00e9rateur de salle op\u00e9rationnelle ! OCO-OTAULECOMTE Jean-Baptiste Op\u00e9rateur de coordinati_on op\u00e9rationnelle . OCO-PCTACde PC tactique |! J Op\u00e9rateur de coordination op\u00e9rationnelle _MINET Jean-Yves de PC tactique OCO-PCTACWALLET Florent Op\u00e9rateur de coordtnati_on op\u00e9rationnelle OCO-PCTACde PC tactique !| Op\u00e9rateur en CTA-CODIS | /* R\u00e9f\u00e9rent de sp\u00e9cialit\u00e9 \u00ab syst\u00e8mes d'information et de communication \u00bbArticle 2 : Le sous-pr\u00e9fet, directeur de cabinet, et le directeur d\u00e9partemental des services d'incendie et desecours sont charg\u00e9s, chacun en ce qui le concerne, de I'ex\u00e9cution du pr\u00e9sent arr\u00eat\u00e9 qui sera publi\u00e9 aurecueil des actes administratifs de la pr\u00e9fecture de la C\u00f4te-d'Or.\nDijon, le 3 Q JAN, 2024\nLe pr\u00e9fet,Pour le Pr\u00e9fet et par d\u00e9l\u00e9gation,Le Sous-Pr\u00e9fet,Directeur de Cabinet\n[\nOlivler GERSTL\u00c9\nNom Pr\u00e9nom Emploi op\u00e9rationnel \n \nMention \ncompl\u00e9mentaire \nOCO-OTAU \n \n    \nRENGEL Teddy Chef op\u00e9rateur de salle op\u00e9rationnelle \n  \n   \n     \nLECOMTE Jean-Baptiste Op\u00e9rateur de coordination op\u00e9rationnelle \nde PC tactique OCO-PCTAC \nMINET Jean-Yves Op\u00e9rateur de coordination op\u00e9rationnelle \nde PC tactique OCO-PCTAC \nWALLET Florent Op\u00e9rateur de coordination op\u00e9rationnelle \nde PC tactique OCO-PCTAC \nBOUCHER Isabelle \t Op\u00e9rateur en CTA-CODIS \n* R\u00e9f\u00e9rent de sp\u00e9cialit\u00e9 \u00ab syst\u00e8mes d'information et de communication \u00bb \nArticle 2 : Le sous-pr\u00e9fet, directeur de cabinet, et le directeur d\u00e9partemental des services d'incendie et de \nsecours sont charg\u00e9s, chacun en ce qui le concerne, de l'ex\u00e9cution du pr\u00e9sent arr\u00eat\u00e9 qui sera publi\u00e9 au \nrecueil des actes administratifs de la pr\u00e9fecture de la C\u00f4te-d'Or. \nDijon, le 3 0 JAN, 2024 \nLe pr\u00e9fet, \nPour le Pr\u00e9fet et par d\u00e9l\u00e9gation, \nLe Sous-Pr\u00e9fet, \nDirecteur de Cabinet \nOlivier GERSTL\u00c9 \nSDIS de C\u00f4te-d'Or - 21-2024-01-30-00018 - 2024_Liste d'aptitude op\u00e9rationnelle Systl\u00e8mes d'Information et de Communication 135\nSDIS de C\u00f4te-d'Or\n21-2024-01-30-00019\n2024_Liste d'aptitude op\u00e9rationnelle Unit\u00e9\nCynotechnique\nSDIS de C\u00f4te-d'Or - 21-2024-01-30-00019 - 2024_Liste d'aptitude op\u00e9rationnelle Unit\u00e9 Cynotechnique 136\nPREFETDE LA ICCOTE-D'OR eLibert\u00e9 22 D Boulevard Winston ChurchillCS 16209 - 21 062 DIJON Cedex\u00c9galit\u00e9Affaire suivie par : sous-direction optimisation du potentiel op\u00e9rationnelSDIS 21 / service \u00e9quipes sp\u00e9cialis\u00e9esT\u00e9l : 03 80 11 27 87M\u00e9l : formation@sdis21.orgArr\u00eat\u00e9Portant sur la liste d'aptitude op\u00e9rationnelleUnit\u00e9 \u00ab cynotechnique \u00bbAnn\u00e9e 2024Le pr\u00e9fet de la C\u00f4te-d'OrVu le code g\u00e9n\u00e9ral des collectivit\u00e9s territoriales et particuli\u00e8rement l'article R 1424-54 ;Vu l'arr\u00eat\u00e9 du 22 ao\u00fbt 2019 relatif aux formations des sapeurs-pompiers professionnels et volontaires ;Vu l'arr\u00eat\u00e9 du 15 juillet 2022 relatif \u00e0 la d\u00e9signation et aux missions des r\u00e9f\u00e9rents de sp\u00e9cialit\u00e9s mentionn\u00e9s \u00e0 l'articleR. 722-1 du code de la s\u00e9curit\u00e9 int\u00e9rieure ;Vu l'arr\u00eat\u00e9 pr\u00e9fectoral du 18 septembre 2020 fixant la liste des unit\u00e9s op\u00e9rationnelles ;Vu le reglement op\u00e9rationnel du service d\u00e9partemental d'incendie et de secours de la C\u00f4te-d'Or en date du 06 octobre2021 ;Vu le SDACR approuv\u00e9 par arr\u00eat\u00e9 pr\u00e9fectoral n\u00b0 250, du 18 mai 2015 ;Vu le guide de doctrine op\u00e9rationnelle \u00ab engagement des \u00e9quipes cynotechniques \u00bb de novembre 2022 ;Vu la participation des agents d\u00e9sign\u00e9s aux activit\u00e9s de formation et de maintien et de perfectionnement des acquis ;Vu le nombre de chefs d'unit\u00e9 cynotechnique (2), de conducteur cynotechnique (2) ;Sur proposition de monsieur le directeur d\u00e9partemental des services d''incendie et de secours ;ARR\u00caTEArticle1 : La liste annuelle d'aptitude op\u00e9rationnelle de l'unit\u00e9 \u00ab cynotechnique \u00bb du d\u00e9partement de laC\u00f4te-d'Or, s'\u00e9tablit comme suit :MAITRE-CHIEN CHIENNom Pr\u00e9nom Emploi Nom Nide tat;:uuca\u00e2e oulde RaceGAILLARD Yann - c\u00cenho\u00ce\u00cfe\u00e4unr;g\u00eee e Sl e 25026P9U8C1e2273075 E?:\u00b0Jh'\u00a3rsu MEsL US c\u00ffnho\u00eeg\u00ee;\u00efunr:\u00e4\u00eee e eBERMGEIC. Syvan cfi\\%r:ggr?rtfi;&e Ruben = | e 25026P9L\u00c8C(\u00ce8747639 \u00abJ TFAURE Benjanie cy\u00ee\u00e4g\u00e4\u00ee\u00ee\u00e4\u00fce FIome S T\u00c9Re 25026Psu7c1ezssz709 ..* R\u00e9f\u00e9rent de sp\u00e9cialit\u00e9 \u00ab cynotechnique \u00bbArticle 2 : Le sous-pr\u00e9fet, directeur de cabinet, et le directeur d\u00e9partemental des services d''incendie et desecours sont charg\u00e9s, chacun en ce qui le concerne, de l'ex\u00e9cution du pr\u00e9sent arr\u00eat\u00e9 qui sera publi\u00e9 aurecueil des actes administratifs de la pr\u00e9fecture de la C\u00f4te-d'Or.Dijon, le 3 0 JAN, 2024Le pr\u00e9fet,Pour le Pr\u00e9fet et par d\u00e9l\u00e9gation,Le [Spus-Pr\u00e9fet,Directepr met\nOlivier GERSTLE\nOlivier GERSTL\u00c9 \nILZ \nPR\u00c9FET \nDE LA \nC\u00d4TE-D'OR \nLibert\u00e9 \n\u00c9galit\u00e9 \nFraternit\u00e9 \n22 D Boulevard Winston Churchill \nCS 16209 - 21 062 DIJON Cedex \nSDIS de la C\u00f4te-d'Or \nAffaire suivie par : sous-direction optimisation du potentiel op\u00e9rationnel \nSDIS 21 / service \u00e9quipes sp\u00e9cialis\u00e9es \nT\u00e9l : 03 80 11 27 87 \nM\u00e9l : formation@sdis21.org  \nArr\u00eat\u00e9 \nPortant sur la liste d'aptitude op\u00e9rationnelle \nUnit\u00e9 \u00ab cynotechnique \u00bb \nAnn\u00e9e 2024 \nLe pr\u00e9fet de la C\u00f4te-d'Or \nVu le code g\u00e9n\u00e9ral des collectivit\u00e9s territoriales et particuli\u00e8rement l'article R 1424-54 ; \nVu l'arr\u00eat\u00e9 du 22 ao\u00fbt 2019 relatif aux formations des sapeurs-pompiers professionnels et volontaires ; \nVu l'arr\u00eat\u00e9 du 15 juillet 2022 relatif \u00e0 la d\u00e9signation et aux missions des r\u00e9f\u00e9rents de sp\u00e9cialit\u00e9s mentionn\u00e9s \u00e0 l'article \nR. 722-1 du code de la s\u00e9curit\u00e9 int\u00e9rieure ; \nVu l'arr\u00eat\u00e9 pr\u00e9fectoral du 18 septembre 2020 fixant la liste des unit\u00e9s op\u00e9rationnelles ; \nVu le r\u00e8glement op\u00e9rationnel du service d\u00e9partemental d'incendie et de secours de la C\u00f4te-d'Or en date du 06 octobre \n2021 , \nVu le SDACR approuv\u00e9 par arr\u00eat\u00e9 pr\u00e9fectoral n\u00b0 250, du 18 mai 2015 ; \nVu le guide de doctrine op\u00e9rationnelle \u00ab engagement des \u00e9quipes cynotechniques \u00bb de novembre 2022 ; \nVu la participation des agents d\u00e9sign\u00e9s aux activit\u00e9s de formation et de maintien et de perfectionnement des acquis ; \nVu le nombre de chefs d'unit\u00e9 cynotechnique (2), de conducteur cynotechnique (2) ; \nSur proposition de monsieur le directeur d\u00e9partemental des services d'incendie et de secours ; \nARR\u00caTE \nArticle 1 : La liste annuelle d'aptitude op\u00e9rationnelle de l'unit\u00e9 \u00ab cynotechnique \u00bb du d\u00e9partement de la \nC\u00f4te-d'Or, s'\u00e9tablit comme suit : \nMAITRE-CHIEN CHIEN \nNom Pr\u00e9nom Emploi Nom N\u00b0 de ta \npuce  \nuage ou de Race \nGAILLARD Yann * Chef d'unit\u00e9 \ncynotechnique Noria Puce \nn\u00b0 250269812273075 \nBorder \nCollie \nGENTILHOMME Damien Chef d'unit\u00e9 \ncynotechnique Ixia Puce \nn\u00b0 250268730233220 \nBerger \nallemand \nBOUGETEL Sylvain Conducteur \ncynotechnique Ruben Puce \nn\u00b0 250269608747639 \nBerger belge \nmalinois \nJACQUOT-FAURE Benjamin Conducteur \ncynotechnique Plume n\u00b0 \t\nPuce \n250268712832709 \nBerger \nhollandais \n* R\u00e9f\u00e9rent de sp\u00e9cialit\u00e9 \u00ab cynotechnique \u00bb \nArticle 2 : Le sous-pr\u00e9fet, directeur de cabinet, et le directeur d\u00e9partemental des services d'incendie et de \nsecours sont charg\u00e9s, chacun en ce qui le concerne, de l'ex\u00e9cution du pr\u00e9sent arr\u00eat\u00e9 qui sera publi\u00e9 au \nrecueil des actes administratifs de la pr\u00e9fecture de la C\u00f4te-d'Or. \t\nDijon, le \t 3 0 JAN, 2024 \nLe pr\u00e9fet, \nPour le Pr\u00e9 -t et par d\u00e9l\u00e9gation, \nLe S I u Pr\u00e9fet, \nDirec e r \t omet \nSDIS de C\u00f4te-d'Or - 21-2024-01-30-00019 - 2024_Liste d'aptitude op\u00e9rationnelle Unit\u00e9 Cynotechnique 137\nSDIS de C\u00f4te-d'Or\n21-2024-01-30-00017\n2024_Liste d'aptitude op\u00e9rationnelle Unit\u00e9\nSauvetage D\u00e9blaiement\nSDIS de C\u00f4te-d'Or - 21-2024-01-30-00017 - 2024_Liste d'aptitude op\u00e9rationnelle Unit\u00e9 Sauvetage D\u00e9blaiement 138\nE.PR\u00c9FETDE LA P \u00c6C\u00d4TE-D'OR \u00e4\u00ff f.,)\u00cb\u00cbI\u00cf\u00ce'\u00cb 22 D Boulevard Winston ChurchillFraternit\u00e9 CS 16209 - 21 062 DIJON CedexSDIS de la C\u00f4te-d'OrAffaire suivie par : sous-direction optimisation du potentiel op\u00e9rationnelSDIS 21 / service \u00e9quipes sp\u00e9cialis\u00e9esT\u00e9l.-03 80 11.27 87M\u00e9l : formation@sdis21.orgArr\u00eat\u00e9Portant sur la liste d'aptitude op\u00e9rationnelleUnit\u00e9 de sauvetage d\u00e9blaiementAnn\u00e9e 2024Le pr\u00e9fet de la C\u00f4te-d'OrVu le code g\u00e9n\u00e9ral des collectivit\u00e9s territoriales et particuli\u00e8rement l'article R 1424-54 ;Vu l'arr\u00e9t\u00e9 du 6 mai 2000 modifi\u00e9 fixant les conditions d'aptitudes m\u00e9dicales des sapeurs-pompiers professionnels etvolontaires ;Vu l'arr\u00eat\u00e9 du 22 ao\u00fbt 2019 relatif aux formations des sapeurs-pompiers professionnels et volontaires ;Vu l'arr\u00eat\u00e9 du 15 juillet 2022 relatif \u00e0 la d\u00e9signation et aux missions des r\u00e9f\u00e9rents de sp\u00e9cialit\u00e9s mentionn\u00e9s \u00e0 l'articleR. 722-1 du code de la s\u00e9curit\u00e9 int\u00e9rieure ;Vu l'arr\u00eat\u00e9 pr\u00e9fectoral du 18 septembre 2020 fixant la liste des unit\u00e9s op\u00e9rationnelles ;Vu le r\u00e8glement op\u00e9rationnel du service d\u00e9partemental d'incendie et de secours de la C\u00f4te-d'Or en date du 06 octobre2021 ;Vu le SDACR approuv\u00e9 par arr\u00eat\u00e9 pr\u00e9fectoral n\u00b0 250, du 18 mai 2015 ;Vu le guide de doctrine op\u00e9rationnelle \u00ab interventions en milieux effondr\u00e9s ou instables \u00bb de septembre 2021 ;Vu la participation des agents d\u00e9sign\u00e9s aux activit\u00e9s de formation de maintien et de perfectionnement des acquis ;Vu le nombre de chef de section (1), chefs d'unit\u00e9 (13), de sauveteurs (40) ;Sur proposition de monsieur le directeur d\u00e9partemental des services d'incendie et de secours ;ARR\u00caTEArticle1 : La liste annuelle d\u00e9partementale d'aptitude op\u00e9rationnelle des sapeurs-pompiers de l'unit\u00e9\u00ab sauvetage d\u00e9blaiement \u00bb du d\u00e9partement de la C\u00f4te-d'Or s'\u00e9tablit comme suit :\nMention compl\u00e9mentaireNom Pr\u00e9nom Emploi op\u00e9rationnel Niveau de formationGENELOT Eric* USAR 3 Chef de section sauveteur d\u00e9blayeur Risques b\u00e2timentairesVALIBERT David \u00dcSAR 2 Chef d'unit\u00e9 sauveteur d\u00e9blayeur | /\u2014B\u00c0UDRAND Jullen T USAR 2 | Cher'\u2014c}unit\u00e9 sauveteur d\u00e9bf-ayeur Risques _b\u00e9timentairesBERNARD Ph:hppe USAR 2- Chefd unlte sa uveteur d\u00e9blayeur \"R-isques b\u00e2timentaires| BO\u0152-{ER Herv\u00e9 E \"\u2014L\u2014JSAR 2 Chef d unit\u00e9 sauveteur d\u00e9blayeur ; Risques -e\u00e4timentairesBOUILLOT Olivier USAR 2 Chef d unite sauveteur d\u00e9blayeur Risques b\u00e9t_ir;;nt;ires| COU.'\u0397':]N Lo\u00efc USAR 2 ) Chef d'unit\u00e9 s\u00e0 u-veteur d\u00e9blayeur ; R-isques b\u00e2timentairesGENETIER Bruno | USAR 2 Chef d'unit\u00e9 sauveteur d\u00e9blayeur Risques betimentaires| GREBILIEean \u00ceJQP\u00ceQ2 Chef d'unit\u00e9 sauveteur d\u00e9blayeur | /JACQUES Pascal USAR 2 Chef d'unit\u00e9 sauveteur d\u00e9blayeur !_rJEANNE Emrnanuel USA\u00ca 2 Cuef e'unit\u00e9 sauveteur d\u00e9blayeur ...\u2014Risques b\u00e2timentairesLALLEMAND Mathieu USAR 2 C\u00cbef d''unit\u00e9 sauveteur d\u00e9blayeur Risquee b\u00e2\u00eementafree-PAINBLANC Steve us llSAR 2 Chef(;unttesauveteur deblaye_ur /\nIr MI PR\u00c9FET \nDE LA \nC\u00d4TE-D'OR \nLibert\u00e9 \n\u00c9galit\u00e9 \nFraternit\u00e9 \n  \n \ne :e  \n \n \n22 D Boulevard Winston Churchill \nCS 16209 - 21 062 DIJON Cedex \n   \n  \nSDLS de la C\u00f4te-d'Or \n \nAffaire suivie par : sous-direction optimisation du potentiel op\u00e9rationnel \nSDIS 21 / service \u00e9quipes sp\u00e9cialis\u00e9es \nT\u00e9l : 03 80 11 27 87 \nM\u00e9l : formation@sdis21.org  \nArr\u00eat\u00e9 \nPortant sur la liste d'aptitude op\u00e9rationnelle \nUnit\u00e9 de sauvetage d\u00e9blaiement \nAnn\u00e9e 2024 \nLe pr\u00e9fet de la C\u00f4te-d'Or \nVu le code g\u00e9n\u00e9ral des collectivit\u00e9s territoriales et particuli\u00e8rement l'article R 1424-54 ; \nVu l'arr\u00eat\u00e9 du 6 mai 2000 modifi\u00e9 fixant les conditions d'aptitudes m\u00e9dicales des sapeurs-pompiers professionnels et \nvolontaires ; \nVu l'arr\u00eat\u00e9 du 22 ao\u00fbt 2019 relatif aux formations des sapeurs-pompiers professionnels et volontaires ; \nVu l'arr\u00eat\u00e9 du 15 juillet 2022 relatif \u00e0 la d\u00e9signation et aux missions des r\u00e9f\u00e9rents de sp\u00e9cialit\u00e9s mentionn\u00e9s \u00e0 l'article \nR. 722-1 du code de la s\u00e9curit\u00e9 int\u00e9rieure ; \nVu l'arr\u00eat\u00e9 pr\u00e9fectoral du 18 septembre 2020 fixant la liste des unit\u00e9s op\u00e9rationnelles ; \nVu le r\u00e8glement op\u00e9rationnel du service d\u00e9partemental d'incendie et de secours de la C\u00f4te-d'Or en date du 06 octobre \n2021 , \nVu le SDACR approuv\u00e9 par arr\u00eat\u00e9 pr\u00e9fectoral n\u00b0 250, du 18 mai 2015 ; \nVu le guide de doctrine op\u00e9rationnelle \u00ab interventions en milieux effondr\u00e9s ou instables \u00bb de septembre 2021 ; \nVu la participation des agents d\u00e9sign\u00e9s aux activit\u00e9s de formation de maintien et de perfectionnement des acquis ; \nVu le nombre de chef de section (1), chefs d'unit\u00e9 (13), de sauveteurs (40) ; \nSur proposition de monsieur le directeur d\u00e9partemental des services d'incendie et de secours ; \nARR\u00caTE \nArticle 1 : La liste annuelle d\u00e9partementale d'aptitude op\u00e9rationnelle des sapeurs-pompiers de l'unit\u00e9 \n\u00ab sauvetage d\u00e9blaiement \u00bb du d\u00e9partement de la C\u00f4te-d'Or s'\u00e9tablit comme suit : \nNom Pr\u00e9nom Emploi op\u00e9rationnel Niveau de formation Mention compl\u00e9mentaire \nGENELOT Eric * USAR 3 Chef de section sauveteur d\u00e9blayeur Risques b\u00e2timentaires \nALIBERT David USAR 2 Chef d'unit\u00e9 sauveteur d\u00e9blayeur \nBAUDRAND Julien USAR 2 Chef d'unit\u00e9 sauveteur d\u00e9blayeur Risques b\u00e2timentaires \nBERNARD Philippe USAR 2 Chef d'unit\u00e9 sauveteur d\u00e9blayeur Risques b\u00e2timentaires \nBOUCHER Herv\u00e9 USAR 2 Chef d'unit\u00e9 sauveteur d\u00e9blayeur Risques b\u00e2timentaires \nBOUILLOT Olivier USAR 2 Chef d'unit\u00e9 sauveteur d\u00e9blayeur Risques b\u00e2timentaires \nCOUSIN La\u00efc USAR 2 Chef d'unit\u00e9 sauveteur d\u00e9blayeur Risques b\u00e2timentaires \nGENETIER Bruno USAR 2 Chef d'unit\u00e9 sauveteur d\u00e9blayeur Risques b\u00e2timentaires \nGREBILLE Jean USAR 2 Chef d'unit\u00e9 sauveteur d\u00e9blayeur \nJACQUES Pascal USAR 2 Chef d'unit\u00e9 sauveteur d\u00e9blayeur \nJEANNE Emmanuel USAR 2 Chef d'unit\u00e9 sauveteur d\u00e9blayeur Risques b\u00e2timentaires \nLALLEMAND Mathieu USAR 2 Chef d'unit\u00e9 sauveteur d\u00e9blayeur Risques b\u00e2timentaires \nPAINBLANC Steve USAR 2 Chef d'unit\u00e9 sauveteur d\u00e9blayeur \nSDIS de C\u00f4te-d'Or - 21-2024-01-30-00017 - 2024_Liste d'aptitude op\u00e9rationnelle Unit\u00e9 Sauvetage D\u00e9blaiement 139\n- Nom Pr\u00e9nomEmploi op\u00e9rationnelS Niv\u00ff\u00e0\u00e7'de qum\u00e0tion{ Mention compl\u00e9mentaireChef d'unit\u00e9 sauveteur d\u00e9blayeur; TILLIER Herv\u00e9 USAR 2 | . /\u00ce\u00c6\u00dc\u00c6R'T Th\u00e9c->__... USAR 1 Sauveteur d\u00e9blayeur /' AUBRY Christophe USAR 1 u Sauveteur d\u00e9blayeur ; u / 'BAZINMarc _ | USAR 1 Sauveteur d\u00e9blayeur ' / |' BONNET St\u00e9phane | USAR 1 | \" Sauveteur d\u00e9blayeur C4BOURDIER Roger : USAR 1 l Sauveteur d\u00e9blayeur o _:\u2014_ \u00ce L! BOUVIER St\u00e9phane | USAR 1 Sauveteur d\u00e9blayeur C0- BRICHETEAU Quentin USAR: Sauveteur d\u00e9blayeur ' 0 \u2014\u00cf 10CAMUSET J\u00e9r\u00f4me I\"LIJSAR 1 Sauveteur d\u00e9blayeur / |CONTET Cyrill USAR 1 | Sauveteur d\u00e9blayeur LN  \"_iCOUTACHOT S\u00e9bastien E USAR 1 ' Sauveteur d\u00e9blayeur /: DA SILVA Jules USAR 1 Sauveteur d\u00e9blayeur ; / iDEMARCH Johann - USAR 1 Sauveteur d\u00e9blayeur I / |DEVAUX Antoin\u00e9_h USAR 1 ' Sauveteur d\u00e9blayeur /'DOUSSOT Emilien | USAR 1 ! Sauveteur d\u00e9blayeur /DUPREY Arnaud USAR 1 o Sauveteur d\u00e9blayeur | | /DURANDFlorian Q \u00ceJSAR 1 i Sauveteur d\u00e9blayeur /FABERT Thomas\u2014... ; USAR 1 ; Sauveteur d\u00e9blayeur ! /_'I;\\VRE P\u00c9\u0152\u2014 ' USAR 1 ; Sauveteur d\u00e9blayeur /. FOUQUERAND Ga\u00ebl USAR1 \u2014 l Sauveteur d\u00e9blayeur 11GAUTHEY Eric _ | USAR 1 Sauveteur d\u00e9blayeur | /GOUX Antonin USAR 1 Sauveteur d\u00e9blayeur | /' GOUX Fr\u00e9d\u00e9ric USAR 1 Sauveteur d\u00e9blayeur o 1 |GOUX J\u00e9r\u00e9my USAR 1 Sauveteur d\u00e9blayeur l /KURKLINSKI Quentin USAR 1 ; Sauveteur d\u00e9blayeur /' LANDRY S\u00e9bastien ' USAR 1 , Sauveteur d\u00e9blayeur \u201471~-~\u2014-\u2014\u2014LESNE Gilles USAR 1 | Sauveteur d\u00e9blayeur / |. LORET Fr\u00e9d\u00e9ric USAR 1 Sauveteur d\u00e9blayeur ! |:MARZAK Amir ) U\u00c8AR 1 Sauveteur d\u00e9blayeur ; \u2014/\u2014 e.\u2014MIGNON Claude USAR 1 Sauveteur d\u00e9blayeur /NICOLAS Michel USAR 1 Sauveteur d\u00e9blayeur /PATIN Antoine \u2014 USA_F\\: _1 Sauveteur d\u00e9blayeur /\u2014 BPAYSAN Augustin USAR 1 Sauveteur d\u00e9blayeur /PIATON Manuel USAR 1 Sauveteur d\u00e9blayeur /PORCHERAY Guillaume ) USAR 1 Sauveteur d\u00e9blayeur /_ oRAGUENI;AU Laurent USAR 1 Sauveteur d\u00e9blayeur /. RICHARD Ludovic USAR 1 gauveteur d\u00e9blayeur /SCHMIDT C\u00e9dric B - USAR 1 Sauveteur d\u00e9b.l_e;;z'a'u\"r - /TROUSSARD Nicolas USAR 1 C Sauveteur d\u00e9blayeur | / 1;_flJ\u2014RC Rapha\u00ebl - USAR 1 Sauveteur d\u00e9blayeur - /USAR 1 -Sauveteur d\u00e9blayeur ' /VERSCHAEVE Ludwig* R\u00e9f\u00e9rent de sp\u00e9cialit\u00e9 \u00ab sauvetage d\u00e9blaiement \u00bb\nNom Pr\u00e9nom Emploi op\u00e9rationnel Niveattde formation Mention compl\u00e9mentaire \nTILLIER Herv\u00e9 \t USAR 2 Chef d'unit\u00e9 sauveteur d\u00e9blayeur \t / \nAUBERT Th\u00e9o USAR 1 Sauveteur d\u00e9blayeur \nAUBRY Christophe USAR 1 Sauveteur d\u00e9blayeur \nBAZIN Marc USAR 1 Sauveteur d\u00e9blayeur \nBONNET St\u00e9phane USAR 1 Sauveteur d\u00e9blayeur \nBOURDIER Roger USAR 1 Sauveteur d\u00e9blayeur \nBOUVIER St\u00e9phane USAR 1 Sauveteur d\u00e9blayeur \nBRICHETEAU Quentin USAR 1 Sauveteur d\u00e9blayeur \nCAMUSET J\u00e9r\u00f4me USAR 1 Sauveteur d\u00e9blayeur \nCONTET Cyrill USAR 1 Sauveteur d\u00e9blayeur \nCOUTACHOT S\u00e9bastien USAR 1 Sauveteur d\u00e9blayeur \nDA SILVA Jules USAR 1 Sauveteur d\u00e9blayeur \nDEMARCH Johann USAR 1 Sauveteur d\u00e9blayeur / \nDEVAUX Antoine USAR 1 Sauveteur d\u00e9blayeur / \nDOUSSOT Emilien USAR 1 Sauveteur d\u00e9blayeur / \nDUPREY Arnaud USAR 1 Sauveteur d\u00e9blayeur / \nDURAND Florian USAR 1 Sauveteur d\u00e9blayeur / \nFABERT Thomas USAR 1 Sauveteur d\u00e9blayeur / \nFAVRE Philippe USAR 1 Sauveteur d\u00e9blayeur / \nFOUQUERAND Ga\u00ebl USAR 1 \t 1 Sauveteur d\u00e9blayeur I \nGAUTHEY Eric USAR 1 Sauveteur d\u00e9blayeur / \nGOUX Antonin USAR 1 Sauveteur d\u00e9blayeur / \nGOUX Fr\u00e9d\u00e9ric USAR 1 Sauveteur d\u00e9blayeur \nGOUX J\u00e9r\u00e9my USAR 1 Sauveteur d\u00e9blayeur \nKURKLINSKI Quentin USAR 1 Sauveteur d\u00e9blayeur \n  \nLANDRY S\u00e9bastien USAR 1 Sauveteur d\u00e9blayeur \n  \nLESNE Gilles USAR 1 Sauveteur d\u00e9blayeur \nLORET Fr\u00e9d\u00e9ric \t USAR 1 \t Sauveteur d\u00e9blayeur \t / \nMARZAK Amir \t USAR 1 \t Sauveteur d\u00e9blayeur \t / \nMIGNON Claude \t USAR 1 \t Sauveteur d\u00e9blayeur \t / \nNICOLAS Michel \t USAR 1 \t Sauveteur d\u00e9blayeur \nPATIN Antoine \t USAR 1 \t Sauveteur d\u00e9blayeur \nPAYSAN Augustin \t USAR 1 \t Sauveteur d\u00e9blayeur \nPIATON Manuel USAR 1 \nUSAR 1 \nSauveteur d\u00e9blayeur \nPORCHERAY Guillaume Sauveteur d\u00e9blayeur \nRAGUENEAU Laurent \t USAR 1 Sauveteur d\u00e9blayeur \nRICHARD Ludovic \t USAR 1 Sauveteur d\u00e9blayeur \nSCHMIDT C\u00e9dric \t USAR 1 \t Sauveteur d\u00e9blayeur \nTROUSSARD Nicolas \t USAR 1 \t Sauveteur d\u00e9blayeur \nTURC Rapha\u00ebl \t USAR 1 \t Sauveteur d\u00e9blayeur \nVERSCHAEVE Ludwig \t USAR 1 \n \nSauveteur d\u00e9blayeur \n\" R\u00e9f\u00e9rent de sp\u00e9cialit\u00e9 \u00ab sauvetage d\u00e9blaiement \u00bb \nSDIS de C\u00f4te-d'Or - 21-2024-01-30-00017 - 2024_Liste d'aptitude op\u00e9rationnelle Unit\u00e9 Sauvetage D\u00e9blaiement 140\nArticle 2 : Le sous-pr\u00e9fet, directeur de cabinet, et le directeur d\u00e9partemental des services d'incendie et desecours sont charg\u00e9s, chacun en ce qui le concerne, de I'ex\u00e9cution du pr\u00e9sent arr\u00eat\u00e9 qui sera publi\u00e9 aurecueil des actes administratifs de la pr\u00e9fecture de la C\u00f4te-d'Or.Dijon, le 30 JAN, 2024\nLe pr\u00e9fet,Pour le Pr\u00e9fet et par d\u00e9l\u00e9gation,Le Sous-Pr\u00e9fet,Directeur de Cabinet\nivier GERSTLE\nivier GERSTL\u00c9 \nArticle 2 : Le sous-pr\u00e9fet, directeur de cabinet, et le directeur d\u00e9partemental des services d'incendie et de \nsecours sont charg\u00e9s, chacun en ce qui le concerne, de l'ex\u00e9cution du pr\u00e9sent arr\u00eat\u00e9 qui sera publi\u00e9 au \nrecueil des actes administratifs de la pr\u00e9fecture de la C\u00f4te-d'Or. \nDijon, le 3 0 JAN. 2024 \nLe pr\u00e9fet, \nPour le Pr\u00e9fet et par d\u00e9l\u00e9gation, \nLe Sous-Pr\u00e9fet, \nDirecteur de Cabinet \nSDIS de C\u00f4te-d'Or - 21-2024-01-30-00017 - 2024_Liste d'aptitude op\u00e9rationnelle Unit\u00e9 Sauvetage D\u00e9blaiement 141","date":"2024-02-23","first_seen_on":"2025-09-14T08:28:53+00:00","id":"db05fb4cce5c746e2f57219f6ff6a906286aeffc317b399ff4ad2de032114160","name":"RAA n\u00b0 030 du 16 f\u00e9vrier 2024","pdf_creation_date":"2024-02-16T14:48:58+00:00","pdf_modification_date":null,"timezone":"Europe/Paris","url":"https://www.cote-dor.gouv.fr/contenu/telechargement/20705/158648/file/recueil-21-2024-030-recueil-des-actes-administratifs-special.pdf"}
