{"administration":"pref30","administration_name":"Pr\u00e9fecture du Gard","content":"PR\u00c9FET\nDU GARD\nRECUEIL DES ACTES\nADMINISTRATIFS SP\u00c9CIAL\nN\u00b030-2026-043\nPUBLI\u00c9 LE  4 MARS 2026\nSommaire\nDirection D\u00e9partementale des Tetrritoires et de la Mer du Gard / SATSU\nservice d'am\u00e9nagement territorial sud et urbanisme\n30-2026-03-04-00005 - ART 20260304 Delegation DP EPF Poulx-1 (3 pages) Page 3\nPrefecture du Gard / CABINET\n30-2026-03-04-00004 - Arr\u00eat\u00e9 N\u00b030-2026-03-04-00004 portant\ninterdiction des rassemblements festifs \u00e0 caract\u00e8re musical et\ninterdiction de circulation des poids lourds transportant du mat\u00e9riel de\nsons \u00e0 destination d'un rassemblement festif \u00e0 caract\u00e8re musical\nnon autoris\u00e9 dans le d\u00e9partement du Gard du vendredi 6 mars au lundi\n9 mars 2026 (6 pages) Page 7\n2\nDirection D\u00e9partementale des Tetrritoires et de\nla Mer du Gard\n30-2026-03-04-00005\nART 20260304 Delegation DP EPF Poulx-1\nDirection D\u00e9partementale des Tetrritoires et de la Mer du Gard - 30-2026-03-04-00005 - ART 20260304 Delegation DP EPF Poulx-1 3\nGER Direction d\u00e9partementaleLibert\u00e9 des territoires et de la mer\u00c9galit\u00e9Fraternit\u00e9\nService am\u00e9nagement territorial Rh\u00f4ne,Garrigue et MerAffaire suivie par : Jean-Marc LacarrauT\u00e9l. : 04 66 62 65 26jean-marc.lacarrau@gard.gouv.fr\nARRETE N\u00b0pronon\u00e7ant d\u00e9l\u00e9gation de l'exercice du droit de pr\u00e9emption urbain au profit de l'\u00e9tablissement publicfoncier d'Occitanie sur la commune de Poulx\nLe pr\u00e9fet du GardChevalier de la L\u00e9gion d'honneur,Officier de l'ordre national du M\u00e9rite\nVU le code de la construction et de l'habitation et notamment ses articles L. 302-5 \u00e0 L. 302-9-2, L. 443-7et R. 302-14 \u00e0 R. 302-26 ;VU le code de l'urbanisme et notamment ses articles L. 210-1, L. 213-2, L. 321-1, L.422-2 et R.422-2 ;VU la loi n\u00b0 2000-1208 du 13 d\u00e9cembre 2000 relative a la solidarit\u00e9 et au renouvellement urbains,notamment modifi\u00e9e par la loi n\u00b0 2001-1168 du 11 d\u00e9cembre 2001 portant mesures urgentes de r\u00e9formes\u00e0 caract\u00e8re \u00e9conomique et financier et par la loi n\u00b0 2006-872 du 13 juillet 2006 portant engagementnational pour le logement;VU la loi n\u00b0 2006-872 du 13 juillet 2006 portant engagement national pour le logement;VU la loi n\u00b0 2007-290 du 5 mars 2007 instituant le droit opposable au logement et portant diversesmesures relatives a la coh\u00e9sion sociale ;VU la loi n\u00b0 2013-61 du 18 janvier 2013 relative \u00e0 la mobilisation du foncier public en faveur du logementet au renforcement des obligations de production de logement social ;VU la loi n\u00b0 2017-86 du 27 janvier 2017 relative \u00e0 l'\u00e9galit\u00e9 et \u00e0 la citoyennet\u00e9 ;VU la loi n\u00b0 2018-1021 du 23 novembre 2018 portant \u00e9volution du logement, de l'am\u00e9nagement et dunum\u00e9rique;VU la loi n\u00b0 2022-217 du 21 f\u00e9vrier 2022 relative \u00e0 la diff\u00e9renciation, la d\u00e9centralisation, lad\u00e9concentration et portant diverses mesures de simplification de l'action publique locale;VU le d\u00e9cret n\u00b02008-670 du 02 juillet 2008 modifi\u00e9 par le d\u00e9cret n\u00b02017-386 portant cr\u00e9ation del'\u00c9tablissement Public Foncier d'Occitanie;\n89, rue Weber- 30907 NIMES CEDEX 2T\u00e9l : 04 66 62 62 00 - Fax : 04 66 23 28 79 - www.gard.gouv.fr\nDirection D\u00e9partementale des Tetrritoires et de la Mer du Gard - 30-2026-03-04-00005 - ART 20260304 Delegation DP EPF Poulx-1 4\nVU le d\u00e9cret du 13 juillet 2023 portant nomination de M. J\u00e9r\u00f4me BONET pr\u00e9fet du Gard;VU l'arr\u00eat\u00e9 pr\u00e9fectoral N\u00b030-2023-12-12-00009 du 12 d\u00e9cembre 2023 pronon\u00e7ant la carence d\u00e9finie parl'article L 302-9-1 du code de la construction et de l'habitation au titre de la p\u00e9riode triennale 2020-2022pour la commune de Poulx;VU la convention op\u00e9rationnelle sign\u00e9e le 16 f\u00e9vrier 2026 par le pr\u00e9fet du Gard, la commune de Poulx, lacommunaut\u00e9 d'agglom\u00e9ration Nimes M\u00e9tropole et l'\u00e9tablissement public foncier d'Occitanie, approuv\u00e9epar le pr\u00e9fet de R\u00e9gion d'Occitanie le 16 f\u00e9vrier 2026 d\u00e9finissant les modalit\u00e9s d'intervention de cet\u00e9tablissement et les engagements r\u00e9ciproques des parties signataires dans la mise en \u0153uvre du droit depr\u00e9emption sur la commune de Poulx;VU l'arr\u00eat\u00e9 pr\u00e9fectoral n\u00b030-2026-03-03-00003 instaurant le droit de pr\u00e9emption sur la commune dePoulx pendant la p\u00e9riode triennale 2023-2025Consid\u00e9rant qu'il r\u00e9sulte des dispositions de l'article L. 210-1 alin\u00e9a 2 du code de l'urbanisme quependant la dur\u00e9e d'application de l'arr\u00eat\u00e9 pr\u00e9fectoral susvis\u00e9 portant constat de carence le droit depr\u00e9emption est exerc\u00e9 par le repr\u00e9sentant de l'\u00c9tat dans le d\u00e9partement lorsque l'ali\u00e9nation porte sur undes biens ou droits \u00e9num\u00e9r\u00e9s aux 1\u00b0 \u00e0 4\u00b0 de l'article L. 213-1 du code de l'urbanisme, affect\u00e9 au logement ;\nConsid\u00e9rant qu'il r\u00e9sulte \u00e9galement des dispositions de l'article L. 210-1 alin\u00e9a 2 du code de l'urbanismeque le repr\u00e9sentant de l'\u00c9tat peut d\u00e9l\u00e9guer ce droit a un \u00e9tablissement public foncier cr\u00e9\u00e9 en applicationde l'article L321-1 du m\u00eame code;\nConsid\u00e9rant que la convention op\u00e9rationnelle pr\u00e9cit\u00e9e confie \u00e0 l'\u00e9tablissement public foncierd'Occitanie, sur les secteurs d\u00e9finis en annexe \u00e0 ladite convention, une mission d'acquisitions fonci\u00e8resen vue de la r\u00e9alisation d'op\u00e9rations de logements locatifs sociaux et projets d'am\u00e9nagementpermettant \u00e0 la commune de rattraper son retard en mati\u00e8re de production de logements locatifssociaux et qu'il convient dans cette perspective de d\u00e9l\u00e9guer l'exercice du droit de pr\u00e9emption \u00e0l'\u00e9tablissement public foncier d'Occitanie pour proc\u00e9der aux acquisitions n\u00e9cessaires \u00e0 la r\u00e9alisationdesdites op\u00e9rations ;\nConsid\u00e9rant que la convention op\u00e9rationnelle pr\u00e9cit\u00e9e, d'une dur\u00e9e de 8 ans, pr\u00e9voit dans son article6111 que si, pendant la dur\u00e9e de la convention, la commune fait l'objet d'un nouvel arr\u00eat\u00e9 pr\u00e9fectoral decarence \u00e0 l'issue de la p\u00e9riode triennale 2023-2025, la d\u00e9l\u00e9gation du droit de pr\u00e9emption \u00e0 l'EPFn\u00e9cessitera un nouvel arr\u00eat\u00e9 du repr\u00e9sentant de l'\u00c9tat dans le d\u00e9partement ;\nSur proposition de Monsieur le secr\u00e9taire g\u00e9n\u00e9ral de la pr\u00e9fecture\n89, rue Weber - 30907 NIMES CEDEX 2T\u00e9l : 04 66 62 62 00 - Fax : 04 66 23 28 79 - www.gard.gouv.fr\nDirection D\u00e9partementale des Tetrritoires et de la Mer du Gard - 30-2026-03-04-00005 - ART 20260304 Delegation DP EPF Poulx-1 5\nARRETEARTICLE 1:L'exercice du droit de pr\u00e9emption d\u00e9tenu par le repr\u00e9sentant de l'\u00c9tat dans le d\u00e9partement au titre desdispositions de l'article L.210-1 alin\u00e9a 2 du code de l'urbanisme est d\u00e9l\u00e9gu\u00e9 \u00e0 l'\u00e9tablissement publicfoncier d'Occitanie sur les p\u00e9rim\u00e8tres de la commune de Poulx tels que d\u00e9finis dans la conventionop\u00e9rationnelle susvis\u00e9e.ARTICLE 2:L'\u00e9tablissement public foncier d'Occitanie exercera ledit droit dans les conditions fix\u00e9es par laconvention op\u00e9rationnelle susvis\u00e9e et dans le respect des dispositions du code de l'urbanisme et autrestextes en vigueur.\nARTICLE 3:Le pr\u00e9sent arr\u00e9t\u00e9 est ex\u00e9cutoire a compter de sa publication au recueil des actes administratifs dud\u00e9partement.\nARTICLE 4:Le secr\u00e9taire g\u00e9n\u00e9ral de la pr\u00e9fecture et le directeur d\u00e9partemental des territoires et de la mer sontcharg\u00e9s, chacun en ce qui le concerne, de l'ex\u00e9cution du pr\u00e9sent arr\u00eat\u00e9 qui sera publi\u00e9 au recueil desactes administratifs du Gard.\nN\u00eemes, le 0 4 MARS\nJ\u00e9r\u00f4me BONET\nD\u00e9lais et voies de recours :conform\u00e9ment \u00e0 l'article R.421-1 du code de justice administrative, la pr\u00e9sente d\u00e9cision peut faire l'objet d'un recours contentieux dans led\u00e9lai de deux mois \u00e0 compter de sa notification ou de sa publication, devant le tribunal administratif de N\u00eemes 16 avenue Feuch\u00e8res CS88010 30941 N\u00eemes Cedex 09. Elle peut \u00e9galement faire l'objet d'un recours gracieux aupr\u00e8s de Monsieur le pr\u00e9fet du Gard. Cetted\u00e9marche interrompt le d\u00e9lai de recours contentieux, ce dernier devant \u00eatre introduit dans le d\u00e9lai de deux mois suivant une d\u00e9cisionimplicite ou explicite de l'autorit\u00e9 comp\u00e9tente (le silence de l'administration pendant un d\u00e9lai de deux mois valant d\u00e9cision implicite derejet). Le tribunal administratif peut aussi \u00eatre saisi par l'application informatique \u00ab T\u00e9l\u00e9recours Citoyens \u00bb accessible par le site internetwww.telerecours.fr\n89, rue Weber \u2014 30907 NIMES CEDEX 2T\u00e9l : 04 66 62 62 00 - Fax : 04 66 23 28 79 - www.gard.gouv.fr\nDirection D\u00e9partementale des Tetrritoires et de la Mer du Gard - 30-2026-03-04-00005 - ART 20260304 Delegation DP EPF Poulx-1 6\nPrefecture du Gard\n30-2026-03-04-00004\nArr\u00eat\u00e9 N\u00b030-2026-03-04-00004 portant\ninterdiction des rassemblements festifs \u00e0\ncaract\u00e8re musical et interdiction de circulation\ndes poids lourds transportant du mat\u00e9riel de\nsons \u00e0 destination d'un rassemblement festif \u00e0\ncaract\u00e8re musical non autoris\u00e9 dans le\nd\u00e9partement du Gard du vendredi 6 mars au\nlundi 9 mars 2026\nPrefecture du Gard - 30-2026-03-04-00004 - Arr\u00eat\u00e9 N\u00b030-2026-03-04-00004 portant interdiction des rassemblements festifs \u00e0\ncaract\u00e8re musical et interdiction de circulation des poids lourds transportant du mat\u00e9riel de sons \u00e0 destination d'un rassemblement\nfestif \u00e0 caract\u00e8re musical non autoris\u00e9 dans le d\u00e9partement du Gard du vendredi 6 mars au lundi 9 mars 2026\n7\nCabinet+ Direction des s\u00e9curit\u00e9sDU GARD Service de S\u00e9curit\u00e9 Publique et des Mesures AdministrativesLibert\u00e9\u00c9galit\u00e9Fraternit\u00e9\nArr\u00e9t\u00e9 N\u00b030-2026-03-portant interdiction des rassemblements festifs 4 caract\u00e9re musical et interdiction decirculation des poids lourds transportant du mat\u00e9riel de sons a destination d'unrassemblement festif a caract\u00e9re musical non autoris\u00e9 dans le d\u00e9partement du Garddu vendredi 6 mars au lundi 9 mars 2026\nLe Pr\u00e9fet,Chevalier de la L\u00e9gion d'Honneur,Officier de l'Ordre National du M\u00e9rite,\nVu le Code de la s\u00e9curit\u00e9 int\u00e9rieure, notamment ses articles L.211-1, L.211-5 et suivants,L.211-15, R.211-2 et suivants et R.211-27 et suivants ;Vu le Code de la route ;Vu le Code de la voirie routi\u00e9re ;Vu le Code g\u00e9n\u00e9ral de collectivit\u00e9s territoriales, notamment son article L.2215-1 ;Vu le Code p\u00e9nal, notamment son article 431-9;Vu le d\u00e9cret n\u00b02025-723 du 30juillet 2025 modifiant le d\u00e9cret n\u00b02004-374 du 29 avril 2004modifi\u00e9 relatif aux pouvoirs des pr\u00e9fets \u00e0 l'organisation et \u00e0 l'action des services de l'\u00c9tatdans les r\u00e9gions et les d\u00e9partements ;Vu le d\u00e9cret du Pr\u00e9sident de la R\u00e9publique du 13 juillet 2023, nommantMonsieur J\u00e9r\u00f4me BONET, pr\u00e9fet du Gard ;Vu l'arr\u00eat\u00e9 pr\u00e9fectoral n\u00b030-2024-10-18-00007 du 18 octobre 2024 donnant d\u00e9l\u00e9gation designature a Monsieur Emile SOUMBO, sous-pr\u00e9fet de l'arrondissement d'Al\u00e8s ;Vu l'arr\u00eat\u00e9 pr\u00e9fectoral n\u00b030-2024-10-18-00008 du 18 octobre 2024 donnant d\u00e9l\u00e9gation designature a Madame Anne LEVASSEUR, sous-pr\u00e9f\u00e8te de l'arrondissement du Vigan ;Vu l'arr\u00eat\u00e9 pr\u00e9fectoral n\u00b030-2024-10-18-00009 du 18 octobre 2024 donnant d\u00e9l\u00e9gation designature \u00e0 Madame Marie-Charlotte EUVRARD, sous-pr\u00e9f\u00e8te, directrice de cabinet dupr\u00e9fet du Gard;Vu l'arr\u00eat\u00e9 pr\u00e9fectoral n\u00b030-2024-10-18-00005 du 18 octobre 2024 donnant d\u00e9l\u00e9gation designature \u00e0 Monsieur Yann GERARD, secr\u00e9taire g\u00e9n\u00e9ral de la pr\u00e9fecture du Gard, sous-pr\u00e9fet de l'arrondissement de N\u00eemes ;\nPrefecture du Gard - 30-2026-03-04-00004 - Arr\u00eat\u00e9 N\u00b030-2026-03-04-00004 portant interdiction des rassemblements festifs \u00e0\ncaract\u00e8re musical et interdiction de circulation des poids lourds transportant du mat\u00e9riel de sons \u00e0 destination d'un rassemblement\nfestif \u00e0 caract\u00e8re musical non autoris\u00e9 dans le d\u00e9partement du Gard du vendredi 6 mars au lundi 9 mars 2026\n8\nVu l'arr\u00eat\u00e9 pr\u00e9fectoral n\u00b030-2024-10-18-00006 du 18 octobre 2024 donnant d\u00e9l\u00e9gation designature \u00e0 Monsieur Mathias NIEPS, sous-pr\u00e9fet, charg\u00e9 de mission aupr\u00e8s du pr\u00e9fet duGard, secr\u00e9taire g\u00e9n\u00e9ral adjoint de la pr\u00e9fecture du Gard;Vu l'arr\u00eat\u00e9 minist\u00e9riel du 16 avril 2021 relatif \u00e0 l'interdiction de circulation des v\u00e9hicules detransports de marchandises \u00e0 certaines p\u00e9riodes ;Vu l'instruction minist\u00e9rielle du 16 juillet 2021 relative aux mesures \u00e0 mettre en \u0153uvre dansle cas de rassemblements festifs de jeunes de type festivals (tout type de musique) ou derassemblements festifs de type free party;Vu l'arr\u00eat\u00e9 pr\u00e9fectoral du 31 ao\u00fbt 2012 relatif \u00e0 l'emploi du feu dans le d\u00e9partement duGard;Vu l'arr\u00eat\u00e9 pr\u00e9fectoral du 8 janvier 2013 relatif au d\u00e9broussaillement r\u00e9glementaire destin\u00e9\u00e0 diminuer l'intensit\u00e9 des incendies de for\u00eat et a en limiter la propagation dans led\u00e9partement du Gard;Consid\u00e9rant que selon les \u00e9l\u00e9ments d'informations disponibles, notamment lesinformations recueillies aupr\u00e8s des services de la Police Nationale, de la GendarmerieNationale, des rassemblements festifs \u00e0 caract\u00e8re musical de type rave-party sontsusceptibles de regrouper plusieurs milliers de participants, sont \u00e0 pr\u00e9voir dans led\u00e9partement du Gard;Consid\u00e9rant que plusieurs rassemblements festifs \u00e0 caract\u00e8re musical de type rave-party;teknival, multi-sons, se sont d\u00e9roul\u00e9s partout sur le territoire national et que, notammentdans le d\u00e9partement du Gard, 4 rassemblements ont \u00e9t\u00e9 recens\u00e9s en 2023 et1 en 2024;Consid\u00e9rant qu'un rassemblement musical ill\u00e9gal s'est tenu dans le d\u00e9partement du Garddu 19 au 22 avril 2025 r\u00e9unissant 3000 festivaliers, le risque qu'un tel \u00e9v\u00e9nement sereproduise sur le d\u00e9partement du Gard est par cons\u00e9quent av\u00e9r\u00e9 ;Consid\u00e9rant que des effectifs des forces de l'ordre ont \u00e9t\u00e9 pris \u00e0 partie et bless\u00e9s lors de laprise de contact avec les organisateurs du rassemblement ill\u00e9gal du 19 au 22 avril 2025 ;Consid\u00e9rant qu'un rassemblement musical ill\u00e9gal regroupant 10 000 personnes s'est tenudans le d\u00e9partement du Lot du 7 au 11 mai 2025 ;Consid\u00e9rant qu'un rassemblement musical ill\u00e9gal regroupant environ 200 personnes s'esttenu dans le d\u00e9partement de la Loz\u00e9re du 29 mai 2025 occasionnant des heurts avec lesagriculteurs, n\u00e9cessitant l'intervention des forces de l'ordre ;Consid\u00e9rant qu'un rassemblement musical ill\u00e9gal regroupant environ 3000 personnes s'esttenu dans le d\u00e9partement de l'H\u00e9rault du 6 au 9 juin 2025 ;Consid\u00e9rant qu'un rassemblement musical ill\u00e9gal regroupant jusqu'\u00e0 12 000 personness'est tenu dans le d\u00e9partement de la Loz\u00e8re du 12 au 14juillet 2025 ; qu'il a \u00e9t\u00e9 d\u00e9nombr\u00e953 bless\u00e9s l\u00e9gers, 41 personnes en urgence relative et une en urgence absolue ;Consid\u00e9rant qu'un rassemblement musical ill\u00e9gal regroupant 1200 personnes s'est tenudans le d\u00e9partement de la Dr\u00f4me du 1\u00b0 au 4 ao\u00fbt 2025 dans un parc \u00e9olien, sur une zoneclass\u00e9e \u00ab zone naturelle d'int\u00e9r\u00eat \u00e9cologique, faunistique et floristique \u00bb ;\nPrefecture du Gard - 30-2026-03-04-00004 - Arr\u00eat\u00e9 N\u00b030-2026-03-04-00004 portant interdiction des rassemblements festifs \u00e0\ncaract\u00e8re musical et interdiction de circulation des poids lourds transportant du mat\u00e9riel de sons \u00e0 destination d'un rassemblement\nfestif \u00e0 caract\u00e8re musical non autoris\u00e9 dans le d\u00e9partement du Gard du vendredi 6 mars au lundi 9 mars 2026\n9\nConsid\u00e9rant qu'un rassemblement musical ill\u00e9gal regroupant 2500 personnes s'est tenudans le d\u00e9partement de |'Aude du 29 au 31 ao\u00fbt 2025 dans sur une zone class\u00e9e \u00ab Natura2000 \u00bb, zone ayant subi des incendies en ao\u00fbt 2025 ;Consid\u00e9rant qu'un rassemblement musical ill\u00e9gal s'est tenu du 27 au 28 septembre 2025dans le d\u00e9partement de l'H\u00e9rault ;Consid\u00e9rant qu'un rassemblement musical ill\u00e9gal s'est tenu du 11 au 12 octobre 2025 dansle d\u00e9partement de l'H\u00e9rault ;Consid\u00e9rant l'installation, au cours de la nuit du samedi 29 au dimanche 30 novembre2025, d'un rassemblement festif non autoris\u00e9 se tenant sur le site de la salle de spectacleL'Usine, situ\u00e9e sur le territoire de la commune d'Istres (Bouches-du-Rh\u00f4ne) et ayantentra\u00een\u00e9 des blessures sur 9 fonctionnaires de police ;Consid\u00e9rant l'installation illicite sur un terrain priv\u00e9 dans la commune de Saint-Victor-la-Coste le 31 d\u00e9cembre 2025, qu'une cinquantaine de militaires ont \u00e9t\u00e9 mobilis\u00e9s pour fairecesser l'infraction ainsi que l'arriv\u00e9e de nouveaux festivaliers ;Consid\u00e9rant que sur les dates concern\u00e9es par l'\u00e9v\u00e9nement projet\u00e9, les forces de l'ordre etles services de secours seront particuli\u00e8rement mobilis\u00e9s sur des \u00e9v\u00e9nementsconcomitants, notamment :Soir\u00e9e de la femme \u00e0 Blauzac le 6 mars,Afterwork Tir Sportif - au Royal Chasse \u00e0 Nimes le 6 mars,Abrivado des plages au Grau-du-Roi le 7 mars,Ceven'Trail \u00e0 Le Vigan le 7 mars,Rallye urbain pour d\u00e9couvrir Sommi\u00e8re le 7 mars,Nocturne printani\u00e8re \u00e0 Pouzilhac le 7 mars,Rando zen : \u00ab Parenth\u00e8se bien-\u00eatre au f\u00e9minin \u00e0 Saint-Hilaire-de-Brethmas le 7 mars,J'aime la Nature propre \u00e0 Aigremont le 7 mars,F\u00eate de la nature et du vivant \u00e0 Tornac le 7 mars,Randonn\u00e9e : les Hauts de Villeneuve et le Trou de la Lune \u00e0 Villeneuve-lez-Avignonle 8 mars,18\u00b0\" \u00e9dition \u2014 Les Randos Natura \u00e0 Saint-Laurent-la-Vern\u00e8de le 8 mars,5\u00b0TM Salon de la Cr\u00e9ation de Souvignargues le 8 mars,Altitude Tour Gard F\u00e9minin 2026 \u00e0 M\u00e9jannes-le-Clap du 6 au 8 mars,Salon Talents de Femmes 12\u00b0\"\u00b0 \u00e9dition \u00e0 Uz\u00e8s du6 au 8 mars,Saint-Gilles f\u00eate la bouvine du 7 au 8 mars,La semaine des droits de la femme du 4 au 8 mars,Printemps de l'attelage au Haras National d'Uz\u00e8s du 28 f\u00e9vrier au 8 mars,Luna Park \u00e0 Beaucaire du 28 f\u00e9vrier au 15 mars,Festival \u00ab femmes du monde \u00bb \u00e0 Bagnols-sur-C\u00e8ze du 5 au 25 mars,Festival Mauvais Genres ! \u00ab#5 les journ\u00e9es de lutte pour le droit des femmes & l'\u00e9galit\u00e9s desgenres \u00e0 Le Vigan du 7 au 21 mars,La s\u00e9curisation des lieux de culte au premier semestre 2026,ainsi que les f\u00eates traditionnelles sur l'ensemble du d\u00e9partement du Gard du 6 au 9 mars2026 inclus ;Consid\u00e9rant qu'\u00e0 ce jour aucune manifestation de ce type n'a fait l'objet d'une d\u00e9clarationpr\u00e9alable en pr\u00e9fecture du Gard, telle que pr\u00e9vue par l'article L.211-5 et suivants du Codede la s\u00e9curit\u00e9 int\u00e9rieure, et qu'\u00e0 d\u00e9faut d'une telle d\u00e9claration, l'organisation d'unemanifestation non d\u00e9clar\u00e9e est un d\u00e9lit pr\u00e9vu par l'article 431-9 alin\u00e9a 1 du Code p\u00e9nal;\nPrefecture du Gard - 30-2026-03-04-00004 - Arr\u00eat\u00e9 N\u00b030-2026-03-04-00004 portant interdiction des rassemblements festifs \u00e0\ncaract\u00e8re musical et interdiction de circulation des poids lourds transportant du mat\u00e9riel de sons \u00e0 destination d'un rassemblement\nfestif \u00e0 caract\u00e8re musical non autoris\u00e9 dans le d\u00e9partement du Gard du vendredi 6 mars au lundi 9 mars 2026\n10\nConsid\u00e9rant que l'absence d'un tel formalisme, en plus de pas \u00eatre conforme auxdispositions pr\u00e9cit\u00e9es, ne permet pas de conna\u00eetre le niveau de s\u00e9curit\u00e9 du rassemblementprojet\u00e9, ni les mesures envisag\u00e9es par l'organisateur pour garantir la s\u00e9curit\u00e9, la salubrit\u00e9,l'hygi\u00e8ne et la tranquillit\u00e9 publique des personnes ainsi que le respect du droit depropri\u00e9t\u00e9 pour le ou les terrains occup\u00e9s ;Consid\u00e9rant qu'en l'absence de toute prise de contact pr\u00e9alable des organisateurs avec lesservices pr\u00e9fectoraux ou les collectivit\u00e9s territoriales concern\u00e9es, la missiond'accompagnement des organisateurs du rassemblement projet\u00e9, conduite par les servicesde l'\u00c9tat et pr\u00e9vue par instruction du 16juillet 2021, n'a pu \u00eatre mise en \u0153uvre ;Consid\u00e9rant les risques de troubles graves \u00e0 l'ordre public, \u00e0 la s\u00fbret\u00e9, \u00e0 la s\u00e9curit\u00e9 et \u00e0 lasalubrit\u00e9 publique que pr\u00e9senterait le d\u00e9roulement d'un rassemblement d\u00e9pourvu d'unservice d'ordre et d'un dispositif sanitaire, et auquel pourraient participer plusieurs milliersde personnes dans un lieu non am\u00e9nag\u00e9 pour recevoir ce type de rassemblement et n'afait l'objet d'aucune organisation pr\u00e9alable coordonn\u00e9e ;Consid\u00e9rant la n\u00e9cessit\u00e9 de pr\u00e9venir les risques de troubles \u00e0 l'ordre public et que lesmoyens appropri\u00e9s de lutte contre l'incendie et de secours aux personnes, ainsi qu'enmati\u00e8re de s\u00e9curit\u00e9 sanitaire et routi\u00e8re ne sont pas r\u00e9unis dans le cadre durassemblement projet\u00e9 ;Consid\u00e9rant que le regroupement de plus de 500 personnes dans des rassemblements nond\u00e9clar\u00e9s repr\u00e9sente un risque grave pour la s\u00e9curit\u00e9 des participants et qu'il y a lieu deprendre toutes les mesures n\u00e9cessaires ;Consid\u00e9rant que dans ces circonstances, de tels rassemblements sont de nature \u00e0provoquer des troubles s\u00e9rieux \u00e0 l'ordre public et \u00e0 la tranquillit\u00e9 publique et qu'il y a lieude prendre toutes les mesures n\u00e9cessaires ;Consid\u00e9rant la posture du plan VIGIPIRATE \u00e0 son stade maximal \u00ab Urgence attentat \u00bb surl'ensemble du territoire applicable depuis le 7 mai 2024, r\u00e9\u00e9valu\u00e9e le 5 janvier 2026 enraison du conflit au Proche-Orient, laissant craindre une forme de polarisation pouvantengendrer des cons\u00e9quences sur le territoire national, notamment de possibles troubles \u00e0l'ordre public et actions cibl\u00e9es contre certaines communaut\u00e9s, leurs b\u00e2timents etrepr\u00e9sentants symboliques; que par cons\u00e9quent les forces de s\u00e9curit\u00e9 sont fortementmobilis\u00e9es;Consid\u00e9rant que les forces de s\u00e9curit\u00e9 ainsi que les moyens de secours ne pourront faireface en termes de moyens, \u00e0 de telles manifestations susceptibles de s'installer sansautorisation pr\u00e9alable en divers points du d\u00e9partement;Consid\u00e9rant l'urgence \u00e0 pr\u00e9venir ces atteintes et \u00e0 assurer la s\u00e9curit\u00e9 des personnes et desbiens ;Sur proposition de Madame la directrice de cabinet du pr\u00e9fet de Gard:ARR\u00caTEArticle 1 - La tenue des rassemblements festifs \u00e0 caract\u00e8re musical r\u00e9pondant \u00e0l'ensemble des caract\u00e9ristiques \u00e9nonc\u00e9s \u00e0 l'article R.211-2 du Code de s\u00e9curit\u00e9 int\u00e9rieure,autres que ceux l\u00e9galement d\u00e9clar\u00e9s et autoris\u00e9s, est interdite sur l'ensemble dud\u00e9partement du Gard du vendredi 6 mars 2026 \u00e0 08h00 au lundi 9 mars 2026 \u00e0 08h00.\nPrefecture du Gard - 30-2026-03-04-00004 - Arr\u00eat\u00e9 N\u00b030-2026-03-04-00004 portant interdiction des rassemblements festifs \u00e0\ncaract\u00e8re musical et interdiction de circulation des poids lourds transportant du mat\u00e9riel de sons \u00e0 destination d'un rassemblement\nfestif \u00e0 caract\u00e8re musical non autoris\u00e9 dans le d\u00e9partement du Gard du vendredi 6 mars au lundi 9 mars 2026\n11\nArticle 2 - La circulation des v\u00e9hicules transportant du mat\u00e9riel susceptible d'\u00eatre utilis\u00e9pour un rassemblement festif non autoris\u00e9 est interdite durant la m\u00eame p\u00e9riode.Article 3 - Toute infraction au pr\u00e9sent arr\u00eat\u00e9 est passible de sanctions pr\u00e9vues par le Codep\u00e9nal et par les dispositions des articles L.211-15, R.211-30 du Code de la s\u00e9curit\u00e9 int\u00e9rieureet peut donner lieu notamment a la saisie du mat\u00e9riel en vue de sa confiscation par letribunal.Article 4 - Le pr\u00e9sent arr\u00eat\u00e9 pr\u00e9fectoral entre en vigueur \u00e0 compter de sa publication aurecueil des actes administratifs de la pr\u00e9fecture du Gard. Il est publi\u00e9 sur le site internet etles r\u00e9seaux sociaux de la pr\u00e9fecture pour l'information du public.Article 5 - Le pr\u00e9sent arr\u00eat\u00e9 peut faire l'objet d'un recours gracieux aupr\u00e8s de Monsieur lepr\u00e9fet du Gard (Pr\u00e9fecture du Gard 30045 N\u00eemes Cedex 9), d'un recours hi\u00e9rarchiqueadress\u00e9 a Monsieur le ministre de l'Int\u00e9rieur place Beauvau 75008 Paris ou d'un recourscontentieux devant le tribunal administratif de N\u00eemes, dans un d\u00e9lai de deux mois suivantsa publication. Le tribunal administratif peut aussi \u00eatre saisi par l'application informatique\u00abTelerecours Citoyens\u00bb accessible par le site internet www.telerecours.fr.Article 6 - Madame la directrice de cabinet du pr\u00e9fet du Gard, Madame la sous-pr\u00e9f\u00e8te del'arrondissement du Vigan, Monsieur le sous-pr\u00e9fet de l'arrondissement d'Al\u00e9s, Monsieur lesecr\u00e9taire g\u00e9n\u00e9ral de la pr\u00e9fecture du Gard, Monsieur le secr\u00e9taire g\u00e9n\u00e9ral adjoint de lapr\u00e9fecture du Gard, Monsieur le Colonel, commandant le groupement de gendarmeried\u00e9partementale du Gard, Monsieur le directeur interd\u00e9partemental de la police nationaledu Gard, Monsieur le directeur interd\u00e9partemental de la police nationale du Vaucluse,Monsieur le directeur interd\u00e9partemental de la police nationale des Bouches du Rh\u00f4nesont charg\u00e9s, chacun en ce qui les concerne, de l'ex\u00e9cution du pr\u00e9sent arr\u00eat\u00e9.N\u00eemes, le 4/3/2026Le pr\u00e9fet,\nPour le pr\u00e9fet,le sous-pr\u00e9fet,secr\u00e9taire g\u00e9n\u00e9ral adjoint\nPrefecture du Gard - 30-2026-03-04-00004 - Arr\u00eat\u00e9 N\u00b030-2026-03-04-00004 portant interdiction des rassemblements festifs \u00e0\ncaract\u00e8re musical et interdiction de circulation des poids lourds transportant du mat\u00e9riel de sons \u00e0 destination d'un rassemblement\nfestif \u00e0 caract\u00e8re musical non autoris\u00e9 dans le d\u00e9partement du Gard du vendredi 6 mars au lundi 9 mars 2026\n12\n= ot a. . :D ab nT 1S Seat eT Le pet mis NT we?es sfitey Sty reg cl als oe f= \u00e0 etai \u00c0fer AN\n= . 5 * a 3 Nr = , 7 == =. . << at = ~~ 4= 4ee Ot Vow let ee ee be eh OS DAS SEE I Sead = DE bea. = & r\u00e97 ni - 7 a = = od En Hy 2, . ah = . = na =, ... a 2 ol h *See ee Feu pa te \"ae Se 4, He. - a Ur Al: an + oo its Lab Bat 11 FF ae Re JE = \"kl ly| 4 SoS S&S L + 7 -_mee LUE = ue, Lis 5 TN Sy Fe Ein, ie sans sf E Sarre m\u00e9l , M RES ted 3Rd 'dint\n: 1 1 4 : Lu 0 me :obs, INSEE iagtuurt |] 15 CR US DsLys PTE Me \u2014 ren she Sie Meise wy at = 2, FE ten ter52\n7. = - : \u00bb =. a Bd \\eget Ey Tye ATS \u00e0 \u00a9 Aang Soe aesi Dior SU Ady Chea pe CR SE\noS \u2014 ue RE \u00ab7 a = 6 7 Us = : . a a i= \"a? 1 vs = ae= = i, ei nd. gerne \"a gow PRD eT \u00e0 En diOT Migs se BL VERY pte go POT Des 4 D atest7 = a  7 u =: = te  =  oe  os T2 +  _*- , PA =i M 7 Pe \"ah, sl _ N\u00b0; LES . ie byt) \"Wii ain 1 a ET ut mee ee] Hit bites . \"17 3 Fy +: 4 os = oo ns = i '= ETS ses hd = = 5 we get ee wo \u00c0 aSew NO MBE we hy 18 \u00e0 eis DE 7 peat Serre 1 Sp FT ere in TW tet. \u00e0 JS ee OFeS Me Fs vieux Yost Fy UE) Ces gg at TES oak, AGT at edi Ven Gh | oes Peee ee ee Te ' Size, area os = ms ke hs LAP ws fi: doe ye, age cet ol Aus 5\u00e0Jus uk Pa 1 os \u00c0 Ai! \" Ric, SRR pag 2S CL 4 bee SPT DtsSL p22 er I TTY Ee- = = ws > h a 1  - = ntm. oe me EE Lo  = fi. ?*SO ES NOTE LE te  M Ore TUE vi oz Ls BS IDUy\" ss\" Le 1,\" cle } ba: ni\" JE. tes es : 3: Er IN at, Cle, 0 LATh epee ei \u00e0, eeeTU LE \u00e0SANS woe ne 1 VE ngsith 3wag tl Saabsf gee Se \"pes Sat El7 if = md i % oN pe 59Eu 1f i fr wh a Das LES 7 la ! - \"| =<=i A et 52\u00b0, ey\nstad si uedJAP 20e Ai\n4inioibS (Big sc aus18992| \u2014 os\n+ +1 NA\nhe CAN RENE ==\" te1 De OA MistTAG EMETALTHDSriSue =! dy 167Is i= 7 (= a\" mi +: a =. =x \u00e0 \" F f -DPMS OSHi SP Bi NE ARTmaygnians yarn!Fin SAN SQNG\nEtre du eme bel = sas,im% ds _ \u00c0 \u00e0 =. wae are, en fh = <iA +157 SIM AB A LAND STS haar} lna : <h : : t = a_ ve ia: Te ab DE LE TO CDS E we \"Amr al = ein pepe . 3 ge es aot alae 1% he tele Zl \u00c0 pt14 = 4, Wie FerSeq Ts ca: 1 Lab po Me \u00e0 NUS\nJeans.Er PePISE 2pre, \u00a9 nasht1 pie iis 3 es mS\nPrefecture du Gard - 30-2026-03-04-00004 - Arr\u00eat\u00e9 N\u00b030-2026-03-04-00004 portant interdiction des rassemblements festifs \u00e0\ncaract\u00e8re musical et interdiction de circulation des poids lourds transportant du mat\u00e9riel de sons \u00e0 destination d'un rassemblement\nfestif \u00e0 caract\u00e8re musical non autoris\u00e9 dans le d\u00e9partement du Gard du vendredi 6 mars au lundi 9 mars 2026\n13","date":"2026-03-04","first_seen_on":"2026-03-04T17:16:11+00:00","id":"dbf2dfcd1b1865dd8e4554fec758eeb4b74bc4bb21d99662f531ccd61acf9f39","name":"recueil-30-2026-043-special du 04 03 2026","pdf_creation_date":"2026-03-04T15:44:36+00:00","pdf_modification_date":null,"timezone":"Europe/Paris","url":"https://www.gard.gouv.fr/contenu/telechargement/67157/493616/file/recueil-30-2026-043-special%20du%2004%2003%202026.pdf"}
