{"administration":"pref92","administration_name":"Pr\u00e9fecture des Hauts-de-Seine","content":"ExPREFETDES HAUTS-DE-SEINELibert\u00e9Egalit\u00e9Fraternit\u00e9\n2 AR D D SR 2 ER DE HER FEE CR OI MR DL UE Mu Se\nBeate D SR EE SR D EE ER D SR E Mm DR EE BCU = Be pe\n1\nRECUEIL\nDES\nACTESADMINISTRATIFS\nDIRECTIONREGIONALEET\nINTERDEPARTEMENTALE\nDEL'ENVIRONNEMENT,DEL'AMENAGEMENT\nETDESTRANSPORTS\nN\u00b0Sp\u00e9cial 25ao\u00fbt2025\nee  =  kOe  es,\nan = LA . ee ee  ee =  . = = As mm me\nEn DRE  SC\nEIRE  MIRE  Em  MIRE  LS ee um\na nas . \" re \" 1 \" \" oo\nrN  Ar  ere  5:\nFo  a at  ea ttt\n2\nPREFETDESHAUTS-DE-SEINE\nRECUEILDESACTESADMINISTRATIFS\nN\u00b0Sp\u00e9cialDRIEAT-IDFdu25ao\u00fbt2025\nSOMMAIRE\nArr\u00eat\u00e9 Date\nDIRECTIONREGIONALEET\nINTERDEPARTEMENTALEDE\nL'ENVIRONNEMENT,DEL'AMENAGEMENT\nETDESTRANSPORTS\nPage\nDRIEAT-IDF /\nDDTY\nn\u00b078-2025-08-\n22-00002\n22.08.2025\nArr\u00eat\u00e9 Inter-pr\u00e9fectoral portant modification des\nconditions de circulation, de la RN118 en section\ncourante, dans les deux sens de circulation, dans\nles d\u00e9partements des Yvelines et des Hauts-de-\nSeine, entre les PR6+100 et le PR7+000 en\ndirection de la province et le PR7+000 dans le\nd\u00e9partement des Yvelines et le PR3+800 dans le\nd\u00e9partement des Hauts-de-Seine en direction de\nParis, pour des travaux d'entretien courant\n3\n\u2022\nDirection R\u00e9gionale et Interd\u00e9partementale\nde l'Environnement, de l'Am\u00e9nagement\net des Transports d'\u00cele-de-France\nDirection D\u00e9partementale\ndes Territoires des Yvelines\nService \u00e9ducation et s\u00e9curit\u00e9 routi\u00e8res\nBureau de la s\u00e9curit\u00e9 routi\u00e8re\nArr\u00eat\u00e9 Inter-pr\u00e9fectoral \nPortant modification des conditions de circulation,  de la RN118 en section courante, dans les deux sen s de\ncirculation, dans les d\u00e9partements des Yvelines et des Hauts-de-Seine, entre les PR6+100 et le PR7+000 en\ndirection de la province et le PR7+000 dans le d\u00e9pa rtement des Yvelines et le PR3+800 dans le d\u00e9partem ent\ndes Hauts-de-Seine en direction de Paris, pour des travaux d'entretien courant.\nLe Pr\u00e9fet des Hauts-de-Seine Le pr\u00e9fet des Yvelines\nChevalier de la L\u00e9gion d'honneur\nChevalier de l'ordre national du M\u00e9rite\nVu le Code g\u00e9n\u00e9ral des collectivit\u00e9s territoriales, notamment ses articles L. 2215-1, L. 2521-1 et L.2521-2 ;\nVu le Code de justice administrative, notamment son article R.421-1 ;\nVu le Code de la route, notamment ses articles L.110-3, L.411-5, et R.411-8-1 ;\nVu le Code de la s\u00e9curit\u00e9 int\u00e9rieure, notamment son article L.131-4 ;\nVu le Code de la voirie routi\u00e8re, notamment ses articles L.115-1 et R*.152-1 ;\nVu la loi n\u00b082-213 du 2 mars 1982 modifi\u00e9e, relative aux droits et libert\u00e9s des communes, des d\u00e9partemen ts\net des r\u00e9gions ;\nVu le d\u00e9cret n\u00b02004-374 du 29 avril 2004 relatif aux po uvoirs des pr\u00e9fets, \u00e0 l'organisation et \u00e0 l'action des\nservices de l'\u00c9tat dans les r\u00e9gions et les d\u00e9partements ;\nVu le d\u00e9cret n\u00b02005-1499 du 5 d\u00e9cembre 2005 relatif \u00e0 la consistance du r\u00e9seau routier national ;\nVu le d\u00e9cret n\u00b02006-1354 du 8 novembre 2006 relatif \u00e0 la s\u00e9curit\u00e9 d'ouvrages du r\u00e9seau routier et modifiant le\nCode de la voirie routi\u00e8re ;\nVu le d\u00e9cret n\u00b02009-615 du 3 juin 2009 modifi\u00e9 fixant la liste des routes \u00e0 grande circulation ; \nVu le d\u00e9cret du 7 f\u00e9vrier 2024 portant nomination de Monsieur Fr\u00e9d\u00e9ric ROSE en qualit\u00e9 de Pr\u00e9fet des\nYvelines ;\nArr\u00eat\u00e9 Inter-pr\u00e9fectoral 78/92\n1 / 7\nVu le d\u00e9cret du 31 octobre 2024  portant nomination de Monsieur Alexandre BRUG\u00c8RE e n qualit\u00e9 de pr\u00e9fet\ndes Hauts-de-Seine ;\nVu l e  d\u00e9cret  n\u00b02021-261  du  10  mars  2021  relatif  \u00e0  la  direction  r\u00e9gionale  et  interd\u00e9partementale  de\nl'environnement, de l'am\u00e9nagement et des transports d'\u00cele-de-France ;\nVu l'arr\u00eat\u00e9 et l'instruction interminist\u00e9rielle sur la signalisation routi\u00e8re, modifi\u00e9s par les textes subs\u00e9quents ;\nVu l'arr\u00eat\u00e9 interminist\u00e9riel du 24 novembre 1967 relatif \u00e0 la signalisation des routes et des autoroutes ;\nVu l'instruction interminist\u00e9rielle sur la signalisation routi\u00e8re du 7 juin 1977 et ses annexes ;\nVu l'arr\u00eat\u00e9  minist\u00e9riel  du  8  juillet  2022 portant  nomination  de Madame Emmanuelle  Gay en  qualit\u00e9  de\ndirectrice r\u00e9gionale et interd\u00e9partementale de l'en vironnement, de l'am\u00e9nagement et des transports d'\u00ce le-de-\nFrance ; \nVu l'arr\u00eat\u00e9 SGAD n\u00b02024-73 du 18 novembre 2024, du pr \u00e9fet des Hauts-de-Seine portant d\u00e9l\u00e9gation de\nsignature \u00e0 Madame Emmanuelle Gay, directrice r\u00e9gio nale et interd\u00e9partementale de l'environnement, de\nl'am\u00e9nagement et des transports d'\u00cele-de-France ;\nVu l'arr\u00eat\u00e9 pr\u00e9fectoral n\u00b0 D3Mi 2010-060 du 30 juin 2 010, portant cr\u00e9ation de la Direction D\u00e9partemental e\ndes Territoires des Yvelines ;\nVu l'arr\u00eat\u00e9 de Madame la Premi\u00e8re Ministre et de  Monsieur le ministre de l'Int\u00e9rieur et des outre-me r en date\ndu 28 novembre 2023 portant nomination de Madame An ne-Florie CORON, ing\u00e9nieure g\u00e9n\u00e9rale des mines,\nen qualit\u00e9 de directrice d\u00e9partementale des Yvelines, \u00e0 compter du 11 d\u00e9cembre 2023 ;\nVu l'arr\u00eat\u00e9 pr\u00e9fectoral n\u00b078-2025-06-25-00006 du 25 j uin 2025 portant d\u00e9l\u00e9gation de signature \u00e0 Madame\nAnne-Florie CORON, directrice d\u00e9partementale des territoires des Yvelines ;\nVu l'arr\u00eat\u00e9 pr\u00e9fectoral  n\u00b078-2025-07-02-00001 du 2 ju illet 2025, de Madame Anne-Florie CORON, directrice\nd\u00e9partementale des territoires des Yvelines, portan t subd\u00e9l\u00e9gation de la signature au sein de la Direc tion\nd\u00e9partementale des Territoires des Yvelines ;\nVu la d\u00e9cision DRIEAT-IDF n\u00b0 2025-0397 du 2 mai 2025 portant subd\u00e9l\u00e9gation de signature du pr\u00e9fet des \nHauts-de-Seine ;\nVu la note du 23 janvier 2025 du ministre de l'Am\u00e9nag ement du territoire et de la d\u00e9centralisation, en c harge\ndes transports, fixant le calendrier des \u00ab jours hors chantiers \u00bb de l'ann\u00e9e 2025 et du mois de janvier 2026 ;\nVu la convention de la concession et le cahier des charges ;\nVu la demande formul\u00e9e par la DIRIF/AGER-O/UER de Jouy-en-Josas en date du 24 juillet 2025 ;\nVu l'avis favorable de la mairie de V\u00e9lizy-Villacoublay en date du 24 juillet 2025 ;\nVu l'avis favorable de la mairie de Clamart en date du 4 juillet 2025 ;\nVu l'avis favorable de la mairie de Meudon en date du 22 juillet 2025 ;\nVu l'avis favorable de la mairie de Ch\u00e2tenay-Malabry en date du 4 juillet 2025 ;\nVu l'avis favorable du Commandant de la Compagnie R\u00e9p ublicaine de S\u00e9curit\u00e9 (CRS) autorouti\u00e8re Sud \u00cele-\nde-France en date du 7 juillet 2025 ;\nVu  l'avis  favorable du Commandant de la Compagnie R\u00e9publicaine de S\u00e9cu rit\u00e9 (CRS) autorouti\u00e8re Ouest\n\u00cele-de-France en date du 7 juillet 2025 ;\nVu l'avis favorable de Monsieur le Directeur Interd\u00e9p artemental de la Police Nationale des Yvelines (DIP N)\nen date du 04 juillet 2025 ;\nVu l'avis favorable de Monsieur le Directeur Interd\u00e9partemental de la P olice Nationale (DIPN) de l'Essonne\nen date du 7 juillet 2025 ;\nArr\u00eat\u00e9 Inter-pr\u00e9fectoral 78/92\n2 / 7\nVu l'avis favorable de Monsieur le Pr\u00e9sident du Conseil D\u00e9partemental des Yvelines en date du 20 ao\u00fbt \n2025 ; \nVu l'avis favorable de Monsieur le Pr\u00e9sident du Conseil D\u00e9partemental des Hauts-de-Seine en date du\n20 ao\u00fbt 2025 ;\nVu l'avis  favorable de Monsieur le Pr\u00e9sident du Conseil D\u00e9partemental de l 'Essonne en date du  7 juillet\n2025 ;\nVu l'avis favorable de Monsieur le Directeur des Routes d'\u00cele-de-France en date du 4 juillet 2025 ;\nConsid\u00e9rant que la RN118 est class\u00e9e dans la nomenclature des voies \u00e0 grande circulation ;\nConsid\u00e9rant que des travaux d'entretien courant  n\u00e9cessitent de prendre des mesures de restriction de la\ncirculation afin d'assurer la s\u00e9curit\u00e9 des usagers et des agents appel\u00e9s \u00e0 intervenir ;\nSur  proposition de  Madame  la  directrice  r\u00e9gionale  et  interd\u00e9partem entale  de  l'environnement,  de\nl'am\u00e9nagement et des transports d'\u00cele-de-France ;\nSur proposition de Madame la directrice d\u00e9partementale des territoires des Yvelines ;\nARR\u00caTENT\nArticle 1 :\nLes travaux concernant l'entretien courant , impliquent des modifications de la circulation sur  la RN118 dans le\nsens de la province dans le d\u00e9partement des Yvelines entre le PR6+100 et le PR7+000.\nLa circulation est interdite sur la RN118 en direction de la province (Y), sauf n\u00e9cess it\u00e9 du service ou besoin\ndu chantier, chaque nuit de 22h00 \u00e0 5h30 (5h00 les jours hors chantier) pendant les p\u00e9riodes suivantes :\nN\u00b0 semaines Nuits\nS35 - mardi 26 ao\u00fbt 2025,\n- mercredi 27 ao\u00fbt 2025,\n- jeudi 28 ao\u00fbt 2025,\nS42 - lundi 13 octobre 2025,\n- mardi 14 octobre 2025,\n- mercredi 15 octobre 2025,\n- jeudi 16 octobre 2025.\nS45 - lundi 3 novembre 2025,\n- mardi 4 novembre 2025,\n- mercredi 5 novembre 2025,\n- jeudi 6 novembre 2025.\n Nota : les dates indiqu\u00e9es sont les dates de d\u00e9but de nu it de fermeture, exemple le mardi 26 ao\u00fbt 2025  :\n(correspond \u00e0 la nuit du mardi 26 ao\u00fbt 2025 et jusqu'au 27 ao\u00fbt 2025).\nDes d\u00e9viations sont mises en place dans les conditions suivantes     :\nArr\u00eat\u00e9 Inter-pr\u00e9fectoral 78/92\n3 / 7\nLes  usagers en  provenance  de  la nationale RN118 (Paris)  et  en  direction  de la  province (Y) au\nPR6+100  empruntent     :   \n\u2022 la bretelle n\u00b04,1 en direction  de la zone A\u00e9ronautique Louis Br\u00e9guet,\n\u2022 la rue G\u00e9n\u00e9ral Val\u00e9rie Andr\u00e9 en direction de V\u00e9lizy-Villacoublay,\n\u2022 la bretelle n\u00b031d en direction de l'A86 Cr\u00e9teil,\n\u2022 l'A86 et la RN 385 en direction de Cr\u00e9teil, \n\u2022 l'A6b en direction de \u00ab Bordeaux/Nantes \u00bb,\n\u2022 l'A10 en direction \u00ab Bordeaux/Nantes \u00bb, o\u00f9 ils retrouveront leur route.\nLes usagers en  provenance de l'A86 et en direction la RN118 vers la province (Y)  Bretelle n\u00b05e\n(\u00e9changeur de V\u00e9lizy-Sud) empruntent     :   \n\u2022 l'A86 en direction de Cr\u00e9teil,\n\u2022 la RN385 en direction de Cr\u00e9teil,\n\u2022 l'A6b en direction de \u00ab Bordeaux/Nantes \u00bb,\n\u2022 l'A10 en direction \u00ab Bordeaux/Nantes \u00bb, o\u00f9 ils retrouveront leur route.\nLes usagers en provenance du giratoire de la rue G\u00e9 n\u00e9ral Val\u00e9rie Andr\u00e9 et en direction l'A86 Cr\u00e9teil\nempruntent     :   \n\u2022 la rue G\u00e9n\u00e9ral Val\u00e9rie Andr\u00e9 en direction de V\u00e9lizy-Villacoublay,\n\u2022 la bretelle n\u00b031d en direction de l'A86 Cr\u00e9teil, o\u00f9 ils retrouveront leur route.\nLes usagers en provenance de la rue Jean-Pierre Peu geot \u00ab     ZA du Val de Gr\u00e2ce  et en direction la  \nRN118  province (Y)  empruntent     :   \n\u2022 la rue Andr\u00e9 Citroen en direction de l'usine PSA,\n\u2022 la rue G\u00e9n\u00e9ral Val\u00e9rie Andr\u00e9 en direction de V\u00e9lizy-Villacoublay,\n\u2022 la bretelle n\u00b031d en direction de l'A86 Cr\u00e9teil,\n\u2022 l'A86 et la RN 385 en direction de Cr\u00e9teil,\n\u2022 l'A6b en direction de \u00ab Bordeaux/Nantes \u00bb,\n\u2022 l'A10 en direction \u00ab Bordeaux/Nantes \u00bb, o\u00f9 ils retrouveront leur route.\nArticle 2     :   \nLa r\u00e9alisation des travaux d'entretien courant, impliquent des modifications de la circulation sur la RN118 \ndans le sens de Paris dans les d\u00e9partements des Yvelines et des Hauts-de-Seine entre le PR7+000 et le \nPR3+800, \nLa circulation est interdite  sur la  RN118 en direction de Paris, sauf n\u00e9cessit\u00e9 du ser vice ou besoin du\nchantier,  chaque  nuit  de  22h00  \u00e0  5h30  du  matin  (5h00  les  jours  hors  chantier)  pendant  les  p\u00e9riodes\nsuivantes : \nN\u00b0 semaines Nuits\nS35 - mardi 26 ao\u00fbt 2025,\n- mercredi 27ao\u00fbt 2025,\n- jeudi 28 ao\u00fbt 2025,\nS42 - lundi 13 octobre 2025,\n- mardi 14 octobre 2025,\n- mercredi 15 octobre 2025,\n- jeudi 16 octobre 2025.\nS45 - lundi 3 novembre 2025,\nArr\u00eat\u00e9 Inter-pr\u00e9fectoral 78/92\n4 / 7\n- mardi 4 novembre 2025,\n- mercredi 5 novembre 2025,\n- jeudi 6 novembre 2025.\nNota : les dates indiqu\u00e9es sont les dates de d\u00e9but de nu it de fermeture, exemple le mardi 26 ao\u00fbt\n2025 : (correspond \u00e0 la nuit du mardi 26 ao\u00fbt 2025 et jusqu'au 27 ao\u00fbt 2025).\n\u2022\nDes d\u00e9viations sont mises en place dans les conditions suivantes     :\nLes usagers en provenance de   la nationale RN118 (province) et en direction de Paris (W) au PR7+000    \nempruntent     :   \n\u2022 la d\u00e9viation en prenant la bretelle de sortie n\u00b05 en direction de la RD306 rue de Paris (Clamart),\n\u2022 la RD906 route de Bi\u00e8vres,\n\u2022 au carrefour du Petit Clamart prendre la direction de la RD986 (Versailles),\n\u2022 la bretelle n\u00b05c en direction de l'A86  (Versailles),\n\u2022 l'A86 en direction de Versailles,\n\u2022 la bretelle de sortie n\u00b031b en direction de V\u00e9lizy-Villacoublay,\n\u2022 l'Avenue Louis Breguet,\n\u2022 l' Avenue de l'Europe,\n\u2022 l'Avenue Morane Saulnier en direction de Meudon,\n\u2022 la rue de la P\u00e9pini\u00e8re,\n\u2022 l'Avenue du Mar\u00e9chal Leclerc,\n\u2022 la route du Colonel Marcel Moraine,\n\u2022 la bretelle Route de Verri\u00e8res en direction de la RN118 Paris, o\u00f9 ils retrouveront leur route.\n          \nLes usagers en provenance de la nationale RN385 (Cr \u00e9teil) et en direction de Paris (W) Bretelle n\u00b04c\nPetit Viaduc (\u00e9changeur de V\u00e9lizy-sud) empruntent     :   \n\u2022 l'A86 en direction de Versailles,\n\u2022 la bretelle de sortie n\u00b031b en direction de V\u00e8lizy-Villacoublay,\n\u2022 l'avenue Louis Breguet,\n\u2022 l'avenue de l'Europe,\n\u2022 l'avenue Morane Saulnier en direction de Meudon,\n\u2022 la rue de la P\u00e9pini\u00e8re,\n\u2022 l'avenue du Mar\u00e9chal Leclerc,\n\u2022 la route du Colonel Marcel Moraine,\n\u2022 la bretelle route de Verri\u00e8res en direction de la RN118 Paris, o\u00f9 ils retrouveront leur route.\nLes usagers en provenance de l'A86 (Versailles) et en direction la RN118 Paris (W) Bretelle n\u00b05a\n(\u00e9changeur de V\u00e9lizy-Sud) empruntent     :   \n\u2022 l'A86 en direction de Cr\u00e9teil,\n\u2022 la RN385 en direction de Cr\u00e9teil,\n\u2022 la bretelle de sortie n\u00b029 en direction de Chatenay-Malabry (\u00e9changeur de la Boursidi\u00e8re),\n\u2022 la RD986 en direction de chatenay-Malabry,\n\u2022 la RN385 et l'A86 en direction de Versailles,\n\u2022 la bretelle de sortie n\u00b031b en direction de V\u00e8lizy-Villacoublay,\n\u2022 l'avenue Louis Breguet,\n\u2022 l'avenue de l'Europe,\n\u2022 l'avenue Morane Saulnier en direction de Meudon,\n\u2022 la rue de la P\u00e9pini\u00e8re,\n\u2022 l'avenue du Mar\u00e9chal Leclerc,\n\u2022 la route du Colonel Marcel Moraine,\n\u2022 la bretelle route de Verri\u00e8res en direction de la RN118 Paris, o\u00f9 ils retrouveront leur route.\nArr\u00eat\u00e9 Inter-pr\u00e9fectoral 78/92\n5 / 7\nLes usagers en provenance de l'Avenue Morane Saulni er au niveau de l'\u00e9changeur 3 \u00ab     bretelle n\u00b03b     \u00bb   \net en direction de la RN118 Paris  empruntent     :   \n\u2022 la rue de la P\u00e9pini\u00e8re,\n\u2022 l'avenue de Mar\u00e9chal Leclerc,\n\u2022 la rue du Colonel Marcel Moraine,\n\u2022 la bretelle route de Verri\u00e8res en direction de la RN118 Paris, o\u00f9 ils retrouveront leur route.\nArticle 3 : \nLes Services de la Direction des Routes \u00cele-de-Fran ce assurent la mise en place, la maintenance et le repli de\nla  signalisation  temporaire,  celle-ci  est  conforme  aux  dispositions  en  vigueur  \u00e9dict\u00e9es  par  l'arr\u00eat\u00e9\ninterminist\u00e9riel du 24 novembre 1967 modifi\u00e9 par le s textes subs\u00e9quents et par l'instruction intermini st\u00e9rielle\nsur la signalisation routi\u00e8re, Livre 1 \u2013 8eme Partie \u2013 approuv\u00e9e par l'arr\u00eat\u00e9 du 6 novembre 1992.\nEn  compl\u00e9ment  de  la signalisation  temporaire,  les fermetures  mentionn\u00e9es dans  le pr\u00e9sent  arr\u00eat\u00e9 sont\nindiqu\u00e9es aux usagers par l'activation de panneaux \u00e0 messages variables (PMV).\nArticle 4 : \nLes  infractions  aux  r\u00e8gles  de  circulation  d\u00e9coulant du  pr\u00e9sent  arr\u00eat\u00e9  sont  constat\u00e9es  et  poursuivies\nconform\u00e9ment \u00e0 la r\u00e9glementation en vigueur.\nArticle 5     :   \nLe pr\u00e9sent arr\u00eat\u00e9 peut faire l'objet dans le d\u00e9lai de deux mois \u00e0 compter de sa notification :\n\u2022 d'un recours gracieux aupr\u00e8s du pr\u00e9fet des Hauts-de -Seine,  adress\u00e9 \u00e0 la direction r\u00e9gionale et\ninterd\u00e9partementale de l'environnement et de l'am\u00e9n agement et des Transports d'\u00cele-de-France, 21-\n23 rue Miollis 75015 Paris ; \n\u2022 ou aupr\u00e8s du Pr\u00e9fet des Yvelines adress\u00e9 \u00e0 la direc tion d\u00e9partementale des territoires des Yvelines\nau 35 rue de Noailles 78011 Versailles ;\n\u2022 d'un recours hi\u00e9rarchique aupr\u00e8s du minist\u00e8re de l'Int\u00e9rieur ;\n\u2022 d'un recours contentieux aupr\u00e8s du tribunal administratif de Cergy-Pontoise ;\n\u2022 d'un recours contentieux aupr\u00e8s du tribunal administratif de Versailles.\nArticle 6     :   \nMonsieur le Secr\u00e9taire g\u00e9n\u00e9ral de la Pr\u00e9fecture des Yvelines,\nMonsieur le Secr\u00e9taire g\u00e9n\u00e9ral de la pr\u00e9fecture des Hauts-de-Seine,\nMadame la Directrice D\u00e9partementale des Territoires des Yvelines,\nMonsieur le Directeur Interd\u00e9partemental de la Police Nationale des Yvelines,\nMonsieur le Directeur Interd\u00e9partemental de la Police Nationale de l'Essonne,\nMonsieur le Pr\u00e9sident du Conseil D\u00e9partemental des Yvelines,\nMonsieur le Pr\u00e9sident du conseil d\u00e9partemental des Hauts-de-Seine,\nMonsieur le Pr\u00e9sident du conseil d\u00e9partemental de l'Essonne,\nMonsieur le Commandant de la compagnie r\u00e9publicaine de s\u00e9curit\u00e9 autorouti\u00e8re Ouest \u00cele-de-France,\nMonsieur le Commandant de la compagnie r\u00e9publicaine de s\u00e9curit\u00e9 autorouti\u00e8re Sud \u00cele-de-France,\nMonsieur le Directeur des routes d'\u00cele-de-France,\nMonsieur le maire de Clamart Pr\u00e9sident du Territoire Vall\u00e9e Sud-Grand Paris,\nMonsieur le maire de Meudon,\nMonsieur le maire de Ch\u00e2tenay-Malabry,\nMonsieur le maire de V\u00e9lizy-Villacoublay,\nArr\u00eat\u00e9 Inter-pr\u00e9fectoral 78/92\n6 / 7\nFait \u00e0 Paris, le 21 ao\u00fbt 2025Pour le pr\u00e9fet des Hauts-de-Seine et parPour le pr\u00e9fet des Yvelines et par d\u00e9l\u00e9gation, subd\u00e9l\u00e9gation,Pour la directrice d\u00e9partementale des le chef de l'Unit\u00e9 Circulation Routi\u00e8reterritoires des Yvelines et par subd\u00e9l\u00e9gation,Guillaume THUAULT Signature num\u00e9rique de GuillaumeA THUAULT guillaume.thuaultguillaume.thuault date: 2025.08.21 09:54:24 +02'00\"e Chef du Service de rEducationLe C | ! om\nat de le S\u00e9curit\u00e9 Routi\u00e8reAur\u00e9lie PAULICt\nsont charg\u00e9s, chacun en ce qui les concerne, de l'e x\u00e9cution du pr\u00e9sent arr\u00eat\u00e9 qui sera publi\u00e9 respecti vement\naux recueils des actes administratifs de la pr\u00e9fect ure des Hauts-de-Seine et de la pr\u00e9fecture des Yvel ines et\ndont copie sera adress\u00e9e \u00e0 Monsieur le directeur du  service d\u00e9partemental d'incendie et de secours des\nYvelines, \u00e0 Monsieur le directeur du service d\u00e9part emental d'incendie et de secours des Hauts-de-Seine, \u00e0\nMonsieur le directeur du Service d'Aide M\u00e9dicale Urgente (SAMU)   des Yvelines et \u00e0 Monsieur le directeur du\nService d'Aide M\u00e9dicale Urgente (SAMU) des Hauts-de-Seine.\nFait \u00e0 Versailles, le 22 ao\u00fbt 2025\nArr\u00eat\u00e9 Inter-pr\u00e9fectoral 78/92\n7 / 7\n\n=e ee SE eee Bm ee a SR EEE SR 2 MR SERIES em 4264 UE D SR\nIMmMRI AA M  =\n= \" \" 1 1 1 x\nwe  EN UN  DATI  me  ere\n~ , . \" LA LA 1\nAmis  ms  a . - 4 .\n1 \" 1 . . \" oe \" 1. 4  - 1 \"4 1 1\n\u2014_s \u00ab CI oo. an\nat 1 nS\nCeO  ll eel RPM  Da  ee  el\n10\nRECUEILDESACTESADMINISTRATIFS\nDU\nPREFETDESHAUTS-DE-SEINE\nISSN0985-5955\nPour toute correspondance, s'adresser \u00e0 :\nPREFET DES HAUTS-DE-SEINE\nSecr\u00e9tariat g\u00e9n\u00e9ral\nSecr\u00e9tariat g\u00e9n\u00e9ral aux affaires d\u00e9partementales\n167/177, Avenue Joliot Curie\n92013 NANTERRE CEDEX\nLe recueil des actes administratifs est consultable en ligne sur le site de la pr\u00e9fecture\nAdresse Internet : http://www.hauts-de-seine.gouv.fr/\nDirecteurdelapublication :\nAlexandre BRUGERE\nPREFET DES HAUTS-DE-SEINE\nwe  es  ER = ~-, ER 5 == ER, el SR ee  el\n11\nPREFECTUREDESHAUTS-DE-SEINE\n167-177, avenue Joliot Curie 92013 NANTERRE Cedex\nCourriel : sgc-courrier@hauts-de-seine.gouv.fr\nStandard : 01.40.97.20.00 T\u00e9l\u00e9copie 01.40.97.25.21\nAdresse Internet : https://www.hauts-de-seine.gouv.fr/","date":"2025-08-25","first_seen_on":"2025-08-25T14:36:46+00:00","id":"dc31f72dcc6b268d70cf960ee5d75fe92d5fb2c74a1b352eb904be721f3f9301","name":"2025-08-25 RAA sp\u00e9cial DRIEAT-IDF du 25 ao\u00fbt 2025","pdf_creation_date":null,"pdf_modification_date":"2025-08-25T12:43:05+00:00","timezone":"Europe/Paris","url":"https://www.hauts-de-seine.gouv.fr/contenu/telechargement/27237/189551/file/2025-08-25%20RAA%20sp%C3%A9cial%20DRIEAT-IDF%20du%2025%20ao%C3%BBt%202025.pdf"}
