{"administration":"pref83","administration_name":"Pr\u00e9fecture du Var","content":"| |PREFETDU VARLibert\u00e9Egalit\u00e9Fraternit\u00e9\nCabinet \nARR\u00caT\u00c9 PR\u00c9FECTORAL \nportant fermeture des cr\u00e8ches et des \u00e9tablissements scolaires dans le cadre de la \nvigilance m\u00e9t\u00e9o orages et pluie inondation.\nLe Pr\u00e9fet du Var,\nVu le code g\u00e9n\u00e9ral des collectivit\u00e9s territoriales et notamment l'article L2215-1 ; \nVu le code de l'action sociale et des familles et notamment l'article L214-1 ;\nVu le code de la s\u00e9curit\u00e9 int\u00e9rieure ;\nVu le code des relations entre le public et l'administration, notamment son article L221-2 ;\nVu la loi du 13 ao\u00fbt 2004 de modernisation de la s\u00e9curit\u00e9 civile ;\nVu le d\u00e9cret n\u00b02004-374 du 29 avril 2004, modifi\u00e9 par le d\u00e9cret n\u00b02010-146 du 16 f\u00e9vrier 2010,  \nrelatif  aux  pouvoirs  des  pr\u00e9fets,  \u00e0  l'organisation  des  services  de  l'\u00c9tat  dans  les  r\u00e9gions  et  \nd\u00e9partements et notamment son article 78-2 ;\nVu  le d\u00e9cret du Pr\u00e9sident de la R\u00e9publique du 15 mai 2025 portant nomination de M. Simon  \nBABRE, pr\u00e9fet du Var ;\nVu l'urgence ;\nConsid\u00e9rant les pr\u00e9visions m\u00e9t\u00e9orologiques pla\u00e7ant le d\u00e9partement du Var en vigilance orange  \npour les param\u00e8tres orages et pluie-inondations \u00e0 compter du lundi 1er septembre 2025, 00 H  \n00 ;\nConsid\u00e9rant les forts cumuls de pluie attendus pouvant atteindre plus de 100 mm par heure ;\nConsid\u00e9rant la n\u00e9cessit\u00e9 absolue d'assurer la s\u00e9curit\u00e9 des \u00e9l\u00e8ves et jeunes enfants ;\nSur proposition du secr\u00e9taire g\u00e9n\u00e9ral ;\nA R R \u00ca T E \nArticle 1 : les \u00e9tablissements scolaires du premier degr\u00e9 et du second degr\u00e9 ainsi que les cr\u00e8ches \nsitu\u00e9s dans le d\u00e9partement du Var seront ferm\u00e9s le lundi 1er septembre 2025.\nArticle 2 : D\u00e9lais et voies de recours \nLe pr\u00e9sent arr\u00eat\u00e9 peut \u00eatre d\u00e9f\u00e9r\u00e9, dans un d\u00e9lai de deux mois \u00e0 compter de sa publication,  \naupr\u00e8s du tribunal administratif de Toulon conform\u00e9ment aux dispositions de l'article R. 421-1  \ndu code de justice administrative. \nLa juridiction administrative comp\u00e9tente peut \u00eatre saisie par l'application T\u00e9l\u00e9recours citoyen  \naccessible \u00e0 partir du site web www.telerecours.fr.\n\nArticle 3  : Ex\u00e9cution \nLe  secr\u00e9taire  g\u00e9n\u00e9ral,  la  directrice  de  cabinet  du  pr\u00e9fet  du  Var,  la  sous-pr\u00e9f\u00e8te  de  \nl'arrondissement de Brignoles, la sous-pr\u00e9f\u00e8te de l'arrondissement de Draguignan, le directeur  \ndes services d\u00e9partementaux de l'\u00e9ducation nationale, le directeur interd\u00e9partemental de la  \npolice nationale, le commandant du groupement de gendarmerie d\u00e9partementale du Var, le  \npr\u00e9sident de la r\u00e9gion Provence-Alpes-C\u00f4te d'Azur,  le pr\u00e9sident du Conseil d\u00e9partemental, ainsi \nque les maires des communes sont charg\u00e9s, chacun en ce qui le concerne, de l'ex\u00e9cution du  \npr\u00e9sent arr\u00eat\u00e9 qui sera ins\u00e9r\u00e9 au recueil des actes administratifs de la pr\u00e9fecture.\nFait \u00e0 Toulon, le 31 ao\u00fbt 2025\nPour le pr\u00e9fet et par d\u00e9l\u00e9gation,\nLe secr\u00e9taire g\u00e9n\u00e9ral de la pr\u00e9fecture,\nSign\u00e9\nLucien GIUDICELLI\nBd du 112\u00e8me R\u00e9giment d'Infanterie\nCS 31 209 - 83070 TOULON CEDEX\nT\u00e9l : 04 94 18 83 83\n2/2","date":"2025-08-31","first_seen_on":"2025-08-31T20:22:59+00:00","id":"dc438cf6471a834b68816073e8e0b4d43a215662a1e0cfa2703ad8966f97a80a","name":"RAA n\u00b083-2025-292 du 31 ao\u00fbt 2025","pdf_creation_date":"2025-08-31T17:12:29+00:00","pdf_modification_date":null,"timezone":"Europe/Paris","url":"https://www.var.gouv.fr/contenu/telechargement/42572/278540/file/AP%20Fermeture%20%C3%A9coles%20rentr%C3%A9e%2031082025.pdf"}
