{"administration":"pref80","administration_name":"Pr\u00e9fecture de la Somme","content":"PR\u00c9FET\nDE LA SOMME\nRECUEIL DES ACTES\nADMINISTRATIFS\nN\u00b02025-022\nPUBLI\u00c9 LE 24 JANVIER 2025\nSommaire\nCentre Hospitalier d'Amiens /\n80-2025-01-08-00004 - D\u00e9l\u00e9gation de signature - Garde administrative -\nMme Fiona CASSANDRO (4 pages) Page 3\nDirection D\u00e9partementale des Territoires et de la Mer / service\nenvironnement et littoral\n80-2025-01-13-00011 - Arr\u00eat\u00e9 N\u00b0IDF-2025-01-13-00004 interdisant la\np\u00eache du saumon atlantique (SALMO SALAR) sur le bassin\nSeine-Normandie pour l'ann\u00e9e 2025 (3 pages) Page 8\n80-2025-01-24-00002 - Arr\u00eat\u00e9 ordonnant une battue administrative du\nrenard sur le secteur de Corbie (3 pages) Page 12\nPr\u00e9fecture de la Somme - Cabinet / Cabinet\n80-2025-01-24-00001 - Arr\u00eat\u00e9 d'interdiction de navigation,\nd'activit\u00e9s nautiques et de circulation sur le domaine public maritime\nsur l'Authie, secteur des communes de Waben (62180) et Quend (80120)\n(4 pages) Page 16\n80-2025-01-17-00003 - Arr\u00eat\u00e9 fixant la liste des m\u00e9decins agr\u00e9\u00e9s\ncharg\u00e9s d'appr\u00e9cier l'aptitude physique des candidats au permis de\nconduire et des conducteurs de la Somme au sein de leur cabinet (3 pages) Page 21\nPr\u00e9fecture de la Somme - Cabinet / SIDPC\n80-2025-01-15-00006 - Arr\u00eat\u00e9 portant approbation de la liste d'usagers\nappel\u00e9s \u00e0 b\u00e9n\u00e9ficier des dispositions de l'arr\u00eat\u00e9 minist\u00e9riel du\n5 juillet 1990 fixant les consignes g\u00e9n\u00e9rales de d\u00e9lestage sur les\nr\u00e9seaux \u00e9lectriques (3 pages) Page 25\nPr\u00e9fecture de la Somme - Sous-Pr\u00e9fecture d'Abbeville / Sous-Pr\u00e9fecture\nd'Abbeville\n80-2025-01-22-00001 - Arr\u00eat\u00e9 portant r\u00e9glementation de la circulation\nterrestre en Baie de Somme et en Baie d'Authie Sud (3 pages) Page 29\n2\nCentre Hospitalier d'Amiens\n80-2025-01-08-00004\nD\u00e9l\u00e9gation de signature - Garde administrative -\nMme Fiona CASSANDRO\nCentre Hospitalier d'Amiens - 80-2025-01-08-00004 - D\u00e9l\u00e9gation de signature - Garde administrative - Mme Fiona CASSANDRO 3\n\u20acCHI  ES <enire Heopal sin ofemung:\nAMIENS  Montdidier  - Roye\nPICARDIE\nDELEGATION  DE SIGNATURE\nGARDE  ADMINISTRATIVE\nn\u00b0 2025-04\nLE DIRECTEUR  GENERAL,\nCHEVALIER  DE LA LEGION  D'HONNEUR,\nVu le Code  de la sant\u00e9  publique,  notamment  pris en ses articles  L. 6143-7  et suivants,  et D. 6143-33  et suivants  ;\nVu la Convention  de Direction  commune  sign\u00e9e  le 21 d\u00e9cembre  2021  entre  le CHU  Amiens-Picardie,  le CH de\nDoullens,  le CHI de Montdidier-Roye  et l'EHPAD  de Domart-en-Ponthieu  :\nVu le D\u00e9cret  n\u00b02005-921  du 02 ao\u00fbt  2005  portant  statut  particulier  des grades  et emplois  des personnels  des\ndirections  des \u00e9tablissements  mentionn\u00e9s  \u00e0 l'article  2 (1\u00b0, 2\u00b0, 3\u00b0) de la loi n\u00b086-33  du 09 janvier  1986  modifi\u00e9e\nportant  dispositions  statutaires  relatives  \u00e0 la Fonction  Publique  Hospitali\u00e8re  :\nVu le D\u00e9cret  n\u00b091-155  du 06 f\u00e9vrier  1991  relatif  aux dispositions  g\u00e9n\u00e9rales  applicables  aux agents  contractuels  de\nla fonction  publique  hospitali\u00e8re  ;\nVu le D\u00e9cret  du Pr\u00e9sident  de la R\u00e9publique  en date  du 21 ao\u00fbt  2023  nommant  M. Didier  RENAUT  en qualit\u00e9  de\nDirecteur  G\u00e9n\u00e9ral  du CHU  Amiens-Picardie  \u00e0 compter  du 06 septembre  2023  ;\nVu l'Arr\u00eat\u00e9  du Centre  National  de Gestion  en date  du 24 ao\u00fbt  2023  affectant  M. Didier  RENAUT  au sein  de la\nDirection  commune  constitu\u00e9e  entre  le CHU  Amiens-Picardie,  le CH de Douliens,  le CHI de Montdidier-Roye  et\nl'EHPAD  de Domart-en-Ponthieu  \u00e0 compter  du 06 septembre  2023  ;\nVu l'Arr\u00eat\u00e9  du Centre  National  de Gestion  des personnels  de Direction  de la Fonction  Publique  Hospitali\u00e8re  en date\ndu 14 f\u00e9vrier  2020  et l'Arr\u00eat\u00e9  modificatif  du 30 avril 2020,  affectant,  \u00e0 compter  du 04 mai 2020,  M. Philippe  SARRIS,\nau CHU  Amiens-Picardie,  au CH de Doullens  et au CHI de Montdidier-Roye,  en qualit\u00e9  de directeur  adjoint,\ndirecteur  d\u00e9l\u00e9gu\u00e9  du CHI de Montdidier-Roye  ;\nVu les Arr\u00eat\u00e9s  du Centre  Nationa!  de Gestion  des personnels  de Direction  de la Fonction  Publique  Hospitali\u00e8re  en\ndate  du 13 septembre  2021,  26 septembre  2023  et 20 f\u00e9vrier  2024  affectant  M, Thibaut  GARGAM,  Directeur  Adjoint\nau CHU  Amiens-Picardie,  au CH de Doullens  et au CHI de Montdidier-Roye,  en qualit\u00e9  d'Adjoint  au Directeur\nD\u00e9l\u00e9gu\u00e9  du CHI de Montdidier-Roye  ;\nVu te Contrat  de travail  \u00e0 dur\u00e9e  ind\u00e9termin\u00e9e  \u00e9tabli  entre  Mme  Fiona  CASSANDRO,  Ing\u00e9nieur  Hospitalier,  et le\nCHI de Montdidier-Roye  le 2 septembre  2024  ;\nVu la D\u00e9cision  n\u00b083/2024  du 1\u00b0 mars  2024  relative  \u00e0 la d\u00e9l\u00e9gation  de signature  de la Direction  g\u00e9n\u00e9rale  ;\nVu la D\u00e9cision  n\u00b02023-42  du 06 septembre  2023  relative  aux modalit\u00e9s  d'organisation  des astreintes  de direction  ;\nVu l'Organigramme  de la Direction  commune  entre  le CHU  Amiens-Picardie,  le CH de Doullens,  le CHI de\nMontdidier-Roye  et EHPAD  de Domart-en-Ponthieu  ;\nCHU Amiens-Picardie  - D\u00e9l\u00e9gation  de signature  CHIMR  - D\u00e9cision  n\u00b0 2025-04\nve.\nCentre Hospitalier d'Amiens - 80-2025-01-08-00004 - D\u00e9l\u00e9gation de signature - Garde administrative - Mme Fiona CASSANDRO 4\nDECIDE\nArticle  1*- Objet\nLa pr\u00e9sente  d\u00e9cision  pr\u00e9cise  les modalit\u00e9s  de d\u00e9l\u00e9gation  de signature  de M, Didier  RENAUT,  Directeur\nG\u00e9n\u00e9ral,  concernant  les astreintes  (\u00ab gardes  \u00bb) de direction.\nElle annule  et remplace  les pr\u00e9c\u00e9dentes  d\u00e9l\u00e9gations  relatives  au m\u00eame  domaine.\nArticle  2 - D\u00e9l\u00e9gataire\nDans le cadre  des astreintes  administratives,  d\u00e9l\u00e9gation  est donn\u00e9e  \u00e0 Mme Flona  CASSANDRO,  Ing\u00e9nieur\nHospitalier  au CHI de Montdidier-Roye,  \u00e0 l'effet de prendre  et signer toutes les d\u00e9cisions  et les actes conservatoires\nn\u00e9cessaires  \u00e0 la continuit\u00e9  du service,  \u00e0 la sauvegarde  des personnes  et des biens ainsi qu'au maintien  en\nfonctionnement  des installations  de l'\u00e9tablissement,  et donc de signer  tous documents  se rapportant  :\n- A l'exercice  du pouvoir  de police  au sein de tous les services  de l'\u00e9tablissement\n- Alamise  en \u0153uvre  du r\u00e8glement  int\u00e9rieur  de l'\u00e9tablissement\n- Aux d\u00e9p\u00f4ts  de plainte  aupr\u00e8s  des autorit\u00e9s  de police  et de justice\n- A l'admission,  au s\u00e9jour,  \u00e0 la sortie,  au d\u00e9c\u00e8s  des patients\n- A la s\u00e9curit\u00e9  des personnes  et des biens\n- Au d\u00e9clenchement  des plans  d'urgence  et de la cellule  de crise\n- Aux moyens  de l'\u00e9tablissement,  notamment  en situation  de crise\n- Aux assignations  des personnels\nLa signature  des d\u00e9cisions  et actes conservatoires  devra \u00eatre pr\u00e9c\u00e9d\u00e9e  de la mention  \u00ab Pour  le Directeur  G\u00e9n\u00e9ral\net par d\u00e9l\u00e9gation  \u00bb et pr\u00e9ciser  les nom et pr\u00e9nom  du signataire.\nEtant pr\u00e9cis\u00e9  que Mme Fiona  CASSANDRO  informera,  sans d\u00e9lai, M. Philippe  SARRIS,  Directeur  D\u00e9l\u00e9gu\u00e9,  ou\nM, Thibaut  GARGAM,  Directeur  Adjoint,  en cas de survenue  d'un \u00e9v\u00e8nement  exceptionnel  ou de toute situation\nd'urgence  qui le justifie.  Le Directeur  G\u00e9n\u00e9ral  et le Directeur  G\u00e9n\u00e9ral  Adjoint  sont \u00e9galement  joignables  en\npermanence  et peuvent  \u00eatre sollicit\u00e9s  \u00e0 tout moment  au fitre des gardes  de direction.\nA l'issue  de sa garde,  outre la r\u00e9daction  d'un rapport  circonstanci\u00e9,  Mme Fiona  CASSANDRO  rendra  compte  \u00e0\nM. Didier  RENAUT,  Directeur  G\u00e9n\u00e9ral,  des d\u00e9cisions  prises  en son nom.\nArticle  3 - Effet  et publicit\u00e9\nLa pr\u00e9sente  d\u00e9cision  de d\u00e9l\u00e9gation  de signature  g\u00e9n\u00e9rale  est applicable  \u00e0 compter  de sa publication  la rendant\nconsultable.\nElle fera par ailleurs  l'objet  d'une publication  au recueil  des actes administratifs  de la Pr\u00e9fecture  de la Somme.\nElle cessera  automatiquement  en cas de changement  d'affectation  ou de d\u00e9part  de l'\u00e9tablissement  du d\u00e9l\u00e9gataire.\nElle sera port\u00e9e  \u00e0 la connaissance  du Conseil  de surveillance  et transmise  au Comptable  de l'\u00e9tablissement.\nCHU Amiens-Picardie  - D\u00e9l\u00e9gation  de signature  CHIMR  - D\u00e9cision  n\u00b0 2025-04\nCentre Hospitalier d'Amiens - 80-2025-01-08-00004 - D\u00e9l\u00e9gation de signature - Garde administrative - Mme Fiona CASSANDRO 5\nFait \u00e0 Amiens,  le 8 janvier  2025.\nLe Directeur  G\u00e9n\u00e9ral\nalive\nDidier  RENAUT\nL'ing\u00e9nieur  Hospitalier\nLa ; IL = =  s\n/ Z v\nFiona  0\nCHU  Amlens-Pieardie  - D\u00e9l\u00e9gation  de signature  CHIMR  - D\u00e9cision  n\u00b0 2025-04\nCentre Hospitalier d'Amiens - 80-2025-01-08-00004 - D\u00e9l\u00e9gation de signature - Garde administrative - Mme Fiona CASSANDRO 6\nCentre Hospitalier d'Amiens - 80-2025-01-08-00004 - D\u00e9l\u00e9gation de signature - Garde administrative - Mme Fiona CASSANDRO 7\nDirection D\u00e9partementale des Territoires et de\nla Mer\n80-2025-01-13-00011\nArr\u00eat\u00e9 N\u00b0IDF-2025-01-13-00004 interdisant la\np\u00eache du saumon atlantique (SALMO SALAR) sur\nle bassin Seine-Normandie pour l'ann\u00e9e 2025\nDirection D\u00e9partementale des Territoires et de la Mer - 80-2025-01-13-00011 - Arr\u00eat\u00e9 N\u00b0IDF-2025-01-13-00004 interdisant la p\u00eache du\nsaumon atlantique (SALMO SALAR) sur le bassin Seine-Normandie pour l'ann\u00e9e 2025 8\nDirection r\u00e9gionale et interd\u00e9partementale \nde l'environnement, de l'am\u00e9nagement \net des transports d'\u00cele-de-France \n \nT\u00e9l : 01 87 36 45 00  \nDRIEAT, Site de Vincennes, \n12 Cours Louis Lumi\u00e8re - CS 70027 94307 VINCENNES Cedex   \nwww.drieat.ile-de-france.developpement-durable.gouv. fr  \n \nCertificat N\u00b0A 1607-9001  \n \n \n \nARR\u00caT\u00c9 N\u00b0 \nINTERDISANT LA P\u00caCHE DU SAUMON ATLANTIQUE ( SALMO SALAR) SUR LE BASSIN \nSEINE-NORMANDIE POUR L'ANN\u00c9E 2025  \n \nLE PR\u00c9FET DE LA R\u00c9GION D'\u00ceLE-DE-FRANCE \nPR\u00c9FET DE PARIS \nPR\u00c9FET COORDONNATEUR DU BASSIN SEINE-NORMANDIE \nCOMMANDEUR DE LA L\u00c9GION D'HONNEUR \nOFFICIER DE L'ORDRE NATIONAL DU M\u00c9RITE \n \n \n \nVU le code de l'environnement, livre IV, titre III, parties l\u00e9gislatives et r\u00e9glementaires  ; notamment le \nchapitre VI et l'article R.  436-6  ; \nVU le code des transports, livre III, titre III, chapitre III portant r\u00e8glement g\u00e9n\u00e9ral de police des ports \nmaritimes  ; \nVU le d\u00e9cret du 22 juillet 2020 portant nomination de Monsieur Marc GUILLAUME en qualit\u00e9 de pr\u00e9fet \nde la r\u00e9gion d'\u00cele-de-France, pr\u00e9fet de Paris  ; \nVU l'arr\u00eat\u00e9 minist\u00e9riel du 26 novembre 1987 fixant la liste des cours d'eau ou parties de cours d'eau \nclass\u00e9s comme cours d'eau \u00e0 saumon  ; \nVU l'arr\u00eat\u00e9 minist\u00e9riel du 1er juillet 2019 portant approbation de la d\u00e9lib\u00e9ration n\u00b0  B37/2019 du Comit\u00e9 \nnational des p\u00eaches maritimes et des \u00e9levages marins fixant les conditions d'exercice de la p\u00eache dans \nles estuaires et de la p\u00eache des poissons amphihalins (CMEA)  ; \nVU l'arr\u00eat\u00e9 minist\u00e9riel du 22 ao\u00fbt 2024 portant approbation de la d\u00e9lib\u00e9ration n\u00b0  B65/2024 portant \ncontingent de licences et de droits d'acc\u00e8s aux bassins pour la p\u00eache dans les estuaires et la p\u00eache des \npoissons amphihalins (CMEA) pour la p\u00e9riode 2024-2025  ; \nVU l'arr\u00eat\u00e9 pr\u00e9fectoral n\u00b0  IDF-2021-12-20-00007 du 20 d\u00e9cembre 2021 approuvant le plan de gestion des \npoissons migrateurs du bassin Seine-Normandie pour la p\u00e9riode 2022-2027  ; \nVU l'arr\u00eat\u00e9 pr\u00e9fectoral n\u00b0  IDF-2022-07-19-00005 du 19 juillet 2022 de monsieur le pr\u00e9fet de la r\u00e9gion d'\u00cele-\nde-France portant d\u00e9l\u00e9gation de signature \u00e0 Mme Emmanuelle GAY, directrice r\u00e9gionale et \ninterd\u00e9partementale de l'environnement, de l'am\u00e9nagement et des transports d'\u00cele-de-France, d\u00e9l\u00e9gu\u00e9e \nde bassin Seine-Normandie, en mati\u00e8re administrative  ;  \nVU l'arr\u00eat\u00e9 pr\u00e9fectoral n\u00b0  148/2023 du 29 ao\u00fbt 2023 rendant obligatoire la d\u00e9lib\u00e9ration n\u00b0  2023/E-CMEA-\n13 r\u00e9glementant la p\u00eache des esp\u00e8ces estuariennes et des poissons amphihalins dans la partie maritime \ndes fleuves et rivi\u00e8res de Normandie du Comit\u00e9 r\u00e9gional des p\u00eaches maritimes et des \u00e9levages marins \n(CRPMEM) de Normandie  ; \n \nIDF-2025-01-13-00004Direction D\u00e9partementale des Territoires et de la Mer - 80-2025-01-13-00011 - Arr\u00eat\u00e9 N\u00b0IDF-2025-01-13-00004 interdisant la p\u00eache du\nsaumon atlantique (SALMO SALAR) sur le bassin Seine-Normandie pour l'ann\u00e9e 2025 9\nDirection r\u00e9gionale et interd\u00e9partementale \nde l'environnement, de l'am\u00e9nagement \net des transports d'\u00cele-de-France \n \nT\u00e9l : 01 87 36 45 00  \nDRIEAT, Site de Vincennes, \n12 Cours Louis Lumi\u00e8re - CS 70027 94307 VINCENNES C edex    \nwww.drieat.ile-de-france.developpement-durable.gouv .fr   \n \nCertificat N\u00b0A 1607-9001  \n \nVU l'arr\u00eat\u00e9 pr\u00e9fectoral n\u00b0  IDF-2024-02-02-00001 du 02 f\u00e9vrier 2024 pr\u00e9cisant l es dispositions \nd'encadrement de la p\u00eache des poissons migrateurs d u bassin Seine-Normandie pour la p\u00e9riode 2024-\n2025  ; \nVU  l'avis du comit\u00e9 de gestion des poissons migrateur s du bassin Seine-Normandie (COGEPOMI) exprim\u00e9 \nen pl\u00e9ni\u00e8re du 21 novembre 2024  ; \nVU  l'avis favorable du CPRMEM de Normandie ; \nVU la consultation du public r\u00e9alis\u00e9e entre  le 11 d\u00e9cembre 2024 inclus et le 01 janvier 2025 in clus  ; \nCONSID\u00c9RANT la n\u00e9cessit\u00e9 de pr\u00e9server le saumon atlantique, cla ss\u00e9 comme esp\u00e8ce en danger \nd'extinction sur la liste rouge r\u00e9gionale de l'ex H aute-Normandie ; \nCONSID\u00c9RANT  qu'une \u00e9tude RENOSAUM (R\u00e9novation de la strat\u00e9gie de gestion du saumon) est en \ncours sur le bassin Seine-Normandie et que la d\u00e9fin ition des limites de conservation par rivi\u00e8re et \nl'analyse comparative des scenarios de r\u00e9gulation n e seront disponibles qu'\u00e0 l'horizon 2026  ; \nCONSIDERANT  que les donn\u00e9es biologiques des derni\u00e8res ann\u00e9es a ttestent d'une d\u00e9gradation de l'\u00e9tat \nde conservation des populations de saumons atlantiq ues sur le bassin Seine-Normandie et plus \nlargement en France et \u00e0 l'international, que cette  d\u00e9gradation s'est accentu\u00e9e en 2023 et en 2024 sur  \nl'ensemble des bassins versants de Seine-Normandie et qu'il convient de prendre une mesure d'urgence \nsur la p\u00eache du saumon atlantique, afin de permettr e \u00e0 l'esp\u00e8ce de reconstituer et p\u00e9renniser ses stoc ks ;  \nSUR proposition de la directrice r\u00e9gionale et interd\u00e9pa rtementale de l'environnement, de \nl'am\u00e9nagement et des transports d'\u00cele-de-France, d\u00e9 l\u00e9gu\u00e9e de bassin Seine Normandie  ; \n \n \n \nARR\u00caTE \n \nArticle 1  :  \nLa p\u00eache du saumon atlantique ( Salmo salar ), professionnelle comme de loisir, en amont de la limite de \nsalure des eaux (LSE) et entre la LSE et la limite transversale de la mer (LTM), est interdite jusqu'a u 31 \nd\u00e9cembre 2025. Tout saumon atlantique captur\u00e9 devra  \u00eatre imm\u00e9diatement remis en \u00e0 l'eau. \n \nLe pr\u00e9fet de r\u00e9gion comp\u00e9tent en mati\u00e8re de p\u00eache m aritime veille \u00e0 adopter des dispositions en aval \nLSE qui soient identiques \u00e0 celles applicables \u00e0 la  p\u00eache en eau douce. \n \nArticle 2  :  \n \nLes dispositions relatives \u00e0 la p\u00eache du saumon atl antique figurant \u00e0 l'article 3 de l'arr\u00eat\u00e9 n\u00b0  IDF-2024-\n02-02-00001 du 02 f\u00e9vrier 2024 pr\u00e9cisant les dispos itions d'encadrement de la p\u00eache des poissons mi- \ngrateurs du bassin Seine-Normandie pour la p\u00e9riode 2024-2025 sont abrog\u00e9es. Les autres dispositions \nrestent inchang\u00e9es. \n \nArticle 3 :  Direction D\u00e9partementale des Territoires et de la Mer - 80-2025-01-13-00011 - Arr\u00eat\u00e9 N\u00b0IDF-2025-01-13-00004 interdisant la p\u00eache du\nsaumon atlantique (SALMO SALAR) sur le bassin Seine-Normandie pour l'ann\u00e9e 2025 10\nPREFET\nCOORDONNATEUR\nDU BASSIN\nSEINE-NORMANDIE\nLibert\u00e9\nEgalit\u00e9\nFraternit\u00e9Direction  r\u00e9gionale  et interd\u00e9partementale\nde l'environnement,  de l'am\u00e9nagement\net des  transports  d'\u00cele-de-France\nLe pr\u00e9sent  arr\u00eat\u00e9  peut  faire  l'objet,  dans  un d\u00e9lai  de deux  mois  \u00e0 compter  de sa date  de publication:\n+ d'un  recours  gracieux,  adress\u00e9  \u00e0 Monsieur  le Pr\u00e9fet  de la r\u00e9gion  \u00cele-de-France,  coordonnateur  du\nbassin  Seine-Normandie  ;\ne d'un  recours  hi\u00e9rarchique,  adress\u00e9  \u00e0 Madame  la Ministre  de la transition  \u00e9cologique,  de\nl'\u00e9nergie,  du climat  et de la pr\u00e9vention  des  risques  ;\ne d'un  recours  contentieux,  en saisissant  le tribunal  administratif  de Paris  (7 Rue  de Jouy,  75004\nParis).  Le tribunal  administratif  peut  \u00e9galement  \u00eatre  saisi  via le site  Internet  : www.telerecours.fr\nDans  les deux  premiers  cas,  le silence  de l'administration  vaut  rejet  implicite  au terme  d'un  d\u00e9lai  de\ndeux  mois.  Apr\u00e8s  un recours  gracieux  ou hi\u00e9rarchique,  le d\u00e9lai  du recours  contentieux  ne court  qu'\u00e0\ncompter  du rejet  explicite  ou implicite  de l'un  de ces  recours.\nArticle  4:\nLes pr\u00e9fets  des  d\u00e9partements  du bassin  Seine-Normandie,  la pr\u00e9f\u00e8te,  secr\u00e9taire  g\u00e9n\u00e9rale  aux  politiques\npubliques  de la pr\u00e9fecture  de la r\u00e9gion  d'\u00cele-de-France  et la directrice  r\u00e9gionale  et interd\u00e9partementale\nde l'environnement,  de l'am\u00e9nagement  et des transports  d'\u00cele-de-France,  d\u00e9l\u00e9gu\u00e9e  de bassin  Seine-\nNormandie,  sont  charg\u00e9s,  chacun  en ce qui le concerne,  de l'ex\u00e9cution  du pr\u00e9sent  arr\u00eat\u00e9  qui sera\npubli\u00e9  au recueil  des actes  administratifs  de la pr\u00e9fecture  de la r\u00e9gion  d'\u00cele-de-France  et de ceux  des\npr\u00e9fectures  de d\u00e9partement  du bassin.\nFait  \u00e0 Paris,le\nDRIEAT,  Si |\n|? Co:  Louis  Lt afi 4307  VINCENNES  \u20ac\nwww.drieat.ile-de-france.developpement-durable.gouv,frLe Pr\u00e9fet  de la r\u00e9gion  d'\u00cele-de-France,\nPr\u00e9fet  de Paris,  Pr\u00e9fet  coordonnateur  du bassin\nSeine-Normandie,\n13 janvier 2025Direction D\u00e9partementale des Territoires et de la Mer - 80-2025-01-13-00011 - Arr\u00eat\u00e9 N\u00b0IDF-2025-01-13-00004 interdisant la p\u00eache du\nsaumon atlantique (SALMO SALAR) sur le bassin Seine-Normandie pour l'ann\u00e9e 2025 11\nDirection D\u00e9partementale des Territoires et de\nla Mer\n80-2025-01-24-00002\nArr\u00eat\u00e9 ordonnant une battue administrative du\nrenard sur le secteur de Corbie\nDirection D\u00e9partementale des Territoires et de la Mer - 80-2025-01-24-00002 - Arr\u00eat\u00e9 ordonnant une battue administrative du renard\nsur le secteur de Corbie 12\nPREFET  Direction  d\u00e9partementale\n= LA SOMME  des territoires  et de la mer\nBite . de la Somme\nARRETE\nordonnant  une  battue  administrative  du renard\nsur le secteur  de Corbie\nLE PREFET  DE LA SOMME\nCHEVALIER  DE LA LEGION  D'HONNEUR\nVu le code  g\u00e9n\u00e9ral  des collectivit\u00e9s  territoriales,  et notamment  son article  L 2122-21  ;\nVu le code  de l'environnement,  et notamment  ses articles  L 427-1  et L 427-6  ;\nVu le d\u00e9cret  2004-374  du 29 avril  2004  modifi\u00e9,  relatif  aux pouvoirs  des pr\u00e9fets,  a\nl'organisation  et \u00e0 l'action  des services  de l'\u00c9tat,  dans  les r\u00e9gions  et d\u00e9partements  ;\nVu le d\u00e9cret  du 13 juillet  2023  portant  nomination  de M. Rollon  MOUCHEL-BLAISOT,  pr\u00e9fet  de\nla Somme  ;\nVu le d\u00e9cret  du 3 janvier  2024  portant  nomination  de M. Victor  JOZON,  sous-pr\u00e9fet,  directeur\nde cabinet  du pr\u00e9fet  de la Somme  ;\nVu l'arr\u00eat\u00e9  pr\u00e9fectoral  du 15 janvier  2024  portant  d\u00e9l\u00e9gation  de signature  \u00e0 M. Victor  JOZON,\nsous-pr\u00e9fet,  directeur  de cabinet  du pr\u00e9fet  de la Somme  ;\nVu la demande  de M. Bernard  POINTIN,  lieutenant  de louveterie  de la 8\u00e8me  circonscription,\nre\u00e7ue  le 9 janvier  2025  ;\nVu l'avis  favorable  de la f\u00e9d\u00e9ration  d\u00e9partementale  des chasseurs  de la Somme  du 9 janvier\n2025  :\nVu les demandes  des maires  des communes  d''Aubigny,  Bonnay,  Bussy-l\u00e8s-Daours,  Camon,\nChipilly,  Corbie,  \u00c9tinehem-M\u00e9ricourt,  Fouilloy,  Hamelet,  Heilly,  Lamotte-Brebi\u00e9re,  Morlancourt,\nSailly-Laurette,  Sailly-le-Sec,  Vaire-sous-Corbie,  Vaux-sur-Somme  et Villers-Bretonneux  dat\u00e9es\nde septembre  a novembre  2024  ;\nVu le bilan  des d\u00e9clarations  de d\u00e9g\u00e2ts  de renard  depuis  juillet  2024  sur les communes\nd'Allonville,  Aubigny,  Bonnay,  Bussy-l\u00e9s-Daours,  Camon,  Chipilly,  Corbie,  Daours,  Etinehem-\nM\u00e9ricourt,  Fouilloy,  Franvillers,  Hamelet,  Heilly,  Lamotte-Brebi\u00e9re,  Morlancourt,  Sailly-Laurette,\nSailly-le-Sec,  Vaire-sous-Corbie,  Vaux-sur-Somme  et Villers-Bretonneux  ;\nConsid\u00e9rant  que le montant  des pr\u00e9judices  dus au renard  sur les \u00e9levages  avicoles  des\nadministr\u00e9s  sur ce secteur  depuis  juillet  2024  s'\u00e9l\u00e8ve  \u00e0 9 853\u20ac;\nConsid\u00e9rant  la n\u00e9cessit\u00e9  d'op\u00e9rer  une r\u00e9gulation  du renard  compte  tenu  du montant  des\npr\u00e9judices  enregistr\u00e9s  sur ce secteur  ;\nConsid\u00e9rant  la n\u00e9cessit\u00e9  de pr\u00e9venir  les dommages  importants  aux activit\u00e9s  de l'\u00e9levage\navicole  sur ce secteur  ;\nSur proposition  du directeur  d\u00e9partemental  des territoires  et de la mer  de la Somme  ;\nDirection D\u00e9partementale des Territoires et de la Mer - 80-2025-01-24-00002 - Arr\u00eat\u00e9 ordonnant une battue administrative du renard\nsur le secteur de Corbie 13\nARR\u00caTE\nArticle  1er. - Une  battue  administrative  en vue de r\u00e9guler  les populations  de renard  est\norganis\u00e9e  du 25 janvier  au 8 f\u00e9vrier  2025,  sous  le contr\u00f4le  et la responsabilit\u00e9  technique  du\nlieutenant  de louveterie  de la circonscription  n\u00b08,  M. Bernard  POINTIN.\nCette  battue  s'op\u00e9rera  sur les communes  d'Allonville,  Aubigny,  Bonnay,  Bussy-l\u00e8s-Daours,\nCamon,  Chipilly,  Corbie,  Daours,  \u00c9tinehem-M\u00e9ricourt,  Fouilloy,  Franvillers,  Hamelet,  Heilly,\nLamotte-Brebi\u00e8re,  Morlancourt,  Sailly-Laurette,  Sailly-le-Sec,  Vaire-sous-Corbie,  Vaux-sur-\nSomme  et Villers-Bretonneux,  \u00e0 l'exclusion  des terrains  b\u00e2tis,  cours  et jardins  attenant  \u00e0 des\nhabitations.\nArticle  2. - M. Bernard  POINTIN  pourra  se faire  repr\u00e9senter  ou accompagner  par tout  autre\nlieutenant  de louveterie  de son choix.  Si la r\u00e9gulation  est men\u00e9e  par plusieurs  lieutenants  de\nlouveterie  sur une m\u00eame  journ\u00e9e,  le territoire  d'intervention  sera  r\u00e9parti  entre  eux.\nArticle  3. - L'utilisation  d'un  v\u00e9hicule  automobile  est autoris\u00e9e  sous  r\u00e9serve  qu'une  seule  arme\ncharg\u00e9e  y soit  embarqu\u00e9e.\nLes pr\u00e9l\u00e8vements  sont  effectu\u00e9s  au fusil  ou \u00e0 la carabine  par le lieutenant  de louveterie  qui\npeut  \u00eatre  accompagn\u00e9  pour  l'\u00e9clairage  et la conduite  du v\u00e9hicule.  Les personnes  qui\nparticipent  aux op\u00e9rations  sont  plac\u00e9es  sous  la responsabilit\u00e9  du lieutenant  de louveterie.\nSeul  le lieutenant  de louveterie  est habilit\u00e9  au tir.\nL'emploi  sur l'arme  \u00e0 feu d'un  dispositif  silencieux,  ainsi  que  l'utilisation  de sources\nlumineuses,  sont  autoris\u00e9s.\nArticle  4. - Les animaux  abattus  devront  \u00eatre  enterr\u00e9s  sur place.\nArticle  5. - Le v\u00e9hicule  est identifi\u00e9  de chaque  c\u00f4t\u00e9  par un magn\u00e9tique  des lieutenants  de\nlouveterie.\nArticle  6. - Un compte-rendu  des op\u00e9rations  est \u00e9tabli  par le lieutenant  de louveterie  requis,\net adress\u00e9  \u00e0 la direction  d\u00e9partementale  des territoires  et de la mer  (DDTM)  de la Somme\ndans  un d\u00e9lai  de 15 jours,  \u00e0 l'issue  de l'intervention.\nArticle  7. - Avant  de proc\u00e9der  \u00e0 toute  op\u00e9ration  de r\u00e9gulation,  chaque  lieutenant  de\nlouveterie  en informe  pr\u00e9alablement  :\n- le commandant  du groupement  de gendarmerie  ou le directeur  inter-d\u00e9partemental\nde la police  nationale  (DIPN)  ;\n- le chef  du service  d\u00e9partemental  de l'Office  Fran\u00e7ais  de la Biodiversit\u00e9  ;\n- la DDTM  (uniquement  en cas de sortie  collective).\nArticle  8. - Le pr\u00e9sent  arr\u00eat\u00e9  est susceptible  de faire  l'objet  d'un  recours  contentieux  devant\nle tribunal  administratif  d'Amiens  \u2014 14, rue Lemerchier  - 80011  Amiens  cedex  1 - dans  un d\u00e9lai\nde deux  mois  \u00e0 compter  de sa publication  au recueil  des actes  administratifs  de la pr\u00e9fecture\nde la Somme.  Le tribunal  administratif  peut  \u00e9galement  \u00eatre  saisi,  dans  le m\u00eame  d\u00e9lai,  par\nl'interm\u00e9diaire  de l'application  \u00ab t\u00e9l\u00e9recours  citoyen  \u00bb accessible  sur le site www.telerecours.fr.\nDirection D\u00e9partementale des Territoires et de la Mer - 80-2025-01-24-00002 - Arr\u00eat\u00e9 ordonnant une battue administrative du renard\nsur le secteur de Corbie 14\nArticle  9. - Le directeur  de cabinet  du pr\u00e9fet  de la Somme,  la sous-pr\u00e9f\u00e8te  de P\u00e9ronne,  le\ndirecteur  d\u00e9partemental  des territoires  et de la mer  de la Somme,  le chef  du service\nd\u00e9partemental  de l'office  fran\u00e7ais  de la biodiversit\u00e9,  et tous  les agents  charg\u00e9s  de la police  de\nla chasse,  sont  charg\u00e9s,  chacun  en ce qui le concerne,  de l'ex\u00e9cution  du pr\u00e9sent  arr\u00eat\u00e9  qui sera\npubli\u00e9  au recueil  des actes  administratifs  de la pr\u00e9fecture  de la Somme.\nAmiens,  le |\nPour  le pr\u00e9fet  et par d\u00e9l\u00e9gation,\nLe sous-pr\u00e9fet,  diregteur  de cabinet,\n24 janvier 2025Direction D\u00e9partementale des Territoires et de la Mer - 80-2025-01-24-00002 - Arr\u00eat\u00e9 ordonnant une battue administrative du renard\nsur le secteur de Corbie 15\nPr\u00e9fecture de la Somme - Cabinet\n80-2025-01-24-00001\nArr\u00eat\u00e9 d'interdiction de navigation, d'activit\u00e9s\nnautiques et de circulation sur le domaine public\nmaritime sur l'Authie, secteur des communes de\nWaben (62180) et Quend (80120)\nPr\u00e9fecture de la Somme - Cabinet - 80-2025-01-24-00001 - Arr\u00eat\u00e9 d'interdiction de navigation, d'activit\u00e9s nautiques et de circulation\nsur le domaine public maritime sur l'Authie, secteur des communes de Waben (62180) et Quend (80120) 16\nE se \u00c6\nPR\u00c9FETPR\u00c9aE LA SOMME  DU PAS-DE-CALAIS\nFraternit\u00e9\nARR\u00caT\u00c9  D'INTERDICTION  DE NAVIGATION,  D'ACTIVIT\u00c9S  NAUTIQUES\nET DE CIRCULATION  SUR  LE DOMAINE  PUBLIC  MARITIME\nsur l'Authie,  secteur  des  communes  de Waben  (62180)  et Quend  (80120)\nLe Pr\u00e9fet  de la Somme,\nLe Pr\u00e9fet  du Pas-de-Calais,\nVu le code des transports,  notamment  ses articles  L.5331-2,  L.5331-7,  L.5331-8,  L.5331-10  et R.5333-1  \u00e0\nR.5333-28  constituant  le r\u00e8glement  g\u00e9n\u00e9ral  de police  des  ports  maritimes,  et ses articles  L.4241-1  et\nR.4241-1  et suivants,  constituant  le r\u00e8glement  g\u00e9n\u00e9ral  de police  de la navigation  int\u00e9rieure  ;\nVu le code  p\u00e9nal,  notamment  son article  R.610-5  ;\nVu le code  du sport,  notamment  ses articles  A.322-42  \u00e0 A.322-57;\nVu le code  g\u00e9n\u00e9ral  de la propri\u00e9t\u00e9  et des personnes  publiques,  notamment  ses articles  L.2125-1  \u00e0 L.2125-\n6 et R.2125-1  ;\nVu le code  g\u00e9n\u00e9ral  des  collectivit\u00e9s  territoriales,  notamment  son  article  L.2213-23  ;\nVula  loi n\u00b0 82-213  du 2 mars  1982  modifi\u00e9e  relative  aux droits  et libert\u00e9s  des communes,  des\nd\u00e9partements  et des r\u00e9gions,  notamment  son article  34 ;\nVu la loi n\u00b0 2004-811  du 13 ao\u00fbt 2004  modifi\u00e9e  de modernisation  de la s\u00e9curit\u00e9  civile  ;\nVu le d\u00e9cret  n\u00b0 2004-374  du 29 avril  2004  modifi\u00e9  relatif  aux pouvoirs  des pr\u00e9fets,  \u00e0 l'organisation  et \u00e0\nl'action  des services  de l'\u00c9tat  dans  les r\u00e9gions  et d\u00e9partements  ;\nVu le d\u00e9cret  n\u00b0 2013-253  du 25 mars  2013  relatif  aux dispositions  de la quatri\u00e8me  partie  r\u00e9glementaire\ndu code  des  transports  ;\nVu le d\u00e9cret  du 20 juillet  2022 portant  nomination  de Monsieur  Jacques  BILLANT  en qualit\u00e9  de pr\u00e9fet\ndu Pas-de-Calais  ;\nVu le d\u00e9cret  du 13 juillet  2023  portant  nomination  de Monsieur  Rollon  MOUCHEL-BLAISOT  en qualit\u00e9\nde pr\u00e9fet  de la Somme  ;\nVu l'arr\u00eat\u00e9  minist\u00e9riel  du 23 novembre  1987  relatif  \u00e0 la s\u00e9curit\u00e9  des navires  ;\nVu l'arr\u00eat\u00e9  minist\u00e9riel  du 28 juin 2013  portant  r\u00e8glement  g\u00e9n\u00e9ral  de police  de la navigation  int\u00e9rieure  ;\nPr\u00e9fecture de la Somme - Cabinet - 80-2025-01-24-00001 - Arr\u00eat\u00e9 d'interdiction de navigation, d'activit\u00e9s nautiques et de circulation\nsur le domaine public maritime sur l'Authie, secteur des communes de Waben (62180) et Quend (80120) 17\nConsid\u00e9rant  qu'en  2022,  plus  de 2300  travers\u00e9es  ont  \u00e9t\u00e9  r\u00e9alis\u00e9es  ou tent\u00e9es,  mettant  en danger  a\nchaque  reprise  la s\u00e9curit\u00e9  des personnes  se trouvant  \u00e0 bord  de ces embarcations,  impliquant  pr\u00e8s  de\n80 000  migrants  au total,\nConsid\u00e9rant  que  la gestion  des flux  de migrants  est une  probl\u00e9matique  inter-d\u00e9partementale  pour  la\nR\u00e9gion  Hauts-de-France  qui n\u00e9cessite  une  harmonisation  des  pratiques  et des  moyens  de lutte  contre\n'immigration  clandestine  ;\nConsid\u00e9rant  que  les forces  de s\u00e9curit\u00e9  int\u00e9rieure  constatent  une  multiplication  des op\u00e9rations  de\nsauvetage  dans  la Manche  et le d\u00e9troit  du Pas-de-Calais  au profit  des  bateaux  de petites  tailles\ntransportant  des  migrants  d\u00e9sireux  de rejoindre  le Royaume-Uni  ;\nConsid\u00e9rant  donc  la n\u00e9cessit\u00e9  de prendre  toutes  mesures  utiles  visant  \u00e0 dissuader  et faire  obstacle  \u00e0\nl'organisation  de telles  travers\u00e9es  maritimes  ill\u00e9gales  et dangereuses  \u00e0 destination  du Royaume-Uni  avec\nl'aide  de bateaux  rigides  ou semi-rigides  de dimensions  r\u00e9duites,\nQue les conditions  m\u00e9t\u00e9orologiques  rencontr\u00e9es  dans  la Manche,  quelle  que soit la p\u00e9riode  de l'ann\u00e9e,\nconf\u00e9rent  un caract\u00e8re  dangereux  aux  travers\u00e9es  au moyen  d'embarcations  impropres  \u00e0 la navigation  ;\nConsid\u00e9rant  que  le secteur  de Quend  et de Waben  est une  zone  possible  de d\u00e9part  pour  des  travers\u00e9es\nclandestines,\nQue  douze  tentatives  de d\u00e9part  de taxis  boats  ont  \u00e9t\u00e9 emp\u00each\u00e9s  par les services  de pancarte  .\ndepuis  le mois  de mai  2023,  permettant  ainsi  de sauvegarder  des vies  humaines  ;\nConsid\u00e9rant  qu'en vue d'assurer  la s\u00e9curit\u00e9  publique,  il y a lieu de r\u00e9glementer  la navigation  et les\nactivit\u00e9s  nautiques  et notamment.  d'interdire  la circulation  sur l'Authie  dans  une  zone  de 200  m\u00e8tres  en\naval  du barrage  au niveau  du territoire  des  communes  de Waben  et Quend,\nARRETENT:\nArticle  1\u00b0 : La navigation  et les activit\u00e9s  nautiques  sont  interdites  sur l'Authie  dans  une zone  de deux\ncents  m\u00e9tres  en aval  du barrage  install\u00e9  au sud du port  de la Madelon  repr\u00e9sent\u00e9e  sur le plan  annex\u00e9  au\npr\u00e9sent  arr\u00eat\u00e9  au niveau  du territoire  des communes  de Waben  et Quend,  jusqu'au  24 avril  2025.\nArticle.2  : Les embarcations  vis\u00e9es  par cet arr\u00e9t\u00e9  devront  se conformer  aux instructions  donn\u00e9es  par les\nservices  de s\u00e9curit\u00e9.\nCette  interdiction  de navigation  ne s'applique  pas aux  services  de secours  et d'intervention.\nArticle  3: Toute  infraction  aux dispositions  du pr\u00e9sent  arr\u00eat\u00e9  sera constat\u00e9e  et poursuivie\nconform\u00e9ment  aux  lois et r\u00e8glements  en vigueur.\nArticle  4: - Monsieur  le Secr\u00e9taire  g\u00e9n\u00e9ral  de la Pr\u00e9fecture  du Pas-de-Calais,\n\u2014 Monsieur  le Secr\u00e9taire  g\u00e9n\u00e9ral  de la Pr\u00e9fecture  de la Somme,\n\u2014 Madame  la Sous-Pr\u00e9f\u00e8te,  Directrice  de Cabinet  du Pr\u00e9fet  du Pas-de-Calais,\n~ Monsieur  le Sous-Pr\u00e9fet,  Directeur  de Cabinet  du Pr\u00e9fet  de la Somme,\n\u2014 Madame  la Sous-Pr\u00e9f\u00e8te  de l'arrondissement  de Montreuil-sur-Mer,\n- Madame  la Sous-Pr\u00e9f\u00e8te  de l'arrondissement  d'Abbeville,\n- Monsieur  le Maire  de la commune  de Conchil-le-Temple,\n\u2014 Monsieur  le Maire  de la commune  de Waben,  _\n\u2014 Monsieur  le Maire  de la commune  de Quend,\n- Monsieur  le Directeur  D\u00e9partemental  des Services  d'Incendie  et de Secours  du Pas-de-\nCalais,\nPr\u00e9fecture de la Somme - Cabinet - 80-2025-01-24-00001 - Arr\u00eat\u00e9 d'interdiction de navigation, d'activit\u00e9s nautiques et de circulation\nsur le domaine public maritime sur l'Authie, secteur des communes de Waben (62180) et Quend (80120) 18\n\u2014 Monsieur  le Directeur  interd\u00e9partemental  de la police  nationale  de la Somme\n\u2014 Monsieur  le Pr\u00e9sident  du Conseil  D\u00e9partemental  du Pas-de-Calais,\n\u2014 Madame  la Pr\u00e9sidente  du Conseil  D\u00e9partemental  de la Somme,\n\u2014 Monsieur  le Directeur  D\u00e9partemental  des Territoires  et de la Mer du Pas-de-Calais,\n~ Monsieur  le Directeur  D\u00e9partemental  des  Territoires  et de la Mer  de la Somme,\nsont  ch\u00e4rg\u00e9s,  chacun  en ce qui les concerne,  de l'ex\u00e9cution  du pr\u00e9sent  arr\u00eat\u00e9.\nArticle  5 : Le pr\u00e9sent  arr\u00eat\u00e9  sera  publi\u00e9  au recueil  des actes  administratifs  des pr\u00e9fectures  du Pas-de-\nCalais  et de la Somme.  Copie  en sera  adress\u00e9e  aux  services  vis\u00e9s  \u00e0 l'article  5 ainsi  qu'\u00e0  Monsieur  le Pr\u00e9fet\nde la Zone  de D\u00e9fense  Nord.\nFait  \u00e0 Arras,le  \u00a9 & JAN,  2025  Fait  \u00e0 Amiens,  le 2 & JAN.  2025\nLe pr\u00e9fet  du Pas-de-Calais,  Le pr\u00e9fet  de t Somme;~  a\n/ D'\nI.  / / \\\n\u00bbe \\Jacques  BILANY'S  Rollor/MOUCHEL-BLAISOT\n(\nVOIES  ET DELAIS  DE RECOURS\nLa pr\u00e9sente  d\u00e9cision  est susceptible  de faire,  dans  le d\u00e9lai  de deux  mois  suivant  la notification,  l'objet  des  voies  de recours\nsuivantes  :\n- Un recours  gracieux,  formul\u00e9  aupr\u00e8s  des pr\u00e9fets  du Pas-de-Calais  et de la Somme.\n- un recours  hi\u00e9rarchique,  aupr\u00e8s  du Ministre  de l'Int\u00e9rieur,  direction  des  libert\u00e9s  publiques  et des  affaires  juridiques  ~ sous-\ndirection  des  polices  administratives  - bureau  des  polices  administratives  - place  Beauvau  75800  Paris  cedex  08.\nCes  recours  sont  d\u00e9pourvus  de caract\u00e8re  suspensif.  En 'absence  de r\u00e9ponse  de l'administration  dans  un d\u00e9lai  de deux  mois  \u00e0\ncompter  de la date  de r\u00e9ception  de votre  recours,  celui-ci  doit  \u00eatre  consid\u00e9r\u00e9  comme  implicitement  rejet\u00e9.\n- Un recours  contentieux,  devant  le tribunal  administratif  de Lille  S rue  Geoffroy  SaintHillaire  \u00e0 Lille  ou par  voie  \u00e9lectronique  par\nle site  www.telerecours.fr.  Ce recours  juridictionnel  doit  \u00eatre  d\u00e9pos\u00e9  au plus  tard  avant  l'expiration  du deuxi\u00e8me  mois  \u00e0 compter\nde la date  de notification  de la d\u00e9cision  contest\u00e9e,  ou dans  les deux  mois  suivant  la date  du rejet  de votre  recours  gracieux  ou\nhi\u00e9rarchique.\nPr\u00e9fecture de la Somme - Cabinet - 80-2025-01-24-00001 - Arr\u00eat\u00e9 d'interdiction de navigation, d'activit\u00e9s nautiques et de circulation\nsur le domaine public maritime sur l'Authie, secteur des communes de Waben (62180) et Quend (80120) 19\nDonn\u00e9es cartoeravhioues : \u00a9 IGN. EPF +\nPr\u00e9fecture de la Somme - Cabinet - 80-2025-01-24-00001 - Arr\u00eat\u00e9 d'interdiction de navigation, d'activit\u00e9s nautiques et de circulation\nsur le domaine public maritime sur l'Authie, secteur des communes de Waben (62180) et Quend (80120) 20\nPr\u00e9fecture de la Somme - Cabinet\n80-2025-01-17-00003\nArr\u00eat\u00e9 fixant la liste des m\u00e9decins agr\u00e9\u00e9s charg\u00e9s\nd'appr\u00e9cier l'aptitude physique des candidats au\npermis de conduire et des conducteurs de la\nSomme au sein de leur cabinet\nPr\u00e9fecture de la Somme - Cabinet - 80-2025-01-17-00003 - Arr\u00eat\u00e9 fixant la liste des m\u00e9decins agr\u00e9\u00e9s charg\u00e9s d'appr\u00e9cier l'aptitude\nphysique des candidats au permis de conduire et des conducteurs de la Somme au sein de leur cabinet 21\nPREFET  | |\nDE LA SOMME  Cabinet\nFate | Bureau  des droits  \u00e0 conduire\nFraternit\u00e9\nArr\u00eat\u00e9  fixant  la liste  des  m\u00e9decins  agr\u00e9\u00e9s  charg\u00e9s  d'appr\u00e9cier  l'aptitude  physique  des  candidats  au\npermis  de conduire  et des  conducteurs  de la Somme  au sein  de leur  cabinet\nVU le Code  de la Route  ;\nVU le d\u00e9cret  n\u00b0 2012-886  du 17 juillet  2012  relatif  au contr\u00f4le  m\u00e9dical  de l'aptitude  \u00e0 la conduite  ;\nVU le d\u00e9cret  n\u00b0 2016-39  du 22 janvier  2016  pris  en application  de l'article  L.224-14  du code  de la route  ;\nVu le d\u00e9cret  du 13 juillet  2023  portant  nomination  du pr\u00e9fet  de la Somme,  M. Rollon  MOUCHEL-\nBLAISOT  \u00e0 compter  du 24 juillet  2023  ;\nVU le d\u00e9cret  du 3 janvier  2024  nommant  Victor  JOZON,  sous-pr\u00e9fet,  directeur  de cabinet  du pr\u00e9fet  de\nla Somme  ;\nVU l'arr\u00eat\u00e9  interminist\u00e9riel  du 28 mars  2022  modifiant  l'arr\u00eat\u00e9  du 31 juillet  2012  relatif  \u00e0 l'organisation\ndu contr\u00f4le  m\u00e9dical  de l'aptitude  \u00e0 la conduite  ;\nVU l'arr\u00eat\u00e9  pr\u00e9fectoral  du 25 f\u00e9vrier  2009  modifi\u00e9  portant  agr\u00e9ment  de m\u00e9decins  charg\u00e9s  d'appr\u00e9cier\nl'aptitude  physique  des  candidats  au permis  de conduire  et des  conducteurs  ;\nVU l'arr\u00eat\u00e9  pr\u00e9fectoral  du 15 janvier  2024  portant  d\u00e9l\u00e9gation  de signature  au directeur  de cabinet  de la\nSomme  ;\nSur proposition  du sous-pr\u00e9fet,  directeur  de cabinet  du pr\u00e9fet  de la Somme  ;\nARRETE\nArticle  1: La liste  des  m\u00e9decins  agr\u00e9\u00e9s  charg\u00e9s  d'appr\u00e9cier  l'aptitude  physique  des  candidats  au permis\nde conduire  et des  conducteurs  de la Somme  au sein  de leur  cabinet  est modifi\u00e9e  et fix\u00e9e  en annexe.\nArticle  2 : Le directeur  de cabinet  est charg\u00e9  de l'ex\u00e9cution  du pr\u00e9sent  arr\u00eat\u00e9  qui sera  publi\u00e9  au recueil\ndes  actes  administratifs  de la Pr\u00e9fecture  de la Somme  et dont  une  copie  sera  notifi\u00e9e  \u00e0 la Pr\u00e9sidente  du .\nConseil  d\u00e9partemental  de l'Ordre  des  M\u00e9decins  de la Somme.\n51, rue de la R\u00e9publique  \u2014 CS 42001  - 80020  Amiens  Cedex  9\nT\u00e9l : 03.22.97.80.80  - Fax  : 03.22.97.80.98\nPortail  de l'\u00c9tat  dans  la Somme  : http://www.somme.gouv.fr\nPr\u00e9fecture de la Somme - Cabinet - 80-2025-01-17-00003 - Arr\u00eat\u00e9 fixant la liste des m\u00e9decins agr\u00e9\u00e9s charg\u00e9s d'appr\u00e9cier l'aptitude\nphysique des candidats au permis de conduire et des conducteurs de la Somme au sein de leur cabinet 22\n=H\nPREFET\nDE  LA  SOMME\nLibert\u00e9\n\u00c9galit\u00e9\nFraternit\u00e9Cabinet\nBureau  des  droits  \u00e0 conduire\nLISTE DES M\u00c9DECINS  AGREES  CHARGES  D'APPRECIER  L'APTITUDE  A LA CONDUITE  DES CONDUCTEURS  ET CANDIDATS\nAU PERMIS  DE CONDUIRE  DANS  LE DEPARTEMENT  DE LA SOMME\nMise  \u00e0 jour  au 13/01/2025\nArrondissement  d'Abbeville\nBERNAERT  Fran\u00e7ois-R\u00e9gis  | Rue  d'Ault,  80460  FRIAUCOURT  07 49 38 77 50\nDEMOUY  J\u00e9r\u00f4me  Espace  Sant\u00e9  Ren\u00e9  LAENNEC,  03 22 24 20 20\n8 Voie  Charles  Saint-Germain,  80520  WOINCOURT  |\nDUCASTELLE  Agn\u00e8s  2 rue Germinal,  80100  ABBEVILLE  03 22 24 17 80\nGOSSET  H\u00e9l\u00e9ne  73 rue Millevoye  80 100  ABBEVILLE  03 22 24 29 42\nHURTREL  Christophe  30 rue Saint  Gilles,  80100  ABBEVILLE  03 22 23 82 30\nLAFAYE:  Cl\u00e9ment  2 rue Germinal,  80100  ABBEVILLE  03 22 24 17 80\nMOTA  Filipe  9 rue Noch,  80135  SAINT-RIQUIER  03 22 28 50 96\nPAUCHET-LARTISIEN  | Corinne  42 route  de Rue, 80150  CRECY-EN-PONTHIEU  03 22 23 75 00\n. 07 50 63 16 50\nPLE  Lucien-Charles  | 24 rue Mar\u00e9chal  Leclerc  de Hautecloque,  80150  CRECY-EN-|  03 22 23 56 57\nPONTHIEU  06 38 68 17 35\nArrondissement  d'Amiens\nALBERGE  Marc  1 ter rue Neuve  80260  VILLERS  BOCAGE  03 22 93 70 30\nAMIARD  JULLIEN  Val\u00e9rie  515 avenue  du 74 juillet  1789  80000  AMIENS  06 08 10 32 11\nBOCQUILLON  Marc  Maison  m\u00e9dicale  03 22 52 90 91\n80 rue du G\u00e9n\u00e9ral  de Gaulle  80610  SAINT  OUEN\nCAMIN  Bernard  6 boulevard  Garibaldi,  80000  AMIENS  06 22 34 17 18\n| CAPON  Nicolas  Maison  M\u00e9dicale,  80430  LIOMER  03 22 90 52 71\nCELISSE  Pierre  8 bis rue de la cav\u00e9e  03 22 42 76 38\n80160  SAINT  SAUFLIEU\nCLERMONT-  Sophie  41/5  rue L\u00e9on  Dupontrev\u00e9  03 22 44 73 73\nGAILLARD  80080  AMIENS\nCOUROUBLE-LEGRAS  | Catherine  106  bd de Chateaudun  03 22 45 22 55\n80000  AMIENS\nDELPLANQUE  Didier  16 rue de I'Hirondelle  06 85 91 33 00\n80800  MARCELCAVE\nDELZARD  Marion  10 rue de la briqueterie  80656  Quevauvillers  06 23 98 8119\nDE SAINT  AMOUR  Anne  58 Boulevard  Pasteur,  80000  AMIENS  03 22 45 4102\nFOULON  St\u00e9phane  21 rue Cdt  D\u00e9fontaine  , MSP  DU PARC,  80000  AMIENS  03 22 91 68 15\nwww.doctolib.fr\nHURIER  PAVAUT  H\u00e9l\u00e8ne  4 chemin  de la Catiche  80420  FLIXECOURT  03 22 51 60 26\nLECLERCQ  Arnaud  180 rue Godard  Dubuc  03 22 44 63 24\n80650  VIGNACOURT\nLETURQUE  Jacques  1 rue Massenet,  80000  AMIENS  03 22 09 98 86\nLOTTHE  Pierre  Locaux  de l'ASMIS  80600  DOULLENS  06 26 08 92 21\nMARGAT  Francis  10 rue de l'Oratoire  80000  AMIENS  06 07 46 36 71\nPOSTEL  St\u00e9phanie  4, place  des  Provinces  Fran\u00e7aises  03 22 52 35 10\n80000  AMIENS\nSCHMARTZ  Pierre  16 rue d'Amiens,  80160  LOEUILLY  06 08 85 18 78\nVACONSIN  C\u00e9line  17 rue Roger  Salengro  80450  Camon  03 22 53 92 92\nVILLERET  L\u00e9onie  1 rond  point  du Professeur  Cabrol  80054  AMIENS  CEDEX  1 03 22 08 78 78\n51, rue de la R\u00e9publique  \u2014 CS 42001  - 80020  Amiens  Cedex  9\nT\u00e9l : 03.22.97.80.80  \u2014 Fax : 03.22.9780.98\nPortail  de l'\u00c9tat  dans  la Somme:  http://www.somme.gouv.fr\n1/2\nPr\u00e9fecture de la Somme - Cabinet - 80-2025-01-17-00003 - Arr\u00eat\u00e9 fixant la liste des m\u00e9decins agr\u00e9\u00e9s charg\u00e9s d'appr\u00e9cier l'aptitude\nphysique des candidats au permis de conduire et des conducteurs de la Somme au sein de leur cabinet 23\nE VRARD-BOIDIN  Christine  Maison  a  23 rue du G\u00e9n\u00e9ral  Leclerc  80710  MOREUIL  03 22 09 70 22\n54 bis route de Saint Quentin  80400  HAM 03 23 81 00 47\nDIAKITE  . Sarah  3, Rue des Docteurs  Mariani  et Wurmser  80240  ROISEL  | 03 75 03 01 63\nGUFFROY  Olivier  _ | 20 rue Anicet  GODIN,  80300  ALBERT  03 22 74 49 00\nGUYOT  Herv\u00e9  12 avenue  Aristide  Briand,  80320  CHAULNES  06 49 18 63 49\n| i ; . www.  lib.fr\nLAUNAY  Anthony  54 bis route  de Saint  Quentin  80400  HAM  | . | 03 23 8100  47\na  06 34 54 23 33\nLENGLET  | La\u00ebtitia  20 rue Anicet  GODIN,  80300  ALBERT  _03 22 74 49 00\nWATTRELOT  | : 06 08 42 91 12\n| GRIMA  UX \"8 Aur\u00e9lien  _ 6 bis rue du Docteur  Moussaud  . | ] 03 44 85 70 a |\n60350  CUISE-LA-MOTTE  | 06 43 56 74 40\nLESTIENNE  Waldemar  3 Bis rue  de la Tour  Roland  60310  LASSIGNY  03 67 18 17 20\n| SAINFEL  Didier  11 rue de la R\u00e9publique  60190  ESTREES-SAINT-DENIS  03 44 42 28 85\nTOUSSAINTS  | St\u00e9phane  114 rue  Georges  Latapie  60490  RESSONS  SUR  MATZ  03 64 88 01 30\nCAREMELLE  | Yannick  300  avenue  du G\u00e9n\u00e9ral  de Gaulle  . 03 27 74 74 74\n59231  GOUZEAUCOURT  |\n| CARON  Eric  7 place  du Jeu  de Paume  62270  FREVENT  03 21 47 70 70\n06 08 18 78 94\nPUCHOIS  | idier . 61 rue Ernest  RENAN  62217  ACHICOURT  : 03 21 55 06 83\nDUPREZ  | Olivier  8 route  de Dieppe  76660  GRANDCOURT  02 32 97 40 80\nP\u00e9rim\u00e9tre  de comp\u00e9tence  des  m\u00e9decins  agr\u00e9\u00e9s  permis  de conduire\n> Raison  :\n- Candidat  au permis  de conduire  ou renouvellement  du permis  pour les cat\u00e9gories  lourdes\n_- Conducteur  souhaitant  exercer  les activit\u00e9s  suivantes  : taxi,  ambulance,  ramassage  scolaire,  transport  public  de personnes  et enseignant  de\nla conduite  automobile  |\n>\n- Suivi m\u00e9dical  selon l'arr\u00eat\u00e9  du 16 d\u00e9cembre  2017 fixant  la liste des affections  m\u00e9dicales  incompatibles  avec l'obtention  ou le maintien  du\npermis  de conduire\n- Conducteur  souhaitant  faire  supprimer  la mention  des  verres  correcteurs  sur son  permis\n- Conducteur  souffrant  d'un  handicap  de l'appareil  moteur\n- V\u00e9rification  de I' aptitude  \u00e0 conduire  d'un candidat  au permis  sur demande  de I'auto-\u00e9cole  ou de l' inspecteur  du permis  de conduire\n- Candidat  au permis  n\u00e9cessitant  un 1/3 temps  suppl\u00e9mentaire  pour  l'examen  th\u00e9orique\n2 i | vec la con i\n- Conducteur  suspendu  pour  exc\u00e9s  de vitesse- Candidat  au permis  de conduire  sollicitant  un nouveau  permis  apr\u00e9s une invaliciation  ou annulation\n> Autres  cas  :\n- Conducteur  impliqu\u00e9  dans un accident  corporel  de la circulation\n- \u00c0 la demande  de la pr\u00e9fecture  pour  v\u00e9rification  d'une  \u00e9ventuelle  incompatibilit\u00e9\n22:\nPr\u00e9fecture de la Somme - Cabinet - 80-2025-01-17-00003 - Arr\u00eat\u00e9 fixant la liste des m\u00e9decins agr\u00e9\u00e9s charg\u00e9s d'appr\u00e9cier l'aptitude\nphysique des candidats au permis de conduire et des conducteurs de la Somme au sein de leur cabinet 24\nPr\u00e9fecture de la Somme - Cabinet\n80-2025-01-15-00006\nArr\u00eat\u00e9 portant approbation de la liste d'usagers\nappel\u00e9s \u00e0 b\u00e9n\u00e9ficier des dispositions de l'arr\u00eat\u00e9\nminist\u00e9riel du 5 juillet 1990 fixant les consignes\ng\u00e9n\u00e9rales de d\u00e9lestage sur les r\u00e9seaux \u00e9lectriques\nPr\u00e9fecture de la Somme - Cabinet - 80-2025-01-15-00006 - Arr\u00eat\u00e9 portant approbation de la liste d'usagers appel\u00e9s \u00e0 b\u00e9n\u00e9ficier des\ndispositions de l'arr\u00eat\u00e9 minist\u00e9riel du 5 juillet 1990 fixant les consignes g\u00e9n\u00e9rales de d\u00e9lestage sur les r\u00e9seaux \u00e9lectriques 25\nPREFET  | Cabinet\nDE LA SOMME  Service  interminist\u00e9riel  de d\u00e9fense\nLibert\u00e9 et de protection  civiles\n\u00c9galit\u00e9\nFraternit\u00e9\nARR\u00caT\u00c9\nportant  approbation  de la liste d'usagers  appel\u00e9s  \u00e0 b\u00e9n\u00e9ficier  des dispositions  de l'arr\u00eat\u00e9\nminist\u00e9riel  du 5 juillet  1990  fixant  les consignes  g\u00e9n\u00e9rales  de d\u00e9lestage  sur les r\u00e9seaux\n\u00e9lectriques\nLE PR\u00c9FET  DE LA SOMME\nChevalier  de la L\u00e9gion  d'honneur\nVU le code  de l'\u00e9nergie  et notamment  ses articles  L. 143-1,R.  143-1  et R. 323-36  ;\nVU le code  de la sant\u00e9  publique  et notamment  son article  R. 6111-22  ;\nVU le code  de la s\u00e9curit\u00e9  int\u00e9rieure  et notamment  ses articles  L. 732-1,  L. 732-6  et L. 732-16  ;\nVU le d\u00e9cret  n\u00b0 2004-374  du 29 avril 2004  modifi\u00e9  relatif  aux pouvoirs  des pr\u00e9fets,  \u00e0 l'organisation  et\n\u00e0 l'action  des services  de l'\u00c9tat  dans  les r\u00e9gions  et les d\u00e9partements  ;\nVU Vu le d\u00e9cret  du 13 juillet  2023  portant  nomination  du pr\u00e9fet  de la Somme  -\u2014 M. Rollon  MOUCHEL-\nBLAISOT  ;\nVU l'arr\u00eat\u00e9  minist\u00e9riel  du 5 juillet  1990  modifi\u00e9  fixant  les consignes  g\u00e9n\u00e9rales  de d\u00e9lestage  sur les\nr\u00e9seaux  \u00e9lectriques  modifi\u00e9  par l'arr\u00eat\u00e9  du 4 janvier  2005  ;\nVU la circulaire  minist\u00e9rielle  du 16 juillet  2004,  relative  \u00e0 l'\u00e9laboration  des listes  d'usagers  prioritaires,\nsuppl\u00e9mentaires  et de relestage  ;\nVU la circulaire  minist\u00e9rielle  du 21 septembre  2006,  relative  \u00e0 l'\u00e9laboration  des listes  d'usagers\nprioritaires,  suppl\u00e9mentaires  et de relestage  pour  ce qui concerne  les \u00e9tablissements  de sant\u00e9  ;\nVU la circulaire  du 25 juillet  2023  du directeur  g\u00e9n\u00e9ral  de la S\u00e9curit\u00e9  civile  et de la gestion  des crises\net de la directrice  g\u00e9n\u00e9rale  de l'\u00e9nergie  et du climat  relative  \u00e0 l'organisation  du d\u00e9lestage\n\u00e9lectrique  ;\nVU l'arr\u00eat\u00e9  pr\u00e9fectoral  du 20 novembre  2023  fixant  la liste des usagers  du service  prioritaire  de\nl'\u00e9lectricit\u00e9  ;\nVU la liste propos\u00e9e,  par le service  interminist\u00e9riel  de d\u00e9fense  et de protection  civiles  de la\npr\u00e9fecture  de la Somme,  des \u00e9tablissements  d'int\u00e9r\u00eat  collectif  susceptibles  de b\u00e9n\u00e9ficier  du\nservice  prioritaire  de l'\u00e9lectricit\u00e9  ;\nVU la validation  par le gestionnaire  du r\u00e9seau  public  de distribution  d'\u00e9lectricit\u00e9  ENEDIS,  de la liste\ndes usagers  prioritaires,  quant  \u00e0 la faisabilit\u00e9  technique  et l'efficacit\u00e9  du d\u00e9lestage  ;\nPr\u00e9fecture de la Somme - Cabinet - 80-2025-01-15-00006 - Arr\u00eat\u00e9 portant approbation de la liste d'usagers appel\u00e9s \u00e0 b\u00e9n\u00e9ficier des\ndispositions de l'arr\u00eat\u00e9 minist\u00e9riel du 5 juillet 1990 fixant les consignes g\u00e9n\u00e9rales de d\u00e9lestage sur les r\u00e9seaux \u00e9lectriques 26\nCONSID\u00c9RANT  qu'il appartient  au gestionnaire  du r\u00e9seau  public  de transport  d'\u00e9lectricit\u00e9  (RTE)\nconform\u00e9ment  \u00e0 la section  2 du chapitre  1\u00b0 du titre Il du code  de l'\u00e9nergie,  d'assurer  la s\u00e9curit\u00e9,  la\ns\u00fbret\u00e9  et l'efficacit\u00e9  de ce r\u00e9seau,  en tenant  compte  des contraintes  techniques  pesant  sur celui-ci  et\nnotamment  de d\u00e9finir  pour  ce faire  les modalit\u00e9s  sp\u00e9cifiques  n\u00e9cessaires  \u00e0 la mise  en \u0153uvre\nd'effacements  de consommation  conform\u00e9ment  \u00e0 l'article  L.321-12-1  ;\nCONSID\u00c9RANT  que conform\u00e9ment  \u00e0 l'article  R323-36,  les gestionnaires  de r\u00e9seaux  publics  de\ndistribution  d'\u00e9lectricit\u00e9  mettent  en \u0153uvre  des dispositifs  de d\u00e9lestage  permettant  d'assurer  la s\u00fbret\u00e9\nde fonctionnement  du syst\u00e8me  \u00e9lectrique  en situation  d\u00e9grad\u00e9e  sur la base  notamment  de la liste des\nusagers  prioritaires  \u00e9tablie  par le Pr\u00e9fet  dans  le respect  des prescriptions  d'un  arr\u00eat\u00e9  du ministre  charg\u00e9\nde l'\u00e9nergie  d\u00e9finissant  des r\u00e8gles  g\u00e9n\u00e9rales  de d\u00e9lestage  ;\nCONSIDERANT  que dans  le d\u00e9partement  de la Somme,  trois  entreprises  locales  de distribution\nparticipent,  en compl\u00e9ment  d'ENEDIS,  \u00e0 la distribution  d'\u00e9lectricit\u00e9  (SICAE  de la Somme,  R\u00e9gie  de\nMontdidier  et Gazelec);\nCONSID\u00c9RANT  que les usagers  entrant  dans  une des cat\u00e9gories  mentionn\u00e9es  \u00e0 l'article  2 de l'arr\u00eat\u00e9  du\n5 juillet  1990  sont  inscrits  sur les listes  arr\u00eat\u00e9es  par le Pr\u00e9fet  afin de permettre  aux gestionnaires  de\ndistribution  de l'\u00e9lectricit\u00e9  par d\u00e9lestage  automatis\u00e9  de restreindre  ou suspendre  temporairement  la\nconsommation  sur leur r\u00e9seau  dans  les situations  pr\u00e9vues  et conform\u00e9ment  \u00e0 l'article  1 de l'arr\u00eat\u00e9\npr\u00e9cit\u00e9  ;\nCONSID\u00c9RANT  les modifications  apport\u00e9es  pour  le respect  de la charge  de 38% de la consommation\ndu d\u00e9partement  non d\u00e9lestable  conform\u00e9ment  au r\u00e8glement  europ\u00e9en  et \u00e0 la circulaire  d'application\nSUSVISES  ;\nCONSID\u00c9RANT  la cr\u00e9ation  de la liste \u00ab P2 \u00bb des usagers  prioritaires  du service  de l'\u00e9lectricit\u00e9  en cas de\nd\u00e9lestage  programm\u00e9  conform\u00e9ment  \u00e0 la circulaire  du 25 juillet  2023  ;\nCONSID\u00c9RANT  la n\u00e9cessit\u00e9  de disposer  de la nouvelle  organisation  du d\u00e9lestage  mise  \u00e0.jour  et\nefficiente  pour  l'ann\u00e9e  2025  ;\nARR\u00caTE\nARTICLE  1: Liste  des usagers  prioritaires  \u00ab P1 \u00bb\nLa liste d\u00e9partementale  des usagers  prioritaires,  dite P1, annex\u00e9e  au pr\u00e9sent  arr\u00eat\u00e9,  devant  b\u00e9n\u00e9ficier\ndu maintien  de l'\u00e9lectricit\u00e9  en cas de d\u00e9lestage  sur les r\u00e9seaux  \u00e9lectriques  est approuv\u00e9e.\nARTICLE  2: Liste  des usagers  prioritaires  \u00ab P2 \u00bb en cas de d\u00e9lestage  programm\u00e9\nLa liste d\u00e9partementale  des usagers  prioritaires,  dite P2, annex\u00e9e  au pr\u00e9sent  arr\u00eat\u00e9,  devant  b\u00e9n\u00e9ficier\ndu maintien  de l'\u00e9lectricit\u00e9  en cas de d\u00e9lestage  programm\u00e9  sur les r\u00e9seaux  \u00e9lectriques  est approuv\u00e9e.\nARTICLE  3 : Notification\nLes usagers  inscrits  sur les listes  d\u00e9finies  \u00e0 l'article  1 et \u00e0 l'article  2 du pr\u00e9sent  arr\u00eat\u00e9  sont  avis\u00e9s  de leur\ninscription.\nARTICLE  4 : Transmission  aux gestionnaires  du r\u00e9seau  de l'\u00e9lectricit\u00e9\nLes listes  d\u00e9finies  aux articles  1 et 2 du pr\u00e9sent  arr\u00eat\u00e9  sont  transmises  au gestionnaire  du r\u00e9seau  public\nde distribution  d'\u00e9lectricit\u00e9  ENEDIS  et aux entreprises  locales  de distribution  (SICAE  de la Somme,\nR\u00e9gie  de Montdidier  et Gazelec).\nARTICLE  5 : Publication  au recueil  des actes  administratifs\nLe pr\u00e9sent  arr\u00eat\u00e9  sera publi\u00e9  au recueil  des actes  administratifs  de la pr\u00e9fecture  du d\u00e9partement  de la\nSomme  \u00e0 l'exception  de ses annexes,  qui sont  confidentielles.\nPr\u00e9fecture de la Somme - Cabinet - 80-2025-01-15-00006 - Arr\u00eat\u00e9 portant approbation de la liste d'usagers appel\u00e9s \u00e0 b\u00e9n\u00e9ficier des\ndispositions de l'arr\u00eat\u00e9 minist\u00e9riel du 5 juillet 1990 fixant les consignes g\u00e9n\u00e9rales de d\u00e9lestage sur les r\u00e9seaux \u00e9lectriques 27\nARTICLE  6 : Abrogation\nL'arr\u00eat\u00e9  pr\u00e9fectoral  du 20 novembre  2023  susvis\u00e9  fixant  la liste des usagers  du service  prioritaire  de\nl'\u00e9lectricit\u00e9  en cas de d\u00e9lestages  sur les r\u00e9seaux  publics  d'\u00e9lectricit\u00e9  du d\u00e9partement  de la Somme  est\nabrog\u00e9.\nARTICLE  7 : Recours\nLe pr\u00e9sent  arr\u00eat\u00e9  est susceptible  de faire,  dans  le d\u00e9lai  de deux  mois  suivant  la notification,  l'objet  des\nvoies  de recours  suivantes  : |\n- un recours  gracieux,  formul\u00e9  aupr\u00e8s  du pr\u00e9fet  de la Somme  / Direction  des s\u00e9curit\u00e9s  / Service\ninterminist\u00e9riel  de d\u00e9fense  et de protection  civiles,  51 rue de la R\u00e9publique  \u00e0 Amiens  (80020).\n- un recours  hi\u00e9rarchique,  aupr\u00e8s  du Ministre  de l'Int\u00e9rieur  / Direction  des libert\u00e9s  publiques  et des\naffaires  juridiques,  place  Beauvau  \u00e0 Paris  (75008).\nCes recours  sont  d\u00e9pourvus  de caract\u00e8re  suspensif.  En l'absence  de r\u00e9ponse  de l'administration  dans\nun d\u00e9lai  de deux  mois  \u00e0 compter  de la date  de r\u00e9ception  de votre  recours,  celui-ci  doit \u00eatre consid\u00e9r\u00e9\ncomme  implicitement  rejet\u00e9.\n_ un recours  contentieux,  devant  le tribunal  administratif  d'Amiens,  14 rue Lemerchier  \u00e0 Amiens\n(80000)  ou par voie  \u00e9lectronique  par le site www.telerecours.fr.\nCe recours  juridictionnel  doit  \u00eatre d\u00e9pos\u00e9  au plus tard  avant  l'expiration  du deuxi\u00e8me  mois  \u00e0 compter\nde la date  de notification  de la d\u00e9cision  contest\u00e9e,  ou dans  les deux  mois  suivant  la date  du rejet  de\nvotre  recours  gracieux  ou hi\u00e9rarchique.\nARTICLE  7 : Ex\u00e9cution\nLe sous-pr\u00e9fet,  directeur  de cabinet  du pr\u00e9fet  de la Somme,  le Directeur  de la DREAL  Hauts-de-France,\nle Directeur  r\u00e9gional  d'ENEDIS  Picardie  et les pr\u00e9sidents  et/ou  directeurs  des entreprises  locales  de\ndistribution  (SICAE  de la Somme,  R\u00e9gie  de Montdidier  et Gazelec)  sont  charg\u00e9s  chacun  en ce qui le\nconcerne,  d'assurer  l'ex\u00e9cution  du pr\u00e9sent  arr\u00eat\u00e9.\nAmiens,  le\nLe Pr\u00e9fet\nollon  MOUCHEL-BLAISOT\nPr\u00e9fecture de la Somme - Cabinet - 80-2025-01-15-00006 - Arr\u00eat\u00e9 portant approbation de la liste d'usagers appel\u00e9s \u00e0 b\u00e9n\u00e9ficier des\ndispositions de l'arr\u00eat\u00e9 minist\u00e9riel du 5 juillet 1990 fixant les consignes g\u00e9n\u00e9rales de d\u00e9lestage sur les r\u00e9seaux \u00e9lectriques 28\nPr\u00e9fecture de la Somme - Sous-Pr\u00e9fecture\nd'Abbeville\n80-2025-01-22-00001\nArr\u00eat\u00e9 portant r\u00e9glementation de la circulation\nterrestre en Baie de Somme et en Baie d'Authie\nSud\nPr\u00e9fecture de la Somme - Sous-Pr\u00e9fecture d'Abbeville - 80-2025-01-22-00001 - Arr\u00eat\u00e9 portant r\u00e9glementation de la circulation terrestre\nen Baie de Somme et en Baie d'Authie Sud 29\nPREFET\nDE LA SOMME\nLibert\u00e9\nEgalit\u00e9\nFraternit\u00e9Sous-pr\u00e9fecture  d'Abbeville\nARR\u00caT\u00c9\nportant  r\u00e9glementation  de la circulation  terrestre  en Baie  de Somme  et en Baie\nd'Authie  Sud\nLE PR\u00c9FET  DE LA SOMME\nCHEVALIER  DE LA L\u00c9GION  D'HONNEUR\nVu le code  g\u00e9n\u00e9ral  des collectivit\u00e9s  territoriales,  et notamment  son article;  L. 2215-1  ;\nVu le code  p\u00e9nal,  et notamment  ses articles  L13113  et R.610-5  ;\nVu le code  de la s\u00e9curit\u00e9  int\u00e9rieure  ;\nVu le d\u00e9cret  n\u00b0 2004-374  du 29 avril  2004  modifi\u00e9  relatif  aux pouvoirs  des pr\u00e9fets,  \u00e0 l'organisation  et \u00e0\nl'action  des services  de l'\u00c9tat  dans  les r\u00e9gions  et les d\u00e9partements  ;\nVu le d\u00e9cret  du 13 juillet  2023  portant  nomination  du pr\u00e9fet  de la Somme,  M.Rollon  MOUCHEL-\nBLAISOT  ;\nVu l'arr\u00eat\u00e9  pr\u00e9fectoral  du 28 juin  2024  portant  r\u00e9glementation  de la circulation  en Baie  de Somme  et en\nBaie  d'Authie  Sud  ;\nConsid\u00e9rant  la dangerosit\u00e9  naturelle  de la Baie  de Somme  et de la Baie  d'Authie  en raison  \u00e0 la fois des\nrisques  li\u00e9s au marnage  important,  de la vitesse  des mar\u00e9es,  du ph\u00e9nom\u00e8ne  des courants,  du risque\nd'envasement,  du d\u00e9versement  des fleuves  Somme  et de I'Authie,  ainsi  qu'\u00e0  l'existence  de trous  d'eaux\net de sables  mouvants  ;\nConsid\u00e9rant  l'augmentation  significative  de la fr\u00e9quentation  touristique  en Baie  de Somme  et en Baie\nd'Authie  Sud  ;\nSur proposition  de la sous-pr\u00e9f\u00e8te  d'Abbeville  ;\nARR\u00caTE\nArticle  1\nDans  le contexte  d'une  mar\u00e9e  d'un  coefficient  sup\u00e9rieur  ou \u00e9gal  \u00e0 70 d\u00e9fini  au niveau  de la \"bou\u00e9e\nentr\u00e9e  baie  de Somme  (ATSO)\"  par le service  hydrographique  et oc\u00e9anographique  de la Marine  (SHOM),\ntoute  circulation  terrestre  est interdite  en Baie  de Somme  et en Baie  d'Authie  Sud,  quel  que  soit le\nmoyen,  sur une  p\u00e9riode  allant  de 3h30  avant  la pleine  mer  \u00e0 1h00  apr\u00e8s  la pleine  mer,  selon  les plans  de\nd\u00e9limitation  joints  au pr\u00e9sent  arr\u00eat\u00e9.\nPr\u00e9fecture de la Somme - Sous-Pr\u00e9fecture d'Abbeville - 80-2025-01-22-00001 - Arr\u00eat\u00e9 portant r\u00e9glementation de la circulation terrestre\nen Baie de Somme et en Baie d'Authie Sud 30\nArticle  2\nPar d\u00e9rogation,  la pr\u00e9sente  restriction  horaire  ne s'applique  pas :\na) aux  activit\u00e9s  professionnelles,  qui se d\u00e9roulent  dans  les parties  du domaine  public  maritime  (DPM)\nd\u00e9crites  \u00e0 l'article  1\u00b0 du pr\u00e9sent  arr\u00eat\u00e9  et qui ob\u00e9issent  aux r\u00e8gles  particuli\u00e8res  qui les r\u00e9glementent  ;\nb) aux adh\u00e9rents  des associations  disposant  d'une  convention  d'occupation  temporaire  ou d'un  bail de\nchasse  dans  les parties  du DPM  d\u00e9crites  \u00e0 l'article  1\u00b0 du pr\u00e9sent  arr\u00eat\u00e9  et qui ob\u00e9issent  aux r\u00e8gles\nparticuli\u00e8res  qui les r\u00e9glementent  ;\nc) aux services  de l'\u00c9tat,  des collectivit\u00e9s  territoriales  et aux associations  reconnues  d'utilit\u00e9  publique\nen mission  de secours,  de service  public  ou de police  ;\nd) aux sentiers  balis\u00e9s  par le gestionnaire  de la r\u00e9serve  naturelle  de la Baie  de Somme,  aux sentiers  de\ngrandes  randonn\u00e9es  (GR)  et au sentier  du littoral  et ses refuges.\nArticle  3\nToute  infraction  aux dispositions  du pr\u00e9sent  arr\u00eat\u00e9  est punie  de l'amende  pr\u00e9vue  pour  les\ncontraventions  de 2\u00b0 classe,  conform\u00e9ment  \u00e0 l'article  R 610-5  du code  p\u00e9nal  susvis\u00e9.\nArticle  4\nL'arr\u00eat\u00e9  pr\u00e9fectoral  du 28 juin  2024  susvis\u00e9  est abrog\u00e9.\nArticle  5\nLe pr\u00e9sent  arr\u00eat\u00e9  peut  faire  l'objet  d'un  recours  devant  au tribunal  administratif  d'Amiens  sis 14 rue\nLemerchier  80000  AMIENS,  dans  un d\u00e9lai  de deux  mois  \u00e0 compter  de sa publication  qui peut  \u00e9galement\n\u00eatre  saisi  via l'application  \u00ab T\u00e9l\u00e9recours  citoyen  \u00bb, accessible  sur le site www.telerecours.fr\nArticle  6\nLe secr\u00e9taire  g\u00e9n\u00e9ral  de la pr\u00e9fecture  de la Somme,  le sous-pr\u00e9fet,  directeur  de cabinet  du pr\u00e9fet  de la\nSomme,  la sous-pr\u00e9f\u00e8te  d'Abbeville,  les maires  des communes  de Cayeux  sur Mer,  Lanch\u00e8res,  Pend\u00e9,\nSaint-Val\u00e9ry-sur-Somme,  Boismont,  Noyelles-sur-Mer,  Ponthoile,  Favi\u00e8res,  Le Crotoy,  Saint-Quentin-en-\nTourmont,  Quend,  Fort  Mahon  Plage,  le directeur  d\u00e9partemental  des territoires  et de la mer  de la\nSomme,  le commandant  de la compagnie  de gendarmerie  de la Somme  et le directeur  d\u00e9partemental\ndes services  de secours  et d'incendie  de la Somme  sont  charg\u00e9s,  chacun  en ce qui le concerne,  de\nl'ex\u00e9cution  du pr\u00e9sent  arr\u00eat\u00e9  qui sera  publi\u00e9  au recueil  des  actes  administratifs  de la pr\u00e9fecture  de la\nSomme.\nAmiens,  le\nLe pr\u00e9fet,\nRollon  MOUCHEL-BLAISOT\nPr\u00e9fecture de la Somme - Sous-Pr\u00e9fecture d'Abbeville - 80-2025-01-22-00001 - Arr\u00eat\u00e9 portant r\u00e9glementation de la circulation terrestre\nen Baie de Somme et en Baie d'Authie Sud 31\nListe  des annexes  \u00e0 l'arr\u00e9t\u00e9  :\nZone  r\u00e9glement\u00e9e  de 3h30  avant  \u00e0 1 h apr\u00e8s  Pleine  Mer\n\u2014 Limite  haute  du rivage  - limite  terre  mer |\n\" \u00a9 Amers\nME  Cours  de l'Authie\nNs  i Nom X Y\n\u00c0 Authie  - Mer  1\u00b0 32.040  E | 50\u00b0  23.580  N\nSortie  sentier  p\u00eacheurs  PM | 1\u00b0 32.212  E 50\u00b0 21.521  N\n1\u00b0 32.425  E | 50\u00b0  21.521  N\natt\n>ue\nSortie  sentier  p\u00eacheurs  BM\nPont \u00e0 cailloux de.\nD\nZone  r\u00e9glement\u00e9e  de 3h30  avant  \u00e0 1h apr\u00e8s  Pleine  Mer\n\u2014\u2014  Limite  haute  du rivage  - limite  terre  mer\ne Amers\n+ ha Nom  X Y\nNouvelle  Pointe  de St Quentin  | 1\u00b0 32.312  E | 50\u00b0 16.737  N\n4 : ' 1 Bou\u00e9e  ATSO  1\u00b0 28.577  E] 50\u00b0 14.235  N\nsn 1\u00b0 30.733  E| 50\u00b0 a 651 N Phare  de Brighton\n7 ag wv 3Bouse ATSO \"a \u00e0. G | Ne\n| A my AX =  >p=\n\"ed se de Valery sur Somme\n>  ye  +\nM =  14\nPr\u00e9fecture de la Somme - Sous-Pr\u00e9fecture d'Abbeville - 80-2025-01-22-00001 - Arr\u00eat\u00e9 portant r\u00e9glementation de la circulation terrestre\nen Baie de Somme et en Baie d'Authie Sud 32","date":"2025-01-24","first_seen_on":"2025-01-24T17:24:30+00:00","id":"dd42d02f405ecf2a3d6e43268cc8fe24da6354f89fc1d97d8d4fd3834835bcdc","name":"RAA n\u00b022 du 24 janvier 2025","pdf_creation_date":"2025-01-24T16:00:23+00:00","pdf_modification_date":null,"timezone":"CET","url":"https://www.somme.gouv.fr/contenu/telechargement/50907/337739/file/recueil-2025-022-recueil-des-actes-administratifs.pdf"}
