{"administration":"pref21","administration_name":"Pr\u00e9fecture de C\u00f4te-d\u2019Or","content":"PR\u00c9FET\nDE LA C\u00d4TE-D'OR\nRECUEIL DES ACTES\nADMINISTRATIFS\nN\u00b021-2024-080\nPUBLI\u00c9 LE  5 JUILLET 2024\nSommaire\nDirection d\u00e9partementale des territoires de la C\u00f4te-d'Or / Service S\u00e9curit\u00e9 et\n\u00c9ducation Routi\u00e8re\n21-2024-07-04-00001 - AP 1105 20240704 Circulation FlammeOlympique\nRAA (13 pages) Page 3\nPr\u00e9fecture de la C\u00f4te-d'Or / Direction des s\u00e9curit\u00e9s\n21-2024-07-05-00002 - Arr\u00eat\u00e9 N\u00b0 1113 portant r\u00e9glementation temporaire\nde la circulation (2 pages) Page 17\n21-2024-07-04-00002 - Arr\u00eat\u00e9 pr\u00e9fectoral N\u00b01108 portant autorisation de\nsurvol, de captation, d'enregistrement et de transmission d'images au\nmoyen d'a\u00e9ronefs sans \u00e9quipage \u00e0 bord dans la commune de\nSemur-en-Auxois (2 pages) Page 20\nPr\u00e9fecture de la C\u00f4te-d'Or / P\u00f4le juridique inter-services\n21-2024-07-05-00001 - Arr\u00eat\u00e9 pr\u00e9fectoral n\u00b0  1109 / SG du  5 juillet 2024\n\ndonnant d\u00e9l\u00e9gation de signature \u00e0 Monsieur Olivier GERSTL\u00c9,\nsous-pr\u00e9fet, directeur de cabinet du pr\u00e9fet de la r\u00e9gion\nBourgogne-Franche-Comt\u00e9,\npr\u00e9fet de la C\u00f4te-d'Or (3 pages) Page 23\nSous-pr\u00e9fecture de Beaune /\n21-2024-06-27-00005 - Arr\u00eat\u00e9 pr\u00e9fectoral n\u00b0 1056 portant autorisation de la\nmanifestation sportive avec participation de v\u00e9hicules terrestres \u00e0 moteur\nd\u00e9nomm\u00e9e \u00ab\u00a0Course de tracteurs-tondeuses\u00a0\u00bb  organis\u00e9e le 21 juillet 2024\n\u00e0 Censerey (5 pages) Page 27\n2\nDirection d\u00e9partementale des territoires de la\nC\u00f4te-d'Or\nService S\u00e9curit\u00e9 et \u00c9ducation Routi\u00e8re\n21-2024-07-04-00001\nAP 1105 20240704 Circulation\nFlammeOlympique RAA\nDirection d\u00e9partementale des territoires de la C\u00f4te-d'Or - 21-2024-07-04-00001 - AP 1105 20240704 Circulation FlammeOlympique RAA 3\nPREFETDE LACOTE-D'ORL,z'berte'Egalit\u00e9Fraternit\u00e9\nDirection d\u00e9partementale des territoires\nde la C\u00f4te-d'Or\nService de la S\u00e9curit\u00e9 et de l'\u00c9ducation Routi\u00e8re\nBureau de la S\u00e9curit\u00e9 Routi\u00e8re\nT\u00e9l. : 03 80 29 44 75\nM\u00e9l : vanessa2.martin@cote-dor.gouv.fr \nDijon, le 4 juillet 2024\nArr\u00eat\u00e9 N\u00b0 1105\nportant r\u00e9glementation de la circulation et du stationnement lors du passage de la\nflamme olympique le vendredi 12 juillet 2024\nLe pr\u00e9fet de la C\u00f4te-d'Or\nVU le code g\u00e9n\u00e9ral des collectivit\u00e9s territoriales ;\nVU le code de la route et notamment son livre IV et les articles R411-5 et R411-18 ;\nVU le code de la voirie routi\u00e8re ;\nVU  le d\u00e9cret n\u00b02004-374 du  29 avril 2004 modifi\u00e9,  relatif  aux pouvoirs  des  pr\u00e9fets,  \u00e0\nl'organisation et \u00e0 l'action des services de l'\u00c9tat dans les r\u00e9gions et d\u00e9partements ;\nVU le d\u00e9cret du 26 septembre 2022 nommant Monsieur  Franck ROBINE,  pr\u00e9fet de la\nr\u00e9gion Bourgogne-Franche-Comt\u00e9, Pr\u00e9fet de la C\u00f4te-d'Or (hors classe) ;\nVU l'arr\u00eat\u00e9 interminist\u00e9riel du  24 novembre 1967 modifi\u00e9 relatif  \u00e0 la signalisation des\nroutes et autoroutes ;\nVU l'arr\u00eat\u00e9 interminist\u00e9riel du 20 d\u00e9cembre 2010 relatif \u00e0 l'interdiction de certaines routes\naux concentrations et manifestations sportives et notamment l'article 3 ;\nVU  l'arr\u00eat\u00e9  minist\u00e9riel  du  18  avril  2024  relatif  \u00e0  l'interdiction  des  concentrations  ou\nmanifestations sportives sur les routes \u00e0 grande circulation \u00e0 certaines p\u00e9riodes de l'ann\u00e9e\n2024 ;\nVU  l'avis favorable du groupement de gendarmerie d\u00e9partemental de la C\u00f4te-d'Or en\ndate du 1er juillet 2024;\nVU l'avis du pr\u00e9sident de Dijon M\u00e9tropole en date du 2 juillet 2024 ;\nVU l'avis favorable des communes de Beaune, Vougeot et Source-Seine en date du 2 juillet\n2024 ;\nDirection d\u00e9partementale des territoires de la C\u00f4te-d'Or\n57 rue de Mulhouse- BP 53317 - 21033 DIJON cedex\nt\u00e9l : 03 80 29 44 44 \u2013 Courriel : ddt@cote-dor.gouv.fr\nDirection d\u00e9partementale des territoires de la C\u00f4te-d'Or - 21-2024-07-04-00001 - AP 1105 20240704 Circulation FlammeOlympique RAA 4\n2\nVU l'avis favorable de la direction interd\u00e9partementale de la police nationale en date du 3\njuillet 2024 ;\nVU l'avis favorable du pr\u00e9sident du Conseil D\u00e9partemental de la C\u00f4te-d'Or en date du 3\njuillet 2024 ;\nVU l'avis des communes de Semur en Auxois, Saint-Jean-De-Losne, Saulieu ;\nVU l'avis r\u00e9put\u00e9 favorable de la commune d'Alise-Sainte-Reine ;\nVU le dossier de d\u00e9claration d\u00e9pos\u00e9e par le Comit\u00e9 d'organisation des jeux olympiques et\nparalympiques de Paris 2024 ;\nCONSID\u00c9RANT que pour le passage de la flamme olympique le vendredi 12 juillet 2024\ndans le d\u00e9partement de la C\u00f4te-d'Or, il y a lieu de prendre des mesures de police portant\nrestriction de circulation et de stationnement afin d'assurer l'ordre public et la s\u00e9curit\u00e9 de\nla circulation et des usagers ;\nCONSID\u00c9RANT  les manifestations pr\u00e9vues par les municipalit\u00e9s sur le parcours \u00e0 l'issue\ndu passage de la flamme olympique ;\nSUR proposition de monsieur le directeur de cabinet du pr\u00e9fet de la C\u00f4te-d'Or ;\nARR\u00caTE\nArticle 1  er   : \nDans le cadre de l'organisation du relais de flamme olympique dans le d\u00e9partement de la\nC\u00f4te-d'Or le vendredi 12 juillet 2024 les restrictions suivantes sont prises :\nSEMUR EN AUXOIS\nRestrictions de stationnement :\nLe stationnement sera interdit du jeudi 11 juillet 18h au vendredi 12 juillet 11h sur les voies\nsuivantes :\n\u2022 RD980/Route de Saulieu entre la Chaume aux noix et la route de Montbard\n\u2022 Rond-point des Quinconces\n\u2022 D954/Rue de Paris\n\u2022 Rue du Pont Joly\n\u2022 Rue Voltaire\n\u2022 Rue de l'Ancienne Com\u00e9die\n\u2022 Rue Buffon\n\u2022 Place Notre Dame\n\u2022 Rue Notre Dame\nDirection d\u00e9partementale des territoires de la C\u00f4te-d'Or\n57 rue de Mulhouse- BP 53317 - 21033 DIJON cedex\nt\u00e9l : 03 80 29 44 44 \u2013 Courriel : ddt@cote-dor.gouv.fr\nDirection d\u00e9partementale des territoires de la C\u00f4te-d'Or - 21-2024-07-04-00001 - AP 1105 20240704 Circulation FlammeOlympique RAA 5\n3\n\u2022 Place de l'Ancienne Com\u00e9die\n\u2022 Rue Jean Jacques Collenot\n\u2022 Rues des Carmes (gauche)\n\u2022 Rue de la libert\u00e9 depuis la rue des Carmes jusqu'\u00e0 la rue de l'Ancienne Com\u00e9die\n\u2022 Rue du Lyc\u00e9e\n\u2022 Rue de Vigne depuis la rue du Lyc\u00e9e\n\u2022 Rond point des Martyres\n\u2022 Rue du Champ de Foire\n\u2022 All\u00e9e des Tilleuls\n\u2022 Avenue G\u00e9n\u00e9ral Mazillier \nInterdiction de stationner sur toutes les rues perpendiculaires \u00e0 ces rues list\u00e9es sur une \ndistance de 50 m\nParkings interdits : \n\u2022 Parking des Quinconces\n\u2022 Parking de L'Ancienne Com\u00e9die\n\u2022 Parking Jean-Jacques Collenot\n\u2022 Parking Rue du Lyc\u00e9e \n\u2022 Parking MDA \nRestrictions de circulation :\nLa circulation sera interdite le vendredi 12 juillet de 7h30 \u00e0 11h00 sur les voies suivantes :\n\u2022 RD954 entre la RD9 et la RD980/ route de Saulieu  sauf pour acc\u00e9der au parking\npr\u00e9vu\n\u2022 RD980/Route de Saulieu entre la rue Saint-Lazare et la route de Montbard\n\u2022 Rond-point des Quinconces\n\u2022 D954/Rue de Paris\n\u2022 Rue du Pont Joly\n\u2022 Rue Voltaire\n\u2022 Rue de l'Ancienne Com\u00e9die\n\u2022 Rue Buffon\n\u2022 Place Notre Dame\n\u2022 Rue Notre Dame\n\u2022 Place de l'Ancienne Com\u00e9die\n\u2022 Rue Jean Jacques Collenot\n\u2022 Rues des Carmes (gauche)\n\u2022 Rue de la libert\u00e9\n\u2022 Rue du Lyc\u00e9e\n\u2022 Rue de Vigne \n\u2022 Rond point des Martyres\n\u2022 Rue du Champ de Foire\n\u2022 Avenue G\u00e9n\u00e9ral Mazillier jusqu'\u00e0 l'intersection avec la D1B/rue Pasteur\nDirection d\u00e9partementale des territoires de la C\u00f4te-d'Or\n57 rue de Mulhouse- BP 53317 - 21033 DIJON cedex\nt\u00e9l : 03 80 29 44 44 \u2013 Courriel : ddt@cote-dor.gouv.fr\nDirection d\u00e9partementale des territoires de la C\u00f4te-d'Or - 21-2024-07-04-00001 - AP 1105 20240704 Circulation FlammeOlympique RAA 6\n4\nSAULIEU\nRestrictions de stationnement :\nLe stationnement sera interdit du jeudi 11 juillet 18h au vendredi 12 juillet 11h sur les voies\nsuivantes :\n\u2022 Rue du Mar\u00e9chal Delattre de Tassigny de l'intersection chemin de maison Blas \u00e0 la\nrue Danton\n\u2022 Rue Danton\n\u2022 Rue de la Foire\n\u2022 Rue Grillot de l'intersection faubourg de l'Auxois \u00e0 l'avenue Bernard Loiseau\n\u2022 Avenue Bernard Loiseau (parkings et contre-all\u00e9es compris)\n\u2022 Rue Sallier\n\u2022 Place du Docteur Roclore\n\u2022 Place Monge\n\u2022 Rue du 11  novembre\n\u2022 Avenue de Verdun du n\u00b08 \u00e0 la rue Danton\n\u2022 Ruelle Ecorn\u00e9e du n\u00b018 \u00e0 la rue Danton\n\u2022 Rue Carnot\n\u2022 Rue de la Rouerie\n\u2022 Place du 16 juin 1940\n\u2022 Place de la R\u00e9publique\n\u2022 Rue de Boignard du n\u00b09 \u00e0 la rue Danton\n\u2022 Rue des Fours du n\u00b08 \u00e0 la place de la R\u00e9publique\n\u2022 Rue du Tour des Foss\u00e9s du parking du centre social jusqu'\u00e0 la place des Terreaux\n\u2022 Place des Terreaux\n\u2022 Rue du March\u00e9\n\u2022 Rue de l'ing\u00e9nieur Jean Bertin du n\u00b010 \u00e0 l'avenue Bernard Loiseau\n\u2022 Avenue de la gare du n\u00b08 \u00e0 l'avenue Bernard Loiseau\nRestrictions de circulation :\nLa circulation sera interdite le vendredi 12 juillet de 8h45 \u00e0 11h sur les voies suivantes :\n\u2022 Rue du Mar\u00e9chal Delattre de Tassigny de l'intersection chemin de maison Blas \u00e0 la\nrue Danton\n\u2022 Rue Danton\n\u2022 Rue de la Foire\n\u2022 Rue Grillot de l'intersection faubourg de l'Auxois \u00e0 l'avenue Bernard Loiseau\n\u2022 Avenue Bernard Loiseau \n\u2022 Rue Sallier\n\u2022 Place du Docteur Roclore\n\u2022 Place Monge\n\u2022 Rue du 11  novembre\n\u2022 Avenue de Verdun \n\u2022 Ruelle Ecorn\u00e9e \n\u2022 Rue Carnot\nDirection d\u00e9partementale des territoires de la C\u00f4te-d'Or\n57 rue de Mulhouse- BP 53317 - 21033 DIJON cedex\nt\u00e9l : 03 80 29 44 44 \u2013 Courriel : ddt@cote-dor.gouv.fr\nDirection d\u00e9partementale des territoires de la C\u00f4te-d'Or - 21-2024-07-04-00001 - AP 1105 20240704 Circulation FlammeOlympique RAA 7\n5\n\u2022 Rue de la Rouerie\n\u2022 Place du 16 juin 1940\n\u2022 Place de la R\u00e9publique\n\u2022 Rue et ruelle de Boignard\n\u2022 Rue des Fours \n\u2022 Rue du Tour des Foss\u00e9s de l'intersection rue des Fours jusqu'\u00e0 la rue Danton\n\u2022 Place des Terreaux\n\u2022 Rue du March\u00e9\n\u2022 Rue  de  l'ing\u00e9nieur  Jean  Bertin  de  l'intersection  faubourg  de  l'Auxois  \u00e0  l'avenue\nBernard Loiseau\n\u2022 Avenue de la gare de l'entr\u00e9e du parking Jean Bertin \u00e0 l'avenue Bernard Loiseau\n\u2022 Rue du Coll\u00e8ge\n\u2022 Rue de la Halle au bl\u00e9\n\u2022 Ruelle des Ecoles\nBEAUNE\nRestrictions de stationnement :\nLe stationnement sera interdit sur la chauss\u00e9e du jeudi 11 juillet 21h au vendredi 12 juillet\nfin de la manifestation sur les voies suivantes :\n\u2022 CHEMIN DE L'\u00c9CU\n\u2022 AVENUE DES STADES,\n\u2022 RUE AUGUSTE DUBOIS,\n\u2022 RUE DU FAUBOURG SAINT NICOLAS,\n\u2022 BOULEVARD MAR\u00c9CHAL FOCH,\n\u2022 AVENUE DE LA R\u00c9PUBLIQUE,\n\u2022 PLACE FLEURY,\n\u2022 PLACE DE LA HALLE,\n\u2022 RUE DE L'H\u00d4TEL DIEU,\n\u2022 BOULEVARD SAINT JACQUES,\n\u2022 AVENUE CHARLES DE GAULLE\n\u2022 Cit\u00e9 des Climats et des Vins de Bourgogne\n\u2022 RUE DU MOULIN NOIZE\n\u2022 CHEMIN DES MARIAGES\nRestrictions de circulation :\nLa circulation sera interdite le vendredi 12 juillet \u00e0 partir de 10h55 jusqu'\u00e0 la fin de la\nmanifestation sur les voies suivantes :\n\u2022 CHEMIN DE L'\u00c9CU\n\u2022 CHEMIN DE LA BOUCHE DU LI\u00c8VRE\n\u2022 CHEMIN DES MARIAGES\n\u2022 COURS DU GEN\u00caT\n\u2022 CHEMIN DE LA SOURCE,\nDirection d\u00e9partementale des territoires de la C\u00f4te-d'Or\n57 rue de Mulhouse- BP 53317 - 21033 DIJON cedex\nt\u00e9l : 03 80 29 44 44 \u2013 Courriel : ddt@cote-dor.gouv.fr\nDirection d\u00e9partementale des territoires de la C\u00f4te-d'Or - 21-2024-07-04-00001 - AP 1105 20240704 Circulation FlammeOlympique RAA 8\n6\n\u2022 AVENUE DES STADES ;\n\u2022 RUE PAUL DELABORDE dans sa portion comprise entre la rue du 19 mars 1962 et\nl'avenue des stades,\n\u2022 AVENUE ROGER DUCHET ;\n\u2022 AVENUE GUIGONE DE SALINS dans sa portion comprise entre l'avenue des Stades\net la rue Ren\u00e9 Payot,\n\u2022 PETITE RUE DES R\u00d4LES ;\n\u2022 RUE DES R\u00d4LES dans sa portion comprise entre l'avenue de Bensheim et le rond-\npoint entre les rues Auguste Dubois/avenue des Stades/rue des Blanches Fleurs et\nl'avenue de Bensheim,\n\u2022 RUE DES BLANCHES FLEURS dans sa portion comprise entre le rond-point avenue\ndes Stades/rue Auguste Dubois et l'intersection entre la rue du Clos du Roy et la\nrue Georges Guynemer,\n\u2022 RUE AUGUSTE DUBOIS ;\n\u2022 ROUTE DE SAVIGNY dans sa portion comprise entre la rue Auguste Dubois et le\ncroisement rue des Marconnets et all\u00e9e des Blanches Fleurs,\n\u2022 ROUTE DE DIJON dans sa portion comprise entre le rond-point Gustave Eiffel et la\nrue de l'\u00e9glise Saint Nicolas et dans ce sens,\n\u2022 RUE  DE  R\u00c9ON  dans  sa  portion  comprise  entre  la  rue  de  Chorey  et  la  rue  du\nFaubourg Saint-Nicolas\n\u2022 RUE DE CHOREY dans sa portion comprise entre la rue de R\u00e9on et le boulevard\nMar\u00e9chal Joffre et dans ce sens,\n\u2022 BOULEVARD MAR\u00c9CHAL JOFFRE dans sa portion comprise entre la rue de Chorey\net la rue du Faubourg Saint Nicolas,\n\u2022 RUE DE LORRAINE, dans les 2 sens de circulation entre la rue Charles Aubertin et le\nboulevard  circulaire,  les  v\u00e9hicules  provenant  de  la  rue  Charles  Aubertin  sont\nautoris\u00e9s \u00e0 circuler rue de Lorraine en direction de la rue du Coll\u00e8ge.\n\u2022 BOULEVARD MAR\u00c9CHAL FOCH ;\n\u2022 AVENUE  DE  L'AIGUE  dans  sa  portion  comprise  entre  l'intersection  des  rues\nSylvestre Chauvelot/R\u00f4les et l'avenue Guigone de Salins,\n\u2022 RUE  DU  COLL\u00c9GE/RUE  PAUL  CHANSON  dans  sa  portion  comprise  entre  le\nboulevard Mar\u00e9chal Foch et la rue Paul Bouchard,\n\u2022 BOULEVARD MAR\u00c9CHAL FOCH SUR TOUTE LA CONTRE-ALL\u00c9E\n\u2022 RUE SYLVESTRE CHAUVELOT ;\n\u2022 RUE HIPPOLYTE MICHAUD ;\n\u2022 RUE DU FAUBOURG SAINT MARTIN dans sa portion comprise entre le boulevard\nMar\u00e9chal Joffre et la rue de la Bouzaise,\n\u2022 AVENUE DE LA R\u00c9PUBLIQUE ;\n\u2022 RUE DU REMPART DES LIONS ;\n\u2022 RUE  MAREY  dans  sa  portion  comprise  entre  la  rue  Notre  Dame  et  la  rue  du\nRempart des Lions,\n\u2022 RUE MAIZI\u00c8RES ;\n\u2022 RUE PAUL LANEYRIE ;\n\u2022 RUE CHARLES CLOUTIER ;\n\u2022 RUE NOTRE DAME dans sa portion comprise entre la rue Paul Laneyrie et la rue\nParadis,\n\u2022 IMPASSE NOTRE DAME ;\n\u2022 RUE EDOUARD FRAYSSE,\nDirection d\u00e9partementale des territoires de la C\u00f4te-d'Or\n57 rue de Mulhouse- BP 53317 - 21033 DIJON cedex\nt\u00e9l : 03 80 29 44 44 \u2013 Courriel : ddt@cote-dor.gouv.fr\nDirection d\u00e9partementale des territoires de la C\u00f4te-d'Or - 21-2024-07-04-00001 - AP 1105 20240704 Circulation FlammeOlympique RAA 9\n7\n\u2022 PLACE FLEURY sauf la portion reliant la rue Maufoux \u00e0 la rue Louis V\u00e9ry ;\n\u2022 RUE PARADIS dans sa portion comprise entre l'avenue de la R\u00e9publique et la place\nau Beurre ;\n\u2022 PLACE DE LA HALLE ;\n\u2022 RUE PASUMOT,\n\u2022 RUE DE L'HOTEL DIEU ;\n\u2022 RUE VICTOR MILLOT ;\n\u2022 RUE  POTERNE  les  riverains  sont  autoris\u00e9s  \u00e0  emprunter  la  rue  Poterne  en  sens\ninverse (sens rue Victor Millot vers rue d'Alsace). \n\u2022 REMPART MADELEINE ;\n\u2022 BOULEVARD SAINT JACQUES,\n\u2022 RUE DU FAUBOURG SAINT JACQUES dans sa portion comprise entre le rond point\nrue Jacques de Molay et la rue Jean Moulin et dans ce sens ;\n\u2022 PLACE SAINT JACQUES ;\n\u2022 RUE DES TANNERIES ;\n\u2022 RUE DE LA COLOMBI\u00c8RE ;\n\u2022 RUE  HENRI  DUNANT  dans  sa  portion  comprise  entre  la  rue  Jean  des  Vignes\nRouges/la rue Bourgelat et le boulevard Bretonni\u00e8re et dans ce sens ;\n\u2022 AVENUE CHARLES DE GAULLE ;\n\u2022 RUE JEAN DES  VIGNES  ROUGES dans sa portion comprise entre la rue Gaston\nRoupnel et l'avenue Charles De Gaulle, les r\u00e9sidents des b\u00e2timents situ\u00e9s le long de\nl'avenue Charles de Gaulle sont autoris\u00e9s \u00e0 acc\u00e9der et \u00e0 repartir de leur domicile\npar les contres-all\u00e9es en direction de la rue Gaston Roupnel.\n\u2022 RUE MARIE NO\u00cbL dans sa portion comprise entre la rue Joseph Delissey et l'avenue\nCharles De Gaulle,\n\u2022 RUE JEAN MOULIN,\n\u2022 RUE ANDR\u00c9 MARIE AMP\u00c8RE dans sa portion comprise entre le n\u00b02 et la rue Yves\nBertrand Burgalat,\n\u2022 RUE YVES  BERTRAND BURGALAT dans  sa portion comprise entre la rue Andr\u00e9\nMarie Amp\u00e8re et l'avenue Charles De Gaulle et dans ce sens,\n\u2022 RUE BUFFON dans sa portion comprise entre le n\u00b01 et l'avenue Charles De Gaulle,\n\u2022 RUE DU MOULIN NOIZ\u00c9 ;\n\u2022 RUE DU SAUSSET ;\n\u2022 RUE ANDR\u00c9 MARIE AMP\u00c8RE dans sa portion comprise l'avenue Charles De Gaulle\net la rue Buffon,\n\u2022 AVENUE CHARLES DE GAULLE \u00e0 hauteur du rond-point Philippe le Bon,\nMUSEOPARC- AL\u00c9SIA\nRestrictions de stationnement :\nLe  stationnement  sera  interdit  du  jeudi  11  juillet  18h  au  vendredi  12  juillet  fin  de  la\nmanifestation sur les voies suivantes :\n\u2022 RD103T entre la RD905 et RD103\nDirection d\u00e9partementale des territoires de la C\u00f4te-d'Or\n57 rue de Mulhouse- BP 53317 - 21033 DIJON cedex\nt\u00e9l : 03 80 29 44 44 \u2013 Courriel : ddt@cote-dor.gouv.fr\nDirection d\u00e9partementale des territoires de la C\u00f4te-d'Or - 21-2024-07-04-00001 - AP 1105 20240704 Circulation FlammeOlympique RAA 10\n8\nRestrictions de circulation :\nLa circulation sera interdite le vendredi 12 juillet de 11H30 \u00e0 13H30 sur les voies suivantes :\n\u2022 RD103T entre la RD905 et RD103\nSOURCE-SEINE\nRestrictions de stationnement :\nLe  stationnement  sera  interdit  du  jeudi  11  juillet  20h  au  vendredi  12  juillet  fin  de  la\nmanifestation sur les voies suivantes :\n\u2022 RD103 entre la Combe aux Arnauts et la Combe Trouibret\nRestrictions de circulation :\nLa circulation sera interdite le vendredi 12 juillet de 14h30 \u00e0 16h sur les voies suivantes :\n\u2022 RD103 entre la Combe aux Arnauts et la Combe Trouibret\nSAINT JEAN DE LOSNE\nRestrictions de stationnement :\nLe  stationnement  sera  interdit  du  jeudi  11  juillet  21h  au  vendredi  12  juillet  fin  de  la\nmanifestation sur les voies suivantes :\n\u2022 Rue Nationale \u00e0 LOSNE\n\u2022 Place du 8 mai \u00e0 LOSNE\n\u2022 Rue de la Libert\u00e9 \u00e0 SAINT-JEAN-DE-LOSNE\n\u2022 Rue Monge \u00e0 SAINT-JEAN-DE-LOSNE\n\u2022 Promenade du Port Saint-Jean \u00e0 SAINT-JEAN-DE-LOSNE\n\u2022 Le parking du\u00ab BOAT\u00bb situ\u00e9 avenue de la gare d'eau \u00e0 SAINT-JEAN-DE-LOSNE\n\u2022 Quai du canal de Bourgogne \u00e0 SAINT-JEAN-DE-LOSNEetSAINT-USAGE\n\u2022 Gare d'eau \u00e0 SAINT-JEAN-DE-LOSNE et SAINT-USAGE\n\u2022 Route de Saint-Jean-de-Losne \u00e0 SAINT-USAGE\n\u2022 Route de Beaune \u00e0 SAINT-USAGE\nLe vendredi 12 juillet de 8h \u00e0 12h un arr\u00eat temporaire de 10 minutes sera autoris\u00e9 pour les\npersonnes souhaitant acc\u00e9der aux commerces situ\u00e9s sur les communes de Saint-Jean-De-\nLosne et de Losne.\nDirection d\u00e9partementale des territoires de la C\u00f4te-d'Or\n57 rue de Mulhouse- BP 53317 - 21033 DIJON cedex\nt\u00e9l : 03 80 29 44 44 \u2013 Courriel : ddt@cote-dor.gouv.fr\nDirection d\u00e9partementale des territoires de la C\u00f4te-d'Or - 21-2024-07-04-00001 - AP 1105 20240704 Circulation FlammeOlympique RAA 11\n9\nRestrictions de circulation :\nLa circulation sera interdite le vendredi 12 juillet de 13h \u00e0 16h45  sur les voies suivantes :\n\u2022 RD968 \u00e0 SAINT-JEAN-DE-LOSNE\n\u2022 RD20E \u00e0 SAINT-USAGE\n\u2022 Rue Nationale \u00e0 LOSNE\n\u2022 Place du 8 mai \u00e0 LOSNE\n\u2022 Rue du Pontreux \u00e0 LOSNE\n\u2022 Rue des Platanes \u00e0 LOSNE\n\u2022 Quai de la Hutte \u00e0 LOSNE\n\u2022 Quai de l'Europe \u00e0 LOSNE\n\u2022 Rue de la Libert\u00e9 \u00e0 SAINT-JEAN-DE-LOSNE\n\u2022 Rue Monge \u00e0 SAINT-JEAN-DE-LOSNE\n\u2022 Promenade du Port Saint-Jean \u00e0 SAINT-JEAN-DE-LOSNE\n\u2022 Quai du Canal de Bourgogne \u00e0 SAINT-JEAN-DE-LOSNE\n\u2022 Gare d'eau \u00e0 SAINT-JEAN-DE-LOSNE\n\u2022 Rue du Ch\u00e2teau \u00e0 SAINT-JEAN-DE-LOSNE\n\u2022 Rue Joann\u00e8s Rollier \u00e0 SAINT-JEAN-DE-LOSNE\n\u2022 Rue Marion \u00e0 SAINT-JEAN-DE-LOSNE\n\u2022 Rue Desgranges \u00e0 SAINT-JEAN-DE-LOSNE\n\u2022 Rue Lafontaine \u00e0 SAINT-JEAN-DE-LOSNE\n\u2022 All\u00e9e des Bastions des Charmilles \u00e0 SAINT-JEAN-DE-LOSNE\n\u2022 Route de Saint-Jean-de-Losne \u00e0 SAINT-USAGE\n\u2022 Route de Beaune \u00e0 SAINT-USAGE\n\u2022 Rue Saint-Jacques \u00e0 SAINT-USAGE\n\u2022 Rue du Couvent \u00e0 SAINT-USAGE\nVOUGEOT\nRestrictions de stationnement :\nLe  stationnement  sera  interdit  du  jeudi  11  juillet  20h  au  vendredi  12  juillet  fin  de  la\nmanifestation sur les voies suivantes :\n\u2022 La place de la mairie, la place Grangier et la cour de l'ancienne \u00e9cole\n\u2022 Rue du vieux ch\u00e2teau \n\u2022 Rue de la Montagne\n\u2022 Rue des Cras\n\u2022 Rue de Vergy\n\u2022 Rue des petits Vougeots\n\u2022 Impasse de la charmotte\n\u2022 Chemin de Flagey\n\u2022 Rue du Moulin\n\u2022 RD974 entre l'impasse Fleurie et le giratoire avec la RD25\nDirection d\u00e9partementale des territoires de la C\u00f4te-d'Or\n57 rue de Mulhouse- BP 53317 - 21033 DIJON cedex\nt\u00e9l : 03 80 29 44 44 \u2013 Courriel : ddt@cote-dor.gouv.fr\nDirection d\u00e9partementale des territoires de la C\u00f4te-d'Or - 21-2024-07-04-00001 - AP 1105 20240704 Circulation FlammeOlympique RAA 12\n10\nRestrictions de circulation :\nLa circulation sera interdite le vendredi 12 juillet de 17h00 \u00e0 la fin de la manifestation sur\nles voies suivantes :\n\u2022 Rue du Vieux Ch\u00e2teau\n\u2022 Rue de la Montagne\n\u2022 Rue des Cras\n\u2022 Rue de Vergy\n\u2022 Rue des Petits Vougeots\n\u2022 Impasse de la Charmotte\n\u2022 Chemin de Flagey\n\u2022 Rue du Moulin\nLe vendredi 12 juillet de 14h00 \u00e0 la fin de la manifestation  la circulation sur la RD974 entre\nl'impasse Fleurie et le giratoire avec la RD25 est limit\u00e9e \u00e0 50km/h.\nDIJON\nRestrictions de stationnement :\nLe stationnement sera interdit le vendredi 12 juillet de 1h \u00e0 20 h sur les voies suivantes :\n\u2022 Rue Monge\n\u2022 Rue Condorcet\n\u2022 Parvis Saint Philibert\n\u2022 Place Saint B\u00e9nigne\n\u2022 Rue Mariotte\n\u2022 Rue Millotet\n\u2022 Boulevard de S\u00e9vign\u00e9\n\u2022 Rue Devosge\n\u2022 Boulevard de Brosses\n\u2022 Rue du Temple\n\u2022 Rue Jean Renaud\n\u2022 Place Grangier\n\u2022 Rue du Ch\u00e2teau\n\u2022 Boulevard de la T\u00e9mouille\n\u2022 Place de la R\u00e9publique\n\u2022 Boulevard Thiers\n\u2022 Rue du Colonel de Grancey\n\u2022 Rue Pelletier de Chambure\n\u2022 Boulevard Carnot\n\u2022 Place Wilson\n\u2022 Cour du G\u00e9n\u00e9ral de Gaulle\n\u2022 Rond Point Edmond Michelet\n\u2022 Cour du Parc\n\u2022 Passage du Parc\n\u2022 Route de Dijon entre le passage du Parc et l'avenue Kennedy\nDirection d\u00e9partementale des territoires de la C\u00f4te-d'Or\n57 rue de Mulhouse- BP 53317 - 21033 DIJON cedex\nt\u00e9l : 03 80 29 44 44 \u2013 Courriel : ddt@cote-dor.gouv.fr\nDirection d\u00e9partementale des territoires de la C\u00f4te-d'Or - 21-2024-07-04-00001 - AP 1105 20240704 Circulation FlammeOlympique RAA 13\n11\n\u2022 Parc de la Colombi\u00e8re\nLe stationnement sera interdit le vendredi 12 juillet de 1h \u00e0 24 h sur les voies suivantes :\n\u2022 Avenue des Grandes Bergeries\n\u2022 Avenue Jean-Baptiste Greuze, le long du parc de la Colombi\u00e8re\n\u2022 Esplanade Roger Couderc \u00e0 Longvic\n\u2022 Parking du complexe sportif Pecqueux-Rolland \u00e0 Longvic\n\u2022 Place Dubois, sur 8 emplacements au droit du n\u00b06\nRestrictions de circulation :\nLa circulation sera interdite le vendredi 12 juillet de 16h \u00e0 18h30 sur les voies suivantes :\n\u2022 Rue Faubourg Raines\n\u2022 Rue de l'Arquebuse\n\u2022 Rue de l'H\u00f4pital\nLa circulation sera interdite le vendredi 12 juillet de 16h \u00e0 20h sur les voies suivantes :\n\u2022 Rue Monge\n\u2022 Rue Condorcet\n\u2022 Place Saint B\u00e9nigne\n\u2022 Rue Mariotte\n\u2022 Rue Millotet\n\u2022 Boulevard de S\u00e9vign\u00e9\n\u2022 Rue Devosge\n\u2022 Boulevard de Brosses\n\u2022 Rue du Temple\n\u2022 Rue Jean Renaud\n\u2022 Place Grangier\n\u2022 Rue du Ch\u00e2teau\n\u2022 Boulevard de la T\u00e9mouille\n\u2022 Place de la R\u00e9publique\n\u2022 Boulevard Thiers\n\u2022 Rue du Colonel de Grancey\n\u2022 Rue Pelletier de Chambure\n\u2022 Boulevard  Carnot (la  travers\u00e9e par  la rue de Mirande sera  autoris\u00e9e sauf  entre\n17h30 et 18h30)\n\u2022 Place Wilson\n\u2022 Cour du G\u00e9n\u00e9ral de Gaulle\n\u2022 Rond Point Edmond Michelet\n\u2022 Cour  du  Parc  (la  travers\u00e9e par  le boulevard  Schumann et la rue Chevreul sera\nautoris\u00e9e sauf de 18h30 et 19h00)\n\u2022 Passage du Parc\n\u2022 Route de Dijon entre le passage du Parc et l'avenue Kennedy\n\u2022 Parc de la Colombi\u00e8re\nDirection d\u00e9partementale des territoires de la C\u00f4te-d'Or\n57 rue de Mulhouse- BP 53317 - 21033 DIJON cedex\nt\u00e9l : 03 80 29 44 44 \u2013 Courriel : ddt@cote-dor.gouv.fr\nDirection d\u00e9partementale des territoires de la C\u00f4te-d'Or - 21-2024-07-04-00001 - AP 1105 20240704 Circulation FlammeOlympique RAA 14\n12\nSur le territoire de Dijon M\u00e9tropole, tous les axes menant directement au parcours sont \ninterdits \u00e0 la circulation depuis l'intersection la plus proche.\nLe sens de circulation habituel sera invers\u00e9 le 12 juillet de 16h \u00e0 20h sur la voir suivante :\n\u2022 Rue Coup\u00e9e de Longvic\nArticle 5 :Personnes et v\u00e9hicules autoris\u00e9s \u00e0 circuler\nSeuls les v\u00e9hicules d\u00fbment autoris\u00e9s (secours, organisation, s\u00e9curit\u00e9\u2026) peuvent d\u00e9roger\naux diff\u00e9rents articles de cet arr\u00eat\u00e9.\nEn cas d'urgence, les v\u00e9hicules prioritaires (pompiers, SAMU\u2026) devront pouvoir acc\u00e9der en\ntout lieu proche d'un sinistre ou d'un incident.\nArticle 6     : Recours\nLe  pr\u00e9sent  arr\u00eat\u00e9  peut  faire  l'objet  d'un  recours  contentieux  devant  le  tribunal\nadministratif de Dijon dans un d\u00e9lai de deux mois \u00e0 compter de sa publication. Un recours\npeut  \u00eatre  d\u00e9pos\u00e9  via  l'application  t\u00e9l\u00e9recours  citoyens  accessible  par  le  site  internet\nhttp://ww.telerecours.fr./ \nArticle   7   : Ex\u00e9cution\n- Le Directeur de Cabinet du pr\u00e9fet de la C\u00f4te-d'Or,\n- Le  Commandant  de  la  R\u00e9gion  de  Gendarmerie  de  Bourgogne-Franche-Comt\u00e9  et  du\nGroupement de gendarmerie d\u00e9partemental de la C\u00f4te-d'Or,\n- Le Directeur D\u00e9partemental de la S\u00e9curit\u00e9 Publique de la C\u00f4te d'Or,\n- Le pr\u00e9sident du Conseil d\u00e9partemental de la C\u00f4te-d'Or,\n- Le pr\u00e9sident de Dijon M\u00e9tropole,\nsont charg\u00e9s, chacun en ce qui le concerne, de l'ex\u00e9cution du pr\u00e9sent arr\u00eat\u00e9.\nLe pr\u00e9sent arr\u00eat\u00e9 sera publi\u00e9 au recueil des actes administratifs de la Pr\u00e9fecture de la\nC\u00f4te-d'Or.\nUne copie du pr\u00e9sent arr\u00eat\u00e9 sera adress\u00e9e pour information :\n- au service D\u00e9partemental d'Incendie et de Secours de la C\u00f4te-d'Or,\n- au service d'Aide m\u00e9dicale d'Urgence (CHRU Dijon),\n- aux  maires  des  communes  de Alise-Sainte-Reine,  Saulieu,  Semur-En-Auxois,  Beaune,\nSource-Seine, Saint-Jean-De-Losne, Vougeot.\nFait \u00e0 Dijon, le 4 juillet 2024\nLe pr\u00e9fet,\nSIGNE\nFranck ROBINE\nDirection d\u00e9partementale des territoires de la C\u00f4te-d'Or\n57 rue de Mulhouse- BP 53317 - 21033 DIJON cedex\nt\u00e9l : 03 80 29 44 44 \u2013 Courriel : ddt@cote-dor.gouv.fr\nDirection d\u00e9partementale des territoires de la C\u00f4te-d'Or - 21-2024-07-04-00001 - AP 1105 20240704 Circulation FlammeOlympique RAA 15\n13\nDirection d\u00e9partementale des territoires de la C\u00f4te-d'Or\n57 rue de Mulhouse- BP 53317 - 21033 DIJON cedex\nt\u00e9l : 03 80 29 44 44 \u2013 Courriel : ddt@cote-dor.gouv.fr\nDirection d\u00e9partementale des territoires de la C\u00f4te-d'Or - 21-2024-07-04-00001 - AP 1105 20240704 Circulation FlammeOlympique RAA 16\nPr\u00e9fecture de la C\u00f4te-d'Or\nDirection des s\u00e9curit\u00e9s\n21-2024-07-05-00002\nArr\u00eat\u00e9 N\u00b0 1113 portant r\u00e9glementation\ntemporaire de la circulation\nPr\u00e9fecture de la C\u00f4te-d'Or - 21-2024-07-05-00002 - Arr\u00eat\u00e9 N\u00b0 1113 portant r\u00e9glementation temporaire de la circulation 17\nExPREFETDE LACOTE-D'ORLibert\u00e9Egalit\u00e9Fraternit\u00e9\nDirection d\u00e9partementale des territoires de la\nC\u00f4te-d'Or\nService de la S\u00e9curit\u00e9 et de l'\u00c9ducation \nRouti\u00e8re\nBureau de la S\u00e9curit\u00e9 Routi\u00e8re\nT\u00e9l. : 03.80.29.44.58\nM\u00e9l :jean-marie.aubert  @cote-dor.gouv.fr  \n \nArr\u00eat\u00e9 N\u00b0 1113\nportant r\u00e9glementation temporaire de la circulation\nLe pr\u00e9fet de la C\u00f4te-d'Or\nVU le Code de la Route, et notamment le 1er alin\u00e9a de l'article R411-5, R411-8 et R411-9,\nVU le Code de la Voirie Routi\u00e8re,\nVU  le Code G\u00e9n\u00e9ral des Collectivit\u00e9s Territoriales et notamment ses articles L 2213-1 et\nsuivants,\nVU le Code de la d\u00e9fense, et notamment les articles R1211-4 et R1311-3 et suivants,\nVU  la  loi  82-213  du  13  mars  1982  relative  aux  droits  et  libert\u00e9s  des  communes,  des\nd\u00e9partements et des r\u00e9gions,\nVU la loi 2004-811 du 13 ao\u00fbt 2004  de modernisation de la S\u00e9curit\u00e9 Civile,\nVU  l'arr\u00eat\u00e9  interminist\u00e9riel  du  24  novembre  1967  relatif  \u00e0  la  signalisation  des  routes  et\nautoroutes,\nVU l'arr\u00eat\u00e9 pr\u00e9fectoral n\u00b01046 du 26 juin 2024 portant r\u00e9glementation de la circulation lors\nde la 7\u00e8me \u00e9tape du Tour de France cycliste 2024 le 5 juillet 2024,\nConsid\u00e9rant que la s\u00e9curit\u00e9 routi\u00e8re n\u00e9cessite temporairement la prescription de mesures\nparticuli\u00e8res,\nSur proposition de monsieur le directeur de cabinet du pr\u00e9fet de la C\u00f4te-d'Or,\nDirection d\u00e9partementale des territoires de la C\u00f4te-d'Or\n57, rue de Mulhouse - BP 53317 - 21033 Dijon CEDEX\nT\u00e9l. : 03 80 29 44 44\nCourriel : ddt@cote-dor.gouv.fr\n1\nPr\u00e9fecture de la C\u00f4te-d'Or - 21-2024-07-05-00002 - Arr\u00eat\u00e9 N\u00b0 1113 portant r\u00e9glementation temporaire de la circulation 18\nARRETE\nArticle 1er :\nLa circulation de l'ensemble des v\u00e9hicules est interdite dans les deux sens de circulation\nsur la RD 116 entre les intersection RD116 / RD31 et RD116 / RD112 H  \u00e0 compter du 5 juillet\n2024 \u00e0 11h30.\nArticle 2 :\nLes v\u00e9hicules devront stationner en tout lieu possible sur indication des forces de l'ordre\net suivre les instructions de ces derni\u00e8res.\nArticle 3 :\nLes prescriptions figurant \u00e0 l'article 1 ne s'appliquent pas aux v\u00e9hicules, des forces de\nl'ordre, de la s\u00e9curit\u00e9 civile, aux v\u00e9hicules d'incendie et de secours, aux v\u00e9hicules des\ngestionnaires du r\u00e9seau routier, aux v\u00e9hicules des entreprises travaillant pour ceux-ci, ainsi\nqu'aux v\u00e9hicules de d\u00e9pannage, de remorquage et de levage agr\u00e9\u00e9s sur le r\u00e9seau routier et\naux v\u00e9hicules assurant des transports d'urgence.\nArticle 4 :\nLe Sous Pr\u00e9fet directeur de cabinet du Pr\u00e9fet, le Colonel Commandant le Groupement de\nGendarmerie de la C\u00f4te d'Or,  Le pr\u00e9sident du Conseil d\u00e9partemental de la C\u00f4te-d'Or, les\nmaires  de  Chamboeuf  et  Curley,  sont  charg\u00e9s,  chacun  en  ce  qui  le  concerne,  de\nl'ex\u00e9cution du pr\u00e9sent arr\u00eat\u00e9.\nArticle 5 : \nLe pr\u00e9sent arr\u00eat\u00e9 peut faire l'objet d'un recours gracieux aupr\u00e8s du pr\u00e9fet et/ou d'un\nrecours contentieux devant le tribunal administratif dans un d\u00e9lai de 2 mois \u00e0 compter de\nsa  notification.  Le  tribunal  administratif  peut  \u00eatre  saisi  par  un  recours  d\u00e9pos\u00e9  via\nl'application T\u00e9l\u00e9recours citoyens accessible par le site internet www.telerecours.fr \u00bb.\nFait \u00e0 Brochon, le 5 juillet 2024\nDirection d\u00e9partementale des territoires de la C\u00f4te-d'Or\n57, rue de Mulhouse - BP 53317 - 21033 Dijon CEDEX\nT\u00e9l. : 03 80 29 44 44\nCourriel : ddt@cote-dor.gouv.fr\n2\nPour le Pr\u00e9fet et par d\u00e9l\u00e9gation,\nLe sous-pr\u00e9fet, Directeur de cabinet\ndu Pr\u00e9fet de la C\u00f4te d'Or\nORIGINAL SIGNE\nOlivier GERSTLE\nPr\u00e9fecture de la C\u00f4te-d'Or - 21-2024-07-05-00002 - Arr\u00eat\u00e9 N\u00b0 1113 portant r\u00e9glementation temporaire de la circulation 19\nPr\u00e9fecture de la C\u00f4te-d'Or\nDirection des s\u00e9curit\u00e9s\n21-2024-07-04-00002\nArr\u00eat\u00e9 pr\u00e9fectoral N\u00b01108 portant autorisation\nde survol, de captation, d'enregistrement et de\ntransmission d'images au moyen d'a\u00e9ronefs sans\n\u00e9quipage \u00e0 bord dans la commune de\nSemur-en-Auxois\nPr\u00e9fecture de la C\u00f4te-d'Or - 21-2024-07-04-00002 - Arr\u00eat\u00e9 pr\u00e9fectoral N\u00b01108 portant autorisation de survol, de captation,\nd'enregistrement et de transmission d'images au moyen d'a\u00e9ronefs sans \u00e9quipage \u00e0 bord dans la commune de Semur-en-Auxois 20\nEnPREFETDE LACOTE-D'ORL,iberte'Egalit\u00e9Fraternit\u00e9\nDIRECTION DES S\u00c9CURIT\u00c9S\nBureau D\u00e9fense et S\u00e9curit\u00e9\nArr\u00eat\u00e9 pr\u00e9fectoral N\u00b01108\nportant autorisation de survol, de captation, d'enregistrement et de transmission d'images\nau moyen d'a\u00e9ronefs sans \u00e9quipage \u00e0 bord dans la commune de Semur-en-Auxois\nLe pr\u00e9fet de la C\u00f4te-d'Or\nVU le code de la d\u00e9fense, notamment son article L.1322-2 ; \nVU le code de la s\u00e9curit\u00e9 int\u00e9rieure et notamment ses articles L. 242-1 \u00e0 L. 242-8 et R. 242-8 \u00e0 R. 242-14 ;\nVU le code de l'aviation civile ;\nVU le code des transports, notamment ses articles L.6232-12 et L.6232-13 ; \nVU le d\u00e9cret n\u00b0 2004-374 du 29 avril 2004 relatif aux pouvoirs des pr\u00e9fets, \u00e0 l'organisation et \u00e0 l'action\ndes services de l'\u00c9tat dans les r\u00e9gions et d\u00e9partements ;\nVU l'arr\u00eat\u00e9 minist\u00e9riel du 3 d\u00e9cembre 2020 relatif \u00e0 l'utilisation de l'espace a\u00e9rien par les a\u00e9ronefs sans\n\u00e9quipage \u00e0 bord ; \nVU l'arr\u00eat\u00e9 pr\u00e9fectoral n\u00b0148/SG du 18 janvier 2024 donnant d\u00e9l\u00e9gation de signature \u00e0 M. Olivier GERSTL\u00c9,\nsous-pr\u00e9fet, directeur de cabinet du pr\u00e9fet de la r\u00e9gion Bourgogne-Franche-Comt\u00e9, pr\u00e9fet de la C\u00f4te-d'Or ;\nVU l'arr\u00eat\u00e9 pr\u00e9fectoral N\u00b01041 du 28 juin 2024 portant r\u00e9glementation sur les conditions de passage du\n111\u00e8me Tour de France cycliste en C\u00f4te-d'Or du 4 au 6 juillet inclus ;\nVU le passage du Tour de France cycliste dans la commune de Semur-en-Auxois le 6 juillet 2024 ; \nVU la demande d'Amaury Sport Organisation (ASO), organisateur de la course en date du 3 juillet 2024\nafin d'utiliser un drone pour filmer le podium signature sur la commune de Semur-en-Auxois ; \nCONSID\u00c9RANT  que les conditions ne sont pas r\u00e9unies pour que l'organisation de la course cycliste\n(ASO) utilise une cam\u00e9ra grue pour filmer le podium signature sur la commune de Semur-en-Auxois ;\nCONSID\u00c9RANT  qu'il  convient  d'autoriser  la  soci\u00e9t\u00e9  ASO  \u00e0  utiliser  un  drone  pour  des  besoins  de\ncaptation d'images sur la commune de Semur-en-Auxois le 6 juillet 2024 ; \nSur proposition de  Monsieur le directeur de cabinet du pr\u00e9fet de la r\u00e9gion Bourgogne-Franche-Comt\u00e9,\npr\u00e9fet de la C\u00f4te-d'Or ;\nPr\u00e9fecture de la C\u00f4te-d'Or \u2013 53 rue de la pr\u00e9fecture \u2013 21041 Dijon Cedex\nT\u00e9l. 03.80.44.64.00 - Courriel : pref-direction-securites@cote-dor.gouv.fr\nPr\u00e9fecture de la C\u00f4te-d'Or - 21-2024-07-04-00002 - Arr\u00eat\u00e9 pr\u00e9fectoral N\u00b01108 portant autorisation de survol, de captation,\nd'enregistrement et de transmission d'images au moyen d'a\u00e9ronefs sans \u00e9quipage \u00e0 bord dans la commune de Semur-en-Auxois 21\nARR\u00caTE\nArticle 1  er   :   Par d\u00e9rogation \u00e0 l'arr\u00eat\u00e9 pr\u00e9fectoral du 28 juin 2024 pr\u00e9cit\u00e9, la soci\u00e9t\u00e9 ASO est autoris\u00e9e, \u00e0\ntitre exceptionnel, \u00e0 d\u00e9roger \u00e0 l'interdiction de survol des drones au-dessus des axes emprunt\u00e9s par la\ncourse et au-dessus des zones spectateurs sur la commune de Semur-en-Auxois.\nA  rticle    2    :   La soci\u00e9t\u00e9 ASO est autoris\u00e9e, par d\u00e9rogation \u00e0 l'arr\u00eat\u00e9 pr\u00e9fectoral pr\u00e9cit\u00e9, \u00e0 la captation,\nl'enregistrement  et  la  transmission  d'images  au  moyen  d'a\u00e9ronefs  sans  \u00e9quipage  \u00e0  bord  dans  la\ncommune de Semur-en-Auxois.\nArticle 2 : Le pr\u00e9sent arr\u00eat\u00e9 peut \u00eatre contest\u00e9 selon les voies de recours et dans les d\u00e9lais suivants :\n- un recours gracieux adress\u00e9 \u00e0 la Pr\u00e9fecture de la C\u00f4te-d'Or \u2013 Direction des s\u00e9curit\u00e9s \u2013 53 rue de la\npr\u00e9fecture \u2013 21041 Dijon Cedex\n- un recours hi\u00e9rarchique adress\u00e9 \u00e0 Monsieur le Ministre de l'Int\u00e9rieur \u2013 DLPAJ\u2013 Place Beauvau \u2013 75800 PARIS\ncedex 08\n- un recours contentieux peut \u00eatre form\u00e9 devant le tribunal administratif de Dijon. Le tribunal administratif\npeut  \u00eatre  saisi  par  l'application  informatique  \u00ab T\u00e9l\u00e9recours  citoyens \u00bb  accessible  par  le  site  internet\nwww.telerecours.fr.\nLe recours juridictionnel doit \u00eatre d\u00e9pos\u00e9 au plus tard avant l'expiration du 2\u00e8me mois suivant la date de\nnotification de la d\u00e9cision contest\u00e9e (ou bien du 2\u00e8me mois suivant la date du rejet de votre recours\ngracieux ou hi\u00e9rarchique).\nIl devra \u00eatre joint imp\u00e9rativement \u00e0 l'appui du recours une copie de la d\u00e9cision contest\u00e9e et, le cas\n\u00e9ch\u00e9ant, tout document utile \u00e0 l'instruction de la requ\u00eate.\nL'exercice d'un  recours  administratif  ou d'un  recours  juridictionnel  ne  suspend  pas  l'ex\u00e9cution  de la\nd\u00e9cision administrative contest\u00e9e.\nArticle   4     : Le sous-pr\u00e9fet, directeur de cabinet du pr\u00e9fet de la C\u00f4te-d'Or et le G\u00e9n\u00e9ral commandant la\nr\u00e9gion de gendarmerie de la Bourgogne-Franche-Comt\u00e9 commandant le groupement de gendarmerie\nd\u00e9partementale de la C\u00f4te-d'Or sont charg\u00e9s chacun en ce qui le concerne de l'ex\u00e9cution du pr\u00e9sent\narr\u00eat\u00e9 qui sera publi\u00e9 au recueil des actes administratifs de la pr\u00e9fecture et dont un exemplaire sera\ntransmis \u00e0 la direction zonale de la police aux fronti\u00e8res de la zone Est, l a direction de la s\u00e9curit\u00e9 de\nl'aviation civile Nord-Est, la compagnie de gendarmerie des transports a\u00e9riens de Strasbourg ainsi qu'au\nProcureur de la R\u00e9publique pr\u00e8s le Tribunal Judiciaire de Dijon et au maire de la commune de Semur-en-\nAuxois.\nA Dijon, le 4 juillet 2024\nLe Pr\u00e9fet\nPour le pr\u00e9fet et par d\u00e9l\u00e9gation,\nLe directeur de cabinet\nOriginal sign\u00e9\n                                     Olivier GERSTL\u00c9\nPr\u00e9fecture de la C\u00f4te-d'Or - 21-2024-07-04-00002 - Arr\u00eat\u00e9 pr\u00e9fectoral N\u00b01108 portant autorisation de survol, de captation,\nd'enregistrement et de transmission d'images au moyen d'a\u00e9ronefs sans \u00e9quipage \u00e0 bord dans la commune de Semur-en-Auxois 22\nPr\u00e9fecture de la C\u00f4te-d'Or\nP\u00f4le juridique inter-services\n21-2024-07-05-00001\nArr\u00eat\u00e9 pr\u00e9fectoral n\u00b0  1109 / SG du  5 juillet 2024 \ndonnant d\u00e9l\u00e9gation de signature \u00e0 Monsieur\nOlivier GERSTL\u00c9, sous-pr\u00e9fet, directeur de\ncabinet du pr\u00e9fet de la r\u00e9gion\nBourgogne-Franche-Comt\u00e9,\npr\u00e9fet de la C\u00f4te-d'Or\nPr\u00e9fecture de la C\u00f4te-d'Or - 21-2024-07-05-00001 - Arr\u00eat\u00e9 pr\u00e9fectoral n\u00b0  1109 / SG du  5 juillet 2024 \ndonnant d\u00e9l\u00e9gation de signature \u00e0 Monsieur Olivier GERSTL\u00c9, sous-pr\u00e9fet, directeur de cabinet du pr\u00e9fet de la r\u00e9gion\nBourgogne-Franche-Comt\u00e9,\npr\u00e9fet de la C\u00f4te-d'Or\n23\nSECR\u00c9TARIAT G\u00c9N\u00c9RAL\nDirection de la coordination des politiques publiques\net de l'appui territorial\nArr\u00eat\u00e9 pr\u00e9fectoral n\u00b0  1109 / SG du  5 juillet 2024 \ndonnant d\u00e9l\u00e9gation de signature \u00e0 Monsieur Olivier GERSTL \u00c9, sous-pr\u00e9fet,\ndirecteur de cabinet du pr\u00e9fet de la r\u00e9gion Bourgogne-Franche-Comt\u00e9,\npr\u00e9fet de la C\u00f4te-d'Or.\nLe pr\u00e9fet de la C\u00f4te-d'Or\nVu la loi n\u00b0 82.213 du 2 mars 1982 modifi\u00e9e relative aux droits et libert\u00e9s des communes, des\nd\u00e9partements et des r\u00e9gions ;\nVu le d\u00e9cret n\u00b0 2004-374 du 29 avril 2004 relatif aux pouvoirs des pr\u00e9fets, \u00e0 l'organisation et \u00e0\nl'action des services de l'\u00c9tat dans les r\u00e9gions et d\u00e9partements, modifi\u00e9 par le d\u00e9cret n\u00b0 2010-\n146 du 16 f\u00e9vrier 2010 et par le d\u00e9cret n\u00b0 2010-687 du 24 juin 2010  ;\nVu le d\u00e9cret n\u00b0 2008-158 du 22 f\u00e9vrier 2008 relatif \u00e0 la suppl\u00e9ance des pr\u00e9fets de r\u00e9gion et \u00e0 la\nd\u00e9l\u00e9gation de signature des pr\u00e9fets et hauts commissaires de la R\u00e9publique en Polyn\u00e9sie\nfran\u00e7aise et en Nouvelle-Cal\u00e9donie ;\nVu le d\u00e9cret n\u00b0 2009-176 du 16 f\u00e9vrier 2009 modifiant le d\u00e9cret n\u00b0 64-805 du 29  juillet 1964\nfixant les dispositions r\u00e9glementaires applicables aux pr\u00e9fets et le d\u00e9cret n\u00b0 2004-374 du 29\navril 2004 relatif aux pouvoirs des pr\u00e9fets, \u00e0 l'organisation et \u00e0 l'action des services de l'\u00c9tat\ndans les r\u00e9gions et d\u00e9partements ;\nVu le d\u00e9cret du 26 septembre 2022 nommant Monsieur Franck ROBINE, pr\u00e9fet de la r\u00e9gion\nBourgogne-Franche-Comt\u00e9, pr\u00e9fet de la C\u00f4te d'Or (hors classe);\nVu le d\u00e9cret du 16 ao\u00fbt 2022 portant nomination de Monsieur Olivier GERSTL \u00c9, administrateur\ncivil, en qualit\u00e9 de sous-pr\u00e9fet, directeur de cabinet du pr\u00e9fet de la r\u00e9gion Bourgogne-Franche-\nComt\u00e9, pr\u00e9fet de la C\u00f4te-d'Or ;\nVu le d\u00e9cret du 29 d\u00e9cembre 2022 portant nomination Mme Amelle GHAYOU, administratrice\nterritoriale, sous-pr\u00e9f\u00e8te charg\u00e9e de mission apr\u00e8s du pr\u00e9fet de r\u00e9gion Bourgogne-Franche-\nComt\u00e9, pr\u00e9fet de la C\u00f4te-d'Or ;\nVu le  d\u00e9cret  du  3  janvier  2024  nommant  Monsieur  Johann  MOUGENOT  en  qualit\u00e9  de\nsecr\u00e9taire g\u00e9n\u00e9ral de la pr\u00e9fecture de la C\u00f4te-d'Or, sous-pr\u00e9fet de Dijon (groupe II)  ;\nVu l 'arr\u00eat\u00e9 pr\u00e9fectoral n\u00b0 1199 / SG du 17 octobre 2022 donnant d\u00e9l\u00e9gation de signature \u00e0\nMonsieur Olivier GERSTL\u00c9, sous-pr\u00e9fet, directeur de cabinet du pr\u00e9fet de la r\u00e9gion Bourgogne-\nFranche-Comt\u00e9, pr\u00e9fet de la C\u00f4te-d'Or ;\nSur proposition de Monsieur le secr\u00e9taire g\u00e9n\u00e9ral de la pr\u00e9fecture de la C\u00f4te-d'Or  ;\nPr\u00e9fecture de la C\u00f4te-d'Or - 21-2024-07-05-00001 - Arr\u00eat\u00e9 pr\u00e9fectoral n\u00b0  1109 / SG du  5 juillet 2024 \ndonnant d\u00e9l\u00e9gation de signature \u00e0 Monsieur Olivier GERSTL\u00c9, sous-pr\u00e9fet, directeur de cabinet du pr\u00e9fet de la r\u00e9gion\nBourgogne-Franche-Comt\u00e9,\npr\u00e9fet de la C\u00f4te-d'Or\n24\nARR\u00caTE\nArticle  1er : L' arr\u00eat\u00e9  pr\u00e9fectoral  n\u00b0  148 /  SG  du  18  janvier  2024 donnant  d\u00e9l\u00e9gation  de\nsignature \u00e0 Monsieur Olivier GERSTL\u00c9, sous-pr\u00e9fet, directeur de cabinet du pr\u00e9fet de la r\u00e9gion\nBourgogne-Franche-Comt\u00e9, pr\u00e9fet de la C\u00f4te-d'Or , et toutes dispositions ant\u00e9rieures contraires\nau pr\u00e9sent arr\u00eat\u00e9 sont abrog\u00e9s.\nArticle 2  :  D\u00e9l\u00e9gation  de signature est  donn\u00e9e \u00e0  Monsieur  Olivier  GERSTL\u00c9, sous-pr\u00e9fet,\ndirecteur de cabinet du pr\u00e9fet de la r\u00e9gion Bourgogne \u2013 Franche-Comt\u00e9, pr\u00e9fet de la C\u00f4te-d'Or ,\n\u00e0 l'effet de signer, au nom du pr\u00e9fet, tous actes, arr\u00eat\u00e9s, autorisations de d\u00e9roger aux normes\nd'application obligatoire, d\u00e9cisions et pi\u00e8ces comptables, dans tous les domaines relevant des\nattributions  du  cabinet  du  pr\u00e9fet  et  des  services  rattach\u00e9s,  \u00e0  l'exclusion  toutefois  des\nd\u00e9clinatoires de comp\u00e9tence et des arr\u00eat\u00e9s de conflit.\nEn compl\u00e9ment des attributions sus-vis\u00e9es, d\u00e9l\u00e9gation de signature est \u00e9galement accord\u00e9e \u00e0\nMonsieur Olivier GERSTL\u00c9, \u00e0 l'effet de signer :\n\u2022 les  arr\u00eat\u00e9s  et  tous  actes  et  d\u00e9cisions  concernant  les  soins  psychiatriques  sans\nconsentement ;\n\u2022 les arr\u00eat\u00e9s et tous actes et d\u00e9cisions concernant les mesures d'\u00e9loignement du territoire\nfran\u00e7ais ainsi que le choix du pays de destination ; \n\u2022 les arr\u00eat\u00e9s portant immobilisation et/ou mise en fourri\u00e8re \u00e0 titre provisoire d'un v\u00e9hicule\nainsi que les autorisations d\u00e9finitives de sortie de mise en fourri\u00e8re, sur l'ensemble du\nd\u00e9partement except\u00e9 sur la zone police (communes de DIJON, CHENOVE, LONGVIC,\nFONTAINE LES DIJON, TALANT, BEAUNE et sur la RN 274 (rocade de DIJON)) ;\n\u2022 les lettres d'acceptation des d\u00e9missions des maires et des adjoints au maire ainsi que\ncelles  des  pr\u00e9sidents  et  vice-pr\u00e9sidents  d'\u00e9tablissements  publics  de  coop\u00e9ration\nintercommunale.\nArticle 3  : En cas d'absence ou d'emp\u00eachement de  Monsieur Olivier GERSTL \u00c9, la pr\u00e9sente\nd\u00e9l\u00e9gation est donn\u00e9e \u00e0 Madame Nathalie AUBERTIN, directrice adjointe du cabinet, directrice\ndes s\u00e9curit\u00e9s, \u00e0 l'effet de signer les arr\u00eat\u00e9s, d\u00e9cisions, circulaires, rapports, correspondances et\ndocuments administratifs et r\u00e9glementaires vis\u00e9s \u00e0 l'article 2 \u00e0 l'exception :\n\u2022 des d\u00e9f\u00e9r\u00e9s pr\u00e9fectoraux ainsi que des m\u00e9moires en d\u00e9fense ou en r\u00e9ponse  ;\n\u2022 des actes, d\u00e9cisions et arr\u00eat\u00e9s en mati\u00e8re de demande de concours de moyens publics ou\npriv\u00e9s ;\n\u2022 des arr\u00eat\u00e9s portant cr\u00e9ation des p\u00e9rim\u00e8tres de protection mentionn\u00e9s au code de  s\u00e9curit\u00e9\nint\u00e9rieure ;\n\u2022 des d\u00e9cisions d'octroi du concours de la force publique ;\n\u2022 des mises en demeure de quitter les lieux en application de la loi n\u00b02000-614 du 5 juillet\n2000 modifi\u00e9e relative \u00e0 l'accueil et \u00e0 l'habitat des gens du voyage ;\n\u2022 des arr\u00eat\u00e9s portant r\u00e9quisition de m\u00e9decins lib\u00e9raux dans le cadre de la mission de service\npublic de permanence des soins mentionn\u00e9e au code de la sant\u00e9 publique ;\n\u2022 des  d\u00e9cisions  autorisant  les  employ\u00e9s  exer\u00e7ant  une  activit\u00e9  de  surveillance  ou  de\ngardiennage  \u00e0  effectuer  des  palpations  de  s\u00e9curit\u00e9  pr\u00e9vues  au  code  de  la  s\u00e9curit\u00e9\nint\u00e9rieure\n\u2022 des arr\u00eat\u00e9s autorisant \u00e0 titre exceptionnel des agents de s\u00e9curit\u00e9 priv\u00e9e \u00e0 exercer sur la\nvoie publique au titre du code de la s\u00e9curit\u00e9 int\u00e9rieure ;\n\u2022 des arr\u00eat\u00e9s de mise en demeure de quitter les lieux en cas d'occupation illicite du domicile\nd'autrui par un tiers au titre de la loi n\u00b02007-290 du 5 mars 2007 instituant le droit au\nlogement opposable et portant diverses mesures en faveur de la coh\u00e9sion sociale dite loi\n\u00ab DALO \u00bb\n2/3\nPr\u00e9fecture de la C\u00f4te-d'Or - 21-2024-07-05-00001 - Arr\u00eat\u00e9 pr\u00e9fectoral n\u00b0  1109 / SG du  5 juillet 2024 \ndonnant d\u00e9l\u00e9gation de signature \u00e0 Monsieur Olivier GERSTL\u00c9, sous-pr\u00e9fet, directeur de cabinet du pr\u00e9fet de la r\u00e9gion\nBourgogne-Franche-Comt\u00e9,\npr\u00e9fet de la C\u00f4te-d'Or\n25\n\u2022 des arr\u00eat\u00e9s portant interdiction temporaire de rassemblements festifs \u00e0 caract\u00e8re musical\nnon autoris\u00e9s et interdiction de circulation des v\u00e9hicules transportant du mat\u00e9riel de son \u00e0\ndestination d'un rassemblement festif musical non autoris\u00e9 ;\n\u2022 des arr\u00eat\u00e9s portant interdiction de stade ;\n\u2022 des attributions de subventions et conventions engageant financi\u00e8rement l'\u00c9tat  ;\n\u2022 des conventions avec l'\u00c9tat ;\n\u2022 des  arr\u00eat\u00e9s  et  tous  actes  et  d\u00e9cisions  concernant  les  soins  psychiatriques  sans\nconsentement ;\n\u2022 des arr\u00eat\u00e9s et tous actes et d\u00e9cisions concernant les mesures d'\u00e9loignement du territoire\nfran\u00e7ais ainsi que le choix du pays de destination ; \n\u2022 des arr\u00eat\u00e9s portant immobilisation et/ou mise en fourri\u00e8re \u00e0 titre provisoire d'un v\u00e9hicule\nainsi que les autorisations d\u00e9finitives de sortie de mise en fourri\u00e8re, sur l'ensemble du\nd\u00e9partement ;\n\u2022 des lettres d'acceptation des d\u00e9missions des maires et des adjoints au maire ainsi que\ncelles  des  pr\u00e9sidents  et  vice-pr\u00e9sidents  d'\u00e9tablissements  publics  de  coop\u00e9ration\nintercommunale.\nArticle  4:  Pour  les  exceptions  list\u00e9es  \u00e0  l'article  3,  la  d\u00e9l\u00e9gation,  en  cas  d'absence  ou\nd'emp\u00eachement  de  Monsieur  Olivier  GERSTL\u00c9  est  donn\u00e9e  \u00e0  M.  Johann  MOUGENOT,\nsecr\u00e9taire g\u00e9n\u00e9ral de la pr\u00e9fecture de la C\u00f4te d'Or.\nArticle  5 :Pour  les  exceptions  list\u00e9es  \u00e0  l'article  3,  la  d\u00e9l\u00e9gation,  en  cas  d'absence  ou\nd'emp\u00eachement concomitants de Monsieur Olivier GERSTL\u00c9 et de Monsieur Johann mougenot\nest donn\u00e9e \u00e0 Madame Amelle GHAYOU , sous-pr\u00e9f\u00e8te charg\u00e9e de mission apr\u00e8s du pr\u00e9fet de\nr\u00e9gion Bourgogne-Franche-Comt\u00e9.\nArticle 6  : Le secr\u00e9taire g\u00e9n\u00e9ral de la pr\u00e9fecture de la c\u00f4te d'or, le directeur de cabinet et la\nsous-pr\u00e9f\u00e8te  charg\u00e9e de mission apr\u00e8s du pr\u00e9fet de r\u00e9gion Bourgogne-Franche-Comt\u00e9  sont\ncharg\u00e9s, chacun pour ce qui le concerne, de l'ex\u00e9cution du pr\u00e9sent arr\u00eat\u00e9 qui sera publi\u00e9 au\nrecueil des actes administratifs de la pr\u00e9fecture de la C\u00f4te-d'Or.\nFait \u00e0 Dijon, le 5 juillet 2024\nLe pr\u00e9fet,\nSign\u00e9 :\nFranck ROBINE\n3/3\nPr\u00e9fecture de la C\u00f4te-d'Or - 21-2024-07-05-00001 - Arr\u00eat\u00e9 pr\u00e9fectoral n\u00b0  1109 / SG du  5 juillet 2024 \ndonnant d\u00e9l\u00e9gation de signature \u00e0 Monsieur Olivier GERSTL\u00c9, sous-pr\u00e9fet, directeur de cabinet du pr\u00e9fet de la r\u00e9gion\nBourgogne-Franche-Comt\u00e9,\npr\u00e9fet de la C\u00f4te-d'Or\n26\nSous-pr\u00e9fecture de Beaune\n21-2024-06-27-00005\nArr\u00eat\u00e9 pr\u00e9fectoral n\u00b0 1056 portant autorisation\nde la manifestation sportive avec participation\nde v\u00e9hicules terrestres \u00e0 moteur d\u00e9nomm\u00e9e\n\u00ab\u00a0Course de tracteurs-tondeuses\u00a0\u00bb  organis\u00e9e le\n21 juillet 2024 \u00e0 Censerey\nSous-pr\u00e9fecture de Beaune - 21-2024-06-27-00005 - Arr\u00eat\u00e9 pr\u00e9fectoral n\u00b0 1056 portant autorisation de la manifestation sportive avec\nparticipation de v\u00e9hicules terrestres \u00e0 moteur d\u00e9nomm\u00e9e \u00ab\u00a0Course de tracteurs-tondeuses\u00a0\u00bb  organis\u00e9e le 21 juillet 2024 \u00e0 Censerey 27\nEx SOUS-PR\u00c9FECTUREPR\u00c9FET DE BEAUNEDE LAC\u00d4TE-D'ORI.'ibert\u00e9Egalit\u00e9Fraternit\u00e9\nAffaire suivie par C\u00e9cile RAVRY Beaune, le 27 juin 2024T\u00e9l : 03 45 43 80 11 'm\u00e9l : cecile.ravry@cote-dor.gouv.fr\nArr\u00eat\u00e9 pr\u00e9fectoral n\u00b0 1056portant autorisation de la manifestation sportiveavec participation de v\u00e9hicules terrestres \u00e0 moteurd\u00e9nomm\u00e9e \u00ab Course de tracteurs-tondeuses \u00bborganis\u00e9e le 21 juillet 2024 \u00e0 Censerey\nLe sous-pr\u00e9fet de Beaune\nVU le code de la route, notamment ses articles R. 411-5 et R. 411-10;VU le code du sport, notamment ses articles L. 331-1 \u00e0 L. 331-12, L. 332-1 \u00e0 L. 332-21, R. 331-18 \u00e0 R. 331-45-1, A. 331-16 \u00e0 A. 331-23 et A. 331-32 ;VU le code de l'environnement, notamment ses articles R. 414-19 \u00e0 R. 414-26 ;VU le d\u00e9cret n\u00b0 2010-365du 9 avril 2010 relatif \u00e0 l'\u00e9valuation des incidences Natura 2000;VU l'arr\u00eat\u00e9 pr\u00e9fectoral n\u00b0 150/SG du 18 janvier 2024 donnant d\u00e9l\u00e9gation de signature \u00e0 M.Benoit BYRSKI, sous-pr\u00e9fet de Beaune ;VU les r\u00e8gles techniques et de s\u00e9curit\u00e9 \u00e9dict\u00e9es parla f\u00e9d\u00e9ration fran\u00e7aise de sportautomobile, en application de l'article R331-19 du Code du sport, notamment l'annexeI11-22 qui encadre les courses de tracteurs ;VU la demande re\u00e7ue le 18 mars 2024 en sous-pr\u00e9fecture de Beaune (et amend\u00e9e le 7 avril2024) adress\u00e9e par Monsieur Samuel ROUSSEL aux fins d'obtenir l'autorisation d'organiserune manifestation sportive dvec comp\u00e9tition comportant la pr\u00e9sence de v\u00e9hiculesterrestres \u00e0 moteur d\u00e9nomm\u00e9e \u00abCourse de tracteurs-tondeuses\u00bb le dimanche 21 juillet2024, au lieu-dit \u00ab les Mol\u00e8res \u00bb \u00e0 Censerey;\nSous-pr\u00e9fecture de Beaune - 21-2024-06-27-00005 - Arr\u00eat\u00e9 pr\u00e9fectoral n\u00b0 1056 portant autorisation de la manifestation sportive avec\nparticipation de v\u00e9hicules terrestres \u00e0 moteur d\u00e9nomm\u00e9e \u00ab\u00a0Course de tracteurs-tondeuses\u00a0\u00bb  organis\u00e9e le 21 juillet 2024 \u00e0 Censerey 28\nVU l'autorisation accord\u00e9e par Mme le maire de Censerey en date du 21 mars 2024 aupr\u00e9sident de \u00abl'association Loisirs Culture de Censerey (ALCC) \u00bb aux fins d'organiser samanifestation sportive sur le territoire de sa commune;VU la convention du 21 juin 2024 relative \u00e0 la mise en place d'un dispositif pr\u00e9visionnel desecours (DPS) conclues entre Monsieur Sam ROUSSEL et l'association agr\u00e9\u00e9e DP4SSecours;VU l'attestation de police d'assurance d\u00e9livr\u00e9e le 26 juin 2024 par AXA garantissant laresponsabilit\u00e9 civile de 'ALCC pour l'\u00e9preuve sus-vis\u00e9e ;VU le r\u00e8glement de la manifestation re\u00e7u le 18 mars 2024;VU l'avis favorable du conseil d\u00e9partemental de la C\u00f4te-d'Or en date du 10 avril 2024 ;VU l'avis favorable de la commission d\u00e9partementale de s\u00e9curit\u00e9 routi\u00e8re - sectionsp\u00e9cialis\u00e9e \"\u00e9preuves et comp\u00e9titions sportives\" lors de sa r\u00e9union en salle du 30 avril2024;CONSIDERANT que le dossier est complet ;CONSID\u00c9RANT que la commission d\u00e9partementale de la s\u00e9curit\u00e9 routi\u00e8re a \u00e9mis un avisfavorable lors de sa r\u00e9union en salle du 30 avril 2024;\nARRETE :\nArticle Ter: Monsieur Samuel ROUSSEL est autoris\u00e9 \u00e0 organiser une manifestation sportiveavec participation de v\u00e9hicules terrestres \u00e0 moteur d\u00e9nomm\u00e9e \"Course de tracteurs-tondeuses \", le dimanche 21 juillet 2024, \u00e0 Censerey au lieu-dit \u00ab Les Mol\u00e8res \u00bb,conform\u00e9ment au trac\u00e9 annex\u00e9 au- pr\u00e9sent arr\u00e9t\u00e9 et aux modalit\u00e9s expos\u00e9es dans lademande et le r\u00e8glement.Article 2 : En application de l'article R 331-37 du code du sport, la pr\u00e9sente autorisationvaut homologation du circuit non permanent sur laquelle se d\u00e9roule la manifestationpr\u00e9cit\u00e9e et pour la seule dur\u00e9ede celle-ci.Article 3: Le nombre de v\u00e9hicules pr\u00e9vus est de 12 maximum simultan\u00e9ment.Article 4 : L'organisateur est tenu de respecter les dispositions de l'annexe IIIl-22 du codedu sport (annex\u00e9 au pr\u00e9sent arr\u00eat\u00e9) relative aux manifestations de v\u00e9hicules terrestres \u00e0moteur dans lesquelles la vitesse est I'un des \u00e9l\u00e9ments essentiels du classement,et qui nesont pas incluses dans les disciplines faisant l'objet d'une d\u00e9l\u00e9gation attribu\u00e9e par leminist\u00e8re charg\u00e9 des sports \u00e0 la f\u00e9d\u00e9ration fran\u00e7aise du sport automobile ou \u00e0 laf\u00e9d\u00e9ration fran\u00e7aise de motocyclisme.Article 5: L'organisateur est tenu de respecter les dispositions des articles R1336.4 \u00e0R1336.11 du code de la sant\u00e9 publique relatif \u00e0 la lutte contre les bruits de voisinage.\nSous-pr\u00e9fecture de Beaune - 21-2024-06-27-00005 - Arr\u00eat\u00e9 pr\u00e9fectoral n\u00b0 1056 portant autorisation de la manifestation sportive avec\nparticipation de v\u00e9hicules terrestres \u00e0 moteur d\u00e9nomm\u00e9e \u00ab\u00a0Course de tracteurs-tondeuses\u00a0\u00bb  organis\u00e9e le 21 juillet 2024 \u00e0 Censerey 29\nArticle 6: La pr\u00e9sente autorisation est accord\u00e9e sous r\u00e9serve que l'organisateur prenne \u00e0sa charge les frais n\u00e9cessit\u00e9s par la mise en place des dispositifs destin\u00e9s au maintien de las\u00e9curit\u00e9 \u00e0 l'occasion du d\u00e9roulement de l'\u00e9preuve et assure la r\u00e9paration des dommages,d\u00e9gradations, modifications de toutes sortes de la voie publique ou de ses d\u00e9pendances,imputables aux concurrents, aux organisateurs ou \u00e0 leurs pr\u00e9pos\u00e9s.Article 7 : En aucun cas la responsabilit\u00e9 de l'Etat et des communes ne pourra \u00eatreengag\u00e9e et aucun recours ne pourra \u00e9ventuellement \u00eatre exerc\u00e9 contre eux.Article 8 : La Fr\u00e9sente autorisation peut \u00eatre suspendue ou rapport\u00e9e \u00e0 tout moment s'ilappara\u00eet que les conditions de s\u00e9curit\u00e9 ne se trouvent plus r\u00e9unies ou que l'organisateur,malgr\u00e9 la mise en demeure qui lui en est faite par l'autorit\u00e9 administrative, ne respecteplus ou ne fait plus respecter par les participants et les spectateurs les dispositionspr\u00e9vues par le r\u00e8glement particulier de la manifestation en vue d'assurer leur protection.Article 9 : Il n'y a aucune zone de contact entre le public et les v\u00e9hicules des participantsavec moteur allum\u00e9. D'une mani\u00e8re g\u00e9n\u00e9rale, la zone du public doit \u00eatre dispos\u00e9e ets\u00e9curis\u00e9e de telle mani\u00e8re que le public soit toujours en s\u00e9curit\u00e9, m\u00eame si un engin sortaitde piste. Les distances de s\u00e9curit\u00e9 entre la zone public et la piste doivent \u00eatre respect\u00e9esArticle 10: L'organisateur doit assurer et garantir l'acc\u00e8s et une circulation ais\u00e9e pour lesengins de secours et de lutte contre l'incendie. |En cas d'accident entra\u00eenant le sauvetageou l'\u00e9vacuation de personnes, l'organisateur doitpr\u00e9venir les sapeurs-pompiers qui interviennent par appel au 18 ou au 112.Article 11: Les entretiens et vidanges des v\u00e9hicules motoris\u00e9s doivent \u00eatre r\u00e9alis\u00e9s dans dessites \u00e9tanches afin d'\u00e9viter tout risque de pollution des sols et des eaux. Le stockage decarburant et la maintenance des engins et v\u00e9hicules sur place sont r\u00e9alis\u00e9s dans un site\u00e9tanche. Les stockages de produits dommageables pour l'environnement doivent \u00eatres\u00e9curis\u00e9s.Article 12: Avant la manifestation, les organisateurs doivent interroger M\u00e9t\u00e9o France(notamment par le biais du r\u00e9pondeur t\u00e9l\u00e9phonique : 08.99.71.02.21 ou par internet :www.meteofrance.com) afin de conna\u00eetre la couleur de la carte de vigilance m\u00e9t\u00e9o etprendre toute mesure adapt\u00e9e. Dans l'hypoth\u00e8se d'une carte oran%e ou rouge, il leurappartient de prendre les dispositions qui s'imposent (voire d'annuler la manifestation) etd'informer l'autorit\u00e9 municipale.Article 13 : L'organisateur technique d\u00e9sign\u00e9 doit attester (attestation jointe) quel'ensemble des mesures sont prises conform\u00e9ment aux prescriptions contenues dansl'arr\u00eat\u00e9 pr\u00e9fectoral d'autorisation de l'\u00e9preuve. L'organisateur technique est charg\u00e9 dev\u00e9rifier et d'exiger, avant le commencement de la manifestation, que l'ensemble desconditions mises \u00e0 l'octroi de la pr\u00e9sente autorisation est effectivement respect\u00e9 etd'interdire la manifestation si ces conditions ne sont pas remplies.L'attestation ci-jointe devra \u00eatre transmise imm\u00e9diatement \u00e0 la sous-pr\u00e9fecture de Beaunepar courriel \u00e0 sp-beaune@cote-dor.gouv.frArticle 14: La commission d\u00e9partementale de s\u00e9curit\u00e9 routi\u00e8re (CDSR) de la C\u00f4te-d'Oreffectuera une visite sur site le vendredi 19 juillet 2024, \u00e0 10h00.\nSous-pr\u00e9fecture de Beaune - 21-2024-06-27-00005 - Arr\u00eat\u00e9 pr\u00e9fectoral n\u00b0 1056 portant autorisation de la manifestation sportive avec\nparticipation de v\u00e9hicules terrestres \u00e0 moteur d\u00e9nomm\u00e9e \u00ab\u00a0Course de tracteurs-tondeuses\u00a0\u00bb  organis\u00e9e le 21 juillet 2024 \u00e0 Censerey 30\n4Article 15 : Le sous-pr\u00e9fet de l'arrondissement de Beaune, le pr\u00e9sident du conseild\u00e9partemental de la C\u00f4te-d'Or, le maire de Censerey, le directeur d\u00e9partemental desservices d'incendie et de secours, le directeur des services d\u00e9partementaux de l'\u00e9ducationnationale, la directrice d\u00e9partementale des territoires, le chef d'escadron, commandant lacompagnie de gendarmerie d\u00e9 Montbard, sont charg\u00e9s, chacun en ce qui le concerne, del'ex\u00e9cution du pr\u00e9sent arr\u00eat\u00e9 dont copie sera adress\u00e9e aux repr\u00e9sentants d\u00e9partementauxde la f\u00e9d\u00e9ration fran\u00e7aise de sport automobile et \u00e0 l'organisateur.Le pr\u00e9sent arr\u00eat\u00e9 sera publi\u00e9 au recueil des actes administratifs de la pr\u00e9fecture de laC\u00f4te-d'Or.\nLe sous-pr\u00e9fet de Beaune,sign\u00e9\nBeno\u00eet BYRSKI\nANNEXES :- plan du site,- annexe |l|-22\nSous-pr\u00e9fecture de Beaune - 21-2024-06-27-00005 - Arr\u00eat\u00e9 pr\u00e9fectoral n\u00b0 1056 portant autorisation de la manifestation sportive avec\nparticipation de v\u00e9hicules terrestres \u00e0 moteur d\u00e9nomm\u00e9e \u00ab\u00a0Course de tracteurs-tondeuses\u00a0\u00bb  organis\u00e9e le 21 juillet 2024 \u00e0 Censerey 31\nPlan de masse\n\u00cf:.\u00cf Zone de course non accessible au public== Barri\u00e8res de police (m\u00e9talliques) # rubalise ou haie naturellePiste : longueur 250m, largeur 4m minimum.CO Pneus (ayant pour fonction d'arr\u00eater un v\u00e9hicule quittant la piste)( Stands m\u00e9caniques[I Bottes de paille (protection du public)Buvette et coin repas/snack[} Secouristes '<\u2014> Voie d'acc\u00e8s | D : directeur de course\nC=* Zone r\u00e9serv\u00e9e.au publicExtincteur\nC : commissaire de course\nSous-pr\u00e9fecture de Beaune - 21-2024-06-27-00005 - Arr\u00eat\u00e9 pr\u00e9fectoral n\u00b0 1056 portant autorisation de la manifestation sportive avec\nparticipation de v\u00e9hicules terrestres \u00e0 moteur d\u00e9nomm\u00e9e \u00ab\u00a0Course de tracteurs-tondeuses\u00a0\u00bb  organis\u00e9e le 21 juillet 2024 \u00e0 Censerey 32","date":"2024-07-05","first_seen_on":"2025-09-14T13:30:02+00:00","id":"ddbef130e462d7f8de65f00a80114308d3ad5a4a46c343f9461c71629da9dfb0","name":"RAA n\u00b0 080 du 05 juillet 2024","pdf_creation_date":"2024-07-05T10:25:47+00:00","pdf_modification_date":null,"timezone":"Europe/Paris","url":"https://www.cote-dor.gouv.fr/contenu/telechargement/21738/166536/file/recueil-21-2024-080-recueil-des-actes-administratifs.pdf"}
