{"administration":"pref69","administration_name":"Pr\u00e9fecture du Rh\u00f4ne","content":"PR\u00c9F\u00c8TE\nDU RH\u00d4NE\nRECUEIL DES ACTES\nADMINISTRATIFS SP\u00c9CIAL\nN\u00b069-2025-237\nPUBLI\u00c9 LE 19 SEPTEMBRE 2025\nSommaire\n69_Centre Hospitalier Vinatier /\n69-2025-07-24-00018 - 2025-135 D\u00e9l\u00e9gation signature Equipe Direction\n(3 pages) Page 5\n69_DDT_Direction d\u00e9partementale des territoires du Rh\u00f4ne /\n69-2025-09-15-00015 - Arr\u00eat\u00e9 pr\u00e9fectoral n\u00b0 DDT - 2025-A62 du 15\nseptembre 2025\nportant d\u00e9signation des membres de la formation\nsp\u00e9cialis\u00e9e en mati\u00e8re de\nd\u00e9g\u00e2ts aux cultures de la commission\nd\u00e9partementale de la chasse et de\nla faune sauvage dans le\nd\u00e9partement du Rh\u00f4ne et de la M\u00e9tropole de Lyon (3 pages) Page 9\n69-2025-09-15-00017 - Arr\u00eat\u00e9 pr\u00e9fectoral n\u00b0 DDT - 2025-A63 du 15\nseptembre 2025\nportant renouvellement de la Commission\nd\u00e9partementale de la chasse\net de la faune sauvage dans le\nd\u00e9partement du Rh\u00f4ne\nformation esp\u00e8ces susceptibles\nd'occasionner des d\u00e9g\u00e2ts (3 pages) Page 13\n69-2025-09-05-00006 - Arr\u00eat\u00e9 pr\u00e9fectoral n\u00b0 DDT - SENR-2025 E 142\ndu 5 septembre 2025\nportant d\u00e9rogation aux dispositions de\nl'article L.411-1 du code de l'environnement pour\ndestruction et\nperturbation intentionnelle de sp\u00e9cimens d'esp\u00e8ces animales\nprot\u00e9g\u00e9es,\ndestruction, alt\u00e9ration ou d\u00e9gradation de sites de\nreproduction ou d'aires de repos\nd'esp\u00e8ces animales\nprot\u00e9g\u00e9es,\ncoupe, arrachage, cueillette ou enl\u00e8vement de\nsp\u00e9cimens d'esp\u00e8ces v\u00e9g\u00e9tales prot\u00e9g\u00e9es,\nB\u00e9n\u00e9ficiaire\n: M\u00c9TROPOLE DE LYON\ndans le cadre du projet de mise en oeuvre du\nplan de gestion du Parc de Lacroix-Laval\nsur les communes de\nMarcy-l'\u00c9toile, de Charbonni\u00e8res-les-Bains et de La Tour-de-Salvagny\n(69) (21 pages) Page 17\n69-2025-09-15-00016 - Arr\u00eat\u00e9 pr\u00e9fectoral n\u00b0DDT-2025-A98 du 15\nseptembre 2025\nportant composition de la formation pl\u00e9ni\u00e8re de la\ncommission d\u00e9partementale\nde la chasse et de la faune sauvage dans le\nd\u00e9partement du Rh\u00f4ne et de la M\u00e9tropole de Lyon (5 pages) Page 39\n69-2025-09-18-00001 - Arr\u00eat\u00e9 pr\u00e9fectoral n\u00b0DDT-SENR-A130 du 18\nseptembre 2025\nautorisant la coupe de bois sur la commune de\nDeux-Grosnes\npr\u00e9sent\u00e9e par Olivier BAUDRY (2 pages) Page 45\n69-2025-09-05-00007 - Direction r\u00e9gionale de l'environnement,\nde\nl'am\u00e9nagement et du logement\nAuvergne-Rh\u00f4ne-Alpes\nArr\u00eat\u00e9\npr\u00e9fectoral n\u00b0 DDT - SENR_2025 E 141 du 5 septembre 2025\nportant\nd\u00e9rogation aux dispositions de l'article L.411-1 du code de\nl'environnement pour\ndestruction et perturbation intentionnelle de\nsp\u00e9cimens d'esp\u00e8ces animales prot\u00e9g\u00e9es,\ndestruction,\nalt\u00e9ration ou d\u00e9gradation de sites de reproduction ou d'aires de\nrepos\nd'esp\u00e8ces animales prot\u00e9g\u00e9es,\nB\u00e9n\u00e9ficiaire :\nM\u00c9TROPOLE DE LYON\ndans le cadre du projet de mise en oeuvre du\nplan de gestion du Parc de Parilly\nsur les communes de Bron et de\nV\u00e9nissieux (69) (17 pages) Page 48\n2\n69_Pr\u00e9f_Pr\u00e9fecture du Rh\u00f4ne / Direction des affaires juridiques et de\nl'administration locale\n69-2025-09-18-00006 -  habilitation dans le domaine fun\u00e9raire : Sas\nPOMPES FUN\u00c8BRES SAINT-ARNAUD situ\u00e9 2 place Hirschberg 69530\nBrignais (2 pages) Page 66\n69-2025-09-18-00003 - AP modifiant l'arr\u00eat\u00e9 pr\u00e9fectoral n\u00b0\n69-2025-08-27-00003 du 27 ao\u00fbt 2025 instituant la commission\nd'organisation de l'\u00e9lection annuelle des juges consulaires\ndu\ntribunal des activit\u00e9s \u00e9conomiques de Lyon et du tribunal de\ncommerce de Villefranche-Tarare des 8 octobre et 22 octobre 2025 (2\npages) Page 69\n69-2025-09-18-00009 - Arr\u00eat\u00e9 abrogeant l'arr\u00eat\u00e9\nn\u00b0\u00a069-2021-02-27-008 du 27 f\u00e9vrier 2021 portant habilitation dans le\ndomaine fun\u00e9raire : Sarl POMPES FUNEBRES JOUBERT situ\u00e9 2 place\nHirsberg 69530 Brignais, dont le nom commercial est \u00ab\u00a0POMPES\nFUNEBRES DE L'OUEST LYONNAIS\u00a0\u00bb (2 pages) Page 72\n69-2025-09-18-00008 - Habilitation dans le domaine fun\u00e9raire : Sas OGF\nsitu\u00e9 3 avenue Burano Di Molgora 69360 Saint-Symphorien-d'Ozon (2\npages) Page 75\n69-2025-09-18-00005 - habilitation dans le domaine fun\u00e9raire : Sas\nPOMPES FUN\u00c8BRES SAINT-ARNAUD situ\u00e9 157 avenue Barth\u00e9l\u00e9my\nBuyer 69005 Lyon (2 pages) Page 78\n69-2025-09-18-00004 - habilitation dans le domaine fun\u00e9raire : Sas\nPOMPES FUN\u00c8BRES SAINT-ARNAUD situ\u00e9 35 rue Hector Berlioz 69009\nLyon (2 pages) Page 81\n69-2025-09-18-00007 - habilitation dans le domaine fun\u00e9raire : SASU\n\u00ab\u00a0Pompes Fun\u00e8bres Marie\u00a0\u00bb situ\u00e9 au 2680 route des Ch\u00e8res,\n69480 Moranc\u00e9 (2 pages) Page 84\n69_Pr\u00e9f_Pr\u00e9fecture du Rh\u00f4ne / Pr\u00e9fet d\u00e9l\u00e9gu\u00e9 pour la\nd\u00e9fense et la s\u00e9curit\u00e9\n69-2025-09-17-00002 - ARR\u00caT\u00c9 n\u00b02025 - 09 - 17 -\n0001\nautorisant la captation, l'enregistrement et la\ntransmission\nd'images au moyen de cam\u00e9ras install\u00e9es sur un\na\u00e9ronef le jeudi 18 septembre 2025 \u00e0 Lyon (4 pages) Page 87\n69-2025-09-17-00003 - ARR\u00caT\u00c9 n\u00b02025 - 09 - 17 -\n0002\nautorisant la captation, l'enregistrement et la\ntransmission\nd'images au moyen de cam\u00e9ras install\u00e9es sur un\na\u00e9ronef le jeudi 18 et le vendredi 19 septembre 2025 \u00e0 Lyon (4 pages) Page 92\n69-2025-09-19-00005 - ARR\u00caT\u00c9 n\u00b02025 - 09 - 19 -\n0001\nautorisant la captation, l'enregistrement et la\ntransmission\nd'images au moyen de cam\u00e9ras install\u00e9es sur un\na\u00e9ronef le samedi 20 septembre 2025 de 15h00 \u00e0 21h00 \u00e0\nSathonay-Camp et \u00e0 Fontaines-sur-Sa\u00f4ne. (4 pages) Page 97\n3\n69-2025-09-19-00006 - ARR\u00caT\u00c9 n\u00b02025 - 09 - 19 -\n0002\nautorisant la captation, l'enregistrement et la\ntransmission\nd'images au moyen de cam\u00e9ras install\u00e9es sur un\na\u00e9ronef le dimanche 21 septembre 2025 de 15h00 \u00e0 21h00 \u00e0\nSathonay-Camp et \u00e0 Fontaines-sur-Sa\u00f4ne. (4 pages) Page 102\n84_ARS_Agence R\u00e9gionale de Sant\u00e9 Auvergne-Rh\u00f4ne-Alpes /\n69-2025-09-18-00002 - 20250918 arr\u00eat\u00e9 modificatif garde\nd\u00e9partementale raa (2 pages) Page 107\n69-2025-09-15-00012 - Arr\u00eat\u00e9 r\u00e9quisition pharmacies gr\u00e8ve 18\nseptembre 2025 (4 pages) Page 110\n4\n69_Centre Hospitalier Vinatier\n69-2025-07-24-00018\n2025-135 D\u00e9l\u00e9gation signature Equipe Direction\n69_Centre Hospitalier Vinatier - 69-2025-07-24-00018 - 2025-135 D\u00e9l\u00e9gation signature Equipe Direction 5\nCENTRE HOSPITALIER LE VINATIER Objet : D\u00e9cision portantLE VI NATIER 95, Boulevard Pine! - BP 300 39 - 69678 BRON Cedex | | omination et d\u00e9l\u00e9gation deA SignaturePSYCHIATRIE UNIVERSITAIRE T\u00e9l : 04 81 92 56 10 Num\u00e9ro d\u00e9cision : 2025-135LYON M\u00c9TROPOLE Fax : 04 81 92 56 12SIREN : 266.900.083 SIRET: 266.900.083.000.12\nDECISION N\u00b0 2025 \u2014 135PORTANT DELEGATION DE SIGNATURE\nLe Directeur du Centre Hospitalier le Vinatier,Vu la loi n\u00b0 2009-879 du 21 juillet 2009 portant r\u00e9forme de l'h\u00f4pital et relative aux patients, \u00e0 la sant\u00e9et aux territoires, en particulier l'article 10-1,Vu le d\u00e9cret n\u00b0 2009-1765 du 30 d\u00e9cembre 2009 relatif au directeur et aux membres du directoire des\u00e9tablissements publics de sant\u00e9,Vu l'arr\u00eat\u00e9 2017-269 du 02 ao\u00fbt 2017 du Centre National de Gestion, portant nomination du Directeurdu Centre Hospitalier Le Vinatier,Vu le proc\u00e8s-verbal d'installation \u00e0 ses fonctions de Monsieur Pascal MARIOTTI, en date du 18septembre 2017,Vu l'organigramme de Direction du Centre Hospitalier Le Vinatier,Vu la loi n\u00b0 2011-803 du 5 juillet 2011 relative aux droits et \u00e0 la protection des personnes faisant l'objetde soins psychiatriques et aux modalit\u00e9s de leur prise en charge.Vu la loi n\u00b0 2013-869 du 27 septembre 2013 modifiant certaines dispositions issues de la loi n\u00b0 2011-803 du 5 juillet 2011 mentionn\u00e9e ci-dessus.DECIDEARTICLE 1 : DELEGATAIRESD\u00e9l\u00e9gation de signature des actes \u00e9num\u00e9r\u00e9s \u00e0 l'article 2 ci-dessous est donn\u00e9e \u00e0 :S\u00e9bastien BARTHELEMY Directeur des syst\u00e8mes d'informationLaurent BEAUMONT Directeur qualit\u00e9 et gestion des risquesPiero CHIERICI Directeur de la politique g\u00e9n\u00e9raleNicole DAUVERGNE Directrice IFSI et GCS IFCS TL SiteDelphine DANNECKER Directrice de la Communication et du M\u00e9c\u00e9natPierre-Hubert DUCHARME Directeur des SoinsDelphine JACQUES Directrice des relations avec les usagersEstelle LUCAS-PELISSON Directrice des affaires financi\u00e9resCarine MAILLET Directrice des Ressources Humaines et des Affaires M\u00e9dicalesM\u00e9lie MICHEL Directrice du P\u00f4le Achat et Ing\u00e9nierieCindy PAGES Directrice de la strat\u00e9gie m\u00e9dicale, de l'offre de soins et de la rechercheIris PASSY Directrice des Ressources Humaines AdjointeClaire THEBAULT-JEAN Directrice du service social\nCENTRE HOSPITALIER LE VINATIER 95 Boulevard Pinel - 69678 BRON CEDEX page 1 sur3\n69_Centre Hospitalier Vinatier - 69-2025-07-24-00018 - 2025-135 D\u00e9l\u00e9gation signature Equipe Direction 6\nCENTRE HOSPITALIER LE VINATIER Objet : D\u00e9cision portantLE VI N ATI ER 95, Boulevard Pine! - BP 300 39 - 69678 BRON Cedex | J omination et d\u00e9l\u00e9gation de. SignaturePSYCHIATRIE UNIVERSITAIRE T\u00e9l : 04 81 92 56 10 Num\u00e9ro d\u00e9cision : 2025-135LYON M\u00c9TROPOLE Fax : 04 81 92 56 12SIREN : 266.900.083 SIRET : 266.900.083.000.12\nARTICLE 2 : NATURE DES ACTES DELEGUESSont d\u00e9l\u00e9gu\u00e9s :- l'ensemble des actes de nature \u00e0 assurer la continuit\u00e9 de l'accueil et de la prise en charge des patientset r\u00e9sidents, notamment toutes d\u00e9cisions, saisines du juge des libert\u00e9s et de la d\u00e9tention, actes etcourriers relatifs \u00e0 l'admission, au s\u00e9jour et \u00e0 la sortie des patients, quel que soit leur mode de priseen charge, en application des dispositions du Code de la Sant\u00e9 Publique.- l'ensemble des actes de nature \u00e0 assurer le bon fonctionnement de l'\u00e9tablissement, la s\u00e9curit\u00e9 desbiens et des personnes \u00e0 l'int\u00e9rieur de l'\u00e9tablissement et de ses structures ext\u00e9rieures, dans le cadrede l'astreinte de direction conform\u00e9ment au planning d'astreinte de direction, ou dans celui duremplacement du directeur durant ses absences ou cong\u00e9s sur d\u00e9signation expresse.\nARTICLE 3 : CONDITIONS PARTICULIERES OU RESERVES ASSORTIES A LA DELEGATIONLa pr\u00e9sente d\u00e9l\u00e9gation porte exclusivement sur les d\u00e9cisions et actes conservatoires ou urgents devantimp\u00e9rativement \u00eatre pris en dehors des heures d'ouverture des bureaux de l'administration del'\u00e9tablissement ou en l'absence du chef d'\u00e9tablissement.ARTICLE 4 : DUREE DE LA DELEGATIONLa pr\u00e9sente d\u00e9l\u00e9gation est \u00e9tablie \u00e0 titre permanent.Elle abroge et remplace la d\u00e9cision 2024-169 du 29 novembre 2024.ARTICLE 5 : PUBLICITELa pr\u00e9sente d\u00e9l\u00e9gation de signature sera transmise au d\u00e9l\u00e9gataire et aux subd\u00e9l\u00e9gataires.Elle sera publi\u00e9e au recueil des actes administratifs de la pr\u00e9fecture du Rh\u00f4ne.Dans les deux mois suivant sa notification ou sa publication, la pr\u00e9sente d\u00e9cision peut faire l'objetd'un recours gracieux devant le Directeur du Centre Hospitalier ou d'un recours contentieux devantle Tribunal administratif comp\u00e9tent.\nA Bron, le 24 juillet 2025\nPascal MARIOTTI\nCENTRE HOSPITALIER LE VINATIER 95 Boulevard Pinel - 69678 BRON CEDEX page 2 sur 3\n69_Centre Hospitalier Vinatier - 69-2025-07-24-00018 - 2025-135 D\u00e9l\u00e9gation signature Equipe Direction 7\nCENTRE HOSPITALIER LE VINATIER Objet : D\u00e9cision portantLE VI NATI ER 95, Boulevard Pinel - BP 300 39 - 69678 BRON Cedex nomination et d\u00e9l\u00e9gation deDirection G\u00e9n\u00e9rale SignaturePSYCHIATRIE UNIVERSITAIRE Tel: Of et 22 36 10 Num\u00e9ro d\u00e9cision : 2025-135LYON M\u00c9TROPOLE Fax : 04 81 92 56 12SIREN : 266.900.083 SIRET : 266.900.083.000,12\nSignatures des d\u00e9l\u00e9gataires valant acceptation et recueil de sp\u00e9cimen de signature :\nbro CHIERICne  Iris PASSY\nLupueJACQUES Carine Nicolems,\nLaurent BEAUM ICHEL Dbuauur,DANNECKER\nOa Deptusldouus,,Pierre-Hubert DUCHARME Estelle LUCAS-PELISSON\nCENTRE HOSPITALIER LE VINATIER 95 Boulevard Pinel - 69678 BRON CEDEX page 3 sur3\n69_Centre Hospitalier Vinatier - 69-2025-07-24-00018 - 2025-135 D\u00e9l\u00e9gation signature Equipe Direction 8\n69_DDT_Direction d\u00e9partementale des\nterritoires du Rh\u00f4ne\n69-2025-09-15-00015\nArr\u00eat\u00e9 pr\u00e9fectoral n\u00b0 DDT - 2025-A62 du 15\nseptembre 2025\nportant d\u00e9signation des membres de la\nformation sp\u00e9cialis\u00e9e en mati\u00e8re de\nd\u00e9g\u00e2ts aux cultures de la commission\nd\u00e9partementale de la chasse et de\nla faune sauvage dans le d\u00e9partement du Rh\u00f4ne\net de la M\u00e9tropole de Lyon\n69_DDT_Direction d\u00e9partementale des territoires du Rh\u00f4ne - 69-2025-09-15-00015 - Arr\u00eat\u00e9 pr\u00e9fectoral n\u00b0 DDT - 2025-A62 du 15\nseptembre 2025\nportant d\u00e9signation des membres de la formation sp\u00e9cialis\u00e9e en mati\u00e8re de\nd\u00e9g\u00e2ts aux cultures de la commission d\u00e9partementale de la chasse et de\nla faune sauvage dans le d\u00e9partement du Rh\u00f4ne et de la M\u00e9tropole de Lyon\n9\nesPREFETEDU RHONELibert\u00e9Egalit\u00e9Fraternit\u00e9\nDirection d\u00e9partementale\ndes territoires\nArr\u00eat\u00e9 pr\u00e9fectoral n\u00b0 DDT - 2025-A62 du 15 septembre 2025\nportant d\u00e9signation des membres de la formation sp\u00e9cialis\u00e9e en mati\u00e8re de\nd\u00e9g\u00e2ts aux cultures de la commission d\u00e9partementale de la chasse et de \nla faune sauvage dans le d\u00e9partement du Rh\u00f4ne et de la M\u00e9tropole de Lyon\nLe Pr\u00e9fet de la R\u00e9gion Auvergne-Rh\u00f4ne-Alpes,\nPr\u00e9fet de la Zone de d\u00e9fense et de s\u00e9curit\u00e9 sud-est,\nPr\u00e9fet du Rh\u00f4ne,\nCommandeur de la L\u00e9gion d'honneur,\nCommandeur de l'ordre national du M\u00e9rite,\nVU le code de l'environnement, notamment les articles, L.  426-5, R.  421-29 \u00e0 R.  421-32 relatifs \u00e0 la  \ncommission d\u00e9partementale de la chasse et de la faune sauvage,\nVU\u00a0le  code  des  relations  entre  le  public  et  l'administration,  et  notamment  les  articles  R. 133-1  et \nsuivants,\nVU\u00a0le d\u00e9cret n\u00b0  2006-665 du 7 juin 2006 relatif \u00e0 la r\u00e9duction du nombre et \u00e0 la simplification de la  \ncomposition de diverses commissions administratives et notamment ses articles 8 et 9,\nVU\u00a0 le d\u00e9cret du 11 janvier 2023 en conseil des ministres portant nomination de Mme Fabienne BUCCIO \nen qualit\u00e9 de pr\u00e9f\u00e8te de la r\u00e9gion Auvergne-Rh\u00f4ne-Alpes, pr\u00e9f\u00e8te de la zone de d\u00e9fense et de s\u00e9curit\u00e9  \nSud-Est, pr\u00e9f\u00e8te du Rh\u00f4ne,\nVU\u00a0le d\u00e9cret du 15 mai 2025 portant nomination de M. Fabrice ROSAY en qualit\u00e9 de pr\u00e9fet, secr\u00e9taire  \ng\u00e9n\u00e9ral de la pr\u00e9fecture du Rh\u00f4ne, pr\u00e9fet d\u00e9l\u00e9gu\u00e9 pour l'\u00e9galit\u00e9 des chances aupr\u00e8s de la pr\u00e9f\u00e8te de la  \nr\u00e9gion Auvergne-Rh\u00f4ne-Alpes, pr\u00e9f\u00e8te de la zone de d\u00e9fense et de s\u00e9curit\u00e9 Sud-Est, pr\u00e9f\u00e8te du Rh\u00f4ne,\nVU\u00a0l'arr\u00eat\u00e9  pr\u00e9fectoral  n\u00b0 69-2025-06-16-00003  du  16  juin  2025  portant  d\u00e9l\u00e9gation  de  signature  \u00e0  \nMonsieur Fabrice ROSAY, pr\u00e9fet secr\u00e9taire g\u00e9n\u00e9ral de la pr\u00e9fecture du Rh\u00f4ne, pr\u00e9fet d\u00e9l\u00e9gu\u00e9 pour  \nl'\u00e9galit\u00e9 des chances,\nVU\u00a0l'arr\u00eat\u00e9 pr\u00e9fectoral n\u00b0 69-2025-09-08-00008 du 8 septembre 2025 portant d\u00e9l\u00e9gation de signature \u00e0 \nM. Xavier CEREZA, directeur d\u00e9partemental des territoires du Rh\u00f4ne,\nVU\u00a0la d\u00e9cision n\u00b0  69-2025-09-11-00001 du 11 septembre 2025 portant subd\u00e9l\u00e9gation de signature en  \nmati\u00e8re d'attributions g\u00e9n\u00e9rales,\nVU\u00a0l'arr\u00eat\u00e9  pr\u00e9fectoral  n\u00b0  DDT-2023-A154  du  18  d\u00e9cembre  2023  por tant  renouvellement   de  la  \ncommission d\u00e9partementale de la chasse et de la faune sauvage dans le d\u00e9partement du Rh\u00f4ne et de  \nla M\u00e9tropole de Lyon formation \u00ab  coordination de la pr\u00e9vention et d'indemnisation des d\u00e9g\u00e2ts de  \ngibier \u00bb,\nVU les d\u00e9signations effectu\u00e9es par les diff\u00e9rentes instances repr\u00e9sent\u00e9es au sein de la commission,\nCONSID\u00c9RANT qu'il convient de renouveler la composition de la formation sp\u00e9cialis\u00e9e en mati\u00e8re de  \nd\u00e9g\u00e2ts aux cultures de la commission d\u00e9partementale de la chasse et de la faune sauvage,\n69_DDT_Direction d\u00e9partementale des territoires du Rh\u00f4ne - 69-2025-09-15-00015 - Arr\u00eat\u00e9 pr\u00e9fectoral n\u00b0 DDT - 2025-A62 du 15\nseptembre 2025\nportant d\u00e9signation des membres de la formation sp\u00e9cialis\u00e9e en mati\u00e8re de\nd\u00e9g\u00e2ts aux cultures de la commission d\u00e9partementale de la chasse et de\nla faune sauvage dans le d\u00e9partement du Rh\u00f4ne et de la M\u00e9tropole de Lyon\n10\nSur proposition du directeur d\u00e9partemental des territoires du Rh\u00f4ne,\nARR\u00caTE\nArticle\u00a01\u00a0:\nL'arr\u00eat\u00e9  pr\u00e9fectoral 2023-A154  du  18  d\u00e9cembre  2023  por tant  renouvellement  de  la  commission  \nd\u00e9partementale de la chasse et de la faune sauvage dans le d\u00e9partement du Rh\u00f4ne et de la  M\u00e9tropole \nde  Lyon  formation  \u00ab coordination  de  la  pr\u00e9vention  et  d'indemnisation  des  d\u00e9g\u00e2ts  de  gibier \u00bb,  est \nabrog\u00e9.\nArticle\u00a02\u00a0:\u00a0\nLa commission d\u00e9partementale de la chasse et de la faune sauvage dans sa formation \u00ab  coordination \nde la pr\u00e9vention et d'indemnisation des d\u00e9g\u00e2ts de gibier \u00bb est renouvel\u00e9e pour une dur\u00e9e de trois ans \u00e0 \ncompter de la date de la signature du pr\u00e9sent arr\u00eat\u00e9.\nArticle\u00a0 \u00a0\u00a0\u00a0\u00a03\u00a0\u00a0\u00a0:\nLa commission d\u00e9partementale de la chasse et de la faune sauvage dans sa formation coordination de  \nla pr\u00e9vention et d'indemnisation des d\u00e9g\u00e2ts de gibier, pr\u00e9sid\u00e9e par la Pr\u00e9f\u00e8te ou son repr\u00e9sentant, est  \nconstitu\u00e9e des membres suivants :\nTrois\u00a0repr\u00e9sentants\u00a0des\u00a0chasseurs\u00a0:\n- Monsieur  le  Pr\u00e9sident  de  la  F\u00e9d\u00e9ration  d\u00e9partementale  des  chasseurs  du  Rh\u00f4ne  et  de  la  \nM\u00e9tropole de Lyon,\n- Monsieur Jean-Michel DORIER, administrateur de la F\u00e9d\u00e9ration d\u00e9partementale des chasseurs du  \nRh\u00f4ne et de la m\u00e9tropole de Lyon,\n- Monsieur Gilbert GIROUD, administrateur de la F\u00e9d\u00e9ration d\u00e9partementale des chasseurs du  \nRh\u00f4ne et de la m\u00e9tropole de Lyon,\nainsi que deux suppl\u00e9ants :\n- Monsieur Jean-Claude MAZET, administrateur de la F\u00e9d\u00e9ration d\u00e9partementale des chasseurs du  \nRh\u00f4ne et de la m\u00e9tropole de Lyon,\n- Monsieur  Jean-Pierre COURSAT,  administrateur de la F\u00e9d\u00e9ration d\u00e9partementale des chasseurs  \ndu Rh\u00f4ne et de la m\u00e9tropole de Lyon.\nTrois\u00a0repr\u00e9sentants\u00a0des\u00a0int\u00e9r\u00eats\u00a0agricoles\u00a0du\u00a0d\u00e9partement\u00a0:\n- Monsieur  le  Pr\u00e9sident  de  la  Chambre  d\u00e9partementale  d'agriculture  du  Rh\u00f4ne,  ou  son  \nrepr\u00e9sentant,\n- Monsieur  Xavier  GONNET,  repr\u00e9sentant  de  la  F\u00e9d\u00e9ration  d\u00e9partementale  des  syndicats  \nd'exploitants agricoles du Rh\u00f4ne,\n- Madame Myl\u00e8ne DAUJAT, membre des Jeunes Agriculteurs du Rh\u00f4ne,\nainsi que trois suppl\u00e9ants :\n- Monsieur PEILLET St\u00e9phane, 1er vice-pr\u00e9sident de la Chambre d'agriculture du Rh\u00f4ne,\n- Monsieur  PORTHIER  Jean-Fran\u00e7ois,  membre  de  la  F\u00e9d\u00e9ration  d\u00e9partementale  des  syndicats  \nd'exploitants agricoles du Rh\u00f4ne,\n2/3\n69_DDT_Direction d\u00e9partementale des territoires du Rh\u00f4ne - 69-2025-09-15-00015 - Arr\u00eat\u00e9 pr\u00e9fectoral n\u00b0 DDT - 2025-A62 du 15\nseptembre 2025\nportant d\u00e9signation des membres de la formation sp\u00e9cialis\u00e9e en mati\u00e8re de\nd\u00e9g\u00e2ts aux cultures de la commission d\u00e9partementale de la chasse et de\nla faune sauvage dans le d\u00e9partement du Rh\u00f4ne et de la M\u00e9tropole de Lyon\n11\n- Monsieur BOUCAUD Pierre-Antoine, membre des Jeunes Agriculteurs.\nTrois\u00a0repr\u00e9sentants\u00a0des\u00a0int\u00e9r\u00eats\u00a0sylvicoles\u00a0priv\u00e9s,\u00a0communaux\u00a0et\u00a0domaniaux\u00a0:\n- Monsieur Guillaume B\u00c9AL, responsable de l'unit\u00e9 territoriale du Rh\u00f4ne de l'Office national des  \nfor\u00eats,\n- Monsieur BOUREUX Christophe, membre de FRANSYLVA Rh\u00f4ne,\n- Monsieur Jacques SERVAN, membre de FRANSYLVA Rh\u00f4ne,\nainsi qu'un suppl\u00e9ant :\n- Monsieur Bruno DE BROSSE, pr\u00e9sident de FRANSYLVA Rh\u00f4ne.\nArticle\u00a04\u00a0:\u00a0\nChaque membre peut donner un mandat \u00e0 un membre de la m\u00eame formation de la commission  \nd\u00e9partementale de la chasse et de la faune sauvage, \u00e0 condition qu'il appartienne au m\u00eame coll\u00e8ge  \nque le mandant.\nArticle\u00a05\u00a0:\u00a0\nChaque membre peut \u00eatre assist\u00e9, pour un appui technique, par une seule personne. Les personnes  \nainsi entendues ne participent pas au vote.\nArticle\u00a06\u00a0:\nLa commission peut, sur d\u00e9cision de son pr\u00e9sident, entendre toute personne ext\u00e9rieure dont l'audition  \nest de nature \u00e0 \u00e9clairer ses d\u00e9lib\u00e9rations. Les personnes ainsi entendues ne participent pas au vote.\nArticle\u00a07\u00a0:\nToute personne qui d\u00e9missionne, ou perd la qualit\u00e9 en raison de laquelle il a \u00e9t\u00e9 nomm\u00e9, est remplac\u00e9,  \npour la dur\u00e9e du mandat qui reste \u00e0 courir par une personne d\u00e9sign\u00e9e dans les m\u00eames conditions.\nArticle\u00a08\u00a0:\nLe pr\u00e9fet, secr\u00e9taire g\u00e9n\u00e9ral de la pr\u00e9fecture du Rh\u00f4ne, pr\u00e9fet d\u00e9l\u00e9gu\u00e9 pour l'\u00e9galit\u00e9 des chances, le  \ndirecteur d\u00e9partemental des territoires du Rh\u00f4ne sont charg\u00e9s, chacun en ce qui le concerne, de  \nl'ex\u00e9cution du pr\u00e9sent arr\u00eat\u00e9 qui sera publi\u00e9 au recueil des actes administratifs de la pr\u00e9fecture du  \nRh\u00f4ne.\nPour la Pr\u00e9f\u00e8te du Rh\u00f4ne,\nLe Pr\u00e9fet, Secr\u00e9taire g\u00e9n\u00e9ral, Pr\u00e9fet d\u00e9l\u00e9gu\u00e9 pour \nl'\u00e9galit\u00e9 des chances\nsign\u00e9\nFabrice ROSAY\nD\u00e9lais et voies de recours :\nConform\u00e9ment \u00e0 l'article R.421-1 du Code de justice administrative, la pr\u00e9sente d\u00e9cision peut faire l'objet d'un recours \ncontentieux, dans le d\u00e9lai de deux mois \u00e0 compter de sa notification, devant le tribunal administratif de Lyon (184,  \nrue Duguesclin \u2013 69 433 Lyon Cedex 03, ou sur l'application www.telerecours.fr). Elle peut \u00e9galement faire l'objet d'un \nrecours gracieux aupr\u00e8s de Monsieur le Pr\u00e9fet du Rh\u00f4ne. Cette d\u00e9marche interrompt le d\u00e9lai de recours contentieux,  \nce dernier devant \u00eatre introduit dans le d\u00e9lai de deux mois suivant une d\u00e9cision implicite ou explicite de l'autorit\u00e9  \ncomp\u00e9tente (le silence de l'administration pendant un d\u00e9lai de deux mois valant d\u00e9cision implicite de rejet).\n3/3\n69_DDT_Direction d\u00e9partementale des territoires du Rh\u00f4ne - 69-2025-09-15-00015 - Arr\u00eat\u00e9 pr\u00e9fectoral n\u00b0 DDT - 2025-A62 du 15\nseptembre 2025\nportant d\u00e9signation des membres de la formation sp\u00e9cialis\u00e9e en mati\u00e8re de\nd\u00e9g\u00e2ts aux cultures de la commission d\u00e9partementale de la chasse et de\nla faune sauvage dans le d\u00e9partement du Rh\u00f4ne et de la M\u00e9tropole de Lyon\n12\n69_DDT_Direction d\u00e9partementale des\nterritoires du Rh\u00f4ne\n69-2025-09-15-00017\nArr\u00eat\u00e9 pr\u00e9fectoral n\u00b0 DDT - 2025-A63 du 15\nseptembre 2025\nportant renouvellement de la Commission\nd\u00e9partementale de la chasse\net de la faune sauvage dans le d\u00e9partement du\nRh\u00f4ne\nformation esp\u00e8ces susceptibles d'occasionner\ndes d\u00e9g\u00e2ts\n69_DDT_Direction d\u00e9partementale des territoires du Rh\u00f4ne - 69-2025-09-15-00017 - Arr\u00eat\u00e9 pr\u00e9fectoral n\u00b0 DDT - 2025-A63 du 15\nseptembre 2025\nportant renouvellement de la Commission d\u00e9partementale de la chasse\net de la faune sauvage dans le d\u00e9partement du Rh\u00f4ne\nformation esp\u00e8ces susceptibles d'occasionner des d\u00e9g\u00e2ts\n13\nesPREFETEDU RHONELibert\u00e9Egalit\u00e9Fraternit\u00e9\nDirection d\u00e9partementale\ndes territoires\nArr\u00eat\u00e9 pr\u00e9fectoral n\u00b0 DDT - 2025-A63 du 15 septembre 2025\nportant renouvellement de la Commission d\u00e9partementale de la chasse \net de la faune sauvage dans le d\u00e9partement du Rh\u00f4ne\nformation esp\u00e8ces susceptibles d'occasionner des d\u00e9g\u00e2ts\nLa Pr\u00e9f\u00e8te de la R\u00e9gion Auvergne-Rh\u00f4ne-Alpes,\nPr\u00e9f\u00e8te de la Zone de d\u00e9fense et de s\u00e9curit\u00e9 sud-est,\nPr\u00e9f\u00e8te du Rh\u00f4ne,\nCommandeur de la L\u00e9gion d'honneur,\nCommandeur de l'ordre national du M\u00e9rite,\nVU\u00a0le code de l'environnement, notamment les articles, L.  426-5, R.  421-29 \u00e0 R.  421-32 relatifs \u00e0 la  \ncommission d\u00e9partementale de la chasse et de la faune sauvage,\nVU\u00a0le  code  des  relations  entre  le  public  et  l'administration,  et  notamment  les  articles  R. 133-1  et \nsuivants,\nVU\u00a0le d\u00e9cret n\u00b0  2006-665 du 7 juin 2006 relatif \u00e0 la r\u00e9duction du nombre et \u00e0 la simplification de la  \ncomposition de diverses commissions administratives et notamment ses articles 8 et 9,\nVU\u00a0le d\u00e9cret du 11 janvier 2023 en conseil des ministres portant nomination de Mme Fabienne BUCCIO  \nen qualit\u00e9 de pr\u00e9f\u00e8te de la r\u00e9gion Auvergne-Rh\u00f4ne-Alpes, pr\u00e9f\u00e8te de la zone de d\u00e9fense et de s\u00e9curit\u00e9  \nSud-Est, pr\u00e9f\u00e8te du Rh\u00f4ne,\nVU\u00a0le d\u00e9cret du 15 mai 2025 portant nomination de M. Fabrice ROSAY en qualit\u00e9 de pr\u00e9fet, secr\u00e9taire  \ng\u00e9n\u00e9ral de la pr\u00e9fecture du Rh\u00f4ne, pr\u00e9fet d\u00e9l\u00e9gu\u00e9 pour l'\u00e9galit\u00e9 des chances aupr\u00e8s de la pr\u00e9f\u00e8te de la  \nr\u00e9gion Auvergne-Rh\u00f4ne-Alpes, pr\u00e9f\u00e8te de la zone de d\u00e9fense et de s\u00e9curit\u00e9 Sud-Est, pr\u00e9f\u00e8te du Rh\u00f4ne,\nVU\u00a0l'arr\u00eat\u00e9  pr\u00e9fectoral  n\u00b0 69-2025-06-16-00003  du  16  juin  2025  portant  d\u00e9l\u00e9gation  de  signature  \u00e0 \nMonsieur Fabrice ROSAY, pr\u00e9fet secr\u00e9taire g\u00e9n\u00e9ral de la pr\u00e9fecture du Rh\u00f4ne, pr\u00e9fet d\u00e9l\u00e9gu\u00e9 pour  \nl'\u00e9galit\u00e9 des chances,\nVU\u00a0l'arr\u00eat\u00e9 pr\u00e9fectoral n\u00b0 69-2025-09-08-00008 du 8 septembre 2025 portant d\u00e9l\u00e9gation de signature \u00e0 \nM. Xavier CEREZA, directeur d\u00e9partemental des territoires du Rh\u00f4ne,\nVU\u00a0la d\u00e9cision n\u00b0  69-2025-09-11-00001 du 11 septembre 2025 portant subd\u00e9l\u00e9gation de signature en  \nmati\u00e8re d'attributions g\u00e9n\u00e9rales,\nVU\u00a0l'arr\u00eat\u00e9  pr\u00e9fectoral  n\u00b0 DDT-2023-A155  du  18  d\u00e9cembre  2023  portant  renouvellement  de  la \ncommission d\u00e9partementale de la chasse et de la faune sauvage dans le d\u00e9partement du Rh\u00f4ne,  \nformation \u00ab esp\u00e8ces susceptibles d'occasionner des d\u00e9g\u00e2ts \u00bb, \nVU\u00a0les d\u00e9signations effectu\u00e9es par les diff\u00e9rentes instances repr\u00e9sent\u00e9es au sein de la commission,\nCONSID\u00c9RANT qu'il convient de renouveler la composition de la commission d\u00e9partementale de la  \nchasse et de la faune sauvage dans sa formation \u00ab esp\u00e8ces susceptibles d'occasionner des d\u00e9g\u00e2ts \u00bb,\nSur proposition du directeur d\u00e9partemental des territoires du Rh\u00f4ne,\n69_DDT_Direction d\u00e9partementale des territoires du Rh\u00f4ne - 69-2025-09-15-00017 - Arr\u00eat\u00e9 pr\u00e9fectoral n\u00b0 DDT - 2025-A63 du 15\nseptembre 2025\nportant renouvellement de la Commission d\u00e9partementale de la chasse\net de la faune sauvage dans le d\u00e9partement du Rh\u00f4ne\nformation esp\u00e8ces susceptibles d'occasionner des d\u00e9g\u00e2ts\n14\nARR\u00caTE\nArticle\u00a0 \u00a0\u00a0\u00a0\u00a01\u00a0\u00a0\u00a0:\nL'arr\u00eat\u00e9  n\u00b0  DDT-2023-A155  du  18  d\u00e9cembre  2023  portant  renouvellement  de  la  commission \nd\u00e9partementale  de  la  chasse  et  de  la  faune  sauvage  dans  le  d\u00e9partement  du  Rh\u00f4ne,  formation \n\u00ab esp\u00e8ces susceptibles d'occasionner des d\u00e9g\u00e2ts \u00bb est abrog\u00e9.\nArticle\u00a0 \u00a0\u00a0\u00a0\u00a02\u00a0\u00a0\u00a0:\nLa  commission  d\u00e9partementale  de  la  chasse  et  de  la  faune  sauvage  dans  sa  formation  \u00ab esp\u00e8ces \nsusceptibles d'occasionner des d\u00e9g\u00e2ts  \u00bb est reno uvel\u00e9e pour une dur\u00e9e de trois ans \u00e0 compter de  la \ndate de la signature du pr\u00e9sent arr\u00eat\u00e9.\nArticle\u00a0 \u00a0\u00a0\u00a0\u00a03\u00a0\u00a0\u00a0:\nLa  commission  d\u00e9partementale  de  la  chasse  et  de  la  faune  sauvage  dans  sa  formation  \u00ab esp\u00e8ces \nsusceptibles d'occasionner des d\u00e9g\u00e2ts \u00bb, pr\u00e9sid\u00e9e par la Pr\u00e9f\u00e8te ou son repr\u00e9sentant, est constitu\u00e9e des \nmembres suivants :\nUn\u00a0repr\u00e9sentant\u00a0des\u00a0diff\u00e9rents\u00a0modes\u00a0de\u00a0chasse\u00a0:\n- Monsieur  le  Pr\u00e9sident  de  la  F\u00e9d\u00e9ration  d\u00e9partementale  des  chasseurs  du  Rh\u00f4ne  et  de  la \nm\u00e9tropole de Lyon,\nainsi qu'un suppl\u00e9ant :\n- Monsieur  Jean-Louis  DAMPHFOFFER,  administrateur  de  la  F\u00e9d\u00e9ration  d\u00e9partementale  des \nchasseurs du Rh\u00f4ne et de la m\u00e9tropole de Lyon.\nUn\u00a0repr\u00e9sentant\u00a0des\u00a0pi\u00e9geurs\u00a0:\n- Monsieur Christian BOYER, pr\u00e9sident de l'Association des pi\u00e9geurs agr\u00e9\u00e9s du Rh\u00f4ne,\nainsi qu'un suppl\u00e9ant :\n- Monsieur Raymond TRICAUD, membre de l'Association des pi\u00e9geurs agr\u00e9\u00e9s du Rh\u00f4ne.\nUn\u00a0repr\u00e9sentant\u00a0des\u00a0int\u00e9r\u00eats\u00a0agricoles\u00a0dans\u00a0le\u00a0d\u00e9partement\u00a0:\n- Monsieur  le  Pr\u00e9sident  de  la  Chambre  d'agriculture  du  Rh\u00f4ne  ou  sa  repr\u00e9sentante  Madame \nClaudie BUISSON,\nainsi qu'un suppl\u00e9ant :\n- Monsieur St\u00e9phane PEILLET, 1er vice pr\u00e9sident de la Chambre d'agriculture du Rh\u00f4ne.\nUn\u00a0repr\u00e9sentant\u00a0d'associations\u00a0agr\u00e9\u00e9es\u00a0au\u00a0titre\u00a0de\u00a0l'article\u00a0L.\u00a0141-1\u00a0du\u00a0Code\u00a0de\u00a0l'environnement\u00a0actives\u00a0\ndans\u00a0le\u00a0domaine\u00a0de\u00a0la\u00a0conservation\u00a0de\u00a0la\u00a0faune\u00a0et\u00a0de\u00a0la\u00a0protection\u00a0de\u00a0la\u00a0nature\u00a0:\n- Monsieur Patrick BERNOLLIN, pr\u00e9sident de la Ligue de protection des oiseaux Auvergne Rh\u00f4ne-\nAlpes, d\u00e9l\u00e9gation territoriale Rh\u00f4ne,\nainsi qu'un suppl\u00e9ant :\n- Monsieur Patrice FRANCO, directeur de la Ligue de protection des oiseaux Auvergne Rh\u00f4ne-\nAlpes, d\u00e9l\u00e9gation territoriale Rh\u00f4ne.\n2/3\n69_DDT_Direction d\u00e9partementale des territoires du Rh\u00f4ne - 69-2025-09-15-00017 - Arr\u00eat\u00e9 pr\u00e9fectoral n\u00b0 DDT - 2025-A63 du 15\nseptembre 2025\nportant renouvellement de la Commission d\u00e9partementale de la chasse\net de la faune sauvage dans le d\u00e9partement du Rh\u00f4ne\nformation esp\u00e8ces susceptibles d'occasionner des d\u00e9g\u00e2ts\n15\nDeux\u00a0personnalit\u00e9s\u00a0qualifi\u00e9es\u00a0en\u00a0mati\u00e8re\u00a0scientifique\u00a0et\u00a0technique\u00a0dans\u00a0le\u00a0domaine\u00a0de\u00a0la\u00a0chasse\u00a0ou\u00a0de\u00a0\nla\u00a0faune\u00a0sauvage\u00a0:\n- Monsieur Romain LASSEUR, directeur de la soci\u00e9t\u00e9 Izipest,\n- Madame Catherine MANGIN, adjointe \u00e0 la cheffe de service de la protection de l'environnement.\nainsi qu'un suppl\u00e9ant :\n- Monsieur \u00c9ric COULIBALY, chef du service protection et sant\u00e9 animales.\nDeux\u00a0personnes\u00a0avec\u00a0voix\u00a0consultative\u00a0:\u00a0\n- Madame la directrice r\u00e9gionale de l'Office fran\u00e7ais de la biodiversit\u00e9 ou son repr\u00e9sentant,\n- Monsieur le repr\u00e9sentant des lieutenants de louveterie du d\u00e9partement.\nArticle\u00a04\u00a0:\nChaque membre peut donner un mandat \u00e0 un membre de la m\u00eame formation de la commission  \nd\u00e9partementale de la chasse et de la faune sauvage, \u00e0 condition qu'il appartienne au m\u00eame coll\u00e8ge  \nque le mandant.\nArticle\u00a05\u00a0:\nChaque membre peut \u00eatre assist\u00e9, pour un appui technique, par une seule personne. Les personnes  \nainsi entendues ne participent pas au vote.\nArticle\u00a06\u00a0:\nLa commission peut, sur d\u00e9cision de son pr\u00e9sident, entendre toute personne ext\u00e9rieure dont l'audition  \nest de nature \u00e0 \u00e9clairer ses d\u00e9lib\u00e9rations. Les personnes ainsi entendues ne participent pas au vote.\nArticle\u00a07\u00a0:\nToute personne qui d\u00e9missionne, ou perd la qualit\u00e9 en raison de laquelle il a \u00e9t\u00e9 nomm\u00e9, est remplac\u00e9,  \npour la dur\u00e9e du mandat qui reste \u00e0 courir par une personne d\u00e9sign\u00e9e dans les m\u00eames conditions.\nArticle\u00a08\u00a0:\nLe pr\u00e9fet, secr\u00e9taire g\u00e9n\u00e9ral de la pr\u00e9fecture du Rh\u00f4ne, pr\u00e9fet d\u00e9l\u00e9gu\u00e9 pour l'\u00e9galit\u00e9 des chances, le  \ndirecteur d\u00e9partemental des territoires du Rh\u00f4ne sont charg\u00e9s, chacun en ce qui le concerne, de  \nl'ex\u00e9cution du pr\u00e9sent arr\u00eat\u00e9 qui sera publi\u00e9 au recueil des actes administratifs de la pr\u00e9fecture du  \nRh\u00f4ne.\nPour la Pr\u00e9f\u00e8te du Rh\u00f4ne,\nLe Pr\u00e9fet, Secr\u00e9taire g\u00e9n\u00e9ral, Pr\u00e9fet d\u00e9l\u00e9gu\u00e9 pour \nl'\u00e9galit\u00e9 des chances\nsign\u00e9\nFabrice ROSAY\nD\u00e9lais et voies de recours :\nConform\u00e9ment \u00e0 l'article R. 421-1 du code de justice administrative, la pr\u00e9sente d\u00e9cision peut faire l'objet d'un  \nrecours contentieux, dans le d\u00e9lai de deux mois \u00e0 compter de sa notification, devant le tribunal administratif de Lyon  \n(184, rue Duguesclin \u2013 69 433 Lyon Cedex 03, ou sur l'application www.telerecours.fr). Elle peut \u00e9galement faire l'objet \nd'un  recours  gracieux  aupr\u00e8s  de  Madame  la  Pr\u00e9f\u00e8te  du  Rh\u00f4ne.  Cette  d\u00e9marche  interrompt  le  d\u00e9lai  de  recours \ncontentieux, ce dernier devant \u00eatre introduit dans le d\u00e9lai de deux mois suivant une d\u00e9cision implicite ou explicite de  \nl'autorit\u00e9 comp\u00e9tente (le silence de l'administration pendant un d\u00e9lai de deux mois valant d\u00e9cision implicite de rejet).\n3/3\n69_DDT_Direction d\u00e9partementale des territoires du Rh\u00f4ne - 69-2025-09-15-00017 - Arr\u00eat\u00e9 pr\u00e9fectoral n\u00b0 DDT - 2025-A63 du 15\nseptembre 2025\nportant renouvellement de la Commission d\u00e9partementale de la chasse\net de la faune sauvage dans le d\u00e9partement du Rh\u00f4ne\nformation esp\u00e8ces susceptibles d'occasionner des d\u00e9g\u00e2ts\n16\n69_DDT_Direction d\u00e9partementale des\nterritoires du Rh\u00f4ne\n69-2025-09-05-00006\nArr\u00eat\u00e9 pr\u00e9fectoral n\u00b0 DDT - SENR-2025 E 142 du\n5 septembre 2025\nportant d\u00e9rogation aux dispositions de l'article\nL.411-1 du code de l'environnement pour\ndestruction et perturbation intentionnelle de\nsp\u00e9cimens d'esp\u00e8ces animales prot\u00e9g\u00e9es,\ndestruction, alt\u00e9ration ou d\u00e9gradation de sites\nde reproduction ou d'aires de repos\nd'esp\u00e8ces animales prot\u00e9g\u00e9es,\ncoupe, arrachage, cueillette ou enl\u00e8vement de\nsp\u00e9cimens d'esp\u00e8ces v\u00e9g\u00e9tales prot\u00e9g\u00e9es,\nB\u00e9n\u00e9ficiaire : M\u00c9TROPOLE DE LYON\ndans le cadre du projet de mise en oeuvre du\nplan de gestion du Parc de Lacroix-Laval\nsur les communes de Marcy-l'\u00c9toile, de\nCharbonni\u00e8res-les-Bains et de La\nTour-de-Salvagny (69)\n69_DDT_Direction d\u00e9partementale des territoires du Rh\u00f4ne - 69-2025-09-05-00006 - Arr\u00eat\u00e9 pr\u00e9fectoral n\u00b0 DDT - SENR-2025 E 142 du\n5 septembre 2025\nportant d\u00e9rogation aux dispositions de l'article L.411-1 du code de l'environnement pour\ndestruction et perturbation intentionnelle de sp\u00e9cimens d'esp\u00e8ces animales prot\u00e9g\u00e9es,\ndestruction, alt\u00e9ration ou d\u00e9gradation de sites de reproduction ou d'aires de repos\nd'esp\u00e8ces animales prot\u00e9g\u00e9es,\ncoupe, arrachage, cueillette ou enl\u00e8vement de sp\u00e9cimens d'esp\u00e8ces v\u00e9g\u00e9tales prot\u00e9g\u00e9es,\nB\u00e9n\u00e9ficiaire : M\u00c9TROPOLE DE LYON\ndans le cadre du projet de mise en oeuvre du plan de gestion du Parc de Lacroix-Laval\nsur les communes de Marcy-l'\u00c9toile, de Charbonni\u00e8res-les-Bains et de La Tour-de-Salvagny (69)\n17\n=aPREFETEDU RHONELibert\u00e9Egalit\u00e9Fraternit\u00e9\nDirection r\u00e9gionale de l'environnement,\nde l'am\u00e9nagement et du logement\nAuvergne-Rh\u00f4ne-Alpes\nArr\u00eat\u00e9 pr\u00e9fectoral n\u00b0 DDT - SENR-2025 E 142 du 5 septembre 2025                       \nportant d\u00e9rogation aux dispositions de l'article L.411-1 du code de l'environnement pour\ndestruction et perturbation intentionnelle de sp\u00e9cimens d'esp\u00e8ces animales prot\u00e9g\u00e9es,\ndestruction, alt\u00e9ration ou d\u00e9gradation de sites de reproduction ou d'aires de repos\nd'esp\u00e8ces animales prot\u00e9g\u00e9es,\ncoupe, arrachage, cueillette ou enl\u00e8vement de sp\u00e9cimens d'esp\u00e8ces v\u00e9g\u00e9tales prot\u00e9g\u00e9es,\nB\u00e9n\u00e9ficiaire : M\u00c9TROPOLE DE LYON\ndans le cadre du projet de mise en \u0153uvre du plan de gestion du Parc de Lacroix-Laval\nsur les communes de Marcy-l'\u00c9toile, de Charbonni\u00e8res-les-Bains et de La Tour-de-Salvagny (69)\nLa Pr\u00e9f\u00e8te de la r\u00e9gion Auvergne-Rh\u00f4ne-Alpes,\nPr\u00e9f\u00e8te de la zone de d\u00e9fense et de s\u00e9curit\u00e9 Sud-Est, Pr\u00e9f\u00e8te du Rh\u00f4ne,\nCommandeur de la L\u00e9gion d'honneur,\nCommandeur de l'ordre national du M\u00e9rite\nVU  le code de l'environnement, et notamment ses articles L. 123-19-2 et suivants, L. 163-1, L. 163-5,\nL.411-1, L.411-1A, L.411-2 et R.411-6 \u00e0 R.411-14,\nVU  l'arr\u00eat\u00e9  interminist\u00e9riel  du  19  f\u00e9vrier  2007  modifi\u00e9  fixant  les  conditions  de  demande  et\nd'instruction des d\u00e9rogations d\u00e9finies au 4\u00b0 de l'article L.411-2 du code de l'environnement portant\nsur les esp\u00e8ces de faune et de flore sauvages prot\u00e9g\u00e9es,\nVU  l'arr\u00eat\u00e9  interminist\u00e9riel  du  23  avril  2007  modifi\u00e9  fixant  la  liste  des  mammif\u00e8res  terrestres\nprot\u00e9g\u00e9s sur l'ensemble du territoire et les modalit\u00e9s de leur protection,\nVU l'arr\u00eat\u00e9 interminist\u00e9riel du 29 octobre 2009 modifi\u00e9 fixant la liste des oiseaux prot\u00e9g\u00e9s sur\nl'ensemble du territoire et les modalit\u00e9s de leur protection,\nVU l'arr\u00eat\u00e9  interminist\u00e9riel  du  8  janvier  2021  fixant  les  listes  des  amphibiens  et  des  reptiles\nrepr\u00e9sent\u00e9s  sur  le  territoire  m\u00e9tropolitain  prot\u00e9g\u00e9s  sur  l'ensemble  du  territoire  national  et  les\nmodalit\u00e9s de leur protection,\nVU le d\u00e9cret du 11 janvier 2023 en conseil des ministres portant nomination de Mme Fabienne\nBUCCIO en qualit\u00e9 de pr\u00e9f\u00e8te de la r\u00e9gion Auvergne-Rh\u00f4ne-Alpes, pr\u00e9f\u00e8te de la zone de d\u00e9fense et\nde s\u00e9curit\u00e9 Sud-Est, pr\u00e9f\u00e8te du Rh\u00f4ne (hors classe),\nVU le d\u00e9cret en conseil des ministres du 15 mai 2025 portant nomination de Monsieur Fabrice\nROSAY, pr\u00e9fet du Rh\u00f4ne, secr\u00e9taire g\u00e9n\u00e9ral de la pr\u00e9fecture du Rh\u00f4ne, pr\u00e9fet d\u00e9l\u00e9gu\u00e9 pour l'\u00e9galit\u00e9\ndes chances, \nVU  l'arr\u00eat\u00e9 pr\u00e9fectoral n\u00b0 69-2025-06-16-00003 du 16 juin 2025 portant d\u00e9l\u00e9gation de signature \u00e0\nMonsieur Fabrice ROSAY, pr\u00e9fet secr\u00e9taire g\u00e9n\u00e9ral de la pr\u00e9fecture du Rh\u00f4ne, pr\u00e9fet d\u00e9l\u00e9gu\u00e9 pour\nl'\u00e9galit\u00e9 des chances, \nVU la demande de d\u00e9ro gation pour la destruction et la perturbation intentionnelle de sp\u00e9cimens\nd'esp\u00e8ces animales prot\u00e9g\u00e9es (Cerfa n\u00b0 13 616*01), la destruction, l'alt\u00e9ration ou la d\u00e9gradation de\nsites de reproduction ou d'aires de repos d'esp\u00e8ces animales prot\u00e9g\u00e9es (Cerfa n\u00b0 13 614*01),  la\ncoupe, l'arrachage, la cueillette ou l'enl\u00e8vement de sp\u00e9cimens d'esp\u00e8ces v\u00e9g\u00e9tales prot\u00e9g\u00e9es (Cerfa\nn\u00b0 13617*01) d\u00e9pos\u00e9e le 22 juillet 2024 par la m\u00e9tropole de Lyon dans le cadre de la mise en \u0153uvre\npage 1/21\n69_DDT_Direction d\u00e9partementale des territoires du Rh\u00f4ne - 69-2025-09-05-00006 - Arr\u00eat\u00e9 pr\u00e9fectoral n\u00b0 DDT - SENR-2025 E 142 du\n5 septembre 2025\nportant d\u00e9rogation aux dispositions de l'article L.411-1 du code de l'environnement pour\ndestruction et perturbation intentionnelle de sp\u00e9cimens d'esp\u00e8ces animales prot\u00e9g\u00e9es,\ndestruction, alt\u00e9ration ou d\u00e9gradation de sites de reproduction ou d'aires de repos\nd'esp\u00e8ces animales prot\u00e9g\u00e9es,\ncoupe, arrachage, cueillette ou enl\u00e8vement de sp\u00e9cimens d'esp\u00e8ces v\u00e9g\u00e9tales prot\u00e9g\u00e9es,\nB\u00e9n\u00e9ficiaire : M\u00c9TROPOLE DE LYON\ndans le cadre du projet de mise en oeuvre du plan de gestion du Parc de Lacroix-Laval\nsur les communes de Marcy-l'\u00c9toile, de Charbonni\u00e8res-les-Bains et de La Tour-de-Salvagny (69)\n18\ndu plan de gestion du parc de Lacroix-Laval sur les communes de Marcy-l'Etoile, de Charbonni\u00e8res-\nles-Bains et de La Tour-de-Salvagny,\nVU l'avis du Conseil national de la protection de la nature en date du 31 janvier 2025,\nVU les r\u00e9ponses apport\u00e9es par le p\u00e9titionnaire en date du 27 f\u00e9vrier 2025, pour compl\u00e9ter son\ndossier,\nVU l'absence d'observation du public \u00e0 l'issue de la mise en \u0153uvre de la proc\u00e9dure de participation\ndu public par le biais de la mise en ligne de la demande sur le site Internet de la direction r\u00e9gionale\nde  l'environnement,  de  l'am\u00e9nagement  et  du  logement  (DREAL)  Auvergne-Rh\u00f4ne-Alpes  Rh\u00f4ne-\nAlpes du 5 au 23 mars 2025,\nVU le projet d'arr\u00eat\u00e9 transmis en date du  19 juin 2025  au p\u00e9titionnaire et sa r\u00e9ponse apport\u00e9e en\ndate du 8 ao\u00fbt 2025 ;\nVU le rapport de la DREAL Auvergne-Rh\u00f4ne-Alpes en date du 25 ao\u00fbt 2025,\nCONSID\u00c9RANT :\n- que le parc de Lacroix-Laval s'\u00e9tend sur 135 ha et regroupe environ 20 000 sujets arbor\u00e9s,\n- que la fr\u00e9quentation du parc de Lacroix-Laval est tr\u00e8s importante et intensive avec l'accueil de\n900 000 usagers par an et notamment 100 scolaires par jour pour la pratique sportive,\n- que le parc de Lacroix-Laval permet le d\u00e9roulement de pr\u00e8s de 50 \u00e9v\u00e9nements annuels,\n- que le gestionnaire du parc doit assurer en permanence la s\u00e9curit\u00e9 du public et la circulation\ndes engins de secours, en intervenant si besoin sur les sujets arbor\u00e9s le n\u00e9cessitant,\n- que le projet r\u00e9pond par cons\u00e9quent \u00e0 des raisons imp\u00e9ratives d'int\u00e9r\u00eat public majeur,\nCONSID\u00c9RANT :\n- que les arbres du parc soufrent d'un d\u00e9p\u00e9rissement important en lien avec les \u00e9v\u00e9nements\nm\u00e9t\u00e9orologiques extr\u00eames et les attaques de ravageurs,\n- que les arbres morts ou jug\u00e9s comme pr\u00e9sentant un risque ne peuvent pas \u00eatre conserv\u00e9s au\nniveau des zones fr\u00e9quent\u00e9es par le public,\n- que l'abattage et  l'\u00e9lagage de nouveaux  sujets arbor\u00e9s demeurent  tr\u00e8s probables dans  le\ncontexte actuel de changement climatique,\n- que ces travaux sont r\u00e9alis\u00e9s lorsque c'est possible en p\u00e9riode automnale et hivernale mais\nque des interventions sont n\u00e9cessaires en toute saison g\u00e9n\u00e9rant potentiellement des destruc -\ntions et perturbation intentionnelle de sp\u00e9cimens d'esp\u00e8ces prot\u00e9g\u00e9es,\n- que toutes les mesures pertinentes de suppression et de limitation des impacts ont \u00e9t\u00e9 envisa-\ng\u00e9es et sont retenues dans la pr\u00e9sente autorisation.\n- qu'il n'existe aucune solution alternative de moindre impact \u00e0 la destruction des esp\u00e8ces et\nhabitats d'esp\u00e8ces tel qu'envisag\u00e9,\nCONSID\u00c9RANT que la d\u00e9rogation ne nuit pas au maintien, dans un \u00e9tat de conservation favorable,\ndes populations d'esp\u00e8ces prot\u00e9g\u00e9es concern\u00e9es dans leur aire de r\u00e9partition naturelle compte tenu\ndes mesures d'\u00e9vitement, de r\u00e9duction et de compensation mises en \u0153uvre, telles que d\u00e9taill\u00e9es ci-\napr\u00e8s (article 3),\nSUR proposition  du  directeur r\u00e9gional par int\u00e9rim de l'environnement, de l'am\u00e9nagement et du\nlogement Auvergne-Rh\u00f4ne-Alpes,\nARR\u00caTE\nArticle 1     : B\u00e9n\u00e9ficiaire de l'autorisation et objet \nDans le cadre de la mise en \u0153uvre du plan de gestion du parc de Lacroix-Laval sur les communes de\nMarcy-l'Etoile, de Charbonni\u00e8res-les-Bains et de La Tour-de-Salvagny, la M\u00e9tropole de Lyon, ci-apr\u00e8s\n\u00ab le b\u00e9n\u00e9ficiaire \u00bb, repr\u00e9sent\u00e9e par M. Bruno Bernard, son pr\u00e9sident, et dont le si\u00e8ge est domicili\u00e9\n20 rue du Lac \u00e0 Lyon (69505), est autoris\u00e9e, ai nsi que ses \u00e9ventuels mandataires op\u00e9rant dans le\ncadre de l'ex\u00e9cution des prescriptions du pr\u00e9sent arr\u00eat\u00e9, \u00e0 :\npage 2/21\n69_DDT_Direction d\u00e9partementale des territoires du Rh\u00f4ne - 69-2025-09-05-00006 - Arr\u00eat\u00e9 pr\u00e9fectoral n\u00b0 DDT - SENR-2025 E 142 du\n5 septembre 2025\nportant d\u00e9rogation aux dispositions de l'article L.411-1 du code de l'environnement pour\ndestruction et perturbation intentionnelle de sp\u00e9cimens d'esp\u00e8ces animales prot\u00e9g\u00e9es,\ndestruction, alt\u00e9ration ou d\u00e9gradation de sites de reproduction ou d'aires de repos\nd'esp\u00e8ces animales prot\u00e9g\u00e9es,\ncoupe, arrachage, cueillette ou enl\u00e8vement de sp\u00e9cimens d'esp\u00e8ces v\u00e9g\u00e9tales prot\u00e9g\u00e9es,\nB\u00e9n\u00e9ficiaire : M\u00c9TROPOLE DE LYON\ndans le cadre du projet de mise en oeuvre du plan de gestion du Parc de Lacroix-Laval\nsur les communes de Marcy-l'\u00c9toile, de Charbonni\u00e8res-les-Bains et de La Tour-de-Salvagny (69)\n19\n\u2022 transporter,  transporter  en  vue  de  rel\u00e2cher  dans  la  nature,  capturer  ou  enlever  des\nsp\u00e9cimens d'esp\u00e8ces animales prot\u00e9g\u00e9es,\n\u2022 d\u00e9truire des sp\u00e9cimens d'esp\u00e8ces animales prot\u00e9g\u00e9es,\n\u2022 perturber intentionnellement des sp\u00e9cimens d'esp\u00e8ces animales prot\u00e9g\u00e9es,\n\u2022 couper, arracher, cueillir ou enlever des sp\u00e9cimens d'esp\u00e8ces v\u00e9g\u00e9tales prot\u00e9g\u00e9es,\ntel que pr\u00e9sent\u00e9 dans le tableau ci-dessous :\nESP\u00c8CES ANIMALES\nNom commun et nom scientifique\nTransport,\ntransport en\nvue de rel\u00e2cher\ndans la nature,\ncapture ou\nenl\u00e8vement de\nsp\u00e9cimens\nDestruction de\nsp\u00e9cimens\nPerturbation\nintentionnelle\nde sp\u00e9cimens\nDestruction,\nalt\u00e9ration ou\nd\u00e9gradation\nde sites de\nreproduction\nou d'aires de\nrepos\nAMPHIBIENS ET REPTILES\nCouleuvre helv\u00e9tique/ \u00e0 collier (Natrix helvetica) X X X\nCouleuvre verte et jaune (Hierophis viridiflavus) X X X\nCrapaud commun (Bufo bufo) X X X / NC\nGrenouille agile (Rana dalmatina) X X X\nGrenouille de Lessona (Pelophylax lessonae) X X X\nGrenouille de P\u00e9rez (Pelophylax perezi) X X X\nGrenouille rieuse (Pelophylax ridibundus) X X X / NC \nL\u00e9zard \u00e0 deux raies (Lacerta bilineata) X X X\nL\u00e9zard des murailles (Podarcis muralis) X X X\nSalamandre tachet\u00e9e (Salamandra salamandra) X X X / NC\nTriton alpestre (Ichthyosaura alpestris) X X X / NC\nTriton palm\u00e9 (Lissotriton helveticus) X X X / NC\nINSECTES\nGrand capricorne (Cerambyx cerdo) X X X X\nMAMMIF\u00c8RES\nBarbastelle d'Europe (Barbastella barbastellus) X X X X\n\u00c9cureuil roux (Sciurus vulgaris) X X X X\nGrand murin (Myotis myotis) X X X X\nH\u00e9risson d'Europe (Erinaceus europaeus) X X X X\nMolosse de Cestoni (Tadarida teniotis) X X X X\nMurin \u00e0 moustaches (Myotis mystacinus) X X X X\nMurin d'Alcatho\u00e9 (Myotis alcathoe) X X X X\nMurin de Bechstein (Myotis bechsteinii) X X X X\nMurin de Daubenton (Myotis daubentonii) X X X X\nMurin de Natterer (Myotis natterer) X X X X\nNoctule commune (Nyctalus noctula) X X X X\nNoctule de Leisler (Nyctalus leisleri) X X X X\nOreillard gris (Plecotus austriacus) X X X X\nOreillard roux (Plecotus auritus) X X X X\nPetit rhinolophe (Rhinolophus hipposideros) X X X X\nPipistrelle commune (Pipistrellus pipistrellus) X X X X\npage 3/21\n69_DDT_Direction d\u00e9partementale des territoires du Rh\u00f4ne - 69-2025-09-05-00006 - Arr\u00eat\u00e9 pr\u00e9fectoral n\u00b0 DDT - SENR-2025 E 142 du\n5 septembre 2025\nportant d\u00e9rogation aux dispositions de l'article L.411-1 du code de l'environnement pour\ndestruction et perturbation intentionnelle de sp\u00e9cimens d'esp\u00e8ces animales prot\u00e9g\u00e9es,\ndestruction, alt\u00e9ration ou d\u00e9gradation de sites de reproduction ou d'aires de repos\nd'esp\u00e8ces animales prot\u00e9g\u00e9es,\ncoupe, arrachage, cueillette ou enl\u00e8vement de sp\u00e9cimens d'esp\u00e8ces v\u00e9g\u00e9tales prot\u00e9g\u00e9es,\nB\u00e9n\u00e9ficiaire : M\u00c9TROPOLE DE LYON\ndans le cadre du projet de mise en oeuvre du plan de gestion du Parc de Lacroix-Laval\nsur les communes de Marcy-l'\u00c9toile, de Charbonni\u00e8res-les-Bains et de La Tour-de-Salvagny (69)\n20\nESP\u00c8CES ANIMALES\nNom commun et nom scientifique\nTransport,\ntransport en\nvue de rel\u00e2cher\ndans la nature,\ncapture ou\nenl\u00e8vement de\nsp\u00e9cimens\nDestruction de\nsp\u00e9cimens\nPerturbation\nintentionnelle\nde sp\u00e9cimens\nDestruction,\nalt\u00e9ration ou\nd\u00e9gradation\nde sites de\nreproduction\nou d'aires de\nrepos\nPipistrelle de Kuhl (Pipistrellus kuhli) X X X X\nPipistrelle de Nathusius (Pipistrellus nathusii) X X X X\nS\u00e9rotine commune (Eptesicus serotinus) X X X X\nVespertilion \u00e0 oreilles \u00e9chancr\u00e9es \n(Myotis emarginatus) \nX X X X\nOISEAUX\nAccenteur mouchet (Prunella modularis) X X X\nBergeronnette grise (Motacilla alba) X X X\nBruant zizi (Emberiza cirlus) X X X\nBuse variable (Buteo buteo) X X X\nChardonneret \u00e9l\u00e9gant (Carduelis carduelis) X X X\nChoucas des tours (Corvus monedula) X X X\nChouette hulotte (Strix aluco) X X X\nCoucou gris (Cuculus canorus) X X X\nEpervier d'Europe (Accipiter nisus) X X X\nFaucon cr\u00e9cerelle (Falco tinnunculus) X X X\nFauvette \u00e0 t\u00eate noire (Sylvia atricapilla) X X X\nGobemouche gris (Muscicapa striata) X X X\nGrimpereau des jardins (Certhia brachydactyla) X X X\nGrosbec casse-noyaux (Coccothraustes \ncoccothraustes)\nX X X\nHibou moyen-duc (Asio otus) X X X\nHirondelle de fen\u00eatre (Delichon urbicum) X X X\nHuppe fasci\u00e9e (Upupa epops) X X X\nHypola\u00efs polyglotte (Hippolais polyglotta) X X X\nLinotte m\u00e9lodieuse (Carduelis cannabina) X X X\nLoriot d'Europe (Oriolus oriolus) X X X\nM\u00e9sange \u00e0 longue queue (Aegithalos caudatus) X X X\nM\u00e9sange bleue (Cyanistes caeruleus (Linnaeus, 1758)) X X X\nM\u00e9sange charbonni\u00e8re (Parus major) X X X\nM\u00e9sange hupp\u00e9e (Lophophanes cristatus (Linnaeus, \n1758))\nX X X\nM\u00e9sange noire (Periparus ater (Linnaeus, 1758)) X X X\nM\u00e9sange nonnette (Parus palustris) X X X\nMoineau domestique (Passer domesticus) X X X\nPic \u00e9peiche (Dendrocopos major) X X X\nPic \u00e9peichette (Dendrocopos minor) X X X\nPic mar (Dendrocopos medius) X X X\nPic noir (Dryocopus martius) X X X\npage 4/21\n69_DDT_Direction d\u00e9partementale des territoires du Rh\u00f4ne - 69-2025-09-05-00006 - Arr\u00eat\u00e9 pr\u00e9fectoral n\u00b0 DDT - SENR-2025 E 142 du\n5 septembre 2025\nportant d\u00e9rogation aux dispositions de l'article L.411-1 du code de l'environnement pour\ndestruction et perturbation intentionnelle de sp\u00e9cimens d'esp\u00e8ces animales prot\u00e9g\u00e9es,\ndestruction, alt\u00e9ration ou d\u00e9gradation de sites de reproduction ou d'aires de repos\nd'esp\u00e8ces animales prot\u00e9g\u00e9es,\ncoupe, arrachage, cueillette ou enl\u00e8vement de sp\u00e9cimens d'esp\u00e8ces v\u00e9g\u00e9tales prot\u00e9g\u00e9es,\nB\u00e9n\u00e9ficiaire : M\u00c9TROPOLE DE LYON\ndans le cadre du projet de mise en oeuvre du plan de gestion du Parc de Lacroix-Laval\nsur les communes de Marcy-l'\u00c9toile, de Charbonni\u00e8res-les-Bains et de La Tour-de-Salvagny (69)\n21\nESP\u00c8CES ANIMALES\nNom commun et nom scientifique\nTransport,\ntransport en\nvue de rel\u00e2cher\ndans la nature,\ncapture ou\nenl\u00e8vement de\nsp\u00e9cimens\nDestruction de\nsp\u00e9cimens\nPerturbation\nintentionnelle\nde sp\u00e9cimens\nDestruction,\nalt\u00e9ration ou\nd\u00e9gradation\nde sites de\nreproduction\nou d'aires de\nrepos\nPic vert (Picus viridis) X X X\nPie-gri\u00e8che \u00e9corcheur (Lanius collurio) X X X\nPinson des arbres (Fringilla coelebs) X X X\nPipit des arbres (Anthus trivialis) X X X\nPouillot v\u00e9loce (Phylloscopus collybita) X X X\nRoitelet \u00e0 triple bandeau (Regulus ignicapilla) X X X\nRoitelet hupp\u00e9 (Regulus regulus) X X X\nRossignol philom\u00e8le (Luscinia megarhynchos) X X X\nRouge-gorge familier (Erithacus rubecula) X X X\nRougequeue \u00e0 front blanc (Phoenicurus phoenicurus) X X X\nRougequeue noir (Phoenicurus ochruros) X X X\nSerin cini (Serinus serinus) X X X\nSittelle torchepot (Sitta europaea) X X X\nTarier p\u00e2tre (Saxicola rubicola (Linnaeus, 1766)) X X X\nTroglodyte mignon (Trogodytes troglodytes) X X X\nVerdier d'Europe (Chloris chloris (Linnaeus, 1758)) X X X\nESP\u00c8CES V\u00c9G\u00c9TALES\nNom commun et nom scientifique\nR\u00e9colte, utilisation, transport,\ncession de sp\u00e9cimens\nCoupe, arrachage, cueillette ou\nenl\u00e8vement de sp\u00e9cimens\nRenoncule sc\u00e9l\u00e9rate (Ranunculus sceleratus) X\nLe b\u00e9n\u00e9ficiaire s'assure du respect de l'ensemble des obligations qui lui sont faites de la part de\nl'ensemble des intervenants sur les chantiers concern\u00e9s par la pr\u00e9sente d\u00e9rogation.\nArticle 2     : P\u00e9rim\u00e8tre de la d\u00e9rogation\nLe b\u00e9n\u00e9ficiaire se conforme strictement au p\u00e9rim\u00e8tre d\u00e9fini en ANNEXE I du pr\u00e9sent arr\u00eat\u00e9.\nArticle 3 : Prescriptions\nLe  b\u00e9n\u00e9ficiaire  ainsi  que  ses  \u00e9ventuels  mandataires  op\u00e9rant  dans  le  cadre  de  l'ex\u00e9cution  des\nprescriptions du pr\u00e9sent arr\u00eat\u00e9 respectent les engagements pris dans le dossier de demande de\nd\u00e9rogation, sous r\u00e9serve des prescriptions suivantes.\n3.1. Mesures de r\u00e9duction des impacts\nMR1.   Adaptation des p\u00e9riodes de travaux au cycle biologique des esp\u00e8ces  \nLes travaux d'entretien des arbres et arbustes (tailles d'ornement, rec\u00e9page des lisi\u00e8res le long des\nchemins) sont r\u00e9alis\u00e9s entre le 1er septembre et le 31 octobre. \nLes  travaux  d'entretien  et  de  curage  des  mares  et  bassins  sont  r\u00e9alis\u00e9s  \u00e9galement  entre  le  1er\nseptembre et le 31 octobre. \nLes travaux sont permis toute l'ann\u00e9e : \npage 5/21\n69_DDT_Direction d\u00e9partementale des territoires du Rh\u00f4ne - 69-2025-09-05-00006 - Arr\u00eat\u00e9 pr\u00e9fectoral n\u00b0 DDT - SENR-2025 E 142 du\n5 septembre 2025\nportant d\u00e9rogation aux dispositions de l'article L.411-1 du code de l'environnement pour\ndestruction et perturbation intentionnelle de sp\u00e9cimens d'esp\u00e8ces animales prot\u00e9g\u00e9es,\ndestruction, alt\u00e9ration ou d\u00e9gradation de sites de reproduction ou d'aires de repos\nd'esp\u00e8ces animales prot\u00e9g\u00e9es,\ncoupe, arrachage, cueillette ou enl\u00e8vement de sp\u00e9cimens d'esp\u00e8ces v\u00e9g\u00e9tales prot\u00e9g\u00e9es,\nB\u00e9n\u00e9ficiaire : M\u00c9TROPOLE DE LYON\ndans le cadre du projet de mise en oeuvre du plan de gestion du Parc de Lacroix-Laval\nsur les communes de Marcy-l'\u00c9toile, de Charbonni\u00e8res-les-Bains et de La Tour-de-Salvagny (69)\n22\n\u2022 au niveau des zones de tontes r\u00e9guli\u00e8res et d'accueil du public identifi\u00e9es au sein de la\nmesure MR3 ;\n\u2022 en cas de n\u00e9cessit\u00e9 de s\u00e9curisation (\u00e9lagage et abattage d'arbres mena\u00e7ant de tomber sur\nles cheminements par exemple). Dans ce cas, les abattages sont engag\u00e9s selon les modalit\u00e9s\nde la mesure MR7 .\nMR2.   D\u00e9veloppement et gestion de lisi\u00e8res  \nCertaines lisi\u00e8res du parc, tel que localis\u00e9 en ANNEXE II, font l'objet d'un traitement particulier de\nfa\u00e7on \u00e0 reconstituer et entretenir les diff\u00e9rentes strates th\u00e9oriques d'un tel milieu : \n\u2022 maintien de la strate arbor\u00e9e ;\n\u2022 maintien  ou  cr\u00e9ation  par  plantation  d'arbustes  indig\u00e8nes  (en  fonction  des  lin\u00e9aires\nconcern\u00e9s) de la strate arbustive, sur une largeur minimale de 5 m\u00e8tres ;\n\u2022 d\u00e9veloppement d'une strate herbac\u00e9e sur une largeur minimale de 5 m\u00e8tres.\nL'entretien de la bande enherb\u00e9e est r\u00e9alis\u00e9e par le biais de fauches diff\u00e9renci\u00e9es (fauchage en\nrotation tous les 2 \u00e0 3 ans en d\u00e9but de printemps, lorsque l'herbe de la prairie est assez haute pour\nservir \u00e0 son tour de zone refuge).\nMR3.   \u00c9laboration de plans de fauche avec identification de zones refuges   \nLes secteurs de la clairi\u00e8re de Varenne (3,2 ha) et du jardin \u00e0 l'Anglaise (1,3 ha), tel que pr\u00e9sent\u00e9 en\nANNEXE III, font l'objet d'une gestion par rotation des zones de fauche de fa\u00e7on \u00e0 maintenir des\nzones refuges. \nChaque ann\u00e9e, en rotation d'une ann\u00e9e sur l'autre : \n\u2022 une zone est fauch\u00e9e en juin puis en octobre pour permettre l'accueil du public ;\n\u2022 une zone est fauch\u00e9e tardivement en octobre avec exportation des r\u00e9sidus de fauche ;\n\u2022 une zone refuge n'est pas g\u00e9r\u00e9e.\nSur le secteur du jardin \u00e0 l'anglaise, des zones refuges au niveau des zones identifi\u00e9es comme\n\u00ab Tonte \u00bb et \u00ab Fauche 2 \u00bb ne peuvent pas \u00eatre mises en \u0153uvre au regard de l'accueil du public. \nMR4.   Am\u00e9nagement et diversification d'habitats pour la faune   \nSont install\u00e9s :\n\u2022 11 g\u00eetes \u00e0 chiropt\u00e8res,   pos\u00e9s sur des arbres ou au niveau de certains b\u00e2timents \u00e0 une hauteur\ndu sol comprise entre 3 et 6 m\u00e8tres et le plus \u00e0 l'\u00e9cart possible des sources lumineuses, tel\nque localis\u00e9 en ANNEXE IV. \n\u2022 6 hibernaculums   \u00e0 proximit\u00e9 des lisi\u00e8res de la clairi\u00e8re de Varenne et du jardin \u00e0 l'Anglaise.\nChaque hibernaculum est compos\u00e9 de pierres et de branchages de fa\u00e7on \u00e0 cr\u00e9er des tas de 1\n\u00e0 1,5 m de hauteur au niveau d'un endroit ensoleill\u00e9. Une partie de chaque hibernaculum\npeut \u00eatre recouverte de terre. Chaque hibernaculum fait l'objet d'un balisage in-situ. \nLes hibernaculums font l'objet d'un entretien annuel \u00e0 l'automne (d\u00e9broussaillage et recharge en\nfonction des besoins).\nLes g\u00eetes artificiels font l'objet d'un entretien et si besoin d'un nettoyage annuel \u00e0 l'aide d'un produit\nanti-parasitaire entre septembre et octobre.\nLa localisation d\u00e9finitive des g\u00eetes et hibernaculums est consign\u00e9e dans le premier rapport de suivi\n(MS1). Leur implantation est effective au plus tard au 31 d\u00e9cembre 2025. \nMR5.   Gestion adaptative des mares et pi\u00e8ces d'eau \u00e0 vis\u00e9e \u00e9cologique     ;   \nLes 15 mares et points d'eau du parc (ANNEXE V) font l'objet d'une gestion adaptative \u00e0 l'automne\nselon  les  modalit\u00e9s  suivantes  de  fa\u00e7on  \u00e0  \u00e9viter  leur  ass\u00e8chement,  leur  eutrophisation  ou  leur\nfermeture spontan\u00e9e (par le d\u00e9veloppement de la v\u00e9g\u00e9tation et l'atterrissement).\n>  Nettoyage  des  d\u00e9bris,  branches  et  feuilles  stagnantes :  retrait  manuel  et  utilisation  pour  les\nhibernacula le cas \u00e9ch\u00e9ant. \n> Entretien de la v\u00e9g\u00e9tation : \n\u2022 taille des arbres et arbustes p\u00e9riph\u00e9riques en fonction des besoins, a minima une fois tous\nles 5 ans ; \n\u2022 coupe annuelle des h\u00e9lophytes au-dessus du niveau de l'eau, sur au maximum les 2/3 de la\nsurface de la mare ;\n\u2022 retrait des 2/3 des plantes aquatiques si envahissement important.\npage 6/21\n69_DDT_Direction d\u00e9partementale des territoires du Rh\u00f4ne - 69-2025-09-05-00006 - Arr\u00eat\u00e9 pr\u00e9fectoral n\u00b0 DDT - SENR-2025 E 142 du\n5 septembre 2025\nportant d\u00e9rogation aux dispositions de l'article L.411-1 du code de l'environnement pour\ndestruction et perturbation intentionnelle de sp\u00e9cimens d'esp\u00e8ces animales prot\u00e9g\u00e9es,\ndestruction, alt\u00e9ration ou d\u00e9gradation de sites de reproduction ou d'aires de repos\nd'esp\u00e8ces animales prot\u00e9g\u00e9es,\ncoupe, arrachage, cueillette ou enl\u00e8vement de sp\u00e9cimens d'esp\u00e8ces v\u00e9g\u00e9tales prot\u00e9g\u00e9es,\nB\u00e9n\u00e9ficiaire : M\u00c9TROPOLE DE LYON\ndans le cadre du projet de mise en oeuvre du plan de gestion du Parc de Lacroix-Laval\nsur les communes de Marcy-l'\u00c9toile, de Charbonni\u00e8res-les-Bains et de La Tour-de-Salvagny (69)\n23\n\u00c0\n\u00ff Max 30m\n<-\n\u2014> Sens de progression de la fauche centrifugeMaintien d'ilots refuges\nLes  traitements  phytosanitaires  sont  proscrits  et  les  d\u00e9bris  v\u00e9g\u00e9taux  sont  syst\u00e9matiquement\nexport\u00e9s. \n> Entretien et restauration :\nUn curage peut \u00eatre r\u00e9alis\u00e9 en cas de besoin en fonction de l'envasement constat\u00e9. Il est toujours\nr\u00e9alis\u00e9 sur plusieurs ann\u00e9es (pas plus de la moiti\u00e9 de la mare la premi\u00e8re ann\u00e9e). Les vases sont\nexport\u00e9es apr\u00e8s avoir \u00e9t\u00e9 d\u00e9pos\u00e9es sur une b\u00e2che pos\u00e9e en bordure de la mare et laiss\u00e9es sur place\npendant au moins 24 heures. \nLes op\u00e9rations de curage du bassin de gestion des eaux pluviales  du secteur de la Belle Etoile sont\nmen\u00e9es avec pr\u00e9caution et apr\u00e8s mise en d\u00e9fens de la station de Renoncule sc\u00e9l\u00e9rate. \nMR6.   Prise en compte des amphibiens lors des op\u00e9rations d'entretien des milieux      ;   \nLes zones situ\u00e9es en p\u00e9riph\u00e9rie des mares (tel que localis\u00e9 en ANNEXE V) sont g\u00e9r\u00e9es de la fa\u00e7on\nsuivante : \n\u2022 maintien de zones refuges, non g\u00e9r\u00e9es et\nnon fauch\u00e9es (la distance maximale entre\ndeux zones refuges est de 30 m\u00e8tres) ;\n\u2022 fauchage  \u00ab  lent \u00bb  centrifuge  ou  en\ndirection des zones refuges entre 10h et\n18h lors des journ\u00e9es les plus chaudes ;\n\u2022 hauteur de coupe minimale de 10 cm ;\n\u2022 absence  d'intervention  en  p\u00e9riode  de\nmigration (f\u00e9vrier \u2013 mars) ;\n\u2022 adaptation des modalit\u00e9s d'entretien aux\nexigences  \u00e9cologiques  des  esp\u00e8ces\npr\u00e9sentes.\nMR7  . Abattage doux des arbres pouvant potentiellement servir d'habitat aux chiropt\u00e8res  \nLes arbres pouvant potentiellement servir de g\u00eete pour des sp\u00e9cimens de chiropt\u00e8res pr\u00e9sents au\nsein du parc sont d\u00e9j\u00e0 bien identifi\u00e9s (tel que localis\u00e9s en ANNEXE VI). Ils font l'objet d'un balisage\nin-situ et sont \u00e0 maintenir. \nPour des raisons de s\u00e9curit\u00e9, certains d'entre eux peuvent n\u00e9cessiter un abattage en urgence, \u00e0\nn'importe quelle p\u00e9riode de l'ann\u00e9e. Dans ce cas, il est proc\u00e9d\u00e9 \u00e0 un abattage dit \u00ab  doux \u00bb selon les\nmodalit\u00e9s suivantes : \n\u2022 abattage progressif par coupe des branches puis du tronc. Les diff\u00e9rents \u00e9l\u00e9ments sont\ndescendus en douceur (usage de cordes ou d'une nacelle) et d\u00e9pos\u00e9s d\u00e9licatement sur le sol\net laiss\u00e9s sur place pendant au moins 48 heures. Ils peuvent ensuite \u00eatre \u00e9vacu\u00e9s ; \n\u2022 si l'abattage doit \u00eatre r\u00e9alis\u00e9 en p\u00e9riode d'hibernation des chiropt\u00e8res, la pr\u00e9sence d'un\nchiropt\u00e9rologue est n\u00e9cessaire. \nSi des individus sont apparemment bless\u00e9s, ils sont confi\u00e9s \u00e0 un centre de soin.\nMR8.   Mise  en  \u0153uvre  de  bonnes  pratiques  pour  l'organisation  de  manifestations  sportives  et  \nrassemblements culturels \nAu sein de chaque comit\u00e9 d'organisation des manifestations sportives et rassemblements culturels,\nun r\u00e9f\u00e9rent biodiversit\u00e9 est d\u00e9sign\u00e9. Son r\u00f4le est : \n\u2022 de  prendre  connaissance  des  enjeux  li\u00e9s  \u00e0  la  biodiversit\u00e9  qui  pourraient  rentrer  en\ninteraction avec la manifestation (en fonction de la date et du lieu choisi),\n\u2022 d'\u00e9tablir en lien avec les \u00e9quipes du parc, des mesures d'adaptation du trac\u00e9 ou de lieu de\nrassemblement,\n\u2022 de former l'\u00e9quipe d'organisation sur les enjeux et les mesures d\u00e9ploy\u00e9es,\n\u2022 de pr\u00e9voir une communication envers l'ensemble des participants et,\n\u2022 de  faire  un  retour  en  fin  d'\u00e9v\u00e8nement  aux  \u00e9quipes  du  parc  sur  d'\u00e9ventuels\ndysfonctionnements. \nIl s'agit notamment de canaliser les participants (\u00e9viter les sorties de pistes par pose d'am\u00e9nage -\nment \u00e9ph\u00e9m\u00e8res de protection) et d'\u00e9viter les zones les plus sensibles sur certaines p\u00e9riodes. \npage 7/21\n69_DDT_Direction d\u00e9partementale des territoires du Rh\u00f4ne - 69-2025-09-05-00006 - Arr\u00eat\u00e9 pr\u00e9fectoral n\u00b0 DDT - SENR-2025 E 142 du\n5 septembre 2025\nportant d\u00e9rogation aux dispositions de l'article L.411-1 du code de l'environnement pour\ndestruction et perturbation intentionnelle de sp\u00e9cimens d'esp\u00e8ces animales prot\u00e9g\u00e9es,\ndestruction, alt\u00e9ration ou d\u00e9gradation de sites de reproduction ou d'aires de repos\nd'esp\u00e8ces animales prot\u00e9g\u00e9es,\ncoupe, arrachage, cueillette ou enl\u00e8vement de sp\u00e9cimens d'esp\u00e8ces v\u00e9g\u00e9tales prot\u00e9g\u00e9es,\nB\u00e9n\u00e9ficiaire : M\u00c9TROPOLE DE LYON\ndans le cadre du projet de mise en oeuvre du plan de gestion du Parc de Lacroix-Laval\nsur les communes de Marcy-l'\u00c9toile, de Charbonni\u00e8res-les-Bains et de La Tour-de-Salvagny (69)\n24\n3.2. Mesure compensatoire\nLa mesure compensatoire est mise en \u0153uvre en int\u00e9gralit\u00e9 au plus tard le 31 d\u00e9cembre de l'ann\u00e9e\nde l'ann\u00e9e de signature du pr\u00e9sent arr\u00eat\u00e9 et pour une dur\u00e9e initiale minimale de 30 ans, correspon -\ndant \u00e0 la dur\u00e9e du sch\u00e9ma directeur du parc. \nMC1.   Cr\u00e9ation de zones refuges pour la faune.   \nLocalisation Parcelles localis\u00e9es en ANNEXE VII, r\u00e9parties sur l'ensemble du parc. \nNature  de  la\nmesure\nZones  refuges  pour  la  faune  et  \u00ab  \u00eelots  de\ns\u00e9nescence \u00bb\nSurface 28 ha\nModalit\u00e9s  de\nr\u00e9alisation  de\nl'intervention\ninitiale\nLa  mise  en  place  de la mesure  n\u00e9cessite  la fermeture  des secteurs concern\u00e9s au public\n(barri\u00e8res physiques ou dispositifs \u00e9quivalents en fonction des contraintes) ainsi que la pose\nde panneaux informatifs. \nModalit\u00e9s  de\ngestion\nMaintien  des  zones  en  libre  \u00e9volution.  Aucune  gestion  \u00e0  l'exception  des  \u00e9ventuelles\ninterventions li\u00e9es \u00e0 la s\u00e9curisation des cheminements situ\u00e9s en bordure de ces zones et \u00e0 la\ngestion des esp\u00e8ces exotiques envahissantes le cas \u00e9ch\u00e9ant. Maintien des arbres morts sur\npied et au sol. \n3.3. Mesures de suivi et \u00e9valuation des mesures\nMS1. Suivi des interventions de gestion\nLa mise en \u0153uvre du plan de gestion est suivie par l'\u00e9quipe du parc qui veille \u00e0 la mise en \u0153uvre de\nl'int\u00e9gralit\u00e9 des mesures d'\u00e9vitement, de r\u00e9duction et de compensation prescrites par le pr\u00e9sent\narr\u00eat\u00e9. Ce suivi est constitu\u00e9  a minima  des \u00e9l\u00e9ments suivants  : localisation et identification des\nzones  \u00e0  enjeux,  balisages,  marquages,  formation  et  sensibilisation  du  personnel  de  chantier,\nsurveillance du site et des esp\u00e8ces exotiques envahissantes.\nL'\u00e9quipe du parc s'assure de la tra\u00e7abilit\u00e9 des diff\u00e9rentes actions et de leur restitution dans un\nrapport de suivi annuel. \nIl d\u00e9taille en particulier les interventions r\u00e9alis\u00e9es en urgence pour des questions de s\u00e9curisation (\u00e0\nminima les informations suivantes sont collect\u00e9es : date, nature de l'intervention, entit\u00e9 concern\u00e9e,\nimpact faune identifi\u00e9). \nLes rapports de suivis annuels sont transmis avant le 31 mars de l'ann\u00e9e suivante \u00e0 la direction\nr\u00e9gionale de l'environnement, de l'am\u00e9nagement et du logement (DREAL) Auvergne-Rh\u00f4ne-Alpes\n(SEHN / PPME, pme.ehn.dreal-ara@developpement-durable.gouv.fr). \nUn bilan complet est \u00e9tabli tous les 5 ans au moment du renouvellement du plan de gestion. Ce\nbilan  devra  statuer  sur  le  maintien  dans  un  bon  \u00e9tat  de  conservation  des  esp\u00e8ces  prot\u00e9g\u00e9es\nconcern\u00e9es, conform\u00e9ment aux dispositions de l'article 5. \nMS2. Suivi des habitats et des esp\u00e8ces\nLe suivi \u00e9cologique du parc est r\u00e9alis\u00e9 selon les modalit\u00e9s pr\u00e9cis\u00e9es dans le plan de gestion. \n3.4. Fourniture de donn\u00e9es\nLes mesures de compensations sont g\u00e9olocalis\u00e9es et, conform\u00e9ment \u00e0 l'article 69 de la loi  n\u00b0 2016-\n1087 du 8 ao\u00fbt 2016 pour la reconqu\u00eate de la biodiversit\u00e9, de la nature et des paysages, sont mises \u00e0\ndisposition du public au travers d'une plateforme d\u00e9di\u00e9e. \nLe ma\u00eetre d'ouvrage fournit aux services comp\u00e9tents de l'\u00c9tat toutes les informations n\u00e9cessaires au\nrenseignement de cet outil par ces services dans un d\u00e9lai de 3 mois suivant la notification de l'arr\u00eat\u00e9\nde d\u00e9rogation. \nLe ma\u00eetre d'ouvrage fournit, a minima, les donn\u00e9es vectorielles des mesures compensatoires. Il peut\n\u00e9galement  joindre  les  donn\u00e9es  relatives  aux  mesures  d'\u00e9vitements,  de  r\u00e9ductions  et\nd'accompagnements. Ces donn\u00e9es sont projet\u00e9es dans le syst\u00e8me de coordonn\u00e9es de r\u00e9f\u00e9rence\nRGF93 (Lambert-93) et \u00eatre compatibles avec la biblioth\u00e8que GDAL/OGR (pr\u00e9f\u00e9rentiellement les\nformats ESRI Shapefile ou MapInfo). Elles sont conformes aux donn\u00e9es pr\u00e9sent\u00e9es dans le dossier de\nd\u00e9rogation et ses \u00e9ventuels avenants vis\u00e9s par cet arr\u00eat\u00e9.\npage 8/21\n69_DDT_Direction d\u00e9partementale des territoires du Rh\u00f4ne - 69-2025-09-05-00006 - Arr\u00eat\u00e9 pr\u00e9fectoral n\u00b0 DDT - SENR-2025 E 142 du\n5 septembre 2025\nportant d\u00e9rogation aux dispositions de l'article L.411-1 du code de l'environnement pour\ndestruction et perturbation intentionnelle de sp\u00e9cimens d'esp\u00e8ces animales prot\u00e9g\u00e9es,\ndestruction, alt\u00e9ration ou d\u00e9gradation de sites de reproduction ou d'aires de repos\nd'esp\u00e8ces animales prot\u00e9g\u00e9es,\ncoupe, arrachage, cueillette ou enl\u00e8vement de sp\u00e9cimens d'esp\u00e8ces v\u00e9g\u00e9tales prot\u00e9g\u00e9es,\nB\u00e9n\u00e9ficiaire : M\u00c9TROPOLE DE LYON\ndans le cadre du projet de mise en oeuvre du plan de gestion du Parc de Lacroix-Laval\nsur les communes de Marcy-l'\u00c9toile, de Charbonni\u00e8res-les-Bains et de La Tour-de-Salvagny (69)\n25\nLes diff\u00e9rentes entit\u00e9s vectorielles (polygones, polylignes et points) se voient affecter, a minima, les\nchamps id (nombre entier r\u00e9el 64 bits) et nom (texte de caract\u00e8res). La donn\u00e9e attributaire du\nchamp nom d'une entit\u00e9 correspond \u00e0 l'intitul\u00e9 de la mesure telle que d\u00e9crite dans le pr\u00e9sent arr\u00eat\u00e9\n(par exemple : MC1. Cr\u00e9ation de zones refuges pour la faune.).\nLe b\u00e9n\u00e9ficiaire contribue \u00e0 l'Inventaire national du Patrimoine naturel via le t\u00e9l\u00e9service d\u00e9di\u00e9 au\nd\u00e9p\u00f4t  l\u00e9gal  des  donn\u00e9es  brutes  de  biodiversit\u00e9  acquises  \u00e0  l'occasion  des  \u00e9tudes  d'\u00e9valuation\npr\u00e9alable ou de suivi des impacts r\u00e9alis\u00e9es dans le cadre du pr\u00e9sent arr\u00eat\u00e9.\nOn entend par donn\u00e9es brutes de biodiversit\u00e9 les donn\u00e9es d'observation de taxons, d'habitats\nd'esp\u00e8ces  ou  d'habitats  naturels,  recueillies  par  observation  directe,  par  bibliographie  ou  par\nacquisition de donn\u00e9es aupr\u00e8s d'organismes d\u00e9tenant des donn\u00e9es existantes.\nArticle 4     : Dur\u00e9e de validit\u00e9 de la d\u00e9rogation\nLa d\u00e9rogation est accord\u00e9e pendant toute la dur\u00e9e de mise en \u0153uvre du sch\u00e9ma directeur du parc\nen cours, soit pour une dur\u00e9e de 30 ans.\nLes mesures compensatoires sont mises en \u0153uvre sur une dur\u00e9e initiale minimale de 30 ans, selon\nles modalit\u00e9s d\u00e9finies \u00e0 l'article 3.3.\nArticle 5     : Mesures correctives et compl\u00e9mentaires\nSi les suivis pr\u00e9vus \u00e0 l'article 3 mettent en \u00e9vidence une insuffisance des mesures prescrites pour\ngarantir  le  maintien  dans  un  bon  \u00e9tat  de  conservation  des  esp\u00e8ces  prot\u00e9g\u00e9es  concern\u00e9es,  le\nb\u00e9n\u00e9ficiaire  est  tenu  de  proposer  des  mesures  correctives  et  des  mesures  compensatoires\ncompl\u00e9mentaires qui sont soumises \u00e0 la DREAL Auvergne-Rh\u00f4ne-Alpes pour validation. La Pr\u00e9f\u00e8te\nfixera, s'il y a lieu, des prescriptions compl\u00e9mentaires.\nArticle 6     : Modifications\nConform\u00e9ment aux dispositions de l'article R. 411-10-2, toute modification ne pr\u00e9sentant pas un\ncaract\u00e8re substantiel est port\u00e9e par le b\u00e9n\u00e9ficiaire de la d\u00e9rogation \u00e0 la connaissance de l'autorit\u00e9\nadministrative comp\u00e9tente, avant  sa r\u00e9alisation, avec tous les \u00e9l\u00e9ments d'appr\u00e9ciation. Celle-ci\npeut imposer toute prescription compl\u00e9mentaire n\u00e9cessaire au respect des dispositions de l'article\nL. 411-2 \u00e0 l'occasion de ces modifications.\nConform\u00e9ment  aux  dispositions  de  l'article  R.  411-10-1,  toute  modification  substantielle  d'une\nactivit\u00e9, d'une installation, d'un ouvrage ou de travaux ayant b\u00e9n\u00e9fici\u00e9 d'une d\u00e9rogation, qu'elle\nintervienne avant la r\u00e9alisation du projet ou lors de sa mise en \u0153uvre ou de son exploitation, est\nsubordonn\u00e9e \u00e0 la d\u00e9livrance d'une nouvelle d\u00e9rogation.\nEst  regard\u00e9e comme substantielle, la modification apport\u00e9e \u00e0 une activit\u00e9, une installation, un\nouvrage ou des travaux qui :\n\u2022 en constitue une extension devant faire l'objet d'une nouvelle \u00e9valuation environnementale\nen application du II de l'article R. 122-2,\n\u2022 ou atteint des seuils quantitatifs et r\u00e9pond \u00e0 des crit\u00e8res fix\u00e9s par arr\u00eat\u00e9 du ministre charg\u00e9\nde l'environnement,\n\u2022 ou est de nature \u00e0 entra\u00eener  des dangers et  inconv\u00e9nients significatifs pour  les int\u00e9r\u00eats\nmentionn\u00e9s \u00e0 l'article L. 411-1.\nArticle 7 : D\u00e9claration des incidents ou accidents\nD\u00e8s qu'il en a connaissance, le b\u00e9n\u00e9ficiaire est tenu de d\u00e9clarer au Pr\u00e9fet les accidents ou incidents\nint\u00e9ressant les installations, ouvrages, travaux ou activit\u00e9s faisant objet du pr\u00e9sent arr\u00eat\u00e9 qui sont\nde nature \u00e0 porter atteinte aux esp\u00e8ces prot\u00e9g\u00e9es ou \u00e0 leurs habitats.\nSans pr\u00e9judice des mesures que pourra prescrire le Pr\u00e9fet, le b\u00e9n\u00e9ficiaire prend ou de fait prendre\ntoutes dispositions n\u00e9cessaires pour mettre fin aux causes de l'incident  ou de l'accident, pour\n\u00e9valuer ses cons\u00e9quences et y rem\u00e9dier.\npage 9/21\n69_DDT_Direction d\u00e9partementale des territoires du Rh\u00f4ne - 69-2025-09-05-00006 - Arr\u00eat\u00e9 pr\u00e9fectoral n\u00b0 DDT - SENR-2025 E 142 du\n5 septembre 2025\nportant d\u00e9rogation aux dispositions de l'article L.411-1 du code de l'environnement pour\ndestruction et perturbation intentionnelle de sp\u00e9cimens d'esp\u00e8ces animales prot\u00e9g\u00e9es,\ndestruction, alt\u00e9ration ou d\u00e9gradation de sites de reproduction ou d'aires de repos\nd'esp\u00e8ces animales prot\u00e9g\u00e9es,\ncoupe, arrachage, cueillette ou enl\u00e8vement de sp\u00e9cimens d'esp\u00e8ces v\u00e9g\u00e9tales prot\u00e9g\u00e9es,\nB\u00e9n\u00e9ficiaire : M\u00c9TROPOLE DE LYON\ndans le cadre du projet de mise en oeuvre du plan de gestion du Parc de Lacroix-Laval\nsur les communes de Marcy-l'\u00c9toile, de Charbonni\u00e8res-les-Bains et de La Tour-de-Salvagny (69)\n26\nLe b\u00e9n\u00e9ficiaire demeure responsable des accidents ou dommages qui seraient la cons\u00e9quence de\nl'activit\u00e9 ou de l'ex\u00e9cution des travaux ou de l'am\u00e9nagement.\nArticle 8     : Titulaire\nLa pr\u00e9sente d\u00e9rogation est personnelle, et transf\u00e9rable \u00e0 un tiers dans les conditions d\u00e9finies par\nl'article R. 411-11 du Code de l'Environnement. Elle peut \u00eatre retir\u00e9e \u00e0 tout moment sans indemnit\u00e9\nsi le b\u00e9n\u00e9ficiaire n'en respecte pas les clauses ou les prescriptions qui lui sont li\u00e9es.\nLe b\u00e9n\u00e9ficiaire ou son repr\u00e9sentant doit \u00eatre porteur du pr\u00e9sent arr\u00eat\u00e9 lors des op\u00e9rations cit\u00e9es \u00e0\nl'article 1 et il est tenu de la pr\u00e9senter \u00e0 toute demande des agents commissionn\u00e9s au titre de\nl'environnement.\nArticle 9     : Contr\u00f4le et d\u00e9marrage des travaux \nLa mise en \u0153uvre des dispositions du pr\u00e9sent arr\u00eat\u00e9 pourra faire l'objet de contr\u00f4les par les agents\nvis\u00e9s \u00e0 l'article L. 415-1 du code de l'environnement.\nLe b\u00e9n\u00e9ficiaire est tenu de laisser acc\u00e8s aux agents charg\u00e9s du contr\u00f4le dans les conditions pr\u00e9vues\n\u00e0 l'article L. 172-5 du code de l'environnement.\nLes  agents  peuvent  demander  communication  de  toute  pi\u00e8ce  utile  au  contr\u00f4le  de  la  bonne\nex\u00e9cution du pr\u00e9sent arr\u00eat\u00e9 conforment \u00e0 l'article L. 172-11 du code de l'environnement.\nArticle 10     : Sanctions administratives et p\u00e9nales\nLe non-respect des dispositions du pr\u00e9sent arr\u00eat\u00e9 peut donner lieu aux sanctions administratives\npr\u00e9vues par les articles L. 171-7 et 171-8 du code de l'environnement.\nLes infractions p\u00e9nales aux dispositions du pr\u00e9sent arr\u00eat\u00e9 sont punies des peines pr\u00e9vues \u00e0 l'article\nL. 415-3 du Code de l'environnement.\nArticle 11 : Droits et information des tiers\nLes droits des tiers sont et demeurent express\u00e9ment r\u00e9serv\u00e9s. Le pr\u00e9sent arr\u00eat\u00e9 sera publi\u00e9 au\nrecueil des actes administratifs de la pr\u00e9fecture du Rh\u00f4ne.\nArticle 12     : Voies et d\u00e9lais de recours \nLa pr\u00e9sente d\u00e9cision peut \u00eatre contest\u00e9e :\n\u2022 par recours gracieux aupr\u00e8s de son signataire dans les deux mois suivant la notification ou la\npublication de la d\u00e9cision, le silence gard\u00e9 par l'administration pendant plus de deux mois\nvaut d\u00e9cision implicite de rejet qui peut, elle-m\u00eame \u00eatre d\u00e9f\u00e9r\u00e9e au tribunal administratif de\nLyon dans un d\u00e9lai de deux mois,\n\u2022 par  un  recours  contentieux  form\u00e9  aupr\u00e8s  du  tribunal  administratif  de  Lyon  (184,  rue\nDuguesclin, 69433 Lyon Cedex 03) dans les deux mois suivant la date de notification ou de\npublication de la d\u00e9cision, le d\u00e9lai de recours gracieux \u00e9tant interruptif du d\u00e9lai du recours\ncontentieux.\nLe tribunal administratif peut \u00eatre saisi d'une requ\u00eate d\u00e9pos\u00e9e sur le site www.telerecours.fr.\npage 10/21\n69_DDT_Direction d\u00e9partementale des territoires du Rh\u00f4ne - 69-2025-09-05-00006 - Arr\u00eat\u00e9 pr\u00e9fectoral n\u00b0 DDT - SENR-2025 E 142 du\n5 septembre 2025\nportant d\u00e9rogation aux dispositions de l'article L.411-1 du code de l'environnement pour\ndestruction et perturbation intentionnelle de sp\u00e9cimens d'esp\u00e8ces animales prot\u00e9g\u00e9es,\ndestruction, alt\u00e9ration ou d\u00e9gradation de sites de reproduction ou d'aires de repos\nd'esp\u00e8ces animales prot\u00e9g\u00e9es,\ncoupe, arrachage, cueillette ou enl\u00e8vement de sp\u00e9cimens d'esp\u00e8ces v\u00e9g\u00e9tales prot\u00e9g\u00e9es,\nB\u00e9n\u00e9ficiaire : M\u00c9TROPOLE DE LYON\ndans le cadre du projet de mise en oeuvre du plan de gestion du Parc de Lacroix-Laval\nsur les communes de Marcy-l'\u00c9toile, de Charbonni\u00e8res-les-Bains et de La Tour-de-Salvagny (69)\n27\nArticle 13 : Ex\u00e9cution\nLe pr\u00e9fet, secr\u00e9taire g\u00e9n\u00e9ral de la pr\u00e9fecture du Rh\u00f4ne, pr\u00e9fet d\u00e9l\u00e9gu\u00e9 pour l'\u00e9galit\u00e9 des chances,\nle directeur r\u00e9gional de l'environnement, de l'am\u00e9nagement et du logement Auvergne-Rh\u00f4ne-Alpes, \nle directeur d\u00e9partemental des territoires du Rh\u00f4ne, \nles commandants des gendarmeries de Dardilly et de Tassin-la-Demi-Lune, \nle chef du service d\u00e9partemental de l'office fran\u00e7ais de la biodiversit\u00e9 du Rh\u00f4ne\nsont charg\u00e9s, chacun en ce qui le concerne, d e l'ex\u00e9cution du pr\u00e9sent arr\u00eat\u00e9 qui sera publi\u00e9 au\nrecueil des actes administratifs de la Pr\u00e9fecture du Rh\u00f4ne, et dont copie est adress\u00e9e :\n\u2022 \u00e0 la DREAL Auvergne-Rh\u00f4ne-Alpes,\n\u2022 \u00e0 la direction d\u00e9partementale des territoires du Rh\u00f4ne,\n\u2022 aux gendarmeries de Dardilly et de Tassin-la-Demi-Lune,\n\u2022 au service d\u00e9partemental de l'OFB du Rh\u00f4ne,\n\u2022 aux maires des communes  de Marcy-l'\u00c9toile, de Charbonni\u00e8res-les-Bains et de La Tour-de-\nSalvagny.\nPour la pr\u00e9f\u00e8te, \nle pr\u00e9fet,\nsecr\u00e9taire g\u00e9n\u00e9ral\npr\u00e9fet d\u00e9l\u00e9gu\u00e9 pour l'\u00e9galit\u00e9 des chances\nFabrice ROSAY\npage 11/21\n69_DDT_Direction d\u00e9partementale des territoires du Rh\u00f4ne - 69-2025-09-05-00006 - Arr\u00eat\u00e9 pr\u00e9fectoral n\u00b0 DDT - SENR-2025 E 142 du\n5 septembre 2025\nportant d\u00e9rogation aux dispositions de l'article L.411-1 du code de l'environnement pour\ndestruction et perturbation intentionnelle de sp\u00e9cimens d'esp\u00e8ces animales prot\u00e9g\u00e9es,\ndestruction, alt\u00e9ration ou d\u00e9gradation de sites de reproduction ou d'aires de repos\nd'esp\u00e8ces animales prot\u00e9g\u00e9es,\ncoupe, arrachage, cueillette ou enl\u00e8vement de sp\u00e9cimens d'esp\u00e8ces v\u00e9g\u00e9tales prot\u00e9g\u00e9es,\nB\u00e9n\u00e9ficiaire : M\u00c9TROPOLE DE LYON\ndans le cadre du projet de mise en oeuvre du plan de gestion du Parc de Lacroix-Laval\nsur les communes de Marcy-l'\u00c9toile, de Charbonni\u00e8res-les-Bains et de La Tour-de-Salvagny (69)\n28\npage 12/21\n69_DDT_Direction d\u00e9partementale des territoires du Rh\u00f4ne - 69-2025-09-05-00006 - Arr\u00eat\u00e9 pr\u00e9fectoral n\u00b0 DDT - SENR-2025 E 142 du\n5 septembre 2025\nportant d\u00e9rogation aux dispositions de l'article L.411-1 du code de l'environnement pour\ndestruction et perturbation intentionnelle de sp\u00e9cimens d'esp\u00e8ces animales prot\u00e9g\u00e9es,\ndestruction, alt\u00e9ration ou d\u00e9gradation de sites de reproduction ou d'aires de repos\nd'esp\u00e8ces animales prot\u00e9g\u00e9es,\ncoupe, arrachage, cueillette ou enl\u00e8vement de sp\u00e9cimens d'esp\u00e8ces v\u00e9g\u00e9tales prot\u00e9g\u00e9es,\nB\u00e9n\u00e9ficiaire : M\u00c9TROPOLE DE LYON\ndans le cadre du projet de mise en oeuvre du plan de gestion du Parc de Lacroix-Laval\nsur les communes de Marcy-l'\u00c9toile, de Charbonni\u00e8res-les-Bains et de La Tour-de-Salvagny (69)\n29\nAnnexe I \u2013 Localisation du projet et p\u00e9rim\u00e8tre de la d\u00e9rogation \nLocalisation du projet\npage 13/21\n69_DDT_Direction d\u00e9partementale des territoires du Rh\u00f4ne - 69-2025-09-05-00006 - Arr\u00eat\u00e9 pr\u00e9fectoral n\u00b0 DDT - SENR-2025 E 142 du\n5 septembre 2025\nportant d\u00e9rogation aux dispositions de l'article L.411-1 du code de l'environnement pour\ndestruction et perturbation intentionnelle de sp\u00e9cimens d'esp\u00e8ces animales prot\u00e9g\u00e9es,\ndestruction, alt\u00e9ration ou d\u00e9gradation de sites de reproduction ou d'aires de repos\nd'esp\u00e8ces animales prot\u00e9g\u00e9es,\ncoupe, arrachage, cueillette ou enl\u00e8vement de sp\u00e9cimens d'esp\u00e8ces v\u00e9g\u00e9tales prot\u00e9g\u00e9es,\nB\u00e9n\u00e9ficiaire : M\u00c9TROPOLE DE LYON\ndans le cadre du projet de mise en oeuvre du plan de gestion du Parc de Lacroix-Laval\nsur les communes de Marcy-l'\u00c9toile, de Charbonni\u00e8res-les-Bains et de La Tour-de-Salvagny (69)\n30\npage 14/21\n69_DDT_Direction d\u00e9partementale des territoires du Rh\u00f4ne - 69-2025-09-05-00006 - Arr\u00eat\u00e9 pr\u00e9fectoral n\u00b0 DDT - SENR-2025 E 142 du\n5 septembre 2025\nportant d\u00e9rogation aux dispositions de l'article L.411-1 du code de l'environnement pour\ndestruction et perturbation intentionnelle de sp\u00e9cimens d'esp\u00e8ces animales prot\u00e9g\u00e9es,\ndestruction, alt\u00e9ration ou d\u00e9gradation de sites de reproduction ou d'aires de repos\nd'esp\u00e8ces animales prot\u00e9g\u00e9es,\ncoupe, arrachage, cueillette ou enl\u00e8vement de sp\u00e9cimens d'esp\u00e8ces v\u00e9g\u00e9tales prot\u00e9g\u00e9es,\nB\u00e9n\u00e9ficiaire : M\u00c9TROPOLE DE LYON\ndans le cadre du projet de mise en oeuvre du plan de gestion du Parc de Lacroix-Laval\nsur les communes de Marcy-l'\u00c9toile, de Charbonni\u00e8res-les-Bains et de La Tour-de-Salvagny (69)\n31\nPlan de gestion - Parc de Lacroix LavalSecteurs\nM\u00e9tropole du GraGrand Lyon ; EODD \u00a9 EODD 2024\nLOCALISATION DES AIRESD'ETUDE ASSOCIEES AU PROJET\nAires d'\u00e9tudeaire d'\u00e9tude imm\u00e9diateAre d'\u00e9tude rapproch\u00e9e (50 m)\n: '4\n100 200 m=\nP\u00e9rim\u00e8tre de la d\u00e9rogation (aire d'\u00e9tude imm\u00e9diate)\npage 15/21\n69_DDT_Direction d\u00e9partementale des territoires du Rh\u00f4ne - 69-2025-09-05-00006 - Arr\u00eat\u00e9 pr\u00e9fectoral n\u00b0 DDT - SENR-2025 E 142 du\n5 septembre 2025\nportant d\u00e9rogation aux dispositions de l'article L.411-1 du code de l'environnement pour\ndestruction et perturbation intentionnelle de sp\u00e9cimens d'esp\u00e8ces animales prot\u00e9g\u00e9es,\ndestruction, alt\u00e9ration ou d\u00e9gradation de sites de reproduction ou d'aires de repos\nd'esp\u00e8ces animales prot\u00e9g\u00e9es,\ncoupe, arrachage, cueillette ou enl\u00e8vement de sp\u00e9cimens d'esp\u00e8ces v\u00e9g\u00e9tales prot\u00e9g\u00e9es,\nB\u00e9n\u00e9ficiaire : M\u00c9TROPOLE DE LYON\ndans le cadre du projet de mise en oeuvre du plan de gestion du Parc de Lacroix-Laval\nsur les communes de Marcy-l'\u00c9toile, de Charbonni\u00e8res-les-Bains et de La Tour-de-Salvagny (69)\n32\nLOCALISATION DES LISIERES ADEVELOPPER\nre5a375a2roL}4(= Lisidres \u00e0 d\u00e9velopper\n200m100\nAnnexe II\nLocalisation de la mesure MR1\npage 16/21\n69_DDT_Direction d\u00e9partementale des territoires du Rh\u00f4ne - 69-2025-09-05-00006 - Arr\u00eat\u00e9 pr\u00e9fectoral n\u00b0 DDT - SENR-2025 E 142 du\n5 septembre 2025\nportant d\u00e9rogation aux dispositions de l'article L.411-1 du code de l'environnement pour\ndestruction et perturbation intentionnelle de sp\u00e9cimens d'esp\u00e8ces animales prot\u00e9g\u00e9es,\ndestruction, alt\u00e9ration ou d\u00e9gradation de sites de reproduction ou d'aires de repos\nd'esp\u00e8ces animales prot\u00e9g\u00e9es,\ncoupe, arrachage, cueillette ou enl\u00e8vement de sp\u00e9cimens d'esp\u00e8ces v\u00e9g\u00e9tales prot\u00e9g\u00e9es,\nB\u00e9n\u00e9ficiaire : M\u00c9TROPOLE DE LYON\ndans le cadre du projet de mise en oeuvre du plan de gestion du Parc de Lacroix-Laval\nsur les communes de Marcy-l'\u00c9toile, de Charbonni\u00e8res-les-Bains et de La Tour-de-Salvagny (69)\n33\n* Zone refuge: pas d'intervention en ann\u00e9e N* Fauche en octobre de l'annee N+1\n\u2014\n* fenaison en juin* puis fauche en octobre = 1 seule fauche en octobre\nZone 1 Zone 2 | Zone 3* \u2014 fenaisonen juinAnn\u00e9e N * puis fauche en * fauche en octobre * Pas d'interventionoctobre* fonaison on juinAnn\u00e9eN+1 \u00a9 Pas d'intervention * puis fauche en * fauche en octobreoctobre* \u2014 fenaison en juinAnn\u00e9e N+2 + faucheen octobre * Pas d'intervention * puis fauche enoctobre\nFrauches (Zone | Zn | Zone3 |Fauche 1 SJ rane. + fenaisonen| Ad\u00e9couperen 3 nope juin + fauche en + PasTonte oui puis fauche en octobre d'interventionoctobre+ fenaisonenAnn\u00e9e + Pas juin + fauche en\u00e0 N+1 d'intervention + puis fauche octobre\u2014 en octobre4+ & mm * fenaisoneny \\ Ann\u00e9e + faucheen * Pas juin. | N+2 octobre d'intervention * puis fauche/ en octobre\ner Chaque \u00a2 fenaison en juin puis fauche r\u00e9guli\u00e8re en raisonann\u00e9e des usages\nAnnexe III\nLocalisation de la mesure MR3\nPlan de fauche de la clairi\u00e8re de Varenne\nPlan de fauche du jardin \u00e0 l'anglaise\npage 17/21\n69_DDT_Direction d\u00e9partementale des territoires du Rh\u00f4ne - 69-2025-09-05-00006 - Arr\u00eat\u00e9 pr\u00e9fectoral n\u00b0 DDT - SENR-2025 E 142 du\n5 septembre 2025\nportant d\u00e9rogation aux dispositions de l'article L.411-1 du code de l'environnement pour\ndestruction et perturbation intentionnelle de sp\u00e9cimens d'esp\u00e8ces animales prot\u00e9g\u00e9es,\ndestruction, alt\u00e9ration ou d\u00e9gradation de sites de reproduction ou d'aires de repos\nd'esp\u00e8ces animales prot\u00e9g\u00e9es,\ncoupe, arrachage, cueillette ou enl\u00e8vement de sp\u00e9cimens d'esp\u00e8ces v\u00e9g\u00e9tales prot\u00e9g\u00e9es,\nB\u00e9n\u00e9ficiaire : M\u00c9TROPOLE DE LYON\ndans le cadre du projet de mise en oeuvre du plan de gestion du Parc de Lacroix-Laval\nsur les communes de Marcy-l'\u00c9toile, de Charbonni\u00e8res-les-Bains et de La Tour-de-Salvagny (69)\n34\nHi tin dclion mm de EL rm Pareil ancien ma Parc de AR RE\u00a9 Nichoir_chiro_preconisation_2021\u00a9 An\u00e9nagement_bati_chiro_pr\u00e9conisation_2021\nAnnexe IV\nLocalisation de la mesure MR4\npage 18/21\n69_DDT_Direction d\u00e9partementale des territoires du Rh\u00f4ne - 69-2025-09-05-00006 - Arr\u00eat\u00e9 pr\u00e9fectoral n\u00b0 DDT - SENR-2025 E 142 du\n5 septembre 2025\nportant d\u00e9rogation aux dispositions de l'article L.411-1 du code de l'environnement pour\ndestruction et perturbation intentionnelle de sp\u00e9cimens d'esp\u00e8ces animales prot\u00e9g\u00e9es,\ndestruction, alt\u00e9ration ou d\u00e9gradation de sites de reproduction ou d'aires de repos\nd'esp\u00e8ces animales prot\u00e9g\u00e9es,\ncoupe, arrachage, cueillette ou enl\u00e8vement de sp\u00e9cimens d'esp\u00e8ces v\u00e9g\u00e9tales prot\u00e9g\u00e9es,\nB\u00e9n\u00e9ficiaire : M\u00c9TROPOLE DE LYON\ndans le cadre du projet de mise en oeuvre du plan de gestion du Parc de Lacroix-Laval\nsur les communes de Marcy-l'\u00c9toile, de Charbonni\u00e8res-les-Bains et de La Tour-de-Salvagny (69)\n35\nLOCALISATION DES HABITATSLIES AUX AMPHIBIENS\nL t Aire d'\u00e9tude imm\u00e9diate\nHabitats aquatiquese MareEN Plans d'eau\u2014\u2014 Cours d'eau permanent-\u2014\u2014 Cours d'eau intermittent\nHabitats terrestresBRS Phase terrestreAxes de d\u00e9placement\nGRAND LYON M\u00c9TROPOLE. Source : IGN Orthophotoplons ; EODD. Tous droits r\u00e9serv\u00e9s \u00a9 F0DD 2028 \u00ab= COL\nAnnexe V\nLocalisation des mesures MR5 et MR6\npage 19/21\n69_DDT_Direction d\u00e9partementale des territoires du Rh\u00f4ne - 69-2025-09-05-00006 - Arr\u00eat\u00e9 pr\u00e9fectoral n\u00b0 DDT - SENR-2025 E 142 du\n5 septembre 2025\nportant d\u00e9rogation aux dispositions de l'article L.411-1 du code de l'environnement pour\ndestruction et perturbation intentionnelle de sp\u00e9cimens d'esp\u00e8ces animales prot\u00e9g\u00e9es,\ndestruction, alt\u00e9ration ou d\u00e9gradation de sites de reproduction ou d'aires de repos\nd'esp\u00e8ces animales prot\u00e9g\u00e9es,\ncoupe, arrachage, cueillette ou enl\u00e8vement de sp\u00e9cimens d'esp\u00e8ces v\u00e9g\u00e9tales prot\u00e9g\u00e9es,\nB\u00e9n\u00e9ficiaire : M\u00c9TROPOLE DE LYON\ndans le cadre du projet de mise en oeuvre du plan de gestion du Parc de Lacroix-Laval\nsur les communes de Marcy-l'\u00c9toile, de Charbonni\u00e8res-les-Bains et de La Tour-de-Salvagny (69)\n36\nLOCALISATION DES ARBRE ACAVITES IDENTIFIES PAR LA FNE\nCT Limites du parcArbres \u00e0 cavit\u00e9(s] (Sources : FNE Rh\u00f4ne,2021}\n2\nGRAND LYON M\u00c9TROPOLE. Source : FNE Rh\u00f4ne, IGN Orthophotopions ; EODD. Tous droits r\u00e9serv\u00e9s \u00a9 EODD 2024 COLL)\nAnnexe VI\nLocalisation de la mesure MR7\npage 20/21\n69_DDT_Direction d\u00e9partementale des territoires du Rh\u00f4ne - 69-2025-09-05-00006 - Arr\u00eat\u00e9 pr\u00e9fectoral n\u00b0 DDT - SENR-2025 E 142 du\n5 septembre 2025\nportant d\u00e9rogation aux dispositions de l'article L.411-1 du code de l'environnement pour\ndestruction et perturbation intentionnelle de sp\u00e9cimens d'esp\u00e8ces animales prot\u00e9g\u00e9es,\ndestruction, alt\u00e9ration ou d\u00e9gradation de sites de reproduction ou d'aires de repos\nd'esp\u00e8ces animales prot\u00e9g\u00e9es,\ncoupe, arrachage, cueillette ou enl\u00e8vement de sp\u00e9cimens d'esp\u00e8ces v\u00e9g\u00e9tales prot\u00e9g\u00e9es,\nB\u00e9n\u00e9ficiaire : M\u00c9TROPOLE DE LYON\ndans le cadre du projet de mise en oeuvre du plan de gestion du Parc de Lacroix-Laval\nsur les communes de Marcy-l'\u00c9toile, de Charbonni\u00e8res-les-Bains et de La Tour-de-Salvagny (69)\n37\nILOTS DE VIELLISSEMENT\n[as Limites du parcM lots de vietlissement\n\u00e9- VE \u00abPaGRAND LYON M\u00c9TROPOLE, Source : GLM,, IGN Orthophotoplans ; FOOD. Tous droits r\u00e9serv\u00e9s \u00a9 FODD 2024 MEODD\nAnnexe VII\nLocalisation de la mesure MC1\npage 21/21\n69_DDT_Direction d\u00e9partementale des territoires du Rh\u00f4ne - 69-2025-09-05-00006 - Arr\u00eat\u00e9 pr\u00e9fectoral n\u00b0 DDT - SENR-2025 E 142 du\n5 septembre 2025\nportant d\u00e9rogation aux dispositions de l'article L.411-1 du code de l'environnement pour\ndestruction et perturbation intentionnelle de sp\u00e9cimens d'esp\u00e8ces animales prot\u00e9g\u00e9es,\ndestruction, alt\u00e9ration ou d\u00e9gradation de sites de reproduction ou d'aires de repos\nd'esp\u00e8ces animales prot\u00e9g\u00e9es,\ncoupe, arrachage, cueillette ou enl\u00e8vement de sp\u00e9cimens d'esp\u00e8ces v\u00e9g\u00e9tales prot\u00e9g\u00e9es,\nB\u00e9n\u00e9ficiaire : M\u00c9TROPOLE DE LYON\ndans le cadre du projet de mise en oeuvre du plan de gestion du Parc de Lacroix-Laval\nsur les communes de Marcy-l'\u00c9toile, de Charbonni\u00e8res-les-Bains et de La Tour-de-Salvagny (69)\n38\n69_DDT_Direction d\u00e9partementale des\nterritoires du Rh\u00f4ne\n69-2025-09-15-00016\nArr\u00eat\u00e9 pr\u00e9fectoral n\u00b0DDT-2025-A98 du 15\nseptembre 2025\nportant composition de la formation pl\u00e9ni\u00e8re de\nla commission d\u00e9partementale\nde la chasse et de la faune sauvage dans le\nd\u00e9partement du Rh\u00f4ne et de la M\u00e9tropole de\nLyon\n69_DDT_Direction d\u00e9partementale des territoires du Rh\u00f4ne - 69-2025-09-15-00016 - Arr\u00eat\u00e9 pr\u00e9fectoral n\u00b0DDT-2025-A98 du 15\nseptembre 2025\nportant composition de la formation pl\u00e9ni\u00e8re de la commission d\u00e9partementale\nde la chasse et de la faune sauvage dans le d\u00e9partement du Rh\u00f4ne et de la M\u00e9tropole de Lyon\n39\nesPREFETEDU RHONELibert\u00e9Egalit\u00e9Fraternit\u00e9\nDirection d\u00e9partementale\ndes territoires\nArr\u00eat\u00e9 pr\u00e9fectoral n\u00b0DDT-2025-A98 du 15 septembre 2025\nportant composition de la formation pl\u00e9ni\u00e8re de la commission d\u00e9partementale\nde la chasse et de la faune sauvage dans le d\u00e9partement du Rh\u00f4ne et de la M\u00e9tropole de Lyon\nLa Pr\u00e9f\u00e8te de la R\u00e9gion Auvergne-Rh\u00f4ne-Alpes,\nPr\u00e9f\u00e8te de la Zone de d\u00e9fense et de s\u00e9curit\u00e9 sud-est,\nPr\u00e9f\u00e8te du Rh\u00f4ne,\nCommandeur de la L\u00e9gion d'honneur,\nCommandeur de l'ordre national du M\u00e9rite,\nVU\u00a0le code de l'environnement, notamment les articles, L. 426-5, R. 421-29 \u00e0 R. 421-32 relatifs \u00e0 la  \ncommission d\u00e9partementale de la chasse et de la faune sauvage,\nVU\u00a0le code des relations entre le public et l'administration, et notamment les articles R. 133-1 et  \nsuivants,\nVU\u00a0le d\u00e9cret n\u00b0  2006-665 du 7 juin 2006 relatif \u00e0 la r\u00e9duction du nombre et \u00e0 la simplification de la  \ncomposition de diverses commissions administratives et notamment ses articles 8 et 9,\nVU\u00a0le d\u00e9cret du 11 janvier 2023 en conseil des ministres portant nomination de Mme Fabienne BUCCIO  \nen qualit\u00e9 de pr\u00e9f\u00e8te de la r\u00e9gion Auvergne-Rh\u00f4ne-Alpes, pr\u00e9f\u00e8te de la zone de d\u00e9fense et de s\u00e9curit\u00e9  \nSud-Est, pr\u00e9f\u00e8te du Rh\u00f4ne,\nVU\u00a0le d\u00e9cret du 15 mai 2025 portant nomination de M. Fabrice ROSAY en qualit\u00e9 de pr\u00e9fet, secr\u00e9taire  \ng\u00e9n\u00e9ral de la pr\u00e9fecture du Rh\u00f4ne, pr\u00e9fet d\u00e9l\u00e9gu\u00e9 pour l'\u00e9galit\u00e9 des chances aupr\u00e8s de la pr\u00e9f\u00e8te de la  \nr\u00e9gion Auvergne-Rh\u00f4ne-Alpes, pr\u00e9f\u00e8te de la zone de d\u00e9fense et de s\u00e9curit\u00e9 Sud-Est, pr\u00e9f\u00e8te du Rh\u00f4ne,\nVU\u00a0l'arr\u00eat\u00e9  pr\u00e9fectoral  n\u00b0 69-2025-06-16-00003  du  16  juin  2025  portant  d\u00e9l\u00e9gation  de  signature  \u00e0 \nMonsieur Fabrice ROSAY, pr\u00e9fet secr\u00e9taire g\u00e9n\u00e9ral de la pr\u00e9fecture du Rh\u00f4ne, pr\u00e9fet d\u00e9l\u00e9gu\u00e9 pour  \nl'\u00e9galit\u00e9 des chances,\nVU\u00a0l'arr\u00eat\u00e9 pr\u00e9fectoral n\u00b0 69-2025-09-08-00008 du 8 septembre 2025 portant d\u00e9l\u00e9gation de signature \u00e0 \nM. Xavier CEREZA, directeur d\u00e9partemental des territoires du Rh\u00f4ne,\nVU\u00a0la d\u00e9cision n\u00b0 69-2025-09-11-00001 du 11 septembre 2025 portant subd\u00e9l\u00e9gation de signature en \nmati\u00e8re d'attributions g\u00e9n\u00e9rales,\nVU\u00a0l'arr\u00eat\u00e9  pr\u00e9fectoral  n\u00b0 DDT-2023-A153  du  18  d\u00e9cembre  2023  portant  renouvellement  de  la \ncommission d\u00e9partementale de la chasse et de la faune sauvage dans le d\u00e9partement du Rh\u00f4ne et de  \nla M\u00e9tropole de Lyon formation pl\u00e9ni\u00e8re,\nVU\u00a0l'arr\u00eat\u00e9  pr\u00e9fectoral  n\u00b0 DDT-2025-A61  du  2  juin  2025  portant  d\u00e9signation  des  membres  de  la \ncommission d\u00e9partementale de la chasse et de la faune sauvage dans le d\u00e9partement du Rh\u00f4ne et de  \nla M\u00e9tropole de Lyon formation pl\u00e9ni\u00e8re,\n1/5\n69_DDT_Direction d\u00e9partementale des territoires du Rh\u00f4ne - 69-2025-09-15-00016 - Arr\u00eat\u00e9 pr\u00e9fectoral n\u00b0DDT-2025-A98 du 15\nseptembre 2025\nportant composition de la formation pl\u00e9ni\u00e8re de la commission d\u00e9partementale\nde la chasse et de la faune sauvage dans le d\u00e9partement du Rh\u00f4ne et de la M\u00e9tropole de Lyon\n40\nVU\u00a0les  demandes,  du  30  mai  2025  par  la  coordination  rurale  du  Rh\u00f4ne  et  du  20  juin  2025  par \nl'association  des  forestiers  priv\u00e9s  du  Rh\u00f4ne,  concernant  la  modification  de  leur  repr\u00e9sentant  \u00e0 la \ncommission d\u00e9partementale de la chasse et de la faune sauvage dans le d\u00e9partement du Rh\u00f4ne et de  \nla M\u00e9tropole de Lyon,\nCONSID\u00c9RANT qu'il convient de modifier la composition de la formation pl\u00e9ni\u00e8re de la commission  \nd\u00e9partementale de la chasse et de la faune sauvage,\nSur proposition du directeur d\u00e9partemental des territoires du Rh\u00f4ne,\nARR\u00caTE\nArticle\u00a0 \u00a0\u00a0\u00a0\u00a01\u00a0\u00a0\u00a0:\nLes arr\u00eat\u00e9s pr\u00e9fectoraux n\u00b0 DDT-2023-A153 du 18 d\u00e9cembre 2023 et n\u00b0 DDT-2025-A61 du 2 juin 2025 \nsont abrog\u00e9s.\nArticle\u00a0 \u00a0\u00a0\u00a0\u00a02\u00a0\u00a0\u00a0:\nLa commission d\u00e9partementale de la chasse et de la faune sauvage dans sa formation pl\u00e9ni\u00e8re est \nrenouvel\u00e9e pour une dur\u00e9e de trois ans \u00e0 compter de la date de la signature du pr\u00e9sent arr\u00eat\u00e9.\nArticle\u00a0 \u00a0\u00a0\u00a0\u00a03\u00a0\u00a0\u00a0:\nLa commission d\u00e9partementale de la chasse et de la faune sauvage dans sa formation pl\u00e9ni\u00e8re, \npr\u00e9sid\u00e9e par la Pr\u00e9f\u00e8te ou son repr\u00e9sentant, est constitu\u00e9e des membres suivants :\nQuatre\u00a0repr\u00e9sentants\u00a0de\u00a0l'\u00c9tat\u00a0et\u00a0de\u00a0ses\u00a0\u00e9tablissements\u00a0publics\u00a0:\n- Monsieur le directeur r\u00e9gional de l'environnement, de l'am\u00e9nagement et du logement, ou son \nrepr\u00e9sentant,\n- Monsieur le directeur d\u00e9partemental des territoires du Rh\u00f4ne ou son repr\u00e9sentant,\n- Madame la directrice r\u00e9gionale de l'Office fran\u00e7ais de la biodiversit\u00e9 ou son repr\u00e9sentant,\n- Monsieur le repr\u00e9sentant des lieutenants de louveterie du d\u00e9partement.\nDix\u00a0repr\u00e9sentants\u00a0des\u00a0diff\u00e9rents\u00a0modes\u00a0de\u00a0chasse\u00a0:\n- Monsieur  le  Pr\u00e9sident  de  la  F\u00e9d\u00e9ration  d\u00e9partementale  des  chasseurs  du  Rh\u00f4ne  et  de  la \nm\u00e9tropole de Lyon,\n- Monsieur Michel BOUCHARD, administrateur de la F\u00e9d\u00e9ration d\u00e9partementale des chasseurs du  \nRh\u00f4ne et de la m\u00e9tropole de Lyon,\n- Monsieur Jean-Pierre COURSAT, administrateur de la F\u00e9d\u00e9ration d\u00e9partementale des chasseurs du \nRh\u00f4ne et de la m\u00e9tropole de Lyon,\n- Monsieur  Jean-Louis  DAMPFHOFFER,  administrateur  de  la  F\u00e9d\u00e9ration  d\u00e9partementale  des \nchasseurs du Rh\u00f4ne et de la m\u00e9tropole de Lyon,\n- Monsieur Jean-Fran\u00e7ois DELAIGUE, administrateur de la F\u00e9d\u00e9ration d\u00e9partementale des chasseurs \ndu Rh\u00f4ne et de la m\u00e9tropole de Lyon,\n2/5\n69_DDT_Direction d\u00e9partementale des territoires du Rh\u00f4ne - 69-2025-09-15-00016 - Arr\u00eat\u00e9 pr\u00e9fectoral n\u00b0DDT-2025-A98 du 15\nseptembre 2025\nportant composition de la formation pl\u00e9ni\u00e8re de la commission d\u00e9partementale\nde la chasse et de la faune sauvage dans le d\u00e9partement du Rh\u00f4ne et de la M\u00e9tropole de Lyon\n41\n- Monsieur Jean-Michel DORIER, administrateur de la F\u00e9d\u00e9ration d\u00e9partementale des chasseurs du  \nRh\u00f4ne et de la m\u00e9tropole de Lyon,\n- Monsieur R\u00e9gis FAYOT, administrateur de la F\u00e9d\u00e9ration d\u00e9partementale des chasseurs du Rh\u00f4ne  \net de la m\u00e9tropole de Lyon,\n- Monsieur Gilbert GIROUD, administrateur de la F\u00e9d\u00e9ration d\u00e9partementale des chasseurs du  \nRh\u00f4ne et de la m\u00e9tropole de Lyon,\n- Monsieur Jean-Claude MAZET, administrateur de la F\u00e9d\u00e9ration d\u00e9partementale des chasseurs du  \nRh\u00f4ne et de la m\u00e9tropole de Lyon,\n- Monsieur No\u00ebl PERROT, administrateur de la F\u00e9d\u00e9ration d\u00e9partementale des chasseurs du Rh\u00f4ne  \net de la m\u00e9tropole de Lyon,\nainsi que trois suppl\u00e9ants :\n- Monsieur  Robin  BELLON,  administrateur  de  la  F\u00e9d\u00e9ration  d\u00e9partementale  des  chasseurs  du \nRh\u00f4ne et de la m\u00e9tropole de Lyon,\n- Monsieur  Emmanuel  DE  GUILLEBON,  administrateur  de  la  F\u00e9d\u00e9ration  d\u00e9partementale  des \nchasseurs du Rh\u00f4ne et de la m\u00e9tropole de Lyon\n- Monsieur Franck DUMOULIN, administrateur de la F\u00e9d\u00e9ration d\u00e9partementale des chasseurs du  \nRh\u00f4ne et de la m\u00e9tropole de Lyon,\nDeux\u00a0repr\u00e9sentants\u00a0des\u00a0pi\u00e9geurs\u00a0:\n- Monsieur Christian BOYER, pr\u00e9sident de l'Association des pi\u00e9geurs agr\u00e9\u00e9s du Rh\u00f4ne,\n- Monsieur Raymond TRICAUD, membre de l'Association des pi\u00e9geurs agr\u00e9\u00e9s du Rh\u00f4ne,\nainsi qu'un suppl\u00e9ant :\n- Monsieur Maurice BOISGIBAULT, membre de l'Association des pi\u00e9geurs agr\u00e9\u00e9s du Rh\u00f4ne.\nQuatre\u00a0repr\u00e9sentants\u00a0de\u00a0la\u00a0propri\u00e9t\u00e9\u00a0foresti\u00e8re\u00a0priv\u00e9e,\u00a0de\u00a0la\u00a0propri\u00e9t\u00e9\u00a0foresti\u00e8re\u00a0non\u00a0domaniale\u00a0\nrelevant\u00a0du\u00a0r\u00e9gime\u00a0forestier\u00a0et\u00a0de\u00a0l'Office\u00a0national\u00a0des\u00a0for\u00eats\u00a0:\n- Monsieur Guillaume B\u00c9AL, responsable de l'unit\u00e9 territoriale du Rh\u00f4ne de l'Office national des  \nfor\u00eats,\n- Monsieur  Christian  VIVIER-MERLE,  conseiller  d\u00e9partemental  du  canton  du  Val  d'Oingt, \nD\u00e9partement du Rh\u00f4ne,\n- Monsieur Christophe BOUREUX, membre de FRANSYLVA Rh\u00f4ne,\n- Monsieur Jacques SERVAN, membre de FRANSYLVA Rh\u00f4ne,\nainsi que deux suppl\u00e9ants :\n- Madame  Colette  DARPHIN,  conseill\u00e8re  d\u00e9partementale  du  canton  de  Thizy-les-Bourgs, \nD\u00e9partement du Rh\u00f4ne,\n- Monsieur Bruno de BROSSE, pr\u00e9sident de FRANSYLVA Rh\u00f4ne.\n3/5\n69_DDT_Direction d\u00e9partementale des territoires du Rh\u00f4ne - 69-2025-09-15-00016 - Arr\u00eat\u00e9 pr\u00e9fectoral n\u00b0DDT-2025-A98 du 15\nseptembre 2025\nportant composition de la formation pl\u00e9ni\u00e8re de la commission d\u00e9partementale\nde la chasse et de la faune sauvage dans le d\u00e9partement du Rh\u00f4ne et de la M\u00e9tropole de Lyon\n42\nCinq\u00a0repr\u00e9sentants\u00a0des\u00a0int\u00e9r\u00eats\u00a0agricoles\u00a0dans\u00a0le\u00a0d\u00e9partement\u00a0:\n- Monsieur  le  Pr\u00e9sident  de  la  Chambre  d'agriculture  du  Rh\u00f4ne  ou  sa  repr\u00e9sentante  Madame \nClaudie BUISSON,\n- Monsieur Xavier GONNET, membre de la F\u00e9d\u00e9ration d\u00e9partementale des syndicats d'exploitants  \nagricoles du Rh\u00f4ne,\n- Madame Myl\u00e8ne DAUJAT, membre des Jeunes Agriculteurs du Rh\u00f4ne,\n- Monsieur Julien FELLOT, membre de la Conf\u00e9d\u00e9ration paysanne,\n- Monsieur Pierre-Baptiste BONJOUR, membre de la Coordination rurale,\nainsi que quatre suppl\u00e9ants :\n- Monsieur St\u00e9phane PEILLET, 1er vice-pr\u00e9sident de la Chambre d'agriculture du Rh\u00f4ne,\n- Monsieur  Jean-Fran\u00e7ois  PORTHIER,  membre  de  la  F\u00e9d\u00e9ration  d\u00e9partementale  des  syndicats \nd'exploitants agricoles du Rh\u00f4ne,\n- Monsieur Marc-Antoine BOUCAUD, membre des Jeunes agriculteurs,\n- Monsieur Serge GENEVAY, membre de la Coordination rurale.\nDeux\u00a0repr\u00e9sentants\u00a0d'associations\u00a0agr\u00e9\u00e9es\u00a0au\u00a0titre\u00a0de\u00a0l'article\u00a0L\u00a0141-1\u00a0du\u00a0code\u00a0de\u00a0l'environnement\u00a0dans\u00a0\nle\u00a0domaine\u00a0de\u00a0la\u00a0conservation\u00a0de\u00a0la\u00a0faune\u00a0et\u00a0de\u00a0la\u00a0protection\u00a0de\u00a0la\u00a0nature\u00a0:\n- Monsieur Patrick BERNOLLIN, pr\u00e9sident de la Ligue de protection des oiseaux Auvergne-Rh\u00f4ne-\nAlpes, d\u00e9l\u00e9gation territoriale Rh\u00f4ne,\n- Monsieur Maxime MEYER, pr\u00e9sident de France nature environnement Rh\u00f4ne,\nainsi que deux suppl\u00e9ants :\n- Monsieur Patrice FRANCO, membre de la Ligue de protection des oiseaux Auvergne-Rh\u00f4ne-Alpes, \nd\u00e9l\u00e9gation territoriale Rh\u00f4ne,\n- Monsieur Florian BRUNET, membre de France nature environnement Rh\u00f4ne\nDeux\u00a0personnalit\u00e9s\u00a0qualifi\u00e9es\u00a0en\u00a0mati\u00e8re\u00a0scientifique\u00a0et\u00a0technique\u00a0dans\u00a0le\u00a0domaine\u00a0de\u00a0la\u00a0chasse\u00a0ou\u00a0de\u00a0\nla\u00a0faune\u00a0sauvage\u00a0:\n- Monsieur Romain LASSEUR, directeur de la soci\u00e9t\u00e9 Izipest.\n- Madame Catherine MANGIN, adjointe \u00e0 la cheffe de service de la protection de l'environnement,\nainsi qu'un suppl\u00e9ant :\n- Monsieur \u00c9ric COULIBALY, chef du service protection et sant\u00e9 animales.\nArticle\u00a04\u00a0:\u00a0\n4/5\n69_DDT_Direction d\u00e9partementale des territoires du Rh\u00f4ne - 69-2025-09-15-00016 - Arr\u00eat\u00e9 pr\u00e9fectoral n\u00b0DDT-2025-A98 du 15\nseptembre 2025\nportant composition de la formation pl\u00e9ni\u00e8re de la commission d\u00e9partementale\nde la chasse et de la faune sauvage dans le d\u00e9partement du Rh\u00f4ne et de la M\u00e9tropole de Lyon\n43\nChaque membre peut donner un mandat \u00e0 un membre de la m\u00eame formation de la commission  \nd\u00e9partementale de la chasse et de la faune sauvage, \u00e0 condition qu'il appartienne au m\u00eame coll\u00e8ge  \nque le mandant.\nArticle\u00a05\u00a0:\u00a0\nChaque membre peut \u00eatre assist\u00e9, pour un appui technique, par une seule personne. Les personnes  \nainsi entendues ne participent pas au vote.\nArticle\u00a06\u00a0:\u00a0\nLa commission peut, sur d\u00e9cision de son pr\u00e9sident, entendre toute personne ext\u00e9rieure dont l'audition  \nest de nature \u00e0 \u00e9clairer ses d\u00e9lib\u00e9rations. Les personnes ainsi entendues ne participent pas au vote.\nArticle\u00a07\u00a0:\u00a0\nToute personne qui d\u00e9missionne, ou perd la qualit\u00e9 en raison de laquelle il a \u00e9t\u00e9 nomm\u00e9, est remplac\u00e9,  \npour la dur\u00e9e du mandat qui reste \u00e0 courir par une personne d\u00e9sign\u00e9e dans les m\u00eames conditions.\nArticle\u00a08 :\nLe pr\u00e9fet, secr\u00e9taire g\u00e9n\u00e9ral de la pr\u00e9fecture du Rh\u00f4ne, pr\u00e9fet d\u00e9l\u00e9gu\u00e9 pour l'\u00e9galit\u00e9 des chances, le  \ndirecteur d\u00e9partemental des territoires du Rh\u00f4ne sont charg\u00e9s, chacun en ce qui le concerne, de  \nl'ex\u00e9cution du pr\u00e9sent arr\u00eat\u00e9 qui sera publi\u00e9 au recueil des actes administratifs de la pr\u00e9fecture du  \nRh\u00f4ne.\nPour la Pr\u00e9f\u00e8te du Rh\u00f4ne,\nLe Pr\u00e9fet, Secr\u00e9taire g\u00e9n\u00e9ral, Pr\u00e9fet d\u00e9l\u00e9gu\u00e9 pour \nl'\u00e9galit\u00e9 des chances\nsign\u00e9\nFabrice ROSAY\nD\u00e9lais et voies de recours :\nConform\u00e9ment \u00e0 l'article R.421-1 du Code de justice administrative, la pr\u00e9sente d\u00e9cision peut faire l'objet d'un recours \ncontentieux, dans le d\u00e9lai de deux mois \u00e0 compter de sa notification, devant le tribunal administratif de Lyon (184,  \nrue Duguesclin \u2013 69 433 Lyon Cedex 03, ou sur l'application www.telerecours.fr). Elle peut \u00e9galement faire l'objet d'un \nrecours gracieux aupr\u00e8s de Monsieur le Pr\u00e9fet du Rh\u00f4ne. Cette d\u00e9marche interrompt le d\u00e9lai de recours contentieux,  \nce dernier devant \u00eatre introduit dans le d\u00e9lai de deux mois suivant une d\u00e9cision implicite ou explicite de l'autorit\u00e9  \ncomp\u00e9tente (le silence de l'administration pendant un d\u00e9lai de deux mois valant d\u00e9cision implicite de rejet).\n5/5\n69_DDT_Direction d\u00e9partementale des territoires du Rh\u00f4ne - 69-2025-09-15-00016 - Arr\u00eat\u00e9 pr\u00e9fectoral n\u00b0DDT-2025-A98 du 15\nseptembre 2025\nportant composition de la formation pl\u00e9ni\u00e8re de la commission d\u00e9partementale\nde la chasse et de la faune sauvage dans le d\u00e9partement du Rh\u00f4ne et de la M\u00e9tropole de Lyon\n44\n69_DDT_Direction d\u00e9partementale des\nterritoires du Rh\u00f4ne\n69-2025-09-18-00001\nArr\u00eat\u00e9 pr\u00e9fectoral n\u00b0DDT-SENR-A130 du 18\nseptembre 2025\nautorisant la coupe de bois sur la commune de\nDeux-Grosnes\npr\u00e9sent\u00e9e par Olivier BAUDRY\n69_DDT_Direction d\u00e9partementale des territoires du Rh\u00f4ne - 69-2025-09-18-00001 - Arr\u00eat\u00e9 pr\u00e9fectoral n\u00b0DDT-SENR-A130 du 18\nseptembre 2025\nautorisant la coupe de bois sur la commune de Deux-Grosnes\npr\u00e9sent\u00e9e par Olivier BAUDRY\n45\nEPR\u00c9F\u00c8TEDU RH\u00d4NELabers\u00e9Egalit\u00e9Fraternit\u00e9\nDirection d\u00e9partementale\ndes territoires\nArr\u00eat\u00e9 pr\u00e9fectoral n\u00b0DDT-SENR-A130 du 18 septembre 2025\nautorisant la coupe de bois sur la commune de Deux-Grosnes\npr\u00e9sent\u00e9e par Olivier BAUDRY\nLa Pr\u00e9f\u00e8te de la R\u00e9gion Auvergne-Rh\u00f4ne-Alpes,\nPr\u00e9f\u00e8te de la Zone de d\u00e9fense et de s\u00e9curit\u00e9 sud-est,\nPr\u00e9f\u00e8te du Rh\u00f4ne,\nCommandeur de la L\u00e9gion d'honneur,\nCommandeur de l'ordre national du M\u00e9rite,\nVU le code forestier, notamment les articles L. 124-5, L. 124-6, L. 312-5 et L. 312-9,\nVU  l'arr\u00eate minist\u00e9riel n\u00b0 NOR AGRT2331263A du 4 novembre 2023 portant approbation du sch\u00e9ma\nr\u00e9gional de gestion sylvicole de la r\u00e9gion Auvergne-Rh\u00f4ne-Alpes,\nVU l'arr\u00eate pr\u00e9fectoral du Rh\u00f4ne n\u00b0 2008-4094 du 25 ao\u00fbt 2008 relatif aux autorisations pr\u00e9alables de\ncoupe en for\u00eat ne pr\u00e9sentant pas de garantie de gestion durable,\nVU l'arr\u00eate pr\u00e9fectoral du Rh\u00f4ne n\u00b0 DDT_SEN_2016_02_15_01 instituant des seuils de surface pour la\nreconstitution foresti\u00e8re apr\u00e8s coupe rase,\nVU l'arr\u00eat\u00e9 pr\u00e9fectoral n\u00b069-2025-09-08-00008 du 8 septembre 2025 portant d\u00e9l\u00e9gation de signature \u00e0\nM. Xavier CEREZA, directeur d\u00e9partemental des territoires du Rh\u00f4ne,\nVU la d\u00e9cision n\u00b0  69-2025-09-11-00001 du 11 septembre 2025 portant subd\u00e9l\u00e9gation de signature en\nmati\u00e8re d'attributions g\u00e9n\u00e9rales,\nVU  le  dossier  re\u00e7u  et  reconnu  complet  le  10  juillet  2025  portant  sur  la  demande  d'autorisation\nadministrative de coupe de bois pr\u00e9sent\u00e9 par Olivier GAUDRY, de 7 ,1785 hectares de bois situ\u00e9s sur le\nterritoire de la commune de Deux-Grosnes, d\u00e9partement du Rh\u00f4ne,\nVU l'avis favorable du Centre r\u00e9gional de la propri\u00e9t\u00e9 foresti\u00e8re en date du 28 juillet 2025,\nCONSID\u00c9RANT  que  les  parcelles,  objet  de  la  coupe,  constitueront  un  tenant  sup\u00e9rieur  \u00e0  quatre\nhectares,\nCONSID\u00c9RANT l'absence de garanties de gestion durable pour cette parcelle,\nCONSID\u00c9RANT qu'il s'agit d'une futaie irr\u00e9guli\u00e8re m\u00e9lang\u00e9e de ch\u00eanes, sapins et \u00e9pic\u00e9as,\nCONSID\u00c9RANT qu'il est constat\u00e9 un d\u00e9p\u00e9rissement sur les sapins d'environ 20 % des tiges,\nCONSID\u00c9RANT que cette essence n'est plus en station \u00e0 trop basse altitude,\n1/2\n69_DDT_Direction d\u00e9partementale des territoires du Rh\u00f4ne - 69-2025-09-18-00001 - Arr\u00eat\u00e9 pr\u00e9fectoral n\u00b0DDT-SENR-A130 du 18\nseptembre 2025\nautorisant la coupe de bois sur la commune de Deux-Grosnes\npr\u00e9sent\u00e9e par Olivier BAUDRY\n46\nARR\u00caTE\nArticle     1   : surfaces autoris\u00e9es\nOlivier GAUDRY est autoris\u00e9 \u00e0 r\u00e9aliser une coupe sanitaire et d'\u00e9claircie s\u00e9lective, avec un taux de\npr\u00e9l\u00e8vement de 20  % des tiges, sur une surface totale de 7 ,1785 hectares, concernant les parcelles\nsuivantes :\nCommune Section Num\u00e9ro Surface cadastrale\n(en ha)\nSurface concern\u00e9e\n(en ha)\nDeux-Grosnes AM\n0114 0,5470 0,5470\n0115 0,9665 0,9665\n0116 0,2075 0,2075\n0117 1,0580 1,0580\n0209 4,7796 2,0000\n0210 6,1099 2,0000\nAN 0008 0,3995 0,3995\nArticle     2   : dur\u00e9e de validit\u00e9\nLa dur\u00e9e de validit\u00e9 de cette autorisation est de 5 ans \u00e0 compter de sa notification ;\nArticle 3 : application\nLe Pr\u00e9fet, secr\u00e9taire g\u00e9n\u00e9ral de la pr\u00e9fecture du Rh\u00f4ne, Pr\u00e9fet d\u00e9l\u00e9gu\u00e9 pour l'\u00e9galit\u00e9 des chances, le\ndirecteur d\u00e9partemental des territoires, sont charg\u00e9s chacun en ce qui le concerne de l'ex\u00e9cution du\npr\u00e9sent arr\u00eat\u00e9 qui est publi\u00e9 au recueil des actes administratif du d\u00e9partement du Rh\u00f4ne et notifi\u00e9 \u00e0\nOlivier GAUDRY et dont copie sera transmise au centre national de la propri\u00e9t\u00e9 foresti\u00e8re et au maire\nde la commune de Deux-Grosnes.\nPour le directeur d\u00e9partemental\nsign\u00e9 \n     Denis FAVIER\nD\u00e9lais et voies de recours :\nConform\u00e9ment \u00e0 l'article R.421-1 du code de justice administrative, la pr\u00e9sente d\u00e9cision peut faire l'objet\nd'un recours contentieux, dans le d\u00e9lai de deux mois \u00e0 compter de sa notification, devant le tribunal\nadministratif de Lyon (184, rue Duguesclin \u2013 69 433 Lyon Cedex 03, ou sur l'application www.telerecours.fr).\nElle peut \u00e9galement faire l'objet d'un recours gracieux aupr\u00e8s de Madame la Pr\u00e9f\u00e8te du Rh\u00f4ne. Cette\nd\u00e9marche interrompt le d\u00e9lai de recours contentieux, ce dernier devant \u00eatre introduit dans le d\u00e9lai de\ndeux  mois  suivant  une  d\u00e9cision  implicite  ou  explicite  de  l'autorit\u00e9  comp\u00e9tente  (le  silence  de\nl'administration pendant un d\u00e9lai de deux mois valant d\u00e9cision implicite de rejet).\n2/2\n69_DDT_Direction d\u00e9partementale des territoires du Rh\u00f4ne - 69-2025-09-18-00001 - Arr\u00eat\u00e9 pr\u00e9fectoral n\u00b0DDT-SENR-A130 du 18\nseptembre 2025\nautorisant la coupe de bois sur la commune de Deux-Grosnes\npr\u00e9sent\u00e9e par Olivier BAUDRY\n47\n69_DDT_Direction d\u00e9partementale des\nterritoires du Rh\u00f4ne\n69-2025-09-05-00007\nDirection r\u00e9gionale de l'environnement,\nde l'am\u00e9nagement et du logement\nAuvergne-Rh\u00f4ne-Alpes\nArr\u00eat\u00e9 pr\u00e9fectoral n\u00b0 DDT - SENR_2025 E 141 du\n5 septembre 2025\nportant d\u00e9rogation aux dispositions de l'article\nL.411-1 du code de l'environnement pour\ndestruction et perturbation intentionnelle de\nsp\u00e9cimens d'esp\u00e8ces animales prot\u00e9g\u00e9es,\ndestruction, alt\u00e9ration ou d\u00e9gradation de sites\nde reproduction ou d'aires de repos\nd'esp\u00e8ces animales prot\u00e9g\u00e9es,\nB\u00e9n\u00e9ficiaire : M\u00c9TROPOLE DE LYON\ndans le cadre du projet de mise en oeuvre du\nplan de gestion du Parc de Parilly\nsur les communes de Bron et de V\u00e9nissieux (69)\n69_DDT_Direction d\u00e9partementale des territoires du Rh\u00f4ne - 69-2025-09-05-00007 - Direction r\u00e9gionale de l'environnement,\nde l'am\u00e9nagement et du logement\nAuvergne-Rh\u00f4ne-Alpes\nArr\u00eat\u00e9 pr\u00e9fectoral n\u00b0 DDT - SENR_2025 E 141 du 5 septembre 2025\nportant d\u00e9rogation aux dispositions de l'article L.411-1 du code de l'environnement pour\ndestruction et perturbation intentionnelle de sp\u00e9cimens d'esp\u00e8ces animales prot\u00e9g\u00e9es,\ndestruction, alt\u00e9ration ou d\u00e9gradation de sites de reproduction ou d'aires de repos\nd'esp\u00e8ces animales prot\u00e9g\u00e9es,\nB\u00e9n\u00e9ficiaire : M\u00c9TROPOLE DE LYON\ndans le cadre du projet de mise en oeuvre du plan de gestion du Parc de Parilly\nsur les communes de Bron et de V\u00e9nissieux (69)\n48\n=aPREFETEDU RHONELibert\u00e9Egalit\u00e9Fraternit\u00e9\nDirection r\u00e9gionale de l'environnement,\nde l'am\u00e9nagement et du logement\nAuvergne-Rh\u00f4ne-Alpes\nArr\u00eat\u00e9 pr\u00e9fectoral n\u00b0 DDT - SENR_2025 E 141 du 5 septembre 2025\nportant d\u00e9rogation aux dispositions de l'article L.411-1 du code de l'environnement pour\ndestruction et perturbation intentionnelle de sp\u00e9cimens d'esp\u00e8ces animales prot\u00e9g\u00e9es,\ndestruction, alt\u00e9ration ou d\u00e9gradation de sites de reproduction ou d'aires de repos\nd'esp\u00e8ces animales prot\u00e9g\u00e9es,\nB\u00e9n\u00e9ficiaire : M\u00c9TROPOLE DE LYON\ndans le cadre du projet de mise en \u0153uvre du plan de gestion du Parc de Parilly\nsur les communes de Bron et de V\u00e9nissieux (69)\nLa Pr\u00e9f\u00e8te de la r\u00e9gion Auvergne-Rh\u00f4ne-Alpes,\nPr\u00e9f\u00e8te de la zone de d\u00e9fense et de s\u00e9curit\u00e9 Sud-Est, Pr\u00e9f\u00e8te du Rh\u00f4ne,\nCommandeur de la L\u00e9gion d'honneur,\nCommandeur de l'ordre national du M\u00e9rite\nVU  le code de l'environnement, et notamment ses articles L. 123-19-2 et suivants, L. 163-1, L. 163-5,\nL.411-1, L.411-1A, L.411-2 et R.411-6 \u00e0 R.411-14,\nVU  l'arr\u00eat\u00e9  interminist\u00e9riel  du  19  f\u00e9vrier  2007  modifi\u00e9  fixant  les  conditions  de  demande  et\nd'instruction des d\u00e9rogations d\u00e9finies au 4\u00b0 de l'article L.411-2 du code de l'environnement portant\nsur les esp\u00e8ces de faune et de flore sauvages prot\u00e9g\u00e9es,\nVU l'arr\u00eat\u00e9  interminist\u00e9riel  du  23  avril  2007  modifi\u00e9  fixant  la  liste  des  mammif\u00e8res  terrestres\nprot\u00e9g\u00e9s sur l'ensemble du territoire et les modalit\u00e9s de leur protection,\nVU l'arr\u00eat\u00e9 interminist\u00e9riel du 29 octobre 2009 modifi\u00e9 fixant la liste des oiseaux prot\u00e9g\u00e9s sur\nl'ensemble du territoire et les modalit\u00e9s de leur protection,\nVU l'arr\u00eat\u00e9  interminist\u00e9riel  du  8  janvier  2021  fixant  les  listes  des  amphibiens  et  des  reptiles\nrepr\u00e9sent\u00e9s  sur  le  territoire  m\u00e9tropolitain  prot\u00e9g\u00e9s  sur  l'ensemble  du  territoire  national  et  les\nmodalit\u00e9s de leur protection,\nVU le d\u00e9cret du 11 janvier 2023 en conseil des ministres portant nomination de Mme Fabienne\nBUCCIO en qualit\u00e9 de pr\u00e9f\u00e8te de la r\u00e9gion Auvergne-Rh\u00f4ne-Alpes, pr\u00e9f\u00e8te de la zone de d\u00e9fense et\nde s\u00e9curit\u00e9 Sud-Est, pr\u00e9f\u00e8te du Rh\u00f4ne (hors classe),\nVU le d\u00e9cret en conseil des ministres du 15 mai 2025 portant nomination de Monsieur Fabrice\nROSAY, pr\u00e9fet du Rh\u00f4ne, secr\u00e9taire g\u00e9n\u00e9ral de la pr\u00e9fecture du Rh\u00f4ne, pr\u00e9fet d\u00e9l\u00e9gu\u00e9 pour l'\u00e9galit\u00e9\ndes chances, \nVU l'arr\u00eat\u00e9 pr\u00e9fectoral n\u00b0 69-2025-06-16-00003 du 16 juin 2025 portant d\u00e9l\u00e9gation de signature \u00e0\nMonsieur Fabrice ROSAY, pr\u00e9fet secr\u00e9taire g\u00e9n\u00e9ral de la pr\u00e9fecture du Rh\u00f4ne, pr\u00e9fet d\u00e9l\u00e9gu\u00e9 pour\nl'\u00e9galit\u00e9 des chances, \nVU la demande de d\u00e9ro gation pour la destruction et la perturbation intentionnelle de sp\u00e9cimens\nd'esp\u00e8ces animales prot\u00e9g\u00e9es (Cerfa n\u00b0 13 616*01), la destruction, l'alt\u00e9ration ou la d\u00e9gradation de\nsites de reproduction ou d'aires de repos d'esp\u00e8ces animales prot\u00e9g\u00e9es (Cerfa n\u00b0 13 614*01) d\u00e9pos\u00e9e\nle 22 juillet 2024 par la m\u00e9tropole de Lyon dans le cadre de la mise en \u0153uvre du plan de gestion du\nparc de Parilly sur les communes de Bron et de V\u00e9nissieux,\npage 1/17\n69_DDT_Direction d\u00e9partementale des territoires du Rh\u00f4ne - 69-2025-09-05-00007 - Direction r\u00e9gionale de l'environnement,\nde l'am\u00e9nagement et du logement\nAuvergne-Rh\u00f4ne-Alpes\nArr\u00eat\u00e9 pr\u00e9fectoral n\u00b0 DDT - SENR_2025 E 141 du 5 septembre 2025\nportant d\u00e9rogation aux dispositions de l'article L.411-1 du code de l'environnement pour\ndestruction et perturbation intentionnelle de sp\u00e9cimens d'esp\u00e8ces animales prot\u00e9g\u00e9es,\ndestruction, alt\u00e9ration ou d\u00e9gradation de sites de reproduction ou d'aires de repos\nd'esp\u00e8ces animales prot\u00e9g\u00e9es,\nB\u00e9n\u00e9ficiaire : M\u00c9TROPOLE DE LYON\ndans le cadre du projet de mise en oeuvre du plan de gestion du Parc de Parilly\nsur les communes de Bron et de V\u00e9nissieux (69)\n49\nVU l'avis du Conseil national de la protection de la nature en date du 31 janvier 2025,\nVU les r\u00e9ponses apport\u00e9es par le p\u00e9titionnaire en date du 27 f\u00e9vrier 2025, pour compl\u00e9ter son\ndossier,\nVU l'absence d'observation du public \u00e0 l'issue de la mise en \u0153uvre de la proc\u00e9dure de participation\ndu public par le biais de la mise en ligne de la demande sur le site Internet de la direction r\u00e9gionale\nde  l'environnement,  de  l'am\u00e9nagement  et  du  logement  (DREAL)  Auvergne-Rh\u00f4ne-Alpes  Rh\u00f4ne-\nAlpes du 5 au 23 mars 2025,\nVU le projet d'arr\u00eat\u00e9 transmis en date du  19 juin 2025  au p\u00e9titionnaire et la r\u00e9ponse apport\u00e9e en\ndate du 8 ao\u00fbt 2025,\nVU le rapport de la DREAL Auvergne-Rh\u00f4ne-Alpes en date du 25 ao\u00fbt 2025,\nCONSID\u00c9RANT :\n- que le parc de Parilly s'\u00e9tend sur 159 ha et regroupe environ 20 000 sujets arbor\u00e9s,\n- que la fr\u00e9quentation du parc de Parilly est tr\u00e8s importante et intensive avec l'accueil de\n1,6 millions d'usagers par an et notamment 1000 scolaires par jour pour la pratique sportive,\n- que le parc de Parilly permet le d\u00e9roulement de pr\u00e8s de 200 manifestations par an,\n- que le gestionnaire du parc doit assurer en permanence la s\u00e9curit\u00e9 du public et la circulation\ndes engins de secours, en intervenant si besoin sur les sujets arbor\u00e9s le n\u00e9cessitant,\n- que le projet r\u00e9pond par cons\u00e9quent \u00e0 des raisons imp\u00e9ratives d'int\u00e9r\u00eat public majeur,\nCONSID\u00c9RANT :\n- que les arbres du parc souffrent d'un d\u00e9p\u00e9rissement important et que 1800 arbres ont d\u00e9j\u00e0 d\u00fb\n\u00eatre abattus au cours des 4 derni\u00e8res ann\u00e9es (10 % du patrimoine arbor\u00e9),\n- que les arbres morts ou jug\u00e9s comme pr\u00e9sentant un risque ne peuvent pas \u00eatre conserv\u00e9s au\nniveau des zones fr\u00e9quent\u00e9es par le public,\n- que l'abattage et  l'\u00e9lagage de nouveaux  sujets arbor\u00e9s demeurent  tr\u00e8s probables dans le\ncontexte actuel de changement climatique,\n- que ces travaux sont r\u00e9alis\u00e9s lorsque c'est possible en p\u00e9riode automnale et hivernale mais\nque des interventions sont r\u00e9alis\u00e9es en toute saison g\u00e9n\u00e9rant potentiellement des destruc -\ntions et perturbation intentionnelle de sp\u00e9cimens d'esp\u00e8ces prot\u00e9g\u00e9es,\n- que toutes les mesures pertinentes de suppression et de limitation des impacts ont \u00e9t\u00e9 envisa-\ng\u00e9es et sont retenues dans la pr\u00e9sente autorisation.\n- qu'il n'existe aucune solution alternative de moindre impact \u00e0 la destruction des esp\u00e8ces et\nhabitats d'esp\u00e8ces tel qu'envisag\u00e9,\nCONSID\u00c9RANT que la d\u00e9rogation ne nuit pas au maintien, dans un \u00e9tat de conservation favorable,\ndes populations d'esp\u00e8ces prot\u00e9g\u00e9es concern\u00e9es dans leur aire de r\u00e9partition naturelle compte tenu\ndes mesures d'\u00e9vitement, de r\u00e9duction et de compensation mises en \u0153uvre, telles que d\u00e9taill\u00e9es ci-\napr\u00e8s (article 3),\nSUR proposition  du  directeur r\u00e9gional par int\u00e9rim de l'environnement, de l'am\u00e9nagement et du\nlogement Auvergne-Rh\u00f4ne-Alpes,\nARR\u00caTE\nArticle 1     : B\u00e9n\u00e9ficiaire de l'autorisation et objet \nDans le cadre de la mise en \u0153uvre du plan de gestion du parc de Parilly sur les communes de Bron et\nde V\u00e9nissieux, la M\u00e9tropole de Lyon, ci-apr\u00e8s \u00ab le b\u00e9n\u00e9ficiaire \u00bb, repr\u00e9sent\u00e9e par M. Bruno Bernard,\nson pr\u00e9sident, et dont le si\u00e8ge est domicili\u00e9 20 rue du Lac \u00e0 Lyon (69505), est autoris\u00e9e, ainsi que ses\n\u00e9ventuels mandataires op\u00e9rant dans le cadre de l'ex\u00e9cution des prescriptions du pr\u00e9sent arr\u00eat\u00e9, \u00e0 :\n\u2022 transporter,  transporter  en  vue  de  rel\u00e2cher  dans  la  nature,  capturer  ou  enlever  des\nsp\u00e9cimens d'esp\u00e8ces animales prot\u00e9g\u00e9es,\n\u2022 d\u00e9truire des sp\u00e9cimens d'esp\u00e8ces animales prot\u00e9g\u00e9es,\n\u2022 perturber intentionnellement des sp\u00e9cimens d'esp\u00e8ces animales prot\u00e9g\u00e9es,\npage 2/17\n69_DDT_Direction d\u00e9partementale des territoires du Rh\u00f4ne - 69-2025-09-05-00007 - Direction r\u00e9gionale de l'environnement,\nde l'am\u00e9nagement et du logement\nAuvergne-Rh\u00f4ne-Alpes\nArr\u00eat\u00e9 pr\u00e9fectoral n\u00b0 DDT - SENR_2025 E 141 du 5 septembre 2025\nportant d\u00e9rogation aux dispositions de l'article L.411-1 du code de l'environnement pour\ndestruction et perturbation intentionnelle de sp\u00e9cimens d'esp\u00e8ces animales prot\u00e9g\u00e9es,\ndestruction, alt\u00e9ration ou d\u00e9gradation de sites de reproduction ou d'aires de repos\nd'esp\u00e8ces animales prot\u00e9g\u00e9es,\nB\u00e9n\u00e9ficiaire : M\u00c9TROPOLE DE LYON\ndans le cadre du projet de mise en oeuvre du plan de gestion du Parc de Parilly\nsur les communes de Bron et de V\u00e9nissieux (69)\n50\ntel que pr\u00e9sent\u00e9 dans le tableau ci-dessous :\nESP\u00c8CES ANIMALES\nNom commun et nom scientifique\nTransport,\ntransport en\nvue de rel\u00e2cher\ndans la nature,\ncapture ou\nenl\u00e8vement de\nsp\u00e9cimens\nDestruction de\nsp\u00e9cimens\nPerturbation\nintentionnelle\nde sp\u00e9cimens\nDestruction,\nalt\u00e9ration ou\nd\u00e9gradation\nde sites de\nreproduction\nou d'aires de\nrepos\nAMPHIBIENS ET REPTILES\nAlyte accoucheur (Alytes obstetricans) X X X\nCouleuvre verte et jaune (Hierophis viridiflavus) X X X\nCrapaud calamite (Epidalea calamita) X X X\nGrenouille de Lessona (Pelophylax lessonae) X X X\nGrenouille rieuse (Pelophylax ridibundus) X X X / NC \nL\u00e9zard des murailles (Podarcis muralis) X X X\nOrvet fragile (Anguis fragilis) X X X / NC\nP\u00e9lodyte ponctu\u00e9 (Pelodytes punctatus ) X X X\nTriton alpestre (Ichthyosaura alpestris) X X X / NC\nTriton palm\u00e9 (Lissotriton helveticus) X X X / NC\nMAMMIF\u00c8RES\n\u00c9cureuil roux (Sciurus vulgaris) X X X X\nH\u00e9risson d'Europe (Erinaceus europaeus) X X X X\nNoctule commune (Nyctalus noctula) X X X X\nNoctule de Leisler (Nyctalus leisleri) X X X X\nPipistrelle commune (Pipistrellus pipistrellus) X X X X\nPipistrelle de Kuhl (Pipistrellus kuhli) X X X X\nPipistrelle de Nathusius (Pipistrellus nathusii) X X X X\nPipistrelle pygm\u00e9e (Pipistrellus pygmaeus) X X X X\nS\u00e9rotine commune (Eptesicus serotinus) X X X X\nOISEAUX\nChardonneret \u00e9l\u00e9gant (Carduelis carduelis) X X X\nChouette hulotte (Strix aluco) X X X\n\u00c9pervier d'Europe (Accipiter nisus) X X X\nFaucon cr\u00e9cerelle (Falco tinnunculus) X X X\nFauvette \u00e0 t\u00eate noire (Sylvia atricapilla) X X X\nGrimpereau des jardins (Certhia brachydactyla) X X X\nHibou moyen-duc (Asio otus) X X X\nM\u00e9sange \u00e0 longue queue (Aegithalos caudatus) X X X\nM\u00e9sange bleue (Cyanistes caeruleus (Linnaeus, 1758)) X X X\nM\u00e9sange charbonni\u00e8re (Parus major) X X X\nM\u00e9sange hupp\u00e9e (Lophophanes cristatus (Linnaeus, \n1758))\nX X X\nM\u00e9sange noire (Periparus ater (Linnaeus, 1758)) X X X\nPetit-duc scops (Otus scops) X X X\nPic \u00e9peiche (Dendrocopos major) X X X\npage 3/17\n69_DDT_Direction d\u00e9partementale des territoires du Rh\u00f4ne - 69-2025-09-05-00007 - Direction r\u00e9gionale de l'environnement,\nde l'am\u00e9nagement et du logement\nAuvergne-Rh\u00f4ne-Alpes\nArr\u00eat\u00e9 pr\u00e9fectoral n\u00b0 DDT - SENR_2025 E 141 du 5 septembre 2025\nportant d\u00e9rogation aux dispositions de l'article L.411-1 du code de l'environnement pour\ndestruction et perturbation intentionnelle de sp\u00e9cimens d'esp\u00e8ces animales prot\u00e9g\u00e9es,\ndestruction, alt\u00e9ration ou d\u00e9gradation de sites de reproduction ou d'aires de repos\nd'esp\u00e8ces animales prot\u00e9g\u00e9es,\nB\u00e9n\u00e9ficiaire : M\u00c9TROPOLE DE LYON\ndans le cadre du projet de mise en oeuvre du plan de gestion du Parc de Parilly\nsur les communes de Bron et de V\u00e9nissieux (69)\n51\nESP\u00c8CES ANIMALES\nNom commun et nom scientifique\nTransport,\ntransport en\nvue de rel\u00e2cher\ndans la nature,\ncapture ou\nenl\u00e8vement de\nsp\u00e9cimens\nDestruction de\nsp\u00e9cimens\nPerturbation\nintentionnelle\nde sp\u00e9cimens\nDestruction,\nalt\u00e9ration ou\nd\u00e9gradation\nde sites de\nreproduction\nou d'aires de\nrepos\nPic vert (Picus viridis) X X X\nPouillot v\u00e9loce (Phylloscopus collybita) X X X\nRoitelet \u00e0 triple bandeau (Regulus ignicapilla) X X X\nRoitelet hupp\u00e9 (Regulus regulus) X X X\nRouge-gorge familier (Erithacus rubecula) X X X\nRougequeue \u00e0 front blanc (Phoenicurus phoenicurus) X X X\nSerin cini (Serinus serinus) X X X\nSittelle torchepot (Sitta europaea) X X X\nTroglodyte mignon (Trogodytes troglodytes) X X X\nVerdier d'Europe (Chloris chloris (Linnaeus, 1758)) X X X\nLe b\u00e9n\u00e9ficiaire s'assure du respect de l'ensemble des obligations qui lui sont faites de la part de\nl'ensemble des intervenants sur les chantiers concern\u00e9s par la pr\u00e9sente d\u00e9rogation.\nArticle 2     : P\u00e9rim\u00e8tre de la d\u00e9rogation\nLe b\u00e9n\u00e9ficiaire se conforme strictement au p\u00e9rim\u00e8tre d\u00e9fini en ANNEXE I du pr\u00e9sent arr\u00eat\u00e9.\nArticle 3 : Prescriptions\nLe  b\u00e9n\u00e9ficiaire  ainsi  que  ses  \u00e9ventuels  mandataires  op\u00e9rant  dans  le  cadre  de  l'ex\u00e9cution  des\nprescriptions du pr\u00e9sent arr\u00eat\u00e9 respectent les engagements pris dans le dossier de demande de\nd\u00e9rogation, sous r\u00e9serve des prescriptions suivantes.\n3.1. Mesures de r\u00e9duction des impacts\nMR1.   \u00c9laboration de plans de fauche avec identification de zones refuges et exp\u00e9rimentation de  \nrotation sur trois ans\nChaque ann\u00e9e, un plan de fauche de l'ensemble des prairies du Parc  est \u00e9labor\u00e9 (exemple en\nANNEXE II) afin de distinguer, en rotation d'une ann\u00e9e sur l'autre : \n\u2022 des zones de tontes r\u00e9guli\u00e8res ;\n\u2022 des zones de fauche tardive avec exportation des r\u00e9sidus de fauche ;\n\u2022 des zones refuges non g\u00e9r\u00e9es dans l'ann\u00e9e consid\u00e9r\u00e9e.\nUne exp\u00e9rimentation est men\u00e9e sur les 3 premi\u00e8res ann\u00e9es. Les suivis scientifiques permettront de\nconstituer un retour d'exp\u00e9rience de cette mesure et de statuer sur sa p\u00e9rennit\u00e9 \u00e0 long terme.\nMR2.   Adaptation des p\u00e9riodes de travaux au cycle biologique des esp\u00e8ces  \nLes travaux d'entretien des arbres et arbustes (tailles d'ornement, rec\u00e9page des lisi\u00e8res le long des\nchemins) sont r\u00e9alis\u00e9s entre le 1er septembre et le 31 octobre. \nLes  travaux  d'entretien  et  de  curage  des  mares  et  bassins  sont  r\u00e9alis\u00e9s  \u00e9galement  entre  le\n1er septembre et le 31 octobre. \nAucune intervention n'est men\u00e9e entre le 1er novembre et le 31 mars au niveau de la zone identifi\u00e9e\ncomme dortoir pour le Hibou moyen-duc (mesure MR7). \nLes travaux sont permis toute l'ann\u00e9e : \n\u2022 au niveau des zones de tontes r\u00e9guli\u00e8res identifi\u00e9es au sein de la mesure MR1 ;\n\u2022 en cas de n\u00e9cessit\u00e9 de s\u00e9curisation (\u00e9lagage et abattage d'arbres mena\u00e7ant de tomber sur\nles cheminements par exemple). Dans ce cas, les abattages sont engag\u00e9s selon les modalit\u00e9s\nde la mesure MR8.\npage 4/17\n69_DDT_Direction d\u00e9partementale des territoires du Rh\u00f4ne - 69-2025-09-05-00007 - Direction r\u00e9gionale de l'environnement,\nde l'am\u00e9nagement et du logement\nAuvergne-Rh\u00f4ne-Alpes\nArr\u00eat\u00e9 pr\u00e9fectoral n\u00b0 DDT - SENR_2025 E 141 du 5 septembre 2025\nportant d\u00e9rogation aux dispositions de l'article L.411-1 du code de l'environnement pour\ndestruction et perturbation intentionnelle de sp\u00e9cimens d'esp\u00e8ces animales prot\u00e9g\u00e9es,\ndestruction, alt\u00e9ration ou d\u00e9gradation de sites de reproduction ou d'aires de repos\nd'esp\u00e8ces animales prot\u00e9g\u00e9es,\nB\u00e9n\u00e9ficiaire : M\u00c9TROPOLE DE LYON\ndans le cadre du projet de mise en oeuvre du plan de gestion du Parc de Parilly\nsur les communes de Bron et de V\u00e9nissieux (69)\n52\n\u00c0\n\u00ff Max 30m\n\u20ac-\n/\u2014\u2014\u20142\u00ae Sens de progression de la fauche centrifuge= Maintien d'ilots refuges\nMR3.   Am\u00e9nagement et diversification d'habitats pour la faune   \nSont install\u00e9s :\n\u2022 60  nichoirs  (semi-ouverts  et  ferm\u00e9s)   favorables  aux  petits  passereaux  et  petits  oiseaux\ncavernicoles. Ces nichoirs s'ajoutent \u00e0 ceux d\u00e9j\u00e0 existants sur le site (environ 70). Ils sont\npos\u00e9s sur l'ensemble du parc, en dehors des espaces vis\u00e9s par la mesure MC1, \u00e0 une hauteur\nminimale de 2 m du sol et en orientation Est ou Sud-Est, tel que localis\u00e9 en ANNEXE III ;\n\u2022 24 g\u00eetes \u00e0 chiropt\u00e8res,   pos\u00e9s par groupe de trois au sein des secteurs d\u00e9pourvus de g\u00eetes\n(secteur des Balmes et sud de l'hippodrome), \u00e0 une hauteur du sol comprise entre 3 et 6\nm\u00e8tres et le plus \u00e0 l'\u00e9cart possible des sources lumineuses, tel que localis\u00e9 en ANNEXE III ;\n\u2022 au moins 1 hibernaculum   \u00e0 proximit\u00e9 de chaque mare pr\u00e9sente sur le parc (tel que localis\u00e9 en\nANNEXE IV). Chaque hibernaculum est compos\u00e9 de pierres et de branchages de fa\u00e7on \u00e0\ncr\u00e9er des tas de 1 \u00e0 1,5 m de hauteur au niveau d'un endroit ensoleill\u00e9 et fait l'objet d'un\nbalisage in-situ. Une partie de chaque hibernaculum peut \u00eatre recouverte de terre.\nLes  hibernacula  font  l'objet  d'un  entretien  annuel  \u00e0  l'automne  (d\u00e9broussaillage  et  recharge  en\nfonction des besoins).\nLes nichoirs et g\u00eetes artificiels font l'objet d'un entretien et si besoin d'un nettoyage annuel \u00e0 l'aide\nd'un produit anti-parasitaire entre septembre et octobre.\nLa localisation d\u00e9finitive des nichoirs, g\u00eetes et hibernacula est consign\u00e9e dans le premier rapport de\nsuivi. Leur implantation est effective au plus tard au 31 d\u00e9cembre 2025. \nMR4.   Prise en compte des amphibiens lors des op\u00e9rations d'entretien des milieux      ;   \nLes zones situ\u00e9es en p\u00e9riph\u00e9rie des mares (tel que localis\u00e9 en ANNEXE IV) sont g\u00e9r\u00e9es de la fa\u00e7on\nsuivante : \n\u2022 maintien  de  zones  refuges,  non  g\u00e9r\u00e9es  et  non\nfauch\u00e9es (la distance maximale entre deux zones\nrefuges est de 30 m\u00e8tres) ;\n\u2022 fauchage \u00ab  lent \u00bb  centrifuge ou en direction des\nzones refuges entre 10h et 18h lors des journ\u00e9es les\nplus chaudes ;\n\u2022 hauteur de coupe minimale de 10 cm ;\n\u2022 absence  d'intervention  en p\u00e9riode  de  migration\n(f\u00e9vrier\u2013mars) ;\n\u2022 adaptation  des  modalit\u00e9s  d'entretien  aux\nexigences \u00e9cologiques des esp\u00e8ces pr\u00e9sentes.\nMR5.   Gestion adaptative des mares et pi\u00e8ces d'eau \u00e0 vis\u00e9e \u00e9cologique     ;   \nLes 14 mares et bassins du parc font l'objet d'une gestion adaptative \u00e0 l'automne selon les modalit\u00e9s\nsuivantes de fa\u00e7on \u00e0 \u00e9viter leur ass\u00e8chement, leur eutrophisation ou leur fermeture spontan\u00e9e (par\nle d\u00e9veloppement de la v\u00e9g\u00e9tation et l'atterrissement).\n>  Nettoyage  des  d\u00e9bris,  branches  et  feuilles  stagnantes :  retrait  manuel  et  utilisation  pour  les\nhibernacula le cas \u00e9ch\u00e9ant. \n> Entretien de la v\u00e9g\u00e9tation : \n\u2022 taille des arbres et arbustes p\u00e9riph\u00e9riques en fonction des besoins, a minima une fois tous\nles 5 ans ; \n\u2022 coupe annuelle des h\u00e9lophytes au-dessus du niveau de l'eau, sur au maximum les 2/3 de la\nsurface de la mare ;\n\u2022 retrait des 2/3 des plantes aquatiques si envahissement important.\nLes  traitements  phytosanitaires  sont  proscrits  et  les  d\u00e9bris  v\u00e9g\u00e9taux  sont  syst\u00e9matiquement\nexport\u00e9s. \n> Entretien et restauration :\nUn curage peut \u00eatre r\u00e9alis\u00e9 en cas de besoin en fonction de l'envasement constat\u00e9. Il est toujours\nr\u00e9alis\u00e9 sur plusieurs ann\u00e9es (pas plus de la moiti\u00e9 de la mare la premi\u00e8re ann\u00e9e). Les vases sont\nexport\u00e9es apr\u00e8s avoir \u00e9t\u00e9 d\u00e9pos\u00e9es sur une b\u00e2che pos\u00e9e en bordure de la mare et laiss\u00e9es sur place\npendant au moins 24 heures. \npage 5/17\n69_DDT_Direction d\u00e9partementale des territoires du Rh\u00f4ne - 69-2025-09-05-00007 - Direction r\u00e9gionale de l'environnement,\nde l'am\u00e9nagement et du logement\nAuvergne-Rh\u00f4ne-Alpes\nArr\u00eat\u00e9 pr\u00e9fectoral n\u00b0 DDT - SENR_2025 E 141 du 5 septembre 2025\nportant d\u00e9rogation aux dispositions de l'article L.411-1 du code de l'environnement pour\ndestruction et perturbation intentionnelle de sp\u00e9cimens d'esp\u00e8ces animales prot\u00e9g\u00e9es,\ndestruction, alt\u00e9ration ou d\u00e9gradation de sites de reproduction ou d'aires de repos\nd'esp\u00e8ces animales prot\u00e9g\u00e9es,\nB\u00e9n\u00e9ficiaire : M\u00c9TROPOLE DE LYON\ndans le cadre du projet de mise en oeuvre du plan de gestion du Parc de Parilly\nsur les communes de Bron et de V\u00e9nissieux (69)\n53\nLM     %MR6.   Mise en \u0153uvre de bonnes pratiques pour l'organisation de manifestations sportives et  \nrassemblements culturels \nAu sein de chaque comit\u00e9 d'organisation des manifestations sportives et rassemblements culturels,\nun r\u00e9f\u00e9rent biodiversit\u00e9 est d\u00e9sign\u00e9. Son r\u00f4le est : \n\u2022 de  prendre  connaissance  des  enjeux  li\u00e9s  \u00e0  la  biodiversit\u00e9  qui  pourraient  rentrer  en\ninteraction avec la manifestation (en fonction de la date et du lieu choisi),\n\u2022 d'\u00e9tablir en lien avec les \u00e9quipes du parc, des mesures d'adaptation du trac\u00e9 ou de lieu de\nrassemblement,\n\u2022 de former l'\u00e9quipe d'organisation sur les enjeux et les mesures d\u00e9ploy\u00e9es,\n\u2022 de pr\u00e9voir une communication envers l'ensemble des participants et,\n\u2022 de  faire  un  retour  en  fin  d'\u00e9v\u00e8nement  aux  \u00e9quipes  du  parc  sur  d'\u00e9ventuels\ndysfonctionnements. \nIl  s'agit  notamment  de  canaliser  les  participants  (\u00e9viter  les  sorties  de  pistes  par  pose\nd'am\u00e9nagement  \u00e9ph\u00e9m\u00e8res de protection) et  d'\u00e9viter  les zones les plus sensibles sur  certaines\np\u00e9riodes. \nMR7 .   Gestion particuli\u00e8re du secteur servant de dortoir au Hibou moyen-duc  \nLe secteur servant de dortoir principal au Hibou moyen-duc (tel que localis\u00e9 en ANNEXE V) est\ninclus dans le p\u00e9rim\u00e8tre de la mesure MC1. \nLes  secteurs  servant  de  dortoir  secondaire  et  de  zone  de  chasse  ne  font  l'objet  d'aucune\nintervention entre les mois de novembre et f\u00e9vrier. \nIls font l'objet d'une gestion particuli\u00e8re de fa\u00e7on \u00e0 maintenir la pr\u00e9sence de proies (maintien des\nmilieux ouverts) ainsi que les haies et arbres isol\u00e9s et en bosquet. \nMR8.   Abattage doux des arbres pouvant potentiellement servir d'habitat aux chiropt\u00e8res  \nLes arbres pouvant potentiellement servir de g\u00eete pour des sp\u00e9cimens de chiropt\u00e8res pr\u00e9sents au\nsein du parc sont d\u00e9j\u00e0 bien identifi\u00e9s (tel que localis\u00e9s en ANNEXE VI). Ils font l'objet d'un balisage\nin-situ et sont \u00e0 maintenir. \nPour des raisons de s\u00e9curit\u00e9, certains d'entre eux peuvent n\u00e9cessiter un abattage en urgence, \u00e0\nn'importe quelle p\u00e9riode de l'ann\u00e9e. Dans ce cas, il est proc\u00e9d\u00e9 \u00e0 un abattage dit \u00ab  doux \u00bb selon les\nmodalit\u00e9s suivantes : \n\u2022 abattage progressif par coupe des branches puis du tronc. Les diff\u00e9rents \u00e9l\u00e9ments sont\ndescendus en douceur (usage de cordes ou d'une nacelle) et d\u00e9pos\u00e9s d\u00e9licatement sur le sol\net laiss\u00e9s sur place pendant au moins 48 heures. Ils peuvent ensuite \u00eatre \u00e9vacu\u00e9s ; \n\u2022 si l'abattage doit \u00eatre r\u00e9alis\u00e9 en p\u00e9riode d'hibernation des chiropt\u00e8res, la pr\u00e9sence d'un\nchiropt\u00e9rologue est n\u00e9cessaire. \nSi des individus sont apparemment bless\u00e9s, ils sont confi\u00e9s \u00e0 un centre de soin.\n3.2. Mesure compensatoire\nLa mesure compensatoire est mise en \u0153uvre en int\u00e9gralit\u00e9 au plus tard le 31 d\u00e9cembre de l'ann\u00e9e de\nl'ann\u00e9e de signature du pr\u00e9sent arr\u00eat\u00e9 et pour une dur\u00e9e initiale minimale de 30 ans, correspondant\n\u00e0 la dur\u00e9e du sch\u00e9ma directeur du parc. \nMC1.   Cr\u00e9ation de zones refuges pour la faune.   \nLocalisation Parcelles localis\u00e9es en ANNEXE VII, r\u00e9parties sur l'ensemble du parc. \nNature  de  la\nmesure\nZones  refuges  pour  la  faune  et  \u00ab  \u00eelots  de\ns\u00e9nescence \u00bb\nSurface 8,5 ha\nModalit\u00e9s  de\nr\u00e9alisation  de\nl'intervention\ninitiale\nLa  mise  en  place  de la mesure  n\u00e9cessite  la fermeture  des secteurs concern\u00e9s au public\n(barri\u00e8res physiques ou dispositifs \u00e9quivalents en fonction des contraintes) ainsi que la pose\nde panneaux informatifs. \nModalit\u00e9s  de\ngestion\nMaintien  des  zones  en  libre  \u00e9volution.  Aucune  gestion  \u00e0  l'exception  des  \u00e9ventuelles\ninterventions li\u00e9es \u00e0 la s\u00e9curisation des cheminements situ\u00e9s en bordure de ces zones et \u00e0 la\ngestion des esp\u00e8ces exotiques envahissantes le cas \u00e9ch\u00e9ant. Maintien des arbres morts sur\npied et au sol. \npage 6/17\n69_DDT_Direction d\u00e9partementale des territoires du Rh\u00f4ne - 69-2025-09-05-00007 - Direction r\u00e9gionale de l'environnement,\nde l'am\u00e9nagement et du logement\nAuvergne-Rh\u00f4ne-Alpes\nArr\u00eat\u00e9 pr\u00e9fectoral n\u00b0 DDT - SENR_2025 E 141 du 5 septembre 2025\nportant d\u00e9rogation aux dispositions de l'article L.411-1 du code de l'environnement pour\ndestruction et perturbation intentionnelle de sp\u00e9cimens d'esp\u00e8ces animales prot\u00e9g\u00e9es,\ndestruction, alt\u00e9ration ou d\u00e9gradation de sites de reproduction ou d'aires de repos\nd'esp\u00e8ces animales prot\u00e9g\u00e9es,\nB\u00e9n\u00e9ficiaire : M\u00c9TROPOLE DE LYON\ndans le cadre du projet de mise en oeuvre du plan de gestion du Parc de Parilly\nsur les communes de Bron et de V\u00e9nissieux (69)\n54\n3.3. Mesures de suivi et \u00e9valuation des mesures\nMS1. Suivi des interventions de gestion\nLa mise en \u0153uvre du plan de gestion est suivie par l'\u00e9quipe du parc qui veille \u00e0 la mise en \u0153uvre de\nl'int\u00e9gralit\u00e9 des mesures d'\u00e9vitement, de r\u00e9duction et de compensation prescrites par le pr\u00e9sent\narr\u00eat\u00e9. Ce suivi est constitu\u00e9  a minima  des \u00e9l\u00e9ments suivants  : localisation et identification des\nzones  \u00e0  enjeux,  balisages,  marquages,  formation  et  sensibilisation  du  personnel  de  chantier,\nsurveillance du site et des esp\u00e8ces exotiques envahissantes.\nL'\u00e9quipe du parc s'assure de la tra\u00e7abilit\u00e9 des diff\u00e9rentes actions et de leur restitution dans un\nrapport de suivi annuel. \nIl d\u00e9taille en particulier les interventions r\u00e9alis\u00e9es en urgence pour des questions de s\u00e9curisation (\u00e0\nminima les informations suivantes sont collect\u00e9es : date, nature de l'intervention, entit\u00e9 concern\u00e9e,\nimpact faune identifi\u00e9). \nLes rapports de suivis annuels sont transmis avant le 31 mars de l'ann\u00e9e suivante \u00e0 la direction\nr\u00e9gionale de l'environnement, de l'am\u00e9nagement et du logement (DREAL) Auvergne-Rh\u00f4ne-Alpes\n(SEHN / PPME, pme.ehn.dreal-ara@developpement-durable.gouv.fr ). \nUn bilan complet est \u00e9tabli tous les 5 ans au moment du renouvellement du plan de gestion. Ce\nbilan  devra  statuer  sur  le  maintien  dans  un  bon  \u00e9tat  de  conservation  des  esp\u00e8ces  prot\u00e9g\u00e9es\nconcern\u00e9es, conform\u00e9ment aux dispositions de l'article 5. \nMS2. Suivi des habitats et des esp\u00e8ces\nLe suivi \u00e9cologique du parc est r\u00e9alis\u00e9 selon les modalit\u00e9s pr\u00e9cis\u00e9es dans le plan de gestion du site. \n3.4. Fourniture de donn\u00e9es\nLes mesures de compensations sont g\u00e9olocalis\u00e9es et, conform\u00e9ment \u00e0 l'article 69 de la loi  n\u00b0 2016-\n1087 du 8 ao\u00fbt 2016 pour la reconqu\u00eate de la biodiversit\u00e9, de la nature et des paysages, sont mises \u00e0\ndisposition du public au travers d'une plateforme d\u00e9di\u00e9e. \nLe ma\u00eetre d'ouvrage fournit aux services comp\u00e9tents de l'\u00c9tat toutes les informations n\u00e9cessaires au\nrenseignement de cet outil par ces services dans un d\u00e9lai de 3 mois suivant la notification de l'arr\u00eat\u00e9\nde d\u00e9rogation. \nLe ma\u00eetre d'ouvrage fournit, a minima, les donn\u00e9es vectorielles des mesures compensatoires. Il peut\n\u00e9galement  joindre  les  donn\u00e9es  relatives  aux  mesures  d'\u00e9vitements,  de  r\u00e9ductions  et\nd'accompagnements. Ces donn\u00e9es sont projet\u00e9es dans le syst\u00e8me de coordonn\u00e9es de r\u00e9f\u00e9rence\nRGF93 (Lambert-93) et \u00eatre compatibles avec la biblioth\u00e8que GDAL/OGR (pr\u00e9f\u00e9rentiellement les\nformats ESRI Shapefile ou MapInfo). Elles sont conformes aux donn\u00e9es pr\u00e9sent\u00e9es dans le dossier de\nd\u00e9rogation  et  ses  \u00e9ventuels  avenants  vis\u00e9s  par  cet  arr\u00eat\u00e9.  Les  diff\u00e9rentes  entit\u00e9s  vectorielles\n(polygones, polylignes et points) se voient affecter, a minima, les champs id (nombre entier r\u00e9el 64\nbits) et nom (texte de caract\u00e8res). La donn\u00e9e attributaire du champ nom d'une entit\u00e9 correspond \u00e0\nl'intitul\u00e9 de la mesure telle que d\u00e9crite dans le pr\u00e9sent arr\u00eat\u00e9 (par exemple : MC1. Cr\u00e9ation de zones\nrefuges pour la faune.).\nLe b\u00e9n\u00e9ficiaire contribue \u00e0 l'Inventaire national du Patrimoine naturel via le t\u00e9l\u00e9service d\u00e9di\u00e9 au\nd\u00e9p\u00f4t  l\u00e9gal  des  donn\u00e9es  brutes  de  biodiversit\u00e9  acquises  \u00e0  l'occasion  des  \u00e9tudes  d'\u00e9valuation\npr\u00e9alable ou de suivi des impacts r\u00e9alis\u00e9es dans le cadre du pr\u00e9sent arr\u00eat\u00e9.\nOn entend par donn\u00e9es brutes de biodiversit\u00e9 les donn\u00e9es d'observation de taxons, d'habitats\nd'esp\u00e8ces  ou  d'habitats  naturels,  recueillies  par  observation  directe,  par  bibliographie  ou  par\nacquisition de donn\u00e9es aupr\u00e8s d'organismes d\u00e9tenant des donn\u00e9es existantes.\nArticle 4     : Dur\u00e9e de validit\u00e9 de la d\u00e9rogation\nLa d\u00e9rogation est accord\u00e9e pendant toute la dur\u00e9e de mise en \u0153uvre du sch\u00e9ma directeur du parc\nen cours, soit pour une dur\u00e9e de 30 ans.\nLes mesures compensatoires sont mises en \u0153uvre sur une dur\u00e9e initiale minimale de 30 ans, selon\nles modalit\u00e9s d\u00e9finies \u00e0 l'article 3.3.\npage 7/17\n69_DDT_Direction d\u00e9partementale des territoires du Rh\u00f4ne - 69-2025-09-05-00007 - Direction r\u00e9gionale de l'environnement,\nde l'am\u00e9nagement et du logement\nAuvergne-Rh\u00f4ne-Alpes\nArr\u00eat\u00e9 pr\u00e9fectoral n\u00b0 DDT - SENR_2025 E 141 du 5 septembre 2025\nportant d\u00e9rogation aux dispositions de l'article L.411-1 du code de l'environnement pour\ndestruction et perturbation intentionnelle de sp\u00e9cimens d'esp\u00e8ces animales prot\u00e9g\u00e9es,\ndestruction, alt\u00e9ration ou d\u00e9gradation de sites de reproduction ou d'aires de repos\nd'esp\u00e8ces animales prot\u00e9g\u00e9es,\nB\u00e9n\u00e9ficiaire : M\u00c9TROPOLE DE LYON\ndans le cadre du projet de mise en oeuvre du plan de gestion du Parc de Parilly\nsur les communes de Bron et de V\u00e9nissieux (69)\n55\nArticle 5     : Mesures correctives et compl\u00e9mentaires\nSi les suivis pr\u00e9vus \u00e0 l'article 3 mettent en \u00e9vidence une insuffisance des mesures prescrites pour\ngarantir  le  maintien  dans  un  bon  \u00e9tat  de  conservation  des  esp\u00e8ces  prot\u00e9g\u00e9es  concern\u00e9es,  le\nb\u00e9n\u00e9ficiaire  est  tenu  de  proposer  des  mesures  correctives  et  des  mesures  compensatoires\ncompl\u00e9mentaires qui sont soumises \u00e0 la direction r\u00e9gionale de l'environnement, de l'am\u00e9nagement\net du logement Auvergne-Rh\u00f4ne-Alpes pour validation. Le Pr\u00e9fet fixera, s'il y a lieu, des prescriptions\ncompl\u00e9mentaires.\nArticle 6     : Modifications\nConform\u00e9ment aux dispositions de l'article R. 411-10-2, toute modification ne pr\u00e9sentant pas un\ncaract\u00e8re substantiel est port\u00e9e par le b\u00e9n\u00e9ficiaire de la d\u00e9rogation \u00e0 la connaissance de l'autorit\u00e9\nadministrative comp\u00e9tente, avant sa r\u00e9alisation, avec tous les \u00e9l\u00e9ments d'appr\u00e9ciation. Celle-ci peut\nimposer toute prescription compl\u00e9mentaire n\u00e9cessaire au respect des dispositions de l'article L. 411-\n2 \u00e0 l'occasion de ces modifications.\nConform\u00e9ment  aux  dispositions  de  l'article  R.  411-10-1,  toute  modification  substantielle  d'une\nactivit\u00e9, d'une installation, d'un ouvrage ou de travaux ayant b\u00e9n\u00e9fici\u00e9 d'une d\u00e9rogation, qu'elle\nintervienne avant la r\u00e9alisation du projet ou lors de sa mise en \u0153uvre ou de son exploitation, est\nsubordonn\u00e9e \u00e0 la d\u00e9livrance d'une nouvelle d\u00e9rogation.\nEst  regard\u00e9e comme substantielle,  la modification apport\u00e9e \u00e0 une activit\u00e9,  une installation, un\nouvrage ou des travaux qui :\n\u2022 en constitue une extension devant faire l'objet d'une nouvelle \u00e9valuation environnementale\nen application du II de l'article R. 122-2,\n\u2022 ou atteint des seuils quantitatifs et r\u00e9pond \u00e0 des crit\u00e8res fix\u00e9s par arr\u00eat\u00e9 du ministre charg\u00e9\nde l'environnement,\n\u2022 ou est de nature \u00e0 entra\u00eener  des dangers et  inconv\u00e9nients significatifs pour  les int\u00e9r\u00eats\nmentionn\u00e9s \u00e0 l'article L. 411-1.\nArticle 7 : D\u00e9claration des incidents ou accidents\nD\u00e8s qu'il en a connaissance, le b\u00e9n\u00e9ficiaire est tenu de d\u00e9clarer au Pr\u00e9fet les accidents ou incidents\nint\u00e9ressant les installations, ouvrages, travaux ou activit\u00e9s faisant objet du pr\u00e9sent arr\u00eat\u00e9 qui sont de\nnature \u00e0 porter atteinte aux esp\u00e8ces prot\u00e9g\u00e9es ou \u00e0 leurs habitats.\nSans pr\u00e9judice des mesures que pourra prescrire le Pr\u00e9fet, le b\u00e9n\u00e9ficiaire prend ou de fait prendre\ntoutes dispositions n\u00e9cessaires pour mettre fin aux causes de l'incident  ou de l'accident, pour\n\u00e9valuer ses cons\u00e9quences et y rem\u00e9dier.\nLe b\u00e9n\u00e9ficiaire demeure responsable des accidents ou dommages qui seraient la cons\u00e9quence de\nl'activit\u00e9 ou de l'ex\u00e9cution des travaux ou de l'am\u00e9nagement.\nArticle 8     : Titulaire\nLa pr\u00e9sente d\u00e9rogation est personnelle, et transf\u00e9rable \u00e0 un tiers dans les conditions d\u00e9finies par\nl'article R. 411-11 du Code de l'Environnement. Elle peut \u00eatre retir\u00e9e \u00e0 tout moment sans indemnit\u00e9 si\nle b\u00e9n\u00e9ficiaire n'en respecte pas les clauses ou les prescriptions qui lui sont li\u00e9es.\nLe b\u00e9n\u00e9ficiaire ou son repr\u00e9sentant doit \u00eatre porteur du pr\u00e9sent arr\u00eat\u00e9 lors des op\u00e9rations cit\u00e9es \u00e0\nl'article 1 et il est tenu de la pr\u00e9senter \u00e0 toute demande des agents commissionn\u00e9s au titre de\nl'environnement.\nArticle 9     : Contr\u00f4le et d\u00e9marrage des travaux \nLa mise en \u0153uvre des dispositions du pr\u00e9sent arr\u00eat\u00e9 pourra faire l'objet de contr\u00f4les par les agents\nvis\u00e9s \u00e0 l'article L. 415-1 du code de l'environnement.\npage 8/17\n69_DDT_Direction d\u00e9partementale des territoires du Rh\u00f4ne - 69-2025-09-05-00007 - Direction r\u00e9gionale de l'environnement,\nde l'am\u00e9nagement et du logement\nAuvergne-Rh\u00f4ne-Alpes\nArr\u00eat\u00e9 pr\u00e9fectoral n\u00b0 DDT - SENR_2025 E 141 du 5 septembre 2025\nportant d\u00e9rogation aux dispositions de l'article L.411-1 du code de l'environnement pour\ndestruction et perturbation intentionnelle de sp\u00e9cimens d'esp\u00e8ces animales prot\u00e9g\u00e9es,\ndestruction, alt\u00e9ration ou d\u00e9gradation de sites de reproduction ou d'aires de repos\nd'esp\u00e8ces animales prot\u00e9g\u00e9es,\nB\u00e9n\u00e9ficiaire : M\u00c9TROPOLE DE LYON\ndans le cadre du projet de mise en oeuvre du plan de gestion du Parc de Parilly\nsur les communes de Bron et de V\u00e9nissieux (69)\n56\nLe b\u00e9n\u00e9ficiaire est tenu de laisser acc\u00e8s aux agents charg\u00e9s du contr\u00f4le dans les conditions pr\u00e9vues\n\u00e0 l'article L. 172-5 du code de l'environnement.\nLes  agents  peuvent  demander  communication  de  toute  pi\u00e8ce  utile  au  contr\u00f4le  de  la  bonne\nex\u00e9cution du pr\u00e9sent arr\u00eat\u00e9 conforment \u00e0 l'article L. 172-11 du code de l'environnement.\nArticle 10     : Sanctions administratives et p\u00e9nales\nLe non-respect des dispositions du pr\u00e9sent arr\u00eat\u00e9 peut donner lieu aux sanctions administratives\npr\u00e9vues par les articles L. 171-7 et 171-8 du code de l'environnement.\nLes infractions p\u00e9nales aux dispositions du pr\u00e9sent arr\u00eat\u00e9 sont punies des peines pr\u00e9vues \u00e0 l'article\nL. 415-3 du Code de l'environnement.\nArticle 11 : Droits et information des tiers\nLes droits des tiers sont et demeurent express\u00e9ment r\u00e9serv\u00e9s. Le pr\u00e9sent arr\u00eat\u00e9 sera publi\u00e9 au\nrecueil des actes administratifs de la pr\u00e9fecture du Rh\u00f4ne.\nArticle 12     : Voies et d\u00e9lais de recours \nLa pr\u00e9sente d\u00e9cision peut \u00eatre contest\u00e9e :\n\u2022 par recours gracieux aupr\u00e8s de son signataire dans les deux mois suivant la notification ou la\npublication de la d\u00e9cision, le silence gard\u00e9 par l'administration pendant plus de deux mois\nvaut d\u00e9cision implicite de rejet qui peut, elle-m\u00eame \u00eatre d\u00e9f\u00e9r\u00e9e au tribunal administratif de\nLyon dans un d\u00e9lai de deux mois,\n\u2022 par  un  recours  contentieux  form\u00e9  aupr\u00e8s  du  tribunal  administratif  de  Lyon (184,  rue\nDuguesclin, 69433 LYON cedex 03) dans les deux mois suivant la date de notification ou de\npublication de la d\u00e9cision, le d\u00e9lai de recours gracieux \u00e9tant interruptif du d\u00e9lai du recours\ncontentieux.\nLe tribunal administratif peut \u00eatre saisi d'une requ\u00eate d\u00e9pos\u00e9e sur le site www.telerecours.fr.\nArticle 13 : Ex\u00e9cution\nLe pr\u00e9fet, secr\u00e9taire g\u00e9n\u00e9ral de la pr\u00e9fecture du Rh\u00f4ne, pr\u00e9fet d\u00e9l\u00e9gu\u00e9 pour l'\u00e9galit\u00e9 des chances,\nle directeur r\u00e9gional de l'environnement, de l'am\u00e9nagement et du logement Auvergne-Rh\u00f4ne-Alpes, \nle directeur d\u00e9partemental des territoires du Rh\u00f4ne,\nles commissaires de police des commissariats de Bron et de V\u00e9nissieux, \nle chef du service d\u00e9partemental de l'office fran\u00e7ais de la biodiversit\u00e9 du Rh\u00f4ne\nsont charg\u00e9s, chacun en ce qui le concer ne, d e l'ex\u00e9cution du pr\u00e9sent arr\u00eat\u00e9 qui sera publi\u00e9 au\nrecueil des actes administratifs de la Pr\u00e9fecture du Rh\u00f4ne, et dont copie est adress\u00e9e :\n\u2022 \u00e0 la DREAL Auvergne-Rh\u00f4ne-Alpes,\n\u2022 \u00e0 la direction d\u00e9partementale des territoires du Rh\u00f4ne,\n\u2022 aux commissaires de police des commissariats de Bron et de V\u00e9nissieux,\n\u2022 au service d\u00e9partemental de l'OFB du Rh\u00f4ne,\n\u2022 aux maires des communes de Bron et de V\u00e9nissieux.\nPour la pr\u00e9f\u00e8te, \nle pr\u00e9fet\nsecr\u00e9taire g\u00e9n\u00e9ra\npr\u00e9fet d\u00e9l\u00e9gu\u00e9 pour l'\u00e9galit\u00e9 des chances\nFabrice ROSAY\npage 9/17\n69_DDT_Direction d\u00e9partementale des territoires du Rh\u00f4ne - 69-2025-09-05-00007 - Direction r\u00e9gionale de l'environnement,\nde l'am\u00e9nagement et du logement\nAuvergne-Rh\u00f4ne-Alpes\nArr\u00eat\u00e9 pr\u00e9fectoral n\u00b0 DDT - SENR_2025 E 141 du 5 septembre 2025\nportant d\u00e9rogation aux dispositions de l'article L.411-1 du code de l'environnement pour\ndestruction et perturbation intentionnelle de sp\u00e9cimens d'esp\u00e8ces animales prot\u00e9g\u00e9es,\ndestruction, alt\u00e9ration ou d\u00e9gradation de sites de reproduction ou d'aires de repos\nd'esp\u00e8ces animales prot\u00e9g\u00e9es,\nB\u00e9n\u00e9ficiaire : M\u00c9TROPOLE DE LYON\ndans le cadre du projet de mise en oeuvre du plan de gestion du Parc de Parilly\nsur les communes de Bron et de V\u00e9nissieux (69)\n57\nAnnexe I \u2013 Localisation du projet et p\u00e9rim\u00e8tre de la d\u00e9rogation \nLocalisation du projet\npage 10/17\n69_DDT_Direction d\u00e9partementale des territoires du Rh\u00f4ne - 69-2025-09-05-00007 - Direction r\u00e9gionale de l'environnement,\nde l'am\u00e9nagement et du logement\nAuvergne-Rh\u00f4ne-Alpes\nArr\u00eat\u00e9 pr\u00e9fectoral n\u00b0 DDT - SENR_2025 E 141 du 5 septembre 2025\nportant d\u00e9rogation aux dispositions de l'article L.411-1 du code de l'environnement pour\ndestruction et perturbation intentionnelle de sp\u00e9cimens d'esp\u00e8ces animales prot\u00e9g\u00e9es,\ndestruction, alt\u00e9ration ou d\u00e9gradation de sites de reproduction ou d'aires de repos\nd'esp\u00e8ces animales prot\u00e9g\u00e9es,\nB\u00e9n\u00e9ficiaire : M\u00c9TROPOLE DE LYON\ndans le cadre du projet de mise en oeuvre du plan de gestion du Parc de Parilly\nsur les communes de Bron et de V\u00e9nissieux (69)\n58\nGRAND LYON METROPOLE. Source : IGN Orthophotoplons ; EODD. Tous droits r\u00e9serv\u00e9s \u00a9 EODD 2024S000\nLOCALISATION DES AIRESD'ETUDE ASSOCI\u00c9ES AU PROJET\nAires d'\u00e9tudeCC] Aire d'\u00e9tude imm\u00e9diateUT1 Aire d'\u00e9tude rapproch\u00e9e |50 m)\nP\u00e9rim\u00e8tre de la d\u00e9rogation\npage 11/17\n69_DDT_Direction d\u00e9partementale des territoires du Rh\u00f4ne - 69-2025-09-05-00007 - Direction r\u00e9gionale de l'environnement,\nde l'am\u00e9nagement et du logement\nAuvergne-Rh\u00f4ne-Alpes\nArr\u00eat\u00e9 pr\u00e9fectoral n\u00b0 DDT - SENR_2025 E 141 du 5 septembre 2025\nportant d\u00e9rogation aux dispositions de l'article L.411-1 du code de l'environnement pour\ndestruction et perturbation intentionnelle de sp\u00e9cimens d'esp\u00e8ces animales prot\u00e9g\u00e9es,\ndestruction, alt\u00e9ration ou d\u00e9gradation de sites de reproduction ou d'aires de repos\nd'esp\u00e8ces animales prot\u00e9g\u00e9es,\nB\u00e9n\u00e9ficiaire : M\u00c9TROPOLE DE LYON\ndans le cadre du projet de mise en oeuvre du plan de gestion du Parc de Parilly\nsur les communes de Bron et de V\u00e9nissieux (69)\n59\nC3 Limite du pare\u2014 | Secteur du pare2% Plan de faucheArros\u00e9, tonte, export\u00e9Tonte r\u00e9guli\u00e8reMn Fauch\u00e9e ou tondobroy\u00e9eFauche export\u00e9e ;= Non tondue, non fauch\u00e9e \u00a7Autre\nAnnexe II\nLocalisation de la mesure MR1\npage 12/17\n69_DDT_Direction d\u00e9partementale des territoires du Rh\u00f4ne - 69-2025-09-05-00007 - Direction r\u00e9gionale de l'environnement,\nde l'am\u00e9nagement et du logement\nAuvergne-Rh\u00f4ne-Alpes\nArr\u00eat\u00e9 pr\u00e9fectoral n\u00b0 DDT - SENR_2025 E 141 du 5 septembre 2025\nportant d\u00e9rogation aux dispositions de l'article L.411-1 du code de l'environnement pour\ndestruction et perturbation intentionnelle de sp\u00e9cimens d'esp\u00e8ces animales prot\u00e9g\u00e9es,\ndestruction, alt\u00e9ration ou d\u00e9gradation de sites de reproduction ou d'aires de repos\nd'esp\u00e8ces animales prot\u00e9g\u00e9es,\nB\u00e9n\u00e9ficiaire : M\u00c9TROPOLE DE LYON\ndans le cadre du projet de mise en oeuvre du plan de gestion du Parc de Parilly\nsur les communes de Bron et de V\u00e9nissieux (69)\n60\nre\nSCHEMAS DIRECTEURS DES PARCS METROPOLITAINSNichoirs Avifaune/Chiropt\u00e8res - Parc de ParillyAr i k\nSecteurs du parcs* Zones \u00e0 forte densit\u00e9de chenilles proc\u00e9ssionnairesie Nichoirs Oiseaux d\u00e9ja \u00e9quip\u00e9s=) \u00a9 \u00a9 Nichoirs Oiseaux \u00e0 installerFi 2 (proposition)\u20ac Nichoirs Chauves-souris \u00e0 Ayinstaller (proposition sur avis FNE) \u00a32 Secteurs de pr\u00e9servation\nAnnexe III\nLocalisation de la mesure MR3\npage 13/17\n69_DDT_Direction d\u00e9partementale des territoires du Rh\u00f4ne - 69-2025-09-05-00007 - Direction r\u00e9gionale de l'environnement,\nde l'am\u00e9nagement et du logement\nAuvergne-Rh\u00f4ne-Alpes\nArr\u00eat\u00e9 pr\u00e9fectoral n\u00b0 DDT - SENR_2025 E 141 du 5 septembre 2025\nportant d\u00e9rogation aux dispositions de l'article L.411-1 du code de l'environnement pour\ndestruction et perturbation intentionnelle de sp\u00e9cimens d'esp\u00e8ces animales prot\u00e9g\u00e9es,\ndestruction, alt\u00e9ration ou d\u00e9gradation de sites de reproduction ou d'aires de repos\nd'esp\u00e8ces animales prot\u00e9g\u00e9es,\nB\u00e9n\u00e9ficiaire : M\u00c9TROPOLE DE LYON\ndans le cadre du projet de mise en oeuvre du plan de gestion du Parc de Parilly\nsur les communes de Bron et de V\u00e9nissieux (69)\n61\nLOCALISATION DES HABITATS ET MILIEUXFAVORABLES AUX AMPHIBIENS\nC2] Delimitation du parcZones favorables aux Amphibiens\u00a9 MaresHB Bassin c'inhitration et de r\u00e9tentionHabitats terrestres1334 Principales zones de pr\u00e9sence terrestreprobables| Zeneen dehors du p\u00e9rim\u00e8tre de gestiondu parc\nAnnexe IV\nLocalisation de la mesure MR4\npage 14/17\n69_DDT_Direction d\u00e9partementale des territoires du Rh\u00f4ne - 69-2025-09-05-00007 - Direction r\u00e9gionale de l'environnement,\nde l'am\u00e9nagement et du logement\nAuvergne-Rh\u00f4ne-Alpes\nArr\u00eat\u00e9 pr\u00e9fectoral n\u00b0 DDT - SENR_2025 E 141 du 5 septembre 2025\nportant d\u00e9rogation aux dispositions de l'article L.411-1 du code de l'environnement pour\ndestruction et perturbation intentionnelle de sp\u00e9cimens d'esp\u00e8ces animales prot\u00e9g\u00e9es,\ndestruction, alt\u00e9ration ou d\u00e9gradation de sites de reproduction ou d'aires de repos\nd'esp\u00e8ces animales prot\u00e9g\u00e9es,\nB\u00e9n\u00e9ficiaire : M\u00c9TROPOLE DE LYON\ndans le cadre du projet de mise en oeuvre du plan de gestion du Parc de Parilly\nsur les communes de Bron et de V\u00e9nissieux (69)\n62\nGestion particuli\u00e9re de la Prairie Sud en lien avec la pr\u00e9sence du HibouPlan de gestion du Parc de Parilly 4moyen-duc\nFM 7 : Gestion particuli\u00e8re dela prairie sud en lien avec lapr\u00e9sence du Hibou Moyen-duc\nGestion Particuli\u00e9re li\u00e9eau Moyen-ducDortoir principal : Incription en Zone depreservation du PDGDortoirs secondaires ; Eviter autantque possible toute intervention enp\u00e9riode hivernale (novembre \u00e0 f\u00e9vrier)Zone de chasse ; Entretien desespaces ouverts (cf. plan de fauche)\nTRA)LORE METROPOLE Source NOTOrthogtetepiers; TON Tes ct reves ono 704 Se OCIFigure 60 : Dortoirs hivernaux et zone de chasse pressentie du Hibou moyen-duc\nAnnexe V\nLocalisation de la mesure MR7\npage 15/17\n69_DDT_Direction d\u00e9partementale des territoires du Rh\u00f4ne - 69-2025-09-05-00007 - Direction r\u00e9gionale de l'environnement,\nde l'am\u00e9nagement et du logement\nAuvergne-Rh\u00f4ne-Alpes\nArr\u00eat\u00e9 pr\u00e9fectoral n\u00b0 DDT - SENR_2025 E 141 du 5 septembre 2025\nportant d\u00e9rogation aux dispositions de l'article L.411-1 du code de l'environnement pour\ndestruction et perturbation intentionnelle de sp\u00e9cimens d'esp\u00e8ces animales prot\u00e9g\u00e9es,\ndestruction, alt\u00e9ration ou d\u00e9gradation de sites de reproduction ou d'aires de repos\nd'esp\u00e8ces animales prot\u00e9g\u00e9es,\nB\u00e9n\u00e9ficiaire : M\u00c9TROPOLE DE LYON\ndans le cadre du projet de mise en oeuvre du plan de gestion du Parc de Parilly\nsur les communes de Bron et de V\u00e9nissieux (69)\n63\nLOCALISATION DES HABITATS ET ENJEUX LIESAUX CHI ES\nPotentialit\u00e9 d'acceuil pour leschriopt\u00e8res (FNE du Rh\u00f4ne)@ Arbres \u00e0 cavit\u00e9B\u00e2timents favorables1 B\u00e2timents non favorablesEnjeux \u00e9cologgiques li\u00e9s auxg\u00eete des chiropt\u00e8resEMI Faible : boisementsMod\u00e9r\u00e9 : Arbres \u00e0 cavit\u00e9s av\u00e9r\u00e9set b\u00e2timents favorables (FNE)EI n\u00e9gligeableHM Zone en dehors du p\u00e9rim\u00e8trede gestiondu parc\nAnnexe VI\nLocalisation de la mesure MR8\npage 16/17\n69_DDT_Direction d\u00e9partementale des territoires du Rh\u00f4ne - 69-2025-09-05-00007 - Direction r\u00e9gionale de l'environnement,\nde l'am\u00e9nagement et du logement\nAuvergne-Rh\u00f4ne-Alpes\nArr\u00eat\u00e9 pr\u00e9fectoral n\u00b0 DDT - SENR_2025 E 141 du 5 septembre 2025\nportant d\u00e9rogation aux dispositions de l'article L.411-1 du code de l'environnement pour\ndestruction et perturbation intentionnelle de sp\u00e9cimens d'esp\u00e8ces animales prot\u00e9g\u00e9es,\ndestruction, alt\u00e9ration ou d\u00e9gradation de sites de reproduction ou d'aires de repos\nd'esp\u00e8ces animales prot\u00e9g\u00e9es,\nB\u00e9n\u00e9ficiaire : M\u00c9TROPOLE DE LYON\ndans le cadre du projet de mise en oeuvre du plan de gestion du Parc de Parilly\nsur les communes de Bron et de V\u00e9nissieux (69)\n64\nSCHEMAS DIRECTEURS DES PARCS METROPOLITAINS \u00c0Propositiondes ilots de senescence - Parc de Parillyag\"7 0\u00a9 Limite du parc| - Arbres cavit\u00e9s\u00celots de s\u00e9nescence\u00e6 Ilots de s\u00e9nescence\n=\nPetropetede Gear Leon - Toes crots eserves, Seurnes | fond de on DON ertte stomata : EDI \u00a9 ECO AIM\nAnnexe VII\nLocalisation de la mesure MC1\npage 17/17\n69_DDT_Direction d\u00e9partementale des territoires du Rh\u00f4ne - 69-2025-09-05-00007 - Direction r\u00e9gionale de l'environnement,\nde l'am\u00e9nagement et du logement\nAuvergne-Rh\u00f4ne-Alpes\nArr\u00eat\u00e9 pr\u00e9fectoral n\u00b0 DDT - SENR_2025 E 141 du 5 septembre 2025\nportant d\u00e9rogation aux dispositions de l'article L.411-1 du code de l'environnement pour\ndestruction et perturbation intentionnelle de sp\u00e9cimens d'esp\u00e8ces animales prot\u00e9g\u00e9es,\ndestruction, alt\u00e9ration ou d\u00e9gradation de sites de reproduction ou d'aires de repos\nd'esp\u00e8ces animales prot\u00e9g\u00e9es,\nB\u00e9n\u00e9ficiaire : M\u00c9TROPOLE DE LYON\ndans le cadre du projet de mise en oeuvre du plan de gestion du Parc de Parilly\nsur les communes de Bron et de V\u00e9nissieux (69)\n65\n69_Pr\u00e9f_Pr\u00e9fecture du Rh\u00f4ne\n69-2025-09-18-00006\n habilitation dans le domaine fun\u00e9raire : Sas\nPOMPES FUN\u00c8BRES SAINT-ARNAUD situ\u00e9 2 place\nHirschberg 69530 Brignais\n69_Pr\u00e9f_Pr\u00e9fecture du Rh\u00f4ne - 69-2025-09-18-00006 -  habilitation dans le domaine fun\u00e9raire : Sas POMPES FUN\u00c8BRES SAINT-ARNAUD\nsitu\u00e9 2 place Hirschberg 69530 Brignais 66\nPREFETEDU RHONELibert\u00e9Egalit\u00e9Fraternit\u00e9\nDirection des Affaires Juridiques\net de l'Administration Locale\nBureau des r\u00e9glementations,\ndes \u00e9lections et des associations\nAffaire suivie par : Mme Delphine LOPEZ-PERSAT\nT\u00e9l. : 04 72 61 61 29\nCourriel : pref-funeraire@rhone.gouv.fr\nArr\u00eat\u00e9 pr\u00e9fectoral n\u00b0 69 - 2025 -                                          x\nportant habilitation dans le domaine fun\u00e9raire\nLa Pr\u00e9f\u00e8te de la R\u00e9gion Auvergne-Rh\u00f4ne-Alpes,\nPr\u00e9f\u00e8te de la Zone de d\u00e9fense et de s\u00e9curit\u00e9 sud-est,\nPr\u00e9f\u00e8te du Rh\u00f4ne,\nCommandeur de la L\u00e9gion d'honneur,\nCommandeur de l'ordre national du M\u00e9rite,\nVU le le code g\u00e9n\u00e9ral des collectivit\u00e9s territoriales, notamment ses articles L.2223-23 et R.2223-23-5 et\nsuivants ;\nVU la loi n\u00b0 93-23 du 8 janvier 1993 modifiant le titre VI du livre III du code des communes et relative \u00e0 la\nl\u00e9gislation dans le domaine fun\u00e9raire ;\nVU le dossier de demande d'habilitation r\u00e9ceptionn\u00e9 en pr\u00e9fecture le 13 mai 2024 et compl\u00e9t\u00e9 le 11\nseptembre 2025,  transmis par M onsieur  Patrick AZEDE, pr\u00e9sident de la  Sas POMPES FUN\u00c8BRES SAINT-\nARNAUD, pour l'\u00e9tablissement secondaire situ\u00e9 2 place Hirschberg 69530 Brignais ;\nSur proposition de Madame la Directrice des Affaires Juridiques et de l'Administration Locale ;\nARR\u00caTE\nArticle     1     :   L'\u00e9tablissement  secondaire de  l a  Sas POMPES  FUN\u00c8BRES  SAINT-ARNAUD situ\u00e9  2  place\nHirschberg 69530 Brignais,  dont le pr\u00e9sident est Monsieur Patrick AZEDE ,  est habilit\u00e9 pour exercer sur\nl'ensemble du territoire national, les activit\u00e9s fun\u00e9raires ci-apr\u00e8s :\n- Transport de corps avant et apr\u00e8s mise en bi\u00e8re\n- Organisation des obs\u00e8ques\n- Soins de conservation en sous-traitance\n- Fourniture des housses, des cercueils et de leurs accessoires int\u00e9rieurs et ext\u00e9rieurs, ainsi que des\nurnes cin\u00e9raires\n- Gestion et utilisation d'une chambre fun\u00e9raire\n- Fourniture des corbillards et des voitures de deuil\n- Fourniture  de  personnel  et  des  objets  et  prestations  n\u00e9cessaires  aux  obs\u00e8ques,  inhumations,\nexhumations et \u00e0 la cr\u00e9mation.\nPr\u00e9fecture du Rh\u00f4ne\n18 Rue de Bonnel\n69 419 LYON CEDEX 03\nT\u00e9l : 04 72 61 61 61\nwww.rhone.gouv.fr\n1/2\n69_Pr\u00e9f_Pr\u00e9fecture du Rh\u00f4ne - 69-2025-09-18-00006 -  habilitation dans le domaine fun\u00e9raire : Sas POMPES FUN\u00c8BRES SAINT-ARNAUD\nsitu\u00e9 2 place Hirschberg 69530 Brignais 67\nArticle     2     :   La dur\u00e9e de la pr\u00e9sente habilitation d\u00e9livr\u00e9e sous le n\u00b0 25-69-0747 est fix\u00e9e \u00e0 cinq ans.\nArticle     3     :   Le pr\u00e9sent arr\u00eat\u00e9 peut faire l'objet, dans un d\u00e9lai de 2 mois \u00e0 compter de sa publication, d'un\nrecours contentieux aupr\u00e8s du Tribunal Administratif de Lyon, 184 rue Duguesclin 69433 Lyon Cedex 03\nou sur le site www.telerecours.fr.\nArticle     4     :   Le pr\u00e9sent arr\u00eat\u00e9 sera publi\u00e9 au recueil des actes administratifs de la pr\u00e9fecture du Rh\u00f4ne. \nFait \u00e0 Lyon, le 18 septembre 2025\n_\n__________\nPour La Pr\u00e9f\u00e8te\nla directrice des affaires juridiques\net de l'administration locale\nCatherine MERIC\n2/2\n69_Pr\u00e9f_Pr\u00e9fecture du Rh\u00f4ne - 69-2025-09-18-00006 -  habilitation dans le domaine fun\u00e9raire : Sas POMPES FUN\u00c8BRES SAINT-ARNAUD\nsitu\u00e9 2 place Hirschberg 69530 Brignais 68\n69_Pr\u00e9f_Pr\u00e9fecture du Rh\u00f4ne\n69-2025-09-18-00003\nAP modifiant l'arr\u00eat\u00e9 pr\u00e9fectoral n\u00b0\n69-2025-08-27-00003 du 27 ao\u00fbt 2025 instituant\nla commission d'organisation de l'\u00e9lection\nannuelle des juges consulaires\ndu tribunal des activit\u00e9s \u00e9conomiques de Lyon et\ndu tribunal de commerce de Villefranche-Tarare\ndes 8 octobre et 22 octobre 2025\n69_Pr\u00e9f_Pr\u00e9fecture du Rh\u00f4ne - 69-2025-09-18-00003 - AP modifiant l'arr\u00eat\u00e9 pr\u00e9fectoral n\u00b0 69-2025-08-27-00003 du 27 ao\u00fbt 2025\ninstituant la commission d'organisation de l'\u00e9lection annuelle des juges consulaires\ndu tribunal des activit\u00e9s \u00e9conomiques de Lyon et du tribunal de commerce de Villefranche-Tarare des 8 octobre et 22 octobre 2025\n69\nPREFETEDU RHONELibert\u00e9Egalit\u00e9Fraternit\u00e9\nDirection des Affaires Juridiques\net de l'Administration Locale\nBureau des r\u00e9glementations,\ndes \u00e9lections et des associations\nAffaire suivie par : Mmes Sahli et Labrosse\nT\u00e9l. : 04 72 61 61 37/61 34\nCourriel : pref-elections@rhone.gouv.fr\nArr\u00eat\u00e9 pr\u00e9fectoral n\u00b0 69-2025-09-                                modifiant l'arr\u00eat\u00e9 pr\u00e9fectoral n\u00b0 69-2025-08-27-00003 \ndu 27 ao\u00fbt 2025 instituant la commission d'organisation de l'\u00e9lection annuelle des juges consulaires\ndu tribunal des activit\u00e9s \u00e9conomiques de Lyon et du tribunal de commerce de Villefranche-Tarare \ndes 8 octobre et 22 octobre 2025\nLa Pr\u00e9f\u00e8te de la r\u00e9gion Auvergne-Rh\u00f4ne-Alpes,\nPr\u00e9f\u00e8te du Rh\u00f4ne,\nCommandeur de la L\u00e9gion d'honneur,\nCommandeur de l'ordre national du M\u00e9rite,\nVU le Code de commerce et notamment le livre VII ;\nVU l'arr\u00eat\u00e9 pr\u00e9fectoral  n\u00b0  69-2025-08-12-00016 du 12 ao\u00fbt 2025  relatif aux op\u00e9rations de vote et de  \nrecensement  des  votes  pour  l'\u00e9lection  annuelle  des  juges  consulaires  au  Tribunal  des  Activit\u00e9s  \n\u00c9conomiques de Lyon ; \nVU l'arr\u00eat\u00e9 pr\u00e9fectoral  n\u00b0  69-2025-08-12-00017  du 12  ao\u00fbt 2025  relatif aux op\u00e9rations de vote et de  \nrecensement  des  votes  pour  l'\u00e9lection  annuelle  des  juges  consulaires  au  Tribunal  de  Commerce  de \nVillefranche-Tarare ;\nVU l'arr\u00eat\u00e9 pr\u00e9fectoral n\u00b0 69-2025-08-27-00003 du 27 ao\u00fbt 2025 instituant la commission d'organisation  \nde l'\u00e9lection annuelle des juges consulaires ;\nVU les d\u00e9signations du 20 ao\u00fbt 2025 faites par la premi\u00e8re Pr\u00e9sidente de la cour d'appel de Lyon ;\nSUR proposition du Pr\u00e9fet, Secr\u00e9taire g\u00e9n\u00e9ral, Pr\u00e9fet d\u00e9l\u00e9gu\u00e9 pour l'\u00e9galit\u00e9 des chances ;\nARR\u00caTE :\nArticle 1 er : L'article 1 er 2) de l'arr\u00eat\u00e9 pr\u00e9fectoral n\u00b0 69-2025-08-27-00003 du 27 ao\u00fbt 2025 instituant la  \ncommission d'organisation de l'\u00e9lection annuelle des juges consulaires est modifi\u00e9 comme suit :\n2) POUR LE TRIBUNAL DE COMMERCE DE VILLEFRANCHE-TARARE     :  \n\ue00d Pour le premier tour de scrutin     :  \nPr\u00e9siden  te   :\n\u2022 Madame Wendy BELLE, vice-pr\u00e9sidente charg\u00e9e des fonctions de juge de l'instruction  au tribunal \njudiciaire de Villefranche-sur-Sa\u00f4ne ;\nPr\u00e9fecture du Rh\u00f4ne\n18 Rue de Bonnel\n69 419 LYON CEDEX 03\nT\u00e9l : 04 72 61 61 61\nwww.rhone.gouv.fr\n1/2\n69_Pr\u00e9f_Pr\u00e9fecture du Rh\u00f4ne - 69-2025-09-18-00003 - AP modifiant l'arr\u00eat\u00e9 pr\u00e9fectoral n\u00b0 69-2025-08-27-00003 du 27 ao\u00fbt 2025\ninstituant la commission d'organisation de l'\u00e9lection annuelle des juges consulaires\ndu tribunal des activit\u00e9s \u00e9conomiques de Lyon et du tribunal de commerce de Villefranche-Tarare des 8 octobre et 22 octobre 2025\n70\nMembres : \n\u2022 Madame Emeline LAMBERT, juge au tribunal judiciaire de Villefranche-sur-Sa\u00f4ne ;\n\u2022 M.  Alexandre  TARDY,  chef  du  bureau  des  collectivit\u00e9s  locales  et  du  d\u00e9veloppement  des  \nterritoires, repr\u00e9sentant le Sous-Pr\u00e9fet de Villefranche-sur-Sa\u00f4ne ;\nMembres suppl\u00e9ants : \n\u2022 Madame Anne-Sophie HUET, vice-pr\u00e9sidente charg\u00e9e des fonctions de juge de l'application des  \npeines au tribunal judiciaire de Villefranche-sur-Sa\u00f4ne ;\n\u2022 M. St\u00e9phane PICHON,  chef du bureau de la coh\u00e9sion sociale, repr\u00e9sentant le Sous-Pr\u00e9fet de  \nVillefranche-sur-Sa\u00f4ne ;\nLe secr\u00e9tariat de la commission sera assur\u00e9 par :\n\u2022 M. Julien KHELFA, greffier du Tribunal de Commerce de Villefranche-Tarare.\n\ue00d Pour le   deuxi\u00e8me   tour de scrutin     :  \nPr\u00e9sidente     :  \n\u2022 Mme France ROUZIER, , pr\u00e9sidente du tribunal judiciaire de Villefranche-sur-Sa\u00f4ne ;\nMembres : \n\u2022 Monsieur Nathan ALLIX, vice-pr\u00e9sident plac\u00e9 aupr\u00e8s de la premi\u00e8re pr\u00e9sidente de la cour d'appel  \nde Lyon ;\n\u2022 M.  Alexandre  TARDY, chef  du  bureau  des  collectivit\u00e9s  locales  et  du  d\u00e9veloppement  des  \nterritoires, repr\u00e9sentant le Sous-Pr\u00e9fet de Villefranche-sur-Sa\u00f4ne ;\nMembres suppl\u00e9ants : \n\u2022 Madame  Eva  HUMEAU,  juge  des  contentieux  de  la  protection  au  tribunal  judiciaire  de  \nVillefranche-sur-Sa\u00f4ne ;\n\u2022 M. St\u00e9phane PICHON,  chef du bureau de la coh\u00e9sion sociale, repr\u00e9sentant le Sous-Pr\u00e9fet de  \nVillefranche-sur-Sa\u00f4ne ;\nLe secr\u00e9tariat de la commission sera assur\u00e9 par :\n\u2022 M. Julien KHELFA, greffier du tribunal de Commerce de Villefranche-Tarare.\nArticle 2 : Le reste sans changement.\nArticle 3 : Le pr\u00e9sent arr\u00eat\u00e9 peut faire l'objet d'un recours devant le Tribunal administratif de Lyon \u2013 184  \nrue Duguesclin \u2013 69433 Lyon cedex 03 ou sur le site www.telerecours.fr, dans un d\u00e9lai de deux mois \u00e0  \ncompter de sa publication au recueil des actes administratifs de la pr\u00e9fecture du Rh\u00f4ne.\nArticle 4  : Le pr\u00e9fet, secr\u00e9taire g\u00e9n\u00e9ral de la pr\u00e9fecture du Rh\u00f4ne, pr\u00e9fet d\u00e9l\u00e9gu\u00e9 pour l'\u00e9galit\u00e9 des  \nchances, le sous-pr\u00e9fet de Villefranche-sur-Sa\u00f4ne et les  pr\u00e9sidentes des commissions d'organisation des  \n\u00e9lections au tribunal des activit\u00e9s \u00e9conomiques de Lyon et au tribunal de commerce de Villefranche-\nTarare sont charg\u00e9s, chacun en ce qui l e concerne, de l'ex\u00e9cution du pr\u00e9sent arr\u00eat\u00e9 dont une copie sera  \nadress\u00e9e \u00e0 chacun des membres et qui sera publi\u00e9 au recueil des actes administratifs de la pr\u00e9fecture.\nFait \u00e0 Lyon, le 18 septembre 2025\nPour La Pr\u00e9f\u00e8te,\nLe Pr\u00e9fet, \nSecr\u00e9taire g\u00e9n\u00e9ral,\nPr\u00e9fet d\u00e9l\u00e9gu\u00e9 \u00e0 l'\u00e9galit\u00e9 des chances,\nsign\u00e9\nFabrice Rosay\n2/2\n69_Pr\u00e9f_Pr\u00e9fecture du Rh\u00f4ne - 69-2025-09-18-00003 - AP modifiant l'arr\u00eat\u00e9 pr\u00e9fectoral n\u00b0 69-2025-08-27-00003 du 27 ao\u00fbt 2025\ninstituant la commission d'organisation de l'\u00e9lection annuelle des juges consulaires\ndu tribunal des activit\u00e9s \u00e9conomiques de Lyon et du tribunal de commerce de Villefranche-Tarare des 8 octobre et 22 octobre 2025\n71\n69_Pr\u00e9f_Pr\u00e9fecture du Rh\u00f4ne\n69-2025-09-18-00009\nArr\u00eat\u00e9 abrogeant l'arr\u00eat\u00e9 n\u00b0\u00a069-2021-02-27-008\ndu 27 f\u00e9vrier 2021 portant habilitation dans le\ndomaine fun\u00e9raire : Sarl POMPES FUNEBRES\nJOUBERT situ\u00e9 2 place Hirsberg 69530 Brignais,\ndont le nom commercial est \u00ab\u00a0POMPES\nFUNEBRES DE L'OUEST LYONNAIS\u00a0\u00bb\n69_Pr\u00e9f_Pr\u00e9fecture du Rh\u00f4ne - 69-2025-09-18-00009 - Arr\u00eat\u00e9 abrogeant l'arr\u00eat\u00e9 n\u00b0\u00a069-2021-02-27-008 du 27 f\u00e9vrier 2021 portant\nhabilitation dans le domaine fun\u00e9raire : Sarl POMPES FUNEBRES JOUBERT situ\u00e9 2 place Hirsberg 69530 Brignais, dont le nom\ncommercial est \u00ab\u00a0POMPES FUNEBRES DE L'OUEST LYONNAIS\u00a0\u00bb\n72\nPREFETEDU RHONELibert\u00e9Egalit\u00e9Fraternit\u00e9\nDirection des Affaires Juridiques\net de l'Administration Locale\nBureau des r\u00e9glementations,\ndes \u00e9lections et des associations\nAffaire suivie par : Mme Delphine LOPEZ-PERSAT\nT\u00e9l. : 04 72 61 61 29\nCourriel : pref-funeraire@rhone.gouv.fr\nArr\u00eat\u00e9 pr\u00e9fectoral n\u00b0 69 - 2025-                            \nabrogeant l'arr\u00eat\u00e9 n\u00b0 69-2021-02-27-008 du 27 f\u00e9vrier 2021\nportant habilitation dans le domaine fun\u00e9raire\nLa Pr\u00e9f\u00e8te de la R\u00e9gion Auvergne-Rh\u00f4ne-Alpes,\nPr\u00e9f\u00e8te de la Zone de d\u00e9fense et de s\u00e9curit\u00e9 sud-est,\nPr\u00e9f\u00e8te du Rh\u00f4ne,\nCommandeur de la L\u00e9gion d'honneur,\nCommandeur de l'ordre national du M\u00e9rite,\nVU le le code g\u00e9n\u00e9ral des collectivit\u00e9s territoriales, notamment ses articles L.2223-23 et R.2223-23-5 et\nsuivants ;\nVU la loi n\u00b0 93-23 du 8 janvier 1993 modifiant le titre VI du livre III du code des communes et relative \u00e0 la\nl\u00e9gislation dans le domaine fun\u00e9raire ;\nVU  l'arr\u00eat\u00e9 pr\u00e9fectoral  n\u00b0 69-2021-02-27-008 du 27 f\u00e9vrier 2021  portant habilitation dans le domaine\nfun\u00e9raire sous le num\u00e9ro 21-69-0651 de l'\u00e9tablissement secondaire de la Sarl POMPES FUNEBRES JOUBERT\nsitu\u00e9  2 place Hirsberg 69530 Brignais ,  dont le nom commercial est \u00ab  POMPES FUNEBRES DE L'OUEST\nLYONNAIS \u00bb et dont le g\u00e9rant est Monsieur Patrick AZEDE ;\nVU l'arr\u00eat\u00e9 pr\u00e9fectoral n\u00b0 69-2023-12-07-0009 du 7 d\u00e9cembre 2023 modifiant l'arr\u00eat\u00e9 n\u00b0 69-2021-02-27-\n008 du 27 f\u00e9vrier 2021 ;\nVU la fermeture de l'\u00e9tablissement \u00e0 la date du 5 avril 2025;\nSur proposition de Madame la Directrice des Affaires Juridiques et de l'Administration Locale ;\nARR\u00caTE\nArticle     1     :   L'arr\u00eat\u00e9 pr\u00e9fectoral n \u00b0 69-2021-02-27-008 du 27 f\u00e9vrier 2021, modifi\u00e9  par l' arr\u00eat\u00e9 pr\u00e9fectoral\nn\u00b0 69-2023-12-07-0009  du  7  d\u00e9cembre  2023,  portant  habilitation  dans  le  domaine  fun\u00e9raire  sous  le\nnum\u00e9ro  21-69-0651 de l'\u00e9tablissement secondaire de la Sarl POMPES FUNEBRES JOUBERT situ\u00e9  2 place\nHirsberg 69530 Brignais , dont le nom commercial est \u00ab  POMPES FUNEBRES DE L'OUEST LYONNAIS  \u00bb et\ndont le g\u00e9rant est Monsieur Patrick AZEDE, est abrog\u00e9.\nPr\u00e9fecture du Rh\u00f4ne\n18 Rue de Bonnel\n69 419 LYON CEDEX 03\nT\u00e9l : 04 72 61 61 61\nwww.rhone.gouv.fr\n1/2\n69_Pr\u00e9f_Pr\u00e9fecture du Rh\u00f4ne - 69-2025-09-18-00009 - Arr\u00eat\u00e9 abrogeant l'arr\u00eat\u00e9 n\u00b0\u00a069-2021-02-27-008 du 27 f\u00e9vrier 2021 portant\nhabilitation dans le domaine fun\u00e9raire : Sarl POMPES FUNEBRES JOUBERT situ\u00e9 2 place Hirsberg 69530 Brignais, dont le nom\ncommercial est \u00ab\u00a0POMPES FUNEBRES DE L'OUEST LYONNAIS\u00a0\u00bb\n73\nArticle     2     :   Le pr\u00e9sent arr\u00eat\u00e9 peut faire l'objet, dans un d\u00e9lai de 2 mois \u00e0 compter de sa publication, d'un\nrecours contentieux aupr\u00e8s du Tribunal Administratif de Lyon, 184 rue Duguesclin 69433 Lyon Cedex 03\nou sur le site www.telerecours.fr.\nArticle     3     :   Le pr\u00e9sent arr\u00eat\u00e9 sera publi\u00e9 au recueil des actes administratifs de la pr\u00e9fecture du Rh\u00f4ne. \nFait \u00e0 Lyon, le 18 septembre 2025\n_\n__________\nPour La Pr\u00e9f\u00e8te\nla directrice des affaires juridiques\net de l'administration locale\nCatherine MERIC\n2/2\n69_Pr\u00e9f_Pr\u00e9fecture du Rh\u00f4ne - 69-2025-09-18-00009 - Arr\u00eat\u00e9 abrogeant l'arr\u00eat\u00e9 n\u00b0\u00a069-2021-02-27-008 du 27 f\u00e9vrier 2021 portant\nhabilitation dans le domaine fun\u00e9raire : Sarl POMPES FUNEBRES JOUBERT situ\u00e9 2 place Hirsberg 69530 Brignais, dont le nom\ncommercial est \u00ab\u00a0POMPES FUNEBRES DE L'OUEST LYONNAIS\u00a0\u00bb\n74\n69_Pr\u00e9f_Pr\u00e9fecture du Rh\u00f4ne\n69-2025-09-18-00008\nHabilitation dans le domaine fun\u00e9raire : Sas OGF\nsitu\u00e9 3 avenue Burano Di Molgora 69360\nSaint-Symphorien-d'Ozon\n69_Pr\u00e9f_Pr\u00e9fecture du Rh\u00f4ne - 69-2025-09-18-00008 - Habilitation dans le domaine fun\u00e9raire : Sas OGF situ\u00e9 3 avenue Burano Di\nMolgora 69360 Saint-Symphorien-d'Ozon 75\nPREFETEDU RHONELibert\u00e9Egalit\u00e9Fraternit\u00e9\nDirection des Affaires Juridiques\net de l'Administration Locale\nBureau des r\u00e9glementations,\ndes \u00e9lections et des associations\nAffaire suivie par : Mme Assia YAHI\nT\u00e9l. : 04 72 61 61 29\nCourriel : pref-funeraire@rhone.gouv.fr\nArr\u00eat\u00e9 pr\u00e9fectoral n\u00b0 69-2025-                                          x\nportant habilitation dans le domaine fun\u00e9raire\nLa Pr\u00e9f\u00e8te de la R\u00e9gion Auvergne-Rh\u00f4ne-Alpes,\nPr\u00e9f\u00e8te de la Zone de d\u00e9fense et de s\u00e9curit\u00e9 sud-est,\nPr\u00e9f\u00e8te du Rh\u00f4ne,\nCommandeur de la L\u00e9gion d'honneur,\nCommandeur de l'ordre national du M\u00e9rite,\nVU  le Code g\u00e9n\u00e9ral des collectivit\u00e9s territoriales, notamment ses articles L.2223-23 et R.2223-23-5 et\nsuivants ;\nVU la loi n\u00b0 93-23 du 8 janvier 1993 modifiant le titre VI du livre III du code des communes et relative \u00e0 la\nl\u00e9gislation dans le domaine fun\u00e9raire ;\nVU le dossier de demande de renouvellement d'habilitation r\u00e9ceptionn\u00e9 en pr\u00e9fecture le 02 juillet 2025\net  compl\u00e9t\u00e9  le  20  ao\u00fbt  2025, transmis par  M onsieur  Christophe  NEVEUX, directeur  de  secteur\nop\u00e9rationnel de la  Sas OGF,  pour l'\u00e9tablissement  secondaire situ\u00e9 3 avenue Burano Di Molgora 69360\nSaint-Symphorien-d'Ozon, dont commercial est \u00ab POMPES FUNEBRES GENERALES \u00bb ;\nSur proposition de Madame la Directrice des Affaires Juridiques et de l'Administration Locale ;\nARR\u00caTE\nArticle     1     :   L'\u00e9tablissement  secondaire de l a  Sas OGF  situ\u00e9  3 avenue Burano Di Molgora 69360 Saint-\nSymphorien-d'Ozon, dont le  directeur de secteur op\u00e9rationnel  est  Monsieur Christophe NEVEUX ,  est\nhabilit\u00e9 pour exercer sur l'ensemble du territoire national l'activit\u00e9 fun\u00e9raire ci-apr\u00e8s :\n\u2013 Transport de corps avant et apr\u00e8s mise en bi\u00e8re\n\u2013 Organisation des obs\u00e8ques\n\u2013 Soins de conservation en sous-traitance\n\u2013 Fourniture des housses, des cercueils et de leurs accessoires int\u00e9rieurs et ext\u00e9rieurs, ainsi que des\nurnes cin\u00e9raires\n\u2013 Fourniture des corbillards et des voitures de deuil \n\u2013 Fourniture  de  personnel  et  des  objets  et  prestations  n\u00e9cessaires  aux  obs\u00e8ques,  inhumations,\nexhumations et \u00e0 la cr\u00e9mation.\nPr\u00e9fecture du Rh\u00f4ne\n18 Rue de Bonnel\n69 419 LYON CEDEX 03\nT\u00e9l : 04 72 61 61 61\nwww.rhone.gouv.fr\n1/2\n69_Pr\u00e9f_Pr\u00e9fecture du Rh\u00f4ne - 69-2025-09-18-00008 - Habilitation dans le domaine fun\u00e9raire : Sas OGF situ\u00e9 3 avenue Burano Di\nMolgora 69360 Saint-Symphorien-d'Ozon 76\nArticle     2     :   La dur\u00e9e de la pr\u00e9sente habilitation d\u00e9livr\u00e9e sous le n\u00b025-69-0378 est fix\u00e9e \u00e0 cinq ans.\nArticle     3     :   Le pr\u00e9sent arr\u00eat\u00e9 peut faire l'objet, dans un d\u00e9lai de 2 mois \u00e0 compter de sa publication, d'un\nrecours contentieux aupr\u00e8s du Tribunal Administratif de Lyon, 184 rue Duguesclin 69433 Lyon Cedex 03\nou sur le site www.telerecours.fr.\nArticle     4     :   Le pr\u00e9sent arr\u00eat\u00e9 sera publi\u00e9 au recueil des actes administratifs de la pr\u00e9fecture du Rh\u00f4ne. \nFait \u00e0 Lyon, le 18 septembre 2025\nPour La Pr\u00e9f\u00e8te,\nla directrice des affaires juridiques\net de l'administration locale\nCatherine MERIC\n2/2\n69_Pr\u00e9f_Pr\u00e9fecture du Rh\u00f4ne - 69-2025-09-18-00008 - Habilitation dans le domaine fun\u00e9raire : Sas OGF situ\u00e9 3 avenue Burano Di\nMolgora 69360 Saint-Symphorien-d'Ozon 77\n69_Pr\u00e9f_Pr\u00e9fecture du Rh\u00f4ne\n69-2025-09-18-00005\nhabilitation dans le domaine fun\u00e9raire : Sas\nPOMPES FUN\u00c8BRES SAINT-ARNAUD situ\u00e9 157\navenue Barth\u00e9l\u00e9my Buyer 69005 Lyon\n69_Pr\u00e9f_Pr\u00e9fecture du Rh\u00f4ne - 69-2025-09-18-00005 - habilitation dans le domaine fun\u00e9raire : Sas POMPES FUN\u00c8BRES SAINT-ARNAUD\nsitu\u00e9 157 avenue Barth\u00e9l\u00e9my Buyer 69005 Lyon 78\nPREFETEDU RHONELibert\u00e9Egalit\u00e9Fraternit\u00e9\nDirection des Affaires Juridiques\net de l'Administration Locale\nBureau des r\u00e9glementations,\ndes \u00e9lections et des associations\nAffaire suivie par : Mme Assia YAHI\nT\u00e9l. : 04 72 61 61 29\nCourriel : pref-funeraire@rhone.gouv.fr\nArr\u00eat\u00e9 pr\u00e9fectoral n\u00b0 69 - 2025 -                                          x\nportant habilitation dans le domaine fun\u00e9raire\nLa Pr\u00e9f\u00e8te de la R\u00e9gion Auvergne-Rh\u00f4ne-Alpes,\nPr\u00e9f\u00e8te de la Zone de d\u00e9fense et de s\u00e9curit\u00e9 sud-est,\nPr\u00e9f\u00e8te du Rh\u00f4ne,\nOfficier de la L\u00e9gion d'honneur,\nCommandeur de l'ordre national du M\u00e9rite,\nVU le le code g\u00e9n\u00e9ral des collectivit\u00e9s territoriales, notamment ses articles L.2223-23 et R.2223-23-5 et\nsuivants ;\nVU la loi n\u00b0 93-23 du 8 janvier 1993 modifiant le titre VI du livre III du code des communes et relative \u00e0 la\nl\u00e9gislation dans le domaine fun\u00e9raire ;\nVU le dossier de demande d'habilitation r\u00e9ceptionn\u00e9 en pr\u00e9fecture le 13 mai 2024 et compl\u00e9t\u00e9 le 11\nseptembre 2025,  transmis par M onsieur  Patrick AZEDE, pr\u00e9sident de la  Sas POMPES FUN\u00c8BRES SAINT-\nARNAUD, pour l'\u00e9tablissement secondaire situ\u00e9 157 avenue Barth\u00e9l\u00e9my Buyer 69005 Lyon ;\nSur proposition de Madame la Directrice des Affaires Juridiques et de l'Administration Locale ;\nARR\u00caTE\nArticle     1     :   L'\u00e9tablissement  secondaire de l a Sas  POMPES FUN\u00c8BRES SAINT-ARNAUD  situ\u00e9  157 avenue\nBarth\u00e9l\u00e9my Buyer 69005 Lyon, dont le pr\u00e9sident est Monsieur Patrick AZEDE, est habilit\u00e9 pour exercer sur\nl'ensemble du territoire national, les activit\u00e9s fun\u00e9raires ci-apr\u00e8s :\n- Transport de corps avant et apr\u00e8s mise en bi\u00e8re\n- Organisation des obs\u00e8ques\n- Soins de conservation en sous-traitance\n- Fourniture des housses, des cercueils et de leurs accessoires int\u00e9rieurs et ext\u00e9rieurs, ainsi que des\nurnes cin\u00e9raires\n- Fourniture des corbillards et des voitures de deuil\n- Fourniture  de  personnel  et  des  objets  et  prestations  n\u00e9cessaires  aux  obs\u00e8ques,  inhumations,\nexhumations et \u00e0 la cr\u00e9mation.\nArticle     2     :   La dur\u00e9e de la pr\u00e9sente habilitation d\u00e9livr\u00e9e sous le n\u00b0 25-69-0745 est fix\u00e9e \u00e0 cinq ans.\nPr\u00e9fecture du Rh\u00f4ne\n18 Rue de Bonnel\n69 419 LYON CEDEX 03\nT\u00e9l : 04 72 61 61 61\nwww.rhone.gouv.fr\n1/2\n69_Pr\u00e9f_Pr\u00e9fecture du Rh\u00f4ne - 69-2025-09-18-00005 - habilitation dans le domaine fun\u00e9raire : Sas POMPES FUN\u00c8BRES SAINT-ARNAUD\nsitu\u00e9 157 avenue Barth\u00e9l\u00e9my Buyer 69005 Lyon 79\nArticle     3     :   Le pr\u00e9sent arr\u00eat\u00e9 peut faire l'objet, dans un d\u00e9lai de 2 mois \u00e0 compter de sa publication, d'un\nrecours contentieux aupr\u00e8s du Tribunal Administratif de Lyon, 184 rue Duguesclin 69433 Lyon Cedex 03\nou sur le site www.telerecours.fr.\nArticle     4     :   Le pr\u00e9sent arr\u00eat\u00e9 sera publi\u00e9 au recueil des actes administratifs de la pr\u00e9fecture du Rh\u00f4ne. \nFait \u00e0 Lyon, le 18 septembre 2025\n_\n__________\nPour La Pr\u00e9f\u00e8te\nla directrice des affaires juridiques\net de l'administration locale\nCatherine MERIC\n2/2\n69_Pr\u00e9f_Pr\u00e9fecture du Rh\u00f4ne - 69-2025-09-18-00005 - habilitation dans le domaine fun\u00e9raire : Sas POMPES FUN\u00c8BRES SAINT-ARNAUD\nsitu\u00e9 157 avenue Barth\u00e9l\u00e9my Buyer 69005 Lyon 80\n69_Pr\u00e9f_Pr\u00e9fecture du Rh\u00f4ne\n69-2025-09-18-00004\nhabilitation dans le domaine fun\u00e9raire : Sas\nPOMPES FUN\u00c8BRES SAINT-ARNAUD situ\u00e9 35 rue\nHector Berlioz 69009 Lyon\n69_Pr\u00e9f_Pr\u00e9fecture du Rh\u00f4ne - 69-2025-09-18-00004 - habilitation dans le domaine fun\u00e9raire : Sas POMPES FUN\u00c8BRES SAINT-ARNAUD\nsitu\u00e9 35 rue Hector Berlioz 69009 Lyon 81\nPREFETEDU RHONELibert\u00e9Egalit\u00e9Fraternit\u00e9\nDirection des Affaires Juridiques\net de l'Administration Locale\nBureau des r\u00e9glementations,\ndes \u00e9lections et des associations\nAffaire suivie par : Mme Delphine LOPEZ-PERSAT\nT\u00e9l. : 04 72 61 61 29\nCourriel : pref-funeraire@rhone.gouv.fr\nArr\u00eat\u00e9 pr\u00e9fectoral n\u00b0 69 - 2025 -                                          x\nportant habilitation dans le domaine fun\u00e9raire\nLa Pr\u00e9f\u00e8te de la R\u00e9gion Auvergne-Rh\u00f4ne-Alpes,\nPr\u00e9f\u00e8te de la Zone de d\u00e9fense et de s\u00e9curit\u00e9 sud-est,\nPr\u00e9f\u00e8te du Rh\u00f4ne,\nCommandeur de la L\u00e9gion d'honneur,\nCommandeur de l'ordre national du M\u00e9rite,\nVU le  code g\u00e9n\u00e9ral des collectivit\u00e9s territoriales, notamment ses articles L.2223-23 et R.2223-23-5 et\nsuivants ;\nVU la loi n\u00b0 93-23 du 8 janvier 1993 modifiant le titre VI du livre III du code des communes et relative \u00e0 la\nl\u00e9gislation dans le domaine fun\u00e9raire ;\nVU le dossier de demande d'habilitation r\u00e9ceptionn\u00e9 en pr\u00e9fecture le 13 mai 2024 et compl\u00e9t\u00e9 le 11\nseptembre 2025,  transmis par M onsieur  Patrick AZEDE, pr\u00e9sident de la  Sas POMPES FUN\u00c8BRES SAINT-\nARNAUD, pour l'\u00e9tablissement secondaire situ\u00e9 35 rue Hector Berlioz 69009 Lyon ;\nSur proposition de Madame la Directrice des Affaires Juridiques et de l'Administration Locale ;\nARR\u00caTE\nArticle     1     :   L'\u00e9tablissement secondaire de l a Sas POMPES FUN\u00c8BRES SAINT-ARNAUD  situ\u00e9 35 rue Hector\nBerlioz  69009  Lyon, dont  le  pr\u00e9sident  est  Monsieur Patrick  AZEDE ,  est  habilit\u00e9  pour  exercer  sur\nl'ensemble du territoire national, les activit\u00e9s fun\u00e9raires ci-apr\u00e8s :\n- Transport de corps avant et apr\u00e8s mise en bi\u00e8re\n- Organisation des obs\u00e8ques\n- Soins de conservation en sous-traitance\n- Fourniture des housses, des cercueils et de leurs accessoires int\u00e9rieurs et ext\u00e9rieurs, ainsi que des\nurnes cin\u00e9raires\n- Fourniture des corbillards et des voitures de deuil\n- Fourniture  de  personnel  et  des  objets  et  prestations  n\u00e9cessaires  aux  obs\u00e8ques,  inhumations,\nexhumations et \u00e0 la cr\u00e9mation.\nArticle     2     :   La dur\u00e9e de la pr\u00e9sente habilitation d\u00e9livr\u00e9e sous le n\u00b025-69-746 est fix\u00e9e \u00e0 cinq ans.\nPr\u00e9fecture du Rh\u00f4ne\n18 Rue de Bonnel\n69 419 LYON CEDEX 03\nT\u00e9l : 04 72 61 61 61\nwww.rhone.gouv.fr\n1/2\n69_Pr\u00e9f_Pr\u00e9fecture du Rh\u00f4ne - 69-2025-09-18-00004 - habilitation dans le domaine fun\u00e9raire : Sas POMPES FUN\u00c8BRES SAINT-ARNAUD\nsitu\u00e9 35 rue Hector Berlioz 69009 Lyon 82\nArticle     3     :   Le pr\u00e9sent arr\u00eat\u00e9 peut faire l'objet, dans un d\u00e9lai de 2 mois \u00e0 compter de sa publication, d'un\nrecours contentieux aupr\u00e8s du Tribunal Administratif de Lyon, 184 rue Duguesclin 69433 Lyon Cedex 03\nou sur le site www.telerecours.fr.\nArticle     4     :   Le pr\u00e9sent arr\u00eat\u00e9 sera publi\u00e9 au recueil des actes administratifs de la pr\u00e9fecture du Rh\u00f4ne. \nFait \u00e0 Lyon, le 18 septembre 2025\n__________\nPour La Pr\u00e9f\u00e8te,\nla directrice des affaires juridiques\net de l'administration locale\nCatherine MERIC\n2/2\n69_Pr\u00e9f_Pr\u00e9fecture du Rh\u00f4ne - 69-2025-09-18-00004 - habilitation dans le domaine fun\u00e9raire : Sas POMPES FUN\u00c8BRES SAINT-ARNAUD\nsitu\u00e9 35 rue Hector Berlioz 69009 Lyon 83\n69_Pr\u00e9f_Pr\u00e9fecture du Rh\u00f4ne\n69-2025-09-18-00007\nhabilitation dans le domaine fun\u00e9raire : SASU\n\u00ab\u00a0Pompes Fun\u00e8bres Marie\u00a0\u00bb situ\u00e9 au 2680 route\ndes Ch\u00e8res, 69480 Moranc\u00e9\n69_Pr\u00e9f_Pr\u00e9fecture du Rh\u00f4ne - 69-2025-09-18-00007 - habilitation dans le domaine fun\u00e9raire : SASU \u00ab\u00a0Pompes Fun\u00e8bres Marie\u00a0\u00bb situ\u00e9\nau 2680 route des Ch\u00e8res, 69480 Moranc\u00e9 84\nPREFETEDU RHONELibert\u00e9Egalit\u00e9Fraternit\u00e9\nDirection des Affaires Juridiques\net de l'Administration Locale\nBureau des r\u00e9glementations,\ndes \u00e9lections et des associations\nAffaire suivie par : Mme Assia YAHI\nT\u00e9l. : 04 72 61 61 29\nCourriel : pref-funeraire@rhone.gouv.fr\nArr\u00eat\u00e9 pr\u00e9fectoral n\u00b0 69 - 2025 -                       x                        \nportant habilitation dans le domaine fun\u00e9raire\nLa Pr\u00e9f\u00e8te de la R\u00e9gion Auvergne-Rh\u00f4ne-Alpes,\nPr\u00e9f\u00e8te de la Zone de d\u00e9fense et de s\u00e9curit\u00e9 sud-est,\nPr\u00e9f\u00e8te du Rh\u00f4ne,\nCommandeur de la L\u00e9gion d'honneur,\nCommandeur de l'ordre national du M\u00e9rite,\nVU le le code g\u00e9n\u00e9ral des collectivit\u00e9s territoriales, notamment ses articles L.2223-23 et R.2223-23-5 et\nsuivants ;\nVU la loi n\u00b0 93-23 du 8 janvier 1993 modifiant le titre VI du livre III du code des communes et relative \u00e0 la\nl\u00e9gislation dans le domaine fun\u00e9raire ;\nVU le dossier de demande d'habilitation r\u00e9ceptionn\u00e9 en pr\u00e9fecture le 16 juin 2025 et compl\u00e9t\u00e9 le 04\nseptembre 2025,  transmis par Madame Caroline BONDET , pr\u00e9sidente de la SASU \u00ab  Pompes Fun\u00e8bres\nMarie \u00bb pour l'\u00e9tablissement principal situ\u00e9 au 2680 route des Ch\u00e8res, 69480 Moranc\u00e9 ;\nSur proposition de Madame la Directrice des Affaires Juridiques et de l'Administration Locale ;\nARR\u00caTE\nArticle     1     :   L'\u00e9tablissement  principal de  la  SASU  \u00ab Pompes  Fun\u00e8bres  Marie \u00bb situ\u00e9  au  2680  route  des\nCh\u00e8res, 69480 Moranc\u00e9 , dont la pr\u00e9sidente est Madame Caroline BONDET est habilit\u00e9 pour exercer sur\nl'ensemble du territoire national, l'activit\u00e9 fun\u00e9raire ci-apr\u00e8s :\n- Transport de corps avant et apr\u00e8s mise en bi\u00e8re en sous-traitance\n- Organisation des obs\u00e8ques\n- Soins de conservation en sous-traitance\n- Fourniture des housses, des cercueils et de leurs accessoires int\u00e9rieurs et ext\u00e9rieurs, ainsi que des\nurnes cin\u00e9raires\n- Fourniture des corbillards et des voitures de deuils en sous-traitance\n- Fourniture  de  personnel  et  des  objets  et  prestations  n\u00e9cessaires  aux  obs\u00e8ques,  inhumations,\nexhumations et \u00e0 la cr\u00e9mation en sous-traitance\nPr\u00e9fecture du Rh\u00f4ne\n18 Rue de Bonnel\n69 419 LYON CEDEX 03\nT\u00e9l : 04 72 61 61 61\nwww.rhone.gouv.fr\n1/2\n69_Pr\u00e9f_Pr\u00e9fecture du Rh\u00f4ne - 69-2025-09-18-00007 - habilitation dans le domaine fun\u00e9raire : SASU \u00ab\u00a0Pompes Fun\u00e8bres Marie\u00a0\u00bb situ\u00e9\nau 2680 route des Ch\u00e8res, 69480 Moranc\u00e9 85\nArticle     2     :   La dur\u00e9e de la pr\u00e9sente habilitation d\u00e9livr\u00e9e sous le n\u00b025-69-0744 est fix\u00e9e \u00e0 cinq ans.\nArticle     3     :   Le pr\u00e9sent arr\u00eat\u00e9 peut faire l'objet, dans un d\u00e9lai de 2 mois \u00e0 compter de sa publication, d'un\nrecours contentieux aupr\u00e8s du Tribunal Administratif de Lyon, 184 rue Duguesclin 69433 Lyon Cedex 03\nou sur le site www.telerecours.fr.\nArticle     4     :   Le pr\u00e9sent arr\u00eat\u00e9 sera publi\u00e9 au recueil des actes administratifs de la pr\u00e9fecture du Rh\u00f4ne. \nFait \u00e0 Lyon, le 18 septembre 2025 \n____\n__\n__________\nPour La Pr\u00e9f\u00e8te,\nla directrice des affaires juridiques\net de l'administration locale\nCatherine MERIC\n2/2\n69_Pr\u00e9f_Pr\u00e9fecture du Rh\u00f4ne - 69-2025-09-18-00007 - habilitation dans le domaine fun\u00e9raire : SASU \u00ab\u00a0Pompes Fun\u00e8bres Marie\u00a0\u00bb situ\u00e9\nau 2680 route des Ch\u00e8res, 69480 Moranc\u00e9 86\n69_Pr\u00e9f_Pr\u00e9fecture du Rh\u00f4ne\n69-2025-09-17-00002\nARR\u00caT\u00c9 n\u00b02025 - 09 - 17 - 0001\nautorisant la captation, l'enregistrement et la\ntransmission\nd'images au moyen de cam\u00e9ras install\u00e9es sur un\na\u00e9ronef le jeudi 18 septembre 2025 \u00e0 Lyon\n69_Pr\u00e9f_Pr\u00e9fecture du Rh\u00f4ne - 69-2025-09-17-00002 - ARR\u00caT\u00c9 n\u00b02025 - 09 - 17 - 0001\nautorisant la captation, l'enregistrement et la transmission\nd'images au moyen de cam\u00e9ras install\u00e9es sur un a\u00e9ronef le jeudi 18 septembre 2025 \u00e0 Lyon\n87\nPREFETEDU RHONELibert\u00e9Egalit\u00e9Fraternit\u00e9\nPr\u00e9fecture\nCabinet du Pr\u00e9fet d\u00e9l\u00e9gu\u00e9 pour \nla d\u00e9fense et la s\u00e9curit\u00e9\nBureau de l'ordre public\nARR\u00caT\u00c9 n\u00b02025 \u2013 09 \u2013 17 \u2013 0001\nautorisant la captation, l'enregistrement et la transmission\nd'images au moyen de cam\u00e9ras install\u00e9es sur un a\u00e9ronef le jeudi 18 septembre 2025 \u00e0 Lyon\nLa Pr\u00e9f\u00e8te du Rh\u00f4ne,\nCommandeur de la L\u00e9gion d'honneur\nCommandeur de l'ordre national du M\u00e9rite\nVU le Code de la s\u00e9curit\u00e9 int\u00e9rieure et notamment ses articles L. 242-1 \u00e0 L. 242-8 et R. 242-8 \u00e0 R. 242-\n14\u00a0;\nVU la loi n\u00b078-17 du 6 janvier 1978 relative \u00e0 l'informatique, aux fichiers et aux libert\u00e9s \nVU le d\u00e9cret n\u00b0 2004-374 du 29 avril 2004 relatif aux pouvoirs des pr\u00e9fets, \u00e0 l'organisation et \u00e0  \nl'action des services de l'\u00c9tat dans les r\u00e9gions et d\u00e9partements\u00a0;\nVU le d\u00e9cret en Conseil des Ministres du 11 janvier 2023 portant nomination de Madame Fabienne  \nBUCCIO, pr\u00e9f\u00e8te de la r\u00e9gion Auvergne-Rh\u00f4ne-Alpes, pr\u00e9f\u00e8te de la zone de d\u00e9fense et de s\u00e9curit\u00e9  \nSud-Est, pr\u00e9f\u00e8te du Rh\u00f4ne (hors classe) ;\nVU  le d\u00e9cret du 6 novembre 2024 portant nomination du pr\u00e9fet d\u00e9l\u00e9gu\u00e9 pour la d\u00e9fense et la  \ns\u00e9curit\u00e9 aupr\u00e8s de la pr\u00e9f\u00e8te de la r\u00e9gion Auvergne-Rh\u00f4ne-Alpes, pr\u00e9f\u00e8te de la zone de d\u00e9fense et  \nde s\u00e9curit\u00e9 Sud-Est, pr\u00e9f\u00e8te du Rh\u00f4ne \u2013 M. Antoine GUERIN\u00a0; \nVU l'arr\u00eat\u00e9 pr\u00e9fectoral n\u00b069-2025-07-04-00005 du 4 juillet 2025 portant d\u00e9l\u00e9gation de signature \u00e0 M. \nAntoine GUERIN en qualit\u00e9 de pr\u00e9fet d\u00e9l\u00e9gu\u00e9 pour la d\u00e9fense et la s\u00e9curit\u00e9 aupr\u00e8s de la pr\u00e9f\u00e8te de  \nla r\u00e9gion Auvergne-Rh\u00f4ne-Alpes, pr\u00e9f\u00e8te de la zone de d\u00e9fense et de s\u00e9curit\u00e9 Sud-Est, pr\u00e9f\u00e8te du  \nRh\u00f4ne\u00a0;\nVU l'arr\u00eat\u00e9 du Ministre de l'Int\u00e9rieur et des outre-mer, en date du 19 avril 2023 relatif au nombre  \nmaximal de cam\u00e9ras install\u00e9es sur des a\u00e9ronefs pouvant \u00eatre simultan\u00e9ment utilis\u00e9es dans chaque  \nd\u00e9partement\u00a0et collectivit\u00e9 d'outre-mer ;\nVU l'analyse  d'impact  relative  \u00e0  la  protection  des  donn\u00e9es  (AIPD)  r\u00e9alis\u00e9e  par  le  Minist\u00e8re  de \nl'Int\u00e9rieur en date du 25 janvier 2023\u00a0; \nVU la d\u00e9claration de l'intersyndicale CGT, CFDT, FO, CFE, CGC, CFTC, UNSA, Solidaires, FSU, CNT,  \nCNT SO, et UNEF pour le jeudi 18 septembre 2025 dans le cadre de la journ\u00e9e d'action nationale  \ninterprofessionnelle\u00a0; que cette d\u00e9claration mentionne un rassemblement \u00e0 la Manufacture des  \nPr\u00e9fecture du Rh\u00f4ne  \u2013 69419 Lyon cedex 03 1\nwww.rhone.gouv.fr ou t\u00e9l. : 04 72 61 61 61 (co\u00fbt d'un appel local)\n69_Pr\u00e9f_Pr\u00e9fecture du Rh\u00f4ne - 69-2025-09-17-00002 - ARR\u00caT\u00c9 n\u00b02025 - 09 - 17 - 0001\nautorisant la captation, l'enregistrement et la transmission\nd'images au moyen de cam\u00e9ras install\u00e9es sur un a\u00e9ronef le jeudi 18 septembre 2025 \u00e0 Lyon\n88\nTabacs, au d\u00e9part du Cours Gambetta dans le 3 \u1d49\n arrondissement de Lyon, \u00e0 partir de 10h30 avec  \nune installation et une mise en place des v\u00e9hicules d\u00e8s 10h00 le jeudi 18 septembre 2025 \u00a0; que ce  \nrassemblement  sera  suivi  d'une  manifestation  \u00e0  compter  de  11h00,  \u00e0  destination  de  la  place \nBellecour (2  arrondissement de Lyon), via le cours Gambetta, le pont de la Guilloti\u00e8re, la contre-\u1d49\nall\u00e9e Gailleton et la place Antonin Poncet\u00a0; que la dispersion est pr\u00e9vue \u00e0 18\u00a0h\u00a0;\nVU les mouvements rapides de groupes d'individus, de 20 au plus faible \u00e0 300-400 au plus fort,  \ncagoul\u00e9s et parfois m\u00eame casqu\u00e9s, pr\u00eats \u00e0 en d\u00e9coudre le mercredi 10 septembre 2025 sur plusieurs \narrondissements de Lyon, de 06h20 \u00e0 23h30\u00a0;\nVU l'hostilit\u00e9 de ces groupes \u00a0; qu'en effet, le mercredi 10 septembre 2025, ils ont incendi\u00e9 des  \npoubelles dans le secteur de la Place des Archives et de la gare Perrache dans le 2  arrondissement\u1d49  \nde Lyon entra\u00eenant une fermeture temporaire de la M\u00e9tropolitaine 7 et du cours Charlemagne dans \nle 2  arrondissement de Lyon\u1d49 \u00a0; qu'ils ont \u00e9galement incendi\u00e9 des poubelles au niveau du tunnel de  \nla Croix-Rousse situ\u00e9 entre le 1 er\n et 4  arrondissement de Lyon entra\u00eenant une fermeture de ce\u1d49  \ndernier dans les deux sens de la circulation\u00a0; qu'ils ont bloqu\u00e9 plusieurs axes routiers provoquant un \narr\u00eat de la circulation \u00e0 Villeurbanne, au niveau du pont de l'Universit\u00e9 dans le 7  arrondissement de\u1d49  \nLyon,  \u00e0  l'intersection  des  rues  Garibaldi  et  Servient  dans  le  3  arrondissement  de  Lyon  et  \u00e0\u1d49  \nl'intersection du boulevard des \u00c9tats-Unis et l'avenue Berthelot dans le 8 \u1d49\u00a0arrondissement de Lyon\u00a0; \nque  de  nombreux  tags  et  d\u00e9gradations  ont  \u00e9t\u00e9  constat\u00e9s  tout  au  long  de  ces  parcours \nsauvages\u00a0(tags sur le commissariat de police des 3/6 arrondissements de Lyon, destructions d'un  \ndistributeur  automatique  de  billets)\u00a0;  qu'il  a  \u00e9t\u00e9  constat\u00e9  un  nombre  important  de  jets  de \nprojectiles sur les forces de s\u00e9curit\u00e9 int\u00e9rieure \u00e0 l'aide de pav\u00e9s et de mortiers\u00a0; que dix effectifs des \nforces de s\u00e9curit\u00e9 int\u00e9rieure ont \u00e9t\u00e9 bless\u00e9s\u00a0;\nVU les \u00e9v\u00e8nements qui se sont produits \u00e0 Lyon dans la soir\u00e9e 8 septembre 2025 suite aux appels \u00e0  \nrassemblement pour le \u00ab\u00a0Pot de d\u00e9part Bayrou\u00a0\u00bb sur la place des Terreaux dans le 1er\n arrondissement \nde Lyon\u00a0; qu'un cort\u00e8ge sauvage d'environ 700 personnes s'est form\u00e9 avec en t\u00eate de cort\u00e8ge, un  \ngroupe d'individus cagoul\u00e9s\u00a0; que pendant leur d\u00e9ambulation, ces individus cagoul\u00e9s ont tagu\u00e9 des  \nb\u00e2timents  officiels,  incendi\u00e9  des  poubelles  et  tent\u00e9  d'\u00e9tablir  des  barricades\u00a0;  que  ces  m\u00eames \nindividus ont jet\u00e9 des projectiles et des mortiers en direction des forces de s\u00e9curit\u00e9 int\u00e9rieure \u00a0; que \ndurant ces altercations, quatre fonctionnaires de police ont \u00e9t\u00e9 bless\u00e9s\u00a0;\nVU la demande  du 16 septembre 2025, form\u00e9e par la Direction Interd\u00e9partementale de la Police  \nNationale, visant \u00e0 obtenir l'autorisation de capter, d'enregistrer et de transmettre des images au  \nmoyen deux cam\u00e9ras install\u00e9es sur deux a\u00e9ronefs t\u00e9l\u00e9-pilot\u00e9s (une sur chaque) aux fins de  pr\u00e9ven-\ntion des atteintes \u00e0 la s\u00e9curit\u00e9 des personnes et des biens et de s\u00e9curisation des rassemblements\u00a0;\nCONSID\u00c9RANT que les dispositions susvis\u00e9es permettent aux forces de s\u00e9curit\u00e9 int\u00e9rieure, dans  \nl'exercice de leurs missions de pr\u00e9vention des atteintes \u00e0 l'ordre public et de protection de la  \ns\u00e9curit\u00e9  des  personnes  et  des  biens,  de  proc\u00e9der  \u00e0  la  captation,  \u00e0  l'enregistrement  et  \u00e0  la \ntransmission d'images au moyen de cam\u00e9ras install\u00e9es sur des a\u00e9ronefs aux fins d'assurer la s\u00e9curit\u00e9 \ndes personnes et des biens et pr\u00e9venir les troubles \u00e0 l'ordre public dans le cadre des op\u00e9rations de  \nr\u00e9tablissement de l'ordre public \u00a0; que notamment, le 1\u00b0 et 2\u00b0 de l'article L. 242-5 du Code de la  \ns\u00e9curit\u00e9 int\u00e9rieure susvis\u00e9 pr\u00e9voit que ces dispositifs peuvent \u00eatre mis en \u0153uvre  au titre de la  \ns\u00e9curit\u00e9 des rassemblements de personnes sur la voie publique ou dans les lieux ouverts au public  \nainsi que de l'appui des personnels au sol, en vue de leur permettre de maintenir ou de r\u00e9tablir  \nl'ordre  public,  lorsque  ces  rassemblements  sont  susceptibles  d'entra\u00eener  des  troubles  graves  \u00e0 \nl'ordre public, et, dans le cadre de la r\u00e9gulation des flux de transport, aux seules fins du maintien de \nl'ordre et de la s\u00e9curit\u00e9 publics\u00a0;\nCONSID\u00c9RANT que  les  dispositifs  de  vid\u00e9oprotection  existants  ne  permettent  pas  de  couvrir \nl'ensemble du secteur concern\u00e9\u00a0; que les cam\u00e9ras a\u00e9roport\u00e9es viennent en compl\u00e9mentarit\u00e9 de ces \nderniers  permettant  une  continuit\u00e9  d'observation  sans  d\u00e9placement  d'effectifs  massif  et  \u00e0 \nl'aveugle\u00a0; que la mobilit\u00e9 de ces cam\u00e9ras permet le suivi au plus pr\u00e8s des groupes \u00e0 risques et de  \n2\n69_Pr\u00e9f_Pr\u00e9fecture du Rh\u00f4ne - 69-2025-09-17-00002 - ARR\u00caT\u00c9 n\u00b02025 - 09 - 17 - 0001\nautorisant la captation, l'enregistrement et la transmission\nd'images au moyen de cam\u00e9ras install\u00e9es sur un a\u00e9ronef le jeudi 18 septembre 2025 \u00e0 Lyon\n89\ns'affranchir de la topographie urbaine afin d'\u00eatre dans l'anticipation des troubles graves et non dans \nla r\u00e9action a posteriori\u00a0;\nCONSID\u00c9RANT qu'une  surveillance  au  sol,  sans  l'appui  de  cam\u00e9ras  a\u00e9roport\u00e9es,  des  voies \nautorouti\u00e8res et ferr\u00e9es peut constituer un p\u00e9ril grave et imminent pour l'int\u00e9grit\u00e9 physique des  \nforces de s\u00e9curit\u00e9 int\u00e9rieure\u00a0;\nCONSID\u00c9RANT que l'appui des forces de s\u00e9curit\u00e9 int\u00e9rieure au sol par des cam\u00e9ras a\u00e9roport\u00e9es  \npermettra  d'anticiper  toute  vell\u00e9it\u00e9  de  blocages  de  circulation  ou  d'intrusions  dans  des  lieux \nrecevant massivement du public ou d'int\u00e9r\u00eat public\u00a0;\nCONSID\u00c9RANT que le rassemblement interprofessionnel du mercredi 10 septembre 2025, place  \nGuichard, dans le 3  arrondissement de Lyon regroupant 8000 personnes a engendr\u00e9 le d\u00e9part en\u1d49  \ncort\u00e8ge sauvage de nombreux groupes \u00e0 risques \u00a0; qu'il est probable qu'un sc\u00e9nario similaire se  \nproduise \u00e0 l'occasion de la manifestation intersyndicale d\u00e9clar\u00e9e le jeudi 18 septembre 2025\u00a0;\nCONSID\u00c9RANT que la demande porte sur l'engagement de deux cam\u00e9ras a\u00e9roport\u00e9es, une par  \na\u00e9ronef\u00a0; que les lieux surveill\u00e9s sont strictement limit\u00e9s aux lieux o\u00f9 sont susceptibles de survenir  \nles  atteintes,  que  l'usage  des  deux  cam\u00e9ras  a\u00e9roport\u00e9es  vise  \u00e0  pr\u00e9venir\u00a0;  que  la  dur\u00e9e  de \nl'autorisation est \u00e9galement strictement limit\u00e9e \u00e0 la dur\u00e9e des risques de troubles \u00e0 l'ordre public \u00a0; \nqu'au regard des circonstances susmentionn\u00e9es, la demande n'appara\u00eet pas disproportionn\u00e9e\u00a0; \nARR\u00caTE\nArticle  1er\n \u2013  La captation,  l'enregistrement  et  la  transmission  d'images  par  la  Direction \nInterd\u00e9partementale de la Police Nationale, est autoris\u00e9e aux fins de pr\u00e9vention des atteintes \u00e0 la  \ns\u00e9curit\u00e9 des personnes et des biens, de s\u00e9curisation des rassemblements et la r\u00e9gulation des flux de \ntransport, le jeudi 18 septembre de 10h00  \u00e0 19h00  sur la commune de Lyon dans la zone d\u00e9limit\u00e9e  \npar la Grande rue de la Guilloti\u00e8re, l'avenue Jean Jaur\u00e8s, la rue Saint Michel, la rue B\u00e9chevelin, la rue  \nd'Aguesseau, le quai Claude Bernard, le pont de l'Universit\u00e9, le quai du Docteur Gailleton, la M7 , le  \ncours Suchet, le quai Rambaud, le quai Mar\u00e9chal Joffre, le quai Tilsitt, le quai des C\u00e9lestins, le quai  \nSaint Antoine, le quai de la P\u00eacherie, la rue d'Alg\u00e9rie, la place des Terreaux, le rue Puits Gaillot, la  \nplace Louis Pradel, le quai Jean Moulin, le pont Lafayette, le cours Lafayette, la rue Garibaldi, l'avenue  \nF\u00e9lix Faure, la rue G\u00e9n\u00e9ral Mouton Duvernet, l'all\u00e9e Hannah Arendt, la Grande rue de la Guilloti\u00e8re.\nArticle  2  \u2013  Le  nombre  maximal  de  cam\u00e9ras  pouvant  proc\u00e9der  simultan\u00e9ment  aux  traitements \nmentionn\u00e9s \u00e0 l'article 1er\n est fix\u00e9 aux dispositifs suivants\u00a0: \n\u2022 DJI Mavic 3T\n\u2022 DJI Mavic 2 Enterprise\nArticle 3\u2013  Le registre mentionn\u00e9 \u00e0 l'article L. 242-4 du Code de la s\u00e9curit\u00e9 int\u00e9rieure est transmis \u00e0  \nla pr\u00e9f\u00e8te du Rh\u00f4ne \u00e0 l'issue de la manifestation.\nArticle 4 \u00a0\u2013 Le pr\u00e9sent arr\u00eat\u00e9 est publi\u00e9 au recueil des actes administratifs de la pr\u00e9fecture et peut  \nfaire l'objet d'un recours devant le tribunal administratif de Lyon dans un d\u00e9lai de deux mois \u00e0  \ncompter de sa publication.\nArticle 5 \u00a0\u2013 L'information du public est assur\u00e9e par un communiqu\u00e9 de presse fait par le service de  \ncommunication de la Pr\u00e9fecture du Rh\u00f4ne.\n3\n69_Pr\u00e9f_Pr\u00e9fecture du Rh\u00f4ne - 69-2025-09-17-00002 - ARR\u00caT\u00c9 n\u00b02025 - 09 - 17 - 0001\nautorisant la captation, l'enregistrement et la transmission\nd'images au moyen de cam\u00e9ras install\u00e9es sur un a\u00e9ronef le jeudi 18 septembre 2025 \u00e0 Lyon\n90\nArticle 6 \u2013 Le pr\u00e9fet d\u00e9l\u00e9gu\u00e9 pour la d\u00e9fense et la s\u00e9curit\u00e9, le directeur interd\u00e9partemental de la  \npolice nationale du Rh\u00f4ne  sont charg\u00e9s chacun en ce qui le concerne de  l'ex\u00e9cution du pr\u00e9sent  \narr\u00eat\u00e9.\nFait \u00e0 Lyon, le 17 septembre 2025\n4\nORIGINAL SIGNE\nAntoine GU\u00c9RIN\n69_Pr\u00e9f_Pr\u00e9fecture du Rh\u00f4ne - 69-2025-09-17-00002 - ARR\u00caT\u00c9 n\u00b02025 - 09 - 17 - 0001\nautorisant la captation, l'enregistrement et la transmission\nd'images au moyen de cam\u00e9ras install\u00e9es sur un a\u00e9ronef le jeudi 18 septembre 2025 \u00e0 Lyon\n91\n69_Pr\u00e9f_Pr\u00e9fecture du Rh\u00f4ne\n69-2025-09-17-00003\nARR\u00caT\u00c9 n\u00b02025 - 09 - 17 - 0002\nautorisant la captation, l'enregistrement et la\ntransmission\nd'images au moyen de cam\u00e9ras install\u00e9es sur un\na\u00e9ronef le jeudi 18 et le vendredi 19 septembre\n2025 \u00e0 Lyon\n69_Pr\u00e9f_Pr\u00e9fecture du Rh\u00f4ne - 69-2025-09-17-00003 - ARR\u00caT\u00c9 n\u00b02025 - 09 - 17 - 0002\nautorisant la captation, l'enregistrement et la transmission\nd'images au moyen de cam\u00e9ras install\u00e9es sur un a\u00e9ronef le jeudi 18 et le vendredi 19 septembre 2025 \u00e0 Lyon\n92\nPREFETEDU RHONELibert\u00e9Egalit\u00e9Fraternit\u00e9\nPr\u00e9fecture\nCabinet du Pr\u00e9fet d\u00e9l\u00e9gu\u00e9 pour \nla d\u00e9fense et la s\u00e9curit\u00e9\nBureau de l'ordre public\nARR\u00caT\u00c9 n\u00b02025 \u2013 09 \u2013 17 \u2013 0002\nautorisant la captation, l'enregistrement et la transmission\nd'images au moyen de cam\u00e9ras install\u00e9es sur un a\u00e9ronef le jeudi 18 et le vendredi 19 septembre 2025 \u00e0 Lyon\nLa Pr\u00e9f\u00e8te du Rh\u00f4ne,\nCommandeur de la L\u00e9gion d'honneur\nCommandeur de l'ordre national du M\u00e9rite\nVU le Code de la s\u00e9curit\u00e9 int\u00e9rieure et notamment ses articles L. 242-1 \u00e0 L. 242-8 et R. 242-8 \u00e0 R. 242-\n14\u00a0;\nVU la loi n\u00b078-17 du 6 janvier 1978 relative \u00e0 l'informatique, aux fichiers et aux libert\u00e9s\u00a0;\nVU le d\u00e9cret n\u00b0 2004-374 du 29 avril 2004 relatif aux pouvoirs des pr\u00e9fets, \u00e0 l'organisation et \u00e0  \nl'action des services de l'\u00c9tat dans les r\u00e9gions et d\u00e9partements\u00a0;\nVU le d\u00e9cret en Conseil des Ministres du 11 janvier 2023 portant nomination de Madame Fabienne  \nBUCCIO, pr\u00e9f\u00e8te de la r\u00e9gion Auvergne-Rh\u00f4ne-Alpes, pr\u00e9f\u00e8te de la zone de d\u00e9fense et de s\u00e9curit\u00e9  \nSud-Est, pr\u00e9f\u00e8te du Rh\u00f4ne (hors classe) ;\nVU  le d\u00e9cret du 6 novembre 2024 portant nomination du pr\u00e9fet d\u00e9l\u00e9gu\u00e9 pour la d\u00e9fense et la  \ns\u00e9curit\u00e9 aupr\u00e8s de la pr\u00e9f\u00e8te de la r\u00e9gion Auvergne-Rh\u00f4ne-Alpes, pr\u00e9f\u00e8te de la zone de d\u00e9fense et  \nde s\u00e9curit\u00e9 Sud-Est, pr\u00e9f\u00e8te du Rh\u00f4ne \u2013 M.Antoine GUERIN\u00a0; \nVU l'arr\u00eat\u00e9 pr\u00e9fectoral n\u00b069-2025-07-04-00005 du 4 juillet 2025 portant d\u00e9l\u00e9gation de signature \u00e0  \nM.Antoine GUERIN en qualit\u00e9 de pr\u00e9fet d\u00e9l\u00e9gu\u00e9 pour la d\u00e9fense et la s\u00e9curit\u00e9 aupr\u00e8s de la pr\u00e9f\u00e8te  \nde la r\u00e9gion Auvergne-Rh\u00f4ne-Alpes, pr\u00e9f\u00e8te de la zone de d\u00e9fense et de s\u00e9curit\u00e9 Sud-Est, pr\u00e9f\u00e8te du \nRh\u00f4ne\u00a0;\nVU l'arr\u00eat\u00e9 du Ministre de l'Int\u00e9rieur et des outre-mer, en date du 19 avril 2023 relatif au nombre  \nmaximal de cam\u00e9ras install\u00e9es sur des a\u00e9ronefs pouvant \u00eatre simultan\u00e9ment utilis\u00e9es dans chaque  \nd\u00e9partement\u00a0et collectivit\u00e9 d'outre-mer ;\nVU l'analyse d'impact du minist\u00e8re de l'Int\u00e9rieur relative \u00e0 la protection des donn\u00e9es du 25 janvier  \n2023\u00a0;\nVU VU la d\u00e9claration de l'intersyndicale CGT, CFDT, FO, CFE, CGC, CFTC, UNSA, Solidaires, FSU,  \nCNT, CNT SO, et UNEF pour le jeudi 18 septembre 2025 dans le cadre de la journ\u00e9e d'action  \nnationale  interprofessionnelle\u00a0;  que  cette  d\u00e9claration  mentionne  un  rassemblement  \u00e0  la \nPr\u00e9fecture du Rh\u00f4ne  \u2013 69419 Lyon cedex 03 1\nwww.rhone.gouv.fr ou t\u00e9l. : 04 72 61 61 61 (co\u00fbt d'un appel local)\n69_Pr\u00e9f_Pr\u00e9fecture du Rh\u00f4ne - 69-2025-09-17-00003 - ARR\u00caT\u00c9 n\u00b02025 - 09 - 17 - 0002\nautorisant la captation, l'enregistrement et la transmission\nd'images au moyen de cam\u00e9ras install\u00e9es sur un a\u00e9ronef le jeudi 18 et le vendredi 19 septembre 2025 \u00e0 Lyon\n93\nManufacture des Tabacs, au d\u00e9part du Cours Gambetta dans le 3 \u1d49\n arrondissement de Lyon, \u00e0 partir  \nde 10h30 avec une installation et une mise en place des v\u00e9hicules d\u00e8s 10h00 le jeudi 18 septembre  \n2025\u00a0; que ce rassemblement sera suivi d'une manifestation \u00e0 compter de 11h00, \u00e0 destination de la \nplace Bellecour (2  arrondissement de Lyon), via le cours Gambetta, le pont de la Guilloti\u00e8re, la\u1d49  \ncontre-all\u00e9e Gailleton et la place Antonin Poncet\u00a0; que la dispersion est pr\u00e9vue \u00e0 18\u00a0h\u00a0;\nVU la demande du 16 septembre 2025, form\u00e9e par le Groupement de gendarmerie d\u00e9partementale \ndu Rh\u00f4ne, visant \u00e0 obtenir l'autorisation de capter, d'enregistrer et de transmettre des images au  \nmoyen d'une cam\u00e9ra install\u00e9e sur deux a\u00e9ronefs dont un t\u00e9l\u00e9-pilot\u00e9 aux fins de  pr\u00e9vention des  \natteintes \u00e0 la s\u00e9curit\u00e9 des personnes et des biens ainsi que de la protection des b\u00e2timents et  \ninstallations publics et de leurs abords imm\u00e9diats, lorsqu'ils sont particuli\u00e8rement expos\u00e9s \u00e0 des  \nrisques d'intrusion ou de d\u00e9gradation du jeudi 18 septembre 2025 de 07h00 jusqu'au vendredi 19  \nseptembre 2025 08h00\u00a0;\nCONSID\u00c9RANT que les dispositions susvis\u00e9es permettent aux forces de s\u00e9curit\u00e9 int\u00e9rieure, dans  \nl'exercice de leurs missions de pr\u00e9vention des atteintes \u00e0 l'ordre public et de protection de la  \ns\u00e9curit\u00e9  des  personnes  et  des  biens,  de  proc\u00e9der  \u00e0  la  captation,  \u00e0  l'enregistrement  et  \u00e0  la \ntransmission d'images au moyen de cam\u00e9ras install\u00e9es sur des a\u00e9ronefs aux fins d'assurer la s\u00e9curit\u00e9 \ndes personnes et des biens et pr\u00e9venir les troubles \u00e0 l'ordre public dans le cadre des op\u00e9rations de  \nr\u00e9tablissement de l'ordre public\u00a0; que notamment, le 1\u00b0 de l'article L. 242-5 du Code de la s\u00e9curit\u00e9  \nint\u00e9rieure susvis\u00e9 pr\u00e9voit que ces dispositifs peuvent \u00eatre mis en \u0153uvre au titre de la pr\u00e9vention des \natteintes \u00e0 la s\u00e9curit\u00e9 des personnes et des biens dans des lieux particuli\u00e8rement expos\u00e9s, en raison \nde leurs caract\u00e9ristiques ou des faits qui s'y sont d\u00e9j\u00e0 d\u00e9roul\u00e9s, \u00e0 des risques d'agression, de vol ou  \nde trafic d'armes, d'\u00eatres humains ou de stup\u00e9fiants, ainsi que la protection des b\u00e2timents et  \ninstallations publics et de leurs abords imm\u00e9diats, lorsqu'ils sont particuli\u00e8rement expos\u00e9s \u00e0 des  \nrisques d'intrusion ou de d\u00e9gradation\u00a0;\nCONSID\u00c9RANT que la demande porte sur la s\u00e9curisation de la caserne Delfosse du groupement de  \ngendarmerie du Rh\u00f4ne ; que celle-ci repr\u00e9sente une institution de l'\u00c9tat\u00a0; \nCONSID\u00c9RANT que les locaux de la gendarmerie nationale sont souvent vis\u00e9s lors de violences  \nurbaines\u00a0; \nCONSID\u00c9RANT que le rassemblement interprofessionnel du mercredi 10 septembre 2025, place  \nGuichard, dans le 3  arrondissement de Lyon regroupant 8000 personnes a engendr\u00e9 le d\u00e9part en\u1d49  \ncort\u00e8ge sauvage de nombreux groupes \u00e0 risques \u00a0; qu'il est probable qu'un sc\u00e9nario similaire se  \nproduise \u00e0 la suite de la manifestation intersyndicale d\u00e9clar\u00e9e le jeudi 18 septembre 2025\u00a0;\nCONSID\u00c9RANT que la caserne fait r\u00e9guli\u00e8rement l'objet de tentative d'intrusion \u00a0; que dans la nuit  \ndu 4 juillet au samedi 5 juillet 2025 vers 00h30, un individu s'est introduit dans la caserne \u00a0; qu'il a  \npendant plus d'une heure d\u00e9ambul\u00e9 dans les lieux\u00a0; que deux cambriolages sont \u00e0 d\u00e9plorer\u00a0;\nCONSID\u00c9RANT que  la  caserne  du  groupement  de  gendarmerie  de  Sathonay-Camp  a  \u00e9t\u00e9 \nr\u00e9cemment plusieurs fois la cible de tirs de mortiers d'artifices\u00a0; que, pour exemple, elle a \u00e9t\u00e9 cibl\u00e9e \ntrois fois en mois d'une semaine en f\u00e9vrier 2025 en journ\u00e9e et en soir\u00e9e \u00a0; que des v\u00e9hicules de  \nservices ont \u00e9t\u00e9 d\u00e9grad\u00e9s\u00a0; que ces \u00ab \u00a0actions \u00e9clairs\u00a0\u00bb, op\u00e9r\u00e9es par des individus isol\u00e9s ou en petite  \nbande, sont difficiles \u00e0 anticiper de par la bri\u00e8vet\u00e9 des tirs, la concentration de population avec des \nimmeubles \u00e0 plusieurs \u00e9tages et de la difficult\u00e9 \u00e0 obtenir des t\u00e9moignages conclusifs permettant de \nconfondre les mis en cause ;\nCONSID\u00c9RANT que la mobilisation du 18 septembre 2025 va permettre aux personnes les plus  \ncontestataires de se r\u00e9unir \u00a0; qu'il est probable que ces individus peuvent \u00eatre hostiles \u00e0 l'\u00c9tat et \u00e0  \nses institutions\u00a0et projettent de venir s'introduire au sein de la caserne Delfosse\u00a0; \n2\n69_Pr\u00e9f_Pr\u00e9fecture du Rh\u00f4ne - 69-2025-09-17-00003 - ARR\u00caT\u00c9 n\u00b02025 - 09 - 17 - 0002\nautorisant la captation, l'enregistrement et la transmission\nd'images au moyen de cam\u00e9ras install\u00e9es sur un a\u00e9ronef le jeudi 18 et le vendredi 19 septembre 2025 \u00e0 Lyon\n94\nCONSID\u00c9RANT que la place d'arme de la caserne Delfosse sert d'h\u00e9liport \u00a0; que celui-ci est utilis\u00e9  \npar  les  services de  secours  dont  notamment  des  pompiers\u00a0;  que  la  caserne  joue  ainsi  un  r\u00f4le \nessentiel en cas de secours d'urgence et de projection au long cours \u00a0; qu'elle constitue donc un  \nespace \u00e0 prot\u00e9ger en tant que moyens de l'\u00c9tat en termes de secours \u00e0 personne\u00a0; \nCONSID\u00c9RANT que le groupement de gendarmerie indique que le besoin de cam\u00e9ra a\u00e9roport\u00e9e ne \npeut \u00eatre remplac\u00e9 par les dispositifs de vid\u00e9osurveillance \u00a0; que ces derniers ne sont d'aucune aide  \nop\u00e9rationnelle  \u00e9tant  donn\u00e9  qu'ils  ne  sont  pas  exploitables  dans  l'imm\u00e9diatet\u00e9  par  le  chef \nop\u00e9rationnel et par le responsable de la s\u00e9curit\u00e9 de la caserne\u00a0;\nCONSID\u00c9RANT que  les  dispositifs  de  vid\u00e9oprotection  existants  ne  permettent  pas  de  couvrir \nl'ensemble du secteur concern\u00e9 \u00a0; que contrairement aux cam\u00e9ras fixes du centre de supervision  \nurbaine, une cam\u00e9ra a\u00e9roport\u00e9e pr\u00e9sente de nombreux avantages dans le cadre du maintien de  \nl'ordre  puisque  celle-ci  pr\u00e9sente  une  mobilit\u00e9  et  une  couverture  \u00e9largie,  qu'elle  permet  une \nmeilleure r\u00e9activit\u00e9 des forces de l'ordre, qu'elle apporte une vision globale, en temps r\u00e9el et en  \nd\u00e9passant  les  obstacles  visuels,  qu'elle  r\u00e9duit  les  angles  morts  et  l'exposition  des  effectifs  de \ns\u00e9curit\u00e9 \u00e0 des situations dangereuses \u00a0; que le recours \u00e0 une cam\u00e9ra a\u00e9roport\u00e9e permet d'obtenir  \nune efficacit\u00e9 op\u00e9rationnelle certaine et vient compl\u00e9ter le dispositif de vid\u00e9oprotection ; \nCONSID\u00c9RANT que compte tenu du risque av\u00e9r\u00e9 de troubles \u00e0 l'ordre public durant la mobilisation  \ndu 10 septembre 2025, avec de nombreux appels aux blocages, des risques de perturbations des  \nflux de transport, de l'ampleur de la zone \u00e0 s\u00e9curiser, de l'int\u00e9r\u00eat de disposer d'une vision en grand  \nangle  pour  permettre  le  maintien  et  le  r\u00e9tablissement  de  l'ordre  public  tout  en  limitant \nl'engagement des forces au sol, le recours aux dispositifs de captation install\u00e9s sur des a\u00e9ronefs est \nn\u00e9cessaire et adapt\u00e9\u00a0;  \nCONSID\u00c9RANT que la demande porte sur l'engagement de deux cam\u00e9ras a\u00e9roport\u00e9es \u00a0; que les  \nlieux surveill\u00e9s sont strictement limit\u00e9s aux lieux o\u00f9 sont susceptibles de survenir les atteintes que  \nl'usage d'une cam\u00e9ra a\u00e9roport\u00e9e vise \u00e0 pr\u00e9venir\u00a0; qu'ils sont employ\u00e9s de telle sorte qu'ils ne visent  \npas  \u00e0  recueillir  les  images  de  l'int\u00e9rieur  des  domiciles  ni,  de  fa\u00e7on  sp\u00e9cifique,  celles  de  leurs \nentr\u00e9es\u00a0; que les dispositifs a\u00e9roport\u00e9s ne peuvent ni proc\u00e9der \u00e0 la captation du son, ni comporter  \nde  traitement  automatis\u00e9  de  reconnaissance  faciale\u00a0;  que  les  enregistrements  sont  conserv\u00e9s \npendant  une  dur\u00e9e  maximale  de  sept  jours\u00a0;  que  la  dur\u00e9e  de  l'autorisation  est  \u00e9galement \nstrictement  limit\u00e9e  \u00e0  la  dur\u00e9e  des  risques  de  troubles  \u00e0  l'ordre  public\u00a0;  qu'au  regard  des \ncirconstances susmentionn\u00e9es, la demande n'appara\u00eet pas disproportionn\u00e9e\u00a0; \nCONSID\u00c9RANT le recours \u00e0 la captation, l'enregistrement et la transmission d'images fera l'objet  \nd'une information par plusieurs moyens adapt\u00e9s \u00a0; qu'outre la publication du pr\u00e9sent arr\u00eat\u00e9 au  \nrecueil des actes administratifs, ce dispositif fera l'objet d'une information par communiqu\u00e9 sur les  \nr\u00e9seaux sociaux\u00a0; que ces moyens d'information sont adapt\u00e9s\u00a0; \nARR\u00caTE\nArticle  1er\n \u2013  La captation,  l'enregistrement  et  la  transmission  d'images  par  le  Groupement  de \ngendarmerie d\u00e9partementale du Rh\u00f4ne, est autoris\u00e9e aux fins de  pr\u00e9vention des atteintes \u00e0 la  \ns\u00e9curit\u00e9 des personnes et des biens et de s\u00e9curisation des rassemblements , du jeudi 18 septembre \nde 07h00 au vendredi 19 septembre 08h00 sur la commune de Lyon  dans la zone dans la zone inclue \ndans le p\u00e9rim\u00e8tre all\u00e9e Marie-Louise Rochebilard/cours Bayard/quai Rambaud & place du G\u00e9n\u00e9ral Guy  \nDelfosse\nArticle  2  \u2013  Le  nombre  maximal  de  cam\u00e9ras  pouvant  proc\u00e9der  simultan\u00e9ment  aux  traitements \nmentionn\u00e9s \u00e0 l'article 1er\n est fix\u00e9 aux dispositifs suivants\u00a0: \n\u2022 DJI Mavic 3T\n3\n69_Pr\u00e9f_Pr\u00e9fecture du Rh\u00f4ne - 69-2025-09-17-00003 - ARR\u00caT\u00c9 n\u00b02025 - 09 - 17 - 0002\nautorisant la captation, l'enregistrement et la transmission\nd'images au moyen de cam\u00e9ras install\u00e9es sur un a\u00e9ronef le jeudi 18 et le vendredi 19 septembre 2025 \u00e0 Lyon\n95\n\u2022 H\u00e9licopt\u00e8re EC-135 \u2013 boule optique WESCAM MX-15 (cam\u00e9ra jour/nuit)\nArticle 3\u2013  Le registre mentionn\u00e9 \u00e0 l'article L. 242-4 du Code de la s\u00e9curit\u00e9 int\u00e9rieure est transmis \u00e0  \nla pr\u00e9f\u00e8te du Rh\u00f4ne \u00e0 l'issue de la manifestation.\nArticle 4 \u00a0\u2013 Le pr\u00e9sent arr\u00eat\u00e9 est publi\u00e9 au recueil des actes administratifs de la pr\u00e9fecture et peut  \nfaire l'objet d'un recours devant le tribunal administratif de Lyon dans un d\u00e9lai de deux mois \u00e0  \ncompter de sa publication.\nArticle 5 \u00a0\u2013 L'information du public est assur\u00e9e par un communiqu\u00e9 de presse fait par le service de  \ncommunication de la Pr\u00e9fecture du Rh\u00f4ne.\nArticle 6 \u2013 Le pr\u00e9fet d\u00e9l\u00e9gu\u00e9 pour la d\u00e9fense et la s\u00e9curit\u00e9, la commandante du Groupement de  \ngendarmerie d\u00e9partementale du Rh\u00f4ne sont charg\u00e9s chacun en ce qui le concerne de l'ex\u00e9cution \ndu pr\u00e9sent arr\u00eat\u00e9.\nFait \u00e0 Lyon, le 17 septembre 2025\n4\nORIGINAL SIGNE\nAntoine GU\u00c9RIN\n69_Pr\u00e9f_Pr\u00e9fecture du Rh\u00f4ne - 69-2025-09-17-00003 - ARR\u00caT\u00c9 n\u00b02025 - 09 - 17 - 0002\nautorisant la captation, l'enregistrement et la transmission\nd'images au moyen de cam\u00e9ras install\u00e9es sur un a\u00e9ronef le jeudi 18 et le vendredi 19 septembre 2025 \u00e0 Lyon\n96\n69_Pr\u00e9f_Pr\u00e9fecture du Rh\u00f4ne\n69-2025-09-19-00005\nARR\u00caT\u00c9 n\u00b02025 - 09 - 19 - 0001\nautorisant la captation, l'enregistrement et la\ntransmission\nd'images au moyen de cam\u00e9ras install\u00e9es sur un\na\u00e9ronef le samedi 20 septembre 2025 de 15h00 \u00e0\n21h00 \u00e0 Sathonay-Camp et \u00e0\nFontaines-sur-Sa\u00f4ne.\n69_Pr\u00e9f_Pr\u00e9fecture du Rh\u00f4ne - 69-2025-09-19-00005 - ARR\u00caT\u00c9 n\u00b02025 - 09 - 19 - 0001\nautorisant la captation, l'enregistrement et la transmission\nd'images au moyen de cam\u00e9ras install\u00e9es sur un a\u00e9ronef le samedi 20 septembre 2025 de 15h00 \u00e0 21h00 \u00e0 Sathonay-Camp et \u00e0\nFontaines-sur-Sa\u00f4ne.\n97\nPREFETEDU RHONELibert\u00e9Egalit\u00e9Fraternit\u00e9\nPr\u00e9fecture\nCabinet du Pr\u00e9fet d\u00e9l\u00e9gu\u00e9 pour \nla d\u00e9fense et la s\u00e9curit\u00e9\nBureau de l'ordre public\nARR\u00caT\u00c9 n\u00b02025 \u2013 09 \u2013 19 \u2013 0001\nautorisant la captation, l'enregistrement et la transmission\nd'images au moyen de cam\u00e9ras install\u00e9es sur un a\u00e9ronef le samedi 20 septembre 2025 de 15h00 \u00e0 21h00 \u00e0 \nSathonay-Camp et \u00e0 Fontaines-sur-Sa\u00f4ne.\nLa Pr\u00e9f\u00e8te du Rh\u00f4ne,\nCommandeur de la L\u00e9gion d'honneur\nCommandeur de l'ordre national du M\u00e9rite\nVU le Code de la s\u00e9curit\u00e9 int\u00e9rieure et notamment ses articles L. 242-1 \u00e0 L. 242-8 et R. 242-8 \u00e0 R. 242-\n14\u00a0;\nVU la loi n\u00b078-17 du 6 janvier 1978 relative \u00e0 l'informatique, aux fichiers et aux libert\u00e9s\u00a0;\nVU le d\u00e9cret n\u00b0 2004-374 du 29 avril 2004 relatif aux pouvoirs des pr\u00e9fets, \u00e0 l'organisation et \u00e0  \nl'action des services de l'\u00c9tat dans les r\u00e9gions et d\u00e9partements\u00a0;\nVU le d\u00e9cret en Conseil des Ministres du 11 janvier 2023 portant nomination de Madame Fabienne  \nBUCCIO, pr\u00e9f\u00e8te de la r\u00e9gion Auvergne-Rh\u00f4ne-Alpes, pr\u00e9f\u00e8te de la zone de d\u00e9fense et de s\u00e9curit\u00e9  \nSud-Est, pr\u00e9f\u00e8te du Rh\u00f4ne (hors classe) ;\nVU  le d\u00e9cret du 6 novembre 2024 portant nomination du pr\u00e9fet d\u00e9l\u00e9gu\u00e9 pour la d\u00e9fense et la  \ns\u00e9curit\u00e9 aupr\u00e8s de la pr\u00e9f\u00e8te de la r\u00e9gion Auvergne-Rh\u00f4ne-Alpes, pr\u00e9f\u00e8te de la zone de d\u00e9fense et  \nde s\u00e9curit\u00e9 Sud-Est, pr\u00e9f\u00e8te du Rh\u00f4ne \u2013 M. Antoine GUERIN\u00a0; \nVU l'arr\u00eat\u00e9 pr\u00e9fectoral n\u00b069-2024-11-15-00001 du 15 novembre 2024 portant d\u00e9l\u00e9gation de signature \n\u00e0 M. Antoine GUERIN en qualit\u00e9 de pr\u00e9fet d\u00e9l\u00e9gu\u00e9 pour la d\u00e9fense et la s\u00e9curit\u00e9 aupr\u00e8s de la  \npr\u00e9f\u00e8te de la r\u00e9gion Auvergne-Rh\u00f4ne-Alpes, pr\u00e9f\u00e8te de la zone de d\u00e9fense et de s\u00e9curit\u00e9 Sud-Est,  \npr\u00e9f\u00e8te du Rh\u00f4ne\u00a0;\nVU l'arr\u00eat\u00e9 du Ministre de l'Int\u00e9rieur et des outre-mer, en date du 19 avril 2023 relatif au nombre  \nmaximal de cam\u00e9ras install\u00e9es sur des a\u00e9ronefs pouvant \u00eatre simultan\u00e9ment utilis\u00e9es dans chaque  \nd\u00e9partement\u00a0et collectivit\u00e9 d'outre-mer ;\nVU l'analyse d'impact du minist\u00e8re de l'Int\u00e9rieur relative \u00e0 la protection des donn\u00e9es du 25 janvier  \n2023\u00a0;\nVU la demande N\u00b039\u00a0274 du 19 septembre 2025, form\u00e9e par le groupement de gendarmerie d\u00e9par -\ntementale du Rh\u00f4ne, visant \u00e0 obtenir l'autorisation de capter, d'enregistrer et de transmettre des  \nimages au moyen d'une cam\u00e9ra install\u00e9e sur un a\u00e9ronef t\u00e9l\u00e9-pilot\u00e9 afin d'assurer la protection des \nPr\u00e9fecture du Rh\u00f4ne  \u2013 69419 Lyon cedex 03 1\nwww.rhone.gouv.fr ou t\u00e9l. : 04 72 61 61 61 (co\u00fbt d'un appel local)\n69_Pr\u00e9f_Pr\u00e9fecture du Rh\u00f4ne - 69-2025-09-19-00005 - ARR\u00caT\u00c9 n\u00b02025 - 09 - 19 - 0001\nautorisant la captation, l'enregistrement et la transmission\nd'images au moyen de cam\u00e9ras install\u00e9es sur un a\u00e9ronef le samedi 20 septembre 2025 de 15h00 \u00e0 21h00 \u00e0 Sathonay-Camp et \u00e0\nFontaines-sur-Sa\u00f4ne.\n98\nb\u00e2timents et installations publics et leurs abords, d'assurer l'appui des personnels au sol en vue du  \nmaintien ou de r\u00e9tablir l'ordre public\u00a0et de r\u00e9gulation des flux de transports; \nCONSID\u00c9RANT que les dispositions susvis\u00e9es permettent aux forces de s\u00e9curit\u00e9 int\u00e9rieure, dans  \nl'exercice de leurs missions de pr\u00e9vention des atteintes \u00e0 l'ordre public et de protection de la  \ns\u00e9curit\u00e9  des  personnes  et  des  biens,  de  proc\u00e9der  \u00e0  la  captation,  \u00e0  l'enregistrement  et  \u00e0  la \ntransmission d'images au moyen de cam\u00e9ras install\u00e9es sur des a\u00e9ronefs aux fins d'assurer la s\u00e9curit\u00e9 \ndes personnes et des biens et pr\u00e9venir les troubles \u00e0 l'ordre public dans le cadre des op\u00e9rations de  \nr\u00e9tablissement de l'ordre public\u00a0; que notamment, le 1\u00b0, 2\u00b0 et 4\u00b0 de l'article L. 242-5 du Code de la  \ns\u00e9curit\u00e9 int\u00e9rieure susvis\u00e9 pr\u00e9voit que ces dispositifs peuvent \u00eatre mis en \u0153uvre  au titre de la  \ns\u00e9curit\u00e9 des rassemblements de personnes sur la voie publique ou dans les lieux ouverts au public  \nainsi que de l'appui des personnels au sol, en vue de leur permettre de maintenir ou de r\u00e9tablir  \nl'ordre  public,  lorsque  ces  rassemblements  sont  susceptibles  d'entra\u00eener  des  troubles  graves  \u00e0 \nl'ordre public, et, dans le cadre de la r\u00e9gulation des flux de transport, aux seules fins du maintien de \nl'ordre et de la s\u00e9curit\u00e9 publics\u00a0; \nCONSID\u00c9RANT que  des  attroupements  de  jeunes  troublent  gravement  l'ordre  public  depuis \nplusieurs  mois,  sur  Fontaines-sur-Sa\u00f4ne  et  Sathonay-Camp\u00a0;  que  des  rod\u00e9os  motoris\u00e9s  ont  lieu \nr\u00e9guli\u00e8rement dans le Val de Sa\u00f4ne et plus particuli\u00e8rement sur ces deux communes \u00a0; que les refus \nd'obtemp\u00e9rer  sont  quasi  syst\u00e9matiques\u00a0;  que  les  auteurs  sont  la  plupart  du  temps  sur  des \nmotocross, ce qui rend difficile la mise en place de dispositifs s\u00e9curis\u00e9s pour les interpeler\u00a0; que doit \n\u00eatre prise en compte la s\u00e9curisation de la caserne Lebrun \u00e0 Sathonay-Camp du groupement de  \ngendarmerie du Rh\u00f4ne \u00a0\u00e0 proximit\u00e9; que celle-ci repr\u00e9sente une institution de l'\u00c9tat\u00a0; que les locaux \nde la gendarmerie nationale sont souvent vis\u00e9s lors de violences urbaines \u00a0et de troubles engendr\u00e9s \npar ces rod\u00e9os ;\nCONSID\u00c9RANT que le jeudi  18 septembre 2025, rue du 8 mai 1945 \u00e0 Fontaines-sur-Sa\u00f4ne, un  \nmilitaire de la gendarmerie a \u00e9t\u00e9 percut\u00e9 par un jeune se soustrayant \u00e0 un contr\u00f4le de police\u00a0; qu'un \nv\u00e9hicule de la gendarmerie a fait l'objet de jets de projectiles\u00a0;\nCONSID\u00c9RANT que le dimanche 14 septembre 2025, en fin d'apr\u00e8s-midi, une trentaine de jeunes se \nsont rassembl\u00e9s dans le quartier des Marronniers \u00e0 Fontaines-sur-Sa\u00f4ne \u00a0; qu'ils s'y sont adonn\u00e9s \u00e0  \ndes rod\u00e9os avec des motocross, troublant gravement l'ordre public \u00a0; ils se sont montr\u00e9s hostiles  \nface aux forces de l'ordre \u00a0; qu'ils ont jet\u00e9 des projectiles dont des mortiers sur les v\u00e9hicules de la  \nGendarmerie Nationale\u00a0;\nCONSID\u00c9RANT que  la  caserne  du  groupement  de  gendarmerie  de  Sathonay-Camp  a  \u00e9t\u00e9 \nr\u00e9cemment plusieurs fois la cible de tirs de mortiers d'artifices \u00a0; que, pour exemple, elle a \u00e9t\u00e9 cibl\u00e9  \ntrois fois en mois d'une semaine en f\u00e9vrier 2025 en journ\u00e9e et en soir\u00e9e \u00a0; que des v\u00e9hicules de  \nservices ont \u00e9t\u00e9 d\u00e9grad\u00e9s \u00a0; que ces \u00ab \u00a0actions \u00e9clair\u00a0\u00bb, op\u00e9r\u00e9es par des individus isol\u00e9s ou en petite  \nbande, sont difficiles \u00e0 anticiper de par la bri\u00e8vet\u00e9 des tirs, la concentration de population avec des \nimmeubles \u00e0 plusieurs \u00e9tages et de la difficult\u00e9 \u00e0 obtenir des t\u00e9moignages conclusifs permettant de \nconfondre les mis en cause ;\nCONSID\u00c9RANT que le groupement de gendarmerie indique que le besoin de cam\u00e9ra a\u00e9roport\u00e9e ne \npeut \u00eatre remplac\u00e9 par les dispositifs de vid\u00e9osurveillance \u00a0; que ces derniers ne sont d'aucune aide  \nop\u00e9rationnelle  \u00e9tant  donn\u00e9  qu'ils  ne  sont  pas  exploitables  dans  l'imm\u00e9diatet\u00e9  par  le  chef \nop\u00e9rationnel et par le responsable de la s\u00e9curit\u00e9 de la caserne\u00a0;\nCONSID\u00c9RANT  d'une part,  que les rod\u00e9os, qui se caract\u00e9risent par des  comportements ill\u00e9gaux \nsur la voie publique r\u00e9alis\u00e9s par les conducteurs de v\u00e9hicules ou de deux roues, au m\u00e9pris des r\u00e8gles \nde  prudence  et  du code  de  la  route,  compromettant  la  s\u00e9curit\u00e9  des  usagers  et  des  riverains, \nrendent n\u00e9cessaire une r\u00e9gulation des flux de transports en vue de pr\u00e9venir des accidents graves  \ndont ils cr\u00e9ent directement les conditions, au sens du 4\u00b0 du m\u00eame article \u00a0; que, d'autre part,  \ncompte tenu des risques extr\u00eames qu'ils engendrent pour la s\u00e9curit\u00e9 des personnes, des nuisances  \n2\n69_Pr\u00e9f_Pr\u00e9fecture du Rh\u00f4ne - 69-2025-09-19-00005 - ARR\u00caT\u00c9 n\u00b02025 - 09 - 19 - 0001\nautorisant la captation, l'enregistrement et la transmission\nd'images au moyen de cam\u00e9ras install\u00e9es sur un a\u00e9ronef le samedi 20 septembre 2025 de 15h00 \u00e0 21h00 \u00e0 Sathonay-Camp et \u00e0\nFontaines-sur-Sa\u00f4ne.\n99\nsonores consid\u00e9rables qu'ils causent pour le voisinage et du ph\u00e9nom\u00e8ne de privatisation agressive  \nde l'espace public qu'ils impliquent, ils g\u00e9n\u00e8rent des tensions tr\u00e8s importantes entre riverains et  \nexposent les lieux o\u00f9 ils se d\u00e9roulent \u00e0 des risques d'agression au sens des dispositions pr\u00e9cit\u00e9es du  \n1\u00b0 de l'article L. 242-5 du Code de la s\u00e9curit\u00e9 int\u00e9rieure \u00a0; qu'ainsi, compte tenu du risque s\u00e9rieux de  \ntroubles  \u00e0  l'ordre  public  r\u00e9sultant  du  rod\u00e9o  fortement  probable  \u00e0  Fontaines-sur-Sa\u00f4ne  et  \u00e0 \nSathonay-Camp, de l'ampleur de la zone \u00e0 s\u00e9curiser en raison de la nature m\u00eame de cette activit\u00e9  \net de la distance susceptible d'\u00eatre parcourue par les v\u00e9hicules y participant, le recours \u00e0 des  \ndispositifs de captation install\u00e9s sur des a\u00e9ronefs pr\u00e9sente l'int\u00e9r\u00eat de permettre aux forces de  \ns\u00e9curit\u00e9 de b\u00e9n\u00e9ficier d'une vision en grand angle pour pouvoir identifier et pr\u00e9venir rapidement le  \nrisque d'incident tout en limitant l'engagement des forces au sol, permettant de prot\u00e9ger leur  \nint\u00e9grit\u00e9 physique du risque d'altercation ou de refus d'obtemp\u00e9rer ; qu'il n'existe pas de dispositif  \nmoins intrusif permettant de parvenir aux m\u00eames fins\u00a0;\nCONSID\u00c9RANT que  les  dispositifs  de  vid\u00e9oprotection  existants  ne  permettent  pas  de  couvrir \nl'ensemble du secteur concern\u00e9 \u00a0; que contrairement aux cam\u00e9ras fixes du centre de supervision  \nurbaine, une cam\u00e9ra a\u00e9roport\u00e9e pr\u00e9sente de nombreux avantages dans le cadre du maintien de  \nl'ordre  puisque  celle-ci  pr\u00e9sente  une  mobilit\u00e9  et  une  couverture  \u00e9largie,  qu'elle  permet  une \nmeilleure r\u00e9activit\u00e9 des forces de l'ordre, qu'elle apporte une vision globale, en temps r\u00e9el et en  \nd\u00e9passant  les  obstacles  visuels,  qu'elle  r\u00e9duit  les  angles  morts  et  l'exposition  des  effectifs  de \ns\u00e9curit\u00e9 \u00e0 des situations dangereuses \u00a0; que le recours \u00e0 une cam\u00e9ra a\u00e9roport\u00e9e permet d'obtenir  \nune efficacit\u00e9 op\u00e9rationnelle certaine et vient compl\u00e9ter le dispositif de vid\u00e9oprotection ; \nCONSID\u00c9RANT que la demande porte sur l'engagement d'une cam\u00e9ra a\u00e9roport\u00e9e \u00a0; que les lieux  \nsurveill\u00e9s sont strictement limit\u00e9s aux lieux o\u00f9 sont susceptibles de survenir les atteintes que l'usage \nd'une cam\u00e9ra a\u00e9roport\u00e9e vise \u00e0 pr\u00e9venir \u00a0; qu'elles sont employ\u00e9es de telle sorte qu'elles ne visent  \npas  \u00e0  recueillir  les  images  de  l'int\u00e9rieur  des  domiciles  ni,  de  fa\u00e7on  sp\u00e9cifique,  celles  de  leurs \nentr\u00e9es\u00a0; que les dispositifs a\u00e9roport\u00e9s ne peuvent ni proc\u00e9der \u00e0 la captation du son, ni comporter  \nde  traitement  automatis\u00e9  de  reconnaissance  faciale\u00a0;  que  les  enregistrements  sont  conserv\u00e9s \npendant  une  dur\u00e9e  maximale  de  sept  jours\u00a0;  que  la  dur\u00e9e  de  l'autorisation  est  \u00e9galement \nstrictement  limit\u00e9e  \u00e0  la  dur\u00e9e  des  risques  de  troubles  \u00e0  l'ordre  public\u00a0;  qu'au  regard  des \ncirconstances susmentionn\u00e9es, la demande n'appara\u00eet pas disproportionn\u00e9e\u00a0; \nCONSID\u00c9RANT que  par  exception  au  principe  g\u00e9n\u00e9ral  de  l'information  par  plusieurs  moyens \nadapt\u00e9s du recours \u00e0 la captation, l'enregistrement et la transmission d'images des art. L. 242-3 et R. \n242-13 du CSI, cette information entre en contradiction avec les objectifs poursuivis parmi les  \nfinalit\u00e9s de l'op\u00e9ration du 13 juin 2023 mentionn\u00e9es aux 1\u00b0, 3\u00b0 et 5\u00b0 du I de l'article R. 242-8 du CSI \u00a0; \nque l'efficacit\u00e9 de cette op\u00e9ration sensible est conditionn\u00e9e \u00e0 un imp\u00e9ratif de discr\u00e9tion \u00a0; que  \nl'information  sp\u00e9cifique  du  public  peut  alors  entrer  en  contradiction  avec  les  finalit\u00e9s  de \nl'op\u00e9ration, et mettre en p\u00e9ril son efficacit\u00e9 \u00a0; que l'information du public n'aura pas lieu \u00e0 ce titre \u00a0; \nque le pr\u00e9sent arr\u00eat\u00e9 sera publi\u00e9 au recueil des actes administratifs ; \nARR\u00caTE\nArticle  1er\n \u2013  La captation,  l'enregistrement  et  la  transmission  d'images  par  le  Groupement  de \ngendarmerie d\u00e9partementale du Rh\u00f4ne, est autoris\u00e9e aux fins de  pr\u00e9vention des atteintes \u00e0 la  \ns\u00e9curit\u00e9 des personnes et des biens et de r\u00e9gulation des flux de transports , le samedi 20 septembre \n2025 de 15h00  \u00e0 21h00  sur les communes de Fontaines-sur-Sa\u00f4ne et de Sathonay-Camp  dans la  \nzone incluse dans le p\u00e9rim\u00e8tre chemin de Montgay / avenue des Marronniers / rue du 8 mai 1945 /  \nall\u00e9e Paul Delorme / boulevard de l'Ouest.\nArticle  2  \u2013  Le  nombre  maximal  de  cam\u00e9ras  pouvant  proc\u00e9der  simultan\u00e9ment  aux  traitements \nmentionn\u00e9s \u00e0 l'article 1er\n est fix\u00e9 aux dispositifs suivants\u00a0: \n\u2022 DJI Mavic 3T\n3\n69_Pr\u00e9f_Pr\u00e9fecture du Rh\u00f4ne - 69-2025-09-19-00005 - ARR\u00caT\u00c9 n\u00b02025 - 09 - 19 - 0001\nautorisant la captation, l'enregistrement et la transmission\nd'images au moyen de cam\u00e9ras install\u00e9es sur un a\u00e9ronef le samedi 20 septembre 2025 de 15h00 \u00e0 21h00 \u00e0 Sathonay-Camp et \u00e0\nFontaines-sur-Sa\u00f4ne.\n100\nArticle 3\u2013  Le registre mentionn\u00e9 \u00e0 l'article L. 242-4 du Code de la s\u00e9curit\u00e9 int\u00e9rieure est transmis \u00e0  \nla pr\u00e9f\u00e8te du Rh\u00f4ne \u00e0 l'issue de la manifestation.\nArticle 4 \u00a0\u2013 Le pr\u00e9sent arr\u00eat\u00e9 est publi\u00e9 au recueil des actes administratifs de la pr\u00e9fecture et peut  \nfaire l'objet d'un recours devant le tribunal administratif de Lyon dans un d\u00e9lai de deux mois \u00e0  \ncompter de sa publication.\nArticle 5 \u2013 Le pr\u00e9fet d\u00e9l\u00e9gu\u00e9 pour la d\u00e9fense et la s\u00e9curit\u00e9, la commandante du groupement de  \ngendarmerie d\u00e9partementale du Rh\u00f4ne sont charg\u00e9s chacun en ce qui le concerne de l'ex\u00e9cution \ndu pr\u00e9sent arr\u00eat\u00e9.\nFait \u00e0 Lyon, le 19 septembre 2025\n4\nORIGINAL SIGNE\nAntoine GU\u00c9RIN\n69_Pr\u00e9f_Pr\u00e9fecture du Rh\u00f4ne - 69-2025-09-19-00005 - ARR\u00caT\u00c9 n\u00b02025 - 09 - 19 - 0001\nautorisant la captation, l'enregistrement et la transmission\nd'images au moyen de cam\u00e9ras install\u00e9es sur un a\u00e9ronef le samedi 20 septembre 2025 de 15h00 \u00e0 21h00 \u00e0 Sathonay-Camp et \u00e0\nFontaines-sur-Sa\u00f4ne.\n101\n69_Pr\u00e9f_Pr\u00e9fecture du Rh\u00f4ne\n69-2025-09-19-00006\nARR\u00caT\u00c9 n\u00b02025 - 09 - 19 - 0002\nautorisant la captation, l'enregistrement et la\ntransmission\nd'images au moyen de cam\u00e9ras install\u00e9es sur un\na\u00e9ronef le dimanche 21 septembre 2025 de\n15h00 \u00e0 21h00 \u00e0 Sathonay-Camp et \u00e0\nFontaines-sur-Sa\u00f4ne.\n69_Pr\u00e9f_Pr\u00e9fecture du Rh\u00f4ne - 69-2025-09-19-00006 - ARR\u00caT\u00c9 n\u00b02025 - 09 - 19 - 0002\nautorisant la captation, l'enregistrement et la transmission\nd'images au moyen de cam\u00e9ras install\u00e9es sur un a\u00e9ronef le dimanche 21 septembre 2025 de 15h00 \u00e0 21h00 \u00e0 Sathonay-Camp et \u00e0\nFontaines-sur-Sa\u00f4ne.\n102\nPREFETEDU RHONELibert\u00e9Egalit\u00e9Fraternit\u00e9\nPr\u00e9fecture\nCabinet du Pr\u00e9fet d\u00e9l\u00e9gu\u00e9 pour \nla d\u00e9fense et la s\u00e9curit\u00e9\nBureau de l'ordre public\nARR\u00caT\u00c9 n\u00b02025 \u2013 09 \u2013 19 \u2013 0002\nautorisant la captation, l'enregistrement et la transmission\nd'images au moyen de cam\u00e9ras install\u00e9es sur un a\u00e9ronef le dimanche 21 septembre 2025 de 15h00 \u00e0 21h00 \u00e0 \nSathonay-Camp et \u00e0 Fontaines-sur-Sa\u00f4ne.\nLa Pr\u00e9f\u00e8te du Rh\u00f4ne,\nCommandeur de la L\u00e9gion d'honneur\nCommandeur de l'ordre national du M\u00e9rite\nVU le Code de la s\u00e9curit\u00e9 int\u00e9rieure et notamment ses articles L. 242-1 \u00e0 L. 242-8 et R. 242-8 \u00e0 R. 242-\n14\u00a0;\nVU la loi n\u00b078-17 du 6 janvier 1978 relative \u00e0 l'informatique, aux fichiers et aux libert\u00e9s\u00a0;\nVU le d\u00e9cret n\u00b0 2004-374 du 29 avril 2004 relatif aux pouvoirs des pr\u00e9fets, \u00e0 l'organisation et \u00e0  \nl'action des services de l'\u00c9tat dans les r\u00e9gions et d\u00e9partements\u00a0;\nVU le d\u00e9cret en Conseil des Ministres du 11 janvier 2023 portant nomination de Madame Fabienne  \nBUCCIO, pr\u00e9f\u00e8te de la r\u00e9gion Auvergne-Rh\u00f4ne-Alpes, pr\u00e9f\u00e8te de la zone de d\u00e9fense et de s\u00e9curit\u00e9  \nSud-Est, pr\u00e9f\u00e8te du Rh\u00f4ne (hors classe) ;\nVU  le d\u00e9cret du 6 novembre 2024 portant nomination du pr\u00e9fet d\u00e9l\u00e9gu\u00e9 pour la d\u00e9fense et la  \ns\u00e9curit\u00e9 aupr\u00e8s de la pr\u00e9f\u00e8te de la r\u00e9gion Auvergne-Rh\u00f4ne-Alpes, pr\u00e9f\u00e8te de la zone de d\u00e9fense et  \nde s\u00e9curit\u00e9 Sud-Est, pr\u00e9f\u00e8te du Rh\u00f4ne \u2013 M. Antoine GUERIN\u00a0; \nVU l'arr\u00eat\u00e9 pr\u00e9fectoral n\u00b069-2024-11-15-00001 du 15 novembre 2024 portant d\u00e9l\u00e9gation de signature \n\u00e0 M. Antoine GUERIN en qualit\u00e9 de pr\u00e9fet d\u00e9l\u00e9gu\u00e9 pour la d\u00e9fense et la s\u00e9curit\u00e9 aupr\u00e8s de la  \npr\u00e9f\u00e8te de la r\u00e9gion Auvergne-Rh\u00f4ne-Alpes, pr\u00e9f\u00e8te de la zone de d\u00e9fense et de s\u00e9curit\u00e9 Sud-Est,  \npr\u00e9f\u00e8te du Rh\u00f4ne\u00a0;\nVU l'arr\u00eat\u00e9 du Ministre de l'Int\u00e9rieur et des outre-mer, en date du 19 avril 2023 relatif au nombre  \nmaximal de cam\u00e9ras install\u00e9es sur des a\u00e9ronefs pouvant \u00eatre simultan\u00e9ment utilis\u00e9es dans chaque  \nd\u00e9partement\u00a0et collectivit\u00e9 d'outre-mer ;\nVU l'analyse d'impact du minist\u00e8re de l'Int\u00e9rieur relative \u00e0 la protection des donn\u00e9es du 25 janvier  \n2023\u00a0;\nVU la demande N\u00b039\u00a0276 du 19 septembre 2025, form\u00e9e par le groupement de gendarmerie d\u00e9par -\ntementale du Rh\u00f4ne, visant \u00e0 obtenir l'autorisation de capter, d'enregistrer et de transmettre des  \nimages au moyen d'une cam\u00e9ra install\u00e9e sur un a\u00e9ronef t\u00e9l\u00e9-pilot\u00e9 afin d'assurer la protection des \nPr\u00e9fecture du Rh\u00f4ne  \u2013 69419 Lyon cedex 03 1\nwww.rhone.gouv.fr ou t\u00e9l. : 04 72 61 61 61 (co\u00fbt d'un appel local)\n69_Pr\u00e9f_Pr\u00e9fecture du Rh\u00f4ne - 69-2025-09-19-00006 - ARR\u00caT\u00c9 n\u00b02025 - 09 - 19 - 0002\nautorisant la captation, l'enregistrement et la transmission\nd'images au moyen de cam\u00e9ras install\u00e9es sur un a\u00e9ronef le dimanche 21 septembre 2025 de 15h00 \u00e0 21h00 \u00e0 Sathonay-Camp et \u00e0\nFontaines-sur-Sa\u00f4ne.\n103\nb\u00e2timents et installations publics et leurs abords, d'assurer l'appui des personnels au sol en vue du  \nmaintien ou de r\u00e9tablir l'ordre public\u00a0et de r\u00e9gulation des flux de transports; \nCONSID\u00c9RANT que les dispositions susvis\u00e9es permettent aux forces de s\u00e9curit\u00e9 int\u00e9rieure, dans  \nl'exercice de leurs missions de pr\u00e9vention des atteintes \u00e0 l'ordre public et de protection de la  \ns\u00e9curit\u00e9  des  personnes  et  des  biens,  de  proc\u00e9der  \u00e0  la  captation,  \u00e0  l'enregistrement  et  \u00e0  la \ntransmission d'images au moyen de cam\u00e9ras install\u00e9es sur des a\u00e9ronefs aux fins d'assurer la s\u00e9curit\u00e9 \ndes personnes et des biens et pr\u00e9venir les troubles \u00e0 l'ordre public dans le cadre des op\u00e9rations de  \nr\u00e9tablissement de l'ordre public\u00a0; que notamment, le 1\u00b0, 2\u00b0 et 4\u00b0 de l'article L. 242-5 du Code de la  \ns\u00e9curit\u00e9 int\u00e9rieure susvis\u00e9 pr\u00e9voit que ces dispositifs peuvent \u00eatre mis en \u0153uvre  au titre de la  \ns\u00e9curit\u00e9 des rassemblements de personnes sur la voie publique ou dans les lieux ouverts au public  \nainsi que de l'appui des personnels au sol, en vue de leur permettre de maintenir ou de r\u00e9tablir  \nl'ordre  public,  lorsque  ces  rassemblements  sont  susceptibles  d'entra\u00eener  des  troubles  graves  \u00e0 \nl'ordre public, et, dans le cadre de la r\u00e9gulation des flux de transport, aux seules fins du maintien de \nl'ordre et de la s\u00e9curit\u00e9 publics\u00a0; \nCONSID\u00c9RANT que  des  attroupements  de  jeunes  troublent  gravement  l'ordre  public  depuis \nplusieurs  mois,  sur  Fontaines-sur-Sa\u00f4ne  et  Sathonay-Camp\u00a0;  que  des  rod\u00e9os  motoris\u00e9s  ont  lieu \nr\u00e9guli\u00e8rement dans le Val de Sa\u00f4ne et plus particuli\u00e8rement sur ces deux communes \u00a0; que les refus \nd'obtemp\u00e9rer  sont  quasi  syst\u00e9matiques\u00a0;  que  les  auteurs  sont  la  plupart  du  temps  sur  des \nmotocross, ce qui rend difficile la mise en place de dispositifs s\u00e9curis\u00e9s pour les interpeler\u00a0; que doit \n\u00eatre prise en compte la s\u00e9curisation de la caserne Lebrun \u00e0 Sathonay-Camp du groupement de  \ngendarmerie du Rh\u00f4ne \u00a0\u00e0 proximit\u00e9; que celle-ci repr\u00e9sente une institution de l'\u00c9tat\u00a0; que les locaux \nde la gendarmerie nationale sont souvent vis\u00e9s lors de violences urbaines \u00a0et de troubles engendr\u00e9s \npar ces rod\u00e9os ;\nCONSID\u00c9RANT que le jeudi  18 septembre 2025, rue du 8 mai 1945 \u00e0 Fontaines-sur-Sa\u00f4ne, un  \nmilitaire de la gendarmerie a \u00e9t\u00e9 percut\u00e9 par un jeune se soustrayant \u00e0 un contr\u00f4le de police\u00a0; qu'un \nv\u00e9hicule de la gendarmerie a fait l'objet de jets de projectiles\u00a0;\nCONSID\u00c9RANT que le dimanche 14 septembre 2025, en fin d'apr\u00e8s-midi, une trentaine de jeunes se \nsont rassembl\u00e9s dans le quartier des Marronniers \u00e0 Fontaines-sur-Sa\u00f4ne \u00a0; qu'ils s'y sont adonn\u00e9s \u00e0  \ndes rod\u00e9os avec des motocross, troublant gravement l'ordre public \u00a0; ils se sont montr\u00e9s hostiles  \nface aux forces de l'ordre \u00a0; qu'ils ont jet\u00e9 des projectiles dont des mortiers sur les v\u00e9hicules de la  \nGendarmerie Nationale\u00a0;\nCONSID\u00c9RANT que  la  caserne  du  groupement  de  gendarmerie  de  Sathonay-Camp  a  \u00e9t\u00e9 \nr\u00e9cemment plusieurs fois la cible de tirs de mortiers d'artifices \u00a0; que, pour exemple, elle a \u00e9t\u00e9 cibl\u00e9  \ntrois fois en mois d'une semaine en f\u00e9vrier 2025 en journ\u00e9e et en soir\u00e9e \u00a0; que des v\u00e9hicules de  \nservices ont \u00e9t\u00e9 d\u00e9grad\u00e9s \u00a0; que ces \u00ab \u00a0actions \u00e9clair\u00a0\u00bb, op\u00e9r\u00e9es par des individus isol\u00e9s ou en petite  \nbande, sont difficiles \u00e0 anticiper de par la bri\u00e8vet\u00e9 des tirs, la concentration de population avec des \nimmeubles \u00e0 plusieurs \u00e9tages et de la difficult\u00e9 \u00e0 obtenir des t\u00e9moignages conclusifs permettant de \nconfondre les mis en cause ;\nCONSID\u00c9RANT que le groupement de gendarmerie indique que le besoin de cam\u00e9ra a\u00e9roport\u00e9e ne \npeut \u00eatre remplac\u00e9 par les dispositifs de vid\u00e9osurveillance \u00a0; que ces derniers ne sont d'aucune aide  \nop\u00e9rationnelle  \u00e9tant  donn\u00e9  qu'ils  ne  sont  pas  exploitables  dans  l'imm\u00e9diatet\u00e9  par  le  chef \nop\u00e9rationnel et par le responsable de la s\u00e9curit\u00e9 de la caserne\u00a0;\nCONSID\u00c9RANT  d'une part,  que les rod\u00e9os, qui se caract\u00e9risent par des  comportements ill\u00e9gaux \nsur la voie publique r\u00e9alis\u00e9s par les conducteurs de v\u00e9hicules ou de deux roues, au m\u00e9pris des r\u00e8gles \nde  prudence  et  du code  de  la  route,  compromettant  la  s\u00e9curit\u00e9  des  usagers  et  des  riverains, \nrendent n\u00e9cessaire une r\u00e9gulation des flux de transports en vue de pr\u00e9venir des accidents graves  \ndont ils cr\u00e9ent directement les conditions, au sens du 4\u00b0 du m\u00eame article \u00a0; que, d'autre part,  \ncompte tenu des risques extr\u00eames qu'ils engendrent pour la s\u00e9curit\u00e9 des personnes, des nuisances  \n2\n69_Pr\u00e9f_Pr\u00e9fecture du Rh\u00f4ne - 69-2025-09-19-00006 - ARR\u00caT\u00c9 n\u00b02025 - 09 - 19 - 0002\nautorisant la captation, l'enregistrement et la transmission\nd'images au moyen de cam\u00e9ras install\u00e9es sur un a\u00e9ronef le dimanche 21 septembre 2025 de 15h00 \u00e0 21h00 \u00e0 Sathonay-Camp et \u00e0\nFontaines-sur-Sa\u00f4ne.\n104\nsonores consid\u00e9rables qu'ils causent pour le voisinage et du ph\u00e9nom\u00e8ne de privatisation agressive  \nde l'espace public qu'ils impliquent, ils g\u00e9n\u00e8rent des tensions tr\u00e8s importantes entre riverains et  \nexposent les lieux o\u00f9 ils se d\u00e9roulent \u00e0 des risques d'agression au sens des dispositions pr\u00e9cit\u00e9es du  \n1\u00b0 de l'article L. 242-5 du Code de la s\u00e9curit\u00e9 int\u00e9rieure \u00a0; qu'ainsi, compte tenu du risque s\u00e9rieux de  \ntroubles  \u00e0  l'ordre  public  r\u00e9sultant  du  rod\u00e9o  fortement  probable  \u00e0  Fontaines-sur-Sa\u00f4ne  et  \u00e0 \nSathonay-Camp, de l'ampleur de la zone \u00e0 s\u00e9curiser en raison de la nature m\u00eame de cette activit\u00e9  \net de la distance susceptible d'\u00eatre parcourue par les v\u00e9hicules y participant, le recours \u00e0 des  \ndispositifs de captation install\u00e9s sur des a\u00e9ronefs pr\u00e9sente l'int\u00e9r\u00eat de permettre aux forces de  \ns\u00e9curit\u00e9 de b\u00e9n\u00e9ficier d'une vision en grand angle pour pouvoir identifier et pr\u00e9venir rapidement le  \nrisque d'incident tout en limitant l'engagement des forces au sol, permettant de prot\u00e9ger leur  \nint\u00e9grit\u00e9 physique du risque d'altercation ou de refus d'obtemp\u00e9rer ; qu'il n'existe pas de dispositif  \nmoins intrusif permettant de parvenir aux m\u00eames fins\u00a0;\nCONSID\u00c9RANT que  les  dispositifs  de  vid\u00e9oprotection  existants  ne  permettent  pas  de  couvrir \nl'ensemble du secteur concern\u00e9 \u00a0; que contrairement aux cam\u00e9ras fixes du centre de supervision  \nurbaine, une cam\u00e9ra a\u00e9roport\u00e9e pr\u00e9sente de nombreux avantages dans le cadre du maintien de  \nl'ordre  puisque  celle-ci  pr\u00e9sente  une  mobilit\u00e9  et  une  couverture  \u00e9largie,  qu'elle  permet  une \nmeilleure r\u00e9activit\u00e9 des forces de l'ordre, qu'elle apporte une vision globale, en temps r\u00e9el et en  \nd\u00e9passant  les  obstacles  visuels,  qu'elle  r\u00e9duit  les  angles  morts  et  l'exposition  des  effectifs  de \ns\u00e9curit\u00e9 \u00e0 des situations dangereuses \u00a0; que le recours \u00e0 une cam\u00e9ra a\u00e9roport\u00e9e permet d'obtenir  \nune efficacit\u00e9 op\u00e9rationnelle certaine et vient compl\u00e9ter le dispositif de vid\u00e9oprotection ; \nCONSID\u00c9RANT que la demande porte sur l'engagement d'une cam\u00e9ra a\u00e9roport\u00e9e \u00a0; que les lieux  \nsurveill\u00e9s sont strictement limit\u00e9s aux lieux o\u00f9 sont susceptibles de survenir les atteintes que l'usage \nd'une cam\u00e9ra a\u00e9roport\u00e9e vise \u00e0 pr\u00e9venir \u00a0; qu'elles sont employ\u00e9es de telle sorte qu'elles ne visent  \npas  \u00e0  recueillir  les  images  de  l'int\u00e9rieur  des  domiciles  ni,  de  fa\u00e7on  sp\u00e9cifique,  celles  de  leurs \nentr\u00e9es\u00a0; que les dispositifs a\u00e9roport\u00e9s ne peuvent ni proc\u00e9der \u00e0 la captation du son, ni comporter  \nde  traitement  automatis\u00e9  de  reconnaissance  faciale\u00a0;  que  les  enregistrements  sont  conserv\u00e9s \npendant  une  dur\u00e9e  maximale  de  sept  jours\u00a0;  que  la  dur\u00e9e  de  l'autorisation  est  \u00e9galement \nstrictement  limit\u00e9e  \u00e0  la  dur\u00e9e  des  risques  de  troubles  \u00e0  l'ordre  public\u00a0;  qu'au  regard  des \ncirconstances susmentionn\u00e9es, la demande n'appara\u00eet pas disproportionn\u00e9e\u00a0; \nCONSID\u00c9RANT que  par  exception  au  principe  g\u00e9n\u00e9ral  de  l'information  par  plusieurs  moyens \nadapt\u00e9s du recours \u00e0 la captation, l'enregistrement et la transmission d'images des art. L. 242-3 et R. \n242-13 du CSI, cette information entre en contradiction avec les objectifs poursuivis parmi les  \nfinalit\u00e9s de l'op\u00e9ration du 13 juin 2023 mentionn\u00e9es aux 1\u00b0, 3\u00b0 et 5\u00b0 du I de l'article R. 242-8 du CSI \u00a0; \nque l'efficacit\u00e9 de cette op\u00e9ration sensible est conditionn\u00e9e \u00e0 un imp\u00e9ratif de discr\u00e9tion \u00a0; que  \nl'information  sp\u00e9cifique  du  public  peut  alors  entrer  en  contradiction  avec  les  finalit\u00e9s  de \nl'op\u00e9ration, et mettre en p\u00e9ril son efficacit\u00e9 \u00a0; que l'information du public n'aura pas lieu \u00e0 ce titre \u00a0; \nque le pr\u00e9sent arr\u00eat\u00e9 sera publi\u00e9 au recueil des actes administratifs ; \nARR\u00caTE\nArticle  1er\n \u2013  La captation,  l'enregistrement  et  la  transmission  d'images  par  le  Groupement  de \ngendarmerie d\u00e9partementale du Rh\u00f4ne, est autoris\u00e9e aux fins de  pr\u00e9vention des atteintes \u00e0 la  \ns\u00e9curit\u00e9  des  personnes  et  des  biens  et  de  r\u00e9gulation  des  flux  de  transports,  le  dimanche  21 \nseptembre 2025 de 15h00 \u00e0 21h00 sur les communes de Fontaines-sur-Sa\u00f4ne et de Sathonay-Camp  \ndans la zone incluse dans le p\u00e9rim\u00e8tre chemin de Montgay / avenue des Marronniers / rue du 8 mai  \n1945 / all\u00e9e Paul Delorme / boulevard de l'Ouest.\nArticle  2  \u2013  Le  nombre  maximal  de  cam\u00e9ras  pouvant  proc\u00e9der  simultan\u00e9ment  aux  traitements \nmentionn\u00e9s \u00e0 l'article 1er\n est fix\u00e9 aux dispositifs suivants\u00a0: \n\u2022 DJI Mavic 3T\n3\n69_Pr\u00e9f_Pr\u00e9fecture du Rh\u00f4ne - 69-2025-09-19-00006 - ARR\u00caT\u00c9 n\u00b02025 - 09 - 19 - 0002\nautorisant la captation, l'enregistrement et la transmission\nd'images au moyen de cam\u00e9ras install\u00e9es sur un a\u00e9ronef le dimanche 21 septembre 2025 de 15h00 \u00e0 21h00 \u00e0 Sathonay-Camp et \u00e0\nFontaines-sur-Sa\u00f4ne.\n105\nArticle 3\u2013  Le registre mentionn\u00e9 \u00e0 l'article L. 242-4 du Code de la s\u00e9curit\u00e9 int\u00e9rieure est transmis \u00e0  \nla pr\u00e9f\u00e8te du Rh\u00f4ne \u00e0 l'issue de la manifestation.\nArticle 4 \u00a0\u2013 Le pr\u00e9sent arr\u00eat\u00e9 est publi\u00e9 au recueil des actes administratifs de la pr\u00e9fecture et peut  \nfaire l'objet d'un recours devant le tribunal administratif de Lyon dans un d\u00e9lai de deux mois \u00e0  \ncompter de sa publication.\nArticle 5 \u2013 Le pr\u00e9fet d\u00e9l\u00e9gu\u00e9 pour la d\u00e9fense et la s\u00e9curit\u00e9, la commandante du groupement de  \ngendarmerie d\u00e9partementale du Rh\u00f4ne sont charg\u00e9s chacun en ce qui le concerne de l'ex\u00e9cution \ndu pr\u00e9sent arr\u00eat\u00e9.\nFait \u00e0 Lyon, le 19 septembre 2025\n4\nORIGINAL SIGNE\nAntoine GU\u00c9RIN\n69_Pr\u00e9f_Pr\u00e9fecture du Rh\u00f4ne - 69-2025-09-19-00006 - ARR\u00caT\u00c9 n\u00b02025 - 09 - 19 - 0002\nautorisant la captation, l'enregistrement et la transmission\nd'images au moyen de cam\u00e9ras install\u00e9es sur un a\u00e9ronef le dimanche 21 septembre 2025 de 15h00 \u00e0 21h00 \u00e0 Sathonay-Camp et \u00e0\nFontaines-sur-Sa\u00f4ne.\n106\n84_ARS_Agence R\u00e9gionale de Sant\u00e9\nAuvergne-Rh\u00f4ne-Alpes\n69-2025-09-18-00002\n20250918 arr\u00eat\u00e9 modificatif garde\nd\u00e9partementale raa\n84_ARS_Agence R\u00e9gionale de Sant\u00e9 Auvergne-Rh\u00f4ne-Alpes - 69-2025-09-18-00002 - 20250918 arr\u00eat\u00e9 modificatif garde\nd\u00e9partementale raa 107\nEMREPUBLIQUEFRAN CA ISE @ D Agence R\u00e9gionale de Sant\u00e9Libert\u00e9 Auvergne-Rh\u00f4ne-AlpesEgalit\u00e9Fraternit\u00e9\nArr\u00eat\u00e9 n\u00b0 2025-10-0202Portant modification de l'arr\u00eat\u00e9 n\u00b0 2025-10-0184 fixant l'organisation de la garde d\u00e9partementaleassurant la permanence des transports sanitaires du d\u00e9partement du Rh\u00f4ne et de la M\u00e9tropole deLyon dans le cadre de l'urgence pr\u00e9hospitali\u00e8re sectoris\u00e9e pour la p\u00e9riode du 1\u00b0\" octobre 2025 au31 janvier 2026\nLa directrice g\u00e9n\u00e9rale de l'agence r\u00e9gionale de sant\u00e9 Auvergne-Rh\u00f4ne-Alpes\nVu le code de la sant\u00e9 publique et notamment les articles L 6312-1 \u00e0 L 6314-1 et R. 6312-16 \u00e0 R. 6312-23;Vu la loi n\u00b0 86-11 du 6janvier 1986 relative a l'aide m\u00e9dicale urgente et aux transports sanitaires ;Vu la loi n\u00b0 2009-879 du 21 janvier 2009 ;Vu le d\u00e9cret n\u00b0 2005-840 du 20juillet 2005 modifi\u00e9 ;Vu le d\u00e9cret n\u00b0 2010-344 du 31 mars 2010;Vu l'arr\u00eat\u00e9 du 26 avril 2022 relatif aux plafonds d'heures de garde pour l'organisation de la gardepr\u00e9vue a l'article R. 6312-19 du code de la sant\u00e9 publique;Vu l'arr\u00eat\u00e9 n\u00b0 2025-17-0042 du 30 janvier 2025 portant modification du cahier des charges pourl'organisation de la garde et de la r\u00e9ponse \u00e0 la demande de transports sanitaires urgents dans led\u00e9partement du Rh\u00f4ne, applicable au 1\u00b0 f\u00e9vrier 2025 ;Vu l'instruction interminist\u00e9rielle n\u00b0 DGOS/R2/DSS/DGSCGC/2022/144 du 13 mai 2022 relative \u00e0 lamise en \u0153uvre de la r\u00e9forme des transports sanitaires urgents et de la participation des entreprisesde transports sanitaires au service de garde ;Vu l'arr\u00eat\u00e9 n\u00b0 2025-10-0184 du 12 septembre 2025 fixant l'organisation de la garde d\u00e9partementaleassurant la permanence des transports sanitaires du d\u00e9partement du Rh\u00f4ne et de la M\u00e9tropole deLyon dans le cadre de l'urgence pr\u00e9hospitali\u00e9re sectoris\u00e9e pour la p\u00e9riode du 1\u00b0 octobre 2025 au31 janvier 2026 ;Consid\u00e9rant l'erreur mat\u00e9rielle contenue dans les tableaux de garde des secteurs 1 et 2;Consid\u00e9rant la proposition de tableaux de garde transmise par l'ATSU 69 ;\nCourrier : CS 93383 - 69418 Lyon cedex 0304 72 34 74 00www.auvergne-rhone-alpes.ars.sante.fr\n Conform\u00e9ment au r\u00e8glement (UE) 2016/679 du Parlement europ\u00e9en et \u00e0 la loi n\u00b0 78-17 du 6 janvier 1978 modifi\u00e9e relative \u00e0 l'informatique, aux fichiers et aux libert\u00e9s, vous pouvez acc\u00e9der aux donn\u00e9es vous concernant ou demander leur effacement. Vous disposez \u00e9galement d'un droit d'opposition, d'un droit de rectification et d'un droit \u00e0 la limitation du traitement de vos donn\u00e9es. Pour exercer ces droits, vous pouvez contacter le D\u00e9l\u00e9gu\u00e9 \u00e0 la protection des donn\u00e9es de l'ARS (ars-ara-dpd@ars.sante.fr). \n84_ARS_Agence R\u00e9gionale de Sant\u00e9 Auvergne-Rh\u00f4ne-Alpes - 69-2025-09-18-00002 - 20250918 arr\u00eat\u00e9 modificatif garde\nd\u00e9partementale raa 108\nSur proposition de monsieur le directeur de la d\u00e9l\u00e9gation d\u00e9partementale du Rh\u00f4ne et de laM\u00e9tropole de Lyon,\nARRETE\nARTICLE 1: Le pr\u00e9sent arr\u00eat\u00e9 annule et remplace l'arr\u00eat\u00e9 n\u00b0 2025-10-0184 du 12 septembre 2025.ARTICLE 2 : Les tableaux de la garde ambulanci\u00e8re du d\u00e9partement du Rh\u00f4ne par secteur sontarr\u00eat\u00e9s conform\u00e9ment aux dispositions des documents joints en annexe pour la p\u00e9riode du 1\u00b0octobre 2025 au 31 janvier 2026.ARTICLE 3 : Conform\u00e9ment aux dispositions r\u00e9glementaires concernant les obligations desentreprises agr\u00e9\u00e9es pour l'accomplissement des transports sanitaires, les entreprises d\u00e9sign\u00e9es parsecteur en fonction de leurs moyens mat\u00e9riels et humains dans les tableaux de garde, sont tenuesd'assurer cette garde.ARTICLE 4 : Toute personne int\u00e9ress\u00e9e dispose d'un d\u00e9lai de deux mois pour introduire contre lapr\u00e9sente d\u00e9cision un recours gracieux aupr\u00e8s de l'agence r\u00e9gionale de sant\u00e9 Auvergne Rh\u00f4ne-Alpesou contentieux aupr\u00e8s du tribunal administratif de Lyon 184 rue Duguesclin - 69433 LYON cedex 3.ARTICLE 5 : Monsieur le directeur de la d\u00e9l\u00e9gation d\u00e9partementale du Rh\u00f4ne et de la M\u00e9tropole deLyon et l'association des transports sanitaires urgents sont charg\u00e9s, chacun en ce qui les concerne,de l'ex\u00e9cution du pr\u00e9sent arr\u00eat\u00e9, qui sera publi\u00e9 au recueil des actes administratifs de la Pr\u00e9fecturedu Rh\u00f4ne.\nLyon, le 18 septembre 2025\nPour la directrice g\u00e9n\u00e9rale et par d\u00e9l\u00e9gation,Philippe GUETAT\n \n84_ARS_Agence R\u00e9gionale de Sant\u00e9 Auvergne-Rh\u00f4ne-Alpes - 69-2025-09-18-00002 - 20250918 arr\u00eat\u00e9 modificatif garde\nd\u00e9partementale raa 109\n84_ARS_Agence R\u00e9gionale de Sant\u00e9\nAuvergne-Rh\u00f4ne-Alpes\n69-2025-09-15-00012\nArr\u00eat\u00e9 r\u00e9quisition pharmacies gr\u00e8ve 18\nseptembre 2025\n84_ARS_Agence R\u00e9gionale de Sant\u00e9 Auvergne-Rh\u00f4ne-Alpes - 69-2025-09-15-00012 - Arr\u00eat\u00e9 r\u00e9quisition pharmacies gr\u00e8ve 18 septembre\n2025 110\nE 3PR\u00c9F\u00c8TEDU RH\u00d4NELibert\u00e9Egalit\u00e9Fraternit\u00e9\nArr\u00eat\u00e9 n\u00b0 2025Portant r\u00e9quisition d'officines de pharmacie pour assurer la continuit\u00e9 de la mission de service publicde la permanence des soins dans le d\u00e9partement\nLa Pr\u00e9f\u00e8te de la r\u00e9gion Auvergne-Rh\u00f4ne-AlpesPr\u00e9f\u00e8te de la zone de d\u00e9fense et de s\u00e9curit\u00e9 Sud EstPr\u00e9f\u00e8te du Rh\u00f4neCommandeur de la L\u00e9gion d'honneur,Commandeur de l'Ordre national du m\u00e9rite\nVu la Constitution, et notamment son pr\u00e9ambule ;Vu le code g\u00e9n\u00e9ral des collectivit\u00e9s territoriales, notamment le 4\u00b0\" alin\u00e9a de l'article L. 2215-1pr\u00e9cisant les circonstances de d\u00e9clenchement de la proc\u00e9dure de r\u00e9quisition par le pr\u00e9fet;Vu le code de la sant\u00e9 publique, notamment les articles L. 1435-5, L. 4163-7, L. 6314-1 et suivants, R._ 4127-1 et suivants et R. 6315-1 et suivant et L. 5125-1-1A; 'Vu le d\u00e9cret n\u00b0 2004-374 du 29 avril 2004 modifi\u00e9 relatif aux pouvoirs des pr\u00e9fets, \u00e0 l'organisation et \u00e0l'action des services de l'Etat dans les r\u00e9gions et d\u00e9partements ;Vu le d\u00e9cret du 11 janvier 2023 portant nomination de la Pr\u00e9f\u00e8te de la r\u00e9gion Auvergne-Rh\u00f4ne-Alpes,Pr\u00e9f\u00e8te de la zone de d\u00e9fense et de s\u00e9curit\u00e9 Sud-Est, Pr\u00e9f\u00e8te du Rh\u00f4ne, Madame Fabienne Buccio ;Vu le communiqu\u00e9 de presse intersyndical du 3 septembre 2025, regroupant l'Union des syndicats depharmaciens d'officine (USPO), la F\u00e9d\u00e9ration des pharmaciens d'officine (FSPF), ainsi que l'Unionnationale des pharmaciens de France (UNPF), l'Union des groupements de pharmaciens d'officine(UGPDO), et Federgy la chambre syndicale des groupements et enseigne de pharmacies, appelant \u00e0la fermeturedes officines sur tout le territoire national la journ\u00e9e du 18 septembre 2025 ;Consid\u00e9rant que le 4\u00b0 de l'article L. 2215-1 du code g\u00e9n\u00e9ral des collectivit\u00e9s territoriales susvis\u00e9dispose \"En cas d'urgence, lorsque l'atteinte constat\u00e9e ou pr\u00e9visible au bon ordre, \u00e0 la salubrit\u00e9, \u00e0 latranquillit\u00e9 et \u00e0 la s\u00e9curit\u00e9 publiques l'exige et que les moyens dont dispose le pr\u00e9fet ne permettent plusde poursuivre les objectifs pour lesquels il d\u00e9tient des pouvoirs de police, celui-ci peut, par arr\u00eat\u00e9motiv\u00e9, pour toutes les communes du d\u00e9partement ou plusieurs ou une seule d'entre elles,r\u00e9quisitionner tout bien ou service, requ\u00e9rir toute personne n\u00e9cessaire au fonctionnement de ce serviceou \u00e0 l'usage de ce bien et prescrire toute mesure utile jusqu'\u00e0 ce que l'atteinte \u00e0 l'ordre public ait pris finou que les conditions de son maintien soient assur\u00e9es\" ;Consid\u00e9rant que la cessation d'activit\u00e9 de certaines officines de pharmacie le jeudi 18 septembre2025 remet en cause la continuit\u00e9 des soins et compromet, de ce fait, la sant\u00e9 publique d'une partiede la population du d\u00e9partement, que l'atteinte \u00e0 la salubrit\u00e9 publique est donc caract\u00e9ris\u00e9e ;Consid\u00e9rant par ailleurs le mouvement de gr\u00e8ve du service de garde et d'urgence des pharmacies encours depuis le 1\u00b0 juillet 2025 ;\n84_ARS_Agence R\u00e9gionale de Sant\u00e9 Auvergne-Rh\u00f4ne-Alpes - 69-2025-09-15-00012 - Arr\u00eat\u00e9 r\u00e9quisition pharmacies gr\u00e8ve 18 septembre\n2025 111\nConsid\u00e9rant que cette action s'inscrit dans une mobilisation tr\u00e8s large qui rassemble, outre les deuxsyndicats majoritaires des pharmaciens d'officine USPO et FSPF, l'Union nationale des pharmaciensde France, l'Union des groupements de pharmaciens d'officine et Federgy la chambre syndicale desgroupements et enseigne de pharmacies ; |Consid\u00e9rant qu'il n'est pas possible de garantir qu'au moins une pharmacie sur le(s) secteur(s) degarde du d\u00e9partement sera ouverte durant la journ\u00e9e du 18 septembre 2025 afin que la continuit\u00e9des soins soit assur\u00e9e sur le territoire, et par voie de cons\u00e9quence le risque sanitaire pour lespatients ; |Consid\u00e9rant l'impossibilit\u00e9 pour l'administration de faire face au risque pour la sant\u00e9 publique enutilisant d'autres moyens ;Consid\u00e9rant l'imp\u00e9rieuse n\u00e9cessit\u00e9 d'assurer la protection de la sant\u00e9 publique et la continuit\u00e9 decette mission de service public ainsi que l'existence d'une situation d'urgence ;Sur proposition de la directrice g\u00e9n\u00e9rale de l'agence r\u00e9gionale de sant\u00e9 Auvergne-Rh\u00f4ne-Alpes,\nARRETEArticle 1\u00b0: Les officines de pharmacie et les pharmaciens figurant sur la liste en annexe sontr\u00e9quisitionn\u00e9s pour proc\u00e9der \u00e0 l'ouverture de leur officine sur la journ\u00e9e du 18 septembre 2025 etmettre en \u0153uvre tous les moyens mat\u00e9riels et humains n\u00e9cessaires \u00e0 assurer la prise en charge despatients, sur la p\u00e9riode horaire habituellement pratiqu\u00e9e par la pharmacie.Article 2 : A d\u00e9faut d'ex\u00e9cution du pr\u00e9sent arr\u00eat\u00e9, les pharmaciens s'exposent aux sanctions p\u00e9naleset administratives pr\u00e9vues par les textes : |- en cas d'inex\u00e9cution volontaire par la personne requise des obligations qui lui incombent enapplication de l'arr\u00eat\u00e9 \u00e9dict\u00e9 par le pr\u00e9fet, le pr\u00e9sident du tribunal administratif ou le magistrat qu'ild\u00e9l\u00e8gue peut, sur demande de l'autorit\u00e9 requ\u00e9rante, prononcer une astreinte dans les conditions_ pr\u00e9vues aux articles L. 911-6 \u00e0 L. 911-8 du code dejustice administrative ;- le refus d'ex\u00e9cuter les mesures prescrites par l'autorit\u00e9 requ\u00e9rante constitue un d\u00e9lit qui est puni desix mois d'emprisonnement et de 10 000 euros d'amende.Article 3 : Le pr\u00e9sent arr\u00eat\u00e9 peut faire l'objet, dans un d\u00e9lai de deux mois \u00e0 compter de date denotification \u00e0 l'int\u00e9ress\u00e9 et de sa publication pour les tiers, d'un recours contentieux aupr\u00e8s du. tribunal administratif territorialement comp\u00e9tent, pouvant \u00eatre introduit par l'applicationinformatique ''T\u00e9l\u00e9recours citoyens\" sur le site internet www.telerecours.fr.Article 4 : La Pr\u00e9f\u00e8te de la r\u00e9gion Auvergne-Rh\u00f4ne-Alpes, Pr\u00e9f\u00e8te de la zone de d\u00e9fense et de s\u00e9curit\u00e9Sud-Est, Pr\u00e9f\u00e8te du Rh\u00f4ne et la directrice g\u00e9n\u00e9rale de l'agence r\u00e9gionale de sant\u00e9 Auvergne-Rh\u00f4ne-Alpes sont charg\u00e9es, chacune en ce qui la concerne, de l'ex\u00e9cution du pr\u00e9sent arr\u00eat\u00e9.\nFait \u00e0 Lyon, le 15 septembre 2025\nLe pr\u00e9f u\u00e9pour la d\u00e9f\u00e9nse et/la s\u00e9curit\u00e9Antoine GUERIN\n84_ARS_Agence R\u00e9gionale de Sant\u00e9 Auvergne-Rh\u00f4ne-Alpes - 69-2025-09-15-00012 - Arr\u00eat\u00e9 r\u00e9quisition pharmacies gr\u00e8ve 18 septembre\n2025 112\nadoing,|SIU991S-9}Iu9q|YsINYNOS|43IN4NOUIE[Y|21NMepJeuu0g1S-JU91NE791971WVANW1S3l4d1S|00869NIV1VIYN3H304'9WVANnWsewed1S-JSalid1S8TOT69LAVHTRHBUNEN5-NOAENaNILYVWLS|058692AN9N92e]d'TZVNYAG2peuueuyg|SSDOSUBLOULWE5-AQU\"\"JueuJOW-1souodeu\naUNSHU)LOTIIND2UEW-U22f1HHYIS11HNOA|0\u20ac\u00a369AVNUJASINOTANY'TT-6|SH39H1ASap21euHEUd-SIeU3119-S9TOT69.anbijqnday|JeUOLILIVYSXNJISSINAA|00269e|apenuany'GJGVLSNG2neunHeud|SUOJJS-XNBISSIUSA\u00ffTOT69NILNI1VA3HDO%:apeJ1H-ulyuo]-seuuadseyy'WAINSGNVYV)DV110N3AVdWW-INNVEYNATIHA|O0T69GV6Tlewgnpany'ge|.SHANGSapadewseyd~9uUueqINa||IATTOT69ayoue|gaduesy3YYILINNOSG~SUUEQINA|[IA-JEYIUO/|9j0sJe)134434INNVEYNATIA|O0T69|10]S]0]SUNOD'SIG9\u00ffT21euHEeud_-2HAIIIA27OTOT692107HOGLNOW|au8edueu)GNVAV.LNGMANVHdILS3939\"W|.NVINOVAWVHI|OT\u00ff69NYSSINVTANN3AY'9Sop21euIEUd6HN1193S600169'.|JUIN~disyej|duoyy|JUSAeUIINOWOUEWAdYVHD8NOAT|80069|S14341SICINNIAV'OTT_9p21NEUHJEUX-puejia5-28U0A]80016999U9INe7|LYUVALNOAI1094199anuany'TEIGINNpe1euJeud21900|jIN9UOAT/00169\nJ181)\nHeq|VVLOAVH|JYIND13341N1V9|00\u20ac69julesapanyapuesyd'//1181)3S9pNewey,XNal[[IH-s4IN|E>900T69sonpanbyuISSe1-\u00c2049]S-2120eINNualinfNOSIVNIVTGNOA1|S0069SONGANDVSAGANY'EtSop212EuJEUd21-35UOA]SOOT692SSNOY-XI0J7)noeaUIP|2199AYVINvNOA1|700692]appuenginog'EOQTS019npsINPWJeUdassnoyXI017UOA]\u00ffO0T69PIONsIeuu0A7IAANND4110131AIHVMN|08269JIMIVWV13Q39V1d'ZvAdseWapajseueydJS9NOpue19T00069\n-\ne1sod|SOJIeINJILaunuwuo)|apoyassoupyBIDCWIeUdWONJn2129S\"Gzoc21queidesginpseusnofejinod4454e|Jed1jqe39s2u981n,pJoapie'apjauuolsinsidnes|qe]ajINSNAgIdanbJa}aDuaZIN,p18apes2pBdIAJasa]JouNsseiNodsoouuonisinbsiquosInb'sa3siA918seiejoapJOSassaslejnjIysualDewWeYdsa]JUOp'saiseuieudsapajsi|e|asIDaidsnossap-19Neajqel27]SOU1240352/91d93211e,]eIXINNV\n84_ARS_Agence R\u00e9gionale de Sant\u00e9 Auvergne-Rh\u00f4ne-Alpes - 69-2025-09-15-00012 - Arr\u00eat\u00e9 r\u00e9quisition pharmacies gr\u00e8ve 18 septembre\n2025 113\nSNI34\nJUSIUIAJS-2JIIAE]S4NOD91121)TAWISVWH3IINNIW31JGLNJDNIALS|OVZ69a[e1}u27ansZTAWISVWYSINNAWS1-Aziy-sinda|dwyO\u20acOT69|SBU!]-9219[9NoIUIEN134VdSYNHVY|00\u00ff69|NIINOM3HdNGANY'OSESYNHv,Q212eueud:SUJUEJJOIIIA9ZOT69SANJHOAusenjesapJno]&7-\"dElINIHd130S30WX2439AYIOAIYALNVH|OT969114101NGADV1dS|SGNVYDS1Qe9ewWIeYd|Bald1S-2[S9141Y,]STOT69YILLLOULNOWAusenjesapsno]e1-'dEl2140993N943/V1HAILLOHLNOW|0//69JIVYLNADANY094gaseweyd|saldS-a|Sasquy,|SZOT69Aeuss]|-SUOINW-Aeuuodeu]21ne73NO4V1AVNYAL|09\u00a369ANOVSSVHI4G3N48\u00a3AVNYH119pe1euJeud-Se4...109\u00a3ZOT69ANONOSOHVM1WVH1S3YNSXNOTIIVD|02269XNa|JIEONBP204'TET.|XNOTIIVDJG212euueud|-auIe]U04-280009ZZOT69auiqesANOVLNOWuosIeUJ9A-ASIIINLNADNIASIYVINANNVAVHAI109ANOVLNOW|00/69p4seyegnp91n01TG9P91euIEUd-AUBIO-SIOAIDTTOT69\n84_ARS_Agence R\u00e9gionale de Sant\u00e9 Auvergne-Rh\u00f4ne-Alpes - 69-2025-09-15-00012 - Arr\u00eat\u00e9 r\u00e9quisition pharmacies gr\u00e8ve 18 septembre\n2025 114","date":"2025-09-19","first_seen_on":"2025-09-19T14:36:25+00:00","id":"de2ac4b26efd199e6457abcff59dd040480a9e8ecab1ee6afb0e7c34f75e59e6","name":"RAA_69-2025-237-190925","pdf_creation_date":"2025-09-19T14:05:52+00:00","pdf_modification_date":"2025-09-19T15:06:26+00:00","timezone":"Europe/Paris","url":"https://www.rhone.gouv.fr/contenu/telechargement/65538/441987/file/RAA_69-2025-237-190925.pdf"}
