{"administration":"pref72","administration_name":"Pr\u00e9fecture de la Sarthe","content":"SARTHE\nRECUEIL DES ACTES\nADMINISTRATIFS\nN\u00b0121 DU 14 08 2024 \nPUBLI\u00c9 LE 14 AO\u00dbT 2024\nSommaire\n72----00002 - Arr\u00eat\u00e9 modificatif CDAPH Ass trisomie 21 et SOSAN le 12\naout 2024 prefecture (2 pages) Page 3\nPr\u00e9fecture de la Sarthe / DCL\n72-2024-08-08-00001 - AP autorisant la Cr\u00e9ation et l'utilisation d'une\nplate-forme temporaire du 16 au 27 ao\u00fbt 2024 pour   ULM \u00e0\nMareil-sur-Loir  (4 pages) Page 6\n2\n72----00002\nArr\u00eat\u00e9 modificatif CDAPH Ass trisomie 21 et\nSOSAN le 12 aout 2024 prefecture\n - 72----00002 - Arr\u00eat\u00e9 modificatif CDAPH Ass trisomie 21 et SOSAN le 12 aout 2024 prefecture 3\n\u2014Libert\u00e9 - ['\u00cegafllo' - Fraternit\u00e9REPUBLIQUE FRANCAISE\n                                                         \n \n \n \nPREFECTURE DE LA SARTHE  LE DEPARTEMENT \n \nDirection D\u00e9partementale  \nde l'emploi du travail et des solidarit\u00e9s \n19 boulevard Paixhans \n72019 LE MANS CEDEX 2 \n  \nDirection g\u00e9n\u00e9rale adjointe des Solidarit\u00e9s \nSarthe Autonomie \n2 rue des Maillets \n72072 Le Mans cedex 9 \n \n \nN\u00b0 (arr\u00eat\u00e9 Pr\u00e9fecture) :       DCPPAT 2024-2024 du   12 AOUT 2024 \n \nN\u00b0 (arr\u00eat\u00e9 D\u00e9partement) :          24/4944      du   12 AOUT 2024 \n \n \nObjet :  Arr\u00eat\u00e9 portant modification  de la composition de  la Commission des Droits et de \nl'Autonomie des Personnes handicap\u00e9es (C.D.A.P.H) du d\u00e9partement de la Sarthe \n \n___________________________________________________________________________________ \n \nLE PREFET DE LA SARTHE, \nLE PRESIDENT DU CONSEIL D\u00c9PARTEMENTAL, \n \nVu le Code de l'Action sociale et des Familles , notamment ses articles L.146 -9 et L.241 -5 \u00e0  \nL.245-11 et son article R.241-24 ; \n \nVu le Code de la s\u00e9curit\u00e9 sociale ; \n \nVu le Code du Travail ; \n \nVu la loi n\u00b0 2000-321 du 12 avril 2000 relative aux droits des citoyens dans leurs relations avec \nl'administration ; \n \nVu le d\u00e9cret n\u00b0  2005-1589 du 19 d\u00e9cembre 2005, relatif \u00e0 la commission des droits et de \nl'autonomie des personnes handicap\u00e9es et modifiant le Code de l'action sociale et des familles ; \n \nVu le courriel de  l'Association SOSAN (ex-Association d'Hygi\u00e8ne Sociale de la Sarthe  \u2013 AHSS) du \n22 avril 2023 ; \n \nVu le courriel de l'association Trisomie 21 Sarthe du 15 mai 2024 ; \n \nVu l'arr\u00eat\u00e9 pr\u00e9fectoral n\u00b0 DCPPAT 2023-25 du 8 d\u00e9cembre 2023 ; \n \nVu l'arr\u00eat\u00e9 du D\u00e9partement n\u00b023/8298 du 8 d\u00e9cembre 2023 ; \n \nVu l'arr\u00eat\u00e9 conjoint num\u00e9ro 23/8298 du 08 d\u00e9cembre 2023  portant composition de la \ncommission des droits et de l'autonomie des personnes handicap\u00e9es du D\u00e9partement de la Sarthe ; \n \nVu les propositions recueillies par M onsieur le Pr\u00e9fet de la Sarthe et par Monsieur  le Pr\u00e9sident \ndu Conseil d\u00e9partemental de la Sarthe ;  \n \n - 72----00002 - Arr\u00eat\u00e9 modificatif CDAPH Ass trisomie 21 et SOSAN le 12 aout 2024 prefecture 4\nSur proposition conjointe de M onsieur le Secr\u00e9taire G\u00e9n\u00e9ral de la Pr\u00e9fecture et de  Monsieur le \nDirecteur G\u00e9n\u00e9ral des Services du D\u00e9partement ; \n \nA R R E T E N T \n \n \nArticle 1er : Les alin\u00e9as 6 et 8 de l'article 1er de l'arr\u00eat\u00e9 conjoint du 08 d\u00e9cembre 2023 sont \nmodifi\u00e9s comme suit : \n \n6 - Sept repr\u00e9sentants des associations de personnes handicap\u00e9es et de leurs familles propos\u00e9es par le \nDirecteur d\u00e9partemental charg\u00e9 de la Coh\u00e9sion Sociale (D.D.E.T.S) : \n \n \nMme Eliane BACHELIER (Avenir Dysphasie) Titulaire \nMme Marie-Joseph PINAUD (APEI Sabl\u00e9-Solesmes) Suppl\u00e9ante \nMme Paulette CORBIN (Trisomie 21 Sarthe) remplac\u00e9e par M. Fr\u00e9d\u00e9ric Wilfried REID Suppl\u00e9ante \nM. Patrice OLIVIER (APEI Sabl\u00e9-Solesmes) Suppl\u00e9ant \n \n \n8 - Deux repr\u00e9sentants des organismes gestionnaires d'\u00e9tablissements ou de services pour personnes \nhandicap\u00e9es dont un sur proposition du Directeur d\u00e9partemental de la Coh\u00e9sion sociale et un du Pr\u00e9sident \ndu Conseil d\u00e9partemental : \n \nTitulaire :  \nM. Jean-Yves LAFFONT de l'Association SOSAN (ex-Association d'Hygi\u00e8ne Sociale de la Sarthe \u2013 AHSS) \nremplac\u00e9 par M. Nicolas MASO, Directeur G\u00e9n\u00e9ral de l'Association SOSAN (ex-Association d'Hygi\u00e8ne \nSociale de la Sarthe \u2013 AHSS) \n \nArticle 2 : Les autres articles de l'arr\u00eat\u00e9 du 8 d\u00e9cembre 2023 demeurent inchang\u00e9s. \n \nArticle 3 : Monsieur le Secr\u00e9taire G\u00e9n\u00e9ral de la Pr\u00e9fecture de la Sarthe, Monsieur le Directeur \ng\u00e9n\u00e9ral des services du D\u00e9partement sont charg\u00e9s, chacun en ce qui les concerne, de l'ex\u00e9cution du \npr\u00e9sent arr\u00eat\u00e9 qui sera publi\u00e9 au recueil des actes administratifs de la Pr\u00e9fecture et sur le site internet du \nD\u00e9partement. \n \n \n \n \nPour Le Pr\u00e9fet,            Le Pr\u00e9sident du Conseil d\u00e9partemental, \n \n \n \nSIGNE    SIGNE \n \n \n                Emmanuel AUBRY                                                                              Dominique LE M\u00c8NER \n \n \n - 72----00002 - Arr\u00eat\u00e9 modificatif CDAPH Ass trisomie 21 et SOSAN le 12 aout 2024 prefecture 5\nPr\u00e9fecture de la Sarthe\n72-2024-08-08-00001\nAP autorisant la Cr\u00e9ation et l'utilisation d'une\nplate-forme temporaire du 16 au 27 ao\u00fbt 2024\npour   ULM \u00e0 Mareil-sur-Loir \nPr\u00e9fecture de la Sarthe - 72-2024-08-08-00001 - AP autorisant la Cr\u00e9ation et l'utilisation d'une plate-forme temporaire du 16 au 27 ao\u00fbt\n2024 pour   ULM \u00e0 Mareil-sur-Loir 6\nPREFETDE LA SARTHELibert\u00e9Egalit\u00e9Fraternit\u00e9\n1\nDIRECTION DE LA CITOYENNET\u00c9 ET DE LA\nL\u00c9GALIT\u00c9\nBureau de la r\u00e9glementation g\u00e9n\u00e9rale et des\n\u00e9lections\nARR\u00caT\u00c9 DU  08 AO\u00dbT 2024\nautorisant la cr\u00e9ation et l'utilisation d'une plateforme temporaire du 16 au 27 ao\u00fbt 2024 pour ULM \n\u00e0 Mareil-sur-Loir  \u2013 lieu-dit \u00ab Les Naufettes\u00bb  \nLe Pr\u00e9fet de la Sarthe\nChevalier de la L\u00e9gion d'honneur\nChevalier de l'Ordre national du M\u00e9rite\nVu le code des transports et notamment les articles R.6212-4 et R.6212-17 ;\nVu le code des douanes ;\nVu le r\u00e8glement d'ex\u00e9cution (UE) n\u00b0 923/2012 de la commission du 26 septembre 2012 modifi\u00e9,\n\u00e9tablissant les r\u00e8gles de l'air communes et des dispositions op\u00e9rationnelles relatives aux services et\nproc\u00e9dures de navigation a\u00e9rienne et modifiant le r\u00e8glement d'ex\u00e9cution (UE) no 1035/2011, ainsi que\nles r\u00e8glements (CE) n\u00b0 1265/2007, (CE) n\u00b0 1794/2006, (CE) n\u00b0730/2006, (CE) n\u00b0 1033/2006 et (UE)\nn\u00b0 255/2010 ;\nVule d\u00e9cretdu15 f\u00e9vrier2022 nommant M.Emmanuel AUBRYpr\u00e9fetdela Sarthe prenantses fonctions\nle 6 mars 2022 ;\nVu le d\u00e9cret du 23 f\u00e9vrier 2021 nommant M. Eric ZABOURAEFF en qualit\u00e9 de secr\u00e9taire g\u00e9n\u00e9ral de la\npr\u00e9fecture de la Sarthe, prenant ses fonctions le 01 mars 2021 ;\nVu l'arr\u00eat\u00e9 du10 octobre 1957 relatif au survoldes agglom\u00e9rations et des rassemblements de personnes\net d'animaux ;\nVu l'arr\u00eat\u00e9 du 24 juillet 1991 modifi\u00e9 relatif aux conditions d'utilisation des a\u00e9ronefs civils en aviation\ng\u00e9n\u00e9rale ;\nVu l'arr\u00eat\u00e9 du 23 septembre 1998 modifi\u00e9 relatif aux a\u00e9ronefs ultral\u00e9gers motoris\u00e9s ;\nVu l'arr\u00eat\u00e9 interminist\u00e9riel du 13 mars 1986 fixant les condit ions dans lesquelles les a\u00e9rodynes\nultral\u00e9gers motoris\u00e9s, ou ULM, peuvent atterrir et d\u00e9coller ailleurs que sur un a\u00e9rodrome ; \nVu l'arr\u00eat\u00e9 interminist\u00e9riel du 11 d\u00e9cembre 2014 modifi\u00e9 par l'arr\u00eat\u00e9 du 9 ao\u00fbt 2016 relatif \u00e0 la mise en\n\u0153uvre du r\u00e8glement d'ex\u00e9cution (UE) n\u00b0 923/2012 ;\nVu l'arr\u00eat\u00e9 pr\u00e9fectoral du 17 juin 2024 n\u00b0 DCPPAT 2024-0148 portant d\u00e9l\u00e9gation de signature \u00e0 M. Eric\nZABOURAEFF, secr\u00e9taire g\u00e9n\u00e9ral de la pr\u00e9fecture de la Sarthe ;\nVu la demande pr\u00e9sent\u00e9e par M. Philippe GIRADEAU en vue d'obtenir la cr\u00e9ation et l'autorisation\nd'utiliser une plateforme U.L.M. temporaire \u00e0 Mareil-sur-Loir ;\nConsid\u00e9rant le dossier annex\u00e9 \u00e0 la demande et les pi\u00e8ces compl\u00e9mentaires re\u00e7ues,\nConsid\u00e9rant les avis favorables du d\u00e9l\u00e9gu\u00e9 de la direction de la s\u00e9curit\u00e9de l'aviation civile ouest pour\nles Pays de la Loire, de la directrice zonale adjointe de la police nationale par int\u00e9rim charg\u00e9e de la\npolice aux fronti\u00e8res de la zone ouest, de la direction de la s\u00e9curit\u00e9 a\u00e9ronautique d'Etat du minist\u00e8re\ndes arm\u00e9es et du service des douanes (division d'Angers)  ;\nPr\u00e9fecture de la Sarthe - 72-2024-08-08-00001 - AP autorisant la Cr\u00e9ation et l'utilisation d'une plate-forme temporaire du 16 au 27 ao\u00fbt\n2024 pour   ULM \u00e0 Mareil-sur-Loir 7\n2\nConsid\u00e9rant l'avis favorable  du maire de Mareil-sur-Loir ;\nSur proposition du secr\u00e9taire g\u00e9n\u00e9ral de la pr\u00e9fecture,\nArr\u00eate : \nArticle 1  er   : M. Philippe GIRARDEAU, sise 28 bis, rue du Boir \u00e0 La Fl\u00e8che (72200) est autoris\u00e9 \u00e0 cr\u00e9er et \u00e0\nutiliser la plate-forme pour U.L.M temporaire, du 16 au 27 ao\u00fbt 2024 pendant la p\u00e9riode du Comice\nAgricole,situ\u00e9e\u00e0 Marreil-sur-Loir,lieu-dit\u00ab Les Naufettes \u00bbsur les parcelles cadastr\u00e9esZK73, ZK 74ZK76,\nZK77, ZK78 et ZK79.\nLa pr\u00e9sente autorisation est d\u00e9livr\u00e9e sous r\u00e9serve dustrict respect des conditions d\u00e9finies par les textes\nsusvis\u00e9s ainsi que des prescriptions particuli\u00e8res pr\u00e9cis\u00e9es aux articles suivants.\nArticle 2  \n   : Usage de la plateforme\nLa plateforme sera utilis\u00e9e pour r\u00e9aliser des vols  avec emport de passagers (bapt\u00eames de l'air). \nToute activit\u00e9 autre que celle susmentionn\u00e9e est strictement interdite \u00e0 l'exception des interventions\nconduites par :\n- les agents de l'aviation civile\n- les agents appartenant aux services charg\u00e9s du contr\u00f4le aux fronti\u00e8res, \n- les agents des douanes,\n- les agents de la force publique,\n- les services de secours.\nCes agents auront libre acc\u00e8s \u00e0 tout moment \u00e0 la plate-forme ; toutes facilit\u00e9s leur seront r\u00e9serv\u00e9es\npour l'accomplissement de leur t\u00e2che.\nArticle 3\n : Conditions d'exploitation\nLa plate-forme sera exploit\u00e9e sous la pleine responsabilit\u00e9 des pilotes commandants de bord, \u00e0 qui il\nappartiendra de v\u00e9rifier eux-m\u00eames l'ad\u00e9quation de ses caract\u00e9ristiques et de son environnement\n(notamment ses d\u00e9gagements) aux a\u00e9ronefs utilis\u00e9s, ainsi que la s\u00e9curit\u00e9 des op\u00e9rations envisag\u00e9es\npour les personnes transport\u00e9es, pour eux m\u00eames, pour les biens et pour les personnes au sol.\nLa plate-forme devra \u00eatre utilis\u00e9e dans le respect des conditions fix\u00e9es par la r\u00e9glementation de la\ncirculation a\u00e9rienne et par celle relative \u00e0 l'utilisation des a\u00e9ronefs civils en aviation g\u00e9n\u00e9rale.\nLe pilote devra respecter la r\u00e9glementation en mati\u00e8re de transport a\u00e9rien.\nArticle 4     :    Caract\u00e9ristiques de la plateforme \nSon implantation sera conforme au dossier d\u00e9pos\u00e9 et au plan des lieux annex\u00e9.\nposition g\u00e9ographique (WGS84) : 47\u00b042'34.00''N  000\u00b000'29.00\" E\ndimension utilisable au sol : piste de 400 X 20 m\naltitude AMSL : 33m\norientation:10/28\nArticle 5     :    Insertion de la plate-forme dans l'espace a\u00e9rien environnant\n- Situation vis-\u00e0-vis des a\u00e9rodromes et des plates-formes voisins :\n\u00e0 2 km (1,08Nm) dans le 022\u00b0 de l'a\u00e9rodrome VFR de La Fl\u00e8che \u2013 Thor\u00e9e-les-Pins  (LFAL)\n\u00e0 27,16 km (14,67Nm) dans le 286\u00b0 de l'a\u00e9rodrome priv\u00e9 de la Bru\u00e8re-sur-Loir\n\u00e0 29,17 km (15,75Nm) dans le 055\u00b0 de l'a\u00e9rodrome IFR d'Angers-Loire (LFJR) \n\u00e0 30,27 km (16,34Nm) dans le 209\u00b0 de l'a\u00e9rodrome IFR de Le Mans-Arnage (LFRM)\n- Situation vis-\u00e0-vis des espaces a\u00e9riens :\nSitu\u00e9e dans le SIV 2.1 Nantes, fr\u00e9quence Nantes information : 130.275MHz\nPr\u00e9fecture de la Sarthe - 72-2024-08-08-00001 - AP autorisant la Cr\u00e9ation et l'utilisation d'une plate-forme temporaire du 16 au 27 ao\u00fbt\n2024 pour   ULM \u00e0 Mareil-sur-Loir 8\n3\n\u00c0 noter la proximit\u00e9 du terrain de la Fl\u00e8che et le circuit ventarri\u00e8re 08 qui se trouve au nord\ndes installations. \nLe pilote devra \u00eatre vigilant pendant ses vols et se signalersur la fr\u00e9quence de la Fl\u00e8che 123,500MHz et\nsi possible veiller la fr\u00e9quence de la Fl\u00e8che.\nArticle  6 : Mesures relatives \u00e0 la circulation a\u00e9rienne militaire\nEn cas d'interf\u00e9rence, (concomitance de lieu, de temps et d'altitude) avec une activit\u00e9 du minist\u00e8re des Arm\u00e9es ou\nfaisant l'objet d'un NOTAM ou d'un SUPAIP (www.sia.aviation-civile.gouv.fr), la mise en vol de l'a\u00e9ronef devra \u00eatre\nsuspendue sauf accord particulier des autorit\u00e9s militaires comp\u00e9tentes.\nArticle 7     : Consignes de prudence et recommandations \nL'atterrissage et d\u00e9collage ne pourront \u00eatre entrepris qu'au moyen d'un a\u00e9ronef dont les limitations de\nperformances correspondent aux caract\u00e9ristiques de l'aire d'atterrissage et des obstacles alentours. \nL'\u00e9tat de surface de la plate-forme devra \u00eatre compatible avec la pratique de l'ULM.\nDurant les p\u00e9riodes d'utilisation de cette plate-forme, les acc\u00e8s y menant devront syst\u00e9matiquement\npermettre l'arriv\u00e9e et l'intervention des secours.\nLe pilote devra veiller \u00e0 ne pas cr\u00e9er de nuisances susceptibles de nuire aux animaux qui se trouveraient\ndans les champs avoisinants.\nLes envols en direction des b\u00e2timents, des habitations,desrassemblements de personnes etd'animaux,\ndu comice agricole ainsi que des parkings automobiles cr\u00e9\u00e9s pour l'occasion ne seront pas autoris\u00e9s.\nLe parking automobile n\u00b0 6, situ\u00e9 sous les axes de d\u00e9collage et d'atterrissage, ne devra pas \u00eatre mise en\n\u0153uvre afin d'\u00e9viter tout survol d'un rassemblement de personnes.\nLe circuit de piste devra \u00eatre r\u00e9alis\u00e9 vers le sud et devra \u00e9viter le survol d'agglom\u00e9ration, du comice, des\nparkings ainsi que de la zone d'embarquement des passagers.\nEn dehors des moments o\u00f9 l'ULM sera stationn\u00e9, moteur \u00e9teint, aucune personne ne devra se trouver\ndans la zone d'embarquement, ni sur la plate-forme ULM, ni au-del\u00e0 des barri\u00e8res ou cl\u00f4tures c\u00f4t\u00e9\nplate-forme. \nArticle 8  \n   : Dispositif de s\u00e9curit\u00e9 au sol\nSeuls seront autoris\u00e9s \u00e0 p\u00e9n\u00e9trer sur les aires d'envol, le pilote ainsi que les passagers embarquant ou\nd\u00e9barquant du vol en question.\nLes passagers en attente ainsi que l'\u00e9ventuel public seront maintenus \u00e0 l'\u00e9cart, en dehors de la\nplateforme.\nAucun v\u00e9hicule \u00e0 l'exception des v\u00e9hicules de l'\u00e9quipe technique ne sera admis \u00e0 p\u00e9n\u00e9trer sur la plate-\nforme.\nLes dimensions et l'organisation des zones de stationnement devront garantir en permanence l'espace\nsuffisant aux man\u0153uvres des v\u00e9hicules de secours. \nArticle 9  \n   : Signalisation de la plateforme  \nCette plateforme et ses abords imm\u00e9diats \u00e9tant accessiblesau public, une signalisation adapt\u00e9e devra\n\u00eatre mise en place pendant les p\u00e9riodes d'utilisation afin d'en signaler le danger et l'interdiction\nd'acc\u00e8s.\nDes panneaux routiers r\u00e9glementaires (temporaires) devront \u00eatre positionn\u00e9s sur les axes routiers\nentourant la plate-forme, conform\u00e9ment aux prescriptions des services sp\u00e9cialis\u00e9s.\nPr\u00e9fecture de la Sarthe - 72-2024-08-08-00001 - AP autorisant la Cr\u00e9ation et l'utilisation d'une plate-forme temporaire du 16 au 27 ao\u00fbt\n2024 pour   ULM \u00e0 Mareil-sur-Loir 9\n4\nArticle10     : Responsabilit\u00e9s et assurances\nL'utilisation de la plateforme est plac\u00e9e sous la pleine responsabilit\u00e9 du d\u00e9tenteur de la pr\u00e9sente\nautorisation \u00e0 qui il appartiendra de v\u00e9rifier l'ad\u00e9quation des caract\u00e9ristiques de la plateforme et de\nson environnement (notamment ses d\u00e9gagements) aux a\u00e9ronefs utilis\u00e9s, ainsi que la s\u00e9curit\u00e9 des\nop\u00e9rations envisag\u00e9es pour les personnes transport\u00e9es, pour eux-m\u00eames, pour les biens et pour les\npersonnes au sol.\nIl lui appartient de veiller au respect des r\u00e8gles applicables en mati\u00e8re de s\u00e9curit\u00e9, y compris sanitaire,\ndes passagers en vol et au sol ainsi qu'\u00e0 l'\u00e9ventuel public.\nIl est tenu de contracter une assurance couvrant sa responsabilit\u00e9, tant \u00e0 l'\u00e9gard des passagers\ntransport\u00e9s qu'\u00e0 l'\u00e9gard des tiers, et d\u00e9gageant la responsabilit\u00e9 de l'\u00c9tat, des collectivit\u00e9s locales ou\nterritoriales.\nArticle 11  \n   : Tout incident ou accident devra \u00eatre imm\u00e9diatement signal\u00e9\u00e0 la direction zonale de la\npolice aux fronti\u00e8res (02 90 09 83 10) et \u00e0 la d\u00e9l\u00e9gation r\u00e9gionale de la direction de la s\u00e9curit\u00e9 de\nl'aviation civile ouest (06 45 92 77 83 / 06 88 72 39 38 HNO) ainsi qu'aux autorit\u00e9s locales.\nArticle 12     :   Le secr\u00e9taire g\u00e9n\u00e9ral de la pr\u00e9fecture,la sous-pr\u00e9f\u00e8te de la Fl\u00e8che, le d\u00e9l\u00e9gu\u00e9de la direction\nde la s\u00e9curit\u00e9 de l'aviation civile ouest pour les Pays de la Loire, la directrice zonale adjointe de la police\nnationale par int\u00e9rim, charg\u00e9e de la police aux fronti\u00e8res de la zone ouest, le commandant de la\ndirection de la s\u00e9curit\u00e9 a\u00e9ronautique d'\u00c9tat du minist\u00e8re des Arm\u00e9es, le maire de Mareil-sur-loir sont\ncharg\u00e9s, chacun en ce qui le concerne, de l'ex\u00e9cution du pr\u00e9sent arr\u00eat\u00e9, dont une copie leur sera\nadress\u00e9e ainsi qu'au d\u00e9tenteur de la pr\u00e9sente autorisation. Cet arr\u00eat\u00e9 sera publi\u00e9 au recueil des actes\nadministratifs.\nPour le pr\u00e9fet  \nle Secr\u00e9taire G\u00e9n\u00e9ral\nSign\u00e9  Eric ZABOURAEFF\nLa pr\u00e9sente d\u00e9cision est susceptible de recours gracieux aupr\u00e8s du Pr\u00e9fet de la Sarthe (place Aristide\nBriand \u2013 72041 Le Mans cedex 9), de recours hi\u00e9rarchique aupr\u00e8s du ministre de l'int\u00e9rieur (Place\nBeauvau \u2013 75800 Paris cedex 08), ou de recours contentieux devant le Tribunal Administratif de Nantes\n(6, all\u00e9e de l'Ile Gloriette \u2013 BP24111 \u2013 44041\nPr\u00e9fecture de la Sarthe - 72-2024-08-08-00001 - AP autorisant la Cr\u00e9ation et l'utilisation d'une plate-forme temporaire du 16 au 27 ao\u00fbt\n2024 pour   ULM \u00e0 Mareil-sur-Loir 10","date":"2024-08-14","first_seen_on":"2025-08-31T00:48:17+00:00","id":"debdee7b99d2b0828eb973ecaf4909640d88015446a1e92bd3b94dede0f30866","name":"RAA n\u00b0125 du 13 ao\u00fbt 2024","pdf_creation_date":"2024-08-14T13:59:53+00:00","pdf_modification_date":null,"timezone":"Europe/Paris","url":"https://www.sarthe.gouv.fr/contenu/telechargement/22055/139461/file/recueil-121-du-14-08-2024-recueil-des-actes-administratifs.pdf"}
