{"administration":"pref92","administration_name":"Pr\u00e9fecture des Hauts-de-Seine","content":"Ex\nPREFET\nDES  HAUTS-DE-SEINE\nLibert\u00e9\nEgalit\u00e9\nFraternit\u00e9 1  \n \n \n \n \nRECUEIL  \n  \nDES  \n \nACTES ADMINISTRATIFS  \n \nPREFECTURE DE POLICE  \n \nCabinet du pr\u00e9fet  \n \n \n \n \n \n \n \n \n \nN\u00b0 Sp\u00e9cial  10 d\u00e9cembre  2024  \n\n 2  \nPREFET DES HAUTS -DE-SEINE  \n \nRECUEIL DES ACTES ADMINISTRATIFS  \n \nN\u00b0 Sp \u00e9cial Pr\u00e9fecture de Police du 10 d\u00e9cembre  2024 \n \nSOMMAIRE  \n \nArr\u00eat\u00e9 s Date s PREFECTURE DE POLICE  Page s \nn\u00b0 2024 -\n2024T14927  21.08.2024  Arr\u00eat\u00e9 modifiant les arr\u00eat\u00e9s n\u00b0 2024T14261 du \n28 juin 2024 et n\u00b0 2024T14379 du 15 juillet 2024 \nportant modification des conditions de circulation \ndes v\u00e9hicules sur les voies d\u00e9finies par le d\u00e9cret \nn\u00b0 2022 -786 du 4 mai 2022 fixant la liste des \nvoies et portions de  voie r\u00e9serv\u00e9es \u00e0 certains \nv\u00e9hicules pour les jeux Olympiques et \nParalympiques de 2024  4 \nN\u00b02024 -\n24000075  10.09.2024  Arr\u00eat\u00e9 porta nt ouverture de deux concours externe \net interne sur titres compl\u00e9t\u00e9s d'une \u00e9preuve pour \nle recrutement d'adjoints techniques principaux de \n2e classe du corps des adjoints techniques du \nminist\u00e8re de l'int\u00e9rieur et des outre -mer pour les \nservices localis\u00e9s en r\u00e9gion \u00cele -de-France, \norganis\u00e9s au titre de l'ann\u00e9e 2024  7 \nn\u00b0 2024 -01346  11.09.2024  Arr\u00eat\u00e9 instituant un p\u00e9rim\u00e8tre de protection et \ndiff\u00e9rentes mesures de police \u00e0 l'occasion de la \n4\u00e8me journ\u00e9e du championnat de France de football \nde Ligue 1 au Parc des Princes le samedi \n14 septembre 2024  10 \nAnnexes \u00e0 l'arr\u00eat\u00e9 n\u00b02024 -01346 du 1 1 septembre 2024  15-16 \nn\u00b0 2024 -0134 7 11.09.2024  Arr\u00eat\u00e9 autorisant la captation, l'enregistrement et \nla transmission d'images au moyen  \nde cam\u00e9ras install\u00e9es sur des a\u00e9ronefs \u00e0 l'occasion \nde la 4\u00e8me journ\u00e9e du championnat de France de \nfootball de Ligue 1 au Parc des Princes le samedi \n14 septembre  2024  17 \nAnnexes \u00e0 l'arr\u00eat\u00e9 n\u00b02024 -01347 du 1 1 septembre 2024  20-21 \nn\u00b0 2024 -01432  27.09.2024  Arr\u00eat\u00e9 accordant d\u00e9l\u00e9gation de la signature \npr\u00e9fectorale  au sein de la direction des ressources \nhumaines  22 \n 3 n\u00b0 2024 -01537  18.10.2024  Arr\u00eat\u00e9 portant encadrement du d\u00e9placement de \nsupporters et instaurant un p\u00e9rim\u00e8tre comportant \ncertaines mesures de police \u00e0 l'occasion de la \nrencontre de football de Ligue 1 du samedi \n19 octobre 2024 entre les \u00e9quipes du Paris Saint -\nGermain et du Racing Club de Strasbourg Alsace \nau Parc des Princes  30 \nAnnexes \u00e0 l'arr\u00eat\u00e9 n\u00b02024 -01537 du 18 octobre  2024  35-36 \nn\u00b0 2024 -01633  08.11.2024  Arr\u00eat\u00e9 modifiant l'arr\u00eat\u00e9 n\u00b02024 -00143 du \n05 f\u00e9vrier 2024 fixant la liste annuelle d'aptitude \ndu personnel apte \u00e0 exercer dans le domaine de la \npr\u00e9vention contre les risques d'incendie et de \npanique \u00e0 Paris et dans les d\u00e9partements des \nHauts -de-Seine, de la Seine -Saint -Denis et du \nVal-de-Marne du 1er janvier au 31 d\u00e9cembre 2024  37 \nn\u00b0 2024 -01643  12.11.2024  Arr\u00eat\u00e9 accordant d\u00e9l\u00e9gation de la signature \npr\u00e9fectorale  au sein de la direction des finances, \nde la commande publique et de la performance  39 \nn\u00b0 2024 -01658  14.11.2024  Arr\u00eat\u00e9 accordant d\u00e9l\u00e9gation de la signature \npr\u00e9fectorale  au sein de la direction de \nl'innovation, de la logistique et des  technologies  47 \nn\u00b0 2024 -01674  16.11.2024  Arr\u00eat\u00e9 autorisant la captation, l'enregistrement et \nla transmission d'images au moyen de cam\u00e9ras \ninstall\u00e9es sur des a\u00e9ronefs \u00e0 l'occasion de \nmanifestations dans le d\u00e9partement des Hauts -de-\nSeine les 17 et 18 novembre 2024  67 \nAnnexe \u00e0 l'arr\u00eat\u00e9 n\u00b02024 -01674 du 16 novembre 2024 voies et d\u00e9lais de recours  70 \n| saa\nPREFECTURE  SP.)  Direction  des usagers\nDE POLICE  (CE / et des polices  administratives\nLibert\u00e9  = ;\n\u00c9galit\u00e9  =\nFraternit\u00e9\nArr\u00eat\u00e9  n\u00b0 2024714927\ndu 2 | ADUT 2024\nmodifiant  les arr\u00eat\u00e9s  n\u00b0 2024714261  du 28 juin  2024  et n\u00b0 2024114379  du 15 juillet\n2024  portant  modification  des conditions  de circulation  des v\u00e9hicules  sur les voies\nd\u00e9finies  par le d\u00e9cret  n\u00b0 2022-786  du 4 mai 2022  fixant  la liste  des voies  et portions\nde voie  r\u00e9serv\u00e9es  \u00e0 certains  v\u00e9hicules  pour  les jeux  Olympiques  et Paralympiques\nde 2024\nLe Pr\u00e9fet  de Police,\nVU le code  g\u00e9n\u00e9ral  des collectivit\u00e9s  territoriales  ;\nVU le code  de la route  ;\nVU le code  des  transports  ;\nVU le code  de la s\u00e9curit\u00e9  int\u00e9rieure  ;\nVU le code  de la voirie  routi\u00e8re  ;\nVU le code  de la sant\u00e9  publique  ;\nVU l'ordonnance  n\u00b0 2019-207  du 20 mars  2019  modifi\u00e9e  relative  aux voies\nr\u00e9serv\u00e9es  et \u00e0 la police  de la circulation  pour  les jeux  Olympiques  et\nParalympiques  de 2024,  notamment  ses articles  2 et 3;\nVU le d\u00e9cret  n\u00b0 2022-786  du 4 mai 2022  modifi\u00e9  fixant  la liste  des voies  et\nportions  de voies  r\u00e9serv\u00e9es  \u00e0 certains  v\u00e9hicules  pour  les jeux  Olympiques  et\nParalympiques  de 2024  ;\nVU le d\u00e9cret  n\u00b0 2022-191  du 16 f\u00e9vrier  2022  portant  application  de l'ordonnance\nn\u00b0 2019-207  du 20 mars  2019  et relatif  aux v\u00e9hicules  autoris\u00e9s  \u00e0 circuler  sur les\nvoies  et portions  de voies  r\u00e9serv\u00e9es  pour  les jeux  Olympiques  et Paralympiques\nde 2024;\n\nVU le d\u00e9cret  n\u00b0 2024-107  du 14 f\u00e9vrier  2024  relatif  aux comp\u00e9tences  du pr\u00e9fet\nde police  et \u00e0 celles  du pr\u00e9fet  de police  des Bouches-du-Rh\u00f4ne  pour  les jeux\nOlympiques  et Paralympiques  de 2024,  ainsi  qu'\u00e0  la comp\u00e9tence  territoriale  de\ncertaines  directions  de la pr\u00e9fecture  de police;\nVU le d\u00e9cret  du 20 juillet  2022  par lequel  M. Laurent  NUNEZ,  pr\u00e9fet,\ncoordonnateur  national  du renseignement  et de la lutte  contre  le terrorisme,\nest nomm\u00e9  pr\u00e9fet  de police  (hors  classe)  ;\nVU l'arr\u00eat\u00e9  du 3 juillet  1974  modifi\u00e9  relatif  aux avertisseurs  sonores  sp\u00e9ciaux\ndes v\u00e9hicules  \u00e9quip\u00e9s  des feux  sp\u00e9ciaux  de cat\u00e9gorie  B;\nVU l'arr\u00eat\u00e9  du 30 octobre  1987  modifi\u00e9  relatif  aux dispositifs  sp\u00e9ciaux  de\nsignalisation  des v\u00e9hicules  d'intervention  urgente  ;\nVU l'arr\u00eat\u00e9  pr\u00e9fectoral  n\u00b0 2024-00810  du 17 juin  2024  accordant  d\u00e9l\u00e9gation  de\nla signature  pr\u00e9fectorale  au sein  du cabinet  du pr\u00e9fet  de police  \u00e0 l'occasion\ndes Jeux  Olympiques  et Paralympiques  de 2024  ;\nVU l'arr\u00eat\u00e9  pr\u00e9fectoral  n\u00b0 2024714261  modifi\u00e9  du 28 juin  2024  portant\nmodification  des conditions  de circulation  des v\u00e9hicules  \u00e0 Paris  sur les voies\nd\u00e9finies  par le d\u00e9cret  n\u00b0 2022-786  du 4 mai 2022  fixant  la liste  des voies  et\nportions  de voie  r\u00e9serv\u00e9es  \u00e0 certains  v\u00e9hicules  pour  les jeux  Olympiques  et\nParalympiques  de 2024  ;\nVU l'arr\u00eat\u00e9  pr\u00e9fectoral  n\u00b0 2024114379  modifi\u00e9  du 15 juillet  2024  portant\nmodification  des conditions  de circulation  des v\u00e9hicules  dans  la r\u00e9gion\n\u00cele-de-France  sur les voies  d\u00e9finies  par le d\u00e9cret  n\u00b0 2022-786  du 4 mai 2022\nfixant  la liste  des voies  et portions  de voie  r\u00e9serv\u00e9es  \u00e0 certains  v\u00e9hicules  pour\nl\u00e9s jeux  Olympiques  et Paralympiques  de 2024  ;\nCONSIDERANT  la n\u00e9cessit\u00e9  de renforcer  les missions  de soins  m\u00e9dicaux  de\ncertains  v\u00e9hicules  de transports  sanitaires  terrestres  b\u00e9n\u00e9ficiant  de facilit\u00e9s  de\npassage  en application  de l'article  R.311-1  du code  de la route  qui concourent  a\nl'accomplissement  d'une  mission  d'int\u00e9r\u00eat  g\u00e9n\u00e9ral  sur le territoire  d' \u00cele-de-\nFrance  ;\nCONSIDERANT  que les transports  sanitaires  terrestres  assurant  un transfert  de\npatients  inter-h\u00f4pitaux  participent  de cette  mission  d'int\u00e9r\u00eat  g\u00e9n\u00e9ral  sur le\nterritoire  d'\u00cele-de-France  ;\nSUR  proposition  de la pr\u00e9f\u00e8te,  directrice  de cabinet  du pr\u00e9fet  de police  ;\n\nARRETE\nArticle  1\u00b0\":\nLe f) de l'article  2 de l'arr\u00eat\u00e9  n\u00b0 2024714261  du 28 juin 2024  susvis\u00e9  et de l'article\n2 de l'arr\u00eat\u00e9  n\u00b02024T14379  du 15 juillet  2024  susvis\u00e9  est compl\u00e9t\u00e9  par l'alin\u00e9a\nsuivant  :\n\u00ab- v\u00e9hicules  de transports  sanitaires  terrestres  assurant  le transfert  de patients\ninter-h\u00f4pitaux  et dot\u00e9s  d'une  signal\u00e9tique  sp\u00e9cifique  arr\u00eat\u00e9e  entre  la\nPr\u00e9fecture  de Police  et l'Assistance  Publique  des H\u00f4pitaux  de Paris.  \u00bb\nArticle  2 :\n'Le pr\u00e9fet  de Seine-et-Marne,  le pr\u00e9fet  des Yvelines,  le pr\u00e9fet  des Hauts-de-\nSeine,  le pr\u00e9fet  de Seine-Saint-Denis,  la pr\u00e9f\u00e8te  du Val-de-Marne,  le pr\u00e9fet  du\nVal d'Oise  et la pr\u00e9f\u00e8te,  directrice  de cabinet  du pr\u00e9fet  de police,  le directeur\nde la voirie  et des d\u00e9placements  et le directeur  de la police  municipale  et de la\npr\u00e9vention  de la Ville  de Paris  sont  charg\u00e9s,  chacun  en ce qui le concerne,  de\nl'ex\u00e9cution  du pr\u00e9sent  arr\u00eat\u00e9  qui sera  publi\u00e9  au recueil  des actes  administratifs\ndu d\u00e9partement  de Paris,  consultable  sur le site internet  de la pr\u00e9fecture  de\nPolice  (www.prefecturedepolice.interieur.gouv.fr),  sur le portail  des publications\nadministratives  de la Ville  de Paris,  et sur le recueil  des actes  administratifs  des\nprefectures  concern\u00e9es.\nFait  \u00e0 Paris,le  2 | ADIT  2024\n\\\n| LyLaurent  NUNEZ  if\n\nPREFECTURE  Gp Direction  des ressources  humaines\nDE POLICE  Sous-direction  des  personnels\neu  T Service  du recrutement\nFraternit\u00e9  Bureau  des  concours,  des  examens\net des  recrutements  sans  concours\nArr\u00eat\u00e9  BCERSC  n\u00b0 24000075\ndu 1 0 SEP, 2p24\nportant  ouverture  de deux  concours  externe  et interne  sur titres  compl\u00e9t\u00e9s  d'une\n\u00e9preuve  pour  le recrutement  d'adjoints  techniques  principaux  de 2\u00b0 classe  du corps\ndes  adjoints  techniques  du minist\u00e8re  de l'int\u00e9rieur  et des  outre-mer  pour  les services\nlocalis\u00e9s  en r\u00e9gion  \u00cele-de-France,  organis\u00e9s  au titre  de l'ann\u00e9e  2024\nLe Pr\u00e9fet  de Police,\nVu le code  g\u00e9n\u00e9ral  de la fonction  publique  ;\nVu le d\u00e9cret  n\u00b0 2003-532  du 18 juin  2003  modifi\u00e9  relatif  \u00e0 l'\u00e9tablissement  et \u00e0 l'utilisation  des listes\ncompl\u00e9mentaires  d'admission  aux concours  d'acc\u00e8s  aux  corps  de la fonction  publique  de l'\u00c9tat  ;\nVu le d\u00e9cret  n\u00b0 2004-1105  du 19 octobre  2004  modifi\u00e9  relatif  \u00e0 l'ouverture  des proc\u00e9dures  de\nrecrutement  dans  la fonction  publique  de l'\u00c9tat  ;\nVu le d\u00e9cret  n\u00b0 2006-1761  du 23 d\u00e9cembre  2006  modifi\u00e9  relatif  aux  dispositions  statutaires\ncommunes  applicables  aux  corps  d'adjoints  techniques  des  administrations  de l'\u00c9tat  ;\n- Vu le d\u00e9cret  n\u00b0 2006-1780  du 23 d\u00e9cembre  2006  modifi\u00e9  portant  d\u00e9l\u00e9gation  de pouvoir  en mati\u00e8re\nde recrutement  et de gestion  de certains  personnels  relevant  du minist\u00e8re  de l'int\u00e9rieur  ;\nVu le d\u00e9cret  n\u00b0 2007-196  du 13 f\u00e9vrier  2007  modifi\u00e9  relatif  aux  \u00e9quivalences  de dipl\u00f4mes  requises\npour  se pr\u00e9senter  aux concours  d'acc\u00e8s  aux  corps  et cadres  d'emplois  de la fonction  publique,\nnotamment  ses articles  1\u00b0 et3a6;\nVu le d\u00e9cret  n\u00b0 2010-311  du 22 mars  2010  modifi\u00e9  relatif  aux  modalit\u00e9s  de recrutements  et d'accueil\ndes ressortissants  des  Etats  membres  de l'Union  europ\u00e9enne  et d'un  autre  Etat  partie  a l'accord  sur\nl'Espace  \u00e9conomique  europ\u00e9en  dans  un corps,  un cadre  d'emplois  ou un emploi  de la fonction  publique\nfran\u00e7aise  ;\nVu le d\u00e9cret  n\u00b0 2013-908  du 10 octobre  2013  relatif  aux  modalit\u00e9s  de d\u00e9signation  des  membres  des\njurys  et des comit\u00e9s  de s\u00e9lection  pour  le recrutement  et la promotion  des fonctionnaires  relevant  de la\nfonction  publique  de l'\u00c9tat,  de la fonction  publique  territoriale  et de la fonction  publique  hospitali\u00e8re  ;\nVu le d\u00e9cret  n\u00b0 2016-580  du 11 mai  2016  modifi\u00e9  relatif  \u00e0 l'organisation  des  carri\u00e8res  des\nfonctionnaires  de cat\u00e9gorie  C de la fonction  publique  de l'\u00c9tat  ;\nVu l'arr\u00eat\u00e9  minist\u00e9riel  du 26 juillet  2007  fixant  les \u00e9quivalences  de dipl\u00f4mes  requises  pour  se\npr\u00e9senter  aux concours  d'acc\u00e8s  aux corps  et cadres  d'emplois  de la fonction  publique  subordonn\u00e9e  \u00e0 la\npossession  de dipl\u00f4mes  ou titres  sanctionnant  un niveau  d'\u00e9tudes  d\u00e9termin\u00e9  relevant  d'une  formation\ng\u00e9n\u00e9rale  ou de plusieurs  sp\u00e9cialit\u00e9s  de formation  ;\nVu l'arr\u00eat\u00e9  minist\u00e9riel  du 10 septembre  2007  fixant  les modalit\u00e9s  des examens  m\u00e9dicaux  et\npsychotechniques  exig\u00e9s  des adjoints  techniques  des administrations  de l'\u00c9tat  affect\u00e9s  \u00e0 la conduite  de\nv\u00e9hicules  terrestres  \u00e0 moteur  ;\n\nVu l'arr\u00eat\u00e9  minist\u00e9riel  du 14 avril  2017  fixant  les modalit\u00e9s  d'organisation  des  recrutements\nd'adjoints  techniques  de l'int\u00e9rieur  et de l'outre-mer  ;\nVu l'arr\u00eat\u00e9  minist\u00e9riel  du 28 d\u00e9cembre  2017  portant  d\u00e9l\u00e9gation  de pouvoir  en mati\u00e8re  de\nrecrutement  et de gestion  de certains  personnels  techniques  et sp\u00e9cialis\u00e9s  du minist\u00e8re  de l'int\u00e9rieur  ;\nVu l'arr\u00eat\u00e9  minist\u00e9riel  du 19 d\u00e9cembre  2023,  autorisant  au titre  de l'ann\u00e9e  2024,  l'ouverture  de\nconcours  externes  et internes  pour  le recrutement  d'adjoints  techniques  principaux  de 2\u00b0 classe  de\nl'int\u00e9rieur  et des  outre-mer  ;\nVu l'arr\u00eat\u00e9  minist\u00e9riel  du 20 mars 2024 fixant  le nombre  de postes  offerts  aux concours  externes  et\ninternes  pour  le recrutement  d'adjoints  techniques  principaux  de 2\u00b0 classe  de l'int\u00e9rieur  et de l'outre-\nmer  ;\nSur  proposition  du pr\u00e9fet,  secr\u00e9taire  g\u00e9n\u00e9ral  pour  l'administration,\nARRETE\nArticle  1\nSans  pr\u00e9judice  des  dispositions  l\u00e9gislatives  et r\u00e9glementaires  relatives  aux  emplois  r\u00e9serv\u00e9s  aux\nb\u00e9n\u00e9ficiaires  du code  des  pensions  militaires  d'invalidit\u00e9  et des  victimes  de guerre  et des  dispositions\nl\u00e9gislatives  et r\u00e9glementaires  autorisant  le recrutement  par  la voie  contractuelle  des  b\u00e9n\u00e9ficiaires  de\nl'obligation  d'emploi  mentionn\u00e9e  aux  articles  L351-1  \u00e0 L351-3  du code  g\u00e9n\u00e9ral  de la fonction  publique,\nest autoris\u00e9e  au titre  de l'ann\u00e9e  2024  l'ouverture  d'un  concours  externe  et d'un  concours  interne  sur\ntitres  compl\u00e9t\u00e9s  d'une  \u00e9preuve  pour  le recrutement  d'adjoints  techniques  principaux  de 2\u00b0 classe  du\nminist\u00e8re  de l'int\u00e9rieur  et des  outre-mer  pour  les services  localis\u00e9s  en r\u00e9gion  \u00cele-de-France.\nArticle  2\nLe recrutement  d\u00e9concentr\u00e9  d'adjoints  techniques  principaux  de 2\u00b0 classe  du minist\u00e8re  de l'Int\u00e9rieur\net des  outre-mer  (52 postes)  est organis\u00e9,  pour  le secr\u00e9tariat  g\u00e9n\u00e9ral  de l'administration  de la Police  de\nla zone  de d\u00e9fense  et de s\u00e9curit\u00e9  de Paris,  par  la voie  d'un  concours  externe  et d'un  concours  interne.\nLes sp\u00e9cialit\u00e9s  propos\u00e9es  au concours  externe  (34 postes)  et au_concours  interne  (18 postes)  sur\ntitres  compl\u00e9t\u00e9s  d'une  \u00e9preuve  se r\u00e9partissent  de la mani\u00e8re  suivante  :\nSp\u00e9cialit\u00e9  \u00ab Accueil,  maintenance  et logistique  \u00bb : 33 postes\nSp\u00e9cialit\u00e9  \u00ab Entretien  et r\u00e9paration  des  engins  et v\u00e9hicules  \u00e0 moteur  \u00bb : 10 postes\nSp\u00e9cialit\u00e9  \u00ab H\u00e9bergement  et restauration  \u00bb : 9 postes\n\nArticle  3\nLes inscriptions  s'effectuent  soit  sur place  a la pr\u00e9fecture  de Police  - direction  des  ressources\nhumaines  \u2014 sous-direction  des  personnels  \u2014 service  du recrutement  - bureau  des  concours,  des  examens\net des  recrutements  sans  concours  au 11 rue  des  Ursins  \u00e0 Paris  4\u00b0 (3\u00b0 \u00e9tage  - bureau  308  de 8h30  a\n14h00)  soit  par  courrier,  \u00e0 la pr\u00e9fecture  de Police  DRH/SDP/SR/BCERSC  au 1 bis,  rue  de Lut\u00e9ce  - 75 195\nParis  cedex  04.\nLe dossier  d'inscription  peut  \u00eatre  t\u00e9l\u00e9charg\u00e9  sur les sites  internet  et intranet  de la pr\u00e9fecture  de\nPolice.  :\nLa p\u00e9riode  d'inscription  d\u00e9bute  \u00e0 compter  de la date  de publication  du pr\u00e9sent  arr\u00eat\u00e9.\nLa date  limite  d'envoi  ou de d\u00e9p\u00f4t  des  dossiers  de candidature  est fix\u00e9e  au\nmardi  15 octobre  2024,  le cachet  de La Poste  ou de d\u00e9p\u00f4t  faisant  foi.\nArticle  4\nL'admissibilit\u00e9  se d\u00e9roulera  \u00e0 partir  du lundi  28 octobre  2024  et aura  lieu en \u00cele-de-France.\nLes \u00e9preuves  d'admission  de ces  concours  se d\u00e9rouleront  \u00e0 partir  du vendredi  15 novembre  2024\net auront  lieu  en Ile-de-France.\nArticle  5\nLa composition  du jury  sera  fix\u00e9e  ult\u00e9rieurement  par  arr\u00eat\u00e9  pr\u00e9fectoral.\nArticle  6\nLe Pr\u00e9fet,  secr\u00e9taire  g\u00e9n\u00e9ral  pour  l'administration  et le directeur  des  ressources  humaines  sont\ncharg\u00e9s,  en ce qui le concerne,  de l'ex\u00e9cution  du pr\u00e9sent  arr\u00eat\u00e9,  qui sera  publi\u00e9  au recueil  des  actes\nadministratifs  du d\u00e9partement  de Paris  et des  pr\u00e9fectures  des  d\u00e9partements  de la zone  de d\u00e9fense  et\nde s\u00e9curit\u00e9  de Paris.\nPour  le Pr\u00e9fet  de police  et par  d\u00e9l\u00e9gation,\nPhilippe  BOULAN\nChef  du bureau  aes COCO  US, uss CAailiciis  ci des\nrecrutements  sans  concours\n\nEn  CABINET  DU PREFETPR\u00c9FECTURE  ap\nDE POLICE  'c]\nLibert\u00e9\n\u00c9galit\u00e9\nFraternit\u00e9\nArr\u00eat\u00e9  n\u00b0 2024-01346\ninstituant  un p\u00e9rim\u00e8tre  de protection  et diff\u00e9rentes  mesures  de police  \u00e0 l'occasion  de la\n4\u00e8re  journ\u00e9e  du championnat  de France  de football  de Ligue  1 au Parc  des  Princes  le\nsamedi  14 septembre  2024\nVu le code  g\u00e9n\u00e9ral  des  collectivit\u00e9s  territoriales,  notamment  ses articles  L. 2215-1,\nL. 2512-13  et L. 2512-14  ;\nVu le code  p\u00e9nal;\nVu le code  de proc\u00e9dure  p\u00e9nale  ;\nVu le code  la route,  notamment  son  article  L. 411-2  ;\nVu le code  rural  et de la p\u00eache  maritime,  notamment  ses articles  L. 211-11  et L. 211-12;\nVu le code  de la s\u00e9curit\u00e9  int\u00e9rieure,  notamment  ses articles  L. 122-1,  L. 122-2,  L. 226-1,  L.\n611-1  et L. 613-2;\nVu le d\u00e9cret  n\u00b0 2004-374  du 29 avril  2004  modifi\u00e9  relatif  aux  pouvoirs  des  pr\u00e9fets,  a\nl'organisation  et \u00e0 l'action  des  services  de l'Etat  dans  les r\u00e9gions  et d\u00e9partements,\nnotamment  ses articles  70, 72 et 73;\nVu le d\u00e9cret  du 20 juillet  2022  par lequel  M. Laurent  NUNEZ,  pr\u00e9fet,  coordonnateur\nnational  du renseignement  et de la lutte  contre  le terrorisme,  est nomm\u00e9  pr\u00e9fet  de police\n(hors  classe)  ;\nConsid\u00e9rant  que,  en application  des  articles  L.122-1  et L. 122-2  du code  de s\u00e9curit\u00e9\nint\u00e9rieure  et 72 et 73 du d\u00e9cret  du 29 avril  2004  susvis\u00e9,  le pr\u00e9fet  de police  a la charge  de\nl'ordre  public,  notamment  la pr\u00e9vention  des  atteintes  \u00e0 la s\u00e9curit\u00e9  des  personnes  et des\nbiens,  dans  les d\u00e9partements  de Paris  et des  Hauts-de-Seine  ;\nConsid\u00e9rant  que,  en application  du 3\u00b0 de l'article  L. 2215-1  du code  g\u00e9n\u00e9ral  des\ncollectivit\u00e9s  territoriales,  le repr\u00e9sentant  de l'Etat  dans  le d\u00e9partement  est seul\ncomp\u00e9tent  pour  prendre  les mesures  relatives  \u00e0 l'ordre,  \u00e0 la s\u00fbret\u00e9,  \u00e0 la s\u00e9curit\u00e9  et \u00e0 la\nsalubrit\u00e9  publiques,  dont  le champ  d'application  exc\u00e8de  le territoire  d'une  commune  ;\nque,  conform\u00e9ment  \u00e0 l'article  73 du d\u00e9cret  du 29 avril  2004  susvis\u00e9,  le pr\u00e9fet  de police\nexerce  dans  le d\u00e9partement  des  Hauts-de-Seine  les attributions  d\u00e9volues  au repr\u00e9sentant\nde l'Etat  dans  le d\u00e9partement  par l'article  L. 2215-1;\nConsid\u00e9rant  que,  en application  de l'article  L. 226-1  du code  de la s\u00e9curit\u00e9  int\u00e9rieure,  le\npr\u00e9fet  de police  peut,  en vue  d'assurer  la s\u00e9curit\u00e9  d'un  lieu  ou d'un  \u00e9v\u00e9nement  expos\u00e9  \u00e0\nun risque  d'actes  de terrorisme  \u00e0 raison  de sa nature  et de l'ampleur  de sa fr\u00e9quentation,\ninstituer  par arr\u00eat\u00e9  motiv\u00e9  un p\u00e9rim\u00e8tre  de protection  au sein  duquel  l'acc\u00e8s  et la\ncirculation  des personnes  sont  r\u00e9glement\u00e9s  ; que  cet arr\u00eat\u00e9  peut  autoriser  les agents\nmentionn\u00e9s  aux 2\u00b0 \u00e0 4\u00b0 de l'article  16 du code  de proc\u00e9dure  p\u00e9nale  et, sous  la\n1\n\nresponsabilit\u00e9  de ces  agents,  ceux  mentionn\u00e9s  \u00e0 l'article  20 et aux  1\u00b0, 1\u00b0bis  et 1\u00b0ter  de\nl'article  21 du m\u00eame  code  \u00e0 proc\u00e9der,  au sein  d'un  p\u00e9rim\u00e8tre  de protection,  avec  le\nconsentement  des  personnes  faisant  l'objet  de ces  v\u00e9rifications,  \u00e0 des  palpations  de\ns\u00e9curit\u00e9  ainsi  qu'\u00e0  l'inspection  visuelle  et \u00e0 la fouille  des  bagages,  ainsi  qu'\u00e0  la visite  des\nv\u00e9hicules  susceptibles  de p\u00e9n\u00e9trer  au sein  de ce p\u00e9rim\u00e8tre  ; qu'aux  termes  de l'article  73\ndu d\u00e9cret  du 29 avril  2004  susvis\u00e9,  le pr\u00e9fet  de police  exerce  dans  le d\u00e9partement  des\nHauts-de-Seine  les attributions  d\u00e9volues  au repr\u00e9sentant  de l'Etat  dans  le d\u00e9partement\npar  l'article  L. 226-1  du code  de la s\u00e9curit\u00e9  int\u00e9rieure  ;\nConsid\u00e9rant  que,  en application  de l'article  L. 613-2  du code  de la s\u00e9curit\u00e9  int\u00e9rieure,  les\npersonnes  physiques  exer\u00e7ant  l'activit\u00e9  mentionn\u00e9e  au 1\u00b0 de l'article  L. 611-1  du m\u00eame\ncode  peuvent,  lorsqu'un  p\u00e9rim\u00e8tre  de protection  a \u00e9t\u00e9  institu\u00e9  en application  de l'article\nL. 226-1  du m\u00eame  code,  proc\u00e9der,  avec  le consentement  expr\u00e8s  des  personnes,  \u00e0 des\npalpations  de s\u00e9curit\u00e9  ;\nConsid\u00e9rant  que  se tiendra  le samedi  14 septembre  2024  \u00e0 21h00  un match  de football\npour  le compte  de la 4\" journ\u00e9e  du championnat  de football  de Ligue  1 au stade  du Parc\ndes  Princes  \u00e0 Paris  16\u00b0\"\u00b0,  qui opposera  les \u00e9quipes  du Paris  Saint-Germain  et de Brest  ; qu'\u00e0\ncette  occasion,  un nombre  important  de supporters  ainsi  que  des  personnalit\u00e9s  seront\npr\u00e9sents  aux  abords  et \u00e0 l'int\u00e9rieur  du stade  ; que  dans  le contexte  actuel  de menace  tr\u00e8s\n\u00e9lev\u00e9e,  cette  rencontre  sportive  est susceptible  de constituer  une  cible  privil\u00e9gi\u00e9e  et\nsymbolique  pour  des  actes  de nature  terroriste  ;\nConsid\u00e9rant  que  plusieurs  attentats  ou tentatives  d'attentats  r\u00e9cents  traduisent  le niveau\n\u00e9lev\u00e9  de la menace  terroriste  actuelle  en France  dans  le cadre  du plan  VIGIPIRATE  \u00ab\nurgence  attentat  \u00bb en vigueur  sur l'ensemble  du territoire  national  depuis  le 24 mars\n2024;\nConsid\u00e9rant  qu'il  appartient  \u00e0 l'autorit\u00e9  de police  comp\u00e9tente  de prendre  les mesures\nadapt\u00e9es,  n\u00e9cessaires  et proportionn\u00e9es  visant  \u00e0 garantir  la s\u00e9curit\u00e9  des  personnes  et des\nbiens  pendant  cet \u00e9v\u00e8nement  ; que  la mise  en place  d'un  p\u00e9rim\u00e8tre  de protection\ncomprenant  diff\u00e9rentes  mesures  de police  \u00e0 l'occasion  du match  de Ligue  1 entre  le Paris\nSaint-Germain  et Brest  au Parc  des  Princes  \u00e0 Paris  16\u00b0\"  le samedi  14 septembre  2024\nr\u00e9pond  \u00e0 ces objectifs;\nARRETE  :\nTITRE  PREMIER\nINSTITUTION  D'UN  PERIMETRE  DE PROTECTION\nArticle  1\u00b0 - Du samedi  14 septembre  2024  \u00e0 18h00  au dimanche  15 septembre  2024  \u00e0\n01h00  est institu\u00e9  un p\u00e9rim\u00e8tre  de protection  au sein  duquel  l'acc\u00e8s  et la circulation  des\npersonnes  sont  r\u00e9glement\u00e9s  dans  les conditions  fix\u00e9es  par le pr\u00e9sent  arr\u00eat\u00e9.\nArticle  2 - Le p\u00e9rim\u00e8tre  de protection  institu\u00e9  par  l'article  1\u00b0' du pr\u00e9sent  arr\u00eat\u00e9  est\nd\u00e9limit\u00e9  par les voies  suivantes  qui y sont  incluses,  sauf  mentions  contraires  :\n- rue Nungesser  et Coli,  dans  sa partie  comprise  entre  le rond-point  de la place  de\nl'Europe  et l'avenue  de la Porte  Molitor  \u00e0 Paris  16\u00b0TM\u00b0;\n- all\u00e9e  Charles  Brennus  \u00e0 Paris  16\u00b0\"  ;\n2024-01346  :\n\n- avenue  du G\u00e9n\u00e9ral  Sarrail,  dans  sa partie  comprise  entre  la rue  Raffa\u00eblli  et l'all\u00e9e\nCharles  Brennus  \u00e0 Paris  16\u00b0\"  ;\n- avenue  du G\u00e9n\u00e9ral  Sarrail,  dans  sa partie  comprise  entre  la rue Raffa\u00e9lli  et la rue\nLecomte  du No\u00fby  \u00e0 Paris  16\u00e87\u00b0  ;\n- rue Lecomte  du No\u00fby  \u00e0 Paris  16\u00e8\"\u00b0;\n-__rue  de l'Arioste  a Paris  16\u00b0\"\u00b0  ;\n- rue du Sergent  Maginot  \u00e0 Paris  16\u00b0TM\u00b0;\n- rue du G\u00e9n\u00e9ral  Roques  \u00e0 Paris  16\u00b0\"*  ;\n- avenue  du Parc  des  Princes,  dans  sa partie  comprise  entre  le n\u00b0 31 de l'avenue  du\nParc  des  Princes  et l'avenue  du G\u00e9n\u00e9ral  Sarrail  \u00e0 Paris  16\u00b0  ;\n- passerelle  surplombant  le p\u00e9riph\u00e9rique,  en vis-a-vis  du magasin  Carglass,  depuis\nl'avenue  du Parc  des  Princes;\n- rue du Commandant  Guilbaud  \u00e0 Paris  16\u00aeTM\u00b0;\n- rue du Parc  \u00e0 Boulogne-Billancourt  (92)  ;\n- parking  du complexe  omnisports  G\u00e9o  Andr\u00e9  \u00e0 Paris  16\u00b0\"  ;\n- place  de l'Europe  a Boulogne-Billancourt  (92),  dans  sa partie  comprise  entre  la rue\nMarcel  Loyau  \u00e0 Boulogne-Billancourt  (92)  et le rond-point  de la place  de l'Europe  a\nParis  167\u00b0  ;\n- rond-point  de la place  de l'Europe  \u00e0 Paris  16\u00b0\"  ;\n- rue Joseph-Bernard  a Boulogne-Billancourt  (92),  dans  sa partie  comprise  entre  la rue\nde la Tourelle  a Boulogne-Billancourt  (92)  et la rue Nungesser  et Coli  \u00e0 Paris  16\u00b0TM\u00b0.\nArticle  3 - Les points  d'acc\u00e8s  au p\u00e9rim\u00e8tre,  sur lesquels  des  dispositifs  de pr\u00e9-filtrage  et de\nfiltrage  sont  mis  en place,  sont  situ\u00e9s  :\n- \u00e0 l'angle  form\u00e9  par  l'avenue  du G\u00e9n\u00e9ral-Sarrail,  la rue  Raffa\u00eblli  (c\u00f4t\u00e9  impair)  et l'all\u00e9e\nCharles  Brennus  \u00e0 Paris  16\u00b0\"  ;\n- rue Lecomte  du No\u00fby  \u00e0 Paris  16\u00b0\"\u00b0;\n- al'angle  form\u00e9  par  la rue du Sergent  Maginot  et la place  du G\u00e9n\u00e9ral  Stefanik  a Paris\n16\u00b0\"  ;\n- \u00e0 l'angle  form\u00e9  par  la rue  du G\u00e9n\u00e9ral  Roques  et la place  du G\u00e9n\u00e9ral  Stefanik  \u00e0 Paris\n16\u00e8\"e  ;\n- au n\u00b0 31 de l'avenue  du Parc  des  Princes  \u00e0 Paris  16\u00e8\"\u00b0;\n- al'angle  form\u00e9  par  l'avenue  de la Porte  de Saint-Cloud  et la rue du Commandant\nGuilbaud  \u00e0 Paris  16?\"\u00b0;\n- rue du Parc  \u00e0 Boulogne-Billancourt  (92);\n- \u00e0 l'angle  form\u00e9  par  la rue de la Tourelle  et l'entr\u00e9e  du Jardin  Guilbaud  \u00e0 Boulogne-\nBillancourt  (92)  ;\n- \u00e0 l'angle  form\u00e9  par  la place  de l'Europe  et l'entr\u00e9e  du Jardin  Guilbaud  \u00e0 Boulogne-\nBillancourt  (92);\n- place  de l'Europe  \u00e0 Boulogne-Billancourt  (92),  dans  sa partie  comprise  entre  la rue\nMarcel  Loyau  \u00e0 Boulogne-Billancourt  (92)  et le rond-point  de la place  de l'Europe  \u00e0\nParis  16\u00e8\u00b0;  .\n2024-013463\n\n- a l'angle  form\u00e9  par  la rue  Joseph  Bernard  et la rue  de la Tourelle  \u00e0 Boulogne-\nBillancourt  (92);\n- a l'angle  form\u00e9  par  la rue  Nungesser  et Coli  et l'avenue  de la Porte  Molitor  \u00e0 Paris\n16\u00e8me  \u00a2\n- a l'angle  de la rue Nungesser  et Coli  \u00e0 Paris  16\u00b0\"\u00b0  et de la rue Joseph  Bernard  \u00e0\nBoulogne-Billancourt  (92).\nTITRE  II\nMESURES  DE POLICE  APPLICABLES  A L'INTERIEUR  DU PERIMETRE  DE PROTECTION\nArticle  4 - Dans  le p\u00e9rim\u00e8tre  institu\u00e9  et durant  la p\u00e9riode  mentionn\u00e9e  par  l'article  1*, les\nmesures  suivantes  sont  applicables  :\n1\u00b0 Mesures  applicables  aux  usagers  de la voie  publique  :\na) Sont  interdits  :\n- Tout  rassemblement  de nature  revendicative  ;\n- Le port,  le transport  et l'utilisation  des  artifices  de divertissement,  des  articles\npyrotechniques,  des  armes  a feu,  y compris  factices,  et des  munitions,  ainsi  que  de\ntous  objets  susceptibles  de constituer  une  arme  au sens  de l'article  132-75  du code\np\u00e9nal  ou pouvant  servir  de projectile  pr\u00e9sentant  un danger  pour  la s\u00e9curit\u00e9  des\npersonnes  et des  biens  ;\n- L'acc\u00e8s  des  animaux  dangereux  au sens  des  articles  L. 211-11  et suivants  du code  rural\net de la p\u00eache  maritime,  en particulier  les chiens  des  1*\u00b0 et 2\u00e8\"\u00b0  cat\u00e9gories  ;\nb) Les personnes  ont  l'obligation,  pour  acc\u00e9der  par  les points  de pr\u00e9-filtrage  et de\nfiltrage  pr\u00e9vus  \u00e0 l'article  3 ou circuler  \u00e0 l'int\u00e9rieur  du p\u00e9rim\u00e8tre,  de se soumettre,  \u00e0 la\ndemande  des  agents  autoris\u00e9s  par  le pr\u00e9sent  arr\u00eat\u00e9  \u00e0 proc\u00e9der  \u00e0 ces  v\u00e9rifications,  \u00e0\nl'inspection  visuelle  des  bagages  et \u00e0 leur  fouille,  ainsi  qu'\u00e0  des  palpations  de s\u00e9curit\u00e9  et,\nexclusivement  par  des  officiers  de police  judiciaire  et, sous  leur  responsabilit\u00e9,  par  des\nagents  de police  judiciaire  et agents  de police  judiciaire  adjoints,  \u00e0 la visite  de leur\nv\u00e9hicule  ;\nc) Les personnes  qui,  pour  des  raisons  professionnelles,  de r\u00e9sidence  ou familiales\ndoivent  acc\u00e9der  \u00e0 l'int\u00e9rieur  du p\u00e9rim\u00e8tre  de protection  et y circuler,  sont  invit\u00e9es  \u00e0 se\nsignaler  aupr\u00e8s  de l'autorit\u00e9  de police  sur place  afin  de pouvoir  faire  l'objet  d'une  mesure\nde filtrage  adapt\u00e9e  ;\n2\u00b0 Mesures  accordant  des  comp\u00e9tences  suppl\u00e9mentaires  aux  personnels  charg\u00e9s  de la\ns\u00e9curit\u00e9  :\n- Les officiers  de police  judiciaire  mentionn\u00e9s  aux  2\u00b0 \u00e0 4\u00b0 de l'article  16 du code  de\nproc\u00e9dure  p\u00e9nale  et, sous  leur  responsabilit\u00e9,  les agents  de police  judiciaire\nmentionn\u00e9s  \u00e0 l'article  20 du m\u00eame  code  sont  autoris\u00e9s  \u00e0 proc\u00e9der,  avec  le\nconsentement  des  personnes  faisant  l'objet  de ces  v\u00e9rifications,  \u00e0 des  palpations  de\n2024-01346\n\ns\u00e9curit\u00e9,  \u00e0 l'inspection  visuelle  des  bagages  et \u00e0 leur  fouille,  ainsi  qu'\u00e0  la visite  des\nv\u00e9hicules  ;\n- les personnes  exer\u00e7ant  l'activit\u00e9  mentionn\u00e9e  au 1\u00b0 de l'article  L. 611-1  du code  de la\ns\u00e9curit\u00e9  int\u00e9rieure  peuvent,  aux  points  de filtrage,  proc\u00e9der,  sous  l'autorit\u00e9  des\nofficiers  de police  judiciaire  et aupr\u00e8s  des  agents  de police  judiciaire  qu'ils  assistent  et\navec  le consentement  expr\u00e8s  des  personnes,  outre  \u00e0 l'inspection  visuelle  des  bagages\net \u00e0 leur  fouille,  \u00e0 des  palpations  de s\u00e9curit\u00e9.\nArticle  5 - Sans  pr\u00e9judice  des  sanctions  p\u00e9nales  auxquelles  s'exposent  les personnes  en\ninfraction  avec  les dispositions  du pr\u00e9sent  titre,  celles  qui  refusent  de se soumettre  \u00e0\nl'inspection  visuelle  de leurs  bagages  \u00e0 main,  \u00e0 leur  fouille,  \u00e0 des  palpations  de s\u00e9curit\u00e9  ou\n\u00e0 la visite  de leur  v\u00e9hicule  peuvent  se voir  interdire  l'acc\u00e8s  au p\u00e9rim\u00e8tre  institu\u00e9  par\nl'article  1\u00b0' ou \u00eatre  conduites  \u00e0 l'ext\u00e9rieur  de celui-ci.\nTITRE  Ill\nDISPOSITIONS  FINALES\nArticle  6 - Les mesures  pr\u00e9vues  par  le pr\u00e9sent  arr\u00e9t\u00e9  peuvent  \u00e9tre  lev\u00e9es  et r\u00e9tablies  sur\nd\u00e9cision  du repr\u00e9sentant  sur place  de l'autorit\u00e9  de police,  en fonction  de l'\u00e9volution  de la\nsituation.\nArticle  7 - Le pr\u00e9fet  des  Hauts-de-Seine,  la pr\u00e9f\u00e8te,  directrice  de cabinet,  le directeur  de\nl'ordre  public  et de la circulation,  la directrice  de la s\u00e9curit\u00e9  de proximit\u00e9  de\nl'agglom\u00e9ration  parisienne  et la secr\u00e9taire  g\u00e9n\u00e9rale  de la ville  de Paris  sont  charg\u00e9s,\nchacun  en ce qui le concerne,  de l'ex\u00e9cution  du pr\u00e9sent  arr\u00eat\u00e9  qui entrera  en vigueur  d\u00e8s\nson  affichage  aux  portes  de la pr\u00e9fecture  de police,  sera  publi\u00e9  aux  recueils  des  actes\nadministratifs  du d\u00e9partement  de Paris  et de la pr\u00e9fecture  des  Hauts-de-Seine,  consultable\nsur le site  de la pr\u00e9fecture  de police  (https://www.prefecturedepolice.interieur.gouv.fr)  et\ntransmis  aux  procureurs  de la R\u00e9publique  pr\u00e8s  les tribunaux  judiciaires  de Paris  et de\nNanterre.\nFait \u00e0 Paris,le  { { SEP,  2024\nLaurent  NUNEZ\n2024-01346\n\n2024-01346  11 SEP. 2024\nAnnexe  de l'arr\u00eat\u00e9  n\u00b0 du\nVOIES  ET DELAIS  DE RECOURS\nSi vous  estimez  devoir  contester  le pr\u00e9sent  arr\u00eat\u00e9,  il vous  est possible,  dans  un\nd\u00e9lai  de deux  mois  \u00e0 compter  de la date  de son  affichage  ou de sa publication  au recueil\ndes  actes  administratifs  de la pr\u00e9fecture  de police  :\n- soit  de saisir  d'un  RECOURS  GRACIEUX\nle Pr\u00e9fet  de Police\n7/9,  boulevard  du Palais  - 75195  PARIS  RP\n- ou de former  un RECOURS  HIERARCHIQUE\naupr\u00e8s  du Ministre  de l'int\u00e9rieur\nDirection  des  libert\u00e9s  publiques  et des  affaires  juridiques\nplace  Beauvau  - 75008  PARIS\n- soit  de saisir  d'un  RECOURS  CONTENTIEUX\nle Tribunal  administratif  comp\u00e9tent\nAucune  de ces  voies  et recours  ne suspend  l'application  de la pr\u00e9sente  d\u00e9cision.\nLes recours  GRACIEUX  et HIERARCHIQUE  doivent  \u00eatre  \u00e9crits,  exposer  les\narguments  ou faits  nouveaux  et comprendre  la copie  de l'arr\u00eat\u00e9  contest\u00e9.\nLe recours  CONTENTIEUX,  qui  vise  \u00e0 contester  la LEGALITE  de la pr\u00e9sente\nd\u00e9cision,  doit  \u00e9galement  \u00eatre  \u00e9crit  et exposer  votre  argumentation  juridique.\nSi vous  n'aviez  pas  de r\u00e9ponse  \u00e0 votre  recours  GRACIEUX  ou HIERARCHIQUE\ndans  un d\u00e9lai  de deux  mois  \u00e0 compter  de la r\u00e9ception  de votre  recours  par  l'administration,\nvotre  demande  devra  \u00eatre  consid\u00e9r\u00e9e  comme  rejet\u00e9e  (d\u00e9cision  implicite  de rejet).\nEn cas  de rejet  des  recours  GRACIEUX  ou HIERARCHIQUE,  le Tribunal\nadministratif  peut  \u00eatre  saisi  d'un  recours  contentieux  dans  le d\u00e9lai  de deux  mois  \u00e0 compter\nde la date  de la d\u00e9cision  de rejet.\n\n2024-01346\nAUOT NP NHsee omyD wepucw\n\nPREFECTURE  <a CABINET  DU PREFET\nDE POLICE\nLibert\u00e9\n\u00c9galit\u00e9\nFraternit\u00e9  2024-01347\nArr\u00e9t\u00e9  n\u00b0\nautorisant  la captation,  l'enregistrement  et la transmission  d'images  au moyen\nde cam\u00e9ras  install\u00e9es  sur des  a\u00e9ronefs  \u00e0 l'occasion  de la 4*\"*  journ\u00e9e  du championnat  de\nFrance  de football  de Ligue  1 au Parc  des  Princes  le samedi  14 septembre  2024\nLe pr\u00e9fet  de police,\nVu le code  de la s\u00e9curit\u00e9  int\u00e9rieure,  notamment  ses articles  L. 242-1  \u00e0 L. 242-8  et R. 242-8  \u00e0 R.\n242-15  ;\nVu le d\u00e9cret  n\u00b0 2004-374  du 29 avril  2004  modifi\u00e9  relatif  aux  pouvoirs  des  pr\u00e9fets,  a\nl'organisation  et \u00e0 l'action  des  services  de l'Etat  dans  les r\u00e9gions  et d\u00e9partements,  notamment\nses articles  70, 72 et 73;\nVu l'arr\u00eat\u00e9  du 19 avril  2023  relatif  au nombre  maximal  de cam\u00e9ras  install\u00e9es  sur des  a\u00e9ronefs\npouvant  \u00eatre  simultan\u00e9ment  utilis\u00e9es  dans  chaque  d\u00e9partement  et collectivit\u00e9  d'outre-mer  ;\nVu l'instruction  minist\u00e9rielle  NOR  IOMD2311883J  du 30 avril  2023  relative  \u00e0 la proc\u00e9dure\nd'autorisation  des  cam\u00e9ras  install\u00e9es  sur des  a\u00e9ronefs  pour  des  missions  de police\nadministrative  ;\nVu le d\u00e9cret  du 20 juillet  2022  par  lequel  M. Laurent  NUNEZ,  pr\u00e9fet,  coordonnateur  national\ndu renseignement  et de la lutte  contre  le terrorisme,  est nomm\u00e9  pr\u00e9fet  de police  (hors  classe)  ;\nVu la demande  en date  du 7 septembre  2024  form\u00e9e  par  la direction  de l'ordre  public  et de\nla circulation  visant  \u00e0 obtenir  l'autorisation  de capter,  d'enregistrer  et de transmettre  des\nimages  au moyen  de deux  cam\u00e9ras  install\u00e9es  sur des  a\u00e9ronefs  t\u00e9l\u00e9-pilot\u00e9s  afin  d'assurer  la\npr\u00e9vention  des  atteintes  \u00e0 la s\u00e9curit\u00e9  des  personnes  et des  biens,  la s\u00e9curit\u00e9  des\nrassemblements,  la pr\u00e9vention  d'actes  de terrorisme  ainsi  que  la r\u00e9gulation  des  flux  de\ntransport  \u00e0 l'occasion  de la 4*\"  journ\u00e9e  du championnat  de football  de Ligue  1 au stade  du\nParc  des  Princes  \u00e0 Paris  16\u00b0\"  ;\nConsid\u00e9rant  que  les dispositions  du | de l'article  L. 242-5  du code  de la s\u00e9curit\u00e9  int\u00e9rieure\npermettent  aux  forces  de s\u00e9curit\u00e9  int\u00e9rieure,  dans  l'exercice  de leurs  missions  de pr\u00e9vention\ndes  atteintes  \u00e0 l'ordre  public  et de protection  de la s\u00e9curit\u00e9  des  personnes  et des  biens,  de\nproc\u00e9der  \u00e0 la captation,  \u00e0 l'enregistrement  et \u00e0 la transmission  d'images  au moyen  de cam\u00e9ras\ninstall\u00e9es  sur des  a\u00e9ronefs  aux  fins  d'assurer  la pr\u00e9vention  des  atteintes  \u00e0 la s\u00e9curit\u00e9  des\npersonnes  et des  biens  dans  des  lieux  particuli\u00e8rement  expos\u00e9s,  la s\u00e9curit\u00e9  des\nrassemblements  de personnes  sur  la voie  publique  ainsi  que  l'appui  des  personnels  au sol,  en\nvue  de leur  permettre  de maintenir  ou de r\u00e9tablir  l'ordre  public  lorsque  ces  rassemblements\nsont  susceptibles  d'entra\u00eener  des  troubles  graves  \u00e0 l'ordre  public,  la pr\u00e9vention  d'actes  de\nterrorisme  et la r\u00e9gulation  des  flux  de transports  ;\n\nConsid\u00e9rant  que  se d\u00e9roulera  le samedi  14 septembre  2024  \u00e0 21h00,  un match  de football\npour  le compte  de la 4\" journ\u00e9e  du championnat  de football  de Ligue  1 au stade  du Parc  des\nPrinces  \u00e0 Paris  16\u00b0TM*,  qui  opposera  le Paris  Saint-Germain  \u00e0 Brest;  qu'\u00e0  cette  occasion,  un\nnombre  important  de supporters  ainsi  que  des  personnalit\u00e9s  seront  pr\u00e9sents  aux  abords  et a\nl'int\u00e9rieur  du stade  du Parc  des  Princes  ; que  dans  le contexte  actuel  de menace  tr\u00e8s  \u00e9lev\u00e9e,\ncette  rencontre  sportive  est  susceptible  de constituer  une  cible  privil\u00e9gi\u00e9e  et symbolique  pour\ndes  actes  de nature  terroriste  ;\nConsid\u00e9rant  \u00e9galement  que  plusieurs  attentats  ou tentatives  d'attentats  r\u00e9cents  traduisent  le\nniveau  \u00e9lev\u00e9  de la menace  terroriste  actuelle  en France,  dans  le cadre  du plan  VIGIPIRATE  \u00ab\nurgence  attentat  \u00bb en vigueur  sur  l'ensemble  du territoire  national  ;\nConsid\u00e9rant,  en outre,  qu'au-del\u00e0  de la seule  s\u00e9curisation  du match  qui fait  l'objet  de mesures\nde police  sur le fondement  de l'article  L. 226-1  du code  de la s\u00e9curit\u00e9  int\u00e9rieure  et pour  lequel\nun service  d'ordre  est mis  en place  par  la direction  de l'ordre  public  et de la circulation,  il est\nn\u00e9cessaire  de disposer  d'un  moyen  de surveillance  permettant  de s\u00e9curiser  la voie  publique\nen amont  et en aval  de cet  \u00e9v\u00e8nement  pour  pr\u00e9venir  ou mettre  fin \u00e0 d'\u00e9ventuelles  rixes  entre\nspectateurs  et personnes  \u00e0 l'ext\u00e9rieur  du Parc  des  Princes  ou \u00e0 des  atteintes  \u00e0 la s\u00e9curit\u00e9  des\npersonnes  et des  biens,  se pr\u00e9munir  contre  d'\u00e9ventuels  actes  terroristes  et r\u00e9guler  les flux  de\ntransport  autour  de l'enceinte  ;\nConsid\u00e9rant  que  la demande  de la direction  de l'ordre  public  et de la circulation  porte  sur\nl'engagement  de deux  cam\u00e9ras  a\u00e9roport\u00e9es  qui pourront  \u00eatre  en vol simultan\u00e9ment  en vue  de\ncapter,  d'enregistrer  et de transmettre  des  images  ; que  les aires  survol\u00e9es  sont  strictement\nlimit\u00e9es  aux  zones  o\u00f9 seront  mises  en \u0153uvre  les finalit\u00e9s  susvis\u00e9es  ; que  la dur\u00e9e  de\nl'autorisation  demand\u00e9e  n'appara\u00eet  pas  disproportionn\u00e9e  au regard  de ces  m\u00eames  finalit\u00e9s  ;\nConsid\u00e9rant  que  le recours  \u00e0 des  cam\u00e9ras  a\u00e9roport\u00e9es  permet  de disposer  d'une  vision  en\ngrand  angle  tout  en limitant  l'engagement  des  forces  au sol ; qu'il  n'existe  pas  de dispositif\nmoins  intrusif  permettant  de parvenir  aux  m\u00eames  fins  :\nSur  proposition  du directeur  de l'ordre  public  et de la circulation  ;\nARRETE  :\nArticle  1\u00b0 - La captation,  l'enregistrement  et la transmission  d'images  par  la direction  de\nl'ordre  public  et de la circulation  sont  autoris\u00e9s  \u00e0 l'occasion  du match  de football  de Ligue  1\npr\u00e9cit\u00e9  au Parc  des  Princes  le samedi  14 septembre  2024  aux  titres  de :\n- la pr\u00e9vention  des  atteintes  \u00e0 la s\u00e9curit\u00e9  des  personnes  et des  biens  ;\n- la s\u00e9curit\u00e9  des  rassemblements  ;\n- la pr\u00e9vention  d'actes  de terrorisme  :\n- la r\u00e9gulation  des  flux  de transport.\nArticle  2 - Le nombre  maximal  de cam\u00e9ras  pouvant  proc\u00e9der  simultan\u00e9ment  \u00e0 des\nenregistrements  est fix\u00e9  \u00e0 2 cam\u00e9ras  embarqu\u00e9es  sur des  a\u00e9ronefs  t\u00e9l\u00e9-pilot\u00e9s.\n2024-01347\n\nArticle  3 - La pr\u00e9sente  autorisation  s'applique  au p\u00e9rim\u00e8tre  g\u00e9ographique  figurant  sur le plan\nen annexe  au pr\u00e9sent  arr\u00eat\u00e9.\nArticle  4 - La pr\u00e9sente  autorisation  est d\u00e9livr\u00e9e  du samedi  14 septembre  2024  \u00e0 18h00  au\ndimanche  15 septembre  2024  \u00e0 01h00  pour  l'ensemble  des  finalit\u00e9s  pr\u00e9cit\u00e9es.\nArticle  5 \u2014 L'information  du public  est assur\u00e9e  par  la publication  du pr\u00e9sent  arr\u00eat\u00e9  aux  recueils\ndes  actes  administratifs  mentionn\u00e9s  \u00e0 l'article  7, sa mise  en ligne  sur le site  internet  de la\npr\u00e9fecture  de police  ainsi  que  par  une  information  sur les r\u00e9seaux  sociaux.\nArticle  6 \u2014 Le registre  mentionn\u00e9  \u00e0 l'article  L. 242-4  du code  de la s\u00e9curit\u00e9  int\u00e9rieure  est\ntransmis  au pr\u00e9fet  de police,  \u00e0 l'issue  de la p\u00e9riode  d'autorisation.\nArticle  7 - Le pr\u00e9fet  des  Hauts-de-Seine,  la pr\u00e9f\u00e8te,  directrice  du cabinet  du pr\u00e9fet  de police\net le directeur  de l'ordre  public  et de la circulation  sont  charg\u00e9s,  chacun  en ce qui le concerne,\nde l'ex\u00e9cution  du pr\u00e9sent  arr\u00eat\u00e9  qui entrera  en vigueur  d\u00e8s  son  affichage  aux  portes  de la\npr\u00e9fecture  de police,  sera  publi\u00e9  aux  recueils  des  actes  administratifs  du d\u00e9partement  de Paris\net de la pr\u00e9fecture  des  Hauts-de-Seine  et consultable  sur le site  internet  de la pr\u00e9fecture  de\npolice  (https://www.prefecturedepolice.interieur.gouv.fr).\nq@ 4 | r\u00e9 annFait  \u00e0 Paris,le  { | SEP. 2024\npl Laurent  NUNEZ\nces\nLe pr\u00e9fatel  dirpctrice  du cabinet\nCo >\nMagali  CHARBONNEAU\n2024-01347\n\nAnnexe  de l'arr\u00eat\u00e9  n\u00b0 2 0 24 - 0 1 3 4 7 du 11 SEP, 2024\nVOIES  ET DELAIS  DE RECOURS\nSi vous  estimez  devoir  contester  la pr\u00e9sente  autorisation,  il vous  est possible,  dans  un d\u00e9lai  de\ndeux  mois  \u00e0 compter  de la date  de son  affichage  ou de sa publication  :\n- soit  de saisir  d'un  RECOURS  GRACIEUX\nle Pr\u00e9fet  de Police\n7/9,  boulevard  du Palais  - 75195  PARIS  RP\n- ou de former  un RECOURS  HIERARCHIQUE\naupr\u00e8s  du Ministre  de l'int\u00e9rieur  et des  outre-mer\nDirection  des  libert\u00e9s  publiques  et des  affaires  juridiques\nplace  Beauvau  - 75008  PARIS\n- soit  de saisir  d'un  RECOURS  CONTENTIEUX\nle Tribunal  administratif  comp\u00e9tent\nAucune  de ces  voies  et recours  ne suspend  l'application  de la pr\u00e9sente  d\u00e9cision.\nLes recours  GRACIEUX  et HIERARCHIQUE  doivent  \u00eatre  \u00e9crits,  exposer  les arguments\nou faits  nouveaux  et comprendre  la copie  de la d\u00e9cision  contest\u00e9e.\nLe recours  contentieux,  qui  vise  \u00e0 contester  la LEGALITE  de la pr\u00e9sente  d\u00e9cision,  doit\n\u00e9galement  \u00eatre  \u00e9crit  et exposer  votre  argumentation  juridique.\nSi vous  n'aviez  pas  de r\u00e9ponse  \u00e0 votre  recours  GRACIEUX  o\u00f9 HIERARCHIQUE  dans  un\nd\u00e9lai  de deux  mois  \u00e0 compter  de la r\u00e9ception  de votre  recours  par  l'administration,\nvotre  demande  devra  \u00eatre  consid\u00e9r\u00e9e  comme  rejet\u00e9e  (d\u00e9cision  implicite  de rejet).\nEn cas  de rejet  des  RECOURS  GRACIEUX  o\u00f9 HIERARCHIQUE,  le Tribunal  administratif\npeut  \u00eatre  saisi  d'un  recours  contentieux  dans  le d\u00e9lai  de deux  mois  \u00e0 compter  de la\ndate  de la d\u00e9cision  de rejet.\n\n: if  |\nLUNE  DE DRONES  % $ :SAMEDI 14 SEPTEMBRE  2024 \\ | pee 18% : i '4\nPSG / BREST  / LUN  ss : No 7 ee,- a  4 at  = a  \u00e0\nAutoroute A13 aN \u00e0 4 aa,  Pe \"nro  *\nAv. de la porte  d'Auteuil  Au, de is porte  # Acted  Voie Bs/16  a  PORTE\nd'Auteuil  as  1.\ni  J  4 2\nf yf ane f 2\neun  es\nL7ee Sears Saree \u00e9 \u00c9 JARDINS DES 4 Vera f ae : d\n* \u2014 pin  - er  F3 \u00e9met  DO, reg  4F4 \" teur + + Stade \\ ? \u00e0 \u00e9 x  \u00e0  Simone  Mathieu  a Ff : a\nsu, nr  Us ue aeScolaire  A wo : 2 \u00e0 \u00ef id :\u00e0 = \u00bb porte  Groupe  J LA2\u00b0 > A $ * de  Scolaire\nFr ee  Lee # \u00e9co4 dos Pins x Stenberg  LA /=e 2 3 denses\\ \u0178 \u00e9 \" BOT st : /\u00c8 7 pue Men\" : He 4\n. \u00ab a $ \"2 x Ecole| lah  Nd\n\u00c9cole 3 Rone?  4\n\u00c9l\u00e9mentaire JP inde  >\nDenfertRochereau  F 4\nR %\u00bb Rue |\nParis  % # oer  ices  | \u00ab\n* Pa 7\nLP  FRS\nuse  7\n' 1 ' pi 3\nde la Reid = el 4 \u00e0 \u00e9 ;\nJ Al  + |\n\u00ab m 5 Sete!  38 % \"? $ Fe  ~\ni : : FR Point du Jour 5\nde la Nn... + t =a\n\\ es. wr finn |\nCra\u00eb Rouge  4 \\ Ar de la Porte Saint.c  4\nran\u00e7aise  4 \u00c0 js  :\ni f \u00ca Poa 1 dele Rove Vote Case Paul Menus a Cu\nCite  es as\nee ee FO put: \"eae\n' = aousr\u00e9 Sa : NS DE \\ octave ORTE win Rue Cuca Loon 4\n; : He DE SAINT-CLOUD \\ SAINT-CLOUD > * - +\n| Re matemase : .\n. : | -\n| 'k * * _ ya = \"art Vata # } % xs :\n; : s | AY AC ff %, Av Dodo de f\u00e9es %' Coe mene : we 3 3 \u00a9 ane  = 4 re  FA Stock es \u00e0.\nsf 'o Oe \\ . . | |\n\nEu\nPREFECTURE  .DE POLICE  Cabinet  du pr\u00e9fet\nLibert\u00e9\n\u00c9galit\u00e9\nFraternit\u00e9\nmn  2024-01432\naccordant  d\u00e9l\u00e9gation  de la signature  pr\u00e9fectorale\nau sein  de la direction  des  ressources  humaines\nLe pr\u00e9fet  de police,\nVU  le code  g\u00e9n\u00e9ral  des  collectivit\u00e9s  territoriales  ;\nVU le code  g\u00e9n\u00e9ral  de la fonction  publique,  notamment  son  article  L417-5  ;\nVU le d\u00e9cret  n\u00b0 2003-737  du 1\" ao\u00fbt  2003  portant  cr\u00e9ation  d'un  secr\u00e9tariat  g\u00e9n\u00e9ral  pour\nl'administration  \u00e0 la pr\u00e9fecture  de police  ;\nVU le d\u00e9cret  n\u00b0 2004-374  du 29 avril  2004  modifi\u00e9  relatif  aux  pouvoirs  des  pr\u00e9fets,  \u00e0 l'organisation  et \u00e0\nl'action  des  services  de l'\u00c9tat  dans  les r\u00e9gions  et d\u00e9partements  et notamment  son  article  77 ;\nVU le d\u00e9cret  n\u00b0 2006-1780  du 23 d\u00e9cembre  2006  portant  d\u00e9l\u00e9gation  de pouvoir  en mati\u00e9re  de\nrecrutement  et de gestion  de certains  personnels  relevant  du minist\u00e8re  de l'int\u00e9rieur  ;\nVU  le d\u00e9cret  n\u00b0 2014-296  du 6 mars  2014  relatif  aux  secr\u00e9tariats  g\u00e9n\u00e9raux  pour  l'administration  du\nminist\u00e8re  de l'int\u00e9rieur  et modifiant  diverses  dispositions  du code  de la d\u00e9fense  et du code  de la\ns\u00e9curit\u00e9  int\u00e9rieure  ;\nVU l'arr\u00eat\u00e9  pr\u00e9fectoral  n\u00b0 2009-00641  du 7 ao\u00fbt  2009  modifi\u00e9  relatif  \u00e0 l'organisation  de la pr\u00e9fecture  de\npolice  ;\nVU  l'arr\u00eat\u00e9  pr\u00e9fectoral  n\u00b0 2022-00288  du 23 mars  2022  modifi\u00e9  relatif  aux  missions  et \u00e0 l'organisation  de\nla direction  des  ressources  humaines  ;\nVU le d\u00e9cret  du 20 juillet  2022  par  lequel  M. Laurent  NUNEZ,  pr\u00e9fet,  coordonnateur  national  du\nrenseignement  et de la lutte  contre  le terrorisme,  est nomm\u00e9  pr\u00e9fet  de police  (hors  classe)  ;\nVu le d\u00e9cret  du 22 d\u00e9cembre  2022  par  lequel  M. Philippe  LE MOING  SURZUR,  administrateur  g\u00e9n\u00e9ral\nd\u00e9tach\u00e9  en qualit\u00e9  de sous-pr\u00e9fet  hors-classe,  sous-pr\u00e9fet  de Bayonne  (classe  fonctionnelle  Il) est\nnomm\u00e9  pr\u00e9fet,  secr\u00e9taire  g\u00e9n\u00e9ral  pour  l'administration  de la pr\u00e9fecture  de police  ;\nVU  le d\u00e9cret  du 16 octobre  2023  par  lequel  M. Guillaume  DOUHERET,  administrateur  de l'\u00c9tat  du grade\ntransitoire,  est nomm\u00e9  directeur  des  ressources  humaines  au secr\u00e9tariat  g\u00e9n\u00e9ral  pour  l'administration\nde la pr\u00e9fecture  de police  ;\nSUR  proposition  de la pr\u00e9f\u00e8te,  directrice  de cabinet  du pr\u00e9fet  de police,\nARR\u00caTE\nArticle  1\u00b0\nD\u00e9l\u00e9gation  est donn\u00e9e  \u00e0 M. Guillaume  DOUHERET,  directeur  des  ressources  humaines,  directement  plac\u00e9\nsous  l'autorit\u00e9  du pr\u00e9fet,  secr\u00e9taire  g\u00e9n\u00e9ral  pour  l'administration  de la pr\u00e9fecture  de police,  \u00e0 l'effet  de\nsigner,  au nom  du pr\u00e9fet  de police  et dans  la limite  de ses attributions,  tous  actes,  arr\u00eat\u00e9s,  d\u00e9cisions  et\npi\u00e8ces  comptables,  \u00e0 l'exception  de ceux  relatifs  :\n- ala  gestion  des  personnels  appartenant  \u00e0 des  corps  recrut\u00e9s  par  la voie  de l'Institut  national  du\nservice  public  et de l'\u00c9cole  Polytechnique  ;\n- \u00e0 la nomination  du directeur  et du sous-directeur  du laboratoire  central,  du directeur  de\nl'institut  m\u00e9dico-l\u00e9gal,  de l'architecte  de s\u00e9curit\u00e9  en chef,  du m\u00e9decin-chef  du service  de la\nm\u00e9decine  statutaire  et de contr\u00f4le,  du m\u00e9decin-chef  de l'infirmerie  psychiatrique  ;\n1\n\n- \u00e0 la notation  et l'\u00e9valuation  des  personnels  qui  n'appartiennent  pas  aux  services  de gestion\nadministrative  et financi\u00e9re  plac\u00e9s  sous  son  autorit\u00e9  directe.\nEn outre,  d\u00e9l\u00e9gation  est  \u00e9galement  donn\u00e9e  a M. Guillaume  DOUHERET  pour  l'ordonnancement  de la\npaye  des  agents  administratifs  et techniques  du minist\u00e8re  de l'int\u00e9rieur  affect\u00e9s  dans  les unit\u00e9s  de la\nr\u00e9gion  de gendarmerie  d'\u00cele-de-France  situ\u00e9es  dans  le ressort  du secr\u00e9tariat  g\u00e9n\u00e9ral  pour\nl'administration  du minist\u00e8re  de l'int\u00e9rieur  de la zone  de d\u00e9fense  et de s\u00e9curit\u00e9  de Paris,  et pour  les\nd\u00e9cisions  de sanctions  \u00e0 l'encontre  des  policiers  adjoints  affect\u00e9s  dans  le ressort  du secr\u00e9tariat  g\u00e9n\u00e9ral\npour  l'administration  du minist\u00e8re  de l'int\u00e9rieur  (SGAMI)  de la zone  de d\u00e9fense  et de s\u00e9curit\u00e9  de Paris.\nArticle  2\nEn cas  d'absence  ou d'emp\u00e9chement  de M. Guillaume  DOUHERET,  la d\u00e9l\u00e9gation  qui lui est consentie  \u00e0\nl'article  1 est exerc\u00e9e,  par  M. Pascal  LE BORGNE,  inspecteur  g\u00e9n\u00e9ral  de la police  nationale,  directeur\nadjoint  des  ressources  humaines.\nArticle  3\nEn cas  d'absence  ou d'emp\u00e9chement  de M. Guillaume  DOUHERET  et de M. Pascal  LE BORGNE,  la\nd\u00e9l\u00e9gation  qui  leur  est respectivement  consentie  aux  articles  1 et 2 est exerc\u00e9e,  dans  la limite  de leurs\nattributions  respectives,  par  :\n- Mme  Elsa  PEPIN  administratrice  de l'\u00c9tat,  sous-directrice  des  personnels  ;\n- Mme  Muri\u00e8le  BOIREAU,  administratrice  de l'\u00c9tat,  sous-directrice  de la pr\u00e9vention  et de la qualit\u00e9\nde vie au travail  ;\n- Mme  Marie-Astrid  CEDE,  commissaire  g\u00e9n\u00e9ral  de la police  nationale,  sous-directrice  de la\nformation  ;\n- M. Charles  MIRMAN,  conseiller  d'administration  de l'int\u00e9rieur  et de l'outre-mer,  secr\u00e9taire\ng\u00e9n\u00e9ral.\nArticle  4\nEn cas  d'absence  ou d'emp\u00e9chement  de M. Guillaume  DOUHERET  et de M. Pascal  LE BORGNE,  la\nd\u00e9l\u00e9gation  qui leur  est consentie  est exerc\u00e9e,  dans  la limite  de leurs  attributions  respectives,  par  M.\nClaude  DUFOUR,  m\u00e9decin-chef,  chef  du service  de la m\u00e9decine  statutaire  et de contr\u00f4le,  et, en cas\nd'absence  ou d'emp\u00eachement,  par  M. Laurent  SUIRE,  m\u00e9decin-chef  adjoint,  directement  plac\u00e9s  sous\nl'autorit\u00e9  de M. Claude  DUFOUR,  et Mme  S\u00e9verine  FOURNIER,  secr\u00e9taire  administrative  de classe\nnormale,  responsable  administrative  du service  de la m\u00e9decine  statutaire  et de contr\u00f4le.\nD\u00e9l\u00e9gation  est donn\u00e9e,  dans  l'application  informatique  financi\u00e8re  de l'\u00c9tat  \u00ab Chorus  Formulaires  \u00bb, aux\nfins  de certification  du service  fait,  aux  agents  ci-apr\u00e8s  d\u00e9sign\u00e9s,  dans  la limite  de leurs  attributions\nrespectives  :\n- Mme  S\u00e9verine  FOURNIER,  secr\u00e9taire  administrative  de classe  normale,  responsable\nadministrative  du service  ;\n- Mme  Lydia  MILASEVIC,  adjointe  administrative  principale  de 1\u00b0\" classe,  secr\u00e9tariat  du m\u00e9decin.\nArticle  5\nEn cas  d'absence  ou d'emp\u00eachement  de Mme  Elsa  PEPIN,  la d\u00e9l\u00e9gation  qui  lui est consentie  est  exerc\u00e9e,\ndans  la limite  de leurs  attributions  respectives,  par  :\n- M. Olivier  COMPAIN,  administrateur  de l'\u00c9tat,  adjoint  \u00e0 la sous-directrice  des  personnels  ;\n- Mme  Isabelle  KNOWLES,  administratrice  de l'Etat,  cheffe  du service  de gestion  des  personnels\nde la police  nationale,  et, en cas  d'absence  ou d'emp\u00eachement,  par  M. S\u00e9bastien  CREUSOT,\nconseiller  d'administration  de l'int\u00e9rieur  et de l'outre-mer,  adjoint  \u00e0 la cheffe  du service  ;\n- Mme  Catherine  DUCASSE,  conseill\u00e8re  d'administration  de l'int\u00e9rieur  et de l'outre-mer,  cheffe  du\nservice  de gestion  des  personnels  administratifs,  techniques,  scientifiques  et sp\u00e9cialis\u00e9s  et, en\ncas d'absence  ou d'emp\u00e9chement,  par  Mme  B\u00e9atrice  TANGUY,  attach\u00e9e  principale\nd'administration  de l'\u00c9tat,  adjointe  \u00e0 la cheffe  de service  ;\n2024-01432  2\n\n- Mme  Suzy  GAPPA,  conseill\u00e8re  d'administration  de l'int\u00e9rieur  et de l'outre-mer,  cheffe  du service\nde la synth\u00e8se  et des  ressources  et, en cas  d'absence  ou d'emp\u00eachement,  par  M. Antoine\nBALAS,  attach\u00e9  principal  de l'int\u00e9rieur  et de l'outre-mer,  adjoint  \u00e0 la cheffe  du service  de la\nsynth\u00e8se  et des  ressources  ;\n- Mme  Violaine  ROQUES,  attach\u00e9e  hors  classe  de l'int\u00e9rieur  et de l'outre-mer,  cheffe  du service  du\nrecrutement  et, en cas  d'absence  ou d'emp\u00e9chement,  par  Mme  Muriel  DRIGHES,  conseill\u00e8re\nd'administration  du minist\u00e8re  de l'int\u00e9rieur  et de l'outre-mer,  adjointe  \u00e0 la cheffe  du service.\nArticle  6\nEn cas  d'absence  ou d'emp\u00e9chement  de Mme  Marie-Astrid  C\u00c9D\u00c9,  la d\u00e9l\u00e9gation  qui  lui est  consentie  est\nexerc\u00e9e,  dans  la limite  de leurs  attributions  respectives,  par  M. Fr\u00e9d\u00e9ric  SEGURA,  commissaire\ndivisionnaire  de police,  adjoint  \u00e0 la sous-directrice  de la formation,  M. Guillaume  JUTARD,  commandant\ndivisionnaire  fonctionnel,  chef  du d\u00e9partement  des  formations,  et Mme  Sophie  DUTEIL,  attach\u00e9e\nprincipale  d'administration  de l'\u00c9tat,  cheffe  du d\u00e9partement  de la gestion  des  ressources  et des  stages.\nArticle  7\nEn cas  d'absence  ou d'emp\u00eachement  de Mme  Muri\u00e8le  BOIREAU,  la d\u00e9l\u00e9gation  qui lui est consentie  est\nexerc\u00e9e,  dans  la limite  de ses attributions,  par  Mme  Catherine  FOURCHEROT,  administratrice  de l'\u00c9tat,\nadjointe  \u00e0 la sous-directrice  de la pr\u00e9vention  et de la qualit\u00e9  de vie au travail.\nArticle  8\nEn cas  d'absence  ou d'emp\u00eachement  de M. Charles  MIRMAN,  la d\u00e9l\u00e9gation  qui  lui est  consentie  est\nexerc\u00e9e,  dans  la limite  de ses  attributions,  par  Mme  Anne  GUNTHER,  attach\u00e9e  principale\nd'administration  de l'\u00c9tat,  secr\u00e9taire  g\u00e9n\u00e9rale  adjointe.\nArticle  9\nEn cas  d'absence  ou d'emp\u00eachement  de Mme  Isabelle  KNOWLES  et de M. S\u00e9bastien  CREUSOT,  la\nd\u00e9l\u00e9gation  qui  leur  est consentie  est exerc\u00e9e,  dans  la limite  de leurs  attributions  respectives,  par  :\n- Mme  Ingrid  LATOUR,  commandante  divisionnaire  fonctionnelle  de police,  cheffe  du bureau  des\ncommissaires  et officiers  de police,  et, en cas  d'absence  ou d'emp\u00eachement,  M. David  ROBIN,\ncommandant  divisionnaire  de police,  adjoint  \u00e0 la cheffe  de bureau  ;\n- Mme  Isabelle  SOUSSAN,  conseill\u00e8re  d'administration  de l'int\u00e9rieur  et de l'outre-mer,  cheffe  du\nbureau  du corps  d'encadrement  et d'application  et des  policiers  adjoints,  et, en cas d'absence\nou d'emp\u00e9chement,  Mme  V\u00e9ronique-Anne  BLONDEL,  attach\u00e9e  d'administration  de l'\u00e9tat,\nadjointe  \u00e0 la cheffe  de bureau  ;\n- Mme  Magalie  BECHONNET,  conseill\u00e8re  d'administration  de l'int\u00e9rieur  et de l'outre-mer,  cheffe\ndu bureau  des  r\u00e9mun\u00e9rations  et des  pensions,  et, en cas  d'absence  ou d'emp\u00eachement,  Mme\nVanessa  COLONNA-DIAS,  attach\u00e9e  principale  d'administration  de l'\u00c9tat,  adjointe  \u00e0 la cheffe  du\nbureau.  En cas  d'absence  ou d'emp\u00e9chement  de ces  derni\u00e8res,  la d\u00e9l\u00e9gation  qui  leur  est\nconsentie  est exerc\u00e9e,  dans  la limite  de leurs  attributions  respectives,  par  :\n+ Mme  Marie-Claude  ROMAIN,  secr\u00e9taire  administrative  de classe  sup\u00e9rieure  de l'int\u00e9rieur  et\nde l'outre-mer,  cheffe  de la section  paie  CEA  grande  couronne  ;\n+ Mme  Cindy  VANEE,  secr\u00e9taire  administrative  de classe  normale  des  administrations\nparisiennes,  cheffe  de la section  paie  CCD,  CC  et r\u00e9serve  :\n+ Mme  Jessie  ZACHELIN,  secr\u00e9taire  administrative  de classe  sup\u00e9rieure  de l'int\u00e9rieur  et de\nl'outre-mer,  cheffe  de la section  paie  CEA  Paris  ;\n\u00ab Mme  Sindy  SAFFON,  secr\u00e9taire  administrative  de classe  normale  de l'int\u00e9rieur  et de l'outre-\nmer,  cheffe  de la section  des  policiers  adjoints  et des  cadets  de la R\u00e9publique  ;\n+ Mme  Nadia  ALIDOR,  secr\u00e9taire  administrative  de classe  sup\u00e9rieure  de l'int\u00e9rieur  et de\nl'outre-mer,  cheffe  de la section  paie  CEA  petite  couronne  ;\n+ Mme  Sylvie  SECHAYE,  secr\u00e9taire  administrative  de classe  exceptionnelle  des  administrations\nparisiennes,  cheffe  de la section  indemnit\u00e9s  ;\n2024-01432  3\n\n+ M. J\u00e9r\u00e9my  LANOUE,  secr\u00e9taire  administratif  de classe  normale  de l'int\u00e9rieur  et de l'outre-\nmer,  chef  de la section  RIFSEEP  \u00c9tat  ;\n+ Mme  Corinne  PARMENTIER,  secr\u00e9taire  administrative  de classe  exceptionnelle  de l'int\u00e9rieur\net de l'outre-mer,  cheffe  du p\u00f4le  r\u00e9mun\u00e9rations  - site  de Versailles  ;\n+ Mme  Sylvie  LEBESLOUR,  secr\u00e9taire  administrative  de classe  normale  de l'int\u00e9rieur  et de\nl'outre-mer,  cheffe  de la section  paie  PATS  petite  couronne  ;\n* Mme  Myl\u00e8ne  PAILLET,  secr\u00e9taire  administrative  de classe  exceptionnelle  de l'int\u00e9rieur  et de\nl'outre-mer,  cheffe  de la section  paie  PATS  grande  couronne  ;\n+ Mme  Laurence  GUILLOU,  secr\u00e9taire  administrative  de classe  sup\u00e9rieure  de l'int\u00e9rieur  et de\nl'outre-mer,  cheffe  du p\u00f4le  pensions,  validations  et affiliations,  cong\u00e9s  bonifi\u00e9s  et cartes  de\nretraite  ;\n+ Mme  Abigail  AUGUSTIN,  secr\u00e9taire  administrative  de classe  normale  de l'int\u00e9rieur  et de\nl'outre-mer,  cheffe  de la section  des  affiliations  r\u00e9troactives,  des  validations  de service  et des\nrachats  d'ann\u00e9e  d'\u00e9tude  ;\n+ M. Philippe  BABIN  de LIGNAC,  secr\u00e9taire  administratif  de classe  sup\u00e9rieure  de l'int\u00e9rieur  et\nde l'outre-mer,  gestionnaire  de la section  pensions  ;\n+ Mme  Martine  GRZESKOWIAK,  secr\u00e9taire  administrative  de classe  normale  de l'int\u00e9rieur  et\nde l'outre-mer,  cheffe  de la section  cong\u00e9s  bonifi\u00e9s  ;\n- Mme  Fanny  TILLY  attach\u00e9e  d'administration  de l'\u00c9tat,  cheffe  du bureau  du dialogue  social  et des\naffaires  r\u00e9serv\u00e9es,  et, en cas  d'absence  ou d'emp\u00eachement,  Mme  Elisabeth  LAFONT,  secr\u00e9taire\nadministrative  de classe  normale  de l'int\u00e9rieur  et de l'outre-mer,  cheffe  de la section  du dialogue\nsocial  ;\n- Mme  Myriam  BENHAMMOU,  attach\u00e9e  principale  d'administration  de l'Etat,  cheffe  du bureau\ndes  affaires  m\u00e9dicales  police,  et, en cas  d'absence  ou d'emp\u00eachement,  Mme  Myl\u00e8ne\nDAUBERTON-MERI,  secr\u00e9taire  administrative  de classe  sup\u00e9rieure  de l'int\u00e9rieur  et de l'outre-mer,\nadjointe  \u00e0 la cheffe  de bureau.  En cas  d'absence  ou d'emp\u00eachement  de ces  derni\u00e8res,  la\nd\u00e9l\u00e9gation  qui leur  est consentie  est exerc\u00e9e,  dans  la limite  de leurs  attributions  respectives,\npar:\n+ Mme  Tahia  BOINA,  secr\u00e9taire  administrative  de classe  normale  de l'int\u00e9rieur  et de l'outre-\nmer,  cheffe  de la section  maladie  ;\n+ Mme  Afef  ATIG,  secr\u00e9taire  administrative  de classe  normale  de l'int\u00e9rieur  et de l'outre-mer,\ncheffe  de la section  des  policiers  adjoints  ;\n- M. Christophe  LEGOUIX,  attach\u00e9  principal  d'administration  de l'\u00c9tat,  chef  du bureau  de la\ndiscipline  police,  et, en cas  d'absence  ou d'emp\u00eachement,  Mme  Samia  FETTOUM,  attach\u00e9e\nd'administration  de l'\u00c9tat,  adjointe  au chef  de bureau.\nArticle  10\nEn cas  d'absence  ou d'emp\u00e9chement  de Mme  Catherine  DUCASSE  et de Mme  B\u00e9atrice  TANGUY,  la\nd\u00e9l\u00e9gation  qui leur  est consentie  est exerc\u00e9e,  dans  la limite  de leurs  attributions  respectives,  par  :\n- M. Camille  TERRIER,  attach\u00e9  d'administration  de l'\u00c9tat,  chef  du bureau  du dialogue  social,  de la\ndiscipline  et des  statuts  et M. R\u00e9mi  HELFER,  attach\u00e9  d'administration  de l'\u00c9tat  et M. Morgan\nDESHAYES,  attach\u00e9  d'administration  de l'\u00c9tat,  adjoints  au chef  de bureau  ;\n- M. Laurent  LE GOUIC,  attach\u00e9  principal  d'administration  de l'\u00c9tat,  chef  du bureau  des\npersonnels  administratifs,  et M. Willy  BONHOMME,  attach\u00e9  principal  d'administration  de l'\u00c9tat,\nadjoint  au chef  de bureau,  et, pour  signer  les \u00e9tats  de service,  Mme  NORIA  GACEM,  secr\u00e9taire\nadministrative  de classe  normale  de l'int\u00e9rieur  et de l'outre-mer,  Mme  Murielle  DESPRAT,\nsecr\u00e9taire  administrative  de classe  normale  des  administrations  parisiennes,  et Mme  Leslie\nEGARNES-TRESOR,  secr\u00e9taire  administrative  de classe  normale  de l'int\u00e9rieur  et de l'outre-mer  ;\n- M. Micka\u00ebl  HERY-SAUTOT,  attach\u00e9  d'administration  de l'\u00c9tat,  chef  du bureau  des  personnels\ntechniques,  scientifiques  et sp\u00e9cialis\u00e9s  et Mme  M\u00e9lin\u00e9  GUIRAGOSSIAN,  contractuelle\nadministrative  de cat\u00e9gorie  A, adjointe  au chef  du bureau,  et pour  signer  les \u00e9tats  de service,\nMme  Aisetou  TANDIA,  secr\u00e9taire  administrative  de classe  normale  des  administrations\nparisiennes,  Mme  Martine  CHATHUANT  secr\u00e9taire  administrative  de classe  normale  des\n2024-01432  '\n\nadministrations  parisiennes,  M. Khalilou  WAGUE,  secr\u00e9taire  administratif  de classe  normale  des\nadministrations  parisiennes  et Mme  Martine  POIRIER,  adjointe  administrative  principale  de 1\u00b0\"\nclasse  des  administrations  parisiennes  ;\n- M. Gabriel  CHAVAUDRA-CARBON,  attach\u00e9  d'administration  de l'\u00c9tat,  chef  du bureau  des\naffaires  m\u00e9dicales  et Mme  Zahoua  BENIKEN,  secr\u00e9taire  administrative  de classe  normale  des\nadministrations  parisiennes,  adjointe  au chef  du bureau.  En cas  d'absence  ou d'emp\u00eachement\nde ces  derniers,  la d\u00e9l\u00e9gation  qui  leur  est consentie  est exerc\u00e9e,  dans  la limite  de leurs\nattributions  respectives,  par  :\n+ Mme  Ang\u00e9lique  MOREL,  secr\u00e9taire  administrative  de classe  normale  des  administrations\nparisiennes,  cheffe  de la section  des  conseils  m\u00e9dicaux  ;\n+ Mme  Laetitia  MERLO,  secr\u00e9taire  administrative  de classe  normale  des  administrations\nparisiennes,  cheffe  de la section  des  blessures  en service  et des  temps  m\u00e9dicaux  ;\n- Mme  Yamina  BOUSALAH,  attach\u00e9e  principale  d'administration  de l'\u00c9tat,  cheffe  du bureau  des\nr\u00e9mun\u00e9rations  et des  pensions,  et M. Dimitri  WIELICZKO,  secr\u00e9taire  administratif  de classe\nexceptionnelle  des  administrations  parisiennes,  adjoint  \u00e0 la cheffe  de bureau,  et, Mme  Adeline\nFONTAINE,  secr\u00e9taire  administrative  de classe  exceptionnelle  des  administrations  parisiennes,\nMme  Sandrine  REMAUD,  secr\u00e9taire  administrative  de classe  normale  de l'int\u00e9rieur  et de l'outre-\nmer,  M. Lo\u00efc  DIRAISON,  secr\u00e9taire  administratif  de classe  normale  des  administrations\nparisiennes,  M. Amadou  MOHAMAN  YERO,  secr\u00e9taire  administratif  de classe  normale  des\nadministrations  parisiennes.\nArticle  11\nEn cas  d'absence  ou d'emp\u00e9chement  de Mme  Suzy  GAPPA  et de M. Antoine  BALAS,  la d\u00e9l\u00e9gation  quileur  est consentie  est exerc\u00e9e,  dans  la limite  de ses attributions  respectives,  par  :\n- M. Jean-Marc  WESTRICH,  ing\u00e9nieur  principal  des  syst\u00e8mes  d'information  et de communication,\nchef  du bureau  d'administration  des  SIRH,  M. Willy  BALISIER,  ing\u00e9nieur  principal  des  syst\u00e8mes\nd'information  et de communication,  et M. Max  LAMBEAU,  cadre  contractuel,  adjoints  au chef  du\nbureau  d'administration  des  SIRH  ;\n- Mme  St\u00e9phanie  DUPIRE-PETITFILS,  commandant  de police,  cheffe  du bureau  des  ressources  etdu temps  de travail  et M. William  PROMENEUR,  secr\u00e9taire  administratif  de classe  normale  des\nadministrations  parisiennes,  adjoint  \u00e0 la cheffe  du bureau  des  ressources  et du temps  de travail.\nArticle  12\nEn cas  d'absence  ou d'emp\u00e9chement  de Mme  Violaine  ROQUES  et de Mme  Muriel  DRIGHES,  lad\u00e9l\u00e9gation  qui leur  est consentie  est exerc\u00e9e,  dans  la limite  de leurs  attributions  respectives,  par  :\n- M. Philippe  BOULANGER,  attach\u00e9  principal  d'administration  de l'Etat,  chef  du bureau  des\nconcours,  des  examens  et des  recrutements  sans  concours  et M. Xavier  CASTAING,  attach\u00e9\nd'administration  de l'\u00c9tat,  adjoint  au chef  du bureau.\n- D\u00e9l\u00e9gation  est  donn\u00e9e,  dans  l'application  informatique  financi\u00e8re  de l'\u00c9tat  \u00ab Chorus\nFormulaires  \u00bb, aux  fins  de certification  du service  fait  \u00e0 Mme  Rhizl\u00e8ne  AMRAOUI,  secr\u00e9taire\nadministrative  de classe  normale  des  administrations  parisiennes  cheffe  de la mission  des\naffaires  g\u00e9n\u00e9rales  ;\n- Mme  Lydie  SAPOR,  attach\u00e9e  d'administration  de l'\u00c9tat,  cheffe  du bureau  des  r\u00e9servistes,  et \u00e0\nMme  Marie-Laetitia  PHOCION,  attach\u00e9e  d'administration  de l'\u00c9tat,  adjointe  \u00e0 la cheffe  dubureau  des  r\u00e9servistes  ;\n- Mme  Marie-Astrid  DERUEL,  attach\u00e9e  principale  d'administration  de l'\u00c9tat,  cheffe  du bureau  des\ncontractuels.\nD\u00e9l\u00e9gation  de signature  est accord\u00e9e  aux  personnes  ci-apr\u00e8s,  aux  fins  de signer  les pi\u00e8ces  comptables\nconcernant  les d\u00e9placements  temporaires  et valider  dans  l'application  Chorus  DT en qualit\u00e9  de service\ngestionnaire  ou gestionnaire  valideur,  les ordres  de mission,  les \u00e9tats  de frais  et les commandes  sur le\nmarch\u00e9  voyagiste  sur le p\u00e9rim\u00e8tre  du SGAMI  d'\u00cele-de-France  :\n- Mme  Violaine  ROQUES,  cheffe  du service  du recrutement  ;\n- Mme  Muriel  DRIGHES,  adjointe  \u00e0 la cheffe  du service  du recrutement  ;\n2024-014325\n\nMme  Rhizl\u00e8ne  AMAROUI,  secr\u00e9taire  administrative  de classe  normale  des  administrations\nparisiennes,  cheffe  de la mission  des  affaires  g\u00e9n\u00e9rales.\nArticle  13\nEn cas  d'absence  ou d'emp\u00e9chement  de Mme  Muri\u00e9le  BOIREAU  et de Mme  Catherine  FOURCHEROT,  la\nd\u00e9l\u00e9gation  qui leur  est consentie  est exerc\u00e9e,  dans  la limite  de leurs  attributions  respectives,  par  :\nM. Frantz  DRAGAZ  attach\u00e9  d'administration  de l'\u00c9tat  chef  du bureau  du logement,  et, en cas\nd'absence  ou d'emp\u00eachement,  par  Mme  Laur\u00e8ne  SANVOISIN  attach\u00e9e  d'administration  del'\u00c9tat,  adjointe  au chef  de bureau  et M. Jean-Ren\u00e9  NKWANGA,  attach\u00e9  d'administration  de\nl'\u00c9tat,  chef  de la section  attribution  de logement,  et M. Alex-Vivien  ETCHENDA,  attach\u00e9\nd'administration  de l'Etat,  chef  de la section  gestion  de l'offre  de logements  ;\nMme  Val\u00e9rie  EL GHAZI,  attach\u00e9e  principale  d'administration  de l'\u00c9tat,  cheffe  du bureau  de\nl'accompagnement  social  et de la politique  d'accueil  de la petite  enfance,  et, en cas  d'absence\nou d'emp\u00eachement,  Mme  Sandrine  FARO,  attach\u00e9e  d'administration  de l'\u00c9tat,  adjointe  \u00e0 la\ncheffe  de bureau;\nMme  Dahbia  BEN  HAMOUDI,  cadre  sup\u00e9rieure  de sant\u00e9,  directrice  de la cr\u00e8che  collective  de la\npr\u00e9fecture  de police,  et, en cas  d'absence  ou d'emp\u00eachement,  par  Mme  Gwenn  ENGEL\nMARHIC,  infirmi\u00e8re  en soins  g\u00e9n\u00e9raux  et sp\u00e9cialis\u00e9s  de 3\u00b0\"  grade,  et Mme  Clivia  NICOLINI,\n\u00e9ducatrice  de jeunes  enfants  de classe  exceptionnelle,  adjointes  \u00e0 la directrice  de la cr\u00e8che  ;\nMme  Sophie  SOUBIGOU-TETREL,  attach\u00e9e  principale  d'administration  de l'\u00c9tat,  cheffe  du\nbureau  de la restauration  sociale,  et, en cas  d'absence  ou d'emp\u00eachement,  par  Mme  Marie\nMYRTIL,  attach\u00e9e  d'administration  de l'\u00c9tat,  adjointe  \u00e0 la cheffe  de bureau  ;\nMme  Doroth\u00e9e  NIOGRET,  attach\u00e9e  principale  d'administration  de l'\u00c9tat,  cheffe  du bureau  de la\npr\u00e9vention,  du soutien  et des  conditions  de travail,  et, en cas  d'absence  ou d'emp\u00eachement,  par\nMme  Florence  MALNOY,  attach\u00e9e  d'administration  de l'Etat,  adjointe  \u00e0 la cheffe  de bureau  ;\nMme  H\u00e9l\u00e8ne  GAVAZZI,  attach\u00e9e  d'administration  de l'Etat,  cheffe  du bureau  de la coordination\net des  moyens,  et, en cas  d'absence  ou d'emp\u00eachement,  par  M. Valentin  LELEUX,  secr\u00e9taire\nadministratif  de classe  normale  des  administrations  parisiennes,  chef  de la section  logistique  et\nimmobilier  ;\nM. Jean-Yves  CHEVET,  m\u00e9decin  du travail,  chef  du service  de m\u00e9decine  de pr\u00e9vention,  et, en cas\nd'absence  ou d'emp\u00e9chement,  Mme  Sondes  EL FEKI  M'HIRI,  m\u00e9decin  du travail,  adjointe  au chef\ndu service  de m\u00e9decine  de pr\u00e9vention.\nD\u00e9l\u00e9gation  est donn\u00e9e,  dans  l'application  informatique  financi\u00e8re  de l'\u00c9tat  \u00ab Chorus  Formulaires  \u00bb, auxfins  de certification  du service  fait,  aux  agents  ci-apr\u00e8s  d\u00e9sign\u00e9s,  dans  la limite  de leurs  attributions\nrespectives  :\nMme  Elena  AMIDIFARD,  adjoint  administrative  principale  de 2*\"*  classe  de l'int\u00e9rieur  et de\nl'outre-mer,  charg\u00e9e  du suivi  financier  et comptable  des  prestations  de restauration  ;\nM. Karim  BEN-BOUALI,  agent  contractuel,  charg\u00e9  de mission  au bureau  de la pr\u00e9vention,  du\nsoutien  et des  conditions  de travail  ;\nMme  Christine  BERTRAND,  adjointe  administrative  principale  de 1\u00b0* classe  des  administrations\nparisiennes,  secr\u00e9taire  du CLAS  75 et gestionnaire  m\u00e9dailles  ;\nM. Patrice  COUTEAU,  secr\u00e9taire  administratif  de classe  exceptionnelle  des  administrations\nparisiennes,  gestionnaire  administratif  et financier  au bureau  de l'accompagnement  social  et de\nla politique  d'accueil  de la petite  enfance  ;\nM. Frantz  DRAGAZ,  attach\u00e9  d'administration  de l'\u00c9tat,  chef  du bureau  du logement  ;\nMme  Val\u00e9rie  EL GHAZI,  attach\u00e9e  principale  d'administration  de l'\u00c9tat,  cheffe  du bureau  de\nl'accompagnement  social  et de la politique  d'accueil  de la petite  enfance  ;\nM. Alex-Vivien  ETCHENDA,  attach\u00e9  d'administration  de l'Etat,  chef  de la section  gestion  de\nl'offre  de logements  ;\nMme  Sandrine  FARO,  attach\u00e9e  d'administration  de l'\u00c9tat,  adjointe  \u00e0 la cheffe  du bureau  de\nl'accompagnement  social  et de la politique  d'accueil  de la petite  enfance  ;\nMme  H\u00e9l\u00e8ne  GAVAZZI,  attach\u00e9e  d'administration  de l'\u00c9tat,  cheffe  du bureau  de la coordination\net des  moyens  ;\n2024-01432  5\n\n- Mme  Doroth\u00e9e  NIOGRET,  attach\u00e9e  principale  d'administration  de l'\u00c9tat,  cheffe  du bureau  de la\npr\u00e9vention,  du soutien  et des conditions  de travail  ;\n- Mme  Aur\u00e9lie  PERRAULT,  agente  contractuelle  A, pr\u00e9ventrice  au bureau  de la pr\u00e9vention,  du\nsoutien  et des  conditions  de travail  ;\n- M. Victor  RICARDO  MORAIS,  attach\u00e9  d'administration  de l'\u00c9tat,  adjoint  \u00e0 la cheffe  du bureau  de\nla restauration  sociale  ;\n- Mme  Laur\u00e9ne  SANVOISIN,  attach\u00e9e  d'administration  de l'\u00c9tat,  adjointe  au chef  de bureau  du\nlogement  ;\n- Mme  Sophie  SOUBIGOU-TETREL,  attach\u00e9e  principale  d'administration  de l'\u00c9tat,  cheffe  du\nbureau  de la restauration  sociale  ;\n- Mme  Nad\u00e9ge  SOUCHU,  secr\u00e9taire  administrative  de classe  normale  des  administrations\nparisiennes,  charg\u00e9e  du suivi  financier  et comptable  des  prestations  de restauration  ;\n- M. St\u00e9phane  TANCREZ,  adjoint  administratif  principal  de 2*TM  classe  des administrations\nparisiennes,  secr\u00e9taire  du CLAS  75 et gestionnaire  m\u00e9dailles  ;\n- Mme  Sofia  TITOUCHE,  secr\u00e9taire  administrative  de classe  normale  des  administrations\nparisiennes,  gestionnaire  handicap  ;\n- Mme  Biljana  VELJKOVIC,  adjointe  administrative  principal  de 1\u00b0 classe  des administrations\nparisiennes,  gestionnaire  budg\u00e9taire  au sein  du bureau  de la coordination  et des  moyens.\nArticle  14\nEn cas d'absence  ou d'emp\u00eachement  de Mme  Marie-Astrid  CEDE,  de M. Fr\u00e9d\u00e9ric  SEGURA,  de M.\nGuillaume  JUTARD  et de Mme  Sophie  DUTEIL,  la d\u00e9l\u00e9gation  qui leur  est consentie  est exerc\u00e9e,  dans  la\nlimite  de leurs  attributions  respectives,  par Mme  Halima  MAMMERI,  attach\u00e9e  d'administration  de l'\u00c9tat,\nadjointe  \u00e0 la cheffe  du d\u00e9partement  de la gestion  des  ressources  et des  stages,  cheffe  de la division\nadministrative,  Mme  Magali  MAIGNEN-MAZI\u00c8RE,  attach\u00e9e  d'administration  de l'\u00c9tat,  cheffe  de la\ndivision  des  moyens  op\u00e9rationnels  et logistiques,  Mme  Sophie  GUENET,  attach\u00e9e  d'administration  de\nl'\u00c9tat,  cheffe  de la division  de la gestion  des stages  externes,  et M. S\u00e9bastien  BULTEZ,  secr\u00e9taire\nadministratif  de classe  normale  de l'int\u00e9rieur  et de l'outre-mer,  chef  du p\u00f4le  financier.\nD\u00e9l\u00e9gation  est donn\u00e9e,  dans  l'application  informatique  financi\u00e8re  de l'\u00c9tat  \u00ab Chorus  Formulaires  \u00bb, aux\nfins  de certification  du service  fait,  \u00e0 l'agent  ci-apr\u00e8s  d\u00e9sign\u00e9,  dans  la limite  de ses attributions  :\n- Mme  Audrey  GRUET  secr\u00e9taire  administrative  de classe  normale  des  administrations\nparisiennes,  cheffe  de l'unit\u00e9  de gestion  des  cr\u00e9dits  de fonctionnement  et d'\u00e9quipement  ;\n- Mme  Barbara  PAYET  secr\u00e9taire  administrative  de classe  normale  de l'int\u00e9rieur  et de l'outre-mer,\ncheffe  du p\u00f4le  des  moyens;\n- M. Medhi  KHELFA,  adjoint  administratif  principal  2\u00b0\"  classe  des administrations  parisiennes,\ngestionnaire.\nD\u00e9l\u00e9gation  de signature  est accord\u00e9e  aux  personnes  ci-apr\u00e8s,  aux  fins  de signer  les pi\u00e8ces  comptables\nconcernant  les d\u00e9placements  temporaires  et valider  dans  l'application  Chorus  DT en qualit\u00e9  de service\ngestionnaire  ou gestionnaire  valideur,  les ordres  de mission,  les \u00e9tats  de frais  et les commandes  sur le\nmarch\u00e9  voyagiste  sur le p\u00e9rim\u00e8tre  de la pr\u00e9fecture  de police  :\n- Mme  Sophie  DUTEIL,  attach\u00e9e  principale  d'administration  de l'\u00c9tat,  cheffe  du d\u00e9partement  de\nla gestion  des  ressources  et des  stages  ;\n- Mme  Magali  MAIGNEN-MAZIERE,  attach\u00e9e  d'administration  de l'\u00c9tat,  cheffe  de la division  des\nmoyens  op\u00e9rationnels  et logistiques  ;\n- Mme  Ang\u00e9lique  QUEVAL,  secr\u00e9taire  administrative  de classe  exceptionnelle  des  administrations\nparisiennes,  cheffe  de la division  du pilotage  et de la formation  ;\n- Mme  Barbara  PAYET  secr\u00e9taire  administrative  de classe  normale  de l'int\u00e9rieur  et de l'outre-mer,\ncheffe  du p\u00f4le  des  moyens  ;\n- Mme  Audrey  GRUET  secr\u00e9taire  administrative  de classe  normale  des administrations\nparisiennes,  cheffe  de l'unit\u00e9  de gestion  des cr\u00e9dits  de fonctionnement  et d'\u00e9quipement  ;\n2024-01432\n\n- M. Medhi  KHELFA,  adjoint  administratif  principal  2\u00b0\"  classe  des administrations  parisiennes,\ngestionnaire.\nArticle  15\nEn cas d'absence  ou d'emp\u00eachement  de M. Charles  MIRMAN  et de Mme  Anne  GUNTHER,  la d\u00e9l\u00e9gation\nqui leur  est consentie  est exerc\u00e9e,  dans  la limite  de leurs  attributions  respectives,  par  Mme  Emmanuelle\nCHUPEAU,  secr\u00e9taire  administrative  de classe  sup\u00e9rieure  des  administrations  parisiennes,  pour\nvalider  dans  l'outil  CORIOLIS  les actes  d'engagement  comptables  et financiers,  les demandes\nd'ordonnancement  et les demandes  de virement  de cr\u00e9dits  relatifs  aux  d\u00e9penses  imput\u00e9es  sur le\nbudget  sp\u00e9cial  de la direction  des  ressources  humaines,  et par  M. J\u00e9r\u00f4me  SERANDOUR,  secr\u00e9taire\nadministratif  de classe  sup\u00e9rieure  des  administrations  parisiennes,  pour  valider  les formulaires  \u00ab\ndemande  d'achat  \u00bb et les formulaires  \u00ab service  fait  \u00bb dans  l'outil  CHORUS  Formulaires.  En l'absence\nde M. J\u00e9r\u00f4me  SERANDOUR,  d\u00e9l\u00e9gation  est donn\u00e9e  \u00e0 Mme  Caroline  PAVILLA,  adjointe\nadministrative  principale  de 1\u00b0\" classe  de l'int\u00e9rieur  et de l'outre-mer  et Mme  Lisa  PIERRE-NICOLAS,\nadjointe  administrative  principale  de 2\u00b0\"  classe  de l'int\u00e9rieur  et de l'outre-mer,  pour  valider  les\nformulaires  \u00ab demande  d'achat  \u00bb et les formulaires  \u00ab service  fait  \u00bb dans  l'outil  CHORUS  Formulaires.\nD\u00e9l\u00e9gation  est donn\u00e9e,  dans  l'application  informatique  financi\u00e8re  de l'\u00c9tat  \u00ab Chorus  Formulaires  \u00bb, aux\nfins  de certification  du service  fait,  aux  agents  ci-apr\u00e8s  d\u00e9sign\u00e9s,  dans  la limite  de leurs  attributions\nrespectives  :\n- Mme  Virginie  CHEVALIER,  adjointe  administrative  principale  de 2*\"\u00b0  classe  des  administrations\nparisiennes,  gestionnaire  budget  police  nationale  ;\n- Mme  Anne  GUNTHER,  attach\u00e9e  principale  d'administration  de l'\u00c9tat,  secr\u00e9taire  g\u00e9n\u00e9rale\nadjointe  ;\n- M. Charles  MIRMAN,  conseiller  d'administration  de l'int\u00e9rieur  et de l'outre-mer,  secr\u00e9taire\ng\u00e9n\u00e9ral  ;\n- Mme  Caroline  PAVILLA,  adjointe  administrative  principale  de 1** classe  de l'int\u00e9rieur  et de\nl'outre-mer,  gestionnaire  budget  police  nationale  ;\n- Mme  Lisa  PIERRE-NICOLAS,  adjointe  administrative  principale  de 2*\"*  classe  de l'int\u00e9rieur  et de\nl'outre-mer  ;\n- M. J\u00e9r\u00f4me  SERANDOUR,  secr\u00e9taire  administratif  de classe  sup\u00e9rieure  des  administrations\nparisiennes,  responsable  du p\u00f4le  budget  police  nationale.\nD\u00e9l\u00e9gation  de signature  est accord\u00e9e  aux  personnes  ci-apr\u00e8s,  aux  fins  de signer  les pi\u00e8ces  comptables\nconcernant  les d\u00e9placements  temporaires  et valider  dans  l'application  Chorus  DT en qualit\u00e9  de service\ngestionnaire  ou gestionnaire  valideur,  les ordres  de mission,  les \u00e9tats  de frais  et les commandes  sur le\nmarch\u00e9  voyagiste  sur le p\u00e9rim\u00e8tre  du SGAMI  d'\u00cele-de-France  :\n- M. Charles  MIRMAN,  conseiller  d'administration  de l'int\u00e9rieur  et de l'outre-mer,  secr\u00e9taire\ng\u00e9n\u00e9ral  ;\n- Mme  Anne  GUNTHER,  attach\u00e9e  principale  d'administration  de l'\u00c9tat,  secr\u00e9taire  g\u00e9n\u00e9rale\nadjointe  ;\n- M. J\u00e9r\u00f4me  SERANDOUR,  secr\u00e9taire  administratif.  de classe  sup\u00e9rieure  des  administrations\nparisiennes,  responsable  du p\u00f4le  budget  police  nationale.\nArticle  16\nLa pr\u00e9f\u00e8te,  directrice  de cabinet  et le pr\u00e9fet,  secr\u00e9taire  g\u00e9n\u00e9ral  pour  l'administration  de la pr\u00e9fecture  de\npolice,  sont  charg\u00e9s,  chacun  en ce qui les concerne,  de l'ex\u00e9cution  du pr\u00e9sent  arr\u00eat\u00e9  qui sera  publi\u00e9  aux\nrecueils  des  actes  administratifs  des  pr\u00e9fectures  des  d\u00e9partements  de la zone  de d\u00e9fense  et de s\u00e9curit\u00e9\nde Paris.\n2 7 SEP. 2024 UT Fait  \u00e0 Paris,  le\n__  |  \u2014\u2014\nLaurent  NUNEZ\n2024-01432  8\n\nPREFECTURE  PREFET\nDE POLICE  DE SEINE-ET-MARNE\nLibert\u00e9  Libert\u00e9aol pol\nArr\u00e9t\u00e9  n\u00b0 2024-01537\nportant  encadrement  du d\u00e9placement  de supporters  et instaurant  un p\u00e9rim\u00e8tre\ncomportant  certaines  mesures  de police  \u00e0 l'occasion  de la rencontre  de football  de\nLigue  1 du samedi  19 octobre  2024  entre  les \u00e9quipes  du Paris  Saint-Germain  et du Racing\nClub  de Strasbourg  Alsace  au Parc  des  Princes\nLe pr\u00e9fet  de police,  le pr\u00e9fet  de Seine-et-Marne,\nVu le code  g\u00e9n\u00e9ral  des  collectivit\u00e9s  territoriales,  notamment  son  article  2512-13  ;\nVu le code  p\u00e9nal;\nVu le code  de proc\u00e9dure  p\u00e9nale  ;\nVu le code  du sport,  notamment  son  article  L. 332-16-2  ;\nVu le code  de la s\u00e9curit\u00e9  int\u00e9rieure,  notamment  ses articles  L. 122-1  et L. 122-2;\nVu le d\u00e9cret  n\u00b0 2004-374  du 29 avril  2004  modifi\u00e9  relatif  aux  pouvoirs  des  pr\u00e9fets,  \u00e0\nl'organisation  et \u00e0 l'action  des  services  de l'Etat  dans  les r\u00e9gions  et d\u00e9partements,\nnotamment  ses  articles  72 et 73;\nVu la circulaire  du ministre  de l'Int\u00e9rieur  INTK2127556]J  du 10 septembre  2021,  compl\u00e9t\u00e9e\npar  la circulaire  INTK2133195)  du 31 d\u00e9cembre  2021  relatives  aux  mesures  de police\nadministrative  pour  lutter  contre  la violence  dans  les stades  \u00c0\nVu la circulaire  du ministre  de l'Int\u00e9rieur  INTD2205085J  du 25 avril  2022  relatives  aux\nrencontres  sportives  \u00e0 risques  et interdictions  de d\u00e9placement  de supporters  ;\nVu le d\u00e9cret  du 20 juillet  2022  par  lequel  M. Laurent  NUNEZ,  pr\u00e9fet,  coordonnateur  national\ndu renseignement  et de la lutte  contre  le terrorisme,  est nomm\u00e9  pr\u00e9fet  de police  (hors\nclasse);\nVu le d\u00e9cret  du 6 septembre  2023  par  lequel  M. Pierre  ORY,  pr\u00e9fet  de Maine-et-Loire,  est\nnomm\u00e9  pr\u00e9fet  de Seine-et-Marne  ;\nConsid\u00e9rant  que,  en application  des  articles  L. 122-1  et L. 122-2  du code  de la s\u00e9curit\u00e9\nint\u00e9rieure  et 72 et 73 du d\u00e9cret  du 29 avril  2004  susvis\u00e9,  le pr\u00e9fet  de police  a la charge  de\nl'ordre  public,  notamment  la pr\u00e9vention  des  atteintes  \u00e0 la s\u00e9curit\u00e9  des  personnes  et des\nbiens,  \u00e0 Paris  et dans  le d\u00e9partement  des  Hauts-de-Seine  ;\nConsid\u00e9rant  que,  en application  de l'article  L. 332-16-2  du code  du sport,  le repr\u00e9sentant\nde l'Etat  dans  le d\u00e9partement  ou,  \u00e0 Paris,  le pr\u00e9fet  de police  peut,  par  arr\u00eat\u00e9,  restreindre  la\nlibert\u00e9  d'aller  et de venir  des  personnes  se pr\u00e9valant  de la qualit\u00e9  de supporter  d'une  \u00e9quipe\nou se comportant  comme  tel sur  les lieux  d'une  manifestation  sportive  et dont  la pr\u00e9sence\nest susceptible  d'occasionner  des  troubles  graves  \u00e0 l'ordre  public;  que  le fait  pour  les\npersonnes  concern\u00e9es  de ne pas  se conformer  \u00e0 l'arr\u00eat\u00e9  pris  en application  des  deux\n1\n\npremiers  alin\u00e9as  est puni  de six mois  d'emprisonnement  et d'une  amende  de 30 000\u20ac,  en\napplication  du m\u00eame  article  ; que  cet  encadrement  du d\u00e9placement  implique  une  prise  en\ncharge  de groupes  de supporters  de l'\u00e9quipe  visiteur  depuis  le p\u00e9age  de Saint-Arnoult  dans\nles Yvelines  jusqu'au  Parc  des  Princes,  selon  les prescriptions  mentionn\u00e9es  ci-apr\u00e8s  ;\nConsid\u00e9rant  que  se tiendra  le samedi  19 octobre  2024  \u00e0 21h00  un match  de football  pour\nle compte  de la 8\u00e8me  journ\u00e9e  du championnat  de football  de Ligue  1 au stade  du Parc  des\nPrinces  \u00e0 Paris  16\u00e8me,  qui opposera  les \u00e9quipes  du Paris  Saint-Germain  et du Racing  Club\nde Strasbourg  Alsace  ; qu'il  existe  des  risques  de troubles  \u00e0 l'ordre  public  entre  les soutiens\ndes  deux  \u00e9quipes  du fait  du comportement  violent  de certains  supporters  ou d'individus  se\npr\u00e9valant  de la qualit\u00e9  de supporter,  tant  par  des  rixes  ou invectives  entre  supporters  que\npar  des  violences  contre  les forces  de l'ordre  ou par  des  jets  de divers  projectiles,  p\u00e9tards\nou fumig\u00e8nes  ; qu'il  existe  un contentieux  historique  entre  les supporters  ultras  des  deux\nclubs;  que  le 27 mai  2023,  plusieurs  supporters  ultras  du Paris  Saint-Germain  se sont\nrassembl\u00e9s  en Allemagne  \u00e0 proximit\u00e9  de Strasbourg  et ont  incit\u00e9  les supporters\nstrasbourgeois  \u00e0 venir  les affronter  ; qu'une  rencontre  entre  les supporters  ultras  de ces\ndeux  clubs  pourrait  \u00eatre  de nature  \u00e0 causer  des  troubles  \u00e0 l'ordre  public  ;\nConsid\u00e9rant  que  les supporters  class\u00e9s  \u00e0 risque  pourraient  faire  usage  d'engins\npyrotechniques  et d\u00e9tonants;  que  l'usage  d'engins  pyrotechniques  et d\u00e9tonants  est\nconstitutif  d'un  d\u00e9lit  puni  de trois  ans  d'emprisonnement  et de 15 000  euros  d'amende  en\napplication  de l'article  L. 332-8  du code  du sport  ;\nConsid\u00e9rant  que  cette  rencontre  s'inscrit  dans  un contexte  de menace  terroriste  aigue  qui\nsollicite  \u00e0 un niveau  particuli\u00e8rement  \u00e9lev\u00e9  les forces  de s\u00e9curit\u00e9  int\u00e9rieure  pour  garantir  la\nprotection  des  personnes  et des  biens  contre  les risques  d'attentat,  dans  le cadre  du plan\nVIGIPIRATE  port\u00e9  \u00e0 son  niveau  sommital  \u00ab urgence  attentat  \u00bb sur l'ensemble  du territoire\nnational  ;\nConsid\u00e9rant  que,  dans  ces  conditions,  \u00e0 l'occasion  du match  de football  le samedi  19\noctobre  2024  entre  les \u00e9quipes  du Paris  Saint-Germain  et du Racing  Club  de Strasbourg,  un\nencadrement  du d\u00e9placement  des  supporters  strasbourgeois  en application  de l'article\nL. 332-16-2  pr\u00e9cit\u00e9  du code  du sport,  limitant  leur  nombre  et prescrivant  des  modalit\u00e9s\nd'acheminement  de ceux-ci  depuis  le p\u00e9age  de Coutevroult  (77)  jusqu'au  parcage  visiteurs\ndu Parc  des  Princes  et de reconduite  \u00e0 l'issue  du match,  sous  l'\u00e9gide  des  forces  de l'ordre,\nest  de nature,  sans  porter  une  atteinte  excessive  \u00e0 la libert\u00e9  d'aller  et venir,  \u00e0 pr\u00e9venir  les\natteintes  \u00e0 la s\u00e9curit\u00e9  des  personnes  et des  biens  et la survenance  de troubles  graves  \u00e0\nl'ordre  public  ; que  la mise  en \u0153uvre  de certaines  mesures  d'interdiction  dans  un p\u00e9rim\u00e8tre\net \u00e0 des  horaires  d\u00e9finis,  notamment  l'introduction,  la d\u00e9tention  et le transport  de tous\nobjets  susceptibles  de constituer  une  arme  ou pouvant  servir  de projectile  pr\u00e9sentant  un\ndanger  pour  la s\u00e9curit\u00e9  des  personnes  et des  biens  poursuit  la m\u00eame  finalit\u00e9  de sauvegarde\nde l'ordre  public  ;\n2024-01537\n\nARRETENT\nArticle  1% - Le samedi  19 octobre  2024,  a l'occasion  de la rencontre  de football  de Ligue  1\nentre  les \u00e9quipes  du Paris  Saint-Germain  (PSG)  et du Racing  Club  de Strasbourg  Alsace  (RC\nStrasbourg),  la tribune  \u00ab visiteurs  \u00bb du Parc  des  Princes  ne peut  accueillir  plus  de 1000\nsupporters  du RC Strasbourg.\nL'acheminement  des  supporters  du RC Strasbourg,  s'effectuera  selon  les modalit\u00e9s\nsuivantes  :\n- leur  acheminement  se fera  exclusivement  par  un moyen  de transport  collectif;  les\nimmatriculations  des  v\u00e9hicules  sont  communiqu\u00e9es  \u00e0 la direction  de l'ordre  public  et de la\ncirculation  par  le RC Strasbourg  ;\n- les supporters  du RC Strasbourg  devront  \u00eatre  d\u00e9tenteurs  d'un  billet  ou d'une\ncontremarque  pr\u00e9alablement  achet\u00e9  aupr\u00e8s  du RC Strasbourg  ;\n- un point  de rendez-vous  obligatoire  est fix\u00e9  le samedi  19 octobre  2024  \u00e0 18h00  sur\nl'autoroute  A4 au niveau  du p\u00e9age  de Coutevroult  (77),  dans  le sens  province-Paris  ;\n- les supporters  du RC Strasbourg  seront  escort\u00e9s  par  les forces  de l'ordre  depuis  le p\u00e9age\nde Coutevroult  jusqu'au  parking  visiteurs  du Parc  des  Princes  selon  un itin\u00e9raire\npr\u00e9d\u00e9termin\u00e9  ;\n- \u00e0 la fin de la rencontre,  ces  supporters  devront  rejoindre  leur  moyen  de transport\ninitialement  utilis\u00e9  pour  \u00eatre  dirig\u00e9s  par  les forces  de l'ordre  jusqu'\u00e0  la sortie  de la capitale.\nCes  mesures  d'acheminement  ne concernent  pas  les supporters  du RC Strasbourg  qui\nr\u00e9sident  en r\u00e9gion  parisienne  et gagneront  le parcage  visiteurs  du Parc  des  Princes  par  leurs\npropres  moyens.\nArticle  2 : Du samedi  17 octobre  2024  \u00e0 18h00  jusqu'au  dimanche  18 octobre  2024  \u00e0 01h00\nest  institu\u00e9  un p\u00e9rim\u00e8tre  comportant  certaines  mesures  de police,  au sein  duquel  la\npr\u00e9sence  sur la voie  publique  de personnes  se pr\u00e9valant  de la qualit\u00e9  de supporter  du RC\nStrasbourg  ou se comportant  comme  tel est interdite,  \u00e0 l'exception  des  1000  autoris\u00e9s  dans\nle parcage  visiteurs.  Ce p\u00e9rim\u00e8tre  est d\u00e9limit\u00e9  selon  la cartographie  figurant  en annexe.\nArticle  3 : Dans  le p\u00e9rim\u00e8tre  institu\u00e9  et aux  horaires  mentionn\u00e9s  par  l'article  2, sont  interdits\nsur  la voie  publique  l'introduction,  la d\u00e9tention  et le transport  de tous  objets  susceptibles\nde constituer  une  arme  au sens  de l'article  132-75  du code  p\u00e9nal  ou pouvant  servir  de\nprojectile  pr\u00e9sentant  un danger  pour  la s\u00e9curit\u00e9  des  personnes  et des  biens,  en particulier\nles engins  pyrotechniques  et d\u00e9tonants  et les bouteilles  en verre,  ainsi  que  l'introduction,  la\nd\u00e9tention  et le transport  de boissons  alcoolique  et leur  consommation  sur la voie  publique.\nLes  mesures  pr\u00e9vues  \u00e0 l'alin\u00e9a  pr\u00e9c\u00e9dent  ne s'appliquent  pas  aux  r\u00e9sidents,  qui  pourront\njustifier  de cette  qualit\u00e9  par  tous  moyens,  ainsi  que  dans  les parties  du p\u00e9rim\u00e8tre\nr\u00e9guli\u00e8rement  occup\u00e9es  par  des  restaurants  et d\u00e9bits  de boissons  titulaires  des\nautorisations  n\u00e9cessaires.\nArticle  4 - Le pr\u00e9fet  de Seine-et-Marne,  le pr\u00e9fet  des  Hauts-de-Seine,  la pr\u00e9f\u00e8te,  directrice\nde cabinet,  le directeur  de l'ordre  public  et de la circulation  et la directrice  de la s\u00e9curit\u00e9\nde proximit\u00e9  de l'agglom\u00e9ration  parisienne  sont  charg\u00e9s,  chacun  en ce qui le concerne,  de\nl'ex\u00e9cution  du pr\u00e9sent  arr\u00eat\u00e9  qui entrera  en vigueur  d\u00e8s  son  affichage  aux  portes  de la\npr\u00e9fecture  de police,  sera  publi\u00e9  aux  recueils  des  actes  administratifs  du d\u00e9partement  de Paris\net des  pr\u00e9fectures  de Seine-et-Marne  et des  Hauts-de-Seine,  consultable  sur le site  de la\npr\u00e9fecture  de police  (https://www.prefecturedepolice.interieur.gouv.fr)  et transmis  aux\nprocureurs  de la R\u00e9publique  pr\u00e8s  les tribunaux  judiciaires  de Paris,  Melun  et Nanterre.\n2024-01537\n\nFait  \u00e0 Paris,  le 18 OCT.  2024\n(| Laurent  NUNEZ\nLa Pr\nDirectrice  de\\@abinet,\ni ONNEAU\n2024-01537\n\nMelun,le  13/10/2024, Fai\n2024-01537\n\nAnnexe  de l'arr\u00eat\u00e9  n\u00b0 2024-01537  du ai 8 OCT. 2024\nVOIES  ET DELAIS  DE RECOURS\nSi vous  estimez  devoir  contester  le pr\u00e9sent  arr\u00eat\u00e9,  il vous  est possible,  dans  un\nd\u00e9lai  de deux  mois  \u00e0 compter  de la date  de son  affichage  ou de sa publication  :\n- soit  de saisir  d'un  RECOURS  GRACIEUX\nle Pr\u00e9fet  de Police\n719,  boulevard  du Palais  - 75195  PARIS  RP\n- ou de former  un RECOURS  HIERARCHIQUE\naupr\u00e8s  du Ministre  de l'int\u00e9rieur\nDirection  des  libert\u00e9s  publiques  et des  affaires  juridiques\nplace  Beauvau  - 75008  PARIS\n- soit  de saisir  d'un  RECOURS  CONTENTIEUX\nle Tribunal  administratif  comp\u00e9tent\nAucune  de ces  voies  et recours  ne suspend  l'application  de la pr\u00e9sente  d\u00e9cision.\nLes recours  GRACIEUX  et HIERARCHIQUE  doivent  \u00eatre  \u00e9crits,  exposer  les\narguments  ou faits  nouveaux  et comprendre  la copie  de l'arr\u00eat\u00e9  contest\u00e9.\nLe recours  CONTENTIEUX,  qui  vise  \u00e0 contester  la LEGALITE  de la pr\u00e9sente\nd\u00e9cision,  doit  \u00e9galement  \u00eatre  \u00e9crit  et exposer  votre  argumentation  juridique.\nSi vous  n'aviez  pas  de r\u00e9ponse  \u00e0 votre  recours  GRACIEUX  ou HIERARCHIQUE  dans\nun d\u00e9lai  de deux  mois  \u00e0 compter  de la r\u00e9ception  de votre  recours  par  l'administration,  votre\ndemande  devra  \u00eatre  consid\u00e9r\u00e9e  comme  rejet\u00e9e  (d\u00e9cision  implicite  de rejet).\nEn cas  de rejet  des  recours  GRACIEUX  ou HIERARCHIQUE,  le Tribunal\nadministratif  peut  \u00eatre  saisi  d'un  recours  contentieux  dans  le d\u00e9lai  de deux  mois  \u00e0 compter\nde la date  de la d\u00e9cision  de rejet.\n\n2024-01537  7\n\nE 3 |\nPR\u00c9FECTURE  Ge\nDE POLICE  \u00a3 Cabinet  du pr\u00e9fet\nLibert\u00e9\n\u00c9galit\u00e9\nFraternit\u00e9\narr\u00eat\u00e9n\u00b0  2024-01653\nmodifiant  l'arr\u00eat\u00e9  n\u00b02024-00143  du 05 f\u00e9vrier  2024  fixant  la liste  annuelle  d'aptitude  du\npersonnel  apte  \u00e0 exercer  dans  le domaine  de la pr\u00e9vention  contre  les risques  d'incendie  et de\npanique  \u00e0 Paris  et dans  les d\u00e9partements  des  Hauts-de-Seine,  de la Seine-Saint-Denis\net du Val-de-Marne  du 1\u00b0 janvier  au 31 d\u00e9cembre  2024\nLe pr\u00e9fet  de police,\nVU  l'arr\u00eat\u00e9  n\u00b0 2024-00143  du 05 f\u00e9vrier  2024  fixant  la liste  annuelle  d'aptitude  du personnel  apte  \u00e0\nexercer  dans  le domaine  de la pr\u00e9vention  contre  les risques  d'incendie  et de panique  \u00e0 Paris  et dans\nles d\u00e9partements  des  Hauts-de-Seine,  de la Seine-Saint-Denis  et du Val-de-Marne  du 1\u00b0 janvier  au 31\nd\u00e9cembre  2024  ;\nVU l'arr\u00eat\u00e9  n\u00b0 2024-00564  du 02 mai  2024  modifiant  l'arr\u00eat\u00e9  n\u00b0 2024-00143  du 05 f\u00e9vrier  2024  fixantla liste  annuelle  d'aptitude  du personnel  apte  \u00e0 exercer  dans  le domaine  de la pr\u00e9vention  contre  lesrisques  d'incendie  et de panique  \u00e0 Paris  et dans  les d\u00e9partements  des  Hauts-de-Seine,  de la Seine-Saint-Denis  et du Val-de-Marne  du 1* janvier  au 31 d\u00e9cembre  2024  :\nVU  l'arr\u00eat\u00e9  n\u00b0 2024-01131  du 30 juillet  2024  modifiant  l'arr\u00eat\u00e9  n\u00b0 2024-00143  du 05 f\u00e9vrier  2024  fixantla liste  annuelle  d'aptitude  du personnel  apte  \u00e0 exercer  dans  le domaine  de la pr\u00e9vention  contre  lesrisques  d'incendie  et de panique  \u00e0 Paris  et dans  les d\u00e9partements  des  Hauts-de-Seine,  de la Seine-Saint-Denis  et du Val-de-Marne  du 1\" janvier  au 31 d\u00e9cembre  2024  :\nSUR  proposition  du g\u00e9n\u00e9ral  commandant  la brigade  de sapeurs-pompiers  de Paris,\nARRETE\nArticle  1\u00b0\nLa liste  nominative,  fix\u00e9e  par  l'arr\u00eat\u00e9  n\u00b0 2024-00143  du OS f\u00e9vrier  2024  susvis\u00e9,  est ainsi  modifi\u00e9e  :\ne Les  noms  suivants  sont  retir\u00e9s  :\nPr\u00e9ventionniste  <\nGUILLON  Julien  PRV2\nMAU  Cyril  PRV2\ne Les  noms  suivants  sont  ajout\u00e9s  :\nResponsable  d\u00e9partemental  de la pr\u00e9vention  :GUILLON  Julien  PRV3\nMAU  Cyril  PRV3\n. Pr\u00e9ventionniste\nANCEL  Hector  PRV2\nBRUNET  Vincent  PRV2\n\nGROSSIN  J\u00e9r\u00f4me  PRV2\nJOURNEAUX  Victor  PRV2\nKANIA  Ana\u00efs  PRV2\nMARTINE  Gauthier  PRV2\nPAUGAM  Yohann  PRV2\nRASTOUL  Julien  PRV2\nSTEPHANIT  Alexis  PRV2\nTIBBAL  Vincent  PRV2\nVALANTIN-DUROZOI  Coline  PRV2\nBORTZMEYER  Willy  RCCI\nArticle  2\nLe g\u00e9n\u00e9ral  commandant  la brigade  de sapeurs-pompiers  de Paris  est charg\u00e9  de l'ex\u00e9cution  du\npr\u00e9sent  arr\u00eat\u00e9  qui sera  publi\u00e9  aux  recueils  des  actes  administratifs  des  d\u00e9partements  de Paris,  des\nHauts-de-Seine,  de la Seine-Saint-Denis  et du Val-de-Marne.\nFait  \u00e0 Paris,  le 0 \u00a3 NOV  on!\npr\u00e9f\u00e8te,  di\nMagali  CHARBONNEAU\n2024-01633\n\nPREFECTURE  ap |\nDE POLICE  [1] Cabinet  du pr\u00e9fet\nFri)\n\" arr\u00e9t\u00e9 n\u00b0 2024-01643\naccordant  d\u00e9l\u00e9gation  de la signature  pr\u00e9fectorale\nau sein  de la direction  des  finances,  de la commande  publique  et de la performance\nLe pr\u00e9fet  de police,\nVU le code  g\u00e9n\u00e9ral  de la fonction  publique,  notamment  son  article  L417-5  ;\nVU le d\u00e9cret  n\u00b0 2003-737  du 1% ao\u00fbt  2003  modifi\u00e9  portant  cr\u00e9ation  d'un  secr\u00e9tariat  g\u00e9n\u00e9ral\npour  l'administration  \u00e0 la pr\u00e9fecture  de police  ;\nVU le d\u00e9cret  n\u00b0 2004-374  du 29 avril  2004  modifi\u00e9  relatif  aux  pouvoirs  des  pr\u00e9fets,  \u00e0\nl'organisation  et \u00e0 l'action  des  services  de l'\u00c9tat  dans  les r\u00e9gions  et d\u00e9partements  et\nnotamment  ses  articles  77 et 78 ;\nVU le d\u00e9cret  n\u00b0 2006-1780  du 23 d\u00e9cembre  2006  portant  d\u00e9l\u00e9gation  de pouvoir  en mati\u00e9re\nde recrutement  et de gestion  de certains  personnels  relevant  du minist\u00e8re  de l'int\u00e9rieur  ;\nVU le d\u00e9cret  n\u00b02014-296  du 6 mars  2014  relatif  aux  secr\u00e9tariats  g\u00e9n\u00e9raux  pour\nl'administration  du minist\u00e8re  de l'int\u00e9rieur  et modifiant  diverses  dispositions  du code  de la\nd\u00e9fense  et du code  de la s\u00e9curit\u00e9  int\u00e9rieure  ;\nVU l'arr\u00eat\u00e9  minist\u00e9riel  du 24 d\u00e9cembre  2015,  relatif  aux  services  charg\u00e9s  d'exercer  les\nmissions  relevant  du secr\u00e9tariat  g\u00e9n\u00e9ral  pour  l'administration  du minist\u00e8re  de l'int\u00e9rieur  de la\nzone  de d\u00e9fense  et de s\u00e9curit\u00e9  de Paris  ;\nVU la d\u00e9lib\u00e9ration  du conseil  de Paris  n\u00b0 2020-PP-53  des  23 et 24 juillet  2020  portant\nrenouvellement  de la d\u00e9l\u00e9gation  de pouvoir  accord\u00e9e  au pr\u00e9fet  de police  par  le conseil  de\nParis  dans  certaines  des  mati\u00e8res  \u00e9num\u00e9r\u00e9es  par  l'article  L. 2122-22  du code  g\u00e9n\u00e9ral  des\ncollectivit\u00e9s  territoriales  ;\nVU l'arr\u00eat\u00e9  2024-01549  du 23 octobre  2024,  relatif  aux  missions  et \u00e0 l'organisation  de la\ndirection  des  finances,  de la commande  publique  et de la performance  ;\nVU le d\u00e9cret  du 20 juillet  2022  par  lequel  M. Laurent  NUNEZ,  pr\u00e9fet,  coordonnateur  national\ndu renseignement  et de la lutte  contre  le. terrorisme,  est nomm\u00e9  pr\u00e9fet  de police  (hors\nclasse)  ;\nVU le d\u00e9cret  du 22 d\u00e9cembre  2022  par  lequel  M. Philippe  LE MOING  SURZUR,  administrateur\ng\u00e9n\u00e9ral  d\u00e9tach\u00e9  en qualit\u00e9  de sous-pr\u00e9fet  hors  classe,  sous-pr\u00e9fet  de Bayonne  (classe\nfonctionnelle  II), est nomm\u00e9  pr\u00e9fet,  secr\u00e9taire  g\u00e9n\u00e9ral  pour  l'administration  de la pr\u00e9fecture\nde police  ;\nVU le d\u00e9cret  du 25 mars  2022  par  lequel  M. Mathieu  LEFEBVRE,  administrateur  de l'\u00c9tat  du\n2\u00b0\"  grade,  est nomm\u00e9  directeur  des finances,  de la commande  publique  et de la\nperformance  au secr\u00e9tariat  g\u00e9n\u00e9ral  pour  l'administration  de la pr\u00e9fecture  de police  :\nVU l'arr\u00eat\u00e9  du 26 avril  2022  par  lequel  M. Guillaume  ROBILLARD,  administrateur  de l'\u00c9tat  du\n2\u00b0\"  grade,  est nomm\u00e9  sous-directeur  des  affaires  financi\u00e8res,  adjoint  au directeur  des\nfinances,  de la commande  publique  et de la performance  au secr\u00e9tariat  g\u00e9n\u00e9ral  pour\nl'administration  de la pr\u00e9fecture  de police;\nSUR  proposition  du pr\u00e9fet,  secr\u00e9taire  g\u00e9n\u00e9ral  pour  l'administration,\n\nARRETE\nTITRE  |\nD\u00e9l\u00e9gation  de signature  g\u00e9n\u00e9rale\nArticle  1\u00b0\nD\u00e9l\u00e9gation  est donn\u00e9e  \u00e0 M. Mathieu  LEFEBVRE,  administrateur  de l'\u00c9tat  du 2?\"\u00b0  grade,\ndirecteur  des  finances,  de la commande  publique  et de la performance,  directement  plac\u00e9\nsous  l'autorit\u00e9  du pr\u00e9fet,  secr\u00e9taire  g\u00e9n\u00e9ral  pour  l'administration,  \u00e0 l'effet  de signer,  dans  la\nlimite  de ses attributions  et au nom  du pr\u00e9fet  de police,  tous  actes,  arr\u00eat\u00e9s,  d\u00e9cisions  et\npi\u00e8ces  comptables,  \u00e0 l'exception  de la signature  des  march\u00e9s  publics  dont  le montant\nd\u00e9passe  5 millions  d'euros.\nM. Mathieu  LEFEBVRE  est \u00e9galement  habilit\u00e9  \u00e0 signer,  dans  la limite  de ses attributions,  les\nactes  n\u00e9cessaires  au fonctionnement  administratif  de la direction  des  finances,  de la\ncommande  publique  et de la performance,  les d\u00e9cisions  individuelles  relatives  \u00e0 l'octroi  des\ncong\u00e9s  annuels,  \u00e0 l'exercice  des  fonctions  en t\u00e9l\u00e9travail  et de maladie  ordinaire  des\npersonnels  relevant  de son  autorit\u00e9.\nD\u00e9l\u00e9gation  est donn\u00e9e  \u00e0 M. Mathieu  LEFEBVRE,  \u00e0 l'effet  de signer,  au nom  du pr\u00e9fet  de\npolice,  les sanctions  disciplinaires  du premier  groupe,  avertissement  et bl\u00e2me  uniquement,\ninflig\u00e9es  aux  personnels  administratifs,  techniques,  scientifiques  et sp\u00e9cialis\u00e9s,  plac\u00e9s  sous\nson  autorit\u00e9.\nArticle  2\nEn cas d'absence  ou d'emp\u00eachement  de M. Mathieu  LEFEBVRE,  les d\u00e9l\u00e9gations  qui lui sont\nconsenties  \u00e0 l'article  1\u00b0 peuvent  \u00eatre  exerc\u00e9es  dans  les m\u00eames  conditions  par  M. Guillaume\nROBILLARD,  administrateur  de l'\u00c9tat  du 2\u00b0\"  grade,  sous-directeur  des affaires  financi\u00e8res,\nadjoint  au directeur  des  finances,  de la commande  publique  et de la performance.\nArticle  3\nEn cas  d'absence  ou d'emp\u00eachement  de M. Mathieu  LEFEBVRE  et de M. Guillaume\nROBILLARD,  M. Pierre  PIMPAR\u00c9,  ing\u00e9nieur  principal  des \u00e9tudes  et techniques  de l'armement,\nadjoint  au sous-directeur  des  affaires  financi\u00e8res,  chef  du bureau  du budget  de l'Etat,  Mme\nLaurence  LAVY-PAINAULT,  administratrice  de l'\u00c9tat  du 1\u00b0 grade,  cheffe  du bureau  du budget\nsp\u00e9cial,  M. Eric  SARAMITO,  agent  contractuel,  chef  du bureau  de la commande  publique  et\nde l'achat,  M. Mathias  DENJEAN,  administrateur  de l'\u00c9tat  du 1\u00b0 grade,  chef  du bureau  du\ncontr\u00f4le  de gestion  et d'appui  \u00e0 la performance,  sont  habilit\u00e9s  \u00e0 signer  tous  actes,  arr\u00eat\u00e9s,\nd\u00e9cisions  et pi\u00e8ces  comptables  et administratives,  dans  la limite  de leurs  attributions\nrespectives.\nArticle  4\nEn cas d'absence  ou d'emp\u00eachement  de M. Pierre  PIMPARE,  la d\u00e9l\u00e9gation  qui lui est consentie\n\u00e0 l'article  3 est exerc\u00e9e  par Mme  Hatice  HUYUK,  conseill\u00e8re  d'administration  de l'int\u00e9rieur  et\nde l'outre-mer,  adjointe  au chef  du bureau  du budget  de l'\u00c9tat,  et par M. Laurent  ROQUES,\ncommandant  de la gendarmerie  nationale,  chef  du centre  de services  partag\u00e9s  \u00ab Chorus  \u00bb,\ndans  la limite  de leurs  attributions  respectives.\nArticle  5\nEn cas d'absence  ou d'emp\u00eachement  de Mme  Hatice  H\u00dcY\u00dcK,  conseill\u00e8re  d'administration  de\nl'int\u00e9rieur  et de l'outre-mer,  la d\u00e9l\u00e9gation  qui lui est consentie  \u00e0 l'article  4 est exerc\u00e9e,  dans  la\nlimite  de ses attributions,  par  Mme  Bamoussa  SISSOKO,  attach\u00e9e  d'administration  de l'\u00c9tat.\nArticle  6\nEn cas d'absence  ou d'emp\u00e9chement  de M. Laurent  ROQUES,  commandant  de la\ngendarmerie  nationale,  la d\u00e9l\u00e9gation  qui lui est consentie  \u00e0 l'article  4 est exerc\u00e9e,  dans  la\n2024-01643  2\n\nlimite  de leurs  attributions  respectives,  par  Mme  Camille  THOREAU,  attach\u00e9e  principale\nd'administration  de l'\u00c9tat  et Mme  Fanny  NEYRAT,  attach\u00e9e  d'administration  de l'\u00c9tat,\nadjointes  au chef  du centre  de services  partag\u00e9s.\nArticle  7\nEn cas  d'absence  ou d'emp\u00e9chement  de Mme  Laurence  LAVY-PAINAULT,  la d\u00e9l\u00e9gation  qui lui\nest consentie  \u00e0 l'article  3 est exerc\u00e9e  par  ses adjointes  Mme  Aur\u00e9lie  CHRISTOPHE\nEL ARROUBI,  agent  contractuel,  et Mme  Terava  CLERC,  agent  contractuel,  dans  la limite  de\nleurs  attributions  respectives.\nArticle  8\nEn cas  d'absence  ou d'emp\u00eachement  de M. Eric  SARAMITO,  la d\u00e9l\u00e9gation  qui lui est\nconsentie  \u00e0 l'article  3 est exerc\u00e9e  par  ses adjoints  M. Thierry  AKEHURST,  agent  contractuel,\nM. Samuel  ETIENNE,  agent  contractuel,  ainsi  que  par  M. Magaid  AHMED,  agent  contractuel,\nMme  C\u00e9line  FERNANDEZ,  attach\u00e9e  d'administration  de l'\u00c9tat,  chefs  de p\u00f4le,  et M. Jessy\nMODESTE,  secr\u00e9taire  administratif  de classe  normale,  chef  de section,  dans  la limite  de leurs\nattributions  respectives.\nEn cas  d'absence  ou d'emp\u00eachement  de M. Eric  SARAMITO,  la d\u00e9l\u00e9gation  qui  lui est\nconsentie  \u00e0 l'article  3 relevant  des  attributions  des  adjoints  ci-dessus  d\u00e9sign\u00e9s  absents  ou\nemp\u00each\u00e9s,  est exerc\u00e9e  par  le premier  des  adjoints  pr\u00e9sents  dans  l'ordre  fix\u00e9  au 1% alin\u00e9a  du\npr\u00e9sent  article.\nArticle  9\nEn cas  d'absence  ou d'emp\u00eachement  de M. Mathias  DENJEAN,  la d\u00e9l\u00e9gation  qui lui est\nconsentie  \u00e0 l'article  3 est exerc\u00e9e  par  Mme  Ludivine  RICHOU,  agent  contractuel,  adjointe  au\nchef  de bureau  et cheffe  du p\u00f4le  contr\u00f4le  de gestion  et M. Guillaume  CATTA,  attach\u00e9\nprincipal  d'administration  de l'\u00c9tat,  adjoint  au chef  du p\u00f4le  d'appui  \u00e0 la performance,  dans  la\nlimite  de leurs  attributions  respectives.\nTITRE  11\nD\u00e9l\u00e9gation  de signature  relative  aux  comp\u00e9tences  du centre  de services  partag\u00e9s  CHORUS\nArticle  10\nD\u00e9l\u00e9gation  est donn\u00e9e  \u00e0 M. Laurent  ROQUES,  commandant  de la gendarmerie  nationale,  chef\ndu centre  de services  partag\u00e9s  \u00ab CHORUS  \u00bb, et, en cas  d'absence  ou d'emp\u00e9chement  de ce\ndernier,  \u00e0 Mme  Camille  THOREAU,  attach\u00e9e  principale  d'administration  de l'\u00c9tat  et Mme\nFanny  NEYRAT,  attach\u00e9e  d'administration  de l'\u00c9tat,  \u00e0 l'effet  de signer,  au nom  du pr\u00e9fet  de\npolice,  les actes  comptables  (notamment  les engagements  juridiques,  les actes  de\ncertification  de service  fait,  les ordonnances  de paiement,  de virement,  de d\u00e9l\u00e9gation,  les\npi\u00e8ces  justificatives  de d\u00e9penses,  les ordres  de recettes,  de r\u00e9-imputations,  les pi\u00e8ces\njustificatives  de recettes  ainsi  que  les \u00e9tats  de cr\u00e9ances)  \u00e9mis,  dans  le cadre  du p\u00e9rim\u00e8tre\nd'ex\u00e9cution  budg\u00e9taire  confi\u00e9  \u00e0 la sous-direction  des  affaires  financi\u00e8res,  dans  la limite  de ses\nattributions.\nArticle  11\nD\u00e9l\u00e9gation  est donn\u00e9e  \u00e0 l'effet  de signer,  au nom  du pr\u00e9fet  de police,  les actes  comptables\n(notamment  les engagements  juridiques,  les actes  de certification  de service  fait,  les\nordonnances  de paiement,  de virement,  de d\u00e9l\u00e9gation,  les pi\u00e8ces  justificatives  de d\u00e9penses,\nles ordres  de recettes,  de r\u00e9-imputations,  les pi\u00e8ces  justificatives  de recettes  ainsi  que  les\n\u00e9tats  de cr\u00e9ances)  \u00e9mis  dans  le cadre  du p\u00e9rim\u00e8tre  d'ex\u00e9cution  budg\u00e9taire  confi\u00e9  au bureau\ndu budget  de l'\u00c9tat,  dans  la limite  de leurs  attributions  respectives,  aux agents  plac\u00e9s  sous\nl'autorit\u00e9  du chef  du centre  de services  partag\u00e9s  \u00ab CHORUS  \u00bb dont  les noms  suivent  :\n- Mme  Marcia  HAMMOND,  secr\u00e9taire  administrative  de classe  exceptionnelle  de\nl'int\u00e9rieur  et de l'outre-mer,\n2024-01643  3\n\nMme  Fabienne  JACQUES,  attach\u00e9e  d'administration  de l'\u00c9tat,\nMme  Emilie  NOEL-GUILBAUD,  attach\u00e9e  d'administration  de l'\u00c9tat,\nMme  S\u00e9drina  RYCKEMBUSH,  attach\u00e9e  d'administration  de l'\u00c9tat,\nM. Souleymane  SEYE,  attach\u00e9  d'administration  de l'\u00c9tat.\n12 Article\nD\u00e9l\u00e9gation  est donn\u00e9e  \u00e0 l'effet  de signer,  au nom  du pr\u00e9fet  de police,  les actes  comptables\n(notamment  les engagements  juridiques,  les actes  de certification  de service  fait,  les\nordonnances  de paiement,  de virement,  de d\u00e9l\u00e9gation,  les pi\u00e8ces  justificatives  de d\u00e9penses,\nles ordres  de recettes,  de r\u00e9-imputations  ainsi  que  les pi\u00e8ces  justificatives  de recettes),  dans\nla limite  de leurs  attributions  respectives,  aux  agents  plac\u00e9s  sous  l'autorit\u00e9  du chef  du centre\nde services  partag\u00e9s  \u00ab CHORUS  \u00bb dont  les noms  suivent  :\n2024-01Mme  Marie  ACADINE,  mar\u00e9chale-des-logis,\nM. Nathaniel  ANTON,  adjoint  administratif  de l'int\u00e9rieur  et de l'outre-mer,\nMme  Blandine  BALSAN,  adjointe  administrative  de l'int\u00e9rieur  et de l'outre-mer,\nMme  Ang\u00e9lique  BARROS,  secr\u00e9taire  administrative  de l'int\u00e9rieur  et de l'outre-mer,\nMme  Stella  BELLO,  adjointe  administrative  de l'int\u00e9rieur  et de l'outre-mer,\nM. Sylvain  BIZET  adjoint  administratif  de l'int\u00e9rieur  et de l'outre-mer,\nMme  Sahida  BOULANGER-DALEAU,  adjointe  administrative  de l'int\u00e9rieur  et de l'outre-\nmer,\nMme  Samira  BOUSSAID,  secr\u00e9taire  administrative  de l'int\u00e9rieur  et de l'outre-mer,\nM. Mourad  BOUTAHAR,  adjoint  administratif  de l'int\u00e9rieur  et de l'outre-mer,\nM. Joffrey  BROUARD,  adjoint  administratif  de l'int\u00e9rieur  et de l'outre-mer,\nM. S\u00e9bastien  CATERINO,  adjoint  administratif  de l'int\u00e9rieur  et de l'outre-mer,\nMme  Laura  CHARLEY,  secr\u00e9taire  administrative  de l'int\u00e9rieur  et de l'outre-mer,\nMme  Carole  CHARVERON,  secr\u00e9taire  administrative  de l'int\u00e9rieur  et de l'outre-mer,\nMme  Emilie  CHAUVEAU-BEAUBATON,  adjointe  administrative  de l'int\u00e9rieur  et de\nl'outre-mer,\nM. David  CHIVE,  secr\u00e9taire  administratif  de l'int\u00e9rieur  et de l'outre-mer,\nM. Doudou  CISSE,  adjoint  administratif  de l'int\u00e9rieur  et de l'outre-mer,\nMme  Isabelle  CLOUP,  adjointe  administrative  de l'int\u00e9rieur  et de l'outre-mer,\nMme  Alexandra  CORDIER,  adjointe  administrative  de l'int\u00e9rieur  et de l'outre-mer,\nM. Olivier  COULET,  adjoint  administratif  de l'int\u00e9rieur  et de l'outre-mer,\nMme  Marine  COULY,  adjointe  administrative  de l'int\u00e9rieur  et de l'outre-mer,\nMme  Safia  COUTY,  adjointe  administrative  de l'int\u00e9rieur  et de l'outre-mer,\nMme  Nathalie  CROSNIER,  adjointe  administrative  de l'int\u00e9rieur  et de l'outre-mer,\nMme  Aline  DAUZATS,  adjointe  administrative  de l'int\u00e9rieur  et de l'outre-mer,\nM. Louis  DE CHIVRE,  adjoint  administratif  de l'int\u00e9rieur  et de l'outre-mer,\nMme  Alexandra  DECLERCQ,  adjoint  administratif  de l'int\u00e9rieur  et de l'outre-mer,\nMme  Nadia  DEGHMACHE,  adjointe  administrative  de l'int\u00e9rieur  et de l'outre-mer,\nMme  Ninn  DEVIN,  mar\u00e9chale-des-logis,\nMme  Patricia  EVRARD,  adjointe  administrative  de l'int\u00e9rieur  et de l'outre-mer,\nMme  Chourouk  FANOUNI,  adjointe  administrative  de l'int\u00e9rieur  et de l'outre-mer,\nMme  Claude  FARDINY,  secr\u00e9taire  administrative  de l'int\u00e9rieur  et de l'outre-mer,\nMme  Morgane  FILIMOEHALA,  adjointe  administrative  de l'int\u00e9rieur  et de l'outre-mer,\nMme  Jennifer  FORTINI,  agent  contractuel,\nMme  Nad\u00e8ge  FOUREZ,  adjointe  administrative  de l'int\u00e9rieur  et de l'outre-mer,\nMme  Nathalie  FRBEZAR,  adjointe  administrative  de l'int\u00e9rieur  et de l'outre-mer,\nM. Heiarii  FULLER,  mar\u00e9chal  des  logis,\nM. Yacoub  GAZALIOU,  adjoint  administratif  de l'int\u00e9rieur  et de l'outre-mer,\nMme  Jocelyne  GELAN,  secr\u00e9taire  administrative  de l'int\u00e9rieur  et de l'outre-mer,\n643  4\n\n- Mme  Nathalie  GIMON,  adjointe  administrative  de l'int\u00e9rieur  et de l'outre-mer,\n- Mme  Marie-Laure  GNONGOUEHI,  adjointe  administrative  de l'int\u00e9rieur  et de l'outre-\nmer,\n- Mme  St\u00e9phanie  HARMANT,  adjointe  administrative  de l'int\u00e9rieur  et de l'outre-mer,\n- Mme  Mathilde  HUET,  adjointe  administrative  de l'int\u00e9rieur  et de l'outre-mer,\n- Mme  Marie-Christine  JAMAIN,  secr\u00e9taire  administrative  de l'int\u00e9rieur  et de l'outre-\nmer,\n- Mme  Marie-George  JOSEPH,  adjointe  administrative  de l'int\u00e9rieur  et de l'outre-mer,\n- Mme  Delphine  JOULIN,  secr\u00e9taire  administrative  de l'int\u00e9rieur  et de l'outre-mer,\n- Mme  Cathy  KADA-RABAH,  ouvri\u00e8re  d'\u00c9tat,\n- Mme  Nathalie  KLING,  adjointe  administrative  de l'int\u00e9rieur  et de l'outre-mer,\n- M. Eric  LEROY,  adjoint  administratif  de l'int\u00e9rieur  et de l'outre-mer,\n- Mme  V\u00e9ronique  LOFERME,  adjointe  administrative  de l'int\u00e9rieur  et de l'outre-mer,\n- M. Jean-Fran\u00e7ois  LOIGNON,  secr\u00e9taire  administratif  de l'int\u00e9rieur  et de l'outre-mer,\n- M, Eyton  LUSADISU,  adjoint  administratif  de l'int\u00e9rieur  et de l'outre-mer,\n- Mme  Fanny  MARCHADOUR,  mar\u00e9chale  des  logis  chef,\n- Mme  Hakima  MARJOUF,  adjointe  administrative  de l'int\u00e9rieur  et de l'outre-mer,\n- Mme.  Djoura  MARRIERE,  adjointe  administrative  de l'int\u00e9rieur  et de l'outre-mer,\n- Mme  Florence  MARTEL,  adjointe  administrative  de l'int\u00e9rieur  et de l'outre-mer,\n- Mme  J\u00e9ssica  MARTIAL,  adjointe  administrative  de l'int\u00e9rieur  et de l'outre-mer,\n- M.Lyvio  MATTHEW,  adjoint  administratif  de l'int\u00e9rieur  et de l'outre-mer,\n- Mme  Colette  MONNEGER,  adjointe  administrative  de l'int\u00e9rieur  et de l'outre-mer,\n- M. Emmanuel  NEIM,  adjoint  administratif  de l'int\u00e9rieur  et de l'outre-mer,\n- Mme  Linda  NGOMDJOU,  secr\u00e9taire  administrative  de l'int\u00e9rieur  et de l'outre-mer,\n- Mme  Dominique  OFFREDO,  adjointe  administrative  de l'int\u00e9rieur  et de l'outre-mer,\n- Mme  Laetitia  POMPONNE,  adjointe  administrative  de l'int\u00e9rieur  et de l'outre-mer,\n- M. Kevin  RADIANE,  adjoint  administratif  de l'int\u00e9rieur  et de l'outre-mer,\n- Mme  Christiance  RAHELISOA-RADAFIARISON,  adjointe  administrative  de l'int\u00e9rieur  et\nde l'outre-mer,\n- M. Cyrille  REVERDIN,  adjoint  administratif  de l'int\u00e9rieur  et de l'outre-mer,\n- Mme  Catherine  RONNE,  adjointe  administrative  de l'int\u00e9rieur  et de l'outre-mer,\n- M. Herv\u00e9  RUEN,  adjoint  administratif  de l'int\u00e9rieur  et de l'outre-mer,\n- Mme  Maddly  SAINTE-MARIE,  adjointe  administrative  de l'int\u00e9rieur  et de l'outre-mer,\n- Mme  Carmila  SEGAREL,  adjointe  administrative  de l'int\u00e9rieur  et de l'outre-mer,\n- Mme  Tricia  TCHAMAPI  SIMENI,  apprentie,\n- Mme  Pascale  THOUROUDE,  adjointe  administrative  de l'int\u00e9rieur  et de l'outre-mer,\n- Mme  Muriel  VERGNES,  agent  contractuel,\n- Mme  Djinda  WATT,  adjointe  administrative  de l'int\u00e9rieur  et de l'outre-mer.\nArticle  13\nD\u00e9l\u00e9gation  est accord\u00e9e  \u00e0 Mme  Emilie  NOEL-GUILBAUD,  attach\u00e9e  d'administration  de l'Etat,\nafin  de signer  les titres  de perception  au nom  du pr\u00e9fet  de police  ainsi  que  les \u00e9tats\nr\u00e9capitulatifs  de cr\u00e9ances  aff\u00e9rents.\nArticle  14\nAfin  d'assurer  la continuit\u00e9  du service  et lorsque  des  circonstances  exceptionnelles  l'exigent,\nd\u00e9l\u00e9gation  est donn\u00e9e  \u00e0 l'effet  de signer,  au nom  du pr\u00e9fet  de police,  les actes  comptables\n(notamment  les engagements  juridiques,  les actes  de certification  de service  fait,  les\nordonnances  de paiement,  de virement,  de d\u00e9l\u00e9gation,  les pi\u00e8ces  justificatives  de d\u00e9penses,\nles ordres  de recettes,  de r\u00e9-imputations,  les pi\u00e8ces  justificatives  de recettes  ainsi  que  les\n'2024-01643  5\n\n\u00e9tats  de cr\u00e9ances),  dans  la limite  de leurs  attributions  respectives,  aux  agents  plac\u00e9s  sous\nl'autorit\u00e9  du chef  du p\u00f4le  programmation  dont  les noms  suivent  :\n- Mme  Edwige  DUQUESNOIS,  attach\u00e9e  principale  d'administration  de l'\u00c9tat,\n- Mme  M\u00e9lanie  GIL,  attach\u00e9e  d'administration  de l'\u00c9tat,\n- Mme  An\u00e9lia  KOLTCHEVA,  secr\u00e9taire  administrative  de l'int\u00e9rieur  et de l'outre-mer,\n- M. Nelson  PACHECO-PINA,  secr\u00e9taire  administratif  de l'int\u00e9rieur  et de l'outre-mer,\n- Mme  Chantal  LAGANOT,  adjointe  administrative  de l'int\u00e9rieur  et de l'outre-mer,\n- Mme  Bamoussa  SISSOKO,  attach\u00e9e  d'administration  de l'\u00c9tat.\nTITRE  3\nUtilisation  de la carte  achat  \u00ab \u00c9tat  \u00bb\nArticle  15\nD\u00e9l\u00e9gation  est accord\u00e9e  \u00e0 l'effet  d'utiliser  une  carte  d'achat  nominative,  dans  le cadre  de\nleurs  attributions,  comp\u00e9tences  et dans  les limites  fix\u00e9es,  aux  personnes  dont  les noms\nsuivent  :\n- M. Laurent  ROQUES,  commandant  de la gendarmerie  nationale,\n- M. David  OUDIN,  adjoint  administratif  de l'int\u00e9rieur  et de l'outre-mer.\nArticle  16\nD\u00e9l\u00e9gation  est accord\u00e9e  \u00e0 Camille  THOREAU,  attach\u00e9e  principale  d'administration  de l'Etat\net par  suppl\u00e9ance  \u00e0 Mme  Fanny  NEYRAT,  attach\u00e9e  d'administration  de l'Etat  pour  centraliser\nles pi\u00e8ces  justificatives  des  d\u00e9penses  r\u00e9alis\u00e9es  par  la carte  d'achat  des  porteurs  cit\u00e9s  \u00e0\nl'article  14, contr\u00f4ler  ces  pi\u00e8ces  justificatives  des  d\u00e9penses,  indiquer  les imputations\nbudg\u00e9taires  et comptables  et ordonner  le r\u00e8glement  des  relev\u00e9s  d'op\u00e9rations\nadministratives.\nTITRE  4\nD\u00e9l\u00e9gation  relative  \u00e0 l'application  Chorus  DT (d\u00e9placements  temporaires)\nArticle  17\nD\u00e9l\u00e9gation  de signature  est accord\u00e9e,  \u00e0 l'effet  de valider  dans  l'application  Chorus  DT en\nqualit\u00e9  de gestionnaire  (SG)  et de valideur  d'\u00e9tats  de frais  (GV)  sur l'enveloppe  de moyens\nDFCPP,  et de valideur  de factures  (FV)  sur  le p\u00e9rim\u00e8tre  du SGAMI  d'Ile-de-France,  aux\npersonnes  dont  les noms  suivent  :\n- Mme  Jennifer  CAMMAROTO,  agent  contractuel,\n- M. Victor  DAGBA,  apprenti,\n- Mme  M\u00e9lanie  GIL,  attach\u00e9e  d'administration  de l'\u00c9tat,\n- Mme  An\u00e9lia  KOLTCHEVA,  secr\u00e9taire  administrative  de l'int\u00e9rieur  et de l'outre-mer,\n- Mme  Hatice  HUYUK,  conseill\u00e8re  d'administration  de l'int\u00e9rieur  et de l'outre-mer,\n- Mme  Chantal  LAGANOT,  adjointe  administrative  de l'int\u00e9rieur  et de l'outre-mer,\n- Mme  Fanny  NEYRAT,  attach\u00e9e  d'administration  de l'\u00c9tat,\n- M. Nelson  PACHECO-PINA,  secr\u00e9taire  administratif  de l'int\u00e9rieur  et de l'outre-mer,\n- Mme  Camille  THOREAU,  attach\u00e9e  principale  d'administration  de l'\u00c9tat.\nEt en qualit\u00e9  de gestionnaire  et de valideur  d'\u00e9tats  de frais  sur l'enveloppe  de moyens  DFCPP,\nM. Laurent  ROQUES,  commandant  de gendarmerie.\n2024-01643  6\n\nTITRES\nD\u00e9l\u00e9gation  de signature  relative  au syst\u00e8me  d'information  financi\u00e8re  CORIOLIS\nArticle  18\nD\u00e9l\u00e9gation  est donn\u00e9e  \u00e0 Mme  Laurence  LAVY-PAINAULT,  administratrice  de l'\u00c9tat,  et, en cas\nd'absence  ou d'emp\u00eachement  de cette  derni\u00e8re,  \u00e0 ses adjointes,  Mme  Aur\u00e9lie  CHRISTOPHE\nEL ARROUBI  et Mme  Terava  CLERC,  \u00e0 l'effet  de signer,  au nom  du pr\u00e9fet  de police,  les actes\ncomptables  (notamment  les actes  de certification  de service  fait,  les bordereaux  de\nmandatements,  les transferts,  les pi\u00e8ces  justificatives  de d\u00e9penses,  les titres  de recettes,  les\npi\u00e8ces  justificatives  de recettes)  \u00e9mis,  dans  le cadre  du p\u00e9rim\u00e8tre  d'ex\u00e9cution  budg\u00e9taire\nconfi\u00e9  au bureau  du budget  sp\u00e9cial,  dans  la limite  de leurs  attributions  respectives.\nArticle  19\nD\u00e9l\u00e9gation  est donn\u00e9e  \u00e0 l'effet  de signer,  au nom  du pr\u00e9fet  de police,  les actes  comptables\n(notamment  les actes  de certification  de service  fait,  les bordereaux  de mandatements,  les\ntransferts,  les pi\u00e8ces  justificatives  de d\u00e9penses)  \u00e9mis  dans  le cadre  du p\u00e9rim\u00e8tre  d'ex\u00e9cution\nbudg\u00e9taire  confi\u00e9  au bureau  du budget  sp\u00e9cial,  dans  la limite  de leurs  attributions\nrespectives,  aux  agents  plac\u00e9s  sous  l'autorit\u00e9  de Mme  Laurence  LAVY-PAINAULT  dont  les\nnoms  suivent  :\n- Mme  Sabine  DORESTAL,  secr\u00e9taire  administrative  des  administrations  parisiennes,\n- Mme  Fouzaya  MRIZIK,  adjointe  administrative  des  administrations  parisiennes.\nArticle  20\nD\u00e9l\u00e9gation  est donn\u00e9e  \u00e0 l'effet  de signer,  au nom  du pr\u00e9fet  de police,  les actes  comptables\n(notamment  les bordereaux  de titres  de recettes,  les pi\u00e8ces  justificatives  de recettes)  \u00e9mis\ndans  le cadre  du p\u00e9rim\u00e8tre  d'ex\u00e9cution  budg\u00e9taire  confi\u00e9  au bureau  du budget  sp\u00e9cial,  dans\nla limite  de ses attributions,  \u00e0 l'agent  plac\u00e9  sous  l'autorit\u00e9  de Mme  Laurence  LAVY-PAINAULT,\ndont  le nom  suit:\n- Mme  Yamina  METTEF,  secr\u00e9taire  administrative  des  administrations  parisiennes,\n- Mme  Patricia  LALLEMAND,  adjoint  administratif  des  administrations  parisiennes.\nTITRE  6\nUtilisation  de la carte  achat  \u00ab Budget  sp\u00e9cial  \u00bb\nArticle  21\nD\u00e9l\u00e9gation  est accord\u00e9e  \u00e0 l'effet  d'utiliser  une  carte  nominative,  dans  le cadre  de ses\nattributions,  comp\u00e9tences  et dans  les limites  fix\u00e9es  \u00e0 Mme  Ana-lsabel  MORENO,  adjointe\nadministrative  principale,  assistante  de direction.\nArticle  22\nD\u00e9l\u00e9gation  est accord\u00e9e  \u00e0 Mme  Aichouche  BELOUADAH,  agent  contractuel,  responsable  du\nsecr\u00e9tariat,  pour  centraliser  les pi\u00e8ces  justificatives  des  d\u00e9penses  r\u00e9alis\u00e9es  par  les cartes\nd'achat  de la direction,  contr\u00f4ler  ces  pi\u00e8ces  justificatives  des  d\u00e9penses,  indiquer  les\nimputations  budg\u00e9taires  et comptables  des  d\u00e9penses  et transmettre  ces  \u00e9l\u00e9ments  au\nresponsable  du programme  carte  d'achat.\nArticle  23\nD\u00e9l\u00e9gation  est accord\u00e9e  \u00e0 Mme  Fouzaya  MRIZIK,  adjointe  administrative  des  administrations\nparisiennes,  et, en cas d'emp\u00eachement,  \u00e0 Mme  Sabine  DORESTAL,  secr\u00e9taire  administrative\ndes  administrations  parisiennes,  afin  de proc\u00e9der  \u00e0 la mise  en paiement  des  relev\u00e9s\nd'op\u00e9rations  bancaires  li\u00e9s \u00e0 l'utilisation  des  cartes  d'achat  sur le budget  sp\u00e9cial  de la\npr\u00e9fecture  de Police.\n2024-01643  7\n\nTITRE  7\nD\u00e9l\u00e9gation  de signature  relative  au cabinet\nArticle  24\nD\u00e9l\u00e9gation  est donn\u00e9e  \u00e0 M. Sylvain  DIBIANE,  attach\u00e9  d'administration  de l'\u00c9tat  \u00e0 l'effet  de\nsigner,  au nom  du pr\u00e9fet  de police,  les documents  relevant  de la gestion  de proximit\u00e9  des\nressources  humaines  de la direction.\nArticle  25\nD\u00e9l\u00e9gation  est donn\u00e9e  \u00e0 M. Sylvain  DIBIANE,  \u00e0 l'effet  de signer,  au nom  du pr\u00e9fet  de police,\nles demandes  et formulaires  relatifs  aux  changements  et r\u00e9parations  des  v\u00e9hicules  de service\nde la direction.\nArticle  26\nD\u00e9l\u00e9gation  est donn\u00e9e  \u00e0 M. Laurent  ROQUES,  commandant  de la gendarmerie  nationale,  \u00e0\nl'effet  de signer,  au nom  du pr\u00e9fet  de police,  les documents  relevant  de la gestion  de\nproximit\u00e9  des  ressources  humaines  des  agents  de la direction  des  finances,  de la commande\npublique  et de la performance,  affect\u00e9s  sur le site  \u00ab les Man\u00e8ges  \u00bb, \u00e0 Versailles.\nTITRE  8\nDispositions  finales\nArticle  27\nLa pr\u00e9f\u00e8te,  directrice  de cabinet,  et le pr\u00e9fet,  secr\u00e9taire  g\u00e9n\u00e9ral  pour  l'administration,  sont\ncharg\u00e9s,  chacun  en ce qui  le concerne,  de l'ex\u00e9cution  du pr\u00e9sent  arr\u00eat\u00e9  qui  sera  publi\u00e9  aux\nrecueils  des  actes  administratifs  des  pr\u00e9fectures  des  d\u00e9partements  de la zone  de d\u00e9fense\nde s\u00e9curit\u00e9  de Paris.\nFait  \u00e0 Paris,le  42 NOY.  2024\nLaurent  NUNEZ\n2024-01643\n\nPREFECTURE  gp Cabinet  du pr\u00e9fetDE POLICE  a\nLibert\u00e9\n\u00c9galit\u00e9\nFraternit\u00e9\narr\u00eat\u00e9  n\u00b0 2024-01658\naccordant  d\u00e9l\u00e9gation  de la signature  pr\u00e9fectorale\nau sein  de la direction  de l'innovation,  de la logistique  et des  technologies\nLe pr\u00e9fet  de police,\nVU le code  g\u00e9n\u00e9ral  de la fonction  publique,  notamment  son  article  L417-5  ;\nVU le d\u00e9cret  n\u00b0 95-1197  du 6 novembre  1995  modifi\u00e9  portant  d\u00e9concentration  en mati\u00e8re  de\ngestion  des  personnels  de la police  nationale  ;\nVU le d\u00e9cret  n\u00b0 2003-737  du 1 ao\u00fbt  2003  portant  cr\u00e9ation  d'un  secr\u00e9tariat  g\u00e9n\u00e9ral  pour\nl'administration  \u00e0 la pr\u00e9fecture  de police  ;\nVU le d\u00e9cret  n\u00b02004-374  du 29 avril  2004  modifi\u00e9  relatif  aux  pouvoirs  des  pr\u00e9fets,  \u00e0\nl'organisation  et \u00e0 l'action  des  services  de l'\u00c9tat  dans  les r\u00e9gions  et les d\u00e9partements  ;\nVU le d\u00e9cret  n\u00b0 2013-728  du 12 ao\u00fbt  2013  portant  organisation  de l'administration  centrale  du\nminist\u00e8re  de l'int\u00e9rieur  et du minist\u00e8re  des  outre-mer  ;\nVU le d\u00e9cret  n\u00b0 2014-296  du 6 mars  2014  relatif  aux  secr\u00e9tariats  g\u00e9n\u00e9raux  pour  l'administration\ndu minist\u00e8re  de l'int\u00e9rieur  et modifiant  diverses  dispositions  du code  de la d\u00e9fense  et du\ncode  de la s\u00e9curit\u00e9  int\u00e9rieure  ;\nVU l'arr\u00eat\u00e9  minist\u00e9riel  NOR  INTA  1532249A  du 24 d\u00e9cembre  2015,  relatif  aux  services  charg\u00e9s\nd'exercer  les missions  relevant  du secr\u00e9tariat  g\u00e9n\u00e9ral  pour  l'administration  du minist\u00e8re  de\nl'int\u00e9rieur  de la zone  de d\u00e9fense  et de s\u00e9curit\u00e9  de Paris  ;\nVU l'arr\u00eat\u00e9  pr\u00e9fectoral  n\u00b0 2009-00641  du 7 ao\u00fbt  2009  modifi\u00e9  relatif  \u00e0 l'organisation  de la\npr\u00e9fecture  de police  ;\nVU l'arr\u00eat\u00e9  n\u00b0 2019-00079  du 24 janvier  2019  autorisant  l'installation  du syst\u00e8me  de vid\u00e9o-\nprotection  de la pr\u00e9fecture  de police  ;\nVU l'arr\u00eat\u00e9  pr\u00e9fectoral  n\u00b0 2020-00703  du 8 septembre  2020  modifi\u00e9  relatif  aux  missions  et \u00e0\nl'organisation  de la direction  de l'innovation,  de la logistique  et des  technologies  ;\nVU le d\u00e9cret  du 20 juillet  2022  par lequel  M. Laurent  NUNEZ,  pr\u00e9fet,  coordonnateur  national\ndu renseignement  et de la lutte  contre  le terrorisme,  est nomm\u00e9  pr\u00e9fet  de police  (hors\nclasse)  ;\nVU le d\u00e9cret  du 22 d\u00e9cembre  2022  par  lequel  M. Philippe  LE MOING  SURZUR,  administrateur\ng\u00e9n\u00e9ral  d\u00e9tach\u00e9  en qualit\u00e9  de sous-pr\u00e9fet  hors  classe,  est nomm\u00e9  pr\u00e9fet,  secr\u00e9taire  g\u00e9n\u00e9ral\npour  l'administration  de la pr\u00e9fecture  de police,  \u00e0 compter  du 22 d\u00e9cembre  2022  ;\nVU  le d\u00e9cret  du 27 f\u00e9vrier  2023  par  lequel  Mme  Anne-Florence  CANTON,  ing\u00e9nieure  g\u00e9n\u00e9rale\ndes  mines,  est nomm\u00e9  directrice  de l'innovation,  de la logistique  et des  technologies  \u00e0 la\npr\u00e9fecture  de police,  \u00e0 compter  du 15 mars  2023  ;\nSUR  proposition  du pr\u00e9fet,  secr\u00e9taire  g\u00e9n\u00e9ral  pour  l'administration,\nARRETE\nTITRE  1 - D\u00e9l\u00e9gation  de signature  g\u00e9n\u00e9rale\nArticle  1\u00b0\nD\u00e9l\u00e9gation  est donn\u00e9e  \u00e0 Mme  Anne-Florence  CANTON,  ing\u00e9nieure  g\u00e9n\u00e9rale  des  mines,\nUE\n\ndirectrice  de l'innovation,  de la logistique  et des  technologies  a la pr\u00e9fecture  de police,\ndirectement  plac\u00e9e  sous  l'autorit\u00e9  du pr\u00e9fet,  secr\u00e9taire  g\u00e9n\u00e9ral  pour  l'administration,  \u00e0 l'effet\nde signer,  au nom  du pr\u00e9fet  de police  et dans  la limite  de ses attributions,  tous  actes,  arr\u00eat\u00e9s,\nd\u00e9cisions  et pi\u00e8ces  comptables  n\u00e9cessaires  \u00e0 l'exercice  des  missions  fix\u00e9es  par l'arr\u00eat\u00e9  du\n8 septembre  2020  susvis\u00e9,  \u00e0 l'exception  des  march\u00e9s  publics  dont  le montant  d\u00e9passe\n5 millions  d'euros  TTC.\nPour  l'ex\u00e9cution  du contrat  de partenariat  conclu  avec  la soci\u00e9t\u00e9  IRIS  pour  la mise  en \u0153uvre\ndu plan  zonal  de vid\u00e9o-protection,  d\u00e9l\u00e9gation  lui est donn\u00e9e  pour  signer,  dans  la limite  de\n300  000  euros  annuels  TTC,  tous  les actes,  arr\u00eat\u00e9s,  d\u00e9cisions  et pi\u00e8ces  comptables,  \u00e0\nl'exception  de ceux  ayant  un impact  sur la composante  R1 du loyer  du contrat  de partenariat.\nD\u00e9l\u00e9gation  lui est \u00e9galement  donn\u00e9e,  \u00e0 l'effet  de signer  les d\u00e9cisions  individuelles  relatives  a\nl'octroi  des  cong\u00e9s  annuels  et de maladie  ordinaire  des  personnels  relevant  de son  autorit\u00e9.\nEn outre,  d\u00e9l\u00e9gation  est donn\u00e9e  \u00e0 Mme  CANTON,  \u00e0 l'effet  de signer,  au nom  du pr\u00e9fet  de\npolice,  les sanctions  disciplinaires  du premier  groupe,  avertissement  et bl\u00e2me  uniquement,\ninflig\u00e9es  aux  fonctionnaires  du corps  d'encadrement  et d'application  de la police  nationale\nainsi  qu'\u00e0  l'ensemble  des  personnels  administratifs,  techniques,  scientifiques  et sp\u00e9cialis\u00e9s,\nplac\u00e9s  sous  son  autorit\u00e9.\nD\u00e9l\u00e9gation  est aussi  donn\u00e9e  \u00e0 Mme  CANTON,  \u00e0 l'effet  de signer,  au nom  du pr\u00e9fet  de police,\nles sanctions  disciplinaires  d'avertissement  et de bl\u00e2me  uniquement,  inflig\u00e9es  aux  policiers\nadjoints  plac\u00e9s  sous  son  autorit\u00e9.\nArticle  2\nEn cas d'absence  ou d'emp\u00e9chement  de Mme  Anne-Florence  CANTON,  la d\u00e9l\u00e9gation  qui lui\nest consentie  \u00e0 l'article  1\u00b0 est exerc\u00e9e  par M. Christophe  AUMONIER,  administrateur  de l'Etat\ndu grade  transitoire,  directeur  adjoint  de l'innovation,  de la logistique  et des  technologies.\nArticle  3\nEn cas d'absence  ou d'emp\u00eachement  de Mme  Anne-Florence  CANTON  et de M. Christophe\nAUMONIER,  la d\u00e9l\u00e9gation  qui leur  est respectivement  consentie  aux  articles  1\u00b0 et 2 est\nexerc\u00e9e,  dans  la limite  de leurs  attributions  respectives  - \u00e0 l'exception  des  propositions\nd'engagement  de d\u00e9penses,  des  devis,  des  contrats,  des  conventions  et des  march\u00e9s\nsubs\u00e9quents,  des  bons  de commandes  ainsi  que  des  arr\u00eat\u00e9s  pronon\u00e7ant  des  sanctions\ndisciplinaires  - par  :\n- Mme  Malika  BENYETTOU,  lieutenant-colonelle  de gendarmerie,  adjointe  au sous-\ndirecteur  de l'\u00e9quipement  et de la logistique  ;\n- M.Fr\u00e9d\u00e9ric  LECONTE,  agent  contractuel  de cat\u00e9gorie  A, sous-directeur  des\ntechnologies  ;\n- M. Jean-Luc  DAVID,  agent  contractuel  de cat\u00e9gorie  A, chef  du service  du pilotage  et de\nla gouvernance  ;\n- : M. Michel  BOISSONNAT,  attach\u00e9  principal  d'administration  de l'\u00c9tat  hors  classe\nd\u00e9tach\u00e9  dans  l'emploi  fonctionnel  de conseiller  d'administration  de l'int\u00e9rieur  et de\nl'outre-mer,  secr\u00e9taire  g\u00e9n\u00e9ral  ;\n- M.Raphael  GUERAND,  agent  contractuel  de cat\u00e9gorie  A, directeur  de programme\nvid\u00e9o-protection  ;\n- M. Lionel  DEL  AGUILA,  agent  contractuel  de cat\u00e9gorie  A, directeur  de programme  JO\n2024  ;\n- M. Johan  CAVIROT,  ing\u00e9nieur  principal  des  syst\u00e8mes  d'information  et de\ncommunication,  chef  du service  de l'innovation  et de la prospective  ;\n- M. Nicolas  VIOLLAND,  commissaire  de police,  chef  du service  cyber  ;\n- M. Julien  NALDJIAN  LECLERE,  attach\u00e9  d'administration  de l'Etat,  chef  de cabinet.\n\nSous-direction  de l'\u00e9quipement  et de la logistique\nArticle  4\nHors  les circonstances  vis\u00e9es  \u00e0 l'article  3, d\u00e9l\u00e9gation  est donn\u00e9e  \u00e0, Mme  Malika  BENYETTOU,\nlieutenant-colonelle  de gendarmerie,  adjointe  au sous-directeur  de l'\u00e9quipement  et de la\nlogistique,  \u00e0 l'effet  de signer,  dans  la limite  de ses attributions,  les devis,  les expressions  de\nbesoin,  les demandes  d'achat,  les pi\u00e9ces  justificatives  de d\u00e9penses  dont  le montant  unitaire\nne d\u00e9passe  pas  50 000  euros  TTC  et les frais  de missions  des  agents  plac\u00e9s  sous  son  autorit\u00e9.\nD\u00e9l\u00e9gation  lui est \u00e9galement  donn\u00e9e  \u00e0 l'effet  de signer  les actes  de constatation  de service\nfait  de tout  montant,  dans  la limite  de ses attributions,  ainsi  que  les d\u00e9cisions  individuelles\nrelatives  \u00e0 l'octroi  des  cong\u00e9s  annuels  des  personnels  relevant  de son  autorit\u00e9.\nIl lui est aussi  donn\u00e9  d\u00e9l\u00e9gation  pour  la signature  des  attributions  favorables  de moyens\nmobiles  aux  directions  au titre  des  biens  saisis.\nArticle  5\nEn cas d'absence  ou d'emp\u00eachement  de Mme  Malika  BENYETTOU,  la d\u00e9l\u00e9gation  qui lui est\nconsentie  \u00e0 l'article  4 est exerc\u00e9e,  dans  la limite  de leurs  attributions  respectives,  par :\n- Mme  Sa\u00efda  BELHOUSSE,  attach\u00e9e  d'administration  de l'Etat,  cheffe  de la mission\norganisation  et m\u00e9thode  ;\n- Mme  Mercedes  FERNANDES,  attach\u00e9e  d'administration  de l'Etat,  cheffe  du bureau  de\ngestion  des  moyens  et, en cas d'absence  ou d'emp\u00e9chement,  par Mme  Ang\u00e9lique\nLAVABRE,  attach\u00e9e  d'administration  de l'Etat,  adjointe  \u00e0 la cheffe  du bureau  de\ngestion  des  moyens  ;\n- M. Jean-Etienne  PINGARD,  ing\u00e9nieur  hors  classe  des  services  techniques,  d\u00e9tach\u00e9  dans\nl'emploi  fonctionnel  de chef  des  services  techniques,  chef  du service  des  moyens\nmobiles  ;\n- M. S\u00e9bastien  TEYSSIER,  ing\u00e9nieur  hors  classe  des  services  techniques,  chef  de la\nmission  d'appui  \u00e0 l'externalisation  et, en cas d'absence  ou d'emp\u00eachement,  par\nM. Souleymane-Jean  NDIAYE,  attach\u00e9  principal  d'administration  de l'Etat,  adjoint  au\nchef  de la mission  ;\n- M. Julien  VOLKAERT,  ing\u00e9nieur  principal  des services  techniques,  d\u00e9tach\u00e9  dans  l'emploi\nfonctionnel  de chef  des  services  techniques,  chef  du service  des  \u00e9quipements  de\nprotection  et de s\u00e9curit\u00e9.  '\nArticle  6\nEn cas d'absence  ou d'emp\u00e9chement  de M. Jean-Etienne  PINGARD,  la d\u00e9l\u00e9gation  qui lui est\nconsentie  \u00e0 l'article  5 peut  \u00eatre  exerc\u00e9e,  dans  la limite  de leurs  attributions  respectives,  par :\n- M. Emmanuel  EGOT,  agent  contractuel  de cat\u00e9gorie  A, chef  du bureau  du maintien  en\ncondition  op\u00e9rationnelle  et en cas d'absence  ou d'emp\u00eachement,  M. Lionel\nLACHAUD,  adjoint  au chef  de bureau  ;\n- M. Fr\u00e9d\u00e9ric  DIJOUX,  agent  contractuel  de cat\u00e9gorie  A, chef  du bureau  de gestion  de\nflotte  ;\n- M. David  TROUESSARD,  ing\u00e9nieur  principal  des services  techniques,  adjoint  au chef  du\nservice  des  moyens  mobiles.\nArticle  7\nEn cas d'absence  ou d'emp\u00e9chement  de M. Julien  VOLKAERT,  la d\u00e9l\u00e9gation  qui lui est\nconsentie  \u00e0 l'article  5 peut  \u00eatre  exerc\u00e9e,  dans  la limite  de leurs  attributions  respectives,  par  :\n- M. Thomas  DE LAFORCADE,  agent  contractuel  de cat\u00e9gorie  A, adjoint  au chef  du\nservice  des \u00e9quipements  de protection  et de s\u00e9curit\u00e9  ;\n- M. Germain  DUVIVIER,  ing\u00e9nieur  des services  techniques,  adjoint  au chef  du bureau  de\nl'armement  et des  moyens  de d\u00e9fense  ;\n- M, Stephen  VALESCH-MONNEREAU,  ing\u00e9nieur  des services  techniques,  chef  du bureau\nss\n2624  01658\n\ndes  mat\u00e9riels  techniques  et sp\u00e9cifiques.\nSous-direction  des  technologies\nArticle  8\nHors  les circonstances  vis\u00e9es  \u00e0 l'article  3, d\u00e9l\u00e9gation  est donn\u00e9e  \u00e0 M. Fr\u00e9d\u00e9ric  LECONTE,  sous-\ndirecteur  des  technologies,  \u00e0 l'effet  de signer,  dans  la limite  de ses attributions,  les devis,  les\nexpressions  de besoin,  les demandes  d'achat,  les pi\u00e8ces  justificatives  de d\u00e9penses  dont  le\nmontant  unitaire  ne d\u00e9passe  pas  50 000  euros  TTC  et les frais  de missions  des  agents  plac\u00e9s\nsous  son  autorit\u00e9.\nD\u00e9l\u00e9gation  lui est \u00e9galement  donn\u00e9e  \u00e0 l'effet  de signer  les actes  de constatation  de service\nfait  de tout  montant,  dans  la limite  de ses attributions,  ainsi  que  les d\u00e9cisions  individuelles\nrelatives  \u00e0 l'octroi  des  cong\u00e9s  annuels  des  personnels  relevant  de son  autorit\u00e9.\nIl lui est aussi  donn\u00e9  d\u00e9l\u00e9gation  pour  la signature  des  attributions  favorables  de moyens\ninformatiques  et de t\u00e9l\u00e9communication  aux  directions,  au titre  des  biens  saisis.\nArticle  9\nEn cas d'absence  ou d'emp\u00e9chement  de M. Fr\u00e9d\u00e9ric  LECONTE,  la d\u00e9l\u00e9gation  qui lui est\nconsentie  \u00e0 l'article  8 peut  \u00eatre  exerc\u00e9e,  dans  la limite  de leurs  attributions  respectives,\npar  M. Samy  FAILLER,  ing\u00e9nieur  principal  des  syst\u00e8mes  d'information  et de communication,\nadjoint  au sous-directeur  des  technologies  en charge  des  infrastructures  op\u00e9rationnelles  et\nM. Rachid  IGOUTI,  ing\u00e9nieur  principal  des  syst\u00e8mes  d'information  et de communication,\nadjoint  au sous-directeur  des  technologies  en charge  du syst\u00e8me  d'information.\nEn cas d'absence  ou d'emp\u00e9chement  de M. Samy  FAILLER  et M. Rachid  IGOUTI,  la d\u00e9l\u00e9gation\nqui leur  est consentie  est exerc\u00e9e,  dans  la limite  de leurs  attributions  respectives,  par :\n- M. Vincent  CHARPIN,  ing\u00e9nieur  en chef  des  mines,  chef  du service  exploitation  et\nenvironnement  de travail  et, en cas  d'absence  ou d'emp\u00e9chement,  \u00e0 M. St\u00e9phane\nDEWEZ,  ing\u00e9nieur  en chef  ;\n- Mme  Aude  DAO-POIRETTE,  attach\u00e9e  principale  d'administration  de l'\u00c9tat,  cheffe  de\nservice  de gestion  des  moyens  et, en cas  d'absence  ou d'emp\u00e9chement,  a M. Et\u00e9\nBERTIE,  ing\u00e9nieur  principal  des  syst\u00e8mes  d'information  et de communication,  adjoint\nau chef  de service;\n- M. J\u00e9r\u00f4me  KERLEAU,  agent  contractuel  de cat\u00e9gorie  A, chef  du service  des\napplications  et des  op\u00e9rations  et, en cas d'absence  ou d'emp\u00e9chement,  \u00e0 M. Teddy\nGRUB,  contractuel  de cat\u00e9gorie  A;\n- Mme  Nithya  NARRAINSAMY,  agente  contractuelle  de cat\u00e9gorie  A, en qualit\u00e9  de\ndirectrice  de programme  SIG  ;\n- M. Didier  RICAUD,  agent  contractuel,  chef  de service  des  infrastructures\nop\u00e9rationnelles  et, en cas  d'absence  ou d'emp\u00eachement,  Fr\u00e9d\u00e9ric  RIEGER,  ing\u00e9nieur\nprincipal  des  syst\u00e8mes  d'information  et de communication,  adjoint  au chef  de service\ndes  infrastructures  op\u00e9rationnelles  ;\n- Mme  Mich\u00e8le  ROUSSEL,  agente  contractuelle  de cat\u00e9gorie  A, en qualit\u00e9  de directrice\nde programme  CCOS.\nService  du pilotage  et de la gouvernance\nArticle  10\nHors  les circonstances  vis\u00e9es  \u00e0 l'article  3, d\u00e9l\u00e9gation  est donn\u00e9e  \u00e0 M. Jean-Luc  DAVID,  chef  du\nservice  du pilotage  et de la gouvernance,  \u00e0 l'effet  de signer,  dans  la limite  de ses attributions,\nles devis,  les expressions  de besoin,  les demandes  d'achat,  les pi\u00e8ces  justificatives  de d\u00e9penses\ndont  le montant  unitaire  ne d\u00e9passe  pas 50 000  euros  TTC  et les frais  de missions  des agents\nplac\u00e9s  sous  son  autorit\u00e9.\nD\u00e9l\u00e9gation  lui est \u00e9galement  donn\u00e9e  \u00e0 l'effet  de signer  les actes  de constatation  de service\n2024-01658  \"\n\nfait  de tout  montant,  dans  la limite  de ses attributions,  et les d\u00e9cisions  individuelles  relatives  a\nl'octroi  des  cong\u00e9s  annuels  des  personnels  relevant  de son  autorit\u00e9.\nArticle  11\nEn cas  d'absence  ou d'emp\u00e9chement  de M. Jean-Luc  DAVID,  la d\u00e9l\u00e9gation  qui  lui est consentie\n\u00e0 l'article  10 peut  \u00eatre  exerc\u00e9e,  dans  la limite  de ses attributions,  par  M. R\u00e9gis  REBOUL,  agent\ncontractuel  de cat\u00e9gorie  A, directeur  de programme  de la plateforme  des  appels  d'urgence  au\nsein  du service  du pilotage  et de la gouvernance.\nSecr\u00e9tariat  g\u00e9n\u00e9ral\nArticle  12\nHors  les circonstances  vis\u00e9es  \u00e0 l'article  3, d\u00e9l\u00e9gation  est donn\u00e9e  \u00e0 M. Michel  BOISSONNAT,\nsecr\u00e9taire  g\u00e9n\u00e9ral,  \u00e0 l'effet  de signer,  dans  la limite  de ses attributions,  les devis,  les\nexpressions  de besoin,  les demandes  d'achats,  les pi\u00e8ces  justificatives  de d\u00e9penses  dont  le\nmontant  unitaire  ne d\u00e9passe  pas  50 000  euros  TTC  et les frais  de missions  des  agents  plac\u00e9s\nsous  son  autorit\u00e9.\nD\u00e9l\u00e9gation  lui est enfin  donn\u00e9e  \u00e0 l'effet  de signer  les actes  de constatation  de service  fait  de\ntout  montant  dans  la limite  de ses attributions,  les d\u00e9cisions  individuelles  relatives  \u00e0 l'octroi\ndes  cong\u00e9s  annuels  des  personnels  relevant  de son  autorit\u00e9  et les d\u00e9cisions  individuelles\nrelatives  aux  cong\u00e9s  de maladie  ordinaire  et de t\u00e9l\u00e9travail  des  personnels  relevant  de la\ndirection.\nArticle  13\nEn cas d'absence  ou d'emp\u00eachement  de M. Michel  BOISSONNAT,  la d\u00e9l\u00e9gation  qui lui est\nconsentie  \u00e0 l'article  12 peut  \u00eatre  exerc\u00e9e,  dans  la limite  de leurs  attributions  respectives,  par  :\n- Mme  Laur\u00e8ne  CADIOT-JULLIEN,  attach\u00e9e  principale  d'administration  de l'Etat,  cheffe\ndu d\u00e9partement  des  ressources  humaines  ;\n- M. Abdelkrim  LALDJI,  attach\u00e9  principal  d'administration  de l'Etat,  chef  du\nd\u00e9partement  des  finances  et de l'achat,  \u00e0 l'exception  de la signature  des  arr\u00eat\u00e9s  de\nt\u00e9l\u00e9travail  ;\n- M. Philippe  MOUSNY,  ing\u00e9nieur  des  services  techniques,  chef  du d\u00e9partement\nimmobilier  et conditions  de travail,  \u00e0 l'exception  de la signature  des  arr\u00eat\u00e9s  de\nt\u00e9l\u00e9travail.\nArticle  14\nEn cas  d'absence  ou d'emp\u00e9chement  de Mme  Laur\u00e8ne  CADIOT-JULLIEN,  la d\u00e9l\u00e9gation  qui lui\nest consentie  \u00e0 l'article  13 peut  \u00eatre  exerc\u00e9e,  dans  la limite  de leurs  attributions  respectives,  et\n\u00e0 l'exception  de la signature  des  arr\u00eat\u00e9s  de t\u00e9l\u00e9travail  par  :\n- Mme  Sylvie  CAETANO,  attach\u00e9e  d'administration  de l'Etat,  cheffe  du bureau  de\nl'accompagnement  des  personnels  ;\n- Mme  Agn\u00e8s  LACASTE,  attach\u00e9e  d'administration  de l'Etat,  cheffe  du bureau  de la\ngestion  des  personnels,  et, en cas  d'absence  ou d'emp\u00e9chement,  par  Mme  Carole\nGROUZARD,  attach\u00e9e  d'administration  de l'Etat,  adjointe  \u00e0 la cheffe  de bureau.\nArticle  15\nEn cas  d'absence  ou d'emp\u00e9chement  de M. Abdelkrim  LALDJI,  la d\u00e9l\u00e9gation  qui lui est\nconsentie  \u00e0 l'article  13 peut  \u00eatre  exerc\u00e9e,  dans  la limite  de leurs  attributions,  par  :\n- Mme  Sylvie  D'OLIVEIRA  LABOR,  attach\u00e9e  d'administration  de l'Etat,  cheffe  du bureau\ndes  finances,  et en cas d'absence  ou d'emp\u00e9chement,  par  M. Jean-C\u00e9dric\nPUYLAURENT,  attach\u00e9  d'administration  de l'\u00c9tat,  adjoint  \u00e0 la cheffe  de bureau  ;\n- M. Thomas  VERNE,  attach\u00e9  principal  d'administration  de l'Etat,  chef  du bureau  de\nl'achat,  et en cas  d'absence  ou d'emp\u00e9chement,  par  M. C\u00e9dric  JOSEPH-PARFAITE,\nagent  contractuel  de cat\u00e9gorie  A, adjoint  au chef  de bureau.\n2024-01658\n\nArticle  16\nEn cas  d'absence  ou d'emp\u00eachement  de M. Philippe  MOUSNY,  la d\u00e9l\u00e9gation  qui  lui est\nconsentie  \u00e0 l'article  13 peut  \u00eatre  exerc\u00e9e,  dans  la limite  de leurs  attributions  respectives,  par  :\n- Mme  Emira  DESHOUILLERES,  secr\u00e9taire  administrative  de classe  normale,  cheffe  de la\nsection  logistique,  et en cas  d'absence  ou d'emp\u00e9chement,  par  Mme  Hanna  AACHA,\nsecr\u00e9taire  administrative  de classe  normale,  adjointe  \u00e0 la cheffe  de section  ;\n- . Mme  G\u00e9raldine  WERKHAUSER-BERTRAND,  attach\u00e9e  d'administration  de l'Etat,  cheffe\ndu bureau  de l'immobilier.\nDirection  de programme  vid\u00e9o-protection\nArticle  17\nHors  les circonstances  vis\u00e9es  \u00e0 l'article  3, d\u00e9l\u00e9gation  est donn\u00e9e  \u00e0 M. Raphael  GUERAND,\ndirecteur  de programme  vid\u00e9o-protection,  \u00e0 l'effet  de signer,  dans  la limite  de ses attributions,\nles devis,  les expressions  de besoin,  les demandes  d'achat,  les pi\u00e8ces  justificatives  de d\u00e9penses\ndont  le montant  unitaire  ne d\u00e9passe  pas  50 000  euros  TTC  et les frais  de missions  des  agents\nplac\u00e9s  sous  son  autorit\u00e9.\nD\u00e9l\u00e9gation  lui est \u00e9galement  donn\u00e9e  \u00e0 l'effet  de signer  les actes  de constatation  de service\nfait  de tout  montant,  dans  la limite  de ses  attributions,  et les d\u00e9cisions  individuelles  relatives  \u00e0\nl'octroi  des  cong\u00e9s  annuels  des  personnels  relevant  de son  autorit\u00e9.\nArticle  18\nEn cas  d'absence  ou d'emp\u00eachement  de M. Raphael  GUERAND,  la d\u00e9l\u00e9gation  qui  lui est\nconsentie  \u00e0 l'article  17 peut  \u00eatre  exerc\u00e9e,  dans  la limite  de ses attributions,  par  Mme  Jennifer\nGAUTHIER,  ing\u00e9nieure  SIC,  adjointe  au directeur  de programme  vid\u00e9o-protection.\nDirection  de programme  JO 2024\nArticle  19\nHors  les circonstances  vis\u00e9es  \u00e0 l'article  3, d\u00e9l\u00e9gation  est donn\u00e9e  \u00e0 M. Lionel  DEL  AGUILA,\ndirecteur  de programme  JO 2024,  \u00e0 l'effet  de signer,  dans  la limite  de ses attributions,  les\ndevis,  les expressions  de besoin,  les demandes  d'achat,  les pi\u00e8ces  justificatives  de d\u00e9penses\ndont  le montant  unitaire  ne d\u00e9passe  pas  50 000  euros  TTC  et les frais  de missions  des  agents\nplac\u00e9s  sous  son  autorit\u00e9.\nD\u00e9l\u00e9gation  lui est \u00e9galement  donn\u00e9e  \u00e0 l'effet  de signer  les actes  de constatation  de service\nfait  de tout  montant,  dans  la limite  de ses attributions,  et les d\u00e9cisions  individuelles  relatives  \u00e0\nl'octroi  des  cong\u00e9s  annuels  des  personnels  relevant  de son  autorit\u00e9.\nService  de l'innovation  et de la prospective\nArticle  20\nHors  les circonstances  vis\u00e9es  \u00e0 l'article  3, d\u00e9l\u00e9gation  est donn\u00e9e  \u00e0 M. Johan  CAVIROT,  chef  du\nservice  de l'innovation  et de la prospective,  \u00e0 l'effet  de signer,  dans  la limite  de ses\nattributions,  les d\u00e9cisions  individuelles  relatives  \u00e0 l'octroi  des  cong\u00e9s  annuels,  ainsi  que  les\nfrais  de missions  des  personnels  relevant  de son  autorit\u00e9.\nService  cyber\nArticle  21\nHors  les circonstances  vis\u00e9es  \u00e0 l'article  3, d\u00e9l\u00e9gation  est donn\u00e9e  \u00e0 M. Nicolas  VIOLLAND,  chef\ndu service  cyber,  \u00e0 l'effet  de signer,  dans  la limite  de ses attributions,  les d\u00e9cisions\nindividuelles  relatives  \u00e0 l'octroi  des  cong\u00e9s  annuels,  ainsi  que  les frais  de missions  des\npersonnels  relevant  de son  autorit\u00e9.\n2024-01658\n\nCabinet\nArticle  22\nHors  les circonstances  vis\u00e9es  \u00e0 l'article  3, d\u00e9l\u00e9gation  est donn\u00e9e  \u00e0 M. Julien  NALDJIAN\nLECLERE,  chef  de cabinet,  \u00e0 l'effet  de signer,  dans  la limite  de ses attributions,  les d\u00e9cisions\nindividuelles  relatives  \u00e0 l'octroi  des  cong\u00e9s  annuels,  ainsi  que  les frais  de missions  des\npersonnels  relevant  de son  autorit\u00e9.\nTITRE  2 - D\u00e9l\u00e9gation  de signature  relative  \u00e0 la cha\u00eene  de la d\u00e9pense\nArticle  23\nD\u00e9l\u00e9gation  est donn\u00e9e  \u00e0 M. Michel  BOISSONNAT,  secr\u00e9taire  g\u00e9n\u00e9ral,  et M. Abdelkrim  LALDJI,\nchef  du d\u00e9partement  des  finances  et de l'achat,  \u00e0 l'effet  de signer,  au nom  du pr\u00e9fet  de police\net dans  la limite  de leurs  attributions  respectives,  tous  actes,  d\u00e9cisions,  pi\u00e8ces  comptables\n(notamment  les devis,  les demandes  d'achat,  les engagements  juridiques,  les d\u00e9penses  de la\nr\u00e9gie  d'avances,  les actes  de constatation  et de certification  de service  fait,  les propositions\nde liquidation,  les transferts,  les ordonnances  de paiement,  les pi\u00e8ces  justificatives  de\nd\u00e9penses,  les ordres  de recettes,  les pi\u00e8ces  justificatives  de recettes  ainsi  que  les \u00e9tats  de\ncr\u00e9ances)  \u00e9mis,  dans  le cadre  du p\u00e9rim\u00e8tre  d'ex\u00e9cution  budg\u00e9taire  confi\u00e9  \u00e0 la direction  de\nl'innovation,  de la logistique  et des  technologies.\nArticle  24\nD\u00e9l\u00e9gation  est donn\u00e9e  \u00e0 l'effet  de signer,  au nom  du pr\u00e9fet  de police,  les actes  comptables\n(notamment  les devis,  les demandes  d'achat,  les propositions  d'engagement  et engagements\njuridiques,  les actes  de constatation  et de certification  de service  fait,  les actes  de\nconstatation  et de certification  de service  r\u00e9alis\u00e9,  les propositions  de liquidation,  les\ntransferts,  les ordonnances  de paiement,  les titres  de recettes,  les ordres  de recettes,  les\npi\u00e8ces  justificatives  de recettes  ainsi  que  les \u00e9tats  de cr\u00e9ances)  \u00e9mis,  dans  le cadre  du\np\u00e9rim\u00e8tre  d'ex\u00e9cution  budg\u00e9taire  confi\u00e9  \u00e0 la direction  de l'innovation,  de la logistique  et des\ntechnologies,  aux  agents  plac\u00e9s  sous  l'autorit\u00e9  de M. Abdelkrim  LALDJI  dont  les noms\nsuivent,  dans  la limite  de leurs  attributions  respectives  :\nM. St\u00e9phane  BOITTE,  adjoint  administratif  principal  de 1** classe,  gestionnaire\nbudg\u00e9taire  \u00e0 la section  des  \u00e9quipements  de protection  et de s\u00e9curit\u00e9  ;\n- Mme  lhssan  BOUHAOUITA,  adjointe  administrative,  gestionnaire  budg\u00e9taire  \u00e0 la\nsection  des  syst\u00e8mes  d'information  et de communication  ;\n- M. Olivier  BROGLY,  secr\u00e9taire  administratif  de classe  normale,  charg\u00e9  du suivi  de la\nprogrammation  ;\n- Mme  Sophie  CARLIER,  adjointe  administrative  principal  de 1*\u00b0 classe,  gestionnaire\nbudg\u00e9taire  \u00e0 la section  des  \u00e9quipements  de protection  et de s\u00e9curit\u00e9  ;\n- Mme  Karine  ERICHER,  secr\u00e9taire  administrative  de classe  normale,  cheffe  de la section\ndes  \u00e9quipements  de protection  et de s\u00e9curit\u00e9  ;\n- M. Fabrice  MUNIER,  secr\u00e9taire  administratif  de classe  normale,  charg\u00e9  du suivi  de la\nprogrammation  ;\n- Mme  Christine  ROGER,  secr\u00e9taire  administrative  de classe  normale,  cheffe  de la\nsection  des  syst\u00e8mes  d'information  et de communication  ;\n- Mme  Paule-Elise  WYDER,  secr\u00e9taire  administrative  de classe  normale,  cheffe  de la\nsection  des  moyens  mobiles.\nD\u00e9l\u00e9gation  de signature  relative  au syst\u00e8me  d'information  financi\u00e8re  CHORUS\nArticle  25\nD\u00e9l\u00e9gation  est donn\u00e9e  \u00e0 l'effet  de signer,  au nom  du pr\u00e9fet  de police,  les actes  comptables\n(notamment  les devis,  les expressions  de besoin,  les actes  de constatation  de service  fait,  les\npi\u00e8ces  justificatives  de d\u00e9penses),  aux  agents  de la sous-direction  de l'\u00e9quipement  et de la\nlogistique,  de la sous-direction  des  technologies,  du service  du pilotage  de la gouvernance,  du\nsecr\u00e9tariat  g\u00e9n\u00e9ral  et du cabinet,  dont  les noms  suivent,  dans  la limite  de leurs  attributions\n2024-01658  7\n\nrespectives  :\nPour  la sous-direction  de l'\u00e9quipement  et de la logistique  :\nMme  Malika  BENYETTOU,  lieutenant-colonelle  de gendarmerie.\nBureau  de gestion  des  moyens  :\nMme  Mercedes  FERNANDES,  attach\u00e9e  d'administration  de l'Etat  ;\nM. Mathieu  FILLOUX,  secr\u00e9taire  administratif  de classe  normale  ;\nMme  Ang\u00e9lique  LAVABRE,  attach\u00e9e  d'administration  de l'Etat  ;\nMme  Audrey  MARIT-LELEUX,  secr\u00e9taire  administrative  de classe  exceptionnelle  ;\nM. Amaury  VOILLEMIN,  secr\u00e9taire  administratif  de classe  sup\u00e9rieure.\nService  des  moyens  mobiles  :\nM. \u00c9ric AUBIN,  contr\u00f4leur  des services  techniques  de classe  normale  ;\nM. Jean-Michel  ARNOULD,  commandant  divisionnaire  de police  ;\nM. Patrick  ARPIN,  adjoint  technique  principal  de 1\" classe  ;\nM. Aur\u00e9lien  BAHERRE,  adjoint  technique  principal  de 1\u00b0\" classe  ;\nM. Christophe  BANCAREL,  major  de police  ;\nM. Sekou  BAYOKO,  contr\u00f4leur  des  services  techniques  de classe  normale  ;\nM. Romain  BLOT,  brigadier-chef  de classe  normale  ;\nMme  Najat  BOUCHADDA,  adjointe  technique  principale  de 2\u00b0\"*  classe  ;\nM. Fran\u00e7ois  BOURGARY,  contr\u00f4leur  des  services  techniques  de classe  normal  ;\nMme  Patricia  BOYARD,  adjointe  administrative  principale  de 2\u00b0\u00b0  classe  ;\nM. Benoit  BRIAN,  adjoint  technique  principal  de 2\u00b0\"  classe  ;\nMme  Isabelle  BRIAND,  secr\u00e9taire  administrative  de classe  sup\u00e9rieure  ;\nMme  Brigitte  CADET  DE FONTENAY,  agente  contractuelle  de cat\u00e9gorie  C ;\nM. Guillaume  CANAL,  brigadier-chef  de classe  sup\u00e9rieure  ;\nM. Laurent  CHAGROT,  major  de police  \u00e0 l'\u00e9chelon  exceptionnel  ;\nMme  Christine  CLAMENS,  technicienne  des  syst\u00e8mes  d'information  et de\ncommunication  de classe  normale  ;\n. Johann  COUSSOT,  adjoint  technique  principal  de 2\u00b0\"  classe  ;\n. Nicolas  DARENNE,  adjoint  technique  principal  de 2\u00b0\"\u00b0  classe  ;\n. Daniel  DAUPHIN,  major  responsable  d'unit\u00e9  locale  de police  ;\n. Tony  DESARRANNO,  contr\u00f4leur  des  services  techniques  de classe  normale  ;\n. \u00c9ric DESCHARMES,  adjoint  technique  principal  de 1\u00b0\" classe  ;\n. Fr\u00e9d\u00e9ric  DIJOUX,  agent  contractuel  de cat\u00e9gorie  A ;\n. Franck  DOUARRE  technicien  sup\u00e9rieur  ;\n. Erick  DUPUIS,  ing\u00e9nieur  principal  des  services  techniques  ;\n. Emmanuel  EGOT,  agent  contractuel  de cat\u00e9gorie  A ;ET <<. Philippe  FAGETE,  adjoint  technique  principal  de 1\u00b0 classe  ;\nM.Thierry  FARNEAULT,  adjoint  administratif  principal  de 2\u00b0\"  classe  ;\n. Pascal  FAUCHERIE,  adjoint  technique  principal  de 1\u00b0 classe  ;\n. Manuel  FERREIRA,  adjoint  technique  principal  de 1\u00b0\" classe  ;\n. Pascal  FERREIRA-VELHO,  adjoint  technique  principal  de 1\u00b0 classe  ;\n. Fabien  FILLION,  contr\u00f4leur  de services  techniques  de classe  normale  ;\n. Emmanuel  FROMENT,  contr\u00f4leur  des  services  techniques  de classe  sup\u00e9rieure  ;\n. Florian  GOUET,  agent  contractuel  de cat\u00e9gorie  C ; RXXZZXZXZX. Vitor  GUERREIRO,  adjoint  technique  principal  de 1\u00b0\" classe  ;\nMme  Jennifer  GUILLEMER,  adjointe  technique  principale  de 2\u00b0\"  classe  ;\nM. Paul  GUIRAND,  adjoint  technique  principal  de 2\u00b0\"  classe  ;\n\u00abf=\n2024-01658\n\nMme  Alexandra  GUILLON,  adjointe  administrative  principal  de 2\u00b0\"  classe  ;\nM. Omar  HABOUB,  adjoint  technique  principal  de 1\u00b0\" classe  ;\nM. Laurent  HUART,  major  de police  \u00e0 l'\u00e9chelon  exceptionnel  ;\nM. Philippe  HUYNH-GALLAIS,  brigadier-chef  de classe  sup\u00e9rieure  ;\nMme  Elisabeth  JOUANNY,  secr\u00e9taire  administrative  de classe  normale  ;\n. Yann  L'HOEST-MARTIN,  adjoint  technique  principal  de 1\u00b0 classe  ;\n. Lionel  LACHAUD,  agent  contractuel  de cat\u00e9gorie  A ;\n. Jean-Pierre  LARCHER,  adjoint  technique  principal  de 2\u00b0\"  classe  ;\n. R\u00e9gis  LEFEBVRE,  contr\u00f4leur  de services  techniques  de classe  normale  ;\n. Nicolas  LEGENDRE,  adjoint  technique  principal  de 1\u00b0 classe  ;\n. Franck  LEROY,  adjoint  technique  principal  de 1\u00b0 classe  ;\n. Sylvain  LESPAGNOL,  contr\u00f4leur  des  services  technique  de classe  normale  ;\n. Franck  LUSSIAUD,  major  responsable  d'unit\u00e9  locale  de police  ;\n. Nicolas  MARCHAND,  adjoint  technique  principal  de 1\u00b0 classe  ;\n. Henrique  MARME,  contr\u00f4leur  des  services  techniques  de classe  sup\u00e9rieure  ;\n. Christophe  MARTINEAU,  ing\u00e9nieur  des  services  techniques  ;Z33353 5B BBRBZRSZ. Fr\u00e9d\u00e9ric  MAZZUCATO,  major  responsable  d'unit\u00e9  locale  de police  ;\nMme  Sandrine  METIVIER-EGRE,  brigadi\u00e9re  cheffe  de classe  sup\u00e9rieure  ;\nM. Daniel  NIVERT,  adjoint  administratif  principal  de 1\u00b0\" classe  ;\nM. Laurent  NORE,  adjoint  technique  principal  de 1\u00b0\" classe  ;\nM. Pascal  OLEJARZ,  adjoint  technique  principal  de 1\" classe  ;\nM. Jean-Etienne  PINGARD,  ing\u00e9nieur  hors  classe  des  services  techniques,  d\u00e9tach\u00e9  dans\nl'emploi  fonctionnel  de chef  des  services  techniques,  chef  du service  des  moyens\nmobiles  ;\nMme  Sylviane  PRECOPE,  adjointe  administrative  principale  de 2\u00b0\"  classe  ;\nM. Carlos  RIBEIRO,  ing\u00e9nieur  des  services  techniques  ;\nM. Dominique  ROUSSEAU,  brigadier-chef  de classe  sup\u00e9rieure  ;\nM. Jean-Philippe  ROYER,  contr\u00f4leur  des  services  techniques  de classe  sup\u00e9rieure  ;\nM. Benoit  SALZARD,  brigadier-chef  de classe  normale  ;\nM. Janny  SENECHAL,  contr\u00f4leur  des  services  techniques  de classe  sup\u00e9rieure  ;\nM. Luc  SIRI,  brigadier-chef  de classe  sup\u00e9rieure  ;\nM. David  TROUESSARD,  ing\u00e9nieur  principal  des  services  techniques  ;\nM. Jean-Baptiste  VENTI,  contr\u00f4leur  des  services  techniques  de classe  normale  ;\nM. Thomas  VERON,  contr\u00f4leur  des  services  techniques  de classe  sup\u00e9rieure  ;\nM. J\u00e9r\u00e9my  VILLAGRASA,  adjoint  technique  principal  de 2\u00b0\"\u00b0  classe  ;\nMme  Clothilde  WEBER,  adjointe  administrative  principale  de 2\u00b0\"  classe.\nService  des  \u00e9quipements  de protection  et de s\u00e9curit\u00e9  :\nM. Maxence  BOISSON,  adjoint  technique  ;\nM. Thomas  DE LAFORCADE,  agent  contractuel  de cat\u00e9gorie  A ;\nM. Germain  DUVIVIER,  ing\u00e9nieur  des  services  techniques  ;\nMme  Aur\u00e9lie  GOMIS,  adjointe  administrative  principal  de 1\u00b0* classe  ;\nMme  Sandra  NAINE,  secr\u00e9taire  administrative  de classe  normale  ;\nM. Stephen  VALESCH-MONNEREAU,  ing\u00e9nieur  des  services  techniques  ;\n'\nM. Julien  VOLKAERT,  ing\u00e9nieur  principal  des  services  techniques,  d\u00e9tach\u00e9  dans  l'emploi\nfonctionnel  de chef  des  services  techniques,  chef  du service  des  \u00e9quipements  de\nprotection  et de s\u00e9curit\u00e9.\nMission  d'appui  \u00e0 l'externalisation  :\nM. Souleymane-Jean  NDIAYE,  attach\u00e9  principal  d'administration  de l'Etat  ;\n29\n2024-01658\n\n- M. S\u00e9bastien  TEYSSIER,  ing\u00e9nieur  hors  classe  des  services  techniques.\nPour  la sous-direction  des  technologies  :\n- M. Olivier  BALUSSEAUD,  secr\u00e9taire  administratif  de classe  sup\u00e9rieure  ;\nM. Daoud  BELBEKHOUCHE,  attach\u00e9  d'administration  de l'Etat  ;\n- Mme  Iris BELHEDI,  adjointe  administrative  principale  1\" classe  ;\n- M.Et\u00e9  BERTIE,  ing\u00e9nieur  principal  des  syst\u00e8mes  d'information  et de communication  ;\n- Mme  Nadia  BONNEMAIN,  secr\u00e9taire  administrative  de classe  normale  ;\n- M. Vincent  CHARPIN,  ing\u00e9nieur  en chef  des  mines  ;\n- Mme  Aude  DAO-POIRETTE,  attach\u00e9e  principale  d'administration  de l'Etat  ;\n- M. St\u00e9phane  DEWEZ,  ing\u00e9nieur  en chef  ;\n- M. Samy  FAILLER,  ing\u00e9nieur  principal  des  syst\u00e8mes  d'information  et de\ncommunication  ;\n- M. David  GIRAULT,  adjoint  administratif  principal  de 1\u00b0  classe  ;\n- M. Rachid  IGOUTI,  ing\u00e9nieur  principal  des  syst\u00e8mes  d'information  et de\ncommunication  ;\n- M. Djibril  KABELA,  attach\u00e9  d'administration  de l'Etat  ;\n- M. Abdel  KAFANDO,  adjoint  administratif  principal  de 2\u00b0\"  classe  ;\n- Mme  Fran\u00e7oise  KANCEL,  adjointe  administrative  principale  1\u00b0\" classe  ;\n- Mme  Duyen  Trinh  LE, secr\u00e9taire  administrative  de classe  normale  ;\n- Mme  Estelle  LEFORT,  adjointe  administrative  principale  de 2\u00b0\"  classe  ;\n- M. Olivier  LEMONNIER,  technicien  sup\u00e9rieur  ;\n- Mme  Barphy  MATSIKA,  adjointe  administrative  principale  2\u00b0\"  classe  ;\n- M. Yacine  NABIL  ABDOU  ABDALLAH,  adjoint  administratif  principal  2\u00e8\"\u00b0  classe  ;\n- Mme  No\u00eblle  NGUYEN  VAN  PHUC,  agente  contractuelle  de cat\u00e9gorie  A ;\n- M. Arnaud  PERNET,  secr\u00e9taire  administratif  de classe  normale  ;\n- M. Didier  RICAUD,  agent  contractuel  de cat\u00e9gorie  A;\n- M. Fr\u00e9d\u00e9ric  RIEGER,  ing\u00e9nieur  principal  des  syst\u00e8mes  d'information  et de\ncommunication  ;\n- M. Alain  RIGOT,  technicien  de classe  normale  des  syst\u00e8mes  d'information  et de\ncommunication  ;\n- Mme  Marie-France  TOMBURELLO,  adjointe  administrative  principale  de 1\" classe.\nPour  le service  du pilotage  et de la gouvernance  :\n- M. Jean-Luc  DAVID,  agent  contractuel  de cat\u00e9gorie  A.\nPour  le Secr\u00e9tariat  g\u00e9n\u00e9ral  :\n- Mme  Hanna  AACHA,  secr\u00e9taire  administrative  de classe  normale  ;\n- Mme  Emira  DESHOUILLERES,  secr\u00e9taire  administrative  de classe  normale  ;\n- M. Ludovic  PHALEMPIN,  adjoint  technique  principale  de 1\u00b0\"  classe  ;\n- Mme  G\u00e9raldine  WERKHAUSER-BERTRAND,  attach\u00e9e  d'administration  de l'Etat.\nPour  le cabinet  :\n- M. Thomas  AYRAULT,  agent  contractuel  de cat\u00e9gorie  A ;\n- Mme  Ambre  MADIOT,  agente  contractuelle  de cat\u00e9gorie  A ;\n- M. Julien  NALDJIAN  LECL\u00c8RE,  attach\u00e9  d'administration  de l'Etat.\nArticle  26\nD\u00e9l\u00e9gation  est donn\u00e9e  \u00e0 l'effet  de signer,  au nom  du pr\u00e9fet  de police,  les actes  de\nconstatation  de service  fait,  aux  agents  approvisionneurs  de la sous-direction  de l'\u00e9quipement\net de la logistique,  de la sous-direction  des  technologies  et du secr\u00e9tariat  g\u00e9n\u00e9ral,  dont  les\nnoms  suivent,  dans  la limite  de leurs  attributions  respectives  :\n2024-01658  _\n\nPour  la sous-direction  de l'\u00e9quipement  et de la logistique  :\nBureau  de gestion  des  moyens  :\nM. Mathieu  FILLOUX,  secr\u00e9taire  administratif  de classe  normale  ;\nMme  Audrey  MARIT-LELEUX,  secr\u00e9taire  administrative  de classe  exceptionnelle  ;\nM. Amaury  VOILLEMIN,  secr\u00e9taire  administratif  de classe  sup\u00e9rieure.\nService  des  moyens  mobiles  :\nM. Eric AUBIN,  contr\u00e9leur  des services  techniques  de classe  normale  ;\nM. Jean-Michel  ARNOULD,  commandant  divisionnaire  de police  ;\nM. Patrick  ARPIN,  adjoint  technique  principal  de 1\u00b0\" classe  ;\nM. Aur\u00e9lien  BAHERRE,  adjoint  technique  principal  de 1\u00b0 classe  ;\nM. Christophe  BANCAREL,  major  de police  ;\nM. Sekou  BAYOKO,  contr\u00f4leur  des  services  techniques  de classe  normale  ;\nM. Romain  BLOT,  brigadier-chef  de classe  normale  ;\nMme  Najat  BOUCHADDA,  adjointe  technique  principal  de 2\u00b0\"  classe  ;\nM. Fran\u00e7ois  BOURGARY,  contr\u00f4leur  des  services  techniques  de classe  normale  ;\nMme  Patricia  BOYARD,  adjointe  administrative  principale  de 2\u00aeTM*  classe  ;\nM. Benoit  BRIAN,  adjoint  technique  principal  de 2\u00b0\"  classe  ;\nMme  Isabelle  BRIAND,  secr\u00e9taire  administrative  de classe  sup\u00e9rieure  ;\nMme  Brigitte  CADET  DE FONTENAY,  agente  contractuelle  de cat\u00e9gorie  C ;\nM. Guillaume  CANAL,  brigadier-chef  de classe  sup\u00e9rieure  ;\nM. Laurent  CHAGROT,  major  de police  \u00e0 l'\u00e9chelon  exceptionnel  ;\nMme  Christine  CLAMENS,  technicienne  des  syst\u00e8mes  d'information  et de\ncommunication  de classe  normale  ;\nM. Johann  COUSSOT,  adjoint  technique  principal  de 2\u00b0\"  classe  ;\nM. Nicolas  DARENNE,  adjoint  technique  principal  de 2\u00b0\"  classe  ;\nM. Daniel  DAUPHIN,  major  responsable  d'unit\u00e9  locale  de police  ;\n. Tony  DESARRANNO,  contr\u00f4leur  des  services  techniques  de classe  normale  ;\n. \u00c9ric DESCHARMES,  adjoint  technique  principal  de 1\u00ae\u00b0 classe  ;\n. Fr\u00e9d\u00e9ric  DIJOUX,  agent  contractuel  de cat\u00e9gorie  A ;\n. Franck  DOUARRE,  technicien  sup\u00e9rieur  ;\n. Erick  DUPUIS,  ing\u00e9nieur  principal  des  services  techniques  ;\n. Philippe  FAGETE,  adjoint  technique  principal  de 1** classe  ;\n. Thierry  FARNEAULT,  adjoint  administratif  principal  de 2\u00b0\"\u00b0  classe  ;\n. Pascal  FAUCHERIE,  adjoint  technique  principal  de 1*\" classe  ;\n. Manuel  FERREIRA,  adjoint  technique  principal  de 1\u00b0\" classe  ;\n. Pascal  FERREIRA-VELHO,  adjoint  technique  principal  de 1\u00b0\" classe  ;\n. Fabien  FILLION,  contr\u00f4leur  de services  techniques  de classe  normale  ;\n. Emmanuel  FROMENT,  contr\u00f4leur  des  services  techniques  de classe  sup\u00e9rieure  ;\n. Florian  GOUET,  agent  contractuel  de cat\u00e9gorie  C ;\n. Vitor  GUERREIRO,  adjoint  technique  principal  de 1\u00b0\" classe  ;\nMme  Jennifer  GUILLEMER,  adjointe  technique  principale  de 2\u00b0\"  classe  ;\nM. Paul  GUIRAND,  adjoint  technique  principal  de 2\u00b0\"\u00b0  classe  ;\nMme  Alexandra  GUILLON,  adjointe  administrative  principal  de 2\u00b0\"  classe  ;\nM. Omar  HABOUB,  adjoint  technique  de 1\" classe  ;\nM. Laurent  HUART,  major  de police  \u00e0 l'\u00e9chelon  exceptionnel  ;\nM. Philippe  HUYNH-GALLAIS,  brigadier-chef  de classe  sup\u00e9rieure  ;\nMme  Elisabeth  JOUANNY,  secr\u00e9taire  administrative  de classe  normale  ;\net.BSS SES SRE ESEZESZSEES\n2024-01658\n\n. Yann  L'HOEST-MARTIN,  adjoint  technique  principal  de 1\u00b0* classe  ;\n. Jean-Pierre  LARCHER,  adjoint  technique  principal  de 2\u00b0\"  classe  ;\n. R\u00e9gis  LEFEBVRE,  contr\u00f4leur  de services  techniques  de classe  normale  ;\n. Nicolas  LEGENDRE,  adjoint  technique  principal  de 1\u00b0\" classe  ;\n. Franck  LEROY,  adjoint  technique  principal  de 1\u00b0\" classe  ;\n. Sylvain  LESPAGNOL,  contr\u00f4leur  des  services  technique  de classe  normale  ;\n. Franck  LUSSIAUD,  major  responsable  d'unit\u00e9  locale  de police  ;\n. Nicolas  MARCHAND,  adjoint  technique  principal  de 1\u00b0\" classe  ;\n. Henrique  MARME,  contr\u00f4leur  des  services  techniques  de classe  sup\u00e9rieure  ;\n. Christophe  MARTINEAU,  ing\u00e9nieur  des  services  techniques  ;ZX3E3EBRBERBEBEBBEBSEB. Fr\u00e9d\u00e9ric  MAZZUCATO,  major  responsable  d'unit\u00e9  locale  de police  ;\nMme  Sandrine  METIVIER-EGRE,  brigadi\u00e9re  chef  de classe  sup\u00e9rieure  ;\nM. Daniel  NIVERT,  adjoint  administratif  principal  de 1\u00b0\" classe  ;\nM. Laurent  NORE,  adjoint  technique  de 1\u00b0\" classe  ;\nM. Pascal  OLEJARZ,  adjoint  technique  principal  de 1\u00b0* classe  ;\nMme  Sylviane  PRECOPE,  adjointe  administrative  principale  de 2\u00b0\"\u00b0  classe  ;\nM. Carlos  RIBEIRO,  ing\u00e9nieur  des  services  techniques  ;\nM. Dominique  ROUSSEAU,  brigadier-chef  de classe  sup\u00e9rieure  ;\nM. Jean-Philippe  ROYER,  contr\u00f4leur  des  services  techniques  de classe  sup\u00e9rieure  ;\nM. Benoit  SALZARD,  brigadier-chef  de classe  normale  ;\nM. Janny  SENECHAL,  contr\u00f4leur  des  services  techniques  de classe  sup\u00e9rieure  ;\nM. Luc  SIRI,  brigadier-chef  de classe  sup\u00e9rieure  ;\nM. Jean-Baptiste  VENTI,  contr\u00f4leur  des  services  techniques  de classe  normale  ;\nM. Thomas  VERON,  contr\u00f4leur  des  services  techniques  de classe  sup\u00e9rieure  ;\nM. J\u00e9r\u00e9my  VILLAGRASA,  adjoint  technique  principal  de 2\u00b0\"  classe  ;\nMme  Clothilde  WEBER,  adjointe  administrative  principale  de 2\u00b0\"  classe.\nService  des  \u00e9quipements  de protection  et de s\u00e9curit\u00e9  :\nM. Maxence  BOISSON,  adjoint  technique  ;\nMme  Aur\u00e9lie  GOMIS,  adjointe  administrative  principale  de 1\u00b0\" classe  ;\nMme  Sandra  NAINE,  secr\u00e9taire  administrative  de classe  normale.\nPour  la sous-direction  des  technologies  :\n2024M. Olivier  BALUSSEAUD,  secr\u00e9taire  administratif  de classe  sup\u00e9rieure  ;\nMme  Iris BELHEDI,  adjointe  administrative  principale  de 1\u00b0* classe  ;\nMme  Nadia  BONNEMAIN,  secr\u00e9taire  administrative  de classe  normale  ;\nM. Vincent  CHARPIN,  ing\u00e9nieur  en chef  des  mines  ;\nM. St\u00e9phane  DEWEZ,  ing\u00e9nieur  en chef  ;\nM. David  GIRAULT,  adjoint  administratif  principal  1\u00b0\" classe  ;\nM. Djibril  KABELA,  attach\u00e9  de l'administration  de l'Etat  ;\nM. Abdel  KAFANDO,  adjoint  administratif  principal  de 2\u00b0\"* classe  ;\nMme  Fran\u00e7oise  KANCEL,  adjointe  administrative  principale  de 1\u00b0 classe  ;\nMme  Duyen  Trinh  LE, secr\u00e9taire  administrative  de classe  normale  ;\nMme  Estelle  LEFORT,  adjointe  administrative  principale  de 2\u00b0\"*  classe  ;\nM. Olivier  LEMONNIER,  technicien  de classe  sup\u00e9rieure  ;\nMme  L\u00e9a LOPEZ,  adjointe  administrative  principale  de 2\u00b0  classe  ;\nMme  Barphy  MATSIKA,  adjointe  administrative  principale  de 2\u00b0\"* classe  ;\nM. Yacine  NABIL  ABDOU  ABDALLAH,  adjoint  administratif  principal  de 2\u00b0\" classe  ;\nMme  No\u00eblle  NGUYEN  VAN  PHUC,  agente  contractuelle  de cat\u00e9gorie  \u00c0 ;\n-01658  7\n\nMme  P\u00e9n\u00e9love  NKOUNKOU,  adjointe  administrative  principale  de 2\u00b0\"*  classe  ;\nM. Arnaud  PERNET,  secr\u00e9taire  administratif  de classe  normale  ;\nM. Fr\u00e9d\u00e9ric  RIEGER,  ing\u00e9nieur  principal  des  syst\u00e8mes  d'information  et de\ncommunication  ;\nM. Alain  RIGOT,  technicien  de classe  normale  des  syst\u00e8mes  d'information  et de\ncommunication  ;\nMme  Marie-France  TOMBURELLO,  adjointe  administrative  principale  de 1\u00b0\" classe.\nPour  le secr\u00e9tariat  g\u00e9n\u00e9ral  :\nM. Nicolas  AFTALION,  adjoint  administratif  principal  de 2\u00b0\"\u00b0  classe  ;\nMme  Bouchra  ARRAKHIZ,  adjointe  administrative  principal  de 2\u00b0\"\u00b0  classe  ;\nMme  Sophie  BALANQUEUX,  adjointe  administrative  principal  de 2\u00b0\"\u00b0  classe  ;\nMme  lhssan  BOUHAOUITA,  adjointe  administrative  ;\nMme  Amanda  Julia  BOUZIMBOU  MPOMBO,  adjointe  administrative  principale  de 2\u00e8\"e\nclasse  ;\nM. Dimitri  CARIGNY,  adjoint  administratif  de 2\u00b0\"  classe  ;\nMme  Am\u00e9lie  DELACROIX,  agente  contractuelle  de cat\u00e9gorie  C ;\nM. Thibault  GEOFFROY,  adjoint  administratif  principal  de 2\u00b0\"\u00b0  classe  ;\nM. Jordan  GRACIA,  adjoint  administratif  principal  de 2\u00b0\"  classe  ;\nM. Teddy  GRILLON,  adjoint  administratif  principal  de 2\u00b0\"  classe  ;\nM. James  HAROUET,  adjoint  technique  de 2\u00b0  classe  ;\nM. Romain  JEANNIN,  attach\u00e9  de l'administration  de l'Etat  ;\n'\nMme  Aurianne  LACASTE,  adjointe  administrative  principale  de 2\u00b0\"  classe  ;\n'\nM. Tom  LY, adjoint  technique  de 2\u00b0\"  classe  ;'\nM. Pierre  MENERET,  adjoint  administratif  principal  de 2\u00b0\"  classe  ;\nM. Rachid  OUARAB,  adjoint  administratif  principal  de 2\u00b0\"\u00b0  classe  ;\nM. Ludovic  PHALEMPIN,  adjoint  technique  principal  de 1\u00b0\" classe  ;\nM. Segbe  TAMBLA,  adjoint  administratif  principal  de 2\u00b0\"  classe  ;\n'\nM. S\u00e9bastien  TIRACHE,  adjoint  administratif  principal  de 2\u00b0\"\u00b0  classe  ;\nMme  Janine  TRAD,  adjointe  administrative  principale  de 1\u00b0 classe  ;\nMme  Sabrina  ZIRAR-TEBAL,  adjointe  administrative  principale  de 2\u00b0\"  classe.\nD\u00e9l\u00e9gation  de signature  relative  au syst\u00e8me  d'information  financi\u00e8re  CORIOLIS\nArticle  27\nD\u00e9l\u00e9gation  est donn\u00e9e  \u00e0 l'effet  de signer,  au nom  du pr\u00e9fet  de police,  les actes  comptables\n(notamment  les propositions  de liquidation  et les transferts)  \u00e9mis,  dans  le cadre  du p\u00e9rim\u00e8tre\nd'ex\u00e9cution  budg\u00e9taire  du budget  sp\u00e9cial  confi\u00e9  \u00e0 la direction  de l'innovation,  la logistique  et\ndes  technologies,  aux  agents  plac\u00e9s  sous  l'autorit\u00e9  de M. Abdelkrim  LALDJI,  dont  les noms\nsuivent,  dans  la limite  de leurs  attributions  respectives  :\nMme  Bouchra  ARRAKHIZ,  adjointe  administrative  principale  de 2\u00b0\"  classe  ;\nM. St\u00e9phane  BOITTE,  adjoint  administratif  principal  de 1\u00b0\" classe  ;\nMme  lhssan  BOUHAOUITA,  adjointe  administrative  ;\nMme  Amanda  Julia  BOUZIMBOU  MPOMBO,  adjointe  administrative  principale  de 2\u00b0\"\u00b0\nclasse  ;\nM. Olivier  BROGLY,  secr\u00e9taire  administratif  de classe  normale  ;\nMme  Sophie  CARLIER,  adjointe  administrative  principale  de 2\u00b0*  classe  ;\nMme  Am\u00e9lie  DELACROIX,  agente  contractuelle  de cat\u00e9gorie  C ;\nMme  Karine  ERICHER,  secr\u00e9taire  administrative  de classe  normale  ;\nM. Jordan  GRACIA,  adjoint  administratif  principal  de 2\u00b0TM\u00b0  classe  ;\n-13-\n2024-01658\n\nM. Teddy  GRILLON,  adjoint  administratif  principal  de 2\u00b0\"  classe  ;\n- Mme  Aurianne  LACASTE,  adjointe  administrative  principale  de 2\u00b0\"*  classe  ;\n- M. Fabrice  MUNIER,  secr\u00e9taire  administratif  de classe  normale  ; |\n- M. Rachid  OUARAB,  adjoint  administratif  principal  de 2\u00b0\"  classe  ; |\n- M.Segbe  TAMBLA,  adjoint  administratif  principal  de 2\u00b0\"\u00b0  classe  ;\n- M. S\u00e9bastien  TIRACHE,  adjoint  administratif  principal  de 2\u00b0\"  classe  ;\n- Mme  Janine  TRAD,  adjoint  administratif  principal  de 1*\u00b0 classe  ;\n- Mme  Paule  Elise  WYDER,  secr\u00e9taire  administrative  de classe  normale  ;\n- Mme  Sabrina  ZIRAR-TEBAL,  adjointe  administrative  principale  de 2\u00b0\"  classe.\nArticle  28\nD\u00e9l\u00e9gation  est donn\u00e9e  \u00e0 l'effet  de signer,  au nom  du pr\u00e9fet  de police,  les actes  comptables\n(notamment  les devis,  les demandes  d'achat,  les actes  de constatation  de service  r\u00e9alis\u00e9s,  les\npi\u00e8ces  justificatives  de d\u00e9penses)  \u00e9mis,  dans  le cadre  du p\u00e9rim\u00e8tre  d'ex\u00e9cution  budg\u00e9taire  du\nbudget  sp\u00e9cial  confi\u00e9  \u00e0 la direction  de l'innovation,  la logistique  et des  technologies,  aux\nagents  de la sous-direction  de l'\u00e9quipement  et de la logistique,  de la sous-direction  des\ntechnologies  et du service  du pilotage  de la gouvernance,  dont  les noms  suivent,  dans  la limite\nde leurs  attributions  respectives  :\nPour  la sous-direction  de l'\u00e9quipement  et de la logistique  :\n- Mme  Malika  BENYETTOU,  lieutenant-colonelle.\nBureau  de gestion  des  moyens  :\n- Mme  Mercedes  FERNANDES,  attach\u00e9e  d'administration  de l'Etat  ;\n- M. Mathieu  FILLOUX,  secr\u00e9taire  administratif  de classe  normale  ;\n- Mme  Ang\u00e9lique  LAVABRE,  attach\u00e9e  d'administration  de l'Etat  ;\n- Mme  Audrey  MARIT-LELEUX,  secr\u00e9taire  administrative  de classe  exceptionnelle  ;\n- M. Amaury  VOILLEMIN,  secr\u00e9taire  administratif  de classe  sup\u00e9rieure.\nService  des  moyens  mobiles  :\n- M. \u00c9ric AUBIN,  contr\u00f4leur  des services  techniques  de classe  normale  :\n- M. Jean-Michel  ARNOULD,  commandant  divisionnaire  de police  ;\n- M. Patrick  ARPIN,  adjoint  technique  principal  de 1\u00b0\" classe  ;\n- M. Aur\u00e9lien  BAHERRE,  adjoint  technique  principal  de 1\u00b0\" classe  ;\n- M.Christophe  BANCAREL,  major  de police  ;\n- M.Alain  BARBET,  adjoint  technique  principale  de 2\u00b0\"  classe  ;\n- M.Sekou  BAYOKO,  contr\u00f4leur  des  services  techniques  de classe  normale  ;\n- Mme  Najat  BOUCHADDA,  adjointe  technique  principale  de 2\u00b0\"  classe  ;\n- M. Fran\u00e7ois  BOURGARY,  contr\u00f4leur  des  services  techniques  de classe  normale  ;\n- Mme  Patricia  BOYARD,  adjointe  administrative  principale  de 2\u00b0\"  classe  ;\n- M. Benoit  BRIAN,  adjoint  technique  principal  de 2\u00b0\"\u00b0  classe  ;\n- Mme  Isabelle  BRIAND,  secr\u00e9taire  administrative  de classe  sup\u00e9rieure  ;\n- Mme  Brigitte  CADET  DE FONTENAY,  agente  contractuelle  de cat\u00e9gorie  C ;\n- M. Guillaume  CANAL,  brigadier-chef  de classe  sup\u00e9rieure  ;\n- M. Laurent  CHAGROT,  major  de police  \u00e0 l'\u00e9chelon  exceptionnel  ;\n- Mme  Christine  CLAMENS,  technicienne  des  syst\u00e8mes  d'information  et de\ncommunication  de classe  normale  ;\n- M. Johann  COUSSOT,  adjoint  technique  principal  de 2\u00b0\"\u00b0  classe  ;\nM. Nicolas  DARENNE,  adjoint  technique  principal  de 2\u00b0\"  classe  ;\nM. Daniel  DAUPHIN,  major  responsable  d'unit\u00e9  locale  de police  ;\nM. Tony  DESARRANNO,  contr\u00f4leur  des  services  techniques  de classe  normale  ;\n2024-01658  -1-\n\n. Eric DESCHARMES,  adjoint  technique  principal  de 1\u00b0\" classe  ;\n. Fr\u00e9d\u00e9ric  DIJOUX,  agent  contractuel  de cat\u00e9gorie  A ;\n. Franck  DOUARRE,  technicien  sup\u00e9rieur  ;\n. Erick  DUPUIS,  ing\u00e9nieur  principal  des  services  techniques  ;\n. Emmanuel  EGOT,  agent  contractuel  de cat\u00e9gorie  A ;\n. Thierry  FARNEAULT,  adjoint  administratif  principal  de 2\u00b0\"  classe  ;\n. Pascal  FAUCHERIE,  adjoint  technique  principal  de 1\u00b0\" classe  ;\n. Manuel  FERREIRA,  adjoint  technique  principal  de 1\u00b0\" classe  ;\n. Pascal  FERREIRA-VELHO,  adjoint  technique  principal  de 1\" classe  ;\n. Fabien  FILLION,  contr\u00f4leur  de services  techniques  de classe  normale  ;\n. Emmanuel  FROMENT,  contr\u00f4leur  des  services  techniques  de classe  sup\u00e9rieure  ; ET <. Florian  GOUET,  agent  contractuel  de cat\u00e9gorie  C ;\n'- M. Vitor  GUERREIRO,  adjoint  technique  principal  de 1\u00b0\" classe  ;\n- Mme  Jennifer  GUILLEMER,  adjointe  technique  principale  de 2\u00b0\"  classe  ;\n- Mme  Alexandra  GUILLON,  adjointe  administrative  principale  de 2\u00b0\"  classe  ;\n- M. Paul  GUIRAND,  adjoint  technique  principal  de 2\"\u00b0  classe  ;\n- M. Omar  HABOUB,  adjoint  technique  de 1\u00b0\" classe  ;\n- M. Laurent  HUART,  major  de police  \u00e0 l'\u00e9chelon  exceptionnel  ;\n- M. Philippe  HUYNH-GALLAIS,  brigadier-chef  de classe  normale  ;\n- Mme  Elisabeth  JOUANNY,  secr\u00e9taire  administrative  de classe  normale  ;\n. Yann  L'HOEST-MARTIN,  adjoint  technique  principal  de 1\" classe  ;\n. Lionel  LACHAUD,  agent  contractuel  de cat\u00e9gorie  \u00c0 ;\n. Jean-Pierre  LARCHER,  adjoint  technique  principal  de 2\u00b0\"  classe  ;\n. R\u00e9gis  LEFEBVRE,  contr\u00f4leur  de services  techniques  de classe  normale  ;\n. Nicolas  LEGENDRE,  adjoint  technique  principal  de 1\u00b0\" classe  ;\n. Franck  LEROY,  adjoint  technique  principal  de 1\u00b0\" classe  ;\n. Sylvain  LESPAGNOL,  contr\u00f4leur  des  services  technique  de classe  normale  ;\n. Franck  LUSSIAUD,  major  responsable  d'unit\u00e9  locale  de police  ;\n\u00bb Henrique  MARME,  contr\u00f4leur  des  services  techniques  de classe  sup\u00e9rieure  ; '\n. Christophe  MARTINEAU,  ing\u00e9nieur  des  services  techniques  ;ZEEE EBRBSBEBEBSBZSB. Fr\u00e9d\u00e9ric  MAZZUCATO,  major  responsable  d'unit\u00e9  locale  de police  ;\n- Mme  Sandrine  METIVIER-EGRE,  brigadi\u00e9re-cheffe  de classe  sup\u00e9rieure  ;\n- M. Daniel  NIVERT,  adjoint  administratif  principal  de 1\u00b0* classe  ;\n- M. Laurent  NORE,  adjoint  technique  de 1*\u00b0 classe  ;\n- M. Pascal  OLEJARZ,  adjoint  technique  principal  de 1\u00b0\" classe  ;\n- M. Jean-Etienne  PINGARD,  ing\u00e9nieur  hors  classe  des  services  techniques,  d\u00e9tach\u00e9  dans\nl'emploi  fonctionnel  de chef  des  services  techniques,  chef  du service  des  moyens\nmobiles  ;\n. Mme Sylviane  PRECOPE,  adjointe  administrative  principale  de 2\u00b0\" classe  ;\n- M. Dominique  ROUSSEAU,  brigadier-chef  de classe  sup\u00e9rieure  ;\n- M. Jean-Philippe  ROYER,  contr\u00f4leur  des  services  techniques  de classe  sup\u00e9rieure  ;\n- M. Benoit  SALZARD,  brigadier-chef  de classe  normale  ;\n- M.Janny  SENECHAL,  contr\u00f4leur  des  services  techniques  de classe  sup\u00e9rieure  ;\n- M. Luc  SIRI,  brigadier-chef  de classe  sup\u00e9rieure  ;\n- M. David  TROUESSARD,  ing\u00e9nieur  principal  des services  techniques  ;\n- M. Jean-Baptiste  VENTI,  contr\u00f4leur  des services  techniques  de classe  normale  ;\n- M. J\u00e9r\u00e9my  VILLAGRASA,  adjoint  technique  principal  de 2\u00b0\"* classe  ;\n2024-01658  a\n\nMme  Clothilde  WEBER,  adjointe  administrative  principale  de 2\u00b0  classe.\nService  des  \u00e9quipements  de protection  et de s\u00e9curit\u00e9  :\nM. \u00c9ric  BAZAR,  adjoint  administratif  principal  de 1\u00b0\" classe  ;\nM. Maxence  BOISSON,  adjoint  technique  ;\nM. Thomas  DE LAFORCADE,  agent  contractuel  de cat\u00e9gorie  A;\nM. Germain  DUVIVIER,  ing\u00e9nieur  des  services  techniques  ;\nMme  Marine  FERRE,  agente  contractuelle  de cat\u00e9gorie  B ;\nMme  Aur\u00e9lie  GOMIS,  adjointe  administrative  principale  de 1*\" classe  ;\nMme  Sandra  NAINE,  secr\u00e9taire  administrative  de classe  normale  ;\nM. Olivier  PIERQUIN,  major  de police  ;\nM. Stephen  VALESCH-MONNEREAU,  ing\u00e9nieur  des  services  techniques  ;\nM. Julien  VOLKAERT,  ing\u00e9nieur  principal  des  services  techniques,  d\u00e9tach\u00e9  dans  l'emploi\nfonctionnel  de chef  des  services  techniques,  chef  du service  des  \u00e9quipements  de\nprotection  et de s\u00e9curit\u00e9.\nPour  la sous-direction  des  technologies  :\nM. Olivier  BALUSSEAUD,  secr\u00e9taire  administratif  de classe  sup\u00e9rieure  ;\nM. Daoud  BELBEKHOUCHE,  attach\u00e9  d'administration  de l'Etat  ;\nMme  Iris BELHEDI,  adjointe  administrative  principale  de 1\u00b0\" classe  ;\nM. Et\u00e9  BERTIE,  ing\u00e9nieur  principal  des  syst\u00e8mes  d'information  et de communication  ;\nMme  Nadia  BONNEMAIN,  secr\u00e9taire  administrative  de classe  normale  ;\nM. Vincent  CHARPIN,  ing\u00e9nieur  en chef  des  mines  ;\nMme  Aude  DAO-POIRETTE,  attach\u00e9e  principale  d'administration  de l'Etat  ;\nM. St\u00e9phane  DEWEZ,  ing\u00e9nieur  en chef  ;\nM. Samy  FAILLER,  ing\u00e9nieur  principal  des  syst\u00e8mes  d'information  et de\ncommunication  ;\nM. David  GIRAULT,  adjoint  administratif  principal  de 1*\" classe  ;\nM. Rachid  IGOUTI,  ing\u00e9nieur  principal  des  syst\u00e8mes  d'information  et de\ncommunication  ;\nM. Djibril  KABELA,  attach\u00e9  de l'administration  de l'Etat  ;\nM. Abdel  KAFANDO,  adjoint  administratif  principal  de 2\u00b0\"  classe  ;\nMme  Fran\u00e7oise  KANCEL,  adjointe  administrative  principale  de 1\u00b0\" classe  ;\nMme  Duyen  Trinh  L\u00c9, secr\u00e9taire  administrative  de classe  normale  ;\nMme  Estelle  LEFORT,  adjointe  administrative  principale  de 2\u00b0\"*  classe  ;\nM. Olivier  LEMONNIER,  technicien  sup\u00e9rieur  ;\nMme  Barphy  MATSIKA,  adjointe  administrative  principale  2\u00b0\"  classe  ;\nM. Yacine  NABIL  ABDOU  ABDALLAH,  adjoint  administratif  principal  de 2\u00b0\"  classe  ;\nMme  No\u00eblle  NGUYEN  VAN  PHUC,  agente  contractuelle  de cat\u00e9gorie  \u00c0 ;\nM. Arnaud  PERNET,  secr\u00e9taire  administratif  de classe  normale  ;\nM. Didier  RICAUD,  agent  contractuel  de cat\u00e9gorie  A ;\nM. Fr\u00e9d\u00e9ric  RIEGER,  ing\u00e9nieur  principal  des  syst\u00e8mes  d'information  et de\ncommunication  ;\nM. Alain  RIGOT,  technicien  de classe  normale  des  syst\u00e8mes  d'information  et de\ncommunication  ;\nMme  Marie-France  TOMBURELLO,  adjointe  administrative  principale  de 1\u00b0 classe.\nPour  le service  du pilotage  et de la gouvernance  :\nM. Jean-Luc  DAVID,  agent  contractuel  de cat\u00e9gorie  A, chef  du service  du pilotage  et de\nla gouvernance.\n2024-01658  \"we\n\nArticle  29\nD\u00e9l\u00e9gation  est donn\u00e9e  \u00e0 l'effet  de signer,  au nom  du pr\u00e9fet  de police,  les actes  de\nconstatation  de service  r\u00e9alis\u00e9  \u00e9mis,  dans  le cadre  du p\u00e9rim\u00e9tre  d'ex\u00e9cution  budg\u00e9taire  du\nbudget  sp\u00e9cial  confi\u00e9  \u00e0 la direction  de l'innovation,  la logistique  et des  technologies,  aux\nagents  de la sous-direction  de l'\u00e9quipement  et de la logistique  et de la sous-direction  des\ntechnologies,  dont  les noms  suivent,  dans  la limite  de leurs  attributions  respectives  :\nPour  la sous-direction  de l'\u00e9quipement  et de la logistique  :\nBureau  de gestion  des  moyens  :\n- M. Jean-Michel  ARNOULD,  commandant  divisionnaire  de police  ;\n- _M. Patrick  ARPIN,  adjoint  technique  principal  de 1* classe  ;\n- M. \u00c9ric AUBIN,  contr\u00f4leur  des services  techniques  de classe  normale  ;\n- M. Aur\u00e9lien  BAHERRE,  adjoint  technique  principal  de 1\u00b0\" classe  ;\n- M. Christophe  BANCAREL,  major  de police  ;\n- M.Sekou  BAYOKO,  contr\u00f4leur  des  services  techniques  de classe  normale  ;\n- M. Romain  BLOT,  brigadier-chef  de classe  normale  ;\n- Mme  Patricia  BOYARD,  adjointe  administrative  principale  de 2\u00b0\"\u00b0  classe  ;\n- Mme  Najat  BOUCHADDA,  adjoint  technique  principal  de 2\u00b0\"  classe  ;\n- M. Francois  BOURGARY,  contr\u00f4leur  des  services  techniques  de classe  normale  ;\n- M. Benoit  BRIAN,  adjoint  technique  principal  de 2\u00b0\"  classe  ;\n- Mme  Isabelle  BRIAND,  secr\u00e9taire  administrative  de classe  sup\u00e9rieure  ;\n- Mme  Brigitte  CADET  DE FONTENAY,  agente  contractuelle  de cat\u00e9gorie  C ;\n- M. Guillaume  CANAL,  brigadier-chef  de classe  sup\u00e9rieure  ;\n- M. Laurent  CHAGROT,  major  de police  \u00e0 l'\u00e9chelon  exceptionnel  ;\n- Mme  Christine  CLAMENS,  technicienne  des  syst\u00e8mes  d'information  et de\ncommunication  de classe  normale  ;\n- M. Johann  COUSSOT,  adjoint  technique  principal  de 2\u00b0\"  classe  ;\n- M. Nicolas  DARENNE,  adjoint  technique  principal  de 2\u00b0\"  classe  ;\n. Daniel  DAUPHIN,  major  responsable  d'unit\u00e9  locale  de police  ;\n. Tony  DESARRANNO,  contr\u00f4leur  des  services  techniques  de classe  normale  ;\n. Eric DESCHARMES,  adjoint  technique  principal  de 1\" classe  ;\n. Fr\u00e9d\u00e9ric  DIJOUX,  agent  contractuel  de cat\u00e9gorie  A ;\n. Franck  DOUARRE,  technicien  sup\u00e9rieur  ;\n. Erick  DUPUIS,  ing\u00e9nieur  principal  des  services  techniques  ;\n. Emmanuel  EGOT,  agent  contractuel  de cat\u00e9gorie  A ;\n. Philippe  FAGETE,  adjoint  technique  principal  de 1\u00b0 classe  ;\n. Thierry  FARNEAULT,  adjoint  administrative  principale  de 2\u00b0\"  classe  ;\n. Pascal  FAUCHERIE,  adjoint  technique  principal  de 1\u00b0 classe  ;\n. Manuel  FERREIRA,  adjoint  technique  principal  de 1\u00b0\" classe  ;\n. Pascal  FERREIRA-VELHO,  adjoint  technique  principal  de 1\" classe  ;\n. Fabien  FILLION,  contr\u00f4leur  de services  techniques  de classe  normale  ;\n. Mathieu  FILLOUX,  secr\u00e9taire  administratif  de classe  normale  ;\n. Emmanuel  FROMENT,  contr\u00f4leur  des  services  techniques  de classe  sup\u00e9rieure  ;\n. Florian  GOUET,  agent  contractuel  de cat\u00e9gorie  GE: ;'S353 RB EBB ERBRBKZBEKZBKBEKZEKBEKBEZSZB. Vitor  GUERREIRO,  adjoint  technique  principal  de 1\u00e9re  classe  ;\n- Mme  Jennifer  GUILLEMER,  adjoint  technique  principal  de 2\u00e8me  classe  ;\n- Mme  Alexandra  GUILLON,  adjointe  administrative  principale  de 2\u00b0\"  classe  ;\n- M. Paul  GUIRAND,  adjoint  technique  principale  de 2\u00b0\"  classe  ;\n2024-01658  7\n\nM. Omar  HABOUB,  adjoint  technique  de 1\u00b0\" classe  ;\nM. Laurent  HUART,  major  de police  \u00e0 l'\u00e9chelon  exceptionnel  ;\nM. Philippe  HUYNH-GALLAIS,  brigadier-chef  de classe  sup\u00e9rieure  ;\nMme  Elisabeth  JOUANNY,  secr\u00e9taire  administrative  de classe  normale  ;\nM. Yann  L'HOEST-MARTIN,  adjoint  technique  principal  de 1\u00b0* classe  ;\nM. Lionel  LACHAUD,  agent  contractuel  de cat\u00e9gorie  A ;\nM. Jean-Pierre  LARCHER,  adjoint  technique  principal  de 2\u00b0\"  classe  ;\nM. R\u00e9gis  LEFEBVRE,  contr\u00f4leur  de services  techniques  de classe  normale  ;\nM. Nicolas  LEGENDRE,  adjoint  technique  principal  de 1\u00b0* classe  ;\nM. Franck  LEROY,  adjoint  technique  principal  de 1\u00b0\" classe  ;\nM. Sylvain  LESPAGNOL,  contr\u00f4leur  des  services  technique  de classe  normale  ;\nM. Franck  LUSSIAUD,  major  responsable  d'unit\u00e9  locale  de police  ;\nM. Nicolas  MARCHAND,  adjoint  technique  principal  de 1\u00b0 classe  ;\nMme  Audrey  MARIT-LELEUX,  secr\u00e9taire  administrative  de classe  exceptionnelle  ;\nM. Henrique  MARME,  contr\u00f4leur  des  services  techniques  de classe  sup\u00e9rieure  ;\nM. Christophe  MARTINEAU,  ing\u00e9nieur  des  services  techniques  ;\nM. Fr\u00e9d\u00e9ric  MAZZUCATO,  major  responsable  d'unit\u00e9  locale  de police  ;\nMme  Sandrine  METIVIER-EGRE,  brigadi\u00e9re-cheffe  de classe  sup\u00e9rieure  ;\nM. Hamady  N'GATTE,  adjoint  administratif  principal  de 1\u00b0 classe  ;\nM. Daniel  NIVERT,  adjoint  administratif  principal  de 1\u00b0 classe  ;\nM. Laurent  NORE,  adjoint  technique  de 1** classe  ;\nM. Pascal  OLEJARZ,  adjoint  technique  principal  de 1\u00b0\" classe  ;\nM. Jean-Etienne  PINGARD,  ing\u00e9nieur  hors  classe  des  services  techniques,  d\u00e9tach\u00e9  dans\nl'emploi  fonctionnel  de chef  des  services  techniques,  chef  du service  des  moyens\nmobiles  ;\nMme  Sylviane  PRECOPE,  adjointe  administrative  principale  de 2\u00b0\"  classe  ;\nM. Dominique  ROUSSEAU,  brigadier-chef  de classe  sup\u00e9rieure  ;\nM. Jean-Philippe  ROYER,  contr\u00f4leur  des  services  techniques  de classe  sup\u00e9rieure  ;\nM. Benoit  SALZARD,  brigadier-chef  de classe  normale  ;\nM. Janny  SENECHAL,  contr\u00f4leur  des  services  techniques  de classe  sup\u00e9rieure  ;\nM. Luc  SIRI,  brigadier-chef  de classe  sup\u00e9rieure  ;\nM. Jean-Baptiste  VENTI,  contr\u00f4leur  des  services  techniques  de classe  normale  ;\nM. J\u00e9r\u00e9my  VILLAGRASA,  adjoint  technique  principal  de 2\u00b0\"\u00b0  classe  ;\nM. Amaury  VOILLEMIN,  secr\u00e9taire  administratif  de classe  sup\u00e9rieure  ;\nMme  Clothilde  WEBER,  adjointe  administrative  principale  de 2\u00b0\"  classe.\nService  des  \u00e9quipements  de protection  et de s\u00e9curit\u00e9  :\nM. Eric BAZAR,  adjoint  administratif  principal  de 1\u00b0 classe  ;\nM. Maxence  BOISSON,  adjoint  technique  ;\nMme  Marine  FERRE,  agente  contractuelle  de cat\u00e9gorie  B ;\nMme  Aur\u00e9lie  GOMIS,  adjointe  administrative  principale  de 1\u00b0\" classe  ;\nMme  Sandra  NAINE,  secr\u00e9taire  administrative  de classe  normale  ;\nM. Olivier  PIERQUIN,  major  de police.\nPour  la sous-direction  des  technologies  :\n2024-01658M. Olivier  BALUSSEAUD,  secr\u00e9taire  administratif  de classe  sup\u00e9rieure  ;\nMme  Iris BELHEDI,  adjointe  administrative  principale  de 1\" classe  ;\nMme  Nadia  BONNEMAIN,  secr\u00e9taire  administrative  de classe  normale  ;\nM. Vincent  CHARPIN,  ing\u00e9nieur  en chef  des  mines  ;\n-18-\n\nM. St\u00e9phane  DEWEZ,  ing\u00e9nieur  en chef  ;\nM. David  GIRAULT,  adjoint  administratif  principal  de 1\u00e9re  classe  ;\nM. Djibril  KABELA,  attach\u00e9  de l'administration  de l'Etat  ;\nM. Abdel  KAFANDO,  adjoint  administratif  principal  de 2\u00b0\"  classe  ;\nMme  Fran\u00e7oise  KANCEL,  adjointe  administrative  principale  de 1\u00b0\" classe;\nMme  Duyen  Trinh  LE, secr\u00e9taire  administrative  de classe  normale  ;\nMme  Estelle  LEFORT,  adjointe  administrative  principale  de 2\u00b0\"  classe  ;\nM. Olivier  LEMONNIER,  technicien  de classe  sup\u00e9rieure  ;\nMme  Barphy  MATSIKA,  adjointe  administrative  principale  de 2\u00b0\"  classe  ;\nM. Yacine  NABIL  ABDOU  ABDALLAH,  adjoint  administratif  principal  de 2\u00b0\"  classe  ;\nMme  No\u00eblle  NGUYEN  VAN  PHUC,  agente  contractuelle  de cat\u00e9gorie  A;\nM. Arnaud  PERNET,  secr\u00e9taire  administratif  de classe  normale  ;\nM. Didier  RICAUD,  agent  contractuel  de cat\u00e9gorie  A ;\nM. Fr\u00e9d\u00e9ric  RIEGER,  ing\u00e9nieur  principal  des  syst\u00e8mes  d'information  et de\ncommunication  ;\nMme  Marie-France  TOMBURELLO,  adjointe  administrative  principale  de 1\u00b0\" classe  ;\n,\nM. Alain  RIGOT,  technicien  de classe  normale  des  syst\u00e8mes  d'information  et de\ncommunication.\nD\u00e9l\u00e9gation  de signature  relative  aux  actes  d'ex\u00e9cution  par  carte  achat\nArticle  30\nD\u00e9l\u00e9gation  est donn\u00e9e,  pour  proc\u00e9der  aux  d\u00e9penses  par  carte  achat  de niveau  1, Ibis  et de\nniveau  3 aux  personnes  suivantes,  dans  la limite  de leurs  attributions,  comp\u00e9tences  et dans  les\nlimites  fix\u00e9es,  aux  personnes  dont  les noms  suivent  :\nMme  Anne-Florence  CANTON,  ing\u00e9nieure  g\u00e9n\u00e9rale  des  mines  ;\nM. Christophe  AUMONIER,  administrateur  de l'Etat  du grade  transitoire.\nPour  la sous-direction  de l'\u00e9quipement  et de la logistique  :\nService  des  moyens  mobiles  :\n2024-01658M. Jean-Michel  ARNOULD,  commandant  divisionnaire  de police  ;\nM. Eric  AUBIN,  contr\u00f4leur  des  services  techniques  de classe  normale  ;\nM. Aur\u00e9lien  BAHERRE,  adjoint  technique  principal  de 1\u00b0\" classe  ;\nM. Christophe  BANCAREL,  major  de police  ;\nM. Romain  BLOT,  brigadier-chef  de classe  normale  ;\nM. Fran\u00e7ois  BOURGARY,  contr\u00f4leur  des  services  techniques  de classe  normale  ;\nM. Guillaume  CANAL,  brigadier-chef  de classe  sup\u00e9rieure  ;\nMme  Christine  CLAMENS,  technicienne  des  syst\u00e8mes  d'information  et de\ncommunication  de classe  normale  ;\n. Johann  COUSSOT,  adjoint  technique  principal  de 2\u00b0\"  classe  ;\n. Nicolas  DARENNE,  adjoint  technique  principal  de 2\u00b0\"  classe  ;\n. Daniel  DAUPHIN,  major  responsable  d'unit\u00e9  locale  de police  ;\n. Tony  DESARRANNO,  contr\u00f4leur  des  services  techniques  de classe  normale  ;\n. Eric  DESCHARMES,  adjoint  technique  principal  de 1\u00b0\" classe  ;\n. Fr\u00e9d\u00e9ric  DIJOUX,  agent  contractuel  de cat\u00e9gorie  A ;\n. Erick  DUPUIS,  ing\u00e9nieur  principal  des  services  techniques  ;\n. Pascal  FERREIRA-VELHO,  adjoint  technique  principal  de 1** classe  ;\n. Fabien  FILLION,  contr\u00f4leur  de services  techniques  de classe  normale  ; TT <. Laurent  HUART,  major  de police  \u00e0 l'\u00e9chelon  exceptionnel  ;\n-19-\n\n. Philippe  HUYNH-GALLAIS,  brigadier-chef  de classe  sup\u00e9rieure  ;\n. Yann  L'HOEST-MARTIN,  adjoint  technique  principal  de 1*\" classe  ;\n. Lionel  LACHAUD,  agent  contractuel  de cat\u00e9gorie  \u00c0 ;\n. R\u00e9gis  LEFEBVRE,  contr\u00f4leur  des  services  techniques  de classe  normale  ;\n. Sylvain  LESPAGNOL,  contr\u00f4leur  des  services  techniques  de classe  normale  ;\n. Franck  LUSSIAUD,  major  responsable  d'unit\u00e9  locale  de police;\n. Henrique  MARME,  contr\u00f4leur  des  services  techniques  de classe  sup\u00e9rieure  ;\n. Christophe  MARTINEAU,  ing\u00e9nieur  des  services  techniques  ;\n. Fr\u00e9d\u00e9ric  MAZZUCATO,  major  responsable  d'unit\u00e9  locale  de police  ;\n- Mme  Sandrine  METIVIER-EGRE,  brigadi\u00e9re-cheffe  de classe  sup\u00e9rieure  ;\n- M. Daniel  NIVERT,  adjoint  administratif  principal  de 1\u00b0\" classe  ; <<\n- M. Jean-Philippe  ROYER,  contr\u00f4leur  des  services  techniques  de classe  sup\u00e9rieure  ;\n- M. Benoit  SALZARD,  brigadier-chef  de classe  normale  ;\n- M.Janny  SENECHAL,  contr\u00f4leur  des  services  techniques  de classe  sup\u00e9rieure  ;\n- M. Luc  SIRI,  brigadier-chef  de classe  sup\u00e9rieure.\nM. Jean-Baptiste  VENTI,  contr\u00f4leur  des  services  techniques  de classe  normale.\nService  des  \u00e9quipements  de protection  et de s\u00e9curit\u00e9  :\n- Mme  Aur\u00e9lie  GOMIS,  adjointe  administrative  principale  de 1** classe  ;\n- M. Benoit  TATARIAN,  adjoint  technique  principal  de 1\u00b0 classe.\nBureau  de gestion  des  moyens  :\nMme  Audrey  MARIT-LELEUX,  secr\u00e9taire  administrative  de classe  exceptionnelle  ;\nPour  la sous-direction  des  technologies  :\n- M. Samy  FAILLER,  ing\u00e9nieur  principal  des  syst\u00e8mes  d'information  et\ncommunication  ;\n- M. Rachid  IGOUTI,  ing\u00e9nieur  principal  des  syst\u00e8mes  d'information  et\ncommunication  ;\n- M. Fr\u00e9d\u00e9ric  LECONTE,  agent  contractuel  de cat\u00e9gorie  A, sous-directeur\ntechnologies.\nPour  le secr\u00e9tariat  g\u00e9n\u00e9ral  :\n- Mme  Hanna  AACHA,  secr\u00e9taire  administrative  de classe  normale  ;\n- Mme  Emira  DESHOUILLERES,  secr\u00e9taire  administrative  de classe  normale.\nPour  le service  de l'innovation  et de la prospective  :\n- M. Johan  CAVIROT,  ing\u00e9nieur  principal  des  syst\u00e8mes  d'information.\nPour  le cabinet  :\n- M. Julien  NALDJIAN  LECLERE,  attach\u00e9  d'administration  de l'\u00e9tat.\nTITRE  3 - Dispositions  finales\nArticle  31de\nde\ndes\nLa pr\u00e9f\u00e8te,  directrice  de cabinet,  et le pr\u00e9fet,  secr\u00e9taire  g\u00e9n\u00e9ral  pour  l'administration,  sont\ncharg\u00e9s,  chacun  en ce qui  les concerne,  de l'ex\u00e9cution  du pr\u00e9sent  arr\u00eat\u00e9  qui  sera  publi\u00e9  aux\nrecueils  des  actes  administratifs  des  pr\u00e9fectures  de la zone  de d\u00e9fense  et de s\u00e9curit\u00e9  de Paris.\n/ Fait  \u00e0 Paris,le  \u0178 4 NOV,  2974  \n(Re\n77  Laurent  NUNEZ\nPP\n2024-01658  \u00ae- i\n\nPREFECTURE  (9P  Y CABINET  DU PREFETDE POLICE  (\u00a3]\nLibert\u00e9\n\u00c9galit\u00e9\nFraternit\u00e9\nArr\u00eat\u00e9 n\u00b0 20 24/0  1 674\nautorisant  la captation,  l'enregistrement  et la transmission  d'images  au moyen  de cam\u00e9ras\ninstall\u00e9es  sur des  a\u00e9ronefs  \u00e0 l'occasion  de manifestations  dans  le d\u00e9partement  des  Hauts-de-\nSeine  les 17 et 18 novembre  2024\nLe pr\u00e9fet  de police,\nVu le code  de la s\u00e9curit\u00e9  int\u00e9rieure,  notamment  ses articles  L. 242-1  4 L. 242-8  et R. 242-8  a\nR. 242-15  ;\nVu le d\u00e9cret  n\u00b0 2004-374  du 29 avril  2004  modifi\u00e9  relatif  aux pouvoirs  des pr\u00e9fets,  a\nl'organisation  et \u00e0 l'action  des  services  de l'Etat  dans  les r\u00e9gions  et d\u00e9partements;  notamment\nson  article  73;\nVu l'arr\u00eat\u00e9  du 19 avril  2023  relatif  au nombre  maximal  de cam\u00e9ras  install\u00e9es  sur des  a\u00e9ronefs\npouvant  \u00eatre  simultan\u00e9ment  utilis\u00e9es  dans  chaque  d\u00e9partement  et collectivit\u00e9  d'outre-mer  :\nVu instruction  minist\u00e9rielle  NOR  1OMD2311883}  du 30 avril  2023  relative  \u00e0 la proc\u00e9dure\nd'autorisation  des  cam\u00e9ras  install\u00e9es  sur des  a\u00e9ronefs  pour  des  missions  de police\nadministrative  ;\nVu le d\u00e9cret  du 20 juillet  2022  par lequel  M. Laurent  NUNEZ,  pr\u00e9fet,  coordonnateur  national\ndu renseignement  et de la lutte  contre  le terrorisme,  est nomm\u00e9  pr\u00e9fet  de police  (hors\nclasse)  ;\nVu la demande  en date  du 15 novembre  2024  form\u00e9e  par  la direction  de l'ordre  public  et de la\ncirculation  visant  \u00e0 obtenir  l'autorisation  de capter,  d'enregistrer  et de transmettre  des  i images\nau moyen  de deux  cam\u00e9ras  install\u00e9es  sur des  a\u00e9ronefs  t\u00e9l\u00e9-pilot\u00e9s  afin  d'assurer  la pr\u00e9vention\ndes  atteintes  \u00e0 la s\u00e9curit\u00e9  des  personnes  et des  biens,  la s\u00e9curit\u00e9  des  rassemblements  et la\npr\u00e9vention  d'actes  de terrorisme  \u00e0 l'occasion  de rassemblements  sur la voie  publique  du\ndimanche  17 novembre  2024  au lundi  18 novembre  2024  ;\nConsid\u00e9rant  que  les dispositions  du | de l'article  L. 242-5  du code  de la s\u00e9curit\u00e9  int\u00e9rieure\npermettent  aux  forces  de s\u00e9curit\u00e9  int\u00e9rieure,  dans  l'exercice  de leurs  missions  de pr\u00e9vention\ndes  atteintes  \u00e0 l'ordre  public  et de protection  de la s\u00e9curit\u00e9  des personnes  et des  biens,  de\nproc\u00e9der  \u00e0 la captation,  \u00e0 l'enregistrement  et \u00e0 la transmission  d'images  au moyen  de cam\u00e9ras\ninstall\u00e9es  sur des  a\u00e9ronefs  aux  fins  d'assurer  la pr\u00e9vention  des  atteintes  \u00e0 la s\u00e9curit\u00e9  des\npersonnes  et des  biens  dans  des  lieux  particuli\u00e8rement  expos\u00e9s,  la s\u00e9curit\u00e9  des\nrassemblements  de personnes  sur la voie  publique  ainsi  que  l'appui  des  personnels  au sol  ;\nConsid\u00e9rant  les appels  \u00e0 manifester  lanc\u00e9s  dans  le cadre  d'une  mobilisation  nationale  des\nagriculteurs  pour  d\u00e9noncer  les accords  UE-Mercosur,  sur certains  axes  autoroutiers  autour  de\nParis;  que  ces  manifestations  doivent  rassembler  un nombre  important  de participants;\nqu'ainsi,  il convient  de s'assurer  que  ces  rassemblements  se d\u00e9roulent  dans  les meilleures\nconditions  possibles  de s\u00e9curit\u00e9  ;\n\nConsid\u00e9rant  \u00e9galement  que  plusieurs  attentats  ou tentatives  d'attentats  r\u00e9cents  traduisent  le\nniveau  \u00e9lev\u00e9  de la menace  terroriste  actuelle  en France,  dans  le cadre  du plan  VIGIPIRATE\n\u00ab urgence  attentat  \u00bb en vigueur  sur  l'ensemble  du territoire  national  ;\nConsid\u00e9rant  que  le recours  \u00e0 des  cam\u00e9ras  a\u00e9roport\u00e9es  permet  de disposer  d'une  vision  en\ngrand  angle  tout  en limitant  l'engagement  des  forces  au sol;  qu'il  n'existe  pas  de dispositif\nmoins  intrusif  permettant  de parvenir  aux  m\u00eames  fins  ;\nConsid\u00e9rant  que  la demande  de la direction  de l'ordre  public  et de la circulation  porte  sur\nl'engagement  de deux  cam\u00e9ras  a\u00e9roport\u00e9es  qui pourront  \u00eatre  en vol simultan\u00e9ment  en vue  de\ncapter,  d'enregistrer  et de transmettre  des  images  ; que  les aires  survol\u00e9es  sont  strictement\nlimit\u00e9es  aux  zones  o\u00f9 des  troubles  \u00e0 l'ordre  public  sont  susceptibles  de se produire  ; que  la\ndur\u00e9e  de l'autorisation  demand\u00e9e  n'appara\u00eet  pas  disproportionn\u00e9e  au regard  des  finalit\u00e9s\npoursuivies  ;\nSur  proposition  du directeur  de l'ordre  public  et de la circulation,\nARRETE  :\nArticle  1\u00b0 - La captation,  l'enregistrement  et la transmission  d'images  par  la direction  de\nl'ordre  public  et de la circulation  sont  autoris\u00e9s  dans  le d\u00e9partement  des  Hauts-de-Seine  le\ndimanche  17 novembre  2024  et le lundi  18 novembre  2024  aux  titres  de :\n- la pr\u00e9vention  des  atteintes  \u00e0 la s\u00e9curit\u00e9  des  personnes  et des  biens;\n- la s\u00e9curit\u00e9  des  rassemblements  ;\n- la pr\u00e9vention  d'actes  de terrorisme  ;\nArticle  2 - Le nombre  maximal  de cam\u00e9ras  pouvant  proc\u00e9der  simultan\u00e9ment  \u00e0 des\nenregistrements  est fix\u00e9  \u00e0 2 cam\u00e9ras  embarqu\u00e9es  sur des  a\u00e9ronefs  t\u00e9l\u00e9-pilot\u00e9s.\nArticle  3 - La pr\u00e9sente  autorisation  s'applique  aux  communes  suivantes  du d\u00e9partement  des\nHauts-de-Seine  :\n- Le Plessis-Robinson\n- Clamart\n- Meudon\n- Chatenay  Malabry\n- Chaville\n- S\u00e8vres\n- Boulogne-Billancourt\n- _Issy-les-Moulineaux\n- Antony\n2024/01674\n\nArticle  4 - La pr\u00e9sente  autorisation  est d\u00e9livr\u00e9e  du dimanche  17 novembre  2024  \u00e0 15h00  au\nlundi  18 novembre  2024  \u00e0 18h00  pour  l'ensemble  des  finalit\u00e9s  pr\u00e9cit\u00e9es.\nArticle  5 \u2014 L'information  du public  est assur\u00e9e  par la publication  du pr\u00e9sent  arr\u00eat\u00e9  aux recueils\ndes  actes  administratifs  mentionn\u00e9s  \u00e0 l'article  7, sa mise  en ligne  sur le site  internet  de la\npr\u00e9fecture  de police  ainsi  que  par  une  information  sur les r\u00e9seaux  sociaux.\nArticle  6 - Le registre  mentionn\u00e9  \u00e0 l'article  L. 242-4  du code  de la s\u00e9curit\u00e9  int\u00e9rieure  est\ntransmis  au pr\u00e9fet  de police,  \u00e0 l'issue  de la p\u00e9riode  d'autorisation.\nArticle  7 - Le pr\u00e9fet  des  Hauts-de-Seine,  la pr\u00e9f\u00e8te,  directrice  du cabinet  du pr\u00e9fet  de police  et\nle directeur  de l'ordre  public  et de la circulation  sont  charg\u00e9s,  chacun  en ce qui le concerne,  de\nl'ex\u00e9cution  du pr\u00e9sent  arr\u00eat\u00e9  qui entrera  en vigueur  d\u00e8s  son  affichage  aux  portes  de la\npr\u00e9fecture  de police  de Paris,  sera  publi\u00e9  aux  recueils  des  actes  administratifs  du d\u00e9partement\nde Paris  et de la pr\u00e9fecture  des  Hauts-de-Seine  et consultable  sur le site  internet  de la\npr\u00e9fecture  de police  (https://www.prefecturedepolice.interieur.gouv.fr).\ntLFait  a Paris,  le 16 NOV. 2024\nteedaurent  NUNE\n2024/01674\n\nAnnexe  de l'arr\u00eat\u00e9  n\u00b0 90 24/01  6 74 du 16 NOV. 2024\nVOIES  ET DELAIS  DE RECOURS\nSi vous  estimez  devoir  contester  la pr\u00e9sente  autorisation,  il vous  est possible,  dans  un d\u00e9lai  de\ndeux  mois  \u00e0 compter  de la date  de son  affichage  ou de sa publication:\n- soit  de saisir  d'un  RECOURS  GRACIEUX\nle Pr\u00e9fet  de Police\n719,  boulevard  du Palais  - 75195  PARIS  RP\n- ou de former  un RECOURS  HIERARCHIQUE\naupr\u00e8s  du Ministre  de l'int\u00e9rieur  et des outre-mer\nDirection  des  libert\u00e9s  publiques  et des  affaires  juridiques\nplace  Beauvau  - 75008  PARIS\n- soit  de saisir  d'un  RECOURS  CONTENTIEUX\nle Tribunal  administratif  comp\u00e9tent\nAucune  de ces voies  et recours  ne suspend  l'application  de la pr\u00e9sente  d\u00e9cision.\nLes  recours  GRACIEUX  et HIERARCHIQUE  doivent  \u00eatre  \u00e9crits,  exposer  les arguments\nou faits  nouveaux  et comprendre  la copie  de la d\u00e9cision  contest\u00e9e.\nLe recours  contentieux,  qui vise  \u00e0 contester  la LEGALITE  de la pr\u00e9sent\u00e9  d\u00e9cision,  doit\n\u00e9galement  \u00eatre  \u00e9crit  et exposer  votre  argumentation  juridique.\nSi vous  n'aviez  pas de r\u00e9ponse  \u00e0 votre  recours  GRACIEUX  ou HIERARCHIQUE  dans  un\nd\u00e9lai  de deux  mois  \u00e0 compter  de la r\u00e9ception  de votre  recours  par  l'administration,\nvotre  demande  devra  \u00eatre  consid\u00e9r\u00e9e  comme  rejet\u00e9e  (d\u00e9cision  implicite  de rejet).\nEn cas  de rejet  des  RECOURS  GRACIEUX  ou HIERARCHIQUE,  le Tribunal  administratif\npeut  \u00eatre  saisi  d'un  recours  contentieux  dans  le d\u00e9lai  de deux  mois  \u00e0 compter  de la\ndate  de la d\u00e9cision  de rejet.\n\n 71  \n \n \n \nRECUEIL DES ACTES ADMINISTRATIFS  \n \nDU \n \nPREFET DES HAUTS -DE-SEINE  \n \n \nISSN 0985 - 5955  \n \n \n \n \n \nPour toute correspondance, s'adresser \u00e0 :  \n \nPREFET DES HAUTS -DE-SEINE  \n \nSecr\u00e9tariat g\u00e9n\u00e9ral  \nSecr\u00e9tariat g\u00e9n\u00e9ral aux affaires d\u00e9partementales  \n \n167/177, Avenue Joliot Curie  \n92013 NANTERRE CEDEX  \n \n \n \n \nLe recueil des actes administratifs est consultable en ligne sur le site de la pr\u00e9fecture  \nAdresse Internet  : http://www.hauts -de-seine.gouv.fr/  \n \nDirecteur de la publication  : \n \nLaurent HOTTIAUX  \n \nPREFET DES HAUTS -DE-SEINE  \n \n  \n 72  \n \n \n \n \n \n \n \n \n \n \n \n \n \n \n \n \n \n \n \n \n \n \n \n \n \n \n \n \n \n \n \n \n \n \n \n \n \n \n \n \nPREFECTURE DES HAUTS -DE-SEINE  \n167-177,  avenue Joliot  Curie 92013 NANTERRE Cedex  \nCourriel  : courrier@hauts -de-seine.gouv.fr  \nStandard  : 01.40.97.20.00 T\u00e9l\u00e9copie 01.40.97.25.21  \nAdresse Internet  : http://www.hauts -de-seine.gouv.fr/","date":"2024-12-10","first_seen_on":"2024-12-10T10:16:14+00:00","id":"df469b29c74ca1d8e88f8d46c5b8641f314c5abe3e2c096b88e09087d57f20d3","name":"RAA sp\u00e9cial Pr\u00e9fecture de Police du 10 d\u00e9cembre 2024","pdf_creation_date":null,"pdf_modification_date":null,"timezone":"CET","url":"https://www.hauts-de-seine.gouv.fr/contenu/telechargement/25817/181241/file/2024-12-10%20RAA%20sp%C3%A9cial%20Pr%C3%A9fecture%20de%20Police%20du%2010%20d%C3%A9cembre%202024.pdf"}
