{"administration":"pref21","administration_name":"Pr\u00e9fecture de C\u00f4te-d\u2019Or","content":"PR\u00c9FET\nDE LA C\u00d4TE-D'OR\nRECUEIL DES ACTES\nADMINISTRATIFS SP\u00c9CIAL\nN\u00b021-2026-002\nPUBLI\u00c9 LE  5 JANVIER 2026\nSommaire\nDirection d\u00e9partementale de la protection des populations de la\nC\u00f4te-d'Or / Service Sant\u00e9 et Protections animales, Protection de\nl'Environnement\n21-2025-12-19-00005 - Arr\u00eat\u00e9 pr\u00e9fectoral N\u00b01846/2025 en date du 19\nd\u00e9cembre 2025 attribuant l habilitation sanitaire \u00e0 Laurine\nGARDIENNET (2 pages) Page 3\nDirection d\u00e9partementale des territoires de la C\u00f4te-d'Or / Cellule\n\u00c9ducation routi\u00e8re\n21-2025-12-29-00002 - Arr\u00eat\u00e9 N\u00b0 10\nmodifiant l'arr\u00eat\u00e9\npr\u00e9fectoral n\u00b0 1589 du 29/10/2025 portant cr\u00e9ation d'un\n\u00e9tablissement d'enseignement de la conduite automobile\nd\u00e9nomm\u00e9 AUTO-\u00c9COLE DES FACULT\u00c9S dont la raison sociale est EI\nCHAUME HELENE\nsitu\u00e9 67, rue de Mirande - 21000 DIJON (2 pages) Page 6\n21-2025-12-29-00004 - Arr\u00eat\u00e9 N\u00b0 16\nmodifiant l'adresse d'un\n\u00e9tablissement d'enseignement de la conduite, \u00e0 titre on\u00e9reux, des\nv\u00e9hicules \u00e0 moteur et de la s\u00e9curit\u00e9 routi\u00e8re\nd\u00e9nomm\u00e9\n\u00a0\u00abAUTO-\u00c9COLE SAINT-NICOLAS\u00a0\u00bb\u00a0(AESN) -\nraison sociale\u00a0Les Chil\u00e8nes\nsitu\u00e9 43, rue de la R\u00e9publique -\n21430 NOLAY (2 pages) Page 9\n21-2025-12-29-00003 - Arr\u00eat\u00e9 N\u00b0 17\nportant renouvellement\nquinquennal de l'agr\u00e9ment permettant \u00e0 Madame Carine GOURDIN\nd'exploiter un \u00e9tablissement d'enseignement, \u00e0 titre on\u00e9reux,\nde  la conduite des v\u00e9hicules \u00e0 moteur et de la s\u00e9curit\u00e9 routi\u00e8re,\n\nsous le n\u00b0 E  15 021 0008 0\nd\u00e9nomm\u00e9 \u00ab\u00a0CHALLENGE 89\u00a0\u00bb\n\nraison sociale SARL Carine Vion\nsitu\u00e9 16, avenue de la Gare -\n21400 CH\u00c2TILLON- SUR-SEINE (3 pages) Page 12\nPr\u00e9fecture de la C\u00f4te-d'Or / P\u00f4le juridique inter-services\n21-2026-01-05-00001 - Arr\u00eat\u00e9 pr\u00e9fectoral n\u00b0  1 / SG du\n5/01/26\ndonnant d\u00e9l\u00e9gation de signature \u00e0 l'occasion des\npermanences de week-ends, de jours f\u00e9ri\u00e9s ou de jours ch\u00f4m\u00e9s (2\npages) Page 16\n21-2026-01-05-00002 - Arr\u00eat\u00e9 pr\u00e9fectoral N\u00b0  2  du 5 janvier\n2026\ndonnant d\u00e9l\u00e9gation de signature \u00e0 Monsieur S\u00e9bastien TRES,\nDirecteur des collectivit\u00e9s locales et des \u00e9lections (DCLE) . (7 pages) Page 19\nPr\u00e9fecture de la C\u00f4te-d'Or / SGCD de C\u00f4te-d'Or\n21-2025-12-18-00010 - Arr\u00eat\u00e9 n\u00b015 Nominatif des correspondants de\nl'action sociale ( CAS ) du 18/12/2025 (1 page) Page 27\n2\nDirection d\u00e9partementale de la protection des\npopulations de la C\u00f4te-d'Or\nService Sant\u00e9 et Protections animales, Protection\nde l'Environnement\n21-2025-12-19-00005\nArr\u00eat\u00e9 pr\u00e9fectoral N\u00b01846/2025 en date du 19\nd\u00e9cembre 2025 attribuant l habilitation sanitaire\n\u00e0 Laurine GARDIENNET\nDirection d\u00e9partementale de la protection des populations de la C\u00f4te-d'Or - 21-2025-12-19-00005 - Arr\u00eat\u00e9 pr\u00e9fectoral N\u00b01846/2025 en\ndate du 19 d\u00e9cembre 2025 attribuant l habilitation sanitaire \u00e0 Laurine GARDIENNET 3\nE =PREFETDE LACOTE-D'ORLibert\u00e9Egalit\u00e9Fraternit\u00e9\nDirection D\u00e9partementale\nde la Protection des Populations\nService Sant\u00e9 et Protection Animales\nProtection de l'Environnement\nAffaire suivie par : Val\u00e9rie LABUSSIERE\nT\u00e9l. : 03 80 29 44 53\nM\u00e9l : ddpp-spa@cote-dor.gouv.fr\nArr\u00eat\u00e9 pr\u00e9fectoral N\u00b01846/2025 en date du 19 d\u00e9cembre 2025\nAttribuant l'habilitation sanitaire \u00e0 Laurine GARDIENNET\nPr\u00e9fet de la C\u00f4te-d'Or\nVu  le Code Rural et de la p\u00eache maritime et notamment ses articles L.203-1 \u00e0 L.203-7, L.223-\n6, R.203-1 \u00e0 R.203-15 et R.242-33.\nVu  le d\u00e9cret n\u00b080-516 du 4 juillet 1980, modifi\u00e9 par le d\u00e9cret n\u00b090-1033 du 19 novembre  \n1990 et par le d\u00e9cret 2003-768 du 1 er ao\u00fbt 2003, relatif \u00e0 l'ex\u00e9cution des mesures de  \nprophylaxie collective des maladies des animaux ;\nVu  le  d\u00e9cret  n\u00b02004-374  du  29  avril  2004  modifi\u00e9,  relatif  aux  pouvoirs  des  pr\u00e9fets,  \u00e0 \nl'organisation  et  \u00e0  l'action  des  services  de  l'\u00c9tat  dans  les  r\u00e9gions  et  d\u00e9partements \nnotamment son article 43 ;\nVu  le d\u00e9cret du 10 octobre 2024 nommant M. Paul MOURIER, pr\u00e9fet de la C\u00f4te-d'Or ;\nVu l'arr\u00eat\u00e9  pr\u00e9fectoral  n\u00b0  1658/SG  du  28/10/2024,  donnant  d\u00e9l\u00e9gation  de  signature  \u00e0 \nMonsieur Didier ROOSE ;\nVu l'arr\u00eat\u00e9 pr\u00e9fectoral n\u00b0781 DDPP du 05/06/2025, donnant subd\u00e9l\u00e9gation de signature ;\nConsid\u00e9rant  que  le  Docteur  V\u00e9t\u00e9rinaire  Laurine  GARDIENNET remplit  les  conditions  \npermettant l'attribution de l'habilitation sanitaire ;\nSur proposition de Monsieur le directeur d\u00e9partemental de la protection des populations de  \nla C\u00f4te-d'Or ;\nDirection D\u00e9partementale de la Protection des Populations - 57 rue de Mulhouse  -  21 033 DIJON Cedex\nt\u00e9l : 03 80 29 43 53... - Fax : 03 80 29 43 53..... - m\u00e8l : ddpp@cote-dor.gouv.fr\nSite internet : http://www.cote-dor.gouv.fr\npage 1\nDirection d\u00e9partementale de la protection des populations de la C\u00f4te-d'Or - 21-2025-12-19-00005 - Arr\u00eat\u00e9 pr\u00e9fectoral N\u00b01846/2025 en\ndate du 19 d\u00e9cembre 2025 attribuant l habilitation sanitaire \u00e0 Laurine GARDIENNET 4\nA R R E T E\nArticle 1er :\nL'habilitation sanitaire pr\u00e9vue \u00e0 l'article L.203-1 du code rural et de la p\u00eache maritime susvis\u00e9  \nest attribu\u00e9e pour une dur\u00e9e de 5 ans, \u00e0 compter de la date de signature du pr\u00e9sent arr\u00eat\u00e9,  \u00e0 \nLaurine GARDIENNET, Docteur V\u00e9t\u00e9rinaire, inscrite au Tableau de l'Ordre des V\u00e9t\u00e9rinaires de \nla r\u00e9gion Bourgogne-Franche-Comt\u00e9, sous le n\u00b036511, administrativement domicili\u00e9e \u00e0 SELARL \ndes v\u00e9t\u00e9rinaires d'ALESIA Rue du Lusiau 21150 VENAREY LES LAUMES\nArticle 2 :\nDans la mesure o\u00f9 les conditions requises ont \u00e9t\u00e9 respect\u00e9es, cette habilitation sanitaire est  \nrenouvelable  par  p\u00e9riode  de  cinq  ann\u00e9es  tacitement  reconduites  sous  r\u00e9serve  pour  le \nv\u00e9t\u00e9rinaire sanitaire de justifier \u00e0 l'issue de chaque p\u00e9riode de cinq ans, aupr\u00e8s du pr\u00e9fet de  \nla C\u00f4te-d'Or du respect de ses obligations de formation continue pr\u00e9vues \u00e0 l'article R.203-12.\nArticle 3 :\nLaurine GARDIENNET s'engage \u00e0 respecter les prescriptions techniques, administratives et le  \ncas \u00e9ch\u00e9ant financi\u00e8res de mise en \u0153uvre des mesures de pr\u00e9vention, de surveillance ou de  \nlutte prescrites par l'autorit\u00e9 administrative et des op\u00e9rations de police sanitaire ex\u00e9cut\u00e9es  \nen application de l'article L.203-7 du code rural et de la p\u00eache maritime.\nArticle 4 :\nLaurine GARDIENNET pourra \u00eatre appel\u00e9e par le pr\u00e9fet de ses d\u00e9partements d'exercice pour  \nla  r\u00e9alisation  d'op\u00e9rations  de  police  sanitaire  au  sein  des  lieux  de  d\u00e9tention  ou  des \n\u00e9tablissements  pour  lesquels  elle  a  \u00e9t\u00e9  d\u00e9sign\u00e9e  v\u00e9t\u00e9rinaire  sanitaire.  Elle  sera  tenue  de \nconcourir \u00e0 ces op\u00e9rations en application des dispositions de l'article L.203-7 du code rural et \nde la p\u00eache maritime.\nArticle 5 :\nTout  manquement  ou  faute  commis  dans  l'exercice  de  la  pr\u00e9sente  habilitation  sanitaire \nentra\u00eenera l'application des dispositions pr\u00e9vues aux articles R.203-15, R.228-6 et suivants du  \ncode rural et de la p\u00eache maritime.\nArticle 6 :\nLa pr\u00e9sente d\u00e9cision peut faire l'objet d'un recours devant le Tribunal Administratif de Dijon  \ndans un d\u00e9lai de deux mois \u00e0 compter de la date de notification, soit par courrier, soit par  \nl'application informatique T\u00e9l\u00e9recours accessible sur le site www.telerecours.fr\nArticle 7 :\nMonsieur le directeur d\u00e9partemental de la protection des populations de la C\u00f4te-d'Or est  \ncharg\u00e9 de l'ex\u00e9cution du pr\u00e9sent arr\u00eat\u00e9 qui sera publi\u00e9 au recueil des actes administratifs de  \nla pr\u00e9fecture de la C\u00f4te-d'Or.\nLa cheffe de service\nSign\u00e9\nFlora AL-HAKKAK\nDirection D\u00e9partementale de la Protection des Populations - 57 rue de Mulhouse  -  21 033 DIJON Cedex\nt\u00e9l : 03 80 29 43 53... - Fax : 03 80 29 43 53..... - m\u00e8l : ddpp@cote-dor.gouv.fr\nSite internet : http://www.cote-dor.gouv.fr\npage 2\nDirection d\u00e9partementale de la protection des populations de la C\u00f4te-d'Or - 21-2025-12-19-00005 - Arr\u00eat\u00e9 pr\u00e9fectoral N\u00b01846/2025 en\ndate du 19 d\u00e9cembre 2025 attribuant l habilitation sanitaire \u00e0 Laurine GARDIENNET 5\nDirection d\u00e9partementale des territoires de la\nC\u00f4te-d'Or\nCellule \u00c9ducation routi\u00e8re\n21-2025-12-29-00002\nArr\u00eat\u00e9 N\u00b0 10\nmodifiant l'arr\u00eat\u00e9 pr\u00e9fectoral n\u00b0 1589 du\n29/10/2025 portant cr\u00e9ation d'un \u00e9tablissement\nd'enseignement de la conduite automobile\nd\u00e9nomm\u00e9 AUTO-\u00c9COLE DES FACULT\u00c9S dont la\nraison sociale est EI CHAUME HELENE\nsitu\u00e9 67, rue de Mirande - 21000 DIJON\nDirection d\u00e9partementale des territoires de la C\u00f4te-d'Or - 21-2025-12-29-00002 - Arr\u00eat\u00e9 N\u00b0 10\nmodifiant l'arr\u00eat\u00e9 pr\u00e9fectoral n\u00b0 1589 du 29/10/2025 portant cr\u00e9ation d'un \u00e9tablissement d'enseignement de la conduite automobile\nd\u00e9nomm\u00e9 AUTO-\u00c9COLE DES FACULT\u00c9S dont la raison sociale est EI CHAUME HELENE\nsitu\u00e9 67, rue de Mirande - 21000 DIJON\n6\n=xPREFETDELACOTE-D'ORLibert\u00e9Egalit\u00e9Fraternit\u00e9\nDirection d\u00e9partementale des territoires\nde la C\u00f4te-d'Or\nService de la S\u00e9curit\u00e9 et de l'\u00c9ducation\nBureau de l'\u00c9ducation Routi\u00e8re\nT\u00e9l : 03 80 29 42 84\nm\u00e9l : ddt-ber@cote-dor.gouv.fr     \nDijon, le  29 d\u00e9cembre 2025\nArr\u00eat\u00e9 N\u00b0 10\nmodifiant l'arr\u00eat\u00e9 pr\u00e9fectoral n\u00b0 1589 du 29/10/2025 portant cr\u00e9ation d'un \u00e9tablissement\nd'enseignement de la conduite automobile d\u00e9nomm\u00e9 AUTO-\u00c9COLE DES FACULT\u00c9S dont\nla raison sociale est EI CHAUME HELENE\nsitu\u00e9 67 , rue de Mirande \u2013 21000 DIJON\nLe pr\u00e9fet de la C\u00f4te-d'Or\nVU le code de la route, notamment ses articles R.213-1 \u00e0 R.213-9;\nVU l'ordonnance n\u00b0 2014-1090 du 26 septembre 2014 relative \u00e0 la mise en accessibilit\u00e9 des\n\u00e9tablissements recevant du public, des transports publics, des b\u00e2timents d'habitation et\nde la voirie pour des personnes handicap\u00e9es ;\nVU la loi n\u00b0 2015-990 du 06 ao\u00fbt 2015 pour la croissance, l'activit\u00e9 et l'\u00e9galit\u00e9 des chances\n\u00e9conomiques, et notamment son article 23 modifiant l'article L213-1 du code de la route ;\nVU l'arr\u00eat\u00e9 du 8 janvier 2001 relatif \u00e0 l'exploitation des \u00e9tablissements d'enseignement, \u00e0\ntitre on\u00e9reux, de la conduite des v\u00e9hicules \u00e0 moteur et de la s\u00e9curit\u00e9 routi\u00e8re ;\nVU  l'arr\u00eat\u00e9 pr\u00e9fectoral n\u00b0  507/SG du  28 mars 2025  donnant d\u00e9l\u00e9gation de signature \u00e0\nMadame Manuelle DUPUY, directrice d\u00e9partementale des territoires de C\u00f4te-d'Or ;\nVU l'arr\u00eat\u00e9 pr\u00e9fectoral n\u00b01333 du 28 ao\u00fbt 2025 portant d\u00e9l\u00e9gation de signature aux agents\nde la direction d\u00e9partementale des territoires de la C\u00f4te-d'Or ;\nDirection d\u00e9partementale des territoires de la C\u00f4te-d'Or\n57 rue de Mulhouse- BP 53317 - 21033 DIJON cedex\nt\u00e9l : 03 80 29 44 44 \u2013 Courriel : ddt@cote-dor.gouv.fr\nDirection d\u00e9partementale des territoires de la C\u00f4te-d'Or - 21-2025-12-29-00002 - Arr\u00eat\u00e9 N\u00b0 10\nmodifiant l'arr\u00eat\u00e9 pr\u00e9fectoral n\u00b0 1589 du 29/10/2025 portant cr\u00e9ation d'un \u00e9tablissement d'enseignement de la conduite automobile\nd\u00e9nomm\u00e9 AUTO-\u00c9COLE DES FACULT\u00c9S dont la raison sociale est EI CHAUME HELENE\nsitu\u00e9 67, rue de Mirande - 21000 DIJON\n7\n2\nVU l'arr\u00eat\u00e9  pr\u00e9fectoral  n\u00b0  1589  du  29/10/2025  portant  cr\u00e9ation  d'un  \u00e9tablissement\nd'enseignement, \u00e0 titre on\u00e9reux, de la conduite des v\u00e9hicules \u00e0 moteur et de la s\u00e9curit\u00e9\nrouti\u00e8re, d\u00e9nomm\u00e9 \u00ab AUTO-\u00c9COLE DES FACULT\u00c9S situ\u00e9 67 , rue de Mirande \u00e0 Dijon, sous le\nnum\u00e9ro 25 021 0003 0 ;\nConsid\u00e9rant la demande pr\u00e9sent\u00e9e le 17 octobre 2025, par Madame CHAUME H\u00e9l\u00e8ne, en\nqualit\u00e9 de repr\u00e9sentant de l'\u00e9tablissement d'enseignement de la conduite automobile et\nde la s\u00e9curit\u00e9 routi\u00e8re d\u00e9nomm\u00e9 \u00abAUTO-\u00c9COLE DES FACULT\u00c9S\u00bb, en vue d'\u00eatre autoris\u00e9e \u00e0\nexploiter un \u00e9tablissement d'enseignement, \u00e0 titre on\u00e9reux, de la conduite des v\u00e9hicules \u00e0\nmoteur et de la s\u00e9curit\u00e9 routi\u00e8re ;\nConsid\u00e9rant que la demande remplit les conditions r\u00e9glementaires ;\nSUR proposition de la directrice d\u00e9partementale des territoires de la C\u00f4te-d'Or ;\nARR\u00caTE\nArticle 1er  :  L'article 1 de l'arr\u00eat\u00e9 pr\u00e9fectoral n\u00b0 1589 du 29/10/2025 est modifi\u00e9 comme\nsuit : Madame CHAUME H\u00e9l\u00e8ne est autoris\u00e9e \u00e0 exploiter sous le N\u00b0  E 25 021 0003  0, un\n\u00e9tablissement d'enseignement, \u00e0 titre on\u00e9reux, de la conduite des v\u00e9hicules \u00e0 moteur et\nde la s\u00e9curit\u00e9 routi\u00e8re, d\u00e9nomm\u00e9  \u00abAUTO-\u00c9COLE DES FACULT\u00c9S\u00bb dont la raison sociale\nest EI CHAUME - situ\u00e9 67 , rue de Mirande  - 21000 DIJON ;\nArticle  2 :  Le  secr\u00e9taire  g\u00e9n\u00e9ral  de  la  pr\u00e9fecture  de  la  C\u00f4te-d'Or  et  la  directrice\nd\u00e9partementale des territoires sont charg\u00e9s, chacun en ce qui les concerne, de l'ex\u00e9cution\ndu pr\u00e9sent arr\u00eat\u00e9, qui sera publi\u00e9 au recueil des actes administratifs de la pr\u00e9fecture de\nC\u00f4te-d'Or, et dont copie sera adress\u00e9e \u00e0 Madame CHAUME H\u00e9l\u00e8ne.\nFait \u00e0 Dijon, le 29 d\u00e9cembre 2025\nLa directrice d\u00e9partementale adjointe,\nORIGINAL SIGN\u00c9\nNadine MUCKENSTURM\nDirection d\u00e9partementale des territoires de la C\u00f4te-d'Or\n57 rue de Mulhouse- BP 53317 - 21033 DIJON cedex\nt\u00e9l : 03 80 29 44 44 \u2013 Courriel : ddt@cote-dor.gouv.fr\nDirection d\u00e9partementale des territoires de la C\u00f4te-d'Or - 21-2025-12-29-00002 - Arr\u00eat\u00e9 N\u00b0 10\nmodifiant l'arr\u00eat\u00e9 pr\u00e9fectoral n\u00b0 1589 du 29/10/2025 portant cr\u00e9ation d'un \u00e9tablissement d'enseignement de la conduite automobile\nd\u00e9nomm\u00e9 AUTO-\u00c9COLE DES FACULT\u00c9S dont la raison sociale est EI CHAUME HELENE\nsitu\u00e9 67, rue de Mirande - 21000 DIJON\n8\nDirection d\u00e9partementale des territoires de la\nC\u00f4te-d'Or\nCellule \u00c9ducation routi\u00e8re\n21-2025-12-29-00004\nArr\u00eat\u00e9 N\u00b0 16\nmodifiant l'adresse d'un \u00e9tablissement\nd'enseignement de la conduite, \u00e0 titre on\u00e9reux,\ndes v\u00e9hicules \u00e0 moteur et de la s\u00e9curit\u00e9 routi\u00e8re\nd\u00e9nomm\u00e9\n\u00a0\u00abAUTO-\u00c9COLE SAINT-NICOLAS\u00a0\u00bb\u00a0(AESN) -\nraison sociale\u00a0Les Chil\u00e8nes\nsitu\u00e9 43, rue de la R\u00e9publique - 21430 NOLAY\nDirection d\u00e9partementale des territoires de la C\u00f4te-d'Or - 21-2025-12-29-00004 - Arr\u00eat\u00e9 N\u00b0 16\nmodifiant l'adresse d'un \u00e9tablissement d'enseignement de la conduite, \u00e0 titre on\u00e9reux, des v\u00e9hicules \u00e0 moteur et de la s\u00e9curit\u00e9\nrouti\u00e8re d\u00e9nomm\u00e9\n\u00a0\u00abAUTO-\u00c9COLE SAINT-NICOLAS\u00a0\u00bb\u00a0(AESN) - raison sociale\u00a0Les Chil\u00e8nes\nsitu\u00e9 43, rue de la R\u00e9publique - 21430 NOLAY\n9\n=xPREFETDELACOTE-D'ORLibert\u00e9Egalit\u00e9Fraternit\u00e9\nDirection d\u00e9partementale des territoires\nde la C\u00f4te-d'Or\nService de la S\u00e9curit\u00e9 et de l'\u00c9ducation\nBureau de l'\u00c9ducation Routi\u00e8re\nT\u00e9l : 03 80 29 42 84\nm\u00e9l : ddt-ber@cote-dor.gouv.fr     \nDijon, le 29 d\u00e9cembre 2025\nArr\u00eat\u00e9 N\u00b0 16\nmodifiant l'adresse d'un \u00e9tablissement d'enseignement de la conduite, \u00e0 titre on\u00e9reux, des\nv\u00e9hicules \u00e0 moteur et de la s\u00e9curit\u00e9 routi\u00e8re d\u00e9nomm\u00e9\n \u00abAUTO-\u00c9COLE SAINT-NICOLAS \u00bb (AESN) - raison sociale Les Chil\u00e8nes\nsitu\u00e9 43, rue de la R\u00e9publique \u2013 21430 NOLAY\nLe pr\u00e9fet de la C\u00f4te-d'Or\nVU le code de la route, notamment ses articles R.213-1 \u00e0 R.213-9 ;\nVU l'ordonnance n\u00b0 2014-1090 du 26 septembre 2014 relative \u00e0 la mise en accessibilit\u00e9 des \n\u00e9tablissements recevant du public, des transports publics, des b\u00e2timents d'habitation et \nde la voirie pour des personnes handicap\u00e9es  ;\nVU la loi n\u00b0 2015-990 du 06 ao\u00fbt 2015 pour la croissance, l'activit\u00e9 et l'\u00e9galit\u00e9 des chances \n\u00e9conomiques, et notamment son article 23 modifiant l'article L213-1 du code de la route ;\nVU l'arr\u00eat\u00e9 du 08 janvier 2001 relatif \u00e0 l'exploitation des \u00e9tablissements d'enseignement, \u00e0\ntitre on\u00e9reux, de la conduite des v\u00e9hicules \u00e0 moteur et de la s\u00e9curit\u00e9 routi\u00e8re ;\nVU l'arr\u00eat\u00e9 du 08 janvier 2001 cr\u00e9ant un registre national de l'enseignement de la conduite\ndes v\u00e9hicules \u00e0 moteur et de la s\u00e9curit\u00e9 routi\u00e8re ;\nVU  l'arr\u00eat\u00e9 pr\u00e9fectoral n\u00b0  507/SG du  28 mars 2025  donnant d\u00e9l\u00e9gation de signature \u00e0\nMadame Manuelle DUPUY, directrice d\u00e9partementale des territoires de C\u00f4te-d'Or ;\nVU l'arr\u00eat\u00e9 pr\u00e9fectoral n\u00b01333 du 28 ao\u00fbt 2025 portant d\u00e9l\u00e9gation de signature aux agents\nde la direction d\u00e9partementale des territoires de la C\u00f4te-d'Or ;\nDirection d\u00e9partementale des territoires de la C\u00f4te-d'Or\n57 rue de Mulhouse- BP 53317 - 21033 DIJON cedex\nt\u00e9l : 03 80 29 44 44 \u2013 Courriel : ddt@cote-dor.gouv.fr\nDirection d\u00e9partementale des territoires de la C\u00f4te-d'Or - 21-2025-12-29-00004 - Arr\u00eat\u00e9 N\u00b0 16\nmodifiant l'adresse d'un \u00e9tablissement d'enseignement de la conduite, \u00e0 titre on\u00e9reux, des v\u00e9hicules \u00e0 moteur et de la s\u00e9curit\u00e9\nrouti\u00e8re d\u00e9nomm\u00e9\n\u00a0\u00abAUTO-\u00c9COLE SAINT-NICOLAS\u00a0\u00bb\u00a0(AESN) - raison sociale\u00a0Les Chil\u00e8nes\nsitu\u00e9 43, rue de la R\u00e9publique - 21430 NOLAY\n10\n2\nVU  l'arr\u00eat\u00e9 pr\u00e9fectoral  n\u00b0 581 du  17/04/2025  autorisant Monsieur  Jonathan  F\u00c9VRIER  \u00e0\nexploiter, sous le n\u00b0 E 16 021 0006 0 un \u00e9tablissement d'enseignement, \u00e0 titre on\u00e9reux, de\nla  conduite  des  v\u00e9hicules  \u00e0  moteur  et  la  s\u00e9curit\u00e9  routi\u00e8re,  d\u00e9nomm\u00e9  \u00abAUTO-\u00c9COLE\nSAINT-NICOLAS \u00bb (AESN) - raison sociale  Les Chil\u00e8nes -  situ\u00e9 43, rue de la R\u00e9publique  \u2013\n21340 NOLAY ;\nSUR proposition de la directrice d\u00e9partementale des territoires de la C\u00f4te-d'Or ;\nARR\u00caTE\nArticle 1er  :  L'article 1er  de l'arr\u00eat\u00e9 pr\u00e9fectoral n\u00b0 581 du 17/04/2025 susvis\u00e9 est modifi\u00e9\ncomme suit : Monsieur Jonathan F\u00c9VRIER est autoris\u00e9 \u00e0 exploiter, sous le n\u00b0 E 25 021 0004\n0 un  \u00e9tablissement  d'enseignement  de  la  conduite  des  v\u00e9hicules  \u00e0   moteur  et  de  la\ns\u00e9curit\u00e9 routi\u00e8re, d\u00e9nomm\u00e9 \u00abAUTO-\u00c9COLE SAINT-NICOLAS  \u00bb (AESN) - raison sociale  Les\nChil\u00e8nes situ\u00e9 1, avenue Lazare Carnot \u2013 21340 NOLAY ;\nArticle 2 :  Les autres articles de l'arr\u00eat\u00e9 pr\u00e9fectoral susvis\u00e9 restent inchang\u00e9s.\n \nArticle 3  : La modification r\u00e9sultant du pr\u00e9sent arr\u00eat\u00e9 sera enregistr\u00e9e dans le registre\nnational de l'enseignement de la conduite des v\u00e9hicules \u00e0 moteur et de la s\u00e9curit\u00e9 routi\u00e8re\ncr\u00e9e par l'arr\u00eat\u00e9 du 08 janvier 2001 pr\u00e9cit\u00e9.\nConform\u00e9ment \u00e0 la loi n\u00b0 78-17 du 06 janvier 1978 relative \u00e0 l'informatique, aux fichiers et\naux libert\u00e9s, toute personne peut obtenir communication et, le cas \u00e9ch\u00e9ant, rectification\nou suppression des informations la concernant, en s'adressant au service \u00ab  nom du service\nconcern\u00e9 \u00bb.\nArticle  4 :  Le  secr\u00e9taire  g\u00e9n\u00e9ral  de  la  pr\u00e9fecture  de  la  C\u00f4te-d'Or  et  la  directrice\nd\u00e9partementale des territoires sont charg\u00e9s, chacun en ce qui les concerne, de l'ex\u00e9cution\ndu pr\u00e9sent arr\u00eat\u00e9, qui sera publi\u00e9 au recueil des actes administratifs de la pr\u00e9fecture de\nC\u00f4te-d'Or, et dont copie sera adress\u00e9e \u00e0 Monsieur Jonathan F\u00c9VRIER.\nFait \u00e0 Dijon, le 29 d\u00e9cembre 2025\nLa directrice d\u00e9partementale adjointe,\nORIGINAL SIGN\u00c9\nNadine MUCKENSTURM\nDirection d\u00e9partementale des territoires de la C\u00f4te-d'Or\n57 rue de Mulhouse- BP 53317 - 21033 DIJON cedex\nt\u00e9l : 03 80 29 44 44 \u2013 Courriel : ddt@cote-dor.gouv.fr\nDirection d\u00e9partementale des territoires de la C\u00f4te-d'Or - 21-2025-12-29-00004 - Arr\u00eat\u00e9 N\u00b0 16\nmodifiant l'adresse d'un \u00e9tablissement d'enseignement de la conduite, \u00e0 titre on\u00e9reux, des v\u00e9hicules \u00e0 moteur et de la s\u00e9curit\u00e9\nrouti\u00e8re d\u00e9nomm\u00e9\n\u00a0\u00abAUTO-\u00c9COLE SAINT-NICOLAS\u00a0\u00bb\u00a0(AESN) - raison sociale\u00a0Les Chil\u00e8nes\nsitu\u00e9 43, rue de la R\u00e9publique - 21430 NOLAY\n11\nDirection d\u00e9partementale des territoires de la\nC\u00f4te-d'Or\nCellule \u00c9ducation routi\u00e8re\n21-2025-12-29-00003\nArr\u00eat\u00e9 N\u00b0 17\nportant renouvellement quinquennal de\nl'agr\u00e9ment permettant \u00e0 Madame Carine\nGOURDIN d'exploiter un \u00e9tablissement\nd'enseignement, \u00e0 titre on\u00e9reux, de  la conduite\ndes v\u00e9hicules \u00e0 moteur et de la s\u00e9curit\u00e9 routi\u00e8re, \nsous le n\u00b0 E  15 021 0008 0\nd\u00e9nomm\u00e9 \u00ab\u00a0CHALLENGE 89\u00a0\u00bb \nraison sociale SARL Carine Vion\nsitu\u00e9 16, avenue de la Gare - 21400 CH\u00c2TILLON-\nSUR-SEINE\nDirection d\u00e9partementale des territoires de la C\u00f4te-d'Or - 21-2025-12-29-00003 - Arr\u00eat\u00e9 N\u00b0 17\nportant renouvellement quinquennal de l'agr\u00e9ment permettant \u00e0 Madame Carine GOURDIN d'exploiter un \u00e9tablissement\nd'enseignement, \u00e0 titre on\u00e9reux, de  la conduite des v\u00e9hicules \u00e0 moteur et de la s\u00e9curit\u00e9 routi\u00e8re, \nsous le n\u00b0 E  15 021 0008 0\nd\u00e9nomm\u00e9 \u00ab\u00a0CHALLENGE 89\u00a0\u00bb \nraison sociale SARL Carine Vion\nsitu\u00e9 16, avenue de la Gare - 21400 CH\u00c2TILLON- SUR-SEINE\n12\n=xPREFETDELACOTE-D'ORLibert\u00e9Egalit\u00e9Fraternit\u00e9\nDirection d\u00e9partementale des territoires\nde la C\u00f4te-d'Or\nService de la S\u00e9curit\u00e9 et de l'\u00c9ducation Routi\u00e8re\nBureau de l'\u00c9ducation Routi\u00e8re\nT\u00e9l. : 03 80 29 42 84\nM\u00e9l : ddt-ber@cote-dor.gouv.fr     \nDijon, le  29 d\u00e9cembre 2025\nArr\u00eat\u00e9 N\u00b0 17\nportant renouvellement quinquennal de l'agr\u00e9ment permettant \u00e0 Madame Carine\nGOURDIN d'exploiter un \u00e9tablissement d'enseignement, \u00e0 titre on\u00e9reux, de  la conduite\ndes v\u00e9hicules \u00e0 moteur et de la s\u00e9curit\u00e9 routi\u00e8re, \nsous le n\u00b0 E  15 021 0008 0\nd\u00e9nomm\u00e9 \u00ab CHALLENGE 89 \u00bb \nraison sociale SARL Carine Vion\nsitu\u00e9 16, avenue de la Gare \u2013 21400 CHATILLON- SUR-SEINE\nLe pr\u00e9fet de la C\u00f4te-d'Or\nVU le code de la route, notamment ses articles L.213-1 \u00e0 R.213-9 ;\nVU l'ordonnance n\u00b0 2014-1090 du 26 septembre 2014 relative \u00e0 la mise en accessibilit\u00e9 des\n\u00e9tablissements recevant du public, des transports publics, des b\u00e2timents d'habitation et\nde la voirie pour des personnes handicap\u00e9es ;\nVU la loi n\u00b0 2015-990 du 06 ao\u00fbt 2015 pour la croissance, l'activit\u00e9 et l'\u00e9galit\u00e9 des chances\n\u00e9conomiques, et notamment son article 23 modifiant l'article L.213-1 du code de la route ;\nVU l'arr\u00eat\u00e9 du 08 janvier 2001 relatif \u00e0 l'exploitation des \u00e9tablissements d'enseignement, \u00e0\ntitre on\u00e9reux, de la conduite des v\u00e9hicules \u00e0 moteur et de la s\u00e9curit\u00e9 routi\u00e8re ;\nVU l'arr\u00eat\u00e9 du 08 janvier 2001 cr\u00e9ant un registre national de l'enseignement de la conduite\ndes v\u00e9hicules \u00e0 moteur et de la s\u00e9curit\u00e9 routi\u00e8re ;\nVU l'arr\u00eat\u00e9  pr\u00e9fectoral  n\u00b0  507  du  28  mars  2025  donnant  d\u00e9l\u00e9gation  de  signature  \u00e0\nMadame Manuelle DUPUY, Directrice D\u00e9partementale des Territoires ;\nDirection d\u00e9partementale des territoires de la C\u00f4te-d'Or\n57 rue de Mulhouse- BP 53317 - 21033 DIJON cedex\nt\u00e9l : 03 80 29 44 44 \u2013 Courriel : ddt@cote-dor.gouv.fr\nDirection d\u00e9partementale des territoires de la C\u00f4te-d'Or - 21-2025-12-29-00003 - Arr\u00eat\u00e9 N\u00b0 17\nportant renouvellement quinquennal de l'agr\u00e9ment permettant \u00e0 Madame Carine GOURDIN d'exploiter un \u00e9tablissement\nd'enseignement, \u00e0 titre on\u00e9reux, de  la conduite des v\u00e9hicules \u00e0 moteur et de la s\u00e9curit\u00e9 routi\u00e8re, \nsous le n\u00b0 E  15 021 0008 0\nd\u00e9nomm\u00e9 \u00ab\u00a0CHALLENGE 89\u00a0\u00bb \nraison sociale SARL Carine Vion\nsitu\u00e9 16, avenue de la Gare - 21400 CH\u00c2TILLON- SUR-SEINE\n13\n2 \nVU l'arr\u00eat\u00e9 pr\u00e9fectoral n\u00b01333 du 28 ao\u00fbt 2025 portant d\u00e9l\u00e9gation de signature aux agents\nde la direction d\u00e9partementale des territoires de la C\u00f4te-d'Or ;\nVU l'arr\u00eat\u00e9 pr\u00e9fectoral n\u00b0 1154 du 20 novembre 2020 portant renouvellement quinquennal\nde  l'agr\u00e9ment  permettant  \u00e0  Madame  Carine  GOURDIN d'exploiter  un  \u00e9tablissement\nd'enseignement, \u00e0 titre on\u00e9reux, de  la conduite des v\u00e9hicules \u00e0 moteur et de la s\u00e9curit\u00e9\nrouti\u00e8re,  sous le  n\u00b0 E  15 021 0008 0  d\u00e9nomm\u00e9 \u00ab  CHALLENGE 89  \u00bb  raison sociale SARL\nCarine Vion, situ\u00e9 16, avenue de la Gare \u2013 21400 CHATILLON- SUR-SEINE\nConsid\u00e9rant la demande pr\u00e9sent\u00e9e par Madame Carine GOURDIN en date du  17/12/2025\nsollicitant le renouvellement quinquennal de son agr\u00e9ment ;\nConsid\u00e9rant que la demande remplit les conditions r\u00e9glementaires ;\nSUR proposition de la Directrice D\u00e9partementale des Territoires de la C\u00f4te-d'Or ;\nARR\u00caTE\nArticle 1er : Madame Carine GOURDIN est autoris\u00e9e \u00e0 exploiter, sous le n\u00b0 E 15 021 0008 0\nun \u00e9tablissement d'enseignement, \u00e0 titre on\u00e9reux, de la conduite des v\u00e9hicules \u00e0 moteur\net de la s\u00e9curit\u00e9 routi\u00e8re, d\u00e9nomm\u00e9 \u00ab d\u00e9nomm\u00e9 \u00ab CHALLENGE 89 \u00bb dont la raison sociale\nest la SARL Carine Vion\u00bb situ\u00e9 16, avenue de la Gare \u2013 21400 CHATILLON- SUR-SEINE.\nArticle 2  : Cet agr\u00e9ment est d\u00e9livr\u00e9 pour une dur\u00e9e de cinq ans \u00e0 compter de la date du\npr\u00e9sent  arr\u00eat\u00e9.  Sur  demande  de  l'exploitant  pr\u00e9sent\u00e9e  deux  mois  avant  la  date\nd'expiration  de  la  validit\u00e9  de  son  agr\u00e9ment,  celui-ci  sera  renouvel\u00e9  si  l'\u00e9tablissement\nremplit toutes les conditions requises.\nArticle  3 :  L'\u00e9tablissement  est  habilit\u00e9,  au  vu  des  autorisations  d'enseigner  fournies,  \u00e0\ndispenser les formations pour les cat\u00e9gories de permis suivantes : \n\u27a2 B/B1/AM-Quadri l\u00e9ger\nArticle 4 : Le pr\u00e9sent agr\u00e9ment n'est valable que pour l'exploitation d'un \u00e9tablissement, \u00e0\ntitre personnel par son titulaire, sous r\u00e9serve de l 'application des prescriptions de l'arr\u00eat\u00e9\ndu 8 janvier 2001 susvis\u00e9.\nArticle 5 : En cas de changement d'adresse ou de reprise du local par un autre exploitant,\nune  nouvelle  demande  d'agr\u00e9ment  devra  \u00eatre  pr\u00e9sent\u00e9e  deux  mois  avant  la  date  du\nchangement ou de la reprise.\nArticle 6 : Pour toute transformation du local d'activit\u00e9, tout abandon ou toute extension\nd'une  formation,  l'exploitant  est  tenu  d'adresser  une  demande  de  modification  du\npr\u00e9sent arr\u00eat\u00e9.\nDirection d\u00e9partementale des territoires de la C\u00f4te-d'Or\n57 rue de Mulhouse- BP 53317 - 21033 DIJON cedex\nt\u00e9l : 03 80 29 44 44 \u2013 Courriel : ddt@cote-dor.gouv.fr\nDirection d\u00e9partementale des territoires de la C\u00f4te-d'Or - 21-2025-12-29-00003 - Arr\u00eat\u00e9 N\u00b0 17\nportant renouvellement quinquennal de l'agr\u00e9ment permettant \u00e0 Madame Carine GOURDIN d'exploiter un \u00e9tablissement\nd'enseignement, \u00e0 titre on\u00e9reux, de  la conduite des v\u00e9hicules \u00e0 moteur et de la s\u00e9curit\u00e9 routi\u00e8re, \nsous le n\u00b0 E  15 021 0008 0\nd\u00e9nomm\u00e9 \u00ab\u00a0CHALLENGE 89\u00a0\u00bb \nraison sociale SARL Carine Vion\nsitu\u00e9 16, avenue de la Gare - 21400 CH\u00c2TILLON- SUR-SEINE\n14\n3 \nArticle 7  : L'agr\u00e9ment peut \u00eatre \u00e0 tout moment suspendu ou retir\u00e9 selon les conditions\nfix\u00e9es par les articles 12 \u00e0 14 de l'arr\u00eat\u00e9 susvis\u00e9.\nArticle 8  : Le pr\u00e9sent agr\u00e9ment et toute d\u00e9cision affectant sa validit\u00e9 seront enregistr\u00e9s\ndans le registre national de l'enseignement de la conduite des v\u00e9hicules \u00e0 moteur et de la\ns\u00e9curit\u00e9 routi\u00e8re cr\u00e9\u00e9 par l'arr\u00eat\u00e9 du 8 janvier 2001 pr\u00e9cit\u00e9. Conform\u00e9ment \u00e0 la loi n\u00b0 78-17\ndu 6 janvier 1978 relative \u00e0 l'informatique, aux fichiers et aux libert\u00e9s, toute personne peut\nobtenir communication et, le cas \u00e9ch\u00e9ant, rectification ou suppression des informations\nla concernant, en s'adressant \u00e0 la direction d\u00e9partementale des territoires.\nArticle 9 : Si vous estimez devoir contester la pr\u00e9sente d\u00e9cision, vous pouvez former :\n\u2022 un recours gracieux aupr\u00e8s de mes services\n\u2022 un recours hi\u00e9rarchique aupr\u00e8s du ministre charg\u00e9 de la s\u00e9curit\u00e9 routi\u00e8re\n\u2022 un recours contentieux devant le tribunal administratif du lieu de votre r\u00e9sidence,\nque  vous  pouvez  saisir  au  moyen  de  l'application  informatique  t\u00e9l\u00e9recours  citoyen\naccessible par le biais du site www.telerecours.fr dans un d\u00e9lai de deux mois \u00e0 compter de\nsa notification ou de sa publication.\nLes recours administratifs doivent \u00eatre pr\u00e9sent\u00e9s dans ce m\u00eame d\u00e9lai de deux mois si vous\nsouhaitez conserver la possibilit\u00e9 de saisir ult\u00e9rieurement le juge administratif. Ces voies\nde recours n'ont pas d'effet suspensif.\nArticle  10  : Le  secr\u00e9taire  g\u00e9n\u00e9ral  de  la  pr\u00e9fecture  de  C\u00f4te-d'Or  et  la  directrice\nd\u00e9partementale des territoires sont charg\u00e9s de l'ex\u00e9cution du pr\u00e9sent arr\u00eat\u00e9, qui sera\npubli\u00e9 au recueil des actes administratifs de la pr\u00e9fecture de C\u00f4te-d'Or, et dont copie sera\nadress\u00e9e \u00e0 Madame Carine GOURDIN.\nFait \u00e0 Dijon, le  29 d\u00e9cembre 2025         \nLa directrice d\u00e9partementale adjointe,\nORIGINAL SIGN\u00c9\nNadine MUCKENSTURM\nDirection d\u00e9partementale des territoires de la C\u00f4te-d'Or\n57 rue de Mulhouse- BP 53317 - 21033 DIJON cedex\nt\u00e9l : 03 80 29 44 44 \u2013 Courriel : ddt@cote-dor.gouv.fr\nDirection d\u00e9partementale des territoires de la C\u00f4te-d'Or - 21-2025-12-29-00003 - Arr\u00eat\u00e9 N\u00b0 17\nportant renouvellement quinquennal de l'agr\u00e9ment permettant \u00e0 Madame Carine GOURDIN d'exploiter un \u00e9tablissement\nd'enseignement, \u00e0 titre on\u00e9reux, de  la conduite des v\u00e9hicules \u00e0 moteur et de la s\u00e9curit\u00e9 routi\u00e8re, \nsous le n\u00b0 E  15 021 0008 0\nd\u00e9nomm\u00e9 \u00ab\u00a0CHALLENGE 89\u00a0\u00bb \nraison sociale SARL Carine Vion\nsitu\u00e9 16, avenue de la Gare - 21400 CH\u00c2TILLON- SUR-SEINE\n15\nPr\u00e9fecture de la C\u00f4te-d'Or\nP\u00f4le juridique inter-services\n21-2026-01-05-00001\nArr\u00eat\u00e9 pr\u00e9fectoral n\u00b0  1 / SG du 5/01/26\ndonnant d\u00e9l\u00e9gation de signature \u00e0 l'occasion des\npermanences de week-ends, de jours f\u00e9ri\u00e9s ou de\njours ch\u00f4m\u00e9s\nPr\u00e9fecture de la C\u00f4te-d'Or - 21-2026-01-05-00001 - Arr\u00eat\u00e9 pr\u00e9fectoral n\u00b0  1 / SG du 5/01/26\ndonnant d\u00e9l\u00e9gation de signature \u00e0 l'occasion des permanences de week-ends, de jours f\u00e9ri\u00e9s ou de jours ch\u00f4m\u00e9s 16\nPREFETDELACOTE-D'ORLibert\u00e9\u00c9galit\u00e9Fraternit\u00e9 Arr\u00eat\u00e9 pr\u00e9fectoral n\u00b0 1 / SG du 5/01/26donnant d\u00e9l\u00e9gation de signature \u00e0 l'occasion des permanences de week-ends, de jours f\u00e9ri\u00e9sou de jours ch\u00f4m\u00e9sLe Pr\u00e9fet de la C\u00f4te-d'Or\nVu la loi n\u00b0 82.213 du 2 mars 1982 modifi\u00e9e relative aux droits et libert\u00e9s des communes, desd\u00e9partements et des r\u00e9gions ;Vu le d\u00e9cret n\u00b0 2004-374 du 29 avril 2004 relatif aux pouvoirs des pr\u00e9fets, \u00e0 l'organisation et \u00e0l'action des services de l'Etat dans les r\u00e9gions et d\u00e9partements, modifi\u00e9 par le d\u00e9cret n\u00b0 2010-146 du 16 f\u00e9vrier 2010 et par le d\u00e9cret n\u00b0 2010-687 du 24 juin 2010 ; \u00a9 |Vu le d\u00e9cret n\u00b0 2008-158 du 22 f\u00e9vrier 2008 relatif \u00e0 la suppl\u00e9ance des pr\u00e9fets de r\u00e9gion et \u00e0 lad\u00e9l\u00e9gation de signature des pr\u00e9fets et hauts commissaires de la R\u00e9publique en Polyn\u00e9siefran\u00e7aise et en Nouvelle-Cal\u00e9donie ;Vu le d\u00e9cret n\u00b0 2009-176 du 16 f\u00e9vrier 2009 modifiant le d\u00e9cret n\u00b0 64-805 du 29 juillet 1964fixant les dispositions r\u00e9glementaires applicables aux pr\u00e9fets et le d\u00e9cret n\u00b0 2004-374 du 29 avril2004 relatif aux pouvoirs des pr\u00e9fets, \u00e0 l'organisation et \u00e0 l'action des services de l'\u00c9tat dans lesr\u00e9gions et d\u00e9partements ;Vu le d\u00e9cret du 10 octobre 2024 nommant Monsieur Paul MOURIER, pr\u00e9fet de la r\u00e9gionBourgogne-Franche-Comt\u00e9, pr\u00e9fet de la C\u00f4te-d'Or;Vu l'arr\u00eat\u00e9 du Premier ministre et du ministre de l'Int\u00e9rieur en date du 1\u00b0 octobre 2025 nommantMme Perrine SERRE, en qualit\u00e9 de secr\u00e9taire g\u00e9n\u00e9rale pour les affaires r\u00e9gionales de la R\u00e9gionBourgogne-Franche-Comte;Vu le d\u00e9cret du 6 juillet 2023 portant nomination de Monsieur Benoit BYRSKI en qualit\u00e9 de sous-pr\u00e9fet de Beaune ;Vu le d\u00e9cret du 17 novembre 2023 portant nomination de Monsieur S\u00e9bastien LANOYE enqualit\u00e9 de sous-pr\u00e9fet de Montbard ; |Vu le d\u00e9cret du 14 novembre 2024 portant nomination de Monsieur Denis BRUEL,administrateur de l'\u00c9tat du deuxi\u00e8me grade, en qualit\u00e9 de secr\u00e9taire g\u00e9n\u00e9ral de la pr\u00e9fecture dela C\u00f4te-d'Or, sous-pr\u00e9fet de Dijon (groupe II) ;Vu le d\u00e9cret du 6 mars 2025 portant nomination de Madame Aur\u00e9lie CONTRECIVILE, sous-pr\u00e9f\u00e8te, en qualit\u00e9 de sous-pr\u00e9f\u00e8te, directrice de cabinet du pr\u00e9fet de la R\u00e9gion Bourgogne-Franche-Comt\u00e9, pr\u00e9fet de la C\u00f4te-d'Or;Vu le d\u00e9cret du 23 mai 2025 portant nomination de Madame Magalie MALERBA en qualit\u00e9secr\u00e9taire g\u00e9n\u00e9rale adjointe de la pr\u00e9fecture de la C\u00f4te d'Or, sous-pr\u00e9f\u00e8te charg\u00e9e de missionaupr\u00e8s du Pr\u00e9fet de la R\u00e9gion Bourgogne-Franche-Comt\u00e9, Pr\u00e9fet de la C\u00f4te-d'Or ;\nPr\u00e9fecture de la C\u00f4te-d'Or - 21-2026-01-05-00001 - Arr\u00eat\u00e9 pr\u00e9fectoral n\u00b0  1 / SG du 5/01/26\ndonnant d\u00e9l\u00e9gation de signature \u00e0 l'occasion des permanences de week-ends, de jours f\u00e9ri\u00e9s ou de jours ch\u00f4m\u00e9s 17\nVu l'arr\u00eat\u00e9 pr\u00e9fectoral n\u00b0 1680/SG du 20 novembre 2025 donnant d\u00e9l\u00e9gation de signature \u00e0l'occasion des permanences de week-ends, dejours f\u00e9ri\u00e9s ou dejours ch\u00f4m\u00e9s;Consid\u00e9rant que la mise en place de tours de permanence pendant les week-ends, jours f\u00e9ri\u00e9set ch\u00f4m\u00e9s constitue un moyen visant \u00e0 assurer la continuit\u00e9 du service public ;Sur proposition de Monsieur le secr\u00e9taire g\u00e9n\u00e9ral de la prefecture de la C\u00f4te-d'Or ;\nARR\u00caTEArticle ter: L'arr\u00eat\u00e9 pr\u00e9fectoral n\u00b0 1680/SG du 20 novembre 2025 donnant d\u00e9l\u00e9gation designature \u00e0 l'occasion des permanences de week-ends, de jours f\u00e9ri\u00e9s ou de jours ch\u00f4m\u00e9s et \u2014toutes dispositions ant\u00e9rieures contraires au pr\u00e9sent arr\u00eat\u00e9 sont abrog\u00e9s..Article 2 : Pendant les permanences des week-ends, de jours f\u00e9ri\u00e9s et de jours ch\u00e9m\u00e9s,.d\u00e9l\u00e9gation de signature est donn\u00e9e en toutes mati\u00e8res, sous r\u00e9serve des exceptions \u00e9num\u00e9r\u00e9es\u00e0 l'article 3, pour l'ensemble du d\u00e9partementet en fonction du tour de permanence pr\u00e9\u00e9tabli soita: . | -- Monsieur Denis BRUEL, secr\u00e9taire g\u00e9n\u00e9ral de la pr\u00e9fecture de la C\u00f4te-d'Or :- Madame Magalie MALERBA, secr\u00e9taire g\u00e9n\u00e9rale adjointe de la pr\u00e9fecture de la C\u00e9te d'Or- Madame Aur\u00e9lie CONTRECIVILE, sous-pr\u00e9f\u00e9te, directrice de cabinet du pr\u00e9fet de la R\u00e9gionBourgogne-Franche-Comt\u00e9, pr\u00e9fet de la C\u00f4te-d'Or :- Monsieur Benoit BYRSKI, sous-pr\u00e9fet de Beaune- Monsieur S\u00e9bastien LANOYE, sous-pr\u00e9fet de Montbard :- Madame Perrine SERRE, secr\u00e9taire g\u00e9n\u00e9rale pour les affaires r\u00e9gionales de la r\u00e9gionBourgogne-Franche-Comte;\nArticle 3 : Sont exclus de la pr\u00e9sente d\u00e9l\u00e9gation de signature :- les d\u00e9clinatoires de comp\u00e9tences,- les arr\u00eat\u00e9s de conflit.\nArticle 4: Le secr\u00e9taire g\u00e9n\u00e9ral de la pr\u00e9fecture de la C\u00f4te-d'Or, la directrice de cabinet dupr\u00e9fet de la r\u00e9gion Bourgogne-Franche-Comt\u00e9, pr\u00e9fet de la C\u00f4te-d'Or, le sous-pr\u00e9fet de Beaune,le sous-pr\u00e9fet de Montbard et la secr\u00e9taire g\u00e9n\u00e9rale pour les affaires r\u00e9gionales de la r\u00e9gionBourgogne-Franche-Comt\u00e9 sont charg\u00e9s de l'ex\u00e9cution du pr\u00e9sent arr\u00eat\u00e9\u00bb Ml sera publi\u00e9 aurecueil des actes administratifs de la pr\u00e9fecture de la C\u00f4te- d'Or.\nFait \u00e0 Dijon, le 5/01/26\nLe pr\u00e9fet,SIGNEPaul MOURIER\n212\nPr\u00e9fecture de la C\u00f4te-d'Or - 21-2026-01-05-00001 - Arr\u00eat\u00e9 pr\u00e9fectoral n\u00b0  1 / SG du 5/01/26\ndonnant d\u00e9l\u00e9gation de signature \u00e0 l'occasion des permanences de week-ends, de jours f\u00e9ri\u00e9s ou de jours ch\u00f4m\u00e9s 18\nPr\u00e9fecture de la C\u00f4te-d'Or\nP\u00f4le juridique inter-services\n21-2026-01-05-00002\nArr\u00eat\u00e9 pr\u00e9fectoral N\u00b0  2  du 5 janvier 2026\ndonnant d\u00e9l\u00e9gation de signature \u00e0 Monsieur\nS\u00e9bastien TRES, Directeur des collectivit\u00e9s\nlocales et des \u00e9lections (DCLE) .\nPr\u00e9fecture de la C\u00f4te-d'Or - 21-2026-01-05-00002 - Arr\u00eat\u00e9 pr\u00e9fectoral N\u00b0  2  du 5 janvier 2026\ndonnant d\u00e9l\u00e9gation de signature \u00e0 Monsieur S\u00e9bastien TRES, Directeur des collectivit\u00e9s locales et des \u00e9lections (DCLE) . 19\nExPREFETDE LACOTE-D'ORLibert\u00e9Egalit\u00e9Fraternit\u00e9\nSECR\u00c9TARIAT G\u00c9N\u00c9RAL\nDirection de la coordination des politiques publiques\net de l'appui territorial\nArr\u00eat\u00e9 pr\u00e9fectoral N\u00b0  2  du 5 janvier 2026\ndonnant d\u00e9l\u00e9gation de signature \u00e0 Monsieur S\u00e9bastien TRES, Directeur des collectivit\u00e9s \nlocales et des \u00e9lections (DCLE) .\nLe Pr\u00e9fet de la C\u00f4te-d'Or\nVu la loi n\u00b0 82-213 du 2 mars 1982 modifi\u00e9e relative aux droits et libert\u00e9s des communes,  \ndes d\u00e9partements et des r\u00e9gions ;\nVu le d\u00e9cret n\u00b0 2004-374 du 29 avril 2004 relatif aux pouvoirs des pr\u00e9fets, \u00e0 l'organisation  \net \u00e0 l'action des services de l'\u00c9tat dans les r\u00e9gions et d\u00e9partements, modifi\u00e9 par le d\u00e9cret  \nn\u00b0 2010-146 du 16 f\u00e9vrier 2010 et par le d\u00e9cret n\u00b0 2010-687 du 24 juin 2010 ;\nVu le d\u00e9cret n\u00b0 2008-158 du 22 f\u00e9vrier 2008 relatif \u00e0 la suppl\u00e9ance des pr\u00e9fets de r\u00e9gion et  \n\u00e0  la  d\u00e9l\u00e9gation  de  signature  des  pr\u00e9fets  et  hauts-commissaires  de  la  R\u00e9publique  en \nPolyn\u00e9sie fran\u00e7aise et en Nouvelle-Cal\u00e9donie ;\nVu le d\u00e9cret n\u00b0 2009-176 du 16 f\u00e9vrier 2009 modifiant le d\u00e9cret n\u00b0 64-805 du 29 juillet 1964 \nfixant les dispositions r\u00e9glementaires applicables aux pr\u00e9fets et le d\u00e9cret n\u00b0  2004-374 du \n29 avril 2004 relatif aux pouvoirs des pr\u00e9fets, \u00e0 l'organisation et \u00e0 l'action des services de  \nl'\u00c9tat dans les r\u00e9gions et d\u00e9partements ;\nVu le d\u00e9cret du 10 octobre 2024 nommant Monsieur Paul MOURIER, Pr\u00e9fet de la  \nR\u00e9gion Bourgogne-Franche-Comt\u00e9, Pr\u00e9fet de la C\u00f4te-d'Or  ;\nVu l'arr\u00eat\u00e9 pr\u00e9fectoral 1251/SG du 18 d\u00e9cembre 2020 portant organisation des services  \nde la Pr\u00e9fecture de la R\u00e9gion Bourgogne-Franche-Comt\u00e9, Pr\u00e9fecture du d\u00e9partement de  \nla C\u00f4te-d'Or ;\nVu l'arr\u00eat\u00e9 n\u00b0 U14761871072669 du 28 mai 2025 portant prise en charge par voie de  \nd\u00e9tachement  de  Monsieur  S\u00e9bastien  TRES  dans  l'emploi  fonctionnel  de  conseiller \nd'administration de l'int\u00e9rieur et de l'outre-mer de directeur des collectivit\u00e9s locales et des  \n\u00e9lections \u00e0 compter du 1er juillet 2025 ;\nVu l'arr\u00eat\u00e9 pr\u00e9fectoral n\u00b0 1564/SG du 22 octobre 2025 donnant d\u00e9l\u00e9gation de signature \u00e0  \nMonsieur  S\u00e9bastien  TRES, conseiller  d'administration  de  l'int\u00e9rieur  et  de  l'outre-mer, \nDirecteur des collectivit\u00e9s locales et des \u00e9lections (DCLE)  ;\n1/7\nPr\u00e9fecture de la C\u00f4te-d'Or - 21-2026-01-05-00002 - Arr\u00eat\u00e9 pr\u00e9fectoral N\u00b0  2  du 5 janvier 2026\ndonnant d\u00e9l\u00e9gation de signature \u00e0 Monsieur S\u00e9bastien TRES, Directeur des collectivit\u00e9s locales et des \u00e9lections (DCLE) . 20\nARR\u00caTE\nArticle 1     : L 'arr\u00eat\u00e9 pr\u00e9fectoral  n\u00b0 1564/SG du 22 octobre 2025  donnant d\u00e9l\u00e9gation de  \nsignature  \u00e0  Monsieur  S\u00e9bastien  TRES, conseiller  d'administration  de  l'int\u00e9rieur  et  de \nl'outre-mer,  Directeur des collectivit\u00e9s locales et des \u00e9lections (DCLE),  ainsi que  toutes \ndispositions ant\u00e9rieures contraires au pr\u00e9sent arr\u00eat\u00e9 sont abrog\u00e9s \u00e0 compter de l'entr\u00e9e en  \nvigueur du pr\u00e9sent arr\u00eat\u00e9.\nArticle 2 : D\u00e9l\u00e9gation de signature est donn\u00e9e \u00e0 Monsieur S\u00e9bastien TRES, Directeur des \ncollectivit\u00e9s locales et des \u00e9lections (DCLE) en ce qui concerne :\nBUREAU DES COLLECTIVIT\u00c9S LOCALES\n\u2013 Les correspondances et les documents  administratifs relevant des attributions et  \ncomp\u00e9tences de sa direction, \u00e0 l'exception :\n\u2022 des arr\u00eat\u00e9s et actes r\u00e9glementaires ;\n\u2022 des circulaires et instructions g\u00e9n\u00e9rales ;\n\u2022 des lettres comportant d\u00e9cision de principe ou ayant une incidence politique ;\n\u2022 tout document comportant saisine du tribunal administratif ou de la chambre  \nr\u00e9gionale des comptes ;\n\u2022 des communiqu\u00e9s de presse.\n\u2013 Les titres de perception et de recouvrement \u00e0 rendre ex\u00e9cutoires ;\n\u2013 Tous documents relatifs aux concours financiers de l'\u00c9tat aux collectivit\u00e9s locales, \u00e0  \nla notification des taux d'imposition des quatre taxes directes locales et de la taxe  \nd'enl\u00e8vement des ordures m\u00e9nag\u00e8res (\u00e9tats n\u00b01253, n\u00b01259 et n\u00b01259 TEOM), ainsi  \nque  les  r\u00f4les  dress\u00e9s  pour  le  recouvrement  des  taxes  ou  cotisations  par  les \nassociations  fonci\u00e8res  de  remembrement  ou  par  les  associations  syndicales  \nautoris\u00e9es ;\n\u2013  La validation \u00e9lectronique des arr\u00eat\u00e9s d'attribution du Fonds de compensation pour \nla TVA ;\n\u2013 Les actes donnant un caract\u00e8re ex\u00e9cutoire aux r\u00e8glements conjoints de la d\u00e9cision  \nbudg\u00e9taire modificative des lyc\u00e9es de la r\u00e9gion Bourgogne-Franche-Comt\u00e9 et coll\u00e8ges  \nde C\u00f4te d'Or ;\n\u2013 Tous documents et pi\u00e8ces relatifs \u00e0 l'ordonnancement des d\u00e9penses imputables sur  \nle budget de l'\u00c9tat ;\n\u2013  Tous documents relatifs aux concours financiers et subventions de l'\u00c9tat aux \ncollectivit\u00e9s locales ;\n\u2013 Les correspondances courantes et bordereaux.\n2/7\nPr\u00e9fecture de la C\u00f4te-d'Or - 21-2026-01-05-00002 - Arr\u00eat\u00e9 pr\u00e9fectoral N\u00b0  2  du 5 janvier 2026\ndonnant d\u00e9l\u00e9gation de signature \u00e0 Monsieur S\u00e9bastien TRES, Directeur des collectivit\u00e9s locales et des \u00e9lections (DCLE) . 21\nBUREAU  DES ELECTIONS ET DE LA REGLEMENTATION \n\u2022 la d\u00e9livrance des r\u00e9c\u00e9piss\u00e9s provisoires et d\u00e9finitifs des d\u00e9clarations de candidature  \naux \u00e9lections politiques et professionnelles ;\n\u2022 la d\u00e9livrance des attestations ou re\u00e7us de d\u00e9claration effectu\u00e9e par les binationaux  \ndans le cadre du service national ;\n\u2022 la d\u00e9livrance des cartes d'adjoints aux maires\n\u2022 les autorisations de transport de corps hors du territoire national ;\n\u2022 les d\u00e9cisions relatives aux inhumations hors du d\u00e9lai l\u00e9gal ;\n\u2022 la d\u00e9livrance des r\u00e9c\u00e9piss\u00e9s de revendeurs d'objets mobiliers ;\n\u2022 les habilitations d'entreprises de pompes fun\u00e8bres ;\n\u2022 les arr\u00eat\u00e9s portant classement des offices de tourisme et communes touristiques ;\n\u2022 les cartes professionnelles de guide-conf\u00e9rencier ;\n\u2022 la d\u00e9livrance et le refus de d\u00e9livrance  des cartes de conducteur de taxi, de v\u00e9hicules  \nmotoris\u00e9s  \u00e0  deux  ou  trois  roues  et  de  conducteur  de  voiture  de  transport  avec \nchauffeur ;\n\u2022 les  d\u00e9cisions  de  sanction  disciplinaire  \u00e0  l'encontre  des  conducteurs  de  taxi,  de \nv\u00e9hicules motoris\u00e9s \u00e0 deux ou trois roues et de voiture de transport avec chauffeur ;\n\u2022 commission locale des transports publics particuliers de personnes, commission de  \nconciliation  des  baux  commerciaux,  ainsi  que  toutes  correspondances  courantes \nrelatives au fonctionnement de ces commissions.\n\u2022 tous  actes  relatifs  \u00e0  la  d\u00e9livrance  et  \u00e0  l'instruction  des  demandes  de  passeports \ntemporaires, de missions et de services,\n\u2022 le retrait des titres d'identit\u00e9, de voyage et d'immatriculation d\u00e9livr\u00e9s ind\u00fbment,\n\u2022 les d\u00e9cisions relatives aux mesures d'opposition \u00e0 sortie de territoire,\n\u2022 les conventions d'habilitations et d'agr\u00e9ment et les d\u00e9cisions de suspension et de  \nretrait des habilitations et agr\u00e9ments des professionnels de l'automobile,\n\u2022 les attestations relatives aux immatriculations,\n\u2022 la d\u00e9claration d'affectation ou de cessation d'affectation de v\u00e9hicules au transport  \npublic de personnes,\n\u2022 la d\u00e9livrance du num\u00e9ro d'immatriculation des v\u00e9hicules d'exploitants agricoles,\n\u2022 les  r\u00e9c\u00e9piss\u00e9s  concernant  les  d\u00e9p\u00f4ts  par  les  huissiers  des  proc\u00e8s-verbaux  \nd'indisponibilit\u00e9 de certificat d'immatriculation\n\u2022 les  actes  administratifs  du  greffe  des  associations :  bordereaux,  r\u00e9c\u00e9piss\u00e9s  et \ncorrespondances courantes non cr\u00e9atrices de droit.\nArticle 3 : En cas d'absence ou d'emp\u00eachement de  Monsieur S\u00e9bastien TRES, la d\u00e9l\u00e9gation \nqui lui est conf\u00e9r\u00e9e par l'article 2 ci-dessus sera exerc\u00e9e par Madame Julie RODDE, attach\u00e9e  \nprincipale, cheffe du bureau des collectivit\u00e9s locales.\nEn cas d'absence concomitante de Monsieur S\u00e9bastien TRES et de Madame Julie RODDE,  \nla d\u00e9l\u00e9gation est conf\u00e9r\u00e9e \u00e0 Madame Delphine HORNY, attach\u00e9e, cheffe du bureau des  \n\u00e9lections et de la r\u00e9glementation.\n3/7\nPr\u00e9fecture de la C\u00f4te-d'Or - 21-2026-01-05-00002 - Arr\u00eat\u00e9 pr\u00e9fectoral N\u00b0  2  du 5 janvier 2026\ndonnant d\u00e9l\u00e9gation de signature \u00e0 Monsieur S\u00e9bastien TRES, Directeur des collectivit\u00e9s locales et des \u00e9lections (DCLE) . 22\nArticle 4 : \n1 - D\u00e9l\u00e9gation est donn\u00e9e \u00e0 Madame Julie RODDE , cheffe du bureau du contr\u00f4le de l\u00e9galit\u00e9  \npour :\n\u2022 Les correspondances et documents courants et bordereaux ;\n\u2022 Les lettres de demande de pi\u00e8ces compl\u00e9mentaires au titre du contr\u00f4le de l\u00e9galit\u00e9,  \n\u00e0 l'exception de :\n\u2013 celles qui concernent les collectivit\u00e9s locales des arrondissements de Beaune et \nMontbard ;\n\u2013 celles  qui  concernent  le  conseil  r\u00e9gional  de  Bourgogne-Franche-Comt\u00e9,  le \nconseil d\u00e9partemental de C\u00f4te d'Or, Dijon M\u00e9tropole, la ville de Dijon et toute  \ncollectivit\u00e9 signal\u00e9e par le secr\u00e9taire g\u00e9n\u00e9ral.\n\u2022 Tous documents relatifs aux concours financiers de l'\u00c9tat aux collectivit\u00e9s locales, \u00e0 \nla notification des taux d'imposition des quatre taxes directes locales et de la taxe  \nd'enl\u00e8vement des ordures m\u00e9nag\u00e8res (\u00e9tats n\u00b01253, n\u00b01259 et n\u00b01259 TEOM),  \nainsi que les r\u00f4les dress\u00e9s pour le recouvrement des taxes ou cotisations par les  \nassociations  fonci\u00e8res  de  remembrement  ou  par  les  associations  syndicales \nautoris\u00e9es ;\n\u2022 Les actes donnant un caract\u00e8re ex\u00e9cutoire aux r\u00e8glements conjoints de la d\u00e9cision  \nbudg\u00e9taire  modificative  des  lyc\u00e9es  de  la  r\u00e9gion  Bourgogne-Franche-Comt\u00e9  et \ncoll\u00e8ges de C\u00f4te d'Or.\n2 - D\u00e9l\u00e9gation est donn\u00e9e \u00e0 Madame Patricia LAUWERIER , cheffe du p\u00f4le du conseil et du  \ncontr\u00f4le de l\u00e9galit\u00e9 pour :\n\u2022 Les correspondances et documents courants et bordereaux ;\n\u2022 Les lettres de demande de pi\u00e8ces compl\u00e9mentaires au titre du contr\u00f4le de l\u00e9galit\u00e9,  \n\u00e0 l'exception de :\n\u2013 celles qui concernent les collectivit\u00e9s locales des arrondissements de Beaune et \nMontbard ;\n\u2013 celles  qui  concernent  le  conseil  r\u00e9gional  de  Bourgogne-Franche-Comt\u00e9,  le \nconseil d\u00e9partemental de C\u00f4te d'Or, Dijon M\u00e9tropole, la ville de Dijon et toute  \ncollectivit\u00e9 signal\u00e9e par le secr\u00e9taire g\u00e9n\u00e9ral.\n3 - D\u00e9l\u00e9gation est donn\u00e9e \u00e0  Madame Cl\u00e9mence PERNIN, cheffe du p\u00f4le des finances  \nlocales, pour :\n\u2022 Tous documents relatifs aux concours financiers de l'\u00c9tat aux collectivit\u00e9s locales, \u00e0 \nla notification des taux d'imposition des quatre taxes directes locales et de la taxe  \nd'enl\u00e8vement des ordures m\u00e9nag\u00e8res (\u00e9tats n\u00b01253, n\u00b01259 et n\u00b01259 TEOM),  \nainsi que les r\u00f4les dress\u00e9s pour le recouvrement des taxes ou cotisations par les  \nassociations  fonci\u00e8res  de  remembrement  ou  par  les  associations  syndicales \nautoris\u00e9es ;\n\u2022 Les actes donnant un caract\u00e8re ex\u00e9cutoire aux r\u00e8glements conjoints de la d\u00e9cision  \nbudg\u00e9taire  modificative  des  lyc\u00e9es  de  la  r\u00e9gion  Bourgogne-Franche-Comt\u00e9  et \ncoll\u00e8ges de C\u00f4te d'Or ;\n\u2022 Les correspondances courantes et bordereaux.\n4/7\nPr\u00e9fecture de la C\u00f4te-d'Or - 21-2026-01-05-00002 - Arr\u00eat\u00e9 pr\u00e9fectoral N\u00b0  2  du 5 janvier 2026\ndonnant d\u00e9l\u00e9gation de signature \u00e0 Monsieur S\u00e9bastien TRES, Directeur des collectivit\u00e9s locales et des \u00e9lections (DCLE) . 23\n4 -  D\u00e9l\u00e9gation est donn\u00e9e \u00e0 Madame Isabelle AMSALLEM, charg\u00e9e de l'intercommunalit\u00e9  \net du contr\u00f4le de l\u00e9galit\u00e9, pour :\nLes bordereaux d'envoi et les correspondances courantes concernant ACTES\nArticle 5 : \n1 - D\u00e9l\u00e9gation de signature est donn\u00e9e \u00e0 Madame Delphine HORNY, cheffe du bureau des \n\u00e9lections et de la r\u00e9glementation, pour :\n\u2022 la d\u00e9livrance des r\u00e9c\u00e9piss\u00e9s provisoires et d\u00e9finitifs des d\u00e9clarations de candidature  \naux \u00e9lections politiques et professionnelles ;\n\u2022 la d\u00e9livrance des attestations ou re\u00e7us de d\u00e9claration effectu\u00e9e par les binationaux  \ndans le cadre du service national ;\n\u2022 les autorisations de transport de corps hors du territoire national ;\n\u2022 les d\u00e9cisions relatives aux inhumations hors d\u00e9lai l\u00e9gal ;\n\u2022 la d\u00e9livrance des r\u00e9c\u00e9piss\u00e9s de revendeurs d'objets mobiliers ;\n\u2022 la d\u00e9livrance des r\u00e9c\u00e9piss\u00e9s de d\u00e9claration des foires et salons ;\n\u2022 la d\u00e9livrance des cartes professionnelles de guide-conf\u00e9rencier ;\n\u2022 la d\u00e9livrance et le refus de d\u00e9livrance des cartes de conducteur de taxi, de v\u00e9hicules  \nmotoris\u00e9s  \u00e0  deux  ou  trois  roues  et  de  conducteur  de  voiture  de  transport  avec \nchauffeur ;\n\u2022 commission locale des transports publics particuliers de personnes, commission de  \nconciliation  des  baux  commerciaux,  ainsi  que  toutes  correspondances  courantes \nrelatives au fonctionnement de ces commissions ;\n\u2022 toutes correspondances courantes concernant les domaines cit\u00e9s ci-dessus, y compris  \nla l\u00e9gislation fun\u00e9raire et le domaine du tourisme,\n\u2022 tous  actes  relatifs  \u00e0  la  d\u00e9livrance  et  \u00e0  l'instruction  des  demandes  de  passeports \ntemporaires, de mission et de service,\n\u2022 le retrait des titres d'identit\u00e9, de voyage et d'immatriculation d\u00e9livr\u00e9s ind\u00fbment,\n\u2022 les d\u00e9cisions relatives aux mesures d'opposition \u00e0 sortie de territoire,\n\u2022 les conventions d'habilitation et d'agr\u00e9ment et les d\u00e9cisions de suspension et de retrait  \ndes habilitations et agr\u00e9ments des professionnels de l'automobile,\n\u2022 les attestations relatives aux immatriculations,\n\u2022 la d\u00e9claration d'affectation ou de cessation d'affectation de v\u00e9hicules au transport  \npublic de personnes,\n\u2022 les  r\u00e9c\u00e9piss\u00e9s  concernant  les  d\u00e9p\u00f4ts  par  les  huissiers  des  proc\u00e8s-verbaux  \nd'indisponibilit\u00e9 de certificat d'immatriculation\n\u2022 les  actes  administratifs  du  greffe  des  associations :  bordereaux,  r\u00e9c\u00e9piss\u00e9s  et \ncorrespondances courantes non cr\u00e9atrices de droit.\n5/7\nPr\u00e9fecture de la C\u00f4te-d'Or - 21-2026-01-05-00002 - Arr\u00eat\u00e9 pr\u00e9fectoral N\u00b0  2  du 5 janvier 2026\ndonnant d\u00e9l\u00e9gation de signature \u00e0 Monsieur S\u00e9bastien TRES, Directeur des collectivit\u00e9s locales et des \u00e9lections (DCLE) . 24\n2 - D\u00e9l\u00e9gation de signature est donn\u00e9e \u00e0 Madame Tassadit YASSA, attach\u00e9e, adjointe \u00e0 la  \ncheffe du bureau des \u00e9lections et de la r\u00e9glementation, pour :\n    \u2022 la d\u00e9livrance des r\u00e9c\u00e9piss\u00e9s provisoires et d\u00e9finitifs des d\u00e9clarations de candidature aux \n\u00e9lections politiques et professionnelles ;\n    \u2022 la d\u00e9livrance des attestations ou re\u00e7us de d\u00e9claration effectu\u00e9e par les binationaux dans \nle cadre du service national ;\n    \u2022 les autorisations de transport de corps hors du territoire national ;\n    \u2022 les d\u00e9cisions relatives aux inhumations hors d\u00e9lai l\u00e9gal ;\n    \u2022 la d\u00e9livrance des r\u00e9c\u00e9piss\u00e9s de revendeurs d'objets mobiliers ;\n    \u2022 la d\u00e9livrance des r\u00e9c\u00e9piss\u00e9s de d\u00e9claration des foires et salons ;\n    \u2022 la d\u00e9livrance des cartes professionnelles de guide-conf\u00e9rencier ;\n    \u2022 la d\u00e9livrance et le refus de d\u00e9livrance des cartes de conducteur de taxi, de v\u00e9hicules \nmotoris\u00e9s \u00e0 deux ou trois roues et de v\u00e9hicules de transport avec chauffeur ;\n    \u2022 commission locale des transports publics particuliers de personnes, commission de \nconciliation des baux commerciaux ainsi que toutes correspondances courantes relatives au \nfonctionnement de ces commissions ;\n    \u2022 toutes correspondances courantes concernant les domaines cit\u00e9s ci-dessus y compris, la \nl\u00e9gislation fun\u00e9raire, et le domaine du tourisme.\n    \u2022 tous actes relatifs \u00e0 la d\u00e9livrance et \u00e0 l'instruction des demandes de passeports \ntemporaires, de missions et de services,\n    \u2022 le retrait des titres d'identit\u00e9, de voyage et d'immatriculation d\u00e9livr\u00e9s ind\u00fbment,\n    \u2022 les d\u00e9cisions relatives aux mesures d'opposition \u00e0 sortie de territoire,\n    \u2022 les conventions d'habilitation et d'agr\u00e9ment et les d\u00e9cisions de suspension et de retrait \ndes habilitations et agr\u00e9ments des professionnels de l'automobile,\n    \u2022 les attestations pour la conduite des taxis, des v\u00e9hicules de petite remise, des \nambulances, des v\u00e9hicules affect\u00e9s au ramassage scolaire ou au transport public de \npersonnes,\n    \u2022 les attestations relatives aux immatriculations,\n    \u2022 la d\u00e9claration d'affectation ou de cessation d'affectation de v\u00e9hicules au transport public \nde personnes,\n    \u2022 les r\u00e9c\u00e9piss\u00e9s concernant les d\u00e9p\u00f4ts par les huissiers des proc\u00e8s-verbaux \nd'indisponibilit\u00e9 de certificat d'immatriculation,\n   \u2022 les actes administratifs du greffe des associations: bordereaux, r\u00e9c\u00e9piss\u00e9s et \ncorrespondances courantes non cr\u00e9atrices de droit.\nEn l'absence concomitante de Monsieur S\u00e9bastien TRES et de Madame Delphine HORNY:\n\u2022 les habilitations d'entreprises fun\u00e9raires;\n\u2022 les arr\u00eat\u00e9s portant classement des offices de tourisme et communes touristiques,\n\u2022 les d\u00e9cisions de sanctions disciplinaires \u00e0 l'encontre des conducteurs de taxi, de v\u00e9hicules \nmotoris\u00e9s \u00e0 deux ou trois roues et de voiture de transport avec chauffeur; \n3 - D\u00e9l\u00e9gation est donn\u00e9e \u00e0 Monsieur Eric FINOT pour :\n\uf0d8 les  correspondances  courantes  n'emportant  pas  de  d\u00e9cision,  lettre-types, \ncourriers de transmission, bordereaux d'envoi dans les domaines des \u00e9lections,  \net de l'ex\u00e9cution du budget des \u00e9lections ;\n\uf0d8 la  d\u00e9livrance  des  r\u00e9c\u00e9piss\u00e9s  provisoires  et  d\u00e9finitifs  des  d\u00e9clarations  de \ncandidature aux \u00e9lections politiques et professionnelles.\n\uf0d8 la d\u00e9livrance des r\u00e9c\u00e9piss\u00e9s de d\u00e9claration de mandataires financiers.\n6/7\nPr\u00e9fecture de la C\u00f4te-d'Or - 21-2026-01-05-00002 - Arr\u00eat\u00e9 pr\u00e9fectoral N\u00b0  2  du 5 janvier 2026\ndonnant d\u00e9l\u00e9gation de signature \u00e0 Monsieur S\u00e9bastien TRES, Directeur des collectivit\u00e9s locales et des \u00e9lections (DCLE) . 25\n4  -  D\u00e9l\u00e9gation  est  donn\u00e9e  \u00e0  Madame  Agn\u00e8s  FONTENILLE,  et  \u00e0  Madame  Delphine \nCHERDON pour :\n\uf0d8 les  correspondances  courantes  n'emportant  pas  de  d\u00e9cision,  lettre-types, \ncourriers de transmission, bordereaux d'envoi dans les domaines du fun\u00e9raire,  \ndes \u00e9lections, des taxis, v\u00e9hicules motoris\u00e9s \u00e0 deux ou trois roues, v\u00e9hicules  \nde transport avec chauffeur ; \n\uf0d8 la  d\u00e9livrance  des  r\u00e9c\u00e9piss\u00e9s  provisoires  et  d\u00e9finitifs  des  d\u00e9clarations  de \ncandidature aux \u00e9lections politiques et professionnelles ;\n\uf0d8 la d\u00e9livrance des r\u00e9c\u00e9piss\u00e9s de d\u00e9claration de mandataires financiers ;\n\uf0d8 la d\u00e9livrance des cartes professionnelles de conducteur de taxi, de v\u00e9hicules  \nmotoris\u00e9s \u00e0 deux ou trois roues et des v\u00e9hicules de transport avec chauffeur.\n5 - D\u00e9l\u00e9gation est donn\u00e9e \u00e0  Madame Emmanuelle SUJOBERT, et \u00e0 Madame Christelle  \nJUREDIEU,  pour :\n\u2013 les  bordereaux  d'envoi  et  les  correspondances  courantes  concernant  la  \nr\u00e9glementation des certificats d'immatriculation\n\u2013 les  r\u00e9c\u00e9piss\u00e9s  concernant  les  d\u00e9p\u00f4ts  par  les  huissiers  des  proc\u00e8s-verbaux \nd'indisponibilit\u00e9 du certificat d'immatriculation ;\n\u2013 les attestations relatives aux immatriculations ;\n\u2013 les demandes d'avis et d'enqu\u00eates ;\n\u2013 les  correspondances  li\u00e9es  aux  droits  de  communications  des  informations \nconcernant les certificats d'immatriculations ;\n\u2013 les  d\u00e9clarations  d'affectation  et  de  cessation  d'affectation  de  v\u00e9hicules  au \ntransport de public de personnes.\n\u2013 la  d\u00e9livrance  des  r\u00e9c\u00e9piss\u00e9s  provisoires  et  d\u00e9finitifs  des  d\u00e9clarations  de \ncandidature aux \u00e9lections politiques et professionnelles ;\nArticle  6     : Le  Secr\u00e9taire  g\u00e9n\u00e9ral  de  la  Pr\u00e9fecture  de  la  C\u00f4te-d'Or,  le  Directeur  des \ncollectivit\u00e9s locales et des \u00e9lections ainsi que les agents b\u00e9n\u00e9ficiaires de la d\u00e9l\u00e9gation de  \nsignature, sont charg\u00e9s, chacun pour ce qui le concerne, de l'ex\u00e9cution du pr\u00e9sent arr\u00eat\u00e9  \nqui sera publi\u00e9 au recueil des actes administratifs de la pr\u00e9fecture de la C\u00f4te-d'Or. \nFait \u00e0 Dijon, le 5/01/26\nLe pr\u00e9fet\nSIGNE\nPaul MOURIER\n7/7\nPr\u00e9fecture de la C\u00f4te-d'Or - 21-2026-01-05-00002 - Arr\u00eat\u00e9 pr\u00e9fectoral N\u00b0  2  du 5 janvier 2026\ndonnant d\u00e9l\u00e9gation de signature \u00e0 Monsieur S\u00e9bastien TRES, Directeur des collectivit\u00e9s locales et des \u00e9lections (DCLE) . 26\nPr\u00e9fecture de la C\u00f4te-d'Or\nSGCD de C\u00f4te-d'Or\n21-2025-12-18-00010\nArr\u00eat\u00e9 n\u00b015 Nominatif des correspondants de\nl'action sociale ( CAS ) du 18/12/2025\nPr\u00e9fecture de la C\u00f4te-d'Or - 21-2025-12-18-00010 - Arr\u00eat\u00e9 n\u00b015 Nominatif des correspondants de l'action sociale ( CAS ) du 18/12/2025 27\n                                                \n                                                                              \nPr\u00e9fecture de la C\u00f4te-d'Or - 21-2025-12-18-00010 - Arr\u00eat\u00e9 n\u00b015 Nominatif des correspondants de l'action sociale ( CAS ) du 18/12/2025 28","date":"2026-01-05","first_seen_on":"2026-01-05T17:14:26+00:00","id":"df600d9ba02727ce6da07e4a6f270c514d3fc64505ffeb5c9e0d9871fdc99267","name":"RAA n\u00b0 002 du 05 janvier 2026","pdf_creation_date":"2026-01-05T15:16:28+00:00","pdf_modification_date":null,"timezone":"Europe/Paris","url":"https://www.cote-dor.gouv.fr/contenu/telechargement/25360/194035/file/recueil-21-2026-002-recueil-des-actes-administratifs-special.pdf"}
