{"administration":"pref92","administration_name":"Pr\u00e9fecture des Hauts-de-Seine","content":"=mPREFETDES HAUTS-DE-SEINELibert\u00e9Egalit\u00e9Fraternit\u00e9\nRECUEILDESACTES ADMINISTRATIFSPR\u00c9FECTURE DE POLICE\nN\u00b0 Sp\u00e9cial 20 octobre 20251\n \n \n\nPREFET DES HAUTS-DE-SEINERECUEIL DES ACTES ADMINISTRATIFSN\u00b0 Sp\u00e9cial Pr\u00e9fecture de Police du 20 octobre 2025SOMMAIREArr\u00e9t\u00e9s Date PREFECTURE DE POLICE PagesArr\u00eat\u00e9 accordant d\u00e9l\u00e9gation de lasignature pr\u00e9fectorale relative \u00e0 laPP d\u00e9signation de certains agents autoris\u00e9s \u00e0o 20.10.2025 | visionner les images et enregistrements 3n\u00b02025-01342 :; , ay ,issus des cam\u00e9ras de vid\u00e9oprotectionimplant\u00e9es dans les locaux de lapr\u00e9fecture de policeArr\u00eat\u00e9 accordant d\u00e9l\u00e9gation de laPP signature pr\u00e9fectorale \u00e0 la pr\u00e9fete22025-01343 20.10.2025 d\u00e9l\u00e9gu\u00e9e \u00e0 l'immigration et aux agents 5affect\u00e9s au sein de la d\u00e9l\u00e9gation \u00e0l'immigrationArr\u00eat\u00e9 portant d\u00e9l\u00e9gation de signature auxPP 20102025 | agents assurant une permanence au 12n\u00b02025-01344bureau de la lutte contre l'immigrationirr\u00e9guli\u00e8re\n \n\n==PREFECTURE aP.DE POLICE a\nLibert\u00e9\nEgalit\u00e9Fraternit\u00e9\nCabinet du pr\u00e9fet\narr\u00e9t\u00e9 n\u00b0 2025-01342accordant d\u00e9l\u00e9gation de la signature pr\u00e9fectorale relative \u00e0 la d\u00e9signation de certains agentsautoris\u00e9s \u00e0 visionner les images et enregistrements issus des cam\u00e9ras de vid\u00e9oprotectionimplant\u00e9es dans les locaux de la pr\u00e9fecture de police.\nLe pr\u00e9fet de police,\nVU le code de la s\u00e9curit\u00e9 int\u00e9rieure et notamment ses articles L. 251-1 \u00e0 L. 255-1 et R. 251-1 \u00e0\nR. 253-4 ;\nVU le d\u00e9cret n\u00b0 2004-374 du 29 avril 2004 modifi\u00e9 relatif aux pouvoirs des pr\u00e9fets, \u00e0l'organisation et \u00e0 l'action des services de l'Etat dans les r\u00e9gions et d\u00e9partements et\nnotamment ses articles 77 et 78;\nVU l'arr\u00eat\u00e9 pr\u00e9fectoral n\u00b0 2009-00641 du 7 ao\u00fbt 2009 modifi\u00e9 relatif \u00e0 l'organisation de la\npr\u00e9fecture de police ;\nVU le d\u00e9cret du 20juillet 2022 par lequel M. Laurent NUNEZ, pr\u00e9fet, coordonnateur nationaldu renseignement et de la lutte contre le terrorisme, est nomm\u00e9 pr\u00e9fet de police (hors\nclasse) ;\nVU le d\u00e9cret du 7 septembre 2022 par lequel Mme Magali CHARBONNEAU, pr\u00e9f\u00e8te,directrice de cabinet du pr\u00e9fet de la r\u00e9gion d'Ile-de-France, pr\u00e9fet de Paris, est nomm\u00e9epr\u00e9f\u00e8te, directrice de cabinet du pr\u00e9fet de police ;\nVU le d\u00e9cret du 12 octobre 2025 relatif \u00e0 la composition du Gouvernement, portantnomination de M. Laurent NUNEZ en qualit\u00e9 de ministre de l'int\u00e9rieur ;\nCONSIDERANT la n\u00e9cessit\u00e9 de prescrire toutes les pr\u00e9cautions utiles quant \u00e0 la qualit\u00e9 despersonnes charg\u00e9es de l'exploitation d'un syst\u00e8me de vid\u00e9oprotection ou visionnant les\nimages issues de ce syst\u00e8me ;\nCONSID\u00c9RANT que M. Laurent NUNEZ est nomm\u00e9 ministre de l'int\u00e9rieur par d\u00e9cret du 12\noctobre 2025 susvis\u00e9 ;\nARRETE\nArticle 1\u00b0\u00b0\nD\u00e9l\u00e9gation est donn\u00e9e \u00e0 la pr\u00e9f\u00e8te, secr\u00e9taire g\u00e9n\u00e9rale de la zone de d\u00e9fense et de s\u00e9curit\u00e9de Paris, au pr\u00e9fet d\u00e9l\u00e9gu\u00e9 pour la s\u00e9curit\u00e9 et la s\u00fbret\u00e9 des plates-formes a\u00e9roportuaires deParis-Charles de Gaulle, du Bourget et de Paris-Orly, \u00e0 la pr\u00e9f\u00e8te d\u00e9l\u00e9gu\u00e9e \u00e0 l'immigration, audirecteur de la police judiciaire, au directeur du renseignement, au directeur de la s\u00e9curit\u00e9 deproximit\u00e9 de l'agglom\u00e9ration parisienne, au directeur de l'ordre public et de la circulation, \u00e0la directrice de l'innovation, de la logistique et des technologies, \u00e0 la directrice des usagers etdes polices administratives et au directeur du laboratoire central, \u00e0 l'effet de signer, au nom\n\ndu pr\u00e9fet de police, les actes portant d\u00e9signation des agents autoris\u00e9s \u00e0 acc\u00e9der, pour lesbesoins exclusifs de leurs missions, aux images et enregistrements provenant des cam\u00e9rasautoris\u00e9es par arr\u00eat\u00e9s pr\u00e9fectoraux et implant\u00e9es au sein de leurs locaux.\nArticle 2\nLa pr\u00e9f\u00e8te, secr\u00e9taire g\u00e9n\u00e9rale de la zone de d\u00e9fense et de s\u00e9curit\u00e9 de Paris, le pr\u00e9fet d\u00e9l\u00e9gu\u00e9pour la s\u00e9curit\u00e9 et la s\u00fbret\u00e9 des plates-formes a\u00e9roportuaires de Paris-Charles de Gaulle, duBourget et de Paris-Orly, la pr\u00e9f\u00e8te d\u00e9l\u00e9gu\u00e9e \u00e0 l'immigration, le directeur de la policejudiciaire, le directeur du renseignement, le directeur de la s\u00e9curit\u00e9 de proximit\u00e9 del'agglom\u00e9ration parisienne, le directeur de l'ordre public et de la circulation, la directrice del'innovation, de la logistique et des technologies, la directrice des usagers et des policesadministratives et le directeur du laboratoire central, sont charg\u00e9s de l'ex\u00e9cution du pr\u00e9sentarr\u00eat\u00e9 qui sera publi\u00e9 aux recueils des actes administratifs des d\u00e9partements des pr\u00e9fecturesde la zone de d\u00e9fense et de s\u00e9curit\u00e9 de Paris et affich\u00e9 aux portes de la pr\u00e9fecture de police.Cet arr\u00eat\u00e9 entre en vigueur imm\u00e9diatement.\nFait\u00e0 Paris, le 20 OCT. 2025\nLa pr\u00e9f\u00e8te, directrice de cabinet,charg\u00e9e de l'int\u00e9rim des fonctions de pr\u00e9fet de police\nMagali CHARBONNEAU\n2025-01342\n\nExPREFECTURE apDE POLICE a\nLibert\u00e9Egalit\u00e9Fraternit\u00e9\nCabinet du pr\u00e9fet\narr\u00eat\u00e9 n\u00b0 2025-01343accordant d\u00e9l\u00e9gation de la signature pr\u00e9fectorale \u00e0 la pr\u00e9f\u00e8te d\u00e9l\u00e9gu\u00e9e \u00e0 l'immigrationet aux agents affect\u00e9s au sein de la d\u00e9l\u00e9gation \u00e0 l'immigration\nLe pr\u00e9fet de police,\nVU le code de l'entr\u00e9e et du s\u00e9jour des \u00e9trangers et du droit d'asile, notamment ses articles R* 122-1 et\nR*122-4;\nVU le d\u00e9cret n\u00b0 93-1362 du 30 d\u00e9cembre 1993 modifi\u00e9 relatif aux d\u00e9clarations de nationalit\u00e9, auxd\u00e9cisions de naturalisation, de r\u00e9int\u00e9gration, de perte, de d\u00e9ch\u00e9ance et de retrait de la nationalit\u00e9\nfran\u00e7aise;\nVU le d\u00e9cret n\u00b0 94-415 du 24 mai 1994 modifi\u00e9 portant dispositions statutaires relatives aux personnelsdes administrations parisiennes, et notamment son article 14;\nVU le d\u00e9cret n\u00b0 2004-374 du 29 avril 2004 modifi\u00e9 relatif aux pouvoirs des pr\u00e9fets, \u00e0 l'organisation et \u00e0l'action des services de l'\u00c9tat dans les r\u00e9gions et d\u00e9partements, notamment ses articles 17, 73-3, 77 et\n78 ;\nVU le d\u00e9cret n\u00b0 2006-1780 du 23 d\u00e9cembre 2006 modifi\u00e9 portant d\u00e9l\u00e9gation de pouvoir en mati\u00e8re derecrutement et de gestion de certains personnels relevant du minist\u00e8re de l'int\u00e9rieur;\nVU le d\u00e9cret n\u00b0 2010-655 du 11 juin 2010 modifi\u00e9 relatif au pr\u00e9fet d\u00e9l\u00e9gu\u00e9 pour la s\u00e9curit\u00e9 et la s\u00fbret\u00e9des plates-formes a\u00e9roportuaires de Roissy-Charles-de-Gaulle et du Bourget, notamment son\narticle 1\u00b0 ;\nVU le d\u00e9cret n\u00b0 2021-480 du 21 avril 2021 relatif \u00e0 l'organisation de l'entr\u00e9e et du s\u00e9jour des \u00e9trangerset de l'asile dans les d\u00e9partements de l'Essonne, des Hauts-de-Seine, de Paris, de la Seine-et-Marne, dela Seine-Saint-Denis, du Val-de-Marne, du Val-d'Oise et des Yvelines, notamment son article 2 ;\nVU le d\u00e9cret n\u00b0 2021-481 du 21 avril 2021 relatif au pr\u00e9fet d\u00e9l\u00e9gu\u00e9 \u00e0 l'immigration aupr\u00e8s du pr\u00e9fet depolice et \u00e0 l'organisation de la police aux fronti\u00e8res dans les d\u00e9partements de l'Essonne, de la Seine-et-Marne, du Val-d'Oise et des Yvelines ainsi que sur les emprises des a\u00e9roports de Paris-Charles-de-Gaulle,du Bourget et de Paris-Orly, notamment son article 1\u00b0;\nVU le d\u00e9cret n\u00b0 2021-482 du 21 avril 2021 pris pour la mise en ceuvre des comp\u00e9tences du pr\u00e9fetd\u00e9l\u00e9gu\u00e9 \u00e0 l'immigration aupr\u00e8s du pr\u00e9fet de police et de l'organisation de la police aux fronti\u00e8res dansles d\u00e9partements de l'Essonne, de la Seine-et-Marne, du Val d'Oise et des Yvelines ainsi que sur lesemprises des a\u00e9roports de Paris-Charles-de-Gaulle, du Bourget et de Paris-Orly ;\nVU l'arr\u00eat\u00e9 pr\u00e9fectoral n\u00b0 2009-00641 du 7 ao\u00fbt 2009 modifi\u00e9 relatif \u00e0 l'organisation de la pr\u00e9fecture de\npolice ;\nVU l'arr\u00eat\u00e9 pr\u00e9fectoral n\u00b0 2023-01288 du 23 octobre 2023 relatif au pr\u00e9fet d\u00e9l\u00e9gu\u00e9 \u00e0 l'immigration etaux services de la pr\u00e9fecture de police plac\u00e9s sous sa direction pour l'exercice de ses attributions;\nVU le d\u00e9cret du 20 juillet 2022 par lequel M. Laurent NUNEZ, pr\u00e9fet, coordonnateur national durenseignement et de la lutte contre le terrorisme, est nomm\u00e9 pr\u00e9fet de police (hors classe) ;\nVU le d\u00e9cret du 7 septembre 2022 par lequel Mme Magali CHARBONNEAU, pr\u00e9f\u00e8te, directrice decabinet du pr\u00e9fet de la r\u00e9gion d'Ile-de-France, pr\u00e9fet de Paris, est nomm\u00e9e pr\u00e9f\u00e8te, directrice de\ncabinet du pr\u00e9fet de police ;\n\nVU le d\u00e9cret du 13 juillet 2023 par lequel Mme Mireille LARREDE, pr\u00e9f\u00e8te du Lot, est nomm\u00e9e pr\u00e9f\u00e8ted\u00e9l\u00e9gu\u00e9e \u00e0 l'immigration aupr\u00e8s du pr\u00e9fet de police, \u00e0 compter du 21 ao\u00fbt 2023;\nVU le d\u00e9cret du 12 octobre 2025 relatif \u00e0 la composition du Gouvernement, portant nomination de\nM. Laurent NUNEZ en qualit\u00e9 de ministre de l'int\u00e9rieur;\nVU l'arr\u00eat\u00e9 du 12 janvier 2023 par lequel M. Jean-Daniel MONTET-JOURDRAN, administrateur de l'Etatdu deuxi\u00e8me grade, est nomm\u00e9 sous-directeur du s\u00e9jour et de l'acc\u00e8s \u00e0 la nationalit\u00e9 au sein du servicede l'administration des \u00e9trangers \u00e0 la d\u00e9l\u00e9gation \u00e0 l'immigration de la pr\u00e9fecture de police ;\nCONSID\u00c9RANT que M. Laurent NUNEZ est nomm\u00e9 ministre de l'int\u00e9rieur par d\u00e9cret du 12 octobre\n2025 susvis\u00e9 ;\nARR\u00caTE\nArticle 1*\nD\u00e9l\u00e9gation de signature est donn\u00e9e \u00e0 Mme Mireille LARREDE, pr\u00e9f\u00e8te d\u00e9l\u00e9gu\u00e9e \u00e0 l'immigration, \u00e0 l'effetde signer, au nom du pr\u00e9fet de police, tous actes, arr\u00eat\u00e9s, d\u00e9cisions et pi\u00e8ces comptables n\u00e9cessaires \u00e0l'exercice des missions fix\u00e9es par les articles R*122-1 et R* 122-4 du code de l'entr\u00e9e et du s\u00e9jour des\u00e9trangers et du droit d'asile, 73-3 du d\u00e9cret du 29 avril 2004 susvis\u00e9 et 1* du d\u00e9cret n\u00b0 2021-481 du21 avril 2021 susvis\u00e9 et l'arr\u00eat\u00e9 du 23 octobre 2023 susvis\u00e9, ainsi que les d\u00e9cisions individuelles relatives\u00e0 l'octroi des cong\u00e9s annuels et de maladie ordinaire des personnels relevant de son autorit\u00e9.\nMme Mireille LARR\u00c8DE re\u00e7oit d\u00e9l\u00e9gation pour signer, au nom du pr\u00e9fet de police, les arr\u00eat\u00e9sd'avertissement et de blame inflig\u00e9s aux personnels administratifs, techniques, scientifiques et\nsp\u00e9cialis\u00e9s plac\u00e9s sous sa responsabilit\u00e9.\nArticle 2\nEn cas d'absence ou d'emp\u00e9chement de Mme Mireille LARREDE, la d\u00e9l\u00e9gation qui lui est consentie \u00e0l'article 1 est exerc\u00e9e, dans la limite de ses attributions, par Mme St\u00e9phanie MARTIN-HUGUET,commissaire divisionnaire de police, directrice de cabinet.\nArticle 3\nEn cas d'absence ou d'emp\u00e9chement de Mme Mireille LARREDE, la d\u00e9l\u00e9gation qui {ui est consentie estexerc\u00e9e, dans la limite de leurs attributions respectives, par :\n- M. Jean-Daniel MONTET-JOURDRAN, administrateur de Etat hors classe, sous-directeur dus\u00e9jour et de l'acc\u00e8s \u00e0 la nationalit\u00e9 ;\n- M. Xavier LUQUET, administrateur de l'\u00c9tat, chef du d\u00e9partement zonal de l'asile et de\nl'\u00e9loignement ;\n- M. Rodolphe WILS, attach\u00e9 d'administration hors classe de l'Etat, chef du d\u00e9partement desressources, de la modernisation et du soutien juridique.\nArticle 4\nEn cas d'absence ou d'emp\u00eachement de Mme St\u00e9phanie MARTIN-HUGUET, la d\u00e9l\u00e9gation qui lui estconsentie est exerc\u00e9e, dans la limite de ses attributions, par M. Jean-Baptiste BRUNET, attach\u00e9d'administration de l'Etat, chef de la section des affaires g\u00e9n\u00e9rales.\nArticle5\nEn cas d'absence ou d'emp\u00eachement de M. Jean-Baptiste BRUNET, la d\u00e9l\u00e9gation qui lui est consentieest exerc\u00e9e, dans la limite de ses attributions, par Mme Anne-Claire BEISSAT, attach\u00e9e d'administrationde l'Etat, adjointe au chef de la section des affaires g\u00e9n\u00e9rales.\n2025-01343\n\nArticle6\nEn cas d'absence ou d'emp\u00eachement de M. Jean-Daniel MONTET-JOURDRAN, la d\u00e9l\u00e9gation qui lui estconsentie est exerc\u00e9e, dans la limite de leurs attributions respectives, par :\n-__ Mme Florence CARTON, conseill\u00e8re d'administration de l'int\u00e9rieur et de l'outre-mer, cheffe dup\u00f4le de l'instruction des demandes de titres de s\u00e9jour ;\n___ Mme Camille MALINGE, conseill\u00e8re d'administration de l'int\u00e9rieur et de l'outre-mer, cheffe du\np\u00f4le de la relation et du service \u00e0 l'usager ;\n- M, Christian HAUSMANN, conseiller d'administration de l'int\u00e9rieur et de l'outre-mer, chef du\np\u00f4le de l'acc\u00e8s \u00e0 la nationalit\u00e9.\nArticle 7\nEn cas d'absence ou d'emp\u00eachement de Mme Florence CARTON, la d\u00e9l\u00e9gation qui lui est consentie estexerc\u00e9e, dans la limite de ses attributions, par M. Fran\u00e7ois LEMATRE, attach\u00e9 d'administration horsclasse de l'Etat, directement plac\u00e9 sous son autorit\u00e9.\nArticle 8\nEn cas d'absence ou d'emp\u00eachement de Mme Florence CARTON et de M, Fran\u00e7ois LEMATRE, lad\u00e9l\u00e9gation qui leur est consentie est exerc\u00e9e, dans la limite de leurs attributions respectives, par :\n- M. Ludovic VAGUENER, attach\u00e9 principal d'administration de l'\u00c9tat, chef de la division de\nl'immigration professionnelle et \u00e9tudiante ;\n- Mme Zohra BNOURRIF, attach\u00e9e d'administration de l'\u00c9tat, cheffe de la division de l'immigration\nfamiliale ;\n- Mme Lucie MONTOY, attach\u00e9e d'administration de l'Etat, cheffe de la division de l'admissionexceptionnelle au s\u00e9jour et de l'actualisation des situations administratives et de voyage ;\n- Mme Carole LAMBERET, attach\u00e9e principale d'administration de l'Etat, cheffe de la division de la\nr\u00e9daction et des examens sp\u00e9cialis\u00e9s.\nArticle 9\nEn cas d'absence ov d'emp\u00eachement de M. Ludovic VAGUENER, la d\u00e9l\u00e9gation qui lui est consentie estexerc\u00e9e, dans la limite de ses attributions, par Mme Nina MARENCO-ROCHHIA, attach\u00e9ed'administration de l'\u00c9tat, directement plac\u00e9e sous son autorit\u00e9.\nArticle 10\nEn cas d'absence ou d'emp\u00e9chement de Mme Zohra BNOURRIF, la d\u00e9l\u00e9gation qui lui est consentie estexerc\u00e9e, dans la limite de ses attributions, par Mme Christine COULAIS, attach\u00e9e d'administration del'Etat, directement plac\u00e9e sous son autorit\u00e9, et dans la limite de leurs attributions respectives, par MmeFatiha BEKKA, secr\u00e9taire administrative de classe normale, cheffe de la section vie priv\u00e9e et familiale,ou en cas d'emp\u00eachement de Mme Fatiha BEKKA, par Mme A\u00efcha BEKKAR, secr\u00e9taire administrativede classe exceptionnelle, son adjointe, pour signer les d\u00e9cisions relatives au regroupement familial.\nArticle 11\nEn cas d'absence ou d'emp\u00eachement de Mme Lucie MONTOY, la d\u00e9l\u00e9gation qui lui est consentie estexerc\u00e9e, dans la limite de ses attributions, par Mme V\u00e9ronique DE MATOS, secr\u00e9taire administrative declasse exceptionnelle, directement plac\u00e9e sous son autorit\u00e9.\nEn cas d'absence ou d'emp\u00eachement de Mme Lucie MONTOY et de Mme V\u00e9ronique DE MATOS, lad\u00e9l\u00e9gation qui leur est consentie est exerc\u00e9e, dans la limite de ses attributions par M. Johnathan SE,secr\u00e9taire administratif de classe normale, chef de la section actualisation des situationsadministratives et de voyage, ou, en cas d'absence ou d'emp\u00eachement de M. Johnathan SE, par MmeMonique VERIN, adjointe administrative principale de 1** classe et par M. R\u00e9gis FAUCONNIER, adjoint\n2025-01343\n\nadministratif principal de 1% classe, directement plac\u00e9s sous son autorit\u00e9, pour signer les classementssans suite et les lettres d'incompl\u00e9tude relatifs aux demandes de renouvellement des cartes de r\u00e9sident\net des certificats de r\u00e9sidence pour alg\u00e9rien de 10 ans.\nArticle 12\nEn cas d'absence ou d'emp\u00e9chement de Mme Carole LAMBERET, la d\u00e9l\u00e9gation qui lui est consentie estexerc\u00e9e par Mme Alicia MIGUEL, attach\u00e9e d'administration de l'Etat, adjointe \u00e0 la cheffe de la divisionde la r\u00e9daction et des examens sp\u00e9cialis\u00e9s, et dans la limite de leurs attributions respectives, par :\n- Mme Laurence JADOUI, secr\u00e9taire administrative de classe normale, cheffe de la sectionr\u00e9daction, ou en cas d'emp\u00eachement de Mme Laurence JADOUI, par Mme Nabila BEN AZOUN,secr\u00e9taire administrative de classe normale, adjointe \u00e0 la cheffe de la section r\u00e9daction et parMme No\u00e9line ETCHEBERRY, secr\u00e9taire administrative de classe normale, adjointe \u00e0 la cheffe de la\nsection r\u00e9daction, pour signer les actes suivants :\no d\u00e9cisions de refus de s\u00e9jour;\n\u00a9 courriers d'instruction relatifs aux demandes de titre de s\u00e9jour des ressortissants\n\u00e9trangers;\n\u00a9 d\u00e9cisions relatives au regroupement familial;\n\u00a9 courriers d'instruction relatifs aux demandes d\u00e9pos\u00e9es par les mineurs et jeunesmajeurs isol\u00e9s \u00e9trangers confi\u00e9s \u00e0 l'Aide sociale \u00e0 l'enfance.\n- Mme M\u00e9lanie GRASA, secr\u00e9taire administrative de classe normale, cheffe de la sectioncommission des titres s\u00e9jour et ordre public, ou en cas d'emp\u00e9chement de Mme M\u00e9lanie GRASA,par Mme Brigitte DUPONT, secr\u00e9taire administrative de classe normale, adjointe \u00e0 la cheffe de lasection commission des titres s\u00e9jour et ordre public, pour signer les actes suivants :\no d\u00e9cisions de refus de s\u00e9jour pour motif d'ordre public ;\n\u00a9 courriers d'instruction relatifs aux dossiers devant faire l'objet d'un passage devant la\ncommission du titre de s\u00e9jour ;\n\u00a9 courriers d'instruction relatifs aux demandes de titre d\u00e9pos\u00e9es sur le fondement desarticles L. 423-5, L. 423-18 et L. 425-1 et suivants du code de l'entr\u00e9e et du s\u00e9jour des\n\u00e9trangers et du droit d'asile.\nArticle13\nEn cas d'absence ou d'emp\u00e9chement de Mme Camille MALINGE, conseill\u00e8re d'administration del'int\u00e9rieur et de l'outre-mer, cheffe du p\u00f4le de la relation et du service \u00e0 l'usager, la d\u00e9l\u00e9gation qui lui estconsentie est exerc\u00e9e, dans la limite de ses attributions, par Mme Anne-Val\u00e9rie LAUGIER, attach\u00e9eprincipale d'administration de l'\u00c9tat, adjointe \u00e0 la cheffe du p\u00f4le de la relation et du service \u00e0 l'usager,\ndirectement plac\u00e9e sous son autorit\u00e9.\nArticle 14\nEn cas d'absence ou d'emp\u00e9chement de Mme Camille MALINGE, conseill\u00e8re d'administration del'int\u00e9rieur et de l'outre-mer, cheffe du p\u00f4le de la relation et du service \u00e0 l'usager et de Mme Anne-Val\u00e9rie LAUGIER, attach\u00e9e principale d'administration de l'\u00c9tat, adjointe au chef du p\u00f4le de la relationet du service \u00e0 l'usager, la d\u00e9l\u00e9gation qui leur est consentie est exerc\u00e9e, dans la limite de leurs\nattributions respectives, par :\n- Mme V\u00e9ronique CANOPE, attach\u00e9e principale d'administration de l'\u00c9tat, cheffe de la division de\nla r\u00e9ception des usagers;\n- M. Landry VARANDA, attach\u00e9 d'administration de l'Etat, chef de la division de\nl'accompagnement des usagers.\n2025-01343\n\nArticle 15\nEn cas d'absence ou d'emp\u00e9chement de Mme V\u00e9ronique CANOPE, la d\u00e9l\u00e9gation qui lui est consentieest exerc\u00e9e, dans la limite de ses attributions, par Mme Christine MILLET, secr\u00e9taire administrative declasse exceptionnelle, directement plac\u00e9e sous son autorit\u00e9.\nArticle 16\nEn cas d'absence ou d'emp\u00eachement de M. Landry VARANDA,la d\u00e9l\u00e9gation qui lui est consentie estexerc\u00e9e, dans la limite de ses attributions, par M. Fabien LANO\u00cbLLE, secr\u00e9taire administratif de classe\nexceptionnelle, directement plac\u00e9 sous son autorit\u00e9.\nArticle 17\nEn cas d'absence ou d'emp&chement de M. Christian HAUSMANN, la d\u00e9l\u00e9gation qui lui est consentieest exerc\u00e9e, dans la limite de leurs attributions respectives, par Mme Adeline BRAUX, attach\u00e9eprincipale d'administration de l'\u00c9tat, et Mme Sophie GLEIZON, attach\u00e9e d'administration de l'\u00c9tat,\ndirectement plac\u00e9es sous son autorit\u00e9.\nEn cas d'absence ou d'emp\u00e9chement de M. Christian HAUSMANN, de Mme Adeline BRAUX et de MmeSophie GLEIZON, la d\u00e9l\u00e9gation qui leur est consentie est exerc\u00e9e, dans la limite de leurs attributions\nrespectives, par:\n- Madame Sarah-Laure KUTEK, attach\u00e9e principale d'administration de l'Etat, cheffe de la sectionde l'instruction, et Mme Catherine KATZENSTEIN, attach\u00e9e d'administration de l'Etat, cheffe dela section des dossiers signal\u00e9s et de la correspondance, pour signer les actes suivants :\no les d\u00e9cisions de classement sans suite, d'irrecevabilit\u00e9, d'ajournement et de rejet oppos\u00e9esaux demandes de naturalisation et de r\u00e9int\u00e9gration;\n\u00a9 les propositions favorables de naturalisation et de r\u00e9int\u00e9gration ainsi que les avisd\u00e9favorables \u00e0 l'enregistrement des d\u00e9clarations souscrites en application des articles 21-2,\n2113-1 et 21-13-2 du code civil;\no les d\u00e9cisions d'enregistrement des d\u00e9clarations susvis\u00e9es ainsi que les d\u00e9cisions declassement sans suite oppos\u00e9es aux d\u00e9clarants;\n\u00a9 les courriers de retour des dossiers de demandes d'acquisition de la nationalit\u00e9 fran\u00e7aise pard\u00e9claration, lorsque le dossier s'av\u00e9re incomplet.\n- Mme Ingrid BRIGITTE, secr\u00e9taire administrative de classe sup\u00e9rieure, adjointe \u00e0 la cheffe de lasection de l'instruction, Mme Rosalie PERONET, secr\u00e9taire administrative de classe normale,adjointe \u00e0 la cheffe de la section Instruction, Mme Taous ALLOUACHE, secr\u00e9taire administrativede classe sup\u00e9rieure, adjointe \u00e0 la cheffe de la section charg\u00e9e des dossiers signal\u00e9s et de lacorrespondance, Mme Nora BELBACHIR, secr\u00e9taire administrative de classe exceptionnelle,cheffe de la section de la pr\u00e9-instruction et des c\u00e9r\u00e9monies, Mme Fany PIERRE, secr\u00e9taireadministrative de classe normale, adjointe \u00e0 la cheffe de la section de la pr\u00e9-instruction et desc\u00e9r\u00e9monies, Mme Marie-France LAUCOURT, adjointe administrative principale de 1** classe,adjointe \u00e0 la cheffe de la section de la pr\u00e9-instruction et des c\u00e9r\u00e9monies et Mme V\u00e9roniqueSAGOT, secr\u00e9taire administrative de classe normale, gestionnaire de l'attribution des dossiers etde l'interface avec les services d'enqu\u00eate, pour signer les courriers de retour des dossiers dedemandes d'acquisition de la nationalit\u00e9 fran\u00e7aise par d\u00e9claration, lorsque te dossier s'av\u00e8re\nincomplet ;\n- Mme Nora BELBACHIR, secr\u00e9taire administrative de classe exceptionnelle, cheffe de la sectionde la pr\u00e9-instruction et des c\u00e9r\u00e9monies, Mme Fany PIERRE, secr\u00e9taire administrative de classenormale, adjointe \u00e0 la cheffe de la section de la pr\u00e9-instruction et des c\u00e9r\u00e9monies, Mme Marie-France LAUCOURT, adjointe administrative principale de 1#* classe, adjointe \u00e0 la cheffe de lasection de la pr\u00e9-instruction et des c\u00e9r\u00e9monies, Mme V\u00e9ronique SAGOT, secr\u00e9taireadministrative de classe normale, gestionnaire de l'attribution des dossiers et de l'interface avecles services d'enqu\u00eate, Mme Ingrid BRIGITTE, secr\u00e9taire administrative de classe sup\u00e9rieure,adjointe \u00e0 la cheffe de la section de l'instruction, Mme Rosalie PERONET, secr\u00e9taire\n2025-01343\n\nadministrative de classe normale, adjointe \u00e0 la cheffe de la section Instruction, et par MmeTaous ALLOUACHE, secr\u00e9taire administrative de classe sup\u00e9rieure, adjointe \u00e0 la cheffe de lasection des dossiers signal\u00e9s et de la correspondance, au titre de l'utilisation du t\u00e9l\u00e9service deprise en charge des demandes d'acquisition de nationalit\u00e9 (NATALI), pour valider et signer lesd\u00e9cisions de classement sans suite au stade de la v\u00e9rification formelle et au stade del'instruction ainsi que les d\u00e9cisions dans le cadre des recours gracieux form\u00e9s contre ces\nclassements sans suite.\nArticle 18\nEn cas d'absence ou d'emp\u00e9chement de M. Xavier LUQUET, la d\u00e9l\u00e9gation qui lui est consentie est\nexerc\u00e9e, dans la limite de leurs attributions respectives, par :\nM. S\u00e9lim UCKUN, conseiller d'administration de l'int\u00e9rieur et de l'outre-mer, chef du bureau de lalutte contre l'immigration irr\u00e9guli\u00e8re, pour tous actes, arr\u00eat\u00e9s, d\u00e9cisions et pi\u00e8ces comptablesn\u00e9cessaires \u00e0 l'exercice des missions d\u00e9finies \u00e0 l'article 22 de l'arr\u00eat\u00e9 du 23 octobre 2023 susvis\u00e9 ;\nM. Youssef BERQOUQI, conseiller d'administration de l'int\u00e9rieur et de l'outre-mer, chef du bureaude l'accueil de la demande d'asile, pour tous actes, arr\u00eat\u00e9s, d\u00e9cisions et pi\u00e8ces comptablesn\u00e9cessaires \u00e0 l'exercice des missions d\u00e9finies \u00e0 l'article 23 de l'arr\u00eat\u00e9 du 23 octobre 2023 susvis\u00e9.\nArticle 19\nEn cas d'absence o\u00f9 d'emp\u00eachement de M. S\u00e9lim UCKUN, la d\u00e9l\u00e9gation qui lui est consentie estexerc\u00e9e, dans la limite de leurs attributions respectives, par Mmes Koudedja FOFANA, BlandineAGEORGES, C\u00e9line SIMEON, Toymina SOULA, France BECK, et Ihsame FRAN\u00c7OIS, attach\u00e9esd'administration de l'\u00c9tat, ainsi que MM. Charles THURIES, Cl\u00e9ment COSTARD et Pierre MATHIEU,attach\u00e9s d'administration de l'\u00c9tat, directement plac\u00e9s sous son autorit\u00e9.\nArticle 20\nEn cas d'absence ou d'emp\u00e9chement de M. Youssef BERQOUQ|, la d\u00e9l\u00e9gation qui lui est consentie est\nexerc\u00e9e, dans la limite de leurs attributions respectives, par :\nMme Jos\u00e9pha DAUTREY, attach\u00e9e principale d'administration de l'\u00c9tat, adjointe au chef du\nbureau de l'accueil de la demande d'asile;\nMme Caroline TASSEL, attach\u00e9e d'administration hors classe de l'\u00c9tat, adjointe au chef du\nbureau de l'accueil de la demande d'asile;\nMme Regina MONFORT, attach\u00e9e d'administration de Etat, cheffe du p\u00f4le asile;\nMme Pascale AUBRY, attach\u00e9e d'administration de l'\u00c9tat, cheffe du p\u00f4le interd\u00e9partemental\nDublin.\nArticle 21\nEn cas d'absence ou d'emp\u00e9chement de M. Rodolphe WILS, re\u00e7oivent d\u00e9l\u00e9gation \u00e0 l'effet de signertous actes, arr\u00eat\u00e9s, d\u00e9cisions et pi\u00e8ces comptables, dans la limite de leurs attributions respectives :\nMme Marie-Caroline SAILLY, attach\u00e9e principale d'administration de l'\u00c9tat, cheffe du bureau des\nrelations et des ressources humaines ;\nM. Damien ROUX, attach\u00e9 principal d'administration de l'\u00c9tat, chef du bureau des affaires\nfinanci\u00e8res, immobili\u00e8res et logistiques;\nMme Sylvia VITERITTI, ing\u00e9nieure hors classe des syst\u00e8mes d'information et de communication,cheffe du bureau de l'accompagnement et de la transformation num\u00e9riques;\nMme Farah RAHMOUN, attach\u00e9e principale d'administration de l'Etat, cheffe du bureau du\nsoutien juridique et du contentieux.\n2025-01343\n\nArticle 22\nEn cas d'absence ou d'emp\u00e9chement de Mme Marie-Caroline SAILLY, la d\u00e9l\u00e9gation qui lui est consentieest exerc\u00e9e, dans la limite de ses attributions, par Mme Ga\u00eblle LUPION, attach\u00e9e d'administration del'\u00c9tat, directement plac\u00e9e sous son autorit\u00e9.\nArticle23\nEn cas d'absence ou d'emp\u00eachement de Mme Farah RAHMOUN, la d\u00e9l\u00e9gation qui lui est consentie estexerc\u00e9e, dans la limite de leurs attributions respectives, par M.Philippe MARTIN, attach\u00e9 principald'administration de l'\u00c9tat, et par Am\u00e9lie CHANSON, attach\u00e9e d'administration de l'\u00c9tat, directement\nplac\u00e9s sous son autorit\u00e9.\nEn cas d'absence ou d'emp\u00eachement de Mme Farah RAHMOUN, de M. Philippe MARTIN et d'Am\u00e9lieCHANSON, la d\u00e9l\u00e9gation qui leur est consentie est exerc\u00e9e, dans la limite de ses attributions, par M.Yannick ALLAIN, secr\u00e9taire administratif de classe exceptionnelle.\nArticle 24\nLa pr\u00e9f\u00e8te d\u00e9l\u00e9gu\u00e9e \u00e0 l'immigration est charg\u00e9e de l'ex\u00e9cution du pr\u00e9sent arr\u00eat\u00e9 qui sera publi\u00e9 auxrecueils des actes administratifs des pr\u00e9fectures de la zone de d\u00e9fense et de s\u00e9curit\u00e9 de Paris.\nFait \u00e0 Paris le 20 OCT. 2025\nLa pr\u00e9f\u00e8te, directrice de cabinet,charg\u00e9e de l'int\u00e9rim des fonctions de pr\u00e9fet de police\nMagali CHARBONNEAU\n2025-01543\n\nPREFECTURE ap Cabinet du pr\u00e9fetDE POLICE @\noes ae. 2025-01344arr\u00eat\u00e9n\nportant d\u00e9l\u00e9gation de signature aux agents assurant une permanence au bureau de la lutte contre\nl'immigration irr\u00e9guli\u00e8re\nLe pr\u00e9fet de police,\nVU le code de l'entr\u00e9e et du s\u00e9jour des \u00e9trangers et du droit d'asile, notamment ses articles R* 122-1 et\nR*122-4;\nVU le code dejustice administrative ;\nVU le d\u00e9cret n\u00b0 94-415 du 24 mai 1994 modifi\u00e9 portant dispositions statutaires relatives aux personnelsdes administrations parisiennes, et notamment son article 14 ;\nVU le d\u00e9cret n\u00b0 2004-374 du 29 avril 2004 modifi\u00e9 relatif aux pouvoirs des pr\u00e9fets, \u00e0 l'organisation et \u00e0l'action des services de l'\u00c9tat dans les r\u00e9gions et d\u00e9partements, notamment ses articles 17, 73-3, 77 et\n78 ;\nVU le d\u00e9cret n\u00b0 2006-1780 du 23 d\u00e9cembre 2006 modifi\u00e9 portant d\u00e9l\u00e9gation de pouvoir en mati\u00e8re derecrutement et de gestion de certains personnels relevant du minist\u00e8re de l'int\u00e9rieur;\nVU le d\u00e9cret n\u00b0 2010-655 du 11 juin 2010 modifi\u00e9 relatif au pr\u00e9fet d\u00e9l\u00e9gu\u00e9 pour la s\u00e9curit\u00e9 et la s\u00fbret\u00e9des plates-formes a\u00e9roportuaires de Roissy-Charles-de-Gaulle et du Bourget, notamment son\narticle 1% ;\nVU le d\u00e9cret n\u00b0 2021-480 du 21 avril 2021 relatif \u00e0 l'organisation de l'entr\u00e9e et du s\u00e9jour des \u00e9trangerset de l'asile dans les d\u00e9partements de l'Essonne, des Hauts-de-Seine, de Paris, de la Seine-et-Marne, dela Seine-Saint-Denis, du Val-de-Marne, du Val-d'Oise et des Yvelines, notamment son article 2;\nVU le d\u00e9cret n\u00b0 2021-481 du 21 avril 2021 relatif au pr\u00e9fet d\u00e9l\u00e9gu\u00e9 \u00e0 l'immigration aupr\u00e8s du pr\u00e9fet depolice et \u00e0 l'organisation de la police aux fronti\u00e8res dans les d\u00e9partements de l'Essonne, de la Seine-et-Marne, du Val-d'Oise et des Yvelines ainsi que sur les emprises des a\u00e9roports de Paris-Charles-de-Gaulle,du Bourget et de Paris-Orly, notamment son article 1*;\nVU le d\u00e9cret n\u00b0 2021-482 du 21 avril 2021 pris pour la mise en \u0153uvre des comp\u00e9tences du pr\u00e9fetd\u00e9l\u00e9gu\u00e9 \u00e0 l'immigration aupr\u00e8s du pr\u00e9fet de police et de l'organisation de la police aux fronti\u00e8res dansles d\u00e9partements de l'Essonne, de la Seine-et-Marne, du Val d'Oise et des Yvelines ainsi que sur lesemprises des a\u00e9roports de Paris-Charles-de-Gaulle, du Bourget et de Paris-Orly;\nVU l'arr\u00eat\u00e9 pr\u00e9fectoral n\u00b0 2009-00641 du 7 ao\u00fbt 2009 modifi\u00e9 relatif a l'organisation de la pr\u00e9fecture de\npolice ;\nVU l'arr\u00eat\u00e9 pr\u00e9fectoral n\u00b0 2023-01288 du 23 octobre 2023 relatif au pr\u00e9fet d\u00e9l\u00e9gu\u00e9 \u00e0 l'immigration etaux services de la pr\u00e9fecture de police plac\u00e9s sous sa direction pour l'exercice de ses attributions;\nVU l'arr\u00eat\u00e9 pr\u00e9fectoral n\u00b0 2025-01287 du 13 octobre 2025 accordant d\u00e9l\u00e9gation de la signaturepr\u00e9fectorale \u00e0 la pr\u00e9f\u00e8te d\u00e9l\u00e9gu\u00e9e \u00e0 l'immigration et aux agents affect\u00e9s au sein de la d\u00e9l\u00e9gation \u00e0\nl'immigration ;\nVU le d\u00e9cret du 20 juillet 2022 par lequel M. Laurent NUNEZ, pr\u00e9fet, coordonnateur national durenseignement et de la lutte contre le terrorisme, est nomm\u00e9 pr\u00e9fet de police (hors classe) ;\nVU le d\u00e9cret du 7 septembre 2022 par lequel Mme Magali CHARBONNEAU, pr\u00e9f\u00e8te, directrice de\n\ncabinet du pr\u00e9fet de la r\u00e9gion d'lle-de-France, pr\u00e9fet de Paris, est nomm\u00e9e pr\u00e9f\u00e8te, directrice de\ncabinet du pr\u00e9fet de police;\nVU le d\u00e9cret du 13 juillet 2023 par lequel Mme Mireille LARREDE, pr\u00e9f\u00e8te du Lot, est nomm\u00e9e pr\u00e9f\u00e8ted\u00e9l\u00e9gu\u00e9e \u00e0 l'immigration aupr\u00e8s du pr\u00e9fet de police, \u00e0 compter du 21 ao\u00fbt 2023;\nVU le d\u00e9cret du 12 octobre 2025 relatif \u00e0 la composition du Gouvernement, portant nomination de M.Laurent NUNEZ en qualit\u00e9 de ministre de l'int\u00e9rieur ;\nCONSID\u00c9RANT que M. Laurent NUNEZ est nomm\u00e9 ministre de l'int\u00e9rieur par d\u00e9cret du 12 octobre\n2025 susvis\u00e9 ;\nARR\u00caTE\nArticle 1\u00b0\nDans le cadre des permanences assur\u00e9es au sein du bureau de la lutte contre l'immigration irr\u00e9guli\u00e8re,d\u00e9l\u00e9gation de signature est accord\u00e9e aux agents suivants, affect\u00e9s au sein de la d\u00e9l\u00e9gation \u00e0l'immigration, \u00e0 l'effet de signer, au nom du pr\u00e9fet de police, les arr\u00eat\u00e9s relatifs \u00e0 l'obligation de quitterle territoire fran\u00e7ais, au refus de d\u00e9lai de d\u00e9part volontaire, \u00e0 la fixation du pays de renvoi, \u00e0l'interdiction de retour sur le territoire fran\u00e7ais ainsi que les arr\u00eat\u00e9s portant retrait de ces mesures :\n- Madame Chahinez BOUDJADII, attach\u00e9e d'administration de l'Etat, adjointe \u00e0 la cheffe de lacellule d'appui et de coordination ;\n- Madame Julie DE CARLINI, attach\u00e9e d'administration de l'Etat, adjointe \u00e0 la cheffe de cabinetde la pr\u00e9f\u00e8te d\u00e9l\u00e9gu\u00e9e \u00e0 l'immigration ;\n- Madame Lucie MONTOY, attach\u00e9e d'administration de l'Etat, chef de la division admissionexceptionnelle et actualisation des situations administratives et de voyage ;\n- Madame Farah RAHMOUN, attach\u00e9e principale d'administration, cheffe du bureau du soutienjuridique et du contentieux ;\n- Monsieur Ludovic VAGUENER, attach\u00e9 principal d'administration de l'\u00c9tat, chef de la division del'immigration professionnelle et \u00e9tudiante.\nArticle 2\nLa pr\u00e9f\u00e8te d\u00e9l\u00e9gu\u00e9e \u00e0 l'immigration est charg\u00e9e de l'ex\u00e9cution du pr\u00e9sent arr\u00eat\u00e9 qui sera publi\u00e9 auxrecueils des actes administratifs des pr\u00e9fectures de la zone de d\u00e9fense et de s\u00e9curit\u00e9 de Paris.\nFait \u00e0 Paris le\nLa pr\u00e9f\u00e8te, directrice de cabinet,charg\u00e9e de l'int\u00e9rim des fonctions de pr\u00e9fet de police\nMagali CHARBONNEAU\n2025-01344\n\nRECUEIL DES ACTES ADMINISTRATIFSDUPREFET DES HAUTS-DE-SEINEISSN 0985 - 5955\nPour toute correspondance, s'adresser a:PREFET DES HAUTS-DE-SEINESecr\u00e9tariat g\u00e9n\u00e9ralSecr\u00e9tariat g\u00e9n\u00e9ral aux affaires d\u00e9partementales167/177, Avenue Joliot Curie92013 NANTERRE CEDEX\nLe recueil des actes administratifs est consultable en ligne sur le site de la pr\u00e9fectureAdresse Internet : https://www.hauts-de-seine.gouv.fr/Directeur de la publication :Alexandre BRUGEREPREFET DES HAUTS-DE-SEINE\n14\n \n \n\nPREFECTURE DES HAUTS-DE-SEINE167-177, avenue Joliot Curie 92013 NANTERRE CedexCourriel : sgc-courrier@hauts-de-seine.gouv.frStandard : 01.40.97.20.00 T\u00e9l\u00e9copie 01.40.97.25.21Adresse Internet : https://www.hauts-de-seine.gouv.fr/\n15","date":"2025-10-20","first_seen_on":"2025-10-20T16:53:44+00:00","id":"e098bc312850581a9a91c9660c70b506fec62bf50626a7736266dac558e77705","name":"2025-10-20 RAA sp\u00e9cial Pr\u00e9fecture de Police du 20 octobre 2025","pdf_creation_date":null,"pdf_modification_date":"2025-10-20T15:21:54+00:00","timezone":"Europe/Paris","url":"https://www.hauts-de-seine.gouv.fr/contenu/telechargement/27539/191273/file/2025-10-20%20RAA%20sp%C3%A9cial%20Pr%C3%A9fecture%20de%20Police%20du%2020%20octobre%202025.pdf"}
