{"administration":"pref30","administration_name":"Pr\u00e9fecture du Gard","content":"PR\u00c9FET\nDU GARD\nRECUEIL DES ACTES\nADMINISTRATIFS SP\u00c9CIAL\n(NOMINATIFS)\nN\u00b030-2024-031\nPUBLI\u00c9 LE 16 F\u00c9VRIER 2024\nSommaire\nDirection d\u00e9partementale de l'\u00e9conomie, de l'emploi, du travail et des\nsolidarit\u00e9s  /\n30-2024-02-13-00003 - Arr\u00eat\u00e9 portant classement et s\u00e9lection des\ncandidatures \u00e0 l'agr\u00e9ment en qualit\u00e9 de mandataire judiciaire \u00e0 la\nprotection des majeurs exer\u00e7ant \u00e0 titre individuel (2 pages) Page 3\n30-2024-02-14-00004 - BRUNE Cyril r\u00e9c\u00e9p decl SAP 2024 (2 pages) Page 6\n30-2024-02-14-00003 - CHERON Jennifer r\u00e9c\u00e9p decl SAP 2024 (2 pages) Page 9\n30-2024-02-14-00001 - HERAUD Mickael r\u00e9c\u00e9p decl SAP 2024 (2 pages) Page 12\n30-2024-02-12-00003 - HOROLOMBO Cindy r\u00e9c\u00e9p decl SAP 2024 (2 pages) Page 15\n30-2024-02-12-00002 - MANZANARES Antoine ABROG aband d\u00e9cl (2 pages) Page 18\n30-2024-02-14-00002 - MARTINIERE Arnaud r\u00e9c\u00e9p decl SAP 2024 (2 pages) Page 21\n30-2024-02-12-00004 - PERRIER H\u00e9l\u00e8ne r\u00e9c\u00e9p decl SAP 2024 (2 pages) Page 24\n30-2024-02-14-00005 - VERNET Julien r\u00e9c\u00e9p decl SAP 2024 (2 pages) Page 27\nPrefecture du Gard /\n30-2024-02-13-00001 - AP modifiant AP 30-2019-08-05-001 portant\nnomination du chef du centre de r\u00e9tention administrative de N\u00eemes (Gard)\n(1 page) Page 30\n2\nDirection d\u00e9partementale de l'\u00e9conomie, de\nl'emploi, du travail et des solidarit\u00e9s \n30-2024-02-13-00003\nArr\u00eat\u00e9 portant classement et s\u00e9lection des\ncandidatures \u00e0 l'agr\u00e9ment en qualit\u00e9 de\nmandataire judiciaire \u00e0 la protection des majeurs\nexer\u00e7ant \u00e0 titre individuel\nDirection d\u00e9partementale de l'\u00e9conomie, de l'emploi, du travail et des solidarit\u00e9s  - 30-2024-02-13-00003 - Arr\u00eat\u00e9 portant classement\net s\u00e9lection des candidatures \u00e0 l'agr\u00e9ment en qualit\u00e9 de mandataire judiciaire \u00e0 la protection des majeurs exer\u00e7ant \u00e0 titre individuel 3\n\u00cbI}JE\u00c8IEATRD Direction d\u00e9partementale 'Libort\u00e9 de I'emploi, du travail et des solidarit\u00e9s\u00c9galit\u00e9Fraternit\u00e9\nN\u00eemes, leARR\u00caT\u00c9 PR\u00c9FECTORAL N\u00b0Portant classement et s\u00e9lection des candidatures \u00e0 l'agr\u00e9ment en qualit\u00e9 demandataire judiciaire \u00e0 la protection des majeurs exer\u00e7ant \u00e0 titre individuelLe Pr\u00e9fet du GardChevalier de la L\u00e9gion d'honneurChevalier de l'ordre national du M\u00e9riteVu le code de l'action sociale et des familles, notamment ses articles L 4721,L 472-1-1 et R 4721 ;Vu le sch\u00e9ma r\u00e9gional des mandataires judiciaires \u00e0 la protection des majeurs et des d\u00e9l\u00e9gu\u00e9s auxprestations familiales en date du 14 mars 2017 ;\n%Vu l'appel \u00e0 candidature en date du 26 septembre 2023 en vue de I'agr\u00e9ment de huitmandataires judiciaires \u00e0 la protection des majeurs exer\u00e7ant \u00e0 titre individuel ;Vu _ la liste des candidats dont la candidature est recevable ;Vu _ l'avis de la commission d\u00e9partementale d'agr\u00e9ment en date du 15 d\u00e9cembre 2023 ;Vu _ l'avis conforme en date du 26 janvier 2024 de la procureure de la R\u00e9publique pr\u00e8s le tribunaljudiciaire de N\u00eemes ; '\nSur proposition du directeur d\u00e9partemental de l'emploi, du travail et des solidarit\u00e9s par int\u00e9rim :ARR\u00caTE :Article 1er : -La liste des candidats dont la candidature est s\u00e9lectionn\u00e9e au regard des conditions pr\u00e9vues autroisi\u00e8me alin\u00e9a de l'article L.472-1-1 du code susvis\u00e9 est la suivante :GERARDIN AgatheCABRIE CarolineJULLIAN EmmaADAM JEAN CorinneSABY AudreyBATAILLE MarionKHALLOU SamiraRAYNAUD M\u00e9lanie\nMas de l'agriculture - 1120 route de st Gilles BP 39081 - 30972 NIMES c\u00e9dex 9T\u00e9l 04 30 08 61 20 - www.gard.gouv.fr\nDirection d\u00e9partementale de l'\u00e9conomie, de l'emploi, du travail et des solidarit\u00e9s  - 30-2024-02-13-00003 - Arr\u00eat\u00e9 portant classement\net s\u00e9lection des candidatures \u00e0 l'agr\u00e9ment en qualit\u00e9 de mandataire judiciaire \u00e0 la protection des majeurs exer\u00e7ant \u00e0 titre individuel 4\nARTICLE 2 :Le pr\u00e9sent arr\u00eat\u00e9 peut faire l'objet d'un recours administratif, soit gracieux aupr\u00e8s du pr\u00e9fet du Gard,soit hi\u00e9rarchique aupr\u00e8s de la ministre des solidarit\u00e9s et des familles, dans les deux mois suivant sadate de notification pour l'int\u00e9ress\u00e9 et de sa publication pour les tiers.Un recours contentieux peut \u00eatre \u00e9galement d\u00e9pos\u00e9 aupr\u00e8s du tribunal administratif de N\u00eemes \u2014 16avenue Feuch\u00e8res \u2014- 30941 NIMES CEDEX 09, dans le d\u00e9lai de deux mois \u00e0 partir de la notification oupublication, ou de la r\u00e9ponse de l'administration si Un recours administratif a \u00e9t\u00e9 d\u00e9pos\u00e9, I'absence der\u00e9ponse au terme de ce d\u00e9lai valant rejet implicite.Le tribunal administratif peut \u00eatre saisi par l'application informatique \u00ab T\u00e9l\u00e9recours citoyens \u00bbaccessible par le site internet www.telerecours.fr. |Article 3 : .Le pr\u00e9sent arr\u00e9t\u00e9 sera publi\u00e9 au recueil des actes administratifs de la pr\u00e9fecture du Gard.Article 4 :Une ampliation du pr\u00e9sent arr\u00eat\u00e9 sera notifi\u00e9e \u00e0 la procureure de la R\u00e9publique pr\u00e8s le tribunaljudiciaire de N\u00eemes.Article 5 :Le secr\u00e9taire g\u00e9n\u00e9ral de la pr\u00e9fecture et le directeur d\u00e9partemental de l'emploi, du travail et des.solidarit\u00e9s par int\u00e9rim sont charg\u00e9s, chacun en ce qui le concerne, de l'ex\u00e9cution du pr\u00e9sent arr\u00eat\u00e9.\nMas de l'agriculture - 1120 route de st Gilles BP 39081 - 30972 NIMES c\u00e9dex 9T\u00e9l 04 30 08 61 20 - www.gard.gouv.fr\nDirection d\u00e9partementale de l'\u00e9conomie, de l'emploi, du travail et des solidarit\u00e9s  - 30-2024-02-13-00003 - Arr\u00eat\u00e9 portant classement\net s\u00e9lection des candidatures \u00e0 l'agr\u00e9ment en qualit\u00e9 de mandataire judiciaire \u00e0 la protection des majeurs exer\u00e7ant \u00e0 titre individuel 5\nDirection d\u00e9partementale de l'\u00e9conomie, de\nl'emploi, du travail et des solidarit\u00e9s \n30-2024-02-14-00004\nBRUNE Cyril r\u00e9c\u00e9p decl SAP 2024\nDirection d\u00e9partementale de l'\u00e9conomie, de l'emploi, du travail et des solidarit\u00e9s  - 30-2024-02-14-00004 - BRUNE Cyril r\u00e9c\u00e9p decl SAP\n2024 6\nE :- Direction D\u00e9partementalePREFET de l'Emploi, du Travail et des Solidarit\u00e9sDU GARDLibert\u00e9\u00c9galit\u00e9Fraternit\u00e9\nR\u00e9c\u00e9piss\u00e9 de d\u00e9claration n\u00b0 30-2024-02-13-n\u00b0d'un organisme de services \u00e0 la personneenregistr\u00e9 sous le n\u00b0 SAP 421779893Le pr\u00e9fet du GardChevalier de la L\u00e9gion d'HonneurChevalier de l'Ordre National du M\u00e9riteVu le code du travail et notamment les articles L.7231-1 \u00e0 L.7233-2, R.7232-18 \u00e0 R.7232-24,D.7231-1 et D.7233-1 \u00e0 D.7233-5 ;Vu le d\u00e9cret du 13 juillet 2023 nommant Monsieur J\u00e9r\u00f4me BONET, pr\u00e9fet du Gard ;Vu l'arr\u00eat\u00e9 de la Premi\u00e8re ministre et du ministre de l'int\u00e9rieur et des outre-mer en date du 21 ao\u00fbt2023 portant nomination de Monsieur Renaud MORIN, en qualit\u00e9 de directeur adjoint de ladirection d\u00e9partementale de I'emploi, du travail et des solidarit\u00e9s du Gard \u00e0 compter du 11septembre 2023 ;Vu l'arr\u00eat\u00e9 pr\u00e9fectoral du 04 octobre 2023 portant d\u00e9l\u00e9gation de signature \u00e0 Monsieur RenaudMORIN, directeur d\u00e9partemental de l'emploi, du travail et des solidarit\u00e9s du Gard par int\u00e9rim, etl'arr\u00eat\u00e9 de subd\u00e9l\u00e9gation de signature du 03 novembre 2023 aux agents de la directiond\u00e9partementale de l'emploi, du travail et des solidarit\u00e9s du Gard ;Vu la circulaire DGE du 11 avril 2019 relative aux activit\u00e9s de services \u00e0 la personne : d\u00e9clarationet agr\u00e9ment des organismes de services \u00e0 la personne ;Constate :Qu'une d\u00e9claration d'activit\u00e9s de services \u00e0 la personne a \u00e9t\u00e9 d\u00e9pos\u00e9e aupr\u00e8s de la directiond\u00e9partementale de l'emploi, du travail et des solidarit\u00e9s, le 05 f\u00e9vrier 2024, par BRUNE Cyril enqualit\u00e9 de responsable de l'entreprise, pour l'organisme \u00ab CEBA \u00bb, Siret 421779893 00021 dontl'\u00e9tablissement principal est situ\u00e9 au 152 chemin de la boute, 30300 BEAUCAIRE, et enregistr\u00e9esous le n\u00b0 SAP 421779893 pour les activit\u00e9s suivantes : -Activit\u00e9s relevant uniquement de la d\u00e9claration en mode prestataire :Entretien de la maison et travaux m\u00e9nagers,Maintenance et vigilance temporaires \u00e0 domicile de la r\u00e9sidence principale et secondaire,Petits travaux de jardinage,Travaux de petit bricolage,\nToute modification concernant les activit\u00e9s exerc\u00e9es devra faire l'objet d'une d\u00e9clarationmodificative pr\u00e9alable.\nMas de l'Agriculture \u2014 1120 route de Saint Gilles \u2014 BP 39081 \u2014 30972 N\u00ceMES CEDEX 9T\u00e9l : 04 30 08 61 20 \u2014 Fax : 04 30 08 61 21 \u2014 www.gard.gouv.fr\nDirection d\u00e9partementale de l'\u00e9conomie, de l'emploi, du travail et des solidarit\u00e9s  - 30-2024-02-14-00004 - BRUNE Cyril r\u00e9c\u00e9p decl SAP\n2024 7\nSous r\u00e9serve d'\u00eatre exerc\u00e9es \u00e0 titre exclusif (ou sous r\u00e9serve d'une comptabilit\u00e9 s\u00e9par\u00e9e pourles personnes morales dispens\u00e9es de cette condition), ces activit\u00e9s ouvrent droit au b\u00e9n\u00e9fice desdispositions des articles L. 7233-2 du code du travail et L. 241-10 du code de la s\u00e9curit\u00e9 socialedans les conditions pr\u00e9vues par ces articles.Les effets de la d\u00e9claration courent \u00e0 compter du jour du d\u00e9p\u00f4t de la d\u00e9claration sous r\u00e9serve desdispositions de l'article R.7232-18 du code du travail.Le pr\u00e9sent r\u00e9c\u00e9piss\u00e9 est-\u00e0 port\u00e9e nationale et n'est pas limit\u00e9 dans le temps, \u00e0 lexceptlon desactivit\u00e9s relevant de l'agr\u00e9ment dont les effets sont limit\u00e9s \u00e0 5 ans.L'enregistrement de la d\u00e9claration peut \u00eatre retir\u00e9 dans les conditions fix\u00e9es aux articles R.7232-20\u00e0 R.7232-22 du code du travail.Le pr\u00e9sent r\u00e9c\u00e9piss\u00e9 sera publi\u00e9 au recueil des actes administratifs de la pr\u00e9fecture duGard.Fait \u00e0 N\u00eemes, le 13 f\u00e9vrier 2024.Pour le directeur d\u00e9partemental de l'emploi, du travailet des solidarit\u00e9s du Gard par int\u00e9rim,Par d\u00e9l\u00e9gation, la responsable du service emploiet insertion professionnelle ,\n; ,_t\\/ Isabelle REVOL\nVoies de recours :La pr\u00e9sente d\u00e9cision peut, \u00e0 compter de sa publication, faire l'objet d'un recours gracieux aupr\u00e8sde la Direction D\u00e9partementale de I'Emploi, du Travail et des Solidarit\u00e9s- Mas de l'Agriculture \u20141120 route de Saint Gilles \u2014 BP 39081 \u2014 30972 NIMES CEDEX 9 ou d'un recours hi\u00e9rarchiqueadress\u00e9 au ministre charg\u00e9 de l'\u00e9conomie - Direction g\u00e9n\u00e9rale des entreprises - sous-direction desservices marchands, 6, rue Louise Weiss, 75703 Paris cedex13.Elle peut \u00e9galement faire l'objet d'un recours contentieux dans un d\u00e9lai de deux mois \u00e0 compter desa publication aupr\u00e8s du Tribunai administratif de N\u00eemes - 16 avenue Feuch\u00e8res - 30000 N\u00eemes.Le tribunal administratif peut \u00eatre saisi par l'application informatique \u00abT\u00e9l\u00e9recours citoyen\u00bbaccessible sur le site internet www.telerecours.fr.En cas de rejet du recours gracieux ou hi\u00e9rarchique ou en l'absence de r\u00e9ponse \u00e0 ce recours (rejetimplicite), UN recours contentieux devant le tribunal administratif peut \u00e9galement \u00e9tre form\u00e9 contrela d\u00e9cision initiale dans un d\u00e9lai de deux mois \u00e0 compter de ce rejet.\nDirection d\u00e9partementale de l'\u00e9conomie, de l'emploi, du travail et des solidarit\u00e9s  - 30-2024-02-14-00004 - BRUNE Cyril r\u00e9c\u00e9p decl SAP\n2024 8\nDirection d\u00e9partementale de l'\u00e9conomie, de\nl'emploi, du travail et des solidarit\u00e9s \n30-2024-02-14-00003\nCHERON Jennifer r\u00e9c\u00e9p decl SAP 2024\nDirection d\u00e9partementale de l'\u00e9conomie, de l'emploi, du travail et des solidarit\u00e9s  - 30-2024-02-14-00003 - CHERON Jennifer r\u00e9c\u00e9p\ndecl SAP 2024 9\nE :- Direction D\u00e9partementalePRE FET de l'Emploi, du Travail et des Solidarit\u00e9sDU GARDL'ibert\u00e9Egalit\u00e9Fraternit\u00e9\nR\u00e9c\u00e9piss\u00e9 de d\u00e9claration n\u00b0 30-2024-02-13-n\u00b0d'un organisme de services \u00e0 la personneenregistr\u00e9 sous le n\u00b0 SAP 879788438- Le pr\u00e9fet du GardChevalier de la L\u00e9gion d'HonneurChevalier de l'Ordre National du M\u00e9riteVu le code du travail et notamment les articles L.7231-1 \u00e0 L.7233-2, R.7232-18 \u00e0 R.7232-24,D.7231-1 et D.7233-1 \u00e0 D.7233-5 :Vu le d\u00e9cret du 13 juillet 2023 nommant Monsieur J\u00e9r\u00f4me BONET, pr\u00e9fet du Gard ;Vu l'arr\u00eat\u00e9 de la Premi\u00e8re ministre et du ministre de l'int\u00e9rieur et des outre-mer en date du 21 ao\u00fbt2023 portant nomination de Monsieur Renaud MORIN, en qualit\u00e9 de directeur adjoint de ladirection d\u00e9partementale de I'emploi, du travail et des solidarit\u00e9s du Gard \u00e0 compter du 11septembre 2023 ;Vu l'arr\u00eat\u00e9 pr\u00e9fectoral du 04 octobre 2023 portant d\u00e9l\u00e9gation de signature \u00e0 Monsieur RenaudMORIN, directeur d\u00e9partemental de I'emploi, du travail et des solidarit\u00e9s du Gard par int\u00e9rim, etl'arr\u00eat\u00e9 de subd\u00e9l\u00e9gation de signature du 03 novembre 2023 aux agents de la directiond\u00e9partementale de l'emploi, du travail et des solidarit\u00e9s du Gard ;Vu la circulaire DGE du 11 avril 2019 relative aux activit\u00e9s de services \u00e0 la personne : d\u00e9clarationet agr\u00e9ment des organismes de services \u00e0 la personne ;Constate :Qu'une d\u00e9claration d'activit\u00e9s de services \u00e0 la personne a \u00e9t\u00e9 d\u00e9pos\u00e9e aupr\u00e8s 'de la directiond\u00e9partementale de l'emploi, du travail et des solidarit\u00e9s, le 31 janvier 2024, par CHERON Jenniferen qualit\u00e9 de responsable de l'entreprise, pour l'organisme \u00ab La table gourmande \u00bb, Siret879788438 00015 dont l'\u00e9tablissement principal est situ\u00e9 au 580 chemin de la carri\u00e8re, 30150ROQUEMAURE, et enregistr\u00e9e sous le n\u00b0 SAP 879788438 pour les activit\u00e9s suivantes :Activit\u00e9s relevant uniquement de la d\u00e9claration en mode prestataire :\ne Livraison de repas \u00e0 domicile,e Pr\u00e9paration de repas \u00e0 domicile (inclus le temps pass\u00e9 aux courses),\nToute modification concernant les activit\u00e9s exerc\u00e9es devra faire l'objet d'une d\u00e9clarationmodificative pr\u00e9alable.\nMas de l'Agriculture \u2014 1120 route de Saint Gilles \u2014 BP 39081 \u2014 30972 NIMES CEDEX 9T\u00e9l : 04 30 08 61 20 \u2014 Fax : 04 30 08 61 21 \u2014 www.gard:gouv.fr\nDirection d\u00e9partementale de l'\u00e9conomie, de l'emploi, du travail et des solidarit\u00e9s  - 30-2024-02-14-00003 - CHERON Jennifer r\u00e9c\u00e9p\ndecl SAP 2024 10\nSous r\u00e9serve d'\u00eatre exerc\u00e9es \u00e0 titre exclusif (ou sous r\u00e9serve d'une comptabilit\u00e9 s\u00e9par\u00e9e pourles personnes morales dispens\u00e9es de cette condition), ces activit\u00e9s ouvrent droit au b\u00e9n\u00e9fice desdispositions des articles L. 7233-2 du code du travail et L. 241-10 du code de la s\u00e9curit\u00e9 socialedans les conditions pr\u00e9vues par ces articles.Les effets de la d\u00e9claration courent \u00e0 compter du jour du d\u00e9p\u00f4t de la d\u00e9claration sous r\u00e9serve desdispositions de l'article R.7232-18 du code du travail.Le pr\u00e9sent r\u00e9c\u00e9piss\u00e9 est \u00e0 port\u00e9e nationale et n'est pas limit\u00e9 dans le temps, \u00e0 'exception desactivit\u00e9s relevant de l'agr\u00e9ment dont les effets sont limit\u00e9s \u00e0 5 ans.L'enregistrement de la d\u00e9claration peut \u00eatre retir\u00e9 dans les conditions fix\u00e9es aux articles R.7232-20\u00e0 R.7232-22 du code du travail. -Le pr\u00e9sent r\u00e9c\u00e9piss\u00e9 sera publi\u00e9 au recueil des actes administratifs de la pr\u00e9fecture duGard.Fait \u00e0 N\u00eemes, le 13 f\u00e9vrier 2024.Pour le directeur d\u00e9partemental de l'emploi, du travailet des solidarit\u00e9s du Gard par int\u00e9rim,Par d\u00e9l\u00e9gation, la responsable du service emploiet insertion professionnelle ,\nIsabelle REVOL\nVoies de recours :La pr\u00e9sente d\u00e9cision peut, \u00e0 compter de sa publication, faire l'objet d'un recours gracieux aupr\u00e8sde la Direction D\u00e9partementale de 'Emploi, du Travail et des Solidarit\u00e9s- Mas de l'Agriculture \u20141120 route de Saint Gilles \u2014 BP 39081 \u2014 30972 NIMES CEDEX 9 ou d'un recours hi\u00e9rarchiqueadress\u00e9 au ministre charg\u00e9 de l'\u00e9conomie - Direction g\u00e9n\u00e9rale des entreprises - sous-direction desservices marchands, 6, rue Louise Weiss, 75703 Paris cedex13.Elle peut \u00e9galement faire l'objet d'un recours contentieux dans un d\u00e9lai de deux mois \u00e0 compter desa publication aupr\u00e8s du Tribunal administratif de N\u00eemes - 16 avenue Feuch\u00e8res - 30000 N\u00eemes.Le tribunal administratif peut \u00eatre saisi par l'application informatique \u00abT\u00e9l\u00e9recours citoyen\u00bbaccessible sur le site internet www.telerecours.fr. 'En cas de rejet du recours gracieux ou-hi\u00e9rarchique ou en l'absence de r\u00e9ponse \u00e0 ce recours (rejetimplicite), un recours contentieux devant le tribunal administratif peut \u00e9galement \u00eatre form\u00e9 contrela d\u00e9cision initiale dans un d\u00e9lai de deux mois \u00e0 compter de ce rejet.\nDirection d\u00e9partementale de l'\u00e9conomie, de l'emploi, du travail et des solidarit\u00e9s  - 30-2024-02-14-00003 - CHERON Jennifer r\u00e9c\u00e9p\ndecl SAP 2024 11\nDirection d\u00e9partementale de l'\u00e9conomie, de\nl'emploi, du travail et des solidarit\u00e9s \n30-2024-02-14-00001\nHERAUD Mickael r\u00e9c\u00e9p decl SAP 2024\nDirection d\u00e9partementale de l'\u00e9conomie, de l'emploi, du travail et des solidarit\u00e9s  - 30-2024-02-14-00001 - HERAUD Mickael r\u00e9c\u00e9p decl\nSAP 2024 12\nE :- Direction D\u00e9partementaiePREFET de l'Emploi, du Travail et des Solidarit\u00e9sDU GARDLibert\u00e9\u00c9galit\u00e9 \u2014Fraternit\u00e9\nR\u00e9c\u00e9piss\u00e9 de d\u00e9claration n\u00b0 30-2024-02-13-n\u00b0d'un organisme de services \u00e0 la personneenregistr\u00e9 sous le n\u00b0 SAP 751605189Le pr\u00e9fet du GardChevalier de la L\u00e9gion d'HonneurChevalier de l'Ordre National du M\u00e9riteVu le code du travail et notamment les articles L.7231-1 \u00e0 L.7233-2, R.7232-18 \u00e0 R.7232-24,D.7231-1 et D.7233-1 \u00e0 D.7233-5 ; . 'Vu le d\u00e9cret du 13 juillet 2023 nommant Monsieur J\u00e9r\u00f4me BONET, pr\u00e9fet du Gard;Vu l'arr\u00eat\u00e9 de la Premi\u00e8re ministre et du ministre de l'int\u00e9rieur et des outre-mer en date du 21 ao\u00fbt2023 portant nomination de Monsieur Renaud MORIN, en qualit\u00e9 de directeur adjoint de ladirection d\u00e9partementale de I'emploi, du travail et des solidarit\u00e9s du Gard \u00e0 compter du 11septembre 2023 ;Vu l'arr\u00eat\u00e9 pr\u00e9fectoral du 04 octobre 2023 portant d\u00e9l\u00e9gation de signature \u00e0 Monsieur RenaudMORIN, directeur d\u00e9partemental de l'emploi, du travail et des solidarit\u00e9s du Gard par int\u00e9rim, etl'arr\u00eat\u00e9 de subd\u00e9l\u00e9gation de signature du 03 novembre 2023 aux agents de la directiond\u00e9partementale de l'emploi, du travail et des solidarit\u00e9s du Gard ;Vu la circulaire DGE du 11 avril 2019 relative aux activit\u00e9s de services \u00e0 la personne : d\u00e9clarationet agr\u00e9ment des organismes de services \u00e0 la personne :Constate : -Qu'une d\u00e9claration d'activit\u00e9s de services \u00e0 la personne a \u00e9t\u00e9 d\u00e9pos\u00e9e aupr\u00e8s de la directiond\u00e9partementale de I'emploi, du travail et des solidarit\u00e9s, le 03 f\u00e9vrier 2024, par HERAUD Mickaelen qualit\u00e9 de responsable de I'entreprise, pour l'organisme \u00ab HERAUD Mickael \u00bb, Siret 75160518900024 dont l'\u00e9tablissement principal est situ\u00e9 1 chemin de montmarnes, 30150 MONTFAUCON ,\u00c7et enregistr\u00e9e sous le n\u00b0 SAP 751605189 pour les activit\u00e9s suivantes :Activit\u00e9s relevant uniquement de la d\u00e9claration en mode prestataire :e Petits travaux de jardinage,e Travaux de petit bricolage,\nToute modification concernant les activit\u00e9s exerc\u00e9es devra faire l'objet d'une d\u00e9clarationmodificative pr\u00e9alable.\nMas de I'Agriculture \u2014 1120 route de Saint Gilles \u2014 BP 39081 \u2014 30972 NIMES CEDEX 9T\u00e9l : 04 30 08 61 20 \u2014 Fax : 04 30 08 61 21 \u2014 www.card.couv.fr\nDirection d\u00e9partementale de l'\u00e9conomie, de l'emploi, du travail et des solidarit\u00e9s  - 30-2024-02-14-00001 - HERAUD Mickael r\u00e9c\u00e9p decl\nSAP 2024 13\nSous r\u00e9serve d'\u00eatre exerc\u00e9es \u00e0 titre exclusif (ou sous r\u00e9serve d'une comptabilit\u00e9 s\u00e9par\u00e9e pourles personnes morales dispens\u00e9es de cette condition), ces activit\u00e9s ouvrent droit au b\u00e9n\u00e9fice desdispositions des articles L. 7233-2 du code du travail et L. 241-10 du code de la s\u00e9curit\u00e9 socialedans les conditions pr\u00e9vues par ces articles.Les effets de la d\u00e9claration courent a compter du jour du d\u00e9p\u00e9t de la d\u00e9claration sous r\u00e9serve desdispositions de l'article R.7232-18 du code du travail.Le pr\u00e9sent r\u00e9c\u00e9piss\u00e9 est \u00e0 port\u00e9e nationale et n'est pas limit\u00e9 dans le temps, \u00e0 l'exception desactivit\u00e9s relevant de l'agr\u00e9ment dont les effets sont limit\u00e9s \u00e0 5 ans.L'enregistrement de la d\u00e9claration peut \u00eatre retir\u00e9 dans les conditions fix\u00e9es aux articles R.7232-20\u00e0 R.7232-22 du code du travail.Le pr\u00e9sent r\u00e9c\u00e9piss\u00e9 sera publi\u00e9 au recueil des actes administratifs de la pr\u00e9fecture duGard.Fait \u00e0 N\u00eemes, le 13 f\u00e9vrier 2024.Pour le directeur d\u00e9partemental de l'emploi, du travail- et des solidarit\u00e9s du Gard par int\u00e9rim,Par d\u00e9l\u00e9gation, la responsable du service emploiet insertion professionnelle ,\nIsabelle REVOL\nVoies de recours :La pr\u00e9sente d\u00e9cision peut, \u00e0 compter de sa publication, faire l'objet d'un recours gracieux aupr\u00e8sde la Direction D\u00e9partementale de FEmploi, du Travail et des Solidarit\u00e9s- Mas de l'Agriculture \u20141120 route de Saint Gilles \u2014 BP 39081 \u2014 30972 NIMES CEDEX 9 ou d'un recours hi\u00e9rarchiqueadress\u00e9 au ministre charg\u00e9 de l'\u00e9conomie - Direction g\u00e9n\u00e9rale des entreprises - sous-direction desservices marchands, 6, rue Louise Weiss, 75703 Paris cedex13.Elie peut \u00e9galem\u00e9nt faire l'objet d'un recours contentieux dans un d\u00e9lai de deux mois \u00e0 compter desa publication aupr\u00e8s du Tribunal administratif de N\u00eemes - 16 avenue Feuch\u00e8res - 30000 N\u00eemes.- Le tribunal administratif peut \u00eatre saisi par l'application informatique \u00abT\u00e9l\u00e9recours citoyen\u00bbaccessible sur le site internet www.telerecours.fr.En cas de rejet du recours gracieux ou hi\u00e9rarchique ou en l'absence de r\u00e9ponse \u00e0 ce recours (rejetimplicite), un recours contentieux devant le tribunal administratif peut \u00e9galement \u00eatre form\u00e9 contrela d\u00e9cision initiale dans un d\u00e9lai de deux mois \u00e0 compter de ce rejet.\nDirection d\u00e9partementale de l'\u00e9conomie, de l'emploi, du travail et des solidarit\u00e9s  - 30-2024-02-14-00001 - HERAUD Mickael r\u00e9c\u00e9p decl\nSAP 2024 14\nDirection d\u00e9partementale de l'\u00e9conomie, de\nl'emploi, du travail et des solidarit\u00e9s \n30-2024-02-12-00003\nHOROLOMBO Cindy r\u00e9c\u00e9p decl SAP 2024\nDirection d\u00e9partementale de l'\u00e9conomie, de l'emploi, du travail et des solidarit\u00e9s  - 30-2024-02-12-00003 - HOROLOMBO Cindy r\u00e9c\u00e9p\ndecl SAP 2024 15\nE :- | Direction D\u00e9partementalePREFET de l'Emploi, du Travail et des Solidarit\u00e9sDU GARDL'iberte'Egalit\u00e9Fraternit\u00e9\nR\u00e9c\u00e9piss\u00e9 de d\u00e9claration n\u00b0 30-2024-02-12-n\u00b0d'un organisme de services \u00e0 la personneenregistr\u00e9 sous le n\u00b0 SAP 842491276_ Le pr\u00e9fet du Gard\" Chevalier de la L\u00e9gion d'HonneurChevalier de l'Ordre National du M\u00e9riteVu le code du travail et notamment les articles L.7231-1 \u00e0 L.7233-2, R.7232-18 \u00e0 R.7232-24,D.7231-1 et D.7233-1 \u00e0 D.7233-5 ;Vu le d\u00e9cret du 13 juillet 2023 nommant Monsieur J\u00e9r\u00f4me BONET, pr\u00e9fet du Gard ;Vu l'arr\u00eat\u00e9 de la Premi\u00e8re ministre et du ministre de l'int\u00e9rieur et des outre-mer en date du 21 ao\u00fbt2023 portant nomination de Monsieur Renaud MORIN, en qualit\u00e9 de directeur adjoint de ladirection d\u00e9partementale de l'emploi, du travail et des solidarit\u00e9s du Gard \u00e0 compter du 11septembre 2023 ;Vu l'arr\u00eat\u00e9 pr\u00e9fectoral du 04 octobre 2023 portant d\u00e9l\u00e9gation de signature \u00e0 Monsieur RenaudMORIN, directeur d\u00e9partemental de l'emploi, du travail et des solidarit\u00e9s du Gard par int\u00e9rim, etl'arr\u00eat\u00e9 de subd\u00e9l\u00e9gation de- signature du 03 novembre 2023 aux agents de la directiond\u00e9partementale de 'emploi, du travail et des solidarit\u00e9s du Gard ;Vu la circulaire DGE du 11 avril 2019 relative aux activit\u00e9s de services \u00e0 la personne : d\u00e9clarationet agr\u00e9ment des organismes de services \u00e0 la personne ;Constate :Qu'une d\u00e9claration d'activit\u00e9s de services \u00e0 la personne a \u00e9t\u00e9 d\u00e9pos\u00e9e aupr\u00e8s de la directiond\u00e9partementale de I'emploi, du travail et des solidarit\u00e9s, le 18 janvier 2024, par HOROLOMBOCindy en qualit\u00e9 de responsable de l'entreprise, pour l'organisme \u00ab Aidevie & Compagnie \u00bb, Siret842491276 00015 dont l'\u00e9tablissement principal est situ\u00e9 au 19 impasse des couturieres, 30600VAUVERT, et enregistr\u00e9e sous le n\u00b0 SAP 842491276 pour les activit\u00e9s suivantes :Activit\u00e9s relevant uniquement de la d\u00e9claration en mode prestataire :\nAccompagnement des enfants de plus de 3 ans, en dehors de leur domicile,Entretien de la maison et travaux m\u00e9nagers,Garde d'enfant de plus de 3 ans \u00e0 domicile,Soutien scolaire ou cours \u00e0 domicile,\nToute modification concernant les activit\u00e9s exerc\u00e9es devra faire l'objet d'une d\u00e9clarationmodificative pr\u00e9alable.\nMas de l'Agriculture \u2014 1120 route de Saint Gilles \u2014 BP 39081 \u2014 30972 NIMES CED_EX 9T\u00e9l : 04 30 08 61 20 \u2014 Fax : 04 30 08 61 21 \u2014 www.gard.gouv.fr\nDirection d\u00e9partementale de l'\u00e9conomie, de l'emploi, du travail et des solidarit\u00e9s  - 30-2024-02-12-00003 - HOROLOMBO Cindy r\u00e9c\u00e9p\ndecl SAP 2024 16\nSous r\u00e9serve d'\u00e9tre exerc\u00e9es a titre exclusif (ou sous r\u00e9serve d'une comptabilit\u00e9 s\u00e9par\u00e9e pourles personnes morales dispens\u00e9es de cette condition), ces activit\u00e9s ouvrent droit au b\u00e9n\u00e9fice desdispositions des articles L. 7233-2 du code du travail et L. 241-10 du code de la s\u00e9curit\u00e9 socialedans les conditions pr\u00e9vues par ces articles.Les effets de la d\u00e9claration courent \u00e0 compter du jour du d\u00e9p\u00f4t de la d\u00e9claration sous r\u00e9serve desdispositions de l'article R.7232-18 du code du travail.Le pr\u00e9sent r\u00e9c\u00e9piss\u00e9 est \u00e0 port\u00e9e nationale et n'est pas limit\u00e9 dans le temps, \u00e0 I'exception desactivit\u00e9s relevant de l'agr\u00e9ment dont les effets sont limit\u00e9s \u00e0 5 ans.L'enregistrement de la d\u00e9claration peut \u00eatre retir\u00e9 dans les conditions fix\u00e9es aux articles R.7232-20\u00e0 R.7232-22 du code du travail.Le pr\u00e9sent r\u00e9c\u00e9piss\u00e9 sera publi\u00e9 au recueil des actes administratifs de la pr\u00e9fecture duGard.Fait \u00e0 Nimes, le 12 f\u00e9vrier 2024.Pour le directeur d\u00e9partemental de l'emploi, du travailet des solidarit\u00e9s du Gard par int\u00e9rim,Par d\u00e9l\u00e9gation, la responsable du service emploiet insertion professionnelle ,\nIsabelle REVOL\nVoies de recours :La pr\u00e9sente d\u00e9cision peut, \u00e0 compter de sa publication, faire l'objet d'un recours gracieux aupr\u00e8sde la Direction D\u00e9partementale de l''Emploi, du Travail et des Solidarit\u00e9s- Mas de l'Agriculture \u20141120 route de Saint Gilles \u2014 BP 39081 \u2014 30972 NIMES CEDEX 9 ou d'un recours hi\u00e9rarchiqueadress\u00e9 au ministre charg\u00e9 de l'\u00e9conomie - Direction g\u00e9n\u00e9rale des entreprises - sous-direction desservices marchands, 6, rue Louise Weiss, 75703 Paris cedex13. -Elle peut \u00e9galement faire l'objet d'un recours contentieux dans un d\u00e9lai de deux mois \u00e0 compter desa publication aupr\u00e8s du Tribunal administratif de N\u00eemes - 16 avenue Feuch\u00e8res - 30000 N\u00eemes.Le tribunal administratif peut \u00eatre saisi par l'application informatique \u00abT\u00e9l\u00e9recours citoyen\u00bbaccessible sur le site internet www.telerecours.fr.En cas de rejet du recours gracieux ou hi\u00e9rarchique ou en l'absence de r\u00e9ponse \u00e0 ce recours (rejetimplicite), un recours contentieux devant le tribunal administratif peut \u00e9galement \u00eatre form\u00e9 contrela d\u00e9cision initiale dans un d\u00e9lai de deux mois \u00e0 compter de ce rejet.\nDirection d\u00e9partementale de l'\u00e9conomie, de l'emploi, du travail et des solidarit\u00e9s  - 30-2024-02-12-00003 - HOROLOMBO Cindy r\u00e9c\u00e9p\ndecl SAP 2024 17\nDirection d\u00e9partementale de l'\u00e9conomie, de\nl'emploi, du travail et des solidarit\u00e9s \n30-2024-02-12-00002\nMANZANARES Antoine ABROG aband d\u00e9cl\nDirection d\u00e9partementale de l'\u00e9conomie, de l'emploi, du travail et des solidarit\u00e9s  - 30-2024-02-12-00002 - MANZANARES Antoine\nABROG aband d\u00e9cl 18\nEx Direction D\u00e9partementale de l'Emploi, .PR\u00c9FET du Travail et des Solidarit\u00e9sDU GARDLibert\u00e9\u00c9galit\u00e9Fraternit\u00e9\nD\u00e9cision d'abandon de la d\u00e9claration d'un organisme de services \u00e0 la personneenregistr\u00e9e sous le n\u00b0 SAP 948521943_ Le pr\u00e9fet du GardChevalier de la L\u00e9gion d'HonneurChevalier de l'Ordre National du M\u00e9riteVu le code du travail et notamment les articles L.7231-1 \u00e0 L.7232-9 et R.7232-1 \u00e0 R.7232-22,relatifs aux activit\u00e9s de services \u00e0 la personne ;Vu le d\u00e9cret du 13 juillet 2023 nommant Monsieur J\u00e9r\u00f4me BONET, pr\u00e9fet du Gard ;Vu l'arr\u00eat\u00e9 de la Premi\u00e9re ministre et du ministre de l'int\u00e9rieur et des outre-mer en date du 21 ao\u00fbt2023 portant nomination de Monsieur Renaud MORIN, en qualit\u00e9 de directeur adjoint de la directiond\u00e9partementale de l'emploi, du travail et des solidarit\u00e9s du Gard \u00e0 compter du 11 septembre 2023 ;Vu l'arr\u00eat\u00e9 pr\u00e9fectoral du 04 octobre 2023 portant d\u00e9l\u00e9gation de signature \u00e0 Monsieur RenaudMORIN, directeur d\u00e9partemental de l'emploi, du travail et des solidarit\u00e9s du Gard par int\u00e9rim, etl'arr\u00eat\u00e9 de subd\u00e9l\u00e9gation de signature du 03 novembre 2023 aux agents de la directiond\u00e9partementale de l'emploi, du travail et des solidarit\u00e9s du Gard ;Vu la circulaire DGE du 11 avril 2019 relative aux activit\u00e9s de services \u00e0 la personne : d\u00e9claration etagr\u00e9ment des organismes de services \u00e0 la personne ;Vu le r\u00e9c\u00e9piss\u00e9 de d\u00e9claration d'un organisme de services \u00e0 la personne enregistr\u00e9 le 13 f\u00e9vrier- 2023 sous le N\u00b0 SAP 948521943 au nom de l'organisme Al\u00e8s Paysages, dont le responsable estMonsieur MANZANARES Antoine, Siret n\u00b0 948521943 00019, situ\u00e9 au 1 rue du porche, 30580SEYNES ;Vu la d\u00e9claration d'abandon des activit\u00e9s de services \u00e0 la personne pr\u00e9sent\u00e9e en date du 09 f\u00e9vrier2024 par Monsieur MANZANARES Antoine en qualit\u00e9 de responsable de I'entreprise Al\u00e9s Paysages\nDECIDE\nArticle 1er :Le r\u00e9c\u00e9piss\u00e9 de d\u00e9claration d'activit\u00e9 de services \u00e0 la personne d\u00e9livr\u00e9 le 13 f\u00e9vrier 2023, sous leN\u00b0 SAP 948521943, Siret : 948521943 00019 au nom de l'entreprise Al\u00e8s Paysages est abrog\u00e9 \u00e0compter du 12 f\u00e9vrier 2024.\nMas de l'Agriculture \u2014 1120 route de Saint Gilles \u2014 BP 39081 \u2014 30972 NIMES CEDEX 9T\u00e9l : 04 30 08 61 20 \u2014 Fax : 04 30 08 61 21 \u2014 www.gard.gouv.fr\nDirection d\u00e9partementale de l'\u00e9conomie, de l'emploi, du travail et des solidarit\u00e9s  - 30-2024-02-12-00002 - MANZANARES Antoine\nABROG aband d\u00e9cl 19\nArticle 2 :Les divers avantages li\u00e9s \u00e0 la d\u00e9claration d'activit\u00e9 d'un organisme de services \u00e0 la personne sontsupprim\u00e9s.Article 3 :La pr\u00e9sente d\u00e9cision sera publi\u00e9e au recueil des actes administratifs de la pr\u00e9fecture duGard.Article 4 :La pr\u00e9sente d\u00e9cision peut, dans les 2 mois de sa notification, faire l'objet d'un recours gracieuxaupr\u00e8s de la Direction D\u00e9partementale de I'Emploi, du Travail et des Solidarit\u00e9s - Mas del'Agriculture \u2014 1120 route de Saint Gilles \u2014 BP 39081 \u2014 30972 NIMES CEDEX 9 ou d'un recourshi\u00e9rarchique adress\u00e9 au ministre charg\u00e9 de l'\u00e9conomie - Direction g\u00e9n\u00e9rale des entreprises - sous-direction des services marchands, 6, rue Louise Weiss 75703 Paris cedex13.Elle peut \u00e9galement faire l'objet d'un recours contentieux dans un d\u00e9lai de deux mois \u00e0 compter desa publication aupr\u00e8s du Tribunal administratif de N\u00eemes - 16 avenue Feuch\u00e8res - 30000 N\u00eemes.Le tribunal. administratif peut \u00eatre saisi par l'application informatique \u00abT\u00e9l\u00e9recours citoyen\u00bbaccessible sur le site internet www.telerecours.fr.En cas de rejet du recours gracieux ou hi\u00e9rarchique ou en l'absence de r\u00e9ponse \u00e0 ce recours (rejetimplicite), un recours contentieux devant le tribunal administratif peut \u00e9galement \u00eatre form\u00e9 contre lad\u00e9cision initiale dans un d\u00e9lai de deux mois \u00e0 compter de ce rejet.\nFait le 12 f\u00e9vrier 2024.\nPour le directeur d\u00e9partemental de l'emploi,du travail et des solidarit\u00e9s du Gard, par int\u00e9rim,Par d\u00e9l\u00e9gation, la responsable du service emploiet insertion professionnelle,\nIsabelle REVOL\nMas de I'Agriculture \u2014 1120 route de Saint Gilles \u2014 BP 39081 \u2014 30972 NIMES CEDEX 9T\u00e9l: 04 30 08 61 20 \u2014 Fax : 04 30 08 61 21 \u2014 www.gard.gouv.fr\nDirection d\u00e9partementale de l'\u00e9conomie, de l'emploi, du travail et des solidarit\u00e9s  - 30-2024-02-12-00002 - MANZANARES Antoine\nABROG aband d\u00e9cl 20\nDirection d\u00e9partementale de l'\u00e9conomie, de\nl'emploi, du travail et des solidarit\u00e9s \n30-2024-02-14-00002\nMARTINIERE Arnaud r\u00e9c\u00e9p decl SAP 2024\nDirection d\u00e9partementale de l'\u00e9conomie, de l'emploi, du travail et des solidarit\u00e9s  - 30-2024-02-14-00002 - MARTINIERE Arnaud r\u00e9c\u00e9p\ndecl SAP 2024 21\nE ,. Direction D\u00e9partementalePRE FET de l'Emploi, du Travail et des Solidarit\u00e9sDU GARDL;'bert\u00e9Egalit\u00e9Fraternit\u00e9\nR\u00e9c\u00e9piss\u00e9 de d\u00e9claration n\u00b0 30-2024-02-13-n\u00b0d'un organisme de services \u00e0 la personneenregistr\u00e9 sous le n\u00b0 SAP 983873597Le pr\u00e9fet du GardChevalier de la L\u00e9gion d'HonneurChevalier de l'Ordre National du M\u00e9riteVu le code du travail et notamment les articles L.7231-1 \u00e0 L.7233-2, R.7232-18 \u00e0 R.7232-24,D.7231-1 et D.7233-1 \u00e0 D.7233-5 ;Vu le d\u00e9cret du 13 juillet 2023 nommant Monsieur J\u00e9r\u00f4me BONET, pr\u00e9fet du Gard ;Vu l'arr\u00eat\u00e9 de la Premi\u00e8re ministre et du ministre de l'int\u00e9rieur et des outre-mer en date du 21 ao\u00fbt2023 portant nomination de Monsieur Renaud MORIN, en qualit\u00e9 de directeur adjoint de ladirection d\u00e9partementale de l'emploi, du travail et des solidarit\u00e9s du Gard \u00e0 compter du 11septembre 2023 ;Vu l'arr\u00eat\u00e9 pr\u00e9fectoral du 04 octobre 2023 portant d\u00e9l\u00e9gation de signature \u00e0 Monsieur RenaudMORIN, directeur d\u00e9partemental de l'emploi, du travail et des solidarit\u00e9s du Gard par int\u00e9rim, etFarr\u00e9t\u00e9 de subd\u00e9l\u00e9gation de signature du 03 novembre 2023 aux agents de la directiond\u00e9partementale de l'emploi, du travail et des solidarit\u00e9s du Gard ; 'Vu la circulaire DGE du 11 avril 2019 relative aux activit\u00e9s de services \u00e0 la personne : d\u00e9clarationet agr\u00e9ment des organismes de services \u00e0 la personne ;Constate :'Qu'une d\u00e9claration d'activit\u00e9s de services \u00e0 la personne a \u00e9t\u00e9 d\u00e9pos\u00e9e aupr\u00e8s de la directiond\u00e9partementale de l'emploi, du travail et des solidarit\u00e9s, le 26 janvier 2024, par MARTINIEREArnaud en qualit\u00e9 de responsable de l'entreprise, pour l'organisme \u00ab Arena English \u00bb, Siret983873597 00014 dont l'\u00e9tablissement principal est situ\u00e9 au 4 bis rue bourdaloue, 30000 N\u00ceMES,et enregistr\u00e9e sous le n\u00b0 SAP 983873597 pour l'activit\u00e9 suivante :Activit\u00e9 relevant uniquement de la d\u00e9claration en mode prestataire :e Soutien scolaire ou cours \u00e0 domicile,\nToute modification concernant les activit\u00e9s exerc\u00e9es devra faire l'objet d'une d\u00e9clarationmodificative pr\u00e9alable.\nMas de l'Agriculture \u2014 1120 route de Saint Gilles \u2014 BP 39081 \u2014 30972 NIMES CEDEX 9T\u00e9l : 04 30 08 61 20 \u2014 Fax : 04 30 08 61 21 \u2014 www.gard.gouv.fr\nDirection d\u00e9partementale de l'\u00e9conomie, de l'emploi, du travail et des solidarit\u00e9s  - 30-2024-02-14-00002 - MARTINIERE Arnaud r\u00e9c\u00e9p\ndecl SAP 2024 22\nSous r\u00e9serve d'\u00e9tre exerc\u00e9es a titre exclusif (ou sous r\u00e9serve d'une comptabilit\u00e9 s\u00e9par\u00e9e pourles personnes morales dispens\u00e9es de cette condition), ces activit\u00e9s ouvrent droit au b\u00e9n\u00e9fice desdispositions des articles L. 7233-2 du code du travail et L. 241-10 du code de la s\u00e9curit\u00e9 socialedans les conditions pr\u00e9vues par ces articles.Les effets de la d\u00e9claration courent \u00e0 compter du jour du d\u00e9p\u00f4t de la d\u00e9claration sous r\u00e9serve desdispositions de l'article R.7232-18 du code du travail.Le pr\u00e9sent r\u00e9c\u00e9piss\u00e9 est \u00e0 port\u00e9e nationale et n'est pas limit\u00e9 dans le temps, \u00e0 l''exception desactivit\u00e9s relevant de l'agr\u00e9ment dont les effets sont limit\u00e9s \u00e0 5 ans. -L'enregistrement de la d\u00e9claration peut \u00eatre retir\u00e9 dans les conditions fix\u00e9es aux articles R.7232-20\u00e0 R.7232-22 du code du travail.Le pr\u00e9sent r\u00e9c\u00e9piss\u00e9 sera publi\u00e9 au recueil des actes administratifs de la pr\u00e9fecture duGard.Fait \u00e0 Nimes, le 13 f\u00e9vrier 2024.Pour le directeur d\u00e9partemental de l'emploi, du travailet des solidarit\u00e9s du Gard par int\u00e9rim,Par d\u00e9l\u00e9gation, la responsable du service emploiet insertion professionnelle ,\n\u00ff Isabelle REVOL\nVoies de recours :La pr\u00e9sente d\u00e9cision peut, \u00e0 compter de sa publication, faire l'objet d'un recours gracieux aupr\u00e8sde la Direction D\u00e9partementale de FEmploi, du Travail et des Solidarit\u00e9s- Mas de l'Agriculture \u20141120 route de Saint Gilles \u2014 BP 39081 \u2014 30972 NIMES CEDEX 9 ou d'un recours hi\u00e9rarchiqueadress\u00e9 au ministre charg\u00e9 de l'\u00e9conomie - Direction g\u00e9n\u00e9rale des entreprises - sous-direction desservices marchands, 6, rue Louise Weiss, 75703 Paris cedex13.Elle peut \u00e9galement faire l'objet d'un recours contentieux dans un d\u00e9lai de deux mois \u00e0 compter desa publication aupr\u00e8s du Tribunal administratif de N\u00eemes - 16 avenue Feuch\u00e8res - 30000 N\u00eemes.Le tribunal administratif peut \u00eatre saisi par l'application informatique \u00abT\u00e9l\u00e9recours citoyen\u00bbaccessible sur le site internet www.telerecours.fr.En cas de rejet du recours gracieux ou hi\u00e9rarchique ou en l'absence de r\u00e9ponse \u00e0 ce recours (rejetimplicite), un recours contentieux devant le tribunal administratif peut \u00e9galement \u00eatre form\u00e9 contrela d\u00e9cision initiale dans un d\u00e9lai de deux mois \u00e0 compter de ce rejet.\nDirection d\u00e9partementale de l'\u00e9conomie, de l'emploi, du travail et des solidarit\u00e9s  - 30-2024-02-14-00002 - MARTINIERE Arnaud r\u00e9c\u00e9p\ndecl SAP 2024 23\nDirection d\u00e9partementale de l'\u00e9conomie, de\nl'emploi, du travail et des solidarit\u00e9s \n30-2024-02-12-00004\nPERRIER H\u00e9l\u00e8ne r\u00e9c\u00e9p decl SAP 2024\nDirection d\u00e9partementale de l'\u00e9conomie, de l'emploi, du travail et des solidarit\u00e9s  - 30-2024-02-12-00004 - PERRIER H\u00e9l\u00e8ne r\u00e9c\u00e9p decl\nSAP 2024 24\nE :. Direction D\u00e9partementalePREFET de l'Emploi, du Travail et des Solidarit\u00e9sDU GARDL_iberte'Egalit\u00e9Fraternit\u00e9\nR\u00e9c\u00e9piss\u00e9 de d\u00e9claration n\u00b0 30-2024-02-12-n\u00b0d'un organisme de services \u00e0 la personneenregistr\u00e9 sous le n\u00b0 SAP 978893329Le pr\u00e9fet du GardChevalier de la L\u00e9gion d'HonneurChevalier de l'Ordre National du M\u00e9riteVu le code du travail et notamment les articles L.7231-1 \u00e0 L.7233-2, R.7232-18 \u00e0 R.7232-24,D.7231-1 et D.7233-1 \u00e0 D.7233-5 ;Vu le d\u00e9cret du 13 juillet 2023 nommant Monsieur J\u00e9r\u00f4me BONET, pr\u00e9fet du Gard ;Vu l'arr\u00eat\u00e9 de la Premi\u00e8re ministre et du ministre de l'int\u00e9rieur et des outre-mer en date du 21 ao\u00fbt2023 portant nomination de Monsieur Renaud MORIN, en qualit\u00e9 de directeur adjoint de ladirection d\u00e9partementale de l'emploi, du travail et des solidarit\u00e9s du Gard \u00e0 compter du 11septembre 2023 ;Vu l'arr\u00eat\u00e9 pr\u00e9fectoral du 04 octobre 2023 portant d\u00e9l\u00e9gation de signature \u00e0 Monsieur RenaudMORIN, directeur d\u00e9partemental- de l'emploi, du travail et des solidarit\u00e9s du Gard par int\u00e9rim, etl'arr\u00eat\u00e9 de subd\u00e9l\u00e9gation de signature du 03 novembre 2023 aux agents de la directiond\u00e9partementale de l'emploi, du travail et des solidarit\u00e9s du Gard ;Vu la circulaire DGE du 11 avril 2019 relative aux activit\u00e9s de services \u00e0 la personne : d\u00e9clarationet agr\u00e9ment des organismes de services \u00e0 la personne ;Constate : .Qu'une d\u00e9claration d'activit\u00e9s de services \u00e0 la personne a \u00e9t\u00e9 d\u00e9pos\u00e9e aupr\u00e8s de la directiond\u00e9partementale de 'emploi, du travail et des solidarit\u00e9s, le 29 janvier 2024, par PERRIER H\u00e9i\u00e8neen qualit\u00e9 de responsable de l'entreprise, pour l'organisme \u00ab PERRIER H\u00e9l\u00e9ne \u00bb, Siret 97889332900018 dont l'\u00e9tablissement principal est situ\u00e9 au 480 chemin des rondes, 30000 N\u00eemes , etenregistr\u00e9e sous le n\u00b0 SAP 978893329 pour les activit\u00e9s suivantes :Activit\u00e9s relevant uniquement de la d\u00e9claration en mode prestataire :\ne Soutien scolaire ou cours \u00e0 domicile,\nToute modification concernant les activit\u00e9s exerc\u00e9es devra faire l'objet d'une d\u00e9clarationmodificative pr\u00e9alable.\nMas de I'Agriculture \u2014 1120 route de Saint Gilles \u2014 BP 39081 \u2014 30972 NIMES CEDEX 9T\u00e9l : 04 30 08 61 20 \u2014 Fax : 04 30 08 61 21 \u2014 www.gard.gouv.fr\nDirection d\u00e9partementale de l'\u00e9conomie, de l'emploi, du travail et des solidarit\u00e9s  - 30-2024-02-12-00004 - PERRIER H\u00e9l\u00e8ne r\u00e9c\u00e9p decl\nSAP 2024 25\nSous r\u00e9serve d'\u00eatre exerc\u00e9es \u00e0 titre exclusif (ou sous r\u00e9serve d'une comptabilit\u00e9 s\u00e9par\u00e9e pourles personnes morales dispens\u00e9es de cette condition), ces activit\u00e9s ouvrent droit au b\u00e9n\u00e9fice desdispositions des articles L. 7233-2 du code du travail et L. 241-10 du code de la s\u00e9curit\u00e9 socialedans les conditions pr\u00e9vues par ces articles.Les effets de la d\u00e9claration courent \u00e0 compter du jour du d\u00e9p\u00f4t de la d\u00e9claration sous r\u00e9serve desdispositions de l'article R.7232-18 du code du travail.Le pr\u00e9sent r\u00e9c\u00e9piss\u00e9 est \u00e0 port\u00e9e nationale et n'est pas limit\u00e9 dans le temps, \u00e0 I'exception desactivit\u00e9s relevant de l'agr\u00e9ment dont les effets sont limit\u00e9s \u00e0 5 ans.L'enregistrement de la d\u00e9claration peut \u00eatre retir\u00e9 dans les conditions fix\u00e9es aux articles R.7232-20\u00e0 R.7232-22 du code du travail.Le pr\u00e9sent r\u00e9c\u00e9piss\u00e9 sera publi\u00e9 au recueil des actes administratifs de la pr\u00e9fecture duGard.Fait \u00e0 Nimes, le 12 f\u00e9vrier 2024.Pour le directeur d\u00e9partemental de l'emploi, du travailet des solidarit\u00e9s du Gard par int\u00e9rim,Par d\u00e9l\u00e9gation, la responsable du service emploi- et insertion professionnelle ,\nIsabelle REVOL\nVoies de recours :La pr\u00e9sente d\u00e9cision peut, \u00e0 compter de sa publication, faire l'objet d'un recours gracieux aupr\u00e8sde la Direction D\u00e9partementale de FEmploi, du Travail et des Solidarit\u00e9s- Mas de l'Agriculture \u20141120 route de Saint Gilles \u2014 BP 39081 \u2014 30972 NIMES CEDEX 9 ou d'un recours hi\u00e9rarchiqueadress\u00e9 au ministre charg\u00e9 de l'\u00e9conomie - Direction g\u00e9n\u00e9rale des entreprises - sous-direction desservices marchands, 6, rue Louise Weiss, 75703 Paris cedex13.Elle peut \u00e9galement faire l'objet d'un recours contentieux dans un d\u00e9lai de deux mois \u00e0 compter desa publication aupr\u00e8s du Tribunal administratif de N\u00eemes - 16 avenue Feuch\u00e8res - 30000 N\u00eemes.Le tribunal administratif peut \u00eatre saisi par l'application informatique \u00abT\u00e9l\u00e9recours citoyen\u00bbaccessible sur le site internet www.telerecours.fr.En cas de rejet du recours gracieux ou hi\u00e9rarchique ou en l'absence de r\u00e9ponse \u00e0 ce recours (rejetimplicite), un recours contentieux devant le tribunal administratif peut \u00e9galement \u00e9tre form\u00e9 contrela d\u00e9cision initiale dans un d\u00e9lai de deux mois \u00e0 compter de ce rejet.\nDirection d\u00e9partementale de l'\u00e9conomie, de l'emploi, du travail et des solidarit\u00e9s  - 30-2024-02-12-00004 - PERRIER H\u00e9l\u00e8ne r\u00e9c\u00e9p decl\nSAP 2024 26\nDirection d\u00e9partementale de l'\u00e9conomie, de\nl'emploi, du travail et des solidarit\u00e9s \n30-2024-02-14-00005\nVERNET Julien r\u00e9c\u00e9p decl SAP 2024\nDirection d\u00e9partementale de l'\u00e9conomie, de l'emploi, du travail et des solidarit\u00e9s  - 30-2024-02-14-00005 - VERNET Julien r\u00e9c\u00e9p decl\nSAP 2024 27\n| f. < Direction D\u00e9partementalePREFET de l'Emploi, du Travail et des Solidarit\u00e9sDU GARDL'iberte'Egalit\u00e9 .Fraternit\u00e9\nR\u00e9c\u00e9piss\u00e9 de d\u00e9claration n\u00b0 30-2024-02-14-n\u00b0d'un organisme de services \u00e0 la personneenregistr\u00e9 sous le n\u00b0 SAP 982755274Le pr\u00e9fet du Gard_ Chevalier de la L\u00e9gion d'HonneurChevalier de l'Ordre National du M\u00e9riteVu le code du 'travail et notamment les articles L.7231-1 \u00e0 L.7233-2, R.7232-18 \u00e0 R.7232-24,D.7231-1 et D.7233-1 \u00e0 D.7233-5 ;Vu le d\u00e9cret du 13 juillet 2023 nommant Monsieur J\u00e9r\u00f4me BONET, pr\u00e9fet du Gard ;Vu l'arr\u00eat\u00e9 de la Premi\u00e8re ministre et du ministre de l'int\u00e9rieur et des outre-mer en date du 21 ao\u00fbt2023 portant nomination de Monsieur Renaud MORIN, en qualit\u00e9 de directeur adjoint de ladirection d\u00e9partementale de l'emploi, du travail et des solidarit\u00e9s du Gard \u00e0 compter du 11septembre 2023 ;Vu l'arr\u00eat\u00e9 pr\u00e9fectoral du 04 octobre 2023 portant d\u00e9l\u00e9gation de signature \u00e0 Monsieur RenaudMORIN, directeur d\u00e9partemental de l'emploi, du travail et des solidarit\u00e9s du Gard par int\u00e9rim, etlarr\u00e9t\u00e9 de subd\u00e9l\u00e9gation de signature du 03 novembre 2023 aux agents de la directiond\u00e9partementale de 'emploi, du travail et des solidarit\u00e9s du Gard :Vu la circulaire DGE du 11 avril 2019 relative aux activit\u00e9s de services \u00e0 la personne : d\u00e9clarationet agr\u00e9ment des organismes de services \u00e0 la personne ;Constate :Qu'une d\u00e9claration d'activit\u00e9s de services \u00e0 la personne a \u00e9t\u00e9 d\u00e9pos\u00e9e aupr\u00e8s de la directiond\u00e9partementaie de I'emploi, du travail et des solidarit\u00e9s, le 05 f\u00e9vrier 2024, par VERNET Julien enqualit\u00e9 de responsable de l'entreprise, pour l'organisme \u00ab VERNET Julien \u00bb, Siret 98275527400015 dont l'\u00e9tablissement principal est situ\u00e9 au 140 route d'auzas, 30140 SAINT-JEAN-DU-PIN,et enregistr\u00e9e sous le n\u00b0 SAP 982755274 pour les activit\u00e9s suivantes :Activit\u00e9s relevant uniquement de la d\u00e9claration en mode prestataire :e Petits travaux de jardinage,e Travaux de petit bricolage,\nToute modification concemant les activit\u00e9s exerc\u00e9es devra faire l'objet d'une d\u00e9clarationmodificative pr\u00e9alable. ,\nMas de I'Agriculture \u2014 1120 route de Saint Gilles \u2014 BP 39081 \u2014 30972 NIMES CEDEX 9T\u00e9l : 04 30 08 61 20 \u2014 Fax : 04 30 08 61 21 \u2014 www.gard.aouv.fr\nDirection d\u00e9partementale de l'\u00e9conomie, de l'emploi, du travail et des solidarit\u00e9s  - 30-2024-02-14-00005 - VERNET Julien r\u00e9c\u00e9p decl\nSAP 2024 28\nSous r\u00e9serve d'\u00eatre exerc\u00e9es \u00e0 titre exclusif (ou sous r\u00e9serve d'une comptabilit\u00e9 s\u00e9par\u00e9e pourles personnes morales dispens\u00e9es de cette condition), ces activit\u00e9s ouvrent droit au b\u00e9n\u00e9fice desdispositions des articles L. 7233-2 du code du travail et L. 241-10 du code de la s\u00e9curit\u00e9 socialedans les conditions pr\u00e9vues par ces articles.Les effets de la d\u00e9claration courent \u00e0 compter du jour du d\u00e9p\u00f4t de la d\u00e9claration sous r\u00e9serve desdispositions de l'article R.7232-18 du code du travail.Le. pr\u00e9sent r\u00e9c\u00e9piss\u00e9 est \u00e0 port\u00e9e nationale et n'est pas limit\u00e9 dans le temps, \u00e0 l'exception desactivit\u00e9s relevant de l'agr\u00e9ment dont les effets sont limit\u00e9s \u00e0 5 ans.L'enregistrement de la d\u00e9claration peut \u00eatre retir\u00e9 dans les conditions fix\u00e9es aux articles R.7232-20\u00e0 R.7232-22 du code du travail.Le pr\u00e9sent r\u00e9c\u00e9piss\u00e9 sera publi\u00e9 au recueil des actes administratifs de la pr\u00e9fecture duGard.Fait \u00e0 N\u00eemes, le 14 f\u00e9vrier 2024.Pour le directeur d\u00e9partemental de l'emploi, du travailet des solidarit\u00e9s du Gard par int\u00e9rim,Par d\u00e9l\u00e9gation, la responsable du service emploiet insertion professionnelle ,\n722D.\",/ I/\u00ff,\u2014' __ Isabelle REVOL\u00c6 \\\\l\u2014\u2014/ ,I,/ P 4\nVoies de recours :La pr\u00e9sente d\u00e9cision peut, \u00e0 compter de sa publication, faire l'objet d'un recours gracieux aupr\u00e8sde la Direction D\u00e9partementale de l'Emploi, du Travail et des Solidarit\u00e9s- Mas de l'Agriculture \u20141120 route de Saint Gilles \u2014 BP 39081 \u2014 30972 NIMES CEDEX 9 ou d'un recours hi\u00e9rarchiqueadress\u00e9 au ministre charg\u00e9 de l'\u00e9conomie - Direction g\u00e9n\u00e9rale des entreprises - sous-direction desservices marchands, 6, rue Louise Weiss, 75703 Paris cedex13.Elle peut \u00e9galement faire l'objet d'un recours contentieux dans un d\u00e9lai de deux mois \u00e0 compter de'sa publication aupr\u00e8s du Tribunal administratif de N\u00eemes - 16 avenue Feuch\u00e8res - 30000 Nimes.Le tribunal administratif peut \u00eatre saisi par lappllcatlon informatique \u00abT\u00e9l\u00e9recours C|toyen\u00bbaccessible sur le site internet www.telerecours.fr. -En cas de rejet du recours gracieux ou hi\u00e9rarchique ou en l'absence de r\u00e9ponse \u00e0 ce recours (rejetimplicite), un recours contentieux devant le tribunal administratif peut \u00e9galement \u00eatre form\u00e9 contrela d\u00e9cision initiale dans un d\u00e9lai de deux mois \u00e0 compter de ce rejet.\nDirection d\u00e9partementale de l'\u00e9conomie, de l'emploi, du travail et des solidarit\u00e9s  - 30-2024-02-14-00005 - VERNET Julien r\u00e9c\u00e9p decl\nSAP 2024 29\nPrefecture du Gard\n30-2024-02-13-00001\nAP modifiant AP 30-2019-08-05-001 portant\nnomination du chef du centre de r\u00e9tention\nadministrative de N\u00eemes (Gard)\nPrefecture du Gard - 30-2024-02-13-00001 - AP modifiant AP 30-2019-08-05-001 portant nomination du chef du centre de r\u00e9tention\nadministrative de N\u00eemes (Gard) 30\nPR\u00c9FET Service des Migrations et de I'Int\u00e9gration| Bureau de l'\u00c9loignement et de l'AsileDU GARD 5Libert\u00e9\u00c9galit\u00e9Fraternit\u00e9 Arr\u00eat\u00e9 n\u00b0 30-2024-Modifiant l'arr\u00eat\u00e9 pr\u00e9fectoral 30-2019-08-05-001 portant nominationdu Chef du centre de r\u00e9tention administrative de N\u00eemes (GARD)\nLe Pr\u00e9fet du GardChevalier de la L\u00e9gion d'Honneur,Chevalier de l'Ordre National du M\u00e9rite,\nVU le code de l'entr\u00e9e et du s\u00e9jour des \u00e9trangers et du droit d'asile, et notamment les articlesL.744-1 \u00e0 L.744-3 et R.744-1 \u00e0 R.744-15 ;VU le d\u00e9cret n\u00b0 2004-374 du 29 avril 2004 relatif aux pouvoirs du pr\u00e9fet, \u00e0 l'organisation et \u00e0l'action des services de l'Etat dans les r\u00e9gions et les d\u00e9partements ;VU larr\u00e9t\u00e9 interminist\u00e9riel du 12 juillet 2007 portant cr\u00e9ation du centre de r\u00e9tentionadministrative de Nimes pris en application de l'article 2 du d\u00e9cret n\u00b0 2005-617 du 30 mai 2005susvis\u00e9 ; .VU l'arr\u00eat\u00e9 n\u00b030-2019-08-05-001 portant nomination du Chef du centre de r\u00e9tentionadministrative de N\u00eemes (GARD) ;VU le r\u00e8glement int\u00e9rieur du centre de r\u00e9tention administrative de N\u00eemes;SUR proposition du Secr\u00e9taire G\u00e9n\u00e9ral de la Pr\u00e9fecture du Gard ;\nARRETEARTICLE 1 :l'article 2 de l'arr\u00e9t\u00e9 pr\u00e9cit\u00e9 est modifi\u00e9 comme suit : Madame Maryne ALDABO, Major depolice, est d\u00e9sign\u00e9e adjoint au Chef du centre de r\u00e9tention administrative par int\u00e9rim ;-l'article 3 de l'arr\u00e9t\u00e9 pr\u00e9cit\u00e9 est modifi\u00e9 comme suit : Le chef de centre est responsable del'ordre et-de la-s\u00e9curit\u00e9 du centre et de la tenue du registre mentionn\u00e9 \u00e0 l'article L. 744-2. Il aautorit\u00e9 sur l'ensemble des personnes qui concourent au fonctionnement du centre.Le reste est inchang\u00e9.ARTICLE 2 : le Secr\u00e9taire G\u00e9n\u00e9ral de la pr\u00e9fecture du Gard, le Directeur Interd\u00e9partemental dela Police Nationale du Gard et de la Loz\u00e8re, sont charg\u00e9s, chacun en ce qui le concerne, del'ex\u00e9cution du pr\u00e9sent arr\u00eat\u00e9. A N\u00eemes, le /p% IQ;Z IOQQQZ{ JLe Pr\u00e9fetPour le pr\u00e9fet,H\u00f4te! de la Pr\u00e9fecture le sous;pr\u00e9feti n10 avenue Feuch\u00e8res \u2014 30045 NIMES CEDEX 9 secr\u00e9tare g\u00e7n\u00e8ral adjointT\u00e9l : 04 66 36 43 90Fax : 04 66 36 CO 87 - www.gard.gouv.fr 1/1Mathias NI\nPrefecture du Gard - 30-2024-02-13-00001 - AP modifiant AP 30-2019-08-05-001 portant nomination du chef du centre de r\u00e9tention\nadministrative de N\u00eemes (Gard) 31","date":"2024-02-16","first_seen_on":"2025-01-08T21:55:34+00:00","id":"e12a298fa4fc7e20c4fc9a4d8a93b35af51397c72fbc2ae0f77a9c37345b0347","name":"recueil-30-2024-031-nominatifs du 16 02 2024","pdf_creation_date":"2024-02-16T14:49:06+00:00","pdf_modification_date":null,"timezone":"CET","url":"https://www.gard.gouv.fr/contenu/telechargement/56723/425271/file/recueil-30-2024-031-nominatifs%20du%2016%2002%202024.pdf"}
