{"administration":"pref69","administration_name":"Pr\u00e9fecture du Rh\u00f4ne","content":"PR\u00c9F\u00c8TE\nDU RH\u00d4NE\nRECUEIL DES ACTES\nADMINISTRATIFS SP\u00c9CIAL\n(NOMINATIFS)\nN\u00b069-2025-287\nPUBLI\u00c9 LE  5 NOVEMBRE 2025\nSommaire\n69_Pr\u00e9f_Pr\u00e9fecture du Rh\u00f4ne / Direction de la Coordination des\nPolitiques Interminist\u00e9rielles\n69-2025-10-30-00005 - Arr\u00eat\u00e9 pr\u00e9fectoral du 30 octobre 2025 portant\nd\u00e9l\u00e9gation de signature \u00e0 Mme C\u00e9cile du CLUZEL, directrice de la\ns\u00e9curit\u00e9 de l'aviation civile Centre-Est (4 pages) Page 3\n2\n69_Pr\u00e9f_Pr\u00e9fecture du Rh\u00f4ne\n69-2025-10-30-00005\nArr\u00eat\u00e9 pr\u00e9fectoral du 30 octobre 2025 portant\nd\u00e9l\u00e9gation de signature \u00e0 Mme C\u00e9cile du\nCLUZEL, directrice de la s\u00e9curit\u00e9 de l'aviation\ncivile Centre-Est\n69_Pr\u00e9f_Pr\u00e9fecture du Rh\u00f4ne - 69-2025-10-30-00005 - Arr\u00eat\u00e9 pr\u00e9fectoral du 30 octobre 2025 portant d\u00e9l\u00e9gation de signature \u00e0 Mme\nC\u00e9cile du CLUZEL, directrice de la s\u00e9curit\u00e9 de l'aviation civile Centre-Est 3\nesPREFETEDU RHONELibert\u00e9Egalit\u00e9Fraternit\u00e9\nDirection de la coordination\ndes politiques interminist\u00e9rielles\nLyon, le  30 octobre 2025\nARR\u00caT\u00c9 PR\u00c9FECTORAL N\u00b0                                                                                                   \nportant d\u00e9l\u00e9gation de signature \u00e0 Mme C\u00e9cile du CLUZEL,\ndirectrice de la s\u00e9curit\u00e9 de l'aviation civile Centre-Est\nLA PR\u00c9F\u00c8TE DE LA R\u00c9GION AUVERGNE-RH\u00d4NE-ALPES,\nPR\u00c9F\u00c8TE DE LA ZONE DE D\u00c9FENSE ET DE S\u00c9CURIT\u00c9 SUD-EST,\nPR\u00c9F\u00c8TE DU RH\u00d4NE\nCommandeur de la L\u00e9gion d'honneur\nCommandeur de l'ordre national du M\u00e9rite\nVu le code des transports ;\nVu la loi n\u00b0 82-213 du 2 mars 1982 modifi\u00e9e relative aux droits et libert\u00e9s des communes, des\nd\u00e9partements et des r\u00e9gions ;\nVu  la  loi  d'orientation  de  la  r\u00e9publique  n\u00b092-125  du  6  f\u00e9vrier  1992  modifi\u00e9e  relative  \u00e0\nl'administration territoriale de la R\u00e9publique ;\nVu la loi 2004-809 du 13 ao\u00fbt 2004 relative aux libert\u00e9s et aux responsabilit\u00e9s locales ;\nVu  le  d\u00e9cret  n\u00b0  97-34  du  15  janvier  1997  modifi\u00e9  relatif  \u00e0  la  d\u00e9concentration  des  d\u00e9cisions\nadministratives individuelles ;\nVu le d\u00e9cret n\u00b0 97-1198 du 19 d\u00e9cembre 1997 pris pour l'application au ministre de l'\u00c9quipement,\ndes transports et du logement du 1\u00b0 de l'article 2 du d\u00e9cret 97-34 du 15 janvier 1997 relatif \u00e0 la\nd\u00e9concentration des d\u00e9cisions administratives individuelles ;\nVu le d\u00e9cret n\u00b0 2004-374 du 29 avril 2004 modifi\u00e9 relatif aux pouvoirs des pr\u00e9fets, \u00e0 l'organisation et\n\u00e0 l'action des services de l'\u00c9tat dans les r\u00e9gions et d\u00e9partements ;\nVu le d\u00e9cret n\u00b0 2008-1299 du 11 d\u00e9cembre 2008 modifi\u00e9 cr\u00e9ant la direction de la s\u00e9curit\u00e9 de\nl'aviation civile ;\nVu le d\u00e9cret du 11 janvier 2023 en conseil des ministres portant nomination de Mme Fabienne\nBUCCIO en qualit\u00e9 de pr\u00e9f\u00e8te de la r\u00e9gion Auvergne-Rh\u00f4ne-Alpes, pr\u00e9f\u00e8te de la zone de d\u00e9fense et\nde s\u00e9curit\u00e9 Sud-Est, pr\u00e9f\u00e8te du Rh\u00f4ne (hors classe) ;\nVu le proc\u00e8s-verbal d'installation de Mme Fabienne BUCCIO en qualit\u00e9 de pr\u00e9f\u00e8te de la r\u00e9gion\nAuvergne-Rh\u00f4ne-Alpes, pr\u00e9f\u00e8te de la zone de d\u00e9fense et de s\u00e9curit\u00e9 Sud-Est, pr\u00e9f\u00e8te du Rh\u00f4ne, \u00e0\ncompter du 30 janvier 2023 ;\nVu l'arr\u00eat\u00e9 minist\u00e9riel n\u00b0 649820204330 du 8 ao\u00fbt 2023 portant nomination de Madame C\u00e9cile du\nCLUZEL, ing\u00e9nieure des \u00e9tudes et de l'exploitation de l'aviation civile, directrice de la s\u00e9curit\u00e9 de\nl'aviation civile Centre-Est \u00e0 compter du 1er septembre 2023 ;\n1/4\n69_Pr\u00e9f_Pr\u00e9fecture du Rh\u00f4ne - 69-2025-10-30-00005 - Arr\u00eat\u00e9 pr\u00e9fectoral du 30 octobre 2025 portant d\u00e9l\u00e9gation de signature \u00e0 Mme\nC\u00e9cile du CLUZEL, directrice de la s\u00e9curit\u00e9 de l'aviation civile Centre-Est 4\nVu le d\u00e9cret du 15 mai 2025 portant nomination du pr\u00e9fet, secr\u00e9taire g\u00e9n\u00e9ral de la pr\u00e9fecture du\nRh\u00f4ne, pr\u00e9fet d\u00e9l\u00e9gu\u00e9 pour l'\u00e9galit\u00e9 des chances aupr\u00e8s de la pr\u00e9f\u00e8te de la r\u00e9gion Auvergne-Rh\u00f4ne-\nAlpes, pr\u00e9f\u00e8te de la zone de d\u00e9fense et de s\u00e9curit\u00e9 Sud-Est, pr\u00e9f\u00e8te du Rh\u00f4ne - M. Fabrice ROSAY ;\nSur  proposition  du  pr\u00e9fet,  secr\u00e9taire  g\u00e9n\u00e9ral  de  la  pr\u00e9fecture  du  Rh\u00f4ne,  pr\u00e9fet d\u00e9l\u00e9gu\u00e9  pour\nl'\u00e9galit\u00e9 des chances ;\nARR\u00caTE\nArticle 1 : D\u00e9l\u00e9gation de signature est donn\u00e9e \u00e0 Mme C\u00e9cile du CLUZEL, directrice de la s\u00e9curit\u00e9 de\nl'aviation civile Centre-Est, \u00e0 l'effet de signer au nom de la pr\u00e9f\u00e8te, dans le cadre de ses attributions\net comp\u00e9tences, les d\u00e9cisions suivantes :\nN\u00b0 Nature de la d\u00e9cision R\u00e9f\u00e9rences\n1\nR\u00e9tention d'a\u00e9ronef fran\u00e7ais ou \u00e9tranger qui ne remplit\npas les conditions pr\u00e9vues par le code des transports et\npour se livrer \u00e0 la circulation a\u00e9rienne ou dont le pilote\na commis une infraction au sens de ce code\nArticles  L.6231-1  et  L.6231-2  du\ncode des transports\n2\nD\u00e9cisions  de  d\u00e9livrance  des  titres  de  circulation\npermettant l'acc\u00e8s et la circulation en zone c\u00f4t\u00e9 piste\nou  en  zone  de  s\u00fbret\u00e9  \u00e0  l'acc\u00e8s  r\u00e9glement\u00e9  des\na\u00e9rodromes\nArticles R.6342-14 et R.6342-24 du\ncode des transports\n3\nD\u00e9rogations  aux  hauteurs  minimales  de  vol  impos\u00e9es\npar  la  r\u00e9glementation,  en  dehors  du  survol  des\nagglom\u00e9rations, ou des rassemblements de personnes\nou  d'animaux  en  plein  air,  ou  le  survol  de  certaines\ninstallations ou \u00e9tablissements\nR\u00e8glement  de  la  circulation\na\u00e9rienne\n4\nAutorisations,  dans  les  zones  grev\u00e9es  de  servitudes\na\u00e9ronautiques,  d'installations  et  \u00e9quipements\nconcourant \u00e0 la s\u00e9curit\u00e9 de la navigation a\u00e9rienne et du\ntransport  a\u00e9rien  public,  ainsi  que  d'installations\nn\u00e9cessaires  \u00e0  la  conduite  de  travaux  pour  une  dur\u00e9e\nlimit\u00e9e\nArticles R.6351-12 et R.6351-13 du\ncode des transports\n5 Autorisation  de  re-d\u00e9collage  d'a\u00e9ronefs  ayant  \u00e9t\u00e9\ncontraints d'atterrir hors d'un a\u00e9rodrome r\u00e9guli\u00e8rement\n\u00e9tabli\nArticle  D.6212-2  du  code  des\ntransports\n6\nD\u00e9cisions de validation des acquis, d'octroi, de retrait,\nou de suspension des agr\u00e9ments des personnels charg\u00e9s\ndu service de sauvetage et de lutte contre l'incendie\nArticle  D.6332-14  du  code  des\ntransports\n7\nLes  documents  relatifs  au  contr\u00f4le  du  respect  des\ndispositions applicables au service de sauvetage et de\nlutte contre l'incendie par les exploitants d'a\u00e9rodromes\nou les organismes auxquels ils ont confi\u00e9 leur service,\nainsi  que  ceux  relatifs  au  contr\u00f4le  du  respect  des\ndispositions  relatives  \u00e0  la  mise  en  \u0153uvre  de  la\npr\u00e9vention et de la lutte contre le p\u00e9ril animalier par les\nexploitants d'a\u00e9rodromes\nArticles  D.6332-15  et  D.6332-45\ndu code des transports\n2/4\n69_Pr\u00e9f_Pr\u00e9fecture du Rh\u00f4ne - 69-2025-10-30-00005 - Arr\u00eat\u00e9 pr\u00e9fectoral du 30 octobre 2025 portant d\u00e9l\u00e9gation de signature \u00e0 Mme\nC\u00e9cile du CLUZEL, directrice de la s\u00e9curit\u00e9 de l'aviation civile Centre-Est 5\nArticle 2 : Sont exclus de la d\u00e9l\u00e9gation consentie par le pr\u00e9sent arr\u00eat\u00e9 :\n\uf0b7 les m\u00e9moires en d\u00e9fense pr\u00e9sent\u00e9s au nom de l'\u00c9tat \u00e0 l'occasion des recours form\u00e9s devant\nles juridictions administratives et n\u00e9s de l'activit\u00e9 de la Direction de la s\u00e9curit\u00e9 de l'aviation\ncivile Centre-Est, ainsi que dans les cas de proc\u00e9dure d'urgence pr\u00e9vus au livre V du code de\nla Justice ;\n\uf0b7 les correspondances avec les parlementaires, les anciens ministres, les conseillers r\u00e9gionaux\net g\u00e9n\u00e9raux, les pr\u00e9sidents des associations des maires et les maires ;\n\uf0b7 les conventions avec les collectivit\u00e9s territoriales et leurs \u00e9tablissements publics ;\n\uf0b7 les correspondances entrant dans le cadre de la n\u00e9gociation du contrat de projets.\nArticle  3  :  En  cas  d'absence  ou d'emp\u00eachement  de  Mme  C\u00e9cile  du  CLUZEL,  d\u00e9l\u00e9gation  est\nconsentie aux agents plac\u00e9s sous son autorit\u00e9, dans les limites de leurs attributions, \u00e0 l'effet de\nsigner les actes ou d\u00e9cisions pr\u00e9vues \u00e0 l'article 1 :\n\uf0b7 M. Romain BEVILLARD, adjoint \u00e0 la directrice, charg\u00e9 des affaires techniques, pour les  \u00a7 1 \u00e0\n7 ;\n\uf0b7 Mme G\u00e9raldine MARCHAND-DEMONCHEAUX, cheffe de cabinet, pour les \u00a7 1 \u00e0 7 ;\n\uf0b7 M. Thierry LHOMMEAU, r\u00e9f\u00e9rent territorial, pour les \u00a7 1 \u00e0 7 ;\n\uf0b7 M. Marc BALLAND, responsable qualit\u00e9 / PPO, pour les \u00a7 1 \u00e0 7 ;\n\uf0b7 M. Simon DUPIN, chef de la division op\u00e9rations a\u00e9riennes, pour le \u00a7 1 ;\n\uf0b7 M. Bertrand DREVON, chef de la division s\u00fbret\u00e9, pour le \u00a7 2 ;\n\uf0b7 M. Laurent LASSASSEIGNE, adjoint au chef de la division s\u00fbret\u00e9 pour le \u00a7 2 ;\n\uf0b7 Mme Chlo\u00e9 DUPOUY, agent \u00e0 la division s\u00fbret\u00e9, pour le \u00a7 2 ;\n\uf0b7 MM. Sami MA\u00cfT et Romain GARCIA, agents \u00e0 la division s\u00fbret\u00e9, pour le \u00a7 2 ;\n\uf0b7 Mme Gwendolyne BRETAGNE, cheffe de la division aviation g\u00e9n\u00e9rale, pour le \u00a7 3 ;\n\uf0b7 M.  Pierre-Etienne  CRABB\u00c9,  chef  de  la  subdivision  a\u00e9ronefs  et  activit\u00e9s  dans  la  division\naviation g\u00e9n\u00e9rale, pour le \u00a7 3 ;\n\uf0b7 Mme Nathalie SPYCKERELLE, cheffe de la division r\u00e9gulation et d\u00e9veloppement durable ,\npour le \u00a7 4 ;\n\uf0b7 M.  Morgan  HENNARD,  adjoint  \u00e0  la  cheffe  de  la  division  r\u00e9gulation  et  d\u00e9veloppement\ndurable, pour le \u00a7 4;\n\uf0b7 Mme Carole SOUFFLET, cheffe de la division a\u00e9roports et navigation a\u00e9rienne, pour les \u00a7 6 et\n7 .\nArticle  4  :  En  cas  d'absence  ou  d'emp\u00eachement  de  Mme  C\u00e9cile  du  CLUZEL,  d\u00e9l\u00e9gation  est\nconsentie aux agents plac\u00e9s sous son autorit\u00e9, en tant que cadres de permanence de direction\nlorsqu'ils assurent l'astreinte de direction, \u00e0 l'effet de signer les actes ou d\u00e9cisions pr\u00e9vue l'article 1\npour les \u00a7 1 et 5 :\n\uf0b7 M. Romain BEVILLARD, adjoint \u00e0 la directrice, charg\u00e9 des affaires techniques\n\uf0b7 Mme G\u00e9raldine MARCHAND-DEMONCHEAUX, cheffe de cabinet ;\n\uf0b7 M. Thierry LHOMMEAU, r\u00e9f\u00e9rent territorial ;\n\uf0b7 M. Marc BALLAND, responsable qualit\u00e9 / PPO;\n\uf0b7 M. Bertrand DREVON, chef de la division s\u00fbret\u00e9 ;\n\uf0b7 M. Laurent LASSASSEIGNE, adjoint au chef de la division s\u00fbret\u00e9 ;\n\uf0b7 M. Simon DUPIN, chef de la division op\u00e9rations a\u00e9riennes ;\n\uf0b7 Mme Nathalie SPYCKERELLE, cheffe de la division r\u00e9gulation et d\u00e9veloppement durable ;\n\uf0b7 M.  Morgan  HENNARD,  adjoint  \u00e0  la  cheffe  de  la  division  r\u00e9gulation  et  d\u00e9veloppement\ndurable;\n\uf0b7 Mme Carole SOUFFLET, cheffe de la division a\u00e9roports et navigation a\u00e9rienne ;\n\uf0b7 Mme Gwendolyne BRETAGNE, cheffe de la division aviation g\u00e9n\u00e9rale.\n3/4\n69_Pr\u00e9f_Pr\u00e9fecture du Rh\u00f4ne - 69-2025-10-30-00005 - Arr\u00eat\u00e9 pr\u00e9fectoral du 30 octobre 2025 portant d\u00e9l\u00e9gation de signature \u00e0 Mme\nC\u00e9cile du CLUZEL, directrice de la s\u00e9curit\u00e9 de l'aviation civile Centre-Est 6\nArticle  5 : Le  pr\u00e9sent  arr\u00eat\u00e9  peut  faire  l'objet  d'un  recours  contentieux  devant  le  tribunal\nadministratif de Lyon dans un d\u00e9lai de deux mois \u00e0 compter de sa publication,  conform\u00e9ment \u00e0\nl'article  R.  421-1  du  code  de  justice  administrative,  ou  de  mani\u00e8re  d\u00e9mat\u00e9rialis\u00e9e  via le  site\ncitoyens.telerecours.fr selon l'article R. 414-6 du code de justice administrative.\nArticle 6 : Le  pr\u00e9fet, secr\u00e9taire g\u00e9n\u00e9ral de la pr\u00e9fecture du Rh\u00f4ne, pr\u00e9fet d\u00e9l\u00e9gu\u00e9 pour l'\u00e9galit\u00e9 des\nchances, et la directrice de l'aviation civile Centre -Est, sont charg\u00e9s, chacun en ce qui le concerne,\nde l'ex\u00e9cution du pr\u00e9sent arr\u00eat\u00e9 qui sera publi\u00e9 au recueil des actes administratifs de la pr\u00e9fecture\ndu Rh\u00f4ne.\n4/4\nLa pr\u00e9f\u00e8te,\nFabienne BUCCIO\n69_Pr\u00e9f_Pr\u00e9fecture du Rh\u00f4ne - 69-2025-10-30-00005 - Arr\u00eat\u00e9 pr\u00e9fectoral du 30 octobre 2025 portant d\u00e9l\u00e9gation de signature \u00e0 Mme\nC\u00e9cile du CLUZEL, directrice de la s\u00e9curit\u00e9 de l'aviation civile Centre-Est 7","date":"2025-11-05","first_seen_on":"2025-11-05T15:41:05+00:00","id":"e15bac4aa105d57f9d97c97440ef04cf7bf360f69a4c74cbe2836f507b870a24","name":"RAA_69-2025-287-051125","pdf_creation_date":"2025-11-05T15:02:50+00:00","pdf_modification_date":null,"timezone":"Europe/Paris","url":"https://www.rhone.gouv.fr/contenu/telechargement/66106/445320/file/RAA_69-2025-287-051125.pdf"}
