{"administration":"pref01","administration_name":"Pr\u00e9fecture de l\u2019Ain","content":"AIN\nRECUEIL DES ACTES\nADMINISTRATIFS SP\u00c9CIAL\n(NOMINATIFS)\nN\u00b001-2026-072\nPUBLI\u00c9 LE 26 F\u00c9VRIER 2026\nSommaire\n01_Pref_Pr\u00e9fecture de l'Ain /\n01-2026-02-24-00003 - AP d\u00e9l\u00e9gation de signature N PICHET 24 02 2026\n(3 pages) Page 3\n2\n01_Pref_Pr\u00e9fecture de l'Ain\n01-2026-02-24-00003\nAP d\u00e9l\u00e9gation de signature N PICHET 24 02 2026\n01_Pref_Pr\u00e9fecture de l'Ain - 01-2026-02-24-00003 - AP d\u00e9l\u00e9gation de signature N PICHET 24 02 2026 3\n| |PREFETDE VAINLibert\u00e9Egalit\u00e9Fraternit\u00e9\nARR\u00caT\u00c9 PR\u00c9FECTORAL\nPortant d\u00e9l\u00e9gation de signature \u00e0 Madame Nathalie PICHET,\nConseill\u00e8re d'administration de l'int\u00e9rieur et de l'outre-mer,\nDirectrice du secr\u00e9tariat g\u00e9n\u00e9ral commun d\u00e9partemental de l'Ain\nLE PR\u00c9FET DE L'AIN\nVU  la  loi  n\u00b0  92-125  du  06  f\u00e9vrier  1992  relative  \u00e0  l'administration  territoriale  de  la\nR\u00e9publique ;\nVU la loi n\u00b0 84-16 du 11 janvier 1984 modifi\u00e9e portant dispositions statutaires relatives \u00e0 la\nfonction publique de l'\u00c9tat ;\nVU  la loi n\u00b0 82-213 du 02 mars 1982 relative aux droits et libert\u00e9s des communes, des\nd\u00e9partements et des r\u00e9gions ;\nVU le d\u00e9cret  n\u00b0  2004-374 du 29 avril 2004 modifi\u00e9 relatif aux pouvoirs des pr\u00e9fets, \u00e0\nl'organisation et \u00e0 l'action des services de l'\u00c9tat dans les r\u00e9gions et d\u00e9partements ;\nVU le d\u00e9cret n\u00b0  2009-1484 du 3 d\u00e9cembre 2009 relatif aux directions d\u00e9partementales\ninterminist\u00e9rielles ;\nVU le d\u00e9cret  n\u00b0  2020-99 du 7 f\u00e9vrier  2020 relatif  \u00e0 l'organisation et aux missions des\nsecr\u00e9tariats g\u00e9n\u00e9raux communs d\u00e9partementaux ;\nVU le d\u00e9cret n\u00b0 2025-836 du 20 ao\u00fbt 2025 portant diverses mesures de d\u00e9concentration\nen mati\u00e8re de ressources humaines ;\nVU le  d\u00e9cret  du  02  d\u00e9cembre  2025  portant  nomination  de  Monsieur  Louis-Xavier\nTHIRODE, en qualit\u00e9 de pr\u00e9fet de l'Ain ;\nVU l'arr\u00eat\u00e9  du  28  d\u00e9cembre  2017  portant  d\u00e9l\u00e9gation  de  pouvoir  en  mati\u00e8re  de\nrecrutement et de gestion des personnels administratifs du minist\u00e8re de l'int\u00e9rieur ;\nVU l'arr\u00eat\u00e9  du  28  d\u00e9cembre  2017  portant  d\u00e9l\u00e9gation  de  pouvoir  en  mati\u00e8re  de\nrecrutement et de gestion de certains personnels techniques et sp\u00e9cialis\u00e9s du minist\u00e8re\nde l'int\u00e9rieur ;\nVU l'arr\u00eat\u00e9 du 20 ao\u00fbt 2025 portant d\u00e9concentration des d\u00e9cisions relatives \u00e0 la situation\nindividuelle des fonctionnaires et agents contractuels exer\u00e7ant leurs fonctions dans les\ndirections d\u00e9partementales interminist\u00e9rielles ;\n1\n01_Pref_Pr\u00e9fecture de l'Ain - 01-2026-02-24-00003 - AP d\u00e9l\u00e9gation de signature N PICHET 24 02 2026 4\nVU  l'arr\u00eat\u00e9  du  16  f\u00e9vrier  2021  portant  d\u00e9signation  de  Madame  Nathalie  PICHET,\nconseill\u00e8re  d'administration  de  l'int\u00e9rieur  et  de  l'outre-mer ,  directrice  du  secr\u00e9tariat\ng\u00e9n\u00e9ral commun \u00e0 la pr\u00e9fecture et aux directions d\u00e9partementales interminist\u00e9rielles de\nl'Ain ;\nVU l'arr\u00eat\u00e9  pr\u00e9fectoral  du  22  d\u00e9cembre  2025  por tant  d\u00e9l\u00e9gation  de  signature  \u00e0\nMadame Nathalie PICHET,  c onseill\u00e8re d'administration  de l'int\u00e9rieur  et  de l'outre-mer ,\ndirectrice du secr\u00e9tariat g\u00e9n\u00e9ral commun d\u00e9partemental de l'Ain ;\nSUR proposition  de  la  secr\u00e9taire  g\u00e9n\u00e9rale  de  la  pr\u00e9fecture  de  l'Ain,  sous-pr\u00e9f\u00e8te  de\nl'arrondissement de Bourg-en-Bresse  ;\nA R R \u00ca T E\nArticle   1     :   D\u00e9l\u00e9gation est donn\u00e9e \u00e0 Madame Nathalie PICHET, conseill\u00e8re d'administration\nde l'int\u00e9rieur et de l'outre-mer, directrice du secr\u00e9tariat g\u00e9n\u00e9ral commun d\u00e9partemental\nde l'Ain,  \u00e0 l'effet de signer l'ensemble des arr\u00eat\u00e9s, d\u00e9cisions et correspondances relatifs\naux activit\u00e9s de son service, \u00e0 l'exclusion :\n\u2022 des actes r\u00e9glementaires de port\u00e9e g\u00e9n\u00e9rale ;\n\u2022 des circulaires et instructions g\u00e9n\u00e9rales ;\n\u2022 des  mesures  disciplinaires  autres  que  les  sanctions  du  premier  groupe\n(avertissements, bl\u00e2mes et exclusions temporaires de fonctions de 1 \u00e0 3  jours) ;\n\u2022 des  correspondances  adress\u00e9es  aux  ministres,  aux  cabinets  minist\u00e9riels  et  aux\nadministrations centrales ;\n\u2022 des courriers aux \u00e9lus ;\n\u2022 des courriers de saisine des juridictions et les m\u00e9moires en d\u00e9fense de l'\u00c9tat.\nArticle 2     :   D\u00e9l\u00e9gation est donn\u00e9e \u00e0  Madame Nathalie PICHET  \u00e0 l'effet de signer, pour\nl'ensemble  des  agents  de  la  pr\u00e9fecture  et  des  directions  d\u00e9partementales\ninterminist\u00e9rielles, les arr\u00eat\u00e9s, d\u00e9cisions et correspondances en mati\u00e8re de gestion des\nressources humaines, \u00e0 l'exception des actes suivants :\n\u2022 d\u00e9cisions de titularisation ;\n\u2022 modification  des  quotit\u00e9s  et  des  modalit\u00e9s  de  travail,  dont  autorisations  de\nt\u00e9l\u00e9travail ;\n\u2022 actes li\u00e9s \u00e0 la gestion du temps ;\n\u2022 autorisations d'absence, cong\u00e9s pour \u00e9v\u00e8nements familiaux ;\n\u2022 cong\u00e9s maladie ordinaire (CMO), sauf pour la pr\u00e9fecture ;\n\u2022 avis  sur  formulaires  de  mobilit\u00e9,  tableaux  r\u00e9capitulant  les  postes  \u00e0  publier,\nclassement des candidats ;\n\u2022 avis sur demandes de d\u00e9parts \u00e0 la retraite ;\n\u2022 avis sur demandes de disponibilit\u00e9 ;\n\u2022 avis sur demandes de rupture conventionnelle, d'indemnit\u00e9 de d\u00e9part volontaire ;\n\u2022 dossiers de propositions de promotion, tableaux r\u00e9capitulatifs ;\n\u2022 contrats, sauf pour la pr\u00e9fecture en cas d'absence de Mme la secr\u00e9taire g\u00e9n\u00e9rale ;\n\u2022 conventions de stage et actes li\u00e9s ;\n\u2022 \u00e9tats  de  d\u00e9claration  relatifs  aux  astreintes,  heures  d'intervention,  heures\nsuppl\u00e9mentaires ;\n\u2022 r\u00e9partition et notification des primes et indemnit\u00e9s (dont la NBI) ;\n2\n01_Pref_Pr\u00e9fecture de l'Ain - 01-2026-02-24-00003 - AP d\u00e9l\u00e9gation de signature N PICHET 24 02 2026 5\n\u2022 versement des rentes ;\n\u2022 d\u00e9clarations d'accident de travail, arr\u00eat\u00e9s d'imputabilit\u00e9/de non imputabilit\u00e9 ;\n\u2022 avis sur demandes de formation ;\n\u2022 sanctions disciplinaires ;\n\u2022 arr\u00eat\u00e9s de cr\u00e9ation des CSA ;\n\u2022 convocation aux instances de concertation sociale ;\n\u2022 fixation des r\u00e8glements int\u00e9rieurs ;\n\u2022 engagement et r\u00e9ponse aux recours et contentieux ;\n\u2022 op\u00e9rations li\u00e9es aux \u00e9lections professionnelles.\nArticle 3     :   Madame Nathalie PICHET peut  subd\u00e9l\u00e9guer  sa signature \u00e0 un ou plusieurs\nagents plac\u00e9s sous son autorit\u00e9. \nLes arr\u00eat\u00e9s de subd\u00e9l\u00e9gation seront transmis \u00e0 la secr\u00e9taire g\u00e9n\u00e9rale et feront l'objet d'une\npublication au recueil des actes administratifs de la pr\u00e9fecture.\nArticle     4 :   Le pr\u00e9sent arr\u00eat\u00e9 prend effet le lendemain du jour de sa publication. \u00c0 compter\nde cette date, toutes les dispositions ant\u00e9rieures au pr\u00e9sent arr\u00eat\u00e9 sont abrog\u00e9es.\nArticle     5 :   Le pr\u00e9sent arr\u00eat\u00e9 peut faire l'objet :\n\u2022 d'un recours administratif (gracieux et/ou hi\u00e9rarchique, conform\u00e9ment aux articles\nL410 - 1,  L411-1,  L411-2  et  suivants  du  code  des  relations  entre  le  public  et\nl'administration ;\n\u2022 d'un recours contentieux devant le tribunal administratif de Lyon dans un d\u00e9lai de\ndeux mois \u00e0 compter de sa publication, conform\u00e9ment \u00e0 l'article R. 421-1 du Code\nde  justice  administrative,  ou  de  mani\u00e8re  d\u00e9mat\u00e9rialis\u00e9e  via le  site\ncitoyens.telerecours.fr selon l'article R. 414-6 du Code de justice administrative.\nArticle     6     :   Madame la secr\u00e9taire g\u00e9n\u00e9rale de la pr\u00e9fecture de l'Ain, Messieurs les directeurs\ndes directions d\u00e9partementales interminist\u00e9rielles et Madame  la directrice du secr\u00e9tariat\ng\u00e9n\u00e9ral commun d\u00e9partemental de l'Ain, sont charg\u00e9s, chacun en ce qui le concerne, de\nl'ex\u00e9cution du pr\u00e9sent arr\u00eat\u00e9. Ce dernier sera notifi\u00e9 aux int\u00e9ress\u00e9(e)s et publi\u00e9 au recueil\ndes actes administratifs de la pr\u00e9fecture de l'Ain.\n  Bourg-en-Bresse, le 24 f\u00e9vrier 2026\n                             Le pr\u00e9fet, \n \n     Sign\u00e9 : Louis-Xavier THIRODE\n         \n3\n01_Pref_Pr\u00e9fecture de l'Ain - 01-2026-02-24-00003 - AP d\u00e9l\u00e9gation de signature N PICHET 24 02 2026 6","date":"2026-02-26","first_seen_on":"2026-02-26T17:06:49+00:00","id":"e160148e4cf84ac0ff5a76521bd0c67c315aab8cb6d2359545bbbe92e75cefa6","name":"recueil-01-2026-072-recueil-des-actes-administratifs-nominatifs - 26-02-2026","pdf_creation_date":"2026-02-26T15:34:39+00:00","pdf_modification_date":null,"timezone":"Europe/Paris","url":"https://www.ain.gouv.fr/contenu/telechargement/34864/243357/file/recueil-01-2026-072-recueil-des-actes-administratifs-nominatifs%20-%2026-02-2026.pdf"}
