{"administration":"pref37","administration_name":"Pr\u00e9fecture d\u2019Indre-et-Loire","content":"INDRE-ET-LOIRE\nRECUEIL DES ACTES\nADMINISTRATIFS\nN\u00b037-2025-09019\nPUBLI\u00c9 LE  9 SEPTEMBRE 2025\nSommaire\nPr\u00e9fecture d'Indre et Loire /\n37-2025-09-08-00001 - AP modif sign\u00e9 merged (6 pages) Page 3\n2\nPr\u00e9fecture d'Indre et Loire\n37-2025-09-08-00001\nAP modif sign\u00e9 merged\nPr\u00e9fecture d'Indre et Loire - 37-2025-09-08-00001 - AP modif sign\u00e9 merged 3\nARRETE PORTANT MODIFICATION DE LA COMMISSION DEPARTEMENTALE DE LA NATURE, DESPAYSAGES ET DES SITES D'INDRE-ET-LOIRELe Pr\u00e9fet d'Indre-et-Loire,Chevalier de la l\u00e9gion d'honneur,Chevalier de l'ordre national du m\u00e9riteVu :- le Code de l'Environnement et notamment ses articles R. 341-16 et suivants ;- le Code de l'Urbanisme ;- le Code G\u00e9n\u00e9ral des Collectivit\u00e9s territoriales ;- le Code du Patrimoine ;- le d\u00e9cret du 6 novembre 2024 portant nomination de Thomas CAMPEAUX en qualit\u00e9 de pr\u00e9fetd'Indre-et-Loire ;- l'arr\u00eat\u00e9 pr\u00e9fectoral du 6 f\u00e9vrier 2007 modifi\u00e9 fixant la composition, l'organisation et lefonctionnement de la commission d\u00e9partementale de la nature, des paysages et des sites ;- l'arr\u00eat\u00e9 pr\u00e9fectoral du 13 juin 2025 portant renouvellement des membres de la commissiond\u00e9partementale de la nature, des paysages et des sites d'Indre-et-Loire ;- le courrier du 4 juillet 2025 de la chambre d'agriculture d\u00e9signant ses repr\u00e9sentants au sein desdiff\u00e9rentes formations de la commission d\u00e9partementale de la nature, des paysages et des sitesd'Indre-et-Loire ;Consid\u00e9rant ce qui suit :- il est n\u00e9cessaire de modifier I'arr\u00e9t\u00e9 de renouvellement de la composition de l'instance du 13 juin2025 susvis\u00e9 ;- le tableau d\u00e9signant l'ensemble des membres de l'instance est annex\u00e9 au pr\u00e9sent arr\u00eat\u00e9 pour unemeilleure lisibilit\u00e9;SUR proposition de Madame la Secr\u00e9taire G\u00e9n\u00e9rale de la pr\u00e9fecture d'Indre-et-Loire,\nARR\u00caTEArticle 1: au sein des formations \u00ab de la nature \u00bb, \u00ab des sites et paysages \u00bb, des carri\u00e8res \u00bb et de lapublicit\u00e9 \u00bb, les coll\u00e8ges 3 des personnalit\u00e9s qualifi\u00e9es en mati\u00e8re de sciences de la nature, deprotection des sites ou du cadre de vie sont modifi\u00e9s comme suit :\n15, rue Bernard Palissy37925 Tours Cedex 9T\u00e9l. : 02 47 64 37 37M\u00e9l : prefecture@indre-et-loire.gouv.frwww.indre-et-loire.gouv.fr\nPr\u00e9fecture d'Indre et Loire - 37-2025-09-08-00001 - AP modif sign\u00e9 merged 4\nTitulaire : - Monsieur Franck MALLET (Chambre d'agriculture)Suppl\u00e9ant : - Madame Colette JOURDANNE (Chambre d'agriculture)\nLe reste sans changement.\nARTICLE 2 - Les nominations, objet du pr\u00e9sent arr\u00eat\u00e9 sont valables jusqu'au 13 juin 2028.Le membre de la commission qui, au cours de son mandat, d\u00e9c\u00e8de, d\u00e9missionne ou perd la qualit\u00e9 autitre de laquelle il a \u00e9t\u00e9 d\u00e9sign\u00e9, est remplac\u00e9 pour la dur\u00e9e du mandat restant \u00e0 courir par unepersonne d\u00e9sign\u00e9e dans les m\u00eames conditions.ARTICLE 3 - Madame la Secr\u00e9taire G\u00e9n\u00e9rale de la Pr\u00e9fecture d'Indre-et-Loire est charg\u00e9e de I'ex\u00e9cutiondu pr\u00e9sent arr\u00eat\u00e9 qui sera notifi\u00e9 \u00e0 chacun des membres et publi\u00e9 au recueil des actes administratifs dela pr\u00e9fecture.Tours, lePour le Pr\u00e9fet et par d\u00e9l\u00e9gation,la secr\u00e9taire g\u00e9n\u00e9raleSign\u00e9Florence GOUACHE\n2\nPr\u00e9fecture d'Indre et Loire - 37-2025-09-08-00001 - AP modif sign\u00e9 merged 5\nD\u00c9SIGNATION DES MEMBRES SI\u00c9GEANT AU SEIN DES CINQ FORMATIONS SP\u00c9CIALIS\u00c9ES\nFormation dite\n\u00ab de la nature \u00bb\nFormation dite\n\u00ab des sites et paysages \u00bb\nFormation dite \n\u00ab de la publicit\u00e9 \u00bb\nFormation dite\n\u00ab des carri\u00e8res \u00bb\nFormation dite\n\u00ab de la faune sauvage captive \u00bb\nLe Pr\u00e9sident\nLe Pr\u00e9fet ou son repr\u00e9sentant\n \uf081 Coll\u00e8ge  des  repr\u00e9sentants  \ndes services de l'\u00c9tat \nAU NOMBRE DE 4  \n- 1 repr\u00e9sentant de la Direction \nR\u00e9gionale de l'Environnement, \nde l'Am\u00e9nagement et  du \nLogement (DREAL)\n- 1 repr\u00e9sentants de la \nDirection D\u00e9partementale des \nTerritoires (DDT)\n- 1 repr\u00e9sentant de l'Office \nFran\u00e7ais de Biodiversit\u00e9\n- 1 repr\u00e9sentant de l'Unit\u00e9 \nD\u00e9partementale de \nl'Architecture et du Patrimoine\nLe Pr\u00e9sident\nLe Pr\u00e9fet ou son repr\u00e9sentant\n \uf081 Coll\u00e8ge des repr\u00e9sentants des  \nservices de l'\u00c9tat\nAU NOMBRE DE 5  \n- 1 repr\u00e9sentant de la Direction \nR\u00e9gionale de l'Environnement, \nde l'Am\u00e9nagement et  du \nLogement (DREAL) / 2 \nrepr\u00e9sentants EN FORMATION \nSP\u00c9CIALE EOLIEN\n- 2 repr\u00e9sentants de la Direction \nD\u00e9partementale des Territoires \n(DDT)\n- 1 repr\u00e9sentant de l'Unit\u00e9 \nD\u00e9partementale de \nl'Architecture et du Patrimoine\n- 1 repr\u00e9sentant de la Direction \nR\u00e9gionale des Affaires \nCulturelles  (D.R.A.C.) / non \nrepr\u00e9sent\u00e9 EN FORMATION \nSP\u00c9CIALE EOLIEN\nLe Pr\u00e9sident\nLe Pr\u00e9fet ou son repr\u00e9sentant\n \uf081 Coll\u00e8ge des repr\u00e9sentants des  \nservices de l'\u00c9tat\nAU NOMBRE DE 4  \n- 1 repr\u00e9sentant de la Direction \nR\u00e9gionale de l'Environnement, \nde l'Am\u00e9nagement et  du \nLogement (DREAL)\n- 2 repr\u00e9sentants de la Direction \nD\u00e9partementale des Territoires \n(DDT)\n- 1 repr\u00e9sentant de l'Unit\u00e9 \nD\u00e9partementale de \nl'Architecture et du Patrimoine\nLe Pr\u00e9sident\nLe Pr\u00e9fet ou son repr\u00e9sentant\n\uf081 Coll\u00e8ge des repr\u00e9sentants des \nservices de l'\u00c9tat\nAU NOMBRE DE 3  \n- 2 repr\u00e9sentants de la Direction \nR\u00e9gionale de l'Environnement, \nde l'Am\u00e9nagement et  du \nLogement (DREAL)\n- 1 repr\u00e9sentant de la Direction  \nD\u00e9partementale des Territoires \n(DDT)\nLe Pr\u00e9sident\nLe Pr\u00e9fet ou son repr\u00e9sentant\n\uf081 Coll\u00e8ge des repr\u00e9sentants \ndes services de l'\u00c9tat\nAU NOMBRE DE 4  \n- 1 repr\u00e9sentant de la Direction \nR\u00e9gionale de l'Environnement, \nde l'Am\u00e9nagement et  du \nLogement (DREAL)\n- 1 repr\u00e9sentant de la Direction \nD\u00e9partementale des \nTerritoires (DDT)\n- 2 repr\u00e9sentants de la \nDirection D\u00e9partementale de \nla protection des Populations \n(DDPP)\n2\nPr\u00e9fecture d'Indre et Loire - 37-2025-09-08-00001 - AP modif sign\u00e9 merged 6\nD\u00c9SIGNATION DES MEMBRES SI\u00c9GEANT AU SEIN DES CINQ FORMATIONS SP\u00c9CIALIS\u00c9ES\nFormation dite\n\u00ab de la nature \u00bb\nFormation dite\n\u00ab des sites et paysages \u00bb\nFormation dite \n\u00ab de la publicit\u00e9 \u00bb\nFormation dite\n\u00ab des carri\u00e8res \u00bb\nFormation dite\n\u00ab de la faune sauvage captive \u00bb\n \uf082 Coll\u00e8ge  des  repr\u00e9sentants  \ndes collectivit\u00e9s territoriales et,  \nle cas \u00e9ch\u00e9ant, de repr\u00e9sentants  \nd'\u00e9tablissements  publics  de  \ncoop\u00e9ration intercommunale\nAU NOMBRE DE 4  \nConseillers D\u00e9partementaux\n- M. Patrick MICHAUD \n(titulaire)\n-  M. Fran\u00e7ois LAFOURCADE \n(suppl\u00e9ant)\n- Mme Val\u00e9rie GERVES\n(titulaire)\n-  M. Henri ALFANDARI\n(suppl\u00e9ant)\nMaires\n-  M.  Michel  GUIGNAUDEAU  \n(titulaire)\n- M. Pierre EHLINGER\n(suppl\u00e9ant)\n- Mme Martine TARTARIN \n(titulaire)\n- M. Jean-Fran\u00e7ois CRON \n(suppl\u00e9ant)\n \uf082 Coll\u00e8ge des repr\u00e9sentants des  \ncollectivit\u00e9s  territoriales  et,  le  \ncas  \u00e9ch\u00e9ant,  de  repr\u00e9sentants  \nd'\u00e9tablissements  publics  de  \ncoop\u00e9ration intercommunale\nAU NOMBRE DE 5  \nConseillers D\u00e9partementaux\n- M. Patrick MICHAUD (titulaire)\n-  M. Fran\u00e7ois LAFOURCADE \n(suppl\u00e9ant)\n- Mme Val\u00e9rie GERVES\n(titulaire)\n-  M. Henri ALFANDARI\n(suppl\u00e9ant)\nMaires\n-  M.  Michel  GUIGNAUDEAU  \n(titulaire)\n- M. Pierre EHLINGER\n(suppl\u00e9ant)\n- Mme Martine TARTARIN \n(titulaire)\n- M. Jean-Fran\u00e7ois CRON \n(suppl\u00e9ant)\n\u00c9tablissement public de \ncoop\u00e9ration Intercommunal\n- M. G\u00e9rard H\u00c9NAULT (titulaire)\n- M. Antoine TRYSTRAM \n(suppl\u00e9ant)\n \uf082 Coll\u00e8ge  des  repr\u00e9sentants  \ndes collectivit\u00e9s territoriales et,  \nle cas \u00e9ch\u00e9ant, de repr\u00e9sentants  \nd'\u00e9tablissements  publics  de  \ncoop\u00e9ration intercommunale\nAU NOMBRE DE 4  \nConseillers D\u00e9partementaux\n- M. Patrick MICHAUD \n(titulaire)\n-  M. Fran\u00e7ois LAFOURCADE \n(suppl\u00e9ant)\n- Mme Val\u00e9rie GERVES\n(titulaire)\n-  M. Henri ALFANDARI\n(suppl\u00e9ant)\nMaires\n-  M.  Michel  GUIGNAUDEAU  \n(titulaire)\n- M. Pierre EHLINGER\n(suppl\u00e9ant)\n- Mme Martine TARTARIN \n(titulaire)\n- M. Jean-Fran\u00e7ois CRON \n(suppl\u00e9ant)\n \uf082 Coll\u00e8ge  des  repr\u00e9sentants  \ndes collectivit\u00e9s territoriales et,  \nle cas \u00e9ch\u00e9ant, de repr\u00e9sentants  \nd'\u00e9tablissements  publics  de  \ncoop\u00e9ration intercommunale\nAU NOMBRE DE 3  \n-  Le  Pr\u00e9sident  du  Conseil  \nD\u00e9partemental  ou  son  \nrepr\u00e9sentant,  M.  \u00c9tienne  \nMARTEGOUTTE,  Conseiller  \nD\u00e9partemental  du  canton  de \nSainte-Maure-de-Touraine\nConseillers D\u00e9partementaux\n-  Mme Val\u00e9rie GERVES\n(titulaire)\n-  M. Fran\u00e7ois LAFOURCADE\n(suppl\u00e9ant)\nMaires\n-  M.  Michel  GUIGNAUDEAU  \n(titulaire)\n- M. Pierre EHLINGER\n(suppl\u00e9ant)\n \uf082 Coll\u00e8ge  des  repr\u00e9sentants  \ndes collectivit\u00e9s territoriales et,  \nle cas \u00e9ch\u00e9ant, de repr\u00e9sentants  \nd'\u00e9tablissements  publics  de  \ncoop\u00e9ration intercommunale\nAU NOMBRE DE 4  \nConseillers D\u00e9partementaux\n- M. Patrick MICHAUD \n(titulaire)\n-  M. Fran\u00e7ois LAFOURCADE \n(suppl\u00e9ant)\n- Mme Val\u00e9rie GERVES\n(titulaire)\n-  M. Henri ALFANDARI\n(suppl\u00e9ant)\nMaires\n-  M.  Michel  GUIGNAUDEAU  \n(titulaire)\n- M. Pierre EHLINGER\n(suppl\u00e9ant)\n- Mme Martine TARTARIN \n(titulaire)\n- M. Jean-Fran\u00e7ois CRON \n(suppl\u00e9ant)\n3\nPr\u00e9fecture d'Indre et Loire - 37-2025-09-08-00001 - AP modif sign\u00e9 merged 7\nD\u00c9SIGNATION DES MEMBRES SI\u00c9GEANT AU SEIN DES CINQ FORMATIONS SP\u00c9CIALIS\u00c9ES\nFormation dite\n\u00ab de la nature \u00bb\nFormation dite\n\u00ab des sites et paysages \u00bb\nFormation dite \n\u00ab de la publicit\u00e9 \u00bb\nFormation dite\n\u00ab des carri\u00e8res \u00bb\nFormation dite\n\u00ab de la faune sauvage captive \u00bb\n\uf083 coll\u00e8ge  de  personnalit\u00e9s  \nqualifi\u00e9es  en  mati\u00e8re  de  \nsciences  de  la  nature,  de  \nprotection des sites ou du cadre  \nde  vie,  de  repr\u00e9sentants  \nd'associations  agr\u00e9\u00e9es  de  \nprotection  de  l'environnement \net,  le  cas  \u00e9ch\u00e9ant,  de  \nrepr\u00e9sentants des organisations  \nagricoles ou sylvicoles\nAU NOMBRE DE 4  \n- M. Vincent LECUREUIL \n(CPIE) - titulaire\n- M. Cl\u00e9ment COROLLER (CPIE) - \nsuppl\u00e9ant\n- Mme Anne TINCHANT \n(SEPANT) titulaire\nM. Georges MOTTEAU (SEPANT) \n\u2013 suppl\u00e9ant\n- M. Christian ANDRES (LPO) - \ntitulaire\n - M. Julien PRESENT suppl\u00e9ant\n- M. Franck MALLET (Chambre \nd'agriculture) - titulaire \n- Mme Colette JOURDANNE \n(Chambre d'agriculture) \u2013\nsuppl\u00e9ante\n \uf083 coll\u00e8ge  de  personnalit\u00e9s  \nqualifi\u00e9es  en  mati\u00e8re  de  \nsciences  de  la  nature,  de  \nprotection des sites ou du cadre  \nde  vie,  de  repr\u00e9sentants  \nd'associations  agr\u00e9\u00e9es  de  \nprotection  de  l'environnement \net,  le  cas  \u00e9ch\u00e9ant,  de  \nrepr\u00e9sentants des organisations  \nagricoles ou sylvicoles\nAU NOMBRE DE 5  \n- M. Fran\u00e7ois C\u00d4ME (Maisons \nPaysannes de Touraine) \u2013 \ntitulaire\n- M. Eric DUTHOO (F\u00e9d\u00e9ration \nPatrimoine - Environnement) - \nsuppl\u00e9ant\n- Mme Aline DE VILLEDON, \nd\u00e9l\u00e9gu\u00e9e VMF (VMF) - titulaire \n- Mme Fran\u00e7oise DELAVEAU \n(VMF) - suppl\u00e9ante\n- M. Vincent LECUREUIL (CPIE) - \ntitulaire\n- M. Cl\u00e9ment COROLLER (CPIE) - \nsuppl\u00e9ant\n- M. Alain DUTOUR (SEPANT) \ntitulaire\nMme Brigitte SAUTEREAU \n(SEPANT) \u2013 suppl\u00e9ant\n- M. Franck MALLET (Chambre \nd'agriculture) - titulaire \n- Mme Colette JOURDANNE  \n(Chambre d'agriculture) \u2013\nsuppl\u00e9ante\n\uf083 coll\u00e8ge  de  personnalit\u00e9s  \nqualifi\u00e9es  en  mati\u00e8re  de  \nsciences  de  la  nature,  de  \nprotection des sites ou du cadre  \nde  vie,  de  repr\u00e9sentants  \nd'associations  agr\u00e9\u00e9es  de  \nprotection  de  l'environnement \net,  le  cas  \u00e9ch\u00e9ant,  de  \nrepr\u00e9sentants des organisations  \nagricoles ou sylvicoles\nAU NOMBRE DE 4  \n- M. Alain BLANCHET(SEPANT) \ntitulaire\nM. Thierry BLANCHET (SEPANT) \n\u2013 suppl\u00e9ant\n- M. Vincent LECUREUIL (CPIE) - \ntitulaire \n- M. Cl\u00e9ment COROLLER (CPIE) \u2013 \nsuppl\u00e9ant\n- M. Bruni MARMIROLI\n(Mission Val de Loire) - titulaire \n- Mme Claire RIBEAUCOURT \n(Mission Val de Loire) \nsuppl\u00e9ante\n- M. Franck MALLET (Chambre \nd'agriculture) - titulaire \n- Mme Colette JOURDANNE  \n(Chambre d'agriculture) \u2013\nsuppl\u00e9ante\n\uf083 coll\u00e8ge  de  personnalit\u00e9s  \nqualifi\u00e9es  en  mati\u00e8re  de  \nsciences  de  la  nature,  de  \nprotection des sites ou du cadre  \nde  vie,  de  repr\u00e9sentants  \nd'associations  agr\u00e9\u00e9es  de  \nprotection  de  l'environnement \net,  le  cas  \u00e9ch\u00e9ant,  de  \nrepr\u00e9sentants des organisations  \nagricoles ou sylvicoles\nAU NOMBRE DE 3  \n- M. Dominique BOUTIN \n(SEPANT) titulaire\nM. Philippe SIMOND (SEPANT) \u2013 \nsuppl\u00e9ant\n- M. Dominique DURAND\n(LPO) - titulaire \n- M. Julien PRESENT (LPO) - \nsuppl\u00e9ant\n- M. Franck MALLET (Chambre \nd'agriculture) - titulaire \n- Mme Colette JOURDANNE \n(Chambre d'agriculture) \u2013\nsuppl\u00e9ante\n\uf083 coll\u00e8ge  de  personnalit\u00e9s  \nqualifi\u00e9es  en  mati\u00e8re  de  \nsciences  de  la  nature,  de  \nprotection des sites ou du cadre  \nde  vie,  de  repr\u00e9sentants  \nd'associations  agr\u00e9\u00e9es  de  \nprotection  de  l'environnement \net,  le  cas  \u00e9ch\u00e9ant,  de  \nrepr\u00e9sentants des organisations  \nagricoles ou sylvicoles\nAU NOMBRE DE 4  \n- M. Marc SAUVAGE \n(v\u00e9t\u00e9rinaire) - titulaire\n- M. St\u00e9phane ROSSOLIN\n(v\u00e9t\u00e9rinaire) - suppl\u00e9ant\n- M. J\u00e9r\u00f4me MONTHARU \ntitulaire \n- M. Christian ANDRES (LPO) - \nsuppl\u00e9ant\n- Mme Anne TINCHANT \n(SEPANT) titulaire\nM. Cyril MICHEL (Soci\u00e9t\u00e9 \nHerpethologique de Touraine) \u2013 \nsuppl\u00e9ant\nM. Arnaud LEROY (Mus\u00e9um \nd'Histoire Naturelle)\n- titulaire\n- M.R\u00e9gis MAUREAU (biologiste \naquarium) - suppl\u00e9ant\n4\nPr\u00e9fecture d'Indre et Loire - 37-2025-09-08-00001 - AP modif sign\u00e9 merged 8\nD\u00c9SIGNATION DES MEMBRES SI\u00c9GEANT AU SEIN DES CINQ FORMATIONS SP\u00c9CIALIS\u00c9ES\nFormation dite\n\u00ab de la nature \u00bb\nFormation dite\n\u00ab des sites et paysages \u00bb\nFormation dite \n\u00ab de la publicit\u00e9 \u00bb\nFormation dite\n\u00ab des carri\u00e8res \u00bb\nFormation dite\n\u00ab de la faune sauvage captive \u00bb\n \uf084 -  coll\u00e8ge  de  personnes  \ncomp\u00e9tentes dans les domaines  \nd'intervention  de  chaque  \nformation sp\u00e9cialis\u00e9e\nAU NOMBRE DE 4  \n- non d\u00e9sign\u00e9  - titulaire \n- non d\u00e9sign\u00e9 - suppl\u00e9ant\n- M. G\u00e9rard TARDIVO (CEN) \u2013 \ntitulaire \n- Mme C\u00e9cile OTTO-BRUC (CEN)- \nsuppl\u00e9ant\n- M. Arnaud LEROY (Mus\u00e9um \nd'Histoire Naturelle) - titulaire\n -M. Didier LASTU- suppl\u00e9ant \n- M. David GIRON (Universit\u00e9 \nFran\u00e7ois Rabelais) - titulaire\n - Mme VILLALTA Irene \n(Universit\u00e9 Fran\u00e7ois Rabelais) - \nsuppl\u00e9ant\n \uf084 -  coll\u00e8ge  de  personnes  \ncomp\u00e9tentes  dans  les  domaines \nd'intervention  de  chaque  \nformation sp\u00e9cialis\u00e9e\nAU NOMBRE DE 5 +1 EN FORMATION   \n\u00ab     \u00c9OLIEN     \u00bb  \n-M. Julien REYDEL (France \nEnergie Eolienne) - titulaire \n- M. Guillaume JUMEL (Syndicat \ndes Energies Renouvelables) - \nsuppl\u00e9ante\n- M. Herv\u00e9 RONG\u00c8RE \n(Architecte) - titulaire\n- Mme Mathilde LACAZE \n(architecte) - suppl\u00e9ante\n- M. J\u00e9r\u00f4me VAUGOYEAU \n(CAUE37) \u2013 titulaire \n- M. Vincent CHARDON( CAUE37) \n- suppl\u00e9ant\n- Mme Alix de SAINT-VENANT \n(Paysagiste-botaniste)\u2013 titulaire \n- non d\u00e9sign\u00e9 - suppl\u00e9ant\n- Mme Sandra BERTHELEMOT \n(Sites et Monuments) \u2013 titulaire\n- M. Mathieu JULIEN (Architecte) -\nsuppl\u00e9ant\n- Mme Claire RIBEAUCOURT \n(Mission Val de Loire) - titulaire \n- M. Bruno MARMIROLI (Mission \nVal de Loire) - suppl\u00e9ant\n \uf084 -  coll\u00e8ge  de  personnes  \ncomp\u00e9tentes dans les domaines  \nd'intervention  de  chaque  \nformation sp\u00e9cialis\u00e9e\nAU NOMBRE DE 4  \n-M. Antoine GUITTON (St\u00e9 \nMPE Avenir) \u2013  titulaire\n- M. Herv\u00e9 GUYON (St\u00e9 MPE-\nAvenir) suppl\u00e9ant\n- M. J\u00e9r\u00f4me BRISSON (St\u00e9 \nPhenixgroupe) - titulaire\n- M. Charles-Henri DOUMERC\n (Union de la Publicit\u00e9 \nExt\u00e9rieure)  - suppl\u00e9ant\n- M.  Christophe CL\u00c9MENT (St\u00e9 \nCityzMedia)  titulaire\n- M. Didier HENNEQUIN (St\u00e9 \nCityzMedia) - suppl\u00e9ant\n- Non d\u00e9sign\u00e9 - titulaire \n- Non d\u00e9sign\u00e9 - suppl\u00e9ant\n \uf084 -  coll\u00e8ge  de  personnes  \ncomp\u00e9tentes  dans  les  \ndomaines  d'intervention  de \nchaque formation sp\u00e9cialis\u00e9e \nAU NOMBRE DE 3  \n- M. Yoann CARTERON \n(Eurovia) - titulaire\n- M. Maxime ROSS-CARRE \n(Heidelberg Materials) \u2013 \nsuppl\u00e9ant \n- M. Eric LIGLET (Lig\u00e9rienne  \nGranulats) - titulaire \n- M. Franck PLOUX (Sabli\u00e8res \nPLOUX fr\u00e8res) - suppl\u00e9ant \n- Mme Florence \nMANNESSIER (BML)  - \ntitulaire\n- non d\u00e9sign\u00e9 \u2013 suppl\u00e9ant \n \uf084 - coll\u00e8ge de personnes \ncomp\u00e9tentes dans les domaines \nd'intervention de chaque \nformation sp\u00e9cialis\u00e9e \nAU NOMBRE DE 4  \n- M. Bruno CUVIER - titulaire\n- M. Christophe ROBERT  -\nsuppl\u00e9ant\n- M. Thierry AUTRET - titulaire\n- M. Dominique ROBIN - \nsuppl\u00e9ant\n- M. Nicolas MAGDELEINE - \ntitulaire\n- M. Arnaud LE LOUER - suppl\u00e9ant\n- Mme Amandine DIOT - titulaire\n- Mme Adeline COUSSET  -\nsuppl\u00e9ant\n5\nPr\u00e9fecture d'Indre et Loire - 37-2025-09-08-00001 - AP modif sign\u00e9 merged 9","date":"2025-09-09","first_seen_on":"2025-09-15T21:44:02+00:00","id":"e16924c0b3933cc4e89869e74bc28e1cbb7905f74c416c5653123b685f39fa08","name":"2025-09-09 RAA sp\u00e9cial RAA Arr\u00eat\u00e9s portant sur la modification composition CDNPS","pdf_creation_date":"2025-09-09T08:56:47+00:00","pdf_modification_date":null,"timezone":"Europe/Paris","url":"https://www.indre-et-loire.gouv.fr/contenu/telechargement/46984/324848/file/2025-09-09%20RAA%20sp%C3%A9cial%20RAA%20Arr%C3%AAt%C3%A9s%20portant%20sur%20la%20modification%20composition%20CDNPS.pdf"}
