{"administration":"pref83","administration_name":"Pr\u00e9fecture du Var","content":"VAR\nRECUEIL DES ACTES\nADMINISTRATIFS\nN\u00b083-2024-288\nPUBLI\u00c9 LE 15 OCTOBRE 2024\nSommaire\nDirection des services d\u00e9partementaux de l'\u00e9ducation nationale du Var /\nDirection de la DSDEN du Var\n83-2024-10-04-00007 - avenant 3 CDEN (2 pages) Page 3\n83-2024-09-13-00017 - CSA AVENANT 8 (2 pages) Page 6\nPr\u00e9fecture du VAR / Direction de la coordination des politiques publiques\net de l'appui territorial\n83-2024-10-15-00002 - Arr\u00eat\u00e9 pr\u00e9fectoral n\u00b02024/ /MCI \n portant\nd\u00e9l\u00e9gation de signature et d'ordonnancement secondaire\n\u00e0\nMonsieur S\u00e9bastien ODDONE,\nDirecteur du secr\u00e9tariat g\u00e9n\u00e9ral\ncommun d\u00e9partemental du Var (5 pages) Page 9\nPr\u00e9fecture du VAR / Direction des s\u00e9curit\u00e9s\n83-2024-10-15-00001 - Arr\u00eat\u00e9 n\u00b0 2024-BSP-OP-49 autorisant la\ncaptation, l'enregistrement et la transmission d'images au moyen de\ncam\u00e9ras install\u00e9es sur des a\u00e9ronefs (4 pages) Page 15\n2\nDirection des services d\u00e9partementaux de\nl'\u00e9ducation nationale du Var\n83-2024-10-04-00007\navenant 3 CDEN\nDirection des services d\u00e9partementaux de l'\u00e9ducation nationale du Var - 83-2024-10-04-00007 - avenant 3 CDEN 3\nPREFET  REGION  ACADEMIQUE\nDU VAR  PROVENCE-ALPES-\nLibert\u00e9  COTE  D'AZUR\nEgalit\u00e9 \u00b0 Libert\u00e9\nFraternit\u00e9  Egalit\u00e9\nFraternit\u00e9\nAvenant  n\u00b03 modifiant  l'arr\u00eat\u00e9  du 03 janvier  2023  portant  renouvellement\ndes Membres  du Conseil  D\u00e9partemental\nde l'Education  Nationale\nLe pr\u00e9fet  du Var,\nVU la loi du 30 octobre  1886  sur l'organisation  de l'enseignement  primaire,\nVU la loi N\u00b082-213  du 2 mars  1982  relative  aux droits  et libert\u00e9s  des communes,  des\nd\u00e9partements  et des  r\u00e9gions,\nVU la loi N\u00b083-663  du 22 juillet  1983  modifi\u00e9e  portant  dispositions  diverses  relatives  aux rapports\nentre  l'Etat  et les collectivit\u00e9s  locales,\nVU le d\u00e9cret  2004-703  du 13 juillet  2004  relatif  aux dispositions  r\u00e9glementaires  des livres  | et II\ndu code  de l'\u00e9ducation  nationale,\nVU la circulaire  interminist\u00e9rielle  du 21 aodt  1985  relative  4 la mise  en place  des conseils  de\nl'\u00e9ducation  nationale  institu\u00e9s  dans  les d\u00e9partements  et les acad\u00e9mies,\nVU l'arr\u00eat\u00e9  pr\u00e9fectoral  modifi\u00e9  en date  du 28 janvier  1986  portant  cr\u00e9ation  du conseil\nd\u00e9partemental  de l'\u00e9ducation  nationale,\nVU les propositions  du pr\u00e9sident  du conseil  r\u00e9gional,  du pr\u00e9sident  du conseil  d\u00e9partemental,  du\npr\u00e9sident  de l'Association  des maires  du Var et des organismes  concern\u00e9s,\nSUR  proposition  du secr\u00e9taire  g\u00e9n\u00e9ral  de la pr\u00e9fecture  du Var,\nDirection des services d\u00e9partementaux de l'\u00e9ducation nationale du Var - 83-2024-10-04-00007 - avenant 3 CDEN 4\nARRETE\nARTICLE  1\u00b0:  L'arr\u00eat\u00e9  pr\u00e9fectoral  du 3 janvier  2023  est modifi\u00e9  comme  suit  :\nARTICLE  2: Sous  la pr\u00e9sidence  conjointe  de Monsieur  le Pr\u00e9fet  (ou de son\nrepr\u00e9sentant,  Monsieur  l'Inspecteur  d'Acad\u00e9mie)  et de Monsieur  le\nPr\u00e9sident  du Conseil  D\u00e9partemental  (ou de son  repr\u00e9sentant,  le Conseiller\nD\u00e9partemental  d\u00e9l\u00e9gu\u00e9  a cet effet  par le Pr\u00e9sident)  le Conseil\nD\u00e9partemental  de l'Education  Nationale  est compos\u00e9  ainsi  qu'il  suit  :\nIl - AU TITRE  DES  REPRESENTANTS  DES  PERSONNELS  TITULAIRES  DE L'ETAT.\n2.1 F\u00e9d\u00e9ration  Syndicale  Unitaire  (F.S.U.)\n. Titulaires  M.\nM.\nMme\nM.\n. Suppl\u00e9ants  M.\nM.\nM.\nMmeQUEYROULET  Dominique\nSAINT  ROMAN  Julien\nSANCHEZ  Aur\u00e9lie\nTOURNAY  Alain\nCOMBETTE  Bruno\nPONS  Florent\nTURCO  C\u00e9dric\nROZEROT  Coline\nARTICLE  5 - Le Secr\u00e9taire  G\u00e9n\u00e9ral  de la Pr\u00e9fecture  du VAR,  le Pr\u00e9sident  du Conseil\n. D\u00e9partemental  et le Directeur  Acad\u00e9mique  sont  charg\u00e9s,  chacun  en ce\nqui le concerne,  de l'ex\u00e9cution  du pr\u00e9sent  arr\u00eat\u00e9  qui sera  publi\u00e9  au recueil\ndes  actes  administratifs  du d\u00e9partement.\nFait  \u00e0 Toulon,  le 4 octobre  2024\nLe Pr\u00e9fet  du Var\nsign\u00e9\nPhilippe  MAHE\nDirection des services d\u00e9partementaux de l'\u00e9ducation nationale du Var - 83-2024-10-04-00007 - avenant 3 CDEN 5\nDirection des services d\u00e9partementaux de\nl'\u00e9ducation nationale du Var\n83-2024-09-13-00017\nCSA AVENANT 8\nDirection des services d\u00e9partementaux de l'\u00e9ducation nationale du Var - 83-2024-09-13-00017 - CSA AVENANT 8 6\n| |x Direction  des Services  D\u00e9partementaux  deACADEMIE  \u00c9ducation  Nat led +\nDE NICE  | ucation  Nationale  du Var\nLibert\u00e9\nEgalit\u00e9\nFraternit\u00e9\nACADEMIE  DE NICE\nDIRECTION  DES  SERVICES  DEPARTEMENTAUX  DE\nL'EDUCATION  NATIONALE  DU VAR\nRue  de Montebello\nCS 71204  83070  TOULON  CEDEX\nL'inspecteur  d'acad\u00e9mie\nDirecteur  Acad\u00e9mique  des Services  de l'Education  Nationale  du Var\nAvenant  n\u00b0 8 modifiant  l'arr\u00eat\u00e9  du 16 janvier  2023  portant  d\u00e9signation  des membres  du\nconseil  social  d'administration  sp\u00e9cial  d\u00e9partemental  du Var et des membres  de la formation\nsp\u00e9cialis\u00e9e  du comit\u00e9  social  d'administration  sp\u00e9cial  d\u00e9partemental  du Var.\nL'inspecteur  d'acad\u00e9mie,  Directeur  Acad\u00e9mique\ndes Services  de l'Education  Nationale  du Var,  -\nVu le code  g\u00e9n\u00e9ral  de la fonction  publique  ;\nVu le d\u00e9cret  n\u00b0 2020-1427  du 20 novembre  2020  modifi\u00e9  relatif  aux comit\u00e9s  sociaux\nd'administration  dans  les administrations  et les \u00e9tablissements  publics  de l'\u00e9tat  ;\nVu l'arr\u00eat\u00e9  du 28 avril 2022  portant  cr\u00e9ation  de comit\u00e9s  sociaux  d'administration  minist\u00e9riels,\nde l'administration  centrale,  des services  d\u00e9concentr\u00e9s  et des \u00e9tablissements  publics  des\nminist\u00e8res  charg\u00e9s  de l'\u00e9ducation  nationale,  de la jeunesse,  des sports,  de l'engagement\nsup\u00e9rieur  et de la recherche;  | |\nVu le proc\u00e8s-verbal  de d\u00e9pouillement  du scrutin  relatif  au comit\u00e9  social  d'administration\nacad\u00e9mique  et de r\u00e9partition  des si\u00e8ges  lors des \u00e9lections  professionnelles  du 8 d\u00e9cembre\n2022,\nARRETE\nArticle  1\u00b0  :\nL'arr\u00eat\u00e9  du 16 janvier  est modifi\u00e9  comme  suit\nDirection des services d\u00e9partementaux de l'\u00e9ducation nationale du Var - 83-2024-09-13-00017 - CSA AVENANT 8 7\nChapitre  1\u00b0 : Le comit\u00e9  social  d'administration  sp\u00e9cial  d\u00e9partemental  du Var - CSA  SD\n(articles  2 \u00e0 3)\nArticle  1:\nLe CSA  SD institu\u00e9  aupr\u00e8s  du DASEN  du Var  comprend,  outre  le DSAEN  ou son\nrepr\u00e9sentant  qui le pr\u00e9side,  le secr\u00e9taire  g\u00e9n\u00e9ral  de la DSDEN  ou son repr\u00e9sentant.\nArticle  2:\nSont  nomm\u00e9s  en qualit\u00e9  de repr\u00e9sentants  du personnel  au comit\u00e9  social  d'administration\nD\u00e9partemental  du Var,  les dix membres  titulaires  et dix membres  suppl\u00e9ants,  \u00e9lus  au\nscrutin  de liste  dans  les conditions  fixes  \u00e0 l'article  20 du d\u00e9cret  du 20\nnovembre  2020  susvis\u00e9s,\n5. Au titre  de la C.G.T.  Educ'Action\na) Repr\u00e9sentant  titulaire  (1 siege)\nM. Bernard  Conte\nb) Repr\u00e9sentante  suppl\u00e9ante\nM. Adrien  Vezzoso\nARTICLE  5:\nLe secr\u00e9taire  G\u00e9n\u00e9ral  de la D.S.D.E.N  du Var  est charg\u00e9  de l'ex\u00e9cution  du pr\u00e9sent\narr\u00eat\u00e9  qui fera  l'objet  d'un  affichage  au sein  des services  acad\u00e9miques.\nFait  \u00e0 Toulon,  le 13 septembre  2024\nL'inspecteur  acad\u00e9mique  du Var\nSign\u00e9\nMathieu  SIEYE\nDirection des services d\u00e9partementaux de l'\u00e9ducation nationale du Var - 83-2024-09-13-00017 - CSA AVENANT 8 8\nPr\u00e9fecture du VAR\n83-2024-10-15-00002\nArr\u00eat\u00e9 pr\u00e9fectoral n\u00b02024/ /MCI \n portant d\u00e9l\u00e9gation de signature et\nd'ordonnancement secondaire\n\u00e0 Monsieur S\u00e9bastien ODDONE,\nDirecteur du secr\u00e9tariat g\u00e9n\u00e9ral commun\nd\u00e9partemental du Var\nPr\u00e9fecture du VAR - 83-2024-10-15-00002 - Arr\u00eat\u00e9 pr\u00e9fectoral n\u00b02024/ /MCI \n portant d\u00e9l\u00e9gation de signature et d'ordonnancement secondaire\n\u00e0 Monsieur S\u00e9bastien ODDONE,\nDirecteur du secr\u00e9tariat g\u00e9n\u00e9ral commun d\u00e9partemental du Var9\nEx\nPREFET\nDU VAR\nLibert\u00e9\nEgalit\u00e9\nFraternit\u00e9\nDirection de la coordination \ndes politiques publiques et de l'appui territorial\nMission de coordination interminist\u00e9rielle\nArr\u00eat\u00e9 pr\u00e9fectoral n\u00b02024/ /MCI \n portant d\u00e9l\u00e9gation de signature et d'ordonnancement secondaire\n\u00e0 Monsieur S\u00e9bastien ODDONE,\nDirecteur du secr\u00e9tariat g\u00e9n\u00e9ral commun d\u00e9partemental du Var\nLe Pr\u00e9fet du Var,\nOfficier de la L\u00e9gion d'Honneur\nVu la loi organique n\u00b0  2001-692 du 1er ao\u00fbt 2001 modifi\u00e9e, relative aux lois de finances  ;\nVu la loi d'orientation n\u00b0  92-125 du 6 f\u00e9vrier 1992 modifi\u00e9e, relative \u00e0 l'administration\nterritoriale de la R\u00e9publique  ;\nVu le d\u00e9cret n\u00b082-453 du 28 mai 1982 relatif \u00e0 l'hygi\u00e8ne et \u00e0 la s\u00e9curit\u00e9 du travail ainsi qu'\u00e0\nla pr\u00e9vention m\u00e9dicale dans la fonction publique  ;\nVu le d\u00e9cret n\u00b0 2004-374 du 29 avril 2004 modifi\u00e9, relatif aux pouvoirs des pr\u00e9fets, \u00e0\nl'organisation et \u00e0 l'action des services de l'\u00c9tat dans les r\u00e9gions et d\u00e9partements  ;\nVu le d\u00e9cret n\u00b0 2006-1780 du 23 d\u00e9cembre 2006 modifi\u00e9, portant d\u00e9l\u00e9gation de pouvoir\nen mati\u00e8re de recrutement et de gestion de certains personnels relevant du minist\u00e8re de\nl'int\u00e9rieur ;\nVu  le  d\u00e9cret  n\u00b0  2009-1484  du  3  d\u00e9cembre  2009  modifi\u00e9,  relatif  aux  directions\nd\u00e9partementales interminist\u00e9rielles  ;\nVu le d\u00e9cret n\u00b0 2011-184 du 15 f\u00e9vrier 2011 modifi\u00e9, relatif aux comit\u00e9s techniques dans les\nadministrations et les \u00e9tablissements publics de l'\u00c9tat  ;\nVu le d\u00e9cret n\u00b0 2012-1246 du 7 novembre 2012 modifi\u00e9, relatif \u00e0 la gestion budg\u00e9taire et\ncomptable publique  ;\nVu le d\u00e9cret n\u00b0 2015-510 du 7 mai 2015 modifi\u00e9, portant charte de la d\u00e9concentration  ;\nVu le d\u00e9cret n\u00b0 2019-1594 du 31 d\u00e9cembre 2019 modifi\u00e9, relatif aux emplois de direction\nde l'\u00c9tat, notamment les articles 34 et suivants  ;\nVu le d\u00e9cret n\u00b0 2020-99 du 7 f\u00e9vrier 2020 relatif \u00e0 l'organisation et aux missions des\nsecr\u00e9tariats g\u00e9n\u00e9raux communs d\u00e9partementaux  ;\nVu  le  d\u00e9cret  du  Pr\u00e9sident  de  la  R\u00e9publique  du  15  avril  2022  portant  nomination  de\nM.  Lucien  GIUDICELLI,  secr\u00e9taire  g\u00e9n\u00e9ral  de  la  pr\u00e9fecture  du  Var,  sous-pr\u00e9fet  de\nl'arrondissement de Toulon  ; \n1\nPr\u00e9fecture du VAR - 83-2024-10-15-00002 - Arr\u00eat\u00e9 pr\u00e9fectoral n\u00b02024/ /MCI \n portant d\u00e9l\u00e9gation de signature et d'ordonnancement secondaire\n\u00e0 Monsieur S\u00e9bastien ODDONE,\nDirecteur du secr\u00e9tariat g\u00e9n\u00e9ral commun d\u00e9partemental du Var10\nVu le d\u00e9cret du Pr\u00e9sident de la R\u00e9publique du 13 juillet 2023 portant nomination de\nM. Philippe MAHE, pr\u00e9fet du Var ;\nVu l'arr\u00eat\u00e9 du 31 mars 2011 modifi\u00e9, portant d\u00e9concentration des d\u00e9cisions relatives \u00e0 la\nsituation individuelle des fonctionnaires et agents non titulaires exer\u00e7ant leurs fonctions\ndans les directions d\u00e9partementales interminist\u00e9rielles  ;\nVu l'arr\u00eat\u00e9 du 28 d\u00e9cembre 2017 modifi\u00e9, portant d\u00e9l\u00e9gation de pouvoir en mati\u00e8re de\nrecrutement et de gestion des personnels administratifs du minist\u00e8re de l'int\u00e9rieur  ;\nVu la circulaire du 12 juin 2019 du Premier ministre relative \u00e0 la mise en \u0153uvre de la\nr\u00e9forme de l'organisation territoriale de l'\u00c9tat  ;\nVu la circulaire n\u00b0  6104/SG du 2 ao\u00fbt 2019 du Premier ministre relative \u00e0 la constitution de\nsecr\u00e9tariats  g\u00e9n\u00e9raux  communs  aux  pr\u00e9fectures  et  aux  directions  d\u00e9partementales\ninterminist\u00e9rielles  ;\nVu  l'arr\u00eat\u00e9  du  29  d\u00e9cembre  2020  portant  cr\u00e9ation  du  secr\u00e9tariat  g\u00e9n\u00e9ral  commun\nd\u00e9partemental du Var  ;\nVu l'arr\u00eat\u00e9 du Premier ministre et du ministre de l'Int\u00e9rieur du 3 octobre 2024, portant\nnomination de M. S\u00e9bastien ODDONE, attach\u00e9 d'administration de l'Etat hors classe,\ndirecteur  du  secr\u00e9tariat  g\u00e9n\u00e9ral  commun  d\u00e9partemental  du  Var,  pour  une  dur\u00e9e  de\nquatre ans, \u00e0 compter du 3 octobre 2024  ;\nVu l'arr\u00eat\u00e9 pr\u00e9fectoral  n\u00b02024 /26 / MCI du 22 juillet 2024  portant d\u00e9l\u00e9gation de signature\net d'ordonnancement secondaire \u00e0 M me Marie BAILLY, directrice adjointe du secr\u00e9tariat\ng\u00e9n\u00e9ral commun d\u00e9partemental du Var, charg\u00e9e d'exercer l'int\u00e9rim de la direction du\nSGCD ;\nSur proposition du secr\u00e9taire g\u00e9n\u00e9ral de la pr\u00e9fecture et des directeurs des directions\nd\u00e9partementales interminist\u00e9rielles concern\u00e9s  ;\nARR\u00caTE\nArticle 1er : D\u00e9l\u00e9gation de signature est donn\u00e9e \u00e0  M. S\u00e9bastien ODDONE ,  directeur du\nsecr\u00e9tariat g\u00e9n\u00e9ral commun d\u00e9partemental du Var, \u00e0 l'effet de signer, dans le cadre de ses\nattributions  et  comp\u00e9tences,  tous  actes,  documents  administratifs,  rapports,\nconventions, certificats, correspondances, dans les limites des missions et attributions\nrelevant de cette direction, ci-apr\u00e8s, \u00e0 l'exception des actes vis\u00e9s \u00e0 l'article 4 :\nLes  d\u00e9cisions  se  traduisant  par  l'ordonnancement  secondaire  des  recettes  et  des\nd\u00e9penses de l'\u00c9tat, relevant des attributions et du fonctionnement du SGCD et imput\u00e9es\nsur les programmes suivants, \u00e0 concurrence d'un montant de 100  000 \u20ac :\n\u25aa124 \u00ab Conduite et soutien des politiques sanitaires, sociales, du sport, de la\njeunesse et de la vie associative  \u00bb, en ce qu'elles concernent les d\u00e9penses\nm\u00e9dicales et d'action sociale  \u00bb ;\n\u25aa134  \u00ab d\u00e9veloppement  des  entreprises  \u00bb,  en  ce  qu'elles  concernent  les\nd\u00e9penses m\u00e9dicales et d'action sociale  ;\n\u25aa148 \u00ab fonction publique  \u00bb ;\n2Pr\u00e9fecture du VAR - 83-2024-10-15-00002 - Arr\u00eat\u00e9 pr\u00e9fectoral n\u00b02024/ /MCI \n portant d\u00e9l\u00e9gation de signature et d'ordonnancement secondaire\n\u00e0 Monsieur S\u00e9bastien ODDONE,\nDirecteur du secr\u00e9tariat g\u00e9n\u00e9ral commun d\u00e9partemental du Var11\n\u25aa155 \u00ab Conception, gestion et \u00e9valuation des  politiques de l'emploi et du\ntravail,  en  ce  qu'elles  concernent  les  d\u00e9penses  m\u00e9dicales  et  d'action\nsociale ;\n\u25aa176  \u00ab police  nationale \u00bb,  en  ce  qu'elles  concernent  les  commissions  de\nsecours et l'action sociale  ; \n\u25aa206  \u00ab s\u00e9curit\u00e9  et  qualit\u00e9  sanitaires  de  l'alimentation  \u00bb,  en  ce  qu'elles\nconcernent les d\u00e9penses m\u00e9dicales et d'action sociale  ;\n\u25aa215 \u00ab conduite et pilotage des politiques de l'agriculture  \u00bb, en ce qu'elles\nconcernent les d\u00e9penses m\u00e9dicales et d'action sociale  ;\n\u25aa216  \u00ab conduite  et  pilotage  des  politiques  de  l'Int\u00e9rieur  \u00bb,  en  ce  qu'elles\nconcernent les d\u00e9penses d'action sociale  et l'action 6 affaires juridiques et\ncontentieuses ;\n\u25aa217 \u00ab conduite et pilotage des politiques de l'\u00e9cologie, du d\u00e9veloppement\net  de  la  mobilit\u00e9  durables  \u00bb,  en  ce  qu'elles  concernent  les  d\u00e9penses\nm\u00e9dicales et d'action sociale  ;\n\u25aa348 \u00ab r\u00e9novation des cit\u00e9s administratives et autres sites domaniaux multi-\noccupants \u00bb ;\n\u25aa349 \u00ab fonds pour la transformation de l'action publique  \u00bb pour la saisie des\nexpressions  de  besoin  et  la  constatation  du  service  fait  dans  Chorus\nformulaires  des  actes  juridiques  \u00e9ligibles  au  fonds  de  transformation  de\nl'action publique ;\n\u25aa354 \u00ab administration territoriale de l'\u00c9tat  \u00bb ;\n\u25aa362 \u00ab \u00e9cologie \u00bb ;\n\u25aa363 \u00ab comp\u00e9titivit\u00e9 \u00bb ;\n\u25aa723 \u00ab op\u00e9rations immobili\u00e8res et entretien des b\u00e2timents de l'\u00c9tat  \u00bb.\nAu titre de la gestion courante, logistique et comptabilit\u00e9-finances\n\u2022les ampliations de d\u00e9cisions et arr\u00eat\u00e9s pr\u00e9fectoraux  ;\n\u2022les copies conformes de documents ou extraits de documents  ;\n\u2022les documents, les avis, les notifications des arr\u00eat\u00e9s et d\u00e9cisions  ;\n\u2022la correspondance courante et toutes d\u00e9cisions d'ordre courant se rapportant au\nfonctionnement du secr\u00e9tariat g\u00e9n\u00e9ral commun  d\u00e9partemental ;\n\u2022les convocations aux r\u00e9unions fix\u00e9es par le pr\u00e9fet du Var  ;\n\u2022les proc\u00e8s-verbaux des commissions et des comit\u00e9s dont la directrice assure la\npr\u00e9sidence en qualit\u00e9 de repr\u00e9sentant du pr\u00e9fet du Var  ;\n\u2022les  constatations  du  service  fait  pour  les  d\u00e9penses  relatives  aux  BOP  vis\u00e9s  ci-\ndessus;\n\u2022les  certifications  des  actes  authentiques  de  vente,  r\u00e9trocession  et  convention\nrelatifs au domaine de l'\u00c9tat  ;\n\u2022les copies des arr\u00eat\u00e9s ou d\u00e9cisions du pr\u00e9fet du Var  ;\n\u2022les proc\u00e8s-verbaux des bureaux de d\u00e9pouillement des offres dans le cadre des\nmarch\u00e9s pass\u00e9s apr\u00e8s consultation collective par l'\u00c9tat, les collectivit\u00e9s territoriales\nou leurs \u00e9tablissements publics  ;\n\u2022les demandes d'engagement pour les march\u00e9s publics relevant des programmes\ng\u00e9r\u00e9s par le secr\u00e9tariat g\u00e9n\u00e9ral commun d\u00e9partemental , leurs copies conformes et\nles pi\u00e8ces qui leur sont annex\u00e9es  ;\n\u2022les envois \u00e0 la publication des avis d'appel public \u00e0 la concurrence  ;\n\u2022les actes et documents relevant des march\u00e9s publics des programmes g\u00e9r\u00e9s par le\nsecr\u00e9tariat g\u00e9n\u00e9ral commun d\u00e9partemental  ;\n\u2022les registres de d\u00e9p\u00f4ts des offres et des re\u00e7us d\u00e9livr\u00e9s aux entreprises dans le cadre\nde  la  proc\u00e9dure  des  march\u00e9s  publics  relevant  des  programmes  g\u00e9r\u00e9s  par  le\nsecr\u00e9tariat g\u00e9n\u00e9ral commun  d\u00e9partemental;\n3Pr\u00e9fecture du VAR - 83-2024-10-15-00002 - Arr\u00eat\u00e9 pr\u00e9fectoral n\u00b02024/ /MCI \n portant d\u00e9l\u00e9gation de signature et d'ordonnancement secondaire\n\u00e0 Monsieur S\u00e9bastien ODDONE,\nDirecteur du secr\u00e9tariat g\u00e9n\u00e9ral commun d\u00e9partemental du Var12\n\u2022les  pi\u00e8ces  comptables,  notamment  les  actes  de  certification  de  services  faits,\nconcernant  les  frais  de  missions  et  de  formation  engag\u00e9s  dans  le  cadre  du\nfonctionnement  de  la  pr\u00e9fecture  du  Var,  du  secr\u00e9tariat  g\u00e9n\u00e9ral  commun\nd\u00e9partemental et des directions d\u00e9partementales interminist\u00e9rielles  ;\n\u2022les  correspondances  adress\u00e9es  aux  maires  du  d\u00e9partement  relatives  aux\nproc\u00e9dures  d'appr\u00e9hension  et  d'attribution  \u00e0  l'\u00c9tat  des  biens  vacants  et  sans\nma\u00eetre et de cession des biens de l'\u00c9tat d'origine militaire ou ferroviaire  ;\n\u2022la communication, pour leur ex\u00e9cution, des directives donn\u00e9es par le pr\u00e9fet du Var\naux directeurs et chefs de services d\u00e9partementaux  ;\n\u2022les correspondances courantes autres que les d\u00e9cisions de principe avec le service\nr\u00e9gional des transmissions et de l'informatique et les services de police pour la\nmise en \u0153uvre des moyens affect\u00e9s par le minist\u00e8re de l'int\u00e9rieur \u2013 direction du\nnum\u00e9rique ;\n\u2022les  d\u00e9cisions  de  d\u00e9pense  en  ce  qui  concerne  les  \u00e9quipements  et logiciels\ninformatiques et bureautiques, les travaux et r\u00e9parations des mat\u00e9riels, l'achat de\nv\u00e9hicules, la validation des expressions de besoins et la constatation des services\nfaits dans l'application Chorus formulaires pour le programme 354  ;\n\u2022la  repr\u00e9sentation  de  l'\u00c9tat  devant  les  juridictions  de  l'ordre  administratif  ou\njudiciaire  pour  les  affaires  relevant  de  la  comp\u00e9tence  du  secr\u00e9tariat  g\u00e9n\u00e9ral\ncommun d\u00e9partemental.\nTous documents comptables n\u00e9cessaires \u00e0 la gestion des cartes achats des porteurs de\ncartes achats au titre des programmes suivants  :\n\u25aa354 \u00ab administration territoriale de l'\u00c9tat  \u00bb ;\n\u25aa206 \u00ab s\u00e9curit\u00e9 et qualit\u00e9 sanitaires de l'alimentation  \u00bb ;\n\u25aa149 \u00ab for\u00eat \u00bb ;\n\u25aa205 \u00ab s\u00e9curit\u00e9 et affaires maritimes, p\u00eache et aquaculture  \u00bb.\nArticle 2 :  D\u00e9l\u00e9gation de signature est \u00e9galement donn\u00e9e \u00e0  M. S\u00e9bastien ODDONE , en\nmati\u00e8re de gestion des ressources humaines  :\nGestion des agents du secr\u00e9tariat g\u00e9n\u00e9ral commun  d\u00e9partemental:\n\u2022les d\u00e9cisions d'affectation  ;\n\u2022les  d\u00e9cisions  d'attribution  de  cong\u00e9s  de  maladie,  de  maternit\u00e9,  de  repos\nsuppl\u00e9mentaire pour couches pathologiques, de cong\u00e9s ordinaires, les d\u00e9cisions\nrelatives \u00e0 l'exercice du temps partiel et les bons de transport  ;\n\u2022les arr\u00eat\u00e9s relatifs aux attributions des primes et indemnit\u00e9s r\u00e9glementaires  ;\n\u2022la signature des conventions de stage et des contrats de vacataires ;\n\u2022Les  autorisations  et  la  gestion  des  d\u00e9placements  temporaires  des  agents  du\nsecr\u00e9tariat g\u00e9n\u00e9ral commun d\u00e9partemental.\nGestion  des  agents  des  directions  d\u00e9partementales  interminist\u00e9rielles,  du  secr\u00e9tariat\ng\u00e9n\u00e9ral commun d\u00e9partemental et de la pr\u00e9fecture  :\n\u2022les bordereaux de transmission, les \u00e9tats de service et les attestations;\n\u2022la signature des contrats de vacataires ;\n\u2022les services faits pour les services civiques et les stagiaires gratifi\u00e9s, ainsi que les\ncontrats de vacations ;\n\u2022les actes courants et les d\u00e9cisions de d\u00e9penses g\u00e9r\u00e9es par la formation.\n4Pr\u00e9fecture du VAR - 83-2024-10-15-00002 - Arr\u00eat\u00e9 pr\u00e9fectoral n\u00b02024/ /MCI \n portant d\u00e9l\u00e9gation de signature et d'ordonnancement secondaire\n\u00e0 Monsieur S\u00e9bastien ODDONE,\nDirecteur du secr\u00e9tariat g\u00e9n\u00e9ral commun d\u00e9partemental du Var13\nAction sociale : \n\u2022les  arr\u00eat\u00e9s  attributifs  de  subvention  ainsi  que  les  d\u00e9cisions  individuelles  de\nprestations dans le champ de comp\u00e9tence du sous-p\u00f4le action sociale et dialogue\nsocial.\nArticle 3     :   M. S\u00e9bastien ODDONE dressera la liste de ses subordonn\u00e9s habilit\u00e9s \u00e0 signer\nles actes \u00e0 sa place s'il est lui-m\u00eame absent ou emp\u00each\u00e9.\nCette  subd\u00e9l\u00e9gation  prendra  la  forme  d'un  arr\u00eat\u00e9  sign\u00e9  de  M.  S\u00e9bastien  ODDONE\ndirecteur du secr\u00e9tariat g\u00e9n\u00e9ral commun d\u00e9partemental qui fera l'objet d'une publication\nau recueil des actes administratifs de la pr\u00e9fecture du Var.\nArticle 4     :    Sont exclus du champ de la d\u00e9l\u00e9gation telle que d\u00e9finie \u00e0 l'article 1 ci-dessus  :\n-les actes \u00e0 port\u00e9e r\u00e9glementaire  ;\n-les  actes  d\u00e9favorables  faisant  grief  \u00e0  des  tiers,  notamment  les  sanctions\nadministratives, suspensions, annulations, retraits, ainsi que les d\u00e9cisions de\nrefus lorsqu'ils rel\u00e8vent d'une appr\u00e9ciation discr\u00e9tionnaire  ;\n-les circulaires aux maires et aux collectivit\u00e9s territoriales  ;\n-toutes correspondances adress\u00e9es aux cabinets minist\u00e9riels, ainsi que celles\nadress\u00e9es aux administrations centrales  ;\n-toutes correspondances adress\u00e9es au pr\u00e9fet de r\u00e9gion  ;\n-toutes correspondances adress\u00e9es aux pr\u00e9sidents des assembl\u00e9es r\u00e9gionale\net  d\u00e9partementale,  ainsi  que  les  r\u00e9ponses  aux  interventions  des\nparlementaires et conseillers d\u00e9partementaux lorsqu'elles portent sur des\ncomp\u00e9tences relevant de l'\u00c9tat  ;\n-les requ\u00eates, d\u00e9f\u00e9r\u00e9s, m\u00e9moires et d\u00e9clinatoires de comp\u00e9tence aupr\u00e8s des\ndiff\u00e9rentes juridictions.\n-\nArticle 5 : L'arr\u00eat\u00e9 pr\u00e9fectoral  n\u00b02024 /26 / MCI du 22 juillet 2024  portant d\u00e9l\u00e9gation de\nsignature et d'ordonnancement secondaire \u00e0 M me Marie BAILLY, directrice adjointe du\nsecr\u00e9tariat  g\u00e9n\u00e9ral  commun  d\u00e9partemental  du  Var,  charg\u00e9e  d'exercer  l'int\u00e9rim  de  la\ndirection du SGCDest abrog\u00e9.\nArticle 6 : Le secr\u00e9taire g\u00e9n\u00e9ral  de la pr\u00e9fecture du Var et le directeur du secr\u00e9tariat\ng\u00e9n\u00e9ral  commun  d\u00e9partemental  sont  charg\u00e9s,  chacun  en  ce  qui  le  concerne,  de\nl'ex\u00e9cution du pr\u00e9sent arr\u00eat\u00e9 qui sera publi\u00e9 au recueil des actes administratifs de la\npr\u00e9fecture.\nFait \u00e0 Toulon, le 15 octobre 2024\nLe pr\u00e9fet du Var,\n       Sign\u00e9\nPhilippe MAH\u00c9\n5Pr\u00e9fecture du VAR - 83-2024-10-15-00002 - Arr\u00eat\u00e9 pr\u00e9fectoral n\u00b02024/ /MCI \n portant d\u00e9l\u00e9gation de signature et d'ordonnancement secondaire\n\u00e0 Monsieur S\u00e9bastien ODDONE,\nDirecteur du secr\u00e9tariat g\u00e9n\u00e9ral commun d\u00e9partemental du Var14\nPr\u00e9fecture du VAR\n83-2024-10-15-00001\nArr\u00eat\u00e9 n\u00b0 2024-BSP-OP-49 autorisant la\ncaptation, l'enregistrement et la transmission\nd'images au moyen de cam\u00e9ras install\u00e9es sur des\na\u00e9ronefs\nPr\u00e9fecture du VAR - 83-2024-10-15-00001 - Arr\u00eat\u00e9 n\u00b0 2024-BSP-OP-49 autorisant la captation, l'enregistrement et la transmission\nd'images au moyen de cam\u00e9ras install\u00e9es sur des a\u00e9ronefs 15\n=m\nPREFET\nDU  VAR\nLibert\u00e9\nEgalit\u00e9\nFraternit\u00e9\nCabinet du Pr\u00e9fet\nDirection des s\u00e9curit\u00e9s\nBureau de la s\u00e9curit\u00e9 publique\nArr\u00eat\u00e9 n\u00b0 2024-BSP-OP-49\nautorisant la captation, l'enregistrement et la transmission  \nd'images au moyen de cam\u00e9ras install\u00e9es sur des a\u00e9ronefs\nVu le code de la s\u00e9curit\u00e9 int\u00e9rieure et notamment ses articles L. 242-1 \u00e0 L. 242-8 et R. 242-8 \u00e0  \nR. 242-14 ;\nVu le d\u00e9cret n\u00b0 2004-374 du 29 avril 2004 relatif aux pouvoirs des pr\u00e9fets, \u00e0 l'organisation et \u00e0  \nl'action des services de l'\u00c9tat dans les r\u00e9gions et d\u00e9partements  ;\nVu le d\u00e9cret du 13 juillet 2023 portant nomination de Monsieur Philippe MAHE, pr\u00e9fet du  \nVar ;\nVu l'arr\u00eat\u00e9 n\u00b0 2024/13/MCI du 12 avril 2024 portant d\u00e9l\u00e9gation de signature \u00e0 Madame Jos\u00e9 -\nphine GUIGLIANO-BOUTONNET, directrice de cabinet du pr\u00e9fet du Var  ;\nVu l'arr\u00eat\u00e9 du ministre de l'Int\u00e9rieur et des outre-mer, en date du 19 avril 2023 relatif au  \nnombre maximal de cam\u00e9ras install\u00e9es sur des a\u00e9ronefs pouvant \u00eatre simultan\u00e9ment utilis\u00e9es  \ndans chaque d\u00e9partement et collectivit\u00e9 d'outre-mer ;\nVu la demande en date du 9 octobre 2024, formul\u00e9e par la direction interd\u00e9partementale de  \nla  police  nationale  du  Var,  visant  \u00e0  obtenir  l'autorisation  de  capter,  d'enregistrer  et  de  \ntransmettre des images au moyen de deux cam\u00e9ras install\u00e9es sur des drones afin de pr\u00e9venir  \nd'\u00e9ventuelles atteintes \u00e0 la s\u00e9curit\u00e9 des personnes et biens dans des lieux particuli\u00e8rement  \nexpos\u00e9s, notamment , pour la surveillance de la zone situ\u00e9e dans le secteur de la Florane \u00e0  \nToulon, dans un p\u00e9rim\u00e8tre d\u00e9limit\u00e9 par les rues David, Bonfante, Montserat, Saint Victor et le  \nchemin Etienne Massiani, le mercredi 16 octobre 2024 de 13h00 \u00e0 19h00 ; \nConsid\u00e9rant que le 1\u00b0 de l'article L. 242-5 du code de la s\u00e9curit\u00e9 int\u00e9rieure permet aux forces  \nde s\u00e9curit\u00e9 int\u00e9rieure, dans le cadre de la pr\u00e9vention des atteintes \u00e0 la s\u00e9curit\u00e9 des personnes  \net des biens dans des lieux particuli\u00e8rement expos\u00e9s, en raison de leurs caract\u00e9ristiques ou  \ndes faits qui s'y sont d\u00e9j\u00e0 d\u00e9roul\u00e9s, \u00e0 des risques d'agressions, de vols ou de trafics d'armes,  \nd'\u00eatres humains ou de stup\u00e9fiants, de proc\u00e9der \u00e0 la captation, \u00e0 l'enregistrement et \u00e0 la  \ntransmission d'images au moyen de cam\u00e9ras install\u00e9es sur des a\u00e9ronefs\nConsid\u00e9rant que, dans le cadre de la lutte anti-d\u00e9linquance, les forces de l'ordre ont conduit  \nde nombreuses op\u00e9rations de police administrative visant \u00e0 pr\u00e9venir les troubles \u00e0 l'ordre  \nPr\u00e9fecture du VAR - 83-2024-10-15-00001 - Arr\u00eat\u00e9 n\u00b0 2024-BSP-OP-49 autorisant la captation, l'enregistrement et la transmission\nd'images au moyen de cam\u00e9ras install\u00e9es sur des a\u00e9ronefs 16\npublic sur le quartier de la Florane ; que lors de ces interventions, des atteintes \u00e0 la s\u00e9curit\u00e9  \ndes personnes et des biens ont pu \u00eatre constat\u00e9es  ;\nConsid\u00e9rant  que  la  commune  de  Toulon  comprend  plusieurs  cit\u00e9s  et  quartiers  urbains  \nconsid\u00e9r\u00e9s  comme  sensibles,  comme  celui  de  la  Florane,  dans  lesquelles  des  trafics  de  \nstup\u00e9fiants et des troubles \u00e0 l'ordre public sont fr\u00e9quents; que les forces de l'ordre y sont  \nfr\u00e9quemment engag\u00e9es pour assurer la s\u00e9curit\u00e9 et la paix publique; \nConsid\u00e9rant que le 5 juin 2024, des personnes cagoul\u00e9es et arm\u00e9es ont ouvert le feu sur un  \nlocal servant de salle de jeux  ; que 12 ao\u00fbt 2024, le quartier HLM de la Florane a \u00e9t\u00e9 le th\u00e9\u00e2tre  \nde tirs d'armes \u00e0 feu  ; que le 22 ao\u00fbt 2024, deux fusils mitrailleurs, emball\u00e9s dans de sacs  \npoubelle, ont \u00e9t\u00e9 d\u00e9couverts dans une gaine technique d'un des b\u00e2timents  de la cit\u00e9  ; que  le \n13 septembre 2024 \u00e0 16h30, les forces de police sont intervenues rue Bonfante \u00e0 Toulon pour  \nune rixe avec couteaux ; que les 01er, 10 et 15 septembre 2024, les policiers ont \u00e9t\u00e9 requis  \npour des incendies de v\u00e9hicules et de containers dans la cit\u00e9 de la Florane  ;\nConsid\u00e9rant que le risque pour la s\u00e9curit\u00e9 des personnes est consubstantiel au trafic de  \ndrogue, en ce qu'il suppose l'occupation du lieu de trafic en recourant \u00e0 la pression, menace  \net violence sur les riverains  ; qu'il g\u00e9n\u00e8re des violences entre les individus ou les groupes qui  \ns'y livrent pour s'assurer le caract\u00e8re exclusif de cette occupation, violences qui peuvent  \nimpliquer, compte tenu des liens qu'ils entretiennent avec les r\u00e9seaux criminels et mafieux, le  \nrecours  \u00e0  des  armes  ou  des  m\u00e9thodes  particuli\u00e8rement  dangereuses,  exposant  ainsi  les  \nriverains  et  les  forces  de  l'ordre  qui  interviennent  \u00e0  des  risques  \u00e9lev\u00e9s  d'atteinte  \u00e0  leur  \ns\u00e9curit\u00e9 et \u00e0 leur int\u00e9grit\u00e9 physique  ;\nConsid\u00e9rant que, dans ce contexte et compte tenu de l'int\u00e9r\u00eat pour les forces de l'ordre de  \ndisposer d'une vision en grand angle au regard du caract\u00e8re tr\u00e8s mobile des individus se  \nlivrant \u00e0 ce genre d'activit\u00e9 le recours aux dispositifs de captation install\u00e9s sur des a\u00e9ronefs  \nest n\u00e9cessaire et adapt\u00e9 ; qu'il n'existe pas de dispositif moins intrusif permettant de parvenir  \naux m\u00eames fins ;\nConsid\u00e9rant  que  la  demande  porte  sur  l'engagement  de  deux cam\u00e9ras  a\u00e9roport\u00e9es,  le \nmercredi 16 octobre 2024 de 13h00 \u00e0 19h00,  dans le seul secteur d\u00e9limit\u00e9 en annexe du  \npr\u00e9sent  arr\u00eat\u00e9,  afin  d'assurer  la  s\u00e9curisation  des  personnes  ;  que  les  lieux  surveill\u00e9s  sont  \nstrictement limit\u00e9s \u00e0 la zone o\u00f9 sont susceptibles de se commettre les atteintes  que l'usage \ndes cam\u00e9ras a\u00e9roport\u00e9es vise  \u00e0 pr\u00e9venir ; que la dur\u00e9e de   l'autorisation est  \u00e9galement \nlimit\u00e9e  \u00e0 une  dur\u00e9e  de  six  heures ;  qu'au  regard  des  circonstances  susmentionn\u00e9es,  la  \ndemande n'appara\u00eet pas disproportionn\u00e9e ;\nConsid\u00e9rant qu'en vertu de l'article R. 242-13 du code de la s\u00e9curit\u00e9 int\u00e9rieure, il y a lieu de  \nd\u00e9roger  au  principe  d'information  du  public  d\u00e8s  lors  que  cette  information  entre  en  \ncontradiction avec les finalit\u00e9s pour lesquelles le dispositif est autoris\u00e9  ;\nSur proposition de la sous-pr\u00e9f\u00e8te, directrice de cabinet du Var  ;\nARR\u00caTE\nArticle  1er \u2013  La  captation,  l'enregistrement  et  la  transmission  d'images  par  la  direction  \ninterd\u00e9partementale de la Police Nationale du Var, est autoris\u00e9e au titre de la pr\u00e9vention des  \natteintes \u00e0 la s\u00e9curit\u00e9 des personnes et des biens sur la commune de Toulon le mercredi 16 \noctobre 2024 de 13h00 \u00e0 19h00.Pr\u00e9fecture du VAR - 83-2024-10-15-00001 - Arr\u00eat\u00e9 n\u00b0 2024-BSP-OP-49 autorisant la captation, l'enregistrement et la transmission\nd'images au moyen de cam\u00e9ras install\u00e9es sur des a\u00e9ronefs 17\nArticle 2 \u2013 Le nombre maximal de cam\u00e9ras pouvant proc\u00e9der simultan\u00e9ment aux traitements  \nmentionn\u00e9s \u00e0 l'article 1er est fix\u00e9 \u00e0 deux, install\u00e9es sur deux drones DJI Mavic 3 T.\nArticle 3 \u2013 La pr\u00e9sente autorisation est limit\u00e9e au p\u00e9rim\u00e8tre g\u00e9ographique figurant sur le plan  \njoint en annexe, dans le quartier de la Florane \u00e0 Toulon, d\u00e9limit\u00e9 par les rues David, Bonfante,  \nMontserat, Saint Victor et le chemin Etienne Massiani .\nArticle 4 \u2013  Le pr\u00e9sent arr\u00eat\u00e9 peut faire l'objet d'un recours contentieux devant le tribunal  \nadministratif de Toulon dans un d\u00e9lai de deux mois \u00e0 compter de sa publication.\nArticle  5  \u2013  La  sous-pr\u00e9f\u00e8te,  directrice  de  cabinet  du  pr\u00e9fet  du  Var  et  le  directeur  \ninterd\u00e9partemental  de  la  Police  Nationale  du  Var,  sont  charg\u00e9s,  chacun  en  ce  qui  les  \nconcerne, de l'ex\u00e9cution du pr\u00e9sent arr\u00eat\u00e9.\nToulon, le 15 octobre 2024\nPour le Pr\u00e9fet et par d\u00e9l\u00e9gation,\nle Directeur des s\u00e9curit\u00e9s\nSign\u00e9\nVincent BARASTIERPr\u00e9fecture du VAR - 83-2024-10-15-00001 - Arr\u00eat\u00e9 n\u00b0 2024-BSP-OP-49 autorisant la captation, l'enregistrement et la transmission\nd'images au moyen de cam\u00e9ras install\u00e9es sur des a\u00e9ronefs 18\nTH:OL \"VZOT/O1/60 ] ans ]| N ,0\u20ac ,80 7 : apne| 3 ,\u00a3L,\u20acS \u00a2 : apmiBue7sajeBe;-suoquatu/jAnGf ieuodosG wa - CZ0Z NOI \u00a9oF = ey) = ES Payee\u00e6, = . = jet _7 - ~ ...Bjr 5 6) Be : SPea Sir: > DETTE cemmelenmen te IS l, $ == LCELL  TES,\u00ab\n\\L'AILE\nve)ie,\n+niBTS=ss-x ET ;\u00ab & cee PM\nown  EL\nFavs  TT LIRE'\nst  TA\nioped /y Anos piepiodoas MMM//:sdyu . Hteuodosn - snbiydeiSoyres uoresipensiA\nPr\u00e9fecture du VAR - 83-2024-10-15-00001 - Arr\u00eat\u00e9 n\u00b0 2024-BSP-OP-49 autorisant la captation, l'enregistrement et la transmission\nd'images au moyen de cam\u00e9ras install\u00e9es sur des a\u00e9ronefs 19","date":"2024-10-15","first_seen_on":"2024-10-15T17:17:37+00:00","id":"e23ce7db51a09bccaba59d660a9ad08042f5d665af8c30dfb9133a14dee16034","name":"RAA N\u00b0288 du 15 octobre 2024","pdf_creation_date":"2024-10-15T15:07:22+00:00","pdf_modification_date":null,"timezone":"Europe/Paris","url":"https://www.var.gouv.fr/contenu/telechargement/36609/242512/file/RAA%20N%C2%B0288%20du%2015%20octobre%202024.pdf"}
