{"administration":"pref01","administration_name":"Pr\u00e9fecture de l\u2019Ain","content":"AIN\nRECUEIL DES ACTES\nADMINISTRATIFS SP\u00c9CIAL\n(NOMINATIFS)\nN\u00b001-2026-097\nPUBLI\u00c9 LE 19 MARS 2026\nSommaire\n01_Pref_Pr\u00e9fecture de l'Ain /\n01-2026-03-19-00001 - RAA AP d\u00e9l\u00e9gation de signature A. COCHET (2\npages) Page 3\n2\n01_Pref_Pr\u00e9fecture de l'Ain\n01-2026-03-19-00001\nRAA AP d\u00e9l\u00e9gation de signature A. COCHET\n01_Pref_Pr\u00e9fecture de l'Ain - 01-2026-03-19-00001 - RAA AP d\u00e9l\u00e9gation de signature A. COCHET 3\nEnPREFETDE L'AINLibert\u00e9Egalit\u00e9Fraternit\u00e9\nARR\u00caT\u00c9 PR\u00c9FECTORAL\nportant d\u00e9l\u00e9gation de signature \u00e0 Monsieur Arnaud COCHET,\nDirecteur r\u00e9gional des finances publiques  \nde la r\u00e9gion Auvergne-Rh\u00f4ne-Alpes et du d\u00e9partement du Rh\u00f4ne par int\u00e9rim,\nen mati\u00e8re de gestion des successions vacantes\nLE PR\u00c9FET DE L'AIN\nVU le code civil ;\nVU le code g\u00e9n\u00e9ral de la propri\u00e9t\u00e9 des personnes publiques ;\nVU la loi n\u00b0 2006-728 du 23 juin 2006 portant r\u00e9forme des successions et des lib\u00e9ralit\u00e9s ;\nVU la loi n\u00b0 92-125 du 6 f\u00e9vrier 1992 relative \u00e0 l'administration territoriale de la R\u00e9publique ;\nVU la loi n\u00b0 82 -213 du 2  mars  1982 relative  aux  droits  et  libert\u00e9s  des  communes,  des\nd\u00e9partements et des r\u00e9gions ;\nVU le d\u00e9cret n\u00b0 2015-510 du 7 mai 2015 portant charte de la d\u00e9concentration;\nVU le d\u00e9cret n\u00b0 2011-1612 du 22 novembre 2011 relatif aux premi\u00e8re, deuxi\u00e8me, troisi\u00e8me et\nquatri\u00e8me parties r\u00e9glementaires du code g\u00e9n\u00e9ral de la propri\u00e9t\u00e9 des personnes publiques ;\nVU le d\u00e9cret n\u00b0 2009-707 du 16 juin 2009 relatif aux services d\u00e9concentr\u00e9s de la direction\ng\u00e9n\u00e9rale des finances publiques;\nVU le d\u00e9cret n\u00b0 2004-374 du 29 avril 2004 modifi\u00e9  relatif aux pouvoirs des P r\u00e9fets, \u00e0\nl'organisation et \u00e0 l'action des services de l'\u00c9tat dans les r\u00e9gions et d\u00e9partements ;\nVU le d\u00e9cret du 02 d\u00e9cembre 2025 portant nomination de Monsieur Louis-Xavier THIRODE,\nen qualit\u00e9 de pr\u00e9fet de l'Ain ;\nVU le d\u00e9cret du 02 ao\u00fbt 2023 portant nomination de Madame Virginie GUERIN-ROBINET,\nsecr\u00e9taire g\u00e9n\u00e9rale de la pr\u00e9fecture de l'Ain, sous-pr\u00e9f\u00e8te de l'arrondissement de Bourg-en-\nBresse ;\nVU le d\u00e9cret du 12 ao\u00fbt 2022 portant nomination de Monsieur Pascal ROTH\u00c9, administrateur\ng\u00e9n\u00e9ral des finances publiques, en qualit\u00e9 de directeur r\u00e9gional des finances publiques de la\nr\u00e9gion Auvergne-Rh\u00f4ne-Alpes et du d\u00e9partement du Rh\u00f4ne ;\nVU la d\u00e9cision du Ministre de l'\u00e9conomie, des finances et de la souverainet\u00e9 industrielle et\nnum\u00e9rique, fixant la date d'installation de Monsieur Pascal ROTH\u00c9 au 1er septembre 2022 ;\nVU l'arr\u00eat\u00e9 du 14 f\u00e9vrier 2026 portant admission \u00e0 la retraite de Monsieur Pascal ROTH\u00c9  ;\nVU l'arr\u00eat\u00e9 du 17 f\u00e9vrier 2026 confiant \u00e0 Monsieur Arnaud COCHET, administrateur de l'\u00c9tat\ndu  grade  transitoire,  directeur  d\u00e9partemental  des  finances  publiques  du  Puy-de-D\u00f4me,\nl'int\u00e9rim de la Direction r\u00e9gionale des finances publiques de la r\u00e9gion Auvergne-Rh\u00f4ne-Alpes\net du d\u00e9partement du Rh\u00f4ne en remplacement de Monsieur Pascal ROTHE ;\n45 Avenue Alsace-Lorraine - Quartier Bourg Centre \u2013 CS 80400 - 01012 BOURG EN BRESSE CEDEX \nT\u00e9l. 04.74.32.30.00 - T\u00e9l\u00e9copie 04.74.23.26.56 - Serveur vocal 04.74.32.30.30 - Site internet : www.ain.gouv.f\n01_Pref_Pr\u00e9fecture de l'Ain - 01-2026-03-19-00001 - RAA AP d\u00e9l\u00e9gation de signature A. COCHET 4\nVU l'arr\u00eat\u00e9 interminist\u00e9riel du 23 d\u00e9cembre 2006 relatif \u00e0 l'organisation de la gestion de\npatrimoines priv\u00e9s et de biens priv\u00e9s, modifi\u00e9 par l'arr\u00eat\u00e9 interminist\u00e9riel du 21 d\u00e9cembre\n2007 ;\nSUR proposition de Madame la secr\u00e9taire g\u00e9n\u00e9rale de la pr\u00e9fecture de l'Ain,  sous-pr\u00e9fet de\nl'arrondissement de Bourg-en-Bresse ;\nARR\u00caTE\nArticle 1     :   D\u00e9l\u00e9gation de signature est donn\u00e9e \u00e0 Monsieur Arnaud COCHET, directeur r\u00e9gional\ndes finances publiques de la r\u00e9gion Auvergne-Rh\u00f4ne-Alpes et  du d\u00e9partement du Rh\u00f4ne par\nint\u00e9rim, \u00e0 l'effet de signer, dans la limite de ses attributions et comp\u00e9tences, tous les actes se\nrapportant \u00e0 l'administration provisoire des successions non r\u00e9clam\u00e9es, \u00e0 la curatelle des\nsuccessions vacantes, \u00e0 la gestion et \u00e0 la liquidation des successions en d\u00e9sh\u00e9rence dans le\nd\u00e9partement de l'Ain.\nArticle 2     :   En cas d'absence ou d'emp\u00eachement de Monsieur  Arnaud COCHET , directeur\nr\u00e9gional des finances publiques de la r\u00e9gion Auvergne-Rh\u00f4ne-Alpes et  du d\u00e9partement du\nRh\u00f4ne par int\u00e9rim , la d\u00e9l\u00e9gation qui est consentie dans les termes figurant \u00e0 l'article 1 du\npr\u00e9sent  arr\u00eat\u00e9  peut  \u00eatre  exerc\u00e9e  par  les  agents  plac\u00e9s  sous  son  autorit\u00e9  et  fix\u00e9s\nnominativement.\nL'arr\u00eat\u00e9  de  subd\u00e9l\u00e9gation  sera  transmis  au  pr\u00e9fet  de  d\u00e9partement  et  fera  l'objet  d'une\npublication au recueil des actes administratifs de la pr\u00e9fecture.\nArticle 3     :   Le pr\u00e9sent arr\u00eat\u00e9 peut faire l'objet d'un recours devant le tribunal administratif de\nLyon dans un d\u00e9lai de deux mois \u00e0 compter de sa publication, conform\u00e9ment \u00e0 l'article R. 421-\n1 du code de justice administrative via le site citoyens.telerecours.fr selon l'article R. 414-6  du\ncode de justice administrative.\nArticle 4     :   La secr\u00e9taire g\u00e9n\u00e9rale de la pr\u00e9fecture de l'Ain, sous-pr\u00e9f\u00e8te de l'arrondissement de\nBourg-en-Bresse et le directeur r\u00e9gional des finances publiques de la r\u00e9gion Auvergne-Rh\u00f4ne-\nAlpes et du d\u00e9partement du Rh\u00f4ne par int\u00e9rim  sont charg\u00e9s, chacun en ce qui le concerne,\nde l'ex\u00e9cution du pr\u00e9sent arr\u00eat\u00e9 qui sera publi\u00e9 au recueil des actes administratifs de la\npr\u00e9fecture de l'Ain.\nBourg-en-Bresse, le 19 mars 2026\nLe pr\u00e9fet,\nSIGN\u00c9\nLouis-Xavier THIRODE\n45 Avenue Alsace-Lorraine - Quartier Bourg Centre \u2013 CS 80400 - 01012 BOURG EN BRESSE CEDEX \nT\u00e9l. 04.74.32.30.00 - T\u00e9l\u00e9copie 04.74.23.26.56 - Serveur vocal 04.74.32.30.30 - Site internet : www.ain.gouv.f\n01_Pref_Pr\u00e9fecture de l'Ain - 01-2026-03-19-00001 - RAA AP d\u00e9l\u00e9gation de signature A. COCHET 5","date":"2026-03-19","first_seen_on":"2026-03-19T19:05:14+00:00","id":"e28671e4d1ba9f6f76b49c9d87c1db3db9e4835bcbdeb62ccf1daffd35dabd48","name":"recueil-01-2026-097-recueil-des-actes-administratifs-nominatifs19-03-2026","pdf_creation_date":"2026-03-19T18:01:27+00:00","pdf_modification_date":null,"timezone":"Europe/Paris","url":"https://www.ain.gouv.fr/contenu/telechargement/35214/245743/file/recueil-01-2026-097-recueil-des-actes-administratifs-nominatifs19-03-2026.pdf"}
