{"administration":"pref21","administration_name":"Pr\u00e9fecture de C\u00f4te-d\u2019Or","content":"PR\u00c9FET\nDE LA C\u00d4TE-D'OR\nRECUEIL DES ACTES\nADMINISTRATIFS SP\u00c9CIAL\nN\u00b021-2025-058\nPUBLI\u00c9 LE 25 AVRIL 2025\nSommaire\nDirection d\u00e9partementale de la protection des populations de la\nC\u00f4te-d'Or / Service Sant\u00e9 et Protections animales, Protection de\nl'Environnement\n21-2025-04-17-00010 - Arr\u00eat\u00e9 pr\u00e9fectoral N\u00b0586/2025 en date du 17\navril 2025 attribuant l habilitation sanitaire \u00e0  Gwladys PEREZ (2 pages) Page 4\n21-2025-04-18-00006 - Arr\u00eat\u00e9 pr\u00e9fectoral N\u00b0594/2025 en date du 18\navril 2025 attribuant l habilitation sanitaire \u00e0 Suzon DUMONT (2 pages) Page 7\nDirection d\u00e9partementale des territoires de la C\u00f4te-d'Or / Service de l'eau\net des risques\n21-2025-04-16-00004 - Arr\u00eat\u00e9 pr\u00e9fectoral n\u00b0 601 du 16 avril 2025\nd\u00e9limitant les zones de protection des aires d'alimentation du puits et du\nforage de Magny-Lambert. (3 pages) Page 10\nDirection d\u00e9partementale des territoires de la C\u00f4te-d'Or / Service\n\u00c9conomie Agricole et Environnement des Exploitations\n21-2025-04-23-00001 - ARR\u00caT\u00c9 PR\u00c9FECTORAL n\u00b0 606\nportant sur le\nd\u00e9lai de d\u00e9p\u00f4t des demandes au titre de l'indemnisation fond\u00e9e\nsur la solidarit\u00e9 nationale suite aux \u00e9pisodes de pluies longue dur\u00e9e\nd'octobre 2023 \u00e0 juin 2024 et de gel du 19 au 24 avril 2024 (2 pages) Page 14\nDirection d\u00e9partementale des territoires de la C\u00f4te-d'Or / Service\nPr\u00e9servation et Am\u00e9nagement de l'Espace (SPAE)\n21-2025-04-16-00005 - Arr\u00eat\u00e9 pr\u00e9fectoral du 16 avril 2025 d\u00e9limitant,\npour l'ann\u00e9e 2025, les communes du d\u00e9partement de la\nC\u00f4te-d'Or dans lesquelles le dispositif d'aide \u00e0 la protection des\ntroupeaux\ncontre la pr\u00e9dation (loup) peut \u00eatre mis en oeuvre (6 pages) Page 17\n21-2025-04-22-00004 - Arr\u00eat\u00e9 pr\u00e9fectoral du 22 avril 2025 modifiant\nl'arr\u00eat\u00e9 pr\u00e9fectoral du 19 novembre 2024 modifi\u00e9 portant\nnomination des membres de la commission d\u00e9partementale de la\nnature,\ndes paysages et des sites et de ses formations sp\u00e9cialis\u00e9es (2\npages) Page 24\n21-2025-04-22-00001 - Arr\u00eat\u00e9 pr\u00e9fectoral du 22 avril 2025 portant\nrenouvellement du bureau de l'association fonci\u00e8re d'am\u00e9nagement\nfoncier agricole et forestier (AFAFAF) d'ASNIERES-EN-MONTAGNE (2 pages) Page 27\n21-2025-04-24-00003 - Arr\u00eat\u00e9 pr\u00e9fectoral du 24 avril 2025 portant\nrenouvellement du bureau de l'association fonci\u00e8re de remembrement de\nGISSEY-SOUS-FLAVIGNY (2 pages) Page 30\nDirection d\u00e9partementale des territoires de la C\u00f4te-d'Or / Service\nS\u00e9curit\u00e9 et Education Routi\u00e8re\n21-2025-04-24-00001 - \nArr\u00eat\u00e9 N\u00b0 607 autorisant une manifestation\nnautique d\u00e9nomm\u00e9e \u00abComp\u00e9tition r\u00e9gionale de cano\u00eb kayak\nde course en ligne\u00bb le samedi 7 juin 2025 et fixant des mesures\ntemporaires de police de la navigation int\u00e9rieure sur la Sa\u00f4ne \u00e0\nSt-Jean-De-Losne (21) entre les PK 215,000 au PK 217,000. (6 pages) Page 33\n2\nHospices Civils de Beaune / Direction g\u00e9n\u00e9rale\n21-2025-04-18-00005 - 22 2025 D\u00e9l\u00e9gation de signature Institut de\nFormations Param\u00e9dicales (4 pages) Page 40\nPr\u00e9fecture de la C\u00f4te-d'Or / Direction des s\u00e9curit\u00e9s\n21-2025-04-18-00003 - AP Interdiction conso alcool Place de la\nR\u00e9publique \u00e0 Dijon - Avril 2025 (2 pages) Page 45\n21-2025-04-24-00004 - Arr\u00eat\u00e9 pr\u00e9fectoral N\u00b0620 portant interdiction\nde rassemblements festifs \u00e0 caract\u00e8re musical et interdiction de\ncirculation\nde tout v\u00e9hicule transportant du mat\u00e9riel de son \u00e0\ndestination d'un rassemblement festif\n\u00e0 caract\u00e8re musical non\nautoris\u00e9 (2 pages) Page 48\nPr\u00e9fecture de la C\u00f4te-d'Or / SGCD de C\u00f4te-d'Or\n21-2025-04-15-00005 - Arr\u00eat\u00e9 n\u00b0587 du 15 avril 2025 de d\u00e9signation\ndes membres du comit\u00e9 social d'administration de la  DDETS  de\nC\u00f4te-d'Or  (3 pages) Page 51\n21-2025-04-18-00004 - Arr\u00eat\u00e9 n\u00b0588 du 18 avril 2025  d\u00e9signation des\nmembres du  CSA de la  DDT de C\u00f4te d'Or (3 pages) Page 55\n21-2025-04-23-00002 - Arr\u00eat\u00e9 n\u00b0589 du 23 avril 2025 portant\nd\u00e9signation des membres du comit\u00e9 social d'administration de la\nPr\u00e9fecture de C\u00f4te d'Or (3 pages) Page 59\nService p\u00e9nitentiaire d'insertion et de probation de la C\u00f4te-d'Or /\n21-2025-04-17-00009 - Arr\u00eat\u00e9 du 17 avril 2025 portant nomination des\nmembres au comit\u00e9 social d'administration du Service P\u00e9nitentiaire\nd'Insertion et de probation (SPIP) de la C\u00f4te d'Or (2 pages) Page 63\n3\nDirection d\u00e9partementale de la protection des\npopulations de la C\u00f4te-d'Or\nService Sant\u00e9 et Protections animales, Protection\nde l'Environnement\n21-2025-04-17-00010\nArr\u00eat\u00e9 pr\u00e9fectoral N\u00b0586/2025 en date du 17\navril 2025 attribuant l habilitation sanitaire \u00e0 \nGwladys PEREZ\nDirection d\u00e9partementale de la protection des populations de la C\u00f4te-d'Or - 21-2025-04-17-00010 - Arr\u00eat\u00e9 pr\u00e9fectoral N\u00b0586/2025 en\ndate du 17 avril 2025 attribuant l habilitation sanitaire \u00e0  Gwladys PEREZ 4\nExPREFETDE LACOTE-D'ORijerte'Egalit\u00e9Fraternit\u00e9\nDirection D\u00e9partementale\nde la Protection des Populations\nService Sant\u00e9 et Protection Animales\nProtection de l'Environnement\nAffaire suivie par : Val\u00e9rie LABUSSIERE\nT\u00e9l. : 03 80 29 44 53\nM\u00e9l : ddpp-spa@cote-dor.gouv.fr\nArr\u00eat\u00e9 pr\u00e9fectoral N\u00b0586/2025 en date du 17 avril 2025\nAttribuant l'habilitation sanitaire \u00e0  Gwladys PEREZ\nPr\u00e9fet de la C\u00f4te-d'Or\nVu  le Code Rural et de la p\u00eache maritime et notamment ses articles L.203-1 \u00e0 L.203-7, L.223-\n6, R.203-1 \u00e0 R.203-15 et R.242-33.\nVu  le d\u00e9cret n\u00b080-516 du 4 juillet 1980, modifi\u00e9 par le d\u00e9cret n\u00b090-1033 du 19 novembre  \n1990 et par le d\u00e9cret 2003-768 du 1 er ao\u00fbt 2003, relatif \u00e0 l'ex\u00e9cution des mesures de  \nprophylaxie collective des maladies des animaux ;\nVu  le  d\u00e9cret  n\u00b02004-374  du  29  avril  2004  modifi\u00e9,  relatif  aux  pouvoirs  des  pr\u00e9fets,  \u00e0  \nl'organisation  et  \u00e0  l'action  des  services  de  l'\u00c9tat  dans  les  r\u00e9gions  et  d\u00e9partements  \nnotamment son article 43 ;\nVu  le d\u00e9cret du 10 octobre 2024 nommant M. Paul MOURIER, pr\u00e9fet de la C\u00f4te-d'Or ;\nVu l'arr\u00eat\u00e9  pr\u00e9fectoral  n\u00b0  1658/SG  du  28/10/2024,  donnant  d\u00e9l\u00e9gation  de  signature  \u00e0  \nMonsieur Didier ROOSE ;\nVu l'arr\u00eat\u00e9 pr\u00e9fectoral n\u00b01850/DDPP du 09/12/2024, donnant subd\u00e9l\u00e9gation de signature ;\nConsid\u00e9rant  que le Docteur V\u00e9t\u00e9rinaire  Gwladys PEREZ  remplit les conditions permettant  \nl'attribution de l'habilitation sanitaire ;\nSur proposition de Monsieur le directeur d\u00e9partemental de la protection des populations de  \nla C\u00f4te-d'Or ;\nDirection D\u00e9partementale de la Protection des Populations - 57 rue de Mulhouse  -  21 033 DIJON Cedex\nt\u00e9l : 03 80 29 43 53... - Fax : 03 80 29 43 53..... - m\u00e8l : ddpp@cote-dor.gouv.fr\nSite internet : http://www.cote-dor.gouv.fr\npage 1\nDirection d\u00e9partementale de la protection des populations de la C\u00f4te-d'Or - 21-2025-04-17-00010 - Arr\u00eat\u00e9 pr\u00e9fectoral N\u00b0586/2025 en\ndate du 17 avril 2025 attribuant l habilitation sanitaire \u00e0  Gwladys PEREZ 5\nA R R E T E\nArticle 1er :\nL'habilitation sanitaire pr\u00e9vue \u00e0 l'article L.203-1 du code rural et de la p\u00eache maritime susvis\u00e9  \nest attribu\u00e9e pour une dur\u00e9e de 5 ans, \u00e0 compter de la date de signature du pr\u00e9sent arr\u00eat\u00e9,  \u00e0 \nGwladys PEREZ , Docteur V\u00e9t\u00e9rinaire, inscrite au Tableau de l'Ordre des V\u00e9t\u00e9rinaires de la  \nr\u00e9gion Bourgogne-Franche-Comt\u00e9, sous le n\u00b039009, administrativement domicili\u00e9e \u00e0 Clinique  \nv\u00e9t\u00e9rinaire Auxois-Morvan ZI Terreau Brenot 21210 SAULIEU\nArticle 2 :\nDans la mesure o\u00f9 les conditions requises ont \u00e9t\u00e9 respect\u00e9es, cette habilitation sanitaire est  \nrenouvelable  par  p\u00e9riode  de  cinq  ann\u00e9es  tacitement  reconduites  sous  r\u00e9serve  pour  le  \nv\u00e9t\u00e9rinaire sanitaire de justifier \u00e0 l'issue de chaque p\u00e9riode de cinq ans, aupr\u00e8s du pr\u00e9fet de  \nla C\u00f4te-d'Or du respect de ses obligations de formation continue pr\u00e9vues \u00e0 l'article R.203-12.\nArticle 3 :\nGwladys PEREZ  s'engage \u00e0 respecter les prescriptions techniques, administratives et le cas  \n\u00e9ch\u00e9ant financi\u00e8res de mise en \u0153uvre des mesures de pr\u00e9vention, de surveillance ou de lutte  \nprescrites par l'autorit\u00e9 administrative et des op\u00e9rations de police sanitaire ex\u00e9cut\u00e9es en  \napplication de l'article L.203-7 du code rural et de la p\u00eache maritime.\nArticle 4 :\nGwladys PEREZ  pourra \u00eatre appel\u00e9e par le pr\u00e9fet de ses d\u00e9partements d'exercice pour la  \nr\u00e9alisation  d'op\u00e9rations  de  police  sanitaire  au  sein  des  lieux  de  d\u00e9tention  ou  des  \n\u00e9tablissements  pour  lesquels  elle  a  \u00e9t\u00e9  d\u00e9sign\u00e9e  v\u00e9t\u00e9rinaire  sanitaire.  Elle  sera  tenue  de \nconcourir \u00e0 ces op\u00e9rations en application des dispositions de l'article L.203-7 du code rural et \nde la p\u00eache maritime.\nArticle 5 :\nTout  manquement  ou  faute  commis  dans  l'exercice  de  la  pr\u00e9sente  habilitation  sanitaire \nentra\u00eenera l'application des dispositions pr\u00e9vues aux articles R.203-15, R.228-6 et suivants du  \ncode rural et de la p\u00eache maritime.\nArticle 6 :\nLa pr\u00e9sente d\u00e9cision peut faire l'objet d'un recours devant le Tribunal Administratif de Dijon  \ndans un d\u00e9lai de deux mois \u00e0 compter de la date de notification, soit par courrier, soit par  \nl'application informatique T\u00e9l\u00e9recours accessible sur le site www.telerecours.fr\nArticle 7 :\nMonsieur le directeur d\u00e9partemental de la protection des populations de la C\u00f4te-d'Or est  \ncharg\u00e9 de l'ex\u00e9cution du pr\u00e9sent arr\u00eat\u00e9 qui sera publi\u00e9 au recueil des actes administratifs de  \nla pr\u00e9fecture de la C\u00f4te-d'Or.\nLa cheffe de service\nSign\u00e9\nFlora AL-HAKKAK\nDirection D\u00e9partementale de la Protection des Populations - 57 rue de Mulhouse  -  21 033 DIJON Cedex\nt\u00e9l : 03 80 29 43 53... - Fax : 03 80 29 43 53..... - m\u00e8l : ddpp@cote-dor.gouv.fr\nSite internet : http://www.cote-dor.gouv.fr\npage 2\nDirection d\u00e9partementale de la protection des populations de la C\u00f4te-d'Or - 21-2025-04-17-00010 - Arr\u00eat\u00e9 pr\u00e9fectoral N\u00b0586/2025 en\ndate du 17 avril 2025 attribuant l habilitation sanitaire \u00e0  Gwladys PEREZ 6\nDirection d\u00e9partementale de la protection des\npopulations de la C\u00f4te-d'Or\nService Sant\u00e9 et Protections animales, Protection\nde l'Environnement\n21-2025-04-18-00006\nArr\u00eat\u00e9 pr\u00e9fectoral N\u00b0594/2025 en date du 18\navril 2025 attribuant l habilitation sanitaire \u00e0\nSuzon DUMONT\nDirection d\u00e9partementale de la protection des populations de la C\u00f4te-d'Or - 21-2025-04-18-00006 - Arr\u00eat\u00e9 pr\u00e9fectoral N\u00b0594/2025 en\ndate du 18 avril 2025 attribuant l habilitation sanitaire \u00e0 Suzon DUMONT 7\nExPREFETDE LACOTE-D'ORijerte'Egalit\u00e9Fraternit\u00e9\nDirection D\u00e9partementale\nde la Protection des Populations\nAffaire suivie par Val\u00e9rie LABUSSIERE                    \nService sant\u00e9 et protection animales,\nprotection de l'environnement\nT\u00e9l : 03 80 29 44 53\nm\u00e9l : ddpp-spa@cote-dor.gouv.fr\nArr\u00eat\u00e9 pr\u00e9fectoral N\u00b0594/2025 en date du 18 avril 2025\nAttribuant l'habilitation sanitaire \u00e0 Suzon DUMONT\nPr\u00e9fet de la C\u00f4te-d'Or\nVu le Code Rural et de la p\u00eache maritime et notamment ses articles L.203-1 \u00e0 L.203-7 , L.223-\n6, R.203-1 \u00e0 R.203-15 et R.242-33.\nVu le d\u00e9cret n\u00b080-516 du 4 juillet 1980, modifi\u00e9 par le d\u00e9cret n\u00b090-1033 du 19 novembre 1990 \net  par  le  d\u00e9cret  2003-768  du  1er ao\u00fbt  2003,  relatif  \u00e0  l'ex\u00e9cution  des  mesures  de \nprophylaxie collective des maladies des animaux ;\nVu le  d\u00e9cret  n\u00b02004-374  du  29  avril  2004  modifi\u00e9,  relatif  aux  pouvoirs  des  pr\u00e9fets,  \u00e0 \nl'organisation  et  \u00e0  l'action  des  services  de  l'\u00c9tat  dans  les  r\u00e9gions  et  d\u00e9partements \nnotamment son article 43 ;\nVu  le d\u00e9cret du 10 octobre 2024 nommant M. Paul MOURIER, pr\u00e9fet de la C\u00f4te-d' Or ;\nVu l'arr\u00eat\u00e9  pr\u00e9fectoral  n\u00b0  1658/SG  du  28/10/2024,  donnant  d\u00e9l\u00e9gation  de  signature  \u00e0 \nMonsieur Didier ROOSE ;\nVu l'arr\u00eat\u00e9 pr\u00e9fectoral n\u00b0 n\u00b01850/DDPP du 09/12/2024, donnant subd\u00e9l\u00e9gation de signature ;\nConsid\u00e9rant que le Docteur V\u00e9t\u00e9rinaire  Suzon DUMONT remplit les conditions permettant  \nl'attribution de l'habilitation sanitaire ;\nSur proposition de Monsieur le directeur d\u00e9partemental de la protection des populations de  \nla C\u00f4te-d'Or ;\nDirection D\u00e9partementale de la Protection des Populations - 57 rue de Mulhouse  -  21 033 DIJON Cedex\nt\u00e9l : 03 80 29 43 53... - m\u00e8l : ddpp-spa@cote-dor.gouv.fr\nSite internet : http://www.cote-dor.gouv.fr\npage 1\nDirection d\u00e9partementale de la protection des populations de la C\u00f4te-d'Or - 21-2025-04-18-00006 - Arr\u00eat\u00e9 pr\u00e9fectoral N\u00b0594/2025 en\ndate du 18 avril 2025 attribuant l habilitation sanitaire \u00e0 Suzon DUMONT 8\nA R R E T E\nArticle 1er :\nL'habilitation sanitaire pr\u00e9vue \u00e0 l'article L.203-1 du code rural et de la p\u00eache maritime susvis\u00e9  \nest attribu\u00e9e pour une dur\u00e9e de 5 ans \u00e0 compter de la date de signature du pr\u00e9sent arr\u00eat\u00e9, \u00e0 \nSuzon DUMONT  Docteur V\u00e9t\u00e9rinaire inscrite au Tableau de l'Ordre des V\u00e9t\u00e9rinaires de la \nr\u00e9gion Bourgogne-Franche-Comt\u00e9, sous le n\u00b034787 , administrativement domicili\u00e9e \u00e0 5 rue \nDesgranges B\u00e2timent A1, n\u00b06 21170 Saint Jean de Losne\nArticle 2 :\nSuzon DUIMONT s'engage \u00e0 respecter les prescriptions techniques, administratives et le cas  \n\u00e9ch\u00e9ant financi\u00e8res de mise en \u0153uvre des mesures de pr\u00e9vention, de surveillance ou de lutte  \nprescrites par l'autorit\u00e9 administrative et des op\u00e9rations de police sanitaire ex\u00e9cut\u00e9es en  \napplication de l'article L.203-7 du code rural et de la p\u00eache maritime.\nArticle 3 :\nSuzon DUMONT  pourra \u00eatre appel\u00e9e par le pr\u00e9fet de ses d\u00e9partements d'exercice pour la  \nr\u00e9alisation  d'op\u00e9rations  de  police  sanitaire  au  sein  des  lieux  de  d\u00e9tention  ou  des \n\u00e9tablissements  pour  lesquels  elle  a  \u00e9t\u00e9  d\u00e9sign\u00e9e v\u00e9t\u00e9rinaire  sanitaire.  Elle  sera  tenue  de \nconcourir \u00e0 ces op\u00e9rations en application des dispositions de l'article L.203-7 du code rural et \nde la p\u00eache maritime.\nArticle 4 :\nTout  manquement  ou  faute  commis  dans  l'exercice  de  la  pr\u00e9sente  habilitation  sanitaire \nentra\u00eenera l'application des dispositions pr\u00e9vues aux articles R.203-15, R.228-6 et suivants du  \ncode rural et de la p\u00eache maritime.\nArticle 5 :\nLa pr\u00e9sente d\u00e9cision peut faire l'objet d'un recours devant le Tribunal Administratif de Dijon  \ndans un d\u00e9lai de deux mois \u00e0 compter de la date de notification, soit par courrier, soit par  \nl'application informatique T\u00e9l\u00e9recours accessible sur le site www.telerecours.fr\nArticle 6 :\nMonsieur le directeur d\u00e9partemental de la protection des populations de la C\u00f4te-d'Or est  \ncharg\u00e9 de l'ex\u00e9cution du pr\u00e9sent arr\u00eat\u00e9 qui sera publi\u00e9 au recueil des actes administratifs de  \nla pr\u00e9fecture de la C\u00f4te-d'Or.\nLa cheffe de service\nSign\u00e9\nFlora AL-HAKKAK\nDirection D\u00e9partementale de la Protection des Populations - 57 rue de Mulhouse  -  21 033 DIJON Cedex\nt\u00e9l : 03 80 29 43 53... - m\u00e8l : ddpp-spa@cote-dor.gouv.fr\nSite internet : http://www.cote-dor.gouv.fr\npage 2\nDirection d\u00e9partementale de la protection des populations de la C\u00f4te-d'Or - 21-2025-04-18-00006 - Arr\u00eat\u00e9 pr\u00e9fectoral N\u00b0594/2025 en\ndate du 18 avril 2025 attribuant l habilitation sanitaire \u00e0 Suzon DUMONT 9\nDirection d\u00e9partementale des territoires de la\nC\u00f4te-d'Or\nService de l'eau et des risques\n21-2025-04-16-00004\nArr\u00eat\u00e9 pr\u00e9fectoral n\u00b0 601 du 16 avril 2025\nd\u00e9limitant les zones de protection des aires\nd'alimentation du puits et du forage de\nMagny-Lambert.\nDirection d\u00e9partementale des territoires de la C\u00f4te-d'Or - 21-2025-04-16-00004 - Arr\u00eat\u00e9 pr\u00e9fectoral n\u00b0 601 du 16 avril 2025 d\u00e9limitant\nles zones de protection des aires d'alimentation du puits et du forage de Magny-Lambert. 10\nExPREFETDE LACOTE-D'ORL,z'bert\u00e9Egalit\u00e9Fraternit\u00e9\nDirection d\u00e9partementale des territoires\nde la C\u00f4te-d'Or\nAffaire suivie par :\nService de l'eau et des risques\nBureau pr\u00e9servation de la qualit\u00e9 de l'eau et \ndes milieux aquatiques\nT\u00e9l : 03.80. 29 42 22\nm\u00e9l : ddt-ser-ope@cote-dor.gouv.fr\nDijon, le 16 avril 2025\nArr\u00eat\u00e9 pr\u00e9fectoral n\u00b0 601 du 16 avril 2025\n d\u00e9limitant les zones de protection des aires d'alimentation du puits et du forage de \nMagny-Lambert\nLe Pr\u00e9fet de la C\u00f4te-d'Or\nVU la directive 2000/60/CE du parlement europ\u00e9en et du conseil du 23 octobre 2000 \u00e9tablissant \nun cadre pour une politique communautaire dans le domaine de l'eau et notamment les articles  \n6 et 7 ;\nVU la directive 2006/118/CE du parlement europ\u00e9en et du conseil  du 12 d\u00e9cembre 2006 sur la  \nprotection des eaux souterraines contre la pollution et la d\u00e9t\u00e9rioration ;\nVU le code de l'environnement et notamment les articles L 120-1, L 211-1 \u00e0 L211-3, L211-7 et L212-1 ;\nVU le code rural et de la p\u00eache maritime et notamment les articles R114-1 \u00e0 R114-10 ;\nVU   l'arr\u00eat\u00e9 du 23 mars 2022 portant approbation du sch\u00e9ma directeur d'am\u00e9nagement et de  \ngestion des eaux (SDAGE) du bassin Seine-Normandie et arr\u00eatant le programme pluriannuel de  \nmesures ;\nVU l'avis de la chambre d'agriculture de C\u00f4te-d'Or du 31 mars 2025 ;\nVU l'avis de l'agence r\u00e9gionale de sant\u00e9 de Bourgogne-Franche-Comt\u00e9 du 3 avril 2025 ;\nVU l'avis de l'EPAGE SEQUANA du 14 f\u00e9vrier 2025 ;\n1\nDirection d\u00e9partementale des territoires de la C\u00f4te-d'Or\n57 , rue de Mulhouse - BP 53317 - 21033 Dijon CEDEX\nT\u00e9l. : 03 80 29 44 44\nCourriel : ddt@cote-dor.gouv.fr - Site internet : \nhttp://www.cote-dor.gouv.fr\nDirection d\u00e9partementale des territoires de la C\u00f4te-d'Or - 21-2025-04-16-00004 - Arr\u00eat\u00e9 pr\u00e9fectoral n\u00b0 601 du 16 avril 2025 d\u00e9limitant\nles zones de protection des aires d'alimentation du puits et du forage de Magny-Lambert. 11\nVU la synth\u00e8se des observations du public d\u00e9pos\u00e9e lors de la consultation r\u00e9alis\u00e9e du 18  f\u00e9vrier  \n2025  au 12 mars 2025 ;\nVU l'avis  du  comit\u00e9  d\u00e9partemental  de  l'environnement  et  des  risques  sanitaires  et  \ntechnologiques (CODERST) du 20 f\u00e9vrier 2025 ;\nCONSIDERANT que l'autorit\u00e9 administrative peut d\u00e9limiter, afin d'y \u00e9tablir un programme \nd'actions, des zones o\u00f9 il est n\u00e9cessaire d'assurer la protection quantitative et qualitative  \nde la ressource en eau potable, en raison de l'importance particuli\u00e8re qu'elle rev\u00eat pour  \nl'approvisionnement actuel ou futur ;\nCONSIDERANT qu e  les  analyses  d'eau  concernant  le  Puits  montrent  des  teneurs  en \nnitrates proches de la limite de qualit\u00e9 avec un d\u00e9passement de la norme des 50 mg/L en  \nd\u00e9cembre 2019 ainsi qu'un d\u00e9passement en novembre 2022 du seuil des 0,5 g/L pour la\u00b5  \nsomme des produits phytosanitaires ;\nCONSIDERANT que la qualit\u00e9 de l'eau du forage est d\u00e9grad\u00e9e par la pr\u00e9sence de produits  \nphytosanitaires dont les concentrations ont d\u00e9pass\u00e9 plusieurs fois la norme des 0,1 g/L\u00b5  \n(bentazone d\u00e9passe la norme \u00e0 6 reprises entre juillet 2015 et fin 2016 et un d\u00e9passement  \nen  2016  pour  l'isoproturon)  ainsi  que  le  chlorothalonil  R471811,  un  m\u00e9tabolite  non  \npertinent, retrouv\u00e9 \u00e0 une concentration de 0,98 g/L en avril 2024\u00b5  ;\nCONSIDERANT que le puits et le forage de Magny-Lambert sont class\u00e9s sensibles dans le  \nSDAGE Seine-Normadie, respectivement en raison de la d\u00e9gradation de la qualit\u00e9 de l'eau  \npar les nitrates et les pesticides ;\nCONSIDERANT que les \u00e9tudes hydrog\u00e9ologiques r\u00e9alis\u00e9es sous ma\u00eetrise d'ouvrage de la  \ncommune  de  Magny-Lambert,  assist\u00e9e  par  l'EPAGE  SEQUANA,  par  le  bureau  d'\u00e9tudes \nSciences Environnement, finalis\u00e9es en 2021 et le diagnostic agricole, r\u00e9alis\u00e9 par le bureau  \nd'\u00e9tudes SCE, transmis et valid\u00e9 par le COPIL en 2025 ont permis d'identifier une zone  \nd'action pertinente pour l'application du programme d'action ;\nCONSIDERANT qu'il convient de d\u00e9limiter les aires d'alimentation du puits et du forage  \nde Magny-Lambert et leur zone de protection ;\nSUR proposition du secr\u00e9taire g\u00e9n\u00e9ral de la pr\u00e9fecture de la C\u00f4te-d'Or ;\nA R R \u00ca T E\nARTICLE 1er : Aires d'alimentation des captages\nL'aire d'alimentation du puits de Magny-Lambert a une superficie de 83 hectares et s'\u00e9tend \nsur la commune de Magny-Lambert. \nL'aire d'alimentation du forage de Magny-Lambert a une superficie de 807 hectares et  \ns'\u00e9tend sur les communes de Magny-Lambert, Chaume-l\u00e8s-Baigneux, Jour-l\u00e8s-Baigneux et  \nAmpilly-l\u00e8s-Bordes.\n2\nDirection d\u00e9partementale des territoires de la C\u00f4te-d'Or\n57 , rue de Mulhouse - BP 53317 - 21033 Dijon CEDEX\nT\u00e9l. : 03 80 29 44 44\nCourriel : ddt@cote-dor.gouv.fr - Site internet : \nhttp://www.cote-dor.gouv.fr\nDirection d\u00e9partementale des territoires de la C\u00f4te-d'Or - 21-2025-04-16-00004 - Arr\u00eat\u00e9 pr\u00e9fectoral n\u00b0 601 du 16 avril 2025 d\u00e9limitant\nles zones de protection des aires d'alimentation du puits et du forage de Magny-Lambert. 12\nARTICLE 2 : Zone protection des aires d'alimentation de captage\nLes zones de protection des aires d'alimentation du puits et du forage de Magny-Lambert  \nsont d\u00e9limit\u00e9es conform\u00e9ment au document graphique joint en annexe au pr\u00e9sent arr\u00eat\u00e9.\nElles  correspondent  int\u00e9gralement  aux  aires  d'alimentation  du  forage  et  du  puits  de \nMagny-Lambert.\nCes zones de protection des aires d'alimentation du puits et du forage de Magny-Lambert  \npourront  faire  l'objet  d'un  programme  d'action  agricole  pour  la  protection  des  eaux \ndestin\u00e9es \u00e0 la consommation humaine, conform\u00e9ment aux articles R114-6 \u00e0 R114-10 du  \ncode rural.\nARTICLE 3:  Voies et d\u00e9lais de recours\nLe  pr\u00e9sent  arr\u00eat\u00e9  peut  faire  l'objet  d'un  recours  contentieux  devant  le  tribunal  \nadministratif de Dijon dans un d\u00e9lai de deux mois \u00e0 compter de sa publication au recueil  \ndes actes administratifs de la pr\u00e9fecture de la C\u00f4te-d'Or.\nLe tribunal administratif peut \u00eatre saisi par un recours d\u00e9pos\u00e9 via l'application T\u00e9l\u00e9recours  \ncitoyens accessible par le site internet www.telerecours.fr.\nARTICLE 4 : Publication et information des tiers\nLe pr\u00e9sent arr\u00eat\u00e9 sera notifi\u00e9 \u00e0 la mairie de Magny-Lambert, ma\u00eetre d'ouvrag e, qui sera en  \ncharge, en cas de transfert de comp\u00e9tence, de transmettre le pr\u00e9sent arr\u00eat\u00e9 a u nouveau \nma\u00eetre d'ouvrage.\nIl sera publi\u00e9 au recueil des actes administratifs de la pr\u00e9fecture de la C\u00f4te-d'Or et mis \u00e0 la \ndisposition du public sur le portail des services de l'\u00c9tat en C\u00f4te-d'Or pendant une dur\u00e9e  \nminimale d'un an.\nIl sera affich\u00e9 dans les mairies de  Magny-Lambert, Chaume-l\u00e8s-Baigneux, Jour-l\u00e8s-Baigneux \net Ampilly-l\u00e8s-Bordes pour une dur\u00e9e minimale d'un mois.\nARTICLE 5 : Ex\u00e9cution\nLe secr\u00e9taire g\u00e9n\u00e9ral de la pr\u00e9fecture de la C\u00f4te-d'Or, la directrice d\u00e9partementale des  \nterritoires de la C\u00f4te-d'Or, les maires de Magny-Lambert, Chaume-l\u00e8s-Baigneux, Jour-l\u00e8s-\nBaigneux et Ampilly-l\u00e8s-Bordes sont charg\u00e9s, chacun en ce qui le concerne, de l'ex\u00e9cution  \ndu pr\u00e9sent arr\u00eat\u00e9.\nFait \u00e0 Dijon, le 16 avril 2025\nLe Pr\u00e9fet,\nsign\u00e9\nPaul MOURIER\n3\nDirection d\u00e9partementale des territoires de la C\u00f4te-d'Or - 21-2025-04-16-00004 - Arr\u00eat\u00e9 pr\u00e9fectoral n\u00b0 601 du 16 avril 2025 d\u00e9limitant\nles zones de protection des aires d'alimentation du puits et du forage de Magny-Lambert. 13\nDirection d\u00e9partementale des territoires de la\nC\u00f4te-d'Or\nService \u00c9conomie Agricole et Environnement des\nExploitations\n21-2025-04-23-00001\nARR\u00caT\u00c9 PR\u00c9FECTORAL n\u00b0 606\nportant sur le d\u00e9lai de d\u00e9p\u00f4t des demandes au\ntitre de l'indemnisation fond\u00e9e sur la solidarit\u00e9\nnationale suite aux \u00e9pisodes de pluies longue\ndur\u00e9e d'octobre 2023 \u00e0 juin 2024 et de gel du 19\nau 24 avril 2024\nDirection d\u00e9partementale des territoires de la C\u00f4te-d'Or - 21-2025-04-23-00001 - ARR\u00caT\u00c9 PR\u00c9FECTORAL n\u00b0 606\nportant sur le d\u00e9lai de d\u00e9p\u00f4t des demandes au titre de l'indemnisation fond\u00e9e sur la solidarit\u00e9 nationale suite aux \u00e9pisodes de pluies\nlongue dur\u00e9e d'octobre 2023 \u00e0 juin 2024 et de gel du 19 au 24 avril 2024\n14\nDirection d\u00e9partementale des territoires de la C\u00f4te-d'Or - 21-2025-04-23-00001 - ARR\u00caT\u00c9 PR\u00c9FECTORAL n\u00b0 606\nportant sur le d\u00e9lai de d\u00e9p\u00f4t des demandes au titre de l'indemnisation fond\u00e9e sur la solidarit\u00e9 nationale suite aux \u00e9pisodes de pluies\nlongue dur\u00e9e d'octobre 2023 \u00e0 juin 2024 et de gel du 19 au 24 avril 2024\n15\nVu l'arr\u00eat\u00e9 pr\u00e9fectoral n\u00b0512 du 7 avril 2025 portant subd\u00e9l\u00e9gation de signature aux agents de ladirection d\u00e9partementale des territoires de la C\u00f4te-d'Or ;Vu la proposition de la directrice d\u00e9partementale des territoires de la C\u00f4te-d'Or ;\nARR\u00caTEArticle 1 :Les demandes formul\u00e9es par les exploitants agricoles au titre de l'indemnit\u00e9 fond\u00e9e sur la solidarit\u00e9nationale pour les pertes de r\u00e9colte de miel cons\u00e9cutives aux \u00e9pisodes de pluies longue dur\u00e9e sur lap\u00e9riode d'octobre 2023 \u00e0 juin 2024 et de gel du 19 au 24 avril 2024, doivent \u00eatre pr\u00e9sent\u00e9es aupr\u00e8sxde la direction d\u00e9partementale des territoires de la C\u00f4te-d'Or \u00e0 compter du 24 avril 2025 etjusqu 'au 22 mai 2025.\nArticle 2 :Le pr\u00e9sent arr\u00e9t\u00e9 sera publi\u00e9 au recueil des actes administratifs de la pr\u00e9fecture de la C\u00f4te d'Or.\nFait \u00e0 Dijon, le 23/04/2025\nPour le pr\u00e9fet et par subd\u00e9l\u00e9gation,l'adjoint \u00e0 la cheffe du service \u00e9conomie agricoleet environnement des exploitationsSIGNE\nOlivier RUCK\nDirection d\u00e9partementale des territoires de la C\u00f4te-d'Or - 57, rue de Mulhouse - BP 53317 \u2014 21033 Dijon cedexT\u00e9l : 03 80 29 44 44Courriel : ddt@cote-dor.gouv.frhttp://www.cote-dor.gouv.fr2/2\nDirection d\u00e9partementale des territoires de la C\u00f4te-d'Or - 21-2025-04-23-00001 - ARR\u00caT\u00c9 PR\u00c9FECTORAL n\u00b0 606\nportant sur le d\u00e9lai de d\u00e9p\u00f4t des demandes au titre de l'indemnisation fond\u00e9e sur la solidarit\u00e9 nationale suite aux \u00e9pisodes de pluies\nlongue dur\u00e9e d'octobre 2023 \u00e0 juin 2024 et de gel du 19 au 24 avril 2024\n16\nDirection d\u00e9partementale des territoires de la\nC\u00f4te-d'Or\nService Pr\u00e9servation et Am\u00e9nagement de\nl'Espace (SPAE)\n21-2025-04-16-00005\nArr\u00eat\u00e9 pr\u00e9fectoral du 16 avril 2025 d\u00e9limitant,\npour l'ann\u00e9e 2025, les communes du\nd\u00e9partement de la C\u00f4te-d'Or dans lesquelles le\ndispositif d'aide \u00e0 la protection des troupeaux\ncontre la pr\u00e9dation (loup) peut \u00eatre mis en\noeuvre\nDirection d\u00e9partementale des territoires de la C\u00f4te-d'Or - 21-2025-04-16-00005 - Arr\u00eat\u00e9 pr\u00e9fectoral du 16 avril 2025 d\u00e9limitant, pour\nl'ann\u00e9e 2025, les communes du d\u00e9partement de la C\u00f4te-d'Or dans lesquelles le dispositif d'aide \u00e0 la protection des troupeaux\ncontre la pr\u00e9dation (loup) peut \u00eatre mis en oeuvre\n17\nExPREFETDE LACOTE-D'ORL,z'bert\u00e9Egalit\u00e9Fraternit\u00e9\nDirection d\u00e9partementale des territoires\nde la C\u00f4te-d'Or\nArr\u00eat\u00e9 pr\u00e9fectoral du 16 avril 2025\nd\u00e9limitant, pour l'ann\u00e9e 2025, les communes du d\u00e9partement de la C\u00f4te-d'Or\ndans lesquelles le dispositif d'aide \u00e0 la protection des troupeaux\ncontre la pr\u00e9dation (loup) peut \u00eatre mis en \u0153uvre\nLe Pr\u00e9fet de la C\u00f4te-d'Or\nVU le code rural et de la p\u00eache maritime, notamment ses articles D.114-11 \u00e0 D.114-13 ;\nVU l'arr\u00eat\u00e9 minist\u00e9riel du 30 d\u00e9cembre 2022 relatif \u00e0 l'aide \u00e0 la protection des exploitations \net des troupeaux contre la pr\u00e9dation du loup et de l'ours ;\nVU l'avis du comit\u00e9 \u00ab Grands pr\u00e9dateurs \u00bb r\u00e9uni le 16 janvier 2025 ;\nVU l'avis en date du 13 f\u00e9vrier 2025 de la pr\u00e9f\u00e8te coordinatrice du plan national d'actions  \n\u00ab loup et activit\u00e9s d'\u00e9levage \u00bb ;\nSUR proposition de Madame la directrice d\u00e9partementale adjointe des territoires de la  \nC\u00f4te-d'Or ;\nA R R \u00ca T E\nARTICLE 1  er  \nAucune commune n'est class\u00e9e en cercle 1.\nSont class\u00e9s en cercle 2 les territoires des  341 communes figurant au tableau en annexe 1  \ndu pr\u00e9sent arr\u00eat\u00e9.\nEst  class\u00e9  en  cercle  3  l'ensemble  des  territoires  de  toutes  les  autres  communes  du \nd\u00e9partement.\nLa carte figure en annexe 2.\n1\nDirection d\u00e9partementale des territoires de la C\u00f4te-d'Or\n57 , rue de Mulhouse - BP 53317 - 21033 Dijon CEDEX\nT\u00e9l. : 03 80 29 44 44\nCourriel : ddt@cote-dor.gouv.fr - Site internet : \nhttp://www.cote-dor.gouv.fr\nDirection d\u00e9partementale des territoires de la C\u00f4te-d'Or - 21-2025-04-16-00005 - Arr\u00eat\u00e9 pr\u00e9fectoral du 16 avril 2025 d\u00e9limitant, pour\nl'ann\u00e9e 2025, les communes du d\u00e9partement de la C\u00f4te-d'Or dans lesquelles le dispositif d'aide \u00e0 la protection des troupeaux\ncontre la pr\u00e9dation (loup) peut \u00eatre mis en oeuvre\n18\nARTICLE   2  \nLe pr\u00e9sent arr\u00eat\u00e9 cesse de produire ses effets le 31 d\u00e9cembre 2025 \u00e0 minuit.\nARTICLE   3  \nLa pr\u00e9sente d\u00e9cision est publi\u00e9e au recueil des actes administratifs de la pr\u00e9fecture.\nARTICLE   4  \nLe  secr\u00e9taire  g\u00e9n\u00e9ral  de  la  pr\u00e9fecture  de  C\u00f4te-d'Or  et  la  directrice  d\u00e9partementale \nadjointe des territoires de C\u00f4te-d'Or, sont charg\u00e9s, chacun en ce qui les concerne, de  \nl'ex\u00e9cution du pr\u00e9sent arr\u00eat\u00e9.\nFait \u00e0 Dijon, le 16 avril 2025\nLe pr\u00e9fet,\nSign\u00e9 : Paul MOURIER\n2\nDirection d\u00e9partementale des territoires de la C\u00f4te-d'Or - 21-2025-04-16-00005 - Arr\u00eat\u00e9 pr\u00e9fectoral du 16 avril 2025 d\u00e9limitant, pour\nl'ann\u00e9e 2025, les communes du d\u00e9partement de la C\u00f4te-d'Or dans lesquelles le dispositif d'aide \u00e0 la protection des troupeaux\ncontre la pr\u00e9dation (loup) peut \u00eatre mis en oeuvre\n19\nPREFETDE LACOTE-D'ORL't'bert\u00e9Egalit\u00e9Fraternit\u00e9\nDirection d\u00e9partementale des territoires\nde la C\u00f4te-d'Or\nListe des communes plac\u00e9es en cercle 2\nAgencourt Boux-sous-Salmaise Courcelles-Fr\u00e9moy\nAgey Bouze-l\u00e8s-Beaune Courcelles-l\u00e8s-Montbard\nAisy-sous-Thil Brain Courcelles-l\u00e8s-Semur\nAlise-Sainte-Reine Braux Cr\u00e9ancey\nAllerey Brazey-en-Morvan Cr\u00e9pand\nAloxe-Corton Brianny Crugey\nAntheuil Buffon Cul\u00e8tre\nAntigny-la-Ville Bure-les-Templiers Curley\nArcenant Bussy-le-Grand Curtil-Vergy\nArconcey Censerey Cussy-la-Colonne\nArgilly Chailly-sur-Arman\u00e7on Cussy-le-Ch\u00e2tel\nArnay-le-Duc Chamb\u0153uf Dampierre-en-Montagne\nArnay-sous-Vitteaux Chambolle-Musigny Darcey\nArrans Champ-d'Oiseau D\u00e9tain-et-Bruant\nAsni\u00e8res-en-Montagne Champeau-en-Morvan Diancey\nAthie Champignolles Dompierre-en-Morvan\nAubaine Charigny \u00c9baty\nAubigny-la-Ronce Charny \u00c9channay\nAubigny-l\u00e8s-Sombernon Charrey-sur-Seine \u00c9chevronne\nAuxant Chassagne-Montrachet \u00c9cutigny\nAuxey-Duresses Chassey \u00c9guilly\nAvosnes Ch\u00e2teauneuf \u00c9pernay-sous-Gevrey\nBaigneux-les-Juifs Ch\u00e2tellenot \u00c9poisses\nBarbirey-sur-Ouche Chaudenay-la-Ville \u00c9ringes\nBard-le-R\u00e9gulier Chaudenay-le-Ch\u00e2teau Essey\nBard-l\u00e8s-\u00c9poisses Chaugey \u00c9tais\nBaubigny Chaume-l\u00e8s-Baigneux \u00c9tormay\nBeaune Chaux \u00c9trochey\nBellenot-sous-Pouilly Chazilly Fain-l\u00e8s-Montbard\nBeneuvre Chevannay Fain-l\u00e8s-Moutiers\nBenoisey Chevannes Flagey-Ech\u00e9zeaux\nBessey-en-Chaume Chorey-les-Beaune Flavigny-sur-Ozerain\nBessey-la-Cour Civry-en-Montagne Foissy\nBeurey-Bauguay Clamerey Fontaines-en-Duesmois\nBeurizot Clomot Fontaines-les-S\u00e8ches\nB\u00e9vy Collonges-l\u00e8s-B\u00e9vy Fontangy\nBilly-l\u00e8s-Chanceaux Colombier Forl\u00e9ans\nBlancey Comblanchien Fresnes\nBlanot Commarin Fr\u00f4lois\nBligny-l\u00e8s-Beaune Corcelles-les-Arts Fussey\nBligny-sur-Ouche Corgoloin Genay\nBoncourt-le-Bois Cormot-Vauchignon Gergueil\nBouhey Corpeau Gerland\nBouilland Corpoyer-la-Chapelle Gilly-l\u00e8s-C\u00eeteaux\nBouix Corrombles Gissey-le-Vieil\nBoussey Corsaint Gissey-sous-Flavigny\nAnnexe 1 \u00e0 l'arr\u00eat\u00e9 pr\u00e9fectoral du 16 avril 2025\nd\u00e9limitant, pour l'ann\u00e9e 2025, les communes du d\u00e9partement de la C\u00f4te-d'Or\ndans lesquelles le dispositif d'aide \u00e0 la protection des troupeaux\ncontre la pr\u00e9dation (loup) peut \u00eatre mis en \u0153uvre\nDirection d\u00e9partementale des territoires de la C\u00f4te-d'Or - 21-2025-04-16-00005 - Arr\u00eat\u00e9 pr\u00e9fectoral du 16 avril 2025 d\u00e9limitant, pour\nl'ann\u00e9e 2025, les communes du d\u00e9partement de la C\u00f4te-d'Or dans lesquelles le dispositif d'aide \u00e0 la protection des troupeaux\ncontre la pr\u00e9dation (loup) peut \u00eatre mis en oeuvre\n20\nGissey-sur-Ouche Molinot Saint-Martin-de-la-Mer\nGrenant-l\u00e8s-Sombernon Molphey Saint-Mesmin\nGr\u00e9signy-Sainte-Reine Mont-Saint-Jean Saint-Pierre-en-Vaux\nGrignon Montbard Saint-Prix-l\u00e8s-Arnay\nGrosbois-en-Montagne Montberthault Saint-R\u00e9my\nHauteroche Montceau-et-\u00c9charnant Saint-Romain\nJailly-les-Moulins Monthelie Saint-Thibault\nJeux-l\u00e8s-Bard Montigny-Montfort Saint-Victor-sur-Ouche\nJouey Montigny-Saint-Barth\u00e9lemy Sainte-Colombe-en-Auxois\nJours-l\u00e8s-Baigneux Montigny-sur-Arman\u00e7on Sainte-Marie-sur-Ouche\nJuillenay Montlay-en-Auxois Sainte-Sabine\nJuilly Montoillot Santenay\nL'\u00c9tang-Vergy Moutiers-Saint-Jean Santosse\nLa Bussi\u00e8re-sur-Ouche Musigny Saulieu\nLa Motte-Ternant Mussy-la-Fosse Saussey\nLa Roche-en-Brenil Nan-sous-Thil Savigny-l\u00e8s-Beaune\nLa Roche-Vanneau Nantoux Savilly\nLa Rochepot Nesle-et-Massoult Savoisy\nLa Villeneuve-les-Convers Nogent-l\u00e8s-Montbard Segrois\nLacanche Noidan Seigny\nLacour-d'Arcenay Noiron-sur-Seine Semarey\nLadoix-Serrigny Nolay Semezanges\nLaignes Normier Semur-en-Auxois\nLantilly Nuits-Saint-Georges Senailly\nLe F\u00eate Oigny Sincey-l\u00e8s-Rouvray\nLe Val-Larrey Orret Sombernon\nLiernais Painblanc Souhey\nLongecourt-l\u00e8s-Cul\u00eatre Pernand-Vergelesses Soussey-sur-Brionne\nLucenay-le-Duc Planay Sussey\nLusigny-sur-Ouche Poiseul-la-Ville-et-Laperri\u00e8re Tailly\nMaconge Pommard Ternant\nMagnien Pont-et-Mass\u00e8ne Terrefondr\u00e9e\nMagny-la-Ville Posanges Thenissey\nMagny-l\u00e8s-Villers Pothi\u00e8res Thoisy-la-Berch\u00e8re\nMaligny Pouillenay Thoisy-le-D\u00e9sert\nManlay Pouilly-en-Auxois Thomirey\nMarcellois Pr\u00e2lon Thorey-sous-Charny\nMarcheseuil Pr\u00e9cy-sous-Thil Thorey-sur-Ouche\nMarcigny-sous-Thil Premeaux-Prissey Thoste\nMarcilly-et-Dracy Puits Thury\nMarcilly-Ogny Puligny-Montrachet Torcy-et-Pouligny\nMarey-l\u00e8s-Fussey Quincerot Touillon\nMarigny-le-Cahou\u00ebt Quincey Toutry\nMarmagne Quincy-le-Vicomte Uncey-le-Franc\nMartrois Recey-sur-Ource Val-Mont\nMassingy-l\u00e8s-Semur Remilly-en-Montagne Vandenesse-en-Auxois\nMassingy-l\u00e8s-Vitteaux Reulle-Vergy Veilly\nMavilly-Mandelot Roilly Velogny\nMeilly-sur-Rouvres Rougemont Venarey-les-Laumes\nMeloisey Rouvray Verdonnet\nMenesble Rouvres-sous-Meilly Vesvres\nM\u00e9nessaire Saffres Veuvey-sur-Ouche\nM\u00e9n\u00e9treux-le-Pitois Saint-Andeux Vianges\nMerceuil Saint-Anthot Vic-de-Chassenay\nMesmont Saint-Aubin Vic-des-Pr\u00e9s\nMessanges Saint-Bernard Vic-sous-Thil\nMeuilley Saint-Broing-les-Moines Vieilmoulin\nMeursault Saint-Didier Vieux-Ch\u00e2teau\nMillery Saint-Euphr\u00f4ne Vi\u00e9vy\nMimeure Saint-Germain-de-Mod\u00e9on Villaines-en-Duesmois\nMinot Saint-Germain-l\u00e8s-Senailly Villaines-les-Pr\u00e9v\u00f4tes\nMissery Saint-Jean-de-B\u0153uf Villargoix\nDirection d\u00e9partementale des territoires de la C\u00f4te-d'Or - 21-2025-04-16-00005 - Arr\u00eat\u00e9 pr\u00e9fectoral du 16 avril 2025 d\u00e9limitant, pour\nl'ann\u00e9e 2025, les communes du d\u00e9partement de la C\u00f4te-d'Or dans lesquelles le dispositif d'aide \u00e0 la protection des troupeaux\ncontre la pr\u00e9dation (loup) peut \u00eatre mis en oeuvre\n21\nVillars-et-Villenotte\nVillars-Fontaine\nVilleberny\nVillebichot\nVilleferry\nVilleneuve-sous-Charigny\nVillers-la-Faye\nVillers-Patras\nVilliers-en-Morvan\nVilly-en-Auxois\nViserny\nVitteaux\nVix\nVolnay\nVosne-Roman\u00e9e\nVoudenay\nVougeot\nFait \u00e0 Dijon, le 16 avril 2025\nLe pr\u00e9fet,\nSign\u00e9 : Paul MOURIER\nDirection d\u00e9partementale des territoires de la C\u00f4te-d'Or - 21-2025-04-16-00005 - Arr\u00eat\u00e9 pr\u00e9fectoral du 16 avril 2025 d\u00e9limitant, pour\nl'ann\u00e9e 2025, les communes du d\u00e9partement de la C\u00f4te-d'Or dans lesquelles le dispositif d'aide \u00e0 la protection des troupeaux\ncontre la pr\u00e9dation (loup) peut \u00eatre mis en oeuvre\n22\nCercle 2 - 2025 \nCercle 3 - 2025 \nDirection d\u00e9partementale des territoires \nde la C\u00f4te-d'Or \nAnnexe 2 \u00e0 l'arr\u00eat\u00e9 pr\u00e9fectoral du \nd\u00e9limitant, pour l'ann\u00e9e 2025, les communes du d\u00e9partement de la C\u00f4te-d'Or \ndans lesquelles le dispositif d'aide \u00e0 la protection des troupeaux \ncontre la pr\u00e9dation (loup) peut \u00eatre mis en \u0153uvre \nFait \u00e0 Dijon, le \nle pr\u00e9fet, \nDirection d\u00e9partementale des territoires de la C\u00f4te-d'Or - 21-2025-04-16-00005 - Arr\u00eat\u00e9 pr\u00e9fectoral du 16 avril 2025 d\u00e9limitant, pour\nl'ann\u00e9e 2025, les communes du d\u00e9partement de la C\u00f4te-d'Or dans lesquelles le dispositif d'aide \u00e0 la protection des troupeaux\ncontre la pr\u00e9dation (loup) peut \u00eatre mis en oeuvre\n23\nDirection d\u00e9partementale des territoires de la\nC\u00f4te-d'Or\nService Pr\u00e9servation et Am\u00e9nagement de\nl'Espace (SPAE)\n21-2025-04-22-00004\nArr\u00eat\u00e9 pr\u00e9fectoral du 22 avril 2025 modifiant\nl'arr\u00eat\u00e9 pr\u00e9fectoral du 19 novembre 2024\nmodifi\u00e9 portant nomination des membres de la\ncommission d\u00e9partementale de la nature,\ndes paysages et des sites et de ses formations\nsp\u00e9cialis\u00e9es\nDirection d\u00e9partementale des territoires de la C\u00f4te-d'Or - 21-2025-04-22-00004 - Arr\u00eat\u00e9 pr\u00e9fectoral du 22 avril 2025 modifiant l'arr\u00eat\u00e9\npr\u00e9fectoral du 19 novembre 2024 modifi\u00e9 portant nomination des membres de la commission d\u00e9partementale de la nature,\ndes paysages et des sites et de ses formations sp\u00e9cialis\u00e9es\n24\nExPREFETDE LACOTE-D'ORL,z'bert\u00e9Egalit\u00e9Fraternit\u00e9\nDirection d\u00e9partementale des territoires\nde la C\u00f4te-d'Or\nArr\u00eat\u00e9 pr\u00e9fectoral du 22 avril 2025\nmodifiant l'arr\u00eat\u00e9 pr\u00e9fectoral du 19 novembre 2024 modifi\u00e9\nportant nomination des membres de la commission d\u00e9partementale de la nature, \ndes paysages et des sites et de ses formations sp\u00e9cialis\u00e9es\nLe Pr\u00e9fet de la C\u00f4te-d'Or\nVU le code de l'environnement et notamment ses articles R. 341-16 \u00e0 R. 341-27 ;\nVU le code des relations entre le public et l'administration et notamment ses articles R.133-1 et  \nsuivants ;\nVU les articles 8 et 9 du d\u00e9cret n\u00b0 2006-665 du 7 juin 2006 relatif \u00e0 la r\u00e9duction du nombre et \u00e0  \nla simplification de la composition de certaines commissions administratives ;\nVU l'arr\u00eat\u00e9 pr\u00e9fectoral du 25 octobre 2021 portant institution de la commission d\u00e9partementale  \nde la nature, des paysages et des sites et de ses formations sp\u00e9cialis\u00e9es ;\nVU l'arr\u00eat\u00e9  pr\u00e9fectoral  du  19  novembre  2024  portant  nomination  des  membres  de  la \ncommission  d\u00e9partementale  de  la  nature,  des  paysages  et  des  sites  et  de  ses  formations \nsp\u00e9cialis\u00e9es ;\nVU  l'arr\u00eat\u00e9 pr\u00e9fectoral du 26 mars 2025 modifiant l'arr\u00eat\u00e9 pr\u00e9fectoral du 19 novembre 2024  \nportant nomination des membres de la commission d\u00e9partementale de la nature, des paysages  \net des sites et de ses formations sp\u00e9cialis\u00e9es ;\nVU le courrier de M. le pr\u00e9sident de l'association Vieilles maisons fran\u00e7aises du 8 avril 2025 ;\nSUR proposition de Madame la directrice d\u00e9partementale des territoires de la C\u00f4te-d'Or ;\nA R R E T E\nARTICLE 1  er     :   \nL'article 4 de l'arr\u00eat\u00e9 pr\u00e9fectoral du 19 novembre 2024 modifi\u00e9 portant nomination des membres \nde la commission d\u00e9partementale de la nature, des paysages et des sites et de ses formations  \nsp\u00e9cialis\u00e9es, relatif \u00e0 la formation sp\u00e9cialis\u00e9e dite \u00ab  des sites et paysages  \u00bb, est modifi\u00e9 comme  \nsuit :\nMM. Philippe MOLLIER et Marc EICHOLZ DU PARC sont nomm\u00e9s respectivement repr\u00e9sentants  \ntitulaire et suppl\u00e9ant de l'association Vieilles maisons fran\u00e7aises au sein du coll\u00e8ge des personnes \ncomp\u00e9tentes.\n1\nDirection d\u00e9partementale des territoires de la C\u00f4te-d'Or - 21-2025-04-22-00004 - Arr\u00eat\u00e9 pr\u00e9fectoral du 22 avril 2025 modifiant l'arr\u00eat\u00e9\npr\u00e9fectoral du 19 novembre 2024 modifi\u00e9 portant nomination des membres de la commission d\u00e9partementale de la nature,\ndes paysages et des sites et de ses formations sp\u00e9cialis\u00e9es\n25\nARTICLE 2     :  \nLes autres articles de l'arr\u00eat\u00e9 pr\u00e9fectoral du 19 novembre 2024 modifi\u00e9 portant nomination des  \nmembres de la commission d\u00e9partementale de la nature, des paysages et des sites et de ses  \nformations sp\u00e9cialis\u00e9es demeurent sans changement.\nARTICLE 3     :  \nLe  secr\u00e9taire  g\u00e9n\u00e9ral  de  la  pr\u00e9fecture  de  la  C\u00f4te-d'Or  et  la  directrice  d\u00e9partementale  des \nterritoires de la C\u00f4te-d'Or sont charg\u00e9s de l'ex\u00e9cution du pr\u00e9sent arr\u00eat\u00e9 qui sera publi\u00e9 au recueil \ndes actes administratifs de la pr\u00e9fecture de la C\u00f4te-d'Or.\nLe pr\u00e9fet,\nSign\u00e9 : Paul MOURIER\n2\nDirection d\u00e9partementale des territoires de la C\u00f4te-d'Or - 21-2025-04-22-00004 - Arr\u00eat\u00e9 pr\u00e9fectoral du 22 avril 2025 modifiant l'arr\u00eat\u00e9\npr\u00e9fectoral du 19 novembre 2024 modifi\u00e9 portant nomination des membres de la commission d\u00e9partementale de la nature,\ndes paysages et des sites et de ses formations sp\u00e9cialis\u00e9es\n26\nDirection d\u00e9partementale des territoires de la\nC\u00f4te-d'Or\nService Pr\u00e9servation et Am\u00e9nagement de\nl'Espace (SPAE)\n21-2025-04-22-00001\nArr\u00eat\u00e9 pr\u00e9fectoral du 22 avril 2025 portant\nrenouvellement du bureau de l'association\nfonci\u00e8re d'am\u00e9nagement foncier agricole et\nforestier (AFAFAF) d'ASNIERES-EN-MONTAGNE\nDirection d\u00e9partementale des territoires de la C\u00f4te-d'Or - 21-2025-04-22-00001 - Arr\u00eat\u00e9 pr\u00e9fectoral du 22 avril 2025 portant\nrenouvellement du bureau de l'association fonci\u00e8re d'am\u00e9nagement foncier agricole et forestier (AFAFAF)\nd'ASNIERES-EN-MONTAGNE\n27\nExPREFETDE LACOTE-D'ORL,z'bert\u00e9Egalit\u00e9Fraternit\u00e9\nDirection d\u00e9partementale des territoires\nde la C\u00f4te-d'Or\nArr\u00eat\u00e9 pr\u00e9fectoral du 22 avril 2025\nportant renouvellement du bureau \nde l'association fonci\u00e8re d'am\u00e9nagement foncier agricole et forestier (AFAFAF) \nd'ASNIERES-EN-MONTAGNE\nLe Pr\u00e9fet de la C\u00f4te-d'Or\nVU le code rural et de la p\u00eache maritime, notamment ses articles L121-1 \u00e0 L121-26 ; L123-1 \u00e0 \nL123-35 ; L131-1 et L133-1 \u00e0 L133-7 ; R131-1 et R133-1 \u00e0 R133-15 ;\nVU l'arr\u00eat\u00e9 pr\u00e9fectoral du 16 octobre 2017  portant constitution de l'association fonci\u00e8re  \nd'am\u00e9nagement foncier agricole et forestier (AFAFAF) d'ASNIERES-EN-MONTAGNE ;\nVU l'arr\u00eat\u00e9 n\u00b0 507 / SG du 28 mars 2025 donnant d\u00e9l\u00e9gation de signature \u00e0 Mme Manuelle \nDUPUY, directrice d\u00e9partementale des territoires de la C\u00f4te-d'Or ;\nVU l'arr\u00eat\u00e9 pr\u00e9fectoral n\u00b0512 du 7 avril 2025 portant subd\u00e9l\u00e9gation de signature aux agents \nde la direction d\u00e9partementale des territoires de la C\u00f4te-d'Or ;\nVU la d\u00e9lib\u00e9ration du conseil municipal en date du 28 mars 2025  d\u00e9signant la moiti\u00e9 des  \nmembres appel\u00e9s \u00e0 faire partie du nouveau bureau ;\nVU le courrier du pr\u00e9sident de la chambre d'agriculture en date du 15 avril  2025 d\u00e9signant \nl'autre moiti\u00e9 des membres ;\nSUR proposition de la directrice d\u00e9partementale des territoires ;\nA R R \u00ca T E\n1\nDirection d\u00e9partementale des territoires de la C\u00f4te-d'Or\n57 , rue de Mulhouse - BP 53317 - 21033 Dijon CEDEX\nT\u00e9l. : 03 80 29 44 44\nCourriel : ddt@cote-dor.gouv.fr - Site internet : \nhttp://www.cote-dor.gouv.fr\nDirection d\u00e9partementale des territoires de la C\u00f4te-d'Or - 21-2025-04-22-00001 - Arr\u00eat\u00e9 pr\u00e9fectoral du 22 avril 2025 portant\nrenouvellement du bureau de l'association fonci\u00e8re d'am\u00e9nagement foncier agricole et forestier (AFAFAF)\nd'ASNIERES-EN-MONTAGNE\n28\nARTICLE 1  er   : \nSont  nomm\u00e9s  membres  du  bureau  de  l'association  fonci\u00e8re  d'am\u00e9nagement  foncier  \nagricole et forestier (AFAFAF) d'ASNIERES-EN-MONTAGNE pour une p\u00e9riode de 6 ans :\n* le maire de la commune ou un conseiller municipal d\u00e9sign\u00e9 par lui ;\n* les propri\u00e9taires dont les noms suivent\nd\u00e9sign\u00e9s par le conseil municipal d\u00e9sign\u00e9s par la chambre d'agriculture\nM. Thierry SARDIN M. St\u00e9phane SEILLER\nM. Jean-Fran\u00e7ois CORTOT M. St\u00e9phane BILLOTTE\nM. J\u00e9r\u00f4me CORTOT M. Nicolas GOUOT\nM. Jacky CORTOT M. Christian MARCOUX\nM. Julien FORET M. Stanislas MARTIN\n* la directrice d\u00e9partementale des territoires de la C\u00f4te-d'Or ou son repr\u00e9sentant, avec  \nvoix consultative.\nARTICLE 2     :   \nLe bureau \u00e9lira en son sein le pr\u00e9sident charg\u00e9 de l'ex\u00e9cution de ses d\u00e9lib\u00e9rations ainsi que \nle vice-pr\u00e9sident et le secr\u00e9taire.\nARTICLE 3     :\nCette d\u00e9cision peut \u00eatre contest\u00e9e devant le tribunal administratif de Dijon dans un d\u00e9lai  \nde 2 mois \u00e0 compter de sa publication.\nARTICLE 4 :\nLa directrice d\u00e9partementale des territoires de la C\u00f4te-d'Or, le pr\u00e9sident de l'association  \nfonci\u00e8re  d'am\u00e9nagement  foncier  agricole  et  forestier  (AFAFAF)  d'ASNIERES-EN-\nMONTAGNE  et  le  maire  de  la  commune  d'ASNIERES-EN-MONTAGNE,  sont  charg\u00e9s,  \nchacun en ce qui le concerne, de l'ex\u00e9cution des dispositions du pr\u00e9sent arr\u00eat\u00e9 qui sera  \npubli\u00e9 au recueil des actes administratifs de la pr\u00e9fecture, notifi\u00e9 \u00e0 chacun des membres  \nde l'association fonci\u00e8re d'am\u00e9nagement foncier agricole et forestier (AFAFAF) et affich\u00e9  \ndans la commune d'ASNIERES-EN-MONTAGNE.\nFait \u00e0 Dijon, le 22 avril 2025\nPour le pr\u00e9fet et par d\u00e9l\u00e9gation,\nPour la directrice d\u00e9partementale,\nle responsable du bureau nature, \nsites et \u00e9nergies renouvelables,\nSign\u00e9 : Laurent TISNE\n2\nDirection d\u00e9partementale des territoires de la C\u00f4te-d'Or - 21-2025-04-22-00001 - Arr\u00eat\u00e9 pr\u00e9fectoral du 22 avril 2025 portant\nrenouvellement du bureau de l'association fonci\u00e8re d'am\u00e9nagement foncier agricole et forestier (AFAFAF)\nd'ASNIERES-EN-MONTAGNE\n29\nDirection d\u00e9partementale des territoires de la\nC\u00f4te-d'Or\nService Pr\u00e9servation et Am\u00e9nagement de\nl'Espace (SPAE)\n21-2025-04-24-00003\nArr\u00eat\u00e9 pr\u00e9fectoral du 24 avril 2025 portant\nrenouvellement du bureau de l'association\nfonci\u00e8re de remembrement de\nGISSEY-SOUS-FLAVIGNY\nDirection d\u00e9partementale des territoires de la C\u00f4te-d'Or - 21-2025-04-24-00003 - Arr\u00eat\u00e9 pr\u00e9fectoral du 24 avril 2025 portant\nrenouvellement du bureau de l'association fonci\u00e8re de remembrement de GISSEY-SOUS-FLAVIGNY 30\nExPREFETDE LACOTE-D'ORL,z'bert\u00e9Egalit\u00e9Fraternit\u00e9\nDirection d\u00e9partementale des territoires\nde la C\u00f4te-d'Or\nArr\u00eat\u00e9 pr\u00e9fectoral du 24 avril 2025\nportant renouvellement du bureau de l'association fonci\u00e8re de remembrement \nde GISSEY-SOUS-FLAVIGNY\nLe Pr\u00e9fet de la C\u00f4te-d'Or\nVU le code rural et de la p\u00eache maritime, notamment ses articles L121-1 \u00e0 L121-26 ; L123-1 \u00e0 L123-35 ; \nL131-1 et L133-1 \u00e0 L133-7 ; R131-1 et R133-1 \u00e0 R133-15 ;\nVU  l'arr\u00eat\u00e9 pr\u00e9fectoral n\u00b0 36 DDA du 21 janvier 1976 relatif \u00e0 la constitution d'une association  \nfonci\u00e8re dans la commune de GISSEY-SOUS-FLAVIGNY ;\nVU l'arr\u00eat\u00e9 pr\u00e9fectoral du 26 octobre 2017 dernier en date portant renouvellement du bureau de  \nl'association fonci\u00e8re de GISSEY-SOUS-FLAVIGNY ;\nVU l'arr\u00eat\u00e9 n\u00b0507 / SG du 28 mars 2025 donnant d\u00e9l\u00e9gation de signature \u00e0 Mme Manuelle DUPUY,  \ndirectrice d\u00e9partementale des territoires de la C\u00f4te-d'Or ;\nVU l'arr\u00eat\u00e9 pr\u00e9fectoral n\u00b0512 du 7 avril 2025 portant subd\u00e9l\u00e9gation de signature aux agents de la  \ndirection d\u00e9partementale des territoires de la C\u00f4te-d'Or ;\nVU la d\u00e9lib\u00e9ration du conseil municipal en date du 23 septembre  2024 d\u00e9signant la moiti\u00e9 des  \nmembres appel\u00e9s \u00e0 faire partie du nouveau bureau ;\nVU le courrier du pr\u00e9sident de la chambre d'agriculture en date du 28 janvier 2025 d\u00e9signant l'autre \nmoiti\u00e9 des membres ;\nSUR proposition de la directrice d\u00e9partementale des territoires ;\nA R R \u00ca T E\n1\nDirection d\u00e9partementale des territoires de la C\u00f4te-d'Or\n57 , rue de Mulhouse - BP 53317 - 21033 Dijon CEDEX\nT\u00e9l. : 03 80 29 44 44\nCourriel : ddt@cote-dor.gouv.fr - Site internet : \nhttp://www.cote-dor.gouv.fr\nDirection d\u00e9partementale des territoires de la C\u00f4te-d'Or - 21-2025-04-24-00003 - Arr\u00eat\u00e9 pr\u00e9fectoral du 24 avril 2025 portant\nrenouvellement du bureau de l'association fonci\u00e8re de remembrement de GISSEY-SOUS-FLAVIGNY 31\nARTICLE 1  er   : \nSont nomm\u00e9s membres du bureau de l'association fonci\u00e8re de GISSEY-SOUS-FLAVIGNY pour une  \np\u00e9riode de six ans :\n* le maire de la commune ou un conseiller municipal d\u00e9sign\u00e9 par lui ;\n* les propri\u00e9taires dont les noms suivent\nd\u00e9sign\u00e9s par le conseil municipal d\u00e9sign\u00e9s par la chambre d'agriculture\nM. Jean-Louis BOUDIER Mme Marie-H\u00e9l\u00e8ne SIMONOT\nMme Reine GUEDENEY M. Damien BOUDIER\nM. Jacques DE LIMA M. Daniel BRETILLON\nM. Jean-Louis LALIGANT M. Georges SIRDEY\nM. Patrick LENOIR M. Bertrand PETIT\n* la  directrice  d\u00e9partementale  des  territoires  de  la  C\u00f4te-d'Or  ou  son  repr\u00e9sentant,  avec  voix  \nconsultative.\nARTICLE 2     :   \nLe bureau \u00e9lira en son sein le pr\u00e9sident charg\u00e9 de l'ex\u00e9cution de ses d\u00e9lib\u00e9rations ainsi que le vice-\npr\u00e9sident et le secr\u00e9taire.\nARTICLE 3     : \nCette d\u00e9cision peut \u00eatre contest\u00e9e devant le tribunal administratif de Dijon dans un d\u00e9lai de 2 mois \n\u00e0 compter de sa publication.\nARTICLE 4 : \nLa directrice d\u00e9partementale des territoires de la C\u00f4te-d'Or, le pr\u00e9sident de l'association fonci\u00e8re  \nde GISSEY-SOUS-FLAVIGNY et le maire de la commune de GISSEY-SOUS-FLAVIGNY, sont charg\u00e9s,  \nchacun en ce qui le concerne, de l'ex\u00e9cution des dispositions du pr\u00e9sent arr\u00eat\u00e9 qui sera publi\u00e9 au  \nrecueil des actes administratifs de la pr\u00e9fecture, notifi\u00e9 \u00e0 chacun des membres de l'association  \nfonci\u00e8re et affich\u00e9 dans la commune de GISSEY-SOUS-FLAVIGNY.\nFait \u00e0 Dijon, le 24 avril 2025\nPour le pr\u00e9fet et par d\u00e9l\u00e9gation,\nPour la directrice d\u00e9partementale,\nle responsable du bureau nature, \nsites et \u00e9nergies renouvelables,\nSign\u00e9 : Laurent TISNE\n2\nDirection d\u00e9partementale des territoires de la C\u00f4te-d'Or - 21-2025-04-24-00003 - Arr\u00eat\u00e9 pr\u00e9fectoral du 24 avril 2025 portant\nrenouvellement du bureau de l'association fonci\u00e8re de remembrement de GISSEY-SOUS-FLAVIGNY 32\nDirection d\u00e9partementale des territoires de la\nC\u00f4te-d'Or\nService S\u00e9curit\u00e9 et Education Routi\u00e8re\n21-2025-04-24-00001\nArr\u00eat\u00e9 N\u00b0 607 autorisant une manifestation\nnautique d\u00e9nomm\u00e9e \u00abComp\u00e9tition r\u00e9gionale de\ncano\u00eb kayak de course en ligne\u00bb le samedi 7 juin\n2025 et fixant des mesures temporaires de police\nde la navigation int\u00e9rieure sur la Sa\u00f4ne \u00e0\nSt-Jean-De-Losne (21) entre les PK 215,000 au PK\n217,000.\nDirection d\u00e9partementale des territoires de la C\u00f4te-d'Or - 21-2025-04-24-00001 - \nArr\u00eat\u00e9 N\u00b0 607 autorisant une manifestation nautique d\u00e9nomm\u00e9e \u00abComp\u00e9tition r\u00e9gionale de cano\u00eb kayak de course en ligne\u00bb le\nsamedi 7 juin 2025 et fixant des mesures temporaires de police de la navigation int\u00e9rieure sur la Sa\u00f4ne \u00e0 St-Jean-De-Losne (21) entre\nles PK 215,000 au PK 217,000.\n33\nExPREFETDE LACOTE-D'ORL,z'berte'Egalit\u00e9Fraternit\u00e9\nDirection d\u00e9partementale des territoires\nde la C\u00f4te-d'Or\nAffaire suivie par : Isabelle FERREIRA\nService s\u00e9curit\u00e9 et \u00e9ducation routi\u00e8re\nBureau s\u00e9curit\u00e9 routi\u00e8re\nT\u00e9l. : 03 80 29 44 89\nM\u00e9l : ddt-manifestations-sportives@cote-dor.gouv.fr\nDijon, le 24 avril 2025 \nArr\u00eat\u00e9 N\u00b0 607 \nautorisant une manifestation nautique d\u00e9nomm\u00e9e \u00abComp\u00e9tition r\u00e9gionale de cano\u00eb\nkayak de course en ligne\u00bb le samedi 7 juin 2025 et fixant des mesures temporaires de\npolice de la navigation int\u00e9rieure sur la Sa\u00f4ne \u00e0 St-Jean-De-Losne (21)\nentre les PK 215,000 au PK 217 ,000.\nLe pr\u00e9fet de la C\u00f4te-d'Or\nVU le Code des Transports ;\nVU le Code du Sport ;\nVU le d\u00e9cret n\u00b0 2012-1556 du 28 d\u00e9cembre 2012 d\u00e9terminant la liste des mesures temporaires\nd'interruption ou de modification des conditions de navigation pouvant \u00eatre prises par le\ngestionnaire de la voie d'eau ;\nVU l'arr\u00eat\u00e9 minist\u00e9riel du 28 juin 2013 portant r\u00e8glement g\u00e9n\u00e9ral de police de la navigation\nint\u00e9rieure (RGP)  ;\nVU  la circulaire du 24 janvier 2013 relative aux actes et mesures de police de la navigation\nint\u00e9rieure ;\nVU  l'arr\u00eat\u00e9 inter-pr\u00e9fectoral du 7 f\u00e9vrier 2017 portant r\u00e8glement particulier de police de la\nnavigation sur l'itin\u00e9raire de Rh\u00f4ne-Sa\u00f4ne \u00e0 grand gabarit ;\nVU  l'arr\u00eat\u00e9 n\u00b0 507/SG du 28 mars 2025 donnant d\u00e9l\u00e9gation de signature \u00e0 Mme Manuelle\nDupuy, directrice d\u00e9partementale des territoires de la C\u00f4te-d'Or ;  \nVU l'arr\u00eat\u00e9 pr\u00e9fectoral n\u00b0 512 du 7 avril 2025 portant d\u00e9l\u00e9gation de signature aux agents de la\ndirection d\u00e9partementale des territoires de la C\u00f4te-d'Or ;\nDirection d\u00e9partementale des territoires de la C\u00f4te-d'Or\n57 rue de Mulhouse- BP 53317 - 21033 DIJON cedex\nt\u00e9l : 03 80 29 44 44 \u2013 Courriel : ddt@cote-dor.gouv.fr\nDirection d\u00e9partementale des territoires de la C\u00f4te-d'Or - 21-2025-04-24-00001 - \nArr\u00eat\u00e9 N\u00b0 607 autorisant une manifestation nautique d\u00e9nomm\u00e9e \u00abComp\u00e9tition r\u00e9gionale de cano\u00eb kayak de course en ligne\u00bb le\nsamedi 7 juin 2025 et fixant des mesures temporaires de police de la navigation int\u00e9rieure sur la Sa\u00f4ne \u00e0 St-Jean-De-Losne (21) entre\nles PK 215,000 au PK 217,000.\n34\nVU  la demande en date du 6 mars 2025 transmise par l'association ASVBD Cano\u00eb Kayak  ;\nsollicitant  l'autorisation  d'organiser  le  samedi  7  juin  2025  une  manifestation  nautique\nd\u00e9nomm\u00e9e \u00abComp\u00e9tition r\u00e9gionale de cano\u00eb kayak de course en ligne\u00bb du PK 215,000 au PK\n217 ,000 sur la Sa\u00f4ne ;\nVU  l'attestation d'assurance d\u00e9livr\u00e9e par la MAIF \u2013 contrat n\u00b0 2 225346 N souscrit par la\nF\u00e9d\u00e9ration Fran\u00e7aise de Cano\u00eb - Kayak garantissant la responsabilit\u00e9 civile de l'organisateur\nASVBD Cano\u00eb Kayak ;\nVU l'avis favorable du maire de Saint-Jean-de-Losne en date du 14 mars 2025 ;\nVU l'avis favorable de la Communaut\u00e9 de Communes Rives de Sa\u00f4ne en date du 17 mars\n2025 ;\nVU l'avis favorable de la direction territoriale Rh\u00f4ne-Sa\u00f4ne de Voies Navigables de France en\ndate du 17 avril 2025 ;\nCONSID\u00c9RANT que le pr\u00e9fet de d\u00e9partement exerce les comp\u00e9tences qui lui sont d\u00e9volues\nen mati\u00e8re de police de la navigation int\u00e9rieure ;\nSUR proposition de la directrice d\u00e9partementale des territoires de la C\u00f4te-d'Or ;\nARR\u00caTE\nArticle 1     :   Objet de l'autorisation\nMonsieur  Damien  LESIEUR  pr\u00e9sident  de  l'ASVBD  cano\u00eb  kayak,  est  autoris\u00e9  \u00e0  organiser  le\nsamedi 7 juin 2025 de 8h \u00e0 19h, la manifestation nautique intitul\u00e9e \u00abComp\u00e9tition r\u00e9gionale de\ncano\u00eb kayak de course en ligne\u00bb entre les  PK 215,000 au PK 217 ,000  \u00e0 Saint-Jean-de-Losne,\nconform\u00e9ment aux prescriptions ci-dessous et au plan annex\u00e9.\nArticle 2 : Suspension de l'autorisation\nLa pr\u00e9sente autorisation sera suspendue d\u00e8s lors que la marque II est atteinte sur la Sa\u00f4ne. Le\nlieu d'implantation de la marque la plus proche du lieu de d\u00e9roulement de la manifestation\nest Saint-Jean-de-Losne.\nArticle 3 : Mesures temporaires\nIl  est  bien  pr\u00e9cis\u00e9  que  la  navigation  des  bateaux  participant  \u00e0  cette  manifestation  n'est\nautoris\u00e9e que dans les limites strictes des jours et heures indiqu\u00e9s, \u00e0 l'exclusion de toute autre\np\u00e9riode.\nDans la portion de la rivi\u00e8re comprise entre le PK 215,000 et le PK 217 ,000, rive gauche, les\nembarcations autres que les bateaux marchands et les bateaux de plaisance, c'est-\u00e0-dire les\nradeaux, les barques de p\u00eache avec ou sans moteur, \u00e9trangers \u00e0 la manifestation, devront \u00eatre\nattach\u00e9s \u00e0 la rive pendant la dur\u00e9e de la comp\u00e9tition, ces bateaux ne devront, en aucun cas,\nperturber le d\u00e9roulement des op\u00e9rations.\nEn toute circonstance, la priorit\u00e9 sera donn\u00e9e en permanence \u00e0 la navigation de transit. Les\nparticipants  devront  adapter  leur  activit\u00e9  afin  de  n'apporter  aucune  g\u00eane  aux  bateaux\ncirculant dans le chenal navigable ou entrant au port de plaisance de Saint-Jean-de-Losne.\nDirection d\u00e9partementale des territoires de la C\u00f4te-d'Or - 21-2025-04-24-00001 - \nArr\u00eat\u00e9 N\u00b0 607 autorisant une manifestation nautique d\u00e9nomm\u00e9e \u00abComp\u00e9tition r\u00e9gionale de cano\u00eb kayak de course en ligne\u00bb le\nsamedi 7 juin 2025 et fixant des mesures temporaires de police de la navigation int\u00e9rieure sur la Sa\u00f4ne \u00e0 St-Jean-De-Losne (21) entre\nles PK 215,000 au PK 217,000.\n35\nIl appartient \u00e0 l'organisateur de prendre la d\u00e9cision d'annuler, de retarder ou d'interrompre la\nmanifestation nautique si les conditions dans lesquelles elle s'engage ou se d\u00e9roule ne lui\nparaissent pas pr\u00e9senter toutes les garanties de s\u00e9curit\u00e9 souhaitables, notamment, si certains\nmoyens pr\u00e9vus pour assurer la s\u00e9curit\u00e9 des participants et du public ne sont pas op\u00e9rationnels\nou  si  les  conditions  m\u00e9t\u00e9orologiques  sont  ou  deviennent  d\u00e9favorables,  compte  tenu  des\ncaract\u00e9ristiques des embarcations engag\u00e9es.\nArticle 4   :   Mesures de s\u00e9curit\u00e9\nLes participants \u00e0 la manifestation devront \u00e9voluer hors du chenal navigable. \nEn toute circonstance, la priorit\u00e9 sera donn\u00e9e en permanence \u00e0 la navigation de commerce en\ntransit. Les participants devront adapter leur activit\u00e9 afin de n'apporter aucune g\u00eane aux\nbateaux circulant dans le chenal navigable.\nLe p\u00e9titionnaire devra maintenir pendant toute la dur\u00e9e de la manifestation une veille radio et\nentrer en liaison VHF (canal 10) avec tous les bateaux approchant de la zone de s\u00e9curit\u00e9.\nArticle 5 : Signalisation et balisage\nLes diff\u00e9rentes installations techniques et le balisage du circuit (bou\u00e9es) pourront \u00eatre en\nplace le jour de la rencontre \u00e0 7h et enlev\u00e9s avant 20h.\nLes corps morts servant \u00e0 maintenir les bou\u00e9es seront enlev\u00e9s en m\u00eame temps que celles-ci.\nL'organisateur devra veiller \u00e0 la mise en  place et au maintien  permanent d'un  bateau de\ns\u00e9curit\u00e9 sur le site.\nLes lieux devront \u00eatre tenus parfaitement propres. Le nettoyage de la berge (ramassage et\n\u00e9vacuation de d\u00e9tritus, d\u00e9chets, etc ...) sera \u00e0 la charge du p\u00e9titionnaire.\nAucune  d\u00e9gradation  (arbres,  v\u00e9g\u00e9taux  aquatiques,  berges,  etc  ...)  ne  sera  tol\u00e9r\u00e9e  et  la\nr\u00e9paration de toutes les d\u00e9gradations \u00e9ventuelles constat\u00e9es sera \u00e0 la charge du p\u00e9titionnaire.\nArticle 6   :   Obligations d'information\nLe p\u00e9titionnaire devra se conformer aux prescriptions diffus\u00e9es par avis \u00e0 la batellerie, en\nparticulier pour conna\u00eetre les conditions de navigation.\nIl devra prendre connaissance des avis \u00e0 la batellerie sur le site Avis \u00e0 la batellerie : toutes les\ninformations sur l'\u00e9tat du     r\u00e9seau - VNF  .   Pour information, les avis \u00e0 la batellerie peuvent aussi\n\u00eatre consult\u00e9s sur le site  EURIS ou l'application smartphone NAVI, ou contacter les sites de\nVoies navigables de France.\nArticle 7 : Publicit\u00e9\nLe pr\u00e9sent arr\u00eat\u00e9 sera publi\u00e9 par le gestionnaire de la voie d'eau par voie d'avis \u00e0 la batellerie.\nArticle 8     :   Recours\nLe pr\u00e9sent arr\u00eat\u00e9 peut faire l'objet d'un recours contentieux devant le tribunal administratif\nde  Dijon dans un d\u00e9lai de deux mois \u00e0 compter de sa publication. Un recours peut \u00eatre\nd\u00e9pos\u00e9 via l'application T\u00e9l\u00e9recours citoyens accessible par le site internet www.telerecours.fr\nArticle 9 : Ex\u00e9cution et publicit\u00e9\nLa  directrice  de  cabinet,  la directrice  d\u00e9partementale  des  territoires  de  la  C\u00f4te-d'Or,  le\ncommandant  de la r\u00e9gion de gendarmerie de Bourgogne -Franche-Comt\u00e9 et  du groupement de\ngendarmerie de la C\u00f4te-d'Or, le commandant de gendarmerie fluviale de Saint-Jean-de- Losne,\nle directeur territorial Rh\u00f4ne-Sa\u00f4ne des Voies Navigables de France, le maire de la commune\nde  Saint-Jean-de-Losne  et  l'organisateur  sont  charg\u00e9s,  chacun  en  ce  qui  le  concerne,  de\nDirection d\u00e9partementale des territoires de la C\u00f4te-d'Or - 21-2025-04-24-00001 - \nArr\u00eat\u00e9 N\u00b0 607 autorisant une manifestation nautique d\u00e9nomm\u00e9e \u00abComp\u00e9tition r\u00e9gionale de cano\u00eb kayak de course en ligne\u00bb le\nsamedi 7 juin 2025 et fixant des mesures temporaires de police de la navigation int\u00e9rieure sur la Sa\u00f4ne \u00e0 St-Jean-De-Losne (21) entre\nles PK 215,000 au PK 217,000.\n36\nl'ex\u00e9cution  du  pr\u00e9sent  arr\u00eat\u00e9  qui  sera  publi\u00e9  au  Recueil  des  Actes  Administratifs  de  la\nPr\u00e9fecture de la C\u00f4te-d'Or et dont copie sera adress\u00e9e au p\u00e9titionnaire.\nPour le pr\u00e9fet et par d\u00e9l\u00e9gation,\nLe chef de service de la s\u00e9curit\u00e9 routi\u00e8re\net de l'\u00e9ducation routi\u00e8re par int\u00e9rim, \nSIGN\u00c9\nPhilippe MUNIER\nDirection d\u00e9partementale des territoires de la C\u00f4te-d'Or - 21-2025-04-24-00001 - \nArr\u00eat\u00e9 N\u00b0 607 autorisant une manifestation nautique d\u00e9nomm\u00e9e \u00abComp\u00e9tition r\u00e9gionale de cano\u00eb kayak de course en ligne\u00bb le\nsamedi 7 juin 2025 et fixant des mesures temporaires de police de la navigation int\u00e9rieure sur la Sa\u00f4ne \u00e0 St-Jean-De-Losne (21) entre\nles PK 215,000 au PK 217,000.\n37\nYFINNNeddiyd3NOIS'WLeJuIJeda1aljn01UOIEONPa;|ap10aJ2l}N01a]1N08SEJapso1uesapJous7'uonebalepJed1819401d9]INOdGZOZ|UAE#Z:npa)epUs|e1019901dojoLE,|B9xauuea110Jnod\n\u00b0agASY4ekexs0ue2sp0N\nDirection d\u00e9partementale des territoires de la C\u00f4te-d'Or - 21-2025-04-24-00001 - \nArr\u00eat\u00e9 N\u00b0 607 autorisant une manifestation nautique d\u00e9nomm\u00e9e \u00abComp\u00e9tition r\u00e9gionale de cano\u00eb kayak de course en ligne\u00bb le\nsamedi 7 juin 2025 et fixant des mesures temporaires de police de la navigation int\u00e9rieure sur la Sa\u00f4ne \u00e0 St-Jean-De-Losne (21) entre\nles PK 215,000 au PK 217,000.\n38\nDirection d\u00e9partementale des territoires de la C\u00f4te-d'Or - 21-2025-04-24-00001 - \nArr\u00eat\u00e9 N\u00b0 607 autorisant une manifestation nautique d\u00e9nomm\u00e9e \u00abComp\u00e9tition r\u00e9gionale de cano\u00eb kayak de course en ligne\u00bb le\nsamedi 7 juin 2025 et fixant des mesures temporaires de police de la navigation int\u00e9rieure sur la Sa\u00f4ne \u00e0 St-Jean-De-Losne (21) entre\nles PK 215,000 au PK 217,000.\n39\nHospices Civils de Beaune\nDirection g\u00e9n\u00e9rale\n21-2025-04-18-00005\n22 2025 D\u00e9l\u00e9gation de signature Institut de\nFormations Param\u00e9dicales\nHospices Civils de Beaune - 21-2025-04-18-00005 - 22 2025 D\u00e9l\u00e9gation de signature Institut de Formations Param\u00e9dicales 40\nHospices Civils de Beaune\n \nP a g e  1 | 4 \n \n  \nD\u00c9CISION DU DIRECTEUR \nn\u00b022/2025 \n \nOBJET :  DELEGATION DE SIGNATURE INSTITUT DE \nFORMATIONS PARAMEDICALES  \n \nLe Directeur,  \n \n\u2022 Vu le code de la Sant\u00e9 Publique et notamment ses articles : \n \no L.6141-1 relatif aux \u00e9tablissement publics de sant\u00e9, \no L.6143-7 relatif aux attributions du directeur d'un \u00e9tablissement public de \nsant\u00e9, \no D.6143-33 \u00e0 D.6143 -35 permettant au directeur d'un \u00e9tablissement \npublic de sant\u00e9 de d\u00e9l\u00e9guer sa signature et d\u00e9finissant les conditions et \nmodalit\u00e9s de cette d\u00e9l\u00e9gation,  \n \n\u2022 Vu l'arr\u00eat\u00e9 du 31 juillet 2009 modifi\u00e9 par les arr\u00eat\u00e9s du 29 d\u00e9cembre 2022 et du \n3 juillet 2023 relatif au dipl\u00f4me d'\u00e9tat infirmier, \n\u2022 Vu l'arr\u00eat\u00e9 du 10 juin 2021 modifi\u00e9 par l'arr\u00eat\u00e9 du 28 d\u00e9cembre 2023, relatif \u00e0 la \nformation conduisant au dipl\u00f4me d' \u00e9tat d'aide -soignant et portant diverses \ndispositions relatives aux modalit\u00e9s de fonctionnement des instituts \nparam\u00e9dicaux \n\u2022 Vu l'arr\u00eat\u00e9 de la directrice g\u00e9n\u00e9rale du centre national de gestion en date du 27 \nseptembre 2023 d\u00e9tachant M. Guillaume KOCH, \u00e0 compter du 1er octobre 2023, \ndans l'emploi fonctionnel de directeur des Hospices Civils de Beaune et de \nl'EHPAD de Bligny-sur-Ouche, \n \n \nDECIDE \n \n \nArticle 1er :  \nEn l'absence de Mme Sandrine FAUCHER,  Directrice de l'institut de formations \nparam\u00e9dicales, la d\u00e9l\u00e9gation est donn\u00e9e \u00e0 Mme Virginie BRELOT, cadre sup\u00e9rieur \nde sant\u00e9, pour signer tous les actes et d\u00e9cisions aff\u00e9rentes au fonctionnement de \nl'Institut de Formations Param\u00e9dicales et en particulier : \nHospices Civils de Beaune - 21-2025-04-18-00005 - 22 2025 D\u00e9l\u00e9gation de signature Institut de Formations Param\u00e9dicales 41\nHospices Civils de Beaune\n \nP a g e  2 | 4 \n \n \n \n1. Fonctionnement de l'IFP : \n \n\u2022 R\u00e8glement int\u00e9rieur \n\u2022 Agr\u00e9ment des instituts param\u00e9dicaux avec la R\u00e9gion \n\u2022 Gestion de la d\u00e9marche qualit\u00e9 et de la d\u00e9marche de certification \n\u2022 Gestion de commande \n\u2022 Gestion et validation de devis \n\u2022 Demande de mat\u00e9riel/Plan d'\u00e9quipement annuel \n\u2022 Demande de travaux/ plan de travaux annuel \n\u2022 Gestion d'intervention technique et logistique \n \n2. Fonction p\u00e9dagogique de l'IFP : \n \n\u27a2 Epreuves de s\u00e9lection : \n\u2022 Proc\u00e9dure de s\u00e9lection envoy\u00e9e \u00e0 l'ARS \n\u2022 Gestion de Parcoursup \n\u2022 Convocation des candidats \n\u2022 Courrier aux jurys de s\u00e9lection (FPC, IFAS) \n\u2022 Compte rendu du jury d'admission \n\u2022 Liste des candidats admissibles \n\u2022 Courrier individuel de notification des r\u00e9sultats aux candidats \n \n\u27a2 Formation initiale : \n\u2022 Dossier de formation (ensemble des documents) \n\u2022 Attestation de formation \n\u2022 Attestation inh\u00e9rente \u00e0 la formation (num\u00e9rique en sant\u00e9,\u2026) \n\u2022 Autorisation d'absence \n\u2022 Convention de stage \n\u2022 Relation et d\u00e9cision en lien avec le d\u00e9roulement des stages \n\u2022 Convocation et notification d'avertissement si probl\u00e8me disciplinaire \n\u2022 Courrier aux \u00e9tudiants/\u00e9l\u00e8ves suite \u00e0 une demande d'interruption de formation, \nc\u00e9sure \n\u2022 Elaboration de rapport motiv\u00e9, rapport circonstanci\u00e9 \n\u2022 Convocation des membres aux diff\u00e9rentes instances IFSI, IFAS selon les \narr\u00eat\u00e9s respectifs \n\u2022 Pr\u00e9paration, pr\u00e9sidence, animation des i nstances relatifs au fonctionnement \ndes instituts \n\u2022 Compte rendu des diff\u00e9rentes instances relatifs au fonctionnement des instituts \n\u2022 Courrier, notification, d\u00e9cision prise suite \u00e0 l'avis des instances \n \n \nHospices Civils de Beaune - 21-2025-04-18-00005 - 22 2025 D\u00e9l\u00e9gation de signature Institut de Formations Param\u00e9dicales 42\nHospices Civils de Beaune\n \nP a g e  3 | 4 \n \n \n \n \n\u27a2 Formation continue : \n\u2022 Courrier, devis pour toute demande de formation continue (hors HCB) \n\u2022 Attestation de formation \n \n3. Fonction gestion du personnel : \n \n\u2022 Gestion du temps de travail \n\u2022 Evaluation annuelle des agents titulaires ou contractuels \n\u2022 Demande de formation au plan de formation annuel \n\u2022 Frais de d\u00e9placement des agents \n\u2022 Rapport \u00e9ventuel \n \n4. Partenariats : Sauf tout document impliquant la personnalit\u00e9 morale du \nchef d'\u00e9tablissement : \n \n\u2022 Repr\u00e9sentation ARS, DREETS, Conseil r\u00e9gional, GCS, Universit\u00e9, CFA, autres \ninstituts de formation, CEFIEC, GERACFAS, ANDEP, France T ravail, Mission \nlocale, Education nationale, Services de la mairie de Beaune \n\u2022 Organismes financeurs \n \nArticle 2 : \n \nLa d\u00e9l\u00e9gation prend effet \u00e0 la date de signature.  \nElle est notifi\u00e9e \u00e0 l'int\u00e9ress\u00e9e, affich\u00e9e dans les locaux de l'Institut de Formation \nParam\u00e9dicale, publi\u00e9e sur le site internet et intranet de l'\u00e9tablissement. \n \nElle est transmise au Pr\u00e9fet de d\u00e9partement pour Insertion au recueil des actes \nadministratifs du d\u00e9partement de C\u00f4te d'Or. \n \nArticle 3 :  \n \nElle peut faire l'objet d'un recours contentieux devant le tribunal administratif de Dijon \ndans un d\u00e9lai de 2 mois \u00e0 compter de sa publication en formulant  un recours \ncontentieux aupr\u00e8s du tribunal administratif de Dijon, 22 rue d'Assas 21 200 Dijon. \nLe tr ibunal administratif peut \u00eatre saisi par l'application de T\u00e9l\u00e9recours citoyens \naccessible par le site internet www.telerecours.fr  \n \n \n \n \n \n \n \nHospices Civils de Beaune - 21-2025-04-18-00005 - 22 2025 D\u00e9l\u00e9gation de signature Institut de Formations Param\u00e9dicales 43\nHospices Civils de Beaune\n \nP a g e  4 | 4 \n \n \n \n \n \nCette d\u00e9cision restera en vigueur jusqu'\u00e0 un changement de tarif qui donnera \nlieu \u00e0 une nouvelle d\u00e9cision. \n \n \n \n Fait \u00e0 Beaune, le 18 avril 2025 \n Le Directeur, \n Pr\u00e9sident du Directoire, \n \n Guillaume KOCH \n Sign\u00e9  \n \n \n \n \n \n \n \nHospices Civils de Beaune - 21-2025-04-18-00005 - 22 2025 D\u00e9l\u00e9gation de signature Institut de Formations Param\u00e9dicales 44\nPr\u00e9fecture de la C\u00f4te-d'Or\nDirection des s\u00e9curit\u00e9s\n21-2025-04-18-00003\nAP Interdiction conso alcool Place de la\nR\u00e9publique \u00e0 Dijon - Avril 2025\nPr\u00e9fecture de la C\u00f4te-d'Or - 21-2025-04-18-00003 - AP Interdiction conso alcool Place de la R\u00e9publique \u00e0 Dijon - Avril 2025 45\nExPREFETDE LACOTE-D'ORLibert\u00e9Egalit\u00e9Fraternit\u00e9\nDirection des s\u00e9curit\u00e9s\nDijon, le 18 avril 2025\nArr\u00eat\u00e9 pr\u00e9fectoral N\u00b0 600\nportant interdiction de la consommation d'alcool sur la voie publique\nPlace de la R\u00e9publique \u00e0 Dijon\nLe pr\u00e9fet de la C\u00f4te-d'Or\nVU le code de la s\u00e9curit\u00e9 int\u00e9rieure ;\nVU le code g\u00e9n\u00e9ral des collectivit\u00e9s territoriales et notamment son article L. 2214-4 ;\nVU le code de la sant\u00e9 publique, notamment son article L. 3321-1 ;\nVU le d\u00e9cret n\u00b02004-374 du 29 avril 2004 modifi\u00e9 relatif aux pouvoirs des pr\u00e9fets, \u00e0 l'organisation et\n\u00e0 l'action des services de l'\u00c9tat dans les r\u00e9gions et d\u00e9partements ;\nVU  l'arr\u00eat\u00e9 pr\u00e9fectoral  n\u00b0443/SG du  17  mars  2025  donnant  d\u00e9l\u00e9gation  de signature  \u00e0  Madame\nAur\u00e9lie CONTRECIVILE, sous-pr\u00e9f\u00e8te, directrice de cabinet du pr\u00e9fet\nCONSID\u00c9RANT que les services de police interviennent r\u00e9guli\u00e8rement dans le secteur de la place de\nla  R\u00e9publique pour des  probl\u00e8mes  g\u00e9n\u00e9r\u00e9s par la  consommation  excessive d'alcool  sur la  voie\npublique ;\nCONSID\u00c9RANT l'existence de nombreux \u00e9tablissements de nuits et notamment des discoth\u00e8ques\ndans le secteur de la place de la R\u00e9publique ;\nCONSID\u00c9RANT que la consommation de boissons alcoolis\u00e9es sur la voie publique constitue un\nfacteur g\u00e9n\u00e9rateur de troubles \u00e0 l'ordre et \u00e0 la tranquillit\u00e9 publics ;\nCONSID\u00c9RANT que la place de la R\u00e9publique constitue un lieu important de vie et de rencontres\nainsi  qu'un  acc\u00e8s  pour  les  habitants  \u00e0  de  nombreux  services  notamment  de  transports  en\ncommuns ;\nCONSID\u00c9RANT qu'il importe pour des motifs tir\u00e9s de l'ordre et de la s\u00e9curit\u00e9 publics, de pr\u00e9venir\nles risques pouvant d\u00e9couler de la consommation de boissons alcoolis\u00e9es sur la voie publique ;\nSUR proposition de la directrice de cabinet du pr\u00e9fet de la r\u00e9gion Bourgogne-Franche-Comt\u00e9, pr\u00e9fet\nde la C\u00f4te d'Or,\nPr\u00e9fecture de la C\u00f4te-d'Or - 21-2025-04-18-00003 - AP Interdiction conso alcool Place de la R\u00e9publique \u00e0 Dijon - Avril 2025 46\nARR\u00caTE\nArticle 1er  : La consommation de boissons alcoolis\u00e9es est interdite Place de la R\u00e9publique \u00e0 Dijon\ndu 1er mai 2025 au 31 octobre 2025 de 16h00 \u00e0 8h00 du matin.\nCette interdiction ne s'applique pas aux parties du domaine public r\u00e9guli\u00e8rement occup\u00e9es par des\nrestaurants et d\u00e9bits de boissons titulaires des autorisations n\u00e9cessaires.\nArticle 2  :  Les infractions au pr\u00e9sent arr\u00eat\u00e9 seront constat\u00e9es et poursuivies par tout agent de la\nforce publique habilit\u00e9 conform\u00e9ment aux lois et r\u00e8glements en vigueur.\nArticle  3 :  Le  pr\u00e9sent  arr\u00eat\u00e9  peut  faire  l'objet,  dans  un  d\u00e9lai  de  deux  mois  \u00e0  compter  de  sa\npublication en Pr\u00e9fecture, d'un recours contentieux devant le tribunal administratif de Dijon.\nArticle 4  :  La directrice de cabinet du pr\u00e9fet de la r\u00e9gion Bourgogne-Franche-Comt\u00e9, pr\u00e9fet de la\nC\u00f4te-d'Or, le secr\u00e9taire g\u00e9n\u00e9ral de la pr\u00e9fecture de la C\u00f4te-d'Or et le directeur interd\u00e9partemental\nde la police nationale sont charg\u00e9s, chacun en ce qui le concerne, de l'ex\u00e9cution du pr\u00e9sent arr\u00eat\u00e9\nqui sera publi\u00e9 au recueil des actes administratifs de la pr\u00e9fecture, transmis au maire de Dijon et\nadress\u00e9 pour copie \u00e0 monsieur le procureur de la R\u00e9publique pr\u00e8s le tribunal judiciaire de Dijon.\n  Le pr\u00e9fet,\nPour le pr\u00e9fet et par d\u00e9l\u00e9gation,\nLa sous-pr\u00e9f\u00e8te, directrice de cabinet,\nORIGINAL SIGN\u00c9\nAur\u00e9lie CONTRECIVILE\nPr\u00e9fecture de la C\u00f4te-d'Or - 21-2025-04-18-00003 - AP Interdiction conso alcool Place de la R\u00e9publique \u00e0 Dijon - Avril 2025 47\nPr\u00e9fecture de la C\u00f4te-d'Or\nDirection des s\u00e9curit\u00e9s\n21-2025-04-24-00004\nArr\u00eat\u00e9 pr\u00e9fectoral N\u00b0620 portant interdiction de\nrassemblements festifs \u00e0 caract\u00e8re musical et\ninterdiction de circulation\nde tout v\u00e9hicule transportant du mat\u00e9riel de son\n\u00e0 destination d'un rassemblement festif\n\u00e0 caract\u00e8re musical non autoris\u00e9\nPr\u00e9fecture de la C\u00f4te-d'Or - 21-2025-04-24-00004 - Arr\u00eat\u00e9 pr\u00e9fectoral N\u00b0620 portant interdiction de rassemblements festifs \u00e0\ncaract\u00e8re musical et interdiction de circulation\nde tout v\u00e9hicule transportant du mat\u00e9riel de son \u00e0 destination d'un rassemblement festif\n\u00e0 caract\u00e8re musical non autoris\u00e9\n48\nPr\u00e9fecture de la C\u00f4te-d'Or - 21-2025-04-24-00004 - Arr\u00eat\u00e9 pr\u00e9fectoral N\u00b0620 portant interdiction de rassemblements festifs \u00e0\ncaract\u00e8re musical et interdiction de circulation\nde tout v\u00e9hicule transportant du mat\u00e9riel de son \u00e0 destination d'un rassemblement festif\n\u00e0 caract\u00e8re musical non autoris\u00e9\n49\nCONSIDERANT que ce type de rassemblement regroupant un grand nombre de participants peutprovoquer des troubles \u00e0 l'ordre public qu'ils soient li\u00e9s \u00e0 l'augmentation du risque de conduite sousI'emprise d'alcool ou de stup\u00e9fiants ou encore \u00e0 la g\u00eane occasionn\u00e9e par le niveau sonoreextr\u00eamement \u00e9lev\u00e9 de la musique diffus\u00e9e ; que les moyens appropri\u00e9s en mati\u00e8re de lutte contreI'incendie et de secours aux personnes, ainsi qu'en mati\u00e8re de s\u00e9curit\u00e9 sanitaire et routi\u00e8re ne peuvent\u00eatre r\u00e9unis ;CONSID\u00c9RANT que dans ces circonstances, ces rassemblements sont de nature \u00e0 provoquer destroubles graves \u00e0 l'ordre public; que leur interdiction, qui est strictement n\u00e9cessaire et proportionn\u00e9eaux objectifs poursuivis, est seule de nature \u00e0 pr\u00e9venir efficacement ces troubles ;CONSIDERANT qu'en l'absence d'identification du lieu g\u00e9ographique susceptible d'accueillir lesrassemblements festifs \u00e0 caract\u00e8re musical envisag\u00e9s, et afin de donner un effet utile \u00e0 l'interdiction, ily a lieu d'interdire, sauf motif l\u00e9gitime, la circulation des v\u00e9hicules transportant du mat\u00e9riel desonorisation sur l'ensemble des r\u00e9seaux routiers du d\u00e9partement de la C\u00f4te-d'Or;SUR proposition de madame la directrice de cabinet du pr\u00e9fet de la r\u00e9gion Bourgogne-Franche-Comt\u00e9,pr\u00e9fet de la C\u00f4te-d'Or,\nARR\u00caTEArticle 1er: Les rassemblements festifs \u00e0 caract\u00e9re musical r\u00e9pondant \u00e0 l'ensemble descaract\u00e9ristiques \u00e9nonc\u00e9es \u00e0 l'article R. 211-2 du code de la s\u00e9curit\u00e9 int\u00e9rieure, autres que ceuxl\u00e9galement d\u00e9clar\u00e9s ou autoris\u00e9s, sont interdits sur l'ensemble du d\u00e9partement de la C\u00f4te-d'Or duvendredi 25 avril 2025 \u00e0 16h00 au lundi 28 avril 2025 \u00e0 08h00.Article 2: La circulation de tout v\u00e9hicule transportant du mat\u00e9riel de sonorisation (notamment\u00ab sound system \u00bb et amplificateurs) \u00e0 destination d'un rassemblement festif \u00e0 caract\u00e8re musical nonautoris\u00e9 est interdite sur I'ensemble des r\u00e9seaux routiers du d\u00e9partement de la C\u00f4te-d'Or duvendredi 25 avril 2025 \u00e0 16h00 au lundi 28 avril 2025 \u00e0 08h00.Article 3 : Toute infraction au pr\u00e9sent arr\u00e9t\u00e9 est passible des sanctions pr\u00e9vues par l'article R. 211-27du code de la s\u00e9curit\u00e9 int\u00e9rieure et peut donner lieu \u00e0 la saisie du mat\u00e9riel en vue de sa confiscationpar le tribunal.Article 4 : Le secr\u00e9taire g\u00e9n\u00e9ral de la pr\u00e9fecture de la C\u00f4te-d'Or, la directrice de cabinet du pr\u00e9fet dela r\u00e9gion Bourgogne-Franche-Comt\u00e9, pr\u00e9fet de la C\u00f4te-d'Or, le G\u00e9n\u00e9ral, commandant la r\u00e9gion degendarmerie de Bourgogne-Franche-Comt\u00e9, commandant le groupement de gendarmeried\u00e9partementale de la C\u00f4te-d'Or et le directeur interd\u00e9partemental de la police nationale de la C\u00f4te-d'Or sont charg\u00e9s, chacun en ce qui le concerne, de I'ex\u00e9cution du pr\u00e9sent arr\u00e9t\u00e9 qui sera publi\u00e9 aurecueil des actes administratifs de la pr\u00e9fecture, et adress\u00e9 pour copie \u00e0 monsieur le procureur de laR\u00e9publique pr\u00e8s le tribunal judiciaire de Dijon.\nFait \u00e0 Dijon, le 24 avril 2025Le pr\u00e9fet,Pour le pr\u00e9fet et par d\u00e9l\u00e9gation,La sous-pr\u00e9f\u00e8te, directrice de cabinet,original sign\u00e9Aur\u00e9lie CONTRECIVILE\nD\u00e9lais et voies de recours :Le pr\u00e9sent arr\u00eat\u00e9 peut faire l'objet, dans un d\u00e9lai de deux mois \u00e0 compter de sa publication :Soit d'un recours gracieux devant le pr\u00e9fet de la C\u00f4te-d'Or ou d'un recours hi\u00e9rarchique aupr\u00e8s du Ministre de l'int\u00e9rieur.Soit d'un recours contentieux devant le tribunal administratif de Dijon (22 Rue d'Assas, 21000 Dijon). La juridiction administrativecomp\u00e9tente peut \u00eatre saisie par l'application T\u00e9l\u00e9recours citoyens, accessible \u00e0 partir du site www.telerecours.fr.Dans le cas du rejet d'un recours gracieux ou hi\u00e9rarchique, le tribunal administratif peut \u00eatre saisi dans un d\u00e9lai de deux mois \u00e0 compterde la date de la d\u00e9cision de rejet.\n-\n-\nPr\u00e9fecture de la C\u00f4te-d'Or - 21-2025-04-24-00004 - Arr\u00eat\u00e9 pr\u00e9fectoral N\u00b0620 portant interdiction de rassemblements festifs \u00e0\ncaract\u00e8re musical et interdiction de circulation\nde tout v\u00e9hicule transportant du mat\u00e9riel de son \u00e0 destination d'un rassemblement festif\n\u00e0 caract\u00e8re musical non autoris\u00e9\n50\nPr\u00e9fecture de la C\u00f4te-d'Or\nSGCD de C\u00f4te-d'Or\n21-2025-04-15-00005\nArr\u00eat\u00e9 n\u00b0587 du 15 avril 2025 de d\u00e9signation des\nmembres du comit\u00e9 social d'administration de la\n DDETS  de C\u00f4te-d'Or \nPr\u00e9fecture de la C\u00f4te-d'Or - 21-2025-04-15-00005 - Arr\u00eat\u00e9 n\u00b0587 du 15 avril 2025 de d\u00e9signation des membres du comit\u00e9 social\nd'administration de la  DDETS  de C\u00f4te-d'Or 51\nPREFETDE LACOTE-D'ORL'iberte'Egalit\u00e9Fraternit\u00e9Arr\u00e9t\u00e9 n\u00b0 587 du 15 avril 2025abrogeant et rempla\u00e7ant l'arr\u00eat\u00e9 n\u00b0 594 du 27 mars 2024 portant d\u00e9signation des membres ducomit\u00e9 social de proximit\u00e9 de la direction d\u00e9partementale de I'emploi, du travail et des solidarit\u00e9sde la C\u00f4te-d'Or et de sa formation sp\u00e9cialis\u00e9eLa Directrice d\u00e9partementale de l'emploi, du travail et des solidarit\u00e9s de la C\u00f4te-d'OrArr\u00eateVu le code g\u00e9n\u00e9ral de la fonction publiqueVu le d\u00e9cret n\u00b0 2009-1484 du 3 d\u00e9cembre 2009 relatif aux directions d\u00e9partementalesInterminist\u00e9rielles ;Vu le d\u00e9cret n\u00b0 2020-1427 du 20 novembre 2020 relatif aux comit\u00e9s sociaux d'administration dansles administrations et les \u00e9tablissements publics de l'Etat;Vu l'arr\u00eat\u00e9 du 3 juin 2022 instituant des comit\u00e9s sociaux d'administration au sein des minist\u00e8res del'int\u00e9rieur et des outre-mer ;Vu l'arr\u00e9t\u00e9 du 6 octobre 2022 relatif aux modalit\u00e9s d'organisation du vote \u00e9lectronique par internetpour l'\u00e9lection des repr\u00e9sentants du personnel au sein des instances de repr\u00e9sentation du minist\u00e8rede l'int\u00e9rieur et des outre-mer ;Vu l'arr\u00eat\u00e9 NOR TFPX2234445A du 30 novembre 2022 modifiant l'arr\u00e9t\u00e9 du 9 mars 2022 portantd\u00e9rogation \u00e0 l'utilisation du vote \u00e9lectronique en vue du prochain renouvellement g\u00e9n\u00e9ral desinstances de dialogue social dans la fonction publique de I'Etat ;Vu le proces-verbal rectificatif de d\u00e9pouillement et de proclamation des r\u00e9sultats du 6 janvier 2023,Vu les d\u00e9signations communiqu\u00e9es par les organisations syndicales disposant de si\u00e8ge(s) pour lacomposition du comit\u00e9 social d'administration et de sa formation sp\u00e9cialis\u00e9e,Vu l'arr\u00eat\u00e9 du 7 octobre 2024 portant nomination de Mme Armelle L\u00c9ON, directriced\u00e9partementale de I'emploi, du travail et des solidarit\u00e9s de la C\u00f4te d'Or, \u00e0 compter du 28 octobre2024.Article 1\u00c9\"L'arr\u00e9t\u00e9 n\u00b0 594 du 27 mars 2024 portant d\u00e9signation des membres du comit\u00e9 social d'administrationde proximit\u00e9 de la Direction d\u00e9partementale de I'emploi, du travail et des solidarit\u00e9s de la C\u00f4te-d'Oret de sa formation sp\u00e9cialis\u00e9e est abrog\u00e9. Il est remplac\u00e9 par le pr\u00e9sent arr\u00eat\u00e9.\n \n \n \n ; \n \n \n  \n \n \n  \n \n \n  \n \n  \n \n \n \n \n \nPr\u00e9fecture de la C\u00f4te-d'Or - 21-2025-04-15-00005 - Arr\u00eat\u00e9 n\u00b0587 du 15 avril 2025 de d\u00e9signation des membres du comit\u00e9 social\nd'administration de la  DDETS  de C\u00f4te-d'Or 52\nArticle 2Le comit\u00e9 social d'administration de proximit\u00e9 de la direction d\u00e9partementale de I'emploi, dutravail et des solidarit\u00e9s de la C\u00f4te-d'Or est compos\u00e9 comme suit :a) 3 Repr\u00e9sentants de l'administration :- la directrice de la direction d\u00e9partementale de I'emploi, du travail et des solidarit\u00e9s de la C\u00f4te-d'Or, Madame LEON Armelle;- la directrice adjointe de la direction d\u00e9partementale de l'emploi, du travail et des solidarit\u00e9s de laC\u00f4te-d'Or, Madame DUMONT SAINT PRIEST Alix;- la directrice adjointe de la direction d\u00e9partementale de I'emploi, du travail et des solidarit\u00e9s de laC\u00f4te-d'Or, Madame RUBAGOTT!I Barbara.b) 8 Repr\u00e9sentants du personnel : 4 membres titulaires et 4 membres suppl\u00e9ants.Le pr\u00e9sident est assist\u00e9, en tant que de besoin, par les membres de l'administration exer\u00e7ant desfonctions de responsabilit\u00e9 et concern\u00e9s par des questions soumises \u00e0 l'avis du comit\u00e9.Article 3Sont d\u00e9sign\u00e9s en qualit\u00e9 de repr\u00e9sentants du personnel au sein du comit\u00e9 social d'administrationsusmentionn\u00e9 :Membres titulaires Membres suppl\u00e9antsCGT\nUNSA\nArticle 4Sont d\u00e9sign\u00e9s en qualit\u00e9 de repr\u00e9sentants du personnel au sein de la formation sp\u00e9cialis\u00e9e enmati\u00e8re de sant\u00e9, de s\u00e9curit\u00e9 et de conditions de travail du comit\u00e9 social d'administrationminist\u00e9riel unique :Membres titulaires Membres suppl\u00e9antsCGT\nUNSA\n \n  \n \n \n \n  \n \n  \n  \n \n  \n \n  \nBERTIN M\u00e9lanie COLLIGNON Lisa \nMOREY J\u00e9r\u00e9my  GORET Mathieu \nPOYER Ghislain OURCHANE Louisa \nBEGRAND Marie DELALANDE Samuel \n \n  \nCOLLIGNON Lisa TRIMBALET Sandrine \nMOREY J\u00e9r\u00e9my  GORET Mathieu \nOURCHANE Louisa BEGRAND Marie \nPOYER Ghislain THIEBAUT Ma\u00eblle \nPr\u00e9fecture de la C\u00f4te-d'Or - 21-2025-04-15-00005 - Arr\u00eat\u00e9 n\u00b0587 du 15 avril 2025 de d\u00e9signation des membres du comit\u00e9 social\nd'administration de la  DDETS  de C\u00f4te-d'Or 53\nArticle 5Le mandat des membres du comit\u00e9 social d'administration susvis\u00e9 entre en vigueur \u00e0 compter du 15avril 2025.Article 6La directrice de la Direction d\u00e9partementale de I'emploi, du travail et des solidarit\u00e9s de la C\u00f4te-d'Or est charg\u00e9e de l'ex\u00e9cution du pr\u00e9sent arr\u00eat\u00e9.Fait, le 15 avril 2025La directrice de la Direction d\u00e9partementale de l'emploi,du travail et des solidarit\u00e9s de la C\u00f4te-d'Or\nArmelle L\u00c9ON\n  \n \n \n \n                        Sign\u00e9  \n \n \n                  \n  \nPr\u00e9fecture de la C\u00f4te-d'Or - 21-2025-04-15-00005 - Arr\u00eat\u00e9 n\u00b0587 du 15 avril 2025 de d\u00e9signation des membres du comit\u00e9 social\nd'administration de la  DDETS  de C\u00f4te-d'Or 54\nPr\u00e9fecture de la C\u00f4te-d'Or\nSGCD de C\u00f4te-d'Or\n21-2025-04-18-00004\nArr\u00eat\u00e9 n\u00b0588 du 18 avril 2025  d\u00e9signation des\nmembres du  CSA de la  DDT de C\u00f4te d'Or\nPr\u00e9fecture de la C\u00f4te-d'Or - 21-2025-04-18-00004 - Arr\u00eat\u00e9 n\u00b0588 du 18 avril 2025  d\u00e9signation des membres du  CSA de la  DDT de\nC\u00f4te d'Or 55\nPREFETDE LACOTE-D'ORL'iberte'Egalit\u00e9Fraternit\u00e9Arr\u00e9t\u00e9 n\u00b0 588 du 18 avril 2025abrogeant et rempla\u00e7ant l'arr\u00eat\u00e9 n\u00b0 1806 du 26 novembre 2024 portant d\u00e9signation des membresdu comit\u00e9 social de proximit\u00e9 de la direction d\u00e9partementale des territoires de la C\u00f4te-d'Or et desa formation sp\u00e9cialis\u00e9eLa Directrice d\u00e9partementale des territoires de la C\u00f4te-d'OrArr\u00eateVu le code g\u00e9n\u00e9ral de la fonction publique ;Vu le d\u00e9cret n\u00b0 2009-1484 du 3 d\u00e9cembre 2009 relatif aux directions d\u00e9partementalesInterminist\u00e9rielles ;Vu le d\u00e9cret n\u00b0 2020-1427 du 20 novembre 2020 relatif aux comit\u00e9s sociaux d'administration dansles administrations et les \u00e9tablissements publics de l'Etat;Vu l'arr\u00eat\u00e9 du 3 juin 2022 instituant des comit\u00e9s sociaux d'administration au sein des minist\u00e8res del'int\u00e9rieur et des outre-mer ;Vu l'arr\u00e9t\u00e9 du 6 octobre 2022 relatif aux modalit\u00e9s d'organisation du vote \u00e9lectronique par internetpour l'\u00e9lection des repr\u00e9sentants du personnel au sein des instances de repr\u00e9sentation du minist\u00e8rede l'int\u00e9rieur et des outre-mer ;Vu l'arr\u00eat\u00e9 NOR TFPX2234445A du 30 novembre 2022 modifiant l'arr\u00e9t\u00e9 du 9 mars 2022 portantd\u00e9rogation \u00e0 l'utilisation du vote \u00e9lectronique en vue du prochain renouvellement g\u00e9n\u00e9ral desinstances de dialogue social dans la fonction publique de I'Etat ;Vu le proces-verbal rectificatif de d\u00e9pouillement et de proclamation des r\u00e9sultats du 8 d\u00e9cembre2022 ;Vu les d\u00e9signations communiqu\u00e9es par les organisations syndicales disposant de si\u00e8ge(s) pour lacomposition du comit\u00e9 social d'administration et de sa formation sp\u00e9cialis\u00e9e ;Vu l'arr\u00eat\u00e9 du 17 mars 2025 portant nomination de madame Manuelle DUPUY, directriced\u00e9partementale des territoires de la C\u00f4te-d'Or, \u00e0 compter du 7 avril 2025 ;Vu l'arr\u00eat\u00e9 du 17 mars 2025 portant renouvellement de madame Nadine MUCKENSTURM dans lesfonctions de directrice d\u00e9partementale adjointe des territoires de la C\u00f4te-d'Or pour un an \u00e0compter du 1er avril 2025 ;Vu l'arr\u00e9t\u00e9 pr\u00e9fectoral n\u00b0507/SG du 28 mars 2025 portant d\u00e9l\u00e9gation de signature \u00e0 madameManuelle DUPUY ;Article 1\u00c9\"L'arr\u00eat\u00e9 n\u00b0 1806 du 26 novembre 2024 portant d\u00e9signation des membres du comit\u00e9 sociald'administration de proximit\u00e9 de la Direction d\u00e9partementale des territoires de la C\u00f4te-d'Or et de saformation sp\u00e9cialis\u00e9e est abrog\u00e9. Il est remplac\u00e9 par le pr\u00e9sent arr\u00eat\u00e9.\n \n \n \n          \n  \n \n  \n \n  \n \n \n  \n \n  \n \n  \n \n \nPr\u00e9fecture de la C\u00f4te-d'Or - 21-2025-04-18-00004 - Arr\u00eat\u00e9 n\u00b0588 du 18 avril 2025  d\u00e9signation des membres du  CSA de la  DDT de\nC\u00f4te d'Or 56\nArticle 2Le comit\u00e9 social d'administration de proximit\u00e9 de la direction d\u00e9partementale des territoires de laC\u00f4te-d'Or est compos\u00e9 comme suit :a) 3 Repr\u00e9sentants de l'administration :- Madame Manuelle DUPUY, directrice d\u00e9partementale des territoires de la C\u00f4te-d'Or, pr\u00e9sidente duComit\u00e9 social d'administration ;- Madame Nadine MUCKENSTURM, directrice d\u00e9partementale des territoires adjointe de la C\u00f4te-d'Or ;- Madame Nathalie BERGET, directrice du secr\u00e9tariat g\u00e9n\u00e9ral commun d\u00e9partemental de la C\u00f4ted'Or10 Repr\u00e9sentants du personnel : 5 membres titulaires et 5 membres suppl\u00e9ants.La pr\u00e9sidente est assist\u00e9e, en tant que de besoin, par les membres de l'administration exer\u00e7ant desfonctions de responsabilit\u00e9 et concern\u00e9s par des questions soumises \u00e0 l'avis du comit\u00e9.Article 3Sont d\u00e9sign\u00e9s en qualit\u00e9 de repr\u00e9sentants du personnel au sein du comit\u00e9 social d'administrationsusmentionn\u00e9 :Membres titulaires Membres suppl\u00e9antsUNSA\nFO\nArticle 4Sont d\u00e9sign\u00e9s en qualit\u00e9 de repr\u00e9sentants du personnel au sein de la formation sp\u00e9cialis\u00e9e enmati\u00e8re de sant\u00e9, de s\u00e9curit\u00e9 et de conditions de travail du comit\u00e9 social d'administrationminist\u00e9riel unique :Membres titulaires Membres suppl\u00e9antsUNSA\nFO\n \n  \n \n \n \nb) \n   \n \n \n SENNORAT Laurence PETETIN Vanessa \n  GABRIELE Joseph DIAZ Val\u00e9rie \n CLOPIN David  AUBERT Jean-Marie \n PIOMBINO Corinne  FAYOUX Xavier \n CLEMENT El\u00e9onore  FONTANA Val\u00e9rie \n \n   \n SENNORAT Laurence  PETETIN  Vanessa \n GABRIELE Joseph  DIAZ Val\u00e9rie \n CLOPIN David   AUBERT Jean-Marie \n  PIOMBINO Corinne   FAYOUX Xavier \n  CLEMENT El\u00e9onore   FONTANA Val\u00e9rie \n \n  \nPr\u00e9fecture de la C\u00f4te-d'Or - 21-2025-04-18-00004 - Arr\u00eat\u00e9 n\u00b0588 du 18 avril 2025  d\u00e9signation des membres du  CSA de la  DDT de\nC\u00f4te d'Or 57\nArticle 5Le mandat des membres du comit\u00e9 social d'administration susvis\u00e9 entre en vigueur \u00e0 compter du 16avril 2025.Article 6La directrice de la Direction d\u00e9partementale des territoires de la C\u00f4te-d'Or est charg\u00e9e de l'ex\u00e9cutiondu pr\u00e9sent arr\u00eat\u00e9. Fait, \u00e0 Dijon, le 18 avril 2025\nLa directrice d\u00e9partementaledes territoires de la C\u00f4te-d'Or ,Manuelle DUPUY\n  \n \n  \n                  Sign\u00e9  \n \n \nPr\u00e9fecture de la C\u00f4te-d'Or - 21-2025-04-18-00004 - Arr\u00eat\u00e9 n\u00b0588 du 18 avril 2025  d\u00e9signation des membres du  CSA de la  DDT de\nC\u00f4te d'Or 58\nPr\u00e9fecture de la C\u00f4te-d'Or\nSGCD de C\u00f4te-d'Or\n21-2025-04-23-00002\nArr\u00eat\u00e9 n\u00b0589 du 23 avril 2025 portant\nd\u00e9signation des membres du comit\u00e9 social\nd'administration de la Pr\u00e9fecture de C\u00f4te d'Or\nPr\u00e9fecture de la C\u00f4te-d'Or - 21-2025-04-23-00002 - Arr\u00eat\u00e9 n\u00b0589 du 23 avril 2025 portant d\u00e9signation des membres du comit\u00e9 social\nd'administration de la Pr\u00e9fecture de C\u00f4te d'Or 59\nPREFET Secr\u00e9tariat G\u00e9n\u00e9ral CommunDE LACOTE-D'OR D\u00e9partement de la C\u00f4te-d'OrLibert\u00e9\u00c9galit\u00e9Fraternit\u00e9\nArr\u00eat\u00e9 pr\u00e9fectoral n\u00b0589 du 23 avril 2025Abrogeant et rempla\u00e7ant l'arr\u00eat\u00e9 n\u00b0442 du 27 f\u00e9vrier 2024 portant d\u00e9signation des membresdu comit\u00e9 social d'administration de proximit\u00e9 de la Pr\u00e9fecture de la C\u00f4te-d'Oret de sa formation sp\u00e9cialis\u00e9eLe Pr\u00e9fet de la r\u00e9gion Bourgogne-Franche-Comt\u00e9, Pr\u00e9fet de la C\u00f4te-d'Or,Monsieur Paul MOURIER,VU le code g\u00e9n\u00e9ral de la fonction publique,VU le d\u00e9cret n\u00b0 2020-1427 du 20 novembre 2020 relatifs aux comit\u00e9s sociaux d'administration dans lesadministrations et les \u00e9tablissements publics de l'Etat,VU l'arr\u00eat\u00e9 du 3 juin 2022 instituant des comit\u00e9s sociaux d'administration au sein du minist\u00e8re del'int\u00e9rieur et des outre-mer,VU arr\u00eat\u00e9 du 6 octobre 2022 relatif aux modalit\u00e9s d'organisation du vote \u00e9lectronique par internet pourl'\u00e9lection des repr\u00e9sentants du personnel au sein des instances de repr\u00e9sentation du minist\u00e8re del'int\u00e9rieur et des outre-mer,VU le proc\u00e8s-verbal de d\u00e9pouillement et de proclamation des r\u00e9sultats du 8 d\u00e9cembre 2022,Vu le d\u00e9cret du 10 octobre 2024 portant nomination du Pr\u00e9fet de la r\u00e9gion Bourgogne-Franche-Comt\u00e9,Pr\u00e9fet de C\u00f4te-d'Or, monsieur Paul MOURIER,VU le d\u00e9cret du 14 novembre 2024 portant nomination du Secr\u00e9taire G\u00e9n\u00e9ral de la pr\u00e9fecture de la C\u00f4te-d'Or, sous-pr\u00e9fet de Dijon, Monsieur Denis BRUEL,Sur proposition du Secr\u00e9taire G\u00e9n\u00e9ral,Arr\u00eateArticle 1er :L'arr\u00e9t\u00e9 n\u00b0442 du 27 f\u00e9vrier 2024 portant d\u00e9signation des membres du comit\u00e9 social d'administration deproximit\u00e9 de la Pr\u00e9fecture de la C\u00f4te-d'Or et de sa formation sp\u00e9cialis\u00e9e est abrog\u00e9. Il est remplac\u00e9 parle pr\u00e9sent arr\u00eat\u00e9.\n \n \n \n \n \n \n \n \n \n \n \n \n \n \n \n \n  \n \n \nPr\u00e9fecture de la C\u00f4te-d'Or - 21-2025-04-23-00002 - Arr\u00eat\u00e9 n\u00b0589 du 23 avril 2025 portant d\u00e9signation des membres du comit\u00e9 social\nd'administration de la Pr\u00e9fecture de C\u00f4te d'Or 60\nArticle 2 :Le comit\u00e9 social d'administration de proximit\u00e9 de la pr\u00e9fecture de la C\u00f4te-d'Or est compos\u00e9 commesuit :a) 2 Repr\u00e9sentants de l'administration :Monsieur Paul MOURIER, Pr\u00e9fet de la r\u00e9gion Bourgogne Franche-Comt\u00e9, Pr\u00e9fet de la C\u00f4te-d'OrMonsieur Denis BRUEL, Secr\u00e9taire G\u00e9n\u00e9ral de la pr\u00e9fecture de la C\u00f4te-d'Or, Sous-Pr\u00e9fet del'arrondissement de Dijonb) 12 repr\u00e9sentants du personnel : 6 membres titulaires et 6 membres suppl\u00e9ants.Le pr\u00e9sident est assist\u00e9, en tant que besoin, par les membres de l'administration exer\u00e7ant des fonctionsde responsabilit\u00e9 et concern\u00e9s par des questions soumises \u00e0 l'avis du comit\u00e9.Article 3 :Sont d\u00e9sign\u00e9s en qualit\u00e9 de repr\u00e9sentants du personnel au sein du comit\u00e9 social d'administrationsusmentionn\u00e9 :TITULAIRES SUPPL\u00c9ANTSAu titre de FOJORIS Marie-Christine PESSAUD LoicPARISOT V\u00e9ronique MOREL ChantalGAUTHEY S\u00e9bastien JOBARD Jean-LucFONTENILLE Agn\u00e8s CURIE IsabelleAu titre de CFDTVALENTIN Catherine | B\u0152UF B\u00e9n\u00e9dicteAu titre de ALLIANCE POLICE NATIONALE / SAPACMI / SNIPAT / UATS-UNSABRULE Thierry VAN-VAECK L\u00e6titiaArticle 4 :Sont d\u00e9sign\u00e9s en qualit\u00e9 de repr\u00e9sentants du personnel au sein de la formation sp\u00e9cialis\u00e9e en mati\u00e8rede sant\u00e9, de s\u00e9curit\u00e9 et de conditions de travail du comit\u00e9 social d'administration minist\u00e9riel unique :TITULAIRES SUPPL\u00c9ANTSAu titre de FOJORIS Marie-Christine COLIN J\u00e9r\u00f4mePARISOT V\u00e9ronique PERNIN Cl\u00e9mencePESSAUD Loic MANELLI C\u00e9lineCURIE Isabelle JOBARD Jean-LucAu titre de CFDTVALENTIN Catherine | BCEUF B\u00e9n\u00e9dicteAu titre de ALLIANCE POLICE NATIONALE / SAPACMI / SNIPAT / UATS-UNSABRULE Thierry VAN-VAECK Leetitia\n \n \n \nPr\u00e9fecture de la C\u00f4te-d'Or - 21-2025-04-23-00002 - Arr\u00eat\u00e9 n\u00b0589 du 23 avril 2025 portant d\u00e9signation des membres du comit\u00e9 social\nd'administration de la Pr\u00e9fecture de C\u00f4te d'Or 61\nArticle 5 :Le mandat des membres du comit\u00e9 social d'administration susvis\u00e9 entre en vigueur \u00e0 compter du 23avril 2025.Article 6 :Le Pr\u00e9fet de la r\u00e9gion Bourgogne-Franche-Comt\u00e9, Pr\u00e9fet de la C\u00f4te-d'Or, est charg\u00e9 de l'ex\u00e9cution dupr\u00e9sent arr\u00eat\u00e9.\nFait \u00e0 Dijon, le 23 avril 2025Le Pr\u00e9fet de la r\u00e9gion Bourgogne-Franche-Comt\u00e9Pr\u00e9fet de la C\u00f4te-d'OrSign\u00e9Paul MOURIER\n \n \n \n \n \n \nPr\u00e9fecture de la C\u00f4te-d'Or - 21-2025-04-23-00002 - Arr\u00eat\u00e9 n\u00b0589 du 23 avril 2025 portant d\u00e9signation des membres du comit\u00e9 social\nd'administration de la Pr\u00e9fecture de C\u00f4te d'Or 62\nService p\u00e9nitentiaire d'insertion et de probation\nde la C\u00f4te-d'Or\n21-2025-04-17-00009\nArr\u00eat\u00e9 du 17 avril 2025 portant nomination des\nmembres au comit\u00e9 social d'administration du\nService P\u00e9nitentiaire d'Insertion et de probation\n(SPIP) de la C\u00f4te d'Or\nService p\u00e9nitentiaire d'insertion et de probation de la C\u00f4te-d'Or - 21-2025-04-17-00009 - Arr\u00eat\u00e9 du 17 avril 2025 portant nomination\ndes membres au comit\u00e9 social d'administration du Service P\u00e9nitentiaire d'Insertion et de probation (SPIP) de la C\u00f4te d'Or 63\nREPUBLIQUE FRANCAISEMinist\u00e8re de la justice\nArr\u00eat\u00e9 du 17 avril 2025portant nomination des membres au comit\u00e9 social d'administration duService P\u00e9nitentiaire d'Insertion et de Probation (SPIP) de la C\u00f4te d'Or\nLe chef d'\u00e9tablissement,Vu le code g\u00e9n\u00e9ral de la fonction publique ;Vu le d\u00e9cret n\u00b0 2020-1427 du 20 novembre 2020 modifi\u00e9 relatif auxcomit\u00e9s sociaux d'administration dans les administrations et les\u00e9tablissements publics de l'Etat ;Vu l'arr\u00eat\u00e9 du 25 avril 2022 modifi\u00e9 portant cr\u00e9ation des comit\u00e9s sociauxd'administration relevant du minist\u00e8re de la justice;Vu l'arr\u00eat\u00e9 du 20 juin 2022 relatif au mode de d\u00e9signation desrepr\u00e9sentants du personnel aux instances de dialogue social relevant duminist\u00e8re de la justice ;Vu l'arr\u00e9t\u00e9 du 16 d\u00e9cembre 2022 fixant la liste des organisationssyndicales habilit\u00e9es \u00e0 d\u00e9signer des repr\u00e9sentants du personnel au seindes comit\u00e9s sociaux d'administration sp\u00e9ciaux institu\u00e9s dans les\u00e9tablissements et services du ressort de la direction interr\u00e9gionale desservices p\u00e9nitentiaires de Dijon et le nombre de si\u00e8ges attribu\u00e9 \u00e0chacune d'elles,Arr\u00eate :Article 1*Sont nomm\u00e9s repr\u00e9sentants du personnel au comit\u00e9 social d'administration duSPIP de la C\u00f4te d'Or les personnes suivantes :ORGANISATIONSMEMBRE(S) TITULAIRE MEMBRE P \u0178SYNDICALES (S) TITU (S) (S) SUPPLEANT(S)SNEPAP - FSU Mme Virginie BONNEVIE Mme Nathalie HUE\nService p\u00e9nitentiaire d'insertion et de probation de la C\u00f4te-d'Or - 21-2025-04-17-00009 - Arr\u00eat\u00e9 du 17 avril 2025 portant nomination\ndes membres au comit\u00e9 social d'administration du Service P\u00e9nitentiaire d'Insertion et de probation (SPIP) de la C\u00f4te d'Or 64\nSNEPAP- FSU Mme Sandrine PETIOT Claire CHAPLOTTECGT-IP Mme Jennifer BOUVIER\nArticle 2Les membres titulaires et suppl\u00e9ants sont nomm\u00e9s pour un mandat de quatreans.\nArticle 3Le chef d'\u00e9tablissement du SPIP de la C\u00f4te d'Or est charg\u00e9 de l'application dupr\u00e9sent arr\u00eat\u00e9, qui sera publi\u00e9 au recueil des actes administratifs de lapr\u00e9fecture de la C\u00f4te d'Or\nFait le 17 avril 2025Le chef d'\u00e9tablissement,\nAnne LEROY\nService p\u00e9nitentiaire d'insertion et de probation de la C\u00f4te-d'Or - 21-2025-04-17-00009 - Arr\u00eat\u00e9 du 17 avril 2025 portant nomination\ndes membres au comit\u00e9 social d'administration du Service P\u00e9nitentiaire d'Insertion et de probation (SPIP) de la C\u00f4te d'Or 65","date":"2025-04-25","first_seen_on":"2025-09-14T03:05:45+00:00","id":"e28b1682b312ab78cffa126862e26d6217277672b1d281e99a8cc910df942960","name":"RAA n\u00b0 058 du 25 avril 2025","pdf_creation_date":"2025-04-25T13:04:51+00:00","pdf_modification_date":null,"timezone":"Europe/Paris","url":"https://www.cote-dor.gouv.fr/contenu/telechargement/23215/177147/file/recueil-21-2025-058-recueil-des-actes-administratifs-special.pdf"}
