{"administration":"pref21","administration_name":"Pr\u00e9fecture de C\u00f4te-d\u2019Or","content":"PR\u00c9FET\nDE LA C\u00d4TE-D'OR\nRECUEIL DES ACTES\nADMINISTRATIFS SP\u00c9CIAL\nN\u00b021-2024-167\nPUBLI\u00c9 LE 29 NOVEMBRE 2024\nSommaire\nARS Bourgogne-Franche-Comt\u00e9 / Direction de l'organisation des soins\n21-2024-11-28-00002 - D\u00e9cision n\u00b0 ARS-BFC-DOSA-2024-2505\nportant\nautorisation de la pharmacie \u00e0 usage int\u00e9rieur de l'\u00e9tablissement\nde soins m\u00e9dicaux et de r\u00e9adaptation \u00ab Jouvence r\u00e9adaptation \u00bb,\nexploit\u00e9 par la S.A.S. \u00ab Maison de Jouvence \u00bb, sis 20 rue des Alisiers \u00e0\nMESSIGNY-ET-VANTOUX (21 380)\n (2 pages) Page 5\nDirection d\u00e9partementale de la protection des populations de la\nC\u00f4te-d'Or / Service Sant\u00e9 et Protections animales, Protection de\nl'Environnement\n21-2024-11-22-00006 - Arr\u00eat\u00e9 pr\u00e9fectoral N\u00b01789/2024 en date du 22\nnovembre 2024 attribuant l habilitation sanitaire \u00e0 ZAHARIEV Iliyan\nZhivkov (2 pages) Page 8\n21-2024-11-22-00005 - Arr\u00eat\u00e9 pr\u00e9fectoral N\u00b01791/2024 en date du 22\nnovembre 2024 attribuant lhabilitation sanitaire \u00e0 Guillaume Blondeau (2\npages) Page 11\n21-2024-11-29-00002 - Arr\u00eat\u00e9 pr\u00e9fectoral N\u00b01818/2024 en date du 29\nnovembre 2024 attribuant l'habilitation sanitaire \u00e0 Clarisse DECLUME\n(3 pages) Page 14\nDirection d\u00e9partementale des territoires de la C\u00f4te-d'Or /\n21-2024-11-28-00001 - Arr\u00eat\u00e9 n\u00b01813 du 28/11/2024 portant\nd\u00e9l\u00e9gation de signature \u00e0 Madame Marie-Guise Dufay, Pr\u00e9sidente\ndu conseil r\u00e9gional de Bourgogne-Franche-Comt\u00e9 (3 pages) Page 18\nDirection d\u00e9partementale des territoires de la C\u00f4te-d'Or / Service\nPr\u00e9servation et Am\u00e9nagement de l'Espace (SPAE)\n21-2024-11-19-00004 - Arr\u00eat\u00e9 pr\u00e9fectoral du 19 novembre\n2024\nportant nomination des membres de la commission\nd\u00e9partementale de la nature, des paysages et des sites et de ses\nformations sp\u00e9cialis\u00e9es (8 pages) Page 22\n21-2024-11-13-00002 - Commission d\u00e9partementale de la chasse et de la\nfaune sauvage\nFormation sp\u00e9cialis\u00e9e relative \u00e0 l'indemnisation des\nd\u00e9g\u00e2ts de gibier\naux cultures et r\u00e9coltes agricoles\nRelev\u00e9 de\nd\u00e9cision de la session du 13 novembre 2024\nFixation des bar\u00e8mes\nd\u00e9partementaux \u00ab c\u00e9r\u00e9ales \u00e0 paille, ol\u00e9agineux, prot\u00e9agineux\n\u00bb (2 pages) Page 31\nDirection d\u00e9partementale des territoires de la C\u00f4te-d'Or / Service\nS\u00e9curit\u00e9 et Education Routi\u00e8re\n21-2024-11-22-00004 - Arr\u00eat\u00e9 N\u00b01787 portant lev\u00e9e de\nl'interdiction de circulation aux poids lourds de plus de 7,5 tonnes sur\nl'autoroute A36 dans le sens Beaune-Besan\u00e7on entre l'\u00e9changeur\nA36/A39 et la limite avec le d\u00e9partement du Jura (2 pages) Page 34\n2\nDRAAF Bourgogne-Franche-Comt\u00e9 / Service r\u00e9gional de la for\u00eat et du\nbois\n21-2024-11-26-00002 - Arr\u00eat\u00e9 portant approbation de l'am\u00e9nagement\nde la for\u00eat communale d' \u00c9chevannes pour la p\u00e9riode 2025-2044  (4\npages) Page 37\n21-2024-11-26-00001 - Arr\u00eat\u00e9 portant approbation de l'am\u00e9nagement\nde la for\u00eat communale de Bremur-Et-Vaurois pour la p\u00e9riode 2024-2043\navec application du 2\u00b0 de l'article L 122-7 du code forestier (4 pages) Page 42\n21-2024-11-26-00003 - Arr\u00eat\u00e9 portant approbation de l'am\u00e9nagement\nde la for\u00eat communale de F\u00e9nay pour la p\u00e9riode 2024-2043  (4 pages) Page 47\nDRFiP Bourgogne Franche-Comt\u00e9 /\n21-2024-12-01-00001 - DRFIP 21 - D\u00e9l\u00e9gation de signature tr\u00e9sorerie\nSPL d\u00e9c 2024 (3 pages) Page 52\n21-2024-11-22-00003 - Mise \u00e0 jour des param\u00e8tres d\u00e9partementaux\nd'\u00e9valuation des locaux professionnels pour les impositions 2025 (2\npages) Page 56\nPr\u00e9fecture de la C\u00f4te-d'Or / Direction de la coordination, des politiques\npubliques et de l'appui territorial\n21-2024-11-19-00006 - Arr\u00eat\u00e9 pr\u00e9fectoral n\u00b01769 du 19 novembre\n2024 portant habilitation de la soci\u00e9t\u00e9 AID OBSERVATOIRE en\napplication de l'article R.752-6-3 du code du commerce pour la\nr\u00e9alisation de l'analyse d'impact des projets d'am\u00e9nagement\ncommercial (2 pages) Page 59\n21-2024-11-19-00005 - Arr\u00eat\u00e9 pr\u00e9fectoral n\u00b01770 du 19 novembre\n2024 portant habilitation de la soci\u00e9t\u00e9 QUADRIVIUM en application de\nl'article R.752-6-3 du code du commerce pour la r\u00e9alisation de l'analyse\nd'impact des projets d'am\u00e9nagement commercial (2 pages) Page 62\n21-2024-11-20-00003 - d\u00e9l\u00e9gation de signature \u00e0 Madame la rectrice\nde r\u00e9gion acad\u00e9mique, rectrice de l'acad\u00e9mie de Besan\u00e7on au\ntitre des comp\u00e9tences relevant du champ de la jeunesse et des sports\nmises en oeuvre par la direction des services d\u00e9partementaux de\nl'\u00c9ducation nationale de la C\u00f4te-d'Or - Service\nd\u00e9partemental jeunesse, engagement et sports (4 pages) Page 65\nPr\u00e9fecture de la C\u00f4te-d'Or / Direction des Collectivit\u00e9s locales et des\nElections\n21-2024-11-29-00001 - Arr\u00eat\u00e9 pr\u00e9fectoral modifiant l'arr\u00eat\u00e9\npr\u00e9fectoral portant renouvellement de la commission des T3P (3 pages) Page 70\nSous-pr\u00e9fecture de Beaune /\n21-2024-11-27-00002 - Arr\u00eat\u00e9 N\u00b0 1808 modifiant l'habilitation dans le\ndomaine fun\u00e9raire de la soci\u00e9t\u00e9 FUNECAP EST,\nenseigne\ncommerciale \u00ab\u00a0ROC-ECLERC\u00a0\u00bb \u00e0 Nuits-Saint-Georges (2 pages) Page 74\n3\n21-2024-11-27-00001 - Arr\u00eat\u00e9 N\u00b0 1809 modifiant l'habilitation dans le\ndomaine fun\u00e9raire  de la soci\u00e9t\u00e9 FUNECAP EST,\nenseigne\ncommerciale \u00ab\u00a0Pompes fun\u00e8bres marbrerie ROC-ECLERC\u00a0\u00bb \u00e0\nBeaune (2 pages) Page 77\nSous-pr\u00e9fecture de Montbard / Manifestations sportives\n21-2024-11-26-00004 - AP autorisant des bapt\u00eames de voitures de rallye au\nprofit du T\u00e9l\u00e9thon\n\u00e0 Flavigny-sur-Ozerain le samedi 30 novembre\n2024 (3 pages) Page 80\n4\nARS Bourgogne-Franche-Comt\u00e9\nDirection de l'organisation des soins\n21-2024-11-28-00002\nD\u00e9cision n\u00b0 ARS-BFC-DOSA-2024-2505\nportant autorisation de la pharmacie \u00e0 usage\nint\u00e9rieur de l'\u00e9tablissement de soins m\u00e9dicaux et\nde r\u00e9adaptation \u00ab Jouvence r\u00e9adaptation \u00bb,\nexploit\u00e9 par la S.A.S. \u00ab Maison de Jouvence \u00bb, sis\n20 rue des Alisiers \u00e0 MESSIGNY-ET-VANTOUX (21\n380)\nARS Bourgogne-Franche-Comt\u00e9 - 21-2024-11-28-00002 - D\u00e9cision n\u00b0 ARS-BFC-DOSA-2024-2505\nportant autorisation de la pharmacie \u00e0 usage int\u00e9rieur de l'\u00e9tablissement de soins m\u00e9dicaux et de r\u00e9adaptation \u00ab Jouvence\nr\u00e9adaptation \u00bb, exploit\u00e9 par la S.A.S. \u00ab Maison de Jouvence \u00bb, sis 20 rue des Alisiers \u00e0 MESSIGNY-ET-VANTOUX (21 380)\n5\nREPUBLIQUEFRAN\u00c7AISEL'iberte'Egalit\u00e9Fraternit\u00e9\nAl@ D Agence R\u00e9gionale de Sant\u00e9Bourgogne-Franche-Comt\u00e9\n  \n \nARS Bourgogne-Franche-Comt\u00e9 \nLe Diapason, 2 Place des Savoirs, CS 73535, 21035 Dijon cedex \nT\u00e9l. : 0808 807 107 - Site : www.ars.bourgogne-franche-comte.sante.fr \n \n \n \nD\u00e9cision n\u00b0 ARS-BFC-DOSA-2024-2505 \nportant autorisation de la pharmacie \u00e0 usage int\u00e9rieur d e l '\u00e9tablissement de soins  m\u00e9dicaux et de \nr\u00e9adaptation \u00ab Jouvence r\u00e9adaptation \u00bb, exploit\u00e9 par l a S.A.S. \u00ab Maison de Jouvence \u00bb, sis 20 rue des \nAlisiers \u00e0 MESSIGNY-ET-VANTOUX (21 380) \n \nLe directeur g\u00e9n\u00e9ral de l'agence  \nr\u00e9gionale de sant\u00e9 de Bourgogne-Franche-Comt\u00e9 \n \nVU le code de la sant\u00e9 publique, notamment le chapitre VI du titre II du livre 1er de sa cinqui\u00e8me partie ; \n \nVU le d\u00e9cret n\u00b0 2019 -489 du 21 mai 2019 relatif aux pharmacies \u00e0 usage int\u00e9rieur et notamment le II de son \narticle 4 modifi\u00e9 par le d\u00e9cret n\u00b0 2022-18 du 7 janvier 2022 ; \n \nVU l'arr\u00eat\u00e9 minist\u00e9riel du 22 juin 2001 relatif aux bonnes pratiques de pharmacie hospitali\u00e8re  ; \n \nVU la note d'information DGOS/PF2/2019/205 du 19 septembre 2019 relative \u00e0 la mise en \u0153uvre des dispositions \ntransitoires pr\u00e9vues \u00e0 l'article 4 du d\u00e9cret n\u00b02019-489 du 21 mai 2019 relatif aux pharmacies \u00e0 usage int\u00e9rieur ; \n \nVU la d\u00e9cision ARS BFC/SG/2024-067 portant d\u00e9l\u00e9gation de signature du directeur g\u00e9n\u00e9ral de l'agence r\u00e9gionale \nde sant\u00e9 de Bourgogne-Franche-Comt\u00e9 en date du 12 novembre 2024 ; \n \nVU la demande d\u00e9pos\u00e9e le 08 octobre 2024 via la plate -forme demarches-simplifiee.fr, par Monsieur Bertrand \nPERRIN, p r\u00e9sident directeur g\u00e9n\u00e9ral  de la soci\u00e9t\u00e9 par actions simplifi\u00e9e \u00ab  Maison de Jouvence  \u00bb, exploitant  \nl'\u00e9tablissement de soins m\u00e9dicaux et de r\u00e9adaptation \u00ab Jouvence r\u00e9adaptation \u00bb , sis 20 rue des Alisiers \u00e0 \nMESSIGNY-ET-VANTOUX (21 380) , visant \u00e0 obtenir du directeur g\u00e9n\u00e9ral de l'agence r\u00e9gionale de sant\u00e9 de \nBourgogne-Franche-Comt\u00e9 le renouvellement de l'autorisation de la pharmacie \u00e0 usage int\u00e9rieur de \nl'\u00e9tablissement. Cette demande s'inscrit dans le cadre du I de l'article L.5126-4 du code de la sant\u00e9 publique  et \ndes dispositions du II de l'article 4 du d\u00e9cret n\u00b0 2019-489 du 21 mai 2019 modifi\u00e9 susvis\u00e9 ; \n \nVU le dossier accompagnant la demande pr\u00e9cit\u00e9e, d\u00e9clar\u00e9 complet le 08 octobre 2024. \n \nConsid\u00e9rant que le dossier transmis \u00e0 l'appui de la pr\u00e9sente demande est identique \u00e0 celui sur la base duquel \nl'autorisation en cours du 27 octobre 2016 a \u00e9t\u00e9 d\u00e9livr\u00e9e et qu'aucune modification substantielle, au sens du I de \nl'article R.5126-32 du code de la sant\u00e9 publique, n'est intervenue ; \n \nConsid\u00e9rant ainsi que la proc\u00e9dure de d\u00e9claration pr\u00e9alable pr\u00e9vue au I de l'article R5126 -32 s'applique, sans \nrecueil de l'avis du conseil central de la section H de l'ordre national des pharmaciens  ; \n \nConsid\u00e9rant que conform\u00e9ment aux dispositions de l'article R. 5126-8 du code de la sant\u00e9 publique, la pharmacie \n\u00e0 usage int\u00e9rieur de l'\u00e9tablissement de soins m\u00e9dicaux et de r\u00e9adaptation \u00ab Jouvence r\u00e9adaptation \u00bb dispose de \nlocaux, de moyens en personnel, de moyens en \u00e9quipement et d'un syst\u00e8me d'information lui permettant d'assurer \nles missions vis\u00e9es au I de l'article L. 5126-1 du m\u00eame code. \n \nDECIDE  \n \nArticle 1er : La pharmacie \u00e0 usage int\u00e9rieur de l'\u00e9tablissement de soins m\u00e9dicaux et de r\u00e9adaptation \u00ab Jouvence \nr\u00e9adaptation \u00bb, sis 20 rue des Alisiers \u00e0 MESSIGNY-ET-VANTOUX (21 380), est autoris\u00e9e \u00e0 assurer les missions \nsuivantes en application du I de l'article L. 5126-1 du code de la sant\u00e9 publique : \n \n- Assurer l a gestion, l'approvisionnement, la v\u00e9rification des dispositifs de s\u00e9curit\u00e9, la pr\u00e9paration, le \ncontr\u00f4le, la d\u00e9tention, l'\u00e9valuation et la dispensation des m\u00e9dicaments, produits ou objets mentionn\u00e9s \u00e0 \nl'article L. 4211-1, des dispositifs mentionn\u00e9s \u00e0 l'article premier du r\u00e8glement (UE) 2017/745 du Parlement \neurop\u00e9en et du Conseil du 5 avril 2017 st\u00e9riles et des m\u00e9dicaments exp\u00e9rimentaux ou auxiliaires d\u00e9finis \n\u00e0 l'article L. 5121-1-1, et d'en assurer la qualit\u00e9 ; \nARS Bourgogne-Franche-Comt\u00e9 - 21-2024-11-28-00002 - D\u00e9cision n\u00b0 ARS-BFC-DOSA-2024-2505\nportant autorisation de la pharmacie \u00e0 usage int\u00e9rieur de l'\u00e9tablissement de soins m\u00e9dicaux et de r\u00e9adaptation \u00ab Jouvence\nr\u00e9adaptation \u00bb, exploit\u00e9 par la S.A.S. \u00ab Maison de Jouvence \u00bb, sis 20 rue des Alisiers \u00e0 MESSIGNY-ET-VANTOUX (21 380)\n6\n5'\\9\"'e\n \nARS Bourgogne-Franche-Comt\u00e9 \nLe Diapason, 2 Place des Savoirs, CS 73535, 21035 Dijon cedex \nT\u00e9l. : 0808 807 107 - Site : www.ars.bourgogne-franche-comte.sante.fr \n \n \n- Mener toute action de pharmacie clinique, \u00e0 savoir de contribuer \u00e0 la s\u00e9curisation, \u00e0 la pertinence et \u00e0 \nl'efficience du recours aux produits de sant\u00e9 mentionn\u00e9s au 1\u00b0 et de concourir \u00e0 la qualit\u00e9 des soins, en \ncollaboration avec les autres membres de l'\u00e9quipe de soins mentionn\u00e9e \u00e0 l'article L. 1110 -12, et en y \nassociant le patient ; \n \n- Entreprendre toute action d'information aux patients et aux professionnels de sant\u00e9 sur les produits de \nsant\u00e9 mentionn\u00e9s au 1\u00b0, ainsi que toute action de promotion et d'\u00e9valuation de leur bon usage, et de \nconcourir \u00e0 la pharmacovigilance, \u00e0 la mat\u00e9riovigilance, et \u00e0 la politique du m\u00e9dicament et des dispositifs \nmentionn\u00e9s \u00e0 l'article premier du r\u00e8glement (UE) 2017/745 du Parlement europ\u00e9en et du Conseil du 5 \navril 2017 st\u00e9riles mentionn\u00e9e \u00e0 l'article L. 6111-2. \n \nArticle 2 : La pharmacie \u00e0 usage int\u00e9rieur du l'\u00e9tablissement de soins m\u00e9dicaux et de r\u00e9adaptation  \u00ab Jouvence \nr\u00e9adaptation \u00bb est autoris\u00e9e \u00e0 assurer les actions de pharmacie clinique pr\u00e9vues par l'article R. 5126 -10 du code \nde la sant\u00e9 publique. \n \nArticle 3 : La pharmacie \u00e0 usage int\u00e9rieur d e l'\u00e9tablissement de soins m\u00e9dicaux et de r\u00e9adaptation  \u00ab Jouvence \nr\u00e9adaptation \u00bb est situ\u00e9e  dans les locaux de la structure Maison de Jouvence, au niveau -1 du b\u00e2timent , elle \ndessert l'ensemble des lits de l'\u00e9tablissement.  \n \nArticle 4 : La d\u00e9cision du directeur g\u00e9n\u00e9ral de l'agence r\u00e9gionale de sant\u00e9 de Bourgogne -Franche-Comt\u00e9 n\u00b0 \nDOS/ASPU/166/2016, en date du 27 octobre 2016, portant cr\u00e9ation de la pharmacie \u00e0 usage int\u00e9rieur de la soci\u00e9t\u00e9 \nanonyme (SA) \"Maison de Jouvence\" sise 20 rue des Alisiers \u00e0 MESSIGNY-ET-VANTOUX (21 380), est abrog\u00e9e. \n \nArticle 5 : Le temps de pr\u00e9sence du pharmacien charg\u00e9 de la g\u00e9rance de la pharmacie \u00e0 usage int\u00e9rieur de \nl'\u00e9tablissement de soins m\u00e9dicaux et de r\u00e9adaptation  \u00ab Jouvence r\u00e9adaptation \u00bb est de dix demi-journ\u00e9es par \nsemaine. \n \nArticle 6 : A l'exception des modifications substantielles mentionn\u00e9es au II de l'article R. 5126 -32 du code de la \nsant\u00e9 publique, qui font l'objet d'une nouvelle autorisation, la modification des \u00e9l\u00e9ments figurant dans l'autorisation \nfait l'objet d'une d\u00e9claration pr\u00e9alable dans les conditions pr\u00e9vues au I de l'article R. 5126-32 du m\u00eame code. \n \nArticle 7 : La pr\u00e9sente d\u00e9cision peut faire l'objet d'un recours gracieux aupr\u00e8s du directeur g\u00e9n\u00e9ral de l'agence \nr\u00e9gionale de sant\u00e9 de Bourgogne -Franche-Comt\u00e9, d'un recours hi\u00e9rarchique aupr\u00e8s du ministre en charge de la \nSant\u00e9 ou d'un recours contentieux aupr\u00e8s du tribunal administratif comp\u00e9tent d ans un d\u00e9lai de deux mois \u00e0 \ncompter de sa notification au demandeur.  \nA l'\u00e9gard des tiers, ce d\u00e9lai court \u00e0 compter de la publication aux recueils des actes administratifs de la pr\u00e9fecture \nde la r\u00e9gion Bourgogne -Franche-Comt\u00e9 et de la pr\u00e9fecture du d\u00e9partement d e l a C\u00f4te d'Or . Le tribunal \nadministratif peut \u00eatre saisi par l'application T\u00e9l\u00e9recours citoyens accessible par le site www.telerecours.fr.  \n         \nArticle 8 : La directrice de l'organisation des soins et de l'autonomie de l'ARS de Bourgogne-Franche-Comt\u00e9 est \ncharg\u00e9e de l'ex\u00e9cution de la pr\u00e9sente d\u00e9cision qui sera publi\u00e9e au recueil des actes administratifs de la pr\u00e9fecture \nde la r\u00e9gion Bourgogne-Franche-Comt\u00e9 et au recueil des actes administratifs de la pr\u00e9fecture du d\u00e9partement de \nla C\u00f4te d'Or. Elle sera notifi\u00e9e \u00e0 Monsieur Bertrand PERRIN, pr\u00e9sident directeur g\u00e9n\u00e9ral de la soci\u00e9t\u00e9 par actions \nsimplifi\u00e9e \u00ab Maison de Jouvence \u00bb, exploitant l'\u00e9tablissement de soins m\u00e9dicaux et de r\u00e9adaptation \u00ab Jouvence \nr\u00e9adaptation \u00bb, et une copie sera adress\u00e9e : \n \n- au pr\u00e9sident du conseil central de la Section H de l'Ordre des pharmaciens ;  \n- aux caisses d'assurance-maladie du r\u00e9gime g\u00e9n\u00e9ral et de la mutualit\u00e9 sociale agricole. \n \n   Fait \u00e0 DIJON, le 28 novembre 2024  \n \nPour le directeur g\u00e9n\u00e9ral, \nLa directrice de l'organisation des soins et de l'autonomie, \n \n \n \n \n \n \n \nAnne-Laure MOSER-MOULAA \nARS Bourgogne-Franche-Comt\u00e9 - 21-2024-11-28-00002 - D\u00e9cision n\u00b0 ARS-BFC-DOSA-2024-2505\nportant autorisation de la pharmacie \u00e0 usage int\u00e9rieur de l'\u00e9tablissement de soins m\u00e9dicaux et de r\u00e9adaptation \u00ab Jouvence\nr\u00e9adaptation \u00bb, exploit\u00e9 par la S.A.S. \u00ab Maison de Jouvence \u00bb, sis 20 rue des Alisiers \u00e0 MESSIGNY-ET-VANTOUX (21 380)\n7\nDirection d\u00e9partementale de la protection des\npopulations de la C\u00f4te-d'Or\nService Sant\u00e9 et Protections animales, Protection\nde l'Environnement\n21-2024-11-22-00006\nArr\u00eat\u00e9 pr\u00e9fectoral N\u00b01789/2024 en date du 22\nnovembre 2024 attribuant l habilitation sanitaire\n\u00e0 ZAHARIEV Iliyan Zhivkov\nDirection d\u00e9partementale de la protection des populations de la C\u00f4te-d'Or - 21-2024-11-22-00006 - Arr\u00eat\u00e9 pr\u00e9fectoral N\u00b01789/2024 en\ndate du 22 novembre 2024 attribuant l habilitation sanitaire \u00e0 ZAHARIEV Iliyan Zhivkov 8\nExPREFETDE LACOTE-D'ORLiberteEgalit\u00e9Fraternit\u00e9\nDirection D\u00e9partementale\nde la Protection des Populations\nService Sant\u00e9 et Protection Animales\nProtection de l'Environnement\nAffaire suivie par : Val\u00e9rie LABUSSIERE\nT\u00e9l. : 03 80 29 44 53\nM\u00e9l : ddpp-spa@cote-dor.gouv.fr\nArr\u00eat\u00e9 pr\u00e9fectoral N\u00b01789/2024 en date du 22 novembre 2024\nAttribuant l'habilitation sanitaire \u00e0 ZAHARIEV Iliyan Zhivkov\nPr\u00e9fet de la C\u00f4te-d'Or\nVu  le Code Rural et de la p\u00eache maritime et notamment ses articles L.203-1 \u00e0 L.203-7,\nL.223-6, R.203-1 \u00e0 R.203-15 et R.242-33.\nVu  le d\u00e9cret n\u00b080-516 du 4 juillet 1980, modifi\u00e9 par le d\u00e9cret n\u00b090-1033 du 19 novembre\n1990 et par le d\u00e9cret 2003-768 du 1 er ao\u00fbt 2003, relatif \u00e0 l'ex\u00e9cution des mesures de\nprophylaxie collective des maladies des animaux ;\nVu  le  d\u00e9cret  n\u00b02004-374  du  29  avril  2004  modifi\u00e9,  relatif  aux  pouvoirs  des  pr\u00e9fets,  \u00e0\nl'organisation  et  \u00e0  l'action  des  services  de  l'\u00c9tat  dans  les  r\u00e9gions  et  d\u00e9partements\nnotamment son article 43 ;\nVu  le d\u00e9cret du 10 octobre 2024 nommant M. MOURIER Paul, pr\u00e9fet de la Cote d' Or ;\nVu l'arr\u00eat\u00e9  pr\u00e9fectoral  n\u00b0  16589/SG  du  28/10/2024,  donnant  d\u00e9l\u00e9gation  de  signature  \u00e0\nMonsieur ROOSE Didier ;\nVu l'arr\u00eat\u00e9 pr\u00e9fectoral n\u00b01686/ DDPP du 29/10/2024, donnant subd\u00e9l\u00e9gation de signature ;\nConsid\u00e9rant  que  le  Docteur  V\u00e9t\u00e9rinaire  ZAHARIEV  Iliyan  Zhivkov remplit  les  conditions\npermettant l'attribution de l'habilitation sanitaire ;\nSur proposition de Monsieur le directeur d\u00e9partemental de la protection des populations de\nla C\u00f4te-d'Or ;\nDirection D\u00e9partementale de la Protection des Populations - 57 rue de Mulhouse  -  21 033 DIJON Cedex\nt\u00e9l : 03 80 29 43 53... - Fax : 03 80 29 43 53..... - m\u00e8l : ddpp@cote-dor.gouv.fr\nSite internet : http://www.cote-dor.gouv.fr\npage 1\nDirection d\u00e9partementale de la protection des populations de la C\u00f4te-d'Or - 21-2024-11-22-00006 - Arr\u00eat\u00e9 pr\u00e9fectoral N\u00b01789/2024 en\ndate du 22 novembre 2024 attribuant l habilitation sanitaire \u00e0 ZAHARIEV Iliyan Zhivkov 9\nA R R E T E\nArticle 1er :\nL'habilitation sanitaire pr\u00e9vue \u00e0 l'article L.203-1 du code rural et de la p\u00eache maritime susvis\u00e9\nest attribu\u00e9e pour une dur\u00e9e de 5 ans, \u00e0 compter de la date de signature du pr\u00e9sent arr\u00eat\u00e9,\n\u00e0  ZAHARIEV  Iliyan  Zhivkov ,  Docteur  V\u00e9t\u00e9rinaire,  inscrit  au  Tableau  de  l'Ordre  des\nV\u00e9t\u00e9rinaires  de la r\u00e9gion Bourgogne-Franche-Comt\u00e9,  sous  le n\u00b0 32525,  administrativement\ndomicili\u00e9 au  Cabinet  v\u00e9t\u00e9rinaire  Dudouet  Van  de  Velde,  14 route  d\u00e9partementale  954 -\n21510 AIGNAY LE DUC\nArticle 2 :\nDans la mesure o\u00f9 les conditions requises ont \u00e9t\u00e9 respect\u00e9es, cette habilitation sanitaire est\nrenouvelable  par  p\u00e9riode  de  cinq  ann\u00e9es  tacitement  reconduites  sous  r\u00e9serve  pour  le\nv\u00e9t\u00e9rinaire sanitaire de justifier \u00e0 l'issue de chaque p\u00e9riode de cinq ans, aupr\u00e8s du pr\u00e9fet de\nC\u00f4te d'Or du respect de ses obligations de formation continue pr\u00e9vues \u00e0 l'article R.203-12.\nArticle 3 :\nZAHARIEV Iliyan Zhivkov  s'engage \u00e0 respecter les prescriptions techniques, administratives\net le cas \u00e9ch\u00e9ant financi\u00e8res de mise en \u0153uvre des mesures de pr\u00e9vention, de surveillance\nou  de  lutte  prescrites  par  l'autorit\u00e9  administrative  et  des  op\u00e9rations  de  police sanitaire\nex\u00e9cut\u00e9es en application de l'article L.203-7 du code rural et de la p\u00eache maritime.\nArticle 4 :\nZAHARIEV Iliyan Zhivkov  pourra \u00eatre appel\u00e9 par le pr\u00e9fet de ses d\u00e9partements d'exercice\npour la r\u00e9alisation d'op\u00e9rations de police sanitaire au sein des lieux de d\u00e9tention ou des\n\u00e9tablissements pour lesquels il a \u00e9t\u00e9 d\u00e9sign\u00e9 v\u00e9t\u00e9rinaire sanitaire. Il sera tenu de concourir \u00e0\nces op\u00e9rations en application des dispositions de l'article L.203-7 du code rural et de la\np\u00eache maritime.\nArticle 5 :\nTout  manquement  ou  faute  commis  dans  l'exercice de  la pr\u00e9sente  habilitation  sanitaire\nentra\u00eenera l'application des dispositions pr\u00e9vues aux articles R.203-15, R.228-6 et suivants du\ncode rural et de la p\u00eache maritime.\nArticle 6 :\nLa pr\u00e9sente d\u00e9cision peut faire l'objet d'un recours devant le Tribunal Administratif de Dijon\ndans un d\u00e9lai de deux mois \u00e0 compter de la date de notification, soit par courrier, soit par\nl'application informatique T\u00e9l\u00e9recours accessible sur le site www.telerecours.fr\nArticle 7 : \nMonsieur le directeur d\u00e9partemental de la protection des populations de la C\u00f4te-d'Or est\ncharg\u00e9 de l'ex\u00e9cution du pr\u00e9sent arr\u00eat\u00e9 qui sera publi\u00e9 au recueil des actes administratifs de\nla pr\u00e9fecture de la C\u00f4te-d'Or.\nFait \u00e0 Dijon, le 22 novembre 2024\nL'adjointe \u00e0 la cheffe de service\nSign\u00e9\nAdeline PERRONNEAU \nDirection D\u00e9partementale de la Protection des Populations - 57 rue de Mulhouse  -  21 033 DIJON Cedex\nt\u00e9l : 03 80 29 43 53... - Fax : 03 80 29 43 53..... - m\u00e8l : ddpp@cote-dor.gouv.fr\nSite internet : http://www.cote-dor.gouv.fr\npage 2\nDirection d\u00e9partementale de la protection des populations de la C\u00f4te-d'Or - 21-2024-11-22-00006 - Arr\u00eat\u00e9 pr\u00e9fectoral N\u00b01789/2024 en\ndate du 22 novembre 2024 attribuant l habilitation sanitaire \u00e0 ZAHARIEV Iliyan Zhivkov 10\nDirection d\u00e9partementale de la protection des\npopulations de la C\u00f4te-d'Or\nService Sant\u00e9 et Protections animales, Protection\nde l'Environnement\n21-2024-11-22-00005\nArr\u00eat\u00e9 pr\u00e9fectoral N\u00b01791/2024 en date du 22\nnovembre 2024 attribuant lhabilitation sanitaire\n\u00e0 Guillaume Blondeau\nDirection d\u00e9partementale de la protection des populations de la C\u00f4te-d'Or - 21-2024-11-22-00005 - Arr\u00eat\u00e9 pr\u00e9fectoral N\u00b01791/2024 en\ndate du 22 novembre 2024 attribuant lhabilitation sanitaire \u00e0 Guillaume Blondeau 11\nExPREFETDE LACOTE-D'ORLiberteEgalit\u00e9Fraternit\u00e9\nDirection D\u00e9partementale\nde la Protection des Populations\nService Sant\u00e9 et Protection Animales\nProtection de l'Environnement\nAffaire suivie par :  Val\u00e9rie LABUSSIERE\nT\u00e9l. : 03 80 29 44 53\nM\u00e9l : ddpp-spa@cote-dor.gouv.fr\nArr\u00eat\u00e9 pr\u00e9fectoral N\u00b01791/2024 en date du 22 novembre 2024\nAttribuant l'habilitation sanitaire \u00e0 Guillaume Blondeau\nPr\u00e9fet de la C\u00f4te-d'Or\nVu  le Code Rural et de la p\u00eache maritime et notamment ses articles L.203-1 \u00e0 L.203-7,\nL.223-6, R.203-1 \u00e0 R.203-15 et R.242-33.\nVu  le d\u00e9cret n\u00b080-516 du 4 juillet 1980, modifi\u00e9 par le d\u00e9cret n\u00b090-1033 du 19 novembre\n1990 et par le d\u00e9cret 2003-768 du 1 er ao\u00fbt 2003, relatif \u00e0 l'ex\u00e9cution des mesures de\nprophylaxie collective des maladies des animaux ;\nVu  le  d\u00e9cret  n\u00b02004-374  du  29  avril  2004  modifi\u00e9,  relatif  aux  pouvoirs  des  pr\u00e9fets,  \u00e0\nl'organisation  et  \u00e0  l'action  des  services  de  l'\u00c9tat  dans  les  r\u00e9gions  et  d\u00e9partements\nnotamment son article 43 ;\nVu  le d\u00e9cret du 10 octobre 2024 nommant M. MOURIER Paul, pr\u00e9fet de la Cote d' Or ;\nVu l'arr\u00eat\u00e9  pr\u00e9fectoral  n\u00b0  16589/SG  du  28/10/2024,  donnant  d\u00e9l\u00e9gation  de  signature  \u00e0\nMonsieur ROOSE Didier ;\nVu l'arr\u00eat\u00e9 pr\u00e9fectoral n\u00b01686/ DDPP du 29/10/2024, donnant subd\u00e9l\u00e9gation de signature ;\nConsid\u00e9rant  que  le  Docteur  V\u00e9t\u00e9rinaire  Guillaume  Blondeau  remplit  les  conditions\npermettant l'attribution de l'habilitation sanitaire ;\nSur proposition de Monsieur le directeur d\u00e9partemental de la protection des populations de\nla C\u00f4te-d'Or ;\nDirection D\u00e9partementale de la Protection des Populations - 57 rue de Mulhouse  -  21 033 DIJON Cedex\nt\u00e9l : 03 80 29 43 53... - Fax : 03 80 29 43 53..... - m\u00e8l : ddpp@cote-dor.gouv.fr\nSite internet : http://www.cote-dor.gouv.fr\npage 1\nDirection d\u00e9partementale de la protection des populations de la C\u00f4te-d'Or - 21-2024-11-22-00005 - Arr\u00eat\u00e9 pr\u00e9fectoral N\u00b01791/2024 en\ndate du 22 novembre 2024 attribuant lhabilitation sanitaire \u00e0 Guillaume Blondeau 12\nA R R E T E\nArticle 1er :\nL'habilitation sanitaire pr\u00e9vue \u00e0 l'article L.203-1 du code rural et de la p\u00eache maritime susvis\u00e9\nest attribu\u00e9e pour une dur\u00e9e de 5 ans, \u00e0 compter de la date de signature du pr\u00e9sent arr\u00eat\u00e9,\n\u00e0 Guillaume Blondeau, Docteur V\u00e9t\u00e9rinaire, inscrit au Tableau de l'Ordre des V\u00e9t\u00e9rinaires de\nla r\u00e9gion Bourgogne-Franche-Comt\u00e9, sous le n\u00b0 33735, administrativement domicili\u00e9 au 2 rue\nCurtil Boisseau 214300 Liernais\nArticle 2 :\nDans la mesure o\u00f9 les conditions requises ont \u00e9t\u00e9 respect\u00e9es, cette habilitation sanitaire est\nrenouvelable  par  p\u00e9riode  de  cinq  ann\u00e9es  tacitement  reconduites  sous  r\u00e9serve  pour  le\nv\u00e9t\u00e9rinaire sanitaire de justifier \u00e0 l'issue de chaque p\u00e9riode de cinq ans, aupr\u00e8s du pr\u00e9fet de\nC\u00f4te d'Or du respect de ses obligations de formation continue pr\u00e9vues \u00e0 l'article R.203-12.\nArticle 3 :\nGuillaume Blondeau s'engage \u00e0 respecter les prescriptions techniques, administratives et le\ncas \u00e9ch\u00e9ant financi\u00e8res de mise en \u0153uvre des mesures de pr\u00e9vention, de surveillance ou de\nlutte prescrites par l'autorit\u00e9 administrative et des op\u00e9rations de police sanitaire ex\u00e9cut\u00e9es\nen application de l'article L.203-7 du code rural et de la p\u00eache maritime.\nArticle 4 :\nGuillaume Blondeau pourra \u00eatre appel\u00e9 par le pr\u00e9fet de ses d\u00e9partements d'exercice pour la\nr\u00e9alisation  d'op\u00e9rations  de  police  sanitaire  au  sein  des  lieux  de  d\u00e9tention  ou  des\n\u00e9tablissements pour lesquels il a \u00e9t\u00e9 d\u00e9sign\u00e9 v\u00e9t\u00e9rinaire sanitaire. Il sera tenu de concourir \u00e0\nces op\u00e9rations en application des dispositions de l'article L.203-7 du code rural et de la\np\u00eache maritime.\nArticle 5 :\nTout  manquement  ou  faute  commis  dans  l'exercice de  la pr\u00e9sente  habilitation  sanitaire\nentra\u00eenera l'application des dispositions pr\u00e9vues aux articles R.203-15, R.228-6 et suivants du\ncode rural et de la p\u00eache maritime.\nArticle 6 :\nLa pr\u00e9sente d\u00e9cision peut faire l'objet d'un recours devant le Tribunal Administratif de Dijon\ndans un d\u00e9lai de deux mois \u00e0 compter de la date de notification, soit par courrier, soit par\nl'application informatique T\u00e9l\u00e9recours accessible sur le site www.telerecours.fr\nArticle 7 : \nMonsieur le directeur d\u00e9partemental de la protection des populations de la C\u00f4te-d'Or est\ncharg\u00e9 de l'ex\u00e9cution du pr\u00e9sent arr\u00eat\u00e9 qui sera publi\u00e9 au recueil des actes administratifs de\nla pr\u00e9fecture de la C\u00f4te-d'Or.\nFait \u00e0 Dijon, le 22 novembre 2024\nL'adjointe \u00e0 la cheffe de service\nSign\u00e9\nAdeline PERRONNEAU \nDirection D\u00e9partementale de la Protection des Populations - 57 rue de Mulhouse  -  21 033 DIJON Cedex\nt\u00e9l : 03 80 29 43 53... - Fax : 03 80 29 43 53..... - m\u00e8l : ddpp@cote-dor.gouv.fr\nSite internet : http://www.cote-dor.gouv.fr\npage 2\nDirection d\u00e9partementale de la protection des populations de la C\u00f4te-d'Or - 21-2024-11-22-00005 - Arr\u00eat\u00e9 pr\u00e9fectoral N\u00b01791/2024 en\ndate du 22 novembre 2024 attribuant lhabilitation sanitaire \u00e0 Guillaume Blondeau 13\nDirection d\u00e9partementale de la protection des\npopulations de la C\u00f4te-d'Or\nService Sant\u00e9 et Protections animales, Protection\nde l'Environnement\n21-2024-11-29-00002\nArr\u00eat\u00e9 pr\u00e9fectoral N\u00b01818/2024 en date du 29\nnovembre 2024 attribuant l'habilitation sanitaire\n\u00e0 Clarisse DECLUME\nDirection d\u00e9partementale de la protection des populations de la C\u00f4te-d'Or - 21-2024-11-29-00002 - Arr\u00eat\u00e9 pr\u00e9fectoral N\u00b01818/2024 en\ndate du 29 novembre 2024 attribuant l'habilitation sanitaire \u00e0 Clarisse DECLUME 14\nExPREFETDE LACOTE-D'ORLiberteEgalit\u00e9Fraternit\u00e9\nDirection D\u00e9partementale\nde la Protection des Populations\nService Sant\u00e9 et Protection Animales\nProtection de l'Environnement\nAffaire suivie par : Val\u00e9rie LABUSSIERE\nT\u00e9l. : 03 80 29 44 53\nM\u00e9l : ddpp-spa@cote-dor.gouv.fr\nArr\u00eat\u00e9 pr\u00e9fectoral N\u00b01818/2024 en date du 29 novembre 2024\nAttribuant l'habilitation sanitaire \u00e0 Clarisse DECLUME\nPr\u00e9fet de la C\u00f4te-d'Or\nVu le Code Rural et de la p\u00eache maritime et notamment ses articles L.203-1 \u00e0 L.203-7,  \nL.223-6, R.203-1 \u00e0 R.203-15 et R.242-33.\nVu le d\u00e9cret n\u00b080-516 du 4 juillet 1980, modifi\u00e9 par le d\u00e9cret n\u00b090-1033 du 19 novembre  \n1990 et par le d\u00e9cret 2003-768 du 1 er ao\u00fbt 2003, relatif \u00e0 l'ex\u00e9cution  des mesures  \nde prophylaxie collective des maladies des animaux ;\nVu le d\u00e9cret n\u00b02004-374 du 29 avril 2004 modifi\u00e9, relatif aux pouvoirs des pr\u00e9fets, \u00e0  \nl'organisation et \u00e0 l'action des services de l'\u00c9tat dans les r\u00e9gions et d\u00e9partements  \nnotamment son article 43 ;\nVu  le d\u00e9cret du 10 octobre 2024 nommant M. MOURIER Paul, pr\u00e9fet de la Cote d' Or ;\nVu l'arr\u00eat\u00e9  pr\u00e9fectoral  n\u00b0  16589/SG  du  28/10/2024,  donnant  d\u00e9l\u00e9gation  de  signature  \u00e0\nMonsieur ROOSE Didier ;\nVu l'arr\u00eat\u00e9 pr\u00e9fectoral n\u00b01686/ DDPP du 29/10/2024, donnant subd\u00e9l\u00e9gation de signature ;\nVu la demande pr\u00e9sent\u00e9e par M adame  Clarisse DECLUME  n\u00e9e le  27/09/1999 \u00e0 Dijon  et\ndomicili\u00e9e professionnellement  au  :  Clinique  v\u00e9t\u00e9rinaire  Auxois-Morvan   Route  de\nSemur en Auxois ZA Terreau Brenot 21210 SAULIEU\nConsid\u00e9rant que Madame Clarisse DECLUME  remplit les conditions permettant l'attribution \nde l'habilitation sanitaire ;\nSur la proposition du directeur d\u00e9partemental de la protection de la C\u00f4te-d'Or ;\nDirection D\u00e9partementale de la Protection des Populations - 57 rue de Mulhouse  -  21 033 DIJON Cedex\nt\u00e9l : 03 80 29 43 53... - m\u00e8l : ddpp-spa@cote-dor.gouv.fr\nSite internet : http://www.cote-dor.gouv.fr\npage 1\nDirection d\u00e9partementale de la protection des populations de la C\u00f4te-d'Or - 21-2024-11-29-00002 - Arr\u00eat\u00e9 pr\u00e9fectoral N\u00b01818/2024 en\ndate du 29 novembre 2024 attribuant l'habilitation sanitaire \u00e0 Clarisse DECLUME 15\nARR\u00caTE\nArticle 1er :\nL'habilitation sanitaire pr\u00e9vue \u00e0 l'article L.203-1 du code rural et de la p\u00eache maritime susvis\u00e9\nest attribu\u00e9e pour une dur\u00e9e d\u00e9termin\u00e9e, du 04 novembre 2024 au 03novembre 2025, \u00e0 :\nMadame Clarisse DECLUME, V\u00e9t\u00e9rinaire\nInscrite au Tableau de l'Ordre des V\u00e9t\u00e9rinaires\nde la r\u00e9gion Bourgogne-Franche-Comt\u00e9, sous le n\u00b034774\nV\u00e9t\u00e9rinaire administrativement domicili\u00e9e :\n2 rue de Vanvey 21520 Louesme\nArticle 2 :\nMadame  Clarisse  DECLUME  s'engage  \u00e0  respecter  les  prescriptions  techniques,\nadministratives et le cas \u00e9ch\u00e9ant financi\u00e8res de mise en \u0153uvre des mesures de pr\u00e9vention,\nde surveillance ou de lutte prescrites par l'autorit\u00e9 administrative et des op\u00e9rations de police\nsanitaire ex\u00e9cut\u00e9es en application de l'article L.203-7 du code rural et de la p\u00eache maritime.\nArticle 3 :\nMadame  Clarisse  DECLUME  pourra  \u00eatre  appel\u00e9 e par  le  pr\u00e9fet  de  ses  d\u00e9partements\nd'exercice pour la r\u00e9alisation d'op\u00e9rations de police sanitaire au sein des lieux de d\u00e9tention\nou des \u00e9tablissements pour  lesquels elle a \u00e9t\u00e9 d\u00e9sign\u00e9 e v\u00e9t\u00e9rinaire sanitaire. Elle sera tenu e\nde concourir \u00e0 ces op\u00e9rations en application des dispositions de l'article L.203-7 du code\nrural et de la p\u00eache maritime.\nArticle 4 :\nTout  manquement  ou  faute  commis  dans  l'exercice  de  la pr\u00e9sente  habilitation  sanitaire\nentra\u00eenera l'application des dispositions pr\u00e9vues aux articles R.203-15, R.228-6 et suivants du\ncode rural et de la p\u00eache maritime.\nDirection D\u00e9partementale de la Protection des Populations - 57 rue de Mulhouse  -  21 033 DIJON Cedex\nt\u00e9l : 03 80 29 43 53... - m\u00e8l : ddpp-spa@cote-dor.gouv.fr\nSite internet : http://www.cote-dor.gouv.fr\nDirection d\u00e9partementale de la protection des populations de la C\u00f4te-d'Or - 21-2024-11-29-00002 - Arr\u00eat\u00e9 pr\u00e9fectoral N\u00b01818/2024 en\ndate du 29 novembre 2024 attribuant l'habilitation sanitaire \u00e0 Clarisse DECLUME 16\nArticle 5 :\nLa  pr\u00e9sente  d\u00e9cision  peut  faire  l'objet  d'un  recours  contentieux  devant  le  tribunal\nadministratif dans le d\u00e9lai de deux mois suivant sa notification, soit par courrier, soit par\nl'application informatique T\u00e9l\u00e9recours accessible sur le site www.telerecours.fr\nArticle 6 :\nLe Secr\u00e9taire G\u00e9n\u00e9ral de la pr\u00e9fecture et le directeur d\u00e9partemental de la protection des\npopulations, sont charg\u00e9s, chacun en ce qui le concerne, de l'ex\u00e9cution du pr\u00e9sent arr\u00eat\u00e9 qui\nsera ins\u00e9r\u00e9 au Recueil des actes administratifs de la Pr\u00e9fecture de la C\u00f4te-d'Or.\n     \nFait \u00e0 Dijon, le 29 novembre 2024\nLa cheffe de service\nSign\u00e9\nFlora AL-HAKKAK\n                                                 \nDirection D\u00e9partementale de la Protection des Populations - 57 rue de Mulhouse  -  21 033 DIJON Cedex\nt\u00e9l : 03 80 29 43 53... - m\u00e8l : ddpp-spa@cote-dor.gouv.fr\nSite internet : http://www.cote-dor.gouv.fr\npage 3\nDirection d\u00e9partementale de la protection des populations de la C\u00f4te-d'Or - 21-2024-11-29-00002 - Arr\u00eat\u00e9 pr\u00e9fectoral N\u00b01818/2024 en\ndate du 29 novembre 2024 attribuant l'habilitation sanitaire \u00e0 Clarisse DECLUME 17\nDirection d\u00e9partementale des territoires de la\nC\u00f4te-d'Or\n21-2024-11-28-00001\nArr\u00eat\u00e9 n\u00b01813 du 28/11/2024 portant d\u00e9l\u00e9gation\nde signature \u00e0 Madame Marie-Guise Dufay,\nPr\u00e9sidente du conseil r\u00e9gional de\nBourgogne-Franche-Comt\u00e9\nDirection d\u00e9partementale des territoires de la C\u00f4te-d'Or - 21-2024-11-28-00001 - Arr\u00eat\u00e9 n\u00b01813 du 28/11/2024 portant d\u00e9l\u00e9gation de\nsignature \u00e0 Madame Marie-Guise Dufay, Pr\u00e9sidente du conseil r\u00e9gional de Bourgogne-Franche-Comt\u00e9 18\nE . Direction d\u00e9partementale des territoiresi de la Cote-d'OrPREFETDE LACOTE-D'ORL'z'berte'Egalit\u00e9Fraternit\u00e9\nArr\u00e9t\u00e9 N\u00b0 1813portant d\u00e9l\u00e9gation de signature \u00e0 Madame Marie-Guite Dufay, Pr\u00e9sidente du conseilr\u00e9gional de Bourgogne-Franche-Comt\u00e9Le pr\u00e9fet de la C\u00f4te-d'Or\nVU le r\u00e8glement (UE) n\u00b0 1303/2013 du Parlement europ\u00e9en et du Conseil du 17 d\u00e9cembre 2013portant dispositions communes relatives au Fonds europ\u00e9en de d\u00e9veloppement r\u00e9gional, au Fondssocial europ\u00e9en, au Fonds de coh\u00e9sion, au Fonds europ\u00e9en agricole pour le d\u00e9veloppement ruralet au Fonds europ\u00e9en pour les affaires maritimes et la p\u00eache, portant dispositions g\u00e9n\u00e9ralesapplicables au Fonds europ\u00e9en de d\u00e9veloppement r\u00e9gional, au Fonds social europ\u00e9en, au Fonds decoh\u00e9sion et au Fonds europ\u00e9en pour les affaires maritimes et la p\u00eache ;VU le r\u00e8glement (UE) n\u00b0 1305/2013 du Parlement europ\u00e9en et du Conseil du 17 d\u00e9cembre 2013relatif au soutien au d\u00e9veloppement rural par le Fonds europ\u00e9en agricole pour le d\u00e9veloppementrural (Feader) ;VU le r\u00e8glement (UE) n\u00b0 1306/2013 du Parlement europ\u00e9en et du Conseil du 17 d\u00e9cembre 2013relatif au financement, \u00e0 la gestion et au suivi de la politique agricole commune ;VU la loi n\u00b0 2014-58 du 27 janvier 2014 modifi\u00e9e de modernisation de l'action publique territorialeet d'affirmation des m\u00e9tropoles, notamment son article 78-1 ;VU le d\u00e9cret n\u00b0 2015-445 du 16 avril 2015 relatif \u00e0 la mise en \u0153uvre des programmes ded\u00e9veloppement rural pour la p\u00e9riode 2014-2020;VU le d\u00e9cret n\u00b0 2022-1051 du 28 juillet 2022 relatif \u00e0 la gestion du Fonds europ\u00e9en agricole pour led\u00e9veloppement rural au titre de la programmation d\u00e9butant en 2023 ;VU d\u00e9lib\u00e9ration 22AP78 du 21 octobre 2022 et le courrier du 25 novembre 2022 demandantI'autorit\u00e9 de gestion du FEADER pour la p\u00e9riode 2023-2027 ;VU le d\u00e9cret du 10 octobre 2024 portant nomination de Paul MOURIER, pr\u00e9fet de la r\u00e9gionBourgogne-Franche-Comt\u00e9, pr\u00e9fet de la C\u00f4te d'Or ;VU la d\u00e9lib\u00e9ration 21AP.85 du 2 juillet 2021 portant nomination de Madame Marie-Guite Dufay enqualit\u00e9 de pr\u00e9sidente du conseil r\u00e9gional de Bourgogne-Franche-Comt\u00e9 ;\nDirection d\u00e9partementale des territoires de la C\u00f4te-d'Or57 rue de Mulhouse- BP 53317 - 21033 DIJON cedext\u00e9l : 03 80 29 44 44 - Courriel : ddt@cote-dor.gouv.fr\nDirection d\u00e9partementale des territoires de la C\u00f4te-d'Or - 21-2024-11-28-00001 - Arr\u00eat\u00e9 n\u00b01813 du 28/11/2024 portant d\u00e9l\u00e9gation de\nsignature \u00e0 Madame Marie-Guise Dufay, Pr\u00e9sidente du conseil r\u00e9gional de Bourgogne-Franche-Comt\u00e9 19\nVU la d\u00e9lib\u00e9ration 24AP.73 de l'Assembl\u00e9e pl\u00e9ni\u00e8re du Conseil r\u00e9gional de Bourgogne-Franche-Comt\u00e9 en date du 15 juillet 2024 donnant d\u00e9l\u00e9gation de pouvoir \u00e0 la Pr\u00e9sidente du Conseilr\u00e9gional en mati\u00e8re de gestion des fonds europ\u00e9ens ;VU le Programme de d\u00e9veloppement rural (PDR) de Bourgogne\nARRETEArticle 1:D\u00e9l\u00e9gation est donn\u00e9e \u00e0 Madame Marie-Guite Dufay, pr\u00e9sidente de la r\u00e9gion Bourgogne-Franche-Comt\u00e9, \u00e0 l'effet de signer, au nom du pr\u00e9fet de C\u00f4te d'Or, tous les arr\u00e9t\u00e9s et d\u00e9cisionsadministratives relatifs aux aides r\u00e9gies par le d\u00e9cret n\u00b0 2015-445 du 16 avril 2015 relatif \u00e0 la mise en\u0153uvre des programmes de d\u00e9veloppement rural pour la p\u00e9riode 2014-2020, octroy\u00e9es avant le 1janvier 2023 au titre des mesures suivantes du Programme de d\u00e9veloppement rural (PDR) de laR\u00e9gion Bourgogne: ;\nListe des types d'op\u00e9rations concern\u00e9s pour le PDR Bourgogne:Code DTO Libell\u00e9 du type d'op\u00e9rationBOU040102 Investissements dans les \u00e9quipements productifs en faveur d'une agriculturedurable 'BOUO4011A Investissement dans les b\u00e2timents d'\u00e9levage - volet modernisation classiqueBOUO4011B | Investissements batiments d'\u00e9levage - Volet GEF en zones vuln\u00e9rablesBOUO4011C Investissement dans les batiments d'\u00e9levage - Ma\u00eetrise performance\u00e9nerg\u00e9tiqueBOUO401PMBEO1 | Modernisation-PMBE-Volet2.BOUO401PPE01 Modernisation-PPE-Volet2BOUO401PVEO1 Modernisation-PVE-Volet2BOUO403125A01 | Soutien desserte foresti\u00e8re - Volet2BOUO04032A Investissements dans les dessertes foresti\u00e8resBOUO403PVEO1 Modernisation-PVEINP-Volet2BOU040401 Invest. non productifs en faveur de l'environnementBOUO601PB01 Aide \u00e0 l'installation pr\u00eats bonifi\u00e9s\nArticle 2 :D\u00e9l\u00e9gation est donn\u00e9e \u00e0 Madame Marie-Guite Dufay, pr\u00e9sidente de la r\u00e9gion Bourgogne-Franche-Comt\u00e9,\u00e0 l'effet de signer tous les actes relatifs \u00e0 la gestion contentieuse des d\u00e9cisions relatives auxaides mentionn\u00e9es \u00e0 l'article 1\u00b0\" et octroy\u00e9es avant le 1* janvier 2023.\nDirection d\u00e9partementale des territoires de la C\u00f4te-d'Or57 rue de Mulhouse- BP 53317 - 21033 DIJON cedext\u00e9l : 03 80 29 44 44 \u2014 Courriel : ddt@cote-dor.gouv.fr\nDirection d\u00e9partementale des territoires de la C\u00f4te-d'Or - 21-2024-11-28-00001 - Arr\u00eat\u00e9 n\u00b01813 du 28/11/2024 portant d\u00e9l\u00e9gation de\nsignature \u00e0 Madame Marie-Guise Dufay, Pr\u00e9sidente du conseil r\u00e9gional de Bourgogne-Franche-Comt\u00e9 20\nArticle 3 :En cas d'absence ou d'emp\u00eachement de Madame Marie-Guite Dufay, d\u00e9l\u00e9gation de signature estdonn\u00e9e pour les actes mentionn\u00e9s aux articles 1 et 2 aux personnes suivantes :M. Gilles DA COSTA, directeur g\u00e9n\u00e9ral des services ;M. Olivier RITZ, directeur g\u00e9n\u00e9ral adjoint;M. Olivier NICOLI, directeur g\u00e9n\u00e9ral adjointM. Laurent MOYNAC, directeur g\u00e9n\u00e9ral adjoint_ Mme. C\u00e9cile THOZET, directrice agriculture et for\u00eat.Mme Aline HUMBERT, directrice Europe et rayonnement internationalMme Isabelle ROUGIEUX, directrice environnement\nArticle 4 :La Secr\u00e9taire g\u00e9n\u00e9rale de la pr\u00e9fecture par interim de C\u00f4te d'Or est charg\u00e9e de l'ex\u00e9cution dupr\u00e9sent arr\u00eat\u00e9 qui sera publi\u00e9 au recueil des actes administratifs de la pr\u00e9fecture de C\u00f4te d'Or.\nFait \u00e0 Dijon, le 28 novembre 2024Le pr\u00e9fe\u2014\u2014s \u2014 /\nDirection d\u00e9partementale des territoires de la C\u00f4te-d'Or57 rue de Mulhouse- BP 53317 - 21033 DIJON cedext\u00e9l : 03 80 29 44 44 - Courriel : ddt@cote-dor.gouv.fr\nDirection d\u00e9partementale des territoires de la C\u00f4te-d'Or - 21-2024-11-28-00001 - Arr\u00eat\u00e9 n\u00b01813 du 28/11/2024 portant d\u00e9l\u00e9gation de\nsignature \u00e0 Madame Marie-Guise Dufay, Pr\u00e9sidente du conseil r\u00e9gional de Bourgogne-Franche-Comt\u00e9 21\nDirection d\u00e9partementale des territoires de la\nC\u00f4te-d'Or\nService Pr\u00e9servation et Am\u00e9nagement de\nl'Espace (SPAE)\n21-2024-11-19-00004\nArr\u00eat\u00e9 pr\u00e9fectoral du 19 novembre 2024\nportant nomination des membres de la\ncommission d\u00e9partementale de la nature, des\npaysages et des sites et de ses formations\nsp\u00e9cialis\u00e9es\nDirection d\u00e9partementale des territoires de la C\u00f4te-d'Or - 21-2024-11-19-00004 - Arr\u00eat\u00e9 pr\u00e9fectoral du 19 novembre 2024\nportant nomination des membres de la commission d\u00e9partementale de la nature, des paysages et des sites et de ses formations\nsp\u00e9cialis\u00e9es\n22\nExPREFETDE LACOTE-D'ORL,z'bert\u00e9Egalit\u00e9Fraternit\u00e9\nDirection d\u00e9partementale des territoires\nde la C\u00f4te-d'Or\nArr\u00eat\u00e9 pr\u00e9fectoral du 19 novembre 2024\nportant nomination des membres de la commission d\u00e9partementale de la nature, des\npaysages et des sites et de ses formations sp\u00e9cialis\u00e9es\nLe Pr\u00e9fet de la C\u00f4te-d'Or\nVU le code de l'environnement et notamment ses articles R. 341-16 \u00e0 R. 341-27 ;\nVU le code des relations entre le public et l'administration et notamment ses articles R.133-1 et\nsuivants ;\nVU les articles 8 et 9 du d\u00e9cret n\u00b0 2006-665 du 7 juin 2006 relatif \u00e0 la r\u00e9duction du nombre et \u00e0 la\nsimplification de la composition de certaines commissions administratives ;\nVU l'arr\u00eat\u00e9 pr\u00e9fectoral du 25 octobre 2021 portant institution de la commission d\u00e9partementale\nde la nature, des paysages et des sites et de ses formations sp\u00e9cialis\u00e9es ;\nVU l'arr\u00eat\u00e9 pr\u00e9fectoral du 25 octobre  2021 modifi\u00e9 portant nomination des membres de la\ncommission  d\u00e9partementale  de  la  nature,  des  paysages  et  des  sites  et  de  ses  formations\nsp\u00e9cialis\u00e9es ;\nVU les consultations effectu\u00e9es ;\nSUR proposition de Madame la directrice d\u00e9partementale des territoires de la C\u00f4te-d'Or ;\nA R R E T E\nArticle 1er     :   La commission d\u00e9partementale de la nature, des paysages et des sites (CDNPS) et ses\nformations sp\u00e9cialis\u00e9es sont compos\u00e9es de quatre coll\u00e8ges dont celui des repr\u00e9sentants de l'Etat,\nconform\u00e9ment \u00e0 l'arr\u00eat\u00e9 pr\u00e9fectoral portant institution de cette commission.\n1\nDirection d\u00e9partementale des territoires de la C\u00f4te-d'Or - 21-2024-11-19-00004 - Arr\u00eat\u00e9 pr\u00e9fectoral du 19 novembre 2024\nportant nomination des membres de la commission d\u00e9partementale de la nature, des paysages et des sites et de ses formations\nsp\u00e9cialis\u00e9es\n23\nArticle   2   : Nomination des membres de la formation pl\u00e9ni\u00e8re\nSont nomm\u00e9es les personnes suivantes :\nEn qualit\u00e9 de repr\u00e9sentants des collectivit\u00e9s territoriales\n- M. Patrick CHAPUIS, conseiller d\u00e9partemental du canton de Fontaine-les-Dijon\n- M. Billy CHRETIEN, conseiller d\u00e9partemental du canton de Dijon II\n- M. Laurent BOISSEROLES, maire de Beire-le-Ch\u00e2tel\n- M. Jean-Marie MUGNIER, maire de Busserotte-et-Montenaille\n- M. Jean-Fran\u00e7ois DODET, 6\u00e8 vice-pr\u00e9sident, Dijon M\u00e9tropole\nEn qualit\u00e9 de personnalit\u00e9s qualifi\u00e9es en mati\u00e8re de sciences de la nature, de protection des\nsites  ou  du  cadre  de  vie,  de  repr\u00e9sentants  d'associations  agr\u00e9\u00e9es  de  protection  de\nl'environnement et, le cas \u00e9ch\u00e9ant, de repr\u00e9sentants des organisations agricoles ou sylvicoles\n- M. Fran\u00e7ois PEYRE, architecte\n- Mme Martine PETIT, pr\u00e9sident de France Nature Environnement C\u00f4te-d'Or (FNE 21)\n- M. Vincent LAVIER, pr\u00e9sident de la chambre d'agriculture de C\u00f4te-d'Or\n- M. Patrice LACROIX, ligue pour la protection des oiseaux de Bourgogne-Franche-Comt\u00e9\n- M. S\u00e9bastien MOTREUIL, assistant ing\u00e9nieur CNRS \u2013 Laboratoire de biog\u00e9osciences\n\u00e0 l'universit\u00e9 de Bourgogne\nEn qualit\u00e9 de personnes comp\u00e9tentes dans les domaines concern\u00e9s par chaque formation\nsp\u00e9cialis\u00e9e\n- Mme Jocelyne PRETET, agronome\n- M. J\u00e9r\u00f4me BRISSON, soci\u00e9t\u00e9 Phenix Groupe \n- M. Gilles STREIT, Equiom Granulats\n- M. Bertrand GAUVRIT, directeur de l'Association des climats du vignoble de Bourgogne\n- non pourvu\nArticle   3   : Nomination des membres de la formation sp\u00e9cialis\u00e9e dite \u00ab de la nature \u00bb\nSont nomm\u00e9es les personnes suivantes :\nEn qualit\u00e9 de repr\u00e9sentants des collectivit\u00e9s territoriales\ndont 2 d\u00e9sign\u00e9s par le conseil d\u00e9partemental de la C\u00f4te-d'Or\nTitulaire Suppl\u00e9ant\nMme Catherine LOUIS\nConseiller d\u00e9partemental du canton\nd'Is-sur-Tille\nM. Denis THOMAS\nConseiller  d\u00e9partemental  du  canton  de\nLadoix-Serrigny\nM. Billy CHRETIEN\nConseiller  d\u00e9partemental  du  canton  de\nDijon II\nM. Martial MATHIRON\nConseiller  d\u00e9partemental  du  canton  de\nGenlis\net 2 d\u00e9sign\u00e9s par l'association des maires de la C\u00f4te-d'Or et l'association des maires ruraux\nTitulaire Suppl\u00e9ant\nM. Jean-Marie MUGNIER\nMaire de Busserotte-et-Montenaille\nMme Genevi\u00e8ve JONDOT\nMaire de Martrois\nM. Dominique BONDIVENA\nMaire de Flavigny-sur-Ozerain\nMme Val\u00e9rie BOUCHARD\nMaire de Bellenod-sur-Seine\n2\nDirection d\u00e9partementale des territoires de la C\u00f4te-d'Or - 21-2024-11-19-00004 - Arr\u00eat\u00e9 pr\u00e9fectoral du 19 novembre 2024\nportant nomination des membres de la commission d\u00e9partementale de la nature, des paysages et des sites et de ses formations\nsp\u00e9cialis\u00e9es\n24\nEn qualit\u00e9 de personnalit\u00e9s qualifi\u00e9es\ndont 2 repr\u00e9sentants d'associations agr\u00e9\u00e9es de protection de l'environnement\nTitulaire Suppl\u00e9ant\nM. Patrice LACROIX\nLigue pour la protection des oiseaux de \nBourgogne-Franche-Comt\u00e9\nM. Joseph ABEL\nLigue pour la protection des oiseaux de \nBourgogne-Franche-Comt\u00e9\nMme Anne JACQUIN\nFrance Nature Environnement C\u00f4te-d'Or \n(FNE 21)\nM. Andr\u00e9 PARIS\nFrance Nature Environnement C\u00f4te-d'Or \n(FNE 21)\net 2 repr\u00e9sentants des organisations agricoles ou sylvicoles\nTitulaire Suppl\u00e9ant\nM. Vincent LAVIER\nChambre d'agriculture\nM. Nicolas MICHAUD\nChambre d'agriculture\nM. Dominique DEBOST\nForestiers Priv\u00e9s de C\u00f4te-d'Or\nM. Pierre-Fr\u00e9d\u00e9ric RICHARD\nForestiers Priv\u00e9s de C\u00f4te-d'Or\nEn qualit\u00e9 de personnes comp\u00e9tentes en mati\u00e8re de protection de la flore et de la faune\nsauvages et des milieux naturels \nTitulaire Suppl\u00e9ant\nMme Jocelyne PRETET\nAgronome - AGROSUP DIJON\nMme Nicole CHEVIGNARD\nAgronome - AGROSUP DIJON\nM. Jean-Luc JOBLIN\nF\u00e9d\u00e9ration d\u00e9partementale des chasseurs de\nla C\u00f4te-d'Or\nMme B\u00e9atrice MONNET\nF\u00e9d\u00e9ration  d\u00e9partementale  des  chasseurs\nde la C\u00f4te-d'Or\nNon pourvu Non pourvu\nNon pourvu Non pourvu\nArticle   4   : Nomination des membres de la formation sp\u00e9cialis\u00e9e dite \u00ab des sites et paysages \u00bb\nSont nomm\u00e9es les personnes suivantes :\nEn qualit\u00e9 de repr\u00e9sentants des collectivit\u00e9s territoriales\ndont 2 d\u00e9sign\u00e9s par le conseil d\u00e9partemental de la C\u00f4te-d'Or\nTitulaire Suppl\u00e9ant\nMme Marie-Claire BONNET-VALLET\nConseiller  d\u00e9partemental  du  canton\nd'Auxonne\nM. Denis THOMAS\nConseiller  d\u00e9partemental  du  canton  de\nLadoix-Serrigny\nM. Martial MATHIRON\nConseiller d\u00e9partemental du canton de \nGenlis\nM. Billy CHRETIEN\nConseiller d\u00e9partemental du canton de \nDijon II\n3\nDirection d\u00e9partementale des territoires de la C\u00f4te-d'Or - 21-2024-11-19-00004 - Arr\u00eat\u00e9 pr\u00e9fectoral du 19 novembre 2024\nportant nomination des membres de la commission d\u00e9partementale de la nature, des paysages et des sites et de ses formations\nsp\u00e9cialis\u00e9es\n25\n1 d\u00e9sign\u00e9 par l'association des maires de la C\u00f4te-d'Or et l'association des maires ruraux\nTitulaire Suppl\u00e9ant\nM. Laurent BOISSEROLLES\nMaire de Beire-le-Ch\u00e2tel\nM. Laurent COUSIN\nMaire d'Ecutigny\net 1 repr\u00e9sentant d'EPCI comp\u00e9tent en mati\u00e8re d'urbanisme et d'am\u00e9nagement du territoire\nTitulaire Suppl\u00e9ant\nM. Jean-Fran\u00e7ois DODET,\n6\u00e8 vice-pr\u00e9sident, Dijon M\u00e9tropole\nNon pourvu\nEn qualit\u00e9 de personnalit\u00e9s qualifi\u00e9es\ndont 2 en mati\u00e8re de sciences de la nature, de protection des sites ou du cadre de vie\nTitulaire Suppl\u00e9ant\nM. Fran\u00e7ois PEYRE\nArchitecte\nNon pourvu\nMme Julie LESTAGE\nPaysagiste\nM. Vincent MAYOT\nPaysagiste\n1 repr\u00e9sentant d'associations agr\u00e9\u00e9es de protection de l'environnement\nTitulaire Suppl\u00e9ant\nM. Pascal MARITON\nLigue de protection des oiseaux de \nBourgogne-Franche-Comt\u00e9 (LPO BFC)\nM. Andr\u00e9 PARIS\nFrance Nature Environnement C\u00f4te-d'Or \n(FNE 21)\net 1 repr\u00e9sentant des organisations agricoles ou sylvicoles\nTitulaire Suppl\u00e9ant\nM. Vincent LAVIER\nChambre d'agriculture\nM. Nicolas MICHAUD\nChambre d'agriculture\nEn qualit\u00e9 de personnes comp\u00e9tentes en mati\u00e8re d'am\u00e9nagement, d'urbanisme, de paysage,\nd'architecture et d'environnement   hors dossiers \u00e9oliens  \nTitulaire Suppl\u00e9ant\nM. Fran\u00e7ois TAINTURIER\nG\u00e9ographe\nNon pourvu\nM. Arnaud POSTANSQUE\nVieilles Maisons Fran\u00e7aises\nM. Philippe MOLLIER\nVieilles Maisons Fran\u00e7aises\nMme Jocelyne PRETET\nAgronome - AGROSUP DIJON\nMme Nicole CHEVIGNARD\nAgronome - AGROSUP DIJON\nM. Bertrand GAUVRIT\nDirecteur  de  l'Association  des  climats  du\nvignoble de Bourgogne\nMme Sarah MAGNIERE \nUrbaniste, charg\u00e9e de mission protection de\nla  Valeur  universelle  exceptionnelle,\nAssociation  des  climats  du  vignoble  de\nBourgogne\n4\nDirection d\u00e9partementale des territoires de la C\u00f4te-d'Or - 21-2024-11-19-00004 - Arr\u00eat\u00e9 pr\u00e9fectoral du 19 novembre 2024\nportant nomination des membres de la commission d\u00e9partementale de la nature, des paysages et des sites et de ses formations\nsp\u00e9cialis\u00e9es\n26\nEn qualit\u00e9 de personnes comp\u00e9tentes en mati\u00e8re d'am\u00e9nagement, d'urbanisme, de paysage,\nd'architecture et d'environnement pour l'examen des dossiers \u00e9oliens d\u00e9pos\u00e9s dans le cadre\nde la proc\u00e9dure de l'autorisation environnementale :  \nTitulaire Suppl\u00e9ant\nM. Bertrand GAUVRIT\nDirecteur  de  l'Association  des  climats  du\nvignoble de Bourgogne\nMme Sarah MAGNIERE \nCharg\u00e9e de mission protection de la Valeur\nuniverselle  exceptionnelle,  Association  des\nclimats du vignoble de Bourgogne\nM. Arnaud POSTANSQUE\nVieilles Maisons Fran\u00e7aises\nM. Philippe MOLLIER\nVieilles Maisons Fran\u00e7aises\nMme Jocelyne PRETET\nAgronome - AGROSUP DIJON\nMme Nicole CHEVIGNARD\nAgronome - AGROSUP DIJON\nM. Sylvain MAES\nSyndicat des \u00e9nergies renouvelables\nMme Delphine HENRI\nFrance renouvelables\nArticle   5   : Nomination des membres de la formation sp\u00e9cialis\u00e9e dite \u00ab de la publicit\u00e9 \u00bb\nSont nomm\u00e9es les personnes suivantes :\nEn qualit\u00e9 de repr\u00e9sentants des collectivit\u00e9s territoriales\ndont 2 d\u00e9sign\u00e9s par le conseil d\u00e9partemental de la C\u00f4te-d'Or\nTitulaire Suppl\u00e9ant\nMme Laurence PORTE\nConseill\u00e8re d\u00e9partementale du canton de \nMontbard\nM. Denis THOMAS\nConseiller d\u00e9partemental du canton de \nLadoix-Serrigny\nM. Martial MATHIRON\nConseiller d\u00e9partemental du canton de \nGenlis\nM. Billy CHRETIEN\nConseiller d\u00e9partemental du canton de \nDijon II\net 2 d\u00e9sign\u00e9s par l'association des maires de la C\u00f4te-d'Or et l'association des maires ruraux\nTitulaire Suppl\u00e9ant\nM. Antoine HOAREAU\nAdjoint au maire de Dijon\nMme Amandine MONARD\nMaire d'Alise-Sainte-Reine\nM. Marc BOEGLIN\nMaire de Belleneuve\nM.le maire de Morey-Saint-Denis\nen attente d'\u00e9lection\nEn qualit\u00e9 de personnalit\u00e9s qualifi\u00e9es\ndont 2 en mati\u00e8re de sciences de la nature, de protection des sites ou du cadre de vie\nTitulaire Suppl\u00e9ant\nM. Fran\u00e7ois PEYRE\nArchitecte\nNon pourvu\nMme Julie LESTAGE\nPaysagiste\nM. Vincent MAYOT\nPaysagiste\n5\nDirection d\u00e9partementale des territoires de la C\u00f4te-d'Or - 21-2024-11-19-00004 - Arr\u00eat\u00e9 pr\u00e9fectoral du 19 novembre 2024\nportant nomination des membres de la commission d\u00e9partementale de la nature, des paysages et des sites et de ses formations\nsp\u00e9cialis\u00e9es\n27\n1 repr\u00e9sentant d'associations agr\u00e9\u00e9es de protection de l'environnement\nTitulaire Suppl\u00e9ant\nMme Martine PETIT\nFrance Nature Environnement C\u00f4te-d'Or \n(FNE 21)\nNon pourvu\net 1 repr\u00e9sentant des organisations agricoles ou sylvicoles\nTitulaire Suppl\u00e9ant\nM. Vincent LAVIER\nChambre d'agriculture\nM. Nicolas MICHAUD\nChambre d'agriculture\nEn qualit\u00e9 de personnes comp\u00e9tentes en mati\u00e8re de publicit\u00e9\ndont 3 repr\u00e9sentants d'entreprises de publicit\u00e9\nTitulaire Suppl\u00e9ant\nM. Fabrice ROMAN\nSoci\u00e9t\u00e9 Cityz Media\nM. Xavier FRANCOISE\nSoci\u00e9t\u00e9 Cityz Media\nM. J\u00e9r\u00f4me BRISSON\nSoci\u00e9t\u00e9 Phenix Groupe\nM. Charles-Henri DOUMERC\nUnion de la Publicit\u00e9 Ext\u00e9rieure\nM. Philippe LANDRIEU\nSoci\u00e9t\u00e9 MPE \u2013 Avenir\nM. Laurent VAUDOYER\nSoci\u00e9t\u00e9 MPE - Avenir\net 1 repr\u00e9sentant des fabricants d'enseignes\nTitulaire Suppl\u00e9ant\nM. Ivan GIRARDOT\nSoci\u00e9t\u00e9 Sodifalux\nM. Franck GAILLOT\nSoci\u00e9t\u00e9 Enseignes et lumi\u00e8res\nArticle   6   : Nomination des membres de la formation sp\u00e9cialis\u00e9e dite \u00ab des carri\u00e8res \u00bb\nSont nomm\u00e9es les personnes suivantes :\nEn qualit\u00e9 de repr\u00e9sentants des collectivit\u00e9s territoriales\ndont le pr\u00e9sident du conseil d\u00e9partemental ou son repr\u00e9sentant \n1 \u00e9lu d\u00e9sign\u00e9 par le conseil d\u00e9partemental de la C\u00f4te-d'Or\nTitulaire Suppl\u00e9ant\nChristophe VERDOT\nConseiller  d\u00e9partemental  du  canton  de\nCh\u00e2tillon-sur-Seine\nMme Catherine LOUIS\nConseiller d\u00e9partemental du canton \nd'Is-sur-Tille\net 1 \u00e9lu d\u00e9sign\u00e9 par l'association des maires de la C\u00f4te-d'Or et l'association des maires ruraux\nTitulaire Suppl\u00e9ant\nM. Andr\u00e9 LIPPIELLO\nMaire d'Essarois\nM. Serge GRAPPIN\nMaire de Saint-Romain\n6\nDirection d\u00e9partementale des territoires de la C\u00f4te-d'Or - 21-2024-11-19-00004 - Arr\u00eat\u00e9 pr\u00e9fectoral du 19 novembre 2024\nportant nomination des membres de la commission d\u00e9partementale de la nature, des paysages et des sites et de ses formations\nsp\u00e9cialis\u00e9es\n28\nEn qualit\u00e9 de personnalit\u00e9s qualifi\u00e9es\ndont 2 repr\u00e9sentants d'associations agr\u00e9\u00e9es de protection de l'environnement\nTitulaire Suppl\u00e9ant\nM. Patrice LACROIX\nLigue pour la protection des oiseaux de \nBourgogne-Franche-Comt\u00e9\nM. Joseph ABEL\nDirecteur, Ligue pour la protection des \noiseaux de Bourgogne-Franche-Comt\u00e9\nM. Dominique GUYON\nFrance Nature Environnement C\u00f4te-d'Or \n(FNE 21)\nMme Catherine HERVIEU\nFrance Nature Environnement C\u00f4te-d'Or \n(FNE 21)\net 1 repr\u00e9sentant des professions agricoles d\u00e9sign\u00e9 apr\u00e8s avis de la Chambre d'agriculture\nTitulaire Suppl\u00e9ant\nM. Vincent LAVIER\nChambre d'agriculture\nM. Nicolas MICHAUD\nChambre d'agriculture\nEn qualit\u00e9 de personnes comp\u00e9tentes d\u00e9sign\u00e9es apr\u00e8s avis des organisations professionnelles\nrepr\u00e9sentatives\ndont 2 repr\u00e9sentants des professions d'exploitants de carri\u00e8res\nTitulaire Suppl\u00e9ant\nM. Romain THEVENARD\nRMG\nMme Myriam PELTIER\nCBS\nM. Gilles STREIT\nEQIOM GRANULATS\nM. Francis PENNEQUIN\nEntreprise Pennequin\net 1 repr\u00e9sentant des utilisateurs de mat\u00e9riaux de carri\u00e8res\nTitulaire Suppl\u00e9ant\nM. Philippe LHOMME\nEntreprise LHTP\nM. Julien REMBA\nEntreprise Roger Martin\nM. le directeur g\u00e9n\u00e9ral de l'agence r\u00e9gionale de sant\u00e9 de Bourgogne-Franche-Comt\u00e9 ou son\nrepr\u00e9sentant, de m\u00eame qu'un  hydrog\u00e9ologue agr\u00e9\u00e9,  ainsi  que M. le directeur de l'agence\nBourgogne Est de l'office national des for\u00eats Bourgogne-Franche-Comt\u00e9 ou son repr\u00e9sentant\nseront associ\u00e9s aux r\u00e9unions de cette formation sp\u00e9cialis\u00e9e, \u00e0 titre consultatif.\nArticle   7   : Nomination des membres de la formation  sp\u00e9cialis\u00e9e dite \u00ab  de la faune sauvage\ncaptive \u00bb\nSont nomm\u00e9es les personnes suivantes :\nEn qualit\u00e9 de repr\u00e9sentants des collectivit\u00e9s territoriales\ndont 1 d\u00e9sign\u00e9 par le conseil d\u00e9partemental de la C\u00f4te-d'Or\nTitulaire Suppl\u00e9ant\nM. Denis THOMAS\nConseiller  d\u00e9partemental  du  canton  de\nLadoix-Serrigny\nM. S\u00e9bastien SORDEL\nConseiller d\u00e9partemental du canton \nd'Auxonne\n7\nDirection d\u00e9partementale des territoires de la C\u00f4te-d'Or - 21-2024-11-19-00004 - Arr\u00eat\u00e9 pr\u00e9fectoral du 19 novembre 2024\nportant nomination des membres de la commission d\u00e9partementale de la nature, des paysages et des sites et de ses formations\nsp\u00e9cialis\u00e9es\n29\net 2 d\u00e9sign\u00e9s par l'association des maires de la C\u00f4te-d'Or et l'association des maires ruraux\nTitulaire Suppl\u00e9ant\nM. Jean-Charles COLOMBO\nMaire de Bure-les-Templiers\nM. Jean-Paul MAURICE\nMaire de Ch\u00e2teauneuf\nMme Dominique BEGIN-CLAUDET\nMaire de Daix\nM. Thierry JEAN\nMaire de Velars-sur-Ouche\nEn qualit\u00e9 de personnalit\u00e9s qualifi\u00e9es\ndont 1 repr\u00e9sentant d'associations agr\u00e9\u00e9es de protection de l'environnement\nTitulaire Suppl\u00e9ant\nM. Jean-Luc JOBLIN\nF\u00e9d\u00e9ration d\u00e9partementale des chasseurs de\nla C\u00f4te-d'Or\nMme B\u00e9atrice MONNET\nF\u00e9d\u00e9ration d\u00e9partementale des chasseurs \nde la C\u00f4te-d'or\net 2 scientifiques comp\u00e9tents en mati\u00e8re de faune sauvage captive\nTitulaire Suppl\u00e9ant\nM. S\u00e9bastien MOTREUIL\nAssistant  ing\u00e9nieur CNRS \u2013 Laboratoire  de\nbiog\u00e9osciences \u00e0 l'universit\u00e9 de Bourgogne\nNon pourvu\nNon pourvu Non pourvu\nEn qualit\u00e9 de responsables d'\u00e9tablissements pratiquant l'\u00e9levage, la location, la vente ou la\npr\u00e9sentation au public d'animaux d'esp\u00e8ces non domestiques\nTitulaire Suppl\u00e9ant\nM. Olivier MARQUIS\nExperts  en  reptiles,  amphibiens  et\ninvert\u00e9br\u00e9s\nNon pourvu\nM. Simon POTIER\nExperts en rapaces\nNon pourvu\nM. Arnaud VIDET\nAcheteur  chef  de  produit  secteur\nalimentation animale\nNon pourvu\nArticle 8 : dur\u00e9e des mandats\nLe mandat des membres de la commission et de ses formations sp\u00e9cialis\u00e9es est d'une dur\u00e9e\nde trois ans \u00e0 compter de la date du pr\u00e9sent arr\u00eat\u00e9.\nArticle 9     :   ex\u00e9cution et publication\nLe secr\u00e9taire g\u00e9n\u00e9ral de la pr\u00e9fecture de la C\u00f4te-d'Or et la directrice d\u00e9partementale des\nterritoires de la C\u00f4te-d'Or sont charg\u00e9s de l'ex\u00e9cution du pr\u00e9sent arr\u00eat\u00e9 qui sera publi\u00e9 au\nrecueil des actes administratifs de la pr\u00e9fecture de la C\u00f4te-d'Or.\nLe pr\u00e9fet,\nSign\u00e9 : Paul MOURIER\n8\nDirection d\u00e9partementale des territoires de la C\u00f4te-d'Or - 21-2024-11-19-00004 - Arr\u00eat\u00e9 pr\u00e9fectoral du 19 novembre 2024\nportant nomination des membres de la commission d\u00e9partementale de la nature, des paysages et des sites et de ses formations\nsp\u00e9cialis\u00e9es\n30\nDirection d\u00e9partementale des territoires de la\nC\u00f4te-d'Or\nService Pr\u00e9servation et Am\u00e9nagement de\nl'Espace (SPAE)\n21-2024-11-13-00002\nCommission d\u00e9partementale de la chasse et de\nla faune sauvage\nFormation sp\u00e9cialis\u00e9e relative \u00e0 l'indemnisation\ndes d\u00e9g\u00e2ts de gibier\naux cultures et r\u00e9coltes agricoles\nRelev\u00e9 de d\u00e9cision de la session du 13 novembre\n2024\nFixation des bar\u00e8mes d\u00e9partementaux \u00ab c\u00e9r\u00e9ales\n\u00e0 paille, ol\u00e9agineux, prot\u00e9agineux \u00bb\nDirection d\u00e9partementale des territoires de la C\u00f4te-d'Or - 21-2024-11-13-00002 - Commission d\u00e9partementale de la chasse et de la\nfaune sauvage\nFormation sp\u00e9cialis\u00e9e relative \u00e0 l'indemnisation des d\u00e9g\u00e2ts de gibier\naux cultures et r\u00e9coltes agricoles\nRelev\u00e9 de d\u00e9cision de la session du 13 novembre 2024\nFixation des bar\u00e8mes d\u00e9partementaux \u00ab c\u00e9r\u00e9ales \u00e0 paille, ol\u00e9agineux, prot\u00e9agineux \u00bb\n31\nPREFETDE LACOTE-D'ORL'z'berte'Egalit\u00e9Fraternit\u00e9\nDirection d\u00e9partementale des\nterritoires de la C\u00f4te-d'Or\nCommission d\u00e9partementale de la chasse et de la faune sauvage\nFormation sp\u00e9cialis\u00e9e relative \u00e0 l'indemnisation des d\u00e9g\u00e2ts de gibier\naux cultures et r\u00e9coltes agricoles\nRelev\u00e9 de d\u00e9cision de la session du 13 novembre 2024\nFixation des bar\u00e8mes d\u00e9partementaux \u00ab c\u00e9r\u00e9ales \u00e0 paille, ol\u00e9agineux, prot\u00e9agineux \u00bb\nLa  commission  d\u00e9partementale  de  la  chasse  et  de  la  faune  sauvage,  dans  sa  formation\nsp\u00e9cialis\u00e9e  \u00ab indemnisation  des  d\u00e9g\u00e2ts  de  gibier  aux  cultures  et r\u00e9coltes  agricoles \u00bb  s'est\nr\u00e9unie  le  13  novembre  2024,  sous  la  pr\u00e9sidence  de  Madame  Nadine  MUCKENSTURM,\ndirectrice  d\u00e9partementale  adjointe  des  territoires,  repr\u00e9sentant  le  pr\u00e9fet  de  la  r\u00e9gion\nBourgogne Franche-Comt\u00e9, pr\u00e9fet de la C\u00f4te-d'Or.\nLe bar\u00e8me d\u00e9partemental d'indemnisation \u00ab  c\u00e9r\u00e9ales \u00e0 paille, ol\u00e9agineux, prot\u00e9agineux  \u00bb a\n\u00e9t\u00e9 fix\u00e9 comme suit pour l'ann\u00e9e 2024.\nCultures Prix au quintal (\u20ac)\nBl\u00e9 dur 27 ,40\nBl\u00e9 tendre n\u00b0 1 19,50\nBl\u00e9 am\u00e9liorant 24,50\nBl\u00e9 panifiable sup\u00e9rieur 21,00\nBl\u00e9 tendre n\u00b0 2 18,50\nBl\u00e9 fourrager 17 ,00\nOrge de mouture 15,10\nOrge brassicole de printemps 22,10\nOrge brassicole d'hiver 20,10\nAvoine noire 22,20\nAvoine blanche 22,20\nSeigle 17 ,90\nSeigle fourrager 10,11\n1\nT\u00e9l. : 03 80 29 44 44\nCourriel : ddt@cote-dor.gouv.fr\n57 , rue de Mulhouse - BP 53317 - 21033 Dijon CEDEX\nDirection d\u00e9partementale des territoires de la C\u00f4te-d'Or - 21-2024-11-13-00002 - Commission d\u00e9partementale de la chasse et de la\nfaune sauvage\nFormation sp\u00e9cialis\u00e9e relative \u00e0 l'indemnisation des d\u00e9g\u00e2ts de gibier\naux cultures et r\u00e9coltes agricoles\nRelev\u00e9 de d\u00e9cision de la session du 13 novembre 2024\nFixation des bar\u00e8mes d\u00e9partementaux \u00ab c\u00e9r\u00e9ales \u00e0 paille, ol\u00e9agineux, prot\u00e9agineux \u00bb\n32\nTriticale 15,30\nColza (alimentaire et industriel) 45,00\nPois prot\u00e9agineux 28,00\nF\u00e9veroles 30,00\nPaille 3,00\nPour les cultures biologiques, l'indemnisation est calcul\u00e9e sur la base des justificatifs fournis\npar l'exploitant agricole. En l'absence de ces documents, elle sera calcul\u00e9e \u00e0 partir du prix\nconventionnel major\u00e9 de 20 %.\nLa pr\u00e9sidente de la commission,\nSign\u00e9 : Mme Nadine MUCKENSTURM\nConform\u00e9ment aux dispositions de l'article R.426-8-2 du code de l'environnement, le pr\u00e9sent\nrelev\u00e9 de d\u00e9cision est publi\u00e9 au recueil des actes administratifs de la pr\u00e9fecture de la C\u00f4te\nd'Or.\n2\nT\u00e9l. : 03 80 29 44 44\nCourriel : ddt@cote-dor.gouv.fr\n57 , rue de Mulhouse - BP 53317 - 21033 Dijon CEDEX\nDirection d\u00e9partementale des territoires de la C\u00f4te-d'Or - 21-2024-11-13-00002 - Commission d\u00e9partementale de la chasse et de la\nfaune sauvage\nFormation sp\u00e9cialis\u00e9e relative \u00e0 l'indemnisation des d\u00e9g\u00e2ts de gibier\naux cultures et r\u00e9coltes agricoles\nRelev\u00e9 de d\u00e9cision de la session du 13 novembre 2024\nFixation des bar\u00e8mes d\u00e9partementaux \u00ab c\u00e9r\u00e9ales \u00e0 paille, ol\u00e9agineux, prot\u00e9agineux \u00bb\n33\nDirection d\u00e9partementale des territoires de la\nC\u00f4te-d'Or\nService S\u00e9curit\u00e9 et Education Routi\u00e8re\n21-2024-11-22-00004\nArr\u00eat\u00e9 N\u00b01787 portant lev\u00e9e de l'interdiction de\ncirculation aux poids lourds de plus de 7,5\ntonnes sur l'autoroute A36 dans le sens\nBeaune-Besan\u00e7on entre l'\u00e9changeur A36/A39 et\nla limite avec le d\u00e9partement du Jura\nDirection d\u00e9partementale des territoires de la C\u00f4te-d'Or - 21-2024-11-22-00004 - Arr\u00eat\u00e9 N\u00b01787 portant lev\u00e9e de l'interdiction de\ncirculation aux poids lourds de plus de 7,5 tonnes sur l'autoroute A36 dans le sens Beaune-Besan\u00e7on entre l'\u00e9changeur A36/A39 et la\nlimite avec le d\u00e9partement du Jura\n34\nExPREFETDE LACOTE-D'ORLibert\u00e9\u00c9galit\u00e9Fraternit\u00e9\nDirection d\u00e9partementale des territoires de la\nC\u00f4te-d'Or\n    Dijon, le 22 novembre 2024 \nArr\u00eat\u00e9 N\u00b01787\nportant lev\u00e9e de l'interdiction de circulation aux poids lourds de plus de 7,5 tonnes  sur\nl'autoroute A36 dans le sens Beaune-Besan\u00e7on entre l'\u00e9changeur A36/A39 et la limite avec le\nd\u00e9partement du Jura\nLe pr\u00e9fet de la r\u00e9gion Bourgogne-Franche-Comt\u00e9\nPr\u00e9fet de la C\u00f4te-d'Or\nVU le code de la route, et notamment l'article R. 411-18  ;\nVU le d\u00e9cret n\u00b02005-1499 du 5 d\u00e9cembre 2005 relatif \u00e0 la consistance du r\u00e9seau national ;\nVU le d\u00e9cret n\u00b02004-374 du 29 avril 2004 relatif aux pouvoirs des pr\u00e9fets, \u00e0 l'organisation et \u00e0\nl'action des services de l'\u00c9tat dans les r\u00e9gions et les d\u00e9partements  ;\nVU  le d\u00e9cret n\u00b02010-146 du 16 f\u00e9vrier 2010 modifiant le d\u00e9cret n\u00b02009-615 du 3 juin 2009\nfixant la liste des routes \u00e0 grandes circulation ;\nVU l'arr\u00eat\u00e9 interminist\u00e9riel du 24 novembre 1967 modifi\u00e9, relatif \u00e0 la signalisation des routes\net autoroutes ;\nVU  l'arr\u00eat\u00e9 pr\u00e9fectoral n\u00b0612 du 20 ao\u00fbt 2019, portant r\u00e9glementation permanente de la\ncirculation pour l'exploitation des chantiers courants sur les autoroutes conc\u00e9d\u00e9es \u00e0 APRR\ndans le d\u00e9partement de la C\u00f4te-d'Or ;\nVU  l'instruction interminist\u00e9rielle sur la signalisation routi\u00e8re et notamment la 8  partie du\u1d49\nlivre I \u2013 Signalisation temporaire, approuv\u00e9 par l'arr\u00eat\u00e9 du 6 novembre 1992 modifi\u00e9  ;\nVU la note technique du 14 avril 2016 du Minist\u00e8re de l'Environnement de l'\u00c9nergie et de la\nMer, relative \u00e0 la coordination des chantiers sur le r\u00e9seau national  ;\nDirection d\u00e9partementale des territoires de la C\u00f4te-d'Or\n57, rue de Mulhouse - BP 53317 - 21033 Dijon CEDEX\nT\u00e9l. : 03 80 29 44 44\nCourriel : ddt@cote-dor.gouv.fr\nDirection d\u00e9partementale des territoires de la C\u00f4te-d'Or - 21-2024-11-22-00004 - Arr\u00eat\u00e9 N\u00b01787 portant lev\u00e9e de l'interdiction de\ncirculation aux poids lourds de plus de 7,5 tonnes sur l'autoroute A36 dans le sens Beaune-Besan\u00e7on entre l'\u00e9changeur A36/A39 et la\nlimite avec le d\u00e9partement du Jura\n35\nVU l'arr\u00eat\u00e9 zonal N\u00b02024-27/EMIZ en date du 20 novembre 2024 portant r\u00e9glementation de\nla circulation des v\u00e9hicules sur le r\u00e9seau routier structurant d'int\u00e9r\u00eat zonal  ;\nVU l'arr\u00eat\u00e9 zonal N\u00b02024-2 8/EMIZ en date du 2 2 novembre 2024 portant r\u00e9glementation de\nla circulation des v\u00e9hicules sur le r\u00e9seau routier structurant d'int\u00e9r\u00eat zonal  ;\nVU l'arr\u00eat\u00e9 zonal N\u00b02024-2 9/EMIZ en date du 2 2 novembre 2024 portant r\u00e9glementation de\nla circulation des v\u00e9hicules sur le r\u00e9seau routier structurant d'int\u00e9r\u00eat zonal  ;\nVU l'arr\u00eat\u00e9 N\u00b01786 portant interdiction de circulation aux poids lourds de plus de 7,5 tonnes\nsur l'autoroute A36 dans le sens Beaune-Besan\u00e7on entre l'\u00e9changeur A36/A39 et la limite\navec le d\u00e9partement du Jura ;\nConsid\u00e9rant que les conditions de circulation sont redevenues normales sur l'autoroute A36  ;\nARR\u00caTE\nArticle 1er :\nL'interdiction de circulation aux poids lourds de plus de 7,5 tonnes sur l'autoroute A36 dans\nle sens Beaune-Besan\u00e7on entre l'\u00e9changeur A36/A39 et la limite avec le d\u00e9partement du Jura\nest lev\u00e9e.\nArticle 2 : \nLe pr\u00e9sent arr\u00eat\u00e9 peut faire l'objet d'un recours gracieux aupr\u00e8s du pr\u00e9fet et/ou d'un recours\ncontentieux  devant  le  tribunal  administratif  dans  un  d\u00e9lai  de  2  mois  \u00e0  compter  de  sa\nnotification. Le tribunal administratif peut \u00eatre saisi par un recours d\u00e9pos\u00e9 via l'application\nT\u00e9l\u00e9recours citoyens accessible par le site internet www.telerecours.fr \u00bb.\nArticle 3 : \nLe Directeur de Cabinet du pr\u00e9fet de la C\u00f4te-d'Or, le Directeur d'APRR, le Commandant de\nla R\u00e9gion de Gendarmerie de Bourgogne-Franche Comt\u00e9 et du Groupement de C\u00f4te d'Or\nsont charg\u00e9s, chacun en ce qui le concerne, de l'ex\u00e9cution du pr\u00e9sent arr\u00eat\u00e9.\nFait \u00e0 Dijon, le 22 novembre 2024\nLe pr\u00e9fet,\nPour le pr\u00e9fet, le directeur de cabinet\nSIGNE\nOlivier GERSTLE\nDirection d\u00e9partementale des territoires de la C\u00f4te-d'Or\n57, rue de Mulhouse - BP 53317 - 21033 Dijon CEDEX\nT\u00e9l. : 03 80 29 44 44\nCourriel : ddt@cote-dor.gouv.fr\nDirection d\u00e9partementale des territoires de la C\u00f4te-d'Or - 21-2024-11-22-00004 - Arr\u00eat\u00e9 N\u00b01787 portant lev\u00e9e de l'interdiction de\ncirculation aux poids lourds de plus de 7,5 tonnes sur l'autoroute A36 dans le sens Beaune-Besan\u00e7on entre l'\u00e9changeur A36/A39 et la\nlimite avec le d\u00e9partement du Jura\n36\nDRAAF Bourgogne-Franche-Comt\u00e9\nService r\u00e9gional de la for\u00eat et du bois\n21-2024-11-26-00002\nArr\u00eat\u00e9 portant approbation de l'am\u00e9nagement\nde la for\u00eat communale d' \u00c9chevannes pour la\np\u00e9riode 2025-2044 \nDRAAF Bourgogne-Franche-Comt\u00e9 - 21-2024-11-26-00002 - Arr\u00eat\u00e9 portant approbation de l'am\u00e9nagement de la for\u00eat communale d'\n\u00c9chevannes pour la p\u00e9riode 2025-2044 37\nPREFET _ | Direction r\u00e9gionale de l'alimentation,DE LA R\u00c9GION de l'agriculture et de la for\u00eatBOURGOGNE- FFRANCHE-COMT\u00c9 Bourgogne-Franche-Comt\u00e9Libert\u00e9 \u2014 Service r\u00e9gional de la for\u00eat et du boisEgalit\u00e9 ;Fraternit\u00e9D\u00e9partement : C\u00d4TE-D'ORFor\u00eat communale d'\u00c9chevannesContenance cadastrale : 164,4201 ha- Surface de gestion : 164,42 haR\u00e9vision du document d'am\u00e9nagement :2025-2044Arr\u00eat\u00e9 d'am\u00e9nagement n\u00b0 74 _ 2024~/ A- 26 - 0000 2.Portant approbation du document d'am\u00e9nagement de la for\u00e9t d'Echevannespour la p\u00e9riode 2025-2044Le Pr\u00e9fet de lar\u00e9gionBOURGOGNE-FRANCHE-COMT\u00c9,Pr\u00e9fet de la C\u00f4te d'Or 'VU es articles L124-1,1\u00b0, L212-1, L212-2, D212-1, D212-2, R212-3, D212-5,2\u00b0, D214-15, etD214-16 du Code Forestier ;VU _ le sch\u00e9ma r\u00e9gional d'am\u00e9nagement de la r\u00e9gion Bourgogne, arr\u00eat\u00e9 en date du 05/12/201 1;VU la d\u00e9lib\u00e9ration du conseil communal d'Echevannes en date du 10/09/2024, vis\u00e9 par lapr\u00e9fecture de Dijon le 12/09/2024, donnant son accord au projet d'am\u00e9nagement forestierqui lui a \u00e9t\u00e9 pr\u00e9sent\u00e9 ;VU le d\u00e9cret n\u00b0 2004-374 du 29 avril 2004 modifi\u00e9 relatif aux pouvoirs des pr\u00e9fets, \u00e0l'organisation et \u00e0 l'action des services de l'Etat dans les r\u00e9gions et d\u00e9partements ; -'VU le d\u00e9cret du 10 octobre 2024 nommant M. Paul MOURIER, pr\u00e9fet de la r\u00e9gion Bourgogne-Franche-Comt\u00e9, pr\u00e9fet de la C\u00f4te-d'Or ;VU l'arr\u00eat\u00e9 pr\u00e9fectoral n\u00b0 24-296 BAG du 28 octobre 2024 portant d\u00e9l\u00e9gation de signature duPr\u00e9fet \u00e0 Madame Marie-Jeanne FOTRE \u2014 MULLER et la d\u00e9cision n\u00b024-47- DRAAF BFCdu 29 octobre 2024, portant subd\u00e9l\u00e9gation \u00e0 Monsieur Pierre LAMBARE ;SUR proposition du Directeur Territorial de l'Office National des For\u00eats ;SUR proposition de la Directrice R\u00e9gionale de I' Alimentation, de l'Agriculture et de la For\u00e9t ;ARRETEArticle 1\" : La for\u00e9t communale d'\u00c9chevannes (C\u00d4TE D'OR), d'une contenance de 164,42 ha, estaffect\u00e9e prioritairement \u00e0 la fonction de production ligneuse et \u00e0 la fonction \u00e9cologique, tout enassurant sa fonction sociale et de protection physique, dans le cadre d'une gestion durablemultifonctionnelle. |Article 2 : Cette for\u00eat comprend une partie bois\u00e9e de 161,03 ha, actuellement compos\u00e9e de Pinnoir d'Autriche (35%), Ch\u00eane sessile ou p\u00e9doncul\u00e9 (23%), Pin sylvestre (20%), Alisier blanc(5%), Douglas (3%), Pin laricio (2%), Alisier torminal (2%), H\u00eatre (2%), M\u00e9l\u00e8ze d'Europe (2%)et d'autres feuillus (6%). Le reste, soit 3.39 ha, est constitu\u00e9 de dessertes foresti\u00e8res ainsi que depelouses. -Les peuplements susceptibles de production ligneuse seront trait\u00e9s en sylviculture r\u00e9guli\u00e8re(127,84 ha) notamment dans les parcelles les plus pures en r\u00e9sineux ou en sylviculture\nDRAAF Bourgogne-Franche-Comt\u00e9 - 21-2024-11-26-00002 - Arr\u00eat\u00e9 portant approbation de l'am\u00e9nagement de la for\u00eat communale d'\n\u00c9chevannes pour la p\u00e9riode 2025-2044 38\nirr\u00e9guli\u00e8re, principalement dans les parcelles pr\u00e9sentant un m\u00e9lange intime avec les feuillus(24,44 ha). |Les essences-objectifs, qui d\u00e9terminent sur le long terme les grands choix de gestion de cespeuplements, seront tr\u00e8s majoritairement r\u00e9sineuses_prioritairement, le Pin noir d'Autriche.L'essence-objectif feuillue restera localis\u00e9e sur la for\u00eat : le Ch\u00eane sessile. N\u00e9anmoins, comptetenu de l'incertitude actuelle sur l'\u00e9volution des changements climatiques en cours, ces choixd'essences pourront \u00eatre modul\u00e9s en cours d'application de l'am\u00e9nagement pour assurerl'adaptation du choix de chaque essence-objectif, ou groupe d'essences-objectifs, aux \u00e9volutionsdes connaissances en mati\u00e8re de changements climatiques et d'adaptation des essences \u00e0 ceschangements.Les autres essences seront favoris\u00e9es comme essences d'accompagnement, dans la limite de leuradaptation aux conditions stationnelles futures.Article 3 : Pendant une dur\u00e9e de 20 ans (2025-2044) :- La for\u00eat sera divis\u00e9e en 10 groupes de gestion := Un groupe de r\u00e9g\u00e9n\u00e9ration, d'une contenance de 8,24 ha en sylviculture, au seinduquel 1,52 ha seront nouvellement ouverts en r\u00e9g\u00e9n\u00e9ration, 8,24 ha seront parcouruspar une coupe d\u00e9finitive au cours de la p\u00e9riode ;= Un groupe de jeunesse, d'une contenance de 7,89 ha en sylviculture, qui fera l'objetdes travaux n\u00e9cessaires \u00e0 l'\u00e9ducation des peuplements ;= Un groupe d'am\u00e9lioration, d'une contenance de 101,45 ha en sylviculture, qui seraparcouru par des coupes selon une rotation variant de 11 ans \u00e0 17 ans en fonction de lacroissance des peuplements ;\u00ab Un groupe de futaie par parquets, d'une contenance de 10,26 ha en sylviculture, au seinduquel 3,05 ha seront nouvellement ouverts en r\u00e9g\u00e9n\u00e9ration et parcourus par une couped\u00e9finitive au cours de la p\u00e9riode ;= Un groupe de futaie irr\u00e9guli\u00e8re, de 20,83 ha en sylviculture, qui sera parcouru par descoupes visant \u00e0 se rapprocher d'une structure \u00e9quilibr\u00e9e, selon une rotation de 12 ans ;= Un groupe de futaie irr\u00e9guli\u00e8re extensive, d'une contenance de 3,61 ha en sylviculture,qui sera parcouru par des coupes visant \u00e0 maintenir le couvert forestier tout enr\u00e9coltant essentiellement les bois d\u00e9p\u00e9rissants, selon une rotation de 20 ans ;= Un groupe d'ilots de s\u00e9nescence, d'une contenance de 6,38 ha, qui sera laiss\u00e9 \u00e0 son\u00e9volution naturelle, au profit de la biodiversit\u00e9 ;= Un groupe d'int\u00e9r\u00e9t \u00e9cologique g\u00e9n\u00e9ral d'une contenance de 0,94 ha, qui sera laiss\u00e9 \u00e0son \u00e9volution naturelle ;\u00ab Un groupe d'int\u00e9r\u00e9t \u00e9cologique et de s\u00e9curisation quand au risque incendie d'unecontenance de 3,47 ha, qui sera entretenu afin d'\u00e9viter un enfrichement par le couvertforestier;= Un groupe constitu\u00e9 de routes foresti\u00e8res de 1,35 ha, qui sera laiss\u00e9 en l'\u00e9tat.- l'Office National des For\u00eats informera r\u00e9guli\u00e8rement le Conseil Municipal d'\u00c9chevannesde l'\u00e9tat de d\u00e9s\u00e9quilibre sylvo cyn\u00e9g\u00e9tique dans la for\u00eat entrainant la n\u00e9cessit\u00e9 de prot\u00e9ger tousles plants qui pourraient \u00eatre mis en place, et ce dernier mettra en oeuvre toutes les mesures n\u00e9-cessaires \u00e0 son r\u00e9tablissement suivant la capacit\u00e9 d'accueil, et en s'assurant en particulier que leniveau des demandes de plans de chasse concernant la for\u00eat soit en nette augmentation comptetenu de l'\u00e9volution des populations de grand gibier et des d\u00e9g\u00e2ts constat\u00e9s sur les peuplements;- les mesures d\u00e9finies par les consignes nationales de gestion visant \u00e0 la pr\u00e9servation de la' biodiversit\u00e9 courante (notamment la conservation d'arbres isol\u00e9s \u00e0 cavit\u00e9s ou s\u00e9nescents) ainsiqu'\u00e0 la pr\u00e9servation des sols et des eaux de surface, seront syst\u00e9matiquement mises en \u0153uvre.\nDRAAF Bourgogne-Franche-Comt\u00e9 - 21-2024-11-26-00002 - Arr\u00eat\u00e9 portant approbation de l'am\u00e9nagement de la for\u00eat communale d'\n\u00c9chevannes pour la p\u00e9riode 2025-2044 39\nArticle 4 : La Directrice R\u00e9gionale de l'Alimentation, de I'Agriculture, et de la For\u00e9t, et le- Directeur Territorial de l'Office National des For\u00e9ts sont charg\u00e9s, chacun en ce qui le concerne,de l'ex\u00e9cution du pr\u00e9sent arr\u00e9t\u00e9, qui sera publi\u00e9 au recueil des actes administratifs de lapr\u00e9fecture de C\u00f4te-d'Or.Besan\u00e7on, le 7 mo\\;'uabre_ 2024Pour le Pr\u00e9fet de la R\u00e9gion Bourgogne-Franche-Comt\u00e9 et par d\u00e9l\u00e9gation,La Directrice R\u00e9gionale de l'Alimentation, de l'Agriculture et de la For\u00eatet par subd\u00e9l\u00e9gation,L'adjoint au Chef du Service R\u00e9gionalde laFor\u00eat et du Bois\nDRAAF Bourgogne-Franche-Comt\u00e9 - 21-2024-11-26-00002 - Arr\u00eat\u00e9 portant approbation de l'am\u00e9nagement de la for\u00eat communale d'\n\u00c9chevannes pour la p\u00e9riode 2025-2044 40\nDRAAF Bourgogne-Franche-Comt\u00e9 - 21-2024-11-26-00002 - Arr\u00eat\u00e9 portant approbation de l'am\u00e9nagement de la for\u00eat communale d'\n\u00c9chevannes pour la p\u00e9riode 2025-2044 41\nDRAAF Bourgogne-Franche-Comt\u00e9\nService r\u00e9gional de la for\u00eat et du bois\n21-2024-11-26-00001\nArr\u00eat\u00e9 portant approbation de l'am\u00e9nagement\nde la for\u00eat communale de Bremur-Et-Vaurois\npour la p\u00e9riode 2024-2043 avec application du\n2\u00b0 de l'article L 122-7 du code forestier\nDRAAF Bourgogne-Franche-Comt\u00e9 - 21-2024-11-26-00001 - Arr\u00eat\u00e9 portant approbation de l'am\u00e9nagement de la for\u00eat communale de\nBremur-Et-Vaurois pour la p\u00e9riode 2024-2043 avec application du 2\u00b0 de l'article L 122-7 du code forestier 42\n\u00c8I\u00c8\u00caI\u0152\u00cf(\u00c9GION Direction r\u00e9gionale de l'alimentation,BOURGOGNE- ... de I'agriculture et de la for\u00ea'tFRANCHE-COMT\u00c9 , Bourgogne-Franche-Comt\u00e9ur Service r\u00e9gional de la for\u00eat et du boisFraternit\u00e9\nD\u00e9partement : C\u00d4TE-D'OR .For\u00e9t communale de BREMUR-ET-VAUROISContenance cadastrale : 236,2743 haSurface de gestion: 236,27 haR\u00e9vision du document d'amenagement :2024-2043Arr\u00e9t\u00e9 d'am\u00e9nagementn\u00b0J 4 - ZOZ.'( M- 26 -0oc0 Lportant approbation du document d'am\u00e9nagement de la for\u00eat communalede Bremur-Et-Vaurois pour la p\u00e9riode 2024-2043avec application du 2\u00b0 de l'article L122-7 du code forestierLe Pr\u00e9fet de la r\u00e9gionBOURGOGNE-FRANCHE-COMT\u00c9,Pr\u00e9fet de la C\u00f4te d'OrVU les articles L124-1,1\u00b0, L212-1, L212-2, D212-1, D212-2, R212-3, D212\u20145,2\u00b0, D214-15, etD214-16 du Code Forestier;VU es articles L122- 7, L122-8, R122-23 et R122-24 du Code Forestier ;VU l'article R212-4 du Code Forestier ;VU es articles L331-4 et R331-19 du Code de l'Environnement ;VU es articles L341-1 et R341-9 du Code de l'Environnement ;VU es articles L414-4 et R414-19 du Code de l'Environnement ;VU l'article L621-32 et R621-96 du code du Patrimoine :VU le sch\u00e9ma r\u00e9gional d'am\u00e9nagement de la r\u00e9gion Bourgogne, arr\u00eat\u00e9 en date du 05/12/2011 ;VU l'avis du Directeur du Parc national de for\u00eats en date d\u00f9 23/10/2024;VU l'avis de I' Architecte des B\u00e2timents de France, en date du 27/08/2024;VU l'approbation du conseil municipal de Br\u00e9mur et Vaurois en date du 24/10/2023, vis\u00e9 par lasous-pr\u00e9fecture de Montbard le 07/11/2023, donnant son accord au projet d'am\u00e9nagementforestier qui lui a \u00e9t\u00e9 pr\u00e9sent\u00e9, et demandant le b\u00e9n\u00e9fice des articles L122-7 et L122-8 ducode forestier au titre de la r\u00e9glementation des sites Natura 2000;VU le d\u00e9cret n\u00b0 2004-374 du 29 avril 2004 modifi\u00e9 relatif aux pouvoirs des pr\u00e9fets, \u00e0l'organisation et \u00e0 l'action des services de l'Etat dans les r\u00e9gions et d\u00e9partements;VU le d\u00e9cret du 10 octobre 2024 nommant M. Paul MOURIER, pr\u00e9fet de la r\u00e9gion Bourgogne-Franche-Comt\u00e9, pr\u00e9fet de la C\u00f4te-d'Or;VU l'arr\u00eat\u00e9 pr\u00e9fectoral n\u00b0 24-296 BAG du 28 octobre 2024 portant delega\u00fcon de signature duPr\u00e9fet\u00e0Madame Marie-Jeanne FOTR\u00c9\u2014 MULLER et la d\u00e9cision n\u00b024--47- DRAAF BFCdu 29 octobre 2024, portant subd\u00e9l\u00e9gation \u00e0 Monsieur Pierre LAMBARE ;SUR proposition du Directeur Territorial de l'Office National des For\u00eats ;SUR proposition de la Directrice R\u00e9gionale de l'Alimentation, de l'Agriculture et de la For\u00eat ;\nDRAAF Bourgogne-Franche-Comt\u00e9 - 21-2024-11-26-00001 - Arr\u00eat\u00e9 portant approbation de l'am\u00e9nagement de la for\u00eat communale de\nBremur-Et-Vaurois pour la p\u00e9riode 2024-2043 avec application du 2\u00b0 de l'article L 122-7 du code forestier 43\nARRETEArticle 1\" : La for\u00eat communale de BREMUR-ET-VAUROIS (COTE-D'OR), d'une contenancede 236,27 ha, est affect\u00e9e prioritairement \u00e0 la fonction de production ligneuse et \u00e0 la fonction\u00e9cologique, tout en assurant sa fonction sociale et de protection physique, dans le cadre d'unegestion durable multifonctionnelle.Article 2 : Cette for\u00eat comprend une partie bois\u00e9e de 234,34 ha, actuellement compos\u00e9e deCh\u00eane sessile ou p\u00e9doncul\u00e9 (54%), H\u00eatre (19%), Charme (12%), Erable champ\u00eatre (8%), Tilleul(4%), Autres Feuillus (1%), Fr\u00eane commun (1%), Fruitiers (1%). Le reste, soit 1,93 ha, estconstitu\u00e9 d'anciennes carri\u00e8res. \u2014Les peuplements susceptibles de production ligneuse seront trait\u00e9s en futaie irr\u00e9guli\u00e8re dontconversion en futaie irr\u00e9guli\u00e8re sur 160,59 ha, en futaie r\u00e9guli\u00e8re dont conversion en futaier\u00e9guli\u00e8re sur 32,99 ha, et en attente sans traitement d\u00e9fini sur 4,52 ha.Les essences-objectif, qui d\u00e9terminent sur le long terme les grands choix de gestion de cespeuplements, seront tr\u00e8s majoritairement feuillues : prioritairement, le ch\u00eane sessile, ainsi qu'uncort\u00e8ge de feuillus divers dans les zones n\u00e9cessitant un renouvellement rapide. N\u00e9anmoins,compte tenu de l'incertitude actuelle sur l'\u00e9volution des changements climatiques en cours, ceschoix d'essences pourront \u00eatre modul\u00e9s en cours d'application de l'am\u00e9nagement pour assurerl'adaptation du choix de chaque essence-objectif, aux \u00e9volutions des connaissances en mati\u00e8re dechangements climatiques et d'adaptation des essences \u00e0 ces changements.Les autres essences seront favoris\u00e9es comme essences-objectif associ\u00e9es ou comme essencesd'accompagnement, dans la limite de leur adaptation aux conditions stationnelles futures.Article 3 : Pendant une dur\u00e9e de 20 ans (2024 \u2014 2043) :- La for\u00eat sera divis\u00e9e en douze groupes de gestion := Un groupe de jeunesse, d'une contenance de 6,73 ha en sylviculture, qui fera l'objetdes travaux n\u00e9cessaires \u00e0 l'\u00e9ducation des peuplements ;= Deux groupes d'am\u00e9lioration, d'une contenance totale de 26,26 ha en sylviculture, quiseront parcourus par des coupes selon une rotation variant de 6 \u00e0 12 ans en fonction dela croissance des peuplements;= Trois groupes de futaie irr\u00e9guli\u00e8re, d'une contenance totale de 151,77 ha ensylviculture, qui seront parcourus par des coupes visant \u00e0 se rapprocher, d'unestructure \u00e9quilibr\u00e9e, selon une rotation variant de 12 \u00e0 20 ans en fonction de lacroissance des peuplements;= Un groupe d'attente, d'une contenance de 4, 52 ha en sylviculture, qui sera laiss\u00e9 encroissance libre sur la p\u00e9riode;= Un groupe d'ilot de vieillissement trait\u00e9 en conversion en futaie irr\u00e9guli\u00e8re, d'unecontenance de 8,82 ha en sylviculture, qui fera l'objet d'une gestion spe\u0153fique auprofit de la biodiversit\u00e9;\u00ab . Un groupe d'\u00eelot de s\u00e9nescence, d'une contenance de 15,04 ha, qui sera laiss\u00e9 \u00e0 son\u00e9volution naturelle, au profit de la biodiversit\u00e9 ;= Un groupe en hors sylviculture \u00e0 vocation \u00e9cologique, d'une contenance de 7,87 ha, danslequel des interventions seront pr\u00e9vues dans le but de maintenir ou de restaurer uneesp\u00e8ce ou un milieu sensible ;= Un groupe hors sylviculture en \u00e9volution naturelle d'une contenance de 14,92 ha, quisera laiss\u00e9 \u00e0 son \u00e9volution naturelle ;= Un groupe hors sylviculture, constitu\u00e9 de deux anciennes carri\u00e8res, d'une contenancede 0,34 ha, qui sera laiss\u00e9 en l'\u00e9tat.- 1,3 km de route empierr\u00e9e et 1,3km de piste de d\u00e9bardage seront cr\u00e9\u00e9s afin d'am\u00e9liorer ladesserte du massif ;\nDRAAF Bourgogne-Franche-Comt\u00e9 - 21-2024-11-26-00001 - Arr\u00eat\u00e9 portant approbation de l'am\u00e9nagement de la for\u00eat communale de\nBremur-Et-Vaurois pour la p\u00e9riode 2024-2043 avec application du 2\u00b0 de l'article L 122-7 du code forestier 44\n- l'Office National des For\u00e9ts informera r\u00e9guli\u00e8rement le Conseil Municipal de la communede Br\u00e9mur et Vaurois de l'\u00e9tat de d\u00e9s\u00e9quilibre sylvo-cyn\u00e9g\u00e9tique dans la for\u00eat, entrainant la n\u00e9-cessit\u00e9 de prot\u00e9ger tous les plants qui pourraient \u00eatre mis en place, et ce dernier mettra en \u0153uvretoutes les mesures n\u00e9cessaires \u00e0 son r\u00e9tablissement suivant la capacit\u00e9 d'accueil, et en s'assuranten particulier que le niveau des demandes de plans de chasse concernant la for\u00eat est en nette aug-mentation compte tenu de l'\u00e9volution des populations de grand gibier et des d\u00e9g\u00e2ts constat\u00e9s surles peuplements;- les mesures d\u00e9finies par les consignes nationales de gestion visant \u00e0 la pr\u00e9servation de labiodiversit\u00e9 courante (notamment la conservation d'arbres isol\u00e9s \u00e0 cavit\u00e9s, morts, ou s\u00e9nescents)ainsi qu'\u00e0 la pr\u00e9servation des sols et des eaux de surface, seront syst\u00e9matiquement mises en\u0153uvre.Article4: Le document d'am\u00e9nagement de la for\u00eat communale de BREMUR-ET-VAUROIS,pr\u00e9sentement arr\u00eat\u00e9, est approuv\u00e9 par application du 2\u00b0 de l'article L122-7 du code forestier, pour leprogramme de coupes et de travaux sylvicoles, \u00e0 l'exclusion des travaux d'infrastructures, au titre :- de la r\u00e9glementation propre \u00e0 Natura 2000 relative \u00e0 ZSC FR26000963 \u00ab Marais tufeux duChatillonnais \u00bb, instaur\u00e9e au titre de la Directive europ\u00e9enne \u00ab Habitats naturels \u00bb ;consid\u00e9rant que la for\u00e9t est situ\u00e9e pour 1% de sa surface dans le site NATURA 2000;- de la r\u00e9glementation propre aux sites class\u00e9s pour le site inscrit Ch\u00e2teau et vall\u00e9e de la Seine \u00e0Br\u00e9mur et Vaurois ;- de la r\u00e9glementation propre aux monuments historiques inscrits pour le Ch\u00e2teau deRocheprise.Article 5 : La Directrice R\u00e9gionale de l'Alimentation, de l'Agriculture, et de la For\u00e9t, et leDirecteur Territorial de l'Office National des For\u00eats sont charg\u00e9s, chacun en ce qui le concerne,de l'ex\u00e9cution du pr\u00e9sent arr\u00eat\u00e9, qui sera publi\u00e9 au recueil des actes administratifs de lapr\u00e9fecture de C\u00d4TE-D'OR.Besan\u00e7on, le Z\u00c9 movembre- 2024Pour le Pr\u00e9fet de la R\u00e9gion Bourgogne-Franche-Comt\u00e9 et par d\u00e9l\u00e9gation,La Directrice R\u00e9gionale de l'Alimentation, de l'Agriculture et de la For\u00eat\" et par subd\u00e9l\u00e9gation,L'adjoint au Chef du Se\u00ffe\u00ffo de la For\u00eat et du Bois%s\\\u00c7>\"0PArd S f-ls\n\\ !\nDRAAF Bourgogne-Franche-Comt\u00e9 - 21-2024-11-26-00001 - Arr\u00eat\u00e9 portant approbation de l'am\u00e9nagement de la for\u00eat communale de\nBremur-Et-Vaurois pour la p\u00e9riode 2024-2043 avec application du 2\u00b0 de l'article L 122-7 du code forestier 45\nDRAAF Bourgogne-Franche-Comt\u00e9 - 21-2024-11-26-00001 - Arr\u00eat\u00e9 portant approbation de l'am\u00e9nagement de la for\u00eat communale de\nBremur-Et-Vaurois pour la p\u00e9riode 2024-2043 avec application du 2\u00b0 de l'article L 122-7 du code forestier 46\nDRAAF Bourgogne-Franche-Comt\u00e9\nService r\u00e9gional de la for\u00eat et du bois\n21-2024-11-26-00003\nArr\u00eat\u00e9 portant approbation de l'am\u00e9nagement\nde la for\u00eat communale de F\u00e9nay pour la p\u00e9riode\n2024-2043 \nDRAAF Bourgogne-Franche-Comt\u00e9 - 21-2024-11-26-00003 - Arr\u00eat\u00e9 portant approbation de l'am\u00e9nagement de la for\u00eat communale de\nF\u00e9nay pour la p\u00e9riode 2024-2043 47\nPREFET _ Direction r\u00e9gionale de l'alimentation,DE LA R\u00c9GION de I'agriculture et de la for\u00eatBOURGOGNE- ... ; ;FRANCHE-COMT\u00c9 Bourgogne-Franche-Comt\u00e9Libert\u00e9 Service r\u00e9gional de la for\u00eat et du boisgalit\u00e9Fraternit\u00e9D\u00e9partement : COTE-D'ORFor\u00eats de la commune de FENAYContenance cadastrale : 103,1948 haSurface de gestion : 103,19 haR\u00e9vision du document d'am\u00e9nagement :2024-2043Arr\u00e9t\u00e9 d'am\u00e9nagement n\u00b0 Z 4_ 7024 _ AN -76 - 00005portant approbation du document d'Am\u00e9nagement de la for\u00eatcommunale de F\u00e9nay pour la p\u00e9riode 2024-2043Le Pr\u00e9fet de la r\u00e9gion BOURGOGNE-FRANCHE-COMT\u00c9,Pr\u00e9fet de la C\u00f4te d'OrVU les articles L124-1,1\u00b0, L212-1, L212-2, D212-1, D212-2, R212-3, D212-5,2\u00b0, D214-15, etD214-16 du Code Forestier ; |VU le sch\u00e9ma r\u00e9gional d'am\u00e9nagement de la r\u00e9gion Bourgogne, arr\u00eat\u00e9 en date du 05/12/2011 ;VU la d\u00e9lib\u00e9ration du conseil municipal de la commune de F\u00e9nay en date du 08/07/2024 , vis\u00e9par la Pr\u00e9fecture de Dijon le 12/07/2024, donnant son accord au projet d'am\u00e9nagementforestier qui lui a \u00e9t\u00e9 pr\u00e9sent\u00e9 ;VU le d\u00e9cret n\u00b0 2004-374 du 29 avril 2004 modifi\u00e9 relatif aux pouvoirs des pr\u00e9fets, \u00e0l'organisation et \u00e0 l'action des services de l'Etat dans les r\u00e9gions et d\u00e9partements ;VU le d\u00e9cret du 10 octobre 2024 nommant M. Paul MOURIER, pr\u00e9fet de la r\u00e9gion Bourgogne-Franche-Comt\u00e9, pr\u00e9fet de la C\u00f4te-d'Or ;VU l'arr\u00eat\u00e9 pr\u00e9fectoral n\u00b0 24-296 BAG du 28 octobre 2024 portant d\u00e9l\u00e9gation de signature duPr\u00e9fet \u00e0 Madame Marie-Jeanne FOTRE \u2014 MULLER et la d\u00e9cision n\u00b024-47- DRAAF BFCdu 29 octobre 2024, portant subd\u00e9l\u00e9gation \u00e0 Monsieur Pierre LAMBARE ;SUR proposition du Directeur Territorial de l'Office National des For\u00eats ;SUR proposition de la Directrice R\u00e9gionale de I' Alimentation, de l'Agriculture et de la For\u00eat ;\nARR\u00caTEArticle 1\": Les for\u00eats de la commune de FENAY (COTE-D'OR), d'une contenance de103,19 ha, sont affect\u00e9es prioritairement \u00e0 la fonction de production ligneuse et \u00e0 la fonction\u00e9cologique, tout en assurant sa fonction sociale et de protection physique, dans le cadre d'unegestion durable multifonctionnelle.Article 2 : Ces for\u00eats comprennent une partie bois\u00e9e de 95,61 ha, actuellement compos\u00e9e dePeuplier divers (29%), Ch\u00eane sessile ou p\u00e9doncul\u00e9 (25%), Autres Feuillus (15%), Robinier (9%),Charme (7%), Erable sycomore (7%), Fr\u00eane commun (7%), Pin laricio de calabre (1%). Le reste,soit 7,58 ha, correspond \u00e0 des emprises de route, parking et des \u00ab vides \u00bb boisables et nonboisables.\nDRAAF Bourgogne-Franche-Comt\u00e9 - 21-2024-11-26-00003 - Arr\u00eat\u00e9 portant approbation de l'am\u00e9nagement de la for\u00eat communale de\nF\u00e9nay pour la p\u00e9riode 2024-2043 48\nLes peuplements susceptibles de production ligneuse seront trait\u00e9s en Futaie r\u00e9guli\u00e8re dontconversion en futaie r\u00e9guli\u00e9re sur 63,15 ha, conversion en futaie irr\u00e9guli\u00e9re sur 26,91 ha, Attentesans traitement d\u00e9fini sur 1,27 ha, Taillis sur 0,61 ha.En dehors des surfaces consacr\u00e9es aux tests en gestion, les essences-objectif, qui d\u00e9terminent surle long terme les grands choix de gestion de ces peuplements, seront tr\u00e9s majoritairementfeuillues : prioritairement, le Peuplier, et le Ch\u00e9ne sessile ou p\u00e9doncul\u00e9. Les essences-objectifr\u00e9sineuses ou feuillues suivantes resteront localis\u00e9es et tr\u00e8s minoritaires sur la for\u00eat: Erablesycomore, Noyers noir et hybride, Pin laricio de Calabre. N\u00e9anmoins, compte tenu del'incertitude actuelle sur l'\u00e9volution des changements climatiques en cours, ces choix d'essencespourront \u00eatre modul\u00e9s en cours d'application de l'am\u00e9nagement pour assurer l'adaptation duchoix de chaque essence-objectif, ou groupe d'essences-objectif, aux \u00e9volutions desconnaissances en mati\u00e8re de changements climatiques et d'adaptation des essences \u00e0 ceschangements.Sur les surfaces consacr\u00e9es aux tests en gestion pour l'adaptation des essences aux changementsclimatiques, les essences-objectif seront choisies au moment de la mise en \u0153uvre de cesplantations parmi un panel d'essences adapt\u00e9es au vu des connaissances actualis\u00e9es sur leschangements climatiques et sur le comportement de ces essences.Les autres essences seront favoris\u00e9es comme essences-objectif associ\u00e9es ou comme essencesd'accompagnement, dans la limite de leur adaptation aux conditions stationnelles futures.Article 3 : Pendant une dur\u00e9e de 20 ans (2024 \u2014 2043) :- La for\u00eat sera divis\u00e9e en 13 groupes de gestion := Deux groupes de r\u00e9g\u00e9n\u00e9ration, d'une contenance de 33,89 ha en sylviculture, au seinduquel 30,08 ha seront nouvellement ouverts en r\u00e9g\u00e9n\u00e9ration, 33,89 ha serontparcourus par une coupe d\u00e9finitive au cours de la p\u00e9riode ;= Un groupe de jeunesse, d'une contenance de 3,94 ha en sylviculture, qui fera l'objetdes travaux n\u00e9cessaires \u00e0 l'\u00e9ducation des peuplements ;\u00ab \u2014 Trois groupes d'am\u00e9lioration, d'une contenance totale de 25,62 ha en sylviculture, quiseront parcourus par des coupes selon une rotation variant de 7 \u00e0 15 ans en fonction dela croissance des peuplements ;= Un groupe de futaie irr\u00e9guli\u00e8re, d'une contenance de 26,91 ha en sylviculture, qui seraparcouru par des coupes visant \u00e0 se rapprocher d'une structure \u00e9quilibr\u00e9e, selon unerotation de 12 ans ;= Un groupe de taillis simple, d'une contenance de 0,61 ha en sylviculture, qui feral'objet de coupes de renouvellement \u00e0 r\u00e9volution de 30 ans (non parcouru dans lap\u00e9riode) ; -= Un groupe d'attente, d'une contenance de 1,27 ha en sylviculture, qui sera laiss\u00e9 encroissance libre sur la p\u00e9riode ;\u00ab Trois groupes d'int\u00e9r\u00eat \u00e9cologique g\u00e9n\u00e9ral d'une contenance de 10,66 ha, qui serontlaisser en \u00e9volution naturelle ;= Un groupe constitu\u00e9 d'emprises de route et parking, d'une contenance de 0,59 ha, quisera laiss\u00e9 en l'\u00e9tat.- l'Office National des For\u00eats informera r\u00e9guli\u00e8rement le Conseil Municipal de FENAY del'\u00e9tat de d\u00e9s\u00e9quilibre sylvo-cyn\u00e9g\u00e9tique dans la for\u00eat entrainant la n\u00e9cessit\u00e9 de prot\u00e9ger tous lesplants qui pourraient \u00eatre mis en place, et ce dernier mettra en \u0153uvre toutes les mesures n\u00e9ces-saires \u00e0 son r\u00e9tablissement suivant la capacit\u00e9 d'accueil, et en s'assurant en particulier que le ni-veau des demandes de plans de chasse concernant la for\u00eat est adapt\u00e9 compte tenu de l'\u00e9volutiondes populations de grand gibier et des d\u00e9g\u00e2ts constat\u00e9s sur les peuplements;\nDRAAF Bourgogne-Franche-Comt\u00e9 - 21-2024-11-26-00003 - Arr\u00eat\u00e9 portant approbation de l'am\u00e9nagement de la for\u00eat communale de\nF\u00e9nay pour la p\u00e9riode 2024-2043 49\n- les mesures d\u00e9finies par les consignes nationales de gestion visant a la pr\u00e9servation de labiodiversit\u00e9 courante (notamment la conservation d'arbres isol\u00e9s \u00e0 cavit\u00e9s, morts, ou s\u00e9nescents)ainsi qu'\u00e0 la pr\u00e9servation des sols et des eaux de surface, seront syst\u00e9matiquement mises en\u0153uvre.Article 4 : La Directrice R\u00e9gionale de l'Alimentation, de l'Agriculture, et de la For\u00eat, et leDirecteur Territorial de l'Office National des For\u00eats sont charg\u00e9s, chacun en ce qui le concerne,de l'ex\u00e9cution du pr\u00e9sent arr\u00eat\u00e9, qui sera publi\u00e9 au recueil des actes administratifs de lapr\u00e9fecture de C\u00d4TE-D'OR.Besan\u00e7on, le \u00ce{; mose ...Q{g, ZOZL(Pour le Pr\u00e9fet de la R\u00e9gion Bourgogne-Franche-Comt\u00e9 et par d\u00e9l\u00e9gation,La Directrice R\u00e9gionale de l'Alimentation, de l'Agriculture et de la For\u00eatet par subd\u00e9l\u00e9gation,L'adjoint au Chef du Serv1ce/egm\u00ee\u00eefi/c\u00ee?la For\u00eat et du Bois\n/PlerreLAMf/c'\u00e9/\nDRAAF Bourgogne-Franche-Comt\u00e9 - 21-2024-11-26-00003 - Arr\u00eat\u00e9 portant approbation de l'am\u00e9nagement de la for\u00eat communale de\nF\u00e9nay pour la p\u00e9riode 2024-2043 50\nDRAAF Bourgogne-Franche-Comt\u00e9 - 21-2024-11-26-00003 - Arr\u00eat\u00e9 portant approbation de l'am\u00e9nagement de la for\u00eat communale de\nF\u00e9nay pour la p\u00e9riode 2024-2043 51\nDRFiP Bourgogne Franche-Comt\u00e9\n21-2024-12-01-00001\nDRFIP 21 - D\u00e9l\u00e9gation de signature tr\u00e9sorerie SPL\nd\u00e9c 2024\nDRFiP Bourgogne Franche-Comt\u00e9 - 21-2024-12-01-00001 - DRFIP 21 - D\u00e9l\u00e9gation de signature tr\u00e9sorerie SPL d\u00e9c 2024 52\n\u2014yLibert\u00e9 < Egalit\u00e9 \u00bb Fraternit\u00e9R\u00c9PUBLIQUE FRAN\u00c7AISE\n- & -MINIST\u00c8RE DE L'ACTIONET DES COMPTES PUBLICS\nDELEGATION DE SIGNATURE \nDU RESPONSABLE DU SERVICE PAR INTERIM\nDE LA TR\u00c9SORERIE DES H\u00d4PITAUX DE C\u00d4TE D'OR\nLa responsable du service par int\u00e9rim de la Tr\u00e9sorerie des h\u00f4pitaux de C\u00f4te d'Or\nVu le d\u00e9cret n\u00b0 2009-707 du 16 juin 2009 relatif aux services d\u00e9concentr\u00e9s de la direction g\u00e9n\u00e9rale\ndes finances publiques ;\nVu le d\u00e9cret n\u00b0 2012-1246 du 7 novembre 2012 relatif \u00e0 la gestion budg\u00e9taire et comptable\npublique, et notamment son article 16 ;\nVu le code g\u00e9n\u00e9ral des collectivit\u00e9s territoriales et notamment son article L1617-5 .\nArr\u00eate     :\nArticle 1  er     \nD\u00e9l\u00e9gation g\u00e9n\u00e9rale de signature est donn\u00e9e aux personnes mentionn\u00e9es ci-apr\u00e8s \u00e0 l'effet de signer seule\nou concurremment, d'effectuer en mon nom, tous les actes relatifs \u00e0 ma gestion et aux affaires qui s'y\nrattachent :\nM  Laurent  POIRIER,  inspecteur  divisionnaire  des  finances  publiques,  adjoint  au  comptable  de  la\nTr\u00e9sorerie des h\u00f4pitaux de C\u00f4te d'Or, responsable de l'antenne hospitali\u00e8re de Semur-en-Auxois ;\nM Xavier LAGENEBRE inspecteur des finances publiques, responsable de l'antenne hospitali\u00e8re de\nBeaune ;\nMme Kamila KANIEWSKA, inspectrice des finances publiques, responsable du service Recouvrement \u00e0\nDijon ;\nM Lilian GURY , inspecteur des finances publiques, responsable du service D\u00e9penses-Comptabilit\u00e9 \u00e0\nDijon.\nM.  Jean-Fran\u00e7ois  GARNIER,  contr\u00f4leur  principal  des  finances  publiques  et  M  Fabien  MACAIRE\ncontr\u00f4leur  des  finances  publiques,  re\u00e7oivent  les  m\u00eames  pouvoirs,  pour  n'en  faire  usage  qu'en  cas\nd'emp\u00eachement de ma part ou d'emp\u00eachement de Mme Kamila KANIEWSKA, ou de M Lilian GURY .\nPour  l'antenne  de  Semur-en-Auxois  Mme  Sophie  LOCATELLI,  contr\u00f4leuse  principale  des  finances\npubliques  et  M.  Eric  REBOURG,  contr\u00f4leur  principal  des  finances  publiques  re\u00e7oivent  les  m\u00eames\npouvoirs, pour n'en faire usage, qu'en cas d'emp\u00eachement de M. Laurent POIRIER.\nPour l'antenne de Beaune Mme Guylaine LOE contr\u00f4leuse principale des finances publiques et Mme\nCatherine THIEBLEMONT, contr\u00f4leuse des Finances publiques, re\u00e7oivent les m\u00eames pouvoirs, pour\nn'en faire usage, qu'en cas d'emp\u00eachement de M  Xavier LAGENEBRE\nDRFiP Bourgogne Franche-Comt\u00e9 - 21-2024-12-01-00001 - DRFIP 21 - D\u00e9l\u00e9gation de signature tr\u00e9sorerie SPL d\u00e9c 2024 53\nArticle 2 \nD\u00e9l\u00e9gation sp\u00e9ciale de signature est donn\u00e9e  \u00e0 l'effet de signer  et effectuer en mon nom,  aux agents\nd\u00e9sign\u00e9s ci-apr\u00e8s :\nDomaine Pr\u00e9nom et Nom Grade\nLimite des\nd\u00e9cisions\ngracieuses\nDur\u00e9e\nmaximale\ndes d\u00e9lais\nde\npaiement\nSomme\nmaximale\nLes d\u00e9cisions relatives aux \ndemandes de d\u00e9lai de \npaiement, dans les limites \nde dur\u00e9e et de montant \nindiqu\u00e9es \nLaurent POIRIER\nXavier LAGENEBRE\nKamila KANIEWSKA\nJean-Fran\u00e7ois GARNIER\nFabien MACAIRE\nClaudine MACAIRE\nElodie HARRIAU\nSophie LOCATELLI\nCatherine FURIC\nGuylaine LOE\nMarie-Agn\u00e8s  BAILLARD\nInspecteur divisionnaire des \nfinances publiques\nInspecteur des finances publiques\nInspectrice des finances publiques\nContr\u00f4leur principal des finances \npubliques \nContr\u00f4leur des finances publiques\nContr\u00f4leuse des finances \npubliques\nContr\u00f4leuse des finances \npubliques\nContr\u00f4leuse principale des \nfinances publiques\nAgent des finances publiques\nContr\u00f4leuse principale des \nfinances publiques\nAgent des finances publiques\n> 12 mois\n> 12 mois\n> 12 mois\n12 mois\n12 mois\n12 mois\n12 mois\n12 mois\n12 mois\n12 mois\n12 mois\n> \u00e0 500\u20ac\n> \u00e0 500\u20ac\n> \u00e0 500\u20ac\n500\u20ac\n500\u20ac\n \n500\u20ac\n500\u20ac\n500\u20ac\n500\u20ac\n500 \u20ac\n500 \u20ac\n500 \u20ac\nL'octroi de mainlev\u00e9es de \nSATD\nAgn\u00e8s RODIER\nClaudine MACAIRE\nElodie HARRIAU\nSophie LOCATELLI\nGuylaine LOE\nContr\u00f4leuse des finances \npubliques\nContr\u00f4leuse des finances\npubliques\nContr\u00f4leuse des finances\npubliques\nContr\u00f4leuse principale des \nfinances publiques\nContr\u00f4leuse principale des \nfinances publiques\n160\u20ac\n160\u20ac\n160\u20ac  \n160 \u20ac\n160 \u20ac\nDRFiP Bourgogne Franche-Comt\u00e9 - 21-2024-12-01-00001 - DRFIP 21 - D\u00e9l\u00e9gation de signature tr\u00e9sorerie SPL d\u00e9c 2024 54\nDomaine Pr\u00e9nom et Nom Grade\nLimite des\nd\u00e9cisions\ngracieuses\nDur\u00e9e\nmaximale\ndes d\u00e9lais\nde\npaiement\nSomme\nmaximale\nLes d\u00e9cisions relatives aux \ndemandes d'admission en \nnon valeur\nLaurent POIRIER\nXavier LAGENEBRE\nKamila KANIEWSKA\nLilian GURY\nClaudine MACAIRE\nGuylaine LOE\nSophie LOCATELLI\nInspecteur divisionnaire des \nfinances publiques\nInspecteur des finances publiques\nInspectrice des finances publiques\nInspecteur des finances publiques\nContr\u00f4leuse des finances \npubliques\nContr\u00f4leuse principale des \nfinances publiques\nContr\u00f4leuse principale des \nfinances publiques\n2 000\u20ac\n2 000\u20ac\n1 000\u20ac \n1 000\u20ac\n160\u20ac\n160\u20ac\n160\u20ac\nArticle 3 \nLe pr\u00e9sent arr\u00eat\u00e9 sera publi\u00e9 au recueil des actes administratifs du d\u00e9partement de C\u00f4te d'Or.\nA Dijon, le 1er d\u00e9cembre 2024\nLa responsable du service\npar int\u00e9rim\nSign\u00e9\nV\u00e9ronique CROTET\nDRFiP Bourgogne Franche-Comt\u00e9 - 21-2024-12-01-00001 - DRFIP 21 - D\u00e9l\u00e9gation de signature tr\u00e9sorerie SPL d\u00e9c 2024 55\nDRFiP Bourgogne Franche-Comt\u00e9\n21-2024-11-22-00003\nMise \u00e0 jour des param\u00e8tres d\u00e9partementaux\nd'\u00e9valuation des locaux professionnels pour les\nimpositions 2025\nDRFiP Bourgogne Franche-Comt\u00e9 - 21-2024-11-22-00003 - Mise \u00e0 jour des param\u00e8tres d\u00e9partementaux d'\u00e9valuation des locaux\nprofessionnels pour les impositions 2025 56\nDIRECTION R\u00c9GIONALE DES FINANCES PUBLIQUES DE\nBOURGOGNE-FRANCHE-COMT\u00c9 ET DU D\u00c9PARTEMENT DE\nLA C\u00d4TE-D'OR\nBORDEREAU D'ACCOMPAGNEMENT RELATIF \u00c0 LA MISE \u00c0 JOUR \nDES PARAM\u00c8TRES D\u00c9PARTEMENTAUX D'\u00c9VALUATION \nDES LOCAUX PROFESSIONNELS pour les impositions 2025\nInformations g\u00e9n\u00e9rales\nLe  dispositif  de  mise  \u00e0  jour  des  param\u00e8tres  d\u00e9partementaux  d'\u00e9valuation  des\nlocaux professionnels d\u00e9crit aux I et II  de l'article 1518 ter  du code g\u00e9n\u00e9ral des imp\u00f4ts (CGI)\npr\u00e9voit que :\n- les tarifs sont mis \u00e0 jour annuellement par l'administration fiscale ;\n- les coefficients de localisation peuvent \u00eatre mis \u00e0 jour les troisi\u00e8me et cinqui\u00e8me ann\u00e9es\nsuivant le renouvellement g\u00e9n\u00e9ral des conseils municipaux.\nLe renouvellement des conseils municipaux ayant eu lieu en 2020, aucune mise \u00e0 jour des\ncoefficients de localisation n'a \u00e9t\u00e9 mise en \u0153uvre en 2024 pour les impositions 2025.\nSeuls les tarifs ont fait l'objet d'une mise \u00e0 jour.\nSituation du d\u00e9partement   de la C\u00f4te-d'Or  \nConform\u00e9ment au x dispositions de l' article 334     A   de l'annexe II au CGI , les derniers  tarifs\npubli\u00e9s au recueil des actes administratifs par n\u00b0 21-2023-117 en date du 15/12/2023 ont \u00e9t\u00e9 mis\n\u00e0 jour des \u00e9volutions de loyer constat\u00e9es. Les nouveaux tarifs ainsi obtenus font l'objet de la\npr\u00e9sente publication.\nPublication des param\u00e8tres d\u00e9partementaux d'\u00e9valuation\nConform\u00e9ment aux dispositions de l'article 371 ter S de l'annexe II au CGI, la grille tarifaire\nqui regroupe l'ensemble des tarifs appliqu\u00e9s pour chaque  cat\u00e9gorie dans chaque secteur\nest publi\u00e9e. \nD\u00e9lai de recours\nLes d\u00e9cisions figurant dans le document pourront faire l'objet d'un recours pour exc\u00e8s de\npouvoir devant le tribunal administratif de Dijon dans le d\u00e9lai de deux mois suivant leur\npublication.\nDRFiP Bourgogne Franche-Comt\u00e9 - 21-2024-11-22-00003 - Mise \u00e0 jour des param\u00e8tres d\u00e9partementaux d'\u00e9valuation des locaux\nprofessionnels pour les impositions 2025 57\nD\u00e9partement: C\u00f4te-d'OrMise \u00e0 jour des tarifs et des valeurs locatives des locaux professionnelspris pour l'application du | de l'article 1518 ter du code g\u00e9n\u00e9ral des impdtspour les impostions 2025Tarifs 2025 (\u20ac/m\")Cat\u00e9oori\nsecteur 1 secteur 2 secteur 3 secteur 4 secteur5 secteur6ATE1 419 558 660 780 74.7 1621ATE2 386 509 506 69.5 1041 1020ATE3 211 211 211 211 211 211BUR1 1049 1227 1412 1563 1549 1768BUR2 1109 1171 1421 1657 1719 190.5BUR3 111 1124 1519 1513 1854 189.5cu 1527 1527 1527 150.1 1527 1527LR 997 974 972 1150 1150 115.0cu3 1027 1076 1271 1157 1179 1179CL4 974 974 974 974 974 974DEP1 120 211 214 213 341 513DEP2 402 48.1 577 620 992 1464DEP3 50 276 459 465 524 585DEP4 181 335 407 466 492 819DEPS 502 628 640 658 861 861ENS1 173 173 624 624 624 624ENS2 336 336 1177 1216 1480 1759HOT1 1185 1306 1287 1306 1334 1823HOT2 518 536 712 907 967 1314HOT3 385 428 810 812 835 807HOT4 547 67.0 769 892 892 892HOTS 653 1207 1207 1262 1312 2344IND1 258 418 418 450 54.1 541IND2 03 03 03 03 03 03MAG1 659 105.5 1410 1753 2111 2753MAG2 734 109.3 1114 1614 1874 2106MAG3 701 1704 485 3520 5027 8763MAG4 603 625 856 084 1306 2424MAG5 708 725 715 708 1191 1442MAG6 396 533 731 729 725 729MAG7 578 578 578 578 578 572SPE1 235 409 587 957 95.7 957SPE2 199 284 496 803 832 999SPE3 541 623 56.7 887 887 2290SPE4 16 16 16 16 16 16SPES 09 09 09 09 09 09sPE6 849 849 1350 1350 1350 1438SPE7 276 276 276 276 276 276\nDRFiP Bourgogne Franche-Comt\u00e9 - 21-2024-11-22-00003 - Mise \u00e0 jour des param\u00e8tres d\u00e9partementaux d'\u00e9valuation des locaux\nprofessionnels pour les impositions 2025 58\nPr\u00e9fecture de la C\u00f4te-d'Or\nDirection de la coordination, des politiques\npubliques et de l'appui territorial\n21-2024-11-19-00006\nArr\u00eat\u00e9 pr\u00e9fectoral n\u00b01769 du 19 novembre 2024\nportant habilitation de la soci\u00e9t\u00e9 AID\nOBSERVATOIRE en application de l'article\nR.752-6-3 du code du commerce pour la\nr\u00e9alisation de l'analyse d'impact des projets\nd'am\u00e9nagement commercial\nPr\u00e9fecture de la C\u00f4te-d'Or - 21-2024-11-19-00006 - Arr\u00eat\u00e9 pr\u00e9fectoral n\u00b01769 du 19 novembre 2024 portant habilitation de la soci\u00e9t\u00e9\nAID OBSERVATOIRE en application de l'article R.752-6-3 du code du commerce pour la r\u00e9alisation de l'analyse d'impact des projets\nd'am\u00e9nagement commercial\n59\nExPREFETDE LACOTE-D'ORLibert\u00e9Egalit\u00e9Fraternit\u00e9\nDIRECTION DE LA COORDINATION DES POLITIQUES\nPUBLIQUES ET DE L'APPUI TERRITORIAL\nP\u00f4le Environnement et Urbanisme\nArr\u00eat\u00e9 pr\u00e9fectoral n\u00b0 1769 du 19 novembre 2024\nportant habilitation de la soci\u00e9t\u00e9 AID OBSERVATOIRE en application de l'article R.752-6-3 du\ncode du commerce pour la r\u00e9alisation de l'analyse d'impact des projets d'am\u00e9nagement\ncommercial\nHabilitation n\u00b0 HAI-21-48-2024-11-19\nLe secr\u00e9taire g\u00e9n\u00e9ral de la pr\u00e9fecture de la C\u00f4te d'Or\nen charge de l'int\u00e9rim des fonctions de pr\u00e9fet de la C\u00f4te d'Or\nVU le Code du Commerce, notamment les articles L752-6-III et R752-6-1 \u00e0 R752-6-3 ; \nVU la  loi  n\u00b0  2018-1021  du  23  novembre  2018  portant  \u00e9volution  du  logement,  de\nl'am\u00e9nagement et du num\u00e9rique, notamment son titre IV - article 163 ;\nVU le d\u00e9cret n\u00b0 2019-331 du 17 avril 2019 relatif \u00e0 la composition et au fonctionnement\ndes  commissions  d\u00e9partementales  d'am\u00e9nagement  commercial  et  aux  demandes\nd'autorisation d'exploitation commerciale ;\nVU l'arr\u00eat\u00e9  minist\u00e9riel  du  19  juin  2019  modifi\u00e9  fixant  le  contenu  du  formulaire  de\ndemande d'habilitation pour r\u00e9aliser l'analyse d'impact mentionn\u00e9e au III de l'article\nL.752-6 du code du commerce ;\nVU l'arr\u00eat\u00e9 pr\u00e9fectoral du 2 d\u00e9cembre 2019 habilitant la SARL AID OBSERVATOIRE pour\nla r\u00e9alisation de l'analyse d'impact des projets d'am\u00e9nagement commercial pour une\ndur\u00e9e de 5 ans ;\nVU  la  demande  d'habilitation  formul\u00e9e  par  la  SARL  AID  OBSERVATOIRE,  29  cours\nTolsto\u00ef \u2013 69100  VILLEURBANNE,  repr\u00e9sent\u00e9e par  M.  David  SARRAZIN  et  M.  Arnaud\nERNST, directeurs associ\u00e9s, re\u00e7ue le 10 d\u00e9cembre 2024, pour r\u00e9aliser l'analyse d'impact\ndes dossiers de demande d'autorisation d'exploitation commerciale du d\u00e9partement de\nla C\u00f4te-d'Or ;\nVU le dossier produit \u00e0 l'appui de la demande susvis\u00e9e et les justificatifs joints ;\nCONSIDERANT que les extraits de casier judiciaire (bulletin n\u00b0 3) des repr\u00e9sentants\nl\u00e9gaux et des salari\u00e9s de la soci\u00e9t\u00e9 susvis\u00e9e charg\u00e9s de r\u00e9aliser les analyses d'impact sont\nvierges ;\nCONSIDERANT  que les personnes mentionn\u00e9es dans la demande d'habilitation, par\nlaquelle ou sous la responsabilit\u00e9 de laquelle seront r\u00e9alis\u00e9es les analyses d'impact sont\ntitulaires des dipl\u00f4mes requis ;\n1/2\nPr\u00e9fecture de la C\u00f4te-d'Or - 21-2024-11-19-00006 - Arr\u00eat\u00e9 pr\u00e9fectoral n\u00b01769 du 19 novembre 2024 portant habilitation de la soci\u00e9t\u00e9\nAID OBSERVATOIRE en application de l'article R.752-6-3 du code du commerce pour la r\u00e9alisation de l'analyse d'impact des projets\nd'am\u00e9nagement commercial\n60\nCONSIDERANT que  la  soci\u00e9t\u00e9  AID  MARKETING  dispose  des  moyens  et  outils  de\ncollecte et d'analyse des informations relatives aux effets d'un projet commercial sur\nl'animation et le d\u00e9veloppement \u00e9conomique des centres-villes des communes de la\nzone de chalandise et sur l'emploi \u00e0 l'\u00e9chelle de cette m\u00eame zone ;\nCONSIDERANT que le pr\u00e9c\u00e9dent arr\u00eat\u00e9 pr\u00e9fectoral d'habilitation du 2 d\u00e9cembre 2019\nsus-vis\u00e9 est valable jusqu'au 2 d\u00e9cembre 2024 ;\nSUR proposition de Monsieur le secr\u00e9taire g\u00e9n\u00e9ral de la Pr\u00e9fecture de la C\u00f4te-d'Or ;\nA R R E T E\nArticle 1er : La soci\u00e9t\u00e9 AID OBSERVATOIRE sise 29 cours Tolsto\u00ef \u2013 69100 VILLEURBANNE,\nest habilit\u00e9e \u00e0 r\u00e9aliser les analyses d'impact pr\u00e9vues au III de l'article L.752-6 du code du\ncommerce, pour les projets d'am\u00e9nagement commerciaux situ\u00e9s dans le d\u00e9partement\nde la C\u00f4te-d'Or.\nArticle 2 : La pr\u00e9sente habilitation est accord\u00e9e pour une dur\u00e9e de cinq ans, \u00e0 compter\ndu 2 d\u00e9cembre 2024, sans renouvellement tacite. \nArticle 3 : En application du code de justice administrative et notamment des articles R.\n421-1 et R. 421-5, le pr\u00e9sent arr\u00eat\u00e9 peut, dans un d\u00e9lai de deux mois \u00e0 compter de sa\npublication, faire l'objet :\n- soit d'un recours gracieux, adress\u00e9e \u00e0 Monsieur le Pr\u00e9fet de C\u00f4te-d'Or, 53, rue de la\nPr\u00e9fecture \u2013 21041 Dijon Cedex ;\n- soit  d'un  recours  hi\u00e9rarchique,  adress\u00e9  \u00e0  Monsieur  le  Ministre  de  l'Int\u00e9rieur,  Place\nBeauvau \u2013 75008 Paris Cedex 08 ;\n- soit d'un recours contentieux, en saisissant le Tribunal administratif de Dijon, 22, rue\nd'Assas \u2013 21000 Dijon ou t\u00e9l\u00e9recours citoyen.\nLes recours doivent \u00eatre adress\u00e9s par lettre recommand\u00e9e avec accus\u00e9 de r\u00e9ception.\nArticle  4  :  M.  le  secr\u00e9taire  g\u00e9n\u00e9ral  de  la  pr\u00e9fecture  de  la  C\u00f4te-d'Or  est  charg\u00e9  de\nl'ex\u00e9cution du pr\u00e9sent arr\u00eat\u00e9, qui sera publi\u00e9 au recueil des actes administratifs de la\npr\u00e9fecture  de  la  C\u00f4te-d'Or  et  notifi\u00e9  \u00e0  M.  David  SARRAZIN  et  M.  Arnaud  ERNST,\ndirecteurs associ\u00e9s.\nFait \u00e0 Dijon,\nLE PREFET,\nPour le pr\u00e9fet et par d\u00e9l\u00e9gation\nLa secr\u00e9taire g\u00e9n\u00e9rale par int\u00e9rim\nSign\u00e9\nAmelle GHAYOU\n2/2\nPr\u00e9fecture de la C\u00f4te-d'Or - 21-2024-11-19-00006 - Arr\u00eat\u00e9 pr\u00e9fectoral n\u00b01769 du 19 novembre 2024 portant habilitation de la soci\u00e9t\u00e9\nAID OBSERVATOIRE en application de l'article R.752-6-3 du code du commerce pour la r\u00e9alisation de l'analyse d'impact des projets\nd'am\u00e9nagement commercial\n61\nPr\u00e9fecture de la C\u00f4te-d'Or\nDirection de la coordination, des politiques\npubliques et de l'appui territorial\n21-2024-11-19-00005\nArr\u00eat\u00e9 pr\u00e9fectoral n\u00b01770 du 19 novembre 2024\nportant habilitation de la soci\u00e9t\u00e9 QUADRIVIUM\nen application de l'article R.752-6-3 du code du\ncommerce pour la r\u00e9alisation de l'analyse\nd'impact des projets d'am\u00e9nagement\ncommercial\nPr\u00e9fecture de la C\u00f4te-d'Or - 21-2024-11-19-00005 - Arr\u00eat\u00e9 pr\u00e9fectoral n\u00b01770 du 19 novembre 2024 portant habilitation de la soci\u00e9t\u00e9\nQUADRIVIUM en application de l'article R.752-6-3 du code du commerce pour la r\u00e9alisation de l'analyse d'impact des projets\nd'am\u00e9nagement commercial\n62\nExPREFETDE LACOTE-D'ORLibert\u00e9Egalit\u00e9Fraternit\u00e9\nDIRECTION DE LA COORDINATION DES POLITIQUES\nPUBLIQUES ET DE L'APPUI TERRITORIAL\nP\u00f4le Environnement et Urbanisme\nArr\u00eat\u00e9 pr\u00e9fectoral n\u00b0 1770 du 19 novembre 2024\nportant habilitation de la soci\u00e9t\u00e9 QUADRIVIUM en application de l'article R.752-6-3 du code\ndu commerce pour la r\u00e9alisation de l'analyse d'impact des projets d'am\u00e9nagement\ncommercial\nHabilitation n\u00b0 HAI-21-49-2024-11-19\nLe secr\u00e9taire g\u00e9n\u00e9ral de la pr\u00e9fecture de la C\u00f4te d'Or\nen charge de l'int\u00e9rim des fonctions de pr\u00e9fet de la C\u00f4te d'Or\nVU le Code du Commerce, notamment les articles L752-6-III et R752-6-1 \u00e0 R752-6-3 ; \nVU la  loi  n\u00b0  2018-1021  du  23  novembre  2018  portant  \u00e9volution  du  logement,  de\nl'am\u00e9nagement et du num\u00e9rique, notamment son titre IV - article 163 ;\nVU le d\u00e9cret n\u00b0 2019-331 du 17 avril 2019 relatif \u00e0 la composition et au fonctionnement\ndes  commissions  d\u00e9partementales  d'am\u00e9nagement  commercial  et  aux  demandes\nd'autorisation d'exploitation commerciale ;\nVU l'arr\u00eat\u00e9  minist\u00e9riel  du  19  juin  2019  modifi\u00e9  fixant  le  contenu  du  formulaire  de\ndemande d'habilitation pour r\u00e9aliser l'analyse d'impact mentionn\u00e9e au III de l'article\nL.752-6 du code du commerce ;\nVU l'arr\u00eat\u00e9 pr\u00e9fectoral du 13 septembre 2019 habilitant la SARL QUADRIVIUM pour la\nr\u00e9alisation  de  l'analyse  d'impact  des  projets  d'am\u00e9nagement  commercial  pour  une\ndur\u00e9e de 5 ans ;\nVU  la  demande  d'habilitation  formul\u00e9e  par  la  SARL  QUADRIVIUM,  2  Promenade\nSt\u00e9phane MALLARME \u2013 77870 VULAINES-SUR-SEINE, repr\u00e9sent\u00e9e par M. Micka\u00ebl AYMES,\ng\u00e9rant,  re\u00e7ue  le  16  octobre  2024,  pour  r\u00e9aliser  l'analyse  d'impact  des  dossiers  de\ndemande d'autorisation d'exploitation commerciale du d\u00e9partement de la C\u00f4te-d'Or ;\nVU le dossier produit \u00e0 l'appui de la demande susvis\u00e9e et les justificatifs joints ;\nCONSIDERANT que les extraits de casier judiciaire (bulletin n\u00b0 3) des repr\u00e9sentants\nl\u00e9gaux et des salari\u00e9s de la soci\u00e9t\u00e9 susvis\u00e9e charg\u00e9s de r\u00e9aliser les analyses d'impact sont\nvierges ;\nCONSIDERANT  que les personnes mentionn\u00e9es dans la demande d'habilitation, par\nlaquelle ou sous la responsabilit\u00e9 de laquelle seront r\u00e9alis\u00e9es les analyses d'impact sont\ntitulaires des dipl\u00f4mes requis ;\n1/2\nPr\u00e9fecture de la C\u00f4te-d'Or - 21-2024-11-19-00005 - Arr\u00eat\u00e9 pr\u00e9fectoral n\u00b01770 du 19 novembre 2024 portant habilitation de la soci\u00e9t\u00e9\nQUADRIVIUM en application de l'article R.752-6-3 du code du commerce pour la r\u00e9alisation de l'analyse d'impact des projets\nd'am\u00e9nagement commercial\n63\nCONSIDERANT que la soci\u00e9t\u00e9 QUADRIVIUM dispose des moyens et outils de collecte et\nd'analyse des informations relatives aux effets d'un projet commercial sur l'animation et\nle  d\u00e9veloppement  \u00e9conomique  des  centres-villes  des  communes  de  la  zone  de\nchalandise et sur l'emploi \u00e0 l'\u00e9chelle de cette m\u00eame zone ;\nCONSIDERANT  que  le  pr\u00e9c\u00e9dent  arr\u00eat\u00e9  pr\u00e9fectoral  d'habilitation  du  13  septembre\n2019 sus-vis\u00e9 est valable jusqu'au 13 septembre 2024 ;\nSUR proposition de Monsieur le secr\u00e9taire g\u00e9n\u00e9ral de la Pr\u00e9fecture de la C\u00f4te-d'Or ;\nA R R E T E\nArticle  1er :  La  soci\u00e9t\u00e9 QUADRIVIUM  sise 2  Promenade  St\u00e9phane Mallarm\u00e9\u2013 77870\nVULAINES-SUR-SEINE, est habilit\u00e9e \u00e0 r\u00e9aliser les analyses d'impact pr\u00e9vues au III de\nl'article L.752-6 du code du commerce, pour les projets d'am\u00e9nagement commerciaux\nsitu\u00e9s dans le d\u00e9partement de la C\u00f4te-d'Or.\nArticle 2 : La pr\u00e9sente habilitation est accord\u00e9e pour une dur\u00e9e de cinq ans, \u00e0 compter\nde ce jour, sans renouvellement tacite. \nArticle 3 : En application du code de justice administrative et notamment des articles R.\n421-1 et R. 421-5, le pr\u00e9sent arr\u00eat\u00e9 peut, dans un d\u00e9lai de deux mois \u00e0 compter de sa\npublication, faire l'objet :\n- soit d'un recours gracieux, adress\u00e9e \u00e0 Monsieur le Pr\u00e9fet de C\u00f4te-d'Or, 53, rue de la\nPr\u00e9fecture \u2013 21041 Dijon Cedex ;\n- soit  d'un  recours  hi\u00e9rarchique,  adress\u00e9  \u00e0  Monsieur  le  Ministre  de  l'Int\u00e9rieur,  Place\nBeauvau \u2013 75008 Paris Cedex 08 ;\n- soit d'un recours contentieux, en saisissant le Tribunal administratif de Dijon, 22, rue\nd'Assas \u2013 21000 Dijon ou t\u00e9l\u00e9recours citoyen.\nLes recours doivent \u00eatre adress\u00e9s par lettre recommand\u00e9e avec accus\u00e9 de r\u00e9ception.\nArticle  4  :  M.  le  secr\u00e9taire  g\u00e9n\u00e9ral  de  la  pr\u00e9fecture  de  la  C\u00f4te-d'Or  est  charg\u00e9  de\nl'ex\u00e9cution du pr\u00e9sent arr\u00eat\u00e9, qui sera publi\u00e9 au recueil des actes administratifs de la\npr\u00e9fecture de la C\u00f4te-d'Or et notifi\u00e9 \u00e0 M. Micka\u00ebl AYMES, g\u00e9rant.\nFait \u00e0 Dijon,\nLE PREFET,\nPour le pr\u00e9fet et par d\u00e9l\u00e9gation\nLa secr\u00e9taire g\u00e9n\u00e9rale par int\u00e9rim\nSign\u00e9\nAmelle GHAYOU\n2/2\nPr\u00e9fecture de la C\u00f4te-d'Or - 21-2024-11-19-00005 - Arr\u00eat\u00e9 pr\u00e9fectoral n\u00b01770 du 19 novembre 2024 portant habilitation de la soci\u00e9t\u00e9\nQUADRIVIUM en application de l'article R.752-6-3 du code du commerce pour la r\u00e9alisation de l'analyse d'impact des projets\nd'am\u00e9nagement commercial\n64\nPr\u00e9fecture de la C\u00f4te-d'Or\nDirection de la coordination, des politiques\npubliques et de l'appui territorial\n21-2024-11-20-00003\nd\u00e9l\u00e9gation de signature \u00e0 Madame la rectrice de\nr\u00e9gion acad\u00e9mique, rectrice de l'acad\u00e9mie de\nBesan\u00e7on au titre des comp\u00e9tences relevant du\nchamp de la jeunesse et des sports mises en\noeuvre par la direction des services\nd\u00e9partementaux de l'\u00c9ducation nationale de la\nC\u00f4te-d'Or - Service d\u00e9partemental jeunesse,\nengagement et sports\nPr\u00e9fecture de la C\u00f4te-d'Or - 21-2024-11-20-00003 - d\u00e9l\u00e9gation de signature \u00e0 Madame la rectrice de r\u00e9gion acad\u00e9mique, rectrice de\nl'acad\u00e9mie de Besan\u00e7on au titre des comp\u00e9tences relevant du champ de la jeunesse et des sports mises en oeuvre par la direction des\nservices d\u00e9partementaux de l'\u00c9ducation nationale de la C\u00f4te-d'Or - Service d\u00e9partemental jeunesse, engagement et sports\n65\nPREFET _DE LA COTE-D'ORLibert\u00e9 _Egalit\u00e9Fraternit\u00e9 Arr\u00eat\u00e9 n\u00b0 1 Be 3portant d\u00e9l\u00e9gation de signature \u00e0 Madame la Rectrice de r\u00e9gion acad\u00e9mique, Rectrice del'acad\u00e9mie de Besan\u00e7on au titre des comp\u00e9tences relevant du champ de la jeunesse et dessports mises en \u0153uvre par la direction des services d\u00e9partementaux de l'\u00c9ducation nationalede C\u00f4te-d'Or - Service d\u00e9partemental jeunesse, engagement et sports\nLe pr\u00e9fet de la r\u00e9gion Bourgogne-Franche-Comt\u00e9Pr\u00e9fet de C\u00f4te-d'OrVU le code de l'\u00e9ducation, notamment ses articles R. 222-17 et R. 222-17-1, le code du sport etle code de l'action sociale et des familles ;VU le code du service national et notamment les articles R. 121-33 \u00e0 R. 121-35 ;VU la loi n\u00b02017-86 du 27 janvier 2017 relative \u00e0 l'\u00e9galit\u00e9 et la citoyennet\u00e9 ;VU la loi organique n\u00b0 2001-692 du 1er ao\u00fbt 2001 modifi\u00e9e, relative aux lois de finances ;VU l'ordonnance n\u00b0 2015-899 du 23juillet 2015 relative aux march\u00e9s publics ;VU le d\u00e9cret n\u00b0 2004-374 du 29 avril 2004 modifi\u00e9, relatif au pouvoir des pr\u00e9fets, \u00e0l'organisation et \u00e0 l'action des services de l'\u00c9tat dans les r\u00e9gions et les d\u00e9partements ;VU le d\u00e9cret n\u00b0 2012-1246 du 7 novembre 2012 relatif \u00e0 la gestion budg\u00e9taire et comptablepublique;VU le d\u00e9cret n\u00b0 2015-510 du 7 mai 2015 portant charte de la d\u00e9concentration ;VU le d\u00e9cret n\u00b0 2016-360 du 25 mars 2016 relatif aux march\u00e9s publics ;VU le d\u00e9cret n\u00b0 2020-870 du 15 juillet 2020 relatif aux attributions du ministre de l'\u00c9ducationnationale, de la jeunesse et des sports ;VU le D\u00e9cret n\u00b0 2020-1542 du 9 d\u00e9cembre 2020 relatif aux comp\u00e9tences des autorit\u00e9sacad\u00e9miques dans le domaine des politiques de jeunesse, de l'\u00e9ducation populaire, de la vieassociative, de l'engagement civique et des sports et \u00e0 l'organisation des services charg\u00e9s deleur mise en \u0153uvre ; 'VU l'arr\u00eat\u00e9 du 17 d\u00e9cembre 2020 portant organisation de la d\u00e9l\u00e9gation r\u00e9gionale acad\u00e9mique\u00e0 la jeunesse, \u00e0 I'engagement et aux sports de Bourgogne-Franche-Comt\u00e9 ;VU le d\u00e9cret du 16 mars 2022 portant nomination de Madame Nathalie ALBERT-MORETTI,Rectrice de la r\u00e9gion acad\u00e9mique Bourgogne-Franche-Comt\u00e9, rectrice de l'acad\u00e9mie deBesan\u00e7on ;VU le d\u00e9cret du 10 octobre 2024 portant nomination de Monsieur Paul MOURIER, Pr\u00e9fet de lar\u00e9gion Bourgogne-Franche-Comt\u00e9, Pr\u00e9fet de la Cote-d'Or.\nPr\u00e9fecture de la C\u00f4te-d'Or - 21-2024-11-20-00003 - d\u00e9l\u00e9gation de signature \u00e0 Madame la rectrice de r\u00e9gion acad\u00e9mique, rectrice de\nl'acad\u00e9mie de Besan\u00e7on au titre des comp\u00e9tences relevant du champ de la jeunesse et des sports mises en oeuvre par la direction des\nservices d\u00e9partementaux de l'\u00c9ducation nationale de la C\u00f4te-d'Or - Service d\u00e9partemental jeunesse, engagement et sports\n66\nARRETE\nArticle 1:D\u00e9l\u00e9gation de signature est donn\u00e9e \u00e0 Madame Nathalie ALBERT-MORETTI, Rectrice de la\u00b0r\u00e9gion acad\u00e9mique de Bourgogne-Franche-Comt\u00e9 \u00e0 l'effet de signer, d'une mani\u00e8repermanente, les arr\u00eat\u00e9s, conventions, actes, documents et correspondances \u00e0 caract\u00e8readministratif pr\u00e9par\u00e9s par le service d\u00e9partemental Jeunesse, Engagement, Sports (SDJES) deC\u00f4te-d'Or sous son autorit\u00e9 et relevant de son domaine de comp\u00e9tence et notamment :> En mati\u00e8re de sport, les actes relatifs aux \u00e9ducateurs sportifs et aux \u00e9tablissementsd'activit\u00e9s physiques et sportives et notamment :- D\u00e9claration des \u00e9ducateurs sportifs ;- Injonction de cesser d'exercer les fonctions d'\u00e9ducateur sportif r\u00e9mun\u00e9r\u00e9 oub\u00e9n\u00e9vole et les fonctions d'exploitant d'\u00e9tablissements d'activit\u00e9s physiques etsportives (r\u00e9gime d'incapacit\u00e9) ;- D\u00e9claration des personnes titulaires du B.N.S.S.A. souhaitant assurer la surveillancedes \u00e9tablissements de baignade d'acc\u00e8s payant.> En mati\u00e8re de jeunesse et d'\u00e9ducation populaire :- Les actes relatifs au volontariat associatif et aux d\u00e9cisions d'agr\u00e9ments au titre del'engagement de service civique ;- Les conventions avec les collectivit\u00e9s locales et les associations concernant les projets\u00e9ducatifs locaux.\n> Les actes relatifs aux accueils collectifs e mineurs (ACM) et notamment :- Gestion des d\u00e9clarations et des autorisations d'accueil collectif de mineurs.> En mati\u00e8re de vie associative :- La convocation et le secr\u00e9tariat du coll\u00e8ge d\u00e9partemental consultatif pour le fond ded\u00e9veloppement de la vie associative ;- L'agr\u00e9ment des associations sportives non affili\u00e9es \u00e0 une f\u00e9d\u00e9ration sportive ;- L'agr\u00e9ment des associations de lutte contre les violences sportives.\nArticle 2 :Sont exclus de la d\u00e9l\u00e9gation donn\u00e9e\u00e0 l'article 1, les actes et documents suivants :\u00bb\n>\nLes actes relatifs \u00e0 la cr\u00e9ation et au fonctionnement du conseil d\u00e9partemental de lajeunesse, des sports et de la vie associative.Les mesures privatives de libert\u00e9s et notamment :Dans le champ du sport :- Interdiction temporaire d'exercer en urgence, interdiction temporaire ou d\u00e9finitived'exercer les fonctions d'\u00e9ducateur sportif r\u00e9mun\u00e9r\u00e9 ;Fermeture temporaire ou d\u00e9finitive d'un \u00e9tablissement d'activit\u00e9s physiques etsportives;L'homologation des enceintes sportives et les d\u00e9clarations des manifestationspubliques de sports de combat.\nPr\u00e9fecture de la C\u00f4te-d'Or - 21-2024-11-20-00003 - d\u00e9l\u00e9gation de signature \u00e0 Madame la rectrice de r\u00e9gion acad\u00e9mique, rectrice de\nl'acad\u00e9mie de Besan\u00e7on au titre des comp\u00e9tences relevant du champ de la jeunesse et des sports mises en oeuvre par la direction des\nservices d\u00e9partementaux de l'\u00c9ducation nationale de la C\u00f4te-d'Or - Service d\u00e9partemental jeunesse, engagement et sports\n67\nDans le champ de la jeunesse :\n*- Injonction \u00e0 toute personne ou aux exploitants des locaux qui exercent uneresponsabilit\u00e9 dans un accueil collectif de mineurs ;- L'opposition \u00e0 l'organisation d'un accueil collectif de mineurs avec ou sansh\u00e9bergement ;- - L'interruption d'un accueil collectif de mineurs ;- La fermeture des locaux d'un accueil collectif de mineurs ;- La suspension en urgence, interdiction temporaire ou permanente d'exercer \u00e0l'encontre de toute personne participant \u00e0 un accueil collectif de mineurs.\n> En mati\u00e8re de vie associative :- La nomination du d\u00e9l\u00e9gu\u00e9 d\u00e9partemental \u00e0 la vie associative, la labellisation descentres de ressources et d'informations des b\u00e9n\u00e9voles (CRIB) - les conventions PAVA(points d'appui \u00e0 la vie associative) ;- L'attribution et la proposition d'attribution des m\u00e9dailles de la jeunesse, des sports etde I'engagement associatif;- Le retrait d'agr\u00e9ment des associations sportives non affili\u00e9es \u00e0 une f\u00e9d\u00e9rationsportive;- Le retrait d'agr\u00e9ment des associations de lutte contre les violences sportives.> En mati\u00e8re de correspondances, de conventions :- la signature des conventions liant I'Etat \u00e0 la r\u00e9gion, aux d\u00e9partements et \u00e0 leurs\u00e9tablissements publics ;- les correspondances, d\u00e9cisions adress\u00e9es au Pr\u00e9sident de la R\u00e9publique, au premierministre, aux Ministres, aux Parlementaires, \u00e0 la Pr\u00e9sidente du Conseil r\u00e9gional et auxpr\u00e9sidents des Conseils d\u00e9partementaux; aux collectivit\u00e9s territoriales ou \u00e0 leurs\u00e9tablissements publics ;- les actes r\u00e9glementaires et autres arr\u00eat\u00e9s de port\u00e9e g\u00e9n\u00e9rale ;- les requ\u00eates, m\u00e9moires et autres correspondances entrant dans un cadre contentieuxengageant la responsabilit\u00e9 de l'Etat;- la constitution de commissions, de comit\u00e9s et de conseils d\u00e9partementaux.\nArticle 3 :Dans le cadre de ses attributions et comp\u00e9tences, d\u00e9l\u00e9gation est donn\u00e9e \u00e0 Madame NathalieALBERT-MORETTI, rectrice de r\u00e9gion acad\u00e9mique, \u00e0 l'effet de signer toutes ampliations oucopies conformes de d\u00e9cisions ou arr\u00eat\u00e9s pris sous la signataire du pr\u00e9fet ou parsubd\u00e9l\u00e9gation, sous celle d''un membre du corps pr\u00e9fectoral.\nArticle 4 :Madame Nathalie ALBERT-MORETTI peut, sous sa responsabilit\u00e9, subd\u00e9l\u00e9guer sa signature auxagents plac\u00e9s sous son autorit\u00e9. La liste devra \u00eatre transmise au pr\u00e9fet. Cette subd\u00e9l\u00e9gationprendra la forme d'un arr\u00eat\u00e9 pris au nom du pr\u00e9fet de la r\u00e9gion Bourgogne-Franche-Comt\u00e9,pr\u00e9fet de la C\u00f4te-d'Or et sign\u00e9 par Madame Nathalie ALBERT-MORETTI, rectrice de r\u00e9gionacad\u00e9mique, qui fera I'objet d'une publication au recueil des actes administratifs de lapr\u00e9fecture de la C\u00f4te-d'Or et dont une copie sera transmise au pr\u00e9fet de la C\u00f4te-d'Or.\nPr\u00e9fecture de la C\u00f4te-d'Or - 21-2024-11-20-00003 - d\u00e9l\u00e9gation de signature \u00e0 Madame la rectrice de r\u00e9gion acad\u00e9mique, rectrice de\nl'acad\u00e9mie de Besan\u00e7on au titre des comp\u00e9tences relevant du champ de la jeunesse et des sports mises en oeuvre par la direction des\nservices d\u00e9partementaux de l'\u00c9ducation nationale de la C\u00f4te-d'Or - Service d\u00e9partemental jeunesse, engagement et sports\n68\nArticle 5 :Le secr\u00e9taire g\u00e9n\u00e9ral de la pr\u00e9fecture de C\u00f4te-d'Or et le secr\u00e9taire g\u00e9n\u00e9ral de r\u00e9gionacad\u00e9mique sont charg\u00e9s, chacun en ce qui le concerne, de l'ex\u00e9cution du pr\u00e9sent arr\u00eat\u00e9 quisera publi\u00e9 au recueil des actes administratifs de la pr\u00e9fecture de C\u00f4te-d'Or.\nFait \u00e0 Dijon, le 2 0 \"nv znz'\nLe pr\u00e9fet de la r\u00e9gion Bourgogne-Franche-Comt\u00e9,Pr\u00e9fet de la C\u00f4te-d'Or\nPaul MOURIER\nPr\u00e9fecture de la C\u00f4te-d'Or - 21-2024-11-20-00003 - d\u00e9l\u00e9gation de signature \u00e0 Madame la rectrice de r\u00e9gion acad\u00e9mique, rectrice de\nl'acad\u00e9mie de Besan\u00e7on au titre des comp\u00e9tences relevant du champ de la jeunesse et des sports mises en oeuvre par la direction des\nservices d\u00e9partementaux de l'\u00c9ducation nationale de la C\u00f4te-d'Or - Service d\u00e9partemental jeunesse, engagement et sports\n69\nPr\u00e9fecture de la C\u00f4te-d'Or\nDirection des Collectivit\u00e9s locales et des\nElections \n21-2024-11-29-00001\nArr\u00eat\u00e9 pr\u00e9fectoral modifiant l'arr\u00eat\u00e9 pr\u00e9fectoral\nportant renouvellement de la commission des\nT3P\nPr\u00e9fecture de la C\u00f4te-d'Or - 21-2024-11-29-00001 - Arr\u00eat\u00e9 pr\u00e9fectoral modifiant l'arr\u00eat\u00e9 pr\u00e9fectoral portant renouvellement de la\ncommission des T3P 70\nExPREFETDE LACOTE-D'ORLibert\u00e9Egalit\u00e9Fraternit\u00e9\nDirection des collectivit\u00e9s locales et des \u00e9lections\nBureau des \u00c9lections et de la R\u00e9glementation Dijon, le 29 novembre 2024\nArr\u00eat\u00e9 N\u00b0 1819\nArr\u00eat\u00e9 pr\u00e9fectoral modifiant l'arr\u00eat\u00e9 pr\u00e9fectoral n\u00b01682 portant renouvellement \nde la commission locale des Transports publics particuliers de personnes (T3P)\nLe pr\u00e9fet de la r\u00e9gion Bourgogne-Franche-Comt\u00e9\nPr\u00e9fet de la C\u00f4te-d'Or\nVU la loi  n\u00b0  2014-1104 du 1er octobre 2014 relative aux taxis et  aux voitures de transport  avec\nchauffeur ;\nVU le code des transports et notamment ses articles D.3120-24 et D.3120-33 ;\nVU le code g\u00e9n\u00e9ral des collectivit\u00e9s territoriales, notamment son article L5211-9-2 ;\nVU le code de la consommation, notamment son article L.811-1 ;\nVU le code des relations entre le public et l'administration, notamment ses articles R.133-1 et R.133-3 \u00e0\nR.133-15 ;\nVU le code de la s\u00e9curit\u00e9 sociale, notamment son article L.322-5 ;\nVU le code du travail, notamment ses articles L.2121-1 et L.2151-1 ;\nVU le d\u00e9cret n\u00b02017-236 du 24 f\u00e9vrier 2017 p ortant cr\u00e9ation de l'Observatoire national des transports\npublics particuliers de personnes, du Comit\u00e9 national des transports publics particuliers de personnes et\ndes commissions locales des transports publics particuliers de personnes ;\nVU le d\u00e9cret n\u00b02017-483 du 6 avril 2017 relatif aux activit\u00e9s de transport public particulier de personnes\net actualisant diverses dispositions du code des transports ;\nVU l'arr\u00eat\u00e9 pr\u00e9fectoral n\u00b0145 du 15 f\u00e9vrier 2020 fixant la composition de la commission locale des\ntransports  publics  particuliers  de  personnes  (T3P)  (taxis,  voitures  de  transport  avec  chauffeur  et\nv\u00e9hicules motoris\u00e9s \u00e0 2 ou 3 roues) dans le d\u00e9partement de la C\u00f4te d'Or ;\nVU que le mandat des membres de la commission est arriv\u00e9 \u00e0 expiration et qu'il y a lieu de proc\u00e9der au\nrenouvellement des membres ;\nVU les propositions recueillies ;\nSUR proposition de la Secr\u00e9taire G\u00e9n\u00e9rale par int\u00e9rim de la pr\u00e9fecture de la C\u00f4te-d'Or ;\nPr\u00e9fecture de la C\u00f4te-d'Or \n53 rue de la Pr\u00e9fecture - 21041 DIJON cedex\nt\u00e9l : 03 80 44 64 00  Site internet : http://www.cote-dor.gouv.fr\nPr\u00e9fecture de la C\u00f4te-d'Or - 21-2024-11-29-00001 - Arr\u00eat\u00e9 pr\u00e9fectoral modifiant l'arr\u00eat\u00e9 pr\u00e9fectoral portant renouvellement de la\ncommission des T3P 71\nA R R E T E\nArticle 1er : Il est institu\u00e9, dans le d\u00e9partement de la C\u00f4te d'Or, la commission locale consultative des\ntransports publics particuliers de personnes (T3P) compos\u00e9e ainsi qu'il suit :\n\u25cf Repr\u00e9sentants du coll\u00e8ge de l'\u00c9tat \nM. le Pr\u00e9fet ou son r\u00e9pr\u00e9sentant,\nM. le G\u00e9n\u00e9ral commandant la R\u00e9gion de Gendarmerie Bourgogne \u2013 Franche-Comt\u00e9 ou son\nrepr\u00e9sentant,\nM. le Directeur D\u00e9partemental de la S\u00e9curit\u00e9 Publique (DDSP) ou son repr\u00e9sentant,\nM. le D\u00e9l\u00e9gu\u00e9 Territorial de la C\u00f4te d'Or au sein de l'Agence R\u00e9gionale de Sant\u00e9 de\nBourgogne \u2013 Franche-Comt\u00e9 ou son repr\u00e9sentant,\nM. le Directeur D\u00e9partemental des Territoires (DDT) ou son repr\u00e9sentant.\n\u25cf Repr\u00e9sentants du coll\u00e8ge des collectivit\u00e9s territoriales\nTitulaire : Mme Dominique MARTIN-GENDRE, Adjointe au Maire de DIJON\nSuppl\u00e9ant : M. Thierry FALCONNET, Maire de CHENOVE\nTitulaire : M. Pierre BOLZE, Adjoint au Maire de BEAUNE\nSuppl\u00e9ant : M. Jean MAREY , Maire de VIGNOLES\nTitulaire :  M.  Anne  CATRIN,  Maire  de  MONTIGNY,  MORNAY,  VILLENEUVE  SUR\nVINGEANNE\nSuppl\u00e9ant : M. Sylvain REBEROL, Maire de AVELANGES\nTitulaire : M. Jo\u00ebl SOILLY, Maire de LA ROCHE EN BRENIL\nSuppl\u00e9ant : M. Gilbert FLACELIERE, Maire de SAVILLY\n\u25cf Repr\u00e9sentants du coll\u00e8ge des professionnels \n- Syndicat d\u00e9partemental des exploitants du taxi de la C\u00f4te d'Or     :\nTitulaire : M. Jean-Bernard BOCCARD\nSuppl\u00e9ant : M. Guillaume DRAY\nTitulaire :  M. Dominique CHATAGNIER\nSuppl\u00e9ant : M. Jean-Baptiste NAUDIN\n- Syndicat d\u00e9partemental des taxis ind\u00e9pendants de la C\u00f4te d'Or     :\nTitulaire : M. Dominique MONIN-BAROILLE\nSuppl\u00e9ant : M. Pascal MOREL\n- F\u00e9d\u00e9ration Fran\u00e7aise des Exploitants de Voiture de Transport avec Chauffeur     :\nTitulaire : Mme GUYON Sonia\nSuppl\u00e9ant : M. Erick GAYET\n- Chambre Syndicale Nationale des Entreprises de Remise et Tourisme (CSNERT)     :\nTitulaire : M. Pierre MEAR\nSuppl\u00e9ante : Mme Sylvie BRETEGNOLE\nPr\u00e9fecture de la C\u00f4te-d'Or \n53 rue de la Pr\u00e9fecture - 21041 DIJON cedex\nt\u00e9l : 03 80 44 64 00  Site internet : http://www.cote-dor.gouv.fr \nPr\u00e9fecture de la C\u00f4te-d'Or - 21-2024-11-29-00001 - Arr\u00eat\u00e9 pr\u00e9fectoral modifiant l'arr\u00eat\u00e9 pr\u00e9fectoral portant renouvellement de la\ncommission des T3P 72\n\u25cf Repr\u00e9sentants du coll\u00e8ge des associations\n- Association Pr\u00e9vention Routi\u00e8re     :\nTitulaire : M. Philippe SUROT \nSuppl\u00e9ant : Mme Garence CHAUDESAYGUES\nArticle 2  : Seront associ\u00e9s aux travaux de cette commission, \u00e0 titre de conseiller, sans pouvoir\nprendre part aux votes :\n- M. le Directeur D\u00e9partemental de la Protection des Populations ou son repr\u00e9sentant,\n- Mme la Directrice de la Caisse Primaire d'Assurance Maladie ou son repr\u00e9sentant,\n- M. le Pr\u00e9sident de la Chambre des M\u00e9tiers et de l'Artisanat ou son repr\u00e9sentant.\nEn fonction de l'ordre du jour et ou en cas de besoin, d'autres services de l'\u00c9tat ou organismes\npublics ou toute personne ext\u00e9rieure pourront \u00eatre associ\u00e9s aux travaux de cette instance sans\nprendre part au vote.\nArticle 3 : La commission locale des transports publics particuliers de personnes peut se r\u00e9unir en\nformation  disciplinaire.  Dans  ce  cas,  les  repr\u00e9sentants  des  collectivit\u00e9s  territoriales  et  des\nassociations ne si\u00e8gent pas en son sein. \nArticle  4 :  La  dur\u00e9e  du  mandat  des  membres  de  la  commission  est  de  3  ans,  jusqu'au\n4 d\u00e9cembre 2026.\nArticle 5 :  L'arr\u00eat\u00e9 pr\u00e9fectoral du 15 f\u00e9vrier 2020 est abrog\u00e9. \nArticle 6  : La Secr\u00e9taire G\u00e9n\u00e9rale par int\u00e9rim de la pr\u00e9fecture de la C\u00f4te-d'Or est charg\u00e9e de\nl'ex\u00e9cution du pr\u00e9sent arr\u00eat\u00e9 qui sera publi\u00e9 au recueil des actes administratifs de la pr\u00e9fecture de\nC\u00f4te d'Or et notifi\u00e9 \u00e0 chacun des membres.\nFait \u00e0 Dijon, le 29 novembre 2024\nLe Pr\u00e9fet,\nPour le Pr\u00e9fet et par d\u00e9l\u00e9gation\nLa Secr\u00e9taire G\u00e9n\u00e9rale par int\u00e9rim,\nsign\u00e9 : Amelle GHAYOU\nPr\u00e9fecture de la C\u00f4te-d'Or \n53 rue de la Pr\u00e9fecture - 21041 DIJON cedex\nt\u00e9l : 03 80 44 64 00  Site internet : http://www.cote-dor.gouv.fr \nPr\u00e9fecture de la C\u00f4te-d'Or - 21-2024-11-29-00001 - Arr\u00eat\u00e9 pr\u00e9fectoral modifiant l'arr\u00eat\u00e9 pr\u00e9fectoral portant renouvellement de la\ncommission des T3P 73\nSous-pr\u00e9fecture de Beaune\n21-2024-11-27-00002\nArr\u00eat\u00e9 N\u00b0 1808 modifiant l'habilitation dans le\ndomaine fun\u00e9raire de la soci\u00e9t\u00e9 FUNECAP EST,\nenseigne commerciale \u00ab\u00a0ROC-ECLERC\u00a0\u00bb \u00e0\nNuits-Saint-Georges\nSous-pr\u00e9fecture de Beaune - 21-2024-11-27-00002 - Arr\u00eat\u00e9 N\u00b0 1808 modifiant l'habilitation dans le domaine fun\u00e9raire de la soci\u00e9t\u00e9\nFUNECAP EST,\nenseigne commerciale \u00ab\u00a0ROC-ECLERC\u00a0\u00bb \u00e0 Nuits-Saint-Georges\n74\nEzPREFETDE LACOTE-D'ORLibert\u00e9Egalit\u00e9Fraternit\u00e9\nSOUS-PREFECTURE DE BEAUNE\nP\u00f4le s\u00e9curit\u00e9 et r\u00e9glementation\nAffaire suivie par C\u00e9cile RAVRY\nT\u00e9l :03 45 43 80 11\nm\u00e9l : cecile.ravry@cote-dor.gouv.fr\nArr\u00eat\u00e9 N\u00b0 1808\nmodifiant l'habilitation dans le domaine fun\u00e9raire \n de la soci\u00e9t\u00e9 FUNECAP EST,\nenseigne commerciale \u00ab ROC-ECLERC \u00bb \u00e0 Nuits-Saint-Georges\nVU  le  Code  G\u00e9n\u00e9ral  des  Collectivit\u00e9s  Territoriales  et  notamment  les  dispositions  des  articles  \nL 2223-19 \u00e0 L 2223-30, R 2223-40 \u00e0 R 2223-65 et D 2223-34 \u00e0 D 2223-39 relatifs \u00e0 l'habilitation fun\u00e9raire  ;\nVU le d\u00e9cret n\u00b02020-917 du 28 juillet 2020 relatif \u00e0 la dur\u00e9e de l'habilitation dans le secteur fun\u00e9raire et \u00e0\nla housse mortuaire ;\nVU l'arr\u00eat\u00e9 pr\u00e9fectoral n\u00b0 1643/SG du 28 octobre 2024 donnant d\u00e9l\u00e9gation de signature \u00e0 Monsieur Beno\u00eet\nBYRSKI, sous-pr\u00e9fet de Beaune ;\nVU  l'arr\u00eat\u00e9 pr\u00e9fectoral N\u00b0 235 du 12 avril 2019 portant renouvellement de l'habilitation fun\u00e9raire de la\nsoci\u00e9t\u00e9 FUNECAP EST sous l'enseigne commerciale \u00ab ROC-ECLERC  \u00bb, sise 4, place de la R\u00e9publique \u00e0\nNuits-Saint-Georges  ;\nVU l'arr\u00eat\u00e9 pr\u00e9fectoral N\u00b0 1655 du 28 novembre 2023 modifiant l'habilitation dans le domaine fun\u00e9raire de\nla soci\u00e9t\u00e9 FUNECAP EST, sous l'enseigne commerciale \u00ab ROC-ECLERC  \u00bb sise 4, place de la R\u00e9publique\n\u00e0 Nuits-Saint-Georges ;\nVU  la demande et les documents pr\u00e9sent\u00e9s par la soci\u00e9t\u00e9 FUNECAP SUD-EST en vue de signaler le\nchangement du directeur g\u00e9n\u00e9ral de la soci\u00e9t\u00e9 FUNECAP EST;\nCONSID\u00c9RANT  que  cet  \u00e9tablissement  remplit  les  conditions  pour  obtenir  la  modification  de  son\nhabilitation dans le domaine fun\u00e9raire ;\nARRETE\nArticle 1er : La soci\u00e9t\u00e9 F UNECAP EST, sous l'enseigne commerciale \u00ab  ROC-ECLERC \u00bb, sise 4, place\nde  la  R\u00e9publique  \u00e0  Nuits-Saint-Georges  a  chang\u00e9  de  dirigeant.  Le  nouveau  responsable  de  cet\n\u00e9tablissement est M. Xavier THOUMIEUX.\n.../...\nSous-pr\u00e9fecture de Beaune \u2013 adresse : 10, rue Fraisse - 21200 BEAUNE \nSous-pr\u00e9fecture de Beaune - 21-2024-11-27-00002 - Arr\u00eat\u00e9 N\u00b0 1808 modifiant l'habilitation dans le domaine fun\u00e9raire de la soci\u00e9t\u00e9\nFUNECAP EST,\nenseigne commerciale \u00ab\u00a0ROC-ECLERC\u00a0\u00bb \u00e0 Nuits-Saint-Georges\n75\nLes  autres  articles  de  l'arr\u00eat\u00e9  pr\u00e9fectoral  N\u00b0  235  du  12  avril  2019  portant  renouvellement  et\nmodification de l'habilitation dans le domaine fun\u00e9raire de la soci\u00e9t\u00e9  FUNECAP EST \u00e0 Nuits-Saint-\nGeorges restent inchang\u00e9s.\nLe sous-pr\u00e9fet de Beaune est charg\u00e9 de l'ex\u00e9cution du pr\u00e9sent arr\u00eat\u00e9 qui sera publi\u00e9 au recueil des \nactes administratifs de la pr\u00e9fecture de la C\u00f4te d'Or dont copie sera remise \u00e0  :\n- M.  Xavier  THOUMIEUX  responsable  de la  soci\u00e9t\u00e9  FUNECAP  EST d\u00e9nomm\u00e9e  \u00ab  ROC-\nECLERC \u00bb sise  4, place de la R\u00e9publique \u00e0 Nuits-Saint-Georges\n- M. le maire de Nuits-Saint-Georges\n- Mme le chef d'escadron, commandant la compagnie de gendarmerie de Beaune\n- M. le directeur g\u00e9n\u00e9ral de l'Agence R\u00e9gionale de Sant\u00e9 de Bourgogne-Franche-Comt\u00e9\nFait \u00e0 Beaune, le 27 novembre 2024\nLe sous-pr\u00e9fet de Beaune,\nPour le sous-pr\u00e9fet et par d\u00e9l\u00e9gation,\nLe secr\u00e9taire g\u00e9n\u00e9ral,\n \n     \n  Laurent BOILL\u00c9E\nSous-pr\u00e9fecture de Beaune \u2013 adresse : 10, rue Fraisse - 21200 BEAUNE \nSous-pr\u00e9fecture de Beaune - 21-2024-11-27-00002 - Arr\u00eat\u00e9 N\u00b0 1808 modifiant l'habilitation dans le domaine fun\u00e9raire de la soci\u00e9t\u00e9\nFUNECAP EST,\nenseigne commerciale \u00ab\u00a0ROC-ECLERC\u00a0\u00bb \u00e0 Nuits-Saint-Georges\n76\nSous-pr\u00e9fecture de Beaune\n21-2024-11-27-00001\nArr\u00eat\u00e9 N\u00b0 1809 modifiant l'habilitation dans le\ndomaine fun\u00e9raire  de la soci\u00e9t\u00e9 FUNECAP EST,\nenseigne commerciale \u00ab\u00a0Pompes fun\u00e8bres\nmarbrerie ROC-ECLERC\u00a0\u00bb \u00e0 Beaune\nSous-pr\u00e9fecture de Beaune - 21-2024-11-27-00001 - Arr\u00eat\u00e9 N\u00b0 1809 modifiant l'habilitation dans le domaine fun\u00e9raire  de la soci\u00e9t\u00e9\nFUNECAP EST,\nenseigne commerciale \u00ab\u00a0Pompes fun\u00e8bres marbrerie ROC-ECLERC\u00a0\u00bb \u00e0 Beaune\n77\nEzPREFETDE LACOTE-D'ORLibert\u00e9Egalit\u00e9Fraternit\u00e9\nSOUS-PREFECTURE DE BEAUNE\nP\u00f4le s\u00e9curit\u00e9 et r\u00e9glementation\nAffaire suivie par C\u00e9cile RAVRY\nT\u00e9l :03 45 43 80 11\nm\u00e9l : cecile.ravry@cote-dor.gouv.fr\nArr\u00eat\u00e9 N\u00b0 1809\nmodifiant l'habilitation dans le domaine fun\u00e9raire \n de la soci\u00e9t\u00e9 FUNECAP EST,\nenseigne commerciale \u00ab Pompes fun\u00e8bres marbrerie ROC-ECLERC \u00bb \u00e0 Beaune\nVU  le  Code  G\u00e9n\u00e9ral  des  Collectivit\u00e9s  Territoriales  et  notamment  les  dispositions  des  articles  \nL 2223-19 \u00e0 L 2223-30, R 2223-40 \u00e0 R 2223-65 et D 2223-34 \u00e0 D 2223-39 relatifs \u00e0 l'habilitation fun\u00e9raire ;\nVU le d\u00e9cret n\u00b02020-917 du 28 juillet 2020 relatif \u00e0 la dur\u00e9e de l'habilitation dans le secteur fun\u00e9raire et \u00e0 la\nhousse mortuaire ;\nVU l'arr\u00eat\u00e9 pr\u00e9fectoral n\u00b0 1643/SG du 28 octobre 2024 donnant d\u00e9l\u00e9gation de signature \u00e0 Monsieur Beno\u00eet\nBYRSKI, sous-pr\u00e9fet de Beaune ;\nVU  l'arr\u00eat\u00e9 pr\u00e9fectoral N\u00b0 1106 du 5 juillet 2024  portant renouvellement de l'habilitation fun\u00e9raire de la\nsoci\u00e9t\u00e9 FUNECAP EST sous l'enseigne commerciale \u00ab  Pompes fun\u00e8bres marbrerie ROC-ECLERC \u00bb, sise\n21B, avenue des stades \u00e0 Beaune  ;\nVU  la  demande  et  les  documents  pr\u00e9sent\u00e9s  par  la  soci\u00e9t\u00e9  FUNECAP  EST  en  vue  de  signaler  le\nchangement du directeur g\u00e9n\u00e9ral de la soci\u00e9t\u00e9 FUNECAP EST;\nCONSID\u00c9RANT  que  cet  \u00e9tablissement  remplit  les  conditions  pour  obtenir  la  modification  de  son\nhabilitation dans le domaine fun\u00e9raire ;\nARRETE\nArticle 1er  :  La soci\u00e9t\u00e9 F UNECAP EST, sous l'enseigne commerciale \u00ab  Pompes fun\u00e8bres marbrerie\nROC-ECLERC \u00bb,  sise  21B,  avenue  des  stades  \u00e0  Beaune  a  chang\u00e9  de  dirigeant.  Le  nouveau\nresponsable de cet \u00e9tablissement est M. Xavier THOUMIEUX.\nLes autres articles de l'arr\u00eat\u00e9 pr\u00e9fectoral N\u00b0 1106 du 5 juillet 2024 portant renouvellement de \nl'habilitation dans le domaine fun\u00e9raire de la soci\u00e9t\u00e9 FUNECAP EST \u00e0 Beaune restent inchang\u00e9s.\n.../...\nSous-pr\u00e9fecture de Beaune \u2013 adresse : 10, rue Fraisse- 21200 BEAUNE \nSous-pr\u00e9fecture de Beaune - 21-2024-11-27-00001 - Arr\u00eat\u00e9 N\u00b0 1809 modifiant l'habilitation dans le domaine fun\u00e9raire  de la soci\u00e9t\u00e9\nFUNECAP EST,\nenseigne commerciale \u00ab\u00a0Pompes fun\u00e8bres marbrerie ROC-ECLERC\u00a0\u00bb \u00e0 Beaune\n78\nLe sous-pr\u00e9fet de Beaune est charg\u00e9 de l'ex\u00e9cution du pr\u00e9sent arr\u00eat\u00e9 qui sera publi\u00e9 au recueil des \nactes administratifs de la Pr\u00e9fecture de la C\u00f4te d'Or dont copie sera remise \u00e0 :\n- M. Xavier THOUMIEUX, responsable de la soci\u00e9t\u00e9 FUNECAP EST d\u00e9nomm\u00e9e  \u00ab Pompes\nfun\u00e8bres marbrerie ROC-ECLERC \u00bb sise 21B, avenue des stades \u00e0 Beaune\n- M. le maire de Beaune\n- M. le chef de la circonscription de s\u00e9curit\u00e9 publique de Beaune\n- M. le directeur g\u00e9n\u00e9ral de l'Agence R\u00e9gionale de Sant\u00e9 de Bourgogne-Franche-Comt\u00e9.\nFait \u00e0 Beaune, le 27 novembre 2024\nLe sous-pr\u00e9fet de Beaune,\nPour le sous-pr\u00e9fet et par d\u00e9l\u00e9gation,\nLe secr\u00e9taire g\u00e9n\u00e9ral,\n \n     \n  Laurent BOILL\u00c9E\nSous-pr\u00e9fecture de Beaune \u2013 adresse : 10, rue Fraisse- 21200 BEAUNE \nSous-pr\u00e9fecture de Beaune - 21-2024-11-27-00001 - Arr\u00eat\u00e9 N\u00b0 1809 modifiant l'habilitation dans le domaine fun\u00e9raire  de la soci\u00e9t\u00e9\nFUNECAP EST,\nenseigne commerciale \u00ab\u00a0Pompes fun\u00e8bres marbrerie ROC-ECLERC\u00a0\u00bb \u00e0 Beaune\n79\nSous-pr\u00e9fecture de Montbard\nManifestations sportives\n21-2024-11-26-00004\nAP autorisant des bapt\u00eames de voitures de rallye\nau profit du T\u00e9l\u00e9thon\n\u00e0 Flavigny-sur-Ozerain le samedi 30 novembre\n2024\nSous-pr\u00e9fecture de Montbard - 21-2024-11-26-00004 - AP autorisant des bapt\u00eames de voitures de rallye au profit du T\u00e9l\u00e9thon\n\u00e0 Flavigny-sur-Ozerain le samedi 30 novembre 2024 80\nEnPREFETDE LACOTE-D'ORLibert\u00e9Egalit\u00e9Fraternit\u00e9\nSous-Pr\u00e9fecture de Montbard\n \nAffaire suivie par Sabrina GRANDCHAMP\nTel :   03.45.43.80.55\nCourriel : sabrina.grandchamp  @cote-dor.gouv.fr  \nARR\u00caT\u00c9 PR\u00c9FECTORAL\nautorisant des bapt\u00eames de voitures de rallye au profit du T\u00e9l\u00e9thon\n\u00e0 Flavigny-sur-Ozerain le samedi 30 novembre 2024\nLE SOUS-PR\u00c9FET DE MONTBARD\nVU le code g\u00e9n\u00e9ral des collectivit\u00e9s territoriales, notamment ses articles L. 2212-1 et suivants,\nL. 2215-1, L. 3221-4 et L. 3221-5 ;\nVU le code de la route, notamment ses articles L. 411-7 , R. 411-5, R. 411-10 et R. 411-32 ;\nVU le code du sport, notamment ses articles L. 231-2, L. 232-2-1, L. 331-5 \u00e0 L. 331-10, D.331-5, R.\n331-18 \u00e0 R. 331-34, R. 331-45, A. 331-18 et A. 331-32 ;\nVU l'arr\u00eat\u00e9 de Monsieur le Pr\u00e9fet de la r\u00e9gion Bourgogne-Franche-Comt\u00e9, Pr\u00e9fet de la C\u00f4te-\nd'Or, n\u00b0 1644/SG du 28 octobre 2024 donnant d\u00e9l\u00e9gation de signature ;\nVU le dossier d\u00e9pos\u00e9 sur la plateforme SIMS par le Pr\u00e9sident de l'association \u00ab  T\u00e9l\u00e9thon du\nPays d'Al\u00e9sia \u00bb aux fins d'obtenir l'autorisation d'organiser le samedi 30 novembre 2024 des\nbapt\u00eames de voitures de rallye sur le territoire de la commune de FLAVIGNY-SUR-OZERAIN au\nprofit du TELETHON ;\nVU l'engagement pris par l'organisateur de prendre en charge les frais occasionn\u00e9s par la mise\nen place des diff\u00e9rents services de s\u00e9curit\u00e9 \u00e0 l'occasion de d\u00e9roulement de l'\u00e9preuve ;\nVU l'attestation d'assurance du 19 novembre 2024 d\u00e9livr\u00e9e par les assurances LESTIENNE BP\n34 -  51873 REIMS C\u00e9dex garantissant la responsabilit\u00e9 civile de l'association \u00ab T\u00e9l\u00e9thon du\nPays d'Al\u00e9sia  \u00bb pour la manifestation susvis\u00e9e ;\nVU les  avis  \u00e9mis  par  le  Pr\u00e9sident  du  Conseil  D\u00e9partemental,  la  Directrice  des  Services\nD\u00e9partementaux  de  l'\u00c9ducation  Nationale,  le  Commandant  du  Groupement  de  la\nGendarmerie de la C\u00f4te-d'Or ;\nAccueil du public du lundi au jeudi de 09h30 \u00e0 11h30 et  de 14h30 \u00e0 16h30 \u2013 le vendredi de 08h45 \u00e0 13h30\nAdresse : 25 RUE CHAMPFLEURY - CS 60 - 21 502 MONTBARD CEDEX \u2013 T\u00c9L\u00c9PHONE 03.45 43 80 50  \u2013 http://www.cote-dor.gouv.fr\nSous-pr\u00e9fecture de Montbard - 21-2024-11-26-00004 - AP autorisant des bapt\u00eames de voitures de rallye au profit du T\u00e9l\u00e9thon\n\u00e0 Flavigny-sur-Ozerain le samedi 30 novembre 2024 81\nVU l'avis favorable du Maire de Flavigny-Sur-Ozerain ;\nVU la visite sur site du parcours effectu\u00e9e le jeudi 14 novembre 2024 ;\nCONSID\u00c9RANT que les membres de la Commission D\u00e9partementale de S\u00e9curit\u00e9 Routi\u00e8re\n\u00ab section  sp\u00e9cialis\u00e9e  pour  les  \u00e9preuves  sportives \u00bb  ont  \u00e9mis  un  avis  favorable  par  voie\n\u00e9lectronique au d\u00e9roulement de cette \u00e9preuve \u00e0 moteur ;\nARR\u00caTE\nArticle     1er   :  L'association  \u00ab T\u00e9l\u00e9thon  du  Pays  d'Al\u00e9sia  \u00bb  hameau  \u00ab Les  Granges \u00bb  -  21150\nGRIGNON - est autoris\u00e9e \u00e0 organiser une \u00e9preuve de bapt\u00eame de voitures rallye au profit du\nT\u00e9l\u00e9thon le samedi 30 novembre 2024, de 09h00 \u00e0 17h00 sur le territoire de la commune de\nFLAVIGNY-SUR-OZERAIN, conform\u00e9ment aux modalit\u00e9s expos\u00e9es dans la demande susvis\u00e9e\net aux prescriptions fix\u00e9es en annexe.\nArticle 2 : Conform\u00e9ment au pr\u00e9sent arr\u00eat\u00e9, les conditions de passage de cette manifestation\nsont fix\u00e9es par arr\u00eat\u00e9 temporaire n\u00b0 24-T-00548 du 8 novembre 2024 du Pr\u00e9sident du Conseil\nD\u00e9partemental de C\u00f4te-d'Or et par arr\u00eat\u00e9 de M. le Maire de Flavigny-sur-Ozerain en date du 5\nao\u00fbt 2024.\nArticle     3   : En aucun cas la responsabilit\u00e9 de l'Etat, du d\u00e9partement et de la commune ne\npourra \u00eatre engag\u00e9e et aucun recours ne pourra \u00e9ventuellement \u00eatre exerc\u00e9 contre eux.\nArticle  4 :  Les  pilotes  sont  tenus  de  pr\u00e9senter  avant  la  manifestation  leur  attestation\nd'assurance \u00e0 l'organisateur et de porter le num\u00e9ro qui leur correspond sur le v\u00e9hicule.\nArticle  5  : L'organisateur  technique  d\u00e9sign\u00e9  se  rendra  sur  plateforme  \u00ab d\u00e9claration-\nmanifestations.gouv.fr \u00bb afin de remplir le mod\u00e8le d'attestation et le d\u00e9posera le jour J.\nArticle  6 : Avant  la  manifestation,  les  organisateurs  devront  interroger  M\u00e9t\u00e9o  France\n(notamment par le biais du r\u00e9pondeur t\u00e9l\u00e9phonique au 08.92.68.02.21, ou sur le site internet\nwww.meteo.fr afin de conna\u00eetre la couleur de la carte de vigilance m\u00e9t\u00e9o et prendre toute\nmesure adapt\u00e9e.\nDans l'hypoth\u00e8se d'une carte orange ou rouge, il leur appartiendra de prendre les dispositions\nqui s'imposent (voire d'annuler la manifestation) et d'informer l'autorit\u00e9 municipale.\nArticle     7   : La pr\u00e9sente autorisation est accord\u00e9e, sous r\u00e9serve que l'organisateur prenne \u00e0 sa\ncharge les frais n\u00e9cessit\u00e9s pour la r\u00e9paration des dommages, d\u00e9gradations, modifications de\ntoutes sortes de la voie publique ou de ses d\u00e9pendances, imputables aux concurrents, aux\norganisateurs ou \u00e0 leurs pr\u00e9pos\u00e9s.\nArticle 8 : L'organisateur prendra toutes dispositions afin de garantir l'acc\u00e8s et une circulation\nais\u00e9s pour les engins de secours et de lutte contre l'incendie sur l'int\u00e9gralit\u00e9 du parcours et\ndes ses abords, ceci quel que soit le sens de la circulation.\nSous-pr\u00e9fecture de Montbard - 21-2024-11-26-00004 - AP autorisant des bapt\u00eames de voitures de rallye au profit du T\u00e9l\u00e9thon\n\u00e0 Flavigny-sur-Ozerain le samedi 30 novembre 2024 82\nEn  cas  d'incident  ou  d'accident  entra\u00eenant  le  sauvetage  ou  l'\u00e9vacuation  de  personnes,\npr\u00e9venir les pompiers qui interviendront par appel au 18 ou au 112. La manifestation sera alors\nneutralis\u00e9e par l'organisateur.\nCompte tenu de l'impact du trac\u00e9 sur la d\u00e9fense op\u00e9rationnelle des communes, la personne\nayant l'autorit\u00e9 sur la manifestation informera, en fin d'\u00e9preuve, les sapeurs pompiers par\nappel  t\u00e9l\u00e9phonique  au  \u00ab 18 \u00bb  de  la  lib\u00e9ration  du  caract\u00e8re  privatif  de  voies  et  du\nr\u00e9tablissement de la circulation.\nArticle     9   : La pr\u00e9sente autorisation peut \u00eatre suspendue ou rapport\u00e9e \u00e0 tout moment s'il\nappara\u00eet que les conditions de s\u00e9curit\u00e9 ne se trouvent plus r\u00e9unies ou que l'organisateur,\nmalgr\u00e9 la mise en demeure qui lui en est faite par l'autorit\u00e9 administrative, ne respecte plus\nou ne fait plus respecter par les participants et les spectateurs les dispositions pr\u00e9vues en vue\nd'assurer leur protection.\nArticle     10   : Le Sous-Pr\u00e9fet de Montbard, le Pr\u00e9sident du Conseil D\u00e9partemental de la C\u00f4te-\nd'Or, la Directrice des Services D\u00e9partementaux de l'Education Nationale, le Commandant du\nGroupement de Gendarmerie de la C\u00f4te d'Or, le Maire de Flavigny-sur-Ozerain sont charg\u00e9s,\nchacun en ce qui le concerne, de l'ex\u00e9cution du pr\u00e9sent arr\u00eat\u00e9 dont copie sera adress\u00e9e au\nPr\u00e9sident  de  l'association  \u00ab T\u00e9l\u00e9thon  du  Pays  d'Al\u00e9sia \u00bb  et  publi\u00e9  au  Recueil  des  Actes\nAdministratifs.\nFait \u00e0 Montbard, le 26 novembre 2024\nPour le Sous-Pr\u00e9fet et par d\u00e9l\u00e9gation,\nLa Secr\u00e9taire G\u00e9n\u00e9rale,\nORIGINAL SIGN\u00c9\nMarguerite MOINDROT\nSous-pr\u00e9fecture de Montbard - 21-2024-11-26-00004 - AP autorisant des bapt\u00eames de voitures de rallye au profit du T\u00e9l\u00e9thon\n\u00e0 Flavigny-sur-Ozerain le samedi 30 novembre 2024 83","date":"2024-11-29","first_seen_on":"2025-09-14T18:48:32+00:00","id":"e28b5c23bcce1d31e3cc7e256bb709d4f4ea26feb6b106ef6aaacf7178244d09","name":"RAA n\u00b0 167 du 29 novembre 2024","pdf_creation_date":"2024-11-29T15:14:56+00:00","pdf_modification_date":null,"timezone":"Europe/Paris","url":"https://www.cote-dor.gouv.fr/contenu/telechargement/22402/171234/file/recueil-21-2024-167-recueil-des-actes-administratifs-special.pdf"}
