{"administration":"pref30","administration_name":"Pr\u00e9fecture du Gard","content":"PR\u00c9FET\nDU GARD\nRECUEIL DES ACTES\nADMINISTRATIFS SP\u00c9CIAL\nN\u00b030-2025-081\nPUBLI\u00c9 LE 15 MAI 2025\nSommaire\nDirection d\u00e9partementale des Finances Publiques du Gard /\n30-2025-05-02-00004 - D\u00e9l\u00e9gation de signature en mati\u00e8re de\ncontentieux et de gracieux fiscal, du responsable par int\u00e9rim du SDIF du\nGard (2 pages) Page 3\nPrefecture du Gard /\n30-2025-05-15-00001 - Arr\u00eat\u00e9 N\u00b030-2025-05-15-00001 portant\nnomination d'un r\u00e9gisseur de recettes et du r\u00e9gisseur suppl\u00e9ant\nau sein des circonscriptions de police nationale de N\u00eemes et de\nBagnols-sur-C\u00e8ze. (2 pages) Page 6\nPrefecture du Gard / CABINET\n30-2025-05-14-00004 - arr\u00eat\u00e9 N 30-2025-14-05 autorisant la captation,\nl'enregistrement et la transmission d'images au moyen de cam\u00e9ras\ninstall\u00e9es sur des a\u00e9ronefs (6 pages) Page 9\nSous Pr\u00e9fecture d'Al\u00e8s /\n30-2025-05-14-00002 - Arr\u00eat\u00e9 de modification d'habilitation n\u00b025-05-25\ndu 14-05-25 SERVICES FUNERAIRES HUCK (2 pages) Page 16\n30-2025-05-14-00003 - Arr\u00eat\u00e9 de modification d'habilitation n\u00b025-05-26\ndu 14-05-25 SF GILBERT KENJI (2 pages) Page 19\n2\nDirection d\u00e9partementale des Finances\nPubliques du Gard\n30-2025-05-02-00004\nD\u00e9l\u00e9gation de signature en mati\u00e8re de\ncontentieux et de gracieux fiscal, du responsable\npar int\u00e9rim du SDIF du Gard\nDirection d\u00e9partementale des Finances Publiques du Gard - 30-2025-05-02-00004 - D\u00e9l\u00e9gation de signature en mati\u00e8re de contentieux\net de gracieux fiscal, du responsable par int\u00e9rim du SDIF du Gard 3\nEuREPUBLIQUEFRAN\u00c7AISELibert\u00e9Egalit\u00e9Fraternit\u00e9\nTFINANCES PUBLIQUES\nDirection d\u00e9partementale\ndes Finances publiques du Gard\nD\u00c9L\u00c9GATION DE SIGNATURE EN MATI\u00c8RE DE CONTENTIEUX\nET DE GRACIEUX FISCAL\nLe responsable par int\u00e9rim du Service D\u00e9partemental des Imp\u00f4ts Foncier du GARD\nVu le code g\u00e9n\u00e9ral des imp\u00f4ts, et notamment son article 408 de son annexe II et les articles 212 \u00e0 217 de\nson annexe IV ; \nVu le livre des proc\u00e9dures fiscales, et notamment les articles L. 247 et R* 247-4 et suivants ;\nVu le d\u00e9cret n\u00b0 2008-309 du 3 avril 2008 portant diverses dispositions relatives \u00e0 la direction g\u00e9n\u00e9rale des\nfinances publiques ; \nVu le d\u00e9cret n\u00b0 2009-707 du 16 juin 2009 relatif aux services d\u00e9concentr\u00e9s de la direction g\u00e9n\u00e9rale des\nfinances publiques ; \nArr\u00eate :\nArticle 1er\nD\u00e9l\u00e9gation de signature est donn\u00e9e \u00e0 l'effet de signer :\n1\u00b0) en mati\u00e8re de contentieux fiscal d'assiette, les d\u00e9cisions d'admission totale, d'admission partielle ou de\nrejet, de d\u00e9gr\u00e8vement ou restitution d'office et, en mati\u00e8re de gracieux fiscal, les d\u00e9cisions portant remise,\nmod\u00e9ration ou rejet :\na) dans la limite de 60 000 \u20ac \u00e0 M Fabien OUDOT, Inspecteur Divisionnaire CN, adjoint au responsable. \nb) dans la limite de 10 000 \u20ac, aux inspecteurs des finances publiques d\u00e9sign\u00e9s ci-apr\u00e8s :\nnom pr\u00e9nom nom pr\u00e9nom nom pr\u00e9nom\nPhilippe MAUVIEL JOUCLA Sonia LAMBERT St\u00e9phane \nDirection d\u00e9partementale des Finances Publiques du Gard - 30-2025-05-02-00004 - D\u00e9l\u00e9gation de signature en mati\u00e8re de contentieux\net de gracieux fiscal, du responsable par int\u00e9rim du SDIF du Gard 4\nc) dans la limite de 7 000 \u20ac, aux agents des finances publiques de cat\u00e9gorie B d\u00e9sign\u00e9s ci-apr\u00e8s :\nNom Pr\u00e9nom Nom Pr\u00e9nom Nom Pr\u00e9nom\n CHRETIEN Natacha  GOUZE Sylvie  LAURENS Patricia\n LAVEAU Charlyne LAUSSEL-TASSIER Muriel  ROMANYK Charly\n DELACROIX Emilie FOURNIER Natacha NEDELEC Jean\nLOUBET Florence CEREZO Virginie MOUQUE Catherine\nPERRUSSEL Lisa DIEU Micha\u00ebl\nd) dans la limite de 2 000 \u20ac, aux agents des finances publiques de cat\u00e9gorie C d\u00e9sign\u00e9s ci-apr\u00e8s :\nNom Pr\u00e9nom Nom Pr\u00e9nom Nom Pr\u00e9nom\n ASTOR Audrey  DREVET Amandine GRANDO Jean-Noel\nBRUNEL V\u00e9ronique FRIOUA Denia HUET Guillaume\n CASSEGRAIN Janique GOUEDARD Renaud HUGUET H\u00e9l\u00e8ne\nBOUR Sophie SELLIER Renaud MILLA Philippe\nMOUTON Andr\u00e9 NASSAH Rayhan MINIER Jean-Pierre\nROUS Fr\u00e9d\u00e9ric ABBOU Sonia YOUSSEF Fadia\n2\u00b0)  sans  limitation  de  montant,  les  documents  n\u00e9cessaires  \u00e0  l'ex\u00e9cution  comptable  des  d\u00e9cisions\ncontentieuses et gracieuses ainsi que les d\u00e9cisions prises sur les demandes de d\u00e9gr\u00e8vement de taxe\nfonci\u00e8re pour pertes de r\u00e9coltes, aux agents des finances publiques d\u00e9sign\u00e9s ci-apr\u00e8s :\nNom Pr\u00e9nom Nom Pr\u00e9nom Nom Pr\u00e9nom\nOUDOT Fabien  MAUVIELPhilippe  JOUCLA Sonia\n LAMBERT St\u00e9phane LAURENS Patricia GOUZE Sylvie\nLOUBET Florence             CHRETIEN Natacha FOURNIER Natacha\nMOUQUE Catherine CEREZO Virginie\nArticle 2 \nLe pr\u00e9sent arr\u00eat\u00e9 annule et remplace le pr\u00e9c\u00e9dent arr\u00eat\u00e9 du 01/10/2024, il sera publi\u00e9 au recueil des actes\nadministratifs du d\u00e9partement du GARD.\nA N\u00ceMES,  le 02/05/2025\nLe Responsable par int\u00e9rim du Service D\u00e9partemental des\nImp\u00f4ts Fonciers \nSign\u00e9\nPierre BOUCHARDY\nAdministrateur des Finances Publiques Adjoint\nDirection d\u00e9partementale des Finances Publiques du Gard - 30-2025-05-02-00004 - D\u00e9l\u00e9gation de signature en mati\u00e8re de contentieux\net de gracieux fiscal, du responsable par int\u00e9rim du SDIF du Gard 5\nPrefecture du Gard\n30-2025-05-15-00001\nArr\u00eat\u00e9 N\u00b030-2025-05-15-00001 portant\nnomination d'un r\u00e9gisseur de recettes et du\nr\u00e9gisseur suppl\u00e9ant au sein des circonscriptions\nde police nationale de N\u00eemes et de\nBagnols-sur-C\u00e8ze.\nPrefecture du Gard - 30-2025-05-15-00001 - Arr\u00eat\u00e9 N\u00b030-2025-05-15-00001 portant nomination d'un r\u00e9gisseur de recettes et du\nr\u00e9gisseur suppl\u00e9ant au sein des circonscriptions de police nationale de N\u00eemes et de Bagnols-sur-C\u00e8ze. 6\nE # CabinetPREFET Direction des s\u00e9curit\u00e9sDU GARD Service d'animation des politiques de s\u00e9curit\u00e9 int\u00e9rieureLibert\u00e9Egalit\u00e9Fraternit\u00e9\nN\u00eemes le, 1 5 MAI 2025\nArr\u00eat\u00e9 N\u00b030-2025-05-15-00001portant nomination d'un r\u00e9gisseur de recettes et du r\u00e9gisseur suppl\u00e9ant au sein descirconscriptions de police nationale de N\u00eemes et de Bagnols-sur-C\u00e8zeLe Pr\u00e9fet du GardChevalier de la L\u00e9gion d'Honneur,Chevalier de l'Ordre national du M\u00e9rite,Vu la loi n\u00b02023-22 du 24 janvier 2023 d'orientation et de programmation du minist\u00e8re del'Int\u00e9rieur ;Vu le d\u00e9cret n\u00b02012-1246 du 7 novembre 2012 relatif \u00e0 la gestion budg\u00e9taire et comptablepublique ; |Vu le d\u00e9cret n\u00b0 2019-798 du 26 juillet 2019, relatif aux r\u00e9gies de recettes et aux r\u00e9gies d'avancesdes organismes publics ;Vu le d\u00e9cret n\u00b0 2023-1013 du 2 novembre 2023 relatif aux services d\u00e9concentr\u00e9s et \u00e0l'organisation de la police nationale ;Vu le d\u00e9cret du Pr\u00e9sident de la R\u00e9publique du 13 juillet 2023, nommant Monsieur J\u00e9r\u00f4meBONET, pr\u00e9fet du Gard ;Vu l'arr\u00eat\u00e9 du 28 mai 1993 modifi\u00e9 relatif aux taux de l'indemnit\u00e9 de responsabilit\u00e9susceptible d'\u00eatre allou\u00e9e aux r\u00e9gisseurs d'avances et aux r\u00e9gisseurs de recettes relevant desorganismes publics et montant du cautionnement impos\u00e9 \u00e0 ces agents ;Vu l'arr\u00eat\u00e9 du 29 avril 2024 habilitant les pr\u00e9fets \u00e0 cr\u00e9er des r\u00e9gies de recettes, des r\u00e9giesd'avances et des r\u00e9gies de recettes et d'avances aupr\u00e8s des services d\u00e9concentr\u00e9s du minist\u00e8rede l'Int\u00e9rieur et des Outre-mer ;Vu l'arr\u00eat\u00e9 pr\u00e9fectoral n\u00b0 30-2017-04-27-003 du 27 avril 2017 portant cr\u00e9ation de r\u00e9gies derecettes au sein des circonscriptions de police nationale de N\u00eemes et de Bagnols-sur-C\u00e8ze ;Vu l'arr\u00eat\u00e9 pr\u00e9fectoral n\u00b030-2020-02-04-007 du 4 f\u00e9vrier 2020 portant nomination de r\u00e9gisseursde recette au sein des circonscriptions de police nationale de N\u00eemes et Bagnols-sur-C\u00e8ze ;Vu la loi n\u00b0 89-469 du 10 juillet 1989 relative \u00e0 diverses dispositions en mati\u00e8re de s\u00e9curit\u00e9routi\u00e8re et en mati\u00e8re de contraventions, notamment ses articles 5 et 10;Vu le d\u00e9cret n\u00b0 2008-227 du 5 mars 2008 abrogeant le d\u00e9cret n\u00b0 66-850 du 15 novembre1966 relatif \u00e0 la responsabilit\u00e9 personnelle et p\u00e9cuniaire des r\u00e9gisseurs ;\nPrefecture du Gard - 30-2025-05-15-00001 - Arr\u00eat\u00e9 N\u00b030-2025-05-15-00001 portant nomination d'un r\u00e9gisseur de recettes et du\nr\u00e9gisseur suppl\u00e9ant au sein des circonscriptions de police nationale de N\u00eemes et de Bagnols-sur-C\u00e8ze. 7\nVu l'instruction du Minist\u00e8re de l'Int\u00e9rieur du 24 octobre 2016 relative a l'encaissement desamendes forfaitaires et des consignations par les r\u00e9gies de recettes de la police nationale ;Vu l'arr\u00eat\u00e9 pr\u00e9fectoral n\u00b030-2024-10-18-00005 du 18 octobre 2024 donnant d\u00e9l\u00e9gation designature a Monsieur Yann GERARD, secr\u00e9taire g\u00e9n\u00e9ral de la pr\u00e9fecture du Gard, sous-pr\u00e9fet deNimes ; - | :Vu l'avis du directeur r\u00e9gional des finances publiques du 21 janvier 2021 ;Sur proposition de Monsieur le Secr\u00e9taire G\u00e9n\u00e9ral de la Pr\u00e9fecture du Gard, sous-pr\u00e9fet deN\u00eemes : |\nARR\u00caTE\nArticle 1: l'arr\u00eat\u00e9 n\u00b030-2022-006-0001 portant nomination de Madame C\u00e9cile CUSENZAr\u00e9gisseur de recette et de Madame Carole HENRY en qualit\u00e9 de suppl\u00e9ante du r\u00e9gisseur,de la r\u00e9gie des circonscriptions de police nationale de N\u00eemes et Bagnols-sur-C\u00e8ze estabrog\u00e9 ;Article 2 : Monsieur Laurent POIRIER n\u00e9 le 08 d\u00e9cembre 1972 \u00e0 Alen\u00e7on (61), secr\u00e9taireadministratif de classe exceptionnelle est nomm\u00e9 r\u00e9gisseur de recettes aupr\u00e8s descirconscriptions de police nationale de N\u00eemes et de Bagnols-sur C\u00e8ze \u00e0 compter du 02 mai2025.Article 3: Monsieur Laurent POIRIER percevra une indemnit\u00e9 de responsabilit\u00e9 dont lemontant est fix\u00e9 par arr\u00e9t\u00e9 du 28 mai 1993 modifi\u00e9 susvis\u00e9.Article 4: En cas d'absence ou d'emp\u00e9chement de Monsieur Laurent POIRIER, sesfonctions seront exerc\u00e9es par le r\u00e9gisseur suppl\u00e9ant, Madame Ingrid ZAMORANO \u00e9pouseBERTIN n\u00e9e le 18 octobre 1975 \u00e0 Montpellier (34), adjoint administratif principal de1\" classe.Article 5 : Le pr\u00e9sent arr\u00eat\u00e9 peut faire l'objet d'un recours administratif aupr\u00e8s du pr\u00e9fet duGard (pr\u00e9fecture du Gard 30 045 Nimes Cedex 9), d'un recours hi\u00e9rarchique adress\u00e9 \u00e0 Monsieurle ministre de l'Int\u00e9rieur \u2014 place Beauvau 75 800 Paris) ou d'un recours contentieux devant le_ tribunal administratif de N\u00eemes, dans un d\u00e9lai de deux mois suivant la publication du pr\u00e9sentarr\u00eat\u00e9. Le tribunal administratif peut aussi \u00eatre saisi par l'application informatique \u00abTelesecoursCitoyens\u00bb, accessible par le site internet www.telerecours.fr.Article 6 : Monsieur le Secr\u00e9taire G\u00e9n\u00e9ral de la Pr\u00e9fecture du Gard, sous-pr\u00e9fet de N\u00eemes,Monsieur le Directeur interd\u00e9partemental de la police nationale du Gard, Monsieur le Directeurdes finances publiques du Gard, sont charg\u00e9s, chacun en ce qui les concerne de l'ex\u00e9cution dupr\u00e9sent arr\u00eat\u00e9 qui sera publi\u00e9 au recueil des actes administratifs. DaeLe pr\u00e9fet, eeaaJ\u00e9r\u00f4me BONET\nT |a\nPrefecture du Gard - 30-2025-05-15-00001 - Arr\u00eat\u00e9 N\u00b030-2025-05-15-00001 portant nomination d'un r\u00e9gisseur de recettes et du\nr\u00e9gisseur suppl\u00e9ant au sein des circonscriptions de police nationale de N\u00eemes et de Bagnols-sur-C\u00e8ze. 8\nPrefecture du Gard\n30-2025-05-14-00004\narr\u00eat\u00e9 N 30-2025-14-05 autorisant la captation,\nl'enregistrement et la transmission d'images au\nmoyen de cam\u00e9ras install\u00e9es sur des a\u00e9ronefs\nPrefecture du Gard - 30-2025-05-14-00004 - arr\u00eat\u00e9 N 30-2025-14-05 autorisant la captation, l'enregistrement et la transmission\nd'images au moyen de cam\u00e9ras install\u00e9es sur des a\u00e9ronefs 9\n| | CABINETPREFET DIRECTION DES SECURITESpi GARD Service d'animation des politiquesLealit\u00e9 | de s\u00e9curit\u00e9 int\u00e9rieureFhsterait\u00e9 Bureau des polices administratives\nARR\u00caT\u00c9 N\u00b030-2025-14-05autorisant la captation, l'enregistrement et la transmission d'imagesau moyen de cam\u00e9ras install\u00e9es sur des a\u00e9ronefs\nLe Pr\u00e9fet du GardChevalier de la L\u00e9gion d'HonneurChevalier de l'Ordre National du M\u00e9riteVu le code de la s\u00e9curit\u00e9 int\u00e9rieure et notamment ses articles L. 242-1 \u00e0 L. 242-8 et R. 242-8 \u00e0R. 242-14 :Vu le d\u00e9cret n\u00b0 2004-374 du 29 avril 2004 relatif aux pouvoirs des pr\u00e9fets, \u00e0 l'organisation et \u00e0l'action des services de l'\u00c9tat dans les r\u00e9gions et d\u00e9partements ;Vu le d\u00e9cret du 13 juillet 2023 nommant M. J\u00e9r\u00f4me BONET, pr\u00e9fet du Gard,Vu l'arr\u00eat\u00e9 pr\u00e9fectoral du 18 octobre 2024 n\u00b030-2024-10-18-00005 donnant d\u00e9l\u00e9gation designature \u00e0 M. Yann GERARD, secr\u00e9taire g\u00e9n\u00e9ral de la pr\u00e9fecture du Gard, sous-pr\u00e9fet de N\u00eemes ;Vu l'arr\u00eat\u00e9 pr\u00e9fectoral du 18 octobre 2024 n\u00b030-2024-10-18-00006 donnant d\u00e9l\u00e9gation designature \u00e0 M. Mathias NIEPS, sous-pr\u00e9fet, charg\u00e9 de mission aupr\u00e8s du pr\u00e9fet du Gard,secr\u00e9taire g\u00e9n\u00e9ral adjoint de la pr\u00e9fecture du Gard;Vu l'arr\u00eat\u00e9 pr\u00e9fectoral n\u00b030-2024-10-18-00009 du 18 octobre 2024 donnant d\u00e9l\u00e9gation designature \u00e0 Madame Charlotte EUVRARD, sous-pr\u00e9f\u00e8te, directrice de cabinet du pr\u00e9fet du Gard ;Vu l'arr\u00eat\u00e9 pr\u00e9fectoral n\u00b0 30-2024-11-28-00004 du 28 novembre 2024 donnant d\u00e9l\u00e9gation designature \u00e0 M. Franck LACOSTE, directeur des s\u00e9curit\u00e9s, directeur de cabinet adjoint du pr\u00e9fet duGard ;Vu l'activation du plan Vigipirate au niveau urgence attentat ;Vu l'arr\u00eat\u00e9 du ministre de l'Int\u00e9rieur et des outre-mer, en date du 19 avril 2023 relatif au nombremaximal de cam\u00e9ras install\u00e9es sur des a\u00e9ronefs pouvant \u00eatre simultan\u00e9ment utilis\u00e9es danschaque d\u00e9partement et collectivit\u00e9 d'outre-mer ; |Vu l'arr\u00eat\u00e9 n\u00b030-2024-07-05 du 7 mai 2024 autorisant la captation, l'enregistrement et latransmission d'images au moyen de cam\u00e9ras install\u00e9es sur des a\u00e9ronefs ;Vu la demande en date du 14 mai 2025, form\u00e9e par la direction interd\u00e9partementale de la policenationale, visant \u00e0 obtenir l'autorisation de capter, d'enregistrer et de transmettre des images aumoyen de deux drones portant chacun une cam\u00e9ra, afin de pr\u00e9venir les atteintes \u00e0 la s\u00e9curit\u00e9\nH\u00f4tel de la Pr\u00e9fecture 10 avenue Feuch\u00e8res \u2014 30045 NIMES CEDEX 9T\u00e9l : 04.66.36.43.90- Fax : 04.66.36.00.87 \u2014 www.gard.gouv.fr\nPrefecture du Gard - 30-2025-05-14-00004 - arr\u00eat\u00e9 N 30-2025-14-05 autorisant la captation, l'enregistrement et la transmission\nd'images au moyen de cam\u00e9ras install\u00e9es sur des a\u00e9ronefs 10\ndes personnes et des biens et la s\u00e9curit\u00e9 des rassemblements au sein du p\u00e9rim\u00e8tre pr\u00e9cis\u00e9 enannexe du pr\u00e9sent arr\u00eat\u00e9, \u00e0 Nimes le vendredi 16 mai 2025 de 13h00 \u00e0 20h00 ;\nConsid\u00e9rant que les dispositions susvis\u00e9es permettent aux forces de s\u00e9curit\u00e9 int\u00e9rieure, dansl'exercice de leurs missions de protection de la s\u00e9curit\u00e9 des personnes et des biens, de proc\u00e9der\u00e0 la captation, \u00e0 l'enregistrement et \u00e0 la transmission d'images au moyen de cam\u00e9ras install\u00e9essur des a\u00e9ronefs aux fins d'assurer la s\u00e9curit\u00e9 des personnes et des biens ; que notamment, le 1\u00b0de l'article L. 242-5 susvis\u00e9 pr\u00e9voit que ces dispositifs peuvent \u00eatre mis en \u0153uvre au titre de lapr\u00e9vention des atteintes \u00e0 la s\u00e9curit\u00e9 des personnes et des biens dans des lieux particuli\u00e8rementexpos\u00e9s, en raison de leurs caract\u00e9ristiques ou des faits qui s'y sont d\u00e9j\u00e0 d\u00e9roul\u00e9s, a des risquesd'agression, de vol ou de trafics d'armes, d'\u00eatres humains ou de stup\u00e9fiants, ainsi que laprotection des b\u00e2timents et installations publics et de leurs abords imm\u00e9diats, lorsqu'ils sontparticuli\u00e8rement expos\u00e9s \u00e0 des risques d'intrusion ou de d\u00e9gradations ;Consid\u00e9rant que les dispositions susvis\u00e9es permettent aux forces de s\u00e9curit\u00e9 int\u00e9rieure, dansl'exercice de leurs missions de protection de la s\u00e9curit\u00e9 des personnes et des biens, de proc\u00e9der\u00e0 la captation, \u00e0 l'enregistrement et \u00e0 la transmission d'images au moyen de cam\u00e9ras install\u00e9essur des a\u00e9ronefs aux fins d'assurer la s\u00e9curit\u00e9 des personnes et des biens et pr\u00e9venir les troubles\u00e0 l'ordre public dans le cadre de r\u00e9tablissement de l'ordre public ; que notamment, le 2\u00b0 del'article L. 242-5 susvis\u00e9 pr\u00e9voit que ces dispositifs peuvent \u00eatre mis en \u0153uvre au titre de las\u00e9curit\u00e9 des rassemblements de personnes sur la voie publique ou dans les lieux ouverts aupublic ainsi que de l'appui des personnels au sol, en vue de leur permettre de maintenir ou der\u00e9tablir l'ordre public, lorsque ces rassemblements sont susceptibles d'entra\u00eener des troublesgraves \u00e0 l'ordre public ;Consid\u00e9rant que le quartier de Pissevin est class\u00e9 comme un quartier de reconqu\u00eate r\u00e9publicaine(QRR) ;Consid\u00e9rant le nombre, la r\u00e9currence et la gravit\u00e9 des faits de d\u00e9linquance de voie publiqueconstat\u00e9s en lien avec le trafic de stup\u00e9fiants au sein de ce QRR, mobilisant fortement les forcesde s\u00e9curit\u00e9 int\u00e9rieure ainsi que les moyens de secours ;Consid\u00e9rant que ce quartier a fait l'objet, d'une ORSQ et est soumis \u00e0 un fort trafic destup\u00e9fiants et qu'une partie de sa population est souvent hostile \u00e0 l'autorit\u00e9 et \u00e0 la contrainte\u00e9tatique ;Consid\u00e9rant que, compte tenu du risque d'atteintes \u00e0 la s\u00e9curit\u00e9 des personnes et des biens, durisque de troubles \u00e0 l'ordre public et \u00e0 la s\u00e9curit\u00e9 publique, de la sensibilit\u00e9 du QRR, de l'ampleurde la zone \u00e0 s\u00e9curiser et de la topographie urbaine des lieux concern\u00e9s, de l'int\u00e9r\u00eat de disposerd'une vision en grand angle pour permettre le maintien et le r\u00e9tablissement de l'ordre public etle suivi de la concentration des flux et des mouvements de personnes tout en limitantl'engagement des forces au sol, le recours au dispositif de captation install\u00e9 sur un drone estn\u00e9cessaire et adapt\u00e9 ;Consid\u00e9rant qu'il n'existe pas de dispositif moins intrusif permettant de parvenir aux m\u00eamesfins ;Consid\u00e9rant la d\u00e9clinaison sur le d\u00e9partement du Gard de la politique de lutte contre le trafic destup\u00e9fiants, inscrite dans le plan d'action d\u00e9partemental de restauration de la s\u00e9curit\u00e9 duquotidien pr\u00e9sent\u00e9 \u00e0 la presse le 21 f\u00e9vrier 2025;\nPrefecture du Gard - 30-2025-05-14-00004 - arr\u00eat\u00e9 N 30-2025-14-05 autorisant la captation, l'enregistrement et la transmission\nd'images au moyen de cam\u00e9ras install\u00e9es sur des a\u00e9ronefs 11\nConsid\u00e9rant que la demande porte sur l'engagement de deux drones munis d'une cam\u00e9raa\u00e9roport\u00e9e pour une dur\u00e9e d'une journ\u00e9e dans le secteur d\u00e9limit\u00e9 par le plan joint au pr\u00e9sentarr\u00eat\u00e9 ; que les lieux surveill\u00e9s sont ainsi strictement limit\u00e9s au p\u00e9rim\u00e8tre sur lequel les risquespour la s\u00e9curit\u00e9 des personnes sont susceptibles de survenir ; qu'au regard des circonstancessusmentionn\u00e9es, la demande n'appara\u00eet pas disproportionn\u00e9e ;Consid\u00e9rant que le recours \u00e0 la captation, l'enregistrement et la transmission d'images feral'objet d'une publication au recueil des actes administratifs de la pr\u00e9fecture du Gard; quetoutefois, en vertu de l'article R. 242-13 du code de la s\u00e9curit\u00e9 int\u00e9rieure, il y a lieu de d\u00e9roger auprincipe d'information du public d\u00e8s lors que cette information est en contradiction avec lafinalit\u00e9 pour laquelle le dispositif est autoris\u00e9; qu'en l'esp\u00e8ce, eu \u00e9gard au climatparticuli\u00e8rement sensible r\u00e9gnant dans les quartiers concern\u00e9s et aux tensions qui y sontr\u00e9guli\u00e8rement constat\u00e9es, une telle information serait de nature \u00e0 accro\u00eetre ce climat et cesSur proposition de la directrice de cabinet du pr\u00e9fet du Gard;\nArr\u00eate\nArticle 1: La captation, l'enregistrement et la transmission d'images par la directioninterd\u00e9partementale de la police nationale, est autoris\u00e9e au titre de la pr\u00e9vention des atteintes \u00e0la s\u00e9curit\u00e9 des personnes et des biens et au titre de la s\u00e9curisation des rassemblements depersonnes sur la voie publique et de l'appui des personnes au sol en vue de leur permettre demaintenir ou de r\u00e9tablir l'ordre public.\nArticle 2: Le nombre maximal de cam\u00e9ras pouvant proc\u00e9der simultan\u00e9ment aux traitementsmentionn\u00e9s \u00e0 l'article 1\" est fix\u00e9 \u00e0 2 (mod\u00e8le DJI Mavic 3T), 1 cam\u00e9ra par dr\u00f4ne.\nArticle 3 : La pr\u00e9sente autorisation est limit\u00e9e au p\u00e9rim\u00e8tre g\u00e9ographique figurant sur le planjoint en annexe.\nArticle 4 : La pr\u00e9sente autorisation est d\u00e9livr\u00e9e le vendredi 16 mai 2025 de 13h00 \u00e0 20h00.Article 5 : Le registre mentionn\u00e9 \u00e0 l'article L. 242-4 du code de la s\u00e9curit\u00e9 int\u00e9rieure est transmisau repr\u00e9sentant de l'\u00c9tat dans le d\u00e9partement \u00e0 l'issue de l'\u00e9v\u00e8nement.\nArticle 6 : Le pr\u00e9sent arr\u00eat\u00e9 est publi\u00e9 au recueil des actes administratifs de la pr\u00e9fecture et peut\u00eatre contest\u00e9 dans les deux mois suivant sa notification :- soit par voie de recours gracieux form\u00e9 aupr\u00e8s de M. le Pr\u00e9fet du Gard;- soit par voie de recours hi\u00e9rarchique form\u00e9 aupr\u00e8s de M. le Ministre de l'Int\u00e9rieur ;- soit par voie de recours contentieux d\u00e9pos\u00e9 devant le tribunal Administratif deN\u00eemes.\nPrefecture du Gard - 30-2025-05-14-00004 - arr\u00eat\u00e9 N 30-2025-14-05 autorisant la captation, l'enregistrement et la transmission\nd'images au moyen de cam\u00e9ras install\u00e9es sur des a\u00e9ronefs 12\nLe tribunal administratif peut aussi \u00eatre saisi par l'application informatique 'TelerecoursCitoyens', accessible par le site internet www.telerecours.fr. ;\nArticle 7 : la directrice de cabinet du pr\u00e9fet du Gard et le directeur interd\u00e9partemental de lapolice nationale sont charg\u00e9s, chacun en ce qui le concerne, de l'ex\u00e9cution du pr\u00e9sent arr\u00eat\u00e9.\nN\u00eemes, le 14 mai 2025\n~\nPobeanefat,_la sous-pr\u00e9f\u00e8teDirectrice d\u00e8 binea\nat\nPrefecture du Gard - 30-2025-05-14-00004 - arr\u00eat\u00e9 N 30-2025-14-05 autorisant la captation, l'enregistrement et la transmission\nd'images au moyen de cam\u00e9ras install\u00e9es sur des a\u00e9ronefs 13\nPrefecture du Gard - 30-2025-05-14-00004 - arr\u00eat\u00e9 N 30-2025-14-05 autorisant la captation, l'enregistrement et la transmission\nd'images au moyen de cam\u00e9ras install\u00e9es sur des a\u00e9ronefs 14\nPrefecture du Gard - 30-2025-05-14-00004 - arr\u00eat\u00e9 N 30-2025-14-05 autorisant la captation, l'enregistrement et la transmission\nd'images au moyen de cam\u00e9ras install\u00e9es sur des a\u00e9ronefs 15\nSous Pr\u00e9fecture d'Al\u00e8s\n30-2025-05-14-00002\nArr\u00eat\u00e9 de modification d'habilitation n\u00b025-05-25\ndu 14-05-25 SERVICES FUNERAIRES HUCK\nSous Pr\u00e9fecture d'Al\u00e8s - 30-2025-05-14-00002 - Arr\u00eat\u00e9 de modification d'habilitation n\u00b025-05-25 du 14-05-25 SERVICES FUNERAIRES\nHUCK 16\nE 3 Sous-pr\u00e9fecture d'Al\u00e9sPREFET Bureau de la r\u00e9glementation fun\u00e9raire et des associationsDU GARD Service d\u00e9partemental du fun\u00e9raireLibert\u00e9\u00c9galitFraternit\u00e9\nArr\u00eat\u00e9 n\u00b0 25-05-25portant modification d'habilitation dans le domaine fun\u00e9raireLe pr\u00e9fet du Gard,Chevalier de la l\u00e9gion d'honneur,Chevalier de l'ordre national du M\u00e9rite,\nVu le code g\u00e9n\u00e9ral des collectivit\u00e9s territoriales, notamment les articles L. 2223-19 et suivants:Vu l'arr\u00eat\u00e9 pr\u00e9fectoral n\u00b0 30-2024-10-18-00007 du 18 octobre 2024 donnant d\u00e9l\u00e9gation designature \u00e0 Monsieur Emile SOUMBO, sous-pr\u00e9fet de l'arrondissement d'Al\u00e8s ;Vu l'arr\u00eat\u00e9 pr\u00e9fectoral du 07 janvier 2025 portant cr\u00e9ation d'habilitation dans le domainefun\u00e9raire sous le n\u00b0 24-30-0256 pour une dur\u00e9e de 5 ans, \u00e0 l'entreprise individuelle HUCKS\u00e9bastien \u00e0 l'enseigne \u00ab Services Fun\u00e9raires Huck \u00bb, dont le si\u00e8ge est situ\u00e9 19 impasse desCarrierettes \u00e0 AIGUES-MORTES (30220), SIRET n\u00b0 788 562 189 00035, dirig\u00e9 par M. S\u00e9bastienHUCK dirigeant ;Vu l'extrait Kbis de la soci\u00e9t\u00e9, \u00e0 jour en date du 7 novembre 2024 ;Vu le d\u00e9calage calendaire sur le num\u00e9ro d'habilitation de la soci\u00e9t\u00e9 de pompes fun\u00e8bres sus-mentionn\u00e9e dans le R\u00e9f\u00e9rentiel Op\u00e9rateurs Fun\u00e9raires (ROF) ;Consid\u00e9rant que l'arr\u00eat\u00e9 d'habilitation doit \u00eatre modifi\u00e9 en ce sens ;Consid\u00e9rant que le dossier de d\u00e9claration est constitu\u00e9 conform\u00e9ment \u00e0 la r\u00e9glementation envigueur ;sur proposition du sous-pr\u00e9fet d'Al\u00e8s ; ARR\u00caTEArticle 1\u00b0: L'Entreprise Individuelle HUCK S\u00e9bastien \u00e0 l'enseigne \u00ab Services Fun\u00e9rairesHuck \u00bb, dont le si\u00e8ge est situ\u00e9 19 impasse des Carrierettes \u00e0 AIGUES-MORTES(30220), SIRET n\u00b0 788 562 189 00035 dirig\u00e9 par M. S\u00e9bastien HUCK est habilit\u00e9e,pour exercer sur l'ensemble du territoire national, les activit\u00e9s fun\u00e9rairessuivantes :- transport de corps avant et apr\u00e8s mise en bi\u00e8re,- organisation des obs\u00e8ques,- soins de conservation (activit\u00e9 sous trait\u00e9e),- fourniture des housses, des cercueils et de leurs accessoires int\u00e9rieurs etext\u00e9rieurs ainsi que des urnes cin\u00e9raires,- fourniture de corbillards et de voitures de deuils,- fourniture de personnel, objets et prestations n\u00e9cessaires aux obs\u00e9ques,inhumations, exhumations et cr\u00e9mations.\nSOUS-PREFECTURE d'AL\u00c8S \u2014 3 boulevard Louis Blanc \u2014 - 30100 ALES - T\u00e9l.: 04.66.56.39.39 \u2014 www.gard.gouv.fr\nSous Pr\u00e9fecture d'Al\u00e8s - 30-2025-05-14-00002 - Arr\u00eat\u00e9 de modification d'habilitation n\u00b025-05-25 du 14-05-25 SERVICES FUNERAIRES\nHUCK 17\nArticle2: L'op\u00e9rateur fun\u00e9raire d\u00e9clare, dans le cadre d'un contrat de sous-traitance,confier les prestations fun\u00e9raires suivantes :soins de conservation\u00e0 l'entreprise d\u00fbment habilit\u00e9e \u00ab ADONIS THANATOPRAXIE\u00bb dont le si\u00e8ge estsitu\u00e9 a UCHAUD (30620).Article3: Les prestations de transport de corps avant et apr\u00e8s mise en bi\u00e8re se font aumoyen des v\u00e9hicules immatricul\u00e9s :BH-098-PK et FD-781-AH\nArticle 4: Le num\u00e9ro d'habilitation devient : 25-30-0256Article 5: La date de validit\u00e9 de la pr\u00e9sente habilitation reste fix\u00e9e jusqu'au :07 novembre 2029.Article6: La pr\u00e9sente habilitation peut \u00eatre retir\u00e9e ou suspendue pour une ou plusieursactivit\u00e9s pour l'un des motifs pr\u00e9vus par l'article L.2223-25 du code g\u00e9n\u00e9ral descollectivit\u00e9s territoriales.Article7: Le sous-pr\u00e9fet d'Al\u00e9s, est charg\u00e9 de l'ex\u00e9cution du pr\u00e9sent arr\u00eat\u00e9 dont unexemplaire est notifi\u00e9 \u00e0 l'int\u00e9ress\u00e9 et ins\u00e9r\u00e9 au recueil des actes administratifsde la pr\u00e9fecture du Gard (RAA).\nAl\u00e8s le 14 mai 2025\nLe sous-pr\u00e9fet\nEmile SOUMBO\nN\u00b0 d'insertion au RAA :\nVoies et d\u00e9lais de recours :La pr\u00e9sente d\u00e9cision peut faire l'objet d'un recours administratif aupr\u00e8s de l'autorit\u00e9 qui l'a d\u00e9livr\u00e9e ou aupr\u00e8s dutribunal administratif de Nimes, dans un d\u00e9lai de deux mois \u00e0 compter de sa notification pour l'int\u00e9ress\u00e9 et de sapublication pour les tiers.\nSOUS-PREFECTURE d'ALES \u2014 3 boulevard Louis Blanc \u2014 - 30100 ALES \u2014 T\u00e9l.: 04.66.56.39.39 \u2014 www.gard.gouv.fr\nSous Pr\u00e9fecture d'Al\u00e8s - 30-2025-05-14-00002 - Arr\u00eat\u00e9 de modification d'habilitation n\u00b025-05-25 du 14-05-25 SERVICES FUNERAIRES\nHUCK 18\nSous Pr\u00e9fecture d'Al\u00e8s\n30-2025-05-14-00003\nArr\u00eat\u00e9 de modification d'habilitation n\u00b025-05-26\ndu 14-05-25 SF GILBERT KENJI\nSous Pr\u00e9fecture d'Al\u00e8s - 30-2025-05-14-00003 - Arr\u00eat\u00e9 de modification d'habilitation n\u00b025-05-26 du 14-05-25 SF GILBERT KENJI 19\nPREFET Sous-pr\u00e9fecture d'Al\u00e8sDU GARD Bureau de la r\u00e9glementation fun\u00e9raire et des associationsLibert\u00e9 Service d\u00e9partemental du fun\u00e9raire\u00c9galit\u00e9Fraternit\u00e9\nArr\u00eat\u00e9 n\u00b0 25-05-26portant modification d'habilitation dans le domaine fun\u00e9raireLe pr\u00e9fet du Gard,Chevalier de la l\u00e9gion d'honneur,Chevalier de l'ordre national du M\u00e9rite,\nVule code g\u00e9n\u00e9ral des collectivit\u00e9s territoriales, notamment les articles L. 2223-19 etsuivants;Vu l'arr\u00eat\u00e9 pr\u00e9fectoral n\u00b0 30-2024-10-18-00007 du 18 octobre 2024 donnant d\u00e9l\u00e9gationde signature \u00e0 Monsieur Emile SOUMBO, sous-pr\u00e9fet de l'arrondissement d'Al\u00e8s ;Vu l'arr\u00eat\u00e9 pr\u00e9fectoral du 07 janvier 2025 portant cr\u00e9ation d'habilitation dans le domainefun\u00e9raire sous le n\u00b0 24-30-0258 pour une dur\u00e9e de 5 ans, \u00e0 l'entreprise individuelle SFGILBERT KENJI pour son \u00e9tablissement situ\u00e9 Avenue de la Gare - Le Clos des VignesLot n\u00b08 \u00e0 FONS (30730) - SIRET n\u00b0 532 529 393 00029, dirig\u00e9 par M. Kenji GILBERTg\u00e9rant ;Vu l'extrait Kbis de la soci\u00e9t\u00e9, \u00e0 jour en date du 06 d\u00e9cembre 2024;Vu le d\u00e9calage calendaire sur le num\u00e9ro d'habilitation de la soci\u00e9t\u00e9 de pompes fun\u00e8bres sus-mentionn\u00e9e dans le R\u00e9f\u00e9rentiel Op\u00e9rateurs Fun\u00e9raires (ROF) ;Consid\u00e9rant que l'arr\u00eat\u00e9 d'habilitation doit \u00eatre modifi\u00e9 en ce sens ;Consid\u00e9rant que le dossier de d\u00e9claration est constitu\u00e9 conform\u00e9ment \u00e0 la r\u00e9glementationen vigueur ;sur proposition du sous-pr\u00e9fet d'Al\u00e9s ;\nARR\u00caTE\nArticle 1\": L'entreprise individuelle SF GILBERT KENJI pour son \u00e9tablissement situ\u00e9Avenue de la Gare \u2014 Le Clos des Vignes Lot n\u00b08 \u00e0 FONS (30730) - SIRET n\u00b0532 529 393 00029, dirig\u00e9 par M. Kenji GILBERT , est habilit\u00e9e pour exercersur l'ensemble du territoire national, les activit\u00e9s fun\u00e9raires suivantes :- fourniture de personnel, objets et prestations n\u00e9cessaires aux obs\u00e8ques,inhumations, exhumations et cr\u00e9mations.\nSOUS-PREFECTURE d'AL\u00c8S \u2014 3 boulevard Louis Blanc \u2014 - 30100 ALES - T\u00e9l.: 04.66.56.39.39 \u2014 www.gard.gouv.fr\nSous Pr\u00e9fecture d'Al\u00e8s - 30-2025-05-14-00003 - Arr\u00eat\u00e9 de modification d'habilitation n\u00b025-05-26 du 14-05-25 SF GILBERT KENJI 20\nArticle 2: Le num\u00e9ro d'habilitation devient : 25-30-0258Article3: La dur\u00e9e de la pr\u00e9sente habilitation reste fix\u00e9e jusqu'au : 01/01/2030.Article 4: Le pr\u00e9sent arr\u00eat\u00e9 annule et remplace l'arr\u00eat\u00e9 du 07 janvier 2025 sus mentionn\u00e9.Article 5: La pr\u00e9sente habilitation peut \u00eatre retir\u00e9e ou suspendue pour une ou plusieursactivit\u00e9s pour l'un des motifs pr\u00e9vus par l'article L.2223-25 du code g\u00e9n\u00e9ral descollectivit\u00e9s territoriales.Article 6: Le sous-pr\u00e9fet d'Al\u00e8s est charg\u00e9 de l'ex\u00e9cution du pr\u00e9sent arr\u00eat\u00e9 dont unexemplaire est notifi\u00e9 \u00e0 l'int\u00e9ress\u00e9 et ins\u00e9r\u00e9 au recueil des actes administratifs(RAA) de la pr\u00e9fecture du Gard.\nAl\u00e8s le 14 mai 2025\nLe sous-pr\u00e9fet\nEmile SOUMBO/\nN\u00b0 d'insertion au RAA :\nVoies et d\u00e9lais de recours :La pr\u00e9sente d\u00e9cision peut faire l'objet d'un recours administratif aupr\u00e8s de l'autorit\u00e9 qui l'a d\u00e9livr\u00e9e ou aupr\u00e8s dutribunal administratif de N\u00eemes, dans un d\u00e9lai de deux mois \u00e0 compter de sa notification pour l'int\u00e9ress\u00e9 et de sapublication pour les tiers.\nSOUS-PREFECTURE d'AL\u00c8S \u2014 3 boulevard Louis Blanc \u2014 - 30100 ALES \u2014 T\u00e9l.: 04.66.56.39.39 \u2014 www.gard.qouv.fr\nSous Pr\u00e9fecture d'Al\u00e8s - 30-2025-05-14-00003 - Arr\u00eat\u00e9 de modification d'habilitation n\u00b025-05-26 du 14-05-25 SF GILBERT KENJI 21","date":"2025-05-15","first_seen_on":"2025-05-15T16:18:49+00:00","id":"e2fc018f7b491dcf1722111b6c7c8e1ce750517f1de572331580f7ae470bdf14","name":"recueil-30-2025-081-special du 15 05 2025","pdf_creation_date":"2025-05-15T14:22:49+00:00","pdf_modification_date":null,"timezone":"Europe/Paris","url":"https://www.gard.gouv.fr/contenu/telechargement/63185/467422/file/recueil-30-2025-081-special%20du%2015%2005%202025.pdf"}
