{"administration":"prefidf","administration_name":"Pr\u00e9fecture de la r\u00e9gion \u00cele-de-France","content":"PREFECTURE\nREGION ILE DE\nFRANCE\nRECUEIL DES ACTES\nADMINISTRATIFS SP\u00c9CIAL\nN\u00b0IDF-002-2025-05\nPUBLI\u00c9 LE  2 MAI 2025\nSommaire\nDirection r\u00e9gionale et interd\u00e9partementale de l'environnement, de\nl'am\u00e9nagement et des transports d'\u00cele-de-France / D\u00e9partement\ndes affaires juridiques, des archives et de la documentation\nIDF-2025-05-02-00005 - D\u00e9cision DRIEAT-IDF n\u00b0 2025-0393 du 2 mai\n2025 portant subd\u00e9l\u00e9gation de signature en mati\u00e8re administrative\npour le compte du pr\u00e9fet de la r\u00e9gion d'\u00cele-de-France (15 pages) Page 3\nIDF-2025-05-02-00003 - D\u00e9cision DRIEAT-IDF n\u00b0 2025-0393 portant\nsubd\u00e9l\u00e9gation de signature en mati\u00e8re administrative pour le compte\ndu pr\u00e9fet de la r\u00e9gion d'\u00cele-de-France (15 pages) Page 19\nIDF-2025-05-02-00004 - D\u00e9cision DRIEAT-IDF n\u00b0 2025-0394 du 2 mai\n2025 portant subd\u00e9l\u00e9gation de signature en mati\u00e8re\nd'ordonnancement secondaire\net de commande publique pour le\ncompte du pr\u00e9fet de la r\u00e9gion d'\u00cele-de-France (42 pages) Page 35\nDirection Sp\u00e9cialis\u00e9e des Finances Publiques pour l'Assistance\nPublique-H\u00f4pitaux de Paris /\nIDF-2025-05-02-00008 - Arr\u00eat\u00e9 directorial portant organisation des\nservices de la direction sp\u00e9cialis\u00e9e des finances publiques\npour\nl'Assistance publique-H\u00f4pitaux de Paris (16 pages) Page 78\nIDF-2025-05-02-00009 - D\u00e9cision de d\u00e9l\u00e9gation de signature prise en\napplication de l'arr\u00eat\u00e9 directorial du 2 mai 2025 portant organisation\ndes services de la direction sp\u00e9cialis\u00e9e des finances publiques pour\nl'Assistance publique-H\u00f4pitaux de Paris (5 pages) Page 95\nRectorat de l'acad\u00e9mie de Cr\u00e9teil / Affaires juridiques\nIDF-2025-05-02-00001 - Arr\u00eat\u00e9 du 2 mai 2025 portant d\u00e9l\u00e9gation de\nsignature \u00e0 madame Anne TANGUY, cheffe de la division des personnels\nadministratifs, techniques, sociaux, de sant\u00e9 et d'encadrement (DPAE) \nau rectorat de l'acad\u00e9mie de Cr\u00e9teil (4 pages) Page 101\n2\nDirection r\u00e9gionale et interd\u00e9partementale de\nl'environnement, de l'am\u00e9nagement et des\ntransports d'\u00cele-de-France\nIDF-2025-05-02-00005\nD\u00e9cision DRIEAT-IDF n\u00b0 2025-0393 du 2 mai 2025\nportant subd\u00e9l\u00e9gation de signature en mati\u00e8re\nadministrative pour le compte du pr\u00e9fet de la\nr\u00e9gion d'\u00cele-de-France\nDirection r\u00e9gionale et interd\u00e9partementale de l'environnement, de l'am\u00e9nagement et des transports d'\u00cele-de-France -\nIDF-2025-05-02-00005 - D\u00e9cision DRIEAT-IDF n\u00b0 2025-0393 du 2 mai 2025 portant subd\u00e9l\u00e9gation de signature en mati\u00e8re\nadministrative pour le compte du pr\u00e9fet de la r\u00e9gion d'\u00cele-de-France\n3\nEPR\u00c9FET _DE LA R\u00c9GIOND'\u00ceLE-DE-FRANCELibert\u00e9Egalit\u00e9Fraternit\u00e9\n \n \nDRIEAT \n27-29 rue Leblanc \u2013 CS 57  246 \u2013 75  732 Paris CEDEX 15 \nT\u00e9l : +33 (0)1 40 61 80 80 \nwww.drieat.ile-de-france.developpement-durable.gouv.fr  1 \n \nDirection r\u00e9gionale et interd\u00e9partementale \nde l'environnement, de l'am\u00e9nagement \net des transports d'\u00cele-de-France \n \n \n \nD\u00e9cision DRIEAT-IDF n\u00b0 2025-0393 \nportant subd\u00e9l\u00e9gation de signature en mati\u00e8re administrative  \npour le compte du pr\u00e9fet de la r\u00e9gion d'\u00cele-de-France \n \n \nLa directrice r\u00e9gionale et interd\u00e9partementale de l'environnement, de l'am\u00e9nagement et des transports \nd'\u00cele-de-France, \n \nVu la loi n\u00b0 82-213 du 2 mars 1982 relative aux droits et libert\u00e9s des communes, des d\u00e9partements et des \nr\u00e9gions ; \n \nVu la loi d'orientation n\u00b0 92-125 du 6 f\u00e9vrier 1992 relative \u00e0 l'administration territoriale de la R\u00e9publique ; \n \nVu le d\u00e9cret n\u00b0 2004-374 du 29 avril 2004 relatif aux pouvoirs des pr\u00e9fets, \u00e0 l'organisation et \u00e0 l'ac tion \ndes services de l'\u00c9tat dans les r\u00e9gions et d\u00e9partements ; \n \nVu le d\u00e9cret n\u00b0 2005-636 du 30 mai 2005 relatif \u00e0 l'organisation de l'administration dans le domaine de \nl'eau et aux missions du pr\u00e9fet coordonnateur de bassin ; \n \nVu le d\u00e9cret n\u00b0 2006-304 du 16 mars 2006 portant cr \u00e9ation et organisation des directions \ninterd\u00e9partementales des routes ; \n \nVu le d\u00e9cret n\u00b0 2010-687 du 24 juin 2010 modifi\u00e9 relatif \u00e0 l'organisation et aux missions des services  de \nl'\u00c9tat dans la r\u00e9gion et les d\u00e9partements d'\u00cele-de-France ; \n \nVu le d\u00e9cret n\u00b0 2013-1041 du 20 novembre 2013 modifi\u00e9 autorisant le ministre charg\u00e9 du d\u00e9veloppement \ndurable \u00e0 d\u00e9l\u00e9guer certains de ses pouvoirs de recr utement et de gestion d'agents plac\u00e9s sous son \nautorit\u00e9 ; \n \nVu le d\u00e9cret n\u00b0 2015-510 du 7 mai 2015 portant charte de la d\u00e9concentration ; \n \nVu le d\u00e9cret du 22 juillet 2020 portant nomination du pr\u00e9fet de la r\u00e9gion d'\u00cele-de-France, pr\u00e9fet de Paris \n(hors classe) - M. GUILLAUME (Marc) ; \n \nVu l'arr\u00eat\u00e9 interminist\u00e9riel du 26 mai 2006 portant constitution des directions interd\u00e9partementales des \nroutes ; \n \nVu l'arr\u00eat\u00e9 du 29 d\u00e9cembre 2016 portant d\u00e9concentration des actes relatifs \u00e0 la situation individuelle  \ndes agents publics exer\u00e7ant leurs fonctions dans les services d\u00e9concentr\u00e9s des administrations civiles de \nl'\u00c9tat au sens de l'article 15 du d\u00e9cret n\u00b0 2004-374 du 29 avril 2004 modifi\u00e9 ; \n \nDirection r\u00e9gionale et interd\u00e9partementale de l'environnement, de l'am\u00e9nagement et des transports d'\u00cele-de-France -\nIDF-2025-05-02-00005 - D\u00e9cision DRIEAT-IDF n\u00b0 2025-0393 du 2 mai 2025 portant subd\u00e9l\u00e9gation de signature en mati\u00e8re\nadministrative pour le compte du pr\u00e9fet de la r\u00e9gion d'\u00cele-de-France\n4\n \n \nDRIEAT \n27-29 rue Leblanc \u2013 CS 57  246 \u2013 75  732 Paris CEDEX 15 \nT\u00e9l : +33 (0)1 40 61 80 80 \nwww.drieat.ile-de-france.developpement-durable.gouv.fr  2 \nVu l'arr\u00eat\u00e9 du 26 d\u00e9cembre 2019 portant d\u00e9l\u00e9gation de pouvoirs du ministre charg\u00e9 du d\u00e9veloppement \ndurable en mati\u00e8re de gestion des membres du corps des adjoints administratifs des administrations de \nl'\u00c9tat ; \n \nVu l'arr\u00eat\u00e9 du pr\u00e9fet de la r\u00e9gion d'\u00cele-de-France, pr\u00e9fet de Paris n\u00b0 IDF-02-07-00001 du 7 f\u00e9vrier 20 25 \nportant organisation de la direction r\u00e9gionale et i nterd\u00e9partementale de l'environnement, de \nl'am\u00e9nagement et des transports d'\u00cele-de-France ; \n \nVu la d\u00e9cision DRIEAT-IDF n\u00b0 2025-0051 du 25 f\u00e9vrier 2025 portant organisation de la direction r\u00e9gionale \net interd\u00e9partementale de l'environnement, de l'am\u00e9nagement et des transports d'\u00cele-de-France ; \n \nVu l'arr\u00eat\u00e9 interminist\u00e9riel du 8 juillet 2022 port ant nomination d'une directrice r\u00e9gionale et \ninterd\u00e9partementale de l'environnement, de l'am\u00e9nag ement et des transports de la r\u00e9gion \u00cele-de-\nFrance ; \n \nVu l'arr\u00eat\u00e9 n\u00b0 IDF-2022-07-19-00005 du 19 juillet 2022 du pr\u00e9fet de la r\u00e9gion \u00cele-de-France, pr\u00e9fet de Paris, \nportant d\u00e9l\u00e9gation de signature \u00e0 Mme Emmanuelle GA Y, directrice r\u00e9gionale et interd\u00e9partementale \nde l'environnement, de l'am\u00e9nagement et des transports d'\u00cele-de-France, en mati\u00e8re administrative ; \n \nSur proposition de l'adjoint \u00e0 la directrice r\u00e9gion ale et interd\u00e9partementale de l'environnement, de \nl'am\u00e9nagement et des transports d'\u00cele-de-France, charg\u00e9 du pilotage, \n \nD\u00e9cide : \nArticle 1 \ner  \n \nI. - Subd\u00e9l\u00e9gation de signature est accord\u00e9e \u00e0 M. Laure nt PAILLARD, directeur r\u00e9gional et \ninterd\u00e9partemental adjoint, charg\u00e9 des ressources h umaines et de la gestion des moyens, Mme Val\u00e9rie \nBELROSE, directrice r\u00e9gionale et interd\u00e9partemental e adjointe charg\u00e9e de l'eau et du d\u00e9veloppement \ndurable, M. Jacques SALHI, directeur r\u00e9gional et in terd\u00e9partemental adjoint directeur des routes d'\u00cele -\nde-France, M. Jean-Marc PICARD, directeur r\u00e9gional et interd\u00e9partemental adjoint, charg\u00e9 de l'\u00e9nergie,  \ndes risques et de la nature, M. Paul WEICK, directe ur r\u00e9gional et interd\u00e9partemental adjoint charg\u00e9 de  \nla s\u00e9curit\u00e9 des transports et des missions de d\u00e9fen se et de s\u00e9curit\u00e9, M. Herv\u00e9 SCHMITT, directeur \nr\u00e9gional et interd\u00e9partemental adjoint charg\u00e9 de l'am\u00e9nagement durable et des transports et M. Pascal \nH\u00c9RITIER, adjoint de la directrice, charg\u00e9 du pilotage, pour les mati\u00e8res relevant des articles 4 \u00e0 22.  \n \nII. - En cas d'emp\u00eachement ou d'absence de Mme Emmanuelle  GAY, subd\u00e9l\u00e9gation de signature est \naccord\u00e9e \u00e0 M. Laurent PAILLARD, directeur r\u00e9gional et interd\u00e9partemental adjoint, charg\u00e9 des \nressources humaines et de la gestion des moyens, Mm e Claire GRISEZ, directrice r\u00e9gionale et \ninterd\u00e9partementale adjointe charg\u00e9e de l'eau et du  d\u00e9veloppement durable, M. Jacques SALHI, \ndirecteur r\u00e9gional et interd\u00e9partemental adjoint di recteur des routes d'\u00cele-de-France, M. Jean-Marc \nPICARD, directeur r\u00e9gional et interd\u00e9partemental adjoint charg\u00e9 de l'\u00e9nergie, des risques et de la nature, \nM. Paul WEICK, directeur r\u00e9gional et interd\u00e9partemental adjoint charg\u00e9 de la s\u00e9curit\u00e9 des transports et \ndes missions de d\u00e9fense et de s\u00e9curit\u00e9 et M. Herv\u00e9 SCHMITT, directeur r\u00e9gional et interd\u00e9partemental \nadjoint charg\u00e9 de l'am\u00e9nagement durable et des tran sports, pour signer les arr\u00eat\u00e9s, d\u00e9cisions et pi\u00e8ce s \nrelevant des attributions de la direction.  \n \n  \nDirection r\u00e9gionale et interd\u00e9partementale de l'environnement, de l'am\u00e9nagement et des transports d'\u00cele-de-France -\nIDF-2025-05-02-00005 - D\u00e9cision DRIEAT-IDF n\u00b0 2025-0393 du 2 mai 2025 portant subd\u00e9l\u00e9gation de signature en mati\u00e8re\nadministrative pour le compte du pr\u00e9fet de la r\u00e9gion d'\u00cele-de-France\n5\n \n \nDRIEAT \n27-29 rue Leblanc \u2013 CS 57  246 \u2013 75  732 Paris CEDEX 15 \nT\u00e9l : +33 (0)1 40 61 80 80 \nwww.drieat.ile-de-france.developpement-durable.gouv.fr  3 \nArticle 2 \n \nI. - Pour le cabinet de la direction, subd\u00e9l\u00e9gation de s ignature est accord\u00e9e, dans la limite de ses \nattributions, \u00e0 Mme Agathe BALTZER, directrice de cabinet, pour le fonctionnement du cabinet. \n \nII. - Pour la mission s\u00e9curit\u00e9-d\u00e9fense, subd\u00e9l\u00e9gation de  signature est accord\u00e9e, dans la limite de leurs \nattributions respectives, \u00e0 M. Paul WEICK, directeur r\u00e9gional et interd\u00e9partemental adjoint charg\u00e9 de la \ns\u00e9curit\u00e9 des transports et des missions de d\u00e9fense et de s\u00e9curit\u00e9 et M. Silv\u00e8re RAYNAUD, chef de la \nmission s\u00e9curit\u00e9-d\u00e9fense. \n \nIII. - Pour le service communication, subd\u00e9l\u00e9gation de sig nature est accord\u00e9e, dans la limite de leurs \nattributions, \u00e0 : \n \n\u2022 Mme St\u00e9phanie CARVALHEIRO, directrice de la communication ;  \n\u2022 Madame Magali MAUGER, directrice adjointe de la communication ; \n\u2022 Mme H\u00e9l\u00e8ne LAMBERT, directrice de la communication d\u00e9l\u00e9gu\u00e9e, cheffe de la mission \ncommunication. \n \nArticle 3 \n \nI. - Pour la direction des routes d'\u00cele-de-France (DiRIF ), subd\u00e9l\u00e9gation de signature est accord\u00e9e \u00e0 M. \nJacques SALHI, directeur r\u00e9gional et interd\u00e9partemental adjoint, directeur des routes d'\u00cele-de-France, et, \ndans la limite de leurs attributions respectives, \u00e0 : \n \n\u2022 M. J\u00e9r\u00f4me ROQUES, directeur adjoint des routes d'\u00cele-de-France ; \n\u2022 Mme Sophie DUPAS, directrice adjointe exploitation et entretien ; \n\u2022 M. Jean-Baptiste MOTTE, secr\u00e9taire g\u00e9n\u00e9ral d\u00e9l\u00e9gu\u00e9 aupr\u00e8s de la DiRIF ; \n\u2022 M. R\u00e9my MENSIRE, chef du service de la modernisation du r\u00e9seau de la direction des routes d'\u00cele-de-\nFrance ; \n\u2022 Mme Emmanuelle PAGES, adjointe au chef du service d e la modernisation du r\u00e9seau de la direction \ndes routes d'\u00cele-de-France ; \n\u2022 M. David JUIN, chef du service de la gestion patrim oniale du r\u00e9seau de la direction des routes d'\u00cele-\nde-France ; \n\u2022 M. Claude STREITH, adjoint au chef du service de la  gestion patrimoniale du r\u00e9seau de la direction \ndes routes d'\u00cele-de-France ; \n\u2022 M. Pierre-Baptiste DELPUECH, chef du service du trafic et des tunnels ; \n\u2022 M. Jonathan COL\u00c9, adjoint au chef du service du trafic et des tunnels ; \n\u2022 Monsieur Jean-Fran\u00e7ois TARISTAS, chef de la mission  de la politique et des moyens de l'exploitation \nde la direction des routes d'\u00cele-de-France. \n \nII. - Pour le service de la modernisation du r\u00e9seau, sub d\u00e9l\u00e9gation de signature est \u00e9galement accord\u00e9e, \ndans la limite de leurs attributions respectives, \u00e0 : \n \n\u2022 M. Guillaume BENNET, chef du d\u00e9partement de la modernisation du r\u00e9seau Sud-Ouest et son adjoint \nM. R\u00e9gis BOST ; \n\u2022 M. \u00c9ric VILBE, chef du d\u00e9partement de la modernisation du r\u00e9seau Est, et son adjointe, Mme Florence \nDERUMIGNY ;  \n\u2022 M. Antoine CHEVALIER, chef du d\u00e9partement de la modernisation du r\u00e9seau Nord, et son adjoint, M. \nLudovic MARIA ; \nDirection r\u00e9gionale et interd\u00e9partementale de l'environnement, de l'am\u00e9nagement et des transports d'\u00cele-de-France -\nIDF-2025-05-02-00005 - D\u00e9cision DRIEAT-IDF n\u00b0 2025-0393 du 2 mai 2025 portant subd\u00e9l\u00e9gation de signature en mati\u00e8re\nadministrative pour le compte du pr\u00e9fet de la r\u00e9gion d'\u00cele-de-France\n6\n \n \nDRIEAT \n27-29 rue Leblanc \u2013 CS 57  246 \u2013 75  732 Paris CEDEX 15 \nT\u00e9l : +33 (0)1 40 61 80 80 \nwww.drieat.ile-de-france.developpement-durable.gouv.fr  4 \n\u2022 M. Christophe DESNOUAILLES, chef du d\u00e9partement des \u00e9tudes g\u00e9n\u00e9rales et des voies r\u00e9serv\u00e9es ; \n\u2022 Mme Micheline LEHOUX, cheffe du bureau des affaires  fonci\u00e8res, et son adjoint, M. Salman \nBENKHEIRA ; \n\u2022 Mme Marie BUISSON, cheffe du bureau programmation, gestion et ordonnancement ; \n \nIII. - Pour le service de la gestion patrimoniale du r\u00e9seau, subd\u00e9l\u00e9gation de signature est accord\u00e9e, dans \nla limite de leurs attributions respectives, \u00e0 : \n \n\u2022 M. Guillaume DAMIEN, chef du d\u00e9partement ouvrages d 'art et ses adjoints M. Fernando DIAS, chef \nde l'unit\u00e9 technique ouvrages d'art et M. Victor MA RTINET, chef de l'unit\u00e9 gestion centralis\u00e9e \nouvrages d'art ; \n\u2022 M. St\u00e9phane BIANCOTTO (\u00e0 compter du 1 \ner  juin 2025), adjoint au chef de l'unit\u00e9 gestion \ncentralis\u00e9e ouvrages d'art  \n\u2022 M. Lionel BARASCUD, chef du P\u00f4le Sud-Ouest de l'unit\u00e9 gestion centralis\u00e9e ouvrages d'art et son \nadjoint, M. Olivier SIGAULT ; \n\u2022 Mme Marie BUSSAC, cheffe du P\u00f4le Nord-Est de l'unit\u00e9 gestion centralis\u00e9e ouvrages d'art ; \n\u2022 M. Sylvain G\u00c9RARD, chef du d\u00e9partement des techniqu es de la route et de son adjointe, Mme \nDalila AIT ALI (\u00e0 compter du 1 er  juin 2025) ; \n\u2022 M. Dominique LE DUFF, chef de l'unit\u00e9 \u00e9quipement du d\u00e9partement des techniques de la route ; \n\u2022 M. Patrick VINCENT, adjoint au chef de l'unit\u00e9 Eau Environnement ; \n\u2022 M. Jean-No\u00ebl IVRY, adjoint au chef de l'unit\u00e9 Chauss\u00e9e Terrassement ; \n\u2022 M. Laurent PROVOST, adjoint au chef de l'unit\u00e9 Am\u00e9nagements routiers ; \n\u2022 Mme \u00c9lise CAMPAIGNOLLE, cheffe de la mission D\u00e9velo ppement Durable et D\u00e9pendances \nVertes ;  \n\u2022 Mme Mich\u00e8le MARLIERE, cheffe du d\u00e9partement politiq ue et programmation routi\u00e8res et son \nadjointe Mme Laura SAPATEIRO ; \n\u2022 M. Valentin PRATESI, chef de l'unit\u00e9 g\u00e9omatique du patrimoine routier ; \n\u2022 Mme Vanessa FERREZ, cheffe de l'unit\u00e9 gestion budg\u00e9 taire et administrative, et son adjointe \nMme Gwena\u00eblle COSMAO ; \n\u2022 M. Xavier POTIER, chef de l'unit\u00e9 programmation, Po litiques techniques et Qualit\u00e9 et son \nadjointe, Sophie MOZER ; \n\u2022 M. Abdellah BENADJEMIA, chef de l'unit\u00e9 Connaissance du patrimoine routier ; \n\u2022 M. Patrice LEVEQUE, adjoint \u00e0 la cheffe de l'unit\u00e9 S\u00e9curit\u00e9 de l'infrastructure. \n\u2022  \nIV. - Pour le service du trafic et des tunnels, subd\u00e9l\u00e9g ation de signature est accord\u00e9e, dans la limite de \nleurs attributions respectives, \u00e0 : \n \n\u2022 M. Jonathan COL\u00c9, adjoint au chef du service du trafic et des tunnels ; \n\u2022 M. Cl\u00e9ment MORIN, chef du d\u00e9partement de l'ing\u00e9nierie et de la modernisation des \u00e9quipements et \ndes tunnels ; \n\u2022 M. Wahbi YAKOUBI, adjoint au chef du d\u00e9partement de  l'ing\u00e9nierie et de la modernisation des \n\u00e9quipements et des tunnels ; \n\u2022 Mme S\u00e9verine CARPENTIER, cheffe du d\u00e9partement de l'exploitation du trafic et des tunnels (DETT) ; \n\u2022 M. Olivier NALIN, adjoint au chef du d\u00e9partement de l'exploitation du trafic et des tunnels ; \n\u2022 M. Quentin LABRUE, adjoint au chef du d\u00e9partement de l'exploitation du trafic et des tunnels ; \n\u2022 M. Alexandre ROSSI, chef de l'unit\u00e9 observatoire et  ing\u00e9nierie du trafic, et son adjoint M. Marc \nRIVIERE ; \nDirection r\u00e9gionale et interd\u00e9partementale de l'environnement, de l'am\u00e9nagement et des transports d'\u00cele-de-France -\nIDF-2025-05-02-00005 - D\u00e9cision DRIEAT-IDF n\u00b0 2025-0393 du 2 mai 2025 portant subd\u00e9l\u00e9gation de signature en mati\u00e8re\nadministrative pour le compte du pr\u00e9fet de la r\u00e9gion d'\u00cele-de-France\n7\n \n \nDRIEAT \n27-29 rue Leblanc \u2013 CS 57  246 \u2013 75  732 Paris CEDEX 15 \nT\u00e9l : +33 (0)1 40 61 80 80 \nwww.drieat.ile-de-france.developpement-durable.gouv.fr  5 \n\u2022 M. Nicolas BERNARD, chef de l'unit\u00e9 coordination du  trafic et information routi\u00e8re, et ses adjoints, \nM. Marc KOENIG, chef du centre coordination trafic, et M. David THOMACHOT, chef du p\u00f4le gestion \nde crises routi\u00e8res et chantiers ; \n\u2022 M. Arnaud IFFLY, chef de l'unit\u00e9 politique de maint enance et modernisation et son adjointe, Mme \nJeanne BATA ; M. Antoine PERRAIS, chef de l'unit\u00e9 i nformatique et r\u00e9seaux centraux, et son adjoint, \nM. David QUINTANS ; M. Hassan BELKACEM, responsable  du poste de contr\u00f4le trafic et tunnels \n(PCTT) Nord, et son adjoint M. Philippe THULLIER, en charge de l'exploitation ; \n\u2022 Mme Aude COVIN, cheffe du poste de contr\u00f4le trafic et tunnels (PCTT) Ouest, et ses adjoints, M. \nJean-Bernard GAUQUELIN, en charge de l'exploitation , et M. C\u00e9dric LALLEMANT, en charge de la \nmaintenance, ainsi que ses chefs de p\u00f4le, M. Fr\u00e9d\u00e9ric MILICEVIC, charg\u00e9 de p\u00f4le de maintenance de \nNanterre et Mme Samantha MIOTTI, charg\u00e9 de p\u00f4le de maintenance de Boulogne  \n\u2022 Mme Morgane ALATORRE, cheffe du poste de contr\u00f4le trafic et tunnels Sud, et ses adjoints M. Robert \nTOUATI, en charge de l'exploitation, et M. Julien PROUST, en charge de la maintenance ; \n\u2022 M. J\u00e9r\u00f4me RODRIGUEZ, chef du poste de contr\u00f4le traf ic et tunnels Est, et ses adjoints, M. Laurent \nMOUSSEUX, en charge de l'exploitation, et M. Jean-Pierre SULLY, en charge de la maintenance ; \n \nV. - Pour l'arrondissement de gestion et d'exploitation Ouest, subd\u00e9l\u00e9gation de signature est accord\u00e9e, \ndans la limite de leurs attributions respectives, \u00e0 : \n \n\u2022 M. Michel PERREL, responsable de l'arrondissement de gestion et d'exploitation de la route Ouest, et \nson adjointe Mme Julie COHEN-SOLAL ; \n\u2022 Mme Audrey MERCHEZ ; cheffe du bureau de gestion administrative et de la route (BGAR) ; \n\u2022 Mme Pauline MATHEVET, responsable de l'unit\u00e9 d'exploitation de la route de Jouy-en-Josas ; \n\u2022 M. Jonathan PROD'HOMME, adjoint au chef de l'unit\u00e9 d'exploitation de la route de Jouy-en-Josas ; \n\u2022 Mme M\u00e9lanie LIMIER, responsable de l'UER de Nanterr e-Boulogne et son adjointe, Mme Catherine \nCHAUVET ; \n \nVI. - Pour l'arrondissement de gestion et d'exploitation  Est, subd\u00e9l\u00e9gation de signature est accord\u00e9e, \ndans la limite de leurs attributions respectives, \u00e0 : \n \n\u2022 M. Fr\u00e9d\u00e9ric ESNAULT, chef de l'arrondissement de ge stion et d'exploitation de la route Est et son \nadjoint M. Anthony MITRANO ; \n\u2022 M. Claude GRUMELART, chef du bureau de gestion administrative et de la route (BGAR) ; \n\u2022 Mme Val\u00e9rie DITTE, cheffe de l'unit\u00e9 d'exploitation de la route de Brie-Comte-Robert et son adjoint, \nM. Patrice DEGLA ; \n\u2022 M. Ludovic CADET, chef de l'unit\u00e9 d'exploitation de la route de Champigny et son adjoint, M. Florent \nGRANDJEAN ; \n\u2022  \nVII. - Pour l'arrondissement de gestion et d'exploitation Sud, subd\u00e9l\u00e9gation est accord\u00e9e, dans la limite \nde leurs attributions respectives, \u00e0 : \n \n\u2022 M. Bastien SALESSE, chef de l'arrondissement de ges tion et d'exploitation de la route Sud et son \nadjoint M. Moustapha SAVANE ; \n\u2022 M. Christian LABILLE, chef du bureau de gestion administrative et de la route ; \n\u2022 Mme Lucienne LIBER, adjointe au chef de l'unit\u00e9 d'exploitation de la route de Chevilly-Larue ; \n\u2022 M. Fr\u00e9d\u00e9ric BERTRAND, chef de l'unit\u00e9 d'exploitatio n de la route d'Orsay-Villab\u00e9 et son adjoint, M. \nDenis PRUDHOMME ; \n \nDirection r\u00e9gionale et interd\u00e9partementale de l'environnement, de l'am\u00e9nagement et des transports d'\u00cele-de-France -\nIDF-2025-05-02-00005 - D\u00e9cision DRIEAT-IDF n\u00b0 2025-0393 du 2 mai 2025 portant subd\u00e9l\u00e9gation de signature en mati\u00e8re\nadministrative pour le compte du pr\u00e9fet de la r\u00e9gion d'\u00cele-de-France\n8\n \n \nDRIEAT \n27-29 rue Leblanc \u2013 CS 57  246 \u2013 75  732 Paris CEDEX 15 \nT\u00e9l : +33 (0)1 40 61 80 80 \nwww.drieat.ile-de-france.developpement-durable.gouv.fr  6 \nVIII. - Pour l'arrondissement de gestion et d'exploitation Nord, subd\u00e9l\u00e9gation est accord\u00e9e, dans la limite \nde leurs attributions respectives, \u00e0 : \n \n\u2022 M. Olivier ROUQUETTE, chef de l'arrondissement de g estion et d'exploitation de la route Nord \u00e0 \ncompter du 1 \ner mai 2025 et son adjointe, Mme Elsa ALEXANDRE ; \n\u2022 M. Juan-Manuel MARTIN, chef du bureau de gestion administrative et de la route (BGAR) ; \n\u2022 Mme Nadine AZOULAY, cheffe contentieux et administratif ; \n\u2022 M. Jean-Willem LALLEMAND, chef de l'unit\u00e9 d'exploit ation de la route de Saint-Denis, et son adjoint \nM. Maurice LABYLLE ; \n\u2022 Mme Nathalie POTAILLON, adjointe au chef de l'unit\u00e9 d'exploitation de la route d'Eragny-sur-Oise. \n \nArticle 4 \n \nI. - Pour le service s\u00e9curit\u00e9 des transports et des v\u00e9hi cules (SSTV), subd\u00e9l\u00e9gation de signature est \naccord\u00e9e, dans la limite de leurs attributions resp ectives, \u00e0 M. Paul WEICK, directeur r\u00e9gional et \ninterd\u00e9partemental adjoint charg\u00e9 de la s\u00e9curit\u00e9 des transports et des missions de d\u00e9fense et de s\u00e9curit\u00e9, \nchef du service s\u00e9curit\u00e9 des transports et des v\u00e9hicules et son adjointe Mme Odile S\u00c9GUIN. \n \nII.  - La subd\u00e9l\u00e9gation de signature mentionn\u00e9e au I. e st \u00e9galement accord\u00e9e, dans la limite de leurs \nattributions respectives, \u00e0 : \n \n\u2022 Mme Marion ESCARGUEIL-RAYNAUD, cheffe du d\u00e9partement s\u00e9curit\u00e9 des transports fluviaux ;  \n\u2022 Mme Justine GODARD, adjointe \u00e0 la cheffe du d\u00e9partement s\u00e9curit\u00e9 des transports fluviaux ; \n\u2022 Mme Sabrina LANDUREAU, cheffe de l'unit\u00e9 s\u00e9curit\u00e9 des bateaux ; \n\u2022 M. Adrien BLASQUEZ, chef de l'unit\u00e9 documents de bo rd et police de la navigation et son adjointe, \nMme Evangelia DELCHANIDIS ; \n\u2022 M. Ren\u00e9 ALBERTI, chef du d\u00e9partement s\u00e9curit\u00e9, \u00e9ducation et circulation routi\u00e8res ; \n\u2022 M. Jean-Fran\u00e7ois FRATINI, chef de l'unit\u00e9 s\u00e9curit\u00e9 et \u00e9ducation routi\u00e8res ; \n\u2022 M. Guillaume THUAULT, chef de l'unit\u00e9 circulation routi\u00e8re et son adjointe, Mme F\u00e9lie LESUR ; \n\u2022 M. Moussa BELOUASSAA, chef du d\u00e9partement r\u00e9gulation des transports routiers ;  \n\u2022 M. Ronan MEAR, adjoint au chef du d\u00e9partement r\u00e9gulation des transports routiers ; \n\u2022 Mme Sadia KHELIFI, cheffe de la division gestion ; \n\u2022 Mme C\u00e9cile OLIVO, adjointe \u00e0 la cheffe de la division gestion ; \n\u2022 Mme Laurence MURZEAU, cheffe de l'unit\u00e9 gestion des titres ;  \n\u2022 Mme Gina DUVALLON, charg\u00e9e de mission appui \u00e0 la gestion ; \n\u2022 M. Christophe DEPRUGNEY, chef de l'unit\u00e9 du registr e des voitures de transport avec chauffeur, \nadjoint \u00e0 la cheffe de l'unit\u00e9 gestion des titres ; \n\u2022 M. Hugues NOLLET, chef de la division contr\u00f4le ; \n\u2022 M. Yves SCHOEFFNER, chef du d\u00e9partement homologation et surveillance des v\u00e9hicules. \n \nArticle 5 \n \nI. - Pour le service am\u00e9nagement durable (SAD), subd\u00e9l\u00e9gation de signature est accord\u00e9e, dans la limite \nde leurs attributions respectives, \u00e0 Mme Muriel BEN SAID, cheffe du service am\u00e9nagement durable et \nson adjointe, Mme Ghislaine BORDES. \n \nII. - Subd\u00e9l\u00e9gation de signature est \u00e9galement accord\u00e9e, pour ce qui concerne les non-soumissions et \ndispenses d'agr\u00e9ment des locaux d'activit\u00e9s, \u00e0 :  \n\u2022 M. Vincent BRUGER, chef de la mission immobilier d'entreprise ;  \nDirection r\u00e9gionale et interd\u00e9partementale de l'environnement, de l'am\u00e9nagement et des transports d'\u00cele-de-France -\nIDF-2025-05-02-00005 - D\u00e9cision DRIEAT-IDF n\u00b0 2025-0393 du 2 mai 2025 portant subd\u00e9l\u00e9gation de signature en mati\u00e8re\nadministrative pour le compte du pr\u00e9fet de la r\u00e9gion d'\u00cele-de-France\n9\n \n \nDRIEAT \n27-29 rue Leblanc \u2013 CS 57  246 \u2013 75  732 Paris CEDEX 15 \nT\u00e9l : +33 (0)1 40 61 80 80 \nwww.drieat.ile-de-france.developpement-durable.gouv.fr  7 \n\u2022 Mme \u00c9milie TOUCHARD, adjointe au chef de la mission immobilier d'entreprise.  \n \nArticle 6 \n \nPour le service politique des transports (SPOT), subd\u00e9l\u00e9gation de signature est accord\u00e9e, dans la limi te \nde leurs attributions respectives, \u00e0 M. Christophe DENIAU, chef du service politique des transports et  \nses adjoints, M. Denis LAISNEY, chef du d\u00e9partement  transports urbains et M. Eliott VARON, chef du \nd\u00e9partement des mobilit\u00e9s et de la logistique. \n \nArticle 7 \n \nI. - Pour le service politiques et police de l'eau (SPP E), subd\u00e9l\u00e9gation de signature est accord\u00e9e, dans l a \nlimite de leurs attributions respectives, \u00e0 M. Thom as BOUYER, chef du service politiques et police de \nl'eau et ses adjointes, Mme Caroline LAVALLART et M me \u00c9milie BONNET-DERIVIERE, pour signer et \naccomplir les actes suivants, en qualit\u00e9 de d\u00e9l\u00e9gu\u00e9 du bassin Seine-Normandie : \n \n\uf0d8 Saisir et convoquer au nom du pr\u00e9fet de la r\u00e9gion d '\u00cele-de-France, pr\u00e9fet coordonnateur du bassin \nSeine-Normandie, le comit\u00e9 de gestion des poissons migrateurs du bassin Seine-Normandie ; \n\uf0d8 Signer, au nom du pr\u00e9fet de la r\u00e9gion d'\u00cele-de-Fran ce, pr\u00e9fet coordonnateur du bassin Seine-\nNormandie, tous les arr\u00eat\u00e9s et d\u00e9cisions concernant  le plan de gestion des poissons migrateurs du \nbassin Seine-Normandie et la fixation des limitatio ns de p\u00eache selon les modalit\u00e9s fix\u00e9es par ledit \nplan de gestion ; \n\uf0d8 Saisir le comit\u00e9 de bassin Seine-Normandie pour avi s sur les projets de p\u00e9rim\u00e8tres de sch\u00e9mas \nd'am\u00e9nagement et de gestion des eaux, les projets d e sch\u00e9mas d'am\u00e9nagement et de gestion des \neaux et les projets de d\u00e9limitation de zones vuln\u00e9rables \u00e0 la pollution par les nitrates ; \n\uf0d8 Repr\u00e9senter, en application de l'article R. 212-30 du code de l'environnement, le pr\u00e9fet \ncoordonnateur du bassin Seine Normandie dans les Commissions locales de l'eau des SAGE du bassin ; \n\uf0d8 Saisir, en application de l'article R. 566-11 du code de l'environnement, le comit\u00e9 de bassin pour avis \nsur les documents relatifs \u00e0 la mise en \u0153uvre de la Directive Inondation ; \n\uf0d8 Signer au nom du pr\u00e9fet de la r\u00e9gion \u00cele-de-France,  pr\u00e9fet coordinateur du bassin Seine-Normandie, \ntoutes les d\u00e9cisions d'habilitation des organismes pour la r\u00e9alisation des diagnostics sur site de \ndispositifs m\u00e9trologiques utilis\u00e9s pour le calcul des redevances pour pr\u00e9l\u00e8vement sur la ressource en \neau et pour pollution non domestique de l'eau per\u00e7ues par les agences de l'eau. \n \nII. - Subd\u00e9l\u00e9gation de signature est accord\u00e9e, dans la limite de leurs attributions respectives, \u00e0 : \n \n\u2022 M. Thomas BOUYER, chef du service politiques et police de l'eau ; \n\u2022 Mme Caroline LAVALLART, adjointe au chef du service  politiques et police de l'eau, cheffe de la \nmission strat\u00e9gie eau et planification ; \n\u2022 Mme \u00c9milie BONNET-DERIVIERE, adjointe au chef du service politiques et police de l'eau ; \n\u2022 Mme Evelyne GODEHEU, cheffe du d\u00e9partement instruct ion loi sur l'eau, et son adjointe, Mme \nGabri\u00e8le BENDAYAN ; \n\u2022 M. Maxime HAVIER, chef de l'unit\u00e9 Oise Seine Aval ; \n\u2022 M. T\u00e9o MORNAS, chef de l'unit\u00e9 Marne Seine Amont. \n \nPour signer, au titre de la Mission Interd\u00e9partemen tale Inter-services de l'eau et de la nature, tous les \nactes ou d\u00e9cisions li\u00e9s au fonctionnement et \u00e0 la m ise en \u0153uvre des actions de la Mission \nInterd\u00e9partementale Inter-services de l'eau et de la nature de Paris et de la proche couronne. \n \nDirection r\u00e9gionale et interd\u00e9partementale de l'environnement, de l'am\u00e9nagement et des transports d'\u00cele-de-France -\nIDF-2025-05-02-00005 - D\u00e9cision DRIEAT-IDF n\u00b0 2025-0393 du 2 mai 2025 portant subd\u00e9l\u00e9gation de signature en mati\u00e8re\nadministrative pour le compte du pr\u00e9fet de la r\u00e9gion d'\u00cele-de-France\n10\n \n \nDRIEAT \n27-29 rue Leblanc \u2013 CS 57  246 \u2013 75  732 Paris CEDEX 15 \nT\u00e9l : +33 (0)1 40 61 80 80 \nwww.drieat.ile-de-france.developpement-durable.gouv.fr  8 \nArticle 8  \n \nPour le service connaissance et d\u00e9veloppement durab le (SCDD), subd\u00e9l\u00e9gation de signature est \naccord\u00e9e, dans la limite de leurs attributions respectives, \u00e0 Mme Dominique BERTHON, cheffe du service \nconnaissance et d\u00e9veloppement durable, et ses adjoints, M. J\u00e9r\u00f4me AYACHE, M. Guillaume CRIEF, et M. \nLuc CHARANSONNEY ; \n \nArticle 9 \n \nI. - Subd\u00e9l\u00e9gation de signature est accord\u00e9e, dans la l imite de leurs attributions respectives, \u00e0 Mme \nDominique BERTHON, cheffe du service connaissance e t d\u00e9veloppement durable, et ses adjoints, M. \nJ\u00e9r\u00f4me AYACHE, M. Guillaume CRIEF, et M. Luc CHARAN SONNEY, \u00e0 l'effet de signer, au titre de \nl'autorit\u00e9 charg\u00e9e de l'examen au cas par cas mentionn\u00e9e au premier alin\u00e9a du IV de l'article L.122-1 du \ncode de l'environnement pour les projets (articles L.122-1, L.122-2, L.512-7-2 et R.122-2, R.122-3, R.122-3-\n1 du code l'environnement) : \n \n\uf0d8 Les r\u00e9c\u00e9piss\u00e9s de d\u00e9p\u00f4t, les courriers de demande d e compl\u00e9ments, d'accus\u00e9 de r\u00e9ception, de \ndemande de contribution aux services experts, \n\uf0d8 Les d\u00e9cisions portant obligation ou non, de r\u00e9aliser une \u00e9valuation environnementale, \n\uf0d8 Les r\u00e9ponses aux recours administratifs pr\u00e9alables rendus dans le cadre de la proc\u00e9dure d'examen \n\u00ab au cas par cas \u00bb conform\u00e9ment aux dispositions de l'article R. 122-3 du code de l'environnement. \n \nII. - La subd\u00e9l\u00e9gation mentionn\u00e9e au I. est \u00e9galement ac cord\u00e9e, dans la limite de leurs attributions \nrespectives, \u00e0 : \n \n\u2022 Mme Anne-Laure VERNEIL, cheffe du d\u00e9partement \u00e9valuation environnementale ; \n\u2022 M. Tristan AVRY, adjoint \u00e0 la cheffe du d\u00e9partement \u00e9valuation environnementale ; \n\u2022 M. Benjamin HOBBS, adjoint \u00e0 la cheffe du d\u00e9partement \u00e9valuation environnementale ; \n\u2022 Mme Agn\u00e8s COURET, cheffe de l'unit\u00e9 d\u00e9partementale de Seine et Marne ;  \n\u2022 Mme Cl\u00e9mence JAHANGIR, adjointe \u00e0 la cheffe de l'unit\u00e9 d\u00e9partementale de Seine-et-Marne ;  \n\u2022 M. David LEROUGE, adjoint \u00e0 la cheffe de l'unit\u00e9 d\u00e9partementale de Seine-et-Marne ; \n\u2022 Mme Delphine DUBOIS, cheffe de l'unit\u00e9 d\u00e9partementale des Yvelines ;  \n\u2022 Mme Marielle MUGUERRA, adjointe \u00e0 la cheffe de l'unit\u00e9 d\u00e9partementale des Yvelines ; \n\u2022 M. Patrick POIRET, chef de l'unit\u00e9 d\u00e9partementale de l'Essonne ;  \n\u2022 Mme Sophie PIERRET, adjointe au chef de l'unit\u00e9 d\u00e9partementale de l'Essonne ; \n\u2022 M. Mathieu FERNANDEZ, r\u00e9f\u00e9rent d\u00e9partemental risques accidentels ; \n\u2022 M. Alain TUFFERY, directeur r\u00e9gional et interd\u00e9part emental adjoint de l'environnement, de \nl'am\u00e9nagement et des transports de la r\u00e9gion \u00cele-de-France, directeur de l'unit\u00e9 d\u00e9partementale des \nHauts-de-Seine ; \n\u2022 M. Fabrice MORONVAL, directeur adjoint de l'unit\u00e9 d\u00e9partementale des Hauts-de-Seine ; \n\u2022 Mme Sybille MULLER, directrice adjointe de l'unit\u00e9 d\u00e9partementale des Hauts-de-Seine ; \n\u2022 M. Laurent CONDOMINES, directeur r\u00e9gional et interd \u00e9partemental adjoint de l'environnement, de \nl'am\u00e9nagement et des transports de la r\u00e9gion \u00cele-de -France, directeur de l'unit\u00e9 d\u00e9partementale de \nla Seine-Saint-Denis ; \n\u2022 M. Andr\u00e9 COUBLE, directeur adjoint de l'unit\u00e9 d\u00e9partement de la Seine-Saint-Denis ; \n\u2022 Mme Sylvie CHATY, directrice adjointe de l'unit\u00e9 d\u00e9partementale de la Seine-Saint-Denis ; \n\u2022 Mme Julie TISSOT, directrice r\u00e9gionale et interd\u00e9pa rtementale adjointe de l'environnement, de \nl'am\u00e9nagement et des transports d'\u00cele-de-France, di rectrice de l'unit\u00e9 d\u00e9partementale du Val-de-\nMarne ;  \nDirection r\u00e9gionale et interd\u00e9partementale de l'environnement, de l'am\u00e9nagement et des transports d'\u00cele-de-France -\nIDF-2025-05-02-00005 - D\u00e9cision DRIEAT-IDF n\u00b0 2025-0393 du 2 mai 2025 portant subd\u00e9l\u00e9gation de signature en mati\u00e8re\nadministrative pour le compte du pr\u00e9fet de la r\u00e9gion d'\u00cele-de-France\n11\n \n \nDRIEAT \n27-29 rue Leblanc \u2013 CS 57  246 \u2013 75  732 Paris CEDEX 15 \nT\u00e9l : +33 (0)1 40 61 80 80 \nwww.drieat.ile-de-france.developpement-durable.gouv.fr  9 \n\u2022 M. Herv\u00e9 ABDERRAHMAN, directeur adjoint de l'unit\u00e9 d\u00e9partementale du Val-de-Marne ; \n\u2022 Mme Fiona TCHANAKIAN ; directrice adjointe de l'unit\u00e9 d\u00e9partementale du Val-de-Marne ; \n\u2022 M. Alexis RAFA, chef de l'unit\u00e9 d\u00e9partementale du Val d'Oise ;  \n\u2022 M. Thomas BLATON, adjoint au chef de l'unit\u00e9 d\u00e9partementale du Val-d'Oise. \n \nArticle 10 \n \nI. - Pour le service \u00e9nergie et b\u00e2timent (SEB), subd\u00e9l\u00e9g ation de signature est accord\u00e9e, dans la limite de \nses attributions, \u00e0 Mme Aurore FARGETTE, cheffe du service \u00e9nergie et b\u00e2timent et son adjointe, \nMme Alice METAYER-MATHIEU. \n \nII. - Subd\u00e9l\u00e9gation de signature est \u00e9galement accord\u00e9e, dans la limite de leurs attributions respectives \n\u00e0 :  \n \n\u2022 M. Thibaut BADOUAL, chef du d\u00e9partement climat, air, \u00e9nergie ; \n\u2022 Mme Julie LODEWYCKX, adjointe au chef du d\u00e9partement climat, air, \u00e9nergie ; \n\u2022 Mme Nathalie BOUSQUET, cheffe du d\u00e9partement b\u00e2timent ; \n\u2022 Mme H\u00e9l\u00e8ne BONNET, cheffe du d\u00e9partement patrimoine immobilier ; \n\u2022 M. Jean-Michel DUBOIS, adjoint \u00e0 la cheffe du d\u00e9partement patrimoine immobilier \n\u2022 M. Louis ORTA, adjoint \u00e0 la cheffe du d\u00e9partement patrimoine immobilier. \n \nArticle 11  \n \nI. - Pour le service nature et paysage (SNP),  subd\u00e9l\u00e9gation de signature est accord\u00e9e, dans la li mite de \nleurs attributions, \u00e0 Mme Lucile RAMBAUD, cheffe du  service nature et paysage et son adjoint, \nM. St\u00e9phane LUCET, \u00e0 l'effet de signer les accords pr\u00e9alables \u00e0 la d\u00e9livrance d'une autorisation \nd'installation d'une enseigne sur un monument natur el, dans un site class\u00e9, un c\u0153ur de parc national, \nune r\u00e9serve naturelle ou sur un arbre. \n \nII. - La subd\u00e9l\u00e9gation mentionn\u00e9e au I. est \u00e9galement ac cord\u00e9e, dans la limite de leurs attributions \nrespectives, \u00e0 :  \n \n\u2022 Mme Florence MOTTES, cheffe du d\u00e9partement sites et paysage et son adjointe, Mme Paola VITA ; \n\u2022 M. Antoine LOMBARD, chef du d\u00e9partement espaces et patrimoine naturels. \n \nArticle 12 \n \nPour le service pr\u00e9vention des risques (SPR), subd\u00e9 l\u00e9gation de signature est accord\u00e9e, dans la limite de \nleurs attributions respectives, \u00e0 :  \n\u2022 M. Olivier LEVILLAIN, chef du service pr\u00e9vention des risques ; \n\u2022 Mme Guillemette de KERDREL, adjointe au chef du ser vice pr\u00e9vention des risques, cheffe du \nd\u00e9partement risques chroniques ; \n\u2022 Mme Ir\u00e8ne ALFONSI, adjointe \u00e0 la cheffe du d\u00e9partement risques chroniques ; \n\u2022 Mme \u00c9lisabeth BLATON, cheffe du d\u00e9partement risques accidentels \n\u2022 M. Vincent PIERRON, adjoint \u00e0 la cheffe du d\u00e9partement risques accidentels ; \n\u2022 M. Baptiste LORENZI, chef du d\u00e9partement risques naturels ; \n\u2022 Mme Laurence BALMES, adjointe au chef du d\u00e9partement risques naturels ; \n\u2022 Mme Sophie SAUVAGNAT, adjointe au chef du d\u00e9partement risques naturels ; \n\u2022 Mme Manon VIGNES, cheffe du d\u00e9partement hydrologie et pr\u00e9vision des crues ; \nDirection r\u00e9gionale et interd\u00e9partementale de l'environnement, de l'am\u00e9nagement et des transports d'\u00cele-de-France -\nIDF-2025-05-02-00005 - D\u00e9cision DRIEAT-IDF n\u00b0 2025-0393 du 2 mai 2025 portant subd\u00e9l\u00e9gation de signature en mati\u00e8re\nadministrative pour le compte du pr\u00e9fet de la r\u00e9gion d'\u00cele-de-France\n12\n \n \nDRIEAT \n27-29 rue Leblanc \u2013 CS 57  246 \u2013 75  732 Paris CEDEX 15 \nT\u00e9l : +33 (0)1 40 61 80 80 \nwww.drieat.ile-de-france.developpement-durable.gouv.fr  10 \n\u2022 Mme Carine CHALEON, adjointe \u00e0 la cheffe du d\u00e9partement hydrologie et pr\u00e9vision des crues. \n \nArticle 13 \n \nI. - Pour le service accompagnement et pilotage (SAP), subd\u00e9l\u00e9gation de signature est accord\u00e9e, dans la \nlimite de leurs attributions respectives, \u00e0 M. Jean-Yves D\u00c9MARETZ, chef du service accompagnement et \npilotage et son adjoint, M. Philippe LOUVET. \n \nII. - Subd\u00e9l\u00e9gation de signature est \u00e9galement accord\u00e9e, dans la limite de leurs attributions respectives, \n\u00e0 : \n\u2022 Mme Sandie CHAMBARET, cheffe du d\u00e9partement qualit\u00e9 et innovation ; \n\u2022 Mme Julie MANINI, cheffe du d\u00e9partement pilotage du budget et des effectifs ; \n\u2022 Mme Patricia AKPWA-MEDOU, charg\u00e9e d'\u00e9tudes budg\u00e9taires et financi\u00e8res ; \n\u2022  \n\u2022 M. Jean-Baptiste PUIGGALI, chef du d\u00e9partement des affaires juridiques, de l'archivage et de la \ndocumentation, dans la limite de ses attributions, pour signer notamment tout acte ou pi\u00e8ces \nn\u00e9cessaires \u00e0 la d\u00e9fense des activit\u00e9s des services devant les juridictions administratives et judiciaires \net pour pr\u00e9senter des observations orales devant les juridictions ; \n\u2022 M. Jonas COSTAGLIOLA, chef de l'unit\u00e9 des affaires juridiques, dans la limite de ses attributions, pour \nsigner notamment tout acte ou pi\u00e8ces n\u00e9cessaires \u00e0 la d\u00e9fense des activit\u00e9s des services devant les \njuridictions administratives et judiciaires et pour  pr\u00e9senter des observations orales devant les \njuridictions. \n \nArticle 14  \n \nI. - Pour le secr\u00e9tariat g\u00e9n\u00e9ral (SG), subd\u00e9l\u00e9gation de  signature est accord\u00e9e, dans la limite de leurs \nattributions respectives, \u00e0 M. Ivan ROCHARD, secr\u00e9t aire g\u00e9n\u00e9ral et son adjointe, Mme Justine SONG, \u00e0 \nM. Jean-Baptiste MOTTE, secr\u00e9taire g\u00e9n\u00e9ral d\u00e9l\u00e9gu\u00e9 aupr\u00e8s de la DiRIF et son adjoint, M. Pascal \nERRECART, ainsi que pour pr\u00e9senter des observations  devant les comit\u00e9s m\u00e9dicaux et les commissions \nde r\u00e9forme, pour signer les actes relatifs \u00e0 la ges tion des ressources humaines, aux achats et \u00e0 la \ncommande publique ainsi qu'\u00e0 la logistique et aux moyens g\u00e9n\u00e9raux relevant de son service. \n \nII. - La subd\u00e9l\u00e9gation mentionn\u00e9e au I. est \u00e9galement ac cord\u00e9e, dans la limite de leurs attributions \nrespectives, \u00e0 : \n\u2022 Mme Marie-Laure AYUSTE-PELAGE, cheffe du bureau des ressources humaines du secr\u00e9tariat g\u00e9n\u00e9ral \nd\u00e9l\u00e9gu\u00e9 aupr\u00e8s de la DiRIF ; \n\u2022 Mme Sandrine FLORENTINY, adjointe \u00e0 la cheffe du bureau des ressources humaines ; \n\u2022 Mme Warda BOURICHE, cheffe du bureau formation, concours et recrutements ; \n\u2022 Mme Annie LACROIX, cheffe du d\u00e9partement des ressources humaines et des comp\u00e9tences, \u00e0 l'effet \nde signer tous les actes et pi\u00e8ces relevant des attributions du d\u00e9partement, ainsi que pour pr\u00e9senter \ndes observations devant les comit\u00e9s m\u00e9dicaux et les commissions de r\u00e9forme ; \n\u2022 M. Jean-Antoine DELMAS, adjoint \u00e0 la cheffe du d\u00e9pa rtement des ressources humaines et des \ncomp\u00e9tences ; \n\u2022 Mme Nathalie RICHARD, cheffe de l'unit\u00e9 formation, handicap accompagnement et comp\u00e9tences ; \n\u2022 M. Tarik MAHJOUBI, chef de l'unit\u00e9 temps, effectifs, recrutement et mobilit\u00e9, \u00e0 l'effet de signer tous  \nles actes et pi\u00e8ces relevant du d\u00e9partement en cas d'emp\u00eachement de la cheffe et de son adjoint ; \n\u2022 M. Gr\u00e9goire DROUINEAU, chef du d\u00e9partement des affaires financi\u00e8res ; \n\u2022 M. Valentin RAULT, adjoint au chef du d\u00e9partement des affaires financi\u00e8res ; \n\u2022 M. Jean AUTERNAUD, chef du d\u00e9partement de la logistique et de la gestion immobili\u00e8re ;  \nDirection r\u00e9gionale et interd\u00e9partementale de l'environnement, de l'am\u00e9nagement et des transports d'\u00cele-de-France -\nIDF-2025-05-02-00005 - D\u00e9cision DRIEAT-IDF n\u00b0 2025-0393 du 2 mai 2025 portant subd\u00e9l\u00e9gation de signature en mati\u00e8re\nadministrative pour le compte du pr\u00e9fet de la r\u00e9gion d'\u00cele-de-France\n13\n \n \nDRIEAT \n27-29 rue Leblanc \u2013 CS 57  246 \u2013 75  732 Paris CEDEX 15 \nT\u00e9l : +33 (0)1 40 61 80 80 \nwww.drieat.ile-de-france.developpement-durable.gouv.fr  11 \n\u2022 Mme Corinne DENIS, adjointe au chef du d\u00e9partement de la logistique et de la gestion immobili\u00e8re ; \n\u2022 Mme Catherine KHELAF, adjointe au chef du d\u00e9parteme nt de la logistique et de la gestion \nimmobili\u00e8re ; \n\u2022 M. Vincent ROUVEYROL, chef du d\u00e9partement de la commande publique et de la politique d'achat ; \n\u2022 M. David LECOMTE, chef du bureau des affaires juridiques du secr\u00e9tariat g\u00e9n\u00e9ral d\u00e9l\u00e9gu\u00e9 \u00e0 la DiRIF ; \n\u2022 Mme Catherine PERNOIS, adjointe au chef du bureau d es affaires juridiques du secr\u00e9tariat g\u00e9n\u00e9ral \nd\u00e9l\u00e9gu\u00e9 \u00e0 la DiRIF ; \n\u2022 M. Nicolas MURY, charg\u00e9 d'\u00e9tudes juridiques du secr\u00e9tariat g\u00e9n\u00e9ral d\u00e9l\u00e9gu\u00e9 \u00e0 la DiRIF, pour pr\u00e9senter \ndes observations orales devant les juridictions ; \n \nArticle 15  \n \nI. - Pour le service du num\u00e9rique, subd\u00e9l\u00e9gation de sig nature est accord\u00e9e, dans la limite de ses \nattributions, \u00e0 Mme Nathalie TINGRY, cheffe du serv ice du num\u00e9rique et son adjoint M. Ga\u00ebl BINTEIN, \npour signer les actes relatifs \u00e0 la logistique et aux moyens g\u00e9n\u00e9raux relevant de son service. \n \nII.  La subd\u00e9l\u00e9gation mentionn\u00e9e au I. est \u00e9galement ac cord\u00e9e, dans la limite de leurs attributions \nrespectives, \u00e0 : \n\u2022 Mme Emmanuelle AIRAUD, cheffe du d\u00e9partement environnement num\u00e9rique de travail ; \n\u2022 M. Jean-Marc VADO, chef du d\u00e9partement infrastructures, syst\u00e8mes d'information et de s\u00e9curit\u00e9. \n \nArticle 16  \n \nI. - Pour l'unit\u00e9 d\u00e9partementale de Paris (UD 75), subd\u00e9 l\u00e9gation de signature est accord\u00e9e \u00e0 M. Jean-\nPascal BIARD, directeur r\u00e9gional et interd\u00e9partemental adjoint, directeur de l'unit\u00e9 d\u00e9partementale de \nParis, pour signer les d\u00e9cisions de gestion des per sonnels vis\u00e9s dans les annexes des arr\u00eat\u00e9s du 29 \nd\u00e9cembre 2016 et du 26 d\u00e9cembre 2019 susvis\u00e9s. \n \nII. - La subd\u00e9l\u00e9gation mentionn\u00e9e au I. est \u00e9galement acc ord\u00e9e, dans la limite de leurs attributions \nrespectives, \u00e0 : \n\u2022 M. Fran\u00e7ois BELBEZET, chef du service am\u00e9nagement durable et connaissance des territoires ; \n\u2022 Mme Laurence CACHEUX, cheffe du service patrimoine, paysage et droit des sols ; \n\u2022 Mme Natacha CARRIER-SCHRUMPF, cheffe du service utilit\u00e9 publique et \u00e9quilibres territoriaux ; \n\u2022 Mme Chantal GERVAIS, cheffe de la mission d'appui au pilotage local ; \n \nArticle 17  \n \nI. - Pour l'unit\u00e9 d\u00e9partementale des Hauts-de-Seine (UD 92), subd\u00e9l\u00e9gation de signature est accord\u00e9e \u00e0 \nM. Alain TUFFERY, directeur r\u00e9gional et interd\u00e9part emental adjoint de l'environnement, de \nl'am\u00e9nagement et des transports de la r\u00e9gion \u00cele-de -France, directeur de l'unit\u00e9 d\u00e9partementale des \nHauts-de-Seine et ses adjoints, Mme Sybille MULLER et M. Fabrice MORONVAL, directeurs-adjoints de \nl'unit\u00e9 d\u00e9partementale des Hauts-de-Seine \u00e0 l'effet  de signer les d\u00e9cisions de gestion des personnels \nvis\u00e9s dans les annexes des arr\u00eat\u00e9s du 29 d\u00e9cembre 2016 et du 26 d\u00e9cembre 2019 susvis\u00e9s. \n \nII. - La subd\u00e9l\u00e9gation mentionn\u00e9e au I. est \u00e9galement acc ord\u00e9e, dans la limite de leurs attributions \nrespectives, \u00e0 : \n\u2022 Mme Claire ROSEV\u00c8GUE, cheffe du service risques et installations class\u00e9es ; \n\u2022 M. Olivier PAS, adjoint \u00e0 la cheffe du service risques et installations class\u00e9es ; \n\u2022 M. Rodolphe VAN VLAENDEREN, chef du service urbanisme et construction durable ; \nDirection r\u00e9gionale et interd\u00e9partementale de l'environnement, de l'am\u00e9nagement et des transports d'\u00cele-de-France -\nIDF-2025-05-02-00005 - D\u00e9cision DRIEAT-IDF n\u00b0 2025-0393 du 2 mai 2025 portant subd\u00e9l\u00e9gation de signature en mati\u00e8re\nadministrative pour le compte du pr\u00e9fet de la r\u00e9gion d'\u00cele-de-France\n14\n \n \nDRIEAT \n27-29 rue Leblanc \u2013 CS 57  246 \u2013 75  732 Paris CEDEX 15 \nT\u00e9l : +33 (0)1 40 61 80 80 \nwww.drieat.ile-de-france.developpement-durable.gouv.fr  12 \n\u2022 Mme Sophie TCHENG, adjointe au chef du service urbanisme et construction durable ; \n\u2022 Mme Louise DEVRIES, cheffe du service planification et am\u00e9nagement des territoires, et son adjointe, \nLola MAGAZ ;  \n\u2022 Mme Smiljana SEKULIC-GELEBART, cheffe du service \u00e9ducation et s\u00e9curit\u00e9 routi\u00e8re ; \n\u2022 M. Fr\u00e9d\u00e9ric SEIGLE, chef du p\u00f4le v\u00e9hicules infra-r\u00e9gional Ouest ; \n\u2022 M. \u00c9tienne MERLIN, adjoint au chef du p\u00f4le v\u00e9hicules infra-r\u00e9gional Ouest ; \n\u2022 Mme Muriel LECAT, cheffe du p\u00f4le d'appui au pilotage local. \n \nArticle 18  \n \nI. - Pour l'unit\u00e9 d\u00e9partementale de la Seine-Saint-Denis (UD 93), subd\u00e9l\u00e9gation de signature est accord\u00e9e \n\u00e0 M. Laurent CONDOMINES, directeur r\u00e9gional et inte rd\u00e9partemental adjoint de l'environnement, de \nl'am\u00e9nagement et des transports d'\u00cele-de-France, directeur de l'unit\u00e9 d\u00e9partementale de la Seine-Saint-\nDenis et ses adjoints, M. Andr\u00e9 COUBLE et Mme Sylvi e CHATY, pour signer les d\u00e9cisions de gestion des \npersonnels vis\u00e9s dans les annexes des arr\u00eat\u00e9s du 29 d\u00e9cembre 2016 et du 26 d\u00e9cembre 2019 susvis\u00e9s. \n \nII. - La subd\u00e9l\u00e9gation mentionn\u00e9e au I. est \u00e9galement acc ord\u00e9e, dans la limite de leurs attributions \nrespectives, \u00e0 : \n \n\u2022 M. Alaoudine MAYOUFI, chef du service risques et installations class\u00e9es ;  \n\u2022 M. Mohamed SEGHROUCHNI, adjoint au chef du service risques et installations class\u00e9es ; \n\u2022 Mme Isabelle SCAUSSE, cheffe du p\u00f4le v\u00e9hicules infra-r\u00e9gional Nord \n\u2022 M. Naoufal NOUKRI adjoint \u00e0 la cheffe du p\u00f4le v\u00e9hicules infra-r\u00e9gional Nord ; \n\u2022 M. Didier BEAURAIN, chef du service \u00e9ducation et s\u00e9curit\u00e9 routi\u00e8re ; \n\u2022 M. St\u00e9phane MUNCH, adjoint au chef de service \u00e9ducation et s\u00e9curit\u00e9 routi\u00e8re ; \n\u2022 Mme Florence MONFORT, cheffe du service urbanisme et construction durable ;  \n\u2022 Mme C\u00e9line BARON, adjointe \u00e0 la cheffe du service urbanisme et construction durable ; \n\u2022 Mme Mathilde HONORAT, cheffe du service planification et am\u00e9nagement des territoires ;  \n\u2022 Mme Marie JUILLE, adjointe \u00e0 la cheffe du service planification et am\u00e9nagement des territoires. \n \nArticle 19  \n \nI. - Pour l'unit\u00e9 d\u00e9partementale du Val-de-Marne (UD 94), subd\u00e9l\u00e9gation est accord\u00e9e, dans la limite de \nleurs attributions respectives \u00e0  Mme Julie TISSOT, directrice r\u00e9gionale et interd\u00e9partementale adjointe \nde l'environnement, de l'am\u00e9nagement et des transpo rts d'\u00cele-de-France, directrice de l'unit\u00e9 \nd\u00e9partementale du Val-de-Marne et ses adjoints, M. Herv\u00e9 ABDERRAHMAN et Mme Fiona TCHANAKIAN, \n\u00e0 l'effet de signer les d\u00e9cisions de gestion des pe rsonnels vis\u00e9s dans les annexes des arr\u00eat\u00e9s du 29 \nd\u00e9cembre 2016 et du 26 d\u00e9cembre 2019 susvis\u00e9s. \n \nII. - La subd\u00e9l\u00e9gation mentionn\u00e9e au I. est \u00e9galement ac cord\u00e9e, dans la limite de leurs attributions \nrespectives, \u00e0 : \n \n\u2022 M. Didier CATTENOZ, chef du service urbanisme et construction durables et son adjointe, Mme Marie \nPRESANI ; \n\u2022 Mme G\u00e9raldine SANAUR, cheffe du service planificati on et am\u00e9nagement des territoires et ses \nadjoints, M. Olivier COMPAGNET et Mme Flora DELHOMME ; \n\u2022 M. Fran\u00e7ois BOLLENGIER, chef du service \u00e9ducation et s\u00e9curit\u00e9 routi\u00e8res et son adjointe, Mme Sa\u00efba \nKUMAR ; \nDirection r\u00e9gionale et interd\u00e9partementale de l'environnement, de l'am\u00e9nagement et des transports d'\u00cele-de-France -\nIDF-2025-05-02-00005 - D\u00e9cision DRIEAT-IDF n\u00b0 2025-0393 du 2 mai 2025 portant subd\u00e9l\u00e9gation de signature en mati\u00e8re\nadministrative pour le compte du pr\u00e9fet de la r\u00e9gion d'\u00cele-de-France\n15\n \n \nDRIEAT \n27-29 rue Leblanc \u2013 CS 57  246 \u2013 75  732 Paris CEDEX 15 \nT\u00e9l : +33 (0)1 40 61 80 80 \nwww.drieat.ile-de-france.developpement-durable.gouv.fr  13 \n\u2022 Mme Sonia GUILLOT, cheffe du service risques et ins tallations class\u00e9es et son adjointe, Mme Anne \nJOHANNY ; \n\u2022 M. S\u00e9bastien CUCURULO, chef du p\u00f4le v\u00e9hicules infra-r\u00e9gional Sud ; \n\u2022 Mme Nadjette BENAOUDA-GARCIA, cheffe du p\u00f4le appui au pilotage local et son adjoint, M. Fran\u00e7ois \nMALARE. \n \nArticle 20  \n \nPour l'unit\u00e9 d\u00e9partementale de Seine-et-Marne (UD 77), subd\u00e9l\u00e9gation est donn\u00e9e, dans la limite de leurs \nattributions respectives, \u00e0 Mme Agn\u00e8s COURET, cheffe de l'unit\u00e9 d\u00e9partementale de Seine et Marne, et \nses adjoints, Mme Cl\u00e9mence JAHANGIR et M. David LEROUGE, \u00e0 l'effet de signer les d\u00e9cisions de gestion \ndes personnels vis\u00e9s dans les annexes des arr\u00eat\u00e9s du 29 d\u00e9cembre 2016 et du 26 d\u00e9cembre 2019. \n \nArticle 21  \n \nPour l'unit\u00e9 d\u00e9partementale des Yvelines (UD 78), subd\u00e9l\u00e9gation de signature est donn\u00e9e, dans la limite \nde leurs attributions respectives, \u00e0 Mme Delphine D UBOIS, cheffe de l'unit\u00e9 d\u00e9partementale des \nYvelines, et \u00e0 son adjointe, Mme Marielle MUGUERRA,  \u00e0 l'effet de signer les d\u00e9cisions de gestion des \npersonnels vis\u00e9s dans les annexes des arr\u00eat\u00e9s du 29 d\u00e9cembre 2016 et du 26 d\u00e9cembre 2019. \n \nArticle 22  \n \nI. - Pour l'unit\u00e9 d\u00e9partementale de l'Essonne (UD 91), s ubd\u00e9l\u00e9gation de signature est donn\u00e9e, dans la \nlimite de leurs attributions respectives, \u00e0 M. Patrick POIRET, chef de l'unit\u00e9 d\u00e9partementale de l'Essonne, \net \u00e0 son adjointe, Mme Sophie PIERRET, \u00e0 l'effet de  signer les d\u00e9cisions de gestion des personnels vis \u00e9s \ndans les annexes des arr\u00eat\u00e9s du 29 d\u00e9cembre 2016 et du 26 d\u00e9cembre 2019. \n \nII. - La subd\u00e9l\u00e9gation mentionn\u00e9e au I. est \u00e9galement accord\u00e9e, dans la limite de ses attributions, \u00e0 : \n\u2022 M. Mathieu FERNANDEZ, r\u00e9f\u00e9rent d\u00e9partemental risques technologiques. \n \nArticle 23  \n \nPour l'unit\u00e9 d\u00e9partementale du Val-d'Oise (UD 95), subd\u00e9l\u00e9gation de signature est donn\u00e9e, dans la limite \nde leurs attributions respectives, \u00e0 M. Alexis RAFA , chef de l'unit\u00e9 d\u00e9partementale du Val-d'Oise, et \u00e0 \nson adjoint, M. Thomas BLATON, \u00e0 l'effet de signer les d\u00e9cisions de gestion des personnels vis\u00e9s dans les \nannexes des arr\u00eat\u00e9s du 29 d\u00e9cembre 2016 et du 26 d\u00e9cembre 2019. \n \nArticle 24  \n \nI. - Sont exclus des subd\u00e9l\u00e9gations vis\u00e9es dans les articles 2 \u00e0 15 : \n \n\uf0d8 Les conventions pass\u00e9es avec des collectivit\u00e9s loca les, les \u00e9tablissements publics, les op\u00e9rateurs \npublics et les agences d'urbanisme ; \n\uf0d8 Les correspondances ou avis formul\u00e9s \u00e0 l'attention des directeurs d'administration centrale ; \n\uf0d8 Les avis, propositions ou d\u00e9cisions relatifs aux ca dres sup\u00e9rieurs de la direction r\u00e9gionale et \ninterd\u00e9partementale de l'environnement, de l'am\u00e9nagement et des transports d'\u00cele-de-France ; \n\uf0d8 Les mesures de suspension des fonctions et les d\u00e9cisions d'engagement de la proc\u00e9dure disciplinaire \n\u00e0 l'\u00e9gard des agents ; \n\uf0d8 L'instruction et les actes relevant de la sanction disciplinaire, ainsi que de l'abandon de poste ; \nDirection r\u00e9gionale et interd\u00e9partementale de l'environnement, de l'am\u00e9nagement et des transports d'\u00cele-de-France -\nIDF-2025-05-02-00005 - D\u00e9cision DRIEAT-IDF n\u00b0 2025-0393 du 2 mai 2025 portant subd\u00e9l\u00e9gation de signature en mati\u00e8re\nadministrative pour le compte du pr\u00e9fet de la r\u00e9gion d'\u00cele-de-France\n16\n \n \nDRIEAT \n27-29 rue Leblanc \u2013 CS 57  246 \u2013 75  732 Paris CEDEX 15 \nT\u00e9l : +33 (0)1 40 61 80 80 \nwww.drieat.ile-de-france.developpement-durable.gouv.fr  14 \n\uf0d8 Les avis, propositions ou d\u00e9cisions relatifs aux ca dres sup\u00e9rieurs de la direction r\u00e9gionale et \ninterd\u00e9partementale de l'environnement, de l'am\u00e9nagement et des transports d'\u00cele-de-France. \n \nII. - Sont exclues des subd\u00e9l\u00e9gations vis\u00e9es dans les ar ticles 2 \u00e0 14, sauf pour les directeurs-adjoints y \ncompris les directeurs des unit\u00e9s d\u00e9partementales : \n \n\uf0d8 Les correspondances avec les maires des communes ch efs-lieux de d\u00e9partement et les pr\u00e9sidents \nd'\u00e9tablissements publics territoriaux (EPT), de communaut\u00e9 d'agglom\u00e9ration ou de communaut\u00e9 de \ncommunes ; \n\uf0d8 Les conventions relatives aux prestations mutualis\u00e9 es, assur\u00e9es par une entit\u00e9 de la DRIEAT pour le \ncompte d'autres directions de l'\u00c9tat en \u00cele-de-France, y compris en mati\u00e8re immobili\u00e8re. \n \nIII. - Sont exclues des subd\u00e9l\u00e9gations vis\u00e9es dans les articles 7 \u00e0 14 : \n \n\uf0d8 Les correspondances avec les parlementaires, les an ciens ministres, les conseillers r\u00e9gionaux et \nd\u00e9partementaux, les pr\u00e9sidents des associations de maires, la maire de Paris et les maires des \ncommunes chefs-lieux de d\u00e9partement ; \n\uf0d8 Les correspondances entrant dans le cadre de la n\u00e9gociation du contrat de plan \u00c9tat-r\u00e9gion ; \n \nIV. - Sont exclus des subd\u00e9l\u00e9gations vis\u00e9es aux articles ci-dessus, les m\u00e9moires en d\u00e9fense pr\u00e9sent\u00e9s au \nnom de l'\u00c9tat \u00e0 l'occasion des recours form\u00e9s devan t les juridictions administratives et n\u00e9s de l'acti vit\u00e9 \nde la direction r\u00e9gionale et interd\u00e9partementale de  l'environnement, de l'am\u00e9nagement et des \ntransports d'\u00cele-de-France, ou relevant de la d\u00e9l\u00e9gation de pouvoir consentie au pr\u00e9fet de la r\u00e9gion d'\u00cele-\nde-France en mati\u00e8re de gestion de certains personn els du minist\u00e8re de l'\u00e9cologie, du d\u00e9veloppement \ndurable, des transports et du logement par le d\u00e9cre t n\u00b0 2013-1041 du 20 novembre 2013 modifi\u00e9 et les \narr\u00eat\u00e9s du 26 d\u00e9cembre 2019 modifi\u00e9s susvis\u00e9s. Ne sont pas concern\u00e9es par cette exclusion, et ce pour \nles activit\u00e9s relevant des articles 3 \u00e0 6 ainsi que des articles 11, 13 \u00e0 22, les proc\u00e9dures d'urgence pr\u00e9vues \nau livre V du code de justice administrative. \n \nUne copie de toutes correspondances avec les autres \u00e9lus, maires, conseillers municipaux ainsi que de \ncelles concernant le contr\u00f4le de l\u00e9galit\u00e9 et les m\u00e9 moires produits dans le cadre des proc\u00e9dures \nd'urgence susmentionn\u00e9es, sera simultan\u00e9ment adress\u00e9e au pr\u00e9fet de la r\u00e9gion d'\u00cele-de-France. \n \nArticle 25  \n \nLes subd\u00e9l\u00e9gations accord\u00e9es au titre de la pr\u00e9sente d\u00e9cision sont valables en cas d'int\u00e9rim exerc\u00e9 pa r \nun subd\u00e9l\u00e9gataire d\u00e9sign\u00e9 formellement par la direc trice r\u00e9gionale et interd\u00e9partementale de \nl'environnement, de l'am\u00e9nagement et des transports d'\u00cele-de-France. \n \nArticle 26  \n \nLa d\u00e9cision n\u00b0 DRIEAT-IDF-2024-0772 du 6 novembre 2 024 portant subd\u00e9l\u00e9gation de signature en \nmati\u00e8re administrative pour le compte du pr\u00e9fet de la r\u00e9gion d'\u00cele-de-France est abrog\u00e9e. \n \n  \nDirection r\u00e9gionale et interd\u00e9partementale de l'environnement, de l'am\u00e9nagement et des transports d'\u00cele-de-France -\nIDF-2025-05-02-00005 - D\u00e9cision DRIEAT-IDF n\u00b0 2025-0393 du 2 mai 2025 portant subd\u00e9l\u00e9gation de signature en mati\u00e8re\nadministrative pour le compte du pr\u00e9fet de la r\u00e9gion d'\u00cele-de-France\n17\n \n \nDRIEAT \n27-29 rue Leblanc \u2013 CS 57  246 \u2013 75  732 Paris CEDEX 15 \nT\u00e9l : +33 (0)1 40 61 80 80 \nwww.drieat.ile-de-france.developpement-durable.gouv.fr  15 \nArticle 27  \n \nL'adjoint \u00e0 la directrice r\u00e9gionale et interd\u00e9partementale de l'environnement, de l'am\u00e9nagement et des \ntransports d'\u00cele-de-France, charg\u00e9 du pilotage, est charg\u00e9 de l'ex\u00e9cution de la pr\u00e9sente d\u00e9cision qui sera \npubli\u00e9e au recueil des actes administratifs de la pr\u00e9fecture de la r\u00e9gion d'\u00cele-de-France. \n \nFait \u00e0 Paris, le 2 mai 2025 \nLa directrice r\u00e9gionale et interd\u00e9partementale  \nde l'environnement, de l'am\u00e9nagement  \net des transports d'\u00cele-de-France \n \n \nSign\u00e9 \n \n \nEmmanuelle GAY \nDirection r\u00e9gionale et interd\u00e9partementale de l'environnement, de l'am\u00e9nagement et des transports d'\u00cele-de-France -\nIDF-2025-05-02-00005 - D\u00e9cision DRIEAT-IDF n\u00b0 2025-0393 du 2 mai 2025 portant subd\u00e9l\u00e9gation de signature en mati\u00e8re\nadministrative pour le compte du pr\u00e9fet de la r\u00e9gion d'\u00cele-de-France\n18\nDirection r\u00e9gionale et interd\u00e9partementale de\nl'environnement, de l'am\u00e9nagement et des\ntransports d'\u00cele-de-France\nIDF-2025-05-02-00003\nD\u00e9cision DRIEAT-IDF n\u00b0 2025-0393 portant\nsubd\u00e9l\u00e9gation de signature en mati\u00e8re\nadministrative pour le compte du pr\u00e9fet de la\nr\u00e9gion d'\u00cele-de-France\nDirection r\u00e9gionale et interd\u00e9partementale de l'environnement, de l'am\u00e9nagement et des transports d'\u00cele-de-France -\nIDF-2025-05-02-00003 - D\u00e9cision DRIEAT-IDF n\u00b0 2025-0393 portant subd\u00e9l\u00e9gation de signature en mati\u00e8re administrative pour le\ncompte du pr\u00e9fet de la r\u00e9gion d'\u00cele-de-France\n19\nEPR\u00c9FET _DE LA R\u00c9GIOND'\u00ceLE-DE-FRANCELibert\u00e9Egalit\u00e9Fraternit\u00e9\n \n \nDRIEAT \n27-29 rue Leblanc \u2013 CS 57  246 \u2013 75  732 Paris CEDEX 15 \nT\u00e9l : +33 (0)1 40 61 80 80 \nwww.drieat.ile-de-france.developpement-durable.gouv.fr  1 \n \nDirection r\u00e9gionale et interd\u00e9partementale \nde l'environnement, de l'am\u00e9nagement \net des transports d'\u00cele-de-France \n \n \n \nD\u00e9cision DRIEAT-IDF n\u00b0 2025-0393 \nportant subd\u00e9l\u00e9gation de signature en mati\u00e8re administrative  \npour le compte du pr\u00e9fet de la r\u00e9gion d'\u00cele-de-France \n \n \nLa directrice r\u00e9gionale et interd\u00e9partementale de l'environnement, de l'am\u00e9nagement et des transports \nd'\u00cele-de-France, \n \nVu la loi n\u00b0 82-213 du 2 mars 1982 relative aux droits et libert\u00e9s des communes, des d\u00e9partements et des \nr\u00e9gions ; \n \nVu la loi d'orientation n\u00b0 92-125 du 6 f\u00e9vrier 1992 relative \u00e0 l'administration territoriale de la R\u00e9publique ; \n \nVu le d\u00e9cret n\u00b0 2004-374 du 29 avril 2004 relatif aux pouvoirs des pr\u00e9fets, \u00e0 l'organisation et \u00e0 l'ac tion \ndes services de l'\u00c9tat dans les r\u00e9gions et d\u00e9partements ; \n \nVu le d\u00e9cret n\u00b0 2005-636 du 30 mai 2005 relatif \u00e0 l'organisation de l'administration dans le domaine de \nl'eau et aux missions du pr\u00e9fet coordonnateur de bassin ; \n \nVu le d\u00e9cret n\u00b0 2006-304 du 16 mars 2006 portant cr \u00e9ation et organisation des directions \ninterd\u00e9partementales des routes ; \n \nVu le d\u00e9cret n\u00b0 2010-687 du 24 juin 2010 modifi\u00e9 relatif \u00e0 l'organisation et aux missions des services  de \nl'\u00c9tat dans la r\u00e9gion et les d\u00e9partements d'\u00cele-de-France ; \n \nVu le d\u00e9cret n\u00b0 2013-1041 du 20 novembre 2013 modifi\u00e9 autorisant le ministre charg\u00e9 du d\u00e9veloppement \ndurable \u00e0 d\u00e9l\u00e9guer certains de ses pouvoirs de recr utement et de gestion d'agents plac\u00e9s sous son \nautorit\u00e9 ; \n \nVu le d\u00e9cret n\u00b0 2015-510 du 7 mai 2015 portant charte de la d\u00e9concentration ; \n \nVu le d\u00e9cret du 22 juillet 2020 portant nomination du pr\u00e9fet de la r\u00e9gion d'\u00cele-de-France, pr\u00e9fet de Paris \n(hors classe) - M. GUILLAUME (Marc) ; \n \nVu l'arr\u00eat\u00e9 interminist\u00e9riel du 26 mai 2006 portant constitution des directions interd\u00e9partementales des \nroutes ; \n \nVu l'arr\u00eat\u00e9 du 29 d\u00e9cembre 2016 portant d\u00e9concentration des actes relatifs \u00e0 la situation individuelle  \ndes agents publics exer\u00e7ant leurs fonctions dans les services d\u00e9concentr\u00e9s des administrations civiles de \nl'\u00c9tat au sens de l'article 15 du d\u00e9cret n\u00b0 2004-374 du 29 avril 2004 modifi\u00e9 ; \n \nDirection r\u00e9gionale et interd\u00e9partementale de l'environnement, de l'am\u00e9nagement et des transports d'\u00cele-de-France -\nIDF-2025-05-02-00003 - D\u00e9cision DRIEAT-IDF n\u00b0 2025-0393 portant subd\u00e9l\u00e9gation de signature en mati\u00e8re administrative pour le\ncompte du pr\u00e9fet de la r\u00e9gion d'\u00cele-de-France\n20\n \n \nDRIEAT \n27-29 rue Leblanc \u2013 CS 57  246 \u2013 75  732 Paris CEDEX 15 \nT\u00e9l : +33 (0)1 40 61 80 80 \nwww.drieat.ile-de-france.developpement-durable.gouv.fr  2 \nVu l'arr\u00eat\u00e9 du 26 d\u00e9cembre 2019 portant d\u00e9l\u00e9gation de pouvoirs du ministre charg\u00e9 du d\u00e9veloppement \ndurable en mati\u00e8re de gestion des membres du corps des adjoints administratifs des administrations de \nl'\u00c9tat ; \n \nVu l'arr\u00eat\u00e9 du pr\u00e9fet de la r\u00e9gion d'\u00cele-de-France, pr\u00e9fet de Paris n\u00b0 IDF-02-07-00001 du 7 f\u00e9vrier 20 25 \nportant organisation de la direction r\u00e9gionale et i nterd\u00e9partementale de l'environnement, de \nl'am\u00e9nagement et des transports d'\u00cele-de-France ; \n \nVu la d\u00e9cision DRIEAT-IDF n\u00b0 2025-0051 du 25 f\u00e9vrier 2025 portant organisation de la direction r\u00e9gionale \net interd\u00e9partementale de l'environnement, de l'am\u00e9nagement et des transports d'\u00cele-de-France ; \n \nVu l'arr\u00eat\u00e9 interminist\u00e9riel du 8 juillet 2022 port ant nomination d'une directrice r\u00e9gionale et \ninterd\u00e9partementale de l'environnement, de l'am\u00e9nag ement et des transports de la r\u00e9gion \u00cele-de-\nFrance ; \n \nVu l'arr\u00eat\u00e9 n\u00b0 IDF-2022-07-19-00005 du 19 juillet 2022 du pr\u00e9fet de la r\u00e9gion \u00cele-de-France, pr\u00e9fet de Paris, \nportant d\u00e9l\u00e9gation de signature \u00e0 Mme Emmanuelle GA Y, directrice r\u00e9gionale et interd\u00e9partementale \nde l'environnement, de l'am\u00e9nagement et des transports d'\u00cele-de-France, en mati\u00e8re administrative ; \n \nSur proposition de l'adjoint \u00e0 la directrice r\u00e9gion ale et interd\u00e9partementale de l'environnement, de \nl'am\u00e9nagement et des transports d'\u00cele-de-France, charg\u00e9 du pilotage, \n \nD\u00e9cide : \nArticle 1 \ner  \n \nI. - Subd\u00e9l\u00e9gation de signature est accord\u00e9e \u00e0 M. Laure nt PAILLARD, directeur r\u00e9gional et \ninterd\u00e9partemental adjoint, charg\u00e9 des ressources h umaines et de la gestion des moyens, Mme Val\u00e9rie \nBELROSE, directrice r\u00e9gionale et interd\u00e9partemental e adjointe charg\u00e9e de l'eau et du d\u00e9veloppement \ndurable, M. Jacques SALHI, directeur r\u00e9gional et in terd\u00e9partemental adjoint directeur des routes d'\u00cele -\nde-France, M. Jean-Marc PICARD, directeur r\u00e9gional et interd\u00e9partemental adjoint, charg\u00e9 de l'\u00e9nergie,  \ndes risques et de la nature, M. Paul WEICK, directe ur r\u00e9gional et interd\u00e9partemental adjoint charg\u00e9 de  \nla s\u00e9curit\u00e9 des transports et des missions de d\u00e9fen se et de s\u00e9curit\u00e9, M. Herv\u00e9 SCHMITT, directeur \nr\u00e9gional et interd\u00e9partemental adjoint charg\u00e9 de l'am\u00e9nagement durable et des transports et M. Pascal \nH\u00c9RITIER, adjoint de la directrice, charg\u00e9 du pilotage, pour les mati\u00e8res relevant des articles 4 \u00e0 22.  \n \nII. - En cas d'emp\u00eachement ou d'absence de Mme Emmanuelle  GAY, subd\u00e9l\u00e9gation de signature est \naccord\u00e9e \u00e0 M. Laurent PAILLARD, directeur r\u00e9gional et interd\u00e9partemental adjoint, charg\u00e9 des \nressources humaines et de la gestion des moyens, Mm e Claire GRISEZ, directrice r\u00e9gionale et \ninterd\u00e9partementale adjointe charg\u00e9e de l'eau et du  d\u00e9veloppement durable, M. Jacques SALHI, \ndirecteur r\u00e9gional et interd\u00e9partemental adjoint di recteur des routes d'\u00cele-de-France, M. Jean-Marc \nPICARD, directeur r\u00e9gional et interd\u00e9partemental adjoint charg\u00e9 de l'\u00e9nergie, des risques et de la nature, \nM. Paul WEICK, directeur r\u00e9gional et interd\u00e9partemental adjoint charg\u00e9 de la s\u00e9curit\u00e9 des transports et \ndes missions de d\u00e9fense et de s\u00e9curit\u00e9 et M. Herv\u00e9 SCHMITT, directeur r\u00e9gional et interd\u00e9partemental \nadjoint charg\u00e9 de l'am\u00e9nagement durable et des tran sports, pour signer les arr\u00eat\u00e9s, d\u00e9cisions et pi\u00e8ce s \nrelevant des attributions de la direction.  \n \n  \nDirection r\u00e9gionale et interd\u00e9partementale de l'environnement, de l'am\u00e9nagement et des transports d'\u00cele-de-France -\nIDF-2025-05-02-00003 - D\u00e9cision DRIEAT-IDF n\u00b0 2025-0393 portant subd\u00e9l\u00e9gation de signature en mati\u00e8re administrative pour le\ncompte du pr\u00e9fet de la r\u00e9gion d'\u00cele-de-France\n21\n \n \nDRIEAT \n27-29 rue Leblanc \u2013 CS 57  246 \u2013 75  732 Paris CEDEX 15 \nT\u00e9l : +33 (0)1 40 61 80 80 \nwww.drieat.ile-de-france.developpement-durable.gouv.fr  3 \nArticle 2 \n \nI. - Pour le cabinet de la direction, subd\u00e9l\u00e9gation de s ignature est accord\u00e9e, dans la limite de ses \nattributions, \u00e0 Mme Agathe BALTZER, directrice de cabinet, pour le fonctionnement du cabinet. \n \nII. - Pour la mission s\u00e9curit\u00e9-d\u00e9fense, subd\u00e9l\u00e9gation de  signature est accord\u00e9e, dans la limite de leurs \nattributions respectives, \u00e0 M. Paul WEICK, directeur r\u00e9gional et interd\u00e9partemental adjoint charg\u00e9 de la \ns\u00e9curit\u00e9 des transports et des missions de d\u00e9fense et de s\u00e9curit\u00e9 et M. Silv\u00e8re RAYNAUD, chef de la \nmission s\u00e9curit\u00e9-d\u00e9fense. \n \nIII. - Pour le service communication, subd\u00e9l\u00e9gation de sig nature est accord\u00e9e, dans la limite de leurs \nattributions, \u00e0 : \n \n\u2022 Mme St\u00e9phanie CARVALHEIRO, directrice de la communication ;  \n\u2022 Madame Magali MAUGER, directrice adjointe de la communication ; \n\u2022 Mme H\u00e9l\u00e8ne LAMBERT, directrice de la communication d\u00e9l\u00e9gu\u00e9e, cheffe de la mission \ncommunication. \n \nArticle 3 \n \nI. - Pour la direction des routes d'\u00cele-de-France (DiRIF ), subd\u00e9l\u00e9gation de signature est accord\u00e9e \u00e0 M. \nJacques SALHI, directeur r\u00e9gional et interd\u00e9partemental adjoint, directeur des routes d'\u00cele-de-France, et, \ndans la limite de leurs attributions respectives, \u00e0 : \n \n\u2022 M. J\u00e9r\u00f4me ROQUES, directeur adjoint des routes d'\u00cele-de-France ; \n\u2022 Mme Sophie DUPAS, directrice adjointe exploitation et entretien ; \n\u2022 M. Jean-Baptiste MOTTE, secr\u00e9taire g\u00e9n\u00e9ral d\u00e9l\u00e9gu\u00e9 aupr\u00e8s de la DiRIF ; \n\u2022 M. R\u00e9my MENSIRE, chef du service de la modernisation du r\u00e9seau de la direction des routes d'\u00cele-de-\nFrance ; \n\u2022 Mme Emmanuelle PAGES, adjointe au chef du service d e la modernisation du r\u00e9seau de la direction \ndes routes d'\u00cele-de-France ; \n\u2022 M. David JUIN, chef du service de la gestion patrim oniale du r\u00e9seau de la direction des routes d'\u00cele-\nde-France ; \n\u2022 M. Claude STREITH, adjoint au chef du service de la  gestion patrimoniale du r\u00e9seau de la direction \ndes routes d'\u00cele-de-France ; \n\u2022 M. Pierre-Baptiste DELPUECH, chef du service du trafic et des tunnels ; \n\u2022 M. Jonathan COL\u00c9, adjoint au chef du service du trafic et des tunnels ; \n\u2022 Monsieur Jean-Fran\u00e7ois TARISTAS, chef de la mission  de la politique et des moyens de l'exploitation \nde la direction des routes d'\u00cele-de-France. \n \nII. - Pour le service de la modernisation du r\u00e9seau, sub d\u00e9l\u00e9gation de signature est \u00e9galement accord\u00e9e, \ndans la limite de leurs attributions respectives, \u00e0 : \n \n\u2022 M. Guillaume BENNET, chef du d\u00e9partement de la modernisation du r\u00e9seau Sud-Ouest et son adjoint \nM. R\u00e9gis BOST ; \n\u2022 M. \u00c9ric VILBE, chef du d\u00e9partement de la modernisation du r\u00e9seau Est, et son adjointe, Mme Florence \nDERUMIGNY ;  \n\u2022 M. Antoine CHEVALIER, chef du d\u00e9partement de la modernisation du r\u00e9seau Nord, et son adjoint, M. \nLudovic MARIA ; \nDirection r\u00e9gionale et interd\u00e9partementale de l'environnement, de l'am\u00e9nagement et des transports d'\u00cele-de-France -\nIDF-2025-05-02-00003 - D\u00e9cision DRIEAT-IDF n\u00b0 2025-0393 portant subd\u00e9l\u00e9gation de signature en mati\u00e8re administrative pour le\ncompte du pr\u00e9fet de la r\u00e9gion d'\u00cele-de-France\n22\n \n \nDRIEAT \n27-29 rue Leblanc \u2013 CS 57  246 \u2013 75  732 Paris CEDEX 15 \nT\u00e9l : +33 (0)1 40 61 80 80 \nwww.drieat.ile-de-france.developpement-durable.gouv.fr  4 \n\u2022 M. Christophe DESNOUAILLES, chef du d\u00e9partement des \u00e9tudes g\u00e9n\u00e9rales et des voies r\u00e9serv\u00e9es ; \n\u2022 Mme Micheline LEHOUX, cheffe du bureau des affaires  fonci\u00e8res, et son adjoint, M. Salman \nBENKHEIRA ; \n\u2022 Mme Marie BUISSON, cheffe du bureau programmation, gestion et ordonnancement ; \n \nIII. - Pour le service de la gestion patrimoniale du r\u00e9seau, subd\u00e9l\u00e9gation de signature est accord\u00e9e, dans \nla limite de leurs attributions respectives, \u00e0 : \n \n\u2022 M. Guillaume DAMIEN, chef du d\u00e9partement ouvrages d 'art et ses adjoints M. Fernando DIAS, chef \nde l'unit\u00e9 technique ouvrages d'art et M. Victor MA RTINET, chef de l'unit\u00e9 gestion centralis\u00e9e \nouvrages d'art ; \n\u2022 M. St\u00e9phane BIANCOTTO (\u00e0 compter du 1 \ner  juin 2025), adjoint au chef de l'unit\u00e9 gestion \ncentralis\u00e9e ouvrages d'art  \n\u2022 M. Lionel BARASCUD, chef du P\u00f4le Sud-Ouest de l'unit\u00e9 gestion centralis\u00e9e ouvrages d'art et son \nadjoint, M. Olivier SIGAULT ; \n\u2022 Mme Marie BUSSAC, cheffe du P\u00f4le Nord-Est de l'unit\u00e9 gestion centralis\u00e9e ouvrages d'art ; \n\u2022 M. Sylvain G\u00c9RARD, chef du d\u00e9partement des techniqu es de la route et de son adjointe, Mme \nDalila AIT ALI (\u00e0 compter du 1 er  juin 2025) ; \n\u2022 M. Dominique LE DUFF, chef de l'unit\u00e9 \u00e9quipement du d\u00e9partement des techniques de la route ; \n\u2022 M. Patrick VINCENT, adjoint au chef de l'unit\u00e9 Eau Environnement ; \n\u2022 M. Jean-No\u00ebl IVRY, adjoint au chef de l'unit\u00e9 Chauss\u00e9e Terrassement ; \n\u2022 M. Laurent PROVOST, adjoint au chef de l'unit\u00e9 Am\u00e9nagements routiers ; \n\u2022 Mme \u00c9lise CAMPAIGNOLLE, cheffe de la mission D\u00e9velo ppement Durable et D\u00e9pendances \nVertes ;  \n\u2022 Mme Mich\u00e8le MARLIERE, cheffe du d\u00e9partement politiq ue et programmation routi\u00e8res et son \nadjointe Mme Laura SAPATEIRO ; \n\u2022 M. Valentin PRATESI, chef de l'unit\u00e9 g\u00e9omatique du patrimoine routier ; \n\u2022 Mme Vanessa FERREZ, cheffe de l'unit\u00e9 gestion budg\u00e9 taire et administrative, et son adjointe \nMme Gwena\u00eblle COSMAO ; \n\u2022 M. Xavier POTIER, chef de l'unit\u00e9 programmation, Po litiques techniques et Qualit\u00e9 et son \nadjointe, Sophie MOZER ; \n\u2022 M. Abdellah BENADJEMIA, chef de l'unit\u00e9 Connaissance du patrimoine routier ; \n\u2022 M. Patrice LEVEQUE, adjoint \u00e0 la cheffe de l'unit\u00e9 S\u00e9curit\u00e9 de l'infrastructure. \n\u2022  \nIV. - Pour le service du trafic et des tunnels, subd\u00e9l\u00e9g ation de signature est accord\u00e9e, dans la limite de \nleurs attributions respectives, \u00e0 : \n \n\u2022 M. Jonathan COL\u00c9, adjoint au chef du service du trafic et des tunnels ; \n\u2022 M. Cl\u00e9ment MORIN, chef du d\u00e9partement de l'ing\u00e9nierie et de la modernisation des \u00e9quipements et \ndes tunnels ; \n\u2022 M. Wahbi YAKOUBI, adjoint au chef du d\u00e9partement de  l'ing\u00e9nierie et de la modernisation des \n\u00e9quipements et des tunnels ; \n\u2022 Mme S\u00e9verine CARPENTIER, cheffe du d\u00e9partement de l'exploitation du trafic et des tunnels (DETT) ; \n\u2022 M. Olivier NALIN, adjoint au chef du d\u00e9partement de l'exploitation du trafic et des tunnels ; \n\u2022 M. Quentin LABRUE, adjoint au chef du d\u00e9partement de l'exploitation du trafic et des tunnels ; \n\u2022 M. Alexandre ROSSI, chef de l'unit\u00e9 observatoire et  ing\u00e9nierie du trafic, et son adjoint M. Marc \nRIVIERE ; \nDirection r\u00e9gionale et interd\u00e9partementale de l'environnement, de l'am\u00e9nagement et des transports d'\u00cele-de-France -\nIDF-2025-05-02-00003 - D\u00e9cision DRIEAT-IDF n\u00b0 2025-0393 portant subd\u00e9l\u00e9gation de signature en mati\u00e8re administrative pour le\ncompte du pr\u00e9fet de la r\u00e9gion d'\u00cele-de-France\n23\n \n \nDRIEAT \n27-29 rue Leblanc \u2013 CS 57  246 \u2013 75  732 Paris CEDEX 15 \nT\u00e9l : +33 (0)1 40 61 80 80 \nwww.drieat.ile-de-france.developpement-durable.gouv.fr  5 \n\u2022 M. Nicolas BERNARD, chef de l'unit\u00e9 coordination du  trafic et information routi\u00e8re, et ses adjoints, \nM. Marc KOENIG, chef du centre coordination trafic, et M. David THOMACHOT, chef du p\u00f4le gestion \nde crises routi\u00e8res et chantiers ; \n\u2022 M. Arnaud IFFLY, chef de l'unit\u00e9 politique de maint enance et modernisation et son adjointe, Mme \nJeanne BATA ; M. Antoine PERRAIS, chef de l'unit\u00e9 i nformatique et r\u00e9seaux centraux, et son adjoint, \nM. David QUINTANS ; M. Hassan BELKACEM, responsable  du poste de contr\u00f4le trafic et tunnels \n(PCTT) Nord, et son adjoint M. Philippe THULLIER, en charge de l'exploitation ; \n\u2022 Mme Aude COVIN, cheffe du poste de contr\u00f4le trafic et tunnels (PCTT) Ouest, et ses adjoints, M. \nJean-Bernard GAUQUELIN, en charge de l'exploitation , et M. C\u00e9dric LALLEMANT, en charge de la \nmaintenance, ainsi que ses chefs de p\u00f4le, M. Fr\u00e9d\u00e9ric MILICEVIC, charg\u00e9 de p\u00f4le de maintenance de \nNanterre et Mme Samantha MIOTTI, charg\u00e9 de p\u00f4le de maintenance de Boulogne  \n\u2022 Mme Morgane ALATORRE, cheffe du poste de contr\u00f4le trafic et tunnels Sud, et ses adjoints M. Robert \nTOUATI, en charge de l'exploitation, et M. Julien PROUST, en charge de la maintenance ; \n\u2022 M. J\u00e9r\u00f4me RODRIGUEZ, chef du poste de contr\u00f4le traf ic et tunnels Est, et ses adjoints, M. Laurent \nMOUSSEUX, en charge de l'exploitation, et M. Jean-Pierre SULLY, en charge de la maintenance ; \n \nV. - Pour l'arrondissement de gestion et d'exploitation Ouest, subd\u00e9l\u00e9gation de signature est accord\u00e9e, \ndans la limite de leurs attributions respectives, \u00e0 : \n \n\u2022 M. Michel PERREL, responsable de l'arrondissement de gestion et d'exploitation de la route Ouest, et \nson adjointe Mme Julie COHEN-SOLAL ; \n\u2022 Mme Audrey MERCHEZ ; cheffe du bureau de gestion administrative et de la route (BGAR) ; \n\u2022 Mme Pauline MATHEVET, responsable de l'unit\u00e9 d'exploitation de la route de Jouy-en-Josas ; \n\u2022 M. Jonathan PROD'HOMME, adjoint au chef de l'unit\u00e9 d'exploitation de la route de Jouy-en-Josas ; \n\u2022 Mme M\u00e9lanie LIMIER, responsable de l'UER de Nanterr e-Boulogne et son adjointe, Mme Catherine \nCHAUVET ; \n \nVI. - Pour l'arrondissement de gestion et d'exploitation  Est, subd\u00e9l\u00e9gation de signature est accord\u00e9e, \ndans la limite de leurs attributions respectives, \u00e0 : \n \n\u2022 M. Fr\u00e9d\u00e9ric ESNAULT, chef de l'arrondissement de ge stion et d'exploitation de la route Est et son \nadjoint M. Anthony MITRANO ; \n\u2022 M. Claude GRUMELART, chef du bureau de gestion administrative et de la route (BGAR) ; \n\u2022 Mme Val\u00e9rie DITTE, cheffe de l'unit\u00e9 d'exploitation de la route de Brie-Comte-Robert et son adjoint, \nM. Patrice DEGLA ; \n\u2022 M. Ludovic CADET, chef de l'unit\u00e9 d'exploitation de la route de Champigny et son adjoint, M. Florent \nGRANDJEAN ; \n\u2022  \nVII. - Pour l'arrondissement de gestion et d'exploitation Sud, subd\u00e9l\u00e9gation est accord\u00e9e, dans la limite \nde leurs attributions respectives, \u00e0 : \n \n\u2022 M. Bastien SALESSE, chef de l'arrondissement de ges tion et d'exploitation de la route Sud et son \nadjoint M. Moustapha SAVANE ; \n\u2022 M. Christian LABILLE, chef du bureau de gestion administrative et de la route ; \n\u2022 Mme Lucienne LIBER, adjointe au chef de l'unit\u00e9 d'exploitation de la route de Chevilly-Larue ; \n\u2022 M. Fr\u00e9d\u00e9ric BERTRAND, chef de l'unit\u00e9 d'exploitatio n de la route d'Orsay-Villab\u00e9 et son adjoint, M. \nDenis PRUDHOMME ; \n \nDirection r\u00e9gionale et interd\u00e9partementale de l'environnement, de l'am\u00e9nagement et des transports d'\u00cele-de-France -\nIDF-2025-05-02-00003 - D\u00e9cision DRIEAT-IDF n\u00b0 2025-0393 portant subd\u00e9l\u00e9gation de signature en mati\u00e8re administrative pour le\ncompte du pr\u00e9fet de la r\u00e9gion d'\u00cele-de-France\n24\n \n \nDRIEAT \n27-29 rue Leblanc \u2013 CS 57  246 \u2013 75  732 Paris CEDEX 15 \nT\u00e9l : +33 (0)1 40 61 80 80 \nwww.drieat.ile-de-france.developpement-durable.gouv.fr  6 \nVIII. - Pour l'arrondissement de gestion et d'exploitation Nord, subd\u00e9l\u00e9gation est accord\u00e9e, dans la limite \nde leurs attributions respectives, \u00e0 : \n \n\u2022 M. Olivier ROUQUETTE, chef de l'arrondissement de g estion et d'exploitation de la route Nord \u00e0 \ncompter du 1 \ner mai 2025 et son adjointe, Mme Elsa ALEXANDRE ; \n\u2022 M. Juan-Manuel MARTIN, chef du bureau de gestion administrative et de la route (BGAR) ; \n\u2022 Mme Nadine AZOULAY, cheffe contentieux et administratif ; \n\u2022 M. Jean-Willem LALLEMAND, chef de l'unit\u00e9 d'exploit ation de la route de Saint-Denis, et son adjoint \nM. Maurice LABYLLE ; \n\u2022 Mme Nathalie POTAILLON, adjointe au chef de l'unit\u00e9 d'exploitation de la route d'Eragny-sur-Oise. \n \nArticle 4 \n \nI. - Pour le service s\u00e9curit\u00e9 des transports et des v\u00e9hi cules (SSTV), subd\u00e9l\u00e9gation de signature est \naccord\u00e9e, dans la limite de leurs attributions resp ectives, \u00e0 M. Paul WEICK, directeur r\u00e9gional et \ninterd\u00e9partemental adjoint charg\u00e9 de la s\u00e9curit\u00e9 des transports et des missions de d\u00e9fense et de s\u00e9curit\u00e9, \nchef du service s\u00e9curit\u00e9 des transports et des v\u00e9hicules et son adjointe Mme Odile S\u00c9GUIN. \n \nII.  - La subd\u00e9l\u00e9gation de signature mentionn\u00e9e au I. e st \u00e9galement accord\u00e9e, dans la limite de leurs \nattributions respectives, \u00e0 : \n \n\u2022 Mme Marion ESCARGUEIL-RAYNAUD, cheffe du d\u00e9partement s\u00e9curit\u00e9 des transports fluviaux ;  \n\u2022 Mme Justine GODARD, adjointe \u00e0 la cheffe du d\u00e9partement s\u00e9curit\u00e9 des transports fluviaux ; \n\u2022 Mme Sabrina LANDUREAU, cheffe de l'unit\u00e9 s\u00e9curit\u00e9 des bateaux ; \n\u2022 M. Adrien BLASQUEZ, chef de l'unit\u00e9 documents de bo rd et police de la navigation et son adjointe, \nMme Evangelia DELCHANIDIS ; \n\u2022 M. Ren\u00e9 ALBERTI, chef du d\u00e9partement s\u00e9curit\u00e9, \u00e9ducation et circulation routi\u00e8res ; \n\u2022 M. Jean-Fran\u00e7ois FRATINI, chef de l'unit\u00e9 s\u00e9curit\u00e9 et \u00e9ducation routi\u00e8res ; \n\u2022 M. Guillaume THUAULT, chef de l'unit\u00e9 circulation routi\u00e8re et son adjointe, Mme F\u00e9lie LESUR ; \n\u2022 M. Moussa BELOUASSAA, chef du d\u00e9partement r\u00e9gulation des transports routiers ;  \n\u2022 M. Ronan MEAR, adjoint au chef du d\u00e9partement r\u00e9gulation des transports routiers ; \n\u2022 Mme Sadia KHELIFI, cheffe de la division gestion ; \n\u2022 Mme C\u00e9cile OLIVO, adjointe \u00e0 la cheffe de la division gestion ; \n\u2022 Mme Laurence MURZEAU, cheffe de l'unit\u00e9 gestion des titres ;  \n\u2022 Mme Gina DUVALLON, charg\u00e9e de mission appui \u00e0 la gestion ; \n\u2022 M. Christophe DEPRUGNEY, chef de l'unit\u00e9 du registr e des voitures de transport avec chauffeur, \nadjoint \u00e0 la cheffe de l'unit\u00e9 gestion des titres ; \n\u2022 M. Hugues NOLLET, chef de la division contr\u00f4le ; \n\u2022 M. Yves SCHOEFFNER, chef du d\u00e9partement homologation et surveillance des v\u00e9hicules. \n \nArticle 5 \n \nI. - Pour le service am\u00e9nagement durable (SAD), subd\u00e9l\u00e9gation de signature est accord\u00e9e, dans la limite \nde leurs attributions respectives, \u00e0 Mme Muriel BEN SAID, cheffe du service am\u00e9nagement durable et \nson adjointe, Mme Ghislaine BORDES. \n \nII. - Subd\u00e9l\u00e9gation de signature est \u00e9galement accord\u00e9e, pour ce qui concerne les non-soumissions et \ndispenses d'agr\u00e9ment des locaux d'activit\u00e9s, \u00e0 :  \n\u2022 M. Vincent BRUGER, chef de la mission immobilier d'entreprise ;  \nDirection r\u00e9gionale et interd\u00e9partementale de l'environnement, de l'am\u00e9nagement et des transports d'\u00cele-de-France -\nIDF-2025-05-02-00003 - D\u00e9cision DRIEAT-IDF n\u00b0 2025-0393 portant subd\u00e9l\u00e9gation de signature en mati\u00e8re administrative pour le\ncompte du pr\u00e9fet de la r\u00e9gion d'\u00cele-de-France\n25\n \n \nDRIEAT \n27-29 rue Leblanc \u2013 CS 57  246 \u2013 75  732 Paris CEDEX 15 \nT\u00e9l : +33 (0)1 40 61 80 80 \nwww.drieat.ile-de-france.developpement-durable.gouv.fr  7 \n\u2022 Mme \u00c9milie TOUCHARD, adjointe au chef de la mission immobilier d'entreprise.  \n \nArticle 6 \n \nPour le service politique des transports (SPOT), subd\u00e9l\u00e9gation de signature est accord\u00e9e, dans la limi te \nde leurs attributions respectives, \u00e0 M. Christophe DENIAU, chef du service politique des transports et  \nses adjoints, M. Denis LAISNEY, chef du d\u00e9partement  transports urbains et M. Eliott VARON, chef du \nd\u00e9partement des mobilit\u00e9s et de la logistique. \n \nArticle 7 \n \nI. - Pour le service politiques et police de l'eau (SPP E), subd\u00e9l\u00e9gation de signature est accord\u00e9e, dans l a \nlimite de leurs attributions respectives, \u00e0 M. Thom as BOUYER, chef du service politiques et police de \nl'eau et ses adjointes, Mme Caroline LAVALLART et M me \u00c9milie BONNET-DERIVIERE, pour signer et \naccomplir les actes suivants, en qualit\u00e9 de d\u00e9l\u00e9gu\u00e9 du bassin Seine-Normandie : \n \n\uf0d8 Saisir et convoquer au nom du pr\u00e9fet de la r\u00e9gion d '\u00cele-de-France, pr\u00e9fet coordonnateur du bassin \nSeine-Normandie, le comit\u00e9 de gestion des poissons migrateurs du bassin Seine-Normandie ; \n\uf0d8 Signer, au nom du pr\u00e9fet de la r\u00e9gion d'\u00cele-de-Fran ce, pr\u00e9fet coordonnateur du bassin Seine-\nNormandie, tous les arr\u00eat\u00e9s et d\u00e9cisions concernant  le plan de gestion des poissons migrateurs du \nbassin Seine-Normandie et la fixation des limitatio ns de p\u00eache selon les modalit\u00e9s fix\u00e9es par ledit \nplan de gestion ; \n\uf0d8 Saisir le comit\u00e9 de bassin Seine-Normandie pour avi s sur les projets de p\u00e9rim\u00e8tres de sch\u00e9mas \nd'am\u00e9nagement et de gestion des eaux, les projets d e sch\u00e9mas d'am\u00e9nagement et de gestion des \neaux et les projets de d\u00e9limitation de zones vuln\u00e9rables \u00e0 la pollution par les nitrates ; \n\uf0d8 Repr\u00e9senter, en application de l'article R. 212-30 du code de l'environnement, le pr\u00e9fet \ncoordonnateur du bassin Seine Normandie dans les Commissions locales de l'eau des SAGE du bassin ; \n\uf0d8 Saisir, en application de l'article R. 566-11 du code de l'environnement, le comit\u00e9 de bassin pour avis \nsur les documents relatifs \u00e0 la mise en \u0153uvre de la Directive Inondation ; \n\uf0d8 Signer au nom du pr\u00e9fet de la r\u00e9gion \u00cele-de-France,  pr\u00e9fet coordinateur du bassin Seine-Normandie, \ntoutes les d\u00e9cisions d'habilitation des organismes pour la r\u00e9alisation des diagnostics sur site de \ndispositifs m\u00e9trologiques utilis\u00e9s pour le calcul des redevances pour pr\u00e9l\u00e8vement sur la ressource en \neau et pour pollution non domestique de l'eau per\u00e7ues par les agences de l'eau. \n \nII. - Subd\u00e9l\u00e9gation de signature est accord\u00e9e, dans la limite de leurs attributions respectives, \u00e0 : \n \n\u2022 M. Thomas BOUYER, chef du service politiques et police de l'eau ; \n\u2022 Mme Caroline LAVALLART, adjointe au chef du service  politiques et police de l'eau, cheffe de la \nmission strat\u00e9gie eau et planification ; \n\u2022 Mme \u00c9milie BONNET-DERIVIERE, adjointe au chef du service politiques et police de l'eau ; \n\u2022 Mme Evelyne GODEHEU, cheffe du d\u00e9partement instruct ion loi sur l'eau, et son adjointe, Mme \nGabri\u00e8le BENDAYAN ; \n\u2022 M. Maxime HAVIER, chef de l'unit\u00e9 Oise Seine Aval ; \n\u2022 M. T\u00e9o MORNAS, chef de l'unit\u00e9 Marne Seine Amont. \n \nPour signer, au titre de la Mission Interd\u00e9partemen tale Inter-services de l'eau et de la nature, tous les \nactes ou d\u00e9cisions li\u00e9s au fonctionnement et \u00e0 la m ise en \u0153uvre des actions de la Mission \nInterd\u00e9partementale Inter-services de l'eau et de la nature de Paris et de la proche couronne. \n \nDirection r\u00e9gionale et interd\u00e9partementale de l'environnement, de l'am\u00e9nagement et des transports d'\u00cele-de-France -\nIDF-2025-05-02-00003 - D\u00e9cision DRIEAT-IDF n\u00b0 2025-0393 portant subd\u00e9l\u00e9gation de signature en mati\u00e8re administrative pour le\ncompte du pr\u00e9fet de la r\u00e9gion d'\u00cele-de-France\n26\n \n \nDRIEAT \n27-29 rue Leblanc \u2013 CS 57  246 \u2013 75  732 Paris CEDEX 15 \nT\u00e9l : +33 (0)1 40 61 80 80 \nwww.drieat.ile-de-france.developpement-durable.gouv.fr  8 \nArticle 8  \n \nPour le service connaissance et d\u00e9veloppement durab le (SCDD), subd\u00e9l\u00e9gation de signature est \naccord\u00e9e, dans la limite de leurs attributions respectives, \u00e0 Mme Dominique BERTHON, cheffe du service \nconnaissance et d\u00e9veloppement durable, et ses adjoints, M. J\u00e9r\u00f4me AYACHE, M. Guillaume CRIEF, et M. \nLuc CHARANSONNEY ; \n \nArticle 9 \n \nI. - Subd\u00e9l\u00e9gation de signature est accord\u00e9e, dans la l imite de leurs attributions respectives, \u00e0 Mme \nDominique BERTHON, cheffe du service connaissance e t d\u00e9veloppement durable, et ses adjoints, M. \nJ\u00e9r\u00f4me AYACHE, M. Guillaume CRIEF, et M. Luc CHARAN SONNEY, \u00e0 l'effet de signer, au titre de \nl'autorit\u00e9 charg\u00e9e de l'examen au cas par cas mentionn\u00e9e au premier alin\u00e9a du IV de l'article L.122-1 du \ncode de l'environnement pour les projets (articles L.122-1, L.122-2, L.512-7-2 et R.122-2, R.122-3, R.122-3-\n1 du code l'environnement) : \n \n\uf0d8 Les r\u00e9c\u00e9piss\u00e9s de d\u00e9p\u00f4t, les courriers de demande d e compl\u00e9ments, d'accus\u00e9 de r\u00e9ception, de \ndemande de contribution aux services experts, \n\uf0d8 Les d\u00e9cisions portant obligation ou non, de r\u00e9aliser une \u00e9valuation environnementale, \n\uf0d8 Les r\u00e9ponses aux recours administratifs pr\u00e9alables rendus dans le cadre de la proc\u00e9dure d'examen \n\u00ab au cas par cas \u00bb conform\u00e9ment aux dispositions de l'article R. 122-3 du code de l'environnement. \n \nII. - La subd\u00e9l\u00e9gation mentionn\u00e9e au I. est \u00e9galement ac cord\u00e9e, dans la limite de leurs attributions \nrespectives, \u00e0 : \n \n\u2022 Mme Anne-Laure VERNEIL, cheffe du d\u00e9partement \u00e9valuation environnementale ; \n\u2022 M. Tristan AVRY, adjoint \u00e0 la cheffe du d\u00e9partement \u00e9valuation environnementale ; \n\u2022 M. Benjamin HOBBS, adjoint \u00e0 la cheffe du d\u00e9partement \u00e9valuation environnementale ; \n\u2022 Mme Agn\u00e8s COURET, cheffe de l'unit\u00e9 d\u00e9partementale de Seine et Marne ;  \n\u2022 Mme Cl\u00e9mence JAHANGIR, adjointe \u00e0 la cheffe de l'unit\u00e9 d\u00e9partementale de Seine-et-Marne ;  \n\u2022 M. David LEROUGE, adjoint \u00e0 la cheffe de l'unit\u00e9 d\u00e9partementale de Seine-et-Marne ; \n\u2022 Mme Delphine DUBOIS, cheffe de l'unit\u00e9 d\u00e9partementale des Yvelines ;  \n\u2022 Mme Marielle MUGUERRA, adjointe \u00e0 la cheffe de l'unit\u00e9 d\u00e9partementale des Yvelines ; \n\u2022 M. Patrick POIRET, chef de l'unit\u00e9 d\u00e9partementale de l'Essonne ;  \n\u2022 Mme Sophie PIERRET, adjointe au chef de l'unit\u00e9 d\u00e9partementale de l'Essonne ; \n\u2022 M. Mathieu FERNANDEZ, r\u00e9f\u00e9rent d\u00e9partemental risques accidentels ; \n\u2022 M. Alain TUFFERY, directeur r\u00e9gional et interd\u00e9part emental adjoint de l'environnement, de \nl'am\u00e9nagement et des transports de la r\u00e9gion \u00cele-de-France, directeur de l'unit\u00e9 d\u00e9partementale des \nHauts-de-Seine ; \n\u2022 M. Fabrice MORONVAL, directeur adjoint de l'unit\u00e9 d\u00e9partementale des Hauts-de-Seine ; \n\u2022 Mme Sybille MULLER, directrice adjointe de l'unit\u00e9 d\u00e9partementale des Hauts-de-Seine ; \n\u2022 M. Laurent CONDOMINES, directeur r\u00e9gional et interd \u00e9partemental adjoint de l'environnement, de \nl'am\u00e9nagement et des transports de la r\u00e9gion \u00cele-de -France, directeur de l'unit\u00e9 d\u00e9partementale de \nla Seine-Saint-Denis ; \n\u2022 M. Andr\u00e9 COUBLE, directeur adjoint de l'unit\u00e9 d\u00e9partement de la Seine-Saint-Denis ; \n\u2022 Mme Sylvie CHATY, directrice adjointe de l'unit\u00e9 d\u00e9partementale de la Seine-Saint-Denis ; \n\u2022 Mme Julie TISSOT, directrice r\u00e9gionale et interd\u00e9pa rtementale adjointe de l'environnement, de \nl'am\u00e9nagement et des transports d'\u00cele-de-France, di rectrice de l'unit\u00e9 d\u00e9partementale du Val-de-\nMarne ;  \nDirection r\u00e9gionale et interd\u00e9partementale de l'environnement, de l'am\u00e9nagement et des transports d'\u00cele-de-France -\nIDF-2025-05-02-00003 - D\u00e9cision DRIEAT-IDF n\u00b0 2025-0393 portant subd\u00e9l\u00e9gation de signature en mati\u00e8re administrative pour le\ncompte du pr\u00e9fet de la r\u00e9gion d'\u00cele-de-France\n27\n \n \nDRIEAT \n27-29 rue Leblanc \u2013 CS 57  246 \u2013 75  732 Paris CEDEX 15 \nT\u00e9l : +33 (0)1 40 61 80 80 \nwww.drieat.ile-de-france.developpement-durable.gouv.fr  9 \n\u2022 M. Herv\u00e9 ABDERRAHMAN, directeur adjoint de l'unit\u00e9 d\u00e9partementale du Val-de-Marne ; \n\u2022 Mme Fiona TCHANAKIAN ; directrice adjointe de l'unit\u00e9 d\u00e9partementale du Val-de-Marne ; \n\u2022 M. Alexis RAFA, chef de l'unit\u00e9 d\u00e9partementale du Val d'Oise ;  \n\u2022 M. Thomas BLATON, adjoint au chef de l'unit\u00e9 d\u00e9partementale du Val-d'Oise. \n \nArticle 10 \n \nI. - Pour le service \u00e9nergie et b\u00e2timent (SEB), subd\u00e9l\u00e9g ation de signature est accord\u00e9e, dans la limite de \nses attributions, \u00e0 Mme Aurore FARGETTE, cheffe du service \u00e9nergie et b\u00e2timent et son adjointe, \nMme Alice METAYER-MATHIEU. \n \nII. - Subd\u00e9l\u00e9gation de signature est \u00e9galement accord\u00e9e, dans la limite de leurs attributions respectives \n\u00e0 :  \n \n\u2022 M. Thibaut BADOUAL, chef du d\u00e9partement climat, air, \u00e9nergie ; \n\u2022 Mme Julie LODEWYCKX, adjointe au chef du d\u00e9partement climat, air, \u00e9nergie ; \n\u2022 Mme Nathalie BOUSQUET, cheffe du d\u00e9partement b\u00e2timent ; \n\u2022 Mme H\u00e9l\u00e8ne BONNET, cheffe du d\u00e9partement patrimoine immobilier ; \n\u2022 M. Jean-Michel DUBOIS, adjoint \u00e0 la cheffe du d\u00e9partement patrimoine immobilier \n\u2022 M. Louis ORTA, adjoint \u00e0 la cheffe du d\u00e9partement patrimoine immobilier. \n \nArticle 11  \n \nI. - Pour le service nature et paysage (SNP),  subd\u00e9l\u00e9gation de signature est accord\u00e9e, dans la li mite de \nleurs attributions, \u00e0 Mme Lucile RAMBAUD, cheffe du  service nature et paysage et son adjoint, \nM. St\u00e9phane LUCET, \u00e0 l'effet de signer les accords pr\u00e9alables \u00e0 la d\u00e9livrance d'une autorisation \nd'installation d'une enseigne sur un monument natur el, dans un site class\u00e9, un c\u0153ur de parc national, \nune r\u00e9serve naturelle ou sur un arbre. \n \nII. - La subd\u00e9l\u00e9gation mentionn\u00e9e au I. est \u00e9galement ac cord\u00e9e, dans la limite de leurs attributions \nrespectives, \u00e0 :  \n \n\u2022 Mme Florence MOTTES, cheffe du d\u00e9partement sites et paysage et son adjointe, Mme Paola VITA ; \n\u2022 M. Antoine LOMBARD, chef du d\u00e9partement espaces et patrimoine naturels. \n \nArticle 12 \n \nPour le service pr\u00e9vention des risques (SPR), subd\u00e9 l\u00e9gation de signature est accord\u00e9e, dans la limite de \nleurs attributions respectives, \u00e0 :  \n\u2022 M. Olivier LEVILLAIN, chef du service pr\u00e9vention des risques ; \n\u2022 Mme Guillemette de KERDREL, adjointe au chef du ser vice pr\u00e9vention des risques, cheffe du \nd\u00e9partement risques chroniques ; \n\u2022 Mme Ir\u00e8ne ALFONSI, adjointe \u00e0 la cheffe du d\u00e9partement risques chroniques ; \n\u2022 Mme \u00c9lisabeth BLATON, cheffe du d\u00e9partement risques accidentels \n\u2022 M. Vincent PIERRON, adjoint \u00e0 la cheffe du d\u00e9partement risques accidentels ; \n\u2022 M. Baptiste LORENZI, chef du d\u00e9partement risques naturels ; \n\u2022 Mme Laurence BALMES, adjointe au chef du d\u00e9partement risques naturels ; \n\u2022 Mme Sophie SAUVAGNAT, adjointe au chef du d\u00e9partement risques naturels ; \n\u2022 Mme Manon VIGNES, cheffe du d\u00e9partement hydrologie et pr\u00e9vision des crues ; \nDirection r\u00e9gionale et interd\u00e9partementale de l'environnement, de l'am\u00e9nagement et des transports d'\u00cele-de-France -\nIDF-2025-05-02-00003 - D\u00e9cision DRIEAT-IDF n\u00b0 2025-0393 portant subd\u00e9l\u00e9gation de signature en mati\u00e8re administrative pour le\ncompte du pr\u00e9fet de la r\u00e9gion d'\u00cele-de-France\n28\n \n \nDRIEAT \n27-29 rue Leblanc \u2013 CS 57  246 \u2013 75  732 Paris CEDEX 15 \nT\u00e9l : +33 (0)1 40 61 80 80 \nwww.drieat.ile-de-france.developpement-durable.gouv.fr  10 \n\u2022 Mme Carine CHALEON, adjointe \u00e0 la cheffe du d\u00e9partement hydrologie et pr\u00e9vision des crues. \n \nArticle 13 \n \nI. - Pour le service accompagnement et pilotage (SAP), subd\u00e9l\u00e9gation de signature est accord\u00e9e, dans la \nlimite de leurs attributions respectives, \u00e0 M. Jean-Yves D\u00c9MARETZ, chef du service accompagnement et \npilotage et son adjoint, M. Philippe LOUVET. \n \nII. - Subd\u00e9l\u00e9gation de signature est \u00e9galement accord\u00e9e, dans la limite de leurs attributions respectives, \n\u00e0 : \n\u2022 Mme Sandie CHAMBARET, cheffe du d\u00e9partement qualit\u00e9 et innovation ; \n\u2022 Mme Julie MANINI, cheffe du d\u00e9partement pilotage du budget et des effectifs ; \n\u2022 Mme Patricia AKPWA-MEDOU, charg\u00e9e d'\u00e9tudes budg\u00e9taires et financi\u00e8res ; \n\u2022  \n\u2022 M. Jean-Baptiste PUIGGALI, chef du d\u00e9partement des affaires juridiques, de l'archivage et de la \ndocumentation, dans la limite de ses attributions, pour signer notamment tout acte ou pi\u00e8ces \nn\u00e9cessaires \u00e0 la d\u00e9fense des activit\u00e9s des services devant les juridictions administratives et judiciaires \net pour pr\u00e9senter des observations orales devant les juridictions ; \n\u2022 M. Jonas COSTAGLIOLA, chef de l'unit\u00e9 des affaires juridiques, dans la limite de ses attributions, pour \nsigner notamment tout acte ou pi\u00e8ces n\u00e9cessaires \u00e0 la d\u00e9fense des activit\u00e9s des services devant les \njuridictions administratives et judiciaires et pour  pr\u00e9senter des observations orales devant les \njuridictions. \n \nArticle 14  \n \nI. - Pour le secr\u00e9tariat g\u00e9n\u00e9ral (SG), subd\u00e9l\u00e9gation de  signature est accord\u00e9e, dans la limite de leurs \nattributions respectives, \u00e0 M. Ivan ROCHARD, secr\u00e9t aire g\u00e9n\u00e9ral et son adjointe, Mme Justine SONG, \u00e0 \nM. Jean-Baptiste MOTTE, secr\u00e9taire g\u00e9n\u00e9ral d\u00e9l\u00e9gu\u00e9 aupr\u00e8s de la DiRIF et son adjoint, M. Pascal \nERRECART, ainsi que pour pr\u00e9senter des observations  devant les comit\u00e9s m\u00e9dicaux et les commissions \nde r\u00e9forme, pour signer les actes relatifs \u00e0 la ges tion des ressources humaines, aux achats et \u00e0 la \ncommande publique ainsi qu'\u00e0 la logistique et aux moyens g\u00e9n\u00e9raux relevant de son service. \n \nII. - La subd\u00e9l\u00e9gation mentionn\u00e9e au I. est \u00e9galement ac cord\u00e9e, dans la limite de leurs attributions \nrespectives, \u00e0 : \n\u2022 Mme Marie-Laure AYUSTE-PELAGE, cheffe du bureau des ressources humaines du secr\u00e9tariat g\u00e9n\u00e9ral \nd\u00e9l\u00e9gu\u00e9 aupr\u00e8s de la DiRIF ; \n\u2022 Mme Sandrine FLORENTINY, adjointe \u00e0 la cheffe du bureau des ressources humaines ; \n\u2022 Mme Warda BOURICHE, cheffe du bureau formation, concours et recrutements ; \n\u2022 Mme Annie LACROIX, cheffe du d\u00e9partement des ressources humaines et des comp\u00e9tences, \u00e0 l'effet \nde signer tous les actes et pi\u00e8ces relevant des attributions du d\u00e9partement, ainsi que pour pr\u00e9senter \ndes observations devant les comit\u00e9s m\u00e9dicaux et les commissions de r\u00e9forme ; \n\u2022 M. Jean-Antoine DELMAS, adjoint \u00e0 la cheffe du d\u00e9pa rtement des ressources humaines et des \ncomp\u00e9tences ; \n\u2022 Mme Nathalie RICHARD, cheffe de l'unit\u00e9 formation, handicap accompagnement et comp\u00e9tences ; \n\u2022 M. Tarik MAHJOUBI, chef de l'unit\u00e9 temps, effectifs, recrutement et mobilit\u00e9, \u00e0 l'effet de signer tous  \nles actes et pi\u00e8ces relevant du d\u00e9partement en cas d'emp\u00eachement de la cheffe et de son adjoint ; \n\u2022 M. Gr\u00e9goire DROUINEAU, chef du d\u00e9partement des affaires financi\u00e8res ; \n\u2022 M. Valentin RAULT, adjoint au chef du d\u00e9partement des affaires financi\u00e8res ; \n\u2022 M. Jean AUTERNAUD, chef du d\u00e9partement de la logistique et de la gestion immobili\u00e8re ;  \nDirection r\u00e9gionale et interd\u00e9partementale de l'environnement, de l'am\u00e9nagement et des transports d'\u00cele-de-France -\nIDF-2025-05-02-00003 - D\u00e9cision DRIEAT-IDF n\u00b0 2025-0393 portant subd\u00e9l\u00e9gation de signature en mati\u00e8re administrative pour le\ncompte du pr\u00e9fet de la r\u00e9gion d'\u00cele-de-France\n29\n \n \nDRIEAT \n27-29 rue Leblanc \u2013 CS 57  246 \u2013 75  732 Paris CEDEX 15 \nT\u00e9l : +33 (0)1 40 61 80 80 \nwww.drieat.ile-de-france.developpement-durable.gouv.fr  11 \n\u2022 Mme Corinne DENIS, adjointe au chef du d\u00e9partement de la logistique et de la gestion immobili\u00e8re ; \n\u2022 Mme Catherine KHELAF, adjointe au chef du d\u00e9parteme nt de la logistique et de la gestion \nimmobili\u00e8re ; \n\u2022 M. Vincent ROUVEYROL, chef du d\u00e9partement de la commande publique et de la politique d'achat ; \n\u2022 M. David LECOMTE, chef du bureau des affaires juridiques du secr\u00e9tariat g\u00e9n\u00e9ral d\u00e9l\u00e9gu\u00e9 \u00e0 la DiRIF ; \n\u2022 Mme Catherine PERNOIS, adjointe au chef du bureau d es affaires juridiques du secr\u00e9tariat g\u00e9n\u00e9ral \nd\u00e9l\u00e9gu\u00e9 \u00e0 la DiRIF ; \n\u2022 M. Nicolas MURY, charg\u00e9 d'\u00e9tudes juridiques du secr\u00e9tariat g\u00e9n\u00e9ral d\u00e9l\u00e9gu\u00e9 \u00e0 la DiRIF, pour pr\u00e9senter \ndes observations orales devant les juridictions ; \n \nArticle 15  \n \nI. - Pour le service du num\u00e9rique, subd\u00e9l\u00e9gation de sig nature est accord\u00e9e, dans la limite de ses \nattributions, \u00e0 Mme Nathalie TINGRY, cheffe du serv ice du num\u00e9rique et son adjoint M. Ga\u00ebl BINTEIN, \npour signer les actes relatifs \u00e0 la logistique et aux moyens g\u00e9n\u00e9raux relevant de son service. \n \nII.  La subd\u00e9l\u00e9gation mentionn\u00e9e au I. est \u00e9galement ac cord\u00e9e, dans la limite de leurs attributions \nrespectives, \u00e0 : \n\u2022 Mme Emmanuelle AIRAUD, cheffe du d\u00e9partement environnement num\u00e9rique de travail ; \n\u2022 M. Jean-Marc VADO, chef du d\u00e9partement infrastructures, syst\u00e8mes d'information et de s\u00e9curit\u00e9. \n \nArticle 16  \n \nI. - Pour l'unit\u00e9 d\u00e9partementale de Paris (UD 75), subd\u00e9 l\u00e9gation de signature est accord\u00e9e \u00e0 M. Jean-\nPascal BIARD, directeur r\u00e9gional et interd\u00e9partemental adjoint, directeur de l'unit\u00e9 d\u00e9partementale de \nParis, pour signer les d\u00e9cisions de gestion des per sonnels vis\u00e9s dans les annexes des arr\u00eat\u00e9s du 29 \nd\u00e9cembre 2016 et du 26 d\u00e9cembre 2019 susvis\u00e9s. \n \nII. - La subd\u00e9l\u00e9gation mentionn\u00e9e au I. est \u00e9galement acc ord\u00e9e, dans la limite de leurs attributions \nrespectives, \u00e0 : \n\u2022 M. Fran\u00e7ois BELBEZET, chef du service am\u00e9nagement durable et connaissance des territoires ; \n\u2022 Mme Laurence CACHEUX, cheffe du service patrimoine, paysage et droit des sols ; \n\u2022 Mme Natacha CARRIER-SCHRUMPF, cheffe du service utilit\u00e9 publique et \u00e9quilibres territoriaux ; \n\u2022 Mme Chantal GERVAIS, cheffe de la mission d'appui au pilotage local ; \n \nArticle 17  \n \nI. - Pour l'unit\u00e9 d\u00e9partementale des Hauts-de-Seine (UD 92), subd\u00e9l\u00e9gation de signature est accord\u00e9e \u00e0 \nM. Alain TUFFERY, directeur r\u00e9gional et interd\u00e9part emental adjoint de l'environnement, de \nl'am\u00e9nagement et des transports de la r\u00e9gion \u00cele-de -France, directeur de l'unit\u00e9 d\u00e9partementale des \nHauts-de-Seine et ses adjoints, Mme Sybille MULLER et M. Fabrice MORONVAL, directeurs-adjoints de \nl'unit\u00e9 d\u00e9partementale des Hauts-de-Seine \u00e0 l'effet  de signer les d\u00e9cisions de gestion des personnels \nvis\u00e9s dans les annexes des arr\u00eat\u00e9s du 29 d\u00e9cembre 2016 et du 26 d\u00e9cembre 2019 susvis\u00e9s. \n \nII. - La subd\u00e9l\u00e9gation mentionn\u00e9e au I. est \u00e9galement acc ord\u00e9e, dans la limite de leurs attributions \nrespectives, \u00e0 : \n\u2022 Mme Claire ROSEV\u00c8GUE, cheffe du service risques et installations class\u00e9es ; \n\u2022 M. Olivier PAS, adjoint \u00e0 la cheffe du service risques et installations class\u00e9es ; \n\u2022 M. Rodolphe VAN VLAENDEREN, chef du service urbanisme et construction durable ; \nDirection r\u00e9gionale et interd\u00e9partementale de l'environnement, de l'am\u00e9nagement et des transports d'\u00cele-de-France -\nIDF-2025-05-02-00003 - D\u00e9cision DRIEAT-IDF n\u00b0 2025-0393 portant subd\u00e9l\u00e9gation de signature en mati\u00e8re administrative pour le\ncompte du pr\u00e9fet de la r\u00e9gion d'\u00cele-de-France\n30\n \n \nDRIEAT \n27-29 rue Leblanc \u2013 CS 57  246 \u2013 75  732 Paris CEDEX 15 \nT\u00e9l : +33 (0)1 40 61 80 80 \nwww.drieat.ile-de-france.developpement-durable.gouv.fr  12 \n\u2022 Mme Sophie TCHENG, adjointe au chef du service urbanisme et construction durable ; \n\u2022 Mme Louise DEVRIES, cheffe du service planification et am\u00e9nagement des territoires, et son adjointe, \nLola MAGAZ ;  \n\u2022 Mme Smiljana SEKULIC-GELEBART, cheffe du service \u00e9ducation et s\u00e9curit\u00e9 routi\u00e8re ; \n\u2022 M. Fr\u00e9d\u00e9ric SEIGLE, chef du p\u00f4le v\u00e9hicules infra-r\u00e9gional Ouest ; \n\u2022 M. \u00c9tienne MERLIN, adjoint au chef du p\u00f4le v\u00e9hicules infra-r\u00e9gional Ouest ; \n\u2022 Mme Muriel LECAT, cheffe du p\u00f4le d'appui au pilotage local. \n \nArticle 18  \n \nI. - Pour l'unit\u00e9 d\u00e9partementale de la Seine-Saint-Denis (UD 93), subd\u00e9l\u00e9gation de signature est accord\u00e9e \n\u00e0 M. Laurent CONDOMINES, directeur r\u00e9gional et inte rd\u00e9partemental adjoint de l'environnement, de \nl'am\u00e9nagement et des transports d'\u00cele-de-France, directeur de l'unit\u00e9 d\u00e9partementale de la Seine-Saint-\nDenis et ses adjoints, M. Andr\u00e9 COUBLE et Mme Sylvi e CHATY, pour signer les d\u00e9cisions de gestion des \npersonnels vis\u00e9s dans les annexes des arr\u00eat\u00e9s du 29 d\u00e9cembre 2016 et du 26 d\u00e9cembre 2019 susvis\u00e9s. \n \nII. - La subd\u00e9l\u00e9gation mentionn\u00e9e au I. est \u00e9galement acc ord\u00e9e, dans la limite de leurs attributions \nrespectives, \u00e0 : \n \n\u2022 M. Alaoudine MAYOUFI, chef du service risques et installations class\u00e9es ;  \n\u2022 M. Mohamed SEGHROUCHNI, adjoint au chef du service risques et installations class\u00e9es ; \n\u2022 Mme Isabelle SCAUSSE, cheffe du p\u00f4le v\u00e9hicules infra-r\u00e9gional Nord \n\u2022 M. Naoufal NOUKRI adjoint \u00e0 la cheffe du p\u00f4le v\u00e9hicules infra-r\u00e9gional Nord ; \n\u2022 M. Didier BEAURAIN, chef du service \u00e9ducation et s\u00e9curit\u00e9 routi\u00e8re ; \n\u2022 M. St\u00e9phane MUNCH, adjoint au chef de service \u00e9ducation et s\u00e9curit\u00e9 routi\u00e8re ; \n\u2022 Mme Florence MONFORT, cheffe du service urbanisme et construction durable ;  \n\u2022 Mme C\u00e9line BARON, adjointe \u00e0 la cheffe du service urbanisme et construction durable ; \n\u2022 Mme Mathilde HONORAT, cheffe du service planification et am\u00e9nagement des territoires ;  \n\u2022 Mme Marie JUILLE, adjointe \u00e0 la cheffe du service planification et am\u00e9nagement des territoires. \n \nArticle 19  \n \nI. - Pour l'unit\u00e9 d\u00e9partementale du Val-de-Marne (UD 94), subd\u00e9l\u00e9gation est accord\u00e9e, dans la limite de \nleurs attributions respectives \u00e0  Mme Julie TISSOT, directrice r\u00e9gionale et interd\u00e9partementale adjointe \nde l'environnement, de l'am\u00e9nagement et des transpo rts d'\u00cele-de-France, directrice de l'unit\u00e9 \nd\u00e9partementale du Val-de-Marne et ses adjoints, M. Herv\u00e9 ABDERRAHMAN et Mme Fiona TCHANAKIAN, \n\u00e0 l'effet de signer les d\u00e9cisions de gestion des pe rsonnels vis\u00e9s dans les annexes des arr\u00eat\u00e9s du 29 \nd\u00e9cembre 2016 et du 26 d\u00e9cembre 2019 susvis\u00e9s. \n \nII. - La subd\u00e9l\u00e9gation mentionn\u00e9e au I. est \u00e9galement ac cord\u00e9e, dans la limite de leurs attributions \nrespectives, \u00e0 : \n \n\u2022 M. Didier CATTENOZ, chef du service urbanisme et construction durables et son adjointe, Mme Marie \nPRESANI ; \n\u2022 Mme G\u00e9raldine SANAUR, cheffe du service planificati on et am\u00e9nagement des territoires et ses \nadjoints, M. Olivier COMPAGNET et Mme Flora DELHOMME ; \n\u2022 M. Fran\u00e7ois BOLLENGIER, chef du service \u00e9ducation et s\u00e9curit\u00e9 routi\u00e8res et son adjointe, Mme Sa\u00efba \nKUMAR ; \nDirection r\u00e9gionale et interd\u00e9partementale de l'environnement, de l'am\u00e9nagement et des transports d'\u00cele-de-France -\nIDF-2025-05-02-00003 - D\u00e9cision DRIEAT-IDF n\u00b0 2025-0393 portant subd\u00e9l\u00e9gation de signature en mati\u00e8re administrative pour le\ncompte du pr\u00e9fet de la r\u00e9gion d'\u00cele-de-France\n31\n \n \nDRIEAT \n27-29 rue Leblanc \u2013 CS 57  246 \u2013 75  732 Paris CEDEX 15 \nT\u00e9l : +33 (0)1 40 61 80 80 \nwww.drieat.ile-de-france.developpement-durable.gouv.fr  13 \n\u2022 Mme Sonia GUILLOT, cheffe du service risques et ins tallations class\u00e9es et son adjointe, Mme Anne \nJOHANNY ; \n\u2022 M. S\u00e9bastien CUCURULO, chef du p\u00f4le v\u00e9hicules infra-r\u00e9gional Sud ; \n\u2022 Mme Nadjette BENAOUDA-GARCIA, cheffe du p\u00f4le appui au pilotage local et son adjoint, M. Fran\u00e7ois \nMALARE. \n \nArticle 20  \n \nPour l'unit\u00e9 d\u00e9partementale de Seine-et-Marne (UD 77), subd\u00e9l\u00e9gation est donn\u00e9e, dans la limite de leurs \nattributions respectives, \u00e0 Mme Agn\u00e8s COURET, cheffe de l'unit\u00e9 d\u00e9partementale de Seine et Marne, et \nses adjoints, Mme Cl\u00e9mence JAHANGIR et M. David LEROUGE, \u00e0 l'effet de signer les d\u00e9cisions de gestion \ndes personnels vis\u00e9s dans les annexes des arr\u00eat\u00e9s du 29 d\u00e9cembre 2016 et du 26 d\u00e9cembre 2019. \n \nArticle 21  \n \nPour l'unit\u00e9 d\u00e9partementale des Yvelines (UD 78), subd\u00e9l\u00e9gation de signature est donn\u00e9e, dans la limite \nde leurs attributions respectives, \u00e0 Mme Delphine D UBOIS, cheffe de l'unit\u00e9 d\u00e9partementale des \nYvelines, et \u00e0 son adjointe, Mme Marielle MUGUERRA,  \u00e0 l'effet de signer les d\u00e9cisions de gestion des \npersonnels vis\u00e9s dans les annexes des arr\u00eat\u00e9s du 29 d\u00e9cembre 2016 et du 26 d\u00e9cembre 2019. \n \nArticle 22  \n \nI. - Pour l'unit\u00e9 d\u00e9partementale de l'Essonne (UD 91), s ubd\u00e9l\u00e9gation de signature est donn\u00e9e, dans la \nlimite de leurs attributions respectives, \u00e0 M. Patrick POIRET, chef de l'unit\u00e9 d\u00e9partementale de l'Essonne, \net \u00e0 son adjointe, Mme Sophie PIERRET, \u00e0 l'effet de  signer les d\u00e9cisions de gestion des personnels vis \u00e9s \ndans les annexes des arr\u00eat\u00e9s du 29 d\u00e9cembre 2016 et du 26 d\u00e9cembre 2019. \n \nII. - La subd\u00e9l\u00e9gation mentionn\u00e9e au I. est \u00e9galement accord\u00e9e, dans la limite de ses attributions, \u00e0 : \n\u2022 M. Mathieu FERNANDEZ, r\u00e9f\u00e9rent d\u00e9partemental risques technologiques. \n \nArticle 23  \n \nPour l'unit\u00e9 d\u00e9partementale du Val-d'Oise (UD 95), subd\u00e9l\u00e9gation de signature est donn\u00e9e, dans la limite \nde leurs attributions respectives, \u00e0 M. Alexis RAFA , chef de l'unit\u00e9 d\u00e9partementale du Val-d'Oise, et \u00e0 \nson adjoint, M. Thomas BLATON, \u00e0 l'effet de signer les d\u00e9cisions de gestion des personnels vis\u00e9s dans les \nannexes des arr\u00eat\u00e9s du 29 d\u00e9cembre 2016 et du 26 d\u00e9cembre 2019. \n \nArticle 24  \n \nI. - Sont exclus des subd\u00e9l\u00e9gations vis\u00e9es dans les articles 2 \u00e0 15 : \n \n\uf0d8 Les conventions pass\u00e9es avec des collectivit\u00e9s loca les, les \u00e9tablissements publics, les op\u00e9rateurs \npublics et les agences d'urbanisme ; \n\uf0d8 Les correspondances ou avis formul\u00e9s \u00e0 l'attention des directeurs d'administration centrale ; \n\uf0d8 Les avis, propositions ou d\u00e9cisions relatifs aux ca dres sup\u00e9rieurs de la direction r\u00e9gionale et \ninterd\u00e9partementale de l'environnement, de l'am\u00e9nagement et des transports d'\u00cele-de-France ; \n\uf0d8 Les mesures de suspension des fonctions et les d\u00e9cisions d'engagement de la proc\u00e9dure disciplinaire \n\u00e0 l'\u00e9gard des agents ; \n\uf0d8 L'instruction et les actes relevant de la sanction disciplinaire, ainsi que de l'abandon de poste ; \nDirection r\u00e9gionale et interd\u00e9partementale de l'environnement, de l'am\u00e9nagement et des transports d'\u00cele-de-France -\nIDF-2025-05-02-00003 - D\u00e9cision DRIEAT-IDF n\u00b0 2025-0393 portant subd\u00e9l\u00e9gation de signature en mati\u00e8re administrative pour le\ncompte du pr\u00e9fet de la r\u00e9gion d'\u00cele-de-France\n32\n \n \nDRIEAT \n27-29 rue Leblanc \u2013 CS 57  246 \u2013 75  732 Paris CEDEX 15 \nT\u00e9l : +33 (0)1 40 61 80 80 \nwww.drieat.ile-de-france.developpement-durable.gouv.fr  14 \n\uf0d8 Les avis, propositions ou d\u00e9cisions relatifs aux ca dres sup\u00e9rieurs de la direction r\u00e9gionale et \ninterd\u00e9partementale de l'environnement, de l'am\u00e9nagement et des transports d'\u00cele-de-France. \n \nII. - Sont exclues des subd\u00e9l\u00e9gations vis\u00e9es dans les ar ticles 2 \u00e0 14, sauf pour les directeurs-adjoints y \ncompris les directeurs des unit\u00e9s d\u00e9partementales : \n \n\uf0d8 Les correspondances avec les maires des communes ch efs-lieux de d\u00e9partement et les pr\u00e9sidents \nd'\u00e9tablissements publics territoriaux (EPT), de communaut\u00e9 d'agglom\u00e9ration ou de communaut\u00e9 de \ncommunes ; \n\uf0d8 Les conventions relatives aux prestations mutualis\u00e9 es, assur\u00e9es par une entit\u00e9 de la DRIEAT pour le \ncompte d'autres directions de l'\u00c9tat en \u00cele-de-France, y compris en mati\u00e8re immobili\u00e8re. \n \nIII. - Sont exclues des subd\u00e9l\u00e9gations vis\u00e9es dans les articles 7 \u00e0 14 : \n \n\uf0d8 Les correspondances avec les parlementaires, les an ciens ministres, les conseillers r\u00e9gionaux et \nd\u00e9partementaux, les pr\u00e9sidents des associations de maires, la maire de Paris et les maires des \ncommunes chefs-lieux de d\u00e9partement ; \n\uf0d8 Les correspondances entrant dans le cadre de la n\u00e9gociation du contrat de plan \u00c9tat-r\u00e9gion ; \n \nIV. - Sont exclus des subd\u00e9l\u00e9gations vis\u00e9es aux articles ci-dessus, les m\u00e9moires en d\u00e9fense pr\u00e9sent\u00e9s au \nnom de l'\u00c9tat \u00e0 l'occasion des recours form\u00e9s devan t les juridictions administratives et n\u00e9s de l'acti vit\u00e9 \nde la direction r\u00e9gionale et interd\u00e9partementale de  l'environnement, de l'am\u00e9nagement et des \ntransports d'\u00cele-de-France, ou relevant de la d\u00e9l\u00e9gation de pouvoir consentie au pr\u00e9fet de la r\u00e9gion d'\u00cele-\nde-France en mati\u00e8re de gestion de certains personn els du minist\u00e8re de l'\u00e9cologie, du d\u00e9veloppement \ndurable, des transports et du logement par le d\u00e9cre t n\u00b0 2013-1041 du 20 novembre 2013 modifi\u00e9 et les \narr\u00eat\u00e9s du 26 d\u00e9cembre 2019 modifi\u00e9s susvis\u00e9s. Ne sont pas concern\u00e9es par cette exclusion, et ce pour \nles activit\u00e9s relevant des articles 3 \u00e0 6 ainsi que des articles 11, 13 \u00e0 22, les proc\u00e9dures d'urgence pr\u00e9vues \nau livre V du code de justice administrative. \n \nUne copie de toutes correspondances avec les autres \u00e9lus, maires, conseillers municipaux ainsi que de \ncelles concernant le contr\u00f4le de l\u00e9galit\u00e9 et les m\u00e9 moires produits dans le cadre des proc\u00e9dures \nd'urgence susmentionn\u00e9es, sera simultan\u00e9ment adress\u00e9e au pr\u00e9fet de la r\u00e9gion d'\u00cele-de-France. \n \nArticle 25  \n \nLes subd\u00e9l\u00e9gations accord\u00e9es au titre de la pr\u00e9sente d\u00e9cision sont valables en cas d'int\u00e9rim exerc\u00e9 pa r \nun subd\u00e9l\u00e9gataire d\u00e9sign\u00e9 formellement par la direc trice r\u00e9gionale et interd\u00e9partementale de \nl'environnement, de l'am\u00e9nagement et des transports d'\u00cele-de-France. \n \nArticle 26  \n \nLa d\u00e9cision n\u00b0 DRIEAT-IDF-2024-0772 du 6 novembre 2 024 portant subd\u00e9l\u00e9gation de signature en \nmati\u00e8re administrative pour le compte du pr\u00e9fet de la r\u00e9gion d'\u00cele-de-France est abrog\u00e9e. \n \n  \nDirection r\u00e9gionale et interd\u00e9partementale de l'environnement, de l'am\u00e9nagement et des transports d'\u00cele-de-France -\nIDF-2025-05-02-00003 - D\u00e9cision DRIEAT-IDF n\u00b0 2025-0393 portant subd\u00e9l\u00e9gation de signature en mati\u00e8re administrative pour le\ncompte du pr\u00e9fet de la r\u00e9gion d'\u00cele-de-France\n33\n \n \nDRIEAT \n27-29 rue Leblanc \u2013 CS 57  246 \u2013 75  732 Paris CEDEX 15 \nT\u00e9l : +33 (0)1 40 61 80 80 \nwww.drieat.ile-de-france.developpement-durable.gouv.fr  15 \nArticle 27  \n \nL'adjoint \u00e0 la directrice r\u00e9gionale et interd\u00e9partementale de l'environnement, de l'am\u00e9nagement et des \ntransports d'\u00cele-de-France, charg\u00e9 du pilotage, est charg\u00e9 de l'ex\u00e9cution de la pr\u00e9sente d\u00e9cision qui sera \npubli\u00e9e au recueil des actes administratifs de la pr\u00e9fecture de la r\u00e9gion d'\u00cele-de-France. \n \nFait \u00e0 Paris, le 2 mai 2025 \nLa directrice r\u00e9gionale et interd\u00e9partementale  \nde l'environnement, de l'am\u00e9nagement  \net des transports d'\u00cele-de-France \n \n \nSign\u00e9 \n \n \nEmmanuelle GAY \nDirection r\u00e9gionale et interd\u00e9partementale de l'environnement, de l'am\u00e9nagement et des transports d'\u00cele-de-France -\nIDF-2025-05-02-00003 - D\u00e9cision DRIEAT-IDF n\u00b0 2025-0393 portant subd\u00e9l\u00e9gation de signature en mati\u00e8re administrative pour le\ncompte du pr\u00e9fet de la r\u00e9gion d'\u00cele-de-France\n34\nDirection r\u00e9gionale et interd\u00e9partementale de\nl'environnement, de l'am\u00e9nagement et des\ntransports d'\u00cele-de-France\nIDF-2025-05-02-00004\nD\u00e9cision DRIEAT-IDF n\u00b0 2025-0394 du 2 mai 2025\nportant subd\u00e9l\u00e9gation de signature en mati\u00e8re\nd'ordonnancement secondaire\net de commande publique pour le compte du\npr\u00e9fet de la r\u00e9gion d'\u00cele-de-France\nDirection r\u00e9gionale et interd\u00e9partementale de l'environnement, de l'am\u00e9nagement et des transports d'\u00cele-de-France -\nIDF-2025-05-02-00004 - D\u00e9cision DRIEAT-IDF n\u00b0 2025-0394 du 2 mai 2025 portant subd\u00e9l\u00e9gation de signature en mati\u00e8re\nd'ordonnancement secondaire\net de commande publique pour le compte du pr\u00e9fet de la r\u00e9gion d'\u00cele-de-France\n35\nEPREFET _DE LA REGIOND'\u00ceLE-DE-FRANCELibert\u00e9Egalit\u00e9Fraternit\u00e9\n \nDRIEAT \n27-29 rue Leblanc \u2013 CS 57  246 \u2013 75  732 Paris CEDEX 15 \nT\u00e9l : +33 (0)1 40 61 80 80 \nwww.drieat.ile-de-france.developpement-durable.gouv.fr  1 \n \nDirection r\u00e9gionale et interd\u00e9partementale \nde l'environnement, de l'am\u00e9nagement \net des transports d'\u00cele-de-France \n \n \n \n \n \n \nD\u00e9cision DRIEAT-IDF n\u00b0  2025-0394 \nportant subd\u00e9l\u00e9gation de signature en mati\u00e8re d'ordonnancement secondaire  \net de commande publique pour le compte du pr\u00e9fet de la r\u00e9gion d'\u00cele-de-France \n \n \nLa directrice r\u00e9gionale et interd\u00e9partementale de l'environnement, de l'am\u00e9nagement et des transports \nd'\u00cele-de-France, \n \nVu la loi organique n\u00b0  2001-692 du 1 \ner  ao\u00fbt  2001 relative aux lois de finances  ; \n \nVu le code de la commande publique  ; \n \nVu la loi n\u00b0  82-213 du 2  mars  1982 relative aux droits et libert\u00e9s des communes, des d\u00e9partements et des \nr\u00e9gions \n \nVu la loi d'orientation n\u00b0  92-125 du 6  f\u00e9vrier  1992 relative \u00e0 l'administration territoriale de la R\u00e9publique  ; \n \nVu le d\u00e9cret n\u00b0  2004-374 du 29  avril  2004 relatif aux pouvoirs des pr\u00e9fets, \u00e0 l'organisation et \u00e0 l'action des \nservices de l'\u00c9tat dans les r\u00e9gions et d\u00e9partements ; \n \nVu le d\u00e9cret n\u00b0  2004-1085 du 14  octobre  2004 relatif \u00e0 la d\u00e9l\u00e9gation de gestion dans les services de l'\u00c9tat  ; \n \nVu le d\u00e9cret n\u00b0  2005-636 du 30  mai  2005 relatif \u00e0 l'organisation de l'administration dans le domaine de \nl'eau et aux missions du pr\u00e9fet coordonnateur de bassin  ; \n \nVu le d\u00e9cret n\u00b0  2006-304 du 16  mars  2006 portant cr\u00e9ation et organisation des direction s \ninterd\u00e9partementales des routes  ; \n \nVu le d\u00e9cret n\u00b0  2010-687 du 24  juin  2010 modifi\u00e9 relatif \u00e0 l'organisation et aux missio ns des services de \nl'\u00c9tat dans la r\u00e9gion et les d\u00e9partements d'\u00cele-de-France  ; \n \nVu le d\u00e9cret n\u00b0  2012-1246 du 7  novembre  2012 relatif \u00e0 la gestion budg\u00e9taire et comptable publique  ; \n \nVu le d\u00e9cret n\u00b0  2015-510 du 7  mai  2015 portant charte de la d\u00e9concentration  ; \n \nVu le d\u00e9cret du 22  juillet  2020 portant nomination du pr\u00e9fet de la r\u00e9gion d'\u00cele-de-France, pr\u00e9fet de Paris \n(hors classe) - M. GUILLAUME (Marc)  ; \n \nDirection r\u00e9gionale et interd\u00e9partementale de l'environnement, de l'am\u00e9nagement et des transports d'\u00cele-de-France -\nIDF-2025-05-02-00004 - D\u00e9cision DRIEAT-IDF n\u00b0 2025-0394 du 2 mai 2025 portant subd\u00e9l\u00e9gation de signature en mati\u00e8re\nd'ordonnancement secondaire\net de commande publique pour le compte du pr\u00e9fet de la r\u00e9gion d'\u00cele-de-France\n36\n \nDRIEAT \n27-29 rue Leblanc \u2013 CS 57  246 \u2013 75  732 Paris CEDEX 15 \nT\u00e9l : +33 (0)1 40 61 80 80 \nwww.drieat.ile-de-france.developpement-durable.gouv.fr  2 \nVu l'arr\u00eat\u00e9 interminist\u00e9riel du 26  mai  2006 portant constitution des directions interd\u00e9partementales des \nroutes  ; \n \nVu l'arr\u00eat\u00e9 du 3  septembre  2010 portant r\u00e8glement de comptabilit\u00e9 du minist\u00e8re  de l'\u00e9cologie, de \nl'\u00e9nergie, du d\u00e9veloppement durable et de la mer, en charge des technologies vertes et des n\u00e9gociations \nsur le climat, pour la d\u00e9signation d'un ordonnateur secondaire d\u00e9l\u00e9gu\u00e9  ; \n \nVu l'arr\u00eat\u00e9 du pr\u00e9fet de la r\u00e9gion d'\u00cele-de-France,  pr\u00e9fet de Paris n\u00b0  IDF-2023-02-07-00001 du \n7 f\u00e9vrier  2025 portant organisation de la direction r\u00e9gionale et interd\u00e9partementale de l'environnement, \nde l'am\u00e9nagement et des transports d'\u00cele-de-France  ; \n \nVu la d\u00e9cision DRIEAT-IF n\u00b0  2025-0051 du 25  f\u00e9vrier  2025 portant organisation des services de la direction \nr\u00e9gionale et interd\u00e9partementale l'environnement, de l'am\u00e9nagement et des transports d'\u00cele-de-France  ; \n \nVu l'arr\u00eat\u00e9 interminist\u00e9riel du 8  juillet  2022 portant nomination d'une directrice r\u00e9gionale et \ninterd\u00e9partementale de l'environnement, de l'am\u00e9nagement et des transports de la r\u00e9gion \u00cele-de-France  ; \n \nVu l'arr\u00eat\u00e9 du Pr\u00e9fet de la r\u00e9gion \u00cele-de-France, pr\u00e9fet de Paris n\u00b0IDF-2023-04-19-00003 du 19  avril  2023, \nportant d\u00e9l\u00e9gation de signature \u00e0 Mme Emmanuelle GAY, directrice r\u00e9gionale et interd\u00e9partementale de \nl'environnement, de l'am\u00e9nagement et des transports  d'\u00cele-de-France, en mati\u00e8re d'ordonnancement \nsecondaire et de commande publique, notamment son article 7  ; \n \nSur proposition de l'adjoint \u00e0 la directrice r\u00e9gion ale et interd\u00e9partementale de l'environnement, de \nl'am\u00e9nagement et des transports d'\u00cele-de-France, charg\u00e9 du pilotage, \n \n D\u00e9cide  : \n \nARTICLE 1 \u2013 DIRECTION \n \n1.  Subd\u00e9l\u00e9gation de signature est donn\u00e9e \u00e0  : \n \n\u2022 M. Laurent PAILLARD, directeur r\u00e9gional et interd\u00e9p artemental adjoint, charg\u00e9 des ressources \nhumaines et de la gestion des moyens, et dans les limites de leurs attributions  : \n\u2022 Mme Val\u00e9rie BELROSE, directrice r\u00e9gionale et interd \u00e9partementale adjointe charg\u00e9e de l'eau et du \nd\u00e9veloppement durable  ; \n\u2022 M. Paul WEICK, directeur r\u00e9gional et interd\u00e9partemental adjoint, charg\u00e9 de la s\u00e9curit\u00e9 des transports \net des missions de d\u00e9fense et de s\u00e9curit\u00e9  ; \n\u2022 M. Herv\u00e9 SCHMITT, directeur r\u00e9gional et interd\u00e9part emental adjoint charg\u00e9 de l'am\u00e9nagement \ndurable et des transports  ; \n\u2022 M. Jean-Marc PICARD, directeur r\u00e9gional et interd\u00e9p artemental adjoint charg\u00e9 de l'\u00e9nergie, des \nrisques et de la nature  ; \n\u2022 M. Jacques SALHI, directeur r\u00e9gional et interd\u00e9part emental adjoint, directeur des routes d'\u00cele-de-\nFrance  ; \n\u2022 M. Pascal H\u00c9RITIER, adjoint de la directrice, charg\u00e9 du pilotage  ; \n \npour  : \n \na. \u2013 Recevoir les cr\u00e9dits des programmes suivants  : \n \nDirection r\u00e9gionale et interd\u00e9partementale de l'environnement, de l'am\u00e9nagement et des transports d'\u00cele-de-France -\nIDF-2025-05-02-00004 - D\u00e9cision DRIEAT-IDF n\u00b0 2025-0394 du 2 mai 2025 portant subd\u00e9l\u00e9gation de signature en mati\u00e8re\nd'ordonnancement secondaire\net de commande publique pour le compte du pr\u00e9fet de la r\u00e9gion d'\u00cele-de-France\n37\n \nDRIEAT \n27-29 rue Leblanc \u2013 CS 57  246 \u2013 75  732 Paris CEDEX 15 \nT\u00e9l : +33 (0)1 40 61 80 80 \nwww.drieat.ile-de-france.developpement-durable.gouv.fr  3 \n\uf0d8 \u00ab Paysage, eau et biodiversit\u00e9 \u00bb (n\u00b0 113)  ; \n\uf0d8 \u00ab Urbanisme, territoires et am\u00e9lioration de l'habitat \u00bb (n\u00b0 135)  ; \n\uf0d8 \u00ab Pr\u00e9vention des risques  \u00bb (n\u00b0 181)  ; \n\uf0d8 \u00ab Infrastructures et services de transport  \u00bb (n\u00b0  203)  ; \n\uf0d8 \u00ab S\u00e9curit\u00e9 et \u00e9ducation routi\u00e8res  \u00bb (n\u00b0  207)  ; \n\uf0d8 \u00ab Fonds d'acc\u00e9l\u00e9ration de la transition \u00e9cologique dans les territoires  \u00bb (n\u00b0  380). \n \nb. \u2013 R\u00e9partir ces cr\u00e9dits entre les services respon sables d'unit\u00e9s op\u00e9rationnelles, charg\u00e9s de leur \nex\u00e9cution. \n \nc. \u2013 Proc\u00e9der \u00e0 des r\u00e9-allocations en cours d'exercice budg\u00e9taire entre les services responsables d'unit\u00e9s \nop\u00e9rationnelles. Les r\u00e9-allocations d'un montant sup\u00e9rieur \u00e0 20  % de leur budget seront soumises au visa \npr\u00e9alable du pr\u00e9fet de r\u00e9gion d'\u00cele-de-France. \n \n2. Subd\u00e9l\u00e9gation de signature est donn\u00e9e, en mati\u00e8re d'ordonnancement secondaire, \u00e0  : \n \n\u2022 M. Laurent PAILLARD, directeur adjoint, charg\u00e9 des ressources humaines et de la gestion des moyens  ; \n\u2022 Mme Val\u00e9rie BELROSE, directrice adjointe, charg\u00e9e de l'eau et du d\u00e9veloppement durable  ; \n\u2022 M. Paul WEICK, directeur adjoint charg\u00e9 de la s\u00e9cur it\u00e9 des transports et des missions de d\u00e9fense et \nde s\u00e9curit\u00e9, chef du service s\u00e9curit\u00e9 des transports et des v\u00e9hicules  ; \n\u2022 M. Herv\u00e9 SCHMITT, directeur adjoint charg\u00e9 de l'am\u00e9nagement durable et des transports  ; \n\u2022 M. Jean-Marc PICARD directeur adjoint, charg\u00e9 de l'\u00e9nergie, des risques et de la nature  ; \n\u2022 M. Jacques SALHI, directeur adjoint, directeur des routes d'\u00cele-de-France  ; \n\u2022 M. Pascal H\u00c9RITIER, adjoint de la directrice, charg\u00e9 du pilotage, \n \n\u00e0 l'effet de signer, dans les conditions fix\u00e9es dans les arr\u00eat\u00e9s susvis\u00e9s, toute pi\u00e8ce relative \u00e0 l'exercice de \nla comp\u00e9tence d'ordonnateur secondaire d\u00e9l\u00e9gu\u00e9, tant pour les d\u00e9penses que pour les recettes, pour les \nprogrammes sus-vis\u00e9s du minist\u00e8re de la transition \u00e9cologique et de la coh\u00e9sion des territoires et du \nminist\u00e8re de la transition \u00e9nerg\u00e9tique, et pour les programmes suivants : \n \n\uf0d8 \u00ab Paysages, eau et biodiversit\u00e9 \u00bb (n\u00b0 113)  ; \n\uf0d8 \u00ab Urbanisme, territoire et am\u00e9lioration de l'habitat  \u00bb (n\u00b0 135)  ; \n\uf0d8 \u00ab Fonction publique  \u00bb (n\u00b0  148)  ; \n\uf0d8 \u00ab Expertise, information g\u00e9ographique et m\u00e9t\u00e9orologie \u00bb (n\u00b0  159)  ; \n\uf0d8 \u00ab Energie, climat et apr\u00e8s-mines  \u00bb (n\u00b0  174)  ; \n\uf0d8 \u00ab Pr\u00e9vention des risques  \u00bb (n\u00b0  181)  ; \n\uf0d8 \u00ab Infrastructures et services de transport  \u00bb (n\u00b0  203)  ; \n\uf0d8 \u00ab S\u00e9curit\u00e9 et \u00e9ducation routi\u00e8res  \u00bb (n\u00b0  207)  ; \n\uf0d8 \u00ab Conduite et pilotage des politiques de l'int\u00e9rieur  \u00bb (n\u00b0  216) (UO \u00ab  convergence de l'action sociale \nr\u00e9gionale  \u00bb) ; \n\uf0d8 \u00ab Conduite et pilotage des politiques de l'\u00e9cologie, du d\u00e9veloppement et de la mobilit\u00e9 durables  \u00bb \n(n\u00b0  217)  ; \n\uf0d8 \u00ab Sports  \u00bb (n\u00b0  219)  ; \n\uf0d8 \u00ab Performance et r\u00e9silience des b\u00e2timents de l'\u00c9tat et de ses op\u00e9rateurs  \u00bb (n\u00b0  348) \n\uf0d8 \u00ab Administration territoriale de l'\u00c9tat  \u00bb (n\u00b0  354) ; \n\uf0d8 \u00ab \u00c9cologie  \u00bb (n\u00b0  362)  (hors volet immobilier public) ; \n\uf0d8 \u00ab Comp\u00e9titivit\u00e9  \u00bb (n\u00b0  363) \n\uf0d8 \u00ab Coh\u00e9sion  \u00bb (n\u00b0  364)  ; \n\uf0d8 \u00ab Fonds d'acc\u00e9l\u00e9ration de la transition \u00e9cologique dans les territoires (n\u00b0  380)  ; \nDirection r\u00e9gionale et interd\u00e9partementale de l'environnement, de l'am\u00e9nagement et des transports d'\u00cele-de-France -\nIDF-2025-05-02-00004 - D\u00e9cision DRIEAT-IDF n\u00b0 2025-0394 du 2 mai 2025 portant subd\u00e9l\u00e9gation de signature en mati\u00e8re\nd'ordonnancement secondaire\net de commande publique pour le compte du pr\u00e9fet de la r\u00e9gion d'\u00cele-de-France\n38\n \nDRIEAT \n27-29 rue Leblanc \u2013 CS 57  246 \u2013 75  732 Paris CEDEX 15 \nT\u00e9l : +33 (0)1 40 61 80 80 \nwww.drieat.ile-de-france.developpement-durable.gouv.fr  4 \n\uf0d8 \u00ab Op\u00e9rations immobili\u00e8res et entretien des b\u00e2timents de l'\u00c9tat  \u00bb (n\u00b0  723). \n \nPour les programmes n\u00b0  354, n\u00b0  362 (volet immobilier public) n\u00b0  363, n\u00b0  723, n\u00b0  348 et n\u00b0  216, toute \nd\u00e9pense sup\u00e9rieure \u00e0 400  000  \u20ac HT devra faire l'objet d'un visa pr\u00e9alable du pr\u00e9 fet de la r\u00e9gion \u00cele-de-\nFrance, en application de l'article 3 de l'arr\u00eat\u00e9 de d\u00e9l\u00e9gation de signature en mati\u00e8re d'ordonnancement \nsecondaire susvis\u00e9. \n \n3. Subd\u00e9l\u00e9gation de signature est \u00e9galement donn\u00e9e  \u00e0 M. Laurent PAILLARD, Mme Val\u00e9rie BELROSE, M. \nPaul WEICK, M. Herv\u00e9 SCHMITT, M. Jean-Marc PICARD et M. Jacques SALHI, directeurs adjoints, ainsi qu'\u00e0 \nM.  Pascal H\u00c9RITIER adjoint \u00e0 la directrice, pour signer toute pi\u00e8ce relative \u00e0 la passation et \u00e0 l'ex\u00e9cution \ndes march\u00e9s publics et des accords-cadres, en mati\u00e8 re de travaux, fournitures, \u00e9tudes et services, y \ncompris les arr\u00eat\u00e9s relatifs \u00e0 la composition et au mode de fonctionnement des jurys de concours. \n \n4.  Pour les subventions d'un montant de 23  000 euros et plus, la subd\u00e9l\u00e9gation de signature consentie au \nparagraphe 1 du pr\u00e9sent article porte sur les cr\u00e9di ts du titre VI des programmes n\u00b0  113, n\u00b0  159, n\u00b0  174, \nn\u00b0  181, n\u00b0  217, n\u00b0  135, n\u00b0  354 et n\u00b0  380 sous r\u00e9serve d'informer au pr\u00e9alable le pr\u00e9fet de la r\u00e9gion d'\u00cele-de-\nFrance des pr\u00e9visions d'attribution desdites subventions. \n \n\u00c0 cet effet, un tableau pr\u00e9visionnel d'attribution des subventions, pr\u00e9cisant les organismes b\u00e9n\u00e9ficiaires \net les montants propos\u00e9s pour chacun d'entre eux, s era transmis par la direction r\u00e9gionale et \ninterd\u00e9partementale de l'environnement, de l'am\u00e9nag ement et des transports, autant de fois que \nn\u00e9cessaire et avant la signature des conventions par les b\u00e9n\u00e9ficiaires. \n \n \nARTICLE 2 \u2013 SIGNATURE \u00c9LECTRONIQUE \n \nLes personnes disposant de la subd\u00e9l\u00e9gation de sign ature, en vertu de la pr\u00e9sente d\u00e9cision, sont aussi  \nhabilit\u00e9es \u00e0 recourir \u00e0 la signature \u00e9lectronique. Pour les agents figurant dans le tableau du paragraphe 2 \nde chaque sous-article concernant la DiRIF ou de ch aque article pour les autres services, le recours \u00e0  la \nsignature \u00e9lectronique est accord\u00e9e sans limitation de montant pour valider la demande d'avis sur projet \nde march\u00e9 destin\u00e9e au Responsable minist\u00e9riel des achats (RMA). \n \nARTICLE 3 \u2013 CABINET ET COMMUNICATION \n \n1.  La subd\u00e9l\u00e9gation de signature du pr\u00e9sent article porte sur les programmes  : \n\uf0d8 \u00ab Infrastructures et services de transport  \u00bb (n\u00b0 203) (cr\u00e9dits communication)  ; \n\uf0d8 \u00ab Administration territoriale de l'\u00c9tat  \u00bb (n\u00b0 354). \n \n2. Subd\u00e9l\u00e9gation est donn\u00e9e \u00e0 l'effet de signer, dans les conditions fix\u00e9es dans les arr\u00eat\u00e9s susvis\u00e9s et dans \nles limites de leurs attributions et comp\u00e9tences, t oute pi\u00e8ce relative \u00e0 l'exercice de la comp\u00e9tence \nd'ordonnateur secondaire d\u00e9l\u00e9gu\u00e9 pour les d\u00e9penses, \u00e0  :  \n \n\u2022 Mme Agathe BALTZER, directrice de cabinet  ; \n\u2022 Mme St\u00e9phanie CARVALHEIRO, directrice de la communication  ; \n\u2022 Mme Magali MAUGER, directrice adjointe de la communication  ;  \n\u2022 Mme H\u00e9l\u00e8ne LAMBERT, directrice de la communication d\u00e9l\u00e9gu\u00e9e, cheffe de la mission \ncommunication. \n \nDirection r\u00e9gionale et interd\u00e9partementale de l'environnement, de l'am\u00e9nagement et des transports d'\u00cele-de-France -\nIDF-2025-05-02-00004 - D\u00e9cision DRIEAT-IDF n\u00b0 2025-0394 du 2 mai 2025 portant subd\u00e9l\u00e9gation de signature en mati\u00e8re\nd'ordonnancement secondaire\net de commande publique pour le compte du pr\u00e9fet de la r\u00e9gion d'\u00cele-de-France\n39\n \nDRIEAT \n27-29 rue Leblanc \u2013 CS 57  246 \u2013 75  732 Paris CEDEX 15 \nT\u00e9l : +33 (0)1 40 61 80 80 \nwww.drieat.ile-de-france.developpement-durable.gouv.fr  5 \n3.  Subd\u00e9l\u00e9gation est donn\u00e9e aux personnes d\u00e9sign\u00e9es d ans le pr\u00e9sent article, \u00e0 l'effet de signer les \ncommandes, quel que soit leur montant, prises dans le cadre de march\u00e9s \u00e0 bons de commandes relevant \nde leurs attributions. \n \nARTICLE 4 \u2013 DIRECTION DES ROUTES D'\u00ceLE-DE-FRANCE \n \n1. La subd\u00e9l\u00e9gation de signature du pr\u00e9sent article porte sur  : \n \na. \u2013 Les programmes du minist\u00e8re de la transition \u00e9 cologique et de la coh\u00e9sion des territoires et du \nminist\u00e8re de la transition \u00e9nerg\u00e9tique : \n\uf0d8 \u00ab Infrastructures et services de transport  \u00bb (n\u00b0 203)  ; \n\uf0d8 \u00ab Conduite et pilotage des politiques de l'\u00e9cologie, du d\u00e9veloppement et de la mobilit\u00e9 durables  \u00bb \n(n\u00b0 217)  ; \n\uf0d8 \u00ab \u00c9cologie  \u00bb (n\u00b0 362) ; \n\uf0d8 \u00ab Coh\u00e9sion  \u00bb (n\u00b0 364)  ; \n \nb. \u2013 Le programme du minist\u00e8re de l'int\u00e9rieur  : \u00ab S\u00e9curit\u00e9 et \u00e9ducation routi\u00e8res  \u00bb (n\u00b0  207). \n \nc. \u2013 Le programme du minist\u00e8re de l'\u00e9conomie, des f inances et de la souverainet\u00e9 industrielle et \nnum\u00e9rique  : \u00ab Performance et r\u00e9silience des b\u00e2timents de l'\u00c9tat et de ses op\u00e9rateurs  \u00bb (n\u00b0 348). \n \n2. Subd\u00e9l\u00e9gation est donn\u00e9e \u00e0  M. Jacques SALHI, directeur r\u00e9gional et interd\u00e9part emental adjoint, \ndirecteur des routes d'\u00cele-de-France, \u00e0 M. J\u00e9r\u00f4me R OQUES, directeur adjoint des routes d'\u00cele-de-France  \net \u00e0 Mme Sophie DUPAS, directrice adjointe exploitation et entretien \u00e0 l'effet de signer  : \n\uf0d8 dans les conditions fix\u00e9es dans les arr\u00eat\u00e9s susvis\u00e9s, toute pi\u00e8ce relative \u00e0 l'exercice de la comp\u00e9tence \nd'ordonnateur secondaire d\u00e9l\u00e9gu\u00e9, tant pour les d\u00e9penses que pour les recettes, dans le cadre de ses \nattributions et comp\u00e9tences  ; \n\uf0d8 toutes les pi\u00e8ces relatives \u00e0 la passation et \u00e0 l'ex\u00e9cution des march\u00e9s publics et accords-cadres.  \n \nARTICLE 4-1 \u2013 MISSION DE LA POLITIQUE ET DES MOYENS DE L'EXPLOITATION \n \nParagraphe 1 \u2013 Ordonnancement secondaire \n \n1.  La subd\u00e9l\u00e9gation de signature du pr\u00e9sent paragraph e porte sur le programme du minist\u00e8re de la \ntransition \u00e9cologique et de la coh\u00e9sion des territo ires et du minist\u00e8re de la transition \u00e9nerg\u00e9tique  : \n\u00ab Infrastructures et services de transport  \u00bb (n\u00b0 203)  ; \n \n2. Subd\u00e9l\u00e9gation est donn\u00e9e \u00e0 M. Jean-Fran\u00e7ois TARISTA S, chef de la mission de la politique et des \nmoyens de l'exploitation, \u00e0 l'effet de signer, dans le cadre de ses attributions et comp\u00e9tences et dans les \nconditions fix\u00e9es dans les arr\u00eat\u00e9s susvis\u00e9s, toute pi\u00e8ce relative \u00e0 l'exercice de la comp\u00e9tence \nd'ordonnateur secondaire, tant pour les d\u00e9penses que pour les recettes. \n \n3. Subd\u00e9l\u00e9gation est donn\u00e9e \u00e0 Mme Sarah CASIMIR, res ponsable m\u00e9thode, qualit\u00e9 et politique \nd'exploitation, \u00e0 l'effet de signer, dans le cadre de ses attributions et comp\u00e9tences, les proposition s \nd'engagement, les pi\u00e8ces relatives \u00e0 la constatatio n de la d\u00e9pense et les ordres de payer relatifs aux  \nd\u00e9penses. \n \n4.  Subd\u00e9l\u00e9gation est donn\u00e9e \u00e0 M. Jean-Fran\u00e7ois BERNAUER-BUSSIER, adjoint au chef de la mission de la \npolitique et des moyens d'exploitation, \u00e0 l'effet d e signer, dans le cadre de ses attributions et \nDirection r\u00e9gionale et interd\u00e9partementale de l'environnement, de l'am\u00e9nagement et des transports d'\u00cele-de-France -\nIDF-2025-05-02-00004 - D\u00e9cision DRIEAT-IDF n\u00b0 2025-0394 du 2 mai 2025 portant subd\u00e9l\u00e9gation de signature en mati\u00e8re\nd'ordonnancement secondaire\net de commande publique pour le compte du pr\u00e9fet de la r\u00e9gion d'\u00cele-de-France\n40\n \nDRIEAT \n27-29 rue Leblanc \u2013 CS 57  246 \u2013 75  732 Paris CEDEX 15 \nT\u00e9l : +33 (0)1 40 61 80 80 \nwww.drieat.ile-de-france.developpement-durable.gouv.fr  6 \ncomp\u00e9tences, les propositions d'engagement, les pi\u00e8ces relatives \u00e0 la constatation de la d\u00e9pense et le s \nordres de payer relatifs aux d\u00e9penses. \n \nParagraphe 2 \u2013 Passation et ex\u00e9cution des march\u00e9s publics et accords-cadres \n \n1.  Subd\u00e9l\u00e9gation de signature est consentie \u00e0 la pers onne d\u00e9sign\u00e9e ci-apr\u00e8s, dans la limite de ses \nattributions et des montants indiqu\u00e9s ci-dessous, pour signer toutes les pi\u00e8ces relatives \u00e0 la passation et \nl'ex\u00e9cution des march\u00e9s publics et des accords-cadres  : \n \n \nNOM ET FONCTION \nSuppl\u00e9ant en cas \nd'absence ou \nd'emp\u00eachement \nPassation et ex\u00e9cution \ndes march\u00e9s et accords-cadres \nen montant HT maximum \nJean-Fran\u00e7ois TARISTAS, \nchef de la mission de la \npolitique et des moyens de \nl'exploitation \nJean-Fran\u00e7ois \nBERNAUER-BUSSIER, \nadjoint au chef de la \nmission \nTravaux 1  000  000  \u20ac \nFournitures, \u00e9tudes et \nservices \n250  000  \u20ac\n \n \n2.  Subd\u00e9l\u00e9gation de signature est donn\u00e9e \u00e0 M. Jean-Fran\u00e7ois TARISTAS et \u00e0 son adjoint, M. Jean-Fran\u00e7ois \nBERNAUER-BUSSIER, \u00e0 l'effet de signer dans la limit e de ses attributions, pour les march\u00e9s publics et \naccords-cadres dont le montant d\u00e9passe les seuils mentionn\u00e9s au point 1 du pr\u00e9sent paragraphe, toute \npi\u00e8ce relative \u00e0 leur ex\u00e9cution, \u00e0 l'exclusion des pi\u00e8ces mentionn\u00e9es ci-apr\u00e8s  : \n\uf0d8 rapport de pr\u00e9sentation  ; \n\uf0d8 d\u00e9cision d'attribution d'un march\u00e9 et lettre de rejet d'une offre  ; \n\uf0d8 acte d'engagement  ; \n\uf0d8 avenant ou acte modificatif  ; \n\uf0d8 d\u00e9cision d'affermissement de tranche conditionnelle ou optionnelle  ; \n\uf0d8 d\u00e9cision de reconduction ou non reconduction  ; \n\uf0d8 d\u00e9cision de r\u00e9siliation  ; \n\uf0d8 d\u00e9cision d'ajournement. \n \nDans l'hypoth\u00e8se o\u00f9 le montant initial du march\u00e9 es t augment\u00e9 (avenant \u00e0 incidences financi\u00e8res), le \nseuil est appr\u00e9ci\u00e9 sur le montant total du march\u00e9 public ou accord-cadre, apr\u00e8s augmentation. \n \n3. Subd\u00e9l\u00e9gation est donn\u00e9e \u00e0 Mme Sarah CASIMIR, \u00e0 l'effet de signer, dans le cadre de ses attributions \net comp\u00e9tences, pour les op\u00e9rations routi\u00e8res, tout e pi\u00e8ce relative \u00e0 la passation et l'ex\u00e9cution des \nmarch\u00e9s de montant inf\u00e9rieur ou \u00e9gal \u00e0 25  000  \u20ac HT (seuil \u00e0 appr\u00e9cier sur le montant total du march \u00e9, \nen int\u00e9grant le montant des avenants \u00e0 incidence financi\u00e8re quand ils existent) et les bons de commande \nd'un montant inf\u00e9rieur ou \u00e9gal \u00e0 25  000  \u20ac HT pour chaque commande dans le cadre des march\u00e9s \u00e0 bons \nde commande. \n \nARTICLE 4-2 \u2013 LE SERVICE DE MODERNISATION DU R\u00c9SEAU \n \nParagraphe 1 \u2013 Ordonnancement secondaire \n \n1. La subd\u00e9l\u00e9gation de signature du pr\u00e9sent paragraphe  porte sur les programmes du minist\u00e8re de la \ntransition \u00e9cologique et de la coh\u00e9sion des territo ires et du minist\u00e8re de la transition \u00e9nerg\u00e9tique :  \n\u00ab Infrastructures et services de transport  \u00bb (n\u00b0 203). \n \nDirection r\u00e9gionale et interd\u00e9partementale de l'environnement, de l'am\u00e9nagement et des transports d'\u00cele-de-France -\nIDF-2025-05-02-00004 - D\u00e9cision DRIEAT-IDF n\u00b0 2025-0394 du 2 mai 2025 portant subd\u00e9l\u00e9gation de signature en mati\u00e8re\nd'ordonnancement secondaire\net de commande publique pour le compte du pr\u00e9fet de la r\u00e9gion d'\u00cele-de-France\n41\n \nDRIEAT \n27-29 rue Leblanc \u2013 CS 57  246 \u2013 75  732 Paris CEDEX 15 \nT\u00e9l : +33 (0)1 40 61 80 80 \nwww.drieat.ile-de-france.developpement-durable.gouv.fr  7 \n2.  Subd\u00e9l\u00e9gation est donn\u00e9e \u00e0 M. R\u00e9my MENSIRE, chef d u service de modernisation du r\u00e9seau et \u00e0 son \nadjointe, Mme Emmanuelle PAGES, \u00e0 l'effet de signer, dans le cadre de leurs attributions et comp\u00e9tences \net dans les conditions fix\u00e9es dans les arr\u00eat\u00e9s susvis\u00e9s, toute pi\u00e8ce relative \u00e0 l'exercice de la comp\u00e9tence \nd'ordonnateur secondaire, tant pour les d\u00e9penses que pour les recettes. \n \n3. Subd\u00e9l\u00e9gation est donn\u00e9e, aux personnes d\u00e9sign\u00e9es c i-apr\u00e8s, \u00e0 l'effet de signer dans les conditions \nfix\u00e9es dans les arr\u00eat\u00e9s susvis\u00e9s, dans le cadre de leurs attributions et comp\u00e9tences, les propositions  \nd'engagement, les pi\u00e8ces relatives \u00e0 la constatatio n de la d\u00e9pense et les ordres de payer relatifs aux  \nd\u00e9penses  : \n \n\u2022 M. Guillaume BENNET, chef du d\u00e9partement de modernisation du r\u00e9seau Sud-Ouest ;  \n\u2022 M. R\u00e9gis BOST, adjoint au chef du d\u00e9partement de modernisation du r\u00e9seau Sud-Ouest  ; \n\u2022 M. \u00c9ric VILBE, chef du d\u00e9partement de modernisation du r\u00e9seau Est ;  \n\u2022 Mme Florence DERUMIGNY, adjointe au chef du d\u00e9partement de modernisation du r\u00e9seau Est  ; \n\u2022 M. Antoine CHEVALIER, chef du d\u00e9partement de la modernisation du r\u00e9seau Nord  ; \n\u2022 M. Ludovic MARIA, adjoint au chef du d\u00e9partement de la modernisation du r\u00e9seau Nord  ; \n\u2022 M. Christophe DESNOUAILLES, chef du d\u00e9partement des \u00e9tudes g\u00e9n\u00e9rales et des voies r\u00e9serv\u00e9es.  \n \nL'ordonnancement des d\u00e9penses n\u00e9cessaires aux acquisitions fonci\u00e8res est exclu de la subd\u00e9l\u00e9gation de \nsignature accord\u00e9e aux agents cit\u00e9s dans le pr\u00e9sent point 3 du paragraphe 1. \n \n4.  Subd\u00e9l\u00e9gation de signature est donn\u00e9e, aux personn es d\u00e9sign\u00e9es ci-apr\u00e8s, \u00e0 l'effet de signer dans les  \nconditions fix\u00e9es dans les arr\u00eat\u00e9s susvis\u00e9s, dans l e cadre de leurs attributions et comp\u00e9tences, les \npropositions d'engagement, les pi\u00e8ces relatives \u00e0 l a constatation de la d\u00e9pense et les ordres de payer  \nrelatifs aux d\u00e9penses  : \n \n\u2022 Mme Marie BUISSON, cheffe du bureau programmation, gestion et ordonnancement  ; \n\u2022 Mme La\u00ebtitia PINCHAULT, cheffe du p\u00f4le paiement  ; \n\u2022  \nParagraphe 2 \u2013 Passation et ex\u00e9cution des march\u00e9s publics et accords-cadres \n \n1.  Subd\u00e9l\u00e9gation est donn\u00e9e aux personnes d\u00e9sign\u00e9es ci-apr\u00e8s, dans la limite de leurs attributions et des \nmontants indiqu\u00e9s ci-dessous, \u00e0 l'effet de signer t outes les pi\u00e8ces relatives \u00e0 la passation et l'ex\u00e9c ution \ndes march\u00e9s publics et des accords-cadres  : \n \n \nNOM ET FONCTION \nSuppl\u00e9ant en cas \nd'absence ou \nd'emp\u00eachement \nPassation et ex\u00e9cution \ndes march\u00e9s et accords-cadres \nen montant HT maximum \nR\u00e9my MENSIRE, chef du SMR  Emmanuelle PAGES, \nadjointe au chef du SMR \nTravaux 3  000  000  \u20ac\n \nFournitures, \u00e9tudes et services 750  000  \u20ac \nGuillaume BENNET, chef du \nDMRSO \nR\u00e9gis BOST, adjoint au \nchef du DMRSO \nTravaux 250  000  \u20ac\n \nFournitures, \u00e9tudes et services 143  000  \u20ac \n\u00c9ric VILBE, chef du DMRE Florence DERUMIGNY, \nadjointe au chef du \nDMRE \nTravaux 250  000  \u20ac\n \nFournitures, \u00e9tudes et services 143 000  \u20ac \nAntoine CHEVALIER, chef du Ludovic MARIA, adjoint T ravaux 250  000  \u20ac \nDirection r\u00e9gionale et interd\u00e9partementale de l'environnement, de l'am\u00e9nagement et des transports d'\u00cele-de-France -\nIDF-2025-05-02-00004 - D\u00e9cision DRIEAT-IDF n\u00b0 2025-0394 du 2 mai 2025 portant subd\u00e9l\u00e9gation de signature en mati\u00e8re\nd'ordonnancement secondaire\net de commande publique pour le compte du pr\u00e9fet de la r\u00e9gion d'\u00cele-de-France\n42\n \nDRIEAT \n27-29 rue Leblanc \u2013 CS 57  246 \u2013 75  732 Paris CEDEX 15 \nT\u00e9l : +33 (0)1 40 61 80 80 \nwww.drieat.ile-de-france.developpement-durable.gouv.fr  8 \n \nNOM ET FONCTION \nSuppl\u00e9ant en cas \nd'absence ou \nd'emp\u00eachement \nPassation et ex\u00e9cution \ndes march\u00e9s et accords-cadres \nen montant HT maximum \nDMRNo au chef du DMRNo Fournitures, \u00e9tudes et servi ces 143 000  \u20ac \nChristophe DESNOUAILLES, \nchef du DEGVR \n Travaux 250  000  \u20ac\n \nFournitures, \u00e9tudes et services 143  000  \u20ac \n \nDans l'hypoth\u00e8se o\u00f9 le montant initial du march\u00e9 es t augment\u00e9 (avenant \u00e0 incidences financi\u00e8res), le \nseuil est appr\u00e9ci\u00e9 sur le montant total du march\u00e9 public ou accord-cadre, apr\u00e8s augmentation. \n \nLes seuils susmentionn\u00e9s concernent \u00e9galement la pa ssation et l'ex\u00e9cution des march\u00e9s subs\u00e9quents \n(march\u00e9s initiaux et avenants) aux accords-cadres correspondants. \n \n2.  Subd\u00e9l\u00e9gation est donn\u00e9e \u00e0 M. R\u00e9my MENSIRE et \u00e0 Mm e Emmanuelle PAGES, \u00e0 l'effet de signer dans \nla limite de leurs attributions, pour les march\u00e9s p ublics et accords-cadres dont le montant d\u00e9passe le s \nseuils mentionn\u00e9s au point 1 du pr\u00e9sent paragraphe,  toute pi\u00e8ce relative \u00e0 leur ex\u00e9cution, \u00e0 l'exclusi on \ndes pi\u00e8ces mentionn\u00e9es ci-apr\u00e8s  : \n\u2013 rapport de pr\u00e9sentation  ; \n\u2013 d\u00e9cision d'attribution d'un march\u00e9 et lettre de rejet d'une offre  ; \n\u2013 acte d'engagement  ; \n\u2013 avenant ou acte modificatif  ; \n\u2013 d\u00e9cision d'affermissement de tranche conditionnelle ou optionnelle  ; \n\u2013 d\u00e9cision de reconduction ou non reconduction  ; \n\u2013 d\u00e9cision de r\u00e9siliation  ; \n\u2013 d\u00e9cision d'ajournement. \n \nDans l'hypoth\u00e8se o\u00f9 le montant initial du march\u00e9 es t augment\u00e9 (avenant \u00e0 incidences financi\u00e8res), le \nseuil est appr\u00e9ci\u00e9 sur le montant total du march\u00e9 public ou accord-cadre, apr\u00e8s augmentation. \n \n3.  Subd\u00e9l\u00e9gation de signature est donn\u00e9e aux agents cit\u00e9s au point 1 du pr\u00e9sent paragraphe \u00e0 l'effet de \nsigner, dans le cadre de leurs attributions et comp \u00e9tences, les d\u00e9cisions d'agr\u00e9ments de sous-traitant s, \nles d\u00e9cisions de r\u00e9ception avec ou sans r\u00e9serves, l es d\u00e9comptes g\u00e9n\u00e9raux ainsi que les pi\u00e8ces li\u00e9es, d es \nmarch\u00e9s publics de montants sup\u00e9rieurs aux seuils mentionn\u00e9s au point 1 du pr\u00e9sent paragraphe. \n \n4.  Subd\u00e9l\u00e9gation de signature est donn\u00e9e aux agents cit\u00e9s au point 1 du pr\u00e9sent paragraphe \u00e0 l'effet de \nsigner, dans le cadre de leurs attributions et comp\u00e9tences, les bons de commande d'un montant inf\u00e9rieur \nou \u00e9gal \u00e0 500  000  \u20ac HT pour chaque commande prise pour une op\u00e9ration d'investissement routier dans \nle cadre de march\u00e9s \u00e0 bons de commandes. Dans le ca s o\u00f9 il est sup\u00e9rieur \u00e0 500  000  \u20ac HT, c'est le \nmontant sp\u00e9cifi\u00e9 dans le tableau du point 1 du pr\u00e9sent paragraphe qui s'applique \u00e0 la subd\u00e9l\u00e9gation du \npr\u00e9sent point 3. \n \n5.  Subd\u00e9l\u00e9gation de signature est donn\u00e9e aux personnes figurant ci-apr\u00e8s \u00e0 l'effet de signer, dans le cadre \nde leurs attributions et comp\u00e9tences, pour les op\u00e9rations routi\u00e8res, toute pi\u00e8ce relative \u00e0 la passation et \nl'ex\u00e9cution des march\u00e9s de montant inf\u00e9rieur ou \u00e9ga l \u00e0 25  000  \u20ac HT (seuil \u00e0 appr\u00e9cier sur le montant \ntotal du march\u00e9, en int\u00e9grant le montant des avenan ts \u00e0 incidence financi\u00e8re quand ils existent) et le s \nbons de commande d'un montant inf\u00e9rieur ou \u00e9gal \u00e0 25  000  \u20ac HT pour chaque commande dans le cadre \ndes march\u00e9s \u00e0 bons de commande  : \nDirection r\u00e9gionale et interd\u00e9partementale de l'environnement, de l'am\u00e9nagement et des transports d'\u00cele-de-France -\nIDF-2025-05-02-00004 - D\u00e9cision DRIEAT-IDF n\u00b0 2025-0394 du 2 mai 2025 portant subd\u00e9l\u00e9gation de signature en mati\u00e8re\nd'ordonnancement secondaire\net de commande publique pour le compte du pr\u00e9fet de la r\u00e9gion d'\u00cele-de-France\n43\n \nDRIEAT \n27-29 rue Leblanc \u2013 CS 57  246 \u2013 75  732 Paris CEDEX 15 \nT\u00e9l : +33 (0)1 40 61 80 80 \nwww.drieat.ile-de-france.developpement-durable.gouv.fr  9 \n \n\uf0a7 pour le d\u00e9partement de la modernisation du r\u00e9seau (DMR)  Sud-Ouest :  \n \n\u2022 M. Jean-Marc CITADELLE, responsable d'op\u00e9rations  ; \n\u2022 Mme Ad\u00e8le PINCHARD, responsable d'op\u00e9rations  ; \n\u2022 M. Jean-Fran\u00e7ois GUILLAUMIN, responsable d'op\u00e9rations  ; \n\u2022 M. Yannis CHAPUY, responsable d'op\u00e9rations  ; \n\u2022 Mme Nolwenn SOURIMANT, responsable d'op\u00e9rations. \n \n\uf0a7 pour le d\u00e9partement de modernisation du r\u00e9seau (DMR) Est  : \n \n\u2022 Mme H\u00e9lo\u00efse HAYET, responsable d'op\u00e9rations  ; \n\u2022 Mme Carole VIALA, responsable d'op\u00e9rations  ; \n\u2022 M. Simon BASSET, responsable d'op\u00e9rations ; \n\u2022 Mme Pauline DJAN, responsable d'op\u00e9rations ; \n\u2022 M. Alain CARRER, responsable d'op\u00e9rations ; \n \n\uf0a7 pour le d\u00e9partement de la modernisation du r\u00e9seau (DMR) Nord  : \n \n\u2022 M. Rolin MARQUES, responsable d'op\u00e9rations  ; \n\u2022 Mme Tessa HEITZMANN, responsable d'op\u00e9rations  ; \n\u2022 M. Alexandre POULTIER, responsable d'op\u00e9rations  ; \n\u2022 M. Ga\u00ebl RADIGOIS, responsable d'op\u00e9rations  ; \n\u2022 Mme Cordy BEMBELLY, responsable d'op\u00e9rations. \n \n\uf0a7 pour le d\u00e9partement des \u00e9tudes g\u00e9n\u00e9rales et des voies r\u00e9serv\u00e9es  : \n \n\u2022 M. Yahya NAIT SRIR, responsable d'op\u00e9rations  ; \n\u2022 M. Hugo FOURNEL, responsables d'op\u00e9rations ; \n\u2022 M. Loris AGUENI, responsable d'op\u00e9rations. \n \n\uf0a7 pour le bureau des affaires fonci\u00e8res  : \n \n\u2022 Mme Micheline LEHOUX, cheffe du bureau des affaires fonci\u00e8res  ; \n\u2022 M. Salman BENKHEIRA, adjoint \u00e0 la cheffe du bureau des affaires fonci\u00e8res \n \nARTICLE 4-3 \u2013 LE SERVICE DU TRAFIC ET DES TUNNELS \n \nParagraphe 1 \u2013 Ordonnancement secondaire \n \n1.  La subd\u00e9l\u00e9gation de signature du pr\u00e9sent paragraph e porte sur le programme du minist\u00e8re de la \ntransition \u00e9cologique et de la coh\u00e9sion des territo ires et du minist\u00e8re de la transition \u00e9nerg\u00e9tique  : \n\u00ab Infrastructures et services de transport  \u00bb (n\u00b0 203).  \n \n2.  Subd\u00e9l\u00e9gation de signature est donn\u00e9e, aux personn es d\u00e9sign\u00e9es ci-apr\u00e8s, \u00e0 l'effet de signer, dans le  \ncadre de leurs attributions et comp\u00e9tences et dans les conditions fix\u00e9es dans les arr\u00eat\u00e9s susvis\u00e9s, le s \npropositions d'engagement, les pi\u00e8ces relatives \u00e0 l a constatation de la d\u00e9pense et les ordres de payer  \nrelatifs aux d\u00e9penses  : \n \nDirection r\u00e9gionale et interd\u00e9partementale de l'environnement, de l'am\u00e9nagement et des transports d'\u00cele-de-France -\nIDF-2025-05-02-00004 - D\u00e9cision DRIEAT-IDF n\u00b0 2025-0394 du 2 mai 2025 portant subd\u00e9l\u00e9gation de signature en mati\u00e8re\nd'ordonnancement secondaire\net de commande publique pour le compte du pr\u00e9fet de la r\u00e9gion d'\u00cele-de-France\n44\n \nDRIEAT \n27-29 rue Leblanc \u2013 CS 57  246 \u2013 75  732 Paris CEDEX 15 \nT\u00e9l : +33 (0)1 40 61 80 80 \nwww.drieat.ile-de-france.developpement-durable.gouv.fr  10 \n\u2022 M. Pierre-Baptiste DELPUECH, chef du service du trafic et des tunnels  ; \n\u2022 M. Jonathan COL\u00c9, adjoint au chef du service du trafic et des tunnels  ; \n\u2022 M. Cl\u00e9ment MORIN, chef du d\u00e9partement de l'ing\u00e9nierie et de la modernisation des \u00e9quipements et \ndes tunnels (DIMET)  ; \n\u2022 M. Wahbi YAKOUBI, adjoint au chef du d\u00e9partement de  l'ing\u00e9nierie et de la modernisation des \n\u00e9quipements et des tunnels  ; \n\u2022 Mme S\u00e9verine CARPENTIER, cheffe du d\u00e9partement de l'exploitation du trafic et des tunnels (DETT), \n\u00e0 partir du 1er f\u00e9vrier 2025 ; \n\u2022 M. Olivier NALIN, adjoint au chef du d\u00e9partement de l'exploitation du trafic et des tunnels (DETT)  ; \n\u2022 M. Quentin LABRUE, adjoint au chef du d\u00e9partement de l'exploitation du trafic et des tunnels (DETT). \n \n3.  Subd\u00e9l\u00e9gation de signature est donn\u00e9e, aux personn es d\u00e9sign\u00e9es ci-apr\u00e8s, \u00e0 l'effet de signer, dans le  \ncadre de leurs attributions et comp\u00e9tences, les pro positions d'engagement, les pi\u00e8ces relatives \u00e0 la \nconstatation de la d\u00e9pense et les ordres de payer relatifs aux d\u00e9penses : \n \n\uf06e pour le d\u00e9partement de l'ing\u00e9nierie et de la modernisation des \u00e9quipements et des tunnels  : \n \n\u2022 M. Alain BARNABAS, chef de projet  ; \n\u2022 M. Marc-Michel MERRIN, chef de projet  ; \n\u2022 M. Serge ANGELERGUES, chef de projet, \n\u2022 M. Ghislain Tshiamuanda KANIKI, responsable d'op\u00e9rations, \n\u2022 M. Matthieu KURZENNE, responsable d'op\u00e9rations, \n\u2022 M. Martin HAMME, responsable d'op\u00e9rations  ; \n\u2022 M. Alexandre BARAGNON, responsable d'op\u00e9rations  ;  \n\u2022 M. Iyed TRABELSI, responsable d'op\u00e9rations ; \n\u2022 M. Enzo GOZOLLI, responsable d'op\u00e9rations. \n \n\uf06e pour le d\u00e9partement de l'exploitation du trafic et des tunnels  : \n \n\u2022 M. Alexandre ROSSI, responsable de l'unit\u00e9 observatoire et ing\u00e9nierie du trafic, et son adjoint M. Marc \nRIVIERE ; \n\u2022 M. Nicolas BERNARD, chef du l'unit\u00e9 coordination du  trafic et information routi\u00e8re, et ses adjoints, \nM. Marc KOENIG, et M. David THOMACHOT  ; \n\u2022 M. Arnaud IFFLY, chef de l'unit\u00e9 politique de maintenance et de modernisation et son adjointe, Mme \nJeanne BATA  ; \n\u2022 M. Antoine PERRAIS, chef de l'unit\u00e9 informatique et r\u00e9seaux centraux. \n\u2022 M. David QUINTANS, adjoint au chef de l'unit\u00e9 informatique et r\u00e9seaux centraux  ; \n\u2022 M. Hassan BELKACEM, chef du poste de contr\u00f4le trafi c et tunnels (PCTT) Nord et son adjoint M. \nPhilippe THULLIER, en charge de l'exploitation ; \n\u2022 Mme Aude COVIN, cheffe du poste de contr\u00f4le trafic et tunnels (PCTT) Ouest  ;  \n\u2022 M. Jean-Bernard GAUQUELIN, adjoint \u00e0 la cheffe du poste de contr\u00f4le trafic et tunnels, en charge de \nl'exploitation  ; \n\u2022 M. C\u00e9dric LALLEMANT, adjoint \u00e0 la cheffe du poste d e contr\u00f4le trafic et tunnels, en charge de la \nmaintenance  ; \n\u2022 M. Fr\u00e9d\u00e9ric MILICEVIC, charg\u00e9 de p\u00f4le de maintenance de Nanterre  ; \n\u2022 Mme Samantha MIOTTI, charg\u00e9 de p\u00f4le de maintenance de Boulogne  ; \n\u2022 Mme Morgane ALATORRE, cheffe du poste de contr\u00f4le de trafic et tunnels (PCTT) Sud, et ses adjoints, \nM. Robert TOUATI, en charge de l'exploitation, et M. Julien PROUST, en charge de la maintenance  ; \nDirection r\u00e9gionale et interd\u00e9partementale de l'environnement, de l'am\u00e9nagement et des transports d'\u00cele-de-France -\nIDF-2025-05-02-00004 - D\u00e9cision DRIEAT-IDF n\u00b0 2025-0394 du 2 mai 2025 portant subd\u00e9l\u00e9gation de signature en mati\u00e8re\nd'ordonnancement secondaire\net de commande publique pour le compte du pr\u00e9fet de la r\u00e9gion d'\u00cele-de-France\n45\n \nDRIEAT \n27-29 rue Leblanc \u2013 CS 57  246 \u2013 75  732 Paris CEDEX 15 \nT\u00e9l : +33 (0)1 40 61 80 80 \nwww.drieat.ile-de-france.developpement-durable.gouv.fr  11 \n\u2022 M. J\u00e9r\u00f4me RODRIGUEZ, responsable du poste de contr\u00f4le trafic et tunnels (PCTT) Est, et ses adjoints, \nM.  Laurent MOUSSEUX, en charge de l'exploitation, et M .  Jean-Pierre SULLY, en charge de la \nmaintenance. \n \nParagraphe 2 \u2013 Passation et ex\u00e9cution des march\u00e9s publics et accords-cadres \n \n1.  Subd\u00e9l\u00e9gation de signature est consentie aux perso nnes d\u00e9sign\u00e9es ci-apr\u00e8s, dans la limite de leurs \nattributions et des montants indiqu\u00e9s ci- dessous, pour signer toutes les pi\u00e8ces relatives \u00e0 la passation et \nl'ex\u00e9cution des march\u00e9s publics et des accords-cadres  : \n \n \nNOM ET FONCTION  \nSuppl\u00e9ant en cas \nd'absence ou \nd'emp\u00eachement  \nPassation et ex\u00e9cution des march\u00e9s et accords-\ncadres en montant HT maximum  \nPierre-Baptiste \nDELPUECH, chef du \nSTT \nJonathan COL\u00c9, adjoint \nau chef du STT \nTravaux 3  000  000  \u20ac\n \nFournitures, \u00e9tudes et \nservices \n250  000  \u20ac\n \nCl\u00e9ment MORIN, chef \ndu DIMET \nWahbi YAKOUBI, \nadjoint au chef du \nDIMET \nTravaux 250  000  \u20ac\n \nFournitures, \u00e9tudes et \nservices \n143  000  \u20ac\n \n \nS\u00e9verine CARPENTIER, \ncheffe du DETT \nOlivier NALIN, adjoint \nau chef du DETT \nQuentin LABRUE, \nadjoint au chef du \nDETT \nTravaux 250  000  \u20ac\n \nFournitures, \u00e9tudes et \nservices \n143  000  \u20ac\n \n \n \nDans l'hypoth\u00e8se o\u00f9 le montant initial du march\u00e9 es t augment\u00e9 (avenant \u00e0 incidences financi\u00e8res), le \nseuil est appr\u00e9ci\u00e9 sur le montant total du march\u00e9 public ou accord-cadre, apr\u00e8s augmentation. \n \n2.  Subd\u00e9l\u00e9gation de signature est donn\u00e9e \u00e0 M. Pierre-Baptiste DELPUECH et M. Jonathan COLE, \u00e0 l'effet \nde signer, dans la limite de ses attributions, pour les march\u00e9s publics et accords-cadres dont le montant \nd\u00e9passe les seuils mentionn\u00e9s au point 1 du pr\u00e9sent paragraphe, toute pi\u00e8ce relative \u00e0 leur ex\u00e9cution, \u00e0 \nl'exclusion des pi\u00e8ces mentionn\u00e9es ci-apr\u00e8s  : \n\u2013 rapport de pr\u00e9sentation  ; \n\u2013 d\u00e9cision d'attribution d'un march\u00e9 et lettre de rejet d'une offre  ; \n\u2013 acte d'engagement  ; \n\u2013 avenant ou acte modificatif  ; \n\u2013 d\u00e9cision d'affermissement de tranche conditionnelle ou optionnelle  ; \n\u2013 d\u00e9cision de reconduction ou non reconduction  ; \n\u2013 d\u00e9cision de r\u00e9siliation  ; \n\u2013 d\u00e9cision d'ajournement. \n \nDans l'hypoth\u00e8se o\u00f9 le montant initial du march\u00e9 es t augment\u00e9 (avenant \u00e0 incidences financi\u00e8res), le \nseuil est appr\u00e9ci\u00e9 sur le montant total du march\u00e9 public ou accord-cadre, apr\u00e8s augmentation. \n \n3.  Subd\u00e9l\u00e9gation de signature est donn\u00e9e aux agents cit\u00e9s au point 1 du pr\u00e9sent paragraphe \u00e0 l'effet de \nsigner, dans le cadre de leurs attributions et comp \u00e9tences, les ordres de services sans incidence \nfinanci\u00e8re, les d\u00e9cisions d'agr\u00e9ments de sous-traitants, les d\u00e9cisions de r\u00e9ception avec ou sans r\u00e9serves, \nles d\u00e9comptes g\u00e9n\u00e9raux ainsi que les pi\u00e8ces li\u00e9es, des march\u00e9s publics et accords-cadres de montants \nsup\u00e9rieurs aux seuils mentionn\u00e9s ci-dessus. \nDirection r\u00e9gionale et interd\u00e9partementale de l'environnement, de l'am\u00e9nagement et des transports d'\u00cele-de-France -\nIDF-2025-05-02-00004 - D\u00e9cision DRIEAT-IDF n\u00b0 2025-0394 du 2 mai 2025 portant subd\u00e9l\u00e9gation de signature en mati\u00e8re\nd'ordonnancement secondaire\net de commande publique pour le compte du pr\u00e9fet de la r\u00e9gion d'\u00cele-de-France\n46\n \nDRIEAT \n27-29 rue Leblanc \u2013 CS 57  246 \u2013 75  732 Paris CEDEX 15 \nT\u00e9l : +33 (0)1 40 61 80 80 \nwww.drieat.ile-de-france.developpement-durable.gouv.fr  12 \n \n4.  Subd\u00e9l\u00e9gation de signature est donn\u00e9e aux agents cit\u00e9s au point 1 du pr\u00e9sent paragraphe \u00e0 l'effet de \nsigner, dans le cadre de leurs attributions et comp\u00e9tences, les commandes, dans la limite d'un montant \npour chaque commande de  : \n\uf0d8 1 000  000  \u20ac HT pour une commande prise dans le cadre de march\u00e9s  \u00e0 bon de commande pour des \ntravaux  ; \n\uf0d8 250  000  \u20ac HT pour une commande prise dans le cadre de march \u00e9s \u00e0 bon de commande pour des \nfournitures, des \u00e9tudes ou des services. \n \n5.  Subd\u00e9l\u00e9gation de signature est donn\u00e9e aux personnes figurant ci-apr\u00e8s \u00e0 l'effet de signer, dans le cadre \nde leurs attributions et comp\u00e9tences, pour les op\u00e9rations routi\u00e8res, toute pi\u00e8ce relative \u00e0 la passation et \nl'ex\u00e9cution des march\u00e9s de montant inf\u00e9rieur ou \u00e9ga l \u00e0 25  000  \u20ac HT (seuil \u00e0 appr\u00e9cier sur le montant \ntotal du march\u00e9, en int\u00e9grant le montant des avenan ts \u00e0 incidence financi\u00e8re quand ils existent) et le s \nbons de commande d'un montant inf\u00e9rieur ou \u00e9gal \u00e0 25  000  \u20ac HT pour chaque commande dans le cadre \ndes march\u00e9s \u00e0 bons de commande  : \n \n\uf0a7 pour le d\u00e9partement de l'ing\u00e9nierie de la modernisation des \u00e9quipements et des tunnels : \n \n\u2022 M. Ghislain Tshiamuanda KANIKI, responsable d'op\u00e9rations  ; \n\u2022 M. Matthieu KURZENNE, responsable d'op\u00e9rations  ; \n\u2022 M. Serge ANGELERGUES, chef de projet  ; \n\u2022 M. Alain BARNABAS, chef de projet  ; \n\u2022 M. Marc-Michel MERRIN, chef de projet  ; \n\u2022 M. Martin HAMME, responsable d'op\u00e9rations  ; \n\u2022 M. Alexandre BARAGNON, responsable d'op\u00e9rations  ;  \n\u2022 M. Iyed TRABELSI, responsable d'op\u00e9rations  ; \n\u2022 M. ENZO GOZZOLI, responsable d'op\u00e9rations. \n \n6.  Subd\u00e9l\u00e9gation de signature est donn\u00e9e aux agents d \u00e9sign\u00e9s ci-apr\u00e8s \u00e0 l'effet de signer, dans le cadre \nde leurs attributions et comp\u00e9tences, toute pi\u00e8ce r elative \u00e0 la passation et \u00e0 l'ex\u00e9cution des march\u00e9s  \nd'un montant inf\u00e9rieur ou \u00e9gal \u00e0 25  000  \u20ac HT (seuil \u00e0 appr\u00e9cier sur le montant total du march \u00e9, en \nint\u00e9grant le montant des avenants \u00e0 incidence financi\u00e8re quand ils existent), les bons de commande d'un \nmontant inf\u00e9rieur ou \u00e9gal \u00e0 50  000  \u20ac HT pour chaque commande dans le cadre des march\u00e9s d e \nfournitures, d'\u00e9tudes ou de services \u00e0 bons de comm andes, et les bons de commande d'un montant \ninf\u00e9rieur ou \u00e9gal \u00e0 100  000  \u20ac HT pour chaque commande dans le cadre des march\u00e9s d e travaux \u00e0 bons \nde commandes  : \n \n\uf0a7 pour le d\u00e9partement de l'exploitation du trafic et des tunnels  : \n \n\u2022 M. Alexandre ROSSI, responsable de l'unit\u00e9 observatoire et ing\u00e9nierie du trafic, et son adjoint M. Marc \nRIVIERE ; \n\u2022 M. Nicolas BERNARD, chef de l'unit\u00e9 coordination du  trafic et information routi\u00e8re, et ses adjoints, \nM. Marc KOENIG, et M. David THOMACHOT  ; \n\u2022 M. Arnaud IFFLY, chef de l'unit\u00e9 politique de maint enance et modernisation et son adjointe Mme \nJeanne BATA  ; \n\u2022 M. Antoine PERRAIS, chef de l'unit\u00e9 information et r\u00e9seaux centraux  ; \n\u2022 M. David QUINTANS, adjoint \u00e0 la cheffe de l'unit\u00e9 informatique et r\u00e9seaux centraux  ; \n\u2022 M. Hassan BELKACEM, chef du poste de contr\u00f4le trafic et tunnels (PCTT) Nord  ;  \nDirection r\u00e9gionale et interd\u00e9partementale de l'environnement, de l'am\u00e9nagement et des transports d'\u00cele-de-France -\nIDF-2025-05-02-00004 - D\u00e9cision DRIEAT-IDF n\u00b0 2025-0394 du 2 mai 2025 portant subd\u00e9l\u00e9gation de signature en mati\u00e8re\nd'ordonnancement secondaire\net de commande publique pour le compte du pr\u00e9fet de la r\u00e9gion d'\u00cele-de-France\n47\n \nDRIEAT \n27-29 rue Leblanc \u2013 CS 57  246 \u2013 75  732 Paris CEDEX 15 \nT\u00e9l : +33 (0)1 40 61 80 80 \nwww.drieat.ile-de-france.developpement-durable.gouv.fr  13 \n\u2022 M. Philippe THULLIER, adjoint au chef du poste de c ontr\u00f4le trafic et tunnels, en charge de \nl'exploitation ; \n\u2022 Mme Aude COVIN, cheffe du poste de contr\u00f4le trafic et tunnels (PCTT) Ouest  ; \n\u2022 M. Jean-Bernard GAUQUELIN, adjoint \u00e0 la cheffe du poste de contr\u00f4le trafic et tunnels, en charge de \nl'exploitation  ;  \n\u2022 M. C\u00e9dric LALLEMANT, adjoint \u00e0 la cheffe du poste d e contr\u00f4le trafic et tunnels, en charge de la \nmaintenance  ; \n\u2022 Mme Morgane ALATORRE, chef du poste de contr\u00f4le de trafic et tunnels (PCTT) Sud, et ses adjoints, \nM. Robert TOUATI, en charge de l'exploitation, et M. Julien PROUST, en charge de la maintenance  ; \n\u2022 M. J\u00e9r\u00f4me RODRIGUEZ, chef du poste de contr\u00f4le traf ic et tunnels (PCTT) Est, et ses adjoints, \nM.  Laurent MOUSSEUX, en charge de l'exploitation, et M .  Jean-Pierre SULLY, en charge de la \nmaintenance. \n \nARTICLE 4-4 \u2013 LE SERVICE DE LA GESTION PATRIMONIALE DU R\u00c9SEAU \n \nParagraphe 1 \u2013 Ordonnancement secondaire \n \n1. La subd\u00e9l\u00e9gation de signature du pr\u00e9sent paragraphe  porte sur les programmes du minist\u00e8re de la \ntransition \u00e9cologique et de la coh\u00e9sion des territo ires et du minist\u00e8re de la transition \u00e9nerg\u00e9tique  : \n\u00ab Infrastructures et services de transport  \u00bb (n\u00b0 203). \n \n2.  Subd\u00e9l\u00e9gation de signature est donn\u00e9e \u00e0 l'effet de  signer, dans le cadre de leurs attributions et \ncomp\u00e9tences et dans les conditions fix\u00e9es dans les arr\u00eat\u00e9s susvis\u00e9s, toute pi\u00e8ce relative \u00e0 l'exercice de la \ncomp\u00e9tence d'ordonnateur secondaire, tant pour les d\u00e9penses que pour les recettes \u00e0  :  \n \n\u2022 M. David JUIN, chef du service de la gestion patrimoniale du r\u00e9seau  ;  \n\u2022 M. Claude STREITH, adjoint au chef du service de la gestion patrimoniale du r\u00e9seau. \n \n3.  Subd\u00e9l\u00e9gation de signature est donn\u00e9e, aux personn es d\u00e9sign\u00e9es ci-apr\u00e8s, \u00e0 l'effet de signer dans les  \nconditions fix\u00e9es dans les arr\u00eat\u00e9s susvis\u00e9s, dans l e cadre de leurs attributions et comp\u00e9tences, les \npropositions d'engagement, les pi\u00e8ces relatives \u00e0 l a constatation de la d\u00e9pense et les ordres de payer  \nrelatifs aux d\u00e9penses  : \n\u2022 M. Sylvain G\u00c9RARD, chef du d\u00e9partement des techniques de la route ;  \n\u2022 Mme Dalia AIT ALI, adjointe au chef du d\u00e9partement des techniques de la route \u00e0 compter du 1 \ner  juin \n2025 ; \n\u2022 Mme Mich\u00e8le MARLIERE, cheffe du d\u00e9partement politiq ue et programmation routi\u00e8res, et son \nadjointe Mme Laura SAPATEIRO  ; \n\u2022 M. Guillaume DAMIEN, responsable du d\u00e9partement ouv rages d'art, et ses adjoints, M. Victor \nMARTINET et M. Fernando DIAS. \n \n4. Subd\u00e9l\u00e9gation de signature est donn\u00e9e aux personn es d\u00e9sign\u00e9es ci-apr\u00e8s, \u00e0 l'effet de signer dans les  \nconditions fix\u00e9es dans les arr\u00eat\u00e9s susvis\u00e9s, dans l e cadre de leurs attributions et comp\u00e9tences, les \npropositions d'engagement, les pi\u00e8ces relatives \u00e0 l a constatation de la d\u00e9pense et les ordres de payer  \nrelatifs aux d\u00e9penses  : \n \n\uf0a7 pour le d\u00e9partement des techniques de la route  : \n \n\u2022 M. Dominique LE DUFF, responsable de l'unit\u00e9 \u00e9quipements  ; \n\u2022 M. Patrick VINCENT, adjoint au chef de l'unit\u00e9 Eau Environnement ; \nDirection r\u00e9gionale et interd\u00e9partementale de l'environnement, de l'am\u00e9nagement et des transports d'\u00cele-de-France -\nIDF-2025-05-02-00004 - D\u00e9cision DRIEAT-IDF n\u00b0 2025-0394 du 2 mai 2025 portant subd\u00e9l\u00e9gation de signature en mati\u00e8re\nd'ordonnancement secondaire\net de commande publique pour le compte du pr\u00e9fet de la r\u00e9gion d'\u00cele-de-France\n48\n \nDRIEAT \n27-29 rue Leblanc \u2013 CS 57  246 \u2013 75  732 Paris CEDEX 15 \nT\u00e9l : +33 (0)1 40 61 80 80 \nwww.drieat.ile-de-france.developpement-durable.gouv.fr  14 \n\u2022 M. Jean-No\u00ebl IVRY, adjoint au chef de l'unit\u00e9 Chauss\u00e9e Terrassement ; \n\u2022 M. Laurent PROVOST, adjoint au chef de l'unit\u00e9 Am\u00e9nagements routiers ; \n\u2022 Mme \u00c9lise CHAMPAIGNOLLE, cheffe de la mission D\u00e9veloppement Durable et D\u00e9pendances Vertes ; \n \n\uf0a7 pour le d\u00e9partement de la politique et programmation routi\u00e8res  : \n \n\u2022 M. Valentin PRATESI, cheffe de l'unit\u00e9 g\u00e9omatique du patrimoine routier  ; \n\u2022 Mme Vanessa FERREZ, cheffe de l'unit\u00e9 gestion budg\u00e9 taire et administrative, et son ajointe Mme \nGwena\u00eblle COSMAO  ; \n\u2022 M. Xavier POTIER, chef de l'unit\u00e9 programmation, politiques technique et qualit\u00e9 ; \n\u2022 Mme Sophie MOZIER, adjointe au chef de l'unit\u00e9 programmation, politiques technique et qualit\u00e9 ; \n\u2022 M. Abdellah BENADJEMIA, chef de l'unit\u00e9 S\u00e9curit\u00e9 de  l'infrastructure et son adjoint, M. Patrice \nLEVEQUE. \n \n\uf0a7 pour le d\u00e9partement ouvrages d'art  : \n \n\u2022 M. Fernando DIAS, chef de l'unit\u00e9 technique des ouvrages d'art ;  \n\u2022 M. Victor MARTINET, chef de l'unit\u00e9 gestion centralis\u00e9e ouvrages d'art ;  \n\u2022 M. St\u00e9phane BIANCOTTO, adjoint au chef de l'unit\u00e9 g estion centralis\u00e9e d'ouvrages d'art \u00e0 compter \ndu 1 \ner  juin 2025  ; \n\u2022 M. Lionel BARASCUD, chef du p\u00f4le Sud-Ouest de l'unit\u00e9 gestion centralis\u00e9e ouvrages d'art ; \n\u2022 M. Olivier SIGAULT, adjoint au chef du p\u00f4le Sud-Ouest de l'unit\u00e9 gestion centralis\u00e9e ouvrages d'art ; \n\u2022 Mme Marie BUSSAC, cheffe du p\u00f4le Nord-Est de l'unit\u00e9 de gestion centralis\u00e9e ouvrages d'art. \n \nParagraphe 2 \u2013 Passation et ex\u00e9cution des march\u00e9s publics et accords-cadres \n \n1.  Subd\u00e9l\u00e9gation de signature est consentie aux personnes d\u00e9sign\u00e9es ci-apr\u00e8s, dans la limite de leurs \nattributions et des montants indiqu\u00e9s ci-dessous, p our signer toutes les pi\u00e8ces relatives \u00e0 la \npassation et \u00e0 l'ex\u00e9cution des march\u00e9s publics et accords-cadres : \n \n \nNOM ET FONCTION Suppl\u00e9ant en cas d'absence \nou d'emp\u00eachement \nPassation et ex\u00e9cution des march\u00e9s et \naccords-cadres en montant HT maximum \nM. David JUIN, chef du \nSGPR  \nClaude STREITH adjoint au \nchef \nTravaux 3  000  000  \u20ac\n \nFournitures, \u00e9tudes et services 250  000  \u20ac \nSylvain G\u00c9RARD, chef \ndu DTR \nDalia AIT ALI, adjointe au \nchef \u00e0 compter du 1 er  juin \nTravaux 250  000  \u20ac \nFournitures, \u00e9tudes et services 143  000  \u20ac \nMich\u00e8le MARLIERE, \ncheffe du DPPR \nLaura SAPATEIRO, adjoint \u00e0 \nla cheffe du DPPR \nTravaux 250  000  \u20ac \nFournitures, \u00e9tudes et services 143  000  \u20ac \nGuillaume DAMIEN, \nresponsable du DOA \nVictor MARTINET et \nFernando DIAS, adjoints au \nresponsable \nTravaux 250  000  \u20ac\n \nFournitures, \u00e9tudes et services 143  000  \u20ac \nDirection r\u00e9gionale et interd\u00e9partementale de l'environnement, de l'am\u00e9nagement et des transports d'\u00cele-de-France -\nIDF-2025-05-02-00004 - D\u00e9cision DRIEAT-IDF n\u00b0 2025-0394 du 2 mai 2025 portant subd\u00e9l\u00e9gation de signature en mati\u00e8re\nd'ordonnancement secondaire\net de commande publique pour le compte du pr\u00e9fet de la r\u00e9gion d'\u00cele-de-France\n49\n \nDRIEAT \n27-29 rue Leblanc \u2013 CS 57  246 \u2013 75  732 Paris CEDEX 15 \nT\u00e9l : +33 (0)1 40 61 80 80 \nwww.drieat.ile-de-france.developpement-durable.gouv.fr  15 \n \nDans l'hypoth\u00e8se o\u00f9 le montant initial du march\u00e9 es t augment\u00e9 (avenant \u00e0 incidences financi\u00e8res), le \nseuil est appr\u00e9ci\u00e9 sur le montant total du march\u00e9 public ou accord-cadre, apr\u00e8s augmentation. \n \n2.  Subd\u00e9l\u00e9gation de signature est donn\u00e9e \u00e0 M. David J UIN et \u00e0 M. Claude STREITH \u00e0 l'effet de signer, \ndans la limite de leurs attributions, pour les march\u00e9s publics et accords-cadres dont le montant d\u00e9passe \nles seuils mentionn\u00e9s au point 1 du pr\u00e9sent paragraphe, toute pi\u00e8ce relative \u00e0 leur ex\u00e9cution, \u00e0 l'exclusion \ndes pi\u00e8ces mentionn\u00e9es ci-apr\u00e8s  : \n\uf0d8 rapport de pr\u00e9sentation  ; \n\uf0d8 d\u00e9cision d'attribution d'un march\u00e9 et lettre de rejet d'une offre  ; \n\uf0d8 acte d'engagement  ; \n\uf0d8 avenant ou acte modificatif  ; \n\uf0d8 d\u00e9cision d'affermissement de tranche conditionnelle ou optionnelle  ; \n\uf0d8 d\u00e9cision de reconduction ou non reconduction  ; \n\uf0d8 d\u00e9cision de r\u00e9siliation  ; \n\uf0d8 d\u00e9cision d'ajournement. \n \nDans l'hypoth\u00e8se o\u00f9 le montant initial du march\u00e9 est augment\u00e9 (avenant ou acte modificatif \u00e0 incidences \nfinanci\u00e8res), le seuil est appr\u00e9ci\u00e9 sur le montant total du march\u00e9 public ou accord-cadre, apr\u00e8s \naugmentation. \n \n3. Subd\u00e9l\u00e9gation de signature est donn\u00e9e aux agents cit\u00e9s au point 1 du pr\u00e9sent paragraphe \u00e0 l'effet de \nsigner, dans le cadre de leurs attributions et comp \u00e9tences, les d\u00e9cisions d'agr\u00e9ments de sous-traitant s, \nles d\u00e9cisions de r\u00e9ception avec ou sans r\u00e9serves, l es d\u00e9comptes g\u00e9n\u00e9raux ainsi que les pi\u00e8ces li\u00e9es, d es \nmarch\u00e9s publics de montants sup\u00e9rieurs aux seuils mentionn\u00e9s au point 1 du pr\u00e9sent paragraphe. \n \n4.  Subd\u00e9l\u00e9gation de signature est donn\u00e9e aux agents cit\u00e9s au point 1 du pr\u00e9sent paragraphe, \u00e0 l'effet de \nsigner, dans le cadre de leurs attributions et comp\u00e9tences, les commandes, dans la limite d'un montant \npour chaque commande de  : \n\uf0d8 1 000  000  \u20ac HT pour une commande prise dans le cadre de march\u00e9s \u00e0 bons de commandes pour des \ntravaux  ; \n\uf0d8 250  000  \u20ac HT, pour une commande prise dans le cadre de march\u00e9 s \u00e0 bons de commandes pour des \nfournitures, des \u00e9tudes ou des services. \n \n5.  Subd\u00e9l\u00e9gation de signature est donn\u00e9e aux agents d \u00e9sign\u00e9s ci-apr\u00e8s \u00e0 l'effet de signer, dans le cadre \nde leurs attributions et comp\u00e9tences, toute pi\u00e8ce r elative \u00e0 la passation et \u00e0 l'ex\u00e9cution des march\u00e9s  \nd'un montant inf\u00e9rieur ou \u00e9gal \u00e0 25  000  \u20ac HT (seuil \u00e0 appr\u00e9cier sur le montant total du march \u00e9, en \nint\u00e9grant le montant des avenants \u00e0 incidence financi\u00e8re quand ils existent), les bons de commande d'un \nmontant inf\u00e9rieur ou \u00e9gal \u00e0 50  000  \u20ac HT pour chaque commande dans le cadre des march\u00e9s d e \nfournitures, d'\u00e9tudes ou de services \u00e0 bons de comm andes, et les bons de commande d'un montant \ninf\u00e9rieur ou \u00e9gal \u00e0 100  000  \u20ac HT pour chaque commande dans le cadre des march\u00e9s d e travaux \u00e0 bons \nde commandes  : \n \n\uf0a7 pour le d\u00e9partement des techniques de la route  : \n \n\u2022 M. Dominique LE DUFF, chef de l'unit\u00e9 \u00e9quipements ; \n\u2022 M. Patrick VINCENT, adjoint au chef de l'unit\u00e9 Eau Environnement ; \n\u2022 M. Jean-No\u00ebl IVRY, adjoint au chef de l'unit\u00e9 Chauss\u00e9e Terrassement ; \n\u2022 M. Laurent PROVOST, adjoint au chef de l'unit\u00e9 Am\u00e9nagements routiers ;  \nDirection r\u00e9gionale et interd\u00e9partementale de l'environnement, de l'am\u00e9nagement et des transports d'\u00cele-de-France -\nIDF-2025-05-02-00004 - D\u00e9cision DRIEAT-IDF n\u00b0 2025-0394 du 2 mai 2025 portant subd\u00e9l\u00e9gation de signature en mati\u00e8re\nd'ordonnancement secondaire\net de commande publique pour le compte du pr\u00e9fet de la r\u00e9gion d'\u00cele-de-France\n50\n \nDRIEAT \n27-29 rue Leblanc \u2013 CS 57  246 \u2013 75  732 Paris CEDEX 15 \nT\u00e9l : +33 (0)1 40 61 80 80 \nwww.drieat.ile-de-france.developpement-durable.gouv.fr  16 \n\u2022 Mme \u00c9lise CHAMPAIGNOLLE, cheffe de la mission D\u00e9veloppement Durable et D\u00e9pendances Vertes. \n \n\uf0a7 pour le d\u00e9partement politique et programmation routi\u00e8res  : \n \n\u2022 M. Valentin PRATESI, cheffe de l'unit\u00e9 g\u00e9omatique du patrimoine routier  ; \n\u2022 Mme Vanessa FERREZ, cheffe de l'unit\u00e9 gestion budg\u00e9 taire et administrative, et son adjointe Mme \nGwena\u00eblle COSMAO  ; \n\u2022 M. Xavier POTIER, chef de l'unit\u00e9 programmation, politiques technique et qualit\u00e9 ; \n\u2022 Mme Sophie MOZER, adjointe au chef de l'unit\u00e9 programmation, politiques technique et qualit\u00e9 ; \n\u2022 M. Abdellah BENDJEMIA, chef de l'unit\u00e9 Connaissance du patrimoine routier ; \n\u2022 Mme Laura SAPATEIRO, cheffe de l'unit\u00e9 S\u00e9curit\u00e9 de l'infrastructure et son adjoint, M. Patrice \nLEVEQUE. \n \n\uf0a7 pour le d\u00e9partement ouvrages d'art  : \n \n\u2022 M. Fernando DIAS, chef de l'unit\u00e9 technique des ouvrages d'art ; \n\u2022 M. Victor MARTINET, chef de l'unit\u00e9 gestion centralis\u00e9e ouvrages d'art  ; \n\u2022 M. St\u00e9phane BIANCOTTO, adjoint au chef de l'unit\u00e9 gestion centralis\u00e9e ouvrages d'art \u00e0 compter du \n1\ner  juin ; \n\u2022 M. Lionel BARASCUD, chef du p\u00f4le Sud-Ouest de l'unit\u00e9 gestion centralis\u00e9e ouvrages d'art ; \n\u2022 M. Olivier SIGAULT, adjoint au chef du p\u00f4le Sud-Ouest de l'unit\u00e9 gestion centralis\u00e9e ouvrages d'art  ; \n\u2022 Mme Marie BUSSAC, cheffe du P\u00f4le Nord-Est de l'unit\u00e9 gestion centralis\u00e9e ouvrages d'art. \n \nARTICLE 4-5 \u2013 LES ARRONDISSEMENTS DE GESTION ET D'EXPLOITATION DE LA ROUTE \n \nParagraphe 1 \u2013 Ordonnancement secondaire \n \n1.  La subd\u00e9l\u00e9gation de signature du pr\u00e9sent paragraphe porte sur  : \n \na. Le programme du minist\u00e8re de la transition \u00e9cologique et de la coh\u00e9sion des territoires et du minist\u00e8re \nde la transition \u00e9nerg\u00e9tique  : \u00ab Infrastructures et services de transport  \u00bb (n\u00b0 203)  ; \n \nb. Le programme du minist\u00e8re de l'int\u00e9rieur \u00ab S\u00e9curit\u00e9 et \u00e9ducation routi\u00e8res  \u00bb (n\u00b0 207). \n \n2.  Subd\u00e9l\u00e9gation de signature est donn\u00e9e aux personne s d\u00e9sign\u00e9es ci-apr\u00e8s, \u00e0 l'effet de signer dans les \nconditions fix\u00e9es dans les arr\u00eat\u00e9s susvis\u00e9s, dans l e cadre de leurs attributions et comp\u00e9tences, toute  \npi\u00e8ce relative \u00e0 l'exercice de la comp\u00e9tence d'ordonnateur secondaire, tant pour les d\u00e9penses que pour \nles recettes : \n \n\u2022 M. Fr\u00e9d\u00e9ric ESNAULT, chef de l'arrondissement de gestion et d'exploitation de la route (AGER) Est et \nson adjoint M. Anthony MITRANO  ; \n\u2022 M. Bastien SALESSE, chef de l'arrondissement de gestion et d'exploitation de la route (AGER) Sud ; \n\u2022 M. Moustapha SAVANE, adjoint au chef de l'arrondiss ement de gestion et d'exploitation de la route \n(AGER) Sud ; \n\u2022 M. Michel PERREL, responsable de l'arrondissement d e gestion et d'exploitation de la route (AGER) \nOuest, et son adjointe Mme Julie COHEN-SOLAL ; \n\u2022 M. Olivier ROUQUETTE, chef de l'arrondissement de g estion et d'exploitation de la route (AGER) \nNord ;  \nDirection r\u00e9gionale et interd\u00e9partementale de l'environnement, de l'am\u00e9nagement et des transports d'\u00cele-de-France -\nIDF-2025-05-02-00004 - D\u00e9cision DRIEAT-IDF n\u00b0 2025-0394 du 2 mai 2025 portant subd\u00e9l\u00e9gation de signature en mati\u00e8re\nd'ordonnancement secondaire\net de commande publique pour le compte du pr\u00e9fet de la r\u00e9gion d'\u00cele-de-France\n51\n \nDRIEAT \n27-29 rue Leblanc \u2013 CS 57  246 \u2013 75  732 Paris CEDEX 15 \nT\u00e9l : +33 (0)1 40 61 80 80 \nwww.drieat.ile-de-france.developpement-durable.gouv.fr  17 \n\u2022 Mme Elsa ALEXANDRE, adjointe au chef de l'arrondissement de gestion et d'exploitation de la route \n(AGER) Nord ; \n \n3.  Subd\u00e9l\u00e9gation de signature est donn\u00e9e aux personne s d\u00e9sign\u00e9es ci-apr\u00e8s, \u00e0 l'effet de signer dans les \nconditions fix\u00e9es dans les arr\u00eat\u00e9s susvis\u00e9s, dans l e cadre de leurs attributions et comp\u00e9tences, les \npropositions d'engagement, les pi\u00e8ces relatives \u00e0 l a constatation de la d\u00e9pense et les ordres de payer  \nrelatifs aux d\u00e9penses  : \n \n\uf0a7 pour l'arrondissement de gestion et d'exploitation de la route Est  : \n \n\u2022 M. Claude GRUMELART, responsable du bureau de gestion administrative et de la route (BGAR)  ; \n\u2022 M. \u00c9ric SIMON, responsable de la gestion budg\u00e9taire et de la comptabilit\u00e9  ; \n\u2022 Mme Val\u00e9rie DITTE, responsable de l'unit\u00e9 d'exploit ation de la route de Brie-Comte-Robert, et son \nadjoint, M. Patrice DEGLA  ; \n\u2022 M. Ludovic CADET, chef de l'unit\u00e9 d'exploitation de la route de Champigny ; \n\u2022 M. Florent GRANDJEAN, adjoint au chef de l'unit\u00e9 d'exploitation de la route de Champigny ; \n\u2022 M. Pascal BEAUFILS, responsable de la cellule gestion des mat\u00e9riels et engins  ; \n \n\uf0a7 pour l'arrondissement de gestion et d'exploitation de la route Sud  : \n \n\u2022 M. Christian LABILLE, responsable du BGAR  ; \n\u2022 Mme Patricia MENAGER, responsable du p\u00f4le finances-programmation-gestion-moyens g\u00e9n\u00e9raux  ; \n\u2022 M. Fr\u00e9d\u00e9ric BERTRAND, responsable de l'UER d'Orsay-Villab\u00e9 et son adjoint, M. Denis PRUDHOMME  ; \n\u2022 Mme Lucienne LIBER, adjointe au chef de l'UER de Chevilly-Larue ; \n\u2022 M. Martial GIRARD, chef de l'unit\u00e9 gestion de flotte  ; \n \n\uf0a7 pour l'arrondissement de gestion et d'exploitation de la route Ouest  : \n \n\u2022 Mme Audrey MERCHEZ, chef du bureau de gestion administrative et de la route (BGAR)  ; \n\u2022 M. Kouessan FOLLY-GBOGBOE, responsable du p\u00f4le comptabilit\u00e9 et march\u00e9s BGAR Ouest  ; \n\u2022 Mme M\u00e9lanie LIMIER, cheffe de l'UER de Nanterre-Boulogne ;  \n\u2022 Mme Catherine CHAUVET, adjointe \u00e0 la cheffe de l'UER de Nanterre-Boulogne  ; \n\u2022 Mme Pauline MATHEVET, responsable de l'UER de Jouy- en-Josas, et son adjoint M. Jonathan \nPROD'HOMME ; \n\u2022 M. Philippe VERRIER, chef du bureau de gestion de la flotte (BGF) Ouest  ; \n \n\uf0a7 pour l'arrondissement de gestion et d'exploitation de la route Nord  : \n \n\u2022 M. Juan-Manuel MARTIN, responsable du bureau de gestion administrative et de la route (BGAR)  ; \n\u2022 Mme Nadine AZOULAY, responsable contentieux et administratif  ; \n\u2022 Mme Akila MEBAREK, cheffe de la gestion budg\u00e9taire et de la comptabilit\u00e9  ; \n\u2022 Mme Nathalie POTAILLON, adjointe \u00e0 la cheffe de l'UER d'Eragny-sur-Oise ; \n\u2022 M. Jean-Willem LALLEMAND, responsable de l'UER de Saint-Denis, et son adjoint M. Maurice LABYLLE  ; \n\u2022 Mme Ordiana AKO YEBE, cheffe de la cellule de gestion des mat\u00e9riels et engins (CGME) Nord. \n \nParagraphe 2 \u2013 Passation et ex\u00e9cution des march\u00e9s publics et accords-cadres \n \nDirection r\u00e9gionale et interd\u00e9partementale de l'environnement, de l'am\u00e9nagement et des transports d'\u00cele-de-France -\nIDF-2025-05-02-00004 - D\u00e9cision DRIEAT-IDF n\u00b0 2025-0394 du 2 mai 2025 portant subd\u00e9l\u00e9gation de signature en mati\u00e8re\nd'ordonnancement secondaire\net de commande publique pour le compte du pr\u00e9fet de la r\u00e9gion d'\u00cele-de-France\n52\n \nDRIEAT \n27-29 rue Leblanc \u2013 CS 57  246 \u2013 75  732 Paris CEDEX 15 \nT\u00e9l : +33 (0)1 40 61 80 80 \nwww.drieat.ile-de-france.developpement-durable.gouv.fr  18 \n1.  Subd\u00e9l\u00e9gation de signature est consentie aux perso nnes d\u00e9sign\u00e9es ci-apr\u00e8s, dans la limite de leurs \nattributions et des montants indiqu\u00e9s ci-dessous, pour signer toutes les pi\u00e8ces relatives \u00e0 la passation et \n\u00e0 l'ex\u00e9cution des march\u00e9s publics et accords-cadres : \n \nNOM ET FONCTION Suppl\u00e9ant en cas d'absence \nou d'emp\u00eachement \nPassation et ex\u00e9cution des march\u00e9s et \naccords-cadres en montant HT maximum  \nFr\u00e9d\u00e9ric ESNAULT, chef de \nl'AGER Est \nAnthony MITRANO, adjoint \nau chef de l'AGER Est \nTravaux 250  000  \u20ac\n \nFournitures, \u00e9tudes et services 143  000  \u20ac \nBastien SALESSE, chef de \nl'AGER Sud \nMoustapha SAVANE, adjoint \nau chef de l'AGER Sud \nTravaux 250  000  \u20ac\n \nFournitures, \u00e9tudes et services 143  000  \u20ac \nMichel PERREL, chef de \nAGER Ouest \nJulie COHEN-SOLAL, adjointe \nau chef de l'AGER Ouest \n \nTravaux 250  000  \u20ac \nFournitures, \u00e9tudes et services 143 000  \u20ac \nOlivier ROUQUETTE, chef \nde l'AGER Nord \nElsa ALEXANDRE, adjointe au \nchef de l'AGER Nord \nTravaux 250  000  \u20ac\n \nFournitures, \u00e9tudes et services 143 000  \u20ac \n \nDans l'hypoth\u00e8se o\u00f9 le montant initial du march\u00e9 es t augment\u00e9 (avenant \u00e0 incidences financi\u00e8res), le \nseuil est appr\u00e9ci\u00e9 sur le montant total du march\u00e9 public ou accord-cadre, apr\u00e8s augmentation. \n \n2.  Subd\u00e9l\u00e9gation de signature est donn\u00e9e aux agents cit\u00e9s au point 1 du pr\u00e9sent paragraphe, \u00e0 l'effet de \nsigner, dans la limite de leurs attributions, pour les march\u00e9s publics et accords-cadres dont le monta nt \nd\u00e9passe les seuils mentionn\u00e9s au point 1 du pr\u00e9sent paragraphe, toute pi\u00e8ce relative \u00e0 leur ex\u00e9cution, \u00e0 \nl'exclusion des pi\u00e8ces mentionn\u00e9es ci-apr\u00e8s  : \n \n\uf0d8 rapport de pr\u00e9sentation  ; \n\uf0d8 d\u00e9cision d'attribution d'un march\u00e9 et lettre de rejet d'une offre  ; \n\uf0d8 acte d'engagement  ; \n\uf0d8 avenant ou acte modificatif  ; \n\uf0d8 d\u00e9cision d'affermissement de tranche conditionnelle ou optionnelle  ; \n\uf0d8 d\u00e9cision de reconduction ou non reconduction  ; \n\uf0d8 d\u00e9cision de r\u00e9siliation  ; \n\uf0d8 d\u00e9cision d'ajournement. \n \nDans l'hypoth\u00e8se o\u00f9 le montant initial du march\u00e9 est augment\u00e9 (avenant ou acte modificatif \u00e0 incidences \nfinanci\u00e8res), le seuil est appr\u00e9ci\u00e9 sur le montant total du march\u00e9 public ou accord-cadre, apr\u00e8s \naugmentation. \n \n3. Subd\u00e9l\u00e9gation de signature est donn\u00e9e aux agents cit\u00e9s au point 1 du pr\u00e9sent paragraphe \u00e0 l'effet de \nsigner, dans le cadre de leurs attributions et comp \u00e9tences, les d\u00e9cisions d'agr\u00e9ments de sous-traitant s, \nles d\u00e9cisions de r\u00e9ception avec ou sans r\u00e9serves, l es d\u00e9comptes g\u00e9n\u00e9raux ainsi que les pi\u00e8ces li\u00e9es, d es \nmarch\u00e9s publics de montants sup\u00e9rieurs aux seuils mentionn\u00e9s au point 1 du pr\u00e9sent paragraphe. \n \nDirection r\u00e9gionale et interd\u00e9partementale de l'environnement, de l'am\u00e9nagement et des transports d'\u00cele-de-France -\nIDF-2025-05-02-00004 - D\u00e9cision DRIEAT-IDF n\u00b0 2025-0394 du 2 mai 2025 portant subd\u00e9l\u00e9gation de signature en mati\u00e8re\nd'ordonnancement secondaire\net de commande publique pour le compte du pr\u00e9fet de la r\u00e9gion d'\u00cele-de-France\n53\n \nDRIEAT \n27-29 rue Leblanc \u2013 CS 57  246 \u2013 75  732 Paris CEDEX 15 \nT\u00e9l : +33 (0)1 40 61 80 80 \nwww.drieat.ile-de-france.developpement-durable.gouv.fr  19 \n4.  Subd\u00e9l\u00e9gation de signature est donn\u00e9e aux agents cit\u00e9s au point 1 du pr\u00e9sent paragraphe, \u00e0 l'effet de \nsigner, dans le cadre de leurs attributions et comp\u00e9tences, les commandes, dans la limite d'un montant \npour chaque commande de  : \n\u2022 1 000  000  \u20ac HT pour une commande prise dans le cadre de march\u00e9s \u00e0 bons de commandes pour des \ntravaux  ; \n\u2022 250  000  \u20ac HT, pour une commande prise dans le cadre de march\u00e9 s \u00e0 bons de commandes pour des \nfournitures, des \u00e9tudes ou des services. \n \n5.  Subd\u00e9l\u00e9gation de signature est donn\u00e9e aux agents d \u00e9sign\u00e9s ci-apr\u00e8s \u00e0 l'effet de signer, dans le cadre \nde leurs attributions et comp\u00e9tences, toute pi\u00e8ce r elative \u00e0 la passation et \u00e0 l'ex\u00e9cution des march\u00e9s  \nd'un montant inf\u00e9rieur ou \u00e9gal \u00e0 25  000  \u20ac HT (seuil \u00e0 appr\u00e9cier sur le montant total du march \u00e9, en \nint\u00e9grant le montant des avenants \u00e0 incidence financi\u00e8re quand ils existent), les bons de commande d'un \nmontant inf\u00e9rieur ou \u00e9gal \u00e0 50  000  \u20ac HT pour chaque commande dans le cadre des march\u00e9s d e \nfournitures, d'\u00e9tudes ou de services \u00e0 bons de comm andes, et les bons de commande d'un montant \ninf\u00e9rieur ou \u00e9gal \u00e0 100  000  \u20ac HT pour chaque commande dans le cadre des march\u00e9s d e travaux \u00e0 bons \nde commandes  : \n \n\uf0a7 pour l'arrondissement de gestion et d'exploitation de la route Est  : \n \n\u2022 M. Claude GRUMELART, responsable du bureau de gestion administrative et de la route (BGAR)  ; \n\u2022 M. \u00c9ric SIMON, responsable de la gestion budg\u00e9taire et de la comptabilit\u00e9  ; \n\u2022 Mme Val\u00e9rie DITTE, responsable de l'unit\u00e9 d'exploit ation de la route de Brie-Comte-Robert et son \nadjoint, M. Patrice DEGLA, adjoint au responsable d e l'unit\u00e9 exploitation de la route (UER) de Brie-\nComte-Robert ; \n\u2022 M. Ludovic CADET, chef de l'unit\u00e9 d'exploitation de la route de Champigny ; \n\u2022 M. Florent GRANDJEAN, adjoint au chef de l'unit\u00e9 d'exploitation de la route de Champigny ; \n\u2022 M. Pascal BEAUFILS, responsable de la cellule gestion des mat\u00e9riels et engins  ; \n \n\uf0a7 pour l'arrondissement de gestion et d'exploitation de la route Sud  : \n \n\u2022 M. Christian LABILLE, responsable du BGAR Sud  ; \n\u2022 Mme Patricia MENAGER, responsable du p\u00f4le finances-programmation-gestion-moyens g\u00e9n\u00e9raux  ; \n\u2022 M. Fr\u00e9d\u00e9ric BERTRAND, responsable de l'UER d'Orsay-Villab\u00e9 et son adjoint, M. Denis PRUDHOMME  ; \n\u2022 Mme Lucienne LIBER, adjointe au chef de l'UER de Chevilly-Larue  ; \n\u2022 M. Martial GIRARD, responsable de l'unit\u00e9 de gestion de flotte  ; \n \n\uf0a7 pour l'arrondissement de gestion et d'exploitation de la route Ouest  : \n \n\u2022 Mme Audrey MERCHEZ, responsable du BGAR  Ouest ; \n\u2022 M. Kouessan FOLLY-GBOGBOE, responsable du p\u00f4le comptabilit\u00e9 du BGAR Ouest  ; \n\u2022 Mme M\u00e9lanie LIMIER, cheffe de l'UER de Nanterre-Boulogne ;  \n\u2022 Mme Catherine CHAUVET, adjointe \u00e0 la cheffe de l'UER de Nanterre-Boulogne ; \n\u2022 Mme Pauline MATHEVET, responsable de l'UER de Jouy- en-Josas, et son adjoint M. Jonathan \nPROD'HOMME  ; \n\u2022 M. Philippe VERRIER, chef du bureau de gestion de la flotte (BGF) Ouest  ; \n \n\uf0a7 pour l'arrondissement de gestion et d'exploitation de la route Nord  : \n \n\u2022 M. Juan-Manuel MARTIN, responsable du bureau de gestion administrative et de la route (BGAR)  ; \nDirection r\u00e9gionale et interd\u00e9partementale de l'environnement, de l'am\u00e9nagement et des transports d'\u00cele-de-France -\nIDF-2025-05-02-00004 - D\u00e9cision DRIEAT-IDF n\u00b0 2025-0394 du 2 mai 2025 portant subd\u00e9l\u00e9gation de signature en mati\u00e8re\nd'ordonnancement secondaire\net de commande publique pour le compte du pr\u00e9fet de la r\u00e9gion d'\u00cele-de-France\n54\n \nDRIEAT \n27-29 rue Leblanc \u2013 CS 57  246 \u2013 75  732 Paris CEDEX 15 \nT\u00e9l : +33 (0)1 40 61 80 80 \nwww.drieat.ile-de-france.developpement-durable.gouv.fr  20 \n\u2022 Mme Nadine AZOULAY, responsable contentieux et administratif  ; \n\u2022 Mme Nathalie POTAILLON, adjointe au chef de l'UER d'\u00c9ragny ; \n\u2022 M. Jean-Willem LALLEMAND, responsable de l'UER de Saint-Denis, et son adjoint M. Maurice LABYLLE  ; \n\u2022 Mme YEBE AKO, chef de la cellule de gestion de flotte Nord. \n \nARTICLE 5 \u2013 SERVICE CONNAISSANCE ET D\u00c9VELOPPEMENT D URABLE \n \nParagraphe 1 \u2013 Ordonnancement secondaire \n \n1. La subd\u00e9l\u00e9gation de signature du pr\u00e9sent paragraphe  porte sur les programmes du minist\u00e8re de la \ntransition \u00e9cologique et de la coh\u00e9sion des territoires et du minist\u00e8re de la transition \u00e9nerg\u00e9tique  : \n \n\uf0d8 \u00ab Urbanisme, territoires et am\u00e9lioration de l'habitat \u00bb (n\u00b0 135)  ; \n\uf0d8 \u00ab Expertise, information g\u00e9ographique et m\u00e9t\u00e9orologie \u00bb (n\u00b0 159)  ; \n\uf0d8 \u00ab Infrastructures et services de transport  \u00bb (n\u00b0 203)  ; \n \n2.  Subd\u00e9l\u00e9gation de signature est donn\u00e9e \u00e0 l'effet de  signer dans les conditions fix\u00e9es dans les arr\u00eat\u00e9s  \nsusvis\u00e9s, dans le cadre de leurs attributions et co mp\u00e9tences, toute pi\u00e8ce relative \u00e0 l'exercice de la \ncomp\u00e9tence d'ordonnateur secondaire d\u00e9l\u00e9gu\u00e9, tant pour les d\u00e9penses que pour les recettes, aux agents \nci-apr\u00e8s d\u00e9sign\u00e9s  : \n \n\u2022 Mme Dominique BERTHON, cheffe du service connaissan ce et d\u00e9veloppement durable, et ses \nadjoints M. J\u00e9r\u00f4me AYACHE, M. Guillaume CRIEF et M. Luc CHARANSONNEY. \n \nParagraphe 2 \u2013 Passation et ex\u00e9cution des march\u00e9s publics et accords-cadres \n \n1.  Subd\u00e9l\u00e9gation de signature est consentie, dans la limite de leurs attributions et des montants indiqu\u00e9s \nci-dessous, aux personnes suivantes  pour signer toutes pi\u00e8ces relatives \u00e0 la passation et l'ex\u00e9cution des \nmarch\u00e9s publics et des accords-cadres  : \n \nNOM ET FONCTION Suppl\u00e9ant en cas d'absence \nou d'emp\u00eachement \nPassation et ex\u00e9cution de march\u00e9s et \naccords-cadres en montant HT maximum \nDominique BERTHON, \ncheffe du service \nJ\u00e9r\u00f4me AYACHE et Guillaume \nCRIEF, Luc CHARANSONNEY, \nadjoints \n\u00c9tudes et services \n \n143  000  \u20ac \n \n2.  Subd\u00e9l\u00e9gation de signature est donn\u00e9e \u00e0 Mme Domini que BERTHON, \u00e0 M. J\u00e9r\u00f4me AYACHE, \u00e0 M. \nGuillaume CRIEF et \u00e0 M. Luc CHARANSONNEY, dans la l imite de leurs attributions, pour signer toute \npi\u00e8ce relative \u00e0 l'ex\u00e9cution des march\u00e9s publics et des accords-cadres sup\u00e9rieurs aux seuils ci-dessus , \u00e0 \nl'exclusion des pi\u00e8ces mentionn\u00e9es ci-apr\u00e8s  : \n\u2013 rapport de pr\u00e9sentation  ; \n\u2013 d\u00e9cision d'attribution d'un march\u00e9 et lettre de rejet d'une offre  ; \n\u2013 acte d'engagement  ; \n\u2013 avenant ou acte modificatif  ; \n\u2013 d\u00e9cision d'affermissement de tranche conditionnelle ou optionnelle  ; \n\u2013 d\u00e9cision de reconduction ou non reconduction  ; \n\u2013 d\u00e9cision de r\u00e9siliation  ; \n\u2013 d\u00e9cision d'ajournement. \nDirection r\u00e9gionale et interd\u00e9partementale de l'environnement, de l'am\u00e9nagement et des transports d'\u00cele-de-France -\nIDF-2025-05-02-00004 - D\u00e9cision DRIEAT-IDF n\u00b0 2025-0394 du 2 mai 2025 portant subd\u00e9l\u00e9gation de signature en mati\u00e8re\nd'ordonnancement secondaire\net de commande publique pour le compte du pr\u00e9fet de la r\u00e9gion d'\u00cele-de-France\n55\n \nDRIEAT \n27-29 rue Leblanc \u2013 CS 57  246 \u2013 75  732 Paris CEDEX 15 \nT\u00e9l : +33 (0)1 40 61 80 80 \nwww.drieat.ile-de-france.developpement-durable.gouv.fr  21 \n \nDans l'hypoth\u00e8se o\u00f9 le montant initial du march\u00e9 es t augment\u00e9 (avenant \u00e0 incidences financi\u00e8res), le \nseuil est appr\u00e9ci\u00e9 sur le montant total du march\u00e9 public ou accord-cadre, apr\u00e8s augmentation. \n \nARTICLE 6 \u2013 SERVICE AM\u00c9NAGEMENT DURABLE \n \nParagraphe 1 \u2013 Ordonnancement secondaire \n \n1.  La subd\u00e9l\u00e9gation de signature du pr\u00e9sent paragraphe porte sur  : \n \na. Les programmes du minist\u00e8re de la transition \u00e9co logique et de la coh\u00e9sion des territoires et du \nminist\u00e8re de la transition \u00e9nerg\u00e9tique  : \n \n\uf0d8 \u00ab Paysages, eau et biodiversit\u00e9 \u00bb (n\u00b0 113)  ; \n\uf0d8 \u00ab Urbanisme, territoires et am\u00e9lioration de l'habitat \u00bb (n\u00b0 135)  ; \n\uf0d8 \u00ab Pr\u00e9vention des risques  \u00bb (n\u00b0  181)  ; \n\uf0d8 \u00ab Fonds d'acc\u00e9l\u00e9ration pour la transition \u00e9cologique dans les territoires  \u00bb (n\u00b0 380). \n \nb. Les programmes du minist\u00e8re charg\u00e9 de l'\u00e9conomie et des finances  : \n \n\uf0d8 \u00ab \u00c9cologie  \u00bb (n\u00b0 362)  ; \n\uf0d8 \u00ab Op\u00e9rations immobili\u00e8res et entretien des b\u00e2timents de l'\u00c9tat  \u00bb (n\u00b0 723). \n \nPour les programmes n\u00b0  362 (volet immobilier public) et n\u00b0  723, toute d\u00e9pense sup\u00e9rieure \u00e0 400  000  \u20ac HT \ndevra faire l'objet d'un visa pr\u00e9alable du pr\u00e9fet de la r\u00e9gion d'\u00cele-de-France, en application de l'article 3 \nde l'arr\u00eat\u00e9 de d\u00e9l\u00e9gation de signature en mati\u00e8re d'ordonnancement secondaire susvis\u00e9. \n \n2. Subd\u00e9l\u00e9gation de signature est donn\u00e9e \u00e0 l'effet de signer dans les conditions fix\u00e9es dans les arr\u00eat\u00e9s \nsusvis\u00e9s, dans le cadre de ses attributions et comp \u00e9tences, toute pi\u00e8ce relative \u00e0 l'exercice de la \ncomp\u00e9tence d'ordonnateur secondaire d\u00e9l\u00e9gu\u00e9, tant pour les d\u00e9penses que pour les recettes \u00e0  : \n\u2022 Mme Muriel BENSAID responsable du service am\u00e9nageme nt durable, et son adjointe Ghislaine \nBORDES  ; \n\u2022 Mme Nina A\u00cfSSANI, cheffe de l'unit\u00e9 budg\u00e9taire et financi\u00e8re. \n \nParagraphe 2 \u2013 Passation et ex\u00e9cution des march\u00e9s publics et accords-cadres \n \n1. Subd\u00e9l\u00e9gation de signature est consentie, dans la limite de ses attributions et des montants indiqu \u00e9s \nci-dessous, pour signer toutes pi\u00e8ces relatives \u00e0 l a passation et l'ex\u00e9cution des march\u00e9s publics et d es \naccords-cadres, \u00e0  : \n \n \nNOM ET FONCTION  \nSuppl\u00e9ant en cas d'absence \nou d'emp\u00eachement \nPassation et ex\u00e9cution de march\u00e9s et accords-\ncadres en euros montant HT maximum \nMuriel BENSAID, \nresponsable \nGhislaine BORDES, \nadjointe \n \nMme Nina A\u00cfSSANI, cheffe \nde l'unit\u00e9 budg\u00e9taire et \nfinanci\u00e8re \n\u00c9tudes et services 143  000  \u20ac\n \nDirection r\u00e9gionale et interd\u00e9partementale de l'environnement, de l'am\u00e9nagement et des transports d'\u00cele-de-France -\nIDF-2025-05-02-00004 - D\u00e9cision DRIEAT-IDF n\u00b0 2025-0394 du 2 mai 2025 portant subd\u00e9l\u00e9gation de signature en mati\u00e8re\nd'ordonnancement secondaire\net de commande publique pour le compte du pr\u00e9fet de la r\u00e9gion d'\u00cele-de-France\n56\n \nDRIEAT \n27-29 rue Leblanc \u2013 CS 57  246 \u2013 75  732 Paris CEDEX 15 \nT\u00e9l : +33 (0)1 40 61 80 80 \nwww.drieat.ile-de-france.developpement-durable.gouv.fr  22 \n \n2.  Subd\u00e9l\u00e9gation de signature est donn\u00e9e \u00e0 Mme Muriel  BENSAID et Mme Ghislaine BORDES, dans la \nlimite de leurs attributions, pour signer toute pi\u00e8 ce relative \u00e0 l'ex\u00e9cution des march\u00e9s publics et de s \naccords-cadres sup\u00e9rieurs aux seuils mentionn\u00e9s ci-dessus, \u00e0 l'exclusion des pi\u00e8ces mentionn\u00e9es ci-apr\u00e8s  : \n\u2013 rapport de pr\u00e9sentation  ; \n\u2013 d\u00e9cision d'attribution d'un march\u00e9 et lettre de rejet d'une offre  ; \n\u2013 acte d'engagement  ; \n\u2013 avenant ou acte modificatif  ; \n\u2013 d\u00e9cision d'affermissement de tranche conditionnelle ou optionnelle  ; \n\u2013 d\u00e9cision de reconduction ou non reconduction  ; \n\u2013 d\u00e9cision de r\u00e9siliation  ; \n\u2013 d\u00e9cision d'ajournement. \n \nDans l'hypoth\u00e8se o\u00f9 le montant initial du march\u00e9 es t augment\u00e9 (avenant \u00e0 incidences financi\u00e8res), le \nseuil est appr\u00e9ci\u00e9 sur le montant total du march\u00e9 public ou accord-cadre, apr\u00e8s augmentation. \n \nARTICLE 7 \u2013 SERVICE DE LA POLITIQUE DES TRANSPORTS \n \nParagraphe 1 \u2013 Ordonnancement secondaire \n \n1.  La subd\u00e9l\u00e9gation de signature du pr\u00e9sent paragraph e porte sur les programmes du minist\u00e8re de la \ntransition \u00e9cologique et de la coh\u00e9sion des territoires et du minist\u00e8re de la transition \u00e9nerg\u00e9tique  : \n \n\uf0d8 \u00ab Infrastructures et services de transport  \u00bb (n\u00b0 203)  ; \n\uf0d8 \u00ab Fonds d'acc\u00e9l\u00e9ration de la transition \u00e9cologique dans les territoires  \u00bb (n\u00b0 380). \n \n2. Subd\u00e9l\u00e9gation de signature est donn\u00e9e \u00e0 l'effet de signer dans les conditions fix\u00e9es dans les arr\u00eat\u00e9s \nsusvis\u00e9s, dans le cadre de leurs attributions et co mp\u00e9tences, toute pi\u00e8ce relative \u00e0 l'exercice de la \ncomp\u00e9tence d'ordonnateur secondaire d\u00e9l\u00e9gu\u00e9 pour les d\u00e9penses aux agents ci-apr\u00e8s d\u00e9sign\u00e9s  : \n\u2022 M. Christophe DENIAU, chef du service politique des transports  ; \n\u2022 M. Denis LAISNEY, responsable du d\u00e9partement des transports urbains. \n\u2022 M. Eliott VARON, chef du d\u00e9partement des mobilit\u00e9s et de la logistique  ; \n\u2022 M. Mathurin KRANQUI, chef de l'unit\u00e9 budget et synth\u00e8se financi\u00e8re  ; \n\u2022 M. \u00c9ric LAVOINE, secr\u00e9taire d'administration et de contr\u00f4le de classe normale du d\u00e9veloppement \ndurable, contr\u00f4leur de gestion transports, responsable de la cellule budget et synth\u00e8se financi\u00e8re. \n \nParagraphe 2 \u2013 Passation et ex\u00e9cution des march\u00e9s publics et accords-cadres \n \n1.  Subd\u00e9l\u00e9gation de signature est consentie, dans la limite de leurs attributions et des montants indiqu\u00e9s \nci-dessous, aux personnes suivantes pour signer tou tes pi\u00e8ces relatives \u00e0 la passation et l'ex\u00e9cution des \nmarch\u00e9s publics et des accords-cadres  : \n \nNOM ET FONCTION Suppl\u00e9ant en cas d'absence \nou d'emp\u00eachement \nPassation et ex\u00e9cution de \nmarch\u00e9s et accords-cadres en \nmontant HT maximum \nDirection r\u00e9gionale et interd\u00e9partementale de l'environnement, de l'am\u00e9nagement et des transports d'\u00cele-de-France -\nIDF-2025-05-02-00004 - D\u00e9cision DRIEAT-IDF n\u00b0 2025-0394 du 2 mai 2025 portant subd\u00e9l\u00e9gation de signature en mati\u00e8re\nd'ordonnancement secondaire\net de commande publique pour le compte du pr\u00e9fet de la r\u00e9gion d'\u00cele-de-France\n57\n \nDRIEAT \n27-29 rue Leblanc \u2013 CS 57  246 \u2013 75  732 Paris CEDEX 15 \nT\u00e9l : +33 (0)1 40 61 80 80 \nwww.drieat.ile-de-france.developpement-durable.gouv.fr  23 \nChristophe DENIAU, chef du service \npolitique des transports  ; \n \nDenis LAISNEY, chef du \nd\u00e9partement des transports urbains \n \nEliott VARON, chef du d\u00e9partement \ndes mobilit\u00e9s et de la logistique \nM. Mathurin KRANQUI, chef \nde l'unit\u00e9 budget et synth\u00e8se \nfinanci\u00e8re \n \nM. \u00c9ric LAVOINE, responsable \nde la cellule budget et \nsynth\u00e8se financi\u00e8re \n\u00c9tudes et \nservices \n143  000 \u20ac \n \n2.  Subd\u00e9l\u00e9gation de signature est donn\u00e9e \u00e0 M. Christophe DENIAU, M. Denis LAISNEY et M. Eliott VARON, \npour signer, dans la limite de leurs attributions, toutes pi\u00e8ces relatives \u00e0 l'ex\u00e9cution des march\u00e9s publics \net des accords-cadres sup\u00e9rieurs aux seuils mention n\u00e9s ci-dessus, \u00e0 l'exclusion des pi\u00e8ces mentionn\u00e9es  \nci-apr\u00e8s  : \n\u2013 rapport de pr\u00e9sentation  ; \n\u2013 d\u00e9cision d'attribution d'un march\u00e9 et lettre de rejet d'une offre  ; \n\u2013 acte d'engagement  ; \n\u2013 avenant ou acte modificatif  ; \n\u2013 d\u00e9cision d'affermissement de tranche conditionnelle ou optionnelle  ; \n\u2013 d\u00e9cision de reconduction ou non reconduction  ; \n\u2013 d\u00e9cision de r\u00e9siliation  ; \n\u2013 d\u00e9cision d'ajournement. \n \nDans l'hypoth\u00e8se o\u00f9 le montant initial du march\u00e9 es t augment\u00e9 (avenant \u00e0 incidences financi\u00e8res), le \nseuil est appr\u00e9ci\u00e9 sur le montant total du march\u00e9 public ou accord-cadre, apr\u00e8s augmentation. \n \nARTICLE 8 \u2013 SERVICE \u00c9NERGIE ET B\u00c2TIMENT \n \nParagraphe 1 \u2013 Ordonnancement secondaire \n \n1.  La subd\u00e9l\u00e9gation de signature du pr\u00e9sent paragraphe porte sur  : \n \na. Les programmes du minist\u00e8re de la transition \u00e9co logique et de la coh\u00e9sion des territoires et du \nminist\u00e8re de la transition \u00e9nerg\u00e9tique : \n \n\uf0d8 \u00ab Urbanisme, territoires et am\u00e9lioration de l'habitat \u00bb (n\u00b0 135)  ; \n\uf0d8 \u00ab Expertise, information g\u00e9ographique et m\u00e9t\u00e9orologie \u00bb (n\u00b0 159)  ; \n\uf0d8 \u00ab \u00c9nergie, climat et apr\u00e8s-mines  \u00bb (n\u00b0 174)  ; \n\uf0d8 \u00ab \u00c9cologie  \u00bb (n\u00b0 362)  ; \n\uf0d8 \u00ab Infrastructures et services de transport  \u00bb (n\u00b0 203)  ; \n\uf0d8 \u00ab Fonds d'acc\u00e9l\u00e9ration de la transition \u00e9cologique dans les territoires  \u00bb (n\u00b0 380). \n \nb. Les programmes du minist\u00e8re de l'int\u00e9rieur  : \u00ab  S\u00e9curit\u00e9 et \u00e9ducation routi\u00e8res  \u00bb (n\u00b0  207) et \n\u00ab Administration territoriale de l'\u00c9tat  \u00bb (n\u00b0 354)  ;  \n \nc. Le programme du minist\u00e8re charg\u00e9 des sports  : \u00ab Sports  \u00bb (n\u00b0 219)  ; \n \nd. Les programmes du minist\u00e8re de l'\u00c9conomie et des Finances  : \n \n\uf0d8 \u00ab Fonction Publique  \u00bb (n\u00b0 148)  ; \nDirection r\u00e9gionale et interd\u00e9partementale de l'environnement, de l'am\u00e9nagement et des transports d'\u00cele-de-France -\nIDF-2025-05-02-00004 - D\u00e9cision DRIEAT-IDF n\u00b0 2025-0394 du 2 mai 2025 portant subd\u00e9l\u00e9gation de signature en mati\u00e8re\nd'ordonnancement secondaire\net de commande publique pour le compte du pr\u00e9fet de la r\u00e9gion d'\u00cele-de-France\n58\n \nDRIEAT \n27-29 rue Leblanc \u2013 CS 57  246 \u2013 75  732 Paris CEDEX 15 \nT\u00e9l : +33 (0)1 40 61 80 80 \nwww.drieat.ile-de-france.developpement-durable.gouv.fr  24 \n\uf0d8 \u00ab Op\u00e9rations immobili\u00e8res et entretiens des b\u00e2timents de l'\u00c9tat  \u00bb (n\u00b0 723) \n\uf0d8 \u00ab Performance et r\u00e9silience des b\u00e2timents de l'\u00c9tat et de ses op\u00e9rateurs  \u00bb (n\u00b0 348). \n \nPour les programmes n\u00b0 348, n\u00b0  354, n\u00b0  362 (volet immobilier public) et n\u00b0  723, toute d\u00e9pense sup\u00e9rieure \n\u00e0 400  000  \u20ac HT devra faire l'objet d'un visa pr\u00e9alable du pr\u00e9fet de la r\u00e9gion \u00cele-de-France, en application \nde l'article 3 de l'arr\u00eat\u00e9 de d\u00e9l\u00e9gation de signature en mati\u00e8re d'ordonnancement secondaire susvis\u00e9. \n \n2.  Subd\u00e9l\u00e9gation de signature du pr\u00e9sent paragraphe e st donn\u00e9e aux personnes d\u00e9sign\u00e9es ci-apr\u00e8s, \u00e0 \nl'effet de signer dans les conditions fix\u00e9es aux ar r\u00eat\u00e9s susvis\u00e9s et dans la limite de leurs attributi ons et \ncomp\u00e9tences, les propositions d'engagement et toute  pi\u00e8ce relative \u00e0 l'exercice de la comp\u00e9tence \nd'ordonnateur secondaire d\u00e9l\u00e9gu\u00e9, tant pour les d\u00e9penses que pour les recettes  : \n \n\u2022 Mme Aurore FARGETTE, cheffe du service \u00e9nergie et b\u00e2timent  ; \n\u2022 Mme Alice METAYER-MATHIEU, adjointe \u00e0 la cheffe du service \u00e9nergie et b\u00e2timent  ; \n\u2022 Mme Nathalie BOUSQUET, cheffe du d\u00e9partement b\u00e2timent (DB)  ; \n\u2022 M. Thibaut BADOUAL, chef du d\u00e9partement climat, air, \u00e9nergie  ; \n\u2022 Mme Julie LODEWYCKX, adjointe au chef du d\u00e9partement climat, air, \u00e9nergie  ; \n\u2022 Mme H\u00e9l\u00e8ne BONNET, cheffe du d\u00e9partement patrimoine immobilier  ; \n\u2022 Jean-Michel DUBOIS, adjoint \u00e0 la cheffe du d\u00e9partement patrimoine immobilier  ; \n\u2022 M. Louis ORTA, adjoint \u00e0 la cheffe du d\u00e9partement patrimoine immobilier  ; \n\u2022 M. Radouane LAHMER, chef de l'unit\u00e9 suivi financier et march\u00e9s  ; \n\u2022 Mme Evelyne GUERTON, adjointe au chef de l'unit\u00e9 suivi financier et march\u00e9s  ; \n\u2022 M. Mounir BOUALAOUI, chef de l'unit\u00e9 \u00e9tudes et projets b\u00e2timent 1  ; \n\u2022 M. Dorian STEINMETZ, chef de l'unit\u00e9 \u00e9tudes et projets b\u00e2timent 2  ; \n \nParagraphe 2 \u2013 Passation et ex\u00e9cution des march\u00e9s publics et accords-cadres \n \n1.  Subd\u00e9l\u00e9gation de signature est consentie, dans la limite de leurs attributions et des montants indiqu\u00e9s \nci-dessous, aux personnes suivantes  pour signer toutes pi\u00e8ces relatives \u00e0 la passation et \u00e0 l'ex\u00e9cution des \nmarch\u00e9s publics et des accords-cadres  : \n \n \nNOM ET FONCTION  \nSuppl\u00e9ant en cas d'absence ou \nd'emp\u00eachement \nPassation et ex\u00e9cution de \nmarch\u00e9s et accords-cadres en \nmontant HT maximum \nAurore FARGETTE, \ncheffe du service \nAlice METAYER-MATHIEU, adjointe \u00e0 la \ncheffe du service \nTravaux 1  000  000  \u20ac\n \n\u00c9tudes et services 250  000  \u20ac \nH\u00e9l\u00e8ne BONNET, cheffe du d\u00e9partement \npatrimoine immobilier \n \nJean-Michel DUBOIS, adjoint \u00e0 la cheffe du \nd\u00e9partement patrimoine immobilier, \n \nLouis ORTA, adjoint \u00e0 la cheffe du \nd\u00e9partement patrimoine immobilier \n \nRadouane LAHMER, chef de l'unit\u00e9 suivi \nfinancier et march\u00e9s \nTravaux \n \n\u00c9tudes et services \n250  000  \u20ac\n \n \n143  000  \u20ac \nDirection r\u00e9gionale et interd\u00e9partementale de l'environnement, de l'am\u00e9nagement et des transports d'\u00cele-de-France -\nIDF-2025-05-02-00004 - D\u00e9cision DRIEAT-IDF n\u00b0 2025-0394 du 2 mai 2025 portant subd\u00e9l\u00e9gation de signature en mati\u00e8re\nd'ordonnancement secondaire\net de commande publique pour le compte du pr\u00e9fet de la r\u00e9gion d'\u00cele-de-France\n59\n \nDRIEAT \n27-29 rue Leblanc \u2013 CS 57  246 \u2013 75  732 Paris CEDEX 15 \nT\u00e9l : +33 (0)1 40 61 80 80 \nwww.drieat.ile-de-france.developpement-durable.gouv.fr  25 \n \nEvelyne GUERTON, adjointe au chef de \nl'unit\u00e9 suivi financier et march\u00e9s \n \nNathalie BOUSQUET, cheffe du \nd\u00e9partement b\u00e2timent \n \nThibaut BADOUAL, chef du d\u00e9partement \nclimat, air, \u00e9nergie \n \nJulie LODEWYCKX, adjointe au chef du \nd\u00e9partement climat, air, \u00e9nergie \n \n2.  Subd\u00e9l\u00e9gation de signature est donn\u00e9e \u00e0 Mme Aurore FARGETTE- et \u00e0 Mme Alice METAYER-MATHIEU \npour signer, dans la limite de leurs attributions, toutes pi\u00e8ces relatives \u00e0 l'ex\u00e9cution des march\u00e9s publics \net des accords-cadres sup\u00e9rieurs aux seuils mentionn\u00e9s au paragraphe 2.1, \u00e0 l'exclusion \u00e0 l'exclusion des \npi\u00e8ces mentionn\u00e9es ci-apr\u00e8s  : \n \n\u2013 rapport de pr\u00e9sentation  ; \n\u2013 d\u00e9cision d'attribution d'un march\u00e9 et lettre de rejet d'une offre  ; \n\u2013 acte d'engagement  ; \n\u2013 avenant ou acte modificatif  ; \n\u2013 d\u00e9cision d'affermissement de tranche conditionnelle ou optionnelle  ; \n\u2013 d\u00e9cision de reconduction ou non reconduction  ; \n\u2013 d\u00e9cision de r\u00e9siliation  ; \n\u2013 d\u00e9cision d'ajournement. \n \nDans l'hypoth\u00e8se o\u00f9 le montant initial du march\u00e9 es t augment\u00e9 (avenant \u00e0 incidences financi\u00e8res), le \nseuil est appr\u00e9ci\u00e9 sur le montant total du march\u00e9 public ou accord-cadre, apr\u00e8s augmentation. \n \n3.  Subd\u00e9l\u00e9gation de signature est donn\u00e9e aux autres a gents mentionn\u00e9s au paragraphe 2.1 pour signer, \ndans la limite de leurs attributions, et pour les m arch\u00e9s dont le montant, en tenant compte des \n\u00e9ventuelles augmentations, ne d\u00e9passe pas les seuils autoris\u00e9s pour le responsable du SEB au paragraphe \n2.1  : \n\u2013 toutes pi\u00e8ces relatives \u00e0 l'ex\u00e9cution des march\u00e9s publics et des accords-cadres  ; \n\u2013 les commandes prises dans le cadre de march\u00e9s \u00e0 bons de commandes. \n \n4.  Subd\u00e9l\u00e9gation de signature est \u00e9galement donn\u00e9e \u00e0 M. Mounir BOUALAOUI et \u00e0 M. Dorian STEINMETZ, \nrespectivement chefs des unit\u00e9s \u00e9tudes et projets 1 et 2, pour signer, dans la limite de leurs attributions, \net pour les march\u00e9s dont le montant, en tenant compte des \u00e9ventuelles augmentations, ne d\u00e9passe pas \nles seuils autoris\u00e9s pour le d\u00e9partement au paragraphe 2.1  : \n\u2013 les actes relatifs \u00e0 l'ex\u00e9cution des march\u00e9s relevant du repr\u00e9sentant du pouvoir adjudicateur (RPA) sans \nincidence financi\u00e8re  (sont exclus  : les actes d'engagement, avenants ou actes modific atifs, d\u00e9cisions \nd'affermissement de tranches conditionnelles ou optionnelles, d\u00e9cisions de r\u00e9siliation, ordres de service \navec incidence financi\u00e8re). \n \nARTICLE 9 \u2013 SERVICE DE LA PR\u00c9VENTION DES RISQUES \n \nParagraphe 1 \u2013 Ordonnancement secondaire \nDirection r\u00e9gionale et interd\u00e9partementale de l'environnement, de l'am\u00e9nagement et des transports d'\u00cele-de-France -\nIDF-2025-05-02-00004 - D\u00e9cision DRIEAT-IDF n\u00b0 2025-0394 du 2 mai 2025 portant subd\u00e9l\u00e9gation de signature en mati\u00e8re\nd'ordonnancement secondaire\net de commande publique pour le compte du pr\u00e9fet de la r\u00e9gion d'\u00cele-de-France\n60\n \nDRIEAT \n27-29 rue Leblanc \u2013 CS 57  246 \u2013 75  732 Paris CEDEX 15 \nT\u00e9l : +33 (0)1 40 61 80 80 \nwww.drieat.ile-de-france.developpement-durable.gouv.fr  26 \n \n1.  La subd\u00e9l\u00e9gation de signature du pr\u00e9sent paragraph e porte sur le programme du minist\u00e8re de la \ntransition \u00e9cologique et de la coh\u00e9sion des territo ires et du minist\u00e8re de la transition \n\u00e9nerg\u00e9tique  \u00ab Pr\u00e9vention des risques  \u00bb (n\u00b0 181)  ; \n \n2.  La subd\u00e9l\u00e9gation de signature du pr\u00e9sent paragraphe est donn\u00e9e aux personnes d\u00e9sign\u00e9es ci-apr\u00e8s, \u00e0 \nl'effet de signer dans les conditions fix\u00e9es aux ar r\u00eat\u00e9s susvis\u00e9s et dans la limite de leurs attributi ons et \ncomp\u00e9tences, les propositions d'engagement et toute  pi\u00e8ce relative \u00e0 l'exercice de la comp\u00e9tence \nd'ordonnateur secondaire d\u00e9l\u00e9gu\u00e9, tant pour les d\u00e9penses que pour les recettes  : \n \n\u2022 M. Olivier LEVILLAIN, chef du service pr\u00e9vention des risques  ; \n\u2022 Mme Guillemette DE KERDREL, adjointe au chef du ser vice pr\u00e9vention des risques, cheffe du \nd\u00e9partement des risques chroniques  ; \n\u2022 Mme Ir\u00e8ne ALFONSI, adjointe \u00e0 la cheffe du d\u00e9partement des risques chroniques  ; \n\u2022 Mme \u00c9lisabeth BLATON, cheffe du d\u00e9partement risques accidentels ;  \n\u2022 M. Vincent PIERRON, adjoint \u00e0 la cheffe du d\u00e9partement risques accidentels ; \n\u2022 M. Baptiste LORENZI, chef du d\u00e9partement risques naturels  ;  \n\u2022 Mme Laurence BALMES, adjointe au chef du d\u00e9partement risques naturels  ;  \n\u2022 Mme Sophie SAUVAGNAT, adjointe au chef du d\u00e9partement risques naturels  ; \n\u2022 Mme Manon VIGNES, cheffe du d\u00e9partement hydrologie et pr\u00e9vision des crues  ; \n\u2022 Mme Carine CHALEON, adjointe \u00e0 la cheffe du d\u00e9partement hydrologie et pr\u00e9vision des crues. \n\u2022 Mme Audrey BILDSTEIN, cheffe de l'unit\u00e9 hydrom\u00e9trie et r\u00e9seaux de mesure  ; \n\u2022 M. Christophe DYCKE, adjoint \u00e0 la cheffe de l'unit\u00e9 hydrom\u00e9trie et r\u00e9seaux de mesure. \n\u2022 Mme Sylvie LE DANTEC, assistante. \n \nParagraphe 2 - Passation et ex\u00e9cution des march\u00e9s publics \n \n1.  Subd\u00e9l\u00e9gation de signature est consentie, dans la limite de leurs attributions et des montants indiqu\u00e9s \nci-dessous, aux personnes suivantes  pour signer toutes pi\u00e8ces relatives \u00e0 la passation et \u00e0 l'ex\u00e9cution des \nmarch\u00e9s publics et des accords-cadres  : \n \n \nNOM ET FONCTION \nSuppl\u00e9ant en cas d'absence ou \nd'emp\u00eachement \nPassation et ex\u00e9cution de march\u00e9s \net accords-cadres en montant HT \nmaximum \nOlivier LEVILLAIN, chef \ndu service pr\u00e9vention \ndes risques \nGuillemette DE KERDREL, adjointe \nau chef du service pr\u00e9vention des \nrisques, cheffe du d\u00e9partement \ndes risques chroniques \nTravaux 1  000  000  \u20ac\n \n\u00c9tudes et services 250  000  \u20ac \n \n2. Subd\u00e9l\u00e9gation de signature est donn\u00e9e \u00e0 M. LEVILLAIN et Mme DE KERDREL pour signer, dans la limite \nde leurs attributions, toutes pi\u00e8ces relatives \u00e0 l' ex\u00e9cution des march\u00e9s publics et des accords-cadres  \nsup\u00e9rieurs aux seuils mentionn\u00e9s ci-dessus, \u00e0 l'exclusion des pi\u00e8ces mentionn\u00e9es ci-apr\u00e8s  : \n\u2013 rapport de pr\u00e9sentation  ; \n\u2013 d\u00e9cision d'attribution d'un march\u00e9 et lettre de rejet d'une offre  ; \n\u2013 acte d'engagement  ; \n\u2013 avenant ou acte modificatif  ; \n\u2013 d\u00e9cision d'affermissement de tranche conditionnelle ou optionnelle  ; \n\u2013 d\u00e9cision de reconduction ou non reconduction  ; \nDirection r\u00e9gionale et interd\u00e9partementale de l'environnement, de l'am\u00e9nagement et des transports d'\u00cele-de-France -\nIDF-2025-05-02-00004 - D\u00e9cision DRIEAT-IDF n\u00b0 2025-0394 du 2 mai 2025 portant subd\u00e9l\u00e9gation de signature en mati\u00e8re\nd'ordonnancement secondaire\net de commande publique pour le compte du pr\u00e9fet de la r\u00e9gion d'\u00cele-de-France\n61\n \nDRIEAT \n27-29 rue Leblanc \u2013 CS 57  246 \u2013 75  732 Paris CEDEX 15 \nT\u00e9l : +33 (0)1 40 61 80 80 \nwww.drieat.ile-de-france.developpement-durable.gouv.fr  27 \n\u2013 d\u00e9cision de r\u00e9siliation  ; \n\u2013 d\u00e9cision d'ajournement. \nDans l'hypoth\u00e8se o\u00f9 le montant initial du march\u00e9 es t augment\u00e9 (avenant \u00e0 incidences financi\u00e8res), le \nseuil est appr\u00e9ci\u00e9 sur le montant total du march\u00e9 public ou accord-cadre, apr\u00e8s augmentation. \n \nARTICLE 10 \u2013 SERVICE S\u00c9CURIT\u00c9 DES TRANSPORTS ET DES VEHICULES \n \nParagraphe 1 \u2013 Ordonnancement secondaire \n \n1.  La subd\u00e9l\u00e9gation de signature du pr\u00e9sent paragraphe porte sur  : \n \na. Le programme du minist\u00e8re de la transition \u00e9cologique et de la coh\u00e9sion des territoires et du minist\u00e8re \nde la transition \u00e9nerg\u00e9tique  : \n\uf0d8 \u00ab Infrastructures et services de transport  \u00bb (n\u00b0 203)  ; \n\uf0d8 \u00ab Energie, climat et apr\u00e8s-mines  \u00bb (n\u00b0 174)  ; \n \nb. Le programme du minist\u00e8re de l'int\u00e9rieur  : \u00ab S\u00e9curit\u00e9 et \u00e9ducation routi\u00e8res  \u00bb (n\u00b0 207). \n \n2.  Subd\u00e9l\u00e9gation de signature est donn\u00e9e \u00e0 l'effet de  signer dans les conditions fix\u00e9es dans les arr\u00eat\u00e9s  \nsusvis\u00e9s, dans le cadre de leurs attributions et co mp\u00e9tences, toute pi\u00e8ce relative \u00e0 l'exercice de la \ncomp\u00e9tence d'ordonnateur secondaire d\u00e9l\u00e9gu\u00e9, tant pour les d\u00e9penses que pour les recettes, aux agents \nci-apr\u00e8s d\u00e9sign\u00e9s  : \n \n\u2022 M Paul WEICK, directeur adjoint charg\u00e9 de la s\u00e9curi t\u00e9 des transports et des missions de d\u00e9fense et \nde s\u00e9curit\u00e9, chef du service s\u00e9curit\u00e9 des transport s et des v\u00e9hicules, et son adjointe Mme Odile \nS\u00c9GUIN  ; \n\u2022 M. Moussa BELOUASSAA, responsable du d\u00e9partement r\u00e9 gulation des transports routiers et son \nadjoint, M. Ronan MEAR  ; \n\u2022 M. Ren\u00e9 ALBERTI, chef du d\u00e9partement s\u00e9curit\u00e9, \u00e9ducation et circulation routi\u00e8res  ; \n\u2022 Mme Marion ESCARGUEIL-RAYNAUD, cheffe du d\u00e9partement s\u00e9curit\u00e9 des transports fluviaux et son \nadjointe, Mme Justine GODARD  ; \n\u2022 M. Yves SCHOEFFNER, responsable du d\u00e9partement homologation et surveillance des v\u00e9hicules. \n \nParagraphe 2 \u2013 Passation et ex\u00e9cution des march\u00e9s publics et accords-cadres \n \n1.  Subd\u00e9l\u00e9gation de signature est consentie, dans la limite de leurs attributions et des montants indiqu\u00e9s \nci-dessous, aux personnes suivantes  pour signer toutes pi\u00e8ces relatives \u00e0 la passation et l'ex\u00e9cution des \nmarch\u00e9s publics et des accords-cadres  : \n \n \nNOM ET FONCTION \nSuppl\u00e9ant en cas d'absence \nou d'emp\u00eachement \nPassation et ex\u00e9cution de march\u00e9s et \naccords-cadres, en montant HT maximum  \nPaul WEICK, \ndirecteur adjoint \nOdile S\u00c9GUIN, \nadjointe au responsable \nTravaux, fournitures, \n\u00e9tudes et services \n250  000  \u20ac\n \n143  000  \u20ac \nMarion ESCARGUEIL-\nRAYNAUD, cheffe du \nd\u00e9partement s\u00e9curit\u00e9 \ndes transports fluviaux \n \n Fournitures, \u00e9tudes et \nservices \n40  \n000 \u20ac \n \nDirection r\u00e9gionale et interd\u00e9partementale de l'environnement, de l'am\u00e9nagement et des transports d'\u00cele-de-France -\nIDF-2025-05-02-00004 - D\u00e9cision DRIEAT-IDF n\u00b0 2025-0394 du 2 mai 2025 portant subd\u00e9l\u00e9gation de signature en mati\u00e8re\nd'ordonnancement secondaire\net de commande publique pour le compte du pr\u00e9fet de la r\u00e9gion d'\u00cele-de-France\n62\n \nDRIEAT \n27-29 rue Leblanc \u2013 CS 57  246 \u2013 75  732 Paris CEDEX 15 \nT\u00e9l : +33 (0)1 40 61 80 80 \nwww.drieat.ile-de-france.developpement-durable.gouv.fr  28 \nMoussa BELOUASSAA, \nchef du d\u00e9partement \nr\u00e9gulation des transports \nroutiers \n \nRen\u00e9 ALBERTI, chef du \nd\u00e9partement s\u00e9curit\u00e9 et \n\u00e9ducation routi\u00e8res \n \nYves SCHOEFFNER, chef \ndu d\u00e9partement \nhomologation et \nsurveillance des v\u00e9hicules \n \n \n2.  Subd\u00e9l\u00e9gation de signature est donn\u00e9e, dans la lim ite de ses attributions, \u00e0 Mme Odile S\u00c9GUIN, \nadjointe au responsable du service s\u00e9curit\u00e9 des tra nsports et des v\u00e9hicules, pour signer toute pi\u00e8ce \nrelative \u00e0 l'ex\u00e9cution des march\u00e9s publics et des a ccords-cadres sup\u00e9rieurs aux seuils mentionn\u00e9s ci-\ndessus, \u00e0 l'exclusion des pi\u00e8ces mentionn\u00e9es ci-apr\u00e8s  : \n\u2013 rapport de pr\u00e9sentation  ; \n\u2013 d\u00e9cision d'attribution d'un march\u00e9 et lettre de rejet d'une offre  ; \n\u2013 acte d'engagement  ; \n\u2013 avenant ou acte modificatif  ; \n\u2013 d\u00e9cision d'affermissement de tranche conditionnelle ou optionnelle  ; \n\u2013 d\u00e9cision de reconduction ou non reconduction  ; \n\u2013 d\u00e9cision de r\u00e9siliation  ; \n\u2013 d\u00e9cision d'ajournement. \nDans l'hypoth\u00e8se o\u00f9 le montant initial du march\u00e9 es t augment\u00e9 (avenant \u00e0 incidences financi\u00e8res), le \nseuil est appr\u00e9ci\u00e9 sur le montant total du march\u00e9 public ou accord-cadre, apr\u00e8s augmentation. \n \n3.  Subd\u00e9l\u00e9gation de signature est donn\u00e9e \u00e0 l'effet de signer les commandes, quel que soit leur montant, \nprises dans le cadre de march\u00e9s sur devis ou \u00e0 bons  de commandes relevant de leurs attributions et \ncomp\u00e9tences, aux personnes suivantes : \n \n\u2022 M. Moussa BELOUASSAA, responsable du d\u00e9partement r\u00e9 gulation des transports routiers et son \nadjoint, M. Ronan MEAR  ; \n\u2022 M. Ren\u00e9 ALBERTI, chef du d\u00e9partement s\u00e9curit\u00e9, \u00e9ducation et circulation routi\u00e8res  ; \n\u2022 Mme Marion ESCARGUEIL-RAYNAUD, cheffe du d\u00e9partement s\u00e9curit\u00e9 des transports fluviaux et son \nadjointe, Mme Justine GODARD  ; \n\u2022 M. Yves SCHOEFFNER, responsable du d\u00e9partement homologation et surveillance des v\u00e9hicules. \n\u2022 Mme Sadia KHELIFI, cheffe de la division gestion du d\u00e9partement r\u00e9gulation des transports routiers  ; \n\u2022 M. Hugues NOLLET, responsable de la division contr\u00f4 le du d\u00e9partement r\u00e9gulation des transports \nroutiers  ; \n\u2022 M. Jean-Fran\u00e7ois FRATINI, responsable du bureau s\u00e9curit\u00e9 et \u00e9ducation routi\u00e8res  ; \n\u2022 Mme Sabrina LANDUREAU, cheffe de l'unit\u00e9  s\u00e9curit\u00e9 des bateaux. \n \n4.  Subd\u00e9l\u00e9gation de signature est \u00e9galement donn\u00e9e \u00e0 l'effet de signer, dans le cadre de leurs attributions \net comp\u00e9tences respectives, toute pi\u00e8ce relative \u00e0 la passation et \u00e0 l'ex\u00e9cution des march\u00e9s inf\u00e9rieurs \u00e0 \n20  000  \u20ac HT \u00e0 M.  Jean-Fran\u00e7ois FRATINI, chef de l'unit\u00e9 s\u00e9curit\u00e9 et \u00e9ducation routi\u00e8res et \u00e0 Mme Sabrina \nLANDUREAU, cheffe de l'unit\u00e9 s\u00e9curit\u00e9 des bateaux. \nDirection r\u00e9gionale et interd\u00e9partementale de l'environnement, de l'am\u00e9nagement et des transports d'\u00cele-de-France -\nIDF-2025-05-02-00004 - D\u00e9cision DRIEAT-IDF n\u00b0 2025-0394 du 2 mai 2025 portant subd\u00e9l\u00e9gation de signature en mati\u00e8re\nd'ordonnancement secondaire\net de commande publique pour le compte du pr\u00e9fet de la r\u00e9gion d'\u00cele-de-France\n63\n \nDRIEAT \n27-29 rue Leblanc \u2013 CS 57  246 \u2013 75  732 Paris CEDEX 15 \nT\u00e9l : +33 (0)1 40 61 80 80 \nwww.drieat.ile-de-france.developpement-durable.gouv.fr  29 \n \nARTICLE 11 \u2013 SERVICE POLITIQUES ET POLICE DE L'EAU  \n \nParagraphe 1 \u2013 Ordonnancement secondaire \n \n1.  La subd\u00e9l\u00e9gation de signature du pr\u00e9sent paragraph e porte sur les programmes du minist\u00e8re de la \ntransition \u00e9cologique et de la coh\u00e9sion des territoires et du minist\u00e8re de la transition \u00e9nerg\u00e9tique  : \n \n\uf0d8 \u00ab Paysages, eau et biodiversit\u00e9 \u00bb (n\u00b0 113)  ; \n\uf0d8 \u00ab Pr\u00e9vention des risques  \u00bb (n\u00b0  181)  ; \n \n2. Subd\u00e9l\u00e9gation de signature est donn\u00e9e \u00e0 l'effet de signer dans les conditions fix\u00e9es dans les arr\u00eat\u00e9s \nsusvis\u00e9s, dans la limite de leurs attributions et c omp\u00e9tences, toute pi\u00e8ce relative \u00e0 l'exercice de la  \ncomp\u00e9tence d'ordonnateur secondaire d\u00e9l\u00e9gu\u00e9, tant pour les d\u00e9penses que pour les recettes \u00e0  : \n\u2022 M. Thomas BOUYER, chef du service politiques et police de l'eau  ; \n\u2022 Mme Caroline LAVALLART, adjointe du chef du service  politiques et police de l'eau, responsable de \nla mission strat\u00e9gie eau et planification  ; \n\u2022 Mme \u00c9milie BONNET-DERIVIERE, adjointe au chef du service politiques et police de l'eau  ; \n \nParagraphe 2 \u2013 Passation et ex\u00e9cution des march\u00e9s publics et accords-cadres \n \n1. Subd\u00e9l\u00e9gation de signature est consentie, dans la limite de ses attributions et des montants indiqu \u00e9s \nci-dessous, pour signer toutes pi\u00e8ces relatives \u00e0 l a passation et l'ex\u00e9cution des march\u00e9s publics et d es \naccords-cadres, \u00e0  : \n \nNOM ET FONCTION Suppl\u00e9ant en cas d'absence ou \nd'emp\u00eachement \nPassation et ex\u00e9cution de \nmarch\u00e9s et accords-cadres en \nmontant HT maximum \nThomas BOUYER, chef \nde service \nCaroline LAVALLART, \nadjointe au chef de service \n\u00c9milie BONNET-DERIVIERE, adjointe au chef \ndu service \n\u00c9tudes et \nservices \n143  000  \u20ac \n \n2.  Subd\u00e9l\u00e9gation de signature est donn\u00e9e \u00e0 M. Thomas BOUYER, \u00e0 Mme \nCaroline LAVALLART et \u00e0 Mme \n\u00c9milie BONNET-DERIVIERE, dans la limite de leurs attributions, pour signer t oute pi\u00e8ce relative \u00e0 \nl'ex\u00e9cution des march\u00e9s publics et des accords-cadr es sup\u00e9rieurs aux seuils mentionn\u00e9s ci-dessus, \u00e0 \nl'exclusion des pi\u00e8ces mentionn\u00e9es ci-apr\u00e8s  : \n\u2013 rapport de pr\u00e9sentation  ; \n\u2013 d\u00e9cision d'attribution d'un march\u00e9 et lettre de rejet d'une offre  ; \n\u2013 acte d'engagement  ; \n\u2013 avenant ou acte modificatif  ; \n\u2013 d\u00e9cision d'affermissement de tranche conditionnelle ou optionnelle  ; \n\u2013 d\u00e9cision de reconduction ou non reconduction  ; \n\u2013 d\u00e9cision de r\u00e9siliation  ; \n\u2013 d\u00e9cision d'ajournement. \n \nDans l'hypoth\u00e8se o\u00f9 le montant initial du march\u00e9 es t augment\u00e9 (avenant \u00e0 incidences financi\u00e8res), le \nseuil est appr\u00e9ci\u00e9 sur le montant total du march\u00e9 public ou accord-cadre, apr\u00e8s augmentation. \nDirection r\u00e9gionale et interd\u00e9partementale de l'environnement, de l'am\u00e9nagement et des transports d'\u00cele-de-France -\nIDF-2025-05-02-00004 - D\u00e9cision DRIEAT-IDF n\u00b0 2025-0394 du 2 mai 2025 portant subd\u00e9l\u00e9gation de signature en mati\u00e8re\nd'ordonnancement secondaire\net de commande publique pour le compte du pr\u00e9fet de la r\u00e9gion d'\u00cele-de-France\n64\n \nDRIEAT \n27-29 rue Leblanc \u2013 CS 57  246 \u2013 75  732 Paris CEDEX 15 \nT\u00e9l : +33 (0)1 40 61 80 80 \nwww.drieat.ile-de-france.developpement-durable.gouv.fr  30 \n \nARTICLE 12 \u2013 SERVICE NATURE ET PAYSAGE  \n \nParagraphe 1 \u2013 Ordonnancement secondaire \n \n1.  La subd\u00e9l\u00e9gation de signature du pr\u00e9sent paragraph e porte sur les programmes du minist\u00e8re de la \ntransition \u00e9cologique et de la coh\u00e9sion des territo ires et du minist\u00e8re de la transition \n\u00e9nerg\u00e9tique  \u00ab Paysages, eau et biodiversit\u00e9 \u00bb (n\u00b0 113)  et \u00ab  \u00c9cologie  \u00bb (n\u00b0 362)  ; \n \n2. Subd\u00e9l\u00e9gation de signature est donn\u00e9e \u00e0 l'effet de signer dans les conditions fix\u00e9es dans les arr\u00eat\u00e9s \nsusvis\u00e9s, dans la limite de leurs attributions et c omp\u00e9tences, toute pi\u00e8ce relative \u00e0 l'exercice de la  \ncomp\u00e9tence d'ordonnateur secondaire d\u00e9l\u00e9gu\u00e9, tant pour les d\u00e9penses que pour les recettes \u00e0 : \n \n\u2022 Mme Lucile RAMBAUD, cheffe du service nature et paysage  ; \n\u2022 M. St\u00e9phane LUCET, adjoint \u00e0 la cheffe du service nature et paysage  ; \n\u2022 Mme Florence MOTTES, cheffe du d\u00e9partement sites et paysage  ; \n\u2022 Mme Paola VITA, adjointe \u00e0 la cheffe du d\u00e9partement sites et paysage  ; \n\u2022 M. Antoine LOMBARD, chef du d\u00e9partement espaces et patrimoine naturels  ; \n\u2022 M. Bastien MOREIRA-PELLET, chef du d\u00e9partement faune et flore sauvages, \n\u2022 M. Jean-Fran\u00e7ois VOISIN, adjoint au chef du d\u00e9partement faune et flore sauvages. \n \nParagraphe 2 \u2013 Passation et ex\u00e9cution des march\u00e9s publics et accords-cadres \n \n1.  Subd\u00e9l\u00e9gation de signature est consentie, dans la limite de ses attributions et des montants indiqu\u00e9s  \nci-dessous, pour signer toutes pi\u00e8ces relatives \u00e0 l a passation et l'ex\u00e9cution des march\u00e9s publics et d es \naccords-cadres, \u00e0  : \n \nNOM ET FONCTION Suppl\u00e9ant en cas d'absence \nou d'emp\u00eachement \nPassation et ex\u00e9cution de march\u00e9s et \naccords-cadres en montant HT maximum  \nLucile RAMBAUD, cheffe \ndu service \nSt\u00e9phane LUCET, adjoint \u00e0 \nla cheffe du service \n\u00c9tudes et services 143  000  \u20ac \n \n2.  Subd\u00e9l\u00e9gation de signature est donn\u00e9e \u00e0 Mme \nLucile RAMBAUD et \u00e0 M. St\u00e9phane LUCET dans la limite \nde leurs attributions, pour signer toute pi\u00e8ce rela tive \u00e0 l'ex\u00e9cution des march\u00e9s publics et des accords-\ncadres sup\u00e9rieurs aux seuils mentionn\u00e9s ci-dessus, \u00e0 l'exclusion des pi\u00e8ces mentionn\u00e9es ci-apr\u00e8s  : \n\u2013 rapport de pr\u00e9sentation  ; \n\u2013 d\u00e9cision d'attribution d'un march\u00e9 et lettre de rejet d'une offre  ; \n\u2013 acte d'engagement  ; \n\u2013 avenant ou acte modificatif  ; \n\u2013 d\u00e9cision d'affermissement de tranche conditionnelle ou optionnelle  ; \n\u2013 d\u00e9cision de reconduction ou non reconduction  ; \n\u2013 d\u00e9cision de r\u00e9siliation  ; \n\u2013 d\u00e9cision d'ajournement. \n \nDans l'hypoth\u00e8se o\u00f9 le montant initial du march\u00e9 es t augment\u00e9 (avenant \u00e0 incidences financi\u00e8res), le \nseuil est appr\u00e9ci\u00e9 sur le montant total du march\u00e9 public ou accord-cadre, apr\u00e8s augmentation. \n \nARTICLE 13 \u2013 SERVICE ACCOMPAGNEMENT ET PILOTAGE  \nDirection r\u00e9gionale et interd\u00e9partementale de l'environnement, de l'am\u00e9nagement et des transports d'\u00cele-de-France -\nIDF-2025-05-02-00004 - D\u00e9cision DRIEAT-IDF n\u00b0 2025-0394 du 2 mai 2025 portant subd\u00e9l\u00e9gation de signature en mati\u00e8re\nd'ordonnancement secondaire\net de commande publique pour le compte du pr\u00e9fet de la r\u00e9gion d'\u00cele-de-France\n65\n \nDRIEAT \n27-29 rue Leblanc \u2013 CS 57  246 \u2013 75  732 Paris CEDEX 15 \nT\u00e9l : +33 (0)1 40 61 80 80 \nwww.drieat.ile-de-france.developpement-durable.gouv.fr  31 \n \nParagraphe 1 \u2013 Ordonnancement secondaire \n \n1.  La subd\u00e9l\u00e9gation de signature du pr\u00e9sent paragraphe porte sur les programmes suivants du minist\u00e8re \nde la transition \u00e9cologique et de la coh\u00e9sion des territoires et du minist\u00e8re de la transition \u00e9nerg\u00e9tique, \nd'une part, et du minist\u00e8re de l'int\u00e9rieur d'autre part  : \n\uf0d8 \u00ab Conduite et pilotage des politiques de l'\u00e9cologie, du d\u00e9veloppement et de la mobilit\u00e9 durables  \u00bb \n(n\u00b0 217)  ; \n\uf0d8 \u00ab Administration territoriale de l'\u00c9tat  \u00bb (n\u00b0 354)   \n \n2. Subd\u00e9l\u00e9gation de signature est donn\u00e9e \u00e0 l'effet de signer dans les conditions fix\u00e9es dans les arr\u00eat\u00e9s \nsusvis\u00e9s, dans le cadre de leurs attributions et co mp\u00e9tences, toute pi\u00e8ce relative \u00e0 l'exercice de la \ncomp\u00e9tence d'ordonnateur secondaire d\u00e9l\u00e9gu\u00e9, tant pour les d\u00e9penses que pour les recettes \u00e0  : \n\u2022 M. Jean-Yves D\u00c9MARETZ, chef du service accompagneme nt et pilotage et son adjoint, M. Philippe \nLOUVET  ; \n\u2022 Mme Sandie CHAMBARET, responsable du d\u00e9partement qualit\u00e9 et innovation  ; \n\u2022 Mme Julie MANINI, responsable du d\u00e9partement pilotage du budget et des effectifs  ; \n\u2022 Mme Patricia AKPWA-MEDOU, charg\u00e9 d'\u00e9tudes budg\u00e9taires et financi\u00e8res  ; \n\u2022 M. Jean-Baptiste PUIGGALI, responsable du d\u00e9partement des affaires juridiques, de l'archivage et de \nla documentation  ; \n\u2022 Mme \u00c9milie AUFAUVRE, responsable de l'unit\u00e9 documentation et archivage  ; \n\u2022 M. Jonas COSTAGLIOLA, responsable de l'unit\u00e9 des affaires juridiques. \n \nParagraphe 2 \u2013 Passation et ex\u00e9cution des march\u00e9s publics et accords-cadres \n \n1. Subd\u00e9l\u00e9gation de signature est consentie, dans la limite de ses attributions et des montants indiqu \u00e9s \nci-dessous, pour signer toutes pi\u00e8ces relatives \u00e0 l a passation et l'ex\u00e9cution des march\u00e9s publics et d es \naccords-cadres, \u00e0  : \n \nNOM ET FONCTION Suppl\u00e9ant en cas d'absence \nou d'emp\u00eachement \nPassation et ex\u00e9cution de march\u00e9s et \naccords-cadres en montant HT maximum \nJean-Yves D\u00c9MARETZ, chef \ndu service \naccompagnement et \npilotage \nPhilippe LOUVET, adjoint \u00c9tudes et services 143  000  \u20ac \n \n2.  Subd\u00e9l\u00e9gation de signature est donn\u00e9e \u00e0 M. Jean-Yves D\u00c9MARETZ et M. Philippe LOUVET \n, dans la limite \nde leurs attributions, pour signer toute pi\u00e8ce rela tive \u00e0 l'ex\u00e9cution des march\u00e9s publics et des accords-\ncadres sup\u00e9rieurs aux seuils mentionn\u00e9s ci-dessus, \u00e0 l'exclusion des pi\u00e8ces mentionn\u00e9es ci-apr\u00e8s  : \n\u2013 rapport de pr\u00e9sentation  ; \n\u2013 d\u00e9cision d'attribution d'un march\u00e9 et lettre de rejet d'une offre  ; \n\u2013 acte d'engagement  ; \n\u2013 avenant ou acte modificatif  ; \n\u2013 d\u00e9cision d'affermissement de tranche conditionnelle ou optionnelle  ; \n\u2013 d\u00e9cision de reconduction ou non reconduction  ; \n\u2013 d\u00e9cision de r\u00e9siliation  ; \n\u2013 d\u00e9cision d'ajournement. \nDirection r\u00e9gionale et interd\u00e9partementale de l'environnement, de l'am\u00e9nagement et des transports d'\u00cele-de-France -\nIDF-2025-05-02-00004 - D\u00e9cision DRIEAT-IDF n\u00b0 2025-0394 du 2 mai 2025 portant subd\u00e9l\u00e9gation de signature en mati\u00e8re\nd'ordonnancement secondaire\net de commande publique pour le compte du pr\u00e9fet de la r\u00e9gion d'\u00cele-de-France\n66\n \nDRIEAT \n27-29 rue Leblanc \u2013 CS 57  246 \u2013 75  732 Paris CEDEX 15 \nT\u00e9l : +33 (0)1 40 61 80 80 \nwww.drieat.ile-de-france.developpement-durable.gouv.fr  32 \nDans l'hypoth\u00e8se o\u00f9 le montant initial du march\u00e9 es t augment\u00e9 (avenant \u00e0 incidences financi\u00e8res), le \nseuil est appr\u00e9ci\u00e9 sur le montant total du march\u00e9 public ou accord-cadre, apr\u00e8s augmentation. \n \nARTICLE 14 \u2013 SECR\u00c9TARIAT G\u00c9N\u00c9RAL  \n \nParagraphe 1 \u2013 Ordonnancement secondaire \n \n1.  La subd\u00e9l\u00e9gation de signature du pr\u00e9sent paragraphe porte sur  : \n \na. Les programmes du minist\u00e8re de la transition \u00e9co logique et de la coh\u00e9sion des territoires et du \nminist\u00e8re de la transition \u00e9nerg\u00e9tique  : \n\uf0d8 \u00ab Paysages, eau et biodiversit\u00e9 \u00bb (n\u00b0 113)  ; \n\uf0d8 \u00ab Urbanisme, territoire et am\u00e9lioration de l'habitat  \u00bb (n\u00b0 135)  ; \n\uf0d8 \u00ab Expertise, information g\u00e9ographique et m\u00e9t\u00e9orologie \u00bb (n\u00b0 159)  ; \n\uf0d8 \u00ab Energie, climat et apr\u00e8s-mines  \u00bb (n\u00b0 174)  ; \n\uf0d8 \u00ab Pr\u00e9vention des risques  \u00bb (n\u00b0 181)  ; \n\uf0d8 \u00ab Infrastructures et services de transport  \u00bb (n\u00b0 203)  ; \n\uf0d8 \u00ab Conduite et pilotage des politiques de l'\u00e9cologie, du d\u00e9veloppement et de la mobilit\u00e9 durables  \u00bb \n(n\u00b0 217)  ; \n\uf0d8 \u00ab \u00c9cologie  \u00bb (n\u00b0 362)  (hors volet immobilier public) ; \n\uf0d8 \u00ab Comp\u00e9titivit\u00e9  \u00bb (n\u00b0363)  ; \n\uf0d8 \u00ab Coh\u00e9sion  \u00bb (n\u00b0 364)  ; \n\uf0d8 \u00ab Fonds d'acc\u00e9l\u00e9ration de la transition \u00e9cologique dans les territoires  \u00bb (n\u00b0 380). \n \nb. Les programmes du minist\u00e8re de l'int\u00e9rieur  : \u00ab  S\u00e9curit\u00e9 et \u00e9ducation routi\u00e8res  \u00bb (n\u00b0  207), \n\u00ab Administration territoriale de l'\u00c9tat  \u00bb (n\u00b0 354) et \u00ab Conduite et pilotage des politiques de l'int\u00e9rieur  \u00bb \n(UO \u00ab convergence de l'action sociale r\u00e9gionale  \u00bb) (n\u00b0 216). \n \nc. Les programmes du minist\u00e8re de l'\u00e9conomie, des f inances et de la souverainet\u00e9 industrielle et \nnum\u00e9rique  : \u00ab Op\u00e9rations immobili\u00e8res et entretiens des b\u00e2timents de l'\u00c9tat  \u00bb (n\u00b0 723) et \u00ab  Performance \net r\u00e9silience des b\u00e2timents de l'\u00c9tat et de ses op\u00e9rateurs  \u00bb (n\u00b0  348). \n \nPour les programmes n\u00b0  354, n\u00b0  362 (volet immobilier public), n\u00b0  363, n\u00b0 723, n\u00b0 348 et n\u00b0  216, toute \nd\u00e9pense sup\u00e9rieure \u00e0 400  000  \u20ac HT devra faire l'objet d'un visa pr\u00e9alable du pr\u00e9 fet de la r\u00e9gion \u00cele-de-\nFrance, en application de l'article 3 de l'arr\u00eat\u00e9 de d\u00e9l\u00e9gation de signature en mati\u00e8re d'ordonnancement \nsecondaire susvis\u00e9. \n \n2.  Subd\u00e9l\u00e9gation de signature est donn\u00e9e \u00e0 l'effet de  signer dans les conditions fix\u00e9es dans les arr\u00eat\u00e9s  \nsusvis\u00e9s, dans le cadre de leurs attributions et co mp\u00e9tences, toute pi\u00e8ce relative \u00e0 l'exercice de la \ncomp\u00e9tence d'ordonnateur secondaire d\u00e9l\u00e9gu\u00e9, tant pour les d\u00e9penses que pour les recettes, \u00e0  : \n\u2022 M.  Ivan  ROCHARD, secr\u00e9taire g\u00e9n\u00e9ral et son adjointe, Mme Justine SONG  ; \n\u2022 M. Jean-Baptiste MOTTE, secr\u00e9taire g\u00e9n\u00e9ral d\u00e9l\u00e9gu\u00e9 \u00e0 la DiRIF et son adjoint, M. Pascal ERRECART. \n \n3.  Subd\u00e9l\u00e9gation de signature est donn\u00e9e \u00e0 l'effet de  signer, dans les conditions fix\u00e9es dans les arr\u00eat\u00e9 s \nsusvis\u00e9s et dans le cadre de leurs attributions et comp\u00e9tences, toute pi\u00e8ce relative \u00e0 l'exercice de l a \ncomp\u00e9tence d'ordonnateur secondaire d\u00e9l\u00e9gu\u00e9, tant pour les d\u00e9penses que pour les recettes, aux agents \nci-apr\u00e8s d\u00e9sign\u00e9s  : \n\u2022 M. Gr\u00e9goire DROUINEAU, chef du d\u00e9partement des affaires financi\u00e8res  ; \n\u2022 M. Valentin RAULT, adjoint au chef du d\u00e9partement des affaires financi\u00e8res  ; \nDirection r\u00e9gionale et interd\u00e9partementale de l'environnement, de l'am\u00e9nagement et des transports d'\u00cele-de-France -\nIDF-2025-05-02-00004 - D\u00e9cision DRIEAT-IDF n\u00b0 2025-0394 du 2 mai 2025 portant subd\u00e9l\u00e9gation de signature en mati\u00e8re\nd'ordonnancement secondaire\net de commande publique pour le compte du pr\u00e9fet de la r\u00e9gion d'\u00cele-de-France\n67\n \nDRIEAT \n27-29 rue Leblanc \u2013 CS 57  246 \u2013 75  732 Paris CEDEX 15 \nT\u00e9l : +33 (0)1 40 61 80 80 \nwww.drieat.ile-de-france.developpement-durable.gouv.fr  33 \n\u2022 Mme Assma YOUCHAA, cheffe de l'unit\u00e9 programmation et op\u00e9rations transverses  ; \n\u2022 M. Sten FANGUINOVENY, responsable du bureau des fin ances au secr\u00e9tariat g\u00e9n\u00e9ral d\u00e9l\u00e9gu\u00e9 \u00e0 la \nDiRIF, et son adjoint M. Reynald JOVELIN  ; \n\u2022 Mme Linda MANETTE, responsable du p\u00f4le fonctionnement courant  ; \n\u2022 Mme Annie LACROIX, cheffe du d\u00e9partement des ressources humaines et des comp\u00e9tences, \u00e0 l'effet \nde signer tous les actes et pi\u00e8ces relevant des attributions du d\u00e9partement, ainsi que pour pr\u00e9senter \ndes observations devant les comit\u00e9s m\u00e9dicaux et les commissions de r\u00e9forme  ; \n\u2022 M. Jean-Antoine DELMAS, adjoint \u00e0 la cheffe du d\u00e9pa rtement des ressources humaines et des \ncomp\u00e9tences, chef de l'unit\u00e9 carri\u00e8res et r\u00e9mun\u00e9ration  ; \n\u2022 Mme Nathalie RICHARD, responsable de l'unit\u00e9 format ion, handicap, accompagnement et \ncomp\u00e9tences, et M. Tarik MAHJOUBI, responsable de l'unit\u00e9 temps, effectifs, recrutement et mobilit\u00e9, \n\u00e0 l'effet de signer tous les actes et pi\u00e8ces releva nt du d\u00e9partement des ressources humaines et des \ncomp\u00e9tences en cas d'emp\u00eachement de leur responsable et de son adjointe  ; \n\u2022 M. Vincent ROUVEYROL, chef du d\u00e9partement de la commande publique et de la politique d'achat  ; \n\u2022 Mme Marie-Laure AYUSTE-PELAGE, cheffe du bureau des ressources humaines du secr\u00e9tariat g\u00e9n\u00e9ral \nd\u00e9l\u00e9gu\u00e9 aupr\u00e8s de la DiRIF  ; \n\u2022 Mme Sandrine FLORENTINY, adjoint \u00e0 la cheffe du bureau des ressources humaines  ; \n\u2022 M. Jean AUTERNAUD, chef du d\u00e9partement de la logistique et de la gestion immobili\u00e8re  ; \n\u2022 M. Patrick VALERE, chef du bureau de la logistique, de l'informatique et de l'immobilier  ; \n\u2022 M. Christophe LOUISET, adjoint au chef du bureau de la logistique, de l'information et de l'immobilier. \n \n4. Subd\u00e9l\u00e9gation de signature est donn\u00e9e \u00e0 l'effet d e signer dans les conditions fix\u00e9es dans les arr\u00eat\u00e9 s \nsusvis\u00e9s, dans le cadre de leurs attributions et comp\u00e9tences, et pour les programmes n\u00b0 113, n\u00b0  135, n\u00b0  159, \nn\u00b0  174, n\u00b0  181, n\u00b0  217, n\u00b0  354 et n\u00b0  723, toute pi\u00e8ce relative \u00e0 l'exercice de la comp\u00e9t ence d'ordonnateur \nsecondaire d\u00e9l\u00e9gu\u00e9, tant pour les d\u00e9penses que pour les recettes, \u00e0  : \n\u2022  \n\u2022 Mme Alessia LO SARDO, cheffe de l'unit\u00e9 budg\u00e9taire et comptable de Vincennes du d\u00e9partement \ndes affaires financi\u00e8res. \n \n5.  Subd\u00e9l\u00e9gation de signature est donn\u00e9e \u00e0 l'effet de signer, en application du d\u00e9cret n\u00b0  2012-1246 du 7 \nnovembre 2012 relatif \u00e0 la gestion budg\u00e9taire et comptable publique, les titres de perception et les titres \nex\u00e9cutoires constatant une cr\u00e9ance liquide et exigible \u00e0  : \n\u2022 M. Gr\u00e9goire DROUINEAU, chef du d\u00e9partement des affaires financi\u00e8res  ; \n\u2022 Mme Valentin RAULT, adjoint au chef du d\u00e9partement des affaires financi\u00e8res  ; \n\u2022 M. Sten FANGUINOVENY, responsable du bureau des fin ances au secr\u00e9tariat g\u00e9n\u00e9ral d\u00e9l\u00e9gu\u00e9 \u00e0 la \nDiRIF, et son adjoint M. Reynald JOVELIN. \n \n6.  Subd\u00e9l\u00e9gation de signature est donn\u00e9e \u00e0 l'effet de  signer, dans les conditions fix\u00e9es dans les arr\u00eat\u00e9 s \nsusvis\u00e9s et dans le cadre de leurs attributions et comp\u00e9tences, les pi\u00e8ces relatives \u00e0 la constatation de la \nd\u00e9pense et aux ordres de payer relatifs aux d\u00e9penses, aux agents ci-apr\u00e8s d\u00e9sign\u00e9s  : \n \n\uf0a7 pour le secr\u00e9tariat g\u00e9n\u00e9ral de la DRIEAT  ; \n\u2022 Mme Catherine KHELAF, adjointe au chef du d\u00e9parteme nt de la logistique et de la gestion \nimmobili\u00e8re  ; \n\u2022 Mme Corinne DENIS, adjointe au chef du d\u00e9partement de la logistique et de la gestion immobili\u00e8re  ; \n\u2022 Mme Armande LIMERY, responsable des services aux usagers  ; \n\u2022 Mme Florence FROMAGER, gestionnaire logistique immobilier  ; \n\u2022 M. Rachid SAHALI, et M. L\u00e9onard MAMIE, gestionnaires service logistique  ; \n\u2022 M. Jacques-Paul POUPART, gestionnaire du parc automobile  ; \nDirection r\u00e9gionale et interd\u00e9partementale de l'environnement, de l'am\u00e9nagement et des transports d'\u00cele-de-France -\nIDF-2025-05-02-00004 - D\u00e9cision DRIEAT-IDF n\u00b0 2025-0394 du 2 mai 2025 portant subd\u00e9l\u00e9gation de signature en mati\u00e8re\nd'ordonnancement secondaire\net de commande publique pour le compte du pr\u00e9fet de la r\u00e9gion d'\u00cele-de-France\n68\n \nDRIEAT \n27-29 rue Leblanc \u2013 CS 57  246 \u2013 75  732 Paris CEDEX 15 \nT\u00e9l : +33 (0)1 40 61 80 80 \nwww.drieat.ile-de-france.developpement-durable.gouv.fr  34 \n\u2022 M. Pascal DOBEL, gestionnaire restauration collective, nettoyage, accueil et espaces verts. \n \n\uf0a7 pour le secr\u00e9tariat g\u00e9n\u00e9ral d\u00e9l\u00e9gu\u00e9 \u00e0 la DiRIF  : \n\u2022 Mme Marie-Laure AYUSTE-PELAGE, cheffe du bureau des ressources humaines (BRH)  ; \n\u2022 Mme Sandrine FLORENTINY, adjointe \u00e0 la cheffe du bureau des ressources humaines  ; \n\u2022 Mme Anita DUBERVILLE, responsable du p\u00f4le strat\u00e9gie RH ; \n\u2022 Mme Warda BOURICHE, responsable du bureau formation, concours et recrutements. \n \nParagraphe 2 \u2013 Passation et ex\u00e9cution des march\u00e9s publics et accords-cadres \n \n1.  Subd\u00e9l\u00e9gation de signature est consentie, dans la limite de leurs attributions et des montants indiqu\u00e9s \nci-dessous, aux personnes suivantes  pour signer toutes pi\u00e8ces relatives \u00e0 la passation et l'ex\u00e9cution des \nmarch\u00e9s publics et des accords-cadres  : \n \nNOM ET FONCTION Suppl\u00e9ant en cas d'absence \nou d'emp\u00eachement \nPassation et ex\u00e9cution de march\u00e9s et \naccords-cadres en montant HT maximum \nIvan ROCHARD, SG Justine SONG, adjointe Travaux 300  000  \u20ac \nFournitures, \u00e9tudes et services 143  000  \u20ac \nJean-Baptiste MOTTE, \nSG d\u00e9l\u00e9gu\u00e9 \nPascal ERRECART, adjoint Travaux 300  000  \u20ac\n \nFournitures, \u00e9tudes et services 143  000  \u20ac \n \n2.  Subd\u00e9l\u00e9gation de signature est donn\u00e9e \u00e0 M.  Ivan  ROCHARD, secr\u00e9taire g\u00e9n\u00e9ral, \u00e0 Mme Justine SONG, \n\u00e0 M. Jean-Baptiste MOTTE et \u00e0 M. Pascal ERRECART, dans la limite de leurs attributions respectives, pour \nsigner toute pi\u00e8ce relative \u00e0 l'ex\u00e9cution des march\u00e9s publics et des accords-cadres sup\u00e9rieurs aux seuils \nmentionn\u00e9s ci-dessus, \u00e0 l'exclusion des pi\u00e8ces mentionn\u00e9es ci-apr\u00e8s  : \n\u2013 rapport de pr\u00e9sentation  ; \n\u2013 d\u00e9cision d'attribution d'un march\u00e9 et lettre de rejet d'une offre  ; \n\u2013 acte d'engagement  ; \n\u2013 avenant ou acte modificatif  ; \n\u2013 d\u00e9cision d'affermissement de tranche conditionnelle ou optionnelle  ; \n\u2013 d\u00e9cision de reconduction ou non reconduction  ; \n\u2013 d\u00e9cision de r\u00e9siliation  ; \n\u2013 d\u00e9cision d'ajournement. \n \nDans l'hypoth\u00e8se o\u00f9 le montant initial du march\u00e9 es t augment\u00e9 (avenant \u00e0 incidences financi\u00e8res), le \nseuil est appr\u00e9ci\u00e9 sur le montant total du march\u00e9 public ou accord-cadre, apr\u00e8s augmentation. \n \n3.  Subd\u00e9l\u00e9gation de signature est donn\u00e9e \u00e0 l'effet de  signer, dans le cadre de leurs attributions et \ncomp\u00e9tences, toute pi\u00e8ce relative \u00e0 la passation et  \u00e0 l'ex\u00e9cution des march\u00e9s inf\u00e9rieurs \u00e0 25  000  \u20ac HT, \nainsi que les commandes jusqu'\u00e0 25  000  \u20ac HT prises dans le cadre de march\u00e9s \u00e0 bons de comm andes \nrelevant de leurs attributions \u00e0 M. Patrick VALERE, chef du bureau de la logistique, de l'informatique  et \nde l'immobilier et son adjoint M. Christophe LOUISET. \n \n4.  Subd\u00e9l\u00e9gation de signature est donn\u00e9e aux personne s d\u00e9sign\u00e9es ci-apr\u00e8s \u00e0 l'effet de signer, dans le \ncadre de leurs attributions et comp\u00e9tences, toute p i\u00e8ce relative \u00e0 la passation et \u00e0 l'ex\u00e9cution des \nDirection r\u00e9gionale et interd\u00e9partementale de l'environnement, de l'am\u00e9nagement et des transports d'\u00cele-de-France -\nIDF-2025-05-02-00004 - D\u00e9cision DRIEAT-IDF n\u00b0 2025-0394 du 2 mai 2025 portant subd\u00e9l\u00e9gation de signature en mati\u00e8re\nd'ordonnancement secondaire\net de commande publique pour le compte du pr\u00e9fet de la r\u00e9gion d'\u00cele-de-France\n69\n \nDRIEAT \n27-29 rue Leblanc \u2013 CS 57  246 \u2013 75  732 Paris CEDEX 15 \nT\u00e9l : +33 (0)1 40 61 80 80 \nwww.drieat.ile-de-france.developpement-durable.gouv.fr  35 \nmarch\u00e9s inf\u00e9rieurs \u00e0 25  000  \u20ac HT, ainsi que les commandes jusqu'\u00e0 4  000  \u20ac HT prises dans le cadre de \nmarch\u00e9s \u00e0 bons de commandes relevant de leurs attributions  :  \n \n\u2022 pour le secr\u00e9tariat g\u00e9n\u00e9ral de la DRIEAT  : \n \n\u2022 M. Jean AUTERNAUD, chef du d\u00e9partement de la logistique et de la gestion immobili\u00e8re ;  \n\u2022 Mme Catherine KHELAF, adjoint au chef du d\u00e9partement de la logistique et de la gestion immobili\u00e8re ; \n\u2022 Mme Corinne DENIS, adjointe au chef du d\u00e9partement de la logistique et de la gestion immobili\u00e8re  ; \n\u2022 Mme Armande LIMERY, responsable des services aux usagers  ; \n\u2022 M. Florence FROMAGER, gestionnaire logistique  ; \n\u2022 M. Rachid SAHALI, et M. L\u00e9onard MAMIE, gestionnaires service logistique ;  \n\u2022 M. Pascal DOBEL, gestionnaire restauration collective, nettoyage, accueil et espaces verts. \n \n\u2022 pour le secr\u00e9tariat g\u00e9n\u00e9ral de la DRIEAT \u2013 d\u00e9l\u00e9gu\u00e9 \u00e0 la DiRIF : \n \n\u2022 Mme Marie-Laure AYUSTE-PELAGE, responsable du bureau des ressources humaines (BRH) ; \n\u2022 Mme Sandrine FLORENTINY, adjointe \u00e0 la cheffe du bureau des ressources humaines ; \n\u2022 Mme Warda BOURICHE, responsable du bureau formation, concours et recrutement ; \n\u2022 M. David LECOMTE, chef du bureau des affaires juridiques ; \n\u2022 Mme Catherine PERNOIS, adjointe au chef du bureau des affaires juridiques. \n \n5.  Subd\u00e9l\u00e9gation de signature est donn\u00e9e aux personne s d\u00e9sign\u00e9es ci-apr\u00e8s \u00e0 l'effet de signer, dans le \ncadre de leurs attributions et comp\u00e9tences, tous les courriers relatifs aux notifications des pi\u00e8ces li\u00e9es \u00e0 \nla passation et \u00e0 l'ex\u00e9cution des march\u00e9s publics et accords-cadres  : \n \n\u2022 M. Vincent ROUVEYROL, chef du d\u00e9partement de la commande publique et de la politique d'achat  ; \n\u2022 Mme Magguy DESPLAN, responsable de l'unit\u00e9 proc\u00e9dur es et instruction des march\u00e9s publics de \nCr\u00e9teil au d\u00e9partement de la commande publique  et de la politique d'achat ;   \n\u2022 M. Sten FANGUINOVENY, responsable du bureau des fin ances au secr\u00e9tariat g\u00e9n\u00e9ral d\u00e9l\u00e9gu\u00e9 \u00e0 la \nDiRIF, et son adjoint M. Reynald JOVELIN. \n \nARTICLE 15 \u2013 UNIT\u00c9S D\u00c9PARTEMENTALES \n \nARTICLE 15-1 \u2013 UNIT\u00c9 D\u00c9PARTEMENTALE DE PARIS \n \nParagraphe 1 \u2013 Ordonnancement secondaire \n \n1. La subd\u00e9l\u00e9gation de signature du pr\u00e9sent paragraphe porte sur  : \na. Les programmes du minist\u00e8re de la transition \u00e9co logique et de la coh\u00e9sion des territoires et du \nminist\u00e8re de la transition \u00e9nerg\u00e9tique  : \n\uf0d8 \u00ab Urbanisme, territoires et am\u00e9lioration de l'habitat \u00bb (n\u00b0 135)  ; \n\uf0d8 \u00ab Conduite et pilotage des politiques de l'\u00e9cologie, du d\u00e9veloppement et de la mobilit\u00e9 durables  \u00bb \n(n\u00b0 217).  \nb. Le programme du minist\u00e8re  de l'int\u00e9rieur : \u00ab Administration territoriale de l'\u00c9tat  \u00bb (n\u00b0 354). \n \nc. Le programme du minist\u00e8re de l'\u00e9conomie, des fin ances et de la souverainet\u00e9 industrielle et \nnum\u00e9rique  : \u00ab Op\u00e9rations immobili\u00e8res et entretiens des b\u00e2timents de l'\u00c9tat  \u00bb (n\u00b0 723). \n \nDirection r\u00e9gionale et interd\u00e9partementale de l'environnement, de l'am\u00e9nagement et des transports d'\u00cele-de-France -\nIDF-2025-05-02-00004 - D\u00e9cision DRIEAT-IDF n\u00b0 2025-0394 du 2 mai 2025 portant subd\u00e9l\u00e9gation de signature en mati\u00e8re\nd'ordonnancement secondaire\net de commande publique pour le compte du pr\u00e9fet de la r\u00e9gion d'\u00cele-de-France\n70\n \nDRIEAT \n27-29 rue Leblanc \u2013 CS 57  246 \u2013 75  732 Paris CEDEX 15 \nT\u00e9l : +33 (0)1 40 61 80 80 \nwww.drieat.ile-de-france.developpement-durable.gouv.fr  36 \nPour les programmes n\u00b0  354 et n\u00b0  723, toute d\u00e9pense sup\u00e9rieure \u00e0 400  000  \u20ac HT devra faire l'objet d'un \nvisa pr\u00e9alable du pr\u00e9fet de la r\u00e9gion \u00cele-de-France, en application de l'article 3 de l'arr\u00eat\u00e9 de d\u00e9l\u00e9gation \nde signature en mati\u00e8re d'ordonnancement secondaire susvis\u00e9. \n \n2.  Subd\u00e9l\u00e9gation de signature est donn\u00e9e \u00e0 l'effet de  signer, dans les conditions fix\u00e9es dans les arr\u00eat\u00e9 s \nsusvis\u00e9s et dans le cadre de leurs attributions et comp\u00e9tences, toute pi\u00e8ce relative \u00e0 l'exercice de l a \ncomp\u00e9tence d'ordonnateur secondaire d\u00e9l\u00e9gu\u00e9, tant pour les d\u00e9penses que pour les recettes, aux agents \nci-apr\u00e8s d\u00e9sign\u00e9s  : \n\u2022 M. Jean-Pascal BIARD, directeur r\u00e9gional et interd\u00e9 partemental adjoint de l'environnement, de \nl'am\u00e9nagement et des transports d'\u00cele-de-France, directeur de l'unit\u00e9 d\u00e9partementale de Paris  ; \n\u2022 M. Fran\u00e7ois BELBEZET, responsable du service am\u00e9nagement durable et connaissance des territoires  ; \n\u2022 Mme Laurence CACHEUX, responsable du service patrimoine, paysage et droit des sols  ; \n\u2022 Mme Natacha CARRIER-SCHRUMPF, responsable du service utilit\u00e9 publique et \u00e9quilibres territoriaux. \n \n3.  Subd\u00e9l\u00e9gation de signature est donn\u00e9e \u00e0 l'effet de  signer, dans les conditions fix\u00e9es dans les arr\u00eat\u00e9 s \nsusvis\u00e9s et dans le cadre de ses attributions, tout e pi\u00e8ce relative \u00e0 l'exercice de la comp\u00e9tence \nd'ordonnateur secondaire d\u00e9l\u00e9gu\u00e9, tant pour les d\u00e9p enses que pour les recettes, \u00e0 Mme Chantal \nGERVAIS, responsable de la mission d'appui au pilotage local. \n \nParagraphe 2 \u2013 Passation et ex\u00e9cution des march\u00e9s publics et accords-cadres \n \nSubd\u00e9l\u00e9gation de signature est consentie, dans la limite de leurs attributions et des montants indiqu\u00e9 s \nci-dessous, aux personnes suivantes  pour signer toute pi\u00e8ce relative \u00e0 la passation et l'ex\u00e9cution des \nmarch\u00e9s publics et des accords-cadres  : \n \n \nNOM ET FONCTION \nSuppl\u00e9ant en cas \nd'absence ou \nd'emp\u00eachement \nPassation et ex\u00e9cution de march\u00e9s et \naccords-cadres en montant HT \nmaximum \nJean-Pascal BIARD, directeur \nde l'unit\u00e9 d\u00e9partementale \nde Paris \nChantal GERVAIS, \nresponsable de la mission \nd'appui au pilotage local \nTravaux, fournitures, \n\u00e9tudes et services \n \n143  000  \u20ac \n \nARTICLE 15-2 \u2013 UNIT\u00c9 D\u00c9PARTEMENTALE DES HAUTS-DE-SEINE \n \nParagraphe 1 \u2013 Ordonnancement secondaire \n \n1.  La subd\u00e9l\u00e9gation de signature du pr\u00e9sent paragraphe porte sur  : \na. Les programmes du minist\u00e8re de la transition \u00e9co logique et de la coh\u00e9sion des territoires et du \nminist\u00e8re de la transition \u00e9nerg\u00e9tique  : \n\uf0d8 \u00ab Urbanisme, territoires et am\u00e9lioration de l'habitat \u00bb (n\u00b0 135)  ; \n\uf0d8 \u00ab Conduite et pilotage des politiques de l'\u00e9cologie, du d\u00e9veloppement et de la mobilit\u00e9 durables  \u00bb \n(n\u00b0 217)  ; \n\uf0d8 \u00ab \u00c9cologie  \u00bb (n\u00b0 362).  \n \nb. Les programmes du minist\u00e8re de l'int\u00e9rieur \u00ab  S\u00e9curit\u00e9 et \u00e9ducation routi\u00e8res  \u00bb (n\u00b0  207) et \n\u00ab Administration territoriale de l'\u00c9tat  \u00bb (n\u00b0 354) ; \n \nDirection r\u00e9gionale et interd\u00e9partementale de l'environnement, de l'am\u00e9nagement et des transports d'\u00cele-de-France -\nIDF-2025-05-02-00004 - D\u00e9cision DRIEAT-IDF n\u00b0 2025-0394 du 2 mai 2025 portant subd\u00e9l\u00e9gation de signature en mati\u00e8re\nd'ordonnancement secondaire\net de commande publique pour le compte du pr\u00e9fet de la r\u00e9gion d'\u00cele-de-France\n71\n \nDRIEAT \n27-29 rue Leblanc \u2013 CS 57  246 \u2013 75  732 Paris CEDEX 15 \nT\u00e9l : +33 (0)1 40 61 80 80 \nwww.drieat.ile-de-france.developpement-durable.gouv.fr  37 \nc. Le programme du minist\u00e8re de l'\u00e9conomie, des fin ances et de la souverainet\u00e9 industrielle et \nnum\u00e9rique  : \u00ab Op\u00e9rations immobili\u00e8res et entretiens des b\u00e2timents de l'\u00c9tat  \u00bb (n\u00b0 723). \n \nPour les programmes n\u00b0  354, n\u00b0  362 (volet immobilier public) et n\u00b0  723, toute d\u00e9pense sup\u00e9rieure \u00e0 \n400  000  \u20ac HT devra faire l'objet d'un visa pr\u00e9alable du pr\u00e9 fet de la r\u00e9gion \u00cele-de-France, en application \nde l'article 3 de l'arr\u00eat\u00e9 de d\u00e9l\u00e9gation de signature en mati\u00e8re d'ordonnancement secondaire susvis\u00e9. \n \n2. Subd\u00e9l\u00e9gation de signature est donn\u00e9e \u00e0 l'effet de signer, dans les conditions fix\u00e9es dans les arr\u00eat\u00e9s  \nsusvis\u00e9s et dans le cadre de leurs attributions et comp\u00e9tences, toute pi\u00e8ce relative \u00e0 l'exercice de l a \ncomp\u00e9tence d'ordonnateur secondaire d\u00e9l\u00e9gu\u00e9, tant pour les d\u00e9penses que pour les recettes, aux agents \nci-apr\u00e8s d\u00e9sign\u00e9s : \n \n\u2022 M.  Alain  TUFFERY, directeur r\u00e9gional et interd\u00e9partemental a djoint de l'environnement, de \nl'am\u00e9nagement et des transports de la r\u00e9gion \u00cele-de-France, directeur de l'unit\u00e9 d\u00e9partementale des \nHauts-de-Seine  ; \n\u2022 M. Fabrice MORONVAL, directeur-adjoint de l'unit\u00e9 d\u00e9partementale des Hauts-de-Seine  ; \n\u2022 Mme Sybille MULLER, directrice-adjointe de l'unit\u00e9 d\u00e9partementale des Hauts-de-Seine  ; \n\u2022 Mme Muriel LECAT, responsable du p\u00f4le d'appui au pilotage local  ; \n\u2022 M. Rodolphe VAN VLAENDEREN, chef du service urbanisme et construction durables et son adjointe, \nMme Sophie TCHENG  ; \n\u2022 Mme Louise DEVRIES, cheffe du service planification et am\u00e9nagement des territoires ; \n\u2022 Mme Lola MAGAZ, adjointe \u00e0 la cheffe du service planification et am\u00e9nagement des territoires. \n\u2022 Mme Claire ROSEV\u00c8GUE, cheffe du service risques et installations class\u00e9es et son adjoint, M. Olivier \nPAS  ; \n\u2022 Mme Smiljana SEKULIC-GELEBART, cheffe du service \u00e9ducation et s\u00e9curit\u00e9 routi\u00e8re. \n \nParagraphe 2 \u2013 Passation et ex\u00e9cution des march\u00e9s publics et accords-cadres \n \nSubd\u00e9l\u00e9gation de signature est consentie, dans la limite de leurs attributions et des montants indiqu\u00e9 s \nci-dessous, aux personnes suivantes pour signer tou te pi\u00e8ce relative \u00e0 la passation et l'ex\u00e9cution des  \nmarch\u00e9s publics et des accords-cadres : \n \nNOM ET FONCTION Suppl\u00e9ant en cas d'absence \nou d'emp\u00eachement \nPassation et ex\u00e9cution de \nmarch\u00e9s et accords-cadres en \nmontant HT maximum \nAlain  TUFFERY, directeur de l'unit\u00e9 \nd\u00e9partementale des Hauts-de-Seine \n \nFabrice MORONVAL, directeur-adjoint \nde l'unit\u00e9 d\u00e9partementale des Hauts-\nde-Seine  ; \n \nSybille MULLER, directrice-adjointe de \nl'unit\u00e9 d\u00e9partementale des Hauts-de-\nSeine \n \nMuriel LECAT, responsable \ndu p\u00f4le d'appui au pilotage \nlocal \nTravaux \nfournitures, \n\u00e9tudes et services \n \n \n143  000  \u20ac \n \nARTICLE 15-3 \u2013 UNIT\u00c9 D\u00c9PARTEMENTALE DE LA SEINE-SAINT-DENIS \nDirection r\u00e9gionale et interd\u00e9partementale de l'environnement, de l'am\u00e9nagement et des transports d'\u00cele-de-France -\nIDF-2025-05-02-00004 - D\u00e9cision DRIEAT-IDF n\u00b0 2025-0394 du 2 mai 2025 portant subd\u00e9l\u00e9gation de signature en mati\u00e8re\nd'ordonnancement secondaire\net de commande publique pour le compte du pr\u00e9fet de la r\u00e9gion d'\u00cele-de-France\n72\n \nDRIEAT \n27-29 rue Leblanc \u2013 CS 57  246 \u2013 75  732 Paris CEDEX 15 \nT\u00e9l : +33 (0)1 40 61 80 80 \nwww.drieat.ile-de-france.developpement-durable.gouv.fr  38 \n \nParagraphe 1 \u2013 Ordonnancement secondaire \n \n1.  La subd\u00e9l\u00e9gation de signature du pr\u00e9sent paragraphe porte sur  : \na. \u2013 Les programmes du minist\u00e8re de la transition \u00e9 cologique et de la coh\u00e9sion des territoires et du \nminist\u00e8re de la transition \u00e9nerg\u00e9tique  : \n\uf0d8 \u00ab Urbanisme, territoires et am\u00e9lioration de l'habitat \u00bb (n\u00b0 135)  ; \n\uf0d8 \u00ab Conduite et pilotage des politiques de l'\u00e9cologie, du d\u00e9veloppement et de la mobilit\u00e9 durables  \u00bb \n(n\u00b0 217)  ; \n\uf0d8 \u00ab \u00c9cologie  \u00bb (n\u00b0 362). \n  \nb. \u2013 Les programmes du minist\u00e8re de l'int\u00e9rieur  : \u00ab  S\u00e9curit\u00e9 et \u00e9ducation routi\u00e8res  \u00bb (n\u00b0  207)  et \n\u00ab Administration territoriale de l'\u00c9tat  \u00bb (n\u00b0 354) ; \n \nc. \u2013 Le programme du minist\u00e8re de l'\u00e9conomie, des f inances et de la souverainet\u00e9 industrielle et \nnum\u00e9rique  : \u00ab Op\u00e9rations immobili\u00e8res et entretiens des b\u00e2timents de l'\u00c9tat  \u00bb (n\u00b0 723). \n \nPour les programmes n\u00b0  354, n\u00b0  362 (volet immobilier public) et n\u00b0  723, toute d\u00e9pense sup\u00e9rieure \u00e0 \n400  000  \u20ac HT devra faire l'objet d'un visa pr\u00e9alable du pr\u00e9 fet de la r\u00e9gion \u00cele-de-France, en application \nde l'article 3 de l'arr\u00eat\u00e9 de d\u00e9l\u00e9gation de signature en mati\u00e8re d'ordonnancement secondaire susvis\u00e9. \n \n2.  Subd\u00e9l\u00e9gation de signature est donn\u00e9e \u00e0 l'effet de  signer dans les conditions fix\u00e9es dans les arr\u00eat\u00e9s  \nsusvis\u00e9s, dans le cadre de leurs attributions et co mp\u00e9tences, toute pi\u00e8ce relative \u00e0 l'exercice de la \ncomp\u00e9tence d'ordonnateur secondaire d\u00e9l\u00e9gu\u00e9, tant pour les d\u00e9penses que pour les recettes, aux agents \nci-apr\u00e8s d\u00e9sign\u00e9s  : \n \n\u2022 M. Laurent CONDOMINES, directeur r\u00e9gional et interd \u00e9partemental adjoint de l'environnement, de \nl'am\u00e9nagement et des transports d'\u00cele-de-France, di recteur de l'unit\u00e9 d\u00e9partementale de la Seine-\nSaint-Denis  ; \n\u2022 M. Andr\u00e9 COUBLE, directeur adjoint de l'unit\u00e9 d\u00e9partementale de la Seine-Saint-Denis  ; \n\u2022 Mme Sylvie CHATY, directrice adjointe de l'unit\u00e9 d\u00e9partementale de la Seine-Saint-Denis  ; \n\u2022 Mme Florence MONFORT, responsable du service urbani sme r\u00e9glementaire et b\u00e2timent, et son \nadjointe Mme C\u00e9line BARON ; \n\u2022 Mme Mathilde HONORAT, responsable du service planif ication et am\u00e9nagement des territoires, et \nson adjointe Mme Marie JUILLE,  ; \n\u2022 M. Didier BEAURAIN, chef du service \u00e9ducation et s\u00e9curit\u00e9 routi\u00e8res  ; \n\u2022 M. St\u00e9phane MUNCH, adjoint au chef du service \u00e9ducation et s\u00e9curit\u00e9 routi\u00e8res  ; \n\u2022 M. Joseph WALHA, responsable de la cellule logistique du p\u00f4le d'appui au pilotage local. \n \nParagraphe 2 \u2013 Passation et ex\u00e9cution des march\u00e9s publics et accords-cadres \n \nSubd\u00e9l\u00e9gation de signature est consentie, dans la limite de leurs attributions et des montants indiqu\u00e9 s \nci-dessous, aux personnes suivantes  pour signer toute pi\u00e8ce relative \u00e0 la passation et l'ex\u00e9cution des \nmarch\u00e9s publics et des accords-cadres  : \n \n NOM ET FONCTION  Suppl\u00e9ant en cas d'absence ou \nd'emp\u00eachement \nPassation et ex\u00e9cution de march\u00e9s et \naccords-cadres, en montant HT maximum  \nLaurent Andr\u00e9 COUBLE, directeur Travaux, fourniture s, \u00e9tudes et 143  000  \u20ac \nDirection r\u00e9gionale et interd\u00e9partementale de l'environnement, de l'am\u00e9nagement et des transports d'\u00cele-de-France -\nIDF-2025-05-02-00004 - D\u00e9cision DRIEAT-IDF n\u00b0 2025-0394 du 2 mai 2025 portant subd\u00e9l\u00e9gation de signature en mati\u00e8re\nd'ordonnancement secondaire\net de commande publique pour le compte du pr\u00e9fet de la r\u00e9gion d'\u00cele-de-France\n73\n \nDRIEAT \n27-29 rue Leblanc \u2013 CS 57  246 \u2013 75  732 Paris CEDEX 15 \nT\u00e9l : +33 (0)1 40 61 80 80 \nwww.drieat.ile-de-france.developpement-durable.gouv.fr  39 \nCONDOMINES, \ndirecteur de l'unit\u00e9 \nd\u00e9partementale 93 \nadjoint  ; \nSylvie CHATY, directrice \nadjointe  ; \n \nDidier BEAURAIN, chef du \nservice \u00e9ductation et s\u00e9curit\u00e9 \nrouti\u00e8res  \nservices \nJoseph WALHA, responsable \nde la cellule logistique du p\u00f4le \nd'appui au pilotage local \nTravaux, fournitures, \u00e9tudes et \nservices \n25  000  \u20ac\n \n \nARTICLE 15-4 \u2013 UNIT\u00c9 D\u00c9PARTEMENTALE DU VAL-DE-MARNE  \n \nParagraphe 1 \u2013 Ordonnancement secondaire \n \n1. La subd\u00e9l\u00e9gation de signature du pr\u00e9sent paragraphe porte sur  : \n \na. Les programmes du minist\u00e8re de la transition \u00e9co logique et de la coh\u00e9sion des territoires et du \nminist\u00e8re de la transition \u00e9nerg\u00e9tique  : \n\uf0d8 \u00ab Paysages, eau et biodiversit\u00e9 \u00bb (n\u00b0 113)  ; \n\uf0d8 \u00ab Urbanisme, territoires et am\u00e9lioration de l'habitat \u00bb (n\u00b0 135)  ; \n\uf0d8 \u00ab Conduite et pilotage des politiques de l'\u00e9cologie, du d\u00e9veloppement et de la mobilit\u00e9 durables  \u00bb \n(n\u00b0 217)  ; \n\uf0d8 \u00ab \u00c9cologie  \u00bb (n\u00b0  362). \n \nb. Les programmes du minist\u00e8re de l'int\u00e9rieur  : \u00ab  S\u00e9curit\u00e9 et \u00e9ducation routi\u00e8res  \u00bb (n\u00b0  207) et \n\u00ab Administration territoriale de l'\u00c9tat  \u00bb (n\u00b0 354) ; \n \nc. Le programme du minist\u00e8re de l'\u00e9conomie, des fin ances et de la souverainet\u00e9 industrielle et \nnum\u00e9rique  : \u00ab Op\u00e9rations immobili\u00e8res et entretiens des b\u00e2timents de l'\u00c9tat  \u00bb (n\u00b0 723). \n \nPour les programmes n\u00b0  354, n\u00b0  362 (volet immobilier public) et n\u00b0  723, toute d\u00e9pense sup\u00e9rieure \u00e0 \n400  000  \u20ac HT devra faire l'objet d'un visa pr\u00e9alable du pr\u00e9 fet de la r\u00e9gion \u00cele-de-France, en application \nde l'article 3 de l'arr\u00eat\u00e9 de d\u00e9l\u00e9gation de signature en mati\u00e8re d'ordonnancement secondaire susvis\u00e9. \n \n2.  Subd\u00e9l\u00e9gation de signature est donn\u00e9e \u00e0 l'effet de  signer, dans les conditions fix\u00e9es dans les arr\u00eat\u00e9 s \nsusvis\u00e9s et dans le cadre de leurs attributions et comp\u00e9tences, toute pi\u00e8ce relative \u00e0 l'exercice de l a \ncomp\u00e9tence d'ordonnateur secondaire d\u00e9l\u00e9gu\u00e9, tant pour les d\u00e9penses que pour les recettes, aux agents \nci-apr\u00e8s d\u00e9sign\u00e9s  : \n \n\u2022 Mme Julie TISSOT, directrice r\u00e9gionale et interd\u00e9pa rtementale adjointe de l'environnement, de \nl'am\u00e9nagement et des transports d'\u00cele-de-France, di rectrice de l'unit\u00e9 d\u00e9partementale du Val-de-\nMarne  ; \n\u2022 M. Herv\u00e9 ABDERRAHMAN, directeur-adjoint de l'unit\u00e9 d\u00e9partementale du Val-de-Marne  ; \n\u2022 Mme Fiona TCHANAKIAN, directrice-adjointe de l'unit\u00e9 d\u00e9partementale du Val-de-Marne  ; \n\u2022 Mme G\u00e9raldine SANAUR, cheffe du service planification et am\u00e9nagement des territoires  ; \n\u2022 M. Olivier COMPAGNET, adjoint \u00e0 la cheffe du service planification et am\u00e9nagement des territoires  ; \n\u2022 Mme Flora DELHOMME, adjointe \u00e0 la cheffe du service planification et am\u00e9nagement du territoire  ; \nDirection r\u00e9gionale et interd\u00e9partementale de l'environnement, de l'am\u00e9nagement et des transports d'\u00cele-de-France -\nIDF-2025-05-02-00004 - D\u00e9cision DRIEAT-IDF n\u00b0 2025-0394 du 2 mai 2025 portant subd\u00e9l\u00e9gation de signature en mati\u00e8re\nd'ordonnancement secondaire\net de commande publique pour le compte du pr\u00e9fet de la r\u00e9gion d'\u00cele-de-France\n74\n \nDRIEAT \n27-29 rue Leblanc \u2013 CS 57  246 \u2013 75  732 Paris CEDEX 15 \nT\u00e9l : +33 (0)1 40 61 80 80 \nwww.drieat.ile-de-france.developpement-durable.gouv.fr  40 \n\u2022 M. Didier CATTENOZ, chef du service urbanisme et construction durables ; \n\u2022 Mme Marie PRESANI, adjointe au chef du service urbanisme et construction durable  ;  \n\u2022 M. Fran\u00e7ois BOLLENGIER, chef du service \u00e9ducation et s\u00e9curit\u00e9 routi\u00e8re  ; \n\u2022 Mme Sa\u00efba KUMAR, adjointe au chef du service \u00e9ducation et s\u00e9curit\u00e9 routi\u00e8re ; \n\u2022 Mme Nadette BENAOUDA-GARCIA, cheffe du p\u00f4le d'appui au pilotage local  ; \n\u2022 M. Fran\u00e7ois MALARE, adjoint \u00e0 la cheffe du p\u00f4le appui au pilotage local. \n \nParagraphe 2 \u2013 Passation et ex\u00e9cution des march\u00e9s publics et accords-cadres \n \nSubd\u00e9l\u00e9gation de signature est consentie, dans la limite de leurs attributions et des montants indiqu\u00e9 s \nci-dessous, aux personnes suivantes  pour signer toute pi\u00e8ce relative \u00e0 la passation et l'ex\u00e9cution des \nmarch\u00e9s publics et des accords-cadres  : \n \nNOM ET FONCTION Suppl\u00e9ant en cas d'absence ou \nd'emp\u00eachement \nPassation et ex\u00e9cution de march\u00e9s et \naccords-cadres en montant HT maximum \nJulie TISSOT, \ndirectrice de l'unit\u00e9 \nd\u00e9partementale du \nVal-de-Marne \nHerv\u00e9 ABDERRAHMAN, \ndirecteur-adjoint de l'unit\u00e9 \nd\u00e9partementale du Val-de-\nMarne \nFiona TCHANAKIAN, \ndirectrice-adjointe de l'unit\u00e9 \nd\u00e9partementale du Val-de-\nMarne \n \nTravaux, fournitures, \n\u00e9tudes et services \n \n143  000  \u20ac \nFran\u00e7ois BOLLENGIER, \nresponsable du \nservice \u00e9ducation et \ns\u00e9curit\u00e9 routi\u00e8res \n Travaux, fournitures, \n\u00e9tudes et services \n143  000  \u20ac\n \nNadjette GARCIA \nBENAOUDA, cheffe \ndu p\u00f4le appui au \npilotage local \nFran\u00e7ois MALARE, adjoint \u00e0 la \ncheffe du p\u00f4le d'appui au \npilotage local \nTravaux, fournitures et \nservices \n25  000  \u20ac\n \n \nARTICLE 15-5 \u2013 UNIT\u00c9S D\u00c9PARTEMENTALES DE SEINE-ET-MARNE, DES YVELINES, DE L'ESSONNE ET \nDU VAL-D'OISE \n \nParagraphe \u2013 Ordonnancement secondaire \n \n1. La subd\u00e9l\u00e9gation de signature du pr\u00e9sent paragraphe  porte sur  le programme du minist\u00e8re de \nl'int\u00e9rieur  \u00ab Administration territoriale de l'\u00c9tat  \u00bb (n\u00b0 354) ; \n \nPour ce programme n\u00b0  354, toute d\u00e9pense sup\u00e9rieure \u00e0 400  000  \u20ac HT devra faire l'objet d'un visa \npr\u00e9alable du pr\u00e9fet de la r\u00e9gion \u00cele-de-France, en application de l'article 3 de l'arr\u00eat\u00e9 de d\u00e9l\u00e9gatio n de \nsignature en mati\u00e8re d'ordonnancement secondaire susvis\u00e9. \n \n2.  Subd\u00e9l\u00e9gation de signature est donn\u00e9e \u00e0 l'effet de  signer, dans les conditions fix\u00e9es dans les arr\u00eat\u00e9 s \nsusvis\u00e9s et dans le cadre de leurs attributions et comp\u00e9tences, toute pi\u00e8ce relative \u00e0 l'exercice de l a \ncomp\u00e9tence d'ordonnateur secondaire d\u00e9l\u00e9gu\u00e9, tant pour les d\u00e9penses que pour les recettes, aux agents \nci-apr\u00e8s d\u00e9sign\u00e9s  : \nDirection r\u00e9gionale et interd\u00e9partementale de l'environnement, de l'am\u00e9nagement et des transports d'\u00cele-de-France -\nIDF-2025-05-02-00004 - D\u00e9cision DRIEAT-IDF n\u00b0 2025-0394 du 2 mai 2025 portant subd\u00e9l\u00e9gation de signature en mati\u00e8re\nd'ordonnancement secondaire\net de commande publique pour le compte du pr\u00e9fet de la r\u00e9gion d'\u00cele-de-France\n75\n \nDRIEAT \n27-29 rue Leblanc \u2013 CS 57  246 \u2013 75  732 Paris CEDEX 15 \nT\u00e9l : +33 (0)1 40 61 80 80 \nwww.drieat.ile-de-france.developpement-durable.gouv.fr  41 \n \n\u2022 Mme Agn\u00e8s COURET, cheffe de l'unit\u00e9 d\u00e9partementale de Seine et Marne, et ses adjoints, Mme \nCl\u00e9mence JAHANGIR et M. David LEROUGE ; \n\u2022 Mme Delphine DUBOIS, cheffe de l'unit\u00e9 d\u00e9partementale des Yvelines, et son adjointe Mme Marielle \nMUGUERRA  ; \n\u2022 M. Patrick POIRET, chef de l'unit\u00e9 d\u00e9partementale de l'Essonne, et son adjointe Mme Sophie PIERRET  ; \n\u2022 M. Mathieu FERNANDEZ, r\u00e9f\u00e9rent d\u00e9partemental risques technologiques ; \n\u2022 M. Alexis RAFA, chef de l'unit\u00e9 d\u00e9partementale du Val-d'Oise, et son adjoint M. Thomas BLATON. \n \nARTICLE 16 \u2013 SERVICE DU NUM\u00c9RIQUE \n \nParagraphe 1 \u2013 Ordonnancement secondaire \n \n1.  La subd\u00e9l\u00e9gation de signature du pr\u00e9sent paragraphe porte sur  : \na. Le programme du minist\u00e8re de la transition \u00e9cologique et de la coh\u00e9sion des territoires et du minist\u00e8re \nde la transition \u00e9nerg\u00e9tique  : \u00ab Conduite et pilotage des politiques de l'\u00e9cologie, du d\u00e9veloppement et \nde la mobilit\u00e9 durables  \u00bb (n\u00b0 217). \n \nb. Le programme du minist\u00e8re de l'int\u00e9rieur  : \u00ab Administration territoriale de l'\u00c9tat  \u00bb (n\u00b0 354). \n \n2. Subd\u00e9l\u00e9gation de signature est donn\u00e9e, dans le cadr e de leurs attributions et comp\u00e9tences \u00e0 l'effet \nde signer dans les conditions fix\u00e9es dans les arr\u00eat \u00e9s susvis\u00e9s, toute pi\u00e8ce relative \u00e0 l'exercice de l a \ncomp\u00e9tence d'ordonnateur secondaire d\u00e9l\u00e9gu\u00e9, tant pour les d\u00e9penses que pour les recettes \u00e0  : \n\u2022 Mme Nathalie TINGRY, cheffe du service du num\u00e9rique ; \n\u2022 M. Ga\u00ebl BINTEIN, adjoint \u00e0 la cheffe du service du num\u00e9rique  ; \n\u2022 Mme Emmanuelle AIRAUD, cheffe du d\u00e9partement environnement num\u00e9rique de travail  ; \n\u2022 M. Jean-Marc VADO, chef du d\u00e9partement infrastructures, syst\u00e8mes d'information et s\u00e9curit\u00e9. \n \nParagraphe 2 \u2013 Passation et ex\u00e9cution des march\u00e9s publics et accords-cadres \n \nSubd\u00e9l\u00e9gation de signature est consentie, dans la limite de leurs attributions et des montants indiqu\u00e9 s \nci-dessous, aux personnes suivantes pour signer tou tes pi\u00e8ces relatives \u00e0 la passation et l'ex\u00e9cution des \nmarch\u00e9s publics et des accords-cadres  : \n \nNOM ET FONCTION Suppl\u00e9ant en cas d'absence ou \nd'emp\u00eachement \nPassation et ex\u00e9cution de march\u00e9s et \naccords-cadres en montant HT \nNathalie TINGRY, cheffe \ndu service du num\u00e9rique \n \n \nGa\u00ebl BINTEIN, adjoint \u00e0 \nla cheffe de service \n \nEmmanuelle AIRAUD, cheffe du \nd\u00e9partement environnement \nnum\u00e9rique de travail  ; \nJean-Marc VADO, chef du \nd\u00e9partement infrastructures, \nsyst\u00e8mes d'information et s\u00e9curit\u00e9  ; \nFr\u00e9d\u00e9ric LLABRES, chef de l'unit\u00e9 \nsyst\u00e8mes et r\u00e9seau. \n \nFournitures, \u00e9tudes \net services \n \n90  000  \u20ac \n \nARTICLE 17 - MISSION D'INSPECTION G\u00c9N\u00c9RALE TERRITORIALE DE PARIS \n \nDirection r\u00e9gionale et interd\u00e9partementale de l'environnement, de l'am\u00e9nagement et des transports d'\u00cele-de-France -\nIDF-2025-05-02-00004 - D\u00e9cision DRIEAT-IDF n\u00b0 2025-0394 du 2 mai 2025 portant subd\u00e9l\u00e9gation de signature en mati\u00e8re\nd'ordonnancement secondaire\net de commande publique pour le compte du pr\u00e9fet de la r\u00e9gion d'\u00cele-de-France\n76\n \nDRIEAT \n27-29 rue Leblanc \u2013 CS 57  246 \u2013 75  732 Paris CEDEX 15 \nT\u00e9l : +33 (0)1 40 61 80 80 \nwww.drieat.ile-de-france.developpement-durable.gouv.fr  42 \n1. Subd\u00e9l\u00e9gation de signature est donn\u00e9e, dans le cadr e de leurs attributions et comp\u00e9tences, pour les \nactes et pi\u00e8ces relatifs \u00e0 la passation et l'ex\u00e9cut ion des march\u00e9s et accords-cadres de fournitures et  de \nservices dont les montants sont inf\u00e9rieurs \u00e0 90  000  \u20ac HT, aux agents ci-apr\u00e8s d\u00e9sign\u00e9s : \n\u2022 Mme Corinne ETAIX, coordonnatrice de la MIGT de Paris  ; \n\u2022 Mme Farida BABA-MABROUKI, secr\u00e9taire g\u00e9n\u00e9rale. \n \n2. Subd\u00e9l\u00e9gation de signature est en outre donn\u00e9e, dans le cadre de leurs attributions et comp\u00e9tences, \npour constater le service fait et les ordres de pay er relatifs aux d\u00e9penses \u00e0  Mme Marie-Chantal JEAN-\nLOUIS. \n \n3. Pour l'utilisation de l'application de gestion de frais de d\u00e9placements, concernant les personnels de la \nMIGT, subd\u00e9l\u00e9gation est donn\u00e9e aux agents ci-apr\u00e8s  : \n\u2022 Mme Farida BABA-MABROUKI, pour valider les ordres d e mission, les engagements de cr\u00e9dits et les \npi\u00e8ces de mandatement correspondantes  ; \n\u2022 Mme Sophie NICOLAS-NELSON, assistante de la coordonnatrice, pour valider les ordres de mission. \n \nARTICLE 18 \u2013 DISPOSITIONS DIVERSES ET FINALES \n \n1.  Les subd\u00e9l\u00e9gataires en mati\u00e8re d'ordonnancement se condaire peuvent autoriser, par d\u00e9cision \nformalis\u00e9e, leurs collaborateurs \u00e0 attester le service fait conforme \u00e0 la commande. \n \n2. Demeurent soumis \u00e0 la signature du pr\u00e9fet de la r\u00e9gion d'\u00cele-de-France  : \n\u2013 les ordres de r\u00e9quisition du comptable public  ; \n\u2013 les d\u00e9cisions de passer outre \u00e0 l'avis d\u00e9favorable du contr\u00f4leur budg\u00e9taire r\u00e9gional ; \n\u2013 les conventions financi\u00e8res avec les collectivit\u00e9s territoriales et leurs \u00e9tablissements publics  ; \n\u2013 les conventions attribuant des subventions de 300.000 euros et plus  ; \n\u2013 les contrats de bail. \n \n3.  La d\u00e9cision n\u00b0  DRIEAT-IDF-2025-0102 du 27 janvier 2025 est abrog\u00e9e. \n \n4.  L'adjoint \u00e0 la directrice r\u00e9gionale et interd\u00e9part ementale de l'environnement, de l'am\u00e9nagement et \ndes transports d'\u00cele-de-France, charg\u00e9 du pilotage, est charg\u00e9 de l'ex\u00e9cution de la pr\u00e9sente d\u00e9cision qui \nsera publi\u00e9e au recueil des actes administratifs de la pr\u00e9fecture. \n \nFait \u00e0 Paris, le 2 mai 2025 \n \nLa directrice r\u00e9gionale et interd\u00e9partementale  \nde l'environnement, de l'am\u00e9nagement  \net des transports d'\u00cele-de-France \n \n \nSign\u00e9 \n \nEmmanuelle GAY \nDirection r\u00e9gionale et interd\u00e9partementale de l'environnement, de l'am\u00e9nagement et des transports d'\u00cele-de-France -\nIDF-2025-05-02-00004 - D\u00e9cision DRIEAT-IDF n\u00b0 2025-0394 du 2 mai 2025 portant subd\u00e9l\u00e9gation de signature en mati\u00e8re\nd'ordonnancement secondaire\net de commande publique pour le compte du pr\u00e9fet de la r\u00e9gion d'\u00cele-de-France\n77\nDirection Sp\u00e9cialis\u00e9e des Finances Publiques\npour l'Assistance Publique-H\u00f4pitaux de Paris\nIDF-2025-05-02-00008\nArr\u00eat\u00e9 directorial portant organisation des\nservices de la direction sp\u00e9cialis\u00e9e des finances\npubliques pour\nl'Assistance publique-H\u00f4pitaux de Paris\nDirection Sp\u00e9cialis\u00e9e des Finances Publiques pour l'Assistance Publique-H\u00f4pitaux de Paris - IDF-2025-05-02-00008 - Arr\u00eat\u00e9 directorial\nportant organisation des services de la direction sp\u00e9cialis\u00e9e des finances publiques pour\nl'Assistance publique-H\u00f4pitaux de Paris\n78\nREPUBLIQUEFRANCAISELibert\u00e9Egalit\u00e9Fraternit\u00e9\nTFINANCES PUBLIQUES\nArr\u00eat\u00e9  directorial  portant  organisation  des  services  de  la  direction  sp\u00e9cialis\u00e9e  des  finances  publiques  pour\nl'Assistance publique-H\u00f4pitaux de Paris\nLe directeur sp\u00e9cialis\u00e9 des finances publiques pour l'AP-HP ,\nVu le code civil, notamment ses articles 2331, 2332-2 et 2400,\nVu le code g\u00e9n\u00e9ral des imp\u00f4ts et notamment ses articles 1649A, 1649 ter et 1920 et suivants,\nVu le livre des proc\u00e9dures fiscales, notamment ses articles L. 262 et L. 283 A \u00e0 L. 283 F,\nVu le code g\u00e9n\u00e9ral des collectivit\u00e9s territoriales, notamment article L. 1617-5,\nVu le code de la sant\u00e9 publique, notamment ses articles L174-2-1, L 6111-4 et L 6145-8,\nVu le code de la s\u00e9curit\u00e9 sociale, notamment ses articles L174-2-1 et L174-2-3,\nVu le d\u00e9cret n\u00b0 82-453 du 28 mai 1982 relatif \u00e0 l'hygi\u00e8ne et \u00e0 la s\u00e9curit\u00e9 du travail ainsi qu'\u00e0 la pr\u00e9vention m\u00e9dicale\ndans la fonction publique,\nVu le d\u00e9cret n\u00b0 2009-208 du 20 f\u00e9vrier 2009 relatif au statut particulier des administrateurs des finances publiques,\nVu le d\u00e9cret n\u00b0 2009-707 du 16 juin 2009  modifi\u00e9 relatif aux services d\u00e9concentr\u00e9s de la direction g\u00e9n\u00e9rale des\nfinances publiques, notamment le II de son article 10,\nVu le d\u00e9cret n\u00b0 2012-1246 du 7 novembre 2012 relatif \u00e0 la gestion budg\u00e9taire et comptable publique, notamment\nses articles 19, 20, 22 et 41,\nVu l'arr\u00eat\u00e9 du 12 d\u00e9cembre 2011 relatif \u00e0 la cr\u00e9ation de  la direction sp\u00e9cialis\u00e9e des  finances publiques pour\nl'Assistance publique-H\u00f4pitaux de Paris,\nVu le d\u00e9cret en date du 13 avril 2023 nommant M. Laurent MARQUIER dans l'emploi de Directeur de la direction\nsp\u00e9cialis\u00e9e des finances publiques pour l'Assistance Publique-H\u00f4pitaux de Paris,\nVu les arr\u00eat\u00e9s du 21 avril 2023 portant d\u00e9l\u00e9gation de signature \u00e0 Monsieur Laurent MARQUIER, administrateur des\nfinances  publiques,  directeur  de  la  direction  sp\u00e9cialis\u00e9e  des  finances  publiques  pour  l'Assistance  Publique-\nH\u00f4pitaux de Paris en mati\u00e8re d'ordonnancement secondaire et d'ouverture ou de fermeture exceptionnelle des\nservices d\u00e9concentr\u00e9s de la direction sp\u00e9cialis\u00e9e des finances publiques pour l'Assistance Publique-H\u00f4pitaux de\nParis,\nVu la convention de  d\u00e9l\u00e9gation de gestion du 21 d\u00e9cembre 2017 d\u00e9signant la direction d\u00e9partementale des\nfinances publiques du Puy-de-D\u00f4me en qualit\u00e9 du d\u00e9l\u00e9gataire du directeur sp\u00e9cialis\u00e9 des finances publiques pour\nl'Assistance Publique-H\u00f4pitaux de Paris, en mati\u00e8re d'ordonnancement secondaire des recettes non fiscales,\nVu la convention de d\u00e9l\u00e9gation de gestion du 23 avril 2021 relative \u00e0 l'exp\u00e9rimentation d'un centre de gestion\nfinanci\u00e8re conclue entre la direction sp\u00e9cialis\u00e9e des finances publiques pour l'Assistance Publique-H\u00f4pitaux de\nParis et la direction r\u00e9gionale des finances publiques d'\u00cele-de-France et de Paris, p\u00f4le gestion publique Etat,\nVu la convention de d\u00e9l\u00e9gation de gestion du 16 novembre  2018 d\u00e9signant le service d'appui aux ressources\nhumaines  (SARH)  en  qualit\u00e9  du  d\u00e9l\u00e9gataire  du  directeur  sp\u00e9cialis\u00e9  des  finances  publiques  pour  l'Assistance\nPublique-H\u00f4pitaux de Paris pour la gestion administrative et la pr\u00e9-liquidation de la paye des agents rattach\u00e9s \u00e0 la\ndirection sp\u00e9cialis\u00e9e des finances publiques pour l'Assistance Publique- H\u00f4pitaux de Paris,\nVu la convention de d\u00e9l\u00e9gation de gestion du 3 ao\u00fbt 2020 d\u00e9signant la direction d\u00e9partementale des finances\npubliques de Seine-et-Marne, si\u00e8ge du service d'information aux agents (SIA), d\u00e9l\u00e9gataire du directeur sp\u00e9cialis\u00e9\ndes finances publiques pour l'Assistance Publique-H\u00f4pitaux de Paris pour la transmission aux agents rattach\u00e9s \u00e0 la\n1\nDirection Sp\u00e9cialis\u00e9e des Finances Publiques pour l'Assistance Publique-H\u00f4pitaux de Paris - IDF-2025-05-02-00008 - Arr\u00eat\u00e9 directorial\nportant organisation des services de la direction sp\u00e9cialis\u00e9e des finances publiques pour\nl'Assistance publique-H\u00f4pitaux de Paris\n79\ndirection sp\u00e9cialis\u00e9e des finances publiques pour l'Assistance Publique-H\u00f4pitaux de Paris d'informations relatives \u00e0\nleur gestion administrative et leur paye.\nVu  l'avis  du  comit\u00e9  technique  de  la  direction  sp\u00e9cialis\u00e9e  des  finances  publiques  pour  l'Assistance  Publique-\nH\u00f4pitaux de Paris du 23 juin 2020,\nSur proposition du directeur de la direction sp\u00e9cialis\u00e9e des finances publiques pour l'Assistance Publique-H\u00f4pitaux\nde Paris,\nArr\u00eate :\nARTICLE 1 - Direction\nLa direction sp\u00e9cialis\u00e9e des finances publiques est constitu\u00e9e de p\u00f4les, divisions, missions et services plac\u00e9s sous la\nresponsabilit\u00e9  du  directeur,  assist\u00e9  dans  ses  fonctions,  par  un  directeur  adjoint  appartenant  au  corps  des\nadministrateurs des finances publiques ou des administrateurs de l'Etat.\nSont rattach\u00e9s au directeur de la direction sp\u00e9cialis\u00e9e des finances publiques pour l'Assistance Publique-H\u00f4pitaux\nde Paris :\n-  La  mission directoriale risques-audit  (MDRA).  Confi\u00e9e  \u00e0 un responsable  de  la mission  directoriale  risques-audit\n(RDRA) ayant le grade d'inspecteur principal, elle met en \u0153uvre le programme d'audit et la strat\u00e9gie de ma\u00eetrise\ndes risques de la direction. Elle conduit des op\u00e9rations de contr\u00f4le interne et d'audit notamment \u00e0 l'\u00e9gard des\nr\u00e9gies de l'AP-HP . Elle pilote la cellule qualit\u00e9 comptable et est l'interlocutrice des commissaires aux comptes pour\nla certification des comptes de l'AP-HP . Le RDRA est l'interlocuteur du pilote risques-audit en inter-r\u00e9gion plac\u00e9\naupr\u00e8s du d\u00e9l\u00e9gu\u00e9 du directeur g\u00e9n\u00e9ral des finances publiques pour l'\u00cele-de-France. Il assure les fonctions de\nr\u00e9f\u00e9rent \u00ab fraude \u00bb.\n- La  mission strat\u00e9gie, communication et contr\u00f4le de gestion (mission S2CG).  Sur l'axe strat\u00e9gie, elle coordonne les\ntravaux pr\u00e9paratoires au dialogue de performance et de formalisation de la d\u00e9marche partenariale avec l'AP-HP , et\na en charge l'organisation du suivi de ces dossiers et du reporting de leur ex\u00e9cution.\nElle intervient \u00e9galement en appui\u00a0:\n. du directeur dans la d\u00e9clinaison des orientations strat\u00e9giques du cadre d'objectifs et de moyens de la DGFiP ,\nla mise \u00e0 jour des d\u00e9l\u00e9gations de signatures, de l'arr\u00eat\u00e9 directorial et des notes attach\u00e9es,\n. de la r\u00e9f\u00e9rente d\u00e9partementale de la relation usager (RDRU) dans le pilotage, la coordination et l'am\u00e9lioration\nde l'accueil multicanal,\n. de la r\u00e9f\u00e9rente continuit\u00e9 d'activit\u00e9 dans la mise \u00e0 jour du plan de continuit\u00e9 (PCA) de la direction. \nEn mati\u00e8re de communication, la mission S2CG intervient en appui de la charg\u00e9e de communication sur la mise en\n\u0153uvre de la politique de communication interne et externe arr\u00eat\u00e9e par le directeur, le pilotage du d\u00e9ploiement du\nnouvel intranet local de la direction et la d\u00e9termination de sa ligne \u00e9ditoriale.\nEnfin, le contr\u00f4le de gestion constitue un pivot de l'activit\u00e9 de la mission S2CG,  avec le d\u00e9veloppement  de\nnouveaux indicateurs de pilotage, de suivi et d'accompagnement de l'activit\u00e9 des quatre p\u00f4les de la direction\ndans  l'analyse  op\u00e9rationnelle,  l'int\u00e9gration  de  ces  indicateurs  dans  une  base  de  donn\u00e9es  (BDD)  mise  \u00e0  la\ndisposition (mensuellement) des chefs de service, ainsi que de tableaux de bord (TDB) diffus\u00e9s (trimestriellement)\n\u00e0 l'ensemble des agents de la direction.\nS'agissant des TDB, outre celui synth\u00e9tisant les principaux indicateurs de la direction, la mission S2CG est charg\u00e9e\nde la mise en place progressive d'un TDB sp\u00e9cifique \u00e0 chaque p\u00f4le, reprenant l'exhaustivit\u00e9 des indicateurs qui lui\nsont propres, permettant tant une transparence quant \u00e0 ses r\u00e9sultats qu'une aide \u00e0 la d\u00e9finition de la strat\u00e9gie et\ndes orientations m\u00e9tiers.\nLa mission dispose pour ce faire de l'acc\u00e8s \u00e0 l'ensemble des donn\u00e9es op\u00e9rationnelles et en assure l'analyse et la\nsynth\u00e8se pour les diff\u00e9rents acteurs.\nLe responsable de la mission est charg\u00e9 de communication, r\u00e9f\u00e9rent continuit\u00e9 d'activit\u00e9, r\u00e9f\u00e9rent DOCAD et\nporte  la  d\u00e9marche  Attractivit\u00e9  de  la  DGFiP .  Un  cadre  de  la  mission  assure  les  fonctions  de  correspondant\nsimplifications.\n-  L'assistante de pr\u00e9vention. Elle met en \u0153uvre les r\u00e8gles d'hygi\u00e8ne et de s\u00e9curit\u00e9 au travail, en application du d\u00e9cret\ndu 28 mai 1982 susvis\u00e9. Responsable de l'\u00e9valuation des risques professionnels elle met en place la politique de\n2/16\nDirection Sp\u00e9cialis\u00e9e des Finances Publiques pour l'Assistance Publique-H\u00f4pitaux de Paris - IDF-2025-05-02-00008 - Arr\u00eat\u00e9 directorial\nportant organisation des services de la direction sp\u00e9cialis\u00e9e des finances publiques pour\nl'Assistance publique-H\u00f4pitaux de Paris\n80\npr\u00e9vention des risques de la direction qu'elle repr\u00e9sente au sein du CSAL en formation sp\u00e9cialis\u00e9e de la DSFP pour\nl'AP-HP. Elle coordonne ses travaux avec le chef de la division des moyens selon les orientations du directeur et du\ndirecteur adjoint.\n-  Le secr\u00e9tariat de direction. Il  assure  les  missions  de  secr\u00e9tariat  pour  le  directeur  et  le  directeur  adjoint,  de\nwebmestre et de communication en liaison avec la mission S2CG. Il assure \u00e9galement la gestion de la bo\u00eete\ng\u00e9n\u00e9rique de la direction sp\u00e9cialis\u00e9e, des planning et r\u00e9servations de ressources pour l'organisation des r\u00e9unions.\nTITRE 1 - LE P\u00d4LE RESSOURCES\nLe p\u00f4le  Ressources assure la ma\u00eetrise des ressources humaines, budg\u00e9taires et informatiques financ\u00e9es par la\ndirection g\u00e9n\u00e9rale des finances publiques (DGFiP) et n\u00e9cessaires au bon fonctionnement des services.\nSes missions s'exercent conform\u00e9ment aux d\u00e9l\u00e9gations de gestion, consenties au moyen de conventions, aux\nservices  de  la  DGFiP  en  mati\u00e8re  d'ordonnancement  secondaire  des  d\u00e9penses,  des  recettes,  de  gestion  des\npersonnels et d'information de ces derniers.\nARTICLE 2 - Directeur de p\u00f4le\nLa direction du p\u00f4le Ressources (PR) est confi\u00e9e au directeur adjoint auquel sont rattach\u00e9s la division de la gestion\ndes moyens et le service des ressources informatiques.\nLe directeur du PR assure les fonctions de r\u00e9f\u00e9rent pour la pr\u00e9vention de la radicalisation et du terrorisme et de\ncorrespondant pour la d\u00e9marche \u00e9co-responsable (EcoFip).\nARTICLE 3 - Division des moyens\nLa division de la gestion des moyens comprend les services des ressources humaines, des ressources budg\u00e9taires et\nlogistiques, de la formation professionnelle ainsi que le secteur du dialogue social.\nElle organise le dialogue social avec les organisations syndicales, via le comit\u00e9 social d'administration  local (CSAL),\nqui se r\u00e9unit \u00e9galement en formation sp\u00e9cialis\u00e9e sur le p\u00e9rim\u00e8tre des questions relevant auparavant du comit\u00e9\nhygi\u00e8ne s\u00e9curit\u00e9 et conditions de travail (CHSCT) et les groupes de travail permettant d'approfondir les sujets\nconcernant les conditions de vie des agents au travail et l'exercice des m\u00e9tiers.\nLa cheffe de division assure des fonctions de r\u00e9f\u00e9rent \u00ab conditions de vie au travail (CVT) \u00bb, \u00ab Covid \u00bb,  \u00abprotection\njuridique - d\u00e9ontologie\u00bb, \u00ab pr\u00e9vention du harc\u00e8lement moral et sexuel et des violences sexistes \u00bb et d'ambassadrice\ndu mod\u00e8le manag\u00e9rial de la DGFiP .\nLa cheffe de division assure les fonctions de \u00ab responsable local de la formation \u00bb (RLF) et g\u00e8re, \u00e0 ce titre, la strat\u00e9gie et\nles  actions  de  formation  propres  \u00e0  favoriser  la  promotion  interne  et  \u00e0  renforcer  la  ma\u00eetrise  technique\nprofessionnelle.\nLa cheffe de division assure les fonctions de \u00ab d\u00e9l\u00e9gu\u00e9e \u00e0 la s\u00fbret\u00e9 \u00bb (DS) \u00bb. Elle d\u00e9finit la strat\u00e9gie de la direction, en\nmati\u00e8re de s\u00e9curit\u00e9 des personnes, des valeurs et des biens. Elle con\u00e7oit les mesures d'am\u00e9lioration d\u00e9cid\u00e9es en\nmati\u00e8re  de  gestion  du syst\u00e8me  d'alarme,  de  vid\u00e9o-protection  et  de  pr\u00e9vention  contre  la  radicalisation  et  le\nterrorisme. Elle se coordonne en la mati\u00e8re avec le service de l'AP-HP responsable de la s\u00e9curit\u00e9 du site.\nARTICLE 4 - Ressources humaines\nLe  service  des  ressources  humaines  (SRH)  assure  la  gestion  des  campagnes  annuelles  en  mati\u00e8re  d'emploi,\nrecrutement, affectation et mutation, d\u00e9part \u00e0 la retraite, \u00e9valuation et promotion. Il contribue au prononc\u00e9 des\ndistinctions honorifiques et des sanctions disciplinaires.\nIl prend tout acte int\u00e9ressant les agents de la direction, titulaires et contractuels, notamment stagiaires, auxiliaires,\nPACTEs, apprentis et volontaires du service civique, dans le respect des conventions de d\u00e9l\u00e9gation de gestion des\n16 novembre 2018 et 4 ao\u00fbt 2020 susvis\u00e9es, en mati\u00e8re de paye et d'information des agents.\n3/16\nDirection Sp\u00e9cialis\u00e9e des Finances Publiques pour l'Assistance Publique-H\u00f4pitaux de Paris - IDF-2025-05-02-00008 - Arr\u00eat\u00e9 directorial\nportant organisation des services de la direction sp\u00e9cialis\u00e9e des finances publiques pour\nl'Assistance publique-H\u00f4pitaux de Paris\n81\nIl  veille  \u00e0 l'insertion  professionnelle  des  personnels  handicap\u00e9s  et favorise  la diversit\u00e9  des recrutements.  Les\nmissions de \u00ab correspondant social \u00bb et de  \u00ab r\u00e9f\u00e9rent local du handicap \u00bb sont assur\u00e9es par un agent de cat\u00e9gorie B\nd\u00e9sign\u00e9 au sein de ce service. La cheffe de service est r\u00e9f\u00e9rente \u00ab t\u00e9l\u00e9travail \u00bb.\nIl alimente le dialogue social avec les organisations syndicales, via le comit\u00e9 social d'administration local (CSAL),\nqui se r\u00e9unit \u00e9galement en formation sp\u00e9cialis\u00e9e sur le p\u00e9rim\u00e8tre des questions relevant auparavant du comit\u00e9\nhygi\u00e8ne s\u00e9curit\u00e9 et conditions de travail (CHSCT) et les groupes de travail permettant d'approfondir les sujets\nconcernant les conditions de vie des agents au travail et l'exercice des m\u00e9tiers. Il r\u00e9dige et \u00e9labore notamment le\nbilan social et le tableau de bord de veille sociale.\nARTICLE 5 - Ressources budg\u00e9taires et logistiques\nLe service des ressources budg\u00e9taires et logistiques (SRBL) assure l'ex\u00e9cution du budget de la direction au moyen\nde  la  dotation  globale  de  fonctionnement  attribu\u00e9e  par  l'administration  centrale.  Il  prescrit  toute  d\u00e9pense\nautoris\u00e9e,  notamment  en  mati\u00e8re  de  locaux  (redevances  domaniales,  nettoyage),  \u00e9quipement  mobilier  et\ninformatique, affranchissement, fluides et r\u00e9seau, fournitures et frais de poursuites par voie de commissaires de\njustice.\nEn qualit\u00e9 de service prescripteur, il demande l'enregistrement en comptabilit\u00e9 de l'\u00c9tat de l'engagement des\nd\u00e9penses aupr\u00e8s de la direction r\u00e9gionale des finances publiques (DRFiP) d'\u00eele-de- France, si\u00e8ge du centre de\ngestion financi\u00e8re. Il enregistre et certifie le service fait permettant le paiement par le comptable assignataire.\nLes assignations en d\u00e9pense aupr\u00e8s de la DRFiP d'\u00eele-de-France et en recette aupr\u00e8s de la DDFiP du Puy-de-D\u00f4me\nr\u00e9sultent d'arr\u00eat\u00e9s et d\u00e9l\u00e9gations d'ordonnancement publi\u00e9s.\nLe service assure la gestion immobili\u00e8re et logistique de la direction dans le respect des comp\u00e9tences assur\u00e9es par\nles services de l'AP-HP en ces mati\u00e8res. Il dispose d'un vaguemestre pour la gestion du courrier externe qui se\ncoordonne avec celui de l'AP-HP pour le courrier interne \u00e0 ses services.\nARTICLE 6- Ressources informatiques\nLe service des ressources informatiques (SRI) participe \u00e0 l'exploitation informatique des fichiers d'interface pour\nles applications de la DGFiP reli\u00e9es au syst\u00e8me d'information de gestion pr\u00e9cit\u00e9.\nLe service des ressources informatiques met en \u0153uvre le partenariat informatique formalis\u00e9 par conventions entre\nla DGFiP et l'AP-HP , dans le respect de l'organisation et des comp\u00e9tences de la direction des services num\u00e9riques\n(DSN) de l'AP-HP en mati\u00e8re d'exploitation, de d\u00e9veloppement, de s\u00e9curit\u00e9 et de protection des donn\u00e9es.\nIl  repr\u00e9sente  la  direction  dans  les  instances  mises  en  place  dans  le  cadre  de  la  gouvernance  du  syst\u00e8me\nd'information de gestion partag\u00e9 (applications EIFEL et SIRH) entre l'ordonnateur et le comptable.\nAu titre d'assistance \u00e0 ma\u00eetrise d'ouvrage, il coordonne les travaux de la ma\u00eetrise d'ouvrage des projets assur\u00e9e par\nles services de la direction en mati\u00e8re de recouvrement et num\u00e9rique, d\u00e9pense et comptabilit\u00e9, production du\ncompte financier, moyens de paiement et gestion des h\u00e9berg\u00e9s. En liaison avec la DSN de l'AP-HP et le service du\nsyst\u00e8me  d'information  (SSI)  de  la  DGFiP ,  il  recense  les  besoins  de  la  direction,  propose  les  maintenances  et\nd\u00e9veloppements induits, contribue \u00e0 la r\u00e9daction des cahiers des charges et, le cas \u00e9ch\u00e9ant, \u00e0 leur \u00e9valuation\nfinanci\u00e8re, participe \u00e0 la recette et \u00e0 la mise en production des \u00e9volutions pr\u00e9cit\u00e9es. Il assure la communication\nadapt\u00e9e  aux  diff\u00e9rents  publics,  notamment  par  la  documentation  des  projets  et  la  production  de  manuels\nutilisateurs.\nN'assurant pas le support au titre de l'assistance utilisateur, le service prend part aux actions \u00e0 conduire en tant\nque de besoin en liaison avec les niveaux d'assistance concern\u00e9s de la DGFiP et de la DSN de l'AP-HP . Service de\nproximit\u00e9, il informe les autres services de la direction de la survenance des incidents et de leur r\u00e9solution.\nLe chef du SRI est correspondant d\u00e9mat\u00e9rialisation et correspondant transformation num\u00e9rique .  Un inspecteur\nest r\u00e9f\u00e9rent \u00e9ditique pour la direction et coordonne les travaux en la mati\u00e8re avec les services concern\u00e9s de la\ndirection g\u00e9n\u00e9rale des finances publiques et de l'AP-HP .\nTITRE 2 - LE SERVICE FACTURIER (SFACT)\n4/16\nDirection Sp\u00e9cialis\u00e9e des Finances Publiques pour l'Assistance Publique-H\u00f4pitaux de Paris - IDF-2025-05-02-00008 - Arr\u00eat\u00e9 directorial\nportant organisation des services de la direction sp\u00e9cialis\u00e9e des finances publiques pour\nl'Assistance publique-H\u00f4pitaux de Paris\n82\nPlac\u00e9 sous la responsabilit\u00e9 du comptable public, en application de l'article 41 du d\u00e9cret du 7  novembre 2012\nsusvis\u00e9, le service facturier re\u00e7oit et enregistre les factures et titres \u00e9tablissant les droits acquis aux cr\u00e9anciers de\nl'AP-HP . Il arr\u00eate le montant de la d\u00e9pense au vu des factures et titres pr\u00e9cit\u00e9s et de la certification du service fait.\nCette certification constitue l'ordre de payer.\nIl ex\u00e9cute, \u00e0 cette fin, les op\u00e9rations financi\u00e8res des services gestionnaires des achats de l'AP-HP par la cr\u00e9ation de\nla demande de paiement, le visa et la validation de la mise en paiement de la d\u00e9pense.\nLe service facturier est structur\u00e9 en services appel\u00e9s \u00ab p\u00f4les \u00bb compos\u00e9s \u00e0 la fois d'agents de l'AP-HP et de la DGFiP ,\nchacun conservant les droits et obligations de son statut d'origine. Chacun des p\u00f4les \u00e9labore la documentation\ninterne et \u00e0 destination des sites de l'AP-HP et effectue le suivi statistique de son activit\u00e9.\nARTICLE 7 - Direction du SFACT\nLe service facturier est dirig\u00e9 par un(e) administrateur(trice) des finances publiques adjointe (AFiPA), assist\u00e9(e) d'un\nadjoint, cadre administratif de cat\u00e9gorie A+ relevant de l'AP-HP , auxquels sont rattach\u00e9s les \u00ab  p\u00f4les \u00bb. Durant la\nvacance du poste de directeur(trice), l'int\u00e9rim de la direction du SFACT est assur\u00e9 par le responsable de la MDRA.\nLe(La) directeur(trice) du SFACT d\u00e9cline la strat\u00e9gie du service facturier pour la direction et assure le suivi de ses\nindicateurs  d'activit\u00e9  en  liaison  avec  la  mission  S2CG.  Il(elle)  contribue  \u00e0  la  fiabilisation  des  enregistrements\ncomptables et \u00e0 l'\u00e9volution des contr\u00f4les du comptable public, au pilotage de la cha\u00eene de la d\u00e9pense et \u00e0 la\ngestion de la relation avec les fournisseurs.\nUn charg\u00e9 de mission, inspecteur des finances publiques, vient appuyer le traitement de certaines probl\u00e9matiques\nrelevant du service facturier.\nARTICLE 8 - Fournisseurs\nLe p\u00f4le fournisseurs comprend une \u00abCellule de supervision des tiers\u00bb, une cellule \u00abRelations avec les fournisseurs\u00bb  et une\ncellule \u00abQualit\u00e9 des march\u00e9s publics \u00bb.\nLa \u00ab cellule de supervision des tiers \u00bb (CST) contr\u00f4le, aux fins de validation, les pr\u00e9-saisies des codes tiers cr\u00e9anciers\neffectu\u00e9es par les services gestionnaires de l'AP-HP . Elle effectue les mises \u00e0 jour du r\u00e9f\u00e9rentiel des tiers cr\u00e9anciers\npar suppression des doublons et actualisation des diff\u00e9rentes donn\u00e9es. Elle suit la r\u00e9gularisation des factures dites\nen \u00e9cart au motif \u00ab tiers cr\u00e9ancier ou coordonn\u00e9es bancaires non conformes \u00bb. Elle archive l'ensemble des pi\u00e8ces des\ndossiers de codification des tiers cr\u00e9anciers.\nLa \u00ab cellule relations avec les fournisseurs \u00bb assure un accueil t\u00e9l\u00e9phonique et r\u00e9pond par courriel aux demandes des\ntiers cr\u00e9anciers. Elle g\u00e8re les r\u00e8glements prioritaires en direction de ces derniers en relation avec le service vis\u00e9 \u00e0\nl'article 27 . Elle recueille aupr\u00e8s d'eux les pi\u00e8ces manquantes au dossier de facturation. Elle organise des r\u00e9unions\navec  les  fournisseurs  concernant  leur  facturation  et  paiement.  Elle  traite  les  demandes  d\u00e9pos\u00e9es  par  les\nfournisseurs sur le portail Chorus Pro de la DGFiP et sensibilise les fournisseurs \u00e0 son utilisation. Elle \u00e9value la\nsatisfaction  des  fournisseurs  vis-\u00e0-vis  des  prestations  du  service.  Elle  proc\u00e8de  \u00e0  l'archivage  vivant  des  pi\u00e8ces\njustificatives.\nLa \u00ab cellule qualit\u00e9 des march\u00e9s publics \u00bb v\u00e9rifie la conformit\u00e9 au droit et consignes en vigueur de tous les march\u00e9s\npublics ex\u00e9cut\u00e9s par l'AP-HP (march\u00e9s centraux ou march\u00e9s locaux) et repr\u00e9sente le comptable public au sein de la\ncommission des contrats publics. Elle signale aux cellules centrales et locales march\u00e9s de l'AP-HP les \u00e9carts sur\nmarch\u00e9s et suit ces \u00e9carts. Elle suit les factures dites en \u00e9cart au motif d'un march\u00e9 public non conforme et cr\u00e9e\nles demandes de mise en paiement (DMP) apr\u00e8s r\u00e9solution de l'\u00e9cart. Elle contr\u00f4le la conformit\u00e9 des pi\u00e8ces \u00e0\nl'enregistrement du march\u00e9 dans le syst\u00e8me d'information. Elle recense et analyse les causes de non-conformit\u00e9\ndes pi\u00e8ces de march\u00e9 ou des donn\u00e9es saisies. Elle recueille des \u00e9l\u00e9ments d'analyse des pratiques des sites de l'AP-\nHP en mati\u00e8re de march\u00e9s et autres contrats.\nARTICLE 9 - D\u00e9penses de travaux\nLe p\u00f4le \u00ab travaux \u00bb assure la gestion des factures re\u00e7ues au titre des march\u00e9s de travaux de l'AP-HP .\nIl cr\u00e9e la demande de mise en paiement (DMP) \u00e0 partir des factures re\u00e7ues.\n5/16\nDirection Sp\u00e9cialis\u00e9e des Finances Publiques pour l'Assistance Publique-H\u00f4pitaux de Paris - IDF-2025-05-02-00008 - Arr\u00eat\u00e9 directorial\nportant organisation des services de la direction sp\u00e9cialis\u00e9e des finances publiques pour\nl'Assistance publique-H\u00f4pitaux de Paris\n83\nIl rep\u00e8re, d\u00e9clare et suit le traitement des factures en \u00e9cart du fait notamment de la non concordance de la\nfacture avec la commande et/ou la certification du service fait. Il contr\u00f4le la d\u00e9pense sur la base notamment des\ncontr\u00f4les du comptable public et valide la demande de mise en paiement.\nIl met en paiement, sur demande du site concern\u00e9 de l'AP-HP , les int\u00e9r\u00eats moratoires et, le cas \u00e9ch\u00e9ant, les\nindemnit\u00e9s forfaitaires et compl\u00e9mentaires pr\u00e9vues par la r\u00e9glementation en vigueur.\nARTICLE 10 - D\u00e9penses hors travaux\nCinq p\u00f4les assurent le traitement des factures re\u00e7ues au titre des autres march\u00e9s de l'AP-HP :\n-  Le  p\u00f4le  \u00ab AP -HP Centre-Universit\u00e9 de Paris\u00bb pour  les  h\u00f4pitaux :  Corentin-Celton,  Cochin,  H\u00f4tel-  Dieu,  Broca,\nVaugirard, Necker enfants malades, H\u00f4pital Europ\u00e9en Georges Pompidou (HEGP) et Hendaye.\n- Le  p\u00f4le  \u00ab AP -HP Sorbonne Universit\u00e9 \u00bb pour  les  h\u00f4pitaux :  La  Piti\u00e9-Salp\u00eatri\u00e8re-Charles  Foix,  Tenon,  Trousseau,\nRothschild, Saint-Antoine, La Roche Guyon, San Salvadour et l'hospitalisation \u00e0 domicile.\n- Le p\u00f4le  \u00ab AP -HP Nord - Universit\u00e9 de Paris\u00bb pour les groupes hospitaliers Paris-Nord Val-de-Seine (Bichat, Beaujon,\nBretonneau, Louis-Mourier, Saint-Louis-Lariboisi\u00e8re-Fernand-Widal et Robert Debr\u00e9) et les H\u00f4pitaux Avicenne, Jean-\nVerdier, Ren\u00e9-Muret.\n- Le p\u00f4le \u00ab AP -HP Universit\u00e9 Paris Saday-Mondor \u00bb pour les h\u00f4pitaux Bic\u00eatre, Antoine-B\u00e9cl\u00e8re, Paul-Brousse, Raymond-\nPoincar\u00e9, Ambroise Par\u00e9, Sainte-P\u00e9rine, Berck et les H\u00f4pitaux universitaires Henri Mondor, Albert-Chenevier, Emile-\nRoux, Dupuytren, Georges-Cl\u00e9menceau et Paul Doumer.\n- Le p\u00f4le  \u00ab transverse \u00bb traitant, d'une part, les factures de tous les groupes hospitaliers dont le volume exige un\ntraitement  uniforme  (int\u00e9rim,  restauration,  transports...)  ou  la  complexit\u00e9  justifie  un  traitement  sp\u00e9cifique\n(d\u00e9penses par pr\u00e9l\u00e8vement, par cartes d'achats, march\u00e9 de voyages...) et, d'autre part, les factures du si\u00e8ge et de\nla DSN de l'AP-HP .\nChaque p\u00f4le cr\u00e9e la demande de mise en paiement (DMP) \u00e0 partir des factures re\u00e7ues.\nIl rep\u00e8re, d\u00e9clare et suit le traitement des factures en \u00e9cart du fait notamment de la non concordance de la\nfacture avec la commande et/ou la certification du service fait, il proc\u00e8de au contr\u00f4le de la d\u00e9pense.\nIl met en paiement, sur demande du site concern\u00e9 de l'AP-HP , les int\u00e9r\u00eats moratoires et, le cas \u00e9ch\u00e9ant, les\nindemnit\u00e9s forfaitaires et compl\u00e9mentaires pr\u00e9vues par la r\u00e9glementation en vigueur.\nARTICLE 11 - Validation hors travaux\nLe p\u00f4le \u00ab validation hors travaux \u00bb est en charge de la validation des demandes de mise en paiement (DMP) cr\u00e9\u00e9es par\nles p\u00f4les \u00ab d\u00e9penses hors travaux \u00bb.\nIl contr\u00f4le la d\u00e9pense sur la base notamment des contr\u00f4les du comptable public et valide la demande de mise en\npaiement (DMP). Il assure un suivi des DMP non conformes afin de traiter ou de faire traiter par les sites les\nanomalies relev\u00e9es. Il priorise les dossiers en fonction des enjeux, des risques et des d\u00e9lais selon les consignes\ndonn\u00e9es par l'encadrement du service.\nIl participe au suivi des comptes de tiers, les d\u00e9penses \u00e0 r\u00e9gulariser notamment, en relation avec le service vis\u00e9 \u00e0\nl'article 28.\nARTICLE 12 - Support du SFACT\nLe p\u00f4le \u00ab support \u00bb est en charge du contr\u00f4le interne, des \u00e9tudes et de la valorisation en lien avec la Mission S2CG,\ndu suivi de la d\u00e9mat\u00e9rialisation (expertise et veille) et de la gestion du courrier du service facturier.\nAu titre de \u00ab l'expertise et veille \u00bb, il assure le suivi de la d\u00e9mat\u00e9rialisation de la cha\u00eene de la d\u00e9pense, en coordination\navec l'agence pour l'informatique financi\u00e8re de l'\u00c9tat (AIFE), la DSN de l'AP-HP et le SSI de la DGFiP . En sa qualit\u00e9\nde ma\u00eetrise d'ouvrage, il consolide et valide les demandes de correction et d'\u00e9volution transmises \u00e0 la DSN de l'AP-\nHP . Il forme et assiste les agents du service facturier aux nouvelles proc\u00e9dures en environnement d\u00e9mat\u00e9rialis\u00e9. Il\nassure une veille technique et r\u00e9glementaire en mati\u00e8re de d\u00e9mat\u00e9rialisation. Il assiste les fournisseurs de l'AP-HP\npour l'utilisation du portail internet Chorus Pro.\n6/16\nDirection Sp\u00e9cialis\u00e9e des Finances Publiques pour l'Assistance Publique-H\u00f4pitaux de Paris - IDF-2025-05-02-00008 - Arr\u00eat\u00e9 directorial\nportant organisation des services de la direction sp\u00e9cialis\u00e9e des finances publiques pour\nl'Assistance publique-H\u00f4pitaux de Paris\n84\nAu  titre  du  courrier,  il  proc\u00e8de  \u00e0  l'ouverture  des  courriers  re\u00e7us  du  vaguemestre  vis\u00e9  \u00e0  l'article  5  et  \u00e0  leur\nr\u00e9partition  entre  les  p\u00f4les.  Suite  au contr\u00f4le  formel des dossiers,  il num\u00e9rise  et classe  \u00e9lectroniquement les\nfactures re\u00e7ues au format papier aux fins de cr\u00e9ation des DMP et archivage dans le syst\u00e8me d'information.\nTITRE 3- LE P\u00d4LE RECOUVREMENT\nLe p\u00f4le Recouvrement est structur\u00e9 en deux divisions  : la division des organismes (DIVORGA) et la division des\nparticuliers (DIVPART).\nARTICLE 13 \u2013 Direction du p\u00f4le\nLe p\u00f4le recouvrement est dirig\u00e9 par une administratrice des finances publiques adjointe (AFIPA).\nLa directrice de p\u00f4le d\u00e9cline la strat\u00e9gie du recouvrement pour la direction et assure le suivi de ses indicateurs\nd'activit\u00e9  en liaison avec la  mission S2CG.  Elle  contribue  \u00e0  la  modernisation des  m\u00e9thodes  de  travail  par la\nd\u00e9mat\u00e9rialisation  des  proc\u00e9dures  \u00e0  l'\u00e9gard  des  d\u00e9biteurs,  en  suscitant  les  \u00e9volutions  technologiques  et\ninformatiques port\u00e9es par les projets d\u00e9coulant des strat\u00e9gies num\u00e9riques de la direction g\u00e9n\u00e9rale des finances\npubliques et de la direction g\u00e9n\u00e9rale de l'offre de soins. Elle supervise et assure la coordination des missions des\ndeux divisions.\nARTICLE 14 - Division des organismes\nLa  division des organismes comprend le service  \u00ab encaissement des organismes et des tiers d\u00e9tenteurs \u00bb et le service\n\u00ab recouvrement contentieux des organismes et des tiers d\u00e9tenteurs \u00bb.\nLa division est comp\u00e9tente pour le recouvrement des organismes relevant du r\u00e9gime obligatoire de l'assurance-\nmaladie et des r\u00e9gimes compl\u00e9mentaires, notamment mutuelles et assurances, ainsi qu'\u00e0 l'\u00e9gard de toutes les\npersonnes morales redevables de l'AP-HP , situ\u00e9es en France ou \u00e0 l'\u00e9tranger, n'ayant pas la qualit\u00e9 de tiers-payeurs\ntels que les cliniques, les laboratoires, les organismes priv\u00e9s, les minist\u00e8res, les \u00e9tablissements publics nationaux et\nhospitaliers, les collectivit\u00e9s locales et leurs \u00e9tablissements.\nLa division est g\u00e9r\u00e9e par un chef de division qui, outre le pilotage de la division, a en charge des missions propres :\n- Il est r\u00e9f\u00e9rent B2 No\u00e9mie et FIDES pour la direction ;\nAu titre des recettes hospitali\u00e8res (traitements externes, forfaits journaliers, frais de s\u00e9jour, forfaits de s\u00e9jours,\nm\u00e9dicaments \u00e0 d\u00e9livrance hospitali\u00e8re),\n- Il participe aux r\u00e9unions tripartites associant l'Assurance maladie ou les autres d\u00e9biteurs et l' AP-HP et visant la\nr\u00e9solution des contentieux portant sur l'apurement de la dette des organismes concern\u00e9s ;\n- Il pilote en relation \u00e9troite avec la Directrice de p\u00f4le et la DEFIP de l'APHP le d\u00e9ploiement de ROC ;\n- Il assure le contr\u00f4le interne de l'ensemble des cr\u00e9ances propos\u00e9es en ANV.\nUn charg\u00e9 de mission, inspecteur des finances publiques, vient appuyer le traitement de certaines probl\u00e9matiques\nrelevant de la division des organismes.\nARTICLE 15 - Encaissement des organismes et des tiers-d\u00e9tenteurs\nLe service \u00ab encaissement des organismes et des tiers d\u00e9tenteurs \u00bb assure une mission d'encaissement des virements et\ndes ch\u00e8ques, au titre du recouvrement amiable des organismes vis\u00e9s \u00e0 l'article 14, suite \u00e0 l'envoi d'un avis des\nsommes \u00e0 payer, d'une lettre de relance ou d'une mise en demeure.\nA ce titre, le service est aussi en charge des recherches de paiement pouvant intervenir cons\u00e9cutivement \u00e0 l'envoi\nd'une lettre de relance ou d'une mise en demeure.\nLe service diligente des demandes de renseignement aupr\u00e8s des \u00e9metteurs pour des virements sans r\u00e9f\u00e9rences\nsuffisantes pour une correcte imputation.\nLe service assure la r\u00e9ception et le traitement des ch\u00e8ques bancaires des organismes.\n7/16\nDirection Sp\u00e9cialis\u00e9e des Finances Publiques pour l'Assistance Publique-H\u00f4pitaux de Paris - IDF-2025-05-02-00008 - Arr\u00eat\u00e9 directorial\nportant organisation des services de la direction sp\u00e9cialis\u00e9e des finances publiques pour\nl'Assistance publique-H\u00f4pitaux de Paris\n85\nPour  effectuer  ses  missions,  le  service  acc\u00e8de  \u00e0  la  plateforme  technique  de  l'application  EIFEL  du  syst\u00e8me\nd'information de gestion retra\u00e7ant la r\u00e9ception quotidienne du d\u00e9tail des virements bancaires adress\u00e9s, en masse,\nau comptable public par la Banque-de-France. Cette plateforme est adoss\u00e9e \u00e0 un compte d'imputation provisoire\nde recettes dont la responsabilit\u00e9 est confi\u00e9e \u00e0 la cheffe de service.\nLe service est dirig\u00e9 par une inspectrice cheffe de service qui d\u00e9finit les modalit\u00e9s de gestion de ce compte selon\nla nature des \u00e9metteurs (notamment organismes, tiers-d\u00e9tenteurs, particuliers, auxiliaires de justice), les modalit\u00e9s\nde  traitement  des  virements  re\u00e7us  (comptabilisation  automatique  ou  identification  manuelle),  les  modalit\u00e9s\nd'\u00e9margement des restes \u00e0 recouvrer selon le type de cr\u00e9ance et les r\u00e8gles de ventilation des virements re\u00e7us vers\nles comptes d'imputation provisoire de recettes des autres services.\nCette gestion comprend notamment l'int\u00e9gration des flux faisant l'objet d'une t\u00e9l\u00e9transmission par les organismes\nd\u00e9biteurs :\n- dans les conditions de l'article L.174-2-3 du code de la s\u00e9curit\u00e9 sociale, au titre de la tarification \u00e0 l'activit\u00e9 (TAA)\npr\u00e9vue par la loi n\u00b0 2003-1199 du 18 d\u00e9cembre 2003 de financement de la s\u00e9curit\u00e9 sociale pour 2004 et dans le\ncadre de la facturation individuelle des \u00e9tablissements de sant\u00e9 (FIDES) ;\n- dans les conditions des normes B2 et NOEMIE, pr\u00e9vue par la circulaire interminist\u00e9rielle du 24 juillet 2008 ;\n- dans les conditions de la norme No\u00e9 de la Mutualit\u00e9 fran\u00e7aise ;\n- dans les conditions pr\u00e9vues pour la mise en \u0153uvre du projet ROC.\nLa  cheffe  de  service  veille  \u00e0  la  bonne  int\u00e9gration  des  flux  de  t\u00e9l\u00e9transmission  vis\u00e9s  \u00e0  l'article  15  affectant\nl'imputation des cr\u00e9ances des organismes.\nARTICLE 16 - Recouvrement contentieux des organismes\nLe service \u00ab recouvrement contentieux des organismes \u00bb assure la gestion des poursuites, l'imputation des SATD \u00e9mises\n\u00e0 l'encontre des organismes vis\u00e9s \u00e0 l'article 14, situ\u00e9s en France ou \u00e0 l'\u00e9tranger et proc\u00e8de aux recherches de\npaiement.\nLe service notifie les lettres de relance, les mises en demeure et les saisies administratives \u00e0 tiers d\u00e9tenteur pour les\ncr\u00e9ances relevant de sa comp\u00e9tence.\nLe service re\u00e7oit et instruit les demandes spontan\u00e9es de d\u00e9lais de paiement re\u00e7ues pour les organismes. Les d\u00e9lais\nsont accord\u00e9s ou refus\u00e9s, en fonction de leur montant par une d\u00e9cision formalis\u00e9e, par un agent ayant re\u00e7u\nd\u00e9l\u00e9gation du directeur \u00e0 cet effet.\nAu titre des recettes diverses, le service assure le recouvrement contentieux des redevances, loyers commerciaux\net conventions boutiques.\nLe  service  veille  \u00e0  l'apurement  de  ses  imputations  provisoires  de  recettes,  en  diligentant  des  demandes  de\nrenseignements \u00e0 l'\u00e9gard des d\u00e9biteurs.\nLe service proc\u00e8de au traitement des plis non distribu\u00e9s par int\u00e9gration et suivi, en liaison avec la cellule de\nsupervision des tiers institutionnels de l'AP-HP et le service logistique - courrier (FACEM) .\nLe service assure l'imputation des sommes re\u00e7ues suite \u00e0 SATD ainsi que les relations avec les d\u00e9biteurs suite \u00e0 ces\nactions de recouvrement.\nLe service \u00e9tablit la liste des cr\u00e9ances propos\u00e9es \u00e0 l'admission en non-valeur au titre des cr\u00e9ances irr\u00e9couvrables,\npar encodage informatique et, pour des dettes \u00e0 enjeux significatifs, par l'\u00e9tablissement d'un compte-rendu. Il\nassure l'archivage des justificatifs n\u00e9cessaires.\nLe service, pilot\u00e9 par une inspectrice sous la direction du chef de division, est comp\u00e9tent en propre pour :\n- d\u00e9cider des mainlev\u00e9es et organiser et r\u00e9pondre aux diff\u00e9rents types de recours pouvant parvenir au service :\n- les contestations relatives au bien-fond\u00e9 des titres, renvoy\u00e9es vers l'ordonnateur, en application de l'instruction\ncodificatrice du recouvrement en secteur public local du 23 d\u00e9cembre 2021 ;\n- les contestations relatives aux paiements intervenant au stade de la lettre de relance ou de la mise en demeure,\ntransmises pour recherche au service Encaissement des organismes ;\n8/16\nDirection Sp\u00e9cialis\u00e9e des Finances Publiques pour l'Assistance Publique-H\u00f4pitaux de Paris - IDF-2025-05-02-00008 - Arr\u00eat\u00e9 directorial\nportant organisation des services de la direction sp\u00e9cialis\u00e9e des finances publiques pour\nl'Assistance publique-H\u00f4pitaux de Paris\n86\n- les contestations relatives \u00e0 la prescription de l'action de recouvrement, \u00e0 tout stade de la proc\u00e9dure ainsi que les\nrecours hi\u00e9rarchiques obligatoires pr\u00e9alables \u00e0 la saisine de la juridiction comp\u00e9tente en mati\u00e8re de contestation\nde la SATD, supervis\u00e9s ou trait\u00e9s directement par la cheffe de service en fonction de crit\u00e8res d\u00e9finis par le chef de\ndivision.\nEn liaison avec le service Assistance juridique et recouvrement sp\u00e9cialis\u00e9 (AJRS), la cheffe de service \u00e9tablit les\nanalyses  pr\u00e9alables  \u00e0  la  production  des  m\u00e9moires  en  d\u00e9fense  n\u00e9cessaire  devant  les  juridictions  civiles  et\nadministratives en cas de contentieux.\nEn l'absence de la cheffe de service, l'int\u00e9rim du service est assur\u00e9 par le charg\u00e9 de mission rattach\u00e9 \u00e0 la division.\nARTICLE 17 - Division des particuliers\nLa d ivision des particuliers comprend les services  \u00abaccueil et recouvrement amiable \u00bb, \u00abrecouvrement contentieux des\nparticuliers \u00bb, \u00ab encaissement des particuliers \u00bb, \u00ab assistance juridique et recouvrement sp\u00e9cialis\u00e9 \u00bb et une  \u00abcellule huissiers\u00bb.\nElle est comp\u00e9tente pour le recouvrement des cr\u00e9ances de toute nature \u00e9mises \u00e0 l'encontre des particuliers\nr\u00e9sidant en France ou \u00e0 l'\u00e9tranger.\nLe service \u00ab assistance juridique et recouvrement sp\u00e9cialis\u00e9 \u00bb assure des missions pour les particuliers et les organismes.\nLa cheffe de la division des particuliers assure le suivi de l'activit\u00e9 des huissiers pr\u00e9cit\u00e9s pour l'ensemble des actes\n\u00e9tablis, par la centralisation d'informations et la production de statistiques. Elle est en relation avec les directions\nd\u00e9partementales des finances publiques pour les saisies relevant des d\u00e9partements autres que Paris. Elle proc\u00e8de \u00e0\nl'envoi de dossiers \u00e0 recouvrer, \u00e0 l'exploitation des retours d'information, \u00e0 la gestion des frais de proc\u00e9dures et \u00e0 la\nr\u00e9mun\u00e9ration des commissaires de justice.\nLa cheffe de division propose \u00e0 l'ordonnateur l'admission en non-valeur de cr\u00e9ances irr\u00e9couvrables, par encodage\ndans l'application, le suivi r\u00e9gulier et l'archivage des justifications.\nLa cheffe de division est \u00e9galement r\u00e9f\u00e9rente d\u00e9partementale de la relation usager (RDRU) et   c orrespondante\ndes m\u00e9diateurs et d\u00e9fenseur des droits du Minist\u00e8re des Finances pour la direction.\nARTICLE 18 - Accueil et recouvrement amiable des particuliers\nLe service \u00ab accueil et recouvrement amiable des particuliers \u00bb assure la r\u00e9ception du public et l'accueil multicanal des\nredevables particuliers de l'AP-HP favoris\u00e9 par les technologies du num\u00e9rique.\nResponsable  d'une  bo\u00eete  aux  lettres  fonctionnelle  d\u00e9di\u00e9e  aux  usagers,  il  assure  par  messagerie  les  r\u00e9ponses\nrelevant de sa comp\u00e9tence et r\u00e9attribue les autres demandes aux services concern\u00e9s.\nIl participe majoritairement \u00e0 l'accueil t\u00e9l\u00e9phonique via un raccordement \u00e0 un serveur vocal interactif selon des\nmodalit\u00e9s d\u00e9finies par la directrice du p\u00f4le recouvrement et la RDRU.\nIl assure le traitement au guichet, en favorisant l'accueil sur rendez-vous, des demandes et r\u00e9clamations des\nparticuliers. Il fournit, \u00e0 leur demande, toute quittance, duplicata de titre ou facture, \u00e9tat de frais, formulaire ou\nbordereau de situation. Il enregistre dans l'application les demandes appel\u00e9es \u00e0 \u00eatre trait\u00e9es par les services\ncomp\u00e9tents de la direction ou de l' AP-HP. Il peut proc\u00e9der \u00e0 l'octroi de d\u00e9lais de paiement sollicit\u00e9s par les\nd\u00e9biteurs dans les conditions d\u00e9finies par le directeur.\nIl accepte les paiements par ch\u00e8que et carte bancaire et oriente les redevables d\u00e9sireux de s'acquitter de leur\ndette  en  esp\u00e8ces  aupr\u00e8s  des  buralistes  et  des  r\u00e9gies  de  l'AP-HP .  Il  sollicite  des  b\u00e9n\u00e9ficiaires  d'exc\u00e9dents  la\nproduction d'un relev\u00e9 d'identit\u00e9 bancaire, le paiement en esp\u00e8ces n'\u00e9tant plus autoris\u00e9 \u00e0 au guichet de la DSFP . Il\ncl\u00f4ture, via l'outil d\u00e9di\u00e9, les dossiers transmis aux commissaires de justice, si le redevable s'acquitte de la dette par\ncarte bancaire.\nIl participe \u00e0 la gestion des plis non distribu\u00e9s par l'op\u00e9rateur postal selon les modalit\u00e9s d\u00e9finies par le directeur.\nIl re\u00e7oit et instruit dans les conditions d\u00e9finies par le directeur les demandes spontan\u00e9es de d\u00e9lais de paiement\ndes particuliers re\u00e7ues \u00e0 la direction. Les d\u00e9lais sont accord\u00e9s ou refus\u00e9s, en fonction de leur montant par une\nd\u00e9cision formalis\u00e9e, par un agent ayant re\u00e7u d\u00e9l\u00e9gation du directeur \u00e0 cet effet. Il assure le suivi des d\u00e9lais de\npaiement ainsi accord\u00e9s  tant en phase  amiable que  contentieuse et relance  les d\u00e9biteurs ne respectant pas\nl'\u00e9ch\u00e9ancier de remboursement, y compris par mise en demeure. Le service n'est pas comp\u00e9tent pour traiter des\nd\u00e9lais accord\u00e9s par les commissaires de justice et les huissiers des finances publiques.\n9/16\nDirection Sp\u00e9cialis\u00e9e des Finances Publiques pour l'Assistance Publique-H\u00f4pitaux de Paris - IDF-2025-05-02-00008 - Arr\u00eat\u00e9 directorial\nportant organisation des services de la direction sp\u00e9cialis\u00e9e des finances publiques pour\nl'Assistance publique-H\u00f4pitaux de Paris\n87\nIl  enregistre  informatiquement  et  transmet  aux  services  concern\u00e9s  de  l'AP-HP  les  contestations  li\u00e9es  \u00e0  la\nfacturation et les demandes de remise gracieuse de la comp\u00e9tence de l'ordonnateur. Il en assure un suivi r\u00e9gulier,\nl'absence de suite donn\u00e9e par les services hospitaliers autorisant la reprise des poursuites.\nIl contribue \u00e0 l'enrichissement du r\u00e9f\u00e9rentiel des tiers d\u00e9biteurs \u00ab particuliers \u00bb dans le cadre du d\u00e9ploiement de\nl'application de l'AP-HP d\u00e9di\u00e9e \u00e0 la gestion administrative du malade (GAM), notamment en effectuant les liaisons\nde comptes clients ad\u00e9quats.\nDans le cadre des traitements informatiques op\u00e9r\u00e9s par le service vis\u00e9 \u00e0 l'article 6, il suit la relance amiable des\npersonnes physiques d\u00e9bitrices en retard de paiement pour les cr\u00e9ances de toute nature non acquitt\u00e9es \u00e0 la date\nlimite de paiement :\n- s'agissant des particuliers r\u00e9sidant en France, lettre de rappel, phase comminatoire pr\u00e9vue au 6\u00b0 de l'article L\n1617-5 du code g\u00e9n\u00e9ral des collectivit\u00e9s locales susvis\u00e9, par lequel il demande \u00e0 un commissaire de justice d'obtenir\ndu redevable qu'il s'acquitte aupr\u00e8s de lui du montant de sa dette ;\n- s'agissant des d\u00e9biteurs particuliers r\u00e9sidant \u00e0 l'\u00e9tranger, lettre de rappel.\nLe service assure les relations n\u00e9cessaires avec le service des commissaires de justice.\nLa cheffe de service est  r\u00e9f\u00e9rente \u00ab Service public + \u00bb  pour la direction en lien \u00e9troit avec la RDRU et la mission\nS2CG ; elle veille \u00e0 un accueil optimal par les agents du service public de ses usagers, tout en appelant au respect\ndu principe  de  la\u00efcit\u00e9  de  la  R\u00e9publique  et  des r\u00e8gles de  courtoisie  \u00e0 adopter vis-\u00e0-vis des  fonctionnaires  de\nl'administration.\nARTICLE 19 - Recouvrement contentieux des particuliers\nLe service \u00ab recouvrement contentieux des particuliers \u00bb proc\u00e8de aux recherches de renseignement visant \u00e0 diligenter\ndes proc\u00e9dures de recouvrement forc\u00e9 permettant de contraindre les d\u00e9biteurs \u00e0 l'acquittement de leur dette\nlorsque celle-ci n'est pas sold\u00e9e \u00e0 l'issue de la phase comminatoire vis\u00e9e \u00e0 l'article 18. Il s'appuie sur le privil\u00e8ge du\nTr\u00e9sor et les proc\u00e9dures vis\u00e9es \u00e0 l'article L. 1617-5 du code g\u00e9n\u00e9ral des collectivit\u00e9s territoriales susvis\u00e9 telles que la\nmise en demeure, la saisie administrative \u00e0 tiers d\u00e9tenteur et le droit de communication.\nLes agents mettent en \u0153uvre le droit de communication \u00e0 l'\u00e9gard notamment des \u00e9tablissements hospitaliers de\nl'AP-HP .\nLe service notifie les mises en demeure et les saisies administratives \u00e0 tiers d\u00e9tenteur pour les cr\u00e9ances relevant de\nsa comp\u00e9tence. Le chef de service d\u00e9cide des mainlev\u00e9es.\nLe chef de service instruit les dossiers de ventes mobili\u00e8res \u00e0 op\u00e9rer par les huissiers.\nLe  service  propose  \u00e0  l'ordonnateur  l'admission  en  non-valeur  de  cr\u00e9ances  irr\u00e9couvrables,  par  encodage\ninformatique, le suivi r\u00e9gulier et l'archivage des justifications.\nArticle 20 \u2013 Encaissement des particuliers\nCe service a \u00e9t\u00e9 cr\u00e9\u00e9 afin de regrouper toutes les missions encaissement des services de la division des particuliers.\nA l'instar du service encaissement des organismes, il a en charge la comptabilisation des recettes des particuliers et\ntoute la comptabilit\u00e9 s'y rattachant.\n- Traitement des ch\u00e8ques des particuliers, des e-cesu\n- Traitement des sommes sur la FEBA\n- Suivi des comptes d'imputation provisoire\n- Traitement des soldes cr\u00e9diteurs et des exc\u00e9dents de versement \u00e0 r\u00e9 imputer\n- Traitement de la BALF et de la r\u00e9ception t\u00e9l\u00e9phonique\nLe service assure l'enregistrement comptable des recouvrements par ch\u00e8ques, des e-cesu, virements, pr\u00e9l\u00e8vements\net contributions ext\u00e9rieures re\u00e7ues des centres des finances publiques, par imputation au compte des particuliers.\nLe service assure la supervision des \u00e9margements automatiques r\u00e9sultant\n10/16\nDirection Sp\u00e9cialis\u00e9e des Finances Publiques pour l'Assistance Publique-H\u00f4pitaux de Paris - IDF-2025-05-02-00008 - Arr\u00eat\u00e9 directorial\nportant organisation des services de la direction sp\u00e9cialis\u00e9e des finances publiques pour\nl'Assistance publique-H\u00f4pitaux de Paris\n88\n- des pr\u00e9l\u00e8vements ou des rejets de pr\u00e9l\u00e8vements,\n- des paiements par carte bancaire au guichet et des flux re\u00e7us de la DGFiP au titre des paiements en ligne,\n- des ch\u00e8ques encaiss\u00e9s par le centre prestataire encaissement (CPE) TESSI,  \n- et des paiements en esp\u00e8ces ou par carte bancaire r\u00e9alis\u00e9s aupr\u00e8s des buralistes.\nIl  assure le  traitement  des  trop-per\u00e7us,  par  g\u00e9n\u00e9ration  d'un  exc\u00e9dent  \u00e0  rembourser  aux  redevables  ou  r\u00e9\nimputation sur les dettes r\u00e9siduelles de ces derniers.\nIl  veille  \u00e0  l'apurement  comptable  des  sommes  en  imputation  provisoire  en  diligentant  des  demandes  de\nrenseignement et par le traitement des aides financi\u00e8res, le rapprochement des versements, la gestion des rejets\ncartes bancaires, le remboursement des d\u00e9p\u00f4ts de garanties et la r\u00e9gularisation des charges locatives.\nIl assure la gestion des pr\u00e9l\u00e8vements et de leurs op\u00e9rations connexes par le suivi des recouvrements ainsi op\u00e9r\u00e9s et\nla mise \u00e0 jour des r\u00e9f\u00e9rentiels de l'application EIFEL.\nLe service assure l'imputation des sommes re\u00e7ues par SATD sur les comptes clients concern\u00e9s.\nLe service assure le traitement de sa BALF et de la r\u00e9ception t\u00e9l\u00e9phonique des appels arrivant sur son code\nd'affectation du SVI. Il contribue ainsi \u00e0 la mission accueil t\u00e9l\u00e9phonique dans une des boucles d'appels.\nPour assurer ses missions, le service, sous la supervision du service Encaissement des organismes et des tiers\nd\u00e9tenteurs, acc\u00e8de \u00e0 la plateforme technique de l'application EIFEL du syst\u00e8me d'information de gestion retra\u00e7ant\nla r\u00e9ception quotidienne du d\u00e9tail des virements bancaires adress\u00e9s, en masse, au comptable public par la Banque-\nde-France.\nDe plus, le service est en charge de missions particuli\u00e8res, \u00e0 savoir :\n-      la gestion des pr\u00e9l\u00e8vements,\n-      les validations de service,\n-      les aides financi\u00e8res.\nAu regard de la nature particuli\u00e8re du contentieux des expulsions locatives, la cheffe de service d'encaissement\ndes  particuliers  est  la  r\u00e9f\u00e9rente  pour  le  traitement,  avec  la  Direction  des  Affaires  Juridiques  de  l'AP-HP  du\ncontentieux administratif et civil des locataires faisant l'objet d'une proc\u00e9dure d'expulsion.\nARTICLE 21 - Assistance juridique et recouvrement sp\u00e9cialis\u00e9\nSur la partie recouvrement sp\u00e9cialis\u00e9 :\nLe service g\u00e8re le recouvrement des cr\u00e9ances des d\u00e9biteurs d\u00e9c\u00e9d\u00e9s par l'exercice du privil\u00e8ge de l'article 2331 du\ncode civil \u00e0 l'encontre des notaires, la sommation \u00e0 opter \u00e0 l'encontre des h\u00e9ritiers, pour les successions vacantes\net l'exercice du droit de communication. Il met en cause les h\u00e9ritiers et cooblig\u00e9s si n\u00e9cessit\u00e9 et est comp\u00e9tent\npour saisir le juge aux affaires familiales sur les dossiers de cooblig\u00e9s.\nLe service notifie les mises en demeure et les saisies administratives \u00e0 tiers d\u00e9tenteur pour les cr\u00e9ances relevant de\nsa comp\u00e9tence. La cheffe de service d\u00e9cide des mainlev\u00e9es.\nLe  service  met  en  \u0153uvre  toute  autre  proc\u00e9dure  de  recouvrement  offensif,  dans  le  cadre  notamment  des\nproc\u00e9dures collectives et de la gestion des proc\u00e9dures de surendettement des particuliers. Il assure notamment le\nsuivi des BODACC, informe via sa hi\u00e9rarchie la division des organismes et produit les d\u00e9clarations de cr\u00e9ances\nn\u00e9cessaires.\nLe service prend les hypoth\u00e8ques l\u00e9gales sur le fondement de l'article 2400 alin\u00e9a 5 du code civil.\nIl propose \u00e0 l'ordonnateur l'admission en non-valeur de cr\u00e9ances irr\u00e9couvrables, par encodage informatique, le\nsuivi r\u00e9gulier et l'archivage des justifications.\nSur la partie assistance juridique :\nSous le visa de la Directrice de p\u00f4le, le service apporte fonctionnellement son assistance et son conseil, selon la\nnature des dossiers, \u00e0 tous les services de la direction en charge de proc\u00e9dures contentieuses. Il s'attache \u00e0 fournir\n11/16\nDirection Sp\u00e9cialis\u00e9e des Finances Publiques pour l'Assistance Publique-H\u00f4pitaux de Paris - IDF-2025-05-02-00008 - Arr\u00eat\u00e9 directorial\nportant organisation des services de la direction sp\u00e9cialis\u00e9e des finances publiques pour\nl'Assistance publique-H\u00f4pitaux de Paris\n89\nles fondements juridiques les plus complets et actuels applicables aux faits expos\u00e9s. Il r\u00e9dige les m\u00e9moires en\nd\u00e9fense lorsque seule la DSFP est assign\u00e9e.\nLe service assure le traitement des dossiers \u00e0 fort enjeu, n\u00e9cessitant une expertise approfondie et la mise en \u0153uvre\nde  dispositifs  juridiques et de  proc\u00e9dures de  recouvrement  sp\u00e9cifiques  \u00e0 l'\u00e9gard  de  d\u00e9biteurs particuliers  et\norganismes.\nSur la partie juridique, sous le visa de la directrice de p\u00f4le, Le service est l'interlocuteur :\n-  de la direction des affaires juridiques de l'AP-HP ,\n-  des juridictions et des auxiliaires de justice, \u00e0 l'exception des huissiers, pour le recouvrement des recettes de l'AP-\nHP et le traitement du contentieux administratif et civil sauf pour les locataires faisant l'objet d'une proc\u00e9dure\nd'expulsion dont le contentieux est confi\u00e9 \u00e0 la cheffe de service d'encaissement des particuliers.\nLe service assure la d\u00e9fense du comptable public devant les juridictions en cas d'opposition \u00e0 poursuites visant \u00e0\ncontester les mesures de recouvrement. Il suit les oppositions \u00e0 \u00e9tat ex\u00e9cutoire, dont la comp\u00e9tence rel\u00e8ve de\nl'ordonnateur, destin\u00e9es \u00e0 contester le bien-fond\u00e9 de la cr\u00e9ance.\nIl traite des oppositions \u00e0 poursuites adress\u00e9es \u00e0 la direction par les d\u00e9biteurs et, en cas de rejet implicite de leurs\ndemandes, en d\u00e9livre l'accus\u00e9 de r\u00e9ception \u00e0 ces derniers.\nARTICLE 22 - Huissiers\nLa cellule \u00ab huissiers \u00bb est compos\u00e9e d'huissi\u00e8res des finances publiques qui instrumentent aupr\u00e8s des particuliers\ndans le ressort du d\u00e9partement de Paris et dans le cadre des orientations de la note du 18 janvier 2022 relative \u00e0\nl'extension de comp\u00e9tence des huissiers des finances publiques aux fins du paiement des dettes non sold\u00e9es ou, \u00e0\nd\u00e9faut, par voie de saisie mobili\u00e8re. Ces huissi\u00e8res assurent le suivi des d\u00e9lais qu'ils sont autoris\u00e9s \u00e0 accorder dans\nles conditions fix\u00e9es par le directeur.\nTITRE 4- LE P\u00d4LE COMPTABILITE-DEPENSE\nARTICLE 23 \u2013 Direction du p\u00f4le\nLe p\u00f4le \u00ab comptabilit\u00e9-d\u00e9pense \u00bb est dirig\u00e9 par un administrateur des finances publiques adjoint (AFIPA).\nLe directeur de p\u00f4le assure la ma\u00eetrise des op\u00e9rations comptables et financi\u00e8res de la comp\u00e9tence du comptable\npublic de l'AP-HP . Il d\u00e9cline la strat\u00e9gie en la mati\u00e8re pour la direction et assure le suivi de ses indicateurs d'activit\u00e9\nen liaison avec la mission S2CG.\nIl contribue \u00e0 la modernisation des m\u00e9thodes de travail de son p\u00f4le en suscitant les \u00e9volutions technologiques et\ninformatiques  port\u00e9es  par  les  projets  de  la  direction  g\u00e9n\u00e9rale  des  finances  publiques  ou l'AP-HP  tels  que  la\nd\u00e9mat\u00e9rialisation du compte financier. Il met en \u0153uvre les actions d\u00e9coulant de la certification des comptes de\nl'AP-HP et en retire les enseignements avec l'objectif g\u00e9n\u00e9ral d'une am\u00e9lioration de la qualit\u00e9 comptable.\nLe p\u00f4le comprend les services  \u00abtr\u00e9sorerie, r\u00e9gies et comptabilit\u00e9 de l'Etat\u00bb, \u00abcomptabilit\u00e9 de l'AP -HP\u00bb, \u00ab h\u00e9berg\u00e9s et aide\nsociale \u00bb, \u00ab contr\u00f4le de paie \u00bb et \u00ab r\u00e8glement de la d\u00e9pense \u00bb.\nARTICLE 24 - Tr\u00e9sorerie, r\u00e9gies et comptabilit\u00e9 de l'\u00c9tat\nLe service \u00ab tr\u00e9sorerie, r\u00e9gies et comptabilit\u00e9 de l'Etat\u00bb (TRCE) assure un r\u00f4le de coordination avec le si\u00e8ge de l'AP-HP\npour  sa  gestion  de  tr\u00e9sorerie.  Pour  fiabiliser  ses  pr\u00e9visions,  il  s'appuie  \u00e0  cette  fin  sur  les  enregistrements\ncomptables des op\u00e9rations d'encaissements et d\u00e9caissements constat\u00e9es sur le compte ouvert \u00e0 la Banque de\nFrance dans les comptabilit\u00e9s de l'Etat et de l'AP-HP .\nLe service contr\u00f4le les r\u00e9gisseurs de recettes et d'avances de l'AP-HP nomm\u00e9s par l'ordonnateur sur avis conforme\ndu comptable public et d\u00e9l\u00e9gataires de ce dernier conform\u00e9ment au d\u00e9cret n\u00b0 2022-1698 du 28 d\u00e9cembre 2022 \u2013\nart. 2 modifiant le d\u00e9cret n\u00b0 2012-1246 du 7 novembre 2012 relatif \u00e0 la gestion budg\u00e9taire et comptable publique \u2013\nart. 22. Cette mission s'exerce par :\n- le suivi, le contr\u00f4le sur pi\u00e8ces et la validation comptable des op\u00e9rations des r\u00e9gisseurs ;\n12/16\nDirection Sp\u00e9cialis\u00e9e des Finances Publiques pour l'Assistance Publique-H\u00f4pitaux de Paris - IDF-2025-05-02-00008 - Arr\u00eat\u00e9 directorial\nportant organisation des services de la direction sp\u00e9cialis\u00e9e des finances publiques pour\nl'Assistance publique-H\u00f4pitaux de Paris\n90\n- la comptabilisation, le suivi et le remboursement des provisions encaiss\u00e9es par les r\u00e9gisseurs de recette ou par la\ndirection et le contr\u00f4le et l'apurement des comptes d'\u00e9conomat ;\n- le contr\u00f4le et le suivi des remboursements des successions ou consignations, le suivi et le contr\u00f4le des d\u00e9penses\ndes h\u00e9berg\u00e9s et des nantissements suivis par les r\u00e9gies et la validation informatique des notes de cr\u00e9dits et\nrapprochement sur titre ;\n- la r\u00e9gularisation des ch\u00e8ques impay\u00e9s et la gestion des valeurs inactives et des valeurs d\u00e9pos\u00e9es dans les r\u00e9gies\npar les patients ;\n- l'animation et la formation du r\u00e9seau r\u00e9gisseur, le suivi des derniers d\u00e9bets administratifs issus du pr\u00e9c\u00e9dent\nr\u00e9gime de responsabilit\u00e9 des r\u00e9gisseurs et la pr\u00e9paration du visa conforme par le comptable public des projets de\ncr\u00e9ation ou modification de r\u00e9gie, de nomination de r\u00e9gisseur et de mandataire.\nLe service pr\u00e9pare le compte annuel de l'\u00c9tat, sur chiffres et sur pi\u00e8ces, produit \u00e0 la Cour des comptes, pour les\nop\u00e9rations du comptable public r\u00e9alis\u00e9es, centralis\u00e9es et contr\u00f4l\u00e9es en sa qualit\u00e9 de comptable principal de l'\u00c9tat.\nIl ex\u00e9cute, \u00e0 cette fin, les op\u00e9rations pr\u00e9cit\u00e9es conform\u00e9ment au r\u00e9f\u00e9rentiel comptable de l'Etat et proc\u00e8de \u00e0 la\ncl\u00f4ture des comptes dans le respect du calendrier et des proc\u00e9dures d\u00e9finis par la DGFiP .\nPour  la  gestion  des  consignations,  il  est  l'interlocuteur  du  service  sp\u00e9cialis\u00e9  de  la  Caisse  des  d\u00e9p\u00f4ts  et\nconsignations.\n La cheffe de service est responsable de l'ex\u00e9cution des virements op\u00e9r\u00e9s par le portail bancaire de la Banque-de-\nFrance.  Il  assure  les  fonctions  de  correspondant  moyens  de  paiement (CMP)  et  correspondant  Tracfin de  la\nDirection.\nARTICLE 25 - Comptabilit\u00e9 de l'AP-HP\nLe service de la comptabilit\u00e9 de l'AP-HP tient la comptabilit\u00e9 g\u00e9n\u00e9rale qui d\u00e9crit, outre les d\u00e9penses et les recettes\nd\u00e9terminant les r\u00e9sultats budg\u00e9taires annuels, la situation patrimoniale de l'AP-HP au passif comme \u00e0 l'actif. Il\n\u00e9labore annuellement avec la direction \u00e9conomique, des finances, de l'investissement et du patrimoine (DEFIP) du\nsi\u00e8ge de l'AP-HP , les \u00e9tats financiers constituant les comptes annuels clos et le rapport financier commentant le\nbilan et le compte de r\u00e9sultat.\nEn lien avec les services de la DEFIP de l'AP-HP , il administre, par la cr\u00e9ation ou la fermeture de comptes, la mise \u00e0\njour de la nomenclature comptable de l'application EIFEL, conform\u00e9ment aux \u00e9volutions du r\u00e9f\u00e9rentiel budg\u00e9taire\net comptable M21 applicable aux \u00e9tablissements publics de sant\u00e9.\nIl assure le pilotage et le contr\u00f4le de l'ensemble des op\u00e9rations comptables de l'AP-HP en assumant, en propre, la\ngestion des comptes dont il est responsable et en assurant une supervision pour les comptes dont les autres\nservices sont responsables, selon une r\u00e9partition \u00e9tablie conjointement avec la MDRA.\nIl comptabilise les dotations re\u00e7ues de l'Assurance maladie, \u00e0 l'exception des recettes relevant de FIDES g\u00e9r\u00e9es par\nle service vis\u00e9 \u00e0 l'article 15.\nIl assure la tenue des comptes de haut de bilan, notamment les comptes d'emprunt dont il valide les demandes de\nmise en paiement \u00e9mises par le service du financement et de la tr\u00e9sorerie de la DEFIP au si\u00e8ge de l'AP-HP . Il\ntransmet les justifications au service vis\u00e9 \u00e0 l'article 29.\nIl proc\u00e8de aux contr\u00f4les infra-annuels et \u00e0 la cl\u00f4ture annuelle des comptes, en veillant au respect des proc\u00e9dures\ncomptables et de la r\u00e9glementation budg\u00e9taire et comptable. A ce titre, il assure la supervision de l'ensemble des\ncomptes par un contr\u00f4le interne de deuxi\u00e8me niveau.\nIl coordonne la mise en \u00e9tat du compte financier, sur chiffres et sur pi\u00e8ces, de l'exercice courant \u00e0 la disposition de\nla chambre r\u00e9gionale des comptes d'Ile-de-France avant le 31 d\u00e9cembre de l'ann\u00e9e qui suit, apr\u00e8s v\u00e9rification de\nl'inventaire des pi\u00e8ces impos\u00e9es par la r\u00e9glementation en vigueur.\nIl assure le suivi des cessions immobili\u00e8res et des mises en service des immobilisations.\nIl assure la gestion des op\u00e9rations de remboursements entre comptes de r\u00e9sultat pr\u00e9visionnel (CRP), les restes \u00e0\nmandater et restes \u00e0 mettre en recouvrement, les provisions et la gestion des changements d'exercice.\nIl produit le compte financier sur chiffres qui comprend le bilan, le compte de r\u00e9sultat et l'annexe en liaison avec la\nDEFIP de l'AP-HP . Il confectionne le compte financier sur pi\u00e8ces adress\u00e9 chaque ann\u00e9e \u00e0 la chambre r\u00e9gionale des\n13/16\nDirection Sp\u00e9cialis\u00e9e des Finances Publiques pour l'Assistance Publique-H\u00f4pitaux de Paris - IDF-2025-05-02-00008 - Arr\u00eat\u00e9 directorial\nportant organisation des services de la direction sp\u00e9cialis\u00e9e des finances publiques pour\nl'Assistance publique-H\u00f4pitaux de Paris\n91\ncomptes  d'Ile-de-France.  En  liaison  avec  le  service  vis\u00e9  \u00e0  l'article  6,  il  poursuit  l'objectif  de  la  production\nd\u00e9mat\u00e9rialis\u00e9e du compte financier via l'application de la DGFiP mise \u00e0 la disposition du juge des comptes.\nIl \u00e9labore l'annexe des comptes et le rapport financier avec la DEFIP de l'AP-HP . Il produit l'analyse financi\u00e8re des\ncomptes de l'AP-HP .\nIl proc\u00e8de au visa des t\u00e9l\u00e9d\u00e9clarations fiscales de l'AP-HP et \u00e0 la validation en ligne de leur t\u00e9l\u00e9paiement.\nIl assure le contr\u00f4le de la qualit\u00e9 des comptes de l'AP-HP , par le suivi de l'indicateur de qualit\u00e9 comptable et les\npr\u00e9paratifs de la certification des comptes en sa qualit\u00e9 d'interlocuteur des commissaires aux comptes.\nIl assure le suivi des recettes re\u00e7ues avant \u00e9mission de titres (compte 47136000).\nIl assure le suivi des dons et legs (compte 47521000).\nIl assure le suivi comptable des projets de recherche. Son r\u00f4le est d'encaisser les fonds pour que la DEFIP de l'AP-\nHP  les  notifie  dans  les  budgets  des  groupes  hospitaliers  et  de  s'assurer  que  l'\u00e9quilibre  d\u00e9pense/recette  soit\nrespect\u00e9 pour chacun des fonds recettes affect\u00e9es (RAF).\nARTICLE 26 - H\u00e9berg\u00e9s et aide sociale\nLe  service  \u00ab h\u00e9berg\u00e9s et aide sociale \u00bb (HAS)  met en \u0153uvre  les  proc\u00e9dures  relatives  \u00e0 la  comptabilisation des\nop\u00e9rations d'encaissement, de recouvrement et de rattachement aux frais d'h\u00e9bergement des personnes admises\ndans les unit\u00e9s de soins de longue dur\u00e9e ou dans les \u00e9tablissements pour personnes \u00e2g\u00e9es d\u00e9pendantes de l'AP-HP\nen application de l'article L 6111-4 du code de la sant\u00e9 publique susvis\u00e9.\nLe service est l'interlocuteur des d\u00e9partements d\u00e9biteurs de l'AP-HP pour la comptabilisation de l'encaissement\nspontan\u00e9 des recettes et le recouvrement sur titres des recettes vers\u00e9es en leur qualit\u00e9 de collectivit\u00e9s d'assistance\npour les h\u00e9berg\u00e9s b\u00e9n\u00e9ficiaires de l'aide sociale.\nIl proc\u00e8de \u00e0 la comptabilisation de l'encaissement aupr\u00e8s des h\u00e9berg\u00e9s des ressources directement vers\u00e9es par ces\nderniers ou aupr\u00e8s des organismes subrog\u00e9s verseurs de revenus, tels les caisses de retraite. Le service proc\u00e8de, par\nsuite, au paiement de l'argent de poche et, sur justificatifs, au paiement des d\u00e9penses des h\u00e9berg\u00e9s autoris\u00e9es par\nla collectivit\u00e9 d'assistance, dont la part du conjoint non hospitalis\u00e9.\nIl proc\u00e8de, par suite, au reversement des contributions nettes des h\u00e9berg\u00e9s selon le cas, aux d\u00e9partements en\nd\u00e9sint\u00e9ressement total ou \u00e0 l'AP-HP s'agissant des d\u00e9partements en d\u00e9sint\u00e9ressement partiel.\nLe service assure la gestion du recouvrement sur h\u00e9berg\u00e9s ne b\u00e9n\u00e9ficiant pas de l'aide sociale et du recouvrement\nsur leurs oblig\u00e9s alimentaires par la constitution de dossiers de demande de mise en cause adress\u00e9s au service\nAssistance Juridique Recouvrement Sp\u00e9cialis\u00e9 pour transmission \u00e0 la DAJ de l'AP-HP .\nIl re\u00e7oit et instruit les demandes spontan\u00e9es de d\u00e9lais de paiement re\u00e7ues. Les d\u00e9lais sont accord\u00e9s ou refus\u00e9s, en\nfonction de leur montant par une d\u00e9cision formalis\u00e9e, par un agent ayant re\u00e7u d\u00e9l\u00e9gation du Directeur \u00e0 cet effet.\nLe service notifie les mises en demeure et les saisies administratives \u00e0 tiers d\u00e9tenteur pour les cr\u00e9ances relevant de\nsa comp\u00e9tence. La cheffe de service d\u00e9cide des mainlev\u00e9es.\nLe  service  propose  \u00e0  l'ordonnateur  l'admission  en  non-valeur  de  cr\u00e9ances  irr\u00e9couvrables,  par  encodage\ninformatique, le suivi r\u00e9gulier et l'archivage des justifications.\nARTICLE 27 - Contr\u00f4le de paie\nLe service  \u00ab contr\u00f4le de paie \u00bb assure mensuellement le visa, avant leur mise en paiement, des ordres de payer\ntransmis par l'ordonnateur en application des articles 19 et 20 du d\u00e9cret du 7 novembre 2012 susvis\u00e9 et portant\nsur la r\u00e9mun\u00e9ration principale et accessoire de l'ensemble des agents titulaires et contractuels de l'AP-HP .\nIl met en \u0153uvre \u00e0 cette fin, le contr\u00f4le s\u00e9lectif de la d\u00e9pense, par le visa et l'archivage des pi\u00e8ces justificatives de\nla paie, de mani\u00e8re coordonn\u00e9e avec les services de l'ordonnateur, ces derniers op\u00e9rant leurs propres contr\u00f4les.\nDepuis avril 2023, le service est en charge de contr\u00f4ler les contrats \u00e0 dur\u00e9e d\u00e9termin\u00e9e du personnel m\u00e9dical. Il\nv\u00e9rifie \u00e0 ce titre le respect des plafonds r\u00e9glementaires des contrats de gr\u00e9 \u00e0 gr\u00e9 ainsi que la pr\u00e9sence d'un contrat\nvalide et la liquidation en paye.\n14/16\nDirection Sp\u00e9cialis\u00e9e des Finances Publiques pour l'Assistance Publique-H\u00f4pitaux de Paris - IDF-2025-05-02-00008 - Arr\u00eat\u00e9 directorial\nportant organisation des services de la direction sp\u00e9cialis\u00e9e des finances publiques pour\nl'Assistance publique-H\u00f4pitaux de Paris\n92\nIl supervise \u00e0 cette occasion, en liaison avec le service vis\u00e9 \u00e0 l'article 6, le bon d\u00e9roulement des traitements\ninformatiques entre les applications SIRH et EIFEL.\nIl proc\u00e8de \u00e0 la gestion des cessions et oppositions sur les r\u00e9mun\u00e9rations notifi\u00e9es par des tiers saisissants. A l'\u00e9gard\ndes services de la DGFiP saisissants pour le recouvrement des imp\u00f4ts, amendes, et produits locaux et hospitaliers,\nla cheffe de service met en \u0153uvre la strat\u00e9gie de d\u00e9mat\u00e9rialisation des \u00e9changes promue par la DGFiP .\nLe service assure mensuellement le visa des ordres de payer pour diverses d\u00e9penses de personnel, notamment \u00e0\ncaract\u00e8re social et g\u00e9r\u00e9es en dehors de l'outil de gestion de la paye. Il proc\u00e8de au contr\u00f4le de la disponibilit\u00e9 des\ncr\u00e9dits budg\u00e9taires sur les comptes \u00e0 cr\u00e9dit limitatif.\nLa cheffe de service participe \u00e0 la d\u00e9mat\u00e9rialisation du compte financier pour les pi\u00e8ces justificatives relevant de\nson service.\nARTICLE 28 - R\u00e8glement de la d\u00e9pense\nLe service  \u00ab r\u00e8glement de la d\u00e9pense \u00bb intervient en aval du service facturier pour initier les virements bancaires\nd\u00e9sint\u00e9ressant les cr\u00e9anciers correspondants. Il d\u00e9clenche le paiement des demandes de mise en paiement (DMP)\nainsi  valid\u00e9es,  en  tenant  compte  d'un  plafond  journalier  de  d\u00e9caissement  de  tr\u00e9sorerie  et  des  priorit\u00e9s  de\npaiement des restes \u00e0 payer d\u00e9termin\u00e9es par la DEFIP de l'AP-HP .\nLe service proc\u00e8de au paiement par virement bancaire des demandes de mise en paiement (DMP), apr\u00e8s avoir\nv\u00e9rifi\u00e9 l'existence, et dans ce cas, ex\u00e9cut\u00e9 les oppositions et cessions de cr\u00e9ances notifi\u00e9es au comptable public,\npar retenue op\u00e9r\u00e9e sur le montant \u00e0 payer. Il r\u00e9alise ainsi le paiement lib\u00e9ratoire aupr\u00e8s du fournisseur (tiers\ncr\u00e9ancier), du cessionnaire ou de l'opposant. Le classement des DMP par le service facturier permet d'isoler les\npaiements particuliers tels qu'\u00e0 l'\u00e9tranger hors zone SEPA (single euro payment area), les paiements avec avoirs et\nretenues de garantie, ainsi que les virements internes sans flux financiers ou les pr\u00e9l\u00e8vements.\nIl  est  l'interlocuteur  du  service  facturier  pour  l'ex\u00e9cution  des  d\u00e9penses  et  du  d\u00e9partement  de  la  strat\u00e9gie\nfinanci\u00e8re et patrimoniale de la DEFIP de  l'AP-HP pour les plafonds journaliers de  d\u00e9pense.  Il rembourse  les\ncautions vers\u00e9es par les locataires de l'AP-HP .\nLe service tient la comptabilit\u00e9 des comptes fournisseurs et de tiers relatifs \u00e0 la d\u00e9pense, notamment le traitement\ndes rejets bancaires (coordonn\u00e9es bancaires erron\u00e9es).\nLe service proc\u00e8de \u00e0 la comptabilisation et au r\u00e8glement de la paie des agents de l'AP-HP et de la d\u00e9pense\ncorrespondant au pr\u00e9compte des cotisations \u00e0 reverser aux organismes de S\u00e9curit\u00e9 sociale et du pr\u00e9l\u00e8vement \u00e0 la\nsource de l'imp\u00f4t sur le revenu \u00e0 reverser au Tr\u00e9sor public.\nLe service proc\u00e8de \u00e0 l'imputation sur des cr\u00e9ances non sold\u00e9es et, \u00e0 d\u00e9faut, au remboursement des exc\u00e9dents de\nversement  constat\u00e9s  ;  il  contr\u00f4le  \u00e0  ce  titre  les  pi\u00e8ces  justificatives  pr\u00e9sent\u00e9es  \u00e0  l'appui  d'une  demande  de\nremboursement.\nA titre accessoire, il confectionne les liasses de d\u00e9pense du compte financier sur pi\u00e8ces, pour les pi\u00e8ces non encore\nd\u00e9mat\u00e9rialis\u00e9es par l'ordonnateur.\nTITRE 5 - DISPOSITIONS DIVERSES\nARTICLE 29 - Habilitations informatiques\nL'administration technique des habilitations pour les applications de la DGFiP peut \u00eatre d\u00e9l\u00e9gu\u00e9e par le directeur\nou le directeur adjoint au directeur du service facturier, aux directeurs des p\u00f4les recouvrement et comptabilit\u00e9-\nd\u00e9pense et aux chefs de division. Les d\u00e9l\u00e9gataires habilitent les agents aux applications concern\u00e9es selon le profil\nsp\u00e9cifi\u00e9 dans la demande.\nLa MDRA instruit et traite les demandes d'habilitation informatique des agents au syst\u00e8me d'information de\ngestion (application EIFEL), \u00e0 l'exception de ceux qui sont affect\u00e9s au service des ressources informatiques trait\u00e9es\npar la DSN de l'AP-HP et ceux qui sont affect\u00e9s au SFACT instruites par son p\u00f4le support. Elle instruit \u00e9galement les\ndemandes d'habilitation informatique des agents au syst\u00e8me d'information de gestion (application SIRH) trait\u00e9es\npar la DSN de l'AP-HP .\nUn inspecteur de la MDRA assure les fonctions de correspondant Chorus applicatif (CCA).\n15/16\nDirection Sp\u00e9cialis\u00e9e des Finances Publiques pour l'Assistance Publique-H\u00f4pitaux de Paris - IDF-2025-05-02-00008 - Arr\u00eat\u00e9 directorial\nportant organisation des services de la direction sp\u00e9cialis\u00e9e des finances publiques pour\nl'Assistance publique-H\u00f4pitaux de Paris\n93\nLa directrice du p\u00f4le recouvrement d\u00e9signe individuellement les agents qui, compte tenu de leurs attributions,\nacc\u00e8dent  aux  informations  relevant  des  traitements  automatis\u00e9s  d'informations  nominatives  de  la  direction\ng\u00e9n\u00e9rale des finances publiques et contenues dans les fichiers tenus en application de :\n- l'article 1649A du code g\u00e9n\u00e9ral des imp\u00f4ts, pour le fichier national des comptes bancaires (FICOBA) ;\n- l'article 1649 ter du code g\u00e9n\u00e9ral des imp\u00f4ts, pour le fichier des contrats de capitalisation et d'assurance vie\n(FICOVIE) ;\n- l'arr\u00eat\u00e9 du 5 avril 2002, pour le dossier fiscal des particuliers (ADONIS) ;\n- l'arr\u00eat\u00e9 du 11 avril 2005, pour la Base nationale des donn\u00e9es patrimoniales (BNDP) ;\n- l'arr\u00eat\u00e9 du 30 avril 2015, pour l'aide \u00e0 la gestion des patrimoines priv\u00e9s (ANGELIS) ;\n - la note DGFiP n\u00b0 2019/06/6508 du 25 juin 2019 pour l'application ConsultPas.\nEn  application de l'article R. 174-2-10 du code de la s\u00e9curit\u00e9 sociale, les agents du p\u00f4le recouvrement d\u00fbment\nhabilit\u00e9s  et  destinataires  des  donn\u00e9es  \u00e0  caract\u00e8re  personnel  n\u00e9cessaires  \u00e0  l'imputation  budg\u00e9taire  et  au\nrecouvrement,  mentionn\u00e9es  \u00e0  l'article  R.  174-2-9  et  objet  du  traitement  automatis\u00e9  d\u00e9nomm\u00e9  \u00ab facturation\nindividuelle des \u00e9tablissements de sant\u00e9 \u00bb (FIDES) et \u00ab remboursement des organismes compl\u00e9mentaires (ROC) \u00bb pr\u00e9vu\n\u00e0 l'article R. 174-2-8 sont individuellement d\u00e9sign\u00e9s par une d\u00e9cision de la  directrice du p\u00f4le recouvrement.\nAux fins du contr\u00f4le des habilitations, la MDRA est destinataire des d\u00e9cisions de d\u00e9signation vis\u00e9es aux deux\nalin\u00e9as qui pr\u00e9c\u00e8dent.\nARTICLE 30 - Dispositions manag\u00e9riales\nLe directeur d\u00e9l\u00e8gue sa signature, conform\u00e9ment aux attributions du pr\u00e9sent arr\u00eat\u00e9, par la publication d'un acte\nau recueil des actes de la pr\u00e9fecture du d\u00e9partement.\nLa direction soutient l'initiative, la responsabilisation et l'engagement professionnel des chefs de service par le\nprincipe de subsidiarit\u00e9 pour la prise de d\u00e9cision et la signature des actes administratifs. \nChaque chef d'unit\u00e9 est responsable du contr\u00f4le interne pour son p\u00f4le, sa mission, sa division ou son service. Il\njoue  un  r\u00f4le  essentiel  dans  l'identification  et  la  cotation  des  risques  pour  son  unit\u00e9  contribuant  ainsi  \u00e0\nl'actualisation contemporaine de la cartographie des risques de  la DSFP pour l'AP-HP et \u00e0 la s\u00e9curisation de\nl'exercice de ses missions. \nARTICLE 31 - Protection des donn\u00e9es\nLa direction garantit l'exercice par la personne concern\u00e9e des droits qui lui sont conf\u00e9r\u00e9s par le r\u00e8glement (UE)\n2016/679 du Parlement europ\u00e9en et du Conseil du 27 avril 2016 en mati\u00e8re de droit d'acc\u00e8s aux donn\u00e9es \u00e0\ncaract\u00e8re personnel et leur rectification ou leur effacement.\nL'instruction de ce droit est effectu\u00e9e par le responsable du traitement concern\u00e9, selon qu'il rel\u00e8ve de la direction\ng\u00e9n\u00e9rale des finances publiques, du comptable public ou du r\u00e9gime de la responsabilit\u00e9 conjointe avec l'AP-HP en\napplication de l'article 26 du r\u00e8glement pr\u00e9cit\u00e9.\nARTICLE 32 - Entr\u00e9e en vigueur - Ex\u00e9cution\nLe pr\u00e9sent arr\u00eat\u00e9 abroge l'arr\u00eat\u00e9 IDF-2025-03-03-00013 du 3 mars 2025 et entrera en vigueur au lendemain de sa\npublication au recueil des actes administratifs de la pr\u00e9fecture de la r\u00e9gion d'\u00cele-de-France, pr\u00e9fecture de Paris.\nLe directeur est charg\u00e9 de l'ex\u00e9cution du pr\u00e9sent arr\u00eat\u00e9.\nFait \u00e0 Paris, le 2 mai 2025,\nLe directeur de la direction sp\u00e9cialis\u00e9e des finances publiques pour l'AP-HP ,\nsign\u00e9\nLaurent MARQUIER\n16/16\nDirection Sp\u00e9cialis\u00e9e des Finances Publiques pour l'Assistance Publique-H\u00f4pitaux de Paris - IDF-2025-05-02-00008 - Arr\u00eat\u00e9 directorial\nportant organisation des services de la direction sp\u00e9cialis\u00e9e des finances publiques pour\nl'Assistance publique-H\u00f4pitaux de Paris\n94\nDirection Sp\u00e9cialis\u00e9e des Finances Publiques\npour l'Assistance Publique-H\u00f4pitaux de Paris\nIDF-2025-05-02-00009\nD\u00e9cision de d\u00e9l\u00e9gation de signature prise en\napplication de l'arr\u00eat\u00e9 directorial du 2 mai 2025\nportant organisation des services de la direction\nsp\u00e9cialis\u00e9e des finances publiques pour\nl'Assistance publique-H\u00f4pitaux de Paris\nDirection Sp\u00e9cialis\u00e9e des Finances Publiques pour l'Assistance Publique-H\u00f4pitaux de Paris - IDF-2025-05-02-00009 - D\u00e9cision de\nd\u00e9l\u00e9gation de signature prise en application de l'arr\u00eat\u00e9 directorial du 2 mai 2025 portant organisation des services de la direction\nsp\u00e9cialis\u00e9e des finances publiques pour l'Assistance publique-H\u00f4pitaux de Paris\n95\nREPUBLIQUEFRANCAISELibert\u00e9Egalit\u00e9Fraternit\u00e9\nTFINANCES PUBLIQUES\nObjet : d\u00e9cision de d\u00e9l\u00e9gation de signature prise en application de l'arr\u00eat\u00e9  directorial du  2 mai  2025\nportant organisation des services de la direction sp\u00e9cialis\u00e9e des finances publiques pour l'Assistance\npublique-H\u00f4pitaux de Paris\nLe Directeur sp\u00e9cialis\u00e9 des finances publiques pour l'Assistance Publique - H\u00f4pitaux de Paris\nVu le code g\u00e9n\u00e9ral des imp\u00f4ts,\nVu le code de la sant\u00e9 publique et notamment son article 6145-8,\nVu la loi n\u00b0 83-634 du 13 juillet 1983, modifi\u00e9, portant droits et obligations des fonctionnaires,\nVu le d\u00e9cret n\u00b0 2012-1246 du 7 novembre 2012 relatif \u00e0 la gestion budg\u00e9taire et comptable publique et\nnotamment son article 18,\nVu le d\u00e9cret en date du 13 avril 2023 nommant M. Laurent MARQUIER dans l'emploi de Directeur de la\ndirection sp\u00e9cialis\u00e9e des finances publiques pour l'Assistance Publique-H\u00f4pitaux de Paris,\nVu les arr\u00eat\u00e9s du 21 avril 2023 portant d\u00e9l\u00e9gation de signature \u00e0 M. Laurent MARQUIER, administrateur\ndes finances publiques, directeur de la direction sp\u00e9cialis\u00e9e des finances publiques pour l'Assistance\nPublique-H\u00f4pitaux de Paris en mati\u00e8re d'ordonnancement secondaire et d'ouverture ou de fermeture\nexceptionnelle  des  services  d\u00e9concentr\u00e9s  de  la  direction  sp\u00e9cialis\u00e9e  des  finances  publiques  pour\nl'Assistance Publique-H\u00f4pitaux de Paris,\nVu l'arr\u00eat\u00e9 directorial du  2 mai  2025 portant organisation des services de la direction sp\u00e9cialis\u00e9e des\nfinances publiques pour l'Assistance Publique-H\u00f4pitaux de Paris et notamment son article 30,\nD\u00e9cide :\nArticle 1er - Sous r\u00e9serve des d\u00e9l\u00e9gations sp\u00e9ciales d\u00e9finies aux autres articles de la pr\u00e9sente d\u00e9cision, les\ndirecteurs de p\u00f4le, chefs de mission, chefs de division et chefs de service, d\u00e9sign\u00e9s, re\u00e7oivent d\u00e9l\u00e9gation\n\u00e0 l'effet de signer, au nom du comptable public de l'Assistance Publique - H\u00f4pitaux de Paris, tous actes et\nd\u00e9cisions dans la limite des attributions de leur p\u00f4le, division, mission ou service ou dans le cadre de\nleurs fonctions distinctes de telles structures, fix\u00e9es par l'arr\u00eat\u00e9 directorial du 2 mai 2025 susvis\u00e9.\nArticle 2 \u2013 D\u00e9l\u00e9gation est donn\u00e9e pour signer tout acte ou d\u00e9cision n\u00e9cessaire au fonctionnement de la\ndirection sp\u00e9cialis\u00e9e des finances publiques pour l'AP-HP :\n\u00e0 M. Philippe ZAPLETAL, directeur adjoint et responsable du p\u00f4le Ressources ;\nEn cas d'emp\u00eachement de moi-m\u00eame et de M. Philippe ZAPLETAL \u00e0 Mme Sonia CWERNER, responsable\ndu p\u00f4le recouvrement ;\nEn cas d'emp\u00eachement de moi-m\u00eame, de M. Philippe ZAPLETAL, et de Mme Sonia CWERNER \u00e0 M. Eric\nNEXON, responsable du p\u00f4le comptabilit\u00e9-d\u00e9pense ;\nEn cas d'emp\u00eachement de moi-m\u00eame, de M. Philippe ZAPLETAL, de Mme Sonia CWERNER et de M. Eric\nNEXON \u00e0 M. Sylvain PASQUIER, responsable de la MDRA et directeur par int\u00e9rim du SFACT de la DSFP\npour l'AP-HP .\n1/5\nDirection Sp\u00e9cialis\u00e9e des Finances Publiques pour l'Assistance Publique-H\u00f4pitaux de Paris - IDF-2025-05-02-00009 - D\u00e9cision de\nd\u00e9l\u00e9gation de signature prise en application de l'arr\u00eat\u00e9 directorial du 2 mai 2025 portant organisation des services de la direction\nsp\u00e9cialis\u00e9e des finances publiques pour l'Assistance publique-H\u00f4pitaux de Paris\n96\nArticle 3 - Re\u00e7oivent d\u00e9l\u00e9gation \u00e0 l'effet de signer tous les actes correspondant \u00e0 leurs fonctions :\nM.  Sylvain  PASQUIER,  responsable  de  la  Mission  directionnelle  risques-audit  (RDRA)  et,  en  cas\nd'emp\u00eachement, M. Thomas PILLET, Mme Audrey JANIN ;\nMme Sandrine BOURGEON,  cheffe par int\u00e9rim de la mission Strat\u00e9gie,  communication et contr\u00f4le de\ngestion (S2CG) et, en cas d'emp\u00eachement, M. Vincent BOULARD, Mme Sandra GIBOYAU ;\nMme Muriel GIBELIN, en qualit\u00e9 d'assistante de pr\u00e9vention.\nArticle 4 - Re\u00e7oivent d\u00e9l\u00e9gation \u00e0 l'effet de signer tous les actes correspondant \u00e0 leurs fonctions :\na) M. Philippe ZAPLETAL, directeur adjoint, responsable du p\u00f4le Ressources ;\nb) Mme Karyne MOREAU, cheffe de la division Gestion des moyens ;\nc)  Mme  Sylvie  TSIANG,  cheffe  du  service  Ressources  humaines  et,  en  cas  d'emp\u00eachement,  Mme \nFran\u00e7oise MAILLARD, son adjointe ;\nd)  Mme  Muriel  GIBELIN,  cheffe  du  service  Ressources  budg\u00e9taires  et  logistiques  et,  en  cas\nd'emp\u00eachement, M. Dominique CHOWANIEC et M. David MALOVEC ses adjoints ;\ne)  Pour  d\u00e9l\u00e9gation  d'ordonnancement  et  engager  les  d\u00e9penses  s'imputant  sur  le  budget  de\nfonctionnement de la Direction,  le directeur ou le directeur adjoint sans limitation de montant, Mme\nKaryne MOREAU jusqu '\u00e0 5 000 \u20ac TTC et Mme Muriel GIBELIN lorsque le montant est inf\u00e9rieur ou \u00e9gal \u00e0\n1 500\u20ac TTC ;\nf) Pour d\u00e9l\u00e9gation  d'ordonnancement et les saisies CHORUS et CHORUS formulaire,  notamment les\ndemandes d'achat et les services faits, M. Philippe ZAPLETAL, directeur adjoint, Mme Karyne MOREAU,\nresponsable  de  la  division Gestion  des  moyens,  Mme  Muriel  GIBELIN,  cheffe  du  service  Ressources\nbudg\u00e9taires et logistiques, M. Dominique CHOWANIEC et M. David MALOVEC, contr\u00f4leurs des finances\npubliques, ses adjoints, et M. Pierre BIENVENU, agent administratif des finances publiques ;\ng)  M.  Olivier  LACZNY,  chef  du  service  des  ressources  informatiques  et,  en  cas  d'emp\u00eachement,\nM. Robert THIRIET son adjoint.\nArticle 5 - Re\u00e7oivent d\u00e9l\u00e9gation \u00e0 l'effet de signer tous les actes correspondant \u00e0 leurs fonctions :\nM.  Sylvain  PASQUIER  directeur  par  int\u00e9rim du  Service  facturier  et  M.  Bertrand  LECHAT,  adjoint  au\ndirecteur du Service facturier ;\nNonobstant  les  validations  informatiques  correspondantes  dans  le  syst\u00e8me  d'information  EIFEL,\nre\u00e7oivent d\u00e9l\u00e9gation pour d\u00e9cider le principe de mettre en paiement des d\u00e9penses de l'AP-HP :\n- Sans  limitation  de  montant,  M.  Sylvain  PASQUIER,  M.  Bertrand  LECHAT,  Mme  Murielle\nCLAREBOUT DELAULNE, responsable du p\u00f4le Fournisseur, , M. Jean-Pierre JACOB, responsable du\np\u00f4le Nord (hors travaux), Mme G\u00e9raldine BALTUS, responsable du p\u00f4le Saclay, Mme Asma BEN\nAHMED, responsable du p\u00f4le Transverse, M. S\u00e9bastien ALI, responsable du p\u00f4le Support et\nM. Faycel BENTOUMI, charg\u00e9 de mission ;\n- M. Fabrice NOCQUE adjoint du p\u00f4le Travaux, Mme Agnieszka MUSTER et M. St\u00e9phane JAN,\nresponsables des p\u00f4les hors Travaux lorsque le montant est inf\u00e9rieur \u00e0 1\u00a0000\u00a0000\u20ac TTC\u00a0;\n- l'ensemble des agents du p\u00f4le Validation Hors Travaux ainsi que les agents du p\u00f4le Travaux\nlorsque le montant est inf\u00e9rieur ou \u00e9gal \u00e0 300 000\u20ac TTC.\nUne d\u00e9cision de suspendre une d\u00e9pense ne peut \u00eatre prise, conform\u00e9ment \u00e0 l'article L.6145-8 du code\nde la sant\u00e9 publique, que par  M. Sylvain PASQUIER ou  M. Bertrand LECHAT du Service facturier.\nArticle 6 - Re\u00e7oivent d\u00e9l\u00e9gation \u00e0 l'effet de signer tous les actes correspondant \u00e0 leurs fonctions :\nMme  Sonia  CWERNER,  directrice  du  p\u00f4le  recouvrement  et,  en  cas  d'emp\u00eachement,  Mme  Sandrine\nBOURGEON, cheffe de la division des Particuliers ;\nM. Quoc-Phong NGUYEN, chef de la division des Organismes ;\n2/5\nDirection Sp\u00e9cialis\u00e9e des Finances Publiques pour l'Assistance Publique-H\u00f4pitaux de Paris - IDF-2025-05-02-00009 - D\u00e9cision de\nd\u00e9l\u00e9gation de signature prise en application de l'arr\u00eat\u00e9 directorial du 2 mai 2025 portant organisation des services de la direction\nsp\u00e9cialis\u00e9e des finances publiques pour l'Assistance publique-H\u00f4pitaux de Paris\n97\nMme Lorette VINAS, cheffe du service Encaissement des organismes et des tiers-d\u00e9tenteurs et, en cas\nd'emp\u00eachement, M. Olivier LAUBERT son adjoint ;\nMme Jennyfer AGHEDU, cheffe du service Recouvrement contentieux des organismes et M. Jean-Pierre\nLOMBARD, charg\u00e9 de mission et charg\u00e9 de l'int\u00e9rim du service en son absence ;\nMme  Sarah  JREIGE,  cheffe  du  service  Accueil  et  recouvrement  amiable  des  particuliers  et,  en  cas\nd'emp\u00eachement, Mme Laurence VALETTE et M. Nicolas BERCOT, ses adjoints ; \nRe\u00e7oivent d\u00e9l\u00e9gation sp\u00e9ciale \u00e0 l'effet de signer les bordereaux de situation du recouvrement et les\nattestations  demand\u00e9es  par les  usagers,  Mme  Malika EL  FADIL,  M.  Benjamin  BEAUCOUR,  M.  Charles\nAURRAIE, M. Emmanuel BORDES et M. Philippe TREPON ;\nM.  Fabrice  BOE,  chef  du  service  du  Recouvrement  contentieux  des  particuliers  et,  en  cas\nd'emp\u00eachement, Mme Nathalie DECLEMY, son adjointe ;\nRe\u00e7oit d\u00e9l\u00e9gation sp\u00e9ciale \u00e0 l'effet de signer les bordereaux de situation du recouvrement, Mme Sylvie\nPINCEMAILLE ;\nMme Alice LAFAYE, Mme Peggy ROUQUIER, huissi\u00e8res des finances publiques ;\nMme G\u00e9raldine  SUSINI, cheffe du service Assistance juridique  et recouvrement sp\u00e9cialis\u00e9 et,  en cas\nd'emp\u00eachement, M. Laurent CHOPLAIN, son adjoint ;\nMme Lina KHALFALLAH, cheffe du service Encaissement des particuliers et, en cas d'emp\u00eachement,\nMme Clarisse VASTE et M. Jean-Baptiste LE TALLEC, ses adjoints.\nRe\u00e7oivent  d\u00e9l\u00e9gation  pour  l'octroi  ou  le  refus  de  d\u00e9lais  de  paiement  aux  d\u00e9biteurs  de  l'AP-HP ,  en\napplication des articles 16 et 19 de l'arr\u00eat\u00e9 directorial susvis\u00e9 :\n1\u00b0) pour les organismes :\n- Mme Sonia CWERNER, pour une dette sans limitation de montant  ou un \u00e9ch\u00e9ancier d'apurement sans\nlimitation de dur\u00e9e ;\n- M. Quoc-Phong NGUYEN, pour une dette jusqu'\u00e0 200 000\u20ac ou un \u00e9ch\u00e9ancier d'apurement d'une dur\u00e9e\nde 18 mois maximum ;\n- Mme Jennyfer AGHEDU, M. Jean-Pierre LOMBARD et en cas d'emp\u00eachement, Mme Lorette VINAS, pour\nune dette jusqu'\u00e0 100 000\u20ac ou un \u00e9ch\u00e9ancier d'apurement d'une dur\u00e9e de 12 mois maximum.\n2\u00b0) pour les particuliers :\n- Mme Sonia CWERNER, pour une dette sans limitation de montant ou un \u00e9ch\u00e9ancier d'apurement sans\nlimitation de dur\u00e9e ;\n- Mme Sandrine BOURGEON, pour une dette jusqu'\u00e0 100 000\u20ac et pour une dur\u00e9e inf\u00e9rieure \u00e0 36 mois ;\n- Mme Sarah JREIGE, pour une dette  jusqu'\u00e0 50\u00a0000\u20ac  ou un \u00e9ch\u00e9ancier d'apurement d'une dur\u00e9e de 24\nmois maximum ;\n-  Mme  Alice LAFAYE et Mme  Peggy ROUQUIER,  pour une  dette jusqu'\u00e0  50  000\u20ac ou un  \u00e9ch\u00e9ancier\nd'apurement d'une dur\u00e9e de 24 mois maximum ;\n- Mme Fatima AMHAOUACH, Mme Julie KANDASSAMY, M. Benjamin BEAUCOUR, M. Nicolas BERCOT et\nM.  Emmanuel  BORDES,  contr\u00f4leurs  des  finances  publiques,  pour  une  dette  jusqu'\u00e0  10  000\u20ac  ou  un\n\u00e9ch\u00e9ancier d'apurement d'une dur\u00e9e de 12 mois maximum ;\n- M. Philippe TREPON, Agent des finances publiques, pour une dette  jusqu'\u00e0  2 000\u20ac ou un \u00e9ch\u00e9ancier\nd'apurement d'une dur\u00e9e de 12 mois maximum.\n3/5\nDirection Sp\u00e9cialis\u00e9e des Finances Publiques pour l'Assistance Publique-H\u00f4pitaux de Paris - IDF-2025-05-02-00009 - D\u00e9cision de\nd\u00e9l\u00e9gation de signature prise en application de l'arr\u00eat\u00e9 directorial du 2 mai 2025 portant organisation des services de la direction\nsp\u00e9cialis\u00e9e des finances publiques pour l'Assistance publique-H\u00f4pitaux de Paris\n98\nArticle 7 - Re\u00e7oivent d\u00e9l\u00e9gation \u00e0 l'effet de signer tous les actes correspondant \u00e0 leurs fonctions :\nM. Eric NEXON, directeur du p\u00f4le comptabilit\u00e9-d\u00e9pense ;\nMme Camille LATAPIE-BAYROO, cheffe du service H\u00e9berg\u00e9s et aide sociale, et en cas d'emp\u00eachement,\nM. Dominique FABREGUES, et Mme Maryline SILVESTRE ses adjoints .  Re\u00e7oivent, en outre, d\u00e9l\u00e9gation \u00e0\nl'effet de signer les bordereaux de situation du recouvrement M. Louis FAGOT, M. Jean-Christophe PATEY\net Mme Pamela JEAMPI ;\nMme Anne-Sophie LECOMTE, cheffe du service Comptabilit\u00e9 de l'AP-HP , et en cas d'emp\u00eachement,\nM. Alexandre LANDEAU, son adjoint ;\nMme  B\u00e9atrice  LOCKWOOD,  cheffe  du service  Tr\u00e9sorerie,  r\u00e9gies et comptabilit\u00e9 de  l'Etat, et en cas\nd'emp\u00eachement, M. S\u00e9bastien AYGALENC, son adjoint ;\nMme Samia AZHAR, cheffe du service Contr\u00f4le de paie, et en cas d'emp\u00eachement, M. Van-Lai NGUYEN ;\nMme Martine HOLLEVILLE, cheffe du service R\u00e8glement de la d\u00e9pense et en cas d'emp\u00eachement, Mme\nLaurence PINCEMAILLE son adjointe.\nRe\u00e7oivent d\u00e9l\u00e9gation pour l'octroi ou le refus de d\u00e9lais de paiement aux d\u00e9biteurs g\u00e9r\u00e9s par le service\nH\u00e9berg\u00e9s et aide sociale, en application de l'article 26 de l'arr\u00eat\u00e9 directorial susvis\u00e9 :\n-  M.  Eric  NEXON,  pour  une  dette  sans  limitation  de  montant  ou  un  \u00e9ch\u00e9ancier  d'apurement  sans\nlimitation de dur\u00e9e ;\n- Mme Camille LATAPIE-BAYROO, pour une dette  jusqu'\u00e0 50  000\u20ac ou un \u00e9ch\u00e9ancier d'apurement d'une\ndur\u00e9e de 36 mois maximum  ;\n- M. Dominique FABREGUES, Mme Maryline SILVESTRE, M. Louis FAGOT,  M. Jean-Christophe PATEY et\nMme Pamela JEAMPI, pour une dette jusqu'\u00e0 10 000\u20ac ou un \u00e9ch\u00e9ancier d'apurement d'une dur\u00e9e de 24\nmois maximum.\nNonobstant  les  validations  informatiques  correspondantes  dans  le  syst\u00e8me  d'information  EIFEL,\nre\u00e7oivent d\u00e9l\u00e9gation pour d\u00e9cider le principe de mettre en paiement des d\u00e9penses de l'AP-HP :\n-  M. Eric Nexon sans limitation de montant\u00a0;\n- Mme Martine HOLLEVILLE et Mme Samia AZHAR lorsque le montant est inf\u00e9rieur \u00e0 1\u00a0000\u00a0000\u20ac TTC\u00a0;\n- l'ensemble des agents des services Contr\u00f4le de paie et R\u00e8glement de la d\u00e9pense lorsque le montant est\ninf\u00e9rieur ou \u00e9gal \u00e0 300\u00a0000\u20ac TTC.\nUne d\u00e9cision de suspendre la d\u00e9pense ne peut \u00eatre prise en application de l'article L.6145-8 du Code de\nla Sant\u00e9 publique que par le directeur de P\u00f4le comptabilit\u00e9-d\u00e9pense et la cheffe de Service contr\u00f4le de\npaie.\nUne d\u00e9cision de suspendre le r\u00e8glement de la d\u00e9pense ne peut \u00eatre prise que conform\u00e9ment \u00e0 l  'article\nL.6145-8 du Code de la Sant\u00e9 publique que par le directeur de P\u00f4le comptabilit\u00e9-d\u00e9pense et la cheffe du\nservice R\u00e8glement de la d\u00e9pense ou ses d\u00e9l\u00e9gataires pr\u00e9cit\u00e9s dans le service.\nLe directeur de p\u00f4le comptabilit\u00e9-d\u00e9pense et la cheffe du service R\u00e8glement de la d\u00e9pense re\u00e7oivent\nd\u00e9l\u00e9gation pour demander au service du financement et de la tr\u00e9sorerie de la DEFIP de l'AP-HP le\nrel\u00e8vement du plafond quotidien des d\u00e9penses pay\u00e9es en cas de n\u00e9cessit\u00e9.\nArticle 8 - Re\u00e7oivent d\u00e9l\u00e9gation en application de l'article 29 de l'arr\u00eat\u00e9 directorial susvis\u00e9 :\nM. Thomas PILLET et M. Antoine GODEAU, \u00e0 l'effet d'instruire et de traiter les demandes d'habilitation\ndes  utilisateurs  \u00e0  l'application  EIFEL  et  de  transmettre  ces  demandes  \u00e0  la  DSN  de  l'AP-HP  pour\nl'application SIRH, dans le respect de l'organigramme fonctionnel de chaque p\u00f4le, division, service et\nmission concern\u00e9e ;\n4/5\nDirection Sp\u00e9cialis\u00e9e des Finances Publiques pour l'Assistance Publique-H\u00f4pitaux de Paris - IDF-2025-05-02-00009 - D\u00e9cision de\nd\u00e9l\u00e9gation de signature prise en application de l'arr\u00eat\u00e9 directorial du 2 mai 2025 portant organisation des services de la direction\nsp\u00e9cialis\u00e9e des finances publiques pour l'Assistance publique-H\u00f4pitaux de Paris\n99\nM. S\u00e9bastien ALI \u00e0 l'effet d'instruire, pour le Service facturier, les demandes d'habilitation des utilisateurs\nau syst\u00e8me d'information pour le module EIFEL et de transmettre ces demandes \u00e0 la DSN de l'AP-HP ;\nM.  Olivier  LACZNY  \u00e0  l'effet  d'instruire,  pour  le  service  Ressources  informatiques,  les  demandes\nd'habilitation des utilisateurs au syst\u00e8me d'information pour les modules EIFEL et SIRH et de transmettre\nces demandes \u00e0 la DSN de l'AP-HP ; M. Philippe ZAPLETAL, M . Sylvain PASQUIER, Mme Sonia CWERNER ,\nM. Eric NEXON pour administrer l'application MADRHAS (Module d'ADministRation des HAbilitationS)\nde  la  DGFiP  permettant  l'habilitation  des  agents  de  leur  p\u00f4le  d'appartenance  aux  diff\u00e9rentes\napplications informatiques de la DGFiP qui rel\u00e8vent de leur domaine de comp\u00e9tence ;\nMme B\u00e9atrice LOCKWOOD, M. S\u00e9bastien AYGALENC et M. Steeve LAFOURCADE  \u00e0 l'effet d'instruire et\nde traiter les demandes d'habilitation des r\u00e9gisseurs de recettes et/ou d'avance de l'AP-HP \u00e0 l'application\nDFT Net et d'habiliter les membres du bureau du financement et de la tr\u00e9sorerie du si\u00e8ge de l'AP-HP \u00e0\nBDF Direct ; \nLes autres chefs de service et de mission pour habiliter les utilisateurs des autres applications propres \u00e0\nleur service ou mission et non g\u00e9r\u00e9es dans l'application MADHRAS.\nArticle 9 - Les directeurs de p\u00f4le, les chefs de mission, les chefs de division et chefs de service des agents\nplac\u00e9s sous leur autorit\u00e9 re\u00e7oivent d\u00e9l\u00e9gation pour recevoir et valider, par l'interm\u00e9diaire de l'application\nSIRHIUS, les demandes de cong\u00e9s annuels et jours ARTT, autorisations d'absence et facilit\u00e9s horaires\npour  raisons  familiales  et  toute  autre  demande  relevant  de  leur  comp\u00e9tence  lorsque  l'instruction\ng\u00e9n\u00e9rale harmonis\u00e9e relative au temps de travail des agents de la DGFiP le pr\u00e9voit express\u00e9ment.\nEn cas d'emp\u00eachement des responsables pr\u00e9cit\u00e9s, leurs adjoints nomm\u00e9ment d\u00e9sign\u00e9s dans la pr\u00e9sente\nd\u00e9cision re\u00e7oivent d\u00e9l\u00e9gation \u00e0 cet effet.\nArticle 10  - La pr\u00e9sente d\u00e9cision de d\u00e9l\u00e9gation prendra effet au lendemain de sa publication au recueil\ndes actes administratifs de la pr\u00e9fecture de la r\u00e9gion d'\u00cele-de-France, pr\u00e9fecture de Paris.\nLa  pr\u00e9sente  d\u00e9cision  de  d\u00e9l\u00e9gation  abroge  la  d\u00e9cision  de  d\u00e9l\u00e9gation  n\u00b0IDF-2025-03-03-00014  du  \n3 mars 2025.\nFait \u00e0 Paris, le 2 mai 2025,\nLe directeur de la direction sp\u00e9cialis\u00e9e des finances\npubliques pour l'AP-HP ,\nsign\u00e9\nLaurent MARQUIER\n5/5\nDirection Sp\u00e9cialis\u00e9e des Finances Publiques pour l'Assistance Publique-H\u00f4pitaux de Paris - IDF-2025-05-02-00009 - D\u00e9cision de\nd\u00e9l\u00e9gation de signature prise en application de l'arr\u00eat\u00e9 directorial du 2 mai 2025 portant organisation des services de la direction\nsp\u00e9cialis\u00e9e des finances publiques pour l'Assistance publique-H\u00f4pitaux de Paris\n100\nRectorat de l'acad\u00e9mie de Cr\u00e9teil\nIDF-2025-05-02-00001\nArr\u00eat\u00e9 du 2 mai 2025 portant d\u00e9l\u00e9gation de\nsignature \u00e0 madame Anne TANGUY, cheffe de la\ndivision des personnels administratifs,\ntechniques, sociaux, de sant\u00e9 et d'encadrement\n(DPAE)  au rectorat de l'acad\u00e9mie de Cr\u00e9teil\nRectorat de l'acad\u00e9mie de Cr\u00e9teil - IDF-2025-05-02-00001 - Arr\u00eat\u00e9 du 2 mai 2025 portant d\u00e9l\u00e9gation de signature \u00e0 madame Anne\nTANGUY, cheffe de la division des personnels administratifs, techniques, sociaux, de sant\u00e9 et d'encadrement (DPAE)  au rectorat de\nl'acad\u00e9mie de Cr\u00e9teil\n101\nACADEMIEDE CRETEILLibert\u00e9Egalit\u00e9Fraternit\u00e9\n  \n \n \n \n \n \n \n \n \n \n \nArr\u00eat\u00e9 du 2 mai 2025 portant d\u00e9l\u00e9gation de signature \u00e0 madame Anne TANGUY, cheffe de la \ndivision des personnels administratifs, techniques, sociaux, de sant\u00e9 et d'encadrement (DPAE) \nau rectorat de l'acad\u00e9mie de Cr\u00e9teil \n \n \nLE RECTEUR DE L'ACADEMIE DE CRETEIL \nVU le code de l'\u00e9ducation et notamment son article D. 222-20 ;  \n \nVU   le d\u00e9cret du 12 mars 2025 nommant monsieur Jean-Fran\u00e7ois CHANET recteur de l'acad\u00e9mie de Cr\u00e9teil ;  \n \nVU l'arr\u00eat\u00e9 du 7 novembre 1985 modifi\u00e9 portant d\u00e9l\u00e9gation de pouvoirs en mati\u00e8re de gestion de certains \npersonnels des services ext\u00e9rieurs du minist\u00e8re de l'\u00e9ducation nationale ;  \n \nVU  l'arr\u00eat\u00e9 du 3 juillet 2009 portant r\u00e8glement de comptabilit\u00e9 pour la d\u00e9signation des ordonnateurs \nsecondaires et de leurs d\u00e9l\u00e9gu\u00e9s en ce qui concerne le minist\u00e8re de l'\u00e9ducation nationale  ; \n \nVU l'arr\u00eat\u00e9 du 26 d\u00e9cembre 20 22 portant d\u00e9l\u00e9gation de pouvoirs d es ministres charg\u00e9s de l' \u00e9ducation \nnationale, de la jeunesse et des sports aux recteurs d'ac ad\u00e9mie et aux vice-recteurs des \u00eeles Wallis et \nFutuna, de Nouvelle -Cal\u00e9donie et de Polyn\u00e9sie fran\u00e7aise en mati\u00e8re de recrutement et de gestion de \ncertains personnels stagiaires et titulaires relevant d es ministres charg\u00e9s de l'\u00e9ducation nationale, de la \njeunesse et des sports ;  \n \nVU l'arr\u00eat\u00e9 du 26 d\u00e9cembre 20 22 portant d\u00e9l\u00e9gation de pouvoirs d u ministre charg\u00e9 de l'enseignement \nsup\u00e9rieur aux recteurs d'acad\u00e9mie et aux vice-recteurs des \u00eeles Wallis et Futuna, de Nouvelle-Cal\u00e9donie \net de Polyn\u00e9sie fran\u00e7aise en mati\u00e8re de recrutement et de gestion de s ing\u00e9nieurs et des personnels \ntechniques et administratifs de recherche et de formation relevant du ministres charg\u00e9 de l'enseignement \nsup\u00e9rieur affect\u00e9s dans le s services d\u00e9concentr\u00e9s du minist\u00e8re de l'\u00e9ducation nationale et au sein de \ncertains \u00e9tablissements publics et institutions relevant des ministres charg\u00e9s de l'\u00e9ducation nationale, de \nl'enseignement sup\u00e9rieur et de la jeunesse et des sports ;  \n \nVU        l'arr\u00eat\u00e9 minist\u00e9riel du 27 avril 2021 nommant madame Aliz\u00e9 MARIE-JOSEPH attach\u00e9e d'administration \nde l'\u00c9tat au rectorat de l'acad\u00e9mie de Cr\u00e9teil ; \n \nVU l'arr\u00eat\u00e9 minist\u00e9riel du 25 f\u00e9vrier 2022 affectant madame Patricia SKORUPSKI, professeure des \u00e9coles \nhors classe d\u00e9tach\u00e9e dans le corps des attach\u00e9s d'administration de l'\u00c9tat au grade d'attach\u00e9e principale \nd'administration, au rectorat de l'acad\u00e9mie de Cr\u00e9teil en qualit\u00e9 d'adjointe \u00e0 la cheffe de la division des \npersonnels ATSS et de l'encadrement (DPAE) ; \n \nVU        l'arr\u00eat\u00e9 minist\u00e9riel du 14 avril 2025 pla\u00e7ant madame Anne-Sabine SABATER, professeure certifi\u00e9e hors \nclasse de lettres modernes, en position de d\u00e9tachement dans le corps des attach\u00e9s d'administration de \nl'\u00c9tat au rectorat de l'acad\u00e9mie de Cr\u00e9teil ; \n \nVU les arr\u00eat\u00e9s du pr\u00e9fet de la r\u00e9gion d'Ile -de-France n\u00b0 2025-03-00009 du 26 mars 2025 portant d\u00e9l\u00e9gation \nde signature \u00e0 monsieur Jean-Fran\u00e7ois CHANET, recteur de l'acad\u00e9mie de Cr\u00e9teil, en mati\u00e8re de contr\u00f4le \nde l\u00e9galit\u00e9 des \u00e9tablissements publics locaux d'enseignement rattach\u00e9s \u00e0 la r\u00e9gion d'Ile -de-France dans \nle ressort de l'acad\u00e9mie de Cr\u00e9teil et n\u00b0 2025-03-00008 du 26 mars 2025 portant d\u00e9l\u00e9gation de signature \n\u00e0 monsieur Jean -Fran\u00e7ois CHANET, recteur de l'acad\u00e9mie de Cr\u00e9teil, en mati\u00e8re d'ordonnancement \nsecondaire ;  \nRectorat de l'acad\u00e9mie de Cr\u00e9teil - IDF-2025-05-02-00001 - Arr\u00eat\u00e9 du 2 mai 2025 portant d\u00e9l\u00e9gation de signature \u00e0 madame Anne\nTANGUY, cheffe de la division des personnels administratifs, techniques, sociaux, de sant\u00e9 et d'encadrement (DPAE)  au rectorat de\nl'acad\u00e9mie de Cr\u00e9teil\n102\n \n 2 \nVU l'arr\u00eat\u00e9 rectoral du 5 mai 2022 nommant madame Anne TANGUY, attach\u00e9e principale d'administration \nde l'\u00c9tat, au rectorat de l'acad\u00e9mie de Cr\u00e9teil ;  \n \nVU l'arr\u00eat\u00e9 rectoral du 13 octobre 2023 nommant monsieur Suleiman LEITES,  attach\u00e9 d'administration \nde l'\u00c9tat, au rectorat de l'acad\u00e9mie de Cr\u00e9teil ;  \n \nVU        l'arr\u00eat\u00e9 rectoral du 6 mai 2024 nommant madame Annabelle DANOUMBE, attach\u00e9e d'administration de \nl'\u00c9tat au rectorat de Cr\u00e9teil de l'acad\u00e9mie de Cr\u00e9teil ; \n \nVU        l'arr\u00eat\u00e9 rectoral du 28 avril 2025  affectant madame Anne-Sabine SABATER, professeure certifi\u00e9e hors \nclasse de lettres modernes d\u00e9tach\u00e9e dans le corps des attach\u00e9s d'administration de l'\u00c9tat au grade \nd'attach\u00e9e principale d'administration, au rectorat de l'acad\u00e9mie de Cr\u00e9teil au sein de la DPAE ; \n \n \nARRETE \n \n \n \n \nARTICLE 1 :  \nD\u00e9l\u00e9gation de signature est donn\u00e9e \u00e0  madame A nne TANGUY , cheffe de la division des personnels \nadministratifs, techniques, sociaux, de sant\u00e9 et d'encadrement \u00e0 l'effet de signer dans la limite de ses attributions \net comp\u00e9tences les actes suivants : \n1) \u2013   les arr\u00eat\u00e9s portant recrutement et nomination des personnels titulaires et non titulaires des fili\u00e8res \nadministratives, techniques, sociales et de sant\u00e9 ; \n \n\u2212 les arr\u00eat\u00e9s portant titularisation, reclassement, prolongation ou renouvellement de stage ; \n \n\u2212 les d\u00e9cisions accordant ou refusant les cong\u00e9s de mobilit\u00e9, de formation professionnelle, les \nautorisations d'exercice des fonctions \u00e0 temps partiel et les cong\u00e9s bonifi\u00e9s  ; \n \n\u2212 les d\u00e9cisions accordant ou refusant la disponibilit\u00e9, le cong\u00e9 parental, la mise en position \nd'accomplissement du service national et la mise en position normale d'activit\u00e9  ; \n \n\u2212 les autorisations portant cumul d'emplois et de r\u00e9mun\u00e9rations ; \n \n\u2212 les arr\u00eat\u00e9s pronon\u00e7ant les cong\u00e9s de maladie ; \n \n\u2212 les arr\u00eat\u00e9s pronon\u00e7ant les cong\u00e9s de maternit\u00e9 ou pour adoption et les cong\u00e9s de paternit\u00e9 ;  \n \n\u2212 les arr\u00eat\u00e9s accordant ou les d\u00e9cisions refusant les cong\u00e9s de longue maladie ou les cong\u00e9s de \nlongue dur\u00e9e ; \n \n\u2212 les arr\u00eat\u00e9s accordant ou les d\u00e9cisions refusant les cong\u00e9s de grave maladie ; \n \n\u2212 les d\u00e9cisions de r\u00e9int\u00e9gration et d'affectation apr\u00e8s cong\u00e9s de longue maladie ou cong\u00e9s de longue \ndur\u00e9e ; \n \n\u2212 les d\u00e9cisions de r\u00e9int\u00e9gration et d'affectation apr\u00e8s cong\u00e9s de grave maladie  ; \n \n\u2212 les d\u00e9cisions rel atives aux cong\u00e9s dans le cadre d'un accident de service ou d'une maladie \nprofessionnelle ; \n \n\u2212 les d\u00e9cisions de r\u00e9int\u00e9gration et d'affectation apr\u00e8s disponibilit\u00e9, ou d\u00e9tachement ou cong\u00e9 parental ; \n \n\u2212 l'\u00e9valuation, la promotion de grade et de corps et l'avancement d'\u00e9chelon ; \n \n\u2212 les arr\u00eat\u00e9s de mouvement et d'affectation des personnels titulaires et stagiaires, les arr\u00eat\u00e9s \nconcernant des personnels touch\u00e9s par une mesure de carte scolaire ; \nRectorat de l'acad\u00e9mie de Cr\u00e9teil - IDF-2025-05-02-00001 - Arr\u00eat\u00e9 du 2 mai 2025 portant d\u00e9l\u00e9gation de signature \u00e0 madame Anne\nTANGUY, cheffe de la division des personnels administratifs, techniques, sociaux, de sant\u00e9 et d'encadrement (DPAE)  au rectorat de\nl'acad\u00e9mie de Cr\u00e9teil\n103\n \n 3 \n\u2212 les arr\u00eat\u00e9s portant ouverture des droits \u00e0 la prise en charge des frais de changement de r\u00e9sidence ; \n \n\u2212 les d\u00e9cisions concernant le compte personnel de formation ; \n \n\u2212 les d\u00e9cisions portant, en mati\u00e8re de cessation d\u00e9finitive de fonctions, autorisation d'achever l'ann\u00e9e \nscolaire ou de recul de limite d'\u00e2ge, d'admission \u00e0 la retraite ; \n \n\u2212 la radiation des cadres apr\u00e8s acceptation de la d\u00e9mission ou int\u00e9gration dans un autre  corps pour \nles corps \u00e0 gestion acad\u00e9mique ; \n \n\u2212 la constatation de l'abandon de poste ; \n \n\u2212 les contrats de recrutement de personnel non titulaire sur des emplois vacants et des fonctions de \nsuppl\u00e9ance ; \n \n\u2212 les contrats de recrutement des apprentis et les conventions financi\u00e8res avec les CFA ; \n \n\u2212 les convocations et les ordres de mission pour les personnels appel\u00e9s \u00e0 si\u00e9ger aux commissions \nadministratives paritaires acad\u00e9miques et \u00e0 participer aux groupes de travail.  \n \n \n2) les documents et courriers concernant la paye.  \n \n \n3)   \u2013   les convocations des personnels aux r\u00e9unions d'organisation et de jury des concours et recrutements \nadministratifs et ITRF ; \n \n\u2212 les acceptations et les refus de candidatures ; \n \n\u2212 les convocations des candidats ; \n \n\u2212 la communication des relev\u00e9s de notes aux candidats ; \n \n\u2212 les pi\u00e8ces relatives aux frais de concours ; \n \n\u2212 la liquidation et le paiement des frais de concours. \n \n \n4) les correspondances relatives \u00e0 l'activit\u00e9 de la division et ne faisant pas grief (transmissions, lettres \nd'informations). \n \n \n \nARTICLE 2 :   \nEn cas d'absence ou d'emp\u00eachement de madame A nne TANGUY, d\u00e9l\u00e9gation de signature est donn\u00e9e, dans \nleurs domaines respectifs de comp\u00e9tence \u00e0 :  \n\u2212    Madame Patricia SKORUPSKI, adjointe \u00e0 la cheffe de division, \n \n\u2212 Mesdames Annabelle DANOUMBE et Anne-Sabine SABATER et monsieur Suleiman LEITES, chefs \nde service, \n \n\u2212 Madame Aliz\u00e9 MARIE-JOSEPH, cheffe du bureau des personnels d'inspection et de direction, \n \npour ce qui concerne les mati\u00e8res \u00e9nonc\u00e9es au 1), au 2) et au 4) de l'article 1er \u00e0 l'effet de signer dans la limite de \nleurs attributions et comp\u00e9tences, tous les actes courants du service  qui ne font pas grief , dont ils ont la \nresponsabilit\u00e9. \n \n \nRectorat de l'acad\u00e9mie de Cr\u00e9teil - IDF-2025-05-02-00001 - Arr\u00eat\u00e9 du 2 mai 2025 portant d\u00e9l\u00e9gation de signature \u00e0 madame Anne\nTANGUY, cheffe de la division des personnels administratifs, techniques, sociaux, de sant\u00e9 et d'encadrement (DPAE)  au rectorat de\nl'acad\u00e9mie de Cr\u00e9teil\n104\n \n 4 \nARTICLE 3 :  \n \nSont exclus du champ de la pr\u00e9sente d\u00e9l\u00e9gation les actes portant suspension de fonctions, sanction disciplinaire, \nlicenciement ou radiation des cadres. \n \n \n \nARTICLE 4 :    \n \nLe pr\u00e9sent arr\u00eat\u00e9 abroge l'arr\u00eat\u00e9 du 4 avril 2025. \n \n \n \nARTICLE 5 :   \n \nLe pr\u00e9sent arr\u00eat\u00e9 sera publi\u00e9 au recueil des actes administratifs de la pr\u00e9fecture de la r\u00e9gion d'Ile -de-France. \n \n \n \n \n Fait \u00e0 Cr\u00e9teil, le 2 mai 2025 \n \n \n \n \n \n  Le recteur de l'acad\u00e9mie de Cr\u00e9teil \n \n \n         Sign\u00e9 \n \n  Jean-Fran\u00e7ois CHANET \n \nRectorat de l'acad\u00e9mie de Cr\u00e9teil - IDF-2025-05-02-00001 - Arr\u00eat\u00e9 du 2 mai 2025 portant d\u00e9l\u00e9gation de signature \u00e0 madame Anne\nTANGUY, cheffe de la division des personnels administratifs, techniques, sociaux, de sant\u00e9 et d'encadrement (DPAE)  au rectorat de\nl'acad\u00e9mie de Cr\u00e9teil\n105","date":"2025-05-02","first_seen_on":"2025-05-02T16:32:26+00:00","id":"e3d44e59da56442a8cca5d76216b68a58ecc3c8454592b7f1906a5818be42ffa","name":"recueilDS-idf-002-2025-05-recueil-des-actes-administratifs-special du 02.05.2025","pdf_creation_date":"2025-05-02T14:58:01+00:00","pdf_modification_date":null,"timezone":"Europe/Paris","url":"https://www.prefectures-regions.gouv.fr/ile-de-france/irecontenu/telechargement/127436/940345/file/recueilDS-idf-002-2025-05-recueil-des-actes-administratifs-special%20du%2002.05.2025.pdf"}
