{"administration":"pref30","administration_name":"Pr\u00e9fecture du Gard","content":"PR\u00c9FET\nDU GARD\nRECUEIL DES ACTES\nADMINISTRATIFS SP\u00c9CIAL\nN\u00b030-2025-075\nPUBLI\u00c9 LE  6 MAI 2025\nSommaire\nAgence R\u00e9gionale de la Sant\u00e9- d\u00e9l\u00e9gation d\u00e9partementale du Gard\n/\n30-2025-05-06-00004 - Arr\u00eat\u00e9 portant r\u00e9quisition de m\u00e9decin\ng\u00e9n\u00e9raliste (2 pages) Page 3\n2\nAgence R\u00e9gionale de la Sant\u00e9- d\u00e9l\u00e9gation\nd\u00e9partementale du Gard\n30-2025-05-06-00004\nArr\u00eat\u00e9 portant r\u00e9quisition de m\u00e9decin\ng\u00e9n\u00e9raliste\nAgence R\u00e9gionale de la Sant\u00e9- d\u00e9l\u00e9gation d\u00e9partementale du Gard - 30-2025-05-06-00004 - Arr\u00eat\u00e9 portant r\u00e9quisition de m\u00e9decin\ng\u00e9n\u00e9raliste 3\neT ArPREFET |DU GARD \u00a9 D Agence R\u00e9gionale de Sant\u00e9oe OccitanieLibert\u00e9Egalit\u00e9FAIRE | D\u00e9l\u00e9gation d\u00e9partementale du GardLe Pr\u00e9fet du Gard\nLe or\u00e9fet du GardChevalier de la L\u00e9gion d'honneurChevalier de l'ordre national du M\u00e9rite\nARRETE PORTANT REQUISITION DE MEDECIN GENERALISTE\nVU le code de la d\u00e9fense, et notamment ses articles L 2213-1 et suivants, et R 2213-1 etsuivants relatifs aux r\u00e9quisitions de biens et de services ;VU le d\u00e9cret n\u00b02004-374 du 29 avril 2004 modifi\u00e9, relatif aux pouvoirs des pr\u00e9fets, \u00e0l'organisation et \u00e0 l'action des services de l'Etat dans les r\u00e9gions et d\u00e9partements ;VU le code de la sant\u00e9 publique, et notamment les articles L.1435-5 et L.6314-1 et suivantsrelatifs \u00e0 la mission de service public de Permanences des Soins Ambulatoires, l'article R.4127-1 et suivants et R. 6315-1 et suivants ;VU le d\u00e9cret n\u00b02016-1264 du 28 septembre 2016 portant fixation du nom et du chef-lieu de lar\u00e9gion Occitanie ;VU le d\u00e9cret du 20 avril 2022 portant nomination de Monsieur Didier JAFFRE en qualit\u00e9 dedirecteur g\u00e9n\u00e9ral de l'agence r\u00e9gionale de sant\u00e9 Occitanie ;VU le d\u00e9cret du 13 juillet 2023 portant nomination du Pr\u00e9fet du Gard, Monsieur J\u00e9r\u00f4meBONET ;VU l'arr\u00eat\u00e9 de l'ARS Occitanie n\u00b02023-ARS-DPR-PDSA-CDC-01 en date du 8 d\u00e9cembre 2023fixant le cahier des charges r\u00e9gional de la permanence des soins en m\u00e9decine ambulatoirepour la r\u00e9gion Occitanie;VU les tableaux de garde communiqu\u00e9s Bot le conseil d\u00e9partemental de l'ordre des m\u00e9decinspour la p\u00e9riode consid\u00e9r\u00e9e ;VU le courrier du Conseil D\u00e9partemental de l'Ordre des m\u00e9decins en date du 30 avril 2025indiquant qu'il n'a pas pu pallier l'incompl\u00e9tude de la seconde ligne du planning des gardes dela Maison m\u00e9dicale de garde d'Al\u00e9s (secteur 4) ; .CONSIDERANT la r\u00e9quisition comme seul moyen de faire face \u00e0 la situation d'incompl\u00e9tudedu planning de la Maison m\u00e9dicale de garde d'Al\u00e8s (secteur 4) ;\nAgence R\u00e9gionale de la Sant\u00e9- d\u00e9l\u00e9gation d\u00e9partementale du Gard - 30-2025-05-06-00004 - Arr\u00eat\u00e9 portant r\u00e9quisition de m\u00e9decin\ng\u00e9n\u00e9raliste 4\nCONSIDERANT la n\u00e9cessit\u00e9 de maintenir une activit\u00e9 de permanence de soins ambulatoires\u00e0 la Maison m\u00e9dicale de garde d'Al\u00e9s (secteur 4) pour r\u00e9pondre a la demande de la population ;CONSIDERANT qu'il r\u00e9sulte de cette situation, un risque grave pour la prise en charge deshabitants du secteur 4 (Ales, Anduze) en l'absence de m\u00e9decins lib\u00e9raux sur le tour de gardeconsid\u00e9r\u00e9 pour exercer la permanence des soins constituant une atteinte ala s\u00e9curit\u00e9 et salubrit\u00e9publique ;Sur proposition du Directeur de la d\u00e9l\u00e9gation d\u00e9partementale de l'ARS du Gard agissant pard\u00e9l\u00e9gation du Directeur G\u00e9n\u00e9ral de l'Agence R\u00e9gionale de Sant\u00e9 d'Occitanie ;\nARRETEARTICLE 1 : Pour assurer la permanence des soins sur le secteur 4 (Al\u00e8s, ANUS}, lam\u00e9decin d\u00e9sign\u00e9 ci-apr\u00e8s est requis le vendredi 9 mai de 8h \u00e0 20 heures :\nDr B\u00e9rang\u00e8re AGUADO\n42 place des C\u00e9vennes30360 VEZENOBRESAdresse professionnelle : Le vendredi 9 mai 2025De 8h \u00e0 20 heures\nCe m\u00e9decin requis doit \u00eatre joignable \u00e0 tout instant \u00e0 son num\u00e9ro de t\u00e9l\u00e9phoneprofessionnel durant la p\u00e9riode de garde d\u00e9finie ci-dessus.\nARTICLE 2 : Le pr\u00e9sent arr\u00eat\u00e9 peut faire l'objet d'un recours contentieux aupr\u00e8s du tribunaladministratif territorialement comp\u00e9tent \u00e0 compter de sa publication au recueil des actesadministratifs des services de l'Etat.Le tribunal administratif peut \u00eatre saisi par l'application informatique \"T\u00e9l\u00e9recours citoy\u00e9ns\u00aeaccessible par le site internet www.telerecours. fr .\nARTICLE 3: Le Sous-Pr\u00e9fet d'Al\u00e8s et le directeur de la d\u00e9l\u00e9gation d\u00e9partementale du Gard del'agence r\u00e9gionale de sant\u00e9 Occitanie sont charg\u00e9s, chacun en ce qui le concerne, del'application du pr\u00e9sent arr\u00eat\u00e9 qui sera notifi\u00e9 aux int\u00e9ress\u00e9s.\nFait \u00e0 NIMES, le\nLe Pr\u00e9fet Pour le pr\u00e9fet,ie SOUS-pr\u00e9fet,secr\u00e9taire g\u00e9n\u00e9ral adjoint\n06/05/2025\nAgence R\u00e9gionale de la Sant\u00e9- d\u00e9l\u00e9gation d\u00e9partementale du Gard - 30-2025-05-06-00004 - Arr\u00eat\u00e9 portant r\u00e9quisition de m\u00e9decin\ng\u00e9n\u00e9raliste 5","date":"2025-05-06","first_seen_on":"2025-05-06T16:14:04+00:00","id":"e3f4f789a31e087ee2c64c2a6effbdaaad2c2c2079c239b966db4ed3ff7604de","name":"recueil-30-2025-075-special du 06 05 2025","pdf_creation_date":"2025-05-06T15:19:15+00:00","pdf_modification_date":null,"timezone":"Europe/Paris","url":"https://www.gard.gouv.fr/contenu/telechargement/63078/466695/file/recueil-30-2025-075-special%20du%2006%2005%202025.pdf"}
