{"administration":"pref64","administration_name":"Pr\u00e9fecture des Pyr\u00e9n\u00e9es-Atlantiques","content":"PYR\u00c9N\u00c9ES-\nATLANTIQUES\nRECUEIL DES ACTES\nADMINISTRATIFS\nN\u00b064-2025-415\nPUBLI\u00c9 LE 29 D\u00c9CEMBRE 2025\nSommaire\nDirection R\u00e9gionale de l'Economie, de l'Emploi et des Solidarit\u00e9s de la\nNouvelle Aquitaine /\n64-2025-12-23-00003 - D\u00e9cision 2025-T-NA-42 portant affectation  et\nint\u00e9rim des agents de contr\u00f4le de l'inspection du travail  au sein des\nunit\u00e9s de contr\u00f4le de la DDETS (8 pages) Page 3\nPr\u00e9fecture des Pyr\u00e9n\u00e9es-Atlantiques / Pr\u00e9fecture des\nPyr\u00e9n\u00e9es-Atlantiques - Direction de la Citoyennet\u00e9 de la L\u00e9galit\u00e9 et\ndu D\u00e9veloppement Territorial\n64-2025-12-24-00001 - SA OGF - PFG  Renouvellement habilitation\nfun\u00e9raire \u00e0 Pau (1 page) Page 12\n64-2025-12-24-00002 - SA OGF - PFG Renouvellement habilitation\nfun\u00e9raire \u00e0 Juran\u00e7on (1 page) Page 14\nPr\u00e9fecture des Pyr\u00e9n\u00e9es-Atlantiques / Pr\u00e9fecture des\nPyr\u00e9n\u00e9es-Atlantiques - Direction des s\u00e9curit\u00e9s\n64-2025-12-24-00004 - Arr\u00eat\u00e9 constatant des circonstances\nparticuli\u00e8res dans le d\u00e9partement des Pyr\u00e9n\u00e9es-Atlantiques li\u00e9es\n\u00e0 l'existence de menaces graves pour la s\u00e9curit\u00e9 publique (2 pages) Page 16\nSous-Pr\u00e9fecture de Bayonne /\n64-2025-12-19-00014 - AP portant modification de la convention\nconstitutive de l'OPLB (4 pages) Page 19\n64-2025-12-19-00015 - AP portant nomination du commissaire du\ngouvernement aupr\u00e8s de l'OPLB (2 pages) Page 24\n2\nDirection R\u00e9gionale de l'Economie, de l'Emploi\net des Solidarit\u00e9s de la Nouvelle Aquitaine\n64-2025-12-23-00003\nD\u00e9cision 2025-T-NA-42 portant affectation  et\nint\u00e9rim des agents de contr\u00f4le de l'inspection du\ntravail  au sein des unit\u00e9s de contr\u00f4le de la\nDDETS\nDirection R\u00e9gionale de l'Economie, de l'Emploi et des Solidarit\u00e9s de la Nouvelle Aquitaine - 64-2025-12-23-00003 - D\u00e9cision\n2025-T-NA-42 portant affectation  et int\u00e9rim des agents de contr\u00f4le de l'inspection du travail  au sein des unit\u00e9s de contr\u00f4le de la\nDDETS\n3\neters \u00e0 Direction r\u00e9gionale de l'\u00e9conomieMINIST\u00c8RE 8 'DU TRAVAIL ; de l'emploi, du travail et des solidarit\u00e9sET DES SOLIDARITES 'de Nouvelle-AquitaineLibert\u00e9Egalit\u00e9Fraternit\u00e9\nD\u00c9CISION N\u00b0 2025-T-NA-42de M. Jean-Guillaume BRETENOUX, directeur r\u00e9gional de l'\u00e9conomie, de l'emploi,du travail et des solidarit\u00e9s de la r\u00e9gion Nouvelle-Aquitaine (DREETS), portant affectation desagents de contr\u00f4le de l'inspection du travail et organisation de l'int\u00e9rim au sein des unit\u00e9s decontr\u00f4le Pays Basque -Sud Landes et B\u00e9arn-Soulede la direction d\u00e9partementale de l'emploi, du travail et des solidarit\u00e9sdes Pyr\u00e9n\u00e9es-Atlantiques (DDETS)\nLE DIRECTEUR REGIONAL DE L'ECONOMIE, DE L'EMPLOI, DU TRAVAILET DES SOLIDARITES DE LA REGION NOUVELLE-AQUITAINEVu le code du travail, notamment ses articles R.8122-3 et suivants ;Vu le d\u00e9cret n\u00b02020-1545 du 09 d\u00e9cembre2020 relatif \u00e0 l'organisation et aux missions des directionsr\u00e9gionales de l'\u00e9conomie, de l'emploi, du travail et des solidarit\u00e9s, des directions d\u00e9partementales del'emploi, du travail et des solidarit\u00e9s et des directions d\u00e9partementales de l'emploi, du travail, dessolidarit\u00e9s et de la protection des populations ;Vu l'arr\u00eat\u00e9 de la ministre du travail et de l'emploi du 27 novembre 2024 portant r\u00e9partition des unit\u00e9sde contr\u00f4le de l'inspection du travail ;Vu la d\u00e9cision du DREETS n\u00b02024-T-NA-10 du 18 avril 2024 relative \u00e0 la localisation et \u00e0 la d\u00e9limitationdes unit\u00e9s de contr\u00f4le et des sections d'inspections du travail pour la r\u00e9gion Nouvelle-Aquitaine ;Vu la d\u00e9cision n\u00b02025-T-NA-40 du 18 d\u00e9cembre 2025 portant d\u00e9limitation des unit\u00e9s de contr\u00f4le etdes sections de l'inspection du travailDECIDEARTICLE 1: Les agents de contr\u00f4le dont les noms suivent sont en charge des actions d'inspection de lal\u00e9gislation du travail dans les entreprises relevant des sections d'inspection du travail composant l'unit\u00e9de contr\u00f4le interd\u00e9partementale Pays Basque et Sud Landes (UC 1) et l'unit\u00e9 de contr\u00f4le B\u00e9arn et Soule(UC 2), rattach\u00e9es \u00e0 la DDETS des Pyr\u00e9n\u00e9es-Atlantiques.- Unit\u00e9 de contr\u00f4le interd\u00e9partementale Pays Basque et Sud Landes, situ\u00e9e 6 All\u00e9es Marines - 64100BAYONNE :\nN\u00b0; Nom Pr\u00e9nom Fonction GradeSection Responsable de l'unit\u00e9 | Directrice adjointeBURRET |; ;celine de contr\u00f4le du Travail\nDirection R\u00e9gionale de l'Economie, de l'Emploi et des Solidarit\u00e9s de la Nouvelle Aquitaine - 64-2025-12-23-00003 - D\u00e9cision\n2025-T-NA-42 portant affectation  et int\u00e9rim des agents de contr\u00f4le de l'inspection du travail  au sein des unit\u00e9s de contr\u00f4le de la\nDDETS\n4\n1 PEREIRA Laura Inspectrice du travail | Inspectrice du travail2 VERDIER Jean-Michel Inspecteur du travail Inspecteur du travail3 RENE Laetitia Inspectrice du travail | Inspectrice du travailBREUNEVAL4 HUE Christine Inspectrice du travail | Inspectrice du travail5 LANDE-VERDIE St\u00e9phane Inspecteur du travail Inspecteur du travail6 OLIVIER Maylis Inspectrice du travail | Inspectrice du travail7 LASLA Salom\u00e9 Inspecteur du travail Inspecteur du travail8 ROUMEGOUX Maud Inspectrice du travail | Inspectrice du travail9 Section vacante10 TORRES Nathalie Inspectrice du travail | Inspectrice du travail11 CANTON Fr\u00e9d\u00e9ric Inspecteur du travail Inspecteur du travailUnit\u00e9 de contr\u00f4le B\u00e9arn et Soule, situ\u00e9e Cit\u00e9 administrative Boulevard Tourasse - 64000 PAU :\nadLit Nom Pr\u00e9nom Fonction GradeDUPONT H\u00e9l\u00e8ne Responsable de l'unit\u00e9 | Directrice adjointe dude contr\u00f4le Travail1 BOISVERT Marie-France | Inspectrice du travail | Inspectrice du travail2 JACOTTIN Arnaud Inspecteur du travail Inspecteur du travail3 COUTURE Lucile Inspectrice du travail | Inspectrice du travail4 Section vacante5 PARIS Corinne Inspectrice du travail pirectrice adjointe au6 Section vacante7 PUCEL Marie-Lise Inspectrice du travail Drecaice ns minsns8 AIME Quentin Inspecteur du travail Inspecteur du travail9 GARRIGUES Pierre Inspecteur du travail Inspecteur du travail10 BIADOS Nathalie Inspectrice du travail | Inspectrice du travail11 BANNET Oscar Inspecteur du travail Inspecteur du travail\nEn cas d'absence ou d'emp\u00eachement d'un inspecteur mentionn\u00e9 ci-dessus, le pouvoir de d\u00e9cision estassur\u00e9 par l'inspecteur charg\u00e9 d'assurer l'int\u00e9rim de celui-ci en application de l'article 2 ci-dessous.\nPage 2 sur 8\nDirection R\u00e9gionale de l'Economie, de l'Emploi et des Solidarit\u00e9s de la Nouvelle Aquitaine - 64-2025-12-23-00003 - D\u00e9cision\n2025-T-NA-42 portant affectation  et int\u00e9rim des agents de contr\u00f4le de l'inspection du travail  au sein des unit\u00e9s de contr\u00f4le de la\nDDETS\n5\nARTICLE 2: En cas d'absence ou d'emp\u00eachement d'un agent de contr\u00f4le d\u00e9sign\u00e9 \u00e0 l'article 1, l'int\u00e9rimde la section, notamment le pouvoir de d\u00e9cision, est assur\u00e9 selon l'organisation suivante :\nUnit\u00e9 de contr\u00f4le Pays Basque et Sud Landes\nAgents de contr\u00f4le int\u00e9rimaires\nMme Laura PEREIRA\n1.Mme Maylis OLIVIEREn cas d'absence ou d'emp\u00eachement de celle-ci :\n\u00a9 \u00a9 NOUESWN\nMme Laetitia MOMENE-BREUNEVALM. Fr\u00e9d\u00e9ric CANTONMme Christine HUEM. Jean-Michel VERDIERMme Salom\u00e9 LASLAMme Maud ROUMEGOUXM. St\u00e9phane LANDE-VERDIEMme Nathalie TORRES\nM. Jean-Michel VERDIER\n1Mme Laetitia MOMENE-BREUNEVALEn cas d'absence ou d'emp\u00e9chement de celle-ci :Mme Maylis OLIVIERMme Maud ROUMEGOUXM. Fr\u00e9d\u00e9ric CANTONMme Christine HUEMme Laura PEREIRAMme Salom\u00e9 LASLAM. St\u00e9phane LANDE-VERDIEMme Nathalie TORRES\nMme Laetitia MOMENE-BREUNEVAL\n3456.7891M. Jean-Michel VERDIEREn cas d'absence ou d'emp\u00e9chement de celui-ci :234ok6.789\nM. St\u00e9phane LANDE-VERDIEMme Maylis OLIVIERMme Laura PEREIRAM. Fr\u00e9d\u00e9ric CANTONMme Maud ROUMEGOUXMme Christine HUEMme Nathalie TORRESMme Salom\u00e9 LASLA\n' Page 3 sur 8\nDirection R\u00e9gionale de l'Economie, de l'Emploi et des Solidarit\u00e9s de la Nouvelle Aquitaine - 64-2025-12-23-00003 - D\u00e9cision\n2025-T-NA-42 portant affectation  et int\u00e9rim des agents de contr\u00f4le de l'inspection du travail  au sein des unit\u00e9s de contr\u00f4le de la\nDDETS\n6\n1. Mme Nathalie TORRESEn cas d'absence ou d'emp\u00eachement de celle-ci :Mme Laura PEREIRAMme Laetitia MOMENE-BREUNEVALMme Maylis OLIVIERM. Jean-Michel VERDIERM. Fr\u00e9d\u00e9ric CANTONMme Maud ROUMEGOUXMme Salom\u00e9 LASLASt\u00e9phane LANDE-VERDIE\nMme Christine HUE\n\u2014~|SO anosGN\nM. Fr\u00e9d\u00e9ric CANTONEn cas d'absence ou d'emp\u00eachement de celle-ci :M. Jean-Michel VERDIERMme Laura PEREIRAMme Laetitia MOMENE-BREUNEVALMme Maud ROUMEGOUXM. Fr\u00e9d\u00e9ric CANTONMme Nathalie TORRESMme Maylis OLIVIERMme Christine HUE\nM. St\u00e9phane LANDE-VERDIE\nVe 4 00 oF eS pe\n1 Mme Laura PEREIRAEn cas d'absence ou d'emp\u00eachement de celle-ci :Mme Christine HUEM. Jean-Michel VERDIERM. St\u00e9phane LANDE-VERDIEMme Salom\u00e9 LASLAMme Maylis OLIVIER\nM. Fr\u00e9d\u00e9ric CANTON7 Mme Maud ROUMEGOUXMme Laetitia MOMENE-BREUNEVAL\n2345.6. Mme Nathalie TORRES7891M. St\u00e9phane LANDE-VERDIEEn cas d'absence ou d'emp\u00e9chement de celui-ci :Mme Nathalie TORRESMme Christine HUEMme Maylis OLIVIERMme Laetitia MOMENE-BREUNEVALMme Laura PEREIRAM. Jean-Michel VERDIERM. Fr\u00e9d\u00e9ric CANTONMme Maud ROUMEGOUX\nMme Salom\u00e9 LASLA\n\u00a9 \u00a9 N 9 Mh wWN\n1 M. Fr\u00e9d\u00e9ric CANTONEn cas d'absence ou d'emp\u00e9chement de celui-ci :Mme Salom\u00e9 LASLAM. St\u00e9phane LANDE-VERDIEMme Nathalie TORRESMme Maylis OLIVIERMme Laetitia MOMENE-BREUNEVAL\nMme Maud ROUMEGOUX\nAms wh\nPage 4 sur 8\nDirection R\u00e9gionale de l'Economie, de l'Emploi et des Solidarit\u00e9s de la Nouvelle Aquitaine - 64-2025-12-23-00003 - D\u00e9cision\n2025-T-NA-42 portant affectation  et int\u00e9rim des agents de contr\u00f4le de l'inspection du travail  au sein des unit\u00e9s de contr\u00f4le de la\nDDETS\n7\n7. Mme Christine HUE8. Mme Laura PEREIRA9. M.Jean-Michel VERDIER\nSection vacante\n1. Mme Maud ROUMEGOUXEn cas d'absence ou d'emp\u00e9chement de celle-ci :2. M. Fr\u00e9d\u00e9ric CANTON3. Mme Nathalie TORRES4. M. St\u00e9phane LANDE-VERDIE5. Mme Christine HUE6. Mme Maylis OLIVIER789Mme Laetitia MOMENE-BREUNEVALM. Jean-Michel VERDIERMme Laura PEREIRA\nMme Nathalie TORRES\n1 Mme Christine HUEEn cas d'absence ou d'emp\u00e9chement de celle-ci :Mme Salom\u00e9 LASLAMme Maud ROUMEGOUXMme Laura PEREIRAM. St\u00e9phane LANDE-VERDIEM. Jean-Michel VERDIERMme Maylis OLIVIERMme Laetitia MOMENE-BREUNEVALM. Fr\u00e9d\u00e9ric CANTON\neon ons \u00a9 S\nM. Fr\u00e9d\u00e9ric CANTON\n1 Mme Salom\u00e9 LASLAEn cas d'absence ou d'emp\u00eachement de celle-ci :Mme Maud ROUMEGOUXMme Nathalie TORRESM. Jean-Michel VERDIERMme Laetitia MOMENE-BREUNEVALM. St\u00e9phane LANDE-VERDIEMme Laura PEREIRAMme Christine HUEMme Maylis OLIVIER\n\u00a9 \u00ae N 9 U B w D\nEn cas d'absences ou d'emp\u00e9chements simultan\u00e9s de tous les agents de contr\u00f4le affect\u00e9s au sein del'unit\u00e9 de contr\u00f4le, l'int\u00e9rim est assur\u00e9 par Mme C\u00e9line BURRET, responsable de l'unit\u00e9 de contr\u00f4le.Unit\u00e9 de contr\u00f4le B\u00e9arn et SouleAgents de contr\u00f4le Int\u00e9rimaires\nMme Corinne PARIS 1. Mme Lucile COUTUREEn cas d'absence ou d'emp\u00e9chement de celle-ci :2. Mme Marie-Lise PUCEL3. Mme Marie-France BOISVERT4. M. Arnaud JACOTTINPage 5 sur 8\nDirection R\u00e9gionale de l'Economie, de l'Emploi et des Solidarit\u00e9s de la Nouvelle Aquitaine - 64-2025-12-23-00003 - D\u00e9cision\n2025-T-NA-42 portant affectation  et int\u00e9rim des agents de contr\u00f4le de l'inspection du travail  au sein des unit\u00e9s de contr\u00f4le de la\nDDETS\n8\n56.78\nM. Quentin AIMEMme Nathalie BIADOSM. Pierre GARRIGUESM. Oscar BANNET\nMme Lucile COUTURE\n1.Mme Corinne PARISEn cas d'absence ou d'emp\u00eachement de celle-ci :\nONO SwMme Marie-France BOISVERTM. Arnaud JACOTTINM. Quentin AIMEMme Nathalie BIADOSM. Pierre GARRIGUESM. Oscar BANNETMme Marie-Lise PUCEL\nMme Marie-Lise PUCEL\n1.Mme Marie-France BOISVERTEn cas d'absence ou d'emp\u00e9chement de celle-ci :23~5.678\nM. Arnaud JACOTTINM. Quentin AIMEMme Nathalie BIADOSM. Pierre GARRIGUESM. Oscar BANNETMme Corinne PARISMme Lucile COUTURE\nMme Marie-France BOISVERT\n1.Mme Marie-Lise PUCELEn cas d'absence ou d'emp\u00eachement de celle-ci :234.5678\nM. Quentin AIMEMme Nathalie BIADOSM. Pierre GARRIGUESM. Oscar BANNETMme Corinne PARISMme Lucile COUTUREM. Arnaud JACOTTIN\nM. Arnaud JACOTTIN1M. Quentin AIMEEn cas d'absence ou d'emp\u00e9chement de celui-ci :\nONOfw NhMme Nathalie BIADOSPierre GARRIGUESOscar BANNETCorinne PARISLucile COUTUREMme Marie-Lise PUCELMme Marie-France BOISVERT\nPage 6 sur 8\nDirection R\u00e9gionale de l'Economie, de l'Emploi et des Solidarit\u00e9s de la Nouvelle Aquitaine - 64-2025-12-23-00003 - D\u00e9cision\n2025-T-NA-42 portant affectation  et int\u00e9rim des agents de contr\u00f4le de l'inspection du travail  au sein des unit\u00e9s de contr\u00f4le de la\nDDETS\n9\n1 M. Arnaud JACOTTINEn cas d'absence ou d'emp\u00eachement de celui-ci :2. M.Pierre GARRIGUES3. Oscar BANNET4. Mme Corinne PARIS5. Mme Lucile COUTURE6F78\nM. Quentin AIME Mme Marie-Lise PUCELMme Marie-France BOISVERTMme Nathalie BIADOS1 M. Pierre GARRIGUESEn cas d'absence ou d'emp\u00eachement de celui-ci :2. M. Oscar BANNET3. Mme Corinne PARIS4. Mme Lucile COUTURE5. Mme Marie-Lise PUCEL678\nMme Nathalie BIADOS Mme Marie-France BOISVERTM. Arnaud JACOTTINM. Quentin AIME1 Mme Nathalie BIADOSEn cas d'absence ou d'emp\u00e9chement de celle-ci :Mme Corinne PARISMme Lucile COUTUREMme Marie-Lise PUCELMme Marie-France BOISVERTM. Arnaud JACOTTINM. Quentin AIMEM. Oscar BANNET\nM. Pierre GARRIGUES\n\u0153 N Ou B w\n1. Mme Corinne PARISEn cas d'absence ou d'emp\u00eachement de celle-ci :2. Mme Lucile COUTURE3. Mme Marie-Lise PUCEL4, Mme Marie-France BOISVERT5. M. Arnaud JACOTTIN678\nM. Oscar BANNET M. Quentin AIMEMme Nathalie BIADOSM. Pierre GARRIGUES1 M. Arnaud JACOTTINEn cas d'absence ou d'emp\u00e9chement de celui-ci :2. Mme Corinne PARIS3. Mme Marie-France BOISVERTSection 4 vacante 4. M. Quentin AIME5. Mme Lucile COUTURE6. Mme Marie-Lise PUCEL7. M.Pierre GARRIGUES8M. Oscar BANNET Page 7 sur 8\nDirection R\u00e9gionale de l'Economie, de l'Emploi et des Solidarit\u00e9s de la Nouvelle Aquitaine - 64-2025-12-23-00003 - D\u00e9cision\n2025-T-NA-42 portant affectation  et int\u00e9rim des agents de contr\u00f4le de l'inspection du travail  au sein des unit\u00e9s de contr\u00f4le de la\nDDETS\n10\n9. Mme Nathalie BIADOS\n1 Mme Marie-Lise PUCELEn cas d'absence ou d'emp\u00eachement de celle-ci :2. M. Oscar BANNET3. Mme Corinne PARIS4. M. Pierre GARRIGUES5. Mme Marie-France BOISVERT6. M. Quentin AIME789\nSection 6 vacante\nM. Arnaud JACOTTINMme Lucile COUTUREMme Nathalie BIADOSEn cas d'absences ou d'emp\u00eachements simultan\u00e9s de tous les agents de contr\u00f4le affect\u00e9s au sein del'unit\u00e9 de contr\u00f4le, l'int\u00e9rim est assur\u00e9 par Mme H\u00e9l\u00e8ne DUPONT, responsable de l'unit\u00e9 de contr\u00f4le.ARTICLE 3 : Pour les int\u00e9rims d'une dur\u00e9e sup\u00e9rieure \u00e0 un mois, l'ordre des int\u00e9rimaires pr\u00e9vu \u00e0 l'article3 peut \u00eatre modifi\u00e9 en fonction des n\u00e9cessit\u00e9s de service.ARTICLE 4: Conform\u00e9ment aux dispositions de l'article R.8122-10 du Code du travail, les agentsmentionn\u00e9s \u00e0 l'article 1 ci-dessus participent, lorsque l'action le rend n\u00e9cessaire, aux actionsd'inspection de la l\u00e9gislation du travail sur le territoire de la DDETS \u00e0 laquelle est rattach\u00e9e l'unit\u00e9 decontr\u00f4le o\u00f9 ils sont affect\u00e9s.ARTICLE 5: Les d\u00e9cisions ant\u00e9rieures relatives \u00e0 l'affectation des agents de l'inspection du travail ausein des unit\u00e9s de contr\u00f4le Pays Basque-Sud Landes (UC1) et B\u00e9arn-Soule (UC2) ainsi qu'\u00e0 l'organisationdes int\u00e9rims sont abrog\u00e9es. La pr\u00e9sente d\u00e9cision entre en vigueur le lendemain de sa publication aurecueil des actes administratifs et au plus t\u00f4t le 1\u00b0 janvier 2026.ARTICLE 6 : Le directeur r\u00e9gional de l'\u00e9conomie, de l'emploi, du travail et des solidarit\u00e9s et la directricede la direction d\u00e9partementale de l'emploi, du travail et des solidarit\u00e9s des Pyr\u00e9n\u00e9es-Atlantiques sontcharg\u00e9s de l'ex\u00e9cution de la pr\u00e9sente d\u00e9cision, qui sera publi\u00e9e aux recueils des actes administratifs desservices de l'Etat des Pyr\u00e9n\u00e9es-Atlantiques et des Landes.\nFait\u00e0 Bordeaux, le 2 3 DEC. 2025Le directeur/r\u00e9gional ded'\u00e9conomie,de l'emploi, du travail etes solidarit\u00e9s. \" / ep |\nPage 8 sur 8\nDirection R\u00e9gionale de l'Economie, de l'Emploi et des Solidarit\u00e9s de la Nouvelle Aquitaine - 64-2025-12-23-00003 - D\u00e9cision\n2025-T-NA-42 portant affectation  et int\u00e9rim des agents de contr\u00f4le de l'inspection du travail  au sein des unit\u00e9s de contr\u00f4le de la\nDDETS\n11\nPr\u00e9fecture des Pyr\u00e9n\u00e9es-Atlantiques\n64-2025-12-24-00001\nSA OGF - PFG  Renouvellement habilitation\nfun\u00e9raire \u00e0 Pau\nPr\u00e9fecture des Pyr\u00e9n\u00e9es-Atlantiques - 64-2025-12-24-00001 - SA OGF - PFG  Renouvellement habilitation fun\u00e9raire \u00e0 Pau 12\nPREFET \u2014 , , fava PadDES PYRENEES- Direction de la Citoyennet\u00e9, de la L\u00e9galit\u00e9ATLANTIQUES et du D\u00e9veloppement TerritorialFa Bureau des \u00e9lections et de la R\u00e9glementation G\u00e9n\u00e9raleFraternit\u00e9\nARR\u00caT\u00c9 N\u00b0PORTANT HABILITATIONDANS LE DOMAINE FUN\u00c9RAIRELE PR\u00c9FET DES PYR\u00c9N\u00c9ES-ATLANTIQUESChevalier de l'ordre national du M\u00e9riteVU le code g\u00e9n\u00e9ral des collectivit\u00e9s territoriales, notamment les articles L.2223-19, L.2223-23 \u00e0L.2223-25 et R.2223-25 \u00e0 R.2223-65 ;VU la demande pr\u00e9sent\u00e9e par Monsieur C\u00e9dric BONIN, directeur du secteur op\u00e9rationnel de laSAS OGF, sise 19 rue de Baltet a Bayonne (64100) en vue d'obtenir le renouvellement del'habilitation dans le domaine fun\u00e9raire de l'\u00e9tablissement exploit\u00e9 a Pau, 2 rue Blanqui sous lamarque PFG Services Fun\u00e9raires;VU les pi\u00e9ces du dossier;SUR proposition du secr\u00e9taire g\u00e9n\u00e9ral de la pr\u00e9fecture des Pyr\u00e9n\u00e9es-Atlantiques,ARRETE :Article 1% \u2014 L'\u00e9tablissement exploit\u00e9 par la SAS OGF \u00ab PFG Services Fun\u00e9raires \u00bb sis a Pau, 2 rueBlanqui (64000) dirig\u00e9 par Monsieur C\u00e9dric BONIN, est habilit\u00e9 pour exercer, sur l'ensemble duterritoire, les activit\u00e9s suivantes :- transport de corps avant et apr\u00e8s mise en bi\u00e8re,- organisation des obs\u00e9ques,- soins de conservation (sous trait\u00e9s),- fourniture de housses, cercueils et accessoires int\u00e9rieurs et ext\u00e9rieurs ainsi que des urnesfun\u00e9raires,- gestion et utilisation des chambres fun\u00e9raires,- fourniture de corbillards et des voitures de deuil,- fourniture de personnel et des objets et prestations n\u00e9cessaires aux obs\u00e8ques, inhumations,exhumations et cr\u00e9mations.Article 2 - Le num\u00e9ro d'habilitation est 25-64-0138.Article 3 - La dur\u00e9e de la pr\u00e9sente habilitation est fix\u00e9e a: CINQ ANS.Article 4 - Le secr\u00e9taire g\u00e9n\u00e9ral de la pr\u00e9fecture est charg\u00e9 de l'ex\u00e9cution du pr\u00e9sent arr\u00eat\u00e9, quisera publi\u00e9 au recueil des actes administratifs des Pyr\u00e9n\u00e9es-Atlantiques et notifi\u00e9 \u00e0 MonsieurC\u00e9dric BONIN. Fait \u00e0 Pau, leLe pr\u00e9fet,.PPour le Pr\u00e9fet et par d\u00e9l\u00e9gation,Le Directeur,2, rue du Mar\u00e9chal Joffre- 64 021 PAU CEDEX Direction de la Citoyenndt\u00e9 ie la L\u00e9galit\u00e9T\u00e9l. (standard) : 05 59 98 24 24 et du D\u00e9veloppdafe ritorialwww.pyrenees-atiantiques.gouv.frPierre ABADIE\nPr\u00e9fecture des Pyr\u00e9n\u00e9es-Atlantiques - 64-2025-12-24-00001 - SA OGF - PFG  Renouvellement habilitation fun\u00e9raire \u00e0 Pau 13\nPr\u00e9fecture des Pyr\u00e9n\u00e9es-Atlantiques\n64-2025-12-24-00002\nSA OGF - PFG Renouvellement habilitation\nfun\u00e9raire \u00e0 Juran\u00e7on\nPr\u00e9fecture des Pyr\u00e9n\u00e9es-Atlantiques - 64-2025-12-24-00002 - SA OGF - PFG Renouvellement habilitation fun\u00e9raire \u00e0 Juran\u00e7on 14\nPREFET a ; . citeDES PYRENEES- Direction de la Citoyennet\u00e9, de la L\u00e9galit\u00e9ATLANTIQUES et du D\u00e9veloppement Territorialfas Bureau des \u00e9lections et de la R\u00e9glementation G\u00e9n\u00e9raleFraternit\u00e9\nARRETE N\u00b0PORTANT HABILITATIONDANS LE DOMAINE FUNERAIRELE PREFET DES PYRENEES-ATLANTIQUESChevalier de l'ordre national du M\u00e9riteVU le code g\u00e9n\u00e9ral des collectivit\u00e9s territoriales, notamment les articles L.2223-19, L.2223-23 \u00e0L.2223-25 et R.2223-25 \u00e0 R.2223-65 ;VU la demande pr\u00e9sent\u00e9e par Monsieur C\u00e9dric BONIN, directeur du secteur op\u00e9rationnel de la SAOGF, sise 19 rue de Baltet \u00e0 Bayonne (64100) en vue d'obtenir le renouvellement de l'habilitationdans le domaine fun\u00e9raire de l'\u00e9tablissement exploit\u00e9 a Juran\u00e7on, 6 avenue du corps francPommi\u00e8s sous la d\u00e9nomination \u00ab Pompes Fun\u00e8bres H. Bordenave\u00bb ;VU les pi\u00e8ces du dossier;SUR proposition du secr\u00e9taire g\u00e9n\u00e9ral de la pr\u00e9fecture des Pyr\u00e9n\u00e9es-Atlantiques,ARRETE :Article 1% - L'\u00e9tablissement exploit\u00e9 par la SA OGF \u00abPompes Fun\u00e8bres H. Bordenave\u00bb sis aJuran\u00e7on, 6 avenue du Corps Franc Pommi\u00e8s (64110) dirig\u00e9 par Monsieur C\u00e9dric BONIN, esthabilit\u00e9 pour exercer, sur l'ensemble du territoire, les activit\u00e9s suivantes :- transport de corps avant et apr\u00e8s mise en bi\u00e8re,- organisation des obs\u00e8ques,- soins de conservation (sous trait\u00e9s),- fourniture de housses, cercueils et accessoires int\u00e9rieurs et ext\u00e9rieurs ainsi que des urnesfun\u00e9raires,- gestion et utilisation des chambres fun\u00e9raires,- fourniture de corbillards et des voitures de deuil,- fourniture de personnel et des objets et prestations n\u00e9cessaires aux obs\u00e8ques, inhumations,exhumations et cr\u00e9mations.Article 2 - Le num\u00e9ro d'habilitation est 25-64-0149.Article 3 - La dur\u00e9e de la pr\u00e9sente habilitation est fix\u00e9e \u00e0 : CINQ ANS.Article 4 - Le secr\u00e9taire g\u00e9n\u00e9ral de la pr\u00e9fecture est charg\u00e9 de l'ex\u00e9cution du pr\u00e9sent arr\u00eat\u00e9, quisera publi\u00e9 au recueil des actes administratifs des Pyr\u00e9n\u00e9es-Atlantiques et notifi\u00e9 \u00e0 MonsieurC\u00e9dric BONIN. Fait \u00e0 Pau, leLe pr\u00e9fet,Pour le Pr\u00e9fet et par d\u00e9l\u00e9gation,2, rue du Mar\u00e9chal Joffre - 64 021 PAU CEDEX Direction de la Citoyennet\u00e9, de la L\u00e9galit\u00e9am oiedanamen et du D\u00e9velopetmesit Territorialwww. pyrenees-atlantiques.gouv.frPierre ABADIE\nPr\u00e9fecture des Pyr\u00e9n\u00e9es-Atlantiques - 64-2025-12-24-00002 - SA OGF - PFG Renouvellement habilitation fun\u00e9raire \u00e0 Juran\u00e7on 15\nPr\u00e9fecture des Pyr\u00e9n\u00e9es-Atlantiques\n64-2025-12-24-00004\nArr\u00eat\u00e9 constatant des circonstances particuli\u00e8res\ndans le d\u00e9partement des Pyr\u00e9n\u00e9es-Atlantiques\nli\u00e9es \u00e0 l'existence de menaces graves pour la\ns\u00e9curit\u00e9 publique\nPr\u00e9fecture des Pyr\u00e9n\u00e9es-Atlantiques - 64-2025-12-24-00004 - Arr\u00eat\u00e9 constatant des circonstances particuli\u00e8res dans le d\u00e9partement\ndes Pyr\u00e9n\u00e9es-Atlantiques li\u00e9es \u00e0 l'existence de menaces graves pour la s\u00e9curit\u00e9 publique 16\nE = Direction des s\u00e9curit\u00e9sPREFET Bureau de la s\u00e9curit\u00e9 publiqueDES PYR\u00c9N\u00c9ES- PREATLANTIQUES et des polices administrativesLibert\u00e9Egalit\u00e9Fraternit\u00e9\nArr\u00eat\u00e9 n\u00b064-2025-12-constatant des circonstances particuli\u00e8res dans le d\u00e9partement des Pyr\u00e9n\u00e9es-Atlantiques li\u00e9es \u00e0 l'existence de menaces graves pour la s\u00e9curit\u00e9 publiqueLE PR\u00c9FET DES PYR\u00c9N\u00c9ES-ATLANTIQUESChevalier de l'Ordre National du M\u00e9riteVU le code de la s\u00e9curit\u00e9 int\u00e9rieure, notamment son article L.613-2 ;VU le code des transports, notamment ses articles L.2251-1,L.2251-3 et L.2251-9 ;VU le d\u00e9cret n\u00b020071322 du 07 septembre 2007 modifi\u00e9 relatif \u00e0 l'exercice des missions des servicesinternes de s\u00e9curit\u00e9 de la SNCF ;VU le d\u00e9cret n\u00b0 2004-374 du 29 avril 2004 modifi\u00e9 relatif aux pouvoirs des pr\u00e9fets, \u00e0 l'organisation et \u00e0l'action des services de l'\u00c9tat dans les r\u00e9gions et les d\u00e9partements ;VU le d\u00e9cret du 6 novembre 2024 portant nomination de M. Jean-Marie GIRIER pr\u00e9fet des Pyr\u00e9n\u00e9es-Atlantiques ;VU l'arr\u00eat\u00e9 du 26 juin 2025 portant d\u00e9l\u00e9gation de signature \u00e0 Mme Anne-Sophie MARCON, sous-pr\u00e9f\u00e8te, directrice de cabinet du pr\u00e9fet des Pyr\u00e9n\u00e9es-Atlantiques ;VU la demande formul\u00e9e par la SNCF en date du 17 d\u00e9cembre 2025 ;CONSID\u00c9RANT que le niveau \u00e9lev\u00e9 de la menace terroriste et la d\u00e9gradation s\u00e9curitaire au Proche etMoyen-Orient ont conduit le gouvernement \u00e0 adopter la posture \u00ab Vigipirate \u00c9t\u00e9-Automne 2025 \u00bb \u00e0compter du 1\u00b0 juillet 2025 ; posture maintenant l'ensemble du territoire au niveau \u00ab urgence attentat \u00bb,et portant un effort particulier sur la s\u00e9curit\u00e9 des transports ;CONSID\u00c9RANT que les tensions internationales, l'attentat \u00e0 la voiture b\u00e9lier d\u00e9jou\u00e9 en Allemagne le 13d\u00e9cembre 2025, l'attentat de Sydney en Australie le 14 d\u00e9cembre 2025 sont autant d'\u00e9v\u00e8nements quin\u00e9cessitent une augmentation accrue de notre vigilance afin de maintenir le niveau de nos actions,accentuer et garantir le dispositif de s\u00fbret\u00e9 dans nos gares et dans nos trains ;CONSID\u00c9RANT que, dans ces circonstances, il est n\u00e9cessaire d'assurer un niveau de s\u00e9curit\u00e9 importantlors des d\u00e9placements en train ;CONSID\u00c9RANT qu'il est par cons\u00e9quent n\u00e9cessaire d'accro\u00eetre la vigilance sur les possibles transportsd'armes ou d'objets dangereux \u00e0 bord des trains ;\nPr\u00e9fecture des Pyr\u00e9n\u00e9es-Atlantiques - 64-2025-12-24-00004 - Arr\u00eat\u00e9 constatant des circonstances particuli\u00e8res dans le d\u00e9partement\ndes Pyr\u00e9n\u00e9es-Atlantiques li\u00e9es \u00e0 l'existence de menaces graves pour la s\u00e9curit\u00e9 publique 17\nCONSID\u00c9RANT ainsi qu'il importe, au regard des circonstances particuli\u00e8res, que des mesures depalpation de s\u00e9curit\u00e9 puissent \u00eatre r\u00e9alis\u00e9es ;SUR proposition de la sous-pr\u00e9f\u00e8te, directrice de cabinet,ARR\u00caTEArticle 1\u00b0_: Les circonstances particuli\u00e8res susvis\u00e9es justifient le recours aux mesures de palpation des\u00e9curit\u00e9 pr\u00e9vues \u00e0 l'article L.613-2 du code de la s\u00e9curit\u00e9 int\u00e9rieure dans les gares, stations, arr\u00eats etv\u00e9hicules de transports relevant de la SNCF dans les limites du d\u00e9partement des Pyr\u00e9n\u00e9es Atlantiques.Article 2: Les palpations de s\u00e9curit\u00e9 mentionn\u00e9es \u00e0 l'article 1* ne peuvent \u00eatre r\u00e9alis\u00e9es que par desagents du service interne de s\u00e9curit\u00e9 de la SNCF.Article 3: La dur\u00e9e d'application de cette autorisation d'effectuer des palpations par les agents duservice interne de s\u00e9curit\u00e9 de la SNCF est fix\u00e9e du mardi 6 janvier 2026 au lundi 4 mai 2026 inclus.Article 4: Le pr\u00e9sent arr\u00eat\u00e9 peut faire l'objet, dans un d\u00e9lai de deux mois \u00e0 compter de sa publication,d'un recours gracieux aupr\u00e8s du Pr\u00e9fet des Pyr\u00e9n\u00e9es-Atlantiques, d'un recours hi\u00e9rarchique aupr\u00e8s duministre de l'Int\u00e9rieur, ou d'un recours contentieux devant le tribunal administratif de Pau.Article 5 : La directrice de cabinet de la pr\u00e9fecture des Pyr\u00e9n\u00e9es Atlantiques et la directrice de la zonede s\u00fbret\u00e9 Sud-Ouest de la SNCF sont charg\u00e9es, chacune pour ce qui la concerne, de l'ex\u00e9cution dupr\u00e9sent arr\u00eat\u00e9 qui sera publi\u00e9 au recueil des actes administratifs de la pr\u00e9fecture des Pyr\u00e9n\u00e9es-Atlantiques et dont copie sera adress\u00e9e aux procureurs de la R\u00e9publique pr\u00e8s les TJ de Pau et deBayonne, au colonel, commandant le groupement de gendarmerie d\u00e9partementale des Pyr\u00e9n\u00e9es-Atlantiques et au directeur interd\u00e9partemental de la police nationale des Pyr\u00e9n\u00e9es Atlantiques pourinformation.\nFait\u00e0 Pau, le 2 by DEC. 2025Le pr\u00e9fet,\nhe : par, d\u00e9l\u00e9gationjPow ectdire g\u00e9n\u00e9ral,Samu GESRET\nDans un d\u00e9lai de deux mois \u00e0 compter de la publication du pr\u00e9sent arr\u00eat\u00e9, les recours suivants peuvent \u00eatre introduits enrecommand\u00e9 avec accus\u00e9 de r\u00e9ception :- soit un recours gracieux, adress\u00e9 \u00e0 M. le Pr\u00e9fet des Pyr\u00e9n\u00e9es-atlantiques, 2 rue Mar\u00e9chal Joffre - 64021 PAU CEDEX ;- soit un recours hi\u00e9rarchique, adress\u00e9 \u00e0 M. le Ministre de l'Int\u00e9rieur, place Beauvau \u2014 75800 PARIS ;- soit un recours contentieux, en saisissant le Tribunal Administratif, Cours Lyautey, Villa Noulibos - 64010 PAU CEDEX.Apr\u00e8s un recours gracieux ou hi\u00e9rarchique, le d\u00e9lai de recours contentieux ne court qu'\u00e0 compter du rejet explicite ou implicitede l'un de ces deux recours. Un rejet est consid\u00e9r\u00e9 comme implicite au terme du silence de l'administration pendant deux mois.\nPr\u00e9fecture des Pyr\u00e9n\u00e9es-Atlantiques - 64-2025-12-24-00004 - Arr\u00eat\u00e9 constatant des circonstances particuli\u00e8res dans le d\u00e9partement\ndes Pyr\u00e9n\u00e9es-Atlantiques li\u00e9es \u00e0 l'existence de menaces graves pour la s\u00e9curit\u00e9 publique 18\nSous-Pr\u00e9fecture de Bayonne\n64-2025-12-19-00014\nAP portant modification de la convention\nconstitutive de l'OPLB\nSous-Pr\u00e9fecture de Bayonne - 64-2025-12-19-00014 - AP portant modification de la convention constitutive de l'OPLB 19\nPREFET Sous- pr\u00e9fecture de BayonneATLANTIQUES ureau des dossiers structurants du Pays-BasqueLibert\u00e9\u00c9galit\u00e9Fraternit\u00e9\nArr\u00eat\u00e9 pr\u00e9fectoral n\u00b0portant modification de la convention constitutive modifi\u00e9e du groupement d'int\u00e9r\u00eatpublic \u00ab Office public de la langue basque \u00bb\nLE PREFET DES PYRENEES-ATLANTIQUESChevalier de l'Ordre national du M\u00e9riteVU la loi n\u00b0 2011-525 du 17 mai 2011 modifi\u00e9e de simplification et d'am\u00e9lioration du droit et notamment sonchapitre 2;VU le d\u00e9cret n\u00b0 2012-91 du 26 janvier 2012 modifi\u00e9 relatif aux groupements d'int\u00e9r\u00eat public ;VU le d\u00e9cret du 6 novembre 2024 portant nomination de Monsieur Jean-Marie GIRIER, Pr\u00e9fet des Pyr\u00e9n\u00e9es-Atlantiques ;VU l'arr\u00eat\u00e9 minist\u00e9riel du 23 mars 2012 pris en application de l'article 3 du d\u00e9cret n\u00b0 2012-91 du 26 janvier 2012relatif aux groupements d'int\u00e9r\u00eat public ;VU la convention constitutive modifi\u00e9e du groupement d'int\u00e9r\u00eat public \u00ab Office public de la langue basque \u00bbapprouv\u00e9e par arr\u00eat\u00e9 pr\u00e9fectoral du 20 d\u00e9cembre 2019 ;VU la d\u00e9lib\u00e9ration de l'assembl\u00e9e g\u00e9n\u00e9rale du GIP \u00ab Office public de la langue basque \u00bb du 11 d\u00e9cembre 2025approuvant, \u00e0 l'unanimit\u00e9, l'avenant \u00e0 la convention constitutive modifi\u00e9e du GIP prorogeant la dur\u00e9e dugroupement au plus tard jusqu'au 1\u00b0 ao\u00fbt 2026;VU la demande d'approbation de la Pr\u00e9sidente du groupement d'int\u00e9r\u00eat public \u00ab Office public de la languebasque \u00bb de l'avenant \u00e0 la convention constitutive modifi\u00e9e du GIP en date du 12 d\u00e9cembre 2025 ;Sur proposition du Secr\u00e9taire G\u00e9n\u00e9ral de la pr\u00e9fecture des Pyr\u00e9n\u00e9es-Atlantiques ;ARR\u00caTEArticle premier: l'avenant \u00e0 la convention constitutive modifi\u00e9e du groupement d'int\u00e9r\u00eat public \u00ab Office publicde la langue basque \u00bb, annex\u00e9 au pr\u00e9sent arr\u00eat\u00e9, est approuv\u00e9.Le pr\u00e9sent arr\u00eat\u00e9 et l'avenant \u00e0 la convention constitutive modifi\u00e9e sont mis \u00e0 la disposition du public sous forme\u00e9lectronique sur le site internet du groupement.Article 2 : Le pr\u00e9sent arr\u00eat\u00e9 peut \u00eatre contest\u00e9, en recommand\u00e9 avec accus\u00e9 de r\u00e9ception, dans un d\u00e9lai de 2mois \u00e0 compter de sa publication, aupr\u00e8s :- du Pr\u00e9fet des Pyr\u00e9n\u00e9es Atlantiques, 2 rue mar\u00e9chal Joffre 64 021 Pau cedex, au titre du recours gracieux,- du Ministre de l'int\u00e9rieur et des outre-mer, place Beauvau 75 800 Paris, au titre du recours hi\u00e9rarchique,- du tribunal administratif de Pau, cours Liautey 64 010 Pau cedex, au titre du recours contentieux.\nSous-pr\u00e9fecture de Bayonne4, all\u00e9es Marines \u2014 CS 5000364109 BAYONNE CEDEXwww.pyrenees-atlantiques.gouv.fr 1/2\nSous-Pr\u00e9fecture de Bayonne - 64-2025-12-19-00014 - AP portant modification de la convention constitutive de l'OPLB 20\nApr\u00e8s un recours gracieux ou hi\u00e9rarchique, le d\u00e9lai de recours contentieux ne court qu'\u00e0 compter du rejetexplicite ou implicite de l'un ou l'autre de ces recours. Un rejet est consid\u00e9r\u00e9 comme implicite au terme dusilence gard\u00e9 par l'administration durant 2 mois.Article 3 : le secr\u00e9taire g\u00e9n\u00e9ral de la pr\u00e9fecture des Pyr\u00e9n\u00e9es Atlantiques, le Sous-Pr\u00e9fet de Bayonne et leDirecteur d\u00e9partemental des finances publiques des Pyr\u00e9n\u00e9es Atlantiques sont charg\u00e9s, chacun en ce qui leconcerne, de l'ex\u00e9cution du pr\u00e9sent arr\u00eat\u00e9 qui sera publi\u00e9 au recueil des actes administratifs de la Pr\u00e9fecturedans les Pyr\u00e9n\u00e9es-Atlantiques.\nPau, le | 9 DEC. 2025\nLe Pr\u00e9fet,\nJean-Marie GIRIER\nSous-pr\u00e9fecture de Bayonne4, all\u00e9es Marines \u2014 CS 5000364109 BAYONNE CEDEXwww.oyrenees-atlantiques. gouv.fr 2/2\nSous-Pr\u00e9fecture de Bayonne - 64-2025-12-19-00014 - AP portant modification de la convention constitutive de l'OPLB 21\nAVENANT A LA CONVENTION CONSTITUTIVE MODIFIEEDU GROUPEMENT D'INTERET PUBLIC CULTUREL \u00ab OFFICE PUBLIC DE LA LANGUE BASQUE \u00bb\nEntre :- l'Etat, repr\u00e9sent\u00e9 par le Pr\u00e9fet du d\u00e9partement des Pyr\u00e9n\u00e9es-Atlantiques et la Rectrice de l'Acad\u00e9mie deBordeaux ;- la R\u00e9gion Nouvelle-Aquitaine, repr\u00e9sent\u00e9e par son Pr\u00e9sident, en vertu d'une d\u00e9lib\u00e9ration du Conseilr\u00e9gional en date du 2 juillet 2021 ;- le D\u00e9partement des Pyr\u00e9n\u00e9es-Atlantiques, repr\u00e9sent\u00e9 par son Pr\u00e9sident, en vertu d'uned\u00e9lib\u00e9ration du Conseil d\u00e9partemental en date du 22 juillet 2021 ;- la Communaut\u00e9 d'Agglom\u00e9ration Pays Basque, repr\u00e9sent\u00e9 par son Pr\u00e9sident, en vertu d'uned\u00e9lib\u00e9ration du Conseil communautaire en date du 2 octobre 2021 ;Consid\u00e9rant la convention constitutive modifi\u00e9e du Groupement d'Int\u00e9r\u00eat Public \u00ab Office Public de la LangueBasque \u00bb (ci-apr\u00e8s \u00ab GIP OPLB \u00bb) approuv\u00e9e par arr\u00eat\u00e9 pr\u00e9fectoral du 20 d\u00e9cembre 2019,\nIl est convenu ce qui suit :\nARTICLE 1 - OBJETL'objet du pr\u00e9sent avenant a la convention constitutive modifi\u00e9e du Groupement d'int\u00e9r\u00eat public \u00ab OFFICEPUBLIC DE LA LANGUE BASQUE \u00bb approuv\u00e9e par arr\u00eat\u00e9 pr\u00e9fectoral du 20 d\u00e9cembre 2019 du Pr\u00e9fet desPyr\u00e9n\u00e9es-Atlantiques est de prolonger la dur\u00e9e de cette convention constitutive.\nARTICLE 2 - DUREEL'alin\u00e9a 1\u00b0 de l'article 4 de la convention constitutive du Groupement d'int\u00e9r\u00eat public \u00ab OFFICE PUBLIC DELA LANGUE BASQUE \u00bb est modifi\u00e9 comme suit :\u00ab Le Groupement est constitu\u00e9 jusqu'\u00e0 d\u00e9lib\u00e9ration par chaque institution membre de la nouvelle conventionconstitutive entre l'Etat, la R\u00e9gion Nouvelle-Aquitaine, le D\u00e9partement des Pyr\u00e9n\u00e9es-Atlantiques et laCommunaut\u00e9 d'Agglom\u00e9ration Pays Basque, et au plus tard jusqu'au 1\u00b0 ao\u00fbt 2026. \u00bbCette prorogation prend effet le jour de la publication au recueil des actes administratifs de la pr\u00e9fecture desPyr\u00e9n\u00e9es-Atlantiques de l'arr\u00eat\u00e9 pr\u00e9fectoral approuvant le pr\u00e9sent avenant.\nARTICLE 3 - AUTRES ARTICLESLes autres articles de la convention constitutive restent inchang\u00e9s.\nSous-Pr\u00e9fecture de Bayonne - 64-2025-12-19-00014 - AP portant modification de la convention constitutive de l'OPLB 22\nFait 4 Bayonne, le 11 d\u00e9cembre 2025Le Pr\u00e9fet du D\u00e9partement Le Recteur de l'Acad\u00e9mie de Bordeaux,des Pyr\u00e9n\u00e9es-Atlantiques, Chancelier des Universit\u00e9s,\nJean-Marie GIRIER Jean-Marc HUART\nLe Pr\u00e9sident du Conseil r\u00e9gional Le Pr\u00e9sident du Conseil d\u00e9partementalNouvelle-Aquitaine, des Pyr\u00e9n\u00e9es-Atlantiques,\nAlain ROUSSET Jean-Jacques LASSERRE\nLe Pr\u00e9sident de la Communaut\u00e9d'Agglom\u00e9ration Pays Basque\nJean-Ren\u00e9 ETCHEGARAY\nSous-Pr\u00e9fecture de Bayonne - 64-2025-12-19-00014 - AP portant modification de la convention constitutive de l'OPLB 23\nSous-Pr\u00e9fecture de Bayonne\n64-2025-12-19-00015\nAP portant nomination du commissaire du\ngouvernement aupr\u00e8s de l'OPLB\nSous-Pr\u00e9fecture de Bayonne - 64-2025-12-19-00015 - AP portant nomination du commissaire du gouvernement aupr\u00e8s de l'OPLB 24\nPREFET |DES PYR\u00c9N\u00c9ES- Sous-pr\u00e9fecture de BayonneATLANTIQUES Bureau des dossiers structurants du Pays-BasqueLibert\u00e9Egalit\u00e9Fraternit\u00e9\nArr\u00eat\u00e9 pr\u00e9fectoral n\u00b0portant nomination du commissaire du gouvernement aupr\u00e8s du groupement d'int\u00e9r\u00eatpublic \u00ab Office public de la langue basque \u00bb\nLE PREFET DES PYRENEES-ATLANTIQUESChevalier de l'Ordre national du M\u00e9rite\nVU la loi n\u00b0 2011-525 du 17 mai 2011 modifi\u00e9e de simplification et d'am\u00e9lioration du droit et notamment sonchapitre 2;VU le d\u00e9cret n\u00b0 2012-91 du 26 janvier 2012 modifi\u00e9 relatif aux groupements d'int\u00e9r\u00eat public ;VU le d\u00e9cret du 6 novembre 2024 portant nomination de Monsieur Jean-Marie GIRIER, Pr\u00e9fet des Pyr\u00e9n\u00e9es-Atlantiques ;VU l'arr\u00eat\u00e9 pr\u00e9fectoral du 3 juin 2014 portant institution d'un commissaire du gouvernement aupr\u00e8s dugroupement d'int\u00e9r\u00eat public \u00ab Office public de la langue basque \u00bb ;VU la convention constitutive modifi\u00e9e du groupement d'int\u00e9r\u00eat public \u00ab Office public de la langue basque \u00bbapprouv\u00e9e par arr\u00eat\u00e9 pr\u00e9fectoral du 20 d\u00e9cembre 2019 ;Sur proposition du Ministre de l'\u00c9ducation Nationale ;Sur proposition du Secr\u00e9taire G\u00e9n\u00e9ral de la pr\u00e9fecture des Pyr\u00e9n\u00e9es-Atlantiques ;\nARR\u00caTE\nArticle premier: Madame M\u00e9lanie CAILLOT, inspectrice g\u00e9n\u00e9rale de l'\u00e9ducation, du sport et de la recherche,est nomm\u00e9e commissaire du gouvernement aupr\u00e8s du groupement d'int\u00e9r\u00eat public \u00ab Office public de la languebasque \u00bb.Article 2 : Le pr\u00e9sent arr\u00eat\u00e9 peut \u00eatre contest\u00e9, en recommand\u00e9 avec accus\u00e9 de r\u00e9ception, dans un d\u00e9lai de 2mois \u00e0 compter de sa publication, aupr\u00e8s :- du Pr\u00e9fet des Pyr\u00e9n\u00e9es Atlantiques, 2 rue mar\u00e9chal Joffre 64 021 Pau cedex, au titre du recours gracieux,- du Ministre de l'int\u00e9rieur et des outre-mer, place Beauvau 75 800 Paris, au titre du recours hi\u00e9rarchique,- du tribunal administratif de Pau, cours Liautey 64 010 Pau cedex, au titre du recours contentieux.Apr\u00e8s un recours gracieux ou hi\u00e9rarchique, le d\u00e9lai de recours contentieux ne court qu'\u00e0 compter du rejetexplicite ou implicite de l'un ou l'autre de ces recours. Un rejet est consid\u00e9r\u00e9 comme implicite au terme dusilence gard\u00e9 par l'administration durant 2 mois.\nSous-pr\u00e9fecture de Bayonne4, all\u00e9es Marines \u2014 CS 5000364109 BAYONNE CEDEXwww.pyrenees-atlantiques.qouv.fr 1/2\nSous-Pr\u00e9fecture de Bayonne - 64-2025-12-19-00015 - AP portant nomination du commissaire du gouvernement aupr\u00e8s de l'OPLB 25\nArticle 3 : le secr\u00e9taire g\u00e9n\u00e9ral de la pr\u00e9fecture des Pyr\u00e9n\u00e9es Atlantiques et le Sous-Pr\u00e9fet de Bayonne sontcharg\u00e9s, chacun en ce qui le concerne, de l'ex\u00e9cution du pr\u00e9sent arr\u00eat\u00e9 qui sera publi\u00e9 au recueil des actesadministratifs de la Pr\u00e9fecture dans les Pyr\u00e9n\u00e9es-Atlantiques.\n1 9 DEC. 2025Pau, le\nLe Pr\u00e9fet,\nJean-Marie GIRIER\nSous-pr\u00e9fecture de Bayonne4, all\u00e9es Marines \u2014 CS 5000364109 BAYONNE CEDEXwww.pyrenees-atlantiques.qouv.fr 2/2\nSous-Pr\u00e9fecture de Bayonne - 64-2025-12-19-00015 - AP portant nomination du commissaire du gouvernement aupr\u00e8s de l'OPLB 26","date":"2025-12-29","first_seen_on":"2025-12-29T09:26:50+00:00","id":"e4046bdf93eb696826f492b225a56676a2543d5d1d82199aa05ca205de2fa11f","name":"Recueil n\u00b064-2025-415 du 29 d\u00e9cembre 2025","pdf_creation_date":"2025-12-29T08:21:22+00:00","pdf_modification_date":null,"timezone":"Europe/Paris","url":"https://www.pyrenees-atlantiques.gouv.fr/contenu/telechargement/60482/442787/file/recueil-64-2025-415-recueil-des-actes-administratifs.pdf"}
