{"administration":"pref64","administration_name":"Pr\u00e9fecture des Pyr\u00e9n\u00e9es-Atlantiques","content":"PYR\u00c9N\u00c9ES-\nATLANTIQUES\nRECUEIL DES ACTES\nADMINISTRATIFS SP\u00c9CIAL\nN\u00b064-2025-340\nPUBLI\u00c9 LE 17 OCTOBRE 2025\nSommaire\nPr\u00e9fecture des Pyr\u00e9n\u00e9es-Atlantiques / Pr\u00e9fecture des\nPyr\u00e9n\u00e9es-Atlantiques - Secr\u00e9tariat G\u00e9n\u00e9ral des Affaires\nD\u00e9partementales\n64-2025-10-17-00008 - Arr\u00eat\u00e9 confiant la suppl\u00e9ance du poste de M. le\npr\u00e9fet des Pyr\u00e9n\u00e9es-Atlantiques \u00e0 Mme Jo\u00eblle GRAS,\nsous-pr\u00e9f\u00e8te charg\u00e9e de mission aupr\u00e8s du pr\u00e9fet des\nPyr\u00e9n\u00e9es-Atlantiques, secr\u00e9taire g\u00e9n\u00e9rale adjointe de la\npr\u00e9fecture des Pyr\u00e9n\u00e9es-Atlantiques (2 pages) Page 3\n2\nPr\u00e9fecture des Pyr\u00e9n\u00e9es-Atlantiques\n64-2025-10-17-00008\nArr\u00eat\u00e9 confiant la suppl\u00e9ance du poste de M. le\npr\u00e9fet des Pyr\u00e9n\u00e9es-Atlantiques \u00e0 Mme Jo\u00eblle\nGRAS, sous-pr\u00e9f\u00e8te charg\u00e9e de mission aupr\u00e8s\ndu pr\u00e9fet des Pyr\u00e9n\u00e9es-Atlantiques, secr\u00e9taire\ng\u00e9n\u00e9rale adjointe de la pr\u00e9fecture des\nPyr\u00e9n\u00e9es-Atlantiques\nPr\u00e9fecture des Pyr\u00e9n\u00e9es-Atlantiques - 64-2025-10-17-00008 - Arr\u00eat\u00e9 confiant la suppl\u00e9ance du poste de M. le pr\u00e9fet des\nPyr\u00e9n\u00e9es-Atlantiques \u00e0 Mme Jo\u00eblle GRAS, sous-pr\u00e9f\u00e8te charg\u00e9e de mission aupr\u00e8s du pr\u00e9fet des Pyr\u00e9n\u00e9es-Atlantiques, secr\u00e9taire\ng\u00e9n\u00e9rale adjointe de la pr\u00e9fecture des Pyr\u00e9n\u00e9es-Atlantiques\n3\nDES PREM EES: | | Secr\u00e9tariat g\u00e9n\u00e9ral auxATLANTIQUES affaires d\u00e9partementalesLibert\u00e9\u00c9galit\u00e9Fraternit\u00e9\nArr\u00eat\u00e9 n\u00b064-2025-confiant la suppl\u00e9ance du poste de M. le pr\u00e9fet des Pyr\u00e9n\u00e9es-Atlantiques \u00e0 MmeJo\u00eblle GRAS, sous-pr\u00e9f\u00e8te charg\u00e9e de mission aupr\u00e8s du pr\u00e9fet des Pyr\u00e9n\u00e9es-Atlantiques, secr\u00e9taire g\u00e9n\u00e9rale adjointe de la pr\u00e9fecture des Pyr\u00e9n\u00e9es-Atlantiques\nLE PR\u00c9FET DES PYR\u00c9N\u00c9ES-ATLANTIQUESChevalier de l'ordre national du M\u00e9rite\nVU la loi n\u00b0 82-213 du 2 mars 1982 modifi\u00e9e relative aux droits et libert\u00e9s des communes, desd\u00e9partements et des r\u00e9gions ;VU le d\u00e9cret n\u00b0 2004-374 du 29 avril 2004 modifi\u00e9 relatif aux pouvoirs des pr\u00e9fets, \u00e0 l'organisation et \u00e0l'action de l'Etat dans les r\u00e9gions et les d\u00e9partements ;VU le d\u00e9cret du 2 janvier 2023 portant nomination de Mme Jo\u00eblle GRAS, sous-pr\u00e9f\u00e8te charg\u00e9e demission aupr\u00e8s du pr\u00e9fet des Pyr\u00e9n\u00e9es-Atlantiques, secr\u00e9taire g\u00e9n\u00e9rale adjointe de la pr\u00e9fecture desPyr\u00e9n\u00e9es-Atlantiques ;VU le d\u00e9cret du 5 juillet 2024 portant nomination de M. Samuel GESRET, secr\u00e9taire g\u00e9n\u00e9ral de lapr\u00e9fecture des Pyr\u00e9n\u00e9es-Atlantiques, sous-pr\u00e9fet de Pau ;VU le d\u00e9cret du 6 novembre 2024 portant nomination de M. Jean-Marie GIRIER pr\u00e9fet des Pyr\u00e9n\u00e9es-Atlantiques ;VU l'arr\u00eat\u00e9 n\u00b064-2025-06-26-00006 du 26 juin 2025 donnant d\u00e9l\u00e9gation de signature \u00e0 Mme Jo\u00eblle GRAS,sous-pr\u00e9f\u00e8te charg\u00e9e de mission aupr\u00e8s du pr\u00e9fet des Pyr\u00e9n\u00e9es-Atlantiques, secr\u00e9taire g\u00e9n\u00e9rale adjointe de lapr\u00e9fecture des Pyr\u00e9n\u00e9es-Atlantiques;VU l'arr\u00eat\u00e9 pr\u00e9fectoral n\u00b0 64-2025-03-27-00001 du 27 mars 2025 portant organisation des services de lapr\u00e9fecture et des sous-pr\u00e9fectures des Pyr\u00e9n\u00e9es-Atlantiques ;Consid\u00e9rant que M. Jean-Marie GIRIER, pr\u00e9fet du d\u00e9partement des Pyr\u00e9n\u00e9es-Atlantiques et M. SamuelGESRET secr\u00e9taire g\u00e9n\u00e9ral, seront absents simultan\u00e9ment du d\u00e9partement des Pyr\u00e9n\u00e9es-Atlantiques le jeudi23 octobre 2025 ;Sur proposition du secr\u00e9taire g\u00e9n\u00e9ral de la pr\u00e9fecture,\nARRETE\nArticle premier : Mme Jo\u00eblle GRAS, en sa qualit\u00e9 de sous-pr\u00e9f\u00e8te charg\u00e9e de mission aupr\u00e8s du pr\u00e9fetdes Pyr\u00e9n\u00e9es-Atlantiques, secr\u00e9taire g\u00e9n\u00e9rale adjointe de la pr\u00e9fecture des Pyr\u00e9n\u00e9es-Atlantiques, estcharg\u00e9e d'assurer la suppl\u00e9ance du pr\u00e9fet pour la journ\u00e9e du 23 octobre 2025.Pr\u00e9fecture des Pyr\u00e9n\u00e9es-Atlantiques2, rue du Mar\u00e9chal Joffre - 64 021 PAU CEDEXT\u00e9l. (standard) : 05 59 98 24 24WWwW.pyrenees-atlantiques.souv.fr 1/2\nPr\u00e9fecture des Pyr\u00e9n\u00e9es-Atlantiques - 64-2025-10-17-00008 - Arr\u00eat\u00e9 confiant la suppl\u00e9ance du poste de M. le pr\u00e9fet des\nPyr\u00e9n\u00e9es-Atlantiques \u00e0 Mme Jo\u00eblle GRAS, sous-pr\u00e9f\u00e8te charg\u00e9e de mission aupr\u00e8s du pr\u00e9fet des Pyr\u00e9n\u00e9es-Atlantiques, secr\u00e9taire\ng\u00e9n\u00e9rale adjointe de la pr\u00e9fecture des Pyr\u00e9n\u00e9es-Atlantiques\n4\nArticle 2: D\u00e9l\u00e9gation de signature est donn\u00e9e, a ce titre a Mme Jo\u00eblle GRAS en toutes mati\u00e8resrelevant des attributions du repr\u00e9sentant de l'\u00e9tat dans le d\u00e9partement \u00e0 l'effet d'exercer pleinementcette responsabilit\u00e9.Article 3 : Monsieur le pr\u00e9fet et madame la secr\u00e9taire g\u00e9n\u00e9rale adjointe, d\u00e9sign\u00e9e pour la suppl\u00e9ancesont charg\u00e9s, en chacun en ce qui le concerne, de l'ex\u00e9cution du pr\u00e9sent arr\u00eat\u00e9 qui sera publi\u00e9 aurecueil des actes administratifs des services de l'\u00c9tat dans les Pyr\u00e9n\u00e9es-Atlantiques.\nPau, le 17 OCT. 2025Le Pr\u00e9fet,\nJean- ie GIRIER\nPr\u00e9fecture des Pyr\u00e9n\u00e9es-Atlantiques2, rue du Mar\u00e9chal Joffre - 64 021 PAU CEDEXT\u00e9l. (standard) : 05 59 98 24 24www.pyrenees-atiantiques.gouv.fr 2/2\nPr\u00e9fecture des Pyr\u00e9n\u00e9es-Atlantiques - 64-2025-10-17-00008 - Arr\u00eat\u00e9 confiant la suppl\u00e9ance du poste de M. le pr\u00e9fet des\nPyr\u00e9n\u00e9es-Atlantiques \u00e0 Mme Jo\u00eblle GRAS, sous-pr\u00e9f\u00e8te charg\u00e9e de mission aupr\u00e8s du pr\u00e9fet des Pyr\u00e9n\u00e9es-Atlantiques, secr\u00e9taire\ng\u00e9n\u00e9rale adjointe de la pr\u00e9fecture des Pyr\u00e9n\u00e9es-Atlantiques\n5","date":"2025-10-17","first_seen_on":"2025-10-17T14:59:19+00:00","id":"e4084636065133f8db092f6bde92700ef95367911ebb301045790ede0ecffaf1","name":"Recueil sp\u00e9cial n\u00b0 64-2025-340 du 17 octobre 2025","pdf_creation_date":"2025-10-17T13:52:24+00:00","pdf_modification_date":null,"timezone":"Europe/Paris","url":"https://www.pyrenees-atlantiques.gouv.fr/contenu/telechargement/59471/435896/file/recueil-64-2025-340-recueil-des-actes-administratifs-special.pdf"}
