{"administration":"prefidf","administration_name":"Pr\u00e9fecture de la r\u00e9gion \u00cele-de-France","content":"PREFECTURE\nREGION ILE DE\nFRANCE\nRECUEIL DES ACTES\nADMINISTRATIFS SP\u00c9CIAL\nN\u00b0IDF-071-2025-10\nPUBLI\u00c9 LE 31 OCTOBRE 2025\nSommaire\nAgence R\u00e9gionale de Sant\u00e9 /\nIDF-2025-10-28-00028 - Arr\u00eat\u00e9 n\u00b02025-295 portant d\u00e9nomination de\nl'Etablissement d'H\u00e9bergement pour Personnes \u00e2g\u00e9es D\u00e9pendantes\n(EHPAD) et de l'Etablissement d'Accueil M\u00e9dicalis\u00e9 (EAM) COS Nina\nGourfinkel \u00e0 Sannois g\u00e9r\u00e9s par la Fondation COS Alexandre Glasberg\n(3 pages) Page 3\nAgence R\u00e9gionale de Sant\u00e9 / Agence r\u00e9gionale de sant\u00e9\nd'Ile-de-France-Direction de l'Offre de Soins (DOS)  P\u00f4le Efficience\nIDF-2025-10-14-00019 - Arr\u00eat\u00e9 d'approbation n\u00b02025/4272 portant\napprobation l'avenant n\u00b07 \u00e0 la convention constitutive du\nGroupement de\nCoop\u00e9ration Sanitaire \u00ab LNA Sant\u00e9\u00bb (2 pages) Page 7\nDirection r\u00e9gionale des affaires culturelles d'Ile-de-France  / Secr\u00e9tariat\ng\u00e9n\u00e9ral\nIDF-2025-06-12-00015 - Avenant n\u00b01 \u00e0 la convention du 1er d\u00e9cembre\n2020 portant attribution d'une subvention de 349620EUR pour\nl'op\u00e9ration : de restauration du Ch\u00e2teau de Bagatelle -Phase de\nconception de la mission de ma\u00eetrise d'oeuvre relative \u00e0 la\nrestauration du massif d'entr\u00e9e sur l'\u00e9difice suivant : ch\u00e2teau de\nBagatelle Programme 175 \"Patrimoines\" (2 pages) Page 10\nPr\u00e9fecture de la r\u00e9gion d'Ile-de-France, pr\u00e9fecture de\nParis-Secr\u00e9tariat g\u00e9n\u00e9ral aux politiques publiques / Direction des\naffaires juridiques\nIDF-2025-10-31-00001 - Arr\u00eat\u00e9 interpr\u00e9fectoral portant recomposition\ndu conseil m\u00e9tropolitain de la m\u00e9tropole du Grand Paris \u00e0 l'issue du\nrenouvellement g\u00e9n\u00e9ral des conseils municipaux et communautaires\ndes 15 et 22 mars 2026 (6 pages) Page 13\n2\nAgence R\u00e9gionale de Sant\u00e9\nIDF-2025-10-28-00028\nArr\u00eat\u00e9 n\u00b02025-295 portant d\u00e9nomination de\nl'Etablissement d'H\u00e9bergement pour Personnes\n\u00e2g\u00e9es D\u00e9pendantes (EHPAD) et de\nl'Etablissement d'Accueil M\u00e9dicalis\u00e9 (EAM) COS\nNina Gourfinkel \u00e0 Sannois g\u00e9r\u00e9s par la Fondation\nCOS Alexandre Glasberg\nAgence R\u00e9gionale de Sant\u00e9 - IDF-2025-10-28-00028 - Arr\u00eat\u00e9 n\u00b02025-295 portant d\u00e9nomination de l'Etablissement d'H\u00e9bergement\npour Personnes \u00e2g\u00e9es D\u00e9pendantes (EHPAD) et de l'Etablissement d'Accueil M\u00e9dicalis\u00e9 (EAM) COS Nina Gourfinkel \u00e0 Sannois g\u00e9r\u00e9s\npar la Fondation COS Alexandre Glasberg\n3\nREPUBLIQUEFRANCAISELibert\u00e9Egalit\u00e9Fraternit\u00e9\nAr@ D Agence R\u00e9gionale de Sant\u00e9lle-de-France, vald'oisele d\u00e9partement\n  \n \n \n \n  \n \n          \n                         \n \n \n \n \n \n \nARR\u00caT\u00c9 N\u00b0 2025 \u2013 295  \n \nPortant d\u00e9nomination de l'Etablissement d'H\u00e9bergement pour Personnes Ag\u00e9es  \nD\u00e9pendantes (EHPAD) et de l'Etablissement d'Accueil M\u00e9dicalis\u00e9 (EAM) COS Nina Gourfinkel \nsitu\u00e9s au 72-76 boulevard Gambetta \u00e0 Sannois (95110), \n  \ng\u00e9r\u00e9s par la Fondation  COS Alexandre Glasberg   \n \n \nLE DIRECTEUR G\u00c9N\u00c9RAL DE L'AGENCE R\u00c9GIONALE DE SANT\u00c9 \u00ceLE-DE-FRANCE \n \nLA PR\u00c9SIDENTE DU CONSEIL D\u00c9PARTEMENTAL DU VAL D'OISE \n \n \nVU le code de l'action sociale et des familles et notamment les articles L.312 -1, L.313-1, L.314-3 et \nsuivants ; \n \nVU le code g\u00e9n\u00e9ral des collectivit\u00e9s territoriales ; \n \nVU le d\u00e9cret du 10 avril 2024 portant nomination de Monsieur Denis ROBIN, Directeur de l'Agence \nr\u00e9gionale de sant\u00e9 d'\u00cele-de-France, \u00e0 compter du 29 avril 2024 ; \n \nVU        l'arr\u00eat\u00e9 DS n\u00b0026/2025 du 26 septembre 2025 portant d\u00e9l\u00e9gation de signature du Directeur g\u00e9n\u00e9ral \nde l'Agence r\u00e9gionale de sant\u00e9 Ile -de-France \u00e0 Madame Laureen JALLAMION, Directrice \nd\u00e9partementale du Val-d'Oise ; \n \nVU la d\u00e9lib\u00e9ration du Conseil d\u00e9partemental n\u00b00 -01 du 1er juillet 2021 confiant la pr\u00e9sidence de \nl'Assembl\u00e9e d\u00e9partementale \u00e0 Madame Marie-Christine CAVECCHI ; \n \nVU        l'arr\u00eat\u00e9 DRH du 19 mai 2025 , donnant d\u00e9l\u00e9gation de signature \u00e0 Madame Florine COLOMBET, \nDirectrice g\u00e9n\u00e9rale adjointe charg\u00e9e de la solidarit\u00e9 ; \n \nVU le d\u00e9cret n\u00b02021 -1476 du 12 novembre 2021 relatif au rythme des \u00e9valuations de la qualit\u00e9 des \n\u00e9tablissements et services sociaux et m\u00e9dico-sociaux ; \n \nVU        l'arr\u00eat\u00e9 n\u00b0DIRNOV-2023/08 du 26 octobre 2023 de la Directrice g\u00e9n\u00e9rale de l'Agence r\u00e9gionale de \nsant\u00e9 Ile -de-France portant modification du cadre d'orientation strat\u00e9gique 2018 -2028 du projet \nr\u00e9gional de sant\u00e9 d'Ile-de-France ; \n \nVU       l'arr\u00eat\u00e9 n\u00b0DIRNOV-2023/09 du 26 octobre 2023 de la Directrice g\u00e9n\u00e9rale de l'Agence r\u00e9gionale de \nsant\u00e9 Ile-de-France portant adoption du sch\u00e9ma r\u00e9gional de sant\u00e9 2023 -2028 du projet r\u00e9gional de \nsant\u00e9 d'Ile-de-France, modifi\u00e9 par l'arr\u00eat\u00e9 n\u00b0DIRNOV-2023-09 en date du 12 janvier 2024 ; \n \nVU       l'arr\u00eat\u00e9 n\u00b02023-346 du 4 d\u00e9cembre 2023 de la Directrice g\u00e9n\u00e9rale de l'Agence r\u00e9gionale de sant\u00e9 \nIle-de-France \u00e9tablissant le programme interd\u00e9partemental d'accompagnement des handicaps et de \nla perte d'autonomie (PRIAC) 2023-2027 pour la r\u00e9gion Ile-de-France ; \n \nVU   le sch\u00e9ma g\u00e9rontologique d\u00e9partemental du Val -d'Oise 2019 -2024, adopt\u00e9 par l'Assembl\u00e9e \nd\u00e9partementale du 29 novembre 2019 ; \n \nVU        le sch\u00e9ma d\u00e9partemental en faveur des personnes handicap\u00e9es 2023-2028, adopt\u00e9 par l'Assembl\u00e9e \nd\u00e9partementale du 24 novembre 2023 ; \n \nAgence R\u00e9gionale de Sant\u00e9 - IDF-2025-10-28-00028 - Arr\u00eat\u00e9 n\u00b02025-295 portant d\u00e9nomination de l'Etablissement d'H\u00e9bergement\npour Personnes \u00e2g\u00e9es D\u00e9pendantes (EHPAD) et de l'Etablissement d'Accueil M\u00e9dicalis\u00e9 (EAM) COS Nina Gourfinkel \u00e0 Sannois g\u00e9r\u00e9s\npar la Fondation COS Alexandre Glasberg\n4\n2 \n \n \n \n \n \n \n \n \nVU         l'arr\u00eat\u00e9 n\u00b02018-46 du 26 f\u00e9vrier 2018 du Directeur g\u00e9n\u00e9ral de l'Agence r\u00e9gionale de sant\u00e9 Ile-de-France \net de la Pr\u00e9sidente du Conseil d\u00e9partemental du Val-d'Oise autorisant la cr\u00e9ation d'un EHPAD de 76 \nplaces int\u00e9grant un P\u00f4le d'Activit\u00e9s et de Soins Adapt\u00e9s (PASA) de 14 places et d'un EAM de 15 places \ndont 1 place d'h\u00e9bergement temporaire situ\u00e9s 72-76 boulevard Gambette \u00e0 Sannois (95110), g\u00e9r\u00e9s \npar l'association \u00ab COS \u00bb sise 88-90 boulevard de S\u00e9bastopol \u00e0 Paris (75003) ; \n \nVU       l'arr\u00eat\u00e9 n\u00b02019-235 du 17 octobre 2019 du Directeur g\u00e9n\u00e9ral de l'Agence r\u00e9gionale de sant\u00e9 Ile-de-\nFrance et de la Pr\u00e9sidente du Conseil d\u00e9partemental du Val-d'Oise autorisant le changement de statut \nde l'association COS en Fondation COS Alexandre Glasberg sise 88-90 boulevard de S\u00e9bastopol \u00e0 \nParis (75003) ; \n \nVU     l'extrait des d\u00e9cisions du Bureau de la Fondation COS Alexandre Glasberg  en date du 9 novembre \n2021 informant de la d\u00e9nomination de l'EHPAD en COS Nina Gourfinkel et de l'EAM en COS Nina \nGourfinkel ; \n \n \nCONSIDERANT     qu'il convient d'acter la d\u00e9nomination de l'EHPAD et de l'EAM  g\u00e9r\u00e9s par la \nFondation COS Alexandre Glasberg ;              \n                  \nCONSIDERANT      que cette modification n'entraine aucun changement dans la gestion de ce service ; \n \nCONSID\u00c9RANT que cette modification s'effectue \u00e0 co\u00fbt constant et n'entraine aucun surco \u00fbt pour les \nautorit\u00e9s de contr\u00f4le et de tarification ; \n \n \nARR\u00caTENT \n \n \nARTICLE 1er : L'autorisation de nommer  l'EHPAD \u00ab COS Nina Gourfinkel  \u00bb et l'EAM \u00ab  COS Nina \nGourfinkel \u00bb, situ\u00e9s 72-76 boulevard Gambette \u00e0 Sannois (95110), est accord\u00e9e \u00e0 la \nFondation COS Alexandre Glasberg sise 88-90 boulevard de S\u00e9bastopol \u00e0 Paris (75003). \n \nARTICLE 2e :     La capacit\u00e9 de l'EHPAD est de 76 places, toutes habilit\u00e9es \u00e0 recevoir des b\u00e9n\u00e9ficiaires de \nl'aide sociale int\u00e9grant un PASA de 14 places et celle de l'EAM est de 15 places dont 1 place \nd'h\u00e9bergement temporaire. \n   \nARTICLE 3e : Ces \u00e9tablissements sont r\u00e9pertori\u00e9s dans le Fichier National des Etablissements Sanitaires \net Sociaux (FINESS) de la fa\u00e7on suivante : \n \n \nN\u00b0 FINESS de l'EHPAD : 95 004 373 7 \n \nCode cat\u00e9gorie : [500] Etablissement d'H\u00e9bergement pour Personnes Ag\u00e9es D\u00e9pendantes\n    \nCodes discipline : [924] Accueil pour personnes \u00e2g\u00e9es                                           76 places \n                             [961] P\u00f4le d'Activit\u00e9s et de Soins Adapt\u00e9s (14 places)                                       \n \nCodes fonctionnement (type d'activit\u00e9) : [11] H\u00e9bergement complet internat          76 places  \n            [21] Accueil de jour (14 places PASA)                                         \n                                \nCodes client\u00e8le : [711] Personnes \u00e2g\u00e9es d\u00e9pendantes                                                  76 places                    \n                            [436] Personnes Alzheimer ou maladies apparent\u00e9es (14 places PASA)                                                        \n \n \n \nAgence R\u00e9gionale de Sant\u00e9 - IDF-2025-10-28-00028 - Arr\u00eat\u00e9 n\u00b02025-295 portant d\u00e9nomination de l'Etablissement d'H\u00e9bergement\npour Personnes \u00e2g\u00e9es D\u00e9pendantes (EHPAD) et de l'Etablissement d'Accueil M\u00e9dicalis\u00e9 (EAM) COS Nina Gourfinkel \u00e0 Sannois g\u00e9r\u00e9s\npar la Fondation COS Alexandre Glasberg\n5\n3 \n \nN\u00b0 FINESS de l'EAM : 95 004 375 2 \n \nCode cat\u00e9gorie : [448] Etablissement d'Accueil M\u00e9dicalis\u00e9                 15 places \n   \nCode discipline : [966] Accueil et accompagnement m\u00e9dicalis\u00e9 personnes handicap\u00e9es \n \nCodes fonctionnement (type d'activit\u00e9) : [11] H\u00e9bergement complet internat        14 places \n        [40] Accueil temporaire avec h\u00e9bergement  \n      1 place \n \nCode client\u00e8le : [010] Tous types de d\u00e9ficiences - personnes handicap\u00e9es              8 places \n                          [206] Handicap Psychique                                                                7 places \n \nN\u00b0 FINESS du gestionnaire : 75 072 123 5 \n \nCode statut : [63] Fondation \n \n \nARTICLE 4e : Tout changement important dans l'activit\u00e9, l'installation, l'organisation, la direction ou le \nfonctionnement de l'\u00e9tablissement doit \u00eatre port\u00e9 \u00e0 la connaissance des autorit\u00e9s \ncomp\u00e9tentes conform\u00e9ment \u00e0 l'article L.313-1 du code de l'action sociale et des familles. \n \nARTICLE 5e : Un recours contre le pr\u00e9sent arr\u00eat\u00e9 peut \u00eatre form\u00e9 devant le tribunal administratif comp\u00e9tent \ndans un d\u00e9lai de deux mois \u00e0 compter de sa notification. \n \nARTICLE 6e : Le Directeur adjoint de la D\u00e9l\u00e9gation d\u00e9partementale du Val-d'Oise de l'Agence r\u00e9gionale \nde sant\u00e9 \u00cele-de-France et le Directeur g\u00e9n\u00e9ral des services du D\u00e9partement du Val-d'Oise \nsont charg\u00e9s, chacun en ce qui le s concerne, de l'ex\u00e9cution du pr\u00e9sent arr\u00eat\u00e9 qui sera \nnotifi\u00e9 au demandeur  et publi\u00e9 aux recueils des actes administratifs de la R\u00e9gion  Ile-de-\nFrance et du D\u00e9partement du Val-d'Oise. \n \n \nFait \u00e0 Cergy, le 28 oct. 2025  \n \n \nP/ Le Directeur g\u00e9n\u00e9ral de l'Agence r\u00e9gionale  \nde sant\u00e9 Ile-de-France et par d\u00e9l\u00e9gation, \nLa Directrice de la d\u00e9l\u00e9gation d\u00e9partementale  \ndu Val-d'Oise \n \n \n \n \n \nLaureen JALLAMION  \n \n \n \n \n \n \n     P/ La Pr\u00e9sidente du Conseil d\u00e9partemental et par \nd\u00e9l\u00e9gation, \n     La Directrice G\u00e9n\u00e9rale Adjointe charg\u00e9e de la \nSolidarit\u00e9  \n \n \n \n \n      \n    Florine COLOMBET  \n \n \n  \n \n \nSign\u00e9 Sign\u00e9 \nAgence R\u00e9gionale de Sant\u00e9 - IDF-2025-10-28-00028 - Arr\u00eat\u00e9 n\u00b02025-295 portant d\u00e9nomination de l'Etablissement d'H\u00e9bergement\npour Personnes \u00e2g\u00e9es D\u00e9pendantes (EHPAD) et de l'Etablissement d'Accueil M\u00e9dicalis\u00e9 (EAM) COS Nina Gourfinkel \u00e0 Sannois g\u00e9r\u00e9s\npar la Fondation COS Alexandre Glasberg\n6\nAgence R\u00e9gionale de Sant\u00e9\nIDF-2025-10-14-00019\nArr\u00eat\u00e9 d'approbation n\u00b02025/4272 portant\napprobation l'avenant n\u00b07 \u00e0 la convention\nconstitutive du Groupement de\nCoop\u00e9ration Sanitaire \u00ab LNA Sant\u00e9\u00bb\nAgence R\u00e9gionale de Sant\u00e9 - IDF-2025-10-14-00019 - Arr\u00eat\u00e9 d'approbation n\u00b02025/4272 portant approbation l'avenant n\u00b07 \u00e0 la\nconvention constitutive du Groupement de\nCoop\u00e9ration Sanitaire \u00ab LNA Sant\u00e9\u00bb\n7\nEREPUBLIQUEFRAN\u00c7AISELibert\u00e9Egalit\u00e9Fraternit\u00e9\n@ D Agence R\u00e9gionale de Sant\u00e9lle-de-France\nAGENCE R\u00c9GIONALE DE SANT\u00c9 \u00ceLE-DE-FRANCE\nARR\u00caT\u00c9 N\u00b0DOS 2025/4272\nportant approbation l'avenant n\u00b07 \u00e0 la convention constitutive du Groupement de \nCoop\u00e9ration Sanitaire \u00ab LNA Sant\u00e9\u00bb\nLE DIRECTEUR G\u00c9N\u00c9RAL DE L'AGENCE R\u00c9GIONALE DE SANT\u00c9 \u00ceLE-DE-FRANCE\nVU le code de la sant\u00e9 publique et notamment les articles L.6133-1 et suivants et R. 6133-1 et\nsuivants ;\nVU l'arr\u00eat\u00e9 du 5 avril 2019 relatif aux groupements de coop\u00e9rations sanitaires ;\nVU le d\u00e9cret du 10 avril 2024 portant nomination de Monsieur Denis ROBIN, Directeur g\u00e9n\u00e9ral de\nl'Agence r\u00e9gionale de sant\u00e9 \u00cele-de-France \u00e0 compter du 29 avril 2024 ;\nVU l'arr\u00eat\u00e9 DS n\u00b0 034/2024 du 29 avril 2024 du Directeur g\u00e9n\u00e9ral de l'Agence r\u00e9gionale de sant\u00e9\n\u00cele-de-France, Monsieur Denis ROBIN, portant d\u00e9l\u00e9gation de signature \u00e0 Monsieur Arnaud\nCORVAISIER, Directeur de l'Offre de soins de l'ARS \u00cele-de-France ;\nVU l'arr\u00eat\u00e9 n\u00b009-05 du 11 f\u00e9vrier 2009 portant approbation de la convention constitutive du\nGroupement de Coop\u00e9ration sanitaire \u00ab Noble \u00e2ge \u00bb nouvellement nomm\u00e9 \u00ab LNA Sant\u00e9 \u00bb ;\nVU la d\u00e9lib\u00e9ration de l'assembl\u00e9e g\u00e9n\u00e9rale du GCS \u00ab LNA Sant\u00e9 \u00bb du 6 octobre adoptant la\nmodifications des membres ;\nVU l'avenant n\u00b0 7 \u00e0 la convention constitutive du GCS \u00ab LNA Sant\u00e9 \u00bb sign\u00e9 \u00e0 Paris, le 6 octobre\n2025\nCONSID\u00c9RANT que l'avenant n\u00b07 \u00e0 la convention du GCS \u00ab LNA Sant\u00e9 \u00bb respecte les dispositions\ndes articles L. 6133-1 et suivants et R. 6133-1 et suivants du code de la sant\u00e9\npublique ;\nARR\u00caTE\nARTICLE 1er : L'avenant n\u00b0 7 \u00e0 la convention constitutive du Groupement de Coop\u00e9ration Sanitaire \n\u00ab LNA Sant\u00e9 \u00bb est approuv\u00e9.\nARTICLE 2e : L'avenant approuve la modification du p\u00e9rim\u00e8tre des \u00e9tablissements de LNA ES\nparticipant au Groupement cons\u00e9cutive \u00e0 la fusion par absorption de la soci\u00e9t\u00e9 P\u00f4le de\nSant\u00e9 de Meaux en date du 1er janvier 2025. \nE \nR\u00c9PUBLIQUE \nFRAN \u00c7AI SE \u00a9 D Agence R\u00e9gionale de Sant\u00e9 \nLibert\u00e9 Ile-de-France Egalit\u00e9 \nFraternit\u00e9 \nAgence R\u00e9gionale de Sant\u00e9 - IDF-2025-10-14-00019 - Arr\u00eat\u00e9 d'approbation n\u00b02025/4272 portant approbation l'avenant n\u00b07 \u00e0 la\nconvention constitutive du Groupement de\nCoop\u00e9ration Sanitaire \u00ab LNA Sant\u00e9\u00bb\n8\nARTICLE 3\u00b0 :\nARTICLE 4\u00b0 :\nL'avenant approuve la modification de la liste des membres au groupement, en tenantcompte du retrait de l'\u00e9tablissement suivant :- L'\u00e9tablissement Les Jardins de l'Ourcq, situ\u00e9 2 bis rue d'Orgemont,77100 MEAUXLe pr\u00e9sent arr\u00eat\u00e9 sera publi\u00e9 au recueil des actes administratifs de la pr\u00e9fecture de lar\u00e9gion \u00cele-de-France. Un recours contentieux contre le pr\u00e9sent arr\u00eat\u00e9 peut \u00eatre form\u00e9aupr\u00e8s du Tribunal administratif comp\u00e9tent. Le d\u00e9lai de recours est de deux mois \u00e0compter de sa notification pour les int\u00e9ress\u00e9s ou de sa publication pour les tiers.\nFait \u00e0 Saint-Denis, leLe Directeur g\u00e9n\u00e9ralde l'Agence r\u00e9gionale de sant\u00e9\u00cele-de-FrancePar d\u00e9l\u00e9gation,Le Directeur Adjoint de l'Offre desoins\nSign\u00e9 \u00e9lectroniquement par KoreMOGNON - Directeur adjoint de l'Offrede SoinsLe 14/10/2025 \u00e0 19:18\nARTICLE 3\u00b0 : \nARTICLE 4: : \nL'avenant approuve la modification de la liste des membres au groupement, en tenant \ncompte du retrait de l'\u00e9tablissement suivant : \n- L'\u00e9tablissement Les Jardins de l'Ourcq, situ\u00e9 2 bis rue d'Orgemont, \n77100 MEAUX \nLe pr\u00e9sent arr\u00eat\u00e9 sera publi\u00e9 au recueil des actes administratifs de la pr\u00e9fecture de la \nr\u00e9gion \u00cele-de-France. Un recours contentieux contre le pr\u00e9sent arr\u00eat\u00e9 peut \u00eatre form\u00e9 \naupr\u00e8s du Tribunal administratif comp\u00e9tent. Le d\u00e9lai de recours est de deux mois \u00e0 \ncompter de sa notification pour les int\u00e9ress\u00e9s ou de sa publication pour les tiers. \nFait \u00e0 Saint-Denis, le \nLe Directeur g\u00e9n\u00e9ral \nde l'Agence r\u00e9gionale de sant\u00e9 \n\u00cele-de-France \nPar d\u00e9l\u00e9gation, \nLe Directeur Adjoint de l'Offre de \nsoins \nadjoint \nKon\u00eb N \nSign\u00e9 \u00e9lectroniquement par Kore \nMOGNON - Directeur adjoint de l'Offre \nde Soins \nLe 14/10/2025 \u00e0 19:18 \nAgence R\u00e9gionale de Sant\u00e9 - IDF-2025-10-14-00019 - Arr\u00eat\u00e9 d'approbation n\u00b02025/4272 portant approbation l'avenant n\u00b07 \u00e0 la\nconvention constitutive du Groupement de\nCoop\u00e9ration Sanitaire \u00ab LNA Sant\u00e9\u00bb\n9\nDirection r\u00e9gionale des affaires culturelles\nd'Ile-de-France \nIDF-2025-06-12-00015\nAvenant n\u00b01 \u00e0 la convention du 1er d\u00e9cembre\n2020 portant attribution d'une subvention de\n349620EUR pour l'op\u00e9ration : de restauration du\nCh\u00e2teau de Bagatelle -Phase de conception de la\nmission de ma\u00eetrise d'oeuvre relative \u00e0 la\nrestauration du massif d'entr\u00e9e sur l'\u00e9difice\nsuivant : ch\u00e2teau de Bagatelle Programme 175\n\"Patrimoines\"\nDirection r\u00e9gionale des affaires culturelles d'Ile-de-France  - IDF-2025-06-12-00015 - Avenant n\u00b01 \u00e0 la convention du 1er d\u00e9cembre 2020\nportant attribution d'une subvention de 349620EUR pour l'op\u00e9ration : de restauration du Ch\u00e2teau de Bagatelle -Phase de conception\nde la mission de ma\u00eetrise d'oeuvre relative \u00e0 la restauration du massif d'entr\u00e9e sur l'\u00e9difice suivant : ch\u00e2teau de Bagatelle Programme\n175 \"Patrimoines\"\n10\nPREFET _DE LA REGIOND'\u00ceLE-DE-FRANCELibert\u00e9Fraternit\u00e9\nBagatelleovembre 2022\nTLE\n349\n2stauration\nPage 1 sur 2 \n \n \nDirection r\u00e9gionale  \ndes affaires culturelles  \nd'Ile-de-France \n \n \n \n \nAVENANT N\u00b01 \nA LA CONVENTION DU 1er DECEMBRE 2020 \nPORTANT ATTRIBUTION D'UNE SUBVENTION DE 349 620\u20ac \nPOUR L'OP\u00c9RATION : de restauration du Ch\u00e2teau de Bagatelle \u2013  \nPhase de conception de la mission de ma\u00eetrise d'\u0153uvre relative \u00e0 la restauration du massif d'entr\u00e9e \nSUR L'\u00c9DIFICE SUIVANT : ch\u00e2teau de Bagatelle \n \nProgramme 175 \u00ab Patrimoines \u00bb  \n \nLE PR\u00c9FET DE LA R\u00c9GION D'\u00ceLE-DE-FRANCE \nPR\u00c9FET DE PARIS \n \nEntre l'Etat, minist\u00e8re de la Culture, repr\u00e9sent\u00e9  par le Pr\u00e9fet de la r\u00e9gion d'Ile -de-France, pr\u00e9fet de Paris, \nd\u00e9sign\u00e9 sous le terme \u00ab l'administration \u00bb d'une part, \n \nEt \n \nLa soci\u00e9t\u00e9 d'exploitation BAGATELLE EVENTS \u2013 S.E.B.E, domicili\u00e9e au 38, avenue des Champs-Elys\u00e9es 75008 \nParis repr\u00e9sent\u00e9e par Monsieur Laurent De Gourcuff, Pr\u00e9sident pour l'op\u00e9ration de phase de conception de \nla mission de ma \u00eetrise d '\u0153uvre relative \u00e0 la restauration du massi f d'entr\u00e9e du ch\u00e2teau de Bagatelle, \nd\u00e9sign\u00e9e sous le terme \u00ab le b\u00e9n\u00e9ficiaire \u00bb d'autre part, \n \n \nVU le d\u00e9cret n\u00b0 2020-412 du 8 avril 2020 relatif au droit de d\u00e9rogation reconnu au pr\u00e9fet ; \nVU le d\u00e9cr et n\u00b02018- 514 du 25 juin 2018 relatif aux subventions de l'\u00c9tat pour des projets \nd'investissement ; \nVU la co nvention du 1er d\u00e9cembre 2020  portant attribution d'une subvention de 349 620 \u20ac \u00e0 l a \nsoci\u00e9t\u00e9 Bagatelle Events pour la restauration du ch\u00e2teau de Bagatelle ; \nVU la demande de versement du solde de la subvention, sign\u00e9e de la Soci\u00e9t\u00e9 d'exploitation Bagatelle \nEvents, accompagn\u00e9e de ses justificatifs, re\u00e7ue le 16 octobre 2023 ; \n \nCONSIDERANT que la soci\u00e9t\u00e9 d'exploitation Bagatelle Events  n'a pu achever les travaux de restauration \ndu ch\u00e2teau de Bagatelle, \u00e0 la date du 30 novembre 2022 ;  \n \nCONSIDERANT qu'il est n\u00e9cessaire de d\u00e9roger aux articles 13 et 14 , du d\u00e9cret n\u00b0 2018 -514 du 25 juin \n2018 pr\u00e9cit\u00e9 pour lui permettre de b\u00e9n\u00e9ficier de la subvention pr\u00e9vue par la convention du 1\ner d\u00e9cembre \n2020 ; \n \n \nDirection r\u00e9gionale des affaires culturelles d'Ile-de-France  - IDF-2025-06-12-00015 - Avenant n\u00b01 \u00e0 la convention du 1er d\u00e9cembre 2020\nportant attribution d'une subvention de 349620EUR pour l'op\u00e9ration : de restauration du Ch\u00e2teau de Bagatelle -Phase de conception\nde la mission de ma\u00eetrise d'oeuvre relative \u00e0 la restauration du massif d'entr\u00e9e sur l'\u00e9difice suivant : ch\u00e2teau de Bagatelle Programme\n175 \"Patrimoines\"\n11\nal\nla convention\nPage 2 sur 2 \n \nCONSIDERANT que cette d\u00e9rogation est justifi\u00e9e par un mo tif d'int\u00e9r\u00eat g\u00e9n\u00e9ral et l'existence de \ncirconstances locales et qu'elle a pour effet de favoriser l'acc\u00e8s aux aides publiques ; \n \nCONSIDERANT qu'elle ne porte pas atteinte aux int\u00e9r\u00eats de la d\u00e9fense ou \u00e0 la s\u00e9curit\u00e9  des personnes et \ndes biens, ni une attei nte disproportionn\u00e9e aux objectifs poursuivis par les disposition s auxquelles il est \nd\u00e9rog\u00e9 et qu'elle est compatible avec les engagements europ\u00e9ens et internationaux de la France ;   \n \n \nIl a \u00e9t\u00e9 convenu ce qui suit : \n \nARTICLE 1er -   \n En application du d\u00e9 cret n\u00b02020- 112 du 8 avril 2020, par d\u00e9rogation aux dispositions des \narticles 13 et 14 du d\u00e9cret du 25 juin 2018  susvis\u00e9, le verseme nt du solde de l'op\u00e9r ation qui s'est achev\u00e9e \nle 16 octobre 2023 et dont les pi\u00e8ces ont \u00e9t\u00e9 transmises le 16 octobre 2023, interviendra \u00e0 notification du \npr\u00e9sent arr\u00eat\u00e9. \n \nARTICLE 2 \u2013 \n Les autres dispositions de la convention susvis\u00e9e demeurent inchang\u00e9es. \n \nARTICLE 3 \u2013 \n Le Direc teur r\u00e9gional des affaires culturelles d'Ile- de-France et le Directeur r\u00e9gional  des \nfinances publiques d'I le-de-France et de Paris  sont charg\u00e9s, chacun en ce qui le concerne, de l'ex\u00e9cution \ndu pr\u00e9sent avenant.  \n \n \nFait en deux exemplaires. \n \n \n \n \nFait \u00e0 Paris, le 12 juin 2025 \n \nPour le b\u00e9n\u00e9ficiaire, \n(signature et tampon du b\u00e9n\u00e9ficiaire) \n \nSIGNE  \nSTE D'EXPLOITATION BAGATELLE \n              EVENTS Sasu S.E.B.E \nLe pr\u00e9fet de la r\u00e9gion d'Ile-de-France, \npr\u00e9fet de Paris, \n \nSIGNE \n \nMarc GUILLAUME \n \n \nDirection r\u00e9gionale des affaires culturelles d'Ile-de-France  - IDF-2025-06-12-00015 - Avenant n\u00b01 \u00e0 la convention du 1er d\u00e9cembre 2020\nportant attribution d'une subvention de 349620EUR pour l'op\u00e9ration : de restauration du Ch\u00e2teau de Bagatelle -Phase de conception\nde la mission de ma\u00eetrise d'oeuvre relative \u00e0 la restauration du massif d'entr\u00e9e sur l'\u00e9difice suivant : ch\u00e2teau de Bagatelle Programme\n175 \"Patrimoines\"\n12\nPr\u00e9fecture de la r\u00e9gion d'Ile-de-France,\npr\u00e9fecture de Paris-Secr\u00e9tariat g\u00e9n\u00e9ral aux\npolitiques publiques\nIDF-2025-10-31-00001\nArr\u00eat\u00e9 interpr\u00e9fectoral portant recomposition\ndu conseil m\u00e9tropolitain de la m\u00e9tropole du\nGrand Paris \u00e0 l'issue du renouvellement g\u00e9n\u00e9ral\ndes conseils municipaux et communautaires des\n15 et 22 mars 2026\nPr\u00e9fecture de la r\u00e9gion d'Ile-de-France, pr\u00e9fecture de Paris-Secr\u00e9tariat g\u00e9n\u00e9ral aux politiques publiques - IDF-2025-10-31-00001 - Arr\u00eat\u00e9\ninterpr\u00e9fectoral portant recomposition du conseil m\u00e9tropolitain de la m\u00e9tropole du Grand Paris \u00e0 l'issue du renouvellement g\u00e9n\u00e9ral\ndes conseils municipaux et communautaires des 15 et 22 mars 2026\n13\nE 3PREFET |DE LA REGIOND'\u00ceLE-DE-FRANCELibert\u00e9Egalit\u00e9Fraternit\u00e9 Secr\u00e9tariat g\u00e9n\u00e9ral aux politiques publiquesDirection des affaires juridiques\n \n \n \n \nArr\u00eat\u00e9 interpr\u00e9fectoral \nportant recomposition du conseil m\u00e9tropolitain de la m\u00e9tropole du Grand Paris \u00e0 l'issue du \nrenouvellement g\u00e9n\u00e9ral des conseils municipaux et communautaires des 15 et 22 mars 2026 \n \n \nLE PR\u00c9FET DE LA R\u00c9GION D'\u00ceLE-DE-FRANCE \nPR\u00c9FET DE PARIS \nGrand officier de la L\u00e9gion d'Honneur, \nOfficier de l'Ordre National du M\u00e9rite \n \nLA PR\u00c9F\u00c8TE DE L'ESSONNE, \nChevalier de la L\u00e9gion d'Honneur \nOfficier de l'Ordre National du M\u00e9rite \n \nLE PR\u00c9FET DES HAUTS-DE-SEINE, \n \nLE PR\u00c9FET DE LA SEINE-SAINT-DENIS, \nChevalier de la L\u00e9gion d'Honneur \n       Chevalier de l'Ordre National du M\u00e9rite \n \nLE PR\u00c9FET DU VAL-DE-MARNE,  \n      \nLE PR\u00c9FET DU VAL-D'OISE, \nChevalier de la L\u00e9gion d'honneur \nChevalier de l'Ordre National du M\u00e9rite \nChevalier des Palmes acad\u00e9miques \n \n \n \nVu le code g\u00e9n\u00e9ral des collectivit\u00e9s territoriales, notamment ses articles L.5219-9 et L.5211-6-1 ; \n \nVu la loi n\u00b0 2002-276 du 27 f\u00e9vrier 2002 relative \u00e0 la d\u00e9mocratie de proximit\u00e9, notamment son article 156 ; \n \nVu le d\u00e9cret n\u00b0 2015 -1212 du 30 septembre 2015 constatant le p\u00e9rim\u00e8tre fixant le si\u00e8ge et d\u00e9signant le \ncomptable public de la m\u00e9tropole du Grand Paris ; \n \nVu le d\u00e9cret n\u00b0 2024-1276 du 31 d\u00e9cembre 2024  authentifiant les chiffres des populations de m\u00e9tropole, des \nd\u00e9partements d'outre -mer de la Guadeloupe, de la Guya ne, de la Martinique et de La R\u00e9union, et des \ncollectivit\u00e9s de Saint-Barth\u00e9lemy, de Saint-Martin et de Saint-Pierre-et-Miquelon ; \n \nVu le d\u00e9cret n\u00b0 2025-848 du 27 ao\u00fbt 2025  fixant la date du renouvellement des conseillers municipaux et \ncommunautaires, des c onseillers m\u00e9tropolitains de Lyon, des conseillers de Paris et des conseillers \nd'arrondissement de Paris, Lyon et Marseille et portant convocation des \u00e9lecteurs ;  \n \nConsid\u00e9rant que conform\u00e9ment au paragraphe VII de l'article L. 5211 -6-1 du CGCT, les commune s membres \nde la m\u00e9tropole du Grand Paris avaient jusqu'au 31 ao\u00fbt 2025 pour cr\u00e9er et r\u00e9partir entre elles 10% de si\u00e8ges \nsuppl\u00e9mentaires de conseillers m\u00e9tropolitains au sein de la m\u00e9tropole, via un accord local pr\u00e9vu au premier \nalin\u00e9a du VI de l'article L.  5211-6-1 du CGCT ; \n \nConsid\u00e9rant l'absence de tout accord local valide adopt\u00e9 avant le 31 ao\u00fbt 2025 et suivant les conditions de \nmajorit\u00e9 requises ; \n \nConsid\u00e9rant, par voie de cons\u00e9quence, qu'il appartient aux repr\u00e9sentants de l'\u00c9tat dans les d\u00e9partements \nconcern\u00e9s de constater, selon les modalit\u00e9s de droit commun pr\u00e9vues par les paragraphes I \u00e0 IV de l'article L. \n5211-6-1 du CGCT, et en application du VII du m\u00eame article, le nombre total de si\u00e8ges que comptera, lors du \nprochain renouvellement g\u00e9n\u00e9ral des c onseils municipaux, l'organe d\u00e9lib\u00e9rant de la m\u00e9tropole du Grand Paris \nPr\u00e9fecture de la r\u00e9gion d'Ile-de-France, pr\u00e9fecture de Paris-Secr\u00e9tariat g\u00e9n\u00e9ral aux politiques publiques - IDF-2025-10-31-00001 - Arr\u00eat\u00e9\ninterpr\u00e9fectoral portant recomposition du conseil m\u00e9tropolitain de la m\u00e9tropole du Grand Paris \u00e0 l'issue du renouvellement g\u00e9n\u00e9ral\ndes conseils municipaux et communautaires des 15 et 22 mars 2026\n14\n \n 2 \nainsi que celui attribu\u00e9 \u00e0 chaque commune membre, en partant d'un nombre de si\u00e8ges  socle d\u00e9fini au III de \nl'article L. 5211-6-1 du CGCT par rapport \u00e0 la population 2025 de la m\u00e9tropole du Grand Paris. \n \n \nARR\u00caTENT : \n \nArticle 1er : Le conseil m\u00e9tropolitain de la m\u00e9tropole du Grand Paris est compos\u00e9 de 205 si\u00e8ges.  \n \nArticle 2 : La r\u00e9partition des 205 si\u00e8ges de conseiller m\u00e9tropolitain entre les communes membres figure dans le \ntableau annex\u00e9 au pr\u00e9sent arr\u00eat\u00e9. \n \nArticle 3  : Le pr\u00e9sent arr\u00eat\u00e9 entre ra en vigueur lors du prochain renouvellement g\u00e9n\u00e9ral des conseils \nmunicipaux et communautaires des 15 et 22 mars 2026. \n \nArticle 4 : Madame la pr\u00e9f\u00e8te, secr\u00e9taire g\u00e9n\u00e9rale aux politiques publiques de la pr\u00e9fecture de la r\u00e9gion d'\u00cele-de-\nFrance, pr\u00e9fecture de Paris , et les secr\u00e9taires g\u00e9n\u00e9raux des pr\u00e9fectures de l'Essonne, des Hauts -de-Seine, de \nla Seine -Saint-Denis, du Val -de-Marne et du Val -d'Oise, sont charg\u00e9s, chacun en ce qui le concerne, de \nl'ex\u00e9cution du pr\u00e9sent arr\u00eat\u00e9 qui sera publi\u00e9 au recueil des actes administratifs de chacune de ces pr\u00e9fectures, \net dont copie sera adress\u00e9e au pr\u00e9sident de la m\u00e9tropole du Grand Paris et aux maires des communes \nmembres. \n \n      \nFait \u00e0 Paris, le 31 octobre 2025 \n \n \n \nLe pr\u00e9fet de la r\u00e9gion d'\u00cele-de-France,  \npr\u00e9fet de Paris, \nSign\u00e9 \nMarc GUILLAUME \n \n \n \n \nLa pr\u00e9f\u00e8te de l'Essonne, \nPour la Pr\u00e9f\u00e8te et par d\u00e9l\u00e9gation,  \nLe Secr\u00e9taire g\u00e9n\u00e9ral par int\u00e9rim,  \nSign\u00e9 \nBeno\u00eet VIDON \n \n \n \n \nLe pr\u00e9fet des Hauts-de-Seine, \nSign\u00e9  \nAlexandre BRUG\u00c8RE \n \n \nPr\u00e9fecture de la r\u00e9gion d'Ile-de-France, pr\u00e9fecture de Paris-Secr\u00e9tariat g\u00e9n\u00e9ral aux politiques publiques - IDF-2025-10-31-00001 - Arr\u00eat\u00e9\ninterpr\u00e9fectoral portant recomposition du conseil m\u00e9tropolitain de la m\u00e9tropole du Grand Paris \u00e0 l'issue du renouvellement g\u00e9n\u00e9ral\ndes conseils municipaux et communautaires des 15 et 22 mars 2026\n15\n \n 3 \n \nLe pr\u00e9fet de la Seine-Saint-Denis, \nSign\u00e9  \nJulien CHARLES \n \n \n \n \nLe pr\u00e9fet du Val-de-Marne, \nSign\u00e9  \nEtienne STOSKOPF \n \n \n \n \nLe pr\u00e9fet du Val d'Oise, \nSign\u00e9  \nPhilippe COURT \n \n \n \n \n \n \n \n \n \n \n \n \n \n \n \n \n \n \n \n \n \n \n \n \n \nConform\u00e9ment \u00e0 l'article R. 421 -1 du code de justice administrative, le pr\u00e9sen t arr\u00eat\u00e9 peut faire l'objet d'un recours \ncontentieux devant le tribunal administratif dans le d\u00e9lai de deux mois \u00e0 compter de sa publication. L'arr\u00eat\u00e9 peut \u00e9galement \nfaire l'objet, dans le d\u00e9lai imparti pour l'introduction d'un recours contentieux, d'un re cours gracieux qui interrompt le cours \ndudit d\u00e9lai. Ce d\u00e9lai courra, de nouveau, \u00e0 compter de l'intervention de la d\u00e9cision (expresse ou implicite) provoqu\u00e9e par le  \nrecours gracieux. \n \nPr\u00e9fecture de la r\u00e9gion d'Ile-de-France, pr\u00e9fecture de Paris-Secr\u00e9tariat g\u00e9n\u00e9ral aux politiques publiques - IDF-2025-10-31-00001 - Arr\u00eat\u00e9\ninterpr\u00e9fectoral portant recomposition du conseil m\u00e9tropolitain de la m\u00e9tropole du Grand Paris \u00e0 l'issue du renouvellement g\u00e9n\u00e9ral\ndes conseils municipaux et communautaires des 15 et 22 mars 2026\n16\n \n 4 \n \nANNEXE \u2013 Tableau fixant la r\u00e9partition du nombre de si\u00e8ges au sein du conseil m\u00e9tropolitain de la m\u00e9tropole du Grand \nParis entre les communes membres \u00e0 l'issue du renouvellement g\u00e9n\u00e9ral des conseils municipaux et communautaires       \ndes 15 et 22 mars 2026 \n \nNom de la commune Population municipale 2025 \nR\u00e9partition de droit \ncommun (au titre des I \u00e0 IV \nde l'article L. 5211-6-1 du \nCGCT) \nParis 2 113 705 57 \nSaint-Denis 148 907 4 \nBoulogne-Billancourt 120 205 3 \nMontreuil 110 758 3 \nArgenteuil 107 135 2 \nNanterre 98 119 2 \nVitry-sur-Seine 95 282 2 \nCr\u00e9teil 92 859 2 \nAsni\u00e8res-sur-Seine 91 457 2 \nColombes 90 692 2 \nAubervilliers 89 489 2 \nAulnay-sous-Bois 86 360 2 \nCourbevoie 81 945 2 \nRueil-Malmaison 80 842 2 \nChampigny-sur-Marne 78 367 2 \nSaint-Maur-des-Foss\u00e9s 76 010 2 \nNoisy-le-Grand 71 632 1 \nDrancy 71 312 1 \nLevallois-Perret 68 412 1 \nIssy-les-Moulineaux 67 695 1 \nClichy-la-Garenne 65 102 1 \nIvry-sur-Seine 64 526 1 \nAntony 64 026 1 \nPantin 60 954 1 \nLe Blanc-Mesnil 59 912 1 \nNeuilly-sur-Seine 59 200 1 \nVillejuif 58 142 1 \nMaisons-Alfort 57 422 1 \nClamart 56 882 1 \nBobigny 55 270 1 \n\u00c9pinay-sur-Seine 53 564 1 \nSaint-Ouen-sur-Seine 53 041 1 \nFontenay-sous-Bois 52 646 1 \nSevran 51 640 1 \nBondy 51 066 1 \nGennevilliers 50 874 1 \nSuresnes 48 932 1 \nVincennes 48 368 1 \nLa Courneuve 47 086 1 \nMeudon 46 722 1 \nLivry-Gargan 46 507 1 \nPr\u00e9fecture de la r\u00e9gion d'Ile-de-France, pr\u00e9fecture de Paris-Secr\u00e9tariat g\u00e9n\u00e9ral aux politiques publiques - IDF-2025-10-31-00001 - Arr\u00eat\u00e9\ninterpr\u00e9fectoral portant recomposition du conseil m\u00e9tropolitain de la m\u00e9tropole du Grand Paris \u00e0 l'issue du renouvellement g\u00e9n\u00e9ral\ndes conseils municipaux et communautaires des 15 et 22 mars 2026\n17\n \n 5 \nNom de la commune Population municipale 2025 \nR\u00e9partition de droit \ncommun (au titre des I \u00e0 IV \nde l'article L. 5211-6-1 du \nCGCT) \nMontrouge 46 273 1 \nChoisy-le-Roi 46 122 1 \nRosny-sous-Bois 45 947 1 \nNoisy-le-Sec 45 915 1 \nAlfortville 45 569 1 \nPuteaux 44 198 1 \nBagneux 43 647 1 \nBagnolet 41 776 1 \nGagny 40 790 1 \nStains 40 600 1 \nVillepinte 39 647 1 \nNeuilly-sur-Marne 38 799 1 \nTremblay-en-France 38 210 1 \nSavigny-sur-Orge 37 775 1 \nAthis-Mons 36 451 1 \nCh\u00e2tillon 36 224 1 \nVilleneuve-Saint-Georges 36 170 1 \nCh\u00e2tenay-Malabry 35 490 1 \nRomainville 35 314 1 \nLe Perreux-sur-Marne 34 654 1 \nNogent-sur-Marne 32 998 1 \nVilliers-sur-Marne 32 547 1 \nThiais 32 006 1 \nL'Ha\u00ff-les-Roses 31 338 1 \nViry-Ch\u00e2tillon 31 112 1 \nCachan 30 526 1 \nMalakoff 30 183 1 \nVillemomble 29 973 1 \nSaint-Cloud 29 859 1 \nLa Garenne-Colombes 29 828 1 \nClichy-sous-Bois 29 551 1 \nBois-Colombes 29 376 1 \nFresnes 29 298 1 \nLe Plessis-Robinson 28 893 1 \nCharenton-le-Pont 28 756 1 \nVanves 28 507 1 \nMontfermeil 28 257 1 \nLimeil-Br\u00e9vannes 27 806 1 \nSucy-en-Brie 27 593 1 \nVilleneuve-la-Garenne 25 566 1 \nLes Pavillons-sous-Bois 24 872 1 \nFontenay-aux-Roses 24 586 1 \nOrly 24 488 1 \nLe Kremlin-Bic\u00eatre 23 678 1 \nLes Lilas 23 262 1 \nPr\u00e9fecture de la r\u00e9gion d'Ile-de-France, pr\u00e9fecture de Paris-Secr\u00e9tariat g\u00e9n\u00e9ral aux politiques publiques - IDF-2025-10-31-00001 - Arr\u00eat\u00e9\ninterpr\u00e9fectoral portant recomposition du conseil m\u00e9tropolitain de la m\u00e9tropole du Grand Paris \u00e0 l'issue du renouvellement g\u00e9n\u00e9ral\ndes conseils municipaux et communautaires des 15 et 22 mars 2026\n18\n \n 6 \nNom de la commune Population municipale 2025 \nR\u00e9partition de droit \ncommun (au titre des I \u00e0 IV \nde l'article L. 5211-6-1 du \nCGCT) \nS\u00e8vres 22 782 1 \nNeuilly-Plaisance 21 914 1 \nArcueil 21 868 1 \nSaint-Mand\u00e9 21 223 1 \nBourg-la-Reine 21 140 1 \nLe Plessis-Tr\u00e9vise 21 096 1 \nVilleneuve-le-Roi 20 871 1 \nJoinville-le-Pont 20 784 1 \nSceaux 20 740 1 \nChaville 20 198 1 \nChevilly-Larue 19 813 1 \nJuvisy-sur-Orge 18 978 1 \nGentilly 18 883 1 \nBonneuil-sur-Marne 18 340 1 \nChennevi\u00e8res-sur-Marne 18 295 1 \nBry-sur-Marne 18 095 1 \nGarches 17 705 1 \nBoissy-Saint-L\u00e9ger 17 335 1 \nLe Pr\u00e9-Saint-Gervais 16 733 1 \nLe Bourget 15 052 1 \nLe Raincy 14 778 1 \nValenton 14 453 1 \nSaint-Maurice 14 411 1 \nMorangis 13 773 1 \nVilletaneuse 12 432 1 \nLa Queue-en-Brie 12 074 1 \nDugny 11 723 1 \nVillecresnes 11 650 1 \nVille-d'Avray 10 871 1 \nOrmesson-sur-Marne 10 589 1 \nL' \u00cele-Saint-Denis 8 682 1 \nVaucresson 8 506 1 \nParay-Vieille-Poste 7 956 1 \nVaujours 7 743 1 \nGournay-sur-Marne 7 101 1 \nAblon-sur-Seine 6 029 1 \nRungis 5 669 1 \nCoubron 5 156 1 \nMandres-les-Roses 4 876 1 \nMarolles-en-Brie 4 685 1 \nNoiseau 4 619 1 \nSanteny 3 958 1 \nP\u00e9rigny-sur-Yerres 2 744 1 \nMarnes-la-Coquette 1 758 1 \n \nPr\u00e9fecture de la r\u00e9gion d'Ile-de-France, pr\u00e9fecture de Paris-Secr\u00e9tariat g\u00e9n\u00e9ral aux politiques publiques - IDF-2025-10-31-00001 - Arr\u00eat\u00e9\ninterpr\u00e9fectoral portant recomposition du conseil m\u00e9tropolitain de la m\u00e9tropole du Grand Paris \u00e0 l'issue du renouvellement g\u00e9n\u00e9ral\ndes conseils municipaux et communautaires des 15 et 22 mars 2026\n19","date":"2025-10-31","first_seen_on":"2025-10-31T16:27:19+00:00","id":"e40d83ec6b708c317dddfdf141380de1b386b04139e7d450fc2fe1fc40797a71","name":"recueil-idf-071-2025-10-recueil-des-actes-administratifs-special du 31.10.2025","pdf_creation_date":"2025-10-31T15:58:48+00:00","pdf_modification_date":null,"timezone":"Europe/Paris","url":"https://www.prefectures-regions.gouv.fr/ile-de-france/irecontenu/telechargement/132300/971056/file/recueil-idf-071-2025-10-recueil-des-actes-administratifs-special%20du%2031.10.2025.pdf"}
