{"administration":"pref30","administration_name":"Pr\u00e9fecture du Gard","content":"PR\u00c9FET\nDU GARD\nRECUEIL DES ACTES\nADMINISTRATIFS SP\u00c9CIAL\nN\u00b030-2025-210\nPUBLI\u00c9 LE 28 NOVEMBRE 2025\nSommaire\nDirection d\u00e9partementale de l'\u00e9conomie, de l'emploi, du travail et des\nsolidarit\u00e9s  /\n30-2025-11-27-00005 - Arr\u00eat\u00e9 modif ville et CCAS Al\u00e8s 11 2025 (2 pages) Page 4\n30-2025-11-27-00006 - Arr\u00eat\u00e9 modif ville et CCAS N\u00eemes 11 2025 (2\npages) Page 7\nDirection d\u00e9partementale des Finances Publiques du Gard /\n30-2025-11-25-00003 - Arr\u00eat\u00e9 de fermeture exceptionnelle au public du\nSPFE de N\u00eemes (1 page) Page 10\n30-2025-11-25-00004 - Arr\u00eat\u00e9 portant d\u00e9l\u00e9gation de signature en\nmati\u00e8re de contentieux et de gracieux fiscal (5 pages) Page 12\n30-2025-11-25-00006 - Arr\u00eat\u00e9 portant nomination et d\u00e9l\u00e9gation de\nsignature du conciliateur fiscal et des conciliateurs fiscaux adjoints (2 pages) Page 18\n30-2025-11-25-00005 - D\u00e9cision de d\u00e9l\u00e9gation g\u00e9n\u00e9rale et\nd\u00e9l\u00e9gations sp\u00e9ciales de signature (12 pages) Page 21\nDirection D\u00e9partementale des Tetrritoires et de la Mer du Gard /\n30-2025-11-25-00002 - arr\u00eat\u00e9 de retrait d'une d\u00e9claration\npr\u00e9alable n\u00b0 DP 030 141 25 00080 d\u00e9pos\u00e9e par SASU GCC pour\nl'installation d'une centrale photovolta\u00efque au sol sur la commune de\nLAUDUN L'ARDOISE (1 page) Page 34\n30-2025-11-28-00002 - Arr\u00eat\u00e9 portant prescriptions particuli\u00e8res \u00e0\nd\u00e9claration au titre de l'article L.214-3 du code de l'environnement\nconcernant la cr\u00e9ation d'un parc photovolta\u00efque par URBA 389 sur la\ncommune de Saint-Jean-du-Pin (3 pages) Page 36\n30-2025-11-26-00001 - Arr\u00eat\u00e9 portant prescriptions sp\u00e9cifiques au titre\ndes articles L.214-1 \u00e0 L.214-6 du code de l'environnement applicables \u00e0\nl'ouvrage de stockage \u00e0 usage d'irrigation agricole exploit\u00e9 par l'EARL\nDIAZ Didier et Patrick sur la commune de Mons (7 pages) Page 40\nDirection D\u00e9partementale des Tetrritoires et de la Mer du Gard / SATSU\nservice d'am\u00e9nagement territorial sud et urbanisme\n30-2025-11-26-00003 - Refusant la d\u00e9rogation \u00e0 l'article L.121-10 du code\nde l'urbanisme (2 pages) Page 48\nDIRECTION REGIONALE DE L'ENVIRONNEMENT DE\nL'AMENAGEMENT ET DU LOGEMENT -Occitanie (si\u00e8ge \u00e0 Toulouse) /\n30-2025-11-03-00004 - arr\u00eat\u00e9 de mise en demeure de M. BENSO (2 pages) Page 51\n30-2025-11-03-00005 - arr\u00eat\u00e9 de mise en demeure de M. MORENO (2\npages) Page 54\n30-2025-11-03-00006 - arr\u00eat\u00e9 de mise en demeure de M. ROSSEL (2\npages) Page 57\n2\n30-2025-03-10-00003 - Arr\u00eat\u00e9 de mise en demeure Poissons d'Argent (2\npages) Page 60\nPrefecture du Gard /\n30-2025-11-28-00004 - ARR\u00caT\u00c9 PR\u00c9FECTORAL PORTANT\nCOMPOSITION DU CDJSVA CONSEIL D\u00c9PARTEMENTAL DE LA JEUNESSE,\nDES SPORTS ET DE LA VIE ASSOCIATIVE (3 pages) Page 63\nPrefecture du Gard / CABINET\n30-2025-11-28-00003 - arr\u00eat\u00e9 autorisant la captation, l'enregistrement et\nla transmission d'images au moyen de cam\u00e9ras install\u00e9es sur des\na\u00e9ronefs (12 pages) Page 67\nSous Pr\u00e9fecture d'Al\u00e8s /\n30-2025-11-21-00010 - ARenouvellement-25-11-45-du-21-11-25-habilitation (2\npages) Page 80\n30-2025-11-26-00004 -\nARENOUVELLEMENT-HABILITATION-25-11-46-DU-26-11-25 (2 pages) Page 83\n30-2025-11-27-00007 -\nARENOUVELLEMENT-HABILITATION-25-11-48-DU-27-11-25 (2 pages) Page 86\n3\nDirection d\u00e9partementale de l'\u00e9conomie, de\nl'emploi, du travail et des solidarit\u00e9s \n30-2025-11-27-00005\nArr\u00eat\u00e9 modif ville et CCAS Al\u00e8s 11 2025\nDirection d\u00e9partementale de l'\u00e9conomie, de l'emploi, du travail et des solidarit\u00e9s  - 30-2025-11-27-00005 - Arr\u00eat\u00e9 modif ville et CCAS\nAl\u00e8s 11 2025 4\nPREFET Direction D\u00e9partementaleDU GARD de l'Emploi, du Travail et des Solidarit\u00e9sLibert\u00e9\u00c9galit\u00e9Fraternit\u00e9\nVuVu\nVu\nVu\nVu\nVu\nVu\nArr\u00eat\u00e9 n\u00b0portant modification de la composition de la formation pl\u00e9ni\u00e8re du conseil m\u00e9dicaldes agents de la ville et du CCAS d'Al\u00e8s\nLe pr\u00e9fet du GardChevalier de la L\u00e9gion d'honneurOfficier de l'ordre national du M\u00e9rite\nle code g\u00e9n\u00e9ral de la fonction publique,le d\u00e9cret n\u00b087-602 du 30/07/1987 modifi\u00e9 portant dispositions statutaires relatives \u00e0 lafonction publique territoriale et relatif \u00e0 l'organisation des comit\u00e9s m\u00e9dicaux et descommissions de r\u00e9forme, aux conditions d'aptitude physique pour l'admission auxemplois publics et au r\u00e9gime de cong\u00e9s de maladie des fonctionnaires territoriaux,le d\u00e9cret n\u00b02003-1306 du 26 d\u00e9cembre 2003 relatif au r\u00e9gime de retraite desfonctionnaires affili\u00e9s \u00e0 la caisse nationale de retraites des agents des collectivit\u00e9slocales,l'arr\u00eat\u00e9 pr\u00e9fectoral n\u00b030-2023-05-26-00004 du 26 mai 2023 portant composition de laformation restreinte du conseil m\u00e9dical d\u00e9partemental,l'arr\u00eat\u00e9 pr\u00e9fectoral n\u00b030-2024-02-19-00002 du 19 f\u00e9vrier 2024 portant d\u00e9l\u00e9gation designature \u00e0 la directrice d\u00e9partementale de l'emploi, du travail et des solidarit\u00e9s,l'arr\u00eat\u00e9 pr\u00e9fectoral n\u00b030-2025-05-09-00002 du 9 mai 2025 portant composition de laformation pl\u00e9ni\u00e8re du conseil m\u00e9dical des agents de la ville et du CCAS d'Al\u00e9s,l'extrait n\u00b02025-00769 du 14 octobre 2025 du registre des arr\u00eat\u00e9s de la ville d'Al\u00e9smodifiant la repr\u00e9sentation de la collectivit\u00e9,Sur proposition de Madame la directrice d\u00e9partementale de l'emploi, du travail et dessolidarit\u00e9s du Gard, ARR\u00caTE\nArticle 1; Les repr\u00e9sentants de la collectivit\u00e9 d\u00e9sign\u00e9s pour si\u00e9ger en formation pl\u00e9ni\u00e8re duconseil m\u00e9dical des agents de la ville et du CCAS d'Al\u00e9s sont :\nMas de l'Agriculture - 1120 route de Saint Gilles - BP 39081 - 30972 NIMES CEDEX 9T\u00e9l : 04 30 08 61 20 Fax : 04 30 08 61 21 www.gard.gouv.fr\nDirection d\u00e9partementale de l'\u00e9conomie, de l'emploi, du travail et des solidarit\u00e9s  - 30-2025-11-27-00005 - Arr\u00eat\u00e9 modif ville et CCAS\nAl\u00e8s 11 2025 5\nArticle 2:\nArticle 3:\nTitulaires : Suppl\u00e9ants :Mme MAGNE Martine Mme SOUSTELLE Rose-MarieMme VEAU-VEYRET Marie-Jos\u00e9M. ROUILLON Jean-Claude M. PALMIER G\u00e9rardMme PEYRIC Marie-Christine\nLe reste est sans changement.\nCet arr\u00eat\u00e9 peut fait l'objet d'un recours contentieux devant le tribunaladministratif de N\u00eemes\u2014 16 avenue Feuch\u00e9res - dans le d\u00e9lai de deux mois courant \u00e0 compter de sanotification.Le tribunal administratif peut aussi \u00eatre saisi par l'application informatique\u00ab T\u00e9l\u00e9recours Citoyens \u00bb accessible par le site interne www.telerecours.frLe secr\u00e9taire g\u00e9n\u00e9ral de la pr\u00e9fecture du Gard et la directrice d\u00e9partementale del'emploi, du travail et des solidarit\u00e9s du Gard sont charg\u00e9s, chacun en ce qui leconcerne, de l'ex\u00e9cution du pr\u00e9sent arr\u00eat\u00e9 qui sera publi\u00e9 au recueil des actesadministratifs.\nF N\u00eemes, le 2 7 NGY, 2025\nLa direcirige desarrec \u00e9partem\u00e4niale -de l'emploi, du travailet des Solidarit\u00e9s d rd| \u00c9| Sophie BOUDOT\nMas de l'Agriculture \u2014 1120 route de Saint Gilles \u2014- BP 39081 - 30972 NIMES CEDEX 9T\u00e9l : 04 30 08 61 20 Fax : 04 30 08 61 21 www.gard.gouv.fr\nDirection d\u00e9partementale de l'\u00e9conomie, de l'emploi, du travail et des solidarit\u00e9s  - 30-2025-11-27-00005 - Arr\u00eat\u00e9 modif ville et CCAS\nAl\u00e8s 11 2025 6\nDirection d\u00e9partementale de l'\u00e9conomie, de\nl'emploi, du travail et des solidarit\u00e9s \n30-2025-11-27-00006\nArr\u00eat\u00e9 modif ville et CCAS N\u00eemes 11 2025\nDirection d\u00e9partementale de l'\u00e9conomie, de l'emploi, du travail et des solidarit\u00e9s  - 30-2025-11-27-00006 - Arr\u00eat\u00e9 modif ville et CCAS\nN\u00eemes 11 2025 7\nPREFET Direction D\u00e9partementaleDU GARD de l'Emploi, du Travail et des Solidarit\u00e9sLibert\u00e9Egalit\u00e9Fraternit\u00e9\nVuVu\nVu\nVu\nVu\nVu\nVu\nVu\nArr\u00e9t\u00e9 n\u00b0portant modification de la composition de la formation pl\u00e9ni\u00e9re du conseil m\u00e9dicaldes agents de la ville et du CCAS de Nimes\nLe pr\u00e9fet du GardChevalier de la L\u00e9gion d'honneurOfficier de l'ordre national du M\u00e9rite\nle code g\u00e9n\u00e9ral de la fonction publique,le d\u00e9cret n\u00b087-602 du 30/07/1987 modifi\u00e9 portant dispositions statutaires relatives a lafonction publique territoriale et relatif a l'organisation des comit\u00e9s m\u00e9dicaux et descommissions de r\u00e9forme, aux conditions d'aptitude physique pour l'admission auxemplois publics et au r\u00e9gime de cong\u00e9s de maladie des fonctionnaires territoriaux,le d\u00e9cret n\u00b02003-1306 du 26 d\u00e9cembre 2003 relatif au r\u00e9gime de retraite desfonctionnaires affili\u00e9s \u00e0 la caisse nationale de retraites des agents des collectivit\u00e9slocales,l'arr\u00eat\u00e9 pr\u00e9fectoral n\u00b030-2023-05-26-00004 du 26 mai 2023 portant composition de laformation restreinte du conseil m\u00e9dical d\u00e9partemental,l'arr\u00eat\u00e9 pr\u00e9fectoral n\u00b030-2024-02-19-00002 du 19 f\u00e9vrier 2024 portant d\u00e9l\u00e9gation designature \u00e0 la directrice d\u00e9partementale de l'emploi, du travail et des solidarit\u00e9s,l'arr\u00eat\u00e9 pr\u00e9fectoral n\u00b030-2024-03-11-00004 du 11 mars 2024 portant composition de laformation pl\u00e9ni\u00e8re du conseil m\u00e9dical des agents de la ville et du CCAS de N\u00eemes,l'arr\u00eat\u00e9 pr\u00e9fectoral n\u00b030-2024-07-26-00004 du 26juillet 2024 portant modification de laformation pl\u00e9ni\u00e8re du conseil m\u00e9dical des agents de la ville et du CCAS de N\u00eemes,l'arr\u00eat\u00e9 pr\u00e9fectoral n\u00b030-2025-05-09-00004 du 9 mai 2025 portant modification de laformation pl\u00e9ni\u00e9re du conseil m\u00e9dical des agents de la ville et du CCAS de Nimes,le courrier CVT-JT 2025-3326 en date du 16/10/2025 du maire de Nimes attestant d'unchangement de repr\u00e9sentants pour les personnels de cat\u00e9gorie B,Sur proposition de Madame la directrice d\u00e9partementale de l'emploi, du travail et dessolidarit\u00e9s du Gard,\nMas de l'Agriculture \u2014 1120 route de Saint Gilles \u2014 BP 39081 \u2014 30972 NIMES CEDEX 9T\u00e9l : 04 30 08 61 20 Fax : 04 30 08 61 21 www.gard.gouv.fr\nDirection d\u00e9partementale de l'\u00e9conomie, de l'emploi, du travail et des solidarit\u00e9s  - 30-2025-11-27-00006 - Arr\u00eat\u00e9 modif ville et CCAS\nN\u00eemes 11 2025 8\nARRETE\nArticle 1\u00b0: Les repr\u00e9sentants du personnels d\u00e9sign\u00e9s pour si\u00e9ger en formation pl\u00e9ni\u00e8re duconseil m\u00e9dical pour les agents de cat\u00e9gorie B de la ville et du CCAS de N\u00eemessont :Titulaires : Suppl\u00e9ants :M. KREMER Jacky Mme THOMAS AstridM. GOMEZ Jean-ClaudeMme BOUZIGES S\u00e9verine M. BOUCHENAB SlimMme GELABERT V\u00e9ronique\nLe reste est sans changement.\nArticle2: Cet arr\u00eat\u00e9 peut fait l'objet d'un recours contentieux devant le tribunaladministratif de N\u00eemes\u2014 16 avenue Feuch\u00e8res -\u2014 dans le d\u00e9lai de deux mois courant \u00e0 compter de sanotification.Le tribunal administratif peut aussi \u00eatre saisi par l'application informatique\u00ab T\u00e9l\u00e9recours Citoyens \u00bb accessible par le site interne www.telerecours.frArticle 3: Le secr\u00e9taire g\u00e9n\u00e9ral de la pr\u00e9fecture du Gard et la directrice d\u00e9partementale del'emploi, du travail et des solidarit\u00e9s du Gard sont charg\u00e9s, chacun en ce qui leconcerne, de l'ex\u00e9cution du pr\u00e9sent arr\u00eat\u00e9 qui sera publi\u00e9 au recueil des actesadministratifs.\nN\u00eemes, le 9267 27 NOV.Pile pyeissBi OLNS? c\u00e9l\u00e9gLadGis LC: \"ICS {errorNS\"de 'emploi dufayeet dess solidariissdu Gard\\\nBionls!ie ilae\nSophie BOUDOT\nMas de l'Agriculture \u2014 1120 route de Saint Gilles - BP 39081 \u2014- 30972 NIMES CEDEX 9T\u00e9l : 04 30 08 61 20 Fax : 04 30 08 61 21 www.gard.gouv.fr\nDirection d\u00e9partementale de l'\u00e9conomie, de l'emploi, du travail et des solidarit\u00e9s  - 30-2025-11-27-00006 - Arr\u00eat\u00e9 modif ville et CCAS\nN\u00eemes 11 2025 9\nDirection d\u00e9partementale des Finances\nPubliques du Gard\n30-2025-11-25-00003\nArr\u00eat\u00e9 de fermeture exceptionnelle au public du\nSPFE de N\u00eemes\nDirection d\u00e9partementale des Finances Publiques du Gard - 30-2025-11-25-00003 - Arr\u00eat\u00e9 de fermeture exceptionnelle au public du\nSPFE de N\u00eemes 10\nREPUBLIQUEFRANCAISELibert\u00e9Egalit\u00e9Fraternit\u00e9\nTFINANCES PUBLIQUES\nDirection d\u00e9partementale\ndes Finances publiques du Gard\nArr\u00eat\u00e9 relatif au r\u00e9gime d'ouverture et de fermeture exceptionnelle au public\ndes services de la direction d\u00e9partementale des finances publiques du Gard\nLa Directrice d\u00e9partementale des Finances publiques du Gard,\nVu le d\u00e9cret n\u00b071-69 du 26 janvier 1971 relatif au r\u00e9gime d'ouverture au public des services ext\u00e9rieurs de l'Etat ;\nVu  les  articles  26  et  43  du  d\u00e9cret  n\u00b02004-374  du  29  avril  2004  modifi\u00e9  relatif  au  pouvoir  des  pr\u00e9fets,  \u00e0\nl'organisation et \u00e0 l'action des services de l'Etat, dans les r\u00e9gions et les d\u00e9partements ;\nVu le d\u00e9cret n\u00b02008-310 du 3 avril 2008 relatif \u00e0 la direction g\u00e9n\u00e9rale des finances publiques ;\nVu le d\u00e9cret n\u00b02009-208 du 20 f\u00e9vrier 2009 relatif au statut particulier des administrateurs des finances publiques\n;\nVu le d\u00e9cret n\u00b02009-707 du 16 juin 2009 modifi\u00e9 relatif aux services d\u00e9concentr\u00e9s de la direction g\u00e9n\u00e9rale des\nfinances publiques ;\nVu l'arr\u00eat\u00e9 pr\u00e9fectoral n\u00b030-2024-09-16-00006 en date du 16 septembre 2024 portant d\u00e9l\u00e9gation de signature en\nmati\u00e8re de fermeture exceptionnelle des services d\u00e9concentr\u00e9s de la direction d\u00e9partementale des finances\npubliques du Gard ;\nVu l'arr\u00eat\u00e9 du directeur d\u00e9partemental des finances publiques du Gard sign\u00e9 en date du 27 f\u00e9vrier 2024 relatif au\nr\u00e9gime d'ouverture au public des services de la direction d\u00e9partementale des finances publiques du Gard ;\nArr\u00eate :\nArticle 1er\nLe service de la publicit\u00e9  fonci\u00e8re et de  l'enregistrement de N\u00eemes, situ\u00e9  67 rue  Salomon Reinach,  sera\nexceptionnellement ferm\u00e9 au public vendredi 2 janvier 2026 et lundi 5 janvier 2026 .\nArticle 2\nLe pr\u00e9sent arr\u00eat\u00e9 sera publi\u00e9 au recueil des actes administratifs de la Pr\u00e9fecture du Gard et affich\u00e9 dans les \nlocaux du service vis\u00e9 \u00e0 l'article 1er.\nFait \u00e0 N\u00eemes, le 21 novembre 2025\nPour le Pr\u00e9fet et par d\u00e9l\u00e9gation,\nL'Administratrice de l'\u00c9tat,\nDirectrice d\u00e9partementale des Finances publiques du Gard,\nSign\u00e9\nChristine BESSOU-NICAISE\nDirection d\u00e9partementale des Finances Publiques du Gard - 30-2025-11-25-00003 - Arr\u00eat\u00e9 de fermeture exceptionnelle au public du\nSPFE de N\u00eemes 11\nDirection d\u00e9partementale des Finances\nPubliques du Gard\n30-2025-11-25-00004\nArr\u00eat\u00e9 portant d\u00e9l\u00e9gation de signature en\nmati\u00e8re de contentieux et de gracieux fiscal\nDirection d\u00e9partementale des Finances Publiques du Gard - 30-2025-11-25-00004 - Arr\u00eat\u00e9 portant d\u00e9l\u00e9gation de signature en mati\u00e8re\nde contentieux et de gracieux fiscal 12\nREPUBLIQUEFRANCAISELibert\u00e9Egalit\u00e9Fraternit\u00e9\nTFINANCES PUBLIQUES\nArr\u00eat\u00e9 portant d\u00e9l\u00e9gation de signature en mati\u00e8re de contentieux et de gracieux fiscal\nL'administratrice de l'\u00c9tat, directrice d\u00e9partementale des Finances publiques du Gard,\nVu le Code g\u00e9n\u00e9ral des imp\u00f4ts, et notamment l'article 408 de son annexe II et les articles 212 \u00e0 217 de\nson annexe IV ; \nVu le livre des proc\u00e9dures fiscales, et notamment les articles L. 247 et R* 247-4 et suivants ;\nVu le d\u00e9cret n\u00b0 2008-309 du 3 avril 2008 portant diverses dispositions relatives \u00e0 la direction g\u00e9n\u00e9rale\ndes finances publiques ; \nVu le d\u00e9cret n\u00b0 2009-707 du 16 juin 2009 relatif aux services d\u00e9concentr\u00e9s de la direction g\u00e9n\u00e9rale des\nfinances publiques ; \nArr\u00eate : \nArticle 1er\nD\u00e9l\u00e9gation de signature est donn\u00e9e \u00e0  Mme Aur\u00e9lie FRANCO,  administratrice de l'\u00c9tat, \u00e0 l'effet de\nsigner :\n1\u00b0 en mati\u00e8re de contentieux fiscal d'assiette, les d\u00e9cisions d'admission totale, d'admission partielle\nou de rejet, de d\u00e9gr\u00e8vement ou restitution d'office sans limitation de montant ;\n2\u00b0 les d\u00e9cisions prises sur les demandes de d\u00e9gr\u00e8vement de taxe fonci\u00e8re pour pertes de r\u00e9coltes, les\ndemandes de plafonnement en fonction de la valeur ajout\u00e9e des cotisations de taxe professionnelle\net de contribution \u00e9conomique territoriale et de remboursement de cr\u00e9dit de taxe sur la valeur\najout\u00e9e, sans limitation de montant ;\n3\u00b0  les  d\u00e9cisions  prises  sur  les  demandes  contentieuses  de  d\u00e9charge  de  responsabilit\u00e9  solidaire\nfond\u00e9es sur les dispositions du II de l'article 1691 bis du Code g\u00e9n\u00e9ral des imp\u00f4ts, sans limitation de\nmontant ;\n4\u00b0 en mati\u00e8re de gracieux fiscal, les d\u00e9cisions portant remise, mod\u00e9ration, transaction ou rejet, dans\nla limite de 200 000 \u20ac ;\n5\u00b0 les d\u00e9cisions prises sur les demandes gracieuses de d\u00e9charge de l'obligation de paiement solidaire\nfond\u00e9es sur les dispositions de l'article L. 247 du livre des proc\u00e9dures fiscales, dans la limite de\n305 000 \u20ac ; \n6\u00b0 les d\u00e9cisions prises sur les contestations relatives au recouvrement pr\u00e9vues aux articles L.281 et\nL. 283 du livre des proc\u00e9dures fiscales ; \n7\u00b0 les d\u00e9cisions prises sur les demandes de prorogation de d\u00e9lai pr\u00e9vues \u00e0 l'article 1594-0G du Code\ng\u00e9n\u00e9ral des imp\u00f4ts ;\nDIRECTION G\u00c9N\u00c9RALE DES FINANCES PUBLIQUES\nDIRECTION  D\u00c9PARTEMENTALE  DES  FINANCES\nPUBLIQUES DU GARD\n22 AVENUE CARNOT\n30943 N\u00ceMES CEDEX 9\nDirection d\u00e9partementale des Finances Publiques du Gard - 30-2025-11-25-00004 - Arr\u00eat\u00e9 portant d\u00e9l\u00e9gation de signature en mati\u00e8re\nde contentieux et de gracieux fiscal 13\n8\u00b0 les documents n\u00e9cessaires \u00e0 l'ex\u00e9cution comptable des d\u00e9cisions contentieuses et gracieuses, sans\nlimitation de montant ;\n9\u00b0 les requ\u00eates, m\u00e9moires, conclusions ou observations adress\u00e9s aux juridictions administratives ou\njudiciaires ;\n10\u00b0 sans limitation de montant, pour les d\u00e9cisions relatives aux demandes de plans de r\u00e8glement.\nArticle 2\nD\u00e9l\u00e9gation  de  signature  est  donn\u00e9e  \u00e0  Mme  Audrey  CHARNOZ, administratrice  des  finances\npubliques adjointe, \u00e0 l'effet de signer :\n1\u00b0 en mati\u00e8re de contentieux fiscal d'assiette, les d\u00e9cisions d'admission totale, d'admission partielle\nou de rejet, de d\u00e9gr\u00e8vement ou restitution d'office, dans la limite de 300 000 \u20ac ;\n2\u00b0 les d\u00e9cisions prises sur les demandes de d\u00e9gr\u00e8vement de taxe fonci\u00e8re pour pertes de r\u00e9coltes, les\ndemandes de plafonnement en fonction de la valeur ajout\u00e9e des cotisations de taxe professionnelle\net de contribution \u00e9conomique territoriale et de remboursement de cr\u00e9dit de taxe sur la valeur\najout\u00e9e, sans limitation de montant ;\n3\u00b0  les  d\u00e9cisions  prises  sur  les  demandes  contentieuses  de  d\u00e9charge  de  responsabilit\u00e9  solidaire\nfond\u00e9es sur les dispositions du II de l'article 1691 bis du Code g\u00e9n\u00e9ral des imp\u00f4ts, sans limitation de\nmontant ;\n4\u00b0 en mati\u00e8re de gracieux fiscal, les d\u00e9cisions portant remise, mod\u00e9ration, transaction ou rejet, dans\nla limite de 100 000 \u20ac ;\n5\u00b0 les d\u00e9cisions prises sur les demandes gracieuses de d\u00e9charge de l'obligation de paiement solidaire\nfond\u00e9es sur les dispositions de l'article L. 247 du livre des proc\u00e9dures fiscales, dans la limite de\n305 000 \u20ac ; \n6\u00b0 les d\u00e9cisions prises sur les contestations relatives au recouvrement pr\u00e9vues aux articles L.281 et\nL. 283 du livre des proc\u00e9dures fiscales ; \n7\u00b0 les d\u00e9cisions prises sur les demandes de prorogation de d\u00e9lai pr\u00e9vues \u00e0 l'article 1594-0G du Code\ng\u00e9n\u00e9ral des imp\u00f4ts ;\n8\u00b0 les documents n\u00e9cessaires \u00e0 l'ex\u00e9cution comptable des d\u00e9cisions contentieuses et gracieuses, sans\nlimitation de montant ;\n9\u00b0 les requ\u00eates, m\u00e9moires, conclusions ou observations adress\u00e9s aux juridictions administratives ou\njudiciaires ;\n10\u00b0 sans limitation de montant, pour les d\u00e9cisions relatives aux demandes de plans de r\u00e8glement.\nArticle 3\nD\u00e9l\u00e9gation  de  signature  est  donn\u00e9e  \u00e0  Mme  Aur\u00e9lie  ANDR\u00c9, inspectrice  principale  des  finances\npubliques, \u00e0 l'effet de signer :\n1\u00b0 en mati\u00e8re de contentieux fiscal d'assiette, les d\u00e9cisions d'admission totale, d'admission partielle\nou de rejet, de d\u00e9gr\u00e8vement ou restitution d'office, dans la limite de 200 000 \u20ac ;\n2\u00b0 les d\u00e9cisions prises sur les demandes de d\u00e9gr\u00e8vement de taxe fonci\u00e8re pour pertes de r\u00e9coltes, les\ndemandes de plafonnement en fonction de la valeur ajout\u00e9e des cotisations de taxe professionnelle\net de contribution \u00e9conomique territoriale et de remboursement de cr\u00e9dit de taxe sur la valeur\najout\u00e9e, sans limitation de montant ;\n3\u00b0  les  d\u00e9cisions  prises  sur  les  demandes  contentieuses  de  d\u00e9charge  de  responsabilit\u00e9  solidaire\nfond\u00e9es sur les dispositions du II de l'article 1691 bis du Code g\u00e9n\u00e9ral des imp\u00f4ts, sans limitation de\nmontant ;\n4\u00b0 en mati\u00e8re de gracieux fiscal, les d\u00e9cisions portant remise, mod\u00e9ration, transaction ou rejet, dans\nla limite de 100 000 \u20ac pour les droits et 75 000 \u20ac pour les p\u00e9nalit\u00e9s ;\nDirection d\u00e9partementale des Finances Publiques du Gard - 30-2025-11-25-00004 - Arr\u00eat\u00e9 portant d\u00e9l\u00e9gation de signature en mati\u00e8re\nde contentieux et de gracieux fiscal 14\nREPUBLIQUEFRANCAISELibert\u00e9Egalit\u00e9Fraternit\u00e9\nTFINANCES PUBLIQUES\n5\u00b0 les d\u00e9cisions prises sur les demandes gracieuses de d\u00e9charge de l'obligation de paiement solidaire\nfond\u00e9es sur les dispositions de l'article L. 247 du livre des proc\u00e9dures fiscales, dans la limite de\n305 000 \u20ac ; \n6\u00b0 les d\u00e9cisions prises sur les contestations relatives au recouvrement pr\u00e9vues aux articles L.281 et\nL. 283 du livre des proc\u00e9dures fiscales ; \n7\u00b0 les d\u00e9cisions prises sur les demandes de prorogation de d\u00e9lai pr\u00e9vues \u00e0 l'article 1594-0G du code\ng\u00e9n\u00e9ral des imp\u00f4ts ;\n8\u00b0 les documents n\u00e9cessaires \u00e0 l'ex\u00e9cution comptable des d\u00e9cisions contentieuses et gracieuses, sans\nlimitation de montant ;\n9\u00b0 les requ\u00eates, m\u00e9moires, conclusions ou observations adress\u00e9s aux juridictions administratives ou\njudiciaires ;\nArticle 4\nD\u00e9l\u00e9gation de signature est donn\u00e9e aux inspecteurs et inspectrices des finances publiques dont les\nnoms suivent :\n- Mme M\u00e9lanie BASSIER-LEONARDUZZI - M. Pierre FINIELS - Mme Isabelle GRENIER\n- Mme C\u00e9lia HELLAL - Mme Estelle HORN - M. Eric LANNUZEL\n- Mme Marjorie MOULIN - Mme Anne SIEUZAC - M. Fabrice TEYSSIER\n\u00e0 l'effet de signer :\n1\u00b0 en mati\u00e8re de contentieux fiscal d'assiette, les d\u00e9cisions d'admission totale, d'admission partielle\nou de rejet, de d\u00e9gr\u00e8vement ou restitution d'office, dans la limite de 25 000 \u20ac ;\n2\u00b0 en mati\u00e8re de gracieux fiscal, les d\u00e9cisions portant remise, mod\u00e9ration, transaction ou rejet, dans\nla limite de 25 000 \u20ac  ; \n3\u00b0 les requ\u00eates, m\u00e9moires, conclusions ou observations adress\u00e9s aux juridictions administratives ou\njudiciaires, dans la limite de 1 500 \u20ac par c\u00f4te, exercice ou affaire.\nDirection d\u00e9partementale des Finances Publiques du Gard - 30-2025-11-25-00004 - Arr\u00eat\u00e9 portant d\u00e9l\u00e9gation de signature en mati\u00e8re\nde contentieux et de gracieux fiscal 15\nArticle 5\nD\u00e9l\u00e9gation de signature est donn\u00e9e aux contr\u00f4leurs et contr\u00f4leuses des finances publiques dont les \nnoms suivent :\n- Mme Martine BERTHALIN - Mme Sylvie EUGENE\n \u00e0 l'effet de signer :\n1\u00b0 en mati\u00e8re de contentieux fiscal d'assiette, les d\u00e9cisions d'admission totale, d'admission partielle \nou de rejet, de d\u00e9gr\u00e8vement ou restitution d'office, dans la limite de 12 000 \u20ac ;\n2\u00b0 en mati\u00e8re de gracieux fiscal, les d\u00e9cisions portant remise, mod\u00e9ration, transaction ou rejet, dans \nla limite de 12 000 \u20ac.\nArticle 6\nD\u00e9l\u00e9gation de signature est donn\u00e9e aux responsables de service dont les noms suivent :\nPRENOM NOM RESPONSABLES DE SERVICES\nRichard MERIC SIP ALES / SAINT PRIVAT DES VIEUX\nClaude GUYOT SIP BAGNOLS SUR CEZE\nNathalie JOUHANIN SIP NIMES\nDidier LAYE SIE ALES / SAINT PRIVAT DES VIEUX\nThierry LELIEVRE SIE BAGNOLS SUR CEZE\nDominique GUETAT SIE NIMES\nMaxime VILLAR SPFE NIMES\nFranck FOYER SDIF NIMES\nFlorent MARTINA 1ERE BDV NIMES\nSt\u00e9phane VINATIER 2EME BDV NIMES\nFranck PINCHART PCRP NIMES\nChristel CARTAGENA PCE NIMES\nDominique REYNAUD PRS NIMES\n\u00e0 l'effet de signer :\n1\u00b0 prendre  des  d\u00e9cisions  contentieuses  d'admission  totale,  d'admission  partielle,  de  rejet,  de\nd\u00e9gr\u00e8vement ou de restitution d'office, dans la limite de 76 000 \u20ac pour les agents ayant au moins le\ngrade d'administrateur de l'\u00c9tat et de 60 000 \u20ac pour les autres cadres.\n2\u00b0 Cette limite conna\u00eet toutefois des d\u00e9rogations :\n- s'agissant des demandes de remboursement de cr\u00e9dits de TVA, la limite est port\u00e9e \u00e0 100 000 \u20ac ;\n- s'agissant des demandes de remboursement de cr\u00e9dits d'imp\u00f4t, la limite est port\u00e9e \u00e0 100 000 \u20ac ;\n- s'agissant des demandes de  plafonnement en fonction de la valeur ajout\u00e9e  des cotisations de\ncontribution  \u00e9conomique  territoriale  (CET)  pr\u00e9sent\u00e9es  par  une  entreprise  dont  tous  les\n\u00e9tablissements  sont  situ\u00e9s  dans  le  ressort  territorial  d'un  seul  et  m\u00eame  service  des  imp\u00f4ts  des\nentreprises (SIE), les responsables de services sont comp\u00e9tents sans limite ;\n- pour statuer sur les demandes de d\u00e9gr\u00e8vement de taxe fonci\u00e8re pour pertes de r\u00e9coltes, sans limite\nde montant ;\n-  pour  signer  les  documents  n\u00e9cessaires  \u00e0  l'ex\u00e9cution  comptable  des  d\u00e9cisions  gracieuses  et\ncontentieuses, sans limite de montant.\nDirection d\u00e9partementale des Finances Publiques du Gard - 30-2025-11-25-00004 - Arr\u00eat\u00e9 portant d\u00e9l\u00e9gation de signature en mati\u00e8re\nde contentieux et de gracieux fiscal 16\nREPUBLIQUEFRANCAISELibert\u00e9Egalit\u00e9Fraternit\u00e9\nTFINANCES PUBLIQUES\nArticle 7\nToutes dispositions ant\u00e9rieures sont abrog\u00e9es.\nLa pr\u00e9sente d\u00e9cision prend effet \u00e0 compter du 1er novembre 2025.\nLe pr\u00e9sent arr\u00eat\u00e9 sera publi\u00e9 au recueil des actes administratifs du d\u00e9partement du Gard, et sera\naffich\u00e9 dans les locaux du service o\u00f9 exercent les agents d\u00e9l\u00e9gataires.\n\u00c0 N\u00eemes, le 20 novembre 2025\nL'Administratrice de l'\u00c9tat,\nDirectrice d\u00e9partementale des Finances publiques du\nGard,\nSign\u00e9\nChristine BESSOU-NICAISE\nDirection d\u00e9partementale des Finances Publiques du Gard - 30-2025-11-25-00004 - Arr\u00eat\u00e9 portant d\u00e9l\u00e9gation de signature en mati\u00e8re\nde contentieux et de gracieux fiscal 17\nDirection d\u00e9partementale des Finances\nPubliques du Gard\n30-2025-11-25-00006\nArr\u00eat\u00e9 portant nomination et d\u00e9l\u00e9gation de\nsignature du conciliateur fiscal et des\nconciliateurs fiscaux adjoints\nDirection d\u00e9partementale des Finances Publiques du Gard - 30-2025-11-25-00006 - Arr\u00eat\u00e9 portant nomination et d\u00e9l\u00e9gation de\nsignature du conciliateur fiscal et des conciliateurs fiscaux adjoints 18\nREPUBLIQUEFRANCAISELibert\u00e9Egalit\u00e9Fraternit\u00e9\nTFINANCES PUBLIQUES\nARR\u00caT\u00c9 PORTANT NOMINATION ET D\u00c9L\u00c9GATION DE SIGNATURE DU CONCILIATEUR FISCAL ET\nDES CONCILIATEURS FISCAUX ADJOINTS\nL'administratrice de l'\u00c9tat, directrice d\u00e9partementale des Finances publiques du Gard,\nVu le Code g\u00e9n\u00e9ral des imp\u00f4ts, et notamment l'article 408 de son annexe II et les articles 212 \u00e0 217 de\nson annexe IV ; \nVu le livre des proc\u00e9dures fiscales, et notamment les articles L. 247 et R* 247-4 et suivants ;\nVu le d\u00e9cret n\u00b0 2008-309 du 3 avril 2008 portant diverses dispositions relatives \u00e0 la direction g\u00e9n\u00e9rale des\nfinances publiques ; \nVu le d\u00e9cret n\u00b0 2009-707 du 16 juin 2009 relatif aux services d\u00e9concentr\u00e9s de la direction g\u00e9n\u00e9rale des\nfinances publiques ; \nArticle 1er\n\u00c0 compter du 1er octobre 2024, Mme Aur\u00e9lie FRANCO, administratrice de l'\u00c9tat est d\u00e9sign\u00e9e conciliateur\nfiscal du d\u00e9partement de la Direction d\u00e9partementale des Finances publiques du Gard.\nD\u00e9l\u00e9gation de signature est donn\u00e9e \u00e0  Mme Aur\u00e9lie FRANCO , administrateur de l'\u00c9tat, \u00e0 l'effet de se\nprononcer en qualit\u00e9 de conciliateur fiscal sur les demandes des usagers tendant \u00e0 la r\u00e9vision d'une\nd\u00e9cision prise par un service de la direction sans limitation de montant, pour les demandes contentieuses\nportant sur l'assiette des imp\u00f4ts et en mati\u00e8re de gracieux fiscal d'assiette et de recouvrement.\nArticle 2\n\u00c0 compter du 1er octobre 2024, Mme Audrey CHARNOZ, administratrice des finances publiques adjointe\nest d\u00e9sign\u00e9e conciliateur fiscal du d\u00e9partement adjoint de la Direction d\u00e9partementale des Finances\npubliques du Gard.\nD\u00e9l\u00e9gation de signature est donn\u00e9e \u00e0  Mme Audrey CHARNOZ , administratrice des finances publiques\nadjointe \u00e0 l'effet de se prononcer en qualit\u00e9 de conciliateur fiscal adjoint sur les demandes des usagers\ntendant \u00e0 la r\u00e9vision d'une d\u00e9cision prise par un service du d\u00e9partement dans les limites et conditions\nsuivantes :\n1\u00b0 en mati\u00e8re de contentieux fiscal d'assiette, les d\u00e9cisions d'admission totale, d'admission partielle ou de\nrejet, de d\u00e9gr\u00e8vement ou restitution d'office, dans la limite de 300 000\u20ac ;\n2\u00b0 les d\u00e9cisions prises sur les demandes de d\u00e9gr\u00e8vement de taxe fonci\u00e8re pour pertes de r\u00e9coltes, les\ndemandes de plafonnement en fonction de la valeur ajout\u00e9e des cotisations de taxe professionnelle et\nde contribution \u00e9conomique territoriale sans limitation de montant et dans la limite de 500 000\u20ac en\nmati\u00e8re de remboursement de cr\u00e9dit de taxe sur la valeur ajout\u00e9e ;\nDIRECTION G\u00c9N\u00c9RALE DES FINANCES PUBLIQUES\nDIRECTION  D\u00c9PARTEMENTALE  DES  FINANCES\nPUBLIQUES DU GARD\n22 AVENUE CARNOT\n30943 N\u00ceMES CEDEX 9\nDirection d\u00e9partementale des Finances Publiques du Gard - 30-2025-11-25-00006 - Arr\u00eat\u00e9 portant nomination et d\u00e9l\u00e9gation de\nsignature du conciliateur fiscal et des conciliateurs fiscaux adjoints 19\n3\u00b0 les d\u00e9cisions prises sur les demandes contentieuses de d\u00e9charge de responsabilit\u00e9 solidaire fond\u00e9es sur\nles  dispositions  du  II  de  l'article  1691  bis  du  code  g\u00e9n\u00e9ral  des  imp\u00f4ts  dans  la  limite  de  \n300 000 \u20ac ;\n4\u00b0 en mati\u00e8re de gracieux fiscal, les d\u00e9cisions portant remise, mod\u00e9ration, transaction ou rejet dans la\nlimite de 150 000 \u20ac;\n5\u00b0 les d\u00e9cisions prises sur les demandes gracieuses de d\u00e9charge de l'obligation de paiement solidaire\nfond\u00e9es  sur  les  dispositions  de  l'article  L.  247  du  livre  des  proc\u00e9dures  fiscales,  dans  la  limite  de  \n305 000\u20ac;\n6\u00b0 les d\u00e9cisions prises sur les contestations relatives au recouvrement pr\u00e9vues aux articles L. 281 et L. 283\ndu livre des proc\u00e9dures fiscales ;\n7\u00b0 sans limitation de montant, pour les d\u00e9cisions relatives aux demandes de plans de r\u00e8glement.\nArticle 3\n\u00c0 compter du 1 er octobre 2024,  Mme Aur\u00e9lie ANDR\u00c9 , inspectrice principale des finances publiques est\nd\u00e9sign\u00e9e  conciliateur  fiscal  du  d\u00e9partement  adjoint  de  la  Direction  d\u00e9partementale  des  Finances\npubliques du Gard\nD\u00e9l\u00e9gation de signature est donn\u00e9e \u00e0 Mme Aur\u00e9lie ANDR\u00c9, inspectrice principale des finances publiques,\n\u00e0 l'effet de se prononcer en qualit\u00e9 de conciliateur fiscal adjoint sur les demandes des usagers tendant \u00e0\nla r\u00e9vision d'une d\u00e9cision prise par un service du d\u00e9partement dans les limites et conditions suivantes :\n1\u00b0 en mati\u00e8re de contentieux fiscal d'assiette, les d\u00e9cisions d'admission totale, d'admission partielle ou de\nrejet, de d\u00e9gr\u00e8vement ou restitution d'office, dans la limite de 300 000 \u20ac ;\n2\u00b0 les d\u00e9cisions prises sur les demandes de d\u00e9gr\u00e8vement de taxe fonci\u00e8re pour pertes de r\u00e9coltes, les\ndemandes de plafonnement en fonction de la valeur ajout\u00e9e des cotisations de taxe professionnelle et\nde contribution \u00e9conomique territoriale sans limitation de montant et dans la limite de 500 000 \u20ac en\nmati\u00e8re de remboursement de cr\u00e9dit de taxe sur la valeur ajout\u00e9e ;\n3\u00b0 les d\u00e9cisions prises sur les demandes contentieuses de d\u00e9charge de responsabilit\u00e9 solidaire fond\u00e9es sur\nles  dispositions  du  II  de  l'article  1691  bis  du  code  g\u00e9n\u00e9ral  des  imp\u00f4ts  dans  la  limite  de  \n300 000 \u20ac ;\n4\u00b0 en mati\u00e8re de gracieux fiscal, les d\u00e9cisions portant remise, mod\u00e9ration, transaction ou rejet dans la\nlimite de 100 000 \u20ac;\n5\u00b0 les d\u00e9cisions prises sur les demandes gracieuses de d\u00e9charge de l'obligation de paiement solidaire\nfond\u00e9es  sur  les  dispositions  de  l'article  L.  247  du  livre  des  proc\u00e9dures  fiscales,  dans  la  limite  de  \n305 000\u20ac;\n6\u00b0 les d\u00e9cisions prises sur les contestations relatives au recouvrement pr\u00e9vues aux articles L. 281 et L. 283\ndu livre des proc\u00e9dures fiscales ;\n         Article 4\nToutes dispositions ant\u00e9rieures sont abrog\u00e9es.\nLe pr\u00e9sent arr\u00eat\u00e9 sera publi\u00e9 au recueil des actes administratifs du d\u00e9partement du Gard, et sera affich\u00e9\ndans les locaux du service o\u00f9 exercent les agents d\u00e9l\u00e9gataires.\n\u00c0 N\u00eemes, le 25 novembre 2025\nL'Administratrice de l'\u00c9tat,\nDirectrice d\u00e9partementale des Finances publiques du Gard,\nSign\u00e9\nChristine BESSOU-NICAISE\nDirection d\u00e9partementale des Finances Publiques du Gard - 30-2025-11-25-00006 - Arr\u00eat\u00e9 portant nomination et d\u00e9l\u00e9gation de\nsignature du conciliateur fiscal et des conciliateurs fiscaux adjoints 20\nDirection d\u00e9partementale des Finances\nPubliques du Gard\n30-2025-11-25-00005\nD\u00e9cision de d\u00e9l\u00e9gation g\u00e9n\u00e9rale et d\u00e9l\u00e9gations\nsp\u00e9ciales de signature\nDirection d\u00e9partementale des Finances Publiques du Gard - 30-2025-11-25-00005 - D\u00e9cision de d\u00e9l\u00e9gation g\u00e9n\u00e9rale et d\u00e9l\u00e9gations\nsp\u00e9ciales de signature 21\nExREPUBLIQUEFRAN\u00c7AISELibert\u00e9Egalit\u00e9Fraternit\u00e9\nTFINANCES PUBLIQUES\nDirection d\u00e9partementale\ndes Finances publiques du Gard\nD\u00c9CISION DE D\u00c9L\u00c9GATION DE SIGNATURE\nLa Directrice d\u00e9partementale des Finances publiques du Gard,\nVu le d\u00e9cret n\u00b0 2008-309 du 3 avril 2008 portant dispositions transitoires relatives \u00e0 la direction\ng\u00e9n\u00e9rale des finances publiques ;\nVu le d\u00e9cret n\u00b02009-208 du 20 f\u00e9vrier 2009 relatif au statut particulier des administrateurs des\nfinances publiques ;\nVu le d\u00e9cret n\u00b02009-707 du 16 juin 2009 relatif aux services d\u00e9concentr\u00e9s de la direction g\u00e9n\u00e9rale\ndes finances publiques ;\nVu le d\u00e9cret n\u00b02012-1246 modifi\u00e9 du 7 novembre 2012 relatif \u00e0 la gestion budg\u00e9taire et comptable\npublique ; \nVu l'arr\u00eat\u00e9 du 11 d\u00e9cembre 2009 portant cr\u00e9ation de la direction d\u00e9partementale des finances\npubliques du Gard ;\nVu le d\u00e9cret n\u00b0 2016-1234 du 19 septembre 2016 modifiant le d\u00e9cret n\u00b0 2008-310 du 3 avril 2008\nrelatif  \u00e0  la  direction  g\u00e9n\u00e9rale  des  finances  publiques  et  portant  cr\u00e9ation  d'une  direction  de\nl'immobilier de l'\u00c9tat ;\nVu le d\u00e9cret n\u00b0 2017-1255 du 08 ao\u00fbt 2017 relatif aux missions d'\u00e9valuations domaniales et de\npolitique immobili\u00e8re des services d\u00e9concentr\u00e9s de la direction g\u00e9n\u00e9rale des finances publiques ;  \nVu le d\u00e9cret en date du 17 juillet 2023 portant int\u00e9gration dans le corps des administrateurs de\nl'\u00c9tat de madame Christine BESSOU-NICAISE et de madame C\u00e9line HERBEPIN ;\nVu le d\u00e9cret en date du 31 d\u00e9cembre 2023 portant int\u00e9gration dans le corps des administrateurs\nde l'\u00c9tat de madame Aur\u00e9lie FRANCO ;\nVu le d\u00e9cret du 31 ao\u00fbt 2024 portant nomination au 1 er octobre 2024 de Mme Christine BESSOU-\nNICAISE dans l'emploi de directrice d\u00e9partementale des finances publiques du Gard ;\n1/12\nDirection d\u00e9partementale des Finances Publiques du Gard - 30-2025-11-25-00005 - D\u00e9cision de d\u00e9l\u00e9gation g\u00e9n\u00e9rale et d\u00e9l\u00e9gations\nsp\u00e9ciales de signature 22\nD\u00e9cide :\nArticle 1 :  Sont exclus du champ des pr\u00e9sentes d\u00e9l\u00e9gations  les actes et d\u00e9cisions, qui font\nl'objet de d\u00e9l\u00e9gations particuli\u00e8res, relevant des domaines suivants :\n- le pouvoir adjudicateur,\n- l'ordonnancement  secondaire  des  d\u00e9penses  et  des  recettes  du  budget  de  la  direction\nd\u00e9partementale des finances publiques du Gard,\n- l'homologation des r\u00f4les d'imp\u00f4ts directs,\n- la notification des taux et des bases aux collectivit\u00e9s locales d'imp\u00f4ts directs,\n- les conventions de num\u00e9risation avec les collectivit\u00e9s locales et les \u00e9tablissements publics\nlocaux,\n- la convention de d\u00e9l\u00e9gation sur les actes d'ordonnancement secondaire des d\u00e9penses et\ndes recettes,\n- l'engagement des poursuites p\u00e9nales pour infractions fiscales, en mati\u00e8re d'escroquerie ou\ntentatives d'escroquerie et pour opposition \u00e0 fonction,\n- la signature de tous les actes se rapportant aux affaires domaniales \u00e0 l'exception des avis\nd'\u00e9valuations domaniales.\nArticle 2 : D\u00e9l\u00e9gation g\u00e9n\u00e9rale de signature est donn\u00e9e \u00e0 :\nPr\u00e9nom, Nom, grade et fonction Nature d'\u00e9tendue de la d\u00e9l\u00e9gation\nMme Aur\u00e9lie FRANCO\nAdministratrice de l'\u00c9tat\nDirectrice du p\u00f4le m\u00e9tiers\nRe\u00e7oit procuration g\u00e9n\u00e9rale avec mandat de me suppl\u00e9er dans\nl'exercice de mes fonctions et de signer seule ou concurremment\navec moi, tous les actes relatifs \u00e0 la gestion et aux affaires qui s'y\nrattachent, sous r\u00e9serve des restrictions express\u00e9ment pr\u00e9vus par\nla r\u00e9glementation. Elle est autoris\u00e9e \u00e0 agir en justice et effectuer\ndes d\u00e9clarations de cr\u00e9ance.\nElle  re\u00e7oit  d\u00e9l\u00e9gation  de  signature  \u00e0  l'effet  de  signer  les\nautorisations  de  recourir  au  dispositif  d'anonymisation  pr\u00e9vu  \u00e0\nl'article L. 286 B du livre des proc\u00e9dures fiscales. \nMme C\u00e9line HERBEPIN\nAdministratrice de l'\u00c9tat\nDirectrice du p\u00f4le pilotage et\nressources\nRe\u00e7oit procuration g\u00e9n\u00e9rale avec mandat de me suppl\u00e9er dans\nl'exercice de mes fonctions et de signer seule ou concurremment\navec moi, tous les actes relatifs \u00e0 la gestion et aux affaires qui s'y\nrattachent.  Elle  est  autoris\u00e9e  \u00e0 agir  en justice et  effectuer  des\nd\u00e9clarations de cr\u00e9ance.\nSont exclus du champ d'application de la pr\u00e9sente d\u00e9l\u00e9gation tous\nles  actes  aff\u00e9rents  \u00e0  l'exercice  des  missions  exclusivement\nd\u00e9volues aux comptables publics par l'article 18 du d\u00e9cret n\u00b0 2012-\n1246 du 7 novembre 2012.\n2/12\nDirection d\u00e9partementale des Finances Publiques du Gard - 30-2025-11-25-00005 - D\u00e9cision de d\u00e9l\u00e9gation g\u00e9n\u00e9rale et d\u00e9l\u00e9gations\nsp\u00e9ciales de signature 23\nArticle 3 : D\u00e9l\u00e9gations sp\u00e9ciales sont donn\u00e9es \u00e0 :\nCabinet du directeur et communication\nPr\u00e9nom, Nom, grade et fonction Nature d'\u00e9tendue de la d\u00e9l\u00e9gation\nM. Philippe MERLI\nInspecteur divisionnaire\ndes Finances publiques\nResponsable du Cabinet et\nCommunication\nSigner toutes les pi\u00e8ces relatives au cabinet du directeur et \u00e0 la \ncommunication.\nMme Nathalie BOIVIN\nContr\u00f4leuse principale des Finances\npubliques\nCabinet de la directrice\nSigner les diff\u00e9rents courriers aff\u00e9rents aux attributions du cabinet\ndu directeur en cas d'absence de M. MERLI.\nMme Julie SALANI\u00c9\nContr\u00f4leuse des Finances publiques\nCabinet de la directrice\nSigner les diff\u00e9rents courriers aff\u00e9rents aux attributions du cabinet\ndu directeur en cas d'absence de M. MERLI.\nSigner les pi\u00e8ces et documents entrant dans les attributions de la\ncommunication en cas d'absence de M. MERLI.\nMission Risques et Audit : risques, audit et cellule qualit\u00e9 comptable\nPr\u00e9nom, Nom, grade et fonction Nature d'\u00e9tendue de la d\u00e9l\u00e9gation\nMme Claudine BADY\nAdministratrice des Finances\npubliques adjointe\nResponsable de la Mission Risques et\nAudit\nSigner  les  proc\u00e8s-verbaux  de  remise  de  service  et  les  rapports\nd'audit, ainsi que les courriers aff\u00e9rents \u00e0 la mission risques-audit,\net signer les pi\u00e8ces relatives au suivi des programmes d'audit (PDA)\net du contr\u00f4le interne (PDCI).\nSigner  les  pi\u00e8ces  et  documents  entrant  dans  les  attributions\ncourantes de la cellule qualit\u00e9 comptable (CQC).\nMme Elodie MUNIER\nInspectrice principale\ndes Finances publiques - Auditrice\nSigner  les  proc\u00e8s-verbaux  de  remise  de  service  et  les  rapports\nd'audit, ainsi que les courriers aff\u00e9rents \u00e0 la mission risques-audit.\nMme Candice SEGUIN\nInspectrice principale\ndes Finances publiques - Auditrice\nSigner  les  proc\u00e8s-verbaux  de  remise  de  service  et  les  rapports\nd'audit, ainsi que les courriers aff\u00e9rents \u00e0 la mission risques-audit.\nM. Fabien CHENILLOT\nInspecteur principal\ndes Finances publiques - Auditeur\nSigner  les  proc\u00e8s-verbaux  de  remise  de  service  et  les  rapports\nd'audit, ainsi que les courriers aff\u00e9rents \u00e0 la mission risques-audit.\nMme Sylvie MAS\nInspectrice des Finances publiques\nCharg\u00e9e de mission\n\u00e0 la cellule qualit\u00e9 comptable\nSigner  les  pi\u00e8ces  et  documents  entrant  dans  les  attributions\ncourantes de la cellule qualit\u00e9 comptable (CQC).\n3/12\nDirection d\u00e9partementale des Finances Publiques du Gard - 30-2025-11-25-00005 - D\u00e9cision de d\u00e9l\u00e9gation g\u00e9n\u00e9rale et d\u00e9l\u00e9gations\nsp\u00e9ciales de signature 24\nP\u00f4le M\u00e9tiers\nDivision de la fiscalit\u00e9 des particuliers, de la fiscalit\u00e9 des professionnels,\ndes missions fonci\u00e8res et des affaires \u00e9conomiques\nPr\u00e9nom, Nom, grade et fonction Nature d'\u00e9tendue de la d\u00e9l\u00e9gation\nM. Pierre BOUCHARDY\nAdministrateur des Finances publiques\nadjoint\nResponsable de la division de la fiscalit\u00e9 de la\nfiscalit\u00e9 des professionnels, des particuliers\net des missions fonci\u00e8res et des affaires\n\u00e9conomiques\nSigner  les  pi\u00e8ces  et  documents  entrant  dans  les\nattributions de la division de la fiscalit\u00e9 des professionnels,\nde la fiscalit\u00e9 des particuliers, des missions fonci\u00e8res et des\naffaires \u00e9conomiques, ainsi que dans les attributions de la\ndivision  affaires  juridiques,  p\u00f4le  juridictionnel,  contr\u00f4le\nfiscal,  animation  du  recouvrement  en  cas  d'absence  de\nMme  CHARNOZ,  administratrice  des  finances  publiques\nadjointe.\nM. David ROUAUD\nInspecteur divisionnaire des Finances\npubliques\nResponsable du service de la fiscalit\u00e9 des\nprofessionnels \nSigner  les  pi\u00e8ces  et  documents  entrant  dans  les\nattributions  courantes  du  service  fiscalit\u00e9  des\nprofessionnels,  et  signer  tous  les  courriers  et  pi\u00e8ces\nattach\u00e9s \u00e0 la division de la fiscalit\u00e9 des particuliers, de la\nfiscalit\u00e9  des  professionnels,  en  cas  d'absence  de  M.\nBOUCHARDY..\nSigner  les  pi\u00e8ces  et  documents  entrant  dans  les\nattributions  courantes  du  service  des  Affaires\n\u00e9conomiques.\nM. Rodolphe DUBOUIS \nInspecteur des Finances publiques\nService de la fiscalit\u00e9 des professionnels\nSigner  les  pi\u00e8ces  et  documents  entrant  dans  les\nattributions  courantes  du  service  de  la  fiscalit\u00e9  des\nprofessionnels.\nMme Fr\u00e9d\u00e9rique PETITET\nInspectrice divisionnaire des Finances\npubliques\nResponsable du service de la fiscalit\u00e9 des\nparticuliers et des missions fonci\u00e8res\nSigner  les  pi\u00e8ces  et  documents  entrant  dans  les\nattributions  courantes  du  service  de  la  fiscalit\u00e9  des\nparticuliers  et  des  missions  fonci\u00e8res,  et  signer  tous  les\ncourriers et pi\u00e8ces attach\u00e9s la division de la fiscalit\u00e9 des\nparticuliers, de la fiscalit\u00e9 des professionnels, des missions\nfonci\u00e8res en cas d'absence de M. BOUCHARDY.\nM. J\u00e9r\u00f4me BERTHE\nInspecteur des Finances publiques\nService de la fiscalit\u00e9 des particuliers et des\nmissions fonci\u00e8res\nSigner  les  pi\u00e8ces  et  documents  entrant  dans  les\nattributions  courantes  du  service  de  la  fiscalit\u00e9  des\nparticuliers et des missions fonci\u00e8res.\nM. Nicolas SIMARD\nInspecteur des Finances publiques\nService des affaires \u00e9conomiques\nSigner  les  pi\u00e8ces  et  documents  entrant  dans  les\nattributions courantes du service des affaires \u00e9conomiques.\nM. Pierre GARCIA\nContr\u00f4leur principal\ndes Finances publiques\nService des affaires \u00e9conomiques\nSigner  les  pi\u00e8ces  et  documents  entrant  dans  les\nattributions courantes du service activit\u00e9s \u00e9conomiques en\ncas d'absence de M. SIMARD.\nM. Islam SAIDAINI\nSigner  les  pi\u00e8ces  et  documents  entrant  dans  les\nattributions  de  la  division  missions  fonci\u00e8res  en  cas\nd'absence de M. BOUCHARDY et Mme CHARNOZ.\n4/12\nDirection d\u00e9partementale des Finances Publiques du Gard - 30-2025-11-25-00005 - D\u00e9cision de d\u00e9l\u00e9gation g\u00e9n\u00e9rale et d\u00e9l\u00e9gations\nsp\u00e9ciales de signature 25\nDivision affaires juridiques, p\u00f4le juridictionnel, contr\u00f4le fiscal,\nanimation du recouvrement\nPr\u00e9nom, Nom, grade et fonction Nature d'\u00e9tendue de la d\u00e9l\u00e9gation\nMme Audrey CHARNOZ\nAdministratrice des Finances\npubliques adjointe\nResponsable de la division\naffaires juridiques, p\u00f4le juridictionnel,\ncontr\u00f4le fiscal, animation du\nrecouvrement\nSigner les pi\u00e8ces et documents entrant dans les attributions de la\ndivision  affaires  juridiques,  p\u00f4le  juridictionnel,  contr\u00f4le  fiscal,\nanimation du recouvrement, ainsi que dans les attributions de la\ndivision  de  la  fiscalit\u00e9  des  particuliers,  de  la  fiscalit\u00e9  des\nprofessionnels,  des  missions  fonci\u00e8res  en  cas  d'absence  de\nM. BOUCHARDY, administrateur des finances publiques adjoint.\nMme Aur\u00e9lie ANDR\u00c9\nInspectrice principale\ndes Finances publiques\nResponsable du service\ndes affaires juridiques et du p\u00f4le\njuridictionnel\nSigner  les  pi\u00e8ces  et  documents  entrant  dans  les  attributions\ncourantes du service des affaires juridiques et du p\u00f4le juridictionnel\net signer tous les courriers et pi\u00e8ces attach\u00e9s \u00e0 la division affaires\njuridiques,  p\u00f4le  juridictionnel,  contr\u00f4le  fiscal,  animation  du\nrecouvrement  en cas d'absence de Mme CHARNOZ ou de Mme\nFILAINE.\nMme M\u00e9lanie BASSIER-LEONARDUZZI\nInspectrice des Finances publiques\nService des affaires juridiques et du\np\u00f4le juridictionnel\nSigner  les  pi\u00e8ces  et  documents  entrant  dans  les  attributions\ncourantes  du  s ervice  des  affaires  juridiques  et  du  p\u00f4le\njuridictionnel.\nMme Anne SIEUZAC\nInspectrice des Finances publiques\nService des affaires juridiques et du\np\u00f4le juridictionnel\nSigner  les  pi\u00e8ces  et  documents  entrant  dans  les  attributions\ncourantes  du  s ervice  des  affaires  juridiques  et  du  p\u00f4le\njuridictionnel.\nM. Pierre FINIELS\nInspecteur des Finances publiques\nService des affaires juridiques et du\np\u00f4le juridictionnel\nSigner  les  pi\u00e8ces  et  documents  entrant  dans  les  attributions\ncourantes  du  s ervice  des  affaires  juridiques  et  du  p\u00f4le\njuridictionnel.\nMme Isabelle GRENIER\nInspectrice des Finances publiques\nService des affaires juridiques et du\np\u00f4le juridictionnel\nSigner  les  pi\u00e8ces  et  documents  entrant  dans  les  attributions\ncourantes  du  s ervice  des  affaires  juridiques  et  du  p\u00f4le\njuridictionnel.\nMme Estelle HORN\nInspectrice des Finances publiques\nService des affaires juridiques et du\np\u00f4le juridictionnel\nSigner  les  pi\u00e8ces  et  documents  entrant  dans  les  attributions\ncourantes  du  s ervice  des  affaires  juridiques  et  du  p\u00f4le\njuridictionnel.\nM. Eric LANNUZEL\nInspecteur des Finances publiques\nService des affaires juridiques et du\np\u00f4le juridictionnel\nSigner  les  pi\u00e8ces  et  documents  entrant  dans  les  attributions\ncourantes  du  s ervice  des  affaires  juridiques  et  du  p\u00f4le\njuridictionnel.\nM. Fabrice TEYSSIER\nInspecteur des Finances publiques\nService des affaires juridiques et du\np\u00f4le juridictionnel\nSigner  les  pi\u00e8ces  et  documents  entrant  dans  les  attributions\ncourantes  du  s ervice  des  affaires  juridiques  et  du  p\u00f4le\njuridictionnel.\nMme Marjorie MOULIN\nInspectrice des Finances publiques\nService des affaires juridiques et du\np\u00f4le juridictionnel\nSigner  les  pi\u00e8ces  et  documents  entrant  dans  les  attributions\ncourantes  du  s ervice  des  affaires  juridiques  et  du  p\u00f4le\njuridictionnel.\nMme C\u00e9lia HELLAL\nInspectrice des Finances publiques\nService des affaires juridiques et du\np\u00f4le juridictionnel\nSigner  les  pi\u00e8ces  et  documents  entrant  dans  les  attributions\ncourantes  du  s ervice  des  affaires  juridiques  et  du  p\u00f4le\njuridictionnel.\n           Mme Martine BERTHALIN\nContr\u00f4leuse principale \ndes Finances publiques\nService des affaires juridiques et du\np\u00f4le juridictionnel\nSigner  les  pi\u00e8ces  et  documents  entrant  dans  les  attributions\ncourantes  du  s ervice  des  affaires  juridiques  et  du  p\u00f4le\njuridictionnel.\n5/12\nDirection d\u00e9partementale des Finances Publiques du Gard - 30-2025-11-25-00005 - D\u00e9cision de d\u00e9l\u00e9gation g\u00e9n\u00e9rale et d\u00e9l\u00e9gations\nsp\u00e9ciales de signature 26\nPr\u00e9nom, Nom, grade et fonction Nature d'\u00e9tendue de la d\u00e9l\u00e9gation\nM. Yannick BARRE\nInspecteur des Finances publiques\nService du contr\u00f4le fiscal\nSigner  les  pi\u00e8ces  et  documents  entrant  dans  les  attributions\ncourantes du service du contr\u00f4le fiscal.\nMme Anne FABREGUE\nInspectrice des Finances publiques\nService du contr\u00f4le fiscal\nSigner  les  pi\u00e8ces  et  documents  entrant  dans  les  attributions\ncourantes du service du contr\u00f4le fiscal.\nMme Corinne MALSAGNE\nInspectrice des Finances publiques\nService du contr\u00f4le fiscal\nSigner  les  pi\u00e8ces  et  documents  entrant  dans  les  attributions\ncourantes du service du contr\u00f4le fiscal.\nMme Sylvie EUGENE\nContr\u00f4leuse des Finances publiques\nService du contentieux fiscal et service\ndu contr\u00f4le fiscal\nSigner  les  pi\u00e8ces  et  documents  entrant  dans  les  attributions\ncourantes du service des affaires juridiques, du p\u00f4le juridictionnel\net du service du contr\u00f4le fiscal.\nMme Christelle FILAINE\nInspectrice divisionnaire des Finances\npubliques\nResponsable du service de l'animation\ndu recouvrement : particuliers, mission\namendes, HFP\nSigner  les  pi\u00e8ces  et  documents  entrant  dans  les  attributions\ncourantes du service de l'animation du recouvrement et signer tous\nles courriers et pi\u00e8ces attach\u00e9s \u00e0 la division affaires juridiques, p\u00f4le\njuridictionnel, contr\u00f4le fiscal, animation du recouvrement  en cas\nd'absence de Mme CHARNOZ ou de Mme ANDR\u00c9.\nMme Ga\u00eblle ALMERAS-HEYRAUD\nInspectrice des Finances publiques\nService animation du recouvrement\nSigner  les  pi\u00e8ces  et  documents  entrant  dans  les  attributions\ncourantes du service animation du recouvrement.\nMme Nathalie CHAUBET\nInspectrice des Finances publiques\nService animation du recouvrement\nSigner  les  pi\u00e8ces  et  documents  entrant  dans  les  attributions\ncourantes du service animation du recouvrement.\nMme Isabelle TUR-SEQUIER\nInspectrice des Finances publiques\nService animation du recouvrement\nSigner  les  pi\u00e8ces  et  documents  entrant  dans  les  attributions\ncourantes du service animation du recouvrement.\nNathalie KIEFER \nContr\u00f4leuse des Finances publiques\nService animation du recouvrement\nSigner  les  pi\u00e8ces  et  documents  entrant  dans  les  attributions\ncourantes du service animation du recouvrement.\nMme Ir\u00e8ne LEDERNE\nContr\u00f4leuse des Finances publiques\nService animation du recouvrement\nSigner  les  pi\u00e8ces  et  documents  entrant  dans  les  attributions\ncourantes du service animation du recouvrement.\n6/12\nDirection d\u00e9partementale des Finances Publiques du Gard - 30-2025-11-25-00005 - D\u00e9cision de d\u00e9l\u00e9gation g\u00e9n\u00e9rale et d\u00e9l\u00e9gations\nsp\u00e9ciales de signature 27\nDivision gestion publique\nPr\u00e9nom, Nom, grade et fonction Nature d'\u00e9tendue de la d\u00e9l\u00e9gation\nM. Arnaud URBAIN\nAdministrateur des Finances\npubliques adjoint\nResponsable de la division\ngestion publique\nSigner les pi\u00e8ces et documents entrant dans les attributions de la\ndivision gestion publique.\nM. Fr\u00e9d\u00e9ric BENO\u00ceT\nInspecteur principal\ndes Finances publiques\nResponsable du service SPL, SFDL,\nanalyses financi\u00e8res\nSigner les pi\u00e8ces et documents entrant dans les attributions du\nservice SPL, SFDL, analyses financi\u00e8res.\nMme S\u00e9verine NICOLAS\nInspectrice des Finances publiques\nCEPL\nSigner  les  pi\u00e8ces  et  documents  entrant  dans  les  attributions\ncourantes du service relatives aux collectivit\u00e9s et \u00e9tablissements\npublics locaux (CEPL) ainsi que les comptes de gestion.\nM. Denis COSTE\nInspecteur des Finances publiques \nSFDL et expertises fiscales\nSigner  les  pi\u00e8ces  et  documents  entrant  dans  les  attributions\ncourantes du service relatives \u00e0 la fiscalit\u00e9 directe locale (SFDL) et\naux expertises fiscales.\nM. Brahim BENARAB\nInspecteur des Finances publiques\nSFDL et expertises fiscales\nSigner  les  pi\u00e8ces  et  documents  entrant  dans  les  attributions\ncourantes du service relatives \u00e0 la fiscalit\u00e9 directe locale (SFDL) et\naux expertises fiscales.\nMme Sylvie LAVENAN\nInspectrice des Finances publiques\nSigner  les  pi\u00e8ces  et  documents  entrant  dans  les  attributions\ncourantes du service relatives aux collectivit\u00e9s et \u00e9tablissements\npublics locaux (CEPL) ainsi que les comptes de gestion.\nSigner  les  pi\u00e8ces  et  documents  entrant  dans  les  attributions\ncourantes de la mission d\u00e9mat\u00e9rialisation et mon\u00e9tique.\nMme Sylvie LUCAS\nInspectrice des Finances publiques\nCharg\u00e9e de mission\nD\u00e9mat\u00e9rialisation et mon\u00e9tique\nSigner  les  pi\u00e8ces  et  documents  entrant  dans  les  attributions\ncourantes de la mission d\u00e9mat\u00e9rialisation et mon\u00e9tique.\nMme Florence TURCHI\nInspectrice des Finances publiques\nCharg\u00e9e de mission\nanalyses financi\u00e8res\nSigner  les  pi\u00e8ces  et  documents  entrant  dans  les  attributions\ncourantes de la mission analyses financi\u00e8res.\nMme Martine SAUVONNET\nInspectrice Divisionnaire\ndes Finances publiques\nResponsable du service\ncomptabilit\u00e9 de l'\u00c9tat et des recettes\nnon fiscales (produits divers de l'\u00c9tat)\nSigner les pi\u00e8ces et documents entrant dans les attributions du\nservice comptabilit\u00e9 de l'\u00c9tat et des recettes non fiscales (RNF).\nSigner  les lettres d'observation aux ordonnateurs,  les ordres de\npaiement li\u00e9s aux r\u00e9imputations de virements et aux cessions de\ncr\u00e9ances, les attestations de paiement, les bordereaux d'envoi. \nSigner les ch\u00e8ques sur le Tr\u00e9sor.\nSigner  tous  les  actes  de  poursuites  se rapportant  aux  produits\ndivers de l'\u00c9tat et notamment les d\u00e9cisions de remise gracieuse\ndans la limite de 10 000 \u20ac.\n7/12\nDirection d\u00e9partementale des Finances Publiques du Gard - 30-2025-11-25-00005 - D\u00e9cision de d\u00e9l\u00e9gation g\u00e9n\u00e9rale et d\u00e9l\u00e9gations\nsp\u00e9ciales de signature 28\nPr\u00e9nom, Nom, grade et fonction Nature d'\u00e9tendue de la d\u00e9l\u00e9gation\nM. Thomas DU MONCEAU\nDE BERGENDAL\nInspecteur des Finances publiques\nComptabilit\u00e9 g\u00e9n\u00e9rale\nSigner  les  pi\u00e8ces  et  documents  entrant  dans  les  attributions\ncourantes du service relatives \u00e0 la comptabilit\u00e9 g\u00e9n\u00e9rale, ainsi que\ncelles relatives \u00e0 la comptabilit\u00e9 des imp\u00f4ts et des amendes.\nSigner  les lettres d'observation aux ordonnateurs,  les ordres de\npaiement li\u00e9s aux r\u00e9imputations de virements et aux cessions de\ncr\u00e9ances, les attestations de paiement, les bordereaux d'envoi.\nSigner les ch\u00e8ques sur le Tr\u00e9sor.\nSigner  les  pi\u00e8ces  et  documents  entrant  dans  les  attributions\ncourantes des d\u00e9p\u00f4ts et services financiers (d\u00e9p\u00f4ts de fonds au\nTr\u00e9sor et caisse des d\u00e9p\u00f4ts).\nMme Nathalie PRIETO\nContr\u00f4leuse principale des Finances\npubliques\nComptabilit\u00e9 g\u00e9n\u00e9rale\nSigner  les  pi\u00e8ces  et  documents  entrant  dans  les  attributions\ncourantes du service relatives \u00e0 la comptabilit\u00e9 g\u00e9n\u00e9rale en cas\nd'absence de M. du MONCEAU de BERGENDAL.\nM. Julien BRUNEL\nContr\u00f4leur des Finances publiques\nComptabilit\u00e9 g\u00e9n\u00e9rale\nSigner  les  pi\u00e8ces  et  documents  entrant  dans  les  attributions\ncourantes du service relatives \u00e0 la comptabilit\u00e9 g\u00e9n\u00e9rale en cas\nd'absence de M. du MONCEAU de BERGENDAL.\nMme Val\u00e9rie CHARLES\nContr\u00f4leuse des Finances publiques\nComptabilit\u00e9 g\u00e9n\u00e9rale\nSigner  les  pi\u00e8ces  et  documents  entrant  dans  les  attributions\ncourantes du service relatives \u00e0 la comptabilit\u00e9 g\u00e9n\u00e9rale en cas\nd'absence de M. du MONCEAU de BERGENDAL.\nM. Valentin PEYRE\nContr\u00f4leur des Finances publiques\nComptabilit\u00e9 g\u00e9n\u00e9rale\nSigner  les  pi\u00e8ces  et  documents  entrant  dans  les  attributions\ncourantes du service relatives \u00e0 la comptabilit\u00e9 g\u00e9n\u00e9rale en cas\nd'absence de M. du MONCEAU de BERGENDAL.\nM. Thierry CERVILLA\nContr\u00f4leur des Finances publiques\nComptabilit\u00e9 g\u00e9n\u00e9rale\nSigner  les  pi\u00e8ces  et  documents  entrant  dans  les  attributions\ncourantes du service relatives \u00e0 la comptabilit\u00e9 g\u00e9n\u00e9rale en cas\nd'absence de M. du MONCEAU de BERGENDAL \nMme Marielle GUILLOT\nContr\u00f4leuse des Finances publiques\nComptabilit\u00e9 g\u00e9n\u00e9rale\nSigner  les  pi\u00e8ces  et  documents  entrant  dans  les  attributions\ncourantes du service relatives \u00e0 la comptabilit\u00e9 g\u00e9n\u00e9rale en cas\nd'absence de M. du MONCEAU de BERGENDAL \nMme  Noroarisoa RANDRIANATORO\nContr\u00f4leuse principale des Finances\npubliques\nCellule Comptabilit\u00e9 Imp\u00f4ts et\nAmendes\nSigner  les  pi\u00e8ces  et  documents  entrant  dans  les  attributions\ncourantes du service relatives \u00e0 la comptabilit\u00e9 g\u00e9n\u00e9rale et des\namendes en cas d'absence de M. du MONCEAU de BERGENDAL \nM. Jean Fran\u00e7ois ROUVIERE\nContr\u00f4leur des Finances publiques\nCellule Comptabilit\u00e9 Imp\u00f4ts et\nAmendes\nSigner  les  pi\u00e8ces  et  documents  entrant  dans  les  attributions\ncourantes du service relatives \u00e0 la comptabilit\u00e9 g\u00e9n\u00e9rale en cas\nd'absence de M. du MONCEAU de BERGENDAL \nM. Patrice BADIOU\nContr\u00f4leur principal des Finances\npubliques\nCellule DFT\nSigner  les  pi\u00e8ces  et  documents  entrant  dans  les  attributions\ncourantes de la cellule d\u00e9p\u00f4ts de fonds au Tr\u00e9sor (DFT).\nMme Val\u00e9rie MOUSTARDIER\nContractuelle\nCellule DFT\nSigner  les  pi\u00e8ces  et  documents  entrant  dans  les  attributions\ncourantes de la cellule d\u00e9p\u00f4ts de fonds au Tr\u00e9sor (DFT). \n8/12\nDirection d\u00e9partementale des Finances Publiques du Gard - 30-2025-11-25-00005 - D\u00e9cision de d\u00e9l\u00e9gation g\u00e9n\u00e9rale et d\u00e9l\u00e9gations\nsp\u00e9ciales de signature 29\nP\u00f4le Pilotage et Ressources\nDivision Ressources humaines, formation professionnelle\nPr\u00e9nom, Nom, grade et fonction Nature d'\u00e9tendue de la d\u00e9l\u00e9gation\nMme Carole BALAC\u00c9\nAdministratrice des Finances\npubliques adjointe\nResponsable de la division Ressources\nhumaines, formation professionnelle\nSigner  les  pi\u00e8ces  et  documents  entrant  dans  les  attributions\ncourantes  des  ressources  humaines  et  de  la  formation\nprofessionnelle  et  de  la  cellule  responsabilit\u00e9  personnelle  et\np\u00e9cuniaire des comptables.\nSigner  les  pi\u00e8ces  et  documents  entrant  dans  les  attributions\ncourantes du service formation professionnelle.\nMme Genevi\u00e8ve LONGUET\nInspectrice divisionnaire\ndes Finances publiques\nAdjointe \u00e0 la Responsable\nde la division Ressources humaines,\nformation professionnelle\nSigner  les  pi\u00e8ces  et  documents  entrant  dans  les  attributions\ncourantes  des  ressources  humaines  et  de  la  formation\nprofessionnelle  et  de  la  cellule  responsabilit\u00e9  personnelle  et\np\u00e9cuniaire des comptables, en cas d'absence de Mme BALAC\u00c9.\nSigner  les  pi\u00e8ces  et  documents  entrant  dans  les  attributions\ncourantes du service formation professionnelle.\nMme Martine BLACHAS\nInspectrice des Finances publiques\nService ressources humaines\nCorrespondante handicap locale\nSigner  les  pi\u00e8ces  et  documents  entrant  dans  les  attributions\ncourantes du service des ressources humaines, dont les pi\u00e8ces  et\ndocuments entrant dans l'ex\u00e9cution quotidienne de l'application\nFrais de D\u00e9placement (FDD).\nM David PASTOR\nInspecteur des Finances publiques\nService ressources humaines\nSigner  les  pi\u00e8ces  et  documents  entrant  dans  les  attributions\ncourantes du service des ressources humaines, dont les pi\u00e8ces et\ndocuments entrant dans l'ex\u00e9cution quotidienne de l'application\nFrais de D\u00e9placement (FDD).\nMme Nathalie MIDALI\nInspectrice des Finances publiques\nService ressources humaines\nService formation professionnelle\nSigner  les  pi\u00e8ces  et  documents  entrant  dans  les  attributions\ncourantes du service des ressources humaines, dont les pi\u00e8ces  et\ndocuments entrant dans l'ex\u00e9cution quotidienne de l'application\nFrais de D\u00e9placement (FDD).\nSigner  les  pi\u00e8ces  et  documents  entrant  dans  les  attributions\ncourantes du service formation professionnelle.\nMme Val\u00e9rie DAUBAGNAN\nContr\u00f4leuse principale\ndes Finances publiques\nG\u00e9rer  et  valider  les  demandes  de  remboursement  dans\nl'application Frais de D\u00e9placement (FDD).\nM. Nicolas NONIS\nContr\u00f4leur principal \ndes Finances publiques\nG\u00e9rer  et  valider  les  demandes  de  remboursement  dans\nl'application Frais de D\u00e9placement (FDD).\nMme St\u00e9phanie PICAURON\nContr\u00f4leuse des Finances publiques\nG\u00e9rer  et  valider  les  demandes  de  remboursement  dans\nl'application Frais de D\u00e9placement (FDD).\nM. Hassan DAOUDI\nContr\u00f4leur des Finances publiques\nG\u00e9rer  et  valider  les  demandes  de  remboursement  dans\nl'application Frais de D\u00e9placement (FDD).\nM. Olivier ROUAIX\nContr\u00f4leur des Finances publiques\nSigner  les  pi\u00e8ces  et  documents  entrant  dans  les  attributions\ncourantes  du  service  formation  professionnelle  en  l'absence  de\nMme MIDALI.\n9/12\nDirection d\u00e9partementale des Finances Publiques du Gard - 30-2025-11-25-00005 - D\u00e9cision de d\u00e9l\u00e9gation g\u00e9n\u00e9rale et d\u00e9l\u00e9gations\nsp\u00e9ciales de signature 30\nDivision Gestion des moyens budg\u00e9taires, immobiliers et logistique\nMissions domaniales et Politique Immobili\u00e8re\nAccompagnement du changement en mati\u00e8re de responsabilit\u00e9 environnementale\nPr\u00e9nom, Nom, grade et fonction Nature d'\u00e9tendue de la d\u00e9l\u00e9gation\nMme Christelle BRUNET\nAdministratrice des Finances\npubliques adjointe\nResponsable de la division\nSigner  les  pi\u00e8ces  et  documents  entrant  dans  les  attributions\ncourantes de la gestion des moyens budg\u00e9taires, immobiliers et\nlogistiques, des Missions domaniales et Politique Immobili\u00e8re et de\nl'accompagnement du changement en mati\u00e8re de responsabilit\u00e9\nenvironnementale.\nM Lilian CASSAULT\nInspecteur Principal\ndes Finances publiques\nResponsable du service Budget,\nImmobilier, Logistique\nSigner les pi\u00e8ces et documents entrant dans les attributions du\nservice  du  budget,  de  l'immobilier  et  de  la  logistique  et  de\nl'accompagnement du changement en mati\u00e8re de responsabilit\u00e9\nenvironnementale.\nMme V\u00e9ronique BOUZERAN\nInspectrice des Finances publiques\nen charge du Budget\nSigner  les  pi\u00e8ces  et  documents  entrant  dans  les  attributions\ncourantes du secteur budget.\nMme Fran\u00e7oise GAGNE\nContr\u00f4leuse principale\ndes Finances publiques\nSigner les pi\u00e8ces et documents attach\u00e9s \u00e0 l'ex\u00e9cution quotidienne\ndu budget en cas d'absence de Mme V\u00e9ronique BOUZERAN.\nM. Mathieu AUSINA\nInspecteur des Finances publiques\nen charge de l'Immobilier et de la\nlogistique\nSigner  les  pi\u00e8ces  et  documents  entrant  dans  les  attributions\ncourantes du secteur immobilier et logistique.\nMme Sylvie JUAN\nContr\u00f4leuse principale des Finances\npubliques\nSigner les pi\u00e8ces et documents attach\u00e9s \u00e0 l'ex\u00e9cution quotidienne\ndu secteur immobilier et logistique en cas d'absence de M. AUSINA\nMme S\u00e9verine LEGER\nContr\u00f4leuse des Finances publiques\nSigner les pi\u00e8ces et documents attach\u00e9s \u00e0 l'ex\u00e9cution quotidienne\ndu secteur immobilier et logistique en cas d'absence de M. AUSINA\nM. Hakim DRIOUECH\nContr\u00f4leur des Finances publiques\nSigner les pi\u00e8ces et documents attach\u00e9s \u00e0 l'ex\u00e9cution quotidienne\ndu secteur immobilier et logistique en cas d'absence de M. AUSINA\nM. Julien NICOLETTI\nAgent administratif principal des\nFinances publiques\nSigner les pi\u00e8ces et documents attach\u00e9s \u00e0 l'ex\u00e9cution quotidienne\ndu service immobilier et logistique en cas d'absence de M. AUSINA\nMme Catherine FONTANILLE\nContr\u00f4leuse principale\ndes Finances publiques\nSigner les pi\u00e8ces et documents attach\u00e9s \u00e0 l'ex\u00e9cution quotidienne\ndu service immobilier et logistique en cas d'absence de M. AUSINA\nAssistants de pr\u00e9vention et d\u00e9l\u00e9gu\u00e9s \u00e0 la s\u00e9curit\u00e9\nPr\u00e9nom, Nom, grade et fonction Nature d'\u00e9tendue de la d\u00e9l\u00e9gation\nM. Yassim BELLATRECHE\nInspecteur des Finances publiques\nAssistant de pr\u00e9vention\net d\u00e9l\u00e9gu\u00e9 \u00e0 la s\u00e9curit\u00e9\nSigner  les  pi\u00e8ces  et  documents  entrant  dans  les  attributions\ncourantes de sa mission.\n10/12\nDirection d\u00e9partementale des Finances Publiques du Gard - 30-2025-11-25-00005 - D\u00e9cision de d\u00e9l\u00e9gation g\u00e9n\u00e9rale et d\u00e9l\u00e9gations\nsp\u00e9ciales de signature 31\nMissions domaniales et Politique immobili\u00e8re\nIl est donn\u00e9 sur le fondement r\u00e9glementaire de l'article D. 1212-25 du code g\u00e9n\u00e9ral de la propri\u00e9t\u00e9 des\npersonnes publiques les d\u00e9l\u00e9gations sp\u00e9ciales suivantes :\nPr\u00e9nom, Nom, grade et fonction Nature d'\u00e9tendue de la d\u00e9l\u00e9gation\nMme Christelle BRUNET\nAdministratrice des Finances\npubliques adjointe\nResponsable de la division\nSigner  les  pi\u00e8ces  et  documents  entrant  dans  les  attributions\ncourantes de la gestion des moyens budg\u00e9taires, immobiliers et\nlogistique, des Missions domaniales et Politique Immobili\u00e8re et de\nl'accompagnement du changement en mati\u00e8re de responsabilit\u00e9\nenvironnementale.\n\u00c9mettre les avis d'\u00e9valuation domaniale dans la limite \nd'  1 500 000 \u20ac\nEmettre les avis d'\u00e9valuation domaniale sans limite de montant en\ncas  d'absence  de   Mme  BESSOU-NICAISE  et  de  Mme  C\u00e9line\nHERBEPIN\nMme Morgane LACROIX\nInspectrice Principale des Finances\npubliques\nResponsable France Domaine\nCorrespondante d\u00e9partementale de\nla politique immobili\u00e8re de l'\u00c9tat\nSigner les pi\u00e8ces et documents entrant dans les attributions de\nFrance Domaine.\n\u00c9mettre les avis d'\u00e9valuation domaniale dans la limite de :\n- 1 000 000 \u20ac pour les estimations en valeur v\u00e9nale d'immeubles\net des fonds de commerce \n- 150 000 \u20ac pour les estimations en valeur locative\nMme Rachel BARKAT\nInspectrice des Finances publiques\n\u00c9mettre les avis d'\u00e9valuation domaniale dans la limite de :\n- 500 000 \u20ac pour les estimations en valeur v\u00e9nale d'immeubles et\ndes fonds de commerce ;\n- 50 000 \u20ac pour les estimations en valeur locative\nMme Elisabeth HARNICHARD\nInspectrice des Finances publiques\nEmettre les avis d'\u00e9valuation domaniale dans la limite de :\n- 500 000 \u20ac pour les estimations en valeur v\u00e9nale d'immeubles et\ndes fonds de commerce ;\n- 50 000 \u20ac pour les estimations en valeur locative\nM. Fran\u00e7ois DAGOLDI\nInspecteur des Finances publiques\nEmettre les avis d'\u00e9valuation domaniale dans la limite de :\n- 500 000 \u20ac pour les estimations en valeur v\u00e9nale d'immeubles et\ndes fonds de commerce ;\n- 50 000 \u20ac pour les estimations en valeur locative\nMme  Chlo\u00e9 CHAUVENET\nInspectrice des Finances publiques\nEmettre les avis d'\u00e9valuation domaniale dans la limite de :\n- 500 000 \u20ac pour les estimations en valeur v\u00e9nale d'immeubles et\ndes fonds de commerce ;\n- 50 000 \u20ac pour les estimations en valeur locative\nMme Laure BONZI \nInspectrice stagiaire des Finances\npubliques \nEmettre les avis d'\u00e9valuation domaniale dans la limite de :\n- 200 000 \u20ac pour les estimations en valeur v\u00e9nale d'immeubles et\ndes fonds de commerce ;\n- 40 000 \u20ac pour les estimations en valeur locative\nMme Nadine  JIVA LILA\nInspectrice stagiaire des Finances\npubliques\nEmettre les avis d'\u00e9valuation domaniale dans la limite de :\n- 200 000 \u20ac pour les estimations en valeur v\u00e9nale d'immeubles et\ndes fonds de commerce ;\n- 40 000 \u20ac pour les estimations en valeur locative\n11/12\nDirection d\u00e9partementale des Finances Publiques du Gard - 30-2025-11-25-00005 - D\u00e9cision de d\u00e9l\u00e9gation g\u00e9n\u00e9rale et d\u00e9l\u00e9gations\nsp\u00e9ciales de signature 32\nDivision Ma\u00eetrise Strat\u00e9gie , communication et relations usagers\nPr\u00e9nom, Nom, grade et fonction Nature d'\u00e9tendue de la d\u00e9l\u00e9gation\nM. Philippe MERLI\nInspecteur divisionnaire\ndes Finances publiques\nResponsable de la division ma\u00eetrise\nd'activit\u00e9, strat\u00e9gie et grands projets\nSigner toutes les pi\u00e8ces relatives au contr\u00f4le de gestion.\nSigner toutes les pi\u00e8ces relatives \u00e0 la division strat\u00e9gie , \ncommunication et relations usagers,\nMme Mathilde DELEMOTTE\nInspectrice\ndes Finances publiques\nSigner toutes les pi\u00e8ces relatives au contr\u00f4le de gestion.\nSigner  les  pi\u00e8ces  et  documents  entrant  dans  les  attributions\ncourantes  de  division  strat\u00e9gie  ,  communication  et  relations\nusagers en cas d'absence de M. MERLI.\nMme Julie SALANI\u00c9\nContr\u00f4leuse des Finances publiques\nSigner toutes les pi\u00e8ces relatives au contr\u00f4le de gestion.\nSigner  les  pi\u00e8ces  et  documents  entrant  dans  les  attributions\ncourantes  de  division  strat\u00e9gie  ,  communication  et  relations\nusagers en cas d'absence de M. MERLI.\nOutre  ces  d\u00e9l\u00e9gations  sp\u00e9cifiques,  tous  les  responsables  de  division,  inspecteurs\nprincipaux des finances publiques, inspecteurs divisionnaires des finances publiques\net inspecteurs des finances publiques du p\u00f4le m\u00e9tiers de la direction d\u00e9partementale\ndes  finances  publiques  figurant  nominativement  sur  cette  liste  ont  re\u00e7u\nconcurremment pouvoir de signer les documents limitativement \u00e9num\u00e9r\u00e9s ci-apr\u00e8s :\n\uf0b7 les d\u00e9clarations de recettes et les r\u00e9c\u00e9piss\u00e9s,\n\uf0b7 les reconnaissances de d\u00e9p\u00f4ts de titres et valeurs,\n\uf0b7 les avis de r\u00e8glement entre comptables,\n\uf0b7 les ordres de paiement,\n\uf0b7 les endos et les acquits de ch\u00e8ques et effets de commerce divers,\n\uf0b7 les visa et avis de visa de tous ch\u00e8ques,\n\uf0b7 les mandats de d\u00e9placement,\n\uf0b7 les autorisations de paiement pour mon compte dans d'autres d\u00e9partements, \u00e0\nl'\u00e9tranger ou par divers agents comptables,\n\uf0b7 les certifications de r\u00e8glement sur les mandats, ordres de paiement, documents\ncomptables divers et de signature,\n\uf0b7 les proc\u00e8s-verbaux de remise de titres de pension,\n\uf0b7 les ordres de virement \u00e0 la Banque de France.\nArticle 4 : La pr\u00e9sente d\u00e9cision prend effet \u00e0 compter du 1er novembre 2025.\nElle sera publi\u00e9e au recueil des actes administratifs du d\u00e9partement du Gard.\nL'Administratrice de l'\u00c9tat,\nDirectrice d\u00e9partementale des Finances publiques du Gard,\nSign\u00e9\nChristine BESSOU-NICAISE\n12/12\nDirection d\u00e9partementale des Finances Publiques du Gard - 30-2025-11-25-00005 - D\u00e9cision de d\u00e9l\u00e9gation g\u00e9n\u00e9rale et d\u00e9l\u00e9gations\nsp\u00e9ciales de signature 33\nDirection D\u00e9partementale des Tetrritoires et de\nla Mer du Gard\n30-2025-11-25-00002\narr\u00eat\u00e9 de retrait d'une d\u00e9claration pr\u00e9alable n\u00b0\nDP 030 141 25 00080 d\u00e9pos\u00e9e par SASU GCC\npour l'installation d'une centrale photovolta\u00efque\nau sol sur la commune de LAUDUN L'ARDOISE\nDirection D\u00e9partementale des Tetrritoires et de la Mer du Gard - 30-2025-11-25-00002 - arr\u00eat\u00e9 de retrait d'une d\u00e9claration pr\u00e9alable\nn\u00b0 DP 030 141 25 00080 d\u00e9pos\u00e9e par SASU GCC pour l'installation d'une centrale photovolta\u00efque au sol sur la commune de LAUDUN\nL'ARDOISE\n34\ndossier n\u00b0 DP 030 141 25 00080|Oy GARD date de d\u00e9p\u00f4t : 18 juillet 2025Libert\u00e9 demandeur : SASU GCC, repr\u00e9sent\u00e9 par\u00c9galit\u00e9 | Monsieur TESTE DU BAILLER Andr\u00e9-Fraternit\u00e9 Fran\u00e7ois| pour : Installation d'une centralephotovolta\u00efque.adresse terrain : 515 RTE de Bagnols, \u00e0Laudun-l'Ardoise (30290)ARR\u00caT\u00c9 N\u00b0portant retrait d'une d\u00e9claration pr\u00e9alableau nom de l'\u00c9tatLe pr\u00e9fet du Gard,Chevalier de la l\u00e9gion d'honneur,Officier de l'ordre national du m\u00e9rite,Vu le code de l'urbanisme ;Vu le plan local d'urbanisme approuv\u00e9 le 18/07/2003, modifi\u00e9 le 30/06/2005, r\u00e9vis\u00e9 le13/04/2007, modifi\u00e9 le 25/06/2024;Vu l'arr\u00eat\u00e9 n\u00b0 30-2024-03-21-00007 du 21/03/2024 donnant d\u00e9l\u00e9gation de signature du pr\u00e9fet\u00e0 M. FERRA S\u00e9bastien, directeur d\u00e9partemental des territoires et de la mer du Gard;VU la d\u00e9cision n\u00b0 2025-SF-AGO2 publi\u00e9e au RAA n\u00b0 30-2025-09-01-00001 portantsubd\u00e9l\u00e9gation de signature du directeur d\u00e9partemental des territoires et de la mer du Gard \u00e0Mme ARRIGHI Lolita, cheffe de service am\u00e9nagement territorial C\u00e9vennes ;Vu la d\u00e9cision de non-opposition tacite en date du 08/11/2025 ;Vu la demande de retrait d\u00e9pos\u00e9e le 21/11/2025 ;ARR\u00caTEArticle 1La d\u00e9cision de non-opposition \u00e0 la d\u00e9claration pr\u00e9alable susvis\u00e9e est RETIR\u00c9E.Le pr\u00e9fet, 25 OV. 2025pour le pr\u00e9fet et par d\u00e9l\u00e9gation,La cheffe de service am\u00e9nagement territorial C\u00e9vennesLa Cheffe du ServiceAm\u00e9nagement Territoriald lesARRIGHILa pr\u00e9sente d\u00e9cision peut faire l'objet d'un recours contentieux devant le tribunal administratifterritorialement comp\u00e9tent dans le d\u00e9lai de deux mois a compter de la date de sa notification. Cerecours peut \u00eatre effectu\u00e9 au moyen de l'application informatique \"T\u00e9l\u00e9recours citoyens\" accessiblepar le site internet www.telerecours.fr.\nDirection D\u00e9partementale des Tetrritoires et de la Mer du Gard - 30-2025-11-25-00002 - arr\u00eat\u00e9 de retrait d'une d\u00e9claration pr\u00e9alable\nn\u00b0 DP 030 141 25 00080 d\u00e9pos\u00e9e par SASU GCC pour l'installation d'une centrale photovolta\u00efque au sol sur la commune de LAUDUN\nL'ARDOISE\n35\nDirection D\u00e9partementale des Tetrritoires et de\nla Mer du Gard\n30-2025-11-28-00002\nArr\u00eat\u00e9 portant prescriptions particuli\u00e8res \u00e0\nd\u00e9claration au titre de l'article L.214-3 du code\nde l'environnement concernant la cr\u00e9ation d'un\nparc photovolta\u00efque par URBA 389 sur la\ncommune de Saint-Jean-du-Pin\nDirection D\u00e9partementale des Tetrritoires et de la Mer du Gard - 30-2025-11-28-00002 - Arr\u00eat\u00e9 portant prescriptions particuli\u00e8res \u00e0\nd\u00e9claration au titre de l'article L.214-3 du code de l'environnement concernant la cr\u00e9ation d'un parc photovolta\u00efque par URBA 389 sur\nla commune de Saint-Jean-du-Pin\n36\nE |PREFETDU GARDLibert\u00e9Egalit\u00e9Fraternit\u00e9\nDirection d\u00e9partementale\ndes territoires et de la mer\nService Eau et Nature\nARR\u00caT\u00c9 N\u00b0\nPortant prescriptions particuli\u00e8res \u00e0 d\u00e9claration \nau titre de l'article L.214-3 du code de l'environnement \nconcernant la cr\u00e9ation d'un parc photovolta\u00efque par URBA 389\nsur la commune de Saint-Jean-du-Pin\nLe Pr\u00e9fet du Gard\nChevalier de la L\u00e9gion d'honneur\nOfficier de l'ordre national du M\u00e9rite \nVU la directive n\u00b0 2000/60/CE du Parlement Europ\u00e9en et du Conseil du 23 octobre 2000, \u00e9tablissant \nun cadre pour une politique communautaire dans le domaine de l'eau ;\nVU le code de l'environnement ;\nVU le code civil ;\nVU Le d\u00e9cret du 13 juillet 2023 nommant M. J\u00e9r\u00f4me BONET, pr\u00e9fet du Gard ;\nVU L'arr\u00eat\u00e9 pr\u00e9fectoral n\u00b030-2024-03-21-00007 du 30 avril 2024 portant d\u00e9l\u00e9gation de signature \u00e0  \nM. S\u00e9bastien FERRA, directeur d\u00e9partemental des territoires et de la mer (DDTM) du Gard ;\nVu la d\u00e9cision de M. S\u00e9bastien FERRA, directeur d\u00e9partemental des territoires et de la mer du Gard, \nportant subd\u00e9l\u00e9gation de signature aux agents de la direction d\u00e9partementale des territoires et de  \nla mer du Gard ;\nVU L'arr\u00eat\u00e9 n\u00b022-064 du pr\u00e9fet coordonnateur de bassin du 21 mars 2022 portant approbation du  \nSch\u00e9ma Directeur d'Am\u00e9nagement et de Gestion des Eaux (SDAGE) 2022-2027 du bassin Rh\u00f4ne  \nM\u00e9diterran\u00e9e ;\nVU le dossier de d\u00e9claration pr\u00e9sent\u00e9 par URBA 389, enregistr\u00e9 au titre de l'article L.  214-3 du code \nde l'environnement le 27 septembre 2022, sous le n\u00b0 30-2022-0100005957 et relatif \u00e0 la cr\u00e9ation  \nd'un parc photovolta\u00efque sur la commune de Saint-Jean-du-Pin ;\nVU le courrier d'accord sur dossier de d\u00e9claration avant \u00e9ch\u00e9ance du d\u00e9lai de 2 mois du 31 mars  \n2023 ;\nVU le courrier de demande par le b\u00e9n\u00e9ficiaire de prorogation du d\u00e9lai de validit\u00e9 de la d\u00e9claration  \nsus-vis\u00e9, re\u00e7u le 28 octobre 2025 ;\nCONSID\u00c9RANT que la dur\u00e9e initiale de validit\u00e9 de la d\u00e9claration sus-vis\u00e9e est de 3 ans \u00e0 compter  \ndu 31 mars 2023 et que la d\u00e9claration cesse de produire effet le 31 mars 2026 si elle n'a pas \u00e9t\u00e9 mise \nen \u0153uvre ;\nCONSID\u00c9RANT que le b\u00e9n\u00e9ficiaire \u00e9voque \u00e0 l'appui de sa demande de prorogation des contraintes \nli\u00e9es au d\u00e9lai dans lequel doit intervenir la mise \u00e0 disposition du raccordement par le gestionnaire  \ndu r\u00e9seau public de distribution Enedis ainsi que le respect du calendrier \u00e9cologique de moindre  \nimpact impos\u00e9 par l'arr\u00eat\u00e9 de permis de construire n\u00b030-2024-05-00002 du 5 juillet 2024 ;\nDirection D\u00e9partementale des Tetrritoires et de la Mer du Gard - 30-2025-11-28-00002 - Arr\u00eat\u00e9 portant prescriptions particuli\u00e8res \u00e0\nd\u00e9claration au titre de l'article L.214-3 du code de l'environnement concernant la cr\u00e9ation d'un parc photovolta\u00efque par URBA 389 sur\nla commune de Saint-Jean-du-Pin\n37\nCONSID\u00c9RANT que ces \u00e9l\u00e9ments les contraignent \u00e0 d\u00e9caler le d\u00e9but du chantier \u00e0 septembre  \n2026;\nCONSID\u00c9RANT que la demande de prorogation du d\u00e9lai de validit\u00e9 sus-vis\u00e9e est ainsi justifi\u00e9e ;\nSUR PROPOSITION de Monsieur le directeur d\u00e9partemental des territoires et de la mer du Gard.\nARR\u00caTE\nTITRE I : OBJET DE LA DECLARATION\nARTICLE 1 : Objet de la d\u00e9claration\nIl est donn\u00e9 acte \u00e0 URBA 389, 75 All\u00e9e Wilhelm Roentgen, CS 40935 \u2013 34961 Montpellier cedex 2,  \nci-apr\u00e8s  d\u00e9nomm\u00e9  le  b\u00e9n\u00e9ficiaire,  du  prolongement  de  2  ans  de  la  dur\u00e9e  de  validit\u00e9  de  la \nd\u00e9claration  n\u00b0  30-2022-0100005957  en  application  de  l'article  L  214-40-3  du  code  de  \nl'environnement,  sous  r\u00e9serve  des  prescriptions  \u00e9nonc\u00e9es  aux  articles  suivants,  concernant  la \ncr\u00e9ation d'un parc photovolta\u00efque sur la commune de Saint-Jean-du-Pin ;\nARTICLE 2 : Validit\u00e9 de la d\u00e9claration\nEn application de l'article R214-40-3 du code de l'environnement, la d\u00e9claration cesse de produire  \neffet, sauf demande justifi\u00e9e de prorogation, si l'ouvrage n'est pas construit ou pas mis en service  \navant le 31 mars 2028.\nARTICLE 3 : Autres r\u00e9glementations\nLe pr\u00e9sent arr\u00eat\u00e9 ne dispense en aucun cas le b\u00e9n\u00e9ficiaire de faire les d\u00e9clarations ou d'obtenir les  \nautorisations requises par d'autres r\u00e9glementations.\nARTICLE 4 : Voies et d\u00e9lais de recours\nLe  pr\u00e9sent  arr\u00eat\u00e9  est  susceptible  de  recours  devant  le  tribunal  administratif  territorialement \ncomp\u00e9tent, conform\u00e9ment \u00e0 l'article R514-3-1 du Code de l'environnement dans les conditions  \nsuivantes :\n1\u00b0 Par les p\u00e9titionnaires ou exploitants, dans un d\u00e9lai de deux mois \u00e0 compter du jour o\u00f9 la d\u00e9cision  \nleur a \u00e9t\u00e9 notifi\u00e9e ;\n2\u00b0 Par les tiers int\u00e9ress\u00e9s en raison des inconv\u00e9nients ou des dangers pour les int\u00e9r\u00eats mentionn\u00e9s \u00e0  \nl'article 211-1 du code de l'environnement dans un d\u00e9lai de deux mois \u00e0 compter de l'affichage en  \nmairie dans les conditions pr\u00e9vues \u00e0 l'article R214-37 du code de l'environnement ou la publication  \nde la d\u00e9cision sur le site internet de la pr\u00e9fecture dans les conditions d\u00e9finies au m\u00eame article.\nLe d\u00e9lai court \u00e0 compter de la derni\u00e8re formalit\u00e9 accomplie. Si l'affichage constitue cette derni\u00e8re  \nformalit\u00e9, le d\u00e9lai court \u00e0 compter du premier jour d'affichage de la d\u00e9cision.\nLes tiers peuvent \u00e9galement d\u00e9poser une r\u00e9clamation apr\u00e8s la mise en service, aux seules fins de  \ncontester l'insuffisance ou l'inadaptation des prescriptions de l'arr\u00eat\u00e9 : le pr\u00e9fet dispose de 2 mois  \npour y r\u00e9pondre. En cas de rejet implicite ou explicite, les int\u00e9ress\u00e9s disposent d'un d\u00e9lai de 2 mois  \npour se pourvoir contre cette d\u00e9cision.\nLe tribunal administratif peut aussi \u00eatre saisi par l'application informatique \u00ab  telerecours citoyens \u00bb \naccessible par le site internet www.telerecours.fr\nARTICLE 5 : Publication et information des tiers\nUne copie du pr\u00e9sent arr\u00eat\u00e9 sera transmise \u00e0 la mairie de la commune de Saint-Jean-du-Pin,  pour \naffichage pendant une dur\u00e9e minimale d'un mois, \nDirection D\u00e9partementale des Tetrritoires et de la Mer du Gard - 30-2025-11-28-00002 - Arr\u00eat\u00e9 portant prescriptions particuli\u00e8res \u00e0\nd\u00e9claration au titre de l'article L.214-3 du code de l'environnement concernant la cr\u00e9ation d'un parc photovolta\u00efque par URBA 389 sur\nla commune de Saint-Jean-du-Pin\n38\nCes informations seront mises \u00e0 disposition du public sur le site Internet de la pr\u00e9fecture du GARD  \npendant une dur\u00e9e d'au moins 6 mois.\nARTICLE 6 : Droits des tiers\nLes droits des tiers sont et demeurent express\u00e9ment r\u00e9serv\u00e9s.\nARTICLE 7 : Ex\u00e9cution\nLe secr\u00e9taire g\u00e9n\u00e9ral de la pr\u00e9fecture du Gard, le maire de la commune de  Saint-Jean-du-Pin, le  \ndirecteur  d\u00e9partemental  des  territoires  et  de  la  mer  du  Gard,  le  directeur  r\u00e9gional  de \nl'environnement  de  l'am\u00e9nagement  et  du  logement  de  la  r\u00e9gion  Occitanie,  le  chef  de  service \nd\u00e9partemental de l'office fran\u00e7ais de la biodiversit\u00e9 du Gard, sont charg\u00e9s, chacun en ce qui le  \nconcerne, de l'ex\u00e9cution du pr\u00e9sent arr\u00eat\u00e9, qui sera publi\u00e9 au recueil des actes administratifs de la  \npr\u00e9fecture du Gard, et dont une copie sera tenue \u00e0 la disposition du public dans la mairie de  Saint-\nJean-du-Pin.\nA N\u00eemes, le 28/11/2025\n                                                                                           Le pr\u00e9fet,\n                                                                                               SIGN\u00c9\nPour le pr\u00e9fet et par d\u00e9l\u00e9gation \np/le directeur d\u00e9partemental des \nterritoires\net de la mer du Gard et par \nd\u00e9l\u00e9gation\nla cheffe du service eau et nature\nDirection D\u00e9partementale des Tetrritoires et de la Mer du Gard - 30-2025-11-28-00002 - Arr\u00eat\u00e9 portant prescriptions particuli\u00e8res \u00e0\nd\u00e9claration au titre de l'article L.214-3 du code de l'environnement concernant la cr\u00e9ation d'un parc photovolta\u00efque par URBA 389 sur\nla commune de Saint-Jean-du-Pin\n39\nDirection D\u00e9partementale des Tetrritoires et de\nla Mer du Gard\n30-2025-11-26-00001\nArr\u00eat\u00e9 portant prescriptions sp\u00e9cifiques au titre\ndes articles L.214-1 \u00e0 L.214-6 du code de\nl'environnement applicables \u00e0 l'ouvrage de\nstockage \u00e0 usage d'irrigation agricole exploit\u00e9\npar l'EARL DIAZ Didier et Patrick sur la commune\nde Mons\nDirection D\u00e9partementale des Tetrritoires et de la Mer du Gard - 30-2025-11-26-00001 - Arr\u00eat\u00e9 portant prescriptions sp\u00e9cifiques au\ntitre des articles L.214-1 \u00e0 L.214-6 du code de l'environnement applicables \u00e0 l'ouvrage de stockage \u00e0 usage d'irrigation agricole exploit\u00e9\npar l'EARL DIAZ Didier et Patrick sur la commune de Mons\n40\nEnPREFETDU GARDLibert\u00e9Egalit\u00e9Fraternit\u00e9\nDirection d\u00e9partementale\ndes territoires et de la mer\nService eau et risques\nUnit\u00e9 politiques de l'eau et gestion quantitative\nR\u00e9f : 30-2025-0100292494\nARR\u00caT\u00c9 N\u00b0\nportant prescriptions sp\u00e9cifiques au titre des articles L.214-1 \u00e0 L.214-6 du code de l'environnement \napplicables \u00e0 l'ouvrage de stockage \u00e0 usage d'irrigation agricole exploit\u00e9 par l'EARL DIAZ Didier et Patrick\nsur la commune de Mons\nLe pr\u00e9fet du Gard\nChevalier de la L\u00e9gion d'honneur\nOfficier de l'Ordre national du m\u00e9rite\nVU La directive n\u00b0  2000-60 du Parlement Europ\u00e9en et du Conseil du 23 octobre 2000 \u00e9tablissant un  \ncadre pour une politique communautaire dans le domaine de l'eau ;\nVU Le code de l'environnement ;\nVU Le code civil ;\nVU La loi n\u00b02006-1772 du 30 d\u00e9cembre 2006 sur l'eau et les milieux aquatiques ;\nVU Le d\u00e9cret du 13 juillet 2023 portant nomination du pr\u00e9fet du Gard \u2013 M. BONET J\u00e9r\u00f4me ;\nVU L'arr\u00eat\u00e9  du  pr\u00e9fet  coordonnateur  de  bassin  du  21  mars  2022  portant  approbation  du  sch\u00e9ma \ndirecteur  d'am\u00e9nagement  et  de  gestion  des  eaux  du  bassin  Rh\u00f4ne  M\u00e9diterran\u00e9e  et  arr\u00eatant  le \nprogramme pluriannuel de mesures correspondant (SDAGE RM pour la p\u00e9riode 2022-2027) ;\nVU L'arr\u00eat\u00e9 inter-pr\u00e9fectoral n\u00b0 30-215-12-18-001 du 18 d\u00e9cembre 2015 portant approbation du sch\u00e9ma  \nd'am\u00e9nagement et de gestion des eaux (SAGE) des Gardons ;\nVU L'arr\u00eat\u00e9 du 9 juin 2021 fixant les prescriptions techniques g\u00e9n\u00e9rales applicables aux plans d'eau, y  \ncompris en ce qui concerne les modalit\u00e9s de vidange, relevant de la rubrique 3.2.3.0 de la nomenclature  \nannex\u00e9e \u00e0 l'article R.214-1 du code de l'environnement ;\nVU L'arr\u00eat\u00e9 pr\u00e9fectoral n\u00b0 2008-185-5 du 3 juillet 2008 portant approbation du plan de pr\u00e9vention des  \nrisques inondation du Gardon amont ;\nVU L'arr\u00eat\u00e9 pr\u00e9fectoral n\u00b0 30-2024-03-21-00007 du 21 mars 2024 donnant d\u00e9l\u00e9gation de signature en  \nmati\u00e8re d'administration g\u00e9n\u00e9rale \u00e0 M. S\u00e9bastien FERRA, directeur d\u00e9partemental des territoires et de la  \nmer ;\nVU La  d\u00e9cision  n\u00b02025-SF-AG01  du  21  mars  2025  portant  subd\u00e9l\u00e9gation  de  signature  en  mati\u00e8re \nd'administration g\u00e9n\u00e9rale ;\n1\n89, rue Weber \u2013 30907 NIMES CEDEX 2\nT\u00e9l : 04 66 62 62 00 - Fax : 04 66 23 28 79 - www.gard.gouv.fr\nDirection D\u00e9partementale des Tetrritoires et de la Mer du Gard - 30-2025-11-26-00001 - Arr\u00eat\u00e9 portant prescriptions sp\u00e9cifiques au\ntitre des articles L.214-1 \u00e0 L.214-6 du code de l'environnement applicables \u00e0 l'ouvrage de stockage \u00e0 usage d'irrigation agricole exploit\u00e9\npar l'EARL DIAZ Didier et Patrick sur la commune de Mons\n41\nVU Le  plan  de  gestion  quantitative  de  la  ressource  en  eau  (PGRE)  du  bassin  versant  des  Gardons \napprouv\u00e9 par le pr\u00e9fet le 28 d\u00e9cembre 2018 ;\nVU Le dossier de demande d\u00e9pos\u00e9 au titre des articles L.214-1 \u00e0 L.214-6 du code de l'environnement, re\u00e7u \ncomplet et r\u00e9gulier le 24 juin 2025, et enregistr\u00e9 sous le n\u00b0 30-2025-0100292494 ;\nVU L'avis de l'office fran\u00e7ais de la biodiversit\u00e9 sur le dossier de demande d\u00e9pos\u00e9, sollicit\u00e9 le 27 juin 2025  \net rendu le 24 juillet 2025 ;\nVU L'avis de l'\u00e9tablissement public territorial du bassin versant des Gardons, sollicit\u00e9 le 27 juin 2025 et  \nrendu le 1er ao\u00fbt 2025 ;\nVU L'avis du p\u00e9titionnaire sur le projet d'arr\u00eat\u00e9 de prescriptions compl\u00e9mentaires sollicit\u00e9 le 14 ao\u00fbt 2025 \net re\u00e7u le 13 novembre 2025 ;\nCONSIDERANT Que le bassin versant des Gardons est class\u00e9 au SDAGE Rh\u00f4ne-M\u00e9diterran\u00e9e en bassin  \nversant en d\u00e9s\u00e9quilibre quantitatif sur lequel des actions relatives aux pr\u00e9l\u00e8vements sont n\u00e9cessaires  \npour l'atteinte du bon \u00e9tat des eaux ;\nCONSIDERANT Que le bassin de stockage (ou plan d'eau) cr\u00e9\u00e9 sur la commune de Mons (parcelles  \nagricoles C 1188 et C 660) pr\u00e9sente une capacit\u00e9 estim\u00e9e \u00e0 26 200 m\u00b3 et une surface miroir de 6 890 m\u00b2 ;\nCONSIDERANT Que le bassin de stockage est int\u00e9gralement aliment\u00e9 par les eaux de ruissellement  \ntransitant par un foss\u00e9 bordant les parcelles sus-cit\u00e9es ;\nCONSIDERANT Que  le  bassin  de  stockage  est  utilis\u00e9  pour  l'irrigation  de  cultures  diverses  (10 ha  de \nsemences tournesol, oignons et sorgho) sur la p\u00e9riode de mai \u00e0 ao\u00fbt ;\nCONSIDERANT Que  l'emprise  du  bassin  de  stockage  n'empi\u00e8te  pas  sur  d'\u00e9ventuelles  surfaces  non \nagricoles pr\u00e9sentant un int\u00e9r\u00eat majeur pour la biodiversit\u00e9 ;\nCONSIDERANT Que  les  conditions  de  r\u00e9alisation  et  d'\u00e9quipement  de  l'ouvrage  de  stockage  sont \nconformes  aux  dispositions  de  l'arr\u00eat\u00e9  du  9  juin  2021  fixant  les  prescriptions  techniques  g\u00e9n\u00e9rales \napplicables aux plans d'eau, y compris en ce qui concerne les modalit\u00e9s de vidange, relevant de la  \nrubrique 3.2.3.0 de la nomenclature annex\u00e9e \u00e0 l'article R.214-1 du code de l'environnement ;\nCONSIDERANT Que la demande et les engagements du p\u00e9titionnaire doivent \u00eatre compl\u00e9t\u00e9es par des  \nprescriptions compl\u00e9mentaires de gestion permettant de garantir la pr\u00e9servation des int\u00e9r\u00eats vis\u00e9s \u00e0  \nl'article L.211-1 du code de l'environnement et de respecter les dispositions du SDAGE et du PGRE ;\nSUR PROPOSITION de Monsieur le directeur d\u00e9partemental des territoires et de la mer du Gard\nARR\u00caTE\nARTICLE 1 : Objet de l'autorisation\nLe b\u00e9n\u00e9ficiaire, l'EARL DIAZ Didier et Patrick, domicili\u00e9 au 218 chemin du Moulin 30340 Mons, dispose, en \napplication des articles L.214-1 \u00e0 L.214-6 du code de l'environnement et sous r\u00e9serve de la r\u00e9alisation et  \ndu respect des prescriptions \u00e9nonc\u00e9es aux articles suivants, de l'autorisation d'exploiter l'ouvrage de  \nstockage cit\u00e9 ci-apr\u00e8s, situ\u00e9s sur la commune de Mons.\nLa pr\u00e9sente autorisation tient lieu de :\n\u2022 prescriptions sp\u00e9cifiques,  au titre des articles L.214-1 \u00e0 L.214-6 du code de l'environnement, \u00e0  \nl'ensemble des ouvrages, installations, travaux et activit\u00e9s mentionn\u00e9s ci-apr\u00e8s.\nLe b\u00e9n\u00e9ficiaire n'est pas autoris\u00e9 \u00e0 pr\u00e9lever l'eau dans le milieu naturel ou \u00e0 stocker l'eau \u00e0 partir  \nd'ouvrages non list\u00e9s dans le pr\u00e9sent arr\u00eat\u00e9.\n2\n89, rue Weber \u2013 30907 NIMES CEDEX 2\nT\u00e9l : 04 66 62 62 00 - Fax : 04 66 23 28 79 - www.gard.gouv.fr\nDirection D\u00e9partementale des Tetrritoires et de la Mer du Gard - 30-2025-11-26-00001 - Arr\u00eat\u00e9 portant prescriptions sp\u00e9cifiques au\ntitre des articles L.214-1 \u00e0 L.214-6 du code de l'environnement applicables \u00e0 l'ouvrage de stockage \u00e0 usage d'irrigation agricole exploit\u00e9\npar l'EARL DIAZ Didier et Patrick sur la commune de Mons\n42\nLes rubriques d\u00e9finies au tableau de l'article R.214-1 du code de l'environnement concern\u00e9es par cette  \nop\u00e9ration sont les suivantes :\nRubrique Intitul\u00e9 R\u00e9gime\nArr\u00eat\u00e9 de \nprescriptions \ng\u00e9n\u00e9rales \ncorrespondant\n3.2.3.0 Plans d'eau, permanents ou non :\n1\u00b0 Dont la superficie est sup\u00e9rieure ou \u00e9gale \u00e0 3 ha (A) ;\n2\u00b0 Dont la superficie est sup\u00e9rieure \u00e0 0,1  ha mais inf\u00e9rieure \u00e0 3  ha \n(D).\nNe  constituent  pas  des  plans  d'eau  au  sens  de  la  pr\u00e9sente \nrubrique les \u00e9tendues d'eau r\u00e9glement\u00e9es au titre des rubriques  \n2.1.1.0., 2.1.5.0. et 3.2.5.0. de la pr\u00e9sente nomenclature, ainsi que  \ncelles  demeurant  en  lit  mineur  r\u00e9glement\u00e9es  au  titre  de  la \nrubrique 3.1.1.0.\nLes modalit\u00e9s de vidange de ces plans d'eau sont d\u00e9finies dans le  \ncadre des actes d\u00e9livr\u00e9s au titre de la pr\u00e9sente rubrique.\nD\u00e9claration Arr\u00eat\u00e9 du 9 juin  \n2021\nARTICLE 2 : Prescriptions relatives aux ouvrages\nLa  r\u00e9alisation  et  le  dimensionnement  des  ouvrages  sont  en  tout  points  conformes  au  dossier  de \nd\u00e9claration, et respectent les prescriptions des articles ci-apr\u00e8s. \nL'exploitation de tout autre ouvrage de stockage et/ou de pr\u00e9l\u00e8vement n'est pas autoris\u00e9e.\nARTICLE 3 : Prescriptions g\u00e9n\u00e9rales relatives aux rubriques de la nomenclature\nLe b\u00e9n\u00e9ficiaire veille au respect des prescriptions g\u00e9n\u00e9rales d\u00e9finies par les arr\u00eat\u00e9s suivants :\n\u2022 arr\u00eat\u00e9 du 9 juin 2021 fixant les prescriptions techniques g\u00e9n\u00e9rales applicables aux plans d'eau, y  \ncompris  en  ce  qui  concerne  les  modalit\u00e9s  de  vidange,  relevant  de  la  rubrique  3.2.3.0  de  la \nnomenclature annex\u00e9e \u00e0 l'article R.214-1 du code de l'environnement.\nARTICLE 4 : Caract\u00e9ristiques des ouvrages de stockage\nLes caract\u00e9ristiques de l'ouvrage de stockage sont les suivantes :\nCommune MONS\nLocalisation cadastrale du pr\u00e9l\u00e8vement C 1188 et C 660\n Bassin versant concern\u00e9 Gardons (BV12 Baume)\n Masse d'eau impact\u00e9e La Droude (FRDR12022)\nMoyen de remplissage Ruissellement\nCapacit\u00e9 de stockage 26 200 m\u00b3\nSurface du plan d'eau 0,689 ha\n P\u00e9riode d'alimentation 1er octobre au 14 juin\nDimensions du plan d'eau\nplus grande longueur : 118 m\nplus grande largeur : 87 m\nprofondeur maximale : 4,2 m\nplus haute revanche ext\u00e9rieure : 0,8 m\npente du talus aval : 1/2,5\n Dimensions de la digue longueur : 220 m\nhauteur maximale : 3,20 m\nEtanch\u00e9it\u00e9 EPDM ou assur\u00e9e par l'\u00e9tanch\u00e9it\u00e9 naturelle du terrain (argiles)\n3\n89, rue Weber \u2013 30907 NIMES CEDEX 2\nT\u00e9l : 04 66 62 62 00 - Fax : 04 66 23 28 79 - www.gard.gouv.fr\nDirection D\u00e9partementale des Tetrritoires et de la Mer du Gard - 30-2025-11-26-00001 - Arr\u00eat\u00e9 portant prescriptions sp\u00e9cifiques au\ntitre des articles L.214-1 \u00e0 L.214-6 du code de l'environnement applicables \u00e0 l'ouvrage de stockage \u00e0 usage d'irrigation agricole exploit\u00e9\npar l'EARL DIAZ Didier et Patrick sur la commune de Mons\n43\nDispositif \u00e9vacuateur de crue\nD\u00e9versoir ma\u00e7onn\u00e9\n(largeur : 4,5 m\nlongueur : 5 m\nhauteur : 0,8 m)\nDispositif de vidange Canalisation PVC diam\u00e8tre 140 mm\nCompl\u00e9t\u00e9e si n\u00e9cessaire par le pompage destin\u00e9 \u00e0 l'irrigation (60 m\u00b3/h)\nUn r\u00e9servoir de stockage (ou plan d'eau) de 26 200 m\u00b3 est \u00e9rig\u00e9 sur un terrain agricole (parcelles C 1188 et \nC 660, commune de Mons) par d\u00e9blais-remblais.\nLes d\u00e9blais du bassin sont \u00e9gaux aux remblais qui servent \u00e0 r\u00e9aliser la digue. Il n'y a pas d'apport de  \nremblais ext\u00e9rieurs \u00e0 la parcelle.\nLe terrain est d\u00e9caiss\u00e9 et une digue compact\u00e9e avec tranch\u00e9e d'ancrage est r\u00e9alis\u00e9e (220  m de longueur, \n3,2 m de hauteur maximale).\nL'\u00e9tanch\u00e9it\u00e9  du  plan  d'eau  est  assur\u00e9e  par  la  nature  argileuse  du  terrain,  ou  est  assur\u00e9e  par  une \ng\u00e9omembrane de type EPDM.\nUn d\u00e9versoir de crue ma\u00e7onn\u00e9 est cr\u00e9\u00e9 sur la digue (0,8  m de haut, 4,5  m de large sur 5  m de long) et  \npermet d'\u00e9vacuer une crue centennale \u00e9valu\u00e9e \u00e0 1,86  m\u00b3/s. Ce d\u00e9versoir est laiss\u00e9 libre de tout autre  \nam\u00e9nagement.\nDispositif d'alimentation     :  \nLe plan d'eau est int\u00e9gralement aliment\u00e9 par les eaux de ruissellement transitant par un foss\u00e9 bordant les \nparcelles sus-cit\u00e9es et aliment\u00e9 par un bassin versant de 13,6 ha. Ce foss\u00e9 rejoint ensuite le ruisseau de La \nDroude.\nUn chenal est cr\u00e9\u00e9 depuis le foss\u00e9 pour desservir le plan d'eau.\nUn  r\u00e9partiteur  est  install\u00e9  dans  le  foss\u00e9  en  amont  de  la  retenue  pour  permettre  la  fermeture  de \nl'alimentation du plan d'eau, par obstruction du chenal d'alimentation.\nDispositif de vidange     :  \nUn dispositif de vidange est install\u00e9 en fond de bassin, et renvoie les eaux vers le foss\u00e9 d'alimentation du  \nplan d'eau. Il est constitu\u00e9 d'une canalisation PVC enterr\u00e9e et vann\u00e9e de diam\u00e8tre 140 mm. La vidange du \nbassin s'effectue par cette canalisation et par le pompage servant \u00e0 l'irrigation.\nUtilisation du plan d'eau     :  \nL'irrigation des cultures (10 ha de semences tournesol, oignons et sorgho) est assur\u00e9e, de mai \u00e0 ao\u00fbt, par  \nune pompe d'une capacit\u00e9 maximale de 60 m\u00b3/h install\u00e9e en bordure de plan d'eau.\nSeules les cultures de semences sont irrigu\u00e9es par pompage dans la retenue et par aspersion.\nUn pilotage de l'irrigation par tensiom\u00e8tres permet d'optimiser les apports d'eau en adaptant les apports \nen fonction de la disponibilit\u00e9 de l'eau dans le sol.\nAutres dispositifs     :  \nL'ouvrage est \u00e9quip\u00e9 d' un syst\u00e8me d'\u00e9chelles, type grillage \u00e0 mailles fines, d'au moins 15  cm de large et  \npositionn\u00e9es tous les 6  m, afin que les amphibiens attir\u00e9s par l'eau en p\u00e9riode de reproduction, leurs  \njuv\u00e9niles apr\u00e8s m\u00e9tamorphose, de m\u00eame que les micromammif\u00e8res tomb\u00e9s accidentellement, puissent  \ns'extraire du plan d'eau et ainsi \u00e9chapper \u00e0 la noyade.\nARTICLE 5 : Suivi des travaux\nLe b\u00e9n\u00e9ficiaire s'engage \u00e0 :\n\u2022 transmettre au service en charge de la police de l'eau ( ddtm-ser@gard.gouv.fr)  pour validation  \nainsi qu'\u00e0 l'Office fran\u00e7ais de la biodiversit\u00e9 ( sd30@ofb.gouv.fr), au moins un mois avant le d\u00e9but  \n4\n89, rue Weber \u2013 30907 NIMES CEDEX 2\nT\u00e9l : 04 66 62 62 00 - Fax : 04 66 23 28 79 - www.gard.gouv.fr\nDirection D\u00e9partementale des Tetrritoires et de la Mer du Gard - 30-2025-11-26-00001 - Arr\u00eat\u00e9 portant prescriptions sp\u00e9cifiques au\ntitre des articles L.214-1 \u00e0 L.214-6 du code de l'environnement applicables \u00e0 l'ouvrage de stockage \u00e0 usage d'irrigation agricole exploit\u00e9\npar l'EARL DIAZ Didier et Patrick sur la commune de Mons\n44\ndes travaux, les dates du chantier, les modalit\u00e9s de r\u00e9alisation de l'ouvrage, la description des  \nmesures de protections retenues\u2026 ;\n\u2022 prendre toutes les pr\u00e9cautions pour l'organisation du chantier, lors de la r\u00e9alisation des travaux,  \npour  \u00e9viter  les  risques  pour  l'environnement,  et  notamment  celui  de  pollutions  des  eaux \nsuperficielles ;\n\u2022 transmettre au service en charge de la police de l'eau dans un d\u00e9lai de  deux mois maximum  \nsuivant la fin des travaux , un rapport de fin de travaux comprenant les informations relatives au  \nd\u00e9roulement du chantier.\nARTICLE 6 : Prescriptions relatives au suivi quantitatif de la ressource en eau\nAfin de permettre le suivi de la ressource sur l'ensemble des ouvrages de pr\u00e9l\u00e8vement, le b\u00e9n\u00e9ficiaire :\n\u2022 met en place, au plus pr\u00e8s du point de pr\u00e9l\u00e8vement, un dispositif de comptage en continu des  \nd\u00e9bits et volumes pr\u00e9lev\u00e9s. Le dispositif de comptage fait l'objet d'un entretien r\u00e9gulier et d'un  \ncontr\u00f4le au moins tous les 7 ans. Une trace de ce contr\u00f4le est conserv\u00e9e par le b\u00e9n\u00e9ficiaire sur  \nune p\u00e9riode de 10 ans et peut \u00eatre demand\u00e9e par le service en charge de la police de l'eau. En cas \nd'anomalie  le  dispositif  de  comptage  est  remplac\u00e9  afin  de  disposer  en  tout  temps  d'une \ninformation fiable ;\n\u2022 consigne sur un registre, ou un cahier, ou tout autre moyen informatique, les \u00e9l\u00e9ments de suivi  \ndes installations de pr\u00e9l\u00e8vement :\n1. les volumes pr\u00e9lev\u00e9s \u00e0 minima par mois, la fr\u00e9quence de la rel\u00e8ve est renforc\u00e9e en p\u00e9riode de \ns\u00e9cheresse  selon  la  p\u00e9riodicit\u00e9  impos\u00e9e  par  l'arr\u00eat\u00e9  s\u00e9cheresse  en  vigueur  (suivi  \nhebdomadaire, ou par quinzaine\u2026) ;\n2. l'usage et les conditions d'utilisation ;\n3. les changements constat\u00e9s dans le r\u00e9gime des eaux ;\n4. les incidents survenus dans l'exploitation de l'installation ou le comptage des pr\u00e9l\u00e8vements et \nnotamment les arr\u00eats de pompage ;\n\u2022 fait parvenir le relev\u00e9 des volumes mensuels pr\u00e9lev\u00e9s chaque ann\u00e9e avant le 1er   mars   au service en \ncharge de la police de l'eau de la direction d\u00e9partementale des territoires et de la mer du Gard  \n(DDTM30 \u2013 service Eau et Risques, 89 rue W\u00e9ber CS52002 30907 NIMES cedex 2 ;\nddtm-ser@gard.gouv.fr).\nARTICLE 7 : Prescriptions relatives au suivi de la s\u00e9cheresse\nEn cas de restrictions des usages dues \u00e0 la s\u00e9cheresse, le b\u00e9n\u00e9ficiaire applique les restrictions des usages  \nde l'eau indiqu\u00e9es dans l'arr\u00eat\u00e9 pr\u00e9fectoral en vigueur selon le niveau d'alerte consid\u00e9r\u00e9 et auxquelles il  \nest soumis.\nARTICLE 8 : Autres r\u00e9glementations\nLe pr\u00e9sent arr\u00eat\u00e9 ne dispense en aucun cas le b\u00e9n\u00e9ficiaire de faire les d\u00e9clarations ou d'obtenir les  \nautorisations requises par d'autres r\u00e9glementations.\nARTICLE 9 : Conformit\u00e9 au dossier de demande et modifications\nLes installations, objet du pr\u00e9sent arr\u00eat\u00e9 sont situ\u00e9es, install\u00e9es et exploit\u00e9es conform\u00e9ment aux plans et  \ncontenu du dossier de demande, et sont non contraires aux dispositions du pr\u00e9sent arr\u00eat\u00e9.\nToute modification apport\u00e9e aux ouvrages, installations, \u00e0 leur mode d'utilisation, \u00e0 la r\u00e9alisation des  \ntravaux ou \u00e0 l'am\u00e9nagement en r\u00e9sultant, \u00e0 l'exercice des activit\u00e9s ou \u00e0 leur voisinage et entra\u00eenant un  \nchangement notable des \u00e9l\u00e9ments du dossier de d\u00e9claration initiale doit \u00eatre port\u00e9, avant sa r\u00e9alisation \u00e0 \nla connaissance du pr\u00e9fet qui peut exiger une nouvelle d\u00e9claration. Lorsque le b\u00e9n\u00e9fice de l'autorisation  \nest transmis \u00e0 une personne diff\u00e9rente de celle not\u00e9e sur le pr\u00e9sent arr\u00eat\u00e9, le nouveau b\u00e9n\u00e9ficiaire en  \ninforme la DDTM du Gard dans un d\u00e9lai de trois mois.\nARTICLE 10 : Caract\u00e8re de l'autorisation \u2013 dur\u00e9e de l'autorisation\nLes  dispositions  du  pr\u00e9sent  arr\u00eat\u00e9  demeurent  tant  que  les  pr\u00e9l\u00e8vements  participent  \u00e0  \nl'approvisionnement des installations du b\u00e9n\u00e9ficiaire, dans les conditions fix\u00e9es par celui-ci.\n5\n89, rue Weber \u2013 30907 NIMES CEDEX 2\nT\u00e9l : 04 66 62 62 00 - Fax : 04 66 23 28 79 - www.gard.gouv.fr\nDirection D\u00e9partementale des Tetrritoires et de la Mer du Gard - 30-2025-11-26-00001 - Arr\u00eat\u00e9 portant prescriptions sp\u00e9cifiques au\ntitre des articles L.214-1 \u00e0 L.214-6 du code de l'environnement applicables \u00e0 l'ouvrage de stockage \u00e0 usage d'irrigation agricole exploit\u00e9\npar l'EARL DIAZ Didier et Patrick sur la commune de Mons\n45\nL'autorisation  est  accord\u00e9e  \u00e0  titre  personnel,  pr\u00e9caire  et  r\u00e9vocable  sans  indemnit\u00e9  de  l'\u00c9tat  \nconform\u00e9ment aux dispositions de l'article L.214-4 du code de l'environnement.\nARTICLE 11 : Prescriptions compl\u00e9mentaires\nSi le respect des int\u00e9r\u00eats mentionn\u00e9s \u00e0 l'article L.211-1 du code de l'environnement n'est pas assur\u00e9 par  \nl'ex\u00e9cution des prescriptions \u00e9dict\u00e9es en application des articles L.211-2 et L.211-3 du m\u00eame code, le  \npr\u00e9fet peut, \u00e0 tout moment, imposer par arr\u00eat\u00e9 toutes prescriptions particuli\u00e8res n\u00e9cessaires.\nARTICLE 12 : D\u00e9claration des incidents ou accidents\nD\u00e8s qu'il en a connaissance, le b\u00e9n\u00e9ficiaire est tenu de d\u00e9clarer au pr\u00e9fet les accidents ou incidents  \nint\u00e9ressant les installations, ouvrages, travaux ou activit\u00e9s faisant l'objet de la pr\u00e9sente autorisation, qui  \nsont de nature \u00e0 porter atteinte aux int\u00e9r\u00eats mentionn\u00e9s \u00e0 l'article L.211-1 du code de l'environnement.\nSans pr\u00e9judice des mesures susceptibles d'\u00eatre prescrites par le pr\u00e9fet, le b\u00e9n\u00e9ficiaire est tenu de prendre \nles  dispositions  n\u00e9cessaires  pour  mettre  fin  aux  causes  de  l'incident  ou  accident,  pour  \u00e9valuer  ses \ncons\u00e9quences et y rem\u00e9dier.\nLe b\u00e9n\u00e9ficiaire est responsable des accidents ou dommages imputables \u00e0 l'utilisation des ouvrages ou  \ndes installations, \u00e0 la r\u00e9alisation des travaux ou \u00e0 l'am\u00e9nagement en r\u00e9sultant ou \u00e0 l'exercice de l'activit\u00e9.\nARTICLE 13 : Cessation d'activit\u00e9\nLa cessation d\u00e9finitive, ou pour une p\u00e9riode sup\u00e9rieure \u00e0 deux ans, de l'exploitation ou de l'affectation  \nindiqu\u00e9e  dans  l'autorisation  d'un  ouvrage  ou  d'une  installation,  fait  l'objet  d'une  d\u00e9claration  par \nl'exploitant, ou, \u00e0 d\u00e9faut, par le propri\u00e9taire, aupr\u00e8s du pr\u00e9fet dans le mois qui suit la cessation d\u00e9finitive  \nou le changement d'affectation et au plus tard un mois avant que l'arr\u00eat de plus de deux ans ne soit  \neffectif.\nEn cas de cessation d\u00e9finitive, l'exploitant ou, \u00e0 d\u00e9faut, le propri\u00e9taire remet le site dans un \u00e9tat tel  \nqu'aucune atteinte ne puisse \u00eatre port\u00e9e aux int\u00e9r\u00eats prot\u00e9g\u00e9s mentionn\u00e9s \u00e0 l'article L.211-1 du code de  \nl'environnement. Il informe le pr\u00e9fet de la cessation de l'activit\u00e9 et des mesures prises. Le pr\u00e9fet peut \u00e0  \ntout moment lui imposer des prescriptions pour la remise en \u00e9tat du site.\nLa d\u00e9claration d'arr\u00eat d'exploitation de plus de deux ans est accompagn\u00e9e d'une note expliquant les  \nraisons de cet arr\u00eat et la date pr\u00e9visionnelle de reprise de cette exploitation. Le pr\u00e9fet peut \u00e9mettre  \ntoutes prescriptions conservatoires afin de prot\u00e9ger les int\u00e9r\u00eats mentionn\u00e9s \u00e0 l'article L.211-1 du code de  \nl'environnement pendant cette p\u00e9riode d'arr\u00eat. Si l'exploitation n'est pas reprise \u00e0 la date pr\u00e9visionnelle  \nd\u00e9clar\u00e9e,  le  pr\u00e9fet  peut,  l'exploitant  ou  le  propri\u00e9taire  entendu,  consid\u00e9rer  l'exploitation  comme \nd\u00e9finitivement arr\u00eat\u00e9e, et fixer les prescriptions relatives \u00e0 l'arr\u00eat d\u00e9finitif de cette exploitation et \u00e0 la  \nremise en \u00e9tat du site.\nARTICLE 14 : Acc\u00e8s aux installations et exercice des missions de police\nLes agents en charge de mission de contr\u00f4le au titre du code de l'environnement ont libre acc\u00e8s aux  \ninstallations, ouvrages, travaux ou activit\u00e9s relevant de la pr\u00e9sente autorisation. Ils peuvent demander  \ncommunication de toute pi\u00e8ce utile au contr\u00f4le de la bonne ex\u00e9cution du pr\u00e9sent arr\u00eat\u00e9.\nARTICLE 15 : Sanctions administratives et p\u00e9nales\nEn cas de non-respect des dispositions du pr\u00e9sent arr\u00eat\u00e9, il pourra \u00eatre fait application \u00e0 l'encontre du  \nb\u00e9n\u00e9ficiaire,  des  sanctions  administratives  pr\u00e9vues  aux  articles  L.171-1  et  suivants  du  code  de \nl'environnement, ainsi que des sanctions p\u00e9nales pr\u00e9vues par les articles L.173-1 et suivants du m\u00eame  \ncode.\nARTICLE 16 : Droit des tiers\nLes droits des tiers sont et demeurent express\u00e9ment r\u00e9serv\u00e9s.\n6\n89, rue Weber \u2013 30907 NIMES CEDEX 2\nT\u00e9l : 04 66 62 62 00 - Fax : 04 66 23 28 79 - www.gard.gouv.fr\nDirection D\u00e9partementale des Tetrritoires et de la Mer du Gard - 30-2025-11-26-00001 - Arr\u00eat\u00e9 portant prescriptions sp\u00e9cifiques au\ntitre des articles L.214-1 \u00e0 L.214-6 du code de l'environnement applicables \u00e0 l'ouvrage de stockage \u00e0 usage d'irrigation agricole exploit\u00e9\npar l'EARL DIAZ Didier et Patrick sur la commune de Mons\n46\nARTICLE 17 : Voies et d\u00e9lais de recours\nLe pr\u00e9sent arr\u00eat\u00e9 est susceptible de recours devant le tribunal administratif territorialement comp\u00e9tent,  \nconform\u00e9ment \u00e0 l'article R.514-3-1 du code de l'environnement :\nLes d\u00e9cisions peuvent \u00eatre d\u00e9f\u00e9r\u00e9es \u00e0 la juridiction administrative :\n1. Par les p\u00e9titionnaires ou exploitants, dans un d\u00e9lai de deux mois \u00e0 compter du jour o\u00f9 la d\u00e9cision  \nleur a \u00e9t\u00e9 notifi\u00e9e.\n2. Par les tiers int\u00e9ress\u00e9s en raison des inconv\u00e9nients ou des dangers pour les int\u00e9r\u00eats mentionn\u00e9s \u00e0  \nl'article L.211-1 du code de l'environnement dans un d\u00e9lai de deux mois \u00e0 compter de :\na)  L'affichage  en  mairie  dans  les  conditions  pr\u00e9vues  \u00e0  l'artic le  R.214-37  du  code  de \nl'environnement.\nb) La publication de la d\u00e9cision sur le site internet de la pr\u00e9fecture.\nc)  La  publication  au  recueil  des  actes  administratifs ;  cette  publication  est  assur\u00e9e  par  le \nrepr\u00e9sentant  de  L'\u00c9tat  dans  le  d\u00e9partement  dans  un  d\u00e9lai  de  quinze  jours  \u00e0  compter  de \nl'adoption de la d\u00e9cision.\nLe d\u00e9lai court \u00e0 compter de la derni\u00e8re formalit\u00e9 accomplie. Si l'affichage constitue cette derni\u00e8re  \nformalit\u00e9, le d\u00e9lai court \u00e0 compter du premier jour d'affichage de la d\u00e9cision.\nLes d\u00e9cisions mentionn\u00e9es au premier alin\u00e9a peuvent faire l'objet d'un recours gracieux ou hi\u00e9rarchique  \ndans le d\u00e9lai de deux mois. Ce recours administratif prolonge de deux mois les d\u00e9lais mentionn\u00e9s aux 1\u00b0  \net 2\u00b0. Les tiers peuvent \u00e9galement d\u00e9poser une r\u00e9clamation apr\u00e8s la mise en service, aux seules fins de  \ncontester l'insuffisance ou l'inadaptation des prescriptions de l'arr\u00eat\u00e9  : le pr\u00e9fet dispose de deux mois  \npour y r\u00e9pondre. En cas de rejet implicite ou explicite, les int\u00e9ress\u00e9s disposent d'un d\u00e9lai de deux mois  \npour se pourvoir contre cette d\u00e9cision.\nLe  tribunal  administratif  peut  aussi  \u00eatre  saisi  par  l'application  informatique  \u00ab T\u00e9l\u00e9recours  Citoyens \u00bb \naccessible par le site internet www.telerecours.fr.\nARTICLE 18 : Publication et information des tiers\nUne copie de cet arr\u00eat\u00e9 est transmise \u00e0 la mairie de commune de Mons pour affichage pendant une  \ndur\u00e9e minimale d'un mois, ainsi qu'au pr\u00e9sident de l'\u00e9tablissement public territorial du bassin versant des \nGardons. Une copie du dossier est d\u00e9pos\u00e9e en mairie pour y \u00eatre consult\u00e9e.\nCes informations seront mises \u00e0 disposition du public sur le site Internet de la pr\u00e9fecture du Gard  \npendant une dur\u00e9e d'au moins six mois.\nLe pr\u00e9sent arr\u00eat\u00e9 sera publi\u00e9 au recueil des actes administratifs.\nARTICLE 19 : Ex\u00e9cution\nLe secr\u00e9taire g\u00e9n\u00e9ral de la pr\u00e9fecture du Gard, le directeur d\u00e9partemental des territoires et de la mer du  \nGard, le g\u00e9n\u00e9ral de brigade commandant le groupement de gendarmerie du Gard, le chef du service  \nd\u00e9partemental de l'office fran\u00e7ais de la biodiversit\u00e9 du Gard et le maire de la commune de Mons sont  \ncharg\u00e9s, chacun en ce qui le concerne, de l'ex\u00e9cution du pr\u00e9sent arr\u00eat\u00e9.\nN\u00eemes, le 26/11/25\nLe pr\u00e9fet,\nPour le pr\u00e9fet et par d\u00e9l\u00e9gation\np/le  directeur  d\u00e9partemental  des \nterritoires et de la mer du Gard et  \npar d\u00e9l\u00e9gation la cheffe du service \neau et nature\nSIGN\u00c9\nCharlotte COURBIS\n7\n89, rue Weber \u2013 30907 NIMES CEDEX 2\nT\u00e9l : 04 66 62 62 00 - Fax : 04 66 23 28 79 - www.gard.gouv.fr\nDirection D\u00e9partementale des Tetrritoires et de la Mer du Gard - 30-2025-11-26-00001 - Arr\u00eat\u00e9 portant prescriptions sp\u00e9cifiques au\ntitre des articles L.214-1 \u00e0 L.214-6 du code de l'environnement applicables \u00e0 l'ouvrage de stockage \u00e0 usage d'irrigation agricole exploit\u00e9\npar l'EARL DIAZ Didier et Patrick sur la commune de Mons\n47\nDirection D\u00e9partementale des Tetrritoires et de\nla Mer du Gard\n30-2025-11-26-00003\nRefusant la d\u00e9rogation \u00e0 l'article L.121-10 du code\nde l'urbanisme\nDirection D\u00e9partementale des Tetrritoires et de la Mer du Gard - 30-2025-11-26-00003 - Refusant la d\u00e9rogation \u00e0 l'article L.121-10 du\ncode de l'urbanisme 48\nE = Direction d\u00e9partementalePREFET des territoires et de la merDU GARDLibert\u00e9Egalit\u00e9Fraternit\u00e9\nService SATSU /Unit\u00e9 ARVMAffaire suivie par : Sandrine LeoncelT\u00e9l. : 04.66.62.04.01Courriel : sandrine.leoncel@gard.gouv.fr\nARR\u00caT\u00c9 N\u00b0Refusant la d\u00e9rogation \u00e0 l'article L121-10 du Code de l'urbanisme relatif \u00e0 l'accord de l'autorit\u00e9administrative portant sur les constructions ou installations li\u00e9es aux activit\u00e9s agricoles ou foresti\u00e8res endehors des espaces proches du rivage.Le pr\u00e9fet du GardChevalier de la L\u00e9gion d'honneur,Chevalier de l'ordre national du M\u00e9rite\nVU le Code de l'urbanisme et notamment l'article L121-10 qui stipule :\u00ab Par d\u00e9rogation \u00e0 l'article L 121-8, les constructions ou installations n\u00e9cessaires aux activit\u00e9s agricoles ouforesti\u00e8res ou aux cultures marines peuvent \u00eatre autoris\u00e9es avec l'accord de l'autorit\u00e9 administrativecomp\u00e9tente de l'\u00c9tat apr\u00e8s avis de la commission d\u00e9partementale de la nature, des paysages et des siteset de la commission d\u00e9partementale de la pr\u00e9servation des espaces naturels, agricoles et forestiers.Ces op\u00e9rations ne peuvent \u00eatre autoris\u00e9es qu'en dehors des espaces proches du rivage, \u00e0 l'exception desconstructions ou installations n\u00e9cessaires aux cultures marines. ;L'accord de l'autorit\u00e9 administrative est refus\u00e9 si les constructions ou installations sont de nature \u00e0porter atteinte \u00e0 l'environnement ou aux paysages.Le changement de destination de ces constructions ou installations est interdit \u00bb.VU la demande de permis de construire PC 030 276 25V0011, d\u00e9pos\u00e9e sur la commune de Saint Laurentd'Aigouze, formul\u00e9e par M. ARRAGON Fr\u00e9d\u00e9ric Pierre repr\u00e9sentant de la SCA Vignobles des Sablonssollicitant une d\u00e9rogation \u00e0 l'article L121-8 du Code de l'urbanisme pour la construction d'un hangaragricole de 597,80 m? avec toiture photovolta\u00efque ;VU l'avis rendu par la CDNPS lors de la s\u00e9ance du 22 octobre 2025;VU l'avis rendu par la CDPENAF lors de la s\u00e9ance du 6 octobre 2025;\nDirection D\u00e9partementale des Tetrritoires et de la Mer du Gard - 30-2025-11-26-00003 - Refusant la d\u00e9rogation \u00e0 l'article L.121-10 du\ncode de l'urbanisme 49\nCONSIDERANT que le projet est localis\u00e9 dans le Grand site de France de la Camargue gardoise et en siteinscrit ;CONSIDERANT que le positionnement, le volume, les pentes de la toiture et l'aspect du hangar sont enrupture avec les motifs paysagers de la Costi\u00e8re, identifi\u00e9s dans le label du Grand site de France (GSF)Camargue Gardoise ;CONSIDERANT qu'aucun projet v\u00e9g\u00e9tal ne vient accompagner la construction ;CONSIDERANTQUE le projet traduit un projet industriel impactant qui ne prend pas en compte lecontexte patrimonial et paysager relatif \u00e0 la loi Littoral;\nSUR PROPOSITION de Monsieur le directeur d\u00e9partemental des territoires et de la mer ;\nARR\u00caTEARTICLE 1:La d\u00e9rogation pr\u00e9vue par l'article L.121-10 du Code de l'urbanisme, pour la construction d'un hangaragricole de 59780 m? avec toiture photovolta\u00efque formul\u00e9e par M. ARRAGON Fr\u00e9d\u00e9ric Pierrerepr\u00e9sentant de la SCA Vignobles des Sablons, est refus\u00e9e.ARTICLE 2:Le dossier pr\u00e9sent\u00e9 doit faire l'objet d'une nouvelle demande d'autorisation d'urbanisme en prenant encompte les propositions de la CDNPS pour une meilleure int\u00e9gration paysag\u00e9re au sein du GSF CamargueGardoise et vous \u00eates invit\u00e9 \u00e0 prendre attache aupr\u00e8s des services de l'\u00c9tat (DDTM, DREAL, UDAP,Chambre d'agriculture et CAUE) en amont avant le d\u00e9pdt de votre futur dossier afin de prendre enconsid\u00e9ration leurs prescriptions/attentes.\nARTICLE 3 :Le secr\u00e9taire g\u00e9n\u00e9ral de la pr\u00e9fecture du Gard, le directeur des territoires de la mer et le maire de Vauvertsont charg\u00e9s, chacun en ce qui le concerne, d'assurer l'ex\u00e9cution du pr\u00e9sent arr\u00eat\u00e9.\nLe pr\u00e9fet,\u00e9l\u00e9gation,irecteur Departementaldes Tefritoires et de la Mer du Gard\n\u00c0\noa\nDirection D\u00e9partementale des Tetrritoires et de la Mer du Gard - 30-2025-11-26-00003 - Refusant la d\u00e9rogation \u00e0 l'article L.121-10 du\ncode de l'urbanisme 50\nDIRECTION REGIONALE DE L'ENVIRONNEMENT\nDE L'AMENAGEMENT ET DU LOGEMENT\n-Occitanie (si\u00e8ge \u00e0 Toulouse)\n30-2025-11-03-00004\narr\u00eat\u00e9 de mise en demeure de M. BENSO\nDIRECTION REGIONALE DE L'ENVIRONNEMENT DE L'AMENAGEMENT ET DU LOGEMENT -Occitanie (si\u00e8ge \u00e0 Toulouse) -\n30-2025-11-03-00004 - arr\u00eat\u00e9 de mise en demeure de M. BENSO 51\nPREFETDU GARDLibert\u00e9Egalit\u00e9Fraternit\u00e9\nDirection r\u00e9gionale de l'environnement de l'am\u00e9nagement\net du logement Occitanie\nARR\u00caT\u00c9 N \u00b0 DREAL-DA-DSPE-2025-03 du \u2026\u2026\u2026......\u2026\u2026 portant mise en demeure\nMonsieur Jean-Michel BENSO, \u00e0 Aigues-Mortes,\nde retirer les am\u00e9nagements r\u00e9alis\u00e9s sans autorisation\nsur son terrain situ\u00e9 dans le site class\u00e9 du panorama d\u00e9couvert depuis la voie littorale 62 sur les \nremparts d'Aigues-Mortes\nLE PR\u00c9FET DU GARD\nVU le Code de l'Environnement, et notamment ses articles L.171-6, L.171-7 , L.341-1 \u00e0 L.341-22 et R.341-\n1 \u00e0 R.341-31 ;\nVU  le  d\u00e9cret  du  20  juin  1973  portant  classement  parmi  les  sites  pittoresques  du  panorama \nd\u00e9couvert depuis la voie littorale 62 sur les remparts d'Aigues-Mortes\u00a0;\nVU  le rapport en manquement administratif du 22 janvier  2025, transmis \u00e0  Monsieur Jean-Michel \nBENSO, par courrier notifi\u00e9 en date du 18 mars 2025 conform\u00e9ment aux articles L.171-6 du Code de  \nl'Environnement\u00a0;\nVU l'absence de r\u00e9ponse \u00e0 la transmission du rapport susvis\u00e9\u00a0;\nConsid\u00e9rant  que lors de la visite en date du  16 d\u00e9cembre 2024 , l'agent en charge du contr\u00f4le a  \nconstat\u00e9 les \u00e9l\u00e9ments suivants :\n- un portail d'acc\u00e8s m\u00e9tallique\u00a0;\n- un chalet en bois de dimensions 3,9\u00a0m par 3,5\u00a0m\u00a0;\n- une construction en bois de dimensions 4,05\u00a0m par 4,05\u00a0m, comportant un \u00e9tage accessible par un \nescalier ext\u00e9rieur\u00a0;\n- une terrasse en bois\u00a0;\n- un auvent m\u00e9tallique\u00a0;\n- une douche et un lavabo ext\u00e9rieurs\u00a0;\n- une balan\u00e7oire.\nConsid\u00e9rant que  ces  \u00e9l\u00e9ments,  modifiant  l'aspect  et  l'\u00e9tat  du  site  class\u00e9,  ont  \u00e9t\u00e9  r\u00e9alis\u00e9s  sans \nl'autorisation sp\u00e9ciale de travaux requise\u00a0;\nConsid\u00e9rant que  ces  travaux  constituent  un  manquement  \u00e0  l'article L.341-10  du  code  de \nl'environnement ;\nConsid\u00e9rant qu'il y a lieu, conform\u00e9ment \u00e0 l'article L.171-7 du code de l'environnement, de mettre  \nen demeure Monsieur Jean-Michel BENSO de respecter les dispositions de l'article L 341-10 du m\u00eame \ncode ;\nDIRECTION REGIONALE DE L'ENVIRONNEMENT DE L'AMENAGEMENT ET DU LOGEMENT -Occitanie (si\u00e8ge \u00e0 Toulouse) -\n30-2025-11-03-00004 - arr\u00eat\u00e9 de mise en demeure de M. BENSO 52\nSur proposition de Monsieur le Directeur r\u00e9gional de l'environnement, de l'am\u00e9nagement et du  \nlogement,\nARRETE\nArticle  1 \u2013  Monsieur  Jean-Michel  BENSO,  propri\u00e9taire  des  parcelles  cadastr\u00e9es  CB  n\u00b087 ,  sur  la \ncommune d'Aigues-Mortes, est mis en demeure de r\u00e9gulariser sa situation administrative dans un  \nd\u00e9lai de six mois \u00e0 compter de la notification du pr\u00e9sent arr\u00eat\u00e9 :\n- soit en retirant les constructions et am\u00e9nagements cit\u00e9s ci-dessus.\n- soit en d\u00e9posant une demande d'autorisation sp\u00e9ciale de travaux en site class\u00e9.\nMonsieur  Jean-Michel BENSO  est inform\u00e9 que le d\u00e9p\u00f4t d'un dossier de demande d'autorisation  \nadministrative n'implique pas la d\u00e9livrance certaine de l'autorisation par l'autorit\u00e9 administrative,  \nqui statuera sur la demande pr\u00e9sent\u00e9e apr\u00e8s instruction administrative conform\u00e9ment aux articles  \nR.341-10 \u00e0 13 du code de l'environnement.\nArticle 2  - Dans le cas o\u00f9 l'une des obligations pr\u00e9vues \u00e0 l'article 1 ne serait pas satisfaite dans le  \nd\u00e9lai  pr\u00e9vu  au  m\u00eame  article,  et  ind\u00e9pendamment  des  poursuites  p\u00e9nales  qui  pourraient  \u00eatre \nengag\u00e9es, Monsieur  Jean-Michel  BENSO s'expose  \u00e0  une  ou  plusieurs  des  mesures  et  sanctions \nadministratives mentionn\u00e9es au II de l'article L. 171-7 du code de l'environnement.\nArticle  3  -  Conform\u00e9ment  aux  dispositions  des  articles  R.421-1  \u00e0  R.421-5  du  code  de  justice \nadministrative, le  pr\u00e9sent  arr\u00eat\u00e9  peut  faire  l'objet  d'un  recours  contentieux  devant  le  tribunal \nadministratif de Montpellier (6 rue Pitot 34063 Montpellier Cedex 2)  dans un d\u00e9lai de deux mois \u00e0  \ncompter de sa notification ou de sa publication. Le tribunal administratif peut \u00eatre saisi au moyen  \nde  l'application  informatique  \"t\u00e9l\u00e9recours  citoyen\"  accessible  \u00e0  partir  du  site  internet  \nwww.telerecours.fr.\nArticle 4 - Le pr\u00e9sent arr\u00eat\u00e9 sera notifi\u00e9 \u00e0 Monsieur Jean-Michel BENSO, et sera publi\u00e9 au recueil des \nactes administratifs de la pr\u00e9fecture du Gard.\nCopie sera adress\u00e9e \u00e0\u00a0:\n- Monsieur le Directeur r\u00e9gional de l'environnement, de l'am\u00e9nagement et du logement \n- Monsieur le Directeur d\u00e9partemental des territoires et de la Mer\n- Monsieur le Maire d'Aigues-Mortes\ncharg\u00e9s, chacun en ce qui le concerne, de l'ex\u00e9cution du pr\u00e9sent arr\u00eat\u00e9.\nA N\u00eemes, \nLe pr\u00e9fet,\npour le pr\u00e9fet et par d\u00e9l\u00e9gation,\nle secr\u00e9taire g\u00e9n\u00e9ral,\nYann GERARD\nDIRECTION REGIONALE DE L'ENVIRONNEMENT DE L'AMENAGEMENT ET DU LOGEMENT -Occitanie (si\u00e8ge \u00e0 Toulouse) -\n30-2025-11-03-00004 - arr\u00eat\u00e9 de mise en demeure de M. BENSO 53\nDIRECTION REGIONALE DE L'ENVIRONNEMENT\nDE L'AMENAGEMENT ET DU LOGEMENT\n-Occitanie (si\u00e8ge \u00e0 Toulouse)\n30-2025-11-03-00005\narr\u00eat\u00e9 de mise en demeure de M. MORENO\nDIRECTION REGIONALE DE L'ENVIRONNEMENT DE L'AMENAGEMENT ET DU LOGEMENT -Occitanie (si\u00e8ge \u00e0 Toulouse) -\n30-2025-11-03-00005 - arr\u00eat\u00e9 de mise en demeure de M. MORENO 54\nPREFETDU GARDLibert\u00e9Egalit\u00e9Fraternit\u00e9\nDirection r\u00e9gionale de l'environnement de l'am\u00e9nagement\net du logement Occitanie\nARR\u00caT\u00c9 N \u00b0 DREAL-DA-DSPE-2025-04 du \u2026\u2026\u2026\u2026........\u2026 portant mise en demeure\nMonsieur Claude MORENO, \u00e0 Aigues-Mortes,\nde retirer les am\u00e9nagements r\u00e9alis\u00e9s sans autorisation\nsur son terrain situ\u00e9 dans le site class\u00e9 du panorama d\u00e9couvert depuis la voie littorale 62 sur les \nremparts d'Aigues-Mortes\nLE PR\u00c9FET DU GARD\nVU le Code de l'Environnement, et notamment ses articles L.171-6, L.171-7 , L.341-1 \u00e0 L.341-22 et R.341-\n1 \u00e0 R.341-31 ;\nVU  le  d\u00e9cret  du  20  juin  1973  portant  classement  parmi  les  sites  pittoresques  du  panorama \nd\u00e9couvert depuis la voie littorale 62 sur les remparts d'Aigues-Mortes\u00a0;\nVU  le  rapport  en  manquement  administratif  du  22 janvier  2025,  transmis  \u00e0  Monsieur  Claude \nMORENO, par courrier notifi\u00e9 en date du 17 mars 2025 conform\u00e9ment aux articles L.171-6\u00a0;\nVU l'absence de r\u00e9ponse \u00e0 la transmission du rapport susvis\u00e9\u00a0;\nConsid\u00e9rant que lors de la visite en date du 13 mai 2024, l'agent en charge du contr\u00f4le a constat\u00e9  \nles \u00e9l\u00e9ments suivants :\n- une r\u00e9sidence mobile de loisirs, ayant perdu ses moyens de mobilit\u00e9, de dimensions 4,70 m par  \n2,25 m\u00a0;\n- une extension en parpaings du garage, attenant \u00e0 la maison d'habitation, dont les travaux ont \u00e9t\u00e9  \ninterrompus, de dimensions 7 ,5 m par 3,5 m\u00a0;\n- un hangar m\u00e9tallique, constitu\u00e9 de quatre conteneurs m\u00e9talliques, d'une toiture m\u00e9tallique et de  \nparois m\u00e9talliques et porte en verre, le tout bas\u00e9 sur une dalle en b\u00e9ton de dimensions 10,60 m par  \n10,90 m\u00a0;\n- un \u00e9chafaudage clos et couvert, de dimensions 10,40 m par 2,5 m\u00a0;\n- des mat\u00e9riaux de construction\u00a0: gravier, parpaings, tuiles, sable, briques, etc\u00a0;\n- des d\u00e9chets v\u00e9g\u00e9taux\u00a0;\n- un stockage de remorques, pneus, v\u00e9hicule hors d'usage, cano\u00eb, etc.\nConsid\u00e9rant que  ces  \u00e9l\u00e9ments,  modifiant  l'aspect  et  l'\u00e9tat  du  site  class\u00e9,  ont  \u00e9t\u00e9  r\u00e9alis\u00e9s  sans \nl'autorisation sp\u00e9ciale de travaux requise\u00a0;\nConsid\u00e9rant que  ces  travaux  constituent  un  manquement  \u00e0  l'article L.341-10  du  code  de \nl'environnement ;\nDIRECTION REGIONALE DE L'ENVIRONNEMENT DE L'AMENAGEMENT ET DU LOGEMENT -Occitanie (si\u00e8ge \u00e0 Toulouse) -\n30-2025-11-03-00005 - arr\u00eat\u00e9 de mise en demeure de M. MORENO 55\nConsid\u00e9rant qu'il y a lieu, conform\u00e9ment \u00e0 l'article L.171-7 du code de l'environnement, de mettre  \nen demeure Monsieur Claude MORENO  de respecter les dispositions de l'article L 341-10 du m\u00eame  \ncode ;\nSur proposition de Monsieur le Directeur r\u00e9gional de l'environnement, de l'am\u00e9nagement et du  \nlogement,\nARRETE\nArticle 1 \u2013 Monsieur Claude MORENO, propri\u00e9taire de la parcelle cadastr\u00e9e BP n\u00b076, sur la commune \nd'Aigues-Mortes, est mis en demeure de r\u00e9gulariser sa situation administrative dans un d\u00e9lai de six  \nmois \u00e0 compter de la notification du pr\u00e9sent arr\u00eat\u00e9 :\n- soit en retirant les constructions et am\u00e9nagements cit\u00e9s ci-dessus.\n- soit en d\u00e9posant une demande d'autorisation sp\u00e9ciale de travaux en site class\u00e9.\nMonsieur  Claude  MORENO est  inform\u00e9  que  le  d\u00e9p\u00f4t  d'un  dossier  de  demande  d'autorisation \nadministrative n'implique pas la d\u00e9livrance certaine de l'autorisation par l'autorit\u00e9 administrative,  \nqui statuera sur la demande pr\u00e9sent\u00e9e apr\u00e8s instruction administrative conform\u00e9ment aux articles  \nR.341-10 \u00e0 13 du code de l'environnement.\nArticle 2  - Dans le cas o\u00f9 l'une des obligations pr\u00e9vues \u00e0 l'article 1 ne serait pas satisfaite dans le  \nd\u00e9lai  pr\u00e9vu  au  m\u00eame  article,  et  ind\u00e9pendamment  des  poursuites  p\u00e9nales  qui  pourraient  \u00eatre \nengag\u00e9es, Monsieur  Claude  MORENO s'expose  \u00e0  une  ou  plusieurs  des  mesures  et  sanctions \nadministratives mentionn\u00e9es au II de l'article L. 171-7 du code de l'environnement.\nArticle  3  -  Conform\u00e9ment  aux  dispositions  des  articles  R.421-1  \u00e0  R.421-5  du  code  de  justice \nadministrative, le  pr\u00e9sent  arr\u00eat\u00e9  peut  faire  l'objet  d'un  recours  contentieux  devant  le  tribunal \nadministratif de Montpellier (6 rue Pitot 34063 Montpellier Cedex 2)  dans un d\u00e9lai de deux mois \u00e0  \ncompter de sa notification ou de sa publication. Le tribunal administratif peut \u00eatre saisi au moyen  \nde  l'application  informatique  \"t\u00e9l\u00e9recours  citoyen\"  accessible  \u00e0  partir  du  site  internet  \nwww.telerecours.fr.\nArticle 4 -  Le pr\u00e9sent arr\u00eat\u00e9 sera notifi\u00e9 \u00e0  Monsieur  Claude MORENO , et sera publi\u00e9 au recueil des  \nactes administratifs de la pr\u00e9fecture du Gard.\nCopie sera adress\u00e9e \u00e0\u00a0:\n- Monsieur le Directeur r\u00e9gional de l'environnement, de l'am\u00e9nagement et du logement \n- Monsieur le Directeur d\u00e9partemental des territoires et de la Mer\n- Monsieur le Maire d'Aigues-Mortes\ncharg\u00e9s, chacun en ce qui le concerne, de l'ex\u00e9cution du pr\u00e9sent arr\u00eat\u00e9.\nA N\u00eemes, \nLe pr\u00e9fet,\npour le pr\u00e9fet et par d\u00e9l\u00e9gation,\nle secr\u00e9taire g\u00e9n\u00e9ral,\nYann GERARD\nDIRECTION REGIONALE DE L'ENVIRONNEMENT DE L'AMENAGEMENT ET DU LOGEMENT -Occitanie (si\u00e8ge \u00e0 Toulouse) -\n30-2025-11-03-00005 - arr\u00eat\u00e9 de mise en demeure de M. MORENO 56\nDIRECTION REGIONALE DE L'ENVIRONNEMENT\nDE L'AMENAGEMENT ET DU LOGEMENT\n-Occitanie (si\u00e8ge \u00e0 Toulouse)\n30-2025-11-03-00006\narr\u00eat\u00e9 de mise en demeure de M. ROSSEL\nDIRECTION REGIONALE DE L'ENVIRONNEMENT DE L'AMENAGEMENT ET DU LOGEMENT -Occitanie (si\u00e8ge \u00e0 Toulouse) -\n30-2025-11-03-00006 - arr\u00eat\u00e9 de mise en demeure de M. ROSSEL 57\nPREFETDU GARDLibert\u00e9Egalit\u00e9Fraternit\u00e9\nDirection r\u00e9gionale de l'environnement de l'am\u00e9nagement\net du logement Occitanie\nARR\u00caT\u00c9 N \u00b0 DREAL-DA-DSPE-2025-05 du \u2026.......\u2026\u2026\u2026\u2026 portant mise en demeure\nMonsieur Philippe ROSSEL, \u00e0 Aigues-Mortes,\nde retirer les am\u00e9nagements r\u00e9alis\u00e9s sans autorisation\nsur un terrain situ\u00e9 dans le site class\u00e9 du panorama d\u00e9couvert depuis la voie littorale 62 sur les \nremparts d'Aigues-Mortes\nLE PR\u00c9FET DU GARD\nVU le Code de l'Environnement, et notamment ses articles L.171-6, L.171-7 , L.341-1 \u00e0 L.341-22 et R.341-\n1 \u00e0 R.341-31 ;\nVU  le  d\u00e9cret  du  20  juin  1973  portant  classement  parmi  les  sites  pittoresques  du  panorama \nd\u00e9couvert depuis la voie littorale 62 sur les remparts d'Aigues-Mortes\u00a0;\nVU  le  rapport  en  manquement  administratif  du  6  f\u00e9vrier  2025,  transmis  \u00e0  Monsieur  Philippe \nROSSEL, par courrier notifi\u00e9 en date du 19 ao\u00fbt 2025 conform\u00e9ment aux articles L.171-6\u00a0;\nVU l'absence de r\u00e9ponse \u00e0 la transmission du rapport susvis\u00e9\u00a0;\nConsid\u00e9rant que lors de la visite en date du 3 f\u00e9vrier 2025, l'agent en charge du contr\u00f4le a constat\u00e9 \nles \u00e9l\u00e9ments suivants.\nSur la parcelle BP n\u00b01\u00a0:\n- une construction modulaire, servant de b\u00e2timent d'accueil,\n- deux enseignes d\u00e9labr\u00e9es,\n- une quarantaine de blocs sanitaires.\nSur la parcelle BP n\u00b079\u00a0:\n- 2 caravanes,\n- 7 mobile-homes, dont un d\u00e9moli\n- 3 conteneurs,\n- 2 auvents,\n- 1 bloc sanitaire,\n- des d\u00e9chets et stockage divers.\nConsid\u00e9rant que  ces  \u00e9l\u00e9ments,  modifiant  l'aspect  et  l'\u00e9tat  du  site  class\u00e9,  ont  \u00e9t\u00e9  r\u00e9alis\u00e9s  sans \nl'autorisation sp\u00e9ciale de travaux requise\u00a0;\nConsid\u00e9rant que  ces  travaux  constituent  un  manquement  \u00e0  l'article L.341-10  du  code  de \nl'environnement ;\nDIRECTION REGIONALE DE L'ENVIRONNEMENT DE L'AMENAGEMENT ET DU LOGEMENT -Occitanie (si\u00e8ge \u00e0 Toulouse) -\n30-2025-11-03-00006 - arr\u00eat\u00e9 de mise en demeure de M. ROSSEL 58\nConsid\u00e9rant qu'il y a lieu, conform\u00e9ment \u00e0 l'article L.171-7 du code de l'environnement, de mettre  \nen demeure Monsieur Philippe ROSSEL  de respecter les dispositions de l'article L 341-10 du m\u00eame  \ncode ;\nSur proposition de Monsieur le Directeur r\u00e9gional de l'environnement, de l'am\u00e9nagement et du  \nlogement,\nARRETE\nArticle 1  \u2013  Monsieur Philippe ROSSEL , propri\u00e9taire des parcelles cadastr\u00e9es BP n\u00b01 et n\u00b079, sur la  \ncommune d'Aigues-Mortes, est mis en demeure de r\u00e9gulariser sa situation administrative dans un  \nd\u00e9lai de six mois \u00e0 compter de la notification du pr\u00e9sent arr\u00eat\u00e9 :\n- soit en retirant les constructions et am\u00e9nagements cit\u00e9s ci-dessus.\n- soit en d\u00e9posant une demande d'autorisation sp\u00e9ciale de travaux en site class\u00e9.\nMonsieur  Philippe  ROSSEL est  inform\u00e9  que  le  d\u00e9p\u00f4t  d'un  dossier  de  demande  d'autorisation \nadministrative n'implique pas la d\u00e9livrance certaine de l'autorisation par l'autorit\u00e9 administrative,  \nqui statuera sur la demande pr\u00e9sent\u00e9e apr\u00e8s instruction administrative conform\u00e9ment aux articles  \nR.341-10 \u00e0 13 du code de l'environnement.\nArticle 2  - Dans le cas o\u00f9 l'une des obligations pr\u00e9vues \u00e0 l'article 1 ne serait pas satisfaite dans le  \nd\u00e9lai  pr\u00e9vu  au  m\u00eame  article,  et  ind\u00e9pendamment  des  poursuites  p\u00e9nales  qui  pourraient  \u00eatre \nengag\u00e9es, Monsieur  Philippe  ROSSEL s'expose  \u00e0  une  ou  plusieurs  des  mesures  et  sanctions \nadministratives mentionn\u00e9es au II de l'article L. 171-7 du code de l'environnement.\nArticle 3 -  La pr\u00e9sente d\u00e9cision peut \u00eatre d\u00e9f\u00e9r\u00e9e devant le tribunal administratif de Montpellier  \npar l'int\u00e9ress\u00e9 dans un d\u00e9lai de deux mois \u00e0 compter de la date de sa notification.\nArticle 4 -  Le pr\u00e9sent arr\u00eat\u00e9 sera notifi\u00e9 \u00e0  Monsieur  Philippe ROSSEL , et sera publi\u00e9 au recueil des  \nactes administratifs de la pr\u00e9fecture du Gard.\nCopie sera adress\u00e9e \u00e0\u00a0:\n- Monsieur le Directeur r\u00e9gional de l'environnement, de l'am\u00e9nagement et du logement \n- Monsieur le Directeur d\u00e9partemental des territoires et de la Mer\n- Monsieur le Maire d'Aigues-Mortes\ncharg\u00e9s, chacun en ce qui le concerne, de l'ex\u00e9cution du pr\u00e9sent arr\u00eat\u00e9.\nA N\u00eemes, \nLe pr\u00e9fet,\npour le pr\u00e9fet et par d\u00e9l\u00e9gation,\nle secr\u00e9taire g\u00e9n\u00e9ral,\nYann GERARD\nDIRECTION REGIONALE DE L'ENVIRONNEMENT DE L'AMENAGEMENT ET DU LOGEMENT -Occitanie (si\u00e8ge \u00e0 Toulouse) -\n30-2025-11-03-00006 - arr\u00eat\u00e9 de mise en demeure de M. ROSSEL 59\nDIRECTION REGIONALE DE L'ENVIRONNEMENT\nDE L'AMENAGEMENT ET DU LOGEMENT\n-Occitanie (si\u00e8ge \u00e0 Toulouse)\n30-2025-03-10-00003\nArr\u00eat\u00e9 de mise en demeure Poissons d'Argent\nDIRECTION REGIONALE DE L'ENVIRONNEMENT DE L'AMENAGEMENT ET DU LOGEMENT -Occitanie (si\u00e8ge \u00e0 Toulouse) -\n30-2025-03-10-00003 - Arr\u00eat\u00e9 de mise en demeure Poissons d'Argent 60\nPREFETDU GARDLibert\u00e9Egalit\u00e9Fraternit\u00e9\nDirection r\u00e9gionale de l'environnement de l'am\u00e9nagement\net du logement Occitanie\nARR\u00caT\u00c9 N \u00b0DREAL-DA-DSPE-2025-01 du 10 mars 2025 portant mise en demeure\nMonsieur BAEZA Charly, \u00e0 Aigues-Mortes,\nde r\u00e9gulariser sa situation administrative concernant une aire de camping-cars dans le site class\u00e9 du \npanorama d\u00e9couvert depuis la voie littorale 62 sur les remparts d'Aigues-Mortes\nLE PR\u00c9FET DU GARD\nVU le Code de l'Environnement, et notamment ses articles L.171-6, L.171-7 , L.171-8, L.341-1 \u00e0 L.341-22 \net R.341-1 \u00e0 R.341-31;\nVU  le  d\u00e9cret  du  20  juin  1973  portant  classement  parmi  les  sites  pittoresques  du  panorama \nd\u00e9couvert depuis la voie littorale 62 sur les remparts d'Aigues-Mortes ;\nVU le proc\u00e8s-verbal d'infraction en date du 23 janvier 1989 ;\nVU l'autorisation sp\u00e9ciale de travaux du 25 mai 1989 r\u00e9gularisant la r\u00e9alisation de bassins aquacoles, \nsous r\u00e9serve que leurs abords demeurent en terrain naturel et soient rev\u00e9g\u00e9talis\u00e9s ;\nVU le proc\u00e8s-verbal d'infraction en date du 3 ao\u00fbt 1993 ;\nVU l'autorisation sp\u00e9ciale de travaux du 15 mai 1995 pour la construction d'un local technique et la  \nd\u00e9molition des divers \u00e9difices en infraction ;\nVU l'autorisation  pr\u00e9fectorale  de  travaux  en  site  class\u00e9  du  05  d\u00e9cembre  2018,  prescrivant  la \nfermeture du chemin par deux plots en pierre locale ou en b\u00e9ton peint dans les tons de la pierre  \nlocale, reli\u00e9s par une simple cha\u00eene, \u00e0 maillons forg\u00e9s ;\nVU  le rapport en manquement administra tif du 15 mai 2024, transmis \u00e0  Monsieur Charly BAEZA , \npar courrier en date du 04 septembre 2024 conform\u00e9ment aux articles L.171-6 ;\nVU les observations de  Monsieur Charly BAEZA  formul\u00e9es par courrier en date du 19 septembre  \n2024 ;\nConsid\u00e9rant  que lors de la visite en date du  20 mars 2024 ,  l'inspecteur des sites a constat\u00e9 la  \npr\u00e9sence de deux b\u00e2timents d\u00e9di\u00e9s \u00e0 la restauration d'environ 70 et 200m\u00b2, une r\u00e9sidence mobile  \nde loisirs, une construction en bois d'environ 4 m\u00b2, une aire de camping-car en stabilis\u00e9 d'une  \nsurface d'environ 7 000 m\u00b2, un syst\u00e8me d'assainissement autonome, des conteneurs \u00e0 d\u00e9chets, une  \nbarri\u00e8re d'acc\u00e8s, de m\u00e2ts \u00e9quip\u00e9s de lumi\u00e8res et cam\u00e9ras de surveillance, deux enseignes scell\u00e9es au \nsol de plus d'1 m\u00b2 (un panneau double-face et un drapeau), situ\u00e9es en limite de la RD 62.\nConsid\u00e9rant que ces \u00e9l\u00e9ments ont \u00e9t\u00e9 r\u00e9alis\u00e9s sans l'autorisation sp\u00e9ciale de travaux, requise au  \ntitre du site class\u00e9 et qu'ils modifient l'aspect du site ;\nConsid\u00e9rant que  ces  travaux  constituent  un  manquement  \u00e0  l'article L.341-10  du  code  de \nl'environnement;\nConsid\u00e9rant qu'il y a lieu, conform\u00e9ment aux articles L.171-7 et L.171-8 du code de l'environnement, \nde mettre en demeure Monsieur Charly BAEZA de respecter les dispositions de l'article L 341-10 du  \nm\u00eame code;\nDIRECTION REGIONALE DE L'ENVIRONNEMENT DE L'AMENAGEMENT ET DU LOGEMENT -Occitanie (si\u00e8ge \u00e0 Toulouse) -\n30-2025-03-10-00003 - Arr\u00eat\u00e9 de mise en demeure Poissons d'Argent 61\nSur proposition de Monsieur le Directeur r\u00e9gional de l'environnement, de l'am\u00e9nagement et du  \nlogement,\nARRETE\nArticle 1  \u2013 Monsieur Charly BAEZA , propri\u00e9taire de la parcelle cadastr\u00e9e BN n\u00b02, sur la commune  \nd'Aigues-Mortes, est mis en demeure de r\u00e9gulariser sa situation administrative dans un d\u00e9lai d'un an \n\u00e0 compter de la notification du pr\u00e9sent arr\u00eat\u00e9 :\n- soit en retirant les constructions et am\u00e9nagements non autoris\u00e9s, cit\u00e9s ci-dessus;\n- soit en d\u00e9posant une demande d'autorisation sp\u00e9ciale de travaux en site class\u00e9.\nMonsieur  Charly  BAEZA est  inform\u00e9  que  le  d\u00e9p\u00f4t  d'un  dossier  de  demande  d'autorisation \nadministrative n'implique pas la d\u00e9livrance certaine de l'autorisation par l'autorit\u00e9 administrative,  \nqui statuera sur la demande pr\u00e9sent\u00e9e apr\u00e8s instruction administrative conform\u00e9ment aux articles  \nR.341-10 \u00e0 13 du code de l'environnement.\nArticle 2  - Dans le cas o\u00f9 l'une des obligations pr\u00e9vues \u00e0 l'article 1 ne serait pas satisfaite dans le  \nd\u00e9lai  pr\u00e9vu  au  m\u00eame  article,  et  ind\u00e9pendamment  des  poursuites  p\u00e9nales  qui  pourraient  \u00eatre \nengag\u00e9es, Monsieur  Charly  BAEZA, s'expose  \u00e0  une  ou  plusieurs  des  mesures  et  sanctions \nadministratives mentionn\u00e9es au II de l'article L. 171-8 du code de l'environnement.\nArticle 3 -  Conform\u00e9ment aux dispositions de l'article L.171-11 du code de l'environnement, la  \npr\u00e9sente d\u00e9cision est soumise \u00e0 un contentieux de pleine juridiction. La pr\u00e9sente d\u00e9cision peut \u00eatre \nd\u00e9f\u00e9r\u00e9e devant le tribunal administratif de N\u00eemes par l'int\u00e9ress\u00e9 dans un d\u00e9lai de deux mois \u00e0  \ncompter de la date de sa notification, selon les dispositions des articles R421-1 \u00e0 5 du code de  \njustice administrative. Le tribunal administratif peut aussi \u00eatre saisi par l'application informatique  \n\"t\u00e9l\u00e9recours citoyens\" accessible par le site internet www.telerecours.fr\nArticle 4 -  Le pr\u00e9sent arr\u00eat\u00e9 sera notifi\u00e9 \u00e0  Monsieur Charly BAEZA , et sera publi\u00e9 aux recueils des  \nactes administratifs du d\u00e9partement.\nCopie sera adress\u00e9e \u00e0 :\n- Monsieur le Directeur r\u00e9gional de l'environnement, de l'am\u00e9nagement et du logement,\n- Monsieur le Directeur d\u00e9partemental des territoires et de la Mer,\n- Monsieur le Maire d'Aigues-Mortes\ncharg\u00e9s, chacun en ce qui le concerne, de l'ex\u00e9cution du pr\u00e9sent arr\u00eat\u00e9.\nN\u00eemes, \nLe pr\u00e9fet,\nPour le pr\u00e9fet et par d\u00e9l\u00e9gation,\nLe secr\u00e9taire g\u00e9n\u00e9ral,\nYann GERARD\nDIRECTION REGIONALE DE L'ENVIRONNEMENT DE L'AMENAGEMENT ET DU LOGEMENT -Occitanie (si\u00e8ge \u00e0 Toulouse) -\n30-2025-03-10-00003 - Arr\u00eat\u00e9 de mise en demeure Poissons d'Argent 62\nPrefecture du Gard\n30-2025-11-28-00004\nARR\u00caT\u00c9 PR\u00c9FECTORAL PORTANT COMPOSITION\nDU CDJSVA CONSEIL D\u00c9PARTEMENTAL DE LA\nJEUNESSE, DES SPORTS ET DE LA VIE\nASSOCIATIVE\nPrefecture du Gard - 30-2025-11-28-00004 - ARR\u00caT\u00c9 PR\u00c9FECTORAL PORTANT COMPOSITION DU CDJSVA CONSEIL D\u00c9PARTEMENTAL\nDE LA JEUNESSE, DES SPORTS ET DE LA VIE ASSOCIATIVE 63\nPREFET Service d\u00e9partemental a la jeunesse, aDU GARD l'engagement et aux sportsLibert\u00e9Egalit\u00e9Fraternit\u00e9\nARRETE PREFECT Fau PB MOY 2025portant composition du conseil d\u00e9partemental de la jeunesse,des sports et de la vie associative (CDJSVA)Le pr\u00e9fet du GardChevalier de la L\u00e9gion d'honneurOfficier de l'ordre national du M\u00e9rite\nVU le code de l'action sociale et des familles notamment ses articles L.227-10 \u00e0 L.227-12 ;VU le code du sport et notamment ses articles L. 212-1, L.212-13 et L.322-3 ;VU le code des relations entre le public et l'administration ;VU la loi n\u00b0 2024-201 du 8 mars 2024 visant \u00e0 renforcer la protection des mineurs et l'honorabilit\u00e9 dans lesport qui a introduit dans le code du sport un article L.322-3 relatif \u00e0 la possibilit\u00e9 pour l'autorit\u00e9administrative de prendre des mesures d'interdiction \u00e0 l'encontre d'un exploitant d'\u00e9tablissement physiqueet sportive ;VU le d\u00e9cret n\u00b0 2006-665 du 7 juin 2006 modifi\u00e9 relatif \u00e0 la r\u00e9duction du nombre et \u00e0 la simplification de lacomposition de diverses commissions administratives ;VU le d\u00e9cret n\u00b0 2006-672 du 8 juin 2006 relatif \u00e0 la cr\u00e9ation, \u00e0 la composition et au fonctionnement decommissions administratives \u00e0 caract\u00e8re consultatif ;VU le d\u00e9cret n\u00b0 2004-374 du 29 avril 2004 relatif aux pouvoirs des pr\u00e9fets, \u00e0 l'organisation et \u00e0 l'action desservices de l'Etat dans les r\u00e9gions et d\u00e9partements ;VU le d\u00e9cret n\u00b0 2020-1542 du 9 d\u00e9cembre 2020 relatif aux comp\u00e9tences des autorit\u00e9s acad\u00e9miques dans ledomaine des politiques de la jeunesse, de l'\u00e9ducation populaire, de la vie associative, de l'engagementcivique et des sports et \u00e0 l'organisation des services charg\u00e9s de leur mise en \u0153uvre ;VU le d\u00e9cret n\u00b0 2025-510 du 10 juin 2025 relatif aux conseils d\u00e9partementaux de la jeunesse, des sports etde la vie associative ;VU le d\u00e9cret n\u00b0 2025-511 du 10 juin 2025 modifiant le code du sport et relatif aux comp\u00e9tences du conseild\u00e9partemental de la jeunesse, des sports et de la vie associative ;VU le d\u00e9cret du 13 juillet 2023 nommant M. J\u00e9r\u00f4me Bonet, pr\u00e9fet du Gard ;VU le d\u00e9cret du 28 ao\u00fbt 2023 portant nomination de Monsieur Christophe Mauny, directeur acad\u00e9mique desservices de l'Education nationale du Gard ;VU l'arr\u00eat\u00e9 pr\u00e9fectoral du 25 juillet 2022 portant cr\u00e9ation, composition et fonctionnement du conseild\u00e9partemental de la jeunesse, des sports et de la vie associative du Gard ;CONSIDERANT les propositions de d\u00e9signation \u00e9manant des associations et organisations syndicales :CONSIDERANT les modifications de composition du conseil d\u00e9partemental de la jeunesse, des sports et de lavie associative introduites par le d\u00e9cret n\u00b0 2025-510 du 10 juin 2025 ;SUR proposition de Monsieur l'inspecteur d'acad\u00e9mie-directeur acad\u00e9mique des services d\u00e9partementaux del'\u00c9ducation nationale du Gard ;\nPrefecture du Gard - 30-2025-11-28-00004 - ARR\u00caT\u00c9 PR\u00c9FECTORAL PORTANT COMPOSITION DU CDJSVA CONSEIL D\u00c9PARTEMENTAL\nDE LA JEUNESSE, DES SPORTS ET DE LA VIE ASSOCIATIVE 64\nARRETE :Article 1\u00b0 : il est proc\u00e9d\u00e9 au renouvellement, aupr\u00e8s du pr\u00e9fet du Gard, du conseil d\u00e9partemental de la jeunesse,des sports et de la vie associative (CDJSVA) pour une dur\u00e9e de 3 ans.Le CDJSVA concourt, dans le d\u00e9partement, \u00e0 la mise en \u0153uvre des politiques publiques relatives aux sports, \u00e0 lajeunesse, \u00e0 l'\u00e9ducation populaire, aux loisirs et vacances de mineurs, et \u00e0 la vie associative. || \u00e9met des avis etfait des propositions sur toute question qui lui sont soumises par son pr\u00e9sident.Il contribue \u00e0 l'exercice du pouvoir de police du pr\u00e9fet en mati\u00e8re de s\u00e9curisation des pratiques sportives et desaccueils collectifs de mineurs. A ce titre, il \u00e9met les avis pr\u00e9alables en mati\u00e8re de suspension et d'interdictiond'exercer conform\u00e9ment aux articles L.227-10 et L.227-11 du code de l'action sociale et des familles et aux articlesL.212-3 et L.322-3 du code du sportArticle 2 : Le conseil d\u00e9partemental de la jeunesse, des sports et de la vie associative du Gard, plac\u00e9 sous lapr\u00e9sidence du pr\u00e9fet du Gard ou son repr\u00e9sentant, est constitu\u00e9 comme suit :1\u00b0 Au titre des repr\u00e9sentants des services d\u00e9concentr\u00e9s de l'\u00c9tat- Le directeur acad\u00e9mique des services de l'\u00c9ducation nationale du Gard ou son repr\u00e9sentant ;- La directrice de la direction d\u00e9partementale de l'emploi, du travail et des solidarit\u00e9s du Gard ou sonrepr\u00e9sentant ;- Le directeur territorial de la protection judiciaire de la jeunesse Gard et Loz\u00e8re ou son repr\u00e9sentant ;- Le directeur de la direction interd\u00e9partementale de la police nationale du Gard ou son repr\u00e9sentant ;- Le commandant du groupement de gendarmerie d\u00e9partemental du Gard ou son repr\u00e9sentant ;- Le chef du service d\u00e9partemental \u00e0 la jeunesse, \u00e0 l'engagement et aux sports du Gard ou sonrepr\u00e9sentant ;- La d\u00e9l\u00e9gu\u00e9e d\u00e9partementale \u00e0 la vie associative du Gard ou son repr\u00e9sentant ;- Un agent du service d\u00e9partemental \u00e0 la jeunesse, \u00e0 l'engagement et aux sports du Gard ;2\u00b0 Au titre des repr\u00e9sentants des organismes d\u00e9partementaux assurant la gestion des prestationsfamiliales |- Le directeur de la caisse d'allocations familiales du Gard ou son repr\u00e9sentant ;3\u00b0 Au titre des repr\u00e9sentants des associations et mouvements de jeunesse et d'\u00e9ducation populaireagr\u00e9es et des repr\u00e9sentants des associations sportives :- Madame CAZALET-VANDANGE Colette, exer\u00e7ant les fonctions de vice-pr\u00e9sidente de l'association \u00ab lesFrancas du Gard \u00bb ou son suppl\u00e9ant, Monsieur Hugues CLARET ;- Monsieur Philipp MONTAGUT, exer\u00e7ant les fonctions de pr\u00e9sident du comit\u00e9 d\u00e9partemental olympiqueet sportif du Gard ou sa suppl\u00e9ante, Madame Rachel MARTIN.4\u00b0 Au titre des repr\u00e9sentants des organisations syndicales de salari\u00e9s et des repr\u00e9sentants desorganisations syndicales d'employeurs exer\u00e7ant dans le domaine du sport et dans le domaine de l'accueildes mineurs mentionn\u00e9s \u00e0 l'article L227-4 du code de l'action sociale et des familles \u2014- Madame Loane EXARTIER, exer\u00e7ant les fonctions de repr\u00e9sentante du Conseil Social du MouvementSportif, organisation professionnelle repr\u00e9sentative d'employeurs dans le domaine du sport ;- Monsieur Steven PREGET, exer\u00e7ant les fonctions de repr\u00e9sentant d'Hexop\u00e9e, organisationprofessionnelle repr\u00e9sentative d'employeurs dans le domaine des accueils collectifs de mineurs ou sonsuppl\u00e9ant, Monsieur Raouf AZZOUZ ; |- Madame Karine OLLIER, repr\u00e9sentante l'Union Nationale des Syndicats Autonomes, ou son suppl\u00e9ant,Monsieur Christophe ALLEGRE ;- Monsieur R\u00e9my SALABERT, repr\u00e9sentant la Conf\u00e9d\u00e9ration Fran\u00e7aise de l''Encadrement \u2014Conf\u00e9d\u00e9ration G\u00e9n\u00e9rale des Cadres, ou sa suppl\u00e9ante, Madame M\u00e9lissa GIL.5\u00b0 Au titre des repr\u00e9sentants des associations familiales et des repr\u00e9sentants des associations ougroupements de parents d'\u00e9l\u00e8ves- Madame V\u00e9ronique PALMER, exer\u00e7ant les fonctions de repr\u00e9sentante de l'Union D\u00e9partementale desAssociations Familiales du Gard ou son suppl\u00e9ant Monsieur J\u00e9r\u00f4me GILLOUIN ;\nPrefecture du Gard - 30-2025-11-28-00004 - ARR\u00caT\u00c9 PR\u00c9FECTORAL PORTANT COMPOSITION DU CDJSVA CONSEIL D\u00c9PARTEMENTAL\nDE LA JEUNESSE, DES SPORTS ET DE LA VIE ASSOCIATIVE 65\n- Monsieur Francis NICOLLE, exergant les fonctions de repr\u00e9sentant de la F\u00e9d\u00e9ration des Conseils deParents d'El\u00e9ves des \u00e9coles publiques du Gard ou son suppl\u00e9ant, Monsieur Vincent UNTERNAEHRER.Les repr\u00e9sentants des services d\u00e9concentr\u00e9s de l'Etat et des organismes d\u00e9partementaux assurant la gestion desprestations familiales repr\u00e9sentent au moins un tiers du conseil d\u00e9partemental de la jeunesse, des sports et de lavie associative.Article 3 : Un arr\u00eat\u00e9 pr\u00e9fectoral pr\u00e9cise les modalit\u00e9s de fonctionnement du conseil d\u00e9partemental de la jeunesse,des sports et de la vie associative.Article 4 : Les membres du conseil d\u00e9partemental de la jeunesse, des sports et de la vie associative du Gard sontnomm\u00e9s pour une dur\u00e9e de trois ans renouvelables \u00e0 compter de la date du pr\u00e9sent arr\u00eat\u00e9.Le conseil d\u00e9partemental de la jeunesse, des sports et de la vie associative du Gard peut s'adjoindre toute autrepersonne \u00e0 titre de personne qualifi\u00e9e sans voix d\u00e9lib\u00e9rative.{\nArticle 5 : Tout membre du conseil d\u00e9partemental de la jeunesse, des sports et de la vie associative du Gard qui,au cours de son mandat, d\u00e9c\u00e8de, d\u00e9missionne ou perd la qualit\u00e9 en raison de laquelle il a \u00e9t\u00e9 nomm\u00e9, estremplac\u00e9 pour la dur\u00e9e du mandat restant \u00e0 courir par une personne d\u00e9sign\u00e9e dans les m\u00eames conditions.Article 6 : Le conseil d\u00e9partemental de la jeunesse, des sports et de la vie associative du Gard se r\u00e9unit surconvocation de son pr\u00e9sident.Le secr\u00e9tariat du conseil d\u00e9partemental de la jeunesse, des sports et de la vie associative du Gard est assur\u00e9 parle service d\u00e9partemental \u00e0 la jeunesse, \u00e0 l'engagement et aux sports du Gard.Article 7 : L'arr\u00eat\u00e9 pr\u00e9fectoral n\u00b0 30-2022-07-25-00002 du 25 juillet 2022 portant cr\u00e9ation, composition etfonctionnement du conseil d\u00e9partemental de la jeunesse, des sports et de la vie associative du Gard est abrog\u00e9.Article 8 : Le secr\u00e9taire g\u00e9n\u00e9ral de la pr\u00e9fecture du Gard et le directeur acad\u00e9mique des services de l'\u00c9ducationnationale du Gard sont charg\u00e9s, chacun en ce qui le concerne, de l'ex\u00e9cution du pr\u00e9sent arr\u00eat\u00e9 qui sera publi\u00e9 aurecueil des actes administratifs de la pr\u00e9fecture du Gard et notifi\u00e9 \u00e0 chacun des membres.\nDans un d\u00e9lai de deux mois \u00e0 compter de la date de notification ou de publication du pr\u00e9sent acte, les recours suivants peuvent \u00eatre introduits,conform\u00e9ment aux dispositions des articles R.421-1 et suivants du code de justice administrative et du livre IV du code des relations entre lepublic et l'administration :- Un recours gracieux, adress\u00e9 \u00e0 M. le pr\u00e9fet du Gard \u2014 10 avenue Feuch\u00e9res - 30045 Nimes cedex 9 ;- Un recours hi\u00e9rarchique, adress\u00e9 \u00e0 M. le ministre de l'Int\u00e9rieur, place Beauvau 75008 Paris cedex 08 ;Dans ces deux cas, le silence de l'administration vaut rejet implicite au terme d'un d\u00e9lais de deux mois.Apr\u00e8s un recours gracieux ou hi\u00e9rarchique, le d\u00e9lai du recours contentieux ne court qu'\u00e0 compter du rejet explicite ou implicite de l'un de cesrecours.- Un recours contentieux, en saisissant le tribunal administratif de Nimes \u2014 16 avenue Feuch\u00e9res \u2014 CS 88010- 30941 N\u00eemes cedex 09Le tribunal administratif peut \u00e9galement \u00eatre saisi par l'application informatique T\u00e9l\u00e9recours accessible sur le site internet www.telerecours.fr\nPrefecture du Gard - 30-2025-11-28-00004 - ARR\u00caT\u00c9 PR\u00c9FECTORAL PORTANT COMPOSITION DU CDJSVA CONSEIL D\u00c9PARTEMENTAL\nDE LA JEUNESSE, DES SPORTS ET DE LA VIE ASSOCIATIVE 66\nPrefecture du Gard\n30-2025-11-28-00003\narr\u00eat\u00e9 autorisant la captation, l'enregistrement\net la transmission d'images au moyen de\ncam\u00e9ras install\u00e9es sur des a\u00e9ronefs\nPrefecture du Gard - 30-2025-11-28-00003 - arr\u00eat\u00e9 autorisant la captation, l'enregistrement et la transmission d'images au moyen de\ncam\u00e9ras install\u00e9es sur des a\u00e9ronefs 67\n| | CABINETPREFET DIRECTION DES SECURITESDU GARD | Service d'animation des politiquesras de s\u00e9curit\u00e9 int\u00e9rieureFraternit\u00e9 Bureau des polices administratives\nARR\u00caT\u00c9 N\u00b030-2025-11-28-0001autorisant la captation, l'enregistrement et la transmission d'imagesau moyen de cam\u00e9ras install\u00e9es sur des a\u00e9ronefs\nLe Pr\u00e9fet du GardChevalier de la L\u00e9gion d'HonneurOfficier de l'Ordre National du M\u00e9riteVu le code de la s\u00e9curit\u00e9 int\u00e9rieure et notamment ses articles L. 242-1 \u00e0 L. 242-8 et R. 242-8 aR. 242-14 ;Vu le d\u00e9cret n\u00b0 2004-374 du 29 avril 2004 relatif aux pouvoirs des pr\u00e9fets, \u00e0 l'organisation et \u00e0l'action des services de l'\u00c9tat dans les r\u00e9gions et d\u00e9partements ;Vu le d\u00e9cret du 13 juillet 2023 nommant M. J\u00e9r\u00f4me BONET, pr\u00e9fet du Gard,Vu l'arr\u00eat\u00e9 pr\u00e9fectoral du 18 octobre 2024 n\u00b030-2024-10-18-00005 donnant d\u00e9l\u00e9gation designature \u00e0 M. Yann GERARD, secr\u00e9taire g\u00e9n\u00e9ral de la pr\u00e9fecture du Gard, sous-pr\u00e9fet de N\u00eemes;Vu l'arr\u00eat\u00e9 pr\u00e9fectoral du 18 octobre 2024 n\u00b030-2024-10-18-00006 donnant d\u00e9l\u00e9gation designature \u00e0 M. Mathias NIEPS, sous-pr\u00e9fet, charg\u00e9 de mission aupr\u00e8s du pr\u00e9fet du Gard,secr\u00e9taire g\u00e9n\u00e9ral adjoint de la pr\u00e9fecture du Gard;Vu l'arr\u00eat\u00e9 pr\u00e9fectoral n\u00b030-2024-10-18-00009 du 18 octobre 2024 donnant d\u00e9l\u00e9gation designature \u00e0 Madame Charlotte EUVRARD, sous-pr\u00e9f\u00e8te, directrice de cabinet du pr\u00e9fet du Gard;Vu l'arr\u00eat\u00e9 pr\u00e9fectoral n\u00b0 30-2024-11-28-00004 du 28 novembre 2024 donnant d\u00e9l\u00e9gation de signature\u00e0 M. Franck LACOSTE, directeur des s\u00e9curit\u00e9s, directeur de cabinet adjoint du pr\u00e9fet du Gard ;Vu l'activation du plan Vigipirate au niveau urgence attentat;Vu l'arr\u00eat\u00e9 du ministre de l'Int\u00e9rieur et des outre-mer, en date du 19 avril 2023 relatif au nombremaximal de cam\u00e9ras install\u00e9es sur des a\u00e9ronefs pouvant \u00eatre simultan\u00e9ment utilis\u00e9es danschaque d\u00e9partement et collectivit\u00e9 d'outre-mer ;Vu l'arr\u00eat\u00e9 n\u00b030-2024-07-05 du 7 mai 2024 autorisant la captation, l'enregistrement et latransmission d'images au moyen de cam\u00e9ras install\u00e9es sur des a\u00e9ronefs;Vu la demande en date du 18 novembre 2025, form\u00e9e par la direction interd\u00e9partementale de lapolice nationale, visant \u00e0 obtenir l'autorisation de capter, d'enregistrer et de transmettre desimages au moyen de deux drones portant chacun une cam\u00e9ra, afin de pr\u00e9venir les atteintes \u00e0 las\u00e9curit\u00e9 des personnes et des biens au sein des p\u00e9rim\u00e8tres pr\u00e9cis\u00e9s en annexe du pr\u00e9sent arr\u00eat\u00e9,\u00e0 Nimes du mercredi 3 d\u00e9cembre \u00e0 6h00 au jeudi 18 d\u00e9cembre 2025 \u00e0 21h00;\nH\u00f4tel de la Pr\u00e9fecture 10 avenue Feuch\u00e8res \u2014 30045 N\u00ceMES CEDEX 9T\u00e9l : 04.66.36.43.90- Fax : 04.66.36.00.87 \u2014 www.gard.gouv.fr\nPrefecture du Gard - 30-2025-11-28-00003 - arr\u00eat\u00e9 autorisant la captation, l'enregistrement et la transmission d'images au moyen de\ncam\u00e9ras install\u00e9es sur des a\u00e9ronefs 68\nConsid\u00e9rant que les dispositions susvis\u00e9es permettent aux forces de s\u00e9curit\u00e9 int\u00e9rieure, dansl'exercice de leurs missions de protection de la s\u00e9curit\u00e9 des personnes et des biens, de proc\u00e9der\u00e0 la captation, a l'enregistrement et a la transmission d'images au moyen de cam\u00e9ras install\u00e9essur des a\u00e9ronefs; que notamment, le 1\u00b0 de l'article L. 242-5 susvis\u00e9 pr\u00e9voit que ces dispositifspeuvent \u00eatre mis en \u0153uvre au titre de la pr\u00e9vention des atteintes \u00e0 la s\u00e9curit\u00e9 des personnes etdes biens dans des lieux particuli\u00e8rement expos\u00e9s, en raison de leurs caract\u00e9ristiques ou des faitsqui s'y sont d\u00e9j\u00e0 d\u00e9roul\u00e9s, \u00e0 des risques d'agression, de vol ou de trafics d'armes, d'\u00eatres humainsou de stup\u00e9fiants, ainsi que la protection des b\u00e2timents et installations publics et de leursabords imm\u00e9diats, lorsqu'ils sont particuli\u00e8rement expos\u00e9s \u00e0 des risques d'intrusion ou ded\u00e9gradations ;Consid\u00e9rant que depuis plusieurs mois, la ville de N\u00eemes conna\u00eet un important trafic destup\u00e9fiants ; que ces derni\u00e8res semaines la r\u00e9currence et la gravit\u00e9 des faits de d\u00e9linquance devoie publique li\u00e9s \u00e0 ce trafic mobilisent de fa\u00e7on significative les forces de l'ordre et les moyensde secours;Consid\u00e9rant que l'actualit\u00e9 reste soutenue par de nombreux faits de violence avec arme, tird'intimidation, homicide et tentative d'homicide; derni\u00e8rement, entre le 27 juin et le 26 juillet,11 fusillades ont eu lieu dans les diff\u00e9rents quartiers sensibles de N\u00eemes faisant 10 bless\u00e9s et 3tu\u00e9s, la derni\u00e8re fusillade a eu lieu le samedi 26juillet, son auteur a \u00e9t\u00e9 interpell\u00e9 ;Consid\u00e9rant que la DIPN b\u00e9n\u00e9ficie de renforts zonaux et mobiles ;Consid\u00e9rant que dans le cadre du PADRSQ/OVSR \u00e0 N\u00eemes, des op\u00e9rations de contr\u00f4le etd'occupation de la voie publique sont en cours pour lutter contre le narcotrafic et les fusillades ;Consid\u00e9rant que lors de leurs interventions les forces de l'ordre subissent de nombreux jets deprojectiles ;Consid\u00e9rant que les quartiers ouest de la ville de N\u00eemes (Pissevin Valdegour) class\u00e9s quartier dereconqu\u00eate r\u00e9publicaine (QRR) connaissent en 2025 des faits de r\u00e8glements de comptesignificatifs sans pr\u00e9c\u00e9dent avec trois points de deal r\u00e9pertori\u00e9s dont celui de la galerie Wagnerreste sans conteste le point le plus disput\u00e9 de la ville de N\u00eemes pour ses revenus attractifs ;Consid\u00e9rant l'intensification des pressions, menaces et contr\u00f4les exerc\u00e9s sur les habitants et lesservices publics par les membres du trafic de stup\u00e9fiants ;Consid\u00e9rant que des op\u00e9rations de contr\u00f4le sont organis\u00e9es toutes les semaines permettant lad\u00e9couverte et la saisie de quantit\u00e9s importantes de produits stup\u00e9fiants, d'armes etl'interpellation des acteurs de ces trafics; qu'ainsi au cours du mois d'octobre 21 personnes ont\u00e9t\u00e9 interpell\u00e9es ;Consid\u00e9rant que les quartiers de Pissevin et Valdegour (QRR) b\u00e9n\u00e9ficient du programme derenouvellement urbain (ANRU) et d'un engagement de nombreuses soci\u00e9t\u00e9s sur diff\u00e9rentschantiers dont les employ\u00e9s ont fait valoir leur droit de retrait apr\u00e8s avoir \u00e9t\u00e9 menac\u00e9s et dontles zones de travaux ont subi des d\u00e9gradations ;Consid\u00e9rant que l'architecture du quartier n'est pas favorable aux interventions de la police avecun ensemble urbain compos\u00e9 de tours de grande hauteur disposant d'acc\u00e8s de part et d'autre etd'esplanades desservant des halls d'entr\u00e9e, des parkings et des terrasses qui multiplient lespossibilit\u00e9s de fuite ;Consid\u00e9rant que les auteurs des trafics ont l'opportunit\u00e9 d'acc\u00e9der aux toits des b\u00e2timents quirestent un lieu privil\u00e9gi\u00e9 pour les guetteurs;\nPrefecture du Gard - 30-2025-11-28-00003 - arr\u00eat\u00e9 autorisant la captation, l'enregistrement et la transmission d'images au moyen de\ncam\u00e9ras install\u00e9es sur des a\u00e9ronefs 69\nConsid\u00e9rant que du 1\u00b0\" au 16 novembre 2025 11 personnes mises en cause ont \u00e9t\u00e9 interpell\u00e9es ;Consid\u00e9rant que les quartiers Est du Chemin Bas d'Avignon, Clos d'Orville et du Mas de Minguesont particuli\u00e8rement touch\u00e9s par le trafic de stup\u00e9fiants avec trois points de deal situ\u00e9s pourdeux d'entre eux en face d'\u00e9tablissements scolaires ;Consid\u00e9rant les pressions et menaces sur les habitants et les employ\u00e9s des services publics (Laposte, transports en commun...) ;Consid\u00e9rant que dans ce quartier ouvert qui comprend de nombreuses voies d'acc\u00e8s et unhabitat compos\u00e9 d'immeubles de taille moyenne et de zones v\u00e9g\u00e9talis\u00e9es la fuite desprotagonistes du trafic est particuli\u00e8rement ais\u00e9e rendant les interventions des forces de l'ordreplus compliqu\u00e9es ;Consid\u00e9rant que les contr\u00f4les et les op\u00e9rations sont quotidiens, que 32 personnes ont \u00e9t\u00e9interpell\u00e9es au mois d'octobre ;Consid\u00e9rant que depuis plusieurs semaines, il a \u00e9t\u00e9 constat\u00e9 une reprise d'activit\u00e9 intense sur lepoint de deal du Chemin Bas d'Avignon, avec de nombreuses interpellations r\u00e9alis\u00e9es gr\u00e2ce \u00e0des renforts et des effectifs locaux; .Consid\u00e9rant que du 1\u00b0\" au 16 novembre 2025 16 personnes mises en causes ont \u00e9t\u00e9 interpell\u00e9es ;Consid\u00e9rant que le secteur du centre-ville de Nimes est marqu\u00e9 par une tendance \u00e0 lamultiplication de plusieurs points de deal ;Consid\u00e9rant que le secteur du Vistre pr\u00e9sente une architecture atypique soulign\u00e9e par une seulevoie d'acc\u00e9s (rue du Vistre), une entr\u00e9e marqu\u00e9e par deux grands batiments surmontant desparkings, deux blocs de logements et de commerces \u00e0 l'arri\u00e8re le tout compl\u00e9t\u00e9 par des jardinset des parcs publics ;Consid\u00e9rant que les op\u00e9rations men\u00e9es sur cette zone ont d\u00e9montr\u00e9 la naissance d'une forteactivit\u00e9 li\u00e9e au trafic de stup\u00e9fiants et que les acteurs du trafic profitent de la dispositiong\u00e9ographique du secteur du Vistre pour se dissimuler ou prendre la fuite ;Consid\u00e9rant que trois points de deal sont r\u00e9pertori\u00e9s sur l'ensemble de cette zone;Consid\u00e9rant que du 1\" au 16 novembre 2025 10 personnes mises en cause ont \u00e9t\u00e9 interpell\u00e9es ;Consid\u00e9rant que les contr\u00f4les r\u00e9guliers men\u00e9s pour d'endiguer le ph\u00e9nom\u00e8ne ont permis lad\u00e9couverte derni\u00e8rement de plusieurs kilos de stup\u00e9fiants et l'interpellation de 30 personnes aumois d'octobre ;Consid\u00e9rant qu'au cours des mois de septembre et d'octobre 2025 73 personnes ont \u00e9t\u00e9interpell\u00e9es, 2 armes ont \u00e9t\u00e9 d\u00e9couvertes, 3122,19 grammes de r\u00e9sine de cannabis, 535,77grammes d'herbe de cannabis et 160,17 grammes de cocaine ont \u00e9t\u00e9 saisis ;Consid\u00e9rant que du 1\" au 16 novembre 2025 422 grammes de r\u00e9sine de cannabis, 166 grammesd'herbe de cannabis et 465,6 grammes de cocaine ont \u00e9t\u00e9 saisis ;Consid\u00e9rant que ces quartiers ne sont pas couverts par les cam\u00e9ras de vid\u00e9o surveillance, que lescam\u00e9ras sont soient ext\u00e9rieures aux quartiers soit volontairement d\u00e9truites par les d\u00e9linquants ;Consid\u00e9rant que sur chacun de ces secteurs, l'appui a\u00e9rien par drone a confirm\u00e9 l'existence detrafics de stup\u00e9fiants et r\u00e9v\u00e9l\u00e9 la commission d'infractions connexes; que ces surveillances,coordonn\u00e9es avec d'autres effectifs au sol, ont permis l'interpellation des acteurs du trafic(acheteurs, guetteurs, vendeurs et tr\u00e9sorier) et la saisie de stup\u00e9fiants, d'argent et d'armes ;\nPrefecture du Gard - 30-2025-11-28-00003 - arr\u00eat\u00e9 autorisant la captation, l'enregistrement et la transmission d'images au moyen de\ncam\u00e9ras install\u00e9es sur des a\u00e9ronefs 70\nConsid\u00e9rant que les op\u00e9rations de trafic peuvent d\u00e9buter \u00e0 tout moment de la journ\u00e9e entre6h00 et 21h00 mais pour une dur\u00e9e de temps tr\u00e8s limit\u00e9e ;Consid\u00e9rant que, compte tenu du risque d'atteintes a la s\u00e9curit\u00e9 des personnes et des biens, durisque de troubles \u00e0 l'ordre public et a la s\u00e9curit\u00e9 publique, de la sensibilit\u00e9 des quartiers, del'ampleur de la zone a s\u00e9curiser et de la topographie urbaine des lieux concern\u00e9s, de l'int\u00e9r\u00eat dedisposer d'une vision en grand angle pour permettre le maintien et le r\u00e9tablissement de l'ordrepublic et le suivi de la concentration des flux et des mouvements de personnes tout en limitantl'engagement des forces au sol, le recours au dispositif de captation install\u00e9 sur un drone estn\u00e9cessaire et adapt\u00e9 ;Consid\u00e9rant que la demande porte sur l'engagement de deux drones munis d'une cam\u00e9raa\u00e9roport\u00e9e pour une dur\u00e9e de 15 jours dans les secteurs d\u00e9limit\u00e9s par le plan joint au pr\u00e9sentarr\u00eat\u00e9; que les lieux surveill\u00e9s sont strictement limit\u00e9s au p\u00e9rim\u00e8tre sur lequel les risques pour las\u00e9curit\u00e9 des personnes sont susceptibles de survenir; qu'au regard des circonstancessusmentionn\u00e9es, la demande n'appara\u00eet pas disproportionn\u00e9e;Consid\u00e9rant que le recours \u00e0 la captation, l'enregistrement et la transmission d'images feral'objet d'une publication au recueil des actes administratifs de la pr\u00e9fecture du Gard; quetoutefois, en vertu de l'article R. 242-13 du code de la s\u00e9curit\u00e9 int\u00e9rieure, il y a lieu de d\u00e9roger auprincipe d'information du public d\u00e8s lors que cette information est en contradiction avec lafinalit\u00e9 pour laquelle le dispositif est autoris\u00e9; qu'en l'esp\u00e8ce, eu \u00e9gard au climatparticuli\u00e8rement sensible r\u00e9gnant dans les quartiers concern\u00e9s et aux tensions qui y sontr\u00e9guli\u00e8rement constat\u00e9es, une telle information serait de nature \u00e0 accro\u00eetre ce climat et cestensions;Sur proposition de la directrice de cabinet du pr\u00e9fet du Gard;\nArr\u00eate\nArticle 1: La captation, l'enregistrement et la transmission d'images par la directioninterd\u00e9partementale de la police nationale, est autoris\u00e9e au titre de la pr\u00e9vention des atteintes \u00e0la s\u00e9curit\u00e9 des personnes et des biens et de l'appui des forces de l'ordre au sol en vue de leurpermettre de maintenir ou de r\u00e9tablir l'ordre public.Article 2: Le nombre maximal de cam\u00e9ras pouvant proc\u00e9der simultan\u00e9ment aux traitementsmentionn\u00e9s \u00e0 l'article 1\u00b0\" est fix\u00e9 \u00e0 2 (mod\u00e8le DJ! Matrice AT). |Article 3 : La pr\u00e9sente autorisation est limit\u00e9e au p\u00e9rim\u00e8tre g\u00e9ographique figurant sur le planjoint en annexe.Article 4: La pr\u00e9sente autorisation est d\u00e9livr\u00e9e du mercredi 3 d\u00e9cembre \u00e0 6h00 au jeudi 18d\u00e9cembre 2025 \u00e0 21h00, pour proc\u00e9der aux traitements mentionn\u00e9s \u00e0 l'article 1\u00b0 \u00e0 tout momentde la journ\u00e9e entre 06h00 et 21h00, sur une dur\u00e9e qui ne peut exc\u00e9der quatre heurescons\u00e9cutives.Article 5 : Le registre mentionn\u00e9 \u00e0 l'article L. 242-4 du code de la s\u00e9curit\u00e9 int\u00e9rieure est transmisau repr\u00e9sentant de l'\u00c9tat dans le d\u00e9partement \u00e0 l'issue de l'\u00e9v\u00e8nement.Article 6 : Le pr\u00e9sent arr\u00eat\u00e9 est publi\u00e9 au recueil des actes administratifs de la pr\u00e9fecture et peut\u00eatre contest\u00e9 dans les deux mois suivant sa notification :\nPrefecture du Gard - 30-2025-11-28-00003 - arr\u00eat\u00e9 autorisant la captation, l'enregistrement et la transmission d'images au moyen de\ncam\u00e9ras install\u00e9es sur des a\u00e9ronefs 71\n- soit par voie de recours gracieux form\u00e9 aupr\u00e8s de M. le Pr\u00e9fet du Gard ;- soit par voie de recours hi\u00e9rarchique form\u00e9 aupr\u00e8s de M. le Ministre de l'Int\u00e9rieur ;- soit par voie de recours contentieux d\u00e9pos\u00e9 devant le tribunal Administratif deN\u00eemes.Le tribunal administratif peut aussi \u00eatre saisi par l'application informatique 'TelerecoursCitoyens', accessible par le site internet www.telerecours.fr.Article 7 : la directrice de cabinet du pr\u00e9fet du Gard et le directeur interd\u00e9partemental de lapolice nationale sont charg\u00e9s, chacun en ce qui le concerne, de l'ex\u00e9cution du pr\u00e9sent arr\u00eat\u00e9.\nN\u00eemes, le 28 novembre 2025\nLe pr\u00e9f@tie pr\u00e9fet,la sous-pr\u00e9f\u00e8te\nPrefecture du Gard - 30-2025-11-28-00003 - arr\u00eat\u00e9 autorisant la captation, l'enregistrement et la transmission d'images au moyen de\ncam\u00e9ras install\u00e9es sur des a\u00e9ronefs 72\n121044 84 UOaipte1g-2u0e flanidBy ab g9itoenUAAnVUS sitaheio-ale\nPrefecture du Gard - 30-2025-11-28-00003 - arr\u00eat\u00e9 autorisant la captation, l'enregistrement et la transmission d'images au moyen de\ncam\u00e9ras install\u00e9es sur des a\u00e9ronefs 73\nCHEMIN BAS D' AVIGNON / MAS DE MINGUE - CLOS D'ORVILLE\nChemin Bas d'Avignon / MasDe Mingue / Clos d'orville- route de Beaucaire- route d'Avignon- rue Cl\u00e9ment Ader- rue du G\u00e9n\u00e9ral Pierre Koenig- coll\u00e8ge Ada Lovelace- chemin du mas d'Alesti- impasse Fran\u00e7ois Granier- route d' Avignon- avenue de Bir Hakeim- rue de Brunswick- rue Nuna Baragnon- route de Beaucaire\nPrefecture du Gard - 30-2025-11-28-00003 - arr\u00eat\u00e9 autorisant la captation, l'enregistrement et la transmission d'images au moyen de\ncam\u00e9ras install\u00e9es sur des a\u00e9ronefs 74\nLL\n*\nPrefecture du Gard - 30-2025-11-28-00003 - arr\u00eat\u00e9 autorisant la captation, l'enregistrement et la transmission d'images au moyen de\ncam\u00e9ras install\u00e9es sur des a\u00e9ronefs 75\nCENTRE VILLE / VISTRE\n- Jardindela fontaine- avenueJean Jaur\u00e9s- rue du cirque romain- rue de laR- placedes aRS eeSergent TiaMn utmens deine Lecter- boulevard Salvador Allende- rue duee\nPrefecture du Gard - 30-2025-11-28-00003 - arr\u00eat\u00e9 autorisant la captation, l'enregistrement et la transmission d'images au moyen de\ncam\u00e9ras install\u00e9es sur des a\u00e9ronefs 76\nPrefecture du Gard - 30-2025-11-28-00003 - arr\u00eat\u00e9 autorisant la captation, l'enregistrement et la transmission d'images au moyen de\ncam\u00e9ras install\u00e9es sur des a\u00e9ronefs 77\nPissevin / Valdegour\nU4 Leur JoutesHite he eraAuernse O. P\u00e9ngendisnsNauta de fairerChane d\u00e9 ValgogourOg des tror\u00e7os Listes (HOUn Posteur Mort BOLOGNE INIGU)AveneGy Uvathie Annee\nPrefecture du Gard - 30-2025-11-28-00003 - arr\u00eat\u00e9 autorisant la captation, l'enregistrement et la transmission d'images au moyen de\ncam\u00e9ras install\u00e9es sur des a\u00e9ronefs 78\nPrefecture du Gard - 30-2025-11-28-00003 - arr\u00eat\u00e9 autorisant la captation, l'enregistrement et la transmission d'images au moyen de\ncam\u00e9ras install\u00e9es sur des a\u00e9ronefs 79\nSous Pr\u00e9fecture d'Al\u00e8s\n30-2025-11-21-00010\nARenouvellement-25-11-45-du-21-11-25-habilitatio\nn\nSous Pr\u00e9fecture d'Al\u00e8s - 30-2025-11-21-00010 - ARenouvellement-25-11-45-du-21-11-25-habilitation 80\nSous-pr\u00e9fecture d'AlesSUCRE Bureau de la R\u00e9glementation Fun\u00e9raire et des Associationsrien Service d\u00e9partemental du fun\u00e9raire10er]\u00c9galit\u00e9Fraternit\u00e9\nArr\u00eat\u00e9 n\u00b0 25-11-45portant renouvellement d'habilitation dans le domaine fun\u00e9raire pour une dur\u00e9e de 5 ansLe pr\u00e9fet du Gard,Chevalier de la l\u00e9gion d'honneur,Officier de l'ordre national du M\u00e9rite,Vu le code g\u00e9n\u00e9ral des collectivit\u00e9s territoriales, notamment les articles L. 2223-19 et suivants;Vu l'arr\u00eat\u00e9 pr\u00e9fectoral n\u00b0 30-2024-10-18-00007 du 18 octobre 2024 donnant d\u00e9l\u00e9gation designature \u00e0 Monsieur \u00c9mile SOUMBO, sous-pr\u00e9fet de l'arrondissement d'Al\u00e8s ;Vu l'arr\u00eat\u00e9 pr\u00e9fectoral n\u00b0 20-12-19 du 12 d\u00e9cembre 2019 portant renouvellement d'habilitationdans le domaine fun\u00e9raire sous le n\u00b0 20-30-0151 pour une dur\u00e9e de 5 ans, \u00e0 la Sasu FUNECAP SUD-EST pour son \u00e9tablissement secondaire \u00e0 l'enseigne \u00ab FUNERARIUM ALES ET CEVENNES \u2014 POMPESFUNEBRES TOYOS \u00bb, situ\u00e9 1Eter, route du Pont de Grabieux \u00e0 Al\u00e8s (30100) - SIRETn\u00b0302 077 169 01462 ;Vu la d\u00e9claration de renouvellement d'habilitation formul\u00e9e le 21 octobre 2025 par M. ChristopheSCAFI directeur ex\u00e9cutif Adjoint du p\u00f4le Occitanie ;Vu l'extrait Kbis de la soci\u00e9t\u00e9, \u00e0 jour en date du 25 septembre 2025;Consid\u00e9rant que l'habilitation n\u00b0 20-30-0151 arrive \u00e0 \u00e9ch\u00e9ance \u00e0 la date du 08/12/2025 ;Consid\u00e9rant que la demande de renouvellement d'habilitation est constitu\u00e9e conform\u00e9ment \u00e0 lar\u00e9glementation en vigueur ;Sur proposition du sous-pr\u00e9fet d'Al\u00e9s; ARR\u00caTE\nArticle 1\u00b0: La Sasu FUNECAP SUD-EST pour son \u00e9tablissement secondaire \u00e0 l'enseigne\u00ab FUNERARIUM ALES ET CEVENNES - POMPES FUNEBRES TOYOS \u00bb, situ\u00e9 1E ter, routedu Pont de Grabieux \u00e0 Al\u00e8s (30100) - SIRET n\u00b0302 077 169 01462 dirig\u00e9e par M.Christophe SCAFI, directeur ex\u00e9cutif adjoint du p\u00f4le Occitanie, est habilit\u00e9e pourexercer sur l'ensemble du territoire national, les activit\u00e9s fun\u00e9raires suivantes :- transport de corps avant et apr\u00e8s mise en bi\u00e8re,- organisation des obs\u00e8ques,- soins de conservation (activit\u00e9 sous-trait\u00e9e),- fourniture des housses, des cercueils et leurs accessoires, des urnes cin\u00e9raires,- gestion et utilisation d'une chambre fun\u00e9raire,- fourniture des corbillards et des voitures de deuil,- fourniture de personnel, objets et prestations n\u00e9cessaires aux obs\u00e8ques,inhumations, exhumations.\nSOUS-PREFECTURE d'AL\u00c8S - 3 boulevard Louis Blanc \u2014 - 30100 ALES \u2014 T\u00e9l.: 04.66.56.39.39 \u2014 www.gard gouv.fr\nSous Pr\u00e9fecture d'Al\u00e8s - 30-2025-11-21-00010 - ARenouvellement-25-11-45-du-21-11-25-habilitation 81\nArticle2: L'op\u00e9rateur fun\u00e9raire d\u00e9clare, dans le cadre d'un contrat de sous-traitance, confierles prestations fun\u00e9raires suivantes :- soins de conservation\u00e0 l'entreprise \u00ab MISSTHANATO \u00bb situ\u00e9e \u00e0 Al\u00e8s (30100) d\u00fbment habilit\u00e9e ;Article 3: Les prestations de transport de corps avant et apr\u00e8s mise en bi\u00e8re se font au moyendes v\u00e9hicules immatricul\u00e9s :EP-071-JT - FT-609-YCLes prestations de transport de corps apr\u00e8s mise en bi\u00e8re se font au moyen duv\u00e9hicule immatricul\u00e9 : DK-912-VPArticle 3: Le num\u00e9ro d'habilitation est: 25-30-0151.Article4: La dur\u00e9e de la pr\u00e9sente habilitation est fix\u00e9e pour une dur\u00e9e de 5 ans, soitjusqu'au : 09/12/2030.Article5: La pr\u00e9sente habilitation peut \u00eatre retir\u00e9e ou suspendue pour une ou plusieursactivit\u00e9s pour l'un des motifs pr\u00e9vus par l'article L.2223-25 du code g\u00e9n\u00e9ral descollectivit\u00e9s territoriales.Article6: Le sous-pr\u00e9fet d'Al\u00e8s est charg\u00e9 de l'ex\u00e9cution du pr\u00e9sent arr\u00eat\u00e9 dont unexemplaire est notifi\u00e9 \u00e0 l'int\u00e9ress\u00e9 et ins\u00e9r\u00e9 au recueil des actes administratifs(RAA) de la pr\u00e9fecture du Gard.\nAl\u00e8s le 21 novembre 2025\n\u00c9mile SOUMBO\nN\u00b0 d'insertion au RAA :\nVoies et d\u00e9lai recours :La pr\u00e9sente d\u00e9cision peut faire l'objet d'un recours administratif aupr\u00e8s de l'autorit\u00e9 qui l'a d\u00e9livr\u00e9e ou aupr\u00e8s dutribunal administratif de N\u00eemes, dans un d\u00e9lai de deux mois \u00e0 compter de sa notification pour l'int\u00e9ress\u00e9 et de sapublication pour les tiers.\nSOUS-PREFECTURE d'ALES \u2014 3 boulevard Louis Blanc \u2014 - 30100 ALES \u2014 T\u00e9l.: 04.66.56.39.39 \u2014 www.gard gouv.fr\nSous Pr\u00e9fecture d'Al\u00e8s - 30-2025-11-21-00010 - ARenouvellement-25-11-45-du-21-11-25-habilitation 82\nSous Pr\u00e9fecture d'Al\u00e8s\n30-2025-11-26-00004\nARENOUVELLEMENT-HABILITATION-25-11-46-DU\n-26-11-25\nSous Pr\u00e9fecture d'Al\u00e8s - 30-2025-11-26-00004 - ARENOUVELLEMENT-HABILITATION-25-11-46-DU-26-11-25 83\nSous-pr\u00e9fecture d'Ale\u00e9s| PBureau de la R\u00e9glementation Fun\u00e9raire et des AssociationsPREFET Service d\u00e9partemental du fun\u00e9raireDU GARDLibert\u00e9Egalit\u00e9Fraternit\u00e9 Arr\u00eat\u00e9 n\u00b0 25-11-46portant renouvellement d'habilitation dans le domaine fun\u00e9raire pour une dur\u00e9e de 5 ansLe pr\u00e9fet du Gard,Chevalier de la l\u00e9gion d'honneur,Officier de l'ordre national du M\u00e9rite,\nVu le code g\u00e9n\u00e9ral des collectivit\u00e9s territoriales, notamment les articles L. 2223-19 et suivants;Vu l'arr\u00eat\u00e9 pr\u00e9fectoral n\u00b0 30-2024-10-18-00007 du 18 octobre 2024 donnant d\u00e9l\u00e9gationde signature \u00e0 Monsieur Emile SOUMBO, sous-pr\u00e9fet de l'arrondissement d'Al\u00e8s ;Vu l'arr\u00eat\u00e9 pr\u00e9fectoral n\u00b0 20-12-26 du 9 d\u00e9cembre 2020 portant habilitation dans le domainefun\u00e9raire sous le n\u00b0 20-30-0177 pour une dur\u00e9e de 5 ans, \u00e0 la Sarl NALLE dont le si\u00e8ge estavenue du Docteur Jean Goubert \u00e0 Al\u00e8s (30100), pour son \u00e9tablissement situ\u00e9 Le Cr\u00e8s - rueJean Giono - \u00e0 Saint-Martin-de-Valgalgues (30520) - Siret n\u00b0310 666 714 00079 ;Vu la demande de renouvellement d'habilitation dans le domaine fun\u00e9raire, formul\u00e9e parM. Xavier THOUMIEUX, directeur g\u00e9n\u00e9ral de la soci\u00e9t\u00e9 sus-metionn\u00e9e ;Vu l'extrait Kbis de la soci\u00e9t\u00e9, \u00e0 jour en date du 2 octobre 2025 ;Consid\u00e9rant que l'habilitation n\u00b0 20-30-0177 est arriv\u00e9e \u00e0 \u00e9ch\u00e9ance en date du 09/12/2025 ;Consid\u00e9rant que la demande de renouvellement est constitu\u00e9e conform\u00e9ment \u00e0 lar\u00e9glementation en vigueur et sous r\u00e9serve de la communication du rapport de mesurepermettant de v\u00e9rifier le respect des prescriptions des articles D.2223-100 et D.2223-101 duCGCT dans les d\u00e9lais r\u00e9glementaires, concernant le cr\u00e9matorium ;Consid\u00e9rant que l'appareil de cr\u00e9mation dont le mod\u00e8le est un four pyrolytique FT Ill extralarge est seulement habilit\u00e9 ;sur proposition du sous-pr\u00e9fet d'Al\u00e8s ;ARR\u00caTEArticle ler: La Sas NALLE, dirig\u00e9e par M. Xavier THOUMIEUX, directeur g\u00e9n\u00e9ral, pour son\u00e9tablissement secondaire situ\u00e9: Le Cr\u00e8s \u2014 rue Jean Giono \u00e0 Saint-Martin-de-Valgalgues (30520) Siret n\u00b0310 666 714 00079 est habilit\u00e9e pour exercer surl'ensemble du territoire national, les activit\u00e9s fun\u00e9raires suivantes :- gestion et utilisation d'une chambre fun\u00e9raire ;- soins de conservation (activit\u00e9 sous trait\u00e9e),- gestion d'un cr\u00e9matorium (par d\u00e9l\u00e9gation de service public).Article 2 : L'appareil de cr\u00e9mation dont le mod\u00e8le est un four pyrolytique FT III extralarge install\u00e9 en 2025 est seulement habilit\u00e9 ;\nSOUS-PREFECTURE d'ALES \u2014 3 boulevard Louis Blanc \u2014 - 30100 ALES \u2014 T\u00e9l.: 04.66.56.39.39 \u2014 www.gard.gouv.fr\nSous Pr\u00e9fecture d'Al\u00e8s - 30-2025-11-26-00004 - ARENOUVELLEMENT-HABILITATION-25-11-46-DU-26-11-25 84\nArticle 3: L'op\u00e9rateur fun\u00e9raire d\u00e9clare, dans le cadre d'un contrat de sous-traitance,confier les prestations fun\u00e9raires suivantes :- soins de conservation\u00e0 l'entreprise habilit\u00e9e \u00ab MISSTHANATO \u00bb sise \u00e0 Al\u00e8s (30100), dirig\u00e9es parMesdames Christelle CORBIER et Salom\u00e9 MENGUS.Article 4 : Le num\u00e9ro d'habilitation est : 25-30-0282.Article 5 : La pr\u00e9sente habilitation est fix\u00e9e pour une dur\u00e9e de 5 ans, soit jusqu'au:10/12/2030.Article 6: La pr\u00e9sente habilitation peut \u00eatre retir\u00e9e ou suspendue pour une ou plusieursactivit\u00e9s pour l'un des motifs pr\u00e9vus par l'article L.2223-25 du code g\u00e9n\u00e9raldes collectivit\u00e9s territoriales et sous r\u00e9serve de la communication du rapportde mesure permettant de v\u00e9rifier le respect des prescriptions des articlesD.2223-100 et D.2223-101 du CGCT dans les d\u00e9lais r\u00e9glementaires, concernantle cr\u00e9matorium ;Article 7 : Le sous-pr\u00e9fet d'Al\u00e8s est charg\u00e9 de l'ex\u00e9cution du pr\u00e9sent arr\u00eat\u00e9 dont unexemplaire est notifi\u00e9 \u00e0 l'int\u00e9ress\u00e9 et ins\u00e9r\u00e9 au recueil des actes administratifs(RAA) de la pr\u00e9fecture du Gard.\nAl\u00e8s, le 26 novembre 2025\nLe sous-pr\u00e9fet,\nWe SOUMBO\nN\u00b0 d'insertion au RAA :\nVoies et d\u00e9lais de recours :La pr\u00e9sente d\u00e9cision peut faire l'objet d'un recours administratif aupr\u00e8s de l'autorit\u00e9 qui l'a d\u00e9livr\u00e9e ouaupr\u00e8s du tribunal administratif de N\u00eemes, dans un d\u00e9lai de deux mois \u00e0 compter de sa notification pourl'int\u00e9ress\u00e9 et de sa publication pour les tiers.\nSous Pr\u00e9fecture d'Al\u00e8s - 30-2025-11-26-00004 - ARENOUVELLEMENT-HABILITATION-25-11-46-DU-26-11-25 85\nSous Pr\u00e9fecture d'Al\u00e8s\n30-2025-11-27-00007\nARENOUVELLEMENT-HABILITATION-25-11-48-DU\n-27-11-25\nSous Pr\u00e9fecture d'Al\u00e8s - 30-2025-11-27-00007 - ARENOUVELLEMENT-HABILITATION-25-11-48-DU-27-11-25 86\nSous-pr\u00e9fecture d'Al\u00e8si  Bureau de la R\u00e9glementation Fun\u00e9raire et des AssociationsLibert\u00e9 Service d\u00e9partemental du fun\u00e9rairer\u00c9galit\u00e9Fraternit\u00e9\nArr\u00eat\u00e9 n\u00b0 25-11-48portant renouvellement d'habilitation dans le domaine fun\u00e9raire pour une dur\u00e9e de 5 ans\nLe pr\u00e9fet du Gard,Chevalier de la l\u00e9gion d'honneur,Officier de l'ordre national du M\u00e9rite,\nVu le code g\u00e9n\u00e9ral des collectivit\u00e9s territoriales, notamment les articles L. 2223-19 et suivants;Vu l'arr\u00eat\u00e9 pr\u00e9fectoral n\u00b0 30-2024-10-18-00007 du 18 octobre 2024 donnant d\u00e9l\u00e9gation designature \u00e0 Monsieur Emile SOUMBO, sous-pr\u00e9fet de l'arrondissement d'Al\u00e8s ;Vu l'arr\u00eat\u00e9 pr\u00e9fectoral n\u00b019-11-22 en date du 26 novembre 2019 portant renouvellementd'habilitation dans le domaine fun\u00e9raire pour une dur\u00e9e de 6 ans sous le n\u00b0 19-30-0134, \u00e0 la SarlPompes Fun\u00e8bres COLLIN, pour son \u00e9tablissement secondaire situ\u00e9 \u00e0 Manduel (Gard), route deRodilhan, Zac Cante Perdrix, RD 546, siret n\u00b0 43279785000034 ;Vu la demande de renouvellement d'habilitation dans le domaine fun\u00e9raire formul\u00e9e par M.Christopher COLLIN g\u00e9rant de la soci\u00e9t\u00e9 sus-mentionn\u00e9e ;Vu l'extrait Kbis de la soci\u00e9t\u00e9, \u00e0 jour en date du 03 novembre 2025;Consid\u00e9rant que l'habilitation n\u00b0 19-30-0134 arrive \u00e0 \u00e9ch\u00e9ance \u00e0 la date du 26/11/2025 ;Consid\u00e9rant que la demande de renouvellement d'habilitation est constitu\u00e9e conform\u00e9ment ala r\u00e9glementation en vigueur ;Sur proposition du sous-pr\u00e9fet d'Al\u00e8s ;\nARR\u00caTE\nArticle 1\u00b0: La Sarl Pompes Fun\u00e8bres COLLIN, pour son \u00e9tablissement secondaire situ\u00e9 \u00e0Manduel (Gard), route de Rodilhan, Zac Cante Perdrix, RD 546, siret n\u00b043279785000034 dirig\u00e9e par M. Christopher COLLIN, est habilit\u00e9 pour exercersur l'ensemble du territoire national, les activit\u00e9s fun\u00e9raires suivantes :- gestion et utilisation d'un chambre fun\u00e9raire,- soins de conservation (activit\u00e9 sous-trait\u00e9e),\nSOUS-PREFECTURE d'ALES - 3 boulevard Louis Blanc \u2014 - 30100 ALES \u2014 T\u00e9l.: 04.66.56.39.39 \u2014 www.gard.gouvfr\nSous Pr\u00e9fecture d'Al\u00e8s - 30-2025-11-27-00007 - ARENOUVELLEMENT-HABILITATION-25-11-48-DU-27-11-25 87\nArticle2: L'op\u00e9rateur fun\u00e9raire d\u00e9clare, dans le cadre d'un contrat de sous-traitance,confier les prestations fun\u00e9raires suivantes :les soins de conservation\u00e0 la SARL \u00abLa dame de Noves \u00bb, situ\u00e9e a SAINT-ETIENNE-DU-GR\u00c8S (13103)d\u00fbment habilit\u00e9e.Article 3: Le num\u00e9ro d'habilitation est : 25-30-0134.Article 4: La dur\u00e9e de la pr\u00e9sente habilitation est fix\u00e9e pour une dur\u00e9e de 5 ans, soitjusqu'au : 27/11/2030.Article 5: La pr\u00e9sente habilitation peut \u00eatre retir\u00e9e ou suspendue pour une ou plusieursactivit\u00e9s pour l'un des motifs pr\u00e9vus par l'article L.2223-25 du code g\u00e9n\u00e9raldes collectivit\u00e9s territoriales.Article6: Le sous-pr\u00e9fet d'Al\u00e9s est charg\u00e9 de l'ex\u00e9cution du pr\u00e9sent arr\u00eat\u00e9 dont unexemplaire est notifi\u00e9 \u00e0 l'int\u00e9ress\u00e9 et ins\u00e9r\u00e9 au recueil des actesadministratifs (RAA) de la pr\u00e9fecture du Gard.\nAl\u00e8s le 27 novembre 2025\nLe sous-pr\u00e9fet\nN\u00b0 d'insertion au RAA :\nVoies et d\u00e9lais de recours :La pr\u00e9sente d\u00e9cision peut faire l'objet d'un recours administratif aupr\u00e8s de l'autorit\u00e9 qui l'a d\u00e9livr\u00e9e ou aupr\u00e8s dutribunal administratif de Nimes, dans un d\u00e9lai de deux mois \u00e0 compter de sa notification pour l'int\u00e9ress\u00e9 et de sapublication pour les tiers.\nSOUS-PREFECTURE d'AL\u00c8S \u2014 3 boulevard Louis Blanc \u2014 - 30100 ALES \u2014 T\u00e9l.: 04.66.56.39.39 \u2014 www.gard.gouv.fr\nSous Pr\u00e9fecture d'Al\u00e8s - 30-2025-11-27-00007 - ARENOUVELLEMENT-HABILITATION-25-11-48-DU-27-11-25 88","date":"2025-11-28","first_seen_on":"2025-11-28T17:30:13+00:00","id":"e47e0a45ad41870d7fa8b38f084d0533bd77d9dc550e0e9eb32b0539b2ca1d55","name":"recueil-30-2025-210-special du 28 11 2025","pdf_creation_date":"2025-11-28T15:44:37+00:00","pdf_modification_date":null,"timezone":"Europe/Paris","url":"https://www.gard.gouv.fr/contenu/telechargement/66180/486670/file/recueil-30-2025-210-special%20du%2028%2011%202025.pdf"}
