{"administration":"pref21","administration_name":"Pr\u00e9fecture de C\u00f4te-d\u2019Or","content":"PR\u00c9FET\nDE LA C\u00d4TE-D'OR\nRECUEIL DES ACTES\nADMINISTRATIFS SP\u00c9CIAL\nN\u00b021-2024-079\nPUBLI\u00c9 LE  3 JUILLET 2024\nSommaire\nDirection d\u00e9partementale de la protection des populations de la C\u00f4te-d'Or /\n21-2024-07-02-00001 - DIRECTION D\u00c9PARTEMENTALE DE LA PROTECTION\nDES POPULATIONS (3 pages) Page 4\nDirection d\u00e9partementale des territoires de la C\u00f4te-d'Or / Cellule \u00c9ducation\nrouti\u00e8re\n21-2024-07-01-00006 - Arr\u00eat\u00e9 N\u00b0 1089\nautorisant le renouvellement\nquinquennal de l\u25a1agr\u00e9ment permettant \u00e0 Madame Corinne GUILLEMOT\nd\u25a1exploiter un \u00e9tablissement d\u25a1enseignement, \u00e0 titre on\u00e9reux, de  la\nconduite des v\u00e9hicules \u00e0 moteur et de la s\u00e9curit\u00e9 routi\u00e8re, \nsous le n\u00b0 E  12\n021 0496 0\nd\u00e9nomm\u00e9 \u00ab\u00a0AUTO-\u00c9COLE \tCORINNE GUILLEMOT\u00bb\nsitu\u00e9e 1,\nrue d\u25a1Agentine - 21210 SAULIEU (3 pages) Page 8\nDirection d\u00e9partementale des territoires de la C\u00f4te-d'Or / Service de l'eau et\ndes risques\n21-2024-06-27-00004 - Arr\u00eat\u00e9 pr\u00e9fectoral n\u00b0 1088 du 27 juin 2024 portant\nd\u00e9claration d'int\u00e9r\u00eat g\u00e9n\u00e9ral et r\u00e9c\u00e9piss\u00e9 de d\u00e9claration pour la r\u00e9alisation\nde travaux visant \u00e0 l'am\u00e9lioration hydro\u00e9cologique de la Bouzaise en\ntravers\u00e9e urbaine de Beaune (21) puis modifiant et r\u00e9gularisant le droit\nd'eau du barrage de la ville et du vannage des remparts. (14 pages) Page 12\nPr\u00e9fecture de la C\u00f4te-d'Or /\n21-2024-06-21-00003 - arr\u00eat\u00e9 fixant le taux de l'indemnit\u00e9 repr\u00e9sentative de\nlogement \u00e0 verser aux instituteurs pour l'ann\u00e9e 2023. (2 pages) Page 27\nPr\u00e9fecture de la C\u00f4te-d'Or / Direction des Collectivit\u00e9s locales et des\nElections\n21-2024-07-02-00006 - Arr\u00eat\u00e9 pr\u00e9fectoral n\u00b0 1 092 fixant la liste des\ncandidats pour l'\u00e9lection des d\u00e9put\u00e9s \u00e0 l'Assembl\u00e9e Nationale pour le 2nd\ntour du dimanche 7 juillet 2024 pour la 1\u00e8re circonscription (2 pages) Page 30\n21-2024-07-02-00007 - Arr\u00eat\u00e9 pr\u00e9fectoral n\u00b0 1 093 fixant la liste des\ncandidats pour l'\u00e9lection des d\u00e9put\u00e9s \u00e0 l'Assembl\u00e9e Nationale pour le 2nd\ntour du dimanche 7 juillet 2024 pour la 2\u00e8me circonscription (2 pages) Page 33\n21-2024-07-02-00008 - Arr\u00eat\u00e9 pr\u00e9fectoral n\u00b0 1 094 fixant la liste des\ncandidats pour l'\u00e9lection des d\u00e9put\u00e9s \u00e0 l'Assembl\u00e9e Nationale pour le 2nd\ntour du dimanche 7 juillet 2024 pour la 3\u00e8me circonscription (2 pages) Page 36\n21-2024-07-02-00009 - Arr\u00eat\u00e9 pr\u00e9fectoral n\u00b0 1 095 fixant la liste des\ncandidats pour l'\u00e9lection des d\u00e9put\u00e9s \u00e0 l'Assembl\u00e9e Nationale pour le 2nd\ntour du dimanche 7 juillet 2024 pour la 4\u00e8me circonscription (2 pages) Page 39\n21-2024-07-02-00010 - Arr\u00eat\u00e9 pr\u00e9fectoral n\u00b0 1 096 fixant la liste des\ncandidats pour l'\u00e9lection des d\u00e9put\u00e9s \u00e0 l'Assembl\u00e9e Nationale pour le 2nd\ntour du dimanche 7 juillet 2024 pour la 5\u00e8me circonscription (2 pages) Page 42\n2\nPr\u00e9fecture de la C\u00f4te-d'Or / Direction des s\u00e9curit\u00e9s\n21-2024-07-02-00003 - Arr\u00eat\u00e9 pr\u00e9fectoral N\u00b01090\nautorisant la captation,\nl\u25a1enregistrement et la transmission d\u25a1images\nau moyen de cam\u00e9ras\ninstall\u00e9es sur des a\u00e9ronefs (2 pages) Page 45\n21-2024-07-02-00002 - Arr\u00eat\u00e9 pr\u00e9fectoral N\u00b01091\nautorisant la captation,\nl\u25a1enregistrement et la transmission d\u25a1images\nau moyen de cam\u00e9ras\ninstall\u00e9es sur des a\u00e9ronefs (3 pages) Page 48\n21-2024-07-02-00004 - Arr\u00eat\u00e9 pr\u00e9fectoral N\u00b01097\nautorisant la mise en\n\u25a1uvre d\u25a1un dispositif de brouillage antidrone\npar la direction\ninterd\u00e9partementale de la police nationale de la C\u00f4te-d\u25a1Or (2 pages) Page 52\n21-2024-07-02-00005 - Arr\u00eat\u00e9 pr\u00e9fectoral N\u00b01098\nautorisant la mise en\n\u25a1uvre d\u25a1un dispositif de brouillage antidrone\npar le groupement de\ngendarmerie d\u00e9partementale de la C\u00f4te-d\u25a1Or (3 pages) Page 55\n21-2024-07-01-00005 - Arr\u00eat\u00e9 pr\u00e9fectoral portant agr\u00e9ment d'un m\u00e9decin\nconsultant en commission m\u00e9dicale des permis de conduire de\nl'arrondissement de Dijon concernant M. Jean-Marie HUMBLOT (2 pages) Page 59\n3\nDirection d\u00e9partementale de la protection des\npopulations de la C\u00f4te-d'Or\n21-2024-07-02-00001\nDIRECTION D\u00c9PARTEMENTALE DE LA\nPROTECTION DES POPULATIONS\nDirection d\u00e9partementale de la protection des populations de la C\u00f4te-d'Or - 21-2024-07-02-00001 - DIRECTION D\u00c9PARTEMENTALE DE\nLA PROTECTION DES POPULATIONS 4\n\"NPREFETDE LAC\u00d4TE-D'ORLibert\u00e9Egalit\u00e9Fraternit\u00e9\nDirection d\u00e9partementalede la protection des populations\nARR\u00caT\u00c9 PR\u00c9FECTORAL N\u00b0 1086/ DDPP du 02 juillet 2024\ndonnant subd\u00e9l\u00e9gation de signature\nLE DIRECTEUR D\u00c9PARTEMENTAL DE LA PROTECTION DES POPULATIONS DE LA C\u00d4TE-D'OR \nVU le d\u00e9cret N\u00b0 2009-1484 du 3 d\u00e9cembre 2009 modifi\u00e9 relatif aux directions d\u00e9partementales intermi -\nnist\u00e9rielles, notamment son article 5,\nVu l'arr\u00eat\u00e9 du 14 septembre 2023 nommant M. Didier ROOSE, directeur d\u00e9partemental de la protection\ndes populations de la C\u00f4te-d'Or, \u00e0 compter du 18 septembre 2023 ;\nVU l'arr\u00eat\u00e9 pr\u00e9fectoral N\u00b0 1409 /SG du 18 septembre 2023 donnant d\u00e9l\u00e9gation de signature \u00e0 \nM. Didier ROOSE, directeur d\u00e9partemental de la protection des populations.\nVU l'arr\u00eat\u00e9  du  28  f\u00e9vrier  2022  nommant  Mme  Genevi\u00e8ve  CASCHETTA  directrice  d\u00e9partementale\nadjointe de la protection des populations de la C\u00f4te-d'Or, \u00e0 compter du   1er mars 2022              \nARR\u00caTE \nArticle 1  er   : \nDans le domaine des comp\u00e9tences administratives vis\u00e9es \u00e0 l'article 2 de l'arr\u00eat\u00e9 pr\u00e9fectoral N\u00b0 1409 /SG\ndu 18 septembre 2023 et conform\u00e9ment \u00e0  l'article 9 de ce m\u00eame arr\u00eat\u00e9, en mon absence ou en cas\nd'emp\u00eachement de ma part, subd\u00e9l\u00e9gation de signature est donn\u00e9e dans le cadre de leurs attributions\nrespectives, \u00e0 :\n\uf02d Mme Genevi\u00e8ve CASCHETTA, directrice d\u00e9partementale adjointe ; \n\uf02d Mme Anne DUPIRE,  cheffe du service v\u00e9t\u00e9rinaire \u2013 concurrence consommation r\u00e9pression des\nfraudes \u2013 protection de l'alimentation humaine (SV\u2013CCRF\u2013PAH) ;\n\uf02d Mr Roland LAFFOURCADE, adjoint \u00e0 la cheffe du SV\u2013CCRF\u2013PAH\n\uf02d Mme Flora AL-HAKKAK, cheffe du service v\u00e9t\u00e9rinaire \u2013 sant\u00e9 protection animale et protection\nde l'environnement (SV\u2013SPAPE) ;\n\uf02d Mme Adeline PERRONNEAU, adjointe \u00e0 la cheffe du SV\u2013SPAPE ; \n\uf02d Mme Marie-Andr\u00e9e DURAND, cheffe du p\u00f4le environnement au SV\u2013SPAPE ;\n\uf02d M. Gil  GONFALONE, chef du service  concurrence consommation r\u00e9pression des fraudes -\nprotection \u00e9conomique des consommateurs (CCRF-PEC) ;\n\uf02d Mme Nathalie BRISSOT, charg\u00e9e de soutien \u00e0 l'enqu\u00eate.\nDirection d\u00e9partementale de la protection des populations de la C\u00f4te-d'Or - 21-2024-07-02-00001 - DIRECTION D\u00c9PARTEMENTALE DE\nLA PROTECTION DES POPULATIONS 5\nArticle 2 :\n \nDans le domaine des comp\u00e9tences administratives vis\u00e9es \u00e0 l'article 2 de l'arr\u00eat\u00e9 pr\u00e9fectoral N\u00b0 1409 /SG\ndu 18 septembre 2023 - plus particuli\u00e8rement pour tous les aspects relatifs aux abattoirs d'animaux de\nboucherie du d\u00e9partement - conform\u00e9ment \u00e0  l'article 9 de ce m\u00eame arr\u00eat\u00e9, en mon absence ou en cas\nd'emp\u00eachement de ma part, subd\u00e9l\u00e9gation de signature est donn\u00e9e dans le cadre de leurs attributions\nrespectives, \u00e0 :\n \n\uf0b7 Mr Mario DE DECKER, responsable de l'\u00e9quipe d'inspection v\u00e9t\u00e9rinaire de la DDPP de la C\u00f4te-\nd'Or, bas\u00e9e \u00e0 l'abattoir de Venarey-L\u00e8s-Laumes ;\n\uf0b7 Mme Karine ZANCANARO, en suppl\u00e9ance de Mr Mario DE DECKER, responsable de l'\u00e9quipe\nd'inspection v\u00e9t\u00e9rinaire de la DDPP de la C\u00f4te-d'Or, bas\u00e9e \u00e0 l'abattoir de Venarey-L\u00e8s-Laumes ;\nArticle 3 :\nDans le domaine de comp\u00e9tence relatif aux responsabilit\u00e9s d'unit\u00e9 op\u00e9rationnelle vis\u00e9es \u00e0 l'article 3 de\nl'arr\u00eat\u00e9 pr\u00e9fectoral N\u00b0 1409 /SG du 18 septembre 2023 et conform\u00e9ment \u00e0 l'article 9 de ce m\u00eame arr\u00eat\u00e9,\nen mon absence ou en cas d'emp\u00eachement de ma part, subd\u00e9l\u00e9gation de signature est donn\u00e9e dans le\ncadre de leurs attributions respectives, pour l'ordonnancement secondaire des d\u00e9penses et des recettes des\ntrois programmes 134, 206 et 724, \u00e0 :\n\uf0b7 Mme Genevi\u00e8ve CASCHETTA, directrice d\u00e9partementale adjointe ;\n\uf0b7 M. Judica\u00ebl BENANH-TOGNAMA, contr\u00f4leur de gestion,  en suppl\u00e9ance de Mme Genevi\u00e8ve\nCASCHETA, directrice d\u00e9partementale adjointe ;\nArticle 4 :\nDans le domaine de comp\u00e9tence relatif aux responsabilit\u00e9s de service prescripteur, centre de co\u00fbts, vis\u00e9es\n\u00e0 l'article 7 de l'arr\u00eat\u00e9 pr\u00e9fectoral N\u00b0 1409 /SG du 18 septembre 2023 et conform\u00e9ment \u00e0 l'article 9 de ce\nm\u00eame arr\u00eat\u00e9, en mon absence ou en cas d'emp\u00eachement de ma part, subd\u00e9l\u00e9gation de signature est\ndonn\u00e9e  dans  le  cadre  de  leurs  attributions  respectives,  pour  assurer  le  traitement  des  engagements\njuridiques et demandes de paiement ainsi que leur validation par le centre de service partag\u00e9 chorus\nhabilit\u00e9, \u00e0 :\n\uf0b7 Mme Genevi\u00e8ve CASCHETTA, directrice d\u00e9partementale adjointe ;\n\uf0b7 M. Judica\u00ebl BENANH-TOGNAMA, contr\u00f4leur de gestion,  en suppl\u00e9ance de Mme Genevi\u00e8ve\nCASCHETA, directrice d\u00e9partementale adjointe ;\n\uf0b7 Mme Madelyne SAMSON, assistante de direction, en suppl\u00e9ance de M. Judica\u00ebl \nBENANH-TOGNAMA, contr\u00f4leur de gestion\n\uf0b7 M. Billo DIALLO, charg\u00e9 du contr\u00f4le et de l'ex\u00e9cution de la d\u00e9pense publique, en suppl\u00e9ance de\nM. Judica\u00ebl BENANH-TOGNAMA, contr\u00f4leur de gestion\nArticle 5 :\nDans le domaine de comp\u00e9tence relatif aux responsabilit\u00e9s de pouvoir adjudicateur vis\u00e9es aux articles 7 et\n8 de l'arr\u00eat\u00e9 pr\u00e9fectoral N\u00b0 1409 /SG du 18 septembre 2023 et conform\u00e9ment \u00e0 l'article 9 de ce m\u00eame\narr\u00eat\u00e9, en mon absence ou en cas d'emp\u00eachement de ma part, subd\u00e9l\u00e9gation de signature est donn\u00e9e dans\nle cadre de leurs attributions respectives, pour la passation et l'ex\u00e9cution des march\u00e9s d\u00e9volus au pouvoir\nadjudicateur, \u00e0 :\n \n\uf0b7 Mme Genevi\u00e8ve CASCHETTA, directrice d\u00e9partementale adjointe ;\nDirection d\u00e9partementale de la protection des populations de la C\u00f4te-d'Or - 21-2024-07-02-00001 - DIRECTION D\u00c9PARTEMENTALE DE\nLA PROTECTION DES POPULATIONS 6\n\uf0b7 M. Judica\u00ebl BENANH-TOGNAMA, contr\u00f4leur de gestion,  en suppl\u00e9ance de Mme Genevi\u00e8ve\nCASCHETA, directrice  d\u00e9partementale  adjointe  et  dans  la  limite  fix\u00e9e  en  mati\u00e8re  de\ncontractualisation de march\u00e9s publics ;\nArticle 6 :\nLe pr\u00e9sent arr\u00eat\u00e9 abroge et remplace l'arr\u00eat\u00e9 N\u00b0  1411/ DDPP  relatif au m\u00eame objet en date du 21\nseptembre 2023.\nArticle 7 : \nLa directrice d\u00e9partementale adjointe de la protection de la population et les agents concern\u00e9s sont\ncharg\u00e9s, chacun en ce qui les concerne, de l'ex\u00e9cution du pr\u00e9sent arr\u00eat\u00e9 qui sera publi\u00e9 au recueil des\nactes administratifs de la pr\u00e9fecture de la C\u00f4te-d'Or.\n                         Fait \u00e0 Dijon, le 02 juillet 2024\n          Le directeur d\u00e9partemental,\n                                     \nSign\u00e9\n                                                           \n                                                               Didier ROOSE\nDirection d\u00e9partementale de la protection des populations de la C\u00f4te-d'Or - 21-2024-07-02-00001 - DIRECTION D\u00c9PARTEMENTALE DE\nLA PROTECTION DES POPULATIONS 7\nDirection d\u00e9partementale des territoires de la\nC\u00f4te-d'Or\nCellule \u00c9ducation routi\u00e8re\n21-2024-07-01-00006\nArr\u00eat\u00e9 N\u00b0 1089\nautorisant le renouvellement quinquennal de\nl\u25a1agr\u00e9ment permettant \u00e0 Madame Corinne\nGUILLEMOT d\u25a1exploiter un \u00e9tablissement\nd\u25a1enseignement, \u00e0 titre on\u00e9reux, de  la conduite\ndes v\u00e9hicules \u00e0 moteur et de la s\u00e9curit\u00e9 routi\u00e8re, \nsous le n\u00b0 E  12 021 0496 0\nd\u00e9nomm\u00e9 \u00ab\u00a0AUTO-\u00c9COLE \tCORINNE\nGUILLEMOT\u00bb\nsitu\u00e9e 1, rue d\u25a1Agentine - 21210 SAULIEU\nDirection d\u00e9partementale des territoires de la C\u00f4te-d'Or - 21-2024-07-01-00006 - Arr\u00eat\u00e9 N\u00b0 1089\nautorisant le renouvellement quinquennal de l\u25a1agr\u00e9ment permettant \u00e0 Madame Corinne GUILLEMOT d\u25a1exploiter un \u00e9tablissement\nd\u25a1enseignement, \u00e0 titre on\u00e9reux, de  la conduite des v\u00e9hicules \u00e0 moteur et de la s\u00e9curit\u00e9 routi\u00e8re, \nsous le n\u00b0 E  12 021 0496 0\nd\u00e9nomm\u00e9 \u00ab\u00a0AUTO-\u00c9COLE \tCORINNE GUILLEMOT\u00bb\nsitu\u00e9e 1, rue d\u25a1Agentine - 21210 SAULIEU\n8\nExPREFETDE LACOTE-D'ORL,z'berte'Egalit\u00e9Fraternit\u00e9\nDirection d\u00e9partementale des territoires\nde la C\u00f4te-d'Or\nService de la S\u00e9curit\u00e9 et de l'\u00c9ducation Routi\u00e8re\nBureau de l'\u00c9ducation Routi\u00e8re\nT\u00e9l. : 03 80 29 42 84\nM\u00e9l : ddt-ber@cote-dor.gouv.fr     \nDijon, le 1er juillet 2024 \nArr\u00eat\u00e9 N\u00b0 1089\nautorisant le renouvellement quinquennal de l'agr\u00e9ment permettant \u00e0 Madame Corinne\nGUILLEMOT d'exploiter un \u00e9tablissement d'enseignement, \u00e0 titre on\u00e9reux, de  la conduite\ndes v\u00e9hicules \u00e0 moteur et de la s\u00e9curit\u00e9 routi\u00e8re, \nsous le n\u00b0 E  12 021 0496 0\nd\u00e9nomm\u00e9 \u00ab AUTO-\u00c9COLE CORINNE GUILLEMOT\u00bb\nsitu\u00e9e 1, rue d'Agentine\n21210 SAULIEU\nLe pr\u00e9fet de la C\u00f4te-d'Or\nVU le code de la route, notamment ses articles L.213-1 \u00e0 R.213-9 ;\nVU l'ordonnance n\u00b0 2014-1090 du 26 septembre 2014 relative \u00e0 la mise en accessibilit\u00e9 des\n\u00e9tablissements recevant du public, des transports publics, des b\u00e2timents d'habitation et\nde la voirie pour des personnes handicap\u00e9es ;\nVU la loi n\u00b0 2015-990 du 06 ao\u00fbt 2015 pour la croissance, l'activit\u00e9 et l'\u00e9galit\u00e9 des chances\n\u00e9conomiques, et notamment son article 23 modifiant l'article L.213-1 du code de la route ;\nVU l'arr\u00eat\u00e9 du 08 janvier 2001 relatif \u00e0 l'exploitation des \u00e9tablissements d'enseignement, \u00e0\ntitre on\u00e9reux, de la conduite des v\u00e9hicules \u00e0 moteur et de la s\u00e9curit\u00e9 routi\u00e8re ;\nVU l'arr\u00eat\u00e9 du 08 janvier 2001 cr\u00e9ant un registre national de l'enseignement de la conduite\ndes v\u00e9hicules \u00e0 moteur et de la s\u00e9curit\u00e9 routi\u00e8re ;\nVU l'arr\u00eat\u00e9 pr\u00e9fectoral n\u00b0 1438/SG du 29 septembre 2023 donnant d\u00e9l\u00e9gation de signature\n\u00e0 Madame Florence LAUBIER, directrice d\u00e9partementale des territoires de C\u00f4te-d'Or ;\nDirection d\u00e9partementale des territoires de la C\u00f4te-d'Or\n57 rue de Mulhouse- BP 53317 - 21033 DIJON cedex\nt\u00e9l : 03 80 29 44 44 \u2013 Courriel : ddt@cote-dor.gouv.fr\nDirection d\u00e9partementale des territoires de la C\u00f4te-d'Or - 21-2024-07-01-00006 - Arr\u00eat\u00e9 N\u00b0 1089\nautorisant le renouvellement quinquennal de l\u25a1agr\u00e9ment permettant \u00e0 Madame Corinne GUILLEMOT d\u25a1exploiter un \u00e9tablissement\nd\u25a1enseignement, \u00e0 titre on\u00e9reux, de  la conduite des v\u00e9hicules \u00e0 moteur et de la s\u00e9curit\u00e9 routi\u00e8re, \nsous le n\u00b0 E  12 021 0496 0\nd\u00e9nomm\u00e9 \u00ab\u00a0AUTO-\u00c9COLE \tCORINNE GUILLEMOT\u00bb\nsitu\u00e9e 1, rue d\u25a1Agentine - 21210 SAULIEU\n9\n2\nVU l'arr\u00eat\u00e9 pr\u00e9fectoral n\u00b0 76 du 6 mai 2024 portant subd\u00e9l\u00e9gation de signature aux agents\nde la direction d\u00e9partementale des territoires de la C\u00f4te-d'Or ;\nConsid\u00e9rant la  demande  pr\u00e9sent\u00e9e  par  Madame  Corinne  GUILLEMOT  en  date  du\n11/04/2024 en vue du renouvellement quinquennal de son agr\u00e9ment ;\nConsid\u00e9rant que la demande remplit les conditions r\u00e9glementaires ;\nSUR proposition de la Directrice D\u00e9partementale des Territoires de la C\u00f4te-d'Or ;\nARR\u00caTE\nArticle 1er  :  Madame Corinne GUILLEMOT est autoris\u00e9e \u00e0 exploiter, sous le n\u00b0  E 12 021\n0496 0 un \u00e9tablissement d'enseignement, \u00e0 titre on\u00e9reux, de la conduite des v\u00e9hicules \u00e0\nmoteur et de la s\u00e9curit\u00e9 routi\u00e8re, d\u00e9nomm\u00e9 \u00ab AUTO \u00c9COLE CORINNE GUILLEMOT \u00bb situ\u00e9\n1, rue d'Argentine \u2013 21210 SAULIEU.\nArticle 2 : Cet agr\u00e9ment est prorog\u00e9 pour une dur\u00e9e de cinq ans \u00e0 compter de la date du\npr\u00e9sent  arr\u00eat\u00e9.  Sur  demande  de  l'exploitant  pr\u00e9sent\u00e9e  deux  mois  avant  la  date\nd'expiration  de  la  validit\u00e9  de  son  agr\u00e9ment,  celui-ci  sera  renouvel\u00e9  si  l'\u00e9tablissement\nremplit toutes les conditions requises.\nArticle  3 :  L'\u00e9tablissement  est  habilit\u00e9,  au  vu  des  autorisations  d'enseigner  fournies,  \u00e0\ndispenser les formations pour les cat\u00e9gories de permis suivantes : \n\u27a2 B / B1 / AM-Quadri l\u00e9ger \nArticle 4 : Le pr\u00e9sent agr\u00e9ment n'est valable que pour l'exploitation d'un \u00e9tablissement, \u00e0\ntitre personnel par son titulaire, sous r\u00e9serve de l 'application des prescriptions de l'arr\u00eat\u00e9\ndu 8 janvier 2001 susvis\u00e9.\nArticle 5 : En cas de changement d'adresse ou de reprise du local par un autre exploitant,\nune  nouvelle  demande  d'agr\u00e9ment  devra  \u00eatre  pr\u00e9sent\u00e9e  deux  mois  avant  la  date  du\nchangement ou de la reprise.\nArticle 6 : Pour toute transformation du local d'activit\u00e9, tout abandon ou toute extension\nd'une  formation,  l'exploitant  est  tenu  d'adresser  une  demande  de  modification  du\npr\u00e9sent arr\u00eat\u00e9.\nArticle 7  : L'agr\u00e9ment peut \u00eatre \u00e0 tout moment suspendu ou retir\u00e9 selon les conditions\nfix\u00e9es par les articles 12 \u00e0 14 de l'arr\u00eat\u00e9 susvis\u00e9.\nDirection d\u00e9partementale des territoires de la C\u00f4te-d'Or\n57 rue de Mulhouse- BP 53317 - 21033 DIJON cedex\nt\u00e9l : 03 80 29 44 44 \u2013 Courriel : ddt@cote-dor.gouv.fr\nDirection d\u00e9partementale des territoires de la C\u00f4te-d'Or - 21-2024-07-01-00006 - Arr\u00eat\u00e9 N\u00b0 1089\nautorisant le renouvellement quinquennal de l\u25a1agr\u00e9ment permettant \u00e0 Madame Corinne GUILLEMOT d\u25a1exploiter un \u00e9tablissement\nd\u25a1enseignement, \u00e0 titre on\u00e9reux, de  la conduite des v\u00e9hicules \u00e0 moteur et de la s\u00e9curit\u00e9 routi\u00e8re, \nsous le n\u00b0 E  12 021 0496 0\nd\u00e9nomm\u00e9 \u00ab\u00a0AUTO-\u00c9COLE \tCORINNE GUILLEMOT\u00bb\nsitu\u00e9e 1, rue d\u25a1Agentine - 21210 SAULIEU\n10\n3\nArticle 8  : Le pr\u00e9sent agr\u00e9ment et toute d\u00e9cision affectant sa validit\u00e9 seront enregistr\u00e9s\ndans le registre national de l'enseignement de la conduite des v\u00e9hicules \u00e0 moteur et de la\ns\u00e9curit\u00e9 routi\u00e8re cr\u00e9\u00e9 par l'arr\u00eat\u00e9 du 8 janvier 2001 pr\u00e9cit\u00e9. Conform\u00e9ment \u00e0 la loi n\u00b0 78-17\ndu 6 janvier 1978 relative \u00e0 l'informatique, aux fichiers et aux libert\u00e9s, toute personne peut\nobtenir communication et, le cas \u00e9ch\u00e9ant, rectification ou suppression des informations\nla concernant, en s'adressant \u00e0 la direction d\u00e9partementale des territoires.\nArticle 9 : Si vous estimez devoir contester la pr\u00e9sente d\u00e9cision, vous pouvez former :\n\u2022 un recours gracieux aupr\u00e8s de mes services\n\u2022 un recours hi\u00e9rarchique aupr\u00e8s du ministre charg\u00e9 de la s\u00e9curit\u00e9 routi\u00e8re\n\u2022 un recours contentieux devant le tribunal administratif du lieu de votre r\u00e9sidence,\nque  vous  pouvez  saisir  au  moyen  de  l'application  informatique  t\u00e9l\u00e9recours  citoyen\naccessible par le biais du site www.telerecours.fr dans un d\u00e9lai de deux mois \u00e0 compter de\nsa notification ou de sa publication.\nLes recours administratifs doivent \u00eatre pr\u00e9sent\u00e9s dans ce m\u00eame d\u00e9lai de deux mois si vous\nsouhaitez conserver la possibilit\u00e9 de saisir ult\u00e9rieurement le juge administratif. Ces voies\nde recours n'ont pas d'effet suspensif.\nArticle 10  : La directrice d\u00e9partementale des territoires est charg\u00e9e de l'ex\u00e9cution du\npr\u00e9sent arr\u00eat\u00e9, qui sera publi\u00e9 au recueil des actes administratifs de la pr\u00e9fecture de C\u00f4te-\nd'Or, et dont copie sera adress\u00e9e \u00e0 Madame Corinne GUILLEMOT.\nFait \u00e0 Dijon, le 1er juillet 2024\nLa directrice d\u00e9partementale des territoires,\nPour la directrice et par d\u00e9l\u00e9gation,\nLa d\u00e9l\u00e9gu\u00e9e \u00e0 l'\u00e9ducation routi\u00e8re,\nOriginal sign\u00e9\nJulie SEVILLA\nDirection d\u00e9partementale des territoires de la C\u00f4te-d'Or\n57 rue de Mulhouse- BP 53317 - 21033 DIJON cedex\nt\u00e9l : 03 80 29 44 44 \u2013 Courriel : ddt@cote-dor.gouv.fr\nDirection d\u00e9partementale des territoires de la C\u00f4te-d'Or - 21-2024-07-01-00006 - Arr\u00eat\u00e9 N\u00b0 1089\nautorisant le renouvellement quinquennal de l\u25a1agr\u00e9ment permettant \u00e0 Madame Corinne GUILLEMOT d\u25a1exploiter un \u00e9tablissement\nd\u25a1enseignement, \u00e0 titre on\u00e9reux, de  la conduite des v\u00e9hicules \u00e0 moteur et de la s\u00e9curit\u00e9 routi\u00e8re, \nsous le n\u00b0 E  12 021 0496 0\nd\u00e9nomm\u00e9 \u00ab\u00a0AUTO-\u00c9COLE \tCORINNE GUILLEMOT\u00bb\nsitu\u00e9e 1, rue d\u25a1Agentine - 21210 SAULIEU\n11\nDirection d\u00e9partementale des territoires de la\nC\u00f4te-d'Or\nService de l'eau et des risques\n21-2024-06-27-00004\nArr\u00eat\u00e9 pr\u00e9fectoral n\u00b0 1088 du 27 juin 2024\nportant d\u00e9claration d'int\u00e9r\u00eat g\u00e9n\u00e9ral et\nr\u00e9c\u00e9piss\u00e9 de d\u00e9claration pour la r\u00e9alisation de\ntravaux visant \u00e0 l'am\u00e9lioration hydro\u00e9cologique\nde la Bouzaise en travers\u00e9e urbaine de Beaune\n(21) puis modifiant et r\u00e9gularisant le droit d'eau\ndu barrage de la ville et du vannage des\nremparts.\nDirection d\u00e9partementale des territoires de la C\u00f4te-d'Or - 21-2024-06-27-00004 - Arr\u00eat\u00e9 pr\u00e9fectoral n\u00b0 1088 du 27 juin 2024 portant\nd\u00e9claration d'int\u00e9r\u00eat g\u00e9n\u00e9ral et r\u00e9c\u00e9piss\u00e9 de d\u00e9claration pour la r\u00e9alisation de travaux visant \u00e0 l'am\u00e9lioration hydro\u00e9cologique de la\nBouzaise en travers\u00e9e urbaine de Beaune (21) puis modifiant et r\u00e9gularisant le droit d'eau du barrage de la ville et du vannage des\nremparts.\n12\nExPREFETDE LACOTE-D'ORL,z'bert\u00e9Egalit\u00e9Fraternit\u00e9\nDirection d\u00e9partementale des territoires\nde la C\u00f4te-d'Or\nAffaire suivie par : Vincent BOUGET\nService de l'eau et des risques\nBureau police de l'eau\nArr\u00eat\u00e9 pr\u00e9fectoral  n\u00b0  1088  du 27 juin 2024  portant d\u00e9claration d'int\u00e9r\u00eat g\u00e9n\u00e9ral  et\nr\u00e9c\u00e9piss\u00e9  de  d\u00e9claration  pour  la  r\u00e9alisation  de  travaux  visant  \u00e0  l'am\u00e9lioration\nhydro\u00e9cologique de la Bouzaise en travers\u00e9e urbaine de Beaune (21) puis modifiant et\nr\u00e9gularisant le droit d'eau du barrage de la ville et du vannage des remparts.\nLe pr\u00e9fet de la C\u00f4te-d'Or\nVU la Directive Cadre Europ\u00e9enne sur l'Eau n\u00b0 2000/60/CE du 23 octobre 2000 \u00e9tablissant\nun cadre pour une politique communautaire dans le domaine de l'eau ;\nVU le code de l'environnement ;\nVU le code rural et de la p\u00eache maritime et notamment les articles L.151-36 \u00e0 L.151-40 ;\nVU  la loi du 29 d\u00e9cembre 1892 relative aux dommages caus\u00e9s \u00e0 la propri\u00e9t\u00e9 priv\u00e9e par\nl'ex\u00e9cution des travaux publics ;\nVU le d\u00e9cret n\u00b02005-115 du 7 f\u00e9vrier 2005 portant application des articles L.211-7 et L.213-\n10 du code de l'environnement et de l'article L.151-37-1 du code rural, relatif aux servitudes\nde libre passage ;\nVU  le  sch\u00e9ma  directeur  d'am\u00e9nagement  et  de  gestion  des  eaux  (SDAGE)  Rh\u00f4ne\nM\u00e9diterran\u00e9e, approuv\u00e9 le 21 mars 2022  ;\nVU les arr\u00eat\u00e9s pr\u00e9fectoraux du  10 octobre 1962  et du 2 5 septembre 1963 approuvant la\nliste des cours d'eau soumis \u00e0 la servitude de libre passage, pris en application du d\u00e9cret\nn\u00b059-96 du 7 janvier 1959 (bassin \u00ab Sa\u00f4ne \u00bb en C\u00f4te-d'Or) ;\nVU l'arr\u00eat\u00e9 pr\u00e9fectoral n\u00b0 1438/SG du 29 septembre 2023 donnant d\u00e9l\u00e9gation de signature\n\u00e0 Mme Florence LAUBIER, directrice d\u00e9partementale des territoires de la C\u00f4te-d'Or ;\nVU l'arr\u00eat\u00e9 pr\u00e9fectoral n\u00b0 76 du 6 mai 2024 portant subd\u00e9l\u00e9gation de signature aux agents\nde la direction d\u00e9partementale de la C\u00f4te-d'Or ;\n1/14\nDirection d\u00e9partementale des territoires de la C\u00f4te-d'Or\n57 , rue de Mulhouse - BP 53317 - 21033 Dijon CEDEX\nT\u00e9l. : 03 80 29 44 44\nCourriel : ddt@cote-dor.gouv.fr - Site internet : http://www.cote-dor.gouv.fr\nDirection d\u00e9partementale des territoires de la C\u00f4te-d'Or - 21-2024-06-27-00004 - Arr\u00eat\u00e9 pr\u00e9fectoral n\u00b0 1088 du 27 juin 2024 portant\nd\u00e9claration d'int\u00e9r\u00eat g\u00e9n\u00e9ral et r\u00e9c\u00e9piss\u00e9 de d\u00e9claration pour la r\u00e9alisation de travaux visant \u00e0 l'am\u00e9lioration hydro\u00e9cologique de la\nBouzaise en travers\u00e9e urbaine de Beaune (21) puis modifiant et r\u00e9gularisant le droit d'eau du barrage de la ville et du vannage des\nremparts.\n13\nVU la d\u00e9claration d'int\u00e9r\u00eat g\u00e9n\u00e9ral re\u00e7ue le 19 mars 2024 pr\u00e9sent\u00e9e par le Syndicat Mixte\nd'Am\u00e9nagement du Bassin Versant de la Dheune (SMABVD)  relative aux  travaux visant \u00e0\nl'am\u00e9lioration hydro\u00e9cologique de la Bouzaise en travers\u00e9e urbaine de Beaune (21) ;\nVU la demande de compl\u00e9ment envoy\u00e9e le 22 avril 2024;\nVU les compl\u00e9ments communiqu\u00e9s \u00e0 l'administration par le p\u00e9titionnaire en date du 23 et\n27 mai 2024 ;\nVU les observations du p\u00e9titionnaire au 30 mai 2024 sur le projet d'arr\u00eat\u00e9 pr\u00e9fectoral ;\nCONSID\u00c9RANT  la  possibilit\u00e9,  en  application  de  l'article  L.211-7  du  code  de\nl'environnement, pour  les collectivit\u00e9s territoriales et leurs groupements de mettre en\n\u0153uvre l'ex\u00e9cution de tous travaux pr\u00e9sentant un caract\u00e8re d'int\u00e9r\u00eat g\u00e9n\u00e9ral ou d'urgence\net visant notamment l'entretien et l'am\u00e9nagement d'un cours d'eau ;\nCONSID\u00c9RANT la  n\u00e9cessit\u00e9  d'assurer  l'entretien,  la  continuit\u00e9,  la  restauration  des\n\u00e9cosyst\u00e8mes aquatiques et le maintien des usages communs li\u00e9s \u00e0 l'eau ;\nCONSID\u00c9RANT que  les  interventions  envisag\u00e9es  par  le  SMABVD  comprennent\nnotamment  la  renaturation  du  cours  d'eau  par  la  mise  en  place  de  banquettes\nd'h\u00e9lophytes et des nouvelles modalit\u00e9s de gestion des ouvrages visant \u00e0 diversifier les\n\u00e9coulements et les habitats du cours d'eau la Bouzaise;\nCONSID\u00c9RANT que  les  interventions  ainsi  envisag\u00e9es  pr\u00e9sentent  bien  un  caract\u00e8re\nd'int\u00e9r\u00eat g\u00e9n\u00e9ral tant du point de vue de l'environnement que du point de vue de la\nprotection des biens et des personnes ;\nCONSID\u00c9RANT que les travaux sont compatibles avec les orientations et les objectifs du\nSDAGE Rh\u00f4ne M\u00e9diterran\u00e9e et du PGRI du bassin Rh\u00f4ne M\u00e9diterrann\u00e9e en vigueur ;\nCONSID\u00c9RANT que conform\u00e9ment aux dispositions de l'article L.151-37 du code rural et\nde la p\u00eache maritime que les travaux d'entretien et de restauration des milieux aquatiques\nsont dispens\u00e9s d'enqu\u00eate publique sous r\u00e9serve qu'ils n'entra\u00eenent aucune expropriation\net que le ma\u00eetre d'ouvrage ne pr\u00e9voie pas de demander une participation financi\u00e8re aux\npersonnes int\u00e9ress\u00e9es ;\nCONSID\u00c9RANT que l'am\u00e9nagement notamment sur un ouvrage n\u00e9cessite de modifier le\ndroit d'eau ;\nCONSID\u00c9RANT que  cet  am\u00e9nagement  coupl\u00e9  \u00e0 des  nouvelles  modalit\u00e9s  de  gestions,\nam\u00e9liorent la r\u00e9partition des d\u00e9bits au profil d'un tron\u00e7on de cours d'eau non souterrain\nayant un meilleur \u00e9tat \u00e9cologique g\u00e9n\u00e9ral ;\nCONSID\u00c9RANT que le Pr\u00e9fet peut,  modifier  et r\u00e9gulariser un droit d'eau sans qu'une\nproc\u00e9dure d'enqu\u00eate publique soit n\u00e9cessaire ;\nCONSID\u00c9RANT que ces travaux de renaturation et de diversification des \u00e9coulements de\nla Bouzaise remplissent ces conditions et peuvent \u00eatre dispens\u00e9s d'enqu\u00eate publique ;\nCONSID\u00c9RANT que les travaux n'entra\u00eenent pas d'aggravation du risque d'inondation ;\nSUR proposition de Madame la directrice d\u00e9partementale des territoires de la C\u00f4te-d'Or ;\n2/14\nDirection d\u00e9partementale des territoires de la C\u00f4te-d'Or - 21-2024-06-27-00004 - Arr\u00eat\u00e9 pr\u00e9fectoral n\u00b0 1088 du 27 juin 2024 portant\nd\u00e9claration d'int\u00e9r\u00eat g\u00e9n\u00e9ral et r\u00e9c\u00e9piss\u00e9 de d\u00e9claration pour la r\u00e9alisation de travaux visant \u00e0 l'am\u00e9lioration hydro\u00e9cologique de la\nBouzaise en travers\u00e9e urbaine de Beaune (21) puis modifiant et r\u00e9gularisant le droit d'eau du barrage de la ville et du vannage des\nremparts.\n14\nARR\u00caTE\nArticle 1  :   objet de la d\u00e9claration d'int\u00e9r\u00eat g\u00e9n\u00e9ral \u2013 b\u00e9n\u00e9ficiaire\nLe Syndicat Mixte d'Am\u00e9nagement du Bassin Versant de la Dheune (SMABVD) :\n23 avenue George Pompidou\n71 106 Chalon-sur-Sa\u00f4ne\nLes travaux sont ex\u00e9cut\u00e9s conform\u00e9ment au dossier de d\u00e9claration dont il est pris acte et\nsont  d\u00e9clar\u00e9s  d'int\u00e9r\u00eat  g\u00e9n\u00e9ral  en  application  de  l'article  L.211-7  du  code  de\nl'environnement.\nLe  pr\u00e9sent  arr\u00eat\u00e9  pr\u00e9fectoral  vaut  \u00e9galement  r\u00e9c\u00e9piss\u00e9  de  d\u00e9claration  au  titre  des\nrubriques suivantes :\nRubrique Intitul\u00e9 Commentaire et r\u00e9gime du projet\n3.3.5.0\nTravaux  mentionn\u00e9s  ci-apr\u00e8s  ayant\nuniquement pour objet la restauration des\nfonctionnalit\u00e9s  naturelles  des  milieux\naquatiques,  y  compris  les  ouvrages\nn\u00e9cessaires \u00e0 la r\u00e9alisation de cet objectif.[\u2026]\nd) Rev\u00e9g\u00e9talisation des berges ou reprofilage\nam\u00e9liorant leurs fonctionnalit\u00e9s naturelles ;\ne)  Rem\u00e9andrage  ou  restauration  d'une\ng\u00e9om\u00e9trie plus fonctionnelle du lit du cours\nd'eau ;\nf) Reconstitution du matelas alluvial du lit\nmineur du cours d'eau ;\n(D\u00e9claration)\nLes  travaux  pr\u00e9vus  visent\nnotamment  \u00e0  remodeler  les\nberges, (resserrer la g\u00e9om\u00e9trie) du\ncours  d'eau  ou  encore  effectuer\ndes  reconstitutions  du  matelas\nalluvial (r\u00e9alisation de banquettes\npar exemple).\nD\u00e9claration\n3.1.1.0\nInstallations, ouvrages, remblais et \u00e9pis,\ndans  le  lit  mineur  d'un  cours  d'eau,\nconstituant un  obstacle \u00e0 la continuit\u00e9\n\u00e9cologique \n1\u00b0   Entra\u00eenant  une  diff\u00e9rence  de  niveau\nsup\u00e9rieure \u00e0 20 cm mais inf\u00e9rieure \u00e0 50 cm\npour  le  d\u00e9bit  moyen  annuel  de  la  ligne\nd'eau entre l'amont et l'aval de l'ouvrage ou\nde l'installation (D\u00e9claration); \n2\u00b0 Entra\u00eenant  une  diff\u00e9rence  de  niveau\nsup\u00e9rieure ou \u00e9gale \u00e0 50  cm, pour le d\u00e9bit\nmoyen  annuel  de  la  ligne  d'eau  entre\nl'amont  et  l'aval  de  l'ouvrage  ou  de\nl'installation  (Autorisation).\nOuverture  des  vannes  du  Moulin\nMonot : Ouvrage r\u00e9gulier fond\u00e9 en\ntitre. \nHors proc\u00e9dure : Modification des\nmodalit\u00e9s de gestion de l'ouvrage.\nRehausse des bajoyers du barrage\nde la Ville de 10  cm modifiant le\nniveau  l\u00e9gal  de  la  retenue\ndisposant  d'un  arr\u00eat\u00e9 pr\u00e9fectoral\nen date du 29 avril 1878.\nHors proc\u00e9dure  : Modification de\nla  hauteur  d'eau  inf\u00e9rieure  \u00e0\n20 cm,  mais  n\u00e9cessitant  une\nmodification du droit d'eau.\nR\u00e9gularisation  du  Vannage  des\nRemparts  mentionn\u00e9  dans  le\nproc\u00e8s-verbal  de  r\u00e9colement  du\nbarrage de la ville mais n'ayant pas\nd'arr\u00eat\u00e9 pr\u00e9fectoral.\nR\u00e9gularisation (R.214-53 du CE)\n3/14\nDirection d\u00e9partementale des territoires de la C\u00f4te-d'Or - 21-2024-06-27-00004 - Arr\u00eat\u00e9 pr\u00e9fectoral n\u00b0 1088 du 27 juin 2024 portant\nd\u00e9claration d'int\u00e9r\u00eat g\u00e9n\u00e9ral et r\u00e9c\u00e9piss\u00e9 de d\u00e9claration pour la r\u00e9alisation de travaux visant \u00e0 l'am\u00e9lioration hydro\u00e9cologique de la\nBouzaise en travers\u00e9e urbaine de Beaune (21) puis modifiant et r\u00e9gularisant le droit d'eau du barrage de la ville et du vannage des\nremparts.\n15\nSyndicat MixtedAmenagumentdu BasainVersamtde la Dheune0\u2014 n e 00 CARTELIA 55 e mm se\nArticle 2     :   Objectif des travaux\nLes travaux visent  l'am\u00e9lioration hydro\u00e9cologique de la Bouzaise en travers\u00e9e urbaine de\nBeaune sur la partie amont de la ville d\u00e9nomm\u00e9 \u00ab  Bou1 et Bou 2  \u00bb sur un lin\u00e9aire cumul\u00e9\nde 420 m\u00e8tres.\nIls consistent \u00e0 :\nAm\u00e9liorer  la  diversit\u00e9  biologique  (y  compris  faune  piscicole),  valoriser  le  paysage  et\nprot\u00e9ger  ponctuellement  une  berge  o\u00f9  se  trouve  un  arbre  \u00e0  haut  jet.  Les  travaux\nconsistent \u00e0 \n\u2022  Resserrer  les  \u00e9coulements  par  la  cr\u00e9ation  de  banquettes  v\u00e9g\u00e9tales,  plant\u00e9es\ninitialement de mottes d'h\u00e9lophytes et de boutures de saules, et de banquettes\nmin\u00e9rales, sur la quasi-totalit\u00e9 du lin\u00e9aire ;\n\u2022 Remodeler et retaluter les berges sur 37 mL ;\n\u2022 Prot\u00e9ger ponctuellement une berge \u00e0 proximit\u00e9 imm\u00e9diate d'un arbre de haut jet\n\u00e0 conserver ;\n\u2022 Mettre en \u0153uvre un radeau v\u00e9g\u00e9talis\u00e9 de 20 mL environ ;\n\u2022 Disposer des blocs de 50 \u00e0 300  kg dans le lit du cours d'eau pour cr\u00e9er des caches\npour les poissons.\nFixer des nouvelles modalit\u00e9s de gestion sur les 2 ouvrages propri\u00e9t\u00e9s de la commune :\n\u2022 Lever les vannes  en tout temps  du moulin Monot (ROE* 24  784) pour abaisser la\nligne d'eau \u00e0 l'amont ;\n\u2022  Fixer  des  nouvelles  modalit\u00e9s de gestion d u vannage des  souterrains  dit aussi\nBarrage de la Ville(ROE* 24 788) et du vannage des remparts \u00ab ROE* 24 791) selon les\nd\u00e9bits. Les 4 bajoyers du barrage de la ville seront rehauss\u00e9s de 10 cm. \nLe  vannage  des  remparts  mentionn\u00e9  r\u00e9alis\u00e9  dans  le  proc\u00e8s  verbal  de  r\u00e9colement  du\nbarrage de la ville en date du 27 mai 1880, mais non prescrit par le r\u00e8glement du 29 avril\n1878 est r\u00e9gularis\u00e9 par cet arr\u00eat\u00e9 (voir article 8).\n* R\u00e9f\u00e9rentiel des obstacles \u00e0 l'\u00e9coulement.\n4/14\nDirection d\u00e9partementale des territoires de la C\u00f4te-d'Or - 21-2024-06-27-00004 - Arr\u00eat\u00e9 pr\u00e9fectoral n\u00b0 1088 du 27 juin 2024 portant\nd\u00e9claration d'int\u00e9r\u00eat g\u00e9n\u00e9ral et r\u00e9c\u00e9piss\u00e9 de d\u00e9claration pour la r\u00e9alisation de travaux visant \u00e0 l'am\u00e9lioration hydro\u00e9cologique de la\nBouzaise en travers\u00e9e urbaine de Beaune (21) puis modifiant et r\u00e9gularisant le droit d'eau du barrage de la ville et du vannage des\nremparts.\n16\nArticle   3     :   dur\u00e9e de validit\u00e9 de l'op\u00e9ration\nLes travaux seront r\u00e9alis\u00e9s en p\u00e9riode d'\u00e9tiage, hors p\u00e9riode de reproduction des oiseaux\net respecteront les p\u00e9riodes de fraie des poissons. Ils commenceront cet \u00e9t\u00e9 ou en d\u00e9but\nde l'automne 2024. La r\u00e9ception des travaux est pr\u00e9vue fin 2024 \u2013 d\u00e9but 2025.\nLe service police de l'eau devra \u00eatre averti de la date de d\u00e9but des travaux ainsi que de la\ndate d'ach\u00e8vement des travaux. Les ouvrages, les travaux et les conditions de r\u00e9alisation\net d'exploitation doivent \u00eatre conformes au dossier d\u00e9pos\u00e9.\nLe b\u00e9n\u00e9ficiaire dispose d'un d\u00e9lai l\u00e9gal de 3  ans \u00e0 compter de la notification du pr\u00e9sent\narr\u00eat\u00e9.  En  cas  de  modification  notable  du  calendrier  pr\u00e9visionnel  et  sous  r\u00e9serve  de\nrespect du d\u00e9lai l\u00e9gal, le b\u00e9n\u00e9ficiaire porte \u00e0 connaissance le bureau police de l'eau du\nnouveau calendrier.\nPass\u00e9 ces d\u00e9lais, la pr\u00e9sente d\u00e9claration d'int\u00e9r\u00eat g\u00e9n\u00e9ral deviendra caduque.\nArticle   4     :   prescriptions g\u00e9n\u00e9rales\nEn  application  de  l'article  R214-40  du  code  de  l'environnement,  toute  modification\napport\u00e9e aux ouvrages, installations, \u00e0 leur mode d'utilisation, \u00e0 la r\u00e9alisation des travaux\nou  \u00e0  l'am\u00e9nagement  en  r\u00e9sultant,  \u00e0  l'exercice  des  activit\u00e9s  ou  \u00e0  leur  voisinage  et\nentra\u00eenant  un  changement  notable  des  \u00e9l\u00e9ments  du  dossier  doit  \u00eatre  port\u00e9e,  avant\nr\u00e9alisation, \u00e0 la connaissance du pr\u00e9fet qui peut exiger une nouvelle proc\u00e9dure.\nEn  application  de  l'article  R214-45  du  code  de  l'environnement,  le  changement  de\nb\u00e9n\u00e9ficiaire doit \u00eatre d\u00e9clar\u00e9 au pr\u00e9fet par le nouveau b\u00e9n\u00e9ficiaire dans un d\u00e9lai de trois\nmois, de m\u00eame, en cas de cessation d'activit\u00e9 d\u00e9finitive ou pour une p\u00e9riode sup\u00e9rieure \u00e0\ndeux ans, l'exploitant est tenu d'en faire la d\u00e9claration au pr\u00e9fet dans un d\u00e9lai de trente\njours.\nL'inobservation des dispositions figurant dans le dossier d\u00e9pos\u00e9 ainsi que celles contenues\ndans les prescriptions g\u00e9n\u00e9rales annex\u00e9es au pr\u00e9sent arr\u00eat\u00e9 pourra entra\u00eener l'application\ndes sanctions pr\u00e9vues \u00e0 l'article R216-12 du code de l'environnement.\nLes agents mentionn\u00e9s \u00e0 l'article L216-3 du code de l'environnement et notamment ceux\ncharg\u00e9s de la police de l'eau et des milieux aquatiques auront libre acc\u00e8s aux installations\n\u00e0 tout moment, dans le cadre d'une recherche d'infraction.\nLe pr\u00e9sent arr\u00eat\u00e9 ne dispense en aucun cas le p\u00e9titionnaire de faire les d\u00e9clarations ou\nd'obtenir les autorisations requises par d'autres r\u00e9glementations.\nLe b\u00e9n\u00e9ficiaire est tenu de contacter le s propri\u00e9taires concern\u00e9s avant toute intervention\nsur leur terrain et de notifier le pr\u00e9sent arr\u00eat\u00e9 aux propri\u00e9taires des parcelles concern\u00e9es.\nArticle 5     :   financement des travaux\nLe co\u00fbt du projet est estim\u00e9 \u00e0 195 000 \u20acTTC (\u00c9tude et Travaux)\nLe projet est financ\u00e9 par l'Agence de l'Eau Rh\u00f4ne M\u00e9diterran\u00e9e Corse \u00e0 hauteur de 70 %,\nde 10 % par le Conseil D\u00e9partemental de la C\u00f4te d'Or (CD 21).\nLa  part  restante  (20 %)  est  \u00e0  la  charge  du  Syndicat  Mixte  d'Am\u00e9nagement  du  Bassin\nVersant de la Dheune (SMABVD).\nAucun reste \u00e0 charge ne sera demand\u00e9 aux propri\u00e9taires priv\u00e9s.\n5/14\nDirection d\u00e9partementale des territoires de la C\u00f4te-d'Or - 21-2024-06-27-00004 - Arr\u00eat\u00e9 pr\u00e9fectoral n\u00b0 1088 du 27 juin 2024 portant\nd\u00e9claration d'int\u00e9r\u00eat g\u00e9n\u00e9ral et r\u00e9c\u00e9piss\u00e9 de d\u00e9claration pour la r\u00e9alisation de travaux visant \u00e0 l'am\u00e9lioration hydro\u00e9cologique de la\nBouzaise en travers\u00e9e urbaine de Beaune (21) puis modifiant et r\u00e9gularisant le droit d'eau du barrage de la ville et du vannage des\nremparts.\n17\nIdentifiant de tron\u00e7on Limite amont Limite | Lin\u00e9aire(m)Boul Parc de la Bouzaise Pont des oies 310Bou2 Pont des oies Entr\u00e9e des souterrains 110\nR\u00e9int\u00e9gration de la Bouzaise en travers\u00e9e urbaine de BeaunePr\u00e9sentation des parcelles cadastrales concern\u00e9es par les travaux\\\\'.. d = / > w8v\nSyndicat Mixted'Am\u00e9nagementdu BassinVersantde la Dheune\n... 21, Avenue Albert Camus21 000 ODONAR\u00ceEL_'\u00d4_ vln:momoruuo\n\u2014\u2014 __\nArticle   6     :   emplacement des travaux\nLes travaux projet\u00e9s se situent sur la partie amont de la Bouzaise en travers\u00e9e urbaine de\nBeaune \u00e0 partir du Parc de la Bouzaise jusqu'\u00e0 l'entr\u00e9e des souterrains (au niveau du pont\nde la RD 974) repr\u00e9sentant 420 m\u00e8tres lin\u00e9aires.\nLe secteur d'\u00e9tude et de travaux est divis\u00e9 en deux tron\u00e7ons dits \u00ab Bou 1 \u00bb le plus \u00e0 l'amont\net \u00ab Bou 2 \u00bb plus \u00e0 l'aval.\nLe projet se situe en partie sur les parcelles priv\u00e9es suivantes :\n\u25cf Parcelle AT 72 : M. SALOMON Herv\u00e9 et M. SALOMON Bruno\n\u25cf Parcelle AT 281 et 41 : Mme. POISOT Marie-Louise et M. POISOT Maurice\n\u25cf Parcelle AT 37 : M. et Mme. GAYOT Michel et Mme. GAYOT Agn\u00e8s\nLes autres parcelles concern\u00e9es par le projet sont propri\u00e9t\u00e9s de la ville de Beaune. \n6/14\nDirection d\u00e9partementale des territoires de la C\u00f4te-d'Or - 21-2024-06-27-00004 - Arr\u00eat\u00e9 pr\u00e9fectoral n\u00b0 1088 du 27 juin 2024 portant\nd\u00e9claration d'int\u00e9r\u00eat g\u00e9n\u00e9ral et r\u00e9c\u00e9piss\u00e9 de d\u00e9claration pour la r\u00e9alisation de travaux visant \u00e0 l'am\u00e9lioration hydro\u00e9cologique de la\nBouzaise en travers\u00e9e urbaine de Beaune (21) puis modifiant et r\u00e9gularisant le droit d'eau du barrage de la ville et du vannage des\nremparts.\n18\nArticle 7     :   caract\u00e9ristiques des travaux de g\u00e9nie \u00e9cologique et prescriptions particuli\u00e8res\nL'ensemble des plans des am\u00e9nagements se trouvent en annexe 1 du dossier d\u00e9claratif\n\u00ab loi sur l'eau \u00bb avec D\u00e9claration d'int\u00e9r\u00eat g\u00e9n\u00e9ral. Ce dossier peut \u00eatre obtenu par simple\ndemande aupr\u00e8s de la Direction D\u00e9partementale de la C\u00f4te d'Or, bureau Police de l'Eau.\n\u25cf Remodelage des berges  \nCe remodelage sera effectu\u00e9 que de fa\u00e7on ponctuelle en rive gauche de la Bouzaise \u00e0\nl'aval direct du pont de l'All\u00e9e du Docteur Bouley, hors des secteurs bois\u00e9s.\nLe secteur \u00e0 remodeler concerne un lin\u00e9aire de 37 m en aval imm\u00e9diat du pont de l'ann\u00e9e\ndu Dr Bourley. La berge sera retalut\u00e9e selon un fruit de 4m \u00e0 l'horizontale pour 1 m \u00e0 la\nverticale repr\u00e9sentant un recul du haut de berge de l'ordre de 2 \u00e0 4  m. Les d\u00e9blais du\nretalutage qui se veut h\u00e9t\u00e9rog\u00e8ne permettront la cr\u00e9ation des banquettes v\u00e9g\u00e9tales.\n\u25cf Cr\u00e9ation de banquettes v\u00e9g\u00e9tales et min\u00e9rales  \nLa hauteur des banquettes v\u00e9g\u00e9tales compos\u00e9es de terres v\u00e9g\u00e9tales enrob\u00e9es dans un\ntreillis coco seront, selon les tron\u00e7ons, de l'ordre de 30 \u00e0 70  cm. Elles seront inondables\npour des petites crues (majoritairement d\u00e8s les crues biennales).\nUne v\u00e9g\u00e9tation, type aquatique, sera plant\u00e9e (h\u00e9lophytes, boutures de saules...)\nLes graviers pr\u00e9sents dans le lit seront pr\u00e9lev\u00e9s au droit des futures banquettes sur une\n\u00e9paisseur de 10  cm environ, afin d'\u00eatre r\u00e9utilis\u00e9s sous la forme de bancs en compl\u00e9ment\ndes banquettes.\nDes banquettes min\u00e9rales seront am\u00e9nag\u00e9es \u00e0 partir de mat\u00e9riaux concass\u00e9s calcaires,\nselon la m\u00eame g\u00e9om\u00e9trie que les banquettes v\u00e9g\u00e9tales. La granulom\u00e9trie sera de l'ordre\nde 5/40 mm pour ne pas \u00eatre trop mobilisable par les crues.\nEn  sus,  des  blocs  seront  \u00e9galement  implant\u00e9s  dans  le  lit  mineur  pour  diversifier  les\n\u00e9coulements et les habitats.\nCes banquettes permettront de recentrer les \u00e9coulements, cr\u00e9er de micro-sinuosit\u00e9s dans\nle lit mineur favorisant la diversit\u00e9 des habitats et d'\u00e9viter les \u00e9rosions des berges.\n\u25cf Renforcement localis\u00e9 d'une berge, cr\u00e9ation d'un radeau v\u00e9g\u00e9talis\u00e9 en bordure de  \nberges et de sous berges\nCompte tenu de la pr\u00e9sence de g\u00e9nie civil \u00e0 proximit\u00e9 imm\u00e9diate, ainsi que d'un arbre de\nhaut  jet \u00e0 conserver,  il est  propos\u00e9 de  r\u00e9aliser  une protection  de  berge plut\u00f4t qu'un\nremodelage de la berge en rive droite de la Bouzaise en aval direct du pont de l'All\u00e9e du\nDocteur Bouley.\nCette protection prendra la forme d'une protection de pied en enrochements appareill\u00e9s \nde 100 \u00e0 400 kg sur une longueur 5.50 ml.\nLa banquette v\u00e9g\u00e9tale viendra en pied de cet enrochement et sera ensemenc\u00e9e.\nLe radeau v\u00e9g\u00e9talis\u00e9 sera r\u00e9alis\u00e9 en rive gauche de la Bouzaise en aval direct du pont de la\nrue de la Bouzaise sur une longueur lin\u00e9aire de 20  m. Ces am\u00e9nagements sont constitu\u00e9s\nd'une structure flottante en bois et ancr\u00e9s au fond de la rivi\u00e8re par des kits de  fixation\nd\u00e9di\u00e9s, de fa\u00e7on \u00e0 se d\u00e9placer l\u00e9g\u00e8rement au gr\u00e9 des variations des hauteurs d'eau et des\ncourants. Ils permettent la formation d'un nouvel \u00e9cosyst\u00e8me et, en sous-face, gr\u00e2ce aux\nracines des h\u00e9lophytes, la cr\u00e9ation d'un r\u00e9seau alimentaire complexe.\n7/14\nDirection d\u00e9partementale des territoires de la C\u00f4te-d'Or - 21-2024-06-27-00004 - Arr\u00eat\u00e9 pr\u00e9fectoral n\u00b0 1088 du 27 juin 2024 portant\nd\u00e9claration d'int\u00e9r\u00eat g\u00e9n\u00e9ral et r\u00e9c\u00e9piss\u00e9 de d\u00e9claration pour la r\u00e9alisation de travaux visant \u00e0 l'am\u00e9lioration hydro\u00e9cologique de la\nBouzaise en travers\u00e9e urbaine de Beaune (21) puis modifiant et r\u00e9gularisant le droit d'eau du barrage de la ville et du vannage des\nremparts.\n19\nCes am\u00e9nagements contribuent \u00e9galement \u00e0 une am\u00e9lioration de la diversit\u00e9 biologique\nainsi qu'\u00e0 la valorisation du paysage.\nEnfin,  plusieurs  sous-berges  en  g\u00e9nie  v\u00e9g\u00e9tal  seront  cr\u00e9\u00e9es.  Ces  sous-berges  en  terre\nv\u00e9g\u00e9tale seront maintenues gr\u00e2ce \u00e0 la mise en \u0153uvre de pieux et la fixation de madriers,\nplanches, demi-tronc implant\u00e9s de fa\u00e7on longitudinale aux berges.\nLes sous-berges seront ensemenc\u00e9es avec \u00e9ventuellement l'apport d'h\u00e9lophytes.\nL'ensemble de ces am\u00e9nagements de berges permettent la protection de celles-ci. Les\ntechniques  douces  types  radeau  v\u00e9g\u00e9talis\u00e9  et  sous-berge  contribuent  \u00e9galement  \u00e0  la\ndiversit\u00e9 biologique, notamment piscicole, une valorisation du paysage, mais \u00e9galement\nune am\u00e9lioration de la qualit\u00e9 de l'eau par le d\u00e9veloppement d'esp\u00e8ces v\u00e9g\u00e9tales et la\ndiversification des \u00e9coulements.\n\u25cf Prescriptions pour l'ensemble des travaux  \nPour  la  r\u00e9alisation  des  banquettes,  en  cas  d'apport  de  mat\u00e9riaux  ext\u00e9rieurs  au  site,\nl'entreprise doit s'assurer que ces  mat\u00e9riaux sont sains  et exempts de toutes esp\u00e8ces\nind\u00e9sirables.\nAfin de limiter  les  ma ti\u00e8res  en suspension  (MES)  dans  la Bouzaise  et  de  maintenir  sa\nconcentration en dessous d'1 g/l : \n\u25cf le tron\u00e7on  ou les  berges  pourr ont si besoin,  \u00eatre isol\u00e9 s par  des  batardeaux  ou\n\u00e9quivalents (big bags \u00e9tanches par exemple) ;\n\u25cf des filtres  (type filtres \u00e0 paille ou \u00e9quivalent)  pourront au besoin \u00eatre  install\u00e9s \u00e0\nl'aval direct de la zone de chantier ;\nPendant les travaux, en cas de crue (notamment en cas de fortes pr\u00e9cipitations), une\ncapacit\u00e9 d'intervention rapide de jour comme de nuit doit \u00eatre garantie afin d'assurer le\nrepliement des installations du chantier. Dans ce cas, l'ensemble des mat\u00e9riaux, objets,\noutils du chantier... devront \u00eatres \u00e9vacu\u00e9s du lit mineur du cours d'eau.\nDans une logique de protection des milieux aquatiques et pour faciliter l'ex\u00e9cution du\nprojet, les travaux seront r\u00e9alis\u00e9s en p\u00e9riode d'\u00e9tiage entre juin et octobre. Toutefois, en\ncas d'impr\u00e9vus justifi\u00e9s, sous l'accord de l'administration et \u00e0 condition que ces travaux ne\nperturbent pas les milieux aquatiques, les travaux pourront \u00eatre r\u00e9alis\u00e9s en dehors de\ncette p\u00e9riode.\nDu 15 mars au 31 juillet, pendant la p\u00e9riode de nidification des oiseaux, les haies et les\nripisylves  ne doivent pas  \u00eatre arrach\u00e9es  ou taill\u00e9es.  Toutefois, le d\u00e9broussaillage de la\nv\u00e9g\u00e9tation herbac\u00e9e et l'arrachage des plantes aquatiques sont autoris\u00e9s en dehors de\ncette p\u00e9riode en veillant, le cas \u00e9ch\u00e9ant, \u00e0 limiter les perturbations sur les oiseaux et les\nmilieux aquatiques.\nLa renou\u00e9e du Japon en amont du Moulin Monot (rive droite) sera fauch\u00e9e puis s\u00e9ch\u00e9e\navant  d'\u00eatre  \u00e9vacu\u00e9e  en  d\u00e9charge  agr\u00e9\u00e9e.  Elle  ne  devra  pas  \u00eatre  diss\u00e9min\u00e9e,  ainsi\nl'entreprise devra s'assurer qu'il n'y est pas de r\u00e9sidus sur les outils et \u00e9quipements des\nagents.\nL'intervention de traitement de la renou\u00e9e du Japon doit avoir lieu en p\u00e9riode d'\u00e9tiage.\nAucun r\u00e9sidu de renou\u00e9e du Japon ne doit \u00e9galement \u00eatre entra\u00een\u00e9 par le cours d'eau.\nSi un risque \u00e9tait av\u00e9r\u00e9, un filtre \u00e0 paille ou \u00e9quivalent sera mis en \u0153uvre en aval. Ce filtre\nsera enlev\u00e9 avec soin et mis en d\u00e9charge.\n8/14\nDirection d\u00e9partementale des territoires de la C\u00f4te-d'Or - 21-2024-06-27-00004 - Arr\u00eat\u00e9 pr\u00e9fectoral n\u00b0 1088 du 27 juin 2024 portant\nd\u00e9claration d'int\u00e9r\u00eat g\u00e9n\u00e9ral et r\u00e9c\u00e9piss\u00e9 de d\u00e9claration pour la r\u00e9alisation de travaux visant \u00e0 l'am\u00e9lioration hydro\u00e9cologique de la\nBouzaise en travers\u00e9e urbaine de Beaune (21) puis modifiant et r\u00e9gularisant le droit d'eau du barrage de la ville et du vannage des\nremparts.\n20\n31017280\nArticle    8     :   Am\u00e9nagements et  nouvelles  modalit\u00e9s  de  gestion s des  ouvrages  sur  les\ntron\u00e7ons \u00ab Bou1 \u00bb et \u00ab Bou2 \u00bb\nA Moulin Monot     :   Nouvelles modalit\u00e9s de gestion  \nLe Moulin Monot est un ouvrage r\u00e9gulier et fond\u00e9 en titre propri\u00e9t\u00e9 de la commune.\nAucun am\u00e9nagement n'est pr\u00e9vu sur cet ouvrage.\nToutefois, dans l'optique de diminuer l'ampleur de la zone de remous du moulin Monot\nune ouverture compl\u00e8te des vannes est n\u00e9cessaire.\nAinsi, l'ensemble des vannes (3 vannes sur l'arche gauche 1 vanne sur l'arche droit) seront\nmaintenues lev\u00e9es en tout temps pour garantir la transparence hydraulique.\nL'ouvrage r\u00e9gulier perdure avec ses caract\u00e9ristiques actuelles.\nIl est rappel\u00e9 qu'en cas de modifications substantielles de l'ouvrage, le propri\u00e9taire doit en\nfaire la demande aupr\u00e8s de l'administration et effectuer les d\u00e9marches n\u00e9cessaires.\nB     Barrage de la Ville (ou vannage des souterrains) et Vannage des remparts (ou vannage du  \ntennis)\n1 R\u00e9hausse des bajoyers    du Barrage de la Ville     entra\u00eenant la modification du droit    \nd'eau\nLe Barrage de la Ville, propri\u00e9t\u00e9 de la commune,  permet de d\u00e9vier les eaux de la Bouzaise\npour les diriger dans les remparts via le d\u00e9versoir de cet ouvrage. Ainsi, quand les 4 vannes\n(2 vannes en rive gauche et 2 vannes en rive droite) implant\u00e9es sous le Pont des Oies (Pont\nde la RD 974) sont lev\u00e9es, le flux d'eau se dirige dans les souterrains.\nUn plan en date du 23 janvier 1878 (r\u00e9alis\u00e9 avant l'approbation d\u00e9finitive du droit d'eau)\nrepr\u00e9sente cet ouvrage.\n9/14\nDirection d\u00e9partementale des territoires de la C\u00f4te-d'Or - 21-2024-06-27-00004 - Arr\u00eat\u00e9 pr\u00e9fectoral n\u00b0 1088 du 27 juin 2024 portant\nd\u00e9claration d'int\u00e9r\u00eat g\u00e9n\u00e9ral et r\u00e9c\u00e9piss\u00e9 de d\u00e9claration pour la r\u00e9alisation de travaux visant \u00e0 l'am\u00e9lioration hydro\u00e9cologique de la\nBouzaise en travers\u00e9e urbaine de Beaune (21) puis modifiant et r\u00e9gularisant le droit d'eau du barrage de la ville et du vannage des\nremparts.\n21\nCet ouvrage dispose d'un droit d'eau par arr\u00eat\u00e9 pr\u00e9fectoral en date du 29 avril 1878. Des\nrelev\u00e9s  topographiques  ont  permis  de  r\u00e9aliser  une  mod\u00e9lisation  de  la  r\u00e9partition  des\nvolumes en fonction de la gestion des \u00e9quipements de l'ouvrage, mais aussi de v\u00e9rifier que\nles organes de l'ouvrage n'ont pas \u00e9t\u00e9 modifi\u00e9s par rapport au droit d'eau.\nLe rep\u00e8re provisoire permettant de conna\u00eetre le niveau l\u00e9gal de la retenue mentionn\u00e9 \u00e0\nl'article 2 du r\u00e8glement d'eau en date du 29 avril 1878 a \u00e9t\u00e9 plac\u00e9 dans l'intrados de la clef\nde vo\u00fbte du  Pont des  Oies, ce point \u00e0 1,92  m en contre-haut de la retenue l\u00e9gal e.  Ce\nrep\u00e8re n'a pas \u00e9t\u00e9 retrouv\u00e9. Le rep\u00e8re d\u00e9finitif est indiqu\u00e9 par la partie sup\u00e9rieure du socle\ndu pont (non mat\u00e9rialis\u00e9 pr\u00e9cis\u00e9ment)  sans que l'on ne sache sa cote par rapport au\nrep\u00e8re provisoire et que l'on connaisse pr\u00e9cis\u00e9ment son implantation.\nIl ressort que le s mesures mentionn\u00e9es dans  proc\u00e8s-verbal de r\u00e9colement du 27 mai 1880\nont \u00e9t\u00e9 r\u00e9alis\u00e9es par rapport au rep\u00e8re provisoire.\nLa  cr\u00eate  en  contrebas  du  rep\u00e8re  provisoire  est  mentionn\u00e9e  dans  le  proc\u00e8s-verbal  de\nr\u00e9colement \u00e0 1,92  m  en contre-bas du niveau l\u00e9gal . Ainsi, la cr\u00eate des 4 vannes et les\nbajoyers (au d\u00e9versoir) \u00e9taient confondus avec le niveau l\u00e9gal.\nAux incertitudes de mesures li\u00e9es \u00e0 la pr\u00e9cision d'implantation du rep\u00e8re provisoire et du\nrelev\u00e9 topographique et au vu des observations , il semblerait que l es bajoyers et donc le\nniveau l\u00e9gal n'a it pas \u00e9t\u00e9 modifi\u00e9 et  soit \u00e0 l a cote de  215,50 m NGF. La hauteur des 4\nvannes  a visiblement \u00e9t\u00e9 rehauss\u00e9 e d'environ 20  cm, car  ces vannes  devaient avoir une\nhauteur de 1 m pour que l a cr\u00eate de celles-ci soit \u00e0 la m\u00eame c ote que la cr\u00eate du vannage\nde d\u00e9charge.\nAfin  de  faciliter  la  gestion  du  vannage  difficilement  accessible  et  peu  s\u00e9curis\u00e9  puis\nd'augmenter l'alimentation du tron\u00e7on \u00ab  les remparts  \u00bb, une r\u00e9hausse des 4 bajoyers de\n10 cm  est  n\u00e9cessaire.  Elle  sera  r\u00e9alis\u00e9e  en  b\u00e9ton  arm\u00e9.  L'ancrage  s'op\u00e9rera  dans  les\nbajoyers existants. En consid\u00e9rant que s'\u00e9coulera au-dessus des bajoyers r\u00e9hauss\u00e9s, une\n10/14\nDirection d\u00e9partementale des territoires de la C\u00f4te-d'Or - 21-2024-06-27-00004 - Arr\u00eat\u00e9 pr\u00e9fectoral n\u00b0 1088 du 27 juin 2024 portant\nd\u00e9claration d'int\u00e9r\u00eat g\u00e9n\u00e9ral et r\u00e9c\u00e9piss\u00e9 de d\u00e9claration pour la r\u00e9alisation de travaux visant \u00e0 l'am\u00e9lioration hydro\u00e9cologique de la\nBouzaise en travers\u00e9e urbaine de Beaune (21) puis modifiant et r\u00e9gularisant le droit d'eau du barrage de la ville et du vannage des\nremparts.\n22\nRehaussement des rs de 10 cmEp. 30 cmYc. ancrages dans la t\u00e9te de bajoyer+ joint d'\u00e9tanch\u00e9it\u00e9Vannes rive gauche217.54mNGF\n1.15215.65 mNGj 215.50mNGF\n1-\u2014 214.51mNGF\nRehaussement des bajoyers de 10 cmEp. 30 cmYc. ancrages dans |a t\u00eate de bajoyer+ joint d'\u00e9tanch\u00e9it\u00e9Vannes rive droite217.55mNGF\nz = 215.60mNGF215.65 MNGF088 \u2014\n|_\u2014  214.48mNGF\n3.87\nlame d'eau d'environ 5 cm au module, on retiendra un nouveau niveau l\u00e9gal de la retenue\n\u00e0 215,65 mNGF (215,50 m + 0,10 m+ 0,05 m = 215,65 mNGF).\nL'article 2 de l'arr\u00eat\u00e9 pr\u00e9fectoral du 29 avril 1878 est modifi\u00e9 comme suit :\n\u25cf Le niveau l\u00e9gal de la retenue  est modifi\u00e9 \u00e0 une cote de 215,65  mNGF (au lieu de\n215,50 m NGF initialement).  La hauteur entre le seuil et la cr\u00eate du d\u00e9versoir est\nport\u00e9e \u00e0 1,10 m (au lieu de 1 m initialement) \u00b1 2 cm\n\u25cf La hauteur  des 4 vannes entre le seuil et la cr\u00eate du vannage du d\u00e9versoir est\nmodifi\u00e9e \u00e0 1,20 m (au lieu de 1 m initialement) \u00b1 2 cm.\nLes  autres  dispositions  pr\u00e9cis\u00e9es  dans  l'arr\u00eat \u00e9 pr\u00e9fectoral du  29  avril  1878  et  les\ndiff\u00e9rences \u00e9voqu\u00e9es dans le proc\u00e8s verbal de r\u00e9colement du 27 mai 1880 perdurent.\n2 R\u00e9gularisation administrative du vannage des Remparts (vannage du tennis)\nLe vannage  des  Remparts,  propri\u00e9t\u00e9  de  la  commune, ne  dispose  pas  de  droit  d'eau.\nToutefois, celui-ci est \u00e9voqu\u00e9 dans le proc\u00e8s verbal de r\u00e9colement du barrage de la ville en\ndate du 27 mai 1880 comme ouvrage r\u00e9alis\u00e9,  mais non prescrit par le r\u00e8glement. Les\ndimensions et hauteurs ont \u00e9t\u00e9 relev\u00e9es \u00e0 l'\u00e9poque. Dans la mesure o\u00f9 l'ing\u00e9nieur en chef\nde l'arrondissement de Beaune a pr\u00e9cis\u00e9 dans ce proc\u00e8s verbal de r\u00e9colement \u00ab qu'il y a\nlieu de prononcer la r\u00e9ception provisoire des ouvrages mentionn\u00e9s appartenant \u00e0 la ville de\nBeaune \u00bb et au titre du R.214-53 du code de l'environnement, le Pr\u00e9fet peut r\u00e9gulariser des\nouvrages l\u00e9galement r\u00e9alis\u00e9s apr\u00e8s avoir \u00e9t\u00e9 soumis \u00e0 autorisation ou \u00e0 d\u00e9claration sans\nqu'une proc\u00e9dure \u00ab loi sur l'eau soit n\u00e9cessaire \u00bb.\nAinsi, l'ouvrage est r\u00e9gularis\u00e9 en l'\u00e9tat par ce pr\u00e9sent arr\u00eat\u00e9.\n\u00c0 noter que le niveau des bajoyers semble \u00eatre 4  cm en dessous de celui indiqu\u00e9 dans le\nproc\u00e8s verbal de r\u00e9colement du barrage de la ville \u00e0 l'alin\u00e9a \u00ab  vannage de d\u00e9charge plac\u00e9\ndans le second d\u00e9versoir (rive droite) \u00bb.\nEn  effet,  ce  niveau  est  indiqu\u00e9  \u00e0  1,92  m  en  contrebas  du  rep\u00e8re  provisoire  soit\n215,50 mNGF. Les nouveaux relev\u00e9s topographiques indiquent une cote de 215,46  mNGF.\nIl  sera  retenu  cette  nouvelle  valeur  o\u00f9  le  bureau  d'\u00e9tude  a  pu  constater,  par  une\nmod\u00e9lisation hydraulique, que ce niveau \u00e9tait en dessous de celui du vannage de la ville\navant travaux.\nEnfin, il est act\u00e9 que la cr\u00eate de la vanne du vannage des Remparts est rehauss\u00e9e de 24 cm\npar rapport au niveau des bajoyers (soit \u00e0 une c\u00f4te de 215, 7 mNGF).\n11/14\nDirection d\u00e9partementale des territoires de la C\u00f4te-d'Or - 21-2024-06-27-00004 - Arr\u00eat\u00e9 pr\u00e9fectoral n\u00b0 1088 du 27 juin 2024 portant\nd\u00e9claration d'int\u00e9r\u00eat g\u00e9n\u00e9ral et r\u00e9c\u00e9piss\u00e9 de d\u00e9claration pour la r\u00e9alisation de travaux visant \u00e0 l'am\u00e9lioration hydro\u00e9cologique de la\nBouzaise en travers\u00e9e urbaine de Beaune (21) puis modifiant et r\u00e9gularisant le droit d'eau du barrage de la ville et du vannage des\nremparts.\n23\n216.86\n21546\n214.96\n2.29P PS\n\u2014\nBouzaise - rempartsBouzaise - souterrains\nQMNAS Vannes ferm\u00e9es Vannes ferm\u00e9es\nQMOD Vanne ouverte de 0.25 m Vannes ferm\u00e9es\nQ2 Vanne totalement ouverte Une vanne ouverte de 0.4 m\nD\u00e9bits Bouzaise - remparts Bouzaise - souterrains\nQMNAS 31% 69 %\nQMOD 74 % 26 %\nQ2 35% 65 %\nCes nouvelles caract\u00e9ristiques, constitutives du droit d'eau, \u00e9voqu\u00e9es remplacent celles\ndu proc\u00e8s-verbal de r\u00e9colement et s'int\u00e8grent dans le r\u00e8glement du barrage de la ville.\n3 Nouvelles modalit\u00e9s de gestions des 2 ouvrages\nLes nouvelles modalit\u00e9s de gestion visent \u00e0 favoriser les \u00e9coulements dans les remparts. Le\npropri\u00e9taire  et  \u00e9ventuellement,  par  convention,  le  gestionnaire  est  en  charge  des\nman\u0153uvres des vannes. \nLa nouvelle r\u00e9partition des d\u00e9bits est la suivante :\n12/14\nDirection d\u00e9partementale des territoires de la C\u00f4te-d'Or - 21-2024-06-27-00004 - Arr\u00eat\u00e9 pr\u00e9fectoral n\u00b0 1088 du 27 juin 2024 portant\nd\u00e9claration d'int\u00e9r\u00eat g\u00e9n\u00e9ral et r\u00e9c\u00e9piss\u00e9 de d\u00e9claration pour la r\u00e9alisation de travaux visant \u00e0 l'am\u00e9lioration hydro\u00e9cologique de la\nBouzaise en travers\u00e9e urbaine de Beaune (21) puis modifiant et r\u00e9gularisant le droit d'eau du barrage de la ville et du vannage des\nremparts.\n24\nArticle     9     :   gestion des hydrocarbures et acc\u00e8s des engins au chantier\nLe  stockage  des  hydrocarbures  n\u00e9cessaires  au  chantier  est  effectu\u00e9  en  dehors  du  lit\nmajeur du cours d'eau et les risques de pollution des eaux doivent \u00eatre pr\u00e9venus.\nLes pleins de carburant et de tous types de fluides des v\u00e9hicules doivent \u00eatre r\u00e9alis\u00e9s sur\nune zone \u00e9tanche adapt\u00e9e. Des kits de d\u00e9pollution doivent \u00eatre pr\u00e9sents dans chaque\nv\u00e9hicule.  Les  engins  de  chantier  doivent  \u00eatre  exempts  de  toute  fuite  d'huile,\nd'hydrocarbures et autres substances nocives et \u00eatre approvisionn\u00e9s loin du lit. Ces engins\nseront  nettoy\u00e9s  avant  le  d\u00e9but  des  travaux  pour  \u00e9viter  la  colonisation  d'esp\u00e8ces\nind\u00e9sirables (renou\u00e9e du Japon par exemple).\nArticle    10     :   acc\u00e8s aux parcelles, servitude de libre passage  et  occupation temporaire de\nterrain\nConform\u00e9ment \u00e0 la loi du 29 d\u00e9cembre 1892 relative aux dommages caus\u00e9s \u00e0 la propri\u00e9t\u00e9\npriv\u00e9e par l'ex\u00e9cution des travaux publics, l'occupation temporaire des terrains concern\u00e9s\npar le pr\u00e9sent projet est autoris\u00e9e.\nLes  parcelles  et  les  propri\u00e9taires  riverains  concern\u00e9s  par  ces  travaux  sont  rappel\u00e9s  \u00e0\nl'article 6 du pr\u00e9sent arr\u00eat\u00e9.\nSeuls les agents en charge de la r\u00e9alisation et de la surveillance des travaux, ainsi que, le\ncas  \u00e9ch\u00e9ant,  les  engins  m\u00e9caniques  n\u00e9cessaires  \u00e0  leur  r\u00e9alisation  seront  autoris\u00e9s  \u00e0\np\u00e9n\u00e9trer les parcelles priv\u00e9es, closes ou non closes \u00e0 l'exception des locaux d'habitation et\ndes propri\u00e9t\u00e9s attenantes aux habitations et closes par des murs ou par des cl\u00f4tures\n\u00e9quivalentes, suivant les usages du pays.\nChacun des agents concern\u00e9s sera en possession une copie certifi\u00e9e conforme du dit\narr\u00eat\u00e9 qu'il devra pr\u00e9senter \u00e0 toute r\u00e9quisition ou \u00e0 la demande du ou des propri\u00e9taires.\nLes  interventions  pr\u00e9vues  ne  pourront  avoir  lieu  que  cinq  jours  apr\u00e8s  notification  au\npropri\u00e9taire de la parcelle concern\u00e9e par les travaux.\nArticle 11      :   reconnaissance des lieux avant travaux \u2013 d\u00e9roulement des travaux et correctifs\n\u00e9ventuels \u00e0 apporter\nAvant  le  d\u00e9marrage  des  travaux,  le  ma\u00eetre  d'ouvrage  r\u00e9unira  ou  contactera  le  ou  les\npropri\u00e9taires, afin d'\u00e9changer sur la mise en \u0153uvre des travaux et les bonnes pratiques.\nUn bilan des travaux sera transmis au service charg\u00e9 de la police de l'eau de la DDT dans\nun d\u00e9lai de 3 (trois) mois apr\u00e8s la fin des travaux.\nEn  cas  de  destruction,  d\u00e9t\u00e9rioration  ou  d\u00e9stabilisation  des  am\u00e9nagements  r\u00e9alis\u00e9s,  y\ncompris par une crue, pendant la phase de travaux, le ma\u00eetre d'ouvrage s'engage \u00e0 les\nremettre en \u00e9tat.\nArticle   1  2     :   remise en \u00e9tat des lieux apr\u00e8s travaux\nUne fois les travaux termin\u00e9s, les acc\u00e8s aux diff\u00e9rents points du chantier sont neutralis\u00e9s.\nLe site est d\u00e9blay\u00e9 de tous mat\u00e9riels, mat\u00e9riaux et gravats. Les d\u00e9chets g\u00e9n\u00e9r\u00e9s sur place\nseront syst\u00e9matiquement r\u00e9cup\u00e9r\u00e9s et redistribu\u00e9s vers les fili\u00e8res de collecte de d\u00e9chets\nsp\u00e9cifiques.\n13/14\nDirection d\u00e9partementale des territoires de la C\u00f4te-d'Or - 21-2024-06-27-00004 - Arr\u00eat\u00e9 pr\u00e9fectoral n\u00b0 1088 du 27 juin 2024 portant\nd\u00e9claration d'int\u00e9r\u00eat g\u00e9n\u00e9ral et r\u00e9c\u00e9piss\u00e9 de d\u00e9claration pour la r\u00e9alisation de travaux visant \u00e0 l'am\u00e9lioration hydro\u00e9cologique de la\nBouzaise en travers\u00e9e urbaine de Beaune (21) puis modifiant et r\u00e9gularisant le droit d'eau du barrage de la ville et du vannage des\nremparts.\n25\nArticle   1  3     :   droits des tiers\nLes droits des tiers sont et demeurent express\u00e9ment r\u00e9serv\u00e9s.\nArticle   1  4     :   publication et information des tiers\nLe pr\u00e9sent arr\u00eat\u00e9 sera affich\u00e9 pendant une dur\u00e9e minimale d'un mois dans la mairie de la\ncommune de Beaune\nLe pr\u00e9sent arr\u00eat\u00e9 sera mis \u00e0 disposition du public sur le site internet des services de l'\u00c9tat\nen C\u00f4te-d'Or (http://www.cote-dor.gouv.fr) pendant une dur\u00e9e d'au moins 6 mois.\nArticle   1  5     :   ex\u00e9cution et publication\nLa directrice d\u00e9partementale des territoires de la C\u00f4te-d'Or, le maire de la commune de\nBeaune, sont charg\u00e9s, chacun en ce qui le concerne, de l'ex\u00e9cution du pr\u00e9sent arr\u00eat\u00e9 qui\nsera notifi\u00e9 au p\u00e9titionnaire et publi\u00e9 au recueil des actes administratifs de la pr\u00e9fecture\nde la C\u00f4te d'Or.\nUne copie du pr\u00e9sent arr\u00eat\u00e9 sera adress\u00e9e au  chef du service d\u00e9partemental de l' office\nfran\u00e7ais de la biodiversit\u00e9 \nFait \u00e0 Dijon, le 27 juin 2024\nLe Pr\u00e9fet\nPour le pr\u00e9fet et par d\u00e9l\u00e9gation\nle secr\u00e9taire g\u00e9n\u00e9ral\nsign\u00e9\nJohann MOUGENOT\nVoies et d\u00e9lais de recours\nLa pr\u00e9sente d\u00e9cision est susceptible de recours contentieux devant le tribunal administratif\nde Dijon \u2013 22, rue d'Assas \u2013 BP 61616 - 21  016 DIJON Cedex, par le b\u00e9n\u00e9ficiaire dans un d\u00e9lai\nde deux mois \u00e0 compter du jour o\u00f9 la pr\u00e9sente d\u00e9cision lui a \u00e9t\u00e9 notifi\u00e9e et par les tiers dans\nun d\u00e9lai de quatre mois \u00e0 compter de la publication ou de l'affichage de cette d\u00e9cision.\nDans le m\u00eame d\u00e9lai de deux mois, le b\u00e9n\u00e9ficiaire peut pr\u00e9senter un recours gracieux. Le\nsilence gard\u00e9 par l'administration pendant plus de deux mois sur la demande de recours\ngracieux emporte d\u00e9cision implicite de rejet de cette demande conform\u00e9ment \u00e0 l'article\nR421-2 du code de justice administrative. Celui-ci prolonge le d\u00e9lai de recours contentieux\nqui doit \u00eatre introduit dans les deux mois suivant la r\u00e9ponse.\nLe tribunal administratif peut \u00eatre saisi par un recours d\u00e9pos\u00e9 via l'application T\u00e9l\u00e9recours\ncitoyens accessible sur le site internet www.t\u00e9l\u00e9recours.fr.\n14/14\nDirection d\u00e9partementale des territoires de la C\u00f4te-d'Or - 21-2024-06-27-00004 - Arr\u00eat\u00e9 pr\u00e9fectoral n\u00b0 1088 du 27 juin 2024 portant\nd\u00e9claration d'int\u00e9r\u00eat g\u00e9n\u00e9ral et r\u00e9c\u00e9piss\u00e9 de d\u00e9claration pour la r\u00e9alisation de travaux visant \u00e0 l'am\u00e9lioration hydro\u00e9cologique de la\nBouzaise en travers\u00e9e urbaine de Beaune (21) puis modifiant et r\u00e9gularisant le droit d'eau du barrage de la ville et du vannage des\nremparts.\n26\nPr\u00e9fecture de la C\u00f4te-d'Or\n21-2024-06-21-00003\narr\u00eat\u00e9 fixant le taux de l'indemnit\u00e9\nrepr\u00e9sentative de logement \u00e0 verser aux\ninstituteurs pour l'ann\u00e9e 2023.\nPr\u00e9fecture de la C\u00f4te-d'Or - 21-2024-06-21-00003 - arr\u00eat\u00e9 fixant le taux de l'indemnit\u00e9 repr\u00e9sentative de logement \u00e0 verser aux\ninstituteurs pour l'ann\u00e9e 2023. 27\n1/2\nPr\u00e9fecture de la C\u00f4te-d'Or - 21-2024-06-21-00003 - arr\u00eat\u00e9 fixant le taux de l'indemnit\u00e9 repr\u00e9sentative de logement \u00e0 verser aux\ninstituteurs pour l'ann\u00e9e 2023. 28\nArticle 2 : Le secr\u00e9taire g\u00e9n\u00e9ral de la pr\u00e9fecture de la C\u00f4te-d'Or, l'inspecteur acad\u00e9mique des servicesde l'\u00e9ducation nationale de la C\u00f4te-d'Or, les maires de C\u00f4te-d'Or, sont charg\u00e9s, chacun en ce qui leconcerne, de I'ex\u00e9cution du pr\u00e9sent arr\u00eat\u00e9 qui sera publi\u00e9 au recueil des actes administratifs de laPr\u00e9fecture de la C\u00f4te-d'Or.\nFait \u00e0 Dijon, le 21 juin 2024Pour le pr\u00e9fet et par d\u00e9l\u00e9gation,Le secr\u00e9taire g\u00e9n\u00e9ral\nSign\u00e9 : Johann MOUGENOT\nPr\u00e9fecture de la C\u00f4te-d'Or - 53 rue de la Pr\u00e9fecture - 21041 DIJON cedext\u00e9l : 03 80 44 64 00 - Fax : 03 80 30 65 12 - m\u00e8l : pref-bfl@cote-dor.pref.gouv.frSite internet : http://www.cote-dor.gouv.fr\n2/2\nPr\u00e9fecture de la C\u00f4te-d'Or - 21-2024-06-21-00003 - arr\u00eat\u00e9 fixant le taux de l'indemnit\u00e9 repr\u00e9sentative de logement \u00e0 verser aux\ninstituteurs pour l'ann\u00e9e 2023. 29\nPr\u00e9fecture de la C\u00f4te-d'Or\nDirection des Collectivit\u00e9s locales et des\nElections \n21-2024-07-02-00006\nArr\u00eat\u00e9 pr\u00e9fectoral n\u00b0 1 092 fixant la liste des\ncandidats pour l'\u00e9lection des d\u00e9put\u00e9s \u00e0\nl'Assembl\u00e9e Nationale pour le 2nd tour du\ndimanche 7 juillet 2024 pour la 1\u00e8re\ncirconscription\nPr\u00e9fecture de la C\u00f4te-d'Or - 21-2024-07-02-00006 - Arr\u00eat\u00e9 pr\u00e9fectoral n\u00b0 1 092 fixant la liste des candidats pour l'\u00e9lection des d\u00e9put\u00e9s\n\u00e0 l'Assembl\u00e9e Nationale pour le 2nd tour du dimanche 7 juillet 2024 pour la 1\u00e8re circonscription 30\nExPREFETDE LACOTE-D'ORLibert\u00e9Egalit\u00e9Fraternit\u00e9\nDirection des Collectivit\u00e9s Locales et des \u00c9lections\nAffaire suivie par Claire BROUSSE/ Delphine HORNY       Dijon, le 2 juillet 2024 \nBureau des \u00e9lections et de la r\u00e9glementation\nT\u00e9l : 03 80 44 65 40/65 41\nm\u00e9l : pref-elections@cote-dor.gouv.fr\nArr\u00eat\u00e9 N\u00b0 1 092\nFixant la liste des candidats pour l'\u00e9lection des d\u00e9put\u00e9s \u00e0 l'Assembl\u00e9e Nationale \npour le 2nd tour du dimanche 7 juillet 2024 pour la\n1\u00e8re circonscription\nLe pr\u00e9fet de la r\u00e9gion Bourgogne-Franche-Comt\u00e9\nPr\u00e9fet de la C\u00f4te-d'Or\nVU le code \u00e9lectoral et notamment l'article R.101 ; \nVU  le d\u00e9cret  n\u00b0 2024-527 du 9 juin 2024  portant convocation des \u00e9lecteurs pour\nl'\u00e9lection des d\u00e9put\u00e9s \u00e0 l'Assembl\u00e9e nationale ;\nVU les d\u00e9clarations de candidatures d\u00e9pos\u00e9es jusqu'au mardi 2 juillet 2024 \u00e0 18h00 et\nla  proc\u00e9dure  de  tirage  au  sort  pour  l'attribution  des  emplacements  d'affichage\neffectu\u00e9e le dimanche 16 juin 2024 entre les candidatures d\u00e9pos\u00e9es dans la premi\u00e8re\ncirconscription l\u00e9gislative de C\u00f4te d'Or ;\nSUR proposition du Secr\u00e9taire G\u00e9n\u00e9ral de la Pr\u00e9fecture de la C\u00f4te d'Or ;\nA R R E T E\nArticle  1er \u2013  La  liste  des  candidats  d\u00e9finitivement  enregistr\u00e9s  dans  la  1\u00e8re\ncirconscription l\u00e9gislative de la C\u00f4te d'Or pour le 2nd tour de scrutin est arr\u00eat\u00e9e ainsi\nqu'il suit dans l'ordre du tirage au sort :\nPr\u00e9fecture de la C\u00f4te-d'Or - 21041 DIJON Cedex\nT\u00e9l\u00e9phone : 03.80.44.65.43 \nPr\u00e9fecture de la C\u00f4te-d'Or - 21-2024-07-02-00006 - Arr\u00eat\u00e9 pr\u00e9fectoral n\u00b0 1 092 fixant la liste des candidats pour l'\u00e9lection des d\u00e9put\u00e9s\n\u00e0 l'Assembl\u00e9e Nationale pour le 2nd tour du dimanche 7 juillet 2024 pour la 1\u00e8re circonscription 31\nNum\u00e9ro\nde\npanneau\nCandidats D\u00e9put\u00e9s Candidats Rempla\u00e7ants\n1 Mme GODARD Oc\u00e9ane M. WOYNAROSKI St\u00e9phane\n2 M. MARTIN Didier Mme REFAIT-ALEXANDRE Catherine\n3 Mme HUMBLOT-CORNILLE Cyline M. DEGRAVE Fr\u00e9d\u00e9ric\nArticle  2\u2013  Le  pr\u00e9sent  arr\u00eat\u00e9  sera  notifi\u00e9  au  pr\u00e9sident  de  la  commission  de\npropagande.\nArticle    3   \u2013  Le S ecr\u00e9taire  G\u00e9n\u00e9ral de la  Pr\u00e9fecture de la C \u00f4te d'Or  est  charg\u00e9 de\nl'ex\u00e9cution du pr\u00e9sent arr\u00eat\u00e9 qui sera  affich\u00e9 \u00e0 la Pr\u00e9fecture, en Sous-Pr\u00e9fectures,\nainsi qu'aux emplacements officiels des mairies d\u00e8s r\u00e9ception, et qui sera d\u00e9pos\u00e9 sur\nla table des bureaux de vote le jour de scrutin.\n   Le Pr\u00e9fet,\nSign\u00e9     : Franck ROBINE\nPr\u00e9fecture de la C\u00f4te-d'Or - 21041 DIJON Cedex\nT\u00e9l\u00e9phone : 03.80.44.65.43 \nPr\u00e9fecture de la C\u00f4te-d'Or - 21-2024-07-02-00006 - Arr\u00eat\u00e9 pr\u00e9fectoral n\u00b0 1 092 fixant la liste des candidats pour l'\u00e9lection des d\u00e9put\u00e9s\n\u00e0 l'Assembl\u00e9e Nationale pour le 2nd tour du dimanche 7 juillet 2024 pour la 1\u00e8re circonscription 32\nPr\u00e9fecture de la C\u00f4te-d'Or\nDirection des Collectivit\u00e9s locales et des\nElections \n21-2024-07-02-00007\nArr\u00eat\u00e9 pr\u00e9fectoral n\u00b0 1 093 fixant la liste des\ncandidats pour l'\u00e9lection des d\u00e9put\u00e9s \u00e0\nl'Assembl\u00e9e Nationale pour le 2nd tour du\ndimanche 7 juillet 2024 pour la 2\u00e8me\ncirconscription\nPr\u00e9fecture de la C\u00f4te-d'Or - 21-2024-07-02-00007 - Arr\u00eat\u00e9 pr\u00e9fectoral n\u00b0 1 093 fixant la liste des candidats pour l'\u00e9lection des d\u00e9put\u00e9s\n\u00e0 l'Assembl\u00e9e Nationale pour le 2nd tour du dimanche 7 juillet 2024 pour la 2\u00e8me circonscription 33\nExPREFETDE LACOTE-D'ORLibert\u00e9Egalit\u00e9Fraternit\u00e9\nDirection des Collectivit\u00e9s Locales et des \u00c9lections\nAffaire suivie par Claire BROUSSE/ Delphine HORNY       Dijon, le 2 juillet 2024 \nBureau des \u00e9lections et de la r\u00e9glementation\nT\u00e9l : 03 80 44 65 40/65 41\nm\u00e9l : pref-elections@cote-dor.gouv.fr\nArr\u00eat\u00e9 N\u00b0   1 093\nFixant la liste des candidats pour l'\u00e9lection des d\u00e9put\u00e9s \u00e0 l'Assembl\u00e9e Nationale \npour le 2nd tour du dimanche 7 juillet 2024 pour la\n2\u00e8me circonscription\nLe pr\u00e9fet de la r\u00e9gion Bourgogne-Franche-Comt\u00e9\nPr\u00e9fet de la C\u00f4te-d'Or\nVU le code \u00e9lectoral et notamment l'article R.101 ; \nVU  le  d\u00e9cret  n\u00b0 2024-527 du 9 juin 2024  portant convocation des \u00e9lecteurs pour\nl'\u00e9lection des d\u00e9put\u00e9s \u00e0 l'Assembl\u00e9e nationale ;\nVU les d\u00e9clarations de candidatures d\u00e9pos\u00e9es jusqu'au mardi 2 juillet 2024 \u00e0 18h00 et\nla  proc\u00e9dure  de  tirage  au  sort  pour  l'attribution  des  emplacements  d'affichage\neffectu\u00e9e le dimanche 16 juin 2024 entre les candidatures d\u00e9pos\u00e9es dans la deuxi\u00e8me\ncirconscription l\u00e9gislative de C\u00f4te d'Or ;\nSUR proposition du Secr\u00e9taire G\u00e9n\u00e9ral de la Pr\u00e9fecture de la C\u00f4te d'Or ;\nA R R E T E\nArticle  1er \u2013  La  liste  des  candidats  d\u00e9finitivement  enregistr\u00e9s  dans  la  deuxi\u00e8me\ncirconscription l\u00e9gislative de la C\u00f4te d'Or pour le 2nd tour de scrutin est arr\u00eat\u00e9e ainsi\nqu'il suit dans l'ordre du tirage au sort :\nAdresse de la direction\nT\u00e9l. du standard\nCourriel : (courrier ou accueil g\u00e9n\u00e9ral\nPr\u00e9fecture de la C\u00f4te-d'Or - 21-2024-07-02-00007 - Arr\u00eat\u00e9 pr\u00e9fectoral n\u00b0 1 093 fixant la liste des candidats pour l'\u00e9lection des d\u00e9put\u00e9s\n\u00e0 l'Assembl\u00e9e Nationale pour le 2nd tour du dimanche 7 juillet 2024 pour la 2\u00e8me circonscription 34\nNum\u00e9ro\nde\npanneau\nCandidats D\u00e9put\u00e9s Candidats Rempla\u00e7ants\n1 Mme GUYENOT Tatiana M. DAMERON J\u00e9r\u00e9my\n2 Mme HERVIEU Catherine M. CAMUS David\nArticle  2  \u2013  Le  pr\u00e9sent  arr\u00eat\u00e9  sera  notifi\u00e9  au  pr\u00e9sident  de  la  commission  de\npropagande.\nArticle    3   \u2013  Le S ecr\u00e9taire  G\u00e9n\u00e9ral  de la  Pr\u00e9fecture de la  C\u00f4te d'Or  est  charg\u00e9 de\nl'ex\u00e9cution du pr\u00e9sent arr\u00eat\u00e9 qui sera affich\u00e9 \u00e0 la Pr\u00e9fecture, en Sous-Pr\u00e9fectures, ainsi\nqu'aux emplacements officiels des mairies  d\u00e8s r\u00e9ception, et qui sera d\u00e9pos\u00e9 sur la\ntable des bureaux de vote le jour de scrutin.\n  Le Pr\u00e9fet,\n                 Sign\u00e9     : Franck ROBINE\nAdresse de la direction\nT\u00e9l. du standard\nCourriel : (courrier ou accueil g\u00e9n\u00e9ral\nPr\u00e9fecture de la C\u00f4te-d'Or - 21-2024-07-02-00007 - Arr\u00eat\u00e9 pr\u00e9fectoral n\u00b0 1 093 fixant la liste des candidats pour l'\u00e9lection des d\u00e9put\u00e9s\n\u00e0 l'Assembl\u00e9e Nationale pour le 2nd tour du dimanche 7 juillet 2024 pour la 2\u00e8me circonscription 35\nPr\u00e9fecture de la C\u00f4te-d'Or\nDirection des Collectivit\u00e9s locales et des\nElections \n21-2024-07-02-00008\nArr\u00eat\u00e9 pr\u00e9fectoral n\u00b0 1 094 fixant la liste des\ncandidats pour l'\u00e9lection des d\u00e9put\u00e9s \u00e0\nl'Assembl\u00e9e Nationale pour le 2nd tour du\ndimanche 7 juillet 2024 pour la 3\u00e8me\ncirconscription\nPr\u00e9fecture de la C\u00f4te-d'Or - 21-2024-07-02-00008 - Arr\u00eat\u00e9 pr\u00e9fectoral n\u00b0 1 094 fixant la liste des candidats pour l'\u00e9lection des d\u00e9put\u00e9s\n\u00e0 l'Assembl\u00e9e Nationale pour le 2nd tour du dimanche 7 juillet 2024 pour la 3\u00e8me circonscription 36\nExPREFETDE LACOTE-D'ORLibert\u00e9Egalit\u00e9Fraternit\u00e9\nDirection des Collectivit\u00e9s Locales et des \u00c9lections\nAffaire suivie par Claire BROUSSE/ Delphine HORNY       Dijon, le 2 juillet 2024 \nBureau des \u00e9lections et de la r\u00e9glementation\nT\u00e9l : 03 80 44 65 40/65 41\nm\u00e9l : pref-elections@cote-dor.gouv.fr\nArr\u00eat\u00e9 N\u00b0  1 094\nFixant la liste des candidats pour l'\u00e9lection des d\u00e9put\u00e9s \u00e0 l'Assembl\u00e9e Nationale \npour le 2nd tour du dimanche 7 juillet 2024 pour la\n3\u00e8me circonscription\nLe pr\u00e9fet de la r\u00e9gion Bourgogne-Franche-Comt\u00e9\nPr\u00e9fet de la C\u00f4te-d'Or\nVU le code \u00e9lectoral et notamment l'article R.101 ; \nVU  le  d\u00e9cret  n\u00b0 2024-527 du 9 juin 2024  portant convocation des \u00e9lecteurs pour\nl'\u00e9lection des d\u00e9put\u00e9s \u00e0 l'Assembl\u00e9e nationale ;\nVU les d\u00e9clarations de candidatures d\u00e9pos\u00e9es jusqu'au mardi 2 juillet 2024 \u00e0 18h00 et\nla  proc\u00e9dure  de  tirage  au  sort  pour  l'attribution  des  emplacements  d'affichage\neffectu\u00e9e le dimanche 16 juin 2024 entre les candidatures d\u00e9pos\u00e9es dans la troisi\u00e8me\ncirconscription l\u00e9gislative de C\u00f4te d'Or ;\nSUR proposition du Secr\u00e9taire G\u00e9n\u00e9ral de la Pr\u00e9fecture de la C\u00f4te d'Or ;\nA R R E T E\nArticle  1er \u2013  La  liste  des  candidats  d\u00e9finitivement  enregistr\u00e9s  dans  la  troisi\u00e8me\ncirconscription l\u00e9gislative de la C\u00f4te d'Or pour le 2nd tour de scrutin est arr\u00eat\u00e9e ainsi\nqu'il suit dans l'ordre du tirage au sort :\nAdresse de la direction\nT\u00e9l. du standard\nCourriel : (courrier ou accueil g\u00e9n\u00e9ral\nPr\u00e9fecture de la C\u00f4te-d'Or - 21-2024-07-02-00008 - Arr\u00eat\u00e9 pr\u00e9fectoral n\u00b0 1 094 fixant la liste des candidats pour l'\u00e9lection des d\u00e9put\u00e9s\n\u00e0 l'Assembl\u00e9e Nationale pour le 2nd tour du dimanche 7 juillet 2024 pour la 3\u00e8me circonscription 37\nNum\u00e9ro\nde\npanneau\nCandidats D\u00e9put\u00e9s Candidats Rempla\u00e7ants\n1 M. PRIBETICH Pierre Mme THOMAS Ga\u00eblle\n2 M. COUDERT Thierry M. CAMUS Antoine\nArticle  2\u2013  Le  pr\u00e9sent  arr\u00eat\u00e9  sera  notifi\u00e9  au  pr\u00e9sident  de  la  commission  de\npropagande.\nArticle    3   \u2013  Le S ecr\u00e9taire  G\u00e9n\u00e9ral  de la  Pr\u00e9fecture de la  C\u00f4te d'Or  est  charg\u00e9 de\nl'ex\u00e9cution du pr\u00e9sent arr\u00eat\u00e9 qui sera affich\u00e9 \u00e0 la Pr\u00e9fecture, en Sous-Pr\u00e9fectures, ainsi\nqu'aux emplacements officiels des mairies  d\u00e8s r\u00e9ception, et qui sera d\u00e9pos\u00e9 sur la\ntable des bureaux de vote le jour de scrutin.\n   Le Pr\u00e9fet,\n  \n                   Sign\u00e9     : Franck ROBINE\nAdresse de la direction\nT\u00e9l. du standard\nCourriel : (courrier ou accueil g\u00e9n\u00e9ral\nPr\u00e9fecture de la C\u00f4te-d'Or - 21-2024-07-02-00008 - Arr\u00eat\u00e9 pr\u00e9fectoral n\u00b0 1 094 fixant la liste des candidats pour l'\u00e9lection des d\u00e9put\u00e9s\n\u00e0 l'Assembl\u00e9e Nationale pour le 2nd tour du dimanche 7 juillet 2024 pour la 3\u00e8me circonscription 38\nPr\u00e9fecture de la C\u00f4te-d'Or\nDirection des Collectivit\u00e9s locales et des\nElections \n21-2024-07-02-00009\nArr\u00eat\u00e9 pr\u00e9fectoral n\u00b0 1 095 fixant la liste des\ncandidats pour l'\u00e9lection des d\u00e9put\u00e9s \u00e0\nl'Assembl\u00e9e Nationale pour le 2nd tour du\ndimanche 7 juillet 2024 pour la 4\u00e8me\ncirconscription\nPr\u00e9fecture de la C\u00f4te-d'Or - 21-2024-07-02-00009 - Arr\u00eat\u00e9 pr\u00e9fectoral n\u00b0 1 095 fixant la liste des candidats pour l'\u00e9lection des d\u00e9put\u00e9s\n\u00e0 l'Assembl\u00e9e Nationale pour le 2nd tour du dimanche 7 juillet 2024 pour la 4\u00e8me circonscription 39\nExPREFETDE LACOTE-D'ORLibert\u00e9Egalit\u00e9Fraternit\u00e9\nDirection des Collectivit\u00e9s Locales et des \u00c9lections\nAffaire suivie par Claire BROUSSE/ Delphine HORNY       Dijon, le 2 juillet 2024 \nBureau des \u00e9lections et de la r\u00e9glementation\nT\u00e9l : 03 80 44 65 40/65 41\nm\u00e9l : pref-elections@cote-dor.gouv.fr\nArr\u00eat\u00e9 N\u00b0   1 095\nFixant la liste des candidats pour l'\u00e9lection des d\u00e9put\u00e9s \u00e0 l'Assembl\u00e9e Nationale \npour le 2nd  tour du dimanche 07 juillet 2024 pour la\n4\u00e8me circonscription\nLe pr\u00e9fet de la r\u00e9gion Bourgogne-Franche-Comt\u00e9\nPr\u00e9fet de la C\u00f4te-d'Or\nVU le code \u00e9lectoral et notamment l'article R.101 ; \nVU  le d\u00e9cret  n\u00b0 2024-527 du 9 juin 2024  portant convocation des \u00e9lecteurs pour\nl'\u00e9lection des d\u00e9put\u00e9s \u00e0 l'Assembl\u00e9e nationale ;\nVU les d\u00e9clarations de candidatures d\u00e9pos\u00e9es jusqu'au mardi 2 juillet 2024 \u00e0 18h00\net la proc\u00e9dure de tirage au sort pour l'attribution des emplacements d'affichage\neffectu\u00e9e  le  dimanche  16  juin  2024  entre  les  candidatures  d\u00e9pos\u00e9es  dans  la\nquatri\u00e8me circonscription l\u00e9gislative de C\u00f4te d'Or ;\nSUR proposition du Secr\u00e9taire G\u00e9n\u00e9ral de la Pr\u00e9fecture de la C\u00f4te d'Or ;\nA R R E T E\nArticle 1er  \u2013  La liste des candidats d\u00e9finitivement enregistr\u00e9es dans la  quatri\u00e8me\ncirconscription l\u00e9gislative de la C\u00f4te d'Or pour le  2nd tour  de scrutin est arr\u00eat\u00e9e\nainsi qu'il suit dans l'ordre du tirage au sort :\nAdresse de la direction\nT\u00e9l. du standard\nCourriel : (courrier ou accueil g\u00e9n\u00e9ral\nPr\u00e9fecture de la C\u00f4te-d'Or - 21-2024-07-02-00009 - Arr\u00eat\u00e9 pr\u00e9fectoral n\u00b0 1 095 fixant la liste des candidats pour l'\u00e9lection des d\u00e9put\u00e9s\n\u00e0 l'Assembl\u00e9e Nationale pour le 2nd tour du dimanche 7 juillet 2024 pour la 4\u00e8me circonscription 40\nNum\u00e9ro\nde\npanneau\nCandidats D\u00e9put\u00e9s Candidats Rempla\u00e7ants\n1 M. BRIGAND Hubert Mme LEPINE Eliane\n2 Mme DUMONT Sophie M. JOLY Mathieu\nArticle  2\u2013  Le  pr\u00e9sent  arr\u00eat\u00e9  sera  notifi\u00e9  au  pr\u00e9sident  de  la  commission  de\npropagande.\nArticle    3   \u2013  Le S ecr\u00e9taire  G\u00e9n\u00e9ral de la  Pr\u00e9fecture de la C \u00f4te d'Or  est  charg\u00e9 de\nl'ex\u00e9cution du pr\u00e9sent arr\u00eat\u00e9 qui sera  affich\u00e9 \u00e0 la Pr\u00e9fecture, en Sous-Pr\u00e9fectures,\nainsi qu'aux emplacements officiels des mairies d\u00e8s r\u00e9ception, et qui sera d\u00e9pos\u00e9 sur\nla table des bureaux de vote le jour de scrutin.\n   Le Pr\u00e9fet,\nSign\u00e9     : Franck ROBINE\n             \nAdresse de la direction\nT\u00e9l. du standard\nCourriel : (courrier ou accueil g\u00e9n\u00e9ral\nPr\u00e9fecture de la C\u00f4te-d'Or - 21-2024-07-02-00009 - Arr\u00eat\u00e9 pr\u00e9fectoral n\u00b0 1 095 fixant la liste des candidats pour l'\u00e9lection des d\u00e9put\u00e9s\n\u00e0 l'Assembl\u00e9e Nationale pour le 2nd tour du dimanche 7 juillet 2024 pour la 4\u00e8me circonscription 41\nPr\u00e9fecture de la C\u00f4te-d'Or\nDirection des Collectivit\u00e9s locales et des\nElections \n21-2024-07-02-00010\nArr\u00eat\u00e9 pr\u00e9fectoral n\u00b0 1 096 fixant la liste des\ncandidats pour l'\u00e9lection des d\u00e9put\u00e9s \u00e0\nl'Assembl\u00e9e Nationale pour le 2nd tour du\ndimanche 7 juillet 2024 pour la 5\u00e8me\ncirconscription\nPr\u00e9fecture de la C\u00f4te-d'Or - 21-2024-07-02-00010 - Arr\u00eat\u00e9 pr\u00e9fectoral n\u00b0 1 096 fixant la liste des candidats pour l'\u00e9lection des d\u00e9put\u00e9s\n\u00e0 l'Assembl\u00e9e Nationale pour le 2nd tour du dimanche 7 juillet 2024 pour la 5\u00e8me circonscription 42\nExPREFETDE LACOTE-D'ORLibert\u00e9Egalit\u00e9Fraternit\u00e9\nDirection des Collectivit\u00e9s Locales et des \u00c9lections\nAffaire suivie par Claire BROUSSE/ Delphine HORNY       Dijon, le 2 juillet 2024 \nBureau des \u00e9lections et de la r\u00e9glementation\nT\u00e9l : 03 80 44 65 40/65 41\nm\u00e9l : pref-elections@cote-dor.gouv.fr\nArr\u00eat\u00e9 N\u00b0  1 096\nFixant la liste des candidats pour l'\u00e9lection des d\u00e9put\u00e9s \u00e0 l'Assembl\u00e9e Nationale \npour le 2nd tour du dimanche 7 juillet 2024 pour la\n5\u00e8me circonscription\nLe pr\u00e9fet de la r\u00e9gion Bourgogne-Franche-Comt\u00e9\nPr\u00e9fet de la C\u00f4te-d'Or\nVU le code \u00e9lectoral et notamment l'article R.101 ; \nVU  le  d\u00e9cret  n\u00b0 2024-527 du 9 juin 2024  portant convocation des \u00e9lecteurs pour\nl'\u00e9lection des d\u00e9put\u00e9s \u00e0 l'Assembl\u00e9e nationale ;\nVU les d\u00e9clarations de candidatures d\u00e9pos\u00e9es jusqu'au mardi 2 juillet 2024 \u00e0 18h00 et\nla  proc\u00e9dure  de  tirage  au  sort  pour  l'attribution  des  emplacements  d'affichage\neffectu\u00e9e  le  dimanche  16  juin  2024  entre  les  candidatures  d\u00e9pos\u00e9es  dans  la\ncinqui\u00e8me circonscription l\u00e9gislative de C\u00f4te d'Or ;\nSUR proposition du Secr\u00e9taire G\u00e9n\u00e9ral de la Pr\u00e9fecture de la C\u00f4te d'Or ;\nA R R E T E\nArticle  1er \u2013  La  liste  des  candidats  d\u00e9finitivement  enregistr\u00e9s  dans  la  cinqui\u00e8me\ncirconscription l\u00e9gislative de la C\u00f4te d'Or pour le 2nd tour de scrutin est arr\u00eat\u00e9e ainsi\nqu'il suit dans l'ordre du tirage au sort :\nAdresse de la direction\nT\u00e9l. du standard\nCourriel : (courrier ou accueil g\u00e9n\u00e9ral\nPr\u00e9fecture de la C\u00f4te-d'Or - 21-2024-07-02-00010 - Arr\u00eat\u00e9 pr\u00e9fectoral n\u00b0 1 096 fixant la liste des candidats pour l'\u00e9lection des d\u00e9put\u00e9s\n\u00e0 l'Assembl\u00e9e Nationale pour le 2nd tour du dimanche 7 juillet 2024 pour la 5\u00e8me circonscription 43\nNum\u00e9ro\nde\npanneau\nCandidats D\u00e9put\u00e9s Candidats Rempla\u00e7ants\n1 M. PARIS Didier Mme DUPARC Marie-Line\n2 M. LIORET Ren\u00e9 Mme DUBIEF Honorine\nArticle  2\u2013  Le  pr\u00e9sent  arr\u00eat\u00e9  sera  notifi\u00e9  au  pr\u00e9sident  de  la  commission  de\npropagande.\nArticle    3   \u2013  Le S ecr\u00e9taire  G\u00e9n\u00e9ral de la  Pr\u00e9fecture de la C \u00f4te d'Or  est  charg\u00e9 de\nl'ex\u00e9cution du pr\u00e9sent arr\u00eat\u00e9 qui sera  affich\u00e9 \u00e0 la Pr\u00e9fecture, en Sous-Pr\u00e9fectures,\nainsi qu'aux emplacements officiels des mairies d\u00e8s r\u00e9ception, et qui sera d\u00e9pos\u00e9 sur\nla table des bureaux de vote le jour de scrutin.\n   Le Pr\u00e9fet,\n         Sign\u00e9     : Franck ROBINE\n      \nAdresse de la direction\nT\u00e9l. du standard\nCourriel : (courrier ou accueil g\u00e9n\u00e9ral\nPr\u00e9fecture de la C\u00f4te-d'Or - 21-2024-07-02-00010 - Arr\u00eat\u00e9 pr\u00e9fectoral n\u00b0 1 096 fixant la liste des candidats pour l'\u00e9lection des d\u00e9put\u00e9s\n\u00e0 l'Assembl\u00e9e Nationale pour le 2nd tour du dimanche 7 juillet 2024 pour la 5\u00e8me circonscription 44\nPr\u00e9fecture de la C\u00f4te-d'Or\nDirection des s\u00e9curit\u00e9s\n21-2024-07-02-00003\nArr\u00eat\u00e9 pr\u00e9fectoral N\u00b01090\nautorisant la captation, l\u25a1enregistrement et la\ntransmission d\u25a1images\nau moyen de cam\u00e9ras install\u00e9es sur des a\u00e9ronefs\nPr\u00e9fecture de la C\u00f4te-d'Or - 21-2024-07-02-00003 - Arr\u00eat\u00e9 pr\u00e9fectoral N\u00b01090\nautorisant la captation, l\u25a1enregistrement et la transmission d\u25a1images\nau moyen de cam\u00e9ras install\u00e9es sur des a\u00e9ronefs\n45\nPr\u00e9fecture de la C\u00f4te-d'Or - 21-2024-07-02-00003 - Arr\u00eat\u00e9 pr\u00e9fectoral N\u00b01090\nautorisant la captation, l\u25a1enregistrement et la transmission d\u25a1images\nau moyen de cam\u00e9ras install\u00e9es sur des a\u00e9ronefs\n46\nCONSIDERANT que la demande porte sur I'engagement de deux cam\u00e9ras a\u00e9roport\u00e9es pour la s\u00e9curit\u00e9des rassemblements sur les villes \u00e9tapes et l'itin\u00e9raire des 3 \u00e9tapes du Tour de France cycliste qui sed\u00e9rouleront en C\u00f4te-d'Or les 04, 05 et 06juillet 2024 ;SUR proposition de monsieur le directeur de cabinet du pr\u00e9fet de la r\u00e9gion Bourgogne-Franche-Comt\u00e9,pr\u00e9fet de la C\u00f4te-d'Or,\nARR\u00caTE\nArticle 1er: La captation, l'enregistrement et la transmission d'images par le groupement de gendarmeried\u00e9partementale de la C\u00f4te-d'Or, est autoris\u00e9e pour la s\u00e9curit\u00e9 des rassemblements de personnes sur lavoie publique ou dans des lieux ouverts au public.\nArticle 2 : Le nombre maximal de cam\u00e9ras pouvant proc\u00e9der simultan\u00e9ment aux traitements mentionn\u00e9s\u00e0 l'article 1\u00b0\" est fix\u00e9 \u00e0 deux, install\u00e9es sur des a\u00e9ronefs dont les r\u00e9f\u00e9rences et immatriculations sont list\u00e9esci-dessous :- drone MAVIC 3T n\u00b01581F5FJ723CDO0AZOKG- H\u00e9licopt\u00e8re Eurocopter EC 135 n\u00b0797 immatricul\u00e9 FMJDI\nArticle 3 : La pr\u00e9sente autorisation est limit\u00e9e au p\u00e9rim\u00e8tre g\u00e9ographique des communes \u00e9tapes : Nuits-Saint-Georges, Morey-Saint-Denis, Gevrey-Chambertin et Semur-en-Auxois ; ainsi qu'au parcours emprunt\u00e9par le Tour de France cycliste en C\u00f4te-d'Or.\nArticle 4 : La pr\u00e9sente autorisation est d\u00e9livr\u00e9e pour les 04, 05 et 06juillet 2024.\nArticle 5: Le registre mentionn\u00e9 \u00e0 l'article L. 242-4 du code de la s\u00e9curit\u00e9 int\u00e9rieure est transmis aurepr\u00e9sentant de l'\u00c9tat dans le d\u00e9partement \u00e0 l'issue de la p\u00e9riode d'utilisation.\nArticle G : Le pr\u00e9sent arr\u00e9t\u00e9 est publi\u00e9 au recueil des actes administratifs de la pr\u00e9fecture et peut fairel'objet d'un recours contentieux devant le tribunal administratif de Dijon dans un d\u00e9lai de deux mois \u00e0compter de sa publication.\nArticle 7 : Le directeur de cabinet du pr\u00e9fet de la r\u00e9gion Bourgogne-Franche-Comt\u00e9, pr\u00e9fet de la C\u00f4te-d'Or, le secr\u00e9taire g\u00e9n\u00e9ral de la pr\u00e9fecture de la C\u00f4te-d'Or et le g\u00e9n\u00e9ral commandant la r\u00e9gion degendarmerie de Bourgogne-Franche-Comt\u00e9, commandant le groupement de gendarmeried\u00e9partementale de la C\u00f4te-d'Or sont charg\u00e9s, chacun en ce qui le concerne, de |'ex\u00e9cution du pr\u00e9sentarr\u00eat\u00e9 qui sera adress\u00e9 pour copie \u00e0 monsieur le procureur de la R\u00e9publique pr\u00e8s le tribunal judiciaire deDijon.\nFait \u00e0 Dijon, le 02 juillet 2024Le pr\u00e9fet,Pour le pr\u00e9fet et par d\u00e9l\u00e9gation,Le sous-pr\u00e9fet, directeur de cabinet,original sign\u00e9Olivier GERSTLE\nPr\u00e9fecture de la C\u00f4te-d'Or - 21-2024-07-02-00003 - Arr\u00eat\u00e9 pr\u00e9fectoral N\u00b01090\nautorisant la captation, l\u25a1enregistrement et la transmission d\u25a1images\nau moyen de cam\u00e9ras install\u00e9es sur des a\u00e9ronefs\n47\nPr\u00e9fecture de la C\u00f4te-d'Or\nDirection des s\u00e9curit\u00e9s\n21-2024-07-02-00002\nArr\u00eat\u00e9 pr\u00e9fectoral N\u00b01091\nautorisant la captation, l\u25a1enregistrement et la\ntransmission d\u25a1images\nau moyen de cam\u00e9ras install\u00e9es sur des a\u00e9ronefs\nPr\u00e9fecture de la C\u00f4te-d'Or - 21-2024-07-02-00002 - Arr\u00eat\u00e9 pr\u00e9fectoral N\u00b01091\nautorisant la captation, l\u25a1enregistrement et la transmission d\u25a1images\nau moyen de cam\u00e9ras install\u00e9es sur des a\u00e9ronefs\n48\nPr\u00e9fecture de la C\u00f4te-d'Or - 21-2024-07-02-00002 - Arr\u00eat\u00e9 pr\u00e9fectoral N\u00b01091\nautorisant la captation, l\u25a1enregistrement et la transmission d\u25a1images\nau moyen de cam\u00e9ras install\u00e9es sur des a\u00e9ronefs\n49\nCONSID\u00c9RANT que la s\u00e9curisation du Tour n\u00e9cessite une forte mobilisation des forces de l'ordre ; que leTour de France n\u00e9cessite une importante r\u00e9organisation des flux de transports afin d'assurer d'une part las\u00e9curit\u00e9 de l'\u00e9v\u00e9nement et des spectateurs pr\u00e9sents, et d'autres part la fluidit\u00e9 de la circulation sur lesvoies directement impact\u00e9es par cette organisation en vue d'\u00e9viter tout incident qui n\u00e9cessiterait uneintervention importante des forces de s\u00e9curit\u00e9 int\u00e9rieure d\u00e9j\u00e0 mobilis\u00e9es pour la s\u00e9curisation duparcours;CONSID\u00c9RANT l'int\u00e9r\u00eat, pour les forces de s\u00e9curit\u00e9 int\u00e9rieure, de disposer d'une vision en grand anglepour permettre le maintien et le r\u00e9tablissement de l'ordre public tout en limitant I'engagement des forcesau sol, en raison notamment du risque de troubles \u00e0 l'ordre public, et de l'ampleur de la zone \u00e0 s\u00e9curiser ;CONSID\u00c9RANT que la demande porte sur l'engagement de deux cam\u00e9ras a\u00e9roport\u00e9es; dans lescirconstances pr\u00e9cit\u00e9es, le recours au dispositif de captation install\u00e9 sur l'a\u00e9ronef est n\u00e9cessaire etadapt\u00e9 ; qu'il n'existe pas de dispositif moins intrusif permettant de parvenir aux m\u00eames fins ;SUR proposition de monsieur le directeur de cabinet du pr\u00e9fet de la r\u00e9gion Bourgogne-Franche-Comt\u00e9,pr\u00e9fet de la C\u00f4te-d'Or,\nARR\u00caTEArticle Ter: La captation, l'enregistrement et la transmission d'images par la directioninterd\u00e9partementale de la police nationale de la C\u00f4te-d'Or, est autoris\u00e9e pour la pr\u00e9vention des atteintes\u00e0 la s\u00e9curit\u00e9 des personnes et des biens, pour la s\u00e9curit\u00e9 des rassemblements de personnes sur la voiepublique ou dans des lieux ouverts au public, pour la pr\u00e9vention des actes de terrorisme, pour lar\u00e9gulation des flux de transport et pour le secours aux personnes.Article 2 : Le nombre maximal de cam\u00e9ras pouvant proc\u00e9der simultan\u00e9ment aux traitements mentionn\u00e9s\u00e0 l'article 1\u00b0\" est fix\u00e9 \u00e0 deux, install\u00e9es sur des a\u00e9ronefs dont les r\u00e9f\u00e9rences et immatriculations sont list\u00e9esci-dessous :- drone MAVIC 2 ENTERPRISE de marque DJI n\u00b0276 CH3NROA024B- drone MAVIC 2 ENTERPRISE de marque DJI n\u00b0276CH3NROa0247Article 3 : La pr\u00e9sente autorisation est limit\u00e9e au p\u00e9rim\u00e8tre g\u00e9ographique d\u00e9limit\u00e9 en annexe du pr\u00e9sentarr\u00eat\u00e9.Article 4 : La pr\u00e9sente autorisation est d\u00e9livr\u00e9e pour le jeudi 04 juillet 2024 de 14h00 \u00e0 19h00.Article 5 : Le registre mentionn\u00e9 \u00e0 l'article L. 242-4 du code de la s\u00e9curit\u00e9 int\u00e9rieure est transmis aurepr\u00e9sentant de l'\u00c9tat dans le d\u00e9partement \u00e0 l'issue de la p\u00e9riode d'utilisation.Article 6: Le pr\u00e9sent arr\u00e9t\u00e9 est publi\u00e9 au recueil des actes administratifs de la pr\u00e9fecture et peut fairel'objet d'un recours contentieux devant le tribunal administratif de Dijon dans un d\u00e9lai de deux mois \u00e0compter de sa publication.Article 7 : Le directeur de cabinet du pr\u00e9fet de la r\u00e9gion Bourgogne-Franche-Comt\u00e9, pr\u00e9fet de la C\u00f4te-d'Or, le secr\u00e9taire g\u00e9n\u00e9ral de la pr\u00e9fecture de la C\u00f4te-d'Or et le directeur interd\u00e9partemental de la policenationale de la C\u00f4te-d'Or sont charg\u00e9s, chacun en ce qui le concerne, de I'ex\u00e9cution du pr\u00e9sent arr\u00eat\u00e9 quisera adress\u00e9 pour copie \u00e0 monsieur le procureur de la R\u00e9publique pr\u00e8s le tribunal judiciaire de Dijon.Fait \u00e0 Dijon, le 02 juillet 2024Le pr\u00e9fet,Pour le pr\u00e9fet et par d\u00e9l\u00e9gation,Le sous-pr\u00e9fet, directeur de cabinet,original sign\u00e9Olivier GERSTL\u00c9\nPr\u00e9fecture de la C\u00f4te-d'Or - 21-2024-07-02-00002 - Arr\u00eat\u00e9 pr\u00e9fectoral N\u00b01091\nautorisant la captation, l\u25a1enregistrement et la transmission d\u25a1images\nau moyen de cam\u00e9ras install\u00e9es sur des a\u00e9ronefs\n50\nAnnexe\nS \u2014\u2014\u2014\nH\u00f4tel L amartine L  \u00e7 5=Q otel Lama Bd de Swastourg CHU DIJON 02au 21 fi universitaire Ff'\\\u00cf)D:\u00ce'! h\u00f4tel Oda ysCity Les Cordeliers\niscin\u00e9/\u00a9lympiqueDijoniM\u00e9tropolee du Transvaal 2,\ntn,(_,,n\n; Dijon (Les Pejoces) QR\"l\"3\n( 5 PARC-CHEVREUL= ;\u00bb, 1\n,(r' ParcdelaColombiere'S\nPr\u00e9fecture de la C\u00f4te-d'Or - 21-2024-07-02-00002 - Arr\u00eat\u00e9 pr\u00e9fectoral N\u00b01091\nautorisant la captation, l\u25a1enregistrement et la transmission d\u25a1images\nau moyen de cam\u00e9ras install\u00e9es sur des a\u00e9ronefs\n51\nPr\u00e9fecture de la C\u00f4te-d'Or\nDirection des s\u00e9curit\u00e9s\n21-2024-07-02-00004\nArr\u00eat\u00e9 pr\u00e9fectoral N\u00b01097\nautorisant la mise en \u25a1uvre d\u25a1un dispositif de\nbrouillage antidrone\npar la direction interd\u00e9partementale de la police\nnationale de la C\u00f4te-d\u25a1Or\nPr\u00e9fecture de la C\u00f4te-d'Or - 21-2024-07-02-00004 - Arr\u00eat\u00e9 pr\u00e9fectoral N\u00b01097\nautorisant la mise en \u25a1uvre d\u25a1un dispositif de brouillage antidrone\npar la direction interd\u00e9partementale de la police nationale de la C\u00f4te-d\u25a1Or\n52\nPr\u00e9fecture de la C\u00f4te-d'Or - 21-2024-07-02-00004 - Arr\u00eat\u00e9 pr\u00e9fectoral N\u00b01097\nautorisant la mise en \u25a1uvre d\u25a1un dispositif de brouillage antidrone\npar la direction interd\u00e9partementale de la police nationale de la C\u00f4te-d\u25a1Or\n53\ndirectement impact\u00e9es par cette organisation en vue d'\u00e9viter tout incident qui n\u00e9cessiterait une interventionimportante des forces de s\u00e9curit\u00e9 int\u00e9rieure d\u00e9j\u00e0 mobilis\u00e9es pour la s\u00e9curisation du parcours ;CONSID\u00c9RANT qu'il en r\u00e9sulte un risque \u00e9lev\u00e9 de troubles graves \u00e0 l'ordre public dans les secteursconcern\u00e9s par le parcours du Tour de France cycliste et notamment lors de l'arriv\u00e9e sur la commune deDijon; que, dans ces circonstances, la mise en \u0153uvre d'un dispositif de brouillage par la directioninterd\u00e9partementale de la police nationale de la C\u00f4te-d'Or est de nature \u00e0 pr\u00e9venir les troubles graves \u00e0l'ordre public et la commission d'infractions p\u00e9nales; qu'une telle interdiction appara\u00eet ainsi adapt\u00e9e,n\u00e9cessaire et proportionn\u00e9e;CONSIDERANT les besoins de s\u00e9curit\u00e9 publique dans le cadre de la mission de s\u00e9curisation de l'arriv\u00e9e del'\u00e9tape du Tour de France confi\u00e9e au directeur interd\u00e9partemental de la police nationale de la C\u00f4te-d'Orle 04juillet 2024 ;SUR proposition de monsieur le directeur de cabinet du pr\u00e9fet de la r\u00e9gion Bourgogne-Franche-Comt\u00e9, pr\u00e9fetde la C\u00f4te-d'Or,ARR\u00caTEArticle 1er : Aux fins de lutte contre les actions malveillantes de pilotes d'a\u00e9ronefs sans \u00e9quipage \u00e0 bord,la direction interd\u00e9partementale de la police nationale de la C\u00f4te-d'Or est autoris\u00e9e \u00e0 mettre en \u0153uvreun dispositif de brouillage dans le respect de sa comp\u00e9tence territoriale et conform\u00e9ment aux modalit\u00e9scontenues dans la demande susvis\u00e9e sur la commune de Dijon.Article 2 : Le dispositif de brouillage autoris\u00e9 \u00e0 l'article 1\" peut \u00eatre mis en \u0153uvre, le 04 juillet 2024 sur lavoie publique, sur l'espace public ou en direction de l'espace public, ainsi que dans les lieux de grandsrassemblements de personnes et \u00e0 leurs abords imm\u00e9diats de 13h00 \u00e0 21h00 sur le territoire de lacommune de Dijon.Article 3 : Le pr\u00e9sent arr\u00e9t\u00e9 peut \u00eatre contest\u00e9 selon les voies de recours et dans les d\u00e9lais suivants :- Un recours gracieux adress\u00e9 \u00e0 la Pr\u00e9fecture de la C\u00f4te-d'Or \u2014 Direction des s\u00e9curit\u00e9s \u2014 53 rue de la pr\u00e9fecture\u2014 21041 Dijon Cedex- un recours hi\u00e9rarchique adress\u00e9 \u00e0 Monsieur le Ministre de l'Int\u00e9rieur \u2014- DLPAJ- Place Beauvau \u2014 75800 PARIScedex 08- Un recours contentieux peut \u00eatre form\u00e9 devant le tribunal administratif de Dijon. Le tribunal administratifpeut \u00eatre saisi par l'application informatique \u00ab T\u00e9l\u00e9recours citoyens \u00bb accessible par le site internetwww.telerecours.fr.Le recours juridictionnel doit \u00eatre d\u00e9pos\u00e9 au plus tard avant I'expiration du 2\u00e8me mois suivant la date denotification de la d\u00e9cision contest\u00e9e (ou bien du 2\u00e8me mois suivant la date du rejet de votre recours gracieuxou hi\u00e9rarchique).Il devra \u00eatre joint imp\u00e9rativement \u00e0 l'appui du recours une copie de la d\u00e9cision contest\u00e9e et, le cas \u00e9ch\u00e9ant,tout document utile \u00e0 I'instruction de la requ\u00e9te.L'exercice d'un recours administratif ou d'un recours juridictionnel ne suspend pas I'ex\u00e9cution de la d\u00e9cisionadministrative contest\u00e9e.Article 4 : Le sous-pr\u00e9fet, directeur de cabinet du pr\u00e9fet de la C\u00f4te-d'Or, le directeur interd\u00e9partementalde la police nationale sont charg\u00e9s chacun en ce qui le concerne de I'ex\u00e9cution du pr\u00e9sent arr\u00eat\u00e9 qui serapubli\u00e9 au recueil des actes administratifs de la pr\u00e9fecture et dont un exemplaire sera transmis \u00e0 ladirection zonale de la police aux fronti\u00e8res de la zone Est, la direction de la s\u00e9curit\u00e9 de l'aviation civileNord-Est, la compagnie de gendarmerie des transports a\u00e9riens de Strasbourg ainsi qu'au Procureur de laR\u00e9publique pr\u00e8s le Tribunal Judiciaire de Dijon et au maire de Dijon.Fait \u00e0 Dijon, le 02 juillet 2024Le pr\u00e9fet,Pour le pr\u00e9fet et par d\u00e9l\u00e9gation,Le directeur de cabinet,original sign\u00e9Olivier GERSTL\u00c9\nPr\u00e9fecture de la C\u00f4te-d'Or - 21-2024-07-02-00004 - Arr\u00eat\u00e9 pr\u00e9fectoral N\u00b01097\nautorisant la mise en \u25a1uvre d\u25a1un dispositif de brouillage antidrone\npar la direction interd\u00e9partementale de la police nationale de la C\u00f4te-d\u25a1Or\n54\nPr\u00e9fecture de la C\u00f4te-d'Or\nDirection des s\u00e9curit\u00e9s\n21-2024-07-02-00005\nArr\u00eat\u00e9 pr\u00e9fectoral N\u00b01098\nautorisant la mise en \u25a1uvre d\u25a1un dispositif de\nbrouillage antidrone\npar le groupement de gendarmerie\nd\u00e9partementale de la C\u00f4te-d\u25a1Or\nPr\u00e9fecture de la C\u00f4te-d'Or - 21-2024-07-02-00005 - Arr\u00eat\u00e9 pr\u00e9fectoral N\u00b01098\nautorisant la mise en \u25a1uvre d\u25a1un dispositif de brouillage antidrone\npar le groupement de gendarmerie d\u00e9partementale de la C\u00f4te-d\u25a1Or\n55\nPr\u00e9fecture de la C\u00f4te-d'Or - 21-2024-07-02-00005 - Arr\u00eat\u00e9 pr\u00e9fectoral N\u00b01098\nautorisant la mise en \u25a1uvre d\u25a1un dispositif de brouillage antidrone\npar le groupement de gendarmerie d\u00e9partementale de la C\u00f4te-d\u25a1Or\n56\nCONSID\u00c9RANT que la s\u00e9curisation du Tour n\u00e9cessite une forte mobilisation des forces de l'ordre ; quele Tour de France n\u00e9cessite une importante r\u00e9organisation des flux de transports afin d'assurer d'unepart la s\u00e9curit\u00e9 de l'\u00e9v\u00e9nement et des spectateurs pr\u00e9sents, et d'autres part la fluidit\u00e9 de la circulationsur les voies directement impact\u00e9es par cette organisation en vue d'\u00e9viter tout incident quin\u00e9cessiterait une intervention importante des forces de s\u00e9curit\u00e9 int\u00e9rieure d\u00e9j\u00e0 mobilis\u00e9es pour las\u00e9curisation du parcours ;CONSID\u00c9RANT qu'il en r\u00e9sulte un risque \u00e9lev\u00e9 de troubles graves \u00e0 l'ordre public dans les secteursconcern\u00e9s par le parcours du Tour de France cycliste ; que, dans ces circonstances, la mise en \u0153uvred'un dispositif de brouillage par le groupement de gendarmerie d\u00e9partementale de la C\u00f4te-d'Or estde nature \u00e0 pr\u00e9venir les troubles graves \u00e0 l'ordre public et la commission d'infractions p\u00e9nales;qu'une telle interdiction appara\u00eet ainsi adapt\u00e9e, n\u00e9cessaire et proportionn\u00e9e ;CONSID\u00c9RANT les besoins de s\u00e9curit\u00e9 publique dans le cadre de la mission de s\u00e9curisation des\u00e9tapes du Tour de France confi\u00e9e au groupement de gendarmerie d\u00e9partementale de la C\u00f4te-d'Orles 04, 05 et 06juillet 2024 ;SUR proposition de monsieur le directeur de cabinet du pr\u00e9fet de la r\u00e9gion Bourgogne-Franche-Comt\u00e9,pr\u00e9fet de la C\u00f4te-d'Or,\nARRETE\nArticle 1er : Aux fins de lutte contre les actions malveillantes de pilotes d'a\u00e9ronefs sans \u00e9quipage \u00e0bord, le groupement de gendarmerie d\u00e9partementale de la C\u00f4te-d'Or est autoris\u00e9 \u00e0 mettre en\u0153uvre un dispositif de brouillage dans le respect de sa comp\u00e9tence territoriale et conform\u00e9mentaux modalit\u00e9s contenues dans la demande susvis\u00e9e sur les communes de Nuit-Saint-Georges,Grevrey-Chambertin, Meursault et Semur-en-Auxois.\nArticle 2 : Le dispositif de brouillage autoris\u00e9 \u00e0 l'article 1 peut \u00eatre mis en \u0153uvre, sur la voiepublique, sur l'espace public ou en direction de l'espace public, ainsi que dans les lieux de grandsrassemblements de personnes et \u00e0 leurs abords imm\u00e9diats :- le 04 juillet 2024, de 11h00 \u00e0 17h00, sur le territoire de la commune de Meursault,- le 05 juillet 2024, de 10h00 \u00e0 19h00, sur le territoire des communes de Gevrey-Chambertin et Nuits-Saint-Georges,- le 06 juillet 2024, de 10h00 \u00e0 15h00 sur le territoire de la commune de Semur-en-Auxois.\nArticle 3 : Le pr\u00e9sent arr\u00eat\u00e9 peut \u00eatre contest\u00e9 selon les voies de recours et dans les d\u00e9lais suivants :- Un recours gracieux adress\u00e9 \u00e0 la Pr\u00e9fecture de la C\u00f4te-d'Or - Direction des s\u00e9curit\u00e9s \u2014 53 rue de lapr\u00e9fecture \u2014 21041 Dijon Cedex- un recours hi\u00e9rarchique adress\u00e9 \u00e0 Monsieur le Ministre de l'Int\u00e9rieur - DLPAJ- Place Beauvau \u2014 75800PARIS cedex 08- Un recours contentieux peut \u00eatre form\u00e9 devant le tribunal administratif de Dijon. Le tribunaladministratif peut \u00eatre saisi par l'application informatique \u00ab T\u00e9l\u00e9recours citoyens \u00bb accessible par le siteinternet www.telerecours.fr.Le recours juridictionnel doit \u00e9tre d\u00e9pos\u00e9 au plus tard avant l'expiration du 2\u00e8me mois suivant la datede notification de la d\u00e9cision contest\u00e9e (ou bien du 2\u00e8me mois suivant la date du rejet de votre recoursgracieux ou hi\u00e9rarchique).Il devra \u00eatre joint imp\u00e9rativement \u00e0 l'appui du recours une copie de la d\u00e9cision contest\u00e9e et, le cas\u00e9ch\u00e9ant, tout document utile \u00e0 I'instruction de la requ\u00e9te.L'exercice d'un recours administratif ou d'un recours juridictionnel ne suspend pas |'ex\u00e9cution de lad\u00e9cision administrative contest\u00e9e.\nPr\u00e9fecture de la C\u00f4te-d'Or - 21-2024-07-02-00005 - Arr\u00eat\u00e9 pr\u00e9fectoral N\u00b01098\nautorisant la mise en \u25a1uvre d\u25a1un dispositif de brouillage antidrone\npar le groupement de gendarmerie d\u00e9partementale de la C\u00f4te-d\u25a1Or\n57\nArticle 4: Le sous-pr\u00e9fet, directeur de cabinet du pr\u00e9fet de la C\u00f4te-d'Or, le directeurinterd\u00e9partemental de la police nationale sont charg\u00e9s chacun en ce qui le concerne de l'ex\u00e9cutiondu pr\u00e9sent arr\u00e9t\u00e9 qui sera publi\u00e9 au recueil des actes administratifs de la pr\u00e9fecture et dont unexemplaire sera transmis \u00e0 la direction zonale de la police aux fronti\u00e8res de la zone Est, la directionde la s\u00e9curit\u00e9 de l'aviation civile Nord-Est, la compagnie de gendarmerie des transports a\u00e9riens deStrasbourg ainsi qu'au Procureur de la R\u00e9publique pr\u00e8s le Tribunal Judiciaire de Dijon et au maire deDijon.\nFait \u00e0 Dijon, le 02 juillet 2024Le Pr\u00e9fetPour le pr\u00e9fet et par d\u00e9l\u00e9gation,Le directeur de cabinetoriginal sign\u00e9Olivier GERSTL\u00c9\nPr\u00e9fecture de la C\u00f4te-d'Or - 21-2024-07-02-00005 - Arr\u00eat\u00e9 pr\u00e9fectoral N\u00b01098\nautorisant la mise en \u25a1uvre d\u25a1un dispositif de brouillage antidrone\npar le groupement de gendarmerie d\u00e9partementale de la C\u00f4te-d\u25a1Or\n58\nPr\u00e9fecture de la C\u00f4te-d'Or\nDirection des s\u00e9curit\u00e9s\n21-2024-07-01-00005\nArr\u00eat\u00e9 pr\u00e9fectoral portant agr\u00e9ment d'un\nm\u00e9decin consultant en commission m\u00e9dicale\ndes permis de conduire de l'arrondissement de\nDijon concernant M. Jean-Marie HUMBLOT\nPr\u00e9fecture de la C\u00f4te-d'Or - 21-2024-07-01-00005 - Arr\u00eat\u00e9 pr\u00e9fectoral portant agr\u00e9ment d'un m\u00e9decin consultant en commission\nm\u00e9dicale des permis de conduire de l'arrondissement de Dijon concernant M. Jean-Marie HUMBLOT 59\nExPREFETDE LACOTE-D'ORLibert\u00e9Egalit\u00e9Fraternit\u00e9\nDIRECTION DES SECURITES\nBureau D\u00e9fense et S\u00e9curit\u00e9\nARRETE PREFECTORAL N\u00b01082\nportant agr\u00e9ment d'un m\u00e9decin consultant en commission m\u00e9dicale\ndes permis de conduire de l'arrondissement de Dijon\nVU le code de la route ;\nVU le d\u00e9cret n\u00b02012-886 du 17 juillet 2012 relatif au contr\u00f4le m\u00e9dical de l'aptitude \u00e0 la\nconduite ;\nVU le d\u00e9cret  n\u00b02004-374 du  29  avril 2004  modifi\u00e9 relatif  aux  pouvoirs  des  pr\u00e9fets,  \u00e0\nl'organisation et \u00e0 l'action des services de l'\u00c9tat dans les r\u00e9gions et d\u00e9partements ;\nVU  l'arr\u00eat\u00e9 pr\u00e9fectoral n\u00b0 148/SG du 1 8 janvier 2024  donnant d\u00e9l\u00e9gation de signature \u00e0\nM. Olivier GERSTL\u00c9, sous-pr\u00e9fet, directeur de cabinet du pr\u00e9fet de la r\u00e9gion Bourgogne-\nFranche-Comt\u00e9, pr\u00e9fet de la C\u00f4te-d'Or ;\nVU l'arr\u00eat\u00e9 du 21 d\u00e9cembre 2005 modifi\u00e9 par l'arr\u00eat\u00e9 interminist\u00e9riel du 31 ao\u00fbt 2010\nfixant la liste des affections incompatibles avec l'obtention ou le maintien du permis de\nconduire ou pouvant donner  lieu \u00e0 la d\u00e9livrance de permis  de conduire de dur\u00e9e de\nvalidit\u00e9 limit\u00e9e ;\nVU l'arr\u00eat\u00e9 minist\u00e9riel du 20 avril 2012 modifi\u00e9 fixant les conditions d'\u00e9tablissement, de\nd\u00e9livrance et de validit\u00e9 des permis de conduire ;\nVU l'arr\u00eat\u00e9 du 28 mars 2022 modifiant l' arr\u00eat\u00e9 du 31 juillet 2012 relatif \u00e0 l'organisation du\ncontr\u00f4le m\u00e9dical de l'aptitude \u00e0 la conduite ;\nVU l'arr\u00eat\u00e9 pr\u00e9fectoral N\u00b01014 du 11 d\u00e9cembre 2019 portant agr\u00e9ment du docteur Jean-\nMarie HUMBLOT jusqu'au 7 novembre 2024 ;\nVU la circulaire du 03 ao\u00fbt 2012 relative \u00e0 l'organisation du contr\u00f4le m\u00e9dical de l'aptitude\n\u00e0 la conduite des conducteurs et des candidats aux permis de conduire ;\nVU l'attestation  de  formation  continue  pour  le  contr\u00f4le  m\u00e9dical  de  l'aptitude  \u00e0  la\nconduite en date du 7 mars 2024 ;\nCONSIDERANT que le docteur Jean-Marie HUMBLOT, n\u00e9 le 14 ao\u00fbt 1951, atteindra la limite\nd'\u00e2ge fix\u00e9e \u00e0 75 ans par l'article 6 de l'arr\u00eat\u00e9 du 28 mars 2022 pr\u00e9cit\u00e9 le 14 ao\u00fbt 2026 ;\nSUR proposition du sous-pr\u00e9fet, directeur de cabinet du pr\u00e9fet de la C\u00f4te-d'Or ;\nPr\u00e9fecture de la C\u00f4te-d'Or - 21-2024-07-01-00005 - Arr\u00eat\u00e9 pr\u00e9fectoral portant agr\u00e9ment d'un m\u00e9decin consultant en commission\nm\u00e9dicale des permis de conduire de l'arrondissement de Dijon concernant M. Jean-Marie HUMBLOT 60\nARR\u00caTE\nArticle  1er  :  L'arr\u00eat\u00e9  pr\u00e9fectoral  N\u00b01014  du  11  d\u00e9cembre  2019  portant  agr\u00e9ment  du\ndocteur  Jean-Marie  HUMBLOT pour  effectuer  le  contr\u00f4le  m\u00e9dical,  en  commission\nm\u00e9dicale primaire de l'arrondissement de Dijon, de l'aptitude \u00e0 la conduite des candidats\nau permis de conduire et des conducteurs de v\u00e9hicules automobiles est abrog\u00e9.\nArticle 2 : Le docteur Jean-Marie HUMBLOT est agr\u00e9\u00e9 jusqu'au 14 ao\u00fbt 2026 pour effectuer\nle contr\u00f4le m\u00e9dical, en commission m\u00e9dicale primaire de l'arrondissement de Dijon, de\nl'aptitude  \u00e0 la conduite  des  candidats  au  permis  de conduire  et des  conducteurs  de\nv\u00e9hicules automobiles.\nArticle   3   :   L'agr\u00e9ment est abrog\u00e9 par d\u00e9cision du pr\u00e9fet dans les cas suivants : \n- en cas de sanction ordinale\n- d\u00e8s l'\u00e2ge de 75 ans\n- en cas de non respect de l'obligation de formation continue\n- pour tout autre motif\nDans ce dernier cas, le m\u00e9decin est tenu de pr\u00e9senter ses observations dans un d\u00e9lai de\nquinze jours suivant r\u00e9ception du courrier exposant les griefs susceptibles de conduire \u00e0\nl'abrogation de l'agr\u00e9ment.\nArticle    4     :  Le sous-pr\u00e9fet, directeur de  cabinet du pr\u00e9fet de la C\u00f4te-d'Or  est  charg\u00e9 de\nl'ex\u00e9cution du  pr\u00e9sent arr\u00eat\u00e9 qui sera publi\u00e9 au recueil des actes  administratifs de la\npr\u00e9fecture de la C\u00f4te-d'Or  et dont une copie sera adress\u00e9e \u00e0 l'int\u00e9ress\u00e9 et au conseil\nd\u00e9partemental de l'ordre national des m\u00e9decins.\nFait \u00e0 Dijon, le 1er juillet 2024\nLe pr\u00e9fet,\nPour le pr\u00e9fet et par d\u00e9l\u00e9gation,\nLe directeur de cabinet,\n        Original sign\u00e9\n     Olivier GERSTL\u00c9\nD\u00c9LAIS ET VOIES DE RECOURS\nLa pr\u00e9sente d\u00e9cision peut \u00eatre contest\u00e9 selon les voies de recours et dans les d\u00e9lais mentionn\u00e9s ci-dessous.\nDans les deux mois \u00e0 compter de la notification de la pr\u00e9sente d\u00e9cision les recours suivants peuvent \u00eatre introduits :\n- un recours gracieux  adress\u00e9 \u00e0  : Pr\u00e9fecture de la C\u00f4te-d'Or - Direction des S\u00e9curit\u00e9s - Bureau de la d\u00e9fense et de  la s\u00e9curit\u00e9 \u2013 Polices\nadministratives - 53 rue de la Pr\u00e9fecture - 21041 Dijon Cedex\n- un recours hi\u00e9rarchique adress\u00e9 \u00e0 M. le Ministre de l'Int\u00e9rieur et des Outre-Mer - Secr\u00e9tariat G\u00e9n\u00e9ral - Place Beauvau -75800 Paris Cedex 08\n- un recours contentieux adress\u00e9 au Tribunal Administratif de Dijon - 22 rue d'Assas - BP 61616 - 21016 Dijon Cedex\nLe  tribunal  administratif  peut  \u00eatre  saisi  par  un  recours  d\u00e9pos\u00e9  via  l'application  T\u00e9l\u00e9recours  citoyens  accessible  par  le  site  internet\nwww.t\u00e9l\u00e9recours.fr. Ce recours juridictionnel doit \u00eatre d\u00e9pos\u00e9 au plus tard avant l'expiration du 2 e mois suivant la date de notification de la\nd\u00e9cision contest\u00e9e (ou bien du 2e mois suivant la date du rejet du recours gracieux ou hi\u00e9rarchique).\nPr\u00e9fecture de la C\u00f4te-d'Or - 21-2024-07-01-00005 - Arr\u00eat\u00e9 pr\u00e9fectoral portant agr\u00e9ment d'un m\u00e9decin consultant en commission\nm\u00e9dicale des permis de conduire de l'arrondissement de Dijon concernant M. Jean-Marie HUMBLOT 61","date":"2024-07-03","first_seen_on":"2025-09-14T13:24:58+00:00","id":"e48339998c5a1b15ccd8937a603ced74615bd5fd114d7c25f12a6cbe1594dc12","name":"RAA n\u00b0 079 du 03 juillet 2024","pdf_creation_date":"2024-07-03T14:04:04+00:00","pdf_modification_date":null,"timezone":"Europe/Paris","url":"https://www.cote-dor.gouv.fr/contenu/telechargement/21736/166526/file/recueil-21-2024-079-recueil-des-actes-administratifs-special.pdf"}
