{"administration":"prefidf","administration_name":"Pr\u00e9fecture de la r\u00e9gion \u00cele-de-France","content":"PREFECTURE\nREGION ILE DE\nFRANCE\nRECUEIL DES ACTES\nADMINISTRATIFS SP\u00c9CIAL\nN\u00b0IDF-057-2025-12\nPUBLI\u00c9 LE 24 D\u00c9CEMBRE 2025\nSommaire\nAgence R\u00e9gionale de Sant\u00e9 /\nIDF-2025-12-23-00018 - Arr\u00eat\u00e9 2025-265 portant autorisation d'extension\nde capacit\u00e9 de 47 \u00e0 49 places de l'Etablissement d'accueil\nm\u00e9dicalis\u00e9 (EAM) Cit\u00e9 Jacques Descamps \u00e0 Bagneux g\u00e9r\u00e9 par\nl'association Cit\u00e9 Caritas (4 pages) Page 5\nIDF-2025-12-23-00017 - Arr\u00eat\u00e9 n\u00b02025-344 portant autorisation\nd'extension de capacit\u00e9 de 60 \u00e0 70 places du Service d'Education\nSp\u00e9ciale et de Soins \u00e0 Domicile (SESSAD) \"La Boussole Bleue\" \u00e0\nVilliers-le-Bel g\u00e9r\u00e9 par la Fondation les Amis de l'Atelier (4 pages) Page 10\nAgence R\u00e9gionale de Sant\u00e9 / Agence r\u00e9gionale de sant\u00e9\nd'Ile-de-France-D\u00e9l\u00e9gation d\u00e9partementale de Paris\nIDF-2025-12-03-00074 - D\u00e9cision tarifaire n\u00b0 22604 portant modification\ndu forfait global de soins pour 2025 de EHPAD COS JEANNE D ARC -\n750022279 (3 pages) Page 15\nIDF-2025-12-03-00073 - D\u00e9cision tarifaire n\u00b0 22652 portant modification\ndu forfait global de soins pour 2025 de EHPAD COS HOSPITALITE\nFAMILIALE - 750803603 (3 pages) Page 19\nIDF-2025-12-02-00081 - D\u00e9cision tarifaire n\u00b0 22662 portant modification\ndu forfait global de soins pour 2025 de EHPAD RESIDENCE JEAN-BAPTISTE\nCARPEAUX - 750071375 (3 pages) Page 23\nIDF-2025-12-03-00070 - D\u00e9cision tarifaire n\u00b0 22670 portant modification\nde la dotation globale de soins pour 2025 de  EHPAD COS ALICE GUY -\n750048381 (3 pages) Page 27\nIDF-2025-12-03-00076 - D\u00e9cision tarifaire n\u00b0 22674 portant modification\ndu forfait global de soins pour 2025 de CAJ FOYER DOCTEUR JEAN COLIN -\n750048324 (2 pages) Page 31\nIDF-2025-12-03-00069 - D\u00e9cision tarifaire n\u00b0 22686 portant modification\ndu forfait global de soins pour 2025 de EHPAD LE TREFLE BLEU CARDINET -\n750041030 (3 pages) Page 34\nIDF-2025-12-03-00068 - D\u00e9cision tarifaire n\u00b0 22825 portant modification\nde la dotation globale de soins pour 2025 de SSIAD VYV3 - 750829046 (2\npages) Page 38\nIDF-2025-12-05-00014 - D\u00e9cision tarifaire n\u00b0 25470 portant modification\npour 2025 du montant et de la r\u00e9partition de la dotation globalis\u00e9e\ncommune pr\u00e9vue au contrat pluriannuel d'objectifs et de moyens de\nSAS GROUPE MAISON FAMILLE - 750039109 pour les \u00e9tablissements et\nservices (Etablissement d'h\u00e9bergement pour personnes \u00e2g\u00e9es\nd\u00e9pendantes - EHPAD VILLA LECOURBE - 750017808) (3 pages) Page 41\n2\nIDF-2025-12-04-00022 - D\u00e9cision tarifaire n\u00b0 25884 portant modification\npour 2025 du montant et de la r\u00e9partition de la dotation globalis\u00e9e\ncommune pr\u00e9vue au contrat pluriannuel d'objectifs et de moyens de\nCASVP - 750720583 (5 pages) Page 45\nIDF-2025-12-03-00075 - D\u00e9cision tarifaire n\u00b0 28395 portant modification\ndu forfait global de soins pour 2025 de SSIAD ASEI DOM - 750804338 (2\npages) Page 51\nIDF-2025-12-03-00072 - D\u00e9cision tarifaire n\u00b022657 portant modification\ndu forfait global de soins pour 2025 de l'EHPAD MAISON DE RETRAITE ET\nDE GERIATRIE -750800534 (3 pages) Page 54\nIDF-2025-12-03-00071 - D\u00e9cision tarifaire n\u00b022664 portant modification\ndu forfait global de soins pour 2025 de l'EHPAD COS JACQUES BARROT -\n750057606 (3 pages) Page 58\nIDF-2025-12-03-00065 - D\u00e9cision tarifaire n\u00b022834 portant modification\nde la dotation globale de soins pour 2025 de SSIAD GERBIER - 750802837 (2\npages) Page 62\nIDF-2025-12-03-00066 - D\u00e9cision tarifaire n\u00b022837 portant modification\nde la dotation globale de soins pour 2025 de SSIAD ISATIS - 750801375 (2\npages) Page 65\nIDF-2025-12-03-00061 - D\u00e9cision tarifaire n\u00b022841 portant modification\nde la dotation globale de soins pour 2025 de SSIAD DE NUIT VYV3 -\n750044851 (2 pages) Page 68\nIDF-2025-12-03-00064 - D\u00e9cision tarifaire n\u00b022843 portant modification\nde la dotation globale de soins pour 2025 de SSIAD DOMUSVI DOMICILE\nPARIS 18 - 750040438 (2 pages) Page 71\nIDF-2025-12-03-00062 - D\u00e9cision tarifaire n\u00b022844 portant modification\nde la dotation globale de soins pour 2025 de SSIAD DOMUSVI DOMICILE\nPARIS 8 - 750032948 (2 pages) Page 74\nIDF-2025-12-03-00063 - D\u00e9cision tarifaire n\u00b022847 portant modification\nde la dotation globale de soins pour 2025 de SSIAD DOMUSVI DOMICILE\nPARIS 16 - 750026189 (2 pages) Page 77\nIDF-2025-12-03-00067 - D\u00e9cision tarifaire n\u00b022848 portant modification\nde la dotation globale de soins pour 2025 de SSIAD PARIS GROUPE SOS\nSENIORS - 750024978 (2 pages) Page 80\nIDF-2025-12-03-00060 - D\u00e9cision tarifaire n\u00b022850 portant modification\nde la dotation globale de soins pour 2025 de  SSIAD DE JOUR VYV3 -\n750016859 (2 pages) Page 83\nAgence R\u00e9gionale de Sant\u00e9 / Agence r\u00e9gionale de sant\u00e9\nd'Ile-de-France-D\u00e9partement de l'autonomie\nIDF-2025-12-02-00080 - Arr\u00eat\u00e9 n\u00b02025-305 portant autorisation de\ncr\u00e9ation d'une maison d'accueil sp\u00e9cialis\u00e9e (MAS) de 65\nplaces\nfonctionnant en plateforme\npour des adultes pr\u00e9sentant des\ntroubles du spectre de l'autisme (TSA)\nsise \u00e0 ZAC du Clos, 2-16\navenue Gabriel P\u00e9ri, 1 \u00e0 5 Avenue des Gr\u00e9sillons, 7-13 rue du\nClos,\n92036 Gennevilliers\ng\u00e9r\u00e9e par l'association \u00ab Les Papillons Blancs\nde la Colline \u00bb (4 pages) Page 86 3\nIDF-2025-12-16-00010 - Avis rendu par la commission r\u00e9gionale \nd'information et de s\u00e9lection d'appel \u00e0 projet social ou\nm\u00e9dico-social r\u00e9unie les 4 et 5 d\u00e9cembre 2025 (2 pages) Page 91\nAgence R\u00e9gionale de Sant\u00e9 / Agence r\u00e9gionale de sant\u00e9\nd'Ile-de-France-Direction de l'Offre de Soins (DOS)  P\u00f4le Efficience\nIDF-2025-12-23-00014 - Arr\u00eat\u00e9 DOS 2025/5319 portant approbation de\nl'avenant n\u00b020 \u00e0 la convention constitutive du Groupement de\nCoop\u00e9ration Sanitaire \"Ramsay Sant\u00e9 Enseignement & Recherche\" (1\npage) Page 94\nAgence R\u00e9gionale de Sant\u00e9 / Direction de la Sant\u00e9 Publique\nIDF-2025-12-17-00016 - Appel \u00e0 projets pour la cr\u00e9ation\nd'\u00c9quipes\nmobiles sant\u00e9 pr\u00e9carit\u00e9, \u00e0 implanter dans\nles d\u00e9partements des\nHauts-de-Seine et de Seine-Saint-Denis et cahier des charges (19 pages) Page 96\nIDF-2025-12-23-00016 - Arr\u00eat\u00e9 n\u00b02025-12-23-PDS modifiant\nl'arr\u00eat\u00e9 n\u00b02025-29 portant programmation des \u00e9valuations de la\nqualit\u00e9 des\n\u00e9tablissements et services sociaux et m\u00e9dico-sociaux\nrelevant du b) de l'article L. 313-3 du\ncode de l'action sociale et des\nfamilles pour les ann\u00e9es 2025 \u00e0 2029, conform\u00e9ment aux\narticles L.\n312-8 et D. 312-204 du m\u00eame code (18 pages) Page 116\nIDF-2025-12-23-00019 - D\u00e9cision tarifaire n\u00b0 2025-12-23-DSP portant\nfixation pour l'ann\u00e9e 2026 du montant et de la r\u00e9partition de la\ndotation globalis\u00e9e commune pr\u00e9vue au contrat pluriannuel\nd'objectifs et de moyens de l'association ADDICTIONS FRANCE -\n(FINESS 75 071 340 6) sise 20 rue Saint Fiacre 75002 PARIS pour les\n\u00e9tablissements et services (Associations Addictions France 75, \nAddictions France 77, Addictions France 91 et Addictions France 95) (2\npages) Page 135\n4\nAgence R\u00e9gionale de Sant\u00e9\nIDF-2025-12-23-00018\nArr\u00eat\u00e9 2025-265 portant autorisation\nd'extension de capacit\u00e9 de 47 \u00e0 49 places de\nl'Etablissement d'accueil m\u00e9dicalis\u00e9 (EAM) Cit\u00e9\nJacques Descamps \u00e0 Bagneux g\u00e9r\u00e9 par\nl'association Cit\u00e9 Caritas\nAgence R\u00e9gionale de Sant\u00e9 - IDF-2025-12-23-00018 - Arr\u00eat\u00e9 2025-265 portant autorisation d'extension de capacit\u00e9 de 47 \u00e0 49 places\nde l'Etablissement d'accueil m\u00e9dicalis\u00e9 (EAM) Cit\u00e9 Jacques Descamps \u00e0 Bagneux g\u00e9r\u00e9 par l'association Cit\u00e9 Caritas 5\nREPUBLIQUEFRANCAISELibert\u00e9Egalit\u00e9Fraternit\u00e9\n@ D Agence R\u00e9gionale de Sant\u00e9lle-de-France\nhauts-de-seineLE D\u00c9PARTEMENT\n \n \n \n \n \n \n \nARRETE N\u00b0 2025 - 265 \n  \nportant autorisation d'extension de capacit\u00e9 de 47 \u00e0 49 places de l'Etablissement d'accueil \nm\u00e9dicalis\u00e9 (EAM) Cit\u00e9 Jacques Descamps sis 4-6 rue Pablo Neruda \u00e0 Bagneux (92220), \n \ng\u00e9r\u00e9 par l'association Cit\u00e9s Caritas      \n \n \n \nLE DIRECTEUR G\u00c9N\u00c9RAL DE L'AGENCE R\u00c9GIONALE DE SANT\u00c9 \u00ceLE-DE-FRANCE \nLE PRESIDENT DU CONSEIL DEPARTEMENTAL DES HAUTS-DE-SEINE \n \n \nVU le code de l'action sociale et des familles et notamment les article s L. 312 -1, L. 313-1, \nL. 314-3 et suivants ; \n \n   VU le code g\u00e9n\u00e9ral des collectivit\u00e9s territoriales ;  \n \nVU        le d\u00e9cret du 10 avril 2024 portant nomination de Monsieur Denis ROBIN, Directeur g\u00e9n\u00e9ral \nde l'Agence r\u00e9gionale de sant\u00e9 \u00cele-de-France \u00e0 compter du 29 avril 2024 ; \n \nVU l'arr\u00eat\u00e9 DS N\u00b0115/2024 du 25 septembre 2024 portant d\u00e9l\u00e9gation de signature \u00e0 Madame \nSt\u00e9phanie TALBOT, Directrice de l'autonomie ; \n \nVU l'arr\u00eat\u00e9 n\u00b0 2023-DAJA-43 du 21 juillet 2023 accordant d\u00e9l\u00e9gation de signature \u00e0 Monsieur \nJean-Michel RAPINAT, Directeur g\u00e9n\u00e9ral adjoint responsable du P\u00f4le Solidarit\u00e9s et \u00e0 \nMadame Laurence HAUCK, adjointe au Directeur g\u00e9n\u00e9ral adjoint ; \n \nVU l'arr\u00eat\u00e9 n\u00b0 DIRNOV-2023/08 de la Directrice g\u00e9n\u00e9rale de l'Agence r\u00e9gionale de sant\u00e9 \u00cele-\nde-France en date du 26 octobre 2023 portant adoption du cadre d'orientation strat\u00e9gique \n2018-2028 du projet r\u00e9gional de sant\u00e9 d'\u00cele-de-France ; \n \nVU l'arr\u00eat\u00e9 n\u00b0 DIRNOV-2023/09 de la Directrice g\u00e9n\u00e9rale de l'Agence r\u00e9gionale de sant\u00e9 \u00cele-\nde-France en date du 26 octobre 2023 portant adoption du sch\u00e9ma r\u00e9gional de sant\u00e9 \n2023-2028 du projet r\u00e9gional de sant\u00e9 d'\u00cele-de-France, modifi\u00e9 par l'arr\u00eat\u00e9 n\u00b0DIRNOV -\n2023/09 en date du 12 janvier 2024 ; \n \nVU l'arr\u00eat\u00e9 n\u00b0 2023-346 de la Directrice g\u00e9n\u00e9rale de l'Agence r\u00e9gionale de sant\u00e9 \u00cele-de-France \nen date du 4 d\u00e9cembre 2023 \u00e9tablissant le programme interd\u00e9partemental \nd'accompagnement des handicaps et de la perte d'autonomie (PRIAC) 2023-2027 pour la \nr\u00e9gion \u00cele-de-France ; \n \nVU       le Sch\u00e9ma d\u00e9partemental d'organisation sociale et m\u00e9dico-sociale unique 2024-2028 ; \n \n \nAgence R\u00e9gionale de Sant\u00e9 - IDF-2025-12-23-00018 - Arr\u00eat\u00e9 2025-265 portant autorisation d'extension de capacit\u00e9 de 47 \u00e0 49 places\nde l'Etablissement d'accueil m\u00e9dicalis\u00e9 (EAM) Cit\u00e9 Jacques Descamps \u00e0 Bagneux g\u00e9r\u00e9 par l'association Cit\u00e9 Caritas 6\n2 \n \n \nVU l'arr\u00eat\u00e9 n\u00b0 2005/009 du 5 juillet 2005 autorisant l'association des Cit\u00e9s du Secours \ncatholique, sise 72 rue Orfila 75020 Paris, \u00e0 cr\u00e9er un FAM pour personnes autistes de 47 \nplaces dont 38 places d'internat en accueil permanent, 3 places d'internat en accueil \ntemporaire et 6 places en semi-internat au 4-6 rue Pablo Neruda, 92220 Bagneux ; \n \nVU l'arr\u00eat\u00e9 n\u00b0 2010/29 du 17 juin 2010 portant transformation de 2 places d'internat accueil \ntemporaire en 2 places d'internat permanent du foyer d'accueil m\u00e9dicalis\u00e9 Cit\u00e9 Jacques \nDescamps g\u00e9r\u00e9 par l'association des Cit\u00e9s du Secours catholique ; \n \nVU l'arr\u00eat\u00e9 n\u00b0 2021-81 du 7 juin 2021 portant changement de d\u00e9nomination de l'association \nles Cit\u00e9s du Secours catholique en \u00ab Cit\u00e9s Caritas \u00bb ; \n \nVU la demande de l'association Cit\u00e9s Caritas visant \u00e0 \u00e9tendre la capacit\u00e9 d'accueil de jour de \nl'EAM Cit\u00e9 Jacques Descamps de 2 places \u00e0 destination de personnes pr\u00e9sentant des \ntroubles du neurod\u00e9veloppement ; \n \n \n \n \n \n \n \nCONSID\u00c9RANT      que le projet permettra un accueil de jour  de personnes pr\u00e9sentant des  \ntroubles du spectre de l'autisme et/ou des troubles du neurod\u00e9veloppement \nactuellement \u00e0 domicile, sans solution ou sans solution adapt\u00e9e ; \n \nCONSID\u00c9RANT  qu'il r\u00e9pond \u00e0 un besoin de d\u00e9veloppement de l'offre m\u00e9dico -sociale \nidentifi\u00e9 sur le d\u00e9partement  des Hauts -de-Seine pour les personnes \nconcern\u00e9es par les troubles du neurod\u00e9veloppement ; \n \nCONSID\u00c9RANT qu'il est compatible avec les objectifs et r\u00e9pond aux besoins sociaux et \nm\u00e9dico-sociaux fix\u00e9s par le sch\u00e9ma r\u00e9gional de sant\u00e9 ;  \n \nCONSID\u00c9RANT qu'il satisfait aux r\u00e8gles d'organisation et de fonctionnement pr\u00e9vues par le \ncode de l'action sociale et des familles ;  \n \nCONSID\u00c9RANT qu'il pr\u00e9sente un co\u00fbt de fonctionnement en ann\u00e9e pleine compatible avec \nle PRIAC  \u00cele-de-France et avec le montant de l'une des dotations \nmentionn\u00e9es \u00e0 l'article L. 314-3 du code de l'action sociale et des familles ; \n \nCONSID\u00c9RANT que l'Agence r\u00e9gionale de sant\u00e9 \u00cele-de-France dispose pour ce projet des \ncr\u00e9dits n\u00e9cessaires \u00e0 sa mise en \u0153uvre \u00e0 hauteur de 30 356 \u20ac par transfert \nde la dotation correspondant aux deux places de l'ESAT les fourneaux de \nMarthe et Matthieu transform\u00e9es en places de SAMSAH ; \n \nCONSID\u00c9RANT que ce projet s'effectue \u00e0 moyens constants sur la section h\u00e9bergement et \nn'entra\u00eene donc aucun surco\u00fbt. \n   \n \n \n \n \n \n \nAgence R\u00e9gionale de Sant\u00e9 - IDF-2025-12-23-00018 - Arr\u00eat\u00e9 2025-265 portant autorisation d'extension de capacit\u00e9 de 47 \u00e0 49 places\nde l'Etablissement d'accueil m\u00e9dicalis\u00e9 (EAM) Cit\u00e9 Jacques Descamps \u00e0 Bagneux g\u00e9r\u00e9 par l'association Cit\u00e9 Caritas 7\n3 \n \n \nARRETENT \n \nARTICLE 1er : L'autorisation visant \u00e0 l'extension de capacit\u00e9  de 2 places d'accueil de jour  de \nl'\u00e9tablissement d'accueil m\u00e9dicalis\u00e9 (EAM) Cit\u00e9 Jacques Descamps sis 4-6 rue Pablo \nNeruda \u00e0 Bagneux (92220), destin\u00e9es \u00e0 accueillir des adultes \u00e0 partir de 20 ans, est \naccord\u00e9e \u00e0 l'association Cit\u00e9s Caritas dont le si\u00e8ge social se situe au 72 rue Orfila \u00e0 \nParis (75020). \n \nARTICLE 2e :  La capacit\u00e9 totale de l'EAM Cit\u00e9 Jacques Descamps est dor\u00e9nav ant de 49 places \ndestin\u00e9es \u00e0 des personnes pr\u00e9sentant des troubles du spectre de l'autisme (TSA) ou \nun handicap psychique r\u00e9parties comme suit : \n \n- 40 places d'internat en h\u00e9bergement permanent ; \n- 1 place d'internat en h\u00e9bergement temporaire ; \n- 8 places d'accueil de jour. \n \nARTICLE 3e :  Conform\u00e9ment aux termes du dernier alin\u00e9a du I de l'article D. 312-0-3 du code de \nl'action sociale et des familles, a ucune sp\u00e9cialisation n'exclut la prise en charge de \npersonnes pr\u00e9sentant des troubles associ\u00e9s \u00e0 ceux qui font l'objet de la pr\u00e9sente \nautorisation.  \n \nARTICLE 4e :  Cette structure est r\u00e9pertori\u00e9e dans le Fichier National des Etablissements Sanitaires \net Sociaux (FINESS) de la fa\u00e7on suivante : \n \nN\u00b0 FINESS de l'\u00e9tablissement : 92 000 928 9 \n \nCode cat\u00e9gorie : [448] \u2013 Etablissement d'accueil m\u00e9dicalis\u00e9 \n \nCode discipline :  \n \n[966] \u2013 Accueil et accompagnement m\u00e9dicalis\u00e9 personnes \nhandicap\u00e9es \n \nCode fonctionnement : [11] \u2013 H\u00e9bergement complet internat \n[40] \u2013 Accueil temporaire avec h\u00e9bergement \n[21] \u2013 Accueil de jour  \n \n40 places \n1 place \n8 places \nCode client\u00e8le : \n \n[437] \u2013 Troubles du spectre de l'autisme \n[206] - Handicap psychique \n \n49 places \nCode mode de fixation des tarifs : [09] \u2013 ARS PCD mixte, habilit\u00e9 \u00e0 l'aide sociale  \n \nN\u00b0 FINESS du gestionnaire : 75 072 059 1 \n \nCode statut :  [60] \u2013 Association Loi 1901 non reconnue d'utilit\u00e9 publique \n \n \nARTICLE 5e :   Conform\u00e9ment aux dispositions de l'article D. 313-12-1 du code de l'action sociale et \ndes familles, la pr\u00e9sente autorisation est valable sous r\u00e9serve de la transmission, aux \nautorit\u00e9s comp\u00e9tentes , avant la date d'entr\u00e9e en service de la nouvelle capacit\u00e9 \nautoris\u00e9e, d'une d\u00e9claration sur l'honneur attestant de la conformit\u00e9 de \nl'\u00e9tablissement ou du service aux conditions techniques minimales d'organisation et \nde fonctionnement mentionn\u00e9es au II de l'article L. 312-1 du m\u00eame code. \n \nAgence R\u00e9gionale de Sant\u00e9 - IDF-2025-12-23-00018 - Arr\u00eat\u00e9 2025-265 portant autorisation d'extension de capacit\u00e9 de 47 \u00e0 49 places\nde l'Etablissement d'accueil m\u00e9dicalis\u00e9 (EAM) Cit\u00e9 Jacques Descamps \u00e0 Bagneux g\u00e9r\u00e9 par l'association Cit\u00e9 Caritas 8\nsign'sigh\"\n4 \n \n \nARTICLE 6e :   Elle est caduque en l'absence d'ouverture au public de l'\u00e9tablissement ou du service \ndans un d\u00e9lai de quatre ans suivant la notification de la d\u00e9cision d'autorisation  \nconform\u00e9ment aux articles L. 313-1 et D. 313-7-2 du code de l'action sociale et des \nfamilles. \n \nARTICLE 7e :   Tout changement important dans l'activit\u00e9, l'installation, l'organisation, la direction ou \nle fonctionnement de l'\u00e9tablissement ou du service doit \u00eatre port\u00e9 \u00e0 la connaissance \ndes autorit\u00e9s comp\u00e9tentes. \n \nARTICLE 8e :    Cette autorisation ne vaut pas habilitation \u00e0 l'aide sociale qui fera l'objet d'une d\u00e9cision \nsp\u00e9cifique. \n \nARTICLE 9e :  Un recours contre le pr\u00e9sent arr\u00eat\u00e9 peut \u00eatre form\u00e9 devant le tribunal administratif \ncomp\u00e9tent dans un d\u00e9lai de deux mois \u00e0 compter de sa notification ou, pour les tiers, \n\u00e0 compter de sa publication.   \n \nARTICLE 10e : Le Directeur de la d\u00e9l\u00e9gation d\u00e9partementale de s Hauts -de-Seine de l'Agence  \nr\u00e9gionale de sant\u00e9 \u00cele-de-France, le Directeur g\u00e9n\u00e9ral des services du D\u00e9partement \ndes Hauts-de-Seine et le Directeur g\u00e9n\u00e9ral adjoint Responsable du P\u00f4le Solidarit\u00e9s \nsont charg\u00e9s, chacun en ce qui le concerne, de l'ex\u00e9cution du pr\u00e9sent arr\u00eat\u00e9 qui sera \npubli\u00e9 aux recueils des actes administratifs de la R\u00e9gion \u00cele-de-France et au bulletin \nofficiel du D\u00e9partement des Hauts-de-Seine. \n \n \n \n        \n \n Fait \u00e0 Nanterre, le 23 d\u00e9c 2025  \n \nPour le Directeur g\u00e9n\u00e9ral  \nde l'Agence r\u00e9gionale de sant\u00e9  \n\u00cele-de-France et par d\u00e9l\u00e9gation, \n \n \n \n \n \n \n \nSt\u00e9phanie TALBOT \nDirectrice de l'Autonomie \n \n \n \n \n \n \n \n \n \n \nPour le Pr\u00e9sident  \ndu Conseil d\u00e9partemental  \ndes Hauts-de-Seine et par d\u00e9l\u00e9gation, \n \n \n \n \n \n \nJean-Michel RAPINAT \nDirecteur g\u00e9n\u00e9ral adjoint  \nResponsable du P\u00f4le Solidarit\u00e9s  \nAgence R\u00e9gionale de Sant\u00e9 - IDF-2025-12-23-00018 - Arr\u00eat\u00e9 2025-265 portant autorisation d'extension de capacit\u00e9 de 47 \u00e0 49 places\nde l'Etablissement d'accueil m\u00e9dicalis\u00e9 (EAM) Cit\u00e9 Jacques Descamps \u00e0 Bagneux g\u00e9r\u00e9 par l'association Cit\u00e9 Caritas 9\nAgence R\u00e9gionale de Sant\u00e9\nIDF-2025-12-23-00017\nArr\u00eat\u00e9 n\u00b02025-344 portant autorisation\nd'extension de capacit\u00e9 de 60 \u00e0 70 places du\nService d'Education Sp\u00e9ciale et de Soins \u00e0\nDomicile (SESSAD) \"La Boussole Bleue\" \u00e0\nVilliers-le-Bel g\u00e9r\u00e9 par la Fondation les Amis de\nl'Atelier\nAgence R\u00e9gionale de Sant\u00e9 - IDF-2025-12-23-00017 - Arr\u00eat\u00e9 n\u00b02025-344 portant autorisation d'extension de capacit\u00e9 de 60 \u00e0 70 places\ndu Service d'Education Sp\u00e9ciale et de Soins \u00e0 Domicile (SESSAD) \"La Boussole Bleue\" \u00e0 Villiers-le-Bel g\u00e9r\u00e9 par la Fondation les Amis de\nl'Atelier\n10\nREPUBLIQUEFRANCAISELibert\u00e9Egalit\u00e9Fraternit\u00e9\ne \u00bb Agence R\u00e9gionale de Sant\u00e9lle-de-France\n \n \n \n \n \n \n \n \nAGENCE R\u00c9GIONALE DE SANT\u00c9 \u00ceLE-DE-FRANCE \n \nARRETE N\u00b02025 \u2013 344 \n  \nPortant autorisation d'extension de capacit\u00e9 de 60 \u00e0 70 places \n du Service d'Education Sp\u00e9ciale et de Soins \u00e0 Domicile (SESSAD)  \n \u00ab La Boussole Bleue \u00bb,  \nsitu\u00e9 1 rue Olympe \u00e0 Villiers-le-Bel (95400), \n \n g\u00e9r\u00e9 par la Fondation Les Amis de l'Atelier \n  \n \nLE DIRECTEUR G\u00c9N\u00c9RAL DE L'AGENCE R\u00c9GIONALE DE SANT\u00c9 \u00ceLE-DE-FRANCE \n \nVU le code de l'action sociale et des familles et notamment les article s L.312 -1, L.313-1, \nL.314-3 et suivants, les articles R.313-1 et suivants et l'article R.121-12-19 ; \n \nVU        le d\u00e9cret du 10 avril 2024 portant nomination de Monsieur Denis ROBIN, Directeur g\u00e9n\u00e9ral \nde l'Agence r\u00e9gionale de sant\u00e9 \u00cele-de-France \u00e0 compter du 29 avril 2024 ; \n \nVU l'arr\u00eat\u00e9 n\u00b0 DIRNOV-2023/08 de la Directrice g\u00e9n\u00e9rale de l'Agence r\u00e9gionale de sant\u00e9 \u00cele-\nde-France en date du 26 octobre 2023 portant adoption du cadre d'orientation strat\u00e9gique \n2018-2028 du projet r\u00e9gional de sant\u00e9 d'\u00cele-de-France ; \n \nVU l'arr\u00eat\u00e9 n\u00b0 DIRNOV-2023/09 de la Directrice g\u00e9n\u00e9rale de l'Agence r\u00e9gionale de sant\u00e9 \u00cele-\nde-France en date du 26 octobre 2023 portant adoption du sch\u00e9ma r\u00e9gional de sant\u00e9 \n2023-2028 modifi\u00e9 par l'arr\u00eat\u00e9 n\u00b0DIRNOV-2023/09 en date du 12 janvier 2024 ; \n \nVU l'arr\u00eat\u00e9 n\u00b0 2023-346 de la Directrice g\u00e9n\u00e9rale de l'Agence r\u00e9gionale de sant\u00e9 \u00cele-de-France \nen date du 4 d\u00e9cembre 2023 \u00e9tablissant le programme interd\u00e9partemental \nd'accompagnement des handicaps et de la perte d'autonomie (PRIAC) 2023-2027 pour la \nr\u00e9gion \u00cele-de-France ; \n \nVU l'arr\u00eat\u00e9 n\u00b02016-64 du 17 mars 2016 du Directeur g\u00e9n\u00e9ral de l'Agence r\u00e9gionale de sant\u00e9 \n\u00cele-de-France autorisant la Fondation les Amis de l'Atelier sise  9 rue de l'Eglise \u00e0 \nChatenay-Malabry (92290) \u00e0 cr\u00e9er un Service d'Education Sp\u00e9ciale et de Soins \u00e0 Domicile \n(SESSAD) \u00ab La Boussole Bleue \u00bb de 33 places sis 1 rue Olympe de Gouge \u00e0 Villiers -le-\nBel (95400) \u00e0 destination d'enfants, adolescents et jeunes adultes pr\u00e9sentant des \nTroubles du Spectre de l'Autisme (TSA) et autres Troubles Envahissants du \nD\u00e9veloppement (TED) ; \n \nVU      l'arr\u00eat\u00e9 n\u00b02016-63 du 17 mars 2016 du Directeur g\u00e9n\u00e9ral de l'Agence r\u00e9gionale de sant\u00e9 \n\u00cele-de-France autorisant la Fondation les Amis de l'Atelier  \u00e0 cr\u00e9er un IME  nomm\u00e9 \u00ab La \nBoussole Bleue  \u00bb pour enfants, adolescents et jeunes adultes, de 5 \u00e0 20 ans, avec \nautisme et autres TED d'une capacit\u00e9 de 40 places ; \n \nVU l'arr\u00eat\u00e9 n\u00b02020-123 du 20 juillet 2020 du Directeur g\u00e9n\u00e9ral de l'Agence r\u00e9gionale de sant\u00e9 \n\u00cele-de-France autorisant la Fondation Les Amis de l'Atelier \u00e0 \u00e9tendre le SESSAD \u00ab  La \nBoussole Bleue  \u00bb par la cr\u00e9ation de 7 places d'Unit\u00e9 d'Enseignement en Maternelle \nAutisme (UEMA) ;  \n \nAgence R\u00e9gionale de Sant\u00e9 - IDF-2025-12-23-00017 - Arr\u00eat\u00e9 n\u00b02025-344 portant autorisation d'extension de capacit\u00e9 de 60 \u00e0 70 places\ndu Service d'Education Sp\u00e9ciale et de Soins \u00e0 Domicile (SESSAD) \"La Boussole Bleue\" \u00e0 Villiers-le-Bel g\u00e9r\u00e9 par la Fondation les Amis de\nl'Atelier\n11\n       2 \n \nVU l'arr\u00eat\u00e9 n\u00b02020-181 du 23 novembre 2020 du Directeur g\u00e9n\u00e9ral de l'Agence r\u00e9gionale de \nsant\u00e9 \u00cele-de-France autorisant la Fondation Les Amis de l'Atelier \u00e0 requalifier l'IME et le \nSESSAD \u00ab La Boussole Bleue  \u00bb en un P\u00f4le Enfance Autisme \u00e0 destination d'enfants, \nadolescents et jeunes adultes pr\u00e9sentant des Troubles du Spectre de l'Autisme (TSA) et \nautres Troubles Envahissants du D\u00e9veloppement (TED) : \n                      -  40 places d'IME ; \n                      -  40 places de SESSAD dont 7 places d'UEMA.  \n \nVU l'arr\u00eat\u00e9 n\u00b02022-98 du 18 juillet 2022 de la Directrice g\u00e9n\u00e9rale de l'Agence r\u00e9gionale de \nsant\u00e9 \u00cele-de-France autorisant la Fondation Les Amis de l'Atelier \u00e0 \u00e9tendre de 10 places \ndont 7 d'UEMA le SESSAD \u00ab La Boussole Bleue \u00bb ;    \n \nVU l'arr\u00eat\u00e9 n\u00b02023-144 du 19 juin 2023 de la Directrice g\u00e9n\u00e9rale de l'Agence r\u00e9gionale de \nsant\u00e9 \u00cele-de-France autorisant la Fondation Les Amis de l'Atelier \u00e0 cr\u00e9er un Dispositif \nd'Auto-R\u00e9gulation (DAR) de 10 places au sein du SESSAD \u00ab  La Boussole Bleue \u00bb. Les \n60 places sont ainsi r\u00e9parties : \n- 36 places en milieu ordinaire ; \n- 14 places d'UEMA ; \n- 10 places de DAR. \n \nVU le contrat pluriannuel d'objectifs et de moyens portant sur les ann\u00e9es 2022 \u00e0 2026 sign\u00e9 \nle 13 f\u00e9vrier 2023 ;  \n \nVU la demande de la Fondation des Amis de l'Atelier, dont le si\u00e8ge social se situe 9 rue de \nl'Egalit\u00e9 \u00e0 Chatenay -Malabry (92290),  visant \u00e0 \u00e9tendre la capacit\u00e9 du SESSAD \u00ab  La \nBoussole Bleue \u00bb de 10 places. \n \nCONSID\u00c9RANT que le SESSAD \u00ab La boussole bleue \u00bb dispose d'une capacit\u00e9 de 60 places \npour accompagner des  enfants, des adolescents et des jeunes adultes \n\u00e2g\u00e9s de 0 \u00e0 20 ans pr\u00e9sentant des troubles du spectre autistique et sollicite \nune augmentation de 10 places suppl\u00e9mentaires  pour r\u00e9pondre aux \nbesoins d'accompagnement identifi\u00e9s et \u00e0 la continuit\u00e9 des parcours ;   \n \nque par cons\u00e9quent, le demandeur sollicite une augmentation de sa \ncapacit\u00e9 de l'ordre de 112% ; \n \nCONSID\u00c9RANT qu'au regard de l'article D.313-2 du Code de l'action sociale et des familles, \nles demandes d'augmentation capacitaire au -del\u00e0 de 30% ou, par \nexception, au -del\u00e0 100% de la capacit\u00e9 actuellement autoris\u00e9e doivent \nfaire l'objet d'une proc\u00e9dure d'appel \u00e0 projet ;  \n \nCONSID\u00c9RANT cependant, qu'en application de l'article R .1435-40 du Code de la sant\u00e9 \npublique et de l'article R .121-12-19 du Code de l'action sociale et des \nfamilles, le Directeur g\u00e9n\u00e9ral de l'Agence r\u00e9gionale de sant\u00e9 peut d\u00e9roger, \nsur son territoire, \u00e0 des normes arr\u00eat\u00e9es par l'administration de l'Etat pour \nprendre des d\u00e9cisions non r\u00e9glementaires relevant de sa comp\u00e9tence, \nconcernant notamment les autorisations en mati\u00e8re de cr\u00e9ation et \nd'activit\u00e9s des \u00e9tablissements et services m\u00e9dico -sociaux mentionn\u00e9s \u00e0 \nl'article L.313-3 du code de l'action sociale et des familles ;  \n \n  CONSID\u00c9RANT  que le projet r\u00e9pond au besoin de d\u00e9veloppement de l'offre m\u00e9dico-sociale \nidentifi\u00e9 sur le d\u00e9partement du Val d'Oise pour les enfants concern\u00e9s par \ndes troubles du neurod\u00e9veloppement , que la demande s'inscrit  en totale \nconformit\u00e9 avec le Plan Inclus'IF 2030 lanc\u00e9 par l'ARS \u00cele-de-France dont \nl'objectif principal est la cr\u00e9ation d'offre nouvelle ;   \n \nAgence R\u00e9gionale de Sant\u00e9 - IDF-2025-12-23-00017 - Arr\u00eat\u00e9 n\u00b02025-344 portant autorisation d'extension de capacit\u00e9 de 60 \u00e0 70 places\ndu Service d'Education Sp\u00e9ciale et de Soins \u00e0 Domicile (SESSAD) \"La Boussole Bleue\" \u00e0 Villiers-le-Bel g\u00e9r\u00e9 par la Fondation les Amis de\nl'Atelier\n12\n       3 \n \n  CONSIDERANT que la demande s'inscrit dans la perspective d'une transformation en \ndispositif int\u00e9gr\u00e9, r\u00e9pondant aux besoins de prises en charge modulables \npour les enfants concern\u00e9s par les troubles du neurod\u00e9veloppement ;  \n  que la demande r\u00e9pond \u00e0 un des objectifs  d'int\u00e9r\u00eat g\u00e9n\u00e9ral de service \npublic des ARS sur la planification \u00e9quilibr\u00e9e de l'offre  en augmentant la \ncapacit\u00e9 d'accueil de l'ESMS situ\u00e9 en zone urbaine dense ;  \n  que la demande vise \u00e0 satisfaire des circonstances locales avec un service \nproposant une UEMA favorisant la prise en charge pr\u00e9coce qui participe \u00e0 \nla pr\u00e9vention de l'aggravation des troubles ;  \n   \n  CONSIDERANT qu'au vu des \u00e9l\u00e9ments pr\u00e9cit\u00e9s (d\u00e9veloppement rapide d'une offre nouvelle \npermettant l'accueil d'usagers en attente de prise en charge au sein d'un \nterritoire sous dot\u00e9 en offre sur les troubles du spectre autistique ), il est \nd\u00e9cid\u00e9 de d\u00e9roger aux dispositions de l'article D.313-2 du Code de l'action \nsociale et des familles et d'autoriser l'extension capacitaire sollicit\u00e9e ;  \n \n  CONSID\u00c9RANT que le projet pr\u00e9sente un co\u00fbt de fonctionnement  en ann\u00e9e pleine \ncompatible avec le PRIAC  \u00cele-de-France et avec le montant de l'une des \ndotations mentionn\u00e9es \u00e0 l'article L.314-3 du code de l'action sociale et des \nfamilles ; \n \n  CONSID\u00c9RANT que l'Agence r\u00e9gionale de sant\u00e9 \u00cele-de-France dispose pour ce projet des \ncr\u00e9dits n\u00e9cessaires \u00e0 sa mise en \u0153uvre \u00e0 hauteur de 216 000 euros au \ntitre de SESSAD ;  \n \n \n \nARR\u00caTE  \n \nARTICLE 1er :  L'autorisation visant l'extension de capacit\u00e9 de 10 places du SESSAD \u00ab La Boussole \nBleue \u00bb sis 1 rue Olympe de Gouge \u00e0 Villiers-le-Bel (95400) destin\u00e9es \u00e0 accueillir des \nenfants, des adolescents et des jeunes adultes \u00e2g\u00e9s de 0 \u00e0 20 ans est accord\u00e9e \u00e0 la \nFondation des Amis de l'Atelier sise 9 rue de l'Egalit\u00e9 \u00e0 Chatenay-Malabry (92290). \n \nEn application de l'article R.121-12-19 du Code de l'action sociale et des familles, le \nseuil d'extension pr\u00e9vu par cet article est fix\u00e9  par d\u00e9rogation, dans le cadre de la \npr\u00e9sente autorisation, \u00e0 hauteur de 112 % de la capacit\u00e9 initiale de l'ESMS. \n \nARTICLE 2e :  La capacit\u00e9 totale du SESSAD \u00ab La Boussole Bleue \u00bb est dor\u00e9navant de 70 places \ndestin\u00e9es \u00e0 des enfants, des adolescents  et des jeunes adultes pr\u00e9sentant des \ntroubles du spectre autistique, r\u00e9parties comme suit : \n- 46 places en milieu ordinaire ;  \n- 10 places de DAR ; \n- 14 places d'UEMA.  \n \n \nARTICLE 3e : Conform\u00e9ment aux termes du dernier alin\u00e9a du I de l'article D. 312 -0-3 du code de \nl'action sociale et des familles, a ucune sp\u00e9cialisation n'exclut la prise en charge de \npersonnes pr\u00e9sentant des troubles associ\u00e9s \u00e0 ceux qui font l'objet de la pr\u00e9sente \nautorisation.  \n \n \n \n \nAgence R\u00e9gionale de Sant\u00e9 - IDF-2025-12-23-00017 - Arr\u00eat\u00e9 n\u00b02025-344 portant autorisation d'extension de capacit\u00e9 de 60 \u00e0 70 places\ndu Service d'Education Sp\u00e9ciale et de Soins \u00e0 Domicile (SESSAD) \"La Boussole Bleue\" \u00e0 Villiers-le-Bel g\u00e9r\u00e9 par la Fondation les Amis de\nl'Atelier\n13\nsigh\"\n       4 \n \nARTICLE 4e : Cette structure est r\u00e9pertori\u00e9e dans le Fichier National des Etablissements Sanitaires \net Sociaux (FINESS) de la fa\u00e7on suivante : \n \nN\u00b0 FINESS de l'\u00e9tablissement : 950043059 \n \nCode \ncat\u00e9gorie : \n[182] \u2013 Service d'Education Sp\u00e9ciale et de Soins \u00e0 \nDomicile \nCode \ndiscipline :  \n \n[841] \u2013 Accompagnement dans \nl'acquisition dans l'autonomie et la \nscolarisation \n \nCode \nfonctionnement  \n \n[16] \u2013 Prestation milieu ordinaire 70 places \nCode client\u00e8le : \n \n[437] \u2013 Troubles du spectre autistique 70 places \n \n  Code mode de fixation des tarifs : [34] - Dotation globale \n \n  N\u00b0 FINESS du gestionnaire : 920001419 \n \nCode statut : [63] - Fondation \n \nARTICLE 5e : La pr\u00e9sent e autorisation est caduque en l'absence d'ouverture au public de \nl'\u00e9tablissement ou du service dans un d\u00e9lai de quatre ans suivant la notification de la \nd\u00e9cision d'autorisation conform\u00e9ment aux articles L. 313-1 et D. 313-7-2 du code de \nl'action sociale et des familles. \n \nARTICLE 6e :   Tout changement important dans l'activit\u00e9, l'installation, l'organisation, la direction ou \nle fonctionnement de l'\u00e9tablissement ou du service doit \u00eatre port\u00e9 \u00e0 la connaissance \nde l'autorit\u00e9 comp\u00e9tente. \n \nARTICLE 7e :  Un recours contre le pr\u00e9sent arr\u00eat\u00e9 peut \u00eatre form\u00e9 devant le tribunal administratif \ncomp\u00e9tent dans un d\u00e9lai de deux mois \u00e0 compter de sa notification ou, pour les tiers, \n\u00e0 compter de sa publication.   \n \nARTICLE 8e :   La Directrice de la D\u00e9l\u00e9gation d\u00e9partementale du Val-d'Oise de l'Agence r\u00e9gionale \nde sant\u00e9 \u00cele-de-France est charg\u00e9e de l'ex\u00e9cution du pr\u00e9sent arr\u00eat\u00e9  qui sera publi\u00e9 \nau recueil des actes administratifs de la R\u00e9gion \u00cele-de-France. \n \n       \n Fait \u00e0 Saint-Denis, le 23 d\u00e9c 2025  \n \n Le Directeur g\u00e9n\u00e9ral \n de l'Agence r\u00e9gionale de sant\u00e9 \n \u00cele-de-France \n \n \n \n \n Denis ROBIN \n \n   \nAgence R\u00e9gionale de Sant\u00e9 - IDF-2025-12-23-00017 - Arr\u00eat\u00e9 n\u00b02025-344 portant autorisation d'extension de capacit\u00e9 de 60 \u00e0 70 places\ndu Service d'Education Sp\u00e9ciale et de Soins \u00e0 Domicile (SESSAD) \"La Boussole Bleue\" \u00e0 Villiers-le-Bel g\u00e9r\u00e9 par la Fondation les Amis de\nl'Atelier\n14\nAgence R\u00e9gionale de Sant\u00e9\nIDF-2025-12-03-00074\nD\u00e9cision tarifaire n\u00b0 22604 portant modification\ndu forfait global de soins pour 2025 de EHPAD\nCOS JEANNE D ARC - 750022279\nAgence R\u00e9gionale de Sant\u00e9 - IDF-2025-12-03-00074 - D\u00e9cision tarifaire n\u00b0 22604 portant modification du forfait global de soins pour\n2025 de EHPAD COS JEANNE D ARC - 750022279 15\nEXREPUBLIQUEFRANCAISELibert\u00e9 0 D Agence R\u00e9gionale de Sant\u00e9\u00c9galit\u00e9 \u00cele-de-FranceFraternit\u00e9\n  \n \nDECISION TARIFAIRE N\u00b022604 PORTANT MODIFICATION DU FORFAIT GLOBAL DE SOINS \nPOUR 2025 DE \nEHPAD COS JEANNE D ARC - 750022279 \n \nLe Directeur G\u00e9n\u00e9ral de l'ARS Ile-de-France \n \nVU le Code de l'Action Sociale et des Familles \n  \nVU le Code de la S\u00e9curit\u00e9 Sociale ; \n  \nVU la loi n\u00b02025 -199 du 28 f\u00e9vrier 2025 de financement de la S\u00e9curit\u00e9 Sociale pour 2025 \npubli\u00e9e au Journal Officiel du 28/02/2025 ; \n  \nVU l'arr\u00eat\u00e9 minist\u00e9riel du 02/06/2025 publi\u00e9 au Journal Officiel du 06/06/2025 pris en \napplication de l'article L314 -3 du Code de l'Action Sociale et des Familles fixant, pour \nl'ann\u00e9e 2025 l'objectif global de d\u00e9penses d'assurance maladie et le montant total de \nd\u00e9penses pour les \u00e9tablissements et services relevant de la Caisse nationale de solidarit\u00e9 \npour l'autonomie ; \n  \nVU la d\u00e9cision du 19/11/2025 publi\u00e9e au Journal Officiel du 26/11/2025 relative aux dotations \nr\u00e9gionales limitatives 2025 et \u00e0 la moyenne nationale des besoins en soins requis 2025 ; \n  \nVU l'arr\u00eat\u00e9 du 28/05/2025 fixant pour 2025 les valeurs du point mentionn\u00e9es \u00e0 l'article R.314-\n162 du code de l'action sociale et des familles publi\u00e9 au Journal Officiel du 31/05/2025 ; \n  \nVU le d\u00e9cret du 10 Avril 2024 portant nomination de Monsieur, ROBIN, Denis en qualit\u00e9 de \nDirecteur G\u00e9n\u00e9ral de l'agence r\u00e9gionale de sant\u00e9 Ile-de-France ; \n  \nVU la d\u00e9l\u00e9gation de signature du Directeur G\u00e9n\u00e9ral de l'ARS vers le Directeur D\u00e9partemental \nde PARIS en date du 31/10/2025 ; \n \nVU l'autorisation ou le renouvellement d'autorisation en date du 11/07/2005 de la structure \nEtablissement d'h\u00e9bergement pour personnes \u00e2g\u00e9es d\u00e9pendantes d\u00e9nomm\u00e9e EHPAD COS \nJEANNE D ARC (750022279) sise 21 R GENERAL BERTRAND 75007 Paris 7e \nArrondissement et g\u00e9r\u00e9e par l'entit\u00e9 d\u00e9nomm\u00e9e FONDATION COS ALEXANDRE \nGLASBERG (750721235) ; \n  \n  \nConsid\u00e9rant  la d\u00e9cision tarifaire initiale n\u00b0 702 en date du 19 juin 2025 portant fixation du \nforfait global soins pour 2025 de la structure d\u00e9nomm\u00e9e EHPAD COS JEANNE D \nARC -750022279      \n        \n \nDECIDE \n \n  \n \nAgence R\u00e9gionale de Sant\u00e9 - IDF-2025-12-03-00074 - D\u00e9cision tarifaire n\u00b0 22604 portant modification du forfait global de soins pour\n2025 de EHPAD COS JEANNE D ARC - 750022279 16\n       \nArticle 1er A compter du 01/01/2025, le forfait global de soins est fix\u00e9 \u00e0 1  707 421,42 \u20ac au titre \nde 2025. \n \nLa fraction forfaitaire mensuelle s'\u00e9tablit \u00e0 142 285,12 \u20ac. \n \n \nPour 2025, les tarifs sont d\u00e9compos\u00e9s comme suit : \n \n Forfait global de soins \nH\u00e9bergement \nPermanent \n1 679 106,60 \nUHR \n0,00 \nPASA \n0,00 \nH\u00e9bergement \nTemporaire \n28 314,82 \nAccueil de jour \n0,00 \nPlateforme de r\u00e9pit \n0,00 \n \n \nArticle 2 A compter du 1er janvier 2026 , en application de l'article L.314-7 du CASF, le forfait \nglobal de soins est fix\u00e9, \u00e0 titre transitoire, \u00e0 1 651 030,28 \u20ac. \n  \n Les tarifs de reconduction sont fix\u00e9s \u00e0 : \n \n Forfait global de soins \nH\u00e9bergement \nPermanent \n1 622 715,46 \nUHR \n0,00 \nPASA \n0,00 \nH\u00e9bergement \nTemporaire \n28 314,82 \nAccueil de jour \n0,00 \nPlateforme de r\u00e9pit \n0,00 \n \n La fraction forfaitaire mensuelle s'\u00e9tablit \u00e0 137 585,86 \u20ac. \nAgence R\u00e9gionale de Sant\u00e9 - IDF-2025-12-03-00074 - D\u00e9cision tarifaire n\u00b0 22604 portant modification du forfait global de soins pour\n2025 de EHPAD COS JEANNE D ARC - 750022279 17\nPY Le Directeur G\u00e9n\u00e9ral de l'Agence R\u00e9gionale de Sant\u00e9 lle-de-FranceEt par d\u00e9l\u00e9gationLa responsableadjointe du d\u00e9partement autonomiede la D\u00e9l\u00e9gationD\u00e9partementale de Pansf \u00ff aAgensemewn am Te-S\u00e9-FranceD\u00e9l\u00e9gatic, ntals de ParisResporton!. adjointe du d\u00e9partementL\u00e9a CRIPPA#2 CRIPPA\n \n  \nArticle 3 Les recours contentieux dirig\u00e9s contre la pr\u00e9sente d\u00e9cision doivent \u00eatre port\u00e9s devant \nle Tribunal Administratif sis 1 Place du Palais Royal 75100 PARIS dans un d\u00e9lai de \ndeux mois \u00e0 compter de sa publication ou, pour les personnes auxquelles elle sera \nnotifi\u00e9e, \u00e0 compter de sa notification. Le tribunal administratif peut \u00eatre saisi par \nl'application \u00ab T\u00e9l\u00e9recours citoyens \u00bb accessible par le site www.telerecours.fr. \n  \nArticle 4 La pr\u00e9sente d\u00e9cision sera publi\u00e9e au recueil des actes administratifs. \n  \nArticle 5         Le Directeur G\u00e9n\u00e9ral de l'ARS Ile -de-France est charg\u00e9 de l'ex\u00e9cution de la pr\u00e9sente \nd\u00e9cision qui sera notifi\u00e9e \u00e0 l'entit\u00e9 gestionnaire FONDATION COS ALEXANDRE \nGLASBERG (750721235) et \u00e0 l'\u00e9tablissement concern\u00e9. \n \n \nFait \u00e0 Saint-Denis , le 03 d\u00e9cembre 2025           \n \n \n                \n \n \n \n         #signature# \n \n \nAgence R\u00e9gionale de Sant\u00e9 - IDF-2025-12-03-00074 - D\u00e9cision tarifaire n\u00b0 22604 portant modification du forfait global de soins pour\n2025 de EHPAD COS JEANNE D ARC - 750022279 18\nAgence R\u00e9gionale de Sant\u00e9\nIDF-2025-12-03-00073\nD\u00e9cision tarifaire n\u00b0 22652 portant modification\ndu forfait global de soins pour 2025 de EHPAD\nCOS HOSPITALITE FAMILIALE - 750803603\nAgence R\u00e9gionale de Sant\u00e9 - IDF-2025-12-03-00073 - D\u00e9cision tarifaire n\u00b0 22652 portant modification du forfait global de soins pour\n2025 de EHPAD COS HOSPITALITE FAMILIALE - 750803603 19\nEXREPUBLIQUEFRANCAISElens \u00a9 Agence R\u00e9gionalede Sant\u00e9\u00c9galit\u00e9 \u00cele-de-FranceFraternit\u00e9\n  \n \nDECISION TARIFAIRE N\u00b022652 PORTANT MODIFICATION DU FORFAIT GLOBAL DE SOINS \nPOUR 2025 DE \nEHPAD COS HOSPITALITE FAMILIALE - 750803603 \n \nLe Directeur G\u00e9n\u00e9ral de l'ARS Ile-de-France \n \nVU le Code de l'Action Sociale et des Familles \n  \nVU le Code de la S\u00e9curit\u00e9 Sociale ; \n  \nVU la loi n\u00b02025 -199 du 28 f\u00e9vrier 2025 de financement de la S\u00e9curit\u00e9 Sociale pour 2025 \npubli\u00e9e au Journal Officiel du 28/02/2025 ; \n  \nVU l'arr\u00eat\u00e9 minist\u00e9riel du 02/06/2025 publi\u00e9 au Journal Officiel du 06/06/2025 pris en \napplication de l'article L314 -3 du Code de l'Action Sociale et des Familles fixant, pour \nl'ann\u00e9e 2025 l'objectif global de d\u00e9penses d'assurance maladie et le montant total de \nd\u00e9penses pour les \u00e9tablissements et services relevant de la Caisse nationale de solidarit\u00e9 \npour l'autonomie ; \n  \nVU la d\u00e9cision du 19/11/2025 publi\u00e9e au Journal Officiel du 26/11/2025 relative aux dotations \nr\u00e9gionales limitatives 2025 et \u00e0 la moyenne nationale des besoins en soins requis 2025 ; \n  \nVU l'arr\u00eat\u00e9 du 28/05/2025 fixant pour 2025 les valeurs du point mentionn\u00e9es \u00e0 l'article R.314-\n162 du code de l'action sociale et des familles publi\u00e9 au Journal Officiel du 31/05/2025 ; \n  \nVU le d\u00e9cret du 10 Avril 2024 portant nomination de Monsieur, ROBIN, Denis en qualit\u00e9 de \nDirecteur G\u00e9n\u00e9ral de l'agence r\u00e9gionale de sant\u00e9 Ile-de-France ; \n  \nVU la d\u00e9l\u00e9gation de signature du Directeur G\u00e9n\u00e9ral de l'ARS vers le Directeur D\u00e9partemental \nde PARIS en date du 31/10/2025 ; \n \nVU l'autorisation ou le renouvellement d'autorisation en date du 07/08/2007 de la structure \nEtablissement d'h\u00e9bergement pour personnes \u00e2g\u00e9es d\u00e9pendantes d\u00e9nomm\u00e9e EHPAD COS \nHOSPITALITE FAMILIALE (750803603) sise 122 BD DE CHARONNE 75020 Paris \n20e Arrondissement et g\u00e9r\u00e9e par l'entit\u00e9 d\u00e9nomm\u00e9e FONDATION COS ALEXANDRE \nGLASBERG (750721235) ; \n  \nConsid\u00e9rant  la d\u00e9cision tarifaire initiale n\u00b0 654 en date du 19 Juin 2025 portant fixation du \nforfait global soins pour 2025 de la structure d\u00e9nomm\u00e9e EHPAD COS \nHOSPITALITE FAMILIALE - 750803603        \n \nDECIDE \n \n         \n \n \n \nAgence R\u00e9gionale de Sant\u00e9 - IDF-2025-12-03-00073 - D\u00e9cision tarifaire n\u00b0 22652 portant modification du forfait global de soins pour\n2025 de EHPAD COS HOSPITALITE FAMILIALE - 750803603 20\nArticle 1er A compter du 01/01/2025, le forfait global de soins est fix\u00e9 \u00e0 3  377 290,68 \u20ac au titre \nde 2025. \n \nLa fraction forfaitaire mensuelle s'\u00e9tablit \u00e0 281 440,89 \u20ac. \n \nPour 2025, les tarifs sont d\u00e9compos\u00e9s comme suit : \n \n Forfait global de soins \nH\u00e9bergement \nPermanent \n2 973 531,53 \nUHR \n322 709,26 \nPASA \n70 362,97 \nH\u00e9bergement \nTemporaire \n10 686,92 \nAccueil de jour \n0,00 \nPlateforme de r\u00e9pit \n0,00 \n \n \nArticle 2 A compter du 1er janvier 2026 , en application de l'article L.314-7 du CASF, le forfait \nglobal de soins est fix\u00e9, \u00e0 titre transitoire, \u00e0 3 026 097,65 \u20ac. \n  \n Les tarifs de reconduction sont fix\u00e9s \u00e0 : \n \n Forfait global de soins \nH\u00e9bergement \nPermanent \n2 622 338,50 \nUHR \n322 709,26 \nPASA \n70 362,97 \nH\u00e9bergement \nTemporaire \n10 686,92 \nAccueil de jour \n0,00 \nPlateforme de r\u00e9pit \n0,00 \n \n La fraction forfaitaire mensuelle s'\u00e9tablit \u00e0 252 174,80 \u20ac. \n \n  \nAgence R\u00e9gionale de Sant\u00e9 - IDF-2025-12-03-00073 - D\u00e9cision tarifaire n\u00b0 22652 portant modification du forfait global de soins pour\n2025 de EHPAD COS HOSPITALITE FAMILIALE - 750803603 21\nPY Le Directeur G\u00e9n\u00e9ral de l'Agence R\u00e9gionale de Sant\u00e9 lle-de-FranceEt par d\u00e9l\u00e9gationLa responsableadjointe du d\u00e9partement autonomiede la D\u00e9l\u00e9gationD\u00e9partementale de Pansf \u00ff aTM~ if aAgence Sand 86 FranceD\u00e9l\u00e9gatic, ntais de ParisReport nt: Fe = du d\u00e9partementAuton om beL\u00e9a CRippal-ts CRIPPA\nArticle 3 Les recours contentieux dirig\u00e9s contre la pr\u00e9sente d\u00e9cision doivent \u00eatre port\u00e9s devant \nle Tribunal Administratif sis 1 Place du Palais Royal 75100 PARIS dans un d\u00e9lai de \ndeux mois \u00e0 compter de sa publication ou, pour les personnes auxquelles elle sera \nnotifi\u00e9e, \u00e0 compter de sa notification. Le tribunal administratif peut \u00eatre saisi par \nl'application \u00ab T\u00e9l\u00e9recours citoyens \u00bb accessible par le site www.telerecours.fr. \n  \nArticle 4 La pr\u00e9sente d\u00e9cision sera publi\u00e9e au recueil des actes administratifs. \n  \nArticle 5         Le Directeur G\u00e9n\u00e9ral de l'ARS Ile -de-France est charg\u00e9 de l'ex\u00e9cution de la pr\u00e9sente \nd\u00e9cision qui sera notifi\u00e9e \u00e0 l'entit\u00e9 gestionnaire FONDATION COS ALEXANDRE \nGLASBERG (750721235) et \u00e0 l'\u00e9tablissement concern\u00e9. \n \n \nFait \u00e0 Saint-Denis , le 03 d\u00e9cembre 2025           \n \n \n \n \n \n         #signature# \n \n \nAgence R\u00e9gionale de Sant\u00e9 - IDF-2025-12-03-00073 - D\u00e9cision tarifaire n\u00b0 22652 portant modification du forfait global de soins pour\n2025 de EHPAD COS HOSPITALITE FAMILIALE - 750803603 22\nAgence R\u00e9gionale de Sant\u00e9\nIDF-2025-12-02-00081\nD\u00e9cision tarifaire n\u00b0 22662 portant modification\ndu forfait global de soins pour 2025 de EHPAD\nRESIDENCE JEAN-BAPTISTE CARPEAUX -\n750071375\nAgence R\u00e9gionale de Sant\u00e9 - IDF-2025-12-02-00081 - D\u00e9cision tarifaire n\u00b0 22662 portant modification du forfait global de soins pour\n2025 de EHPAD RESIDENCE JEAN-BAPTISTE CARPEAUX - 750071375 23\nEDREPUBLIQUEFRANCAISELibert\u00e9 \u00a9 DAgence R\u00e9gional de Sant\u00e9\u00c9galit\u00e9 \u00cele-de-FranceFraternit\u00e9\n   \n \nDECISION TARIFAIRE N \u00b022662 PORTANT MODIFICATION\nDU FORFAIT GLOBAL DE SOINS POUR 2025 DE\nEHPAD RESIDENCE JEAN-BAPTISTE CARPEAUX - 750071375\n \nLe Directeur G\u00e9n\u00e9ral de l'ARS Ile-de-France\n \nVU le Code de l'Action Sociale et des Familles\n  \nVU le Code de la S\u00e9curit\u00e9 Sociale ;\n  \nVU la loi n\u00b02025-199 du 28 f\u00e9vrier 2025 de financement de la S\u00e9curit\u00e9 Sociale pour 2025 publi\u00e9e\nau Journal Officiel du 28/02/2025 ;\n  \nVU l'arr\u00eat\u00e9 minist\u00e9riel du 02/06/2025 publi\u00e9 au Journal Officiel du 06/06/2025 pris en\napplication de l'article L314-3 du Code de l'Action Sociale et des Familles fixant, pour\nl'ann\u00e9e 2025 l'objectif global de d\u00e9penses d'assurance maladie et le montant total de\nd\u00e9penses pour les \u00e9tablissements et services relevant de la Caisse nationale de solidarit\u00e9\npour l'autonomie ;\n \nVU la d\u00e9cision du 19/11/2025 publi\u00e9e au Journal Officiel du 26/11/2025 relative aux dotations\nr\u00e9gionales limitatives 2025 et \u00e0 la moyenne nationale des besoins en soins requis 2025 ;\n  \nVU l'arr\u00eat\u00e9 du 28/05/2025 fixant pour 2025 les valeurs du point mentionn\u00e9es \u00e0 l'article\nR.314-162 du code de l'action sociale et des familles publi\u00e9 au Journal Officiel du\n31/05/2025 ;\n  \nVU le d\u00e9cret du 10 Avril 2024 portant nomination de Monsieur, ROBIN, Denis en qualit\u00e9 de\nDirecteur G\u00e9n\u00e9ral de l'agence r\u00e9gionale de sant\u00e9 Ile-de-France ;\n  \nVU la d\u00e9l\u00e9gation de signature du Directeur G\u00e9n\u00e9ral de l'ARS vers le Directeur D\u00e9partemental\nde PARIS en date du 31/10/2025 ;\n \nVU l'autorisation ou le renouvellement d'autorisation en date du 29/06/2011 de la structure\nEtablissement d'h\u00e9bergement pour personnes \u00e2g\u00e9es d\u00e9pendantes d\u00e9nomm \u00e9e EHPAD\nRESIDENCE JEAN-BAPTISTE CARPEAUX ( 750071375) sise 197 R MARCADET\n75018 Paris 18e Arrondissement et g\u00e9r\u00e9e par l'entit\u00e9 d\u00e9nomm \u00e9e SAS R\u00c9SIDENCE JEAN-\nBAPTISTE CARPEAUX (750072613)  ;\n  \nConsid\u00e9rant    la d\u00e9cision tarifaire initiale n\u00b0 10 239 en date du 30 Juin 2025 portant fixation du forfait\nglobal soins pour 2025 de la structure d\u00e9nomm \u00e9e EHPAD RESIDENCE JEAN-\nBAPTISTE CARPEAUX - 750071375          \n \nAgence R\u00e9gionale de Sant\u00e9 - IDF-2025-12-02-00081 - D\u00e9cision tarifaire n\u00b0 22662 portant modification du forfait global de soins pour\n2025 de EHPAD RESIDENCE JEAN-BAPTISTE CARPEAUX - 750071375 24\nDECIDE\n \n         \nArticle 1er A compter du 01/01/2025, le forfait global de soins est fix\u00e9 \u00e0 1 521 046,53 \u20ac au titre\nde 2025.\n \n \nLa fraction forfaitaire mensuelle s'\u00e9tablit \u00e0 126 753,88 \u20ac.\n \n \nPour 2025, les tarifs sont d\u00e9compos\u00e9s comme suit :\n \n Forfait global\nde soins\nH\u00e9bergement\nPermanent\n1 467 227,20\nUHR\n0,00\nPASA\n0,00\nH\u00e9bergement\nTemporaire\n53 819,33\nAccueil de jour\n0,00\nPlateforme de r\u00e9pit\n0,00\n \n \nArticle 2 A compter du 1er janvier 2026 , en application de l'article L.314-7 du CASF, le forfait\nglobal de soins est fix\u00e9, \u00e0 titre transitoire, \u00e0 2 024 266,09 \u20ac.\n  \n Les tarifs de reconduction sont fix\u00e9s \u00e0 :\n \n Forfait global\nde soins\nH\u00e9bergement\nPermanent\n1 970 446,76\nUHR\n0,00\nPASA\n0,00\nH\u00e9bergement\nTemporaire\n53 819,33\nAccueil de jour\n0,00\nAgence R\u00e9gionale de Sant\u00e9 - IDF-2025-12-02-00081 - D\u00e9cision tarifaire n\u00b0 22662 portant modification du forfait global de soins pour\n2025 de EHPAD RESIDENCE JEAN-BAPTISTE CARPEAUX - 750071375 25\nPlateforme de r\u00e9pit\n0,00\n \n La fraction forfaitaire mensuelle s'\u00e9tablit \u00e0 168 688,84 \u20ac.\n \n  \nArticle 3 Les recours contentieux dirig\u00e9s contre la pr\u00e9sente d\u00e9cision doivent \u00eatre port\u00e9s devant le\nTribunal Administratif sis 1 Place du Palais Royal 75100 PARIS dans un d\u00e9lai de deux\nmois \u00e0 compter de sa publication ou, pour les personnes auxquelles elle sera notifi\u00e9e,\n\u00e0 compter de sa notification. Le tribunal administratif peut \u00eatre saisi par l'application\n\u00ab T\u00e9l\u00e9recours citoyens \u00bb accessible par le site www.telerecours.fr.\n  \nArticle 4 La pr\u00e9sente d\u00e9cision sera publi\u00e9e au recueil des actes administratifs.\n  \nArticle 5 Le Directeur G\u00e9n\u00e9ral de l'ARS Ile-de-France est charg\u00e9 de l'ex\u00e9cution de la pr\u00e9sente\nd\u00e9cision qui sera notifi\u00e9e \u00e0 l'entit\u00e9 gestionnaire SAS R\u00c9SIDENCE JEAN-BAPTISTE\nCARPEAUX (750072613) et \u00e0 l'\u00e9tablissement concern\u00e9.\n \n \nFait \u00e0 Saint-Denis , le 02 d\u00e9cembre 2025\n \n \n \n \n                           #signature#\n \n \nAgence R\u00e9gionale de Sant\u00e9 - IDF-2025-12-02-00081 - D\u00e9cision tarifaire n\u00b0 22662 portant modification du forfait global de soins pour\n2025 de EHPAD RESIDENCE JEAN-BAPTISTE CARPEAUX - 750071375 26\nAgence R\u00e9gionale de Sant\u00e9\nIDF-2025-12-03-00070\nD\u00e9cision tarifaire n\u00b0 22670 portant modification\nde la dotation globale de soins pour 2025 de \nEHPAD COS ALICE GUY - 750048381\nAgence R\u00e9gionale de Sant\u00e9 - IDF-2025-12-03-00070 - D\u00e9cision tarifaire n\u00b0 22670 portant modification de la dotation globale de soins\npour 2025 de  EHPAD COS ALICE GUY - 750048381 27\nEXREPUBLIQUEFRANCAISElens \u00a9 Agence R\u00e9gionalede Sant\u00e9\u00c9galit\u00e9 \u00cele-de-FranceFraternit\u00e9\n  \n \nDECISION TARIFAIRE N\u00b022670 PORTANT MODIFICATION DU FORFAIT GLOBAL DE SOINS \nPOUR 2025 DE \nEHPAD COS ALICE GUY - 750048381 \n \nLe Directeur G\u00e9n\u00e9ral de l'ARS Ile-de-France \n \nVU le Code de l'Action Sociale et des Familles \n  \nVU le Code de la S\u00e9curit\u00e9 Sociale ; \n  \nVU la loi n\u00b02025 -199 du 28 f\u00e9vrier 2025 de financement de la S\u00e9curit\u00e9 Sociale pour 2025 \npubli\u00e9e au Journal Officiel du 28/02/2025 ; \n  \nVU l'arr\u00eat\u00e9 minist\u00e9riel du 02/06/2025 publi\u00e9 au Journal Officiel du 06/06/2025 pris en \napplication de l'article L314 -3 du Code de l'Action Sociale et des Familles fixant, pour \nl'ann\u00e9e 2025 l'objectif global de d\u00e9penses d'assurance maladie et le montant total de \nd\u00e9penses pour les \u00e9tablissements et services relevant de la Caisse nationale de solidarit\u00e9 \npour l'autonomie ; \n  \nVU la d\u00e9cision du 19/11/2025 publi\u00e9e au Journal Officiel du 26/11/2025 relative aux dotations \nr\u00e9gionales limitatives 2025 et \u00e0 la moyenne nationale des besoins en soins requis 2025 ; \n  \nVU l'arr\u00eat\u00e9 du 28/05/2025 fixant pour 2025 les valeurs du point mentionn\u00e9es \u00e0 l'article R.314-\n162 du code de l'action sociale et des familles publi\u00e9 au Journal Officiel du 31/05/2025 ; \n  \nVU le d\u00e9cret du 10 Avril 2024 portant nomination de Monsieur, ROBIN, Denis en qualit\u00e9 de \nDirecteur G\u00e9n\u00e9ral de l'agence r\u00e9gionale de sant\u00e9 Ile-de-France ; \n  \nVU la d\u00e9l\u00e9gation de signature du Directeur G\u00e9n\u00e9ral de l'ARS vers le Directeur D\u00e9partemental \nde PARIS en date du 31/10/2025 ; \n \nVU l'autorisation ou le renouvellement d'autorisation en date du 16/08/2010 de la structure \nEtablissement d'h\u00e9bergement pour personnes \u00e2g\u00e9es d\u00e9pendantes d\u00e9nomm\u00e9e EHPAD COS \nALICE GUY (750048381) sise 10 R DE COLMAR 75019 Paris 19e Arrondissement et \ng\u00e9r\u00e9e par l'entit\u00e9 d\u00e9nomm\u00e9e FONDATION COS ALEXANDRE GLASBERG \n(750721235) ; \n  \nConsid\u00e9rant  la d\u00e9cision tarifaire initiale n\u00b0 11481 en date du 30 Juin  2025 portant fixation du \nforfait global soins pour 2025 de la structure d\u00e9nomm\u00e9e EHPAD COS ALICE GUY - \n750048381             \n \nDECIDE \n \n         \n \n \n \nAgence R\u00e9gionale de Sant\u00e9 - IDF-2025-12-03-00070 - D\u00e9cision tarifaire n\u00b0 22670 portant modification de la dotation globale de soins\npour 2025 de  EHPAD COS ALICE GUY - 750048381 28\n \nArticle 1er A compter du 01/01/2025, le forfait global de soins est fix\u00e9 \u00e0 2  590 000,96 \u20ac au titre \nde 2025. \n \nLa fraction forfaitaire mensuelle s'\u00e9tablit \u00e0 215 833,41 \u20ac. \n \n \nPour 2025, les tarifs sont d\u00e9compos\u00e9s comme suit : \n \n Forfait global de soins \nH\u00e9bergement \nPermanent \n2 309 595,71 \nUHR \n0,00 \nPASA \n70 746,44 \nH\u00e9bergement \nTemporaire \n28 068,84 \nAccueil de jour \n181 589,97 \nPlateforme de r\u00e9pit \n0,00 \n \n \nArticle 2 A compter du 1er janvier 2026 , en application de l'article L.314-7 du CASF, le forfait \nglobal de soins est fix\u00e9, \u00e0 titre transitoire, \u00e0 2 582 000,96 \u20ac. \n  \n Les tarifs de reconduction sont fix\u00e9s \u00e0 : \n \n Forfait global de soins \nH\u00e9bergement \nPermanent \n2 301 595,71 \nUHR \n0,00 \nPASA \n70 746,44 \nH\u00e9bergement \nTemporaire \n28 068,84 \nAccueil de jour \n181 589,97 \nPlateforme de r\u00e9pit \n0,00 \n \n La fraction forfaitaire mensuelle s'\u00e9tablit \u00e0 215 166,75 \u20ac. \nAgence R\u00e9gionale de Sant\u00e9 - IDF-2025-12-03-00070 - D\u00e9cision tarifaire n\u00b0 22670 portant modification de la dotation globale de soins\npour 2025 de  EHPAD COS ALICE GUY - 750048381 29\nP/ Le Directeur G\u00e9n\u00e9ral de l'Agence R\u00e9gionale de Sant\u00e9 Ile-de-FranceEt par d\u00e9l\u00e9gationLa responsableadjointe du d\u00e9partement autonomiede la D\u00e9l\u00e9gationD\u00e9partementale de Pansi,i =FAgensemewn am Te-S\u00e9-FranceD\u00e9l\u00e9gatic, ntais de ParisRegporton!. adjointe du d\u00e9partementAuton amieL\u00e9a CRippal-ts CRIPPA\n \n  \nArticle 3 Les recours contentieux dirig\u00e9s contre la pr\u00e9sente d\u00e9cision doivent \u00eatre port\u00e9s devant \nle Tribunal Administratif sis 1 Place du Palais Royal 75100 PARIS dans un d\u00e9lai de \ndeux mois \u00e0 compter de sa publication ou, pour les personnes auxquelles elle sera \nnotifi\u00e9e, \u00e0 compter de sa notification. Le tribunal administratif peut \u00eatre saisi par \nl'application \u00ab T\u00e9l\u00e9recours citoyens \u00bb accessible par le site www.telerecours.fr. \n  \nArticle 4 La pr\u00e9sente d\u00e9cision sera publi\u00e9e au recueil des actes administratifs. \n  \nArticle 5         Le Directeur G\u00e9n\u00e9ral de l'ARS Ile -de-France est charg\u00e9 de l'ex\u00e9cution de la pr\u00e9sente \nd\u00e9cision qui sera notifi\u00e9e \u00e0 l'entit\u00e9 gestionnaire FONDATION COS ALEXANDRE \nGLASBERG (750721235) et \u00e0 l'\u00e9tablissement concern\u00e9. \n \n \nFait \u00e0 Saint-Denis , le 03 d\u00e9cembre 2025           \n \n  \n \n \n \n         #signature# \n \n \nAgence R\u00e9gionale de Sant\u00e9 - IDF-2025-12-03-00070 - D\u00e9cision tarifaire n\u00b0 22670 portant modification de la dotation globale de soins\npour 2025 de  EHPAD COS ALICE GUY - 750048381 30\nAgence R\u00e9gionale de Sant\u00e9\nIDF-2025-12-03-00076\nD\u00e9cision tarifaire n\u00b0 22674 portant modification\ndu forfait global de soins pour 2025 de CAJ\nFOYER DOCTEUR JEAN COLIN - 750048324\nAgence R\u00e9gionale de Sant\u00e9 - IDF-2025-12-03-00076 - D\u00e9cision tarifaire n\u00b0 22674 portant modification du forfait global de soins pour\n2025 de CAJ FOYER DOCTEUR JEAN COLIN - 750048324 31\nREPUBLIQUEerate @ DAgerce R\u00e9vorakde Sant\u00e9\u00c9t\u00e9 \u00cele-de-FranceFraternit\u00e9\n1 \n \n \nDECISION TARIFAIRE N\u00b0 22674 PORTANT MODIFICATION DU FORFAIT GLOBAL DE \nSOINS POUR 2025 DE \nCAJ FOYER DOCTEUR JEAN COLIN - 750048324 \n \n \nLe Directeur G\u00e9n\u00e9ral de l'ARS Ile-de-France \n \nVU le Code de l'Action Sociale et des Familles ; \n \nVU le Code de la S\u00e9curit\u00e9 Sociale ; \n \nVU la loi n\u00b0 2025-199 du 28 f\u00e9vrier 2025 de financement de la S\u00e9curit\u00e9 Sociale pour 2025 publi\u00e9e \nau Journal Officiel du 28/02/2025; \n \nVU l'arr\u00eat\u00e9 minist\u00e9riel du 02/06/2025 publi\u00e9 au Journal Officiel du 06/06/2025 pris en application \nde l'article L314 -3 du Code de l'Action Sociale et des Familles fixant, pour l'ann\u00e9e 2025 \nl'objectif global de d\u00e9penses d'assurance maladie et le montant total de d\u00e9penses pour les \n\u00e9tablissements et services relevant de la Caisse nationale de solidarit\u00e9 pour l'autonomie ; \n \nVU la d\u00e9cision du 19/11/2025 publi\u00e9e au Journal Officiel du 26/11/2025  relative aux dotations \nr\u00e9gionales limitatives 2025 et \u00e0 la moyenne nationale des besoins en soins requis 2025 ; \n \nVU le d\u00e9cret du 10 Avril 2024 portant nomination de Monsieur ROBIN Denis en qualit\u00e9 de \nDirecteur G\u00e9n\u00e9ral de l'agence r\u00e9gionale de sant\u00e9 Ile-de-France ; \n \nVU la d\u00e9l\u00e9gation de signature du Directeur G\u00e9n\u00e9ral de l'ARS vers le Directeur D\u00e9partemental de \nPARIS en date du 31/10/2025 ; \n \nVU l'autorisation ou le renouvellement d'autorisation en date du 16/08/2010 de la structure \nCentre de Jour pour Personnes Ag\u00e9es d\u00e9nomm\u00e9e CAJ FOYER DOCTEUR JEAN COLIN \n(750048324) sise 49 AV THEOPHILE GAUTIER 75016 Paris 16e Arrondissement et g\u00e9r\u00e9e \npar l'entit\u00e9 d\u00e9nomm\u00e9e FOYER DES ISRAELITES REFUGIES (750803686);  \n  \n  \n  \n \n \nConsid\u00e9rant  la d\u00e9cision tarifaire initiale n\u00b0 677 en date du 2 Juillet 2025 portant fixation du \nforfait global soins pour 2025 de la structure d\u00e9nomm\u00e9e CAJ FOYER DOCTEUR \nJEAN COLIN - 750048324 \n \n \nDECIDE \n \n  \nAgence R\u00e9gionale de Sant\u00e9 - IDF-2025-12-03-00076 - D\u00e9cision tarifaire n\u00b0 22674 portant modification du forfait global de soins pour\n2025 de CAJ FOYER DOCTEUR JEAN COLIN - 750048324 32\nP/ Le Directeur G\u00e9n\u00e9ral de l'Agence R\u00e9gionale de Sant\u00e9 Ile-de-FranceEt par d\u00e9l\u00e9gationLa responsableadjointe du d\u00e9partement autonomiede la D\u00e9l\u00e9gationD\u00e9partementale de Pansf \u00ff aAgence Sand 86 FranceD\u00e9l\u00e9gatic, ntais de ParisReport nt: RARE & \u00e9patementAuton om beL\u00e9a CRippal-ts CRIPPA\n2 \n \n \nArticle 1er A compter du 01/01/2025, au titre de 2025, le forfait de soins est fix\u00e9 \u00e0 248 888,74 \u20ac. \nPour 2025, la fraction forfaitaire mensuelle s'\u00e9tablit \u00e0 20 740,73 \u20ac. \n \n  \nArticle 2 Ainsi et \u00e0 compter du 1er janvier 2026, en application de l'article L.314-7 du CASF, les \ntarifs de reconduction sont fix\u00e9s, \u00e0 titre transitoire, \u00e0 : \n \n\u2022 forfait de soins 2026: 263 140,73 \u20ac \n(douzi\u00e8me applicable s'\u00e9levant \u00e0 21 928,39 \u20ac) \n  \nArticle 3 Les recours contentieux dirig\u00e9s contre la pr\u00e9sente d\u00e9cision doivent \u00eatre port\u00e9s devant \nle tribunal administratif territorialement comp\u00e9tent tel que pr\u00e9vu par l'article R. 312 -\n10-1 du Code de justice administrative dans un d\u00e9lai de deux mois \u00e0 compter de sa \npublication ou, pour le s personnes auxquelles elle sera notifi\u00e9e, \u00e0 compter de sa \nnotification. Le tribunal administratif peut \u00eatre saisi par l'application \u00ab T\u00e9l\u00e9recours \ncitoyens \u00bb accessible par le site www.telerecours.fr. \n  \nArticle 4 La pr\u00e9sente d\u00e9cision sera publi\u00e9e au recueil des actes administratifs. \n  \nArticle 5         Le Directeur G\u00e9n\u00e9ral de l'ARS Ile-de-France est charg\u00e9 de l'ex\u00e9cution de la pr\u00e9sente \nd\u00e9cision qui sera notifi\u00e9e \u00e0 l'entit\u00e9 gestionnaire FOYER DES ISRAELITES \nREFUGIES (750803686) et \u00e0 l'\u00e9tablissement concern\u00e9. \n \n \nFait \u00e0 Saint-Denis, le 03 d\u00e9cembre 2025        \n \n \n \n \n \n \n#signature# \n \n \nAgence R\u00e9gionale de Sant\u00e9 - IDF-2025-12-03-00076 - D\u00e9cision tarifaire n\u00b0 22674 portant modification du forfait global de soins pour\n2025 de CAJ FOYER DOCTEUR JEAN COLIN - 750048324 33\nAgence R\u00e9gionale de Sant\u00e9\nIDF-2025-12-03-00069\nD\u00e9cision tarifaire n\u00b0 22686 portant modification\ndu forfait global de soins pour 2025 de EHPAD LE\nTREFLE BLEU CARDINET - 750041030\nAgence R\u00e9gionale de Sant\u00e9 - IDF-2025-12-03-00069 - D\u00e9cision tarifaire n\u00b0 22686 portant modification du forfait global de soins pour\n2025 de EHPAD LE TREFLE BLEU CARDINET - 750041030 34\nEDREPUBLIQUEFRANCAISELibert\u00e9 \u00a9 DAgence R\u00e9gional de Sant\u00e9\u00c9galit\u00e9 \u00cele-de-FranceFraternit\u00e9\n   \n \nDECISION TARIFAIRE N \u00b022686 PORTANT MODIFICATION\nDU FORFAIT GLOBAL DE SOINS POUR 2025 DE\nEHPAD LE TREFLE BLEU CARDINET - 750041030\n \nLe Directeur G\u00e9n\u00e9ral de l'ARS Ile-de-France\n \nVU le Code de l'Action Sociale et des Familles\n  \nVU le Code de la S\u00e9curit\u00e9 Sociale ;\n  \nVU la loi n\u00b02025-199 du 28 f\u00e9vrier 2025 de financement de la S\u00e9curit\u00e9 Sociale pour 2025\npubli\u00e9e au Journal Officiel du 28/02/2025 ;\n  \nVU l'arr\u00eat\u00e9 minist\u00e9riel du 02/06/2025 publi\u00e9 au Journal Officiel du 06/06/2025 pris en\napplication de l'article L314-3 du Code de l'Action Sociale et des Familles fixant, pour\nl'ann\u00e9e 2025 l'objectif global de d\u00e9penses d'assurance maladie et le montant total de\nd\u00e9penses pour les \u00e9tablissements et services relevant de la Caisse nationale de solidarit\u00e9\npour l'autonomie ;\n \nVU la d\u00e9cision du 19/11/2025 publi\u00e9e au Journal Officiel du 26/11/2025 relative aux dotations\nr\u00e9gionales limitatives 2025 et \u00e0 la moyenne nationale des besoins en soins requis 2025 ;\n  \nVU l'arr\u00eat\u00e9 du 28/05/2025 fixant pour 2025 les valeurs du point mentionn\u00e9es \u00e0 l'article\nR.314-162 du code de l'action sociale et des familles publi\u00e9 au Journal Officiel du\n31/05/2025 ;\n  \nVU le d\u00e9cret du 10 Avril 2024 portant nomination de Monsieur, ROBIN, Denis en qualit\u00e9 de\nDirecteur G\u00e9n\u00e9ral de l'agence r\u00e9gionale de sant\u00e9 Ile-de-France ;\n  \nVU la d\u00e9l\u00e9gation de signature du Directeur G\u00e9n\u00e9ral de l'ARS vers le Directeur D\u00e9partemental\nde PARIS en date du 31/10/2025 ;\n \n \nVU l'autorisation ou le renouvellement d'autorisation en date du 03/01/2017 de la structure\nEtablissement d'h\u00e9bergement pour personnes \u00e2g\u00e9es d\u00e9pendantes d\u00e9nomm \u00e9e EHPAD LE\nTREFLE BLEU CARDINET (750041030) sise 152 R CARDINET 75017 Paris 17e\nArrondissement et g\u00e9r\u00e9e par l'entit\u00e9 d\u00e9nomm \u00e9e LE TREFLE BLEU (750026288) ;\n \nConsid\u00e9rant la d\u00e9cision tarifaire initiale n\u00b0689 en date du 19 juin 2025 portant fixation du forfait global\nsoins pour 2025 de la structure d\u00e9nomm \u00e9e EHPAD LE TREFLE BLEU CARDINET\n750041030  \n         \n \nAgence R\u00e9gionale de Sant\u00e9 - IDF-2025-12-03-00069 - D\u00e9cision tarifaire n\u00b0 22686 portant modification du forfait global de soins pour\n2025 de EHPAD LE TREFLE BLEU CARDINET - 750041030 35\nDECIDE\n \n         \nArticle 1er A compter du 01/01/2025, le forfait global de soins est fix\u00e9 \u00e0 505 867,92 \u20ac au titre\nde 2025.\n \n \nLa fraction forfaitaire mensuelle s'\u00e9tablit \u00e0 42 155,66 \u20ac.\n \n \nPour 2025, les tarifs sont d\u00e9compos\u00e9s comme suit :\n \n Forfait global\nde soins\nH\u00e9bergement\nPermanent\n505 867,92\nUHR\n0,00\nPASA\n0,00\nH\u00e9bergement\nTemporaire\n0,00\nAccueil de jour\n0,00\nPlateforme de r\u00e9pit\n0,00\n \n \nArticle 2 A compter du 1er janvier 2026 , en application de l'article L.314-7 du CASF, le forfait\nglobal de soins est fix\u00e9, \u00e0 titre transitoire, \u00e0 497 358,98 \u20ac.\n  \n Les tarifs de reconduction sont fix\u00e9s \u00e0 :\n \n Forfait global\nde soins\nH\u00e9bergement\nPermanent\n497 358,98\nUHR\n0,00\nPASA\n0,00\nH\u00e9bergement\nTemporaire\n0,00\nAccueil de jour\n0,00\nAgence R\u00e9gionale de Sant\u00e9 - IDF-2025-12-03-00069 - D\u00e9cision tarifaire n\u00b0 22686 portant modification du forfait global de soins pour\n2025 de EHPAD LE TREFLE BLEU CARDINET - 750041030 36\nPlateforme de r\u00e9pit\n0,00\n \n La fraction forfaitaire mensuelle s'\u00e9tablit \u00e0 41 446,58 \u20ac.\n \n  \nArticle 3 Les recours contentieux dirig\u00e9s contre la pr\u00e9sente d\u00e9cision doivent \u00eatre port\u00e9s devant le\nTribunal Administratif sis 1 Place du Palais Royal 75100 PARIS dans un d\u00e9lai de deux\nmois \u00e0 compter de sa publication ou, pour les personnes auxquelles elle sera notifi\u00e9e,\n\u00e0 compter de sa notification. Le tribunal administratif peut \u00eatre saisi par l'application\n\u00ab T\u00e9l\u00e9recours citoyens \u00bb accessible par le site www.telerecours.fr.\n  \nArticle 4 La pr\u00e9sente d\u00e9cision sera publi\u00e9e au recueil des actes administratifs.\n  \nArticle 5 Le Directeur G\u00e9n\u00e9ral de l'ARS Ile-de-France est charg\u00e9 de l'ex\u00e9cution de la pr\u00e9sente\nd\u00e9cision qui sera notifi\u00e9e \u00e0 l'entit\u00e9 gestionnaire LE TREFLE BLEU (750026288) et \u00e0\nl'\u00e9tablissement concern\u00e9.\n \n \nFait \u00e0 Saint-Denis,  Le 3 D \u00e9cembre 2025\n \n \n \n                           #signature#\n \n \n \n \n \nAgence R\u00e9gionale de Sant\u00e9 - IDF-2025-12-03-00069 - D\u00e9cision tarifaire n\u00b0 22686 portant modification du forfait global de soins pour\n2025 de EHPAD LE TREFLE BLEU CARDINET - 750041030 37\nAgence R\u00e9gionale de Sant\u00e9\nIDF-2025-12-03-00068\nD\u00e9cision tarifaire n\u00b0 22825 portant modification\nde la dotation globale de soins pour 2025 de\nSSIAD VYV3 - 750829046\nAgence R\u00e9gionale de Sant\u00e9 - IDF-2025-12-03-00068 - D\u00e9cision tarifaire n\u00b0 22825 portant modification de la dotation globale de soins\npour 2025 de SSIAD VYV3 - 750829046 38\nElREPUBLIQUEFRANCAISEope boiong \u00e9Liber \u00a9 DAgence R\u00e9gonclede Sent\u00c9galit\u00e9 \u00cele-de-FranceFraternit\u00e9\nDECISION TARIFAIRE N \u00b022825 PORTANT MODIFICATION\nDE LA DOTATION GLOBALE DE SOINS POUR 2025 DE\nSSIAD VYV3 - 750829046\n \nLe Directeur G\u00e9n\u00e9ral de l'ARS Ile-de-France\n \nVU le Code de l'Action Sociale et des Familles ;\n  \nVU le Code de la S\u00e9curit\u00e9 Sociale ;\n  \nVU la loi n\u00b0 2025-199 du 28 f\u00e9vrier 2025 de financement de la S\u00e9curit\u00e9 Sociale pour 2025 publi\u00e9e\nau Journal Officiel du 28/02/2025 ;\n  \nVU l'arr\u00eat\u00e9 minist\u00e9riel du 02/06/2025 publi\u00e9 au Journal Officiel du 06/06/2025 pris en application\nde l'article L314-3 du Code de l'Action Sociale et des Familles fixant, pour l'ann\u00e9e 2025\nl'objectif global de d\u00e9penses d'assurance maladie et le montant total de d\u00e9penses pour les\n\u00e9tablissements et services relevant de la Caisse nationale de solidarit\u00e9 pour l'autonomie ;\n  \nVU la d\u00e9cision du 19/11/2025 publi\u00e9e au Journal Officiel du 26/11/2025 relative aux dotations\nr\u00e9gionales limitatives 2025 et \u00e0 la moyenne nationale des besoins en soins requis 2025 ;\n  \nVU le d\u00e9cret n\u00b0 2023-323 relatif \u00e0 la tarification des soins infirmiers \u00e0 domicile pour les personnes\n\u00e2g\u00e9es et personnes handicap\u00e9es publi\u00e9 au Journal Officiel du 28 avril 2023 ;\n  \nVU l'arr\u00eat\u00e9 du 28 mai 2025 fixant pour 2025 les montants forfaitaires mentionn\u00e9s aux II et III\nde l'article R. 314-138 du code de l'action sociale et des familles et le taux de revalorisation\ndes produits de la tarification reconductibles aff\u00e9rents aux soins applicables aux services\nproposant des prestations de soins infirmiers \u00e0 domicile pour les personnes \u00e2g\u00e9es et les\npersonnes en situation de handicap ;\n  \nVU l'arr\u00eat\u00e9 du 28 mai 2025 fixant pour 2025 le taux de revalorisation des produits de la tarification\nreconductibles aff\u00e9rents aux soins applicables aux services proposant des prestations de soins\ninfirmiers \u00e0 domicile pour les personnes \u00e2g\u00e9es et les personnes en situation de handicap ;\n  \nVU le d\u00e9cret du 10 Avril 2024 portant nomination de Monsieur, ROBIN, Denis en qualit\u00e9 de\nDirecteur G\u00e9n\u00e9ral de l'agence r\u00e9gionale de sant\u00e9 Ile-de-France ;\n \nVU la d\u00e9l\u00e9gation de signature du Directeur G\u00e9n\u00e9ral de l'ARS vers le Directeur D\u00e9partemental de\nPARIS en date du 31/10/2025 ;\n \nVU l'autorisation ou le renouvellement d'autorisation en date du 03/01/2017 de la structure\nService de Soins Infirmiers A Domicile (S.S.I.A.D) d\u00e9nomm \u00e9e SSIAD VYV3 (750829046)\nsise 35, R SAINT SABIN 75011 Paris 11e Arrondissement et g\u00e9r\u00e9e par l'entit\u00e9 d\u00e9nomm \u00e9e\nVYV3 ILE DE FRANCE (750058844);\n \n  \nConsid\u00e9rant\n \nla d\u00e9cision tarifaire initiale n\u00b0 2538 en date du 7 juillet 2025 portant fixation de\nla dotation globale de soins pour 2025 de la structure d\u00e9nomm \u00e9e SSIAD VYV3 -\n750829046\n \n \nDECIDE\n \nArticle 1er A compter du 01/01/2025, la dotation globale de soins est fix\u00e9e \u00e0 2 900 947,76 \u20ac au\ntitre de 2025. Elle se r\u00e9partit comme suit :\n \n1\n \nAgence R\u00e9gionale de Sant\u00e9 - IDF-2025-12-03-00068 - D\u00e9cision tarifaire n\u00b0 22825 portant modification de la dotation globale de soins\npour 2025 de SSIAD VYV3 - 750829046 39\n - pour l'accueil de personnes \u00e2g\u00e9es : 2 765 735,89 \u20ac (fraction forfaitaire s'\u00e9levant \u00e0\n230 477,99 \u20ac).\n - pour l'accueil de personnes handicap\u00e9es : 135 211,87 \u20ac (fraction forfaitaire s'\u00e9levant\n\u00e0 11 267,65 \u20ac).\n \nArticle 2 A compter du 1er janvier 2026, en application de l'article L.314-7 du CASF, la dotation\nglobale de soins est fix\u00e9e, \u00e0 titre transitoire, \u00e0 2 940 730,35 \u20ac :\n \n - pour l'accueil de personnes \u00e2g\u00e9es : 2 805 518,48 \u20ac (douzi\u00e8me applicable s'\u00e9levant \u00e0\n233 793,21 \u20ac).\n \n- pour l'accueil de personnes handicap\u00e9es : 135 211,87 \u20ac (douzi\u00e8me applicable\ns'\u00e9levant \u00e0 11 267,65 \u20ac).\n \nArticle 3 Les recours contentieux dirig\u00e9s contre la pr\u00e9sente d\u00e9cision doivent \u00eatre port\u00e9s devant le\ntribunal administratif territorialement comp\u00e9tent tel que pr\u00e9vu par l'article R. 312-10-1\ndu Code de justice administrative dans un d\u00e9lai de deux mois \u00e0 compter de sa\npublication ou, pour les personnes auxquelles elle sera notifi\u00e9e, \u00e0 compter de sa\nnotification. Le tribunal administratif peut \u00eatre saisi par l'application \u00ab T\u00e9l\u00e9recours\ncitoyens \u00bb accessible par le site www.telerecours.fr.\n  \nArticle 4 La pr\u00e9sente d\u00e9cision sera publi\u00e9e au recueil des actes administratifs.\n  \nArticle 5 Le Directeur G\u00e9n\u00e9ral de l'ARS Ile-de-France est charg\u00e9 de l'ex\u00e9cution de la pr\u00e9sente d\u00e9cision\nqui sera notifi\u00e9e \u00e0 l'entit\u00e9 gestionnaire VYV3 ILE DE FRANCE (750058844) et \u00e0\nl'\u00e9tablissement concern\u00e9.\n \n \n \nFait \u00e0 Saint-Denis,\n \nLe 3 d\u00e9cembre 2025\n \n \n \n \n#signature#\n \n \n \n \n2\n \nAgence R\u00e9gionale de Sant\u00e9 - IDF-2025-12-03-00068 - D\u00e9cision tarifaire n\u00b0 22825 portant modification de la dotation globale de soins\npour 2025 de SSIAD VYV3 - 750829046 40\nAgence R\u00e9gionale de Sant\u00e9\nIDF-2025-12-05-00014\nD\u00e9cision tarifaire n\u00b0 25470 portant modification\npour 2025 du montant et de la r\u00e9partition de la\ndotation globalis\u00e9e commune pr\u00e9vue au contrat\npluriannuel d'objectifs et de moyens de SAS\nGROUPE MAISON FAMILLE - 750039109 pour les\n\u00e9tablissements et services (Etablissement\nd'h\u00e9bergement pour personnes \u00e2g\u00e9es\nd\u00e9pendantes - EHPAD VILLA LECOURBE -\n750017808)\nAgence R\u00e9gionale de Sant\u00e9 - IDF-2025-12-05-00014 - D\u00e9cision tarifaire n\u00b0 25470 portant modification pour 2025 du montant et de la\nr\u00e9partition de la dotation globalis\u00e9e commune pr\u00e9vue au contrat pluriannuel d'objectifs et de moyens de SAS GROUPE MAISON\nFAMILLE - 750039109 pour les \u00e9tablissements et services (Etablissement d'h\u00e9bergement pour personnes \u00e2g\u00e9es d\u00e9pendantes - EHPAD\nVILLA LECOURBE - 750017808)\n41\nEXREPUBLIQUEFRANCAISELibert\u00e9 \u00a9 DAgence R\u00e9gionalede Sant\u00e9\u00c9galit\u00e9 \u00cele-de-FranceFraternit\u00e9\n \nDECISION TARIFAIRE N\u00b025470 PORTANT MODIFICATION POUR 2025 DU MONTANT ET DE LA \nREPARTITION DE LA DOTATION GLOBALISEE COMMUNE PREVUE AU \nCONTRAT PLURIANNUEL D'OBJECTIFS ET DE MOYENS DE  \nSAS GROUPE MAISON FAMILLE - 750039109 \n \nPOUR LES ETABLISSEMENTS ET SERVICES SUIV ANTS  \nEtablissement d'h\u00e9bergement pour personnes \u00e2g\u00e9es d\u00e9pendantes - EHPAD VILLA LECOURBE - 750017808 \n \n \nLe Directeur G\u00e9n\u00e9ral de l'ARS Ile-de-France \n \nVU le Code de l'Action Sociale et des Familles ; \n  \nVU le Code de la S\u00e9curit\u00e9 Sociale ; \n  \nVU la loi n\u00b0 2025-199 du 28 f\u00e9vrier 2025 de financement de la S\u00e9curit\u00e9 Sociale pour 2025 publi\u00e9e \nau Journal Officiel du 28/02/2025 ; \n  \nVU l'arr\u00eat\u00e9 minist\u00e9riel du 02/06/2025 publi\u00e9 au Journal Officiel du 06/06/2025 pris en application \nde l'article L314 -3 du Code de l'Action Sociale et des Familles fixant, pour l'ann\u00e9e 2025 \nl'objectif global de d\u00e9penses d'assurance maladie et le montant total de d\u00e9pen ses pour les \n\u00e9tablissements et services relevant de la Caisse nationale de solidarit\u00e9 pour l'autonomie ; \n  \nVU la d\u00e9cision du 19/11/2025 publi\u00e9e au Journal Officiel du 26/11/2025 relative aux dotations \nr\u00e9gionales limitatives 2025 et \u00e0 la moyenne nationale des besoins en soins requis 2025 ; \n  \nVU l'arr\u00eat\u00e9 du 28/05/2025 fixant pour 2025 les valeurs du point mentionn\u00e9es \u00e0 l'article R.314 -\n162 du code de l'action sociale et des familles publi\u00e9 au Journal Officiel du 31/05/2025 ; \n \n  \nVU le d\u00e9cret du 10 Avril 2024 portant nomination de Monsieur ROBIN Denis en qualit\u00e9 de \nDirecteur G\u00e9n\u00e9ral de l'Agence R\u00e9gionale de Sant\u00e9 Ile-de-France ; \n \nVU la d\u00e9l\u00e9gation de signature du Directeur G\u00e9n\u00e9ral de l'ARS vers le Directeur D\u00e9partemental de \nPARIS en date du 31/10/2025 ;  \n  \nVU le Contrat Pluriannuel d'Objectifs et de Moyens conclu le 01/11/2019 prenant effet au \n01/01/2019 ; \n \nConsid\u00e9rant  la d\u00e9cision tarifaire initiale n\u00b0 705 en date du 19 juin 2025 portant fixation du forfait \nglobal soins pour 2025 de la structure d\u00e9nomm\u00e9e EHPAD VILLA LECOURBE - \n750017808      \n \nDECIDE \n \n \nArticle 1er A compter du 01/01/2025, au titre de 2025, la dotation globalis\u00e9e commune des \n\u00e9tablissements et services m\u00e9dico-sociaux financ\u00e9s par l'Assurance Maladie, g\u00e9r\u00e9s par \nAgence R\u00e9gionale de Sant\u00e9 - IDF-2025-12-05-00014 - D\u00e9cision tarifaire n\u00b0 25470 portant modification pour 2025 du montant et de la\nr\u00e9partition de la dotation globalis\u00e9e commune pr\u00e9vue au contrat pluriannuel d'objectifs et de moyens de SAS GROUPE MAISON\nFAMILLE - 750039109 pour les \u00e9tablissements et services (Etablissement d'h\u00e9bergement pour personnes \u00e2g\u00e9es d\u00e9pendantes - EHPAD\nVILLA LECOURBE - 750017808)\n42\nl'entit\u00e9 d\u00e9nomm\u00e9e SAS GROUPE MAISON FAMILLE (750039109), a \u00e9t\u00e9 fix\u00e9e \u00e0 \n993 721,34 \u20ac. \n \n Elle se r\u00e9partit de la mani\u00e8re suivante : \n \n- personnes \u00e2g\u00e9es : 993 721,34 \u20ac \n \n \n Dotations (en \u20ac) \nFINESS H\u00e9bergement \npermanent UHR PASA H\u00e9bergement \ntemporaire Accueil de jour Plateforme de \nr\u00e9pit SSIAD  \n750017808 \nEHPAD VILLA \nLECOURBE \n993 721,34 0,00 0,00 0,00 0,00 0,00 0,00 \n \nPour 2025, la fraction forfaitaire mensuelle, pour le secteur personnes \u00e2g\u00e9es, s'\u00e9tablit \u00e0 82 810,11 \u20ac. \n \n \nArticle 2 A compter du 1 er janvier 2026, en application de l'article L.314 -7 du CASF, la \ndotation globalis\u00e9e commune s'\u00e9l\u00e8ve, \u00e0 titre transitoire, \u00e0 1 121 399,49 \u20ac.  \n \nElle se r\u00e9partit de la mani\u00e8re suivante : \n \n \n-- personnes \u00e2g\u00e9es : 1 121 399,49 \u20ac \n \n Dotations (en \u20ac) \nFINESS H\u00e9bergement \npermanent UHR PASA H\u00e9bergement \ntemporaire Accueil de jour Plateforme de \nr\u00e9pit SSIAD \n750017808 \nEHPAD VILLA LECOURBE 1 121 399,49 0,00 0,00 0,00 0,00 0,00 0,00 \n \nPour 2026, la fraction forfaitaire mensuelle, pour le secteur personnes \u00e2g\u00e9es, s'\u00e9tablit \u00e0 93 449,96 \u20ac. \n \n \nArticle 3 Les recours contentieux dirig\u00e9s contre la pr\u00e9sente d\u00e9cision doivent \u00eatre port\u00e9s devant le \ntribunal administratif territorialement comp\u00e9tent tel que pr\u00e9vu par l'article R. 312-10-1 \ndu Code de justice administrative dans un d\u00e9lai de deux mois \u00e0 compter de sa \npublication ou, pour les personnes auxquelles elle sera notifi\u00e9e, \u00e0 compter de sa \nnotification. Le tribunal admi nistratif peut \u00eatre saisi par l'application \u00ab T\u00e9l\u00e9recours \ncitoyens \u00bb accessible par le site www.telerecours.fr. \n  \nArticle 4 La pr\u00e9sente d\u00e9cision sera publi\u00e9e au recueil des actes administratifs. \n  \nAgence R\u00e9gionale de Sant\u00e9 - IDF-2025-12-05-00014 - D\u00e9cision tarifaire n\u00b0 25470 portant modification pour 2025 du montant et de la\nr\u00e9partition de la dotation globalis\u00e9e commune pr\u00e9vue au contrat pluriannuel d'objectifs et de moyens de SAS GROUPE MAISON\nFAMILLE - 750039109 pour les \u00e9tablissements et services (Etablissement d'h\u00e9bergement pour personnes \u00e2g\u00e9es d\u00e9pendantes - EHPAD\nVILLA LECOURBE - 750017808)\n43\nPY Le Directeur G\u00e9n\u00e9ral de [Agence R\u00e9gionale de Sant\u00e9 lle-de-FranceEt par d\u00e9l\u00e9gationLa responsableadjointe du d\u00e9partement autonomiede la D\u00e9l\u00e9gationD\u00e9partementalede Paris\n... Fi i ot alAgence (jee Sa TS FranceD\u00e9l\u00e9patic, tale de Paris| Regporion!o adj\u00f4inte du d\u00e9partementAu [= 1,12 ]L\u00e9a CRIPPALO CRIPPA\nArticle 5         Le Directeur G\u00e9n\u00e9ral de l'ARS  Ile-de-France est charg\u00e9 de l'ex\u00e9cution de la pr\u00e9sente \nd\u00e9cision qui sera notifi\u00e9e \u00e0 l'entit\u00e9 gestionnaire (SAS GROUPE MAISON FAMILLE \n750039109) et aux structures concern\u00e9es. \n \n \nFait \u00e0 Saint-Denis,                                                                                                    le 5 d\u00e9cembre 2025 \n \n \n \n \n                                                                                                                               #signature# \n \n \nAgence R\u00e9gionale de Sant\u00e9 - IDF-2025-12-05-00014 - D\u00e9cision tarifaire n\u00b0 25470 portant modification pour 2025 du montant et de la\nr\u00e9partition de la dotation globalis\u00e9e commune pr\u00e9vue au contrat pluriannuel d'objectifs et de moyens de SAS GROUPE MAISON\nFAMILLE - 750039109 pour les \u00e9tablissements et services (Etablissement d'h\u00e9bergement pour personnes \u00e2g\u00e9es d\u00e9pendantes - EHPAD\nVILLA LECOURBE - 750017808)\n44\nAgence R\u00e9gionale de Sant\u00e9\nIDF-2025-12-04-00022\nD\u00e9cision tarifaire n\u00b0 25884 portant modification\npour 2025 du montant et de la r\u00e9partition de la\ndotation globalis\u00e9e commune pr\u00e9vue au contrat\npluriannuel d'objectifs et de moyens de CASVP -\n750720583\nAgence R\u00e9gionale de Sant\u00e9 - IDF-2025-12-04-00022 - D\u00e9cision tarifaire n\u00b0 25884 portant modification pour 2025 du montant et de la\nr\u00e9partition de la dotation globalis\u00e9e commune pr\u00e9vue au contrat pluriannuel d'objectifs et de moyens de CASVP - 750720583 45\nEJREPUBLIQUEFRANCAISELibert\u00e9 \u00a9 DAgence R\u00e9gionalede Sant\u00e9\u00c9galit\u00e9 \u00cele-de-FranceFraternit\u00e9\n \nDECISION TARIFAIRE N\u00b025884 PORTANT MODIFICATION DU MONTANT ET DE LA \nREPARTITION DE LA DOTATION GLOBALISEE COMMUNE POUR 2025 PREVUE AU \nCONTRAT PLURIANNUEL D'OBJECTIFS ET DE MOYENS DE  \nCASVP - 750720583 \nPOUR LES ETABLISSEMENTS ET SERVICES SUIV ANTS  \nEtablissement d'h\u00e9bergement pour personnes \u00e2g\u00e9es d\u00e9pendantes - EHPAD ALQUIER DEBROUSSE - \n750801607 \n \nEtablissement d'h\u00e9bergement pour personnes \u00e2g\u00e9es d\u00e9pendantes - EHPAD CAS-PARIS VILLERS-\nCOTTER\u00caTS - 020004107 \n \nEtablissement d'h\u00e9bergement pour personnes \u00e2g\u00e9es d\u00e9pendantes - EHPAD RESIDENCE SANTE ANSELME \nPAYEN - 750012510 \n \nEtablissement d'h\u00e9bergement pour personnes \u00e2g\u00e9es d\u00e9pendantes - EHPAD RESIDENCE SANTE JULIE \nSIEGFRIED - 750021123 \n \nEtablissement d'h\u00e9bergement pour personnes \u00e2g\u00e9es d\u00e9pendantes - EHPAD RESIDENCE HEROLD - \n750021479 \n \nCentre de Jour pour Personnes Ag\u00e9es - CAJ LES BALKANS - 750025579 \n \nService de Soins Infirmiers A Domicile (S.S.I.A.D) - SSIAD CASVP - 750040388 \n \nEtablissement d'h\u00e9bergement pour personnes \u00e2g\u00e9es d\u00e9pendantes - EHPAD ANNIE GIRARDOT - 750047672 \n \nEtablissement d'h\u00e9bergement pour personnes \u00e2g\u00e9es d\u00e9pendantes - EHPAD CASVP HUGUETTE V ALSECCHI \n- 750048365 \n \nEtablissement d'h\u00e9bergement pour personnes \u00e2g\u00e9es d\u00e9pendantes - EHPAD CASVP ALICE PRIN - 750048373 \n \nEtablissement d'h\u00e9bergement pour personnes \u00e2g\u00e9es d\u00e9pendantes - EHPAD SARA WEILL-RAYNAL - \n750721573 \n \nEtablissement d'h\u00e9bergement pour personnes \u00e2g\u00e9es d\u00e9pendantes - EHPAD RESIDENCE SANTE FURTADO \nHEINE - 750831208 \n \nEtablissement d'h\u00e9bergement pour personnes \u00e2g\u00e9es d\u00e9pendantes - EHPAD RESIDENCE SANTE OASIS - \n750832578 \n \nEtablissement d'h\u00e9bergement pour personnes \u00e2g\u00e9es d\u00e9pendantes - EHPAD RESIDENCE SANTE GALIGNANI \n- 920718350 \n \nEtablissement d'h\u00e9bergement pour personnes \u00e2g\u00e9es d\u00e9pendantes - EHPAD RESIDENCE ARTHUR \nGROUSSIER - 930700315 \n \nEtablissement d'h\u00e9bergement pour personnes \u00e2g\u00e9es d\u00e9pendantes - EHPAD HARMONIE - 940712110 \n \nAgence R\u00e9gionale de Sant\u00e9 - IDF-2025-12-04-00022 - D\u00e9cision tarifaire n\u00b0 25884 portant modification pour 2025 du montant et de la\nr\u00e9partition de la dotation globalis\u00e9e commune pr\u00e9vue au contrat pluriannuel d'objectifs et de moyens de CASVP - 750720583 46\nEtablissement d'h\u00e9bergement pour personnes \u00e2g\u00e9es d\u00e9pendantes - EHPAD RESIDENCE SANTE COUSIN \nMERICOURT - 940803356 \n \n \nLe Directeur G\u00e9n\u00e9ral de l'ARS Ile-de-France \n \nVU le Code de l'Action Sociale et des Familles ; \n  \nVU le Code de la S\u00e9curit\u00e9 Sociale ; \n  \nVU la loi n\u00b0 2025-199 du 28 f\u00e9vrier 2025 de financement de la S\u00e9curit\u00e9 Sociale pour 2025 publi\u00e9e \nau Journal Officiel du 28/02/2025 ; \n  \nVU l'arr\u00eat\u00e9 minist\u00e9riel du 02/06/2025 publi\u00e9 au Journal Officiel du 06/06/2025 pris en application \nde l'article L314 -3 du Code de l'Action Sociale et des Familles fixant, pour l'ann\u00e9e 2025 \nl'objectif global de d\u00e9penses d'assurance maladie et le montant total de d\u00e9penses pour les \n\u00e9tablissements et services relevant de la Caisse nationale de solidarit\u00e9 pour l'autonomie ; \n  \nVU la d\u00e9cision du 19/11/2025 publi\u00e9e au Journal Officiel du 26/11/2025 relative aux dotations \nr\u00e9gionales limitatives 2025 et \u00e0 la moyenne nationale des besoins en soins requis 2025 ; \n  \nVU l'arr\u00eat\u00e9 du 28/05/2025 fixant pour 2025 les valeurs du point mentionn\u00e9es \u00e0 l'article R.314 -\n162 du code de l'action sociale et des familles publi\u00e9 au Journal Officiel du 31/05/2025 ; \n \nVU \n \n \nVU \n \n \n \n \n \nVU \nle d\u00e9cret n\u00b0 2023-323 relatif \u00e0 la tarification des soins infirmiers \u00e0 domicile pour les personnes \n\u00e2g\u00e9es et personnes handicap\u00e9es publi\u00e9 au Journal Officiel du 28 avril 2023 ; \n \nl'arr\u00eat\u00e9 du 28 mai 2025 fixant pour 2025 les montants forfaitaires mentionn\u00e9s aux II et III de \nl'article R. 314-138 du code de l'action sociale et des familles et le taux de revalorisation des \nproduits de la tarification reconductibles aff\u00e9rents aux soins applicables aux services \nproposant des p restations de soins infirmiers \u00e0 domicile pour les personnes \u00e2g\u00e9es et les \npersonnes en situation de handicap ; \n \nl'arr\u00eat\u00e9 du 2 8 mai 202 5 fixant pour 202 5 le taux de revalorisation des produits de la \ntarification reconductibles aff\u00e9rents aux soins applicables aux services proposant des \nprestations de soins infirmiers \u00e0 domicile pour les personnes \u00e2g\u00e9es et les personnes en \nsituation de handicap ; \n  \nVU le d\u00e9cret du 10 Avril 2024 portant nomination de Monsieur ROBIN Denis en qualit\u00e9 de \nDirecteur G\u00e9n\u00e9ral de l'agence r\u00e9gionale de sant\u00e9 Ile-de-France ; \n \nVU la d\u00e9l\u00e9gation de signature du Directeur G\u00e9n\u00e9ral de l'ARS vers le D\u00e9l\u00e9gu\u00e9 D\u00e9partemental de \nParis en date du 31/10/2025 ;  \n  \nVU le Contrat Pluriannuel d'Objectifs et de Moyens conclu le 12/01/2023 prenant effet au \n01/01/2023 ; \n \nConsid\u00e9rant  la d\u00e9cision tarifaire initiale n\u00b0 11 480 en date 30 juin 2025 portant fixation du forfait \nglobal soins pour 2025 du CASVP- 750720583 \n \nDECIDE \nAgence R\u00e9gionale de Sant\u00e9 - IDF-2025-12-04-00022 - D\u00e9cision tarifaire n\u00b0 25884 portant modification pour 2025 du montant et de la\nr\u00e9partition de la dotation globalis\u00e9e commune pr\u00e9vue au contrat pluriannuel d'objectifs et de moyens de CASVP - 750720583 47\nArticle 1er A compter du 01/01/2025, au titre de 2025, la dotation globalis\u00e9e commune des \n\u00e9tablissements et services m\u00e9dico-sociaux financ\u00e9s par l'Assurance Maladie, g\u00e9r\u00e9s par \nl'entit\u00e9 d\u00e9nomm\u00e9e CASVP (750720583), a \u00e9t\u00e9 fix\u00e9e \u00e0 65 444 780,95 \u20ac. \n \n Elle se r\u00e9partit de la mani\u00e8re suivante : \n \n \n- personnes \u00e2g\u00e9es : 65 444 780,95 \u20ac \n \n \n Dotations (en \u20ac) \nFINESS H\u00e9bergement \npermanent UHR PASA H\u00e9bergement \ntemporaire Accueil de jour Plateforme de \nr\u00e9pit SSIAD  \n020004107 \nEHPAD CAS-PARIS \nVILLERS-COTTER\u00caTS \n2 937 932,45 0,00 0,00 0,00 0,00 0,00 0,00 \n750012510 \nEHPAD RESIDENCE \nSANTE ANSELME \nPAYEN \n3 697 530,55 0,00 0,00 0,00 0,00 0,00 0,00 \n750021123 \nEHPAD RESIDENCE \nSANTE JULIE \nSIEGFRIED \n0.00 0,00 0,00 0,00 0,00 0,00 0,00 \n750021479 \nEHPAD RESIDENCE \nHEROLD \n3 365 547,18 0,00 0,00 0,00 0,00 0,00 0,00 \n750025579 \nCAJ LES BALKANS 213 449,87 0,00 0,00 0,00 0,00 0,00 0,00 \n750040388 \nSSIAD CASVP 0,00 0,00 0,00 0,00 0,00 0,00 9 777 500,35 \n750047672 \nEHPAD ANNIE \nGIRARDOT \n3 040 186,84 0,00 129 167,24 0,00 0,00 0,00 0,00 \n750048365 \nEHPAD CASVP \nHUGUETTE \nV ALSECCHI \n2 854 993,10 0,00 64 784,26 0,00 0,00 0,00 0,00 \n750048373 \nEHPAD CASVP ALICE \nPRIN \n3 518 797,23 0,00 0,00 0,00 0,00 0,00 0,00 \n750721573 \nEHPAD SARA WEILL-\nRAYNAL \n2 383 990,93 0,00 0,00 0,00 0,00 0,00 0,00 \n750801607 \nEHPAD ALQUIER \nDEBROUSSE \n8 697 071,78 250 140,39 0,00 0,00 0,00 0,00 0,00 \n750831208 \nEHPAD RESIDENCE \nSANTE FURTADO \nHEINE \n3 740 025,98 0,00 0,00 0,00 0,00 0,00 0,00 \n750832578 \nEHPAD RESIDENCE \nSANTE OASIS \n3 774 371,90 0,00 0,00 0,00 0,00 0,00 0,00 \n920718350 \nEHPAD RESIDENCE \nSANTE GALIGNANI \n3 102 533,24 0,00 0,00 0,00 0,00 0,00 0,00 \n930700315 \nEHPAD RESIDENCE \nARTHUR GROUSSIER \n3 913 276,10 0,00 6 666,67 0,00 0,00 0,00 0,00 \n940712110 \nEHPAD HARMONIE 2 837 734,17 0,00 67 421,35 0,00 0,00 0,00 0,00 \n940803356 \nEHPAD RESIDENCE \nSANTE COUSIN \nMERICOURT \n7 071 659,37 0,00 0,00 0,00 0,00 0,00 0,00 \n \nPour 2025, la fraction forfaitaire mensuelle, pour le secteur personnes \u00e2g\u00e9es, s'\u00e9tablit \u00e0 5 453 731,74\u20ac. \n \nAgence R\u00e9gionale de Sant\u00e9 - IDF-2025-12-04-00022 - D\u00e9cision tarifaire n\u00b0 25884 portant modification pour 2025 du montant et de la\nr\u00e9partition de la dotation globalis\u00e9e commune pr\u00e9vue au contrat pluriannuel d'objectifs et de moyens de CASVP - 750720583 48\nArticle 2 A compter du 1 er janvier 2026, en application de l'article L.314 -7 du CASF, la \ndotation globalis\u00e9e commune s'\u00e9l\u00e8ve, \u00e0 titre transitoire, \u00e0 61 611 761,09 \u20ac. Elle se \nr\u00e9partit de la mani\u00e8re suivante : \n \n \n-- personnes \u00e2g\u00e9es : 61 611 761,09 \u20ac \n \n Dotations (en \u20ac) \nFINESS H\u00e9bergement \npermanent UHR PASA H\u00e9bergement \ntemporaire Accueil de jour Plateforme de \nr\u00e9pit SSIAD \n020004107 \nEHPAD CAS-PARIS \nVILLERS-COTTER\u00caTS \n2 871 013,72 0,00 0,00 0,00 0,00 0,00 0,00 \n750012510 \nEHPAD RESIDENCE \nSANTE ANSELME PAYEN \n3 457 111,22 0,00 0,00 0,00 0,00 0,00 0,00 \n750021123 \nEHPAD RESIDENCE \nSANTE JULIE SIEGFRIED \n0,00 0,00 0,00 0,00 0,00 0,00 0,00 \n750021479 \nEHPAD RESIDENCE \nHEROLD \n3 086 788,12 0,00 0,00 0,00 0,00 0,00 0,00 \n750025579 \nCAJ LES BALKANS 213 449,87 0,00 0,00 0,00 0,00 0,00 0,00 \n750040388 \nSSIAD CASVP 0,00 0,00 0,00 0,00 0,00 0,00 9 844 740,41 \n750047672 \nEHPAD ANNIE GIRARDOT 2 670 300,09 0,00 170 833,91 0,00 0,00 0,00 0,00 \n750048365 \nEHPAD CASVP HUGUETTE \nV ALSECCHI \n2 743 919,97 0,00 64 784,26 0,00 0,00 0,00 0,00 \n750048373 \nEHPAD CASVP ALICE PRIN 2 901 094,23 0,00 0,00 0,00 0,00 0,00 0,00 \n750721573 \nEHPAD SARA WEILL-\nRAYNAL \n2 261 079,92 0,00 0,00 0,00 0,00 0,00 0,00 \n750801607 \nEHPAD ALQUIER \nDEBROUSSE \n8 022 530,53 250 140,39 0,00 0,00 0,00 0,00 0,00 \n750831208 \nEHPAD RESIDENCE \nSANTE FURTADO HEINE \n3 371 497,89 0,00 0,00 0,00 0,00 0,00 0,00 \n750832578 \nEHPAD RESIDENCE \nSANTE OASIS \n3 484 412,90 0,00 0,00 0,00 0,00 0,00 0,00 \n920718350 \nEHPAD RESIDENCE \nSANTE GALIGNANI \n3 032 999,24 0,00 0,00 0,00 0,00 0,00 0,00 \n930700315 \nEHPAD RESIDENCE \nARTHUR GROUSSIER \n3 855 329,49 0,00 80 000,00 0,00 0,00 0,00 0,00 \n940712110 \nEHPAD HARMONIE 2 797 915,21 0,00 67 421,35 0,00 0,00 0,00 0,00 \n940803356 \nEHPAD RESIDENCE \nSANTE COUSIN \nMERICOURT \n6 364 398,37 0,00 0,00 0,00 0,00 0,00 0,00 \n \nPour 2026, la fraction forfaitaire mensuelle, pour le secteur personnes \u00e2g\u00e9es, s'\u00e9tablit \u00e0 5 134 313,42 \n\u20ac. \n \nAgence R\u00e9gionale de Sant\u00e9 - IDF-2025-12-04-00022 - D\u00e9cision tarifaire n\u00b0 25884 portant modification pour 2025 du montant et de la\nr\u00e9partition de la dotation globalis\u00e9e commune pr\u00e9vue au contrat pluriannuel d'objectifs et de moyens de CASVP - 750720583 49\nPY Le Directeur G\u00e9n\u00e9ral de l'Agence R\u00e9gionale de Sant\u00e9 lle-de-FranceEt par d\u00e9l\u00e9gationLa responsableadjointe du d\u00e9partement autonomiede la D\u00e9l\u00e9gationD\u00e9partementale de Pansif =AgenseD\u00e9legiRegporton. adidinte du d\u00e9partementL\u00e9a CRippal-ts CRIPPA\n \nArticle 3 Les recours contentieux dirig\u00e9s contre la pr\u00e9sente d\u00e9cision doivent \u00eatre port\u00e9s devant le \ntribunal administratif territorialement comp\u00e9tent tel que pr\u00e9vu par l'article R. 312-10-1 \ndu Code de justice administrative dans un d\u00e9lai de deux mois \u00e0 compter de sa \npublication ou, pour les personnes auxquelles elle sera notifi\u00e9e, \u00e0 compter de sa \nnotification. Le  tribunal administratif peut \u00eatre saisi par l'application \u00ab T\u00e9l\u00e9recours \ncitoyens \u00bb accessible par le site www.telerecours.fr. \n  \nArticle 4 La pr\u00e9sente d\u00e9cision sera publi\u00e9e au recueil des actes administratifs. \n  \nArticle 5         Le Directeur G\u00e9n\u00e9ral de l'ARS Ile-de-France est charg\u00e9 de l'ex\u00e9cution de la pr\u00e9sente \nd\u00e9cision qui sera notifi\u00e9e \u00e0 l'entit\u00e9 gestionnaire (CASVP 750720583) et aux structures \nconcern\u00e9es. \n \n \nFait \u00e0 Saint-Denis, le 04 d\u00e9cembre 2025 \n \n \n \n \n \n                                                                                                                               #signature# \n \n \nAgence R\u00e9gionale de Sant\u00e9 - IDF-2025-12-04-00022 - D\u00e9cision tarifaire n\u00b0 25884 portant modification pour 2025 du montant et de la\nr\u00e9partition de la dotation globalis\u00e9e commune pr\u00e9vue au contrat pluriannuel d'objectifs et de moyens de CASVP - 750720583 50\nAgence R\u00e9gionale de Sant\u00e9\nIDF-2025-12-03-00075\nD\u00e9cision tarifaire n\u00b0 28395 portant modification\ndu forfait global de soins pour 2025 de SSIAD\nASEI DOM - 750804338\nAgence R\u00e9gionale de Sant\u00e9 - IDF-2025-12-03-00075 - D\u00e9cision tarifaire n\u00b0 28395 portant modification du forfait global de soins pour\n2025 de SSIAD ASEI DOM - 750804338 51\nEXREPUBLIQUEFRANCAISELiet\u00e9 QE R\u00e9gionalede Sant\u00e9Fealits \u00cele-de-FranceFraternit\u00e9\n1 \n \n \nDECISION TARIFAIRE N\u00b028395 PORTANT MODIFICATION DE LA DOTATION GLOBALE \nDE SOINS POUR 2025 DE \nSSIAD ASEI DOM - 750804338 \n \nLe Directeur G\u00e9n\u00e9ral de l'ARS Ile-de-France \n \nVU le Code de l'Action Sociale et des Familles ; \n  \nVU le Code de la S\u00e9curit\u00e9 Sociale ; \n  \nVU la loi n\u00b0 2025-199 du 28 f\u00e9vrier 2025 de financement de la S\u00e9curit\u00e9 Sociale pour 2025 publi\u00e9e \nau Journal Officiel du 28/02/2025 ; \n  \nVU l'arr\u00eat\u00e9 minist\u00e9riel du 02/06/2025 publi\u00e9 au Journal Officiel du 06/06/2025 pris en application \nde l'article L314 -3 du Code de l'Action Sociale et des Familles fixant, pour l'ann\u00e9e 2025 \nl'objectif global de d\u00e9penses d'assurance maladie et le montant total de d\u00e9penses pour les \n\u00e9tablissements et services relevant de la Caisse nationale de solidarit\u00e9 pour l'autonomie ; \n  \nVU la d\u00e9cision du 19/11/2025 publi\u00e9e au Journal Officiel du 26/11/2025  relative aux dotations \nr\u00e9gionales limitatives 2025 et \u00e0 la moyenne nationale des besoins en soins requis 2025 ; \n  \nVU le d\u00e9cret n\u00b0 2023-323 relatif \u00e0 la tarification des soins infirmiers \u00e0 domicile pour les personnes \n\u00e2g\u00e9es et personnes handicap\u00e9es publi\u00e9 au Journal Officiel du 28 avril 2023 ; \n  \nVU l'arr\u00eat\u00e9 du 28 mai 2025 fixant pour 2025 les montants forfaitaires mentionn\u00e9s aux II et III de \nl'article R. 314-138 du code de l'action sociale et des familles et le taux de revalorisation des \nproduits de la tarification reconductibles aff\u00e9rents aux soins applicables aux services \nproposant des prestations de soins infirmiers \u00e0 domicile pour les personnes \u00e2g\u00e9es et les \npersonnes en situation de handicap ; \n  \nVU l'arr\u00eat\u00e9 du 28 mai 2025 fixant pour 2025 le taux de revalorisation des produits de la \ntarification reconductibles aff\u00e9rents aux soins applicables aux services proposant des \nprestations de soins infirmiers \u00e0 domicile pour les personnes \u00e2g\u00e9es et les personnes en \nsituation de handicap ; \n  \nVU le d\u00e9cret du 10 Avril 2024 portant nomination de Monsieur, ROBIN, Denis en qualit\u00e9 de \nDirecteur G\u00e9n\u00e9ral de l'agence r\u00e9gionale de sant\u00e9 Ile-de-France ; \n \nVU la d\u00e9l\u00e9gation de signature du Directeur G\u00e9n\u00e9ral de l'ARS vers le Directeur D\u00e9partemental de \nPARIS en date du 31/10/2025 ; \n \nVU l'autorisation ou le renouvellement d'autorisation en date du 19/10/2005 de la structure \nService de Soins Infirmiers A Domicile (S.S.I.A.D) d\u00e9nomm\u00e9e SSIAD ASEI DOM \n(750804338) sise 44, R LIANCOURT 75014 Paris 14e Arrondissement et g\u00e9r\u00e9e par l'entit\u00e9 \nd\u00e9nomm\u00e9e ASEI (310781562); \n \nConsid\u00e9rant \n \n \nConsid\u00e9rant \nla d\u00e9cision tarifaire initiale n\u00b0 2546 en date du 26 juin 2025 portant fixation de la \ndotation globale de soins pour 2025 de la structure d\u00e9nomm\u00e9e SSIAD ASEI DOM \n- 750804338 \nla d\u00e9cision tarifaire modificative n\u00b022833 en date du 02 d\u00e9cembre 2025 portant \nmodification de la dotation globale de soins pour 2025 de la structure d\u00e9nomm\u00e9e \nSSIAD ASEI DOM - 750804338 \n  \nAgence R\u00e9gionale de Sant\u00e9 - IDF-2025-12-03-00075 - D\u00e9cision tarifaire n\u00b0 28395 portant modification du forfait global de soins pour\n2025 de SSIAD ASEI DOM - 750804338 52\n2 \n \n \nDECIDE \n \nArticle 1er A compter du 01/01/2025, la dotation globale de soins est fix\u00e9e \u00e0 2  160 808,53 \u20ac au \ntitre de 2025 ; Elle se r\u00e9partit comme suit :  \n \n - pour l'accueil de personnes \u00e2g\u00e9es  : 1 730 758,77 \u20ac (fraction forfaitaire s'\u00e9levant \u00e0 \n144 229,89 \u20ac).  \n - pour l'accueil de personnes handicap\u00e9es : 430 049,76 \u20ac (fraction forfaitaire s'\u00e9levant \n\u00e0 35 837,48 \u20ac).  \n \nArticle 2 A compter du 1er janvier 2026, en application de l'article L.314-7 du CASF, la dotation \nglobale de soins est fix\u00e9e, \u00e0 titre transitoire, \u00e0 2 001 183,94 \u20ac.: \n \n - pour l'accueil de personnes \u00e2g\u00e9es : 1 571 134,18 \u20ac (douzi\u00e8me applicable s'\u00e9levant \u00e0 \n130 927,85 \u20ac).  \n \n- pour l'accueil de personnes handicap\u00e9es  : 430  049,76 \u20ac (douzi\u00e8me applicable \ns'\u00e9levant \u00e0 35 837,48 \u20ac).  \n \nArticle 3 Les recours contentieux dirig\u00e9s contre la pr\u00e9sente d\u00e9cision doivent \u00eatre port\u00e9s devant \nle tribunal administratif territorialement comp\u00e9tent tel que pr\u00e9vu par l'article R. 312 -\n10-1 du Code de justice administrative dans un d\u00e9lai de deux mois \u00e0 compter de sa \npublication ou, pour les personnes auxquelles elle sera notifi\u00e9e, \u00e0 compter de sa \nnotification. Le tribunal administratif peut \u00eatre saisi par l'application \u00ab T\u00e9l\u00e9recours \ncitoyens \u00bb accessible par le site www.telerecours.fr. \n  \nArticle 4 La pr\u00e9sente d\u00e9cision sera publi\u00e9e au recueil des actes administratifs. \n  \nArticle 5        Le  Directeur G\u00e9n\u00e9ral de l'ARS Ile-de-France est charg\u00e9 de l'ex\u00e9cution de la pr\u00e9sente \nd\u00e9cision qui sera notifi\u00e9e \u00e0 l'entit\u00e9 gestionnaire ASEI (310781562) et \u00e0 l'\u00e9tablissement \nconcern\u00e9. \n \n \n \nFait \u00e0 Saint-Denis, le 18 d\u00e9cembre 2025  \n \nPour le directeur g\u00e9n\u00e9ral de l'Agence R\u00e9gionale de Sant\u00e9 Ile de France \net par d\u00e9l\u00e9gation, \n \nLa Responsable du d\u00e9partement autonomie \n \nLaure LE COAT \n \n \n \n \nAgence R\u00e9gionale de Sant\u00e9 - IDF-2025-12-03-00075 - D\u00e9cision tarifaire n\u00b0 28395 portant modification du forfait global de soins pour\n2025 de SSIAD ASEI DOM - 750804338 53\nAgence R\u00e9gionale de Sant\u00e9\nIDF-2025-12-03-00072\nD\u00e9cision tarifaire n\u00b022657 portant modification\ndu forfait global de soins pour 2025 de l'EHPAD\nMAISON DE RETRAITE ET DE GERIATRIE\n-750800534\nAgence R\u00e9gionale de Sant\u00e9 - IDF-2025-12-03-00072 - D\u00e9cision tarifaire n\u00b022657 portant modification du forfait global de soins pour\n2025 de l'EHPAD MAISON DE RETRAITE ET DE GERIATRIE -750800534 54\nEDREPUBLIQUEFRANCAISELibert\u00e9 \u00a9 DAgence R\u00e9gional de Sant\u00e9\u00c9galit\u00e9 \u00cele-de-FranceFraternit\u00e9\n   \n \nDECISION TARIFAIRE N \u00b022657 PORTANT MODIFICATION\nDU FORFAIT GLOBAL DE SOINS POUR 2025 DE\nEHPAD MAISON DE RETRAITE ET GERIATRIE - 750800534\n \nLe Directeur G\u00e9n\u00e9ral de l'ARS Ile-de-France\n \nVU le Code de l'Action Sociale et des Familles\n  \nVU le Code de la S\u00e9curit\u00e9 Sociale ;\n  \nVU la loi n\u00b02025-199 du 28 f\u00e9vrier 2025 de financement de la S\u00e9curit\u00e9 Sociale pour 2025 publi\u00e9e\nau Journal Officiel du 28/02/2025 ;\n  \nVU l'arr\u00eat\u00e9 minist\u00e9riel du 02/06/2025 publi\u00e9 au Journal Officiel du 06/06/2025 pris en\napplication de l'article L314-3 du Code de l'Action Sociale et des Familles fixant, pour\nl'ann\u00e9e 2025 l'objectif global de d\u00e9penses d'assurance maladie et le montant total de\nd\u00e9penses pour les \u00e9tablissements et services relevant de la Caisse nationale de solidarit\u00e9\npour l'autonomie ;\n \nVU la d\u00e9cision du 19/11/2025 publi\u00e9e au Journal Officiel du 26/11/2025 relative aux dotations\nr\u00e9gionales limitatives 2025 et \u00e0 la moyenne nationale des besoins en soins requis 2025 ;\n  \nVU l'arr\u00eat\u00e9 du 28/05/2025 fixant pour 2025 les valeurs du point mentionn\u00e9es \u00e0 l'article\nR.314-162 du code de l'action sociale et des familles publi\u00e9 au Journal Officiel du\n31/05/2025 ;\n  \nVU le d\u00e9cret du 10 Avril 2024 portant nomination de Monsieur, ROBIN, Denis en qualit\u00e9 de\nDirecteur G\u00e9n\u00e9ral de l'agence r\u00e9gionale de sant\u00e9 Ile-de-France ;\n  \nVU la d\u00e9l\u00e9gation de signature du Directeur G\u00e9n\u00e9ral de l'ARS vers le Directeur D\u00e9partemental\nde PARIS en date du 31/10/2025 ;\n \nVU l'autorisation ou le renouvellement d'autorisation en date du 29/12/2003 de la structure\nEtablissement d'h\u00e9bergement pour personnes \u00e2g\u00e9es d\u00e9pendantes d\u00e9nomm \u00e9e EHPAD\nMAISON DE RETRAITE ET GERIATRIE (750800534) sise 80 R DE PICPUS 75012\nParis 12e Arrondissement et g\u00e9r\u00e9e par l'entit\u00e9 d\u00e9nomm \u00e9e FONDATION DE ROTHSCHILD\n(750710428) ;\n  \nConsid\u00e9rant    la d\u00e9cision tarifaire initiale n\u00b0 660 en date du 17 Juin 2025 portant fixation du forfait global\nsoins pour 2025 de la structure d\u00e9nomm \u00e9e EHPAD MAISON DE RETRAITE ET\nGERIATRIE \u2013 750800534      \n \nAgence R\u00e9gionale de Sant\u00e9 - IDF-2025-12-03-00072 - D\u00e9cision tarifaire n\u00b022657 portant modification du forfait global de soins pour\n2025 de l'EHPAD MAISON DE RETRAITE ET DE GERIATRIE -750800534 55\nDECIDE\n \n \n \n \n         \nArticle 1er A compter du 01/01/2025, le forfait global de soins est fix\u00e9 \u00e0 15 073 770,45 \u20ac au titre\nde 2025.\n \n \nLa fraction forfaitaire mensuelle s'\u00e9tablit \u00e0 1 256 147,53 \u20ac.\n \n \nPour 2025, les tarifs sont d\u00e9compos\u00e9s comme suit :\n \n Forfait global\nde soins\nH\u00e9bergement\nPermanent\n15 001 315,26\nUHR\n0,00\nPASA\n72 455,19\nH\u00e9bergement\nTemporaire\n0,00\nAccueil de jour\n0,00\nPlateforme de r\u00e9pit\n0,00\n \n \nArticle 2 A compter du 1er janvier 2026 , en application de l'article L.314-7 du CASF, le forfait\nglobal de soins est fix\u00e9, \u00e0 titre transitoire, \u00e0 13 081 090,25 \u20ac.\n  \n Les tarifs de reconduction sont fix\u00e9s \u00e0 :\n \n Forfait global\nde soins\nH\u00e9bergement\nPermanent\n13 008 635,06\nUHR\n0,00\nPASA\n72 455,19\nH\u00e9bergement\nTemporaire\n0,00\nAgence R\u00e9gionale de Sant\u00e9 - IDF-2025-12-03-00072 - D\u00e9cision tarifaire n\u00b022657 portant modification du forfait global de soins pour\n2025 de l'EHPAD MAISON DE RETRAITE ET DE GERIATRIE -750800534 56\nAccueil de jour\n0,00\nPlateforme de r\u00e9pit\n0,00\n \n La fraction forfaitaire mensuelle s'\u00e9tablit \u00e0 1 090 090,85 \u20ac.\n \n  \nArticle 3 Les recours contentieux dirig\u00e9s contre la pr\u00e9sente d\u00e9cision doivent \u00eatre port\u00e9s devant le\nTribunal Administratif sis 1 Place du Palais Royal 75100 PARIS dans un d\u00e9lai de deux\nmois \u00e0 compter de sa publication ou, pour les personnes auxquelles elle sera notifi\u00e9e,\n\u00e0 compter de sa notification. Le tribunal administratif peut \u00eatre saisi par l'application\n\u00ab T\u00e9l\u00e9recours citoyens \u00bb accessible par le site www.telerecours.fr.\n  \nArticle 4 La pr\u00e9sente d\u00e9cision sera publi\u00e9e au recueil des actes administratifs.\n  \nArticle 5 Le Directeur G\u00e9n\u00e9ral de l'ARS Ile-de-France est charg\u00e9 de l'ex\u00e9cution de la pr\u00e9sente d\u00e9cision\nqui sera notifi\u00e9e \u00e0 l'entit\u00e9 gestionnaire FONDATION DE ROTHSCHILD (750710428)\net \u00e0 l'\u00e9tablissement concern\u00e9.\n \nFait \u00e0 Saint-Denis , le 03 d\u00e9cembre 2025\n \n \n \n \n                           #signature#\n \n \nAgence R\u00e9gionale de Sant\u00e9 - IDF-2025-12-03-00072 - D\u00e9cision tarifaire n\u00b022657 portant modification du forfait global de soins pour\n2025 de l'EHPAD MAISON DE RETRAITE ET DE GERIATRIE -750800534 57\nAgence R\u00e9gionale de Sant\u00e9\nIDF-2025-12-03-00071\nD\u00e9cision tarifaire n\u00b022664 portant modification\ndu forfait global de soins pour 2025 de l'EHPAD\nCOS JACQUES BARROT - 750057606\nAgence R\u00e9gionale de Sant\u00e9 - IDF-2025-12-03-00071 - D\u00e9cision tarifaire n\u00b022664 portant modification du forfait global de soins pour\n2025 de l'EHPAD COS JACQUES BARROT - 750057606 58\nEXREPUBLIQUEFRANCAISELibert\u00e9 0 D Agence R\u00e9gionale de Sant\u00e9\u00c9galit\u00e9 \u00cele-de-FranceFraternit\u00e9\n  \n \nDECISION TARIFAIRE N\u00b022664 PORTANT MODIFICATION DU FORFAIT GLOBAL DE SOINS \nPOUR 2025 DE \nEHPAD COS JACQUES BARROT - 750057606 \n  \nLe Directeur G\u00e9n\u00e9ral de l'ARS Ile-de-France \n \nVU le Code de l'Action Sociale et des Familles \n  \nVU le Code de la S\u00e9curit\u00e9 Sociale ; \n  \nVU la loi n\u00b02025 -199 du 28 f\u00e9vrier 2025 de financement de la S\u00e9curit\u00e9 Sociale pour 2025 \npubli\u00e9e au Journal Officiel du 28/02/2025 ; \n  \nVU l'arr\u00eat\u00e9 minist\u00e9riel du 02/06/2025 publi\u00e9 au Journal Officiel du 06/06/2025 pris en \napplication de l'article L314 -3 du Code de l'Action Sociale et des Familles fixant, pour \nl'ann\u00e9e 2025 l'objectif global de d\u00e9penses d'assurance maladie et le montant total de \nd\u00e9penses pour les \u00e9tablissements et services relevant de la Caisse nationale de solidarit\u00e9 \npour l'autonomie ; \n  \nVU la d\u00e9cision du 19/11/2025 publi\u00e9e au Journal Officiel du 26/11/2025 relative aux dotations \nr\u00e9gionales limitatives 2025 et \u00e0 la moyenne nationale des besoins en soins requis 2025 ; \n  \nVU l'arr\u00eat\u00e9 du 28/05/2025 fixant pour 2025 les valeurs du point mentionn\u00e9es \u00e0 l'article R.314-\n162 du code de l'action sociale et des familles publi\u00e9 au Journal Officiel du 31/05/2025 ; \n  \nVU le d\u00e9cret du 10 Avril 2024 portant nomination de Monsieur, ROBIN, Denis en qualit\u00e9 de \nDirecteur G\u00e9n\u00e9ral de l'agence r\u00e9gionale de sant\u00e9 Ile-de-France ; \n  \nVU la d\u00e9l\u00e9gation de signature du Directeur G\u00e9n\u00e9ral de l'ARS vers le Directeur D\u00e9partemental \nde PARIS en date du 31/10/2025 ; \n \nVU l'autorisation ou le renouvellement d'autorisation en date du 11/04/2012 de la structure \nEtablissement d'h\u00e9bergement pour personnes \u00e2g\u00e9es d\u00e9pendantes d\u00e9nomm\u00e9e EHPAD COS \nJACQUES BARROT (750057606) sise 16 R GILBERT GESBRON 75017 Paris 17e \nArrondissement et g\u00e9r\u00e9e par l'entit\u00e9 d\u00e9nomm\u00e9e FONDATION COS ALEXANDRE \nGLASBERG (750721235) ; \n  \nConsid\u00e9rant  la d\u00e9cision tarifaire initiale n\u00b0 667 en date du 19 Juin 2025 portant fixation du forfait \nglobal soins pour 2025 de la structure d\u00e9nomm\u00e9e EHPAD COS JACQUES BARROT \n- 750057606 \n     \n \nDECIDE \n \n   \n \n       \nAgence R\u00e9gionale de Sant\u00e9 - IDF-2025-12-03-00071 - D\u00e9cision tarifaire n\u00b022664 portant modification du forfait global de soins pour\n2025 de l'EHPAD COS JACQUES BARROT - 750057606 59\nArticle 1er A compter du 01/01/2025, le forfait global de soins est fix\u00e9 \u00e0 2  476 407,22 \u20ac au titre \nde 2025. \n \nLa fraction forfaitaire mensuelle s'\u00e9tablit \u00e0 206 367,27 \u20ac. \n \n \nPour 2025, les tarifs sont d\u00e9compos\u00e9s comme suit : \n \n Forfait global de soins \nH\u00e9bergement \nPermanent \n2 382 708,91 \nUHR \n0,00 \nPASA \n70 362,97 \nH\u00e9bergement \nTemporaire \n23 335,34 \nAccueil de jour \n0,00 \nPlateforme de r\u00e9pit \n0,00 \n \n \nArticle 2 A compter du 1er janvier 2026 , en application de l'article L.314-7 du CASF, le forfait \nglobal de soins est fix\u00e9, \u00e0 titre transitoire, \u00e0 2 471 673,43 \u20ac. \n  \n Les tarifs de reconduction sont fix\u00e9s \u00e0 : \n \n Forfait global de soins \nH\u00e9bergement \nPermanent \n2 377 975,12 \nUHR \n0,00 \nPASA \n70 362,97 \nH\u00e9bergement \nTemporaire \n23 335,34 \nAccueil de jour \n0,00 \nPlateforme de r\u00e9pit \n0,00 \n \n La fraction forfaitaire mensuelle s'\u00e9tablit \u00e0 205 972,79 \u20ac. \n \nAgence R\u00e9gionale de Sant\u00e9 - IDF-2025-12-03-00071 - D\u00e9cision tarifaire n\u00b022664 portant modification du forfait global de soins pour\n2025 de l'EHPAD COS JACQUES BARROT - 750057606 60\nPY Le Directeur G\u00e9n\u00e9ral de l'Agence R\u00e9gionale de Sant\u00e9 lle-de-FranceEt par d\u00e9l\u00e9gationLa responsableadjointe du d\u00e9partement autonomiede la D\u00e9l\u00e9gationD\u00e9partementale de Pansff ada foAgensemewn am Te-S\u00e9-FranceD\u00e9l\u00e9gatic, ntais de ParisResporton!. adjointe du d\u00e9partementAutonomieL\u00e9a CRippal-ts CRIPPA\n  \nArticle 3 Les recours contentieux dirig\u00e9s contre la pr\u00e9sente d\u00e9cision doivent \u00eatre port\u00e9s devant \nle Tribunal Administratif sis 1 Place du Palais Royal 75100 PARIS dans un d\u00e9lai de \ndeux mois \u00e0 compter de sa publication ou, pour les personnes auxquelles elle sera \nnotifi\u00e9e, \u00e0 compter de sa notification. Le tribunal administratif peut \u00eatre saisi par \nl'application \u00ab T\u00e9l\u00e9recours citoyens \u00bb accessible par le site www.telerecours.fr. \n  \nArticle 4 La pr\u00e9sente d\u00e9cision sera publi\u00e9e au recueil des actes administratifs. \n  \nArticle 5         Le Directeur G\u00e9n\u00e9ral de l'ARS Ile -de-France est charg\u00e9 de l'ex\u00e9cution de la pr\u00e9sente \nd\u00e9cision qui sera notifi\u00e9e \u00e0 l'entit\u00e9 gestionnaire FONDATION COS ALEXANDRE \nGLASBERG (750721235) et \u00e0 l'\u00e9tablissement concern\u00e9. \n \n \nFait \u00e0 Saint-Denis , le 03 d\u00e9cembre 2025           \n \n \n                \n \n \n \n         #signature# \n \n \nAgence R\u00e9gionale de Sant\u00e9 - IDF-2025-12-03-00071 - D\u00e9cision tarifaire n\u00b022664 portant modification du forfait global de soins pour\n2025 de l'EHPAD COS JACQUES BARROT - 750057606 61\nAgence R\u00e9gionale de Sant\u00e9\nIDF-2025-12-03-00065\nD\u00e9cision tarifaire n\u00b022834 portant modification\nde la dotation globale de soins pour 2025 de\nSSIAD GERBIER - 750802837\nAgence R\u00e9gionale de Sant\u00e9 - IDF-2025-12-03-00065 - D\u00e9cision tarifaire n\u00b022834 portant modification de la dotation globale de soins\npour 2025 de SSIAD GERBIER - 750802837 62\nElREPUBLIQUEFRANCAISEope boiong \u00e9Liber \u00a9 DAgence R\u00e9gonclede Sent\u00c9galit\u00e9 \u00cele-de-FranceFraternit\u00e9\nDECISION TARIFAIRE N \u00b022834 PORTANT MODIFICATION\nDE LA DOTATION GLOBALE DE SOINS POUR 2025 DE\nSSIAD GERBIER - 750802837\n \nLe Directeur G\u00e9n\u00e9ral de l'ARS Ile-de-France\n \nVU le Code de l'Action Sociale et des Familles ;\n  \nVU le Code de la S\u00e9curit\u00e9 Sociale ;\n  \nVU la loi n\u00b0 2025-199 du 28 f\u00e9vrier 2025 de financement de la S\u00e9curit\u00e9 Sociale pour 2025 publi\u00e9e\nau Journal Officiel du 28/02/2025 ;\n  \nVU l'arr\u00eat\u00e9 minist\u00e9riel du 02/06/2025 publi\u00e9 au Journal Officiel du 06/06/2025 pris en application\nde l'article L314-3 du Code de l'Action Sociale et des Familles fixant, pour l'ann\u00e9e 2025\nl'objectif global de d\u00e9penses d'assurance maladie et le montant total de d\u00e9penses pour les\n\u00e9tablissements et services relevant de la Caisse nationale de solidarit\u00e9 pour l'autonomie ;\n  \nVU la d\u00e9cision du 19/11/2025 publi\u00e9e au Journal Officiel du 26/11/2025 relative aux dotations\nr\u00e9gionales limitatives 2025 et \u00e0 la moyenne nationale des besoins en soins requis 2025 ;\n  \nVU le d\u00e9cret n\u00b0 2023-323 relatif \u00e0 la tarification des soins infirmiers \u00e0 domicile pour les personnes\n\u00e2g\u00e9es et personnes handicap\u00e9es publi\u00e9 au Journal Officiel du 28 avril 2023 ;\n  \nVU l'arr\u00eat\u00e9 du 28 mai 2025 fixant pour 2025 les montants forfaitaires mentionn\u00e9s aux II et III\nde l'article R. 314-138 du code de l'action sociale et des familles et le taux de revalorisation\ndes produits de la tarification reconductibles aff\u00e9rents aux soins applicables aux services\nproposant des prestations de soins infirmiers \u00e0 domicile pour les personnes \u00e2g\u00e9es et les\npersonnes en situation de handicap ;\n  \nVU l'arr\u00eat\u00e9 du 28 mai 2025 fixant pour 2025 le taux de revalorisation des produits de la tarification\nreconductibles aff\u00e9rents aux soins applicables aux services proposant des prestations de soins\ninfirmiers \u00e0 domicile pour les personnes \u00e2g\u00e9es et les personnes en situation de handicap ;\n  \nVU le d\u00e9cret du 10 Avril 2024 portant nomination de Monsieur, ROBIN, Denis en qualit\u00e9 de\nDirecteur G\u00e9n\u00e9ral de l'agence r\u00e9gionale de sant\u00e9 Ile-de-France ;\n \nVU la d\u00e9l\u00e9gation de signature du Directeur G\u00e9n\u00e9ral de l'ARS vers le Directeur D\u00e9partemental de\nPARIS en date du 31/10/2025 ;\n \nVU l'autorisation ou le renouvellement d'autorisation en date du 03/01/2017 de la structure\nService de Soins Infirmiers A Domicile (S.S.I.A.D) d\u00e9nomm \u00e9e SSIAD GERBIER\n(750802837) sise 9, R GERBIER 75011 Paris 11e Arrondissement et g\u00e9r\u00e9e par l'entit\u00e9\nd\u00e9nomm \u00e9e ASSOCIATION DE GERONTOLOGIE DU 11 \u00b0 (750820664);\n \n  \nConsid\u00e9rant\n \nla d\u00e9cision tarifaire initiale n\u00b0 2547 en date du 7 juillet 2025 portant fixation de la\ndotation globale de soins pour 2025 de la structure d\u00e9nomm \u00e9e SSIAD GERBIER -\n750802837\n \n \nDECIDE\n \nArticle 1er A compter du 01/01/2025, la dotation globale de soins est fix\u00e9e \u00e0 1 736 126,61 \u20ac au\ntitre de 2025. Elle se r\u00e9partit comme suit :\n \n1\n \nAgence R\u00e9gionale de Sant\u00e9 - IDF-2025-12-03-00065 - D\u00e9cision tarifaire n\u00b022834 portant modification de la dotation globale de soins\npour 2025 de SSIAD GERBIER - 750802837 63\n - pour l'accueil de personnes \u00e2g\u00e9es : 1 683 874,83 \u20ac (fraction forfaitaire s'\u00e9levant \u00e0\n140 322,90 \u20ac).\n - pour l'accueil de personnes handicap\u00e9es : 52 251,78 \u20ac (fraction forfaitaire s'\u00e9levant\n\u00e0 4 354,32 \u20ac).\n \nArticle 2 A compter du 1er janvier 2026, en application de l'article L.314-7 du CASF, la dotation\nglobale de soins est fix\u00e9e, \u00e0 titre transitoire, \u00e0 1 795 435,59 \u20ac :\n \n - pour l'accueil de personnes \u00e2g\u00e9es : 1 743 183,81 \u20ac (douzi\u00e8me applicable s'\u00e9levant \u00e0\n145 265,32 \u20ac).\n \n- pour l'accueil de personnes handicap\u00e9es : 52 251,78 \u20ac (douzi\u00e8me applicable s'\u00e9levant\n\u00e0 4 354,32 \u20ac).\n \nArticle 3 Les recours contentieux dirig\u00e9s contre la pr\u00e9sente d\u00e9cision doivent \u00eatre port\u00e9s devant le\ntribunal administratif territorialement comp\u00e9tent tel que pr\u00e9vu par l'article R. 312-10-1\ndu Code de justice administrative dans un d\u00e9lai de deux mois \u00e0 compter de sa\npublication ou, pour les personnes auxquelles elle sera notifi\u00e9e, \u00e0 compter de sa\nnotification. Le tribunal administratif peut \u00eatre saisi par l'application \u00ab T\u00e9l\u00e9recours\ncitoyens \u00bb accessible par le site www.telerecours.fr.\n  \nArticle 4 La pr\u00e9sente d\u00e9cision sera publi\u00e9e au recueil des actes administratifs.\n  \nArticle 5 Le Directeur G\u00e9n\u00e9ral de l'ARS Ile-de-France est charg\u00e9 de l'ex\u00e9cution de la pr\u00e9sente d\u00e9cision\nqui sera notifi\u00e9e \u00e0 l'entit\u00e9 gestionnaire ASSOCIATION DE GERONTOLOGIE DU 11 \u00b0\n(750820664) et \u00e0 l'\u00e9tablissement concern\u00e9.\n \n \nFait \u00e0 Saint-Denis,\n \nLe 3 d\u00e9cembre 2025\n \n \n \n \n#signature#\n \n \n \n \n2\n \nAgence R\u00e9gionale de Sant\u00e9 - IDF-2025-12-03-00065 - D\u00e9cision tarifaire n\u00b022834 portant modification de la dotation globale de soins\npour 2025 de SSIAD GERBIER - 750802837 64\nAgence R\u00e9gionale de Sant\u00e9\nIDF-2025-12-03-00066\nD\u00e9cision tarifaire n\u00b022837 portant modification\nde la dotation globale de soins pour 2025 de\nSSIAD ISATIS - 750801375\nAgence R\u00e9gionale de Sant\u00e9 - IDF-2025-12-03-00066 - D\u00e9cision tarifaire n\u00b022837 portant modification de la dotation globale de soins\npour 2025 de SSIAD ISATIS - 750801375 65\nElREPUBLIQUEFRANCAISEope boiong \u00e9Liber \u00a9 DAgence R\u00e9gonclede Sent\u00c9galit\u00e9 \u00cele-de-FranceFraternit\u00e9\nDECISION TARIFAIRE N \u00b022837 PORTANT MODIFICATION\nDE LA DOTATION GLOBALE DE SOINS POUR 2025 DE\nSSIAD ISATIS - 750801375\n \nLe Directeur G\u00e9n\u00e9ral de l'ARS Ile-de-France\n \nVU le Code de l'Action Sociale et des Familles ;\n  \nVU le Code de la S\u00e9curit\u00e9 Sociale ;\n  \nVU la loi n\u00b0 2025-199 du 28 f\u00e9vrier 2025 de financement de la S\u00e9curit\u00e9 Sociale pour 2025 publi\u00e9e\nau Journal Officiel du 28/02/2025 ;\n  \nVU l'arr\u00eat\u00e9 minist\u00e9riel du 02/06/2025 publi\u00e9 au Journal Officiel du 06/06/2025 pris en application\nde l'article L314-3 du Code de l'Action Sociale et des Familles fixant, pour l'ann\u00e9e 2025\nl'objectif global de d\u00e9penses d'assurance maladie et le montant total de d\u00e9penses pour les\n\u00e9tablissements et services relevant de la Caisse nationale de solidarit\u00e9 pour l'autonomie ;\n  \nVU la d\u00e9cision du 19/11/2025 publi\u00e9e au Journal Officiel du 26/11/2025 relative aux dotations\nr\u00e9gionales limitatives 2025 et \u00e0 la moyenne nationale des besoins en soins requis 2025 ;\n  \nVU le d\u00e9cret n\u00b0 2023-323 relatif \u00e0 la tarification des soins infirmiers \u00e0 domicile pour les personnes\n\u00e2g\u00e9es et personnes handicap\u00e9es publi\u00e9 au Journal Officiel du 28 avril 2023 ;\n  \nVU l'arr\u00eat\u00e9 du 28 mai 2025 fixant pour 2025 les montants forfaitaires mentionn\u00e9s aux II et III\nde l'article R. 314-138 du code de l'action sociale et des familles et le taux de revalorisation\ndes produits de la tarification reconductibles aff\u00e9rents aux soins applicables aux services\nproposant des prestations de soins infirmiers \u00e0 domicile pour les personnes \u00e2g\u00e9es et les\npersonnes en situation de handicap ;\n  \nVU l'arr\u00eat\u00e9 du 28 mai 2025 fixant pour 2025 le taux de revalorisation des produits de la tarification\nreconductibles aff\u00e9rents aux soins applicables aux services proposant des prestations de soins\ninfirmiers \u00e0 domicile pour les personnes \u00e2g\u00e9es et les personnes en situation de handicap ;\n  \nVU le d\u00e9cret du 10 Avril 2024 portant nomination de Monsieur, ROBIN, Denis en qualit\u00e9 de\nDirecteur G\u00e9n\u00e9ral de l'agence r\u00e9gionale de sant\u00e9 Ile-de-France ;\n \nVU la d\u00e9l\u00e9gation de signature du Directeur G\u00e9n\u00e9ral de l'ARS vers le Directeur D\u00e9partemental de\nPARIS en date du 31/10/2025 ;\n \nVU l'autorisation ou le renouvellement d'autorisation en date du 03/01/2017 de la structure\nService de Soins Infirmiers A Domicile (S.S.I.A.D) d\u00e9nomm \u00e9e SSIAD ISATIS (750801375)\nsise 5, AV D'ITALIE 75013 Paris 13e Arrondissement et g\u00e9r\u00e9e par l'entit\u00e9 d\u00e9nomm \u00e9e\nASSOCIATION ISATIS (940017304);\n \n  \nConsid\u00e9rant\n \nla d\u00e9cision tarifaire initiale n\u00b0 2551 en date du 7 juillet 2025 portant fixation de\nla dotation globale de soins pour 2025 de la structure d\u00e9nomm \u00e9e SSIAD ISATIS -\n750801375\n \n \nDECIDE\n \nArticle 1er A compter du 01/01/2025, la dotation globale de soins est fix\u00e9e \u00e0 2 596 539,31 \u20ac au\ntitre de 2025. Elle se r\u00e9partit comme suit :\n \n1\n \nAgence R\u00e9gionale de Sant\u00e9 - IDF-2025-12-03-00066 - D\u00e9cision tarifaire n\u00b022837 portant modification de la dotation globale de soins\npour 2025 de SSIAD ISATIS - 750801375 66\n - pour l'accueil de personnes \u00e2g\u00e9es : 2 543 219,57 \u20ac (fraction forfaitaire s'\u00e9levant \u00e0\n211 934,96 \u20ac).\n - pour l'accueil de personnes handicap\u00e9es : 53 319,74 \u20ac (fraction forfaitaire s'\u00e9levant\n\u00e0 4 443,31 \u20ac).\n \nArticle 2 A compter du 1er janvier 2026, en application de l'article L.314-7 du CASF, la dotation\nglobale de soins est fix\u00e9e, \u00e0 titre transitoire, \u00e0 2 690 434,89 \u20ac :\n \n - pour l'accueil de personnes \u00e2g\u00e9es : 2 637 115,15 \u20ac (douzi\u00e8me applicable s'\u00e9levant \u00e0\n219 759,60 \u20ac).\n \n- pour l'accueil de personnes handicap\u00e9es : 53 319,74 \u20ac (douzi\u00e8me applicable s'\u00e9levant\n\u00e0 4 443,31 \u20ac).\n \nArticle 3 Les recours contentieux dirig\u00e9s contre la pr\u00e9sente d\u00e9cision doivent \u00eatre port\u00e9s devant le\ntribunal administratif territorialement comp\u00e9tent tel que pr\u00e9vu par l'article R. 312-10-1\ndu Code de justice administrative dans un d\u00e9lai de deux mois \u00e0 compter de sa\npublication ou, pour les personnes auxquelles elle sera notifi\u00e9e, \u00e0 compter de sa\nnotification. Le tribunal administratif peut \u00eatre saisi par l'application \u00ab T\u00e9l\u00e9recours\ncitoyens \u00bb accessible par le site www.telerecours.fr.\n  \nArticle 4 La pr\u00e9sente d\u00e9cision sera publi\u00e9e au recueil des actes administratifs.\n  \nArticle 5 Le Directeur G\u00e9n\u00e9ral de l'ARS Ile-de-France est charg\u00e9 de l'ex\u00e9cution de la pr\u00e9sente\nd\u00e9cision qui sera notifi\u00e9e \u00e0 l'entit\u00e9 gestionnaire ASSOCIATION ISATIS (940017304)\net \u00e0 l'\u00e9tablissement concern\u00e9.\n \n \n \nFait \u00e0 Saint-Denis,\n \nLe 3 d\u00e9cembre 2025\n \n \n \n \n#signature#\n \n \n \n \n2\n \nAgence R\u00e9gionale de Sant\u00e9 - IDF-2025-12-03-00066 - D\u00e9cision tarifaire n\u00b022837 portant modification de la dotation globale de soins\npour 2025 de SSIAD ISATIS - 750801375 67\nAgence R\u00e9gionale de Sant\u00e9\nIDF-2025-12-03-00061\nD\u00e9cision tarifaire n\u00b022841 portant modification\nde la dotation globale de soins pour 2025 de\nSSIAD DE NUIT VYV3 - 750044851\nAgence R\u00e9gionale de Sant\u00e9 - IDF-2025-12-03-00061 - D\u00e9cision tarifaire n\u00b022841 portant modification de la dotation globale de soins\npour 2025 de SSIAD DE NUIT VYV3 - 750044851 68\nElREPUBLIQUEFRANCAISEope boiong \u00e9Liber \u00a9 DAgence R\u00e9gonclede Sent\u00c9galit\u00e9 \u00cele-de-FranceFraternit\u00e9\nDECISION TARIFAIRE N \u00b022841 PORTANT MODIFICATION\nDE LA DOTATION GLOBALE DE SOINS POUR 2025 DE\nSSIAD DE NUIT VYV3 - 750044851\n \nLe Directeur G\u00e9n\u00e9ral de l'ARS Ile-de-France\n \nVU le Code de l'Action Sociale et des Familles ;\n  \nVU le Code de la S\u00e9curit\u00e9 Sociale ;\n  \nVU la loi n\u00b0 2025-199 du 28 f\u00e9vrier 2025 de financement de la S\u00e9curit\u00e9 Sociale pour 2025 publi\u00e9e\nau Journal Officiel du 28/02/2025 ;\n  \nVU l'arr\u00eat\u00e9 minist\u00e9riel du 02/06/2025 publi\u00e9 au Journal Officiel du 06/06/2025 pris en application\nde l'article L314-3 du Code de l'Action Sociale et des Familles fixant, pour l'ann\u00e9e 2025\nl'objectif global de d\u00e9penses d'assurance maladie et le montant total de d\u00e9penses pour les\n\u00e9tablissements et services relevant de la Caisse nationale de solidarit\u00e9 pour l'autonomie ;\n  \nVU la d\u00e9cision du 19/11/2025 publi\u00e9e au Journal Officiel du 26/11/2025 relative aux dotations\nr\u00e9gionales limitatives 2025 et \u00e0 la moyenne nationale des besoins en soins requis 2025 ;\n  \nVU le d\u00e9cret n\u00b0 2023-323 relatif \u00e0 la tarification des soins infirmiers \u00e0 domicile pour les personnes\n\u00e2g\u00e9es et personnes handicap\u00e9es publi\u00e9 au Journal Officiel du 28 avril 2023 ;\n  \nVU l'arr\u00eat\u00e9 du 28 mai 2025 fixant pour 2025 les montants forfaitaires mentionn\u00e9s aux II et III\nde l'article R. 314-138 du code de l'action sociale et des familles et le taux de revalorisation\ndes produits de la tarification reconductibles aff\u00e9rents aux soins applicables aux services\nproposant des prestations de soins infirmiers \u00e0 domicile pour les personnes \u00e2g\u00e9es et les\npersonnes en situation de handicap ;\n  \nVU l'arr\u00eat\u00e9 du 28 mai 2025 fixant pour 2025 le taux de revalorisation des produits de la tarification\nreconductibles aff\u00e9rents aux soins applicables aux services proposant des prestations de soins\ninfirmiers \u00e0 domicile pour les personnes \u00e2g\u00e9es et les personnes en situation de handicap ;\n  \nVU le d\u00e9cret du 10 Avril 2024 portant nomination de Monsieur, ROBIN, Denis en qualit\u00e9 de\nDirecteur G\u00e9n\u00e9ral de l'agence r\u00e9gionale de sant\u00e9 Ile-de-France ;\n \nVU la d\u00e9l\u00e9gation de signature du Directeur G\u00e9n\u00e9ral de l'ARS vers le Directeur D\u00e9partemental de\nPARIS en date du 31/10/2025 ;\n \nVU l'autorisation ou le renouvellement d'autorisation en date du 06/08/2008 de la structure\nService de Soins Infirmiers A Domicile (S.S.I.A.D) d\u00e9nomm \u00e9e SSIAD DE NUIT VYV3\n(750044851) sise 12, R BOYER BARRET 75014 Paris 14e Arrondissement et g\u00e9r\u00e9e par\nl'entit\u00e9 d\u00e9nomm \u00e9e VYV3 ILE DE FRANCE (750058844);\n \n  \nConsid\u00e9rant\n \nla d\u00e9cision tarifaire initiale n\u00b0 2556 en date du 7 juillet 2025 portant fixation de la\ndotation globale de soins pour 2025 de la structure d\u00e9nomm \u00e9e SSIAD DE NUIT\nVYV3 - 750044851\n \n \nDECIDE\n \nArticle 1er A compter du 01/01/2025, la dotation globale de soins est fix\u00e9e \u00e0 2 376 336,64 \u20ac au\ntitre de 2025 Elle se r\u00e9partit comme suit :\n \n1\n \nAgence R\u00e9gionale de Sant\u00e9 - IDF-2025-12-03-00061 - D\u00e9cision tarifaire n\u00b022841 portant modification de la dotation globale de soins\npour 2025 de SSIAD DE NUIT VYV3 - 750044851 69\n - pour l'accueil de personnes \u00e2g\u00e9es : 2 198 193,03 \u20ac (fraction forfaitaire s'\u00e9levant \u00e0\n183 182,75 \u20ac).\n - pour l'accueil de personnes handicap\u00e9es : 178 143,61 \u20ac (fraction forfaitaire s'\u00e9levant\n\u00e0 14 845,30 \u20ac).\n \nArticle 2 A compter du 1er janvier 2026, en application de l'article L.314-7 du CASF, la dotation\nglobale de soins est fix\u00e9e, \u00e0 titre transitoire, \u00e0 2 389 784,65 \u20ac :\n \n - pour l'accueil de personnes \u00e2g\u00e9es : 2 211 641,04 \u20ac (douzi\u00e8me applicable s'\u00e9levant \u00e0\n184 303,42 \u20ac).\n \n- pour l'accueil de personnes handicap\u00e9es : 178 143,61 \u20ac (douzi\u00e8me applicable\ns'\u00e9levant \u00e0 14 845,30 \u20ac).\n \nArticle 3 Les recours contentieux dirig\u00e9s contre la pr\u00e9sente d\u00e9cision doivent \u00eatre port\u00e9s devant le\ntribunal administratif territorialement comp\u00e9tent tel que pr\u00e9vu par l'article R. 312-10-1\ndu Code de justice administrative dans un d\u00e9lai de deux mois \u00e0 compter de sa\npublication ou, pour les personnes auxquelles elle sera notifi\u00e9e, \u00e0 compter de sa\nnotification. Le tribunal administratif peut \u00eatre saisi par l'application \u00ab T\u00e9l\u00e9recours\ncitoyens \u00bb accessible par le site www.telerecours.fr.\n  \nArticle 4 La pr\u00e9sente d\u00e9cision sera publi\u00e9e au recueil des actes administratifs.\n  \nArticle 5 Le Directeur G\u00e9n\u00e9ral de l'ARS Ile-de-France est charg\u00e9 de l'ex\u00e9cution de la pr\u00e9sente d\u00e9cision\nqui sera notifi\u00e9e \u00e0 l'entit\u00e9 gestionnaire VYV3 ILE DE FRANCE (750058844) et \u00e0\nl'\u00e9tablissement concern\u00e9.\n \n \n \nFait \u00e0 Saint-Denis,\n \nLe 3 d\u00e9cembre 2025\n \n \n \n \n#signature#\n \n \n \n \n2\n \nAgence R\u00e9gionale de Sant\u00e9 - IDF-2025-12-03-00061 - D\u00e9cision tarifaire n\u00b022841 portant modification de la dotation globale de soins\npour 2025 de SSIAD DE NUIT VYV3 - 750044851 70\nAgence R\u00e9gionale de Sant\u00e9\nIDF-2025-12-03-00064\nD\u00e9cision tarifaire n\u00b022843 portant modification\nde la dotation globale de soins pour 2025 de\nSSIAD DOMUSVI DOMICILE PARIS 18 -\n750040438\nAgence R\u00e9gionale de Sant\u00e9 - IDF-2025-12-03-00064 - D\u00e9cision tarifaire n\u00b022843 portant modification de la dotation globale de soins\npour 2025 de SSIAD DOMUSVI DOMICILE PARIS 18 - 750040438 71\nElREPUBLIQUEFRANCAISEope boiong \u00e9Liber \u00a9 DAgence R\u00e9gonclede Sent\u00c9galit\u00e9 \u00cele-de-FranceFraternit\u00e9\nDECISION TARIFAIRE N \u00b022843 PORTANT MODIFICATION\nDE LA DOTATION GLOBALE DE SOINS POUR 2025 DE\nSSIAD DOMUSVI DOMICILE PARIS 18 - 750040438\n \nLe Directeur G\u00e9n\u00e9ral de l'ARS Ile-de-France\n \nVU le Code de l'Action Sociale et des Familles ;\n  \nVU le Code de la S\u00e9curit\u00e9 Sociale ;\n  \nVU la loi n\u00b0 2025-199 du 28 f\u00e9vrier 2025 de financement de la S\u00e9curit\u00e9 Sociale pour 2025 publi\u00e9e\nau Journal Officiel du 28/02/2025 ;\n  \nVU l'arr\u00eat\u00e9 minist\u00e9riel du 02/06/2025 publi\u00e9 au Journal Officiel du 06/06/2025 pris en application\nde l'article L314-3 du Code de l'Action Sociale et des Familles fixant, pour l'ann\u00e9e 2025\nl'objectif global de d\u00e9penses d'assurance maladie et le montant total de d\u00e9penses pour les\n\u00e9tablissements et services relevant de la Caisse nationale de solidarit\u00e9 pour l'autonomie ;\n  \nVU la d\u00e9cision du 19/11/2025 publi\u00e9e au Journal Officiel du 26/11/2025 relative aux dotations\nr\u00e9gionales limitatives 2025 et \u00e0 la moyenne nationale des besoins en soins requis 2025 ;\n  \nVU le d\u00e9cret n\u00b0 2023-323 relatif \u00e0 la tarification des soins infirmiers \u00e0 domicile pour les personnes\n\u00e2g\u00e9es et personnes handicap\u00e9es publi\u00e9 au Journal Officiel du 28 avril 2023 ;\n  \nVU l'arr\u00eat\u00e9 du 28 mai 2025 fixant pour 2025 les montants forfaitaires mentionn\u00e9s aux II et III\nde l'article R. 314-138 du code de l'action sociale et des familles et le taux de revalorisation\ndes produits de la tarification reconductibles aff\u00e9rents aux soins applicables aux services\nproposant des prestations de soins infirmiers \u00e0 domicile pour les personnes \u00e2g\u00e9es et les\npersonnes en situation de handicap ;\n  \nVU l'arr\u00eat\u00e9 du 28 mai 2025 fixant pour 2025 le taux de revalorisation des produits de la tarification\nreconductibles aff\u00e9rents aux soins applicables aux services proposant des prestations de soins\ninfirmiers \u00e0 domicile pour les personnes \u00e2g\u00e9es et les personnes en situation de handicap ;\n  \nVU le d\u00e9cret du 10 Avril 2024 portant nomination de Monsieur, ROBIN, Denis en qualit\u00e9 de\nDirecteur G\u00e9n\u00e9ral de l'agence r\u00e9gionale de sant\u00e9 Ile-de-France ;\n \nVU la d\u00e9l\u00e9gation de signature du Directeur G\u00e9n\u00e9ral de l'ARS vers le Directeur D\u00e9partemental de\nPARIS en date du 31/10/2025 ;\n \nVU l'autorisation ou le renouvellement d'autorisation en date du 31/12/2007 de la structure\nService de Soins Infirmiers A Domicile (S.S.I.A.D) d\u00e9nomm \u00e9e SSIAD DOMUSVI\nDOMICILE PARIS 18 (750040438) sise 59, R EUGENE CARRIERE 75018 Paris 18e\nArrondissement et g\u00e9r\u00e9e par l'entit\u00e9 d\u00e9nomm \u00e9e SAS DOMUSVI DOMICILE (920028263);\n \n  \nConsid\u00e9rant\n \nla d\u00e9cision tarifaire initiale n\u00b0 2558 en date du 7 juillet 2025 portant fixation de la\ndotation globale de soins pour 2025 de la structure d\u00e9nomm \u00e9e SSIAD DOMUSVI\nDOMICILE PARIS 18 - 750040438\n \n \nDECIDE\n \nArticle 1er A compter du 01/01/2025, la dotation globale de soins est fix\u00e9e \u00e0 3 290 536,11 \u20ac au\ntitre de 2025. Elle se r\u00e9partit comme suit :\n \n1\n \nAgence R\u00e9gionale de Sant\u00e9 - IDF-2025-12-03-00064 - D\u00e9cision tarifaire n\u00b022843 portant modification de la dotation globale de soins\npour 2025 de SSIAD DOMUSVI DOMICILE PARIS 18 - 750040438 72\n - pour l'accueil de personnes \u00e2g\u00e9es : 3 079 562,19 \u20ac (fraction forfaitaire s'\u00e9levant \u00e0\n256 630,18 \u20ac).\n - pour l'accueil de personnes handicap\u00e9es : 210 973,92 \u20ac (fraction forfaitaire s'\u00e9levant\n\u00e0 17 581,16 \u20ac).\n \nArticle 2 A compter du 1er janvier 2026, en application de l'article L.314-7 du CASF, la dotation\nglobale de soins est fix\u00e9e, \u00e0 titre transitoire, \u00e0 3 311 828,80 \u20ac :\n \n - pour l'accueil de personnes \u00e2g\u00e9es : 3 100 854,88 \u20ac (douzi\u00e8me applicable s'\u00e9levant \u00e0\n258 404,57 \u20ac).\n \n- pour l'accueil de personnes handicap\u00e9es : 210 973,92 \u20ac (douzi\u00e8me applicable\ns'\u00e9levant \u00e0 17 581,16 \u20ac).\n \nArticle 3 Les recours contentieux dirig\u00e9s contre la pr\u00e9sente d\u00e9cision doivent \u00eatre port\u00e9s devant le\ntribunal administratif territorialement comp\u00e9tent tel que pr\u00e9vu par l'article R. 312-10-1\ndu Code de justice administrative dans un d\u00e9lai de deux mois \u00e0 compter de sa\npublication ou, pour les personnes auxquelles elle sera notifi\u00e9e, \u00e0 compter de sa\nnotification. Le tribunal administratif peut \u00eatre saisi par l'application \u00ab T\u00e9l\u00e9recours\ncitoyens \u00bb accessible par le site www.telerecours.fr.\n  \nArticle 4 La pr\u00e9sente d\u00e9cision sera publi\u00e9e au recueil des actes administratifs.\n  \nArticle 5 Le Directeur G\u00e9n\u00e9ral de l'ARS Ile-de-France est charg\u00e9 de l'ex\u00e9cution de la pr\u00e9sente d\u00e9cision\nqui sera notifi\u00e9e \u00e0 l'entit\u00e9 gestionnaire SAS DOMUSVI DOMICILE (920028263) et \u00e0\nl'\u00e9tablissement concern\u00e9.\n \n \n \nFait \u00e0 Saint-Denis,\n \nLe 3 d\u00e9cembre 2025\n \n \n \n \n#signature#\n \n \n \n \n2\n \nAgence R\u00e9gionale de Sant\u00e9 - IDF-2025-12-03-00064 - D\u00e9cision tarifaire n\u00b022843 portant modification de la dotation globale de soins\npour 2025 de SSIAD DOMUSVI DOMICILE PARIS 18 - 750040438 73\nAgence R\u00e9gionale de Sant\u00e9\nIDF-2025-12-03-00062\nD\u00e9cision tarifaire n\u00b022844 portant modification\nde la dotation globale de soins pour 2025 de\nSSIAD DOMUSVI DOMICILE PARIS 8 - 750032948\nAgence R\u00e9gionale de Sant\u00e9 - IDF-2025-12-03-00062 - D\u00e9cision tarifaire n\u00b022844 portant modification de la dotation globale de soins\npour 2025 de SSIAD DOMUSVI DOMICILE PARIS 8 - 750032948 74\nElREPUBLIQUEFRANCAISEope boiong \u00e9Liber \u00a9 DAgence R\u00e9gonclede Sent\u00c9galit\u00e9 \u00cele-de-FranceFraternit\u00e9\nDECISION TARIFAIRE N \u00b022844 PORTANT MODIFICATION\nDE LA DOTATION GLOBALE DE SOINS POUR 2025 DE\nSSIAD DOMUSVI DOMICILE PARIS 8 - 750032948\n \nLe Directeur G\u00e9n\u00e9ral de l'ARS Ile-de-France\n \nVU le Code de l'Action Sociale et des Familles ;\n  \nVU le Code de la S\u00e9curit\u00e9 Sociale ;\n  \nVU la loi n\u00b0 2025-199 du 28 f\u00e9vrier 2025 de financement de la S\u00e9curit\u00e9 Sociale pour 2025 publi\u00e9e\nau Journal Officiel du 28/02/2025 ;\n  \nVU l'arr\u00eat\u00e9 minist\u00e9riel du 02/06/2025 publi\u00e9 au Journal Officiel du 06/06/2025 pris en application\nde l'article L314-3 du Code de l'Action Sociale et des Familles fixant, pour l'ann\u00e9e 2025\nl'objectif global de d\u00e9penses d'assurance maladie et le montant total de d\u00e9penses pour les\n\u00e9tablissements et services relevant de la Caisse nationale de solidarit\u00e9 pour l'autonomie ;\n  \nVU la d\u00e9cision du 19/11/2025 publi\u00e9e au Journal Officiel du 26/11/2025 relative aux dotations\nr\u00e9gionales limitatives 2025 et \u00e0 la moyenne nationale des besoins en soins requis 2025 ;\n  \nVU le d\u00e9cret n\u00b0 2023-323 relatif \u00e0 la tarification des soins infirmiers \u00e0 domicile pour les personnes\n\u00e2g\u00e9es et personnes handicap\u00e9es publi\u00e9 au Journal Officiel du 28 avril 2023 ;\n  \nVU l'arr\u00eat\u00e9 du 28 mai 2025 fixant pour 2025 les montants forfaitaires mentionn\u00e9s aux II et III\nde l'article R. 314-138 du code de l'action sociale et des familles et le taux de revalorisation\ndes produits de la tarification reconductibles aff\u00e9rents aux soins applicables aux services\nproposant des prestations de soins infirmiers \u00e0 domicile pour les personnes \u00e2g\u00e9es et les\npersonnes en situation de handicap ;\n  \nVU l'arr\u00eat\u00e9 du 28 mai 2025 fixant pour 2025 le taux de revalorisation des produits de la tarification\nreconductibles aff\u00e9rents aux soins applicables aux services proposant des prestations de soins\ninfirmiers \u00e0 domicile pour les personnes \u00e2g\u00e9es et les personnes en situation de handicap ;\n  \nVU le d\u00e9cret du 10 Avril 2024 portant nomination de Monsieur, ROBIN, Denis en qualit\u00e9 de\nDirecteur G\u00e9n\u00e9ral de l'agence r\u00e9gionale de sant\u00e9 Ile-de-France ;\n \nVU la d\u00e9l\u00e9gation de signature du Directeur G\u00e9n\u00e9ral de l'ARS vers le Directeur D\u00e9partemental de\nPARIS en date du 31/10/2025 ;\n \nVU l'autorisation ou le renouvellement d'autorisation en date du 02/01/2007 de la structure\nService de Soins Infirmiers A Domicile (S.S.I.A.D) d\u00e9nomm \u00e9e SSIAD DOMUSVI\nDOMICILE PARIS 8 (750032948) sise 50, R DU ROCHER 75008 Paris 8e Arrondissement\net g\u00e9r\u00e9e par l'entit\u00e9 d\u00e9nomm \u00e9e SAS DOMUSVI DOMICILE (920028263);\n \n  \nConsid\u00e9rant\n \nla d\u00e9cision tarifaire initiale n\u00b0 2559 en date du 7 juillet 2025 portant fixation de la\ndotation globale de soins pour 2025 de la structure d\u00e9nomm \u00e9e SSIAD DOMUSVI\nDOMICILE PARIS 8 - 750032948\n \n \nDECIDE\n \nArticle 1er A compter du 01/01/2025, la dotation globale de soins est fix\u00e9e \u00e0 984 907,81 \u20ac au titre\nde 2025. Elle se r\u00e9partit comme suit :\n \n1\n \nAgence R\u00e9gionale de Sant\u00e9 - IDF-2025-12-03-00062 - D\u00e9cision tarifaire n\u00b022844 portant modification de la dotation globale de soins\npour 2025 de SSIAD DOMUSVI DOMICILE PARIS 8 - 750032948 75\n - pour l'accueil de personnes \u00e2g\u00e9es : 913 400,49 \u20ac (fraction forfaitaire s'\u00e9levant \u00e0\n76 116,71 \u20ac).\n - pour l'accueil de personnes handicap\u00e9es : 71 507,32 \u20ac (fraction forfaitaire s'\u00e9levant\n\u00e0 5 958,94 \u20ac).\n \nArticle 2 A compter du 1er janvier 2026, en application de l'article L.314-7 du CASF, la dotation\nglobale de soins est fix\u00e9e, \u00e0 titre transitoire, \u00e0 991 855,95 \u20ac :\n \n - pour l'accueil de personnes \u00e2g\u00e9es : 920 348,63 \u20ac (douzi\u00e8me applicable s'\u00e9levant \u00e0\n76 695,72 \u20ac).\n \n- pour l'accueil de personnes handicap\u00e9es : 71 507,32 \u20ac (douzi\u00e8me applicable s'\u00e9levant\n\u00e0 5 958,94 \u20ac).\n \nArticle 3 Les recours contentieux dirig\u00e9s contre la pr\u00e9sente d\u00e9cision doivent \u00eatre port\u00e9s devant le\ntribunal administratif territorialement comp\u00e9tent tel que pr\u00e9vu par l'article R. 312-10-1\ndu Code de justice administrative dans un d\u00e9lai de deux mois \u00e0 compter de sa\npublication ou, pour les personnes auxquelles elle sera notifi\u00e9e, \u00e0 compter de sa\nnotification. Le tribunal administratif peut \u00eatre saisi par l'application \u00ab T\u00e9l\u00e9recours\ncitoyens \u00bb accessible par le site www.telerecours.fr.\n  \nArticle 4 La pr\u00e9sente d\u00e9cision sera publi\u00e9e au recueil des actes administratifs.\n  \nArticle 5 Le Directeur G\u00e9n\u00e9ral de l'ARS Ile-de-France est charg\u00e9 de l'ex\u00e9cution de la pr\u00e9sente d\u00e9cision\nqui sera notifi\u00e9e \u00e0 l'entit\u00e9 gestionnaire SAS DOMUSVI DOMICILE (920028263) et \u00e0\nl'\u00e9tablissement concern\u00e9.\n \n \n \nFait \u00e0 Saint-Denis,\n \nLe 3 d\u00e9cembre 2025\n \n \n \n \n#signature#\n \n \n \n \n2\n \nAgence R\u00e9gionale de Sant\u00e9 - IDF-2025-12-03-00062 - D\u00e9cision tarifaire n\u00b022844 portant modification de la dotation globale de soins\npour 2025 de SSIAD DOMUSVI DOMICILE PARIS 8 - 750032948 76\nAgence R\u00e9gionale de Sant\u00e9\nIDF-2025-12-03-00063\nD\u00e9cision tarifaire n\u00b022847 portant modification\nde la dotation globale de soins pour 2025 de\nSSIAD DOMUSVI DOMICILE PARIS 16 -\n750026189\nAgence R\u00e9gionale de Sant\u00e9 - IDF-2025-12-03-00063 - D\u00e9cision tarifaire n\u00b022847 portant modification de la dotation globale de soins\npour 2025 de SSIAD DOMUSVI DOMICILE PARIS 16 - 750026189 77\nElREPUBLIQUEFRANCAISEope boiong \u00e9Liber \u00a9 DAgence R\u00e9gonclede Sent\u00c9galit\u00e9 \u00cele-de-FranceFraternit\u00e9\nDECISION TARIFAIRE N \u00b022847 PORTANT MODIFICATION\nDE LA DOTATION GLOBALE DE SOINS POUR 2025 DE\nSSIAD DOMUSVI DOMICILE PARIS 16 - 750026189\n \nLe Directeur G\u00e9n\u00e9ral de l'ARS Ile-de-France\n \nVU le Code de l'Action Sociale et des Familles ;\n  \nVU le Code de la S\u00e9curit\u00e9 Sociale ;\n  \nVU la loi n\u00b0 2025-199 du 28 f\u00e9vrier 2025 de financement de la S\u00e9curit\u00e9 Sociale pour 2025 publi\u00e9e\nau Journal Officiel du 28/02/2025 ;\n  \nVU l'arr\u00eat\u00e9 minist\u00e9riel du 02/06/2025 publi\u00e9 au Journal Officiel du 06/06/2025 pris en application\nde l'article L314-3 du Code de l'Action Sociale et des Familles fixant, pour l'ann\u00e9e 2025\nl'objectif global de d\u00e9penses d'assurance maladie et le montant total de d\u00e9penses pour les\n\u00e9tablissements et services relevant de la Caisse nationale de solidarit\u00e9 pour l'autonomie ;\n  \nVU la d\u00e9cision du 19/11/2025 publi\u00e9e au Journal Officiel du 26/11/2025 relative aux dotations\nr\u00e9gionales limitatives 2025 et \u00e0 la moyenne nationale des besoins en soins requis 2025 ;\n  \nVU le d\u00e9cret n\u00b0 2023-323 relatif \u00e0 la tarification des soins infirmiers \u00e0 domicile pour les personnes\n\u00e2g\u00e9es et personnes handicap\u00e9es publi\u00e9 au Journal Officiel du 28 avril 2023 ;\n  \nVU l'arr\u00eat\u00e9 du 28 mai 2025 fixant pour 2025 les montants forfaitaires mentionn\u00e9s aux II et III\nde l'article R. 314-138 du code de l'action sociale et des familles et le taux de revalorisation\ndes produits de la tarification reconductibles aff\u00e9rents aux soins applicables aux services\nproposant des prestations de soins infirmiers \u00e0 domicile pour les personnes \u00e2g\u00e9es et les\npersonnes en situation de handicap ;\n  \nVU l'arr\u00eat\u00e9 du 28 mai 2025 fixant pour 2025 le taux de revalorisation des produits de la tarification\nreconductibles aff\u00e9rents aux soins applicables aux services proposant des prestations de soins\ninfirmiers \u00e0 domicile pour les personnes \u00e2g\u00e9es et les personnes en situation de handicap ;\n  \nVU le d\u00e9cret du 10 Avril 2024 portant nomination de Monsieur, ROBIN, Denis en qualit\u00e9 de\nDirecteur G\u00e9n\u00e9ral de l'agence r\u00e9gionale de sant\u00e9 Ile-de-France ;\n \nVU la d\u00e9l\u00e9gation de signature du Directeur G\u00e9n\u00e9ral de l'ARS vers le Directeur D\u00e9partemental de\nPARIS en date du 31/10/2025 ;\n \nVU l'autorisation ou le renouvellement d'autorisation en date du 02/02/2006 de la structure\nService de Soins Infirmiers A Domicile (S.S.I.A.D) d\u00e9nomm \u00e9e SSIAD DOMUSVI\nDOMICILE PARIS 16 (750026189) sise 46, R CHARDON LAGACHE 75016 Paris 16e\nArrondissement et g\u00e9r\u00e9e par l'entit\u00e9 d\u00e9nomm \u00e9e SAS DOMUSVI DOMICILE (920028263);\n \n  \nConsid\u00e9rant\n \nla d\u00e9cision tarifaire initiale n\u00b0 2562 en date du 7 juillet 2025 portant fixation de la\ndotation globale de soins pour 2025 de la structure d\u00e9nomm \u00e9e SSIAD DOMUSVI\nDOMICILE PARIS 16 - 750026189\n \n \nDECIDE\n \nArticle 1er A compter du 01/01/2025, la dotation globale de soins est fix\u00e9e \u00e0 1 450 888,42 \u20ac au\ntitre de 2025. Elle se r\u00e9partit comme suit :\n \n1\n \nAgence R\u00e9gionale de Sant\u00e9 - IDF-2025-12-03-00063 - D\u00e9cision tarifaire n\u00b022847 portant modification de la dotation globale de soins\npour 2025 de SSIAD DOMUSVI DOMICILE PARIS 16 - 750026189 78\n - pour l'accueil de personnes \u00e2g\u00e9es : 1 387 234,26 \u20ac (fraction forfaitaire s'\u00e9levant \u00e0\n115 602,86 \u20ac).\n - pour l'accueil de personnes handicap\u00e9es : 63 654,16 \u20ac (fraction forfaitaire s'\u00e9levant\n\u00e0 5 304,51 \u20ac).\n \nArticle 2 A compter du 1er janvier 2026, en application de l'article L.314-7 du CASF, la dotation\nglobale de soins est fix\u00e9e, \u00e0 titre transitoire, \u00e0 1 591 942,26 \u20ac :\n \n - pour l'accueil de personnes \u00e2g\u00e9es : 1 528 288,10 \u20ac (douzi\u00e8me applicable s'\u00e9levant \u00e0\n127 357,34 \u20ac).\n \n- pour l'accueil de personnes handicap\u00e9es : 63 654,16 \u20ac (douzi\u00e8me applicable s'\u00e9levant\n\u00e0 5 304,51 \u20ac).\n \nArticle 3 Les recours contentieux dirig\u00e9s contre la pr\u00e9sente d\u00e9cision doivent \u00eatre port\u00e9s devant le\ntribunal administratif territorialement comp\u00e9tent tel que pr\u00e9vu par l'article R. 312-10-1\ndu Code de justice administrative dans un d\u00e9lai de deux mois \u00e0 compter de sa\npublication ou, pour les personnes auxquelles elle sera notifi\u00e9e, \u00e0 compter de sa\nnotification. Le tribunal administratif peut \u00eatre saisi par l'application \u00ab T\u00e9l\u00e9recours\ncitoyens \u00bb accessible par le site www.telerecours.fr.\n  \nArticle 4 La pr\u00e9sente d\u00e9cision sera publi\u00e9e au recueil des actes administratifs.\n  \nArticle 5 Le Directeur G\u00e9n\u00e9ral de l'ARS Ile-de-France est charg\u00e9 de l'ex\u00e9cution de la pr\u00e9sente d\u00e9cision\nqui sera notifi\u00e9e \u00e0 l'entit\u00e9 gestionnaire SAS DOMUSVI DOMICILE (920028263) et \u00e0\nl'\u00e9tablissement concern\u00e9.\n \n \n \nFait \u00e0 Saint-Denis,\n \nLe 3 d\u00e9cembre 2025\n \n \n \n \n#signature#\n \n \n \n \n2\n \nAgence R\u00e9gionale de Sant\u00e9 - IDF-2025-12-03-00063 - D\u00e9cision tarifaire n\u00b022847 portant modification de la dotation globale de soins\npour 2025 de SSIAD DOMUSVI DOMICILE PARIS 16 - 750026189 79\nAgence R\u00e9gionale de Sant\u00e9\nIDF-2025-12-03-00067\nD\u00e9cision tarifaire n\u00b022848 portant modification\nde la dotation globale de soins pour 2025 de\nSSIAD PARIS GROUPE SOS SENIORS - 750024978\nAgence R\u00e9gionale de Sant\u00e9 - IDF-2025-12-03-00067 - D\u00e9cision tarifaire n\u00b022848 portant modification de la dotation globale de soins\npour 2025 de SSIAD PARIS GROUPE SOS SENIORS - 750024978 80\nElREPUBLIQUEFRANCAISEope boiong \u00e9Liber \u00a9 DAgence R\u00e9gonclede Sent\u00c9galit\u00e9 \u00cele-de-FranceFraternit\u00e9\nDECISION TARIFAIRE N \u00b022848 PORTANT MODIFICATION\nDE LA DOTATION GLOBALE DE SOINS POUR 2025 DE\nSSIAD PARIS GROUPE SOS SENIORS - 750024978\n \nLe Directeur G\u00e9n\u00e9ral de l'ARS Ile-de-France\n \nVU le Code de l'Action Sociale et des Familles ;\n  \nVU le Code de la S\u00e9curit\u00e9 Sociale ;\n  \nVU la loi n\u00b0 2025-199 du 28 f\u00e9vrier 2025 de financement de la S\u00e9curit\u00e9 Sociale pour 2025 publi\u00e9e\nau Journal Officiel du 28/02/2025 ;\n  \nVU l'arr\u00eat\u00e9 minist\u00e9riel du 02/06/2025 publi\u00e9 au Journal Officiel du 06/06/2025 pris en application\nde l'article L314-3 du Code de l'Action Sociale et des Familles fixant, pour l'ann\u00e9e 2025\nl'objectif global de d\u00e9penses d'assurance maladie et le montant total de d\u00e9penses pour les\n\u00e9tablissements et services relevant de la Caisse nationale de solidarit\u00e9 pour l'autonomie ;\n  \nVU la d\u00e9cision du 19/11/2025 publi\u00e9e au Journal Officiel du 26/11/2025 relative aux dotations\nr\u00e9gionales limitatives 2025 et \u00e0 la moyenne nationale des besoins en soins requis 2025 ;\n  \nVU le d\u00e9cret n\u00b0 2023-323 relatif \u00e0 la tarification des soins infirmiers \u00e0 domicile pour les personnes\n\u00e2g\u00e9es et personnes handicap\u00e9es publi\u00e9 au Journal Officiel du 28 avril 2023 ;\n  \nVU l'arr\u00eat\u00e9 du 28 mai 2025 fixant pour 2025 les montants forfaitaires mentionn\u00e9s aux II et III\nde l'article R. 314-138 du code de l'action sociale et des familles et le taux de revalorisation\ndes produits de la tarification reconductibles aff\u00e9rents aux soins applicables aux services\nproposant des prestations de soins infirmiers \u00e0 domicile pour les personnes \u00e2g\u00e9es et les\npersonnes en situation de handicap ;\n  \nVU l'arr\u00eat\u00e9 du 28 mai 2025 fixant pour 2025 le taux de revalorisation des produits de la tarification\nreconductibles aff\u00e9rents aux soins applicables aux services proposant des prestations de soins\ninfirmiers \u00e0 domicile pour les personnes \u00e2g\u00e9es et les personnes en situation de handicap ;\n  \nVU le d\u00e9cret du 10 Avril 2024 portant nomination de Monsieur, ROBIN, Denis en qualit\u00e9 de\nDirecteur G\u00e9n\u00e9ral de l'agence r\u00e9gionale de sant\u00e9 Ile-de-France ;\n \nVU la d\u00e9l\u00e9gation de signature du Directeur G\u00e9n\u00e9ral de l'ARS vers le Directeur D\u00e9partemental de\nPARIS en date du 31/10/2025 ;\n \nVU l'autorisation ou le renouvellement d'autorisation en date du 30/12/2005 de la structure\nService de Soins Infirmiers A Domicile (S.S.I.A.D) d\u00e9nomm \u00e9e SSIAD PARIS GROUPE\nSOS SENIORS (750024978) sise 102 Boulevard S\u00e9rurier 75019 Paris 19e Arrondissement\net g\u00e9r\u00e9e par l'entit\u00e9 d\u00e9nomm \u00e9e ASSOCIATION GROUPE SOS SENIORS (570010173);\n \n  \nConsid\u00e9rant\n \nla d\u00e9cision tarifaire initiale n\u00b0 2563 en date du 7 juillet 2025 portant fixation de\nla dotation globale de soins pour 2025 de la structure d\u00e9nomm \u00e9e SSIAD PARIS\nGROUPE SOS SENIORS - 750024978\n \n \nDECIDE\n \nArticle 1er A compter du 01/01/2025, la dotation globale de soins est fix\u00e9e \u00e0 2 712 885,44 \u20ac au\ntitre de 2025. Elle se r\u00e9partit comme suit :\n \n1\n \nAgence R\u00e9gionale de Sant\u00e9 - IDF-2025-12-03-00067 - D\u00e9cision tarifaire n\u00b022848 portant modification de la dotation globale de soins\npour 2025 de SSIAD PARIS GROUPE SOS SENIORS - 750024978 81\n - pour l'accueil de personnes \u00e2g\u00e9es : 2 566 814,42 \u20ac (fraction forfaitaire s'\u00e9levant \u00e0\n213 901,20 \u20ac).\n - pour l'accueil de personnes handicap\u00e9es : 146 071,02 \u20ac (fraction forfaitaire s'\u00e9levant\n\u00e0 12 172,59 \u20ac).\n \nArticle 2 A compter du 1er janvier 2026, en application de l'article L.314-7 du CASF, la dotation\nglobale de soins est fix\u00e9e, \u00e0 titre transitoire, \u00e0 2 718 547,46 \u20ac :\n \n - pour l'accueil de personnes \u00e2g\u00e9es : 2 572 476,44 \u20ac (douzi\u00e8me applicable s'\u00e9levant \u00e0\n214 373,04 \u20ac).\n \n- pour l'accueil de personnes handicap\u00e9es : 146 071,02 \u20ac (douzi\u00e8me applicable\ns'\u00e9levant \u00e0 12 172,59 \u20ac).\n \nArticle 3 Les recours contentieux dirig\u00e9s contre la pr\u00e9sente d\u00e9cision doivent \u00eatre port\u00e9s devant le\ntribunal administratif territorialement comp\u00e9tent tel que pr\u00e9vu par l'article R. 312-10-1\ndu Code de justice administrative dans un d\u00e9lai de deux mois \u00e0 compter de sa\npublication ou, pour les personnes auxquelles elle sera notifi\u00e9e, \u00e0 compter de sa\nnotification. Le tribunal administratif peut \u00eatre saisi par l'application \u00ab T\u00e9l\u00e9recours\ncitoyens \u00bb accessible par le site www.telerecours.fr.\n  \nArticle 4 La pr\u00e9sente d\u00e9cision sera publi\u00e9e au recueil des actes administratifs.\n  \nArticle 5 Le Directeur G\u00e9n\u00e9ral de l'ARS Ile-de-France est charg\u00e9 de l'ex\u00e9cution de la pr\u00e9sente d\u00e9cision\nqui sera notifi\u00e9e \u00e0 l'entit\u00e9 gestionnaire ASSOCIATION GROUPE SOS SENIORS\n(570010173) et \u00e0 l'\u00e9tablissement concern\u00e9.\n \n \nFait \u00e0 Saint-Denis,\n \nLe 3 d\u00e9cembre 2025\n \n \n \n \n#signature#\n \n \n \n \n2\n \nAgence R\u00e9gionale de Sant\u00e9 - IDF-2025-12-03-00067 - D\u00e9cision tarifaire n\u00b022848 portant modification de la dotation globale de soins\npour 2025 de SSIAD PARIS GROUPE SOS SENIORS - 750024978 82\nAgence R\u00e9gionale de Sant\u00e9\nIDF-2025-12-03-00060\nD\u00e9cision tarifaire n\u00b022850 portant modification\nde la dotation globale de soins pour 2025 de \nSSIAD DE JOUR VYV3 - 750016859\nAgence R\u00e9gionale de Sant\u00e9 - IDF-2025-12-03-00060 - D\u00e9cision tarifaire n\u00b022850 portant modification de la dotation globale de soins\npour 2025 de  SSIAD DE JOUR VYV3 - 750016859 83\nElREPUBLIQUEFRANCAISEope boiong \u00e9Liber \u00a9 DAgence R\u00e9gonclede Sent\u00c9galit\u00e9 \u00cele-de-FranceFraternit\u00e9\nDECISION TARIFAIRE N \u00b022850 PORTANT MODIFICATION\nDE LA DOTATION GLOBALE DE SOINS POUR 2025 DE\nSSIAD DE JOUR VYV3 - 750016859\n \nLe Directeur G\u00e9n\u00e9ral de l'ARS Ile-de-France\n \nVU le Code de l'Action Sociale et des Familles ;\n  \nVU le Code de la S\u00e9curit\u00e9 Sociale ;\n  \nVU la loi n\u00b0 2025-199 du 28 f\u00e9vrier 2025 de financement de la S\u00e9curit\u00e9 Sociale pour 2025 publi\u00e9e\nau Journal Officiel du 28/02/2025 ;\n  \nVU l'arr\u00eat\u00e9 minist\u00e9riel du 02/06/2025 publi\u00e9 au Journal Officiel du 06/06/2025 pris en application\nde l'article L314-3 du Code de l'Action Sociale et des Familles fixant, pour l'ann\u00e9e 2025\nl'objectif global de d\u00e9penses d'assurance maladie et le montant total de d\u00e9penses pour les\n\u00e9tablissements et services relevant de la Caisse nationale de solidarit\u00e9 pour l'autonomie ;\n  \nVU la d\u00e9cision du 19/11/2025 publi\u00e9e au Journal Officiel du 26/11/2025 relative aux dotations\nr\u00e9gionales limitatives 2025 et \u00e0 la moyenne nationale des besoins en soins requis 2025 ;\n  \nVU le d\u00e9cret n\u00b0 2023-323 relatif \u00e0 la tarification des soins infirmiers \u00e0 domicile pour les personnes\n\u00e2g\u00e9es et personnes handicap\u00e9es publi\u00e9 au Journal Officiel du 28 avril 2023 ;\n  \nVU l'arr\u00eat\u00e9 du 28 mai 2025 fixant pour 2025 les montants forfaitaires mentionn\u00e9s aux II et III\nde l'article R. 314-138 du code de l'action sociale et des familles et le taux de revalorisation\ndes produits de la tarification reconductibles aff\u00e9rents aux soins applicables aux services\nproposant des prestations de soins infirmiers \u00e0 domicile pour les personnes \u00e2g\u00e9es et les\npersonnes en situation de handicap ;\n  \nVU l'arr\u00eat\u00e9 du 28 mai 2025 fixant pour 2025 le taux de revalorisation des produits de la tarification\nreconductibles aff\u00e9rents aux soins applicables aux services proposant des prestations de soins\ninfirmiers \u00e0 domicile pour les personnes \u00e2g\u00e9es et les personnes en situation de handicap ;\n  \nVU le d\u00e9cret du 10 Avril 2024 portant nomination de Monsieur, ROBIN, Denis en qualit\u00e9 de\nDirecteur G\u00e9n\u00e9ral de l'agence r\u00e9gionale de sant\u00e9 Ile-de-France ;\n \nVU la d\u00e9l\u00e9gation de signature du Directeur G\u00e9n\u00e9ral de l'ARS vers le Directeur D\u00e9partemental de\nPARIS en date du 31/10/2025 ;\n \nVU l'autorisation ou le renouvellement d'autorisation en date du 04/01/2002 de la structure\nService de Soins Infirmiers A Domicile (S.S.I.A.D) d\u00e9nomm \u00e9e SSIAD DE JOUR VYV3\n(750016859) sise 12, R BOYER BARRET 75014 Paris 14e Arrondissement et g\u00e9r\u00e9e par\nl'entit\u00e9 d\u00e9nomm \u00e9e VYV3 ILE DE FRANCE (750058844);\n \n  \nConsid\u00e9rant\n \nla d\u00e9cision tarifaire initiale n\u00b0 2565 en date du 7 juillet 2025 portant fixation de la\ndotation globale de soins pour 2025 de la structure d\u00e9nomm \u00e9e SSIAD DE JOUR\nVYV3 - 750016859\n \n \nDECIDE\n \nArticle 1er A compter du 01/01/2025, la dotation globale de soins est fix\u00e9e \u00e0 1 750 559,70 \u20ac au\ntitre de 2025 :\n \n1\n \nAgence R\u00e9gionale de Sant\u00e9 - IDF-2025-12-03-00060 - D\u00e9cision tarifaire n\u00b022850 portant modification de la dotation globale de soins\npour 2025 de  SSIAD DE JOUR VYV3 - 750016859 84\n - pour l'accueil de personnes \u00e2g\u00e9es : 1 679 384,69 \u20ac (fraction forfaitaire s'\u00e9levant \u00e0\n139 948,72 \u20ac).\n - pour l'accueil de personnes handicap\u00e9es : 71 175,01 \u20ac (fraction forfaitaire s'\u00e9levant\n\u00e0 5 931,25 \u20ac).\n \nArticle 2 A compter du 1er janvier 2026, en application de l'article L.314-7 du CASF, la dotation\nglobale de soins est fix\u00e9e, \u00e0 titre transitoire, \u00e0 1 800 653,28 \u20ac :\n \n - pour l'accueil de personnes \u00e2g\u00e9es : 1 729 478,27 \u20ac (douzi\u00e8me applicable s'\u00e9levant \u00e0\n144 123,19 \u20ac).\n \n- pour l'accueil de personnes handicap\u00e9es : 71 175,01 \u20ac (douzi\u00e8me applicable s'\u00e9levant\n\u00e0 5 931,25 \u20ac).\n \nArticle 3 Les recours contentieux dirig\u00e9s contre la pr\u00e9sente d\u00e9cision doivent \u00eatre port\u00e9s devant le\ntribunal administratif territorialement comp\u00e9tent tel que pr\u00e9vu par l'article R. 312-10-1\ndu Code de justice administrative dans un d\u00e9lai de deux mois \u00e0 compter de sa\npublication ou, pour les personnes auxquelles elle sera notifi\u00e9e, \u00e0 compter de sa\nnotification. Le tribunal administratif peut \u00eatre saisi par l'application \u00ab T\u00e9l\u00e9recours\ncitoyens \u00bb accessible par le site www.telerecours.fr.\n  \nArticle 4 La pr\u00e9sente d\u00e9cision sera publi\u00e9e au recueil des actes administratifs.\n  \nArticle 5 Le Directeur G\u00e9n\u00e9ral de l'ARS Ile-de-France est charg\u00e9 de l'ex\u00e9cution de la pr\u00e9sente d\u00e9cision\nqui sera notifi\u00e9e \u00e0 l'entit\u00e9 gestionnaire VYV3 ILE DE FRANCE (750058844) et \u00e0\nl'\u00e9tablissement concern\u00e9.\n \n \n \nFait \u00e0 Saint-Denis,\n \nLe 3 d\u00e9cembre 2025\n \n \n \n \n#signature#\n \n \n \n \n2\n \nAgence R\u00e9gionale de Sant\u00e9 - IDF-2025-12-03-00060 - D\u00e9cision tarifaire n\u00b022850 portant modification de la dotation globale de soins\npour 2025 de  SSIAD DE JOUR VYV3 - 750016859 85\nAgence R\u00e9gionale de Sant\u00e9\nIDF-2025-12-02-00080\nArr\u00eat\u00e9 n\u00b02025-305 portant autorisation de\ncr\u00e9ation d'une maison d'accueil sp\u00e9cialis\u00e9e\n(MAS) de 65 places\nfonctionnant en plateforme\npour des adultes pr\u00e9sentant des troubles du\nspectre de l'autisme (TSA)\nsise \u00e0 ZAC du Clos, 2-16 avenue Gabriel P\u00e9ri, 1 \u00e0 5\nAvenue des Gr\u00e9sillons, 7-13 rue du\nClos, 92036 Gennevilliers\ng\u00e9r\u00e9e par l'association \u00ab Les Papillons Blancs de la\nColline \u00bb\nAgence R\u00e9gionale de Sant\u00e9 - IDF-2025-12-02-00080 - Arr\u00eat\u00e9 n\u00b02025-305 portant autorisation de cr\u00e9ation d'une maison d'accueil\nsp\u00e9cialis\u00e9e (MAS) de 65 places\nfonctionnant en plateforme\npour des adultes pr\u00e9sentant des troubles du spectre de l'autisme (TSA)\nsise \u00e0 ZAC du Clos, 2-16 avenue Gabriel P\u00e9ri, 1 \u00e0 5 Avenue des Gr\u00e9sillons, 7-13 rue du\nClos, 92036 Gennevilliers\ng\u00e9r\u00e9e par l'association \u00ab Les Papillons Blancs de la Colline \u00bb\n86\nREPUBLIQUEFRANCAISELibert\u00e9Egalit\u00e9Fraternit\u00e9\ne \u00bb Agence R\u00e9gionale de Sant\u00e9Ile-de-France\n \n \n                                                                          \n \n \n \n \nAGENCE R\u00c9GIONALE DE SANT\u00c9 \u00ceLE-DE-FRANCE \n \nARR\u00caT\u00c9 N\u00b02025 \u2013 305 \n \nportant autorisation de cr\u00e9ation d'une maison d'accueil sp\u00e9cialis\u00e9e (MAS) de 65 places \nfonctionnant en plateforme    \npour des adultes pr\u00e9sentant des troubles du spectre de l'autisme (TSA) \n \nsise \u00e0 ZAC du Clos, 2-16 avenue Gabriel P\u00e9ri, 1 \u00e0 5 Avenue des Gr\u00e9sillons, 7-13 rue du \nClos, 92036 Gennevilliers  \n \ng\u00e9r\u00e9e par l'association \u00ab Les Papillons Blancs de la Colline \u00bb    \n \n \n \nLE DIRECTEUR G\u00c9N\u00c9RAL DE L'AGENCE R\u00c9GIONALE DE SANT\u00c9 \u00ceLE-DE-FRANCE \n \n \nVU le code de l'action sociale et des familles et notamment les articles L . 312-1, L. 313-1 et \nsuivants, R. 313-1 et suivants et D. 312-0-1 et suivants ; \n \nVU        le d\u00e9cret du 10 avril 2024 portant nomination de Monsieur Denis ROBIN, Directeur \ng\u00e9n\u00e9ral de l'Agence r\u00e9gionale de sant\u00e9 \u00cele-de-France \u00e0 compter du 29 avril 2024 ; \n \nVU l'arr\u00eat\u00e9 n\u00b0DIRNOV-2023/08 de la Directrice g\u00e9n\u00e9rale de l'Agence r\u00e9gionale de sant\u00e9 \u00cele-\nde-France en date du 26 octobre 2023 portant adoption du cadre d'orientation strat\u00e9gique \n2018-2028 du projet r\u00e9gional de sant\u00e9 \u00cele-de-France ; \n \nVU l'arr\u00eat\u00e9 n\u00b0DIRNOV-2023/09 de la Directrice g\u00e9n\u00e9rale de l'Agence r\u00e9gionale de sant\u00e9 \u00cele-\nde-France en date du 26  octobre 2023 portant adoption du sch\u00e9ma r\u00e9gional de sant\u00e9 \n2023-2028 du projet r\u00e9gional de sant\u00e9 \u00cele-de-France, modifi\u00e9 par l'arr\u00eat\u00e9 n\u00b0DIRNOV -\n2023/09 en date du 12 janvier 2024 ; \n \nVU l'arr\u00eat\u00e9 n\u00b02023-346 de la Directrice g\u00e9n\u00e9rale de l'Agence r\u00e9gionale de sant\u00e9 \u00cele-de-France \nen date du  4 d\u00e9cembre 2023  \u00e9tablissant le programme interd\u00e9partemental \nd'accompagnement des handicaps et de l a perte d'autonomie (PRIAC) 2023 -2027 pour \nla r\u00e9gion \u00cele-de-France ; \n \nVU le contrat pluriannuel d'objectifs et de moyens portant sur les ann\u00e9es 2023-2027 sign\u00e9 le \n19 d\u00e9cembre 2022 ; \n \nVU  l'avis d'appel \u00e0 projet visant \u00e0 la cr\u00e9ati on d'une plateforme m\u00e9dico-sociale adulte port\u00e9e \npar une maison d'accueil sp\u00e9cialis\u00e9e (MAS) de 65 places,  publi\u00e9 au recueil des actes \nadministratifs de la r\u00e9gion \u00cele-de-France le 17 avril 2025 ; \n \nVU  l'avis de classement de la commission d'information et de s\u00e9lection d'appel \u00e0 projet r\u00e9unie \nle 18 septembre 2025 publi\u00e9 au recueil des actes administratifs de la r\u00e9gion \u00cele-de-France, \nle 2 octobre 2025 ; \n \n \n \nAgence R\u00e9gionale de Sant\u00e9 - IDF-2025-12-02-00080 - Arr\u00eat\u00e9 n\u00b02025-305 portant autorisation de cr\u00e9ation d'une maison d'accueil\nsp\u00e9cialis\u00e9e (MAS) de 65 places\nfonctionnant en plateforme\npour des adultes pr\u00e9sentant des troubles du spectre de l'autisme (TSA)\nsise \u00e0 ZAC du Clos, 2-16 avenue Gabriel P\u00e9ri, 1 \u00e0 5 Avenue des Gr\u00e9sillons, 7-13 rue du\nClos, 92036 Gennevilliers\ng\u00e9r\u00e9e par l'association \u00ab Les Papillons Blancs de la Colline \u00bb\n87\n \n       2 \n \nCONSID\u00c9RANT que le  projet d\u00e9pos\u00e9 par l'association \u00ab Les Papillons Blancs de la \nColline \u00bb a \u00e9t\u00e9 class\u00e9 en  premi\u00e8re position eu \u00e9gard \u00e0 la qualit\u00e9 et \u00e0 la \npertinence de son dossier notamment les \u00e9l\u00e9ments suivants  : le projet \nd'accueil et d'accompagnement des adultes en situation de handicap \nayant un trouble du spectre autistique, le dossier architectural abouti port\u00e9 \npar un cabinet d'architectes expert, la connaissance fine du territoire et \ndes partenaires, la strat\u00e9gie de gestion des ressources humaines  \nd\u00e9taill\u00e9e, l'\u00e9quipe ressources int\u00e9gr\u00e9e, le plan de mont\u00e9e en charge et la \nmaitrise des co\u00fbts ;  \n \nCONSID\u00c9RANT  que le projet r\u00e9pond \u00e0 un besoin de d\u00e9veloppement de l'offre m\u00e9dico -\nsociale identifi\u00e9 sur le d\u00e9partement  des Hauts -de-Seine pour les \npersonnes concern\u00e9es par des troubles du spectre de l'autisme ; \n \nCONSID\u00c9RANT  que le projet accueille des jeunes \u00e0 partir de 18 ans, par d\u00e9rogation pour \npermettre la r\u00e9sorption du nombre de jeunes relevant d'un amendement \ndits \u00ab Creton \u00bb en institut m\u00e9dico\u00e9ducatif dans le d\u00e9partement des Hauts-\nde-Seine ainsi que des jeunes en situation de grande complexit\u00e9 ; \n \nCONSID\u00c9RANT qu'il est compatible avec les objectifs et r\u00e9pond aux besoins sociaux et \nm\u00e9dico-sociaux fix\u00e9s par le sch\u00e9ma r\u00e9gional de sant\u00e9 ; \n \nCONSID\u00c9RANT qu'il satisfait aux r\u00e8gles d'organisation et de fonctionnement pr\u00e9vues par \nle code de l'action sociale et des familles ; \n \nCONSID\u00c9RANT qu'il pr\u00e9sente un co\u00fbt de fonctionnement en  ann\u00e9e pleine compatible \navec le PRIAC \u00cele-de-France et avec le montant de l'une des dotations \nmentionn\u00e9es \u00e0 l'article L . 314-3 du code de l'action sociale et des \nfamilles ; \n \nCONSID\u00c9RANT que l'Agence r\u00e9gionale de sant\u00e9 \u00cele-de-France dispose pour ce projet, \ndes cr\u00e9dits n\u00e9cessaires \u00e0 sa mise en \u0153uvre  \u00e0 hauteur de  6 599  000 \neuros. \n \n \nARR\u00caTE \n \n \n  ARTICLE 1er : \n \n \n \nL'association \u00ab Les Papillons Blancs de la Colline \u00bb dont le si\u00e8ge social est situ\u00e9 \n155 bureaux de la colline, \u00e0 Saint-Cloud (92 210) est autoris\u00e9e \u00e0 cr\u00e9er une maison \nd'accueil sp\u00e9cialis\u00e9e (MAS) de 65 places fonctionnant en plateforme sise \u00e0 ZAC \ndu Clos, 2-16 avenue Gabriel P\u00e9ri, 1 \u00e0 5 Avenue des Gr\u00e9sillons, 7-13 rue du Clos, \nGennevilliers (92 036). \n \n \nARTICLE 2e : \n \nCette structure d'une capacit\u00e9 de  65 places est autoris\u00e9e \u00e0 accueillir et \u00e0 \naccompagner des adultes en situation de handicap pr\u00e9sentant des t roubles du \nspectre de l'autisme \u00e0 partir de 18 ans selon les modalit\u00e9s suivantes : \n- 42 places d'h\u00e9bergement permanent (365 jours) ; \n- 6 places d'h\u00e9bergement temporaire/r\u00e9pit (365 jours) ; \n- 15 places d'accueil de jour (250 jours) ; \n- 2 places de prestations en milieu ordinaire (250 jours). \n \n \nAgence R\u00e9gionale de Sant\u00e9 - IDF-2025-12-02-00080 - Arr\u00eat\u00e9 n\u00b02025-305 portant autorisation de cr\u00e9ation d'une maison d'accueil\nsp\u00e9cialis\u00e9e (MAS) de 65 places\nfonctionnant en plateforme\npour des adultes pr\u00e9sentant des troubles du spectre de l'autisme (TSA)\nsise \u00e0 ZAC du Clos, 2-16 avenue Gabriel P\u00e9ri, 1 \u00e0 5 Avenue des Gr\u00e9sillons, 7-13 rue du\nClos, 92036 Gennevilliers\ng\u00e9r\u00e9e par l'association \u00ab Les Papillons Blancs de la Colline \u00bb\n88\n \n       3 \n \n  ARTICLE 3e : \n \nConform\u00e9ment aux termes du dernier alin\u00e9a du I de l'article D. 312 -0-3 du code \nde l'action sociale et des familles, aucune sp\u00e9cialisation n'exclut la prise en charge \nde personnes pr\u00e9sentant des troubles associ\u00e9s \u00e0 ceux qui font l'objet de la \npr\u00e9sente autorisation.  \n \n \nARTICLE 4e : \n \nElle est r\u00e9pertori\u00e9e dans le Fichier National des Etablissements Sanitaires et \nSociaux (FINESS) de la fa\u00e7on suivante : \n \n \nN\u00b0 FINESS de l'\u00e9tablissement : en cours d'attribution \n \nCode cat\u00e9gorie : [255] - Maison d'Accueil Sp\u00e9cialis\u00e9e \n \nCode discipline  : [964] Accueil et accompagnement sp\u00e9cialis\u00e9 personnes \nhandicap\u00e9es - 65 places \n \nCode client\u00e8le : [437] Troubles du spectre de l'autisme - 65 places \n \nCode fonctionnement (type d'activit\u00e9) :  \n[11] H\u00e9bergement complet internat - 42 places \n[40] Accueil temporaire avec h\u00e9bergement - 6 places \n[21] Accueil de jour - 15 places \n[16] Prestation en milieu ordinaire - 2 places  \n \nCode mode de fixation des tarifs  : [57] ARS Dotation forfait ou prix de journ\u00e9e \nglobalis\u00e9 dans le cadre d'un CPOM  \n \n \nN\u00b0 FINESS du gestionnaire : 920718186 \nCode statut : [61] Association loi 1901 reconnue d'utilit\u00e9 publique \n  \n \n  ARTICLE 5e : \n \nLa pr\u00e9sente autorisation est valable sous r\u00e9serve du r\u00e9sultat positif de la visite de \nconformit\u00e9 pr\u00e9vue par l'article L. 313-6 du code de l'action sociale et des familles. \n \n \n  ARTICLE 6e : \n \nElle est caduque en l'absence d'ouverture au public de l'\u00e9tablissement ou du \nservice dans un d\u00e9lai de 4 ans suivant la notification de la d\u00e9cision d'autorisation \nconform\u00e9ment aux articles L . 313-1 et D. 313-7-2 du code de l'action sociale et \ndes familles. \n \n \nARTICLE 7e : \n \nElle est accord\u00e9e pour une dur\u00e9e de quinze ans conform\u00e9ment \u00e0 l'article L. 313-\n1 du code de l'action sociale et des familles. Elle est renouvel\u00e9e dans les \nconditions pr\u00e9vues \u00e0 l'article L. 313-5 du m\u00eame code, au regard des r\u00e9sultats de \nl'\u00e9valuation externe mentionn\u00e9e \u00e0 l'article L. 312-8 du m\u00eame code.  \n \n \n  ARTICLE 8e : \n \nTout changement important dans l'activit\u00e9, l'installation, l'organisation, la direction \nou le fonctionnement de l'\u00e9tablissement  ou du service  doit \u00eatre port\u00e9 \u00e0 la \nconnaissance des autorit\u00e9s comp\u00e9tentes. \n \nAgence R\u00e9gionale de Sant\u00e9 - IDF-2025-12-02-00080 - Arr\u00eat\u00e9 n\u00b02025-305 portant autorisation de cr\u00e9ation d'une maison d'accueil\nsp\u00e9cialis\u00e9e (MAS) de 65 places\nfonctionnant en plateforme\npour des adultes pr\u00e9sentant des troubles du spectre de l'autisme (TSA)\nsise \u00e0 ZAC du Clos, 2-16 avenue Gabriel P\u00e9ri, 1 \u00e0 5 Avenue des Gr\u00e9sillons, 7-13 rue du\nClos, 92036 Gennevilliers\ng\u00e9r\u00e9e par l'association \u00ab Les Papillons Blancs de la Colline \u00bb\n89\nsig\n \n       4 \n \n  ARTICLE 9e : \n \nUn recours contre le pr\u00e9sent arr\u00eat\u00e9 peut \u00eatre form\u00e9 devant le tribunal administratif \ncomp\u00e9tent dans un d\u00e9lai de deux mois \u00e0 compter de sa notification ou, pour les \ntiers, \u00e0 compter de sa publication. \n \n \nARTICLE 10e : \n \n \n \nLe Directeur de la d\u00e9l\u00e9gation d\u00e9partementale  des Hauts-de-Seine de l'Agence \nr\u00e9gionale de sant\u00e9 \u00cele-de-France est charg\u00e9 de l'ex\u00e9cution du pr\u00e9sent arr\u00eat\u00e9 qui \nsera publi\u00e9 aux recueils des actes administratifs de la R\u00e9gion \u00cele-de-France et du \nD\u00e9partement des Hauts-de-Seine. \n \n \n \n                                   \n                                                                               Fait \u00e0 Saint-Denis, le 02 d\u00e9cembre 2025 \n \n       \n P/Le Directeur g\u00e9n\u00e9ral \n de l'Agence r\u00e9gionale de sant\u00e9 \n \u00cele-de-France \n \n \n   \n \n \n \n Sophie MARTINON \n Directrice g\u00e9n\u00e9rale adjointe \n de l'Agence r\u00e9gionale de sant\u00e9 \n \u00cele-de-France \n \n \n \n \n \n \n \n \n \n  \n \n \n \n \n \n  \nAgence R\u00e9gionale de Sant\u00e9 - IDF-2025-12-02-00080 - Arr\u00eat\u00e9 n\u00b02025-305 portant autorisation de cr\u00e9ation d'une maison d'accueil\nsp\u00e9cialis\u00e9e (MAS) de 65 places\nfonctionnant en plateforme\npour des adultes pr\u00e9sentant des troubles du spectre de l'autisme (TSA)\nsise \u00e0 ZAC du Clos, 2-16 avenue Gabriel P\u00e9ri, 1 \u00e0 5 Avenue des Gr\u00e9sillons, 7-13 rue du\nClos, 92036 Gennevilliers\ng\u00e9r\u00e9e par l'association \u00ab Les Papillons Blancs de la Colline \u00bb\n90\nAgence R\u00e9gionale de Sant\u00e9\nIDF-2025-12-16-00010\nAvis rendu par la commission r\u00e9gionale \nd'information et de s\u00e9lection d'appel \u00e0 projet\nsocial ou m\u00e9dico-social r\u00e9unie les 4 et 5\nd\u00e9cembre 2025\nAgence R\u00e9gionale de Sant\u00e9 - IDF-2025-12-16-00010 - Avis rendu par la commission r\u00e9gionale  d'information et de s\u00e9lection d'appel \u00e0\nprojet social ou m\u00e9dico-social r\u00e9unie les 4 et 5 d\u00e9cembre 2025 91\nLibert\u00e9 @ D Agence R\u00e9gionale\u00c9galit\u00e9 \u00cele-de-FranceFraternit\u00e9\nExR\u00c9PUBLIQUE ANS seine-SainT- DemsLE DEPARTEMENT\n \n \n \n \n \n                    \n  \n \n \nAvis rendu par la commission r\u00e9gionale d'information et de s\u00e9lection  \nd'appel \u00e0 projet social ou m\u00e9dico-social r\u00e9unie les 4 et 5 d\u00e9cembre 2025 \n \n \nObjet de l'appel \u00e0 projet :  \n \nLa cr\u00e9ation de : \n \n- 40 places en internat dont 5 places d'accueil temporaire, \n \n- 3 unit\u00e9s d'h\u00e9bergement m\u00e9dicalis\u00e9es totalisant 16 places, implant\u00e9es en milieu ordinaire,  \n \n- 2 \u00e0 3 unit\u00e9s d'accueil de jour m\u00e9dicalis\u00e9es totalisant 50 places environ, \n \n-2 \u00e0 3 \u00e9quipes mobiles pluridisciplinaires m\u00e9dicalis\u00e9es totalisant environ 100 places sous la forme juridique \nde service d'accompagnement m\u00e9dico-social pour adultes handicap\u00e9s (SAMSAH) \n \npour adultes pr\u00e9sentant des Troubles du Neuro-D\u00e9veloppement (TND) et leurs proches aidants \n \nsur le d\u00e9partement de la Seine-Saint-Denis \n \n \nAvis d'appel \u00e0 projet publi\u00e9 le 31 mars 2025 \n \nA l'issue des s\u00e9ances des 4 et 5 d\u00e9cembre 2025 la commission a class\u00e9 les candidats selon l'ordre suivant :  \n \n \nClassement \npropos\u00e9 Candidats \n 1er ex-aequo \n \nAFG Autisme \nGAPAS \n 2\u00e8me \n Les Jours Heureux \n3\u00e8me  \n Cit\u00e9s Caritas \n4\u00e8me  Fondation des Amis de l'Atelier \n5\u00e8me  ASEI \n6\u00e8me  Groupe SOS \n7\u00e8me  L'Adapt \n8\u00e8me  EPS Ville Evrard \n9\u00e8me                                              Fondation de Rothschild \n10\u00e8me  COS \n11\u00e8me  Fondation Franco-Britannique de Sillery \n12\u00e8me Afaser \nAgence R\u00e9gionale de Sant\u00e9 - IDF-2025-12-16-00010 - Avis rendu par la commission r\u00e9gionale  d'information et de s\u00e9lection d'appel \u00e0\nprojet social ou m\u00e9dico-social r\u00e9unie les 4 et 5 d\u00e9cembre 2025 92\n2 \n \n \n \n \net elle a d\u00e9cid\u00e9 de retenir les projets c lass\u00e9s aux trois premi\u00e8res places  afin de r\u00e9partir l'attribution de \nl'offre propos\u00e9e dans l'appel \u00e0 projet, telle que ce sera pr\u00e9cis\u00e9 dans les arr\u00eat\u00e9s d'autorisation \u00e0 venir . \n \n \nConform\u00e9ment \u00e0 l'article R.313-6-2 du code de l'action sociale et des familles, la liste des projets par ordre de classement \nvaut avis de la commission.  \n \nCet avis est consultatif et constitue un acte pr\u00e9paratoire \u00e0 la d\u00e9cision d'autorisation qui, le cas \u00e9ch\u00e9ant, sera prise par le \nDirecteur de l'Agence R\u00e9gionale de Sant\u00e9 \u00cele-de-France. \n \n \n      Saint-Denis, le 16 d\u00e9cembre 2025 \n  \nLe Vice-Pr\u00e9sident de la commission \nDirecteur Adjoint de la D\u00e9l\u00e9gation \nD\u00e9partementale  \nde Seine-Saint-Denis. \n                   Sign\u00e9 \n \n \nYann de Kergu\u00e9nec  \n \n \n   \nLe Vice-Pr\u00e9sident de la commission  \nVice-Pr\u00e9sident du Conseil \nd\u00e9partemental de  \nla Seine Saint Denis \n \n                    Sign\u00e9 \n \n \nSt\u00e9phane Blanchet \n \n \n           \n \n  \n \n \n \n \nAgence R\u00e9gionale de Sant\u00e9 - IDF-2025-12-16-00010 - Avis rendu par la commission r\u00e9gionale  d'information et de s\u00e9lection d'appel \u00e0\nprojet social ou m\u00e9dico-social r\u00e9unie les 4 et 5 d\u00e9cembre 2025 93\nAgence R\u00e9gionale de Sant\u00e9\nIDF-2025-12-23-00014\nArr\u00eat\u00e9 DOS 2025/5319 portant approbation de\nl'avenant n\u00b020 \u00e0 la convention constitutive du\nGroupement de Coop\u00e9ration Sanitaire \"Ramsay\nSant\u00e9 Enseignement & Recherche\"\nAgence R\u00e9gionale de Sant\u00e9 - IDF-2025-12-23-00014 - Arr\u00eat\u00e9 DOS 2025/5319 portant approbation de l'avenant n\u00b020 \u00e0 la convention\nconstitutive du Groupement de Coop\u00e9ration Sanitaire \"Ramsay Sant\u00e9 Enseignement & Recherche\" 94\n||REPUBLIQUEFRANCAISE \u00a9 D Agence R\u00e9gionale de Sant\u00e9Libert\u00e9 Ile-de-France\u00c9galit\u00e9Fraternit\u00e9\nAGENCE R\u00c9GIONALE DE SANT\u00c9 \u00ceLE-DE-FRANCEARR\u00caT\u00c9 N\u00b0 DOS - 2025/ 5319portant approbation de l'avenant n\u00b020 \u00e0 la convention constitutive du Groupement de Coop\u00e9ration Sanitaire\u00ab Ramsay Sant\u00e9 Enseignement & Recherche \u00bbLE DIRECTEUR GENERAL DE L'AGENCE REGIONALE DE SANT\u00c9 \u00ceLE-DE-FRANCEVU le code de la sant\u00e9 publique et notamment les articles L.6133-1 et suivants et R. 6133-1 et suivants ;VU l'arr\u00eat\u00e9 du 5 avril 2019 relatif aux groupements de coop\u00e9rations sanitaires ;VU le d\u00e9cret du 10 avril 2024 portant nomination de Monsieur Denis ROBIN, Directeur g\u00e9n\u00e9ral de l'Agence r\u00e9gionalede sant\u00e9 \u00cele-de-France \u00e0 compter du 29 avril 2024 ;VU l'arr\u00eat\u00e9 DS n\u00b0 034/2024 du 29 avril 2024 du Directeur g\u00e9n\u00e9ral de l'Agence r\u00e9gionale de sant\u00e9 \u00cele-de-France,Monsieur Denis ROBIN, portant d\u00e9l\u00e9gation de signature \u00e0 Monsieur Arnaud CORVAISIER, Directeur de l'Offrede soins de l'ARS \u00cele-de-France ;VU l'arr\u00eat\u00e9 n\u00b014-422 du 28 mai 2014 portant approbation de la convention constitutive du Groupement deCoop\u00e9ration sanitaire \u00ab Ramsay Sant\u00e9 Enseignement & Recherche \u00bb ;VU la d\u00e9lib\u00e9ration de l'assembl\u00e9e g\u00e9n\u00e9rale du GCS \u00ab Ramsay Sant\u00e9 Enseignement & Recherche\u00bb du15 d\u00e9cembre 2025 adoptant la modifications des membres ;VU l'avenant n\u00b0 20 \u00e0 la convention constitutive du GCS \u00ab Ramsay Sant\u00e9 Enseignement & Recherche \u00bb sign\u00e9 \u00e0Paris, le 15 d\u00e9cembre 2025CONSID\u00c9RANT que l'avenant n\u00b020 \u00e0 la convention du GCS \u00ab Ramsay Sant\u00e9 Enseignement & Recherche \u00bbrespecte les dispositions des articles L. 6133-1 et suivants et R. 6133-1 et suivants du code dela sant\u00e9 publique ; ARRETEARTICLE 1\u00b0 : L'avenant n\u00b0 20 a la convention constitutive du Groupement de Coop\u00e9ration Sanitaire \u00ab RamsaySant\u00e9 Enseignement & Recherche \u00bb est approuv\u00e9.ARTICLE 2: L'avenant approuve la modification de la liste des membres au groupement, en tenant compte del'adh\u00e9sion de l'\u00e9tablissement suivant :La soci\u00e9t\u00e9 Centre Medipsy Alen\u00e7on dont le si\u00e8ge est situ\u00e9 39 rue Mstislav Rostropovitch \u2014 75017ParisARTICLE 3\u00b0: L'avenant modifie les conditions de fonctionnement du GCS et notamment l'article suivant :Article 12 - CapitalARTICLE 4\u00b0: Le pr\u00e9sent arr\u00eat\u00e9 sera publi\u00e9 au recueil des actes administratifs de la pr\u00e9fecture de la r\u00e9gion\u00cele-de-France. Un recours contentieux contre le pr\u00e9sent arr\u00eat\u00e9 peut \u00eatre form\u00e9 aupr\u00e8s du Tribunaladministratif comp\u00e9tent. Le d\u00e9lai de recours est de deux mois \u00e0 compter de sa notification pour lesint\u00e9ress\u00e9s ou de sa publication pour les tiers.Fait \u00e0 Saint-Denis, leLe Directeur g\u00e9n\u00e9ralde l'Agence r\u00e9gionale de sant\u00e9Ile-de-FrancePar d\u00e9l\u00e9gation,Le Directeur de l'Offre de soinspgenca gone ayle le-de-FranceDirection de l'Offr\u00e9 de SoinsDirecte:Amaud COR AISIER\nSign\u00e9 \u00e9lectroniquement par ArnaudCORVAISIER - Directeur de l'Offre de SoinsLe 23/12/2025 \u00e0 20:44\nE \nR\u00c9PUBLIQUE \nFRAN \u00c7AI SE \u00a9 D Agence R\u00e9gionale de Sant\u00e9 \nLibert\u00e9 lle-de-France Egalit\u00e9 \nFraternit\u00e9 \nAGENCE R\u00c9GIONALE DE SANT\u00c9 \u00ceLE-DE-FRANCE \nARR\u00caT\u00c9 N\u00b0 DOS - 2025/ 5319 \nportant approbation de l'avenant n\u00b020 \u00e0 la convention constitutive du Groupement de Coop\u00e9ration Sanitaire \n\u00ab Ramsay Sant\u00e9 Enseignement & Recherche \u00bb \nLE DIRECTEUR G\u00c9N\u00c9RAL DE L'AGENCE R\u00c9GIONALE DE SANT\u00c9 \u00ceLE-DE-FRANCE \nVU le code de la sant\u00e9 publique et notamment les articles L.6133-1 et suivants et R. 6133-1 et suivants ; \nVU l'arr\u00eat\u00e9 du 5 avril 2019 relatif aux groupements de coop\u00e9rations sanitaires ; \nVU le d\u00e9cret du 10 avril 2024 portant nomination de Monsieur Denis ROBIN, Directeur g\u00e9n\u00e9ral de l'Agence r\u00e9gionale \nde sant\u00e9 Ile-de-France \u00e0 compter du 29 avril 2024 ; \nVU l'arr\u00eat\u00e9 DS n\u00b0 034/2024 du 29 avril 2024 du Directeur g\u00e9n\u00e9ral de l'Agence r\u00e9gionale de sant\u00e9 \u00cele-de-France, \nMonsieur Denis ROBIN, portant d\u00e9l\u00e9gation de signature \u00e0 Monsieur Arnaud CORVAISIER, Directeur de l'Offre de soins de l'ARS \u00cele-de-France ; \nVU larr\u00eat\u00e9 n\u00b014-422 du 28 mai 2014 portant approbation de la convention constitutive du Groupement de \nCoop\u00e9ration sanitaire \u00ab Ramsay Sant\u00e9 Enseignement & Recherche \u00bb ; \nVU la d\u00e9lib\u00e9ration de l'assembl\u00e9e g\u00e9n\u00e9rale du GCS \u00ab Ramsay Sant\u00e9 Enseignement & Recherche\u00bb du \n15 d\u00e9cembre 2025 adoptant la modifications des membres ; \nVU l'avenant n\u00b0 20 \u00e0 la convention constitutive du GCS \u00ab Ramsay Sant\u00e9 Enseignement & Recherche \u00bb sign\u00e9 \u00e0 \nParis, le 15 d\u00e9cembre 2025 \nCONSID\u00c9RANT que l'avenant n\u00b020 \u00e0 la convention du GCS \u00ab Ramsay Sant\u00e9 Enseignement & Recherche \u00bb \nrespecte les dispositions des articles L. 6133-1 et suivants et R. 6133-1 et suivants du code de \nla sant\u00e9 publique ; \nARR\u00caTE \nARTICLE 1\u00b0 : L'avenant n\u00b0 20 \u00e0 la convention constitutive du Groupement de Coop\u00e9ration Sanitaire \u00ab Ramsay \nSant\u00e9 Enseignement & Recherche \u00bb est approuv\u00e9. \nARTICLE 2: L'avenant approuve la modification de la liste des membres au groupement, en tenant compte de \nl'adh\u00e9sion de l'\u00e9tablissement suivant : \nLa soci\u00e9t\u00e9 Centre Medipsy Alen\u00e7on dont le si\u00e8ge est situ\u00e9 39 rue Mstislav Rostropovitch \u2014 75017 \nParis \nARTICLE 3\u00b0 : L'avenant modifie les conditions de fonctionnement du GCS et notamment l'article suivant : \nArticle 12 - Capital \nARTICLE 4\u00b0 : Le pr\u00e9sent arr\u00eat\u00e9 sera publi\u00e9 au recueil des actes administratifs de la pr\u00e9fecture de la r\u00e9gion \n\u00cele-de-France. Un recours contentieux contre le pr\u00e9sent arr\u00eat\u00e9 peut \u00eatre form\u00e9 aupr\u00e8s du Tribunal \nadministratif comp\u00e9tent. Le d\u00e9lai de recours est de deux mois \u00e0 compter de sa notification pour les \nint\u00e9ress\u00e9s ou de sa publication pour les tiers. \nFait \u00e0 Saint-Denis, le \nLe Directeur g\u00e9n\u00e9ral \nde l'Agence r\u00e9gionale de sant\u00e9 \nIle-de-France \nPar d\u00e9l\u00e9gation, \nLe Directeur de l'Offre de soins \nSign\u00e9 \u00e9lectroniquement par Arnaud \nCORVAISIER - Directeur de l'Offre de Soins \nLe 23/12/2025 \u00e0 20:44 \nAgence R\u00e9gionale de Sant\u00e9 - IDF-2025-12-23-00014 - Arr\u00eat\u00e9 DOS 2025/5319 portant approbation de l'avenant n\u00b020 \u00e0 la convention\nconstitutive du Groupement de Coop\u00e9ration Sanitaire \"Ramsay Sant\u00e9 Enseignement & Recherche\" 95\nAgence R\u00e9gionale de Sant\u00e9\nIDF-2025-12-17-00016\nAppel \u00e0 projets pour la cr\u00e9ation\nd'\u00c9quipes mobiles sant\u00e9 pr\u00e9carit\u00e9, \u00e0 implanter\ndans\nles d\u00e9partements des Hauts-de-Seine et de\nSeine-Saint-Denis et cahier des charges\nAgence R\u00e9gionale de Sant\u00e9 - IDF-2025-12-17-00016 - Appel \u00e0 projets pour la cr\u00e9ation\nd'\u00c9quipes mobiles sant\u00e9 pr\u00e9carit\u00e9, \u00e0 implanter dans\nles d\u00e9partements des Hauts-de-Seine et de Seine-Saint-Denis et cahier des charges\n96\nREPUBLIQUEFRANCAISELibert\u00e9Egalit\u00e9Fraternit\u00e9\nAr@ > Agence R\u00e9gionale de Sant\u00e9\u00cele-de-France\n  \n \n \n \n \n \n \nAppel \u00e0 projets EMSP D\u00e9partement des Hauts-de-Seine et de Seine-Saint-Denis \u2013 Cahier des charges \n \n \n \n \nAPPEL \u00c0 PROJETS \n \npour la cr\u00e9ation  \nd'\u00c9quipes mobiles sant\u00e9 pr\u00e9carit\u00e9, \u00e0 implanter dans \nles d\u00e9partements des Hauts-de-Seine et de Seine-\nSaint-Denis \n \net CAHIER DES CHARGES \n \n \n \n \n \n \n \n \n \n \n \n \n \n \n \n \n \n \n \n \n \n \n \n \nAutorit\u00e9 responsable de l'appel \u00e0 projets : \nLe Directeur g\u00e9n\u00e9ral de l'Agence R\u00e9gionale de Sant\u00e9 \u00cele-de-France \nImmeuble \u00ab Le Curve \u00bb - 13, rue du Landy \n93200 Saint-Denis \n \nDate de publication de l'avis d'appel \u00e0 projets : 19/12/2025 \nDate limite de d\u00e9p\u00f4t des candidatures : 23/03/2026  \nDans le cadre du pr\u00e9sent appel \u00e0 projets, le secr\u00e9tariat est assur\u00e9 par l'Agence R\u00e9gionale de Sant\u00e9 \u00cele-\nde-France \n \nPour toute question : \n \nARS-IDF-AAP-MEDICOSOCIAL-PDS@ars.sante.fr \n \n \nAgence R\u00e9gionale de Sant\u00e9 - IDF-2025-12-17-00016 - Appel \u00e0 projets pour la cr\u00e9ation\nd'\u00c9quipes mobiles sant\u00e9 pr\u00e9carit\u00e9, \u00e0 implanter dans\nles d\u00e9partements des Hauts-de-Seine et de Seine-Saint-Denis et cahier des charges\n97\n \n \n \nAppel \u00e0 projets EMSP D\u00e9partement des Hauts-de-Seine et de Seine-Saint-Denis \u2013 Cahier des charges \n \n \n \n2 \nSommaire \n \n \n1. QUALITE ET ADRESSE DE L'AUTORITE COMPETENTE............................................. 3 \n2. CONTENU ET OBJECTIFS POURSUIVIS .......................................................................... 3 \n3. CAHIER DES CHARGES ....................................................................................................... 3 \n4. AVIS D'APPEL A PROJETS .................................................................................................. 3 \n5. PRECISIONS COMPLEMENTAIRES ................................................................................... 4 \n6. MODALITES D'INSTRUCTION ET CRITERES DE SELECTION ................................... 4 \n7. MODALITES DE DEPOT DES DOSSIERS DE CANDIDATURES ................................. 5 \n8. COMPOSITION DU DOSSIER DE CANDIDATURE .......................................................... 5 \nANNEXE 1 :  FICHE A JOINDRE AU DOSSIER DE REPONSE, partie \u00ab Candidature \u00bb............................... 8 \nANNEXE 2 :  CAHIER DES CHARGES....................................................................................................... 10 \nI. ELEMENTS DE CONTEXTE ................................................................................................ 10 \nI. A. Contexte r\u00e9gional et territorial ................................................................................... 10 \nII. B. Disposition l\u00e9gales et r\u00e8glementaires ..................................................................... 11 \nII. ELEMENTS DE CADRAGE DU PROJET .......................................................................... 12 \nA. Objet de l'appel \u00e0 projet ...................................................................................................... 12 \nB. Capacit\u00e9 d'accueil ................................................................................................................ 12 \nC. Dur\u00e9e des autorisations ...................................................................................................... 12 \nD. Publics pris en charge par l'\u00e9quipe mobile ................................................................... 13 \nE. Zone d'intervention de l'\u00e9quipe mobile .......................................................................... 13 \nF. D\u00e9lais de mise en \u0153uvre du projet .................................................................................. 13 \nG. Strat\u00e9gie, gouvernance et pilotage du projet d'\u00e9quipe mobile ................................ 13 \nGestionnaire ....................................................................................................................................... 13 \nEnvironnement et partenariats ..................................................................................................... 14 \nH. Accompagnement m\u00e9dico-social propos\u00e9 .................................................................... 15 \nAmplitude d'ouverture..................................................................................................................... 15 \nFonctionnement ................................................................................................................................ 15 \nModalit\u00e9s de d\u00e9cision d'intervention/saisine ............................................................................ 15 \nPrestations attendues ..................................................................................................................... 15 \nI. Moyens humains et mat\u00e9riels de l'\u00e9quipe mobile ........................................................ 16 \nLes moyens humains....................................................................................................................... 16 \nLes moyens mat\u00e9riels ..................................................................................................................... 17 \nJ. Cadrage financier ................................................................................................................. 17 \nIII. LE SUIVI ET LA PARTICIPATION AUX DIFFERENTS ESPACES D'ECHANGES AVEC \nL'ARS ................................................................................................................................................... 18 \nANNEXE 3 : CRITERES DE SELECTION ..................................................................................... 18 \nAgence R\u00e9gionale de Sant\u00e9 - IDF-2025-12-17-00016 - Appel \u00e0 projets pour la cr\u00e9ation\nd'\u00c9quipes mobiles sant\u00e9 pr\u00e9carit\u00e9, \u00e0 implanter dans\nles d\u00e9partements des Hauts-de-Seine et de Seine-Saint-Denis et cahier des charges\n98\n \n \n \nAppel \u00e0 projets EMSP D\u00e9partement des Hauts-de-Seine et de Seine-Saint-Denis \u2013 Cahier des charges \n \n \n \n3 \n \nDans le cadre de la mise en \u0153uvre de la mesure 27 du S\u00e9gur de la Sant\u00e9 ainsi que du PRS 2023-2028, l'Agence \nR\u00e9gionale de Sant\u00e9 (ARS) \u00cele-de-France lance un nouvel appel \u00e0 projets pour la cr\u00e9ation d'Equipes mobiles sant\u00e9 \npr\u00e9carit\u00e9 (EMSP) dans chacun des d\u00e9partements suivants :  Hauts-de-Seine et Seine-Saint-Denis. \n \n \n1. QUALITE ET ADRESSE DE L'AUTORITE COMPETENTE  \n \nMonsieur le Directeur G\u00e9n\u00e9ral de l'Agence R\u00e9gionale de Sant\u00e9 Ile-de-France \nImmeuble \u00ab Le Curve \u00bb - 13, rue du Landy \n93200 SAINT-DENIS \n \nConform\u00e9ment aux dispositions de l'article L. 313-3b du Code de l'Action Sociale et des Familles (CASF). \n \n \n2. CONTENU ET OBJECTIFS POURSUIVIS \n \nObjet de l'appel \u00e0 projets et r\u00e9f\u00e9rences r\u00e9glementaires \n \nLe pr\u00e9sent appel \u00e0 projets s'inscrit dans le cadre du 9\u00b0 de l'article L. 312 -1, de l'article L. 312 -8, des articles L. \n313-1 et suivants et R. 313-1 et suivants, des articles L. 314-1 et suivants et R. 314-1 et suivants et de l'article D. \n312-176-4-26 du code de l'action sociale et des familles, de l'article L. 174-9-1 du code de la s\u00e9curit\u00e9 sociale. \n \nCet appel \u00e0 projets, dans la contrainte de la dotation r\u00e9gionale limitative, a pour objet la cr\u00e9ation : \n- D'une \u00e9quipe mobile sant\u00e9 pr\u00e9carit\u00e9 dans les Hauts-de-Seine ; \n- D'une \u00e9quipe mobile sant\u00e9 pr\u00e9carit\u00e9 en Seine-Saint-Denis. \n \n \n3. CAHIER DES CHARGES \n \nLe cahier des charges est disponible en annexe du pr\u00e9sent avis d'appel \u00e0 projets. Il est consultable et \nt\u00e9l\u00e9chargeable sur le site internet de  l'Agence R\u00e9gionale de Sant\u00e9 \u00cele -de-France \n(http://www.ars.iledefrance.sante.fr). \n \n \n4. AVIS D'APPEL A PROJETS \n \nLe pr\u00e9sent avis d'appel \u00e0 projets est publi\u00e9 aux recueils des actes administratifs des Pr\u00e9fectures de la R\u00e9gion \u00cele-\nde-France et des d\u00e9partements des Hauts-de-Seine et de Seine-Saint-Denis.  \nCet avis est consultable et t\u00e9l\u00e9chargeable sur le site Internet de l'Agence R\u00e9gionale de Sant\u00e9 \u00cele -de-France \n(http://www.ars.iledefrance.sante.fr). \nLa date de publication sur ce site Internet vaut ouverture de la p\u00e9riode de d\u00e9p\u00f4t des dossiers jusqu'\u00e0 la \ndate de cl\u00f4ture fix\u00e9e le 23/03/2026 (avis de r\u00e9ception faisant foi).  \n \n \n \nAgence R\u00e9gionale de Sant\u00e9 - IDF-2025-12-17-00016 - Appel \u00e0 projets pour la cr\u00e9ation\nd'\u00c9quipes mobiles sant\u00e9 pr\u00e9carit\u00e9, \u00e0 implanter dans\nles d\u00e9partements des Hauts-de-Seine et de Seine-Saint-Denis et cahier des charges\n99\n \n \n \nAppel \u00e0 projets EMSP D\u00e9partement des Hauts-de-Seine et de Seine-Saint-Denis \u2013 Cahier des charges \n \n \n \n4 \n \n5. PRECISIONS COMPLEMENTAIRES \n \nLes candidats peuvent demander \u00e0 l'Agence R\u00e9gionale de Sant\u00e9 \u00cele -de-France des compl\u00e9ments d'information, \nau plus tard le 13/03/2026 (huit jours avant la date limite de d\u00e9p\u00f4t des dossiers) exclusivement par messagerie \n\u00e9lectronique \u00e0 l'adresse suivante : \nARS-IDF-AAP-MEDICOSOCIAL-PDS@ars.sante.fr \nEn mentionnant, dans l'objet du courriel, la r\u00e9f\u00e9rence de l'appel \u00e0 projet  : \u00ab AAP EMSP 92 \u00bb ou \u00ab AAP EMSP 93 \n\u00bb \nL'Agence R\u00e9gionale de Sant\u00e9 \u00cele -de-France s'engage \u00e0 en communiquer les r\u00e9ponses \u00e0 caract\u00e8re g\u00e9n\u00e9ral \u00e0 \nl'ensemble des candidats ayant pos\u00e9 une question, au plus tard le 18/03/2026 (cinq jours avant la date limite de \nd\u00e9p\u00f4t des dossiers). \n \n6. MODALITES D'INSTRUCTION ET CRITERES DE SELECTION \n \nLes projets seront analys\u00e9s par des instructeurs d\u00e9 sign\u00e9s par le Directeur g\u00e9n\u00e9ral de l'Agence R\u00e9gionale de \nSant\u00e9 \u00cele-de-France. \nLes dossiers parvenus apr\u00e8s la date limite de d\u00e9p\u00f4t des dossiers ne seront pas recevables (l'avis de r\u00e9ception \nfaisant foi et non pas le cachet de la poste). \n \nLa v\u00e9rification des dossiers re\u00e7us dans la p\u00e9riode de d\u00e9p\u00f4t se fait selon trois \u00e9tapes :  \n- V\u00e9rification de la r\u00e9gularit\u00e9 administrative et de la compl\u00e9tude du dossier  conform\u00e9ment \u00e0 l'article \nR313-5-1 - 1er alin\u00e9a du CASF ; le cas \u00e9ch\u00e9ant, il peut \u00eatre demand\u00e9 aux candidats de compl\u00e9ter le \ndossier de candidature pour les informations administratives pr\u00e9vues \u00e0 l'article R313 -4-3 1\u00b0 du CASF \ndans un d\u00e9lai de quinze jours ; \n- V\u00e9rification de l'\u00e9ligibilit\u00e9 du projet  au regard des crit\u00e8res minimums sp\u00e9cifi\u00e9s dans le cahier des \ncharges ; \n- Les dossiers re\u00e7us complets \u00e0 la date de cl\u00f4ture de la p\u00e9riode de d\u00e9p\u00f4t et ceux qui auront \u00e9t\u00e9 compl\u00e9t\u00e9s \ndans le d\u00e9lai indiqu\u00e9 ci -dessus seront analys\u00e9s sur le fond du projet  en fonction des crit\u00e8res de \ns\u00e9lection et de notation des projets mentionn\u00e9s en annexe du cahier des charges.  \n \nUne attention particuli\u00e8re sera port\u00e9e \u00e0 la qualit\u00e9 formelle du dossier : les candidats s'efforceront de pr\u00e9senter un \ndocument unique concernant le projet, structur\u00e9 et pagin\u00e9. \nLes instructeurs \u00e9tabliront un compte -rendu d'instruction motiv\u00e9 sur chacun des projets et proposeront \u00e0 la \ndemande du pr\u00e9sident de la Commission d'information et de s\u00e9lection d'appel \u00e0 projets (CISAP) un classement \nselon les crit\u00e8res de s\u00e9lection figurant dans le cahier des charges et en annexe de celui-ci. \nLes projets seront examin\u00e9s et class\u00e9s par la commission de s\u00e9lection. L'arr\u00eat\u00e9 fixant sa composition est publi\u00e9 \naux recueils des actes administratifs des Pr\u00e9fectures de la r\u00e9gion \u00cele -de-France et des Hauts-de-Seine et de la \nSeine-Saint-Denis. \nLa liste des projets par ordre de classement sera publi\u00e9e aux recueils des actes administratifs des Pr\u00e9fectures \nde la R\u00e9gion \u00cele-de-France et des Hauts-de-Seine et de la Seine-Saint-Denis. \nLa d\u00e9cision d'autorisation sera publi\u00e9e selon les m\u00eames modalit\u00e9s et notifi\u00e9e \u00e0 l'ensemble des candidats.  \nEn application de l'article R313 -6 du CASF, les d\u00e9cisions de refus pr\u00e9alable de projets seront notifi\u00e9es dans un \nd\u00e9lai de huit jours suivant la r\u00e9union de la commission. \nAgence R\u00e9gionale de Sant\u00e9 - IDF-2025-12-17-00016 - Appel \u00e0 projets pour la cr\u00e9ation\nd'\u00c9quipes mobiles sant\u00e9 pr\u00e9carit\u00e9, \u00e0 implanter dans\nles d\u00e9partements des Hauts-de-Seine et de Seine-Saint-Denis et cahier des charges\n100\n \n \n \nAppel \u00e0 projets EMSP D\u00e9partement des Hauts-de-Seine et de Seine-Saint-Denis \u2013 Cahier des charges \n \n \n \n5 \n \n \n7. MODALITES DE DEPOT DES DOSSIERS DE CANDIDATURES \n \nChaque candidat devra adresser, en une seule fois, un dossier de candidature complet sous forme d\u00e9mat\u00e9rialis\u00e9e \nselon l'une des modalit\u00e9s suivantes : \n1. Envoi d'un dossier d\u00e9mat\u00e9rialis\u00e9 sur cl\u00e9 USB par voie postale, par lettre recommand\u00e9e avec avis de \nr\u00e9ception, \u00e0 l'adresse : \n \nAgence R\u00e9gionale de Sant\u00e9 \u00cele-de-France \nSecr\u00e9tariat de la Direction de la Sant\u00e9 Publique \nImmeuble \u00ab Le Curve \u00bb - 13 rue du Landy \n93200 Saint-Denis \n \n2. Envoi du dossier par voie \u00e9lectronique sous forme de dossiers compress\u00e9s (de type .zip) : ARS-IDF-\nAAP-MEDICOSOCIAL-PDS@ars.sante.fr \u2013 l'avis de r\u00e9ception du dossier faisant foi. \n \nUn dossier en version papier peut \u00e9galement \u00eatre d\u00e9pos\u00e9 en plus par voie postale, par lettre recommand\u00e9e avec \navis de r\u00e9ception, \u00e0 l'adresse postale susmentionn\u00e9e. \n \nPoint d'attention : \nLe dossier d\u00e9mat\u00e9rialis\u00e9 (comme le cas \u00e9ch\u00e9ant, le dossier papier), devra \u00eatre constitu\u00e9, pour chaque projet, de \nsous dossiers (ou sous enveloppes) : \n- un dossier intitul\u00e9 \u00ab AAP 92 ou 93 \u2013 Candidature EMSP \u00bb, comprenant les documents mentionn\u00e9s dans la partie \n8 ci-dessous ; \n- un dossier intitul\u00e9 \u00ab AAP 92 ou 93 \u2013 Projet EMSP \u00bb, comprenant les documents mentionn\u00e9s dans la partie 8 ci-\ndessous et ceux mentionn\u00e9s dans le cahier des charges. \nLa date limite de r\u00e9ception des dossiers est fix\u00e9e au 23/03/2026 (avis de r\u00e9ception faisant foi). \n \n \n8. COMPOSITION DU DOSSIER DE CANDIDATURE \n \nLe candidat doit soumettre un dossier complet, comprenant deux parties distinctes (candidature et projet), \nconforme aux dispositions de l'arr\u00eat\u00e9 du 30 ao\u00fbt 2010 et de l'article R313-4-3 selon les items suivants : \nLes pi\u00e8ces   suivantes   devront   figurer   au   dossier   et   feront   l'objet d'un dossier \u00ab AAP 92 ou 93 \nCandidature EMSP \u00bb, comprenant la fiche candidat (en annexe) et les documents suivants conform\u00e9ment \n\u00e0 l'article R313-4-3 du CASF : \n- Les documents permettant de l'identifier, notamment un exemplaire de ses statuts s'il s'agit d'une \npersonne morale de droit priv\u00e9 ; \n- Une d\u00e9claration sur l'honneur certifiant qu'il n'est pas l'objet de l'une des condamnations devenues \nd\u00e9finitives mentionn\u00e9es au livre III du pr\u00e9sent code ; \n- Une d\u00e9claration sur l'honneur certifiant qu'il n'est l'objet d'aucune des proc\u00e9dures mentionn\u00e9es aux \narticles L. 313-16, L. 331-5, L. 471-3, L. 472-10, L. 474-2 ou L. 474-5 ; \n- Une copie de la derni\u00e8re certification aux comptes s'il y est tenu en vertu du code de commerce  ; \nAgence R\u00e9gionale de Sant\u00e9 - IDF-2025-12-17-00016 - Appel \u00e0 projets pour la cr\u00e9ation\nd'\u00c9quipes mobiles sant\u00e9 pr\u00e9carit\u00e9, \u00e0 implanter dans\nles d\u00e9partements des Hauts-de-Seine et de Seine-Saint-Denis et cahier des charges\n101\n \n \n \nAppel \u00e0 projets EMSP D\u00e9partement des Hauts-de-Seine et de Seine-Saint-Denis \u2013 Cahier des charges \n \n \n \n6 \n- Des \u00e9l\u00e9ments descriptifs de son activit\u00e9 dans le domaine social et m\u00e9dico -social et de la situation \nfinanci\u00e8re de cette activit\u00e9 ou de son but social ou m\u00e9dico-social tel que r\u00e9sultant de ses statuts lorsqu'il \nne dispose pas encore d'une telle activit\u00e9.  \nLe candidat devra transmettre \u00e9galement les documents et \u00e9l\u00e9ments demand\u00e9s dans le cahier des charges.  \nLes pi\u00e8ces suivantes devront figurer au dossier intitul\u00e9 \u00ab AAP 92 ou 93 EMSP \u00bb, conform\u00e9ment \u00e0 l'article \nR313-4-3 du CASF et \u00e0 l'arr\u00eat\u00e9  du 30 ao\u00fbt 2010 (contenu minimal de l'\u00e9tat descriptif des principales \ncaract\u00e9ristiques de projet). Ce dossier devra \u00eatre compos\u00e9 comme suit : \n- Un sous dossier permettant de d\u00e9crire de mani\u00e8re compl\u00e8te le projet en r\u00e9ponse aux besoins d\u00e9crits par le \ncahier des charges, intitul\u00e9 \u00ab AAP 92 ou 93 \u2013 projet EMSP \u2013 Description compl\u00e8te \u00bb, \n- Un sous dossier relatif aux d\u00e9marches et proc\u00e9dures propres \u00e0 garantir la qualit\u00e9 de la prise en charge, intitul\u00e9 \n\u00ab AAP 92 ou 93 \u2013 projet EMSP\u2013 Qualit\u00e9 \u00bb, comprenant :  \n- Un avant-projet du projet d'\u00e9tablissement ou de service mentionn\u00e9 \u00e0 l'article L. 311 -8 ; \n- L'\u00e9nonc\u00e9 des dispositions propres \u00e0 garantir les droits des usagers en application des articles L. 311-3 \u00e0 \nL. 311-8 ainsi que, le cas \u00e9ch\u00e9ant, les solutions envisag\u00e9es en application de l'article L. 311 -9 pour \ngarantir le droit \u00e0 une vie familiale des personnes accueillies ou accompagn\u00e9es ; \n- Lorsque la demande d'autorisation concerne un service mentionn\u00e9 au 14\u00b0 du I de l'article L. 312 -1, \nl'\u00e9nonc\u00e9 des dispositions propres \u00e0 garantir les droits des usagers en application des articles L. 471-6 et \nL. 471-8 ; \n- La m\u00e9thode d'\u00e9valuation pr\u00e9vue pour l'application du premier alin\u00e9a de l'article L. 312 -8, ou le r\u00e9sultat \ndes \u00e9valuations faites en application du m\u00eame article dans le cas d'une extension ou d'une transformation \n; \n- Le cas \u00e9ch\u00e9ant, les modalit\u00e9s de coop\u00e9ration envisag\u00e9es en application de l'article L. 312-7. \n \n- Un sous dossier relatif aux personnels, intitul\u00e9 \u00ab AAP 92 ou 93 \u2013 projet EMSP \u2013 Personnels \u00bb comprenant : \n- Une r\u00e9partition pr\u00e9visionnelle des effectifs par type de qualification cf. tableau du cahier des charges ;   \n- L'organigramme auquel seront annex\u00e9s : \no les d\u00e9l\u00e9gations et qualifications du professionnel charg\u00e9 de la direction devant respecter les \narticles D. 312 -176-5 \u00e0 9 du CASF (\u00e9tablissement m\u00e9dico -social de droit priv\u00e9) ou l'article D. \n372-176-10 du CASF (\u00e9tablissement m\u00e9dico-social de droit public). \no une formalisation des d\u00e9l\u00e9gations dans tous les cas de figure. \no les fiches de poste ;  \no un planning hebdomadaire type ; \no la description des modalit\u00e9s de management et de coordination des professionnels, ainsi que \nles modalit\u00e9s de supervision et de soutien des professionnels ; \n- Le plan de recrutement  pr\u00e9cisant clairement l'\u00e9ventualit\u00e9 de mutualisation de personnels a vec des \ndispositifs existants ; \n- Le plan de formation sur cinq ans indiquant le type de formations propos\u00e9es et leurs objets, en \nconcordance avec les sp\u00e9cificit\u00e9s du public accueilli, et les interventions propos\u00e9es dans le projet.  \n- Si la demande d'autorisation concerne un service mentionn\u00e9 au 14\u00b0 ou au 15\u00b0 du I de l'article L. 312 -1, \nles m\u00e9thodes de recrutement suivies pour se conformer aux dispositions des articles L. 471-4 et L. 474-\n3 et les r\u00e8gles internes fix\u00e9es pour le contr\u00f4le des personnes qui ont re\u00e7u d\u00e9l\u00e9gation des repr\u00e9sentants \ndu service pour assurer la mise en \u0153uvre des mesures de protection des majeurs ou des mesures \njudiciaires d'aide \u00e0 la gestion du budget familial ; \n- Les prestataires de services et les vacations ext\u00e9rieures par type de qualification  et le cas \u00e9ch\u00e9ant les \nprojets de convention \u00e9voqu\u00e9s avec les partenaires. \n \n- Un sous dossier financier, intitul\u00e9 \u00ab AAP 92 ou 93  \u2013 projet EMSP - Financement \u00bb, comportant outre le bilan \nfinancier du projet et le plan de financement de l'op\u00e9ration, mentionn\u00e9s au 2\u00b0 de l'article R313-4-3 du m\u00eame code \n:  \n- a) Les comptes annuels consolid\u00e9s de l'organisme gestionnaire lorsqu'ils sont obligatoires ;  \n- b) Le programme d'investissement pr\u00e9visionnel pr\u00e9cisant la nature des op\u00e9rations, leurs co\u00fbts, leurs \nmodes de financement et un planning de r\u00e9alisation ;  \nAgence R\u00e9gionale de Sant\u00e9 - IDF-2025-12-17-00016 - Appel \u00e0 projets pour la cr\u00e9ation\nd'\u00c9quipes mobiles sant\u00e9 pr\u00e9carit\u00e9, \u00e0 implanter dans\nles d\u00e9partements des Hauts-de-Seine et de Seine-Saint-Denis et cahier des charges\n102\n \n \n \nAppel \u00e0 projets EMSP D\u00e9partement des Hauts-de-Seine et de Seine-Saint-Denis \u2013 Cahier des charges \n \n \n \n7 \n- c) En cas d'extension ou de transformation d'un \u00e9tablissement ou d'un service existant, le bilan \ncomptable de cet \u00e9tablissement ou service ;  \n- d) Les incidences sur le budget d'exploitation de l'\u00e9tablissement ou du service du plan de financement \nmentionn\u00e9 ci-dessus ;  \n- e) Le cas \u00e9ch\u00e9ant, les incidences sur les d\u00e9penses restant \u00e0 la charge des personnes accueillies ou \naccompagn\u00e9es ; \n- f) Le budget pr\u00e9visionnel en ann\u00e9e pleine de l'\u00e9tablissement ou du service pour sa premi\u00e8re ann\u00e9e de \nfonctionnement. Les mod\u00e8les des documents relatifs au bilan financier, au plan de financement et \u00e0 celui \nmentionn\u00e9 au d sont fix\u00e9s par arr\u00eat\u00e9 du ministre charg\u00e9 de l'action sociale.  \n- Un document pr\u00e9sentant un \u00e9tat descriptif des modalit\u00e9s de coop\u00e9ration envisag\u00e9es dans le cas o\u00f9 plusieurs \npersonnes physiques ou morales gestionnaires s'associent pour proposer un projet. \n \n \n \n \n \n \n \n \n \n \n \n \n \n \n \n \n \n \n \n \n \n \n \n \n \n \n \n \n \n \n \n \n \n \n \n \n \n \n \n \n \n              Fait \u00e0 Saint-Denis, le 17 d\u00e9cembre 2025 \n \n            \n \n      SIGNE \n \n              Par Luc GINOT,  \n              Directeur de la Sant\u00e9 Publique \n  \n              Pour le Directeur g\u00e9n\u00e9ral \n              de l'Agence r\u00e9gionale de sant\u00e9 \n              Ile-de-France, \n \n              Denis ROBIN \n \n \n \n \n \n \n \n \n \n \n \n \n \n \n \n \n \n \n \n \n \n \n \nAgence R\u00e9gionale de Sant\u00e9 - IDF-2025-12-17-00016 - Appel \u00e0 projets pour la cr\u00e9ation\nd'\u00c9quipes mobiles sant\u00e9 pr\u00e9carit\u00e9, \u00e0 implanter dans\nles d\u00e9partements des Hauts-de-Seine et de Seine-Saint-Denis et cahier des charges\n103\n \n \n \nAppel \u00e0 projets EMSP D\u00e9partement des Hauts-de-Seine et de Seine-Saint-Denis \u2013 Cahier des charges \n \n \n \n8 \n   \nANNEXE 1 :  FICHE A JOINDRE AU DOSSIER DE REPONSE, partie \u00ab Candidature \u00bb  \n \nI. Identification du candidat \nNom de l'organisme candidat : \n...................................................................................................................................................................... \nStatut (association, fondation, soci\u00e9t\u00e9, etc.) : \n...................................................................................................................................................................... \nDate de cr\u00e9ation : \n..................................................................................................................................................................... \nLe cas \u00e9ch\u00e9ant, reconnaissance d'utilit\u00e9 publique : \n............................................................................................................................. ............................................... \nPr\u00e9sident : ..................................................................................................................................................... \nDirecteur : ..................................................................................................................................................... \nPersonne \u00e0 contacter dans le cadre de l'AAP : \n................................................................................................................................................................... \nAdresse :  \n............................................................................................................................. ............................................... \nT\u00e9l\u00e9phone : \n...................................................................................................................................................................... \nE-mail : ........................................................................................................................................................ \nSi\u00e8ge social (si diff\u00e9rent) : \n............................................................................................................................. ............................................... \n \nII. D\u00e9nomination et nom de la structure  \n............................................................................................................................. ............................................... \n............................................................................................................................. ............................................... \n............................................................................................................................. ............................................... \n \nIII. Public accueilli \n............................................................................................................................. ............................................... \n............................................................................................................................. ............................................... \n............................................................................................................................. ............................................... \n \nIV. Nature de l'\u00e9quipe mobile, modalit\u00e9s d'intervention /  de f onctionnement et \naccompagnement \n............................................................................................................................. ............................................... \n............................................................................................................................. ............................................... \n............................................................................................................................. ............................................... \n \n \n \nV. Territoires d'intervention \n............................................................................................................................. ............................................... \n............................................................................................................................. ............................................... \n............................................................................................................................. ............................................... \n \nAgence R\u00e9gionale de Sant\u00e9 - IDF-2025-12-17-00016 - Appel \u00e0 projets pour la cr\u00e9ation\nd'\u00c9quipes mobiles sant\u00e9 pr\u00e9carit\u00e9, \u00e0 implanter dans\nles d\u00e9partements des Hauts-de-Seine et de Seine-Saint-Denis et cahier des charges\n104\n \n \n \nAppel \u00e0 projets EMSP D\u00e9partement des Hauts-de-Seine et de Seine-Saint-Denis \u2013 Cahier des charges \n \n \n \n9 \n \nVI. Partenariats envisag\u00e9s \n............................................................................................................................. ............................................... \n............................................................................................................................. ............................................... \n............................................................................................................................. ............................................... \n \nVII. Financement \n \nFonctionnement : \nBudget pr\u00e9visionnel total ann\u00e9e pleine : \n.......................................................................................................................................................................... \no Groupe 1 :   \no Groupe2 :  \no Groupe 3 :   \n- Co\u00fbt annuel \u00e0 la place : \n- Frais de si\u00e8ge : \nInvestissement (montant total) : \n.................................................................................................................................................................... \n- Travaux d'am\u00e9nagement : \n- \u00c9quipement : \n- Modalit\u00e9s de financement :  \n............................................................................................................................. ............................................... \n \n \nVIII. Personnel \nTotal du personnel en ETP : \n............................................................................................................................. ............................................... \ndont personnels mutualis\u00e9s avec autre structure : \n\u2026\u2026\u2026\u2026\u2026\u2026\u2026\u2026\u2026\u2026\u2026\u2026\u2026\u2026\u2026\u2026\u2026\u2026\u2026\u2026\u2026\u2026\u2026\u2026\u2026\u2026\u2026\u2026\u2026\u2026.. \n  \nAgence R\u00e9gionale de Sant\u00e9 - IDF-2025-12-17-00016 - Appel \u00e0 projets pour la cr\u00e9ation\nd'\u00c9quipes mobiles sant\u00e9 pr\u00e9carit\u00e9, \u00e0 implanter dans\nles d\u00e9partements des Hauts-de-Seine et de Seine-Saint-Denis et cahier des charges\n105\n \n \n \nAppel \u00e0 projets EMSP D\u00e9partement des Hauts-de-Seine et de Seine-Saint-Denis \u2013 Cahier des charges \n \n \n \n10 \nANNEXE 2 :  CAHIER DES CHARGES  \n \nI. ELEMENTS DE CONTEXTE  \n \nA. Contexte r\u00e9gional et territorial \n \nLes personnes en situation de pr\u00e9carit\u00e9, r\u00e9sidant dans un logement ou un h\u00e9bergement pr\u00e9caire ou sans abri \npr\u00e9sentent souvent des probl\u00e8mes sanitaires complexes r\u00e9sultant tant du fait qu'elles recourent peu aux services \nde m\u00e9decine ou de pr\u00e9vention, que de  l'absence de logement qui freine l'acc\u00e8s aux soins. Du fait de leurs \nconditions de vie, de leurs probl\u00e9matiques qui entrem\u00ealent des questions sociales, \u00e9conomiques, m\u00e9dicales et/ou \npsychologiques, les besoins de ces personnes sont \u00e0 la fois sanitaires, sociaux et m\u00e9dico-sociaux.  \n \nLa r\u00e9ponse impose donc de coordonner l'action de ces trois champs d'i ntervention et requiert et des savoir-faire \nparticuliers au regard notamment du fait que ces personnes n'expriment pas toujours leurs besoins.  \n \nL'objectif de l'ARS Ile -de-France est d'organiser, au plus pr\u00e8s des besoins des populations sur leur territoire de \nvie, une r\u00e9ponse coh\u00e9rente et adapt\u00e9e et un parcours de sant\u00e9 structur\u00e9 et fluide. Cette ambition est le fil \nconducteur transversal des sch\u00e9mas d'organisation r\u00e9gionaux.  \n \nLes structures de soin r\u00e9sidentiel s pour les personnes en difficult\u00e9s sp\u00e9cifiques  ainsi que les \u00e9quipes mobiles  \nm\u00e9dico-sociales r\u00e9pondent aux exigences de transversalit\u00e9 et de pluridisciplinarit\u00e9 du Sch\u00e9ma R\u00e9gional de Sant\u00e9 \n(SRS), en garantissant une prise en charge m\u00e9dico-sociale temporaire des personnes sans domicile, quelle que \nsoit leur situation administrative et un acc\u00e8s \u00e0 tous aux soins. \n \nConform\u00e9ment au sch\u00e9ma r\u00e9gional de sant\u00e9 2023-2028, il est n\u00e9cessaire d'augmenter les capacit\u00e9s des \u00e9quipes \nmobiles afin de mailler plus finement les territoires franciliens et r\u00e9pondre aux besoins.  Dans ce cadre, l'appel \u00e0 \nprojet vise \u00e0 consolider des dynamiques territoriales d\u00e9j\u00e0 engag\u00e9es, en renfor\u00e7ant les capacit\u00e9s d'intervention \ndes op\u00e9rateurs investis dans l'accompagnement des publics pr\u00e9caires confront\u00e9s \u00e0 des conduites addictives . \n \n \nLe d\u00e9partement des Hauts-de-Seine (92) :  \n \nLe d\u00e9partement des Hauts-de-Seine, qui compte un peu plus de 1,6 million d'habitants (soit 13 % de la population \nfrancilienne), se caract\u00e9rise par une forte h\u00e9t\u00e9rog\u00e9n\u00e9it\u00e9 sociale et territoriale. Malgr\u00e9 un maillage de structures \nd'addictologie relativement bien r\u00e9parti, les probl\u00e9matiques li\u00e9es aux conduites addictives restent insuffisamment \nrep\u00e9r\u00e9es, accompagn\u00e9es et prises en charge, en particulier chez les publics en situation de pr\u00e9carit\u00e9. Les \nstructures d'h\u00e9bergement, souvent d\u00e9pourvues de professionnels form\u00e9s \u00e0 ces enjeux, se retrouvent en difficult\u00e9 \npour orienter les personnes concern\u00e9es vers des dispositifs adapt\u00e9s. Cette situation entra\u00eene des ruptures de \nparcours (soins, h\u00e9bergement, insertion) et une d\u00e9gradation de l'\u00e9tat de sant\u00e9 global des usage rs. \n \nLes jeunes sont \u00e9galement concern\u00e9s par des formes d'addiction parfois invisibles ou banalis\u00e9es (usage de \ncannabis, alcool, \u00e9crans, etc.) . Dans les Hauts -de-Seine, ces probl\u00e9matiques sont d'autant plus complexes \u00e0 \nappr\u00e9hender que les publics jeunes en errance ou h\u00e9berg\u00e9s temporairement \u00e9chappent souvent aux dispositifs \nclassiques de pr\u00e9vention et de soin.  Les jeunes des Hauts -de-Seine pr\u00e9sentent des niveaux de consommation \nde substances psychoactives sup\u00e9rieurs \u00e0 la moyenne nationale. Ce constat s'\u00e9tend \u00e9ga lement \u00e0 d'autres \nsubstances comme la coca\u00efne ou l'ecstasy : 23 % des jeunes du d\u00e9partement en ont d\u00e9j\u00e0 fait l'usage, contre \nseulement 14 % au niveau national. Ces donn\u00e9es illustrent l'ampleur des enjeux li\u00e9s aux conduites addictives \nchez les jeunes dans le 92, et renforcent la n\u00e9cessit\u00e9 d'une approche territorialis\u00e9e et adapt\u00e9e.  \n \nEn cons\u00e9quence les projets port\u00e9s dans le cadre de l'appel \u00e0 projets devront s'appuyer sur des \u00e9quipes mobiles, \ncapables d'intervenir sur l'ensemble du territoire des Hauts -de-Seine. Ces \u00e9quipes devront \u00e9galement disposer \nou d\u00e9velopper des partenariats loc aux solides, afin d'am\u00e9liorer la prise en charge des usagers sur le volet \naddiction, tant dans les lieux d'h\u00e9bergement que dans les lieux de vie informels.  \n \nLe d\u00e9partement de la Seine-Saint-Denis (93) :  \n \nLa Seine-Saint-Denis est un territoire caract\u00e9ris\u00e9 par de fortes in\u00e9galit\u00e9s sociales et sanitaires, malgr\u00e9 une grande \nh\u00e9t\u00e9rog\u00e9n\u00e9it\u00e9 de situations. Elle compte 1,67 million d'habitants en 2024, soit 13,6 % de la population francilienne. \n \nAgence R\u00e9gionale de Sant\u00e9 - IDF-2025-12-17-00016 - Appel \u00e0 projets pour la cr\u00e9ation\nd'\u00c9quipes mobiles sant\u00e9 pr\u00e9carit\u00e9, \u00e0 implanter dans\nles d\u00e9partements des Hauts-de-Seine et de Seine-Saint-Denis et cahier des charges\n106\n \n \n \nAppel \u00e0 projets EMSP D\u00e9partement des Hauts-de-Seine et de Seine-Saint-Denis \u2013 Cahier des charges \n \n \n \n11 \nIl s'agit d'un d\u00e9partement fortement d\u00e9favoris\u00e9 qui pr\u00e9sente l'indice de d\u00e9veloppement humain (IDH) le plus faible \nd'\u00cele-de-France, avec de nombreux territoires class\u00e9s en quartiers prioritaires de la politique de la ville, notamment \nau nord et \u00e0 l'est du d\u00e9partement. Le taux de pauvret\u00e9 reste l'un des plus \u00e9lev\u00e9s de France m\u00e9tropolitaine : 28,6 \n% des habitants vivent sous le seuil de pauvret\u00e9 (contre 15,1 % en \u00cele-de-France). \nPar ailleurs, on y recense environ 3 800 personnes sans domicile et pr\u00e8s de 7 200 vivant dans des habitats de \nfortune (bidonvilles, squats, campements).  Selon les donn\u00e9es du SIAO 93, pr\u00e8s de 62 % des demandes \nd'h\u00e9bergement ne trouvent pas de solution adapt\u00e9e, g\u00e9n\u00e9rant des parcours d'errance et une aggravation des \nsituations de pr\u00e9carit\u00e9.  L'habitat indigne reste \u00e9galement marqu\u00e9, avec plus de 40 000 logements consid\u00e9r\u00e9s \ninsalubres ou pr\u00e9sentant des pathologies s\u00e9v\u00e8res (humidit\u00e9, saturnisme, punaises de lit),  contribuant \u00e0 \nl'apparition ou \u00e0 l'aggravation de troubles de sant\u00e9. \nL'esp\u00e9rance de vie des s\u00e9quano-dyonisiens  est inf\u00e9rieure de 2,5 ans \u00e0 la moyenne r\u00e9gionale, avec des taux de \nmortalit\u00e9 pr\u00e9matur\u00e9e \u00e9vitable parmi les plus \u00e9lev\u00e9s d'\u00cele -de-France. La pr\u00e9valence des maladies chroniques \n(diab\u00e8te, ob\u00e9sit\u00e9, hypertension) y est sup\u00e9rieure \u00e0 la moyenne r\u00e9gionale. \nFace \u00e0 ces constats, la cr\u00e9ation d'\u00e9quipes mobiles en 2022 a permis de lancer la structuration d'une offre d'aller-\nvers en sant\u00e9 pr\u00e9carit\u00e9. Cette offre doit aujourd'hui \u00eatre renforc\u00e9e, avec la cr\u00e9ation d'une nouvelle Equipe Mobile \nSant\u00e9 Pr\u00e9carit\u00e9 orient\u00e9e notamment sur l'accompagnement et la prise en charge des probl\u00e9matiques d'addictions \ndes personnes suivies. L'expertise des personnes recrut\u00e9es, dans le champ de l'addictologie sera donc \nprivil\u00e9gi\u00e9e.  \n \nCette nouvelle \u00e9quipe sera d\u00e9ploy\u00e9e en coordination avec les \u00e9quipes mobiles existantes  et couvrira l'ensemble \ndu d\u00e9partement de la Seine-Saint-Denis. \n \n \nB. Dispositions l\u00e9gales et r\u00e8glementaires \n \n \nLes EMSP sont des \u00e9tablissements m\u00e9dico -sociaux au sens du 9\u00b0 du I de l'article L.  312-1 du code de l' action \nsociale et des familles (CASF).  \nEn cons\u00e9quence, les dispositions d'ordre g\u00e9n\u00e9ral en mati\u00e8re d'organisation et de fonctionnement des \n\u00e9tablissements m\u00e9dico-sociaux sont applicables \u00e0 ces structures. \n \nLeurs missions et leur fonctionnement ont \u00e9t\u00e9 fix\u00e9es par le d\u00e9cret n\u00b0 2021 -1170 du 9 septembre 2021 relatif aux \n\u00e9quipes mobiles m\u00e9dico-sociales intervenant aupr\u00e8s de personnes confront\u00e9es \u00e0 des difficult\u00e9s sp\u00e9cifiques.  De \nm\u00eame, le cahier des charges a \u00e9t\u00e9 publi\u00e9 au sein de l'instruction du 17 novembre 2021 compl\u00e9mentaire \u00e0 \nl'instruction du 8 juin 2021 relative \u00e0 la campagne budg\u00e9taire pour l'ann\u00e9e 2021 des \u00e9tablissements et services \nm\u00e9dico-sociaux accueillant des personnes confront\u00e9es \u00e0 des difficult\u00e9s sp\u00e9cifiques \u2013 Annexe 2. \n \nLes r\u00e8gles relatives \u00e0 la gestion budg\u00e9taire, comptable et financi\u00e8re et aux modalit\u00e9s de financement et de \ntarification sont d\u00e9finies aux articles R. 314-4 et suivants du CASF. \n \nLes dispositions applicables au fonctionnement de la structure sont les suivantes :  \n \n- La loi n\u00b0 2002-2 du 2 janvier 2002 r\u00e9novant l'action sociale et m\u00e9dico-sociale ; \n- La loi n\u00b0 2005-102 du 11 f\u00e9vrier 2005 pour l'\u00e9galit\u00e9 des droits et des chances, la participation et la citoyennet\u00e9 \n- Le code de l'action sociale et des familles, notamment les articles L. 312-1, L. 313-1 et suivants, ainsi que \nl'article D. 312-176-4-26 \n- Le Code de la Sant\u00e9 Publique (CSP), notamment les articles L. 5126 -1, L. 5126 -5, L. 5126 -6, L. 6325-1, \nR6325-1 et D. 6124-311 ;  \n- Le Code de la S\u00e9curit\u00e9 Sociale (CSS), notamment les articles L. 174-9-1 et R174-7 ;  \n- Le d\u00e9cret n\u00b0 2021-1170 du 9 septembre 2021 relatif aux \u00e9quipes mobiles m\u00e9dico-sociales intervenant aupr\u00e8s \nde personnes confront\u00e9es \u00e0 des difficult\u00e9s sp\u00e9cifiques. \n- L'instruction du 17 novembre 2021 compl\u00e9mentaire \u00e0 l'instruction du 8 juin 2021 relative \u00e0 la campagne \nbudg\u00e9taire pour l'ann\u00e9e 2021 des \u00e9tablissements et services m\u00e9dico -sociaux accueillant des personnes \nconfront\u00e9es \u00e0 des difficult\u00e9s sp\u00e9cifiques \u2013 Annexe 2 : cahier des charges des LHSS mobiles, des \u00e9quipes \nmobiles sant\u00e9 pr\u00e9carit\u00e9 (EMSP) et des \u00e9quipes sp\u00e9cialis\u00e9es de soins infirmiers Pr\u00e9carit\u00e9 (ESSIP).  \nAgence R\u00e9gionale de Sant\u00e9 - IDF-2025-12-17-00016 - Appel \u00e0 projets pour la cr\u00e9ation\nd'\u00c9quipes mobiles sant\u00e9 pr\u00e9carit\u00e9, \u00e0 implanter dans\nles d\u00e9partements des Hauts-de-Seine et de Seine-Saint-Denis et cahier des charges\n107\n \n \n \nAppel \u00e0 projets EMSP D\u00e9partement des Hauts-de-Seine et de Seine-Saint-Denis \u2013 Cahier des charges \n \n \n \n12 \n \n \nLa proc\u00e9dure d'appel \u00e0 projet est r\u00e9gie par les textes suivants :  \n \n- La loi n\u00b0 2016-41 du 26 janvier 2016 de modernisation de notre syst\u00e8me de sant\u00e9 ;  \n- La loi n\u00b0 2009 -879 du 21 juillet 2009 portant r\u00e9forme de l'h\u00f4pital et relative aux patients, \u00e0 la sant\u00e9 et aux \nterritoires ; \n- Le d\u00e9cret n\u00b0 2016-801 du 15 juin 2016 modifiant la proc\u00e9dure d'appel \u00e0 projets et d'autorisation mentionn\u00e9e \n\u00e0 l'article L. 313-1-1 du code de l'action sociale et des familles ; \n- L'arr\u00eat\u00e9 du 30 ao\u00fbt 2010 relatif au contenu minimal de l'\u00e9tat descriptif des principales caract\u00e9ristiques d'un \nprojet d\u00e9pos\u00e9 dans le cadre de la proc\u00e9dure de l'appel \u00e0 projets mentionn\u00e9e \u00e0 l'article L. 313-1-1 et R.313-4-\n3 du CASF ; \n- La circulaire DGCS/SD5B n\u00b0 2014 -287 du 20 octobre 2014 relative \u00e0 la proc\u00e9dure d'appel \u00e0 projets et \nd'autorisation des \u00e9tablissements et services sociaux et m\u00e9dico-sociaux. \n \nTout projet d\u00e9pos\u00e9 doit respecter les textes ci-dessus r\u00e9f\u00e9renc\u00e9s. \n \nLe pr\u00e9sent cahier des charges, \u00e9tabli conform\u00e9ment aux dispositions de l'article R. 313-3 du CASF, a pour objectif \nde d\u00e9finir les conditions d'ouverture de ces lits ainsi que les caract\u00e9ristiques techniques auxquelles chaque \ncandidat doit r\u00e9pondre.  \n \n \nII. ELEMENTS DE CADRAGE DU PROJET \n \nA. Objet de l'appel \u00e0 projets \n \nLe pr\u00e9sent appel \u00e0 projet s'inscrit dans le cadre du 9\u00b0 de l'article L. 312-1, de l'article L. 312-8, des articles L. 313-\n1 et suivants et R313-1 et suivants, des articles L. 314-1 et suivants et R314-1 et suivants et des articles D. 312-\n176-3 et D. 312-176-4-26 du code de l'action sociale et des familles, de l'article L. 174-9-1 du code de la s\u00e9curit\u00e9 \nsociale.  \n \nCet appel \u00e0 projets a pour objet la cr\u00e9ation, dans les d\u00e9partements des Hauts-de-Seine et de Seine-Saint-Denis, \net dans la contrainte de la dotation r\u00e9gionale limitative : \n-  de deux \u00e9quipes mobiles m\u00e9dico-sociale intervenant aupr\u00e8s de personnes confront\u00e9es \u00e0 des difficult\u00e9s \nsp\u00e9cifiques. \n \nCes \u00e9quipes sont destin\u00e9es \u00e0 : \n- Venir en appui aux structures du secteur Accueil, H\u00e9bergement et Insertion (AHI) confront\u00e9es \u00e0 des \nsituations de personnes \u00e9loign\u00e9es du syst\u00e8me de sant\u00e9 ; \n- Initier ou permettre la poursuite d'un accompagnement dans le secteur AHI ou dans tout autre lieu de vie \nde ces personnes (y compris l'habitat informel ou la rue) ; \n- Eviter les ruptures de prise en charge ou en limiter les cons\u00e9quences, et faciliter la continuit\u00e9 des parcours \nde soins notamment pour les publics ayant des conduites addictives. \n \n \nB. Capacit\u00e9 d'accueil  \n \nL'appel \u00e0 projets porte sur la cr\u00e9ation de deux EMSP sur le territoire des Hauts-de-Seine et de Seine-Saint-Denis \npour les personnes confront\u00e9es \u00e0 des difficult\u00e9s sp\u00e9cifiques et ayant des conduites addictives. \n \nC.  Dur\u00e9e des autorisations \n \nEn application de l'article L. 313-1 du CASF, les places de  l'EMSP seront autoris\u00e9es pour une dur\u00e9e de quinze \nans. Le renouvellement de l'autorisation sera subordonn\u00e9 aux r\u00e9sultats de l'\u00e9valuation externe mentionn\u00e9e \u00e0 \nl'article L. 312-8 du CASF dans les conditions pr\u00e9vues \u00e0 l'article L. 313-5 du m\u00eame code. \nAgence R\u00e9gionale de Sant\u00e9 - IDF-2025-12-17-00016 - Appel \u00e0 projets pour la cr\u00e9ation\nd'\u00c9quipes mobiles sant\u00e9 pr\u00e9carit\u00e9, \u00e0 implanter dans\nles d\u00e9partements des Hauts-de-Seine et de Seine-Saint-Denis et cahier des charges\n108\n \n \n \nAppel \u00e0 projets EMSP D\u00e9partement des Hauts-de-Seine et de Seine-Saint-Denis \u2013 Cahier des charges \n \n \n \n13 \n \n \nD. Publics pris en charge par l'\u00e9quipe mobile  \n \nDans le cadre de cet appel \u00e0 projets et de l'appel \u00e0 candidatures, l'Agence souhaite la mise en place d'EMSP, en \ncompl\u00e9ment des dispositifs actuellement existants sur le plan sanitaire et en appui aux dispositifs d'h\u00e9bergement \nouverts ou en cours de cr\u00e9ation.  \n \nLes publics cibl\u00e9s par l'EMSP sont, quel que soit leur statut administratif :    \n- Des personnes sans domicile fixe ou sans r\u00e9sidence stable ;  \n- Des personnes en situation d'urgence sociale rencontrant des difficult\u00e9s de sant\u00e9, h\u00e9berg\u00e9es au sein \ndes structures relevant de l'accueil de l'h\u00e9bergement et de l'Insertion (AHI) ou en Foyers de travailleurs \nmigrants (FTM), en appui \u00e0 la coordination des soins mises en place au sein des structures suivantes ;  \n- Des personnes fr\u00e9quentant des lieux d'accueil : accueils de jour, Centres Communaux d'Actions \nSociaux (CCAS), centres de sant\u00e9, etc. ; \n- Des personnes en situation de grande pr\u00e9carit\u00e9 ou personnes tr\u00e8s d\u00e9munies, quel que soit leur lieu de \nvie, ne b\u00e9n\u00e9ficiant pas ou plus d'un accompagnement adapt\u00e9 \u00e0 leurs besoins en sant\u00e9 (personnes vivant \nen bidonville, en campements, en squats, personnes   en situation de grande pr\u00e9carit\u00e9 au sein de leur \nlogement, personne vivant en logement insalubre ou d\u00e9grad\u00e9, sortants de d\u00e9tention dans une perspective \nd'amor\u00e7age d'accompagnement m\u00e9dico -sociale ou de continuit\u00e9 des accompagnements effectu\u00e9s en \nd\u00e9tention, personnes h\u00e9berg\u00e9es dans le Dispositif National d'Accueil (DNA)\u2026) ; \n- Des personnes ayant des conduites addictives. \n \nE. Zone d'intervention des \u00e9quipes mobiles \n \n \nPour les Hauts -de Seine et la Seine -Saint-Denis, l '\u00e9quipe mobile sant\u00e9 pr\u00e9carit\u00e9 a vocation \u00e0 intervenir sur \nl'ensemble du territoire. \n \nDans ce p\u00e9rim\u00e8tre d'intervention, l'op\u00e9rateur s'engage \u00e0 intervenir quelle que soit la nature du lieu de vie des \nb\u00e9n\u00e9ficiaires (logement, h\u00e9bergement en structure sociale, h\u00f4tel, habitat informel, rue).  \n \n \nF. D\u00e9lais de mise en \u0153uvre des projets \n \nLe projet retenu devra pouvoir \u00eatre mis en service dans un d\u00e9lai maximum de 4 mois suivant la notification de \nl'autorisation.  \n \nChaque candidat pr\u00e9sentera un calendrier pr\u00e9visionnel de son projet pr\u00e9cisant les diff\u00e9rentes \u00e9tapes et les d\u00e9lais \npr\u00e9vus jusqu'\u00e0 l'ouverture de la structure. La date pr\u00e9visionnelle d'accueil du public sera indiqu\u00e9e.  \n \nL'autorisation ne sera acquise qu'apr\u00e8s la visite de conformit\u00e9 effectu\u00e9e avant l'ouverture de l'\u00e9tablissement. \n \n \nG. Strat\u00e9gie, gouvernance et pilotage du projet d'\u00e9quipe mobile \n \n \nGestionnaire \n \nConform\u00e9ment au d\u00e9cret n\u00b02021-1170 du 9 septembre 2021 pr\u00e9cit\u00e9, les \u00e9quipes mobiles m\u00e9dico -sociales sont \ng\u00e9r\u00e9es \u00ab par une personne morale de droit public ou de droit priv\u00e9, ayant une connaissance du public accueilli et \nune exp\u00e9rience de sa prise en charge. Une m\u00eame personne morale peut g\u00e9rer plusieurs structures implant\u00e9es \nsur diff\u00e9rents sites. \u00bb \n \nLe candidat apportera des informations sur : \n- son identit\u00e9 ; \n- son projet associatif ou projet de gouvernance ; \n- ses valeurs, ses missions, son historique ; \nAgence R\u00e9gionale de Sant\u00e9 - IDF-2025-12-17-00016 - Appel \u00e0 projets pour la cr\u00e9ation\nd'\u00c9quipes mobiles sant\u00e9 pr\u00e9carit\u00e9, \u00e0 implanter dans\nles d\u00e9partements des Hauts-de-Seine et de Seine-Saint-Denis et cahier des charges\n109\n \n \n \nAppel \u00e0 projets EMSP D\u00e9partement des Hauts-de-Seine et de Seine-Saint-Denis \u2013 Cahier des charges \n \n \n \n14 \n- son organisation (l'organigramme d\u00e9taill\u00e9, les instances, le cas \u00e9ch\u00e9ant les liens entre la structure et le \nsi\u00e8ge, la structuration du si\u00e8ge, les divers \u00e9tablissements et services m\u00e9dico -sociaux ou sociaux g\u00e9r\u00e9s \npar le gestionnaire) ; \n- sa situation financi\u00e8re (bilan et compte de r\u00e9sultat) ; \n- son activit\u00e9 dans le domaine m\u00e9dico-social et la situation financi\u00e8re de cette activit\u00e9 ; \n- son \u00e9quipe de direction (qualifications, tableau d'emplois de direction). \n \nIl devra notamment faire apparaitre ses exp\u00e9riences ant\u00e9rieures dans la prise en charge des probl\u00e9mati ques de \nsoins et de sant\u00e9 des personnes en situation de pr\u00e9carit\u00e9 et de vuln\u00e9rabilit\u00e9, sa connaissance des partenaires, \ndu territoire d'implantation et des acteurs locaux.  \n \nUne attention particuli\u00e8re sera port\u00e9e aux candidatures port\u00e9es par des structures d\u00e9j\u00e0 titulaires d'une autorisation \nde gestion d'un Centre de Soins, d'Accompagnement et de Pr\u00e9vention en Addictologie (CSAPA). Cette approche \nvise \u00e0 capitaliser sur l'expertise av\u00e9r\u00e9e des CSAPA en mati\u00e8re d'aller-vers, de prise en charge des publics ayant \ndes conduites addictives et de travail en r\u00e9seau. \n \n \nEnvironnement et partenariats  \n \nLe partenariat devra \u00eatre particuli\u00e8rement d\u00e9velopp\u00e9 pour les \u00e9quipes mobiles, notamment du fait de la \nn\u00e9cessaire articulation \u00e0 mettre en place avec les services d'accompagnement social et autres structures du \nsecteur AHI assurant le suivi \u00e9ventuel des pe rsonnes. Il s'agit de permettre une articulation et une \ncompl\u00e9mentarit\u00e9 et d'\u00e9viter toute forme de redondance. Par ailleurs des liens avec les acteurs sanitaires et \nm\u00e9dico-sociaux du territoire d'intervention, et en particulier les acteurs du champ sp\u00e9cialis\u00e9 dans la prise en \ncharge des conduites addictives , sont aus si indispensables pour inscrire les parcours de sant\u00e9 vers le droit \ncommun. \n \nPr\u00e9alablement au d\u00e9marrage du fonctionnement de l'\u00e9quipe, une d\u00e9marche de concertation devra \u00eatre initi\u00e9e \navec l'ensemble des partenaires concern\u00e9s.  \nDans ce cadre, le projet identifiera les partenariats et les modes de coop\u00e9ration envisag\u00e9s, notamment avec :  \n\u2022 Les structures m\u00e9dico-sociales, sanitaires et de sant\u00e9 mentale dont celles sp\u00e9cialis\u00e9es dans la prise en \ncharge des conduites addictives (CSAPA, CAARUD, ELSA) ; \n\u2022 Les services de l'ASE ; \n\u2022 Les Dispositifs d'appui \u00e0 la coordination (DAC) ; \n\u2022 Les structures sanitaires, de sant\u00e9 mentale et d'aide contre les addictions ; \n\u2022 Les structures sociales et d'insertion ; \n\u2022 Le service int\u00e9gr\u00e9 d'accueil et d'orientation (SIAO). \n \nL'ensemble des partenariats et coop\u00e9rations envisag\u00e9s sont \u00e0 d\u00e9crire dans le projet  : \n\u2022 Identification des partenaires ; \n\u2022 Modalit\u00e9s op\u00e9rationnelles des collaborations ; \n\u2022 Etat d'avancement de leur formalisation \u00e0 la date du d\u00e9p\u00f4t du projet ; \n\u2022 Transmission le cas \u00e9ch\u00e9ant du (des) projets(s) de conventions(s). \n \nUn projet de convention entre l'\u00e9quipe mobile et les \u00e9tablissements du secteur AHI aupr\u00e8s desquels elle sera \namen\u00e9e \u00e0 intervenir sera joint au dossier. \nD'autres \u00e9l\u00e9ments de coop\u00e9ration (conventions sign\u00e9es, ou \u00e0 d\u00e9faut lettres d'intention, protocoles...) pourront \n\u00eatre utilement joints au projet. \n \nPar ailleurs, dans la perspective d'un d\u00e9cloisonnement des secteurs et d'une meilleure interdisciplinarit\u00e9, l'Agence \nsouhaite favoriser des pratiques d'alliance entre un porteur du champ m\u00e9dico-social et un acteur du champ de la \nm\u00e9diation. Ce type de d\u00e9mar che devra se traduire par une contractualisation pr\u00e9alable, et pourra par exemple \nprendre la forme d'une coop\u00e9rative d'acteurs. \n \nAgence R\u00e9gionale de Sant\u00e9 - IDF-2025-12-17-00016 - Appel \u00e0 projets pour la cr\u00e9ation\nd'\u00c9quipes mobiles sant\u00e9 pr\u00e9carit\u00e9, \u00e0 implanter dans\nles d\u00e9partements des Hauts-de-Seine et de Seine-Saint-Denis et cahier des charges\n110\n \n \n \nAppel \u00e0 projets EMSP D\u00e9partement des Hauts-de-Seine et de Seine-Saint-Denis \u2013 Cahier des charges \n \n \n \n15 \n \nH. Accompagnement m\u00e9dico-social propos\u00e9 \n \nAmplitude d'ouverture \n \nLes \u00e9quipes mobiles fonctionneront les jours ouvrables de la semaine, \u00e0 minima du lundi au vendredi, de 9h \u00e0 \n17h. \nLes \u00e9quipes pouvant intervenir le week-end, y compris sur appel d'une astreinte, seront privil\u00e9gi\u00e9es. \n \n \nFonctionnement \n \nLe projet d\u00e9taillera de mani\u00e8re pr\u00e9cise les modalit\u00e9s de fonctionnement de l'\u00e9quipe mobile et l'organisation des \nprises en charge individuelles, ainsi que les relais envisag\u00e9s. Il exposera ses principes d'intervention et d\u00e9crira le \nprojet d'accompagnement. \nLe candidat proposera les outils \u00e0 mettre en place afin d'assurer le bon fonctionnement de l'\u00e9quipe (r\u00e8glement de \nfonctionnement, projet de service, gestion des dossiers, recueil des donn\u00e9es).  \n \nModalit\u00e9s de d\u00e9cision d'intervention/saisine \n \nLes \u00e9quipes mises en place doivent pouvoir intervenir : \n- De leur propre initiative, selon une strat\u00e9gie d\u00e9finie dans le projet initial ; \n- A la demande et en appui aux professionnels lib\u00e9raux de sant\u00e9 du territoire d'implantation du dispositif \nou de tout autre acteur de sant\u00e9 (centre hospitalier, DAC, CPTS, CLS, CLSM, notamment)  : \n- A la demande des gestionnaires de lieux d'h\u00e9bergement ou des SIAO ; \n- Dans le cadre de programmes mis en place par l'Agence R\u00e9gionale de Sant\u00e9 ou valid\u00e9s par elle, qu'il \ns'agisse d'interventions programm\u00e9es (vaccinations, d\u00e9pistages), en semi -urgence (bilans de sant\u00e9) ou \navec un caract\u00e8re d'urgence (op\u00e9rations de mise \u00e0 l'abri). \n \nL'\u00e9quipe s'engage \u00e0 s'int\u00e9grer dans le syst\u00e8me de r\u00e9gulation  structur\u00e9 sur le territoire le cas \u00e9ch\u00e9ant.  Enfin, \nl'\u00e9quipe s'engage \u00e0 respecter le document de cadrage \u00e9dit\u00e9 par l'Agence R\u00e9gionale de Sant\u00e9 Ile -de-France. \n \n \nPrestations attendues  \n \nDans le cadre des missions des EMSP, les prestations peuvent recouvrir : \n- Evaluation ponctuelle de l'\u00e9tat de sant\u00e9 somatique et psychique des personnes ; \n- D\u00e9livrance de premiers soins, appui \u00e0 l'hospitalisation si n\u00e9cessaire ; \n- Conseils en mati\u00e8re de r\u00e9duction des risques et des dommages pour les personnes usag\u00e8res de produits \npsychoactifs, sous r\u00e9serve d'\u00eatre form\u00e9es, et information et/ou orientation vers le secteur de l'addictologie \npour un accompagnement sp\u00e9cialis\u00e9 ;  \n- Prise en charge avant recours au syst\u00e8me de sant\u00e9 de droit commun (m\u00e9decin g\u00e9n\u00e9raliste ou sp\u00e9cialiste) \nou \u00e0 un dispositif sp\u00e9cialis\u00e9 (de type LHSS, LAM, CSAPA, CAARUD, ACT, ou autre)  ; \n- Orientation vers des bilans de sant\u00e9 et suivi ; participation \u00e0 des programmes de pr\u00e9vention individuelle \n\u2013 vaccinations ou d\u00e9pistage ; \n- Concours \u00e0 des activit\u00e9s d'\u00e9ducation \u00e0 la sant\u00e9 et \u00e0 d'\u00e9ducation th\u00e9rapeutique ; \n- Construction d'actions collectives de pr\u00e9vention-promotion de la sant\u00e9 ; \n- Identification des besoins en mati\u00e8re d'accompagnement social, d'ouverture des droits (domiciliation, \nminima sociaux, papiers d'identit\u00e9, couverture maladie, etc.) ; \n- Recueil des informations sur le suivi social, aide \u00e0 la r\u00e9alisation de demandes d'h\u00e9bergement ou de \nlogement (ex SIAO, demande de logement social...). \nLes \u00e9quipes peuvent \u00e9galement assurer un appui ponctuel aux structures d'h\u00e9bergement d'urgence recevant des \npersonnes ayant des probl\u00e9matiques de sant\u00e9 non prises en charge. Elles peuvent, le cas \u00e9ch\u00e9ant, y assurer des \nformations ou des actions de sensibilisation.  \nAgence R\u00e9gionale de Sant\u00e9 - IDF-2025-12-17-00016 - Appel \u00e0 projets pour la cr\u00e9ation\nd'\u00c9quipes mobiles sant\u00e9 pr\u00e9carit\u00e9, \u00e0 implanter dans\nles d\u00e9partements des Hauts-de-Seine et de Seine-Saint-Denis et cahier des charges\n111\n \n \n \nAppel \u00e0 projets EMSP D\u00e9partement des Hauts-de-Seine et de Seine-Saint-Denis \u2013 Cahier des charges \n \n \n \n16 \nSelon les modalit\u00e9s d'intervention retenues, les \u00e9quipes peuvent \u00eatre amen\u00e9es \u00e0 subvenir ponctuellement \u00e0 des \nbesoins primaires des personnes (alimentation, hygi\u00e8ne).  Cette mission doit \u00eatre assur\u00e9e en articulation - voire \nuniquement en cas d'absence - avec les \u00e9quipes de veille sociale intervenant sur le territoire. \nElles ont un r\u00f4le d'interface avec les acteurs du champ sanitaire, m\u00e9dico -social et social pour assurer une prise \nen charge globale et favoriser l'orientation des personnes vers les \u00e9tablissements, services et professionnels.  \nLes prestations attendues et les modalit\u00e9s d'admission peuvent varier selon le type de dispositif propos\u00e9 ou le \npublic-cible. Le candidat proposera une liste de prestations (sanitaires et sociales) et les modalit\u00e9s d'admission \nde son dispositif. \nUn plan de soins est mis en place pr\u00e9cisant les objectifs de la prise en charge, sa dur\u00e9e pr\u00e9visible et les \npartenariats mobilis\u00e9s. Il est r\u00e9vis\u00e9 d\u00e8s que besoin. \nLes \u00e9quipes devront aussi avoir un r\u00f4le d'information aupr\u00e8s des publics pris en charge et/ou rencontr\u00e9s au cours \nde leur mission, notamment concernant l'acc\u00e8s aux soins dans le dispositif de droit commun.  \n \n \nIndividualisation de l'accompagnement \n \nL'\u00e9quipe pluridisciplinaire d e l'EMSP, \u00e9laborera avec chaque personne prise en charge un projet individualis\u00e9 \nadapt\u00e9 \u00e0 ses besoins qui d\u00e9finira les objectifs, les moyens de mise en \u0153uvre pour les atteindre et les modalit\u00e9s \nde suivi. \n \nDur\u00e9e de l'accompagnement individuel \n \nLa prise en charge par l'\u00e9quipe mobile est temporaire. La dur\u00e9e de l'accompagnement devra \u00eatre d\u00e9finie en lien \navec la personne, sur la base du projet individuel et des possibilit\u00e9s de relais \u00e0 d'autres structures pr\u00e9sentes sur \nle territoire, et pr\u00e9cis\u00e9es lors de la convention pass\u00e9e avec la structure AHI le cas \u00e9ch\u00e9ant. La dur\u00e9e maximale \nd'accompagnement maximale est fix\u00e9e \u00e0 2 mois renouvelables.  \nDans le suivi du dispositif, il convient en effet d'\u00eatre vigilant \u00e0 ce que les personnes soient orient\u00e9es vers les \ndispositifs adapt\u00e9s de droit commun afin que des prises en charge durables et p\u00e9rennes ne s'installent pas.  \n \n \nI. Moyens humains et mat\u00e9riels de l'\u00e9quipe mobile \n \n \nLes moyens humains  \n \nLe projet d\u00e9crira pr\u00e9cis\u00e9ment la composition de l'\u00e9quipe mobile.  \n \nLe fonctionnement de l' EMSP repose sur la pluridisciplinarit\u00e9 de l'\u00e9quipe qui la compose afin d'apporter une \nr\u00e9ponse globale et adapt\u00e9e aux besoins des personnes prises en charge.  \n \nLa composition de l'\u00e9quipe de la structure est \u00e0 adapter en fonction de la file active, de ses modalit\u00e9s d'intervention \net de son amplitude horaire de fonctionnement. \nCes \u00e9quipes pluridisciplinaires mobiles sont compos\u00e9es \u00e0 minima : \n- D'un infirmier ; \n- D'un professionnel du travail social  en privil\u00e9giant un profil d'\u00e9ducateur sp\u00e9cialis\u00e9 ou de m\u00e9diateur en \nsant\u00e9 ; \n- De personnel sp\u00e9cialis\u00e9 dans la prise en charge des conduites addictives ; \n- Un temps de m\u00e9decin \u00e0 adapter en fonction des missions identifi\u00e9es au sein de la structure et pouvant \n\u00eatre mutualis\u00e9 avec d'autres structures sont identifi\u00e9s : \no Un m\u00e9decin intervenant dans la structure est charg\u00e9 de la coordination des soins ; \no Un m\u00e9decin doit \u00eatre pr\u00e9sent dans l'\u00e9quipe ou d'astreinte afin de r\u00e9pondre aux sollicitations des \n\u00e9quipes en activit\u00e9. \n \nLes \u00e9quipes peuvent s'adjoindre les comp\u00e9tences d'autres cat\u00e9gories de personnel adapt\u00e9es aux missions et \nactivit\u00e9s arr\u00eat\u00e9s dans le projet d'\u00e9tablissement, et notamment :  \nAgence R\u00e9gionale de Sant\u00e9 - IDF-2025-12-17-00016 - Appel \u00e0 projets pour la cr\u00e9ation\nd'\u00c9quipes mobiles sant\u00e9 pr\u00e9carit\u00e9, \u00e0 implanter dans\nles d\u00e9partements des Hauts-de-Seine et de Seine-Saint-Denis et cahier des charges\n112\n \n \n \nAppel \u00e0 projets EMSP D\u00e9partement des Hauts-de-Seine et de Seine-Saint-Denis \u2013 Cahier des charges \n \n \n \n17 \n- Psychologue ; \n- Aide-Soignant ; \n- Aide \u00e0 domicile et autres intervenants d'aide \u00e0 domicile ; \n- M\u00e9diateur en sant\u00e9 ; \n- Pair aidant. \nUn temps d'interpr\u00e9tariat sera id\u00e9alement pr\u00e9vu, en fonction des publics accompagn\u00e9s et des ressources \nmobilisables. \n \nLorsque le fonctionnement de l'\u00e9quipe repose sur un camion/bus/v\u00e9hicule am\u00e9nag\u00e9, l'\u00e9quipe est \u00e9galement \ncompos\u00e9e d'un chauffeur, form\u00e9 si possible pour \u00eatre intervenant/accueillant social.  \n \nSi le candidat est gestionnaire d'autres structures ou services, la mutualisation de moyens en personnels devra \n\u00eatre recherch\u00e9e et valoris\u00e9e (notamment pour les fonctions support) et pourra \u00e9galement \u00eatre mise en \u0153uvre par \nvoie de partenariat. \n \nDevront \u00eatre transmis : \n- Le tableau des effectifs en ETP par qualification et emploi (salari\u00e9s, mis \u00e0 disposition, lib\u00e9raux, \nintervenants ext\u00e9rieurs...) ; \n- Un organigramme pr\u00e9visionnel ; \n- Les donn\u00e9es sur la mutualisation de certains postes avec d'autres structures et les modalit\u00e9s de mise en \n\u0153uvre ainsi que de leurs financements ; \n- Le planning hebdomadaire type et le cas \u00e9ch\u00e9ant, les modalit\u00e9s relatives aux astreintes  ; \n- Les modalit\u00e9s de remplacement des personnels en cas d'absence ; \n- Le calendrier relatif au recrutement ;  \n- Les modalit\u00e9s de supervision des pratiques professionnelles et de soutien de l'\u00e9quipe pluridisciplinaire.  \nLes modalit\u00e9s de management, de coordination et de fonctionnement de l'\u00e9quipe devront \u00eatre pr\u00e9cis\u00e9es \n(organisation du travail, partage de l'information, outils de travail...).  \n \nLe plan de formation des professionnels sera fourni \u00e0 l'appui du projet. Il sera adapt\u00e9 aux particularit\u00e9s des \nmissions d'une \u00e9quipe mobile m\u00e9dico-sociale et aux probl\u00e9matiques des publics accueillis (pratiques addictives, \ntroubles neurocognitifs et/ou psychiatriques\u2026) \n \nLa convention collective dont d\u00e9pendra le personnel sera pr\u00e9cis\u00e9e.  \n \nLes \u00e9l\u00e9ments demand\u00e9s seront pr\u00e9cis\u00e9s sous forme d'un tableau adapt\u00e9 au projet. \n \n \nLes moyens mat\u00e9riels  \n \nLe candidat doit pr\u00e9ciser l'adresse des locaux qui accueilleront les personnels (r\u00e9union, commission\u2026) et doit \ntransmettre les documents utiles concernant le mat\u00e9riel selon ses modalit\u00e9 s d'intervention (pr\u00e9ciser si le \nfonctionnement de l'\u00e9quipe repose sur un camion/bus/v\u00e9hicule am\u00e9nag\u00e9). \n \n \nJ. Cadrage financier \n \nLes EMSP sont financ\u00e9es par une dotation globale estim\u00e9e sur la base de la composition de l'\u00e9quipe, du nombre \nde personnes suivies, des modalit\u00e9s d'intervention et des besoins sanitaires et sociaux de ces personnes, dont \nles situations sont complexes et le s prises en charge souvent chronophages. La dotation par \u00e9quipe est de \n268 020 euros maximum. \n \nLe dossier financier comportera :  \n- Le budget de fonctionnement en ann\u00e9e pleine de l'\u00e9quipe mobile ; \nAgence R\u00e9gionale de Sant\u00e9 - IDF-2025-12-17-00016 - Appel \u00e0 projets pour la cr\u00e9ation\nd'\u00c9quipes mobiles sant\u00e9 pr\u00e9carit\u00e9, \u00e0 implanter dans\nles d\u00e9partements des Hauts-de-Seine et de Seine-Saint-Denis et cahier des charges\n113\n \n \n \nAppel \u00e0 projets EMSP D\u00e9partement des Hauts-de-Seine et de Seine-Saint-Denis \u2013 Cahier des charges \n \n \n \n18 \n- L'activit\u00e9 pr\u00e9visionnelle annuelle en actes (un acte \u00e9quivalant \u00e0 une demi-journ\u00e9e d'intervention) ; \n- Le programme d'investissements pr\u00e9visionnel \u00e9ventuel (nature des op\u00e9rations, co\u00fbts, modes de \nfinancement et planning de r\u00e9alisation) ; \n- Un tableau pr\u00e9cisant les incidences du programme d'investissements sur le budget de fonctionnement.  \nUne attention particuli\u00e8re sera port\u00e9e \u00e0 la capacit\u00e9 du candidat \u00e0 mettre en \u0153uvre le projet dans un d\u00e9lai de 4 \nmois suivant la notification de l'autorisation (conformit\u00e9 des modalit\u00e9s d'organisation et de fonctionnement \npr\u00e9vues au d\u00e9cret n\u00b0 2020 -1745 du 29 d\u00e9cembre 2020 pr\u00e9cit\u00e9, respects des d\u00e9lais et de la dotation glo bale \nannuelle, etc.). \n \n \nIII. LE SUIVI ET LA PARTICIPATION AUX DIFFERENTS ESPACES D'ECHANGES AVEC L'ARS  \n \nLes candidats sont tenus par le CASF d'\u00e9tablir un rapport d'activit\u00e9 standardis\u00e9. \n  \nLes candidats s'engagent \u00e9galement \u00e0 s'inscrire dans la d\u00e9marche d'accompagnement de l'ARS  : groupe de \ntravail, commissions ou instances territoriales. \n \n************************ \n \nToute forme innovante d'accompagnement contribuant \u00e0 l'am\u00e9lioration de la prise en charge pourra \u00eatre int\u00e9gr\u00e9e \nau projet, dans le respect du budget de fonctionnement susmentionn\u00e9 et conform\u00e9ment \u00e0 l'article R313 -3-1 du \ncode de l'action sociale et des familles, sous r\u00e9serve des exigences que le cahier des charges fixe. \n \nLes projets seront s\u00e9lectionn\u00e9s selon les th\u00e8mes suivants, assortis d'une cotation sur 200 points  : \n- La strat\u00e9gie, la gouvernance et le pilotage du projet (65 points) ; \n- L'accompagnement m\u00e9dico-social propos\u00e9 (80 points) ; \n- Les moyens humains, mat\u00e9riels et financiers (55 points). \nCes th\u00e8mes sont d\u00e9taill\u00e9s dans le tableau figurant en annexe 3. \n \n \n \nANNEXE 3 : CRITERES DE SELECTION \n \n \nTHEMES CRITERES COTATION \nStrat\u00e9gie, \ngouvernance et \npilotage du projet \nExp\u00e9rience du promoteur, coh\u00e9rence du projet associatif avec \nles interventions recommand\u00e9es, connaissance du territoire et \ndes publics cibles \n20 \n65 \nZone d'implantation du projet, accessibilit\u00e9\u2026,  \n  15 \nEtat des \u00e9changes avec les acteurs locaux sur le projet. 15 \nNature et modalit\u00e9s de partenariats garantissant la continuit\u00e9 \ndes parcours et la vari\u00e9t\u00e9 des interventions (dans le cadre de \nbonnes pratiques en vigueur) \n15 \nAccompagnement \nm\u00e9dico-social \npropos\u00e9 \nOrganisation et fonctionnement  25 \n80 Qualit\u00e9 de l'intervention au regard des besoins des personnes 25 \nStrat\u00e9gie d'am\u00e9lioration continue de la qualit\u00e9 et du service \nrendu aux usagers 15 \nAgence R\u00e9gionale de Sant\u00e9 - IDF-2025-12-17-00016 - Appel \u00e0 projets pour la cr\u00e9ation\nd'\u00c9quipes mobiles sant\u00e9 pr\u00e9carit\u00e9, \u00e0 implanter dans\nles d\u00e9partements des Hauts-de-Seine et de Seine-Saint-Denis et cahier des charges\n114\n \n \n \nAppel \u00e0 projets EMSP D\u00e9partement des Hauts-de-Seine et de Seine-Saint-Denis \u2013 Cahier des charges \n \n \n \n19 \nGarantie des droits des usagers et modalit\u00e9s de mise en place \ndes outils de la loi 2002-2 15 \nMoyens humains, \nmat\u00e9riels et \nfinanciers \nRessources Humaines : ad\u00e9quation des comp\u00e9tences avec le \nprojet global (qualification, pluridisciplinarit\u00e9 de l'\u00e9quipe), plan \nde formation continue \n25 \n55 Ad\u00e9quation du projet architectural avec les interventions \npropos\u00e9es et les conditions de fonctionnement 10 \nCapacit\u00e9 de mise en \u0153uvre du projet par le candidat (capacit\u00e9 \nfinanci\u00e8re, faisabilit\u00e9 fonci\u00e8re)  20 \nTOTAL 200 200 \n \nAgence R\u00e9gionale de Sant\u00e9 - IDF-2025-12-17-00016 - Appel \u00e0 projets pour la cr\u00e9ation\nd'\u00c9quipes mobiles sant\u00e9 pr\u00e9carit\u00e9, \u00e0 implanter dans\nles d\u00e9partements des Hauts-de-Seine et de Seine-Saint-Denis et cahier des charges\n115\nAgence R\u00e9gionale de Sant\u00e9\nIDF-2025-12-23-00016\nArr\u00eat\u00e9 n\u00b02025-12-23-PDS modifiant l'arr\u00eat\u00e9\nn\u00b02025-29 portant programmation des\n\u00e9valuations de la qualit\u00e9 des\n\u00e9tablissements et services sociaux et\nm\u00e9dico-sociaux relevant du b) de l'article L. 313-3\ndu\ncode de l'action sociale et des familles pour les\nann\u00e9es 2025 \u00e0 2029, conform\u00e9ment aux\narticles L. 312-8 et D. 312-204 du m\u00eame code\nAgence R\u00e9gionale de Sant\u00e9 - IDF-2025-12-23-00016 - Arr\u00eat\u00e9 n\u00b02025-12-23-PDS modifiant l'arr\u00eat\u00e9 n\u00b02025-29 portant programmation\ndes \u00e9valuations de la qualit\u00e9 des\n\u00e9tablissements et services sociaux et m\u00e9dico-sociaux relevant du b) de l'article L. 313-3 du\ncode de l'action sociale et des familles pour les ann\u00e9es 2025 \u00e0 2029, conform\u00e9ment aux\narticles L. 312-8 et D. 312-204 du m\u00eame code\n116\nExREPUBLIQUEFRAN\u00c7AISELibert\u00e9Egalit\u00e9Fraternit\u00e9\n\u00a9 \u00bb Agence R\u00e9gionale de Sant\u00e9Ile-de-France\n                                                                                                                                       \n \n \n \n \nAGENCE R\u00c9GIONALE DE SANT\u00c9 \u00ceLE-DE-FRANCE \nARR\u00caT\u00c9 N\u00b0 2025 \u2013 12 \u2013 23 \u2013 PDS \nModifiant l'arr\u00eat\u00e9 n\u00b02025-29 portant programmation des \u00e9valuations de la qualit\u00e9 des \n\u00e9tablissements et services sociaux et m\u00e9dico-sociaux relevant du b) de l'article L. 313-3 du \ncode de l'action sociale et des familles pour les ann\u00e9es 2025 \u00e0 2029, conform\u00e9ment aux \narticles L. 312-8 et D. 312-204 du m\u00eame code \n \nLE DIRECTEUR G\u00c9N\u00c9RAL DE L'AGENCE R\u00c9GIONALE DE SANT\u00c9 D'\u00ceLE-DE-FRANCE \n \nVU le code de l'action sociale et des familles, notamment ses articles L. 312 -1, L. 312-8, L.313-1 et \nD. 312-204 ; \nVU le d\u00e9cret n\u00b0 2021-1476 du 12 novembre 2021 relatif au rythme des \u00e9valuations de la qualit\u00e9 des \n\u00e9tablissements et services sociaux et m\u00e9dico-sociaux ; \nVU le d\u00e9cret n\u00b0 2022-695 du 26 avril 2022 modifiant le d\u00e9cret n\u00b0 2021-1476 du 12 novembre 2021 \nrelatif au rythme des \u00e9valuations de la qualit\u00e9 des \u00e9tablissements et services sociaux et m\u00e9dico-\nsociaux. \n \n \nARR\u00caTE \n \nARTICLE 1er : \nL'annexe de l'arr\u00eat\u00e9 n\u00b02025 -29 portant programmation pluriannuelle pr\u00e9vue \u00e0 l'article D. 312 -204 du \ncode de l'action sociale et des familles des \u00e9ch\u00e9ances pr\u00e9visionnelles de transmission, \u00e0 l'autorit\u00e9 en  \ncharge de leur autorisation, des rapports d'\u00e9valuation des \u00e9tablissements et services sociaux et m\u00e9dico-\nsociaux dont l'autorisation est d\u00e9livr\u00e9e conform\u00e9ment au b) de  l'article L. 313 -3 du m\u00eame code est \nremplac\u00e9e par l'annexe du pr\u00e9sent arr\u00eat\u00e9. \n \n \nARTICLE 2 :  \nConform\u00e9ment \u00e0 l'article 2 du d\u00e9cret n\u00b0 2021-1476 du 12 novembre 2021 modifi\u00e9 relatif au rythme des \n\u00e9valuations de la qualit\u00e9 des services et \u00e9tablissements sociaux et m\u00e9dico-sociaux, la programmation \npr\u00e9vue \u00e0 l'article 1er porte sur la p\u00e9riode du 1er janvier 2025 au 31 d\u00e9cembre 2029. \n \nCette programmation peut \u00eatre modifi\u00e9e notamment pour tenir compte de changements  intervenus \ndans la situation des \u00e9tablissements et services concern\u00e9s. \n \n \nARTICLE 3 :  \nLe pr\u00e9sent arr\u00eat\u00e9 est susceptible de faire l'objet d'un recours contentieux devant le Tribunal \nadministratif comp\u00e9tent dans un d\u00e9lai de deux mois \u00e0 compter de sa publication. Il est \u00e9galement \nsusceptible de faire l'objet d'un recours administratif pr\u00e9alable dans le m\u00eame d\u00e9lai. \n \n \n \nAgence R\u00e9gionale de Sant\u00e9 - IDF-2025-12-23-00016 - Arr\u00eat\u00e9 n\u00b02025-12-23-PDS modifiant l'arr\u00eat\u00e9 n\u00b02025-29 portant programmation\ndes \u00e9valuations de la qualit\u00e9 des\n\u00e9tablissements et services sociaux et m\u00e9dico-sociaux relevant du b) de l'article L. 313-3 du\ncode de l'action sociale et des familles pour les ann\u00e9es 2025 \u00e0 2029, conform\u00e9ment aux\narticles L. 312-8 et D. 312-204 du m\u00eame code\n117\n \n \nARTICLE 4 : \nLe Directeur de la sant\u00e9 publique de l'Agence r\u00e9gionale de sant\u00e9 d'Ile -de-France est charg\u00e9 de \nl'ex\u00e9cution du pr\u00e9sent arr\u00eat\u00e9. \n \n \n \n \nFait \u00e0 Saint-Denis, le 23/12/2025 \nP/O Le Directeur g\u00e9n\u00e9ral \nde l'Agence r\u00e9gionale de sant\u00e9 \n\u00cele-de-France \nSIGN\u00c9 \nJean FABRE-MONS  \nDirecteur adjoint de la Sant\u00e9 publique \n \n \n \n \nAgence R\u00e9gionale de Sant\u00e9 - IDF-2025-12-23-00016 - Arr\u00eat\u00e9 n\u00b02025-12-23-PDS modifiant l'arr\u00eat\u00e9 n\u00b02025-29 portant programmation\ndes \u00e9valuations de la qualit\u00e9 des\n\u00e9tablissements et services sociaux et m\u00e9dico-sociaux relevant du b) de l'article L. 313-3 du\ncode de l'action sociale et des familles pour les ann\u00e9es 2025 \u00e0 2029, conform\u00e9ment aux\narticles L. 312-8 et D. 312-204 du m\u00eame code\n118\nREPUBLIQUEFRANCAISELibert\u00e9\u00c9galit\u00e9Fraternit\u00e9\nAr@ D Agence R\u00e9gionale de Sant\u00e9\u00cele-de-France\n                                                                                                                                       \n \n \n \n \nAnnexe  \nRelative \u00e0 la programmation du 1er janvier 2025 au 31 d\u00e9cembre 2029 de transmission des rapports d'\u00e9valuation des \u00e9tablissements sociaux ou \nm\u00e9dico-sociaux autoris\u00e9s par le directeur g\u00e9n\u00e9ral de l'agence r\u00e9gionale de sant\u00e9 \n \nAnn\u00e9e de \ntransmission \ndu rapport \nEch\u00e9ance \ntrimestrielle de \ntransmission \ndu rapport \nOrganisme gestionnaire ESMS ou ESSMS concern\u00e9s \nRaison sociale N\u00b0 FINESS \njuridique \nRaison sociale  \n(Nom de la structure) \nN\u00b0 FINESS \ng\u00e9ographique \n2025 1er trimestre CROIX-ROUGE FRAN\u00c7AISE 750721334 LHSS Croix-Rouge 910024777 \n2025 1er trimestre ASSOCIATION OPPELIA 750054157 CAARUD FREESSONNE 910010008 \n2025 1er trimestre CASH DE NANTERRE 920110020 LAM CASH NANTERRE 920038320 \n2025 1er trimestre ASSOCIATION OPPELIA 750054157 EMSP OPPELIA Centre Sud 910026277 \n2025 1er trimestre GROUPE SOS SOLIDARIT\u00c9S 750015968 EMSP Alta\u00efr 920038734 \n2025 1er trimestre GROUPE SOS SOLIDARIT\u00c9S 750015968 EMSP SOS 930031752 \n2025 1er trimestre ASSOCIATION OPPELIA 750054157 EMSP ASSOCIATION OPPELIA Rivage 950046623 \n2025 1er trimestre FONDATION MAISON DES \nCHAMPS 750815367 ESSIP Fondation Maison des champs 750070070 \nAgence R\u00e9gionale de Sant\u00e9 - IDF-2025-12-23-00016 - Arr\u00eat\u00e9 n\u00b02025-12-23-PDS modifiant l'arr\u00eat\u00e9 n\u00b02025-29 portant programmation\ndes \u00e9valuations de la qualit\u00e9 des\n\u00e9tablissements et services sociaux et m\u00e9dico-sociaux relevant du b) de l'article L. 313-3 du\ncode de l'action sociale et des familles pour les ann\u00e9es 2025 \u00e0 2029, conform\u00e9ment aux\narticles L. 312-8 et D. 312-204 du m\u00eame code\n119\n2025 1er trimestre GROUPE SOS SOLIDARIT\u00c9S 750015968 ESSIP SOS 940029226 \n2025 1er trimestre FONDATION L\u00c9ONIE CHAPTAL 950001271 ESSIP Chaptal 950046607 \n2025 1er trimestre ASSOCIATION AURORE 750719361 CAARUD CHI ROBERT BALLANGER 930018619 \n2025 1er trimestre ASSOCIATION CIT\u00c9S CARITAS 750720591 EMSP Cit\u00e9 Caritas 770026268 \n2025 1er trimestre ASSOCIATION MAAVAR 750825804 ACT OFEK 750038788 \n2025 1er trimestre ASSOCIATION PROSES 930018668 CAARUD PROSES 930018718 \n2025 1er trimestre AP-HP  750712184 CSAPA BOUCEBCI 930812334 \n2025 1er trimestre INTERLOGEMENT 93 930031257 EMSP INTERLOGEMENT 93 930031737 \n2025 2\u00e8me trimestre FONDATION L'\u00c9LAN RETROUV\u00c9 750721391 LHSS FONDATION L'\u00c9LAN RETROUV\u00c9 780027892 \n2025 2\u00e8me trimestre ASSOCIATION AURORE 750719361 EMSP Aurore 77 770026276 \n2025 3\u00e8me trimestre ASSOCIATION CIT\u00c9S CARITAS 750720591 ACT Cit\u00e9s Caritas Argenteuil 950047928 \n2025 4\u00e8me trimestre ASSOCIATION AIDES  750024739 CAARUD AIDES 95 950009308 \n2025 4\u00e8me trimestre CROIX-ROUGE FRAN\u00c7AISE 750721334 EMSP CRF Nord et Sud 780028981 \n2025 4\u00e8me trimestre CROIX-ROUGE FRAN\u00c7AISE 750721334 EMSP CRF Ouest 920038726 \nAgence R\u00e9gionale de Sant\u00e9 - IDF-2025-12-23-00016 - Arr\u00eat\u00e9 n\u00b02025-12-23-PDS modifiant l'arr\u00eat\u00e9 n\u00b02025-29 portant programmation\ndes \u00e9valuations de la qualit\u00e9 des\n\u00e9tablissements et services sociaux et m\u00e9dico-sociaux relevant du b) de l'article L. 313-3 du\ncode de l'action sociale et des familles pour les ann\u00e9es 2025 \u00e0 2029, conform\u00e9ment aux\narticles L. 312-8 et D. 312-204 du m\u00eame code\n120\n2025 4\u00e8me trimestre CROIX-ROUGE FRAN\u00c7AISE 750721334 EMSP CRF Nord Ouest  950046631 \n2025 4\u00e8me trimestre ASSOCIATION AURORE 750719361 EMSP Aurore 92 750070112 \n2025 4\u00e8me trimestre ASSOCIATION AURORE 750719361 EMSP Aurore 94 750070120 \n2025 4\u00e8me trimestre GIP SAMUSOCIAL DE PARIS 750040594 ACT NDBS (EMLT) 750071300 \n2025 4\u00e8me trimestre CASH DE NANTERRE 920110020 LHSS CASH de Nanterre 920003696 \n2025 4\u00e8me trimestre ASSOCIATION H\u00d4TEL SOCIAL 93 930001201 LHSS H\u00f4tel social 93 930033063 \n \n \nAnn\u00e9e de \ntransmission \ndu rapport \nEch\u00e9ance \ntrimestrielle de \ntransmission \ndu rapport \nOrganisme gestionnaire ESMS ou ESSMS concern\u00e9s \nRaison sociale N\u00b0 FINESS \njuridique \nRaison sociale \n (Nom de la structure) \nN\u00b0 FINESS \ng\u00e9ographique \n2026 1er trimestre FONDATION COGNACQ-JAY 750720468 ACT La Berlugane 750012718 \n2026 1er trimestre ASSOCIATION DIACONESSES 780017984 ACT Studio de la Tourelle 750042715 \n2026 2\u00e8me trimestre ESPERER 95 950803361 LHSS ESPERER 95 950044198 \n2026 3\u00e8me trimestre FONDATION COS ALEXANDRE \nGLASBERG 750721235 ACT COS Maison Marie-Louise 750011298 \n2026 3\u00e8me trimestre ASSOCIATION OPPELIA 750001588 ACT Charonne  750804809 \nAgence R\u00e9gionale de Sant\u00e9 - IDF-2025-12-23-00016 - Arr\u00eat\u00e9 n\u00b02025-12-23-PDS modifiant l'arr\u00eat\u00e9 n\u00b02025-29 portant programmation\ndes \u00e9valuations de la qualit\u00e9 des\n\u00e9tablissements et services sociaux et m\u00e9dico-sociaux relevant du b) de l'article L. 313-3 du\ncode de l'action sociale et des familles pour les ann\u00e9es 2025 \u00e0 2029, conform\u00e9ment aux\narticles L. 312-8 et D. 312-204 du m\u00eame code\n121\n2026 3\u00e8me trimestre ASSOCIATION CIT\u00c9S CARITAS 750720591 ACT Cit\u00e9 Le Village 750002883 \n2026 3\u00e8me trimestre ASSOCIATION CORDIA PARIS 750011678 ACT Cordia Paris 750011728 \n2026 3\u00e8me trimestre ASSOCIATION EQUALIS 770023539 ACT EQUALIS 770004018 \n2026 3\u00e8me trimestre ASSOCIATION SEAY  780708293 ACT Info Soins 780004628 \n2026 3\u00e8me trimestre ASSOCIATION RELAIS ENFANTS-\nPARENTS 920005618 ACT Relais Enfants-Parents 920005659 \n2026 3\u00e8me trimestre ASSOCIATION INITIATIVES 920000072 ACT Initiatives 920005568 \n2026 3\u00e8me trimestre ASSOCIATION CIT\u00c9S CARITAS 750720591 ACT Cit\u00e9 Myriam 930007158 \n2026 3\u00e8me trimestre EMMA\u00dcS ALTERNATIVES 930017413 ACT Emma\u00fcs Alternatives 930007208 \n2026 3\u00e8me trimestre ASSOCIATION MAAVAR 750825804 ACT MAAVAR 930007489 \n2026 3\u00e8me trimestre ASSOCIATION CIT\u00c9S CARITAS 750720591 ESSIP Cit\u00e9s Caritas 77 770027480 \n2026 3\u00e8me trimestre CROIX-ROUGE FRAN\u00c7AISE 750721334 ESSIP Croix-Rouge Fran\u00e7aise 910027507 \n2026 3\u00e8me trimestre GROUPE SOS SOLIDARIT\u00c9S 750015968 ESSIP Alta\u00efr 920042041 \n2026 3\u00e8me trimestre ASSOCIATION AURORE 750719361 EMSP P\u00e9rinatalit\u00e9 Aurore 77 770027506 \n2026 3\u00e8me trimestre GCSMS un chez soi d'abord 75 750062150 UN CHEZ SOI D'ABORD 75 750053308 \nAgence R\u00e9gionale de Sant\u00e9 - IDF-2025-12-23-00016 - Arr\u00eat\u00e9 n\u00b02025-12-23-PDS modifiant l'arr\u00eat\u00e9 n\u00b02025-29 portant programmation\ndes \u00e9valuations de la qualit\u00e9 des\n\u00e9tablissements et services sociaux et m\u00e9dico-sociaux relevant du b) de l'article L. 313-3 du\ncode de l'action sociale et des familles pour les ann\u00e9es 2025 \u00e0 2029, conform\u00e9ment aux\narticles L. 312-8 et D. 312-204 du m\u00eame code\n122\n2026 3\u00e8me trimestre ASSOCIATION AURORE  750719361 CSAPA GEORGES SAND - \nHEBERGERIE-CADENCE 770802585 \n2026 4\u00e8me trimestre ASSOCIATION AURORE 750719361 ACT Espace Rivi\u00e8re 750011819 \n2026 4\u00e8me trimestre GIP SAMUSOCIAL DE PARIS 750040594 LAM Babinski 940017429 \n2026 4\u00e8me trimestre ASSOCIATION AURORE  750719361 ACT Aurore 93 930007588 \n2026 4\u00e8me trimestre GROUPE SOS SOLIDARIT\u00c9S  750016008 ACT Confluences 750044372 \n2026 4\u00e8me trimestre GROUPE SOS SOLIDARIT\u00c9S  750015968 ACT PARIS EST 750013658 \n2026 4\u00e8me trimestre ASSOCIATION EMPREINTES 770813475 ACT Accueil et H\u00e9bergement 770003929 \n2026 4\u00e8me trimestre ASSOCIATION DIAGONALE 910002112 ACT Diagonale  910814912 \n2026 \n4\u00e8me trimestre \nASSOCIATION AURORE 750719361 LHSS HSR P\u00e9rinat - MAJEURS 910026947 \n2026 \n4\u00e8me trimestre \nASSOCIATION AURORE 750719361 LHSS HSR P\u00e9rinat - MINEURS 910025568 \n2026 4\u00e8me trimestre ASSOCIATION AURORE 750719361 ACT HSR P\u00e9rinat Confluence 910026939 \n2026 4\u00e8me trimestre ASSOCIATION ALTA\u00cfR VESTA 920808011 ACT Alta\u00efr Vesta 920005469 \n2026 4\u00e8me trimestre ASSOCIATION OPPELIA 750054157 ACT Le Trait d'Union 920005428 \n2026 4\u00e8me trimestre GROUPE SOS SOLIDARIT\u00c9S  750015968 ACT Paris Nord 930020060 \nAgence R\u00e9gionale de Sant\u00e9 - IDF-2025-12-23-00016 - Arr\u00eat\u00e9 n\u00b02025-12-23-PDS modifiant l'arr\u00eat\u00e9 n\u00b02025-29 portant programmation\ndes \u00e9valuations de la qualit\u00e9 des\n\u00e9tablissements et services sociaux et m\u00e9dico-sociaux relevant du b) de l'article L. 313-3 du\ncode de l'action sociale et des familles pour les ann\u00e9es 2025 \u00e0 2029, conform\u00e9ment aux\narticles L. 312-8 et D. 312-204 du m\u00eame code\n123\n2026 4\u00e8me trimestre GROUPE SOS SOLIDARIT\u00c9S 750015968 ACT SOS Habitat et Soins 940004039 \n2026 4\u00e8me trimestre ASSOCIATION AURORE 750719361 ACT Bords de l'Oise 950003699 \n2026 4\u00e8me trimestre GROUPE SOS SOLIDARIT\u00c9S 750015968 LAM Wangari Maathai  950044180 \n2026 4\u00e8me trimestre GCSMS un chez soi d'abord 95 950048231 UN CHEZ SOI D'ABORD 95 950048249 \n2026 4\u00e8me trimestre ASSOCIATION CIT\u00c9S CARITAS 750720591 ESSIP Cit\u00e9s Caritas 78 780030920 \n \n \nAnn\u00e9e de \ntransmission \ndu rapport \nEch\u00e9ance \ntrimestrielle de \ntransmission \ndu rapport \nOrganisme gestionnaire ESMS ou ESSMS concern\u00e9s \nRaison sociale N\u00b0 FINESS \njuridique \nRaison sociale N\u00b0 FINESS \ng\u00e9ographique (Nom de la structure) \n2027 1er trimestre ASSOCIATION ADDICTIONS \nFRANCE 750713406 CSAPA ANPAA 75 750812661 \n2027 1er trimestre ASSOCIATION MCATMS 940012818 CAARUD MCATMS 940012859 \n2027 2\u00e8me trimestre GIP SAMUSOCIAL DE PARIS 750040594 LAM 14\u00e8me NDBS 750070922 \n2027 2\u00e8me trimestre ASSOCIATION EMPREINTES 770813475 LAM EMPREINTES 770027928 \n2027 2\u00e8me trimestre ASSOCIATION AURORE 750719361 CSAPA H\u00e9bergement Aurore (ex. \ncommunaut\u00e9 th\u00e9rapeutique) 930022520 \n2027 2\u00e8me trimestre ASSOCIATION EQUALIS 770023539 LHSS EQUALIS 770017457 \nAgence R\u00e9gionale de Sant\u00e9 - IDF-2025-12-23-00016 - Arr\u00eat\u00e9 n\u00b02025-12-23-PDS modifiant l'arr\u00eat\u00e9 n\u00b02025-29 portant programmation\ndes \u00e9valuations de la qualit\u00e9 des\n\u00e9tablissements et services sociaux et m\u00e9dico-sociaux relevant du b) de l'article L. 313-3 du\ncode de l'action sociale et des familles pour les ann\u00e9es 2025 \u00e0 2029, conform\u00e9ment aux\narticles L. 312-8 et D. 312-204 du m\u00eame code\n124\n2027 2\u00e8me trimestre ASSOCIATION AURORE 750719361 LHSS AURORE 920042652 \n2027 2\u00e8me trimestre GROUPE SOS SOLIDARIT\u00c9S 750015968 LHSS 93 Les Voisins 930022587 \n2027 3\u00e8me trimestre CENTRE D'ACTION SOCIALE \nPROTESTANT 750038085 ACT ARAPEJ 92 920009529 \n2027 4e trimestre ASSOCIATION OSIRIS 780008678 ACT Horizons (Poissy)  780011078 \n2027 4e trimestre CROIX-ROUGE FRAN\u00c7AISE 750721334 LHSS Le Coteau 940008618 \n2027 4e trimestre ASSOCIATION ESP\u00c9RER 95 950803361 EMSP P\u00e9rinatalit\u00e9 Esp\u00e9rer 95 950048942 \n2027 4e trimestre AVIH 770026284 ESSIP AVIH 770026292 \n2027 4e trimestre FONDATION \u00c9LAN RETROUV\u00c9 750721391 ESSIP \u00c9LAN RETROUV\u00c9 En attente de \ncr\u00e9ation FINESS \n2027 4e trimestre ASSOCIATION AURORE  750719361 CSAPA GAINVILLE 930817226 \n \n \nAnn\u00e9e de \ntransmission \ndu rapport \nEch\u00e9ance \ntrimestrielle de \ntransmission du \nrapport \nOrganisme gestionnaire ESMS ou ESSMS concern\u00e9s \nRaison sociale N\u00b0 FINESS \njuridique \nRaison sociale \n (Nom de la structure) \nN\u00b0 FINESS \ng\u00e9ographique \n2028 1er trimestre  ASSOCIATION EQUALIS 770023539 LAM Equalis 770023604 \n2028 1er trimestre  ASSOCIATION AURORE 750719361 CSAPA Cl\u00e9menceau 930009048 \nAgence R\u00e9gionale de Sant\u00e9 - IDF-2025-12-23-00016 - Arr\u00eat\u00e9 n\u00b02025-12-23-PDS modifiant l'arr\u00eat\u00e9 n\u00b02025-29 portant programmation\ndes \u00e9valuations de la qualit\u00e9 des\n\u00e9tablissements et services sociaux et m\u00e9dico-sociaux relevant du b) de l'article L. 313-3 du\ncode de l'action sociale et des familles pour les ann\u00e9es 2025 \u00e0 2029, conform\u00e9ment aux\narticles L. 312-8 et D. 312-204 du m\u00eame code\n125\n2028 1er trimestre  GHI LE RAINCY-MONTFERMEIL 930021480 CSAPA VALJEAN - MONTFERMEIL 930018544 \n2028 1er trimestre  CHI ANDR\u00c9 GREGOIRE 930110036 CSAPA La Mosa\u00efque 930818414 \n2028 1er trimestre  CH DELAFONTAINE 930011051 CSAPA Le Corbillon 930812201 \n2028 1er trimestre  MAIRIE d'AUBERVILLIERS 930812862 CSAPA Ville Aubervilliers 930018627 \n2028 1er trimestre  MAIRIE d'AULNAY-SOUS-BOIS 930812870 CSAPA Ville Aulnay-sous-Bois 930018601 \n2028 1er trimestre  ASSOCIATION OPPELIA 750054157 CSAPA CAP 93 930018635 \n2028 1er trimestre  MAIRIE de LA COURNEUVE 930812946 CSAPA Ville de la Courneuve 930018643 \n2028 1er trimestre  MAIRIE de SAINT-DENIS 930813159 CSAPA Ville de Saint-Denis 930813555 \n2028 1er trimestre  ASSOCIATION caPASScit\u00e9 930028360 CSAPA Rabelais 930801022 \n2028 1er trimestre  APHP JEAN VERDIER 750712184 CSAPA Boucebci 930812334 \n2028 1er trimestre  CHI POISSY/ST GERMAIN 780001236 CSAPA CHIPS 780024907 \n2028 1er trimestre  FONDATION L'\u00c9LAN RETROUV\u00c9 750721391 CSAPA Emergence Tolbiac 750012288 \n2028 1er trimestre  ASSOCIATION OPPELIA 750054157 CSAPA Charonne 750015778 \n2028 1er trimestre  UDSM 940721400 CSAPA UDSM La Corde Raide  750827917 \nAgence R\u00e9gionale de Sant\u00e9 - IDF-2025-12-23-00016 - Arr\u00eat\u00e9 n\u00b02025-12-23-PDS modifiant l'arr\u00eat\u00e9 n\u00b02025-29 portant programmation\ndes \u00e9valuations de la qualit\u00e9 des\n\u00e9tablissements et services sociaux et m\u00e9dico-sociaux relevant du b) de l'article L. 313-3 du\ncode de l'action sociale et des familles pour les ann\u00e9es 2025 \u00e0 2029, conform\u00e9ment aux\narticles L. 312-8 et D. 312-204 du m\u00eame code\n126\n2028 1er trimestre  APHP 750712184 Monte Cristo 750000358 \n2028 1er trimestre  APHP 750712184 CSAPA Espace Murger 750805228 \n2028 1er trimestre  APHP 750712184 CSAPA Centre Cassini 750830945 \n2028 1er trimestre  ASSOCIATION ADDICTIONS \nFRANCE 750713406 CSAPA ANPAA 75 750812661 \n2028 1er trimestre  GHU PPN 750062036 CSAPA Sainte Anne 750832222 \n2028 1er trimestre  GROUPE SOS SOLIDARIT\u00c9S 750015968 CSAPA SOS 75 110 les Halles 750000408 \n2028 1er trimestre  GHU PPN 750062036 CSAPA MARMOTTAN 750803819 \n2028 1er trimestre  ASSOCIATION GA\u00cfA PARIS 750031809 Bus GAIA 750012478 \n2028 1er trimestre  ASSOCIATION ESTRELIA 750827933 CSAPA Horizons 750827941 \n2028 1er trimestre  GHU PPN 750062036 CSAPA La Terrasse 750826414 \n2028 1er trimestre  ASSOCIATION AURORE 750719361 CSAPA AURORE 75 750031999 \n2028 1er trimestre  CROIX-ROUGE FRAN\u00c7AISE 750721334 CSAPA Pierre Nicole 750020141 \n2028 1er trimestre  ASSOCIATION NOVA DONA 750002289 CSAPA Nova Dona 750002297 \n2028 1er trimestre  ASSOCIATION DROGUE ET \nJEUNESSE 750804858 CSAPA ADAJE 750803868 \nAgence R\u00e9gionale de Sant\u00e9 - IDF-2025-12-23-00016 - Arr\u00eat\u00e9 n\u00b02025-12-23-PDS modifiant l'arr\u00eat\u00e9 n\u00b02025-29 portant programmation\ndes \u00e9valuations de la qualit\u00e9 des\n\u00e9tablissements et services sociaux et m\u00e9dico-sociaux relevant du b) de l'article L. 313-3 du\ncode de l'action sociale et des familles pour les ann\u00e9es 2025 \u00e0 2029, conform\u00e9ment aux\narticles L. 312-8 et D. 312-204 du m\u00eame code\n127\n2028 1er trimestre  ASSOCIATION ADDICTIONS \nFRANCE 750716406  CSAPA ANPAA 77 770810265 \n2028 1er trimestre  GHSIF 770110054 CSAPA LE CARROUSEL - CH MARC \nJACQUET MELUN 770816494 \n2028 1er trimestre  GHEF 770021145 CSAPA HEVEA - CH MEAUX  770001949 \n2028 1er trimestre  CH Andr\u00e9 Mignot LE CHESNAY  780110078  CSAPA g\u00e9n\u00e9raliste \"LE CEDAT\" 780708558 \n2028 1er trimestre  CH de PLAISIR 780024113 CSAPA du centre p\u00e9nitentiaire de Bois \nd'Arcy 780003158 \n2028 1er trimestre  ASSOCIATION OPPELIA 750054157 CTR \"LE KAIROS\" 780020608 \n2028 1er trimestre  ASSOCIATION ADDICTIONS \nFRANCE 750713406 Sp\u00e9cialis\u00e9 Alcool ANPAA 91 910814961 \n2028 1er trimestre  CH SUD-ESSONNE 910019447 Sp\u00e9cialis\u00e9 Alcool Etampes 910018530 \n2028 1er trimestre  GHNE 910110063 CSAPA CH ORSAY - Sp\u00e9cialis\u00e9 Alcool  910017417 \n2028 1er trimestre  CH SUD FRANCILIEN 910002773 CSAPA G\u00e9n\u00e9raliste MA Fleury M\u00e9rogis 910004498 \n2028 1er trimestre  EPS BARTH\u00c9L\u00c9MY DURAND 910140029 CSAPA G\u00e9n\u00e9raliste L'Espace 910005149 \n2028 1er trimestre  ASSOCIATION OPPELIA 750054157 CSAPA G\u00e9n\u00e9raliste Essonne Accueil 910811124 \n2028 1er trimestre  ASSOCIATION RESSOURCES 910000041 CSAPA G\u00e9n\u00e9raliste du Val D'Orge 910000058 \n2028 1er trimestre  CH DES 4 VILLES 920009909 CSAPA Centre Hospitalier des 4 Villes 920814704 \nAgence R\u00e9gionale de Sant\u00e9 - IDF-2025-12-23-00016 - Arr\u00eat\u00e9 n\u00b02025-12-23-PDS modifiant l'arr\u00eat\u00e9 n\u00b02025-29 portant programmation\ndes \u00e9valuations de la qualit\u00e9 des\n\u00e9tablissements et services sociaux et m\u00e9dico-sociaux relevant du b) de l'article L. 313-3 du\ncode de l'action sociale et des familles pour les ann\u00e9es 2025 \u00e0 2029, conform\u00e9ment aux\narticles L. 312-8 et D. 312-204 du m\u00eame code\n128\n2028 1er trimestre  ASSOCIATION OPPELIA 750054157 CSAPA Trait d'union 920801859 \n2028 1er trimestre  GH PAUL GUIRAUD 940140049 CSAPA Libert\u00e9 920802733 \n2028 1er trimestre  ASSOCIATION AGATA 920002771 CSAPA Aporia 920808904 \n2028 1er trimestre  ASSOCIATION AGATA 920002771 CSAPA Agata 920811973 \n2028 1er trimestre  ASSOCIATION CIDE 920718053 CSAPA Chim\u00e8ne 920811940 \n2028 1er trimestre  ASSOCIATION DE L'H\u00d4PITAL \nNORD 920810330 CSAPA Nord 92 920815776 \n2028 1er trimestre  UDSM 940721400 CSAPA MELTEM 94 940808587 \n2028 1er trimestre  H\u00d4PITAL SAINT CAMILLE  940150014 CSAPA REGAIN 940811052 \n2028 1er trimestre  AFASER 940721384 CSAPA ITHAQUE 940811300 \n2028 1er trimestre  CHU BIC\u00caTRE 750712184 CSAPA BIC\u00caTRE 940019144 \n2028 1er trimestre  CHU DE CR\u00c9TEIL 940811326 CSAPA HENRI DUCHENE 940811326 \n2028 1er trimestre  ASSOCIATIONS DROGUES ET \nSOCI\u00c9T\u00c9 940002132 CSAPA EPICE 940002140 \n2028 1er trimestre  CHI VILLENEUVE-SAINT-\nGEORGES 940110042 CSAPA INTERVALLE 940807597 \n2028 1er trimestre  CH LES MURETS 940140023 CSAPA JET 94 940812928 \nAgence R\u00e9gionale de Sant\u00e9 - IDF-2025-12-23-00016 - Arr\u00eat\u00e9 n\u00b02025-12-23-PDS modifiant l'arr\u00eat\u00e9 n\u00b02025-29 portant programmation\ndes \u00e9valuations de la qualit\u00e9 des\n\u00e9tablissements et services sociaux et m\u00e9dico-sociaux relevant du b) de l'article L. 313-3 du\ncode de l'action sociale et des familles pour les ann\u00e9es 2025 \u00e0 2029, conform\u00e9ment aux\narticles L. 312-8 et D. 312-204 du m\u00eame code\n129\n2028 1er trimestre  GH PAUL GUIRAUD 940110049 CSAPA M.A FRESNES 940002959 \n2028 1er trimestre  ASSOCIATION ADDICTIONS \nFRANCE 750713406 CSAPA ANPAA 95 950809863 \n2028 1er trimestre  ASSOCIATION DUNE 950806455 CSAPA CERGY 950808832 \n2028 1er trimestre  G.H.E.M. 950013870 CSAPA IMAGINE 950802421 \n2028 1er trimestre  GHCPO - H\u00d4PITAL NOVO 950110080 CSAPA PORTE DE L'OISE - PERSAN 950015370 \n2028 1er trimestre  ASSOCIATION caPASScit\u00e9 930028360 CSAPA EDGAR MORIN - GARGES LES \nGONESSE 950008508 \n2028 1er trimestre  ASSOCIATION OPPELIA 750054157 CSAPA SARCELLES 950003509 \n2028 1er trimestre  GIP SAMUSOCIAL DE PARIS 750040594 LHSS Ridder 750076911 \n2028 1er trimestre  GIP SAMUSOCIAL DE PARIS 750040594 LHSS Saint-Michel 750040644 \n2028 1er trimestre  GIP SAMUSOCIAL DE PARIS 750040594 LHSS Les Lilas                  750076929 \n2028 1er trimestre  GIP SAMUSOCIAL DE PARIS 750040594 LHSS Babinski 940032345 \n2028 1er trimestre  CROIX-ROUGE FRAN\u00c7AISE 750721334 LHSS Croix-Rouge 910024777 \n2028 2\u00e8me trimestre APS CONTACT 770816445 CSAPA APS CONTACT  770816452 \n2028 2\u00e8me trimestre FONDATION L'\u00c9LAN RETROUV\u00c9 750721391 LHSS FONDATION L'\u00c9LAN RETROUV\u00c9 780027892 \nAgence R\u00e9gionale de Sant\u00e9 - IDF-2025-12-23-00016 - Arr\u00eat\u00e9 n\u00b02025-12-23-PDS modifiant l'arr\u00eat\u00e9 n\u00b02025-29 portant programmation\ndes \u00e9valuations de la qualit\u00e9 des\n\u00e9tablissements et services sociaux et m\u00e9dico-sociaux relevant du b) de l'article L. 313-3 du\ncode de l'action sociale et des familles pour les ann\u00e9es 2025 \u00e0 2029, conform\u00e9ment aux\narticles L. 312-8 et D. 312-204 du m\u00eame code\n130\n2028 3\u00e8me trimestre CROIX-ROUGE FRAN\u00c7AISE 750721334 LAM H\u00f4pital \u00c9mile ROUX AP-HP 940026636 \n2028 3\u00e8me trimestre GROUPE SOS SOLIDARIT\u00c9S 750015968 LAM Olympiades 93 930027396 \n2028 3\u00e8me trimestre FONDATION MAISON DES \nCHAMPS 750815367 ACT Maison des Champs 940003999 \n2028 3\u00e8me trimestre ASSOCIATION AIDES 750024739 CAARUD AIDES 750027989 \n2028 3\u00e8me trimestre ASSOCIATION SIDA PAROLE 920013158 CAARUD SIDA PAROLES 92 920013208 \n2028 4\u00e8me trimestre ASSOCIATION MAAVAR 950015499 ACT MAAVAR SARCELLES 950007039 \n2028 4\u00e8me trimestre ASSOCIATION AURORE  750719361 LHSS CLEMENCEAU 930023635 \n \n \nAnn\u00e9e de \ntransmission \ndu rapport \nEch\u00e9ance \ntrimestrielle de \ntransmission du \nrapport \nOrganisme gestionnaire ESMS ou ESSMS concern\u00e9s \nRaison sociale N\u00b0 FINESS \njuridique \nRaison sociale  \n(Nom de la structure) \nN\u00b0 FINESS \ng\u00e9ographique \n2029 1er trimestre MAIRIE de SAINT-OUEN 930813167 CSAPA Ville de Saint-Ouen 930018676 \n2029 1er trimestre GCSMS un chez soi d'abord 92 920037694 UN CHEZ SOI D'ABORD 92 920037702 \n2029 3\u00e8me trimestre ASSOCIATION MAAVAR 750825804 ACT OFEK 750825804 \n2029 3\u00e8me trimestre GHU PPN 750062036 CAARUD BOR\u00c9AL 750028359 \nAgence R\u00e9gionale de Sant\u00e9 - IDF-2025-12-23-00016 - Arr\u00eat\u00e9 n\u00b02025-12-23-PDS modifiant l'arr\u00eat\u00e9 n\u00b02025-29 portant programmation\ndes \u00e9valuations de la qualit\u00e9 des\n\u00e9tablissements et services sociaux et m\u00e9dico-sociaux relevant du b) de l'article L. 313-3 du\ncode de l'action sociale et des familles pour les ann\u00e9es 2025 \u00e0 2029, conform\u00e9ment aux\narticles L. 312-8 et D. 312-204 du m\u00eame code\n131\n2029 3\u00e8me trimestre ASSOCIATION OPPELIA 750054157 CAARUD CHARONNE OPPELIA 750028029 \n2029 3\u00e8me trimestre ASSOCIATION AURORE 750719361 CAARUD ESPOIR GOUTTE D'OR 750028128 \n2029 3\u00e8me trimestre ASSOCIATION AURORE 750719361 CAARUD DOUDEAUVILLE 750066946 \n2029 3\u00e8me trimestre ASSOCIATION GA\u00cfA PARIS 750031809 CAARUD PPMU 750027948 \n2029 3\u00e8me trimestre GROUPE SOS SOLIDARIT\u00c9S 750015968 CAARUD KALE\u00cfDOSCOPE 750028169 \n2029 3\u00e8me trimestre ASSOCIATION NOVA DONA 750002289 CAARUD NOVA DONA 750028219 \n2029 3\u00e8me trimestre ASSOCIATION EMERGENCES 770014538 CAARUD EMERGENCES 770014579 \n2029 3\u00e8me trimestre ASSOCIATION CIT\u00c9S CARITAS 750720591 CAARUD 77 SUD 770014488 \n2029 3\u00e8me trimestre ASSOCIATION VISA 940008279 CAARUD VISA 94 940008329 \n2029 4e trimestre FONDATION MAISON DES \nCHAMPS 750815367 ACT Maison des Champs 750033359 \n2029 4e trimestre GCSMS un chez soi d'abord 93 930031075 ACT UCSD 93 930031208 \n2029 4e trimestre ASSOCIATION SIDA PAROLES 920013158 CAARUD SIDA PAROLES 78 780013058 \n2029 4e trimestre ASSOCIATION AURORE 750719361 CAARUD CHI ROBERT BALLANGER 930018619 \n2029 4e trimestre ASSOCIATION PROSES 930018668 CAARUD PROSES 930018718 \nAgence R\u00e9gionale de Sant\u00e9 - IDF-2025-12-23-00016 - Arr\u00eat\u00e9 n\u00b02025-12-23-PDS modifiant l'arr\u00eat\u00e9 n\u00b02025-29 portant programmation\ndes \u00e9valuations de la qualit\u00e9 des\n\u00e9tablissements et services sociaux et m\u00e9dico-sociaux relevant du b) de l'article L. 313-3 du\ncode de l'action sociale et des familles pour les ann\u00e9es 2025 \u00e0 2029, conform\u00e9ment aux\narticles L. 312-8 et D. 312-204 du m\u00eame code\n132\n2029 4e trimestre GROUPE SOS SOLIDARIT\u00c9S 750016008 CAARUD YUCCA 930018478 \n2029 4e trimestre FONDATION L\u00c9ONIE CHAPTAL 950001271 ESSIP Chaptal 950046607 \n2029 4e trimestre FONDATION MAISON DES \nCHAMPS 750815367 ESSIP Fondation Maison des champs 750070070 \n2029 4e trimestre ASSOCIATION LA MAIN TENDUE 930000278 ESSIP La main tendue 930031729 \n2029 4e trimestre GROUPE SOS SOLIDARIT\u00c9S 750015968 ESSIP SOS 940029226 \n2029 4e trimestre CROIX-ROUGE FRAN\u00c7AISE 750721334 EMSP CRF Nord-Ouest 950046631 \n2029 4e trimestre CROIX-ROUGE FRAN\u00c7AISE 750721334 EMSP CRF Nord et Sud 780028981 \n2029 4e trimestre AVIH 770026284 EMSP AVIH 770026292 \n2029 4e trimestre ASSOCIATION CIT\u00c9S CARITAS 750720591 EMSP Cit\u00e9 Caritas 77 770026268 \n2029 4e trimestre ASSOCIATION ESP\u00c9RER 95 950803361 EMSP Esp\u00e9rer 95 950046615 \n2029 4e trimestre ASSOCIATION AURORE 750719361 EMSP P\u00e9rinatalit\u00e9 Aurore 77 770027506 \n2029 4e trimestre CROIX-ROUGE FRAN\u00c7AISE 750721334 EMSP CRF Ouest 920038726 \n2029 4e trimestre ASSOCIATION OPPELIA 750054157 EMSP OPPELIA Centre Sud 910026277 \n2029 4e trimestre ASSOCIATION AURORE 750719361 EMSP Aurore 92 750070112 \nAgence R\u00e9gionale de Sant\u00e9 - IDF-2025-12-23-00016 - Arr\u00eat\u00e9 n\u00b02025-12-23-PDS modifiant l'arr\u00eat\u00e9 n\u00b02025-29 portant programmation\ndes \u00e9valuations de la qualit\u00e9 des\n\u00e9tablissements et services sociaux et m\u00e9dico-sociaux relevant du b) de l'article L. 313-3 du\ncode de l'action sociale et des familles pour les ann\u00e9es 2025 \u00e0 2029, conform\u00e9ment aux\narticles L. 312-8 et D. 312-204 du m\u00eame code\n133\n2029 4e trimestre GROUPE SOS SOLIDARIT\u00c9S 750015968 EMSP Alta\u00efr 920038734 \n2029 4e trimestre INTERLOGEMENT 93 930031257 EMSP INTERLOGEMENT 93 930031737 \n2029 4e trimestre ASSOCIATION AURORE 750719361 EMSP Aurore 94 750070120 \n2029 4e trimestre GROUPE SOS SOLIDARIT\u00c9S 750015968 EMSP SOS 93 930031752 \n2029 4e trimestre ASSOCIATION BASILIADE 750045072 EMSP P\u00e9rinatalit\u00e9 Basiliade 75-92 750070088 \n2029 4e trimestre ASSOCIATION H\u00d4TEL SOCIAL \n93 930001201 EMSP H\u00f4tel social 93 930031745 \n \nAgence R\u00e9gionale de Sant\u00e9 - IDF-2025-12-23-00016 - Arr\u00eat\u00e9 n\u00b02025-12-23-PDS modifiant l'arr\u00eat\u00e9 n\u00b02025-29 portant programmation\ndes \u00e9valuations de la qualit\u00e9 des\n\u00e9tablissements et services sociaux et m\u00e9dico-sociaux relevant du b) de l'article L. 313-3 du\ncode de l'action sociale et des familles pour les ann\u00e9es 2025 \u00e0 2029, conform\u00e9ment aux\narticles L. 312-8 et D. 312-204 du m\u00eame code\n134\nAgence R\u00e9gionale de Sant\u00e9\nIDF-2025-12-23-00019\nD\u00e9cision tarifaire n\u00b0 2025-12-23-DSP portant\nfixation pour l'ann\u00e9e 2026 du montant et de la\nr\u00e9partition de la dotation globalis\u00e9e commune\npr\u00e9vue au contrat pluriannuel d'objectifs et de\nmoyens de l'association ADDICTIONS FRANCE -\n(FINESS 75 071 340 6) sise 20 rue Saint Fiacre\n75002 PARIS pour les \u00e9tablissements et services\n(Associations Addictions France 75,  Addictions\nFrance 77, Addictions France 91 et Addictions\nFrance 95)\nAgence R\u00e9gionale de Sant\u00e9 - IDF-2025-12-23-00019 - D\u00e9cision tarifaire n\u00b0 2025-12-23-DSP portant fixation pour l'ann\u00e9e 2026 du\nmontant et de la r\u00e9partition de la dotation globalis\u00e9e commune pr\u00e9vue au contrat pluriannuel d'objectifs et de moyens de\nl'association ADDICTIONS FRANCE - (FINESS 75 071 340 6) sise 20 rue Saint Fiacre 75002 PARIS pour les \u00e9tablissements et services\n(Associations Addictions France 75,  Addictions France 77, Addictions France 91 et Addictions France 95)\n135\nREPUBLIQUEFRANCAISELibert\u00e9Egalit\u00e9Fraternit\u00e9\nAr\u00a9 D Agence R\u00e9gionale de Sant\u00e9\u00cele-de-France\n \n \n \n \n \n \n \n \nDECISION TARIFAIRE N\u00b0 2025-12-23-DSP \nPORTANT FIXATION POUR L'ANNEE 2026 \nDU MONTANT ET DE LA REPARTITION DE LA DOTATION GLOBALISEE COMMUNE \nPREVUE AU CONTRAT PLURIANNUEL D'OBJECTIFS ET DE MOYENS DE \nL'ASSOCIATION ADDICTIONS FRANCE - (FINESS 75 071 340 6)  \nsise 20 rue Saint Fiacre 75002 PARIS  \n  \nPOUR LES ETABLISSEMENTS ET SERVICES SUIVANTS : \n \n   75 081 266 1 CSAPA Association Addictions France 75 \n   77 081 026 5 CSAPA Association Addictions France 77 \n   91 081 496 1 CSAPA Association Addictions France 91 \n   95 080 986 3    CSAPA Association Addictions France 95 \n \n \n \nLE DIRECTEUR GENERAL DE L'AGENCE REGIONALE DE SANTE  \nD'ILE DE FRANCE \n \n \nVU  Le code de l'action sociale et des familles et notamment les articles L. 314-3-3, L. 314-7, L.314-8, R. \n314-1 et suivants ; \n \nVU Le code de la sant\u00e9 publique ; \n \nVU Le code de la s\u00e9curit\u00e9 sociale ; \n \nVU La loi n\u00b0 2025-199 du 28 f\u00e9vrier 2025 de financement de la s\u00e9curit\u00e9 sociale pour 2025 ;  \n \nVU Le d\u00e9cret n\u00b0 2010-336 du 31 mars 2010 portant cr\u00e9ation des Agences R\u00e9gionales de Sant\u00e9 ;  \n \nVU Le d\u00e9cret du 10 avril 2024 portant nomination de Monsieur Denis ROBIN en qualit\u00e9 de Directeur g\u00e9n\u00e9ral \nde l'Agence r\u00e9gionale de sant\u00e9 d'Ile-de-France \u00e0 compter du 29 avril 2024 ;  \n \nVU L'arr\u00eat\u00e9 du 22 octobre 2003 modifi\u00e9 fixant les r\u00e8gles de documents pr\u00e9vus aux articles 9, 12, 16, 18, \n19, 47 et 83 du d\u00e9cret n\u00b0 2003 -1010 du 22 octobre 2003 relatif \u00e0 la gestion budg\u00e9taire, comptable et \nfinanci\u00e8re et aux modalit\u00e9s de financement et de tarification des \u00e9tablissements et services m\u00e9dico -\nsociaux mentionn\u00e9e au I de l'article L312-1 du code de l'action sociale et des familles ;  \n \nVU L'arr\u00eat\u00e9 du 4 ao\u00fbt 2025 fixant pour l'ann\u00e9e 2025 les dotations r\u00e9gionales limitatives de d\u00e9penses \nm\u00e9dico-sociales des \u00e9tablissements et services m\u00e9dico-sociaux publics et priv\u00e9s mentionn\u00e9s \u00e0 l'article \nL. 314-3-3 du code de l'action sociale et des familles ; \n \nVU Le Contrat Pluriannuel d'Objectifs et de Moyens (CPOM) 2026-2030 entre l'association ASSOCIATION \nADDICTIONS FRANCE et l'ARS Ile-de-France sign\u00e9 le 19/12/2025 et prenant effet au 01/01/2026 ;  \nAgence R\u00e9gionale de Sant\u00e9 - IDF-2025-12-23-00019 - D\u00e9cision tarifaire n\u00b0 2025-12-23-DSP portant fixation pour l'ann\u00e9e 2026 du\nmontant et de la r\u00e9partition de la dotation globalis\u00e9e commune pr\u00e9vue au contrat pluriannuel d'objectifs et de moyens de\nl'association ADDICTIONS FRANCE - (FINESS 75 071 340 6) sise 20 rue Saint Fiacre 75002 PARIS pour les \u00e9tablissements et services\n(Associations Addictions France 75,  Addictions France 77, Addictions France 91 et Addictions France 95)\n136\n2/2 \n \nDECIDE \n \nARTICLE 1 :  \n \nA compter du 01/01/2026, au titre de l'ann\u00e9e 202 6 et dans l'attente de l'instruction de campagne budg\u00e9taire 202 6 \npour les \u00e9tablissements et services m\u00e9dico -sociaux (ESMS) accueillant des Personnes en Difficult\u00e9s Sp\u00e9cifiques \n(PDS), la dotation global is\u00e9e commune des \u00e9tablissements et services m\u00e9dico -sociaux financ\u00e9s par l'Assurance \nMaladie, g\u00e9r\u00e9s par l'entit\u00e9 d\u00e9nomm\u00e9e \u00ab  L'ASSOCIATION ADDICTIONS FRANCE \u00bb - FINESS 75 071 340 6, dont \nle si\u00e8ge est situ\u00e9 20 rue Saint Fiacre 75002 PARIS, s'\u00e9l\u00e8ve \u00e0 6 524 192,26 \u20ac (base reconductible au 01/01/202 6 \nhors CNR). \n \nElle se r\u00e9partit de la mani\u00e8re suivante :  \n \nFINESS \u00e9tablissement  Nom Etablissement Dotations (en euros) \n75 081 266 1 CSAPA AAF 75 2 537 044,78 \u20ac \n77 081 026 5 CSAPA AAF 77 1 705 030,52 \u20ac \n91 081 496 1 CSAPA AAF 91    738 631,76 \u20ac \n95 080 986 3    CSAPA AAF 95 1 543 485,20 \u20ac \nTOTAL  6 524 192,26 \u20ac \n \n \n \nARTICLE 2 : \n \nLes recours dirig\u00e9s contre la pr\u00e9sente d\u00e9cision tarifaire  doivent \u00eatre port\u00e9s devant le Tribunal Administratif de \nVersailles, dans le d\u00e9lai d'un mois \u00e0 compter de sa publication ou, pour les personnes auxquelles il sera notifi\u00e9, \u00e0 \ncompter de sa notification. \n \n \nARTICLE 3 :  \n \nEn application des dispositions de l'article R. 314-36 du code de l'action sociale et des familles, la pr\u00e9sente d\u00e9cision \ntarifaire sera publi\u00e9e au Recueil des Actes Administratifs de la Pr\u00e9fecture d'Ile -de-France.  \n \n \nARTICLE 4 : \n \nLe Directeur de la Sant\u00e9 Publique  de l'Agence r\u00e9gionale de sant\u00e9 d'Ile-de-France est charg\u00e9 de l'ex\u00e9cution de la \npr\u00e9sente d\u00e9cision tarifaire  qui sera notifi\u00e9 e \u00e0 l'association A SSOCIATION ADDICTIONS FRANCE  \u2013 FINESS 75 \n071 340 6 et aux structures concern\u00e9es.  \n \n \nFait \u00e0 Saint-Denis, le 23 d\u00e9cembre 2025 \n \nLe Directeur g\u00e9n\u00e9ral \nde l'Agence r\u00e9gionale de sant\u00e9 \nIle-de-France \n \n \n       Par d\u00e9l\u00e9gation,  \nLe Directeur adjoint de la Sant\u00e9 Publique \n \nSign\u00e9 \n \nJean FABRE-MONS \nAgence R\u00e9gionale de Sant\u00e9 - IDF-2025-12-23-00019 - D\u00e9cision tarifaire n\u00b0 2025-12-23-DSP portant fixation pour l'ann\u00e9e 2026 du\nmontant et de la r\u00e9partition de la dotation globalis\u00e9e commune pr\u00e9vue au contrat pluriannuel d'objectifs et de moyens de\nl'association ADDICTIONS FRANCE - (FINESS 75 071 340 6) sise 20 rue Saint Fiacre 75002 PARIS pour les \u00e9tablissements et services\n(Associations Addictions France 75,  Addictions France 77, Addictions France 91 et Addictions France 95)\n137","date":"2025-12-24","first_seen_on":"2025-12-24T16:45:35+00:00","id":"e5468073cd07642b99c7d524dbd875111fd14a790e4c3975063f4ad04159fd04","name":"recueil-idf-057-2025-12-recueil-des-actes-administratifs-special du 24.12.2025","pdf_creation_date":"2025-12-24T15:50:22+00:00","pdf_modification_date":null,"timezone":"Europe/Paris","url":"https://www.prefectures-regions.gouv.fr/ile-de-france/irecontenu/telechargement/134072/982449/file/recueil-idf-057-2025-12-recueil-des-actes-administratifs-special%20du%2024.12.2025.pdf"}
