{"administration":"pref03","administration_name":"Pr\u00e9fecture de l\u2019Allier","content":"ALLIER\nRECUEIL DES ACTES\nADMINISTRATIFS SP\u00c9CIAL\nN\u00b003-2026-031\nPUBLI\u00c9 LE  5 F\u00c9VRIER 2026\nSommaire\n03_Pr\u00e9f_Pr\u00e9fecture de l'Allier / Direction de la Coordination des\nPolitiques Publique\n03-2026-02-05-00001 - Extrait de l'arr\u00eat\u00e9 n\u00b0 202/2026 du 05 f\u00e9vrier\n2026 portant d\u00e9l\u00e9gation de signature \u00e0 Madame C\u00e9cile\nCOURREGES, directrice g\u00e9n\u00e9rale de l'agence r\u00e9gionale de sant\u00e9\nAuvergne-Rh\u00f4ne-Alpes (4 pages) Page 3\n03_Pr\u00e9f_Pr\u00e9fecture de l'Allier / Bureau du Cabinet\n03-2026-02-05-00002 - 20260206 RAA arr\u00eat\u00e9 rave party (1 page) Page 8\n03_SGCD03 /\n03-2026-02-04-00002 - RAA subdeleg ordo-second SGC fev26 (2 pages) Page 10\n2\n03_Pr\u00e9f_Pr\u00e9fecture de l'Allier\n03-2026-02-05-00001\nExtrait de l'arr\u00eat\u00e9 n\u00b0 202/2026 du 05 f\u00e9vrier 2026\nportant d\u00e9l\u00e9gation de signature \u00e0 Madame\nC\u00e9cile COURREGES, directrice g\u00e9n\u00e9rale de\nl'agence r\u00e9gionale de sant\u00e9\nAuvergne-Rh\u00f4ne-Alpes\n03_Pr\u00e9f_Pr\u00e9fecture de l'Allier - 03-2026-02-05-00001 - Extrait de l'arr\u00eat\u00e9 n\u00b0 202/2026 du 05 f\u00e9vrier 2026 portant d\u00e9l\u00e9gation de\nsignature \u00e0 Madame C\u00e9cile COURREGES, directrice g\u00e9n\u00e9rale de l'agence r\u00e9gionale de sant\u00e9 Auvergne-Rh\u00f4ne-Alpes 3\nPREFETDE L'ALLIERLibert\u00e9Egalit\u00e9Fraternit\u00e9\nDirection de la coordination des politiques publiques\nExtrait de l'arr\u00eat\u00e9 n\u00b0 202/2026 du 05 f\u00e9vrier 2026\nportant d\u00e9l\u00e9gation de signature\n\u00e0 Madame C\u00e9cile COURREGES,\ndirectrice g\u00e9n\u00e9rale de l'agence r\u00e9gionale de sant\u00e9 Auvergne-Rh\u00f4ne-Alpes\nArticle     1     :\u00a0D\u00e9l\u00e9gation\u00a0 de\u00a0 signature\u00a0 est\u00a0 donn\u00e9e\u00a0 \u00e0 \u00a0Mme C\u00e9cile COURREGES, \u00a0 directrice\u00a0 g\u00e9n\u00e9rale\u00a0 de\nl'agence\u00a0r\u00e9gionale\u00a0de\u00a0sant\u00e9\u00a0Auvergne-Rh\u00f4ne-Alpes,\u00a0\u00e0\u00a0l'effet\u00a0de\u00a0signer,\u00a0dans\u00a0le\u00a0cadre\u00a0de\u00a0ses\u00a0attributions\u00a0et\ncomp\u00e9tences,\u00a0les\u00a0d\u00e9cisions\u00a0et\u00a0documents\u00a0relevant\u00a0des\u00a0domaines\u00a0d'activit\u00e9\u00a0suivants\u00a0:\n1. Hospitalisations sans consentement      \n- transmission\u00a0\u00e0\u00a0la\u00a0personne\u00a0faisant\u00a0l'objet\u00a0des\u00a0mesures,\u00a0conform\u00e9ment\u00a0\u00e0\u00a0l'article\u00a0L.3211-3\u00a0du\u00a0code\u00a0de\u00a0la\nsant\u00e9\u00a0publique,\u00a0des\u00a0arr\u00eat\u00e9s\u00a0pr\u00e9fectoraux\u00a0la\u00a0concernant,\u00a0list\u00e9s\u00a0\u00e0\u00a0l'annexe\u00a02\u00a0du\u00a0protocole\u00a0d\u00e9partemental\nrelatif\u00a0aux\u00a0modalit\u00e9s\u00a0de\u00a0coop\u00e9ration\u00a0entre\u00a0le\u00a0pr\u00e9fet\u00a0et\u00a0le\u00a0directeur\u00a0g\u00e9n\u00e9ral\u00a0de\u00a0l'agence\u00a0r\u00e9gionale\u00a0de\nsant\u00e9\u00a0;\n- information\u00a0des\u00a0autorit\u00e9s\u00a0et\u00a0des\u00a0personnes\u00a0list\u00e9es\u00a0du\u00a01\u00b0\u00a0au\u00a05\u00b0\u00a0de\u00a0l'article\u00a0L.3213-9\u00a0du\u00a0code\u00a0de\u00a0la\u00a0sant\u00e9\npublique,\u00a0dans\u00a0les\u00a024\u00a0heures,\u00a0de\u00a0toutes\u00a0admissions\u00a0en\u00a0soins\u00a0psychiatriques\u00a0prises\u00a0sur\u00a0la\u00a0base\u00a0des\narticles\u00a0L.3213-1\u00a0et\u00a0L.3214-1\u00a0du\u00a0code\u00a0de\u00a0la\u00a0sant\u00e9\u00a0publique\u00a0ou\u00a0sur\u00a0d\u00e9cision\u00a0de\u00a0justice,\u00a0ainsi\u00a0que\u00a0toute\nd\u00e9cision\u00a0de\u00a0maintien,\u00a0et\u00a0toute\u00a0lev\u00e9e\u00a0de\u00a0cette\u00a0mesure\u00a0et\u00a0d\u00e9cision\u00a0de\u00a0soins\u00a0ambulatoires\u00a0;\n- courrier\u00a0permettant\u00a0la\u00a0saisine\u00a0d'un\u00a0expert\u00a0dans\u00a0le\u00a0cadre\u00a0et\u00a0conditions\u00a0pr\u00e9vues\u00a0\u00e0\u00a0l'article\u00a0L.3213-5-1\u00a0du\ncode\u00a0de\u00a0la\u00a0sant\u00e9\u00a0publique\u00a0;\n- courrier\u00a0permettant\u00a0la\u00a0saisine\u00a0du\u00a0juge\u00a0des\u00a0libert\u00e9s\u00a0et\u00a0de\u00a0la\u00a0d\u00e9tention\u00a0dans\u00a0le\u00a0cadre\u00a0de\u00a0l'article\u00a0L.3211-12-\n1\u00a0du\u00a0code\u00a0de\u00a0la\u00a0sant\u00e9\u00a0publique\u00a0;\n- courrier\u00a0permettant\u00a0la\u00a0d\u00e9signation\u00a0de\u00a0deux\u00a0experts\u00a0lors\u00a0de\u00a0demandes\u00a0de\u00a0lev\u00e9e\u00a0de\u00a0mesure\u00a0de\u00a0soins\npsychiatriques\u00a0\u00e0\u00a0la\u00a0demande\u00a0d'un\u00a0repr\u00e9sentant\u00a0de\u00a0l'\u00c9tat\u00a0prises\u00a0en\u00a0r\u00e9f\u00e9rence\u00a0aux\u00a0articles\u00a0L.3213-7\u00a0et\nL.3213-8\u00a0du\u00a0code\u00a0de\u00a0la\u00a0sant\u00e9\u00a0publique\u00a0(patient\u00a0d\u00e9clar\u00e9s\u00a0irresponsables\u00a0p\u00e9naux)\u00a0;\n- information\u00a0de\u00a0la\u00a0commission\u00a0d\u00e9partementale\u00a0des\u00a0soins\u00a0psychiatriques\u00a0de\u00a0toutes\u00a0les\u00a0hospitalisations\nsans\u00a0consentement,\u00a0leur\u00a0renouvellement\u00a0et\u00a0leur\u00a0lev\u00e9e,\u00a0conform\u00e9ment\u00a0\u00e0\u00a0l'article\u00a0L.3223-1\u00a0du\u00a0code\u00a0de\u00a0la\nsant\u00e9\u00a0publique.\n2. Sant\u00e9 environnementale      \n-\u00a0\u00a0\u00a0\u00a0\u00a0Contr\u00f4le\u00a0administratif\u00a0et\u00a0technique\u00a0des\u00a0r\u00e8gles\u00a0d'hygi\u00e8ne\u00a0au\u00a0sens\u00a0des\u00a0articles\u00a0L.1311-1\u00a0et\u00a0L.1311-2\u00a0du\n\u00a0\u00a0\u00a0\u00a0\u00a0\u00a0code\u00a0de\u00a0la\u00a0sant\u00e9\u00a0publique,\u00a0en\u00a0vue\u00a0de\u00a0pr\u00e9server\u00a0la\u00a0sant\u00e9\u00a0de\u00a0l'Homme,\u00a0notamment\u00a0en\u00a0mati\u00e8re\u00a0:\n\u2013 de\u00a0pr\u00e9vention\u00a0des\u00a0maladies\u00a0transmissibles\u00a0;\n\u2013 de\u00a0salubrit\u00e9\u00a0des\u00a0habitations,\u00a0des\u00a0agglom\u00e9rations\u00a0et\u00a0de\u00a0tous\u00a0les\u00a0milieux\u00a0de\u00a0vie\u00a0de\u00a0l'Homme\u00a0;\n\u2013 d'alimentation\u00a0en\u00a0eau\u00a0destin\u00e9e\u00a0\u00e0\u00a0la\u00a0consommation\u00a0humaine\u00a0;\n\u2013 d'exercice\u00a0d'activit\u00e9s\u00a0non\u00a0soumises\u00a0\u00e0\u00a0la\u00a0l\u00e9gislation\u00a0sur\u00a0les\u00a0installations\u00a0class\u00e9es\u00a0pour\u00a0la\u00a0protection\nde\u00a0l'environnement,\u00a0\u00e0\u00a0l'exception\u00a0de\u00a0l'instruction\u00a0des\u00a0demandes\u00a0de\u00a0d\u00e9rogation\u00a0aux\u00a0r\u00e8gles\u00a0de\ndistance\u00a0des\u00a0b\u00e2timents\u00a0d'\u00e9levage\u00a0soumis\u00a0au\u00a0r\u00e8glement\u00a0sanitaire\u00a0d\u00e9partemental\u00a0(article\u00a0164)\u00a0dont\nl'ARS\u00a0est\u00a0seulement\u00a0saisie\u00a0pour\u00a0donner\u00a0un\u00a0avis\u00a0technique\u00a0;\n\u2013 d'\u00e9vacuation,\u00a0de\u00a0traitement,\u00a0d'\u00e9limination\u00a0et\u00a0l'utilisation\u00a0des\u00a0eaux\u00a0us\u00e9es\u00a0et\u00a0des\u00a0d\u00e9chets\u00a0;\n1/4\n03_Pr\u00e9f_Pr\u00e9fecture de l'Allier - 03-2026-02-05-00001 - Extrait de l'arr\u00eat\u00e9 n\u00b0 202/2026 du 05 f\u00e9vrier 2026 portant d\u00e9l\u00e9gation de\nsignature \u00e0 Madame C\u00e9cile COURREGES, directrice g\u00e9n\u00e9rale de l'agence r\u00e9gionale de sant\u00e9 Auvergne-Rh\u00f4ne-Alpes 4\n\u2013 de\u00a0pr\u00e9vention\u00a0des\u00a0nuisances\u00a0sonores\u00a0;\n\u2013 de\u00a0lutte\u00a0contre\u00a0la\u00a0pollution\u00a0atmosph\u00e9rique\u00a0;\n\u2013 de\u00a0la\u00a0s\u00e9curit\u00e9\u00a0sanitaire\u00a0des\u00a0eaux\u00a0conditionn\u00e9es\u00a0et\u00a0thermales,\u00a0eaux\u00a0de\u00a0baignade\u00a0et\u00a0de\u00a0piscines\u00a0;\n\u2013 des\u00a0missions\u00a0du\u00a0contr\u00f4le\u00a0sanitaire\u00a0aux\u00a0fronti\u00e8res\u00a0(des\u00a0points\u00a0d'entr\u00e9e\u00a0du\u00a0territoire)\u00a0en\u00a0application\nde\u00a0l'article\u00a0R.3115-4\u00a0du\u00a0code\u00a0de\u00a0la\u00a0sant\u00e9\u00a0publique\u00a0;\n- mesures\u00a0de\u00a0gestion\u00a0en\u00a0cas\u00a0d'urgence\u00a0sanitaire,\u00a0notamment\u00a0en\u00a0cas\u00a0de\u00a0danger\u00a0ponctuel\u00a0imminent\u00a0pour\nla\u00a0sant\u00e9\u00a0publique,\u00a0en\u00a0application\u00a0de\u00a0l'article\u00a0L.1311-4\u00a0du\u00a0code\u00a0de\u00a0la\u00a0sant\u00e9\u00a0publique\u00a0;\n- contr\u00f4le\u00a0 sanitaire\u00a0 des\u00a0 eaux\u00a0 destin\u00e9es\u00a0 \u00e0 \u00a0 la \u00a0 consommation\u00a0 humaine,\u00a0 proc\u00e9dures\u00a0 d'autorisations,\npropositions\u00a0de\u00a0mesures\u00a0correctives,\u00a0interdictions,\u00a0informations\u00a0relatives\u00a0aux\u00a0EDCH,\u00a0en\u00a0application\u00a0des\narticles\u00a0L.1321-1\u00a0et\u00a0suivants,\u00a0R.1321-1\u00a0\u00e0\u00a0R.1321-61\u00a0et\u00a0D.1321-103\u00a0\u00e0\u00a0D.1321-105\u00a0du\u00a0code\u00a0de\u00a0la\u00a0sant\u00e9\npublique\u00a0;\n- contr\u00f4le\u00a0 sanitaire\u00a0 des \u00a0 eaux \u00a0 conditionn\u00e9es,\u00a0 proc\u00e9dures\u00a0 d'autorisation,\u00a0 propositions\u00a0 de \u00a0 mesures\ncorrectives,\u00a0interdictions,\u00a0en\u00a0application\u00a0des\u00a0articles\u00a0L.1321-7\u00a0et\u00a0R.1321-69\u00a0\u00e0\u00a0R.1321-95\u00a0du\u00a0code\u00a0de\u00a0la\nsant\u00e9\u00a0publique\u00a0;\n- contr\u00f4le\u00a0sanitaire\u00a0des\u00a0eaux\u00a0min\u00e9rales\u00a0naturelles,\u00a0proc\u00e9dures\u00a0d'autorisation,\u00a0de\u00a0protection\u00a0des\u00a0sources\net\u00a0des\u00a0usages\u00a0qui\u00a0en\u00a0sont\u00a0faits,\u00a0propositions\u00a0de\u00a0mesures\u00a0correctives,\u00a0interdictions,\u00a0en\u00a0application\u00a0des\narticles\u00a0L.1322-1\u00a0et\u00a0suivants\u00a0et\u00a0R.1322-1\u00a0\u00e0\u00a0R.1322-67\u00a0du\u00a0code\u00a0de\u00a0la\u00a0sant\u00e9\u00a0publique\u00a0;\n- lutte\u00a0 contre\u00a0 les\u00a0 situations\u00a0 d'insalubrit\u00e9\u00a0 des\u00a0 habitations\u00a0 et\u00a0 des\u00a0 agglom\u00e9rations,\u00a0 conform\u00e9ment\u00a0 aux\ndispositions\u00a0des\u00a0articles\u00a0L.1331-22\u00a0\u00e0\u00a0L.1331-24\u00a0du\u00a0code\u00a0de\u00a0la\u00a0sant\u00e9\u00a0publique\u00a0et\u00a0des\u00a0articles\u00a0L.511-1\u00a0\u00e0\nL.511-22\u00a0du\u00a0code\u00a0de\u00a0la\u00a0construction\u00a0et\u00a0de\u00a0l'habitation.\u00a0Les\u00a0proc\u00e9dures\u00a0cons\u00e9cutives\u00a0\u00e0\u00a0une\u00a0d\u00e9faillance\ndu \u00a0 propri\u00e9taire,\u00a0 du \u00a0 copropri\u00e9taire\u00a0 ou \u00a0 de \u00a0 l'exploitant\u00a0 demeurent\u00a0 de \u00a0 la \u00a0 comp\u00e9tence\u00a0 des\u00a0 services\ncommunaux\u00a0ou\u00a0pr\u00e9fectoraux\u00a0;\n- lutte\u00a0contre\u00a0la\u00a0pr\u00e9sence\u00a0de\u00a0plomb,\u00a0en\u00a0application\u00a0des\u00a0articles\u00a0L.1331-22,\u00a0L.1334-1\u00a0et\u00a0suivants\u00a0du\u00a0code\nde\u00a0la\u00a0sant\u00e9\u00a0publique\u00a0(hors\u00a0ex\u00e9cution\u00a0d'office\u00a0des\u00a0travaux\u00a0et\u00a0substitution\u00a0pour\u00a0l'h\u00e9bergement).\u00a0Les\nproc\u00e9dures\u00a0cons\u00e9cutives\u00a0\u00e0\u00a0une\u00a0d\u00e9faillance\u00a0du\u00a0propri\u00e9taire,\u00a0copropri\u00e9taire\u00a0ou\u00a0exploitant\u00a0demeurent\u00a0de\u00a0la\ncomp\u00e9tence\u00a0des\u00a0services\u00a0pr\u00e9fectoraux\u00a0;\n- lutte\u00a0contre\u00a0la\u00a0pr\u00e9sence\u00a0d'amiante,\u00a0en\u00a0application\u00a0des\u00a0articles\u00a0L.1334-12-1,\u00a0L.1334-15,\u00a0R.1334-29-8,\nR.1334-29-9\u00a0du\u00a0code\u00a0de\u00a0la\u00a0sant\u00e9\u00a0publique\u00a0;\n- contr\u00f4le\u00a0sanitaire\u00a0des\u00a0piscines\u00a0et\u00a0baignades\u00a0ouvertes\u00a0au\u00a0public,\u00a0d\u00e9claration\u00a0d'ouverture,\u00a0propositions\u00a0de\nmesures\u00a0correctives,\u00a0interdiction,\u00a0mesures\u00a0d'urgence,\u00a0informations\u00a0relatives\u00a0aux\u00a0r\u00e9sultats\u00a0en\u00a0application\ndes\u00a0articles\u00a0L.1332-1\u00a0et\u00a0suivants,\u00a0L.1337-1\u00a0et\u00a0D.1332-1\u00a0\u00e0\u00a0D.1332-54\u00a0du\u00a0code\u00a0de\u00a0la\u00a0sant\u00e9\u00a0publique\u00a0;\n- lutte\u00a0contre\u00a0les\u00a0nuisances\u00a0sonores\u00a0li\u00e9es\u00a0aux\u00a0lieux\u00a0diffusant\u00a0des\u00a0sons\u00a0amplifi\u00e9s\u00a0\u00e0\u00a0des\u00a0niveaux\u00a0sonores\n\u00e9lev\u00e9s,\u00a0en\u00a0application\u00a0des\u00a0articles\u00a0L.171-8\u00a0(hors\u00a0ex\u00e9cution\u00a0d'office\u00a0des\u00a0mesures\u00a0prescrites)\u00a0et\u00a0R.571-25\n\u00e0\u00a0R.571-28\u00a0du\u00a0code\u00a0de\u00a0l'environnement\u00a0et\u00a0R.1336-1\u00a0\u00e0\u00a0R.1336-3\u00a0du\u00a0code\u00a0de\u00a0la\u00a0sant\u00e9\u00a0publique\u00a0;\n- suivi\u00a0des\u00a0fili\u00e8res\u00a0de\u00a0collectes\u00a0et\u00a0de\u00a0traitements\u00a0des\u00a0d\u00e9chets\u00a0d'activit\u00e9\u00a0de\u00a0soins\u00a0\u00e0\u00a0risques\u00a0infectieux\u00a0dans\nle\u00a0cadre\u00a0de\u00a0l'arr\u00eat\u00e9\u00a0d'autorisation\u00a0des\u00a0appareils\u00a0de\u00a0d\u00e9sinfection\u00a0d\u00e9livr\u00e9s\u00a0par\u00a0le\u00a0pr\u00e9fet,\u00a0en\u00a0application\u00a0des\narticles\u00a0R.1335-6\u00a0et\u00a0R.1335-7\u00a0du\u00a0code\u00a0de\u00a0la\u00a0sant\u00e9\u00a0publique\u00a0;\n- application\u00a0des\u00a0dispositions\u00a0relatives\u00a0aux\u00a0pollutions\u00a0atmosph\u00e9riques\u00a0prises\u00a0dans\u00a0l'int\u00e9r\u00eat\u00a0de\u00a0la\u00a0sant\u00e9\npublique,\u00a0en\u00a0application\u00a0de\u00a0l'article\u00a0L.1335-1\u00a0du\u00a0code\u00a0la\u00a0sant\u00e9\u00a0publique\u00a0;\n- application\u00a0 des\u00a0 dispositions\u00a0 relatives\u00a0 \u00e0 \u00a0 la \u00a0 protection\u00a0 contre\u00a0 le \u00a0 risque\u00a0 d'exposition\u00a0 au \u00a0 radon,\u00a0 en\napplication\u00a0de\u00a0l'article\u00a0L.1333-10\u00a0du\u00a0code\u00a0de\u00a0la\u00a0sant\u00e9\u00a0publique\u00a0;\n- lutte\u00a0anti-vectorielle,\u00a0en\u00a0application\u00a0de\u00a0l'article\u00a0R.3114-9\u00a0du\u00a0code\u00a0de\u00a0la\u00a0sant\u00e9\u00a0publique.\n3. Autres domaines de sant\u00e9 publique      \n- D\u00e9signation\u00a0des\u00a0trois\u00a0m\u00e9decins\u00a0et\u00a0composition\u00a0par\u00a0arr\u00eat\u00e9\u00a0du\u00a0comit\u00e9\u00a0m\u00e9dical\u00a0charg\u00e9\u00a0de\u00a0donner\u00a0un\u00a0avis\u00a0sur\nl'aptitude\u00a0physique\u00a0ou\u00a0mentale\u00a0des\u00a0praticiens\u00a0hospitaliers\u00a0et\u00a0des\u00a0\u00e9tudiants\u00a0en\u00a0m\u00e9decine,\u00a0odontologie\u00a0et\npharmacie,\u00a0en\u00a0application\u00a0des\u00a0dispositions\u00a0des\u00a0chapitres\u00a0II\u00a0et\u00a0III\u00a0du\u00a0Titre\u00a0V\u00a0du\u00a0Livre\u00a0I\u00a0-\u00a0Sixi\u00e8me\u00a0partie\u00a0du\u00a0\ncode\u00a0de\u00a0la\u00a0sant\u00e9\u00a0publique\u00a0;\n- Placement\u00a0par\u00a0arr\u00eat\u00e9\u00a0des\u00a0praticiens\u00a0hospitaliers\u00a0en\u00a0cong\u00e9s\u00a0longue\u00a0dur\u00e9e,\u00a0en\u00a0application\u00a0de\u00a0l'article\nR.6152-39\u00a0du\u00a0code\u00a0de\u00a0la\u00a0sant\u00e9\u00a0publique,\u00a0et\u00a0placement\u00a0par\u00a0arr\u00eat\u00e9\u00a0en\u00a0service\u00a0\u00e0\u00a0temps\u00a0partiel\u00a0pour\u00a0raison\n2/4\n03_Pr\u00e9f_Pr\u00e9fecture de l'Allier - 03-2026-02-05-00001 - Extrait de l'arr\u00eat\u00e9 n\u00b0 202/2026 du 05 f\u00e9vrier 2026 portant d\u00e9l\u00e9gation de\nsignature \u00e0 Madame C\u00e9cile COURREGES, directrice g\u00e9n\u00e9rale de l'agence r\u00e9gionale de sant\u00e9 Auvergne-Rh\u00f4ne-Alpes 5\nth\u00e9rapeutique\u00a0cons\u00e9cutif\u00a0\u00e0\u00a0un\u00a0placement\u00a0en\u00a0cong\u00e9s\u00a0de\u00a0longue\u00a0dur\u00e9e,\u00a0en\u00a0application\u00a0de\u00a0l'article\u00a0R.6152-\n43\u00a0du\u00a0code\u00a0de\u00a0la\u00a0sant\u00e9\u00a0publique.\nArticle     2     :\u00a0En\u00a0cas\u00a0d'absence\u00a0ou\u00a0d'emp\u00eachement\u00a0de\u00a0Mme\u00a0C\u00e9cile\u00a0COURREGES,\u00a0directrice\u00a0g\u00e9n\u00e9rale\u00a0 de\nl'agence\u00a0r\u00e9gionale\u00a0de\u00a0sant\u00e9\u00a0Auvergne-Rh\u00f4ne-Alpes,\u00a0d\u00e9l\u00e9gation\u00a0de\u00a0signature\u00a0est\u00a0donn\u00e9e\u00a0:\na. pour\u00a0les\u00a0d\u00e9cisions\u00a0et\u00a0documents\u00a0relevant\u00a0des\u00a0domaines\u00a0d'activit\u00e9\u00a0pr\u00e9cis\u00e9s\u00a0dans\u00a0l'ensemble\u00a0de\u00a0l'article\u00a01\ndu\u00a0pr\u00e9sent\u00a0arr\u00eat\u00e9,\u00a0\u00e0\u00a0M. Igor BUSSCHAERT,\u00a0directeur\u00a0g\u00e9n\u00e9ral\u00a0adjoint\u00a0;\nb. pour\u00a0les\u00a0d\u00e9cisions\u00a0et\u00a0documents\u00a0relevant\u00a0des\u00a0domaines\u00a0d'activit\u00e9\u00a0pr\u00e9cis\u00e9s\u00a0dans\u00a0l'article\u00a01-1\u00a0du\u00a0pr\u00e9sent\narr\u00eat\u00e9,\u00a0\u00e0\u00a0M. St\u00e9phane DELEAU,\u00a0directeur\u00a0inspection,\u00a0justice,\u00a0usagers.\nEn\u00a0cas\u00a0d'absence\u00a0ou\u00a0 d'emp\u00eachement\u00a0de\u00a0M.\u00a0 St\u00e9phane\u00a0 DELEAU,\u00a0d\u00e9l\u00e9gation\u00a0de\u00a0signature\u00a0est\ndonn\u00e9e\u00a0\u00e0\u00a0:\n- Mme\u00a0Aur\u00e9lie VAISSEIX, responsable\u00a0du\u00a0p\u00f4le\u00a0sant\u00e9-justice,\n- Mme Karine MICHAUD, responsable\u00a0du\u00a0service\u00a0soins\u00a0sans\u00a0consentement\u00a0et\u00a0sant\u00e9\u00a0des\u00a0d\u00e9tenus.\nc. pour\u00a0les\u00a0d\u00e9cisions\u00a0et\u00a0documents\u00a0relevant\u00a0des\u00a0domaines\u00a0d'activit\u00e9\u00a0pr\u00e9cis\u00e9s\u00a0dans\u00a0l'article\u00a01-2\u00a0du\u00a0pr\u00e9sent\narr\u00eat\u00e9,\u00a0\u00e0 M.\u00a0Aymeric BOGEY,\u00a0directeur\u00a0de\u00a0la\u00a0sant\u00e9\u00a0publique.\nEn\u00a0cas\u00a0d'absence\u00a0ou\u00a0d'emp\u00eachement\u00a0de\u00a0M.\u00a0Aymeric\u00a0BOGEY,\u00a0d\u00e9l\u00e9gation\u00a0de\u00a0signature\u00a0est\u00a0donn\u00e9e\n\u00e0\u00a0Mme\u00a0Patricia SALOMON,\u00a0directrice\u00a0d\u00e9l\u00e9gu\u00e9e\u00a0de\u00a0la\u00a0sant\u00e9\u00a0publique\u00a0;\nEn\u00a0cas\u00a0d'absence\u00a0ou\u00a0d'emp\u00eachement\u00a0de \u00a0M.\u00a0Aymeric\u00a0BOGEY\u00a0et\u00a0de\u00a0Mme\u00a0Patricia\u00a0SALOMON,\nd\u00e9l\u00e9gation\u00a0 de \u00a0 signature\u00a0 est \u00a0 donn\u00e9e\u00a0 \u00e0 \u00a0M.  Bruno  FABRES, \u00a0 responsable\u00a0 du \u00a0 p\u00f4le\u00a0 sant\u00e9\u00a0 et\nenvironnement,\u00a0\u00e0\u00a0la\u00a0direction\u00a0de\u00a0la\u00a0sant\u00e9\u00a0publique.\nd. pour\u00a0les\u00a0d\u00e9cisions\u00a0et\u00a0documents\u00a0relevant\u00a0des\u00a0domaines\u00a0d'activit\u00e9\u00a0pr\u00e9cis\u00e9s\u00a0dans\u00a0l'article\u00a01-3\u00a0du\u00a0pr\u00e9sent\narr\u00eat\u00e9,\u00a0\u00e0\u00a0Mme\u00a0C\u00e9cile BEHAGHEL,\u00a0directrice\u00a0de\u00a0l'offre\u00a0de\u00a0soins\u00a0;\nEn\u00a0cas\u00a0d'absence\u00a0ou\u00a0d'emp\u00eachement\u00a0de\u00a0Mme\u00a0C\u00e9cile\u00a0BEHAGHEL,\u00a0d\u00e9l\u00e9gation\u00a0de\u00a0signature\u00a0est\ndonn\u00e9e\u00a0\u00e0 M. Yann LEQUET,\u00a0directeur\u00a0d\u00e9l\u00e9gu\u00e9\u00a0de\u00a0la\u00a0direction\u00a0de\u00a0l'offre\u00a0de\u00a0soins.\nEn\u00a0cas\u00a0d'absence\u00a0ou\u00a0d'emp\u00eachement\u00a0de\u00a0M.\u00a0Yann\u00a0LEQUET ,\u00a0d\u00e9l\u00e9gation\u00a0de\u00a0signature\u00a0est\u00a0donn\u00e9e\u00a0\u00e0\nM. Bertrand COUDERT ,\u00a0responsable\u00a0interd\u00e9partemental\u00a0de\u00a0l'offre\u00a0de\u00a0soins\u00a0hospitali\u00e8re.\nArticle     3  \u00a0:\u00a0En\u00a0cas\u00a0d'absence\u00a0ou\u00a0d'emp\u00eachement\u00a0des\u00a0d\u00e9l\u00e9gataires\u00a0pr\u00e9vus \u00a0\u00e0\u00a0 l'article\u00a02,\u00a0d\u00e9l\u00e9gation\u00a0de\nsignature\u00a0est\u00a0donn\u00e9e\u00a0pour\u00a0les\u00a0d\u00e9cisions\u00a0et\u00a0documents\u00a0relevant\u00a0des\u00a0domaines\u00a0d'activit\u00e9\u00a0 pr\u00e9cis\u00e9s\u00a0dans\nl'ensemble\u00a0 de\u00a0 l'article\u00a01.\u00a0 2 \u00a0 \u00ab\u00a0sant\u00e9\u00a0 environnementale\u00a0\u00bb \u00a0du\u00a0 pr\u00e9sent\u00a0 arr\u00eat\u00e9,\u00a0 \u00e0\u00a0 Mme Laura ESCALE ,\ndirectrice\u00a0 de \u00a0 la \u00a0 d\u00e9l\u00e9gation\u00a0 d\u00e9partementale\u00a0 de \u00a0 l'Allier,\u00a0 et \u00a0en \u00a0 cas\u00a0 d'absence\u00a0 ou \u00a0 d'emp\u00eachement\u00a0 de\nMme\u00a0Laura\u00a0ESCALE,\u00a0\u00e0\u00a0M.\u00a0Ernest ELLONG-KOTTO,\u00a0directeur\u00a0adjoint\u00a0de\u00a0la\u00a0d\u00e9l\u00e9gation\u00a0d\u00e9partementale\u00a0de\nl'Allier.\nEn\u00a0 cas\u00a0 d'absence\u00a0 ou\u00a0 d'emp\u00eachement\u00a0 de\u00a0 Mme\u00a0 Laura\u00a0 ESCALE\u00a0 et\u00a0 de\u00a0 M.\u00a0 Ernest\u00a0 ELLONG-KOTTO,\nd\u00e9l\u00e9gation\u00a0de\u00a0signature\u00a0est\u00a0donn\u00e9e\u00a0dans\u00a0leurs\u00a0domaines\u00a0de\u00a0comp\u00e9tence\u00a0\u00e0\u00a0:\n- Mme\u00a0Isabelle PIONNIER\n- Mme\u00a0Isabelle VALMORT\n- M. Albin DELOLME\n- Mme\u00a0C\u00e9cile ALLARD (DD\u00a042)\n- Mme Myriam PIONIN (DD\u00a042)\net\u00a0aux\u00a0m\u00e9decins\u00a0de\u00a0veille\u00a0sanitaire\u00a0:\n- Docteur Julien BERRA (DSP)\n- Docteur Muriel DEHER (DSP)\n- Docteur\u00a0Olivier GAGET (DSP)\n- Docteur\u00a0C\u00e9cile MARIE (DSP)\n- Docteur\u00a0Anne-Sophie RONNAUX-BARON (DSP)\n- Docteur Mathilde BALLET\u00a0(DSP)\n- Docteur No\u00e9mie ROSSELLO (DSP)\n- Monsieur Anselme PASCAL (DSP)\n3/4\n03_Pr\u00e9f_Pr\u00e9fecture de l'Allier - 03-2026-02-05-00001 - Extrait de l'arr\u00eat\u00e9 n\u00b0 202/2026 du 05 f\u00e9vrier 2026 portant d\u00e9l\u00e9gation de\nsignature \u00e0 Madame C\u00e9cile COURREGES, directrice g\u00e9n\u00e9rale de l'agence r\u00e9gionale de sant\u00e9 Auvergne-Rh\u00f4ne-Alpes 6\nArticle     4  \u00a0:\u00a0Les\u00a0dispositions\u00a0de\u00a0l'arr\u00eat\u00e9\u00a0pr\u00e9fectoral\u00a0n\u00b0\u00a02235/2025\u00a0du\u00a013\u00a0octobre\u00a02025\u00a0portant\u00a0d\u00e9l\u00e9gation\nde \u00a0 signature \u00a0 \u00e0 \u00a0 Mme \u00a0 C\u00e9cile \u00a0 COURREGES, \u00a0 directrice \u00a0 g\u00e9n\u00e9rale \u00a0 de \u00a0 l'agence \u00a0 r\u00e9gionale \u00a0 de \u00a0 sant\u00e9\nAuvergne-Rh\u00f4ne-Alpes,\u00a0sont\u00a0abrog\u00e9es.\nArticle     5  \u00a0:\u00a0Les\u00a0dispositions\u00a0du\u00a0pr\u00e9sent\u00a0arr\u00eat\u00e9\u00a0entrent\u00a0en\u00a0vigueur\u00a0le\u00a0lendemain\u00a0du\u00a0jour\u00a0de\u00a0sa\u00a0publication\u00a0au\nrecueil\u00a0des\u00a0actes\u00a0administratifs\u00a0de\u00a0la\u00a0pr\u00e9fecture\u00a0de\u00a0l'Allier.\nArticle     6   :\u00a0Un\u00a0recours\u00a0contre\u00a0le\u00a0pr\u00e9sent\u00a0arr\u00eat\u00e9\u00a0peut\u00a0\u00eatre\u00a0form\u00e9\u00a0devant\u00a0le\u00a0Tribunal\u00a0Administratif\u00a0de\u00a0Clermont-\nFerrand\u00a0dans\u00a0un\u00a0d\u00e9lai\u00a0de\u00a0deux\u00a0mois\u00a0\u00e0\u00a0compter\u00a0de\u00a0sa\u00a0publication.\u00a0En\u00a0application\u00a0du\u00a0d\u00e9cret\u00a0n\u00b0\u00a02018-251\u00a0du\n6\u00a0avril\u00a02018,\u00a0les\u00a0particuliers\u00a0et\u00a0les\u00a0personnes\u00a0morales\u00a0de\u00a0droit\u00a0priv\u00e9\u00a0non\u00a0repr\u00e9sent\u00e9s\u00a0par\u00a0un\u00a0avocat\u00a0peuvent\ncommuniquer\u00a0avec\u00a0un\u00a0Tribunal\u00a0administratif\u00a0par\u00a0la\u00a0voie\u00a0de\u00a0l'application\u00a0informatique\u00a0\u00abT\u00e9l\u00e9recours\u00a0citoyens\u00a0\u00bb\nsur\u00a0le\u00a0site\u00a0www.telerecours.fr.\nArticle     7  \u00a0:\u00a0Le\u00a0secr\u00e9taire\u00a0g\u00e9n\u00e9ral\u00a0de\u00a0la\u00a0pr\u00e9fecture\u00a0de\u00a0l'Allier\u00a0et\u00a0la\u00a0directrice\u00a0g\u00e9n\u00e9rale\u00a0de\u00a0l'agence\u00a0r\u00e9gionale\u00a0de\nsant\u00e9\u00a0d'Auvergne-Rh\u00f4ne-Alpes\u00a0sont\u00a0charg\u00e9s,\u00a0chacun\u00a0en\u00a0ce\u00a0qui\u00a0le\u00a0concerne,\u00a0de\u00a0l'ex\u00e9cution\u00a0du\u00a0pr\u00e9sent\narr\u00eat\u00e9\u00a0qui\u00a0sera\u00a0publi\u00e9\u00a0au\u00a0recueil\u00a0des\u00a0actes\u00a0administratifs\u00a0de\u00a0la\u00a0pr\u00e9fecture\u00a0de\u00a0l'Allier.\nLe\u00a0Pr\u00e9fet\nSign\u00e9\nChristophe\u00a0NO\u00cbL\u00a0du\u00a0PAYRAT\n4/4\n03_Pr\u00e9f_Pr\u00e9fecture de l'Allier - 03-2026-02-05-00001 - Extrait de l'arr\u00eat\u00e9 n\u00b0 202/2026 du 05 f\u00e9vrier 2026 portant d\u00e9l\u00e9gation de\nsignature \u00e0 Madame C\u00e9cile COURREGES, directrice g\u00e9n\u00e9rale de l'agence r\u00e9gionale de sant\u00e9 Auvergne-Rh\u00f4ne-Alpes 7\n03_Pr\u00e9f_Pr\u00e9fecture de l'Allier\n03-2026-02-05-00002\n20260206 RAA arr\u00eat\u00e9 rave party\n03_Pr\u00e9f_Pr\u00e9fecture de l'Allier - 03-2026-02-05-00002 - 20260206 RAA arr\u00eat\u00e9 rave party 8\nEsPREFETDE L'ALLIERLibert\u00e9Egalit\u00e9Fraternit\u00e9\nExtrait de l'ARR\u00caT\u00c9 N\u00b0 203 /2026\nportant interdiction temporaire de rassemblements de personnes avec diffusion\nde musique amplifi\u00e9e dans le d\u00e9partement de l'Allier\n--------------\nLe Pr\u00e9fet de l'Allier\nChevalier de l'Ordre national du M\u00e9rite\nARR\u00caTE\nARTICLE 1 : Tout rassemblement de type rave-party, free-party ou teknival est interdit sur\nla totalit\u00e9 du territoire du d\u00e9partement de l'Allier pour la p\u00e9riode suivante :\n\u2013 du vendredi 6 f\u00e9vrier 2026 \u00e0 partir de 18 h jusqu'au lundi 9 f\u00e9vrier 2026 \u00e0 20 h inclus.\nARTICLE 2 : La circulation de tout v\u00e9hicule transportant du mat\u00e9riel de sons \u00e0 destination\nd'un rassemblement festif non-d\u00e9clar\u00e9 \u00e0 caract\u00e8re musical, et notamment tout groupe\n\u00e9lectrog\u00e8ne de puissance sup\u00e9rieure \u00e0 10 kilovoltamp\u00e8res et de poids sup\u00e9rieur \u00e0 100  kg,\nsonorisation, sound system, amplificateurs, est interdite sur le territoire des communes du\nd\u00e9partement de l'Allier :\n\u2013 du vendredi 6 f\u00e9vrier 2026 \u00e0 partir de 18 h jusqu'au lundi 9 f\u00e9vrier 2026 \u00e0 20 h inclus.\nARTICLE 3 : Toute infraction au pr\u00e9sent arr\u00eat\u00e9 est passible des sanctions pr\u00e9vues par le\ncode p\u00e9nal, notamment de la confiscation du mat\u00e9riel saisi.\nARTICLE  4 :  La  sous-pr\u00e9f\u00e8te  directrice  de  cabinet  du  pr\u00e9fet  de  l'Allier,  le  colonel\ncommandant le groupement de gendarmerie d\u00e9partementale de l'Allier et le directeur\nd\u00e9partemental de la police nationale de l'Allier, sont charg\u00e9s chacun en ce qui le concerne,\nde l'ex\u00e9cution du pr\u00e9sent arr\u00eat\u00e9 qui sera publi\u00e9 au recueil des actes administratifs de la\npr\u00e9fecture.\nMoulins, le 05/02/2026,\nPour le pr\u00e9fet, et par d\u00e9l\u00e9gation,\n       La sous-pr\u00e9f\u00e8te, directrice de cabinet, \n                                                                            Sign\u00e9\nCyrielle FRANCHI\nVoies et d\u00e9lais de recours  : Le pr\u00e9sent arr\u00eat\u00e9 peut faire l'objet d'un recours gracieux aupr\u00e8s du\npr\u00e9fet de l'Allier et d'un recours hi\u00e9rarchique aupr\u00e8s du ministre de l'Int\u00e9rieur et des Outre-mer.\nConform\u00e9ment aux dispositions des articles R 421-1 \u00e0 R 421-5 du code de justice administrative,\nle pr\u00e9sent arr\u00eat\u00e9 peut faire l'objet d'un recours contentieux devant le tribunal administratif de\nClermont-Ferrand, dans le d\u00e9lai de deux mois \u00e0 compter de sa notification ou de sa publication. Le\ntribunal  administratif  peut  \u00eatre  saisi  par  l'application  informatique  \u00ab  T\u00e9l\u00e9recours  citoyens  \u00bb\naccessible par le site internet www.telerecours.fr\n1/1\nCabinet\nBureau de la s\u00e9curit\u00e9 int\u00e9rieure\n03_Pr\u00e9f_Pr\u00e9fecture de l'Allier - 03-2026-02-05-00002 - 20260206 RAA arr\u00eat\u00e9 rave party 9\n03_SGCD03\n03-2026-02-04-00002\nRAA subdeleg ordo-second SGC fev26\n03_SGCD03 - 03-2026-02-04-00002 - RAA subdeleg ordo-second SGC fev26 10\nSECRETARIAT GENERAL COMMUN DEPARTEMENTAL\nExtrait de l'arr\u00eat\u00e9 n\u00b0 194-2026 du 4 f\u00e9vrier 2026 portant subd\u00e9l\u00e9gation de signature en mati\u00e8re \nd'ordonnancement secondaire \nARTICLE 1\nEn cas d'absence ou d'emp\u00eachement, Mme Florence DUFOUR, directrice du secr\u00e9tariat g\u00e9n\u00e9ral commun de\nl'Allier, subd\u00e9l\u00e9gation de signature en mati\u00e8re d'ordonnancement secondaire est donn\u00e9e \u00e0 M. Dominique\nDARNET, chef du bureau interminist\u00e9riel de la logistique et de l'immobilier .\nARTICLE 2\nEn cas d'absence ou d'emp\u00eachement simultan\u00e9 de la directrice du secr\u00e9tariat g\u00e9n\u00e9ral commun et du chef du\nbureau  interminist\u00e9riel  de  la  logistique  et  de  l'immobilier,  la  subd\u00e9l\u00e9gation  de  signature  en  mati\u00e8re\nd'ordonnancement secondaire sera exerc\u00e9e par M. St\u00e9phane CHABRIER, chef du bureau interminist\u00e9riel du\nbudget et de la commande publique, dans la limite de 10.000 \u20ac TTC. \nARTICLE 3\nEn cas d'absence ou d'emp\u00eachement de M. St\u00e9phane  CHABRIER, la subd\u00e9l\u00e9gation de  signature  sera\nexerc\u00e9e  par  Mme  St\u00e9phanie  DORIAT,  adjointe  au  chef  du  bureau  interminist\u00e9riel  du  budget  et  de  la\ncommande publique dans la limite de 5000 \u20ac.\nARTICLE 4\nAu titre de l'article 6 de l'arr\u00eat\u00e9 conf\u00e9rant d\u00e9l\u00e9gation de signature \u00e0 Mme Florence DUFOUR en mati\u00e8re\nd'ordonnancement secondaire pour la validation des actes d\u00e9mat\u00e9rialis\u00e9s, les agents du secr\u00e9tariat g\u00e9n\u00e9ral\ncommun  dont  les  noms  suivent  re\u00e7oivent  d\u00e9l\u00e9gation  de  signature  et  sont  habilit\u00e9s  \u00e0  valider  dans  les\napplications financi\u00e8res et interfaces CHORUS, pour les programmes dont la liste figure en annexe  : \nCHORUS, CHORUS Formulaires (actes relatifs \u00e0 la validation des demandes d'achat et \u00e0 la certification\ndu service fait) et CHORUS DT (validation des ordres de mission et des \u00e9tats de frais)\nM. St\u00e9phane CHABRIER Chef du bureau interminist\u00e9riel du budget de la \ncommande publique\nMme St\u00e9phanie DORIAT Adjointe au chef du bureau interminist\u00e9riel du \nbudget de la commande publique\nMme Audrey LUQUET Gestionnaire budg\u00e9taire\nMme C\u00e9lia CLAUDE Gestionnaire budg\u00e9taire\nM. Patrice ROBERT Gestionnaire budg\u00e9taire\nMme Anne FRADIER Gestionnaire budg\u00e9taire\nCHORUS DT (validation des ordres de mission et des \u00e9tats de frais)\nMme Sandrine COURDA V AULT Charg\u00e9e des achats\n03_SGCD03 - 03-2026-02-04-00002 - RAA subdeleg ordo-second SGC fev26 11\nARTICLE 5\nL'arr\u00eat\u00e9 n\u00b0 2974/2025 du 30 d\u00e9cembre 2025 est abrog\u00e9.\nARTICLE 6\nLe chef du bureau interminist\u00e9riel de la logistique et de l'immobilier et le chef du bureau interminist\u00e9riel du\nbudget et de la commande publique sont charg\u00e9s de l'ex\u00e9cution du pr\u00e9sent arr\u00eat\u00e9 de subd\u00e9l\u00e9gation qui sera\npubli\u00e9 au recueil des actes administratifs de la pr\u00e9fecture de l'Allier.\nARTICLE 7\nLe pr\u00e9sent arr\u00eat\u00e9 peut faire l'objet d'un recours contentieux devant le tribunal administratif de Clermont-\nFerrand, dans le d\u00e9lai de deux mois suivant sa publication au recueil des actes administratifs (RAA), soit par\ncourrier,  soit  par  l'application  T\u00e9l\u00e9recours,  accessible  sur  le  site  www.telerecours.fr.  Tout  recours\nadministratif pr\u00e9alable (gracieux ou hi\u00e9rarchique) ou devant une juridiction incomp\u00e9tente n'interrompt pas\nce d\u00e9lai.\nFait \u00e0 Moulins, le 4 f\u00e9vrier 2026\nLa directrice \ndu secr\u00e9tariat g\u00e9n\u00e9ral commun\nSign\u00e9\nFlorence DUFOUR\n03_SGCD03 - 03-2026-02-04-00002 - RAA subdeleg ordo-second SGC fev26 12","date":"2026-02-05","first_seen_on":"2026-02-05T17:05:12+00:00","id":"e590dae367e40e49a4589e78ff52eed7590f34d1c1e1df4ad30033f15d30a9bc","name":"recueil nr sp\u00e9cial - \u00e9dit\u00e9 le 05 f\u00e9vrier 2026","pdf_creation_date":"2026-02-05T15:17:04+00:00","pdf_modification_date":null,"timezone":"Europe/Paris","url":"https://www.allier.gouv.fr/contenu/telechargement/19473/132801/file/recueil-03-2026-031-recueil-des-actes-administratifs-special.pdf"}
